{"id":1036,"date":"2017-07-30T17:22:00","date_gmt":"2017-07-30T14:22:00","guid":{"rendered":"https:\/\/tarihkursu.com\/index.php\/2017\/07\/30\/44-i-dunya-savasi-osmanli-devletinin-savastigi-cepheler\/"},"modified":"2017-07-30T17:22:00","modified_gmt":"2017-07-30T14:22:00","slug":"44-i-dunya-savasi-osmanli-devletinin-savastigi-cepheler","status":"publish","type":"post","link":"https:\/\/tarihkursu.com\/index.php\/2017\/07\/30\/44-i-dunya-savasi-osmanli-devletinin-savastigi-cepheler\/","title":{"rendered":"44- I. D\u00dcNYA SAVA\u015eI, OSMANLI DEVLET\u0130N\u0130N SAVA\u015eTI\u011eI CEPHELER"},"content":{"rendered":"<p><span style=\"font-size: large;\"><span style=\"color: red;\"><b>I. D\u00dcNYA SAVA\u015eI<\/b><\/span><br \/><b>Genel Nedenler<\/b><br \/>\u2022Ham Madde ve Pazar Aray\u0131\u015f\u0131<br \/>\u2022Milliyet\u00e7ilik D\u00fc\u015f\u00fcncesi<br \/>\u2022Silahlanma Yar\u0131\u015f\u0131<a name='more'><\/a><\/p>\n<p><b>\u00d6zel Nedenler:<\/b><br \/>\u2022Almanya&#8217;n\u0131n 19. y\u00fczy\u0131l sonlar\u0131ndan ba\u015flayarak b\u00fcy\u00fck bir h\u0131zla silahlanmaya ba\u015flamas\u0131, en b\u00fcy\u00fck s\u00f6m\u00fcrgeci devlet olan \u0130ngiltere\u2019nin \u00e7\u0131karlar\u0131n\u0131 tehlikeye d\u00fc\u015f\u00fcrmesi.<br \/>\u2022Fransa&#8217;n\u0131n 1871&#8217;de Almanya&#8217;ya b\u0131rakt\u0131\u011f\u0131 Alsace &#8211; Loraines&#8217;i geri almak istemesi<br \/>\u2022Rusya\u2019n\u0131n Panslavist politikas\u0131n\u0131n Avusturya &#8211; Macaristan imparatorlu\u011fu&#8217;nun \u00e7\u0131karlar\u0131na ters d\u00fc\u015fmesi<br \/>\u2022S\u0131rbistan&#8217;\u0131n, Avusturya \u2013 Macaristan\u2019dan toprak istemesi <br \/>\u2022Rusya\u2019n\u0131n s\u0131cak denizlere ula\u015fmak i\u00e7in Panslavizm politikas\u0131na a\u011f\u0131rl\u0131k vermesi <br \/>\u2022\u0130talya\u2019n\u0131n Akdeniz havzas\u0131nda s\u00f6m\u00fcrge elde etmek istemesi. <br \/>\u2022Osmanl\u0131 Devleti\u2019nin toprak b\u00fct\u00fcnl\u00fc\u011f\u00fcn\u00fc korumakta ve baz\u0131 kazan\u0131mlar elde etmek istemesi. <br \/>\u2022Bulgaristan\u2019\u0131n Balkanlarda daha fazla toprak elde etmek istemesi <br \/>\u2022Avusturya &#8211; Macaristan Veliaht\u0131n\u0131n bir S\u0131rp milliyet\u00e7isi taraf\u0131ndan \u00f6ld\u00fcr\u00fclmesi <\/p>\n<p><b>Sava\u015f\u0131n Taraflar\u0131<\/b><br \/>\u2022Sava\u015f ba\u015f\u0131nda devletler aras\u0131nda blokla\u015fma ya\u015fanm\u0131\u015ft\u0131r. Bunlar: <\/p>\n<p>\u00dc\u00e7l\u00fc itilaf (Anla\u015fma): \u0130ngiltere, Fransa, Rusya <\/p>\n<p>\u00dc\u00e7l\u00fc \u0130ttifak (Ba\u011fla\u015fma): Almanya. Avusturya &#8211; Macaristan, \u0130talya<br \/>\u2022\u0130talya sava\u015f s\u0131ras\u0131nda taraf de\u011fi\u015ftirerek \u0130tilaf Devletlerinin yan\u0131na ge\u00e7mi\u015ftir.<br \/>\u2022Romanya, Japonya, ABD ve Yunanistan itilaf devletlerinin yan\u0131nda sava\u015fa kat\u0131lm\u0131\u015ft\u0131r.<br \/>\u2022Osmanl\u0131 Devleti ve Bulgaristan bir d\u00f6nem sonra \u0130ttifak grubu yan\u0131nda sava\u015fa kat\u0131lm\u0131\u015ft\u0131r.<\/p>\n<p>\u2022Japonya, Uzak Do\u011fu\u2019da bulunan Alman s\u00f6m\u00fcrgelerini ele ge\u00e7irmek i\u00e7in sava\u015fa girmi\u015f ve amac\u0131na k\u0131sa s\u00fcrede ula\u015fm\u0131\u015ft\u0131r. 1. D\u00fcnya Sava\u015f\u0131&#8217;ndan ilk olarak Japonya \u00e7ekilmi\u015ftir.<\/p>\n<p><b>Osmanl\u0131 Devleti\u2019nin Sava\u015fa Giri\u015fi<\/b><br \/>\u2022Osmanl\u0131 y\u00f6netimi sava\u015f ba\u015flad\u0131\u011f\u0131nda tarafs\u0131z oldu\u011funu ilan etmi\u015f, Bo\u011fazlar\u0131n kapat\u0131ld\u0131\u011f\u0131n\u0131 ve kapit\u00fclasyonlar\u0131n tek tarafl\u0131 olarak kald\u0131r\u0131ld\u0131\u011f\u0131n\u0131 ifade etmi\u015ftir.<br \/>\u2022Sava\u015f\u0131n d\u0131\u015f\u0131nda kalamayaca\u011f\u0131n\u0131 anlayan Osmanl\u0131 Devleti ilk olarak \u0130ngiltere ve Fransa ile ba\u011flant\u0131 kurmak istemi\u015f fakat reddedilmi\u015ftir. Bunun en b\u00fcy\u00fck nedeni Rusya\u2019y\u0131 kendi yanlar\u0131nda tutmak istemeleridir.<br \/>\u2022Almanya ise Osmanl\u0131 Devleti\u2019nin kendi yan\u0131nda sava\u015fa girmesi i\u00e7in b\u00fcy\u00fck \u00e7aba harcam\u0131\u015ft\u0131r.<\/p>\n<p><b>Almanya\u2019n\u0131n Osmanl\u0131 Devletini Yan\u0131nda \u0130stemesinin Nedenleri:<\/b><br \/>\u2022Halifenin n\u00fcfuzundan yararlanmak<br \/>\u2022\u0130ngiltere\u2019nin Hint s\u00f6m\u00fcrge yolunu ele ge\u00e7irmek<br \/>\u2022Yeni cepheler a\u00e7\u0131lmas\u0131n\u0131 sa\u011flayarak, kendi asker\u00ee y\u00fck\u00fcn\u00fc hafifletmek<br \/>\u2022Osmanl\u0131 insan g\u00fcc\u00fcnden ve ham madde kaynaklar\u0131ndan yararlanmak (Musul-Kerk\u00fck petrollerinden yararlanma d\u00fc\u015f\u00fcncesi)<br \/>\u2022Osmanl\u0131 Devleti\u2019nin co\u011frafi konumunu ve Bo\u011fazlar\u0131 kullanmak<br \/>\u2022Rusya\u2019ya yap\u0131lacak yard\u0131mlar\u0131n \u00f6n\u00fcn\u00fc kesmek<\/p>\n<p><b>Osmanl\u0131 Devleti\u2019nin Sava\u015fa Giri\u015fi:<\/b><br \/>\u2022Alman donanmas\u0131na ait Goben ve Breslav adl\u0131 sava\u015f gemileri \u0130ngiliz donanmas\u0131ndan ka\u00e7arak Osmanl\u0131 Devletine s\u0131\u011f\u0131nm\u0131\u015ft\u0131r.<br \/>\u2022Osmanl\u0131 Devleti tarafs\u0131zl\u0131\u011f\u0131n\u0131 korumak i\u00e7in gemileri sat\u0131n ald\u0131\u011f\u0131n\u0131 a\u00e7\u0131klam\u0131\u015ft\u0131r. Yavuz ve Midilli adlar\u0131n\u0131 alan gemiler, Karadeniz&#8217;de Rusya&#8217;n\u0131n Sivastapol ve Odessa limanlar\u0131n\u0131 bombalam\u0131\u015flard\u0131r. Bu olay ile Osmanl\u0131 Devleti resmen sava\u015fa girmi\u015f oldu.<br \/>\u2022Osmanl\u0131lar\u0131n Sava\u015fa Girmesi \u0130le:<br \/>\u2022Yeni cepheler a\u00e7\u0131lm\u0131\u015f, sava\u015f daha geni\u015f bir alana yay\u0131lm\u0131\u015ft\u0131r.<br \/>\u2022Sava\u015f; \u0130tilaf Devletleri i\u00e7in daha g\u00fc\u00e7 h\u00e2le gelmi\u015f ve uzam\u0131\u015ft\u0131r.<br \/>\u2022\u0130ngiltere K\u0131br\u0131s\u2019\u0131 topraklar\u0131na katt\u0131\u011f\u0131n\u0131 ilan etmi\u015ftir.<\/p>\n<p><b><span style=\"color: red;\">OSMANLI DEVLET\u0130&#8217;N\u0130N SAVA\u015eTI\u011eI CEPHELER<\/span><\/b><br \/><\/span><\/p>\n<div>\n<span style=\"font-size: large;\">\u2022Taarruz Cepheleri: Kafkas, Kanal<\/span><\/div>\n<div>\n<span style=\"font-size: large;\"><br \/>\u2022Savunma Cepheleri: \u00c7anakkale, Suriye, Filistin, Irak, Yemen, Hicaz<\/p>\n<p>\u2022Yard\u0131m Cepheleri: Gali\u00e7ya, Romanya, Makedonya<\/p>\n<p><span style=\"color: red;\"><b>TAARRUZ CEPHELER\u0130<\/b><\/span><\/p>\n<p><b>Kafkas Cephesi:<\/b><br \/><b>\u2022Nedenleri:<\/b><br \/>\u2022Orta Asya T\u00fcrkleri ile birle\u015ferek Turanc\u0131l\u0131k d\u00fc\u015f\u00fcncesinin ger\u00e7ekle\u015ftirilmek istenmesi<br \/>\u2022Kars, Ardahan ve Batum\u2018 un geri al\u0131nmak istenmesi <br \/>\u2022Bak\u00fc petrol b\u00f6lgelerinin al\u0131nmak istenmesi<\/span><\/div>\n<div>\n<span style=\"font-size: large;\"><br \/>\u2022Enver Pa\u015fa Sar\u0131kam\u0131\u015f Harek\u00e2t\u0131n\u0131 ba\u015flatm\u0131\u015ft\u0131r. Ancak a\u011f\u0131r k\u0131\u015f \u015fartlar\u0131ndan dolay\u0131 90.000 T\u00fcrk askeri hayat\u0131n\u0131 kaybetmi\u015ftir. Bunun \u00fczerine sald\u0131r\u0131ya ge\u00e7en Ruslar Erzurum, Mu\u015f, Bitlis, Trabzon, Erzincan ve Van\u2019\u0131 ele ge\u00e7irmi\u015flerdir.<br \/>\u2022Mu\u015f ve Bitlis Mustafa Kemal Pa\u015fa\u2019n\u0131n da \u00e7abalar\u0131 ile geri al\u0131nm\u0131\u015ft\u0131r. <br \/>\u2022Osmanl\u0131 Devleti 1915 y\u0131l\u0131nda Tehcir Kanununu yay\u0131nlayarak Do\u011fu Anadolu&#8217;da ya\u015fayan Ermenileri Suriye ve Filistin taraflar\u0131na zorunlu g\u00f6\u00e7e tabi tutmu\u015ftur. <br \/>\u2022Bol\u015fevik ihtil\u00e2li\u2019nin \u00e7\u0131kmas\u0131 \u00fczerine Rusya 1918&#8217;de Brest Litovsk Antla\u015fmas\u0131&#8217;n\u0131 imzalayarak I. D\u00fcnya Sava\u015f\u0131ndan \u00e7ekilmi\u015f ve i\u015fgal etti\u011fi topraklar\u0131 bo\u015faltm\u0131\u015ft\u0131r. <br \/>\u2022B\u00f6ylece Kafkasya Cephesi kapanm\u0131\u015f ve Rusya Berlin Antla\u015fmas\u0131 ile ald\u0131\u011f\u0131 Kars, Ardahan ve Batum&#8217;u Osmanl\u0131 Devleti ne geri vermi\u015ftir.<\/p>\n<p><b>Kanal Cephesi:<\/b><br \/>\u2022Almanya\u2019n\u0131n iste\u011fi \u00fczerine, S\u00fcvey\u015f Kanal\u0131 ele ge\u00e7irilmeye \u00e7al\u0131\u015f\u0131lm\u0131\u015ft\u0131r. <br \/>\u2022Bu \u015fekilde, \u0130ngiltere\u2019nin elinde tuttu\u011fu Hint s\u00f6m\u00fcrgelerine giden yol kesilmek istenmi\u015ftir.<br \/>\u20221915\u2019te kanala y\u00f6nelik olarak d\u00fczenlenen harekatlar, Araplar\u0131n \u0130ngilizlerin yan\u0131nda yer almas\u0131 ve Almanya\u2019dan yeterince yard\u0131m elde edilememesi nedeniyle ba\u015far\u0131l\u0131 olmam\u0131\u015ft\u0131r.<br \/><b><span style=\"color: red;\"><br \/>SAVUNMA CEPHELER\u0130<\/span><\/b><\/p>\n<p><b>\u00c7anakkale Cephesi:<\/b><br \/><b>\u2022Nedenleri:<\/b><br \/>\u2022\u0130ngiltere ve Fransa&#8217;n\u0131n ekonomik bunal\u0131ma giren Rusya&#8217;ya yard\u0131m g\u00f6t\u00fcrmek istemeleri<br \/>\u2022\u0130tilaf devletlerinin Osmanl\u0131 Devletini sava\u015f d\u0131\u015f\u0131nda b\u0131rakarak sava\u015f\u0131 bir an \u00f6nce bitirmek istemeleri <br \/>\u2022\u0130ngiltere&#8217;nin Balkanlarda yeni cepheler a\u00e7arak. \u0130ttifak Devletleri aras\u0131ndaki ba\u011flant\u0131y\u0131 koparmak istemeleri<\/span><\/div>\n<div>\n<span style=\"font-size: large;\"><br \/>\u2022\u0130tilaf donanmas\u0131, \u015eubat 1915\u2019te \u00c7anakkale Bo\u011faz\u0131\u2019n\u0131 do\u011frudan ge\u00e7meye \u00e7al\u0131\u015fm\u0131\u015f, fakat kar\u015f\u0131la\u015ft\u0131klar\u0131 direni\u015f nedeniyle geri \u00e7ekilmi\u015flerdir. <br \/>\u2022Denizden ge\u00e7emeyeceklerini anlayan \u0130tilaf Devletleri, bu kez karaya asker \u00e7\u0131kararak Bo\u011faz\u0131n iki taraf\u0131nda bulunan top bataryalar\u0131n\u0131 imha etmeyi planlam\u0131\u015flard\u0131r. <br \/>\u2022Burada da Osmanl\u0131 ordusunun direni\u015fi ile kar\u015f\u0131la\u015fan \u0130tilaf kuvvetleri, b\u00fcy\u00fck kay\u0131plar vererek b\u00f6lgeyi terk etmek zorunda kalm\u0131\u015flard\u0131r.<\/span><\/div>\n<div>\n<span style=\"font-size: large;\"><br \/><b>\u2022Sonu\u00e7lar\u0131: <\/b><br \/>\u2022Rusya&#8217;ya yard\u0131m gitmemi\u015f ve Bol\u015fevik ihtilaline ortam haz\u0131rlanm\u0131\u015ft\u0131r. <br \/>\u2022Sava\u015f\u0131n s\u00fcresi iki y\u0131l kadar uzam\u0131\u015ft\u0131r. <br \/>\u2022Her iki taraftan toplam yar\u0131m milyona yak\u0131n insan hayat\u0131n\u0131 kaybetmi\u015ftir. <br \/>\u2022Bulgaristan. Almanya&#8217;n\u0131n yan\u0131nda sava\u015fa girmi\u015f ve Osmanl\u0131- Alman kara ba\u011flant\u0131s\u0131 kurulmu\u015ftur. <br \/>\u2022Mustafa Kemal bu cephedeki ba\u015far\u0131lar\u0131 t\u00fcm ulus taraf\u0131ndan tan\u0131nmas\u0131n sa\u011flam\u0131\u015ft\u0131r.<br \/><b><br \/>Irak Cephesi:<\/b><br \/>\u2022Irak\u2019ta bulunan petrol yataklar\u0131n\u0131 ele ge\u00e7irmek isteyen \u0130ngiltere, ayn\u0131 zamanda Osmanl\u0131lar\u0131n Do\u011fu ile ba\u011flant\u0131s\u0131n\u0131 kesmeyi ve Ruslara yard\u0131m g\u00f6ndermeyi planlam\u0131\u015ft\u0131r.<br \/>\u2022Kut\u00fc\u2019l-Amare b\u00f6lgesinde \u0130ngiliz kuvvetleri kar\u015f\u0131s\u0131nda ba\u015far\u0131 kazan\u0131lm\u0131\u015f, fakat b\u00f6lgede say\u0131lar\u0131 art\u0131r\u0131lan \u0130ngiliz g\u00fc\u00e7lerine kar\u015f\u0131 daha fazla direnilememi\u015ftir.<br \/> Osmanl\u0131lar\u0131n Irak Cephesi&#8217;nde yenilgiye u\u011framas\u0131 \u00fczerine ilerleyen \u0130ngilizler, Ba\u011fdat\u2019\u0131 i\u015fgal ederek Musul\u2019a kadar olan b\u00f6lgeyi kontrol alt\u0131na alm\u0131\u015flard\u0131r.<\/p>\n<p><b>Suriye-Filistin Cephesi:<\/b><br \/>\u2022Osmanl\u0131 birliklerinin Kanal harek\u00e2t\u0131nda ya\u015fad\u0131\u011f\u0131 ba\u015far\u0131s\u0131zl\u0131\u011f\u0131n ard\u0131ndan kuzeye do\u011fru ilerleyen \u0130ngilizler, Kud\u00fcs dahil olmak \u00fczere Filistin topraklar\u0131n\u0131 i\u015fgal etmi\u015flerdir.<br \/>\u2022Osmanl\u0131 ordusu taraf\u0131ndan olu\u015fturulan yeni savunma hatt\u0131n\u0131n par\u00e7alanmas\u0131 \u00fczerine, Osmanl\u0131 birlikleri Mustafa Kemal taraf\u0131ndan geri \u00e7ekilmi\u015ftir.<br \/>\u2022I. D\u00fcnya Sava\u015f\u0131nda Mustafa Kemal son olarak Suriye Cephesi&#8217;nde g\u00f6rev yapm\u0131\u015ft\u0131r.<br \/><b><br \/>Hicaz- Yemen Cephesi:<\/b><br \/>\u2022Araplar\u0131n bir k\u0131sm\u0131n\u0131n isyan etmesi Hicaz\u2019da bulunan Osmanl\u0131 birliklerini zor durumda b\u0131rakm\u0131\u015f, bu nedenle \u0130tilaf Devletleri&#8217;nin yan\u0131 s\u0131ra Araplarla da m\u00fccadele edilmek zorunda kal\u0131nm\u0131\u015ft\u0131r.<br \/>\u2022\u0130ngiltere Mac- Mahon Antla\u015fmas\u0131 ile Araplara ba\u011f\u0131ms\u0131zl\u0131k vaad ederek desteklerini alm\u0131\u015ft\u0131r.<br \/>\u2022Baz\u0131 Araplar\u0131n i\u015fgalci g\u00fc\u00e7lerle birlikte hareket etmeleri, \u0130slamc\u0131l\u0131k d\u00fc\u015f\u00fcncesinin ve \u00fcmmet\u00e7ilik anlay\u0131\u015f\u0131n\u0131n etkisinin azald\u0131\u011f\u0131n\u0131n g\u00f6stergesidir.<br \/>\u2022Osmanl\u0131 askerleri Mekke ve Medine gibi kutsal topraklar\u0131 terk etmek zorunda kalm\u0131\u015flard\u0131r.<\/p>\n<p><b>YARDIM AMACI \u0130LE A\u00c7ILAN CEPHELER<\/b><\/p>\n<p><b>Makedonya, Romanya ve Gali\u00e7ya Cepheleri:<\/b><br \/>\u2022Balkanlarda \u00e7at\u0131\u015fmalar\u0131n ya\u015fand\u0131\u011f\u0131 bu d\u0131\u015f cephelere, Bulgaristan ve Avusturya- Macaristan\u2019a destek i\u00e7in Osmanl\u0131 Devleti taraf\u0131ndan asker g\u00f6nderilmi\u015ftir.<br \/>\u2022Rusya\u2019n\u0131n sava\u015ftan \u00e7ekilmesi ile kapanan bu cephelerde Rus, S\u0131rp, Romen askerleri ile m\u00fccadele edilmi\u015ftir.<\/p>\n<p>\u2022Mustafa Kemal I. D\u00fcnya Sava\u015f\u0131\u2019nda  \u00c7anakkale, Kafkas ve Suriye- Filistin cephelerinde sava\u015fm\u0131\u015ft\u0131r.<\/span><\/p>\n<div>\n<span style=\"font-size: large;\"><br \/><\/span><\/div>\n<div>\n<span style=\"font-size: large;\"><br \/><\/span><\/div>\n<div>\n<div style=\"margin-bottom: .0001pt; margin: 0cm;\">\n<b><span style=\"color: red; font-size: 13.5pt;\">DAHA FAZLASI \u0130\u00c7\u0130N:<\/span><\/b><span style=\"font-size: 13.5pt;\"><o:p><\/o:p><\/span><\/div>\n<div style=\"margin-bottom: .0001pt; margin: 0cm;\">\n<\/div>\n<div style=\"margin-bottom: .0001pt; margin: 0cm;\">\n<a href=\"https:\/\/tr-tr.facebook.com\/tarihkursu\/\"><span style=\"font-size: 13.5pt;\">FACEBOOK<br \/>\nSAYFAMIZI BE\u011eENMEK \u0130\u00c7\u0130N TIKLAYIN<\/span><\/a><span style=\"font-size: 13.5pt;\"><o:p><\/o:p><\/span><\/div>\n<div style=\"margin-bottom: .0001pt; margin: 0cm;\">\n<\/div>\n<div style=\"margin-bottom: .0001pt; margin: 0cm;\">\n<a href=\"https:\/\/www.youtube.com\/channel\/UCcXZauyDbkHjddTYFBn4BCw\"><span style=\"font-size: 13.5pt;\">YOUTUBE KANALIMIZA ABONE OLUN<\/span><\/a><span style=\"font-size: 13.5pt;\"><o:p><\/o:p><\/span><\/div>\n<div>\n<\/div>\n<\/div>\n<\/div>\n","protected":false},"excerpt":{"rendered":"<div class=\"mh-excerpt\"><p>I. D\u00dcNYA SAVA\u015eIGenel Nedenler\u2022Ham Madde ve Pazar Aray\u0131\u015f\u0131\u2022Milliyet\u00e7ilik D\u00fc\u015f\u00fcncesi\u2022Silahlanma Yar\u0131\u015f\u0131 \u00d6zel Nedenler:\u2022Almanya&#8217;n\u0131n 19. y\u00fczy\u0131l sonlar\u0131ndan ba\u015flayarak b\u00fcy\u00fck bir h\u0131zla silahlanmaya ba\u015flamas\u0131, en b\u00fcy\u00fck s\u00f6m\u00fcrgeci devlet <a class=\"mh-excerpt-more\" href=\"https:\/\/tarihkursu.com\/index.php\/2017\/07\/30\/44-i-dunya-savasi-osmanli-devletinin-savastigi-cepheler\/\" title=\"44- I. D\u00dcNYA SAVA\u015eI, OSMANLI DEVLET\u0130N\u0130N SAVA\u015eTI\u011eI CEPHELER\">[&#8230;]<\/a><\/p>\n<\/div>","protected":false},"author":2,"featured_media":0,"comment_status":"open","ping_status":"open","sticky":false,"template":"","format":"standard","meta":{"_regular_price":[],"currency_symbol":[],"footnotes":""},"categories":[62],"tags":[],"class_list":["post-1036","post","type-post","status-publish","format-standard","hentry","category-konu-ozetleri"],"post_slider_layout_featured_media_urls":{"thumbnail":"","post_slider_layout_landscape_large":"","post_slider_layout_portrait_large":"","post_slider_layout_square_large":"","post_slider_layout_landscape":"","post_slider_layout_portrait":"","post_slider_layout_square":"","full":""},"yoast_head":"<!-- This site is optimized with the Yoast SEO plugin v27.5 - https:\/\/yoast.com\/product\/yoast-seo-wordpress\/ -->\n<title>44- I. D\u00dcNYA SAVA\u015eI, OSMANLI DEVLET\u0130N\u0130N SAVA\u015eTI\u011eI CEPHELER - tarihkursu.com<\/title>\n<meta name=\"robots\" content=\"index, follow, max-snippet:-1, max-image-preview:large, max-video-preview:-1\" \/>\n<link rel=\"canonical\" href=\"https:\/\/tarihkursu.com\/index.php\/2017\/07\/30\/44-i-dunya-savasi-osmanli-devletinin-savastigi-cepheler\/\" \/>\n<meta property=\"og:locale\" content=\"tr_TR\" \/>\n<meta property=\"og:type\" content=\"article\" \/>\n<meta property=\"og:title\" content=\"44- I. D\u00dcNYA SAVA\u015eI, OSMANLI DEVLET\u0130N\u0130N SAVA\u015eTI\u011eI CEPHELER - tarihkursu.com\" \/>\n<meta property=\"og:description\" content=\"I. D\u00dcNYA SAVA\u015eIGenel Nedenler\u2022Ham Madde ve Pazar Aray\u0131\u015f\u0131\u2022Milliyet\u00e7ilik D\u00fc\u015f\u00fcncesi\u2022Silahlanma Yar\u0131\u015f\u0131 \u00d6zel Nedenler:\u2022Almanya&#8217;n\u0131n 19. y\u00fczy\u0131l sonlar\u0131ndan ba\u015flayarak b\u00fcy\u00fck bir h\u0131zla silahlanmaya ba\u015flamas\u0131, en b\u00fcy\u00fck s\u00f6m\u00fcrgeci devlet [...]\" \/>\n<meta property=\"og:url\" content=\"https:\/\/tarihkursu.com\/index.php\/2017\/07\/30\/44-i-dunya-savasi-osmanli-devletinin-savastigi-cepheler\/\" \/>\n<meta property=\"og:site_name\" content=\"tarihkursu.com\" \/>\n<meta property=\"article:published_time\" content=\"2017-07-30T14:22:00+00:00\" \/>\n<meta name=\"author\" content=\"tarihkursu\" \/>\n<meta name=\"twitter:card\" content=\"summary_large_image\" \/>\n<meta name=\"twitter:label1\" content=\"Yazan:\" \/>\n\t<meta name=\"twitter:data1\" content=\"tarihkursu\" \/>\n\t<meta name=\"twitter:label2\" content=\"Tahmini okuma s\u00fcresi\" \/>\n\t<meta name=\"twitter:data2\" content=\"7 dakika\" \/>\n<script type=\"application\/ld+json\" class=\"yoast-schema-graph\">{\"@context\":\"https:\\\/\\\/schema.org\",\"@graph\":[{\"@type\":\"Article\",\"@id\":\"https:\\\/\\\/tarihkursu.com\\\/index.php\\\/2017\\\/07\\\/30\\\/44-i-dunya-savasi-osmanli-devletinin-savastigi-cepheler\\\/#article\",\"isPartOf\":{\"@id\":\"https:\\\/\\\/tarihkursu.com\\\/index.php\\\/2017\\\/07\\\/30\\\/44-i-dunya-savasi-osmanli-devletinin-savastigi-cepheler\\\/\"},\"author\":{\"name\":\"tarihkursu\",\"@id\":\"https:\\\/\\\/tarihkursu.com\\\/#\\\/schema\\\/person\\\/d0f9105e31352dbe9f08d098ffb8c878\"},\"headline\":\"44- I. D\u00dcNYA SAVA\u015eI, OSMANLI DEVLET\u0130N\u0130N SAVA\u015eTI\u011eI CEPHELER\",\"datePublished\":\"2017-07-30T14:22:00+00:00\",\"mainEntityOfPage\":{\"@id\":\"https:\\\/\\\/tarihkursu.com\\\/index.php\\\/2017\\\/07\\\/30\\\/44-i-dunya-savasi-osmanli-devletinin-savastigi-cepheler\\\/\"},\"wordCount\":1401,\"commentCount\":0,\"publisher\":{\"@id\":\"https:\\\/\\\/tarihkursu.com\\\/#\\\/schema\\\/person\\\/4d7bdc3b79e9f5198455474c0f203f3c\"},\"articleSection\":[\"KONU \u00d6ZETLER\u0130\"],\"inLanguage\":\"tr\",\"potentialAction\":[{\"@type\":\"CommentAction\",\"name\":\"Comment\",\"target\":[\"https:\\\/\\\/tarihkursu.com\\\/index.php\\\/2017\\\/07\\\/30\\\/44-i-dunya-savasi-osmanli-devletinin-savastigi-cepheler\\\/#respond\"]}]},{\"@type\":\"WebPage\",\"@id\":\"https:\\\/\\\/tarihkursu.com\\\/index.php\\\/2017\\\/07\\\/30\\\/44-i-dunya-savasi-osmanli-devletinin-savastigi-cepheler\\\/\",\"url\":\"https:\\\/\\\/tarihkursu.com\\\/index.php\\\/2017\\\/07\\\/30\\\/44-i-dunya-savasi-osmanli-devletinin-savastigi-cepheler\\\/\",\"name\":\"44- I. D\u00dcNYA SAVA\u015eI, OSMANLI DEVLET\u0130N\u0130N SAVA\u015eTI\u011eI CEPHELER - tarihkursu.com\",\"isPartOf\":{\"@id\":\"https:\\\/\\\/tarihkursu.com\\\/#website\"},\"datePublished\":\"2017-07-30T14:22:00+00:00\",\"breadcrumb\":{\"@id\":\"https:\\\/\\\/tarihkursu.com\\\/index.php\\\/2017\\\/07\\\/30\\\/44-i-dunya-savasi-osmanli-devletinin-savastigi-cepheler\\\/#breadcrumb\"},\"inLanguage\":\"tr\",\"potentialAction\":[{\"@type\":\"ReadAction\",\"target\":[\"https:\\\/\\\/tarihkursu.com\\\/index.php\\\/2017\\\/07\\\/30\\\/44-i-dunya-savasi-osmanli-devletinin-savastigi-cepheler\\\/\"]}]},{\"@type\":\"BreadcrumbList\",\"@id\":\"https:\\\/\\\/tarihkursu.com\\\/index.php\\\/2017\\\/07\\\/30\\\/44-i-dunya-savasi-osmanli-devletinin-savastigi-cepheler\\\/#breadcrumb\",\"itemListElement\":[{\"@type\":\"ListItem\",\"position\":1,\"name\":\"Anasayfa\",\"item\":\"https:\\\/\\\/tarihkursu.com\\\/\"},{\"@type\":\"ListItem\",\"position\":2,\"name\":\"44- I. D\u00dcNYA SAVA\u015eI, OSMANLI DEVLET\u0130N\u0130N SAVA\u015eTI\u011eI CEPHELER\"}]},{\"@type\":\"WebSite\",\"@id\":\"https:\\\/\\\/tarihkursu.com\\\/#website\",\"url\":\"https:\\\/\\\/tarihkursu.com\\\/\",\"name\":\"Tarih Kursu\",\"description\":\"\u0130\u015fimiz G\u00fcc\u00fcm\u00fcz Tarih\",\"publisher\":{\"@id\":\"https:\\\/\\\/tarihkursu.com\\\/#\\\/schema\\\/person\\\/4d7bdc3b79e9f5198455474c0f203f3c\"},\"potentialAction\":[{\"@type\":\"SearchAction\",\"target\":{\"@type\":\"EntryPoint\",\"urlTemplate\":\"https:\\\/\\\/tarihkursu.com\\\/?s={search_term_string}\"},\"query-input\":{\"@type\":\"PropertyValueSpecification\",\"valueRequired\":true,\"valueName\":\"search_term_string\"}}],\"inLanguage\":\"tr\"},{\"@type\":[\"Person\",\"Organization\"],\"@id\":\"https:\\\/\\\/tarihkursu.com\\\/#\\\/schema\\\/person\\\/4d7bdc3b79e9f5198455474c0f203f3c\",\"name\":\"admin\",\"image\":{\"@type\":\"ImageObject\",\"inLanguage\":\"tr\",\"@id\":\"https:\\\/\\\/tarihkursu.com\\\/wp-content\\\/uploads\\\/2024\\\/10\\\/TARIHKURSU-Kopyasi.png\",\"url\":\"https:\\\/\\\/tarihkursu.com\\\/wp-content\\\/uploads\\\/2024\\\/10\\\/TARIHKURSU-Kopyasi.png\",\"contentUrl\":\"https:\\\/\\\/tarihkursu.com\\\/wp-content\\\/uploads\\\/2024\\\/10\\\/TARIHKURSU-Kopyasi.png\",\"width\":1080,\"height\":1080,\"caption\":\"admin\"},\"logo\":{\"@id\":\"https:\\\/\\\/tarihkursu.com\\\/wp-content\\\/uploads\\\/2024\\\/10\\\/TARIHKURSU-Kopyasi.png\"},\"sameAs\":[\"https:\\\/\\\/tarihkursu.com\"]},{\"@type\":\"Person\",\"@id\":\"https:\\\/\\\/tarihkursu.com\\\/#\\\/schema\\\/person\\\/d0f9105e31352dbe9f08d098ffb8c878\",\"name\":\"tarihkursu\",\"image\":{\"@type\":\"ImageObject\",\"inLanguage\":\"tr\",\"@id\":\"https:\\\/\\\/secure.gravatar.com\\\/avatar\\\/1354763acbc865faa7650c3e1e4431f187276d71f132349411302a546cdeae54?s=96&d=mm&r=g\",\"url\":\"https:\\\/\\\/secure.gravatar.com\\\/avatar\\\/1354763acbc865faa7650c3e1e4431f187276d71f132349411302a546cdeae54?s=96&d=mm&r=g\",\"contentUrl\":\"https:\\\/\\\/secure.gravatar.com\\\/avatar\\\/1354763acbc865faa7650c3e1e4431f187276d71f132349411302a546cdeae54?s=96&d=mm&r=g\",\"caption\":\"tarihkursu\"},\"url\":\"https:\\\/\\\/tarihkursu.com\\\/index.php\\\/author\\\/tarihkursu\\\/\"}]}<\/script>\n<!-- \/ Yoast SEO plugin. -->","yoast_head_json":{"title":"44- I. D\u00dcNYA SAVA\u015eI, OSMANLI DEVLET\u0130N\u0130N SAVA\u015eTI\u011eI CEPHELER - tarihkursu.com","robots":{"index":"index","follow":"follow","max-snippet":"max-snippet:-1","max-image-preview":"max-image-preview:large","max-video-preview":"max-video-preview:-1"},"canonical":"https:\/\/tarihkursu.com\/index.php\/2017\/07\/30\/44-i-dunya-savasi-osmanli-devletinin-savastigi-cepheler\/","og_locale":"tr_TR","og_type":"article","og_title":"44- I. D\u00dcNYA SAVA\u015eI, OSMANLI DEVLET\u0130N\u0130N SAVA\u015eTI\u011eI CEPHELER - tarihkursu.com","og_description":"I. D\u00dcNYA SAVA\u015eIGenel Nedenler\u2022Ham Madde ve Pazar Aray\u0131\u015f\u0131\u2022Milliyet\u00e7ilik D\u00fc\u015f\u00fcncesi\u2022Silahlanma Yar\u0131\u015f\u0131 \u00d6zel Nedenler:\u2022Almanya&#8217;n\u0131n 19. y\u00fczy\u0131l sonlar\u0131ndan ba\u015flayarak b\u00fcy\u00fck bir h\u0131zla silahlanmaya ba\u015flamas\u0131, en b\u00fcy\u00fck s\u00f6m\u00fcrgeci devlet [...]","og_url":"https:\/\/tarihkursu.com\/index.php\/2017\/07\/30\/44-i-dunya-savasi-osmanli-devletinin-savastigi-cepheler\/","og_site_name":"tarihkursu.com","article_published_time":"2017-07-30T14:22:00+00:00","author":"tarihkursu","twitter_card":"summary_large_image","twitter_misc":{"Yazan:":"tarihkursu","Tahmini okuma s\u00fcresi":"7 dakika"},"schema":{"@context":"https:\/\/schema.org","@graph":[{"@type":"Article","@id":"https:\/\/tarihkursu.com\/index.php\/2017\/07\/30\/44-i-dunya-savasi-osmanli-devletinin-savastigi-cepheler\/#article","isPartOf":{"@id":"https:\/\/tarihkursu.com\/index.php\/2017\/07\/30\/44-i-dunya-savasi-osmanli-devletinin-savastigi-cepheler\/"},"author":{"name":"tarihkursu","@id":"https:\/\/tarihkursu.com\/#\/schema\/person\/d0f9105e31352dbe9f08d098ffb8c878"},"headline":"44- I. D\u00dcNYA SAVA\u015eI, OSMANLI DEVLET\u0130N\u0130N SAVA\u015eTI\u011eI CEPHELER","datePublished":"2017-07-30T14:22:00+00:00","mainEntityOfPage":{"@id":"https:\/\/tarihkursu.com\/index.php\/2017\/07\/30\/44-i-dunya-savasi-osmanli-devletinin-savastigi-cepheler\/"},"wordCount":1401,"commentCount":0,"publisher":{"@id":"https:\/\/tarihkursu.com\/#\/schema\/person\/4d7bdc3b79e9f5198455474c0f203f3c"},"articleSection":["KONU \u00d6ZETLER\u0130"],"inLanguage":"tr","potentialAction":[{"@type":"CommentAction","name":"Comment","target":["https:\/\/tarihkursu.com\/index.php\/2017\/07\/30\/44-i-dunya-savasi-osmanli-devletinin-savastigi-cepheler\/#respond"]}]},{"@type":"WebPage","@id":"https:\/\/tarihkursu.com\/index.php\/2017\/07\/30\/44-i-dunya-savasi-osmanli-devletinin-savastigi-cepheler\/","url":"https:\/\/tarihkursu.com\/index.php\/2017\/07\/30\/44-i-dunya-savasi-osmanli-devletinin-savastigi-cepheler\/","name":"44- I. D\u00dcNYA SAVA\u015eI, OSMANLI DEVLET\u0130N\u0130N SAVA\u015eTI\u011eI CEPHELER - tarihkursu.com","isPartOf":{"@id":"https:\/\/tarihkursu.com\/#website"},"datePublished":"2017-07-30T14:22:00+00:00","breadcrumb":{"@id":"https:\/\/tarihkursu.com\/index.php\/2017\/07\/30\/44-i-dunya-savasi-osmanli-devletinin-savastigi-cepheler\/#breadcrumb"},"inLanguage":"tr","potentialAction":[{"@type":"ReadAction","target":["https:\/\/tarihkursu.com\/index.php\/2017\/07\/30\/44-i-dunya-savasi-osmanli-devletinin-savastigi-cepheler\/"]}]},{"@type":"BreadcrumbList","@id":"https:\/\/tarihkursu.com\/index.php\/2017\/07\/30\/44-i-dunya-savasi-osmanli-devletinin-savastigi-cepheler\/#breadcrumb","itemListElement":[{"@type":"ListItem","position":1,"name":"Anasayfa","item":"https:\/\/tarihkursu.com\/"},{"@type":"ListItem","position":2,"name":"44- I. D\u00dcNYA SAVA\u015eI, OSMANLI DEVLET\u0130N\u0130N SAVA\u015eTI\u011eI CEPHELER"}]},{"@type":"WebSite","@id":"https:\/\/tarihkursu.com\/#website","url":"https:\/\/tarihkursu.com\/","name":"Tarih Kursu","description":"\u0130\u015fimiz G\u00fcc\u00fcm\u00fcz Tarih","publisher":{"@id":"https:\/\/tarihkursu.com\/#\/schema\/person\/4d7bdc3b79e9f5198455474c0f203f3c"},"potentialAction":[{"@type":"SearchAction","target":{"@type":"EntryPoint","urlTemplate":"https:\/\/tarihkursu.com\/?s={search_term_string}"},"query-input":{"@type":"PropertyValueSpecification","valueRequired":true,"valueName":"search_term_string"}}],"inLanguage":"tr"},{"@type":["Person","Organization"],"@id":"https:\/\/tarihkursu.com\/#\/schema\/person\/4d7bdc3b79e9f5198455474c0f203f3c","name":"admin","image":{"@type":"ImageObject","inLanguage":"tr","@id":"https:\/\/tarihkursu.com\/wp-content\/uploads\/2024\/10\/TARIHKURSU-Kopyasi.png","url":"https:\/\/tarihkursu.com\/wp-content\/uploads\/2024\/10\/TARIHKURSU-Kopyasi.png","contentUrl":"https:\/\/tarihkursu.com\/wp-content\/uploads\/2024\/10\/TARIHKURSU-Kopyasi.png","width":1080,"height":1080,"caption":"admin"},"logo":{"@id":"https:\/\/tarihkursu.com\/wp-content\/uploads\/2024\/10\/TARIHKURSU-Kopyasi.png"},"sameAs":["https:\/\/tarihkursu.com"]},{"@type":"Person","@id":"https:\/\/tarihkursu.com\/#\/schema\/person\/d0f9105e31352dbe9f08d098ffb8c878","name":"tarihkursu","image":{"@type":"ImageObject","inLanguage":"tr","@id":"https:\/\/secure.gravatar.com\/avatar\/1354763acbc865faa7650c3e1e4431f187276d71f132349411302a546cdeae54?s=96&d=mm&r=g","url":"https:\/\/secure.gravatar.com\/avatar\/1354763acbc865faa7650c3e1e4431f187276d71f132349411302a546cdeae54?s=96&d=mm&r=g","contentUrl":"https:\/\/secure.gravatar.com\/avatar\/1354763acbc865faa7650c3e1e4431f187276d71f132349411302a546cdeae54?s=96&d=mm&r=g","caption":"tarihkursu"},"url":"https:\/\/tarihkursu.com\/index.php\/author\/tarihkursu\/"}]}},"_links":{"self":[{"href":"https:\/\/tarihkursu.com\/index.php\/wp-json\/wp\/v2\/posts\/1036","targetHints":{"allow":["GET"]}}],"collection":[{"href":"https:\/\/tarihkursu.com\/index.php\/wp-json\/wp\/v2\/posts"}],"about":[{"href":"https:\/\/tarihkursu.com\/index.php\/wp-json\/wp\/v2\/types\/post"}],"author":[{"embeddable":true,"href":"https:\/\/tarihkursu.com\/index.php\/wp-json\/wp\/v2\/users\/2"}],"replies":[{"embeddable":true,"href":"https:\/\/tarihkursu.com\/index.php\/wp-json\/wp\/v2\/comments?post=1036"}],"version-history":[{"count":0,"href":"https:\/\/tarihkursu.com\/index.php\/wp-json\/wp\/v2\/posts\/1036\/revisions"}],"wp:attachment":[{"href":"https:\/\/tarihkursu.com\/index.php\/wp-json\/wp\/v2\/media?parent=1036"}],"wp:term":[{"taxonomy":"category","embeddable":true,"href":"https:\/\/tarihkursu.com\/index.php\/wp-json\/wp\/v2\/categories?post=1036"},{"taxonomy":"post_tag","embeddable":true,"href":"https:\/\/tarihkursu.com\/index.php\/wp-json\/wp\/v2\/tags?post=1036"}],"curies":[{"name":"wp","href":"https:\/\/api.w.org\/{rel}","templated":true}]}}