{"id":1062,"date":"2017-07-25T21:23:00","date_gmt":"2017-07-25T18:23:00","guid":{"rendered":"https:\/\/tarihkursu.com\/index.php\/2017\/07\/25\/18-turklerin-islamiyeti-kabulu-ve-anadoluya-yerlesmesi-talas-savasi-karahanlilar-gazneliler\/"},"modified":"2017-07-25T21:23:00","modified_gmt":"2017-07-25T18:23:00","slug":"18-turklerin-islamiyeti-kabulu-ve-anadoluya-yerlesmesi-talas-savasi-karahanlilar-gazneliler","status":"publish","type":"post","link":"https:\/\/tarihkursu.com\/index.php\/2017\/07\/25\/18-turklerin-islamiyeti-kabulu-ve-anadoluya-yerlesmesi-talas-savasi-karahanlilar-gazneliler\/","title":{"rendered":"18- T\u00dcRKLER\u0130N \u0130SLAM\u0130YET\u2019\u0130 KABUL\u00dc VE ANADOLU\u2019YA YERLE\u015eMES\u0130, TALAS SAVA\u015eI, KARAHANLILAR, GAZNEL\u0130LER&#8230;"},"content":{"rendered":"<p><span style=\"font-size: large;\"><b><span style=\"color: red;\">TALAS SAVA\u015eI (751)<\/span><\/b><\/p>\n<p><b>T\u00dcRKLER\u0130N \u0130SLAM&#8217;I TANIMALARI<\/b><br \/>\u2022T\u00fcrkler, Araplarla \u0130slam \u00f6ncesi d\u00f6nemden ba\u015flayarak ticari ili\u015fkiler kurmu\u015flard\u0131r. <a name='more'><\/a><br \/>\u2022Bu ili\u015fki Hz. \u00d6mer D\u00f6nemi&#8217;nden itibaren s\u0131n\u0131r kom\u015fulu\u011fu h\u00e2line gelmi\u015ftir. <br \/>\u2022Hz. Osman D\u00f6nemi&#8217;nde M\u00fcsl\u00fcman Araplarla Hazar T\u00fcrkleri aras\u0131nda asker\u00ee m\u00fccadeleler ya\u015fanm\u0131\u015ft\u0131r. <br \/>\u2022Emeviler\u2019in Arap milliyet\u00e7ili\u011fi politikas\u0131 nedeniyle \u0130slam inanc\u0131 T\u00fcrkler aras\u0131nda yay\u0131lamam\u0131\u015ft\u0131r.<br \/>\u20228. y\u00fczy\u0131lda \u00c7in\u2019in Bat\u0131 T\u00fcrkistan\u2019\u0131 egemenlik alt\u0131na almak istemesi, T\u00fcrk topluluklar\u0131 ile Abbasileri i\u015fbirli\u011fine y\u00f6nlendirmi\u015ftir.<\/p>\n<p><b>751 Talas Sava\u015f\u0131 sonucunda:<\/b><br \/>\u2022751&#8217;de yap\u0131lan Talas Sava\u015f\u0131\u2019nda T\u00fcrkler Abbasiler&#8217;i desteklemi\u015f, \u00c7in\u2019in Orta Asya\u2019ya egemen olmas\u0131 b\u00f6ylece engellenmi\u015ftir.<br \/>\u2022Orta Asya uzun bir s\u00fcre \u00c7in egemenli\u011finden kurtulmu\u015ftur.<br \/>\u2022\u00c7inlilerden ka\u011f\u0131t, matbaa, barut, pusula \u00f6\u011frenilmi\u015f ve kullan\u0131lm\u0131\u015ft\u0131r.<br \/>\u2022T\u00fcrklerle, M\u00fcsl\u00fcman Araplar\u0131n m\u00fccadeleleri sona ermi\u015ftir ve T\u00fcrkler aras\u0131nda \u0130slamiyet h\u0131zla yay\u0131lmaya ba\u015flam\u0131\u015ft\u0131r.<\/p>\n<p>\u0130slamiyet&#8217;e inanan ilk T\u00fcrk toplulu\u011fu Karluklar, ilk T\u00fcrk devleti ise Karahanl\u0131lard\u0131r.<\/p>\n<p><b>T\u00fcrklerin \u0130slamiyet&#8217;i kabul\u00fcn\u00fc kolayla\u015ft\u0131ran nedenler:<\/b><br \/>\u2022751 Talas Sava\u015f\u0131nda T\u00fcrklerin M\u00fcsl\u00fcmanlara yard\u0131m etmesiyle ba\u015flayan Abbasi-T\u00fcrk yak\u0131nla\u015fmas\u0131<br \/>\u2022G\u00f6k Tanr\u0131 inanc\u0131n\u0131n \u0130slamiyet&#8217;le benzerlik g\u00f6stermesi (ahiret inanc\u0131, tek tanr\u0131 inanc\u0131, kurban kesme vb.)<br \/>\u2022\u0130slamiyet&#8217;te bulunan fetih ve cihat anlay\u0131\u015f\u0131 ile T\u00fcrklerdeki cihan hakimiyeti anlay\u0131\u015f\u0131 aras\u0131nda benzerlik olmas\u0131<br \/>\u2022T\u00fcrklerde var olan ahl\u00e2k, ho\u015fg\u00f6r\u00fc, e\u015fitlik ve d\u00fcr\u00fcstl\u00fck gibi de\u011ferlerin \u0130slamiyet&#8217;te de bulunmas\u0131<br \/>\u2022T\u00fcrklerin M\u00fcsl\u00fcman t\u00fcccarlarla k\u00fclt\u00fcrel etkile\u015fim ya\u015famas\u0131<\/span><\/p>\n<div>\n<span style=\"font-size: large;\"><br \/><b>T\u00fcrklerin \u0130slam d\u00fcnyas\u0131na katk\u0131lar\u0131:<\/b><br \/>\u2022\u0130slamiyet&#8217;in geni\u015f alanlara yay\u0131lmas\u0131n\u0131 sa\u011flam\u0131\u015flard\u0131r.<br \/>\u2022Halifelik makam\u0131n\u0131 koruyarak, halifeli\u011fin varl\u0131\u011f\u0131n\u0131 s\u00fcrd\u00fcrmesini sa\u011flam\u0131\u015flard\u0131r.<br \/>\u2022\u0130slam k\u00fclt\u00fcr\u00fcn\u00fcn geli\u015fmesine katk\u0131da bulunmu\u015flard\u0131r.<br \/>\u2022M\u00fcsl\u00fcmanlar aras\u0131nda birli\u011fin olu\u015fmas\u0131na destek vermi\u015flerdir.<\/p>\n<p><b><span style=\"color: red;\">MISIR&#8217;DA KURULAN T\u00dcRK &#8211; \u0130SLAM DEVLETLER\u0130<\/span><\/b><\/p>\n<p><b>Toluno\u011fullar\u0131 Devleti (868 \u2013 905)<\/b><br \/>\u2022Toluno\u011flu Ahmet taraf\u0131ndan kurulmu\u015ftur.<br \/>\u2022M\u0131s\u0131r&#8217;da kurulan ilk T\u00fcrk-\u0130slam devletidir.<br \/>\u2022M\u0131s\u0131r&#8217;da T\u00fcrk-\u0130slam mimarisinin ilk \u00f6rneklerini vermi\u015flerdir. <br \/>\u2022Toluno\u011flu Cami g\u00fcn\u00fcm\u00fcze kalan en \u00f6nemli eserleridir.<br \/>\u2022Kurucu ve y\u00f6netici kademesi T\u00fcrk olan Toluno\u011fullar\u0131 Devleti\u2019nde halk daha \u00e7ok Arap unsurlardan olu\u015fmaktad\u0131r. Bu da devletin uzun \u00f6m\u00fcrl\u00fc olmas\u0131n\u0131 engellemi\u015ftir.<br \/>\u2022Toluno\u011fullar\u0131 Devleti, Abbasiler taraf\u0131ndan ortadan kald\u0131r\u0131lm\u0131\u015ft\u0131r.<\/p>\n<p><b>\u0130h\u015fid\u00eeler \/ Ak\u015fitler Devleti (935 \u2013 969)<\/b><br \/>\u2022Ebubekir Muhammed taraf\u0131ndan M\u0131s\u0131r&#8217;da kurulmu\u015ftur.<br \/>\u2022M\u0131s\u0131r&#8217;da kurulan ikinci T\u00fcrk devletidir.<br \/>\u2022Mekke &#8211; Medine (Hicaz) b\u00f6lgesine hakim olan ilk T\u00fcrk devletidir. <br \/>\u2022El-Kindi olarak bilinen \u00fcnl\u00fc tarih yazar\u0131 bu d\u00f6nemde ya\u015fam\u0131\u015ft\u0131r.<br \/>\u2022Kurucu ve y\u00f6netici kademesi T\u00fcrk olan Ak\u015fitler Devleti\u2019nde halk daha \u00e7ok Arap unsurlardan olu\u015fmaktad\u0131r. Bu da devletin uzun \u00f6m\u00fcrl\u00fc olmas\u0131n\u0131 engellemi\u015ftir.<br \/>\u2022Ak\u015fitler Devleti Fat\u0131m\u00eeler Devleti taraf\u0131ndan y\u0131k\u0131lm\u0131\u015ft\u0131r.<\/span><\/div>\n<div>\n<span style=\"font-size: large;\"><br \/><b><span style=\"color: red;\">T\u00dcRK &#8211; \u0130SLAM DEVLETLER\u0130<\/span><\/b><br \/><\/span><\/div>\n<div>\n<span style=\"font-size: large;\"><b>Karahanl\u0131lar Devleti (840 \u2013 1212)<\/b><br \/>\u2022Karluk, Ya\u011fma ve \u00c7i\u011fil gibi T\u00fcrk boylar\u0131 taraf\u0131ndan kurulmu\u015ftur.<br \/>\u2022\u0130lk M\u00fcsl\u00fcman T\u00fcrk devletidir.<br \/>\u2022Kurucu Bilge K\u00fcl Kadir Han&#8217;d\u0131r.<br \/>\u2022Satuk Bu\u011fra Han\u2019\u0131n \u0130slam\u2019\u0131 benimsemesinin ard\u0131ndan, Karahanl\u0131lar aras\u0131nda \u0130slamiyet\u2019in yay\u0131l\u0131\u015f\u0131 h\u0131zlanm\u0131\u015ft\u0131r.<br \/>\u2022Mavera\u00fcnnehir ve T\u00fcrkistan b\u00f6lgelerine egemen olmu\u015flard\u0131r.<br \/>\u2022T\u00fcrk- \u0130slam k\u00fclt\u00fcr ve medeniyetinin temelini atm\u0131\u015flard\u0131r.<br \/>\u2022Tarihte burslu \u00f6\u011frenci uygulamas\u0131n\u0131 ger\u00e7ekle\u015ftiren ilk devlettir.<br \/>\u2022Uygur Alfabesi\u2019ni kullanm\u0131\u015flard\u0131r.<br \/>\u2022T\u00fcrk-\u0130slam tarihinde ilk kez posta te\u015fkilat\u0131n\u0131 kurmu\u015flard\u0131r. <br \/>\u2022 \u0130lk T\u00fcrk hastanesini kurmu\u015flard\u0131r. (Bimarhane) <br \/>\u2022T\u00fcrk tarihinde ilk kervansayarlar (ribatlar) Karahanl\u0131lar taraf\u0131ndan yap\u0131lm\u0131\u015ft\u0131r. <br \/>\u2022T\u00fcrk- \u0130slam tarihinin ilk medresesi olan Semerkant Medresesi&#8217;ni yapm\u0131\u015flard\u0131r. <br \/>\u2022Resmi dilleri T\u00fcrk\u00e7e olup, halk\u0131n\u0131n \u00e7o\u011fu T\u00fcrklerden olu\u015fmu\u015ftur. <br \/>\u2022Do\u011fu ve Bat\u0131 Karahanl\u0131lar olarak ikiye ayr\u0131lm\u0131\u015ft\u0131r. <br \/>\u2022Do\u011fu Karahanl\u0131lar ilk ba\u015fta Sel\u00e7uklulara daha sonra da Karah\u0131taylara ba\u011fl\u0131 olarak ya\u015fam\u0131\u015flar, 1211\u2019de y\u0131k\u0131lm\u0131\u015flard\u0131r. <br \/>\u2022Bat\u0131 Karahanl\u0131lar ise Harzem\u015fahlar taraf\u0131ndan 1212\u2019de ortadan kald\u0131r\u0131lm\u0131\u015flard\u0131r.<\/p>\n<p><b>Gazneliler Devleti (963- 1187)<\/b><br \/>\u2022Afganistan&#8217;da Alptekin taraf\u0131ndan kurulmu\u015ftur.<br \/>\u2022Devlet Afganistan da kurulmu\u015f, Horasan (\u0130ran), Hindistan da hakimiyet alan\u0131na girmi\u015ftir.<br \/>\u2022En \u00f6nemli h\u00fck\u00fcmdar\u0131 Gazneli Mahmut&#8217;tur.<br \/>\u2022Gazneli Mahmut Hindistan&#8217;a \u00e7ok say\u0131da sefer d\u00fczenlenmi\u015f, \u0130sl\u00e2miyet&#8217;in burada ilk kez yay\u0131lmas\u0131 sa\u011flanm\u0131\u015ft\u0131r.  <br \/>\u2022Hindistan da uygulanan Kast Sistemi\u2019ne ilk kez darbe vurulmu\u015ftur.<br \/>\u2022Abbasi halifesi \u015eii bask\u0131s\u0131ndan kurtar\u0131lm\u0131\u015ft\u0131r. Bu yard\u0131m\u0131n ard\u0131ndan halife taraf\u0131ndan Gazneli Mahmut&#8217;a Sultan unvan\u0131 verilmi\u015ftir. <br \/>\u2022Sultan \u00fcnvan\u0131n\u0131 ilk kullanan T\u00fcrk h\u00fck\u00fcmdar\u0131 Gazneli Mahmut olmu\u015ftur.<br \/>\u2022Kurulduklar\u0131 b\u00f6lgede T\u00fcrk n\u00fcfusun yo\u011fun olmamas\u0131 ve T\u00fcrk k\u00fclt\u00fcr\u00fcnden kopmalar\u0131 devletin k\u0131sa \u00f6m\u00fcrl\u00fc olmas\u0131na yol a\u00e7m\u0131\u015ft\u0131r. <br \/>\u2022Sarayda T\u00fcrk\u00e7e konu\u015fulmas\u0131na ra\u011fmen, resmi dil Fars\u00e7a, bilim dili olarak Arap\u00e7a, edebiyat dili olarak da Fars\u00e7a&#8217;y\u0131 kullanmalar\u0131, T\u00fcrk dilinin geli\u015fmesini engellemi\u015ftir. <br \/>\u2022Devlet y\u00f6neticileri bilgin ve \u015fairleri korumu\u015flard\u0131r. <br \/>\u2022B\u00fcy\u00fck Sel\u00e7uklularla yapt\u0131klar\u0131 1040 Dandanakan Sava\u015f\u0131nda ma\u011flup olmu\u015flar ve y\u0131k\u0131lma s\u00fcrecine girmi\u015flerdir. <br \/>\u2022Devlet, Hindistan\u2019da ya\u015fayan Gurlular taraf\u0131ndan 1187\u2019de y\u0131k\u0131lm\u0131\u015ft\u0131r.<\/span><\/div>\n<div>\n<span style=\"font-size: large;\"><br \/><\/span><\/div>\n<div>\n<div style=\"margin-bottom: .0001pt; margin: 0cm;\">\n<b><span style=\"color: red; font-size: 13.5pt;\">DAHA FAZLASI \u0130\u00c7\u0130N:<\/span><\/b><span style=\"font-size: 13.5pt;\"><o:p><\/o:p><\/span><\/div>\n<div style=\"margin: 0cm 0cm 0.0001pt;\">\n<\/div>\n<div style=\"margin: 0cm 0cm 0.0001pt;\">\n<span style=\"font-size: 13.5pt;\"><a href=\"https:\/\/tr-tr.facebook.com\/tarihkursu\/\" target=\"_blank\" rel=\"noopener\">FACEBOOK SAYFAMIZI BE\u011eENMEK \u0130\u00c7\u0130N TIKLAYIN<\/a><o:p><\/o:p><\/span><\/div>\n<div style=\"margin: 0cm 0cm 0.0001pt;\">\n<\/div>\n<div style=\"margin: 0cm 0cm 0.0001pt;\">\n<span style=\"font-size: 13.5pt;\"><a href=\"https:\/\/www.youtube.com\/channel\/UCcXZauyDbkHjddTYFBn4BCw\" target=\"_blank\" rel=\"noopener\">YOUTUBE KANALIMIZA ABONE OLUN<\/a><o:p><\/o:p><\/span><\/div>\n<div>\n<\/div>\n<\/div>\n","protected":false},"excerpt":{"rendered":"<div class=\"mh-excerpt\"><p>TALAS SAVA\u015eI (751) T\u00dcRKLER\u0130N \u0130SLAM&#8217;I TANIMALARI\u2022T\u00fcrkler, Araplarla \u0130slam \u00f6ncesi d\u00f6nemden ba\u015flayarak ticari ili\u015fkiler kurmu\u015flard\u0131r. \u2022Bu ili\u015fki Hz. \u00d6mer D\u00f6nemi&#8217;nden itibaren s\u0131n\u0131r kom\u015fulu\u011fu h\u00e2line gelmi\u015ftir. \u2022Hz. <a class=\"mh-excerpt-more\" href=\"https:\/\/tarihkursu.com\/index.php\/2017\/07\/25\/18-turklerin-islamiyeti-kabulu-ve-anadoluya-yerlesmesi-talas-savasi-karahanlilar-gazneliler\/\" title=\"18- T\u00dcRKLER\u0130N \u0130SLAM\u0130YET\u2019\u0130 KABUL\u00dc VE ANADOLU\u2019YA YERLE\u015eMES\u0130, TALAS SAVA\u015eI, KARAHANLILAR, GAZNEL\u0130LER&#8230;\">[&#8230;]<\/a><\/p>\n<\/div>","protected":false},"author":2,"featured_media":0,"comment_status":"open","ping_status":"open","sticky":false,"template":"","format":"standard","meta":{"_regular_price":[],"currency_symbol":[],"footnotes":""},"categories":[62],"tags":[],"class_list":["post-1062","post","type-post","status-publish","format-standard","hentry","category-konu-ozetleri"],"post_slider_layout_featured_media_urls":{"thumbnail":"","post_slider_layout_landscape_large":"","post_slider_layout_portrait_large":"","post_slider_layout_square_large":"","post_slider_layout_landscape":"","post_slider_layout_portrait":"","post_slider_layout_square":"","full":""},"yoast_head":"<!-- This site is optimized with the Yoast SEO plugin v27.5 - https:\/\/yoast.com\/product\/yoast-seo-wordpress\/ -->\n<title>18- T\u00dcRKLER\u0130N \u0130SLAM\u0130YET\u2019\u0130 KABUL\u00dc VE ANADOLU\u2019YA YERLE\u015eMES\u0130, TALAS SAVA\u015eI, KARAHANLILAR, GAZNEL\u0130LER... - tarihkursu.com<\/title>\n<meta name=\"robots\" content=\"index, follow, max-snippet:-1, max-image-preview:large, max-video-preview:-1\" \/>\n<link rel=\"canonical\" href=\"https:\/\/tarihkursu.com\/index.php\/2017\/07\/25\/18-turklerin-islamiyeti-kabulu-ve-anadoluya-yerlesmesi-talas-savasi-karahanlilar-gazneliler\/\" \/>\n<meta property=\"og:locale\" content=\"tr_TR\" \/>\n<meta property=\"og:type\" content=\"article\" \/>\n<meta property=\"og:title\" content=\"18- T\u00dcRKLER\u0130N \u0130SLAM\u0130YET\u2019\u0130 KABUL\u00dc VE ANADOLU\u2019YA YERLE\u015eMES\u0130, TALAS SAVA\u015eI, KARAHANLILAR, GAZNEL\u0130LER... - tarihkursu.com\" \/>\n<meta property=\"og:description\" content=\"TALAS SAVA\u015eI (751) T\u00dcRKLER\u0130N \u0130SLAM&#8217;I TANIMALARI\u2022T\u00fcrkler, Araplarla \u0130slam \u00f6ncesi d\u00f6nemden ba\u015flayarak ticari ili\u015fkiler kurmu\u015flard\u0131r. \u2022Bu ili\u015fki Hz. \u00d6mer D\u00f6nemi&#8217;nden itibaren s\u0131n\u0131r kom\u015fulu\u011fu h\u00e2line gelmi\u015ftir. \u2022Hz. [...]\" \/>\n<meta property=\"og:url\" content=\"https:\/\/tarihkursu.com\/index.php\/2017\/07\/25\/18-turklerin-islamiyeti-kabulu-ve-anadoluya-yerlesmesi-talas-savasi-karahanlilar-gazneliler\/\" \/>\n<meta property=\"og:site_name\" content=\"tarihkursu.com\" \/>\n<meta property=\"article:published_time\" content=\"2017-07-25T18:23:00+00:00\" \/>\n<meta name=\"author\" content=\"tarihkursu\" \/>\n<meta name=\"twitter:card\" content=\"summary_large_image\" \/>\n<meta name=\"twitter:label1\" content=\"Yazan:\" \/>\n\t<meta name=\"twitter:data1\" content=\"tarihkursu\" \/>\n\t<meta name=\"twitter:label2\" content=\"Tahmini okuma s\u00fcresi\" \/>\n\t<meta name=\"twitter:data2\" content=\"5 dakika\" \/>\n<script type=\"application\/ld+json\" class=\"yoast-schema-graph\">{\"@context\":\"https:\\\/\\\/schema.org\",\"@graph\":[{\"@type\":\"Article\",\"@id\":\"https:\\\/\\\/tarihkursu.com\\\/index.php\\\/2017\\\/07\\\/25\\\/18-turklerin-islamiyeti-kabulu-ve-anadoluya-yerlesmesi-talas-savasi-karahanlilar-gazneliler\\\/#article\",\"isPartOf\":{\"@id\":\"https:\\\/\\\/tarihkursu.com\\\/index.php\\\/2017\\\/07\\\/25\\\/18-turklerin-islamiyeti-kabulu-ve-anadoluya-yerlesmesi-talas-savasi-karahanlilar-gazneliler\\\/\"},\"author\":{\"name\":\"tarihkursu\",\"@id\":\"https:\\\/\\\/tarihkursu.com\\\/#\\\/schema\\\/person\\\/d0f9105e31352dbe9f08d098ffb8c878\"},\"headline\":\"18- T\u00dcRKLER\u0130N \u0130SLAM\u0130YET\u2019\u0130 KABUL\u00dc VE ANADOLU\u2019YA YERLE\u015eMES\u0130, TALAS SAVA\u015eI, KARAHANLILAR, GAZNEL\u0130LER&#8230;\",\"datePublished\":\"2017-07-25T18:23:00+00:00\",\"mainEntityOfPage\":{\"@id\":\"https:\\\/\\\/tarihkursu.com\\\/index.php\\\/2017\\\/07\\\/25\\\/18-turklerin-islamiyeti-kabulu-ve-anadoluya-yerlesmesi-talas-savasi-karahanlilar-gazneliler\\\/\"},\"wordCount\":979,\"commentCount\":0,\"publisher\":{\"@id\":\"https:\\\/\\\/tarihkursu.com\\\/#\\\/schema\\\/person\\\/4d7bdc3b79e9f5198455474c0f203f3c\"},\"articleSection\":[\"KONU \u00d6ZETLER\u0130\"],\"inLanguage\":\"tr\",\"potentialAction\":[{\"@type\":\"CommentAction\",\"name\":\"Comment\",\"target\":[\"https:\\\/\\\/tarihkursu.com\\\/index.php\\\/2017\\\/07\\\/25\\\/18-turklerin-islamiyeti-kabulu-ve-anadoluya-yerlesmesi-talas-savasi-karahanlilar-gazneliler\\\/#respond\"]}]},{\"@type\":\"WebPage\",\"@id\":\"https:\\\/\\\/tarihkursu.com\\\/index.php\\\/2017\\\/07\\\/25\\\/18-turklerin-islamiyeti-kabulu-ve-anadoluya-yerlesmesi-talas-savasi-karahanlilar-gazneliler\\\/\",\"url\":\"https:\\\/\\\/tarihkursu.com\\\/index.php\\\/2017\\\/07\\\/25\\\/18-turklerin-islamiyeti-kabulu-ve-anadoluya-yerlesmesi-talas-savasi-karahanlilar-gazneliler\\\/\",\"name\":\"18- T\u00dcRKLER\u0130N \u0130SLAM\u0130YET\u2019\u0130 KABUL\u00dc VE ANADOLU\u2019YA YERLE\u015eMES\u0130, TALAS SAVA\u015eI, KARAHANLILAR, GAZNEL\u0130LER... - tarihkursu.com\",\"isPartOf\":{\"@id\":\"https:\\\/\\\/tarihkursu.com\\\/#website\"},\"datePublished\":\"2017-07-25T18:23:00+00:00\",\"breadcrumb\":{\"@id\":\"https:\\\/\\\/tarihkursu.com\\\/index.php\\\/2017\\\/07\\\/25\\\/18-turklerin-islamiyeti-kabulu-ve-anadoluya-yerlesmesi-talas-savasi-karahanlilar-gazneliler\\\/#breadcrumb\"},\"inLanguage\":\"tr\",\"potentialAction\":[{\"@type\":\"ReadAction\",\"target\":[\"https:\\\/\\\/tarihkursu.com\\\/index.php\\\/2017\\\/07\\\/25\\\/18-turklerin-islamiyeti-kabulu-ve-anadoluya-yerlesmesi-talas-savasi-karahanlilar-gazneliler\\\/\"]}]},{\"@type\":\"BreadcrumbList\",\"@id\":\"https:\\\/\\\/tarihkursu.com\\\/index.php\\\/2017\\\/07\\\/25\\\/18-turklerin-islamiyeti-kabulu-ve-anadoluya-yerlesmesi-talas-savasi-karahanlilar-gazneliler\\\/#breadcrumb\",\"itemListElement\":[{\"@type\":\"ListItem\",\"position\":1,\"name\":\"Anasayfa\",\"item\":\"https:\\\/\\\/tarihkursu.com\\\/\"},{\"@type\":\"ListItem\",\"position\":2,\"name\":\"18- T\u00dcRKLER\u0130N \u0130SLAM\u0130YET\u2019\u0130 KABUL\u00dc VE ANADOLU\u2019YA YERLE\u015eMES\u0130, TALAS SAVA\u015eI, KARAHANLILAR, GAZNEL\u0130LER&#8230;\"}]},{\"@type\":\"WebSite\",\"@id\":\"https:\\\/\\\/tarihkursu.com\\\/#website\",\"url\":\"https:\\\/\\\/tarihkursu.com\\\/\",\"name\":\"Tarih Kursu\",\"description\":\"\u0130\u015fimiz G\u00fcc\u00fcm\u00fcz Tarih\",\"publisher\":{\"@id\":\"https:\\\/\\\/tarihkursu.com\\\/#\\\/schema\\\/person\\\/4d7bdc3b79e9f5198455474c0f203f3c\"},\"potentialAction\":[{\"@type\":\"SearchAction\",\"target\":{\"@type\":\"EntryPoint\",\"urlTemplate\":\"https:\\\/\\\/tarihkursu.com\\\/?s={search_term_string}\"},\"query-input\":{\"@type\":\"PropertyValueSpecification\",\"valueRequired\":true,\"valueName\":\"search_term_string\"}}],\"inLanguage\":\"tr\"},{\"@type\":[\"Person\",\"Organization\"],\"@id\":\"https:\\\/\\\/tarihkursu.com\\\/#\\\/schema\\\/person\\\/4d7bdc3b79e9f5198455474c0f203f3c\",\"name\":\"admin\",\"image\":{\"@type\":\"ImageObject\",\"inLanguage\":\"tr\",\"@id\":\"https:\\\/\\\/tarihkursu.com\\\/wp-content\\\/uploads\\\/2024\\\/10\\\/TARIHKURSU-Kopyasi.png\",\"url\":\"https:\\\/\\\/tarihkursu.com\\\/wp-content\\\/uploads\\\/2024\\\/10\\\/TARIHKURSU-Kopyasi.png\",\"contentUrl\":\"https:\\\/\\\/tarihkursu.com\\\/wp-content\\\/uploads\\\/2024\\\/10\\\/TARIHKURSU-Kopyasi.png\",\"width\":1080,\"height\":1080,\"caption\":\"admin\"},\"logo\":{\"@id\":\"https:\\\/\\\/tarihkursu.com\\\/wp-content\\\/uploads\\\/2024\\\/10\\\/TARIHKURSU-Kopyasi.png\"},\"sameAs\":[\"https:\\\/\\\/tarihkursu.com\"]},{\"@type\":\"Person\",\"@id\":\"https:\\\/\\\/tarihkursu.com\\\/#\\\/schema\\\/person\\\/d0f9105e31352dbe9f08d098ffb8c878\",\"name\":\"tarihkursu\",\"image\":{\"@type\":\"ImageObject\",\"inLanguage\":\"tr\",\"@id\":\"https:\\\/\\\/secure.gravatar.com\\\/avatar\\\/1354763acbc865faa7650c3e1e4431f187276d71f132349411302a546cdeae54?s=96&d=mm&r=g\",\"url\":\"https:\\\/\\\/secure.gravatar.com\\\/avatar\\\/1354763acbc865faa7650c3e1e4431f187276d71f132349411302a546cdeae54?s=96&d=mm&r=g\",\"contentUrl\":\"https:\\\/\\\/secure.gravatar.com\\\/avatar\\\/1354763acbc865faa7650c3e1e4431f187276d71f132349411302a546cdeae54?s=96&d=mm&r=g\",\"caption\":\"tarihkursu\"},\"url\":\"https:\\\/\\\/tarihkursu.com\\\/index.php\\\/author\\\/tarihkursu\\\/\"}]}<\/script>\n<!-- \/ Yoast SEO plugin. -->","yoast_head_json":{"title":"18- T\u00dcRKLER\u0130N \u0130SLAM\u0130YET\u2019\u0130 KABUL\u00dc VE ANADOLU\u2019YA YERLE\u015eMES\u0130, TALAS SAVA\u015eI, KARAHANLILAR, GAZNEL\u0130LER... - tarihkursu.com","robots":{"index":"index","follow":"follow","max-snippet":"max-snippet:-1","max-image-preview":"max-image-preview:large","max-video-preview":"max-video-preview:-1"},"canonical":"https:\/\/tarihkursu.com\/index.php\/2017\/07\/25\/18-turklerin-islamiyeti-kabulu-ve-anadoluya-yerlesmesi-talas-savasi-karahanlilar-gazneliler\/","og_locale":"tr_TR","og_type":"article","og_title":"18- T\u00dcRKLER\u0130N \u0130SLAM\u0130YET\u2019\u0130 KABUL\u00dc VE ANADOLU\u2019YA YERLE\u015eMES\u0130, TALAS SAVA\u015eI, KARAHANLILAR, GAZNEL\u0130LER... - tarihkursu.com","og_description":"TALAS SAVA\u015eI (751) T\u00dcRKLER\u0130N \u0130SLAM&#8217;I TANIMALARI\u2022T\u00fcrkler, Araplarla \u0130slam \u00f6ncesi d\u00f6nemden ba\u015flayarak ticari ili\u015fkiler kurmu\u015flard\u0131r. \u2022Bu ili\u015fki Hz. \u00d6mer D\u00f6nemi&#8217;nden itibaren s\u0131n\u0131r kom\u015fulu\u011fu h\u00e2line gelmi\u015ftir. \u2022Hz. [...]","og_url":"https:\/\/tarihkursu.com\/index.php\/2017\/07\/25\/18-turklerin-islamiyeti-kabulu-ve-anadoluya-yerlesmesi-talas-savasi-karahanlilar-gazneliler\/","og_site_name":"tarihkursu.com","article_published_time":"2017-07-25T18:23:00+00:00","author":"tarihkursu","twitter_card":"summary_large_image","twitter_misc":{"Yazan:":"tarihkursu","Tahmini okuma s\u00fcresi":"5 dakika"},"schema":{"@context":"https:\/\/schema.org","@graph":[{"@type":"Article","@id":"https:\/\/tarihkursu.com\/index.php\/2017\/07\/25\/18-turklerin-islamiyeti-kabulu-ve-anadoluya-yerlesmesi-talas-savasi-karahanlilar-gazneliler\/#article","isPartOf":{"@id":"https:\/\/tarihkursu.com\/index.php\/2017\/07\/25\/18-turklerin-islamiyeti-kabulu-ve-anadoluya-yerlesmesi-talas-savasi-karahanlilar-gazneliler\/"},"author":{"name":"tarihkursu","@id":"https:\/\/tarihkursu.com\/#\/schema\/person\/d0f9105e31352dbe9f08d098ffb8c878"},"headline":"18- T\u00dcRKLER\u0130N \u0130SLAM\u0130YET\u2019\u0130 KABUL\u00dc VE ANADOLU\u2019YA YERLE\u015eMES\u0130, TALAS SAVA\u015eI, KARAHANLILAR, GAZNEL\u0130LER&#8230;","datePublished":"2017-07-25T18:23:00+00:00","mainEntityOfPage":{"@id":"https:\/\/tarihkursu.com\/index.php\/2017\/07\/25\/18-turklerin-islamiyeti-kabulu-ve-anadoluya-yerlesmesi-talas-savasi-karahanlilar-gazneliler\/"},"wordCount":979,"commentCount":0,"publisher":{"@id":"https:\/\/tarihkursu.com\/#\/schema\/person\/4d7bdc3b79e9f5198455474c0f203f3c"},"articleSection":["KONU \u00d6ZETLER\u0130"],"inLanguage":"tr","potentialAction":[{"@type":"CommentAction","name":"Comment","target":["https:\/\/tarihkursu.com\/index.php\/2017\/07\/25\/18-turklerin-islamiyeti-kabulu-ve-anadoluya-yerlesmesi-talas-savasi-karahanlilar-gazneliler\/#respond"]}]},{"@type":"WebPage","@id":"https:\/\/tarihkursu.com\/index.php\/2017\/07\/25\/18-turklerin-islamiyeti-kabulu-ve-anadoluya-yerlesmesi-talas-savasi-karahanlilar-gazneliler\/","url":"https:\/\/tarihkursu.com\/index.php\/2017\/07\/25\/18-turklerin-islamiyeti-kabulu-ve-anadoluya-yerlesmesi-talas-savasi-karahanlilar-gazneliler\/","name":"18- T\u00dcRKLER\u0130N \u0130SLAM\u0130YET\u2019\u0130 KABUL\u00dc VE ANADOLU\u2019YA YERLE\u015eMES\u0130, TALAS SAVA\u015eI, KARAHANLILAR, GAZNEL\u0130LER... - tarihkursu.com","isPartOf":{"@id":"https:\/\/tarihkursu.com\/#website"},"datePublished":"2017-07-25T18:23:00+00:00","breadcrumb":{"@id":"https:\/\/tarihkursu.com\/index.php\/2017\/07\/25\/18-turklerin-islamiyeti-kabulu-ve-anadoluya-yerlesmesi-talas-savasi-karahanlilar-gazneliler\/#breadcrumb"},"inLanguage":"tr","potentialAction":[{"@type":"ReadAction","target":["https:\/\/tarihkursu.com\/index.php\/2017\/07\/25\/18-turklerin-islamiyeti-kabulu-ve-anadoluya-yerlesmesi-talas-savasi-karahanlilar-gazneliler\/"]}]},{"@type":"BreadcrumbList","@id":"https:\/\/tarihkursu.com\/index.php\/2017\/07\/25\/18-turklerin-islamiyeti-kabulu-ve-anadoluya-yerlesmesi-talas-savasi-karahanlilar-gazneliler\/#breadcrumb","itemListElement":[{"@type":"ListItem","position":1,"name":"Anasayfa","item":"https:\/\/tarihkursu.com\/"},{"@type":"ListItem","position":2,"name":"18- T\u00dcRKLER\u0130N \u0130SLAM\u0130YET\u2019\u0130 KABUL\u00dc VE ANADOLU\u2019YA YERLE\u015eMES\u0130, TALAS SAVA\u015eI, KARAHANLILAR, GAZNEL\u0130LER&#8230;"}]},{"@type":"WebSite","@id":"https:\/\/tarihkursu.com\/#website","url":"https:\/\/tarihkursu.com\/","name":"Tarih Kursu","description":"\u0130\u015fimiz G\u00fcc\u00fcm\u00fcz Tarih","publisher":{"@id":"https:\/\/tarihkursu.com\/#\/schema\/person\/4d7bdc3b79e9f5198455474c0f203f3c"},"potentialAction":[{"@type":"SearchAction","target":{"@type":"EntryPoint","urlTemplate":"https:\/\/tarihkursu.com\/?s={search_term_string}"},"query-input":{"@type":"PropertyValueSpecification","valueRequired":true,"valueName":"search_term_string"}}],"inLanguage":"tr"},{"@type":["Person","Organization"],"@id":"https:\/\/tarihkursu.com\/#\/schema\/person\/4d7bdc3b79e9f5198455474c0f203f3c","name":"admin","image":{"@type":"ImageObject","inLanguage":"tr","@id":"https:\/\/tarihkursu.com\/wp-content\/uploads\/2024\/10\/TARIHKURSU-Kopyasi.png","url":"https:\/\/tarihkursu.com\/wp-content\/uploads\/2024\/10\/TARIHKURSU-Kopyasi.png","contentUrl":"https:\/\/tarihkursu.com\/wp-content\/uploads\/2024\/10\/TARIHKURSU-Kopyasi.png","width":1080,"height":1080,"caption":"admin"},"logo":{"@id":"https:\/\/tarihkursu.com\/wp-content\/uploads\/2024\/10\/TARIHKURSU-Kopyasi.png"},"sameAs":["https:\/\/tarihkursu.com"]},{"@type":"Person","@id":"https:\/\/tarihkursu.com\/#\/schema\/person\/d0f9105e31352dbe9f08d098ffb8c878","name":"tarihkursu","image":{"@type":"ImageObject","inLanguage":"tr","@id":"https:\/\/secure.gravatar.com\/avatar\/1354763acbc865faa7650c3e1e4431f187276d71f132349411302a546cdeae54?s=96&d=mm&r=g","url":"https:\/\/secure.gravatar.com\/avatar\/1354763acbc865faa7650c3e1e4431f187276d71f132349411302a546cdeae54?s=96&d=mm&r=g","contentUrl":"https:\/\/secure.gravatar.com\/avatar\/1354763acbc865faa7650c3e1e4431f187276d71f132349411302a546cdeae54?s=96&d=mm&r=g","caption":"tarihkursu"},"url":"https:\/\/tarihkursu.com\/index.php\/author\/tarihkursu\/"}]}},"_links":{"self":[{"href":"https:\/\/tarihkursu.com\/index.php\/wp-json\/wp\/v2\/posts\/1062","targetHints":{"allow":["GET"]}}],"collection":[{"href":"https:\/\/tarihkursu.com\/index.php\/wp-json\/wp\/v2\/posts"}],"about":[{"href":"https:\/\/tarihkursu.com\/index.php\/wp-json\/wp\/v2\/types\/post"}],"author":[{"embeddable":true,"href":"https:\/\/tarihkursu.com\/index.php\/wp-json\/wp\/v2\/users\/2"}],"replies":[{"embeddable":true,"href":"https:\/\/tarihkursu.com\/index.php\/wp-json\/wp\/v2\/comments?post=1062"}],"version-history":[{"count":0,"href":"https:\/\/tarihkursu.com\/index.php\/wp-json\/wp\/v2\/posts\/1062\/revisions"}],"wp:attachment":[{"href":"https:\/\/tarihkursu.com\/index.php\/wp-json\/wp\/v2\/media?parent=1062"}],"wp:term":[{"taxonomy":"category","embeddable":true,"href":"https:\/\/tarihkursu.com\/index.php\/wp-json\/wp\/v2\/categories?post=1062"},{"taxonomy":"post_tag","embeddable":true,"href":"https:\/\/tarihkursu.com\/index.php\/wp-json\/wp\/v2\/tags?post=1062"}],"curies":[{"name":"wp","href":"https:\/\/api.w.org\/{rel}","templated":true}]}}