{"id":1064,"date":"2017-07-25T20:50:00","date_gmt":"2017-07-25T17:50:00","guid":{"rendered":"https:\/\/tarihkursu.com\/index.php\/2017\/07\/25\/16-emeviler-abbasiler\/"},"modified":"2017-07-25T20:50:00","modified_gmt":"2017-07-25T17:50:00","slug":"16-emeviler-abbasiler","status":"publish","type":"post","link":"https:\/\/tarihkursu.com\/index.php\/2017\/07\/25\/16-emeviler-abbasiler\/","title":{"rendered":"16- EMEV\u0130LER, ABBAS\u0130LER"},"content":{"rendered":"<p><span style=\"font-size: large;\"><b><span style=\"color: red;\">EMEV\u0130LER D\u00d6NEM\u0130 (661 -750)<\/span><\/b><\/p>\n<p><b>Maviye D\u00f6nemi<\/b><br \/>\u2022Hz. Ali&#8217;nin \u015fehit edilmesi \u00fczerine K\u00fcfeliler Hz. Ali&#8217;nin o\u011flu Hz. Hasan\u0131 halife se\u00e7tirmi\u015fler, Muaviye de \u015eam&#8217;da halifeli\u011fini ilan<a name='more'><\/a> etmi\u015ftir. M\u00fcsl\u00fcmanlar aras\u0131nda kan d\u00f6k\u00fclmesini istemeyen Hz. Hasan, Muaviye ile anla\u015farak halifelikten \u00e7ekilmi\u015ftir.<br \/>\u2022Muaviye devlet merkezini \u015eam&#8217;a ta\u015f\u0131m\u0131\u015ft\u0131r.<br \/>\u2022\u0130stanbul iki kez ku\u015fat\u0131lm\u0131\u015ft\u0131r.<br \/>\u2022Muaviye ve o\u011flu Yezid d\u00f6nemlerinde Mavera\u00fcnnehir, Harzem, T\u00fcrkistan ve Buhara ele ge\u00e7irilmi\u015ftir.<br \/>\u2022Tunus&#8217;taki Kartaca&#8217;ya kadar olan b\u00f6lgelerin fethedilmesi ile Kuzey Afrika&#8217;daki Do\u011fu Roma egemenli\u011fi sona ermi\u015ftir.<\/p>\n<p><b>Kerbela Olay\u0131 (680)<\/b><br \/>\u2022Muaviye \u00f6lmeden \u00f6nce o\u011flu Yezidi halife ilan etmi\u015f ve halifeli\u011fi saltanat haline getirmi\u015ftir.<br \/>\u2022Muaviyenin \u00f6l\u00fcm\u00fc \u00fczerine o\u011flu Yezid halifeli\u011fini ilan etmi\u015f ancak K\u00fbfeliler onu kabul etmeyip Hz. Ali&#8217;nin k\u00fc\u00e7\u00fck o\u011flu Hz. H\u00fcseyin &#8216;i halife se\u00e7tirmek istemi\u015flerdir. Bunun i\u00e7in Hz. H\u00fcseyin&#8217;i K\u00fcfeye davet ettiler. Bunu haber alan Yezid, Hz. H\u00fcseyin&#8217;in Kerbela \u00f6nlerinde yolunu kestirerek Hz. H\u00fcseyin&#8217;in teslim olmas\u0131n\u0131 istemi\u015ftir. Bu istekleri kabul edilmeyince Hz. H\u00fcseyin \u015fehit edilmi\u015ftir. <br \/>\u2022Hz. H\u00fcseyin&#8217;in \u015fehit edilmesiyle M\u00fcsl\u00fcmanlar aras\u0131ndaki ayr\u0131l\u0131k daha da belirginle\u015fmi\u015ftir.<br \/><b><br \/>Abd\u00fclmelik D\u00f6nemi<\/b><br \/>\u2022Arap\u00e7a resmi dil ilan edildi<br \/>\u2022\u0130lk \u0130slam paras\u0131 bast\u0131r\u0131ld\u0131.<br \/><b><br \/>Velid D\u00f6nemi <\/b><\/p>\n<p>\u2022711 Kadisk sava\u015f\u0131 ile \u0130spanya Tar\u0131k B. Ziyad taraf\u0131ndan fethedilmi\u015f ve buraya End\u00fcl\u00fcs ad\u0131 verilmi\u015ftir. <br \/>\u2022Avrupadaki ilerleyi\u015f Fransa da Franklarla yap\u0131lan 732 Puvatya Sava\u015f\u0131yla sona ermi\u015ftir. <\/p>\n<p><b>K\u00fclt\u00fcrel Hayat<\/b><br \/>\u2022Emeviler D\u00f6nemi&#8217;nde \u0130slam sanat\u0131 geli\u015fmi\u015ftir. Fethedilen yerlerin mimari \u00f6zellikleri \u0130slam sanat\u0131na eklenmi\u015ftir.<br \/>\u2022T\u00fcrklerden kubbe ve kemer kavramlar\u0131 Araplara ge\u00e7mi\u015ftir.<br \/>\u2022Camilerde mihrap, minare ve \u015fad\u0131rvan gibi yap\u0131lar ilk kez Emeviler D\u00f6neminde kullan\u0131lmaya ba\u015flanm\u0131\u015ft\u0131r.<br \/>\u2022Abd\u00fclmelik D\u00f6neminde ilk \u0130slam paras\u0131 bas\u0131lm\u0131\u015f, resmi dil Arap\u00e7a olarak benimsenmi\u015ftir. Saray hayat\u0131 <br \/>\u2022Emeviler ile birlikte ba\u015flam\u0131\u015ft\u0131r. \u015eiir bu d\u00f6nemde yeniden \u00f6nem kazanm\u0131\u015ft\u0131r. Ayr\u0131ca toplumun g\u00f6rg\u00fc ve ahlak\u0131n\u0131 y\u00fckseltmek gayesiyle nesir t\u00fcr\u00fcnde (edeb) eserler yaz\u0131lm\u0131\u015ft\u0131r.<\/p>\n<p><b>Emevilerin Y\u0131k\u0131l\u0131\u015f\u0131 (750)<\/b><br \/>Devletin y\u0131k\u0131lmas\u0131nda;<br \/>\u2022\u0130mparatorlu\u011fun \u00e7ok geni\u015f s\u0131n\u0131rlara ula\u015fmas\u0131 sonucu merkezi otoritenin zay\u0131flamas\u0131,<br \/>\u2022\u015eiilerin halifeli\u011fi ele ge\u00e7irme m\u00fccadelelerini s\u00fcrd\u00fcrmeleri.<br \/>\u2022Devlet makamlar\u0131na genellikle Emevi ailesi d\u0131\u015f\u0131nda y\u00f6neticilerin getirilmemesi,<br \/>\u2022Emevilerin Arap milliyet\u00e7ili\u011fi (Mevali politikas\u0131) yapmalar\u0131,<br \/>\u2022Emevi egemenli\u011findeki Arap olmayan M\u00fcsl\u00fcmanlar\u0131n y\u00f6netime kar\u015f\u0131 tav\u0131r almalar\u0131,<br \/>\u2022Hz. Muhammed&#8217;in soyundan gelenlerin Emevi y\u00f6netimine kar\u015f\u0131 m\u00fccadeleleri etkili olmu\u015ftur.<br \/>\u2022Emeviler T\u00fcrklerin de deste\u011fini alan Abbasiler taraf\u0131ndan y\u0131k\u0131lm\u0131\u015ft\u0131r.<\/p>\n<p><b><span style=\"color: red;\">ABBAS\u0130LER (750- 1258)<\/span><\/b><br \/><\/span><\/p>\n<div>\n<span style=\"font-size: large;\"><b>Siyasi hayat<\/b><br \/>\u2022Ebu M\u00fcslim&#8217;in K\u00fcfede Eb&#8217;ul Abbasi halife ilan etmesiyle Abbasi Devleti kurulmu\u015ftur. Devletin ad\u0131 kurucusundan gelmi\u015ftir.<br \/>\u2022Ebu Cafer Mansur D\u00f6neminde devletin ba\u015fkenti K\u00fcfe den Ba\u011fdat&#8217;a ta\u015f\u0131nm\u0131\u015ft\u0131r.<br \/>\u2022En parlak d\u00f6nemi Harun Re\u015fid D\u00f6nemi dir..<br \/>\u2022Abbasiler D\u00f6neminde T\u00fcrkler ile olan ili\u015fkiler d\u00fczelmi\u015f hatta Talas Sava\u015f\u0131nda Abbasi ordusuna T\u00fcrkler yard\u0131m etmi\u015f ve sava\u015f\u0131 Abbasiler kazanm\u0131\u015ft\u0131r ve bu sava\u015f sonucunda T\u00fcrk &#8211; Arap ili\u015fkileri iyice artm\u0131\u015f, T\u00fcrkler kitleler halinde M\u00fcsl\u00fcmanl\u0131\u011f\u0131 benimsemeye ba\u015flam\u0131\u015flard\u0131r.<br \/> \u2022Mutas\u0131m D\u00f6neminde T\u00fcrklerin sava\u015f\u00e7\u0131 \u00f6zelliklerini yitirmeleri \u00f6nlemek amac\u0131yla T\u00fcrklerin yerle\u015fmesi i\u00e7in Samarra \u015fehrini in\u015fa etmi\u015flerdir. <br \/>\u2022T\u00fcrkler Do\u011fu Romal\u0131lara kar\u015f\u0131 \u0130slamiyet&#8217;i savunmak i\u00e7in sava\u015fm\u0131\u015flar ve \u00e7\u0131kan isyanlar\u0131 bast\u0131rm\u0131\u015flard\u0131r. T\u00fcrklerin bir k\u0131sm\u0131 Bizans\u2019tan gelebilecek sald\u0131r\u0131lar\u0131 \u00f6nlemek i\u00e7in Avas\u0131m ad\u0131 verilen s\u0131n\u0131r \u015fehirlere yerle\u015ftirilmi\u015flerdir. 847 y\u0131l\u0131ndan itibaren halifelerin otoritelerinin zay\u0131flamas\u0131, Abbasi Devletinin par\u00e7alanmas\u0131na sebep olmu\u015ftur.<\/p>\n<p><b>K\u00fclt\u00fcr ve Medeniyet<\/b><br \/>\u2022Abbasiler b\u00fct\u00fcn M\u00fcsl\u00fcmanlara e\u015fit de\u011fer vererek mevali anlay\u0131\u015f\u0131na son vermi\u015flerdir. \u0130ranl\u0131lar ve T\u00fcrkler \u00f6nemli devlet g\u00f6revlerine getirilmi\u015flerdir.<br \/>\u2022Abbasiler T\u00fcrkler i\u00e7in \u015fehirler in\u015fa etmi\u015flerdir (Avas\u0131m ve Samarra gibi).<br \/>\u2022Abbasiler devlet i\u015flerinin y\u00fcr\u00fct\u00fclmesinin kolayla\u015fmas\u0131 amac\u0131yla vezirlik makam\u0131n\u0131 kurmu\u015flar ve vezirlere geni\u015f yetkiler vermi\u015flerdir.<br \/>\u2022Hz. \u00d6mer D\u00f6nemi&#8217;nde kurulan divan\u0131 geli\u015ftirmi\u015flerdir.<br \/>\u2022\u00c7inlilerden ka\u011f\u0131t yap\u0131m\u0131n\u0131 \u00f6\u011frenmi\u015flerdir.<br \/>\u2022Abbasiler Eflatun, Aristo gibi filozoflar\u0131n eserlerini Arap\u00e7aya \u00e7evirmi\u015fler ve bilim alan\u0131nda geli\u015fmeler ya\u015fanm\u0131\u015ft\u0131r. <br \/>\u2022Memun D\u00f6neminde Ba\u011fdat&#8217;ta Beyt&#8217;\u00fcl Hikme  (Bilgi Evi) ad\u0131yla bir y\u00fcksekokul ve k\u00fct\u00fcphane kurulmu\u015ftur. <br \/>\u2022Abbasiler d\u00f6nemi \u0130slam tarihinde \u0130slam R\u00f6nesans\u2019\u0131 olarak bilinir <br \/>\u20221258 y\u0131l\u0131nda \u0130lhanl\u0131lar taraf\u0131ndan Ba\u011fdat ele ge\u00e7irilmi\u015f ve b\u00fct\u00fcn k\u00fct\u00fcphaneler tahrip edilmi\u015ftir. <br \/>\u2022Abbasi ailesinden kurtulabilenler M\u0131s\u0131r\u2019a gitmi\u015f, Meml\u00fbk sultan\u0131 Baybars. Abbasi ailesinden Mustas\u0131m&#8217;\u0131 M\u0131s\u0131r&#8217;da halife ilan etmi\u015ftir. Meml\u00fckl\u00fc himayesindeki Abbasi halifeli\u011fi, Osmanl\u0131lar\u0131n M\u0131s\u0131r&#8217;\u0131 fethine kadar M\u0131s\u0131r&#8217;da devam etmi\u015ftir.<\/p>\n<p>Abbasi Devleti&#8217;nin Par\u00e7alanmas\u0131 ile Ortaya \u00c7\u0131kan Devletler<br \/><b>M\u0131s\u0131r<\/b><br \/>Toluno\u011fullar\u0131<br \/>Ih\u015fidiler<\/p>\n<p><b>Horasan<\/b><br \/>Tahiriler<\/p>\n<p><b>Kuzey Afrika <\/b><br \/>A\u011flebiler <\/p>\n<p><b>Mavera\u00fcnnehir<\/b><br \/>Samano\u011fullar\u0131<\/p>\n<p><b>\u0130ran ve Irak <\/b><br \/>B\u00fcveyho\u011fullar\u0131<\/span><\/div>\n<div>\n<span style=\"font-size: large;\"><br \/><\/span><\/p>\n<div style=\"margin-bottom: .0001pt; margin: 0cm;\">\n<b><span style=\"color: red; font-size: 13.5pt;\">DAHA FAZLASI \u0130\u00c7\u0130N:<\/span><\/b><span style=\"font-size: 13.5pt;\"><o:p><\/o:p><\/span><\/div>\n<div style=\"margin: 0cm 0cm 0.0001pt;\">\n<\/div>\n<div style=\"margin: 0cm 0cm 0.0001pt;\">\n<span style=\"font-size: 13.5pt;\"><a href=\"https:\/\/tr-tr.facebook.com\/tarihkursu\/\" target=\"_blank\" rel=\"noopener\">FACEBOOK SAYFAMIZI BE\u011eENMEK \u0130\u00c7\u0130N TIKLAYIN<\/a><o:p><\/o:p><\/span><\/div>\n<div style=\"margin: 0cm 0cm 0.0001pt;\">\n<\/div>\n<div style=\"margin: 0cm 0cm 0.0001pt;\">\n<span style=\"font-size: 13.5pt;\"><a href=\"https:\/\/www.youtube.com\/channel\/UCcXZauyDbkHjddTYFBn4BCw\" target=\"_blank\" rel=\"noopener\">YOUTUBE KANALIMIZA ABONE OLUN<\/a><o:p><\/o:p><\/span><\/div>\n<div>\n<\/div>\n<\/div>\n","protected":false},"excerpt":{"rendered":"<div class=\"mh-excerpt\"><p>EMEV\u0130LER D\u00d6NEM\u0130 (661 -750) Maviye D\u00f6nemi\u2022Hz. Ali&#8217;nin \u015fehit edilmesi \u00fczerine K\u00fcfeliler Hz. Ali&#8217;nin o\u011flu Hz. Hasan\u0131 halife se\u00e7tirmi\u015fler, Muaviye de \u015eam&#8217;da halifeli\u011fini ilan etmi\u015ftir. M\u00fcsl\u00fcmanlar <a class=\"mh-excerpt-more\" href=\"https:\/\/tarihkursu.com\/index.php\/2017\/07\/25\/16-emeviler-abbasiler\/\" title=\"16- EMEV\u0130LER, ABBAS\u0130LER\">[&#8230;]<\/a><\/p>\n<\/div>","protected":false},"author":2,"featured_media":0,"comment_status":"open","ping_status":"open","sticky":false,"template":"","format":"standard","meta":{"_regular_price":[],"currency_symbol":[],"footnotes":""},"categories":[62],"tags":[],"class_list":["post-1064","post","type-post","status-publish","format-standard","hentry","category-konu-ozetleri"],"post_slider_layout_featured_media_urls":{"thumbnail":"","post_slider_layout_landscape_large":"","post_slider_layout_portrait_large":"","post_slider_layout_square_large":"","post_slider_layout_landscape":"","post_slider_layout_portrait":"","post_slider_layout_square":"","full":""},"yoast_head":"<!-- This site is optimized with the Yoast SEO plugin v27.5 - https:\/\/yoast.com\/product\/yoast-seo-wordpress\/ -->\n<title>16- EMEV\u0130LER, ABBAS\u0130LER - tarihkursu.com<\/title>\n<meta name=\"robots\" content=\"index, follow, max-snippet:-1, max-image-preview:large, max-video-preview:-1\" \/>\n<link rel=\"canonical\" href=\"https:\/\/tarihkursu.com\/index.php\/2017\/07\/25\/16-emeviler-abbasiler\/\" \/>\n<meta property=\"og:locale\" content=\"tr_TR\" \/>\n<meta property=\"og:type\" content=\"article\" \/>\n<meta property=\"og:title\" content=\"16- EMEV\u0130LER, ABBAS\u0130LER - tarihkursu.com\" \/>\n<meta property=\"og:description\" content=\"EMEV\u0130LER D\u00d6NEM\u0130 (661 -750) Maviye D\u00f6nemi\u2022Hz. Ali&#8217;nin \u015fehit edilmesi \u00fczerine K\u00fcfeliler Hz. Ali&#8217;nin o\u011flu Hz. Hasan\u0131 halife se\u00e7tirmi\u015fler, Muaviye de \u015eam&#8217;da halifeli\u011fini ilan etmi\u015ftir. M\u00fcsl\u00fcmanlar [...]\" \/>\n<meta property=\"og:url\" content=\"https:\/\/tarihkursu.com\/index.php\/2017\/07\/25\/16-emeviler-abbasiler\/\" \/>\n<meta property=\"og:site_name\" content=\"tarihkursu.com\" \/>\n<meta property=\"article:published_time\" content=\"2017-07-25T17:50:00+00:00\" \/>\n<meta name=\"author\" content=\"tarihkursu\" \/>\n<meta name=\"twitter:card\" content=\"summary_large_image\" \/>\n<meta name=\"twitter:label1\" content=\"Yazan:\" \/>\n\t<meta name=\"twitter:data1\" content=\"tarihkursu\" \/>\n\t<meta name=\"twitter:label2\" content=\"Tahmini okuma s\u00fcresi\" \/>\n\t<meta name=\"twitter:data2\" content=\"4 dakika\" \/>\n<script type=\"application\/ld+json\" class=\"yoast-schema-graph\">{\"@context\":\"https:\\\/\\\/schema.org\",\"@graph\":[{\"@type\":\"Article\",\"@id\":\"https:\\\/\\\/tarihkursu.com\\\/index.php\\\/2017\\\/07\\\/25\\\/16-emeviler-abbasiler\\\/#article\",\"isPartOf\":{\"@id\":\"https:\\\/\\\/tarihkursu.com\\\/index.php\\\/2017\\\/07\\\/25\\\/16-emeviler-abbasiler\\\/\"},\"author\":{\"name\":\"tarihkursu\",\"@id\":\"https:\\\/\\\/tarihkursu.com\\\/#\\\/schema\\\/person\\\/d0f9105e31352dbe9f08d098ffb8c878\"},\"headline\":\"16- EMEV\u0130LER, ABBAS\u0130LER\",\"datePublished\":\"2017-07-25T17:50:00+00:00\",\"mainEntityOfPage\":{\"@id\":\"https:\\\/\\\/tarihkursu.com\\\/index.php\\\/2017\\\/07\\\/25\\\/16-emeviler-abbasiler\\\/\"},\"wordCount\":908,\"commentCount\":0,\"publisher\":{\"@id\":\"https:\\\/\\\/tarihkursu.com\\\/#\\\/schema\\\/person\\\/4d7bdc3b79e9f5198455474c0f203f3c\"},\"articleSection\":[\"KONU \u00d6ZETLER\u0130\"],\"inLanguage\":\"tr\",\"potentialAction\":[{\"@type\":\"CommentAction\",\"name\":\"Comment\",\"target\":[\"https:\\\/\\\/tarihkursu.com\\\/index.php\\\/2017\\\/07\\\/25\\\/16-emeviler-abbasiler\\\/#respond\"]}]},{\"@type\":\"WebPage\",\"@id\":\"https:\\\/\\\/tarihkursu.com\\\/index.php\\\/2017\\\/07\\\/25\\\/16-emeviler-abbasiler\\\/\",\"url\":\"https:\\\/\\\/tarihkursu.com\\\/index.php\\\/2017\\\/07\\\/25\\\/16-emeviler-abbasiler\\\/\",\"name\":\"16- EMEV\u0130LER, ABBAS\u0130LER - tarihkursu.com\",\"isPartOf\":{\"@id\":\"https:\\\/\\\/tarihkursu.com\\\/#website\"},\"datePublished\":\"2017-07-25T17:50:00+00:00\",\"breadcrumb\":{\"@id\":\"https:\\\/\\\/tarihkursu.com\\\/index.php\\\/2017\\\/07\\\/25\\\/16-emeviler-abbasiler\\\/#breadcrumb\"},\"inLanguage\":\"tr\",\"potentialAction\":[{\"@type\":\"ReadAction\",\"target\":[\"https:\\\/\\\/tarihkursu.com\\\/index.php\\\/2017\\\/07\\\/25\\\/16-emeviler-abbasiler\\\/\"]}]},{\"@type\":\"BreadcrumbList\",\"@id\":\"https:\\\/\\\/tarihkursu.com\\\/index.php\\\/2017\\\/07\\\/25\\\/16-emeviler-abbasiler\\\/#breadcrumb\",\"itemListElement\":[{\"@type\":\"ListItem\",\"position\":1,\"name\":\"Anasayfa\",\"item\":\"https:\\\/\\\/tarihkursu.com\\\/\"},{\"@type\":\"ListItem\",\"position\":2,\"name\":\"16- EMEV\u0130LER, ABBAS\u0130LER\"}]},{\"@type\":\"WebSite\",\"@id\":\"https:\\\/\\\/tarihkursu.com\\\/#website\",\"url\":\"https:\\\/\\\/tarihkursu.com\\\/\",\"name\":\"Tarih Kursu\",\"description\":\"\u0130\u015fimiz G\u00fcc\u00fcm\u00fcz Tarih\",\"publisher\":{\"@id\":\"https:\\\/\\\/tarihkursu.com\\\/#\\\/schema\\\/person\\\/4d7bdc3b79e9f5198455474c0f203f3c\"},\"potentialAction\":[{\"@type\":\"SearchAction\",\"target\":{\"@type\":\"EntryPoint\",\"urlTemplate\":\"https:\\\/\\\/tarihkursu.com\\\/?s={search_term_string}\"},\"query-input\":{\"@type\":\"PropertyValueSpecification\",\"valueRequired\":true,\"valueName\":\"search_term_string\"}}],\"inLanguage\":\"tr\"},{\"@type\":[\"Person\",\"Organization\"],\"@id\":\"https:\\\/\\\/tarihkursu.com\\\/#\\\/schema\\\/person\\\/4d7bdc3b79e9f5198455474c0f203f3c\",\"name\":\"admin\",\"image\":{\"@type\":\"ImageObject\",\"inLanguage\":\"tr\",\"@id\":\"https:\\\/\\\/tarihkursu.com\\\/wp-content\\\/uploads\\\/2024\\\/10\\\/TARIHKURSU-Kopyasi.png\",\"url\":\"https:\\\/\\\/tarihkursu.com\\\/wp-content\\\/uploads\\\/2024\\\/10\\\/TARIHKURSU-Kopyasi.png\",\"contentUrl\":\"https:\\\/\\\/tarihkursu.com\\\/wp-content\\\/uploads\\\/2024\\\/10\\\/TARIHKURSU-Kopyasi.png\",\"width\":1080,\"height\":1080,\"caption\":\"admin\"},\"logo\":{\"@id\":\"https:\\\/\\\/tarihkursu.com\\\/wp-content\\\/uploads\\\/2024\\\/10\\\/TARIHKURSU-Kopyasi.png\"},\"sameAs\":[\"https:\\\/\\\/tarihkursu.com\"]},{\"@type\":\"Person\",\"@id\":\"https:\\\/\\\/tarihkursu.com\\\/#\\\/schema\\\/person\\\/d0f9105e31352dbe9f08d098ffb8c878\",\"name\":\"tarihkursu\",\"image\":{\"@type\":\"ImageObject\",\"inLanguage\":\"tr\",\"@id\":\"https:\\\/\\\/secure.gravatar.com\\\/avatar\\\/1354763acbc865faa7650c3e1e4431f187276d71f132349411302a546cdeae54?s=96&d=mm&r=g\",\"url\":\"https:\\\/\\\/secure.gravatar.com\\\/avatar\\\/1354763acbc865faa7650c3e1e4431f187276d71f132349411302a546cdeae54?s=96&d=mm&r=g\",\"contentUrl\":\"https:\\\/\\\/secure.gravatar.com\\\/avatar\\\/1354763acbc865faa7650c3e1e4431f187276d71f132349411302a546cdeae54?s=96&d=mm&r=g\",\"caption\":\"tarihkursu\"},\"url\":\"https:\\\/\\\/tarihkursu.com\\\/index.php\\\/author\\\/tarihkursu\\\/\"}]}<\/script>\n<!-- \/ Yoast SEO plugin. -->","yoast_head_json":{"title":"16- EMEV\u0130LER, ABBAS\u0130LER - tarihkursu.com","robots":{"index":"index","follow":"follow","max-snippet":"max-snippet:-1","max-image-preview":"max-image-preview:large","max-video-preview":"max-video-preview:-1"},"canonical":"https:\/\/tarihkursu.com\/index.php\/2017\/07\/25\/16-emeviler-abbasiler\/","og_locale":"tr_TR","og_type":"article","og_title":"16- EMEV\u0130LER, ABBAS\u0130LER - tarihkursu.com","og_description":"EMEV\u0130LER D\u00d6NEM\u0130 (661 -750) Maviye D\u00f6nemi\u2022Hz. Ali&#8217;nin \u015fehit edilmesi \u00fczerine K\u00fcfeliler Hz. Ali&#8217;nin o\u011flu Hz. Hasan\u0131 halife se\u00e7tirmi\u015fler, Muaviye de \u015eam&#8217;da halifeli\u011fini ilan etmi\u015ftir. M\u00fcsl\u00fcmanlar [...]","og_url":"https:\/\/tarihkursu.com\/index.php\/2017\/07\/25\/16-emeviler-abbasiler\/","og_site_name":"tarihkursu.com","article_published_time":"2017-07-25T17:50:00+00:00","author":"tarihkursu","twitter_card":"summary_large_image","twitter_misc":{"Yazan:":"tarihkursu","Tahmini okuma s\u00fcresi":"4 dakika"},"schema":{"@context":"https:\/\/schema.org","@graph":[{"@type":"Article","@id":"https:\/\/tarihkursu.com\/index.php\/2017\/07\/25\/16-emeviler-abbasiler\/#article","isPartOf":{"@id":"https:\/\/tarihkursu.com\/index.php\/2017\/07\/25\/16-emeviler-abbasiler\/"},"author":{"name":"tarihkursu","@id":"https:\/\/tarihkursu.com\/#\/schema\/person\/d0f9105e31352dbe9f08d098ffb8c878"},"headline":"16- EMEV\u0130LER, ABBAS\u0130LER","datePublished":"2017-07-25T17:50:00+00:00","mainEntityOfPage":{"@id":"https:\/\/tarihkursu.com\/index.php\/2017\/07\/25\/16-emeviler-abbasiler\/"},"wordCount":908,"commentCount":0,"publisher":{"@id":"https:\/\/tarihkursu.com\/#\/schema\/person\/4d7bdc3b79e9f5198455474c0f203f3c"},"articleSection":["KONU \u00d6ZETLER\u0130"],"inLanguage":"tr","potentialAction":[{"@type":"CommentAction","name":"Comment","target":["https:\/\/tarihkursu.com\/index.php\/2017\/07\/25\/16-emeviler-abbasiler\/#respond"]}]},{"@type":"WebPage","@id":"https:\/\/tarihkursu.com\/index.php\/2017\/07\/25\/16-emeviler-abbasiler\/","url":"https:\/\/tarihkursu.com\/index.php\/2017\/07\/25\/16-emeviler-abbasiler\/","name":"16- EMEV\u0130LER, ABBAS\u0130LER - tarihkursu.com","isPartOf":{"@id":"https:\/\/tarihkursu.com\/#website"},"datePublished":"2017-07-25T17:50:00+00:00","breadcrumb":{"@id":"https:\/\/tarihkursu.com\/index.php\/2017\/07\/25\/16-emeviler-abbasiler\/#breadcrumb"},"inLanguage":"tr","potentialAction":[{"@type":"ReadAction","target":["https:\/\/tarihkursu.com\/index.php\/2017\/07\/25\/16-emeviler-abbasiler\/"]}]},{"@type":"BreadcrumbList","@id":"https:\/\/tarihkursu.com\/index.php\/2017\/07\/25\/16-emeviler-abbasiler\/#breadcrumb","itemListElement":[{"@type":"ListItem","position":1,"name":"Anasayfa","item":"https:\/\/tarihkursu.com\/"},{"@type":"ListItem","position":2,"name":"16- EMEV\u0130LER, ABBAS\u0130LER"}]},{"@type":"WebSite","@id":"https:\/\/tarihkursu.com\/#website","url":"https:\/\/tarihkursu.com\/","name":"Tarih Kursu","description":"\u0130\u015fimiz G\u00fcc\u00fcm\u00fcz Tarih","publisher":{"@id":"https:\/\/tarihkursu.com\/#\/schema\/person\/4d7bdc3b79e9f5198455474c0f203f3c"},"potentialAction":[{"@type":"SearchAction","target":{"@type":"EntryPoint","urlTemplate":"https:\/\/tarihkursu.com\/?s={search_term_string}"},"query-input":{"@type":"PropertyValueSpecification","valueRequired":true,"valueName":"search_term_string"}}],"inLanguage":"tr"},{"@type":["Person","Organization"],"@id":"https:\/\/tarihkursu.com\/#\/schema\/person\/4d7bdc3b79e9f5198455474c0f203f3c","name":"admin","image":{"@type":"ImageObject","inLanguage":"tr","@id":"https:\/\/tarihkursu.com\/wp-content\/uploads\/2024\/10\/TARIHKURSU-Kopyasi.png","url":"https:\/\/tarihkursu.com\/wp-content\/uploads\/2024\/10\/TARIHKURSU-Kopyasi.png","contentUrl":"https:\/\/tarihkursu.com\/wp-content\/uploads\/2024\/10\/TARIHKURSU-Kopyasi.png","width":1080,"height":1080,"caption":"admin"},"logo":{"@id":"https:\/\/tarihkursu.com\/wp-content\/uploads\/2024\/10\/TARIHKURSU-Kopyasi.png"},"sameAs":["https:\/\/tarihkursu.com"]},{"@type":"Person","@id":"https:\/\/tarihkursu.com\/#\/schema\/person\/d0f9105e31352dbe9f08d098ffb8c878","name":"tarihkursu","image":{"@type":"ImageObject","inLanguage":"tr","@id":"https:\/\/secure.gravatar.com\/avatar\/1354763acbc865faa7650c3e1e4431f187276d71f132349411302a546cdeae54?s=96&d=mm&r=g","url":"https:\/\/secure.gravatar.com\/avatar\/1354763acbc865faa7650c3e1e4431f187276d71f132349411302a546cdeae54?s=96&d=mm&r=g","contentUrl":"https:\/\/secure.gravatar.com\/avatar\/1354763acbc865faa7650c3e1e4431f187276d71f132349411302a546cdeae54?s=96&d=mm&r=g","caption":"tarihkursu"},"url":"https:\/\/tarihkursu.com\/index.php\/author\/tarihkursu\/"}]}},"_links":{"self":[{"href":"https:\/\/tarihkursu.com\/index.php\/wp-json\/wp\/v2\/posts\/1064","targetHints":{"allow":["GET"]}}],"collection":[{"href":"https:\/\/tarihkursu.com\/index.php\/wp-json\/wp\/v2\/posts"}],"about":[{"href":"https:\/\/tarihkursu.com\/index.php\/wp-json\/wp\/v2\/types\/post"}],"author":[{"embeddable":true,"href":"https:\/\/tarihkursu.com\/index.php\/wp-json\/wp\/v2\/users\/2"}],"replies":[{"embeddable":true,"href":"https:\/\/tarihkursu.com\/index.php\/wp-json\/wp\/v2\/comments?post=1064"}],"version-history":[{"count":0,"href":"https:\/\/tarihkursu.com\/index.php\/wp-json\/wp\/v2\/posts\/1064\/revisions"}],"wp:attachment":[{"href":"https:\/\/tarihkursu.com\/index.php\/wp-json\/wp\/v2\/media?parent=1064"}],"wp:term":[{"taxonomy":"category","embeddable":true,"href":"https:\/\/tarihkursu.com\/index.php\/wp-json\/wp\/v2\/categories?post=1064"},{"taxonomy":"post_tag","embeddable":true,"href":"https:\/\/tarihkursu.com\/index.php\/wp-json\/wp\/v2\/tags?post=1064"}],"curies":[{"name":"wp","href":"https:\/\/api.w.org\/{rel}","templated":true}]}}