{"id":1065,"date":"2017-07-25T20:36:00","date_gmt":"2017-07-25T17:36:00","guid":{"rendered":"https:\/\/tarihkursu.com\/index.php\/2017\/07\/25\/15-dort-halife-donemi-632-661\/"},"modified":"2017-07-25T20:36:00","modified_gmt":"2017-07-25T17:36:00","slug":"15-dort-halife-donemi-632-661","status":"publish","type":"post","link":"https:\/\/tarihkursu.com\/index.php\/2017\/07\/25\/15-dort-halife-donemi-632-661\/","title":{"rendered":"15- D\u00d6RT HAL\u0130FE D\u00d6NEM\u0130 (632- 661)"},"content":{"rendered":"<p><span style=\"font-size: large;\"><b><span style=\"color: red;\">D\u00d6RT HAL\u0130FE  (632 &#8211; 661)<\/span><\/b><\/p>\n<p><b>Hz. Ebu Bekir D\u00f6nemi (632 &#8211; 634)<\/b><br \/>Hz. Muhammed\u2019in vefat\u0131 \u00fczerine M\u00fcsl\u00fcmanlar\u0131n dini ve siyasi liderlerine halife denilmi\u015ftir.<\/span><br \/>\n<a name='more'><\/a><span style=\"font-size: large;\"><br \/>\u2022Hz. Ebubekir ilk olarak, Yemende ortaya \u00e7\u0131kan yalanc\u0131 peygamberleri ortadan kald\u0131rd\u0131.<br \/>\u2022Kuran- \u0131 Kerimi bir kitap (Mushaf) haline getirdi.<br \/>\u2022Suriye topraklar\u0131nda yap\u0131lan Yerm\u00fck Sava\u015f\u0131nda (634) Do\u011fu Roma kuvvetleri a\u011f\u0131r bir yenilgiye u\u011frat\u0131ld\u0131.<br \/>Yerm\u00fck Zaferi, Arabistan d\u0131\u015f\u0131nda M\u00fcsl\u00fcmanlar\u0131n kazand\u0131\u011f\u0131 ilk zaferdir.<\/p>\n<p><b>Hz. \u00d6mer D\u00f6nemi (634 &#8211; 644)<\/b><br \/>\u2022M\u0131s\u0131r, Irak ve Azerbaycan fethedildi.<br \/>\u2022Bizans ile yap\u0131lan Ecnadeyn Sava\u015f\u0131 ile Suriye ve Filistin fethedildi.<br \/>\u2022Kud\u00fcs sava\u015f yap\u0131lmadan al\u0131nd\u0131. <br \/>\u2022Sasanilerle yap\u0131lan Kadisiye Sava\u015f\u0131 ile \u0130ran yolu a\u00e7\u0131ld\u0131.<br \/>\u2022Sasanilerle yap\u0131lan Nihavend Sava\u015f\u0131 ile \u0130ran fethedildi.<br \/>\u2022T\u00fcrklerle M\u00fcsl\u00fcmanlar ilk kez s\u0131n\u0131r kom\u015fusu oldu.<br \/><b>Devlet Te\u015fkilatlanmas\u0131<\/b> <br \/>\u2022\u00dclke topraklar\u0131 y\u00f6netim birimlerine ayr\u0131larak valilik sistemi kuruldu. <br \/>\u2022Adli sistem kurularak mahkemeler olu\u015fturuldu ve illere kad\u0131lar tayin edildi. <br \/>\u2022D\u00fczenli ordular ve ordugahlar kuruldu. <br \/>\u2022\u0130slam devleti h\u00e2zinesi Beyt\u00fcl Mal ad\u0131yla sistemle\u015ftirildi. <br \/>\u2022Askeri ikta sisteminin temelleri at\u0131ld\u0131. <br \/>\u2022Askeri posta te\u015fkilat\u0131 kuruldu.<\/p>\n<p><b>Hz. Osman D\u00f6nemi (644 &#8211; 656)<\/b><br \/>\u2022Bu d\u00f6nemde kurulan ilk \u0130slam donanmas\u0131 ile Suriye Valisi Muaviye K\u0131br\u0131s&#8217;\u0131 fethetmi\u015ftir (649).<br \/>\u2022Azerbaycan ve G\u00fcrcistan&#8217;\u0131 fetheden \u0130slam ordular\u0131 Hazar T\u00fcrklerine kom\u015fu olmu\u015flard\u0131r.<br \/>\u2022Tunus fethedilmi\u015f ve Kuzey Afrika&#8217;da \u0130slamiyet h\u0131zla yay\u0131lm\u0131\u015ft\u0131r.<br \/>\u2022Kuran &#8211; \u0131 Kerim \u00e7o\u011falt\u0131larak Mekke, Basra, K\u00fcfe, \u015eam ve Yemen gibi \u00f6nemli \u0130slam \u015fehirlerine g\u00f6nderilmi\u015ftir.<br \/>\u2022Hz. Osman D\u00f6nemi&#8217;nde, Emevi ailesinden olanlar devletin \u00fcst kademelerine getirilince di\u011fer M\u00fcsl\u00fcmanlar ayaklanma \u00e7\u0131karm\u0131\u015flar ve Hz. Osman\u2019\u0131 \u015fehit etmi\u015flerdir.<\/p>\n<p><b>Hz. Ali D\u00f6nemi (656 &#8211; 661)<\/b><br \/>\u2022Hz. Osman&#8217;\u0131n katillerini cezaland\u0131rmad\u0131\u011f\u0131n\u0131 iddia edenler ise Hz. Ali&#8217;nin halifeli\u011fine kar\u015f\u0131 \u00e7\u0131kt\u0131lar. Ba\u015fta Muaviye olmak \u00fczere Hz. Ay\u015fe, Talha ve Z\u00fcbeyr su\u00e7lular\u0131n bir an \u00f6nce yakalanmas\u0131n\u0131 istiyorlard\u0131.&nbsp;<\/span><\/p>\n<div>\n<span style=\"font-size: large;\"><br \/><b>Deve Olay\u0131 (656)<\/b><br \/>\u2022Hz. Ali ve kendisine kar\u015f\u0131 olan Hz. Ay\u015fe taraftarlar\u0131 kar\u015f\u0131 kar\u015f\u0131ya geldiler. Yap\u0131lan sava\u015f\u0131 Hz. Ali kazand\u0131. Bu olaydan sonra devlet merkezi, Medine&#8217;den K\u00fcfe\u2019ye ta\u015f\u0131nd\u0131.<\/p>\n<p><b>S\u0131ff\u0131n Sava\u015f\u0131 (657)<\/b> <br \/>\u2022Nedeni: Hz. Ali&#8217;nin halifeli\u011fine kar\u015f\u0131 olan \u015eam Valisi Muaviye&#8217;nin kendisini halife ilan etmesi. <br \/>\u2022Sava\u015f s\u0131ras\u0131nda M\u0131s\u0131r Valisi Amir b. As m\u0131zraklar\u0131n ucuna Kuran sayfalar\u0131 takt\u0131rarak sorunun bitmesi i\u00e7in hakemlerin \u00f6nerece\u011fi \u00e7\u00f6z\u00fcm\u00fcn kabul edilmesini istedi. Hz. Ali&#8217;de Kuran sayfalar\u0131na kar\u015f\u0131 sava\u015fmayaca\u011f\u0131n\u0131 belirterek bu teklifi kabul etti. <br \/>\u2022Hakem olay\u0131 ile halifelik sorunu \u00e7\u00f6z\u00fclemedi\u011fi gibi daha da b\u00fcy\u00fck bir \u00e7\u0131kmaza girdi. M\u00fcsl\u00fcmanlar Muaviye den yana olanlar, Hz. Ali&#8217;den yana olanlar ve Hariciler (Hz. Ali ve Muaviye&#8217;ye kar\u015f\u0131 olanlar) olmak \u00fczere \u00fc\u00e7e ayr\u0131ld\u0131.<br \/>\u2022Hariciler, \u0130slam Devletindeki ayr\u0131l\u0131klara son vermek amac\u0131yla Hz. Ali, Muaviye ve Amir b. As\u2019\u0131n \u00f6ld\u00fcr\u00fclmesi gerekti\u011fine karar vermi\u015flerdir. Yap\u0131lan suikast neticesinde Muaviye yaralanm\u0131\u015f, ancak Hz. Ali \u015fehit edilmi\u015ftir. B\u00f6ylece 4 halife d\u00f6nemi sona ermi\u015ftir. <\/p>\n<p>4 halife d\u00f6neminde halifeler se\u00e7im ile belirlenmi\u015ftir. Bu nedenle bu d\u00f6nem Cumhuriyet D\u00f6nemi olarak adland\u0131r\u0131l\u0131r.<\/span><\/div>\n<div>\n<span style=\"font-size: large;\"><br \/><\/span><\/div>\n<div>\n<div style=\"margin-bottom: .0001pt; margin: 0cm;\">\n<b><span style=\"color: red; font-size: 13.5pt;\">DAHA FAZLASI \u0130\u00c7\u0130N:<\/span><\/b><span style=\"font-size: 13.5pt;\"><o:p><\/o:p><\/span><\/div>\n<div style=\"margin: 0cm 0cm 0.0001pt;\">\n<\/div>\n<div style=\"margin: 0cm 0cm 0.0001pt;\">\n<span style=\"font-size: 13.5pt;\"><a href=\"https:\/\/tr-tr.facebook.com\/tarihkursu\/\" target=\"_blank\" rel=\"noopener\">FACEBOOK SAYFAMIZI BE\u011eENMEK \u0130\u00c7\u0130N TIKLAYIN<\/a><o:p><\/o:p><\/span><\/div>\n<div style=\"margin: 0cm 0cm 0.0001pt;\">\n<\/div>\n<div style=\"margin: 0cm 0cm 0.0001pt;\">\n<span style=\"font-size: 13.5pt;\"><a href=\"https:\/\/www.youtube.com\/channel\/UCcXZauyDbkHjddTYFBn4BCw\" target=\"_blank\" rel=\"noopener\">YOUTUBE KANALIMIZA ABONE OLUN<\/a><o:p><\/o:p><\/span><\/div>\n<div>\n<\/div>\n<p><span style=\"font-size: large;\"><br \/><\/span><\/div>\n","protected":false},"excerpt":{"rendered":"<div class=\"mh-excerpt\"><p>D\u00d6RT HAL\u0130FE (632 &#8211; 661) Hz. Ebu Bekir D\u00f6nemi (632 &#8211; 634)Hz. Muhammed\u2019in vefat\u0131 \u00fczerine M\u00fcsl\u00fcmanlar\u0131n dini ve siyasi liderlerine halife denilmi\u015ftir. \u2022Hz. Ebubekir ilk <a class=\"mh-excerpt-more\" href=\"https:\/\/tarihkursu.com\/index.php\/2017\/07\/25\/15-dort-halife-donemi-632-661\/\" title=\"15- D\u00d6RT HAL\u0130FE D\u00d6NEM\u0130 (632- 661)\">[&#8230;]<\/a><\/p>\n<\/div>","protected":false},"author":2,"featured_media":0,"comment_status":"open","ping_status":"open","sticky":false,"template":"","format":"standard","meta":{"_regular_price":[],"currency_symbol":[],"footnotes":""},"categories":[62],"tags":[],"class_list":["post-1065","post","type-post","status-publish","format-standard","hentry","category-konu-ozetleri"],"post_slider_layout_featured_media_urls":{"thumbnail":"","post_slider_layout_landscape_large":"","post_slider_layout_portrait_large":"","post_slider_layout_square_large":"","post_slider_layout_landscape":"","post_slider_layout_portrait":"","post_slider_layout_square":"","full":""},"yoast_head":"<!-- This site is optimized with the Yoast SEO plugin v27.5 - https:\/\/yoast.com\/product\/yoast-seo-wordpress\/ -->\n<title>15- D\u00d6RT HAL\u0130FE D\u00d6NEM\u0130 (632- 661) - tarihkursu.com<\/title>\n<meta name=\"robots\" content=\"index, follow, max-snippet:-1, max-image-preview:large, max-video-preview:-1\" \/>\n<link rel=\"canonical\" href=\"https:\/\/tarihkursu.com\/index.php\/2017\/07\/25\/15-dort-halife-donemi-632-661\/\" \/>\n<meta property=\"og:locale\" content=\"tr_TR\" \/>\n<meta property=\"og:type\" content=\"article\" \/>\n<meta property=\"og:title\" content=\"15- D\u00d6RT HAL\u0130FE D\u00d6NEM\u0130 (632- 661) - tarihkursu.com\" \/>\n<meta property=\"og:description\" content=\"D\u00d6RT HAL\u0130FE (632 &#8211; 661) Hz. Ebu Bekir D\u00f6nemi (632 &#8211; 634)Hz. Muhammed\u2019in vefat\u0131 \u00fczerine M\u00fcsl\u00fcmanlar\u0131n dini ve siyasi liderlerine halife denilmi\u015ftir. \u2022Hz. Ebubekir ilk [...]\" \/>\n<meta property=\"og:url\" content=\"https:\/\/tarihkursu.com\/index.php\/2017\/07\/25\/15-dort-halife-donemi-632-661\/\" \/>\n<meta property=\"og:site_name\" content=\"tarihkursu.com\" \/>\n<meta property=\"article:published_time\" content=\"2017-07-25T17:36:00+00:00\" \/>\n<meta name=\"author\" content=\"tarihkursu\" \/>\n<meta name=\"twitter:card\" content=\"summary_large_image\" \/>\n<meta name=\"twitter:label1\" content=\"Yazan:\" \/>\n\t<meta name=\"twitter:data1\" content=\"tarihkursu\" \/>\n\t<meta name=\"twitter:label2\" content=\"Tahmini okuma s\u00fcresi\" \/>\n\t<meta name=\"twitter:data2\" content=\"3 dakika\" \/>\n<script type=\"application\/ld+json\" class=\"yoast-schema-graph\">{\"@context\":\"https:\\\/\\\/schema.org\",\"@graph\":[{\"@type\":\"Article\",\"@id\":\"https:\\\/\\\/tarihkursu.com\\\/index.php\\\/2017\\\/07\\\/25\\\/15-dort-halife-donemi-632-661\\\/#article\",\"isPartOf\":{\"@id\":\"https:\\\/\\\/tarihkursu.com\\\/index.php\\\/2017\\\/07\\\/25\\\/15-dort-halife-donemi-632-661\\\/\"},\"author\":{\"name\":\"tarihkursu\",\"@id\":\"https:\\\/\\\/tarihkursu.com\\\/#\\\/schema\\\/person\\\/d0f9105e31352dbe9f08d098ffb8c878\"},\"headline\":\"15- D\u00d6RT HAL\u0130FE D\u00d6NEM\u0130 (632- 661)\",\"datePublished\":\"2017-07-25T17:36:00+00:00\",\"mainEntityOfPage\":{\"@id\":\"https:\\\/\\\/tarihkursu.com\\\/index.php\\\/2017\\\/07\\\/25\\\/15-dort-halife-donemi-632-661\\\/\"},\"wordCount\":557,\"commentCount\":0,\"publisher\":{\"@id\":\"https:\\\/\\\/tarihkursu.com\\\/#\\\/schema\\\/person\\\/4d7bdc3b79e9f5198455474c0f203f3c\"},\"articleSection\":[\"KONU \u00d6ZETLER\u0130\"],\"inLanguage\":\"tr\",\"potentialAction\":[{\"@type\":\"CommentAction\",\"name\":\"Comment\",\"target\":[\"https:\\\/\\\/tarihkursu.com\\\/index.php\\\/2017\\\/07\\\/25\\\/15-dort-halife-donemi-632-661\\\/#respond\"]}]},{\"@type\":\"WebPage\",\"@id\":\"https:\\\/\\\/tarihkursu.com\\\/index.php\\\/2017\\\/07\\\/25\\\/15-dort-halife-donemi-632-661\\\/\",\"url\":\"https:\\\/\\\/tarihkursu.com\\\/index.php\\\/2017\\\/07\\\/25\\\/15-dort-halife-donemi-632-661\\\/\",\"name\":\"15- D\u00d6RT HAL\u0130FE D\u00d6NEM\u0130 (632- 661) - tarihkursu.com\",\"isPartOf\":{\"@id\":\"https:\\\/\\\/tarihkursu.com\\\/#website\"},\"datePublished\":\"2017-07-25T17:36:00+00:00\",\"breadcrumb\":{\"@id\":\"https:\\\/\\\/tarihkursu.com\\\/index.php\\\/2017\\\/07\\\/25\\\/15-dort-halife-donemi-632-661\\\/#breadcrumb\"},\"inLanguage\":\"tr\",\"potentialAction\":[{\"@type\":\"ReadAction\",\"target\":[\"https:\\\/\\\/tarihkursu.com\\\/index.php\\\/2017\\\/07\\\/25\\\/15-dort-halife-donemi-632-661\\\/\"]}]},{\"@type\":\"BreadcrumbList\",\"@id\":\"https:\\\/\\\/tarihkursu.com\\\/index.php\\\/2017\\\/07\\\/25\\\/15-dort-halife-donemi-632-661\\\/#breadcrumb\",\"itemListElement\":[{\"@type\":\"ListItem\",\"position\":1,\"name\":\"Anasayfa\",\"item\":\"https:\\\/\\\/tarihkursu.com\\\/\"},{\"@type\":\"ListItem\",\"position\":2,\"name\":\"15- D\u00d6RT HAL\u0130FE D\u00d6NEM\u0130 (632- 661)\"}]},{\"@type\":\"WebSite\",\"@id\":\"https:\\\/\\\/tarihkursu.com\\\/#website\",\"url\":\"https:\\\/\\\/tarihkursu.com\\\/\",\"name\":\"Tarih Kursu\",\"description\":\"\u0130\u015fimiz G\u00fcc\u00fcm\u00fcz Tarih\",\"publisher\":{\"@id\":\"https:\\\/\\\/tarihkursu.com\\\/#\\\/schema\\\/person\\\/4d7bdc3b79e9f5198455474c0f203f3c\"},\"potentialAction\":[{\"@type\":\"SearchAction\",\"target\":{\"@type\":\"EntryPoint\",\"urlTemplate\":\"https:\\\/\\\/tarihkursu.com\\\/?s={search_term_string}\"},\"query-input\":{\"@type\":\"PropertyValueSpecification\",\"valueRequired\":true,\"valueName\":\"search_term_string\"}}],\"inLanguage\":\"tr\"},{\"@type\":[\"Person\",\"Organization\"],\"@id\":\"https:\\\/\\\/tarihkursu.com\\\/#\\\/schema\\\/person\\\/4d7bdc3b79e9f5198455474c0f203f3c\",\"name\":\"admin\",\"image\":{\"@type\":\"ImageObject\",\"inLanguage\":\"tr\",\"@id\":\"https:\\\/\\\/tarihkursu.com\\\/wp-content\\\/uploads\\\/2024\\\/10\\\/TARIHKURSU-Kopyasi.png\",\"url\":\"https:\\\/\\\/tarihkursu.com\\\/wp-content\\\/uploads\\\/2024\\\/10\\\/TARIHKURSU-Kopyasi.png\",\"contentUrl\":\"https:\\\/\\\/tarihkursu.com\\\/wp-content\\\/uploads\\\/2024\\\/10\\\/TARIHKURSU-Kopyasi.png\",\"width\":1080,\"height\":1080,\"caption\":\"admin\"},\"logo\":{\"@id\":\"https:\\\/\\\/tarihkursu.com\\\/wp-content\\\/uploads\\\/2024\\\/10\\\/TARIHKURSU-Kopyasi.png\"},\"sameAs\":[\"https:\\\/\\\/tarihkursu.com\"]},{\"@type\":\"Person\",\"@id\":\"https:\\\/\\\/tarihkursu.com\\\/#\\\/schema\\\/person\\\/d0f9105e31352dbe9f08d098ffb8c878\",\"name\":\"tarihkursu\",\"image\":{\"@type\":\"ImageObject\",\"inLanguage\":\"tr\",\"@id\":\"https:\\\/\\\/secure.gravatar.com\\\/avatar\\\/1354763acbc865faa7650c3e1e4431f187276d71f132349411302a546cdeae54?s=96&d=mm&r=g\",\"url\":\"https:\\\/\\\/secure.gravatar.com\\\/avatar\\\/1354763acbc865faa7650c3e1e4431f187276d71f132349411302a546cdeae54?s=96&d=mm&r=g\",\"contentUrl\":\"https:\\\/\\\/secure.gravatar.com\\\/avatar\\\/1354763acbc865faa7650c3e1e4431f187276d71f132349411302a546cdeae54?s=96&d=mm&r=g\",\"caption\":\"tarihkursu\"},\"url\":\"https:\\\/\\\/tarihkursu.com\\\/index.php\\\/author\\\/tarihkursu\\\/\"}]}<\/script>\n<!-- \/ Yoast SEO plugin. -->","yoast_head_json":{"title":"15- D\u00d6RT HAL\u0130FE D\u00d6NEM\u0130 (632- 661) - tarihkursu.com","robots":{"index":"index","follow":"follow","max-snippet":"max-snippet:-1","max-image-preview":"max-image-preview:large","max-video-preview":"max-video-preview:-1"},"canonical":"https:\/\/tarihkursu.com\/index.php\/2017\/07\/25\/15-dort-halife-donemi-632-661\/","og_locale":"tr_TR","og_type":"article","og_title":"15- D\u00d6RT HAL\u0130FE D\u00d6NEM\u0130 (632- 661) - tarihkursu.com","og_description":"D\u00d6RT HAL\u0130FE (632 &#8211; 661) Hz. Ebu Bekir D\u00f6nemi (632 &#8211; 634)Hz. Muhammed\u2019in vefat\u0131 \u00fczerine M\u00fcsl\u00fcmanlar\u0131n dini ve siyasi liderlerine halife denilmi\u015ftir. \u2022Hz. Ebubekir ilk [...]","og_url":"https:\/\/tarihkursu.com\/index.php\/2017\/07\/25\/15-dort-halife-donemi-632-661\/","og_site_name":"tarihkursu.com","article_published_time":"2017-07-25T17:36:00+00:00","author":"tarihkursu","twitter_card":"summary_large_image","twitter_misc":{"Yazan:":"tarihkursu","Tahmini okuma s\u00fcresi":"3 dakika"},"schema":{"@context":"https:\/\/schema.org","@graph":[{"@type":"Article","@id":"https:\/\/tarihkursu.com\/index.php\/2017\/07\/25\/15-dort-halife-donemi-632-661\/#article","isPartOf":{"@id":"https:\/\/tarihkursu.com\/index.php\/2017\/07\/25\/15-dort-halife-donemi-632-661\/"},"author":{"name":"tarihkursu","@id":"https:\/\/tarihkursu.com\/#\/schema\/person\/d0f9105e31352dbe9f08d098ffb8c878"},"headline":"15- D\u00d6RT HAL\u0130FE D\u00d6NEM\u0130 (632- 661)","datePublished":"2017-07-25T17:36:00+00:00","mainEntityOfPage":{"@id":"https:\/\/tarihkursu.com\/index.php\/2017\/07\/25\/15-dort-halife-donemi-632-661\/"},"wordCount":557,"commentCount":0,"publisher":{"@id":"https:\/\/tarihkursu.com\/#\/schema\/person\/4d7bdc3b79e9f5198455474c0f203f3c"},"articleSection":["KONU \u00d6ZETLER\u0130"],"inLanguage":"tr","potentialAction":[{"@type":"CommentAction","name":"Comment","target":["https:\/\/tarihkursu.com\/index.php\/2017\/07\/25\/15-dort-halife-donemi-632-661\/#respond"]}]},{"@type":"WebPage","@id":"https:\/\/tarihkursu.com\/index.php\/2017\/07\/25\/15-dort-halife-donemi-632-661\/","url":"https:\/\/tarihkursu.com\/index.php\/2017\/07\/25\/15-dort-halife-donemi-632-661\/","name":"15- D\u00d6RT HAL\u0130FE D\u00d6NEM\u0130 (632- 661) - tarihkursu.com","isPartOf":{"@id":"https:\/\/tarihkursu.com\/#website"},"datePublished":"2017-07-25T17:36:00+00:00","breadcrumb":{"@id":"https:\/\/tarihkursu.com\/index.php\/2017\/07\/25\/15-dort-halife-donemi-632-661\/#breadcrumb"},"inLanguage":"tr","potentialAction":[{"@type":"ReadAction","target":["https:\/\/tarihkursu.com\/index.php\/2017\/07\/25\/15-dort-halife-donemi-632-661\/"]}]},{"@type":"BreadcrumbList","@id":"https:\/\/tarihkursu.com\/index.php\/2017\/07\/25\/15-dort-halife-donemi-632-661\/#breadcrumb","itemListElement":[{"@type":"ListItem","position":1,"name":"Anasayfa","item":"https:\/\/tarihkursu.com\/"},{"@type":"ListItem","position":2,"name":"15- D\u00d6RT HAL\u0130FE D\u00d6NEM\u0130 (632- 661)"}]},{"@type":"WebSite","@id":"https:\/\/tarihkursu.com\/#website","url":"https:\/\/tarihkursu.com\/","name":"Tarih Kursu","description":"\u0130\u015fimiz G\u00fcc\u00fcm\u00fcz Tarih","publisher":{"@id":"https:\/\/tarihkursu.com\/#\/schema\/person\/4d7bdc3b79e9f5198455474c0f203f3c"},"potentialAction":[{"@type":"SearchAction","target":{"@type":"EntryPoint","urlTemplate":"https:\/\/tarihkursu.com\/?s={search_term_string}"},"query-input":{"@type":"PropertyValueSpecification","valueRequired":true,"valueName":"search_term_string"}}],"inLanguage":"tr"},{"@type":["Person","Organization"],"@id":"https:\/\/tarihkursu.com\/#\/schema\/person\/4d7bdc3b79e9f5198455474c0f203f3c","name":"admin","image":{"@type":"ImageObject","inLanguage":"tr","@id":"https:\/\/tarihkursu.com\/wp-content\/uploads\/2024\/10\/TARIHKURSU-Kopyasi.png","url":"https:\/\/tarihkursu.com\/wp-content\/uploads\/2024\/10\/TARIHKURSU-Kopyasi.png","contentUrl":"https:\/\/tarihkursu.com\/wp-content\/uploads\/2024\/10\/TARIHKURSU-Kopyasi.png","width":1080,"height":1080,"caption":"admin"},"logo":{"@id":"https:\/\/tarihkursu.com\/wp-content\/uploads\/2024\/10\/TARIHKURSU-Kopyasi.png"},"sameAs":["https:\/\/tarihkursu.com"]},{"@type":"Person","@id":"https:\/\/tarihkursu.com\/#\/schema\/person\/d0f9105e31352dbe9f08d098ffb8c878","name":"tarihkursu","image":{"@type":"ImageObject","inLanguage":"tr","@id":"https:\/\/secure.gravatar.com\/avatar\/1354763acbc865faa7650c3e1e4431f187276d71f132349411302a546cdeae54?s=96&d=mm&r=g","url":"https:\/\/secure.gravatar.com\/avatar\/1354763acbc865faa7650c3e1e4431f187276d71f132349411302a546cdeae54?s=96&d=mm&r=g","contentUrl":"https:\/\/secure.gravatar.com\/avatar\/1354763acbc865faa7650c3e1e4431f187276d71f132349411302a546cdeae54?s=96&d=mm&r=g","caption":"tarihkursu"},"url":"https:\/\/tarihkursu.com\/index.php\/author\/tarihkursu\/"}]}},"_links":{"self":[{"href":"https:\/\/tarihkursu.com\/index.php\/wp-json\/wp\/v2\/posts\/1065","targetHints":{"allow":["GET"]}}],"collection":[{"href":"https:\/\/tarihkursu.com\/index.php\/wp-json\/wp\/v2\/posts"}],"about":[{"href":"https:\/\/tarihkursu.com\/index.php\/wp-json\/wp\/v2\/types\/post"}],"author":[{"embeddable":true,"href":"https:\/\/tarihkursu.com\/index.php\/wp-json\/wp\/v2\/users\/2"}],"replies":[{"embeddable":true,"href":"https:\/\/tarihkursu.com\/index.php\/wp-json\/wp\/v2\/comments?post=1065"}],"version-history":[{"count":0,"href":"https:\/\/tarihkursu.com\/index.php\/wp-json\/wp\/v2\/posts\/1065\/revisions"}],"wp:attachment":[{"href":"https:\/\/tarihkursu.com\/index.php\/wp-json\/wp\/v2\/media?parent=1065"}],"wp:term":[{"taxonomy":"category","embeddable":true,"href":"https:\/\/tarihkursu.com\/index.php\/wp-json\/wp\/v2\/categories?post=1065"},{"taxonomy":"post_tag","embeddable":true,"href":"https:\/\/tarihkursu.com\/index.php\/wp-json\/wp\/v2\/tags?post=1065"}],"curies":[{"name":"wp","href":"https:\/\/api.w.org\/{rel}","templated":true}]}}