{"id":1067,"date":"2017-07-25T19:17:00","date_gmt":"2017-07-25T16:17:00","guid":{"rendered":"https:\/\/tarihkursu.com\/index.php\/2017\/07\/25\/13-sosyal-yasam-ordu-dil-ve-sanat\/"},"modified":"2017-07-25T19:17:00","modified_gmt":"2017-07-25T16:17:00","slug":"13-sosyal-yasam-ordu-dil-ve-sanat","status":"publish","type":"post","link":"https:\/\/tarihkursu.com\/index.php\/2017\/07\/25\/13-sosyal-yasam-ordu-dil-ve-sanat\/","title":{"rendered":"13- SOSYAL YA\u015eAM, ORDU, D\u0130L VE SANAT"},"content":{"rendered":"<p><span style=\"font-size: large;\"><b>Sosyal ve Ekonomik Ya\u015fam<\/b><\/span><\/p>\n<div>\n<span style=\"font-size: large;\"><br \/>\u2022T\u00fcrkler, bozk\u0131r k\u00fclt\u00fcr\u00fc olarak bilinen yar\u0131 g\u00f6\u00e7ebe bir ya\u015fam bi\u00e7imine sahip olmu\u015flard\u0131r.<br \/>\u2022G\u00f6\u00e7ebe T\u00fcrk topluluklar\u0131, hayvanlar\u0131n y\u00fcn\u00fcnden ve derisinden <\/span><br \/>\n<a name='more'><\/a><span style=\"font-size: large;\">giyim e\u015fyas\u0131 yapm\u0131\u015flard\u0131r. <br \/>\u2022Hayatlar\u0131n\u0131n \u00f6nemli bir b\u00f6l\u00fcm\u00fc at s\u0131rt\u0131nda ge\u00e7ti\u011finden, T\u00fcrklerin ba\u015fl\u0131ca k\u0131yafetleri ceket ve pantolondur.<br \/>\u2022G\u00f6\u00e7ebe ya\u015fama ba\u011fl\u0131 olarak, yaz\u0131l\u0131 hukuk anlay\u0131\u015f\u0131 yayg\u0131nla\u015fmam\u0131\u015ft\u0131r. Bunun yerine t\u00f6re denilen s\u00f6zl\u00fc hukuk kurallar\u0131 ge\u00e7erli olmu\u015ftur.<br \/>\u2022G\u00f6\u00e7ebe ya\u015fam ve T\u00fcrk gelenekleri, topra\u011fa dayal\u0131 ayr\u0131cal\u0131kl\u0131 bir soylu s\u0131n\u0131f\u0131n\u0131n olu\u015fmas\u0131n\u0131 engellemi\u015ftir. Bu k\u00f6lecili\u011fin ortaya \u00e7\u0131kmas\u0131n\u0131 engellemi\u015ftir.<br \/>\u2022T\u00fcrkler ayr\u0131ca ticaret ile de yo\u011fun \u015fekilde u\u011fra\u015fm\u0131\u015flard\u0131r. T\u00fcrklerin ticaretinin geli\u015fmesinde \u0130pek ve K\u00fcrk yollar\u0131n\u0131n etkisi vard\u0131r. <br \/>\u2022T\u00fcrk topluluklar\u0131nda tam bir e\u015fitlik s\u00f6z konusu olmu\u015ftur. <br \/>\u2022Tek e\u015fle evlili\u011fe \u00f6nem verilmi\u015ftir. (Monogami) <br \/>\u2022T\u00fcrklerde \u00e7ekirdek tipi ve ata erkil aile yap\u0131s\u0131 g\u00f6r\u00fclm\u00fc\u015ft\u00fcr. <\/p>\n<p><b>Sosyal Kavramlar<\/b> <br \/>\u2022K\u00fcn: Halk <br \/>\u2022O\u011fu\u015f: Aile <br \/>\u2022Urug: S\u00fclale <br \/>\u2022Oba: \u00c7ad\u0131r<\/p>\n<p><b>Ordu<\/b><br \/>\u2022T\u00fcrklerde askerlik uzun s\u00fcre bir meslek olarak g\u00f6r\u00fclmemi\u015ftir. Herkes asker olarak g\u00f6r\u00fclm\u00fc\u015ft\u00fcr. Bu nedenle, T\u00fcrkler i\u00e7in ordu-millet tabiri kullan\u0131lm\u0131\u015ft\u0131r.<br \/>\u2022Asker\u00ee yap\u0131 genelde atl\u0131 birliklerden olu\u015ftu\u011fu i\u00e7in T\u00fcrk askerleri ok, yay, kalkan, k\u0131l\u0131\u00e7 gibi hafif silahlar kullanm\u0131\u015flard\u0131r.<br \/>\u2022Sava\u015flarda hilal takti\u011fi olarak bilinen bir takti\u011fi uygulam\u0131\u015flard\u0131r. Bu taktik kurt kapan\u0131, turan adlar\u0131yla da an\u0131l\u0131r.<br \/>\u2022Onlu sistem, Hun H\u00fck\u00fcmdar\u0131 Mete Han (O\u011fuz Ka\u011fan) taraf\u0131ndan asker\u00ee alanda uygulanmaya ba\u015flanm\u0131\u015ft\u0131r.<br \/>\u2022Mete Han&#8217;\u0131n d\u00fczenli orduyu kurdu\u011fu tarih (M\u00d6 209) ayn\u0131 zamanda T\u00fcrk Kara Kuvvetlerinin kurulu\u015f tarihi olarak kabul edilmektedir.<br \/><b><br \/>Dil ve Edebiyat<\/b><br \/>\u2022T\u00fcrk topluluklar\u0131nda; yaz\u0131l\u0131 k\u00fclt\u00fcr yeterince geli\u015fmemi\u015f, g\u00f6\u00e7ebe ya\u015fam\u0131n etkisiyle s\u00f6zl\u00fc edebiyat\u0131n destan, ko\u015fuk, sagu, sav gibi t\u00fcrleri yayg\u0131n olarak kullan\u0131lm\u0131\u015ft\u0131r.<\/p>\n<p><b>Destanlar<\/b><br \/>\u2022Asya Hunlar\u0131 &#8211; O\u011fuz Ka\u011fan <br \/>\u2022K\u00f6kt\u00fcrkler &#8211; Ergenekon ve Bozkurt <br \/>\u2022Uygurlar &#8211; T\u00fcreyi\u015f ve G\u00f6\u00e7 <br \/>\u2022K\u0131rg\u0131zlar &#8211; Manas <br \/>\u2022\u0130skitler &#8211; \u015eu ve Alper Tunga <br \/>\u2022Avrupa Hunlar\u0131 &#8211; Attila <br \/>\u2022O\u011fuzlar &#8211; Dede Korkut<\/span><\/div>\n<div>\n<span style=\"font-size: large;\"><br \/>\u2022T\u00fcrkler; K\u00f6k T\u00fcrk, Uygur, So\u011fd, Arap, Kril ve Latin alfabelerini kullanm\u0131\u015flard\u0131r.. <br \/>\u2022K\u00f6k T\u00fcrklerin kulland\u0131\u011f\u0131 alfabe 38 harflidir. K\u00f6k T\u00fcrk yaz\u0131s\u0131; 4 sesli ve 34 sessiz harften olu\u015fan bu alfabe kullan\u0131larak, sa\u011fdan sola do\u011fru yaz\u0131l\u0131r. <\/span><\/div>\n<div>\n<span style=\"font-size: large;\"><b>Kitabeler <\/b><br \/>\u2022K\u00f6kt\u00fcrkler &#8211; Orhun Kitabeleri <br \/>\u2022K\u0131rg\u0131zlar &#8211; Yenisey Yaz\u0131tlar\u0131 <br \/>\u2022Uygurlar &#8211; Karabalasagun Yaz\u0131tlar\u0131 &#8211; Sine-U\u015fi Yaz\u0131tlar\u0131 (Moyen \u00c7or Kitabesi)<br \/><b><br \/>Orhun Kitabeleri: <\/b><br \/>\u2022T\u00fcrk tarihinin ilk milli yaz\u0131l\u0131 kaynaklar\u0131d\u0131r. <br \/>\u2022II. K\u00f6kt\u00fcrk (Kutluk) Devleti D\u00f6nemine aittir. <br \/>\u2022Kitabeler genellikle Yolug Tigin taraf\u0131ndan Bilge Ka\u011fan, K\u00fcltigin ve Vezir Tonyukuk ad\u0131na dikilmi\u015ftir. <br \/>\u2022Kitabelerde \u00c7in hilelerine, T\u00fcrk boylar\u0131 aras\u0131ndaki m\u00fccadelelere s\u0131kl\u0131kla yer verilmi\u015ftir. Kitabeler Danimarkal\u0131 dilbilimci Vilhelm Thomsen taraf\u0131ndan, Rus T\u00fcrkolog Vasili Radlof\u2019un da yard\u0131m\u0131yla \u00e7\u00f6z\u00fclm\u00fc\u015f.<\/p>\n<p><b>Bilim ve Sanat<\/b><br \/>\u2022Eski T\u00fcrklerde bilim adamlar\u0131na \u00e7ok \u00f6nem verilmi\u015ftir, Tayan\u00e7 veya Kene\u015f\u00e7i ad\u0131 verilen dan\u0131\u015fmanlar ka\u011fanlar\u0131n her toplant\u0131s\u0131na kat\u0131lm\u0131\u015flard\u0131r.<br \/>\u2022T\u00fcrkler, g\u00f6\u00e7ebe ya\u015fad\u0131klar\u0131 i\u00e7in sanat eserleri de ta\u015f\u0131nabilir malzemeden yap\u0131lm\u0131\u015ft\u0131r. T\u00fcrk sanat anlay\u0131\u015f\u0131 Uygurlardan itibaren de\u011fi\u015fim g\u00f6stermi\u015ftir<br \/>\u2022Uygurlar yerle\u015fik ya\u015fama ge\u00e7tikleri i\u00e7in manast\u0131rlar\u0131, saraylar ve tap\u0131naklar in\u015fa etmi\u015flerdir. bunlar\u0131n i\u00e7leri s\u00fcslenmi\u015f, freskler (duvar resimleri) yap\u0131lm\u0131\u015ft\u0131r.<br \/>\u2022Bedizci ad\u0131ndaki Uygur ressamlar\u0131, resimde olduklar\u0131 kadar yaz\u0131 sanat\u0131nda da ileri gitmi\u015flerdir.<br \/>\u2022T\u00fcrklerde say\u0131 bilgisi ve astronomi ile ilgili \u00e7al\u0131\u015fma yap\u0131ld\u0131\u011f\u0131n\u0131n kan\u0131t\u0131 olarak On \u0130ki Hayvanl\u0131 T\u00fcrk takvimi d\u00fczenlenmi\u015ftir.<br \/>\u2022Esik Kurgan\u0131nda bir T\u00fcrk prensine ait Alt\u0131n Adam Z\u0131rh\u0131 bulunmu\u015ftur. <br \/>\u2022Hunlara ait Paz\u0131r\u0131k Kurgan\u0131\u2019nda d\u00fcnyan\u0131n en eski hal\u0131s\u0131 bulunmu\u015ftur. <br \/>\u2022T\u00f6t\u00f6 Kanal\u0131 Hunlar taraf\u0131ndan a\u00e7\u0131lm\u0131\u015f, K\u00f6kt\u00fcrkler taraf\u0131ndan da kullan\u0131lm\u0131\u015f bir sulama kanal\u0131d\u0131r. <br \/>\u2022T\u00fcrklerin kulland\u0131\u011f\u0131 ipekli paralara Kamdu, madeni paralara da Yarmak ad\u0131 verilmi\u015ftir. <br \/>\u2022K\u0131m\u0131z T\u00fcrklerin milli i\u00e7ece\u011fi say\u0131lm\u0131\u015ft\u0131r. <br \/>\u2022Uygurlar\u0131n kurduklar\u0131 \u015fehirlere Bal\u0131k ad\u0131 verilmi\u015ftir. <br \/>\u2022Kopuz T\u00fcrklerde milli saz kabul edilmi\u015ftir.<\/span><\/div>\n<div>\n<span style=\"font-size: large;\"><br \/><\/span><\/div>\n<div>\n<div style=\"margin-bottom: .0001pt; margin: 0cm;\">\n<b><span style=\"color: red; font-size: 13.5pt;\">DAHA FAZLASI \u0130\u00c7\u0130N:<\/span><\/b><span style=\"font-size: 13.5pt;\"><o:p><\/o:p><\/span><\/div>\n<div style=\"margin: 0cm 0cm 0.0001pt;\">\n<\/div>\n<div style=\"margin: 0cm 0cm 0.0001pt;\">\n<span style=\"font-size: 13.5pt;\"><a href=\"https:\/\/tr-tr.facebook.com\/tarihkursu\/\" target=\"_blank\" rel=\"noopener\">FACEBOOK SAYFAMIZI BE\u011eENMEK \u0130\u00c7\u0130N TIKLAYIN<\/a><o:p><\/o:p><\/span><\/div>\n<div style=\"margin: 0cm 0cm 0.0001pt;\">\n<\/div>\n<div style=\"margin: 0cm 0cm 0.0001pt;\">\n<span style=\"font-size: 13.5pt;\"><a href=\"https:\/\/www.youtube.com\/channel\/UCcXZauyDbkHjddTYFBn4BCw\" target=\"_blank\" rel=\"noopener\">YOUTUBE KANALIMIZA ABONE OLUN<\/a><o:p><\/o:p><\/span><\/div>\n<div>\n<\/div>\n<\/div>\n","protected":false},"excerpt":{"rendered":"<div class=\"mh-excerpt\"><p>Sosyal ve Ekonomik Ya\u015fam \u2022T\u00fcrkler, bozk\u0131r k\u00fclt\u00fcr\u00fc olarak bilinen yar\u0131 g\u00f6\u00e7ebe bir ya\u015fam bi\u00e7imine sahip olmu\u015flard\u0131r.\u2022G\u00f6\u00e7ebe T\u00fcrk topluluklar\u0131, hayvanlar\u0131n y\u00fcn\u00fcnden ve derisinden giyim e\u015fyas\u0131 yapm\u0131\u015flard\u0131r. <a class=\"mh-excerpt-more\" href=\"https:\/\/tarihkursu.com\/index.php\/2017\/07\/25\/13-sosyal-yasam-ordu-dil-ve-sanat\/\" title=\"13- SOSYAL YA\u015eAM, ORDU, D\u0130L VE SANAT\">[&#8230;]<\/a><\/p>\n<\/div>","protected":false},"author":2,"featured_media":0,"comment_status":"open","ping_status":"open","sticky":false,"template":"","format":"standard","meta":{"_regular_price":[],"currency_symbol":[],"footnotes":""},"categories":[62],"tags":[],"class_list":["post-1067","post","type-post","status-publish","format-standard","hentry","category-konu-ozetleri"],"post_slider_layout_featured_media_urls":{"thumbnail":"","post_slider_layout_landscape_large":"","post_slider_layout_portrait_large":"","post_slider_layout_square_large":"","post_slider_layout_landscape":"","post_slider_layout_portrait":"","post_slider_layout_square":"","full":""},"yoast_head":"<!-- This site is optimized with the Yoast SEO plugin v27.5 - https:\/\/yoast.com\/product\/yoast-seo-wordpress\/ -->\n<title>13- SOSYAL YA\u015eAM, ORDU, D\u0130L VE SANAT - tarihkursu.com<\/title>\n<meta name=\"robots\" content=\"index, follow, max-snippet:-1, max-image-preview:large, max-video-preview:-1\" \/>\n<link rel=\"canonical\" href=\"https:\/\/tarihkursu.com\/index.php\/2017\/07\/25\/13-sosyal-yasam-ordu-dil-ve-sanat\/\" \/>\n<meta property=\"og:locale\" content=\"tr_TR\" \/>\n<meta property=\"og:type\" content=\"article\" \/>\n<meta property=\"og:title\" content=\"13- SOSYAL YA\u015eAM, ORDU, D\u0130L VE SANAT - tarihkursu.com\" \/>\n<meta property=\"og:description\" content=\"Sosyal ve Ekonomik Ya\u015fam \u2022T\u00fcrkler, bozk\u0131r k\u00fclt\u00fcr\u00fc olarak bilinen yar\u0131 g\u00f6\u00e7ebe bir ya\u015fam bi\u00e7imine sahip olmu\u015flard\u0131r.\u2022G\u00f6\u00e7ebe T\u00fcrk topluluklar\u0131, hayvanlar\u0131n y\u00fcn\u00fcnden ve derisinden giyim e\u015fyas\u0131 yapm\u0131\u015flard\u0131r. [...]\" \/>\n<meta property=\"og:url\" content=\"https:\/\/tarihkursu.com\/index.php\/2017\/07\/25\/13-sosyal-yasam-ordu-dil-ve-sanat\/\" \/>\n<meta property=\"og:site_name\" content=\"tarihkursu.com\" \/>\n<meta property=\"article:published_time\" content=\"2017-07-25T16:17:00+00:00\" \/>\n<meta name=\"author\" content=\"tarihkursu\" \/>\n<meta name=\"twitter:card\" content=\"summary_large_image\" \/>\n<meta name=\"twitter:label1\" content=\"Yazan:\" \/>\n\t<meta name=\"twitter:data1\" content=\"tarihkursu\" \/>\n\t<meta name=\"twitter:label2\" content=\"Tahmini okuma s\u00fcresi\" \/>\n\t<meta name=\"twitter:data2\" content=\"4 dakika\" \/>\n<script type=\"application\/ld+json\" class=\"yoast-schema-graph\">{\"@context\":\"https:\\\/\\\/schema.org\",\"@graph\":[{\"@type\":\"Article\",\"@id\":\"https:\\\/\\\/tarihkursu.com\\\/index.php\\\/2017\\\/07\\\/25\\\/13-sosyal-yasam-ordu-dil-ve-sanat\\\/#article\",\"isPartOf\":{\"@id\":\"https:\\\/\\\/tarihkursu.com\\\/index.php\\\/2017\\\/07\\\/25\\\/13-sosyal-yasam-ordu-dil-ve-sanat\\\/\"},\"author\":{\"name\":\"tarihkursu\",\"@id\":\"https:\\\/\\\/tarihkursu.com\\\/#\\\/schema\\\/person\\\/d0f9105e31352dbe9f08d098ffb8c878\"},\"headline\":\"13- SOSYAL YA\u015eAM, ORDU, D\u0130L VE SANAT\",\"datePublished\":\"2017-07-25T16:17:00+00:00\",\"mainEntityOfPage\":{\"@id\":\"https:\\\/\\\/tarihkursu.com\\\/index.php\\\/2017\\\/07\\\/25\\\/13-sosyal-yasam-ordu-dil-ve-sanat\\\/\"},\"wordCount\":821,\"commentCount\":0,\"publisher\":{\"@id\":\"https:\\\/\\\/tarihkursu.com\\\/#\\\/schema\\\/person\\\/4d7bdc3b79e9f5198455474c0f203f3c\"},\"articleSection\":[\"KONU \u00d6ZETLER\u0130\"],\"inLanguage\":\"tr\",\"potentialAction\":[{\"@type\":\"CommentAction\",\"name\":\"Comment\",\"target\":[\"https:\\\/\\\/tarihkursu.com\\\/index.php\\\/2017\\\/07\\\/25\\\/13-sosyal-yasam-ordu-dil-ve-sanat\\\/#respond\"]}]},{\"@type\":\"WebPage\",\"@id\":\"https:\\\/\\\/tarihkursu.com\\\/index.php\\\/2017\\\/07\\\/25\\\/13-sosyal-yasam-ordu-dil-ve-sanat\\\/\",\"url\":\"https:\\\/\\\/tarihkursu.com\\\/index.php\\\/2017\\\/07\\\/25\\\/13-sosyal-yasam-ordu-dil-ve-sanat\\\/\",\"name\":\"13- SOSYAL YA\u015eAM, ORDU, D\u0130L VE SANAT - tarihkursu.com\",\"isPartOf\":{\"@id\":\"https:\\\/\\\/tarihkursu.com\\\/#website\"},\"datePublished\":\"2017-07-25T16:17:00+00:00\",\"breadcrumb\":{\"@id\":\"https:\\\/\\\/tarihkursu.com\\\/index.php\\\/2017\\\/07\\\/25\\\/13-sosyal-yasam-ordu-dil-ve-sanat\\\/#breadcrumb\"},\"inLanguage\":\"tr\",\"potentialAction\":[{\"@type\":\"ReadAction\",\"target\":[\"https:\\\/\\\/tarihkursu.com\\\/index.php\\\/2017\\\/07\\\/25\\\/13-sosyal-yasam-ordu-dil-ve-sanat\\\/\"]}]},{\"@type\":\"BreadcrumbList\",\"@id\":\"https:\\\/\\\/tarihkursu.com\\\/index.php\\\/2017\\\/07\\\/25\\\/13-sosyal-yasam-ordu-dil-ve-sanat\\\/#breadcrumb\",\"itemListElement\":[{\"@type\":\"ListItem\",\"position\":1,\"name\":\"Anasayfa\",\"item\":\"https:\\\/\\\/tarihkursu.com\\\/\"},{\"@type\":\"ListItem\",\"position\":2,\"name\":\"13- SOSYAL YA\u015eAM, ORDU, D\u0130L VE SANAT\"}]},{\"@type\":\"WebSite\",\"@id\":\"https:\\\/\\\/tarihkursu.com\\\/#website\",\"url\":\"https:\\\/\\\/tarihkursu.com\\\/\",\"name\":\"Tarih Kursu\",\"description\":\"\u0130\u015fimiz G\u00fcc\u00fcm\u00fcz Tarih\",\"publisher\":{\"@id\":\"https:\\\/\\\/tarihkursu.com\\\/#\\\/schema\\\/person\\\/4d7bdc3b79e9f5198455474c0f203f3c\"},\"potentialAction\":[{\"@type\":\"SearchAction\",\"target\":{\"@type\":\"EntryPoint\",\"urlTemplate\":\"https:\\\/\\\/tarihkursu.com\\\/?s={search_term_string}\"},\"query-input\":{\"@type\":\"PropertyValueSpecification\",\"valueRequired\":true,\"valueName\":\"search_term_string\"}}],\"inLanguage\":\"tr\"},{\"@type\":[\"Person\",\"Organization\"],\"@id\":\"https:\\\/\\\/tarihkursu.com\\\/#\\\/schema\\\/person\\\/4d7bdc3b79e9f5198455474c0f203f3c\",\"name\":\"admin\",\"image\":{\"@type\":\"ImageObject\",\"inLanguage\":\"tr\",\"@id\":\"https:\\\/\\\/tarihkursu.com\\\/wp-content\\\/uploads\\\/2024\\\/10\\\/TARIHKURSU-Kopyasi.png\",\"url\":\"https:\\\/\\\/tarihkursu.com\\\/wp-content\\\/uploads\\\/2024\\\/10\\\/TARIHKURSU-Kopyasi.png\",\"contentUrl\":\"https:\\\/\\\/tarihkursu.com\\\/wp-content\\\/uploads\\\/2024\\\/10\\\/TARIHKURSU-Kopyasi.png\",\"width\":1080,\"height\":1080,\"caption\":\"admin\"},\"logo\":{\"@id\":\"https:\\\/\\\/tarihkursu.com\\\/wp-content\\\/uploads\\\/2024\\\/10\\\/TARIHKURSU-Kopyasi.png\"},\"sameAs\":[\"https:\\\/\\\/tarihkursu.com\"]},{\"@type\":\"Person\",\"@id\":\"https:\\\/\\\/tarihkursu.com\\\/#\\\/schema\\\/person\\\/d0f9105e31352dbe9f08d098ffb8c878\",\"name\":\"tarihkursu\",\"image\":{\"@type\":\"ImageObject\",\"inLanguage\":\"tr\",\"@id\":\"https:\\\/\\\/secure.gravatar.com\\\/avatar\\\/1354763acbc865faa7650c3e1e4431f187276d71f132349411302a546cdeae54?s=96&d=mm&r=g\",\"url\":\"https:\\\/\\\/secure.gravatar.com\\\/avatar\\\/1354763acbc865faa7650c3e1e4431f187276d71f132349411302a546cdeae54?s=96&d=mm&r=g\",\"contentUrl\":\"https:\\\/\\\/secure.gravatar.com\\\/avatar\\\/1354763acbc865faa7650c3e1e4431f187276d71f132349411302a546cdeae54?s=96&d=mm&r=g\",\"caption\":\"tarihkursu\"},\"url\":\"https:\\\/\\\/tarihkursu.com\\\/index.php\\\/author\\\/tarihkursu\\\/\"}]}<\/script>\n<!-- \/ Yoast SEO plugin. -->","yoast_head_json":{"title":"13- SOSYAL YA\u015eAM, ORDU, D\u0130L VE SANAT - tarihkursu.com","robots":{"index":"index","follow":"follow","max-snippet":"max-snippet:-1","max-image-preview":"max-image-preview:large","max-video-preview":"max-video-preview:-1"},"canonical":"https:\/\/tarihkursu.com\/index.php\/2017\/07\/25\/13-sosyal-yasam-ordu-dil-ve-sanat\/","og_locale":"tr_TR","og_type":"article","og_title":"13- SOSYAL YA\u015eAM, ORDU, D\u0130L VE SANAT - tarihkursu.com","og_description":"Sosyal ve Ekonomik Ya\u015fam \u2022T\u00fcrkler, bozk\u0131r k\u00fclt\u00fcr\u00fc olarak bilinen yar\u0131 g\u00f6\u00e7ebe bir ya\u015fam bi\u00e7imine sahip olmu\u015flard\u0131r.\u2022G\u00f6\u00e7ebe T\u00fcrk topluluklar\u0131, hayvanlar\u0131n y\u00fcn\u00fcnden ve derisinden giyim e\u015fyas\u0131 yapm\u0131\u015flard\u0131r. [...]","og_url":"https:\/\/tarihkursu.com\/index.php\/2017\/07\/25\/13-sosyal-yasam-ordu-dil-ve-sanat\/","og_site_name":"tarihkursu.com","article_published_time":"2017-07-25T16:17:00+00:00","author":"tarihkursu","twitter_card":"summary_large_image","twitter_misc":{"Yazan:":"tarihkursu","Tahmini okuma s\u00fcresi":"4 dakika"},"schema":{"@context":"https:\/\/schema.org","@graph":[{"@type":"Article","@id":"https:\/\/tarihkursu.com\/index.php\/2017\/07\/25\/13-sosyal-yasam-ordu-dil-ve-sanat\/#article","isPartOf":{"@id":"https:\/\/tarihkursu.com\/index.php\/2017\/07\/25\/13-sosyal-yasam-ordu-dil-ve-sanat\/"},"author":{"name":"tarihkursu","@id":"https:\/\/tarihkursu.com\/#\/schema\/person\/d0f9105e31352dbe9f08d098ffb8c878"},"headline":"13- SOSYAL YA\u015eAM, ORDU, D\u0130L VE SANAT","datePublished":"2017-07-25T16:17:00+00:00","mainEntityOfPage":{"@id":"https:\/\/tarihkursu.com\/index.php\/2017\/07\/25\/13-sosyal-yasam-ordu-dil-ve-sanat\/"},"wordCount":821,"commentCount":0,"publisher":{"@id":"https:\/\/tarihkursu.com\/#\/schema\/person\/4d7bdc3b79e9f5198455474c0f203f3c"},"articleSection":["KONU \u00d6ZETLER\u0130"],"inLanguage":"tr","potentialAction":[{"@type":"CommentAction","name":"Comment","target":["https:\/\/tarihkursu.com\/index.php\/2017\/07\/25\/13-sosyal-yasam-ordu-dil-ve-sanat\/#respond"]}]},{"@type":"WebPage","@id":"https:\/\/tarihkursu.com\/index.php\/2017\/07\/25\/13-sosyal-yasam-ordu-dil-ve-sanat\/","url":"https:\/\/tarihkursu.com\/index.php\/2017\/07\/25\/13-sosyal-yasam-ordu-dil-ve-sanat\/","name":"13- SOSYAL YA\u015eAM, ORDU, D\u0130L VE SANAT - tarihkursu.com","isPartOf":{"@id":"https:\/\/tarihkursu.com\/#website"},"datePublished":"2017-07-25T16:17:00+00:00","breadcrumb":{"@id":"https:\/\/tarihkursu.com\/index.php\/2017\/07\/25\/13-sosyal-yasam-ordu-dil-ve-sanat\/#breadcrumb"},"inLanguage":"tr","potentialAction":[{"@type":"ReadAction","target":["https:\/\/tarihkursu.com\/index.php\/2017\/07\/25\/13-sosyal-yasam-ordu-dil-ve-sanat\/"]}]},{"@type":"BreadcrumbList","@id":"https:\/\/tarihkursu.com\/index.php\/2017\/07\/25\/13-sosyal-yasam-ordu-dil-ve-sanat\/#breadcrumb","itemListElement":[{"@type":"ListItem","position":1,"name":"Anasayfa","item":"https:\/\/tarihkursu.com\/"},{"@type":"ListItem","position":2,"name":"13- SOSYAL YA\u015eAM, ORDU, D\u0130L VE SANAT"}]},{"@type":"WebSite","@id":"https:\/\/tarihkursu.com\/#website","url":"https:\/\/tarihkursu.com\/","name":"Tarih Kursu","description":"\u0130\u015fimiz G\u00fcc\u00fcm\u00fcz Tarih","publisher":{"@id":"https:\/\/tarihkursu.com\/#\/schema\/person\/4d7bdc3b79e9f5198455474c0f203f3c"},"potentialAction":[{"@type":"SearchAction","target":{"@type":"EntryPoint","urlTemplate":"https:\/\/tarihkursu.com\/?s={search_term_string}"},"query-input":{"@type":"PropertyValueSpecification","valueRequired":true,"valueName":"search_term_string"}}],"inLanguage":"tr"},{"@type":["Person","Organization"],"@id":"https:\/\/tarihkursu.com\/#\/schema\/person\/4d7bdc3b79e9f5198455474c0f203f3c","name":"admin","image":{"@type":"ImageObject","inLanguage":"tr","@id":"https:\/\/tarihkursu.com\/wp-content\/uploads\/2024\/10\/TARIHKURSU-Kopyasi.png","url":"https:\/\/tarihkursu.com\/wp-content\/uploads\/2024\/10\/TARIHKURSU-Kopyasi.png","contentUrl":"https:\/\/tarihkursu.com\/wp-content\/uploads\/2024\/10\/TARIHKURSU-Kopyasi.png","width":1080,"height":1080,"caption":"admin"},"logo":{"@id":"https:\/\/tarihkursu.com\/wp-content\/uploads\/2024\/10\/TARIHKURSU-Kopyasi.png"},"sameAs":["https:\/\/tarihkursu.com"]},{"@type":"Person","@id":"https:\/\/tarihkursu.com\/#\/schema\/person\/d0f9105e31352dbe9f08d098ffb8c878","name":"tarihkursu","image":{"@type":"ImageObject","inLanguage":"tr","@id":"https:\/\/secure.gravatar.com\/avatar\/1354763acbc865faa7650c3e1e4431f187276d71f132349411302a546cdeae54?s=96&d=mm&r=g","url":"https:\/\/secure.gravatar.com\/avatar\/1354763acbc865faa7650c3e1e4431f187276d71f132349411302a546cdeae54?s=96&d=mm&r=g","contentUrl":"https:\/\/secure.gravatar.com\/avatar\/1354763acbc865faa7650c3e1e4431f187276d71f132349411302a546cdeae54?s=96&d=mm&r=g","caption":"tarihkursu"},"url":"https:\/\/tarihkursu.com\/index.php\/author\/tarihkursu\/"}]}},"_links":{"self":[{"href":"https:\/\/tarihkursu.com\/index.php\/wp-json\/wp\/v2\/posts\/1067","targetHints":{"allow":["GET"]}}],"collection":[{"href":"https:\/\/tarihkursu.com\/index.php\/wp-json\/wp\/v2\/posts"}],"about":[{"href":"https:\/\/tarihkursu.com\/index.php\/wp-json\/wp\/v2\/types\/post"}],"author":[{"embeddable":true,"href":"https:\/\/tarihkursu.com\/index.php\/wp-json\/wp\/v2\/users\/2"}],"replies":[{"embeddable":true,"href":"https:\/\/tarihkursu.com\/index.php\/wp-json\/wp\/v2\/comments?post=1067"}],"version-history":[{"count":0,"href":"https:\/\/tarihkursu.com\/index.php\/wp-json\/wp\/v2\/posts\/1067\/revisions"}],"wp:attachment":[{"href":"https:\/\/tarihkursu.com\/index.php\/wp-json\/wp\/v2\/media?parent=1067"}],"wp:term":[{"taxonomy":"category","embeddable":true,"href":"https:\/\/tarihkursu.com\/index.php\/wp-json\/wp\/v2\/categories?post=1067"},{"taxonomy":"post_tag","embeddable":true,"href":"https:\/\/tarihkursu.com\/index.php\/wp-json\/wp\/v2\/tags?post=1067"}],"curies":[{"name":"wp","href":"https:\/\/api.w.org\/{rel}","templated":true}]}}