{"id":1195,"date":"2024-10-19T14:36:41","date_gmt":"2024-10-19T11:36:41","guid":{"rendered":"https:\/\/tarihkursu.com\/?p=1195"},"modified":"2024-10-28T22:34:34","modified_gmt":"2024-10-28T19:34:34","slug":"9-sinif-tarih-dersi-1-donem-1-yazili-sorulari-2024-2025","status":"publish","type":"post","link":"https:\/\/tarihkursu.com\/index.php\/2024\/10\/19\/9-sinif-tarih-dersi-1-donem-1-yazili-sorulari-2024-2025\/","title":{"rendered":"9. S\u0131n\u0131f Tarih Dersi 1. D\u00f6nem 1. Yaz\u0131l\u0131 Sorular\u0131 2024-2025"},"content":{"rendered":"\n<p>9. s\u0131n\u0131f \u00f6\u011frencileri, 1. d\u00f6nem 1. tarih yaz\u0131l\u0131 s\u0131nav\u0131na m\u0131 haz\u0131rlan\u0131yorsunuz?  Tarih \u00f6\u011fretmeni arkada\u015flar\u0131m\u0131z, kaliteli ve yeni Maarif modeli ile uyumlu yaz\u0131l\u0131 sorular\u0131 m\u0131 ar\u0131yorsunuz? Tam da arad\u0131\u011f\u0131n\u0131z yerdesiniz! Bu sayfada, Milli E\u011fitim Bakanl\u0131\u011f\u0131&#8217;n\u0131n belirledi\u011fi konu da\u011f\u0131l\u0131m tablosuna ve 9. s\u0131n\u0131f tarih ders kitab\u0131ndaki \u00f6\u011frenme \u00e7\u0131kt\u0131lar\u0131na uygun olarak haz\u0131rlanm\u0131\u015f, kapsaml\u0131 bir yaz\u0131l\u0131ya haz\u0131rl\u0131k sorular\u0131 bulacaks\u0131n\u0131z.<br>T\u00fcm tarih dersi yaz\u0131l\u0131 sorular\u0131m\u0131z, tarih dersinin temel kavramlar\u0131n\u0131 peki\u015ftirmenize ve s\u0131navda ba\u015far\u0131l\u0131 olman\u0131za yard\u0131mc\u0131 olacak \u015fekilde tasarland\u0131. A\u00e7\u0131k u\u00e7lu ve k\u0131sa cevapl\u0131 olarak haz\u0131rlad\u0131\u011f\u0131m\u0131z tarih yaz\u0131l\u0131s\u0131 sorular\u0131 Milli E\u011fitim Bakanl\u0131\u011f\u0131 taraf\u0131ndan payla\u015f\u0131lan soru da\u011f\u0131l\u0131m tablosu ile uyumludur.<\/p>\n\n\n\n<p>Neden Tarih dersi 9. s\u0131n\u0131f 1. d\u00f6nem 1. yaz\u0131l\u0131s\u0131na bu sayfadan haz\u0131rlanmal\u0131s\u0131n\u0131z?<\/p>\n\n\n\n<p>MEB M\u00fcfredat\u0131na Uygun: T\u00fcm sorular, Milli E\u011fitim Bakanl\u0131\u011f\u0131&#8217;n\u0131n belirledi\u011fi kazan\u0131mlara yani \u00d6\u011frenme \u00c7\u0131kt\u0131lar\u0131 ve S\u00fcre\u00e7 Bile\u015fenlerine g\u00f6re haz\u0131rlanm\u0131\u015ft\u0131r.<br>Kapsaml\u0131 \u0130\u00e7erik: Ders kitab\u0131ndaki 9. s\u0131n\u0131f yaz\u0131l\u0131s\u0131nda \u00e7\u0131kabilecek t\u00fcm \u00f6nemli konulara yer verilmi\u015ftir.<br>9. s\u0131n\u0131f tarih yaz\u0131l\u0131ya haz\u0131rl\u0131k \u00e7al\u0131\u015fmam\u0131z a\u00e7\u0131k u\u00e7lu ve k\u0131sa cevapl\u0131 sorulardan olu\u015fmaktad\u0131r.<br>S\u0131navda Ba\u015far\u0131: Tarih 9 1. d\u00f6nem 1. yaz\u0131l\u0131ya haz\u0131rl\u0131k sorular\u0131m\u0131z b\u00fcy\u00fck oranda okullardaki ger\u00e7ek yaz\u0131l\u0131larda \u00e7\u0131kacakt\u0131r.<\/p>\n\n\n\n<ol start=\"9\" class=\"wp-block-list\">\n<li class=\"has-medium-font-size\">s\u0131n\u0131f tarih dersi konular\u0131n\u0131 daha iyi anlamak ve yaz\u0131l\u0131larda 100 almak i\u00e7in hemen \u00e7al\u0131\u015fmaya ba\u015flay\u0131n!<\/li>\n<\/ol>\n\n\n\n<p><\/p>\n\n\n\n<h2 class=\"wp-block-heading\">TAR.9.1.1. Tarih \u00f6\u011frenmenin bireye ve topluma faydalar\u0131n\u0131 yorumlayabilme<\/h2>\n\n\n\n<p><strong>1- Tarih \u00f6\u011frenmenin topluma faydalar\u0131ndan ikisini yaz\u0131n\u0131z. (Bilgi D\u00fczeyi)<\/strong><\/p>\n\n\n\n<p>Cevap:<\/p>\n\n\n\n<p>Toplumlar\u0131n kimliklerini olu\u015fturmas\u0131na yard\u0131mc\u0131 olur.<\/p>\n\n\n\n<p>Toplumlar\u0131n ge\u00e7mi\u015fteki yap\u0131lan hatalardan dersler \u00e7\u0131karmas\u0131n\u0131 sa\u011flar.<\/p>\n\n\n\n<p>Toplumlar\u0131n zaman i\u00e7inde nas\u0131l de\u011fi\u015fti\u011fini ve geli\u015fti\u011fini anlamay\u0131 sa\u011flar.<\/p>\n\n\n\n<p>Toplumlar\u0131n k\u00fclt\u00fcrel miraslar\u0131n\u0131 koruma ve de\u011fer verme bilincini art\u0131r\u0131r.<\/p>\n\n\n\n<p>Toplumlar\u0131n ge\u00e7mi\u015fte ya\u015fad\u0131\u011f\u0131 \u00e7at\u0131\u015fma ve sava\u015flar\u0131n nedenlerini ve sonu\u00e7lar\u0131n\u0131 inceleyerek, onlara toplumsal bar\u0131\u015f ve uzla\u015f\u0131 i\u00e7in se\u00e7enekler sunar.<\/p>\n\n\n\n<p><strong>2- Mill\u00ee bilin\u00e7 geli\u015fmesine katk\u0131 sa\u011flayan unsurlardan iki tanesini yaz\u0131n\u0131z. (Bilgi D\u00fczeyi)<\/strong><\/p>\n\n\n\n<p>Cevap:<\/p>\n\n\n\n<p>Vatan sevgisi<\/p>\n\n\n\n<p>Bayrak sevgisi<\/p>\n\n\n\n<p>Ba\u011f\u0131ms\u0131zl\u0131k<\/p>\n\n\n\n<p>Mill\u00ee m\u00fccadele<\/p>\n\n\n\n<p>Cesaret<\/p>\n\n\n\n<p>Dayan\u0131\u015fma<\/p>\n\n\n\n<p>Kahramanl\u0131k<\/p>\n\n\n\n<p>Fedak\u00e2rl\u0131k<\/p>\n\n\n\n<p>Ayn\u0131 \u00fclk\u00fc etraf\u0131nda birle\u015fmek<\/p>\n\n\n\n<p>Birlikte ya\u015fama duygusu<\/p>\n\n\n\n<p><strong>3- Tarih \u00f6\u011frenmenin bireye sa\u011flad\u0131\u011f\u0131 faydalardan \u00fc\u00e7 tanesini yaz\u0131n\u0131z. (Bilgi D\u00fczeyi)<\/strong><\/p>\n\n\n\n<p>Cevap:<\/p>\n\n\n\n<p>Milli bilin\u00e7 ve kimlik kazanma<\/p>\n\n\n\n<p>Ge\u00e7mi\u015ften ders alma<\/p>\n\n\n\n<p>Geni\u015f bir perspektif ve anlay\u0131\u015f geli\u015ftirme<\/p>\n\n\n\n<p>Empati ve yorumlama becerisini geli\u015ftirme<\/p>\n\n\n\n<p>Sorgulama ve analiz yetene\u011fini geli\u015ftirme<\/p>\n\n\n\n<p>Kendi ge\u00e7mi\u015fini anlama<\/p>\n\n\n\n<p>\u0130lham ve motivasyon kazanma<\/p>\n\n\n\n<p>Bilgi ve k\u00fclt\u00fcrel zenginlik<\/p>\n\n\n\n<p>Vatanda\u015fl\u0131k sorumluluklar\u0131n\u0131 anlama<\/p>\n\n\n\n<p>Yaz\u0131l\u0131 ve s\u00f6zl\u00fc ileti\u015fim becerilerini geli\u015ftirme<\/p>\n\n\n\n<p><strong>4- \u201cTarih bir milletin haf\u0131zas\u0131d\u0131r.\u201d s\u00f6z\u00fcn\u00fc kendi c\u00fcmlelerinizle a\u00e7\u0131klay\u0131n\u0131z. (Kavrama D\u00fczeyi)<\/strong><\/p>\n\n\n\n<p>Cevap:<\/p>\n\n\n\n<p>Bu s\u00f6z, tarihin bir milletin kimli\u011fini, deneyimlerini ve de\u011ferlerini saklayan bir kay\u0131t g\u00f6revi g\u00f6rd\u00fc\u011f\u00fcn\u00fc anlatmaktad\u0131r. T\u0131pk\u0131 bir insan\u0131n haf\u0131zas\u0131n\u0131n ge\u00e7mi\u015f deneyimlerini hat\u0131rlamas\u0131n\u0131 ve gelecekteki kararlar\u0131n\u0131 etkilemesini sa\u011flad\u0131\u011f\u0131 gibi, tarihin de bir milletin kim oldu\u011funu, nereden geldi\u011fini ve nereye gitmek istedi\u011fini anlamas\u0131na yard\u0131mc\u0131 olur.<\/p>\n\n\n\n<p><strong>5- Tarihini bilmeyen toplumlar neden gelece\u011fe do\u011fru bi\u00e7imde y\u00f6n veremez? (Kavrama D\u00fczeyi)<\/strong><\/p>\n\n\n\n<p>Cevap:<\/p>\n\n\n\n<p>Tarihini bilmeyen toplumlar, ge\u00e7mi\u015fte ya\u015fananlardan ders \u00e7\u0131karamad\u0131klar\u0131 i\u00e7in gelece\u011fe do\u011fru bi\u00e7imde y\u00f6n veremezler. Ge\u00e7mi\u015fte yap\u0131lan hatalar\u0131 tekrarlayabilirler veya ba\u015far\u0131l\u0131 olmu\u015f y\u00f6ntemleri kullanamayabilirler.<\/p>\n\n\n\n<p><strong>6- Tarih \u00f6\u011frenmenin bireylerde empati yetene\u011fini nas\u0131l geli\u015ftirdi\u011fini a\u00e7\u0131klay\u0131n\u0131z. (Kavrama D\u00fczeyi)<\/strong><\/p>\n\n\n\n<p>Cevap:<\/p>\n\n\n\n<p>Tarihi olaylar ve bu olaylardan etkilenen insanlar hakk\u0131nda bilgi edinmek, bireyin empati kurma yetene\u011fini art\u0131r\u0131r. Ge\u00e7mi\u015fte ya\u015fanan olaylar\u0131 ve insanlar\u0131n ya\u015fad\u0131klar\u0131n\u0131 anlayarak, g\u00fcn\u00fcm\u00fczdeki farkl\u0131 insanlara ve durumlara kar\u015f\u0131 daha anlay\u0131\u015fl\u0131 ve duyarl\u0131 olabiliriz.<\/p>\n\n\n\n<p><strong>7- Toplumlar\u0131n ortak bir ge\u00e7mi\u015fe sahip olmas\u0131n\u0131n toplumsal aidiyet ve birliktelik duygusunu nas\u0131l g\u00fc\u00e7lendirdi\u011fini kendi c\u00fcmlelerinizle a\u00e7\u0131klay\u0131n\u0131z.<\/strong> (Kavrama D\u00fczeyi)<\/p>\n\n\n\n<p>Cevap:<\/p>\n\n\n\n<p>Ortak bir ge\u00e7mi\u015fe sahip olmak, insanlar\u0131n ortak de\u011ferler ve deneyimler etraf\u0131nda birle\u015fmesini sa\u011flar. Bu ortak paydada bulu\u015fma, bireylerin kendilerini ait hissetmelerini ve toplumsal b\u00fct\u00fcnl\u00fc\u011f\u00fcn g\u00fc\u00e7lenmesini sa\u011flar.<\/p>\n\n\n\n<p><strong>8- Sizce tarih \u00f6\u011frenmek, g\u00fcn\u00fcm\u00fczde ya\u015fanan toplumsal sorunlara \u00e7\u00f6z\u00fcm bulma konusunda nas\u0131l yard\u0131mc\u0131 olabilir? \u00d6rneklerle a\u00e7\u0131klay\u0131n\u0131z. <\/strong>(Uygulama D\u00fczeyi)<\/p>\n\n\n\n<p>Tarih \u00f6\u011frenmek, g\u00fcn\u00fcm\u00fczde ya\u015fanan toplumsal sorunlara \u00e7\u00f6z\u00fcm bulma konusunda bize a\u015fa\u011f\u0131daki gibi yard\u0131mc\u0131 olabilir:<\/p>\n\n\n\n<p>Ge\u00e7mi\u015fteki hatalardan ders \u00e7\u0131karma: \u00d6rne\u011fin, tarihte ya\u015fanan sava\u015flar\u0131n nedenlerini ve sonu\u00e7lar\u0131n\u0131 inceleyerek, g\u00fcn\u00fcm\u00fczde bar\u0131\u015f\u00e7\u0131l \u00e7\u00f6z\u00fcmler \u00fcretmek i\u00e7in stratejiler geli\u015ftirebiliriz.<\/p>\n\n\n\n<p>Toplumsal de\u011fi\u015fim ve s\u00fcreklilik: Ge\u00e7mi\u015fte toplumsal hareketlerin nas\u0131l ba\u015flad\u0131\u011f\u0131n\u0131, nas\u0131l yay\u0131ld\u0131\u011f\u0131n\u0131 ve nas\u0131l sonu\u00e7land\u0131\u011f\u0131n\u0131 inceleyerek g\u00fcn\u00fcm\u00fczdeki toplumsal sorunlara kar\u015f\u0131 etkili \u00e7\u00f6z\u00fcm yollar\u0131 bulabiliriz.<\/p>\n\n\n\n<p>Farkl\u0131 k\u00fclt\u00fcr ve ya\u015fam bi\u00e7imlerine kar\u015f\u0131 empati geli\u015ftirme: Ge\u00e7mi\u015fte farkl\u0131 k\u00fclt\u00fcrlerin nas\u0131l etkile\u015fimde bulundu\u011funu ve birbirlerinden nas\u0131l etkilendi\u011fini inceleyerek, g\u00fcn\u00fcm\u00fczde k\u00fclt\u00fcrler aras\u0131 anlay\u0131\u015f ve ho\u015fg\u00f6r\u00fcy\u00fc art\u0131rabiliriz.<\/p>\n\n\n\n<p><strong>9- Mehmet Akif Ersoy taraf\u0131ndan yaz\u0131lan \u0130stiklal Mar\u015f\u0131m\u0131zda milli bilincin geli\u015ftirilmesine katk\u0131 sa\u011flayan unsurlardan hangilerine vurgu yap\u0131lm\u0131\u015ft\u0131r? (Analiz D\u00fczeyi)<\/strong><\/p>\n\n\n\n<p>Vatan sevgisi: \u015eiirde vatan\u0131n kutsall\u0131\u011f\u0131 ve korunmas\u0131 gerekti\u011fi vurgulan\u0131r.<\/p>\n\n\n\n<p>Bayrak sevgisi: T\u00fcrk bayra\u011f\u0131, milletin ba\u011f\u0131ms\u0131zl\u0131\u011f\u0131n\u0131n ve birli\u011finin sembol\u00fc olarak y\u00fcceltilir.<\/p>\n\n\n\n<p>Ba\u011f\u0131ms\u0131zl\u0131k: Milletimizin ba\u011f\u0131ms\u0131zl\u0131\u011f\u0131 i\u00e7in verilen m\u00fccadelenin \u00f6nemi vurgulan\u0131r ve bu m\u00fccadelenin asla sona ermeyece\u011fi mesaj\u0131 verilir.<\/p>\n\n\n\n<p>Kahramanl\u0131k ve Fedakarl\u0131k: Vatan savunmas\u0131nda \u015fehit d\u00fc\u015fenlerin kahramanl\u0131\u011f\u0131 ve fedakarl\u0131\u011f\u0131 y\u00fcceltilir.<\/p>\n\n\n\n<p>Ayn\u0131 \u00fclk\u00fc etraf\u0131nda birle\u015fme: Millet olarak birlik ve beraberlik i\u00e7inde hareket etmenin \u00f6nemi vurgulan\u0131r.<\/p>\n\n\n\n<p><strong>10- Mustafa Kemal Atat\u00fcrk&#8217;\u00fcn Gen\u00e7li\u011fe Hitabesi&#8217;nde gen\u00e7lere verdi\u011fi en \u00f6nemli mesaj nedir? Sizce bu mesaj g\u00fcn\u00fcm\u00fczde hala ge\u00e7erlili\u011fini koruyor mu? Nedenlerini a\u00e7\u0131klay\u0131n\u0131z. (De\u011ferlendirme)<\/strong><\/p>\n\n\n\n<p>Atat\u00fcrk&#8217;\u00fcn Gen\u00e7li\u011fe Hitabesi&#8217;nde gen\u00e7lere verdi\u011fi en \u00f6nemli mesaj, T\u00fcrk istiklalini ve T\u00fcrk Cumhuriyeti&#8217;ni korumak ve savunmakt\u0131r. Bu mesaj, \u00fclkenin her ko\u015fulda savunulmas\u0131 gerekti\u011fini, zorluklar ve tehditler kar\u015f\u0131s\u0131nda y\u0131lmamak gerekti\u011fini ve gen\u00e7lerin bu sorumlulu\u011fu ta\u015f\u0131mas\u0131 gerekti\u011fini vurgular.<\/p>\n\n\n\n<p>Bu mesaj\u0131n g\u00fcn\u00fcm\u00fczde de ge\u00e7erli oldu\u011funu d\u00fc\u015f\u00fcn\u00fcyorum. \u00c7\u00fcnk\u00fc:<\/p>\n\n\n\n<p>D\u00fcnya s\u00fcrekli de\u011fi\u015fiyor ve T\u00fcrkiye, jeopolitik konumu nedeniyle hala \u00e7e\u015fitli tehditlerle kar\u015f\u0131 kar\u015f\u0131ya kalabiliyor.<\/p>\n\n\n\n<p>\u0130stiklal ve cumhuriyet, bir milletin en de\u011ferli varl\u0131klar\u0131d\u0131r ve bunlar\u0131 korumak her zaman \u00f6nemlidir.<\/p>\n\n\n\n<p>Gen\u00e7ler, \u00fclkenin gelece\u011fidir ve onlar\u0131n bilin\u00e7li, sorumluluk sahibi ve vatansever bireyler olarak yeti\u015fmesi, T\u00fcrkiye&#8217;nin gelece\u011fi i\u00e7in hayati \u00f6nem ta\u015f\u0131maktad\u0131r.<\/p>\n\n\n\n<p>Atat\u00fcrk&#8217;\u00fcn mesaj\u0131, sadece bir d\u00f6nemle s\u0131n\u0131rl\u0131 kalmayan, her zaman ge\u00e7erli olan evrensel bir mesajd\u0131r.<\/p>\n\n\n\n<h2 class=\"wp-block-heading\">TAR.9.1.2. Tarihin Do\u011fas\u0131<\/h2>\n\n\n\n<p><strong>1- Tarihi \u00e7a\u011flar hangileridir? (Bilgi D\u00fczeyi)<\/strong><\/p>\n\n\n\n<p>Cevap:<\/p>\n\n\n\n<p>Eski \u00c7a\u011f<\/p>\n\n\n\n<p>Orta \u00c7a\u011f<\/p>\n\n\n\n<p>Yeni \u00c7a\u011f<\/p>\n\n\n\n<p>Yak\u0131n \u00c7a\u011f<\/p>\n\n\n\n<p><strong>2- Tarihsel olay ve olgu aras\u0131ndaki fark\u0131 kendi c\u00fcmlelerinizle a\u00e7\u0131klay\u0131n\u0131z. (Kavrama)<\/strong><\/p>\n\n\n\n<p>Tarihsel olaylar, belirli bir zamanda ve yerde ger\u00e7ekle\u015fen, k\u0131sa s\u00fcreli ve somut geli\u015fmelerdir. \u00d6rne\u011fin, \u0130stanbul&#8217;un Fethi bir tarihsel olayd\u0131r. Tarihsel olgular ise, daha uzun bir zaman diliminde ger\u00e7ekle\u015fen ve genellikle birden fazla olay\u0131n sonucunda ortaya \u00e7\u0131kan soyut ve genel de\u011fi\u015fimlerdir. \u00d6rne\u011fin, Milliyet\u00e7ilik d\u00fc\u015f\u00fcncesinin yay\u0131lmas\u0131 bir tarihsel olgudur.<\/p>\n\n\n\n<p><strong>3- &#8220;K\u00fcresel Is\u0131nma&#8221; konusunu ele alarak tarih biliminin inceleme alan\u0131na girebilecek ve giremeyecek y\u00f6nlerini \u00f6rneklerle a\u00e7\u0131klay\u0131n\u0131z. (Uygulama)<\/strong><\/p>\n\n\n\n<p>K\u00fcresel Is\u0131nma&#8217;n\u0131n kendisi, yani iklim de\u011fi\u015fikli\u011finin bilimsel sebepleri, tarih biliminin inceleme alan\u0131na girmez. Bu konu daha \u00e7ok do\u011fa bilimlerinin konusudur.<\/p>\n\n\n\n<p>Ancak, K\u00fcresel Is\u0131nma&#8217;n\u0131n insanlar ve toplumlar \u00fczerindeki etkileri tarih biliminin inceleme alan\u0131na girer. \u00d6rne\u011fin;<\/p>\n\n\n\n<p>K\u00fcresel Is\u0131nma nedeniyle ya\u015fanan g\u00f6\u00e7ler<\/p>\n\n\n\n<p>K\u00fcresel Is\u0131nma&#8217;n\u0131n yol a\u00e7t\u0131\u011f\u0131 ekonomik krizler<\/p>\n\n\n\n<p>K\u00fcresel Is\u0131nma ile ilgili uluslararas\u0131 anla\u015fmalar ve politikalar<\/p>\n\n\n\n<p><strong>4- Tarih yaz\u0131m\u0131nda neden-sonu\u00e7 ili\u015fkisinin \u00f6nemini bir \u00f6rnek ile a\u00e7\u0131klay\u0131n\u0131z. (Analiz)<\/strong><\/p>\n\n\n\n<p>\u00d6rnek olarak, Frans\u0131z \u0130htilali&#8217;ni ele alal\u0131m. Frans\u0131z \u0130htilali&#8217;nin bir\u00e7ok nedeni vard\u0131r;<\/p>\n\n\n\n<p>Ekonomik kriz<\/p>\n\n\n\n<p>Sosyal e\u015fitsizlik<\/p>\n\n\n\n<p>Ayd\u0131nlanma d\u00fc\u015f\u00fcncesinin etkisi<\/p>\n\n\n\n<p>Bu nedenler bir araya gelerek Frans\u0131z \u0130htilali&#8217;ni tetiklemi\u015ftir. \u0130htilal sonucunda ise Fransa&#8217;da monar\u015fi y\u0131k\u0131lm\u0131\u015f, cumhuriyet ilan edilmi\u015f ve insan haklar\u0131 kavram\u0131 yayg\u0131nla\u015fm\u0131\u015ft\u0131r. E\u011fer neden-sonu\u00e7 ili\u015fkisi kurmadan sadece olaylar\u0131 s\u0131ralasayd\u0131k, Frans\u0131z \u0130htilali&#8217;ni tam olarak anlayamazd\u0131k.<\/p>\n\n\n\n<p><strong>5- Tarihi bir ara\u015ft\u0131rma yaparken hangi ad\u0131mlar\u0131 izlemeniz gerekti\u011fini genel olarak a\u00e7\u0131klay\u0131n\u0131z.\u00a0 (Sentez)<\/strong><\/p>\n\n\n\n<p>Konu belirleme: \u00d6ncelikle hangi konuyu ara\u015ft\u0131rmak istedi\u011finize karar verin.<\/p>\n\n\n\n<p>Kaynak toplama: Konunuzla ilgili kitaplar, makaleler, belgeler ve di\u011fer kaynaklar\u0131 bulun.<\/p>\n\n\n\n<p>Kaynaklar\u0131 inceleme ve ele\u015ftirme: Buldu\u011funuz kaynaklar\u0131n g\u00fcvenilirli\u011fini de\u011ferlendirin.<\/p>\n\n\n\n<p>Olgular\u0131 belirleme: Kaynaklardan elde etti\u011finiz bilgileri kullanarak tarihsel olgular\u0131 tespit edin.<\/p>\n\n\n\n<p>Olgular aras\u0131nda ili\u015fki kurma: Olgular aras\u0131ndaki neden-sonu\u00e7 ili\u015fkilerini ve di\u011fer ba\u011flant\u0131lar\u0131 belirleyin.<\/p>\n\n\n\n<p>Ula\u015f\u0131lan bilgileri yorumlama ve sentezleme: Elde etti\u011finiz bilgileri kullanarak kendi yorumunuzu ve sentezinizi olu\u015fturun.<\/p>\n\n\n\n<p><strong>6- Sizce bir olay\u0131n tarihsel \u00f6nem ta\u015f\u0131mas\u0131 i\u00e7in en \u00f6nemli kriter nedir? D\u00fc\u015f\u00fcncelerinizi gerek\u00e7eleriyle a\u00e7\u0131klay\u0131n\u0131z. (De\u011ferlendirme)<\/strong><\/p>\n\n\n\n<p>Cevap<\/p>\n\n\n\n<p>Bir olay\u0131n tarihsel \u00f6nem ta\u015f\u0131mas\u0131 i\u00e7in en \u00f6nemli kriter, o olay\u0131n yaratt\u0131\u011f\u0131 de\u011fi\u015fimin b\u00fcy\u00fckl\u00fc\u011f\u00fc ve etki alan\u0131n\u0131n geni\u015fli\u011fidir.<\/p>\n\n\n\n<p>\u00d6rne\u011fin, bir bulu\u015f sadece belirli bir b\u00f6lgeyi etkilemi\u015fse, tarihsel \u00f6nemi s\u0131n\u0131rl\u0131 olabilir. Ancak, matbaa gibi bir bulu\u015f t\u00fcm d\u00fcnyay\u0131 etkilemi\u015fse, tarihsel \u00f6nemi \u00e7ok b\u00fcy\u00fck olacakt\u0131r. Ayn\u0131 \u015fekilde, bir sava\u015f sadece iki \u00fclke aras\u0131nda olmu\u015fsa, tarihsel \u00f6nemi yerel kalabilir. Ancak, I. D\u00fcnya Sava\u015f\u0131 gibi bir sava\u015f t\u00fcm d\u00fcnyay\u0131 etkilemi\u015fse, tarihsel \u00f6nemi \u00e7ok b\u00fcy\u00fck olacakt\u0131r.<\/p>\n\n\n\n<p><strong>7- Tarihi devirler hangi olayla ba\u015flar? (Bilgi)<\/strong><\/p>\n\n\n\n<p>Cevap: S\u00fcmerlerin M\u00d6 3200&#8217;lerde yaz\u0131y\u0131 icat etmesi.<\/p>\n\n\n\n<p><strong>8- Ay ve g\u00fcne\u015f takvimlerini ilk kullanan medeniyetler hangileridir? (Bilgi)<\/strong><\/p>\n\n\n\n<p>Cevap: Ay takvimini ilk S\u00fcmerler kulland\u0131.<\/p>\n\n\n\n<p>G\u00fcne\u015f takvimini ilk M\u0131s\u0131rlar kulland\u0131.<\/p>\n\n\n\n<p><strong>9- Tarih nedir? Kendi c\u00fcmlelerinle tan\u0131mla. (Bilgi)<\/strong><\/p>\n\n\n\n<p>Cevap: Tarih; toplumlar\u0131n ba\u015f\u0131ndan ge\u00e7en olaylar\u0131, zaman ve yer g\u00f6stererek, belgelere dayal\u0131 bir bi\u00e7imde anlatan, bunlar\u0131n sebep ve sonu\u00e7lar\u0131n\u0131, birbirleriyle olan ili\u015fkilerini objektif olarak ele alan sosyal bir bilimdir.<\/p>\n\n\n\n<p><strong>10- Tarih hangi y\u00f6n\u00fcyle fen bilimlerinden ayr\u0131l\u0131r? (Analiz)<\/strong><\/p>\n\n\n\n<p>Tarih ilmi olaylar\u0131 incelerken fen bilimlerinin kullanm\u0131\u015f oldu\u011fu y\u00f6ntem olan deney ve g\u00f6zlemi kullanamaz.<\/p>\n\n\n\n<p>\u00c7\u00fcnk\u00fc tarihi olaylar\u0131n tekrar\u0131 s\u00f6z konusu de\u011fildir.<\/p>\n\n\n\n<p>Fen bilimlerinde, laboratuvar ortam\u0131nda yap\u0131lan deneyler neticesinde olgular g\u00fcncellenebilmektedir.<\/p>\n\n\n\n<p>Tarihte ise b\u00f6yle bir durum s\u00f6z konusu de\u011fildir. Tarih\u00e7i olaylar\u0131 incelerken ge\u00e7mi\u015f d\u00f6nem \u015fartlar\u0131 d\u00fc\u015f\u00fcn\u00fclerek ortaya konan olgulara dayanmak zorundad\u0131r.<\/p>\n\n\n\n<p>Bu bak\u0131mdan tarih\u00e7i, olaylar\u0131 incelerken olay\u0131n ge\u00e7ti\u011fi d\u00f6neme ait belge, arkeolojik buluntu, kal\u0131nt\u0131 ve k\u00fct\u00fcphanelerdeki kaynak kitaplar\u0131, Sosyal Bilimlerin kulland\u0131\u011f\u0131 ara\u015ft\u0131rma y\u00f6ntemlerini kullanarak de\u011ferlendirmelidir.<\/p>\n\n\n\n<h2 class=\"wp-block-heading\">9.1.3. Tarihsel Bilginin \u00dcretim S\u00fcreci<\/h2>\n\n\n\n<p>B\u0130LG\u0130 (HATIRLAMA)<\/p>\n\n\n\n<p><strong>1. (Bilgi) Tarihe yard\u0131mc\u0131 bilimlerden biri olan paleografinin konusunu k\u0131saca a\u00e7\u0131klay\u0131n\u0131z.<\/strong><\/p>\n\n\n\n<p>Cevap: Paleografi, ge\u00e7mi\u015fte kullan\u0131lan yaz\u0131 \u00e7e\u015fitlerini ve bu yaz\u0131lar\u0131n \u00f6zelliklerini inceleyen bilim dal\u0131d\u0131r.<\/p>\n\n\n\n<p><strong>2.(Bilgi) Kronoloji nedir?<\/strong><\/p>\n\n\n\n<p>Cevap: Kronoloji, ge\u00e7mi\u015ften g\u00fcn\u00fcm\u00fcze meydana gelen olay ve olgular\u0131n zaman\u0131n\u0131 tespit ederek s\u0131ralayan bilim dal\u0131d\u0131r.<\/p>\n\n\n\n<p><strong>3. (Bilgi) Arkeolojinin tarihsel bilginin \u00fcretimine nas\u0131l bir katk\u0131s\u0131 vard\u0131r?<\/strong><\/p>\n\n\n\n<p>Cevap: Arkeoloji, kaz\u0131 yoluyla toprak ve su alt\u0131ndaki maddi kal\u0131nt\u0131lar\u0131 ortaya \u00e7\u0131kararak tarihe \u0131\u015f\u0131k tutar.<\/p>\n\n\n\n<p><strong>4.(Bilgi) Tarihin birinci elden kaynaklar\u0131na iki \u00f6rnek veriniz.<\/strong><\/p>\n\n\n\n<p>Cevap: Kitabe, abide.<\/p>\n\n\n\n<p><strong>5. Tarih biliminin y\u00f6ntem basamaklar\u0131 nelerdir?<\/strong><\/p>\n\n\n\n<p>1. Tarama (Kaynak Arama)<\/p>\n\n\n\n<p>Bu a\u015famada tarih\u00e7i, konuyla ilgili t\u00fcm olas\u0131 kaynaklar\u0131 ara\u015ft\u0131r\u0131r ve toplar. Bu kaynaklar, yaz\u0131l\u0131 belgeler (kitaplar, gazeteler, mektuplar), g\u00f6rsel materyaller (foto\u011fraflar, filmler), maddi kal\u0131nt\u0131lar (eserler, yap\u0131lar) ve s\u00f6zl\u00fc tarih gibi \u00e7e\u015fitlilik g\u00f6sterebilir.<\/p>\n\n\n\n<p>2. Tasnif (S\u0131n\u0131fland\u0131rma)<\/p>\n\n\n\n<p>Toplanan kaynaklar, konu ve tarihsel d\u00f6neme g\u00f6re d\u00fczenlenir ve s\u0131n\u0131fland\u0131r\u0131l\u0131r. Bu sayede karma\u015f\u0131k g\u00f6r\u00fcnen bilgi y\u0131\u011f\u0131n\u0131 daha anla\u015f\u0131l\u0131r hale gelir ve analiz i\u00e7in haz\u0131rlan\u0131r.<\/p>\n\n\n\n<p>3. Tahlil (\u00c7\u00f6z\u00fcmleme)<\/p>\n\n\n\n<p>S\u0131n\u0131fland\u0131r\u0131lan kaynaklar, i\u00e7erikleri a\u00e7\u0131s\u0131ndan detayl\u0131 bir \u015fekilde incelenir. Bu a\u015famada kaynaklar\u0131n g\u00fcvenilirli\u011fi, tarafs\u0131zl\u0131\u011f\u0131 ve kapsaml\u0131l\u0131\u011f\u0131 de\u011ferlendirilir. Kaynaklar aras\u0131ndaki \u00e7eli\u015fkiler ve eksiklikler tespit edilmeye \u00e7al\u0131\u015f\u0131l\u0131r.<\/p>\n\n\n\n<p>4. Tenkit (Ele\u015ftiri)<\/p>\n\n\n\n<p>Tahlil edilen kaynaklar, bilimsel y\u00f6ntemlere g\u00f6re ele\u015ftirilerek do\u011fru sonu\u00e7lara ula\u015f\u0131lmaya \u00e7al\u0131\u015f\u0131l\u0131r. Bu a\u015famada kaynaklar\u0131n yazar\u0131, yaz\u0131ld\u0131\u011f\u0131 tarih, ama\u00e7 ve ideoloji gibi fakt\u00f6rler g\u00f6z \u00f6n\u00fcnde bulundurulur. Kaynaklar\u0131n orijinalli\u011fi sorgulan\u0131r.<\/p>\n\n\n\n<p>5. Terkip (Sentez)<\/p>\n\n\n\n<p>Son a\u015famada ise elde edilen bilgiler bir araya getirilerek anlaml\u0131 bir b\u00fct\u00fcn olu\u015fturulur. Bu sayede konuyla ilgili yeni bir g\u00f6r\u00fc\u015f veya a\u00e7\u0131klama ortaya konulur.<\/p>\n\n\n\n<p>KAVRAMA (ANLAMA)<\/p>\n\n\n\n<p><strong>1.(Kavrama) Tarihsel bilginin \u00fcretim s\u00fcrecinde tarih\u00e7iler neden dedektiflere benzetilir?<\/strong><\/p>\n\n\n\n<p>Cevap: T\u0131pk\u0131 bir dedektif gibi tarih\u00e7iler de ge\u00e7mi\u015fte ya\u015fanm\u0131\u015f olaylar\u0131 ayd\u0131nlatmak i\u00e7in \u00e7e\u015fitli bilgi ve belgelerden yararlan\u0131r, sistemli ve titiz bir \u00e7al\u0131\u015fma y\u00fcr\u00fct\u00fcr, elde ettikleri ipu\u00e7lar\u0131n\u0131 kan\u0131tlar \u0131\u015f\u0131\u011f\u0131nda sorgular ve g\u00fcvenilir bilgilere ula\u015fmaya \u00e7al\u0131\u015f\u0131rlar.<\/p>\n\n\n\n<p><strong>2.(Kavrama) Tarih biliminde birinci elden ve ikinci elden kaynaklar aras\u0131ndaki fark\u0131 a\u00e7\u0131klay\u0131n\u0131z.<\/strong><\/p>\n\n\n\n<p>Cevap: Birinci elden kaynaklar olaylar\u0131n ya\u015fand\u0131\u011f\u0131 d\u00f6nemde ya da hemen sonras\u0131nda olu\u015fturulmu\u015f \u00f6zg\u00fcn kaynaklard\u0131r. \u0130kinci elden kaynaklar ise olaylar\u0131n ya\u015fanmas\u0131ndan \u00e7ok sonra birinci elden kaynaklara dayand\u0131r\u0131larak ortaya konmu\u015ftur.<\/p>\n\n\n\n<p><strong>3. (Kavrama) Tarihsel bilginin \u00fcretim s\u00fcrecinde farkl\u0131 bilim dallar\u0131ndan yararlan\u0131lmas\u0131n\u0131n nedenleri nelerdir?<\/strong><\/p>\n\n\n\n<p>Cevap: Tarih, \u00e7ok boyutlu ve karma\u015f\u0131k bir yap\u0131ya sahip oldu\u011fu i\u00e7in, farkl\u0131 bilim dallar\u0131n\u0131n bak\u0131\u015f a\u00e7\u0131lar\u0131 ve y\u00f6ntemleri, olaylar\u0131 daha iyi anlamam\u0131za yard\u0131mc\u0131 olabilir. \u00d6rne\u011fin, kimya bir buluntunun ya\u015f\u0131n\u0131 belirlemek i\u00e7in kullan\u0131labilirken, sosyoloji toplumlar\u0131n ge\u00e7mi\u015fteki yap\u0131s\u0131n\u0131 anlamam\u0131za yard\u0131mc\u0131 olabilir.<\/p>\n\n\n\n<p><strong>4.(Kavrama) Tarihsel kaynaklar olu\u015fma bi\u00e7imlerine g\u00f6re nas\u0131l s\u0131n\u0131fland\u0131r\u0131l\u0131r? \u00d6rneklerle a\u00e7\u0131klay\u0131n\u0131z.<\/strong><\/p>\n\n\n\n<p>Cevap: Tarihin kaynaklar\u0131 olu\u015fma bi\u00e7imlerine g\u00f6re;<\/p>\n\n\n\n<p>S\u00f6zl\u00fc kaynaklar (efsaneler, destanlar, menk\u0131beler vb.),<\/p>\n\n\n\n<p>Yaz\u0131l\u0131 kaynaklar (tabletler, kitabeler, kronikler, fermanlar, beratlar vb.),<\/p>\n\n\n\n<p>Sesli ve g\u00f6r\u00fcnt\u00fcl\u00fc kaynaklar (resimler, foto\u011fraflar, filmler, video bantlar\u0131 vb.),<\/p>\n\n\n\n<p>E\u015fya ve nesneler (arkeolojik buluntular, tarih\u00ee e\u015fya ve nesneler) \u015feklinde s\u0131n\u0131fland\u0131r\u0131lmaktad\u0131r.<\/p>\n\n\n\n<p><strong>5. (Kavrama) Mustafa Kemal Atat\u00fcrk\u2019\u00fcn \u2018Tarih yazmak, tarih yapmak kadar m\u00fchimdir. Yazan, yapana sad\u0131k kalmazsa de\u011fi\u015fmeyen hakikat insanl\u0131\u011f\u0131 \u015fa\u015f\u0131rtacak bir mahiyet al\u0131r.\u2019 s\u00f6z\u00fc ile neyi vurgulad\u0131\u011f\u0131n\u0131 a\u00e7\u0131klay\u0131n\u0131z.<\/strong><\/p>\n\n\n\n<p>Bu s\u00f6z, Atat\u00fcrk&#8217;\u00fcn tarih yaz\u0131m\u0131n\u0131n \u00f6nemini ve tarih\u00e7ilerin objektif olmas\u0131n\u0131n gereklili\u011fini vurgulad\u0131\u011f\u0131n\u0131 g\u00f6sterir. Yani, tarih\u00e7iler ge\u00e7mi\u015fi oldu\u011fu gibi yans\u0131tmal\u0131, kendi yorumlar\u0131n\u0131 de\u011fil, ger\u00e7ekleri ortaya koymal\u0131d\u0131r. Aksi takdirde, gelecek nesiller yanl\u0131\u015f bilgilendirilebilir. Bu s\u00f6z, tarih\u00e7inin sorumlulu\u011funu ve tarihin \u00f6nemini vurgular.<\/p>\n\n\n\n<p>UYGULAMA<\/p>\n\n\n\n<p><strong>1.(Uygulama) Bir tarih\u00e7i, Osmanl\u0131 \u0130mparatorlu\u011fu&#8217;nda kahve k\u00fclt\u00fcr\u00fcn\u00fcn yayg\u0131nla\u015fmas\u0131n\u0131 ara\u015ft\u0131rmak istiyor. Bu ara\u015ft\u0131rma i\u00e7in kullanabilece\u011fi farkl\u0131 kaynak t\u00fcrlerine \u00f6rnekler veriniz.<\/strong><\/p>\n\n\n\n<p>Cevap:<\/p>\n\n\n\n<p>Yaz\u0131l\u0131 kaynaklar: Seyahatnameler, d\u00f6neme ait yasaklama fermanlar\u0131, kahvehane kay\u0131tlar\u0131, t\u00fcccarlar\u0131n g\u00fcnl\u00fckleri.<\/p>\n\n\n\n<p>G\u00f6rsel kaynaklar: Kahvehaneleri ve kahve i\u00e7me sahnelerini tasvir eden minyat\u00fcrler.<\/p>\n\n\n\n<p>E\u015fya ve nesneler: Kahve fincanlar\u0131, kahve de\u011firmenleri, kahve cezveleri.<\/p>\n\n\n\n<p><strong>2.(Uygulama) Frans\u0131z \u0130htilali&#8217;nin etkilerini ara\u015ft\u0131r\u0131yorsunuz. Bu ara\u015ft\u0131rmada kullanabilece\u011finiz \u00fc\u00e7 farkl\u0131 tarih yard\u0131mc\u0131 bilimini ve bu bilimlerin ara\u015ft\u0131rman\u0131za nas\u0131l katk\u0131 sa\u011flayaca\u011f\u0131n\u0131 a\u00e7\u0131klay\u0131n\u0131z.<\/strong><\/p>\n\n\n\n<p>Cevap:<\/p>\n\n\n\n<p>Sosyoloji: Frans\u0131z toplumunun yap\u0131s\u0131n\u0131, s\u0131n\u0131f \u00e7at\u0131\u015fmalar\u0131n\u0131 ve devrim \u00f6ncesi toplumsal de\u011fi\u015fimleri anlayarak ihtilalin nedenlerini ve sonu\u00e7lar\u0131n\u0131 daha iyi de\u011ferlendirebiliriz.<\/p>\n\n\n\n<p>Diplomatik: Devrim \u00f6ncesinde ve sonras\u0131nda Fransa&#8217;n\u0131n di\u011fer \u00fclkelerle olan ili\u015fkilerini inceleyerek ihtilalin uluslararas\u0131 alandaki etkilerini ara\u015ft\u0131rabiliriz.<\/p>\n\n\n\n<p>N\u00fcmismatik: Devrim d\u00f6nemine ait para ve madalyalar\u0131 inceleyerek ekonomik ko\u015fullar\u0131, siyasi propaganday\u0131 ve devrim s\u00fcrecindeki ideolojik de\u011fi\u015fimleri anlayabiliriz.<\/p>\n\n\n\n<p><strong>3.(Uygulama) Eski M\u0131s\u0131r medeniyetine ait bir mumya bulundu\u011funuzu varsayal\u0131m. Bu mumya hakk\u0131nda bilgi edinmek i\u00e7in hangi bilim dallar\u0131ndan yararlan\u0131rd\u0131n\u0131z?<\/strong><\/p>\n\n\n\n<p>Cevap:<\/p>\n\n\n\n<p>Antropoloji: Mumyan\u0131n \u0131rksal \u00f6zelliklerini, beslenme al\u0131\u015fkanl\u0131klar\u0131n\u0131 ve ya\u015fam tarz\u0131n\u0131 belirlemede.<\/p>\n\n\n\n<p>Arkeoloji: Mumyan\u0131n bulundu\u011fu mezar\u0131n yap\u0131s\u0131n\u0131 ve i\u00e7indeki di\u011fer e\u015fyalar\u0131 inceleyerek d\u00f6neme ait bilgiler edinmede.<\/p>\n\n\n\n<p>Kimya: Mumyan\u0131n ya\u015f\u0131n\u0131 ve kullan\u0131lan mumyalama tekniklerini belirlemede.<\/p>\n\n\n\n<p><strong>4.(Uygulama) Bir ara\u015ft\u0131rmac\u0131, 17. y\u00fczy\u0131l \u0130stanbul&#8217;unda ya\u015fam\u0131\u015f bir t\u00fcccar\u0131n hayat\u0131n\u0131 ara\u015ft\u0131rmak istiyor. Bu ara\u015ft\u0131rmada kullan\u0131labilecek birinci elden ve ikinci elden kaynaklara \u00f6rnekler veriniz.<\/strong><\/p>\n\n\n\n<p>Cevap:<\/p>\n\n\n\n<p>Birinci Elden Kaynaklar: T\u00fcccar\u0131n kendi yazd\u0131\u011f\u0131 g\u00fcnl\u00fck veya mektuplar, d\u00f6neme ait resmi belgeler (vergi kay\u0131tlar\u0131, ticaret anla\u015fmalar\u0131), t\u00fcccara ait e\u015fyalar (m\u00fch\u00fcr, defter).<\/p>\n\n\n\n<p>\u0130kinci Elden Kaynaklar: 17. y\u00fczy\u0131l \u0130stanbul&#8217;unu anlatan tarih kitaplar\u0131, t\u00fcccar\u0131n ya\u015fad\u0131\u011f\u0131 d\u00f6neme ait seyahatnameler, ara\u015ft\u0131rma makaleleri.<\/p>\n\n\n\n<p>ANAL\u0130Z<\/p>\n\n\n\n<p>\u201cUzun Osmanl\u0131 tarihi ve onun yaratt\u0131\u011f\u0131 \u00e7ok renkli k\u00fclt\u00fcr\u00fc daha sa\u011fl\u0131kl\u0131 ve iyi tan\u0131man\u0131n yollar\u0131ndan biri arkeoloji disiplinini sonuna dek kullanmaktan ge\u00e7er. \u00dc\u00e7 k\u0131taya yay\u0131lm\u0131\u015f alt\u0131 y\u00fcz y\u0131ll\u0131k bir ge\u00e7mi\u015fin ayr\u0131nt\u0131lar\u0131n\u0131 yaln\u0131zca resmi vesikaya dayan\u0131p g\u00fcvenerek anlamak ve a\u00e7\u0131klamak pek m\u00fcmk\u00fcn g\u00f6r\u00fcnm\u00fcyor. Ar\u015fivlerdeki \u2018tekemm\u00fcl etmi\u015f\u2019 evraka ne derecede g\u00fcvenilebilir? Tahrir defterleri, \u015fer\u2019iyye sicilleri, m\u00fchime defterleri, salnameler, vaka-i n\u00fcvist kay\u0131tlar\u0131 vb. notlar tek ba\u015flar\u0131na ge\u00e7mi\u015fi t\u00fcm ayr\u0131nt\u0131lar\u0131yla yans\u0131tabilirler mi? Tart\u0131\u015fmaya sonuna dek a\u00e7\u0131k konular. G\u00fcn\u00fcm\u00fczde zaten s\u0131k s\u0131k tart\u0131\u015f\u0131l\u0131yorlarda&#8230; Oysa maddesel k\u00fclt\u00fcr kal\u0131nt\u0131lar\u0131, eski kent ve k\u00f6y y\u0131k\u0131nt\u0131lar\u0131, tarihin yaz\u0131l\u0131 belgelere hi\u00e7 yans\u0131mam\u0131\u015f bir\u00e7ok giz perdesini aralayabilecek, karanl\u0131k noktalara \u0131\u015f\u0131k sa\u00e7abilecek kan\u0131tlar bar\u0131nd\u0131r\u0131yor derinlerinde. Katmanlar aras\u0131na s\u0131k\u0131\u015f\u0131p kalm\u0131\u015f bu kan\u0131tlarla tarih daha somut verilerle ortaya konabilir ve ge\u00e7mi\u015f objektif olarak yans\u0131t\u0131labilir. (&#8230;)\u2019\u2019<\/p>\n\n\n\n<p><strong>1- Yukar\u0131daki metne g\u00f6re Osmanl\u0131 tarihini ara\u015ft\u0131r\u0131rken sadece yaz\u0131l\u0131 resmi belgelere kullanmak ve bunlara g\u00fcvenmek yeterli mi?<\/strong><\/p>\n\n\n\n<p>Cevap: Metin Osmanl\u0131 tarihini ara\u015ft\u0131r\u0131rken sadece yaz\u0131l\u0131 belgelere g\u00fcvenmenin eksik bir bak\u0131\u015f a\u00e7\u0131s\u0131 yaratabilece\u011fini savunuyor. Resmi belgelerin her zaman ger\u00e7e\u011fi yans\u0131tmayabilece\u011fini, baz\u0131 olaylar\u0131n veya toplumsal ger\u00e7ekliklerin yaz\u0131l\u0131 kay\u0131tlara ge\u00e7memi\u015f olabilece\u011fini belirtiyor. Bu nedenle, sadece yaz\u0131l\u0131 kaynaklara odaklanman\u0131n, Osmanl\u0131 ge\u00e7mi\u015finin karma\u015f\u0131kl\u0131\u011f\u0131n\u0131 anlamada yetersiz kalabilece\u011fini ifade ediyor.<\/p>\n\n\n\n<p>SENTEZ<\/p>\n\n\n\n<p><strong>1- &#8220;Tarihsel kaynak \u00e7e\u015fitlili\u011fi&#8217;nin \u00f6nemini a\u00e7\u0131klayan bir paragraf yaz\u0131n\u0131z.<\/strong><\/p>\n\n\n\n<p>Cevap: Tarihsel olaylar\u0131 tam ve do\u011fru bir \u015fekilde anlamak i\u00e7in farkl\u0131 t\u00fcrde kaynaklara ba\u015fvurmak b\u00fcy\u00fck \u00f6nem ta\u015f\u0131r. Yaz\u0131l\u0131 belgelerin yan\u0131 s\u0131ra, s\u00f6zl\u00fc anlat\u0131mlar, g\u00f6rsel materyaller ve arkeolojik buluntular da ge\u00e7mi\u015fe \u0131\u015f\u0131k tutan de\u011ferli bilgiler sunar. Bir olay\u0131n farkl\u0131 kaynaklardan gelen bilgilerle de\u011ferlendirilmesi, daha kapsaml\u0131 ve objektif bir bak\u0131\u015f a\u00e7\u0131s\u0131 kazanmam\u0131z\u0131 sa\u011flar. Kaynak \u00e7e\u015fitlili\u011fi, tarih\u00e7ilerin olaylar\u0131 tek bir perspektiften de\u011fil, farkl\u0131 a\u00e7\u0131lardan de\u011ferlendirmesine ve daha dengeli bir tarihsel anlat\u0131m olu\u015fturmas\u0131na olanak tan\u0131r.<\/p>\n\n\n\n<p>DE\u011eERLEND\u0130RME<\/p>\n\n\n\n<p><strong>1- G\u00fcvenilir olmayan kaynaklar\u0131n tarih yaz\u0131m\u0131nda kullan\u0131lmas\u0131n\u0131n do\u011furabilece\u011fi etik sorunlar\u0131 de\u011ferlendiriniz.<\/strong><\/p>\n\n\n\n<p>Cevap: G\u00fcvenilir olmayan kaynaklar\u0131n kullan\u0131m\u0131, yanl\u0131\u015f bilgilerin yay\u0131lmas\u0131na, tarihsel olaylar\u0131n \u00e7arp\u0131t\u0131lmas\u0131na ve toplumda yanl\u0131\u015f alg\u0131lar olu\u015fmas\u0131na neden olabilir. Bu durum, hem tarih biliminin g\u00fcvenilirli\u011fini zedeler hem de toplumsal haf\u0131zay\u0131 olumsuz etkiler. Tarih\u00e7ilerin, etik sorumluluklar\u0131 gere\u011fi, sadece g\u00fcvenilir ve do\u011frulu\u011fu kan\u0131tlanm\u0131\u015f kaynaklar\u0131 kullanmalar\u0131, bilgiyi tarafs\u0131z ve objektif bir \u015fekilde sunmalar\u0131 gerekir.<\/p>\n","protected":false},"excerpt":{"rendered":"<div class=\"mh-excerpt\"><p>9. s\u0131n\u0131f \u00f6\u011frencileri, 1. d\u00f6nem 1. tarih yaz\u0131l\u0131 s\u0131nav\u0131na m\u0131 haz\u0131rlan\u0131yorsunuz? Tarih \u00f6\u011fretmeni arkada\u015flar\u0131m\u0131z, kaliteli ve yeni Maarif modeli ile uyumlu yaz\u0131l\u0131 sorular\u0131 m\u0131 ar\u0131yorsunuz? <a class=\"mh-excerpt-more\" href=\"https:\/\/tarihkursu.com\/index.php\/2024\/10\/19\/9-sinif-tarih-dersi-1-donem-1-yazili-sorulari-2024-2025\/\" title=\"9. S\u0131n\u0131f Tarih Dersi 1. D\u00f6nem 1. Yaz\u0131l\u0131 Sorular\u0131 2024-2025\">[&#8230;]<\/a><\/p>\n<\/div>","protected":false},"author":2,"featured_media":1196,"comment_status":"open","ping_status":"open","sticky":false,"template":"","format":"standard","meta":{"_regular_price":[],"currency_symbol":[],"footnotes":""},"categories":[149],"tags":[87,89,88],"class_list":["post-1195","post","type-post","status-publish","format-standard","has-post-thumbnail","hentry","category-9-sinif-tarih-yazili-sorulari","tag-9-sinif-tarih","tag-tarih-yazili-sorulari","tag-yaziliya-hazirlik"],"post_slider_layout_featured_media_urls":{"thumbnail":["https:\/\/tarihkursu.com\/wp-content\/uploads\/2024\/10\/tarih-yaziliya-hazirlik-150x150.png",150,150,true],"post_slider_layout_landscape_large":["https:\/\/tarihkursu.com\/wp-content\/uploads\/2024\/10\/tarih-yaziliya-hazirlik-1200x720.png",1200,720,true],"post_slider_layout_portrait_large":["https:\/\/tarihkursu.com\/wp-content\/uploads\/2024\/10\/tarih-yaziliya-hazirlik-1200x720.png",1200,720,true],"post_slider_layout_square_large":["https:\/\/tarihkursu.com\/wp-content\/uploads\/2024\/10\/tarih-yaziliya-hazirlik-1200x720.png",1200,720,true],"post_slider_layout_landscape":["https:\/\/tarihkursu.com\/wp-content\/uploads\/2024\/10\/tarih-yaziliya-hazirlik-600x400.png",600,400,true],"post_slider_layout_portrait":["https:\/\/tarihkursu.com\/wp-content\/uploads\/2024\/10\/tarih-yaziliya-hazirlik-600x720.png",600,720,true],"post_slider_layout_square":["https:\/\/tarihkursu.com\/wp-content\/uploads\/2024\/10\/tarih-yaziliya-hazirlik-600x600.png",600,600,true],"full":["https:\/\/tarihkursu.com\/wp-content\/uploads\/2024\/10\/tarih-yaziliya-hazirlik.png",1280,720,false]},"yoast_head":"<!-- This site is optimized with the Yoast SEO plugin v27.4 - https:\/\/yoast.com\/product\/yoast-seo-wordpress\/ -->\n<title>9. S\u0131n\u0131f Tarih Dersi 1. D\u00f6nem 1. Yaz\u0131l\u0131 Sorular\u0131 2024-2025 - tarihkursu.com<\/title>\n<meta name=\"description\" content=\"9.. s\u0131n\u0131f tarih 1. d\u00f6nem 1. yaz\u0131l\u0131 s\u0131nav\u0131na haz\u0131r m\u0131s\u0131n? MEB m\u00fcfredat\u0131na uygun, a\u00e7\u0131k u\u00e7lu ve k\u0131sa cevapl\u0131 sorularla yaz\u0131l\u0131ya tam haz\u0131rlan.\" \/>\n<meta name=\"robots\" content=\"index, follow, max-snippet:-1, max-image-preview:large, max-video-preview:-1\" \/>\n<link rel=\"canonical\" href=\"https:\/\/tarihkursu.com\/index.php\/2024\/10\/19\/9-sinif-tarih-dersi-1-donem-1-yazili-sorulari-2024-2025\/\" \/>\n<meta property=\"og:locale\" content=\"tr_TR\" \/>\n<meta property=\"og:type\" content=\"article\" \/>\n<meta property=\"og:title\" content=\"9. S\u0131n\u0131f Tarih Dersi 1. D\u00f6nem 1. Yaz\u0131l\u0131 Sorular\u0131 2024-2025 - tarihkursu.com\" \/>\n<meta property=\"og:description\" content=\"9.. s\u0131n\u0131f tarih 1. d\u00f6nem 1. yaz\u0131l\u0131 s\u0131nav\u0131na haz\u0131r m\u0131s\u0131n? MEB m\u00fcfredat\u0131na uygun, a\u00e7\u0131k u\u00e7lu ve k\u0131sa cevapl\u0131 sorularla yaz\u0131l\u0131ya tam haz\u0131rlan.\" \/>\n<meta property=\"og:url\" content=\"https:\/\/tarihkursu.com\/index.php\/2024\/10\/19\/9-sinif-tarih-dersi-1-donem-1-yazili-sorulari-2024-2025\/\" \/>\n<meta property=\"og:site_name\" content=\"tarihkursu.com\" \/>\n<meta property=\"article:published_time\" content=\"2024-10-19T11:36:41+00:00\" \/>\n<meta property=\"article:modified_time\" content=\"2024-10-28T19:34:34+00:00\" \/>\n<meta property=\"og:image\" content=\"https:\/\/tarihkursu.com\/wp-content\/uploads\/2024\/10\/tarih-yaziliya-hazirlik.png\" \/>\n\t<meta property=\"og:image:width\" content=\"1280\" \/>\n\t<meta property=\"og:image:height\" content=\"720\" \/>\n\t<meta property=\"og:image:type\" content=\"image\/png\" \/>\n<meta name=\"author\" content=\"tarihkursu\" \/>\n<meta name=\"twitter:card\" content=\"summary_large_image\" \/>\n<meta name=\"twitter:label1\" content=\"Yazan:\" \/>\n\t<meta name=\"twitter:data1\" content=\"tarihkursu\" \/>\n\t<meta name=\"twitter:label2\" content=\"Tahmini okuma s\u00fcresi\" \/>\n\t<meta name=\"twitter:data2\" content=\"15 dakika\" \/>\n<script type=\"application\/ld+json\" class=\"yoast-schema-graph\">{\"@context\":\"https:\\\/\\\/schema.org\",\"@graph\":[{\"@type\":\"Article\",\"@id\":\"https:\\\/\\\/tarihkursu.com\\\/index.php\\\/2024\\\/10\\\/19\\\/9-sinif-tarih-dersi-1-donem-1-yazili-sorulari-2024-2025\\\/#article\",\"isPartOf\":{\"@id\":\"https:\\\/\\\/tarihkursu.com\\\/index.php\\\/2024\\\/10\\\/19\\\/9-sinif-tarih-dersi-1-donem-1-yazili-sorulari-2024-2025\\\/\"},\"author\":{\"name\":\"tarihkursu\",\"@id\":\"https:\\\/\\\/tarihkursu.com\\\/#\\\/schema\\\/person\\\/d0f9105e31352dbe9f08d098ffb8c878\"},\"headline\":\"9. S\u0131n\u0131f Tarih Dersi 1. D\u00f6nem 1. Yaz\u0131l\u0131 Sorular\u0131 2024-2025\",\"datePublished\":\"2024-10-19T11:36:41+00:00\",\"dateModified\":\"2024-10-28T19:34:34+00:00\",\"mainEntityOfPage\":{\"@id\":\"https:\\\/\\\/tarihkursu.com\\\/index.php\\\/2024\\\/10\\\/19\\\/9-sinif-tarih-dersi-1-donem-1-yazili-sorulari-2024-2025\\\/\"},\"wordCount\":3638,\"commentCount\":6,\"publisher\":{\"@id\":\"https:\\\/\\\/tarihkursu.com\\\/#\\\/schema\\\/person\\\/4d7bdc3b79e9f5198455474c0f203f3c\"},\"image\":{\"@id\":\"https:\\\/\\\/tarihkursu.com\\\/index.php\\\/2024\\\/10\\\/19\\\/9-sinif-tarih-dersi-1-donem-1-yazili-sorulari-2024-2025\\\/#primaryimage\"},\"thumbnailUrl\":\"https:\\\/\\\/tarihkursu.com\\\/wp-content\\\/uploads\\\/2024\\\/10\\\/tarih-yaziliya-hazirlik.png\",\"keywords\":[\"9.s\u0131n\u0131f tarih\",\"tarih yaz\u0131l\u0131 sorular\u0131\",\"yaz\u0131l\u0131ya haz\u0131rl\u0131k\"],\"articleSection\":[\"9. S\u0131n\u0131f Tarih YAZILI SORULARI\"],\"inLanguage\":\"tr\",\"potentialAction\":[{\"@type\":\"CommentAction\",\"name\":\"Comment\",\"target\":[\"https:\\\/\\\/tarihkursu.com\\\/index.php\\\/2024\\\/10\\\/19\\\/9-sinif-tarih-dersi-1-donem-1-yazili-sorulari-2024-2025\\\/#respond\"]}]},{\"@type\":\"WebPage\",\"@id\":\"https:\\\/\\\/tarihkursu.com\\\/index.php\\\/2024\\\/10\\\/19\\\/9-sinif-tarih-dersi-1-donem-1-yazili-sorulari-2024-2025\\\/\",\"url\":\"https:\\\/\\\/tarihkursu.com\\\/index.php\\\/2024\\\/10\\\/19\\\/9-sinif-tarih-dersi-1-donem-1-yazili-sorulari-2024-2025\\\/\",\"name\":\"9. S\u0131n\u0131f Tarih Dersi 1. D\u00f6nem 1. Yaz\u0131l\u0131 Sorular\u0131 2024-2025 - tarihkursu.com\",\"isPartOf\":{\"@id\":\"https:\\\/\\\/tarihkursu.com\\\/#website\"},\"primaryImageOfPage\":{\"@id\":\"https:\\\/\\\/tarihkursu.com\\\/index.php\\\/2024\\\/10\\\/19\\\/9-sinif-tarih-dersi-1-donem-1-yazili-sorulari-2024-2025\\\/#primaryimage\"},\"image\":{\"@id\":\"https:\\\/\\\/tarihkursu.com\\\/index.php\\\/2024\\\/10\\\/19\\\/9-sinif-tarih-dersi-1-donem-1-yazili-sorulari-2024-2025\\\/#primaryimage\"},\"thumbnailUrl\":\"https:\\\/\\\/tarihkursu.com\\\/wp-content\\\/uploads\\\/2024\\\/10\\\/tarih-yaziliya-hazirlik.png\",\"datePublished\":\"2024-10-19T11:36:41+00:00\",\"dateModified\":\"2024-10-28T19:34:34+00:00\",\"description\":\"9.. s\u0131n\u0131f tarih 1. d\u00f6nem 1. yaz\u0131l\u0131 s\u0131nav\u0131na haz\u0131r m\u0131s\u0131n? MEB m\u00fcfredat\u0131na uygun, a\u00e7\u0131k u\u00e7lu ve k\u0131sa cevapl\u0131 sorularla yaz\u0131l\u0131ya tam haz\u0131rlan.\",\"breadcrumb\":{\"@id\":\"https:\\\/\\\/tarihkursu.com\\\/index.php\\\/2024\\\/10\\\/19\\\/9-sinif-tarih-dersi-1-donem-1-yazili-sorulari-2024-2025\\\/#breadcrumb\"},\"inLanguage\":\"tr\",\"potentialAction\":[{\"@type\":\"ReadAction\",\"target\":[\"https:\\\/\\\/tarihkursu.com\\\/index.php\\\/2024\\\/10\\\/19\\\/9-sinif-tarih-dersi-1-donem-1-yazili-sorulari-2024-2025\\\/\"]}]},{\"@type\":\"ImageObject\",\"inLanguage\":\"tr\",\"@id\":\"https:\\\/\\\/tarihkursu.com\\\/index.php\\\/2024\\\/10\\\/19\\\/9-sinif-tarih-dersi-1-donem-1-yazili-sorulari-2024-2025\\\/#primaryimage\",\"url\":\"https:\\\/\\\/tarihkursu.com\\\/wp-content\\\/uploads\\\/2024\\\/10\\\/tarih-yaziliya-hazirlik.png\",\"contentUrl\":\"https:\\\/\\\/tarihkursu.com\\\/wp-content\\\/uploads\\\/2024\\\/10\\\/tarih-yaziliya-hazirlik.png\",\"width\":1280,\"height\":720,\"caption\":\"12.sinif-tarih-yazilisi\"},{\"@type\":\"BreadcrumbList\",\"@id\":\"https:\\\/\\\/tarihkursu.com\\\/index.php\\\/2024\\\/10\\\/19\\\/9-sinif-tarih-dersi-1-donem-1-yazili-sorulari-2024-2025\\\/#breadcrumb\",\"itemListElement\":[{\"@type\":\"ListItem\",\"position\":1,\"name\":\"Anasayfa\",\"item\":\"https:\\\/\\\/tarihkursu.com\\\/\"},{\"@type\":\"ListItem\",\"position\":2,\"name\":\"9. S\u0131n\u0131f Tarih Dersi 1. D\u00f6nem 1. Yaz\u0131l\u0131 Sorular\u0131 2024-2025\"}]},{\"@type\":\"WebSite\",\"@id\":\"https:\\\/\\\/tarihkursu.com\\\/#website\",\"url\":\"https:\\\/\\\/tarihkursu.com\\\/\",\"name\":\"Tarih Kursu\",\"description\":\"\u0130\u015fimiz G\u00fcc\u00fcm\u00fcz Tarih\",\"publisher\":{\"@id\":\"https:\\\/\\\/tarihkursu.com\\\/#\\\/schema\\\/person\\\/4d7bdc3b79e9f5198455474c0f203f3c\"},\"potentialAction\":[{\"@type\":\"SearchAction\",\"target\":{\"@type\":\"EntryPoint\",\"urlTemplate\":\"https:\\\/\\\/tarihkursu.com\\\/?s={search_term_string}\"},\"query-input\":{\"@type\":\"PropertyValueSpecification\",\"valueRequired\":true,\"valueName\":\"search_term_string\"}}],\"inLanguage\":\"tr\"},{\"@type\":[\"Person\",\"Organization\"],\"@id\":\"https:\\\/\\\/tarihkursu.com\\\/#\\\/schema\\\/person\\\/4d7bdc3b79e9f5198455474c0f203f3c\",\"name\":\"admin\",\"image\":{\"@type\":\"ImageObject\",\"inLanguage\":\"tr\",\"@id\":\"https:\\\/\\\/tarihkursu.com\\\/wp-content\\\/uploads\\\/2024\\\/10\\\/TARIHKURSU-Kopyasi.png\",\"url\":\"https:\\\/\\\/tarihkursu.com\\\/wp-content\\\/uploads\\\/2024\\\/10\\\/TARIHKURSU-Kopyasi.png\",\"contentUrl\":\"https:\\\/\\\/tarihkursu.com\\\/wp-content\\\/uploads\\\/2024\\\/10\\\/TARIHKURSU-Kopyasi.png\",\"width\":1080,\"height\":1080,\"caption\":\"admin\"},\"logo\":{\"@id\":\"https:\\\/\\\/tarihkursu.com\\\/wp-content\\\/uploads\\\/2024\\\/10\\\/TARIHKURSU-Kopyasi.png\"},\"sameAs\":[\"https:\\\/\\\/tarihkursu.com\"]},{\"@type\":\"Person\",\"@id\":\"https:\\\/\\\/tarihkursu.com\\\/#\\\/schema\\\/person\\\/d0f9105e31352dbe9f08d098ffb8c878\",\"name\":\"tarihkursu\",\"image\":{\"@type\":\"ImageObject\",\"inLanguage\":\"tr\",\"@id\":\"https:\\\/\\\/secure.gravatar.com\\\/avatar\\\/1354763acbc865faa7650c3e1e4431f187276d71f132349411302a546cdeae54?s=96&d=mm&r=g\",\"url\":\"https:\\\/\\\/secure.gravatar.com\\\/avatar\\\/1354763acbc865faa7650c3e1e4431f187276d71f132349411302a546cdeae54?s=96&d=mm&r=g\",\"contentUrl\":\"https:\\\/\\\/secure.gravatar.com\\\/avatar\\\/1354763acbc865faa7650c3e1e4431f187276d71f132349411302a546cdeae54?s=96&d=mm&r=g\",\"caption\":\"tarihkursu\"},\"url\":\"https:\\\/\\\/tarihkursu.com\\\/index.php\\\/author\\\/tarihkursu\\\/\"}]}<\/script>\n<!-- \/ Yoast SEO plugin. -->","yoast_head_json":{"title":"9. S\u0131n\u0131f Tarih Dersi 1. D\u00f6nem 1. Yaz\u0131l\u0131 Sorular\u0131 2024-2025 - tarihkursu.com","description":"9.. s\u0131n\u0131f tarih 1. d\u00f6nem 1. yaz\u0131l\u0131 s\u0131nav\u0131na haz\u0131r m\u0131s\u0131n? MEB m\u00fcfredat\u0131na uygun, a\u00e7\u0131k u\u00e7lu ve k\u0131sa cevapl\u0131 sorularla yaz\u0131l\u0131ya tam haz\u0131rlan.","robots":{"index":"index","follow":"follow","max-snippet":"max-snippet:-1","max-image-preview":"max-image-preview:large","max-video-preview":"max-video-preview:-1"},"canonical":"https:\/\/tarihkursu.com\/index.php\/2024\/10\/19\/9-sinif-tarih-dersi-1-donem-1-yazili-sorulari-2024-2025\/","og_locale":"tr_TR","og_type":"article","og_title":"9. S\u0131n\u0131f Tarih Dersi 1. D\u00f6nem 1. Yaz\u0131l\u0131 Sorular\u0131 2024-2025 - tarihkursu.com","og_description":"9.. s\u0131n\u0131f tarih 1. d\u00f6nem 1. yaz\u0131l\u0131 s\u0131nav\u0131na haz\u0131r m\u0131s\u0131n? MEB m\u00fcfredat\u0131na uygun, a\u00e7\u0131k u\u00e7lu ve k\u0131sa cevapl\u0131 sorularla yaz\u0131l\u0131ya tam haz\u0131rlan.","og_url":"https:\/\/tarihkursu.com\/index.php\/2024\/10\/19\/9-sinif-tarih-dersi-1-donem-1-yazili-sorulari-2024-2025\/","og_site_name":"tarihkursu.com","article_published_time":"2024-10-19T11:36:41+00:00","article_modified_time":"2024-10-28T19:34:34+00:00","og_image":[{"width":1280,"height":720,"url":"https:\/\/tarihkursu.com\/wp-content\/uploads\/2024\/10\/tarih-yaziliya-hazirlik.png","type":"image\/png"}],"author":"tarihkursu","twitter_card":"summary_large_image","twitter_misc":{"Yazan:":"tarihkursu","Tahmini okuma s\u00fcresi":"15 dakika"},"schema":{"@context":"https:\/\/schema.org","@graph":[{"@type":"Article","@id":"https:\/\/tarihkursu.com\/index.php\/2024\/10\/19\/9-sinif-tarih-dersi-1-donem-1-yazili-sorulari-2024-2025\/#article","isPartOf":{"@id":"https:\/\/tarihkursu.com\/index.php\/2024\/10\/19\/9-sinif-tarih-dersi-1-donem-1-yazili-sorulari-2024-2025\/"},"author":{"name":"tarihkursu","@id":"https:\/\/tarihkursu.com\/#\/schema\/person\/d0f9105e31352dbe9f08d098ffb8c878"},"headline":"9. S\u0131n\u0131f Tarih Dersi 1. D\u00f6nem 1. Yaz\u0131l\u0131 Sorular\u0131 2024-2025","datePublished":"2024-10-19T11:36:41+00:00","dateModified":"2024-10-28T19:34:34+00:00","mainEntityOfPage":{"@id":"https:\/\/tarihkursu.com\/index.php\/2024\/10\/19\/9-sinif-tarih-dersi-1-donem-1-yazili-sorulari-2024-2025\/"},"wordCount":3638,"commentCount":6,"publisher":{"@id":"https:\/\/tarihkursu.com\/#\/schema\/person\/4d7bdc3b79e9f5198455474c0f203f3c"},"image":{"@id":"https:\/\/tarihkursu.com\/index.php\/2024\/10\/19\/9-sinif-tarih-dersi-1-donem-1-yazili-sorulari-2024-2025\/#primaryimage"},"thumbnailUrl":"https:\/\/tarihkursu.com\/wp-content\/uploads\/2024\/10\/tarih-yaziliya-hazirlik.png","keywords":["9.s\u0131n\u0131f tarih","tarih yaz\u0131l\u0131 sorular\u0131","yaz\u0131l\u0131ya haz\u0131rl\u0131k"],"articleSection":["9. S\u0131n\u0131f Tarih YAZILI SORULARI"],"inLanguage":"tr","potentialAction":[{"@type":"CommentAction","name":"Comment","target":["https:\/\/tarihkursu.com\/index.php\/2024\/10\/19\/9-sinif-tarih-dersi-1-donem-1-yazili-sorulari-2024-2025\/#respond"]}]},{"@type":"WebPage","@id":"https:\/\/tarihkursu.com\/index.php\/2024\/10\/19\/9-sinif-tarih-dersi-1-donem-1-yazili-sorulari-2024-2025\/","url":"https:\/\/tarihkursu.com\/index.php\/2024\/10\/19\/9-sinif-tarih-dersi-1-donem-1-yazili-sorulari-2024-2025\/","name":"9. S\u0131n\u0131f Tarih Dersi 1. D\u00f6nem 1. Yaz\u0131l\u0131 Sorular\u0131 2024-2025 - tarihkursu.com","isPartOf":{"@id":"https:\/\/tarihkursu.com\/#website"},"primaryImageOfPage":{"@id":"https:\/\/tarihkursu.com\/index.php\/2024\/10\/19\/9-sinif-tarih-dersi-1-donem-1-yazili-sorulari-2024-2025\/#primaryimage"},"image":{"@id":"https:\/\/tarihkursu.com\/index.php\/2024\/10\/19\/9-sinif-tarih-dersi-1-donem-1-yazili-sorulari-2024-2025\/#primaryimage"},"thumbnailUrl":"https:\/\/tarihkursu.com\/wp-content\/uploads\/2024\/10\/tarih-yaziliya-hazirlik.png","datePublished":"2024-10-19T11:36:41+00:00","dateModified":"2024-10-28T19:34:34+00:00","description":"9.. s\u0131n\u0131f tarih 1. d\u00f6nem 1. yaz\u0131l\u0131 s\u0131nav\u0131na haz\u0131r m\u0131s\u0131n? MEB m\u00fcfredat\u0131na uygun, a\u00e7\u0131k u\u00e7lu ve k\u0131sa cevapl\u0131 sorularla yaz\u0131l\u0131ya tam haz\u0131rlan.","breadcrumb":{"@id":"https:\/\/tarihkursu.com\/index.php\/2024\/10\/19\/9-sinif-tarih-dersi-1-donem-1-yazili-sorulari-2024-2025\/#breadcrumb"},"inLanguage":"tr","potentialAction":[{"@type":"ReadAction","target":["https:\/\/tarihkursu.com\/index.php\/2024\/10\/19\/9-sinif-tarih-dersi-1-donem-1-yazili-sorulari-2024-2025\/"]}]},{"@type":"ImageObject","inLanguage":"tr","@id":"https:\/\/tarihkursu.com\/index.php\/2024\/10\/19\/9-sinif-tarih-dersi-1-donem-1-yazili-sorulari-2024-2025\/#primaryimage","url":"https:\/\/tarihkursu.com\/wp-content\/uploads\/2024\/10\/tarih-yaziliya-hazirlik.png","contentUrl":"https:\/\/tarihkursu.com\/wp-content\/uploads\/2024\/10\/tarih-yaziliya-hazirlik.png","width":1280,"height":720,"caption":"12.sinif-tarih-yazilisi"},{"@type":"BreadcrumbList","@id":"https:\/\/tarihkursu.com\/index.php\/2024\/10\/19\/9-sinif-tarih-dersi-1-donem-1-yazili-sorulari-2024-2025\/#breadcrumb","itemListElement":[{"@type":"ListItem","position":1,"name":"Anasayfa","item":"https:\/\/tarihkursu.com\/"},{"@type":"ListItem","position":2,"name":"9. S\u0131n\u0131f Tarih Dersi 1. D\u00f6nem 1. Yaz\u0131l\u0131 Sorular\u0131 2024-2025"}]},{"@type":"WebSite","@id":"https:\/\/tarihkursu.com\/#website","url":"https:\/\/tarihkursu.com\/","name":"Tarih Kursu","description":"\u0130\u015fimiz G\u00fcc\u00fcm\u00fcz Tarih","publisher":{"@id":"https:\/\/tarihkursu.com\/#\/schema\/person\/4d7bdc3b79e9f5198455474c0f203f3c"},"potentialAction":[{"@type":"SearchAction","target":{"@type":"EntryPoint","urlTemplate":"https:\/\/tarihkursu.com\/?s={search_term_string}"},"query-input":{"@type":"PropertyValueSpecification","valueRequired":true,"valueName":"search_term_string"}}],"inLanguage":"tr"},{"@type":["Person","Organization"],"@id":"https:\/\/tarihkursu.com\/#\/schema\/person\/4d7bdc3b79e9f5198455474c0f203f3c","name":"admin","image":{"@type":"ImageObject","inLanguage":"tr","@id":"https:\/\/tarihkursu.com\/wp-content\/uploads\/2024\/10\/TARIHKURSU-Kopyasi.png","url":"https:\/\/tarihkursu.com\/wp-content\/uploads\/2024\/10\/TARIHKURSU-Kopyasi.png","contentUrl":"https:\/\/tarihkursu.com\/wp-content\/uploads\/2024\/10\/TARIHKURSU-Kopyasi.png","width":1080,"height":1080,"caption":"admin"},"logo":{"@id":"https:\/\/tarihkursu.com\/wp-content\/uploads\/2024\/10\/TARIHKURSU-Kopyasi.png"},"sameAs":["https:\/\/tarihkursu.com"]},{"@type":"Person","@id":"https:\/\/tarihkursu.com\/#\/schema\/person\/d0f9105e31352dbe9f08d098ffb8c878","name":"tarihkursu","image":{"@type":"ImageObject","inLanguage":"tr","@id":"https:\/\/secure.gravatar.com\/avatar\/1354763acbc865faa7650c3e1e4431f187276d71f132349411302a546cdeae54?s=96&d=mm&r=g","url":"https:\/\/secure.gravatar.com\/avatar\/1354763acbc865faa7650c3e1e4431f187276d71f132349411302a546cdeae54?s=96&d=mm&r=g","contentUrl":"https:\/\/secure.gravatar.com\/avatar\/1354763acbc865faa7650c3e1e4431f187276d71f132349411302a546cdeae54?s=96&d=mm&r=g","caption":"tarihkursu"},"url":"https:\/\/tarihkursu.com\/index.php\/author\/tarihkursu\/"}]}},"_links":{"self":[{"href":"https:\/\/tarihkursu.com\/index.php\/wp-json\/wp\/v2\/posts\/1195","targetHints":{"allow":["GET"]}}],"collection":[{"href":"https:\/\/tarihkursu.com\/index.php\/wp-json\/wp\/v2\/posts"}],"about":[{"href":"https:\/\/tarihkursu.com\/index.php\/wp-json\/wp\/v2\/types\/post"}],"author":[{"embeddable":true,"href":"https:\/\/tarihkursu.com\/index.php\/wp-json\/wp\/v2\/users\/2"}],"replies":[{"embeddable":true,"href":"https:\/\/tarihkursu.com\/index.php\/wp-json\/wp\/v2\/comments?post=1195"}],"version-history":[{"count":1,"href":"https:\/\/tarihkursu.com\/index.php\/wp-json\/wp\/v2\/posts\/1195\/revisions"}],"predecessor-version":[{"id":1197,"href":"https:\/\/tarihkursu.com\/index.php\/wp-json\/wp\/v2\/posts\/1195\/revisions\/1197"}],"wp:featuredmedia":[{"embeddable":true,"href":"https:\/\/tarihkursu.com\/index.php\/wp-json\/wp\/v2\/media\/1196"}],"wp:attachment":[{"href":"https:\/\/tarihkursu.com\/index.php\/wp-json\/wp\/v2\/media?parent=1195"}],"wp:term":[{"taxonomy":"category","embeddable":true,"href":"https:\/\/tarihkursu.com\/index.php\/wp-json\/wp\/v2\/categories?post=1195"},{"taxonomy":"post_tag","embeddable":true,"href":"https:\/\/tarihkursu.com\/index.php\/wp-json\/wp\/v2\/tags?post=1195"}],"curies":[{"name":"wp","href":"https:\/\/api.w.org\/{rel}","templated":true}]}}