{"id":1538,"date":"2024-10-28T18:00:17","date_gmt":"2024-10-28T15:00:17","guid":{"rendered":"https:\/\/tarihkursu.com\/?p=1538"},"modified":"2024-10-28T22:25:46","modified_gmt":"2024-10-28T19:25:46","slug":"secmeli-turk-dusunce-tarihi-dersi-1-donem-1-yazili-sorulari","status":"publish","type":"post","link":"https:\/\/tarihkursu.com\/index.php\/2024\/10\/28\/secmeli-turk-dusunce-tarihi-dersi-1-donem-1-yazili-sorulari\/","title":{"rendered":"Se\u00e7meli T\u00fcrk D\u00fc\u015f\u00fcnce Tarihi Dersi 1. D\u00f6nem 1. Yaz\u0131l\u0131 Sorular\u0131"},"content":{"rendered":"\n<p><strong>T\u00fcrk D\u00fc\u015f\u00fcnce Tarihi Dersi <\/strong>se\u00e7meli olarak 10. 11. ve 12 s\u0131n\u0131f d\u00fczeyinde okutulmaktad\u0131r. <strong>T\u00fcrk D\u00fc\u015f\u00fcnce Tarihi Dersi <\/strong>\u00d6\u011fretim Program\u0131, \u00f6\u011frencilere T\u00fcrklerin tarih boyunca olu\u015fturdu\u011fu d\u00fc\u015f\u00fcnce miras\u0131n\u0131 disiplinler aras\u0131 bir anlay\u0131\u015f ve ele\u015ftirel bir bak\u0131\u015f a\u00e7\u0131s\u0131yla anlamalar\u0131 i\u00e7in gerekli becerileri kazand\u0131rmay\u0131 ama\u00e7lamaktad\u0131r. Program, \u0130slam \u00f6ncesi T\u00fcrk d\u00fc\u015f\u00fcncesinden Cumhuriyet D\u00f6nemi&#8217;ne kadar T\u00fcrk d\u00fc\u015f\u00fcnce tarihinin geli\u015fimini ele almaktad\u0131r.<\/p>\n\n\n\n<h2 class=\"wp-block-heading\">T\u00fcrk D\u00fc\u015f\u00fcnce Tarihi Dersi \u00dcniteleri:<\/h2>\n\n\n\n<p><br><strong>\u0130slam \u00d6ncesi T\u00fcrk D\u00fc\u015f\u00fcncesi: <\/strong>Bu \u00fcnite, \u0130slam \u00f6ncesi T\u00fcrklerin din\u00ee, felsefi, bilimsel ve siyasi d\u00fc\u015f\u00fcncelerini ele almaktad\u0131r. G\u00f6k Tanr\u0131 inanc\u0131, atalar k\u00fclt\u00fc, ba\u011f\u0131ms\u0131zl\u0131k ve adalet d\u00fc\u015f\u00fcncesi gibi konulara odaklan\u0131lmaktad\u0131r.<br><strong>\u0130lk D\u00f6nem T\u00fcrk-\u0130slam D\u00fc\u015f\u00fcncesi:<\/strong> Bu \u00fcnite, T\u00fcrklerin \u0130slamiyet&#8217;i kabul\u00fcnden sonraki d\u00f6nemde T\u00fcrk-\u0130slam d\u00fc\u015f\u00fcncesinin din\u00ee, felsefi, bilimsel ve siyasi y\u00f6nlerini incelemektedir. Ahmet Yesevi, Mevlana, Yunus Emre, Farabi ve \u0130bn-i Sina gibi \u00f6nemli d\u00fc\u015f\u00fcn\u00fcrlerin katk\u0131lar\u0131 ele al\u0131nmaktad\u0131r.<br><strong>Osmanl\u0131 D\u00f6nemi T\u00fcrk D\u00fc\u015f\u00fcncesi:<\/strong> Bu \u00fcnite, Osmanl\u0131 D\u00f6nemi&#8217;nde T\u00fcrk d\u00fc\u015f\u00fcncesinin din\u00ee, felsefi, bilimsel ve siyasi boyutlar\u0131n\u0131 ele almaktad\u0131r. Osmanl\u0131&#8217;n\u0131n klasik d\u00f6nem siyasi d\u00fc\u015f\u00fcncesi, yenilik aray\u0131\u015flar\u0131, Tanzimat ve Me\u015frutiyet D\u00f6nemi d\u00fc\u015f\u00fcnce yap\u0131s\u0131 gibi konulara odaklan\u0131lmaktad\u0131r.<br><strong>Cumhuriyet D\u00f6nemi T\u00fcrk D\u00fc\u015f\u00fcncesi:<\/strong> Bu \u00fcnite, Cumhuriyet D\u00f6nemi&#8217;nde T\u00fcrk d\u00fc\u015f\u00fcncesinin din\u00ee, felsefi, bilimsel ve siyasi y\u00f6nlerini incelemektedir. Cumhuriyet D\u00f6nemi&#8217;ndeki din\u00ee d\u00fc\u015f\u00fcnce, felsefenin geli\u015fimi, bilimsel d\u00fc\u015f\u00fcnce ve Atat\u00fcrk\u00e7\u00fc d\u00fc\u015f\u00fcnce sistemi gibi konular ele al\u0131nmaktad\u0131r<\/p>\n\n\n\n<p>Bu sayfada g\u00fcncel ders kitab\u0131 ile uyumlu <strong>Se\u00e7meli T\u00fcrk D\u00fc\u015f\u00fcnce Tarihi Dersi 1. D\u00f6nem 1. Yaz\u0131l\u0131 Sorular\u0131n\u0131 <\/strong>payla\u015f\u0131yoruz. <strong>T\u00fcrk D\u00fc\u015f\u00fcnce Tarihi Dersi<\/strong> 1. yaz\u0131l\u0131 sorular\u0131 Tarih \u00d6\u011fretmeni Seyit \u0130brahim EROL taraf\u0131ndan haz\u0131rlanm\u0131\u015ft\u0131r.<\/p>\n\n\n\n<p><\/p>\n\n\n\n<h3 class=\"wp-block-heading\">Se\u00e7meli T\u00fcrk D\u00fc\u015f\u00fcnce Tarihi Dersi 1. D\u00f6nem 1. Yaz\u0131l\u0131 Sorular\u0131n\u0131 <a href=\"https:\/\/tarihkursu.com\/wp-content\/uploads\/2024\/10\/Turk-Dusunce-Tarihi-1.-yazili-soru-ve-cevaplari.docx\">\u0130ND\u0130RMEK \u0130\u00c7\u0130N TIKLA<\/a><\/h3>\n\n\n\n<div class=\"wp-block-file\"><a id=\"wp-block-file--media-fefdd761-99b3-4e2b-8193-997cf6692c68\" href=\"https:\/\/tarihkursu.com\/wp-content\/uploads\/2024\/10\/Turk-Dusunce-Tarihi-1.-yazili-soru-ve-cevaplari.docx\"><strong>T\u00fcrk D\u00fc\u015f\u00fcnce Tarihi 1. yaz\u0131l\u0131 soru ve cevaplar\u0131<\/strong><\/a><a href=\"https:\/\/tarihkursu.com\/wp-content\/uploads\/2024\/10\/Turk-Dusunce-Tarihi-1.-yazili-soru-ve-cevaplari.docx\" class=\"wp-block-file__button wp-element-button\" download aria-describedby=\"wp-block-file--media-fefdd761-99b3-4e2b-8193-997cf6692c68\">\u0130ndir<\/a><\/div>\n\n\n\n<p><\/p>\n","protected":false},"excerpt":{"rendered":"<div class=\"mh-excerpt\"><p>T\u00fcrk D\u00fc\u015f\u00fcnce Tarihi Dersi se\u00e7meli olarak 10. 11. ve 12 s\u0131n\u0131f d\u00fczeyinde okutulmaktad\u0131r. T\u00fcrk D\u00fc\u015f\u00fcnce Tarihi Dersi \u00d6\u011fretim Program\u0131, \u00f6\u011frencilere T\u00fcrklerin tarih boyunca olu\u015fturdu\u011fu d\u00fc\u015f\u00fcnce <a class=\"mh-excerpt-more\" href=\"https:\/\/tarihkursu.com\/index.php\/2024\/10\/28\/secmeli-turk-dusunce-tarihi-dersi-1-donem-1-yazili-sorulari\/\" title=\"Se\u00e7meli T\u00fcrk D\u00fc\u015f\u00fcnce Tarihi Dersi 1. D\u00f6nem 1. Yaz\u0131l\u0131 Sorular\u0131\">[&#8230;]<\/a><\/p>\n<\/div>","protected":false},"author":2,"featured_media":1554,"comment_status":"open","ping_status":"open","sticky":false,"template":"","format":"standard","meta":{"_regular_price":[],"currency_symbol":[],"footnotes":""},"categories":[177],"tags":[89,176],"class_list":["post-1538","post","type-post","status-publish","format-standard","has-post-thumbnail","hentry","category-turk-dusunce-tarihi","tag-tarih-yazili-sorulari","tag-turk-dusunce-tarihi"],"post_slider_layout_featured_media_urls":{"thumbnail":["https:\/\/tarihkursu.com\/wp-content\/uploads\/2024\/10\/turk.dusunce.tarihi.yazili-150x150.png",150,150,true],"post_slider_layout_landscape_large":["https:\/\/tarihkursu.com\/wp-content\/uploads\/2024\/10\/turk.dusunce.tarihi.yazili-1200x720.png",1200,720,true],"post_slider_layout_portrait_large":["https:\/\/tarihkursu.com\/wp-content\/uploads\/2024\/10\/turk.dusunce.tarihi.yazili-1200x720.png",1200,720,true],"post_slider_layout_square_large":["https:\/\/tarihkursu.com\/wp-content\/uploads\/2024\/10\/turk.dusunce.tarihi.yazili-1200x720.png",1200,720,true],"post_slider_layout_landscape":["https:\/\/tarihkursu.com\/wp-content\/uploads\/2024\/10\/turk.dusunce.tarihi.yazili-600x400.png",600,400,true],"post_slider_layout_portrait":["https:\/\/tarihkursu.com\/wp-content\/uploads\/2024\/10\/turk.dusunce.tarihi.yazili-600x720.png",600,720,true],"post_slider_layout_square":["https:\/\/tarihkursu.com\/wp-content\/uploads\/2024\/10\/turk.dusunce.tarihi.yazili-600x600.png",600,600,true],"full":["https:\/\/tarihkursu.com\/wp-content\/uploads\/2024\/10\/turk.dusunce.tarihi.yazili.png",1280,720,false]},"yoast_head":"<!-- This site is optimized with the Yoast SEO plugin v27.5 - https:\/\/yoast.com\/product\/yoast-seo-wordpress\/ -->\n<title>Se\u00e7meli T\u00fcrk D\u00fc\u015f\u00fcnce Tarihi Dersi 1. D\u00f6nem 1. Yaz\u0131l\u0131 Sorular\u0131 - tarihkursu.com<\/title>\n<meta name=\"description\" content=\"Se\u00e7meli T\u00fcrk D\u00fc\u015f\u00fcnce Tarihi Dersi 1. D\u00f6nem 1. Yaz\u0131l\u0131 Sorular\u0131 g\u00fcncel m\u00fcfredata g\u00f6re haz\u0131rlanm\u0131\u015ft\u0131r. MEB kitab\u0131 ile uyumludur.\" \/>\n<meta name=\"robots\" content=\"index, follow, max-snippet:-1, max-image-preview:large, max-video-preview:-1\" \/>\n<link rel=\"canonical\" href=\"https:\/\/tarihkursu.com\/index.php\/2024\/10\/28\/secmeli-turk-dusunce-tarihi-dersi-1-donem-1-yazili-sorulari\/\" \/>\n<meta property=\"og:locale\" content=\"tr_TR\" \/>\n<meta property=\"og:type\" content=\"article\" \/>\n<meta property=\"og:title\" content=\"Se\u00e7meli T\u00fcrk D\u00fc\u015f\u00fcnce Tarihi Dersi 1. D\u00f6nem 1. Yaz\u0131l\u0131 Sorular\u0131 - tarihkursu.com\" \/>\n<meta property=\"og:description\" content=\"Se\u00e7meli T\u00fcrk D\u00fc\u015f\u00fcnce Tarihi Dersi 1. D\u00f6nem 1. Yaz\u0131l\u0131 Sorular\u0131 g\u00fcncel m\u00fcfredata g\u00f6re haz\u0131rlanm\u0131\u015ft\u0131r. MEB kitab\u0131 ile uyumludur.\" \/>\n<meta property=\"og:url\" content=\"https:\/\/tarihkursu.com\/index.php\/2024\/10\/28\/secmeli-turk-dusunce-tarihi-dersi-1-donem-1-yazili-sorulari\/\" \/>\n<meta property=\"og:site_name\" content=\"tarihkursu.com\" \/>\n<meta property=\"article:published_time\" content=\"2024-10-28T15:00:17+00:00\" \/>\n<meta property=\"article:modified_time\" content=\"2024-10-28T19:25:46+00:00\" \/>\n<meta property=\"og:image\" content=\"https:\/\/tarihkursu.com\/wp-content\/uploads\/2024\/10\/turk.dusunce.tarihi.yazili.png\" \/>\n\t<meta property=\"og:image:width\" content=\"1280\" \/>\n\t<meta property=\"og:image:height\" content=\"720\" \/>\n\t<meta property=\"og:image:type\" content=\"image\/png\" \/>\n<meta name=\"author\" content=\"tarihkursu\" \/>\n<meta name=\"twitter:card\" content=\"summary_large_image\" \/>\n<meta name=\"twitter:label1\" content=\"Yazan:\" \/>\n\t<meta name=\"twitter:data1\" content=\"tarihkursu\" \/>\n\t<meta name=\"twitter:label2\" content=\"Tahmini okuma s\u00fcresi\" \/>\n\t<meta name=\"twitter:data2\" content=\"2 dakika\" \/>\n<script type=\"application\/ld+json\" class=\"yoast-schema-graph\">{\"@context\":\"https:\\\/\\\/schema.org\",\"@graph\":[{\"@type\":\"Article\",\"@id\":\"https:\\\/\\\/tarihkursu.com\\\/index.php\\\/2024\\\/10\\\/28\\\/secmeli-turk-dusunce-tarihi-dersi-1-donem-1-yazili-sorulari\\\/#article\",\"isPartOf\":{\"@id\":\"https:\\\/\\\/tarihkursu.com\\\/index.php\\\/2024\\\/10\\\/28\\\/secmeli-turk-dusunce-tarihi-dersi-1-donem-1-yazili-sorulari\\\/\"},\"author\":{\"name\":\"tarihkursu\",\"@id\":\"https:\\\/\\\/tarihkursu.com\\\/#\\\/schema\\\/person\\\/d0f9105e31352dbe9f08d098ffb8c878\"},\"headline\":\"Se\u00e7meli T\u00fcrk D\u00fc\u015f\u00fcnce Tarihi Dersi 1. D\u00f6nem 1. Yaz\u0131l\u0131 Sorular\u0131\",\"datePublished\":\"2024-10-28T15:00:17+00:00\",\"dateModified\":\"2024-10-28T19:25:46+00:00\",\"mainEntityOfPage\":{\"@id\":\"https:\\\/\\\/tarihkursu.com\\\/index.php\\\/2024\\\/10\\\/28\\\/secmeli-turk-dusunce-tarihi-dersi-1-donem-1-yazili-sorulari\\\/\"},\"wordCount\":367,\"commentCount\":0,\"publisher\":{\"@id\":\"https:\\\/\\\/tarihkursu.com\\\/#\\\/schema\\\/person\\\/4d7bdc3b79e9f5198455474c0f203f3c\"},\"image\":{\"@id\":\"https:\\\/\\\/tarihkursu.com\\\/index.php\\\/2024\\\/10\\\/28\\\/secmeli-turk-dusunce-tarihi-dersi-1-donem-1-yazili-sorulari\\\/#primaryimage\"},\"thumbnailUrl\":\"https:\\\/\\\/tarihkursu.com\\\/wp-content\\\/uploads\\\/2024\\\/10\\\/turk.dusunce.tarihi.yazili.png\",\"keywords\":[\"tarih yaz\u0131l\u0131 sorular\u0131\",\"t\u00fcrk d\u00fc\u015f\u00fcnce tarihi\"],\"articleSection\":[\"T\u00fcrk D\u00fc\u015f\u00fcnce Tarihi\"],\"inLanguage\":\"tr\",\"potentialAction\":[{\"@type\":\"CommentAction\",\"name\":\"Comment\",\"target\":[\"https:\\\/\\\/tarihkursu.com\\\/index.php\\\/2024\\\/10\\\/28\\\/secmeli-turk-dusunce-tarihi-dersi-1-donem-1-yazili-sorulari\\\/#respond\"]}]},{\"@type\":\"WebPage\",\"@id\":\"https:\\\/\\\/tarihkursu.com\\\/index.php\\\/2024\\\/10\\\/28\\\/secmeli-turk-dusunce-tarihi-dersi-1-donem-1-yazili-sorulari\\\/\",\"url\":\"https:\\\/\\\/tarihkursu.com\\\/index.php\\\/2024\\\/10\\\/28\\\/secmeli-turk-dusunce-tarihi-dersi-1-donem-1-yazili-sorulari\\\/\",\"name\":\"Se\u00e7meli T\u00fcrk D\u00fc\u015f\u00fcnce Tarihi Dersi 1. D\u00f6nem 1. Yaz\u0131l\u0131 Sorular\u0131 - tarihkursu.com\",\"isPartOf\":{\"@id\":\"https:\\\/\\\/tarihkursu.com\\\/#website\"},\"primaryImageOfPage\":{\"@id\":\"https:\\\/\\\/tarihkursu.com\\\/index.php\\\/2024\\\/10\\\/28\\\/secmeli-turk-dusunce-tarihi-dersi-1-donem-1-yazili-sorulari\\\/#primaryimage\"},\"image\":{\"@id\":\"https:\\\/\\\/tarihkursu.com\\\/index.php\\\/2024\\\/10\\\/28\\\/secmeli-turk-dusunce-tarihi-dersi-1-donem-1-yazili-sorulari\\\/#primaryimage\"},\"thumbnailUrl\":\"https:\\\/\\\/tarihkursu.com\\\/wp-content\\\/uploads\\\/2024\\\/10\\\/turk.dusunce.tarihi.yazili.png\",\"datePublished\":\"2024-10-28T15:00:17+00:00\",\"dateModified\":\"2024-10-28T19:25:46+00:00\",\"description\":\"Se\u00e7meli T\u00fcrk D\u00fc\u015f\u00fcnce Tarihi Dersi 1. D\u00f6nem 1. Yaz\u0131l\u0131 Sorular\u0131 g\u00fcncel m\u00fcfredata g\u00f6re haz\u0131rlanm\u0131\u015ft\u0131r. MEB kitab\u0131 ile uyumludur.\",\"breadcrumb\":{\"@id\":\"https:\\\/\\\/tarihkursu.com\\\/index.php\\\/2024\\\/10\\\/28\\\/secmeli-turk-dusunce-tarihi-dersi-1-donem-1-yazili-sorulari\\\/#breadcrumb\"},\"inLanguage\":\"tr\",\"potentialAction\":[{\"@type\":\"ReadAction\",\"target\":[\"https:\\\/\\\/tarihkursu.com\\\/index.php\\\/2024\\\/10\\\/28\\\/secmeli-turk-dusunce-tarihi-dersi-1-donem-1-yazili-sorulari\\\/\"]}]},{\"@type\":\"ImageObject\",\"inLanguage\":\"tr\",\"@id\":\"https:\\\/\\\/tarihkursu.com\\\/index.php\\\/2024\\\/10\\\/28\\\/secmeli-turk-dusunce-tarihi-dersi-1-donem-1-yazili-sorulari\\\/#primaryimage\",\"url\":\"https:\\\/\\\/tarihkursu.com\\\/wp-content\\\/uploads\\\/2024\\\/10\\\/turk.dusunce.tarihi.yazili.png\",\"contentUrl\":\"https:\\\/\\\/tarihkursu.com\\\/wp-content\\\/uploads\\\/2024\\\/10\\\/turk.dusunce.tarihi.yazili.png\",\"width\":1280,\"height\":720,\"caption\":\"T\u00dcRK D\u00dc\u015e\u00dcNCE TAR\u0130H\u0130\"},{\"@type\":\"BreadcrumbList\",\"@id\":\"https:\\\/\\\/tarihkursu.com\\\/index.php\\\/2024\\\/10\\\/28\\\/secmeli-turk-dusunce-tarihi-dersi-1-donem-1-yazili-sorulari\\\/#breadcrumb\",\"itemListElement\":[{\"@type\":\"ListItem\",\"position\":1,\"name\":\"Anasayfa\",\"item\":\"https:\\\/\\\/tarihkursu.com\\\/\"},{\"@type\":\"ListItem\",\"position\":2,\"name\":\"Se\u00e7meli T\u00fcrk D\u00fc\u015f\u00fcnce Tarihi Dersi 1. D\u00f6nem 1. Yaz\u0131l\u0131 Sorular\u0131\"}]},{\"@type\":\"WebSite\",\"@id\":\"https:\\\/\\\/tarihkursu.com\\\/#website\",\"url\":\"https:\\\/\\\/tarihkursu.com\\\/\",\"name\":\"Tarih Kursu\",\"description\":\"\u0130\u015fimiz G\u00fcc\u00fcm\u00fcz Tarih\",\"publisher\":{\"@id\":\"https:\\\/\\\/tarihkursu.com\\\/#\\\/schema\\\/person\\\/4d7bdc3b79e9f5198455474c0f203f3c\"},\"potentialAction\":[{\"@type\":\"SearchAction\",\"target\":{\"@type\":\"EntryPoint\",\"urlTemplate\":\"https:\\\/\\\/tarihkursu.com\\\/?s={search_term_string}\"},\"query-input\":{\"@type\":\"PropertyValueSpecification\",\"valueRequired\":true,\"valueName\":\"search_term_string\"}}],\"inLanguage\":\"tr\"},{\"@type\":[\"Person\",\"Organization\"],\"@id\":\"https:\\\/\\\/tarihkursu.com\\\/#\\\/schema\\\/person\\\/4d7bdc3b79e9f5198455474c0f203f3c\",\"name\":\"admin\",\"image\":{\"@type\":\"ImageObject\",\"inLanguage\":\"tr\",\"@id\":\"https:\\\/\\\/tarihkursu.com\\\/wp-content\\\/uploads\\\/2024\\\/10\\\/TARIHKURSU-Kopyasi.png\",\"url\":\"https:\\\/\\\/tarihkursu.com\\\/wp-content\\\/uploads\\\/2024\\\/10\\\/TARIHKURSU-Kopyasi.png\",\"contentUrl\":\"https:\\\/\\\/tarihkursu.com\\\/wp-content\\\/uploads\\\/2024\\\/10\\\/TARIHKURSU-Kopyasi.png\",\"width\":1080,\"height\":1080,\"caption\":\"admin\"},\"logo\":{\"@id\":\"https:\\\/\\\/tarihkursu.com\\\/wp-content\\\/uploads\\\/2024\\\/10\\\/TARIHKURSU-Kopyasi.png\"},\"sameAs\":[\"https:\\\/\\\/tarihkursu.com\"]},{\"@type\":\"Person\",\"@id\":\"https:\\\/\\\/tarihkursu.com\\\/#\\\/schema\\\/person\\\/d0f9105e31352dbe9f08d098ffb8c878\",\"name\":\"tarihkursu\",\"image\":{\"@type\":\"ImageObject\",\"inLanguage\":\"tr\",\"@id\":\"https:\\\/\\\/secure.gravatar.com\\\/avatar\\\/1354763acbc865faa7650c3e1e4431f187276d71f132349411302a546cdeae54?s=96&d=mm&r=g\",\"url\":\"https:\\\/\\\/secure.gravatar.com\\\/avatar\\\/1354763acbc865faa7650c3e1e4431f187276d71f132349411302a546cdeae54?s=96&d=mm&r=g\",\"contentUrl\":\"https:\\\/\\\/secure.gravatar.com\\\/avatar\\\/1354763acbc865faa7650c3e1e4431f187276d71f132349411302a546cdeae54?s=96&d=mm&r=g\",\"caption\":\"tarihkursu\"},\"url\":\"https:\\\/\\\/tarihkursu.com\\\/index.php\\\/author\\\/tarihkursu\\\/\"}]}<\/script>\n<!-- \/ Yoast SEO plugin. -->","yoast_head_json":{"title":"Se\u00e7meli T\u00fcrk D\u00fc\u015f\u00fcnce Tarihi Dersi 1. D\u00f6nem 1. Yaz\u0131l\u0131 Sorular\u0131 - tarihkursu.com","description":"Se\u00e7meli T\u00fcrk D\u00fc\u015f\u00fcnce Tarihi Dersi 1. D\u00f6nem 1. Yaz\u0131l\u0131 Sorular\u0131 g\u00fcncel m\u00fcfredata g\u00f6re haz\u0131rlanm\u0131\u015ft\u0131r. MEB kitab\u0131 ile uyumludur.","robots":{"index":"index","follow":"follow","max-snippet":"max-snippet:-1","max-image-preview":"max-image-preview:large","max-video-preview":"max-video-preview:-1"},"canonical":"https:\/\/tarihkursu.com\/index.php\/2024\/10\/28\/secmeli-turk-dusunce-tarihi-dersi-1-donem-1-yazili-sorulari\/","og_locale":"tr_TR","og_type":"article","og_title":"Se\u00e7meli T\u00fcrk D\u00fc\u015f\u00fcnce Tarihi Dersi 1. D\u00f6nem 1. Yaz\u0131l\u0131 Sorular\u0131 - tarihkursu.com","og_description":"Se\u00e7meli T\u00fcrk D\u00fc\u015f\u00fcnce Tarihi Dersi 1. D\u00f6nem 1. Yaz\u0131l\u0131 Sorular\u0131 g\u00fcncel m\u00fcfredata g\u00f6re haz\u0131rlanm\u0131\u015ft\u0131r. MEB kitab\u0131 ile uyumludur.","og_url":"https:\/\/tarihkursu.com\/index.php\/2024\/10\/28\/secmeli-turk-dusunce-tarihi-dersi-1-donem-1-yazili-sorulari\/","og_site_name":"tarihkursu.com","article_published_time":"2024-10-28T15:00:17+00:00","article_modified_time":"2024-10-28T19:25:46+00:00","og_image":[{"width":1280,"height":720,"url":"https:\/\/tarihkursu.com\/wp-content\/uploads\/2024\/10\/turk.dusunce.tarihi.yazili.png","type":"image\/png"}],"author":"tarihkursu","twitter_card":"summary_large_image","twitter_misc":{"Yazan:":"tarihkursu","Tahmini okuma s\u00fcresi":"2 dakika"},"schema":{"@context":"https:\/\/schema.org","@graph":[{"@type":"Article","@id":"https:\/\/tarihkursu.com\/index.php\/2024\/10\/28\/secmeli-turk-dusunce-tarihi-dersi-1-donem-1-yazili-sorulari\/#article","isPartOf":{"@id":"https:\/\/tarihkursu.com\/index.php\/2024\/10\/28\/secmeli-turk-dusunce-tarihi-dersi-1-donem-1-yazili-sorulari\/"},"author":{"name":"tarihkursu","@id":"https:\/\/tarihkursu.com\/#\/schema\/person\/d0f9105e31352dbe9f08d098ffb8c878"},"headline":"Se\u00e7meli T\u00fcrk D\u00fc\u015f\u00fcnce Tarihi Dersi 1. D\u00f6nem 1. Yaz\u0131l\u0131 Sorular\u0131","datePublished":"2024-10-28T15:00:17+00:00","dateModified":"2024-10-28T19:25:46+00:00","mainEntityOfPage":{"@id":"https:\/\/tarihkursu.com\/index.php\/2024\/10\/28\/secmeli-turk-dusunce-tarihi-dersi-1-donem-1-yazili-sorulari\/"},"wordCount":367,"commentCount":0,"publisher":{"@id":"https:\/\/tarihkursu.com\/#\/schema\/person\/4d7bdc3b79e9f5198455474c0f203f3c"},"image":{"@id":"https:\/\/tarihkursu.com\/index.php\/2024\/10\/28\/secmeli-turk-dusunce-tarihi-dersi-1-donem-1-yazili-sorulari\/#primaryimage"},"thumbnailUrl":"https:\/\/tarihkursu.com\/wp-content\/uploads\/2024\/10\/turk.dusunce.tarihi.yazili.png","keywords":["tarih yaz\u0131l\u0131 sorular\u0131","t\u00fcrk d\u00fc\u015f\u00fcnce tarihi"],"articleSection":["T\u00fcrk D\u00fc\u015f\u00fcnce Tarihi"],"inLanguage":"tr","potentialAction":[{"@type":"CommentAction","name":"Comment","target":["https:\/\/tarihkursu.com\/index.php\/2024\/10\/28\/secmeli-turk-dusunce-tarihi-dersi-1-donem-1-yazili-sorulari\/#respond"]}]},{"@type":"WebPage","@id":"https:\/\/tarihkursu.com\/index.php\/2024\/10\/28\/secmeli-turk-dusunce-tarihi-dersi-1-donem-1-yazili-sorulari\/","url":"https:\/\/tarihkursu.com\/index.php\/2024\/10\/28\/secmeli-turk-dusunce-tarihi-dersi-1-donem-1-yazili-sorulari\/","name":"Se\u00e7meli T\u00fcrk D\u00fc\u015f\u00fcnce Tarihi Dersi 1. D\u00f6nem 1. Yaz\u0131l\u0131 Sorular\u0131 - tarihkursu.com","isPartOf":{"@id":"https:\/\/tarihkursu.com\/#website"},"primaryImageOfPage":{"@id":"https:\/\/tarihkursu.com\/index.php\/2024\/10\/28\/secmeli-turk-dusunce-tarihi-dersi-1-donem-1-yazili-sorulari\/#primaryimage"},"image":{"@id":"https:\/\/tarihkursu.com\/index.php\/2024\/10\/28\/secmeli-turk-dusunce-tarihi-dersi-1-donem-1-yazili-sorulari\/#primaryimage"},"thumbnailUrl":"https:\/\/tarihkursu.com\/wp-content\/uploads\/2024\/10\/turk.dusunce.tarihi.yazili.png","datePublished":"2024-10-28T15:00:17+00:00","dateModified":"2024-10-28T19:25:46+00:00","description":"Se\u00e7meli T\u00fcrk D\u00fc\u015f\u00fcnce Tarihi Dersi 1. D\u00f6nem 1. Yaz\u0131l\u0131 Sorular\u0131 g\u00fcncel m\u00fcfredata g\u00f6re haz\u0131rlanm\u0131\u015ft\u0131r. MEB kitab\u0131 ile uyumludur.","breadcrumb":{"@id":"https:\/\/tarihkursu.com\/index.php\/2024\/10\/28\/secmeli-turk-dusunce-tarihi-dersi-1-donem-1-yazili-sorulari\/#breadcrumb"},"inLanguage":"tr","potentialAction":[{"@type":"ReadAction","target":["https:\/\/tarihkursu.com\/index.php\/2024\/10\/28\/secmeli-turk-dusunce-tarihi-dersi-1-donem-1-yazili-sorulari\/"]}]},{"@type":"ImageObject","inLanguage":"tr","@id":"https:\/\/tarihkursu.com\/index.php\/2024\/10\/28\/secmeli-turk-dusunce-tarihi-dersi-1-donem-1-yazili-sorulari\/#primaryimage","url":"https:\/\/tarihkursu.com\/wp-content\/uploads\/2024\/10\/turk.dusunce.tarihi.yazili.png","contentUrl":"https:\/\/tarihkursu.com\/wp-content\/uploads\/2024\/10\/turk.dusunce.tarihi.yazili.png","width":1280,"height":720,"caption":"T\u00dcRK D\u00dc\u015e\u00dcNCE TAR\u0130H\u0130"},{"@type":"BreadcrumbList","@id":"https:\/\/tarihkursu.com\/index.php\/2024\/10\/28\/secmeli-turk-dusunce-tarihi-dersi-1-donem-1-yazili-sorulari\/#breadcrumb","itemListElement":[{"@type":"ListItem","position":1,"name":"Anasayfa","item":"https:\/\/tarihkursu.com\/"},{"@type":"ListItem","position":2,"name":"Se\u00e7meli T\u00fcrk D\u00fc\u015f\u00fcnce Tarihi Dersi 1. D\u00f6nem 1. Yaz\u0131l\u0131 Sorular\u0131"}]},{"@type":"WebSite","@id":"https:\/\/tarihkursu.com\/#website","url":"https:\/\/tarihkursu.com\/","name":"Tarih Kursu","description":"\u0130\u015fimiz G\u00fcc\u00fcm\u00fcz Tarih","publisher":{"@id":"https:\/\/tarihkursu.com\/#\/schema\/person\/4d7bdc3b79e9f5198455474c0f203f3c"},"potentialAction":[{"@type":"SearchAction","target":{"@type":"EntryPoint","urlTemplate":"https:\/\/tarihkursu.com\/?s={search_term_string}"},"query-input":{"@type":"PropertyValueSpecification","valueRequired":true,"valueName":"search_term_string"}}],"inLanguage":"tr"},{"@type":["Person","Organization"],"@id":"https:\/\/tarihkursu.com\/#\/schema\/person\/4d7bdc3b79e9f5198455474c0f203f3c","name":"admin","image":{"@type":"ImageObject","inLanguage":"tr","@id":"https:\/\/tarihkursu.com\/wp-content\/uploads\/2024\/10\/TARIHKURSU-Kopyasi.png","url":"https:\/\/tarihkursu.com\/wp-content\/uploads\/2024\/10\/TARIHKURSU-Kopyasi.png","contentUrl":"https:\/\/tarihkursu.com\/wp-content\/uploads\/2024\/10\/TARIHKURSU-Kopyasi.png","width":1080,"height":1080,"caption":"admin"},"logo":{"@id":"https:\/\/tarihkursu.com\/wp-content\/uploads\/2024\/10\/TARIHKURSU-Kopyasi.png"},"sameAs":["https:\/\/tarihkursu.com"]},{"@type":"Person","@id":"https:\/\/tarihkursu.com\/#\/schema\/person\/d0f9105e31352dbe9f08d098ffb8c878","name":"tarihkursu","image":{"@type":"ImageObject","inLanguage":"tr","@id":"https:\/\/secure.gravatar.com\/avatar\/1354763acbc865faa7650c3e1e4431f187276d71f132349411302a546cdeae54?s=96&d=mm&r=g","url":"https:\/\/secure.gravatar.com\/avatar\/1354763acbc865faa7650c3e1e4431f187276d71f132349411302a546cdeae54?s=96&d=mm&r=g","contentUrl":"https:\/\/secure.gravatar.com\/avatar\/1354763acbc865faa7650c3e1e4431f187276d71f132349411302a546cdeae54?s=96&d=mm&r=g","caption":"tarihkursu"},"url":"https:\/\/tarihkursu.com\/index.php\/author\/tarihkursu\/"}]}},"_links":{"self":[{"href":"https:\/\/tarihkursu.com\/index.php\/wp-json\/wp\/v2\/posts\/1538","targetHints":{"allow":["GET"]}}],"collection":[{"href":"https:\/\/tarihkursu.com\/index.php\/wp-json\/wp\/v2\/posts"}],"about":[{"href":"https:\/\/tarihkursu.com\/index.php\/wp-json\/wp\/v2\/types\/post"}],"author":[{"embeddable":true,"href":"https:\/\/tarihkursu.com\/index.php\/wp-json\/wp\/v2\/users\/2"}],"replies":[{"embeddable":true,"href":"https:\/\/tarihkursu.com\/index.php\/wp-json\/wp\/v2\/comments?post=1538"}],"version-history":[{"count":2,"href":"https:\/\/tarihkursu.com\/index.php\/wp-json\/wp\/v2\/posts\/1538\/revisions"}],"predecessor-version":[{"id":1541,"href":"https:\/\/tarihkursu.com\/index.php\/wp-json\/wp\/v2\/posts\/1538\/revisions\/1541"}],"wp:featuredmedia":[{"embeddable":true,"href":"https:\/\/tarihkursu.com\/index.php\/wp-json\/wp\/v2\/media\/1554"}],"wp:attachment":[{"href":"https:\/\/tarihkursu.com\/index.php\/wp-json\/wp\/v2\/media?parent=1538"}],"wp:term":[{"taxonomy":"category","embeddable":true,"href":"https:\/\/tarihkursu.com\/index.php\/wp-json\/wp\/v2\/categories?post=1538"},{"taxonomy":"post_tag","embeddable":true,"href":"https:\/\/tarihkursu.com\/index.php\/wp-json\/wp\/v2\/tags?post=1538"}],"curies":[{"name":"wp","href":"https:\/\/api.w.org\/{rel}","templated":true}]}}