{"id":1667,"date":"2025-10-29T13:51:50","date_gmt":"2025-10-29T10:51:50","guid":{"rendered":"https:\/\/tarihkursu.com\/?p=1667"},"modified":"2025-10-30T19:39:49","modified_gmt":"2025-10-30T16:39:49","slug":"demokrasi-ve-insan-haklari-1-donem-1-yazili-sorulari","status":"publish","type":"post","link":"https:\/\/tarihkursu.com\/index.php\/2025\/10\/29\/demokrasi-ve-insan-haklari-1-donem-1-yazili-sorulari\/","title":{"rendered":"Demokrasi ve \u0130nsan Haklar\u0131 1. D\u00f6nem 1. Yaz\u0131l\u0131 Sorular\u0131"},"content":{"rendered":"\n<p class=\"wp-block-paragraph\"><strong>Demokrasi ve \u0130nsan Haklar\u0131 Dersi&nbsp;<\/strong>9. 10. 11. ve 12. s\u0131n\u0131flarda se\u00e7meli olarak okutulan bir derstir. Bu sayfada payla\u015ft\u0131\u011f\u0131m\u0131z&nbsp;<strong>Demokrasi ve \u0130nsan Haklar\u0131 Dersi 1. d\u00f6nem 1. yaz\u0131l\u0131ya haz\u0131rl\u0131k sorular\u0131&nbsp;<\/strong>ile s\u0131navda kar\u015f\u0131la\u015fabilece\u011finiz t\u00fcm konulara hakim olacaks\u0131n\u0131z. Bu sorular&nbsp;<strong>Milli E\u011fitim Bakanl\u0131\u011f\u0131 m\u00fcfredat\u0131na<\/strong>&nbsp;uygun olarak haz\u0131rland\u0131. Bu sorular sayesinde&nbsp;<strong>1. d\u00f6nem Se\u00e7meli Demokrasi ve \u0130nsan Haklar\u0131 Dersi yaz\u0131l\u0131s\u0131<\/strong>ndan 100 alacaks\u0131n\u0131z.&nbsp;<strong>Se\u00e7meli Demokrasi ve \u0130nsan Haklar\u0131 Dersi&nbsp;<\/strong>sorular\u0131&nbsp;<strong>MEB ders kitaplar\u0131<\/strong>&nbsp;ile uyumludur.<\/p>\n\n\n\n<p class=\"wp-block-paragraph\"><\/p>\n\n\n\n<h2 class=\"wp-block-heading\">Neden Demokrasi ve \u0130nsan Haklar\u0131 1. d\u00f6nem 1. yaz\u0131l\u0131s\u0131na bu sayfadan haz\u0131rlanmal\u0131s\u0131n\u0131z?<\/h2>\n\n\n\n<p class=\"wp-block-paragraph\"><strong>MEB M\u00fcfredat\u0131na Uygun: <\/strong>T\u00fcm sorular, Milli E\u011fitim Bakanl\u0131\u011f\u0131\u2019n\u0131n belirledi\u011fi kazan\u0131mlara yani \u00d6\u011frenme \u00c7\u0131kt\u0131lar\u0131 ve S\u00fcre\u00e7 Bile\u015fenlerine g\u00f6re haz\u0131rlanm\u0131\u015ft\u0131r.<br><strong>Kapsaml\u0131 \u0130\u00e7erik:<\/strong> Se\u00e7meli Demokrasi ve \u0130nsan Haklar\u0131 Ders kitab\u0131ndaki yaz\u0131l\u0131s\u0131nda \u00e7\u0131kabilecek t\u00fcm \u00f6nemli konulara yer verilmi\u015ftir.<\/p>\n\n\n\n<p class=\"wp-block-paragraph\">Demokrasi ve \u0130nsan haklar\u0131 dersi yaz\u0131l\u0131ya haz\u0131rl\u0131k \u00e7al\u0131\u015fmam\u0131z a\u00e7\u0131k u\u00e7lu ve k\u0131sa cevapl\u0131 sorulardan olu\u015fmaktad\u0131r.<br><strong>S\u0131navda Ba\u015far\u0131:<\/strong> Demokrasi ve \u0130nsan haklar\u0131 1. d\u00f6nem 1. yaz\u0131l\u0131ya haz\u0131rl\u0131k sorular\u0131m\u0131z b\u00fcy\u00fck oranda okullardaki ger\u00e7ek yaz\u0131l\u0131larda \u00e7\u0131kacakt\u0131r.<\/p>\n\n\n\n<ol start=\"9\" class=\"wp-block-list\">\n<li><\/li>\n<\/ol>\n\n\n\n<p class=\"wp-block-paragraph\">Web sitemizdeki Se\u00e7meli Demokrasi ve \u0130nsan haklar\u0131 dersi 1. d\u00f6nem 1. yaz\u0131l\u0131ya haz\u0131rl\u0131k sorular\u0131 ile s\u0131navda kar\u015f\u0131la\u015fabilece\u011finiz t\u00fcm konulara hakim olacaks\u0131n\u0131z. Milli E\u011fitim Bakanl\u0131\u011f\u0131 g\u00fcncel m\u00fcfredat\u0131na uygun yaz\u0131l\u0131 sorular\u0131n\u0131 pdf ve word olarak a\u015fa\u011f\u0131daki linklerden indirebilirsiniz.<\/p>\n\n\n\n<p class=\"wp-block-paragraph\"><\/p>\n\n\n\n<p class=\"wp-block-paragraph\"><a href=\"https:\/\/docs.google.com\/document\/d\/1ZP5MZ-5iMJhBQDPHkhdKvthTigcEiSCA\/edit?usp=sharing&amp;ouid=117121570089509052946&amp;rtpof=true&amp;sd=true\"><strong>Demokrasi ve \u0130nsan Haklar\u0131 1. D\u00f6nem 1. Yaz\u0131l\u0131 Sorular\u0131 ve Cevap anahtar\u0131 2025- 2026 \u0130ndir<\/strong> (tarihkursu)<\/a><\/p>\n\n\n\n<p class=\"wp-block-paragraph\"><\/p>\n\n\n\n<p class=\"wp-block-paragraph\"><a href=\"https:\/\/docs.google.com\/document\/d\/1cl7zbOm7eUJHCWlVM44t7rZbNIuS083X\/edit?usp=drive_link&amp;ouid=117121570089509052946&amp;rtpof=true&amp;sd=true\"><strong>Se\u00e7meli Demokrasi ve \u0130nsan Haklar\u0131 1. D\u00f6nem 1. Yaz\u0131l\u0131 kolay seviye (tarihkursu)<\/strong><\/a><\/p>\n\n\n\n<p class=\"wp-block-paragraph\"><\/p>\n\n\n\n<h2 class=\"wp-block-heading\">Demokrasi ve \u0130nsan Haklar\u0131 Yaz\u0131l\u0131 Sorular\u0131<\/h2>\n\n\n\n<p class=\"wp-block-paragraph\">Soru 1) Demokrasi nedir a\u00e7\u0131klay\u0131n\u0131z. (10 Puan)<br>Soru 2) Demokrasinin uygulama bi\u00e7imlerini maddeler halinde yaz\u0131n\u0131z. (10 Puan)<br>Soru 3) Temsili demokrasinin uygulama bi\u00e7imlerini maddeler halinde yaz\u0131n\u0131z. (10 Puan)<br>Soru 4) Vatanda\u015f nedir? (10 Puan)<br>Soru 5) Vatanda\u015fl\u0131k nedir? (10 Puan)<br>Soru 6) \u201c\u0130nsan Haklar\u0131 Evrensel Bildirgesi\u2019\u2019 ka\u00e7 y\u0131l\u0131nda kabul edilmi\u015ftir? (10 Puan)<br>Soru 7) Kuvvetler Ayr\u0131l\u0131\u011f\u0131 ilkesini a\u00e7\u0131klay\u0131n\u0131z. (10 Puan)<br>Soru 8) Laiklik kavram\u0131n\u0131 a\u00e7\u0131klay\u0131n\u0131z. (10 Puan)<br>Soru 9) Demokrasinin ilk \u00f6rneklerine nerde rastlan\u0131r? (10 Puan)<br>Soru 10) \u0130nsan Haklar\u0131n\u0131n genel \u00f6zelliklerini yaz\u0131n\u0131z. (10 Puan)<\/p>\n\n\n\n<h3 class=\"wp-block-heading\">Demokrasi ve \u0130nsan Haklar\u0131 Yaz\u0131l\u0131 Cevap anahtar\u0131<\/h3>\n\n\n\n<p class=\"wp-block-paragraph\"><strong>1. Demokrasi nedir a\u00e7\u0131klay\u0131n\u0131z.<\/strong><\/p>\n\n\n\n<p class=\"wp-block-paragraph\">Siyasal denetimin do\u011frudan do\u011fruya halk\u0131n ya da d\u00fczenli aral\u0131klarla halk\u0131n \u00f6zg\u00fcrce se\u00e7ti\u011fi temsilcilerin elinde bulundu\u011fu, toplumsal ve ekonomik durumu ne olursa olsun t\u00fcm yurtta\u015flar\u0131n e\u015fit say\u0131ld\u0131\u011f\u0131 y\u00f6netim bi\u00e7imi.<\/p>\n\n\n\n<p class=\"wp-block-paragraph\"><strong>2. Demokrasinin temel ilkelerini maddeler halinde yaz\u0131n\u0131z.<\/strong><\/p>\n\n\n\n<p class=\"wp-block-paragraph\">Milli Egemenlik&nbsp;&nbsp;&nbsp;&nbsp;&nbsp;&nbsp;&nbsp;&nbsp;&nbsp;&nbsp;&nbsp;&nbsp;&nbsp;&nbsp;&nbsp;&nbsp;&nbsp;&nbsp;&nbsp;&nbsp;&nbsp;&nbsp;&nbsp; Se\u00e7imler ve Temsil<\/p>\n\n\n\n<p class=\"wp-block-paragraph\">H\u00fcrriyet ve E\u015fitlik&nbsp;&nbsp;&nbsp;&nbsp;&nbsp;&nbsp;&nbsp;&nbsp;&nbsp;&nbsp;&nbsp;&nbsp;&nbsp;&nbsp;&nbsp;&nbsp;&nbsp;&nbsp;&nbsp; \u00c7o\u011fulculuk ve Kat\u0131l\u0131m<\/p>\n\n\n\n<p class=\"wp-block-paragraph\">Siyasi Partiler&nbsp;&nbsp;&nbsp;&nbsp;&nbsp;&nbsp;&nbsp;&nbsp;&nbsp;&nbsp;&nbsp;&nbsp;&nbsp;&nbsp;&nbsp;&nbsp;&nbsp;&nbsp;&nbsp;&nbsp;&nbsp;&nbsp;&nbsp;&nbsp; &nbsp;&nbsp;Hukukun \u00dcst\u00fcnl\u00fc\u011f\u00fc<\/p>\n\n\n\n<p class=\"wp-block-paragraph\"><strong>3. Demokrasinin uygulama bi\u00e7imlerini maddeler halinde yaz\u0131n\u0131z.<\/strong><\/p>\n\n\n\n<ul class=\"wp-block-list\">\n<li>Do\u011frudan Demokrasi &nbsp;&nbsp;&nbsp;&nbsp;&nbsp;&nbsp;&nbsp;&nbsp;&nbsp;&nbsp;&nbsp;&nbsp;&nbsp;&nbsp;&nbsp;&nbsp;&nbsp;&nbsp;&nbsp;<\/li>\n\n\n\n<li>Temsili Demokrasi &nbsp;&nbsp;&nbsp;&nbsp;&nbsp;&nbsp;&nbsp;&nbsp;&nbsp;&nbsp;&nbsp;&nbsp;&nbsp;&nbsp;&nbsp;&nbsp;&nbsp;&nbsp;&nbsp;&nbsp;&nbsp;&nbsp;&nbsp;&nbsp;<\/li>\n\n\n\n<li>Yar\u0131 Do\u011frudan Demokrasi<\/li>\n<\/ul>\n\n\n\n<p class=\"wp-block-paragraph\"><strong>4. Temsili demokrasinin uygulama bi\u00e7imlerini maddeler halinde yaz\u0131n\u0131z.<\/strong><\/p>\n\n\n\n<ul class=\"wp-block-list\">\n<li>Parlamenter Sistem<\/li>\n\n\n\n<li>Ba\u015fkanl\u0131k Sistemi <\/li>\n\n\n\n<li>Yar\u0131 Ba\u015fkanl\u0131k Sistemi &nbsp;&nbsp;&nbsp;&nbsp;&nbsp;&nbsp;&nbsp;&nbsp;&nbsp;&nbsp;&nbsp;&nbsp;&nbsp;&nbsp;&nbsp;&nbsp;&nbsp;&nbsp;&nbsp;&nbsp;&nbsp;&nbsp;&nbsp;&nbsp;&nbsp;&nbsp;&nbsp;&nbsp;&nbsp;&nbsp;&nbsp;&nbsp;&nbsp;<\/li>\n\n\n\n<li>Meclis H\u00fckumeti Sistemi<\/li>\n<\/ul>\n\n\n\n<p class=\"wp-block-paragraph\"><strong>5. Referandum (Halk Oylamas\u0131) a\u00e7\u0131klay\u0131n\u0131z.<\/strong><\/p>\n\n\n\n<p class=\"wp-block-paragraph\">Parlamento taraf\u0131ndan kabul edilen veya edilecek olan bir kanun metninin halk\u0131n onay\u0131na sunulmas\u0131d\u0131r.<\/p>\n\n\n\n<p class=\"wp-block-paragraph\"><strong>6. Vatanda\u015f nedir?<\/strong><\/p>\n\n\n\n<p class=\"wp-block-paragraph\">Egemen bir devlette ya\u015fayan ve o devlete hukuki ve siyasi yoldan ba\u011fl\u0131 olan ger\u00e7ek ki\u015fidir.<\/p>\n\n\n\n<p class=\"wp-block-paragraph\"><strong>7. Vatanda\u015fl\u0131k nedir?<\/strong><\/p>\n\n\n\n<p class=\"wp-block-paragraph\">Ger\u00e7ek ki\u015fileri devlete ba\u011flayan siyasal ve hukuksal ba\u011fa denir.<\/p>\n\n\n\n<p class=\"wp-block-paragraph\"><strong>8. Demokrasi s\u00f6zc\u00fc\u011f\u00fcn\u00fc ilk defa kim ne zaman kullanm\u0131\u015ft\u0131r?<\/strong><\/p>\n\n\n\n<p class=\"wp-block-paragraph\">Herodot. M.\u00d6 5. yy<\/p>\n\n\n\n<p class=\"wp-block-paragraph\"><strong>9. \u00d6zg\u00fcrl\u00fck kavram\u0131n\u0131 a\u00e7\u0131klay\u0131n\u0131z.<\/strong><\/p>\n\n\n\n<p class=\"wp-block-paragraph\">Bireyin, iradesini kullanarak bask\u0131 alt\u0131nda kalmadan karar verip se\u00e7im yapabilmesine denir.<\/p>\n\n\n\n<p class=\"wp-block-paragraph\"><strong>10. Demokratik Vatanda\u015fl\u0131k bilincine sahip vatanda\u015flar\u0131n \u00f6zellikleri nelerdir k\u0131saca yaz\u0131n\u0131z?<\/strong><\/p>\n\n\n\n<p class=\"wp-block-paragraph\">Bireysel ve toplumsal sorumluluklar alabilen, toplumsal ya\u015fam i\u00e7inde etkin olan ki\u015fidir. Bu ki\u015filer, g\u00f6r\u00fc\u015flerini ifade etme, kararlara kat\u0131lma veya toplumsal \u00f6rg\u00fctlenmeler i\u00e7inde yer alma gibi toplumsal kat\u0131l\u0131m\u0131n yan\u0131 s\u0131ra toplumda haklar ve sorumluluklar dengesini kurabilmektedir.<\/p>\n\n\n\n<p class=\"wp-block-paragraph\"><strong>11. \u201c\u0130nsan Haklar\u0131 Evrensel Bildirgesi\u2019\u2019 ka\u00e7 y\u0131l\u0131nda kabul edilmi\u015ftir?<\/strong><\/p>\n\n\n\n<p class=\"wp-block-paragraph\">10 Aral\u0131k 1948<\/p>\n\n\n\n<p class=\"wp-block-paragraph\"><strong>12. Kuvvetler Ayr\u0131l\u0131\u011f\u0131 ilkesini a\u00e7\u0131klay\u0131n\u0131z.<\/strong><\/p>\n\n\n\n<p class=\"wp-block-paragraph\">Yasama, y\u00fcr\u00fctme ve yarg\u0131n\u0131n farkl\u0131 organlar taraf\u0131ndan idare edilmesidir.<\/p>\n\n\n\n<p class=\"wp-block-paragraph\"><strong>13. Laiklik kavram\u0131n\u0131 a\u00e7\u0131klay\u0131n\u0131z.<\/strong><\/p>\n\n\n\n<p class=\"wp-block-paragraph\">Din ve devlet i\u015flerinin birbirinden ayr\u0131lmas\u0131d\u0131r.<\/p>\n\n\n\n<p class=\"wp-block-paragraph\"><strong>Sorumluluk Kavram\u0131n\u0131 a\u00e7\u0131klay\u0131n\u0131z.<\/strong><\/p>\n\n\n\n<p class=\"wp-block-paragraph\">Ki\u015finin eylemlerinin sonucunu \u00fcstlenmesine denir.<\/p>\n\n\n\n<p class=\"wp-block-paragraph\"><strong>14. \u0130nsan Haklar\u0131n\u0131n korunmas\u0131 ile ilgili ba\u015fl\u0131ca organlar\u0131 yaz\u0131n\u0131z.<\/strong><\/p>\n\n\n\n<ul class=\"wp-block-list\">\n<li>Birle\u015fmi\u015f Milletler \u00d6rg\u00fct\u00fc<\/li>\n\n\n\n<li>Avrupa Konseyi<\/li>\n\n\n\n<li>Avrupa G\u00fcvenlik \u0130\u015fbirli\u011fi Te\u015fkilat\u0131<\/li>\n<\/ul>\n\n\n\n<p class=\"wp-block-paragraph\"><strong>15. Demokrasinin ilk \u00f6rneklerine nerde rastlan\u0131r?<\/strong><\/p>\n\n\n\n<p class=\"wp-block-paragraph\">Eski Yunan \u015fehir devletlerinde<\/p>\n\n\n\n<p class=\"wp-block-paragraph\"><strong>16. \u0130nsan Haklar\u0131n\u0131n genel \u00f6zelliklerini yaz\u0131n\u0131z.<\/strong><\/p>\n\n\n\n<ul class=\"wp-block-list\">\n<li>Devredilemez<\/li>\n\n\n\n<li>Vazge\u00e7ilmez<\/li>\n\n\n\n<li>Dokunulamaz<\/li>\n<\/ul>\n","protected":false},"excerpt":{"rendered":"<div class=\"mh-excerpt\"><p>Demokrasi ve \u0130nsan Haklar\u0131 Dersi&nbsp;9. 10. 11. ve 12. s\u0131n\u0131flarda se\u00e7meli olarak okutulan bir derstir. Bu sayfada payla\u015ft\u0131\u011f\u0131m\u0131z&nbsp;Demokrasi ve \u0130nsan Haklar\u0131 Dersi 1. d\u00f6nem 1. <a class=\"mh-excerpt-more\" href=\"https:\/\/tarihkursu.com\/index.php\/2025\/10\/29\/demokrasi-ve-insan-haklari-1-donem-1-yazili-sorulari\/\" title=\"Demokrasi ve \u0130nsan Haklar\u0131 1. D\u00f6nem 1. Yaz\u0131l\u0131 Sorular\u0131\">[&#8230;]<\/a><\/p>\n<\/div>","protected":false},"author":1,"featured_media":1555,"comment_status":"open","ping_status":"open","sticky":false,"template":"","format":"standard","meta":{"_regular_price":[],"currency_symbol":[],"footnotes":""},"categories":[197],"tags":[198,89],"class_list":["post-1667","post","type-post","status-publish","format-standard","has-post-thumbnail","hentry","category-demokrasi-ve-insan-haklari","tag-demokrasi-ve-insan-haklari","tag-tarih-yazili-sorulari"],"post_slider_layout_featured_media_urls":{"thumbnail":["https:\/\/tarihkursu.com\/wp-content\/uploads\/2024\/10\/demokrasive-insanhaklari.yazili-150x150.png",150,150,true],"post_slider_layout_landscape_large":["https:\/\/tarihkursu.com\/wp-content\/uploads\/2024\/10\/demokrasive-insanhaklari.yazili-1200x720.png",1200,720,true],"post_slider_layout_portrait_large":["https:\/\/tarihkursu.com\/wp-content\/uploads\/2024\/10\/demokrasive-insanhaklari.yazili-1200x720.png",1200,720,true],"post_slider_layout_square_large":["https:\/\/tarihkursu.com\/wp-content\/uploads\/2024\/10\/demokrasive-insanhaklari.yazili-1200x720.png",1200,720,true],"post_slider_layout_landscape":["https:\/\/tarihkursu.com\/wp-content\/uploads\/2024\/10\/demokrasive-insanhaklari.yazili-600x400.png",600,400,true],"post_slider_layout_portrait":["https:\/\/tarihkursu.com\/wp-content\/uploads\/2024\/10\/demokrasive-insanhaklari.yazili-600x720.png",600,720,true],"post_slider_layout_square":["https:\/\/tarihkursu.com\/wp-content\/uploads\/2024\/10\/demokrasive-insanhaklari.yazili-600x600.png",600,600,true],"full":["https:\/\/tarihkursu.com\/wp-content\/uploads\/2024\/10\/demokrasive-insanhaklari.yazili.png",1280,720,false]},"yoast_head":"<!-- This site is optimized with the Yoast SEO plugin v28.3 - https:\/\/yoast.com\/product\/yoast-seo-wordpress\/ -->\n<title>Demokrasi ve \u0130nsan Haklar\u0131 1. D\u00f6nem 1. Yaz\u0131l\u0131 Sorular\u0131 - tarihkursu.com<\/title>\n<meta name=\"description\" content=\"Demokrasi ve \u0130nsan Haklar\u0131 Dersi 1. d\u00f6nem 1. yaz\u0131l\u0131ya haz\u0131rl\u0131k sorular\u0131\u00a0ile s\u0131navda kar\u015f\u0131la\u015fabilece\u011finiz t\u00fcm konulara hakim olacaks\u0131n\u0131z.\" \/>\n<meta name=\"robots\" content=\"index, follow, max-snippet:-1, max-image-preview:large, max-video-preview:-1\" \/>\n<link rel=\"canonical\" href=\"https:\/\/tarihkursu.com\/index.php\/2025\/10\/29\/demokrasi-ve-insan-haklari-1-donem-1-yazili-sorulari\/\" \/>\n<meta property=\"og:locale\" content=\"tr_TR\" \/>\n<meta property=\"og:type\" content=\"article\" \/>\n<meta property=\"og:title\" content=\"Demokrasi ve \u0130nsan Haklar\u0131 1. D\u00f6nem 1. Yaz\u0131l\u0131 Sorular\u0131 - tarihkursu.com\" \/>\n<meta property=\"og:description\" content=\"Demokrasi ve \u0130nsan Haklar\u0131 Dersi 1. d\u00f6nem 1. yaz\u0131l\u0131ya haz\u0131rl\u0131k sorular\u0131\u00a0ile s\u0131navda kar\u015f\u0131la\u015fabilece\u011finiz t\u00fcm konulara hakim olacaks\u0131n\u0131z.\" \/>\n<meta property=\"og:url\" content=\"https:\/\/tarihkursu.com\/index.php\/2025\/10\/29\/demokrasi-ve-insan-haklari-1-donem-1-yazili-sorulari\/\" \/>\n<meta property=\"og:site_name\" content=\"tarihkursu.com\" \/>\n<meta property=\"article:published_time\" content=\"2025-10-29T10:51:50+00:00\" \/>\n<meta property=\"article:modified_time\" content=\"2025-10-30T16:39:49+00:00\" \/>\n<meta property=\"og:image\" content=\"https:\/\/tarihkursu.com\/wp-content\/uploads\/2024\/10\/demokrasive-insanhaklari.yazili.png\" \/>\n\t<meta property=\"og:image:width\" content=\"1280\" \/>\n\t<meta property=\"og:image:height\" content=\"720\" \/>\n\t<meta property=\"og:image:type\" content=\"image\/png\" \/>\n<meta name=\"author\" content=\"admin\" \/>\n<meta name=\"twitter:card\" content=\"summary_large_image\" \/>\n<meta name=\"twitter:label1\" content=\"Yazan:\" \/>\n\t<meta name=\"twitter:data1\" content=\"admin\" \/>\n\t<meta name=\"twitter:label2\" content=\"Tahmini okuma s\u00fcresi\" \/>\n\t<meta name=\"twitter:data2\" content=\"4 dakika\" \/>\n<script type=\"application\/ld+json\" class=\"yoast-schema-graph\">{\"@context\":\"https:\\\/\\\/schema.org\",\"@graph\":[{\"@type\":\"Article\",\"@id\":\"https:\\\/\\\/tarihkursu.com\\\/index.php\\\/2025\\\/10\\\/29\\\/demokrasi-ve-insan-haklari-1-donem-1-yazili-sorulari\\\/#article\",\"isPartOf\":{\"@id\":\"https:\\\/\\\/tarihkursu.com\\\/index.php\\\/2025\\\/10\\\/29\\\/demokrasi-ve-insan-haklari-1-donem-1-yazili-sorulari\\\/\"},\"author\":{\"name\":\"admin\",\"@id\":\"https:\\\/\\\/tarihkursu.com\\\/#\\\/schema\\\/person\\\/4d7bdc3b79e9f5198455474c0f203f3c\"},\"headline\":\"Demokrasi ve \u0130nsan Haklar\u0131 1. D\u00f6nem 1. Yaz\u0131l\u0131 Sorular\u0131\",\"datePublished\":\"2025-10-29T10:51:50+00:00\",\"dateModified\":\"2025-10-30T16:39:49+00:00\",\"mainEntityOfPage\":{\"@id\":\"https:\\\/\\\/tarihkursu.com\\\/index.php\\\/2025\\\/10\\\/29\\\/demokrasi-ve-insan-haklari-1-donem-1-yazili-sorulari\\\/\"},\"wordCount\":982,\"commentCount\":0,\"publisher\":{\"@id\":\"https:\\\/\\\/tarihkursu.com\\\/#\\\/schema\\\/person\\\/4d7bdc3b79e9f5198455474c0f203f3c\"},\"image\":{\"@id\":\"https:\\\/\\\/tarihkursu.com\\\/index.php\\\/2025\\\/10\\\/29\\\/demokrasi-ve-insan-haklari-1-donem-1-yazili-sorulari\\\/#primaryimage\"},\"thumbnailUrl\":\"https:\\\/\\\/tarihkursu.com\\\/wp-content\\\/uploads\\\/2024\\\/10\\\/demokrasive-insanhaklari.yazili.png\",\"keywords\":[\"demokrasi ve insan haklar\u0131\",\"tarih yaz\u0131l\u0131 sorular\u0131\"],\"articleSection\":[\"Demokrasi ve \u0130nsan Haklar\u0131\"],\"inLanguage\":\"tr\",\"potentialAction\":[{\"@type\":\"CommentAction\",\"name\":\"Comment\",\"target\":[\"https:\\\/\\\/tarihkursu.com\\\/index.php\\\/2025\\\/10\\\/29\\\/demokrasi-ve-insan-haklari-1-donem-1-yazili-sorulari\\\/#respond\"]}]},{\"@type\":\"WebPage\",\"@id\":\"https:\\\/\\\/tarihkursu.com\\\/index.php\\\/2025\\\/10\\\/29\\\/demokrasi-ve-insan-haklari-1-donem-1-yazili-sorulari\\\/\",\"url\":\"https:\\\/\\\/tarihkursu.com\\\/index.php\\\/2025\\\/10\\\/29\\\/demokrasi-ve-insan-haklari-1-donem-1-yazili-sorulari\\\/\",\"name\":\"Demokrasi ve \u0130nsan Haklar\u0131 1. D\u00f6nem 1. Yaz\u0131l\u0131 Sorular\u0131 - tarihkursu.com\",\"isPartOf\":{\"@id\":\"https:\\\/\\\/tarihkursu.com\\\/#website\"},\"primaryImageOfPage\":{\"@id\":\"https:\\\/\\\/tarihkursu.com\\\/index.php\\\/2025\\\/10\\\/29\\\/demokrasi-ve-insan-haklari-1-donem-1-yazili-sorulari\\\/#primaryimage\"},\"image\":{\"@id\":\"https:\\\/\\\/tarihkursu.com\\\/index.php\\\/2025\\\/10\\\/29\\\/demokrasi-ve-insan-haklari-1-donem-1-yazili-sorulari\\\/#primaryimage\"},\"thumbnailUrl\":\"https:\\\/\\\/tarihkursu.com\\\/wp-content\\\/uploads\\\/2024\\\/10\\\/demokrasive-insanhaklari.yazili.png\",\"datePublished\":\"2025-10-29T10:51:50+00:00\",\"dateModified\":\"2025-10-30T16:39:49+00:00\",\"description\":\"Demokrasi ve \u0130nsan Haklar\u0131 Dersi 1. d\u00f6nem 1. yaz\u0131l\u0131ya haz\u0131rl\u0131k sorular\u0131\u00a0ile s\u0131navda kar\u015f\u0131la\u015fabilece\u011finiz t\u00fcm konulara hakim olacaks\u0131n\u0131z.\",\"breadcrumb\":{\"@id\":\"https:\\\/\\\/tarihkursu.com\\\/index.php\\\/2025\\\/10\\\/29\\\/demokrasi-ve-insan-haklari-1-donem-1-yazili-sorulari\\\/#breadcrumb\"},\"inLanguage\":\"tr\",\"potentialAction\":[{\"@type\":\"ReadAction\",\"target\":[\"https:\\\/\\\/tarihkursu.com\\\/index.php\\\/2025\\\/10\\\/29\\\/demokrasi-ve-insan-haklari-1-donem-1-yazili-sorulari\\\/\"]}]},{\"@type\":\"ImageObject\",\"inLanguage\":\"tr\",\"@id\":\"https:\\\/\\\/tarihkursu.com\\\/index.php\\\/2025\\\/10\\\/29\\\/demokrasi-ve-insan-haklari-1-donem-1-yazili-sorulari\\\/#primaryimage\",\"url\":\"https:\\\/\\\/tarihkursu.com\\\/wp-content\\\/uploads\\\/2024\\\/10\\\/demokrasive-insanhaklari.yazili.png\",\"contentUrl\":\"https:\\\/\\\/tarihkursu.com\\\/wp-content\\\/uploads\\\/2024\\\/10\\\/demokrasive-insanhaklari.yazili.png\",\"width\":1280,\"height\":720,\"caption\":\"demokrasi ve insan haklar\u0131\"},{\"@type\":\"BreadcrumbList\",\"@id\":\"https:\\\/\\\/tarihkursu.com\\\/index.php\\\/2025\\\/10\\\/29\\\/demokrasi-ve-insan-haklari-1-donem-1-yazili-sorulari\\\/#breadcrumb\",\"itemListElement\":[{\"@type\":\"ListItem\",\"position\":1,\"name\":\"Anasayfa\",\"item\":\"https:\\\/\\\/tarihkursu.com\\\/\"},{\"@type\":\"ListItem\",\"position\":2,\"name\":\"Demokrasi ve \u0130nsan Haklar\u0131 1. D\u00f6nem 1. Yaz\u0131l\u0131 Sorular\u0131\"}]},{\"@type\":\"WebSite\",\"@id\":\"https:\\\/\\\/tarihkursu.com\\\/#website\",\"url\":\"https:\\\/\\\/tarihkursu.com\\\/\",\"name\":\"Tarih Kursu\",\"description\":\"\u0130\u015fimiz G\u00fcc\u00fcm\u00fcz Tarih\",\"publisher\":{\"@id\":\"https:\\\/\\\/tarihkursu.com\\\/#\\\/schema\\\/person\\\/4d7bdc3b79e9f5198455474c0f203f3c\"},\"potentialAction\":[{\"@type\":\"SearchAction\",\"target\":{\"@type\":\"EntryPoint\",\"urlTemplate\":\"https:\\\/\\\/tarihkursu.com\\\/?s={search_term_string}\"},\"query-input\":{\"@type\":\"PropertyValueSpecification\",\"valueRequired\":true,\"valueName\":\"search_term_string\"}}],\"inLanguage\":\"tr\"},{\"@type\":[\"Person\",\"Organization\"],\"@id\":\"https:\\\/\\\/tarihkursu.com\\\/#\\\/schema\\\/person\\\/4d7bdc3b79e9f5198455474c0f203f3c\",\"name\":\"admin\",\"image\":{\"@type\":\"ImageObject\",\"inLanguage\":\"tr\",\"@id\":\"https:\\\/\\\/tarihkursu.com\\\/wp-content\\\/uploads\\\/2024\\\/10\\\/TARIHKURSU-Kopyasi.png\",\"url\":\"https:\\\/\\\/tarihkursu.com\\\/wp-content\\\/uploads\\\/2024\\\/10\\\/TARIHKURSU-Kopyasi.png\",\"contentUrl\":\"https:\\\/\\\/tarihkursu.com\\\/wp-content\\\/uploads\\\/2024\\\/10\\\/TARIHKURSU-Kopyasi.png\",\"width\":1080,\"height\":1080,\"caption\":\"admin\"},\"logo\":{\"@id\":\"https:\\\/\\\/tarihkursu.com\\\/wp-content\\\/uploads\\\/2024\\\/10\\\/TARIHKURSU-Kopyasi.png\"},\"sameAs\":[\"https:\\\/\\\/tarihkursu.com\"],\"url\":\"https:\\\/\\\/tarihkursu.com\\\/index.php\\\/author\\\/admin\\\/\"}]}<\/script>\n<!-- \/ Yoast SEO plugin. -->","yoast_head_json":{"title":"Demokrasi ve \u0130nsan Haklar\u0131 1. D\u00f6nem 1. Yaz\u0131l\u0131 Sorular\u0131 - tarihkursu.com","description":"Demokrasi ve \u0130nsan Haklar\u0131 Dersi 1. d\u00f6nem 1. yaz\u0131l\u0131ya haz\u0131rl\u0131k sorular\u0131\u00a0ile s\u0131navda kar\u015f\u0131la\u015fabilece\u011finiz t\u00fcm konulara hakim olacaks\u0131n\u0131z.","robots":{"index":"index","follow":"follow","max-snippet":"max-snippet:-1","max-image-preview":"max-image-preview:large","max-video-preview":"max-video-preview:-1"},"canonical":"https:\/\/tarihkursu.com\/index.php\/2025\/10\/29\/demokrasi-ve-insan-haklari-1-donem-1-yazili-sorulari\/","og_locale":"tr_TR","og_type":"article","og_title":"Demokrasi ve \u0130nsan Haklar\u0131 1. D\u00f6nem 1. Yaz\u0131l\u0131 Sorular\u0131 - tarihkursu.com","og_description":"Demokrasi ve \u0130nsan Haklar\u0131 Dersi 1. d\u00f6nem 1. yaz\u0131l\u0131ya haz\u0131rl\u0131k sorular\u0131\u00a0ile s\u0131navda kar\u015f\u0131la\u015fabilece\u011finiz t\u00fcm konulara hakim olacaks\u0131n\u0131z.","og_url":"https:\/\/tarihkursu.com\/index.php\/2025\/10\/29\/demokrasi-ve-insan-haklari-1-donem-1-yazili-sorulari\/","og_site_name":"tarihkursu.com","article_published_time":"2025-10-29T10:51:50+00:00","article_modified_time":"2025-10-30T16:39:49+00:00","og_image":[{"width":1280,"height":720,"url":"https:\/\/tarihkursu.com\/wp-content\/uploads\/2024\/10\/demokrasive-insanhaklari.yazili.png","type":"image\/png"}],"author":"admin","twitter_card":"summary_large_image","twitter_misc":{"Yazan:":"admin","Tahmini okuma s\u00fcresi":"4 dakika"},"schema":{"@context":"https:\/\/schema.org","@graph":[{"@type":"Article","@id":"https:\/\/tarihkursu.com\/index.php\/2025\/10\/29\/demokrasi-ve-insan-haklari-1-donem-1-yazili-sorulari\/#article","isPartOf":{"@id":"https:\/\/tarihkursu.com\/index.php\/2025\/10\/29\/demokrasi-ve-insan-haklari-1-donem-1-yazili-sorulari\/"},"author":{"name":"admin","@id":"https:\/\/tarihkursu.com\/#\/schema\/person\/4d7bdc3b79e9f5198455474c0f203f3c"},"headline":"Demokrasi ve \u0130nsan Haklar\u0131 1. D\u00f6nem 1. Yaz\u0131l\u0131 Sorular\u0131","datePublished":"2025-10-29T10:51:50+00:00","dateModified":"2025-10-30T16:39:49+00:00","mainEntityOfPage":{"@id":"https:\/\/tarihkursu.com\/index.php\/2025\/10\/29\/demokrasi-ve-insan-haklari-1-donem-1-yazili-sorulari\/"},"wordCount":982,"commentCount":0,"publisher":{"@id":"https:\/\/tarihkursu.com\/#\/schema\/person\/4d7bdc3b79e9f5198455474c0f203f3c"},"image":{"@id":"https:\/\/tarihkursu.com\/index.php\/2025\/10\/29\/demokrasi-ve-insan-haklari-1-donem-1-yazili-sorulari\/#primaryimage"},"thumbnailUrl":"https:\/\/tarihkursu.com\/wp-content\/uploads\/2024\/10\/demokrasive-insanhaklari.yazili.png","keywords":["demokrasi ve insan haklar\u0131","tarih yaz\u0131l\u0131 sorular\u0131"],"articleSection":["Demokrasi ve \u0130nsan Haklar\u0131"],"inLanguage":"tr","potentialAction":[{"@type":"CommentAction","name":"Comment","target":["https:\/\/tarihkursu.com\/index.php\/2025\/10\/29\/demokrasi-ve-insan-haklari-1-donem-1-yazili-sorulari\/#respond"]}]},{"@type":"WebPage","@id":"https:\/\/tarihkursu.com\/index.php\/2025\/10\/29\/demokrasi-ve-insan-haklari-1-donem-1-yazili-sorulari\/","url":"https:\/\/tarihkursu.com\/index.php\/2025\/10\/29\/demokrasi-ve-insan-haklari-1-donem-1-yazili-sorulari\/","name":"Demokrasi ve \u0130nsan Haklar\u0131 1. D\u00f6nem 1. Yaz\u0131l\u0131 Sorular\u0131 - tarihkursu.com","isPartOf":{"@id":"https:\/\/tarihkursu.com\/#website"},"primaryImageOfPage":{"@id":"https:\/\/tarihkursu.com\/index.php\/2025\/10\/29\/demokrasi-ve-insan-haklari-1-donem-1-yazili-sorulari\/#primaryimage"},"image":{"@id":"https:\/\/tarihkursu.com\/index.php\/2025\/10\/29\/demokrasi-ve-insan-haklari-1-donem-1-yazili-sorulari\/#primaryimage"},"thumbnailUrl":"https:\/\/tarihkursu.com\/wp-content\/uploads\/2024\/10\/demokrasive-insanhaklari.yazili.png","datePublished":"2025-10-29T10:51:50+00:00","dateModified":"2025-10-30T16:39:49+00:00","description":"Demokrasi ve \u0130nsan Haklar\u0131 Dersi 1. d\u00f6nem 1. yaz\u0131l\u0131ya haz\u0131rl\u0131k sorular\u0131\u00a0ile s\u0131navda kar\u015f\u0131la\u015fabilece\u011finiz t\u00fcm konulara hakim olacaks\u0131n\u0131z.","breadcrumb":{"@id":"https:\/\/tarihkursu.com\/index.php\/2025\/10\/29\/demokrasi-ve-insan-haklari-1-donem-1-yazili-sorulari\/#breadcrumb"},"inLanguage":"tr","potentialAction":[{"@type":"ReadAction","target":["https:\/\/tarihkursu.com\/index.php\/2025\/10\/29\/demokrasi-ve-insan-haklari-1-donem-1-yazili-sorulari\/"]}]},{"@type":"ImageObject","inLanguage":"tr","@id":"https:\/\/tarihkursu.com\/index.php\/2025\/10\/29\/demokrasi-ve-insan-haklari-1-donem-1-yazili-sorulari\/#primaryimage","url":"https:\/\/tarihkursu.com\/wp-content\/uploads\/2024\/10\/demokrasive-insanhaklari.yazili.png","contentUrl":"https:\/\/tarihkursu.com\/wp-content\/uploads\/2024\/10\/demokrasive-insanhaklari.yazili.png","width":1280,"height":720,"caption":"demokrasi ve insan haklar\u0131"},{"@type":"BreadcrumbList","@id":"https:\/\/tarihkursu.com\/index.php\/2025\/10\/29\/demokrasi-ve-insan-haklari-1-donem-1-yazili-sorulari\/#breadcrumb","itemListElement":[{"@type":"ListItem","position":1,"name":"Anasayfa","item":"https:\/\/tarihkursu.com\/"},{"@type":"ListItem","position":2,"name":"Demokrasi ve \u0130nsan Haklar\u0131 1. D\u00f6nem 1. Yaz\u0131l\u0131 Sorular\u0131"}]},{"@type":"WebSite","@id":"https:\/\/tarihkursu.com\/#website","url":"https:\/\/tarihkursu.com\/","name":"Tarih Kursu","description":"\u0130\u015fimiz G\u00fcc\u00fcm\u00fcz Tarih","publisher":{"@id":"https:\/\/tarihkursu.com\/#\/schema\/person\/4d7bdc3b79e9f5198455474c0f203f3c"},"potentialAction":[{"@type":"SearchAction","target":{"@type":"EntryPoint","urlTemplate":"https:\/\/tarihkursu.com\/?s={search_term_string}"},"query-input":{"@type":"PropertyValueSpecification","valueRequired":true,"valueName":"search_term_string"}}],"inLanguage":"tr"},{"@type":["Person","Organization"],"@id":"https:\/\/tarihkursu.com\/#\/schema\/person\/4d7bdc3b79e9f5198455474c0f203f3c","name":"admin","image":{"@type":"ImageObject","inLanguage":"tr","@id":"https:\/\/tarihkursu.com\/wp-content\/uploads\/2024\/10\/TARIHKURSU-Kopyasi.png","url":"https:\/\/tarihkursu.com\/wp-content\/uploads\/2024\/10\/TARIHKURSU-Kopyasi.png","contentUrl":"https:\/\/tarihkursu.com\/wp-content\/uploads\/2024\/10\/TARIHKURSU-Kopyasi.png","width":1080,"height":1080,"caption":"admin"},"logo":{"@id":"https:\/\/tarihkursu.com\/wp-content\/uploads\/2024\/10\/TARIHKURSU-Kopyasi.png"},"sameAs":["https:\/\/tarihkursu.com"],"url":"https:\/\/tarihkursu.com\/index.php\/author\/admin\/"}]}},"_links":{"self":[{"href":"https:\/\/tarihkursu.com\/index.php\/wp-json\/wp\/v2\/posts\/1667","targetHints":{"allow":["GET"]}}],"collection":[{"href":"https:\/\/tarihkursu.com\/index.php\/wp-json\/wp\/v2\/posts"}],"about":[{"href":"https:\/\/tarihkursu.com\/index.php\/wp-json\/wp\/v2\/types\/post"}],"author":[{"embeddable":true,"href":"https:\/\/tarihkursu.com\/index.php\/wp-json\/wp\/v2\/users\/1"}],"replies":[{"embeddable":true,"href":"https:\/\/tarihkursu.com\/index.php\/wp-json\/wp\/v2\/comments?post=1667"}],"version-history":[{"count":5,"href":"https:\/\/tarihkursu.com\/index.php\/wp-json\/wp\/v2\/posts\/1667\/revisions"}],"predecessor-version":[{"id":3006,"href":"https:\/\/tarihkursu.com\/index.php\/wp-json\/wp\/v2\/posts\/1667\/revisions\/3006"}],"wp:featuredmedia":[{"embeddable":true,"href":"https:\/\/tarihkursu.com\/index.php\/wp-json\/wp\/v2\/media\/1555"}],"wp:attachment":[{"href":"https:\/\/tarihkursu.com\/index.php\/wp-json\/wp\/v2\/media?parent=1667"}],"wp:term":[{"taxonomy":"category","embeddable":true,"href":"https:\/\/tarihkursu.com\/index.php\/wp-json\/wp\/v2\/categories?post=1667"},{"taxonomy":"post_tag","embeddable":true,"href":"https:\/\/tarihkursu.com\/index.php\/wp-json\/wp\/v2\/tags?post=1667"}],"curies":[{"name":"wp","href":"https:\/\/api.w.org\/{rel}","templated":true}]}}