{"id":1733,"date":"2024-11-05T20:41:13","date_gmt":"2024-11-05T17:41:13","guid":{"rendered":"https:\/\/tarihkursu.com\/?p=1733"},"modified":"2024-11-05T20:41:14","modified_gmt":"2024-11-05T17:41:14","slug":"beylikten-devlete-osmanli-siyaseti-1302-1453-soru-cevap","status":"publish","type":"post","link":"https:\/\/tarihkursu.com\/index.php\/2024\/11\/05\/beylikten-devlete-osmanli-siyaseti-1302-1453-soru-cevap\/","title":{"rendered":"Beylikten Devlete Osmanl\u0131 Siyaseti (1302-1453) Soru-Cevap"},"content":{"rendered":"\n<p>Bu yaz\u0131m\u0131zda\u00a0<strong>g\u00fcncel m\u00fcfredata<\/strong>\u00a0g\u00f6re haz\u0131rlad\u0131\u011f\u0131m\u0131z\u00a0<strong>10. s\u0131n\u0131f tarih dersi 2. \u00fcnitesi<\/strong>\u00a0olan\u00a0<strong>Beylikten Devlete Osmanl\u0131 Siyaseti soru- cevap<\/strong>\u00a0\u00e7al\u0131\u015fmas\u0131n\u0131 payla\u015f\u0131yoruz.\u00a0<strong>10. s\u0131n\u0131f tarih soru cevap<\/strong>\u00a0\u00e7al\u0131\u015fmam\u0131z sayesinde ders kitab\u0131ndaki \u00e7al\u0131\u015fma sorular\u0131n\u0131 rahatl\u0131kla \u00e7\u00f6zeceksiniz.<strong>\u00a010. s\u0131n\u0131f tarih yaz\u0131l\u0131ya haz\u0131rl\u0131k\u00a0<\/strong>\u00e7al\u0131\u015fmam\u0131zdaki sorular sizleri\u00a0<strong>10. s\u0131n\u0131f tarih yaz\u0131l\u0131s\u0131na<\/strong>\u00a0haz\u0131rlayacak.\u00a0<strong>Tarih dersi 10. s\u0131n\u0131f sorular<\/strong>\u0131m\u0131z\u0131 \u00e7\u00f6zerek<strong>\u00a0tyt tarih\u00a0<\/strong>ve\u00a0<strong>ayt tarih\u00a0<\/strong>s\u0131navlar\u0131nda ba\u015far\u0131l\u0131 olacaks\u0131n\u0131z.\u00a0<strong>Yeni tarih 10 ders kitab\u0131na\u00a0<\/strong>\u00a0uygun olarak haz\u0131rlad\u0131\u011f\u0131m\u0131z<strong>\u00a010. s\u0131n\u0131f tarih sorular\u0131<\/strong>\u00a0a\u015fa\u011f\u0131daki konular\u0131 kapsamaktad\u0131r.<\/p>\n\n\n\n<h2 class=\"wp-block-heading\">10. S\u0131n\u0131f Tarih Dersi 2. \u00dcnite Beylikten Devlete Osmanl\u0131 Siyaseti (1302-1453)<\/h2>\n\n\n\n<p><\/p>\n\n\n\n<h3 class=\"wp-block-heading\">10.2.1. 1302-1453 y\u0131llar\u0131 aras\u0131ndaki s\u00fcre\u00e7te meydana gelen ba\u015fl\u0131ca siyasi geli\u015fmeleri tarih \u015feridi ve haritalar \u00fczerinde g\u00f6sterir.<\/h3>\n\n\n\n<p><strong>Kurulu\u015f d\u00f6nemi Osmanl\u0131 padi\u015fahlar\u0131n\u0131 kronolojik olarak s\u0131ralay\u0131n\u0131z.<\/strong><\/p>\n\n\n\n<p>I. Osman &nbsp;&nbsp; (1299\u20131324)<\/p>\n\n\n\n<p>Orhan Bey &nbsp;(1324\u20131362)<\/p>\n\n\n\n<p>I. Murat &nbsp;&nbsp;&nbsp;&nbsp; (1362\u20131389)<\/p>\n\n\n\n<p>I. Bayezid &nbsp; (Y\u0131ld\u0131r\u0131m) (1389\u20131402)<\/p>\n\n\n\n<p>I. Mehmet (\u00c7elebi) (1413\u20131421)<\/p>\n\n\n\n<p>II. Murat &nbsp;&nbsp;&nbsp; (1421\u20131451)<\/p>\n\n\n\n<p><\/p>\n\n\n\n<p>Varna Muharebesi<\/p>\n\n\n\n<p>\u00c7irmen Muharebesi<\/p>\n\n\n\n<p>I. Kosova Muharebesi<\/p>\n\n\n\n<p>II. Kosova Muharebesi<\/p>\n\n\n\n<p>Ni\u011fbolu Muharebesi<\/p>\n\n\n\n<p><strong>Yukar\u0131da Osmanl\u0131 kurulu\u015f d\u00f6neminde yap\u0131lan baz\u0131 sava\u015flar verilmi\u015ftir. Bu sava\u015flar\u0131 kronolojik olarak s\u0131ralay\u0131n\u0131z.<\/strong><\/p>\n\n\n\n<p>(1371) \u00c7irmen Muharebesi<\/p>\n\n\n\n<p>(1389) I. Kosova Muharebesi<\/p>\n\n\n\n<p>(1396) Ni\u011fbolu Muharebesi<\/p>\n\n\n\n<p>(1444) Varna Muharebesi<\/p>\n\n\n\n<p>(1448) II. Kosova Muharebesi<\/p>\n\n\n\n<h3 class=\"wp-block-heading\">10.2.2. Osmanl\u0131 Beyli\u011fi\u2019nin devletle\u015fme s\u00fcrecini Bizans\u2019la olan ili\u015fkileri \u00e7er\u00e7evesinde analiz eder.<\/h3>\n\n\n\n<p><strong>13. Y\u00fczy\u0131l sonlar\u0131nda Anadolu ve \u00e7evresinde hangi devletler vard\u0131?<\/strong><\/p>\n\n\n\n<p>T\u00fcrkiye Sel\u00e7uklu Devleti, \u0130kinci d\u00f6nem Anadolu T\u00fcrk beylikleri, Do\u011fu Roma \u0130mparatorlu\u011fu (Bizans), \u0130hanl\u0131 Devleti, Meml\u00fbklu Devleti, Alt\u0131n Orda Devleti vard\u0131.&nbsp; Balkanlarda S\u0131rp, Bulgar, Arnavut krall\u0131klar\u0131, Efl\u00e2k ve Bo\u011fdan voyvodal\u0131klar\u0131 ile Bosna Prensli\u011fi vard\u0131. Merkezi Viyana olan Kutsal Roma Germen \u0130mparatorlu\u011fu Avrupa\u2019n\u0131n en \u00f6nemli siyasi g\u00fcc\u00fcyd\u00fc.<\/p>\n\n\n\n<p>\u0130talya\u2019da Napoli Krall\u0131\u011f\u0131, Venedik ve Ceneviz cumhuriyetleri ile Papal\u0131k yer almaktayd\u0131.<\/p>\n\n\n\n<p>Do\u011fu Avrupa\u2019da Macaristan ve Lehistan Krall\u0131\u011f\u0131 ve Moskova Knezli\u011fi vard\u0131.<\/p>\n\n\n\n<p>Orta Avrupa\u2019daki Macaristan, Balkanlar \u00fczerinde h\u00e2kimiyet kurmak istiyordu.<\/p>\n\n\n\n<p>Bat\u0131 Avrupa\u2019da \u0130ngiltere ve Fransa bulunuyordu.<\/p>\n\n\n\n<p><strong>Osmanl\u0131 Devleti\u2019ni kuranlar O\u011fuzlar\u0131n hangi boyuna mensuptu?<\/strong><\/p>\n\n\n\n<p>Osmanl\u0131 Devleti\u2019ni kuranlar O\u011fuzlar\u0131n G\u00fcnhan soyunun Kay\u0131 boyuna mensuptur.<\/p>\n\n\n\n<p><strong>Osmanl\u0131 Devleti\u2019ni kuran Kay\u0131 boyunun S\u00f6\u011f\u00fct b\u00f6lgesine geli\u015f s\u00fcrecini a\u00e7\u0131klay\u0131n\u0131z.<\/strong><\/p>\n\n\n\n<p>Kay\u0131lar\u0131n b\u00fcy\u00fck bir b\u00f6l\u00fcm\u00fc, 1071 Malazgirt Sava\u015f\u0131\u2019ndan sonra Anadolu\u2019ya gelerek Ahlat y\u00f6resini yurt edindiler.<\/p>\n\n\n\n<p>T\u00fcrkiye Sel\u00e7uklu Sultan\u0131 I. Alaaddin Keykubat zaman\u0131nda Mo\u011follarla yapt\u0131klar\u0131 ba\u015far\u0131l\u0131 m\u00fccadeleler ve T\u00fcrkiye Sel\u00e7uklu Devleti\u2019ne yapt\u0131klar\u0131 hizmetler kar\u015f\u0131l\u0131\u011f\u0131nda ilk olarak Ankara yak\u0131nlar\u0131ndaki Karacada\u011f y\u00f6resine, daha sonra Bizans s\u0131n\u0131r\u0131ndaki S\u00f6\u011f\u00fct\u2019e u\u00e7 beyli\u011fi olarak yerle\u015ftirildiler.<\/p>\n\n\n\n<p><strong>Osmanl\u0131 Bey Bizans ile yap\u0131lan hangi sava\u015f sonras\u0131 kendi ad\u0131na para bast\u0131rd\u0131?<\/strong><\/p>\n\n\n\n<p>Bizansla yap\u0131lan 1302 Koyunhisar Sava\u015f\u0131\u2019n\u0131 kazanan Osman Bey ba\u011f\u0131ms\u0131zl\u0131\u011f\u0131n\u0131 ilan ederek kendi ad\u0131na hutbe okutup para bast\u0131rd\u0131.<\/p>\n\n\n\n<p><strong>Bursa, hangi padi\u015fah d\u00f6neminde Osmanl\u0131 Devleti\u2019nin ba\u015fkenti yap\u0131ld\u0131?<\/strong><\/p>\n\n\n\n<p>Orhan Bey<\/p>\n\n\n\n<h3 class=\"wp-block-heading\">10.2.3. Rumeli\u2019deki fetihler ile isk\u00e2n (\u015fenlendirme) ve istim\u00e2let politikalar\u0131n\u0131n ama\u00e7lar\u0131n\u0131 ve etkilerini analiz eder.<\/h3>\n\n\n\n<p><strong>Osmanl\u0131 Devleti\u2019nin Rumeli\u2019deki kazand\u0131\u011f\u0131 ilk toprak par\u00e7as\u0131 neresidir?<\/strong><\/p>\n\n\n\n<p>1353 \u00c7impe Kalesi<\/p>\n\n\n\n<p><strong>Edirne hangi padi\u015fah zaman\u0131nda Osmanl\u0131 Devleti\u2019nin ba\u015fkenti yap\u0131ld\u0131?<\/strong><\/p>\n\n\n\n<p>I. Murat 1363<\/p>\n\n\n\n<p><strong>I. Murad d\u00f6neminde Ha\u00e7l\u0131larla hangi sava\u015flar yap\u0131ld\u0131?<\/strong><\/p>\n\n\n\n<p>Sultan I. Murad 1364 y\u0131l\u0131nda birle\u015fik Ha\u00e7l\u0131 ordusuna kar\u015f\u0131 S\u0131rps\u0131nd\u0131\u011f\u0131 Zaferi\u2019ni kazand\u0131.<\/p>\n\n\n\n<p>Yine Ha\u00e7l\u0131larla yap\u0131lan I. Kosova Sava\u015f\u0131 (1389) Osmanl\u0131 Devleti\u2019nin lehine sonu\u00e7land\u0131.<\/p>\n\n\n\n<p>I. Kosova Sava\u015f\u0131\u2019nda sonra I. Murad sava\u015f meydan\u0131nda gezerken \u015fehit edildi.<\/p>\n\n\n\n<p><strong>I. Bayezid (Y\u0131ld\u0131r\u0131m) d\u00f6neminde Ha\u00e7l\u0131larla hangi sava\u015f yap\u0131ld\u0131?<\/strong><\/p>\n\n\n\n<p>1396 Ni\u011fbolu Sava\u015f\u0131<\/p>\n\n\n\n<p><strong>\u0130stanbul\u2019u ku\u015fatan ilk Osmanl\u0131 padi\u015fah\u0131 kimdir?<\/strong><\/p>\n\n\n\n<p>Y\u0131ld\u0131r\u0131m Bayezid<\/p>\n\n\n\n<p><strong>Y\u0131ld\u0131r\u0131m Bayezid d\u00f6neminde \u0130stanbul ku\u015fatmas\u0131 sonras\u0131 Bizans ile yap\u0131lan antla\u015fmada hangi maddeler yer al\u0131yordu?<\/strong><\/p>\n\n\n\n<p>\u0130stanbul\u2019da bir T\u00fcrk mahallesi kurulacak ve bir cami in\u015fa edilecek.<\/p>\n\n\n\n<p>T\u00fcrklerin davalar\u0131na bakmak i\u00e7in bir T\u00fcrk kad\u0131 tayin edilecek;<\/p>\n\n\n\n<p>Bizans, her y\u0131l Osmanl\u0131 Devleti\u2019ne 10 bin d\u00fcka vergi \u00f6deyecekti.<\/p>\n\n\n\n<p>Bu antla\u015fma ile Bizans, Osmanl\u0131 Devleti\u2019nin siyasi \u00fcst\u00fcnl\u00fc\u011f\u00fcn\u00fc kabul etmi\u015f oldu.<\/p>\n\n\n\n<p><strong>II. Murad D\u00f6nemi\u2019nde Ha\u00e7l\u0131 ittifak\u0131yla yap\u0131lan sava\u015flar hangileridir?<\/strong><\/p>\n\n\n\n<p>Varna Sava\u015f\u0131 (1444) ve II. Kosova Sava\u015f\u0131 (1448)<\/p>\n\n\n\n<p><strong>\u015eeyh ve dervi\u015flerin Osmanl\u0131 iskan siyasetine katk\u0131lar\u0131 neler olmu\u015ftur?<\/strong><\/p>\n\n\n\n<p>\u015eeyh ve dervi\u015flerin b\u00f6lgede kurduklar\u0131 tekke ve zaviyelerin etraf\u0131nda zamanla mahalle ve k\u00f6yler olu\u015ftu. Buralar birer din, k\u00fclt\u00fcr ve sanat merkezleri h\u00e2line geldi.<\/p>\n\n\n\n<p>Dolay\u0131s\u0131yla \u015feyh ve dervi\u015fler sadece din adamlar\u0131 olarak de\u011fil, ayn\u0131 zamanda topra\u011f\u0131 i\u015fleyen, k\u00f6y kuran, sanat ve ilim yapan \u015fah\u0131slar olarak \u00f6nemli g\u00f6revler \u00fcstlendi.<\/p>\n\n\n\n<p><strong>Osmanl\u0131 devletinin uygulad\u0131\u011f\u0131 \u201cistimalet\u201d politikas\u0131 hakk\u0131nda bilgi veriniz.<\/strong><\/p>\n\n\n\n<p>Osmanl\u0131 devleti fethetti\u011fi yerlerde uygulad\u0131\u011f\u0131 \u0130stim\u00e2let (ho\u015fg\u00f6r\u00fc) anlay\u0131\u015f\u0131 ile b\u00f6lgedeki halk\u0131n g\u00f6nl\u00fcn\u00fc ald\u0131.<\/p>\n\n\n\n<p>Yerli halk\u0131n inan\u00e7lar\u0131na, dillerine, gelenek ve g\u00f6reneklerine kar\u0131\u015fmayarak onlar\u0131 k\u00fclt\u00fcrlerini ya\u015famalar\u0131nda serbest b\u0131rakt\u0131. Ayr\u0131ca onlardan tekfurlar\u0131n ald\u0131\u011f\u0131 vergilerden daha az\u0131 al\u0131nd\u0131.<\/p>\n\n\n\n<p><strong>Osmanl\u0131 devletinin uygulad\u0131\u011f\u0131 \u201ciskan\u201d politikas\u0131 hakk\u0131nda bilgi veriniz.<\/strong><\/p>\n\n\n\n<p>Osmanl\u0131 Devleti, fethedilen yerlere T\u00fcrk kimli\u011fi kazand\u0131rmak i\u00e7in \u00f6ncelikle buralarda T\u00fcrk n\u00fcfusun art\u0131r\u0131lmas\u0131na \u00f6nem verdi.<\/p>\n\n\n\n<p>Rumeli\u2019de yapt\u0131\u011f\u0131 fetihleri kolayla\u015ft\u0131rmak i\u00e7in ordunun ge\u00e7ece\u011fi \u00f6nemli yollar\u0131, ge\u00e7itleri ve \u015fehirleri asker\u00ee a\u00e7\u0131dan g\u00fcvence alt\u0131na alarak bu stratejik noktalar\u0131n da T\u00fcrkle\u015ftirmesine \u00f6zel \u00f6nem verdi.<\/p>\n\n\n\n<p>Anadolu\u2019da konar-g\u00f6\u00e7er ya\u015fayan T\u00fcrk topluluklar\u0131n\u0131 ve baz\u0131 meslek erbaplar\u0131n\u0131 Rumeli\u2019de fethedilen yerlere yerle\u015ftirdi.<\/p>\n\n\n\n<p>Rumeli\u2019de imar faaliyetleri yap\u0131larak cami, yol, k\u00f6pr\u00fc, medrese, \u00e7e\u015fme ve hastanelerle b\u00f6lgeye T\u00fcrk \u0130slam kimli\u011fi kazand\u0131r\u0131ld\u0131.<\/p>\n\n\n\n<p>Osmanl\u0131 Devleti\u2019nin, Rumeli\u2019de uygulad\u0131\u011f\u0131 isk\u00e2n siyasetinde dikkat etti\u011fi kurallardan iki tanesini yaz\u0131n\u0131z.<\/p>\n\n\n\n<p>G\u00f6\u00e7menlerin, yeni yerle\u015fim b\u00f6lgelerine yak\u0131n yerlerden olmas\u0131na \u00e7al\u0131\u015f\u0131ld\u0131. B\u00f6ylece uzun yol eziyeti ve iklim farkl\u0131l\u0131klar\u0131n\u0131n etkisi en aza indirildi.<\/p>\n\n\n\n<p>Ayr\u0131ca Anadolu\u2019da aralar\u0131nda husumet ve anla\u015fmazl\u0131k bulunan ailelerden bir k\u0131sm\u0131 Rumeli\u2019ye g\u00f6\u00e7 ettirilerek \u00fclkede sosyal d\u00fczen ve huzur sa\u011flanmaya \u00e7al\u0131\u015f\u0131ld\u0131.<\/p>\n\n\n\n<p><strong>Ahiy\u00e2n-\u0131 R\u00fbm nedir?<\/strong><\/p>\n\n\n\n<p>Ahiy\u00e2n-\u0131 R\u00fbm, Ahilik te\u015fkilat\u0131na mensup \u00fcyelerden olu\u015fuyordu. Ahilik, XIII. y\u00fczy\u0131lda Ahi Evran taraf\u0131ndan kurulmu\u015f \u015fehirlerdeki esnaf ve zanaatk\u00e2rlar\u0131n sosyal ve ekonomik y\u00f6nden te\u015fkilatlanmalar\u0131n\u0131 sa\u011flayan bir olu\u015fumdu.<\/p>\n\n\n\n<p>Ahilik meslek kurulu\u015fu oldu\u011fu kadar ayn\u0131 zamanda k\u00fclt\u00fcr, inan\u00e7, yi\u011fitlik ve ahlaki de\u011ferler ta\u015f\u0131rd\u0131.<\/p>\n\n\n\n<h3 class=\"wp-block-heading\">10.2.4. Osmanl\u0131 Devleti\u2019nin Anadolu\u2019da T\u00fcrk siyasi birli\u011fini sa\u011flamaya y\u00f6nelik faaliyetlerini ve sonu\u00e7lar\u0131n\u0131 analiz eder.<\/h3>\n\n\n\n<p><strong>Osmanl\u0131 Devleti\u2019nin topraklar\u0131na katt\u0131\u011f\u0131 ilk beylik hangisidir?<\/strong><\/p>\n\n\n\n<p>Orhan Bey D\u00f6nemi\u2019nde Bal\u0131kesir ve \u00c7anakkale civar\u0131nda kurulmu\u015f olan Karesio\u011fullar\u0131 Beyli\u011fi 1345 y\u0131l\u0131nsda Osmanl\u0131 topraklar\u0131na kat\u0131lm\u0131\u015ft\u0131r.<\/p>\n\n\n\n<p>I. Murad, Anadolu T\u00fcrk siyasi birli\u011fini kurma yolunda bar\u0131\u015f yolunu se\u00e7ti. Bu d\u00f6nemde Anadolu\u2019da Osmanl\u0131 Devleti topraklar\u0131n\u0131 nas\u0131l geni\u015fletti?<\/p>\n\n\n\n<p>Karamano\u011fullar\u0131na kar\u015f\u0131 g\u00fc\u00e7 kazanmak isteyen Germiyano\u011flu S\u00fcleyman \u015eah, k\u0131z\u0131n\u0131 I. Murad\u2019\u0131n o\u011flu Y\u0131ld\u0131r\u0131m Bayezid ile evlendirdi. Bu evlilikle K\u00fctahya, Simav, Emet ve Tav\u015fanl\u0131 \u00e7eyiz olarak Osmanl\u0131lara ge\u00e7ti.<\/p>\n\n\n\n<p>I. Murad, Hamito\u011fullar\u0131ndan para kar\u015f\u0131l\u0131\u011f\u0131 Ak\u015fehir, Bey\u015fehir, Yalva\u00e7, Seydi\u015fehir ve Isparta\u2019y\u0131 ald\u0131.<\/p>\n\n\n\n<p><strong>Anadolu Beylerbeyli\u011fini kuran, Anadolu\u2019da T\u00fcrk siyasi birli\u011fini b\u00fcy\u00fck \u00f6l\u00e7\u00fcde sa\u011flayan Osmanl\u0131 padi\u015fah\u0131 kimdir?<\/strong><\/p>\n\n\n\n<p>Y\u0131ld\u0131r\u0131m Bayezid<\/p>\n\n\n\n<p><strong>1402 Ankara Sava\u015f\u0131\u2019nda Osmanl\u0131 Devleti\u2019ni yenilgiye u\u011fratan Timur \u0130mparatorlu\u011fu hakk\u0131nda bilgi veriniz.<\/strong><\/p>\n\n\n\n<p>Timur Devleti\u2019nin (1369-1507) kurucusu olan Timur, k\u0131sa s\u00fcrede Harezm, Do\u011fu T\u00fcrkistan, \u0130ran, Azerbaycan, Hindistan Delhi Sultanl\u0131\u011f\u0131, Irak, Suriye ve Alt\u0131n Orda topraklar\u0131na sahip oldu.<\/p>\n\n\n\n<p>\u00d6zellikle Alt\u0131n Orda Devleti \u00fczerine d\u00fczenledi\u011fi seferler Moskova knezlerinin g\u00fc\u00e7lenmesine yol a\u00e7t\u0131.<\/p>\n\n\n\n<p>Yine Karakoyunlu H\u00fck\u00fcmdar\u0131 Kara Yusuf ile Ba\u011fdat H\u00fck\u00fcmdar\u0131 Ahmet Celayir\u2019e bask\u0131 yaparak bu iki h\u00fck\u00fcmdar\u0131n Y\u0131ld\u0131r\u0131m Bayezid\u2019e s\u0131\u011f\u0131nmalar\u0131na neden oldu.<\/p>\n\n\n\n<p><strong>1402 Ankara Sava\u015f\u0131\u2019n\u0131n nedenleri nelerdir?<\/strong><\/p>\n\n\n\n<p>Timur\u2019un \u00c7in\u2019e d\u00fczenleyece\u011fi sefer \u00f6ncesi arkas\u0131nda g\u00fc\u00e7l\u00fc bir devlet b\u0131rakmak istememesi.<\/p>\n\n\n\n<p>Y\u0131ld\u0131r\u0131m taraf\u0131ndan siyasi varl\u0131klar\u0131na son verilen T\u00fcrkmen beylerinin Timur\u2019a s\u0131\u011f\u0131nmalar\u0131<\/p>\n\n\n\n<p>Timur, Y\u0131ld\u0131r\u0131m\u2019a bir mektup g\u00f6ndererek Osmanl\u0131 Devleti\u2019nin kendisine ba\u011flanmas\u0131n\u0131, Anadolu beylerinden al\u0131nan yerlerin eski sahiplerine verilmesini ve Kara Yusuf ile Ahmet Celayir\u2019in kendisine teslim edilmesini istemesi.<\/p>\n\n\n\n<p>Timur\u2019un Sivas\u2019a girerek \u015fehri tahrip etmesi ve Ankara\u2019y\u0131 ku\u015fatmas\u0131.<\/p>\n\n\n\n<p><strong>Ankara Sava\u015f\u0131\u2019n\u0131n Sonu\u00e7lar\u0131 nelerdir?<\/strong><\/p>\n\n\n\n<p>Y\u0131ld\u0131r\u0131m Bayezid ve o\u011fullar\u0131 \u015eehzade Musa ile \u015eehzade Mustafa, Timur ordusu taraf\u0131ndan esir edildi (1402).<\/p>\n\n\n\n<p>Timur Bursa\u2019y\u0131 i\u015fgal ederek \u015fehri ya\u011fmalad\u0131.<\/p>\n\n\n\n<p>\u0130zmir\u2019i Saint-Jean \u015e\u00f6valyelerinden alarak Ayd\u0131no\u011fullar\u0131\u2019na verdi.<\/p>\n\n\n\n<p>Esarete dayanamayan Y\u0131ld\u0131r\u0131m Bayezid vefat etti (1403).<\/p>\n\n\n\n<p>Timur, Anadolu beyliklerini yeniden kurdurarak (Karesio\u011fullar\u0131 ve E\u015frefo\u011fullar\u0131 hari\u00e7) -Osmanl\u0131 Devleti de d\u00e2hil- hepsini kendine ba\u011flad\u0131.<\/p>\n\n\n\n<p>Anadolu\u2019da T\u00fcrk siyasi birli\u011fi bozuldu.<\/p>\n\n\n\n<p>Osmanl\u0131 Devleti da\u011f\u0131lma tehlikesi ya\u015fad\u0131.<\/p>\n\n\n\n<p>Y\u0131ld\u0131r\u0131m Bayezid\u2019in d\u00f6rt o\u011flu (\u0130sa, Musa, S\u00fcleyman ve Mehmet) aras\u0131ndaki taht kavgalar\u0131 y\u00fcz\u00fcnden Fetret Devri ya\u015fand\u0131 (1402-1413).<\/p>\n\n\n\n<p>Osmanl\u0131\u2019da ya\u015fanan i\u00e7 kar\u0131\u015f\u0131kl\u0131klar, Bizans\u2019\u0131n siyasi \u00f6mr\u00fcn\u00fcn bir s\u00fcre daha uzamas\u0131na neden oldu.<\/p>\n\n\n\n<p>Osmanl\u0131 Devleti\u2019nin Rumeli\u2019deki ilerleyi\u015fi bir s\u00fcre durdu ama Balkanlarda b\u00fcy\u00fck toprak kayb\u0131 ya\u015fanmad\u0131.<\/p>\n\n\n\n<p><strong>Osmanl\u0131 Devleti\u2019nde ya\u015fanan \u201cFetret D\u00f6nemi\u201d hakk\u0131nda bilgi veriniz.<\/strong><\/p>\n\n\n\n<p>Timur\u2019un Anadolu\u2019dan \u00e7ekilmesiyle Y\u0131ld\u0131r\u0131m Bayezid\u2019in d\u00f6rt o\u011flu aras\u0131nda (\u0130sa, Musa, Mehmet, S\u00fcleyman) taht kavgalar\u0131 ba\u015flad\u0131.<\/p>\n\n\n\n<p>Taht kavgalar\u0131 ile ge\u00e7en bu d\u00f6neme \u201cFetret D\u00f6nemi\u201d denir (1402-1413).<\/p>\n\n\n\n<p>On bir y\u0131l s\u00fcren bu m\u00fccadeleyi I. Mehmet (\u00c7elebi) kazanarak 1413 y\u0131l\u0131nda Osmanl\u0131 Devleti\u2019nin ba\u015f\u0131na ge\u00e7ti.<\/p>\n\n\n\n<p>Osmanl\u0131 Devleti\u2019ni da\u011f\u0131lma tehlikesinden kurtard\u0131.<\/p>\n\n\n\n<p>Fetret devrinde Balkanlarda Osmanl\u0131 Devleti\u2019nin \u00f6nemli \u00f6l\u00e7\u00fcde toprak kayb\u0131 ya\u015famamas\u0131n\u0131n nedeni nedir?<\/p>\n\n\n\n<p>Bunun en \u00f6nemli sebebi Osmanl\u0131 Devleti\u2019nin Balkanlarda uygulad\u0131\u011f\u0131 isk\u00e2n politikas\u0131 ve adaletli y\u00f6netim anlay\u0131\u015f\u0131d\u0131r.<\/p>\n\n\n\n<p><strong>Osmanl\u0131 Devleti\u2019nde meydana gelen ilk din\u00ee ve sosyal i\u00e7erikli isyan hangisidir?<\/strong><\/p>\n\n\n\n<p>\u015eeyh Bedreddin isyan\u0131.<\/p>\n\n\n\n<p><strong>Osmanl\u0131 Devleti\u2019nin Balkan devletleri ile yapt\u0131\u011f\u0131 ilk antla\u015fma hangisidir?<\/strong><\/p>\n\n\n\n<p>Edirne Segedin Antla\u015fmas\u0131 (1444).<\/p>\n\n\n\n<p><strong>II. Murat, hangi antla\u015fman\u0131n imzalanmas\u0131n\u0131n ard\u0131ndan taht\u0131 k\u00fc\u00e7\u00fck ya\u015ftaki o\u011flu \u015eehzade Mehmet\u2019e b\u0131rakm\u0131\u015ft\u0131r?<\/strong><\/p>\n\n\n\n<p>Edirne Segedin Antla\u015fmas\u0131 (1444).<\/p>\n\n\n\n<p><strong>Ha\u00e7l\u0131 ordusu ile yap\u0131lan II. Kosova Sava\u015f\u0131\u2019n\u0131n (1448) sonu\u00e7lar\u0131 nelerdir?<\/strong><\/p>\n\n\n\n<p>Osmanl\u0131lar kazanm\u0131\u015flard\u0131r<\/p>\n\n\n\n<p>Osmanl\u0131 Devleti&#8217;nin Balkanlar&#8217;daki h\u00e2kimiyeti kesinle\u015fmi\u015ftir.<\/p>\n\n\n\n<p>Avrupal\u0131lar\u0131n, Balkanlar&#8217;dan T\u00fcrklerin at\u0131labilece\u011fi \u00fcmitler suya d\u00fc\u015fm\u00fc\u015ft\u00fcr.<\/p>\n\n\n\n<p>Osmanl\u0131 Devleti&#8217;nin, Avrupa&#8217;da, II. Viyana ku\u015fatmas\u0131na kadar s\u00fcrecek olan askeri \u00fcst\u00fcnl\u00fck s\u00fcreci (1448-1683) ba\u015flam\u0131\u015ft\u0131r.<\/p>\n\n\n\n<p><\/p>\n","protected":false},"excerpt":{"rendered":"<div class=\"mh-excerpt\"><p>Bu yaz\u0131m\u0131zda\u00a0g\u00fcncel m\u00fcfredata\u00a0g\u00f6re haz\u0131rlad\u0131\u011f\u0131m\u0131z\u00a010. s\u0131n\u0131f tarih dersi 2. \u00fcnitesi\u00a0olan\u00a0Beylikten Devlete Osmanl\u0131 Siyaseti soru- cevap\u00a0\u00e7al\u0131\u015fmas\u0131n\u0131 payla\u015f\u0131yoruz.\u00a010. s\u0131n\u0131f tarih soru cevap\u00a0\u00e7al\u0131\u015fmam\u0131z sayesinde ders kitab\u0131ndaki \u00e7al\u0131\u015fma sorular\u0131n\u0131 rahatl\u0131kla <a class=\"mh-excerpt-more\" href=\"https:\/\/tarihkursu.com\/index.php\/2024\/11\/05\/beylikten-devlete-osmanli-siyaseti-1302-1453-soru-cevap\/\" title=\"Beylikten Devlete Osmanl\u0131 Siyaseti (1302-1453) Soru-Cevap\">[&#8230;]<\/a><\/p>\n<\/div>","protected":false},"author":2,"featured_media":1405,"comment_status":"open","ping_status":"open","sticky":false,"template":"","format":"standard","meta":{"_regular_price":[],"currency_symbol":[],"footnotes":""},"categories":[114],"tags":[5,147],"class_list":["post-1733","post","type-post","status-publish","format-standard","has-post-thumbnail","hentry","category-10-sinif-tarih-soru-cevap","tag-10-sinif-tarih","tag-soru-cevap"],"post_slider_layout_featured_media_urls":{"thumbnail":["https:\/\/tarihkursu.com\/wp-content\/uploads\/2024\/10\/10.-sinif-tarih-soru-cevap-150x150.png",150,150,true],"post_slider_layout_landscape_large":["https:\/\/tarihkursu.com\/wp-content\/uploads\/2024\/10\/10.-sinif-tarih-soru-cevap-1200x720.png",1200,720,true],"post_slider_layout_portrait_large":["https:\/\/tarihkursu.com\/wp-content\/uploads\/2024\/10\/10.-sinif-tarih-soru-cevap-1200x720.png",1200,720,true],"post_slider_layout_square_large":["https:\/\/tarihkursu.com\/wp-content\/uploads\/2024\/10\/10.-sinif-tarih-soru-cevap-1200x720.png",1200,720,true],"post_slider_layout_landscape":["https:\/\/tarihkursu.com\/wp-content\/uploads\/2024\/10\/10.-sinif-tarih-soru-cevap-600x400.png",600,400,true],"post_slider_layout_portrait":["https:\/\/tarihkursu.com\/wp-content\/uploads\/2024\/10\/10.-sinif-tarih-soru-cevap-600x720.png",600,720,true],"post_slider_layout_square":["https:\/\/tarihkursu.com\/wp-content\/uploads\/2024\/10\/10.-sinif-tarih-soru-cevap-600x600.png",600,600,true],"full":["https:\/\/tarihkursu.com\/wp-content\/uploads\/2024\/10\/10.-sinif-tarih-soru-cevap.png",1280,720,false]},"yoast_head":"<!-- This site is optimized with the Yoast SEO plugin v27.4 - https:\/\/yoast.com\/product\/yoast-seo-wordpress\/ -->\n<title>Beylikten Devlete Osmanl\u0131 Siyaseti (1302-1453) Soru-Cevap - tarihkursu.com<\/title>\n<meta name=\"description\" content=\"G\u00fcncel m\u00fcfredat 10. s\u0131n\u0131f tarih dersi 2. \u00fcnitesi\u00a0olan\u00a0Beylikten Devlete Osmanl\u0131 Siyaseti soru- cevap\u00a0\u00e7al\u0131\u015fmas\u0131n\u0131 payla\u015f\u0131yoruz.\u00a0\" \/>\n<meta name=\"robots\" content=\"index, follow, max-snippet:-1, max-image-preview:large, max-video-preview:-1\" \/>\n<link rel=\"canonical\" href=\"https:\/\/tarihkursu.com\/index.php\/2024\/11\/05\/beylikten-devlete-osmanli-siyaseti-1302-1453-soru-cevap\/\" \/>\n<meta property=\"og:locale\" content=\"tr_TR\" \/>\n<meta property=\"og:type\" content=\"article\" \/>\n<meta property=\"og:title\" content=\"Beylikten Devlete Osmanl\u0131 Siyaseti (1302-1453) Soru-Cevap - tarihkursu.com\" \/>\n<meta property=\"og:description\" content=\"G\u00fcncel m\u00fcfredat 10. s\u0131n\u0131f tarih dersi 2. \u00fcnitesi\u00a0olan\u00a0Beylikten Devlete Osmanl\u0131 Siyaseti soru- cevap\u00a0\u00e7al\u0131\u015fmas\u0131n\u0131 payla\u015f\u0131yoruz.\u00a0\" \/>\n<meta property=\"og:url\" content=\"https:\/\/tarihkursu.com\/index.php\/2024\/11\/05\/beylikten-devlete-osmanli-siyaseti-1302-1453-soru-cevap\/\" \/>\n<meta property=\"og:site_name\" content=\"tarihkursu.com\" \/>\n<meta property=\"article:published_time\" content=\"2024-11-05T17:41:13+00:00\" \/>\n<meta property=\"article:modified_time\" content=\"2024-11-05T17:41:14+00:00\" \/>\n<meta property=\"og:image\" content=\"https:\/\/tarihkursu.com\/wp-content\/uploads\/2024\/10\/10.-sinif-tarih-soru-cevap.png\" \/>\n\t<meta property=\"og:image:width\" content=\"1280\" \/>\n\t<meta property=\"og:image:height\" content=\"720\" \/>\n\t<meta property=\"og:image:type\" content=\"image\/png\" \/>\n<meta name=\"author\" content=\"tarihkursu\" \/>\n<meta name=\"twitter:card\" content=\"summary_large_image\" \/>\n<meta name=\"twitter:label1\" content=\"Yazan:\" \/>\n\t<meta name=\"twitter:data1\" content=\"tarihkursu\" \/>\n\t<meta name=\"twitter:label2\" content=\"Tahmini okuma s\u00fcresi\" \/>\n\t<meta name=\"twitter:data2\" content=\"9 dakika\" \/>\n<script type=\"application\/ld+json\" class=\"yoast-schema-graph\">{\"@context\":\"https:\\\/\\\/schema.org\",\"@graph\":[{\"@type\":\"Article\",\"@id\":\"https:\\\/\\\/tarihkursu.com\\\/index.php\\\/2024\\\/11\\\/05\\\/beylikten-devlete-osmanli-siyaseti-1302-1453-soru-cevap\\\/#article\",\"isPartOf\":{\"@id\":\"https:\\\/\\\/tarihkursu.com\\\/index.php\\\/2024\\\/11\\\/05\\\/beylikten-devlete-osmanli-siyaseti-1302-1453-soru-cevap\\\/\"},\"author\":{\"name\":\"tarihkursu\",\"@id\":\"https:\\\/\\\/tarihkursu.com\\\/#\\\/schema\\\/person\\\/d0f9105e31352dbe9f08d098ffb8c878\"},\"headline\":\"Beylikten Devlete Osmanl\u0131 Siyaseti (1302-1453) Soru-Cevap\",\"datePublished\":\"2024-11-05T17:41:13+00:00\",\"dateModified\":\"2024-11-05T17:41:14+00:00\",\"mainEntityOfPage\":{\"@id\":\"https:\\\/\\\/tarihkursu.com\\\/index.php\\\/2024\\\/11\\\/05\\\/beylikten-devlete-osmanli-siyaseti-1302-1453-soru-cevap\\\/\"},\"wordCount\":1958,\"commentCount\":0,\"publisher\":{\"@id\":\"https:\\\/\\\/tarihkursu.com\\\/#\\\/schema\\\/person\\\/4d7bdc3b79e9f5198455474c0f203f3c\"},\"image\":{\"@id\":\"https:\\\/\\\/tarihkursu.com\\\/index.php\\\/2024\\\/11\\\/05\\\/beylikten-devlete-osmanli-siyaseti-1302-1453-soru-cevap\\\/#primaryimage\"},\"thumbnailUrl\":\"https:\\\/\\\/tarihkursu.com\\\/wp-content\\\/uploads\\\/2024\\\/10\\\/10.-sinif-tarih-soru-cevap.png\",\"keywords\":[\"10. s\u0131n\u0131f tarih\",\"soru-cevap\"],\"articleSection\":[\"10. S\u0131n\u0131f Tarih SORU-CEVAP\"],\"inLanguage\":\"tr\",\"potentialAction\":[{\"@type\":\"CommentAction\",\"name\":\"Comment\",\"target\":[\"https:\\\/\\\/tarihkursu.com\\\/index.php\\\/2024\\\/11\\\/05\\\/beylikten-devlete-osmanli-siyaseti-1302-1453-soru-cevap\\\/#respond\"]}]},{\"@type\":\"WebPage\",\"@id\":\"https:\\\/\\\/tarihkursu.com\\\/index.php\\\/2024\\\/11\\\/05\\\/beylikten-devlete-osmanli-siyaseti-1302-1453-soru-cevap\\\/\",\"url\":\"https:\\\/\\\/tarihkursu.com\\\/index.php\\\/2024\\\/11\\\/05\\\/beylikten-devlete-osmanli-siyaseti-1302-1453-soru-cevap\\\/\",\"name\":\"Beylikten Devlete Osmanl\u0131 Siyaseti (1302-1453) Soru-Cevap - tarihkursu.com\",\"isPartOf\":{\"@id\":\"https:\\\/\\\/tarihkursu.com\\\/#website\"},\"primaryImageOfPage\":{\"@id\":\"https:\\\/\\\/tarihkursu.com\\\/index.php\\\/2024\\\/11\\\/05\\\/beylikten-devlete-osmanli-siyaseti-1302-1453-soru-cevap\\\/#primaryimage\"},\"image\":{\"@id\":\"https:\\\/\\\/tarihkursu.com\\\/index.php\\\/2024\\\/11\\\/05\\\/beylikten-devlete-osmanli-siyaseti-1302-1453-soru-cevap\\\/#primaryimage\"},\"thumbnailUrl\":\"https:\\\/\\\/tarihkursu.com\\\/wp-content\\\/uploads\\\/2024\\\/10\\\/10.-sinif-tarih-soru-cevap.png\",\"datePublished\":\"2024-11-05T17:41:13+00:00\",\"dateModified\":\"2024-11-05T17:41:14+00:00\",\"description\":\"G\u00fcncel m\u00fcfredat 10. s\u0131n\u0131f tarih dersi 2. \u00fcnitesi\u00a0olan\u00a0Beylikten Devlete Osmanl\u0131 Siyaseti soru- cevap\u00a0\u00e7al\u0131\u015fmas\u0131n\u0131 payla\u015f\u0131yoruz.\u00a0\",\"breadcrumb\":{\"@id\":\"https:\\\/\\\/tarihkursu.com\\\/index.php\\\/2024\\\/11\\\/05\\\/beylikten-devlete-osmanli-siyaseti-1302-1453-soru-cevap\\\/#breadcrumb\"},\"inLanguage\":\"tr\",\"potentialAction\":[{\"@type\":\"ReadAction\",\"target\":[\"https:\\\/\\\/tarihkursu.com\\\/index.php\\\/2024\\\/11\\\/05\\\/beylikten-devlete-osmanli-siyaseti-1302-1453-soru-cevap\\\/\"]}]},{\"@type\":\"ImageObject\",\"inLanguage\":\"tr\",\"@id\":\"https:\\\/\\\/tarihkursu.com\\\/index.php\\\/2024\\\/11\\\/05\\\/beylikten-devlete-osmanli-siyaseti-1302-1453-soru-cevap\\\/#primaryimage\",\"url\":\"https:\\\/\\\/tarihkursu.com\\\/wp-content\\\/uploads\\\/2024\\\/10\\\/10.-sinif-tarih-soru-cevap.png\",\"contentUrl\":\"https:\\\/\\\/tarihkursu.com\\\/wp-content\\\/uploads\\\/2024\\\/10\\\/10.-sinif-tarih-soru-cevap.png\",\"width\":1280,\"height\":720,\"caption\":\"10. s\u0131n\u0131f tarih sorular\u0131\"},{\"@type\":\"BreadcrumbList\",\"@id\":\"https:\\\/\\\/tarihkursu.com\\\/index.php\\\/2024\\\/11\\\/05\\\/beylikten-devlete-osmanli-siyaseti-1302-1453-soru-cevap\\\/#breadcrumb\",\"itemListElement\":[{\"@type\":\"ListItem\",\"position\":1,\"name\":\"Anasayfa\",\"item\":\"https:\\\/\\\/tarihkursu.com\\\/\"},{\"@type\":\"ListItem\",\"position\":2,\"name\":\"Beylikten Devlete Osmanl\u0131 Siyaseti (1302-1453) Soru-Cevap\"}]},{\"@type\":\"WebSite\",\"@id\":\"https:\\\/\\\/tarihkursu.com\\\/#website\",\"url\":\"https:\\\/\\\/tarihkursu.com\\\/\",\"name\":\"Tarih Kursu\",\"description\":\"\u0130\u015fimiz G\u00fcc\u00fcm\u00fcz Tarih\",\"publisher\":{\"@id\":\"https:\\\/\\\/tarihkursu.com\\\/#\\\/schema\\\/person\\\/4d7bdc3b79e9f5198455474c0f203f3c\"},\"potentialAction\":[{\"@type\":\"SearchAction\",\"target\":{\"@type\":\"EntryPoint\",\"urlTemplate\":\"https:\\\/\\\/tarihkursu.com\\\/?s={search_term_string}\"},\"query-input\":{\"@type\":\"PropertyValueSpecification\",\"valueRequired\":true,\"valueName\":\"search_term_string\"}}],\"inLanguage\":\"tr\"},{\"@type\":[\"Person\",\"Organization\"],\"@id\":\"https:\\\/\\\/tarihkursu.com\\\/#\\\/schema\\\/person\\\/4d7bdc3b79e9f5198455474c0f203f3c\",\"name\":\"admin\",\"image\":{\"@type\":\"ImageObject\",\"inLanguage\":\"tr\",\"@id\":\"https:\\\/\\\/tarihkursu.com\\\/wp-content\\\/uploads\\\/2024\\\/10\\\/TARIHKURSU-Kopyasi.png\",\"url\":\"https:\\\/\\\/tarihkursu.com\\\/wp-content\\\/uploads\\\/2024\\\/10\\\/TARIHKURSU-Kopyasi.png\",\"contentUrl\":\"https:\\\/\\\/tarihkursu.com\\\/wp-content\\\/uploads\\\/2024\\\/10\\\/TARIHKURSU-Kopyasi.png\",\"width\":1080,\"height\":1080,\"caption\":\"admin\"},\"logo\":{\"@id\":\"https:\\\/\\\/tarihkursu.com\\\/wp-content\\\/uploads\\\/2024\\\/10\\\/TARIHKURSU-Kopyasi.png\"},\"sameAs\":[\"https:\\\/\\\/tarihkursu.com\"]},{\"@type\":\"Person\",\"@id\":\"https:\\\/\\\/tarihkursu.com\\\/#\\\/schema\\\/person\\\/d0f9105e31352dbe9f08d098ffb8c878\",\"name\":\"tarihkursu\",\"image\":{\"@type\":\"ImageObject\",\"inLanguage\":\"tr\",\"@id\":\"https:\\\/\\\/secure.gravatar.com\\\/avatar\\\/1354763acbc865faa7650c3e1e4431f187276d71f132349411302a546cdeae54?s=96&d=mm&r=g\",\"url\":\"https:\\\/\\\/secure.gravatar.com\\\/avatar\\\/1354763acbc865faa7650c3e1e4431f187276d71f132349411302a546cdeae54?s=96&d=mm&r=g\",\"contentUrl\":\"https:\\\/\\\/secure.gravatar.com\\\/avatar\\\/1354763acbc865faa7650c3e1e4431f187276d71f132349411302a546cdeae54?s=96&d=mm&r=g\",\"caption\":\"tarihkursu\"},\"url\":\"https:\\\/\\\/tarihkursu.com\\\/index.php\\\/author\\\/tarihkursu\\\/\"}]}<\/script>\n<!-- \/ Yoast SEO plugin. -->","yoast_head_json":{"title":"Beylikten Devlete Osmanl\u0131 Siyaseti (1302-1453) Soru-Cevap - tarihkursu.com","description":"G\u00fcncel m\u00fcfredat 10. s\u0131n\u0131f tarih dersi 2. \u00fcnitesi\u00a0olan\u00a0Beylikten Devlete Osmanl\u0131 Siyaseti soru- cevap\u00a0\u00e7al\u0131\u015fmas\u0131n\u0131 payla\u015f\u0131yoruz.\u00a0","robots":{"index":"index","follow":"follow","max-snippet":"max-snippet:-1","max-image-preview":"max-image-preview:large","max-video-preview":"max-video-preview:-1"},"canonical":"https:\/\/tarihkursu.com\/index.php\/2024\/11\/05\/beylikten-devlete-osmanli-siyaseti-1302-1453-soru-cevap\/","og_locale":"tr_TR","og_type":"article","og_title":"Beylikten Devlete Osmanl\u0131 Siyaseti (1302-1453) Soru-Cevap - tarihkursu.com","og_description":"G\u00fcncel m\u00fcfredat 10. s\u0131n\u0131f tarih dersi 2. \u00fcnitesi\u00a0olan\u00a0Beylikten Devlete Osmanl\u0131 Siyaseti soru- cevap\u00a0\u00e7al\u0131\u015fmas\u0131n\u0131 payla\u015f\u0131yoruz.\u00a0","og_url":"https:\/\/tarihkursu.com\/index.php\/2024\/11\/05\/beylikten-devlete-osmanli-siyaseti-1302-1453-soru-cevap\/","og_site_name":"tarihkursu.com","article_published_time":"2024-11-05T17:41:13+00:00","article_modified_time":"2024-11-05T17:41:14+00:00","og_image":[{"width":1280,"height":720,"url":"https:\/\/tarihkursu.com\/wp-content\/uploads\/2024\/10\/10.-sinif-tarih-soru-cevap.png","type":"image\/png"}],"author":"tarihkursu","twitter_card":"summary_large_image","twitter_misc":{"Yazan:":"tarihkursu","Tahmini okuma s\u00fcresi":"9 dakika"},"schema":{"@context":"https:\/\/schema.org","@graph":[{"@type":"Article","@id":"https:\/\/tarihkursu.com\/index.php\/2024\/11\/05\/beylikten-devlete-osmanli-siyaseti-1302-1453-soru-cevap\/#article","isPartOf":{"@id":"https:\/\/tarihkursu.com\/index.php\/2024\/11\/05\/beylikten-devlete-osmanli-siyaseti-1302-1453-soru-cevap\/"},"author":{"name":"tarihkursu","@id":"https:\/\/tarihkursu.com\/#\/schema\/person\/d0f9105e31352dbe9f08d098ffb8c878"},"headline":"Beylikten Devlete Osmanl\u0131 Siyaseti (1302-1453) Soru-Cevap","datePublished":"2024-11-05T17:41:13+00:00","dateModified":"2024-11-05T17:41:14+00:00","mainEntityOfPage":{"@id":"https:\/\/tarihkursu.com\/index.php\/2024\/11\/05\/beylikten-devlete-osmanli-siyaseti-1302-1453-soru-cevap\/"},"wordCount":1958,"commentCount":0,"publisher":{"@id":"https:\/\/tarihkursu.com\/#\/schema\/person\/4d7bdc3b79e9f5198455474c0f203f3c"},"image":{"@id":"https:\/\/tarihkursu.com\/index.php\/2024\/11\/05\/beylikten-devlete-osmanli-siyaseti-1302-1453-soru-cevap\/#primaryimage"},"thumbnailUrl":"https:\/\/tarihkursu.com\/wp-content\/uploads\/2024\/10\/10.-sinif-tarih-soru-cevap.png","keywords":["10. s\u0131n\u0131f tarih","soru-cevap"],"articleSection":["10. S\u0131n\u0131f Tarih SORU-CEVAP"],"inLanguage":"tr","potentialAction":[{"@type":"CommentAction","name":"Comment","target":["https:\/\/tarihkursu.com\/index.php\/2024\/11\/05\/beylikten-devlete-osmanli-siyaseti-1302-1453-soru-cevap\/#respond"]}]},{"@type":"WebPage","@id":"https:\/\/tarihkursu.com\/index.php\/2024\/11\/05\/beylikten-devlete-osmanli-siyaseti-1302-1453-soru-cevap\/","url":"https:\/\/tarihkursu.com\/index.php\/2024\/11\/05\/beylikten-devlete-osmanli-siyaseti-1302-1453-soru-cevap\/","name":"Beylikten Devlete Osmanl\u0131 Siyaseti (1302-1453) Soru-Cevap - tarihkursu.com","isPartOf":{"@id":"https:\/\/tarihkursu.com\/#website"},"primaryImageOfPage":{"@id":"https:\/\/tarihkursu.com\/index.php\/2024\/11\/05\/beylikten-devlete-osmanli-siyaseti-1302-1453-soru-cevap\/#primaryimage"},"image":{"@id":"https:\/\/tarihkursu.com\/index.php\/2024\/11\/05\/beylikten-devlete-osmanli-siyaseti-1302-1453-soru-cevap\/#primaryimage"},"thumbnailUrl":"https:\/\/tarihkursu.com\/wp-content\/uploads\/2024\/10\/10.-sinif-tarih-soru-cevap.png","datePublished":"2024-11-05T17:41:13+00:00","dateModified":"2024-11-05T17:41:14+00:00","description":"G\u00fcncel m\u00fcfredat 10. s\u0131n\u0131f tarih dersi 2. \u00fcnitesi\u00a0olan\u00a0Beylikten Devlete Osmanl\u0131 Siyaseti soru- cevap\u00a0\u00e7al\u0131\u015fmas\u0131n\u0131 payla\u015f\u0131yoruz.\u00a0","breadcrumb":{"@id":"https:\/\/tarihkursu.com\/index.php\/2024\/11\/05\/beylikten-devlete-osmanli-siyaseti-1302-1453-soru-cevap\/#breadcrumb"},"inLanguage":"tr","potentialAction":[{"@type":"ReadAction","target":["https:\/\/tarihkursu.com\/index.php\/2024\/11\/05\/beylikten-devlete-osmanli-siyaseti-1302-1453-soru-cevap\/"]}]},{"@type":"ImageObject","inLanguage":"tr","@id":"https:\/\/tarihkursu.com\/index.php\/2024\/11\/05\/beylikten-devlete-osmanli-siyaseti-1302-1453-soru-cevap\/#primaryimage","url":"https:\/\/tarihkursu.com\/wp-content\/uploads\/2024\/10\/10.-sinif-tarih-soru-cevap.png","contentUrl":"https:\/\/tarihkursu.com\/wp-content\/uploads\/2024\/10\/10.-sinif-tarih-soru-cevap.png","width":1280,"height":720,"caption":"10. s\u0131n\u0131f tarih sorular\u0131"},{"@type":"BreadcrumbList","@id":"https:\/\/tarihkursu.com\/index.php\/2024\/11\/05\/beylikten-devlete-osmanli-siyaseti-1302-1453-soru-cevap\/#breadcrumb","itemListElement":[{"@type":"ListItem","position":1,"name":"Anasayfa","item":"https:\/\/tarihkursu.com\/"},{"@type":"ListItem","position":2,"name":"Beylikten Devlete Osmanl\u0131 Siyaseti (1302-1453) Soru-Cevap"}]},{"@type":"WebSite","@id":"https:\/\/tarihkursu.com\/#website","url":"https:\/\/tarihkursu.com\/","name":"Tarih Kursu","description":"\u0130\u015fimiz G\u00fcc\u00fcm\u00fcz Tarih","publisher":{"@id":"https:\/\/tarihkursu.com\/#\/schema\/person\/4d7bdc3b79e9f5198455474c0f203f3c"},"potentialAction":[{"@type":"SearchAction","target":{"@type":"EntryPoint","urlTemplate":"https:\/\/tarihkursu.com\/?s={search_term_string}"},"query-input":{"@type":"PropertyValueSpecification","valueRequired":true,"valueName":"search_term_string"}}],"inLanguage":"tr"},{"@type":["Person","Organization"],"@id":"https:\/\/tarihkursu.com\/#\/schema\/person\/4d7bdc3b79e9f5198455474c0f203f3c","name":"admin","image":{"@type":"ImageObject","inLanguage":"tr","@id":"https:\/\/tarihkursu.com\/wp-content\/uploads\/2024\/10\/TARIHKURSU-Kopyasi.png","url":"https:\/\/tarihkursu.com\/wp-content\/uploads\/2024\/10\/TARIHKURSU-Kopyasi.png","contentUrl":"https:\/\/tarihkursu.com\/wp-content\/uploads\/2024\/10\/TARIHKURSU-Kopyasi.png","width":1080,"height":1080,"caption":"admin"},"logo":{"@id":"https:\/\/tarihkursu.com\/wp-content\/uploads\/2024\/10\/TARIHKURSU-Kopyasi.png"},"sameAs":["https:\/\/tarihkursu.com"]},{"@type":"Person","@id":"https:\/\/tarihkursu.com\/#\/schema\/person\/d0f9105e31352dbe9f08d098ffb8c878","name":"tarihkursu","image":{"@type":"ImageObject","inLanguage":"tr","@id":"https:\/\/secure.gravatar.com\/avatar\/1354763acbc865faa7650c3e1e4431f187276d71f132349411302a546cdeae54?s=96&d=mm&r=g","url":"https:\/\/secure.gravatar.com\/avatar\/1354763acbc865faa7650c3e1e4431f187276d71f132349411302a546cdeae54?s=96&d=mm&r=g","contentUrl":"https:\/\/secure.gravatar.com\/avatar\/1354763acbc865faa7650c3e1e4431f187276d71f132349411302a546cdeae54?s=96&d=mm&r=g","caption":"tarihkursu"},"url":"https:\/\/tarihkursu.com\/index.php\/author\/tarihkursu\/"}]}},"_links":{"self":[{"href":"https:\/\/tarihkursu.com\/index.php\/wp-json\/wp\/v2\/posts\/1733","targetHints":{"allow":["GET"]}}],"collection":[{"href":"https:\/\/tarihkursu.com\/index.php\/wp-json\/wp\/v2\/posts"}],"about":[{"href":"https:\/\/tarihkursu.com\/index.php\/wp-json\/wp\/v2\/types\/post"}],"author":[{"embeddable":true,"href":"https:\/\/tarihkursu.com\/index.php\/wp-json\/wp\/v2\/users\/2"}],"replies":[{"embeddable":true,"href":"https:\/\/tarihkursu.com\/index.php\/wp-json\/wp\/v2\/comments?post=1733"}],"version-history":[{"count":1,"href":"https:\/\/tarihkursu.com\/index.php\/wp-json\/wp\/v2\/posts\/1733\/revisions"}],"predecessor-version":[{"id":1734,"href":"https:\/\/tarihkursu.com\/index.php\/wp-json\/wp\/v2\/posts\/1733\/revisions\/1734"}],"wp:featuredmedia":[{"embeddable":true,"href":"https:\/\/tarihkursu.com\/index.php\/wp-json\/wp\/v2\/media\/1405"}],"wp:attachment":[{"href":"https:\/\/tarihkursu.com\/index.php\/wp-json\/wp\/v2\/media?parent=1733"}],"wp:term":[{"taxonomy":"category","embeddable":true,"href":"https:\/\/tarihkursu.com\/index.php\/wp-json\/wp\/v2\/categories?post=1733"},{"taxonomy":"post_tag","embeddable":true,"href":"https:\/\/tarihkursu.com\/index.php\/wp-json\/wp\/v2\/tags?post=1733"}],"curies":[{"name":"wp","href":"https:\/\/api.w.org\/{rel}","templated":true}]}}