{"id":1737,"date":"2024-11-05T21:30:48","date_gmt":"2024-11-05T18:30:48","guid":{"rendered":"https:\/\/tarihkursu.com\/?p=1737"},"modified":"2024-11-05T21:30:51","modified_gmt":"2024-11-05T18:30:51","slug":"milli-mucadele-soru-cevap","status":"publish","type":"post","link":"https:\/\/tarihkursu.com\/index.php\/2024\/11\/05\/milli-mucadele-soru-cevap\/","title":{"rendered":"Mill\u00ee M\u00fccadele Soru-Cevap"},"content":{"rendered":"\n<p>Bu sayfam\u0131zda\u00a0<strong>g\u00fcncel m\u00fcfredata<\/strong>\u00a0g\u00f6re haz\u0131rlad\u0131\u011f\u0131m\u0131z\u00a0<strong>12. S\u0131n\u0131f T.C. \u0130nk\u0131lap Tarihi ve Atat\u00fcrk\u00e7\u00fcl\u00fck dersi 2. \u00fcnitesi<\/strong>\u00a0olan\u00a0<strong>Mill\u00ee M\u00fccadele soru- cevap<\/strong>\u00a0\u00e7al\u0131\u015fmas\u0131n\u0131 payla\u015f\u0131yoruz.\u00a0<strong>12. s\u0131n\u0131f \u0130nk\u0131lap tarih soru cevap<\/strong>\u00a0\u00e7al\u0131\u015fmam\u0131z sayesinde ders kitab\u0131ndaki \u00e7al\u0131\u015fma sorular\u0131n\u0131 rahatl\u0131kla \u00e7\u00f6zeceksiniz.<strong>\u00a012. s\u0131n\u0131f \u0130nk\u0131lap Tarihi ve Atat\u00fcrk\u00e7\u00fcl\u00fck dersi yaz\u0131l\u0131ya haz\u0131rl\u0131k\u00a0<\/strong>\u00e7al\u0131\u015fmam\u0131zdaki sorular sizleri\u00a0<strong>12. s\u0131n\u0131f \u0130nk\u0131lap tarihi yaz\u0131l\u0131s\u0131na<\/strong>\u00a0haz\u0131rlayacak.\u00a0<strong>\u0130nk\u0131lap Tarihi dersi 12. s\u0131n\u0131f sorular\u0131m\u0131z\u0131<\/strong>\u00a0\u00e7\u00f6zerek<strong>\u00a0tyt tarih\u00a0<\/strong>ve\u00a0<strong>ayt tarih\u00a0<\/strong>s\u0131navlar\u0131nda ba\u015far\u0131l\u0131 olacaks\u0131n\u0131z.\u00a0<strong>Yeni 12. s\u0131n\u0131f ink\u0131lap tarih dersi kitab\u0131na\u00a0<\/strong>\u00a0uygun olarak haz\u0131rlad\u0131\u011f\u0131m\u0131z<strong>\u00a012. s\u0131n\u0131f tarih Milli M\u00fccadele sorular\u0131<\/strong>\u00a0a\u015fa\u011f\u0131daki konular\u0131 kapsamaktad\u0131r.<\/p>\n\n\n\n<h2 class=\"wp-block-heading\">12. S\u0131n\u0131f T.C \u0130nk\u0131lap Tarihi ve Atat\u00fcrk\u00e7\u00fcl\u00fck Dersi 2. \u00dcnite Milli M\u00fccadele <\/h2>\n\n\n\n<p><\/p>\n\n\n\n<h3 class=\"wp-block-heading\">2.1. Kuvay-\u0131 Mill\u00eeye hareketinin olu\u015fumundan B\u00fcy\u00fck Millet Meclisinin a\u00e7\u0131l\u0131\u015f\u0131na kadar olan s\u00fcre\u00e7te meydana gelen geli\u015fmeleri a\u00e7\u0131klar.<\/h3>\n\n\n\n<p><strong>15 May\u0131s sonras\u0131 \u0130zmir&#8217;de ilk silahl\u0131 direni\u015f ba\u015flatan ve \u015fehit edilen Hukuk-u Be\u015fer gazetesi yazar\u0131 kimdir?<\/strong><\/p>\n\n\n\n<p>Hukuk-u Be\u015fer gazetesi yazar\u0131 Hasan Tahsin<\/p>\n\n\n\n<p><strong>Milli m\u00fccadele d\u00f6neminde T\u00fcrklerin hakl\u0131l\u0131\u011f\u0131n\u0131 uluslararas\u0131 alanda ortaya koyan ilk belge hangisidir?<\/strong><\/p>\n\n\n\n<p>Amiral Bristol Raporu<\/p>\n\n\n\n<p><strong>\u0130zmir\u2019in i\u015fgali sonras\u0131 haz\u0131rlanan Amiral Bristol Raporunda hangi maddeler yer alm\u0131\u015ft\u0131r?<\/strong><\/p>\n\n\n\n<p>Rumlar\u0131n \u0130zmir ve \u00e7evresinde katledildi\u011fi bilgisi yanl\u0131\u015ft\u0131r.<\/p>\n\n\n\n<p>B\u00f6lgedeki Rum az\u0131nl\u0131\u011f\u0131n g\u00fcvenlikleri tehlikede de\u011fildir.<\/p>\n\n\n\n<p>B\u00f6lgede Rum n\u00fcfusu T\u00fcrk n\u00fcfusundan fazla de\u011fildir.<\/p>\n\n\n\n<p>\u0130zmir\u2019in i\u015fgali sonras\u0131nda b\u00f6lgede ya\u015fanan \u00e7at\u0131\u015fma ve katliamlar\u0131n sorumlulu\u011fu Yunan taraf\u0131na aittir.<\/p>\n\n\n\n<p><strong>Genel hatlar\u0131yla \u201cKuvay-\u0131 Mill\u00eeye\u201d nedir?<\/strong><\/p>\n\n\n\n<p>Kuvay-\u0131 Mill\u00eeye, Mondros Ate\u015fkes Antla\u015fmas\u0131&#8217;ndan sonra, vatan\u0131 i\u015fgal eden d\u00fc\u015fmanla ve az\u0131nl\u0131k faaliyetlerine kar\u015f\u0131 \u00e7arp\u0131\u015fan silahl\u0131 gruplar\u0131 ve onlara maddi, manevi ya da fikirsel yard\u0131mda bulunan herkesi kapsamaktad\u0131r.<\/p>\n\n\n\n<p><strong>Kuvay-\u0131 Mill\u00eeye birlikleri hangi olay sonras\u0131 ortaya \u00e7\u0131km\u0131\u015ft\u0131r?<\/strong><\/p>\n\n\n\n<p>Halk taraf\u0131ndan i\u015fgallere kar\u015f\u0131 kurulan Kuvay\u0131 mill\u00eeye birlikleri \u0130zmir&#8217;in i\u015fgalinden sonra ortaya \u00e7\u0131km\u0131\u015ft\u0131r.<\/p>\n\n\n\n<p><strong>Kuvay\u0131 mill\u00eeye birliklerinin \u00f6zellikleri nelerdir?<\/strong><\/p>\n\n\n\n<p>G\u00f6n\u00fcll\u00fcl\u00fck esas\u0131na dayal\u0131 birliklerdir.<\/p>\n\n\n\n<p>Asker\u00ee disiplinden yoksundur.<\/p>\n\n\n\n<p>Herhangi bir merkezden emir almadan hareket etmi\u015ftir.<\/p>\n\n\n\n<p>B\u00f6lgeseldir.<\/p>\n\n\n\n<p>Her t\u00fcrl\u00fc ihtiya\u00e7lar\u0131n\u0131 halktan kar\u015f\u0131lam\u0131\u015ft\u0131r.<\/p>\n\n\n\n<p>\u0130\u015fgalleri sona erdirememi\u015f, ancak d\u00fczenli ordu birlikleri olu\u015fturulana kadar i\u015fgalci g\u00fc\u00e7leri oyalam\u0131\u015ft\u0131r.<\/p>\n\n\n\n<p><strong>Milli M\u00fccadele d\u00f6nemindeki Rumlar taraf\u0131ndan kurulan az\u0131nl\u0131k cemiyetleri hangileridir?<\/strong><\/p>\n\n\n\n<p><a>Mavr-i Mira (Kara G\u00fcn) Cemiyeti<\/a><\/p>\n\n\n\n<p>Etnik-i Eterya<\/p>\n\n\n\n<p>Pontus Rum Cemiyeti<\/p>\n\n\n\n<p><strong>Megalo \u0130dea (B\u00fcy\u00fck \u00dclk\u00fc) amac\u0131yla hareket eden ve Bizans \u0130mparatorlu\u011fu s\u0131n\u0131rlar\u0131na yeniden ula\u015fmay\u0131 hedefleyen Rum cemiyeti hangisidir?<\/strong><\/p>\n\n\n\n<p>Mavr-i Mira (Kara G\u00fcn) Cemiyeti<\/p>\n\n\n\n<p><strong>Milli M\u00fccadele d\u00f6nemindeki Ermeniler taraf\u0131ndan kurulan az\u0131nl\u0131k cemiyetleri hangileridir?<\/strong><\/p>\n\n\n\n<p>Ta\u015fnak S\u00fctyun ve H\u0131n\u00e7ak Cemiyetleri<\/p>\n\n\n\n<p><strong>Milli M\u00fccadele d\u00f6nemindeki Yahudiler taraf\u0131ndan kurulan az\u0131nl\u0131k cemiyetleri hangileridir?<\/strong><\/p>\n\n\n\n<p>Alyans \u0130srailit ve Makabi Cemiyetleri<\/p>\n\n\n\n<p>Mill\u00ee Varl\u0131\u011fa D\u00fc\u015fman Cemiyetler hangileridir?<\/p>\n\n\n\n<p>K\u00fcrt Teali Cemiyeti<\/p>\n\n\n\n<p>\u0130slam Teali Cemiyeti<\/p>\n\n\n\n<p>Wilson Prensipleri Cemiyeti<\/p>\n\n\n\n<p>\u0130ngiliz Muhipleri Cemiyeti<\/p>\n\n\n\n<p>H\u00fcrriyet ve \u0130tilaf F\u0131rkas\u0131<\/p>\n\n\n\n<p>Sulh ve Selamet-i Osmani F\u0131rkas\u0131<\/p>\n\n\n\n<p><strong>Halide Edip, Ahmet Emin, Refik Halit gibi Osmanl\u0131 ayd\u0131nlar\u0131 taraf\u0131ndan kurulan ve kurtulu\u015fun ancak Amerika mandas\u0131na girmekle m\u00fcmk\u00fcn olabilece\u011fini savunan cemiyet hangisidir?<\/strong><\/p>\n\n\n\n<p>Wilson Prensipleri Cemiyeti<\/p>\n\n\n\n<p><strong>B\u00f6lgesel ama\u00e7l\u0131 kurulan milli cemiyetlerin ortak \u00f6zellikleri nelerdir?<\/strong><\/p>\n\n\n\n<p>B\u00f6lgelerinin T\u00fcrkl\u00fc\u011f\u00fcn\u00fc kan\u0131tlamak \u00e7abas\u0131ndayd\u0131lar.<\/p>\n\n\n\n<p>Wilson \u0130lkeleri&#8217;nin 12. Maddesinden yararlanmak istemi\u015flerdir.<\/p>\n\n\n\n<p>B\u00f6lge halk\u0131n\u0131n deste\u011fini ve birli\u011fi sa\u011flamak i\u00e7in geni\u015f kat\u0131l\u0131ml\u0131 kongreler d\u00fczenlemi\u015flerdir.<\/p>\n\n\n\n<p>Haklar\u0131n\u0131 savunmak, isteklerini iletmek i\u00e7in Paris Bar\u0131\u015f Konferans\u0131&#8217;na ve \u0130stanbul&#8217;daki \u0130tilaf Devletleri temsilcilerine heyetler g\u00f6ndermi\u015flerdir.<\/p>\n\n\n\n<p>B\u00f6lgelerini i\u015fgalcilere ve az\u0131nl\u0131klara kar\u015f\u0131 savunmu\u015flard\u0131r.<\/p>\n\n\n\n<p>Bu cemiyetler; birbirlerinden habersiz, y\u00f6relerin kurtulu\u015fu amac\u0131 ile kurulan ve kongreler d\u00fczenleyen cemiyetlerdir.<\/p>\n\n\n\n<p>Mustafa Kem\u00e2l&#8217;in de gayretleri ile Sivas Kongresinde bunlar Anadolu ve Rumeli M\u00fcdafaa-i Hukuk Cemiyetleri ad\u0131 ile birle\u015fmi\u015flerdir.<\/p>\n\n\n\n<p><strong>B\u00f6lgesel ama\u00e7l\u0131 kurulan milli cemiyetler hangileridir?<\/strong><\/p>\n\n\n\n<p>Trakya-Pa\u015faeli M\u00fcdafaa-i Hukuk Cemiyeti<\/p>\n\n\n\n<p>Mill\u00ee Kongre Cemiyeti<\/p>\n\n\n\n<p>\u015eark (Do\u011fu) Vilayetleri M\u00fcdafaa-i Hukuk Cemiyeti<\/p>\n\n\n\n<p>\u0130zmir M\u00fcdafaa-i Hukuk Cemiyeti<\/p>\n\n\n\n<p>\u0130zmir Redd-i \u0130lhak Cemiyeti<\/p>\n\n\n\n<p>Trabzon Muhafaza-i Hukuk-u Mill\u00eeye Cemiyeti<\/p>\n\n\n\n<p>Kilikyal\u0131lar Cemiyeti<\/p>\n\n\n\n<p><strong>Kilikyal\u0131lar Cemiyeti\u2019nin kurulu\u015f amac\u0131 nedir?<\/strong><\/p>\n\n\n\n<p>Merkezi \u0130stanbul&#8217;dur.<\/p>\n\n\n\n<p>Adana ve \u00e7evresini i\u015fgal eden Frans\u0131zlar ve Frans\u0131z ordusunda yer alan Ermenilerin sald\u0131r\u0131lar\u0131na kar\u015f\u0131 b\u00f6lgede silahl\u0131 direni\u015fi ba\u015flatm\u0131\u015ft\u0131r. Pozant\u0131 Kongresi&#8217;ni toplam\u0131\u015ft\u0131r.<\/p>\n\n\n\n<p><strong>T\u00fcrkler aleyhine bas\u0131n ve yay\u0131n yoluyla yap\u0131lan olumsuz propagandalar\u0131 engellemek amac\u0131yla kurulan milli cemiyet hangisidir?<\/strong><\/p>\n\n\n\n<p>Mill\u00ee Kongre Cemiyeti<\/p>\n\n\n\n<p><strong>Mustafa Kemal\u2019in 9. Ordu M\u00fcfetti\u015fi olarak resmi g\u00f6revi neydi?<\/strong><\/p>\n\n\n\n<p>Do\u011fu Karadeniz&#8217;de meydana gelen Pontus Rum \u00c7eteleri ile yerel milis kuvvetler aras\u0131ndaki uyu\u015fmazl\u0131\u011f\u0131 gidermek.<\/p>\n\n\n\n<p><strong>Mustafa Kemal Havza Genelgesi (28 May\u0131s 1919) ile halktan neler yapmalar\u0131n\u0131 istemi\u015ftir?<\/strong><\/p>\n\n\n\n<p>\u0130\u015fgallerin protesto edilmesi i\u00e7in mitingler yap\u0131lmas\u0131,<\/p>\n\n\n\n<p>\u0130tilaf Devletleri temsilciliklerine uyar\u0131 telgraflar\u0131 g\u00f6nderilmesi,<\/p>\n\n\n\n<p>Hristiyan az\u0131nl\u0131\u011fa kar\u015f\u0131 sald\u0131r\u0131 ve d\u00fc\u015fmanl\u0131klarda bulunulmamas\u0131 istenmi\u015ftir.<\/p>\n\n\n\n<p><strong>Kurtulu\u015f Sava\u015f\u0131n\u0131n gerek\u00e7esi, ama\u00e7lar\u0131 ve metodunu (y\u00f6ntem) nerede belirlenmi\u015ftir?<\/strong><\/p>\n\n\n\n<p>Amasya Genelgesi (22 Haziran 1919)<\/p>\n\n\n\n<p><strong>Amasya Genelgesi\u2019nde yer alan \u201cB\u00fct\u00fcn illerin her sanca\u011f\u0131ndan, halk\u0131n g\u00fcvenini kazanm\u0131\u015f \u00fc\u00e7 temsilcinin hemen yola \u00e7\u0131kar\u0131lmas\u0131 gerekmektedir. Her olas\u0131l\u0131\u011fa kar\u015f\u0131 bu durum mill\u00ee bir s\u0131r gibi tutulmal\u0131 ve temsilciler gerekli g\u00f6r\u00fclen yerlerde kimliklerini gizleyerek gelmelidir.\u201d ifadeleri hangi kongre i\u00e7in kullan\u0131lm\u0131\u015ft\u0131r?<\/strong><\/p>\n\n\n\n<p>Sivas Kongresi (4-11 Eyl\u00fcl 1919)<\/p>\n\n\n\n<p><strong>Mustafa Kemal hangi kongre \u00f6ncesi 7- 8 Temmuz gecesi askerlik g\u00f6revinden istifa etmi\u015ftir?<\/strong><\/p>\n\n\n\n<p>Erzurum Kongresi (23 Temmuz-7 A\u011fustos 1919) \u00f6ncesi Amasya genelgesi (22 Haziran 1919) sonras\u0131 istifa etmi\u015ftir.<\/p>\n\n\n\n<p><strong>Milli m\u00fccadele d\u00f6neminde toplanan \u00f6nemli kongreler hangileridir?<\/strong><\/p>\n\n\n\n<p>\u0130zmir M\u00fcdafaa-i Hukuk Kongresi (2-19 Mart 1919)<\/p>\n\n\n\n<p>Edirne Kongresi (9-13 May\u0131s 1919)<\/p>\n\n\n\n<p>Bal\u0131kesir Kongresi (26-30 Temmuz 1919)<\/p>\n\n\n\n<p>Nazilli Kongresi (9 A\u011fustos 1919)<\/p>\n\n\n\n<p>Ala\u015fehir Kongresi (16-25A\u011fustos 1919)<\/p>\n\n\n\n<p>Erzurum Kongresi (23 Temmuz-7 A\u011fustos 1919)<\/p>\n\n\n\n<p>Sivas Kongresi (4-11 Eyl\u00fcl 1919)<\/p>\n\n\n\n<p><strong>Erzurum Kongresi\u2019nin (23 Temmuz-7 A\u011fustos 1919) toplan\u0131\u015f amac\u0131 nedir?<\/strong><\/p>\n\n\n\n<p>Trabzon&#8217;da Pontus Devleti kurulacak, Do\u011fu Karadeniz&#8217;i i\u00e7ine alacakt\u0131. Do\u011fu Anadolu&#8217;da ise, Ermeni Devleti kurulmas\u0131 d\u00fc\u015f\u00fcn\u00fcl\u00fcyordu. Bunlara engel olmak gayesi ile toplant\u0131 yap\u0131ld\u0131.<\/p>\n\n\n\n<p><strong>Erzurum Kongresi\u2019nin (23 Temmuz-7 A\u011fustos 1919) toplanmas\u0131nda etkili olan cemiyetler hangileridir?<\/strong><\/p>\n\n\n\n<p>\u015eark vilayetleri M\u00fcdafaa-i Hukuk-u Mill\u00eeye Cemiyeti ile Trabzon Muhafazaa-i hukuk Cemiyeti<\/p>\n\n\n\n<p>Erzurum Kongresinde al\u0131nan kararlar\u0131 de\u011ferlendiriniz?<\/p>\n\n\n\n<p>Bu kongre toplan\u0131\u015f\u0131 ile mahall\u00ee, ald\u0131\u011f\u0131 kararlar\u0131n \u00f6zellikleri sebebi ile milli bir \u00f6zelli\u011fe sahiptir.<\/p>\n\n\n\n<p>\u00dclke b\u00fct\u00fcnl\u00fc\u011f\u00fc, ba\u011f\u0131ms\u0131zl\u0131\u011f\u0131 s\u00f6z konusu edilmi\u015ftir.<\/p>\n\n\n\n<p>Mahall\u00ee irade yerine mill\u00ee iradeden bahseder.<\/p>\n\n\n\n<p>Anadolu&#8217;da \u0130stanbul h\u00fck\u00fcmeti vazifesini yapmazsa bir h\u00fck\u00fcmetten bahseder.<\/p>\n\n\n\n<p>\u0130lk defa milli s\u0131n\u0131rlardan bahsedilmi\u015ftir.<\/p>\n\n\n\n<p>Manda fikrine ilk kez kar\u015f\u0131 \u00e7\u0131k\u0131lm\u0131\u015ft\u0131r.<\/p>\n\n\n\n<p>Heyeti Temsiliye kurulmu\u015ftur.<\/p>\n\n\n\n<p><strong>Hangi kongrede b\u00fct\u00fcn milli cemiyetler tek \u00e7at\u0131 alt\u0131nda birle\u015ftirilmi\u015f ve Anadolu Rumeli M\u00fcdafaai Hukuk Cemiyeti ad\u0131n\u0131 alm\u0131\u015ft\u0131r?<\/strong><\/p>\n\n\n\n<p>Sivas Kongresi (4-11 Eyl\u00fcl 1919)<\/p>\n\n\n\n<p><strong>Sivas Kongresinde \u00e7\u0131kar\u0131lan gazete hangisidir?<\/strong><\/p>\n\n\n\n<p>\u0130rade-i Milliye isimli gazete bu kongre s\u0131ras\u0131nda \u00e7\u0131km\u0131\u015ft\u0131r.<\/p>\n\n\n\n<p><strong>\u0130stanbul h\u00fck\u00fcmeti Anadolu&#8217;daki Anadolu ve Rumeli m\u00fcdafaa-i Hukuk Cemiyetini resmen ne zaman tan\u0131d\u0131?<\/strong><\/p>\n\n\n\n<p>Amasya G\u00f6r\u00fc\u015fmeleri (20\u201322 Ekim 1919)<\/p>\n\n\n\n<p><strong>Milli m\u00fccadele d\u00f6neminde Mebuslar meclisinin toplanmas\u0131 karar\u0131 nerede al\u0131nd\u0131?<\/strong><\/p>\n\n\n\n<p>Amasya G\u00f6r\u00fc\u015fmeleri (20\u201322 Ekim 1919)<\/p>\n\n\n\n<p><strong>Temsil kurulu (Heyeti Temsiliye) Mustafa Kemal ba\u015fkanl\u0131\u011f\u0131nda 27 Aral\u0131k 1919&#8217;da Ankara&#8217;ya geldi. Sivas Kongresi sonras\u0131 yay\u0131nlanan &#8220;\u0130rade-i Milliye&#8221; gazetesi, &#8220;Hakimiyet-i Milliye&#8221; ad\u0131 ile yay\u0131nlanmaya ba\u015flad\u0131. Ankara\u2019n\u0131n milli m\u00fccadelenin merkezi olmas\u0131nda neler etkili oldu?<\/strong><\/p>\n\n\n\n<p>Bat\u0131 cephesine yak\u0131nl\u0131\u011f\u0131,<\/p>\n\n\n\n<p>\u0130stanbul&#8217;a Ankara&#8217;n\u0131n Sivas\u2019a g\u00f6re daha yak\u0131n olmas\u0131,<\/p>\n\n\n\n<p>Ankara&#8217;n\u0131n haberle\u015fme ve demiryolu gibi ula\u015f\u0131m imk\u00e2nlar\u0131na sahip olmas\u0131,<\/p>\n\n\n\n<p>Ankara&#8217;n\u0131n merkezi ve g\u00fcvenilir bir yer olmas\u0131,<\/p>\n\n\n\n<p>Buran\u0131n kontrol\u00fcn\u00fcn Ali Fuat Cebesoy&#8217;da olmas\u0131,<\/p>\n\n\n\n<p>Ankara halk\u0131n\u0131n misafirperver davran\u0131\u015flar\u0131<\/p>\n\n\n\n<p><strong>\u0130tilaf Devletleri son Osmanl\u0131 mebusan meclisi i\u00e7in yap\u0131lan se\u00e7imlere neden engel olmad\u0131?<\/strong><\/p>\n\n\n\n<p>\u0130tilaf Devletleri yap\u0131lan se\u00e7imlere meclisten kendi aleyhlerine bir karar \u00e7\u0131kmayaca\u011f\u0131na inand\u0131klar\u0131 i\u00e7in kar\u015f\u0131 \u00e7\u0131kmad\u0131lar.<\/p>\n\n\n\n<p><strong>Son Osmanl\u0131 Mebusan Meclisi \u00fcyelerinin padi\u015fah\u0131n etkisinde kald\u0131\u011f\u0131n\u0131n kan\u0131tlar\u0131 nelerdir?<\/strong><\/p>\n\n\n\n<p>Mustafa Kemal\u2019in kurulmas\u0131n\u0131 istedi\u011fi M\u00fcdafa-i Hukuk grubu yerine Felah-\u0131 Vatan grubu olu\u015ftu.<\/p>\n\n\n\n<p>Mustafa Kemal ba\u015fkan se\u00e7ilemedi.<\/p>\n\n\n\n<p><strong>Son Osmanl\u0131 Mebusan Meclisi\u2019nin itilaf kuvvetleri taraf\u0131ndan kapat\u0131lmas\u0131na neden olan karar nedir?<\/strong><\/p>\n\n\n\n<p>Misak-\u0131 Mill\u00ee kararlar\u0131n\u0131n kabul edilmesi.<\/p>\n\n\n\n<p><strong>Misak-I Mill\u00ee (Ulusal Ant) (Peyam-\u0131 Milli) (28 Ocak 1920) nedir?<\/strong><\/p>\n\n\n\n<p>Misak-\u0131 Mill\u00ee, \u00e7izilen s\u0131n\u0131rlar i\u00e7inde tam ba\u011f\u0131ms\u0131zl\u0131\u011f\u0131n sa\u011flanmas\u0131 i\u00e7in vatanseverlerin ortakla\u015fa yapt\u0131klar\u0131 yemin belgesidir. Misak-\u0131 Mill\u00ee ile birlikte vatan\u0131n s\u0131n\u0131rlar\u0131 belirlenmi\u015ftir.<\/p>\n\n\n\n<p><strong>\u0130tilaf kuvvetleri Misak\u0131 Milli kararlar\u0131 sonras\u0131 13 Kas\u0131m 1918&#8217;den beri fiilen kontrol ettikleri \u0130stanbul&#8217;u 16 Mart 1920&#8217;den itibaren ula\u015f\u0131m, haberle\u015fme, emniyet, y\u00f6netim ve ekonomik y\u00f6nden kontrol alt\u0131na almaya ba\u015flad\u0131lar. \u0130stanbul\u2019un \u0130\u015fgaline sonras\u0131 Heyet-i Temsiliye hangi kararlar\u0131 ald\u0131?<\/strong><\/p>\n\n\n\n<p>\u0130stanbul ile her t\u00fcrl\u00fc ileti\u015fim ve ula\u015f\u0131m kesilecektir.<\/p>\n\n\n\n<p>\u0130tilaf Devletleri subaylar\u0131 tutuklanacakt\u0131r.<\/p>\n\n\n\n<p>Banka ve defterdarl\u0131klara el konulacakt\u0131r.<\/p>\n\n\n\n<p>Vergiler g\u00f6nderilmeyecek.<\/p>\n\n\n\n<p>Anadolu&#8217;da Heyet-i Temsiliye&#8217;nin s\u00f6z\u00fcn\u00fc dinlemeyenler cezaland\u0131r\u0131lacakt\u0131r.<\/p>\n\n\n\n<p>Anadolu&#8217;dan \u0130stanbul&#8217;a para ve k\u0131ymetli e\u015fya g\u00f6nderilmeyecektir.<\/p>\n\n\n\n<p>Mill\u00ee iradeyi yans\u0131tacak bir meclis derhal Ankara&#8217;da toplanacakt\u0131r.<\/p>\n\n\n\n<p>Yurt genelinde se\u00e7im yap\u0131lacakt\u0131r.<\/p>\n\n\n\n<h3 class=\"wp-block-heading\">2.2. B\u00fcy\u00fck Millet Meclisinin a\u00e7\u0131l\u0131\u015f s\u00fcrecini ve sonras\u0131nda meydana gelen geli\u015fmeleri kavrar.<\/h3>\n\n\n\n<p><strong>B.M.M.\u2019nin \u00d6zellikleri (I. Meclis) nelerdir?<\/strong><\/p>\n\n\n\n<p>Devrimci \u00f6zellik ta\u015f\u0131r.<\/p>\n\n\n\n<p>Demokrasi uygulamas\u0131d\u0131r.<\/p>\n\n\n\n<p>\u0130dealist bir meclistir.<\/p>\n\n\n\n<p>Ola\u011fan\u00fcst\u00fc yetkileri vard\u0131r.<\/p>\n\n\n\n<p>G\u00fc\u00e7ler birli\u011fi elindedir.<\/p>\n\n\n\n<p>Meclis Ba\u015fkan\u0131 ayn\u0131 zamanda y\u00fcr\u00fctmenin de ba\u015f\u0131d\u0131r.<\/p>\n\n\n\n<p>Meclis h\u00fck\u00fcmeti sistemi var.<\/p>\n\n\n\n<p>\u0130lk Meclis ba\u015fkan\u0131 Mustafa Kemal&#8217;dir.<\/p>\n\n\n\n<p>\u0130stanbul H\u00fck\u00fcmetine kar\u015f\u0131 yeni bir devlet kurulmu\u015ftur.<\/p>\n\n\n\n<p>\u0130lk Meclis kurucu meclistir.<\/p>\n\n\n\n<p>Yapt\u0131\u011f\u0131 tek devrim saltanat\u0131n kald\u0131r\u0131lmas\u0131d\u0131r.<\/p>\n\n\n\n<p><strong>Mecliste al\u0131nan kararlar nelerdir?<\/strong><\/p>\n\n\n\n<p>Mutlak surette h\u00fck\u00fcmet kurulmal\u0131d\u0131r.<\/p>\n\n\n\n<p>Ge\u00e7ici olarak bir h\u00fck\u00fcmet ba\u015fkan\u0131 tan\u0131mak ya da padi\u015fah vekili atamak uygun de\u011fildir.<\/p>\n\n\n\n<p>Meclis&#8217;in \u00fcst\u00fcnde (B.M.M.) hi\u00e7 bir g\u00fc\u00e7 yoktur.<\/p>\n\n\n\n<p>B.M.M. yasama, y\u00fcr\u00fctme ve yarg\u0131, g\u00fcc\u00fcn\u00fc kendinde toplar.<\/p>\n\n\n\n<p>B.M.M. \u00fcyelerinden h\u00fck\u00fcmet olu\u015fur. B.M.M. ba\u015fkan\u0131 h\u00fck\u00fcmetin ba\u015f\u0131d\u0131r.<\/p>\n\n\n\n<p>Padi\u015fah- Halife bask\u0131 ve zordan kurtulunca, meclisin verece\u011fi karar gere\u011fi durumunu belirlenir.<\/p>\n\n\n\n<p>25 Nisan 1920&#8217;de 11 ki\u015filik icra vekilleri heyeti (h\u00fckumet) olu\u015ftu.<\/p>\n\n\n\n<p>\u0130lk \u00e7\u0131kan kanun A\u011fnam vergisidir.<\/p>\n\n\n\n<p><strong>B\u00fcy\u00fck Millet Meclisine Kar\u015f\u0131 Ayaklanmalar hangileridir?<\/strong><\/p>\n\n\n\n<p>Anzavur Ayaklanmas\u0131<\/p>\n\n\n\n<p>Kuvay-\u0131 \u0130nzibatiye Ayaklanmas\u0131<\/p>\n\n\n\n<p>D\u00fczce Ayaklanmas\u0131<\/p>\n\n\n\n<p>Pontus Ayaklanmas\u0131<\/p>\n\n\n\n<p>Ermeni Ayaklanmas\u0131<\/p>\n\n\n\n<p>Ko\u00e7giri Ayaklanmas\u0131<\/p>\n\n\n\n<p>Cemil \u00c7eto Ayaklanmas\u0131<\/p>\n\n\n\n<p>Ethem Ayaklanmas\u0131<\/p>\n\n\n\n<p>Demirci Mehmet Efe Ayaklanmas\u0131<\/p>\n\n\n\n<p>Konya Ayaklanmas\u0131<\/p>\n\n\n\n<p>Yozgat Ayaklanmas\u0131<\/p>\n\n\n\n<p>Mill\u00ee A\u015fireti Ayaklanmas\u0131<\/p>\n\n\n\n<p><strong>BMM Ayaklanmalara Kar\u015f\u0131 Hangi \u00d6nlemleri Ald\u0131?<\/strong><\/p>\n\n\n\n<ol class=\"wp-block-list\">\n<li>B\u00fcy\u00fck Millet Meclisi Kar\u015f\u0131 Fetva<\/li>\n<\/ol>\n\n\n\n<p>Damat Ferit H\u00fckumetinin fetvalar\u0131na kar\u015f\u0131 Ankara M\u00fcft\u00fcs\u00fc R\u0131fat Hoca&#8217;dan (B\u00f6rek\u00e7i) 16 Nisan 1920&#8217;de Mill\u00ee M\u00fccadele&#8217;yi destekleyen bir fetva al\u0131narak camilerde okutuldu. B\u00f6ylelikle halk bu konuda bilin\u00e7lendirildi.<\/p>\n\n\n\n<ul class=\"wp-block-list\">\n<li>H\u0131yanet-i Vataniye Kanunu (29 Nisan 1920)<\/li>\n<\/ul>\n\n\n\n<p>Asayi\u015fin sa\u011flanmas\u0131 i\u00e7in 29 Nisan 1920&#8217;de H\u0131yanet-i Vataniye Kanunu Meclisten \u00e7\u0131kar\u0131larak Damat Ferit hain ilan edildi ve vatanda\u015fl\u0131ktan \u00e7\u0131kar\u0131ld\u0131.<\/p>\n\n\n\n<p>Bunun yan\u0131nda B\u00fcy\u00fck Millet Meclisine kar\u015f\u0131 \u00e7\u0131kanlar ve ayaklananlar\u0131n vatan haini say\u0131larak idam cezas\u0131na \u00e7arpt\u0131r\u0131lacaklar\u0131 halka bildirildi.<\/p>\n\n\n\n<ul class=\"wp-block-list\">\n<li>H\u00e2kimiyet-i Mill\u00eeye Gazetesi<\/li>\n<\/ul>\n\n\n\n<p>Halk\u0131n ayd\u0131nlanmas\u0131 i\u00e7in Ankara&#8217;da H\u00e2kimiyet-i Mill\u00eeye gazetesi \u00e7\u0131kart\u0131larak halk geli\u015fmelerden haberdar edildi.<\/p>\n\n\n\n<ul class=\"wp-block-list\">\n<li>Anadolu Ajans\u0131n\u0131n kurulu\u015fu 6 Nisan 1920<\/li>\n<\/ul>\n\n\n\n<p>Mill\u00ee M\u00fccadele&#8217;yi desteklemek ve T\u00fcrk milletini bilin\u00e7lendirmek i\u00e7in gazete \u00e7\u0131kar\u0131lmas\u0131 yeterli olmad\u0131. Bu gazetelerin ihtiya\u00e7 duydu\u011fu haber ve malzemelerin, kayna\u011f\u0131ndan al\u0131nmas\u0131 gerekiyordu.<\/p>\n\n\n\n<p>Ayr\u0131ca ba\u011f\u0131ms\u0131zl\u0131k i\u00e7in verilen m\u00fccadelenin hakl\u0131l\u0131\u011f\u0131 d\u00fcnya kamuoyuna anlat\u0131lmal\u0131yd\u0131.<\/p>\n\n\n\n<p>6 Nisan 1920&#8217;de \u201cAnadolu Ajans\u0131\u201d kuruldu .<\/p>\n\n\n\n<ul class=\"wp-block-list\">\n<li>\u0130stiklal Mahkemelerinin kurulmas\u0131 (11 Eyl\u00fcl 1920)<\/li>\n<\/ul>\n\n\n\n<p>B\u00fcy\u00fck Millet Meclisi isyanc\u0131lar\u0131n, ya\u011fmac\u0131lar\u0131n, casuslar\u0131n ve asker ka\u00e7aklar\u0131n\u0131n yarg\u0131lanmas\u0131 i\u00e7in 11 Eyl\u00fcl 1920\u2019de \u0130stiklal Mahkemelerinin kuruldu.<\/p>\n\n\n\n<h3 class=\"wp-block-heading\">2.3. <a>Sevr Antla\u015fmas\u0131\u2019n\u0131n <\/a>Mill\u00ee M\u00fccadele s\u00fcrecine etkilerini analiz eder.<\/h3>\n\n\n\n<p><strong>Sevr Antla\u015fmas\u0131\u2019n\u0131n tasla\u011f\u0131 hangi konferansta haz\u0131rland\u0131?<\/strong><\/p>\n\n\n\n<p>18-26 Nisan 1920 San Remo Konferans\u0131<\/p>\n\n\n\n<p>10 A\u011fustos 1920 Sevr Antla\u015fmas\u0131n\u0131 Osmanl\u0131 Devleti ad\u0131na kim imzalam\u0131\u015ft\u0131r?<\/p>\n\n\n\n<p><strong>Sevr Antla\u015fmas\u0131\u2019n\u0131n maddeleri nelerdir?<\/strong><\/p>\n\n\n\n<p>\u0130stanbul Osmanl\u0131 Devleti\u2019nin ba\u015fkenti olarak kalacak, ancak Osmanl\u0131 Devleti az\u0131nl\u0131k haklar\u0131n\u0131 g\u00f6zetmezse elinden al\u0131nacakt\u0131r.<\/p>\n\n\n\n<p>Bo\u011fazlar b\u00fct\u00fcn devletlerin gemilerine a\u00e7\u0131k olacakt\u0131r ve Bo\u011fazlar Komisyonu taraf\u0131ndan y\u00f6netilecektir.<\/p>\n\n\n\n<p>Do\u011fu Anadolu&#8217;da ba\u011f\u0131ms\u0131z Ermeni ve \u00f6zerk bir K\u00fcrt Devleti kurulacakt\u0131r.<\/p>\n\n\n\n<p>Az\u0131nl\u0131klara geni\u015f haklar tan\u0131nacakt\u0131r (Askerlikten ve vergiden muaf tutulacaklard\u0131r.).<\/p>\n\n\n\n<p>Do\u011fu Trakya ve Bat\u0131 Anadolu Yunanistan&#8217;a; Urfa, Antep dahil olmak \u00fczere Suriye Fransa&#8217;ya verilecektir.<\/p>\n\n\n\n<p>Musul ve Arabistan dahil Irak \u0130ngiltere&#8217;ye verilecektir.<\/p>\n\n\n\n<p>G\u00fcneybat\u0131 Anadolu \u0130talya&#8217;ya verilecektir.<\/p>\n\n\n\n<p>Rodos ve Oniki Ada \u0130talya&#8217;ya, di\u011fer Ege Adalar\u0131 ise Yunanistan&#8217;a b\u0131rak\u0131lacakt\u0131r.<\/p>\n\n\n\n<p>Osmanl\u0131 ordusunun a\u011f\u0131r silahlar\u0131 bulunmayacak ve 50700 ki\u015fiden olu\u015facakt\u0131r.<\/p>\n\n\n\n<p>Kapit\u00fclasyonlar b\u00fct\u00fcn devletlere tan\u0131nacakt\u0131r.<\/p>\n\n\n\n<p><strong>Sevr Antla\u015fmas\u0131 neden hukuken ge\u00e7ersizdir?<\/strong><\/p>\n\n\n\n<p>Bu anla\u015fmay\u0131 onaylayacak bir meclis olmad\u0131\u011f\u0131 ve uygulama alan\u0131 bulmad\u0131\u011f\u0131 i\u00e7in &#8220;\u00f6l\u00fc do\u011fmu\u015f bir anla\u015fmad\u0131r\u201d hukuken ge\u00e7ersizdir.<\/p>\n\n\n\n<h3 class=\"wp-block-heading\">2.4. Do\u011fu ve G\u00fcney Cephelerinde verilen m\u00fccadelelerin \u00fclkemizin ba\u011f\u0131ms\u0131zl\u0131k s\u00fcrecine katk\u0131lar\u0131n\u0131 kavrar.<\/h3>\n\n\n\n<p><strong>Kurtulu\u015f Sava\u015f\u0131 Do\u011fu Cephesi komutan\u0131m\u0131z kimdir?<\/strong><\/p>\n\n\n\n<p>Sevr Antla\u015fmas\u0131 ile Ermeniler devlet kurmaya kalk\u0131\u015f\u0131nca 1920&#8217;de Kaz\u0131m Karabekir Ermeniler \u00fczerine y\u00fcr\u00fcd\u00fc ve Ermeniler bar\u0131\u015f isterler.<\/p>\n\n\n\n<p><strong>Ermenilerle imzalanan 3 Aral\u0131k 1920 G\u00fcmr\u00fc Anla\u015fmas\u0131\u2019n\u0131n \u00f6nemi nedir?<\/strong><\/p>\n\n\n\n<p>Kars ve dolaylar\u0131 B.M.M.&#8217;ne b\u0131rak\u0131l\u0131r.<\/p>\n\n\n\n<p>Ermeniler Sevr bar\u0131\u015f anla\u015fmas\u0131na ge\u00e7ersiz sayarlar.<\/p>\n\n\n\n<p>Bu anla\u015fma ile Ermeni sorunu \u00e7\u00f6z\u00fcld\u00fc. Do\u011fu g\u00fcvenli\u011fi sa\u011fland\u0131.<\/p>\n\n\n\n<p>Buradaki birlik, ara\u00e7 ve gere\u00e7 bat\u0131ya kayd\u0131r\u0131l\u0131r.<\/p>\n\n\n\n<p>Halk\u0131n B.M.M.&#8217;ye olan g\u00fcveni artar.<\/p>\n\n\n\n<p>G\u00fcmr\u00fc anlamas\u0131 ile B.M.M. ilk kez tan\u0131n\u0131r.<\/p>\n\n\n\n<p>\u0130lk siyasi ve askeri zafer elde edilir.<\/p>\n\n\n\n<p>Ermenistan BMM H\u00fck\u00fbmetinin varl\u0131\u011f\u0131n\u0131 tan\u0131yan ilk devlet oldu.<\/p>\n\n\n\n<p>Erivan b\u00f6lgesinde Sovyet Ermeni Cumhuriyeti kuruldu.<\/p>\n\n\n\n<p>Sovyet Rusya ile yap\u0131lan 16 Mart 1921 tarihli Moskova ve 13 Ekim 1921 tarihli Kars antla\u015fmalar\u0131yla G\u00fcmr\u00fc Antla\u015fmas\u0131 teyit edildi.<\/p>\n\n\n\n<p><strong>Milli m\u00fccadele d\u00f6neminde ABD Ba\u015fkan\u0131 Wilson\u2019un iste\u011fi \u00fczerine haz\u0131rlanan Harbord Raporu\u2019nda neler yer al\u0131yordu?<\/strong><\/p>\n\n\n\n<p>Raporda Do\u011fu Anadolu\u2019da T\u00fcrklerin \u00e7o\u011funlukta oldu\u011fu ve bunlar\u0131n Ermenileri tehdit ettiklerine dair hi\u00e7bir hareketin g\u00f6r\u00fclmedi\u011fi belirtilmi\u015f ve Ermeniler tamam\u0131yla haks\u0131z bulunmu\u015ftu.<\/p>\n\n\n\n<p><strong>Milli m\u00fccadele d\u00f6neminde G\u00fcney Cephesi hangi antla\u015fma ile kapand\u0131?<\/strong><\/p>\n\n\n\n<p>Burada verilen m\u00fccadeleler Sakarya Sava\u015f\u0131 sonunda Frans\u0131zlarla yap\u0131lan 20 Ekim 1921 Ankara Anla\u015fmas\u0131 ile sona erdi.<\/p>\n\n\n\n<p>Suriye s\u0131n\u0131r\u0131 bug\u00fcnk\u00fc Hatay d\u0131\u015f\u0131nda belirlendi.<\/p>\n\n\n\n<h3 class=\"wp-block-heading\">2.5. D\u00fczenli ordunun kurulmas\u0131ndan Mudanya Ate\u015fkes Antla\u015fmas\u0131\u2019na kadar meydana gelen geli\u015fmeleri T\u00fcrkiye\u2019nin ba\u011f\u0131ms\u0131zl\u0131k s\u00fcrecine katk\u0131lar\u0131 a\u00e7\u0131s\u0131ndan analiz eder.<\/h3>\n\n\n\n<p><strong>Bat\u0131 cephesinde neden 12 Temmuz 1920&#8217;de d\u00fczenli ordunun kurulmas\u0131na karar verdi?<\/strong><\/p>\n\n\n\n<p>Kuvay-\u0131 Mill\u00eeye \u015fefleri ba\u011f\u0131ms\u0131z hareket etti\u011fi i\u00e7in di\u011fer direni\u015f g\u00fc\u00e7leriyle birliktelik sa\u011flanam\u0131yordu.<\/p>\n\n\n\n<p>\u0130htiya\u00e7lar\u0131n\u0131 halktan kar\u015f\u0131layan bu birlikler bazen adaletsiz davran\u0131\u015flar sergileyebiliyordu.<\/p>\n\n\n\n<p><strong>Bat\u0131 cephesi komutanlar\u0131m\u0131z kimlerdir?<\/strong><\/p>\n\n\n\n<p>Bat\u0131 Cephesi&#8217;nin kuzey b\u00f6lgesine Albay \u0130smet Bey (\u0130n\u00f6n\u00fc) Bey, g\u00fcney b\u00f6lgesine ise Albay Refet Bey (Bele) komutan olarak atand\u0131.<\/p>\n\n\n\n<p>Fevzi Pa\u015fa Mill\u00ee Savunma Bakanl\u0131\u011f\u0131 ve Genelkurmay Ba\u015fkanl\u0131\u011f\u0131 g\u00f6revlerine atand\u0131.<\/p>\n\n\n\n<p><strong>6-10 Ocak 1921 I. \u0130n\u00f6n\u00fc Muharebesi\u2019nin nedenleri nelerdir?<\/strong><\/p>\n\n\n\n<p>\u00c7erkez Ethem&#8217;in ayaklanmas\u0131ndan Yunanl\u0131lar\u0131n yararlanmak istemeleri,<\/p>\n\n\n\n<p>Yunanl\u0131lar\u0131n Ankara&#8217;y\u0131 almak ve B.M.M.&#8217;ni da\u011f\u0131tmak istemeleri,<\/p>\n\n\n\n<p>T\u00fcrk ordusunun toparlanma ve yeniden te\u015fkilatlanmas\u0131n\u0131n engellenmesi iste\u011fi,<\/p>\n\n\n\n<p>Daha \u00f6nce \u0130zmir ve Bursa&#8217;y\u0131 ele ge\u00e7iren Yunanl\u0131lar\u0131n Eski\u015fehir&#8217;i de alarak Anadolu&#8217;da \u00f6nemli bir stratejik noktay\u0131 ele ge\u00e7irmek istemeleri<\/p>\n\n\n\n<p><strong>6-10 Ocak 1921 I. \u0130n\u00f6n\u00fc Muharebesi\u2019nin sonu\u00e7lar\u0131 nelerdir?<\/strong><\/p>\n\n\n\n<p>6 Ocak&#8217;ta ba\u015flayan Yunan ileri harek\u00e2t\u0131 10 Ocak&#8217;ta duruldu.<\/p>\n\n\n\n<p>Halk\u0131n sava\u015fma g\u00fcc\u00fc ve B.M.M. deste\u011fi artt\u0131.<\/p>\n\n\n\n<p>Yunanl\u0131lar ilk kez Anadolu&#8217;da d\u00fczenli bir ordu ile kar\u015f\u0131la\u015ft\u0131 ve yenildiler.<\/p>\n\n\n\n<p>Kuvva-i Seyyare&#8217;nin kald\u0131r\u0131lmas\u0131 ve d\u00fczenli ordunun kurulu\u015fu kesinle\u015fti.<\/p>\n\n\n\n<p>\u0130smet \u0130n\u00f6n\u00fc generalli\u011fe y\u00fckseldi.<\/p>\n\n\n\n<p>Te\u015fkilat-\u0131 Esasiye kanunu kabul edildi.<\/p>\n\n\n\n<p>Londra Konferans\u0131 topland\u0131.<\/p>\n\n\n\n<p>Afganistan&#8217;la dostluk anla\u015fmas\u0131 imzaland\u0131 (1 Mart 1921).<\/p>\n\n\n\n<p>\u0130stiklal Mar\u015f\u0131 kabul edildi (12 Mart 1921).<\/p>\n\n\n\n<p>Moskova Antla\u015fmas\u0131 imzaland\u0131 (16 Mart 1921).<\/p>\n\n\n\n<p><strong>T\u00fcrkiye Devleti&#8217;nin ilk anayasas\u0131 nedir?<\/strong><\/p>\n\n\n\n<p>20 Ocak 1921&#8217;de kabul edilen Te\u015fkilat-\u0131 Esasiye Kanunu&#8217;yla T\u00fcrkiye Devleti&#8217;nin ilk anayasas\u0131 d\u00fczenlenmi\u015ftir.<\/p>\n\n\n\n<p><strong>\u0130tilaf kuvvetleri hangi olay ile TBMM\u2019ni hukuken tan\u0131m\u0131\u015ft\u0131r?<\/strong><\/p>\n\n\n\n<p>Anla\u015fma devletleri TBMM\u2019yi Londra Konferans\u0131\u2019na (23 \u015eubat- 12 Mart 1921) \u00e7a\u011fr\u0131larak hukuken tan\u0131d\u0131lar.<\/p>\n\n\n\n<p><strong>Sovyet Rusya, hangi antla\u015fma ile TBMM H\u00fck\u00fbmetini tan\u0131yan ilk Bat\u0131l\u0131 devlet olmu\u015ftur?<\/strong><\/p>\n\n\n\n<p>Moskova Antla\u015fmas\u0131 (16 Mart 1921)<\/p>\n\n\n\n<p><strong>23 Mart-1 Nisan 1921 II. \u0130n\u00f6n\u00fc Muharebesi\u2019nin sonu\u00e7lar\u0131 nelerdir?<\/strong><\/p>\n\n\n\n<p>Yunan ordusu yenildi.<\/p>\n\n\n\n<p>T\u00fcrk Halk\u0131n\u0131n TBMM &#8216;ye inanc\u0131 artt\u0131.<\/p>\n\n\n\n<p>Mustafa Kemal \u201cSiz orada yaln\u0131z d\u00fc\u015fman\u0131, de\u011fil, milletin makus tarihini yendiniz.\u201d s\u00f6z\u00fc ile \u0130smet \u0130n\u00f6n\u00fc&#8217;ye moral deste\u011fi verdi.<\/p>\n\n\n\n<p>Frans\u0131zlar g\u00f6r\u00fc\u015fmeler yapmak i\u00e7in Ankara&#8217;ya temsilci g\u00f6nderdi.<\/p>\n\n\n\n<p>\u0130talyanlar Anadolu\u2019dan \u00e7ekilmeye ba\u015flad\u0131lar (5 Temmuz 1921)<\/p>\n\n\n\n<h3 class=\"wp-block-heading\">2.5. D\u00fczenli ordunun kurulmas\u0131ndan Mudanya Ate\u015fkes Antla\u015fmas\u0131\u2019na kadar meydana gelen geli\u015fmeleri T\u00fcrkiye\u2019nin ba\u011f\u0131ms\u0131zl\u0131k s\u00fcrecine katk\u0131lar\u0131 a\u00e7\u0131s\u0131ndan analiz eder.<\/h3>\n\n\n\n<p><strong>10-24 Temmuz 1921 Eski\u015fehir -K\u00fctahya Sava\u015flar\u0131\u2019n\u0131n sonu\u00e7lar\u0131 nelerdir?<\/strong><\/p>\n\n\n\n<p>Yunanl\u0131lar\u0131n 10 Temmuzda ba\u015flayan bu sald\u0131r\u0131lar sonunda Afyon, K\u00fctahya, Eski\u015fehir ve Bilecik gibi \u00f6nemli stratejik yerler elden \u00e7\u0131kt\u0131.<\/p>\n\n\n\n<p>T\u00fcrk ordusu fazla kay\u0131p vermeden geri \u00e7ekildi.<\/p>\n\n\n\n<p>Yunanl\u0131lar Sakarya Nehrinin bat\u0131s\u0131na kadar ilerlediler.<\/p>\n\n\n\n<p>TBMM\u2019de de\u011fi\u015fik g\u00f6r\u00fc\u015fler ve karga\u015falar ba\u015f g\u00f6sterdi.<\/p>\n\n\n\n<p>Meclisin Kayseri\u2019ye ta\u015f\u0131nmas\u0131 \u00f6nerildi.<\/p>\n\n\n\n<p><strong>Milli m\u00fccadele d\u00f6neminde \u0130stanbul\u2019dan ka\u00e7\u0131r\u0131lan cephanelerin Ankara\u2019ya ula\u015ft\u0131r\u0131ld\u0131\u011f\u0131 yol hangisidir?<\/strong><\/p>\n\n\n\n<p>T\u00fcrk tarihinde \u201c\u0130stiklal Yolu\u201d olarak ge\u00e7en bu g\u00fczerg\u00e2hta Mill\u00ee M\u00fccadele y\u0131llar\u0131nda cepheye silah ve erzak gibi malzemeler ta\u015f\u0131nm\u0131\u015ft\u0131r.<\/p>\n\n\n\n<p><strong>Sakarya Sava\u015f\u0131 \u00f6ncesi yay\u0131nlanan 7-8 A\u011fustos 1921 Tekalif-i Milliye emirleri ile ne ama\u00e7lanm\u0131\u015ft\u0131r?<\/strong><\/p>\n\n\n\n<p>Tek\u00e2lif-i Milliye Emirleri ile T\u00fcrk ordusunun yiyecek, giyecek, silah ve cephane ihtiya\u00e7lar\u0131n\u0131n kar\u015f\u0131lanmas\u0131 ama\u00e7lanm\u0131\u015ft\u0131r.<\/p>\n\n\n\n<p><strong>23 A\u011fustos-13 Eyl\u00fcl 1921 Sakarya Meydan Sava\u015f\u0131\u2019n\u0131n sonu\u00e7lar\u0131 nelerdir?<\/strong><\/p>\n\n\n\n<p>22 g\u00fcn s\u00fcren sava\u015fla T\u00fcrk ordusunun II. Viyana bozgunundan beri devam eden geri \u00e7ekili\u015fi, taarruza d\u00f6n\u00fc\u015ft\u00fc.<\/p>\n\n\n\n<p>Yunanl\u0131lar bat\u0131ya do\u011fru \u00e7ekilmeye ba\u015flad\u0131lar, Taarruzdan savunmaya ge\u00e7tiler.<\/p>\n\n\n\n<p>Ba\u015fkomutan s\u0131fat\u0131 ile Mustafa Kemal en ileri hatlarda sava\u015fm\u0131\u015f, ordunun sava\u015f g\u00fcc\u00fcn\u00fc artt\u0131rm\u0131\u015ft\u0131r.<\/p>\n\n\n\n<p>&#8220;Hatt\u0131 m\u00fcdafaa yoktur, Sath\u0131 m\u00fcdafaa vard\u0131r&#8221; emrini veren M. Kemal vatan\u0131n topyek\u00fcn savunulmas\u0131n\u0131 istemi\u015ftir.<\/p>\n\n\n\n<p>Halk\u0131n morali ve TBMM\u2019ye olan g\u00fcveni artt\u0131.<\/p>\n\n\n\n<p>Yunanl\u0131lara itilaf devletlerinin g\u00fcveni sars\u0131ld\u0131.<\/p>\n\n\n\n<p>\u0130tilaf devletleri aras\u0131 anla\u015fmazl\u0131klar artt\u0131.<\/p>\n\n\n\n<p>Mustafa Kemal&#8217;e &#8220;Mare\u015fallik&#8221; ve &#8220;Gazilik&#8221; \u00fcnvanlar\u0131 verildi (19 Eyl\u00fcl 1921).<\/p>\n\n\n\n<p>Azerbaycan, G\u00fcrcistan ve Ermenistan ile Kars Anla\u015fmas\u0131 yap\u0131ld\u0131 (13 Ekim 1921).<\/p>\n\n\n\n<p>Fransa ile Ankara anla\u015fmas\u0131 imzaland\u0131 (20 Ekim 1921). Ankara Antla\u015fmas\u0131 ile G\u00fcney cephesi kapand\u0131.<\/p>\n\n\n\n<p>\u00c7ok say\u0131da subay \u00f6ld\u00fc\u011f\u00fc i\u00e7in bu sava\u015fa Subaylar Sava\u015f\u0131 ad\u0131 da verilmi\u015ftir.<\/p>\n\n\n\n<p>Ukrayna ile dostluk antla\u015fmas\u0131 imzaland\u0131<\/p>\n\n\n\n<p><a><strong>Sakarya Sava\u015f\u0131 sonras\u0131 imzalanan 13 Ekim 1921 Kars Antla\u015fmas\u0131 hakk\u0131nda bilgi veriniz?<\/strong><\/a><\/p>\n\n\n\n<p>Sovyet Rusya\u2019yla (Azerbaycan, G\u00fcrcistan ve Ermenistan) yap\u0131lan Kars Antla\u015fmas\u0131 (13 Ekim 1921) ile Ardahan T\u00fcrkiye&#8217;de, Batum ise G\u00fcrcistan&#8217;da kalmak \u015fart\u0131yla do\u011fu s\u0131n\u0131r\u0131m\u0131z belirlenmi\u015f oldu.<\/p>\n\n\n\n<p><strong>Sakarya Sava\u015f\u0131 sonras\u0131 imzalanan 20 Ekim 1921 Ankara Antla\u015fmas\u0131 hakk\u0131nda bilgi veriniz?<\/strong><\/p>\n\n\n\n<p>Frans\u0131zlarla Ankara Antla\u015fmas\u0131 imzalanarak Hatay hari\u00e7 g\u00fcney s\u0131n\u0131rlar\u0131m\u0131z belirlendi.<\/p>\n\n\n\n<p>B\u00f6ylelikle G\u00fcney Cephesi kapanm\u0131\u015f oldu.<\/p>\n\n\n\n<p>Burada bulunan mevcut T\u00fcrk birlikleri Bat\u0131 Cephesi&#8217;ne sevk edildi.<\/p>\n\n\n\n<p>\u0130lk kez Sevr Anla\u015fmas\u0131n\u0131 tan\u0131mayan itilaf devleti Fransa olmu\u015ftur.<\/p>\n\n\n\n<p><strong>26 A\u011fustos-9 Eyl\u00fcl 1922 B\u00fcy\u00fck Taarruz ve Ba\u015fkomutanl\u0131k Meydan Muharebeleri\u2019nin sonu\u00e7lar\u0131n\u0131 yaz\u0131n\u0131z.<\/strong><\/p>\n\n\n\n<p>Mustafa Kemal &#8220;Ordular ilk hedefiniz Akdenizdir, ileri!&#8221; emrini verdi<\/p>\n\n\n\n<p>Yunan ordusu Anadolu&#8217;dan \u00e7ekilmeye ba\u015flad\u0131.<\/p>\n\n\n\n<p>9 Eyl\u00fcl&#8217;de \u0130zmir&#8217;in kurtulu\u015fu ile, Yunanl\u0131lar Anadolu&#8217;dan at\u0131ld\u0131 (18 Eyl\u00fcl 1922).<\/p>\n\n\n\n<p>T\u00fcrk ordusu itilaf devletlerini ate\u015fkese mecbur ettiler.<\/p>\n\n\n\n<p>Bu sava\u015fta, Kocatepe, An\u0131ttepe, Dumlup\u0131nar, Asl\u0131hanlar m\u00fccadeleleri Moha\u00e7&#8217;tan sonraki en \u00f6nemli imha hareketidir.<\/p>\n\n\n\n<p>Fevzi \u00c7akmak Pa\u015fa\u2019ya B\u00fcy\u00fck Millet Meclisi taraf\u0131ndan 30 A\u011fustos zaferinden sonra mare\u015fallik r\u00fctbesi verildi.<\/p>\n\n\n\n<h3 class=\"wp-block-heading\">2.6. Mill\u00ee M\u00fccadele sonucunda kazan\u0131lan diplomatik ba\u015far\u0131lar\u0131 \u00fclkemizin ba\u011f\u0131ms\u0131zl\u0131\u011f\u0131 a\u00e7\u0131s\u0131ndan de\u011ferlendirir.<\/h3>\n\n\n\n<p><strong>Kurtulu\u015f Sava\u015f\u0131 hangi ate\u015fkes antla\u015fmas\u0131 ile son buldu?<\/strong><\/p>\n\n\n\n<p>Mudanya Ate\u015fkes Anla\u015fmas\u0131 (11 Ekim 1922)<\/p>\n\n\n\n<p><strong>Mudanya Ate\u015fkes Anla\u015fmas\u0131\u2019n\u0131 T\u00fcrk taraf\u0131 ad\u0131na kim imzalad\u0131?<\/strong><\/p>\n\n\n\n<p>\u0130smet Pa\u015fa<\/p>\n\n\n\n<p><strong>Kurtulu\u015f Sava\u015f\u0131&#8217;n\u0131 tamamen bitiren bar\u0131\u015f antla\u015fmas\u0131 hangisidir?<\/strong><\/p>\n\n\n\n<p>Lozan Antla\u015fmas\u0131 (24 Temmuz 1923)<\/p>\n\n\n\n<p><strong>Lozan Antla\u015fmas\u0131\u2019nda T\u00fcrk taraf\u0131n\u0131n ba\u015fkan\u0131 kimdi?<\/strong><\/p>\n\n\n\n<p>\u0130smet Pa\u015fa<\/p>\n\n\n\n<p><strong>Lozan Konferans\u0131\u2019na hangi \u00fclkeler kat\u0131ld\u0131?<\/strong><\/p>\n\n\n\n<p>Konferansa \u0130ngiltere, Fransa, \u0130talya, Yunanistan, Japonya, Yugoslavya ve T\u00fcrkiye temsilcileri kat\u0131lm\u0131\u015ft\u0131r.<\/p>\n\n\n\n<p>Bo\u011fazlar\u0131n stat\u00fcs\u00fc konusunda Rusya ve Bulgaristan da toplant\u0131ya d\u00e2hil olmu\u015ftur.<\/p>\n\n\n\n<p>ABD ise konferansta g\u00f6zlemci bulundurmu\u015ftur.<\/p>\n\n\n\n<p><strong>Mustafa Kemal, Lozan Konferans\u0131nda hangi taviz verilmemesini istedi?<\/strong><\/p>\n\n\n\n<p>Mustafa Kemal, konferansa gidecek olan T\u00fcrk heyetinden, Kapit\u00fclasyonlar ve Ermeni sorunu konular\u0131nda kesinlikle taviz verilmemesini istemi\u015ftir.<\/p>\n\n\n\n<p><strong>Lozan Antla\u015fmas\u0131\u2019n\u0131n (24 Temmuz 1923) \u00f6nemli maddelerini yaz\u0131n\u0131z.<\/strong><\/p>\n\n\n\n<p>T\u00fcrkiye&#8217;nin g\u00fcney s\u0131n\u0131r\u0131; Fransa&#8217;yla imzalanan Ankara Antla\u015fmas\u0131&#8217;ndaki \u015fekliyle kalacak. Misak\u0131mill\u00ee&#8217;den verilen taviz (Hatay tavizi) devam etmi\u015ftir<\/p>\n\n\n\n<p>Meri\u00e7 Nehri T\u00fcrkiye-Yunanistan s\u0131n\u0131r\u0131 say\u0131lacak. Yunanistan sava\u015f tazminat\u0131 olarak Karaa\u011fa\u00e7&#8217;\u0131 T\u00fcrkiye&#8217;ye verecek.<\/p>\n\n\n\n<p>G\u00f6k\u00e7eada ve Bozcaada d\u0131\u015f\u0131ndaki Ege adalar\u0131 Yunanistan&#8217;\u0131n olacak.<\/p>\n\n\n\n<p>On \u0130ki Ada \u0130talya&#8217;n\u0131n olacak.<\/p>\n\n\n\n<p>T\u00fcrkiye-Irak s\u0131n\u0131r\u0131 (Musul Meselesi) konusunun \u00e7\u00f6z\u00fcm\u00fc, T\u00fcrkiye ile \u0130ngiltere&#8217;nin, ileride yapacaklar\u0131 ikili g\u00f6r\u00fc\u015fmelere b\u0131rak\u0131lacak.<\/p>\n\n\n\n<p>Musul ya da Irak S\u0131n\u0131r\u0131 sorunu Lozan&#8217;da \u00e7\u00f6z\u00fclemeyen tek sorundur.<\/p>\n\n\n\n<p>Bat\u0131 Trakya&#8217;daki T\u00fcrkler ile \u0130stanbul&#8217;daki Rumlar hari\u00e7; geri kalan T\u00fcrkler ve Rumlar yer de\u011fi\u015ftirecek. Sorun tam olarak Atat\u00fcrk-Venizelos g\u00f6r\u00fc\u015fmeleri sonucunda ancak \u00e7\u00f6z\u00fclecektir (1930).<\/p>\n\n\n\n<p>Yabanc\u0131 okullar\u0131n e\u011fitim ve \u00f6\u011fretimini T\u00fcrk h\u00fck\u00fbmeti d\u00fczenleyecek.<\/p>\n\n\n\n<p>Kapit\u00fclasyonlar kald\u0131r\u0131lacak.<\/p>\n\n\n\n<p>Bo\u011fazlar; ba\u015fkan\u0131 T\u00fcrk olan uluslararas\u0131 bir komisyonca y\u00f6netilecek.<\/p>\n\n\n\n<p>Bo\u011fazlar konusunda taviz verilmi\u015f; egemenlik haklar\u0131m\u0131z zedelenmi\u015ftir.<\/p>\n\n\n\n<p>Osmanl\u0131 bor\u00e7lar\u0131, Osmanl\u0131dan ayr\u0131lan devletlere payla\u015ft\u0131r\u0131lacak. T\u00fcrkiye 1954&#8217;e kadar bor\u00e7lar\u0131n\u0131 \u00f6demeye devam etmi\u015ftir.<\/p>\n\n\n\n<p>Patrikhane \u0130stanbul&#8217;da kalacak. T\u00fcm u\u011fra\u015flara ra\u011fmen, Patrikhanenin \u0130stanbul d\u0131\u015f\u0131na \u00e7\u0131kar\u0131lmas\u0131 Avrupal\u0131lara kabul ettirilememi\u015ftir.<\/p>\n\n\n\n<h3 class=\"wp-block-heading\">2.7. Mill\u00ee M\u00fccadele s\u00fcrecine katk\u0131da bulunmu\u015f \u00f6nemli \u015fahsiyetlerin ki\u015filik \u00f6zellikleri ile faaliyetlerini ili\u015fkilendirir.<\/h3>\n\n\n\n<p>\u0130nebolu\u2019dan Ankara\u2019ya cephane g\u00f6t\u00fcren ya\u015fl\u0131 kad\u0131n ve erkeklerden biridir.<\/p>\n\n\n\n<p>Ancak k\u00f6t\u00fc hava ko\u015fullar\u0131 sebebiyle Aral\u0131k 1921\u2019de donarak hayat\u0131n\u0131 kaybetmi\u015ftir.<\/p>\n\n\n\n<p><a><strong>Yukar\u0131daki metinde s\u00f6z edilen milli m\u00fccadele kahraman\u0131m\u0131z kimdir?<\/strong><\/a><\/p>\n\n\n\n<p>\u015eerife Bac\u0131<\/p>\n\n\n\n<p>1. D\u00fcnya Sava\u015f\u0131na kat\u0131ld\u0131.<\/p>\n\n\n\n<p>Sivas Kongresi\u2019nde Mustafa Kemal ile g\u00f6r\u00fc\u015ft\u00fc.<\/p>\n\n\n\n<p>Bat\u0131 Cephesi\u2019nde Yunanl\u0131lara kar\u015f\u0131 sava\u015ft\u0131.<\/p>\n\n\n\n<p><strong>Yukar\u0131daki metinde s\u00f6z edilen milli m\u00fccadele kahraman\u0131m\u0131z kimdir?<\/strong><\/p>\n\n\n\n<p>Kara Fatma (Fatma Seher Han\u0131m)<\/p>\n\n\n\n<p>\u0130zmir\u2019in Yunanl\u0131lar taraf\u0131ndan i\u015fgali \u00fczerine k\u00f6y k\u00f6y dola\u015f\u0131p asker toplad\u0131.<\/p>\n\n\n\n<p>O\u011fullar\u0131 \u015fehit olurken kendisi de gazi oldu.<\/p>\n\n\n\n<p><strong>Yukar\u0131daki metinde s\u00f6z edilen milli m\u00fccadele kahraman\u0131m\u0131z kimdir?<\/strong><\/p>\n\n\n\n<p>Ay\u015fe Han\u0131m<\/p>\n\n\n\n<p><strong>Milli m\u00fccadele kahramanlar\u0131ndan Tayyar Rahmiye Han\u0131m nerede \u015fehit oldu?<\/strong><\/p>\n\n\n\n<p>Adana\u2019da Frans\u0131zlara kar\u015f\u0131 sava\u015f\u0131rken \u015fehit oldu.<\/p>\n\n\n\n<p>G\u00fcney Cephesi\u2019nde Antep Kuvay\u0131 Milliye komutanl\u0131\u011f\u0131 yapt\u0131.<\/p>\n\n\n\n<p>Antep savunmas\u0131nda \u015fehit oldu.<\/p>\n\n\n\n<p><strong>Yukar\u0131daki metinde s\u00f6z edilen milli m\u00fccadele kahraman\u0131m\u0131z kimdir?<\/strong><\/p>\n\n\n\n<p>\u015eahin Bey<\/p>\n\n\n\n<p>Denizli m\u00fcft\u00fcs\u00fcd\u00fcr.<\/p>\n\n\n\n<p>\u0130zmir\u2019in i\u015fgal g\u00fcn\u00fc Denizli\u2019de halka hitap etti.<\/p>\n\n\n\n<p><strong>Yukar\u0131daki metinde s\u00f6z edilen milli m\u00fccadele kahraman\u0131m\u0131z kimdir?<\/strong><\/p>\n\n\n\n<p>Ahmet Hulusi Efendi<\/p>\n\n\n\n<p><strong>Milli m\u00fccadele yanl\u0131s\u0131 fetva veren Ankara m\u00fcft\u00fcs\u00fc kimdir?<\/strong><\/p>\n\n\n\n<p>R\u0131fat (B\u00f6rek\u00e7i) Efendi<\/p>\n\n\n\n<p>\u0130zmir\u2019in \u0130\u015fgalinden sonra \u0130stanbul\u2019da d\u00fczenlenen mitinglerde halka seslendi.<\/p>\n\n\n\n<p>1. \u0130n\u00f6n\u00fc muharebesinde sava\u015ft\u0131. Onba\u015f\u0131 r\u00fctbesini ald\u0131.<\/p>\n\n\n\n<p>T\u00fcrk\u2019\u00fcn Ate\u015fle \u0130mtihan\u0131 ve Ate\u015ften G\u00f6mlek eserlerinde Milli M\u00fccadele y\u0131llar\u0131n\u0131 anlat\u0131r.<\/p>\n\n\n\n<p><strong>Yukar\u0131daki metinde s\u00f6z edilen milli m\u00fccadele kahraman\u0131m\u0131z kimdir?<\/strong><\/p>\n\n\n\n<p>Halide Edip Han\u0131m<\/p>\n\n\n\n<p>Mustafa Kemal\u2019in okul arkada\u015f\u0131d\u0131r.<\/p>\n\n\n\n<p>Ankara\u2019da 20. Kolordu komutanl\u0131\u011f\u0131na atand\u0131.<\/p>\n\n\n\n<p>Sivas Kongresi\u2019nde Bat\u0131 Anadolu Genel Kuvay\u0131 Milliye komutanl\u0131\u011f\u0131na atand\u0131.<\/p>\n\n\n\n<p><strong>Yukar\u0131daki metinde s\u00f6z edilen milli m\u00fccadele kahraman\u0131m\u0131z kimdir?<\/strong><\/p>\n\n\n\n<p>Ali Fuat (Cebesoy) Pa\u015fa<\/p>\n\n\n\n<p>Osmanl\u0131 Devletin\u2019de Genel Kurmay Ba\u015fkanl\u0131\u011f\u0131 ve Harbiye Naz\u0131rl\u0131\u011f\u0131 yapt\u0131.<\/p>\n\n\n\n<p>Sakarya Sava\u015f\u0131\u2019n\u0131 kazan\u0131lmas\u0131nda ve Ba\u015fkomutanl\u0131k Meydan Muharebesini kazan\u0131lmas\u0131nda etkili oldu.<\/p>\n\n\n\n<p>Fevzi \u00c7akmak Pa\u015fa\u2019ya B\u00fcy\u00fck Millet Meclisi taraf\u0131ndan 30 A\u011fustos zaferinden sonra mare\u015fallik r\u00fctbesi verildi.<\/p>\n\n\n\n<p><strong>Yukar\u0131daki metinde s\u00f6z edilen milli m\u00fccadele kahraman\u0131m\u0131z kimdir?<\/strong><\/p>\n\n\n\n<p>Fevzi (\u00c7akmak) Pa\u015fa<\/p>\n\n\n\n<p>Bat\u0131 cephesi komutanl\u0131\u011f\u0131 yapt\u0131.<\/p>\n\n\n\n<p>1. ve 2. \u0130n\u00f6n\u00fc muharebelerinde ordumuza komutanl\u0131k etti.<\/p>\n\n\n\n<p>Mudanya ve Lozan g\u00f6r\u00fc\u015fmelerinde \u00fclkemizi temsil etti.<\/p>\n\n\n\n<p><strong>Yukar\u0131daki metinde s\u00f6z edilen milli m\u00fccadele kahraman\u0131m\u0131z kimdir?<\/strong><\/p>\n\n\n\n<p>\u0130smet (\u0130n\u00f6n\u00fc) Pa\u015fa<\/p>\n\n\n\n<p>Erzurum 15. kolorduda g\u00f6rev yapt\u0131.<\/p>\n\n\n\n<p>Erzurum kongresinin toplanmas\u0131nda etkili oldu.<\/p>\n\n\n\n<p>B\u00fcy\u00fck Millet Meclisi taraf\u0131ndan Do\u011fu Cephesi komutanl\u0131\u011f\u0131na atand\u0131.<\/p>\n\n\n\n<p><strong>Yukar\u0131daki metinde s\u00f6z edilen milli m\u00fccadele kahraman\u0131m\u0131z kimdir?<\/strong><\/p>\n\n\n\n<p>Kaz\u0131m (Karabekir) Pa\u015fa<\/p>\n","protected":false},"excerpt":{"rendered":"<div class=\"mh-excerpt\"><p>Bu sayfam\u0131zda\u00a0g\u00fcncel m\u00fcfredata\u00a0g\u00f6re haz\u0131rlad\u0131\u011f\u0131m\u0131z\u00a012. S\u0131n\u0131f T.C. \u0130nk\u0131lap Tarihi ve Atat\u00fcrk\u00e7\u00fcl\u00fck dersi 2. \u00fcnitesi\u00a0olan\u00a0Mill\u00ee M\u00fccadele soru- cevap\u00a0\u00e7al\u0131\u015fmas\u0131n\u0131 payla\u015f\u0131yoruz.\u00a012. s\u0131n\u0131f \u0130nk\u0131lap tarih soru cevap\u00a0\u00e7al\u0131\u015fmam\u0131z sayesinde ders kitab\u0131ndaki <a class=\"mh-excerpt-more\" href=\"https:\/\/tarihkursu.com\/index.php\/2024\/11\/05\/milli-mucadele-soru-cevap\/\" title=\"Mill\u00ee M\u00fccadele Soru-Cevap\">[&#8230;]<\/a><\/p>\n<\/div>","protected":false},"author":2,"featured_media":1403,"comment_status":"open","ping_status":"open","sticky":false,"template":"","format":"standard","meta":{"_regular_price":[],"currency_symbol":[],"footnotes":""},"categories":[148],"tags":[95,147],"class_list":["post-1737","post","type-post","status-publish","format-standard","has-post-thumbnail","hentry","category-12-sinif-inkilap-tarihi-soru-cevap","tag-12-sinif-inkilap-tarihi","tag-soru-cevap"],"post_slider_layout_featured_media_urls":{"thumbnail":["https:\/\/tarihkursu.com\/wp-content\/uploads\/2024\/10\/inkilap-soru-cevap-150x150.png",150,150,true],"post_slider_layout_landscape_large":["https:\/\/tarihkursu.com\/wp-content\/uploads\/2024\/10\/inkilap-soru-cevap-1200x720.png",1200,720,true],"post_slider_layout_portrait_large":["https:\/\/tarihkursu.com\/wp-content\/uploads\/2024\/10\/inkilap-soru-cevap-1200x720.png",1200,720,true],"post_slider_layout_square_large":["https:\/\/tarihkursu.com\/wp-content\/uploads\/2024\/10\/inkilap-soru-cevap-1200x720.png",1200,720,true],"post_slider_layout_landscape":["https:\/\/tarihkursu.com\/wp-content\/uploads\/2024\/10\/inkilap-soru-cevap-600x400.png",600,400,true],"post_slider_layout_portrait":["https:\/\/tarihkursu.com\/wp-content\/uploads\/2024\/10\/inkilap-soru-cevap-600x720.png",600,720,true],"post_slider_layout_square":["https:\/\/tarihkursu.com\/wp-content\/uploads\/2024\/10\/inkilap-soru-cevap-600x600.png",600,600,true],"full":["https:\/\/tarihkursu.com\/wp-content\/uploads\/2024\/10\/inkilap-soru-cevap.png",1280,720,false]},"yoast_head":"<!-- This site is optimized with the Yoast SEO plugin v27.5 - https:\/\/yoast.com\/product\/yoast-seo-wordpress\/ -->\n<title>Mill\u00ee M\u00fccadele Soru-Cevap - tarihkursu.com<\/title>\n<meta name=\"description\" content=\"12. S\u0131n\u0131f T.C. \u0130nk\u0131lap Tarihi ve Atat\u00fcrk\u00e7\u00fcl\u00fck dersi 2. \u00fcnitesi\u00a0olan\u00a0Mill\u00ee M\u00fccadele soru- cevap\u00a0\u00e7al\u0131\u015fmas\u0131n\u0131 payla\u015f\u0131yoruz.\" \/>\n<meta name=\"robots\" content=\"index, follow, max-snippet:-1, max-image-preview:large, max-video-preview:-1\" \/>\n<link rel=\"canonical\" href=\"https:\/\/tarihkursu.com\/index.php\/2024\/11\/05\/milli-mucadele-soru-cevap\/\" \/>\n<meta property=\"og:locale\" content=\"tr_TR\" \/>\n<meta property=\"og:type\" content=\"article\" \/>\n<meta property=\"og:title\" content=\"Mill\u00ee M\u00fccadele Soru-Cevap - tarihkursu.com\" \/>\n<meta property=\"og:description\" content=\"12. S\u0131n\u0131f T.C. \u0130nk\u0131lap Tarihi ve Atat\u00fcrk\u00e7\u00fcl\u00fck dersi 2. \u00fcnitesi\u00a0olan\u00a0Mill\u00ee M\u00fccadele soru- cevap\u00a0\u00e7al\u0131\u015fmas\u0131n\u0131 payla\u015f\u0131yoruz.\" \/>\n<meta property=\"og:url\" content=\"https:\/\/tarihkursu.com\/index.php\/2024\/11\/05\/milli-mucadele-soru-cevap\/\" \/>\n<meta property=\"og:site_name\" content=\"tarihkursu.com\" \/>\n<meta property=\"article:published_time\" content=\"2024-11-05T18:30:48+00:00\" \/>\n<meta property=\"article:modified_time\" content=\"2024-11-05T18:30:51+00:00\" \/>\n<meta property=\"og:image\" content=\"https:\/\/tarihkursu.com\/wp-content\/uploads\/2024\/10\/inkilap-soru-cevap.png\" \/>\n\t<meta property=\"og:image:width\" content=\"1280\" \/>\n\t<meta property=\"og:image:height\" content=\"720\" \/>\n\t<meta property=\"og:image:type\" content=\"image\/png\" \/>\n<meta name=\"author\" content=\"tarihkursu\" \/>\n<meta name=\"twitter:card\" content=\"summary_large_image\" \/>\n<meta name=\"twitter:label1\" content=\"Yazan:\" \/>\n\t<meta name=\"twitter:data1\" content=\"tarihkursu\" \/>\n\t<meta name=\"twitter:label2\" content=\"Tahmini okuma s\u00fcresi\" \/>\n\t<meta name=\"twitter:data2\" content=\"20 dakika\" \/>\n<script type=\"application\/ld+json\" class=\"yoast-schema-graph\">{\"@context\":\"https:\\\/\\\/schema.org\",\"@graph\":[{\"@type\":\"Article\",\"@id\":\"https:\\\/\\\/tarihkursu.com\\\/index.php\\\/2024\\\/11\\\/05\\\/milli-mucadele-soru-cevap\\\/#article\",\"isPartOf\":{\"@id\":\"https:\\\/\\\/tarihkursu.com\\\/index.php\\\/2024\\\/11\\\/05\\\/milli-mucadele-soru-cevap\\\/\"},\"author\":{\"name\":\"tarihkursu\",\"@id\":\"https:\\\/\\\/tarihkursu.com\\\/#\\\/schema\\\/person\\\/d0f9105e31352dbe9f08d098ffb8c878\"},\"headline\":\"Mill\u00ee M\u00fccadele Soru-Cevap\",\"datePublished\":\"2024-11-05T18:30:48+00:00\",\"dateModified\":\"2024-11-05T18:30:51+00:00\",\"mainEntityOfPage\":{\"@id\":\"https:\\\/\\\/tarihkursu.com\\\/index.php\\\/2024\\\/11\\\/05\\\/milli-mucadele-soru-cevap\\\/\"},\"wordCount\":4442,\"commentCount\":0,\"publisher\":{\"@id\":\"https:\\\/\\\/tarihkursu.com\\\/#\\\/schema\\\/person\\\/4d7bdc3b79e9f5198455474c0f203f3c\"},\"image\":{\"@id\":\"https:\\\/\\\/tarihkursu.com\\\/index.php\\\/2024\\\/11\\\/05\\\/milli-mucadele-soru-cevap\\\/#primaryimage\"},\"thumbnailUrl\":\"https:\\\/\\\/tarihkursu.com\\\/wp-content\\\/uploads\\\/2024\\\/10\\\/inkilap-soru-cevap.png\",\"keywords\":[\"12. s\u0131n\u0131f ink\u0131lap tarihi\",\"soru-cevap\"],\"articleSection\":[\"12. S\u0131n\u0131f \u0130nk\u0131lap Tarihi SORU-CEVAP\"],\"inLanguage\":\"tr\",\"potentialAction\":[{\"@type\":\"CommentAction\",\"name\":\"Comment\",\"target\":[\"https:\\\/\\\/tarihkursu.com\\\/index.php\\\/2024\\\/11\\\/05\\\/milli-mucadele-soru-cevap\\\/#respond\"]}]},{\"@type\":\"WebPage\",\"@id\":\"https:\\\/\\\/tarihkursu.com\\\/index.php\\\/2024\\\/11\\\/05\\\/milli-mucadele-soru-cevap\\\/\",\"url\":\"https:\\\/\\\/tarihkursu.com\\\/index.php\\\/2024\\\/11\\\/05\\\/milli-mucadele-soru-cevap\\\/\",\"name\":\"Mill\u00ee M\u00fccadele Soru-Cevap - tarihkursu.com\",\"isPartOf\":{\"@id\":\"https:\\\/\\\/tarihkursu.com\\\/#website\"},\"primaryImageOfPage\":{\"@id\":\"https:\\\/\\\/tarihkursu.com\\\/index.php\\\/2024\\\/11\\\/05\\\/milli-mucadele-soru-cevap\\\/#primaryimage\"},\"image\":{\"@id\":\"https:\\\/\\\/tarihkursu.com\\\/index.php\\\/2024\\\/11\\\/05\\\/milli-mucadele-soru-cevap\\\/#primaryimage\"},\"thumbnailUrl\":\"https:\\\/\\\/tarihkursu.com\\\/wp-content\\\/uploads\\\/2024\\\/10\\\/inkilap-soru-cevap.png\",\"datePublished\":\"2024-11-05T18:30:48+00:00\",\"dateModified\":\"2024-11-05T18:30:51+00:00\",\"description\":\"12. S\u0131n\u0131f T.C. \u0130nk\u0131lap Tarihi ve Atat\u00fcrk\u00e7\u00fcl\u00fck dersi 2. \u00fcnitesi\u00a0olan\u00a0Mill\u00ee M\u00fccadele soru- cevap\u00a0\u00e7al\u0131\u015fmas\u0131n\u0131 payla\u015f\u0131yoruz.\",\"breadcrumb\":{\"@id\":\"https:\\\/\\\/tarihkursu.com\\\/index.php\\\/2024\\\/11\\\/05\\\/milli-mucadele-soru-cevap\\\/#breadcrumb\"},\"inLanguage\":\"tr\",\"potentialAction\":[{\"@type\":\"ReadAction\",\"target\":[\"https:\\\/\\\/tarihkursu.com\\\/index.php\\\/2024\\\/11\\\/05\\\/milli-mucadele-soru-cevap\\\/\"]}]},{\"@type\":\"ImageObject\",\"inLanguage\":\"tr\",\"@id\":\"https:\\\/\\\/tarihkursu.com\\\/index.php\\\/2024\\\/11\\\/05\\\/milli-mucadele-soru-cevap\\\/#primaryimage\",\"url\":\"https:\\\/\\\/tarihkursu.com\\\/wp-content\\\/uploads\\\/2024\\\/10\\\/inkilap-soru-cevap.png\",\"contentUrl\":\"https:\\\/\\\/tarihkursu.com\\\/wp-content\\\/uploads\\\/2024\\\/10\\\/inkilap-soru-cevap.png\",\"width\":1280,\"height\":720,\"caption\":\"12. s\u0131n\u0131f ink\u0131lap tarihi\"},{\"@type\":\"BreadcrumbList\",\"@id\":\"https:\\\/\\\/tarihkursu.com\\\/index.php\\\/2024\\\/11\\\/05\\\/milli-mucadele-soru-cevap\\\/#breadcrumb\",\"itemListElement\":[{\"@type\":\"ListItem\",\"position\":1,\"name\":\"Anasayfa\",\"item\":\"https:\\\/\\\/tarihkursu.com\\\/\"},{\"@type\":\"ListItem\",\"position\":2,\"name\":\"Mill\u00ee M\u00fccadele Soru-Cevap\"}]},{\"@type\":\"WebSite\",\"@id\":\"https:\\\/\\\/tarihkursu.com\\\/#website\",\"url\":\"https:\\\/\\\/tarihkursu.com\\\/\",\"name\":\"Tarih Kursu\",\"description\":\"\u0130\u015fimiz G\u00fcc\u00fcm\u00fcz Tarih\",\"publisher\":{\"@id\":\"https:\\\/\\\/tarihkursu.com\\\/#\\\/schema\\\/person\\\/4d7bdc3b79e9f5198455474c0f203f3c\"},\"potentialAction\":[{\"@type\":\"SearchAction\",\"target\":{\"@type\":\"EntryPoint\",\"urlTemplate\":\"https:\\\/\\\/tarihkursu.com\\\/?s={search_term_string}\"},\"query-input\":{\"@type\":\"PropertyValueSpecification\",\"valueRequired\":true,\"valueName\":\"search_term_string\"}}],\"inLanguage\":\"tr\"},{\"@type\":[\"Person\",\"Organization\"],\"@id\":\"https:\\\/\\\/tarihkursu.com\\\/#\\\/schema\\\/person\\\/4d7bdc3b79e9f5198455474c0f203f3c\",\"name\":\"admin\",\"image\":{\"@type\":\"ImageObject\",\"inLanguage\":\"tr\",\"@id\":\"https:\\\/\\\/tarihkursu.com\\\/wp-content\\\/uploads\\\/2024\\\/10\\\/TARIHKURSU-Kopyasi.png\",\"url\":\"https:\\\/\\\/tarihkursu.com\\\/wp-content\\\/uploads\\\/2024\\\/10\\\/TARIHKURSU-Kopyasi.png\",\"contentUrl\":\"https:\\\/\\\/tarihkursu.com\\\/wp-content\\\/uploads\\\/2024\\\/10\\\/TARIHKURSU-Kopyasi.png\",\"width\":1080,\"height\":1080,\"caption\":\"admin\"},\"logo\":{\"@id\":\"https:\\\/\\\/tarihkursu.com\\\/wp-content\\\/uploads\\\/2024\\\/10\\\/TARIHKURSU-Kopyasi.png\"},\"sameAs\":[\"https:\\\/\\\/tarihkursu.com\"]},{\"@type\":\"Person\",\"@id\":\"https:\\\/\\\/tarihkursu.com\\\/#\\\/schema\\\/person\\\/d0f9105e31352dbe9f08d098ffb8c878\",\"name\":\"tarihkursu\",\"image\":{\"@type\":\"ImageObject\",\"inLanguage\":\"tr\",\"@id\":\"https:\\\/\\\/secure.gravatar.com\\\/avatar\\\/1354763acbc865faa7650c3e1e4431f187276d71f132349411302a546cdeae54?s=96&d=mm&r=g\",\"url\":\"https:\\\/\\\/secure.gravatar.com\\\/avatar\\\/1354763acbc865faa7650c3e1e4431f187276d71f132349411302a546cdeae54?s=96&d=mm&r=g\",\"contentUrl\":\"https:\\\/\\\/secure.gravatar.com\\\/avatar\\\/1354763acbc865faa7650c3e1e4431f187276d71f132349411302a546cdeae54?s=96&d=mm&r=g\",\"caption\":\"tarihkursu\"},\"url\":\"https:\\\/\\\/tarihkursu.com\\\/index.php\\\/author\\\/tarihkursu\\\/\"}]}<\/script>\n<!-- \/ Yoast SEO plugin. -->","yoast_head_json":{"title":"Mill\u00ee M\u00fccadele Soru-Cevap - tarihkursu.com","description":"12. S\u0131n\u0131f T.C. \u0130nk\u0131lap Tarihi ve Atat\u00fcrk\u00e7\u00fcl\u00fck dersi 2. \u00fcnitesi\u00a0olan\u00a0Mill\u00ee M\u00fccadele soru- cevap\u00a0\u00e7al\u0131\u015fmas\u0131n\u0131 payla\u015f\u0131yoruz.","robots":{"index":"index","follow":"follow","max-snippet":"max-snippet:-1","max-image-preview":"max-image-preview:large","max-video-preview":"max-video-preview:-1"},"canonical":"https:\/\/tarihkursu.com\/index.php\/2024\/11\/05\/milli-mucadele-soru-cevap\/","og_locale":"tr_TR","og_type":"article","og_title":"Mill\u00ee M\u00fccadele Soru-Cevap - tarihkursu.com","og_description":"12. S\u0131n\u0131f T.C. \u0130nk\u0131lap Tarihi ve Atat\u00fcrk\u00e7\u00fcl\u00fck dersi 2. \u00fcnitesi\u00a0olan\u00a0Mill\u00ee M\u00fccadele soru- cevap\u00a0\u00e7al\u0131\u015fmas\u0131n\u0131 payla\u015f\u0131yoruz.","og_url":"https:\/\/tarihkursu.com\/index.php\/2024\/11\/05\/milli-mucadele-soru-cevap\/","og_site_name":"tarihkursu.com","article_published_time":"2024-11-05T18:30:48+00:00","article_modified_time":"2024-11-05T18:30:51+00:00","og_image":[{"width":1280,"height":720,"url":"https:\/\/tarihkursu.com\/wp-content\/uploads\/2024\/10\/inkilap-soru-cevap.png","type":"image\/png"}],"author":"tarihkursu","twitter_card":"summary_large_image","twitter_misc":{"Yazan:":"tarihkursu","Tahmini okuma s\u00fcresi":"20 dakika"},"schema":{"@context":"https:\/\/schema.org","@graph":[{"@type":"Article","@id":"https:\/\/tarihkursu.com\/index.php\/2024\/11\/05\/milli-mucadele-soru-cevap\/#article","isPartOf":{"@id":"https:\/\/tarihkursu.com\/index.php\/2024\/11\/05\/milli-mucadele-soru-cevap\/"},"author":{"name":"tarihkursu","@id":"https:\/\/tarihkursu.com\/#\/schema\/person\/d0f9105e31352dbe9f08d098ffb8c878"},"headline":"Mill\u00ee M\u00fccadele Soru-Cevap","datePublished":"2024-11-05T18:30:48+00:00","dateModified":"2024-11-05T18:30:51+00:00","mainEntityOfPage":{"@id":"https:\/\/tarihkursu.com\/index.php\/2024\/11\/05\/milli-mucadele-soru-cevap\/"},"wordCount":4442,"commentCount":0,"publisher":{"@id":"https:\/\/tarihkursu.com\/#\/schema\/person\/4d7bdc3b79e9f5198455474c0f203f3c"},"image":{"@id":"https:\/\/tarihkursu.com\/index.php\/2024\/11\/05\/milli-mucadele-soru-cevap\/#primaryimage"},"thumbnailUrl":"https:\/\/tarihkursu.com\/wp-content\/uploads\/2024\/10\/inkilap-soru-cevap.png","keywords":["12. s\u0131n\u0131f ink\u0131lap tarihi","soru-cevap"],"articleSection":["12. S\u0131n\u0131f \u0130nk\u0131lap Tarihi SORU-CEVAP"],"inLanguage":"tr","potentialAction":[{"@type":"CommentAction","name":"Comment","target":["https:\/\/tarihkursu.com\/index.php\/2024\/11\/05\/milli-mucadele-soru-cevap\/#respond"]}]},{"@type":"WebPage","@id":"https:\/\/tarihkursu.com\/index.php\/2024\/11\/05\/milli-mucadele-soru-cevap\/","url":"https:\/\/tarihkursu.com\/index.php\/2024\/11\/05\/milli-mucadele-soru-cevap\/","name":"Mill\u00ee M\u00fccadele Soru-Cevap - tarihkursu.com","isPartOf":{"@id":"https:\/\/tarihkursu.com\/#website"},"primaryImageOfPage":{"@id":"https:\/\/tarihkursu.com\/index.php\/2024\/11\/05\/milli-mucadele-soru-cevap\/#primaryimage"},"image":{"@id":"https:\/\/tarihkursu.com\/index.php\/2024\/11\/05\/milli-mucadele-soru-cevap\/#primaryimage"},"thumbnailUrl":"https:\/\/tarihkursu.com\/wp-content\/uploads\/2024\/10\/inkilap-soru-cevap.png","datePublished":"2024-11-05T18:30:48+00:00","dateModified":"2024-11-05T18:30:51+00:00","description":"12. S\u0131n\u0131f T.C. \u0130nk\u0131lap Tarihi ve Atat\u00fcrk\u00e7\u00fcl\u00fck dersi 2. \u00fcnitesi\u00a0olan\u00a0Mill\u00ee M\u00fccadele soru- cevap\u00a0\u00e7al\u0131\u015fmas\u0131n\u0131 payla\u015f\u0131yoruz.","breadcrumb":{"@id":"https:\/\/tarihkursu.com\/index.php\/2024\/11\/05\/milli-mucadele-soru-cevap\/#breadcrumb"},"inLanguage":"tr","potentialAction":[{"@type":"ReadAction","target":["https:\/\/tarihkursu.com\/index.php\/2024\/11\/05\/milli-mucadele-soru-cevap\/"]}]},{"@type":"ImageObject","inLanguage":"tr","@id":"https:\/\/tarihkursu.com\/index.php\/2024\/11\/05\/milli-mucadele-soru-cevap\/#primaryimage","url":"https:\/\/tarihkursu.com\/wp-content\/uploads\/2024\/10\/inkilap-soru-cevap.png","contentUrl":"https:\/\/tarihkursu.com\/wp-content\/uploads\/2024\/10\/inkilap-soru-cevap.png","width":1280,"height":720,"caption":"12. s\u0131n\u0131f ink\u0131lap tarihi"},{"@type":"BreadcrumbList","@id":"https:\/\/tarihkursu.com\/index.php\/2024\/11\/05\/milli-mucadele-soru-cevap\/#breadcrumb","itemListElement":[{"@type":"ListItem","position":1,"name":"Anasayfa","item":"https:\/\/tarihkursu.com\/"},{"@type":"ListItem","position":2,"name":"Mill\u00ee M\u00fccadele Soru-Cevap"}]},{"@type":"WebSite","@id":"https:\/\/tarihkursu.com\/#website","url":"https:\/\/tarihkursu.com\/","name":"Tarih Kursu","description":"\u0130\u015fimiz G\u00fcc\u00fcm\u00fcz Tarih","publisher":{"@id":"https:\/\/tarihkursu.com\/#\/schema\/person\/4d7bdc3b79e9f5198455474c0f203f3c"},"potentialAction":[{"@type":"SearchAction","target":{"@type":"EntryPoint","urlTemplate":"https:\/\/tarihkursu.com\/?s={search_term_string}"},"query-input":{"@type":"PropertyValueSpecification","valueRequired":true,"valueName":"search_term_string"}}],"inLanguage":"tr"},{"@type":["Person","Organization"],"@id":"https:\/\/tarihkursu.com\/#\/schema\/person\/4d7bdc3b79e9f5198455474c0f203f3c","name":"admin","image":{"@type":"ImageObject","inLanguage":"tr","@id":"https:\/\/tarihkursu.com\/wp-content\/uploads\/2024\/10\/TARIHKURSU-Kopyasi.png","url":"https:\/\/tarihkursu.com\/wp-content\/uploads\/2024\/10\/TARIHKURSU-Kopyasi.png","contentUrl":"https:\/\/tarihkursu.com\/wp-content\/uploads\/2024\/10\/TARIHKURSU-Kopyasi.png","width":1080,"height":1080,"caption":"admin"},"logo":{"@id":"https:\/\/tarihkursu.com\/wp-content\/uploads\/2024\/10\/TARIHKURSU-Kopyasi.png"},"sameAs":["https:\/\/tarihkursu.com"]},{"@type":"Person","@id":"https:\/\/tarihkursu.com\/#\/schema\/person\/d0f9105e31352dbe9f08d098ffb8c878","name":"tarihkursu","image":{"@type":"ImageObject","inLanguage":"tr","@id":"https:\/\/secure.gravatar.com\/avatar\/1354763acbc865faa7650c3e1e4431f187276d71f132349411302a546cdeae54?s=96&d=mm&r=g","url":"https:\/\/secure.gravatar.com\/avatar\/1354763acbc865faa7650c3e1e4431f187276d71f132349411302a546cdeae54?s=96&d=mm&r=g","contentUrl":"https:\/\/secure.gravatar.com\/avatar\/1354763acbc865faa7650c3e1e4431f187276d71f132349411302a546cdeae54?s=96&d=mm&r=g","caption":"tarihkursu"},"url":"https:\/\/tarihkursu.com\/index.php\/author\/tarihkursu\/"}]}},"_links":{"self":[{"href":"https:\/\/tarihkursu.com\/index.php\/wp-json\/wp\/v2\/posts\/1737","targetHints":{"allow":["GET"]}}],"collection":[{"href":"https:\/\/tarihkursu.com\/index.php\/wp-json\/wp\/v2\/posts"}],"about":[{"href":"https:\/\/tarihkursu.com\/index.php\/wp-json\/wp\/v2\/types\/post"}],"author":[{"embeddable":true,"href":"https:\/\/tarihkursu.com\/index.php\/wp-json\/wp\/v2\/users\/2"}],"replies":[{"embeddable":true,"href":"https:\/\/tarihkursu.com\/index.php\/wp-json\/wp\/v2\/comments?post=1737"}],"version-history":[{"count":1,"href":"https:\/\/tarihkursu.com\/index.php\/wp-json\/wp\/v2\/posts\/1737\/revisions"}],"predecessor-version":[{"id":1738,"href":"https:\/\/tarihkursu.com\/index.php\/wp-json\/wp\/v2\/posts\/1737\/revisions\/1738"}],"wp:featuredmedia":[{"embeddable":true,"href":"https:\/\/tarihkursu.com\/index.php\/wp-json\/wp\/v2\/media\/1403"}],"wp:attachment":[{"href":"https:\/\/tarihkursu.com\/index.php\/wp-json\/wp\/v2\/media?parent=1737"}],"wp:term":[{"taxonomy":"category","embeddable":true,"href":"https:\/\/tarihkursu.com\/index.php\/wp-json\/wp\/v2\/categories?post=1737"},{"taxonomy":"post_tag","embeddable":true,"href":"https:\/\/tarihkursu.com\/index.php\/wp-json\/wp\/v2\/tags?post=1737"}],"curies":[{"name":"wp","href":"https:\/\/api.w.org\/{rel}","templated":true}]}}