{"id":1915,"date":"2024-11-14T21:46:26","date_gmt":"2024-11-14T18:46:26","guid":{"rendered":"https:\/\/tarihkursu.com\/?p=1915"},"modified":"2024-11-14T21:46:29","modified_gmt":"2024-11-14T18:46:29","slug":"sultan-ve-osmanli-merkez-teskilati-soru-cevap","status":"publish","type":"post","link":"https:\/\/tarihkursu.com\/index.php\/2024\/11\/14\/sultan-ve-osmanli-merkez-teskilati-soru-cevap\/","title":{"rendered":"Sultan ve Osmanl\u0131 Merkez Te\u015fkilat\u0131 Soru-Cevap"},"content":{"rendered":"\n<p>Bu yaz\u0131m\u0131zda\u00a0<strong>g\u00fcncel m\u00fcfredata<\/strong>\u00a0g\u00f6re haz\u0131rlad\u0131\u011f\u0131m\u0131z\u00a0<strong>10. s\u0131n\u0131f tarih dersi 6. \u00fcnitesi<\/strong>\u00a0olan\u00a0<strong>Sultan ve Osmanl\u0131 Merkez Te\u015fkilat\u0131 soru- cevap<\/strong>\u00a0\u00e7al\u0131\u015fmas\u0131n\u0131 payla\u015f\u0131yoruz.\u00a0<strong>10. s\u0131n\u0131f tarih soru cevap<\/strong>\u00a0\u00e7al\u0131\u015fmam\u0131z sayesinde ders kitab\u0131ndaki \u00e7al\u0131\u015fma sorular\u0131n\u0131 rahatl\u0131kla \u00e7\u00f6zeceksiniz.<strong>\u00a010. s\u0131n\u0131f tarih yaz\u0131l\u0131ya haz\u0131rl\u0131k\u00a0<\/strong>\u00e7al\u0131\u015fmam\u0131zdaki sorular sizleri\u00a0<strong>10. s\u0131n\u0131f tarih yaz\u0131l\u0131s\u0131na<\/strong>\u00a0haz\u0131rlayacak.\u00a0<strong>Tarih dersi 10. s\u0131n\u0131f sorular<\/strong>\u0131m\u0131z\u0131 \u00e7\u00f6zerek<strong>\u00a0tyt tarih\u00a0<\/strong>ve\u00a0<strong>ayt tarih\u00a0<\/strong>s\u0131navlar\u0131nda ba\u015far\u0131l\u0131 olacaks\u0131n\u0131z.\u00a0<strong>Yeni tarih 10 ders kitab\u0131na\u00a0<\/strong>\u00a0uygun olarak haz\u0131rlad\u0131\u011f\u0131m\u0131z<strong>\u00a010. s\u0131n\u0131f tarih sorular\u0131<\/strong>\u00a0a\u015fa\u011f\u0131daki konular\u0131 kapsamaktad\u0131r.<\/p>\n\n\n\n<h2 class=\"wp-block-heading\">10. S\u0131n\u0131f Tarih Dersi 6. \u00dcnite: Sultan ve Osmanl\u0131 Merkez Te\u015fkilat\u0131<\/h2>\n\n\n\n<p><strong>10.6.1. Topkap\u0131 Saray\u0131\u2019n\u0131n devlet idaresinin yan\u0131 s\u0131ra devlet adam\u0131 yeti\u015ftirilmesinde ve \u015fehir k\u00fclt\u00fcr\u00fcn\u00fcn geli\u015fmesindeki rollerini analiz eder.<\/strong><\/p>\n\n\n\n<p><strong>Topkap\u0131 Saray\u0131 (Saray-\u0131 Cedid, Yeni Saray) hangi padi\u015fah d\u00f6neminde in\u015fa edildi?<\/strong><\/p>\n\n\n\n<p>Fatih Sultan Mehmet<\/p>\n\n\n\n<p><strong>Topkap\u0131 Saray\u0131 hangi b\u00f6l\u00fcmlerden olu\u015furdu?<\/strong><\/p>\n\n\n\n<p>Topkap\u0131 Saray\u0131; padi\u015fah\u0131n hizmetk\u00e2rlar\u0131n\u0131n bulundu\u011fu enderun (i\u00e7 saray), birun (d\u0131\u015f saray) ile padi\u015fah\u0131n \u00f6zel hayat\u0131n\u0131 ge\u00e7irdi\u011fi harem olmak \u00fczere \u00fc\u00e7 b\u00f6l\u00fcmden olu\u015fuyordu.<\/p>\n\n\n\n<p><strong>Enderun\u2019un (\u0130\u00e7 Saray) Osmanl\u0131 Devleti\u2019ndeki i\u015flevi hakk\u0131nda bilgi veriniz.<\/strong><\/p>\n\n\n\n<p>Enderun devlet adamlar\u0131n\u0131n yeti\u015ftirildi\u011fi okul konumundayd\u0131.<\/p>\n\n\n\n<p>Enderun Mektebine, dev\u015firme sistemi ile sava\u015flarda esir al\u0131nan 8-10 ya\u015f aras\u0131ndaki \u00e7ocuklar aras\u0131ndan boylu-poslu, ahlakl\u0131 ve zeki olanlar al\u0131n\u0131rd\u0131.<\/p>\n\n\n\n<p>Bunlar Edirne Saray\u0131, Galata Saray\u0131, \u0130brahim Pa\u015fa Saray\u0131 gibi saraylarda e\u011fitim al\u0131r, T\u00fcrk \u0130slam \u00e2det ve geleneklerine g\u00f6re yeti\u015ftirilirdi. Ald\u0131klar\u0131 e\u011fitim sonras\u0131nda yetenekli \u00f6\u011frenciler tespit edilerek saray \u00fcniversitesi niteli\u011finde olan Enderuna al\u0131n\u0131rlard\u0131.<\/p>\n\n\n\n<p>Enderun\u2019da din\u00ee, ilm\u00ee ve siyasi e\u011fitim yan\u0131nda saray protokollerini \u00f6\u011frenir, daha sonra devlet kademelerinde g\u00f6rev al\u0131rlard\u0131.<\/p>\n\n\n\n<p><strong>Enderun\u2019da hangi g\u00f6revliler bulunurdu?<\/strong><\/p>\n\n\n\n<p>Has odaba\u015f\u0131: Has Oda\u2019n\u0131n amiridir.<\/p>\n\n\n\n<p>Silahdar a\u011fa: Padi\u015fah\u0131n silahlar\u0131ndan sorumlu olan ki\u015fidir.<\/p>\n\n\n\n<p>\u00c7uhadar a\u011fa: Padi\u015fah\u0131n kaftan ve k\u00fcrklerine bakan g\u00f6revlidir.<\/p>\n\n\n\n<p>Rikabdar: Padi\u015fah\u0131n \u00e7izme ve ayakkab\u0131lar\u0131ndan sorumlu ki\u015fidir.<\/p>\n\n\n\n<p>T\u00fclbent a\u011fas\u0131: Padi\u015fah\u0131n sar\u0131klar\u0131n\u0131 ve \u00e7ama\u015f\u0131rlar\u0131n\u0131 muhafaza eden ki\u015fidir.<\/p>\n\n\n\n<p>Kap\u0131 a\u011fas\u0131: Saray\u0131n genel sorumlusu ve sarayda padi\u015fah\u0131n mutlak vekilidir.<\/p>\n\n\n\n<p>Ak a\u011falar: Bab\u00fcssade Kap\u0131s\u0131\u2019n\u0131 muhafaza ederler.<\/p>\n\n\n\n<p><strong>Topkap\u0131 Saray\u0131\u2019nda d\u0131\u015f anlam\u0131na gelen Birun\u2019da hangi g\u00f6revliler bulunurdu?<\/strong><\/p>\n\n\n\n<p>Osmanl\u0131 saray\u0131 ve padi\u015fah\u0131n d\u0131\u015f hizmetine bakan ve sarayda kalma mecburiyetinde olmayan; padi\u015fah hocas\u0131, hekimba\u015f\u0131, g\u00f6z hekimi, h\u00fcnk\u00e2r imam\u0131 gibi ulem\u00e2 s\u0131n\u0131f\u0131ndan olanlarla \u015fehremini, darphane ve arpa eminleri gibi sivil g\u00f6revlilere \u201cBirun halk\u0131\u201d veya \u201cD\u0131\u015f halk\u0131\u201d denirdi.<\/p>\n\n\n\n<p>Bunlar\u0131n d\u0131\u015f\u0131nda Topkap\u0131 Saray\u0131\u2019nda, Enderun d\u0131\u015f\u0131nda kalan emir-i \u00e2lem, kap\u0131c\u0131lar keth\u00fcdas\u0131, \u00e7avu\u015fba\u015f\u0131, mir-i ahur, bostanc\u0131 ve bunlar\u0131n emrindekiler birun g\u00f6revlilerini olu\u015ftururlard\u0131.<\/p>\n\n\n\n<p><strong>Topkap\u0131 saray\u0131nda cariyeler nas\u0131l bir e\u011fitim al\u0131rd\u0131?<\/strong><\/p>\n\n\n\n<p>Dev\u015firme sistemi ile hareme al\u0131nan cariyeler, kalfalar\u0131n s\u0131k\u0131 disiplini alt\u0131nda M\u00fcsl\u00fcman adap ve terbiyesiyle yeti\u015ftirilir; okuma-yazma, din\u00ee bilgiler, diki\u015f nak\u0131\u015f, yeteneklerine g\u00f6re musiki, sofra hizmetleri derslerini \u00f6\u011frenirlerdi.<\/p>\n\n\n\n<p>Bu y\u00f6n\u00fcyle harem ayn\u0131 zamanda saray okulu niteli\u011findeydi.<\/p>\n\n\n\n<p>Haremden sorumlu en yetkili ki\u015fiye harem a\u011fas\u0131 denirdi.<\/p>\n\n\n\n<p><strong>Div\u00e2n\u0131h\u00fcm\u00e2yun nedir?<\/strong><\/p>\n\n\n\n<p>Padi\u015fah\u0131n ba\u015fkanl\u0131\u011f\u0131nda birinci derecede devlet i\u015flerini g\u00f6r\u00fc\u015fmek \u00fczere toplan\u0131lan div\u00e2na \u201cDiv\u00e2n\u0131h\u00fcm\u00e2yun\u201d ad\u0131 verilirdi.<\/p>\n\n\n\n<p><strong>Div\u00e2n\u0131h\u00fcm\u00e2yun hangi padi\u015fah d\u00f6neminde kuruldu?<\/strong><\/p>\n\n\n\n<p>Orhan Bey D\u00f6nemi<\/p>\n\n\n\n<p><strong>Fatih Sultan Mehmet d\u00f6neminde Div\u00e2n\u0131h\u00fcm\u00e2yun\u2019da nas\u0131l bir de\u011fi\u015fikli\u011fe gidildi?<\/strong><\/p>\n\n\n\n<p>Fatih\u2019e kadar div\u00e2na h\u00fck\u00fcmdarlar, Fatih\u2019ten sonra vezir-i \u00e2zamlar ba\u015fkanl\u0131k etti.<\/p>\n\n\n\n<p><strong>Div\u00e2n\u0131h\u00fcm\u00e2yun\u2019da yer alan g\u00f6revlileri ve hangi s\u0131n\u0131fta yer ald\u0131klar\u0131n\u0131 yaz\u0131n\u0131z.<\/strong><\/p>\n\n\n\n<p>Seyfiye (Y\u00f6netici-asker): Vezir-i Azam (Sadrazam), Kubbealt\u0131 Vezirleri<\/p>\n\n\n\n<p>\u0130lmiye (Din ve ilim): Kazasker, \u015eeyh\u00fclislam<\/p>\n\n\n\n<p>Kalemiye (Maliye, yaz\u0131\u015fma): Defterdar, Ni\u015fanc\u0131, Reis\u00fclk\u00fcttab<\/p>\n\n\n\n<p><strong>Vezir-i \u00e2zam\u2019\u0131n (Sadrazam) g\u00f6revleri nelerdir?<\/strong><\/p>\n\n\n\n<p>Padi\u015fah\u0131n mutlak vekili idi. Bundan dolay\u0131 padi\u015fah\u0131n m\u00fchr\u00fcn\u00fc de ta\u015f\u0131rd\u0131.<\/p>\n\n\n\n<p>Her t\u00fcrl\u00fc h\u00fck\u00fcmet i\u015flemlerini padi\u015fah ad\u0131na onaylayarak resmile\u015ftirir idi.<\/p>\n\n\n\n<p>Fatih D\u00f6nemi\u2019nden itibaren Div\u00e2n toplant\u0131lar\u0131na ba\u015fkanl\u0131k eden vezir-i \u00e2zam, m\u00fclki ve asker\u00ee b\u00fcy\u00fck makamlara atamalarda bulunurdu.<\/p>\n\n\n\n<p>Padi\u015fah sefere kat\u0131lmad\u0131\u011f\u0131 takdirde \u201cSerdar-\u0131 Ekrem\u201d unvan\u0131yla ordunun ba\u015f\u0131nda sefere \u00e7\u0131kard\u0131.<\/p>\n\n\n\n<p>Ayr\u0131ca ba\u015fkentteki d\u00fczen ve y\u00f6netimden de sorumluydu.<\/p>\n\n\n\n<p><strong>Kazasker\u2019in <a>g\u00f6revleri nelerdir?<\/a><\/strong><\/p>\n\n\n\n<p>Adalet i\u015flerinden sorumludur.<\/p>\n\n\n\n<p>Medrese i\u015flerine bakar, kad\u0131 ve m\u00fcderrislerin atamalar\u0131n\u0131 yapard\u0131.<\/p>\n\n\n\n<p>Ta\u015frada kad\u0131lar\u0131n \u00e7\u00f6zemedi\u011fi davalar\u0131 \u00e7\u00f6zmeye \u00e7al\u0131\u015f\u0131rd\u0131.<\/p>\n\n\n\n<p><strong>Defterdar\u2019\u0131n g\u00f6revleri nelerdir?<\/strong><\/p>\n\n\n\n<p>Mali alandaki t\u00fcm i\u015flemlerden sorumlu idi.<\/p>\n\n\n\n<p>Div\u00e2nda iki defterdar bulunurdu.<\/p>\n\n\n\n<p>Rumeli defterdar\u0131 ba\u015f defterdar olarak Anadolu defterdar\u0131ndan daha geni\u015f yetkilere sahipti.<\/p>\n\n\n\n<p>Ba\u015f defterdar yat\u0131r\u0131m, para bas\u0131m\u0131 ile ilgili giri\u015fimleri ve haz\u0131rlad\u0131\u011f\u0131 b\u00fct\u00e7eyi \u00f6nce sadrazama sunar, padi\u015fah onay\u0131 ile de uygulamaya koyard\u0131.<\/p>\n\n\n\n<p><strong>Ni\u015fanc\u0131\u2019n\u0131n g\u00f6revleri nelerdir?<\/strong><\/p>\n\n\n\n<p>Div\u00e2nda, padi\u015fah ad\u0131na al\u0131nan her t\u00fcrl\u00fc ferman ve berata padi\u015fah\u0131n tu\u011fras\u0131n\u0131 \u00e7ekerdi.<\/p>\n\n\n\n<p>Fethedilen b\u00f6lgelerdeki arazileri tapu tahrir defterlerine kaydederdi.<\/p>\n\n\n\n<p>Tevki\u00ee ya da Tu\u011fra\u00ee olarak da bilinirdi.<\/p>\n\n\n\n<p>Kanuni D\u00f6nemi\u2019nden itibaren, t\u0131marlar\u0131n sisteminin d\u00fczenlenmesi ve da\u011f\u0131t\u0131lmas\u0131 g\u00f6revi de ni\u015fanc\u0131ya verildi.<\/p>\n\n\n\n<p><strong>\u015eeyh\u00fclislam\u2019\u0131n g\u00f6revleri nelerdir?<\/strong><\/p>\n\n\n\n<p>Div\u00e2n\u0131n asli \u00fcyesi olmayan \u015feyh\u00fclislam, gerekli g\u00f6r\u00fclen konularda Div\u00e2na \u00e7a\u011fr\u0131l\u0131r ve fikri al\u0131n\u0131rd\u0131.&nbsp;&nbsp;&nbsp;&nbsp;&nbsp;&nbsp;&nbsp;<\/p>\n\n\n\n<p>\u0130lmiye s\u0131n\u0131f\u0131n\u0131n ba\u015f\u0131&nbsp;&nbsp;&nbsp;&nbsp;&nbsp; olarak&nbsp;&nbsp;&nbsp;&nbsp;&nbsp;&nbsp;&nbsp;&nbsp; en y\u00fcksek din g\u00f6revlisi konumundayd\u0131.&nbsp;&nbsp;<\/p>\n\n\n\n<p>Div\u00e2nda al\u0131nan kararlar\u0131n \u015feri hukuka uygun olup olmad\u0131\u011f\u0131 y\u00f6n\u00fcnde karar verirdi.<\/p>\n\n\n\n<p>\u015eeyh\u00fclislam\u0131n bu karar\u0131na da fetva denirdi.<\/p>\n\n\n\n<p><strong>Reis\u00fclk\u00fcttap\u2019\u0131n g\u00f6revleri nelerdir?<\/strong><\/p>\n\n\n\n<p>Div\u00e2n-\u0131 H\u00fcm\u00e2yun\u2019un asli \u00fcyesi olmayan reis\u00fclk\u00fcttaplar, Div\u00e2n k\u00e2tiplerinin ve kalemlerinin \u015fefi konumundayd\u0131lar.&nbsp;&nbsp;&nbsp;<\/p>\n\n\n\n<p>XVII. y\u00fczy\u0131l sonlar\u0131na kadar ni\u015fanc\u0131ya tabi&nbsp;&nbsp;&nbsp;&nbsp;&nbsp;&nbsp; olarak&nbsp;&nbsp;&nbsp;&nbsp;&nbsp;&nbsp;&nbsp;&nbsp; g\u00f6rev yapt\u0131lar.&nbsp;&nbsp;&nbsp;&nbsp;&nbsp;<\/p>\n\n\n\n<p>Reis\u00fclk\u00fcttaplar\u0131n g\u00f6revleri,<\/p>\n\n\n\n<p>Div\u00e2nda kabul edilen fermanlara uygun olarak emirleri yazmak,&nbsp;&nbsp;&nbsp;&nbsp;&nbsp;&nbsp;&nbsp;&nbsp;&nbsp;<\/p>\n\n\n\n<p>Padi\u015fah ve vezir-i \u00e2zama gelen mektuplar\u0131 terc\u00fcme ettirerek bunlara cevaplar haz\u0131rlamakt\u0131.<\/p>\n\n\n\n<p><strong>Kaptan\u0131derya\u2019n\u0131n g\u00f6revleri nelerdir?<\/strong><\/p>\n\n\n\n<p>Kanuni Sultan S\u00fcleyman D\u00f6nemi\u2019nden itibaren kaptan\u0131derya da Div\u00e2n\u0131n as\u0131l \u00fcyesi olmu\u015ftur.<\/p>\n\n\n\n<p>Denizcilik i\u015flerinden sorumlu en b\u00fcy\u00fck komutan s\u0131fat\u0131ndayd\u0131.<\/p>\n\n\n\n<p>Tersaneye ait i\u015flere bakar, donanma ile ilgili \u00e7al\u0131\u015fmalar\u0131 y\u00fcr\u00fct\u00fcrd\u00fc.<\/p>\n\n\n\n<p><strong>Yeni\u00e7eri A\u011fas\u0131\u2019n\u0131n g\u00f6revleri nelerdir?<\/strong><\/p>\n\n\n\n<p>Asker\u00ee konularda gerek g\u00f6r\u00fcld\u00fc\u011f\u00fc zaman Div\u00e2na \u00e7a\u011fr\u0131l\u0131rd\u0131.<\/p>\n\n\n\n<p>Kap\u0131kulu askerlerinin her t\u00fcrl\u00fc sorununu Div\u00e2na iletirdi.<\/p>\n\n\n\n<p>Ayn\u0131 zamanda ba\u015fkent \u0130stanbul\u2019un da g\u00fcvenli\u011finden sorumluydu.<\/p>\n\n\n\n<p><strong>10.6.2. Osmanl\u0131 Devleti\u2019nde merkez\u00ee otoriteyi g\u00fc\u00e7lendirmeye y\u00f6nelik d\u00fczenlemeleri analiz eder.<\/strong><\/p>\n\n\n\n<p><strong>Osmanl\u0131 Devleti\u2019nde merkezi yap\u0131y\u0131 g\u00fc\u00e7lendirmek I. Murad d\u00f6neminde hakimiyet anlay\u0131\u015f\u0131nda ne gibi de\u011fi\u015fikli\u011fe gidildi?<\/strong><\/p>\n\n\n\n<p>Osmanl\u0131 Devleti\u2019nin ilk d\u00f6nemlerinde di\u011fer T\u00fcrk \u0130slam devletlerinde oldu\u011fu gibi \u201c\u00dclke hanedan\u0131n mal\u0131d\u0131r.\u201d anlay\u0131\u015f\u0131 vard\u0131.<\/p>\n\n\n\n<p>Bu anlay\u0131\u015f I. Murad D\u00f6nemi\u2019nde \u201c\u00dclke h\u00fck\u00fcmdar\u0131n ve o\u011fullar\u0131n\u0131n mal\u0131d\u0131r.\u201d anlay\u0131\u015f\u0131na d\u00f6n\u00fc\u015ft\u00fc. B\u00f6ylece h\u00e2kimiyet bir s\u00fclaleden al\u0131narak bir aileye mahsus k\u0131l\u0131nd\u0131.<\/p>\n\n\n\n<p><strong>Fatih Sultan Mehmed d\u00f6neminde merkezi yap\u0131y\u0131 g\u00fc\u00e7lendirmek i\u00e7in neler yap\u0131ld\u0131?<\/strong><\/p>\n\n\n\n<p>Fatih \u00e7\u0131kard\u0131\u011f\u0131 \u2018\u2019Fatih Kanunn\u00e2mesi\u2019\u2019 ile tahta \u00e7\u0131kan h\u00fck\u00fcmdar\u0131n karde\u015flerini \u00f6ld\u00fcrebilece\u011fini ilan etti.<\/p>\n\n\n\n<p>Fatih\u2019ten \u00f6nce vezir-i \u00e2zaml\u0131k ve beylerbeyli\u011fi gibi \u00f6nemli g\u00f6revlere n\u00fcfuzlu T\u00fcrkmen ailelerine mensup ki\u015filer getiriliyordu.<\/p>\n\n\n\n<p>Fatih, dev\u015firme sisteminden yeti\u015fenleri vezir-i \u00e2zam, vezirlik, beylerbeylik gibi y\u00fcksek g\u00f6revlere getirerek Osmanl\u0131 Devleti\u2019nde mutlak g\u00fcc\u00fcn padi\u015fahta oldu\u011fu anlay\u0131\u015f\u0131n\u0131 yerle\u015ftirdi.<\/p>\n\n\n\n<p>Fatih d\u00f6neminden itibaren m\u00fcsadere denilen sistem uygulanarak y\u00fcksek derecede g\u00f6rev yapanlar\u0131n \u00f6l\u00fcmleri h\u00e2llerinde mallar\u0131na el konularak bunlar\u0131n hazineye intikal ettirilmesi sa\u011fland\u0131.<\/p>\n\n\n\n<p>Fatih haremden evlenme gelene\u011fini ba\u015flatt\u0131.<\/p>\n\n\n\n<p><strong>Nasihatn\u00e2me ve siyasetn\u00e2melerin i\u00e7eri\u011finde neler yer al\u0131rd\u0131?<\/strong><\/p>\n\n\n\n<p>Nasihatn\u00e2me ve siyasetn\u00e2meler, devlet y\u00f6netimiyle ilgili, devlet idarecilerine ve devlet adamlar\u0131na idarecilik ilim ve sanat\u0131na dair bilgiler veren, onlara pratik tavsiyelerde bulunan siyasi ve ahlaki i\u00e7erikli eserlerdir.<\/p>\n\n\n\n<p><strong>Osmanl\u0131 Devleti\u2019nde, padi\u015fah\u0131n erkek \u00e7ocuklar\u0131na ne denirdi?<\/strong><\/p>\n\n\n\n<p>\u015eehzade<\/p>\n\n\n\n<p><strong>Osmanl\u0131 Devleti\u2019ndeki \u201csanca\u011fa \u00e7\u0131kma\u201d uygulamas\u0131 hakk\u0131nda bilgi veriniz.<\/strong><\/p>\n\n\n\n<p>\u015eehzadeler, gelecekte h\u00fck\u00fcmdar aday\u0131 olmalar\u0131 vesilesiyle gerekli beceri ve tecr\u00fcbeyi almalar\u0131 i\u00e7in kendilerine yard\u0131mc\u0131 olarak atanan lalalar nezaretinde sancaklara \u00e7\u0131kar\u0131l\u0131rlard\u0131.<\/p>\n\n\n\n<p>Sanca\u011fa \u00e7\u0131kma ya\u015f\u0131 genelde on be\u015f idi.<\/p>\n\n\n\n<p>Osmanl\u0131 Devleti\u2019nde, \u0130zmit, Bursa, Kefe, Konya, Kastamonu, K\u00fctahya, Manisa ve Amasya gibi \u015fehirler \u00f6nemli \u015fehzade sancaklar\u0131yd\u0131.<\/p>\n\n\n\n<p>\u015eehzadeler g\u00f6rev yapt\u0131klar\u0131 sancaklar\u0131nda zeamet ve t\u0131mar dirlikleri da\u011f\u0131tabilir, resm\u00ee belge ve yaz\u0131\u015fmalara kendi tu\u011fralar\u0131n\u0131 \u00e7ekebilirlerdi.<\/p>\n\n\n\n<p><strong>\u00c7elebi Sultan kime denir?<\/strong><\/p>\n\n\n\n<p>Sancakta bulunan \u015fehzadelere \u201c\u00c7elebi Sultan\u201d denirdi.<\/p>\n\n\n\n<p><strong>II. Selim D\u00f6nemi\u2019nden itibaren \u015fehzadelerin sancaklara \u00e7\u0131kma y\u00f6nteminde ne gibi de\u011fi\u015fiklikler yap\u0131ld\u0131?<\/strong><\/p>\n\n\n\n<p>II. Selim D\u00f6nemi\u2019nden itibaren \u015fehzadelerin sancaklara \u00e7\u0131kma y\u00f6nteminde sadece b\u00fcy\u00fck ve h\u00fck\u00fcmdar aday\u0131 olan \u015fehzadenin sanca\u011fa \u00e7\u0131kmas\u0131na karar verildi ve sadece Manisa \u015fehri \u015fehzade sanca\u011f\u0131 olarak belirlendi.<\/p>\n\n\n\n<p><strong>Sancak usul\u00fcyle tahta \u00e7\u0131kan son padi\u015fah kimdir?<\/strong><\/p>\n\n\n\n<p>III. Mehmet\u2018tir.<\/p>\n","protected":false},"excerpt":{"rendered":"<div class=\"mh-excerpt\"><p>Bu yaz\u0131m\u0131zda\u00a0g\u00fcncel m\u00fcfredata\u00a0g\u00f6re haz\u0131rlad\u0131\u011f\u0131m\u0131z\u00a010. s\u0131n\u0131f tarih dersi 6. \u00fcnitesi\u00a0olan\u00a0Sultan ve Osmanl\u0131 Merkez Te\u015fkilat\u0131 soru- cevap\u00a0\u00e7al\u0131\u015fmas\u0131n\u0131 payla\u015f\u0131yoruz.\u00a010. s\u0131n\u0131f tarih soru cevap\u00a0\u00e7al\u0131\u015fmam\u0131z sayesinde ders kitab\u0131ndaki \u00e7al\u0131\u015fma sorular\u0131n\u0131 <a class=\"mh-excerpt-more\" href=\"https:\/\/tarihkursu.com\/index.php\/2024\/11\/14\/sultan-ve-osmanli-merkez-teskilati-soru-cevap\/\" title=\"Sultan ve Osmanl\u0131 Merkez Te\u015fkilat\u0131 Soru-Cevap\">[&#8230;]<\/a><\/p>\n<\/div>","protected":false},"author":2,"featured_media":1405,"comment_status":"open","ping_status":"open","sticky":false,"template":"","format":"standard","meta":{"_regular_price":[],"currency_symbol":[],"footnotes":""},"categories":[114],"tags":[5,147],"class_list":["post-1915","post","type-post","status-publish","format-standard","has-post-thumbnail","hentry","category-10-sinif-tarih-soru-cevap","tag-10-sinif-tarih","tag-soru-cevap"],"post_slider_layout_featured_media_urls":{"thumbnail":["https:\/\/tarihkursu.com\/wp-content\/uploads\/2024\/10\/10.-sinif-tarih-soru-cevap-150x150.png",150,150,true],"post_slider_layout_landscape_large":["https:\/\/tarihkursu.com\/wp-content\/uploads\/2024\/10\/10.-sinif-tarih-soru-cevap-1200x720.png",1200,720,true],"post_slider_layout_portrait_large":["https:\/\/tarihkursu.com\/wp-content\/uploads\/2024\/10\/10.-sinif-tarih-soru-cevap-1200x720.png",1200,720,true],"post_slider_layout_square_large":["https:\/\/tarihkursu.com\/wp-content\/uploads\/2024\/10\/10.-sinif-tarih-soru-cevap-1200x720.png",1200,720,true],"post_slider_layout_landscape":["https:\/\/tarihkursu.com\/wp-content\/uploads\/2024\/10\/10.-sinif-tarih-soru-cevap-600x400.png",600,400,true],"post_slider_layout_portrait":["https:\/\/tarihkursu.com\/wp-content\/uploads\/2024\/10\/10.-sinif-tarih-soru-cevap-600x720.png",600,720,true],"post_slider_layout_square":["https:\/\/tarihkursu.com\/wp-content\/uploads\/2024\/10\/10.-sinif-tarih-soru-cevap-600x600.png",600,600,true],"full":["https:\/\/tarihkursu.com\/wp-content\/uploads\/2024\/10\/10.-sinif-tarih-soru-cevap.png",1280,720,false]},"yoast_head":"<!-- This site is optimized with the Yoast SEO plugin v27.5 - https:\/\/yoast.com\/product\/yoast-seo-wordpress\/ -->\n<title>Sultan ve Osmanl\u0131 Merkez Te\u015fkilat\u0131 Soru-Cevap - tarihkursu.com<\/title>\n<meta name=\"description\" content=\"10. s\u0131n\u0131f tarih dersi 6. \u00fcnitesi\u00a0olan\u00a0Sultan ve Osmanl\u0131 Merkez Te\u015fkilat\u0131 soru- cevap\u00a0\u00e7al\u0131\u015fmas\u0131n\u0131 payla\u015f\u0131yoruz.\u00a0\" \/>\n<meta name=\"robots\" content=\"index, follow, max-snippet:-1, max-image-preview:large, max-video-preview:-1\" \/>\n<link rel=\"canonical\" href=\"https:\/\/tarihkursu.com\/index.php\/2024\/11\/14\/sultan-ve-osmanli-merkez-teskilati-soru-cevap\/\" \/>\n<meta property=\"og:locale\" content=\"tr_TR\" \/>\n<meta property=\"og:type\" content=\"article\" \/>\n<meta property=\"og:title\" content=\"Sultan ve Osmanl\u0131 Merkez Te\u015fkilat\u0131 Soru-Cevap - tarihkursu.com\" \/>\n<meta property=\"og:description\" content=\"10. s\u0131n\u0131f tarih dersi 6. \u00fcnitesi\u00a0olan\u00a0Sultan ve Osmanl\u0131 Merkez Te\u015fkilat\u0131 soru- cevap\u00a0\u00e7al\u0131\u015fmas\u0131n\u0131 payla\u015f\u0131yoruz.\u00a0\" \/>\n<meta property=\"og:url\" content=\"https:\/\/tarihkursu.com\/index.php\/2024\/11\/14\/sultan-ve-osmanli-merkez-teskilati-soru-cevap\/\" \/>\n<meta property=\"og:site_name\" content=\"tarihkursu.com\" \/>\n<meta property=\"article:published_time\" content=\"2024-11-14T18:46:26+00:00\" \/>\n<meta property=\"article:modified_time\" content=\"2024-11-14T18:46:29+00:00\" \/>\n<meta property=\"og:image\" content=\"https:\/\/tarihkursu.com\/wp-content\/uploads\/2024\/10\/10.-sinif-tarih-soru-cevap.png\" \/>\n\t<meta property=\"og:image:width\" content=\"1280\" \/>\n\t<meta property=\"og:image:height\" content=\"720\" \/>\n\t<meta property=\"og:image:type\" content=\"image\/png\" \/>\n<meta name=\"author\" content=\"tarihkursu\" \/>\n<meta name=\"twitter:card\" content=\"summary_large_image\" \/>\n<meta name=\"twitter:label1\" content=\"Yazan:\" \/>\n\t<meta name=\"twitter:data1\" content=\"tarihkursu\" \/>\n\t<meta name=\"twitter:label2\" content=\"Tahmini okuma s\u00fcresi\" \/>\n\t<meta name=\"twitter:data2\" content=\"7 dakika\" \/>\n<script type=\"application\/ld+json\" class=\"yoast-schema-graph\">{\"@context\":\"https:\\\/\\\/schema.org\",\"@graph\":[{\"@type\":\"Article\",\"@id\":\"https:\\\/\\\/tarihkursu.com\\\/index.php\\\/2024\\\/11\\\/14\\\/sultan-ve-osmanli-merkez-teskilati-soru-cevap\\\/#article\",\"isPartOf\":{\"@id\":\"https:\\\/\\\/tarihkursu.com\\\/index.php\\\/2024\\\/11\\\/14\\\/sultan-ve-osmanli-merkez-teskilati-soru-cevap\\\/\"},\"author\":{\"name\":\"tarihkursu\",\"@id\":\"https:\\\/\\\/tarihkursu.com\\\/#\\\/schema\\\/person\\\/d0f9105e31352dbe9f08d098ffb8c878\"},\"headline\":\"Sultan ve Osmanl\u0131 Merkez Te\u015fkilat\u0131 Soru-Cevap\",\"datePublished\":\"2024-11-14T18:46:26+00:00\",\"dateModified\":\"2024-11-14T18:46:29+00:00\",\"mainEntityOfPage\":{\"@id\":\"https:\\\/\\\/tarihkursu.com\\\/index.php\\\/2024\\\/11\\\/14\\\/sultan-ve-osmanli-merkez-teskilati-soru-cevap\\\/\"},\"wordCount\":1706,\"commentCount\":0,\"publisher\":{\"@id\":\"https:\\\/\\\/tarihkursu.com\\\/#\\\/schema\\\/person\\\/4d7bdc3b79e9f5198455474c0f203f3c\"},\"image\":{\"@id\":\"https:\\\/\\\/tarihkursu.com\\\/index.php\\\/2024\\\/11\\\/14\\\/sultan-ve-osmanli-merkez-teskilati-soru-cevap\\\/#primaryimage\"},\"thumbnailUrl\":\"https:\\\/\\\/tarihkursu.com\\\/wp-content\\\/uploads\\\/2024\\\/10\\\/10.-sinif-tarih-soru-cevap.png\",\"keywords\":[\"10. s\u0131n\u0131f tarih\",\"soru-cevap\"],\"articleSection\":[\"10. S\u0131n\u0131f Tarih SORU-CEVAP\"],\"inLanguage\":\"tr\",\"potentialAction\":[{\"@type\":\"CommentAction\",\"name\":\"Comment\",\"target\":[\"https:\\\/\\\/tarihkursu.com\\\/index.php\\\/2024\\\/11\\\/14\\\/sultan-ve-osmanli-merkez-teskilati-soru-cevap\\\/#respond\"]}]},{\"@type\":\"WebPage\",\"@id\":\"https:\\\/\\\/tarihkursu.com\\\/index.php\\\/2024\\\/11\\\/14\\\/sultan-ve-osmanli-merkez-teskilati-soru-cevap\\\/\",\"url\":\"https:\\\/\\\/tarihkursu.com\\\/index.php\\\/2024\\\/11\\\/14\\\/sultan-ve-osmanli-merkez-teskilati-soru-cevap\\\/\",\"name\":\"Sultan ve Osmanl\u0131 Merkez Te\u015fkilat\u0131 Soru-Cevap - tarihkursu.com\",\"isPartOf\":{\"@id\":\"https:\\\/\\\/tarihkursu.com\\\/#website\"},\"primaryImageOfPage\":{\"@id\":\"https:\\\/\\\/tarihkursu.com\\\/index.php\\\/2024\\\/11\\\/14\\\/sultan-ve-osmanli-merkez-teskilati-soru-cevap\\\/#primaryimage\"},\"image\":{\"@id\":\"https:\\\/\\\/tarihkursu.com\\\/index.php\\\/2024\\\/11\\\/14\\\/sultan-ve-osmanli-merkez-teskilati-soru-cevap\\\/#primaryimage\"},\"thumbnailUrl\":\"https:\\\/\\\/tarihkursu.com\\\/wp-content\\\/uploads\\\/2024\\\/10\\\/10.-sinif-tarih-soru-cevap.png\",\"datePublished\":\"2024-11-14T18:46:26+00:00\",\"dateModified\":\"2024-11-14T18:46:29+00:00\",\"description\":\"10. s\u0131n\u0131f tarih dersi 6. \u00fcnitesi\u00a0olan\u00a0Sultan ve Osmanl\u0131 Merkez Te\u015fkilat\u0131 soru- cevap\u00a0\u00e7al\u0131\u015fmas\u0131n\u0131 payla\u015f\u0131yoruz.\u00a0\",\"breadcrumb\":{\"@id\":\"https:\\\/\\\/tarihkursu.com\\\/index.php\\\/2024\\\/11\\\/14\\\/sultan-ve-osmanli-merkez-teskilati-soru-cevap\\\/#breadcrumb\"},\"inLanguage\":\"tr\",\"potentialAction\":[{\"@type\":\"ReadAction\",\"target\":[\"https:\\\/\\\/tarihkursu.com\\\/index.php\\\/2024\\\/11\\\/14\\\/sultan-ve-osmanli-merkez-teskilati-soru-cevap\\\/\"]}]},{\"@type\":\"ImageObject\",\"inLanguage\":\"tr\",\"@id\":\"https:\\\/\\\/tarihkursu.com\\\/index.php\\\/2024\\\/11\\\/14\\\/sultan-ve-osmanli-merkez-teskilati-soru-cevap\\\/#primaryimage\",\"url\":\"https:\\\/\\\/tarihkursu.com\\\/wp-content\\\/uploads\\\/2024\\\/10\\\/10.-sinif-tarih-soru-cevap.png\",\"contentUrl\":\"https:\\\/\\\/tarihkursu.com\\\/wp-content\\\/uploads\\\/2024\\\/10\\\/10.-sinif-tarih-soru-cevap.png\",\"width\":1280,\"height\":720,\"caption\":\"10. s\u0131n\u0131f tarih sorular\u0131\"},{\"@type\":\"BreadcrumbList\",\"@id\":\"https:\\\/\\\/tarihkursu.com\\\/index.php\\\/2024\\\/11\\\/14\\\/sultan-ve-osmanli-merkez-teskilati-soru-cevap\\\/#breadcrumb\",\"itemListElement\":[{\"@type\":\"ListItem\",\"position\":1,\"name\":\"Anasayfa\",\"item\":\"https:\\\/\\\/tarihkursu.com\\\/\"},{\"@type\":\"ListItem\",\"position\":2,\"name\":\"Sultan ve Osmanl\u0131 Merkez Te\u015fkilat\u0131 Soru-Cevap\"}]},{\"@type\":\"WebSite\",\"@id\":\"https:\\\/\\\/tarihkursu.com\\\/#website\",\"url\":\"https:\\\/\\\/tarihkursu.com\\\/\",\"name\":\"Tarih Kursu\",\"description\":\"\u0130\u015fimiz G\u00fcc\u00fcm\u00fcz Tarih\",\"publisher\":{\"@id\":\"https:\\\/\\\/tarihkursu.com\\\/#\\\/schema\\\/person\\\/4d7bdc3b79e9f5198455474c0f203f3c\"},\"potentialAction\":[{\"@type\":\"SearchAction\",\"target\":{\"@type\":\"EntryPoint\",\"urlTemplate\":\"https:\\\/\\\/tarihkursu.com\\\/?s={search_term_string}\"},\"query-input\":{\"@type\":\"PropertyValueSpecification\",\"valueRequired\":true,\"valueName\":\"search_term_string\"}}],\"inLanguage\":\"tr\"},{\"@type\":[\"Person\",\"Organization\"],\"@id\":\"https:\\\/\\\/tarihkursu.com\\\/#\\\/schema\\\/person\\\/4d7bdc3b79e9f5198455474c0f203f3c\",\"name\":\"admin\",\"image\":{\"@type\":\"ImageObject\",\"inLanguage\":\"tr\",\"@id\":\"https:\\\/\\\/tarihkursu.com\\\/wp-content\\\/uploads\\\/2024\\\/10\\\/TARIHKURSU-Kopyasi.png\",\"url\":\"https:\\\/\\\/tarihkursu.com\\\/wp-content\\\/uploads\\\/2024\\\/10\\\/TARIHKURSU-Kopyasi.png\",\"contentUrl\":\"https:\\\/\\\/tarihkursu.com\\\/wp-content\\\/uploads\\\/2024\\\/10\\\/TARIHKURSU-Kopyasi.png\",\"width\":1080,\"height\":1080,\"caption\":\"admin\"},\"logo\":{\"@id\":\"https:\\\/\\\/tarihkursu.com\\\/wp-content\\\/uploads\\\/2024\\\/10\\\/TARIHKURSU-Kopyasi.png\"},\"sameAs\":[\"https:\\\/\\\/tarihkursu.com\"]},{\"@type\":\"Person\",\"@id\":\"https:\\\/\\\/tarihkursu.com\\\/#\\\/schema\\\/person\\\/d0f9105e31352dbe9f08d098ffb8c878\",\"name\":\"tarihkursu\",\"image\":{\"@type\":\"ImageObject\",\"inLanguage\":\"tr\",\"@id\":\"https:\\\/\\\/secure.gravatar.com\\\/avatar\\\/1354763acbc865faa7650c3e1e4431f187276d71f132349411302a546cdeae54?s=96&d=mm&r=g\",\"url\":\"https:\\\/\\\/secure.gravatar.com\\\/avatar\\\/1354763acbc865faa7650c3e1e4431f187276d71f132349411302a546cdeae54?s=96&d=mm&r=g\",\"contentUrl\":\"https:\\\/\\\/secure.gravatar.com\\\/avatar\\\/1354763acbc865faa7650c3e1e4431f187276d71f132349411302a546cdeae54?s=96&d=mm&r=g\",\"caption\":\"tarihkursu\"},\"url\":\"https:\\\/\\\/tarihkursu.com\\\/index.php\\\/author\\\/tarihkursu\\\/\"}]}<\/script>\n<!-- \/ Yoast SEO plugin. -->","yoast_head_json":{"title":"Sultan ve Osmanl\u0131 Merkez Te\u015fkilat\u0131 Soru-Cevap - tarihkursu.com","description":"10. s\u0131n\u0131f tarih dersi 6. \u00fcnitesi\u00a0olan\u00a0Sultan ve Osmanl\u0131 Merkez Te\u015fkilat\u0131 soru- cevap\u00a0\u00e7al\u0131\u015fmas\u0131n\u0131 payla\u015f\u0131yoruz.\u00a0","robots":{"index":"index","follow":"follow","max-snippet":"max-snippet:-1","max-image-preview":"max-image-preview:large","max-video-preview":"max-video-preview:-1"},"canonical":"https:\/\/tarihkursu.com\/index.php\/2024\/11\/14\/sultan-ve-osmanli-merkez-teskilati-soru-cevap\/","og_locale":"tr_TR","og_type":"article","og_title":"Sultan ve Osmanl\u0131 Merkez Te\u015fkilat\u0131 Soru-Cevap - tarihkursu.com","og_description":"10. s\u0131n\u0131f tarih dersi 6. \u00fcnitesi\u00a0olan\u00a0Sultan ve Osmanl\u0131 Merkez Te\u015fkilat\u0131 soru- cevap\u00a0\u00e7al\u0131\u015fmas\u0131n\u0131 payla\u015f\u0131yoruz.\u00a0","og_url":"https:\/\/tarihkursu.com\/index.php\/2024\/11\/14\/sultan-ve-osmanli-merkez-teskilati-soru-cevap\/","og_site_name":"tarihkursu.com","article_published_time":"2024-11-14T18:46:26+00:00","article_modified_time":"2024-11-14T18:46:29+00:00","og_image":[{"width":1280,"height":720,"url":"https:\/\/tarihkursu.com\/wp-content\/uploads\/2024\/10\/10.-sinif-tarih-soru-cevap.png","type":"image\/png"}],"author":"tarihkursu","twitter_card":"summary_large_image","twitter_misc":{"Yazan:":"tarihkursu","Tahmini okuma s\u00fcresi":"7 dakika"},"schema":{"@context":"https:\/\/schema.org","@graph":[{"@type":"Article","@id":"https:\/\/tarihkursu.com\/index.php\/2024\/11\/14\/sultan-ve-osmanli-merkez-teskilati-soru-cevap\/#article","isPartOf":{"@id":"https:\/\/tarihkursu.com\/index.php\/2024\/11\/14\/sultan-ve-osmanli-merkez-teskilati-soru-cevap\/"},"author":{"name":"tarihkursu","@id":"https:\/\/tarihkursu.com\/#\/schema\/person\/d0f9105e31352dbe9f08d098ffb8c878"},"headline":"Sultan ve Osmanl\u0131 Merkez Te\u015fkilat\u0131 Soru-Cevap","datePublished":"2024-11-14T18:46:26+00:00","dateModified":"2024-11-14T18:46:29+00:00","mainEntityOfPage":{"@id":"https:\/\/tarihkursu.com\/index.php\/2024\/11\/14\/sultan-ve-osmanli-merkez-teskilati-soru-cevap\/"},"wordCount":1706,"commentCount":0,"publisher":{"@id":"https:\/\/tarihkursu.com\/#\/schema\/person\/4d7bdc3b79e9f5198455474c0f203f3c"},"image":{"@id":"https:\/\/tarihkursu.com\/index.php\/2024\/11\/14\/sultan-ve-osmanli-merkez-teskilati-soru-cevap\/#primaryimage"},"thumbnailUrl":"https:\/\/tarihkursu.com\/wp-content\/uploads\/2024\/10\/10.-sinif-tarih-soru-cevap.png","keywords":["10. s\u0131n\u0131f tarih","soru-cevap"],"articleSection":["10. S\u0131n\u0131f Tarih SORU-CEVAP"],"inLanguage":"tr","potentialAction":[{"@type":"CommentAction","name":"Comment","target":["https:\/\/tarihkursu.com\/index.php\/2024\/11\/14\/sultan-ve-osmanli-merkez-teskilati-soru-cevap\/#respond"]}]},{"@type":"WebPage","@id":"https:\/\/tarihkursu.com\/index.php\/2024\/11\/14\/sultan-ve-osmanli-merkez-teskilati-soru-cevap\/","url":"https:\/\/tarihkursu.com\/index.php\/2024\/11\/14\/sultan-ve-osmanli-merkez-teskilati-soru-cevap\/","name":"Sultan ve Osmanl\u0131 Merkez Te\u015fkilat\u0131 Soru-Cevap - tarihkursu.com","isPartOf":{"@id":"https:\/\/tarihkursu.com\/#website"},"primaryImageOfPage":{"@id":"https:\/\/tarihkursu.com\/index.php\/2024\/11\/14\/sultan-ve-osmanli-merkez-teskilati-soru-cevap\/#primaryimage"},"image":{"@id":"https:\/\/tarihkursu.com\/index.php\/2024\/11\/14\/sultan-ve-osmanli-merkez-teskilati-soru-cevap\/#primaryimage"},"thumbnailUrl":"https:\/\/tarihkursu.com\/wp-content\/uploads\/2024\/10\/10.-sinif-tarih-soru-cevap.png","datePublished":"2024-11-14T18:46:26+00:00","dateModified":"2024-11-14T18:46:29+00:00","description":"10. s\u0131n\u0131f tarih dersi 6. \u00fcnitesi\u00a0olan\u00a0Sultan ve Osmanl\u0131 Merkez Te\u015fkilat\u0131 soru- cevap\u00a0\u00e7al\u0131\u015fmas\u0131n\u0131 payla\u015f\u0131yoruz.\u00a0","breadcrumb":{"@id":"https:\/\/tarihkursu.com\/index.php\/2024\/11\/14\/sultan-ve-osmanli-merkez-teskilati-soru-cevap\/#breadcrumb"},"inLanguage":"tr","potentialAction":[{"@type":"ReadAction","target":["https:\/\/tarihkursu.com\/index.php\/2024\/11\/14\/sultan-ve-osmanli-merkez-teskilati-soru-cevap\/"]}]},{"@type":"ImageObject","inLanguage":"tr","@id":"https:\/\/tarihkursu.com\/index.php\/2024\/11\/14\/sultan-ve-osmanli-merkez-teskilati-soru-cevap\/#primaryimage","url":"https:\/\/tarihkursu.com\/wp-content\/uploads\/2024\/10\/10.-sinif-tarih-soru-cevap.png","contentUrl":"https:\/\/tarihkursu.com\/wp-content\/uploads\/2024\/10\/10.-sinif-tarih-soru-cevap.png","width":1280,"height":720,"caption":"10. s\u0131n\u0131f tarih sorular\u0131"},{"@type":"BreadcrumbList","@id":"https:\/\/tarihkursu.com\/index.php\/2024\/11\/14\/sultan-ve-osmanli-merkez-teskilati-soru-cevap\/#breadcrumb","itemListElement":[{"@type":"ListItem","position":1,"name":"Anasayfa","item":"https:\/\/tarihkursu.com\/"},{"@type":"ListItem","position":2,"name":"Sultan ve Osmanl\u0131 Merkez Te\u015fkilat\u0131 Soru-Cevap"}]},{"@type":"WebSite","@id":"https:\/\/tarihkursu.com\/#website","url":"https:\/\/tarihkursu.com\/","name":"Tarih Kursu","description":"\u0130\u015fimiz G\u00fcc\u00fcm\u00fcz Tarih","publisher":{"@id":"https:\/\/tarihkursu.com\/#\/schema\/person\/4d7bdc3b79e9f5198455474c0f203f3c"},"potentialAction":[{"@type":"SearchAction","target":{"@type":"EntryPoint","urlTemplate":"https:\/\/tarihkursu.com\/?s={search_term_string}"},"query-input":{"@type":"PropertyValueSpecification","valueRequired":true,"valueName":"search_term_string"}}],"inLanguage":"tr"},{"@type":["Person","Organization"],"@id":"https:\/\/tarihkursu.com\/#\/schema\/person\/4d7bdc3b79e9f5198455474c0f203f3c","name":"admin","image":{"@type":"ImageObject","inLanguage":"tr","@id":"https:\/\/tarihkursu.com\/wp-content\/uploads\/2024\/10\/TARIHKURSU-Kopyasi.png","url":"https:\/\/tarihkursu.com\/wp-content\/uploads\/2024\/10\/TARIHKURSU-Kopyasi.png","contentUrl":"https:\/\/tarihkursu.com\/wp-content\/uploads\/2024\/10\/TARIHKURSU-Kopyasi.png","width":1080,"height":1080,"caption":"admin"},"logo":{"@id":"https:\/\/tarihkursu.com\/wp-content\/uploads\/2024\/10\/TARIHKURSU-Kopyasi.png"},"sameAs":["https:\/\/tarihkursu.com"]},{"@type":"Person","@id":"https:\/\/tarihkursu.com\/#\/schema\/person\/d0f9105e31352dbe9f08d098ffb8c878","name":"tarihkursu","image":{"@type":"ImageObject","inLanguage":"tr","@id":"https:\/\/secure.gravatar.com\/avatar\/1354763acbc865faa7650c3e1e4431f187276d71f132349411302a546cdeae54?s=96&d=mm&r=g","url":"https:\/\/secure.gravatar.com\/avatar\/1354763acbc865faa7650c3e1e4431f187276d71f132349411302a546cdeae54?s=96&d=mm&r=g","contentUrl":"https:\/\/secure.gravatar.com\/avatar\/1354763acbc865faa7650c3e1e4431f187276d71f132349411302a546cdeae54?s=96&d=mm&r=g","caption":"tarihkursu"},"url":"https:\/\/tarihkursu.com\/index.php\/author\/tarihkursu\/"}]}},"_links":{"self":[{"href":"https:\/\/tarihkursu.com\/index.php\/wp-json\/wp\/v2\/posts\/1915","targetHints":{"allow":["GET"]}}],"collection":[{"href":"https:\/\/tarihkursu.com\/index.php\/wp-json\/wp\/v2\/posts"}],"about":[{"href":"https:\/\/tarihkursu.com\/index.php\/wp-json\/wp\/v2\/types\/post"}],"author":[{"embeddable":true,"href":"https:\/\/tarihkursu.com\/index.php\/wp-json\/wp\/v2\/users\/2"}],"replies":[{"embeddable":true,"href":"https:\/\/tarihkursu.com\/index.php\/wp-json\/wp\/v2\/comments?post=1915"}],"version-history":[{"count":1,"href":"https:\/\/tarihkursu.com\/index.php\/wp-json\/wp\/v2\/posts\/1915\/revisions"}],"predecessor-version":[{"id":1916,"href":"https:\/\/tarihkursu.com\/index.php\/wp-json\/wp\/v2\/posts\/1915\/revisions\/1916"}],"wp:featuredmedia":[{"embeddable":true,"href":"https:\/\/tarihkursu.com\/index.php\/wp-json\/wp\/v2\/media\/1405"}],"wp:attachment":[{"href":"https:\/\/tarihkursu.com\/index.php\/wp-json\/wp\/v2\/media?parent=1915"}],"wp:term":[{"taxonomy":"category","embeddable":true,"href":"https:\/\/tarihkursu.com\/index.php\/wp-json\/wp\/v2\/categories?post=1915"},{"taxonomy":"post_tag","embeddable":true,"href":"https:\/\/tarihkursu.com\/index.php\/wp-json\/wp\/v2\/tags?post=1915"}],"curies":[{"name":"wp","href":"https:\/\/api.w.org\/{rel}","templated":true}]}}