{"id":2223,"date":"2024-12-27T19:07:52","date_gmt":"2024-12-27T16:07:52","guid":{"rendered":"https:\/\/tarihkursu.com\/?p=2223"},"modified":"2024-12-27T19:07:56","modified_gmt":"2024-12-27T16:07:56","slug":"tarihin-dogasi-yaziliya-hazirlik-soru-cevaplari","status":"publish","type":"post","link":"https:\/\/tarihkursu.com\/index.php\/2024\/12\/27\/tarihin-dogasi-yaziliya-hazirlik-soru-cevaplari\/","title":{"rendered":"Tarihin Do\u011fas\u0131 Yaz\u0131l\u0131ya Haz\u0131rl\u0131k Soru-Cevaplar\u0131"},"content":{"rendered":"\n<p class=\"wp-block-paragraph\"><strong>Tarihin Do\u011fas\u0131<\/strong>\u00a0konusu ile ilgili yaz\u0131l\u0131 sorular\u0131 ve cevaplar\u0131 haz\u0131rlad\u0131k.<strong>\u00a09. s\u0131n\u0131f tarih dersi 1. \u00fcnitesi yaz\u0131l\u0131ya haz\u0131rl\u0131<\/strong>k sorular\u0131m\u0131z\u00a0<strong>MEB maarif model<\/strong>\u00a0ile uyumludur. G\u00fcncel m\u00fcfredata g\u00f6re haz\u0131rlad\u0131\u011f\u0131m\u0131z\u00a0<strong>Ge\u00e7mi\u015fin \u0130n\u015fa S\u00fcrecinde Tarih yaz\u0131l\u0131ya haz\u0131rl\u0131k\u00a0<\/strong>\u00e7al\u0131\u015fmam\u0131z sayesinde \u00e7\u00f6zmedi\u011finiz soru kalmayacak. Tarih \u00f6\u011frenmenin faydalar\u0131 konusu ile ilgili haz\u0131rlad\u0131\u011f\u0131m\u0131z\u00a0<strong>a\u00e7\u0131k u\u00e7lu ve k\u0131sa cevapl\u0131 sorular\u0131\u00a0<\/strong>tarih \u00f6\u011fretmeni arkada\u015flar\u0131m\u0131z<strong>\u00a09. s\u0131n\u0131f tarih dersi yaz\u0131l\u0131lar\u0131nda<\/strong>\u00a0kullanabilirler. 9. s\u0131n\u0131f tarih dersi yaz\u0131l\u0131 sorular\u0131, Bloom Taksonomisinin farkl\u0131 d\u00fczeylerine g\u00f6re haz\u0131rlanm\u0131\u015ft\u0131r (bilgi, anlama, uygulama, analiz, sentez, de\u011ferlendirme).<\/p>\n\n\n\n<p class=\"wp-block-paragraph\"><\/p>\n\n\n\n<h2 class=\"wp-block-heading\">Tarihin do\u011fas\u0131n\u0131 farkl\u0131 kaynaklar \u00fczerinden inceleyebilme yaz\u0131l\u0131ya haz\u0131rl\u0131k sorular\u0131<\/h2>\n\n\n\n<p class=\"wp-block-paragraph\"><\/p>\n\n\n\n<p class=\"wp-block-paragraph\"><strong>1.2. Tarihin Do\u011fas\u0131<\/strong><\/p>\n\n\n\n<p class=\"wp-block-paragraph\"><strong>1. Bilgi D\u00fczeyi<\/strong><\/p>\n\n\n\n<p class=\"wp-block-paragraph\">Tarih\u00e7iler, ge\u00e7mi\u015fi anlamak ve yorumlamak i\u00e7in \u00e7e\u015fitli kaynaklardan yararlan\u0131rlar. Bu kaynaklar, genel olarak birinci elden ve ikinci elden kaynaklar olarak isimlendirilmi\u015ftir.<\/p>\n\n\n\n<figure class=\"wp-block-image size-full\"><img loading=\"lazy\" decoding=\"async\" width=\"499\" height=\"254\" src=\"https:\/\/tarihkursu.com\/wp-content\/uploads\/2024\/12\/image-9.png\" alt=\"\" class=\"wp-image-2229\" srcset=\"https:\/\/tarihkursu.com\/wp-content\/uploads\/2024\/12\/image-9.png 499w, https:\/\/tarihkursu.com\/wp-content\/uploads\/2024\/12\/image-9-300x153.png 300w\" sizes=\"auto, (max-width: 499px) 100vw, 499px\" \/><\/figure>\n\n\n\n<p class=\"wp-block-paragraph\"><strong>G\u00f6rsel:<\/strong> [G\u00f6rsel 1.2: II. G\u0131y\u00e2seddin Keyhusrev D\u00f6nemi\u2019nden (1237-1246) kalan Sel\u00e7uklu sikkesinin \u00f6n ve arka y\u00fcz\u00fc]<\/p>\n\n\n\n<p class=\"wp-block-paragraph\"><strong>Soru:<\/strong> G\u00f6rselde yer alan sikke, tarih\u00e7iler i\u00e7in hangi t\u00fcr bir kaynak niteli\u011fi ta\u015f\u0131r?<\/p>\n\n\n\n<p class=\"wp-block-paragraph\"><strong>Cevap Anahtar\u0131:<\/strong> Sikke, tarih\u00e7iler i\u00e7in birincil kaynak niteli\u011fi ta\u015f\u0131r. Birinci elden kaynaklar, olaylar\u0131n ya\u015fand\u0131\u011f\u0131 d\u00f6nemde ya da bu d\u00f6nemden hemen sonra olu\u015fan veya olu\u015fturulan \u00f6zg\u00fcn kaynaklard\u0131r.<\/p>\n\n\n\n<p class=\"wp-block-paragraph\"><strong>2. Anlama D\u00fczeyi<\/strong><\/p>\n\n\n\n<p class=\"wp-block-paragraph\">Avusturya-Macaristan Veliaht\u0131 Franz Ferdinand&#8217;a yap\u0131lan suikast, A\u011fustos 1914\u2019te ba\u015flayan ve d\u00f6rt y\u0131l boyunca bir\u00e7ok cephede devam edecek olan I. D\u00fcnya Sava\u015f\u0131\u2019na neden olmu\u015ftur.<\/p>\n\n\n\n<p class=\"wp-block-paragraph\"><strong>Soru<\/strong>: Bu olay I. D\u00fcnya Sava\u015f\u0131&#8217;n\u0131n ba\u015flamas\u0131nda nas\u0131l bir rol oynam\u0131\u015ft\u0131r? Bu olay, tarihte neden-sonu\u00e7 ili\u015fkisini anlamak i\u00e7in nas\u0131l bir \u00f6rnektir?<\/p>\n\n\n\n<p class=\"wp-block-paragraph\"><strong>Cevap Anahtar\u0131:<\/strong> Franz Ferdinand suikast\u0131, I. D\u00fcnya Sava\u015f\u0131&#8217;n\u0131n ba\u015flamas\u0131na yol a\u00e7an tetikleyici bir olay olmu\u015ftur. Ancak sava\u015f\u0131n \u00e7\u0131kmas\u0131nda, bu olay\u0131n yan\u0131 s\u0131ra bir\u00e7ok siyasi, ekonomik ve sosyal fakt\u00f6r de etkili olmu\u015ftur. Bu olay, tarihte tek bir olay\u0131n bir sonuca yol a\u00e7mayabilece\u011fini, olaylar aras\u0131nda karma\u015f\u0131k bir neden-sonu\u00e7 ili\u015fkisi oldu\u011funu g\u00f6steren bir \u00f6rnektir.<\/p>\n\n\n\n<p class=\"wp-block-paragraph\"><strong>4. Analiz D\u00fczeyi<\/strong><\/p>\n\n\n\n<p class=\"wp-block-paragraph\">Tarih, fen bilimlerinden farkl\u0131 olarak laboratuvar ortam\u0131nda deney ve g\u00f6zlem yap\u0131lamayan bir disiplindir.<\/p>\n\n\n\n<p class=\"wp-block-paragraph\"><strong>Soru:<\/strong> Tarihin, fen bilimlerinden farkl\u0131 olan bu \u00f6zelli\u011fi, tarihsel bilginin do\u011frulu\u011funu nas\u0131l etkiler? Tarih\u00e7iler bu zorlu\u011fu a\u015fmak i\u00e7in hangi y\u00f6ntemleri kullan\u0131rlar?<\/p>\n\n\n\n<p class=\"wp-block-paragraph\"><strong>Cevap Anahtar\u0131:<\/strong> Tarih, ge\u00e7mi\u015fte ya\u015fanm\u0131\u015f olaylar\u0131 inceledi\u011fi i\u00e7in deney ve g\u00f6zlem yoluyla do\u011frulanamayan bir aland\u0131r. Bu durum, tarihsel bilginin kesin ve de\u011fi\u015fmez olmas\u0131n\u0131 zorla\u015ft\u0131r\u0131r. Tarih\u00e7iler, bu zorlu\u011fu a\u015fmak i\u00e7in birden fazla kaynak kullan\u0131r, kaynaklar\u0131 ele\u015ftirel bir bak\u0131\u015f a\u00e7\u0131s\u0131yla inceler ve farkl\u0131 yorumlar\u0131 de\u011ferlendirir.<\/p>\n\n\n\n<p class=\"wp-block-paragraph\"><strong>5. Sentez D\u00fczeyi<\/strong><\/p>\n\n\n\n<p class=\"wp-block-paragraph\">Tarih, sadece ge\u00e7mi\u015fi anlamakla kalmaz, ayn\u0131 zamanda bug\u00fcn\u00fc anlamam\u0131za ve gelece\u011fi \u015fekillendirmemize de yard\u0131mc\u0131 olur.<\/p>\n\n\n\n<p class=\"wp-block-paragraph\"><strong>Soru:<\/strong> &#8220;Tarih tekerr\u00fcrden ibarettir&#8221; ifadesini tarih \u00f6\u011freniminin faydalar\u0131yla ili\u015fkilendirerek a\u00e7\u0131klay\u0131n\u0131z. Sizce bu ifade ne kadar do\u011frudur?<\/p>\n\n\n\n<p class=\"wp-block-paragraph\"><strong>Cevap Anahtar\u0131:<\/strong> Tarih, ge\u00e7mi\u015fte ya\u015fanm\u0131\u015f olaylar\u0131 ve toplumlar\u0131n deneyimlerini inceleyerek benzer hatalar\u0131n tekrarlanmas\u0131n\u0131 \u00f6nlemek ve daha iyi bir gelecek in\u015fa etmek i\u00e7in \u00f6nemli bir rehberdir. Ancak tarih tekerr\u00fcrden ibaret de\u011fildir. Her d\u00f6nem kendine \u00f6zg\u00fc ko\u015fullara ve dinamiklere sahiptir. Tarih \u00f6\u011frenimi, ge\u00e7mi\u015fi anlayarak bug\u00fcn\u00fc daha iyi yorumlamam\u0131z\u0131 ve gelece\u011fe dair daha bilin\u00e7li kararlar almam\u0131z\u0131 sa\u011flar.<\/p>\n\n\n\n<p class=\"wp-block-paragraph\"><strong>6. De\u011ferlendirme D\u00fczeyi<\/strong><\/p>\n\n\n\n<p class=\"wp-block-paragraph\">Baz\u0131 tarih\u00e7iler, tarihin bir bilim dal\u0131 oldu\u011funu savunurken, baz\u0131lar\u0131 ise tarihin \u00f6znel bir yorum oldu\u011funu d\u00fc\u015f\u00fcnmektedir.<\/p>\n\n\n\n<p class=\"wp-block-paragraph\"><strong>Soru:<\/strong> Sizce tarih bir bilim dal\u0131 m\u0131d\u0131r, yoksa \u00f6znel bir yorum mu? G\u00f6r\u00fc\u015f\u00fcn\u00fcz\u00fc kaynaklardan ve kendi d\u00fc\u015f\u00fcncelerinizden yararlanarak savununuz.<\/p>\n\n\n\n<p class=\"wp-block-paragraph\"><strong>Cevap Anahtar\u0131:<\/strong> Tarih,hem bilimsel hem de \u00f6znel y\u00f6nleri olan bir disiplindir. Tarih\u00e7iler, ara\u015ft\u0131rmalar\u0131nda belirli y\u00f6ntemler kullan\u0131rlar, kaynaklar\u0131 ele\u015ftirel bir bak\u0131\u015f a\u00e7\u0131s\u0131yla incelerler ve kan\u0131tlara dayal\u0131 yorumlar yapmaya \u00e7al\u0131\u015f\u0131rlar. Bu y\u00f6n\u00fcyle tarih, bilimsel bir nitelik ta\u015f\u0131r. Ancak tarih\u00e7inin bak\u0131\u015f a\u00e7\u0131s\u0131, kulland\u0131\u011f\u0131 kaynaklar ve yapt\u0131\u011f\u0131 yorumlar, tarihsel anlat\u0131y\u0131 etkileyebilir. Bu nedenle tarihin, \u00f6znel yorumlardan tamamen ba\u011f\u0131ms\u0131z oldu\u011funu s\u00f6ylemek zordur.<\/p>\n\n\n\n<p class=\"wp-block-paragraph\"><strong>7. Bilgi D\u00fczeyi<\/strong><\/p>\n\n\n\n<p class=\"wp-block-paragraph\">Tarih, kronolojik bir s\u0131ra i\u00e7inde incelenir ve belirli d\u00f6nemlere ayr\u0131l\u0131r.<\/p>\n\n\n\n<p class=\"wp-block-paragraph\"><strong>Soru:<\/strong> Kaynaklarda bahsedilen tarih \u00e7a\u011flar\u0131n\u0131n isimlerini ve bu \u00e7a\u011flar\u0131n hangi \u00f6nemli olaylar veya d\u00f6nemlerle s\u0131n\u0131rland\u0131r\u0131ld\u0131\u011f\u0131n\u0131 yaz\u0131n.<\/p>\n\n\n\n<p class=\"wp-block-paragraph\"><strong>Cevap Anahtar\u0131:<\/strong><\/p>\n\n\n\n<ul class=\"wp-block-list\">\n<li><strong>Eski \u00c7a\u011f:<\/strong> Bat\u0131 Roma \u0130mparatorlu\u011fu&#8217;nun \u00e7\u00f6k\u00fc\u015f\u00fcne kadar (veya baz\u0131lar\u0131na g\u00f6re Hristiyanl\u0131\u011f\u0131n resmi din olarak kabul edildi\u011fi 336-337 y\u0131l\u0131na kadar) olan d\u00f6nem.<\/li>\n\n\n\n<li><strong>Orta \u00c7a\u011f:<\/strong> Eski \u00c7a\u011f&#8217;dan \u0130stanbul&#8217;un fethi olan 1453 y\u0131l\u0131na (veya Amerika&#8217;n\u0131n ke\u015ffi tarihi olan 1492 y\u0131l\u0131na) kadar olan d\u00f6nem.<\/li>\n\n\n\n<li><strong>Yeni \u00c7a\u011f:<\/strong> 1453&#8217;ten 1789 y\u0131l\u0131ndaki Frans\u0131z \u0130htilali&#8217;ne kadar olan d\u00f6nem.<\/li>\n\n\n\n<li><strong>Yak\u0131n \u00c7a\u011f:<\/strong> Frans\u0131z \u0130htilali&#8217;nden g\u00fcn\u00fcm\u00fcze kadar olan d\u00f6nem.<\/li>\n<\/ul>\n\n\n\n<p class=\"wp-block-paragraph\"><strong>9. Uygulama D\u00fczeyi<\/strong><\/p>\n\n\n\n<figure class=\"wp-block-image size-full\"><img loading=\"lazy\" decoding=\"async\" width=\"889\" height=\"484\" src=\"https:\/\/tarihkursu.com\/wp-content\/uploads\/2024\/12\/image-8.png\" alt=\"\" class=\"wp-image-2228\" srcset=\"https:\/\/tarihkursu.com\/wp-content\/uploads\/2024\/12\/image-8.png 889w, https:\/\/tarihkursu.com\/wp-content\/uploads\/2024\/12\/image-8-300x163.png 300w, https:\/\/tarihkursu.com\/wp-content\/uploads\/2024\/12\/image-8-768x418.png 768w\" sizes=\"auto, (max-width: 889px) 100vw, 889px\" \/><\/figure>\n\n\n\n<p class=\"wp-block-paragraph\">Pieter Bruegel\u2019in \u201cKarda Avc\u0131lar\u201d adl\u0131 tablosu, 16. y\u00fczy\u0131lda ya\u015fanan K\u00fc\u00e7\u00fck Buzul \u00c7a\u011f\u0131&#8217;n\u0131 tasvir etmektedir.<\/p>\n\n\n\n<p class=\"wp-block-paragraph\"><strong>Soru:<\/strong> Bu tablo, o d\u00f6nemde ya\u015fayan insanlar\u0131n g\u00fcnl\u00fck ya\u015famlar\u0131 hakk\u0131nda bize hangi bilgileri verebilir? Bir sanat eserini tarihsel bir kaynak olarak kullanman\u0131n avantajlar\u0131 ve dezavantajlar\u0131 nelerdir?<\/p>\n\n\n\n<p class=\"wp-block-paragraph\"><strong>Cevap Anahtar\u0131:<\/strong> Tablo, o d\u00f6nemde insanlar\u0131n giyimi, avlanma teknikleri, kullan\u0131lan ara\u00e7-gere\u00e7ler ve ya\u015fad\u0131klar\u0131 co\u011frafi ko\u015fullar hakk\u0131nda bilgi verebilir.<\/p>\n\n\n\n<p class=\"wp-block-paragraph\"><strong>Avantajlar\u0131:<\/strong><\/p>\n\n\n\n<ul class=\"wp-block-list\">\n<li>Sanat eserleri, d\u00f6nemin atmosferini ve g\u00fcnl\u00fck ya\u015fam\u0131n\u0131 canl\u0131 bir \u015fekilde yans\u0131tabilir.<\/li>\n\n\n\n<li>G\u00f6rsel kaynaklar, yaz\u0131l\u0131 kaynaklardan farkl\u0131 bir bak\u0131\u015f a\u00e7\u0131s\u0131 sunabilir.<\/li>\n<\/ul>\n\n\n\n<p class=\"wp-block-paragraph\"><strong>Dezavantajlar\u0131:<\/strong><\/p>\n\n\n\n<ul class=\"wp-block-list\">\n<li>Sanat eserleri, sanat\u00e7\u0131n\u0131n \u00f6znel yorumunu ve bak\u0131\u015f a\u00e7\u0131s\u0131n\u0131 yans\u0131tabilir, ger\u00e7ekli\u011fi birebir yans\u0131tmayabilir.<\/li>\n\n\n\n<li>Sanat eserlerinin tarihsel ba\u011flam\u0131n\u0131 anlamak i\u00e7in ek bilgilere ihtiya\u00e7 duyulabilir.<\/li>\n<\/ul>\n\n\n\n<figure class=\"wp-block-image size-full\"><img loading=\"lazy\" decoding=\"async\" width=\"466\" height=\"464\" src=\"https:\/\/tarihkursu.com\/wp-content\/uploads\/2024\/12\/image-7.png\" alt=\"\" class=\"wp-image-2227\" srcset=\"https:\/\/tarihkursu.com\/wp-content\/uploads\/2024\/12\/image-7.png 466w, https:\/\/tarihkursu.com\/wp-content\/uploads\/2024\/12\/image-7-300x300.png 300w, https:\/\/tarihkursu.com\/wp-content\/uploads\/2024\/12\/image-7-150x150.png 150w\" sizes=\"auto, (max-width: 466px) 100vw, 466px\" \/><\/figure>\n\n\n\n<p class=\"wp-block-paragraph\"><strong>Soru:<\/strong> Tarih\u00e7iler, ge\u00e7mi\u015fi anlamak i\u00e7in hangi bilimsel y\u00f6ntemleri kullan\u0131rlar?<\/p>\n\n\n\n<p class=\"wp-block-paragraph\"><strong>Cevap Anahtar\u0131:<\/strong> Tarih\u00e7iler, ge\u00e7mi\u015fi anlamak i\u00e7in kaynak ele\u015ftirisi, tarihsel kar\u015f\u0131la\u015ft\u0131rmalar ve neden-sonu\u00e7 ili\u015fkilerini analiz etme gibi bilimsel y\u00f6ntemler kullan\u0131rlar.<\/p>\n\n\n\n<p class=\"wp-block-paragraph\"><strong>3. Uygulama D\u00fczeyi<\/strong><\/p>\n\n\n\n<figure class=\"wp-block-image size-full\"><img loading=\"lazy\" decoding=\"async\" width=\"642\" height=\"481\" src=\"https:\/\/tarihkursu.com\/wp-content\/uploads\/2024\/12\/image-6.png\" alt=\"\" class=\"wp-image-2226\" srcset=\"https:\/\/tarihkursu.com\/wp-content\/uploads\/2024\/12\/image-6.png 642w, https:\/\/tarihkursu.com\/wp-content\/uploads\/2024\/12\/image-6-300x225.png 300w\" sizes=\"auto, (max-width: 642px) 100vw, 642px\" \/><\/figure>\n\n\n\n<p class=\"wp-block-paragraph\">&#8220;Bir toplumun k\u00fclt\u00fcr\u00fc, t\u0131pk\u0131 bir a\u011fac\u0131n k\u00f6kleri gibidir. Ge\u00e7mi\u015fi besler ve gelece\u011fini \u015fekillendirir.&#8221;<\/p>\n\n\n\n<p class=\"wp-block-paragraph\"><strong>Soru:<\/strong> Yukar\u0131daki metaforu kullanarak tarih ile toplum aras\u0131ndaki ili\u015fkiyi a\u00e7\u0131klay\u0131n\u0131z.<\/p>\n\n\n\n<p class=\"wp-block-paragraph\"><strong>Cevap Anahtar\u0131:<\/strong> Metaforda belirtildi\u011fi gibi, bir toplumun k\u00fclt\u00fcr\u00fc ve de\u011ferleri, ge\u00e7mi\u015finden beslenir ve t\u0131pk\u0131 bir a\u011fac\u0131n k\u00f6kleri gibi gelece\u011fini \u015fekillendirir. Tarih, bir toplumun kimli\u011fini anlamak, geleneklerini ve de\u011ferlerini korumak ve gelece\u011fe y\u00f6n vermek i\u00e7in \u00f6nemlidir.<\/p>\n\n\n\n<p class=\"wp-block-paragraph\"><strong>4. Analiz D\u00fczeyi<\/strong><\/p>\n\n\n\n<p class=\"wp-block-paragraph\"><strong>Soru:<\/strong> Tarihsel olaylar tekrarlanamaz bu y\u00fczden g\u00f6zlemlenmesi m\u00fcmk\u00fcn de\u011fildir. Tarih\u00e7iler, do\u011frudan g\u00f6zlemleyemedikleri olaylar\u0131 nas\u0131l ara\u015ft\u0131r\u0131r ve tarihsel bilgiye ula\u015f\u0131rlar? A\u00e7\u0131klay\u0131n\u0131z.<\/p>\n\n\n\n<p class=\"wp-block-paragraph\"><strong>Cevap Anahtar\u0131:<\/strong> Tarih\u00e7iler, do\u011frudan g\u00f6zlemleyemedikleri olaylar\u0131 ara\u015ft\u0131rmak i\u00e7in yaz\u0131l\u0131 ve g\u00f6rsel belgeler, arkeolojik buluntular, di\u011fer tarih\u00e7ilerin \u00e7al\u0131\u015fmalar\u0131 ve g\u00f6rg\u00fc tan\u0131klar\u0131n\u0131n ifadeleri gibi farkl\u0131 kaynaklardan elde ettikleri kan\u0131tlar\u0131 kullan\u0131rlar.<\/p>\n\n\n\n<p class=\"wp-block-paragraph\"><strong>5. Sentez D\u00fczeyi<\/strong><\/p>\n\n\n\n<figure class=\"wp-block-image size-full\"><img loading=\"lazy\" decoding=\"async\" width=\"759\" height=\"569\" src=\"https:\/\/tarihkursu.com\/wp-content\/uploads\/2024\/12\/image-5.png\" alt=\"\" class=\"wp-image-2225\" srcset=\"https:\/\/tarihkursu.com\/wp-content\/uploads\/2024\/12\/image-5.png 759w, https:\/\/tarihkursu.com\/wp-content\/uploads\/2024\/12\/image-5-300x225.png 300w\" sizes=\"auto, (max-width: 759px) 100vw, 759px\" \/><\/figure>\n\n\n\n<p class=\"wp-block-paragraph\"><strong>Soru:<\/strong> Tarih \u00f6ncesi devirler hakk\u0131nda bilgi edinmek, ge\u00e7mi\u015fimizi anlamak i\u00e7in \u00f6nemlidir. Yaz\u0131l\u0131 kaynaklar\u0131n olmad\u0131\u011f\u0131 tarih \u00f6ncesi devirler hakk\u0131nda bilgi edinmek i\u00e7in tarih\u00e7iler hangi y\u00f6ntemlerden yararlan\u0131r?<\/p>\n\n\n\n<p class=\"wp-block-paragraph\"><strong>Cevap Anahtar\u0131:<\/strong> Tarih\u00e7iler, tarih \u00f6ncesi devirler hakk\u0131nda bilgi edinmek i\u00e7in antropolojik ara\u015ft\u0131rmalardan, arkeolojik kaz\u0131lardan elde edilen buluntulardan ve o d\u00f6neme ait kal\u0131nt\u0131lardan yararlan\u0131rlar.<\/p>\n\n\n\n<p class=\"wp-block-paragraph\"><strong>6. De\u011ferlendirme D\u00fczeyi<\/strong><\/p>\n\n\n\n<p class=\"wp-block-paragraph\"><strong>Soru:<\/strong> Tarih \u00e7al\u0131\u015fmalar\u0131 yap\u0131l\u0131rken farkl\u0131 kaynaklardan elde edilen bilgilerin de\u011ferlendirilmesi \u00f6nemlidir. Tarihsel bir olay\u0131 ara\u015ft\u0131r\u0131rken farkl\u0131 kaynaklardan elde edilen bilgilerin g\u00fcvenilirli\u011fini nas\u0131l kontrol edersiniz?<\/p>\n\n\n\n<p class=\"wp-block-paragraph\"><strong>Cevap Anahtar\u0131:<\/strong> Farkl\u0131 kaynaklardan elde edilen bilgilerin g\u00fcvenilirli\u011fini de\u011ferlendirirken; kaynaklar\u0131n yazar\u0131n\u0131n kim oldu\u011fu, kayna\u011f\u0131n ne zaman ve nerede yaz\u0131ld\u0131\u011f\u0131, kayna\u011f\u0131n amac\u0131n\u0131n ne oldu\u011fu gibi fakt\u00f6rleri g\u00f6z \u00f6n\u00fcnde bulundurmal\u0131y\u0131z. Ayr\u0131ca, farkl\u0131 kaynaklar aras\u0131nda kar\u015f\u0131la\u015ft\u0131rma yapmal\u0131 ve \u00e7eli\u015fkileri tespit etmeye \u00e7al\u0131\u015fmal\u0131y\u0131z.<\/p>\n\n\n\n<p class=\"wp-block-paragraph\"><strong>7. Bilgi D\u00fczeyi<\/strong><\/p>\n\n\n\n<p class=\"wp-block-paragraph\"><strong>Soru:<\/strong> Takvimler, zaman\u0131 d\u00fczenlemek ve tarihsel olaylar\u0131 kaydetmek i\u00e7in kullan\u0131lan \u00f6nemli ara\u00e7lard\u0131r. G\u00fcn\u00fcm\u00fczde yayg\u0131n olarak kullan\u0131lan takvim hangisidir? Bu takvim hangi medeniyete dayanmaktad\u0131r?<\/p>\n\n\n\n<p class=\"wp-block-paragraph\"><strong>Cevap Anahtar\u0131:<\/strong> G\u00fcn\u00fcm\u00fczde yayg\u0131n olarak kullan\u0131lan takvim Miladi (Gregoryen Takvim) takvimidir. Bu takvim sistemi, Antik M\u0131s\u0131r&#8217;da kullan\u0131lan g\u00fcne\u015f takvimine dayanmaktad\u0131r.<\/p>\n\n\n\n<p class=\"wp-block-paragraph\"><strong>8. Anlama D\u00fczeyi<\/strong><\/p>\n\n\n\n<p class=\"wp-block-paragraph\"><strong>Soru:<\/strong> Tarihsel olaylar, k\u0131sa s\u00fcrede meydana gelen ve insanl\u0131\u011f\u0131 etkileyen spesifik geli\u015fmelerdir. Tarihsel olgu ise, daha geni\u015f kapsaml\u0131, s\u00fcreklilik g\u00f6steren durumu ifade eder.<\/p>\n\n\n\n<p class=\"wp-block-paragraph\">&#8220;Atat\u00fcrk&#8217;\u00fcn 19 May\u0131s 1919&#8217;da Samsun&#8217;a \u00e7\u0131k\u0131\u015f\u0131&#8221; neden tarihsel bir olay olarak kabul edilir? A\u00e7\u0131klay\u0131n\u0131z.<\/p>\n\n\n\n<p class=\"wp-block-paragraph\"><strong>Cevap Anahtar\u0131:<\/strong> Atat\u00fcrk&#8217;\u00fcn 19 May\u0131s 1919&#8217;da Samsun&#8217;a \u00e7\u0131k\u0131\u015f\u0131, T\u00fcrk Kurtulu\u015f Sava\u015f\u0131&#8217;n\u0131n ba\u015flang\u0131c\u0131n\u0131 simgeleyen ve T\u00fcrk tarihinin ak\u0131\u015f\u0131n\u0131 de\u011fi\u015ftiren \u00f6nemli bir olayd\u0131r. Bu olay, k\u0131sa s\u00fcrede ger\u00e7ekle\u015fmi\u015f, belirli bir tarih ve yere sahip ve insanl\u0131\u011f\u0131 etkileyen sonu\u00e7lar do\u011furmu\u015ftur.<\/p>\n\n\n\n<p class=\"wp-block-paragraph\"><strong>9. Uygulama D\u00fczeyi<\/strong><\/p>\n\n\n\n<figure class=\"wp-block-image size-full\"><img loading=\"lazy\" decoding=\"async\" width=\"800\" height=\"368\" src=\"https:\/\/tarihkursu.com\/wp-content\/uploads\/2024\/12\/image-4.png\" alt=\"\" class=\"wp-image-2224\" srcset=\"https:\/\/tarihkursu.com\/wp-content\/uploads\/2024\/12\/image-4.png 800w, https:\/\/tarihkursu.com\/wp-content\/uploads\/2024\/12\/image-4-300x138.png 300w, https:\/\/tarihkursu.com\/wp-content\/uploads\/2024\/12\/image-4-768x353.png 768w\" sizes=\"auto, (max-width: 800px) 100vw, 800px\" \/><\/figure>\n\n\n\n<p class=\"wp-block-paragraph\"><strong>Soru:<\/strong> Tarih, neden-sonu\u00e7 ili\u015fkilerini anlamak \u00fczerine kuruludur. G\u00f6rseldeki domino ta\u015flar\u0131, tarihsel olaylar aras\u0131ndaki neden-sonu\u00e7 ili\u015fkisini nas\u0131l temsil eder? A\u00e7\u0131klay\u0131n\u0131z.<\/p>\n\n\n\n<p class=\"wp-block-paragraph\"><strong>Cevap Anahtar\u0131:<\/strong> Domino ta\u015flar\u0131 gibi, tarihsel olaylar da birbirine ba\u011fl\u0131d\u0131r ve bir olay\u0131n sonu\u00e7lar\u0131, ba\u015fka olaylar\u0131n nedeni olabilir. T\u0131pk\u0131 devrilen bir domino ta\u015f\u0131n\u0131n di\u011ferlerini devirmesi gibi, bir tarihsel olay da di\u011ferlerini tetikleyerek bir zincirleme reaksiyon olu\u015fturabilir.<\/p>\n\n\n\n<p class=\"wp-block-paragraph\"><strong>10. Analiz D\u00fczeyi<\/strong><\/p>\n\n\n\n<p class=\"wp-block-paragraph\">&#8220;Tarih, toplumlar\u0131n ba\u015f\u0131ndan ge\u00e7en olaylar\u0131 zaman ve yer g\u00f6stererek belgelere dayal\u0131 bir bi\u00e7imde anlatan, bunlar\u0131n sebep ve sonu\u00e7lar\u0131n\u0131, birbirleriyle olan ili\u015fkilerini objektif olarak ele alan sosyal bir bilimdir.&#8221;<\/p>\n\n\n\n<p class=\"wp-block-paragraph\"><strong>Soru:<\/strong> Tarihin bir bilim dal\u0131 olarak kabul edilmesinin nedenlerini a\u00e7\u0131klay\u0131n\u0131z.<\/p>\n\n\n\n<p class=\"wp-block-paragraph\"><a><strong>Cevap Anahtar\u0131:<\/strong><\/a> Tarih, bir bilim dal\u0131 olarak kabul edilir \u00e7\u00fcnk\u00fc tarih\u00e7iler; di\u011fer bilim dallar\u0131nda oldu\u011fu gibi, sistematik ve disiplinli bir yakla\u015f\u0131m kullan\u0131rlar, kaynak ele\u015ftirisi yaparlar, neden-sonu\u00e7 ili\u015fkilerini analiz ederler ve ara\u015ft\u0131rmalar\u0131n\u0131 belgelere dayand\u0131r\u0131rlar. Ayr\u0131ca, tarih, arkeoloji, antropoloji, sosyoloji gibi di\u011fer bilim dallar\u0131yla da etkile\u015fim halindedir.<\/p>\n\n\n\n<p class=\"wp-block-paragraph\"><strong>Soru:<\/strong> Tarihin Tan\u0131m\u0131nda Olmas\u0131 Gereken Unsurlar Nelerdir?<\/p>\n\n\n\n<p class=\"wp-block-paragraph\"><strong>Cevap Anahtar\u0131:<\/strong><\/p>\n\n\n\n<p class=\"wp-block-paragraph\">Kan\u0131t ve belge g\u00f6sterme zorunlulu\u011fu<\/p>\n\n\n\n<p class=\"wp-block-paragraph\">Ge\u00e7mi\u015f olaylardan bahseder<\/p>\n\n\n\n<p class=\"wp-block-paragraph\">Her olay kendi d\u00f6nem \u015fartlar\u0131 i\u00e7inde de\u011ferlendirilir<\/p>\n\n\n\n<p class=\"wp-block-paragraph\">Olaylar\u0131n ger\u00e7ekle\u015fti\u011fi yerin belirtilmesi gerekir<\/p>\n\n\n\n<p class=\"wp-block-paragraph\">\u0130nsan toplumunu ilgilendiren olaylar\u0131 inceler<\/p>\n\n\n\n<p class=\"wp-block-paragraph\">Olaylar\u0131n sebep ve sonu\u00e7lar\u0131n\u0131 inceler<\/p>\n\n\n\n<p class=\"wp-block-paragraph\">Olaylar\u0131n zaman\u0131n\u0131 kronoloji biliminin yard\u0131m\u0131 ile belirler<\/p>\n\n\n\n<p class=\"wp-block-paragraph\">Olaylar\u0131n tarafs\u0131z (objektif) olarak iletilmesi<\/p>\n\n\n\n<p class=\"wp-block-paragraph\">Tarihte \u201cDeney ve G\u00f6zlem\u201d yoktur<\/p>\n\n\n\n<p class=\"wp-block-paragraph\">Tarih\u00ee bilgiler yeni bulgularla de\u011fi\u015febilir<\/p>\n","protected":false},"excerpt":{"rendered":"<div class=\"mh-excerpt\"><p>Tarihin Do\u011fas\u0131\u00a0konusu ile ilgili yaz\u0131l\u0131 sorular\u0131 ve cevaplar\u0131 haz\u0131rlad\u0131k.\u00a09. s\u0131n\u0131f tarih dersi 1. \u00fcnitesi yaz\u0131l\u0131ya haz\u0131rl\u0131k sorular\u0131m\u0131z\u00a0MEB maarif model\u00a0ile uyumludur. G\u00fcncel m\u00fcfredata g\u00f6re haz\u0131rlad\u0131\u011f\u0131m\u0131z\u00a0Ge\u00e7mi\u015fin \u0130n\u015fa <a class=\"mh-excerpt-more\" href=\"https:\/\/tarihkursu.com\/index.php\/2024\/12\/27\/tarihin-dogasi-yaziliya-hazirlik-soru-cevaplari\/\" title=\"Tarihin Do\u011fas\u0131 Yaz\u0131l\u0131ya Haz\u0131rl\u0131k Soru-Cevaplar\u0131\">[&#8230;]<\/a><\/p>\n<\/div>","protected":false},"author":2,"featured_media":1247,"comment_status":"open","ping_status":"open","sticky":false,"template":"","format":"standard","meta":{"_regular_price":[],"currency_symbol":[],"footnotes":""},"categories":[113,149],"tags":[87,89,88],"class_list":["post-2223","post","type-post","status-publish","format-standard","has-post-thumbnail","hentry","category-9-sinf-tarih-soru-cevap","category-9-sinif-tarih-yazili-sorulari","tag-9-sinif-tarih","tag-tarih-yazili-sorulari","tag-yaziliya-hazirlik"],"post_slider_layout_featured_media_urls":{"thumbnail":["https:\/\/tarihkursu.com\/wp-content\/uploads\/2024\/10\/yaziliya-hazirlik-150x150.png",150,150,true],"post_slider_layout_landscape_large":["https:\/\/tarihkursu.com\/wp-content\/uploads\/2024\/10\/yaziliya-hazirlik.png",1120,630,false],"post_slider_layout_portrait_large":["https:\/\/tarihkursu.com\/wp-content\/uploads\/2024\/10\/yaziliya-hazirlik.png",1120,630,false],"post_slider_layout_square_large":["https:\/\/tarihkursu.com\/wp-content\/uploads\/2024\/10\/yaziliya-hazirlik.png",1120,630,false],"post_slider_layout_landscape":["https:\/\/tarihkursu.com\/wp-content\/uploads\/2024\/10\/yaziliya-hazirlik-600x400.png",600,400,true],"post_slider_layout_portrait":["https:\/\/tarihkursu.com\/wp-content\/uploads\/2024\/10\/yaziliya-hazirlik-600x630.png",600,630,true],"post_slider_layout_square":["https:\/\/tarihkursu.com\/wp-content\/uploads\/2024\/10\/yaziliya-hazirlik-600x600.png",600,600,true],"full":["https:\/\/tarihkursu.com\/wp-content\/uploads\/2024\/10\/yaziliya-hazirlik.png",1120,630,false]},"yoast_head":"<!-- This site is optimized with the Yoast SEO plugin v28.4 - https:\/\/yoast.com\/product\/yoast-seo-wordpress\/ -->\n<title>Tarihin Do\u011fas\u0131 Yaz\u0131l\u0131ya Haz\u0131rl\u0131k Soru-Cevaplar\u0131 - tarihkursu.com<\/title>\n<meta name=\"description\" content=\"Tarihin Do\u011fas\u0131\u00a0konusu ile ilgili yaz\u0131l\u0131 sorular\u0131 ve cevaplar\u0131 haz\u0131rlad\u0131k.\u00a09. s\u0131n\u0131f tarih dersi yaz\u0131l\u0131s\u0131na bu sorular ile haz\u0131rlan.\" \/>\n<meta name=\"robots\" content=\"index, follow, max-snippet:-1, max-image-preview:large, max-video-preview:-1\" \/>\n<link rel=\"canonical\" href=\"https:\/\/tarihkursu.com\/index.php\/2024\/12\/27\/tarihin-dogasi-yaziliya-hazirlik-soru-cevaplari\/\" \/>\n<meta property=\"og:locale\" content=\"tr_TR\" \/>\n<meta property=\"og:type\" content=\"article\" \/>\n<meta property=\"og:title\" content=\"Tarihin Do\u011fas\u0131 Yaz\u0131l\u0131ya Haz\u0131rl\u0131k Soru-Cevaplar\u0131 - tarihkursu.com\" \/>\n<meta property=\"og:description\" content=\"Tarihin Do\u011fas\u0131\u00a0konusu ile ilgili yaz\u0131l\u0131 sorular\u0131 ve cevaplar\u0131 haz\u0131rlad\u0131k.\u00a09. s\u0131n\u0131f tarih dersi yaz\u0131l\u0131s\u0131na bu sorular ile haz\u0131rlan.\" \/>\n<meta property=\"og:url\" content=\"https:\/\/tarihkursu.com\/index.php\/2024\/12\/27\/tarihin-dogasi-yaziliya-hazirlik-soru-cevaplari\/\" \/>\n<meta property=\"og:site_name\" content=\"tarihkursu.com\" \/>\n<meta property=\"article:published_time\" content=\"2024-12-27T16:07:52+00:00\" \/>\n<meta property=\"article:modified_time\" content=\"2024-12-27T16:07:56+00:00\" \/>\n<meta property=\"og:image\" content=\"https:\/\/tarihkursu.com\/wp-content\/uploads\/2024\/10\/yaziliya-hazirlik.png\" \/>\n\t<meta property=\"og:image:width\" content=\"1120\" \/>\n\t<meta property=\"og:image:height\" content=\"630\" \/>\n\t<meta property=\"og:image:type\" content=\"image\/png\" \/>\n<meta name=\"author\" content=\"tarihkursu\" \/>\n<meta name=\"twitter:card\" content=\"summary_large_image\" \/>\n<meta name=\"twitter:label1\" content=\"Yazan:\" \/>\n\t<meta name=\"twitter:data1\" content=\"tarihkursu\" \/>\n\t<meta name=\"twitter:label2\" content=\"Tahmini okuma s\u00fcresi\" \/>\n\t<meta name=\"twitter:data2\" content=\"10 dakika\" \/>\n<script type=\"application\/ld+json\" class=\"yoast-schema-graph\">{\"@context\":\"https:\\\/\\\/schema.org\",\"@graph\":[{\"@type\":\"Article\",\"@id\":\"https:\\\/\\\/tarihkursu.com\\\/index.php\\\/2024\\\/12\\\/27\\\/tarihin-dogasi-yaziliya-hazirlik-soru-cevaplari\\\/#article\",\"isPartOf\":{\"@id\":\"https:\\\/\\\/tarihkursu.com\\\/index.php\\\/2024\\\/12\\\/27\\\/tarihin-dogasi-yaziliya-hazirlik-soru-cevaplari\\\/\"},\"author\":{\"name\":\"tarihkursu\",\"@id\":\"https:\\\/\\\/tarihkursu.com\\\/#\\\/schema\\\/person\\\/d0f9105e31352dbe9f08d098ffb8c878\"},\"headline\":\"Tarihin Do\u011fas\u0131 Yaz\u0131l\u0131ya Haz\u0131rl\u0131k Soru-Cevaplar\u0131\",\"datePublished\":\"2024-12-27T16:07:52+00:00\",\"dateModified\":\"2024-12-27T16:07:56+00:00\",\"mainEntityOfPage\":{\"@id\":\"https:\\\/\\\/tarihkursu.com\\\/index.php\\\/2024\\\/12\\\/27\\\/tarihin-dogasi-yaziliya-hazirlik-soru-cevaplari\\\/\"},\"wordCount\":1913,\"commentCount\":0,\"publisher\":{\"@id\":\"https:\\\/\\\/tarihkursu.com\\\/#\\\/schema\\\/person\\\/4d7bdc3b79e9f5198455474c0f203f3c\"},\"image\":{\"@id\":\"https:\\\/\\\/tarihkursu.com\\\/index.php\\\/2024\\\/12\\\/27\\\/tarihin-dogasi-yaziliya-hazirlik-soru-cevaplari\\\/#primaryimage\"},\"thumbnailUrl\":\"https:\\\/\\\/tarihkursu.com\\\/wp-content\\\/uploads\\\/2024\\\/10\\\/yaziliya-hazirlik.png\",\"keywords\":[\"9.s\u0131n\u0131f tarih\",\"tarih yaz\u0131l\u0131 sorular\u0131\",\"yaz\u0131l\u0131ya haz\u0131rl\u0131k\"],\"articleSection\":[\"9. S\u0131n\u0131f Tarih SORU-CEVAP\",\"9. S\u0131n\u0131f Tarih YAZILI SORULARI\"],\"inLanguage\":\"tr\",\"potentialAction\":[{\"@type\":\"CommentAction\",\"name\":\"Comment\",\"target\":[\"https:\\\/\\\/tarihkursu.com\\\/index.php\\\/2024\\\/12\\\/27\\\/tarihin-dogasi-yaziliya-hazirlik-soru-cevaplari\\\/#respond\"]}]},{\"@type\":\"WebPage\",\"@id\":\"https:\\\/\\\/tarihkursu.com\\\/index.php\\\/2024\\\/12\\\/27\\\/tarihin-dogasi-yaziliya-hazirlik-soru-cevaplari\\\/\",\"url\":\"https:\\\/\\\/tarihkursu.com\\\/index.php\\\/2024\\\/12\\\/27\\\/tarihin-dogasi-yaziliya-hazirlik-soru-cevaplari\\\/\",\"name\":\"Tarihin Do\u011fas\u0131 Yaz\u0131l\u0131ya Haz\u0131rl\u0131k Soru-Cevaplar\u0131 - tarihkursu.com\",\"isPartOf\":{\"@id\":\"https:\\\/\\\/tarihkursu.com\\\/#website\"},\"primaryImageOfPage\":{\"@id\":\"https:\\\/\\\/tarihkursu.com\\\/index.php\\\/2024\\\/12\\\/27\\\/tarihin-dogasi-yaziliya-hazirlik-soru-cevaplari\\\/#primaryimage\"},\"image\":{\"@id\":\"https:\\\/\\\/tarihkursu.com\\\/index.php\\\/2024\\\/12\\\/27\\\/tarihin-dogasi-yaziliya-hazirlik-soru-cevaplari\\\/#primaryimage\"},\"thumbnailUrl\":\"https:\\\/\\\/tarihkursu.com\\\/wp-content\\\/uploads\\\/2024\\\/10\\\/yaziliya-hazirlik.png\",\"datePublished\":\"2024-12-27T16:07:52+00:00\",\"dateModified\":\"2024-12-27T16:07:56+00:00\",\"description\":\"Tarihin Do\u011fas\u0131\u00a0konusu ile ilgili yaz\u0131l\u0131 sorular\u0131 ve cevaplar\u0131 haz\u0131rlad\u0131k.\u00a09. s\u0131n\u0131f tarih dersi yaz\u0131l\u0131s\u0131na bu sorular ile haz\u0131rlan.\",\"breadcrumb\":{\"@id\":\"https:\\\/\\\/tarihkursu.com\\\/index.php\\\/2024\\\/12\\\/27\\\/tarihin-dogasi-yaziliya-hazirlik-soru-cevaplari\\\/#breadcrumb\"},\"inLanguage\":\"tr\",\"potentialAction\":[{\"@type\":\"ReadAction\",\"target\":[\"https:\\\/\\\/tarihkursu.com\\\/index.php\\\/2024\\\/12\\\/27\\\/tarihin-dogasi-yaziliya-hazirlik-soru-cevaplari\\\/\"]}]},{\"@type\":\"ImageObject\",\"inLanguage\":\"tr\",\"@id\":\"https:\\\/\\\/tarihkursu.com\\\/index.php\\\/2024\\\/12\\\/27\\\/tarihin-dogasi-yaziliya-hazirlik-soru-cevaplari\\\/#primaryimage\",\"url\":\"https:\\\/\\\/tarihkursu.com\\\/wp-content\\\/uploads\\\/2024\\\/10\\\/yaziliya-hazirlik.png\",\"contentUrl\":\"https:\\\/\\\/tarihkursu.com\\\/wp-content\\\/uploads\\\/2024\\\/10\\\/yaziliya-hazirlik.png\",\"width\":1120,\"height\":630},{\"@type\":\"BreadcrumbList\",\"@id\":\"https:\\\/\\\/tarihkursu.com\\\/index.php\\\/2024\\\/12\\\/27\\\/tarihin-dogasi-yaziliya-hazirlik-soru-cevaplari\\\/#breadcrumb\",\"itemListElement\":[{\"@type\":\"ListItem\",\"position\":1,\"name\":\"Anasayfa\",\"item\":\"https:\\\/\\\/tarihkursu.com\\\/\"},{\"@type\":\"ListItem\",\"position\":2,\"name\":\"Tarihin Do\u011fas\u0131 Yaz\u0131l\u0131ya Haz\u0131rl\u0131k Soru-Cevaplar\u0131\"}]},{\"@type\":\"WebSite\",\"@id\":\"https:\\\/\\\/tarihkursu.com\\\/#website\",\"url\":\"https:\\\/\\\/tarihkursu.com\\\/\",\"name\":\"Tarih Kursu\",\"description\":\"\u0130\u015fimiz G\u00fcc\u00fcm\u00fcz Tarih\",\"publisher\":{\"@id\":\"https:\\\/\\\/tarihkursu.com\\\/#\\\/schema\\\/person\\\/4d7bdc3b79e9f5198455474c0f203f3c\"},\"potentialAction\":[{\"@type\":\"SearchAction\",\"target\":{\"@type\":\"EntryPoint\",\"urlTemplate\":\"https:\\\/\\\/tarihkursu.com\\\/?s={search_term_string}\"},\"query-input\":{\"@type\":\"PropertyValueSpecification\",\"valueRequired\":true,\"valueName\":\"search_term_string\"}}],\"inLanguage\":\"tr\"},{\"@type\":[\"Person\",\"Organization\"],\"@id\":\"https:\\\/\\\/tarihkursu.com\\\/#\\\/schema\\\/person\\\/4d7bdc3b79e9f5198455474c0f203f3c\",\"name\":\"admin\",\"image\":{\"@type\":\"ImageObject\",\"inLanguage\":\"tr\",\"@id\":\"https:\\\/\\\/tarihkursu.com\\\/wp-content\\\/uploads\\\/2024\\\/10\\\/TARIHKURSU-Kopyasi.png\",\"url\":\"https:\\\/\\\/tarihkursu.com\\\/wp-content\\\/uploads\\\/2024\\\/10\\\/TARIHKURSU-Kopyasi.png\",\"contentUrl\":\"https:\\\/\\\/tarihkursu.com\\\/wp-content\\\/uploads\\\/2024\\\/10\\\/TARIHKURSU-Kopyasi.png\",\"width\":1080,\"height\":1080,\"caption\":\"admin\"},\"logo\":{\"@id\":\"https:\\\/\\\/tarihkursu.com\\\/wp-content\\\/uploads\\\/2024\\\/10\\\/TARIHKURSU-Kopyasi.png\"},\"sameAs\":[\"https:\\\/\\\/tarihkursu.com\"]},{\"@type\":\"Person\",\"@id\":\"https:\\\/\\\/tarihkursu.com\\\/#\\\/schema\\\/person\\\/d0f9105e31352dbe9f08d098ffb8c878\",\"name\":\"tarihkursu\",\"image\":{\"@type\":\"ImageObject\",\"inLanguage\":\"tr\",\"@id\":\"https:\\\/\\\/secure.gravatar.com\\\/avatar\\\/1354763acbc865faa7650c3e1e4431f187276d71f132349411302a546cdeae54?s=96&d=mm&r=g\",\"url\":\"https:\\\/\\\/secure.gravatar.com\\\/avatar\\\/1354763acbc865faa7650c3e1e4431f187276d71f132349411302a546cdeae54?s=96&d=mm&r=g\",\"contentUrl\":\"https:\\\/\\\/secure.gravatar.com\\\/avatar\\\/1354763acbc865faa7650c3e1e4431f187276d71f132349411302a546cdeae54?s=96&d=mm&r=g\",\"caption\":\"tarihkursu\"},\"url\":\"https:\\\/\\\/tarihkursu.com\\\/index.php\\\/author\\\/tarihkursu\\\/\"}]}<\/script>\n<!-- \/ Yoast SEO plugin. -->","yoast_head_json":{"title":"Tarihin Do\u011fas\u0131 Yaz\u0131l\u0131ya Haz\u0131rl\u0131k Soru-Cevaplar\u0131 - tarihkursu.com","description":"Tarihin Do\u011fas\u0131\u00a0konusu ile ilgili yaz\u0131l\u0131 sorular\u0131 ve cevaplar\u0131 haz\u0131rlad\u0131k.\u00a09. s\u0131n\u0131f tarih dersi yaz\u0131l\u0131s\u0131na bu sorular ile haz\u0131rlan.","robots":{"index":"index","follow":"follow","max-snippet":"max-snippet:-1","max-image-preview":"max-image-preview:large","max-video-preview":"max-video-preview:-1"},"canonical":"https:\/\/tarihkursu.com\/index.php\/2024\/12\/27\/tarihin-dogasi-yaziliya-hazirlik-soru-cevaplari\/","og_locale":"tr_TR","og_type":"article","og_title":"Tarihin Do\u011fas\u0131 Yaz\u0131l\u0131ya Haz\u0131rl\u0131k Soru-Cevaplar\u0131 - tarihkursu.com","og_description":"Tarihin Do\u011fas\u0131\u00a0konusu ile ilgili yaz\u0131l\u0131 sorular\u0131 ve cevaplar\u0131 haz\u0131rlad\u0131k.\u00a09. s\u0131n\u0131f tarih dersi yaz\u0131l\u0131s\u0131na bu sorular ile haz\u0131rlan.","og_url":"https:\/\/tarihkursu.com\/index.php\/2024\/12\/27\/tarihin-dogasi-yaziliya-hazirlik-soru-cevaplari\/","og_site_name":"tarihkursu.com","article_published_time":"2024-12-27T16:07:52+00:00","article_modified_time":"2024-12-27T16:07:56+00:00","og_image":[{"width":1120,"height":630,"url":"https:\/\/tarihkursu.com\/wp-content\/uploads\/2024\/10\/yaziliya-hazirlik.png","type":"image\/png"}],"author":"tarihkursu","twitter_card":"summary_large_image","twitter_misc":{"Yazan:":"tarihkursu","Tahmini okuma s\u00fcresi":"10 dakika"},"schema":{"@context":"https:\/\/schema.org","@graph":[{"@type":"Article","@id":"https:\/\/tarihkursu.com\/index.php\/2024\/12\/27\/tarihin-dogasi-yaziliya-hazirlik-soru-cevaplari\/#article","isPartOf":{"@id":"https:\/\/tarihkursu.com\/index.php\/2024\/12\/27\/tarihin-dogasi-yaziliya-hazirlik-soru-cevaplari\/"},"author":{"name":"tarihkursu","@id":"https:\/\/tarihkursu.com\/#\/schema\/person\/d0f9105e31352dbe9f08d098ffb8c878"},"headline":"Tarihin Do\u011fas\u0131 Yaz\u0131l\u0131ya Haz\u0131rl\u0131k Soru-Cevaplar\u0131","datePublished":"2024-12-27T16:07:52+00:00","dateModified":"2024-12-27T16:07:56+00:00","mainEntityOfPage":{"@id":"https:\/\/tarihkursu.com\/index.php\/2024\/12\/27\/tarihin-dogasi-yaziliya-hazirlik-soru-cevaplari\/"},"wordCount":1913,"commentCount":0,"publisher":{"@id":"https:\/\/tarihkursu.com\/#\/schema\/person\/4d7bdc3b79e9f5198455474c0f203f3c"},"image":{"@id":"https:\/\/tarihkursu.com\/index.php\/2024\/12\/27\/tarihin-dogasi-yaziliya-hazirlik-soru-cevaplari\/#primaryimage"},"thumbnailUrl":"https:\/\/tarihkursu.com\/wp-content\/uploads\/2024\/10\/yaziliya-hazirlik.png","keywords":["9.s\u0131n\u0131f tarih","tarih yaz\u0131l\u0131 sorular\u0131","yaz\u0131l\u0131ya haz\u0131rl\u0131k"],"articleSection":["9. S\u0131n\u0131f Tarih SORU-CEVAP","9. S\u0131n\u0131f Tarih YAZILI SORULARI"],"inLanguage":"tr","potentialAction":[{"@type":"CommentAction","name":"Comment","target":["https:\/\/tarihkursu.com\/index.php\/2024\/12\/27\/tarihin-dogasi-yaziliya-hazirlik-soru-cevaplari\/#respond"]}]},{"@type":"WebPage","@id":"https:\/\/tarihkursu.com\/index.php\/2024\/12\/27\/tarihin-dogasi-yaziliya-hazirlik-soru-cevaplari\/","url":"https:\/\/tarihkursu.com\/index.php\/2024\/12\/27\/tarihin-dogasi-yaziliya-hazirlik-soru-cevaplari\/","name":"Tarihin Do\u011fas\u0131 Yaz\u0131l\u0131ya Haz\u0131rl\u0131k Soru-Cevaplar\u0131 - tarihkursu.com","isPartOf":{"@id":"https:\/\/tarihkursu.com\/#website"},"primaryImageOfPage":{"@id":"https:\/\/tarihkursu.com\/index.php\/2024\/12\/27\/tarihin-dogasi-yaziliya-hazirlik-soru-cevaplari\/#primaryimage"},"image":{"@id":"https:\/\/tarihkursu.com\/index.php\/2024\/12\/27\/tarihin-dogasi-yaziliya-hazirlik-soru-cevaplari\/#primaryimage"},"thumbnailUrl":"https:\/\/tarihkursu.com\/wp-content\/uploads\/2024\/10\/yaziliya-hazirlik.png","datePublished":"2024-12-27T16:07:52+00:00","dateModified":"2024-12-27T16:07:56+00:00","description":"Tarihin Do\u011fas\u0131\u00a0konusu ile ilgili yaz\u0131l\u0131 sorular\u0131 ve cevaplar\u0131 haz\u0131rlad\u0131k.\u00a09. s\u0131n\u0131f tarih dersi yaz\u0131l\u0131s\u0131na bu sorular ile haz\u0131rlan.","breadcrumb":{"@id":"https:\/\/tarihkursu.com\/index.php\/2024\/12\/27\/tarihin-dogasi-yaziliya-hazirlik-soru-cevaplari\/#breadcrumb"},"inLanguage":"tr","potentialAction":[{"@type":"ReadAction","target":["https:\/\/tarihkursu.com\/index.php\/2024\/12\/27\/tarihin-dogasi-yaziliya-hazirlik-soru-cevaplari\/"]}]},{"@type":"ImageObject","inLanguage":"tr","@id":"https:\/\/tarihkursu.com\/index.php\/2024\/12\/27\/tarihin-dogasi-yaziliya-hazirlik-soru-cevaplari\/#primaryimage","url":"https:\/\/tarihkursu.com\/wp-content\/uploads\/2024\/10\/yaziliya-hazirlik.png","contentUrl":"https:\/\/tarihkursu.com\/wp-content\/uploads\/2024\/10\/yaziliya-hazirlik.png","width":1120,"height":630},{"@type":"BreadcrumbList","@id":"https:\/\/tarihkursu.com\/index.php\/2024\/12\/27\/tarihin-dogasi-yaziliya-hazirlik-soru-cevaplari\/#breadcrumb","itemListElement":[{"@type":"ListItem","position":1,"name":"Anasayfa","item":"https:\/\/tarihkursu.com\/"},{"@type":"ListItem","position":2,"name":"Tarihin Do\u011fas\u0131 Yaz\u0131l\u0131ya Haz\u0131rl\u0131k Soru-Cevaplar\u0131"}]},{"@type":"WebSite","@id":"https:\/\/tarihkursu.com\/#website","url":"https:\/\/tarihkursu.com\/","name":"Tarih Kursu","description":"\u0130\u015fimiz G\u00fcc\u00fcm\u00fcz Tarih","publisher":{"@id":"https:\/\/tarihkursu.com\/#\/schema\/person\/4d7bdc3b79e9f5198455474c0f203f3c"},"potentialAction":[{"@type":"SearchAction","target":{"@type":"EntryPoint","urlTemplate":"https:\/\/tarihkursu.com\/?s={search_term_string}"},"query-input":{"@type":"PropertyValueSpecification","valueRequired":true,"valueName":"search_term_string"}}],"inLanguage":"tr"},{"@type":["Person","Organization"],"@id":"https:\/\/tarihkursu.com\/#\/schema\/person\/4d7bdc3b79e9f5198455474c0f203f3c","name":"admin","image":{"@type":"ImageObject","inLanguage":"tr","@id":"https:\/\/tarihkursu.com\/wp-content\/uploads\/2024\/10\/TARIHKURSU-Kopyasi.png","url":"https:\/\/tarihkursu.com\/wp-content\/uploads\/2024\/10\/TARIHKURSU-Kopyasi.png","contentUrl":"https:\/\/tarihkursu.com\/wp-content\/uploads\/2024\/10\/TARIHKURSU-Kopyasi.png","width":1080,"height":1080,"caption":"admin"},"logo":{"@id":"https:\/\/tarihkursu.com\/wp-content\/uploads\/2024\/10\/TARIHKURSU-Kopyasi.png"},"sameAs":["https:\/\/tarihkursu.com"]},{"@type":"Person","@id":"https:\/\/tarihkursu.com\/#\/schema\/person\/d0f9105e31352dbe9f08d098ffb8c878","name":"tarihkursu","image":{"@type":"ImageObject","inLanguage":"tr","@id":"https:\/\/secure.gravatar.com\/avatar\/1354763acbc865faa7650c3e1e4431f187276d71f132349411302a546cdeae54?s=96&d=mm&r=g","url":"https:\/\/secure.gravatar.com\/avatar\/1354763acbc865faa7650c3e1e4431f187276d71f132349411302a546cdeae54?s=96&d=mm&r=g","contentUrl":"https:\/\/secure.gravatar.com\/avatar\/1354763acbc865faa7650c3e1e4431f187276d71f132349411302a546cdeae54?s=96&d=mm&r=g","caption":"tarihkursu"},"url":"https:\/\/tarihkursu.com\/index.php\/author\/tarihkursu\/"}]}},"_links":{"self":[{"href":"https:\/\/tarihkursu.com\/index.php\/wp-json\/wp\/v2\/posts\/2223","targetHints":{"allow":["GET"]}}],"collection":[{"href":"https:\/\/tarihkursu.com\/index.php\/wp-json\/wp\/v2\/posts"}],"about":[{"href":"https:\/\/tarihkursu.com\/index.php\/wp-json\/wp\/v2\/types\/post"}],"author":[{"embeddable":true,"href":"https:\/\/tarihkursu.com\/index.php\/wp-json\/wp\/v2\/users\/2"}],"replies":[{"embeddable":true,"href":"https:\/\/tarihkursu.com\/index.php\/wp-json\/wp\/v2\/comments?post=2223"}],"version-history":[{"count":1,"href":"https:\/\/tarihkursu.com\/index.php\/wp-json\/wp\/v2\/posts\/2223\/revisions"}],"predecessor-version":[{"id":2230,"href":"https:\/\/tarihkursu.com\/index.php\/wp-json\/wp\/v2\/posts\/2223\/revisions\/2230"}],"wp:featuredmedia":[{"embeddable":true,"href":"https:\/\/tarihkursu.com\/index.php\/wp-json\/wp\/v2\/media\/1247"}],"wp:attachment":[{"href":"https:\/\/tarihkursu.com\/index.php\/wp-json\/wp\/v2\/media?parent=2223"}],"wp:term":[{"taxonomy":"category","embeddable":true,"href":"https:\/\/tarihkursu.com\/index.php\/wp-json\/wp\/v2\/categories?post=2223"},{"taxonomy":"post_tag","embeddable":true,"href":"https:\/\/tarihkursu.com\/index.php\/wp-json\/wp\/v2\/tags?post=2223"}],"curies":[{"name":"wp","href":"https:\/\/api.w.org\/{rel}","templated":true}]}}