{"id":2387,"date":"2025-02-25T22:25:29","date_gmt":"2025-02-25T19:25:29","guid":{"rendered":"https:\/\/tarihkursu.com\/?p=2387"},"modified":"2025-04-13T14:05:27","modified_gmt":"2025-04-13T11:05:27","slug":"dunya-gucu-osmanli-1453-1595-slayt-bs","status":"publish","type":"post","link":"https:\/\/tarihkursu.com\/index.php\/2025\/02\/25\/dunya-gucu-osmanli-1453-1595-slayt-bs\/","title":{"rendered":"D\u00fcnya G\u00fcc\u00fc Osmanl\u0131 (1453-1595) Slayt (BS)"},"content":{"rendered":"\n<p class=\"wp-block-paragraph\">Bu yaz\u0131m\u0131zda&nbsp;<strong>D\u00fcnya G\u00fcc\u00fc Osmanl\u0131 (1453-1595)&nbsp;<\/strong>slayt\u0131n\u0131 sizlerle payla\u015f\u0131yoruz.&nbsp;<strong>10. S\u0131n\u0131f tarih 5. \u00dcnite&nbsp;<\/strong>slayt\u0131m\u0131z&nbsp;<strong>de\u011fi\u015fen m\u00fcfredatla<\/strong>&nbsp;uyumlu ve kapsaml\u0131d\u0131r.&nbsp;<strong>10. s\u0131n\u0131f tarih dersi&nbsp;<\/strong>i\u00e7in&nbsp;haz\u0131rlanm\u0131\u015f kapsaml\u0131 ve yeni m\u00fcfredata uygun slaytlarla tarihin temel konular\u0131n\u0131 kolayca \u00f6\u011frenin.<strong>&nbsp;10. s\u0131n\u0131f tarih 5. \u00fcnite konu anlat\u0131m slayt\u0131<\/strong>&nbsp;sizleri hem okul derslerine hem de TYT ve AYT s\u0131navlar\u0131na haz\u0131rlayacakt\u0131r.&nbsp;<strong>Bilgi Sarmal Yay\u0131nlar\u0131&nbsp;<\/strong>taraf\u0131ndan haz\u0131rlanan&nbsp;<strong>D\u00fcnya G\u00fcc\u00fc Osmanl\u0131 (1453-1595)<\/strong>&nbsp;<strong>ders notu <\/strong>ile tarih \u00f6\u011fretmenlerimiz eksiksiz olarak tarih dersi konular\u0131n\u0131 anlatacaklard\u0131r.&nbsp;<strong>Tarih konu anlat\u0131m\u0131 slaytlar\u0131<\/strong>&nbsp;konular\u0131 peki\u015ftirmek ve s\u0131navlarda ba\u015far\u0131l\u0131 olmak isteyen \u00f6\u011frenciler i\u00e7in ideal bir kaynakt\u0131r.&nbsp;<strong>D\u00fcnya G\u00fcc\u00fc Osmanl\u0131 (1453-1595)<\/strong>&nbsp;<strong>konu anlat\u0131m slayt\u0131<\/strong>,&nbsp;<strong>10. S\u0131n\u0131f tarih yaz\u0131l\u0131s\u0131<\/strong>&nbsp;\u00f6ncesi h\u0131zl\u0131 ve etkili bir tekrar yapman\u0131za yard\u0131mc\u0131 olacak \u015fekilde \u00f6zenle haz\u0131rlanm\u0131\u015ft\u0131r. T\u00fcm&nbsp;<strong>tarih slayt<\/strong>&nbsp;i\u00e7eriklerimize g\u00f6z at\u0131n ve ba\u015far\u0131ya bir ad\u0131m daha yakla\u015f\u0131n.<\/p>\n\n\n\n<p class=\"wp-block-paragraph\">\u0130\u00e7erik:<\/p>\n\n\n\n<p class=\"wp-block-paragraph\">1453-1520 YILLARI ARASI OSMANLI S\u0130YAS\u0130 FAAL\u0130YETLER\u0130 <br>\u0130STANBUL\u2019UN FETH\u0130<br>\u0130stanbul\u2019un Fethi\u2019nin Sebepleri <br>\u0130stanbul\u2019un Fethi \u0130\u00e7in Yap\u0131lan Haz\u0131rl\u0131klar <br>\u0130stanbul Ku\u015fatmas\u0131 <br>\u0130stanbul\u2019un Fethi\u2019nin Sonu\u00e7lar\u0131 <br>Fatih D\u00f6nemi\u2019nin Di\u011fer Siyasi Olaylar\u0131 <br>Fatih\u2019in Vefat\u0131ndan Sonra Ya\u015fanan Geli\u015fmeler <br>\u0130SLAM D\u00dcNYASINDA H\u00c2K\u0130M\u0130YET KURULMASI <br>Osmanl\u0131-Safevi \u0130li\u015fkileri ve \u00c7ald\u0131ran Sava\u015f\u0131 (1514) <br>Osmanl\u0131-Meml\u00fbklu \u0130li\u015fkileri<br>1520-1595 YILLARI ARASI OSMANLI S\u0130YAS\u0130 FAAL\u0130YETLER\u0130<br>OSMANLI DEVLET\u0130 Z\u0130RVEDE <br>Osmanl\u0131-Habsburg M\u00fccadeleleri<br>Osmanl\u0131 Devleti\u2019nin Do\u011fu\u2019da H\u00e2kimiyet Kurma \u00c7abalar\u0131 <br>D\u00dcNYA G\u00dcC\u00dc OSMANLI VE STRATEJ\u0130K RAK\u0130PLER\u0130 <br>XVI. Y\u00fczy\u0131lda Osmanl\u0131 Devleti\u2019nin Stratejik Rakipleri <br>XV ve XVI. Y\u00fczy\u0131llarda Osmanl\u0131 Devleti\u2019nin \u0130zledi\u011fi Siyasetin Etkileri <br>Osmanl\u0131 Ekonomik Politikalar\u0131 <br>Osmanl\u0131-Fransa \u0130li\u015fkileri ve Kapit\u00fclasyonlar <br>KARA VE DEN\u0130ZLERE N\u00dcFUZ ETME \u00c7ABALARI <br>Osmanl\u0131 Devleti\u2019nin Kara ve Denizlerdeki Stratejik Rakipleri <br>Akdeniz\u2019de H\u00e2kimiyet M\u00fccadelesi <br>Co\u011frafi Ke\u015fifler (Avrupa\u2019n\u0131n S\u00f6m\u00fcrgecilik Faaliyetleri)<br>Hint Deniz Seferleri ve Sonu\u00e7lar\u0131<\/p>\n\n\n\n<p class=\"wp-block-paragraph\"><\/p>\n\n\n\n<h2 class=\"wp-block-heading\"><a href=\"https:\/\/drive.google.com\/file\/d\/10IIcUjTSGy1EWaj-zvFKt_q9VSZ7IwMr\/view?usp=drive_link\">10. S\u0131n\u0131f Tarih Dersi 5. \u00dcnite D\u00fcnya G\u00fcc\u00fc Osmanl\u0131 (1453-1595) Slayt\u0131 \u0130ND\u0130RMEK \u0130\u00c7\u0130N TIKLA<\/a><\/h2>\n\n\n\n<p class=\"wp-block-paragraph\"><\/p>\n\n\n\n\n\n<p class=\"wp-block-paragraph\"><\/p>\n","protected":false},"excerpt":{"rendered":"<div class=\"mh-excerpt\"><p>Bu yaz\u0131m\u0131zda&nbsp;D\u00fcnya G\u00fcc\u00fc Osmanl\u0131 (1453-1595)&nbsp;slayt\u0131n\u0131 sizlerle payla\u015f\u0131yoruz.&nbsp;10. S\u0131n\u0131f tarih 5. \u00dcnite&nbsp;slayt\u0131m\u0131z&nbsp;de\u011fi\u015fen m\u00fcfredatla&nbsp;uyumlu ve kapsaml\u0131d\u0131r.&nbsp;10. s\u0131n\u0131f tarih dersi&nbsp;i\u00e7in&nbsp;haz\u0131rlanm\u0131\u015f kapsaml\u0131 ve yeni m\u00fcfredata uygun slaytlarla tarihin temel <a class=\"mh-excerpt-more\" href=\"https:\/\/tarihkursu.com\/index.php\/2025\/02\/25\/dunya-gucu-osmanli-1453-1595-slayt-bs\/\" title=\"D\u00fcnya G\u00fcc\u00fc Osmanl\u0131 (1453-1595) Slayt (BS)\">[&#8230;]<\/a><\/p>\n<\/div>","protected":false},"author":2,"featured_media":1611,"comment_status":"open","ping_status":"open","sticky":false,"template":"","format":"standard","meta":{"_regular_price":[],"currency_symbol":[],"footnotes":""},"categories":[167,190,207],"tags":[5,234],"class_list":["post-2387","post","type-post","status-publish","format-standard","has-post-thumbnail","hentry","category-10-sinif-tarih-pdf","category-10-sinif-tarih-slayt","category-slayt-deposu","tag-10-sinif-tarih","tag-10-sinif-tarih-slayt"],"post_slider_layout_featured_media_urls":{"thumbnail":["https:\/\/tarihkursu.com\/wp-content\/uploads\/2024\/10\/10.sinif_.tarih_.slayt_-150x150.png",150,150,true],"post_slider_layout_landscape_large":["https:\/\/tarihkursu.com\/wp-content\/uploads\/2024\/10\/10.sinif_.tarih_.slayt_-1200x720.png",1200,720,true],"post_slider_layout_portrait_large":["https:\/\/tarihkursu.com\/wp-content\/uploads\/2024\/10\/10.sinif_.tarih_.slayt_-1200x720.png",1200,720,true],"post_slider_layout_square_large":["https:\/\/tarihkursu.com\/wp-content\/uploads\/2024\/10\/10.sinif_.tarih_.slayt_-1200x720.png",1200,720,true],"post_slider_layout_landscape":["https:\/\/tarihkursu.com\/wp-content\/uploads\/2024\/10\/10.sinif_.tarih_.slayt_-600x400.png",600,400,true],"post_slider_layout_portrait":["https:\/\/tarihkursu.com\/wp-content\/uploads\/2024\/10\/10.sinif_.tarih_.slayt_-600x720.png",600,720,true],"post_slider_layout_square":["https:\/\/tarihkursu.com\/wp-content\/uploads\/2024\/10\/10.sinif_.tarih_.slayt_-600x600.png",600,600,true],"full":["https:\/\/tarihkursu.com\/wp-content\/uploads\/2024\/10\/10.sinif_.tarih_.slayt_.png",1280,720,false]},"yoast_head":"<!-- This site is optimized with the Yoast SEO plugin v28.3 - https:\/\/yoast.com\/product\/yoast-seo-wordpress\/ -->\n<title>D\u00fcnya G\u00fcc\u00fc Osmanl\u0131 (1453-1595) Slayt (BS) - tarihkursu.com<\/title>\n<meta name=\"description\" content=\"Bu yaz\u0131m\u0131zda\u00a0D\u00fcnya G\u00fcc\u00fc Osmanl\u0131 (1453-1595)\u00a0slayt\u0131n\u0131 sizlerle payla\u015f\u0131yoruz.\u00a010. S\u0131n\u0131f tarih 5. \u00dcnite\u00a0slayt\u0131m\u0131z\u00a0de\u011fi\u015fen m\u00fcfredatla\u00a0uyumludur.\" \/>\n<meta name=\"robots\" content=\"index, follow, max-snippet:-1, max-image-preview:large, max-video-preview:-1\" \/>\n<link rel=\"canonical\" href=\"https:\/\/tarihkursu.com\/index.php\/2025\/02\/25\/dunya-gucu-osmanli-1453-1595-slayt-bs\/\" \/>\n<meta property=\"og:locale\" content=\"tr_TR\" \/>\n<meta property=\"og:type\" content=\"article\" \/>\n<meta property=\"og:title\" content=\"D\u00fcnya G\u00fcc\u00fc Osmanl\u0131 (1453-1595) Slayt (BS) - tarihkursu.com\" \/>\n<meta property=\"og:description\" content=\"Bu yaz\u0131m\u0131zda\u00a0D\u00fcnya G\u00fcc\u00fc Osmanl\u0131 (1453-1595)\u00a0slayt\u0131n\u0131 sizlerle payla\u015f\u0131yoruz.\u00a010. S\u0131n\u0131f tarih 5. \u00dcnite\u00a0slayt\u0131m\u0131z\u00a0de\u011fi\u015fen m\u00fcfredatla\u00a0uyumludur.\" \/>\n<meta property=\"og:url\" content=\"https:\/\/tarihkursu.com\/index.php\/2025\/02\/25\/dunya-gucu-osmanli-1453-1595-slayt-bs\/\" \/>\n<meta property=\"og:site_name\" content=\"tarihkursu.com\" \/>\n<meta property=\"article:published_time\" content=\"2025-02-25T19:25:29+00:00\" \/>\n<meta property=\"article:modified_time\" content=\"2025-04-13T11:05:27+00:00\" \/>\n<meta property=\"og:image\" content=\"https:\/\/tarihkursu.com\/wp-content\/uploads\/2024\/10\/10.sinif_.tarih_.slayt_.png\" \/>\n\t<meta property=\"og:image:width\" content=\"1280\" \/>\n\t<meta property=\"og:image:height\" content=\"720\" \/>\n\t<meta property=\"og:image:type\" content=\"image\/png\" \/>\n<meta name=\"author\" content=\"tarihkursu\" \/>\n<meta name=\"twitter:card\" content=\"summary_large_image\" \/>\n<meta name=\"twitter:label1\" content=\"Yazan:\" \/>\n\t<meta name=\"twitter:data1\" content=\"tarihkursu\" \/>\n\t<meta name=\"twitter:label2\" content=\"Tahmini okuma s\u00fcresi\" \/>\n\t<meta name=\"twitter:data2\" content=\"2 dakika\" \/>\n<script type=\"application\/ld+json\" class=\"yoast-schema-graph\">{\"@context\":\"https:\\\/\\\/schema.org\",\"@graph\":[{\"@type\":\"Article\",\"@id\":\"https:\\\/\\\/tarihkursu.com\\\/index.php\\\/2025\\\/02\\\/25\\\/dunya-gucu-osmanli-1453-1595-slayt-bs\\\/#article\",\"isPartOf\":{\"@id\":\"https:\\\/\\\/tarihkursu.com\\\/index.php\\\/2025\\\/02\\\/25\\\/dunya-gucu-osmanli-1453-1595-slayt-bs\\\/\"},\"author\":{\"name\":\"tarihkursu\",\"@id\":\"https:\\\/\\\/tarihkursu.com\\\/#\\\/schema\\\/person\\\/d0f9105e31352dbe9f08d098ffb8c878\"},\"headline\":\"D\u00fcnya G\u00fcc\u00fc Osmanl\u0131 (1453-1595) Slayt (BS)\",\"datePublished\":\"2025-02-25T19:25:29+00:00\",\"dateModified\":\"2025-04-13T11:05:27+00:00\",\"mainEntityOfPage\":{\"@id\":\"https:\\\/\\\/tarihkursu.com\\\/index.php\\\/2025\\\/02\\\/25\\\/dunya-gucu-osmanli-1453-1595-slayt-bs\\\/\"},\"wordCount\":411,\"commentCount\":2,\"publisher\":{\"@id\":\"https:\\\/\\\/tarihkursu.com\\\/#\\\/schema\\\/person\\\/4d7bdc3b79e9f5198455474c0f203f3c\"},\"image\":{\"@id\":\"https:\\\/\\\/tarihkursu.com\\\/index.php\\\/2025\\\/02\\\/25\\\/dunya-gucu-osmanli-1453-1595-slayt-bs\\\/#primaryimage\"},\"thumbnailUrl\":\"https:\\\/\\\/tarihkursu.com\\\/wp-content\\\/uploads\\\/2024\\\/10\\\/10.sinif_.tarih_.slayt_.png\",\"keywords\":[\"10. s\u0131n\u0131f tarih\",\"10. s\u0131n\u0131f tarih slayt\"],\"articleSection\":[\"10. S\u0131n\u0131f Tarih PDF\",\"10.S\u0131n\u0131f Tarih SLAYT\",\"Slayt Deposu\"],\"inLanguage\":\"tr\",\"potentialAction\":[{\"@type\":\"CommentAction\",\"name\":\"Comment\",\"target\":[\"https:\\\/\\\/tarihkursu.com\\\/index.php\\\/2025\\\/02\\\/25\\\/dunya-gucu-osmanli-1453-1595-slayt-bs\\\/#respond\"]}]},{\"@type\":\"WebPage\",\"@id\":\"https:\\\/\\\/tarihkursu.com\\\/index.php\\\/2025\\\/02\\\/25\\\/dunya-gucu-osmanli-1453-1595-slayt-bs\\\/\",\"url\":\"https:\\\/\\\/tarihkursu.com\\\/index.php\\\/2025\\\/02\\\/25\\\/dunya-gucu-osmanli-1453-1595-slayt-bs\\\/\",\"name\":\"D\u00fcnya G\u00fcc\u00fc Osmanl\u0131 (1453-1595) Slayt (BS) - tarihkursu.com\",\"isPartOf\":{\"@id\":\"https:\\\/\\\/tarihkursu.com\\\/#website\"},\"primaryImageOfPage\":{\"@id\":\"https:\\\/\\\/tarihkursu.com\\\/index.php\\\/2025\\\/02\\\/25\\\/dunya-gucu-osmanli-1453-1595-slayt-bs\\\/#primaryimage\"},\"image\":{\"@id\":\"https:\\\/\\\/tarihkursu.com\\\/index.php\\\/2025\\\/02\\\/25\\\/dunya-gucu-osmanli-1453-1595-slayt-bs\\\/#primaryimage\"},\"thumbnailUrl\":\"https:\\\/\\\/tarihkursu.com\\\/wp-content\\\/uploads\\\/2024\\\/10\\\/10.sinif_.tarih_.slayt_.png\",\"datePublished\":\"2025-02-25T19:25:29+00:00\",\"dateModified\":\"2025-04-13T11:05:27+00:00\",\"description\":\"Bu yaz\u0131m\u0131zda\u00a0D\u00fcnya G\u00fcc\u00fc Osmanl\u0131 (1453-1595)\u00a0slayt\u0131n\u0131 sizlerle payla\u015f\u0131yoruz.\u00a010. S\u0131n\u0131f tarih 5. \u00dcnite\u00a0slayt\u0131m\u0131z\u00a0de\u011fi\u015fen m\u00fcfredatla\u00a0uyumludur.\",\"breadcrumb\":{\"@id\":\"https:\\\/\\\/tarihkursu.com\\\/index.php\\\/2025\\\/02\\\/25\\\/dunya-gucu-osmanli-1453-1595-slayt-bs\\\/#breadcrumb\"},\"inLanguage\":\"tr\",\"potentialAction\":[{\"@type\":\"ReadAction\",\"target\":[\"https:\\\/\\\/tarihkursu.com\\\/index.php\\\/2025\\\/02\\\/25\\\/dunya-gucu-osmanli-1453-1595-slayt-bs\\\/\"]}]},{\"@type\":\"ImageObject\",\"inLanguage\":\"tr\",\"@id\":\"https:\\\/\\\/tarihkursu.com\\\/index.php\\\/2025\\\/02\\\/25\\\/dunya-gucu-osmanli-1453-1595-slayt-bs\\\/#primaryimage\",\"url\":\"https:\\\/\\\/tarihkursu.com\\\/wp-content\\\/uploads\\\/2024\\\/10\\\/10.sinif_.tarih_.slayt_.png\",\"contentUrl\":\"https:\\\/\\\/tarihkursu.com\\\/wp-content\\\/uploads\\\/2024\\\/10\\\/10.sinif_.tarih_.slayt_.png\",\"width\":1280,\"height\":720,\"caption\":\"10 s\u0131n\u0131f tarih\"},{\"@type\":\"BreadcrumbList\",\"@id\":\"https:\\\/\\\/tarihkursu.com\\\/index.php\\\/2025\\\/02\\\/25\\\/dunya-gucu-osmanli-1453-1595-slayt-bs\\\/#breadcrumb\",\"itemListElement\":[{\"@type\":\"ListItem\",\"position\":1,\"name\":\"Anasayfa\",\"item\":\"https:\\\/\\\/tarihkursu.com\\\/\"},{\"@type\":\"ListItem\",\"position\":2,\"name\":\"D\u00fcnya G\u00fcc\u00fc Osmanl\u0131 (1453-1595) Slayt (BS)\"}]},{\"@type\":\"WebSite\",\"@id\":\"https:\\\/\\\/tarihkursu.com\\\/#website\",\"url\":\"https:\\\/\\\/tarihkursu.com\\\/\",\"name\":\"Tarih Kursu\",\"description\":\"\u0130\u015fimiz G\u00fcc\u00fcm\u00fcz Tarih\",\"publisher\":{\"@id\":\"https:\\\/\\\/tarihkursu.com\\\/#\\\/schema\\\/person\\\/4d7bdc3b79e9f5198455474c0f203f3c\"},\"potentialAction\":[{\"@type\":\"SearchAction\",\"target\":{\"@type\":\"EntryPoint\",\"urlTemplate\":\"https:\\\/\\\/tarihkursu.com\\\/?s={search_term_string}\"},\"query-input\":{\"@type\":\"PropertyValueSpecification\",\"valueRequired\":true,\"valueName\":\"search_term_string\"}}],\"inLanguage\":\"tr\"},{\"@type\":[\"Person\",\"Organization\"],\"@id\":\"https:\\\/\\\/tarihkursu.com\\\/#\\\/schema\\\/person\\\/4d7bdc3b79e9f5198455474c0f203f3c\",\"name\":\"admin\",\"image\":{\"@type\":\"ImageObject\",\"inLanguage\":\"tr\",\"@id\":\"https:\\\/\\\/tarihkursu.com\\\/wp-content\\\/uploads\\\/2024\\\/10\\\/TARIHKURSU-Kopyasi.png\",\"url\":\"https:\\\/\\\/tarihkursu.com\\\/wp-content\\\/uploads\\\/2024\\\/10\\\/TARIHKURSU-Kopyasi.png\",\"contentUrl\":\"https:\\\/\\\/tarihkursu.com\\\/wp-content\\\/uploads\\\/2024\\\/10\\\/TARIHKURSU-Kopyasi.png\",\"width\":1080,\"height\":1080,\"caption\":\"admin\"},\"logo\":{\"@id\":\"https:\\\/\\\/tarihkursu.com\\\/wp-content\\\/uploads\\\/2024\\\/10\\\/TARIHKURSU-Kopyasi.png\"},\"sameAs\":[\"https:\\\/\\\/tarihkursu.com\"]},{\"@type\":\"Person\",\"@id\":\"https:\\\/\\\/tarihkursu.com\\\/#\\\/schema\\\/person\\\/d0f9105e31352dbe9f08d098ffb8c878\",\"name\":\"tarihkursu\",\"image\":{\"@type\":\"ImageObject\",\"inLanguage\":\"tr\",\"@id\":\"https:\\\/\\\/secure.gravatar.com\\\/avatar\\\/1354763acbc865faa7650c3e1e4431f187276d71f132349411302a546cdeae54?s=96&d=mm&r=g\",\"url\":\"https:\\\/\\\/secure.gravatar.com\\\/avatar\\\/1354763acbc865faa7650c3e1e4431f187276d71f132349411302a546cdeae54?s=96&d=mm&r=g\",\"contentUrl\":\"https:\\\/\\\/secure.gravatar.com\\\/avatar\\\/1354763acbc865faa7650c3e1e4431f187276d71f132349411302a546cdeae54?s=96&d=mm&r=g\",\"caption\":\"tarihkursu\"},\"url\":\"https:\\\/\\\/tarihkursu.com\\\/index.php\\\/author\\\/tarihkursu\\\/\"}]}<\/script>\n<!-- \/ Yoast SEO plugin. -->","yoast_head_json":{"title":"D\u00fcnya G\u00fcc\u00fc Osmanl\u0131 (1453-1595) Slayt (BS) - tarihkursu.com","description":"Bu yaz\u0131m\u0131zda\u00a0D\u00fcnya G\u00fcc\u00fc Osmanl\u0131 (1453-1595)\u00a0slayt\u0131n\u0131 sizlerle payla\u015f\u0131yoruz.\u00a010. S\u0131n\u0131f tarih 5. \u00dcnite\u00a0slayt\u0131m\u0131z\u00a0de\u011fi\u015fen m\u00fcfredatla\u00a0uyumludur.","robots":{"index":"index","follow":"follow","max-snippet":"max-snippet:-1","max-image-preview":"max-image-preview:large","max-video-preview":"max-video-preview:-1"},"canonical":"https:\/\/tarihkursu.com\/index.php\/2025\/02\/25\/dunya-gucu-osmanli-1453-1595-slayt-bs\/","og_locale":"tr_TR","og_type":"article","og_title":"D\u00fcnya G\u00fcc\u00fc Osmanl\u0131 (1453-1595) Slayt (BS) - tarihkursu.com","og_description":"Bu yaz\u0131m\u0131zda\u00a0D\u00fcnya G\u00fcc\u00fc Osmanl\u0131 (1453-1595)\u00a0slayt\u0131n\u0131 sizlerle payla\u015f\u0131yoruz.\u00a010. S\u0131n\u0131f tarih 5. \u00dcnite\u00a0slayt\u0131m\u0131z\u00a0de\u011fi\u015fen m\u00fcfredatla\u00a0uyumludur.","og_url":"https:\/\/tarihkursu.com\/index.php\/2025\/02\/25\/dunya-gucu-osmanli-1453-1595-slayt-bs\/","og_site_name":"tarihkursu.com","article_published_time":"2025-02-25T19:25:29+00:00","article_modified_time":"2025-04-13T11:05:27+00:00","og_image":[{"width":1280,"height":720,"url":"https:\/\/tarihkursu.com\/wp-content\/uploads\/2024\/10\/10.sinif_.tarih_.slayt_.png","type":"image\/png"}],"author":"tarihkursu","twitter_card":"summary_large_image","twitter_misc":{"Yazan:":"tarihkursu","Tahmini okuma s\u00fcresi":"2 dakika"},"schema":{"@context":"https:\/\/schema.org","@graph":[{"@type":"Article","@id":"https:\/\/tarihkursu.com\/index.php\/2025\/02\/25\/dunya-gucu-osmanli-1453-1595-slayt-bs\/#article","isPartOf":{"@id":"https:\/\/tarihkursu.com\/index.php\/2025\/02\/25\/dunya-gucu-osmanli-1453-1595-slayt-bs\/"},"author":{"name":"tarihkursu","@id":"https:\/\/tarihkursu.com\/#\/schema\/person\/d0f9105e31352dbe9f08d098ffb8c878"},"headline":"D\u00fcnya G\u00fcc\u00fc Osmanl\u0131 (1453-1595) Slayt (BS)","datePublished":"2025-02-25T19:25:29+00:00","dateModified":"2025-04-13T11:05:27+00:00","mainEntityOfPage":{"@id":"https:\/\/tarihkursu.com\/index.php\/2025\/02\/25\/dunya-gucu-osmanli-1453-1595-slayt-bs\/"},"wordCount":411,"commentCount":2,"publisher":{"@id":"https:\/\/tarihkursu.com\/#\/schema\/person\/4d7bdc3b79e9f5198455474c0f203f3c"},"image":{"@id":"https:\/\/tarihkursu.com\/index.php\/2025\/02\/25\/dunya-gucu-osmanli-1453-1595-slayt-bs\/#primaryimage"},"thumbnailUrl":"https:\/\/tarihkursu.com\/wp-content\/uploads\/2024\/10\/10.sinif_.tarih_.slayt_.png","keywords":["10. s\u0131n\u0131f tarih","10. s\u0131n\u0131f tarih slayt"],"articleSection":["10. S\u0131n\u0131f Tarih PDF","10.S\u0131n\u0131f Tarih SLAYT","Slayt Deposu"],"inLanguage":"tr","potentialAction":[{"@type":"CommentAction","name":"Comment","target":["https:\/\/tarihkursu.com\/index.php\/2025\/02\/25\/dunya-gucu-osmanli-1453-1595-slayt-bs\/#respond"]}]},{"@type":"WebPage","@id":"https:\/\/tarihkursu.com\/index.php\/2025\/02\/25\/dunya-gucu-osmanli-1453-1595-slayt-bs\/","url":"https:\/\/tarihkursu.com\/index.php\/2025\/02\/25\/dunya-gucu-osmanli-1453-1595-slayt-bs\/","name":"D\u00fcnya G\u00fcc\u00fc Osmanl\u0131 (1453-1595) Slayt (BS) - tarihkursu.com","isPartOf":{"@id":"https:\/\/tarihkursu.com\/#website"},"primaryImageOfPage":{"@id":"https:\/\/tarihkursu.com\/index.php\/2025\/02\/25\/dunya-gucu-osmanli-1453-1595-slayt-bs\/#primaryimage"},"image":{"@id":"https:\/\/tarihkursu.com\/index.php\/2025\/02\/25\/dunya-gucu-osmanli-1453-1595-slayt-bs\/#primaryimage"},"thumbnailUrl":"https:\/\/tarihkursu.com\/wp-content\/uploads\/2024\/10\/10.sinif_.tarih_.slayt_.png","datePublished":"2025-02-25T19:25:29+00:00","dateModified":"2025-04-13T11:05:27+00:00","description":"Bu yaz\u0131m\u0131zda\u00a0D\u00fcnya G\u00fcc\u00fc Osmanl\u0131 (1453-1595)\u00a0slayt\u0131n\u0131 sizlerle payla\u015f\u0131yoruz.\u00a010. S\u0131n\u0131f tarih 5. \u00dcnite\u00a0slayt\u0131m\u0131z\u00a0de\u011fi\u015fen m\u00fcfredatla\u00a0uyumludur.","breadcrumb":{"@id":"https:\/\/tarihkursu.com\/index.php\/2025\/02\/25\/dunya-gucu-osmanli-1453-1595-slayt-bs\/#breadcrumb"},"inLanguage":"tr","potentialAction":[{"@type":"ReadAction","target":["https:\/\/tarihkursu.com\/index.php\/2025\/02\/25\/dunya-gucu-osmanli-1453-1595-slayt-bs\/"]}]},{"@type":"ImageObject","inLanguage":"tr","@id":"https:\/\/tarihkursu.com\/index.php\/2025\/02\/25\/dunya-gucu-osmanli-1453-1595-slayt-bs\/#primaryimage","url":"https:\/\/tarihkursu.com\/wp-content\/uploads\/2024\/10\/10.sinif_.tarih_.slayt_.png","contentUrl":"https:\/\/tarihkursu.com\/wp-content\/uploads\/2024\/10\/10.sinif_.tarih_.slayt_.png","width":1280,"height":720,"caption":"10 s\u0131n\u0131f tarih"},{"@type":"BreadcrumbList","@id":"https:\/\/tarihkursu.com\/index.php\/2025\/02\/25\/dunya-gucu-osmanli-1453-1595-slayt-bs\/#breadcrumb","itemListElement":[{"@type":"ListItem","position":1,"name":"Anasayfa","item":"https:\/\/tarihkursu.com\/"},{"@type":"ListItem","position":2,"name":"D\u00fcnya G\u00fcc\u00fc Osmanl\u0131 (1453-1595) Slayt (BS)"}]},{"@type":"WebSite","@id":"https:\/\/tarihkursu.com\/#website","url":"https:\/\/tarihkursu.com\/","name":"Tarih Kursu","description":"\u0130\u015fimiz G\u00fcc\u00fcm\u00fcz Tarih","publisher":{"@id":"https:\/\/tarihkursu.com\/#\/schema\/person\/4d7bdc3b79e9f5198455474c0f203f3c"},"potentialAction":[{"@type":"SearchAction","target":{"@type":"EntryPoint","urlTemplate":"https:\/\/tarihkursu.com\/?s={search_term_string}"},"query-input":{"@type":"PropertyValueSpecification","valueRequired":true,"valueName":"search_term_string"}}],"inLanguage":"tr"},{"@type":["Person","Organization"],"@id":"https:\/\/tarihkursu.com\/#\/schema\/person\/4d7bdc3b79e9f5198455474c0f203f3c","name":"admin","image":{"@type":"ImageObject","inLanguage":"tr","@id":"https:\/\/tarihkursu.com\/wp-content\/uploads\/2024\/10\/TARIHKURSU-Kopyasi.png","url":"https:\/\/tarihkursu.com\/wp-content\/uploads\/2024\/10\/TARIHKURSU-Kopyasi.png","contentUrl":"https:\/\/tarihkursu.com\/wp-content\/uploads\/2024\/10\/TARIHKURSU-Kopyasi.png","width":1080,"height":1080,"caption":"admin"},"logo":{"@id":"https:\/\/tarihkursu.com\/wp-content\/uploads\/2024\/10\/TARIHKURSU-Kopyasi.png"},"sameAs":["https:\/\/tarihkursu.com"]},{"@type":"Person","@id":"https:\/\/tarihkursu.com\/#\/schema\/person\/d0f9105e31352dbe9f08d098ffb8c878","name":"tarihkursu","image":{"@type":"ImageObject","inLanguage":"tr","@id":"https:\/\/secure.gravatar.com\/avatar\/1354763acbc865faa7650c3e1e4431f187276d71f132349411302a546cdeae54?s=96&d=mm&r=g","url":"https:\/\/secure.gravatar.com\/avatar\/1354763acbc865faa7650c3e1e4431f187276d71f132349411302a546cdeae54?s=96&d=mm&r=g","contentUrl":"https:\/\/secure.gravatar.com\/avatar\/1354763acbc865faa7650c3e1e4431f187276d71f132349411302a546cdeae54?s=96&d=mm&r=g","caption":"tarihkursu"},"url":"https:\/\/tarihkursu.com\/index.php\/author\/tarihkursu\/"}]}},"_links":{"self":[{"href":"https:\/\/tarihkursu.com\/index.php\/wp-json\/wp\/v2\/posts\/2387","targetHints":{"allow":["GET"]}}],"collection":[{"href":"https:\/\/tarihkursu.com\/index.php\/wp-json\/wp\/v2\/posts"}],"about":[{"href":"https:\/\/tarihkursu.com\/index.php\/wp-json\/wp\/v2\/types\/post"}],"author":[{"embeddable":true,"href":"https:\/\/tarihkursu.com\/index.php\/wp-json\/wp\/v2\/users\/2"}],"replies":[{"embeddable":true,"href":"https:\/\/tarihkursu.com\/index.php\/wp-json\/wp\/v2\/comments?post=2387"}],"version-history":[{"count":4,"href":"https:\/\/tarihkursu.com\/index.php\/wp-json\/wp\/v2\/posts\/2387\/revisions"}],"predecessor-version":[{"id":2504,"href":"https:\/\/tarihkursu.com\/index.php\/wp-json\/wp\/v2\/posts\/2387\/revisions\/2504"}],"wp:featuredmedia":[{"embeddable":true,"href":"https:\/\/tarihkursu.com\/index.php\/wp-json\/wp\/v2\/media\/1611"}],"wp:attachment":[{"href":"https:\/\/tarihkursu.com\/index.php\/wp-json\/wp\/v2\/media?parent=2387"}],"wp:term":[{"taxonomy":"category","embeddable":true,"href":"https:\/\/tarihkursu.com\/index.php\/wp-json\/wp\/v2\/categories?post=2387"},{"taxonomy":"post_tag","embeddable":true,"href":"https:\/\/tarihkursu.com\/index.php\/wp-json\/wp\/v2\/tags?post=2387"}],"curies":[{"name":"wp","href":"https:\/\/api.w.org\/{rel}","templated":true}]}}