{"id":243,"date":"2024-08-31T17:07:00","date_gmt":"2024-08-31T14:07:00","guid":{"rendered":""},"modified":"2024-10-18T21:02:58","modified_gmt":"2024-10-18T18:02:58","slug":"2024-2025-egitim-ogretim-yili-destekleme-ve-yetistirme-kurslari-yillik-planlari","status":"publish","type":"post","link":"https:\/\/tarihkursu.com\/index.php\/2024\/08\/31\/2024-2025-egitim-ogretim-yili-destekleme-ve-yetistirme-kurslari-yillik-planlari\/","title":{"rendered":"2024-2025 E\u011fitim \u00d6\u011fretim Y\u0131l\u0131 Destekleme ve Yeti\u015ftirme Kurslar\u0131 Y\u0131ll\u0131k Planlar\u0131"},"content":{"rendered":"<p><span style=\"font-family: arial;\">&nbsp;<\/span><\/p>\n<div style=\"clear: both; text-align: center;\"><a href=\"https:\/\/blogger.googleusercontent.com\/img\/b\/R29vZ2xl\/AVvXsEiJnJByhBDCJ1Y6dobKpYJ0TgJwMexSyDDKY4dqeGH37Sl-8G0j9wLfkn4tZBQPZsENchZatYbFDSN116tK_N0wPKI9mtRD_H0CuAld29OCcxHyCkrNIQ-ClPw_X9N9FdrT1Wb9EjFY8Ck-VQSEiNsSGHEGffa4SAn3pXij-H57hMHPNuwZacQjS3orwL2v\/s1280\/destekleme-ve-yeti%C5%9Ftirme-kursu.jpg\" style=\"margin-left: 1em; margin-right: 1em;\"><span style=\"font-family: arial;\"><img loading=\"lazy\" decoding=\"async\" border=\"0\" data-original-height=\"720\" data-original-width=\"1280\" height=\"360\" src=\"https:\/\/tarihkursu.com\/wp-content\/uploads\/2024\/08\/destekleme-ve-yeti-C5-9Ftirme-kursu-300x169.jpg\" width=\"640\" \/><\/span><\/a><\/div>\n<div style=\"clear: both; text-align: left;\"><span style=\"font-family: arial;\"><br \/><\/span><\/div>\n<div style=\"clear: both; text-align: left;\"><span style=\"font-family: arial;\">2024-2025 e\u011fitim \u00f6\u011fretim y\u0131l\u0131 i\u00e7in Milli E\u011fitim Bakanl\u0131\u011f\u0131 taraf\u0131ndan d\u00fczenlenen Destekleme ve Yeti\u015ftirme Kurslar\u0131, \u00f6\u011frencilerin akademik ba\u015far\u0131lar\u0131n\u0131 desteklemek ve \u00f6\u011frenim g\u00f6rd\u00fckleri konularda eksiklerini gidermelerine yard\u0131mc\u0131 olmak amac\u0131yla planlanm\u0131\u015ft\u0131r. Bu yaz\u0131m\u0131zda, B\u00fct\u00fcn s\u0131n\u0131f d\u00fczeylerinde haz\u0131rlanan g\u00fcncel Destekleme ve Yeti\u015ftirme Kurslar\u0131 y\u0131ll\u0131k planlar\u0131n\u0131 sizlerle payla\u015faca\u011f\u0131z.<\/span><\/div>\n<div style=\"clear: both; text-align: left;\"><span style=\"font-family: arial;\"><br \/><\/span><\/div>\n<h2 style=\"clear: both; text-align: left;\"><span style=\"font-family: arial;\"><a href=\"https:\/\/disk.yandex.com.tr\/i\/4560_sWurWaOuQ\" target=\"_blank\" rel=\"noopener\">2024- 2025 Y\u0131l\u0131 11. S\u0131n\u0131flar \u0130\u00e7in&nbsp;Destekleme ve Yeti\u015ftirme Kurslar\u0131 y\u0131ll\u0131k planlar\u0131n\u0131 indirmek i\u00e7in TIKLA<\/a><\/span><\/h2>\n<div style=\"clear: both; text-align: left;\"><span style=\"font-family: arial;\"><br \/><\/span><\/div>\n<h2 style=\"clear: both; text-align: left;\"><span style=\"font-family: arial;\"><a href=\"https:\/\/disk.yandex.com.tr\/i\/gZocztjfHmLYmQ\" target=\"_blank\" rel=\"noopener\">2024- 2025 Y\u0131l\u0131 12. S\u0131n\u0131flar T.C \u0130nk\u0131lap Tarihi ve Atat\u00fcrk\u00e7\u00fcl\u00fck Dersi Destekleme ve Yeti\u015ftirme Kurslar\u0131 y\u0131ll\u0131k planlar\u0131n\u0131 indirmek i\u00e7in TIKLA<\/a><\/span><\/h2>\n<h2 style=\"clear: both; text-align: left;\"><span style=\"font-family: arial;\"><br \/><\/span><span style=\"font-family: arial;\"><a href=\"https:\/\/disk.yandex.com.tr\/i\/mXw5wEPiOf6yyA\">2024- 2025 Y\u0131l\u0131 Mezunlar ve 12. S\u0131n\u0131flar \u0130\u00e7in TYT Tarih Destekleme ve Yeti\u015ftirme Kurslar\u0131 y\u0131ll\u0131k planlar\u0131n\u0131 indirmek i\u00e7in TIKLA<\/a><\/span><\/h2>\n<div style=\"clear: both; text-align: left;\"><span style=\"font-family: arial;\"><br \/><\/span><\/div>\n<h2 style=\"clear: both; text-align: left;\"><span style=\"font-family: arial;\"><a href=\"https:\/\/disk.yandex.com.tr\/i\/EMifGJ-9w78yCw\" target=\"_blank\" rel=\"noopener\">2024- 2025 Y\u0131l\u0131 Mezunlar ve 12. S\u0131n\u0131flar \u0130\u00e7in AYT Tarih Destekleme ve Yeti\u015ftirme Kurslar\u0131 y\u0131ll\u0131k planlar\u0131n\u0131 indirmek i\u00e7in TIKLA<\/a><\/span><\/h2>\n<h2 style=\"text-align: left;\"><span style=\"font-family: arial;\"><a href=\"http:\/\/www.shopier.com\/tarihkursu\" target=\"_blank\" rel=\"noopener\">Destekleme ve Yeti\u015ftirme Kurslar\u0131 i\u00e7in haz\u0131rlad\u0131\u011f\u0131m\u0131z slaytlara ula\u015fmak i\u00e7in TIKLA<\/a><\/span><\/h2>\n<\/p>\n<h3 style=\"clear: both; text-align: left;\"><span style=\"font-family: arial;\">Destekleme ve Yeti\u015ftirme Kurslar\u0131 Nedir?<\/span><\/h3>\n<div style=\"clear: both;\">\n<div style=\"clear: both;\"><span style=\"font-family: arial;\">Destekleme ve Yeti\u015ftirme Kurslar\u0131, Milli E\u011fitim Bakanl\u0131\u011f\u0131na ba\u011fl\u0131 resmi ve \u00f6zel \u00f6rg\u00fcn e\u011fitim kurumlar\u0131nda e\u011fitim g\u00f6ren \u00f6\u011frenciler ve mezun olan bireyler i\u00e7in d\u00fczenlenen kurslard\u0131r. Bu kurslar, \u00f6\u011frencilerin s\u0131nav ba\u015far\u0131s\u0131n\u0131 art\u0131rmak, derslerdeki ba\u015far\u0131 seviyelerini y\u00fckseltmek ve eksik olduklar\u0131 konularda destek sa\u011flamak amac\u0131yla y\u00fcr\u00fct\u00fclmektedir.<\/span><\/div>\n<div style=\"clear: both;\"><span style=\"font-family: arial;\"><br \/><\/span><\/div>\n<h3 style=\"clear: both; text-align: left;\"><span style=\"font-family: arial;\">Kurslar\u0131n Amac\u0131 ve Kapsam\u0131<\/span><\/h3>\n<div style=\"clear: both;\"><span style=\"font-family: arial;\">Bu kurslar\u0131n amac\u0131, \u00f6\u011frencilere ve mezunlara belirli derslerde ek e\u011fitim deste\u011fi sunarak, \u00f6\u011frenim hayatlar\u0131n\u0131 desteklemektir. Destekleme ve Yeti\u015ftirme Kurslar\u0131, ortaokul ve lise d\u00fczeyindeki dersler ba\u015fta olmak \u00fczere \u00e7e\u015fitli dersleri kapsamaktad\u0131r. Kurslar; \u00f6\u011fretim y\u0131l\u0131 boyunca hafta i\u00e7i veya hafta sonlar\u0131 d\u00fczenlenebilece\u011fi gibi yaz d\u00f6neminde de ger\u00e7ekle\u015ftirilebilmektedir.<\/span><\/div>\n<div style=\"clear: both;\"><span style=\"font-family: arial;\"><br \/><\/span><\/div>\n<h3 style=\"clear: both; text-align: left;\"><span style=\"font-family: arial;\">Kurs Merkezleri ve A\u00e7\u0131lacak Dersler<\/span><\/h3>\n<div style=\"clear: both;\"><span style=\"font-family: arial;\">Kurslar, resmi ortaokullar, imam-hatip ortaokullar\u0131, \u00f6zel e\u011fitim okullar\u0131, meslek liseleri, genel liseler ve halk e\u011fitimi merkezlerinde a\u00e7\u0131labilir. Ayr\u0131ca, co\u011frafi ko\u015fullar, ula\u015f\u0131m kolayl\u0131\u011f\u0131 ve \u00f6\u011frenci say\u0131s\u0131 gibi etkenler de kurs merkezlerinin belirlenmesinde dikkate al\u0131nmaktad\u0131r. Kurslarda, Bakanl\u0131k taraf\u0131ndan belirlenen m\u00fcfredata uygun olarak T\u00fcrk\u00e7e, Matematik, Fen Bilimleri, Sosyal Bilgiler, Yabanc\u0131 Dil gibi temel dersler i\u015flenmektedir.<\/span><\/div>\n<div style=\"clear: both;\"><span style=\"font-family: arial;\"><br \/><\/span><\/div>\n<h3 style=\"clear: both; text-align: left;\"><span style=\"font-family: arial;\">Kurslar\u0131n Ba\u015flang\u0131\u00e7 ve Biti\u015f Tarihleri<\/span><\/h3>\n<div style=\"clear: both;\"><span style=\"font-family: arial;\">Destekleme ve Yeti\u015ftirme Kurslar\u0131, e\u011fitim ve \u00f6\u011fretim d\u00f6nemleri ile yaz d\u00f6nemi olmak \u00fczere iki ana d\u00f6nemde planlanmaktad\u0131r. E\u011fitim \u00f6\u011fretim d\u00f6nemi kurslar\u0131 genellikle Eyl\u00fcl ay\u0131nda ba\u015flar ve ders y\u0131l\u0131n\u0131n sonuna kadar devam eder. Yaz d\u00f6nemi kurslar\u0131 ise Temmuz ay\u0131nda ba\u015flar ve en fazla sekiz hafta s\u00fcrer. Kurslar, hafta i\u00e7i ak\u015fam saatlerinde veya hafta sonlar\u0131 d\u00fczenlenebilir, bu da \u00f6\u011frencilere okul d\u0131\u015f\u0131ndaki zamanlar\u0131n\u0131 verimli bir \u015fekilde de\u011ferlendirme imkan\u0131 sunar.<\/span><\/div>\n<div style=\"clear: both;\"><span style=\"font-family: arial;\"><br \/><\/span><\/div>\n<h4 style=\"clear: both; text-align: left;\"><span style=\"font-family: arial;\">Kat\u0131l\u0131m ve Devam \u015eartlar\u0131<\/span><\/h4>\n<div style=\"clear: both;\"><span style=\"font-family: arial;\">Kurslara kat\u0131l\u0131m iste\u011fe ba\u011fl\u0131d\u0131r ancak kat\u0131lmay\u0131 tercih eden \u00f6\u011frencilerin belirli devam \u015fartlar\u0131n\u0131 sa\u011flamalar\u0131 gerekmektedir. Her kursun bir devam zorunlulu\u011fu vard\u0131r ve belirlenen ders saatlerinin y\u00fczde 20\u2019sine \u00f6z\u00fcrs\u00fcz devam etmeyen \u00f6\u011frencilerin kurs kayd\u0131 silinir. Ayr\u0131ca, kurslara kat\u0131lmak isteyen \u00f6\u011frenciler, bulunduklar\u0131 il veya il\u00e7edeki uygun kurs merkezlerine ba\u015fvuruda bulunabilirler.<\/span><\/div>\n<div style=\"clear: both;\"><span style=\"font-family: arial;\"><br \/><\/span><\/div>\n<h4 style=\"clear: both; text-align: left;\"><span style=\"font-family: arial;\">Kurslarda G\u00f6rev Alacak \u00d6\u011fretmenler<\/span><\/h4>\n<div style=\"clear: both;\"><span style=\"font-family: arial;\">Destekleme ve Yeti\u015ftirme Kurslar\u0131nda g\u00f6rev alacak \u00f6\u011fretmenler, Bakanl\u0131k taraf\u0131ndan belirlenen kriterler do\u011frultusunda se\u00e7ilmektedir. Kurslar, kadrolu \u00f6\u011fretmenler taraf\u0131ndan y\u00fcr\u00fct\u00fcl\u00fcrken, ihtiya\u00e7 halinde s\u00f6zle\u015fmeli \u00f6\u011fretmenler veya \u00f6zel okul \u00f6\u011fretmenleri de g\u00f6revlendirilebilir. \u00d6\u011fretmenlerin kurslarda g\u00f6rev alabilmeleri i\u00e7in e-Kurs Mod\u00fcl\u00fc \u00fczerinden ba\u015fvuruda bulunmalar\u0131 gerekmektedir.<\/span><\/div>\n<div style=\"clear: both;\"><span style=\"font-family: arial;\"><br \/><\/span><\/div>\n<h4 style=\"clear: both; text-align: left;\"><span style=\"font-family: arial;\">Kurslar\u0131n Y\u00f6netimi ve Denetimi<\/span><\/h4>\n<div style=\"clear: both;\"><span style=\"font-family: arial;\">Kurslar\u0131n y\u00f6netimi, kurs merkezlerindeki m\u00fcd\u00fcrler taraf\u0131ndan sa\u011flanmaktad\u0131r. Kurslarla ilgili i\u015f ve i\u015flemler, kurs merkezi m\u00fcd\u00fcr\u00fc ve m\u00fcd\u00fcr yard\u0131mc\u0131lar\u0131 taraf\u0131ndan y\u00fcr\u00fct\u00fcl\u00fcr. Ayr\u0131ca, kurslar\u0131n kalitesini art\u0131rmak ve d\u00fczenli denetim sa\u011flamak amac\u0131yla Milli E\u011fitim M\u00fcd\u00fcrl\u00fckleri taraf\u0131ndan \u00e7e\u015fitli izleme ve de\u011ferlendirme s\u00fcre\u00e7leri uygulan\u0131r. Bu kapsamda, her e\u011fitim d\u00f6neminde kurslar\u0131n denetimi ger\u00e7ekle\u015ftirilir ve raporlar d\u00fczenlenerek ilgili birimlere sunulur.<\/span><\/div>\n<div style=\"clear: both;\"><span style=\"font-family: arial;\"><br \/><\/span><\/div>\n<h4 style=\"clear: both; text-align: left;\"><span style=\"font-family: arial;\">Kurslar\u0131n Faydalar\u0131<\/span><\/h4>\n<div style=\"clear: both;\"><span style=\"font-family: arial;\">Destekleme ve Yeti\u015ftirme Kurslar\u0131, \u00f6\u011frencilere ek \u00f6\u011frenme f\u0131rsatlar\u0131 sunarak akademik ba\u015far\u0131lar\u0131n\u0131 art\u0131rmalar\u0131na olanak tan\u0131r. Ayn\u0131 zamanda, \u00f6\u011frencilerin s\u0131nav stresiyle ba\u015fa \u00e7\u0131kmalar\u0131na, eksik olduklar\u0131 konular\u0131 tamamlamalar\u0131na ve derslerdeki ba\u015far\u0131 seviyelerini y\u00fckseltmelerine yard\u0131mc\u0131 olur. Bu kurslar, bireysel \u00f6\u011frenme ihtiya\u00e7lar\u0131na uygun destek sa\u011flayarak, \u00f6\u011frencilerin e\u011fitim hayatlar\u0131nda ba\u015far\u0131ya ula\u015fmalar\u0131na katk\u0131da bulunur.<\/span><\/div>\n<\/div>\n<p><\/p>\n","protected":false},"excerpt":{"rendered":"<div class=\"mh-excerpt\"><p>&nbsp; 2024-2025 e\u011fitim \u00f6\u011fretim y\u0131l\u0131 i\u00e7in Milli E\u011fitim Bakanl\u0131\u011f\u0131 taraf\u0131ndan d\u00fczenlenen Destekleme ve Yeti\u015ftirme Kurslar\u0131, \u00f6\u011frencilerin akademik ba\u015far\u0131lar\u0131n\u0131 desteklemek ve \u00f6\u011frenim g\u00f6rd\u00fckleri konularda eksiklerini gidermelerine <a class=\"mh-excerpt-more\" href=\"https:\/\/tarihkursu.com\/index.php\/2024\/08\/31\/2024-2025-egitim-ogretim-yili-destekleme-ve-yetistirme-kurslari-yillik-planlari\/\" title=\"2024-2025 E\u011fitim \u00d6\u011fretim Y\u0131l\u0131 Destekleme ve Yeti\u015ftirme Kurslar\u0131 Y\u0131ll\u0131k Planlar\u0131\">[&#8230;]<\/a><\/p>\n<\/div>","protected":false},"author":2,"featured_media":1140,"comment_status":"open","ping_status":"open","sticky":false,"template":"","format":"standard","meta":{"_regular_price":[],"currency_symbol":[],"footnotes":""},"categories":[16],"tags":[],"class_list":["post-243","post","type-post","status-publish","format-standard","has-post-thumbnail","hentry","category-evraklar"],"post_slider_layout_featured_media_urls":{"thumbnail":["https:\/\/tarihkursu.com\/wp-content\/uploads\/2024\/08\/destekleme-ve-yeti-C5-9Ftirme-kursu-150x150.jpg",150,150,true],"post_slider_layout_landscape_large":["https:\/\/tarihkursu.com\/wp-content\/uploads\/2024\/08\/destekleme-ve-yeti-C5-9Ftirme-kursu.jpg",640,360,false],"post_slider_layout_portrait_large":["https:\/\/tarihkursu.com\/wp-content\/uploads\/2024\/08\/destekleme-ve-yeti-C5-9Ftirme-kursu.jpg",640,360,false],"post_slider_layout_square_large":["https:\/\/tarihkursu.com\/wp-content\/uploads\/2024\/08\/destekleme-ve-yeti-C5-9Ftirme-kursu.jpg",640,360,false],"post_slider_layout_landscape":["https:\/\/tarihkursu.com\/wp-content\/uploads\/2024\/08\/destekleme-ve-yeti-C5-9Ftirme-kursu-600x360.jpg",600,360,true],"post_slider_layout_portrait":["https:\/\/tarihkursu.com\/wp-content\/uploads\/2024\/08\/destekleme-ve-yeti-C5-9Ftirme-kursu-600x360.jpg",600,360,true],"post_slider_layout_square":["https:\/\/tarihkursu.com\/wp-content\/uploads\/2024\/08\/destekleme-ve-yeti-C5-9Ftirme-kursu-600x360.jpg",600,360,true],"full":["https:\/\/tarihkursu.com\/wp-content\/uploads\/2024\/08\/destekleme-ve-yeti-C5-9Ftirme-kursu.jpg",640,360,false]},"yoast_head":"<!-- This site is optimized with the Yoast SEO plugin v27.4 - https:\/\/yoast.com\/product\/yoast-seo-wordpress\/ -->\n<title>2024-2025 E\u011fitim \u00d6\u011fretim Y\u0131l\u0131 Destekleme ve Yeti\u015ftirme Kurslar\u0131 Y\u0131ll\u0131k Planlar\u0131 - tarihkursu.com<\/title>\n<meta name=\"robots\" content=\"index, follow, max-snippet:-1, max-image-preview:large, max-video-preview:-1\" \/>\n<link rel=\"canonical\" href=\"https:\/\/tarihkursu.com\/index.php\/2024\/08\/31\/2024-2025-egitim-ogretim-yili-destekleme-ve-yetistirme-kurslari-yillik-planlari\/\" \/>\n<meta property=\"og:locale\" content=\"tr_TR\" \/>\n<meta property=\"og:type\" content=\"article\" \/>\n<meta property=\"og:title\" content=\"2024-2025 E\u011fitim \u00d6\u011fretim Y\u0131l\u0131 Destekleme ve Yeti\u015ftirme Kurslar\u0131 Y\u0131ll\u0131k Planlar\u0131 - tarihkursu.com\" \/>\n<meta property=\"og:description\" content=\"&nbsp; 2024-2025 e\u011fitim \u00f6\u011fretim y\u0131l\u0131 i\u00e7in Milli E\u011fitim Bakanl\u0131\u011f\u0131 taraf\u0131ndan d\u00fczenlenen Destekleme ve Yeti\u015ftirme Kurslar\u0131, \u00f6\u011frencilerin akademik ba\u015far\u0131lar\u0131n\u0131 desteklemek ve \u00f6\u011frenim g\u00f6rd\u00fckleri konularda eksiklerini gidermelerine [...]\" \/>\n<meta property=\"og:url\" content=\"https:\/\/tarihkursu.com\/index.php\/2024\/08\/31\/2024-2025-egitim-ogretim-yili-destekleme-ve-yetistirme-kurslari-yillik-planlari\/\" \/>\n<meta property=\"og:site_name\" content=\"tarihkursu.com\" \/>\n<meta property=\"article:published_time\" content=\"2024-08-31T14:07:00+00:00\" \/>\n<meta property=\"article:modified_time\" content=\"2024-10-18T18:02:58+00:00\" \/>\n<meta property=\"og:image\" content=\"https:\/\/tarihkursu.com\/wp-content\/uploads\/2024\/08\/destekleme-ve-yeti-C5-9Ftirme-kursu.jpg\" \/>\n\t<meta property=\"og:image:width\" content=\"640\" \/>\n\t<meta property=\"og:image:height\" content=\"360\" \/>\n\t<meta property=\"og:image:type\" content=\"image\/jpeg\" \/>\n<meta name=\"author\" content=\"tarihkursu\" \/>\n<meta name=\"twitter:card\" content=\"summary_large_image\" \/>\n<meta name=\"twitter:label1\" content=\"Yazan:\" \/>\n\t<meta name=\"twitter:data1\" content=\"tarihkursu\" \/>\n\t<meta name=\"twitter:label2\" content=\"Tahmini okuma s\u00fcresi\" \/>\n\t<meta name=\"twitter:data2\" content=\"4 dakika\" \/>\n<script type=\"application\/ld+json\" class=\"yoast-schema-graph\">{\"@context\":\"https:\\\/\\\/schema.org\",\"@graph\":[{\"@type\":\"Article\",\"@id\":\"https:\\\/\\\/tarihkursu.com\\\/index.php\\\/2024\\\/08\\\/31\\\/2024-2025-egitim-ogretim-yili-destekleme-ve-yetistirme-kurslari-yillik-planlari\\\/#article\",\"isPartOf\":{\"@id\":\"https:\\\/\\\/tarihkursu.com\\\/index.php\\\/2024\\\/08\\\/31\\\/2024-2025-egitim-ogretim-yili-destekleme-ve-yetistirme-kurslari-yillik-planlari\\\/\"},\"author\":{\"name\":\"tarihkursu\",\"@id\":\"https:\\\/\\\/tarihkursu.com\\\/#\\\/schema\\\/person\\\/d0f9105e31352dbe9f08d098ffb8c878\"},\"headline\":\"2024-2025 E\u011fitim \u00d6\u011fretim Y\u0131l\u0131 Destekleme ve Yeti\u015ftirme Kurslar\u0131 Y\u0131ll\u0131k Planlar\u0131\",\"datePublished\":\"2024-08-31T14:07:00+00:00\",\"dateModified\":\"2024-10-18T18:02:58+00:00\",\"mainEntityOfPage\":{\"@id\":\"https:\\\/\\\/tarihkursu.com\\\/index.php\\\/2024\\\/08\\\/31\\\/2024-2025-egitim-ogretim-yili-destekleme-ve-yetistirme-kurslari-yillik-planlari\\\/\"},\"wordCount\":828,\"commentCount\":0,\"publisher\":{\"@id\":\"https:\\\/\\\/tarihkursu.com\\\/#\\\/schema\\\/person\\\/4d7bdc3b79e9f5198455474c0f203f3c\"},\"image\":{\"@id\":\"https:\\\/\\\/tarihkursu.com\\\/index.php\\\/2024\\\/08\\\/31\\\/2024-2025-egitim-ogretim-yili-destekleme-ve-yetistirme-kurslari-yillik-planlari\\\/#primaryimage\"},\"thumbnailUrl\":\"https:\\\/\\\/tarihkursu.com\\\/wp-content\\\/uploads\\\/2024\\\/08\\\/destekleme-ve-yeti-C5-9Ftirme-kursu.jpg\",\"articleSection\":[\"Evraklar\"],\"inLanguage\":\"tr\",\"potentialAction\":[{\"@type\":\"CommentAction\",\"name\":\"Comment\",\"target\":[\"https:\\\/\\\/tarihkursu.com\\\/index.php\\\/2024\\\/08\\\/31\\\/2024-2025-egitim-ogretim-yili-destekleme-ve-yetistirme-kurslari-yillik-planlari\\\/#respond\"]}]},{\"@type\":\"WebPage\",\"@id\":\"https:\\\/\\\/tarihkursu.com\\\/index.php\\\/2024\\\/08\\\/31\\\/2024-2025-egitim-ogretim-yili-destekleme-ve-yetistirme-kurslari-yillik-planlari\\\/\",\"url\":\"https:\\\/\\\/tarihkursu.com\\\/index.php\\\/2024\\\/08\\\/31\\\/2024-2025-egitim-ogretim-yili-destekleme-ve-yetistirme-kurslari-yillik-planlari\\\/\",\"name\":\"2024-2025 E\u011fitim \u00d6\u011fretim Y\u0131l\u0131 Destekleme ve Yeti\u015ftirme Kurslar\u0131 Y\u0131ll\u0131k Planlar\u0131 - tarihkursu.com\",\"isPartOf\":{\"@id\":\"https:\\\/\\\/tarihkursu.com\\\/#website\"},\"primaryImageOfPage\":{\"@id\":\"https:\\\/\\\/tarihkursu.com\\\/index.php\\\/2024\\\/08\\\/31\\\/2024-2025-egitim-ogretim-yili-destekleme-ve-yetistirme-kurslari-yillik-planlari\\\/#primaryimage\"},\"image\":{\"@id\":\"https:\\\/\\\/tarihkursu.com\\\/index.php\\\/2024\\\/08\\\/31\\\/2024-2025-egitim-ogretim-yili-destekleme-ve-yetistirme-kurslari-yillik-planlari\\\/#primaryimage\"},\"thumbnailUrl\":\"https:\\\/\\\/tarihkursu.com\\\/wp-content\\\/uploads\\\/2024\\\/08\\\/destekleme-ve-yeti-C5-9Ftirme-kursu.jpg\",\"datePublished\":\"2024-08-31T14:07:00+00:00\",\"dateModified\":\"2024-10-18T18:02:58+00:00\",\"breadcrumb\":{\"@id\":\"https:\\\/\\\/tarihkursu.com\\\/index.php\\\/2024\\\/08\\\/31\\\/2024-2025-egitim-ogretim-yili-destekleme-ve-yetistirme-kurslari-yillik-planlari\\\/#breadcrumb\"},\"inLanguage\":\"tr\",\"potentialAction\":[{\"@type\":\"ReadAction\",\"target\":[\"https:\\\/\\\/tarihkursu.com\\\/index.php\\\/2024\\\/08\\\/31\\\/2024-2025-egitim-ogretim-yili-destekleme-ve-yetistirme-kurslari-yillik-planlari\\\/\"]}]},{\"@type\":\"ImageObject\",\"inLanguage\":\"tr\",\"@id\":\"https:\\\/\\\/tarihkursu.com\\\/index.php\\\/2024\\\/08\\\/31\\\/2024-2025-egitim-ogretim-yili-destekleme-ve-yetistirme-kurslari-yillik-planlari\\\/#primaryimage\",\"url\":\"https:\\\/\\\/tarihkursu.com\\\/wp-content\\\/uploads\\\/2024\\\/08\\\/destekleme-ve-yeti-C5-9Ftirme-kursu.jpg\",\"contentUrl\":\"https:\\\/\\\/tarihkursu.com\\\/wp-content\\\/uploads\\\/2024\\\/08\\\/destekleme-ve-yeti-C5-9Ftirme-kursu.jpg\",\"width\":640,\"height\":360},{\"@type\":\"BreadcrumbList\",\"@id\":\"https:\\\/\\\/tarihkursu.com\\\/index.php\\\/2024\\\/08\\\/31\\\/2024-2025-egitim-ogretim-yili-destekleme-ve-yetistirme-kurslari-yillik-planlari\\\/#breadcrumb\",\"itemListElement\":[{\"@type\":\"ListItem\",\"position\":1,\"name\":\"Anasayfa\",\"item\":\"https:\\\/\\\/tarihkursu.com\\\/\"},{\"@type\":\"ListItem\",\"position\":2,\"name\":\"2024-2025 E\u011fitim \u00d6\u011fretim Y\u0131l\u0131 Destekleme ve Yeti\u015ftirme Kurslar\u0131 Y\u0131ll\u0131k Planlar\u0131\"}]},{\"@type\":\"WebSite\",\"@id\":\"https:\\\/\\\/tarihkursu.com\\\/#website\",\"url\":\"https:\\\/\\\/tarihkursu.com\\\/\",\"name\":\"Tarih Kursu\",\"description\":\"\u0130\u015fimiz G\u00fcc\u00fcm\u00fcz Tarih\",\"publisher\":{\"@id\":\"https:\\\/\\\/tarihkursu.com\\\/#\\\/schema\\\/person\\\/4d7bdc3b79e9f5198455474c0f203f3c\"},\"potentialAction\":[{\"@type\":\"SearchAction\",\"target\":{\"@type\":\"EntryPoint\",\"urlTemplate\":\"https:\\\/\\\/tarihkursu.com\\\/?s={search_term_string}\"},\"query-input\":{\"@type\":\"PropertyValueSpecification\",\"valueRequired\":true,\"valueName\":\"search_term_string\"}}],\"inLanguage\":\"tr\"},{\"@type\":[\"Person\",\"Organization\"],\"@id\":\"https:\\\/\\\/tarihkursu.com\\\/#\\\/schema\\\/person\\\/4d7bdc3b79e9f5198455474c0f203f3c\",\"name\":\"admin\",\"image\":{\"@type\":\"ImageObject\",\"inLanguage\":\"tr\",\"@id\":\"https:\\\/\\\/tarihkursu.com\\\/wp-content\\\/uploads\\\/2024\\\/10\\\/TARIHKURSU-Kopyasi.png\",\"url\":\"https:\\\/\\\/tarihkursu.com\\\/wp-content\\\/uploads\\\/2024\\\/10\\\/TARIHKURSU-Kopyasi.png\",\"contentUrl\":\"https:\\\/\\\/tarihkursu.com\\\/wp-content\\\/uploads\\\/2024\\\/10\\\/TARIHKURSU-Kopyasi.png\",\"width\":1080,\"height\":1080,\"caption\":\"admin\"},\"logo\":{\"@id\":\"https:\\\/\\\/tarihkursu.com\\\/wp-content\\\/uploads\\\/2024\\\/10\\\/TARIHKURSU-Kopyasi.png\"},\"sameAs\":[\"https:\\\/\\\/tarihkursu.com\"]},{\"@type\":\"Person\",\"@id\":\"https:\\\/\\\/tarihkursu.com\\\/#\\\/schema\\\/person\\\/d0f9105e31352dbe9f08d098ffb8c878\",\"name\":\"tarihkursu\",\"image\":{\"@type\":\"ImageObject\",\"inLanguage\":\"tr\",\"@id\":\"https:\\\/\\\/secure.gravatar.com\\\/avatar\\\/1354763acbc865faa7650c3e1e4431f187276d71f132349411302a546cdeae54?s=96&d=mm&r=g\",\"url\":\"https:\\\/\\\/secure.gravatar.com\\\/avatar\\\/1354763acbc865faa7650c3e1e4431f187276d71f132349411302a546cdeae54?s=96&d=mm&r=g\",\"contentUrl\":\"https:\\\/\\\/secure.gravatar.com\\\/avatar\\\/1354763acbc865faa7650c3e1e4431f187276d71f132349411302a546cdeae54?s=96&d=mm&r=g\",\"caption\":\"tarihkursu\"},\"url\":\"https:\\\/\\\/tarihkursu.com\\\/index.php\\\/author\\\/tarihkursu\\\/\"}]}<\/script>\n<!-- \/ Yoast SEO plugin. -->","yoast_head_json":{"title":"2024-2025 E\u011fitim \u00d6\u011fretim Y\u0131l\u0131 Destekleme ve Yeti\u015ftirme Kurslar\u0131 Y\u0131ll\u0131k Planlar\u0131 - tarihkursu.com","robots":{"index":"index","follow":"follow","max-snippet":"max-snippet:-1","max-image-preview":"max-image-preview:large","max-video-preview":"max-video-preview:-1"},"canonical":"https:\/\/tarihkursu.com\/index.php\/2024\/08\/31\/2024-2025-egitim-ogretim-yili-destekleme-ve-yetistirme-kurslari-yillik-planlari\/","og_locale":"tr_TR","og_type":"article","og_title":"2024-2025 E\u011fitim \u00d6\u011fretim Y\u0131l\u0131 Destekleme ve Yeti\u015ftirme Kurslar\u0131 Y\u0131ll\u0131k Planlar\u0131 - tarihkursu.com","og_description":"&nbsp; 2024-2025 e\u011fitim \u00f6\u011fretim y\u0131l\u0131 i\u00e7in Milli E\u011fitim Bakanl\u0131\u011f\u0131 taraf\u0131ndan d\u00fczenlenen Destekleme ve Yeti\u015ftirme Kurslar\u0131, \u00f6\u011frencilerin akademik ba\u015far\u0131lar\u0131n\u0131 desteklemek ve \u00f6\u011frenim g\u00f6rd\u00fckleri konularda eksiklerini gidermelerine [...]","og_url":"https:\/\/tarihkursu.com\/index.php\/2024\/08\/31\/2024-2025-egitim-ogretim-yili-destekleme-ve-yetistirme-kurslari-yillik-planlari\/","og_site_name":"tarihkursu.com","article_published_time":"2024-08-31T14:07:00+00:00","article_modified_time":"2024-10-18T18:02:58+00:00","og_image":[{"width":640,"height":360,"url":"https:\/\/tarihkursu.com\/wp-content\/uploads\/2024\/08\/destekleme-ve-yeti-C5-9Ftirme-kursu.jpg","type":"image\/jpeg"}],"author":"tarihkursu","twitter_card":"summary_large_image","twitter_misc":{"Yazan:":"tarihkursu","Tahmini okuma s\u00fcresi":"4 dakika"},"schema":{"@context":"https:\/\/schema.org","@graph":[{"@type":"Article","@id":"https:\/\/tarihkursu.com\/index.php\/2024\/08\/31\/2024-2025-egitim-ogretim-yili-destekleme-ve-yetistirme-kurslari-yillik-planlari\/#article","isPartOf":{"@id":"https:\/\/tarihkursu.com\/index.php\/2024\/08\/31\/2024-2025-egitim-ogretim-yili-destekleme-ve-yetistirme-kurslari-yillik-planlari\/"},"author":{"name":"tarihkursu","@id":"https:\/\/tarihkursu.com\/#\/schema\/person\/d0f9105e31352dbe9f08d098ffb8c878"},"headline":"2024-2025 E\u011fitim \u00d6\u011fretim Y\u0131l\u0131 Destekleme ve Yeti\u015ftirme Kurslar\u0131 Y\u0131ll\u0131k Planlar\u0131","datePublished":"2024-08-31T14:07:00+00:00","dateModified":"2024-10-18T18:02:58+00:00","mainEntityOfPage":{"@id":"https:\/\/tarihkursu.com\/index.php\/2024\/08\/31\/2024-2025-egitim-ogretim-yili-destekleme-ve-yetistirme-kurslari-yillik-planlari\/"},"wordCount":828,"commentCount":0,"publisher":{"@id":"https:\/\/tarihkursu.com\/#\/schema\/person\/4d7bdc3b79e9f5198455474c0f203f3c"},"image":{"@id":"https:\/\/tarihkursu.com\/index.php\/2024\/08\/31\/2024-2025-egitim-ogretim-yili-destekleme-ve-yetistirme-kurslari-yillik-planlari\/#primaryimage"},"thumbnailUrl":"https:\/\/tarihkursu.com\/wp-content\/uploads\/2024\/08\/destekleme-ve-yeti-C5-9Ftirme-kursu.jpg","articleSection":["Evraklar"],"inLanguage":"tr","potentialAction":[{"@type":"CommentAction","name":"Comment","target":["https:\/\/tarihkursu.com\/index.php\/2024\/08\/31\/2024-2025-egitim-ogretim-yili-destekleme-ve-yetistirme-kurslari-yillik-planlari\/#respond"]}]},{"@type":"WebPage","@id":"https:\/\/tarihkursu.com\/index.php\/2024\/08\/31\/2024-2025-egitim-ogretim-yili-destekleme-ve-yetistirme-kurslari-yillik-planlari\/","url":"https:\/\/tarihkursu.com\/index.php\/2024\/08\/31\/2024-2025-egitim-ogretim-yili-destekleme-ve-yetistirme-kurslari-yillik-planlari\/","name":"2024-2025 E\u011fitim \u00d6\u011fretim Y\u0131l\u0131 Destekleme ve Yeti\u015ftirme Kurslar\u0131 Y\u0131ll\u0131k Planlar\u0131 - tarihkursu.com","isPartOf":{"@id":"https:\/\/tarihkursu.com\/#website"},"primaryImageOfPage":{"@id":"https:\/\/tarihkursu.com\/index.php\/2024\/08\/31\/2024-2025-egitim-ogretim-yili-destekleme-ve-yetistirme-kurslari-yillik-planlari\/#primaryimage"},"image":{"@id":"https:\/\/tarihkursu.com\/index.php\/2024\/08\/31\/2024-2025-egitim-ogretim-yili-destekleme-ve-yetistirme-kurslari-yillik-planlari\/#primaryimage"},"thumbnailUrl":"https:\/\/tarihkursu.com\/wp-content\/uploads\/2024\/08\/destekleme-ve-yeti-C5-9Ftirme-kursu.jpg","datePublished":"2024-08-31T14:07:00+00:00","dateModified":"2024-10-18T18:02:58+00:00","breadcrumb":{"@id":"https:\/\/tarihkursu.com\/index.php\/2024\/08\/31\/2024-2025-egitim-ogretim-yili-destekleme-ve-yetistirme-kurslari-yillik-planlari\/#breadcrumb"},"inLanguage":"tr","potentialAction":[{"@type":"ReadAction","target":["https:\/\/tarihkursu.com\/index.php\/2024\/08\/31\/2024-2025-egitim-ogretim-yili-destekleme-ve-yetistirme-kurslari-yillik-planlari\/"]}]},{"@type":"ImageObject","inLanguage":"tr","@id":"https:\/\/tarihkursu.com\/index.php\/2024\/08\/31\/2024-2025-egitim-ogretim-yili-destekleme-ve-yetistirme-kurslari-yillik-planlari\/#primaryimage","url":"https:\/\/tarihkursu.com\/wp-content\/uploads\/2024\/08\/destekleme-ve-yeti-C5-9Ftirme-kursu.jpg","contentUrl":"https:\/\/tarihkursu.com\/wp-content\/uploads\/2024\/08\/destekleme-ve-yeti-C5-9Ftirme-kursu.jpg","width":640,"height":360},{"@type":"BreadcrumbList","@id":"https:\/\/tarihkursu.com\/index.php\/2024\/08\/31\/2024-2025-egitim-ogretim-yili-destekleme-ve-yetistirme-kurslari-yillik-planlari\/#breadcrumb","itemListElement":[{"@type":"ListItem","position":1,"name":"Anasayfa","item":"https:\/\/tarihkursu.com\/"},{"@type":"ListItem","position":2,"name":"2024-2025 E\u011fitim \u00d6\u011fretim Y\u0131l\u0131 Destekleme ve Yeti\u015ftirme Kurslar\u0131 Y\u0131ll\u0131k Planlar\u0131"}]},{"@type":"WebSite","@id":"https:\/\/tarihkursu.com\/#website","url":"https:\/\/tarihkursu.com\/","name":"Tarih Kursu","description":"\u0130\u015fimiz G\u00fcc\u00fcm\u00fcz Tarih","publisher":{"@id":"https:\/\/tarihkursu.com\/#\/schema\/person\/4d7bdc3b79e9f5198455474c0f203f3c"},"potentialAction":[{"@type":"SearchAction","target":{"@type":"EntryPoint","urlTemplate":"https:\/\/tarihkursu.com\/?s={search_term_string}"},"query-input":{"@type":"PropertyValueSpecification","valueRequired":true,"valueName":"search_term_string"}}],"inLanguage":"tr"},{"@type":["Person","Organization"],"@id":"https:\/\/tarihkursu.com\/#\/schema\/person\/4d7bdc3b79e9f5198455474c0f203f3c","name":"admin","image":{"@type":"ImageObject","inLanguage":"tr","@id":"https:\/\/tarihkursu.com\/wp-content\/uploads\/2024\/10\/TARIHKURSU-Kopyasi.png","url":"https:\/\/tarihkursu.com\/wp-content\/uploads\/2024\/10\/TARIHKURSU-Kopyasi.png","contentUrl":"https:\/\/tarihkursu.com\/wp-content\/uploads\/2024\/10\/TARIHKURSU-Kopyasi.png","width":1080,"height":1080,"caption":"admin"},"logo":{"@id":"https:\/\/tarihkursu.com\/wp-content\/uploads\/2024\/10\/TARIHKURSU-Kopyasi.png"},"sameAs":["https:\/\/tarihkursu.com"]},{"@type":"Person","@id":"https:\/\/tarihkursu.com\/#\/schema\/person\/d0f9105e31352dbe9f08d098ffb8c878","name":"tarihkursu","image":{"@type":"ImageObject","inLanguage":"tr","@id":"https:\/\/secure.gravatar.com\/avatar\/1354763acbc865faa7650c3e1e4431f187276d71f132349411302a546cdeae54?s=96&d=mm&r=g","url":"https:\/\/secure.gravatar.com\/avatar\/1354763acbc865faa7650c3e1e4431f187276d71f132349411302a546cdeae54?s=96&d=mm&r=g","contentUrl":"https:\/\/secure.gravatar.com\/avatar\/1354763acbc865faa7650c3e1e4431f187276d71f132349411302a546cdeae54?s=96&d=mm&r=g","caption":"tarihkursu"},"url":"https:\/\/tarihkursu.com\/index.php\/author\/tarihkursu\/"}]}},"_links":{"self":[{"href":"https:\/\/tarihkursu.com\/index.php\/wp-json\/wp\/v2\/posts\/243","targetHints":{"allow":["GET"]}}],"collection":[{"href":"https:\/\/tarihkursu.com\/index.php\/wp-json\/wp\/v2\/posts"}],"about":[{"href":"https:\/\/tarihkursu.com\/index.php\/wp-json\/wp\/v2\/types\/post"}],"author":[{"embeddable":true,"href":"https:\/\/tarihkursu.com\/index.php\/wp-json\/wp\/v2\/users\/2"}],"replies":[{"embeddable":true,"href":"https:\/\/tarihkursu.com\/index.php\/wp-json\/wp\/v2\/comments?post=243"}],"version-history":[{"count":1,"href":"https:\/\/tarihkursu.com\/index.php\/wp-json\/wp\/v2\/posts\/243\/revisions"}],"predecessor-version":[{"id":1141,"href":"https:\/\/tarihkursu.com\/index.php\/wp-json\/wp\/v2\/posts\/243\/revisions\/1141"}],"wp:featuredmedia":[{"embeddable":true,"href":"https:\/\/tarihkursu.com\/index.php\/wp-json\/wp\/v2\/media\/1140"}],"wp:attachment":[{"href":"https:\/\/tarihkursu.com\/index.php\/wp-json\/wp\/v2\/media?parent=243"}],"wp:term":[{"taxonomy":"category","embeddable":true,"href":"https:\/\/tarihkursu.com\/index.php\/wp-json\/wp\/v2\/categories?post=243"},{"taxonomy":"post_tag","embeddable":true,"href":"https:\/\/tarihkursu.com\/index.php\/wp-json\/wp\/v2\/tags?post=243"}],"curies":[{"name":"wp","href":"https:\/\/api.w.org\/{rel}","templated":true}]}}