{"id":248,"date":"2024-03-16T15:47:00","date_gmt":"2024-03-16T12:47:00","guid":{"rendered":""},"modified":"2024-10-18T21:03:07","modified_gmt":"2024-10-18T18:03:07","slug":"12-siniflar-t-c-inkilap-tarihi-ve-ataturkculuk-dersi-2-donem-1-yazili-soru-ve-cevaplari-acik-uclu-kisa-cevapli","status":"publish","type":"post","link":"https:\/\/tarihkursu.com\/index.php\/2024\/03\/16\/12-siniflar-t-c-inkilap-tarihi-ve-ataturkculuk-dersi-2-donem-1-yazili-soru-ve-cevaplari-acik-uclu-kisa-cevapli\/","title":{"rendered":"12. S\u0131n\u0131flar T.C \u0130nk\u0131lap Tarihi ve Atat\u00fcrk\u00e7\u00fcl\u00fck Dersi 2. D\u00f6nem 1. Yaz\u0131l\u0131 Soru ve Cevaplar\u0131 &#8211; A\u00e7\u0131k U\u00e7lu- K\u0131sa Cevapl\u0131"},"content":{"rendered":"<h1 style=\"text-align: left;\"><span style=\"font-family: arial; font-size: large;\">&nbsp;T.C \u0130nk\u0131lap Tarihi ve Atat\u00fcrk\u00e7\u00fcl\u00fck&nbsp; Dersi 12. S\u0131n\u0131flar 2. D\u00f6nem 1. Yaz\u0131l\u0131 Sorular\u0131<\/span><\/h1>\n<p><span style=\"font-family: arial; font-size: large;\">Bu sayfada sizlerle <b>12. S\u0131n\u0131flar T.C \u0130nk\u0131lap Tarihi ve Atat\u00fcrk\u00e7\u00fcl\u00fck Dersi 2. D\u00f6nem 1. Yaz\u0131l\u0131<\/b> sorular\u0131n\u0131 ve cevaplar\u0131n\u0131 payla\u015faca\u011f\u0131m. Bu sorular, <i>a\u00e7\u0131k u\u00e7lu ve k\u0131sa cevapl\u0131<\/i> formatta haz\u0131rlanm\u0131\u015f olup, d<i>ers kitab\u0131ndaki kazan\u0131mlara <\/i>ve Milli E\u011fitim Bakanl\u0131\u011f\u0131 taraf\u0131ndan payla\u015f\u0131lan <i>soru da\u011f\u0131l\u0131m tablolar\u0131na<\/i> uygun olarak se\u00e7ilmi\u015ftir. Y<i>eni m\u00fcfredata <\/i>uygun olarak haz\u0131rlad\u0131\u011f\u0131m\u0131z <b>12. s\u0131n\u0131f \u0130nk\u0131lap Tarihi dersi 2. d\u00f6nem 1. yaz\u0131l\u0131 2024 <\/b>\u00e7al\u0131\u015fmam\u0131zda m\u00fcmk\u00fcn oldu\u011fu kadar fazla kazan\u0131mdan soru haz\u0131rlad\u0131k ve bu sorular\u0131 ayr\u0131nt\u0131l\u0131 olarak cevaplad\u0131k.<\/span><\/p>\n<div style=\"clear: both; text-align: center;\"><a href=\"https:\/\/blogger.googleusercontent.com\/img\/b\/R29vZ2xl\/AVvXsEjMbFKghnFJtaf79zihDtvomqtuDy2btCUOQlHQMCVYNHRLnc52vgCv0m-8YoJaUyxM8q-u0ODWgGVCcMEOL6Zxe_ngxoIFQDpTCLepQS3o_5o2nnVn8NoMxjTRhPasxaMUFQDVx_9XBXV-eiJrg6VuacfOeUvFLWtOV68C-x8byR8V9JcQuDWT5pZIVFGc\/s1280\/12.s%C4%B1n%C4%B1fink%C4%B1lap.jpg\" style=\"margin-left: 1em; margin-right: 1em;\"><span style=\"font-family: arial; font-size: large;\"><img loading=\"lazy\" decoding=\"async\" border=\"0\" data-original-height=\"720\" data-original-width=\"1280\" height=\"360\" src=\"https:\/\/tarihkursu.com\/wp-content\/uploads\/2024\/03\/12.s-C4-B1n-C4-B1fink-C4-B1lap-300x169.jpg\" width=\"640\" \/><\/span><\/a><\/div>\n<h2 style=\"clear: both; text-align: left;\"><span style=\"font-family: arial; font-size: large;\">Yaz\u0131l\u0131 Hangi Kazan\u0131mlardan Haz\u0131rland\u0131?<\/span><\/h2>\n<div style=\"clear: both; text-align: left;\"><span style=\"font-family: arial; font-size: large;\">2.6. Mill\u00ee M\u00fccadele sonucunda kazan\u0131lan diplomatik ba\u015far\u0131lar\u0131 \u00fclkemizin ba\u011f\u0131ms\u0131zl\u0131\u011f\u0131 a\u00e7\u0131s\u0131ndan de\u011ferlendirir.<\/span><\/div>\n<div style=\"clear: both; text-align: left;\"><span style=\"font-family: arial; font-size: large;\">2.7. Mill\u00ee M\u00fccadele s\u00fcrecine katk\u0131da bulunmu\u015f \u00f6nemli \u015fahsiyetlerin ki\u015filik \u00f6zellikleri ile faaliyetlerini ili\u015fkilendirir.<\/span><\/div>\n<div style=\"clear: both; text-align: left;\"><span style=\"font-family: arial; font-size: large;\">3.1.<span style=\"white-space: pre;\">\t<\/span>\u00c7a\u011fda\u015fla\u015fan T\u00fcrkiye\u2019nin temeli olan Atat\u00fcrk ilkelerini kavrar.<\/span><\/div>\n<div style=\"clear: both; text-align: left;\"><span style=\"font-family: arial; font-size: large;\">3.2. Siyasi alanda meydana gelen geli\u015fmeleri kavrar.<\/span><\/div>\n<div style=\"clear: both; text-align: left;\"><span style=\"font-family: arial; font-size: large;\">3.3. Hukuk alan\u0131nda meydana gelen geli\u015fmelerin T\u00fcrk toplumunda meydana getirdi\u011fi de\u011fi\u015fimleri kavrar.<\/span><\/div>\n<div style=\"clear: both; text-align: left;\"><span style=\"font-family: arial; font-size: large;\">3.4. E\u011fitim ve k\u00fclt\u00fcr alan\u0131nda yap\u0131lan ink\u0131laplar\u0131 ve geli\u015fmeleri kavrar.<\/span><\/div>\n<div style=\"clear: both; text-align: left;\"><span style=\"font-family: arial; font-size: large;\">3.5. Toplumsal alanda yap\u0131lan ink\u0131laplar\u0131 ve meydana gelen geli\u015fmeleri kavrar.<\/span><\/div>\n<div style=\"clear: both; text-align: left;\"><span style=\"font-family: arial; font-size: large;\">3.6. Ekonomi alan\u0131nda meydana gelen geli\u015fmeleri kavrar.<\/span><\/div>\n<div style=\"clear: both; text-align: left;\"><span style=\"font-family: arial; font-size: large;\">3.7. Atat\u00fcrk D\u00f6nemi\u2019nde sa\u011fl\u0131k alan\u0131nda yap\u0131lan \u00e7al\u0131\u015fmalar\u0131 kavrar.<\/span><\/div>\n<div style=\"clear: both; text-align: left;\"><span style=\"font-family: arial; font-size: large;\">3.8.Atat\u00fcrk ilke ve ink\u0131laplar\u0131n\u0131 olu\u015fturan temel esaslar\u0131 Atat\u00fcrk\u00e7\u00fc d\u00fc\u015f\u00fcnce sistemi a\u00e7\u0131s\u0131ndan analiz eder.<\/span><\/div>\n<div style=\"clear: both; text-align: left;\"><span style=\"font-family: arial; font-size: large;\"><br \/><\/span><\/div>\n<h3 style=\"clear: both; text-align: left;\"><span style=\"background-color: #fcff01; font-family: arial; font-size: large;\"><a href=\"https:\/\/docs.google.com\/document\/d\/1xJldy07MCVMOBSUE5fqVv_xNrp4kwAt-\/edit?usp=sharing&amp;ouid=108895905854875034378&amp;rtpof=true&amp;sd=true\" target=\"_blank\" rel=\"noopener\">Yeni M\u00fcfredata Uygun 2023- 2024 E\u011e\u0130T\u0130M \u00d6\u011eRET\u0130M YILI 12. SINIFLAR T.C \u0130NKILAP TAR\u0130H\u0130 VE ATAT\u00dcRK\u00c7\u00dcL\u00dcK DERS\u0130 2. D\u00d6NEM 1. YAZILI word olarak indir<\/a><\/span><\/h3>\n<div style=\"clear: both; text-align: left;\"><span style=\"font-family: arial; font-size: large;\"><br \/><\/span><\/div>\n<h2 style=\"text-align: left;\"><span style=\"font-family: arial; font-size: large;\">12. s\u0131n\u0131f \u0130nk\u0131lap Tarihi dersi 2. d\u00f6nem 1. yaz\u0131l\u0131 Soru ve Cevaplar\u0131<\/span><\/h2>\n<div><span style=\"font-family: arial; font-size: large;\"><br \/><\/span><\/p>\n<div>\n<div><span style=\"font-family: arial; font-size: large;\">2.6. Mill\u00ee M\u00fccadele sonucunda kazan\u0131lan diplomatik ba\u015far\u0131lar\u0131 \u00fclkemizin ba\u011f\u0131ms\u0131zl\u0131\u011f\u0131 a\u00e7\u0131s\u0131ndan de\u011ferlendirir.<\/span><\/div>\n<div><span style=\"font-family: arial; font-size: large;\"><br \/><\/span><\/div>\n<div><span style=\"font-family: arial; font-size: large;\">Mudanya Ate\u015fkes Antla\u015fmas\u0131\u2019ndan sonra s\u0131ra \u0130tilaf Devletleriyle hukuki ve siyasi anla\u015fmazl\u0131klar\u0131 \u00e7\u00f6zmeye, T\u00fcrk milletinin ba\u011f\u0131ms\u0131zl\u0131\u011f\u0131n\u0131 onlara kabul ettirmeye gelmi\u015fti. \u0130tilaf Devletleri bar\u0131\u015f g\u00f6r\u00fc\u015fmelerinin tarafs\u0131z bir devlet olan \u0130svi\u00e7re\u2019nin Lozan kentinde yap\u0131lmas\u0131n\u0131 talep etti. TBMM H\u00fck\u00fbmeti ve Mustafa Kemal\u2019in uygun g\u00f6rmesiyle konferansta T\u00fcrk heyetinin ba\u015fkanl\u0131\u011f\u0131n\u0131 Mudanya g\u00f6r\u00fc\u015fmelerini y\u00fcr\u00fcten \u0130smet Pa\u015fa\u2019n\u0131n yapmas\u0131 kararla\u015ft\u0131r\u0131ld\u0131.&nbsp;<\/span><\/div>\n<div><span style=\"font-family: arial; font-size: large;\"><br \/><\/span><\/div>\n<div><span style=\"font-family: arial; font-size: large;\"><b>1.<span style=\"white-space: pre;\">\t<\/span>Mustafa Kemal, Lozan Konferans\u0131na kat\u0131lan heyetten hangi konularda taviz verilmemesini istedi? 2 tanesini yazal\u0131m.<\/b><\/span><\/div>\n<div><span style=\"font-family: arial; font-size: large;\">Mustafa Kemal, konferansa gidecek olan T\u00fcrk heyetinden, Kapit\u00fclasyonlar ve Ermeni sorunu konular\u0131nda kesinlikle taviz verilmemesini istemi\u015ftir.<\/span><\/div>\n<div><span style=\"font-family: arial; font-size: large;\"><b>2.<span style=\"white-space: pre;\">\t<\/span>Lozan Antla\u015fmas\u0131\u2019nda (24 Temmuz 1923) al\u0131nan kararlardan aleyhimize olan 2 maddeyi yaz\u0131n\u0131z.<\/b><\/span><\/div>\n<div><span style=\"font-family: arial; font-size: large;\">T\u00fcrkiye&#8217;nin g\u00fcney s\u0131n\u0131r\u0131; Fransa&#8217;yla imzalanan Ankara Antla\u015fmas\u0131&#8217;ndaki \u015fekliyle kalacak. Misak\u0131mill\u00ee&#8217;den verilen taviz (Hatay tavizi) devam etmi\u015ftir<\/span><\/div>\n<div><span style=\"font-family: arial; font-size: large;\">G\u00f6k\u00e7eada ve Bozcaada d\u0131\u015f\u0131ndaki Ege adalar\u0131 Yunanistan&#8217;\u0131n olacak.&nbsp;<\/span><\/div>\n<div><span style=\"font-family: arial; font-size: large;\">On \u0130ki Ada \u0130talya&#8217;n\u0131n olacak.<\/span><\/div>\n<div><span style=\"font-family: arial; font-size: large;\">T\u00fcrkiye-Irak s\u0131n\u0131r\u0131 (Musul Meselesi) konusunun \u00e7\u00f6z\u00fcm\u00fc, T\u00fcrkiye ile \u0130ngiltere&#8217;nin, ileride yapacaklar\u0131 ikili g\u00f6r\u00fc\u015fmelere b\u0131rak\u0131lacak.&nbsp;<\/span><\/div>\n<div><span style=\"font-family: arial; font-size: large;\">Musul ya da Irak S\u0131n\u0131r\u0131 sorunu Lozan&#8217;da \u00e7\u00f6z\u00fclemeyen tek sorundur.<\/span><\/div>\n<div><span style=\"font-family: arial; font-size: large;\">Bo\u011fazlar; ba\u015fkan\u0131 T\u00fcrk olan uluslararas\u0131 bir komisyonca y\u00f6netilecek.&nbsp;<\/span><\/div>\n<div><span style=\"font-family: arial; font-size: large;\">Bo\u011fazlar konusunda taviz verilmi\u015f; egemenlik haklar\u0131m\u0131z zedelenmi\u015ftir.<\/span><\/div>\n<div><span style=\"font-family: arial; font-size: large;\">Patrikhane \u0130stanbul&#8217;da kalacak. T\u00fcm u\u011fra\u015flara ra\u011fmen, Patrikhanenin \u0130stanbul d\u0131\u015f\u0131na \u00e7\u0131kar\u0131lmas\u0131 Avrupal\u0131lara kabul ettirilememi\u015ftir.<\/span><\/div>\n<div><span style=\"font-family: arial; font-size: large;\"><br \/><\/span><\/div>\n<div><span style=\"font-family: arial; font-size: large;\">2.7. Mill\u00ee M\u00fccadele s\u00fcrecine katk\u0131da bulunmu\u015f \u00f6nemli \u015fahsiyetlerin ki\u015filik \u00f6zellikleri ile faaliyetlerini ili\u015fkilendirir.<\/span><\/div>\n<div><span style=\"font-family: arial; font-size: large;\">Milli M\u00fccadele&#8217;nin \u00f6nemli kahramanlar\u0131ndan biri, 15. Kolordu Komutanl\u0131\u011f\u0131 da yapm\u0131\u015f olan bir komutan, hat\u0131rat\u0131nda Ta\u015fnak Ermenilerinin zulm\u00fcne kar\u015f\u0131 m\u00fccadeleyi anlat\u0131yor. Bu komutana g\u00f6re, Ermenilerin zulm\u00fc durdurulmazsa b\u00f6lgedeki T\u00fcrkler yok edilecek ve Ermeniler b\u00f6lgeyi ele ge\u00e7irerek &#8220;Buras\u0131 Ermenistan&#8217;d\u0131r&#8221; diyecekler.<\/span><\/div>\n<div><span style=\"font-family: arial; font-size: large;\"><br \/><\/span><\/div>\n<div><span style=\"font-family: arial; font-size: large;\"><b>3.<span style=\"white-space: pre;\">\t<\/span>Bu milli m\u00fccadele kahraman\u0131m\u0131z kimdir?<\/b><\/span><\/div>\n<div><span style=\"font-family: arial; font-size: large;\">K\u00e2z\u0131m Karabekir<\/span><\/div>\n<div><span style=\"font-family: arial; font-size: large;\"><br \/><\/span><\/div>\n<div><span style=\"font-family: arial; font-size: large;\">3.1.<span style=\"white-space: pre;\">\t<\/span>\u00c7a\u011fda\u015fla\u015fan T\u00fcrkiye\u2019nin temeli olan Atat\u00fcrk ilkelerini kavrar.<\/span><\/div>\n<div><span style=\"font-family: arial; font-size: large;\">Atat\u00fcrk, Kurtulu\u015f Sava\u015f\u0131&#8217;ndan sonra T\u00fcrkiye&#8217;yi modern ve geli\u015fmi\u015f bir \u00fclke haline getirmek i\u00e7in bir\u00e7ok reform yapt\u0131. Bu reformlar\u0131 yaparken rehber olarak alt\u0131 temel ilkeyi kulland\u0131.&nbsp;<\/span><\/div>\n<div><span style=\"font-family: arial; font-size: large;\"><b>4.<span style=\"white-space: pre;\">\t<\/span>Yukar\u0131da s\u00f6z edilen 6 ilke hangileridir?<\/b><\/span><\/div>\n<div><span style=\"font-family: arial; font-size: large;\">Milliyet\u00e7ilik (Ulus\u00e7uluk)<\/span><\/div>\n<div><span style=\"font-family: arial; font-size: large;\">Halk\u00e7\u0131l\u0131k&nbsp;<\/span><\/div>\n<div><span style=\"font-family: arial; font-size: large;\">Cumhuriyet\u00e7ilik&nbsp;<\/span><\/div>\n<div><span style=\"font-family: arial; font-size: large;\">Laiklik&nbsp;<\/span><\/div>\n<div><span style=\"font-family: arial; font-size: large;\">Devlet\u00e7ilik&nbsp;<\/span><\/div>\n<div><span style=\"font-family: arial; font-size: large;\">\u0130nk\u0131lap\u00e7\u0131l\u0131k<\/span><\/div>\n<div><span style=\"font-family: arial; font-size: large;\"><br \/><\/span><\/div>\n<div><span style=\"font-family: arial; font-size: large;\">Bir kavram olarak laiklik, din\u00ee olanla d\u00fcnyevi olan\u0131n birbirinden ayr\u0131lmas\u0131d\u0131r.<\/span><\/div>\n<div><span style=\"font-family: arial; font-size: large;\">Laiklik yoluyla devlet ya\u015fam\u0131nda akl\u0131n ve bilimin egemen olmas\u0131 sa\u011flan\u0131r.<\/span><\/div>\n<div><span style=\"font-family: arial; font-size: large;\"><b>5.<span style=\"white-space: pre;\">\t<\/span>Atat\u00fcrk d\u00f6neminde \u201cLaiklik\u201d ilkesi do\u011frultusunda yap\u0131lan ink\u0131laplara \u00f6rnekler veriniz. (2 tane)<\/b><\/span><\/div>\n<div><span style=\"font-family: arial; font-size: large;\">Saltanat\u0131n kald\u0131r\u0131lmas\u0131&nbsp;<\/span><\/div>\n<div><span style=\"font-family: arial; font-size: large;\">Halifeli\u011fin kald\u0131r\u0131lmas\u0131&nbsp;<\/span><\/div>\n<div><span style=\"font-family: arial; font-size: large;\">\u015eeriye ve Evkaf Vekaletinin kald\u0131r\u0131lmas\u0131&nbsp;<\/span><\/div>\n<div><span style=\"font-family: arial; font-size: large;\">Tevhid-i Tedrisat Kanunu\u2019nun kabul\u00fc&nbsp;<\/span><\/div>\n<div><span style=\"font-family: arial; font-size: large;\">Medreselerin kapat\u0131lmas\u0131&nbsp;<\/span><\/div>\n<div><span style=\"font-family: arial; font-size: large;\">Maarif Te\u015fkilat\u0131n\u0131n kurulmas\u0131<\/span><\/div>\n<div><span style=\"font-family: arial; font-size: large;\">K\u0131l\u0131k-K\u0131yafet Kanununun kabul\u00fc&nbsp;<\/span><\/div>\n<div><span style=\"font-family: arial; font-size: large;\">Tekke, zaviye ve t\u00fcrbelerin kapat\u0131lmas\u0131&nbsp;<\/span><\/div>\n<div><span style=\"font-family: arial; font-size: large;\">T\u00fcrk Medeni Kanunu\u2019nun kabul\u00fc<\/span><\/div>\n<div><span style=\"font-family: arial; font-size: large;\">1924 Anayasas\u0131nda yer alan \u201cDevletin dini \u0130slam\u2019d\u0131r.\u201d H\u00fckm\u00fcn\u00fcn 1928&#8217;de Anayasadan \u00e7\u0131kar\u0131lmas\u0131&nbsp;<\/span><\/div>\n<div><span style=\"font-family: arial; font-size: large;\">Anayasa\u2019ya 1937&#8242; de Laiklik maddesinin konulmas\u0131&nbsp;<\/span><\/div>\n<div><span style=\"font-family: arial; font-size: large;\">Cumhurba\u015fkan\u0131 ve vekil yemin \u015feklinin de\u011fi\u015ftirilmesi<\/span><\/div>\n<div><span style=\"font-family: arial; font-size: large;\"><br \/><\/span><\/div>\n<div><span style=\"font-family: arial; font-size: large;\">3.2. Siyasi alanda meydana gelen geli\u015fmeleri kavrar.<\/span><\/div>\n<div><span style=\"font-family: arial; font-size: large;\">&#8220;T\u00fcrk halk\u0131n\u0131n kay\u0131ts\u0131z ve \u015farts\u0131z h\u00e2kimiyete sahip oldu\u011funu bir defa daha ve kesinlikle tekrar ediyorum.<\/span><\/div>\n<div><span style=\"font-family: arial; font-size: large;\">H\u00e2kimiyet; hi\u00e7bir anlamda, hi\u00e7bir \u015fekilde, hi\u00e7bir renk ve hi\u00e7bir k\u0131lavuzlukta ortakl\u0131k kabul etmez.&#8221;<\/span><\/div>\n<div><span style=\"font-family: arial; font-size: large;\"><b>6.<span style=\"white-space: pre;\">\t<\/span>Mustafa Kemal\u2019in yukar\u0131daki s\u00f6z\u00fcnden hareketle siyasi alanda yap\u0131lan ink\u0131laplara \u00f6rnekler veriniz.<\/b><\/span><\/div>\n<div><span style=\"font-family: arial; font-size: large;\">Saltanat\u0131n Kald\u0131r\u0131lmas\u0131 (1 Kas\u0131m 1922)<\/span><\/div>\n<div><span style=\"font-family: arial; font-size: large;\">II. TBMM A\u00e7\u0131lmas\u0131 (11 A\u011fustos 1923)<\/span><\/div>\n<div><span style=\"font-family: arial; font-size: large;\">Ankara&#8217;n\u0131n Ba\u015fkent Olu\u015fu (13 Ekim 1923)<\/span><\/div>\n<div><span style=\"font-family: arial; font-size: large;\">Cumhuriyetin \u0130lan\u0131 (29 Ekim 1923)<\/span><\/div>\n<div><span style=\"font-family: arial; font-size: large;\">Halifeli\u011fin Kald\u0131r\u0131lmas\u0131 (3 Mart 1924)<\/span><\/div>\n<div><span style=\"font-family: arial; font-size: large;\">Anayasa Hareketleri<\/span><\/div>\n<div><span style=\"font-family: arial; font-size: large;\"><br \/><\/span><\/div>\n<div><span style=\"font-family: arial; font-size: large;\">3.3. Hukuk alan\u0131nda meydana gelen geli\u015fmelerin T\u00fcrk toplumunda meydana getirdi\u011fi de\u011fi\u015fimleri kavrar.<\/span><\/div>\n<div><span style=\"font-family: arial; font-size: large;\"><br \/><\/span><\/div>\n<div><span style=\"font-family: arial; font-size: large;\">Medeni Kanun, aile ve miras gibi konularda temel kurallar koyarak hukuk sistemimizin temelini olu\u015fturur. Osmanl\u0131&#8217;dan kalan Mecelle laik bir kanun olmad\u0131\u011f\u0131ndan, modern ve e\u015fitlik\u00e7i bir medeni kanun ihtiyac\u0131 do\u011fmu\u015ftur. Bu ama\u00e7la \u0130svi\u00e7re medeni kanunu \u00f6rnek al\u0131narak T\u00fcrk toplumuna uygun bir kanun haz\u0131rlanm\u0131\u015ft\u0131r. Bu kanun aile ve miras gibi konularda ak\u0131lc\u0131 \u00e7\u00f6z\u00fcmler sunarak T\u00fcrk toplumunun ihtiya\u00e7lar\u0131n\u0131 kar\u015f\u0131lamaktad\u0131r.<\/span><\/div>\n<div><span style=\"font-family: arial; font-size: large;\"><b>7.<span style=\"white-space: pre;\">\t<\/span>Yukar\u0131da s\u00f6z\u00fc edilen 1926 Medeni Kanun ile hangi yenilikler getirilmi\u015ftir?<\/b><\/span><\/div>\n<div><span style=\"font-family: arial; font-size: large;\">Aile hukukunda kad\u0131n, erkek e\u015fitli\u011fi sa\u011fland\u0131.<\/span><\/div>\n<div><span style=\"font-family: arial; font-size: large;\">\u00c7ok e\u015fle evlilik yasakland\u0131. Evliliklerde resmi nikah zorunlu k\u0131l\u0131nd\u0131.<\/span><\/div>\n<div><span style=\"font-family: arial; font-size: large;\">Mirasta kad\u0131n erkek e\u015fitli\u011fi sa\u011fland\u0131.<\/span><\/div>\n<div><span style=\"font-family: arial; font-size: large;\">Bo\u015fanma hakk\u0131 kad\u0131na da tan\u0131nd\u0131.<\/span><\/div>\n<div><span style=\"font-family: arial; font-size: large;\">Kad\u0131nlara istedi\u011fi mesle\u011fi se\u00e7me hakk\u0131 getirildi.<\/span><\/div>\n<div><span style=\"font-family: arial; font-size: large;\">Dinsel ve mezhepsel ayr\u0131mlara son verildi.<\/span><\/div>\n<div><span style=\"font-family: arial; font-size: large;\">T\u00fcrk Medeni Kanun ile Patrikhanenin ve Konsolosluklar\u0131n mahkeme kurma ve nikah k\u0131yma yetkileri sona erdirildi.<\/span><\/div>\n<div><span style=\"font-family: arial; font-size: large;\">Medeni Kanun ile \u00fclkede &#8220;hukuk birli\u011fi&#8221; sa\u011flanm\u0131\u015ft\u0131r.<\/span><\/div>\n<div><span style=\"font-family: arial; font-size: large;\"><br \/><\/span><\/div>\n<div><span style=\"font-family: arial; font-size: large;\">3.4. E\u011fitim ve k\u00fclt\u00fcr alan\u0131nda yap\u0131lan ink\u0131laplar\u0131 ve geli\u015fmeleri kavrar.<\/span><\/div>\n<div><span style=\"font-family: arial; font-size: large;\"><b>8.<span style=\"white-space: pre;\">\t<\/span>Atat\u00fcrk d\u00f6neminde e\u011fitim ve k\u00fclt\u00fcr alanda yap\u0131lan ink\u0131laplar nelerdir? 2 tanesini yazal\u0131m<\/b><\/span><\/div>\n<div><span style=\"font-family: arial; font-size: large;\">Tevhid-i Tedrisat Kanunu (3 Mart 1924)<\/span><\/div>\n<div><span style=\"font-family: arial; font-size: large;\">1925&#8217;te Ankara Hukuk Mektebi &#8220;Hukuk Fak\u00fcltesine d\u00f6n\u00fc\u015ft\u00fcr\u00fclm\u00fc\u015ft\u00fcr<\/span><\/div>\n<div><span style=\"font-family: arial; font-size: large;\">Maarif Te\u015fkilat\u0131 Kanunu (2 Mart 1926)<\/span><\/div>\n<div><span style=\"font-family: arial; font-size: large;\">Harf Devrimi (1 Kas\u0131m 1928)<\/span><\/div>\n<div><span style=\"font-family: arial; font-size: large;\">T\u00fcrk Tarihi Tetkik Cemiyeti\u2019nin kurulu\u015fu 1931<\/span><\/div>\n<div><span style=\"font-family: arial; font-size: large;\">T\u00fcrk Dili Tektik Cemiyeti\u2019nin kurulu\u015fu (T\u00fcrk Dil Kurumu) 1932<\/span><\/div>\n<div><span style=\"font-family: arial; font-size: large;\">G\u00fczel Sanatlar ve Spor alanlar\u0131nda yap\u0131lan \u00e7al\u0131\u015fmalar<\/span><\/div>\n<div><span style=\"font-family: arial; font-size: large;\">1932&#8217;de \u00e7\u0131kan kanunla Dar\u00fclf\u00fcn\u00fbn kapand\u0131.<\/span><\/div>\n<div><span style=\"font-family: arial; font-size: large;\">\u00dcniversite Reformu (1933)<\/span><\/div>\n<div><span style=\"font-family: arial; font-size: large;\">1933\u2019te \u0130stanbul \u00dcniversitesi kuruldu.<\/span><\/div>\n<div><span style=\"font-family: arial; font-size: large;\">1936&#8217;da Dil ve Tarih, Co\u011frafya Mektebi a\u00e7\u0131ld\u0131.<\/span><\/div>\n<div><span style=\"font-family: arial; font-size: large;\"><br \/><\/span><\/div>\n<div><span style=\"font-family: arial; font-size: large;\">3.5. Toplumsal alanda yap\u0131lan ink\u0131laplar\u0131 ve meydana gelen geli\u015fmeleri kavrar.<\/span><\/div>\n<div><span style=\"font-family: arial; font-size: large;\"><b>9.<span style=\"white-space: pre;\">\t<\/span>26 Aral\u0131k 1925\u2019te \u00e7\u0131kar\u0131lan kanunla miladi takvim ve uluslararas\u0131 saat uygulamas\u0131 kabul edildi. Bu kanunla ula\u015f\u0131lmak istenen ama\u00e7 ne olabilir?<\/b><\/span><\/div>\n<div><span style=\"font-family: arial; font-size: large;\">Bat\u0131l\u0131 \u00fclkelerle ili\u015fkilerimizi d\u00fczene koymak, ticari ve mali konularda kar\u0131\u015f\u0131kl\u0131klar\u0131 gidermek amac\u0131yla 26<\/span><\/div>\n<div><span style=\"font-family: arial; font-size: large;\">Aral\u0131k 1925\u2019te \u00e7\u0131kar\u0131lan kanunla miladi takvim ve uluslararas\u0131 saat uygulamas\u0131 kabul edildi.<\/span><\/div>\n<div><span style=\"font-family: arial; font-size: large;\">3.6. Ekonomi alan\u0131nda meydana gelen geli\u015fmeleri kavrar.<\/span><\/div>\n<div><span style=\"font-family: arial; font-size: large;\"><br \/><\/span><\/div>\n<div><span style=\"font-family: arial; font-size: large;\"><b>10.<span style=\"white-space: pre;\">\t<\/span>(17 \u015eubat-4 Mart 1923) T\u00fcrkiye \u0130ktisat Kongresi\u2019nde hangi kararlar al\u0131nd\u0131? 2 tanesini yazal\u0131m.<\/b><\/span><\/div>\n<div><span style=\"font-family: arial; font-size: large;\">Devlet, \u00f6zel sekt\u00f6r\u00fcn ger\u00e7ekle\u015ftiremedi\u011fi giri\u015fimlere bizzat el atarak ekonomik g\u00f6revini yerine getirecek.<\/span><\/div>\n<div><span style=\"font-family: arial; font-size: large;\">\u00d6zel sekt\u00f6r\u00fcn te\u015fvik edilmesi i\u00e7in mill\u00ee bankalar kurulacak.<\/span><\/div>\n<div><span style=\"font-family: arial; font-size: large;\">\u00c7ift\u00e7iden al\u0131nan a\u015far vergisi kald\u0131r\u0131lacak. Hayvanc\u0131l\u0131k geli\u015ftirilecek. Ormanlar korunup \u00e7o\u011falt\u0131lacak.<\/span><\/div>\n<div><span style=\"font-family: arial; font-size: large;\">Tar\u0131mda makinele\u015fmeye ge\u00e7ilecek ve tar\u0131m makinelerinin T\u00fcrkiye&#8217;de \u00fcretilmesi sa\u011flanacak.<\/span><\/div>\n<div><span style=\"font-family: arial; font-size: large;\">Ham maddesi yurt i\u00e7inde bulunan sanayi dallar\u0131 korunacak. Sanayi desteklenecek; k\u00fc\u00e7\u00fck imalathanelerden fabrikalara ge\u00e7ilecek.<\/span><\/div>\n<div><span style=\"font-family: arial; font-size: large;\">T\u00fcrkiye&#8217;deki limanlar T\u00fcrk denizcilerinin yararlanabilmesi i\u00e7in kabotaj hakk\u0131 konusunda tam ba\u011f\u0131ms\u0131zl\u0131k sa\u011flanacak.<\/span><\/div>\n<div><span style=\"font-family: arial; font-size: large;\">Yabanc\u0131lar\u0131n kurduklar\u0131 tekellerden ka\u00e7\u0131n\u0131lacak. T\u00fcrk vatanda\u015flar\u0131n\u0131n yerli mal\u0131 kullan\u0131m\u0131 te\u015fvik edilecek.<\/span><\/div>\n<div><span style=\"font-family: arial; font-size: large;\">Kongrede ayr\u0131ca 12 maddelik Misak-\u0131 \u0130ktisad\u00ee (Ekonomi And\u0131) kabul edildi. Misak-\u0131 \u0130ktisad\u00ee yeni T\u00fcrk Devleti\u2019nin, mill\u00ee ba\u011f\u0131ms\u0131zl\u0131\u011f\u0131ndan \u00f6d\u00fcn vermeden ekonomik geli\u015fmesini sa\u011flayaca\u011f\u0131 esas\u0131n\u0131 getiriyordu.<\/span><\/div>\n<div><span style=\"font-family: arial; font-size: large;\"><br \/><\/span><\/div>\n<div><span style=\"font-family: arial; font-size: large;\">3.7. Atat\u00fcrk D\u00f6nemi\u2019nde sa\u011fl\u0131k alan\u0131nda yap\u0131lan \u00e7al\u0131\u015fmalar\u0131 kavrar.<\/span><\/div>\n<div><span style=\"font-family: arial; font-size: large;\"><b>11.<span style=\"white-space: pre;\">\t<\/span>Osmanl\u0131 Devleti d\u00f6neminde kurulan \u201c Hilal-i Ahmet Cemiyeti\u201d 1935 y\u0131l\u0131nda&nbsp; hangi isimle faaliyet g\u00f6stermeye ba\u015flad\u0131?<\/b><\/span><\/div>\n<div><span style=\"font-family: arial; font-size: large;\">Osmanl\u0131&#8217;dan kalan Hilal-i Ahmet Cemiyeti 1935&#8217;te T\u00fcrk K\u0131z\u0131lay Cemiyeti ad\u0131n\u0131 ald\u0131.&nbsp;<\/span><\/div>\n<div><span style=\"font-family: arial; font-size: large;\">3.8.Atat\u00fcrk ilke ve ink\u0131laplar\u0131n\u0131 olu\u015fturan temel esaslar\u0131 Atat\u00fcrk\u00e7\u00fc d\u00fc\u015f\u00fcnce sistemi a\u00e7\u0131s\u0131ndan analiz eder.<\/span><\/div>\n<div><span style=\"font-family: arial; font-size: large;\">&#8220;B\u00fct\u00fcn d\u00fcnya bilmelidir ki art\u0131k bu devletin ve bu milletin ba\u015f\u0131nda hi\u00e7bir kuvvet yoktur, hi\u00e7bir makam<\/span><\/div>\n<div><span style=\"font-family: arial; font-size: large;\">yoktur. Yaln\u0131z bir kuvvet vard\u0131r. O da mill\u00ee egemenliktir. Yaln\u0131z bir makam vard\u0131r. O da milletin kalbi,<\/span><\/div>\n<div><span style=\"font-family: arial; font-size: large;\">vicdan\u0131 ve varl\u0131\u011f\u0131d\u0131r.&#8221;&nbsp;<\/span><\/div>\n<div><span style=\"font-family: arial; font-size: large;\"><br \/><\/span><\/div>\n<div><span style=\"font-family: arial; font-size: large;\"><b>12.<span style=\"white-space: pre;\">\t<\/span>Mustafa Kemal bu s\u00f6z\u00fc ile en \u00e7ok hangi Atat\u00fcrk ilkesine vurgu yapm\u0131\u015ft\u0131r?<\/b><\/span><\/div>\n<div><span style=\"font-family: arial; font-size: large;\">Cumhuriyet\u00e7ilik \u0130lkesi<\/span><\/div>\n<div><\/div>\n<\/div>\n<\/div>\n","protected":false},"excerpt":{"rendered":"<div class=\"mh-excerpt\"><p>&nbsp;T.C \u0130nk\u0131lap Tarihi ve Atat\u00fcrk\u00e7\u00fcl\u00fck&nbsp; Dersi 12. S\u0131n\u0131flar 2. D\u00f6nem 1. Yaz\u0131l\u0131 Sorular\u0131 Bu sayfada sizlerle 12. S\u0131n\u0131flar T.C \u0130nk\u0131lap Tarihi ve Atat\u00fcrk\u00e7\u00fcl\u00fck Dersi 2. <a class=\"mh-excerpt-more\" href=\"https:\/\/tarihkursu.com\/index.php\/2024\/03\/16\/12-siniflar-t-c-inkilap-tarihi-ve-ataturkculuk-dersi-2-donem-1-yazili-soru-ve-cevaplari-acik-uclu-kisa-cevapli\/\" title=\"12. S\u0131n\u0131flar T.C \u0130nk\u0131lap Tarihi ve Atat\u00fcrk\u00e7\u00fcl\u00fck Dersi 2. D\u00f6nem 1. Yaz\u0131l\u0131 Soru ve Cevaplar\u0131 &#8211; A\u00e7\u0131k U\u00e7lu- K\u0131sa Cevapl\u0131\">[&#8230;]<\/a><\/p>\n<\/div>","protected":false},"author":2,"featured_media":1149,"comment_status":"open","ping_status":"open","sticky":false,"template":"","format":"standard","meta":{"_regular_price":[],"currency_symbol":[],"footnotes":""},"categories":[10],"tags":[],"class_list":["post-248","post","type-post","status-publish","format-standard","has-post-thumbnail","hentry","category-yazili-sorulari"],"post_slider_layout_featured_media_urls":{"thumbnail":["https:\/\/tarihkursu.com\/wp-content\/uploads\/2024\/03\/12.s-C4-B1n-C4-B1fink-C4-B1lap-150x150.jpg",150,150,true],"post_slider_layout_landscape_large":["https:\/\/tarihkursu.com\/wp-content\/uploads\/2024\/03\/12.s-C4-B1n-C4-B1fink-C4-B1lap.jpg",640,360,false],"post_slider_layout_portrait_large":["https:\/\/tarihkursu.com\/wp-content\/uploads\/2024\/03\/12.s-C4-B1n-C4-B1fink-C4-B1lap.jpg",640,360,false],"post_slider_layout_square_large":["https:\/\/tarihkursu.com\/wp-content\/uploads\/2024\/03\/12.s-C4-B1n-C4-B1fink-C4-B1lap.jpg",640,360,false],"post_slider_layout_landscape":["https:\/\/tarihkursu.com\/wp-content\/uploads\/2024\/03\/12.s-C4-B1n-C4-B1fink-C4-B1lap-600x360.jpg",600,360,true],"post_slider_layout_portrait":["https:\/\/tarihkursu.com\/wp-content\/uploads\/2024\/03\/12.s-C4-B1n-C4-B1fink-C4-B1lap-600x360.jpg",600,360,true],"post_slider_layout_square":["https:\/\/tarihkursu.com\/wp-content\/uploads\/2024\/03\/12.s-C4-B1n-C4-B1fink-C4-B1lap-600x360.jpg",600,360,true],"full":["https:\/\/tarihkursu.com\/wp-content\/uploads\/2024\/03\/12.s-C4-B1n-C4-B1fink-C4-B1lap.jpg",640,360,false]},"yoast_head":"<!-- This site is optimized with the Yoast SEO plugin v28.4 - https:\/\/yoast.com\/product\/yoast-seo-wordpress\/ -->\n<title>12. S\u0131n\u0131flar T.C \u0130nk\u0131lap Tarihi ve Atat\u00fcrk\u00e7\u00fcl\u00fck Dersi 2. D\u00f6nem 1. Yaz\u0131l\u0131 Soru ve Cevaplar\u0131 - A\u00e7\u0131k U\u00e7lu- K\u0131sa Cevapl\u0131 - tarihkursu.com<\/title>\n<meta name=\"robots\" content=\"index, follow, max-snippet:-1, max-image-preview:large, max-video-preview:-1\" \/>\n<link rel=\"canonical\" href=\"https:\/\/tarihkursu.com\/index.php\/2024\/03\/16\/12-siniflar-t-c-inkilap-tarihi-ve-ataturkculuk-dersi-2-donem-1-yazili-soru-ve-cevaplari-acik-uclu-kisa-cevapli\/\" \/>\n<meta property=\"og:locale\" content=\"tr_TR\" \/>\n<meta property=\"og:type\" content=\"article\" \/>\n<meta property=\"og:title\" content=\"12. S\u0131n\u0131flar T.C \u0130nk\u0131lap Tarihi ve Atat\u00fcrk\u00e7\u00fcl\u00fck Dersi 2. D\u00f6nem 1. Yaz\u0131l\u0131 Soru ve Cevaplar\u0131 - A\u00e7\u0131k U\u00e7lu- K\u0131sa Cevapl\u0131 - tarihkursu.com\" \/>\n<meta property=\"og:description\" content=\"&nbsp;T.C \u0130nk\u0131lap Tarihi ve Atat\u00fcrk\u00e7\u00fcl\u00fck&nbsp; Dersi 12. S\u0131n\u0131flar 2. D\u00f6nem 1. Yaz\u0131l\u0131 Sorular\u0131 Bu sayfada sizlerle 12. S\u0131n\u0131flar T.C \u0130nk\u0131lap Tarihi ve Atat\u00fcrk\u00e7\u00fcl\u00fck Dersi 2. [...]\" \/>\n<meta property=\"og:url\" content=\"https:\/\/tarihkursu.com\/index.php\/2024\/03\/16\/12-siniflar-t-c-inkilap-tarihi-ve-ataturkculuk-dersi-2-donem-1-yazili-soru-ve-cevaplari-acik-uclu-kisa-cevapli\/\" \/>\n<meta property=\"og:site_name\" content=\"tarihkursu.com\" \/>\n<meta property=\"article:published_time\" content=\"2024-03-16T12:47:00+00:00\" \/>\n<meta property=\"article:modified_time\" content=\"2024-10-18T18:03:07+00:00\" \/>\n<meta property=\"og:image\" content=\"https:\/\/tarihkursu.com\/wp-content\/uploads\/2024\/03\/12.s-C4-B1n-C4-B1fink-C4-B1lap.jpg\" \/>\n\t<meta property=\"og:image:width\" content=\"640\" \/>\n\t<meta property=\"og:image:height\" content=\"360\" \/>\n\t<meta property=\"og:image:type\" content=\"image\/jpeg\" \/>\n<meta name=\"author\" content=\"tarihkursu\" \/>\n<meta name=\"twitter:card\" content=\"summary_large_image\" \/>\n<meta name=\"twitter:label1\" content=\"Yazan:\" \/>\n\t<meta name=\"twitter:data1\" content=\"tarihkursu\" \/>\n\t<meta name=\"twitter:label2\" content=\"Tahmini okuma s\u00fcresi\" \/>\n\t<meta name=\"twitter:data2\" content=\"8 dakika\" \/>\n<script type=\"application\/ld+json\" class=\"yoast-schema-graph\">{\"@context\":\"https:\\\/\\\/schema.org\",\"@graph\":[{\"@type\":\"Article\",\"@id\":\"https:\\\/\\\/tarihkursu.com\\\/index.php\\\/2024\\\/03\\\/16\\\/12-siniflar-t-c-inkilap-tarihi-ve-ataturkculuk-dersi-2-donem-1-yazili-soru-ve-cevaplari-acik-uclu-kisa-cevapli\\\/#article\",\"isPartOf\":{\"@id\":\"https:\\\/\\\/tarihkursu.com\\\/index.php\\\/2024\\\/03\\\/16\\\/12-siniflar-t-c-inkilap-tarihi-ve-ataturkculuk-dersi-2-donem-1-yazili-soru-ve-cevaplari-acik-uclu-kisa-cevapli\\\/\"},\"author\":{\"name\":\"tarihkursu\",\"@id\":\"https:\\\/\\\/tarihkursu.com\\\/#\\\/schema\\\/person\\\/d0f9105e31352dbe9f08d098ffb8c878\"},\"headline\":\"12. S\u0131n\u0131flar T.C \u0130nk\u0131lap Tarihi ve Atat\u00fcrk\u00e7\u00fcl\u00fck Dersi 2. D\u00f6nem 1. Yaz\u0131l\u0131 Soru ve Cevaplar\u0131 &#8211; A\u00e7\u0131k U\u00e7lu- K\u0131sa Cevapl\u0131\",\"datePublished\":\"2024-03-16T12:47:00+00:00\",\"dateModified\":\"2024-10-18T18:03:07+00:00\",\"mainEntityOfPage\":{\"@id\":\"https:\\\/\\\/tarihkursu.com\\\/index.php\\\/2024\\\/03\\\/16\\\/12-siniflar-t-c-inkilap-tarihi-ve-ataturkculuk-dersi-2-donem-1-yazili-soru-ve-cevaplari-acik-uclu-kisa-cevapli\\\/\"},\"wordCount\":1730,\"commentCount\":0,\"publisher\":{\"@id\":\"https:\\\/\\\/tarihkursu.com\\\/#\\\/schema\\\/person\\\/4d7bdc3b79e9f5198455474c0f203f3c\"},\"image\":{\"@id\":\"https:\\\/\\\/tarihkursu.com\\\/index.php\\\/2024\\\/03\\\/16\\\/12-siniflar-t-c-inkilap-tarihi-ve-ataturkculuk-dersi-2-donem-1-yazili-soru-ve-cevaplari-acik-uclu-kisa-cevapli\\\/#primaryimage\"},\"thumbnailUrl\":\"https:\\\/\\\/tarihkursu.com\\\/wp-content\\\/uploads\\\/2024\\\/03\\\/12.s-C4-B1n-C4-B1fink-C4-B1lap.jpg\",\"articleSection\":[\"YAZILI SORULARI\"],\"inLanguage\":\"tr\",\"potentialAction\":[{\"@type\":\"CommentAction\",\"name\":\"Comment\",\"target\":[\"https:\\\/\\\/tarihkursu.com\\\/index.php\\\/2024\\\/03\\\/16\\\/12-siniflar-t-c-inkilap-tarihi-ve-ataturkculuk-dersi-2-donem-1-yazili-soru-ve-cevaplari-acik-uclu-kisa-cevapli\\\/#respond\"]}]},{\"@type\":\"WebPage\",\"@id\":\"https:\\\/\\\/tarihkursu.com\\\/index.php\\\/2024\\\/03\\\/16\\\/12-siniflar-t-c-inkilap-tarihi-ve-ataturkculuk-dersi-2-donem-1-yazili-soru-ve-cevaplari-acik-uclu-kisa-cevapli\\\/\",\"url\":\"https:\\\/\\\/tarihkursu.com\\\/index.php\\\/2024\\\/03\\\/16\\\/12-siniflar-t-c-inkilap-tarihi-ve-ataturkculuk-dersi-2-donem-1-yazili-soru-ve-cevaplari-acik-uclu-kisa-cevapli\\\/\",\"name\":\"12. S\u0131n\u0131flar T.C \u0130nk\u0131lap Tarihi ve Atat\u00fcrk\u00e7\u00fcl\u00fck Dersi 2. D\u00f6nem 1. Yaz\u0131l\u0131 Soru ve Cevaplar\u0131 - A\u00e7\u0131k U\u00e7lu- K\u0131sa Cevapl\u0131 - tarihkursu.com\",\"isPartOf\":{\"@id\":\"https:\\\/\\\/tarihkursu.com\\\/#website\"},\"primaryImageOfPage\":{\"@id\":\"https:\\\/\\\/tarihkursu.com\\\/index.php\\\/2024\\\/03\\\/16\\\/12-siniflar-t-c-inkilap-tarihi-ve-ataturkculuk-dersi-2-donem-1-yazili-soru-ve-cevaplari-acik-uclu-kisa-cevapli\\\/#primaryimage\"},\"image\":{\"@id\":\"https:\\\/\\\/tarihkursu.com\\\/index.php\\\/2024\\\/03\\\/16\\\/12-siniflar-t-c-inkilap-tarihi-ve-ataturkculuk-dersi-2-donem-1-yazili-soru-ve-cevaplari-acik-uclu-kisa-cevapli\\\/#primaryimage\"},\"thumbnailUrl\":\"https:\\\/\\\/tarihkursu.com\\\/wp-content\\\/uploads\\\/2024\\\/03\\\/12.s-C4-B1n-C4-B1fink-C4-B1lap.jpg\",\"datePublished\":\"2024-03-16T12:47:00+00:00\",\"dateModified\":\"2024-10-18T18:03:07+00:00\",\"breadcrumb\":{\"@id\":\"https:\\\/\\\/tarihkursu.com\\\/index.php\\\/2024\\\/03\\\/16\\\/12-siniflar-t-c-inkilap-tarihi-ve-ataturkculuk-dersi-2-donem-1-yazili-soru-ve-cevaplari-acik-uclu-kisa-cevapli\\\/#breadcrumb\"},\"inLanguage\":\"tr\",\"potentialAction\":[{\"@type\":\"ReadAction\",\"target\":[\"https:\\\/\\\/tarihkursu.com\\\/index.php\\\/2024\\\/03\\\/16\\\/12-siniflar-t-c-inkilap-tarihi-ve-ataturkculuk-dersi-2-donem-1-yazili-soru-ve-cevaplari-acik-uclu-kisa-cevapli\\\/\"]}]},{\"@type\":\"ImageObject\",\"inLanguage\":\"tr\",\"@id\":\"https:\\\/\\\/tarihkursu.com\\\/index.php\\\/2024\\\/03\\\/16\\\/12-siniflar-t-c-inkilap-tarihi-ve-ataturkculuk-dersi-2-donem-1-yazili-soru-ve-cevaplari-acik-uclu-kisa-cevapli\\\/#primaryimage\",\"url\":\"https:\\\/\\\/tarihkursu.com\\\/wp-content\\\/uploads\\\/2024\\\/03\\\/12.s-C4-B1n-C4-B1fink-C4-B1lap.jpg\",\"contentUrl\":\"https:\\\/\\\/tarihkursu.com\\\/wp-content\\\/uploads\\\/2024\\\/03\\\/12.s-C4-B1n-C4-B1fink-C4-B1lap.jpg\",\"width\":640,\"height\":360},{\"@type\":\"BreadcrumbList\",\"@id\":\"https:\\\/\\\/tarihkursu.com\\\/index.php\\\/2024\\\/03\\\/16\\\/12-siniflar-t-c-inkilap-tarihi-ve-ataturkculuk-dersi-2-donem-1-yazili-soru-ve-cevaplari-acik-uclu-kisa-cevapli\\\/#breadcrumb\",\"itemListElement\":[{\"@type\":\"ListItem\",\"position\":1,\"name\":\"Anasayfa\",\"item\":\"https:\\\/\\\/tarihkursu.com\\\/\"},{\"@type\":\"ListItem\",\"position\":2,\"name\":\"12. S\u0131n\u0131flar T.C \u0130nk\u0131lap Tarihi ve Atat\u00fcrk\u00e7\u00fcl\u00fck Dersi 2. D\u00f6nem 1. Yaz\u0131l\u0131 Soru ve Cevaplar\u0131 &#8211; A\u00e7\u0131k U\u00e7lu- K\u0131sa Cevapl\u0131\"}]},{\"@type\":\"WebSite\",\"@id\":\"https:\\\/\\\/tarihkursu.com\\\/#website\",\"url\":\"https:\\\/\\\/tarihkursu.com\\\/\",\"name\":\"Tarih Kursu\",\"description\":\"\u0130\u015fimiz G\u00fcc\u00fcm\u00fcz Tarih\",\"publisher\":{\"@id\":\"https:\\\/\\\/tarihkursu.com\\\/#\\\/schema\\\/person\\\/4d7bdc3b79e9f5198455474c0f203f3c\"},\"potentialAction\":[{\"@type\":\"SearchAction\",\"target\":{\"@type\":\"EntryPoint\",\"urlTemplate\":\"https:\\\/\\\/tarihkursu.com\\\/?s={search_term_string}\"},\"query-input\":{\"@type\":\"PropertyValueSpecification\",\"valueRequired\":true,\"valueName\":\"search_term_string\"}}],\"inLanguage\":\"tr\"},{\"@type\":[\"Person\",\"Organization\"],\"@id\":\"https:\\\/\\\/tarihkursu.com\\\/#\\\/schema\\\/person\\\/4d7bdc3b79e9f5198455474c0f203f3c\",\"name\":\"admin\",\"image\":{\"@type\":\"ImageObject\",\"inLanguage\":\"tr\",\"@id\":\"https:\\\/\\\/tarihkursu.com\\\/wp-content\\\/uploads\\\/2024\\\/10\\\/TARIHKURSU-Kopyasi.png\",\"url\":\"https:\\\/\\\/tarihkursu.com\\\/wp-content\\\/uploads\\\/2024\\\/10\\\/TARIHKURSU-Kopyasi.png\",\"contentUrl\":\"https:\\\/\\\/tarihkursu.com\\\/wp-content\\\/uploads\\\/2024\\\/10\\\/TARIHKURSU-Kopyasi.png\",\"width\":1080,\"height\":1080,\"caption\":\"admin\"},\"logo\":{\"@id\":\"https:\\\/\\\/tarihkursu.com\\\/wp-content\\\/uploads\\\/2024\\\/10\\\/TARIHKURSU-Kopyasi.png\"},\"sameAs\":[\"https:\\\/\\\/tarihkursu.com\"]},{\"@type\":\"Person\",\"@id\":\"https:\\\/\\\/tarihkursu.com\\\/#\\\/schema\\\/person\\\/d0f9105e31352dbe9f08d098ffb8c878\",\"name\":\"tarihkursu\",\"image\":{\"@type\":\"ImageObject\",\"inLanguage\":\"tr\",\"@id\":\"https:\\\/\\\/secure.gravatar.com\\\/avatar\\\/1354763acbc865faa7650c3e1e4431f187276d71f132349411302a546cdeae54?s=96&d=mm&r=g\",\"url\":\"https:\\\/\\\/secure.gravatar.com\\\/avatar\\\/1354763acbc865faa7650c3e1e4431f187276d71f132349411302a546cdeae54?s=96&d=mm&r=g\",\"contentUrl\":\"https:\\\/\\\/secure.gravatar.com\\\/avatar\\\/1354763acbc865faa7650c3e1e4431f187276d71f132349411302a546cdeae54?s=96&d=mm&r=g\",\"caption\":\"tarihkursu\"},\"url\":\"https:\\\/\\\/tarihkursu.com\\\/index.php\\\/author\\\/tarihkursu\\\/\"}]}<\/script>\n<!-- \/ Yoast SEO plugin. -->","yoast_head_json":{"title":"12. S\u0131n\u0131flar T.C \u0130nk\u0131lap Tarihi ve Atat\u00fcrk\u00e7\u00fcl\u00fck Dersi 2. D\u00f6nem 1. Yaz\u0131l\u0131 Soru ve Cevaplar\u0131 - A\u00e7\u0131k U\u00e7lu- K\u0131sa Cevapl\u0131 - tarihkursu.com","robots":{"index":"index","follow":"follow","max-snippet":"max-snippet:-1","max-image-preview":"max-image-preview:large","max-video-preview":"max-video-preview:-1"},"canonical":"https:\/\/tarihkursu.com\/index.php\/2024\/03\/16\/12-siniflar-t-c-inkilap-tarihi-ve-ataturkculuk-dersi-2-donem-1-yazili-soru-ve-cevaplari-acik-uclu-kisa-cevapli\/","og_locale":"tr_TR","og_type":"article","og_title":"12. S\u0131n\u0131flar T.C \u0130nk\u0131lap Tarihi ve Atat\u00fcrk\u00e7\u00fcl\u00fck Dersi 2. D\u00f6nem 1. Yaz\u0131l\u0131 Soru ve Cevaplar\u0131 - A\u00e7\u0131k U\u00e7lu- K\u0131sa Cevapl\u0131 - tarihkursu.com","og_description":"&nbsp;T.C \u0130nk\u0131lap Tarihi ve Atat\u00fcrk\u00e7\u00fcl\u00fck&nbsp; Dersi 12. S\u0131n\u0131flar 2. D\u00f6nem 1. Yaz\u0131l\u0131 Sorular\u0131 Bu sayfada sizlerle 12. S\u0131n\u0131flar T.C \u0130nk\u0131lap Tarihi ve Atat\u00fcrk\u00e7\u00fcl\u00fck Dersi 2. [...]","og_url":"https:\/\/tarihkursu.com\/index.php\/2024\/03\/16\/12-siniflar-t-c-inkilap-tarihi-ve-ataturkculuk-dersi-2-donem-1-yazili-soru-ve-cevaplari-acik-uclu-kisa-cevapli\/","og_site_name":"tarihkursu.com","article_published_time":"2024-03-16T12:47:00+00:00","article_modified_time":"2024-10-18T18:03:07+00:00","og_image":[{"width":640,"height":360,"url":"https:\/\/tarihkursu.com\/wp-content\/uploads\/2024\/03\/12.s-C4-B1n-C4-B1fink-C4-B1lap.jpg","type":"image\/jpeg"}],"author":"tarihkursu","twitter_card":"summary_large_image","twitter_misc":{"Yazan:":"tarihkursu","Tahmini okuma s\u00fcresi":"8 dakika"},"schema":{"@context":"https:\/\/schema.org","@graph":[{"@type":"Article","@id":"https:\/\/tarihkursu.com\/index.php\/2024\/03\/16\/12-siniflar-t-c-inkilap-tarihi-ve-ataturkculuk-dersi-2-donem-1-yazili-soru-ve-cevaplari-acik-uclu-kisa-cevapli\/#article","isPartOf":{"@id":"https:\/\/tarihkursu.com\/index.php\/2024\/03\/16\/12-siniflar-t-c-inkilap-tarihi-ve-ataturkculuk-dersi-2-donem-1-yazili-soru-ve-cevaplari-acik-uclu-kisa-cevapli\/"},"author":{"name":"tarihkursu","@id":"https:\/\/tarihkursu.com\/#\/schema\/person\/d0f9105e31352dbe9f08d098ffb8c878"},"headline":"12. S\u0131n\u0131flar T.C \u0130nk\u0131lap Tarihi ve Atat\u00fcrk\u00e7\u00fcl\u00fck Dersi 2. D\u00f6nem 1. Yaz\u0131l\u0131 Soru ve Cevaplar\u0131 &#8211; A\u00e7\u0131k U\u00e7lu- K\u0131sa Cevapl\u0131","datePublished":"2024-03-16T12:47:00+00:00","dateModified":"2024-10-18T18:03:07+00:00","mainEntityOfPage":{"@id":"https:\/\/tarihkursu.com\/index.php\/2024\/03\/16\/12-siniflar-t-c-inkilap-tarihi-ve-ataturkculuk-dersi-2-donem-1-yazili-soru-ve-cevaplari-acik-uclu-kisa-cevapli\/"},"wordCount":1730,"commentCount":0,"publisher":{"@id":"https:\/\/tarihkursu.com\/#\/schema\/person\/4d7bdc3b79e9f5198455474c0f203f3c"},"image":{"@id":"https:\/\/tarihkursu.com\/index.php\/2024\/03\/16\/12-siniflar-t-c-inkilap-tarihi-ve-ataturkculuk-dersi-2-donem-1-yazili-soru-ve-cevaplari-acik-uclu-kisa-cevapli\/#primaryimage"},"thumbnailUrl":"https:\/\/tarihkursu.com\/wp-content\/uploads\/2024\/03\/12.s-C4-B1n-C4-B1fink-C4-B1lap.jpg","articleSection":["YAZILI SORULARI"],"inLanguage":"tr","potentialAction":[{"@type":"CommentAction","name":"Comment","target":["https:\/\/tarihkursu.com\/index.php\/2024\/03\/16\/12-siniflar-t-c-inkilap-tarihi-ve-ataturkculuk-dersi-2-donem-1-yazili-soru-ve-cevaplari-acik-uclu-kisa-cevapli\/#respond"]}]},{"@type":"WebPage","@id":"https:\/\/tarihkursu.com\/index.php\/2024\/03\/16\/12-siniflar-t-c-inkilap-tarihi-ve-ataturkculuk-dersi-2-donem-1-yazili-soru-ve-cevaplari-acik-uclu-kisa-cevapli\/","url":"https:\/\/tarihkursu.com\/index.php\/2024\/03\/16\/12-siniflar-t-c-inkilap-tarihi-ve-ataturkculuk-dersi-2-donem-1-yazili-soru-ve-cevaplari-acik-uclu-kisa-cevapli\/","name":"12. S\u0131n\u0131flar T.C \u0130nk\u0131lap Tarihi ve Atat\u00fcrk\u00e7\u00fcl\u00fck Dersi 2. D\u00f6nem 1. Yaz\u0131l\u0131 Soru ve Cevaplar\u0131 - A\u00e7\u0131k U\u00e7lu- K\u0131sa Cevapl\u0131 - tarihkursu.com","isPartOf":{"@id":"https:\/\/tarihkursu.com\/#website"},"primaryImageOfPage":{"@id":"https:\/\/tarihkursu.com\/index.php\/2024\/03\/16\/12-siniflar-t-c-inkilap-tarihi-ve-ataturkculuk-dersi-2-donem-1-yazili-soru-ve-cevaplari-acik-uclu-kisa-cevapli\/#primaryimage"},"image":{"@id":"https:\/\/tarihkursu.com\/index.php\/2024\/03\/16\/12-siniflar-t-c-inkilap-tarihi-ve-ataturkculuk-dersi-2-donem-1-yazili-soru-ve-cevaplari-acik-uclu-kisa-cevapli\/#primaryimage"},"thumbnailUrl":"https:\/\/tarihkursu.com\/wp-content\/uploads\/2024\/03\/12.s-C4-B1n-C4-B1fink-C4-B1lap.jpg","datePublished":"2024-03-16T12:47:00+00:00","dateModified":"2024-10-18T18:03:07+00:00","breadcrumb":{"@id":"https:\/\/tarihkursu.com\/index.php\/2024\/03\/16\/12-siniflar-t-c-inkilap-tarihi-ve-ataturkculuk-dersi-2-donem-1-yazili-soru-ve-cevaplari-acik-uclu-kisa-cevapli\/#breadcrumb"},"inLanguage":"tr","potentialAction":[{"@type":"ReadAction","target":["https:\/\/tarihkursu.com\/index.php\/2024\/03\/16\/12-siniflar-t-c-inkilap-tarihi-ve-ataturkculuk-dersi-2-donem-1-yazili-soru-ve-cevaplari-acik-uclu-kisa-cevapli\/"]}]},{"@type":"ImageObject","inLanguage":"tr","@id":"https:\/\/tarihkursu.com\/index.php\/2024\/03\/16\/12-siniflar-t-c-inkilap-tarihi-ve-ataturkculuk-dersi-2-donem-1-yazili-soru-ve-cevaplari-acik-uclu-kisa-cevapli\/#primaryimage","url":"https:\/\/tarihkursu.com\/wp-content\/uploads\/2024\/03\/12.s-C4-B1n-C4-B1fink-C4-B1lap.jpg","contentUrl":"https:\/\/tarihkursu.com\/wp-content\/uploads\/2024\/03\/12.s-C4-B1n-C4-B1fink-C4-B1lap.jpg","width":640,"height":360},{"@type":"BreadcrumbList","@id":"https:\/\/tarihkursu.com\/index.php\/2024\/03\/16\/12-siniflar-t-c-inkilap-tarihi-ve-ataturkculuk-dersi-2-donem-1-yazili-soru-ve-cevaplari-acik-uclu-kisa-cevapli\/#breadcrumb","itemListElement":[{"@type":"ListItem","position":1,"name":"Anasayfa","item":"https:\/\/tarihkursu.com\/"},{"@type":"ListItem","position":2,"name":"12. S\u0131n\u0131flar T.C \u0130nk\u0131lap Tarihi ve Atat\u00fcrk\u00e7\u00fcl\u00fck Dersi 2. D\u00f6nem 1. Yaz\u0131l\u0131 Soru ve Cevaplar\u0131 &#8211; A\u00e7\u0131k U\u00e7lu- K\u0131sa Cevapl\u0131"}]},{"@type":"WebSite","@id":"https:\/\/tarihkursu.com\/#website","url":"https:\/\/tarihkursu.com\/","name":"Tarih Kursu","description":"\u0130\u015fimiz G\u00fcc\u00fcm\u00fcz Tarih","publisher":{"@id":"https:\/\/tarihkursu.com\/#\/schema\/person\/4d7bdc3b79e9f5198455474c0f203f3c"},"potentialAction":[{"@type":"SearchAction","target":{"@type":"EntryPoint","urlTemplate":"https:\/\/tarihkursu.com\/?s={search_term_string}"},"query-input":{"@type":"PropertyValueSpecification","valueRequired":true,"valueName":"search_term_string"}}],"inLanguage":"tr"},{"@type":["Person","Organization"],"@id":"https:\/\/tarihkursu.com\/#\/schema\/person\/4d7bdc3b79e9f5198455474c0f203f3c","name":"admin","image":{"@type":"ImageObject","inLanguage":"tr","@id":"https:\/\/tarihkursu.com\/wp-content\/uploads\/2024\/10\/TARIHKURSU-Kopyasi.png","url":"https:\/\/tarihkursu.com\/wp-content\/uploads\/2024\/10\/TARIHKURSU-Kopyasi.png","contentUrl":"https:\/\/tarihkursu.com\/wp-content\/uploads\/2024\/10\/TARIHKURSU-Kopyasi.png","width":1080,"height":1080,"caption":"admin"},"logo":{"@id":"https:\/\/tarihkursu.com\/wp-content\/uploads\/2024\/10\/TARIHKURSU-Kopyasi.png"},"sameAs":["https:\/\/tarihkursu.com"]},{"@type":"Person","@id":"https:\/\/tarihkursu.com\/#\/schema\/person\/d0f9105e31352dbe9f08d098ffb8c878","name":"tarihkursu","image":{"@type":"ImageObject","inLanguage":"tr","@id":"https:\/\/secure.gravatar.com\/avatar\/1354763acbc865faa7650c3e1e4431f187276d71f132349411302a546cdeae54?s=96&d=mm&r=g","url":"https:\/\/secure.gravatar.com\/avatar\/1354763acbc865faa7650c3e1e4431f187276d71f132349411302a546cdeae54?s=96&d=mm&r=g","contentUrl":"https:\/\/secure.gravatar.com\/avatar\/1354763acbc865faa7650c3e1e4431f187276d71f132349411302a546cdeae54?s=96&d=mm&r=g","caption":"tarihkursu"},"url":"https:\/\/tarihkursu.com\/index.php\/author\/tarihkursu\/"}]}},"_links":{"self":[{"href":"https:\/\/tarihkursu.com\/index.php\/wp-json\/wp\/v2\/posts\/248","targetHints":{"allow":["GET"]}}],"collection":[{"href":"https:\/\/tarihkursu.com\/index.php\/wp-json\/wp\/v2\/posts"}],"about":[{"href":"https:\/\/tarihkursu.com\/index.php\/wp-json\/wp\/v2\/types\/post"}],"author":[{"embeddable":true,"href":"https:\/\/tarihkursu.com\/index.php\/wp-json\/wp\/v2\/users\/2"}],"replies":[{"embeddable":true,"href":"https:\/\/tarihkursu.com\/index.php\/wp-json\/wp\/v2\/comments?post=248"}],"version-history":[{"count":1,"href":"https:\/\/tarihkursu.com\/index.php\/wp-json\/wp\/v2\/posts\/248\/revisions"}],"predecessor-version":[{"id":1150,"href":"https:\/\/tarihkursu.com\/index.php\/wp-json\/wp\/v2\/posts\/248\/revisions\/1150"}],"wp:featuredmedia":[{"embeddable":true,"href":"https:\/\/tarihkursu.com\/index.php\/wp-json\/wp\/v2\/media\/1149"}],"wp:attachment":[{"href":"https:\/\/tarihkursu.com\/index.php\/wp-json\/wp\/v2\/media?parent=248"}],"wp:term":[{"taxonomy":"category","embeddable":true,"href":"https:\/\/tarihkursu.com\/index.php\/wp-json\/wp\/v2\/categories?post=248"},{"taxonomy":"post_tag","embeddable":true,"href":"https:\/\/tarihkursu.com\/index.php\/wp-json\/wp\/v2\/tags?post=248"}],"curies":[{"name":"wp","href":"https:\/\/api.w.org\/{rel}","templated":true}]}}