{"id":249,"date":"2024-03-16T15:20:00","date_gmt":"2024-03-16T12:20:00","guid":{"rendered":""},"modified":"2024-10-18T21:03:08","modified_gmt":"2024-10-18T18:03:08","slug":"11-sinif-tarih-dersi-2-donem-1-yazili-soru-ve-cevaplari-acik-uclu-kisa-cevapli","status":"publish","type":"post","link":"https:\/\/tarihkursu.com\/index.php\/2024\/03\/16\/11-sinif-tarih-dersi-2-donem-1-yazili-soru-ve-cevaplari-acik-uclu-kisa-cevapli\/","title":{"rendered":"11. S\u0131n\u0131f Tarih Dersi 2. D\u00f6nem 1. Yaz\u0131l\u0131 Soru ve Cevaplar\u0131 &#8211; A\u00e7\u0131k U\u00e7lu- K\u0131sa Cevapl\u0131"},"content":{"rendered":"<h1 style=\"text-align: left;\"><span style=\"font-family: arial; font-size: large;\">&nbsp;Tarih Dersi 11. S\u0131n\u0131flar 2. D\u00f6nem 1. Yaz\u0131l\u0131 Sorular\u0131<\/span><\/h1>\n<p><span style=\"font-family: arial; font-size: large;\">Bu sayfada sizlerle <b>11. s\u0131n\u0131f tarih dersinin 2. d\u00f6nem 1.yaz\u0131l\u0131 sorular\u0131n\u0131<\/b> ve cevaplar\u0131n\u0131 payla\u015faca\u011f\u0131m. Bu sorular, <i>a\u00e7\u0131k u\u00e7lu ve k\u0131sa cevapl\u0131 <\/i>formatta haz\u0131rlanm\u0131\u015f olup, ders kitab\u0131ndaki kazan\u0131mlara ve Milli E\u011fitim Bakanl\u0131\u011f\u0131 taraf\u0131ndan payla\u015f\u0131lan <i>soru da\u011f\u0131l\u0131m tablolar\u0131na <\/i>uygun olarak se\u00e7ilmi\u015ftir. Y<i>eni m\u00fcfredata <\/i>uygun olarak haz\u0131rlad\u0131\u011f\u0131m\u0131z <b>11. s\u0131n\u0131f tarih dersi 2. d\u00f6nem 1. yaz\u0131l\u0131 2024<\/b> \u00e7al\u0131\u015fmam\u0131zda m\u00fcmk\u00fcn oldu\u011fu kadar fazla kazan\u0131mdan soru haz\u0131rlad\u0131k ve bu sorular\u0131 ayr\u0131nt\u0131l\u0131 olarak cevaplad\u0131k.<\/span><\/p>\n<div style=\"clear: both; text-align: center;\"><a href=\"https:\/\/blogger.googleusercontent.com\/img\/b\/R29vZ2xl\/AVvXsEhFi6ri8J4JmvQOLksD2HTRG5niwncYFDAobeAx1hts7LUquuIb1F9jN5OeNEBfHL1KHBvgMabetR0pKkaYa55ArktOI0beVOspqw630XDf00ZephkPPPtL1Bg5D1ZoXUEMrlwnQwi1posA3VRYimAGWpkGway3BPl0NxV-GZxG6oqId9fC51qz__e_4VRj\/s1280\/11.s%C4%B1n%C4%B1ftarihyaz%C4%B1l%C4%B1.jpg\" style=\"margin-left: 1em; margin-right: 1em;\"><span style=\"font-family: arial; font-size: large;\"><img loading=\"lazy\" decoding=\"async\" border=\"0\" data-original-height=\"720\" data-original-width=\"1280\" height=\"360\" src=\"https:\/\/tarihkursu.com\/wp-content\/uploads\/2024\/03\/11.s-C4-B1n-C4-B1ftarihyaz-C4-B1l-C4-B1-300x169.jpg\" width=\"640\" \/><\/span><\/a><\/div>\n<div style=\"clear: both; text-align: center;\"><span style=\"font-family: arial; font-size: large;\"><br \/><\/span><\/div>\n<h2 style=\"text-align: left;\"><span style=\"font-family: arial; font-size: large;\">Yaz\u0131l\u0131 Hangi Kazan\u0131mlardan Haz\u0131rland\u0131?<\/span><\/h2>\n<div><span style=\"font-family: arial; font-size: large;\">11.3.1. Frans\u0131z \u0130htilali ve Avrupa\u2019da Sanayi Devrimi ile birlikte devlet-toplum ili\u015fkilerinde meydana gelen d\u00f6n\u00fc\u015f\u00fcm\u00fc a\u00e7\u0131klar.<\/span><\/div>\n<div><span style=\"font-family: arial; font-size: large;\">11.3.2. Sanayi \u0130nk\u0131lab\u0131 sonras\u0131 Avrupal\u0131lar\u0131n giri\u015fti\u011fi sistemli s\u00f6m\u00fcrgecilik faaliyetleri ile k\u00fcresel etkilerini analiz eder.<\/span><\/div>\n<div><span style=\"font-family: arial; font-size: large;\">11.3.3. Osmanl\u0131 Devleti\u2019nde modern ordu te\u015fkilat\u0131 ve yurtta\u015f askerli\u011fine y\u00f6nelik d\u00fczenlemelerin siyasi ve sosyal boyutlar\u0131n\u0131 analiz eder.<\/span><\/div>\n<div><span style=\"font-family: arial; font-size: large;\">11.3.4. Ulus devletle\u015fme ve end\u00fcstrile\u015fme s\u00fcre\u00e7lerinin sosyal hayata yans\u0131malar\u0131n\u0131 analiz eder.<\/span><\/div>\n<div><span style=\"font-family: arial; font-size: large;\"><br \/><\/span><\/div>\n<h3 style=\"text-align: left;\"><span style=\"background-color: #fcff01; font-family: arial; font-size: large;\"><a href=\"https:\/\/docs.google.com\/document\/d\/17c8LqIiEYZ7YJfvDHzcTdFHaO0LQ2C5F\/edit?usp=sharing&amp;ouid=108895905854875034378&amp;rtpof=true&amp;sd=true\" target=\"_blank\" rel=\"noopener\">Yeni M\u00fcfredata Uygun 11. S\u0131n\u0131f Tarih Dersi 2. D\u00f6nem 1. Yaz\u0131l\u0131 Sorular\u0131n\u0131 Word olarak indirmek i\u00e7in T\u0131kla<\/a><\/span><\/h3>\n<h2 style=\"text-align: left;\"><span style=\"font-family: arial; font-size: large;\">Tarih Dersi&nbsp; 11. S\u0131n\u0131flar 2. D\u00f6nem 1. Yaz\u0131l\u0131s\u0131 Cevap Anahtar\u0131<\/span><\/h2>\n<div>\n<div><span style=\"font-family: arial; font-size: large;\">11.3.1. Frans\u0131z \u0130htilali ve Avrupa\u2019da Sanayi Devrimi ile birlikte devlet-toplum ili\u015fkilerinde meydana gelen d\u00f6n\u00fc\u015f\u00fcm\u00fc a\u00e7\u0131klar.<\/span><\/div>\n<div><span style=\"font-family: arial; font-size: large;\"><br \/><\/span><\/div>\n<div><span style=\"font-family: arial; font-size: large;\"><b>1.<span style=\"white-space: pre;\">\t<\/span>Frans\u0131z \u0130htilali, 1789 y\u0131l\u0131nda Fransa&#8217;da monar\u015finin devrilmesi ve cumhuriyetin kurulmas\u0131 ile sonu\u00e7lanan bir dizi olayd\u0131r. Bu ihtilal, Avrupa ve d\u00fcnya tarihinde \u00f6nemli bir d\u00f6n\u00fcm noktas\u0131d\u0131r. 1789 Frans\u0131z \u0130htilali\u2019nin nedenleri nelerdir? 2 tanesini yazal\u0131m.<\/b><\/span><\/div>\n<div><span style=\"font-family: arial; font-size: large;\">Krall\u0131k rejiminin bask\u0131c\u0131 y\u00f6netimi.<\/span><\/div>\n<div><span style=\"font-family: arial; font-size: large;\">Halk\u0131n \u00e7e\u015fitli s\u0131n\u0131flara ayr\u0131lmas\u0131 (Soylular, &#8216;Rahipler, Burjuvalar, K\u00f6yl\u00fcler).<\/span><\/div>\n<div><span style=\"font-family: arial; font-size: large;\">R\u00f6nesans sonras\u0131nda ortaya \u00e7\u0131kan ayd\u0131nlanma \u00e7a\u011f\u0131n\u0131n etkisi.<\/span><\/div>\n<div><span style=\"font-family: arial; font-size: large;\">Amerika&#8217;n\u0131n ba\u011f\u0131ms\u0131zl\u0131\u011f\u0131n\u0131 kazanmas\u0131.<\/span><\/div>\n<div><span style=\"font-family: arial; font-size: large;\">\u0130ngiliz me\u015frutiyetinin etkisi.<\/span><\/div>\n<div><span style=\"font-family: arial; font-size: large;\">Halk\u0131n son derece fakir olmas\u0131.<\/span><\/div>\n<div><span style=\"font-family: arial; font-size: large;\">Baz\u0131 Frans\u0131z ayd\u0131nlar\u0131n\u0131n (J.J. Russo, Volter &#8230;.) halk\u0131 etkilemesi.<\/span><\/div>\n<div><span style=\"font-family: arial; font-size: large;\">Yedi Y\u0131l Sava\u015flar\u0131n\u0131n sonucunda yeni vergiler konmas\u0131.<\/span><\/div>\n<div><span style=\"font-family: arial; font-size: large;\">Burjuva s\u0131n\u0131f\u0131n\u0131n y\u00f6netime kat\u0131lmak istemesi.<\/span><\/div>\n<div><span style=\"font-family: arial; font-size: large;\"><br \/><\/span><\/div>\n<div><span style=\"font-family: arial; font-size: large;\">2.<span style=\"white-space: pre;\">\t<\/span><b>Frans\u0131z \u0130htilali&#8217;nin getirdi\u011fi milliyet\u00e7ilik, \u00f6zg\u00fcrl\u00fck, e\u015fitlik ve karde\u015flik gibi fikirlerin Osmanl\u0131 Devleti\u2019ne olumlu ve olumsuz etkilerine birer \u00f6rnek veriniz.<\/b><\/span><\/div>\n<div><span style=\"font-family: arial; font-size: large;\">Frans\u0131z Devrimi&#8217;nin getirdi\u011fi \u00f6zg\u00fcrl\u00fck ve e\u015fitlik fikirleri, Osmanl\u0131&#8217;daki az\u0131nl\u0131k gruplar aras\u0131nda da milliyet\u00e7ilik ak\u0131mlar\u0131n\u0131n geli\u015fmesine yol a\u00e7t\u0131. Bu durum, Balkanlarda isyanlara ve ayaklanmalara neden oldu.<\/span><\/div>\n<div><span style=\"font-family: arial; font-size: large;\">Frans\u0131z \u0130htilali&#8217;nin getirdi\u011fi \u00f6zg\u00fcrl\u00fck, e\u015fitlik ve karde\u015flik gibi fikirler Osmanl\u0131 ayd\u0131nlar\u0131 aras\u0131nda ilgi g\u00f6rd\u00fc. Bu fikirler, Tanzimat ve Islahat Fermanlar\u0131&#8217;n\u0131n ilan\u0131na ve bat\u0131l\u0131la\u015fma reformlar\u0131n\u0131n yap\u0131lmas\u0131na katk\u0131da bulundu.<\/span><\/div>\n<div><span style=\"font-family: arial; font-size: large;\"><br \/><\/span><\/div>\n<div><span style=\"font-family: arial; font-size: large;\">11.3.2. Sanayi \u0130nk\u0131lab\u0131 sonras\u0131 Avrupal\u0131lar\u0131n giri\u015fti\u011fi sistemli s\u00f6m\u00fcrgecilik faaliyetleri ile k\u00fcresel etkilerini analiz eder.<\/span><\/div>\n<div><span style=\"font-family: arial; font-size: large;\"><b>3.<span style=\"white-space: pre;\">\t<\/span>S\u00f6m\u00fcrgecilik nedir?<\/b><\/span><\/div>\n<div><span style=\"font-family: arial; font-size: large;\">S\u00f6m\u00fcrgecilik, bir devletin ba\u015fka bir co\u011frafyay\u0131 i\u015fgal ederek y\u00f6netmesi ve onun zenginlik kaynaklar\u0131n\u0131 kendi yarar\u0131na kullanmas\u0131d\u0131r. Avrupal\u0131lar\u0131n s\u00f6m\u00fcrgecilik faaliyetleri, 15. y\u00fczy\u0131ldan itibaren co\u011frafi ke\u015fiflerle ba\u015flayan bir s\u00fcre\u00e7tir.<\/span><\/div>\n<div><span style=\"font-family: arial; font-size: large;\"><br \/><\/span><\/div>\n<div><span style=\"font-family: arial; font-size: large;\"><b>4.<span style=\"white-space: pre;\">\t<\/span>XIX. y\u00fczy\u0131ldan itibaren Avrupal\u0131lar\u0131n s\u00f6m\u00fcrgecilik faaliyetlerinin ivme kazanmas\u0131n\u0131n temel nedeni nedir?<\/b><\/span><\/div>\n<div><span style=\"font-family: arial; font-size: large;\">Sanayi Devrimi: Sanayi Devrimi, Avrupa&#8217;da b\u00fcy\u00fck bir \u00fcretim art\u0131\u015f\u0131 yaratt\u0131. Bu artan \u00fcretim i\u00e7in yeni pazarlar ve hammadde kaynaklar\u0131na ihtiya\u00e7 duyuldu. S\u00f6m\u00fcrgeler, Avrupa&#8217;n\u0131n bu ihtiyac\u0131n\u0131 kar\u015f\u0131lamak i\u00e7in ideal bir kaynak olarak g\u00f6r\u00fcld\u00fc.<\/span><\/div>\n<div><span style=\"font-family: arial; font-size: large;\"><br \/><\/span><\/div>\n<div><span style=\"font-family: arial; font-size: large;\">11.3.3. Osmanl\u0131 Devleti\u2019nde modern ordu te\u015fkilat\u0131 ve yurtta\u015f askerli\u011fine y\u00f6nelik d\u00fczenlemelerin siyasi ve sosyal boyutlar\u0131n\u0131 analiz eder.<\/span><\/div>\n<div><span style=\"font-family: arial; font-size: large;\">Frans\u0131z \u0130htilali\u2019nin yaym\u0131\u015f oldu\u011fu milliyet\u00e7ilik ak\u0131m\u0131n\u0131n, kendi \u00fcniter yap\u0131s\u0131n\u0131 bozmas\u0131n\u0131 engellemek isteyen Osmanl\u0131 Devleti, bir\u00e7ok Avrupa devleti gibi zorunlu askerlik sisteminden yararlanma yoluna gitti. Bu do\u011frultuda XIX. y\u00fczy\u0131ldan itibaren asker\u00ee alanda \u00f6nemli \u0131slahatlar yapt\u0131.&nbsp;<\/span><\/div>\n<div><span style=\"font-family: arial; font-size: large;\"><b>5.<span style=\"white-space: pre;\">\t<\/span>A\u015fa\u011f\u0131da verilen ordular\u0131n hangi padi\u015fahlar zaman\u0131nda kuruldu\u011funu kar\u015f\u0131lar\u0131na yazal\u0131m.<\/b><\/span><\/div>\n<div><span style=\"font-family: arial; font-size: large;\"><b>Nizam-\u0131 Cedit Ordusu:<\/b> III. Selim<\/span><\/div>\n<div><span style=\"font-family: arial; font-size: large;\"><b>As\u00e2kir-i Mans\u00fbre-i Muhammediye:<\/b> II. Mahmut<\/span><\/div>\n<div><span style=\"font-family: arial; font-size: large;\"><br \/><\/span><\/div>\n<div><span style=\"font-family: arial; font-size: large;\"><b>6.<span style=\"white-space: pre;\">\t<\/span>Osmanl\u0131 tarihinde \u201cVaka-i Hayriye\u201d (Hay\u0131rl\u0131 olay) olarak ge\u00e7en olay nedir? Hangi padi\u015fah zaman\u0131nda ger\u00e7ekle\u015fmi\u015ftir?<\/b><\/span><\/div>\n<div><span style=\"font-family: arial; font-size: large;\">II. Mahmut d\u00f6neminde meydana gelen Vaka-i Hayriye, Osmanl\u0131 tarihinde \u00f6nemli bir d\u00f6n\u00fcm noktas\u0131 olarak kabul edilir. Bu olayla birlikte Yeni\u00e7eri Oca\u011f\u0131 ortadan kald\u0131r\u0131lm\u0131\u015f ve Osmanl\u0131 ordusunun modernle\u015fmesi yolunda \u00f6nemli bir ad\u0131m at\u0131lm\u0131\u015ft\u0131r.&nbsp;<\/span><\/div>\n<div><span style=\"font-family: arial; font-size: large;\"><br \/><\/span><\/div>\n<div><span style=\"font-family: arial; font-size: large;\">11.3.4. Ulus devletle\u015fme ve end\u00fcstrile\u015fme s\u00fcre\u00e7lerinin sosyal hayata yans\u0131malar\u0131n\u0131 analiz eder.<\/span><\/div>\n<div><span style=\"font-family: arial; font-size: large;\"><b>7.<span style=\"white-space: pre;\">\t<\/span>II. Abd\u00fclhamit\u2019in demir yollar\u0131 yap\u0131m\u0131na \u00f6nem vermesinin nedenleri neler olabilir?<\/b><\/span><\/div>\n<div><span style=\"font-family: arial; font-size: large;\">Ekonomik kalk\u0131nma: Demiryollar\u0131n\u0131n, Osmanl\u0131 \u0130mparatorlu\u011fu&#8217;nun ekonomisini canland\u0131raca\u011f\u0131na inan\u0131yordu. Demiryollar\u0131, mallar\u0131n ve insanlar\u0131n daha h\u0131zl\u0131 ve daha ucuz bir \u015fekilde ta\u015f\u0131nmas\u0131n\u0131 sa\u011flayarak ticareti ve sanayii te\u015fvik edecekti.<\/span><\/div>\n<div><span style=\"font-family: arial; font-size: large;\">Askeri g\u00fc\u00e7: Demiryollar\u0131n\u0131n, Osmanl\u0131 ordusunun daha h\u0131zl\u0131 ve daha kolay bir \u015fekilde sevk ve idare edilmesini sa\u011flayaca\u011f\u0131na inan\u0131yordu. Bu da imparatorlu\u011fun savunma g\u00fcc\u00fcn\u00fc art\u0131racakt\u0131.<\/span><\/div>\n<div><span style=\"font-family: arial; font-size: large;\">Siyasi birlik: Demiryollar\u0131n\u0131n, imparatorlu\u011fun farkl\u0131 b\u00f6lgelerini birbirine ba\u011flayarak siyasi birli\u011fi ve merkezi otoriteyi g\u00fc\u00e7lendirece\u011fine inan\u0131yordu.<\/span><\/div>\n<div><span style=\"font-family: arial; font-size: large;\">Avrupa ile entegrasyon: Demiryollar\u0131n\u0131n, Osmanl\u0131 \u0130mparatorlu\u011fu&#8217;nu Avrupa&#8217;ya ba\u011flayarak modernle\u015fme ve Avrupa ile entegrasyon s\u00fcrecini h\u0131zland\u0131raca\u011f\u0131na inan\u0131yordu.<\/span><\/div>\n<div><span style=\"font-family: arial; font-size: large;\"><br \/><\/span><\/div>\n<div><span style=\"font-family: arial; font-size: large;\"><b>8.<span style=\"white-space: pre;\">\t<\/span>A\u015fa\u011f\u0131da verilen e\u011fitim kurumlar\u0131 hangi padi\u015fah zaman\u0131nda kurulmu\u015ftur?<\/b><\/span><\/div>\n<div><span style=\"font-family: arial; font-size: large;\"><b>M\u00fchendishane-i Bahri-i H\u00fcm\u00e2yun: <\/b>I. Abd\u00fclhamid<\/span><\/div>\n<div><span style=\"font-family: arial; font-size: large;\"><b>M\u00fchendishane-i Berri-i H\u00fcm\u00e2yun: <\/b>III. Selim<\/span><\/div>\n<div><span style=\"font-family: arial; font-size: large;\"><br \/><\/span><\/div>\n<p><span style=\"font-family: arial; font-size: large;\"><br \/><\/span><\/p>\n<p><\/p>\n<\/div>\n","protected":false},"excerpt":{"rendered":"<div class=\"mh-excerpt\"><p>&nbsp;Tarih Dersi 11. S\u0131n\u0131flar 2. D\u00f6nem 1. Yaz\u0131l\u0131 Sorular\u0131 Bu sayfada sizlerle 11. s\u0131n\u0131f tarih dersinin 2. d\u00f6nem 1.yaz\u0131l\u0131 sorular\u0131n\u0131 ve cevaplar\u0131n\u0131 payla\u015faca\u011f\u0131m. Bu sorular, <a class=\"mh-excerpt-more\" href=\"https:\/\/tarihkursu.com\/index.php\/2024\/03\/16\/11-sinif-tarih-dersi-2-donem-1-yazili-soru-ve-cevaplari-acik-uclu-kisa-cevapli\/\" title=\"11. S\u0131n\u0131f Tarih Dersi 2. D\u00f6nem 1. Yaz\u0131l\u0131 Soru ve Cevaplar\u0131 &#8211; A\u00e7\u0131k U\u00e7lu- K\u0131sa Cevapl\u0131\">[&#8230;]<\/a><\/p>\n<\/div>","protected":false},"author":2,"featured_media":1151,"comment_status":"open","ping_status":"open","sticky":false,"template":"","format":"standard","meta":{"_regular_price":[],"currency_symbol":[],"footnotes":""},"categories":[10],"tags":[],"class_list":["post-249","post","type-post","status-publish","format-standard","has-post-thumbnail","hentry","category-yazili-sorulari"],"post_slider_layout_featured_media_urls":{"thumbnail":["https:\/\/tarihkursu.com\/wp-content\/uploads\/2024\/03\/11.s-C4-B1n-C4-B1ftarihyaz-C4-B1l-C4-B1-150x150.jpg",150,150,true],"post_slider_layout_landscape_large":["https:\/\/tarihkursu.com\/wp-content\/uploads\/2024\/03\/11.s-C4-B1n-C4-B1ftarihyaz-C4-B1l-C4-B1.jpg",640,360,false],"post_slider_layout_portrait_large":["https:\/\/tarihkursu.com\/wp-content\/uploads\/2024\/03\/11.s-C4-B1n-C4-B1ftarihyaz-C4-B1l-C4-B1.jpg",640,360,false],"post_slider_layout_square_large":["https:\/\/tarihkursu.com\/wp-content\/uploads\/2024\/03\/11.s-C4-B1n-C4-B1ftarihyaz-C4-B1l-C4-B1.jpg",640,360,false],"post_slider_layout_landscape":["https:\/\/tarihkursu.com\/wp-content\/uploads\/2024\/03\/11.s-C4-B1n-C4-B1ftarihyaz-C4-B1l-C4-B1-600x360.jpg",600,360,true],"post_slider_layout_portrait":["https:\/\/tarihkursu.com\/wp-content\/uploads\/2024\/03\/11.s-C4-B1n-C4-B1ftarihyaz-C4-B1l-C4-B1-600x360.jpg",600,360,true],"post_slider_layout_square":["https:\/\/tarihkursu.com\/wp-content\/uploads\/2024\/03\/11.s-C4-B1n-C4-B1ftarihyaz-C4-B1l-C4-B1-600x360.jpg",600,360,true],"full":["https:\/\/tarihkursu.com\/wp-content\/uploads\/2024\/03\/11.s-C4-B1n-C4-B1ftarihyaz-C4-B1l-C4-B1.jpg",640,360,false]},"yoast_head":"<!-- This site is optimized with the Yoast SEO plugin v28.4 - https:\/\/yoast.com\/product\/yoast-seo-wordpress\/ -->\n<title>11. S\u0131n\u0131f Tarih Dersi 2. D\u00f6nem 1. Yaz\u0131l\u0131 Soru ve Cevaplar\u0131 - A\u00e7\u0131k U\u00e7lu- K\u0131sa Cevapl\u0131 - tarihkursu.com<\/title>\n<meta name=\"robots\" content=\"index, follow, max-snippet:-1, max-image-preview:large, max-video-preview:-1\" \/>\n<link rel=\"canonical\" href=\"https:\/\/tarihkursu.com\/index.php\/2024\/03\/16\/11-sinif-tarih-dersi-2-donem-1-yazili-soru-ve-cevaplari-acik-uclu-kisa-cevapli\/\" \/>\n<meta property=\"og:locale\" content=\"tr_TR\" \/>\n<meta property=\"og:type\" content=\"article\" \/>\n<meta property=\"og:title\" content=\"11. S\u0131n\u0131f Tarih Dersi 2. D\u00f6nem 1. Yaz\u0131l\u0131 Soru ve Cevaplar\u0131 - A\u00e7\u0131k U\u00e7lu- K\u0131sa Cevapl\u0131 - tarihkursu.com\" \/>\n<meta property=\"og:description\" content=\"&nbsp;Tarih Dersi 11. S\u0131n\u0131flar 2. D\u00f6nem 1. Yaz\u0131l\u0131 Sorular\u0131 Bu sayfada sizlerle 11. s\u0131n\u0131f tarih dersinin 2. d\u00f6nem 1.yaz\u0131l\u0131 sorular\u0131n\u0131 ve cevaplar\u0131n\u0131 payla\u015faca\u011f\u0131m. Bu sorular, [...]\" \/>\n<meta property=\"og:url\" content=\"https:\/\/tarihkursu.com\/index.php\/2024\/03\/16\/11-sinif-tarih-dersi-2-donem-1-yazili-soru-ve-cevaplari-acik-uclu-kisa-cevapli\/\" \/>\n<meta property=\"og:site_name\" content=\"tarihkursu.com\" \/>\n<meta property=\"article:published_time\" content=\"2024-03-16T12:20:00+00:00\" \/>\n<meta property=\"article:modified_time\" content=\"2024-10-18T18:03:08+00:00\" \/>\n<meta property=\"og:image\" content=\"https:\/\/tarihkursu.com\/wp-content\/uploads\/2024\/03\/11.s-C4-B1n-C4-B1ftarihyaz-C4-B1l-C4-B1.jpg\" \/>\n\t<meta property=\"og:image:width\" content=\"640\" \/>\n\t<meta property=\"og:image:height\" content=\"360\" \/>\n\t<meta property=\"og:image:type\" content=\"image\/jpeg\" \/>\n<meta name=\"author\" content=\"tarihkursu\" \/>\n<meta name=\"twitter:card\" content=\"summary_large_image\" \/>\n<meta name=\"twitter:label1\" content=\"Yazan:\" \/>\n\t<meta name=\"twitter:data1\" content=\"tarihkursu\" \/>\n\t<meta name=\"twitter:label2\" content=\"Tahmini okuma s\u00fcresi\" \/>\n\t<meta name=\"twitter:data2\" content=\"5 dakika\" \/>\n<script type=\"application\/ld+json\" class=\"yoast-schema-graph\">{\"@context\":\"https:\\\/\\\/schema.org\",\"@graph\":[{\"@type\":\"Article\",\"@id\":\"https:\\\/\\\/tarihkursu.com\\\/index.php\\\/2024\\\/03\\\/16\\\/11-sinif-tarih-dersi-2-donem-1-yazili-soru-ve-cevaplari-acik-uclu-kisa-cevapli\\\/#article\",\"isPartOf\":{\"@id\":\"https:\\\/\\\/tarihkursu.com\\\/index.php\\\/2024\\\/03\\\/16\\\/11-sinif-tarih-dersi-2-donem-1-yazili-soru-ve-cevaplari-acik-uclu-kisa-cevapli\\\/\"},\"author\":{\"name\":\"tarihkursu\",\"@id\":\"https:\\\/\\\/tarihkursu.com\\\/#\\\/schema\\\/person\\\/d0f9105e31352dbe9f08d098ffb8c878\"},\"headline\":\"11. S\u0131n\u0131f Tarih Dersi 2. D\u00f6nem 1. Yaz\u0131l\u0131 Soru ve Cevaplar\u0131 &#8211; A\u00e7\u0131k U\u00e7lu- K\u0131sa Cevapl\u0131\",\"datePublished\":\"2024-03-16T12:20:00+00:00\",\"dateModified\":\"2024-10-18T18:03:08+00:00\",\"mainEntityOfPage\":{\"@id\":\"https:\\\/\\\/tarihkursu.com\\\/index.php\\\/2024\\\/03\\\/16\\\/11-sinif-tarih-dersi-2-donem-1-yazili-soru-ve-cevaplari-acik-uclu-kisa-cevapli\\\/\"},\"wordCount\":1016,\"commentCount\":0,\"publisher\":{\"@id\":\"https:\\\/\\\/tarihkursu.com\\\/#\\\/schema\\\/person\\\/4d7bdc3b79e9f5198455474c0f203f3c\"},\"image\":{\"@id\":\"https:\\\/\\\/tarihkursu.com\\\/index.php\\\/2024\\\/03\\\/16\\\/11-sinif-tarih-dersi-2-donem-1-yazili-soru-ve-cevaplari-acik-uclu-kisa-cevapli\\\/#primaryimage\"},\"thumbnailUrl\":\"https:\\\/\\\/tarihkursu.com\\\/wp-content\\\/uploads\\\/2024\\\/03\\\/11.s-C4-B1n-C4-B1ftarihyaz-C4-B1l-C4-B1.jpg\",\"articleSection\":[\"YAZILI SORULARI\"],\"inLanguage\":\"tr\",\"potentialAction\":[{\"@type\":\"CommentAction\",\"name\":\"Comment\",\"target\":[\"https:\\\/\\\/tarihkursu.com\\\/index.php\\\/2024\\\/03\\\/16\\\/11-sinif-tarih-dersi-2-donem-1-yazili-soru-ve-cevaplari-acik-uclu-kisa-cevapli\\\/#respond\"]}]},{\"@type\":\"WebPage\",\"@id\":\"https:\\\/\\\/tarihkursu.com\\\/index.php\\\/2024\\\/03\\\/16\\\/11-sinif-tarih-dersi-2-donem-1-yazili-soru-ve-cevaplari-acik-uclu-kisa-cevapli\\\/\",\"url\":\"https:\\\/\\\/tarihkursu.com\\\/index.php\\\/2024\\\/03\\\/16\\\/11-sinif-tarih-dersi-2-donem-1-yazili-soru-ve-cevaplari-acik-uclu-kisa-cevapli\\\/\",\"name\":\"11. S\u0131n\u0131f Tarih Dersi 2. D\u00f6nem 1. Yaz\u0131l\u0131 Soru ve Cevaplar\u0131 - A\u00e7\u0131k U\u00e7lu- K\u0131sa Cevapl\u0131 - tarihkursu.com\",\"isPartOf\":{\"@id\":\"https:\\\/\\\/tarihkursu.com\\\/#website\"},\"primaryImageOfPage\":{\"@id\":\"https:\\\/\\\/tarihkursu.com\\\/index.php\\\/2024\\\/03\\\/16\\\/11-sinif-tarih-dersi-2-donem-1-yazili-soru-ve-cevaplari-acik-uclu-kisa-cevapli\\\/#primaryimage\"},\"image\":{\"@id\":\"https:\\\/\\\/tarihkursu.com\\\/index.php\\\/2024\\\/03\\\/16\\\/11-sinif-tarih-dersi-2-donem-1-yazili-soru-ve-cevaplari-acik-uclu-kisa-cevapli\\\/#primaryimage\"},\"thumbnailUrl\":\"https:\\\/\\\/tarihkursu.com\\\/wp-content\\\/uploads\\\/2024\\\/03\\\/11.s-C4-B1n-C4-B1ftarihyaz-C4-B1l-C4-B1.jpg\",\"datePublished\":\"2024-03-16T12:20:00+00:00\",\"dateModified\":\"2024-10-18T18:03:08+00:00\",\"breadcrumb\":{\"@id\":\"https:\\\/\\\/tarihkursu.com\\\/index.php\\\/2024\\\/03\\\/16\\\/11-sinif-tarih-dersi-2-donem-1-yazili-soru-ve-cevaplari-acik-uclu-kisa-cevapli\\\/#breadcrumb\"},\"inLanguage\":\"tr\",\"potentialAction\":[{\"@type\":\"ReadAction\",\"target\":[\"https:\\\/\\\/tarihkursu.com\\\/index.php\\\/2024\\\/03\\\/16\\\/11-sinif-tarih-dersi-2-donem-1-yazili-soru-ve-cevaplari-acik-uclu-kisa-cevapli\\\/\"]}]},{\"@type\":\"ImageObject\",\"inLanguage\":\"tr\",\"@id\":\"https:\\\/\\\/tarihkursu.com\\\/index.php\\\/2024\\\/03\\\/16\\\/11-sinif-tarih-dersi-2-donem-1-yazili-soru-ve-cevaplari-acik-uclu-kisa-cevapli\\\/#primaryimage\",\"url\":\"https:\\\/\\\/tarihkursu.com\\\/wp-content\\\/uploads\\\/2024\\\/03\\\/11.s-C4-B1n-C4-B1ftarihyaz-C4-B1l-C4-B1.jpg\",\"contentUrl\":\"https:\\\/\\\/tarihkursu.com\\\/wp-content\\\/uploads\\\/2024\\\/03\\\/11.s-C4-B1n-C4-B1ftarihyaz-C4-B1l-C4-B1.jpg\",\"width\":640,\"height\":360},{\"@type\":\"BreadcrumbList\",\"@id\":\"https:\\\/\\\/tarihkursu.com\\\/index.php\\\/2024\\\/03\\\/16\\\/11-sinif-tarih-dersi-2-donem-1-yazili-soru-ve-cevaplari-acik-uclu-kisa-cevapli\\\/#breadcrumb\",\"itemListElement\":[{\"@type\":\"ListItem\",\"position\":1,\"name\":\"Anasayfa\",\"item\":\"https:\\\/\\\/tarihkursu.com\\\/\"},{\"@type\":\"ListItem\",\"position\":2,\"name\":\"11. S\u0131n\u0131f Tarih Dersi 2. D\u00f6nem 1. Yaz\u0131l\u0131 Soru ve Cevaplar\u0131 &#8211; A\u00e7\u0131k U\u00e7lu- K\u0131sa Cevapl\u0131\"}]},{\"@type\":\"WebSite\",\"@id\":\"https:\\\/\\\/tarihkursu.com\\\/#website\",\"url\":\"https:\\\/\\\/tarihkursu.com\\\/\",\"name\":\"Tarih Kursu\",\"description\":\"\u0130\u015fimiz G\u00fcc\u00fcm\u00fcz Tarih\",\"publisher\":{\"@id\":\"https:\\\/\\\/tarihkursu.com\\\/#\\\/schema\\\/person\\\/4d7bdc3b79e9f5198455474c0f203f3c\"},\"potentialAction\":[{\"@type\":\"SearchAction\",\"target\":{\"@type\":\"EntryPoint\",\"urlTemplate\":\"https:\\\/\\\/tarihkursu.com\\\/?s={search_term_string}\"},\"query-input\":{\"@type\":\"PropertyValueSpecification\",\"valueRequired\":true,\"valueName\":\"search_term_string\"}}],\"inLanguage\":\"tr\"},{\"@type\":[\"Person\",\"Organization\"],\"@id\":\"https:\\\/\\\/tarihkursu.com\\\/#\\\/schema\\\/person\\\/4d7bdc3b79e9f5198455474c0f203f3c\",\"name\":\"admin\",\"image\":{\"@type\":\"ImageObject\",\"inLanguage\":\"tr\",\"@id\":\"https:\\\/\\\/tarihkursu.com\\\/wp-content\\\/uploads\\\/2024\\\/10\\\/TARIHKURSU-Kopyasi.png\",\"url\":\"https:\\\/\\\/tarihkursu.com\\\/wp-content\\\/uploads\\\/2024\\\/10\\\/TARIHKURSU-Kopyasi.png\",\"contentUrl\":\"https:\\\/\\\/tarihkursu.com\\\/wp-content\\\/uploads\\\/2024\\\/10\\\/TARIHKURSU-Kopyasi.png\",\"width\":1080,\"height\":1080,\"caption\":\"admin\"},\"logo\":{\"@id\":\"https:\\\/\\\/tarihkursu.com\\\/wp-content\\\/uploads\\\/2024\\\/10\\\/TARIHKURSU-Kopyasi.png\"},\"sameAs\":[\"https:\\\/\\\/tarihkursu.com\"]},{\"@type\":\"Person\",\"@id\":\"https:\\\/\\\/tarihkursu.com\\\/#\\\/schema\\\/person\\\/d0f9105e31352dbe9f08d098ffb8c878\",\"name\":\"tarihkursu\",\"image\":{\"@type\":\"ImageObject\",\"inLanguage\":\"tr\",\"@id\":\"https:\\\/\\\/secure.gravatar.com\\\/avatar\\\/1354763acbc865faa7650c3e1e4431f187276d71f132349411302a546cdeae54?s=96&d=mm&r=g\",\"url\":\"https:\\\/\\\/secure.gravatar.com\\\/avatar\\\/1354763acbc865faa7650c3e1e4431f187276d71f132349411302a546cdeae54?s=96&d=mm&r=g\",\"contentUrl\":\"https:\\\/\\\/secure.gravatar.com\\\/avatar\\\/1354763acbc865faa7650c3e1e4431f187276d71f132349411302a546cdeae54?s=96&d=mm&r=g\",\"caption\":\"tarihkursu\"},\"url\":\"https:\\\/\\\/tarihkursu.com\\\/index.php\\\/author\\\/tarihkursu\\\/\"}]}<\/script>\n<!-- \/ Yoast SEO plugin. -->","yoast_head_json":{"title":"11. S\u0131n\u0131f Tarih Dersi 2. D\u00f6nem 1. Yaz\u0131l\u0131 Soru ve Cevaplar\u0131 - A\u00e7\u0131k U\u00e7lu- K\u0131sa Cevapl\u0131 - tarihkursu.com","robots":{"index":"index","follow":"follow","max-snippet":"max-snippet:-1","max-image-preview":"max-image-preview:large","max-video-preview":"max-video-preview:-1"},"canonical":"https:\/\/tarihkursu.com\/index.php\/2024\/03\/16\/11-sinif-tarih-dersi-2-donem-1-yazili-soru-ve-cevaplari-acik-uclu-kisa-cevapli\/","og_locale":"tr_TR","og_type":"article","og_title":"11. S\u0131n\u0131f Tarih Dersi 2. D\u00f6nem 1. Yaz\u0131l\u0131 Soru ve Cevaplar\u0131 - A\u00e7\u0131k U\u00e7lu- K\u0131sa Cevapl\u0131 - tarihkursu.com","og_description":"&nbsp;Tarih Dersi 11. S\u0131n\u0131flar 2. D\u00f6nem 1. Yaz\u0131l\u0131 Sorular\u0131 Bu sayfada sizlerle 11. s\u0131n\u0131f tarih dersinin 2. d\u00f6nem 1.yaz\u0131l\u0131 sorular\u0131n\u0131 ve cevaplar\u0131n\u0131 payla\u015faca\u011f\u0131m. Bu sorular, [...]","og_url":"https:\/\/tarihkursu.com\/index.php\/2024\/03\/16\/11-sinif-tarih-dersi-2-donem-1-yazili-soru-ve-cevaplari-acik-uclu-kisa-cevapli\/","og_site_name":"tarihkursu.com","article_published_time":"2024-03-16T12:20:00+00:00","article_modified_time":"2024-10-18T18:03:08+00:00","og_image":[{"width":640,"height":360,"url":"https:\/\/tarihkursu.com\/wp-content\/uploads\/2024\/03\/11.s-C4-B1n-C4-B1ftarihyaz-C4-B1l-C4-B1.jpg","type":"image\/jpeg"}],"author":"tarihkursu","twitter_card":"summary_large_image","twitter_misc":{"Yazan:":"tarihkursu","Tahmini okuma s\u00fcresi":"5 dakika"},"schema":{"@context":"https:\/\/schema.org","@graph":[{"@type":"Article","@id":"https:\/\/tarihkursu.com\/index.php\/2024\/03\/16\/11-sinif-tarih-dersi-2-donem-1-yazili-soru-ve-cevaplari-acik-uclu-kisa-cevapli\/#article","isPartOf":{"@id":"https:\/\/tarihkursu.com\/index.php\/2024\/03\/16\/11-sinif-tarih-dersi-2-donem-1-yazili-soru-ve-cevaplari-acik-uclu-kisa-cevapli\/"},"author":{"name":"tarihkursu","@id":"https:\/\/tarihkursu.com\/#\/schema\/person\/d0f9105e31352dbe9f08d098ffb8c878"},"headline":"11. S\u0131n\u0131f Tarih Dersi 2. D\u00f6nem 1. Yaz\u0131l\u0131 Soru ve Cevaplar\u0131 &#8211; A\u00e7\u0131k U\u00e7lu- K\u0131sa Cevapl\u0131","datePublished":"2024-03-16T12:20:00+00:00","dateModified":"2024-10-18T18:03:08+00:00","mainEntityOfPage":{"@id":"https:\/\/tarihkursu.com\/index.php\/2024\/03\/16\/11-sinif-tarih-dersi-2-donem-1-yazili-soru-ve-cevaplari-acik-uclu-kisa-cevapli\/"},"wordCount":1016,"commentCount":0,"publisher":{"@id":"https:\/\/tarihkursu.com\/#\/schema\/person\/4d7bdc3b79e9f5198455474c0f203f3c"},"image":{"@id":"https:\/\/tarihkursu.com\/index.php\/2024\/03\/16\/11-sinif-tarih-dersi-2-donem-1-yazili-soru-ve-cevaplari-acik-uclu-kisa-cevapli\/#primaryimage"},"thumbnailUrl":"https:\/\/tarihkursu.com\/wp-content\/uploads\/2024\/03\/11.s-C4-B1n-C4-B1ftarihyaz-C4-B1l-C4-B1.jpg","articleSection":["YAZILI SORULARI"],"inLanguage":"tr","potentialAction":[{"@type":"CommentAction","name":"Comment","target":["https:\/\/tarihkursu.com\/index.php\/2024\/03\/16\/11-sinif-tarih-dersi-2-donem-1-yazili-soru-ve-cevaplari-acik-uclu-kisa-cevapli\/#respond"]}]},{"@type":"WebPage","@id":"https:\/\/tarihkursu.com\/index.php\/2024\/03\/16\/11-sinif-tarih-dersi-2-donem-1-yazili-soru-ve-cevaplari-acik-uclu-kisa-cevapli\/","url":"https:\/\/tarihkursu.com\/index.php\/2024\/03\/16\/11-sinif-tarih-dersi-2-donem-1-yazili-soru-ve-cevaplari-acik-uclu-kisa-cevapli\/","name":"11. S\u0131n\u0131f Tarih Dersi 2. D\u00f6nem 1. Yaz\u0131l\u0131 Soru ve Cevaplar\u0131 - A\u00e7\u0131k U\u00e7lu- K\u0131sa Cevapl\u0131 - tarihkursu.com","isPartOf":{"@id":"https:\/\/tarihkursu.com\/#website"},"primaryImageOfPage":{"@id":"https:\/\/tarihkursu.com\/index.php\/2024\/03\/16\/11-sinif-tarih-dersi-2-donem-1-yazili-soru-ve-cevaplari-acik-uclu-kisa-cevapli\/#primaryimage"},"image":{"@id":"https:\/\/tarihkursu.com\/index.php\/2024\/03\/16\/11-sinif-tarih-dersi-2-donem-1-yazili-soru-ve-cevaplari-acik-uclu-kisa-cevapli\/#primaryimage"},"thumbnailUrl":"https:\/\/tarihkursu.com\/wp-content\/uploads\/2024\/03\/11.s-C4-B1n-C4-B1ftarihyaz-C4-B1l-C4-B1.jpg","datePublished":"2024-03-16T12:20:00+00:00","dateModified":"2024-10-18T18:03:08+00:00","breadcrumb":{"@id":"https:\/\/tarihkursu.com\/index.php\/2024\/03\/16\/11-sinif-tarih-dersi-2-donem-1-yazili-soru-ve-cevaplari-acik-uclu-kisa-cevapli\/#breadcrumb"},"inLanguage":"tr","potentialAction":[{"@type":"ReadAction","target":["https:\/\/tarihkursu.com\/index.php\/2024\/03\/16\/11-sinif-tarih-dersi-2-donem-1-yazili-soru-ve-cevaplari-acik-uclu-kisa-cevapli\/"]}]},{"@type":"ImageObject","inLanguage":"tr","@id":"https:\/\/tarihkursu.com\/index.php\/2024\/03\/16\/11-sinif-tarih-dersi-2-donem-1-yazili-soru-ve-cevaplari-acik-uclu-kisa-cevapli\/#primaryimage","url":"https:\/\/tarihkursu.com\/wp-content\/uploads\/2024\/03\/11.s-C4-B1n-C4-B1ftarihyaz-C4-B1l-C4-B1.jpg","contentUrl":"https:\/\/tarihkursu.com\/wp-content\/uploads\/2024\/03\/11.s-C4-B1n-C4-B1ftarihyaz-C4-B1l-C4-B1.jpg","width":640,"height":360},{"@type":"BreadcrumbList","@id":"https:\/\/tarihkursu.com\/index.php\/2024\/03\/16\/11-sinif-tarih-dersi-2-donem-1-yazili-soru-ve-cevaplari-acik-uclu-kisa-cevapli\/#breadcrumb","itemListElement":[{"@type":"ListItem","position":1,"name":"Anasayfa","item":"https:\/\/tarihkursu.com\/"},{"@type":"ListItem","position":2,"name":"11. S\u0131n\u0131f Tarih Dersi 2. D\u00f6nem 1. Yaz\u0131l\u0131 Soru ve Cevaplar\u0131 &#8211; A\u00e7\u0131k U\u00e7lu- K\u0131sa Cevapl\u0131"}]},{"@type":"WebSite","@id":"https:\/\/tarihkursu.com\/#website","url":"https:\/\/tarihkursu.com\/","name":"Tarih Kursu","description":"\u0130\u015fimiz G\u00fcc\u00fcm\u00fcz Tarih","publisher":{"@id":"https:\/\/tarihkursu.com\/#\/schema\/person\/4d7bdc3b79e9f5198455474c0f203f3c"},"potentialAction":[{"@type":"SearchAction","target":{"@type":"EntryPoint","urlTemplate":"https:\/\/tarihkursu.com\/?s={search_term_string}"},"query-input":{"@type":"PropertyValueSpecification","valueRequired":true,"valueName":"search_term_string"}}],"inLanguage":"tr"},{"@type":["Person","Organization"],"@id":"https:\/\/tarihkursu.com\/#\/schema\/person\/4d7bdc3b79e9f5198455474c0f203f3c","name":"admin","image":{"@type":"ImageObject","inLanguage":"tr","@id":"https:\/\/tarihkursu.com\/wp-content\/uploads\/2024\/10\/TARIHKURSU-Kopyasi.png","url":"https:\/\/tarihkursu.com\/wp-content\/uploads\/2024\/10\/TARIHKURSU-Kopyasi.png","contentUrl":"https:\/\/tarihkursu.com\/wp-content\/uploads\/2024\/10\/TARIHKURSU-Kopyasi.png","width":1080,"height":1080,"caption":"admin"},"logo":{"@id":"https:\/\/tarihkursu.com\/wp-content\/uploads\/2024\/10\/TARIHKURSU-Kopyasi.png"},"sameAs":["https:\/\/tarihkursu.com"]},{"@type":"Person","@id":"https:\/\/tarihkursu.com\/#\/schema\/person\/d0f9105e31352dbe9f08d098ffb8c878","name":"tarihkursu","image":{"@type":"ImageObject","inLanguage":"tr","@id":"https:\/\/secure.gravatar.com\/avatar\/1354763acbc865faa7650c3e1e4431f187276d71f132349411302a546cdeae54?s=96&d=mm&r=g","url":"https:\/\/secure.gravatar.com\/avatar\/1354763acbc865faa7650c3e1e4431f187276d71f132349411302a546cdeae54?s=96&d=mm&r=g","contentUrl":"https:\/\/secure.gravatar.com\/avatar\/1354763acbc865faa7650c3e1e4431f187276d71f132349411302a546cdeae54?s=96&d=mm&r=g","caption":"tarihkursu"},"url":"https:\/\/tarihkursu.com\/index.php\/author\/tarihkursu\/"}]}},"_links":{"self":[{"href":"https:\/\/tarihkursu.com\/index.php\/wp-json\/wp\/v2\/posts\/249","targetHints":{"allow":["GET"]}}],"collection":[{"href":"https:\/\/tarihkursu.com\/index.php\/wp-json\/wp\/v2\/posts"}],"about":[{"href":"https:\/\/tarihkursu.com\/index.php\/wp-json\/wp\/v2\/types\/post"}],"author":[{"embeddable":true,"href":"https:\/\/tarihkursu.com\/index.php\/wp-json\/wp\/v2\/users\/2"}],"replies":[{"embeddable":true,"href":"https:\/\/tarihkursu.com\/index.php\/wp-json\/wp\/v2\/comments?post=249"}],"version-history":[{"count":1,"href":"https:\/\/tarihkursu.com\/index.php\/wp-json\/wp\/v2\/posts\/249\/revisions"}],"predecessor-version":[{"id":1152,"href":"https:\/\/tarihkursu.com\/index.php\/wp-json\/wp\/v2\/posts\/249\/revisions\/1152"}],"wp:featuredmedia":[{"embeddable":true,"href":"https:\/\/tarihkursu.com\/index.php\/wp-json\/wp\/v2\/media\/1151"}],"wp:attachment":[{"href":"https:\/\/tarihkursu.com\/index.php\/wp-json\/wp\/v2\/media?parent=249"}],"wp:term":[{"taxonomy":"category","embeddable":true,"href":"https:\/\/tarihkursu.com\/index.php\/wp-json\/wp\/v2\/categories?post=249"},{"taxonomy":"post_tag","embeddable":true,"href":"https:\/\/tarihkursu.com\/index.php\/wp-json\/wp\/v2\/tags?post=249"}],"curies":[{"name":"wp","href":"https:\/\/api.w.org\/{rel}","templated":true}]}}