{"id":255,"date":"2024-02-12T10:07:00","date_gmt":"2024-02-12T07:07:00","guid":{"rendered":""},"modified":"2024-10-18T21:03:19","modified_gmt":"2024-10-18T18:03:19","slug":"guncel-zumre-yonergesi-ile-uyumlu-tarih-dersi-zumre-toplanti-tutanaklari-indir","status":"publish","type":"post","link":"https:\/\/tarihkursu.com\/index.php\/2024\/02\/12\/guncel-zumre-yonergesi-ile-uyumlu-tarih-dersi-zumre-toplanti-tutanaklari-indir\/","title":{"rendered":"G\u00fcncel Z\u00fcmre Y\u00f6nergesi ile uyumlu Tarih Dersi Z\u00fcmre Toplant\u0131 Tutanaklar\u0131 \u0130ndir"},"content":{"rendered":"<h1 style=\"text-align: left;\"><span style=\"font-family: arial;\">Tarih Dersi Grubu G\u00fcncel Z\u00fcmre Toplant\u0131 Tutanaklar\u0131<\/span><\/h1>\n<div><span style=\"font-family: arial;\">Bu yaz\u0131m\u0131z\u0131n sonundaki linklerden g\u00fcncel Tarih z\u00fcmresi 1. d\u00f6nem, 2. d\u00f6nem, sene sonu z\u00fcmre, kas\u0131m ve nisan ay\u0131 tarih z\u00fcmre toplant\u0131 tutanaklar\u0131n\u0131 indirebilirsiniz. Z\u00fcmreler e\u011fitim kurumlar\u0131nda, ayn\u0131 s\u0131n\u0131f\u0131 okutan veya ayn\u0131 alanda g\u00f6rev alan \u00f6\u011fretmenlerden olu\u015fan, e\u011fitim ve \u00f6\u011fretim faaliyetlerinin geli\u015ftirilmesi i\u00e7in bir araya gelen gruplard\u0131r.<\/span><\/div>\n<div><span style=\"font-family: arial;\"><br \/><\/span><\/div>\n<div>\n<div style=\"clear: both; text-align: center;\"><a href=\"https:\/\/tarihkursu.com\/wp-content\/uploads\/2024\/02\/tarih-z-C3-BCmre.jpg\" style=\"margin-left: 1em; margin-right: 1em;\"><img loading=\"lazy\" decoding=\"async\" border=\"0\" data-original-height=\"450\" data-original-width=\"800\" height=\"360\" src=\"https:\/\/tarihkursu.com\/wp-content\/uploads\/2024\/02\/tarih-z-C3-BCmre-300x169.jpg\" width=\"640\" \/><\/a><\/div>\n<h2 style=\"text-align: left;\">\u0130\u00e7indekiler<\/h2>\n<p><span style=\"font-family: arial;\"><\/p>\n<h3 style=\"text-align: left;\">E\u011fitim Kurumu S\u0131n\u0131f\/Alan Z\u00fcmreleri Nedir?<br \/>Z\u00fcmrelerin Ama\u00e7lar\u0131<br \/>Z\u00fcmrelerin G\u00f6revleri<br \/>Z\u00fcmre Toplant\u0131lar\u0131 ne Zaman yap\u0131l\u0131r<br \/>Z\u00fcmrelerde G\u00f6r\u00fc\u015f\u00fclen Konular<br \/>Ek Bilgiler<br \/>Sonu\u00e7<br \/>Giri\u015f<br \/>2. D\u00f6nem Tarih Z\u00fcmre Tutana\u011f\u0131 \u00d6rne\u011fi (G\u00fcncel)<br \/><i>2023-2024 Tarih Dersi 2. D\u00f6nem Z\u00fcmre Toplant\u0131 Tutana\u011f\u0131 \u0130ndir (G\u00fcncel)<br \/>Tarih Z\u00fcmresi 2. D\u00f6nem \u0130ndir (Daha kapsaml\u0131 ve g\u00fcncel)<\/i><\/h3>\n<div>\n<h2 style=\"text-align: left;\">E\u011fitim Kurumu S\u0131n\u0131f\/Alan Z\u00fcmreleri Nedir?<\/h2>\n<div>E\u011fitim kurumlar\u0131nda, ayn\u0131 s\u0131n\u0131f\u0131 okutan veya ayn\u0131 alanda g\u00f6rev alan \u00f6\u011fretmenlerden olu\u015fan, e\u011fitim ve \u00f6\u011fretim faaliyetlerinin geli\u015ftirilmesi i\u00e7in bir araya gelen gruplard\u0131r. Tarih z\u00fcmre \u00f6\u011fretmenleri, Milli E\u011fitim Bakanl\u0131\u011f\u0131&#8217;n\u0131n ilgili y\u00f6netmelikleri ve mevzuatlar\u0131 do\u011frultusunda \u00e7al\u0131\u015fmalar y\u00fcr\u00fct\u00fcr.<\/div>\n<div><\/div>\n<h2 style=\"text-align: left;\">Z\u00fcmrelerin Ama\u00e7lar\u0131:<\/h2>\n<div>E\u011fitim ve \u00f6\u011fretim programlar\u0131n\u0131n etkin bir \u015fekilde uygulanmas\u0131n\u0131 sa\u011flamak.<\/div>\n<div>\u00d6\u011fretim y\u00f6ntem ve tekniklerini geli\u015ftirmek.<\/div>\n<div>\u00d6\u011frenci ba\u015far\u0131s\u0131n\u0131 art\u0131rmak.<\/div>\n<div>\u00d6\u011fretmenler aras\u0131nda i\u015fbirli\u011fini ve koordinasyonu geli\u015ftirmek.<\/div>\n<div>Mesleki geli\u015fimi te\u015fvik etmek.<\/div>\n<div><\/div>\n<h2 style=\"text-align: left;\">Z\u00fcmrelerin G\u00f6revleri:<\/h2>\n<div>\u00d6\u011fretim programlar\u0131n\u0131 incelemek ve de\u011ferlendirmek.<\/div>\n<div>Ders planlar\u0131 ve y\u0131ll\u0131k planlar haz\u0131rlamak.<\/div>\n<div>Ortak s\u0131navlar ve de\u011ferlendirme ara\u00e7lar\u0131 haz\u0131rlamak.<\/div>\n<div>\u00d6\u011frenci ba\u015far\u0131s\u0131n\u0131 analiz etmek ve de\u011ferlendirmek.<\/div>\n<div>Mesleki geli\u015fime y\u00f6nelik \u00e7al\u0131\u015fmalar d\u00fczenlemek.<\/div>\n<div>E\u011fitim ve \u00f6\u011fretimle ilgili g\u00fcncel geli\u015fmeleri takip etmek.<\/div>\n<div><\/div>\n<h2 style=\"text-align: left;\">Z\u00fcmre Toplant\u0131lar\u0131 ne Zaman Yap\u0131l\u0131r<\/h2>\n<div>Ders y\u0131l\u0131 ba\u015flamadan \u00f6nce, ikinci d\u00f6nem ba\u015f\u0131nda, ders y\u0131l\u0131 sonunda ve e\u011fitim kurumu m\u00fcd\u00fcr\u00fc\/z\u00fcmre ba\u015fkan\u0131n\u0131n gerekli g\u00f6rd\u00fc\u011f\u00fc zamanlarda yap\u0131l\u0131r. Ayr\u0131ca orta\u00f6\u011fretim kurumlar\u0131nda Kas\u0131m ve Nisan aylar\u0131nda da z\u00fcmre toplant\u0131lar\u0131 yap\u0131l\u0131r.<\/div>\n<div>Toplant\u0131lar ders saatleri d\u0131\u015f\u0131nda yap\u0131l\u0131r.<\/div>\n<div>Toplant\u0131 g\u00fcndemi en az 5 g\u00fcn \u00f6nceden ilgililere duyurulur.<\/div>\n<div>Toplant\u0131larda al\u0131nan kararlar oy \u00e7oklu\u011fuyla al\u0131n\u0131r ve m\u00fcd\u00fcr\u00fcn onay\u0131ndan sonra uygulamaya konulur.<\/div>\n<h2 style=\"text-align: left;\">Z\u00fcmrelerde G\u00f6r\u00fc\u015f\u00fclen Konular:<\/h2>\n<div>Bir \u00f6nceki toplant\u0131da al\u0131nan kararlar\u0131n de\u011ferlendirilmesi.<\/div>\n<div>\u00d6\u011fretim programlar\u0131n\u0131n incelenmesi ve de\u011ferlendirilmesi.<\/div>\n<div>Ders planlar\u0131 ve y\u0131ll\u0131k planlar\u0131n haz\u0131rlanmas\u0131.<\/div>\n<div>Ortak s\u0131navlar ve de\u011ferlendirme ara\u00e7lar\u0131n\u0131n haz\u0131rlanmas\u0131.<\/div>\n<div>\u00d6\u011frenci ba\u015far\u0131s\u0131n\u0131n analiz edilmesi ve de\u011ferlendirilmesi.<\/div>\n<div>Mesleki geli\u015fime y\u00f6nelik \u00e7al\u0131\u015fmalar\u0131n planlanmas\u0131.<\/div>\n<div>E\u011fitim ve \u00f6\u011fretimle ilgili g\u00fcncel geli\u015fmelerin takip edilmesi.<\/div>\n<div>Mesleki ve teknik e\u011fitim veren kurumlarda dal dersleri ve mod\u00fcllerinin belirlenmesi, proje, yar\u0131\u015fma, fuar ve sergi \u00e7al\u0131\u015fmalar\u0131.<\/div>\n<div><\/div>\n<h2 style=\"text-align: left;\">Ek Bilgiler:<\/h2>\n<div>Z\u00fcmrelerin \u00e7al\u0131\u015fma usul ve esaslar\u0131 Milli E\u011fitim Bakanl\u0131\u011f\u0131&#8217;n\u0131n ilgili y\u00f6netmelikleri ve mevzuatlar\u0131nda belirtilmi\u015ftir.<\/div>\n<div>Z\u00fcmrelerin etkin \u00e7al\u0131\u015fmalar\u0131, e\u011fitim ve \u00f6\u011fretim faaliyetlerinin kalitesini art\u0131rmada \u00f6nemli rol oynar.<\/div>\n<h3 style=\"text-align: left;\">Sonu\u00e7<\/h3>\n<div>E\u011fitim kurumu s\u0131n\u0131f\/alan z\u00fcmreleri, e\u011fitim ve \u00f6\u011fretim faaliyetlerinin geli\u015ftirilmesinde \u00f6nemli rol oynayan yap\u0131lard\u0131r. Z\u00fcmrelerin etkin \u00e7al\u0131\u015fmalar\u0131, \u00f6\u011frenci ba\u015far\u0131s\u0131n\u0131 art\u0131rmada ve e\u011fitim-\u00f6\u011fretim kalitesini y\u00fckseltmede \u00f6nemli bir katk\u0131 sa\u011flayacakt\u0131r.<\/div>\n<\/div>\n<div><\/div>\n<div>\n<h2 style=\"text-align: left;\">2023\u20132024 E\u011e\u0130T\u0130M\u2014\u00d6\u011eRET\u0130M YILI \u015eEH\u0130T AHMET AT\u0130LLA G\u00dcNE\u015e MTAL<br \/>II. D\u00d6NEM TAR\u0130H GRUBU DERSLER\u0130&nbsp;<br \/>Z\u00dcMRE \u00d6\u011eRETMENLER KURULU TOPLANTI TUTANA\u011eI<\/h2>\n<div><\/div>\n<div>TOPLANTI NO: 4&nbsp;&nbsp;<\/div>\n<div>TAR\u0130H: 12.02.2024 \/ 16:00&nbsp;&nbsp;<\/div>\n<div>YER: C4 S\u0131n\u0131f\u0131<\/div>\n<div>KATILANLAR: Muhsin DEM\u0130R, \u00d6znur Alt\u0131ndal ve Necati Da\u011f<\/div>\n<div>TAR\u0130H GRUBU Z\u00dcMRE DERSLER\u0130: Tarih-9, Tarih-10, Tarih-11, T.C. \u0130nk\u0131l\u00e2p Tarihi ve Atat\u00fcrk\u00e7\u00fcl\u00fck-12<\/div>\n<div>DAYANAK:&nbsp;<\/div>\n<div>\u2022<span style=\"white-space: pre;\">\t<\/span>1-) Orta\u00f6\u011fretim Kurumlar\u0131 Y\u00f6netmeli\u011fi&nbsp; &nbsp;-Madde-111-<\/div>\n<div>\u2022<span style=\"white-space: pre;\">\t<\/span>2-) 25.08.2017 Tarihli, 83203306-10.04-E.12827610 Say\u0131l\u0131 MEB E\u011fitim Kurullar\u0131 ve Z\u00fcmreleri Y\u00f6nergesi&nbsp;<\/div>\n<div>\u2022<span style=\"white-space: pre;\">\t<\/span>3-) 27.08.2019 Tarihli, 83203306-10.04-E.15362682 Say\u0131l\u0131 Y\u00f6nerge Tasla\u011f\u0131 Konulu Resm\u00ee Yaz\u0131<\/div>\n<div>\u2022<span style=\"white-space: pre;\">\t<\/span>4-) 05.01.2024 Tarihli, E-83203306-10.04-93704637 Say\u0131l\u0131, Y\u00f6nerge De\u011fi\u015fikli\u011fi Konulu Resm\u00ee Yaz\u0131<\/div>\n<div><\/div>\n<h3 style=\"text-align: left;\">G\u00dcNDEM MADDELER\u0130<\/h3>\n<div>1.<span style=\"white-space: pre;\">\t<\/span>A\u00e7\u0131l\u0131\u015f ve yoklama<\/div>\n<div>2.<span style=\"white-space: pre;\">\t<\/span>Birinci d\u00f6nem z\u00fcmre toplant\u0131s\u0131nda al\u0131nan kararlar,<\/div>\n<div>3.<span style=\"white-space: pre;\">\t<\/span>Planlamalar\u0131n; e\u011fitim ve \u00f6\u011fretimle ilgili mevzuat, okulun kurulu\u015f amac\u0131 ve ilgili alan\u0131n \u00f6\u011fretim program\u0131na uygun yap\u0131lmas\u0131,<\/div>\n<div>4.<span style=\"white-space: pre;\">\t<\/span>Atat\u00fcrk\u00e7\u00fcl\u00fckle ilgili konular\u0131n \u00fczerinde durularak \u00e7al\u0131\u015fmalar\u0131n buna g\u00f6re planlanmas\u0131 ile \u00f6\u011fretim programlar\u0131n\u0131n incelenmesi, programlar\u0131n \u00e7evre \u00f6zellikleri de dikkate al\u0131narak amac\u0131na ve i\u00e7eri\u011fine uygun olarak uygulanmas\u0131, y\u0131ll\u0131k plan ve ders planlar\u0131n\u0131n haz\u0131rlanmas\u0131 ve uygulanmas\u0131nda konu ve kazan\u0131m a\u011f\u0131rl\u0131klar\u0131n\u0131n dikkate al\u0131nmas\u0131,<\/div>\n<div>5.<span style=\"white-space: pre;\">\t<\/span>Derslerin i\u015fleni\u015finde uygulanacak \u00f6\u011fretim y\u00f6ntem ve tekniklerinin belirlenmesi,<\/div>\n<div>6.<span style=\"white-space: pre;\">\t<\/span>\u00d6zel e\u011fitim ihtiyac\u0131 olan \u00f6\u011frenciler i\u00e7in bireyselle\u015ftirilmi\u015f e\u011fitim programlar\u0131 (BEP) ile ders planlar\u0131n\u0131n g\u00f6r\u00fc\u015f\u00fclmesi,<\/div>\n<div>7.<span style=\"white-space: pre;\">\t<\/span>Di\u011fer z\u00fcmre ve alan \u00f6\u011fretmenleriyle yap\u0131labilecek i\u015f birli\u011fi ve esaslar\u0131n\u0131n belirlenmesi<\/div>\n<div>8.<span style=\"white-space: pre;\">\t<\/span>\u00d6\u011fretim alan\u0131 ile bilim ve teknolojideki geli\u015fmelerin izlenerek uygulamalara yans\u0131t\u0131lmas\u0131,<\/div>\n<div>9.<span style=\"white-space: pre;\">\t<\/span>Derslerin daha verimli i\u015flenebilmesi i\u00e7in ihtiya\u00e7 duyulan kitap, ara\u00e7-gere\u00e7 ve benzeri \u00f6\u011fretim materyallerinin belirlenmesi,<\/div>\n<div>10.<span style=\"white-space: pre;\">\t<\/span>S\u0131navlar\u0131n planlanmas\u0131,<\/div>\n<div>11.<span style=\"white-space: pre;\">\t<\/span>\u00d6\u011frencilerin ulusal ve uluslararas\u0131 d\u00fczeyde kat\u0131ld\u0131klar\u0131 \u00e7e\u015fitli s\u0131nav ve yar\u0131\u015fmalarda ald\u0131klar\u0131 sonu\u00e7lara ili\u015fkin ba\u015far\u0131 durumlar\u0131,<\/div>\n<div>12.<span style=\"white-space: pre;\">\t<\/span>\u00d6\u011frenci ba\u015far\u0131s\u0131n\u0131n \u00f6l\u00e7\u00fclmesi ve de\u011ferlendirilmesi amac\u0131yla s\u0131nav analizlerinin yap\u0131lmas\u0131,<\/div>\n<div>13.<span style=\"white-space: pre;\">\t<\/span>\u00d6\u011fretim programlar\u0131, okul ve \u00e7evre \u015fartlar\u0131 dikkate al\u0131narak proje konular\u0131 ile performans \u00e7al\u0131\u015fmalar\u0131n\u0131n belirlenmesi, planlanmas\u0131 ve bunlar\u0131n \u00f6l\u00e7me ve de\u011ferlendirmesine y\u00f6nelik \u00f6l\u00e7eklerin haz\u0131rlanmas\u0131,<\/div>\n<div>14.<span style=\"white-space: pre;\">\t<\/span>\u0130\u015f sa\u011fl\u0131\u011f\u0131 ve g\u00fcvenli\u011fi tedbirlerinin de\u011ferlendirilmesi,<\/div>\n<div>15.<span style=\"white-space: pre;\">\t<\/span>TYT- AYT \u00c7al\u0131\u015fmalar\u0131n\u0131n Planlanmas\u0131,&nbsp;<\/div>\n<div>16.<span style=\"white-space: pre;\">\t<\/span>Okul aile i\u015f birli\u011fi ve veli toplant\u0131lar\u0131<\/div>\n<div>17.<span style=\"white-space: pre;\">\t<\/span>Dilek ve temenniler<\/div>\n<div><\/div>\n<h3 style=\"text-align: left;\">G\u00dcNDEM MADDELER\u0130N\u0130N G\u00d6R\u00dc\u015e\u00dcLMES\u0130 VE ALINAN KARARLAR<\/h3>\n<div>1.<span style=\"white-space: pre;\">\t<\/span>A\u00e7\u0131l\u0131\u015f ve yoklama<\/div>\n<div>Z\u00fcmre \u00f6\u011fretmenleri kurulu toplant\u0131s\u0131 z\u00fcmre ba\u015fkan\u0131 Muhsin DEM\u0130R a\u00e7\u0131l\u0131\u015f konu\u015fmas\u0131 ile ba\u015flad\u0131. Milli E\u011fitim Bakanl\u0131\u011f\u0131 E\u011fitim Kurullar\u0131 Ve Z\u00fcmreleri Y\u00f6nergesi do\u011frultusunda olu\u015fturulan g\u00fcndem maddelerinin g\u00f6r\u00fc\u015f\u00fclmesine ge\u00e7ildi.<\/div>\n<div><\/div>\n<div>2-<span style=\"white-space: pre;\">\t<\/span>Birinci d\u00f6nem z\u00fcmre toplant\u0131s\u0131nda al\u0131nan kararlar,<\/div>\n<div>2023-2024 E\u011fitim- \u00d6\u011fretim Y\u0131l\u0131 1. d\u00f6nemi z\u00fcmre \u00f6\u011fretmenler kurulu toplant\u0131 tutana\u011f\u0131, \u00d6znur ALTINDAL taraf\u0131ndan okundu. Al\u0131nan kararlara b\u00fcy\u00fck oranda uyuldu\u011fu g\u00f6r\u00fclm\u00fc\u015ft\u00fcr.<\/div>\n<div>3-<span style=\"white-space: pre;\">\t<\/span>Planlamalar\u0131n; e\u011fitim ve \u00f6\u011fretimle ilgili mevzuat, okulun kurulu\u015f amac\u0131 ve ilgili alan\u0131n \u00f6\u011fretim program\u0131na uygun yap\u0131lmas\u0131,<\/div>\n<div>Tarih \u00f6\u011fretmeni Necati Da\u011f 1. d\u00f6nemde oldu\u011fu gibi 2. D\u00f6nem de haz\u0131rlanan \u00fcnitelendirilmi\u015f y\u0131ll\u0131k planlar \u00e7er\u00e7evesinde derslerin i\u015flenmeye devam edilece\u011fini belirtti.<\/div>\n<div>4-<span style=\"white-space: pre;\">\t<\/span>Atat\u00fcrk\u00e7\u00fcl\u00fckle ilgili konular,<\/div>\n<div>2488 say\u0131l\u0131 tebli\u011fler dergisinden Atat\u00fcrk\u00e7\u00fcl\u00fckle ilgili konularla g\u00f6zden ge\u00e7irildi. Z\u00fcmre ba\u015fkan\u0131 Muhsin DEM\u0130R y\u0131ll\u0131k planlara al\u0131nan bu konular\u0131n zaman\u0131 olan g\u00fcn ve haftalarda derslerde i\u015flenmesi gerekti\u011fini \u00f6nemle vurgulad\u0131.&nbsp;<\/div>\n<div>5-<span style=\"white-space: pre;\">\t<\/span>Derslerin i\u015fleni\u015finde uygulanacak \u00f6\u011fretim y\u00f6ntem ve tekniklerinin belirlenmesi,&nbsp;<\/div>\n<div>Necati DA\u011e ; EBA\u2019n\u0131n etkin kullan\u0131m\u0131n\u0131n \u00e7ok \u00f6nemli oldu\u011funu belirtti. 1.D\u00f6nem etkile\u015fimli tahtalar\u0131n \u00e7ok verimli kullan\u0131ld\u0131\u011f\u0131n\u0131 ve oyunlarla \u00f6\u011frencilerin derse olan motivasyonunun artt\u0131r\u0131ld\u0131\u011f\u0131n\u0131 belirtti. Derslerde uygulanan \u00f6\u011fretim y\u00f6ntem ve tekniklerinin de\u011ferlendirilmesi hususunda sene ba\u015f\u0131 z\u00fcmre \u00f6\u011fretmenler kurulu toplant\u0131 tutana\u011f\u0131nda yer alan kararlar z\u00fcmre \u00f6\u011fretmeni Necati DA\u011e taraf\u0131ndan okundu. Z\u00fcmre ba\u015fkan\u0131 Muhsin DEM\u0130R derslerde uygulanan farkl\u0131 y\u00f6ntem ve tekniklerin ba\u015far\u0131y\u0131 artt\u0131rd\u0131\u011f\u0131 ve 2. d\u00f6nemde de farkl\u0131 y\u00f6ntem ve tekniklerin uygulanabilece\u011fini belirtti.<\/div>\n<div><\/div>\n<div>6-<span style=\"white-space: pre;\">\t<\/span>\u00d6zel e\u011fitim ihtiyac\u0131 olan \u00f6\u011frenciler i\u00e7in bireyselle\u015ftirilmi\u015f e\u011fitim programlar\u0131 (BEP) ile ders planlar\u0131n\u0131n g\u00f6r\u00fc\u015f\u00fclmesi,<\/div>\n<div>Bireyselle\u015ftirilmi\u015f e\u011fitim programlar\u0131na ihtiya\u00e7 duyan \u00f6\u011frencilere 1. d\u00f6nemde oldu\u011fu gibi 2. d\u00f6nemde de ayn\u0131 \u015fekilde ilgili davran\u0131lmas\u0131na karar verildi.<\/div>\n<div>7-<span style=\"white-space: pre;\">\t<\/span>Di\u011fer z\u00fcmre ve alan \u00f6\u011fretmenleriyle yap\u0131labilecek i\u015f birli\u011fi ve esaslar\u0131n\u0131n belirlenmesi,<\/div>\n<div>\u00d6zellikle Din K\u00fclt\u00fcr\u00fc ve Ahlak Bilgisi, Co\u011frafya ve T\u00fcrk Dili ve Edebiyat\u0131 z\u00fcmreleri ile&nbsp; 1. d\u00f6nem yap\u0131lan i\u015f birli\u011finin ayn\u0131 \u015fekilde 2. d\u00f6nemde de devam ettirilmesi karar\u0131 al\u0131nd\u0131.<\/div>\n<div>8-<span style=\"white-space: pre;\">\t<\/span>\u00d6\u011fretim alan\u0131 ile bilim ve teknolojideki geli\u015fmelerin izlenerek uygulamalara yans\u0131t\u0131lmas\u0131,<\/div>\n<div>\u00d6znur ALTINDAL; \u201dTarih \u00f6\u011fretmenleri teknolojiyi yak\u0131ndan takip etmeli ve teknolojik aletleri derslerde kullanmal\u0131. \u00d6zellikle ak\u0131ll\u0131 tahta uygulamalar\u0131 ve web 2.0 ara\u00e7lar\u0131 derslerde etkin kullan\u0131lmal\u0131. \u00d6\u011fretmenler etkinliklerini, testlerini, videolar\u0131n\u0131 ak\u0131ll\u0131 tahta \u00fczerinden daha rahat anlatabilirler. Haz\u0131rlad\u0131klar\u0131 notlar\u0131 PDF ye, PNG ye, Power Point sunumuna vb d\u00f6n\u00fc\u015ft\u00fcrd\u00fcklerinde ak\u0131ll\u0131 tahtada sunum yapmalar\u0131 daha kolay olmaktad\u0131r.<\/div>\n<div>Ak\u0131ll\u0131 tahtada \u00e7ok h\u0131zl\u0131 soru \u00e7\u00f6z\u00fclmektedir. K\u0131saca her \u00f6\u011fretmen ak\u0131ll\u0131 tahtay\u0131 derslerinde kullanmak zorundad\u0131r.\u201d dedi.<\/div>\n<div>9-<span style=\"white-space: pre;\">\t<\/span>Derslerin daha verimli i\u015flenebilmesi i\u00e7in ihtiya\u00e7 duyulan kitap, ara\u00e7-gere\u00e7 ve benzeri \u00f6\u011fretim materyallerinin belirlenmesi,<\/div>\n<div>Tarih \u00f6\u011fretmeni Necati DA\u011e d\u00f6nem i\u00e7erisinde MEB taraf\u0131ndan haz\u0131rlanan ders kitaplar\u0131 ve yard\u0131mc\u0131 kaynaklar etkin olarak kullan\u0131lmal\u0131d\u0131r dedi. Ayr\u0131ca MEB taraf\u0131ndan haz\u0131rlanan EBA, OGMMATERYAL gibi dijital ortamlar\u0131n da \u00f6\u011frenci ba\u015far\u0131s\u0131na katk\u0131 sa\u011flayaca\u011f\u0131n\u0131 belirtti.<\/div>\n<div><\/div>\n<div><\/div>\n<div><span style=\"white-space: normal;\"><span style=\"white-space: pre;\">\t<\/span>10- Ortak s\u0131navlar\u0131n planlanmas\u0131,<\/span><\/div>\n<div>Tarih \u00f6\u011fretmeni \u00d6znur ALTINDAL yaz\u0131l\u0131 s\u0131nav tarihleri MEB taraf\u0131ndan haz\u0131rlanan y\u0131ll\u0131k planlarda belirtilen tarihlere g\u00f6re ayarlanm\u0131\u015ft\u0131r. Yaz\u0131l\u0131 tarihleri \u00f6\u011frencilere 1 hafta \u00f6ncesinden duyurulabilir dedi.<\/div>\n<div><\/div>\n<div>Yaz\u0131l\u0131 s\u0131navlar\u0131n y\u00f6netmelik h\u00fck\u00fcmlerinde a\u015fa\u011f\u0131daki gibi haz\u0131rlanmas\u0131na karar verilmi\u015ftir.&nbsp;<\/div>\n<div>\u2022<span style=\"white-space: pre;\">\t<\/span>Tarih derslerinde s\u0131navlardan \u00f6nce, sorularla birlikte cevap anahtar\u0131 da haz\u0131rlanacak ve s\u0131nav k\u00e2\u011f\u0131tlar\u0131 ile birlikte saklanacakt\u0131r. Cevap anahtar\u0131nda her soruya verilecek puan, ayr\u0131nt\u0131l\u0131 olarak belirtilecektir.&nbsp;<\/div>\n<div>\u2022<span style=\"white-space: pre;\">\t<\/span>S\u0131navlar haz\u0131rlan\u0131rken \u0130l Milli E\u011fitim M\u00fcd\u00fcrl\u00fc\u011f\u00fc taraf\u0131ndan haz\u0131rlanan kazan\u0131m da\u011f\u0131l\u0131m tablosundaki senaryolar dikkate al\u0131nacakt\u0131r.<\/div>\n<div>\u2022<span style=\"white-space: pre;\">\t<\/span>Ders i\u00e7i etkinlik notlar\u0131 ve proje notlar\u0131 \u00f6l\u00e7eklere dayand\u0131r\u0131larak verilecektir.&nbsp;<\/div>\n<div>\u2022<span style=\"white-space: pre;\">\t<\/span>Proje \u00f6devleri verilmi\u015f olup \u00f6devlerin nisan ay\u0131 i\u00e7erisinde puanlamas\u0131 yap\u0131lacakt\u0131r. Kayna\u015ft\u0131rma \u00f6\u011frencilerine y\u00f6nelik BEP do\u011frultusunda s\u0131navlar yap\u0131lacakt\u0131r. S\u0131navlara mazeretsiz girmeyen ve projelerini teslim etmeyen \u00f6\u011frencilerin velilerine haber verilecek, okul idaresi bilgilendirilecek buna ra\u011fmen s\u0131nava kat\u0131lmad\u0131ysa ve proje getirmediyse E okul sistemine G (G\u0130RMED\u0130) yaz\u0131lacakt\u0131r.<\/div>\n<div><\/div>\n<div>11-<span style=\"white-space: pre;\">\t<\/span>\u00d6\u011frencilerin ulusal ve uluslararas\u0131 d\u00fczeyde kat\u0131ld\u0131klar\u0131 \u00e7e\u015fitli s\u0131nav ve yar\u0131\u015fmalarda ald\u0131klar\u0131 sonu\u00e7lara ili\u015fkin ba\u015far\u0131 durumlar\u0131,<\/div>\n<div>\u00d6\u011frencilerin ulusal ve uluslararas\u0131 d\u00fczeydeki yar\u0131\u015fmalara etkin kat\u0131l\u0131m\u0131n\u0131 sa\u011flanmas\u0131n\u0131 \u00f6nemi konusunda fikir birli\u011fine var\u0131ld\u0131.&nbsp;<\/div>\n<div>12-<span style=\"white-space: pre;\">\t<\/span>\u00d6\u011frenci ba\u015far\u0131s\u0131n\u0131n \u00f6l\u00e7\u00fclmesi ve de\u011ferlendirilmesi amac\u0131yla s\u0131nav analizlerinin yap\u0131lmas\u0131,<\/div>\n<div>1.D\u00f6nem oldu\u011fu gibi, \u00f6l\u00e7me ve de\u011ferlendirme i\u015fleminin \u00f6nemi \u00fczerinde durularak objektif olunmas\u0131 gerekti\u011fi, \u00f6\u011frencilerin ba\u015far\u0131ya ula\u015fmas\u0131nda ve istenilen davran\u0131\u015flar\u0131n ve bilgilerin kazan\u0131l\u0131p kazan\u0131lmad\u0131\u011f\u0131 hususunda, ba\u015far\u0131 d\u00fczeylerinin belirlenmesinde \u00f6l\u00e7me ve de\u011ferlendirmenin \u00f6nemli bir yere sahip oldu\u011fu konusunda g\u00f6r\u00fc\u015f birli\u011fine var\u0131ld\u0131.&nbsp;<\/div>\n<div>S\u0131n\u0131f seviyesine g\u00f6re yetersizlikleri g\u00f6r\u00fclen \u00f6\u011frenciler i\u00e7in ikinci yar\u0131 y\u0131l\u0131n ilk ay\u0131 i\u00e7inde s\u0131n\u0131f veya bran\u015f \u00f6\u011fretmenleri, okul rehber \u00f6\u011fretmeni, okul y\u00f6netimi ve \u00f6\u011frenci velilerince \u00f6\u011frencinin, okulun ve \u00e7evrenin durumuna g\u00f6re tedbirler al\u0131nmas\u0131na karar verildi.<\/div>\n<div>13-<span style=\"white-space: pre;\">\t<\/span>\u00d6\u011fretim programlar\u0131, okul ve \u00e7evre \u015fartlar\u0131 dikkate al\u0131narak proje konular\u0131 ile performans \u00e7al\u0131\u015fmalar\u0131n\u0131n belirlenmesi, planlanmas\u0131 ve bunlar\u0131n \u00f6l\u00e7me ve de\u011ferlendirmesine y\u00f6nelik \u00f6l\u00e7eklerin haz\u0131rlanmas\u0131,&nbsp;<\/div>\n<div>Tarih dersi 9, 10, 11 ve 12. s\u0131n\u0131f proje \u00f6dev konular\u0131 belirlendi. E okul sistemine girildi. Proje teslim tarihi olarak Nisan ay\u0131n\u0131n ilk haftas\u0131 olarak e okula girildi.<\/div>\n<div>14-<span style=\"white-space: pre;\">\t<\/span>\u0130\u015f sa\u011fl\u0131\u011f\u0131 ve g\u00fcvenli\u011fi tedbirlerinin de\u011ferlendirilmesi,&nbsp;<\/div>\n<div>Tarih \u00f6\u011fretmeni Necati DA\u011e okulda ve derste i\u015f sa\u011fl\u0131\u011f\u0131 ve g\u00fcvenli\u011fi i\u00e7in; MEB taraf\u0131ndan haz\u0131rlanan \u201cISG Okul Rehberi\u2019nin kullan\u0131lmas\u0131na, sorumlulu\u011fun sadece okul y\u00f6netiminde de\u011fil t\u00fcm \u00f6\u011fretmenlerde oldu\u011funun unutulmamas\u0131na, okul ortam\u0131ndaki \u00f6nlenebilir ve \u00f6n g\u00f6r\u00fclebilir b\u00fct\u00fcn risklerin tespit edilip \u00f6nlemlerin al\u0131nmas\u0131 i\u00e7in \u201ci\u015f sa\u011fl\u0131\u011f\u0131 ve g\u00fcvenli\u011fi (\u0130SG)\u201d ama\u00e7l\u0131 okul y\u00f6netiminde haz\u0131rlanan plana uyulmas\u0131na karar verilmi\u015ftir.<\/div>\n<div>15-<span style=\"white-space: pre;\">\t<\/span>TYT- AYT \u00c7al\u0131\u015fmalar\u0131n\u0131n Planlanmas\u0131,&nbsp;<\/div>\n<div>Muhsin DEM\u0130R; YKS ba\u015fvuru s\u00fcrecinin ba\u015flad\u0131\u011f\u0131n\u0131 ve \u00f6\u011frencilere gerekli duyurular\u0131n okul idaresi ve \u00f6\u011fretmenler taraf\u0131ndan yap\u0131ld\u0131\u011f\u0131n\u0131 belirtti. Okulumuzda DYK (Destekleme ve Yeti\u015ftirme) kursu olmad\u0131\u011f\u0131 i\u00e7in \u00f6\u011frencilerin di\u011fer okullarda a\u00e7\u0131lan kurslara y\u00f6nlendirildi\u011fi belirtildi. TYT ve AYT s\u0131navlar\u0131na haz\u0131rl\u0131k i\u00e7in MEB taraf\u0131ndan yap\u0131lan denemelere \u00f6\u011frencilerin eksiksiz kat\u0131l\u0131m\u0131n\u0131n sa\u011flanmas\u0131 gerekti\u011fi belirtildi.<\/div>\n<div><\/div>\n<div>16-<span style=\"white-space: pre;\">\t<\/span>Okul aile i\u015f birli\u011fi ve veli toplant\u0131lar\u0131;&nbsp;<\/div>\n<div>1.d\u00f6nemde oldu\u011fu gibi 2. D\u00f6nemde de okul- aile i\u015f birli\u011finin devam ettirilmesi gerekti\u011fi \u00fczerinde duruldu.<\/div>\n<div>17-<span style=\"white-space: pre;\">\t<\/span>Dilek ve temenniler<\/div>\n<div>Z\u00fcmre ba\u015fkan\u0131 Muhsin DEM\u0130R e\u011fitim-\u00d6\u011fretim y\u0131l\u0131n\u0131n 2. d\u00f6nemi t\u00fcm okul payda\u015flar\u0131 i\u00e7in hay\u0131rl\u0131 olsun diyerek toplant\u0131y\u0131 sonland\u0131rd\u0131.&nbsp;<\/div>\n<div><\/div>\n<div><\/div>\n<div>\n<h3><u style=\"background-color: #fcff01;\"><a href=\"https:\/\/docs.google.com\/document\/d\/1RkawmAUGB5vEFjaUHh0ZXs2k_qat3AcP\/edit?usp=sharing&amp;ouid=108895905854875034378&amp;rtpof=true&amp;sd=true\" target=\"_blank\" rel=\"noopener\">2023-2024 Tarih Dersi 2. D\u00f6nem Z\u00fcmre Toplant\u0131 Tutana\u011f\u0131 \u0130ndir (G\u00fcncel)<\/a><\/u><\/h3>\n<h3><u style=\"background-color: #fcff01;\"><a href=\"https:\/\/docs.google.com\/document\/d\/1ICiW0lQusYlDHz1b5tZMii1jOBZRgxNR\/edit?usp=sharing&amp;ouid=108895905854875034378&amp;rtpof=true&amp;sd=true\" target=\"_blank\" rel=\"noopener\">Tarih Z\u00fcmresi 2. D\u00f6nem \u0130ndir (Daha kapsaml\u0131 ve g\u00fcncel)<\/a><\/u><\/h3>\n<\/div>\n<div><\/div>\n<div><\/div>\n<div><\/div>\n<div><\/div>\n<div><\/div>\n<div><\/div>\n<div><\/div>\n<div><\/div>\n<div><\/div>\n<div><\/div>\n<div><\/div>\n<div><\/div>\n<div><\/div>\n<div><\/div>\n<div><\/div>\n<div><\/div>\n<div><\/div>\n<div><\/div>\n<div><\/div>\n<div><\/div>\n<div><\/div>\n<div><\/div>\n<div><\/div>\n<div><\/div>\n<\/div>\n<div><\/div>\n<div><\/div>\n<p><\/span><\/div>\n","protected":false},"excerpt":{"rendered":"<div class=\"mh-excerpt\"><p>Tarih Dersi Grubu G\u00fcncel Z\u00fcmre Toplant\u0131 Tutanaklar\u0131 Bu yaz\u0131m\u0131z\u0131n sonundaki linklerden g\u00fcncel Tarih z\u00fcmresi 1. d\u00f6nem, 2. d\u00f6nem, sene sonu z\u00fcmre, kas\u0131m ve nisan ay\u0131 <a class=\"mh-excerpt-more\" href=\"https:\/\/tarihkursu.com\/index.php\/2024\/02\/12\/guncel-zumre-yonergesi-ile-uyumlu-tarih-dersi-zumre-toplanti-tutanaklari-indir\/\" title=\"G\u00fcncel Z\u00fcmre Y\u00f6nergesi ile uyumlu Tarih Dersi Z\u00fcmre Toplant\u0131 Tutanaklar\u0131 \u0130ndir\">[&#8230;]<\/a><\/p>\n<\/div>","protected":false},"author":2,"featured_media":1163,"comment_status":"open","ping_status":"open","sticky":false,"template":"","format":"standard","meta":{"_regular_price":[],"currency_symbol":[],"footnotes":""},"categories":[16,11],"tags":[],"class_list":["post-255","post","type-post","status-publish","format-standard","has-post-thumbnail","hentry","category-evraklar","category-zumre-toplantisi"],"post_slider_layout_featured_media_urls":{"thumbnail":["https:\/\/tarihkursu.com\/wp-content\/uploads\/2024\/02\/tarih-z-C3-BCmre-150x150.jpg",150,150,true],"post_slider_layout_landscape_large":["https:\/\/tarihkursu.com\/wp-content\/uploads\/2024\/02\/tarih-z-C3-BCmre.jpg",800,450,false],"post_slider_layout_portrait_large":["https:\/\/tarihkursu.com\/wp-content\/uploads\/2024\/02\/tarih-z-C3-BCmre.jpg",800,450,false],"post_slider_layout_square_large":["https:\/\/tarihkursu.com\/wp-content\/uploads\/2024\/02\/tarih-z-C3-BCmre.jpg",800,450,false],"post_slider_layout_landscape":["https:\/\/tarihkursu.com\/wp-content\/uploads\/2024\/02\/tarih-z-C3-BCmre-600x400.jpg",600,400,true],"post_slider_layout_portrait":["https:\/\/tarihkursu.com\/wp-content\/uploads\/2024\/02\/tarih-z-C3-BCmre-600x450.jpg",600,450,true],"post_slider_layout_square":["https:\/\/tarihkursu.com\/wp-content\/uploads\/2024\/02\/tarih-z-C3-BCmre-600x450.jpg",600,450,true],"full":["https:\/\/tarihkursu.com\/wp-content\/uploads\/2024\/02\/tarih-z-C3-BCmre.jpg",800,450,false]},"yoast_head":"<!-- This site is optimized with the Yoast SEO plugin v27.5 - https:\/\/yoast.com\/product\/yoast-seo-wordpress\/ -->\n<title>G\u00fcncel Z\u00fcmre Y\u00f6nergesi ile uyumlu Tarih Dersi Z\u00fcmre Toplant\u0131 Tutanaklar\u0131 \u0130ndir - tarihkursu.com<\/title>\n<meta name=\"robots\" content=\"index, follow, max-snippet:-1, max-image-preview:large, max-video-preview:-1\" \/>\n<link rel=\"canonical\" href=\"https:\/\/tarihkursu.com\/index.php\/2024\/02\/12\/guncel-zumre-yonergesi-ile-uyumlu-tarih-dersi-zumre-toplanti-tutanaklari-indir\/\" \/>\n<meta property=\"og:locale\" content=\"tr_TR\" \/>\n<meta property=\"og:type\" content=\"article\" \/>\n<meta property=\"og:title\" content=\"G\u00fcncel Z\u00fcmre Y\u00f6nergesi ile uyumlu Tarih Dersi Z\u00fcmre Toplant\u0131 Tutanaklar\u0131 \u0130ndir - tarihkursu.com\" \/>\n<meta property=\"og:description\" content=\"Tarih Dersi Grubu G\u00fcncel Z\u00fcmre Toplant\u0131 Tutanaklar\u0131 Bu yaz\u0131m\u0131z\u0131n sonundaki linklerden g\u00fcncel Tarih z\u00fcmresi 1. d\u00f6nem, 2. d\u00f6nem, sene sonu z\u00fcmre, kas\u0131m ve nisan ay\u0131 [...]\" \/>\n<meta property=\"og:url\" content=\"https:\/\/tarihkursu.com\/index.php\/2024\/02\/12\/guncel-zumre-yonergesi-ile-uyumlu-tarih-dersi-zumre-toplanti-tutanaklari-indir\/\" \/>\n<meta property=\"og:site_name\" content=\"tarihkursu.com\" \/>\n<meta property=\"article:published_time\" content=\"2024-02-12T07:07:00+00:00\" \/>\n<meta property=\"article:modified_time\" content=\"2024-10-18T18:03:19+00:00\" \/>\n<meta property=\"og:image\" content=\"https:\/\/tarihkursu.com\/wp-content\/uploads\/2024\/02\/tarih-z-C3-BCmre.jpg\" \/>\n\t<meta property=\"og:image:width\" content=\"800\" \/>\n\t<meta property=\"og:image:height\" content=\"450\" \/>\n\t<meta property=\"og:image:type\" content=\"image\/jpeg\" \/>\n<meta name=\"author\" content=\"tarihkursu\" \/>\n<meta name=\"twitter:card\" content=\"summary_large_image\" \/>\n<meta name=\"twitter:label1\" content=\"Yazan:\" \/>\n\t<meta name=\"twitter:data1\" content=\"tarihkursu\" \/>\n\t<meta name=\"twitter:label2\" content=\"Tahmini okuma s\u00fcresi\" \/>\n\t<meta name=\"twitter:data2\" content=\"12 dakika\" \/>\n<script type=\"application\/ld+json\" class=\"yoast-schema-graph\">{\"@context\":\"https:\\\/\\\/schema.org\",\"@graph\":[{\"@type\":\"Article\",\"@id\":\"https:\\\/\\\/tarihkursu.com\\\/index.php\\\/2024\\\/02\\\/12\\\/guncel-zumre-yonergesi-ile-uyumlu-tarih-dersi-zumre-toplanti-tutanaklari-indir\\\/#article\",\"isPartOf\":{\"@id\":\"https:\\\/\\\/tarihkursu.com\\\/index.php\\\/2024\\\/02\\\/12\\\/guncel-zumre-yonergesi-ile-uyumlu-tarih-dersi-zumre-toplanti-tutanaklari-indir\\\/\"},\"author\":{\"name\":\"tarihkursu\",\"@id\":\"https:\\\/\\\/tarihkursu.com\\\/#\\\/schema\\\/person\\\/d0f9105e31352dbe9f08d098ffb8c878\"},\"headline\":\"G\u00fcncel Z\u00fcmre Y\u00f6nergesi ile uyumlu Tarih Dersi Z\u00fcmre Toplant\u0131 Tutanaklar\u0131 \u0130ndir\",\"datePublished\":\"2024-02-12T07:07:00+00:00\",\"dateModified\":\"2024-10-18T18:03:19+00:00\",\"mainEntityOfPage\":{\"@id\":\"https:\\\/\\\/tarihkursu.com\\\/index.php\\\/2024\\\/02\\\/12\\\/guncel-zumre-yonergesi-ile-uyumlu-tarih-dersi-zumre-toplanti-tutanaklari-indir\\\/\"},\"wordCount\":2340,\"commentCount\":0,\"publisher\":{\"@id\":\"https:\\\/\\\/tarihkursu.com\\\/#\\\/schema\\\/person\\\/4d7bdc3b79e9f5198455474c0f203f3c\"},\"image\":{\"@id\":\"https:\\\/\\\/tarihkursu.com\\\/index.php\\\/2024\\\/02\\\/12\\\/guncel-zumre-yonergesi-ile-uyumlu-tarih-dersi-zumre-toplanti-tutanaklari-indir\\\/#primaryimage\"},\"thumbnailUrl\":\"https:\\\/\\\/tarihkursu.com\\\/wp-content\\\/uploads\\\/2024\\\/02\\\/tarih-z-C3-BCmre.jpg\",\"articleSection\":[\"Evraklar\",\"Z\u00dcMRE TOPLANTISI\"],\"inLanguage\":\"tr\",\"potentialAction\":[{\"@type\":\"CommentAction\",\"name\":\"Comment\",\"target\":[\"https:\\\/\\\/tarihkursu.com\\\/index.php\\\/2024\\\/02\\\/12\\\/guncel-zumre-yonergesi-ile-uyumlu-tarih-dersi-zumre-toplanti-tutanaklari-indir\\\/#respond\"]}]},{\"@type\":\"WebPage\",\"@id\":\"https:\\\/\\\/tarihkursu.com\\\/index.php\\\/2024\\\/02\\\/12\\\/guncel-zumre-yonergesi-ile-uyumlu-tarih-dersi-zumre-toplanti-tutanaklari-indir\\\/\",\"url\":\"https:\\\/\\\/tarihkursu.com\\\/index.php\\\/2024\\\/02\\\/12\\\/guncel-zumre-yonergesi-ile-uyumlu-tarih-dersi-zumre-toplanti-tutanaklari-indir\\\/\",\"name\":\"G\u00fcncel Z\u00fcmre Y\u00f6nergesi ile uyumlu Tarih Dersi Z\u00fcmre Toplant\u0131 Tutanaklar\u0131 \u0130ndir - tarihkursu.com\",\"isPartOf\":{\"@id\":\"https:\\\/\\\/tarihkursu.com\\\/#website\"},\"primaryImageOfPage\":{\"@id\":\"https:\\\/\\\/tarihkursu.com\\\/index.php\\\/2024\\\/02\\\/12\\\/guncel-zumre-yonergesi-ile-uyumlu-tarih-dersi-zumre-toplanti-tutanaklari-indir\\\/#primaryimage\"},\"image\":{\"@id\":\"https:\\\/\\\/tarihkursu.com\\\/index.php\\\/2024\\\/02\\\/12\\\/guncel-zumre-yonergesi-ile-uyumlu-tarih-dersi-zumre-toplanti-tutanaklari-indir\\\/#primaryimage\"},\"thumbnailUrl\":\"https:\\\/\\\/tarihkursu.com\\\/wp-content\\\/uploads\\\/2024\\\/02\\\/tarih-z-C3-BCmre.jpg\",\"datePublished\":\"2024-02-12T07:07:00+00:00\",\"dateModified\":\"2024-10-18T18:03:19+00:00\",\"breadcrumb\":{\"@id\":\"https:\\\/\\\/tarihkursu.com\\\/index.php\\\/2024\\\/02\\\/12\\\/guncel-zumre-yonergesi-ile-uyumlu-tarih-dersi-zumre-toplanti-tutanaklari-indir\\\/#breadcrumb\"},\"inLanguage\":\"tr\",\"potentialAction\":[{\"@type\":\"ReadAction\",\"target\":[\"https:\\\/\\\/tarihkursu.com\\\/index.php\\\/2024\\\/02\\\/12\\\/guncel-zumre-yonergesi-ile-uyumlu-tarih-dersi-zumre-toplanti-tutanaklari-indir\\\/\"]}]},{\"@type\":\"ImageObject\",\"inLanguage\":\"tr\",\"@id\":\"https:\\\/\\\/tarihkursu.com\\\/index.php\\\/2024\\\/02\\\/12\\\/guncel-zumre-yonergesi-ile-uyumlu-tarih-dersi-zumre-toplanti-tutanaklari-indir\\\/#primaryimage\",\"url\":\"https:\\\/\\\/tarihkursu.com\\\/wp-content\\\/uploads\\\/2024\\\/02\\\/tarih-z-C3-BCmre.jpg\",\"contentUrl\":\"https:\\\/\\\/tarihkursu.com\\\/wp-content\\\/uploads\\\/2024\\\/02\\\/tarih-z-C3-BCmre.jpg\",\"width\":800,\"height\":450},{\"@type\":\"BreadcrumbList\",\"@id\":\"https:\\\/\\\/tarihkursu.com\\\/index.php\\\/2024\\\/02\\\/12\\\/guncel-zumre-yonergesi-ile-uyumlu-tarih-dersi-zumre-toplanti-tutanaklari-indir\\\/#breadcrumb\",\"itemListElement\":[{\"@type\":\"ListItem\",\"position\":1,\"name\":\"Anasayfa\",\"item\":\"https:\\\/\\\/tarihkursu.com\\\/\"},{\"@type\":\"ListItem\",\"position\":2,\"name\":\"G\u00fcncel Z\u00fcmre Y\u00f6nergesi ile uyumlu Tarih Dersi Z\u00fcmre Toplant\u0131 Tutanaklar\u0131 \u0130ndir\"}]},{\"@type\":\"WebSite\",\"@id\":\"https:\\\/\\\/tarihkursu.com\\\/#website\",\"url\":\"https:\\\/\\\/tarihkursu.com\\\/\",\"name\":\"Tarih Kursu\",\"description\":\"\u0130\u015fimiz G\u00fcc\u00fcm\u00fcz Tarih\",\"publisher\":{\"@id\":\"https:\\\/\\\/tarihkursu.com\\\/#\\\/schema\\\/person\\\/4d7bdc3b79e9f5198455474c0f203f3c\"},\"potentialAction\":[{\"@type\":\"SearchAction\",\"target\":{\"@type\":\"EntryPoint\",\"urlTemplate\":\"https:\\\/\\\/tarihkursu.com\\\/?s={search_term_string}\"},\"query-input\":{\"@type\":\"PropertyValueSpecification\",\"valueRequired\":true,\"valueName\":\"search_term_string\"}}],\"inLanguage\":\"tr\"},{\"@type\":[\"Person\",\"Organization\"],\"@id\":\"https:\\\/\\\/tarihkursu.com\\\/#\\\/schema\\\/person\\\/4d7bdc3b79e9f5198455474c0f203f3c\",\"name\":\"admin\",\"image\":{\"@type\":\"ImageObject\",\"inLanguage\":\"tr\",\"@id\":\"https:\\\/\\\/tarihkursu.com\\\/wp-content\\\/uploads\\\/2024\\\/10\\\/TARIHKURSU-Kopyasi.png\",\"url\":\"https:\\\/\\\/tarihkursu.com\\\/wp-content\\\/uploads\\\/2024\\\/10\\\/TARIHKURSU-Kopyasi.png\",\"contentUrl\":\"https:\\\/\\\/tarihkursu.com\\\/wp-content\\\/uploads\\\/2024\\\/10\\\/TARIHKURSU-Kopyasi.png\",\"width\":1080,\"height\":1080,\"caption\":\"admin\"},\"logo\":{\"@id\":\"https:\\\/\\\/tarihkursu.com\\\/wp-content\\\/uploads\\\/2024\\\/10\\\/TARIHKURSU-Kopyasi.png\"},\"sameAs\":[\"https:\\\/\\\/tarihkursu.com\"]},{\"@type\":\"Person\",\"@id\":\"https:\\\/\\\/tarihkursu.com\\\/#\\\/schema\\\/person\\\/d0f9105e31352dbe9f08d098ffb8c878\",\"name\":\"tarihkursu\",\"image\":{\"@type\":\"ImageObject\",\"inLanguage\":\"tr\",\"@id\":\"https:\\\/\\\/secure.gravatar.com\\\/avatar\\\/1354763acbc865faa7650c3e1e4431f187276d71f132349411302a546cdeae54?s=96&d=mm&r=g\",\"url\":\"https:\\\/\\\/secure.gravatar.com\\\/avatar\\\/1354763acbc865faa7650c3e1e4431f187276d71f132349411302a546cdeae54?s=96&d=mm&r=g\",\"contentUrl\":\"https:\\\/\\\/secure.gravatar.com\\\/avatar\\\/1354763acbc865faa7650c3e1e4431f187276d71f132349411302a546cdeae54?s=96&d=mm&r=g\",\"caption\":\"tarihkursu\"},\"url\":\"https:\\\/\\\/tarihkursu.com\\\/index.php\\\/author\\\/tarihkursu\\\/\"}]}<\/script>\n<!-- \/ Yoast SEO plugin. -->","yoast_head_json":{"title":"G\u00fcncel Z\u00fcmre Y\u00f6nergesi ile uyumlu Tarih Dersi Z\u00fcmre Toplant\u0131 Tutanaklar\u0131 \u0130ndir - tarihkursu.com","robots":{"index":"index","follow":"follow","max-snippet":"max-snippet:-1","max-image-preview":"max-image-preview:large","max-video-preview":"max-video-preview:-1"},"canonical":"https:\/\/tarihkursu.com\/index.php\/2024\/02\/12\/guncel-zumre-yonergesi-ile-uyumlu-tarih-dersi-zumre-toplanti-tutanaklari-indir\/","og_locale":"tr_TR","og_type":"article","og_title":"G\u00fcncel Z\u00fcmre Y\u00f6nergesi ile uyumlu Tarih Dersi Z\u00fcmre Toplant\u0131 Tutanaklar\u0131 \u0130ndir - tarihkursu.com","og_description":"Tarih Dersi Grubu G\u00fcncel Z\u00fcmre Toplant\u0131 Tutanaklar\u0131 Bu yaz\u0131m\u0131z\u0131n sonundaki linklerden g\u00fcncel Tarih z\u00fcmresi 1. d\u00f6nem, 2. d\u00f6nem, sene sonu z\u00fcmre, kas\u0131m ve nisan ay\u0131 [...]","og_url":"https:\/\/tarihkursu.com\/index.php\/2024\/02\/12\/guncel-zumre-yonergesi-ile-uyumlu-tarih-dersi-zumre-toplanti-tutanaklari-indir\/","og_site_name":"tarihkursu.com","article_published_time":"2024-02-12T07:07:00+00:00","article_modified_time":"2024-10-18T18:03:19+00:00","og_image":[{"width":800,"height":450,"url":"https:\/\/tarihkursu.com\/wp-content\/uploads\/2024\/02\/tarih-z-C3-BCmre.jpg","type":"image\/jpeg"}],"author":"tarihkursu","twitter_card":"summary_large_image","twitter_misc":{"Yazan:":"tarihkursu","Tahmini okuma s\u00fcresi":"12 dakika"},"schema":{"@context":"https:\/\/schema.org","@graph":[{"@type":"Article","@id":"https:\/\/tarihkursu.com\/index.php\/2024\/02\/12\/guncel-zumre-yonergesi-ile-uyumlu-tarih-dersi-zumre-toplanti-tutanaklari-indir\/#article","isPartOf":{"@id":"https:\/\/tarihkursu.com\/index.php\/2024\/02\/12\/guncel-zumre-yonergesi-ile-uyumlu-tarih-dersi-zumre-toplanti-tutanaklari-indir\/"},"author":{"name":"tarihkursu","@id":"https:\/\/tarihkursu.com\/#\/schema\/person\/d0f9105e31352dbe9f08d098ffb8c878"},"headline":"G\u00fcncel Z\u00fcmre Y\u00f6nergesi ile uyumlu Tarih Dersi Z\u00fcmre Toplant\u0131 Tutanaklar\u0131 \u0130ndir","datePublished":"2024-02-12T07:07:00+00:00","dateModified":"2024-10-18T18:03:19+00:00","mainEntityOfPage":{"@id":"https:\/\/tarihkursu.com\/index.php\/2024\/02\/12\/guncel-zumre-yonergesi-ile-uyumlu-tarih-dersi-zumre-toplanti-tutanaklari-indir\/"},"wordCount":2340,"commentCount":0,"publisher":{"@id":"https:\/\/tarihkursu.com\/#\/schema\/person\/4d7bdc3b79e9f5198455474c0f203f3c"},"image":{"@id":"https:\/\/tarihkursu.com\/index.php\/2024\/02\/12\/guncel-zumre-yonergesi-ile-uyumlu-tarih-dersi-zumre-toplanti-tutanaklari-indir\/#primaryimage"},"thumbnailUrl":"https:\/\/tarihkursu.com\/wp-content\/uploads\/2024\/02\/tarih-z-C3-BCmre.jpg","articleSection":["Evraklar","Z\u00dcMRE TOPLANTISI"],"inLanguage":"tr","potentialAction":[{"@type":"CommentAction","name":"Comment","target":["https:\/\/tarihkursu.com\/index.php\/2024\/02\/12\/guncel-zumre-yonergesi-ile-uyumlu-tarih-dersi-zumre-toplanti-tutanaklari-indir\/#respond"]}]},{"@type":"WebPage","@id":"https:\/\/tarihkursu.com\/index.php\/2024\/02\/12\/guncel-zumre-yonergesi-ile-uyumlu-tarih-dersi-zumre-toplanti-tutanaklari-indir\/","url":"https:\/\/tarihkursu.com\/index.php\/2024\/02\/12\/guncel-zumre-yonergesi-ile-uyumlu-tarih-dersi-zumre-toplanti-tutanaklari-indir\/","name":"G\u00fcncel Z\u00fcmre Y\u00f6nergesi ile uyumlu Tarih Dersi Z\u00fcmre Toplant\u0131 Tutanaklar\u0131 \u0130ndir - tarihkursu.com","isPartOf":{"@id":"https:\/\/tarihkursu.com\/#website"},"primaryImageOfPage":{"@id":"https:\/\/tarihkursu.com\/index.php\/2024\/02\/12\/guncel-zumre-yonergesi-ile-uyumlu-tarih-dersi-zumre-toplanti-tutanaklari-indir\/#primaryimage"},"image":{"@id":"https:\/\/tarihkursu.com\/index.php\/2024\/02\/12\/guncel-zumre-yonergesi-ile-uyumlu-tarih-dersi-zumre-toplanti-tutanaklari-indir\/#primaryimage"},"thumbnailUrl":"https:\/\/tarihkursu.com\/wp-content\/uploads\/2024\/02\/tarih-z-C3-BCmre.jpg","datePublished":"2024-02-12T07:07:00+00:00","dateModified":"2024-10-18T18:03:19+00:00","breadcrumb":{"@id":"https:\/\/tarihkursu.com\/index.php\/2024\/02\/12\/guncel-zumre-yonergesi-ile-uyumlu-tarih-dersi-zumre-toplanti-tutanaklari-indir\/#breadcrumb"},"inLanguage":"tr","potentialAction":[{"@type":"ReadAction","target":["https:\/\/tarihkursu.com\/index.php\/2024\/02\/12\/guncel-zumre-yonergesi-ile-uyumlu-tarih-dersi-zumre-toplanti-tutanaklari-indir\/"]}]},{"@type":"ImageObject","inLanguage":"tr","@id":"https:\/\/tarihkursu.com\/index.php\/2024\/02\/12\/guncel-zumre-yonergesi-ile-uyumlu-tarih-dersi-zumre-toplanti-tutanaklari-indir\/#primaryimage","url":"https:\/\/tarihkursu.com\/wp-content\/uploads\/2024\/02\/tarih-z-C3-BCmre.jpg","contentUrl":"https:\/\/tarihkursu.com\/wp-content\/uploads\/2024\/02\/tarih-z-C3-BCmre.jpg","width":800,"height":450},{"@type":"BreadcrumbList","@id":"https:\/\/tarihkursu.com\/index.php\/2024\/02\/12\/guncel-zumre-yonergesi-ile-uyumlu-tarih-dersi-zumre-toplanti-tutanaklari-indir\/#breadcrumb","itemListElement":[{"@type":"ListItem","position":1,"name":"Anasayfa","item":"https:\/\/tarihkursu.com\/"},{"@type":"ListItem","position":2,"name":"G\u00fcncel Z\u00fcmre Y\u00f6nergesi ile uyumlu Tarih Dersi Z\u00fcmre Toplant\u0131 Tutanaklar\u0131 \u0130ndir"}]},{"@type":"WebSite","@id":"https:\/\/tarihkursu.com\/#website","url":"https:\/\/tarihkursu.com\/","name":"Tarih Kursu","description":"\u0130\u015fimiz G\u00fcc\u00fcm\u00fcz Tarih","publisher":{"@id":"https:\/\/tarihkursu.com\/#\/schema\/person\/4d7bdc3b79e9f5198455474c0f203f3c"},"potentialAction":[{"@type":"SearchAction","target":{"@type":"EntryPoint","urlTemplate":"https:\/\/tarihkursu.com\/?s={search_term_string}"},"query-input":{"@type":"PropertyValueSpecification","valueRequired":true,"valueName":"search_term_string"}}],"inLanguage":"tr"},{"@type":["Person","Organization"],"@id":"https:\/\/tarihkursu.com\/#\/schema\/person\/4d7bdc3b79e9f5198455474c0f203f3c","name":"admin","image":{"@type":"ImageObject","inLanguage":"tr","@id":"https:\/\/tarihkursu.com\/wp-content\/uploads\/2024\/10\/TARIHKURSU-Kopyasi.png","url":"https:\/\/tarihkursu.com\/wp-content\/uploads\/2024\/10\/TARIHKURSU-Kopyasi.png","contentUrl":"https:\/\/tarihkursu.com\/wp-content\/uploads\/2024\/10\/TARIHKURSU-Kopyasi.png","width":1080,"height":1080,"caption":"admin"},"logo":{"@id":"https:\/\/tarihkursu.com\/wp-content\/uploads\/2024\/10\/TARIHKURSU-Kopyasi.png"},"sameAs":["https:\/\/tarihkursu.com"]},{"@type":"Person","@id":"https:\/\/tarihkursu.com\/#\/schema\/person\/d0f9105e31352dbe9f08d098ffb8c878","name":"tarihkursu","image":{"@type":"ImageObject","inLanguage":"tr","@id":"https:\/\/secure.gravatar.com\/avatar\/1354763acbc865faa7650c3e1e4431f187276d71f132349411302a546cdeae54?s=96&d=mm&r=g","url":"https:\/\/secure.gravatar.com\/avatar\/1354763acbc865faa7650c3e1e4431f187276d71f132349411302a546cdeae54?s=96&d=mm&r=g","contentUrl":"https:\/\/secure.gravatar.com\/avatar\/1354763acbc865faa7650c3e1e4431f187276d71f132349411302a546cdeae54?s=96&d=mm&r=g","caption":"tarihkursu"},"url":"https:\/\/tarihkursu.com\/index.php\/author\/tarihkursu\/"}]}},"_links":{"self":[{"href":"https:\/\/tarihkursu.com\/index.php\/wp-json\/wp\/v2\/posts\/255","targetHints":{"allow":["GET"]}}],"collection":[{"href":"https:\/\/tarihkursu.com\/index.php\/wp-json\/wp\/v2\/posts"}],"about":[{"href":"https:\/\/tarihkursu.com\/index.php\/wp-json\/wp\/v2\/types\/post"}],"author":[{"embeddable":true,"href":"https:\/\/tarihkursu.com\/index.php\/wp-json\/wp\/v2\/users\/2"}],"replies":[{"embeddable":true,"href":"https:\/\/tarihkursu.com\/index.php\/wp-json\/wp\/v2\/comments?post=255"}],"version-history":[{"count":1,"href":"https:\/\/tarihkursu.com\/index.php\/wp-json\/wp\/v2\/posts\/255\/revisions"}],"predecessor-version":[{"id":1164,"href":"https:\/\/tarihkursu.com\/index.php\/wp-json\/wp\/v2\/posts\/255\/revisions\/1164"}],"wp:featuredmedia":[{"embeddable":true,"href":"https:\/\/tarihkursu.com\/index.php\/wp-json\/wp\/v2\/media\/1163"}],"wp:attachment":[{"href":"https:\/\/tarihkursu.com\/index.php\/wp-json\/wp\/v2\/media?parent=255"}],"wp:term":[{"taxonomy":"category","embeddable":true,"href":"https:\/\/tarihkursu.com\/index.php\/wp-json\/wp\/v2\/categories?post=255"},{"taxonomy":"post_tag","embeddable":true,"href":"https:\/\/tarihkursu.com\/index.php\/wp-json\/wp\/v2\/tags?post=255"}],"curies":[{"name":"wp","href":"https:\/\/api.w.org\/{rel}","templated":true}]}}