{"id":2613,"date":"2026-05-31T22:09:54","date_gmt":"2026-05-31T19:09:54","guid":{"rendered":"https:\/\/tarihkursu.com\/?p=2613"},"modified":"2026-05-31T22:10:25","modified_gmt":"2026-05-31T19:10:25","slug":"12-sinif-t-c-inkilap-tarihi-ve-ataturkculuk-dersi-2-donem-2-yazili","status":"publish","type":"post","link":"https:\/\/tarihkursu.com\/index.php\/2026\/05\/31\/12-sinif-t-c-inkilap-tarihi-ve-ataturkculuk-dersi-2-donem-2-yazili\/","title":{"rendered":"12.S\u0131n\u0131f T.C. \u0130nk\u0131lap Tarihi ve Atat\u00fcrk\u00e7\u00fcl\u00fck Dersi 2. D\u00f6nem 2. Yaz\u0131l\u0131"},"content":{"rendered":"\n<p class=\"wp-block-paragraph\">12. s\u0131n\u0131f \u00f6\u011frencileri, <strong>12. s\u0131n\u0131f T.C. \u0130nk\u0131lap Tarihi ve Atat\u00fcrk\u00e7\u00fcl\u00fck Dersi 2. d\u00f6nem 2. yaz\u0131l\u0131<\/strong> s\u0131nav\u0131na m\u0131 haz\u0131rlan\u0131yorsunuz? Tarih \u00f6\u011fretmeni arkada\u015flar\u0131m\u0131z, kaliteli ve yeni <strong>Maarif model<\/strong> ile uyumlu yaz\u0131l\u0131 sorular\u0131 m\u0131 ar\u0131yorsunuz? Bu sayfada, Milli E\u011fitim Bakanl\u0131\u011f\u0131\u2019n\u0131n belirledi\u011fi <strong>konu da\u011f\u0131l\u0131m tablosu<\/strong>na ve <strong>12. s\u0131n\u0131f \u0130nk\u0131lap Tarihi ders kitab\u0131<\/strong>ndaki \u00f6\u011frenme \u00e7\u0131kt\u0131lar\u0131na uygun olarak haz\u0131rlanm\u0131\u015f, kapsaml\u0131 bir yaz\u0131l\u0131ya haz\u0131rl\u0131k sorular\u0131 bulacaks\u0131n\u0131z.<br>T\u00fcm tarih dersi yaz\u0131l\u0131 sorular\u0131m\u0131z, tarih dersinin temel kavramlar\u0131n\u0131 peki\u015ftirmenize ve s\u0131navda ba\u015far\u0131l\u0131 olman\u0131za yard\u0131mc\u0131 olacak \u015fekilde tasarland\u0131. A\u00e7\u0131k u\u00e7lu ve k\u0131sa cevapl\u0131 olarak haz\u0131rlad\u0131\u011f\u0131m\u0131z tarih yaz\u0131l\u0131s\u0131 sorular\u0131 Milli E\u011fitim Bakanl\u0131\u011f\u0131 taraf\u0131ndan payla\u015f\u0131lan soru da\u011f\u0131l\u0131m tablosu ile uyumludur. <strong>12. S\u0131n\u0131f \u0130nk\u0131lap Tarihi ve Atat\u00fcrk\u00e7\u00fcl\u00fck dersi 2. d\u00f6nem 2. yaz\u0131l\u0131 sorular\u0131m\u0131z<\/strong> sayesinde siz de 100 alacaks\u0131n\u0131z.<\/p>\n\n\n\n<p class=\"wp-block-paragraph\">Neden bu kayna\u011f\u0131 tercih etmelisiniz?<\/p>\n\n\n\n<p class=\"wp-block-paragraph\">MEB m\u00fcfredat\u0131na uygun:&nbsp;Sorular, Milli E\u011fitim Bakanl\u0131\u011f\u0131\u2019n\u0131n belirledi\u011fi kazan\u0131mlara ve \u00f6\u011frenme \u00e7\u0131kt\u0131lar\u0131na g\u00f6re haz\u0131rlanm\u0131\u015ft\u0131r.<\/p>\n\n\n\n<p class=\"wp-block-paragraph\">Kapsaml\u0131 i\u00e7erik:&nbsp;<strong>12. s\u0131n\u0131f ink\u0131lap tarihi ders kitab\u0131<\/strong>ndaki t\u00fcm \u00f6nemli konulara yer verilmi\u015ftir.<\/p>\n\n\n\n<p class=\"wp-block-paragraph\">S\u0131nav ba\u015far\u0131s\u0131:&nbsp;Sorular, okullardaki <strong>ger\u00e7ek yaz\u0131l\u0131<\/strong> s\u0131navlarda \u00e7\u0131kabilecek niteliktedir.<\/p>\n\n\n\n<p class=\"wp-block-paragraph\"><strong>A\u00e7\u0131k u\u00e7lu ve k\u0131sa cevapl\u0131<\/strong> sorular:&nbsp;Farkl\u0131 soru tipleriyle konular\u0131 daha iyi anlaman\u0131za yard\u0131mc\u0131 olur.<\/p>\n\n\n\n<h2 class=\"wp-block-heading\"><strong>2025- 2026 12. S\u0131n\u0131f T.C. \u0130nk\u0131lap Tarihi ve Atat\u00fcrk\u00e7\u00fcl\u00fck dersi 2. D\u00f6nem 2. Yaz\u0131l\u0131 Sorular\u0131 \u0130ndir<\/strong><\/h2>\n\n\n\n<p class=\"wp-block-paragraph\"><strong><a href=\"https:\/\/drive.google.com\/file\/d\/1JcHTVCt_dSRW_AAW5KjXTB8W6cEdajcE\/view?usp=drive_link\">12.SINIF \u0130NKILAP TAR\u0130H 2025-2026 2.D\u00d6NEM 2.YAZILI CEVAP ANAHTARI @tarihciyoutube<\/a><\/strong><\/p>\n\n\n\n<p class=\"wp-block-paragraph\"><strong><a href=\"https:\/\/docs.google.com\/document\/d\/11hT50v2sVVAT3o1h_aphmTaa0HAl-wQC\/edit?usp=drive_link&amp;ouid=117121570089509052946&amp;rtpof=true&amp;sd=true\">\u0130NKILAP TAR\u0130H\u0130 12. SINIF 2. D\u00d6NEM 2. YAZILI HAZIRLIK PAKET\u0130 2025-2026<\/a><\/strong><\/p>\n\n\n\n<p class=\"wp-block-paragraph\"><strong><a href=\"https:\/\/drive.google.com\/file\/d\/1OYDUtfLNPZ7g5hc3UcZURA0kVx_lPJaG\/view?usp=drive_link\">B\u0130LG\u0130SARMAL YAYINLARI YAZILIYA HAZIRLIK \u0130NKILAP TAR\u0130H\u0130 DERS\u0130 12. SINIF 2. D\u00d6NEM 2. YAZILI<\/a><\/strong><\/p>\n\n\n\n<p class=\"wp-block-paragraph\"><\/p>\n\n\n\n<div class=\"wp-block-file\"><a id=\"wp-block-file--media-303f59df-a5e6-4033-9269-e6c70687ddfe\" href=\"https:\/\/tarihkursu.com\/wp-content\/uploads\/2025\/05\/T.C-inkilap-tarihi-ve-Ataturkculuk-2.-donem-2.-yazili.docx\"><strong>T.C ink\u0131lap tarihi ve Atat\u00fcrk\u00e7\u00fcl\u00fck 2. d\u00f6nem 2. yaz\u0131l\u0131<\/strong><\/a><a href=\"https:\/\/tarihkursu.com\/wp-content\/uploads\/2025\/05\/T.C-inkilap-tarihi-ve-Ataturkculuk-2.-donem-2.-yazili.docx\" class=\"wp-block-file__button wp-element-button\" download aria-describedby=\"wp-block-file--media-303f59df-a5e6-4033-9269-e6c70687ddfe\">\u0130ndir<\/a><\/div>\n\n\n\n<div class=\"wp-block-file\"><a id=\"wp-block-file--media-a99ae41e-673e-42c5-8c7b-aa00a2f93c64\" href=\"https:\/\/tarihkursu.com\/wp-content\/uploads\/2025\/05\/inkilap-2.-donem-2.-yazili-cevaplari.docx\"><strong>\u0130nk\u0131lap 2. d\u00f6nem 2. yaz\u0131l\u0131 cevaplar\u0131<\/strong><\/a><a href=\"https:\/\/tarihkursu.com\/wp-content\/uploads\/2025\/05\/inkilap-2.-donem-2.-yazili-cevaplari.docx\" class=\"wp-block-file__button wp-element-button\" download aria-describedby=\"wp-block-file--media-a99ae41e-673e-42c5-8c7b-aa00a2f93c64\">\u0130ndir<\/a><\/div>\n\n\n\n<div class=\"wp-block-file\"><a id=\"wp-block-file--media-95d4c73b-eb77-438b-a553-d733a5ca3bd4\" href=\"https:\/\/tarihkursu.com\/wp-content\/uploads\/2025\/05\/inkilap-2.donem-2.-sinav-sorulari.docx\"><strong>\u0130nk\u0131lap 2.d\u00f6nem 2. s\u0131nav sorular\u0131<\/strong><\/a><a href=\"https:\/\/tarihkursu.com\/wp-content\/uploads\/2025\/05\/inkilap-2.donem-2.-sinav-sorulari.docx\" class=\"wp-block-file__button wp-element-button\" download aria-describedby=\"wp-block-file--media-95d4c73b-eb77-438b-a553-d733a5ca3bd4\">\u0130ndir<\/a><\/div>\n\n\n\n<div class=\"wp-block-file\"><a id=\"wp-block-file--media-8bb8a6e6-13ab-40f8-96e5-fb9471188375\" href=\"https:\/\/tarihkursu.com\/wp-content\/uploads\/2025\/05\/12.-SINF-INK.-TAR.-II.DONEM-II.YAZILI-CEVAP-ANAHTARI-1.docx\"><strong>12.-SINIF-INK.-TAR.-II.DONEM-II.YAZILI-CEVAP-ANAHTARI<\/strong><\/a><a href=\"https:\/\/tarihkursu.com\/wp-content\/uploads\/2025\/05\/12.-SINF-INK.-TAR.-II.DONEM-II.YAZILI-CEVAP-ANAHTARI-1.docx\" class=\"wp-block-file__button wp-element-button\" download aria-describedby=\"wp-block-file--media-8bb8a6e6-13ab-40f8-96e5-fb9471188375\">\u0130ndir<\/a><\/div>\n\n\n\n<div class=\"wp-block-file\"><a id=\"wp-block-file--media-f365dca8-adbf-4564-8536-5e92b3435b35\" href=\"https:\/\/tarihkursu.com\/wp-content\/uploads\/2025\/05\/12.-SINF-INK.-TAR.-II.DONEM-II.YAZILI-SORULARI-1.docx\"><strong>12.-SINIF-INK.-TAR.-II.DONEM-II.YAZILI-SORULARI<\/strong><\/a><a href=\"https:\/\/tarihkursu.com\/wp-content\/uploads\/2025\/05\/12.-SINF-INK.-TAR.-II.DONEM-II.YAZILI-SORULARI-1.docx\" class=\"wp-block-file__button wp-element-button\" download aria-describedby=\"wp-block-file--media-f365dca8-adbf-4564-8536-5e92b3435b35\">\u0130ndir<\/a><\/div>\n\n\n\n<div class=\"wp-block-file\"><a id=\"wp-block-file--media-1a72bfe6-2bdb-4bf2-9aaf-464f5893e9d2\" href=\"https:\/\/tarihkursu.com\/wp-content\/uploads\/2025\/05\/inkilap-2.donem-2.-sinav.docx\"><strong>ink\u0131lap 2.d\u00f6nem 2. s\u0131nav<\/strong><\/a><a href=\"https:\/\/tarihkursu.com\/wp-content\/uploads\/2025\/05\/inkilap-2.donem-2.-sinav.docx\" class=\"wp-block-file__button wp-element-button\" download aria-describedby=\"wp-block-file--media-1a72bfe6-2bdb-4bf2-9aaf-464f5893e9d2\">\u0130ndir<\/a><\/div>\n\n\n\n<div data-wp-interactive=\"core\/file\" class=\"wp-block-file\"><object data-wp-bind--hidden=\"!state.hasPdfPreview\" hidden class=\"wp-block-file__embed\" data=\"https:\/\/tarihkursu.com\/wp-content\/uploads\/2025\/05\/T.C.-Inkilap-Tarihi-ve-Ataturkculuk-Calisma-Sorulari.pdf\" type=\"application\/pdf\" style=\"width:100%;height:600px\" aria-label=\"&lt;strong&gt;T.C. \u0130nkilap Tarihi ve Atat\u00fcrk\u00e7\u00fcl\u00fck \u00c7al\u0131\u015fma Sorular\u0131&lt;\/strong&gt; g\u00f6m\u00fcs\u00fc.\"><\/object><a id=\"wp-block-file--media-17407fb0-f370-4721-a5d9-49a5e4a57b39\" href=\"https:\/\/tarihkursu.com\/wp-content\/uploads\/2025\/05\/T.C.-Inkilap-Tarihi-ve-Ataturkculuk-Calisma-Sorulari.pdf\"><strong>T.C. \u0130nkilap Tarihi ve Atat\u00fcrk\u00e7\u00fcl\u00fck \u00c7al\u0131\u015fma Sorular\u0131<\/strong><\/a><a href=\"https:\/\/tarihkursu.com\/wp-content\/uploads\/2025\/05\/T.C.-Inkilap-Tarihi-ve-Ataturkculuk-Calisma-Sorulari.pdf\" class=\"wp-block-file__button wp-element-button\" download aria-describedby=\"wp-block-file--media-17407fb0-f370-4721-a5d9-49a5e4a57b39\">\u0130ndir<\/a><\/div>\n\n\n\n<p class=\"wp-block-paragraph\"><\/p>\n\n\n\n<div data-wp-interactive=\"core\/file\" class=\"wp-block-file\"><object data-wp-bind--hidden=\"!state.hasPdfPreview\" hidden class=\"wp-block-file__embed\" data=\"https:\/\/tarihkursu.com\/wp-content\/uploads\/2025\/05\/Inkilap_Tarihi_Yazili_Cevaplari.pdf\" type=\"application\/pdf\" style=\"width:100%;height:600px\" aria-label=\"&lt;strong&gt;\u0130nkilap_Tarihi_Yazili_Cevaplari&lt;\/strong&gt; g\u00f6m\u00fcs\u00fc.\"><\/object><a id=\"wp-block-file--media-ef088574-75db-4ff6-bbea-7743348fc50a\" href=\"https:\/\/tarihkursu.com\/wp-content\/uploads\/2025\/05\/Inkilap_Tarihi_Yazili_Cevaplari.pdf\"><strong>\u0130nkilap_Tarihi_Yazili_Cevaplari<\/strong><\/a><a href=\"https:\/\/tarihkursu.com\/wp-content\/uploads\/2025\/05\/Inkilap_Tarihi_Yazili_Cevaplari.pdf\" class=\"wp-block-file__button wp-element-button\" download aria-describedby=\"wp-block-file--media-ef088574-75db-4ff6-bbea-7743348fc50a\">\u0130ndir<\/a><\/div>\n\n\n\n<p class=\"wp-block-paragraph\"><\/p>\n\n\n\n<div data-wp-interactive=\"core\/file\" class=\"wp-block-file\"><object data-wp-bind--hidden=\"!state.hasPdfPreview\" hidden class=\"wp-block-file__embed\" data=\"https:\/\/tarihkursu.com\/wp-content\/uploads\/2025\/05\/Inkilap_Tarihi_Yazili_Cevaplari-1.pdf\" type=\"application\/pdf\" style=\"width:100%;height:600px\" aria-label=\"&lt;strong&gt;Inkilap_Tarihi_Yazili_Cevaplari&lt;\/strong&gt; g\u00f6m\u00fcs\u00fc.\"><\/object><a id=\"wp-block-file--media-d6a985de-a839-4822-9abd-a00c80efec1d\" href=\"https:\/\/tarihkursu.com\/wp-content\/uploads\/2025\/05\/Inkilap_Tarihi_Yazili_Cevaplari-1.pdf\"><strong>Inkilap_Tarihi_Yazili_Cevaplari<\/strong><\/a><a href=\"https:\/\/tarihkursu.com\/wp-content\/uploads\/2025\/05\/Inkilap_Tarihi_Yazili_Cevaplari-1.pdf\" class=\"wp-block-file__button wp-element-button\" download aria-describedby=\"wp-block-file--media-d6a985de-a839-4822-9abd-a00c80efec1d\">\u0130ndir<\/a><\/div>\n\n\n\n<p class=\"wp-block-paragraph\"><\/p>\n\n\n\n<div class=\"wp-block-file\"><a id=\"wp-block-file--media-76827936-a910-439e-94bf-79c6d867271c\" href=\"https:\/\/tarihkursu.com\/wp-content\/uploads\/2025\/05\/Bilgi-Sarmal-Yaziliya-Hazirlik-Tarih-Dersi-12.-Sinif-II.-Donem-II.-Sinav-1.docx\"><strong>Bilgi Sarmal Yaz\u0131l\u0131ya Haz\u0131rl\u0131k (Tarih Dersi 12. S\u0131n\u0131f II. D\u00f6nem II. S\u0131nav)<\/strong><\/a><a href=\"https:\/\/tarihkursu.com\/wp-content\/uploads\/2025\/05\/Bilgi-Sarmal-Yaziliya-Hazirlik-Tarih-Dersi-12.-Sinif-II.-Donem-II.-Sinav-1.docx\" class=\"wp-block-file__button wp-element-button\" download aria-describedby=\"wp-block-file--media-76827936-a910-439e-94bf-79c6d867271c\">\u0130ndir<\/a><\/div>\n\n\n\n<p class=\"wp-block-paragraph\"><\/p>\n\n\n\n<div data-wp-interactive=\"core\/file\" class=\"wp-block-file\"><object data-wp-bind--hidden=\"!state.hasPdfPreview\" hidden class=\"wp-block-file__embed\" data=\"https:\/\/tarihkursu.com\/wp-content\/uploads\/2025\/05\/Bilgi-Sarmal-Yaziliya-Hazirlik-Tarih-Dersi-12.-Sinif-II.-Donem-II.-Sinav-1.pdf\" type=\"application\/pdf\" style=\"width:100%;height:600px\" aria-label=\"&lt;strong&gt;Bilgi Sarmal Yaz\u0131l\u0131ya Haz\u0131rl\u0131k (Tarih Dersi 12. S\u0131n\u0131f II. D\u00f6nem II. S\u0131nav)&lt;\/strong&gt; g\u00f6m\u00fcs\u00fc.\"><\/object><a id=\"wp-block-file--media-73df4f1a-b900-45df-86e0-70d9286f12cf\" href=\"https:\/\/tarihkursu.com\/wp-content\/uploads\/2025\/05\/Bilgi-Sarmal-Yaziliya-Hazirlik-Tarih-Dersi-12.-Sinif-II.-Donem-II.-Sinav-1.pdf\"><strong>Bilgi Sarmal Yaz\u0131l\u0131ya Haz\u0131rl\u0131k (Tarih Dersi 12. S\u0131n\u0131f II. D\u00f6nem II. S\u0131nav)<\/strong><\/a><a href=\"https:\/\/tarihkursu.com\/wp-content\/uploads\/2025\/05\/Bilgi-Sarmal-Yaziliya-Hazirlik-Tarih-Dersi-12.-Sinif-II.-Donem-II.-Sinav-1.pdf\" class=\"wp-block-file__button wp-element-button\" download aria-describedby=\"wp-block-file--media-73df4f1a-b900-45df-86e0-70d9286f12cf\">\u0130ndir<\/a><\/div>\n\n\n\n<p class=\"wp-block-paragraph\"><\/p>\n","protected":false},"excerpt":{"rendered":"<div class=\"mh-excerpt\"><p>12. s\u0131n\u0131f \u00f6\u011frencileri, 12. s\u0131n\u0131f T.C. \u0130nk\u0131lap Tarihi ve Atat\u00fcrk\u00e7\u00fcl\u00fck Dersi 2. d\u00f6nem 2. yaz\u0131l\u0131 s\u0131nav\u0131na m\u0131 haz\u0131rlan\u0131yorsunuz? Tarih \u00f6\u011fretmeni arkada\u015flar\u0131m\u0131z, kaliteli ve yeni Maarif <a class=\"mh-excerpt-more\" href=\"https:\/\/tarihkursu.com\/index.php\/2026\/05\/31\/12-sinif-t-c-inkilap-tarihi-ve-ataturkculuk-dersi-2-donem-2-yazili\/\" title=\"12.S\u0131n\u0131f T.C. \u0130nk\u0131lap Tarihi ve Atat\u00fcrk\u00e7\u00fcl\u00fck Dersi 2. D\u00f6nem 2. Yaz\u0131l\u0131\">[&#8230;]<\/a><\/p>\n<\/div>","protected":false},"author":1,"featured_media":2929,"comment_status":"open","ping_status":"open","sticky":false,"template":"","format":"standard","meta":{"_regular_price":[],"currency_symbol":[],"footnotes":""},"categories":[158],"tags":[255,244],"class_list":["post-2613","post","type-post","status-publish","format-standard","has-post-thumbnail","hentry","category-12-sinif-inkilap-tarihi-yazili-sorulari","tag-12-sinif-inkilap-yazili-sorulari","tag-inkilap-tarihi-yazili-sorulari"],"post_slider_layout_featured_media_urls":{"thumbnail":["https:\/\/tarihkursu.com\/wp-content\/uploads\/2025\/10\/yazili-sorular-150x150.png",150,150,true],"post_slider_layout_landscape_large":["https:\/\/tarihkursu.com\/wp-content\/uploads\/2025\/10\/yazili-sorular-1200x800.png",1200,800,true],"post_slider_layout_portrait_large":["https:\/\/tarihkursu.com\/wp-content\/uploads\/2025\/10\/yazili-sorular-1200x1080.png",1200,1080,true],"post_slider_layout_square_large":["https:\/\/tarihkursu.com\/wp-content\/uploads\/2025\/10\/yazili-sorular-1200x1080.png",1200,1080,true],"post_slider_layout_landscape":["https:\/\/tarihkursu.com\/wp-content\/uploads\/2025\/10\/yazili-sorular-600x400.png",600,400,true],"post_slider_layout_portrait":["https:\/\/tarihkursu.com\/wp-content\/uploads\/2025\/10\/yazili-sorular-600x900.png",600,900,true],"post_slider_layout_square":["https:\/\/tarihkursu.com\/wp-content\/uploads\/2025\/10\/yazili-sorular-600x600.png",600,600,true],"full":["https:\/\/tarihkursu.com\/wp-content\/uploads\/2025\/10\/yazili-sorular.png",1920,1080,false]},"yoast_head":"<!-- This site is optimized with the Yoast SEO plugin v28.3 - https:\/\/yoast.com\/product\/yoast-seo-wordpress\/ -->\n<title>12.S\u0131n\u0131f T.C. \u0130nk\u0131lap Tarihi ve Atat\u00fcrk\u00e7\u00fcl\u00fck Dersi 2. D\u00f6nem 2. Yaz\u0131l\u0131 - tarihkursu.com<\/title>\n<meta name=\"description\" content=\"12. s\u0131n\u0131f \u0130nk\u0131lap Tarihi dersi 2. d\u00f6nem 2. yaz\u0131l\u0131ya haz\u0131rl\u0131k sorular\u0131\u00a0ile s\u0131navda kar\u015f\u0131la\u015fabilece\u011finiz t\u00fcm konulara hakim olacaks\u0131n\u0131z.\" \/>\n<meta name=\"robots\" content=\"index, follow, max-snippet:-1, max-image-preview:large, max-video-preview:-1\" \/>\n<link rel=\"canonical\" href=\"https:\/\/tarihkursu.com\/index.php\/2026\/05\/31\/12-sinif-t-c-inkilap-tarihi-ve-ataturkculuk-dersi-2-donem-2-yazili\/\" \/>\n<meta property=\"og:locale\" content=\"tr_TR\" \/>\n<meta property=\"og:type\" content=\"article\" \/>\n<meta property=\"og:title\" content=\"12.S\u0131n\u0131f T.C. \u0130nk\u0131lap Tarihi ve Atat\u00fcrk\u00e7\u00fcl\u00fck Dersi 2. D\u00f6nem 2. Yaz\u0131l\u0131 - tarihkursu.com\" \/>\n<meta property=\"og:description\" content=\"12. s\u0131n\u0131f \u0130nk\u0131lap Tarihi dersi 2. d\u00f6nem 2. yaz\u0131l\u0131ya haz\u0131rl\u0131k sorular\u0131\u00a0ile s\u0131navda kar\u015f\u0131la\u015fabilece\u011finiz t\u00fcm konulara hakim olacaks\u0131n\u0131z.\" \/>\n<meta property=\"og:url\" content=\"https:\/\/tarihkursu.com\/index.php\/2026\/05\/31\/12-sinif-t-c-inkilap-tarihi-ve-ataturkculuk-dersi-2-donem-2-yazili\/\" \/>\n<meta property=\"og:site_name\" content=\"tarihkursu.com\" \/>\n<meta property=\"article:published_time\" content=\"2026-05-31T19:09:54+00:00\" \/>\n<meta property=\"article:modified_time\" content=\"2026-05-31T19:10:25+00:00\" \/>\n<meta property=\"og:image\" content=\"https:\/\/tarihkursu.com\/wp-content\/uploads\/2025\/10\/yazili-sorular.png\" \/>\n\t<meta property=\"og:image:width\" content=\"1920\" \/>\n\t<meta property=\"og:image:height\" content=\"1080\" \/>\n\t<meta property=\"og:image:type\" content=\"image\/png\" \/>\n<meta name=\"author\" content=\"admin\" \/>\n<meta name=\"twitter:card\" content=\"summary_large_image\" \/>\n<meta name=\"twitter:label1\" content=\"Yazan:\" \/>\n\t<meta name=\"twitter:data1\" content=\"admin\" \/>\n\t<meta name=\"twitter:label2\" content=\"Tahmini okuma s\u00fcresi\" \/>\n\t<meta name=\"twitter:data2\" content=\"3 dakika\" \/>\n<script type=\"application\/ld+json\" class=\"yoast-schema-graph\">{\"@context\":\"https:\\\/\\\/schema.org\",\"@graph\":[{\"@type\":\"Article\",\"@id\":\"https:\\\/\\\/tarihkursu.com\\\/index.php\\\/2026\\\/05\\\/31\\\/12-sinif-t-c-inkilap-tarihi-ve-ataturkculuk-dersi-2-donem-2-yazili\\\/#article\",\"isPartOf\":{\"@id\":\"https:\\\/\\\/tarihkursu.com\\\/index.php\\\/2026\\\/05\\\/31\\\/12-sinif-t-c-inkilap-tarihi-ve-ataturkculuk-dersi-2-donem-2-yazili\\\/\"},\"author\":{\"name\":\"admin\",\"@id\":\"https:\\\/\\\/tarihkursu.com\\\/#\\\/schema\\\/person\\\/4d7bdc3b79e9f5198455474c0f203f3c\"},\"headline\":\"12.S\u0131n\u0131f T.C. \u0130nk\u0131lap Tarihi ve Atat\u00fcrk\u00e7\u00fcl\u00fck Dersi 2. D\u00f6nem 2. Yaz\u0131l\u0131\",\"datePublished\":\"2026-05-31T19:09:54+00:00\",\"dateModified\":\"2026-05-31T19:10:25+00:00\",\"mainEntityOfPage\":{\"@id\":\"https:\\\/\\\/tarihkursu.com\\\/index.php\\\/2026\\\/05\\\/31\\\/12-sinif-t-c-inkilap-tarihi-ve-ataturkculuk-dersi-2-donem-2-yazili\\\/\"},\"wordCount\":457,\"commentCount\":0,\"publisher\":{\"@id\":\"https:\\\/\\\/tarihkursu.com\\\/#\\\/schema\\\/person\\\/4d7bdc3b79e9f5198455474c0f203f3c\"},\"image\":{\"@id\":\"https:\\\/\\\/tarihkursu.com\\\/index.php\\\/2026\\\/05\\\/31\\\/12-sinif-t-c-inkilap-tarihi-ve-ataturkculuk-dersi-2-donem-2-yazili\\\/#primaryimage\"},\"thumbnailUrl\":\"https:\\\/\\\/tarihkursu.com\\\/wp-content\\\/uploads\\\/2025\\\/10\\\/yazili-sorular.png\",\"keywords\":[\"12. s\u0131n\u0131f ink\u0131lap yaz\u0131l\u0131 sorular\u0131\",\"ink\u0131lap tarihi yaz\u0131l\u0131 sorular\u0131\"],\"articleSection\":[\"12. S\u0131n\u0131f \u0130nk\u0131lap Tarihi YAZILI SORULARI\"],\"inLanguage\":\"tr\",\"potentialAction\":[{\"@type\":\"CommentAction\",\"name\":\"Comment\",\"target\":[\"https:\\\/\\\/tarihkursu.com\\\/index.php\\\/2026\\\/05\\\/31\\\/12-sinif-t-c-inkilap-tarihi-ve-ataturkculuk-dersi-2-donem-2-yazili\\\/#respond\"]}]},{\"@type\":\"WebPage\",\"@id\":\"https:\\\/\\\/tarihkursu.com\\\/index.php\\\/2026\\\/05\\\/31\\\/12-sinif-t-c-inkilap-tarihi-ve-ataturkculuk-dersi-2-donem-2-yazili\\\/\",\"url\":\"https:\\\/\\\/tarihkursu.com\\\/index.php\\\/2026\\\/05\\\/31\\\/12-sinif-t-c-inkilap-tarihi-ve-ataturkculuk-dersi-2-donem-2-yazili\\\/\",\"name\":\"12.S\u0131n\u0131f T.C. \u0130nk\u0131lap Tarihi ve Atat\u00fcrk\u00e7\u00fcl\u00fck Dersi 2. D\u00f6nem 2. Yaz\u0131l\u0131 - tarihkursu.com\",\"isPartOf\":{\"@id\":\"https:\\\/\\\/tarihkursu.com\\\/#website\"},\"primaryImageOfPage\":{\"@id\":\"https:\\\/\\\/tarihkursu.com\\\/index.php\\\/2026\\\/05\\\/31\\\/12-sinif-t-c-inkilap-tarihi-ve-ataturkculuk-dersi-2-donem-2-yazili\\\/#primaryimage\"},\"image\":{\"@id\":\"https:\\\/\\\/tarihkursu.com\\\/index.php\\\/2026\\\/05\\\/31\\\/12-sinif-t-c-inkilap-tarihi-ve-ataturkculuk-dersi-2-donem-2-yazili\\\/#primaryimage\"},\"thumbnailUrl\":\"https:\\\/\\\/tarihkursu.com\\\/wp-content\\\/uploads\\\/2025\\\/10\\\/yazili-sorular.png\",\"datePublished\":\"2026-05-31T19:09:54+00:00\",\"dateModified\":\"2026-05-31T19:10:25+00:00\",\"description\":\"12. s\u0131n\u0131f \u0130nk\u0131lap Tarihi dersi 2. d\u00f6nem 2. yaz\u0131l\u0131ya haz\u0131rl\u0131k sorular\u0131\u00a0ile s\u0131navda kar\u015f\u0131la\u015fabilece\u011finiz t\u00fcm konulara hakim olacaks\u0131n\u0131z.\",\"breadcrumb\":{\"@id\":\"https:\\\/\\\/tarihkursu.com\\\/index.php\\\/2026\\\/05\\\/31\\\/12-sinif-t-c-inkilap-tarihi-ve-ataturkculuk-dersi-2-donem-2-yazili\\\/#breadcrumb\"},\"inLanguage\":\"tr\",\"potentialAction\":[{\"@type\":\"ReadAction\",\"target\":[\"https:\\\/\\\/tarihkursu.com\\\/index.php\\\/2026\\\/05\\\/31\\\/12-sinif-t-c-inkilap-tarihi-ve-ataturkculuk-dersi-2-donem-2-yazili\\\/\"]}]},{\"@type\":\"ImageObject\",\"inLanguage\":\"tr\",\"@id\":\"https:\\\/\\\/tarihkursu.com\\\/index.php\\\/2026\\\/05\\\/31\\\/12-sinif-t-c-inkilap-tarihi-ve-ataturkculuk-dersi-2-donem-2-yazili\\\/#primaryimage\",\"url\":\"https:\\\/\\\/tarihkursu.com\\\/wp-content\\\/uploads\\\/2025\\\/10\\\/yazili-sorular.png\",\"contentUrl\":\"https:\\\/\\\/tarihkursu.com\\\/wp-content\\\/uploads\\\/2025\\\/10\\\/yazili-sorular.png\",\"width\":1920,\"height\":1080,\"caption\":\"tarih yaz\u0131l\u0131 sorular\u0131\"},{\"@type\":\"BreadcrumbList\",\"@id\":\"https:\\\/\\\/tarihkursu.com\\\/index.php\\\/2026\\\/05\\\/31\\\/12-sinif-t-c-inkilap-tarihi-ve-ataturkculuk-dersi-2-donem-2-yazili\\\/#breadcrumb\",\"itemListElement\":[{\"@type\":\"ListItem\",\"position\":1,\"name\":\"Anasayfa\",\"item\":\"https:\\\/\\\/tarihkursu.com\\\/\"},{\"@type\":\"ListItem\",\"position\":2,\"name\":\"12.S\u0131n\u0131f T.C. \u0130nk\u0131lap Tarihi ve Atat\u00fcrk\u00e7\u00fcl\u00fck Dersi 2. D\u00f6nem 2. Yaz\u0131l\u0131\"}]},{\"@type\":\"WebSite\",\"@id\":\"https:\\\/\\\/tarihkursu.com\\\/#website\",\"url\":\"https:\\\/\\\/tarihkursu.com\\\/\",\"name\":\"Tarih Kursu\",\"description\":\"\u0130\u015fimiz G\u00fcc\u00fcm\u00fcz Tarih\",\"publisher\":{\"@id\":\"https:\\\/\\\/tarihkursu.com\\\/#\\\/schema\\\/person\\\/4d7bdc3b79e9f5198455474c0f203f3c\"},\"potentialAction\":[{\"@type\":\"SearchAction\",\"target\":{\"@type\":\"EntryPoint\",\"urlTemplate\":\"https:\\\/\\\/tarihkursu.com\\\/?s={search_term_string}\"},\"query-input\":{\"@type\":\"PropertyValueSpecification\",\"valueRequired\":true,\"valueName\":\"search_term_string\"}}],\"inLanguage\":\"tr\"},{\"@type\":[\"Person\",\"Organization\"],\"@id\":\"https:\\\/\\\/tarihkursu.com\\\/#\\\/schema\\\/person\\\/4d7bdc3b79e9f5198455474c0f203f3c\",\"name\":\"admin\",\"image\":{\"@type\":\"ImageObject\",\"inLanguage\":\"tr\",\"@id\":\"https:\\\/\\\/tarihkursu.com\\\/wp-content\\\/uploads\\\/2024\\\/10\\\/TARIHKURSU-Kopyasi.png\",\"url\":\"https:\\\/\\\/tarihkursu.com\\\/wp-content\\\/uploads\\\/2024\\\/10\\\/TARIHKURSU-Kopyasi.png\",\"contentUrl\":\"https:\\\/\\\/tarihkursu.com\\\/wp-content\\\/uploads\\\/2024\\\/10\\\/TARIHKURSU-Kopyasi.png\",\"width\":1080,\"height\":1080,\"caption\":\"admin\"},\"logo\":{\"@id\":\"https:\\\/\\\/tarihkursu.com\\\/wp-content\\\/uploads\\\/2024\\\/10\\\/TARIHKURSU-Kopyasi.png\"},\"sameAs\":[\"https:\\\/\\\/tarihkursu.com\"],\"url\":\"https:\\\/\\\/tarihkursu.com\\\/index.php\\\/author\\\/admin\\\/\"}]}<\/script>\n<!-- \/ Yoast SEO plugin. -->","yoast_head_json":{"title":"12.S\u0131n\u0131f T.C. \u0130nk\u0131lap Tarihi ve Atat\u00fcrk\u00e7\u00fcl\u00fck Dersi 2. D\u00f6nem 2. Yaz\u0131l\u0131 - tarihkursu.com","description":"12. s\u0131n\u0131f \u0130nk\u0131lap Tarihi dersi 2. d\u00f6nem 2. yaz\u0131l\u0131ya haz\u0131rl\u0131k sorular\u0131\u00a0ile s\u0131navda kar\u015f\u0131la\u015fabilece\u011finiz t\u00fcm konulara hakim olacaks\u0131n\u0131z.","robots":{"index":"index","follow":"follow","max-snippet":"max-snippet:-1","max-image-preview":"max-image-preview:large","max-video-preview":"max-video-preview:-1"},"canonical":"https:\/\/tarihkursu.com\/index.php\/2026\/05\/31\/12-sinif-t-c-inkilap-tarihi-ve-ataturkculuk-dersi-2-donem-2-yazili\/","og_locale":"tr_TR","og_type":"article","og_title":"12.S\u0131n\u0131f T.C. \u0130nk\u0131lap Tarihi ve Atat\u00fcrk\u00e7\u00fcl\u00fck Dersi 2. D\u00f6nem 2. Yaz\u0131l\u0131 - tarihkursu.com","og_description":"12. s\u0131n\u0131f \u0130nk\u0131lap Tarihi dersi 2. d\u00f6nem 2. yaz\u0131l\u0131ya haz\u0131rl\u0131k sorular\u0131\u00a0ile s\u0131navda kar\u015f\u0131la\u015fabilece\u011finiz t\u00fcm konulara hakim olacaks\u0131n\u0131z.","og_url":"https:\/\/tarihkursu.com\/index.php\/2026\/05\/31\/12-sinif-t-c-inkilap-tarihi-ve-ataturkculuk-dersi-2-donem-2-yazili\/","og_site_name":"tarihkursu.com","article_published_time":"2026-05-31T19:09:54+00:00","article_modified_time":"2026-05-31T19:10:25+00:00","og_image":[{"width":1920,"height":1080,"url":"https:\/\/tarihkursu.com\/wp-content\/uploads\/2025\/10\/yazili-sorular.png","type":"image\/png"}],"author":"admin","twitter_card":"summary_large_image","twitter_misc":{"Yazan:":"admin","Tahmini okuma s\u00fcresi":"3 dakika"},"schema":{"@context":"https:\/\/schema.org","@graph":[{"@type":"Article","@id":"https:\/\/tarihkursu.com\/index.php\/2026\/05\/31\/12-sinif-t-c-inkilap-tarihi-ve-ataturkculuk-dersi-2-donem-2-yazili\/#article","isPartOf":{"@id":"https:\/\/tarihkursu.com\/index.php\/2026\/05\/31\/12-sinif-t-c-inkilap-tarihi-ve-ataturkculuk-dersi-2-donem-2-yazili\/"},"author":{"name":"admin","@id":"https:\/\/tarihkursu.com\/#\/schema\/person\/4d7bdc3b79e9f5198455474c0f203f3c"},"headline":"12.S\u0131n\u0131f T.C. \u0130nk\u0131lap Tarihi ve Atat\u00fcrk\u00e7\u00fcl\u00fck Dersi 2. D\u00f6nem 2. Yaz\u0131l\u0131","datePublished":"2026-05-31T19:09:54+00:00","dateModified":"2026-05-31T19:10:25+00:00","mainEntityOfPage":{"@id":"https:\/\/tarihkursu.com\/index.php\/2026\/05\/31\/12-sinif-t-c-inkilap-tarihi-ve-ataturkculuk-dersi-2-donem-2-yazili\/"},"wordCount":457,"commentCount":0,"publisher":{"@id":"https:\/\/tarihkursu.com\/#\/schema\/person\/4d7bdc3b79e9f5198455474c0f203f3c"},"image":{"@id":"https:\/\/tarihkursu.com\/index.php\/2026\/05\/31\/12-sinif-t-c-inkilap-tarihi-ve-ataturkculuk-dersi-2-donem-2-yazili\/#primaryimage"},"thumbnailUrl":"https:\/\/tarihkursu.com\/wp-content\/uploads\/2025\/10\/yazili-sorular.png","keywords":["12. s\u0131n\u0131f ink\u0131lap yaz\u0131l\u0131 sorular\u0131","ink\u0131lap tarihi yaz\u0131l\u0131 sorular\u0131"],"articleSection":["12. S\u0131n\u0131f \u0130nk\u0131lap Tarihi YAZILI SORULARI"],"inLanguage":"tr","potentialAction":[{"@type":"CommentAction","name":"Comment","target":["https:\/\/tarihkursu.com\/index.php\/2026\/05\/31\/12-sinif-t-c-inkilap-tarihi-ve-ataturkculuk-dersi-2-donem-2-yazili\/#respond"]}]},{"@type":"WebPage","@id":"https:\/\/tarihkursu.com\/index.php\/2026\/05\/31\/12-sinif-t-c-inkilap-tarihi-ve-ataturkculuk-dersi-2-donem-2-yazili\/","url":"https:\/\/tarihkursu.com\/index.php\/2026\/05\/31\/12-sinif-t-c-inkilap-tarihi-ve-ataturkculuk-dersi-2-donem-2-yazili\/","name":"12.S\u0131n\u0131f T.C. \u0130nk\u0131lap Tarihi ve Atat\u00fcrk\u00e7\u00fcl\u00fck Dersi 2. D\u00f6nem 2. Yaz\u0131l\u0131 - tarihkursu.com","isPartOf":{"@id":"https:\/\/tarihkursu.com\/#website"},"primaryImageOfPage":{"@id":"https:\/\/tarihkursu.com\/index.php\/2026\/05\/31\/12-sinif-t-c-inkilap-tarihi-ve-ataturkculuk-dersi-2-donem-2-yazili\/#primaryimage"},"image":{"@id":"https:\/\/tarihkursu.com\/index.php\/2026\/05\/31\/12-sinif-t-c-inkilap-tarihi-ve-ataturkculuk-dersi-2-donem-2-yazili\/#primaryimage"},"thumbnailUrl":"https:\/\/tarihkursu.com\/wp-content\/uploads\/2025\/10\/yazili-sorular.png","datePublished":"2026-05-31T19:09:54+00:00","dateModified":"2026-05-31T19:10:25+00:00","description":"12. s\u0131n\u0131f \u0130nk\u0131lap Tarihi dersi 2. d\u00f6nem 2. yaz\u0131l\u0131ya haz\u0131rl\u0131k sorular\u0131\u00a0ile s\u0131navda kar\u015f\u0131la\u015fabilece\u011finiz t\u00fcm konulara hakim olacaks\u0131n\u0131z.","breadcrumb":{"@id":"https:\/\/tarihkursu.com\/index.php\/2026\/05\/31\/12-sinif-t-c-inkilap-tarihi-ve-ataturkculuk-dersi-2-donem-2-yazili\/#breadcrumb"},"inLanguage":"tr","potentialAction":[{"@type":"ReadAction","target":["https:\/\/tarihkursu.com\/index.php\/2026\/05\/31\/12-sinif-t-c-inkilap-tarihi-ve-ataturkculuk-dersi-2-donem-2-yazili\/"]}]},{"@type":"ImageObject","inLanguage":"tr","@id":"https:\/\/tarihkursu.com\/index.php\/2026\/05\/31\/12-sinif-t-c-inkilap-tarihi-ve-ataturkculuk-dersi-2-donem-2-yazili\/#primaryimage","url":"https:\/\/tarihkursu.com\/wp-content\/uploads\/2025\/10\/yazili-sorular.png","contentUrl":"https:\/\/tarihkursu.com\/wp-content\/uploads\/2025\/10\/yazili-sorular.png","width":1920,"height":1080,"caption":"tarih yaz\u0131l\u0131 sorular\u0131"},{"@type":"BreadcrumbList","@id":"https:\/\/tarihkursu.com\/index.php\/2026\/05\/31\/12-sinif-t-c-inkilap-tarihi-ve-ataturkculuk-dersi-2-donem-2-yazili\/#breadcrumb","itemListElement":[{"@type":"ListItem","position":1,"name":"Anasayfa","item":"https:\/\/tarihkursu.com\/"},{"@type":"ListItem","position":2,"name":"12.S\u0131n\u0131f T.C. \u0130nk\u0131lap Tarihi ve Atat\u00fcrk\u00e7\u00fcl\u00fck Dersi 2. D\u00f6nem 2. Yaz\u0131l\u0131"}]},{"@type":"WebSite","@id":"https:\/\/tarihkursu.com\/#website","url":"https:\/\/tarihkursu.com\/","name":"Tarih Kursu","description":"\u0130\u015fimiz G\u00fcc\u00fcm\u00fcz Tarih","publisher":{"@id":"https:\/\/tarihkursu.com\/#\/schema\/person\/4d7bdc3b79e9f5198455474c0f203f3c"},"potentialAction":[{"@type":"SearchAction","target":{"@type":"EntryPoint","urlTemplate":"https:\/\/tarihkursu.com\/?s={search_term_string}"},"query-input":{"@type":"PropertyValueSpecification","valueRequired":true,"valueName":"search_term_string"}}],"inLanguage":"tr"},{"@type":["Person","Organization"],"@id":"https:\/\/tarihkursu.com\/#\/schema\/person\/4d7bdc3b79e9f5198455474c0f203f3c","name":"admin","image":{"@type":"ImageObject","inLanguage":"tr","@id":"https:\/\/tarihkursu.com\/wp-content\/uploads\/2024\/10\/TARIHKURSU-Kopyasi.png","url":"https:\/\/tarihkursu.com\/wp-content\/uploads\/2024\/10\/TARIHKURSU-Kopyasi.png","contentUrl":"https:\/\/tarihkursu.com\/wp-content\/uploads\/2024\/10\/TARIHKURSU-Kopyasi.png","width":1080,"height":1080,"caption":"admin"},"logo":{"@id":"https:\/\/tarihkursu.com\/wp-content\/uploads\/2024\/10\/TARIHKURSU-Kopyasi.png"},"sameAs":["https:\/\/tarihkursu.com"],"url":"https:\/\/tarihkursu.com\/index.php\/author\/admin\/"}]}},"_links":{"self":[{"href":"https:\/\/tarihkursu.com\/index.php\/wp-json\/wp\/v2\/posts\/2613","targetHints":{"allow":["GET"]}}],"collection":[{"href":"https:\/\/tarihkursu.com\/index.php\/wp-json\/wp\/v2\/posts"}],"about":[{"href":"https:\/\/tarihkursu.com\/index.php\/wp-json\/wp\/v2\/types\/post"}],"author":[{"embeddable":true,"href":"https:\/\/tarihkursu.com\/index.php\/wp-json\/wp\/v2\/users\/1"}],"replies":[{"embeddable":true,"href":"https:\/\/tarihkursu.com\/index.php\/wp-json\/wp\/v2\/comments?post=2613"}],"version-history":[{"count":3,"href":"https:\/\/tarihkursu.com\/index.php\/wp-json\/wp\/v2\/posts\/2613\/revisions"}],"predecessor-version":[{"id":3393,"href":"https:\/\/tarihkursu.com\/index.php\/wp-json\/wp\/v2\/posts\/2613\/revisions\/3393"}],"wp:featuredmedia":[{"embeddable":true,"href":"https:\/\/tarihkursu.com\/index.php\/wp-json\/wp\/v2\/media\/2929"}],"wp:attachment":[{"href":"https:\/\/tarihkursu.com\/index.php\/wp-json\/wp\/v2\/media?parent=2613"}],"wp:term":[{"taxonomy":"category","embeddable":true,"href":"https:\/\/tarihkursu.com\/index.php\/wp-json\/wp\/v2\/categories?post=2613"},{"taxonomy":"post_tag","embeddable":true,"href":"https:\/\/tarihkursu.com\/index.php\/wp-json\/wp\/v2\/tags?post=2613"}],"curies":[{"name":"wp","href":"https:\/\/api.w.org\/{rel}","templated":true}]}}