{"id":2721,"date":"2026-08-28T23:56:41","date_gmt":"2026-08-28T20:56:41","guid":{"rendered":"https:\/\/tarihkursu.com\/?p=2721"},"modified":"2026-08-30T13:16:13","modified_gmt":"2026-08-30T10:16:13","slug":"2025-2026-egitim-ogretim-yili-tarih-dersi-yillik-planlari-indir","status":"publish","type":"post","link":"https:\/\/tarihkursu.com\/index.php\/2026\/08\/28\/2025-2026-egitim-ogretim-yili-tarih-dersi-yillik-planlari-indir\/","title":{"rendered":"2026- 2027 E\u011fitim \u00d6\u011fretim Y\u0131l\u0131 Tarih Dersi Y\u0131ll\u0131k Planlar\u0131 \u0130ndir"},"content":{"rendered":"\n<p class=\"wp-block-paragraph\">Mill\u00ee E\u011fitim Bakanl\u0131\u011f\u0131\u2019n\u0131n yeni y\u00f6nergesine uygun olarak haz\u0131rlanan 2026-2027 e\u011fitim \u00f6\u011fretim y\u0131l\u0131 tarih dersi y\u0131ll\u0131k planlar\u0131 sitemizde sizlerle! Orta\u00f6\u011fretim kademesi i\u00e7in 9. s\u0131n\u0131f Tarih, 10. s\u0131n\u0131f Tarih, 11. s\u0131n\u0131f Tarih ve T.C. \u0130nk\u0131lap Tarihi ve Atat\u00fcrk\u00e7\u00fcl\u00fck 12. s\u0131n\u0131f derslerinin \u00fcnitelendirilmi\u015f y\u0131ll\u0131k planlar \u00f6\u011frenme s\u00fcrecinizi d\u00fczenli ve verimli hale getirmek amac\u0131yla sunulmaktad\u0131r. Planlar, \u00f6\u011fretim programlar\u0131 do\u011frultusunda, \u00e7a\u011fda\u015f e\u011fitimin gerekliliklerine uygun, \u00f6\u011frenci merkezli ve bireyselle\u015ftirilmi\u015f e\u011fitim anlay\u0131\u015f\u0131n\u0131 esas almaktad\u0131r. Bu planlar, e\u011fitimde birlik ve e\u015fg\u00fcd\u00fcm\u00fc sa\u011flamay\u0131 ama\u00e7lamaktad\u0131r. 9. S\u0131n\u0131f Tarih Y\u0131ll\u0131k Plan\u0131,10. S\u0131n\u0131f tarih plan\u0131 ve  11. S\u0131n\u0131f Tarih plan\u0131 T\u00fcrkiye Y\u00fczy\u0131l\u0131 Maarif Modeli \u00f6\u011fretim programlar\u0131 ile uyumludur.&nbsp;Sitemizde ayr\u0131ca se\u00e7meli tarih dersi planlar\u0131na ve tyt-ayt tarih DYK kurs planlar\u0131na da ula\u015fabilirsiniz. Detayl\u0131 y\u0131ll\u0131k planlara ula\u015fmak ve derslerinizde en iyi \u015fekilde haz\u0131rl\u0131kl\u0131 olmak i\u00e7in sitemizi takipte kal\u0131n.<\/p>\n\n\n\n<p class=\"wp-block-paragraph\"><strong>Not: Payla\u015f\u0131lan dosyalarda telif hakk\u0131 oldu\u011funu d\u00fc\u015f\u00fcn\u00fcyorsan\u0131z l\u00fctfen bize ula\u015f\u0131n. muhsindemir58@gmail.com<\/strong><\/p>\n\n\n\n<h2 class=\"wp-block-heading has-black-color has-text-color has-link-color wp-elements-1\">2026- 2027 E\u011fitim \u00d6\u011fretim Y\u0131l\u0131 Y\u0131ll\u0131k Planlar<\/h2>\n\n\n\n<p class=\"has-pale-cyan-blue-background-color has-background has-small-font-size wp-block-paragraph\"><strong><a href=\"https:\/\/docs.google.com\/document\/d\/1V70EM9ttqLlqkaiop5tbNZxyECb8aB3e\/edit?usp=sharing&amp;ouid=116693981842949329357&amp;rtpof=true&amp;sd=true\">2026-2027 E\u011e\u0130T\u0130M \u00d6\u011eRET\u0130M YILI 10. SINIF TAR\u0130H DERS\u0130 YILLIK PLAN \u0130ND\u0130R (MEB D\u00dcZENLENM\u0130\u015e HAL\u0130)-Farkl\u0131la\u015ft\u0131rma b\u00f6l\u00fcm\u00fc eklendi<\/a><\/strong><\/p>\n\n\n\n<p class=\"has-luminous-vivid-amber-background-color has-background has-small-font-size wp-block-paragraph\"><strong><a href=\"https:\/\/docs.google.com\/document\/d\/1HDu8BXGtV2PlFMRy6JqlwTx9a75oR27X\/edit?usp=sharing&amp;ouid=116693981842949329357&amp;rtpof=true&amp;sd=true\">2026-2027 E\u011e\u0130T\u0130M \u00d6\u011eRET\u0130M YILI 9. SINIF TAR\u0130H DERS\u0130 YILLIK PLAN \u0130ND\u0130R (MEB D\u00dcZENLENM\u0130\u015e HAL\u0130)-Farkl\u0131la\u015ft\u0131rma b\u00f6l\u00fcm\u00fc eklendi<\/a><\/strong><\/p>\n\n\n\n<h6 class=\"wp-block-heading has-light-green-cyan-background-color has-background has-small-font-size\"><strong><a href=\"https:\/\/docs.google.com\/document\/d\/1Qsu4SsHfflmTlF8mC8hlZogtxGbeZ7MC\/edit?usp=sharing&amp;ouid=116693981842949329357&amp;rtpof=true&amp;sd=true\">DYK TYT-AYT Tarih y\u0131ll\u0131 kurs plan\u0131 indir<\/a><\/strong><\/h6>\n\n\n\n<p class=\"has-medium-font-size wp-block-paragraph\"><strong><a href=\"https:\/\/tymm.meb.gov.tr\/taslak-cerceve-planlari\">2026- 2027 Milli E\u011fitim Bakanl\u0131\u011f\u0131 Taraf\u0131ndan Haz\u0131rlanan b\u00fct\u00fcn derslere ait Taslak Planlar <\/a><\/strong><\/p>\n\n\n\n<p class=\"wp-block-paragraph\"><strong><a href=\"https:\/\/tymm.meb.gov.tr\/assets\/file\/tarih-dersi-taslak-yillik-planlar_20260827_083900_546.zip\">2026-2027 ANADOLU L\u0130SES\u0130, FEN L\u0130SES\u0130 VE SOSYAL B\u0130L\u0130MLER L\u0130SES\u0130  9,10,11, 12. SINIF TASLAK YILLIK PLAN<\/a><\/strong><\/p>\n\n\n\n<p class=\"wp-block-paragraph\"><strong><a href=\"https:\/\/tymm.meb.gov.tr\/assets\/file\/tarih-dersi-taslak-yillik-planlar_20260827_083900_546.zip\">2026-2027 E\u011e\u0130T\u0130M \u00d6\u011eRET\u0130M YILI 9. SINIF TAR\u0130H DERS\u0130 \u00c7ER\u00c7EVE YILLIK PLAN \u0130ND\u0130R<\/a><\/strong><\/p>\n\n\n\n<p class=\"wp-block-paragraph\"><strong><a href=\"https:\/\/tymm.meb.gov.tr\/assets\/file\/tarih-dersi-taslak-yillik-planlar_20260827_083900_546.zip\">2026-2027 E\u011e\u0130T\u0130M \u00d6\u011eRET\u0130M YILI 10. SINIF TAR\u0130H DERS\u0130 \u00c7ER\u00c7EVE YILLIK PLAN \u0130ND\u0130R<\/a><\/strong><\/p>\n\n\n\n<p class=\"wp-block-paragraph\"><strong><a href=\"https:\/\/tymm.meb.gov.tr\/assets\/file\/tarih-dersi-taslak-yillik-planlar_20260827_083900_546.zip\">2026-2027 E\u011e\u0130T\u0130M \u00d6\u011eRET\u0130M YILI 11. SINIF TAR\u0130H DERS\u0130 \u00c7ER\u00c7EVE YILLIK PLAN \u0130ND\u0130R<\/a><\/strong><\/p>\n\n\n\n<p class=\"wp-block-paragraph\"><a href=\"https:\/\/tymm.meb.gov.tr\/assets\/file\/tarih-dersi-taslak-yillik-planlar_20260827_083900_546.zip\"><strong>2026-2027 E\u011e\u0130T\u0130M \u00d6\u011eRET\u0130M YILI 12. SINIF T.C. \u0130NKILAP TAR\u0130H\u0130 VE ATAT\u00dcRK\u00c7\u00dcL\u00dcK DERS\u0130 \u00c7ER\u00c7EVE YILLIK PLAN<\/strong> <strong>\u0130ND\u0130R<\/strong><\/a><\/p>\n\n\n\n<div class=\"wp-block-file has-very-light-gray-to-cyan-bluish-gray-gradient-background has-background\"><a id=\"wp-block-file--media-e16c9b09-397d-4ae5-bed3-f87e2d12c228\" href=\"https:\/\/tarihkursu.com\/wp-content\/uploads\/2025\/09\/2026-2027_12_Sinif_DYK_TYT_Tarih_Yillik_Plani.docx\"><strong>2026-2027_12_Sinif_DYK_TYT-AYT_Tarih_Yillik_Plani<\/strong><\/a><a href=\"https:\/\/tarihkursu.com\/wp-content\/uploads\/2025\/09\/2026-2027_12_Sinif_DYK_TYT_Tarih_Yillik_Plani.docx\" class=\"wp-block-file__button wp-element-button\" download aria-describedby=\"wp-block-file--media-e16c9b09-397d-4ae5-bed3-f87e2d12c228\">\u0130ndir<\/a><\/div>\n\n\n\n<p class=\"wp-block-paragraph\"><\/p>\n\n\n\n<p class=\"wp-block-paragraph\"><\/p>\n\n\n\n<p class=\"wp-block-paragraph\"><\/p>\n\n\n\n<h2 class=\"wp-block-heading\">Milli E\u011fitim Bakanl\u0131\u011f\u0131 Taraf\u0131ndan Haz\u0131rlanan Tarih Dersi \u00c7er\u00e7eve Planlar 2025- 2026<\/h2>\n\n\n\n<div class=\"wp-block-file\"><a id=\"wp-block-file--media-2b27a449-6c70-41db-8e7c-6a6b39d97400\" href=\"https:\/\/tarihkursu.com\/wp-content\/uploads\/2025\/09\/FEN-LISELERI-TARIH-91011.-SINIF-VE-T.C.-INKILAP-TARIHI-VE-ATATURKCULUK-12.-SINIF-TASLAK-YILLIK-PLAN.xlsx\"><br><strong>FEN LI\u0307SELERI\u0307 TARI\u0307H 9,10,11. SINIF VE T.C. I\u0307NKILAP TARI\u0307HI\u0307 VE ATATU\u0308RKC\u0327U\u0308LU\u0308K 12. SINIF TASLAK YILLIK PLAN<\/strong><\/a><a href=\"https:\/\/tarihkursu.com\/wp-content\/uploads\/2025\/09\/FEN-LISELERI-TARIH-91011.-SINIF-VE-T.C.-INKILAP-TARIHI-VE-ATATURKCULUK-12.-SINIF-TASLAK-YILLIK-PLAN.xlsx\" class=\"wp-block-file__button wp-element-button\" download aria-describedby=\"wp-block-file--media-2b27a449-6c70-41db-8e7c-6a6b39d97400\">\u0130ndir<\/a><\/div>\n\n\n\n<p class=\"wp-block-paragraph\"><\/p>\n\n\n\n<div class=\"wp-block-file\"><a id=\"wp-block-file--media-51b8498b-6cb5-47be-91e3-f0a1bf14d75b\" href=\"https:\/\/tarihkursu.com\/wp-content\/uploads\/2025\/09\/ANADOLU-LISESI-TARIH-91011.-SINIF-VE-T.C.-INKILAP-TARIHI-VE-ATATURKCULUK-12.-SINIF-TASLAK-YILLIK-PLAN.xlsx\"><strong>ANADOLU LI\u0307SESI\u0307 TARI\u0307H 9,10,11. SINIF VE T.C. I\u0307NKILAP TARI\u0307HI\u0307 VE ATATU\u0308RKC\u0327U\u0308LU\u0308K 12. SINIF TASLAK YILLIK PLAN<\/strong><\/a><a href=\"https:\/\/tarihkursu.com\/wp-content\/uploads\/2025\/09\/ANADOLU-LISESI-TARIH-91011.-SINIF-VE-T.C.-INKILAP-TARIHI-VE-ATATURKCULUK-12.-SINIF-TASLAK-YILLIK-PLAN.xlsx\" class=\"wp-block-file__button wp-element-button\" download aria-describedby=\"wp-block-file--media-51b8498b-6cb5-47be-91e3-f0a1bf14d75b\">\u0130ndir<\/a><\/div>\n\n\n\n<p class=\"wp-block-paragraph\"><\/p>\n\n\n\n<div class=\"wp-block-file\"><a id=\"wp-block-file--media-eca2ed11-428b-49c9-b390-8ae0fe44bd53\" href=\"https:\/\/tarihkursu.com\/wp-content\/uploads\/2025\/09\/SOSYAL-BILIMLER-LISESI-TARIH-91011.-SINIF-VE-T.C.-INKILAP-TARIHI-VE-ATATURKCULUK-12.-SINIF-TASLAK-YILLIK-PLAN.xlsx\"><strong>SOSYAL BI\u0307LI\u0307MLER LI\u0307SESI\u0307 TARI\u0307H 9,10,11. SINIF VE T.C. I\u0307NKILAP TARI\u0307HI\u0307 VE ATATU\u0308RKC\u0327U\u0308LU\u0308K 12. SINIF TASLAK YILLIK PLAN<\/strong><\/a><a href=\"https:\/\/tarihkursu.com\/wp-content\/uploads\/2025\/09\/SOSYAL-BILIMLER-LISESI-TARIH-91011.-SINIF-VE-T.C.-INKILAP-TARIHI-VE-ATATURKCULUK-12.-SINIF-TASLAK-YILLIK-PLAN.xlsx\" class=\"wp-block-file__button wp-element-button\" download aria-describedby=\"wp-block-file--media-eca2ed11-428b-49c9-b390-8ae0fe44bd53\">\u0130ndir<\/a><\/div>\n\n\n\n<p class=\"wp-block-paragraph\"><\/p>\n\n\n\n<h2 class=\"wp-block-heading\">Di\u011fer Tarih Grubu Dersleri Planlar\u0131 2025- 2026<\/h2>\n\n\n\n<p class=\"wp-block-paragraph\"><\/p>\n\n\n\n<div class=\"wp-block-file\"><a id=\"wp-block-file--media-855097c3-f42e-4da1-b206-77d7ad0213cc\" href=\"https:\/\/tarihkursu.com\/wp-content\/uploads\/2025\/09\/MESEM-TARIH-9-YILLIK-PLAN-MAARIF-MODELI.docx\"><strong>MESEM TAR\u0130H 9 YILLIK PLAN MAAR\u0130F MODEL\u0130<\/strong><\/a><a href=\"https:\/\/tarihkursu.com\/wp-content\/uploads\/2025\/09\/MESEM-TARIH-9-YILLIK-PLAN-MAARIF-MODELI.docx\" class=\"wp-block-file__button wp-element-button\" download aria-describedby=\"wp-block-file--media-855097c3-f42e-4da1-b206-77d7ad0213cc\">\u0130ndir<\/a><\/div>\n\n\n\n<p class=\"wp-block-paragraph\"><\/p>\n\n\n\n<div class=\"wp-block-file\"><a id=\"wp-block-file--media-d73cdc16-6b0b-4a4e-8fac-98eebec9afe9\" href=\"https:\/\/tarihkursu.com\/wp-content\/uploads\/2025\/09\/10.-sinif-T.C-INKILAP-TARIHI-VE-ATATTURKCULUK-YILLIK-PLANI.docx\"><strong>10. s\u0131n\u0131f  MESEM T.C \u0130NKILAP TAR\u0130H\u0130 VE ATATT\u00dcRK\u00c7\u00dcL\u00dcK YILLIK PLANI<\/strong><\/a><a href=\"https:\/\/tarihkursu.com\/wp-content\/uploads\/2025\/09\/10.-sinif-T.C-INKILAP-TARIHI-VE-ATATTURKCULUK-YILLIK-PLANI.docx\" class=\"wp-block-file__button wp-element-button\" download aria-describedby=\"wp-block-file--media-d73cdc16-6b0b-4a4e-8fac-98eebec9afe9\">\u0130ndir<\/a><\/div>\n\n\n\n<p class=\"wp-block-paragraph\"><\/p>\n\n\n\n<div class=\"wp-block-file\"><a id=\"wp-block-file--media-50c38336-6232-4cfd-8075-fe1d76ee223b\" href=\"https:\/\/tarihkursu.com\/wp-content\/uploads\/2025\/09\/2025-12-DYK-KURS-PLAN.docx\"><strong>2025 12. SINIFLAR \u0130NKILAP TAR\u0130H\u0130 DYK KURS PLAN<\/strong><\/a><a href=\"https:\/\/tarihkursu.com\/wp-content\/uploads\/2025\/09\/2025-12-DYK-KURS-PLAN.docx\" class=\"wp-block-file__button wp-element-button\" download aria-describedby=\"wp-block-file--media-50c38336-6232-4cfd-8075-fe1d76ee223b\">\u0130ndir<\/a><\/div>\n\n\n\n<p class=\"wp-block-paragraph\"><\/p>\n\n\n\n<div class=\"wp-block-file\"><a id=\"wp-block-file--media-af2bf3fb-d89a-48a1-ac74-cf2c315d6c31\" href=\"https:\/\/tarihkursu.com\/wp-content\/uploads\/2025\/09\/12.-SINIF-DYK-TYT.docx\"><strong>12. SINIF DYK KURS PLANI TYT-AYT<\/strong><\/a><a href=\"https:\/\/tarihkursu.com\/wp-content\/uploads\/2025\/09\/12.-SINIF-DYK-TYT.docx\" class=\"wp-block-file__button wp-element-button\" download aria-describedby=\"wp-block-file--media-af2bf3fb-d89a-48a1-ac74-cf2c315d6c31\">\u0130ndir<\/a><\/div>\n\n\n\n<p class=\"wp-block-paragraph\"><\/p>\n\n\n\n<div class=\"wp-block-file\"><a id=\"wp-block-file--media-5cd1b484-a81e-4b5f-a724-8d67c5376a93\" href=\"https:\/\/tarihkursu.com\/wp-content\/uploads\/2025\/09\/2025-12-DYK-KURS-PLAN-1.docx\"><strong>2025 12 DYK KURS PLAN<\/strong><\/a><a href=\"https:\/\/tarihkursu.com\/wp-content\/uploads\/2025\/09\/2025-12-DYK-KURS-PLAN-1.docx\" class=\"wp-block-file__button wp-element-button\" download aria-describedby=\"wp-block-file--media-5cd1b484-a81e-4b5f-a724-8d67c5376a93\">\u0130ndir<\/a><\/div>\n\n\n\n<p class=\"wp-block-paragraph\"><\/p>\n\n\n\n<div class=\"wp-block-file\"><a id=\"wp-block-file--media-b975503b-c4eb-466f-8c0d-4b994a03ca04\" href=\"https:\/\/tarihkursu.com\/wp-content\/uploads\/2025\/09\/12.Sinif_Secmeli_Tarih_Dersi_4_Saatlik_Unitelendirilmis_Yillik_Ders_Plani_2021_2022.docx\"><strong>Secmeli_Tarih_Dersi_4_Saatlik_Unitelendirilmis_Yillik_Ders_Plani<\/strong><\/a><a href=\"https:\/\/tarihkursu.com\/wp-content\/uploads\/2025\/09\/12.Sinif_Secmeli_Tarih_Dersi_4_Saatlik_Unitelendirilmis_Yillik_Ders_Plani_2021_2022.docx\" class=\"wp-block-file__button wp-element-button\" download aria-describedby=\"wp-block-file--media-b975503b-c4eb-466f-8c0d-4b994a03ca04\">\u0130ndir<\/a><\/div>\n\n\n\n<p class=\"wp-block-paragraph\"><\/p>\n\n\n\n<div class=\"wp-block-file\"><a id=\"wp-block-file--media-33d98d7f-cbdf-4993-a7fe-27682ae42024\" href=\"https:\/\/tarihkursu.com\/wp-content\/uploads\/2025\/09\/10-12-Tarih-ADP.docx\"><strong>AKADEM\u0130K DESTEK PROGRAMI (TAR\u0130H-1) YILLIK PLAN 2025- 2026<\/strong><\/a><a href=\"https:\/\/tarihkursu.com\/wp-content\/uploads\/2025\/09\/10-12-Tarih-ADP.docx\" class=\"wp-block-file__button wp-element-button\" download aria-describedby=\"wp-block-file--media-33d98d7f-cbdf-4993-a7fe-27682ae42024\">\u0130ndir<\/a><\/div>\n\n\n\n<p class=\"wp-block-paragraph\"><\/p>\n\n\n\n<div class=\"wp-block-file\"><a id=\"wp-block-file--media-83a4549b-c77e-43db-95df-d92d9853a089\" href=\"https:\/\/tarihkursu.com\/wp-content\/uploads\/2025\/09\/10-sinif-turk-dusunce-tarihi-gu-yillik-plan-ogretmenevrak-1756738324.docx\"><strong>T\u00dcRK D\u00dc\u015e\u00dcNCE TAR\u0130H\u0130 YILLIK PLAN<\/strong><\/a><a href=\"https:\/\/tarihkursu.com\/wp-content\/uploads\/2025\/09\/10-sinif-turk-dusunce-tarihi-gu-yillik-plan-ogretmenevrak-1756738324.docx\" class=\"wp-block-file__button wp-element-button\" download aria-describedby=\"wp-block-file--media-83a4549b-c77e-43db-95df-d92d9853a089\">\u0130ndir<\/a><\/div>\n\n\n\n<p class=\"wp-block-paragraph\"><\/p>\n\n\n\n<div class=\"wp-block-file\"><a id=\"wp-block-file--media-cb3f9a04-f6b8-4c2d-960d-7dffc336fa52\" href=\"https:\/\/tarihkursu.com\/wp-content\/uploads\/2025\/09\/lise-adabimuaseret-yillik-plan.docx\"><strong>ADABIMUA\u015eERET DERS\u0130 YILLIK PLAN<\/strong><\/a><a href=\"https:\/\/tarihkursu.com\/wp-content\/uploads\/2025\/09\/lise-adabimuaseret-yillik-plan.docx\" class=\"wp-block-file__button wp-element-button\" download aria-describedby=\"wp-block-file--media-cb3f9a04-f6b8-4c2d-960d-7dffc336fa52\">\u0130ndir<\/a><\/div>\n\n\n\n<p class=\"wp-block-paragraph\"><\/p>\n\n\n\n<p class=\"wp-block-paragraph\"><\/p>\n","protected":false},"excerpt":{"rendered":"<div class=\"mh-excerpt\"><p>Mill\u00ee E\u011fitim Bakanl\u0131\u011f\u0131\u2019n\u0131n yeni y\u00f6nergesine uygun olarak haz\u0131rlanan 2026-2027 e\u011fitim \u00f6\u011fretim y\u0131l\u0131 tarih dersi y\u0131ll\u0131k planlar\u0131 sitemizde sizlerle! Orta\u00f6\u011fretim kademesi i\u00e7in 9. s\u0131n\u0131f Tarih, 10. <a class=\"mh-excerpt-more\" href=\"https:\/\/tarihkursu.com\/index.php\/2026\/08\/28\/2025-2026-egitim-ogretim-yili-tarih-dersi-yillik-planlari-indir\/\" title=\"2026- 2027 E\u011fitim \u00d6\u011fretim Y\u0131l\u0131 Tarih Dersi Y\u0131ll\u0131k Planlar\u0131 \u0130ndir\">[&#8230;]<\/a><\/p>\n<\/div>","protected":false},"author":2,"featured_media":1138,"comment_status":"open","ping_status":"open","sticky":false,"template":"","format":"standard","meta":{"_regular_price":[],"currency_symbol":[],"footnotes":""},"categories":[171],"tags":[274,273,272],"class_list":["post-2721","post","type-post","status-publish","format-standard","has-post-thumbnail","hentry","category-yillik-planlar","tag-tarih-dersi-cerceve-plan","tag-tarih-dersi-yillik-plan","tag-yillik-plan"],"post_slider_layout_featured_media_urls":{"thumbnail":["https:\/\/tarihkursu.com\/wp-content\/uploads\/2024\/08\/YILLIK-20PLAN-150x150.jpeg",150,150,true],"post_slider_layout_landscape_large":["https:\/\/tarihkursu.com\/wp-content\/uploads\/2024\/08\/YILLIK-20PLAN.jpeg",640,360,false],"post_slider_layout_portrait_large":["https:\/\/tarihkursu.com\/wp-content\/uploads\/2024\/08\/YILLIK-20PLAN.jpeg",640,360,false],"post_slider_layout_square_large":["https:\/\/tarihkursu.com\/wp-content\/uploads\/2024\/08\/YILLIK-20PLAN.jpeg",640,360,false],"post_slider_layout_landscape":["https:\/\/tarihkursu.com\/wp-content\/uploads\/2024\/08\/YILLIK-20PLAN-600x360.jpeg",600,360,true],"post_slider_layout_portrait":["https:\/\/tarihkursu.com\/wp-content\/uploads\/2024\/08\/YILLIK-20PLAN-600x360.jpeg",600,360,true],"post_slider_layout_square":["https:\/\/tarihkursu.com\/wp-content\/uploads\/2024\/08\/YILLIK-20PLAN-600x360.jpeg",600,360,true],"full":["https:\/\/tarihkursu.com\/wp-content\/uploads\/2024\/08\/YILLIK-20PLAN.jpeg",640,360,false]},"yoast_head":"<!-- This site is optimized with the Yoast SEO plugin v28.3 - https:\/\/yoast.com\/product\/yoast-seo-wordpress\/ -->\n<title>2026- 2027 E\u011fitim \u00d6\u011fretim Y\u0131l\u0131 Tarih Dersi Y\u0131ll\u0131k Planlar\u0131 \u0130ndir - tarihkursu.com<\/title>\n<meta name=\"description\" content=\"Mill\u00ee E\u011fitim Bakanl\u0131\u011f\u0131\u2019n\u0131n yeni y\u00f6nergesine uygun olarak haz\u0131rlanan 2025-2026 e\u011fitim \u00f6\u011fretim y\u0131l\u0131 tarih dersi y\u0131ll\u0131k planlar\u0131 sitemizde.\" \/>\n<meta name=\"robots\" content=\"index, follow, max-snippet:-1, max-image-preview:large, max-video-preview:-1\" \/>\n<link rel=\"canonical\" href=\"https:\/\/tarihkursu.com\/index.php\/2026\/08\/28\/2025-2026-egitim-ogretim-yili-tarih-dersi-yillik-planlari-indir\/\" \/>\n<meta property=\"og:locale\" content=\"tr_TR\" \/>\n<meta property=\"og:type\" content=\"article\" \/>\n<meta property=\"og:title\" content=\"2026- 2027 E\u011fitim \u00d6\u011fretim Y\u0131l\u0131 Tarih Dersi Y\u0131ll\u0131k Planlar\u0131 \u0130ndir - tarihkursu.com\" \/>\n<meta property=\"og:description\" content=\"Mill\u00ee E\u011fitim Bakanl\u0131\u011f\u0131\u2019n\u0131n yeni y\u00f6nergesine uygun olarak haz\u0131rlanan 2025-2026 e\u011fitim \u00f6\u011fretim y\u0131l\u0131 tarih dersi y\u0131ll\u0131k planlar\u0131 sitemizde.\" \/>\n<meta property=\"og:url\" content=\"https:\/\/tarihkursu.com\/index.php\/2026\/08\/28\/2025-2026-egitim-ogretim-yili-tarih-dersi-yillik-planlari-indir\/\" \/>\n<meta property=\"og:site_name\" content=\"tarihkursu.com\" \/>\n<meta property=\"article:published_time\" content=\"2026-08-28T20:56:41+00:00\" \/>\n<meta property=\"article:modified_time\" content=\"2026-08-30T10:16:13+00:00\" \/>\n<meta property=\"og:image\" content=\"https:\/\/tarihkursu.com\/wp-content\/uploads\/2024\/08\/YILLIK-20PLAN.jpeg\" \/>\n\t<meta property=\"og:image:width\" content=\"640\" \/>\n\t<meta property=\"og:image:height\" content=\"360\" \/>\n\t<meta property=\"og:image:type\" content=\"image\/jpeg\" \/>\n<meta name=\"author\" content=\"tarihkursu\" \/>\n<meta name=\"twitter:card\" content=\"summary_large_image\" \/>\n<meta name=\"twitter:label1\" content=\"Yazan:\" \/>\n\t<meta name=\"twitter:data1\" content=\"tarihkursu\" \/>\n\t<meta name=\"twitter:label2\" content=\"Tahmini okuma s\u00fcresi\" \/>\n\t<meta name=\"twitter:data2\" content=\"3 dakika\" \/>\n<script type=\"application\/ld+json\" class=\"yoast-schema-graph\">{\"@context\":\"https:\\\/\\\/schema.org\",\"@graph\":[{\"@type\":\"Article\",\"@id\":\"https:\\\/\\\/tarihkursu.com\\\/index.php\\\/2026\\\/08\\\/28\\\/2025-2026-egitim-ogretim-yili-tarih-dersi-yillik-planlari-indir\\\/#article\",\"isPartOf\":{\"@id\":\"https:\\\/\\\/tarihkursu.com\\\/index.php\\\/2026\\\/08\\\/28\\\/2025-2026-egitim-ogretim-yili-tarih-dersi-yillik-planlari-indir\\\/\"},\"author\":{\"name\":\"tarihkursu\",\"@id\":\"https:\\\/\\\/tarihkursu.com\\\/#\\\/schema\\\/person\\\/d0f9105e31352dbe9f08d098ffb8c878\"},\"headline\":\"2026- 2027 E\u011fitim \u00d6\u011fretim Y\u0131l\u0131 Tarih Dersi Y\u0131ll\u0131k Planlar\u0131 \u0130ndir\",\"datePublished\":\"2026-08-28T20:56:41+00:00\",\"dateModified\":\"2026-08-30T10:16:13+00:00\",\"mainEntityOfPage\":{\"@id\":\"https:\\\/\\\/tarihkursu.com\\\/index.php\\\/2026\\\/08\\\/28\\\/2025-2026-egitim-ogretim-yili-tarih-dersi-yillik-planlari-indir\\\/\"},\"wordCount\":584,\"commentCount\":2,\"publisher\":{\"@id\":\"https:\\\/\\\/tarihkursu.com\\\/#\\\/schema\\\/person\\\/4d7bdc3b79e9f5198455474c0f203f3c\"},\"image\":{\"@id\":\"https:\\\/\\\/tarihkursu.com\\\/index.php\\\/2026\\\/08\\\/28\\\/2025-2026-egitim-ogretim-yili-tarih-dersi-yillik-planlari-indir\\\/#primaryimage\"},\"thumbnailUrl\":\"https:\\\/\\\/tarihkursu.com\\\/wp-content\\\/uploads\\\/2024\\\/08\\\/YILLIK-20PLAN.jpeg\",\"keywords\":[\"tarih dersi \u00e7er\u00e7eve plan\",\"tarih dersi y\u0131ll\u0131k plan\",\"y\u0131ll\u0131k plan\"],\"articleSection\":[\"Y\u0131ll\u0131k Planlar\"],\"inLanguage\":\"tr\",\"potentialAction\":[{\"@type\":\"CommentAction\",\"name\":\"Comment\",\"target\":[\"https:\\\/\\\/tarihkursu.com\\\/index.php\\\/2026\\\/08\\\/28\\\/2025-2026-egitim-ogretim-yili-tarih-dersi-yillik-planlari-indir\\\/#respond\"]}]},{\"@type\":\"WebPage\",\"@id\":\"https:\\\/\\\/tarihkursu.com\\\/index.php\\\/2026\\\/08\\\/28\\\/2025-2026-egitim-ogretim-yili-tarih-dersi-yillik-planlari-indir\\\/\",\"url\":\"https:\\\/\\\/tarihkursu.com\\\/index.php\\\/2026\\\/08\\\/28\\\/2025-2026-egitim-ogretim-yili-tarih-dersi-yillik-planlari-indir\\\/\",\"name\":\"2026- 2027 E\u011fitim \u00d6\u011fretim Y\u0131l\u0131 Tarih Dersi Y\u0131ll\u0131k Planlar\u0131 \u0130ndir - tarihkursu.com\",\"isPartOf\":{\"@id\":\"https:\\\/\\\/tarihkursu.com\\\/#website\"},\"primaryImageOfPage\":{\"@id\":\"https:\\\/\\\/tarihkursu.com\\\/index.php\\\/2026\\\/08\\\/28\\\/2025-2026-egitim-ogretim-yili-tarih-dersi-yillik-planlari-indir\\\/#primaryimage\"},\"image\":{\"@id\":\"https:\\\/\\\/tarihkursu.com\\\/index.php\\\/2026\\\/08\\\/28\\\/2025-2026-egitim-ogretim-yili-tarih-dersi-yillik-planlari-indir\\\/#primaryimage\"},\"thumbnailUrl\":\"https:\\\/\\\/tarihkursu.com\\\/wp-content\\\/uploads\\\/2024\\\/08\\\/YILLIK-20PLAN.jpeg\",\"datePublished\":\"2026-08-28T20:56:41+00:00\",\"dateModified\":\"2026-08-30T10:16:13+00:00\",\"description\":\"Mill\u00ee E\u011fitim Bakanl\u0131\u011f\u0131\u2019n\u0131n yeni y\u00f6nergesine uygun olarak haz\u0131rlanan 2025-2026 e\u011fitim \u00f6\u011fretim y\u0131l\u0131 tarih dersi y\u0131ll\u0131k planlar\u0131 sitemizde.\",\"breadcrumb\":{\"@id\":\"https:\\\/\\\/tarihkursu.com\\\/index.php\\\/2026\\\/08\\\/28\\\/2025-2026-egitim-ogretim-yili-tarih-dersi-yillik-planlari-indir\\\/#breadcrumb\"},\"inLanguage\":\"tr\",\"potentialAction\":[{\"@type\":\"ReadAction\",\"target\":[\"https:\\\/\\\/tarihkursu.com\\\/index.php\\\/2026\\\/08\\\/28\\\/2025-2026-egitim-ogretim-yili-tarih-dersi-yillik-planlari-indir\\\/\"]}]},{\"@type\":\"ImageObject\",\"inLanguage\":\"tr\",\"@id\":\"https:\\\/\\\/tarihkursu.com\\\/index.php\\\/2026\\\/08\\\/28\\\/2025-2026-egitim-ogretim-yili-tarih-dersi-yillik-planlari-indir\\\/#primaryimage\",\"url\":\"https:\\\/\\\/tarihkursu.com\\\/wp-content\\\/uploads\\\/2024\\\/08\\\/YILLIK-20PLAN.jpeg\",\"contentUrl\":\"https:\\\/\\\/tarihkursu.com\\\/wp-content\\\/uploads\\\/2024\\\/08\\\/YILLIK-20PLAN.jpeg\",\"width\":640,\"height\":360},{\"@type\":\"BreadcrumbList\",\"@id\":\"https:\\\/\\\/tarihkursu.com\\\/index.php\\\/2026\\\/08\\\/28\\\/2025-2026-egitim-ogretim-yili-tarih-dersi-yillik-planlari-indir\\\/#breadcrumb\",\"itemListElement\":[{\"@type\":\"ListItem\",\"position\":1,\"name\":\"Anasayfa\",\"item\":\"https:\\\/\\\/tarihkursu.com\\\/\"},{\"@type\":\"ListItem\",\"position\":2,\"name\":\"2026- 2027 E\u011fitim \u00d6\u011fretim Y\u0131l\u0131 Tarih Dersi Y\u0131ll\u0131k Planlar\u0131 \u0130ndir\"}]},{\"@type\":\"WebSite\",\"@id\":\"https:\\\/\\\/tarihkursu.com\\\/#website\",\"url\":\"https:\\\/\\\/tarihkursu.com\\\/\",\"name\":\"Tarih Kursu\",\"description\":\"\u0130\u015fimiz G\u00fcc\u00fcm\u00fcz Tarih\",\"publisher\":{\"@id\":\"https:\\\/\\\/tarihkursu.com\\\/#\\\/schema\\\/person\\\/4d7bdc3b79e9f5198455474c0f203f3c\"},\"potentialAction\":[{\"@type\":\"SearchAction\",\"target\":{\"@type\":\"EntryPoint\",\"urlTemplate\":\"https:\\\/\\\/tarihkursu.com\\\/?s={search_term_string}\"},\"query-input\":{\"@type\":\"PropertyValueSpecification\",\"valueRequired\":true,\"valueName\":\"search_term_string\"}}],\"inLanguage\":\"tr\"},{\"@type\":[\"Person\",\"Organization\"],\"@id\":\"https:\\\/\\\/tarihkursu.com\\\/#\\\/schema\\\/person\\\/4d7bdc3b79e9f5198455474c0f203f3c\",\"name\":\"admin\",\"image\":{\"@type\":\"ImageObject\",\"inLanguage\":\"tr\",\"@id\":\"https:\\\/\\\/tarihkursu.com\\\/wp-content\\\/uploads\\\/2024\\\/10\\\/TARIHKURSU-Kopyasi.png\",\"url\":\"https:\\\/\\\/tarihkursu.com\\\/wp-content\\\/uploads\\\/2024\\\/10\\\/TARIHKURSU-Kopyasi.png\",\"contentUrl\":\"https:\\\/\\\/tarihkursu.com\\\/wp-content\\\/uploads\\\/2024\\\/10\\\/TARIHKURSU-Kopyasi.png\",\"width\":1080,\"height\":1080,\"caption\":\"admin\"},\"logo\":{\"@id\":\"https:\\\/\\\/tarihkursu.com\\\/wp-content\\\/uploads\\\/2024\\\/10\\\/TARIHKURSU-Kopyasi.png\"},\"sameAs\":[\"https:\\\/\\\/tarihkursu.com\"]},{\"@type\":\"Person\",\"@id\":\"https:\\\/\\\/tarihkursu.com\\\/#\\\/schema\\\/person\\\/d0f9105e31352dbe9f08d098ffb8c878\",\"name\":\"tarihkursu\",\"image\":{\"@type\":\"ImageObject\",\"inLanguage\":\"tr\",\"@id\":\"https:\\\/\\\/secure.gravatar.com\\\/avatar\\\/1354763acbc865faa7650c3e1e4431f187276d71f132349411302a546cdeae54?s=96&d=mm&r=g\",\"url\":\"https:\\\/\\\/secure.gravatar.com\\\/avatar\\\/1354763acbc865faa7650c3e1e4431f187276d71f132349411302a546cdeae54?s=96&d=mm&r=g\",\"contentUrl\":\"https:\\\/\\\/secure.gravatar.com\\\/avatar\\\/1354763acbc865faa7650c3e1e4431f187276d71f132349411302a546cdeae54?s=96&d=mm&r=g\",\"caption\":\"tarihkursu\"},\"url\":\"https:\\\/\\\/tarihkursu.com\\\/index.php\\\/author\\\/tarihkursu\\\/\"}]}<\/script>\n<!-- \/ Yoast SEO plugin. -->","yoast_head_json":{"title":"2026- 2027 E\u011fitim \u00d6\u011fretim Y\u0131l\u0131 Tarih Dersi Y\u0131ll\u0131k Planlar\u0131 \u0130ndir - tarihkursu.com","description":"Mill\u00ee E\u011fitim Bakanl\u0131\u011f\u0131\u2019n\u0131n yeni y\u00f6nergesine uygun olarak haz\u0131rlanan 2025-2026 e\u011fitim \u00f6\u011fretim y\u0131l\u0131 tarih dersi y\u0131ll\u0131k planlar\u0131 sitemizde.","robots":{"index":"index","follow":"follow","max-snippet":"max-snippet:-1","max-image-preview":"max-image-preview:large","max-video-preview":"max-video-preview:-1"},"canonical":"https:\/\/tarihkursu.com\/index.php\/2026\/08\/28\/2025-2026-egitim-ogretim-yili-tarih-dersi-yillik-planlari-indir\/","og_locale":"tr_TR","og_type":"article","og_title":"2026- 2027 E\u011fitim \u00d6\u011fretim Y\u0131l\u0131 Tarih Dersi Y\u0131ll\u0131k Planlar\u0131 \u0130ndir - tarihkursu.com","og_description":"Mill\u00ee E\u011fitim Bakanl\u0131\u011f\u0131\u2019n\u0131n yeni y\u00f6nergesine uygun olarak haz\u0131rlanan 2025-2026 e\u011fitim \u00f6\u011fretim y\u0131l\u0131 tarih dersi y\u0131ll\u0131k planlar\u0131 sitemizde.","og_url":"https:\/\/tarihkursu.com\/index.php\/2026\/08\/28\/2025-2026-egitim-ogretim-yili-tarih-dersi-yillik-planlari-indir\/","og_site_name":"tarihkursu.com","article_published_time":"2026-08-28T20:56:41+00:00","article_modified_time":"2026-08-30T10:16:13+00:00","og_image":[{"width":640,"height":360,"url":"https:\/\/tarihkursu.com\/wp-content\/uploads\/2024\/08\/YILLIK-20PLAN.jpeg","type":"image\/jpeg"}],"author":"tarihkursu","twitter_card":"summary_large_image","twitter_misc":{"Yazan:":"tarihkursu","Tahmini okuma s\u00fcresi":"3 dakika"},"schema":{"@context":"https:\/\/schema.org","@graph":[{"@type":"Article","@id":"https:\/\/tarihkursu.com\/index.php\/2026\/08\/28\/2025-2026-egitim-ogretim-yili-tarih-dersi-yillik-planlari-indir\/#article","isPartOf":{"@id":"https:\/\/tarihkursu.com\/index.php\/2026\/08\/28\/2025-2026-egitim-ogretim-yili-tarih-dersi-yillik-planlari-indir\/"},"author":{"name":"tarihkursu","@id":"https:\/\/tarihkursu.com\/#\/schema\/person\/d0f9105e31352dbe9f08d098ffb8c878"},"headline":"2026- 2027 E\u011fitim \u00d6\u011fretim Y\u0131l\u0131 Tarih Dersi Y\u0131ll\u0131k Planlar\u0131 \u0130ndir","datePublished":"2026-08-28T20:56:41+00:00","dateModified":"2026-08-30T10:16:13+00:00","mainEntityOfPage":{"@id":"https:\/\/tarihkursu.com\/index.php\/2026\/08\/28\/2025-2026-egitim-ogretim-yili-tarih-dersi-yillik-planlari-indir\/"},"wordCount":584,"commentCount":2,"publisher":{"@id":"https:\/\/tarihkursu.com\/#\/schema\/person\/4d7bdc3b79e9f5198455474c0f203f3c"},"image":{"@id":"https:\/\/tarihkursu.com\/index.php\/2026\/08\/28\/2025-2026-egitim-ogretim-yili-tarih-dersi-yillik-planlari-indir\/#primaryimage"},"thumbnailUrl":"https:\/\/tarihkursu.com\/wp-content\/uploads\/2024\/08\/YILLIK-20PLAN.jpeg","keywords":["tarih dersi \u00e7er\u00e7eve plan","tarih dersi y\u0131ll\u0131k plan","y\u0131ll\u0131k plan"],"articleSection":["Y\u0131ll\u0131k Planlar"],"inLanguage":"tr","potentialAction":[{"@type":"CommentAction","name":"Comment","target":["https:\/\/tarihkursu.com\/index.php\/2026\/08\/28\/2025-2026-egitim-ogretim-yili-tarih-dersi-yillik-planlari-indir\/#respond"]}]},{"@type":"WebPage","@id":"https:\/\/tarihkursu.com\/index.php\/2026\/08\/28\/2025-2026-egitim-ogretim-yili-tarih-dersi-yillik-planlari-indir\/","url":"https:\/\/tarihkursu.com\/index.php\/2026\/08\/28\/2025-2026-egitim-ogretim-yili-tarih-dersi-yillik-planlari-indir\/","name":"2026- 2027 E\u011fitim \u00d6\u011fretim Y\u0131l\u0131 Tarih Dersi Y\u0131ll\u0131k Planlar\u0131 \u0130ndir - tarihkursu.com","isPartOf":{"@id":"https:\/\/tarihkursu.com\/#website"},"primaryImageOfPage":{"@id":"https:\/\/tarihkursu.com\/index.php\/2026\/08\/28\/2025-2026-egitim-ogretim-yili-tarih-dersi-yillik-planlari-indir\/#primaryimage"},"image":{"@id":"https:\/\/tarihkursu.com\/index.php\/2026\/08\/28\/2025-2026-egitim-ogretim-yili-tarih-dersi-yillik-planlari-indir\/#primaryimage"},"thumbnailUrl":"https:\/\/tarihkursu.com\/wp-content\/uploads\/2024\/08\/YILLIK-20PLAN.jpeg","datePublished":"2026-08-28T20:56:41+00:00","dateModified":"2026-08-30T10:16:13+00:00","description":"Mill\u00ee E\u011fitim Bakanl\u0131\u011f\u0131\u2019n\u0131n yeni y\u00f6nergesine uygun olarak haz\u0131rlanan 2025-2026 e\u011fitim \u00f6\u011fretim y\u0131l\u0131 tarih dersi y\u0131ll\u0131k planlar\u0131 sitemizde.","breadcrumb":{"@id":"https:\/\/tarihkursu.com\/index.php\/2026\/08\/28\/2025-2026-egitim-ogretim-yili-tarih-dersi-yillik-planlari-indir\/#breadcrumb"},"inLanguage":"tr","potentialAction":[{"@type":"ReadAction","target":["https:\/\/tarihkursu.com\/index.php\/2026\/08\/28\/2025-2026-egitim-ogretim-yili-tarih-dersi-yillik-planlari-indir\/"]}]},{"@type":"ImageObject","inLanguage":"tr","@id":"https:\/\/tarihkursu.com\/index.php\/2026\/08\/28\/2025-2026-egitim-ogretim-yili-tarih-dersi-yillik-planlari-indir\/#primaryimage","url":"https:\/\/tarihkursu.com\/wp-content\/uploads\/2024\/08\/YILLIK-20PLAN.jpeg","contentUrl":"https:\/\/tarihkursu.com\/wp-content\/uploads\/2024\/08\/YILLIK-20PLAN.jpeg","width":640,"height":360},{"@type":"BreadcrumbList","@id":"https:\/\/tarihkursu.com\/index.php\/2026\/08\/28\/2025-2026-egitim-ogretim-yili-tarih-dersi-yillik-planlari-indir\/#breadcrumb","itemListElement":[{"@type":"ListItem","position":1,"name":"Anasayfa","item":"https:\/\/tarihkursu.com\/"},{"@type":"ListItem","position":2,"name":"2026- 2027 E\u011fitim \u00d6\u011fretim Y\u0131l\u0131 Tarih Dersi Y\u0131ll\u0131k Planlar\u0131 \u0130ndir"}]},{"@type":"WebSite","@id":"https:\/\/tarihkursu.com\/#website","url":"https:\/\/tarihkursu.com\/","name":"Tarih Kursu","description":"\u0130\u015fimiz G\u00fcc\u00fcm\u00fcz Tarih","publisher":{"@id":"https:\/\/tarihkursu.com\/#\/schema\/person\/4d7bdc3b79e9f5198455474c0f203f3c"},"potentialAction":[{"@type":"SearchAction","target":{"@type":"EntryPoint","urlTemplate":"https:\/\/tarihkursu.com\/?s={search_term_string}"},"query-input":{"@type":"PropertyValueSpecification","valueRequired":true,"valueName":"search_term_string"}}],"inLanguage":"tr"},{"@type":["Person","Organization"],"@id":"https:\/\/tarihkursu.com\/#\/schema\/person\/4d7bdc3b79e9f5198455474c0f203f3c","name":"admin","image":{"@type":"ImageObject","inLanguage":"tr","@id":"https:\/\/tarihkursu.com\/wp-content\/uploads\/2024\/10\/TARIHKURSU-Kopyasi.png","url":"https:\/\/tarihkursu.com\/wp-content\/uploads\/2024\/10\/TARIHKURSU-Kopyasi.png","contentUrl":"https:\/\/tarihkursu.com\/wp-content\/uploads\/2024\/10\/TARIHKURSU-Kopyasi.png","width":1080,"height":1080,"caption":"admin"},"logo":{"@id":"https:\/\/tarihkursu.com\/wp-content\/uploads\/2024\/10\/TARIHKURSU-Kopyasi.png"},"sameAs":["https:\/\/tarihkursu.com"]},{"@type":"Person","@id":"https:\/\/tarihkursu.com\/#\/schema\/person\/d0f9105e31352dbe9f08d098ffb8c878","name":"tarihkursu","image":{"@type":"ImageObject","inLanguage":"tr","@id":"https:\/\/secure.gravatar.com\/avatar\/1354763acbc865faa7650c3e1e4431f187276d71f132349411302a546cdeae54?s=96&d=mm&r=g","url":"https:\/\/secure.gravatar.com\/avatar\/1354763acbc865faa7650c3e1e4431f187276d71f132349411302a546cdeae54?s=96&d=mm&r=g","contentUrl":"https:\/\/secure.gravatar.com\/avatar\/1354763acbc865faa7650c3e1e4431f187276d71f132349411302a546cdeae54?s=96&d=mm&r=g","caption":"tarihkursu"},"url":"https:\/\/tarihkursu.com\/index.php\/author\/tarihkursu\/"}]}},"_links":{"self":[{"href":"https:\/\/tarihkursu.com\/index.php\/wp-json\/wp\/v2\/posts\/2721","targetHints":{"allow":["GET"]}}],"collection":[{"href":"https:\/\/tarihkursu.com\/index.php\/wp-json\/wp\/v2\/posts"}],"about":[{"href":"https:\/\/tarihkursu.com\/index.php\/wp-json\/wp\/v2\/types\/post"}],"author":[{"embeddable":true,"href":"https:\/\/tarihkursu.com\/index.php\/wp-json\/wp\/v2\/users\/2"}],"replies":[{"embeddable":true,"href":"https:\/\/tarihkursu.com\/index.php\/wp-json\/wp\/v2\/comments?post=2721"}],"version-history":[{"count":15,"href":"https:\/\/tarihkursu.com\/index.php\/wp-json\/wp\/v2\/posts\/2721\/revisions"}],"predecessor-version":[{"id":3886,"href":"https:\/\/tarihkursu.com\/index.php\/wp-json\/wp\/v2\/posts\/2721\/revisions\/3886"}],"wp:featuredmedia":[{"embeddable":true,"href":"https:\/\/tarihkursu.com\/index.php\/wp-json\/wp\/v2\/media\/1138"}],"wp:attachment":[{"href":"https:\/\/tarihkursu.com\/index.php\/wp-json\/wp\/v2\/media?parent=2721"}],"wp:term":[{"taxonomy":"category","embeddable":true,"href":"https:\/\/tarihkursu.com\/index.php\/wp-json\/wp\/v2\/categories?post=2721"},{"taxonomy":"post_tag","embeddable":true,"href":"https:\/\/tarihkursu.com\/index.php\/wp-json\/wp\/v2\/tags?post=2721"}],"curies":[{"name":"wp","href":"https:\/\/api.w.org\/{rel}","templated":true}]}}