{"id":2833,"date":"2025-09-27T14:48:23","date_gmt":"2025-09-27T11:48:23","guid":{"rendered":"https:\/\/tarihkursu.com\/?p=2833"},"modified":"2025-09-27T14:50:57","modified_gmt":"2025-09-27T11:50:57","slug":"onemli-askeri-mucadelelerin-turk-tarihinin-seyrine-etkileri-ders-notu","status":"publish","type":"post","link":"https:\/\/tarihkursu.com\/index.php\/2025\/09\/27\/onemli-askeri-mucadelelerin-turk-tarihinin-seyrine-etkileri-ders-notu\/","title":{"rendered":"\u00d6nemli Askeri M\u00fccadelelerin T\u00fcrk Tarihinin Seyrine Etkileri Ders Notu"},"content":{"rendered":"\n<p class=\"wp-block-paragraph\">Bu yaz\u0131m\u0131zda g\u00fcncel m\u00fcfredata g\u00f6re haz\u0131rlad\u0131\u011f\u0131m\u0131z<strong>10. s\u0131n\u0131f tarih dersi 1. \u00fcnitesi\u00a0<\/strong>olan\u00a0<strong>T\u00fcrkistan&#8217;dan T\u00fcrkiye&#8217;ye (1040- 1299) <\/strong>\u00fcnitesinin\u00a0<strong>\u00f6zet ders notlar\u0131n\u0131\u00a0<\/strong>payla\u015f\u0131yoruz.\u00a0<strong>\u00d6nemli Askeri M\u00fccadelelerin T\u00fcrk Tarihinin Seyrine Etkileri <\/strong>Ders Notu sayesinde tarih dersi yaz\u0131l\u0131lar\u0131na tam olarak haz\u0131rlanacaks\u0131n\u0131z.<strong>10. s\u0131n\u0131f tarih kitab\u0131 \u00f6zet pdf\u00a0<\/strong>ders notlar\u0131 sayesinde derslerde daha ba\u015far\u0131l\u0131 olacaks\u0131n\u0131z.\u00a0<strong>Maarif modeline\u00a0<\/strong>uygun olarak haz\u0131rlad\u0131\u011f\u0131m\u0131z\u00a0<strong>10. s\u0131n\u0131f tarih dersi notlar\u0131\u00a0<\/strong>a\u015fa\u011f\u0131daki konular\u0131 kapsamaktad\u0131r.<\/p>\n\n\n\n<p class=\"wp-block-paragraph\">Ders: <strong>10. s\u0131n\u0131f tarih<\/strong><\/p>\n\n\n\n<p class=\"wp-block-paragraph\">\u00dcnite: 1. \u00dcnite: <strong>T\u00fcrkistan&#8217;dan T\u00fcrkiye&#8217;ye (1040- 1299)<\/strong><\/p>\n\n\n\n<p class=\"wp-block-paragraph\">\u00d6\u011frenme \u00c7\u0131kt\u0131s\u0131\/ kazan\u0131m: <strong>\u00d6nemli Askeri M\u00fccadelelerin T\u00fcrk Tarihinin Seyrine Etkileri ders notlar\u0131<\/strong><\/p>\n\n\n\n<p class=\"wp-block-paragraph\">\u0130lgili yaz\u0131l\u0131: <strong>10. s\u0131n\u0131f tarih dersi 1. d\u00f6nem 1. yaz\u0131l\u0131<\/strong><\/p>\n\n\n\n<p class=\"wp-block-paragraph\"><\/p>\n\n\n\n<p class=\"wp-block-paragraph\"><strong>1. \u00dcN\u0130TE: T\u00dcRK\u0130STAN\u2019DAN T\u00dcRK\u0130YE\u2019YE (1040-1299)<\/strong><\/p>\n\n\n\n<h2 class=\"wp-block-heading\"><strong>\u00d6NEML\u0130 ASKER\u00ce M\u00dcCADELELER\u0130N T\u00dcRK TAR\u0130H\u0130N\u0130N SEYR\u0130NE ETK\u0130LER\u0130<\/strong><\/h2>\n\n\n\n<p class=\"wp-block-paragraph\"><strong>Anadolu&#8217;ya \u0130lk T\u00fcrk Ak\u0131nlar\u0131<\/strong><\/p>\n\n\n\n<p class=\"wp-block-paragraph\">Anadolu&#8217;ya y\u00f6nelik ilk T\u00fcrk ak\u0131nlar\u0131 M\u00d6 8. y\u00fczy\u0131lda \u0130skitler taraf\u0131ndan ba\u015flat\u0131lm\u0131\u015ft\u0131r.<\/p>\n\n\n\n<p class=\"wp-block-paragraph\">Bu ak\u0131nlar 4. y\u00fczy\u0131lda Hunlar ve 6. y\u00fczy\u0131lda Sibir T\u00fcrkleri ile devam etmi\u015ftir.<\/p>\n\n\n\n<p class=\"wp-block-paragraph\">Bu ilk ak\u0131nlar\u0131n amac\u0131 yerle\u015fmek de\u011fil, Anadolu&#8217;yu ke\u015ffetmek, yeni ge\u00e7im kaynaklar\u0131 bulmak ve ticaret yapmakt\u0131.<\/p>\n\n\n\n<p class=\"wp-block-paragraph\">7. y\u00fczy\u0131lda Avar T\u00fcrkleri, Bizans&#8217;\u0131n ba\u015fkenti Konstantinopolis&#8217;i (\u0130stanbul) ku\u015fatm\u0131\u015f fakat ba\u015far\u0131l\u0131 olamam\u0131\u015ft\u0131r.<\/p>\n\n\n\n<p class=\"wp-block-paragraph\">11. y\u00fczy\u0131lda ise O\u011fuz T\u00fcrkleri, Horasan ve Mavera\u00fcnnehir b\u00f6lgelerinde yeni bir yurt aray\u0131\u015f\u0131na girmi\u015ftir.<\/p>\n\n\n\n<p class=\"wp-block-paragraph\"><strong>O\u011fuzlar Neden Anadolu\u2019ya Ak\u0131nlar D\u00fczenledi?<\/strong><\/p>\n\n\n\n<p class=\"wp-block-paragraph\">Anadolu\u2019nun \u0130pek Yolu \u00fczerinde yer almas\u0131,<\/p>\n\n\n\n<p class=\"wp-block-paragraph\">Asya ile Avrupa\u2019y\u0131 birbirine ba\u011flayan bir konumda olmas\u0131,<\/p>\n\n\n\n<p class=\"wp-block-paragraph\">\u00dc\u00e7 taraf\u0131n\u0131n denizlerle \u00e7evrili olmas\u0131,<\/p>\n\n\n\n<p class=\"wp-block-paragraph\">Verimli topraklara sahip olmas\u0131,<\/p>\n\n\n\n<p class=\"wp-block-paragraph\">\u0130klim ve bitki \u00f6rt\u00fcs\u00fcn\u00fcn T\u00fcrklerin ya\u015famas\u0131na uygun olmas\u0131,<\/p>\n\n\n\n<p class=\"wp-block-paragraph\">\u0130slamiyet\u2019in etkisiyle cihat ve gaza gelene\u011finin benimsenmesi<\/p>\n\n\n\n<p class=\"wp-block-paragraph\">Bizans \u0130mparatorlu\u011fu\u2019nu siyasi y\u00f6nden zay\u0131f durumda olmas\u0131 O\u011fuzlar\u0131n Anadolu\u2019ya ak\u0131nlar yap\u0131lmas\u0131nda etkili olmu\u015ftur.<\/p>\n\n\n\n<p class=\"wp-block-paragraph\"><strong>Anadolu&#8217;nun &#8220;T\u00fcrkiye&#8221; Olmas\u0131<\/strong><\/p>\n\n\n\n<p class=\"wp-block-paragraph\">T\u00fcrk-\u0130slam kaynaklar\u0131nda Anadolu co\u011frafyas\u0131 i\u00e7in &#8220;Diyar-\u0131 Rum&#8221; (Roma \u00dclkesi) ifadesi kullan\u0131lm\u0131\u015ft\u0131r.<\/p>\n\n\n\n<p class=\"wp-block-paragraph\">Malazgirt Zaferi&#8217;nden sonra Anadolu, k\u00fclt\u00fcrel ve n\u00fcfus a\u00e7\u0131s\u0131ndan tam bir T\u00fcrk yurdu haline gelmi\u015ftir.<\/p>\n\n\n\n<p class=\"wp-block-paragraph\">Bat\u0131l\u0131 tarih\u00e7iler, II. Ha\u00e7l\u0131 Seferi (1148) s\u0131ras\u0131nda Anadolu&#8217;daki yo\u011fun T\u00fcrk n\u00fcfusunu ve direni\u015fini g\u00f6rerek bu co\u011frafya i\u00e7in &#8220;T\u00fcrkiye&#8221; ismini kullanmaya ba\u015flam\u0131\u015ft\u0131r.<\/p>\n\n\n\n<p class=\"wp-block-paragraph\">T\u00fcrkiye Sel\u00e7uklular\u0131 i\u00e7in kullan\u0131lan bir di\u011fer isim de &#8220;Sel\u00e2\u00e7\u0131ka-y\u0131 Rum&#8221; (Rum Sel\u00e7uklular\u0131) idi.<\/p>\n\n\n\n<p class=\"wp-block-paragraph\"><strong>B\u00fcy\u00fck Sel\u00e7uklu Devleti&#8217;nin Kurulu\u015fu<\/strong><\/p>\n\n\n\n<p class=\"wp-block-paragraph\">Devletin kurucusu Sel\u00e7uk Bey, O\u011fuzlar\u0131n K\u0131n\u0131k boyuna mensuptu ve O\u011fuz Yabgu Devleti&#8217;nde ordu komutan\u0131 (suba\u015f\u0131) idi.<\/p>\n\n\n\n<p class=\"wp-block-paragraph\">Yabgu ile anla\u015fmazl\u0131\u011fa d\u00fc\u015f\u00fcnce maiyetiyle birlikte Cend \u015fehrine gelerek burada \u0130slamiyet&#8217;i kabul etmi\u015ftir.<\/p>\n\n\n\n<p class=\"wp-block-paragraph\">Sel\u00e7uk Bey&#8217;in \u00f6l\u00fcm\u00fcnden sonra Gazneli Sultan\u0131 Mahmud, o\u011flu Arslan Yabgu&#8217;yu hileyle yakalat\u0131p hapsetmi\u015ftir (1025).<\/p>\n\n\n\n<p class=\"wp-block-paragraph\">Bunun \u00fczerine O\u011fuzlar, Sel\u00e7uk Bey&#8217;in torunlar\u0131 olan Tu\u011frul Bey ve \u00c7a\u011fr\u0131 Bey etraf\u0131nda toplanm\u0131\u015ft\u0131r.<\/p>\n\n\n\n<p class=\"wp-block-paragraph\"><strong>Dandanakan Sava\u015f\u0131 ve Sonu\u00e7lar\u0131<\/strong><\/p>\n\n\n\n<p class=\"wp-block-paragraph\">Tu\u011frul ve \u00c7a\u011fr\u0131 Beyler liderli\u011findeki O\u011fuzlar, 1040 y\u0131l\u0131nda Gazneliler ile Dandanakan Sava\u015f\u0131&#8217;n\u0131 yapm\u0131\u015ft\u0131r.<\/p>\n\n\n\n<p class=\"wp-block-paragraph\">Bu zaferin ard\u0131ndan B\u00fcy\u00fck Sel\u00e7uklu Devleti resmen kurulmu\u015ftur.<\/p>\n\n\n\n<p class=\"wp-block-paragraph\">Sava\u015f sonras\u0131 yap\u0131lan toplant\u0131da Tu\u011frul Bey, yeni devletin ilk sultan\u0131 ilan edilmi\u015ftir.<\/p>\n\n\n\n<p class=\"wp-block-paragraph\">Bu zaferle Sel\u00e7uklular, Horasan&#8217;a h\u00e2kim olmu\u015f ve t\u00fcm S\u00fcnni-\u0130slam d\u00fcnyas\u0131n\u0131n koruyuculu\u011fu g\u00f6revini \u00fcstlenmi\u015ftir.<\/p>\n\n\n\n<p class=\"wp-block-paragraph\"><strong>Pasinler Sava\u015f\u0131 (1048)<\/strong><\/p>\n\n\n\n<p class=\"wp-block-paragraph\">Sel\u00e7uklular, Dandanakan Zaferi&#8217;nden sonra Anadolu&#8217;nun fethi i\u00e7in ak\u0131nlar d\u00fczenlemeye ba\u015flad\u0131.<\/p>\n\n\n\n<p class=\"wp-block-paragraph\">Bizansl\u0131lar\u0131n \u015eehzade Hasan&#8217;\u0131 \u015fehit etmesi \u00fczerine Tu\u011frul Bey, intikam ve gaza amac\u0131yla Bizans \u00fczerine y\u00fcr\u00fcd\u00fc.<\/p>\n\n\n\n<p class=\"wp-block-paragraph\">18 Eyl\u00fcl 1048&#8217;de Erzurum yak\u0131nlar\u0131ndaki Pasinler Ovas\u0131&#8217;nda iki ordu kar\u015f\u0131la\u015ft\u0131.<\/p>\n\n\n\n<p class=\"wp-block-paragraph\">Bu sava\u015f, Sel\u00e7uklular ile Bizans \u0130mparatorlu\u011fu aras\u0131nda yap\u0131lan ilk b\u00fcy\u00fck sava\u015f olarak tarihe ge\u00e7mi\u015ftir.<\/p>\n\n\n\n<p class=\"wp-block-paragraph\">Sel\u00e7uklu ordusunu \u0130brahim Y\u0131nal ve Kutalm\u0131\u015f komuta ediyordu.<\/p>\n\n\n\n<p class=\"wp-block-paragraph\"><strong>Pasinler Sava\u015f\u0131\u2019n\u0131n Sonu\u00e7lar\u0131<\/strong><\/p>\n\n\n\n<p class=\"wp-block-paragraph\">Sava\u015ftan sonra Bizans bar\u0131\u015f istemi\u015f ve iki devlet aras\u0131nda diplomatik ili\u015fkiler kurulmu\u015ftur.<\/p>\n\n\n\n<p class=\"wp-block-paragraph\">Anla\u015fma ile \u0130stanbul&#8217;da Emeviler d\u00f6neminden kalma harap bir caminin tamir edilmesi kararla\u015ft\u0131r\u0131lm\u0131\u015ft\u0131r.<\/p>\n\n\n\n<p class=\"wp-block-paragraph\">Bu camide hutbenin Abbasi Halifesi ve Sultan Tu\u011frul Bey ad\u0131na okunmas\u0131 sa\u011flanm\u0131\u015ft\u0131r.<\/p>\n\n\n\n<p class=\"wp-block-paragraph\">Ayr\u0131ca caminin mihrab\u0131na Sel\u00e7uklu h\u00e2kimiyet sembol\u00fc olan &#8220;ok ve yay&#8221; damgas\u0131n\u0131n i\u015flenmesine karar verilmi\u015ftir.<\/p>\n\n\n\n<p class=\"wp-block-paragraph\">Bu maddeler, Sel\u00e7uklular\u0131n askeri ba\u015far\u0131y\u0131 siyasi ve dini bir kazan\u0131ma d\u00f6n\u00fc\u015ft\u00fcrd\u00fc\u011f\u00fcn\u00fc g\u00f6sterir.<\/p>\n\n\n\n<p class=\"wp-block-paragraph\"><strong>Malazgirt Sava\u015f\u0131 \u00d6ncesi Anadolu<\/strong><\/p>\n\n\n\n<p class=\"wp-block-paragraph\">Bizans&#8217;\u0131n Sasani ve M\u00fcsl\u00fcmanlarla yapt\u0131\u011f\u0131 uzun sava\u015flar Anadolu&#8217;yu harap etmi\u015fti.<\/p>\n\n\n\n<p class=\"wp-block-paragraph\">Bizans; Balkanlarda Pe\u00e7enekler, Uzlar (O\u011fuzlar) ve Kumanlar gibi T\u00fcrk boylar\u0131yla m\u00fccadele ediyordu.<\/p>\n\n\n\n<p class=\"wp-block-paragraph\">\u0130mparatorluk i\u00e7indeki taht kavgalar\u0131, a\u011f\u0131r vergiler ve yerel y\u00f6neticilerin (tekfurlar) halka zulmetmesi devleti zay\u0131flatm\u0131\u015ft\u0131.<\/p>\n\n\n\n<p class=\"wp-block-paragraph\">Bu durum, T\u00fcrklerin Anadolu&#8217;ya yerle\u015fmesini kolayla\u015ft\u0131rd\u0131.<\/p>\n\n\n\n<p class=\"wp-block-paragraph\">Sultan Alp Arslan, 1064&#8217;te &#8220;fethedilemez&#8221; denilen Ani Kalesi&#8217;ni fethederek Bizans&#8217;a b\u00fcy\u00fck bir darbe vurdu.<\/p>\n\n\n\n<p class=\"wp-block-paragraph\"><strong>Malazgirt Zaferi (1071)<\/strong><\/p>\n\n\n\n<p class=\"wp-block-paragraph\">Bizans \u0130mparatoru Romanos Diogenes (Romen Diyojen), T\u00fcrkleri Anadolu&#8217;dan atmak i\u00e7in b\u00fcy\u00fck bir orduyla sefere \u00e7\u0131kt\u0131.<\/p>\n\n\n\n<p class=\"wp-block-paragraph\">Bu s\u0131rada M\u0131s\u0131r seferinde olan Sultan Alp Arslan, haberi al\u0131nca h\u0131zla geri d\u00f6nd\u00fc.<\/p>\n\n\n\n<p class=\"wp-block-paragraph\">\u0130ki ordu, 26 A\u011fustos 1071 Cuma g\u00fcn\u00fc Malazgirt Ovas\u0131&#8217;nda kar\u015f\u0131 kar\u015f\u0131ya geldi.<\/p>\n\n\n\n<p class=\"wp-block-paragraph\">Sava\u015f, Sultan Alp Arslan komutas\u0131ndaki Sel\u00e7uklu ordusunun kesin zaferiyle sonu\u00e7land\u0131.<\/p>\n\n\n\n<p class=\"wp-block-paragraph\">Bu zafer, &#8220;Anadolu&#8217;nun kap\u0131lar\u0131n\u0131 T\u00fcrklere a\u00e7an sava\u015f&#8221; olarak bilinir.<\/p>\n\n\n\n<p class=\"wp-block-paragraph\"><strong>Malazgirt Zaferi&#8217;nin Kazan\u0131lma Nedenleri<\/strong><\/p>\n\n\n\n<p class=\"wp-block-paragraph\">Turan (Bozk\u0131r Kapan\u0131) takti\u011finin ba\u015far\u0131l\u0131 bir \u015fekilde uygulanmas\u0131.<\/p>\n\n\n\n<p class=\"wp-block-paragraph\">Bizans ordusunda paral\u0131 asker olan Uz (O\u011fuz) ve Pe\u00e7enek T\u00fcrklerinin soyda\u015flar\u0131 olan Sel\u00e7uklular\u0131n taraf\u0131na ge\u00e7mesi.<\/p>\n\n\n\n<p class=\"wp-block-paragraph\">Sultan Alp Arslan&#8217;\u0131n Cuma namaz\u0131ndan sonra yapt\u0131\u011f\u0131 co\u015fkulu ve motive edici konu\u015fma.<\/p>\n\n\n\n<p class=\"wp-block-paragraph\">Bizans ordusunun \u00e7ok kalabal\u0131k olmas\u0131na ra\u011fmen hantal bir yap\u0131ya sahip olmas\u0131 ve komutanlar aras\u0131ndaki g\u00fcvensizlik.<\/p>\n\n\n\n<p class=\"wp-block-paragraph\"><strong>Malazgirt Sava\u015f\u0131n\u0131n Sonu\u00e7lar\u0131:<\/strong><\/p>\n\n\n\n<p class=\"wp-block-paragraph\">Anadolu T\u00fcrk yurdu olmaya ba\u015flam\u0131\u015ft\u0131r.<\/p>\n\n\n\n<p class=\"wp-block-paragraph\">Bizans&#8217;\u0131n \u0130sl\u00e2m d\u00fcnyas\u0131 \u00fczerindeki bask\u0131s\u0131 son bulmu\u015ftur.<\/p>\n\n\n\n<p class=\"wp-block-paragraph\">Bizans\u2019\u0131n Anadolu\u2019daki varl\u0131\u011f\u0131 zarar g\u00f6rm\u00fc\u015ft\u00fcr<\/p>\n\n\n\n<p class=\"wp-block-paragraph\">Avrupal\u0131lar taraf\u0131ndan, (1096-1270) Ha\u00e7l\u0131 Seferleri\u2018nin d\u00fczenlenmesine ortam olu\u015fmu\u015ftur.<\/p>\n\n\n\n<p class=\"wp-block-paragraph\">T\u00fcrkiye Tarihi bu sava\u015f sonunda ba\u015flam\u0131\u015ft\u0131r.<\/p>\n\n\n\n<p class=\"wp-block-paragraph\">Anadolu&#8217;da Sultan Alparslan&#8217;\u0131n komutanlar\u0131 taraf\u0131ndan, ilk T\u00fcrk beylikleri kurulmu\u015ftur. (Dani\u015fmentliler, Meng\u00fccekliler, Saltuklular, Artuklular, \u00c7aka Beyli\u011fi)<\/p>\n\n\n\n<p class=\"wp-block-paragraph\"><strong>Miryokefalon Sava\u015f\u0131 (1176) &#8211; Yurt Tutan Sava\u015f<\/strong><\/p>\n\n\n\n<p class=\"wp-block-paragraph\">T\u00fcrkiye Sel\u00e7uklu Sultan\u0131 II. K\u0131l\u0131\u00e7arslan, Anadolu&#8217;daki T\u00fcrk h\u00e2kimiyetini g\u00fc\u00e7lendiriyordu.<\/p>\n\n\n\n<p class=\"wp-block-paragraph\">Bizans \u0130mparatoru Manuel Comnenos, T\u00fcrkleri Anadolu&#8217;dan tamamen atmak amac\u0131yla Alman, Frans\u0131z, \u0130ngiliz ve Macar gibi milletlerden olu\u015fan dev bir ordu toplad\u0131.<\/p>\n\n\n\n<p class=\"wp-block-paragraph\">Sel\u00e7uklu ordusu, Bizansl\u0131lar\u0131n ge\u00e7ece\u011fi Miryokefalon yak\u0131nlar\u0131ndaki dar bir ge\u00e7itte pusu kurdu.<\/p>\n\n\n\n<p class=\"wp-block-paragraph\">17 Eyl\u00fcl 1176&#8217;da yap\u0131lan sava\u015fta Bizans ordusu a\u011f\u0131r bir yenilgiye u\u011frat\u0131ld\u0131.<\/p>\n\n\n\n<p class=\"wp-block-paragraph\"><strong>Miryokefalon Zaferi&#8217;nin \u00d6nemi<\/strong><\/p>\n\n\n\n<p class=\"wp-block-paragraph\">Bu zafer, &#8220;Vatan ve Devlet Koruyan Zafer&#8221; olarak tarihe ge\u00e7mi\u015ftir.<\/p>\n\n\n\n<p class=\"wp-block-paragraph\">Bizans \u0130mparatorlu\u011fu&#8217;nun T\u00fcrkleri Anadolu&#8217;dan atma \u00fcmidi tamamen sona ermi\u015ftir.<\/p>\n\n\n\n<p class=\"wp-block-paragraph\">Anadolu&#8217;nun kesin olarak bir T\u00fcrk yurdu oldu\u011fu bu zaferle kan\u0131tlanm\u0131\u015f ve Bat\u0131l\u0131lar taraf\u0131ndan da kabul edilmi\u015ftir.<\/p>\n\n\n\n<p class=\"wp-block-paragraph\">Malazgirt Zaferi ile T\u00fcrklere a\u00e7\u0131lan vatan, Miryokefalon Zaferi ile g\u00fcvence alt\u0131na al\u0131nm\u0131\u015ft\u0131r.<\/p>\n\n\n\n<p class=\"wp-block-paragraph\"><strong>Anadolu&#8217;da Kurulan \u0130lk T\u00fcrk Beylikleri<\/strong><\/p>\n\n\n\n<p class=\"wp-block-paragraph\">Sultan Alp Arslan, Malazgirt Zaferi&#8217;nden sonra komutanlar\u0131na fethettikleri topraklarda kendi beyliklerini kurma izni verdi. Bu duruma &#8220;k\u0131l\u0131\u00e7 hakk\u0131&#8221; denir.<\/p>\n\n\n\n<p class=\"wp-block-paragraph\">Bu beylikler, fethettikleri yerlere T\u00fcrk\u00e7e isimler vermi\u015flerdir.<\/p>\n\n\n\n<p class=\"wp-block-paragraph\">Anadolu&#8217;da cami, medrese, han, kervansaray, \u015fifahane gibi yap\u0131lar in\u015fa ederek b\u00f6lgeyi bay\u0131nd\u0131r hale getirdiler.<\/p>\n\n\n\n<p class=\"wp-block-paragraph\">Yapt\u0131klar\u0131 fetihler ve k\u00fclt\u00fcrel faaliyetlerle Anadolu&#8217;nun T\u00fcrkle\u015fmesi ve \u0130slamla\u015fmas\u0131nda \u00e7ok \u00f6nemli bir rol oynad\u0131lar.<\/p>\n\n\n\n<p class=\"wp-block-paragraph\"><strong>\u0130lk T\u00fcrk Beylikleri<\/strong><\/p>\n\n\n\n<p class=\"wp-block-paragraph\"><strong>Saltuklular (1072-1202):<\/strong><\/p>\n\n\n\n<p class=\"wp-block-paragraph\">Erzurum ve \u00e7evresinde kuruldu. Anadolu&#8217;daki ilk T\u00fcrk beyli\u011fidir.<\/p>\n\n\n\n<p class=\"wp-block-paragraph\">En \u00f6nemli eseri: Mama Hatun K\u00fclliyesi.<\/p>\n\n\n\n<p class=\"wp-block-paragraph\"><strong>Meng\u00fccekliler (1080-1228):<\/strong><\/p>\n\n\n\n<p class=\"wp-block-paragraph\">Erzincan ve \u00e7evresinde kuruldu.<\/p>\n\n\n\n<p class=\"wp-block-paragraph\">En \u00f6nemli eseri: Divri\u011fi Ulu Cami ve Dar\u00fc\u015f\u015fifas\u0131 (UNESCO D\u00fcnya Miras\u0131).<\/p>\n\n\n\n<p class=\"wp-block-paragraph\"><strong>Dani\u015fmentliler (1080-1178):<\/strong><\/p>\n\n\n\n<p class=\"wp-block-paragraph\">Sivas merkezli kuruldu. Anadolu&#8217;daki en g\u00fc\u00e7l\u00fc beyliklerden biriydi.<\/p>\n\n\n\n<p class=\"wp-block-paragraph\">Ha\u00e7l\u0131lara kar\u015f\u0131 ba\u015far\u0131l\u0131 m\u00fccadeleler verdiler.<\/p>\n\n\n\n<p class=\"wp-block-paragraph\">En \u00f6nemli eseri: Ya\u011f\u0131basan Medresesi (Anadolu&#8217;da in\u015fa edilen ilk medrese).<\/p>\n\n\n\n<p class=\"wp-block-paragraph\"><strong>Artuklular (1102-1231):<\/strong><\/p>\n\n\n\n<p class=\"wp-block-paragraph\">Do\u011fu ve G\u00fcneydo\u011fu Anadolu&#8217;da kuruldu. En uzun s\u00fcre h\u00fck\u00fcm s\u00fcren beyliktir.<\/p>\n\n\n\n<p class=\"wp-block-paragraph\">En \u00f6nemli eseri: Diyarbak\u0131r&#8217;daki Malabadi K\u00f6pr\u00fcs\u00fc.<\/p>\n\n\n\n<p class=\"wp-block-paragraph\"><strong>\u00c7aka Beyli\u011fi (1081-1093):<\/strong><\/p>\n\n\n\n<p class=\"wp-block-paragraph\">\u0130zmir ve \u00e7evresinde \u00c7aka Bey taraf\u0131ndan kurulmu\u015ftur.<\/p>\n\n\n\n<p class=\"wp-block-paragraph\">\u00c7aka Bey, tarihteki ilk T\u00fcrk denizcisi olarak kabul edilir.<\/p>\n\n\n\n<p class=\"wp-block-paragraph\">Kurdu\u011fu donanma, ilk T\u00fcrk donanmas\u0131d\u0131r.<\/p>\n\n\n\n<p class=\"wp-block-paragraph\">Bizans \u0130mparatorlu\u011fu ile Ege Denizi&#8217;nde m\u00fccadele etmi\u015ftir.<\/p>\n\n\n\n<p class=\"wp-block-paragraph\"><strong>D\u0130\u011eER T\u00dcRK BEYL\u0130KLER\u0130<\/strong><\/p>\n\n\n\n<figure class=\"wp-block-table\"><table class=\"has-fixed-layout\"><tbody><tr><td><strong>Beyli\u011fin Ad\u0131<\/strong><\/td><td><strong>Kurucusu<\/strong><\/td><td><strong>Kuruldu\u011fu Yer<\/strong><\/td><td><strong>B\u0131rakt\u0131klar\u0131 \u00d6nemli Eserler<\/strong><\/td><\/tr><tr><td>S\u00f6kmenliler (Ahlat\u015fahl\u0131lar) (1100-1208)<\/td><td>S\u00f6kmen Bey<\/td><td>Van, Erci\u015f, Tatvan, Mu\u015f<\/td><td><\/td><\/tr><tr><td>\u0130nan\u00e7\u011fullar\u0131 (Ladik Beyli\u011fi) (1261-1368)<\/td><td>\u0130nan\u00e7 o\u011flu Mehmet Bey<\/td><td>Denizli, Ladik<\/td><td>Server Gazi T\u00fcrbesi<\/td><\/tr><tr><td>Dilma\u00e7o\u011fullar\u0131 (Togan Arslano\u011fullar\u0131) (1085-1394)<\/td><td>Dilma\u00e7o\u011flu Mehmet Bey<\/td><td>Bitlis, Erzen<\/td><td>Bitlis Ulu Cami<\/td><\/tr><tr><td>\u0130nalo\u011fullar\u0131 (1098-1183)<\/td><td>Emir \u0130nal Bey<\/td><td>Diyarbak\u0131r, Ergani<\/td><td><\/td><\/tr><tr><td>Tanr\u0131vermi\u015fo\u011fullar\u0131 (1081-1093)<\/td><td>Tanr\u0131vermi\u015f Bey<\/td><td>Efes<\/td><td><\/td><\/tr><tr><td>\u00c7ubuko\u011fullar\u0131 (1085-1213)<\/td><td>\u00c7ubuk Bey<\/td><td>Harput<\/td><td><\/td><\/tr><\/tbody><\/table><\/figure>\n\n\n\n<p class=\"wp-block-paragraph\"><strong>Ha\u00e7l\u0131 Seferleri&#8217;nin Nedenleri<\/strong><\/p>\n\n\n\n<p class=\"wp-block-paragraph\">Dini Neden: Papa II. Urbanus&#8217;un Hristiyanlar i\u00e7in kutsal olan Kud\u00fcs&#8217;\u00fc M\u00fcsl\u00fcmanlardan geri almak istemesi.<\/p>\n\n\n\n<p class=\"wp-block-paragraph\">Siyasi Neden: T\u00fcrkler kar\u015f\u0131s\u0131nda zor durumda kalan Bizans&#8217;\u0131n Papa&#8217;dan yard\u0131m istemesi.<\/p>\n\n\n\n<p class=\"wp-block-paragraph\">Ekonomik Neden: Avrupal\u0131lar\u0131n fakirlik i\u00e7inde olmas\u0131 ve Do\u011fu&#8217;nun zenginliklerini (baharat, ipek vb.) ele ge\u00e7irmek istemeleri.<\/p>\n\n\n\n<p class=\"wp-block-paragraph\">Sosyal Neden: Topraks\u0131z \u015f\u00f6valyelerin ve halk\u0131n macera ve zenginlik aray\u0131\u015f\u0131.<\/p>\n\n\n\n<p class=\"wp-block-paragraph\"><strong>I. Ha\u00e7l\u0131 Seferi (1096-1099)<\/strong><\/p>\n\n\n\n<p class=\"wp-block-paragraph\">As\u0131l ordudan \u00f6nce gelen halk kitleleri, Sultan I. K\u0131l\u0131\u00e7arslan taraf\u0131ndan Anadolu&#8217;da yok edildi.<\/p>\n\n\n\n<p class=\"wp-block-paragraph\">\u015e\u00f6valyelerden olu\u015fan as\u0131l Ha\u00e7l\u0131 ordusu, T\u00fcrkiye Sel\u00e7uklu Devleti&#8217;nin ba\u015fkenti \u0130znik&#8217;i ele ge\u00e7irdi. Ba\u015fkent Konya&#8217;ya ta\u015f\u0131nd\u0131.<\/p>\n\n\n\n<p class=\"wp-block-paragraph\">Dorileon Sava\u015f\u0131&#8217;nda Sel\u00e7uklular yenilince Ha\u00e7l\u0131lar Anadolu&#8217;dan ge\u00e7erek hedeflerine ula\u015ft\u0131.<\/p>\n\n\n\n<p class=\"wp-block-paragraph\">Sefer sonucunda Urfa, Antakya, Kud\u00fcs ve Trablus&#8217;ta Ha\u00e7l\u0131 devletleri (kontluklar) kuruldu.<\/p>\n\n\n\n<p class=\"wp-block-paragraph\"><strong>II. Ha\u00e7l\u0131 Seferi (1147-1149)<\/strong><\/p>\n\n\n\n<p class=\"wp-block-paragraph\">Musul Atabeyi Nurettin Mahmut Zengi 1144 y\u0131l\u0131nda Ha\u00e7l\u0131lardan \u00f6nce Urfa\u2019y\u0131, daha sonra da Halep ve \u015eam\u2019\u0131 geri ald\u0131.<\/p>\n\n\n\n<p class=\"wp-block-paragraph\">Anadolu\u2019ya gelen Ha\u00e7l\u0131 kuvvetleri, Konya civar\u0131nda yap\u0131lan sava\u015fta, T\u00fcrkiye Sel\u00e7uklu H\u00fck\u00fcmdar\u0131 I. Mesut taraf\u0131ndan a\u011f\u0131r bir yenilgiye u\u011frat\u0131ld\u0131.<\/p>\n\n\n\n<p class=\"wp-block-paragraph\">Ha\u00e7l\u0131lar \u015eam\u2019\u0131 ku\u015fatmak istedilerse de ba\u015far\u0131l\u0131 olamad\u0131lar.<\/p>\n\n\n\n<p class=\"wp-block-paragraph\">II. Ha\u00e7l\u0131 Seferi\u2019nin en \u00f6nemli \u00f6zelli\u011fi bu sefere ilk kez kral ve imparatorlar\u0131n kat\u0131lmas\u0131 oldu.<\/p>\n\n\n\n<p class=\"wp-block-paragraph\"><strong>Hittin Sava\u015f\u0131 ve Kud\u00fcs&#8217;\u00fcn Fethi (1187)<\/strong><\/p>\n\n\n\n<p class=\"wp-block-paragraph\">Eyyubi Devleti&#8217;nin kurucusu Selahaddin Eyyubi, Ha\u00e7l\u0131lar\u0131n M\u00fcsl\u00fcman kervanlar\u0131na sald\u0131rmas\u0131 \u00fczerine harekete ge\u00e7ti.<\/p>\n\n\n\n<p class=\"wp-block-paragraph\">1187 y\u0131l\u0131nda Hittin Sava\u015f\u0131&#8217;nda Ha\u00e7l\u0131 ordusunu imha etti.<\/p>\n\n\n\n<p class=\"wp-block-paragraph\">Bu b\u00fcy\u00fck zaferin ard\u0131ndan Kud\u00fcs&#8217;\u00fc ku\u015fatt\u0131 ve 88 y\u0131l sonra \u015fehri Ha\u00e7l\u0131lardan geri ald\u0131.<\/p>\n\n\n\n<p class=\"wp-block-paragraph\">Kud\u00fcs&#8217;\u00fcn yeniden fethi, \u0130slam d\u00fcnyas\u0131nda b\u00fcy\u00fck bir sevin\u00e7le kar\u015f\u0131lan\u0131rken Avrupa&#8217;da \u015fok etkisi yaratt\u0131 ve III. Ha\u00e7l\u0131 Seferi&#8217;ne neden oldu.<\/p>\n\n\n\n<p class=\"wp-block-paragraph\"><strong>III. Ha\u00e7l\u0131 Seferi (1189-1192)<\/strong><\/p>\n\n\n\n<p class=\"wp-block-paragraph\">Kud\u00fcs&#8217;\u00fc geri almak i\u00e7in d\u00fczenlenen bu sefere Avrupa&#8217;n\u0131n en b\u00fcy\u00fck \u00fc\u00e7 kral\u0131 kat\u0131ld\u0131:<\/p>\n\n\n\n<p class=\"wp-block-paragraph\">Alman \u0130mparatoru Friedrich Barbarossa<\/p>\n\n\n\n<p class=\"wp-block-paragraph\">\u0130ngiltere Kral\u0131 I. Richard (Aslan Y\u00fcrekli)<\/p>\n\n\n\n<p class=\"wp-block-paragraph\">Fransa Kral\u0131 II. Philippe<\/p>\n\n\n\n<p class=\"wp-block-paragraph\">Friedrich Barbarossa, Anadolu&#8217;da Silifke \u00c7ay\u0131&#8217;n\u0131 ge\u00e7erken bo\u011fuldu ve ordusu da\u011f\u0131ld\u0131.<\/p>\n\n\n\n<p class=\"wp-block-paragraph\">Ha\u00e7l\u0131lar, Akka Kalesi&#8217;ni ele ge\u00e7irmelerine ra\u011fmen as\u0131l hedefleri olan Kud\u00fcs&#8217;\u00fc geri alamad\u0131lar.<\/p>\n\n\n\n<p class=\"wp-block-paragraph\"><strong>IV. Ha\u00e7l\u0131 Seferi (1202-1204)<\/strong><\/p>\n\n\n\n<p class=\"wp-block-paragraph\">Bu sefer, as\u0131l amac\u0131 olan Kud\u00fcs&#8217;ten tamamen sapm\u0131\u015ft\u0131r.<\/p>\n\n\n\n<p class=\"wp-block-paragraph\">Ha\u00e7l\u0131lar, Venediklilerin k\u0131\u015fk\u0131rtmas\u0131yla Hristiyan bir devlet olan Bizans&#8217;\u0131n ba\u015fkenti \u0130stanbul&#8217;a sald\u0131rd\u0131.<\/p>\n\n\n\n<p class=\"wp-block-paragraph\">1204 y\u0131l\u0131nda \u015fehri ele ge\u00e7irip \u00fc\u00e7 g\u00fcn boyunca ya\u011fmalad\u0131lar.<\/p>\n\n\n\n<p class=\"wp-block-paragraph\">\u0130stanbul&#8217;da Latin \u0130mparatorlu\u011fu ad\u0131yla bir devlet kurdular.<\/p>\n\n\n\n<p class=\"wp-block-paragraph\">Bu olay, Bizans&#8217;\u0131 \u00f6l\u00fcmc\u00fcl derecede zay\u0131flatt\u0131 ve Katolik-Ortodoks ayr\u0131l\u0131\u011f\u0131n\u0131 derinle\u015ftirdi.<\/p>\n\n\n\n<p class=\"wp-block-paragraph\"><strong>Ha\u00e7l\u0131 Seferleri&#8217;nin Genel Sonu\u00e7lar\u0131<\/strong><\/p>\n\n\n\n<p class=\"wp-block-paragraph\">Dini: Kiliseye ve Papal\u0131\u011fa duyulan g\u00fcven azald\u0131.<\/p>\n\n\n\n<p class=\"wp-block-paragraph\">Siyasi: Derebeylik (feodalite) zay\u0131flad\u0131, merkezi krall\u0131klar g\u00fc\u00e7lendi. T\u00fcrklerin bat\u0131ya ilerleyi\u015fleri bir s\u00fcre durdu.<\/p>\n\n\n\n<p class=\"wp-block-paragraph\">Ekonomik: Akdeniz ticareti canland\u0131, Do\u011fu-Bat\u0131 ticareti geli\u015fti.<\/p>\n\n\n\n<p class=\"wp-block-paragraph\">Teknik ve K\u00fclt\u00fcrel: Avrupal\u0131lar ka\u011f\u0131t, matbaa, pusula ve barut gibi teknik bulu\u015flar\u0131 M\u00fcsl\u00fcmanlardan \u00f6\u011frendi. Do\u011fu ve Bat\u0131 aras\u0131nda k\u00fclt\u00fcrel etkile\u015fim artt\u0131.<\/p>\n\n\n\n<p class=\"wp-block-paragraph\"><strong>K\u00f6seda\u011f Sava\u015f\u0131 \u00d6ncesi Sel\u00e7uklu Devleti<\/strong><\/p>\n\n\n\n<p class=\"wp-block-paragraph\">Sultan II. G\u0131yaseddin Keyh\u00fcsrev d\u00f6neminde devlet, siyasi ve askeri a\u00e7\u0131dan zay\u0131flam\u0131\u015ft\u0131.<\/p>\n\n\n\n<p class=\"wp-block-paragraph\">Vezir Sadeddin K\u00f6pek gibi devlet adamlar\u0131n\u0131n olumsuz y\u00f6netimi ve halktan toplanan a\u011f\u0131r vergiler huzursuzlu\u011fa yol a\u00e7t\u0131.<\/p>\n\n\n\n<p class=\"wp-block-paragraph\">Anadolu&#8217;daki g\u00f6\u00e7ebe T\u00fcrkmenlerin ihmal edilmesi, Baba\u00eeler \u0130syan\u0131&#8217;na (1240) neden oldu.<\/p>\n\n\n\n<p class=\"wp-block-paragraph\">Devletin bu b\u00fcy\u00fck isyan\u0131 g\u00fc\u00e7l\u00fckle bast\u0131rmas\u0131, zay\u0131fl\u0131\u011f\u0131n\u0131 ortaya \u00e7\u0131kard\u0131 ve Mo\u011follar\u0131 Anadolu&#8217;ya sald\u0131rmak i\u00e7in cesaretlendirdi.<\/p>\n\n\n\n<p class=\"wp-block-paragraph\"><strong>K\u00f6seda\u011f Sava\u015f\u0131 (1243) ve Sonu\u00e7lar\u0131<\/strong><\/p>\n\n\n\n<p class=\"wp-block-paragraph\">Mo\u011fol komutan\u0131 Baycu Noyan liderli\u011findeki ordu, 1243&#8217;te Sivas yak\u0131nlar\u0131ndaki K\u00f6seda\u011f&#8217;da Sel\u00e7uklu ordusuyla kar\u015f\u0131la\u015ft\u0131.<\/p>\n\n\n\n<p class=\"wp-block-paragraph\">Mo\u011follar\u0131n uygulad\u0131\u011f\u0131 sahte ricat (geri \u00e7ekilme) takti\u011fi i\u015fe yarad\u0131 ve Sel\u00e7uklu ordusu a\u011f\u0131r bir yenilgi ald\u0131.<\/p>\n\n\n\n<p class=\"wp-block-paragraph\">Sonu\u00e7lar\u0131:<\/p>\n\n\n\n<p class=\"wp-block-paragraph\">T\u00fcrkiye Sel\u00e7uklu Devleti, Mo\u011fol h\u00e2kimiyetine girdi ve y\u0131k\u0131l\u0131\u015f s\u00fcrecine ba\u015flad\u0131.<\/p>\n\n\n\n<p class=\"wp-block-paragraph\">Anadolu&#8217;daki T\u00fcrk siyasi birli\u011fi bozuldu.<\/p>\n\n\n\n<p class=\"wp-block-paragraph\">Anadolu&#8217;da can ve mal g\u00fcvenli\u011fi kalmad\u0131, ticaret yollar\u0131 \u00f6nemini yitirdi.<\/p>\n\n\n\n<p class=\"wp-block-paragraph\">Bu otorite bo\u015flu\u011fu, \u0130kinci T\u00fcrk Beylikleri&#8217;nin kurulmas\u0131na zemin haz\u0131rlad\u0131.<\/p>\n\n\n\n<p class=\"wp-block-paragraph\"><strong>K\u00f6seda\u011f Sava\u015f\u0131\u2019ndan Sonra Anadolu\u2019da Kurulan T\u00fcrk Beylikleri<\/strong><\/p>\n\n\n\n<ul class=\"wp-block-list\">\n<li><strong>Karamano\u011fullar\u0131:<\/strong> Konya civar\u0131nda kuruldu. D\u00f6nemin en g\u00fc\u00e7l\u00fc beyli\u011fi idi.<\/li>\n\n\n\n<li><strong>Osmano\u011fullar\u0131:<\/strong> S\u00f6\u011f\u00fct ve Domani\u00e7 civar\u0131nda kuruldu.<\/li>\n\n\n\n<li><strong>Germiyano\u011fullar\u0131:<\/strong> K\u00fctahya civar\u0131nda kuruldu.<\/li>\n\n\n\n<li><strong>Hamito\u011fullar\u0131:<\/strong> Isparta ve Burdur civar\u0131nda kuruldu.<\/li>\n\n\n\n<li><strong>Ayd\u0131no\u011fullar\u0131:<\/strong> Ayd\u0131n civar\u0131nda kuruldu. Denizcilik faaliyetlerinde bulundular.<\/li>\n\n\n\n<li><strong>Candaro\u011fullar\u0131:<\/strong> Kastamonu ve Sinop civar\u0131nda kuruldu. Denizcilik faaliyetlerinde bulundu.<\/li>\n\n\n\n<li><strong>Mente\u015feo\u011fullar\u0131:<\/strong> Mu\u011fla civar\u0131nda kuruldu. Denizcilik faaliyetlerinde bulundu.<\/li>\n\n\n\n<li><strong>Ramazano\u011fullar\u0131:<\/strong> Adana ve Tarsus civar\u0131nda kuruldu.<\/li>\n\n\n\n<li><strong>Saruhano\u011fullar\u0131:<\/strong> \u0130zmir ve Manisa civar\u0131nda kuruldu. Denizcilik faaliyetlerinde bulundu.<\/li>\n\n\n\n<li><strong>Dulkadiro\u011fullar\u0131:<\/strong> Mara\u015f civar\u0131nda kuruldu.<\/li>\n\n\n\n<li><strong>Karesio\u011fullar\u0131:<\/strong> Bal\u0131kesir ve \u00c7anakkale civar\u0131nda kuruldu. Denizcilik faaliyetlerinde bulundu.<\/li>\n\n\n\n<li><strong>Eratna Devleti:<\/strong> Ankara, Tokat, Sivas civar\u0131nda kuruldu.<\/li>\n<\/ul>\n","protected":false},"excerpt":{"rendered":"<div class=\"mh-excerpt\"><p>Bu yaz\u0131m\u0131zda g\u00fcncel m\u00fcfredata g\u00f6re haz\u0131rlad\u0131\u011f\u0131m\u0131z10. s\u0131n\u0131f tarih dersi 1. \u00fcnitesi\u00a0olan\u00a0T\u00fcrkistan&#8217;dan T\u00fcrkiye&#8217;ye (1040- 1299) \u00fcnitesinin\u00a0\u00f6zet ders notlar\u0131n\u0131\u00a0payla\u015f\u0131yoruz.\u00a0\u00d6nemli Askeri M\u00fccadelelerin T\u00fcrk Tarihinin Seyrine Etkileri Ders Notu <a class=\"mh-excerpt-more\" href=\"https:\/\/tarihkursu.com\/index.php\/2025\/09\/27\/onemli-askeri-mucadelelerin-turk-tarihinin-seyrine-etkileri-ders-notu\/\" title=\"\u00d6nemli Askeri M\u00fccadelelerin T\u00fcrk Tarihinin Seyrine Etkileri Ders Notu\">[&#8230;]<\/a><\/p>\n<\/div>","protected":false},"author":2,"featured_media":1341,"comment_status":"open","ping_status":"open","sticky":false,"template":"","format":"standard","meta":{"_regular_price":[],"currency_symbol":[],"footnotes":""},"categories":[161],"tags":[5,288],"class_list":["post-2833","post","type-post","status-publish","format-standard","has-post-thumbnail","hentry","category-10-sinif-tarih-ders-notlari","tag-10-sinif-tarih","tag-10-sinif-tarih-ders-notlari"],"post_slider_layout_featured_media_urls":{"thumbnail":["https:\/\/tarihkursu.com\/wp-content\/uploads\/2024\/10\/10.SINIF-TARIH-NOTLAR-150x150.png",150,150,true],"post_slider_layout_landscape_large":["https:\/\/tarihkursu.com\/wp-content\/uploads\/2024\/10\/10.SINIF-TARIH-NOTLAR-1200x720.png",1200,720,true],"post_slider_layout_portrait_large":["https:\/\/tarihkursu.com\/wp-content\/uploads\/2024\/10\/10.SINIF-TARIH-NOTLAR-1200x720.png",1200,720,true],"post_slider_layout_square_large":["https:\/\/tarihkursu.com\/wp-content\/uploads\/2024\/10\/10.SINIF-TARIH-NOTLAR-1200x720.png",1200,720,true],"post_slider_layout_landscape":["https:\/\/tarihkursu.com\/wp-content\/uploads\/2024\/10\/10.SINIF-TARIH-NOTLAR-600x400.png",600,400,true],"post_slider_layout_portrait":["https:\/\/tarihkursu.com\/wp-content\/uploads\/2024\/10\/10.SINIF-TARIH-NOTLAR-600x720.png",600,720,true],"post_slider_layout_square":["https:\/\/tarihkursu.com\/wp-content\/uploads\/2024\/10\/10.SINIF-TARIH-NOTLAR-600x600.png",600,600,true],"full":["https:\/\/tarihkursu.com\/wp-content\/uploads\/2024\/10\/10.SINIF-TARIH-NOTLAR.png",1280,720,false]},"yoast_head":"<!-- This site is optimized with the Yoast SEO plugin v28.3 - https:\/\/yoast.com\/product\/yoast-seo-wordpress\/ -->\n<title>\u00d6nemli Askeri M\u00fccadelelerin T\u00fcrk Tarihinin Seyrine Etkileri Ders Notu - tarihkursu.com<\/title>\n<meta name=\"description\" content=\"\u00d6nemli Askeri M\u00fccadelelerin T\u00fcrk Tarihinin Seyrine Etkileri Ders Notu sayesinde tarih dersi yaz\u0131l\u0131lar\u0131na tam olarak haz\u0131rlanacaks\u0131n\u0131z.\" \/>\n<meta name=\"robots\" content=\"index, follow, max-snippet:-1, max-image-preview:large, max-video-preview:-1\" \/>\n<link rel=\"canonical\" href=\"https:\/\/tarihkursu.com\/index.php\/2025\/09\/27\/onemli-askeri-mucadelelerin-turk-tarihinin-seyrine-etkileri-ders-notu\/\" \/>\n<meta property=\"og:locale\" content=\"tr_TR\" \/>\n<meta property=\"og:type\" content=\"article\" \/>\n<meta property=\"og:title\" content=\"\u00d6nemli Askeri M\u00fccadelelerin T\u00fcrk Tarihinin Seyrine Etkileri Ders Notu - tarihkursu.com\" \/>\n<meta property=\"og:description\" content=\"\u00d6nemli Askeri M\u00fccadelelerin T\u00fcrk Tarihinin Seyrine Etkileri Ders Notu sayesinde tarih dersi yaz\u0131l\u0131lar\u0131na tam olarak haz\u0131rlanacaks\u0131n\u0131z.\" \/>\n<meta property=\"og:url\" content=\"https:\/\/tarihkursu.com\/index.php\/2025\/09\/27\/onemli-askeri-mucadelelerin-turk-tarihinin-seyrine-etkileri-ders-notu\/\" \/>\n<meta property=\"og:site_name\" content=\"tarihkursu.com\" \/>\n<meta property=\"article:published_time\" content=\"2025-09-27T11:48:23+00:00\" \/>\n<meta property=\"article:modified_time\" content=\"2025-09-27T11:50:57+00:00\" \/>\n<meta property=\"og:image\" content=\"https:\/\/tarihkursu.com\/wp-content\/uploads\/2024\/10\/10.SINIF-TARIH-NOTLAR.png\" \/>\n\t<meta property=\"og:image:width\" content=\"1280\" \/>\n\t<meta property=\"og:image:height\" content=\"720\" \/>\n\t<meta property=\"og:image:type\" content=\"image\/png\" \/>\n<meta name=\"author\" content=\"tarihkursu\" \/>\n<meta name=\"twitter:card\" content=\"summary_large_image\" \/>\n<meta name=\"twitter:label1\" content=\"Yazan:\" \/>\n\t<meta name=\"twitter:data1\" content=\"tarihkursu\" \/>\n\t<meta name=\"twitter:label2\" content=\"Tahmini okuma s\u00fcresi\" \/>\n\t<meta name=\"twitter:data2\" content=\"11 dakika\" \/>\n<script type=\"application\/ld+json\" class=\"yoast-schema-graph\">{\"@context\":\"https:\\\/\\\/schema.org\",\"@graph\":[{\"@type\":\"Article\",\"@id\":\"https:\\\/\\\/tarihkursu.com\\\/index.php\\\/2025\\\/09\\\/27\\\/onemli-askeri-mucadelelerin-turk-tarihinin-seyrine-etkileri-ders-notu\\\/#article\",\"isPartOf\":{\"@id\":\"https:\\\/\\\/tarihkursu.com\\\/index.php\\\/2025\\\/09\\\/27\\\/onemli-askeri-mucadelelerin-turk-tarihinin-seyrine-etkileri-ders-notu\\\/\"},\"author\":{\"name\":\"tarihkursu\",\"@id\":\"https:\\\/\\\/tarihkursu.com\\\/#\\\/schema\\\/person\\\/d0f9105e31352dbe9f08d098ffb8c878\"},\"headline\":\"\u00d6nemli Askeri M\u00fccadelelerin T\u00fcrk Tarihinin Seyrine Etkileri Ders Notu\",\"datePublished\":\"2025-09-27T11:48:23+00:00\",\"dateModified\":\"2025-09-27T11:50:57+00:00\",\"mainEntityOfPage\":{\"@id\":\"https:\\\/\\\/tarihkursu.com\\\/index.php\\\/2025\\\/09\\\/27\\\/onemli-askeri-mucadelelerin-turk-tarihinin-seyrine-etkileri-ders-notu\\\/\"},\"wordCount\":2535,\"commentCount\":0,\"publisher\":{\"@id\":\"https:\\\/\\\/tarihkursu.com\\\/#\\\/schema\\\/person\\\/4d7bdc3b79e9f5198455474c0f203f3c\"},\"image\":{\"@id\":\"https:\\\/\\\/tarihkursu.com\\\/index.php\\\/2025\\\/09\\\/27\\\/onemli-askeri-mucadelelerin-turk-tarihinin-seyrine-etkileri-ders-notu\\\/#primaryimage\"},\"thumbnailUrl\":\"https:\\\/\\\/tarihkursu.com\\\/wp-content\\\/uploads\\\/2024\\\/10\\\/10.SINIF-TARIH-NOTLAR.png\",\"keywords\":[\"10. s\u0131n\u0131f tarih\",\"10. s\u0131n\u0131f tarih ders notlar\u0131\"],\"articleSection\":[\"10. S\u0131n\u0131f Tarih DERS NOTLARI\"],\"inLanguage\":\"tr\",\"potentialAction\":[{\"@type\":\"CommentAction\",\"name\":\"Comment\",\"target\":[\"https:\\\/\\\/tarihkursu.com\\\/index.php\\\/2025\\\/09\\\/27\\\/onemli-askeri-mucadelelerin-turk-tarihinin-seyrine-etkileri-ders-notu\\\/#respond\"]}]},{\"@type\":\"WebPage\",\"@id\":\"https:\\\/\\\/tarihkursu.com\\\/index.php\\\/2025\\\/09\\\/27\\\/onemli-askeri-mucadelelerin-turk-tarihinin-seyrine-etkileri-ders-notu\\\/\",\"url\":\"https:\\\/\\\/tarihkursu.com\\\/index.php\\\/2025\\\/09\\\/27\\\/onemli-askeri-mucadelelerin-turk-tarihinin-seyrine-etkileri-ders-notu\\\/\",\"name\":\"\u00d6nemli Askeri M\u00fccadelelerin T\u00fcrk Tarihinin Seyrine Etkileri Ders Notu - tarihkursu.com\",\"isPartOf\":{\"@id\":\"https:\\\/\\\/tarihkursu.com\\\/#website\"},\"primaryImageOfPage\":{\"@id\":\"https:\\\/\\\/tarihkursu.com\\\/index.php\\\/2025\\\/09\\\/27\\\/onemli-askeri-mucadelelerin-turk-tarihinin-seyrine-etkileri-ders-notu\\\/#primaryimage\"},\"image\":{\"@id\":\"https:\\\/\\\/tarihkursu.com\\\/index.php\\\/2025\\\/09\\\/27\\\/onemli-askeri-mucadelelerin-turk-tarihinin-seyrine-etkileri-ders-notu\\\/#primaryimage\"},\"thumbnailUrl\":\"https:\\\/\\\/tarihkursu.com\\\/wp-content\\\/uploads\\\/2024\\\/10\\\/10.SINIF-TARIH-NOTLAR.png\",\"datePublished\":\"2025-09-27T11:48:23+00:00\",\"dateModified\":\"2025-09-27T11:50:57+00:00\",\"description\":\"\u00d6nemli Askeri M\u00fccadelelerin T\u00fcrk Tarihinin Seyrine Etkileri Ders Notu sayesinde tarih dersi yaz\u0131l\u0131lar\u0131na tam olarak haz\u0131rlanacaks\u0131n\u0131z.\",\"breadcrumb\":{\"@id\":\"https:\\\/\\\/tarihkursu.com\\\/index.php\\\/2025\\\/09\\\/27\\\/onemli-askeri-mucadelelerin-turk-tarihinin-seyrine-etkileri-ders-notu\\\/#breadcrumb\"},\"inLanguage\":\"tr\",\"potentialAction\":[{\"@type\":\"ReadAction\",\"target\":[\"https:\\\/\\\/tarihkursu.com\\\/index.php\\\/2025\\\/09\\\/27\\\/onemli-askeri-mucadelelerin-turk-tarihinin-seyrine-etkileri-ders-notu\\\/\"]}]},{\"@type\":\"ImageObject\",\"inLanguage\":\"tr\",\"@id\":\"https:\\\/\\\/tarihkursu.com\\\/index.php\\\/2025\\\/09\\\/27\\\/onemli-askeri-mucadelelerin-turk-tarihinin-seyrine-etkileri-ders-notu\\\/#primaryimage\",\"url\":\"https:\\\/\\\/tarihkursu.com\\\/wp-content\\\/uploads\\\/2024\\\/10\\\/10.SINIF-TARIH-NOTLAR.png\",\"contentUrl\":\"https:\\\/\\\/tarihkursu.com\\\/wp-content\\\/uploads\\\/2024\\\/10\\\/10.SINIF-TARIH-NOTLAR.png\",\"width\":1280,\"height\":720,\"caption\":\"10. s\u0131n\u0131f ders notlar\u0131\"},{\"@type\":\"BreadcrumbList\",\"@id\":\"https:\\\/\\\/tarihkursu.com\\\/index.php\\\/2025\\\/09\\\/27\\\/onemli-askeri-mucadelelerin-turk-tarihinin-seyrine-etkileri-ders-notu\\\/#breadcrumb\",\"itemListElement\":[{\"@type\":\"ListItem\",\"position\":1,\"name\":\"Anasayfa\",\"item\":\"https:\\\/\\\/tarihkursu.com\\\/\"},{\"@type\":\"ListItem\",\"position\":2,\"name\":\"\u00d6nemli Askeri M\u00fccadelelerin T\u00fcrk Tarihinin Seyrine Etkileri Ders Notu\"}]},{\"@type\":\"WebSite\",\"@id\":\"https:\\\/\\\/tarihkursu.com\\\/#website\",\"url\":\"https:\\\/\\\/tarihkursu.com\\\/\",\"name\":\"Tarih Kursu\",\"description\":\"\u0130\u015fimiz G\u00fcc\u00fcm\u00fcz Tarih\",\"publisher\":{\"@id\":\"https:\\\/\\\/tarihkursu.com\\\/#\\\/schema\\\/person\\\/4d7bdc3b79e9f5198455474c0f203f3c\"},\"potentialAction\":[{\"@type\":\"SearchAction\",\"target\":{\"@type\":\"EntryPoint\",\"urlTemplate\":\"https:\\\/\\\/tarihkursu.com\\\/?s={search_term_string}\"},\"query-input\":{\"@type\":\"PropertyValueSpecification\",\"valueRequired\":true,\"valueName\":\"search_term_string\"}}],\"inLanguage\":\"tr\"},{\"@type\":[\"Person\",\"Organization\"],\"@id\":\"https:\\\/\\\/tarihkursu.com\\\/#\\\/schema\\\/person\\\/4d7bdc3b79e9f5198455474c0f203f3c\",\"name\":\"admin\",\"image\":{\"@type\":\"ImageObject\",\"inLanguage\":\"tr\",\"@id\":\"https:\\\/\\\/tarihkursu.com\\\/wp-content\\\/uploads\\\/2024\\\/10\\\/TARIHKURSU-Kopyasi.png\",\"url\":\"https:\\\/\\\/tarihkursu.com\\\/wp-content\\\/uploads\\\/2024\\\/10\\\/TARIHKURSU-Kopyasi.png\",\"contentUrl\":\"https:\\\/\\\/tarihkursu.com\\\/wp-content\\\/uploads\\\/2024\\\/10\\\/TARIHKURSU-Kopyasi.png\",\"width\":1080,\"height\":1080,\"caption\":\"admin\"},\"logo\":{\"@id\":\"https:\\\/\\\/tarihkursu.com\\\/wp-content\\\/uploads\\\/2024\\\/10\\\/TARIHKURSU-Kopyasi.png\"},\"sameAs\":[\"https:\\\/\\\/tarihkursu.com\"]},{\"@type\":\"Person\",\"@id\":\"https:\\\/\\\/tarihkursu.com\\\/#\\\/schema\\\/person\\\/d0f9105e31352dbe9f08d098ffb8c878\",\"name\":\"tarihkursu\",\"image\":{\"@type\":\"ImageObject\",\"inLanguage\":\"tr\",\"@id\":\"https:\\\/\\\/secure.gravatar.com\\\/avatar\\\/1354763acbc865faa7650c3e1e4431f187276d71f132349411302a546cdeae54?s=96&d=mm&r=g\",\"url\":\"https:\\\/\\\/secure.gravatar.com\\\/avatar\\\/1354763acbc865faa7650c3e1e4431f187276d71f132349411302a546cdeae54?s=96&d=mm&r=g\",\"contentUrl\":\"https:\\\/\\\/secure.gravatar.com\\\/avatar\\\/1354763acbc865faa7650c3e1e4431f187276d71f132349411302a546cdeae54?s=96&d=mm&r=g\",\"caption\":\"tarihkursu\"},\"url\":\"https:\\\/\\\/tarihkursu.com\\\/index.php\\\/author\\\/tarihkursu\\\/\"}]}<\/script>\n<!-- \/ Yoast SEO plugin. -->","yoast_head_json":{"title":"\u00d6nemli Askeri M\u00fccadelelerin T\u00fcrk Tarihinin Seyrine Etkileri Ders Notu - tarihkursu.com","description":"\u00d6nemli Askeri M\u00fccadelelerin T\u00fcrk Tarihinin Seyrine Etkileri Ders Notu sayesinde tarih dersi yaz\u0131l\u0131lar\u0131na tam olarak haz\u0131rlanacaks\u0131n\u0131z.","robots":{"index":"index","follow":"follow","max-snippet":"max-snippet:-1","max-image-preview":"max-image-preview:large","max-video-preview":"max-video-preview:-1"},"canonical":"https:\/\/tarihkursu.com\/index.php\/2025\/09\/27\/onemli-askeri-mucadelelerin-turk-tarihinin-seyrine-etkileri-ders-notu\/","og_locale":"tr_TR","og_type":"article","og_title":"\u00d6nemli Askeri M\u00fccadelelerin T\u00fcrk Tarihinin Seyrine Etkileri Ders Notu - tarihkursu.com","og_description":"\u00d6nemli Askeri M\u00fccadelelerin T\u00fcrk Tarihinin Seyrine Etkileri Ders Notu sayesinde tarih dersi yaz\u0131l\u0131lar\u0131na tam olarak haz\u0131rlanacaks\u0131n\u0131z.","og_url":"https:\/\/tarihkursu.com\/index.php\/2025\/09\/27\/onemli-askeri-mucadelelerin-turk-tarihinin-seyrine-etkileri-ders-notu\/","og_site_name":"tarihkursu.com","article_published_time":"2025-09-27T11:48:23+00:00","article_modified_time":"2025-09-27T11:50:57+00:00","og_image":[{"width":1280,"height":720,"url":"https:\/\/tarihkursu.com\/wp-content\/uploads\/2024\/10\/10.SINIF-TARIH-NOTLAR.png","type":"image\/png"}],"author":"tarihkursu","twitter_card":"summary_large_image","twitter_misc":{"Yazan:":"tarihkursu","Tahmini okuma s\u00fcresi":"11 dakika"},"schema":{"@context":"https:\/\/schema.org","@graph":[{"@type":"Article","@id":"https:\/\/tarihkursu.com\/index.php\/2025\/09\/27\/onemli-askeri-mucadelelerin-turk-tarihinin-seyrine-etkileri-ders-notu\/#article","isPartOf":{"@id":"https:\/\/tarihkursu.com\/index.php\/2025\/09\/27\/onemli-askeri-mucadelelerin-turk-tarihinin-seyrine-etkileri-ders-notu\/"},"author":{"name":"tarihkursu","@id":"https:\/\/tarihkursu.com\/#\/schema\/person\/d0f9105e31352dbe9f08d098ffb8c878"},"headline":"\u00d6nemli Askeri M\u00fccadelelerin T\u00fcrk Tarihinin Seyrine Etkileri Ders Notu","datePublished":"2025-09-27T11:48:23+00:00","dateModified":"2025-09-27T11:50:57+00:00","mainEntityOfPage":{"@id":"https:\/\/tarihkursu.com\/index.php\/2025\/09\/27\/onemli-askeri-mucadelelerin-turk-tarihinin-seyrine-etkileri-ders-notu\/"},"wordCount":2535,"commentCount":0,"publisher":{"@id":"https:\/\/tarihkursu.com\/#\/schema\/person\/4d7bdc3b79e9f5198455474c0f203f3c"},"image":{"@id":"https:\/\/tarihkursu.com\/index.php\/2025\/09\/27\/onemli-askeri-mucadelelerin-turk-tarihinin-seyrine-etkileri-ders-notu\/#primaryimage"},"thumbnailUrl":"https:\/\/tarihkursu.com\/wp-content\/uploads\/2024\/10\/10.SINIF-TARIH-NOTLAR.png","keywords":["10. s\u0131n\u0131f tarih","10. s\u0131n\u0131f tarih ders notlar\u0131"],"articleSection":["10. S\u0131n\u0131f Tarih DERS NOTLARI"],"inLanguage":"tr","potentialAction":[{"@type":"CommentAction","name":"Comment","target":["https:\/\/tarihkursu.com\/index.php\/2025\/09\/27\/onemli-askeri-mucadelelerin-turk-tarihinin-seyrine-etkileri-ders-notu\/#respond"]}]},{"@type":"WebPage","@id":"https:\/\/tarihkursu.com\/index.php\/2025\/09\/27\/onemli-askeri-mucadelelerin-turk-tarihinin-seyrine-etkileri-ders-notu\/","url":"https:\/\/tarihkursu.com\/index.php\/2025\/09\/27\/onemli-askeri-mucadelelerin-turk-tarihinin-seyrine-etkileri-ders-notu\/","name":"\u00d6nemli Askeri M\u00fccadelelerin T\u00fcrk Tarihinin Seyrine Etkileri Ders Notu - tarihkursu.com","isPartOf":{"@id":"https:\/\/tarihkursu.com\/#website"},"primaryImageOfPage":{"@id":"https:\/\/tarihkursu.com\/index.php\/2025\/09\/27\/onemli-askeri-mucadelelerin-turk-tarihinin-seyrine-etkileri-ders-notu\/#primaryimage"},"image":{"@id":"https:\/\/tarihkursu.com\/index.php\/2025\/09\/27\/onemli-askeri-mucadelelerin-turk-tarihinin-seyrine-etkileri-ders-notu\/#primaryimage"},"thumbnailUrl":"https:\/\/tarihkursu.com\/wp-content\/uploads\/2024\/10\/10.SINIF-TARIH-NOTLAR.png","datePublished":"2025-09-27T11:48:23+00:00","dateModified":"2025-09-27T11:50:57+00:00","description":"\u00d6nemli Askeri M\u00fccadelelerin T\u00fcrk Tarihinin Seyrine Etkileri Ders Notu sayesinde tarih dersi yaz\u0131l\u0131lar\u0131na tam olarak haz\u0131rlanacaks\u0131n\u0131z.","breadcrumb":{"@id":"https:\/\/tarihkursu.com\/index.php\/2025\/09\/27\/onemli-askeri-mucadelelerin-turk-tarihinin-seyrine-etkileri-ders-notu\/#breadcrumb"},"inLanguage":"tr","potentialAction":[{"@type":"ReadAction","target":["https:\/\/tarihkursu.com\/index.php\/2025\/09\/27\/onemli-askeri-mucadelelerin-turk-tarihinin-seyrine-etkileri-ders-notu\/"]}]},{"@type":"ImageObject","inLanguage":"tr","@id":"https:\/\/tarihkursu.com\/index.php\/2025\/09\/27\/onemli-askeri-mucadelelerin-turk-tarihinin-seyrine-etkileri-ders-notu\/#primaryimage","url":"https:\/\/tarihkursu.com\/wp-content\/uploads\/2024\/10\/10.SINIF-TARIH-NOTLAR.png","contentUrl":"https:\/\/tarihkursu.com\/wp-content\/uploads\/2024\/10\/10.SINIF-TARIH-NOTLAR.png","width":1280,"height":720,"caption":"10. s\u0131n\u0131f ders notlar\u0131"},{"@type":"BreadcrumbList","@id":"https:\/\/tarihkursu.com\/index.php\/2025\/09\/27\/onemli-askeri-mucadelelerin-turk-tarihinin-seyrine-etkileri-ders-notu\/#breadcrumb","itemListElement":[{"@type":"ListItem","position":1,"name":"Anasayfa","item":"https:\/\/tarihkursu.com\/"},{"@type":"ListItem","position":2,"name":"\u00d6nemli Askeri M\u00fccadelelerin T\u00fcrk Tarihinin Seyrine Etkileri Ders Notu"}]},{"@type":"WebSite","@id":"https:\/\/tarihkursu.com\/#website","url":"https:\/\/tarihkursu.com\/","name":"Tarih Kursu","description":"\u0130\u015fimiz G\u00fcc\u00fcm\u00fcz Tarih","publisher":{"@id":"https:\/\/tarihkursu.com\/#\/schema\/person\/4d7bdc3b79e9f5198455474c0f203f3c"},"potentialAction":[{"@type":"SearchAction","target":{"@type":"EntryPoint","urlTemplate":"https:\/\/tarihkursu.com\/?s={search_term_string}"},"query-input":{"@type":"PropertyValueSpecification","valueRequired":true,"valueName":"search_term_string"}}],"inLanguage":"tr"},{"@type":["Person","Organization"],"@id":"https:\/\/tarihkursu.com\/#\/schema\/person\/4d7bdc3b79e9f5198455474c0f203f3c","name":"admin","image":{"@type":"ImageObject","inLanguage":"tr","@id":"https:\/\/tarihkursu.com\/wp-content\/uploads\/2024\/10\/TARIHKURSU-Kopyasi.png","url":"https:\/\/tarihkursu.com\/wp-content\/uploads\/2024\/10\/TARIHKURSU-Kopyasi.png","contentUrl":"https:\/\/tarihkursu.com\/wp-content\/uploads\/2024\/10\/TARIHKURSU-Kopyasi.png","width":1080,"height":1080,"caption":"admin"},"logo":{"@id":"https:\/\/tarihkursu.com\/wp-content\/uploads\/2024\/10\/TARIHKURSU-Kopyasi.png"},"sameAs":["https:\/\/tarihkursu.com"]},{"@type":"Person","@id":"https:\/\/tarihkursu.com\/#\/schema\/person\/d0f9105e31352dbe9f08d098ffb8c878","name":"tarihkursu","image":{"@type":"ImageObject","inLanguage":"tr","@id":"https:\/\/secure.gravatar.com\/avatar\/1354763acbc865faa7650c3e1e4431f187276d71f132349411302a546cdeae54?s=96&d=mm&r=g","url":"https:\/\/secure.gravatar.com\/avatar\/1354763acbc865faa7650c3e1e4431f187276d71f132349411302a546cdeae54?s=96&d=mm&r=g","contentUrl":"https:\/\/secure.gravatar.com\/avatar\/1354763acbc865faa7650c3e1e4431f187276d71f132349411302a546cdeae54?s=96&d=mm&r=g","caption":"tarihkursu"},"url":"https:\/\/tarihkursu.com\/index.php\/author\/tarihkursu\/"}]}},"_links":{"self":[{"href":"https:\/\/tarihkursu.com\/index.php\/wp-json\/wp\/v2\/posts\/2833","targetHints":{"allow":["GET"]}}],"collection":[{"href":"https:\/\/tarihkursu.com\/index.php\/wp-json\/wp\/v2\/posts"}],"about":[{"href":"https:\/\/tarihkursu.com\/index.php\/wp-json\/wp\/v2\/types\/post"}],"author":[{"embeddable":true,"href":"https:\/\/tarihkursu.com\/index.php\/wp-json\/wp\/v2\/users\/2"}],"replies":[{"embeddable":true,"href":"https:\/\/tarihkursu.com\/index.php\/wp-json\/wp\/v2\/comments?post=2833"}],"version-history":[{"count":1,"href":"https:\/\/tarihkursu.com\/index.php\/wp-json\/wp\/v2\/posts\/2833\/revisions"}],"predecessor-version":[{"id":2834,"href":"https:\/\/tarihkursu.com\/index.php\/wp-json\/wp\/v2\/posts\/2833\/revisions\/2834"}],"wp:featuredmedia":[{"embeddable":true,"href":"https:\/\/tarihkursu.com\/index.php\/wp-json\/wp\/v2\/media\/1341"}],"wp:attachment":[{"href":"https:\/\/tarihkursu.com\/index.php\/wp-json\/wp\/v2\/media?parent=2833"}],"wp:term":[{"taxonomy":"category","embeddable":true,"href":"https:\/\/tarihkursu.com\/index.php\/wp-json\/wp\/v2\/categories?post=2833"},{"taxonomy":"post_tag","embeddable":true,"href":"https:\/\/tarihkursu.com\/index.php\/wp-json\/wp\/v2\/tags?post=2833"}],"curies":[{"name":"wp","href":"https:\/\/api.w.org\/{rel}","templated":true}]}}