{"id":2844,"date":"2025-09-27T16:54:25","date_gmt":"2025-09-27T13:54:25","guid":{"rendered":"https:\/\/tarihkursu.com\/?p=2844"},"modified":"2025-09-27T16:54:25","modified_gmt":"2025-09-27T13:54:25","slug":"turkistandan-turkiyeye-turklerde-devlet-ve-ordu-teskilatlari-ders-notu","status":"publish","type":"post","link":"https:\/\/tarihkursu.com\/index.php\/2025\/09\/27\/turkistandan-turkiyeye-turklerde-devlet-ve-ordu-teskilatlari-ders-notu\/","title":{"rendered":"T\u00fcrkistan\u2019dan T\u00fcrkiye\u2019ye T\u00fcrklerde Devlet ve Ordu Te\u015fkilatlar\u0131 Ders notu"},"content":{"rendered":"\n<p class=\"wp-block-paragraph\">Bu yaz\u0131m\u0131zda g\u00fcncel m\u00fcfredata g\u00f6re haz\u0131rlad\u0131\u011f\u0131m\u0131z <strong>10. s\u0131n\u0131f tarih dersi 1. \u00fcnitesi\u00a0<\/strong>olan\u00a0<strong>T\u00fcrkistan\u2019dan T\u00fcrkiye\u2019ye (1040- 1299)\u00a0<\/strong>\u00fcnitesinin\u00a0<strong>\u00f6zet ders notlar\u0131n\u0131\u00a0<\/strong>payla\u015f\u0131yoruz.\u00a0<strong>T\u00fcrkistan\u2019dan T\u00fcrkiye\u2019ye T\u00fcrklerde Devlet ve Ordu Te\u015fkilatlar\u0131<\/strong> Ders Notu sayesinde tarih dersi yaz\u0131l\u0131lar\u0131na tam olarak haz\u0131rlanacaks\u0131n\u0131z.<strong>10. s\u0131n\u0131f tarih kitab\u0131 \u00f6zet pdf\u00a0<\/strong>ders notlar\u0131 sayesinde derslerde daha ba\u015far\u0131l\u0131 olacaks\u0131n\u0131z.\u00a0<strong>Maarif modeline\u00a0<\/strong>uygun olarak haz\u0131rlad\u0131\u011f\u0131m\u0131z\u00a0<strong>10. s\u0131n\u0131f tarih dersi notlar\u0131\u00a0<\/strong>a\u015fa\u011f\u0131daki konular\u0131 kapsamaktad\u0131r.<\/p>\n\n\n\n<p class=\"wp-block-paragraph\">Ders:&nbsp;<strong>10. s\u0131n\u0131f tarih<\/strong><\/p>\n\n\n\n<p class=\"wp-block-paragraph\">\u00dcnite: 1. \u00dcnite:&nbsp;<strong>T\u00fcrkistan\u2019dan T\u00fcrkiye\u2019ye (1040- 1299)<\/strong><\/p>\n\n\n\n<p class=\"wp-block-paragraph\">\u00d6\u011frenme \u00c7\u0131kt\u0131s\u0131\/ kazan\u0131m:\u00a0<strong>T\u00fcrkistan\u2019dan T\u00fcrkiye\u2019ye T\u00fcrklerde Devlet ve Ordu Te\u015fkilatlar\u0131<\/strong> <strong>ders notlar\u0131<\/strong><\/p>\n\n\n\n<p class=\"wp-block-paragraph\">\u0130lgili yaz\u0131l\u0131:&nbsp;<strong>10. s\u0131n\u0131f tarih dersi 1. d\u00f6nem 1. yaz\u0131l\u0131<\/strong><\/p>\n\n\n\n<h2 class=\"wp-block-heading\"><strong>T\u00dcRK\u0130STAN\u2019DAN T\u00dcRK\u0130YE\u2019YE T\u00dcRKLERDE DEVLET VE ORDU TE\u015eK\u0130LATLARI<\/strong><strong><\/strong><\/h2>\n\n\n\n<p class=\"wp-block-paragraph\"><strong>\u0130slam \u00d6ncesi ve Sonras\u0131 T\u00fcrk Devletleri<\/strong><\/p>\n\n\n\n<p class=\"wp-block-paragraph\">T\u00fcrk devlet gelene\u011fi, Asya Hun Devleti ile ba\u015flay\u0131p G\u00f6kt\u00fcrk, Uygur ve Avrupa Hun devletleri ile geli\u015fmi\u015ftir.<\/p>\n\n\n\n<p class=\"wp-block-paragraph\">T\u00fcrkler, 751 Talas Sava\u015f\u0131 sonras\u0131 \u0130slamiyet\u2019i kitleler halinde kabul etmeye ba\u015flam\u0131\u015ft\u0131r.<\/p>\n\n\n\n<p class=\"wp-block-paragraph\">X. y\u00fczy\u0131ldan itibaren ilk T\u00fcrk-\u0130slam devletleri kurulmu\u015ftur.<\/p>\n\n\n\n<p class=\"wp-block-paragraph\">Bu yeni d\u00f6nemde Karahanl\u0131, Gazneli, B\u00fcy\u00fck Sel\u00e7uklu ve T\u00fcrkiye Sel\u00e7uklu gibi \u00f6nemli devletler tarih sahnesine \u00e7\u0131km\u0131\u015ft\u0131r.<\/p>\n\n\n\n<p class=\"wp-block-paragraph\"><strong>Asya Hun Devleti (M\u00d6 220 &#8211; MS 216)<\/strong><\/p>\n\n\n\n<p class=\"wp-block-paragraph\">Tarihte bilinen ilk T\u00fcrk devletidir.<\/p>\n\n\n\n<p class=\"wp-block-paragraph\">Kurucusu Teoman, en parlak d\u00f6nemi Mete Han zaman\u0131d\u0131r.<\/p>\n\n\n\n<p class=\"wp-block-paragraph\">Mete Han, &#8220;onlu sistem&#8221; ile kurdu\u011fu orduyla \u00c7in&#8217;i vergiye ba\u011flam\u0131\u015ft\u0131r.<\/p>\n\n\n\n<p class=\"wp-block-paragraph\">Hakimiyet alan\u0131 Sibirya&#8217;dan Hazar Denizi&#8217;ne uzanm\u0131\u015ft\u0131r.<\/p>\n\n\n\n<p class=\"wp-block-paragraph\">Mete Han&#8217;dan sonra i\u00e7 kar\u0131\u015f\u0131kl\u0131klarla zay\u0131flam\u0131\u015ft\u0131r.<\/p>\n\n\n\n<p class=\"wp-block-paragraph\">\u00d6nce Bat\u0131 ve Do\u011fu, sonra Kuzey ve G\u00fcney olarak ikiye b\u00f6l\u00fcnm\u00fc\u015ft\u00fcr.<\/p>\n\n\n\n<p class=\"wp-block-paragraph\">MS 216&#8217;da \u00c7in taraf\u0131ndan tamamen ortadan kald\u0131r\u0131lm\u0131\u015ft\u0131r.<\/p>\n\n\n\n<p class=\"wp-block-paragraph\"><strong>Avrupa Hun Devleti (375-469)<\/strong><\/p>\n\n\n\n<p class=\"wp-block-paragraph\">Kurucusu Balamir&#8217;dir ve bug\u00fcnk\u00fc Macaristan&#8217;da kurulmu\u015ftur.<\/p>\n\n\n\n<p class=\"wp-block-paragraph\">Asya Hun Devleti&#8217;nin b\u00f6l\u00fcnmesiyle bat\u0131ya ilerleyen Hunlar taraf\u0131ndan kuruldu.<\/p>\n\n\n\n<p class=\"wp-block-paragraph\">En parlak d\u00f6nemi, Avrupal\u0131lar\u0131n &#8220;Tanr\u0131&#8217;n\u0131n K\u0131rbac\u0131&#8221; dedi\u011fi Atilla zaman\u0131d\u0131r.<\/p>\n\n\n\n<p class=\"wp-block-paragraph\">Atilla, Do\u011fu ve Bat\u0131 Roma imparatorluklar\u0131na kar\u015f\u0131 ba\u015far\u0131l\u0131 m\u00fccadeleler vermi\u015ftir.<\/p>\n\n\n\n<p class=\"wp-block-paragraph\">Onun vefat\u0131ndan (453) sonra zay\u0131flam\u0131\u015f ve Hunlar Karadeniz&#8217;in kuzeyine \u00e7ekilmi\u015ftir.<\/p>\n\n\n\n<p class=\"wp-block-paragraph\"><strong>G\u00f6kt\u00fcrk Devleti (552-745)<\/strong><\/p>\n\n\n\n<p class=\"wp-block-paragraph\">Tarihte T\u00fcrk ad\u0131yla kurulmu\u015f ilk devlettir, merkezi \u00d6t\u00fcken&#8217;dir.<\/p>\n\n\n\n<p class=\"wp-block-paragraph\">Kurucusu: Bumin Ka\u011fan.<\/p>\n\n\n\n<p class=\"wp-block-paragraph\">Bumin Ka\u011fan \u00fclkenin do\u011fusunu, karde\u015fi \u0130stemi Yabgu bat\u0131s\u0131n\u0131 y\u00f6netmi\u015ftir.<\/p>\n\n\n\n<p class=\"wp-block-paragraph\">630&#8217;da zay\u0131flay\u0131p y\u0131k\u0131l\u0131nca T\u00fcrkler yakla\u015f\u0131k 50 y\u0131l \u00c7in esaretinde ya\u015fam\u0131\u015ft\u0131r.<\/p>\n\n\n\n<p class=\"wp-block-paragraph\">Kutlug Ka\u011fan (\u0130l-teri\u015f), 682&#8217;de II. G\u00f6kt\u00fcrk Devleti&#8217;ni kurmu\u015ftur.<\/p>\n\n\n\n<p class=\"wp-block-paragraph\">Bilge Ka\u011fan ve K\u00fcltigin&#8217;den sonra devlet eski g\u00fcc\u00fcn\u00fc kaybetmi\u015ftir.<\/p>\n\n\n\n<p class=\"wp-block-paragraph\">745&#8217;te Uygurlar, Karluk ve Basmiller taraf\u0131ndan y\u0131k\u0131lm\u0131\u015ft\u0131r.<\/p>\n\n\n\n<p class=\"wp-block-paragraph\"><strong>Uygur Devleti (744-840)<\/strong><\/p>\n\n\n\n<p class=\"wp-block-paragraph\">Kurucusu: Kutluk Bilge K\u00fcl Ka\u011fan, Ba\u015fkenti: Karabalgasun.<\/p>\n\n\n\n<p class=\"wp-block-paragraph\">Moyen-\u00c7or D\u00f6nemi&#8217;nde g\u00fc\u00e7lenmi\u015flerdir.<\/p>\n\n\n\n<p class=\"wp-block-paragraph\">B\u00f6g\u00fc Ka\u011fan zaman\u0131nda Maniheizm&#8217;i kabul ederek yerle\u015fik ya\u015fama ge\u00e7mi\u015flerdir.<\/p>\n\n\n\n<p class=\"wp-block-paragraph\">840&#8217;ta K\u0131rg\u0131zlar taraf\u0131ndan y\u0131k\u0131l\u0131nca ikiye ayr\u0131lm\u0131\u015flard\u0131r.<\/p>\n\n\n\n<p class=\"wp-block-paragraph\">Turfan Uygurlar\u0131 ve Sar\u0131 Uygurlar olarak varl\u0131klar\u0131n\u0131 s\u00fcrd\u00fcrm\u00fc\u015flerdir.<\/p>\n\n\n\n<p class=\"wp-block-paragraph\">G\u00fcn\u00fcm\u00fczde \u00c7in&#8217;in Sincan Uygur \u00d6zerk B\u00f6lgesi&#8217;nde ya\u015famaktad\u0131rlar.<\/p>\n\n\n\n<p class=\"wp-block-paragraph\"><strong>Karahanl\u0131 Devleti (840-1212)<\/strong><\/p>\n\n\n\n<p class=\"wp-block-paragraph\">Kurucusu: Bilge K\u00fcl Kadir Han, Kuruldu\u011fu B\u00f6lge: T\u00fcrkistan.<\/p>\n\n\n\n<p class=\"wp-block-paragraph\">T\u00fcrkistan&#8217;daki ilk M\u00fcsl\u00fcman T\u00fcrk devletidir.<\/p>\n\n\n\n<p class=\"wp-block-paragraph\">Karluk, Ya\u011fma, \u00c7i\u011fil ve Tuhsi boylar\u0131 taraf\u0131ndan kurulmu\u015ftur.<\/p>\n\n\n\n<p class=\"wp-block-paragraph\">Satuk Bu\u011fra Han, \u0130slamiyet&#8217;i kabul eden ilk Karahanl\u0131 h\u00fck\u00fcmdar\u0131d\u0131r.<\/p>\n\n\n\n<p class=\"wp-block-paragraph\">Taht m\u00fccadeleleri nedeniyle 1042&#8217;de Do\u011fu ve Bat\u0131 olarak ikiye b\u00f6l\u00fcnm\u00fc\u015ft\u00fcr.<\/p>\n\n\n\n<p class=\"wp-block-paragraph\">Do\u011fu Karahanl\u0131lar Karahitaylar, Bat\u0131 Karahanl\u0131lar ise Harzem\u015fahlar taraf\u0131ndan y\u0131k\u0131lm\u0131\u015ft\u0131r.<\/p>\n\n\n\n<p class=\"wp-block-paragraph\"><strong>Toluno\u011fullar\u0131 (868-905)<\/strong><\/p>\n\n\n\n<p class=\"wp-block-paragraph\">Kurucusu: Ahmed bin Tolun, Kuruldu\u011fu B\u00f6lge: M\u0131s\u0131r.<\/p>\n\n\n\n<p class=\"wp-block-paragraph\">M\u0131s\u0131r&#8217;da kurulan ilk M\u00fcsl\u00fcman T\u00fcrk devletidir.<\/p>\n\n\n\n<p class=\"wp-block-paragraph\">Ahmed bin Tolun, Abbasi Devleti&#8217;ndeki istikrars\u0131zl\u0131ktan yararlanarak ba\u011f\u0131ms\u0131zl\u0131\u011f\u0131n\u0131 ilan etmi\u015ftir.<\/p>\n\n\n\n<p class=\"wp-block-paragraph\">En parlak zaman\u0131n\u0131 Ahmed bin Tolun&#8217;un o\u011flu Hum\u00e2reveyh d\u00f6neminde ya\u015fam\u0131\u015ft\u0131r.<\/p>\n\n\n\n<p class=\"wp-block-paragraph\">Taht kavgalar\u0131 nedeniyle \u00e7\u0131kan i\u00e7 kar\u0131\u015f\u0131kl\u0131klar\u0131 f\u0131rsat bilen Abbasi ordusu devlete son vermi\u015ftir.<\/p>\n\n\n\n<p class=\"wp-block-paragraph\"><strong>Ak\u015fitler (\u0130h\u015fidiler) (935-969)<\/strong><\/p>\n\n\n\n<p class=\"wp-block-paragraph\">Kurucusu: Muhammed bin Tu\u011f\u00e7, Kuruldu\u011fu B\u00f6lge: M\u0131s\u0131r.<\/p>\n\n\n\n<p class=\"wp-block-paragraph\">M\u0131s\u0131r&#8217;da hakimiyet kuran ikinci T\u00fcrk devletidir.<\/p>\n\n\n\n<p class=\"wp-block-paragraph\">Devletin ad\u0131, kurucusuna verilen &#8220;\u0130h\u015fid&#8221; unvan\u0131ndan gelir.<\/p>\n\n\n\n<p class=\"wp-block-paragraph\">Muhammed bin Tu\u011f\u00e7&#8217;un 935&#8217;te M\u0131s\u0131r&#8217;a vali olarak atanmas\u0131yla ba\u015flam\u0131\u015ft\u0131r.<\/p>\n\n\n\n<p class=\"wp-block-paragraph\">T\u00fcrkler bu d\u00f6nemde ilk kez kutsal topraklarda (Hicaz) hakimiyet kurmu\u015ftur.<\/p>\n\n\n\n<p class=\"wp-block-paragraph\">969 y\u0131l\u0131nda F\u00e2t\u0131m\u00eeler taraf\u0131ndan y\u0131k\u0131lm\u0131\u015ft\u0131r.<\/p>\n\n\n\n<p class=\"wp-block-paragraph\"><strong>Gazneli Devleti (963-1187)<\/strong><\/p>\n\n\n\n<p class=\"wp-block-paragraph\">Kurucusu Alp Tegin&#8217;dir ve ba\u015fkenti Gazne&#8217;dir.<\/p>\n\n\n\n<p class=\"wp-block-paragraph\">Horasan, Afganistan ve Kuzey Hindistan&#8217;da h\u00fck\u00fcm s\u00fcrm\u00fc\u015flerdir.<\/p>\n\n\n\n<p class=\"wp-block-paragraph\">Gazneli Mahmud, Hindistan&#8217;a yapt\u0131\u011f\u0131 17 seferle \u0130slamiyet&#8217;in yay\u0131lmas\u0131n\u0131 sa\u011flam\u0131\u015ft\u0131r.<\/p>\n\n\n\n<p class=\"wp-block-paragraph\">1040&#8217;ta Sel\u00e7uklularla yap\u0131lan Dandanakan Sava\u015f\u0131&#8217;nda yenilerek zay\u0131flam\u0131\u015flard\u0131r.<\/p>\n\n\n\n<p class=\"wp-block-paragraph\">Bu sava\u015ftan sonra Hindistan&#8217;a \u00e7ekilmek zorunda kalm\u0131\u015flard\u0131r.<\/p>\n\n\n\n<p class=\"wp-block-paragraph\">1187&#8217;de Gurlular taraf\u0131ndan y\u0131k\u0131lm\u0131\u015flard\u0131r.<\/p>\n\n\n\n<p class=\"wp-block-paragraph\"><strong>B\u00fcy\u00fck Sel\u00e7uklu Devleti (1040-1157)<\/strong><\/p>\n\n\n\n<p class=\"wp-block-paragraph\">Kurucular\u0131: Sel\u00e7uk Bey, Tu\u011frul Bey. Kuruldu\u011fu B\u00f6lge: Horasan (\u0130ran).<\/p>\n\n\n\n<p class=\"wp-block-paragraph\">Dandanakan Sava\u015f\u0131 (1040) ile Gaznelilere kar\u015f\u0131 kazan\u0131larak resmen kurulmu\u015ftur.<\/p>\n\n\n\n<p class=\"wp-block-paragraph\">Alp Arslan, 1071 Malazgirt Zaferi ile Anadolu&#8217;nun kap\u0131lar\u0131n\u0131 T\u00fcrklere a\u00e7m\u0131\u015ft\u0131r.<\/p>\n\n\n\n<p class=\"wp-block-paragraph\">Melik\u015fah d\u00f6nemi, devletin s\u0131n\u0131rlar\u0131n\u0131 bat\u0131ya ve do\u011fuya do\u011fru geni\u015fletmi\u015ftir.<\/p>\n\n\n\n<p class=\"wp-block-paragraph\">Taht kavgalar\u0131 ve 1141 Katvan Sava\u015f\u0131&#8217;ndaki yenilgi devleti zay\u0131flatm\u0131\u015ft\u0131r.<\/p>\n\n\n\n<p class=\"wp-block-paragraph\">Sultan Sencer&#8217;in \u00f6l\u00fcm\u00fcnden sonra da\u011f\u0131lma s\u00fcrecine girmi\u015f ve y\u0131k\u0131lm\u0131\u015ft\u0131r.<\/p>\n\n\n\n<p class=\"wp-block-paragraph\"><strong>T\u00fcrkiye Sel\u00e7uklu Devleti (1075-1308)<\/strong><\/p>\n\n\n\n<p class=\"wp-block-paragraph\">Kurucusu: Kutalm\u0131\u015fo\u011flu S\u00fcleyman \u015eah, Ba\u015fkenti: \u00d6nce \u0130znik, sonra Konya.<\/p>\n\n\n\n<p class=\"wp-block-paragraph\">I. K\u0131l\u0131\u00e7arslan zaman\u0131nda Ha\u00e7l\u0131 Seferleri ba\u015flam\u0131\u015ft\u0131r.<\/p>\n\n\n\n<p class=\"wp-block-paragraph\">II. K\u0131l\u0131\u00e7arslan, Miryokefalon Sava\u015f\u0131&#8217;yla (1176) Bizans&#8217;\u0131 yenerek Anadolu hakimiyetini kesinle\u015ftirmi\u015ftir.<\/p>\n\n\n\n<p class=\"wp-block-paragraph\">En parlak d\u00f6nemini I. Al\u00e2eddin Keykubad zaman\u0131nda ya\u015fam\u0131\u015ft\u0131r.<\/p>\n\n\n\n<p class=\"wp-block-paragraph\">K\u00f6seda\u011f Sava\u015f\u0131&#8217;ndaki (1243) Mo\u011fol yenilgisiyle da\u011f\u0131lma s\u00fcrecine girmi\u015ftir.<\/p>\n\n\n\n<p class=\"wp-block-paragraph\">Y\u0131k\u0131lmas\u0131ndan sonra Anadolu&#8217;da bir\u00e7ok T\u00fcrk beyli\u011fi ortaya \u00e7\u0131km\u0131\u015ft\u0131r.<\/p>\n\n\n\n<p class=\"wp-block-paragraph\"><strong>Harzem\u015fahlar (1097-1231)<\/strong><\/p>\n\n\n\n<p class=\"wp-block-paragraph\">Kurucusu: \u0130l Arslan, Kuruldu\u011fu B\u00f6lge: Harezm.<\/p>\n\n\n\n<p class=\"wp-block-paragraph\">B\u00fcy\u00fck Sel\u00e7uklu Devleti valilerinden \u0130l Arslan taraf\u0131ndan kurulmu\u015ftur.<\/p>\n\n\n\n<p class=\"wp-block-paragraph\">En \u00f6nemli h\u00fck\u00fcmdarlar\u0131 Celaleddin Harzem\u015fah&#8217;t\u0131r.<\/p>\n\n\n\n<p class=\"wp-block-paragraph\">Mavera\u00fcnnehir, \u0130ran ve Azerbaycan topraklar\u0131nda h\u00fck\u00fcm s\u00fcrm\u00fc\u015flerdir.<\/p>\n\n\n\n<p class=\"wp-block-paragraph\">Mo\u011follarla girdikleri m\u00fccadeleler sonucunda zay\u0131flam\u0131\u015flard\u0131r.<\/p>\n\n\n\n<p class=\"wp-block-paragraph\">T\u00fcrkiye Sel\u00e7uklular\u0131 ile yapt\u0131klar\u0131 Yass\u0131 \u00c7emen Sava\u015f\u0131&#8217;nda (1230) yenilince y\u0131k\u0131lm\u0131\u015flard\u0131r.<\/p>\n\n\n\n<p class=\"wp-block-paragraph\"><strong>Eyyubiler (1174-1462)<\/strong><\/p>\n\n\n\n<p class=\"wp-block-paragraph\">Kurucusu: Selahaddin Eyyubi, Kuruldu\u011fu B\u00f6lge: M\u0131s\u0131r.<\/p>\n\n\n\n<p class=\"wp-block-paragraph\">Selahaddin Eyyubi, Fat\u0131milerin M\u0131s\u0131r&#8217;daki hilafetini kald\u0131rarak devleti kurmu\u015ftur.<\/p>\n\n\n\n<p class=\"wp-block-paragraph\">H\u0131ttin Muharebesi (1187) ile Ha\u00e7l\u0131lar\u0131 yenilgiye u\u011fratm\u0131\u015f ve Kud\u00fcs&#8217;\u00fc fethetmi\u015ftir.<\/p>\n\n\n\n<p class=\"wp-block-paragraph\">Bu zafer sonras\u0131 Avrupal\u0131lar\u0131n yeni Ha\u00e7l\u0131 seferine kar\u015f\u0131 ba\u015far\u0131l\u0131 bir savunma yapm\u0131\u015ft\u0131r.<\/p>\n\n\n\n<p class=\"wp-block-paragraph\">Selahaddin Eyyubi&#8217;nin vefat\u0131ndan sonra zay\u0131flam\u0131\u015ft\u0131r.<\/p>\n\n\n\n<p class=\"wp-block-paragraph\">Meml\u00fck komutanlar\u0131ndan Aybek, Eyyubi h\u00e2kimiyetine son vermi\u015ftir.<\/p>\n\n\n\n<p class=\"wp-block-paragraph\"><strong>Mo\u011fol \u0130mparatorlu\u011fu (Devlet-i \u00c2l-i Cengiz) (1196-1227)<\/strong><\/p>\n\n\n\n<p class=\"wp-block-paragraph\">Kurucusu: Cengiz Han, Kuruldu\u011fu B\u00f6lge: T\u00fcrkistan.<\/p>\n\n\n\n<p class=\"wp-block-paragraph\">Cengiz Han (Temu\u00e7in), 1206&#8217;da t\u00fcm Mo\u011fol kabilelerinin ka\u011fan\u0131 se\u00e7ilmi\u015ftir.<\/p>\n\n\n\n<p class=\"wp-block-paragraph\">D\u00fcnyan\u0131n en geni\u015f kara imparatorlu\u011funu kurmu\u015ftur.<\/p>\n\n\n\n<p class=\"wp-block-paragraph\">S\u0131n\u0131rlar\u0131 Avrupa&#8217;dan Japon Denizi&#8217;ne ve Akdeniz&#8217;e kadar uzanm\u0131\u015ft\u0131r.<\/p>\n\n\n\n<p class=\"wp-block-paragraph\">Cengiz Han, hayattayken imparatorlu\u011fu d\u00f6rt o\u011flu aras\u0131nda payla\u015ft\u0131rm\u0131\u015ft\u0131r.<\/p>\n\n\n\n<p class=\"wp-block-paragraph\"><strong>Alt\u0131n Orda Hanl\u0131\u011f\u0131 (1241-1502)<\/strong><\/p>\n\n\n\n<p class=\"wp-block-paragraph\">Kurucusu: Batu Han, Kuruldu\u011fu B\u00f6lge: Karadeniz&#8217;in kuzeyi.<\/p>\n\n\n\n<p class=\"wp-block-paragraph\">Cengiz Han&#8217;\u0131n torunu Batu Han taraf\u0131ndan kurulmu\u015ftur.<\/p>\n\n\n\n<p class=\"wp-block-paragraph\">Berke Han d\u00f6neminde Alt\u0131n Ordular M\u00fcsl\u00fcman olmu\u015ftur.<\/p>\n\n\n\n<p class=\"wp-block-paragraph\">Toktam\u0131\u015f Han&#8217;\u0131n Emir Timur ile m\u00fccadelesi devleti zay\u0131flatm\u0131\u015ft\u0131r.<\/p>\n\n\n\n<p class=\"wp-block-paragraph\">Bu yenilgilerden sonra hanl\u0131k par\u00e7alanma s\u00fcrecine girmi\u015ftir.<\/p>\n\n\n\n<p class=\"wp-block-paragraph\">Topraklar\u0131nda bir\u00e7ok hanl\u0131k kurulmu\u015f, Moskova Knezli\u011fi ba\u011f\u0131ms\u0131z olmu\u015ftur.<\/p>\n\n\n\n<p class=\"wp-block-paragraph\"><strong>Meml\u00fbklar (1250-1517)<\/strong><\/p>\n\n\n\n<p class=\"wp-block-paragraph\">Kurucusu: Aybek, Kuruldu\u011fu B\u00f6lge: M\u0131s\u0131r.<\/p>\n\n\n\n<p class=\"wp-block-paragraph\">Eyyubi ordusundaki T\u00fcrk komutanlar taraf\u0131ndan kurulmu\u015ftur.<\/p>\n\n\n\n<p class=\"wp-block-paragraph\">Aynicalut Sava\u015f\u0131&#8217;yla (1260) Mo\u011follar\u0131 yenilgiye u\u011fratm\u0131\u015flard\u0131r.<\/p>\n\n\n\n<p class=\"wp-block-paragraph\">Sultan Baybars, Abbasi halifeli\u011fini M\u0131s\u0131r&#8217;da himayesi alt\u0131na alm\u0131\u015ft\u0131r.<\/p>\n\n\n\n<p class=\"wp-block-paragraph\">Bu sayede &#8220;hilafetin koruyucusu&#8221; s\u0131fat\u0131yla \u0130slam d\u00fcnyas\u0131nda n\u00fcfuz sahibi olmu\u015flard\u0131r.<\/p>\n\n\n\n<p class=\"wp-block-paragraph\">Yavuz Sultan Selim&#8217;in M\u0131s\u0131r Seferi sonucunda 1517&#8217;de y\u0131k\u0131lm\u0131\u015flard\u0131r.<\/p>\n\n\n\n<p class=\"wp-block-paragraph\"><strong>\u0130lhanl\u0131 Devleti (1256-1353)<\/strong><\/p>\n\n\n\n<p class=\"wp-block-paragraph\">Kurucusu: H\u00fclagu Han, Kuruldu\u011fu B\u00f6lge: Tebriz (\u0130ran).<\/p>\n\n\n\n<p class=\"wp-block-paragraph\">Mo\u011fol \u0130mparatorlu\u011fu da\u011f\u0131l\u0131nca Cengiz Han&#8217;\u0131n torunu H\u00fclagu Han kurmu\u015ftur.<\/p>\n\n\n\n<p class=\"wp-block-paragraph\">K\u00f6seda\u011f Sava\u015f\u0131&#8217;yla (1243) T\u00fcrkiye Sel\u00e7uklular\u0131n\u0131 yenerek Anadolu&#8217;da hakimiyet kurdular.<\/p>\n\n\n\n<p class=\"wp-block-paragraph\">1258&#8217;de Ba\u011fdat&#8217;\u0131 alarak Abbasi Devleti&#8217;ni ortadan kald\u0131rm\u0131\u015flard\u0131r.<\/p>\n\n\n\n<p class=\"wp-block-paragraph\">1260&#8217;ta Meml\u00fcklerle yap\u0131lan Aynicalut Sava\u015f\u0131&#8217;nda a\u011f\u0131r bir yenilgi alm\u0131\u015flard\u0131r.<\/p>\n\n\n\n<p class=\"wp-block-paragraph\">Bu yenilgiyle Yak\u0131n Do\u011fu&#8217;daki ilerleyi\u015fleri durmu\u015ftur.<\/p>\n\n\n\n<p class=\"wp-block-paragraph\"><strong>Osmanl\u0131 Devleti (1299-1922)<\/strong><\/p>\n\n\n\n<p class=\"wp-block-paragraph\">Kurucusu: Osman Bey, Kuruldu\u011fu B\u00f6lge: S\u00f6\u011f\u00fct ve Domani\u00e7 (Bilecik).<\/p>\n\n\n\n<p class=\"wp-block-paragraph\">O\u011fuzlar\u0131n Kay\u0131 boyuna mensup bir u\u00e7 beyli\u011fi olarak ortaya \u00e7\u0131km\u0131\u015ft\u0131r.<\/p>\n\n\n\n<p class=\"wp-block-paragraph\">Osman Bey liderli\u011finde g\u00fc\u00e7lenerek 1299&#8217;da devletle\u015fmi\u015ftir.<\/p>\n\n\n\n<p class=\"wp-block-paragraph\">XV. y\u00fczy\u0131lda \u0130stanbul&#8217;u fethederek b\u00fcy\u00fck bir d\u00fcnya devleti olmu\u015ftur.<\/p>\n\n\n\n<p class=\"wp-block-paragraph\">Alt\u0131 y\u00fcz y\u0131l\u0131 a\u015fan \u00f6mr\u00fc ve \u00fc\u00e7 k\u0131taya yay\u0131lan h\u00fck\u00fcmranl\u0131\u011f\u0131yla tarihin en b\u00fcy\u00fck devletlerindendir.<\/p>\n\n\n\n<p class=\"wp-block-paragraph\"><strong>Timurlular (1370-1507)<\/strong><\/p>\n\n\n\n<p class=\"wp-block-paragraph\">Kurucusu: Emir Timur, Kuruldu\u011fu B\u00f6lge: Mavera\u00fcnnehir.<\/p>\n\n\n\n<p class=\"wp-block-paragraph\">\u00c7a\u011fataylar\u0131n i\u00e7 kar\u0131\u015f\u0131kl\u0131klar\u0131ndan yararlanarak ba\u011f\u0131ms\u0131zl\u0131\u011f\u0131n\u0131 ilan etmi\u015ftir.<\/p>\n\n\n\n<p class=\"wp-block-paragraph\">S\u0131n\u0131rlar\u0131n\u0131 Irak&#8217;a kadar geni\u015fletmi\u015f, Alt\u0131n Orda Hanl\u0131\u011f\u0131&#8217;n\u0131 ortadan kald\u0131rm\u0131\u015ft\u0131r.<\/p>\n\n\n\n<p class=\"wp-block-paragraph\">Meml\u00fckler ve Osmanl\u0131larla yapt\u0131\u011f\u0131 m\u00fccadeleleri de kazanm\u0131\u015ft\u0131r.<\/p>\n\n\n\n<p class=\"wp-block-paragraph\">1402 Ankara sava\u015f\u0131nda Y\u0131ld\u0131r\u0131m Bayezid\u2019i yenmi\u015flerdir.<\/p>\n\n\n\n<p class=\"wp-block-paragraph\">Emir Timur&#8217;un vefat\u0131ndan (1405) sonra i\u00e7 kar\u0131\u015f\u0131kl\u0131klar ba\u015flam\u0131\u015ft\u0131r.<\/p>\n\n\n\n<p class=\"wp-block-paragraph\">Yakla\u015f\u0131k bir as\u0131r sonra par\u00e7alanarak y\u0131k\u0131lm\u0131\u015ft\u0131r.<\/p>\n\n\n\n<p class=\"wp-block-paragraph\"><strong>B\u00e2b\u00fcrl\u00fcler (1526-1858)<\/strong><\/p>\n\n\n\n<p class=\"wp-block-paragraph\">Kurucusu: B\u00e2b\u00fcr \u015eah, Kuruldu\u011fu B\u00f6lge: Kuzey Hindistan.<\/p>\n\n\n\n<p class=\"wp-block-paragraph\">\u00c7a\u011fatay T\u00fcrklerinden B\u00e2b\u00fcr \u015eah taraf\u0131ndan kurulmu\u015ftur.<\/p>\n\n\n\n<p class=\"wp-block-paragraph\">Ekber \u015eah D\u00f6nemi&#8217;nde Pakistan, Banglade\u015f ve Afganistan&#8217;\u0131 da fethetmi\u015flerdir.<\/p>\n\n\n\n<p class=\"wp-block-paragraph\">Hindu isyanlar\u0131 ve \u0130ngiliz istilas\u0131 nedeniyle h\u0131zla g\u00fc\u00e7 kaybetmi\u015flerdir.<\/p>\n\n\n\n<p class=\"wp-block-paragraph\">Tarihte Tac Mahal gibi mimari eserlerle ve B\u00e2b\u00fcrname ile tan\u0131n\u0131rlar.<\/p>\n\n\n\n<p class=\"wp-block-paragraph\">Son h\u00fck\u00fcmdar II. Bahad\u0131r&#8217;\u0131n vefat\u0131yla 1862&#8217;de y\u0131k\u0131lm\u0131\u015ft\u0131r.<\/p>\n\n\n\n<p class=\"wp-block-paragraph\"><strong>H\u00fck\u00fcmdar\u0131n Me\u015fruiyet Kayna\u011f\u0131<\/strong><\/p>\n\n\n\n<p class=\"wp-block-paragraph\">\u0130slam \u00f6ncesi T\u00fcrk devletlerinde h\u00fck\u00fcmdar\u0131n me\u015fruiyet kayna\u011f\u0131 kut anlay\u0131\u015f\u0131na dayan\u0131rd\u0131.<\/p>\n\n\n\n<p class=\"wp-block-paragraph\">Kut, y\u00f6netme yetkisinin G\u00f6k Tanr\u0131 taraf\u0131ndan verildi\u011fi inanc\u0131yd\u0131.<\/p>\n\n\n\n<p class=\"wp-block-paragraph\">Ka\u011fan, G\u00f6k Tanr\u0131&#8217;n\u0131n yery\u00fcz\u00fcndeki temsilcisi olarak g\u00f6r\u00fcl\u00fcrd\u00fc.<\/p>\n\n\n\n<p class=\"wp-block-paragraph\">\u0130slamiyet\u2019in kabul\u00fcyle bu anlay\u0131\u015f, h\u00fck\u00fcmdar\u0131n \u201czillullah fi&#8217;l-arz\u201d yani \u201cAllah\u2019\u0131n yery\u00fcz\u00fcndeki g\u00f6lgesi\u201d olarak g\u00f6r\u00fclmesi \u015feklinde devam etmi\u015ftir.<\/p>\n\n\n\n<p class=\"wp-block-paragraph\"><strong>T\u00f6re\u2019den \u015eeri Hukuka Ge\u00e7i\u015f<\/strong><\/p>\n\n\n\n<p class=\"wp-block-paragraph\">\u0130lk T\u00fcrk devletlerinde ka\u011fan\u0131n yetkileri t\u00f6re (yaz\u0131s\u0131z hukuk kurallar\u0131) ile s\u0131n\u0131rl\u0131yd\u0131.<\/p>\n\n\n\n<p class=\"wp-block-paragraph\">Halk\u0131n refah\u0131n\u0131 sa\u011flayamayan ka\u011fan\u0131n, kut&#8217;u kaybetti\u011fine inan\u0131l\u0131rd\u0131.<\/p>\n\n\n\n<p class=\"wp-block-paragraph\">\u0130slamiyet\u2019le birlikte devlet y\u00f6netiminde t\u00f6renin yan\u0131 s\u0131ra dine dayal\u0131 \u015feri kurallar da uygulanmaya ba\u015fland\u0131.<\/p>\n\n\n\n<p class=\"wp-block-paragraph\">Devlet anlam\u0131na gelen \u201cil\u201d kelimesi, yerini \u201cm\u00fclk\u201d kavram\u0131na b\u0131rakt\u0131.<\/p>\n\n\n\n<p class=\"wp-block-paragraph\"><strong>T\u00fcrk Cihan H\u00e2kimiyeti ve Cihat Anlay\u0131\u015f\u0131<\/strong><\/p>\n\n\n\n<p class=\"wp-block-paragraph\">T\u00fcrklerin \u201ccihan devleti kurma\u201d \u00fclk\u00fcs\u00fc, \u0130slam\u2019daki \u201ci&#8217;l\u00e2-y\u0131 kelimetullah\u201d (Allah\u2019\u0131n ad\u0131n\u0131 y\u00fcceltme) hedefiyle birle\u015fti.<\/p>\n\n\n\n<p class=\"wp-block-paragraph\">Bu birle\u015fimle birlikte sava\u015flar, gaza ve cihat anlay\u0131\u015f\u0131yla yap\u0131lmaya ba\u015fland\u0131.<\/p>\n\n\n\n<p class=\"wp-block-paragraph\">T\u00fcrkler, d\u00fcnyada adaleti ve d\u00fczeni sa\u011flama hedefi olan \u201cnizam-\u0131 \u00e2lem\u201d sorumlulu\u011funu \u00fcstlendi.<\/p>\n\n\n\n<p class=\"wp-block-paragraph\"><strong>\u0130slamiyet\u2019in Kabul\u00fcnden \u00d6nceki D\u00f6nemde H\u00fck\u00fcmdarl\u0131k Alametleri<\/strong><\/p>\n\n\n\n<p class=\"wp-block-paragraph\">Taht, tac, Ota\u011f (saltanat \u00e7ad\u0131r\u0131), Tu\u011f, Para, Bayrak-Sancak, Ok ve Yay.<\/p>\n\n\n\n<p class=\"wp-block-paragraph\"><strong>\u0130slamiyet\u2019in Kabul\u00fcnden Sonraki H\u00fck\u00fcmdarl\u0131k Alametleri<\/strong><\/p>\n\n\n\n<p class=\"wp-block-paragraph\">Saray, \u00c7etr (\u015eemsiye), Ta\u00e7, T\u0131r\u00e2z-Hilat, Nevbet (Davul), Tevki-Tu\u011fra (imza- m\u00fch\u00fcr), Hutbe.<\/p>\n\n\n\n<p class=\"wp-block-paragraph\"><strong>\u0130lk T\u00fcrk-\u0130slam Devletleri: Karahanl\u0131lar ve Gazneliler<\/strong><\/p>\n\n\n\n<p class=\"wp-block-paragraph\">T\u00fcrk-\u0130slam devlet gelene\u011fi Karahanl\u0131 Devleti ile ba\u015flam\u0131\u015ft\u0131r.<\/p>\n\n\n\n<p class=\"wp-block-paragraph\">Gazneli Devleti ise \u0130ran ve Abbasi devlet geleneklerinden etkilenmi\u015ftir.<\/p>\n\n\n\n<p class=\"wp-block-paragraph\">H\u00fck\u00fcmdarlar, T\u00fcrk\u00e7e isimlerinin yan\u0131na Abd\u00fclkerim (Satuk Bu\u011fra Han) gibi \u0130slami isimler de alm\u0131\u015flard\u0131r.<\/p>\n\n\n\n<p class=\"wp-block-paragraph\">Abbasi halifeleri, h\u00fck\u00fcmdarlara unvanlar vererek onlar\u0131n saltanat\u0131n\u0131 onaylard\u0131.<\/p>\n\n\n\n<p class=\"wp-block-paragraph\">Sultan unvan\u0131 ilk kez Gazneliler d\u00f6neminde kullan\u0131lm\u0131\u015ft\u0131r.<\/p>\n\n\n\n<p class=\"wp-block-paragraph\"><strong>Devlet Y\u00f6netimi: Kurultay\u2019dan Divan\u2019a<\/strong><\/p>\n\n\n\n<p class=\"wp-block-paragraph\">\u0130slam \u00f6ncesindeki siyasi, askeri ve hukuki kararlar\u0131n al\u0131nd\u0131\u011f\u0131 kurultay, yerini divan te\u015fkilat\u0131na b\u0131rakt\u0131.<\/p>\n\n\n\n<p class=\"wp-block-paragraph\">En \u00f6nemli karar organ\u0131 Divan-\u0131 A&#8217;l\u00e2 (B\u00fcy\u00fck Divan) idi.<\/p>\n\n\n\n<p class=\"wp-block-paragraph\">B\u00fcy\u00fck divana Karahanl\u0131larda Meclis-i \u00c2l\u00ee, Gaznelilerde Divan-\u0131 Vezaret denirdi.<\/p>\n\n\n\n<p class=\"wp-block-paragraph\">Karahanl\u0131larda divan\u0131 yu\u011fru\u015f (vezir), Gaznelilerde ise h\u00e2ce-i buzurg (ba\u015fvezir) y\u00f6netirdi.<\/p>\n\n\n\n<p class=\"wp-block-paragraph\">Bu ana divana ba\u011fl\u0131 olarak \u00e7al\u0131\u015fan alt divanlar da bulunurdu.<\/p>\n\n\n\n<p class=\"wp-block-paragraph\"><strong>B\u00fcy\u00fck Sel\u00e7uklu Devlet Te\u015fkilat\u0131<\/strong><\/p>\n\n\n\n<p class=\"wp-block-paragraph\">H\u00fck\u00fcmdar (es-Sultan\u00fc&#8217;l-Az\u00e2m \/ B\u00fcy\u00fck Sultan): Devletin ba\u015f\u0131d\u0131r ve t\u00fcm te\u015fkilat ona ba\u011fl\u0131d\u0131r. Saray\u2019da ya\u015fard\u0131 (B\u00e2rg\u00e2h).<\/p>\n\n\n\n<p class=\"wp-block-paragraph\">Ana birimler \u015funlard\u0131r: Saray, Merkez Te\u015fkilat\u0131, Ta\u015fra, Adalet, Ordu.<\/p>\n\n\n\n<p class=\"wp-block-paragraph\"><strong>Saray G\u00f6revlileri<\/strong><\/p>\n\n\n\n<p class=\"wp-block-paragraph\">H\u00e2cib\u00fc&#8217;l-H\u00fccc\u00e2b: Sarayda h\u00fck\u00fcmdardan, devlet te\u015frifat\u0131ndan ise h\u00fck\u00fcmdar ve vezirden sonraki en yetkili ki\u015fi; sarayda \u00e7al\u0131\u015fan b\u00fct\u00fcn h\u00e2ciblerin ba\u015f\u0131.<\/p>\n\n\n\n<p class=\"wp-block-paragraph\">Di\u011fer Saray G\u00f6revlileri:<\/p>\n\n\n\n<ul class=\"wp-block-list\">\n<li><strong>H\u00e2cib:<\/strong> H\u00fck\u00fcmdar\u0131n halkla ve devlet adamlar\u0131yla irtibat\u0131n\u0131 sa\u011flayan g\u00f6revli.<\/li>\n\n\n\n<li><strong>Emir-i Candar:<\/strong> Saray muhaf\u0131zlar\u0131n\u0131n idaresinden sorumlu g\u00f6revli.<\/li>\n\n\n\n<li><strong>Emir-i Silah:<\/strong> Saraydaki silahlardan sorumlu g\u00f6revli.<\/li>\n\n\n\n<li><strong>Emir-i \u015eik\u00e2r:<\/strong> Av merasimlerinin d\u00fczeninden sorumlu g\u00f6revli.<\/li>\n\n\n\n<li><strong>Emir-i Alem:<\/strong> Sancak ta\u015f\u0131makla y\u00fck\u00fcml\u00fc g\u00f6revli.<\/li>\n\n\n\n<li><strong>Emir-i Ahur:<\/strong> Saray ah\u0131rlar\u0131n\u0131n bak\u0131m\u0131ndan sorumlu g\u00f6revli.<\/li>\n\n\n\n<li><strong>Emir-i \u00c7e\u015fnigir:<\/strong> H\u00fck\u00fcmdar\u0131n sofras\u0131n\u0131 denetleyen ve yemeklerin tad\u0131m\u0131n\u0131 yapan g\u00f6revli.<\/li>\n\n\n\n<li><strong>\u0130di\u015f\u00e7iba\u015f\u0131:<\/strong> Saraydaki me\u015frubatlar\u0131n haz\u0131rlanmas\u0131ndan ve takdiminden sorumlu g\u00f6revli.<\/li>\n\n\n\n<li><strong>C\u00e2medar:<\/strong> H\u00fck\u00fcmdar\u0131n giyim ku\u015fam\u0131ndan sorumlu g\u00f6revli.<\/li>\n\n\n\n<li><strong>Hansal\u00e2r (A\u015f\u00e7\u0131ba\u015f\u0131):<\/strong> Saray mutfa\u011f\u0131ndan sorumlu g\u00f6revli.<\/li>\n\n\n\n<li>\u00a0<\/li>\n<\/ul>\n\n\n\n<p class=\"wp-block-paragraph\"><strong>B\u00fcy\u00fck Sel\u00e7uklu Devleti: Merkez Te\u015fkilat\u0131<\/strong><\/p>\n\n\n\n<p class=\"wp-block-paragraph\">Divan-\u0131 A&#8217;l\u00e2 (B\u00fcy\u00fck Divan): Devletin en \u00fcst y\u00f6netim organ\u0131yd\u0131 ve ba\u015f\u0131nda Sahib-i Divan-\u0131 Vez\u00e2ret (Vezir) (Sahib-i \u00c2&#8217;z\u00e2m) bulunurdu.<\/p>\n\n\n\n<p class=\"wp-block-paragraph\">Ba\u011fl\u0131 Divanlar:<\/p>\n\n\n\n<ul class=\"wp-block-list\">\n<li><strong>Divan-\u0131 Tu\u011frai (\u0130n\u015fa):<\/strong> \u0130\u00e7 ve d\u0131\u015f yaz\u0131\u015fmalardan sorumluydu.<\/li>\n\n\n\n<li><strong>Divan-\u0131 \u0130stifa:<\/strong> Mali i\u015flerle ilgilenirdi.<\/li>\n\n\n\n<li><strong>Divan-\u0131 Arz (Cey\u015f):<\/strong> Askeri i\u015flerden sorumluydu.<\/li>\n\n\n\n<li><strong>Divan-\u0131 \u0130\u015fr\u00e2f:<\/strong> \u0130dari ve mali i\u015fleri denetlerdi.<\/li>\n<\/ul>\n\n\n\n<p class=\"wp-block-paragraph\"><strong>B\u00fcy\u00fck Sel\u00e7uklu Devleti: Ta\u015fra ve Adalet<\/strong><\/p>\n\n\n\n<p class=\"wp-block-paragraph\"><strong>Ta\u015fra (\u0130l) Y\u00f6netimi:<\/strong><\/p>\n\n\n\n<ul class=\"wp-block-list\">\n<li><strong>Melik (\u015eehzade):<\/strong> H\u00fck\u00fcmdar\u0131n erkek \u00e7ocu\u011fu, eyaletleri y\u00f6netirdi.<\/li>\n\n\n\n<li><strong>Atabey:<\/strong> Meliklerin hocas\u0131 ve rehberiydi.<\/li>\n\n\n\n<li>\u015e\u0131hne\/\u015eahne: Askeri vali olarak g\u00f6rev yapard\u0131.<\/li>\n<\/ul>\n\n\n\n<p class=\"wp-block-paragraph\">Adalet Sistemi:<\/p>\n\n\n\n<ul class=\"wp-block-list\">\n<li><strong>K\u00e2d\u0131\u00fclkud\u00e2t (Ba\u015fk\u00e2d\u0131):<\/strong> \u015eeri hukuktan sorumluydu.<\/li>\n\n\n\n<li><strong>Emir-i D\u00e2d:<\/strong> \u00d6rfi hukuka bakard\u0131.<\/li>\n<\/ul>\n\n\n\n<p class=\"wp-block-paragraph\"><strong>Veraset Sistemi ve Taht Kavgalar\u0131<\/strong><\/p>\n\n\n\n<p class=\"wp-block-paragraph\">T\u00fcrk-\u0130slam devletlerinde de \u00fclke, hanedan\u0131n ortak mal\u0131 say\u0131l\u0131yordu.<\/p>\n\n\n\n<p class=\"wp-block-paragraph\">Kut inanc\u0131 gere\u011fi hanedan\u0131n t\u00fcm erkek \u00fcyeleri tahtta hak iddia edebilirdi.<\/p>\n\n\n\n<p class=\"wp-block-paragraph\">Bu belirsizlik, s\u0131k s\u0131k taht kavgalar\u0131na ve devletin zay\u0131flamas\u0131na neden oluyordu.<\/p>\n\n\n\n<p class=\"wp-block-paragraph\">\u00d6rne\u011fin, Sultan Alp Arslan&#8217;\u0131n \u00f6l\u00fcm\u00fcnden sonra o\u011flu Melik\u015fah, amcas\u0131 Kavurt Bey ile taht i\u00e7in sava\u015fmak zorunda kalm\u0131\u015ft\u0131r.<\/p>\n\n\n\n<p class=\"wp-block-paragraph\"><strong>T\u00fcrkiye Sel\u00e7uklu Devleti\u2019ndeki Farkl\u0131l\u0131klar<\/strong><\/p>\n\n\n\n<p class=\"wp-block-paragraph\">H\u00fck\u00fcmdarlar sultan\u00fc&#8217;l-berr ve&#8217;l-bahr (karalar\u0131n ve denizlerin sultan\u0131) gibi yeni unvanlar kulland\u0131lar.<\/p>\n\n\n\n<p class=\"wp-block-paragraph\">Ayr\u0131ca Fars\u00e7adan gelen keykubad, keyh\u00fcsrev, keykavus gibi unvanlar da kullan\u0131ld\u0131.<\/p>\n\n\n\n<p class=\"wp-block-paragraph\">Sultan sefere \u00e7\u0131kt\u0131\u011f\u0131nda veya hasta oldu\u011funda ona Naib-i Saltanat vek\u00e2let ederdi.<\/p>\n\n\n\n<p class=\"wp-block-paragraph\">Pervane ad\u0131 verilen g\u00f6revliler, ikta arazilerinin kay\u0131tlar\u0131n\u0131 tutard\u0131.<\/p>\n\n\n\n<p class=\"wp-block-paragraph\"><strong>T\u00fcrk-\u0130slam Devletlerinde Ordu Yap\u0131s\u0131<\/strong><\/p>\n\n\n\n<p class=\"wp-block-paragraph\">Ordular, Asya Hun H\u00fck\u00fcmdar\u0131 Mete Han taraf\u0131ndan olu\u015fturulan onlu sisteme g\u00f6re d\u00fczenlenmi\u015fti.<\/p>\n\n\n\n<p class=\"wp-block-paragraph\">Karahanl\u0131lar d\u0131\u015f\u0131nda ordularda farkl\u0131 etnik k\u00f6kenlerden askerler de bulunurdu.<\/p>\n\n\n\n<p class=\"wp-block-paragraph\">Gulam Sistemi: Sarayda \u00f6zel olarak yeti\u015ftirilen askerlerden olu\u015fan birliklerdi. Bu askerler maa\u015fl\u0131yd\u0131 ve h\u00fck\u00fcmdar\u0131 korurdu.<\/p>\n\n\n\n<p class=\"wp-block-paragraph\">Gaznelilerde hassa ordusu, ordunun as\u0131l g\u00fcc\u00fcn\u00fc olu\u015ftururdu.<\/p>\n\n\n\n<p class=\"wp-block-paragraph\"><strong>B\u00fcy\u00fck Sel\u00e7uklu Ordusu ve \u0130kta Sistemi<\/strong><\/p>\n\n\n\n<p class=\"wp-block-paragraph\">Devletin kurulu\u015funda T\u00fcrkmen birlikleri etkili olsa da zamanla yerlerini gulamlar alm\u0131\u015ft\u0131r.<\/p>\n\n\n\n<p class=\"wp-block-paragraph\">\u0130kta Sistemi:<\/p>\n\n\n\n<p class=\"wp-block-paragraph\">\u00dclke topraklar\u0131 devlete aitti.<\/p>\n\n\n\n<p class=\"wp-block-paragraph\">\u0130kta sahipleri, kendilerine verilen topraklar\u0131n gelirleriyle asker beslemek ve b\u00f6lgenin g\u00fcvenli\u011fini sa\u011flamak zorundayd\u0131.<\/p>\n\n\n\n<p class=\"wp-block-paragraph\">Bu sistem sayesinde devlet, hazineden para harcamadan sava\u015fa haz\u0131r b\u00fcy\u00fck bir orduya sahip olmu\u015ftur.<\/p>\n\n\n\n<p class=\"wp-block-paragraph\"><strong>T\u00fcrkiye Sel\u00e7uklu Ordusu ve Donanma<\/strong><\/p>\n\n\n\n<p class=\"wp-block-paragraph\">Ordunun ba\u015fkomutan\u0131na Beylerbeyi veya Emir\u00fc&#8217;l-\u00dcmer\u00e2 denirdi.<\/p>\n\n\n\n<p class=\"wp-block-paragraph\">Ordu komutanlar\u0131 Suba\u015f\u0131 unvan\u0131n\u0131 ta\u015f\u0131rd\u0131.<\/p>\n\n\n\n<p class=\"wp-block-paragraph\">T\u00fcrkiye Sel\u00e7uklular\u0131, denizcili\u011fe \u00f6nem vererek bir donanma kurmu\u015flard\u0131r.<\/p>\n\n\n\n<p class=\"wp-block-paragraph\">Donanma komutanlar\u0131na Reis\u00fc&#8217;l-Bahr (Denizin Reisi) veya Melik\u00fc&#8217;s-Sevahiller (Sahillerin Meliki) denirdi.<\/p>\n","protected":false},"excerpt":{"rendered":"<div class=\"mh-excerpt\"><p>Bu yaz\u0131m\u0131zda g\u00fcncel m\u00fcfredata g\u00f6re haz\u0131rlad\u0131\u011f\u0131m\u0131z 10. s\u0131n\u0131f tarih dersi 1. \u00fcnitesi\u00a0olan\u00a0T\u00fcrkistan\u2019dan T\u00fcrkiye\u2019ye (1040- 1299)\u00a0\u00fcnitesinin\u00a0\u00f6zet ders notlar\u0131n\u0131\u00a0payla\u015f\u0131yoruz.\u00a0T\u00fcrkistan\u2019dan T\u00fcrkiye\u2019ye T\u00fcrklerde Devlet ve Ordu Te\u015fkilatlar\u0131 Ders Notu <a class=\"mh-excerpt-more\" href=\"https:\/\/tarihkursu.com\/index.php\/2025\/09\/27\/turkistandan-turkiyeye-turklerde-devlet-ve-ordu-teskilatlari-ders-notu\/\" title=\"T\u00fcrkistan\u2019dan T\u00fcrkiye\u2019ye T\u00fcrklerde Devlet ve Ordu Te\u015fkilatlar\u0131 Ders notu\">[&#8230;]<\/a><\/p>\n<\/div>","protected":false},"author":2,"featured_media":1341,"comment_status":"open","ping_status":"open","sticky":false,"template":"","format":"standard","meta":{"_regular_price":[],"currency_symbol":[],"footnotes":""},"categories":[161],"tags":[5,288],"class_list":["post-2844","post","type-post","status-publish","format-standard","has-post-thumbnail","hentry","category-10-sinif-tarih-ders-notlari","tag-10-sinif-tarih","tag-10-sinif-tarih-ders-notlari"],"post_slider_layout_featured_media_urls":{"thumbnail":["https:\/\/tarihkursu.com\/wp-content\/uploads\/2024\/10\/10.SINIF-TARIH-NOTLAR-150x150.png",150,150,true],"post_slider_layout_landscape_large":["https:\/\/tarihkursu.com\/wp-content\/uploads\/2024\/10\/10.SINIF-TARIH-NOTLAR-1200x720.png",1200,720,true],"post_slider_layout_portrait_large":["https:\/\/tarihkursu.com\/wp-content\/uploads\/2024\/10\/10.SINIF-TARIH-NOTLAR-1200x720.png",1200,720,true],"post_slider_layout_square_large":["https:\/\/tarihkursu.com\/wp-content\/uploads\/2024\/10\/10.SINIF-TARIH-NOTLAR-1200x720.png",1200,720,true],"post_slider_layout_landscape":["https:\/\/tarihkursu.com\/wp-content\/uploads\/2024\/10\/10.SINIF-TARIH-NOTLAR-600x400.png",600,400,true],"post_slider_layout_portrait":["https:\/\/tarihkursu.com\/wp-content\/uploads\/2024\/10\/10.SINIF-TARIH-NOTLAR-600x720.png",600,720,true],"post_slider_layout_square":["https:\/\/tarihkursu.com\/wp-content\/uploads\/2024\/10\/10.SINIF-TARIH-NOTLAR-600x600.png",600,600,true],"full":["https:\/\/tarihkursu.com\/wp-content\/uploads\/2024\/10\/10.SINIF-TARIH-NOTLAR.png",1280,720,false]},"yoast_head":"<!-- This site is optimized with the Yoast SEO plugin v28.4 - https:\/\/yoast.com\/product\/yoast-seo-wordpress\/ -->\n<title>T\u00fcrkistan\u2019dan T\u00fcrkiye\u2019ye T\u00fcrklerde Devlet ve Ordu Te\u015fkilatlar\u0131 Ders notu - tarihkursu.com<\/title>\n<meta name=\"description\" content=\"10. s\u0131n\u0131f tarih dersi 1. \u00fcnitesi\u00a0olan\u00a0T\u00fcrkistan\u2019dan T\u00fcrkiye\u2019ye (1040- 1299)\u00a0\u00fcnitesinin\u00a0\u00f6zet ders notlar\u0131n\u0131\u00a0payla\u015f\u0131yoruz.\u00a0\" \/>\n<meta name=\"robots\" content=\"index, follow, max-snippet:-1, max-image-preview:large, max-video-preview:-1\" \/>\n<link rel=\"canonical\" href=\"https:\/\/tarihkursu.com\/index.php\/2025\/09\/27\/turkistandan-turkiyeye-turklerde-devlet-ve-ordu-teskilatlari-ders-notu\/\" \/>\n<meta property=\"og:locale\" content=\"tr_TR\" \/>\n<meta property=\"og:type\" content=\"article\" \/>\n<meta property=\"og:title\" content=\"T\u00fcrkistan\u2019dan T\u00fcrkiye\u2019ye T\u00fcrklerde Devlet ve Ordu Te\u015fkilatlar\u0131 Ders notu - tarihkursu.com\" \/>\n<meta property=\"og:description\" content=\"10. s\u0131n\u0131f tarih dersi 1. \u00fcnitesi\u00a0olan\u00a0T\u00fcrkistan\u2019dan T\u00fcrkiye\u2019ye (1040- 1299)\u00a0\u00fcnitesinin\u00a0\u00f6zet ders notlar\u0131n\u0131\u00a0payla\u015f\u0131yoruz.\u00a0\" \/>\n<meta property=\"og:url\" content=\"https:\/\/tarihkursu.com\/index.php\/2025\/09\/27\/turkistandan-turkiyeye-turklerde-devlet-ve-ordu-teskilatlari-ders-notu\/\" \/>\n<meta property=\"og:site_name\" content=\"tarihkursu.com\" \/>\n<meta property=\"article:published_time\" content=\"2025-09-27T13:54:25+00:00\" \/>\n<meta property=\"og:image\" content=\"https:\/\/tarihkursu.com\/wp-content\/uploads\/2024\/10\/10.SINIF-TARIH-NOTLAR.png\" \/>\n\t<meta property=\"og:image:width\" content=\"1280\" \/>\n\t<meta property=\"og:image:height\" content=\"720\" \/>\n\t<meta property=\"og:image:type\" content=\"image\/png\" \/>\n<meta name=\"author\" content=\"tarihkursu\" \/>\n<meta name=\"twitter:card\" content=\"summary_large_image\" \/>\n<meta name=\"twitter:label1\" content=\"Yazan:\" \/>\n\t<meta name=\"twitter:data1\" content=\"tarihkursu\" \/>\n\t<meta name=\"twitter:label2\" content=\"Tahmini okuma s\u00fcresi\" \/>\n\t<meta name=\"twitter:data2\" content=\"12 dakika\" \/>\n<script type=\"application\/ld+json\" class=\"yoast-schema-graph\">{\"@context\":\"https:\\\/\\\/schema.org\",\"@graph\":[{\"@type\":\"Article\",\"@id\":\"https:\\\/\\\/tarihkursu.com\\\/index.php\\\/2025\\\/09\\\/27\\\/turkistandan-turkiyeye-turklerde-devlet-ve-ordu-teskilatlari-ders-notu\\\/#article\",\"isPartOf\":{\"@id\":\"https:\\\/\\\/tarihkursu.com\\\/index.php\\\/2025\\\/09\\\/27\\\/turkistandan-turkiyeye-turklerde-devlet-ve-ordu-teskilatlari-ders-notu\\\/\"},\"author\":{\"name\":\"tarihkursu\",\"@id\":\"https:\\\/\\\/tarihkursu.com\\\/#\\\/schema\\\/person\\\/d0f9105e31352dbe9f08d098ffb8c878\"},\"headline\":\"T\u00fcrkistan\u2019dan T\u00fcrkiye\u2019ye T\u00fcrklerde Devlet ve Ordu Te\u015fkilatlar\u0131 Ders notu\",\"datePublished\":\"2025-09-27T13:54:25+00:00\",\"mainEntityOfPage\":{\"@id\":\"https:\\\/\\\/tarihkursu.com\\\/index.php\\\/2025\\\/09\\\/27\\\/turkistandan-turkiyeye-turklerde-devlet-ve-ordu-teskilatlari-ders-notu\\\/\"},\"wordCount\":2916,\"commentCount\":0,\"publisher\":{\"@id\":\"https:\\\/\\\/tarihkursu.com\\\/#\\\/schema\\\/person\\\/4d7bdc3b79e9f5198455474c0f203f3c\"},\"image\":{\"@id\":\"https:\\\/\\\/tarihkursu.com\\\/index.php\\\/2025\\\/09\\\/27\\\/turkistandan-turkiyeye-turklerde-devlet-ve-ordu-teskilatlari-ders-notu\\\/#primaryimage\"},\"thumbnailUrl\":\"https:\\\/\\\/tarihkursu.com\\\/wp-content\\\/uploads\\\/2024\\\/10\\\/10.SINIF-TARIH-NOTLAR.png\",\"keywords\":[\"10. s\u0131n\u0131f tarih\",\"10. s\u0131n\u0131f tarih ders notlar\u0131\"],\"articleSection\":[\"10. S\u0131n\u0131f Tarih DERS NOTLARI\"],\"inLanguage\":\"tr\",\"potentialAction\":[{\"@type\":\"CommentAction\",\"name\":\"Comment\",\"target\":[\"https:\\\/\\\/tarihkursu.com\\\/index.php\\\/2025\\\/09\\\/27\\\/turkistandan-turkiyeye-turklerde-devlet-ve-ordu-teskilatlari-ders-notu\\\/#respond\"]}]},{\"@type\":\"WebPage\",\"@id\":\"https:\\\/\\\/tarihkursu.com\\\/index.php\\\/2025\\\/09\\\/27\\\/turkistandan-turkiyeye-turklerde-devlet-ve-ordu-teskilatlari-ders-notu\\\/\",\"url\":\"https:\\\/\\\/tarihkursu.com\\\/index.php\\\/2025\\\/09\\\/27\\\/turkistandan-turkiyeye-turklerde-devlet-ve-ordu-teskilatlari-ders-notu\\\/\",\"name\":\"T\u00fcrkistan\u2019dan T\u00fcrkiye\u2019ye T\u00fcrklerde Devlet ve Ordu Te\u015fkilatlar\u0131 Ders notu - tarihkursu.com\",\"isPartOf\":{\"@id\":\"https:\\\/\\\/tarihkursu.com\\\/#website\"},\"primaryImageOfPage\":{\"@id\":\"https:\\\/\\\/tarihkursu.com\\\/index.php\\\/2025\\\/09\\\/27\\\/turkistandan-turkiyeye-turklerde-devlet-ve-ordu-teskilatlari-ders-notu\\\/#primaryimage\"},\"image\":{\"@id\":\"https:\\\/\\\/tarihkursu.com\\\/index.php\\\/2025\\\/09\\\/27\\\/turkistandan-turkiyeye-turklerde-devlet-ve-ordu-teskilatlari-ders-notu\\\/#primaryimage\"},\"thumbnailUrl\":\"https:\\\/\\\/tarihkursu.com\\\/wp-content\\\/uploads\\\/2024\\\/10\\\/10.SINIF-TARIH-NOTLAR.png\",\"datePublished\":\"2025-09-27T13:54:25+00:00\",\"description\":\"10. s\u0131n\u0131f tarih dersi 1. \u00fcnitesi\u00a0olan\u00a0T\u00fcrkistan\u2019dan T\u00fcrkiye\u2019ye (1040- 1299)\u00a0\u00fcnitesinin\u00a0\u00f6zet ders notlar\u0131n\u0131\u00a0payla\u015f\u0131yoruz.\u00a0\",\"breadcrumb\":{\"@id\":\"https:\\\/\\\/tarihkursu.com\\\/index.php\\\/2025\\\/09\\\/27\\\/turkistandan-turkiyeye-turklerde-devlet-ve-ordu-teskilatlari-ders-notu\\\/#breadcrumb\"},\"inLanguage\":\"tr\",\"potentialAction\":[{\"@type\":\"ReadAction\",\"target\":[\"https:\\\/\\\/tarihkursu.com\\\/index.php\\\/2025\\\/09\\\/27\\\/turkistandan-turkiyeye-turklerde-devlet-ve-ordu-teskilatlari-ders-notu\\\/\"]}]},{\"@type\":\"ImageObject\",\"inLanguage\":\"tr\",\"@id\":\"https:\\\/\\\/tarihkursu.com\\\/index.php\\\/2025\\\/09\\\/27\\\/turkistandan-turkiyeye-turklerde-devlet-ve-ordu-teskilatlari-ders-notu\\\/#primaryimage\",\"url\":\"https:\\\/\\\/tarihkursu.com\\\/wp-content\\\/uploads\\\/2024\\\/10\\\/10.SINIF-TARIH-NOTLAR.png\",\"contentUrl\":\"https:\\\/\\\/tarihkursu.com\\\/wp-content\\\/uploads\\\/2024\\\/10\\\/10.SINIF-TARIH-NOTLAR.png\",\"width\":1280,\"height\":720,\"caption\":\"10. s\u0131n\u0131f ders notlar\u0131\"},{\"@type\":\"BreadcrumbList\",\"@id\":\"https:\\\/\\\/tarihkursu.com\\\/index.php\\\/2025\\\/09\\\/27\\\/turkistandan-turkiyeye-turklerde-devlet-ve-ordu-teskilatlari-ders-notu\\\/#breadcrumb\",\"itemListElement\":[{\"@type\":\"ListItem\",\"position\":1,\"name\":\"Anasayfa\",\"item\":\"https:\\\/\\\/tarihkursu.com\\\/\"},{\"@type\":\"ListItem\",\"position\":2,\"name\":\"T\u00fcrkistan\u2019dan T\u00fcrkiye\u2019ye T\u00fcrklerde Devlet ve Ordu Te\u015fkilatlar\u0131 Ders notu\"}]},{\"@type\":\"WebSite\",\"@id\":\"https:\\\/\\\/tarihkursu.com\\\/#website\",\"url\":\"https:\\\/\\\/tarihkursu.com\\\/\",\"name\":\"Tarih Kursu\",\"description\":\"\u0130\u015fimiz G\u00fcc\u00fcm\u00fcz Tarih\",\"publisher\":{\"@id\":\"https:\\\/\\\/tarihkursu.com\\\/#\\\/schema\\\/person\\\/4d7bdc3b79e9f5198455474c0f203f3c\"},\"potentialAction\":[{\"@type\":\"SearchAction\",\"target\":{\"@type\":\"EntryPoint\",\"urlTemplate\":\"https:\\\/\\\/tarihkursu.com\\\/?s={search_term_string}\"},\"query-input\":{\"@type\":\"PropertyValueSpecification\",\"valueRequired\":true,\"valueName\":\"search_term_string\"}}],\"inLanguage\":\"tr\"},{\"@type\":[\"Person\",\"Organization\"],\"@id\":\"https:\\\/\\\/tarihkursu.com\\\/#\\\/schema\\\/person\\\/4d7bdc3b79e9f5198455474c0f203f3c\",\"name\":\"admin\",\"image\":{\"@type\":\"ImageObject\",\"inLanguage\":\"tr\",\"@id\":\"https:\\\/\\\/tarihkursu.com\\\/wp-content\\\/uploads\\\/2024\\\/10\\\/TARIHKURSU-Kopyasi.png\",\"url\":\"https:\\\/\\\/tarihkursu.com\\\/wp-content\\\/uploads\\\/2024\\\/10\\\/TARIHKURSU-Kopyasi.png\",\"contentUrl\":\"https:\\\/\\\/tarihkursu.com\\\/wp-content\\\/uploads\\\/2024\\\/10\\\/TARIHKURSU-Kopyasi.png\",\"width\":1080,\"height\":1080,\"caption\":\"admin\"},\"logo\":{\"@id\":\"https:\\\/\\\/tarihkursu.com\\\/wp-content\\\/uploads\\\/2024\\\/10\\\/TARIHKURSU-Kopyasi.png\"},\"sameAs\":[\"https:\\\/\\\/tarihkursu.com\"]},{\"@type\":\"Person\",\"@id\":\"https:\\\/\\\/tarihkursu.com\\\/#\\\/schema\\\/person\\\/d0f9105e31352dbe9f08d098ffb8c878\",\"name\":\"tarihkursu\",\"image\":{\"@type\":\"ImageObject\",\"inLanguage\":\"tr\",\"@id\":\"https:\\\/\\\/secure.gravatar.com\\\/avatar\\\/1354763acbc865faa7650c3e1e4431f187276d71f132349411302a546cdeae54?s=96&d=mm&r=g\",\"url\":\"https:\\\/\\\/secure.gravatar.com\\\/avatar\\\/1354763acbc865faa7650c3e1e4431f187276d71f132349411302a546cdeae54?s=96&d=mm&r=g\",\"contentUrl\":\"https:\\\/\\\/secure.gravatar.com\\\/avatar\\\/1354763acbc865faa7650c3e1e4431f187276d71f132349411302a546cdeae54?s=96&d=mm&r=g\",\"caption\":\"tarihkursu\"},\"url\":\"https:\\\/\\\/tarihkursu.com\\\/index.php\\\/author\\\/tarihkursu\\\/\"}]}<\/script>\n<!-- \/ Yoast SEO plugin. -->","yoast_head_json":{"title":"T\u00fcrkistan\u2019dan T\u00fcrkiye\u2019ye T\u00fcrklerde Devlet ve Ordu Te\u015fkilatlar\u0131 Ders notu - tarihkursu.com","description":"10. s\u0131n\u0131f tarih dersi 1. \u00fcnitesi\u00a0olan\u00a0T\u00fcrkistan\u2019dan T\u00fcrkiye\u2019ye (1040- 1299)\u00a0\u00fcnitesinin\u00a0\u00f6zet ders notlar\u0131n\u0131\u00a0payla\u015f\u0131yoruz.\u00a0","robots":{"index":"index","follow":"follow","max-snippet":"max-snippet:-1","max-image-preview":"max-image-preview:large","max-video-preview":"max-video-preview:-1"},"canonical":"https:\/\/tarihkursu.com\/index.php\/2025\/09\/27\/turkistandan-turkiyeye-turklerde-devlet-ve-ordu-teskilatlari-ders-notu\/","og_locale":"tr_TR","og_type":"article","og_title":"T\u00fcrkistan\u2019dan T\u00fcrkiye\u2019ye T\u00fcrklerde Devlet ve Ordu Te\u015fkilatlar\u0131 Ders notu - tarihkursu.com","og_description":"10. s\u0131n\u0131f tarih dersi 1. \u00fcnitesi\u00a0olan\u00a0T\u00fcrkistan\u2019dan T\u00fcrkiye\u2019ye (1040- 1299)\u00a0\u00fcnitesinin\u00a0\u00f6zet ders notlar\u0131n\u0131\u00a0payla\u015f\u0131yoruz.\u00a0","og_url":"https:\/\/tarihkursu.com\/index.php\/2025\/09\/27\/turkistandan-turkiyeye-turklerde-devlet-ve-ordu-teskilatlari-ders-notu\/","og_site_name":"tarihkursu.com","article_published_time":"2025-09-27T13:54:25+00:00","og_image":[{"width":1280,"height":720,"url":"https:\/\/tarihkursu.com\/wp-content\/uploads\/2024\/10\/10.SINIF-TARIH-NOTLAR.png","type":"image\/png"}],"author":"tarihkursu","twitter_card":"summary_large_image","twitter_misc":{"Yazan:":"tarihkursu","Tahmini okuma s\u00fcresi":"12 dakika"},"schema":{"@context":"https:\/\/schema.org","@graph":[{"@type":"Article","@id":"https:\/\/tarihkursu.com\/index.php\/2025\/09\/27\/turkistandan-turkiyeye-turklerde-devlet-ve-ordu-teskilatlari-ders-notu\/#article","isPartOf":{"@id":"https:\/\/tarihkursu.com\/index.php\/2025\/09\/27\/turkistandan-turkiyeye-turklerde-devlet-ve-ordu-teskilatlari-ders-notu\/"},"author":{"name":"tarihkursu","@id":"https:\/\/tarihkursu.com\/#\/schema\/person\/d0f9105e31352dbe9f08d098ffb8c878"},"headline":"T\u00fcrkistan\u2019dan T\u00fcrkiye\u2019ye T\u00fcrklerde Devlet ve Ordu Te\u015fkilatlar\u0131 Ders notu","datePublished":"2025-09-27T13:54:25+00:00","mainEntityOfPage":{"@id":"https:\/\/tarihkursu.com\/index.php\/2025\/09\/27\/turkistandan-turkiyeye-turklerde-devlet-ve-ordu-teskilatlari-ders-notu\/"},"wordCount":2916,"commentCount":0,"publisher":{"@id":"https:\/\/tarihkursu.com\/#\/schema\/person\/4d7bdc3b79e9f5198455474c0f203f3c"},"image":{"@id":"https:\/\/tarihkursu.com\/index.php\/2025\/09\/27\/turkistandan-turkiyeye-turklerde-devlet-ve-ordu-teskilatlari-ders-notu\/#primaryimage"},"thumbnailUrl":"https:\/\/tarihkursu.com\/wp-content\/uploads\/2024\/10\/10.SINIF-TARIH-NOTLAR.png","keywords":["10. s\u0131n\u0131f tarih","10. s\u0131n\u0131f tarih ders notlar\u0131"],"articleSection":["10. S\u0131n\u0131f Tarih DERS NOTLARI"],"inLanguage":"tr","potentialAction":[{"@type":"CommentAction","name":"Comment","target":["https:\/\/tarihkursu.com\/index.php\/2025\/09\/27\/turkistandan-turkiyeye-turklerde-devlet-ve-ordu-teskilatlari-ders-notu\/#respond"]}]},{"@type":"WebPage","@id":"https:\/\/tarihkursu.com\/index.php\/2025\/09\/27\/turkistandan-turkiyeye-turklerde-devlet-ve-ordu-teskilatlari-ders-notu\/","url":"https:\/\/tarihkursu.com\/index.php\/2025\/09\/27\/turkistandan-turkiyeye-turklerde-devlet-ve-ordu-teskilatlari-ders-notu\/","name":"T\u00fcrkistan\u2019dan T\u00fcrkiye\u2019ye T\u00fcrklerde Devlet ve Ordu Te\u015fkilatlar\u0131 Ders notu - tarihkursu.com","isPartOf":{"@id":"https:\/\/tarihkursu.com\/#website"},"primaryImageOfPage":{"@id":"https:\/\/tarihkursu.com\/index.php\/2025\/09\/27\/turkistandan-turkiyeye-turklerde-devlet-ve-ordu-teskilatlari-ders-notu\/#primaryimage"},"image":{"@id":"https:\/\/tarihkursu.com\/index.php\/2025\/09\/27\/turkistandan-turkiyeye-turklerde-devlet-ve-ordu-teskilatlari-ders-notu\/#primaryimage"},"thumbnailUrl":"https:\/\/tarihkursu.com\/wp-content\/uploads\/2024\/10\/10.SINIF-TARIH-NOTLAR.png","datePublished":"2025-09-27T13:54:25+00:00","description":"10. s\u0131n\u0131f tarih dersi 1. \u00fcnitesi\u00a0olan\u00a0T\u00fcrkistan\u2019dan T\u00fcrkiye\u2019ye (1040- 1299)\u00a0\u00fcnitesinin\u00a0\u00f6zet ders notlar\u0131n\u0131\u00a0payla\u015f\u0131yoruz.\u00a0","breadcrumb":{"@id":"https:\/\/tarihkursu.com\/index.php\/2025\/09\/27\/turkistandan-turkiyeye-turklerde-devlet-ve-ordu-teskilatlari-ders-notu\/#breadcrumb"},"inLanguage":"tr","potentialAction":[{"@type":"ReadAction","target":["https:\/\/tarihkursu.com\/index.php\/2025\/09\/27\/turkistandan-turkiyeye-turklerde-devlet-ve-ordu-teskilatlari-ders-notu\/"]}]},{"@type":"ImageObject","inLanguage":"tr","@id":"https:\/\/tarihkursu.com\/index.php\/2025\/09\/27\/turkistandan-turkiyeye-turklerde-devlet-ve-ordu-teskilatlari-ders-notu\/#primaryimage","url":"https:\/\/tarihkursu.com\/wp-content\/uploads\/2024\/10\/10.SINIF-TARIH-NOTLAR.png","contentUrl":"https:\/\/tarihkursu.com\/wp-content\/uploads\/2024\/10\/10.SINIF-TARIH-NOTLAR.png","width":1280,"height":720,"caption":"10. s\u0131n\u0131f ders notlar\u0131"},{"@type":"BreadcrumbList","@id":"https:\/\/tarihkursu.com\/index.php\/2025\/09\/27\/turkistandan-turkiyeye-turklerde-devlet-ve-ordu-teskilatlari-ders-notu\/#breadcrumb","itemListElement":[{"@type":"ListItem","position":1,"name":"Anasayfa","item":"https:\/\/tarihkursu.com\/"},{"@type":"ListItem","position":2,"name":"T\u00fcrkistan\u2019dan T\u00fcrkiye\u2019ye T\u00fcrklerde Devlet ve Ordu Te\u015fkilatlar\u0131 Ders notu"}]},{"@type":"WebSite","@id":"https:\/\/tarihkursu.com\/#website","url":"https:\/\/tarihkursu.com\/","name":"Tarih Kursu","description":"\u0130\u015fimiz G\u00fcc\u00fcm\u00fcz Tarih","publisher":{"@id":"https:\/\/tarihkursu.com\/#\/schema\/person\/4d7bdc3b79e9f5198455474c0f203f3c"},"potentialAction":[{"@type":"SearchAction","target":{"@type":"EntryPoint","urlTemplate":"https:\/\/tarihkursu.com\/?s={search_term_string}"},"query-input":{"@type":"PropertyValueSpecification","valueRequired":true,"valueName":"search_term_string"}}],"inLanguage":"tr"},{"@type":["Person","Organization"],"@id":"https:\/\/tarihkursu.com\/#\/schema\/person\/4d7bdc3b79e9f5198455474c0f203f3c","name":"admin","image":{"@type":"ImageObject","inLanguage":"tr","@id":"https:\/\/tarihkursu.com\/wp-content\/uploads\/2024\/10\/TARIHKURSU-Kopyasi.png","url":"https:\/\/tarihkursu.com\/wp-content\/uploads\/2024\/10\/TARIHKURSU-Kopyasi.png","contentUrl":"https:\/\/tarihkursu.com\/wp-content\/uploads\/2024\/10\/TARIHKURSU-Kopyasi.png","width":1080,"height":1080,"caption":"admin"},"logo":{"@id":"https:\/\/tarihkursu.com\/wp-content\/uploads\/2024\/10\/TARIHKURSU-Kopyasi.png"},"sameAs":["https:\/\/tarihkursu.com"]},{"@type":"Person","@id":"https:\/\/tarihkursu.com\/#\/schema\/person\/d0f9105e31352dbe9f08d098ffb8c878","name":"tarihkursu","image":{"@type":"ImageObject","inLanguage":"tr","@id":"https:\/\/secure.gravatar.com\/avatar\/1354763acbc865faa7650c3e1e4431f187276d71f132349411302a546cdeae54?s=96&d=mm&r=g","url":"https:\/\/secure.gravatar.com\/avatar\/1354763acbc865faa7650c3e1e4431f187276d71f132349411302a546cdeae54?s=96&d=mm&r=g","contentUrl":"https:\/\/secure.gravatar.com\/avatar\/1354763acbc865faa7650c3e1e4431f187276d71f132349411302a546cdeae54?s=96&d=mm&r=g","caption":"tarihkursu"},"url":"https:\/\/tarihkursu.com\/index.php\/author\/tarihkursu\/"}]}},"_links":{"self":[{"href":"https:\/\/tarihkursu.com\/index.php\/wp-json\/wp\/v2\/posts\/2844","targetHints":{"allow":["GET"]}}],"collection":[{"href":"https:\/\/tarihkursu.com\/index.php\/wp-json\/wp\/v2\/posts"}],"about":[{"href":"https:\/\/tarihkursu.com\/index.php\/wp-json\/wp\/v2\/types\/post"}],"author":[{"embeddable":true,"href":"https:\/\/tarihkursu.com\/index.php\/wp-json\/wp\/v2\/users\/2"}],"replies":[{"embeddable":true,"href":"https:\/\/tarihkursu.com\/index.php\/wp-json\/wp\/v2\/comments?post=2844"}],"version-history":[{"count":1,"href":"https:\/\/tarihkursu.com\/index.php\/wp-json\/wp\/v2\/posts\/2844\/revisions"}],"predecessor-version":[{"id":2845,"href":"https:\/\/tarihkursu.com\/index.php\/wp-json\/wp\/v2\/posts\/2844\/revisions\/2845"}],"wp:featuredmedia":[{"embeddable":true,"href":"https:\/\/tarihkursu.com\/index.php\/wp-json\/wp\/v2\/media\/1341"}],"wp:attachment":[{"href":"https:\/\/tarihkursu.com\/index.php\/wp-json\/wp\/v2\/media?parent=2844"}],"wp:term":[{"taxonomy":"category","embeddable":true,"href":"https:\/\/tarihkursu.com\/index.php\/wp-json\/wp\/v2\/categories?post=2844"},{"taxonomy":"post_tag","embeddable":true,"href":"https:\/\/tarihkursu.com\/index.php\/wp-json\/wp\/v2\/tags?post=2844"}],"curies":[{"name":"wp","href":"https:\/\/api.w.org\/{rel}","templated":true}]}}