{"id":2846,"date":"2025-09-28T17:36:02","date_gmt":"2025-09-28T14:36:02","guid":{"rendered":"https:\/\/tarihkursu.com\/?p=2846"},"modified":"2025-09-28T18:04:08","modified_gmt":"2025-09-28T15:04:08","slug":"islam-bilim-tarihi-1-unite-islam-bilim-tarihine-giris-ders-notu","status":"publish","type":"post","link":"https:\/\/tarihkursu.com\/index.php\/2025\/09\/28\/islam-bilim-tarihi-1-unite-islam-bilim-tarihine-giris-ders-notu\/","title":{"rendered":"\u0130slam Bilim Tarihi 1. \u00dcnite: \u0130slam Bilim Tarihine Giri\u015f Ders Notu"},"content":{"rendered":"\n<p class=\"wp-block-paragraph\"><\/p>\n\n\n\n<p class=\"wp-block-paragraph\">Bu sayfada payla\u015ft\u0131\u011f\u0131m\u0131z&nbsp;<strong>\u0130slam Bilim Tarihi Dersi <\/strong>ders notlar\u0131m\u0131z sayesinde t\u00fcm konulara hakim olacaks\u0131n\u0131z.<strong>&nbsp;Se\u00e7meli \u0130slam Bilim Tarihi Dersi&nbsp;<\/strong>9. 10. 11. ve 12. s\u0131n\u0131flarda se\u00e7meli olarak okutulan bir derstir. Bu tarih ders notlar\u0131 <strong>Milli E\u011fitim Bakanl\u0131\u011f\u0131 m\u00fcfredat\u0131na uygun<\/strong>&nbsp;olarak&nbsp; haz\u0131rland\u0131. Bu yaz\u0131m\u0131zda <strong>Se\u00e7meli \u0130slam Bilim Tarihi Dersinin 1. \u00fcnitesi olan \u0130slam Bilim Tarihine Giri\u015f Ders Notu<\/strong>nu payla\u015f\u0131yoruz.<strong> <\/strong><\/p>\n\n\n\n<p class=\"wp-block-paragraph\">S\u0131n\u0131f:&nbsp;<strong>Se\u00e7meli tarih<\/strong><\/p>\n\n\n\n<p class=\"wp-block-paragraph\">Ders: <strong>\u0130slam Bilim Tarihi <\/strong><\/p>\n\n\n\n<p class=\"wp-block-paragraph\">\u00dcnite:\u00a0<strong>1. \u00fcnite: \u0130slam Bilim Tarihine giri\u015f<\/strong><\/p>\n\n\n\n<p class=\"wp-block-paragraph\">\u0130lgili yaz\u0131l\u0131:<strong>&nbsp;\u0130slam Bilim Tarihi  1. d\u00f6nem 1. yaz\u0131l\u0131<\/strong><\/p>\n\n\n\n<p class=\"wp-block-paragraph\"><\/p>\n\n\n\n<h2 class=\"wp-block-heading\"><strong>1. \u00dcN\u0130TE: \u0130SLAM B\u0130L\u0130M TAR\u0130H\u0130NE G\u0130R\u0130\u015e<\/strong><\/h2>\n\n\n\n<p class=\"wp-block-paragraph\"><strong>\u0130SLAM B\u0130L\u0130M TAR\u0130H\u0130NE G\u0130R\u0130\u015e<\/strong><\/p>\n\n\n\n<ul class=\"wp-block-list\">\n<li><strong>Bilim (\u0130lim):<\/strong> Evrendeki olaylar\u0131 ve olgular\u0131 \u00e7e\u015fitli y\u00f6ntemlerle a\u00e7\u0131klamaya \u00e7al\u0131\u015fan bilgi sistemi. <strong>Kur&#8217;an-\u0131 Kerim&#8217;de<\/strong> de s\u0131k\u00e7a bahsedilir.<\/li>\n\n\n\n<li><strong>\u0130slam Medeniyetinin Alt\u0131n \u00c7a\u011f\u0131:<\/strong> Yakla\u015f\u0131k olarak <strong>IX. ve XIII. y\u00fczy\u0131llar<\/strong> aras\u0131. Bu d\u00f6nemde bilimsel \u00e7al\u0131\u015fmalar \u00e7ok geli\u015fmi\u015ftir.<\/li>\n\n\n\n<li>Ayn\u0131 d\u00f6nemde <strong>Hristiyan Avrupa&#8217;da<\/strong> ise bilimsel geli\u015fmelerin yava\u015f oldu\u011fu bir d\u00f6nem olan &#8220;<strong>Karanl\u0131k \u00c7a\u011f<\/strong>&#8221; ya\u015fanm\u0131\u015ft\u0131r.<\/li>\n<\/ul>\n\n\n\n<p class=\"wp-block-paragraph\"><strong>\u0130SLAM B\u0130L\u0130M \u00c7ALI\u015eMALARININ TEMEL \u0130LKELER\u0130<\/strong><\/p>\n\n\n\n<ul class=\"wp-block-list\">\n<li><strong>Ger\u00e7ek\u00e7ilik:<\/strong> Olaylar\u0131 ve olgular\u0131 do\u011fru bir \u015fekilde anlamaya \u00e7al\u0131\u015fmak.<\/li>\n\n\n\n<li><strong>Faydac\u0131l\u0131k:<\/strong> \u0130nsanl\u0131\u011f\u0131n yarar\u0131na olacak \u00e7al\u0131\u015fmalar yapmak.<\/li>\n\n\n\n<li><strong>Gayecilik:<\/strong> Bilimin insan\u0131 <strong>Allah&#8217;\u0131n varl\u0131\u011f\u0131na<\/strong> g\u00f6t\u00fcrmeyi ama\u00e7lamas\u0131.<\/li>\n<\/ul>\n\n\n\n<p class=\"wp-block-paragraph\"><strong>\u0130SLAM&#8217;IN B\u0130L\u0130ME VERD\u0130\u011e\u0130 \u00d6NEM<\/strong><\/p>\n\n\n\n<ul class=\"wp-block-list\">\n<li><strong>Hz. Muhammed&#8217;in (s.a.v.) s\u00f6z\u00fc:<\/strong> &#8220;<strong>Hikmet ve ilim m\u00fc&#8217;minin yitik mal\u0131d\u0131r, onu nerede bulursa al\u0131r.<\/strong>&#8221; Bu s\u00f6z, \u0130slam&#8217;\u0131n bilime ne kadar de\u011fer verdi\u011fini g\u00f6sterir.<\/li>\n\n\n\n<li>\u0130slam, bilimde <strong>dil, din, \u0131rk, cinsiyet, hayat tarz\u0131, co\u011frafya<\/strong> gibi farkl\u0131l\u0131klar\u0131 \u00f6nemsemez. Bilim, t\u00fcm insanl\u0131\u011f\u0131n ortak miras\u0131 olarak g\u00f6r\u00fcl\u00fcr.<\/li>\n<\/ul>\n\n\n\n<p class=\"wp-block-paragraph\"><strong>\u0130SLAM MEDEN\u0130YET\u0130NDE B\u0130L\u0130MSEL ORTAMIN DESTEKLENMES\u0130<\/strong><\/p>\n\n\n\n<ul class=\"wp-block-list\">\n<li><strong>Abbas\u00ee Halifesi Harun Re\u015fit D\u00f6nemi (763-809):<\/strong> <strong>Ba\u011fdat&#8217;ta<\/strong> a\u00e7\u0131lan ilk hastanenin ba\u015f\u0131na <strong>Hristiyan<\/strong> bir hekim olan <strong>\u0130bn Bahti\u015fu<\/strong> getirilmi\u015ftir.<\/li>\n\n\n\n<li>Yine bu d\u00f6nemde \u00fcnl\u00fc g\u00f6z hastal\u0131klar\u0131 uzman\u0131 <strong>\u0130bn Maseveyh<\/strong> ve onun <strong>Yahudi<\/strong> as\u0131ll\u0131 \u00f6\u011frencisi <strong>Huneyn bin \u0130shak<\/strong> Ba\u011fdat&#8217;a davet edilmi\u015ftir.<\/li>\n\n\n\n<li><strong>Huneyn bin \u0130shak:<\/strong> Yapt\u0131\u011f\u0131 \u00e7al\u0131\u015fmalarla \u0130slam t\u0131p biliminin geli\u015fmesine katk\u0131 sa\u011flam\u0131\u015f, <strong>Galen<\/strong> ve <strong>Hipokrat&#8217;\u0131n<\/strong> Latince eserlerini <strong>Arap\u00e7a&#8217;ya<\/strong> \u00e7evirmi\u015ftir.<\/li>\n\n\n\n<li><strong>Halife Me&#8217;mun D\u00f6nemi (786-833):<\/strong> <strong>Bizans<\/strong> ve <strong>Sicilya&#8217;dan<\/strong> y\u00fcksek \u00fccretlerle \u00e7evirmenler getirilmi\u015ftir.<\/li>\n<\/ul>\n\n\n\n<p class=\"wp-block-paragraph\"><strong>E\u011e\u0130T\u0130M\u0130N HERKESE A\u00c7ILMASI<\/strong><\/p>\n\n\n\n<ul class=\"wp-block-list\">\n<li>\u0130slam&#8217;\u0131n geli\u015fiyle birlikte a\u00e7\u0131lan okullarda <strong>herkesin e\u011fitim almas\u0131n\u0131n<\/strong> \u00f6n\u00fc a\u00e7\u0131lm\u0131\u015ft\u0131r. <strong>S\u0131n\u0131f ve z\u00fcmre fark\u0131<\/strong> kalmam\u0131\u015ft\u0131r.<\/li>\n\n\n\n<li><strong>Mescid-i Nebevi&#8217;nin<\/strong> yan\u0131na yap\u0131lan &#8220;<strong>Ashab-\u0131 Suffe<\/strong>&#8221; okullar\u0131nda <strong>kad\u0131nlar i\u00e7in ayr\u0131 b\u00f6l\u00fcm\u00fcn<\/strong> a\u00e7\u0131lmas\u0131, kad\u0131nlar\u0131n e\u011fitimine verilen \u00f6nemi g\u00f6sterir.<\/li>\n<\/ul>\n\n\n\n<p class=\"wp-block-paragraph\"><strong>\u0130SLAM B\u0130L\u0130M TAR\u0130H\u00c7\u0130L\u0130\u011e\u0130NE KATKI SA\u011eLAYAN BATILI B\u0130L\u0130M \u0130NSANLARI<\/strong><\/p>\n\n\n\n<ul class=\"wp-block-list\">\n<li><strong>Joseph Toussaint Reinaud (1795-1867):<\/strong> Frans\u0131z \u015farkiyat\u00e7\u0131s\u0131. <strong>\u0130slam tarihi, sanatlar\u0131, arkeolojisi, n\u00fcmismatik, Do\u011fu co\u011frafyas\u0131 ve Do\u011fu-Bat\u0131 ili\u015fkileri<\/strong> \u00fczerine \u00e7al\u0131\u015fm\u0131\u015ft\u0131r.<\/li>\n\n\n\n<li><strong>Franz Woepcke (1826-1864):<\/strong> Alman bilim insan\u0131. <strong>\u0130slam bilimi<\/strong> alan\u0131nda \u00f6nemli \u00e7al\u0131\u015fmalar yapm\u0131\u015ft\u0131r. M\u00fcsl\u00fcman matematik\u00e7ilere ait \u00e7al\u0131\u015fmalar yaparak matematik tarihi ara\u015ft\u0131rmalar\u0131na kaynakl\u0131k etmi\u015ftir.<\/li>\n\n\n\n<li><strong>Louis Amelie Sedillot (1808-1875):<\/strong> Frans\u0131z bilim insan\u0131. <strong>Hasan el-Merraku\u015fi&#8217;nin<\/strong> \u00f6nemli eserini Frans\u0131zcaya \u00e7evirerek M\u00fcsl\u00fcman bilim insanlar\u0131 hakk\u0131ndaki yanl\u0131\u015f alg\u0131lar\u0131n de\u011fi\u015fmesine katk\u0131 sa\u011flam\u0131\u015ft\u0131r.<\/li>\n<\/ul>\n\n\n\n<ul class=\"wp-block-list\">\n<li><strong>Eilhard Wiedemann (1852-1928):<\/strong> Alman bilim tarih\u00e7isi ve fizik\u00e7i. <strong>\u0130slami bilimler ve teknoloji tarihi<\/strong> konular\u0131yla ilgilenmi\u015ftir.<\/li>\n\n\n\n<li><strong>Jacobus Golius (1596-1667):<\/strong> Hollandal\u0131 bilim insan\u0131. <strong>Arap\u00e7a ve Latince bir s\u00f6zl\u00fck<\/strong> haz\u0131rlam\u0131\u015ft\u0131r. Bu s\u00f6zl\u00fck uzun s\u00fcre \u00f6nemli bir kaynak olmu\u015ftur.<\/li>\n\n\n\n<li><strong>Johann Jakop Reiske (1716-1774):<\/strong> Alman bilim insan\u0131. <strong>Arap dili ve \u0130slam medeniyeti<\/strong> \u00fczerine \u00e7al\u0131\u015fm\u0131\u015ft\u0131r. Almanya&#8217;da \u0130slam bilim \u00e7al\u0131\u015fmalar\u0131n\u0131n ba\u011f\u0131ms\u0131z bir bilim dal\u0131 haline gelmesi i\u00e7in \u00e7abalam\u0131\u015ft\u0131r.<\/li>\n<\/ul>\n\n\n\n<ul class=\"wp-block-list\">\n<li><strong>Franz Rosenthal (1914-2003):<\/strong> Alman bilim insan\u0131. <strong>\u0130slam dini ve Arap edebiyat\u0131<\/strong> \u00fczerine \u00e7al\u0131\u015fm\u0131\u015ft\u0131r. &#8220;<strong>Erken \u0130slam&#8217;da Mizah<\/strong>&#8221; adl\u0131 eseri \u00f6nemlidir.<\/li>\n\n\n\n<li><strong>George Sarton (1884-1956):<\/strong> Bilim tarihinin kurucusu olarak kabul edilir. Bilim tarihinin bir disiplin haline gelmesinde etkili olmu\u015ftur. <strong>\u0130bn&#8217;\u00fcn-Ned\u00eem&#8217;in &#8220;el-Fihrist&#8221;<\/strong> adl\u0131 eserinden etkilenmi\u015ftir.<\/li>\n<\/ul>\n\n\n\n<p class=\"wp-block-paragraph\"><strong>\u0130SLAM B\u0130L\u0130M TAR\u0130H\u00c7\u0130L\u0130\u011e\u0130NE KATKI SA\u011eLAYAN T\u00dcRK ARA\u015eTIRMACILARI<\/strong><\/p>\n\n\n\n<ul class=\"wp-block-list\">\n<li><strong>Salih Zeki (1864-1921):<\/strong> Son d\u00f6nem Osmanl\u0131 matematik\u00e7ilerindendir. T\u00fcrkiye&#8217;de <strong>bilim tarihi yaz\u0131c\u0131l\u0131\u011f\u0131n\u0131n \u00f6nc\u00fcs\u00fc<\/strong> say\u0131l\u0131r.<\/li>\n\n\n\n<li><strong>Ayd\u0131n Say\u0131l\u0131 (1913-1993):<\/strong> Atat\u00fcrk taraf\u0131ndan yurt d\u0131\u015f\u0131na g\u00f6nderilmi\u015ftir. <strong>George Sarton&#8217;un<\/strong> \u00f6\u011frencisi olmu\u015ftur. T\u00fcrk\u00e7enin bilim dili olmas\u0131 i\u00e7in \u00e7al\u0131\u015fm\u0131\u015ft\u0131r. <strong>Mezopotamya ve M\u0131s\u0131r&#8217;\u0131n bilim tarihi<\/strong> \u00fczerine ara\u015ft\u0131rmalar yapm\u0131\u015ft\u0131r. <strong>5 T\u00fcrk liras\u0131<\/strong> \u00fczerinde resmi bulunmaktad\u0131r.<\/li>\n<\/ul>\n\n\n\n<ul class=\"wp-block-list\">\n<li><strong>Prof. Dr. Fuat Sezgin (1924-2018):<\/strong> \u0130slam bilim tarihi alan\u0131nda <strong>en \u00f6nemli otorite<\/strong> olarak kabul edilir.<\/li>\n\n\n\n<li><strong>1400 civar\u0131nda kitap<\/strong> yay\u0131mlam\u0131\u015ft\u0131r. En \u00f6nemli eseri olan <strong>on sekiz ciltlik &#8220;Geschichte des Arabischen Schrifttums (Arap-\u0130slam Bilim Tarihi)&#8221;<\/strong> adl\u0131 eserinin ilk cildini 1967&#8217;de yazm\u0131\u015ft\u0131r.<\/li>\n\n\n\n<li><strong>Fuat Sezgin<\/strong>, \u0130slam biliminin \u00f6nceki medeniyetlerden ald\u0131\u011f\u0131 miras\u0131 koruyup geli\u015ftirdi\u011fini belirtmi\u015ftir. <strong>30&#8217;a yak\u0131n yabanc\u0131 dil<\/strong> \u00f6\u011frenerek bilimsel eserleri as\u0131llar\u0131ndan okumu\u015ftur.<\/li>\n<\/ul>\n\n\n\n<p class=\"wp-block-paragraph\"><strong>\u0130SLAM B\u0130L\u0130M TAR\u0130H\u0130 ARA\u015eTIRMALARINDA B\u0130R\u0130NC\u0130L KAYNAK KULLANIMI<\/strong><\/p>\n\n\n\n<ul class=\"wp-block-list\">\n<li><strong>Birincil Kaynak:<\/strong> Ara\u015ft\u0131r\u0131lan d\u00f6neme ait <strong>el yazmalar\u0131, orijinal belgeler, sanat eserleri, tarihi buluntular<\/strong> gibi kaynaklard\u0131r. Bilimsel ara\u015ft\u0131rmalarda \u00f6nceliklidir.<\/li>\n\n\n\n<li>\u0130slam bilim tarihi alan\u0131ndaki \u00f6nemli birincil kaynaklardan biri <strong>\u0130bn\u00fc\u2019n Nedim&#8217;in (?-995)<\/strong> yazd\u0131\u011f\u0131 <strong>&#8220;el-Fihrist&#8221;<\/strong> adl\u0131 eserdir.<\/li>\n<\/ul>\n\n\n\n<ul class=\"wp-block-list\">\n<li><strong>&#8220;el-Fihrist&#8221;:<\/strong> <strong>987 y\u0131l\u0131nda<\/strong> yaz\u0131lm\u0131\u015f, \u0130slam d\u00fcnyas\u0131nda <strong>bibliyografya alan\u0131nda yaz\u0131lm\u0131\u015f ilk eserdir<\/strong>. \u00c7e\u015fitli dinler, mezhepler, bilimler ve sanatlar hakk\u0131nda bilgi verir. Kendisinden \u00f6nceki bir\u00e7ok eserin bilgisi bu sayede g\u00fcn\u00fcm\u00fcze ula\u015fm\u0131\u015ft\u0131r.<\/li>\n\n\n\n<li>\u0130\u00e7eri\u011fi bak\u0131m\u0131ndan bir &#8220;<strong>medeniyet ar\u015fivi<\/strong>&#8221; olarak g\u00f6r\u00fcl\u00fcr. <strong>On b\u00f6l\u00fcmden<\/strong> olu\u015fur.<\/li>\n<\/ul>\n\n\n\n<ul class=\"wp-block-list\">\n<li><strong>\u0130bn\u00fc&#8217;l K\u0131ft\u00ee (?-1248):<\/strong> M\u0131s\u0131rl\u0131 bilim insan\u0131. <strong>Tarih ve biyografi<\/strong> alan\u0131nda \u00e7al\u0131\u015fm\u0131\u015ft\u0131r. <strong>&#8220;Tarih el-H\u00fckem\u00e2 (Filozoflar\u0131n Hayat\u0131)&#8221;<\/strong> adl\u0131 eserinde farkl\u0131 alanlardaki bilim insanlar\u0131n\u0131n biyografilerini alfabetik olarak vermi\u015ftir.<\/li>\n\n\n\n<li><strong>\u0130bn Eb\u00fb Useybia (1203-1270):<\/strong> T\u0131p alan\u0131nda \u00e7al\u0131\u015fm\u0131\u015ft\u0131r. En \u00f6nemli eseri **&#8221;Uy\u00fbn\u00fc&#8217;l-enb\u00e2&#8217; fiTabak\u00e2ti&#8217;l-ett\u0131bb\u00e2&#8217; (T\u0131p\u00e7\u0131lar\u0131n Hayat\u0131)&#8221;**d\u0131r. Bu eser, t\u0131p biliminin ge\u00e7mi\u015fini evrensel bir bak\u0131\u015f a\u00e7\u0131s\u0131yla ele alan ilk \u00e7al\u0131\u015fmad\u0131r.<\/li>\n<\/ul>\n\n\n\n<ul class=\"wp-block-list\">\n<li><strong>K\u00e2tip \u00c7elebi (1609-1657):<\/strong> Osmanl\u0131 k\u00fclt\u00fcr d\u00fcnyas\u0131n\u0131n \u00f6nemli isimlerindendir. <strong>Bibliyografya yazar\u0131 ve co\u011frafyac\u0131d\u0131r<\/strong>. \u00d6nemli eseri **&#8221;Ke\u015ff\u00fc&#8217;z-Z\u00fcn\u00fbn (\u015e\u00fcphelerin Ke\u015ffi)&#8221;**dir. Bu eserinde T\u00fcrk\u00e7e, Arap\u00e7a ve Fars\u00e7a yakla\u015f\u0131k on d\u00f6rt bin be\u015f y\u00fcz eserin bilgisini vermi\u015ftir.<\/li>\n\n\n\n<li><strong>Salih Zeki Bey&#8217;in &#8220;Kamus-\u0131 Riyaziyat&#8221;<\/strong> adl\u0131 eseri de \u0130slam bilim tarihi ara\u015ft\u0131rmalar\u0131n\u0131n \u00f6nemli kaynaklar\u0131ndan biridir. Bu eser, matematik terimleri ile ilgili alfabetik bir ansiklopedidir.<\/li>\n<\/ul>\n","protected":false},"excerpt":{"rendered":"<div class=\"mh-excerpt\"><p>Bu sayfada payla\u015ft\u0131\u011f\u0131m\u0131z&nbsp;\u0130slam Bilim Tarihi Dersi ders notlar\u0131m\u0131z sayesinde t\u00fcm konulara hakim olacaks\u0131n\u0131z.&nbsp;Se\u00e7meli \u0130slam Bilim Tarihi Dersi&nbsp;9. 10. 11. ve 12. s\u0131n\u0131flarda se\u00e7meli olarak okutulan <a class=\"mh-excerpt-more\" href=\"https:\/\/tarihkursu.com\/index.php\/2025\/09\/28\/islam-bilim-tarihi-1-unite-islam-bilim-tarihine-giris-ders-notu\/\" title=\"\u0130slam Bilim Tarihi 1. \u00dcnite: \u0130slam Bilim Tarihine Giri\u015f Ders Notu\">[&#8230;]<\/a><\/p>\n<\/div>","protected":false},"author":2,"featured_media":1251,"comment_status":"open","ping_status":"open","sticky":false,"template":"","format":"standard","meta":{"_regular_price":[],"currency_symbol":[],"footnotes":""},"categories":[245],"tags":[247,248],"class_list":["post-2846","post","type-post","status-publish","format-standard","has-post-thumbnail","hentry","category-islam-bilim-tarihi","tag-islam-bilim-tarihi","tag-secmeli-islam-bilim-tarihi"],"post_slider_layout_featured_media_urls":{"thumbnail":["https:\/\/tarihkursu.com\/wp-content\/uploads\/2024\/10\/dersnotlari-150x150.png",150,150,true],"post_slider_layout_landscape_large":["https:\/\/tarihkursu.com\/wp-content\/uploads\/2024\/10\/dersnotlari.png",1120,630,false],"post_slider_layout_portrait_large":["https:\/\/tarihkursu.com\/wp-content\/uploads\/2024\/10\/dersnotlari.png",1120,630,false],"post_slider_layout_square_large":["https:\/\/tarihkursu.com\/wp-content\/uploads\/2024\/10\/dersnotlari.png",1120,630,false],"post_slider_layout_landscape":["https:\/\/tarihkursu.com\/wp-content\/uploads\/2024\/10\/dersnotlari-600x400.png",600,400,true],"post_slider_layout_portrait":["https:\/\/tarihkursu.com\/wp-content\/uploads\/2024\/10\/dersnotlari-600x630.png",600,630,true],"post_slider_layout_square":["https:\/\/tarihkursu.com\/wp-content\/uploads\/2024\/10\/dersnotlari-600x600.png",600,600,true],"full":["https:\/\/tarihkursu.com\/wp-content\/uploads\/2024\/10\/dersnotlari.png",1120,630,false]},"yoast_head":"<!-- This site is optimized with the Yoast SEO plugin v28.3 - https:\/\/yoast.com\/product\/yoast-seo-wordpress\/ -->\n<title>\u0130slam Bilim Tarihi 1. \u00dcnite: \u0130slam Bilim Tarihine Giri\u015f Ders Notu - tarihkursu.com<\/title>\n<meta name=\"description\" content=\"Bu yaz\u0131m\u0131zda Se\u00e7meli \u0130slam Bilim Tarihi Dersinin 1. \u00fcnitesi olan \u0130slam Bilim Tarihine Giri\u015f Ders Notunu payla\u015f\u0131yoruz.\" \/>\n<meta name=\"robots\" content=\"index, follow, max-snippet:-1, max-image-preview:large, max-video-preview:-1\" \/>\n<link rel=\"canonical\" href=\"https:\/\/tarihkursu.com\/index.php\/2025\/09\/28\/islam-bilim-tarihi-1-unite-islam-bilim-tarihine-giris-ders-notu\/\" \/>\n<meta property=\"og:locale\" content=\"tr_TR\" \/>\n<meta property=\"og:type\" content=\"article\" \/>\n<meta property=\"og:title\" content=\"\u0130slam Bilim Tarihi 1. \u00dcnite: \u0130slam Bilim Tarihine Giri\u015f Ders Notu - tarihkursu.com\" \/>\n<meta property=\"og:description\" content=\"Bu yaz\u0131m\u0131zda Se\u00e7meli \u0130slam Bilim Tarihi Dersinin 1. \u00fcnitesi olan \u0130slam Bilim Tarihine Giri\u015f Ders Notunu payla\u015f\u0131yoruz.\" \/>\n<meta property=\"og:url\" content=\"https:\/\/tarihkursu.com\/index.php\/2025\/09\/28\/islam-bilim-tarihi-1-unite-islam-bilim-tarihine-giris-ders-notu\/\" \/>\n<meta property=\"og:site_name\" content=\"tarihkursu.com\" \/>\n<meta property=\"article:published_time\" content=\"2025-09-28T14:36:02+00:00\" \/>\n<meta property=\"article:modified_time\" content=\"2025-09-28T15:04:08+00:00\" \/>\n<meta property=\"og:image\" content=\"https:\/\/tarihkursu.com\/wp-content\/uploads\/2024\/10\/dersnotlari.png\" \/>\n\t<meta property=\"og:image:width\" content=\"1120\" \/>\n\t<meta property=\"og:image:height\" content=\"630\" \/>\n\t<meta property=\"og:image:type\" content=\"image\/png\" \/>\n<meta name=\"author\" content=\"tarihkursu\" \/>\n<meta name=\"twitter:card\" content=\"summary_large_image\" \/>\n<meta name=\"twitter:label1\" content=\"Yazan:\" \/>\n\t<meta name=\"twitter:data1\" content=\"tarihkursu\" \/>\n\t<meta name=\"twitter:label2\" content=\"Tahmini okuma s\u00fcresi\" \/>\n\t<meta name=\"twitter:data2\" content=\"5 dakika\" \/>\n<script type=\"application\/ld+json\" class=\"yoast-schema-graph\">{\"@context\":\"https:\\\/\\\/schema.org\",\"@graph\":[{\"@type\":\"Article\",\"@id\":\"https:\\\/\\\/tarihkursu.com\\\/index.php\\\/2025\\\/09\\\/28\\\/islam-bilim-tarihi-1-unite-islam-bilim-tarihine-giris-ders-notu\\\/#article\",\"isPartOf\":{\"@id\":\"https:\\\/\\\/tarihkursu.com\\\/index.php\\\/2025\\\/09\\\/28\\\/islam-bilim-tarihi-1-unite-islam-bilim-tarihine-giris-ders-notu\\\/\"},\"author\":{\"name\":\"tarihkursu\",\"@id\":\"https:\\\/\\\/tarihkursu.com\\\/#\\\/schema\\\/person\\\/d0f9105e31352dbe9f08d098ffb8c878\"},\"headline\":\"\u0130slam Bilim Tarihi 1. \u00dcnite: \u0130slam Bilim Tarihine Giri\u015f Ders Notu\",\"datePublished\":\"2025-09-28T14:36:02+00:00\",\"dateModified\":\"2025-09-28T15:04:08+00:00\",\"mainEntityOfPage\":{\"@id\":\"https:\\\/\\\/tarihkursu.com\\\/index.php\\\/2025\\\/09\\\/28\\\/islam-bilim-tarihi-1-unite-islam-bilim-tarihine-giris-ders-notu\\\/\"},\"wordCount\":1207,\"commentCount\":0,\"publisher\":{\"@id\":\"https:\\\/\\\/tarihkursu.com\\\/#\\\/schema\\\/person\\\/4d7bdc3b79e9f5198455474c0f203f3c\"},\"image\":{\"@id\":\"https:\\\/\\\/tarihkursu.com\\\/index.php\\\/2025\\\/09\\\/28\\\/islam-bilim-tarihi-1-unite-islam-bilim-tarihine-giris-ders-notu\\\/#primaryimage\"},\"thumbnailUrl\":\"https:\\\/\\\/tarihkursu.com\\\/wp-content\\\/uploads\\\/2024\\\/10\\\/dersnotlari.png\",\"keywords\":[\"\u0130slam bilim tarihi\",\"se\u00e7meli islam bilim tarihi\"],\"articleSection\":[\"\u0130slam Bilim Tarihi\"],\"inLanguage\":\"tr\",\"potentialAction\":[{\"@type\":\"CommentAction\",\"name\":\"Comment\",\"target\":[\"https:\\\/\\\/tarihkursu.com\\\/index.php\\\/2025\\\/09\\\/28\\\/islam-bilim-tarihi-1-unite-islam-bilim-tarihine-giris-ders-notu\\\/#respond\"]}]},{\"@type\":\"WebPage\",\"@id\":\"https:\\\/\\\/tarihkursu.com\\\/index.php\\\/2025\\\/09\\\/28\\\/islam-bilim-tarihi-1-unite-islam-bilim-tarihine-giris-ders-notu\\\/\",\"url\":\"https:\\\/\\\/tarihkursu.com\\\/index.php\\\/2025\\\/09\\\/28\\\/islam-bilim-tarihi-1-unite-islam-bilim-tarihine-giris-ders-notu\\\/\",\"name\":\"\u0130slam Bilim Tarihi 1. \u00dcnite: \u0130slam Bilim Tarihine Giri\u015f Ders Notu - tarihkursu.com\",\"isPartOf\":{\"@id\":\"https:\\\/\\\/tarihkursu.com\\\/#website\"},\"primaryImageOfPage\":{\"@id\":\"https:\\\/\\\/tarihkursu.com\\\/index.php\\\/2025\\\/09\\\/28\\\/islam-bilim-tarihi-1-unite-islam-bilim-tarihine-giris-ders-notu\\\/#primaryimage\"},\"image\":{\"@id\":\"https:\\\/\\\/tarihkursu.com\\\/index.php\\\/2025\\\/09\\\/28\\\/islam-bilim-tarihi-1-unite-islam-bilim-tarihine-giris-ders-notu\\\/#primaryimage\"},\"thumbnailUrl\":\"https:\\\/\\\/tarihkursu.com\\\/wp-content\\\/uploads\\\/2024\\\/10\\\/dersnotlari.png\",\"datePublished\":\"2025-09-28T14:36:02+00:00\",\"dateModified\":\"2025-09-28T15:04:08+00:00\",\"description\":\"Bu yaz\u0131m\u0131zda Se\u00e7meli \u0130slam Bilim Tarihi Dersinin 1. \u00fcnitesi olan \u0130slam Bilim Tarihine Giri\u015f Ders Notunu payla\u015f\u0131yoruz.\",\"breadcrumb\":{\"@id\":\"https:\\\/\\\/tarihkursu.com\\\/index.php\\\/2025\\\/09\\\/28\\\/islam-bilim-tarihi-1-unite-islam-bilim-tarihine-giris-ders-notu\\\/#breadcrumb\"},\"inLanguage\":\"tr\",\"potentialAction\":[{\"@type\":\"ReadAction\",\"target\":[\"https:\\\/\\\/tarihkursu.com\\\/index.php\\\/2025\\\/09\\\/28\\\/islam-bilim-tarihi-1-unite-islam-bilim-tarihine-giris-ders-notu\\\/\"]}]},{\"@type\":\"ImageObject\",\"inLanguage\":\"tr\",\"@id\":\"https:\\\/\\\/tarihkursu.com\\\/index.php\\\/2025\\\/09\\\/28\\\/islam-bilim-tarihi-1-unite-islam-bilim-tarihine-giris-ders-notu\\\/#primaryimage\",\"url\":\"https:\\\/\\\/tarihkursu.com\\\/wp-content\\\/uploads\\\/2024\\\/10\\\/dersnotlari.png\",\"contentUrl\":\"https:\\\/\\\/tarihkursu.com\\\/wp-content\\\/uploads\\\/2024\\\/10\\\/dersnotlari.png\",\"width\":1120,\"height\":630,\"caption\":\"ders notlar\u0131\"},{\"@type\":\"BreadcrumbList\",\"@id\":\"https:\\\/\\\/tarihkursu.com\\\/index.php\\\/2025\\\/09\\\/28\\\/islam-bilim-tarihi-1-unite-islam-bilim-tarihine-giris-ders-notu\\\/#breadcrumb\",\"itemListElement\":[{\"@type\":\"ListItem\",\"position\":1,\"name\":\"Anasayfa\",\"item\":\"https:\\\/\\\/tarihkursu.com\\\/\"},{\"@type\":\"ListItem\",\"position\":2,\"name\":\"\u0130slam Bilim Tarihi 1. \u00dcnite: \u0130slam Bilim Tarihine Giri\u015f Ders Notu\"}]},{\"@type\":\"WebSite\",\"@id\":\"https:\\\/\\\/tarihkursu.com\\\/#website\",\"url\":\"https:\\\/\\\/tarihkursu.com\\\/\",\"name\":\"Tarih Kursu\",\"description\":\"\u0130\u015fimiz G\u00fcc\u00fcm\u00fcz Tarih\",\"publisher\":{\"@id\":\"https:\\\/\\\/tarihkursu.com\\\/#\\\/schema\\\/person\\\/4d7bdc3b79e9f5198455474c0f203f3c\"},\"potentialAction\":[{\"@type\":\"SearchAction\",\"target\":{\"@type\":\"EntryPoint\",\"urlTemplate\":\"https:\\\/\\\/tarihkursu.com\\\/?s={search_term_string}\"},\"query-input\":{\"@type\":\"PropertyValueSpecification\",\"valueRequired\":true,\"valueName\":\"search_term_string\"}}],\"inLanguage\":\"tr\"},{\"@type\":[\"Person\",\"Organization\"],\"@id\":\"https:\\\/\\\/tarihkursu.com\\\/#\\\/schema\\\/person\\\/4d7bdc3b79e9f5198455474c0f203f3c\",\"name\":\"admin\",\"image\":{\"@type\":\"ImageObject\",\"inLanguage\":\"tr\",\"@id\":\"https:\\\/\\\/tarihkursu.com\\\/wp-content\\\/uploads\\\/2024\\\/10\\\/TARIHKURSU-Kopyasi.png\",\"url\":\"https:\\\/\\\/tarihkursu.com\\\/wp-content\\\/uploads\\\/2024\\\/10\\\/TARIHKURSU-Kopyasi.png\",\"contentUrl\":\"https:\\\/\\\/tarihkursu.com\\\/wp-content\\\/uploads\\\/2024\\\/10\\\/TARIHKURSU-Kopyasi.png\",\"width\":1080,\"height\":1080,\"caption\":\"admin\"},\"logo\":{\"@id\":\"https:\\\/\\\/tarihkursu.com\\\/wp-content\\\/uploads\\\/2024\\\/10\\\/TARIHKURSU-Kopyasi.png\"},\"sameAs\":[\"https:\\\/\\\/tarihkursu.com\"]},{\"@type\":\"Person\",\"@id\":\"https:\\\/\\\/tarihkursu.com\\\/#\\\/schema\\\/person\\\/d0f9105e31352dbe9f08d098ffb8c878\",\"name\":\"tarihkursu\",\"image\":{\"@type\":\"ImageObject\",\"inLanguage\":\"tr\",\"@id\":\"https:\\\/\\\/secure.gravatar.com\\\/avatar\\\/1354763acbc865faa7650c3e1e4431f187276d71f132349411302a546cdeae54?s=96&d=mm&r=g\",\"url\":\"https:\\\/\\\/secure.gravatar.com\\\/avatar\\\/1354763acbc865faa7650c3e1e4431f187276d71f132349411302a546cdeae54?s=96&d=mm&r=g\",\"contentUrl\":\"https:\\\/\\\/secure.gravatar.com\\\/avatar\\\/1354763acbc865faa7650c3e1e4431f187276d71f132349411302a546cdeae54?s=96&d=mm&r=g\",\"caption\":\"tarihkursu\"},\"url\":\"https:\\\/\\\/tarihkursu.com\\\/index.php\\\/author\\\/tarihkursu\\\/\"}]}<\/script>\n<!-- \/ Yoast SEO plugin. -->","yoast_head_json":{"title":"\u0130slam Bilim Tarihi 1. \u00dcnite: \u0130slam Bilim Tarihine Giri\u015f Ders Notu - tarihkursu.com","description":"Bu yaz\u0131m\u0131zda Se\u00e7meli \u0130slam Bilim Tarihi Dersinin 1. \u00fcnitesi olan \u0130slam Bilim Tarihine Giri\u015f Ders Notunu payla\u015f\u0131yoruz.","robots":{"index":"index","follow":"follow","max-snippet":"max-snippet:-1","max-image-preview":"max-image-preview:large","max-video-preview":"max-video-preview:-1"},"canonical":"https:\/\/tarihkursu.com\/index.php\/2025\/09\/28\/islam-bilim-tarihi-1-unite-islam-bilim-tarihine-giris-ders-notu\/","og_locale":"tr_TR","og_type":"article","og_title":"\u0130slam Bilim Tarihi 1. \u00dcnite: \u0130slam Bilim Tarihine Giri\u015f Ders Notu - tarihkursu.com","og_description":"Bu yaz\u0131m\u0131zda Se\u00e7meli \u0130slam Bilim Tarihi Dersinin 1. \u00fcnitesi olan \u0130slam Bilim Tarihine Giri\u015f Ders Notunu payla\u015f\u0131yoruz.","og_url":"https:\/\/tarihkursu.com\/index.php\/2025\/09\/28\/islam-bilim-tarihi-1-unite-islam-bilim-tarihine-giris-ders-notu\/","og_site_name":"tarihkursu.com","article_published_time":"2025-09-28T14:36:02+00:00","article_modified_time":"2025-09-28T15:04:08+00:00","og_image":[{"width":1120,"height":630,"url":"https:\/\/tarihkursu.com\/wp-content\/uploads\/2024\/10\/dersnotlari.png","type":"image\/png"}],"author":"tarihkursu","twitter_card":"summary_large_image","twitter_misc":{"Yazan:":"tarihkursu","Tahmini okuma s\u00fcresi":"5 dakika"},"schema":{"@context":"https:\/\/schema.org","@graph":[{"@type":"Article","@id":"https:\/\/tarihkursu.com\/index.php\/2025\/09\/28\/islam-bilim-tarihi-1-unite-islam-bilim-tarihine-giris-ders-notu\/#article","isPartOf":{"@id":"https:\/\/tarihkursu.com\/index.php\/2025\/09\/28\/islam-bilim-tarihi-1-unite-islam-bilim-tarihine-giris-ders-notu\/"},"author":{"name":"tarihkursu","@id":"https:\/\/tarihkursu.com\/#\/schema\/person\/d0f9105e31352dbe9f08d098ffb8c878"},"headline":"\u0130slam Bilim Tarihi 1. \u00dcnite: \u0130slam Bilim Tarihine Giri\u015f Ders Notu","datePublished":"2025-09-28T14:36:02+00:00","dateModified":"2025-09-28T15:04:08+00:00","mainEntityOfPage":{"@id":"https:\/\/tarihkursu.com\/index.php\/2025\/09\/28\/islam-bilim-tarihi-1-unite-islam-bilim-tarihine-giris-ders-notu\/"},"wordCount":1207,"commentCount":0,"publisher":{"@id":"https:\/\/tarihkursu.com\/#\/schema\/person\/4d7bdc3b79e9f5198455474c0f203f3c"},"image":{"@id":"https:\/\/tarihkursu.com\/index.php\/2025\/09\/28\/islam-bilim-tarihi-1-unite-islam-bilim-tarihine-giris-ders-notu\/#primaryimage"},"thumbnailUrl":"https:\/\/tarihkursu.com\/wp-content\/uploads\/2024\/10\/dersnotlari.png","keywords":["\u0130slam bilim tarihi","se\u00e7meli islam bilim tarihi"],"articleSection":["\u0130slam Bilim Tarihi"],"inLanguage":"tr","potentialAction":[{"@type":"CommentAction","name":"Comment","target":["https:\/\/tarihkursu.com\/index.php\/2025\/09\/28\/islam-bilim-tarihi-1-unite-islam-bilim-tarihine-giris-ders-notu\/#respond"]}]},{"@type":"WebPage","@id":"https:\/\/tarihkursu.com\/index.php\/2025\/09\/28\/islam-bilim-tarihi-1-unite-islam-bilim-tarihine-giris-ders-notu\/","url":"https:\/\/tarihkursu.com\/index.php\/2025\/09\/28\/islam-bilim-tarihi-1-unite-islam-bilim-tarihine-giris-ders-notu\/","name":"\u0130slam Bilim Tarihi 1. \u00dcnite: \u0130slam Bilim Tarihine Giri\u015f Ders Notu - tarihkursu.com","isPartOf":{"@id":"https:\/\/tarihkursu.com\/#website"},"primaryImageOfPage":{"@id":"https:\/\/tarihkursu.com\/index.php\/2025\/09\/28\/islam-bilim-tarihi-1-unite-islam-bilim-tarihine-giris-ders-notu\/#primaryimage"},"image":{"@id":"https:\/\/tarihkursu.com\/index.php\/2025\/09\/28\/islam-bilim-tarihi-1-unite-islam-bilim-tarihine-giris-ders-notu\/#primaryimage"},"thumbnailUrl":"https:\/\/tarihkursu.com\/wp-content\/uploads\/2024\/10\/dersnotlari.png","datePublished":"2025-09-28T14:36:02+00:00","dateModified":"2025-09-28T15:04:08+00:00","description":"Bu yaz\u0131m\u0131zda Se\u00e7meli \u0130slam Bilim Tarihi Dersinin 1. \u00fcnitesi olan \u0130slam Bilim Tarihine Giri\u015f Ders Notunu payla\u015f\u0131yoruz.","breadcrumb":{"@id":"https:\/\/tarihkursu.com\/index.php\/2025\/09\/28\/islam-bilim-tarihi-1-unite-islam-bilim-tarihine-giris-ders-notu\/#breadcrumb"},"inLanguage":"tr","potentialAction":[{"@type":"ReadAction","target":["https:\/\/tarihkursu.com\/index.php\/2025\/09\/28\/islam-bilim-tarihi-1-unite-islam-bilim-tarihine-giris-ders-notu\/"]}]},{"@type":"ImageObject","inLanguage":"tr","@id":"https:\/\/tarihkursu.com\/index.php\/2025\/09\/28\/islam-bilim-tarihi-1-unite-islam-bilim-tarihine-giris-ders-notu\/#primaryimage","url":"https:\/\/tarihkursu.com\/wp-content\/uploads\/2024\/10\/dersnotlari.png","contentUrl":"https:\/\/tarihkursu.com\/wp-content\/uploads\/2024\/10\/dersnotlari.png","width":1120,"height":630,"caption":"ders notlar\u0131"},{"@type":"BreadcrumbList","@id":"https:\/\/tarihkursu.com\/index.php\/2025\/09\/28\/islam-bilim-tarihi-1-unite-islam-bilim-tarihine-giris-ders-notu\/#breadcrumb","itemListElement":[{"@type":"ListItem","position":1,"name":"Anasayfa","item":"https:\/\/tarihkursu.com\/"},{"@type":"ListItem","position":2,"name":"\u0130slam Bilim Tarihi 1. \u00dcnite: \u0130slam Bilim Tarihine Giri\u015f Ders Notu"}]},{"@type":"WebSite","@id":"https:\/\/tarihkursu.com\/#website","url":"https:\/\/tarihkursu.com\/","name":"Tarih Kursu","description":"\u0130\u015fimiz G\u00fcc\u00fcm\u00fcz Tarih","publisher":{"@id":"https:\/\/tarihkursu.com\/#\/schema\/person\/4d7bdc3b79e9f5198455474c0f203f3c"},"potentialAction":[{"@type":"SearchAction","target":{"@type":"EntryPoint","urlTemplate":"https:\/\/tarihkursu.com\/?s={search_term_string}"},"query-input":{"@type":"PropertyValueSpecification","valueRequired":true,"valueName":"search_term_string"}}],"inLanguage":"tr"},{"@type":["Person","Organization"],"@id":"https:\/\/tarihkursu.com\/#\/schema\/person\/4d7bdc3b79e9f5198455474c0f203f3c","name":"admin","image":{"@type":"ImageObject","inLanguage":"tr","@id":"https:\/\/tarihkursu.com\/wp-content\/uploads\/2024\/10\/TARIHKURSU-Kopyasi.png","url":"https:\/\/tarihkursu.com\/wp-content\/uploads\/2024\/10\/TARIHKURSU-Kopyasi.png","contentUrl":"https:\/\/tarihkursu.com\/wp-content\/uploads\/2024\/10\/TARIHKURSU-Kopyasi.png","width":1080,"height":1080,"caption":"admin"},"logo":{"@id":"https:\/\/tarihkursu.com\/wp-content\/uploads\/2024\/10\/TARIHKURSU-Kopyasi.png"},"sameAs":["https:\/\/tarihkursu.com"]},{"@type":"Person","@id":"https:\/\/tarihkursu.com\/#\/schema\/person\/d0f9105e31352dbe9f08d098ffb8c878","name":"tarihkursu","image":{"@type":"ImageObject","inLanguage":"tr","@id":"https:\/\/secure.gravatar.com\/avatar\/1354763acbc865faa7650c3e1e4431f187276d71f132349411302a546cdeae54?s=96&d=mm&r=g","url":"https:\/\/secure.gravatar.com\/avatar\/1354763acbc865faa7650c3e1e4431f187276d71f132349411302a546cdeae54?s=96&d=mm&r=g","contentUrl":"https:\/\/secure.gravatar.com\/avatar\/1354763acbc865faa7650c3e1e4431f187276d71f132349411302a546cdeae54?s=96&d=mm&r=g","caption":"tarihkursu"},"url":"https:\/\/tarihkursu.com\/index.php\/author\/tarihkursu\/"}]}},"_links":{"self":[{"href":"https:\/\/tarihkursu.com\/index.php\/wp-json\/wp\/v2\/posts\/2846","targetHints":{"allow":["GET"]}}],"collection":[{"href":"https:\/\/tarihkursu.com\/index.php\/wp-json\/wp\/v2\/posts"}],"about":[{"href":"https:\/\/tarihkursu.com\/index.php\/wp-json\/wp\/v2\/types\/post"}],"author":[{"embeddable":true,"href":"https:\/\/tarihkursu.com\/index.php\/wp-json\/wp\/v2\/users\/2"}],"replies":[{"embeddable":true,"href":"https:\/\/tarihkursu.com\/index.php\/wp-json\/wp\/v2\/comments?post=2846"}],"version-history":[{"count":2,"href":"https:\/\/tarihkursu.com\/index.php\/wp-json\/wp\/v2\/posts\/2846\/revisions"}],"predecessor-version":[{"id":2851,"href":"https:\/\/tarihkursu.com\/index.php\/wp-json\/wp\/v2\/posts\/2846\/revisions\/2851"}],"wp:featuredmedia":[{"embeddable":true,"href":"https:\/\/tarihkursu.com\/index.php\/wp-json\/wp\/v2\/media\/1251"}],"wp:attachment":[{"href":"https:\/\/tarihkursu.com\/index.php\/wp-json\/wp\/v2\/media?parent=2846"}],"wp:term":[{"taxonomy":"category","embeddable":true,"href":"https:\/\/tarihkursu.com\/index.php\/wp-json\/wp\/v2\/categories?post=2846"},{"taxonomy":"post_tag","embeddable":true,"href":"https:\/\/tarihkursu.com\/index.php\/wp-json\/wp\/v2\/tags?post=2846"}],"curies":[{"name":"wp","href":"https:\/\/api.w.org\/{rel}","templated":true}]}}