{"id":2852,"date":"2025-10-03T18:09:00","date_gmt":"2025-10-03T15:09:00","guid":{"rendered":"https:\/\/tarihkursu.com\/?p=2852"},"modified":"2025-09-28T18:22:57","modified_gmt":"2025-09-28T15:22:57","slug":"islam-bilim-tarihi-3-unite-erken-abbasi-doneminde-bilim-ve-felsefe-viii-ix-yuzyil-ders-notu","status":"publish","type":"post","link":"https:\/\/tarihkursu.com\/index.php\/2025\/10\/03\/islam-bilim-tarihi-3-unite-erken-abbasi-doneminde-bilim-ve-felsefe-viii-ix-yuzyil-ders-notu\/","title":{"rendered":"\u0130slam Bilim Tarihi 3. \u00dcnite: Erken Abbasi D\u00f6nemi&#8217;nde Bilim ve Felsefe (VIII-IX. Y\u00fczy\u0131l) Ders Notu"},"content":{"rendered":"\n<p><\/p>\n\n\n\n<p>Bu sayfada payla\u015ft\u0131\u011f\u0131m\u0131z\u00a0<strong>\u0130slam Bilim Tarihi Dersi\u00a0<\/strong>ders notlar\u0131m\u0131z sayesinde t\u00fcm konulara hakim olacaks\u0131n\u0131z.<strong>\u00a0Se\u00e7meli \u0130slam Bilim Tarihi Dersi\u00a0<\/strong>9. 10. 11. ve 12. s\u0131n\u0131flarda se\u00e7meli olarak okutulan bir derstir. Bu tarih ders notlar\u0131\u00a0<strong>Milli E\u011fitim Bakanl\u0131\u011f\u0131 m\u00fcfredat\u0131na uygun<\/strong>\u00a0olarak\u00a0 haz\u0131rland\u0131. Bu yaz\u0131m\u0131zda\u00a0<strong>Se\u00e7meli \u0130slam Bilim Tarihi Dersinin 3. \u00fcnitesi olan Erken Abbasi D\u00f6nemi&#8217;nde Bilim ve Felsefe (VIII-IX. Y\u00fczy\u0131l) Ders Notu<\/strong>nu payla\u015f\u0131yoruz.<\/p>\n\n\n\n<p>S\u0131n\u0131f:&nbsp;<strong>Se\u00e7meli tarih<\/strong><\/p>\n\n\n\n<p>Ders:&nbsp;<strong>\u0130slam Bilim Tarihi<\/strong><\/p>\n\n\n\n<p>\u00dcnite:\u00a0<strong>3. \u00fcnite: Erken Abbasi D\u00f6nemi&#8217;nde Bilim ve Felsefe (VIII-IX. Y\u00fczy\u0131l)<\/strong><\/p>\n\n\n\n<p>\u0130lgili yaz\u0131l\u0131:<strong>&nbsp;\u0130slam Bilim Tarihi 1. d\u00f6nem 1. yaz\u0131l\u0131<\/strong><\/p>\n\n\n\n<p><strong>Erken Abbasi D\u00f6nemi&#8217;nde Bilim ve Felsefe (VIII-IX. Y\u00fczy\u0131l)<\/strong><\/p>\n\n\n\n<ul class=\"wp-block-list\">\n<li><strong>Abbasilerin Bilimin Geli\u015fmesine Katk\u0131lar\u0131:<\/strong> <strong>Emevilerden<\/strong> sonra y\u00f6netimi alan <strong>Abbasiler (750-1258)<\/strong>, ba\u015fkent <strong>Ba\u011fdat<\/strong> olmak \u00fczere \u0130slam devletinde yeni kurumlar kurmu\u015flard\u0131r.<\/li>\n\n\n\n<li><strong>Halife Mansur D\u00f6nemi (754-775):<\/strong> Ticaret yollar\u0131n\u0131n kesi\u015fim noktas\u0131nda <strong>Ba\u011fdat \u015fehrinin kurulmas\u0131<\/strong>, ticareti ve ekonomik refah\u0131 art\u0131rm\u0131\u015ft\u0131r.<\/li>\n\n\n\n<li><strong>Halife Harun Re\u015fid (786-809)<\/strong> ve <strong>Halife el-Mansur<\/strong> gibi Abbasi halifelerinin farkl\u0131 k\u00fclt\u00fcrlere ilgi duymas\u0131, imparatorluk bilinci olu\u015fturma \u00e7abalar\u0131 ve ticaretin getirdi\u011fi ekonomik imkanlar <strong>\u0130slam biliminin geli\u015fmesine<\/strong> b\u00fcy\u00fck katk\u0131 sa\u011flam\u0131\u015ft\u0131r.<\/li>\n<\/ul>\n\n\n\n<ul class=\"wp-block-list\">\n<li><strong>Vezirler ve zengin aileler<\/strong>, <strong>Harun Re\u015fid ve el-Mansur D\u00f6nemi&#8217;nde<\/strong> bilimsel \u00e7al\u0131\u015fmalara <strong>maddi ve manevi destek<\/strong> vermi\u015flerdir.<\/li>\n\n\n\n<li><strong>Halife el-Me&#8217;mun (813-833):<\/strong> <strong>Bizans ve Hindistan&#8217;a el\u00e7iler<\/strong> g\u00f6ndererek \u00f6nemli eserleri \u0130slam d\u00fcnyas\u0131na ta\u015f\u0131m\u0131\u015ft\u0131r. <strong>Sicilya ve Bizans&#8217;tan \u00e7evirmenler<\/strong> getirmi\u015f ve onlara y\u00fcksek \u00fccretler \u00f6demi\u015ftir. <strong>Astronomi alan\u0131ndaki ilk g\u00f6zlemevini (rasathane)<\/strong> kurdurmu\u015ftur.<\/li>\n\n\n\n<li><strong>Abbasiler d\u00f6nemi<\/strong>, \u0130slam d\u00fcnyas\u0131n\u0131n bilimsel anlamda &#8220;<strong>Alt\u0131n \u00c7a\u011f\u0131<\/strong>&#8221; olarak kabul edilir.<\/li>\n<\/ul>\n\n\n\n<ul class=\"wp-block-list\">\n<li><strong>Beyt\u00fc&#8217;l-Hikme (Bilgelik Evi):<\/strong> <strong>IX. y\u00fczy\u0131l\u0131n ba\u015flar\u0131nda<\/strong>, Abbasi Halifesi <strong>el-Me&#8217;mun<\/strong> taraf\u0131ndan <strong>Ba\u011fdat&#8217;ta<\/strong> kurulmu\u015f bir akademidir.<\/li>\n\n\n\n<li>Burada <strong>M\u00fcsl\u00fcman, Hristiyan, Yahudi ve Sabii bilginler<\/strong> bir araya gelerek yeni \u00e7eviriler yapm\u0131\u015f, eski \u00e7evirileri d\u00fczeltmi\u015f ve \u00e7e\u015fitli bilim dallar\u0131nda ara\u015ft\u0131rmalar yapm\u0131\u015flard\u0131r.<\/li>\n\n\n\n<li><strong>Halife el-Me&#8217;mun<\/strong>, astronomide do\u011fru sonu\u00e7lar elde etmek amac\u0131yla <strong>Ba\u011fdat ve \u015eam&#8217;da iki rasathane<\/strong> kurdurmu\u015ftur. Bu rasathaneler, bilim tarihinin bildi\u011fi ilk g\u00f6zlemevleridir.<\/li>\n\n\n\n<li><strong>Abbasiler D\u00f6nemi bilimsel \u00e7al\u0131\u015fmalar\u0131 \u00fc\u00e7 a\u015famada incelenir:<\/strong>\n<ul class=\"wp-block-list\">\n<li><strong>Birinci Evre (Bilgiyi Elde Etme):<\/strong> Bilimsel \u00e7al\u0131\u015fmalar\u0131n temel kaynaklar\u0131ndan al\u0131nd\u0131\u011f\u0131 d\u00f6nemdir. Ama\u00e7, hangi dilde olursa olsun bilgiyi <strong>Arap\u00e7a&#8217;ya \u00e7evirmektir<\/strong>.<\/li>\n\n\n\n<li><strong>\u0130kinci Evre (Bilgiyi Sistemle\u015ftirme):<\/strong> Bilginin kullan\u0131labilir hale getirilerek topluma faydal\u0131 olmas\u0131 ama\u00e7lan\u0131r. Bilim bu d\u00f6nemde desteklenir ve \u00f6nemli bir konuma gelir.<\/li>\n\n\n\n<li><strong>\u00dc\u00e7\u00fcnc\u00fc Evre (\u00d6zg\u00fcn Bilgi \u00dcretme):<\/strong> Bilim, kendi ara\u015ft\u0131rma kurallar\u0131, y\u00f6ntemleri ve kavramlar\u0131 olan ba\u011f\u0131ms\u0131z bir alan haline gelir.<\/li>\n<\/ul>\n<\/li>\n<\/ul>\n\n\n\n<p><strong>ABBAS\u0130LERDE \u0130LK \u00c7EV\u0130R\u0130LER<\/strong><\/p>\n\n\n\n<ul class=\"wp-block-list\">\n<li>\u0130slam&#8217;\u0131n sa\u011fl\u0131\u011fa verdi\u011fi \u00f6nem nedeniyle <strong>ilk \u00e7eviriler t\u0131p alan\u0131nda<\/strong> yap\u0131lm\u0131\u015ft\u0131r.<\/li>\n\n\n\n<li><strong>VIII. y\u00fczy\u0131ldan sonra<\/strong> yap\u0131lan \u00e7evirilerle, M\u00fcsl\u00fcman hekimlerin &#8220;<strong>Calinus<\/strong>&#8221; olarak tan\u0131d\u0131\u011f\u0131 <strong>Grek hekim ve filozof Galen&#8217;in<\/strong> g\u00f6r\u00fc\u015fleri etkili olmaya ba\u015flam\u0131\u015ft\u0131r.<\/li>\n\n\n\n<li><strong>VIII. y\u00fczy\u0131l\u0131n ortalar\u0131na do\u011fru<\/strong><strong>Yunanca, Hint\u00e7e ve Fars\u00e7a<\/strong> kitaplar\u0131n h\u0131zl\u0131 bir \u015fekilde \u00e7evirisi yap\u0131lm\u0131\u015ft\u0131r. \u0130lk \u00e7evrilen eserlerden baz\u0131lar\u0131:\n<ul class=\"wp-block-list\">\n<li><strong>Batlamyus:<\/strong> Kanon, Almagest<\/li>\n\n\n\n<li><strong>Aristoteles:<\/strong> Organon<\/li>\n\n\n\n<li><strong>Hintli Beydaba:<\/strong> Kelile ve Dimne<\/li>\n<\/ul>\n<\/li>\n\n\n\n<li><strong>\u0130bn\u00fcl-Mukaffa (720-756):<\/strong> Fars as\u0131ll\u0131 \u00f6nemli bir edebiyat\u00e7\u0131 ve \u00e7evirmendir. Farkl\u0131 bilim dallar\u0131nda \u00e7eviriler yapm\u0131\u015ft\u0131r. En bilinen eseri, hayvan hikayeleri \u015feklinde bir siyaset kitab\u0131 olan &#8220;<strong>Kelile ve Dimne<\/strong>&#8220;dir.<\/li>\n<\/ul>\n\n\n\n<p><strong>ERKEN ABBAS\u0130 D\u00d6NEM\u0130&#8217;NDE B\u0130L\u0130MSEL \u00c7ALI\u015eMALAR &#8211; ASTRONOM\u0130<\/strong><\/p>\n\n\n\n<ul class=\"wp-block-list\">\n<li><strong>Astronomi<\/strong>, devlet i\u015flerinin d\u00fczenlenmesi, k\u0131ble y\u00f6n\u00fcn\u00fcn belirlenmesi, namaz vakitlerinin ayarlanmas\u0131, oru\u00e7 zamanlar\u0131n\u0131n tespiti, deniz ve karada y\u00f6n bulma gibi ihtiya\u00e7lar nedeniyle M\u00fcsl\u00fcmanlar i\u00e7in \u00f6nemli bir bilim dal\u0131 olmu\u015ftur.<\/li>\n\n\n\n<li><strong>Emeviler D\u00f6nemi&#8217;nde<\/strong> yap\u0131lan <strong>Kuseyr Amra Saray\u0131&#8217;ndaki g\u00f6ky\u00fcz\u00fc haritas\u0131 tasvirleri<\/strong>, bu d\u00f6nemde astronomiye verilen de\u011feri g\u00f6sterir.<\/li>\n\n\n\n<li><strong>Abbasi Halifesi el-Me&#8217;mun D\u00f6nemi&#8217;nde:<\/strong>\n<ul class=\"wp-block-list\">\n<li><strong>Hint\u00e7e astronomi kitab\u0131 Siddhanta<\/strong><\/li>\n\n\n\n<li><strong>Sasanilerden Zic-i \u015eahi<\/strong><\/li>\n\n\n\n<li><strong>Yunanl\u0131lardan Batlamyus&#8217;un Almagest ve Terrabibles<\/strong> adl\u0131 eserleri <strong>Arap\u00e7a&#8217;ya \u00e7evrilmi\u015ftir<\/strong>.<\/li>\n\n\n\n<li>Bu d\u00f6nem, <strong>\u0130slam astronomisinin ba\u015flang\u0131c\u0131<\/strong> olarak kabul edilir.<\/li>\n<\/ul>\n<\/li>\n<\/ul>\n\n\n\n<ul class=\"wp-block-list\">\n<li><strong>Abdurrahman es-S\u00fbf\u00ee:<\/strong> D\u00f6nemin \u00f6nemli astronomlar\u0131ndan biridir. <strong>Albercht D\u00fcrer&#8217;in 1515 tarihli &#8220;G\u00f6ky\u00fcz\u00fc Haritas\u0131&#8221;<\/strong> adl\u0131 \u00e7al\u0131\u015fmas\u0131nda d\u00f6rt \u00f6nemli astronom aras\u0131nda g\u00f6sterilmi\u015ftir.<\/li>\n\n\n\n<li><strong>Pusula:<\/strong> \u00c7inliler taraf\u0131ndan icat edilmi\u015f, M\u00fcsl\u00fcman denizciler taraf\u0131ndan geli\u015ftirilmi\u015f ve a\u00e7\u0131k denizde y\u00f6n bulmak i\u00e7in kullan\u0131lm\u0131\u015ft\u0131r. \u00dczerinde <strong>kuzey-g\u00fcney<\/strong> y\u00f6n\u00fcn\u00fc g\u00f6steren bir m\u0131knat\u0131s i\u011fnesi bulunur. Ayr\u0131ca denizcilerin yerlerini belirleme ve harita d\u00fczenleme amac\u0131yla da kullan\u0131lm\u0131\u015ft\u0131r. <strong>Avrupal\u0131lar pusulay\u0131 M\u00fcsl\u00fcmanlardan \u00f6\u011frenmi\u015flerdir<\/strong>.<\/li>\n<\/ul>\n\n\n\n<ul class=\"wp-block-list\">\n<li><strong>\u0130br\u00e2him el-Fez\u00e2r\u00ee (?-806):<\/strong> Abbasi D\u00f6nemi&#8217;nin ilk resmi astronomlar\u0131ndand\u0131r. <strong>Hint\u00e7e kitaplar\u0131 Arap\u00e7a&#8217;ya \u00e7evirmi\u015f<\/strong> ve <strong>ilk Arap\u00e7a astronomi kitab\u0131n\u0131<\/strong> yazm\u0131\u015ft\u0131r. G\u00fcne\u015f y\u0131l\u0131, y\u0131ld\u0131zlar\u0131n hareketleri ve namaz vakitleri \u00fczerine \u00e7al\u0131\u015fm\u0131\u015f, g\u00fcne\u015f ve ay tutulmalar\u0131n\u0131 \u00f6nceden tahmin etmi\u015ftir.<\/li>\n\n\n\n<li><strong>Usturlap:<\/strong> \u0130lk olarak <strong>Fez\u00e2r\u00ee<\/strong> taraf\u0131ndan icat edilmi\u015ftir. G\u00f6k cisimlerinin y\u00fcksekli\u011fini hesaplamak i\u00e7in kullan\u0131lm\u0131\u015ft\u0131r. Fez\u00e2r\u00ee&#8217;nin usturlab\u0131, g\u00f6ky\u00fcz\u00fcn\u00fc izlemenin yan\u0131 s\u0131ra <strong>zaman\u0131 \u00f6l\u00e7mek i\u00e7in de<\/strong> kullan\u0131lm\u0131\u015ft\u0131r.<\/li>\n<\/ul>\n\n\n\n<ul class=\"wp-block-list\">\n<li><strong>Yakup \u0130bn-i Tar\u0131k (?-796):<\/strong> Erken Abbasi D\u00f6nemi&#8217;nin \u00f6nemli astronomlar\u0131ndand\u0131r. Ay\u0131n ve y\u0131ld\u0131zlar\u0131n hareketlerini incelemi\u015f, ay ve g\u00fcnleri hesaplam\u0131\u015ft\u0131r.<\/li>\n\n\n\n<li><strong>Fez\u00e2r\u00ee ile birlikte Hint\u00e7e&#8217;den \u00e7evirdikleri Zic\u00fc&#8217;s-Sindhind (Kitab\u00fc&#8217;s-Sindhind)<\/strong> adl\u0131 eser, \u0130slam d\u00fcnyas\u0131nda astronomi alan\u0131nda uzun y\u0131llar temel kaynak olmu\u015ftur. Ayr\u0131ca <strong>Terk\u00eeb\u00fc&#8217;l-eflak<\/strong> adl\u0131 bir astronomi kitab\u0131 da bulunmaktad\u0131r.<\/li>\n\n\n\n<li><strong>Yakup \u0130bn-i Tar\u0131k<\/strong>, \u00e7al\u0131\u015fmalar\u0131nda gezegenlerin hareketlerini ve g\u00fcne\u015f-ay tutulmalar\u0131n\u0131n e\u011fikli\u011fini hassas <strong>jeodezik (yer \u00f6l\u00e7\u00fcmleri)<\/strong> \u00f6l\u00e7\u00fcmlerle hesaplam\u0131\u015ft\u0131r.<\/li>\n<\/ul>\n\n\n\n<p><strong>ERKEN ABBAS\u0130 D\u00d6NEM\u0130&#8217;NDE B\u0130L\u0130MSEL \u00c7ALI\u015eMALAR &#8211; K\u0130MYA<\/strong><\/p>\n\n\n\n<ul class=\"wp-block-list\">\n<li><strong>Kimya<\/strong> ile ilgili ilk \u00e7al\u0131\u015fmalar, <strong>Antik Yunan ve di\u011fer k\u00fclt\u00fcrlere ait eserlerin Arap\u00e7a&#8217;ya \u00e7evrilmesiyle<\/strong> ba\u015flam\u0131\u015ft\u0131r.<\/li>\n\n\n\n<li>Modern anlamda kimya bilimi \u00e7al\u0131\u015fmalar\u0131 <strong>M\u00fcsl\u00fcman bilim insanlar\u0131<\/strong> ile ba\u015flam\u0131\u015ft\u0131r. <strong>C\u00e2bir bin Hayy\u00e2n ve Eb\u00fb Bekir er-R\u00e2z\u00ee<\/strong>, kimya biliminin geli\u015fmesine \u00f6nc\u00fcl\u00fck etmi\u015flerdir.<\/li>\n\n\n\n<li><strong>C\u00e2bir bin Hayy\u00e2n (721-815):<\/strong> Bat\u0131&#8217;da <strong>Geber<\/strong> olarak tan\u0131n\u0131r. Kimya biliminin deneysel geli\u015fimine katk\u0131 sa\u011flam\u0131\u015f, <strong>d\u00fcnyan\u0131n bilinen ilk kimya laboratuvar\u0131n\u0131<\/strong> kurmu\u015ftur. \u00d6nemli kimyasal maddelerin sentezini a\u00e7\u0131klam\u0131\u015f ve onlara Arap\u00e7a isimler vermi\u015ftir.<\/li>\n\n\n\n<li><strong>C\u00e2bir bin Hayy\u00e2n<\/strong>, bilimsel \u00e7al\u0131\u015fmalar\u0131yla maddeleri kesme, yakarak toz haline getirme ve kristalle\u015ftirme i\u015flemleri yapan ara\u00e7lar icat etmi\u015ftir. Ayr\u0131ca <strong>s\u0131v\u0131la\u015ft\u0131rma, dam\u0131tma, mumlama, safla\u015ft\u0131rma, kavurma, eritme, dondurma<\/strong> gibi temel kimyasal i\u015flemlerin tan\u0131mlar\u0131n\u0131 yapm\u0131\u015ft\u0131r.<\/li>\n<\/ul>\n\n\n\n<p><strong>ERKEN ABBAS\u0130 D\u00d6NEM\u0130&#8217;NDE B\u0130L\u0130MSEL \u00c7ALI\u015eMALAR &#8211; TIP<\/strong><\/p>\n\n\n\n<ul class=\"wp-block-list\">\n<li><strong>Antik Yunan ve Hint<\/strong> t\u0131p kitaplar\u0131n\u0131n \u00e7evrilmesi ve <strong>\u0130ran&#8217;\u0131n C\u00fcndi\u015f\u00e2p\u00fbr \u015fehrindeki t\u0131p okulundaki \u00e7al\u0131\u015fmalar<\/strong>, t\u0131p biliminin geli\u015fimine katk\u0131 sa\u011flam\u0131\u015ft\u0131r.<\/li>\n\n\n\n<li><strong>Eb\u00fb Bekir er-R\u00e2z\u00ee:<\/strong> \u0130slam t\u0131p biliminde \u00f6ne \u00e7\u0131kan ilk hekimdir. <strong>Hastalar\u0131n yan\u0131nda klinik dersi uygulamas\u0131n\u0131 ilk ba\u015flatan<\/strong> bilim insan\u0131 olmu\u015ftur. <strong>Hayvan ba\u011f\u0131rsaklar\u0131ndan ameliyat ipli\u011fi<\/strong> yapm\u0131\u015f ve <strong>g\u00f6z bebe\u011finin \u0131\u015f\u0131\u011fa tepkisini ilk fark eden<\/strong> bilim insan\u0131d\u0131r.<\/li>\n<\/ul>\n\n\n\n<ul class=\"wp-block-list\">\n<li><strong>Eb\u00fb Bekir er-R\u00e2z\u00ee&#8217;nin et-T\u0131bb\u00fc&#8217;l-Mans\u00fbri (Kitabu&#8217;l Mansuri)<\/strong> adl\u0131 eseri ansiklopedik bir \u00e7al\u0131\u015fmad\u0131r ve <strong>psikoloji ve anatomi<\/strong> konular\u0131n\u0131 i\u00e7erir.<\/li>\n\n\n\n<li><strong>R\u00e2z\u00ee&#8217;nin Kit\u00e2b\u00fc&#8217;\u015f-\u015e\u00fck\u00fbk al\u00e2 Calinus (Calinus \u00dczerindeki \u015e\u00fcpheler)<\/strong> adl\u0131 eseri bir ele\u015ftiri kitab\u0131d\u0131r. R\u00e2z\u00ee&#8217;ye g\u00f6re Galen teorik hatalar yapm\u0131\u015ft\u0131r.<\/li>\n\n\n\n<li><strong>R\u00e2z\u00ee&#8217;nin \u00f6nemli eserlerinden biri de El Havi (T\u0131bb\u0131n \u0130\u00e7eri\u011fi)<\/strong> adl\u0131 35 ciltlik eseridir. Bu eser, <strong>XVI. y\u00fczy\u0131la kadar Avrupa&#8217;n\u0131n \u00f6nemli t\u0131p merkezlerinde de\u011ferli bir kaynak<\/strong> olarak kullan\u0131lm\u0131\u015ft\u0131r. Bir t\u0131p ansiklopedisi olan bu kitapta R\u00e2z\u00ee, kendi d\u00f6nemine kadar ya\u015fam\u0131\u015f t\u0131p bilginlerinin hayatlar\u0131n\u0131, farkl\u0131 k\u00fclt\u00fcrlerden m\u00fcelliflerin g\u00f6r\u00fc\u015flerini ve kendi tecr\u00fcbelerini yazm\u0131\u015ft\u0131r.<\/li>\n<\/ul>\n\n\n\n<p><strong>ERKEN ABBAS\u0130 D\u00d6NEM\u0130&#8217;NDE B\u0130L\u0130MSEL \u00c7ALI\u015eMALAR &#8211; ECZACILIK<\/strong><\/p>\n\n\n\n<ul class=\"wp-block-list\">\n<li>\u0130slam bilim tarihinde <strong>eczac\u0131l\u0131k ve botanik<\/strong>, t\u0131p bilimi ile paralel geli\u015fme g\u00f6stermi\u015ftir. <strong>Botanik<\/strong>, \u0130slam d\u00fcnyas\u0131nda &#8220;<strong>\u0130lm-i Nebat (bitki bilimi)<\/strong>&#8221; olarak tan\u0131mlanm\u0131\u015ft\u0131r.<\/li>\n\n\n\n<li>Bitkiler hakk\u0131ndaki ara\u015ft\u0131rmalarda <strong>Mezopotamya, M\u0131s\u0131r, Antik Yunan, Hint, Bizans ve \u0130ranl\u0131 bilim insanlar\u0131n\u0131n eserlerinden<\/strong> faydalan\u0131lm\u0131\u015ft\u0131r. <strong>Hipokrates, Galen ve Dioscurides<\/strong>, bu alanda \u00f6nemli bilim insanlar\u0131d\u0131r.<\/li>\n\n\n\n<li><strong>Erken Abbasiler D\u00f6nemi&#8217;nde<\/strong> eczac\u0131l\u0131k ve botanikle ilgili \u00e7e\u015fitli kitaplar yaz\u0131lmaya ba\u015flanm\u0131\u015ft\u0131r. <strong>\u0130lk eczane, Ba\u011fdat&#8217;ta Halife Mansur D\u00f6nemi&#8217;nde<\/strong> a\u00e7\u0131lm\u0131\u015ft\u0131r.<\/li>\n<\/ul>\n\n\n\n<ul class=\"wp-block-list\">\n<li><strong>Ed-D\u00eenaver\u00ee (820-876):<\/strong> IX. y\u00fczy\u0131l\u0131n \u00f6nemli M\u00fcsl\u00fcman bilim insanlar\u0131ndand\u0131r. <strong>Botanik ve astronomi<\/strong> alanlar\u0131nda \u00e7al\u0131\u015fm\u0131\u015ft\u0131r. <strong>Kit\u00e2b&#8217;\u00fcn-Neb\u00e2t (Bitkiler Kitab\u0131)<\/strong> adl\u0131 8 ciltlik eseriyle tan\u0131n\u0131r. Bu eser, \u0130slam botani\u011fi konusunda \u00f6nemli bir ba\u015fvuru kitab\u0131 olmu\u015ftur.<\/li>\n\n\n\n<li>Bu d\u00f6nemde t\u0131p alan\u0131nda faydalan\u0131lan \u00f6nemli kitaplardan biri de aslen <strong>Kilikyal\u0131 (Adana)<\/strong> olan <strong>Dioscurides<\/strong> taraf\u0131ndan yaz\u0131lan <strong>Materia Medica<\/strong>&#8216;d\u0131r. Dioscurides bu eserinde gezdi\u011fi yerlerdeki bitkileri incelemi\u015f ve hangi hastal\u0131klar\u0131n tedavisinde kullan\u0131labilece\u011fini belirtmi\u015ftir.<\/li>\n<\/ul>\n\n\n\n<p><strong>ERKEN ABBAS\u0130 D\u00d6NEM\u0130&#8217;NDE FELSEFE<\/strong><\/p>\n\n\n\n<ul class=\"wp-block-list\">\n<li><strong>Erken Abbasi D\u00f6nemi&#8217;nde \u00e7eviri faaliyetlerinin \u00f6nc\u00fcs\u00fc Abdullah bin Mukaffa&#8217;d\u0131r.<\/strong><\/li>\n\n\n\n<li>Felsefe tarihinin \u00f6nemli filozoflar\u0131ndan <strong>Aristoteles&#8217;in (M\u00d6 384-322) mant\u0131k kitaplar\u0131n\u0131n (Organon)<\/strong> <strong>Abdullah bin Mukaffa<\/strong> taraf\u0131ndan Arap\u00e7a&#8217;ya \u00e7evrilmesi, \u0130slam d\u00fcnyas\u0131nda felsefe \u00e7al\u0131\u015fmalar\u0131n\u0131n h\u0131zlanmas\u0131n\u0131 sa\u011flam\u0131\u015ft\u0131r.<\/li>\n\n\n\n<li><strong>Erken Abbasi D\u00f6nemi&#8217;nde el-Kind\u00ee ve Farabi<\/strong> gibi d\u00fc\u015f\u00fcn\u00fcrler, fikirleri ve eserleriyle \u0130slam felsefesinin geli\u015fmesinde etkili olmu\u015flard\u0131r.<\/li>\n<\/ul>\n\n\n\n<ul class=\"wp-block-list\">\n<li><strong>El-Kind\u00ee (801-866):<\/strong> Felsefeyi &#8220;<strong>\u0130nsan\u0131n kendisini tan\u0131mas\u0131d\u0131r. Felsefe sanatlar\u0131n sanat\u0131, hikmetlerin hikmetidir.<\/strong>&#8221; \u015feklinde tan\u0131mlam\u0131\u015ft\u0131r. \u0130slam d\u00fcnyas\u0131n\u0131n <strong>ilk ve \u00f6nemli filozofudur<\/strong>. Latince eserlerde &#8220;<strong>Alkindus<\/strong>&#8221; olarak ge\u00e7er.<\/li>\n\n\n\n<li><strong>Yunanca felsefe, matematik, astronomi ve t\u0131p kitaplar\u0131n\u0131n \u00e7evirisini<\/strong> yapm\u0131\u015ft\u0131r. \u00c7al\u0131\u015fmalar\u0131 sonras\u0131 bilim d\u00fcnyas\u0131nda kendisine &#8220;<strong>Araplar\u0131n filozofu<\/strong>&#8221; unvan\u0131 verilmi\u015ftir.<\/li>\n<\/ul>\n\n\n\n<ul class=\"wp-block-list\">\n<li><strong>Farabi (871-950):<\/strong> Bat\u0131 bilim d\u00fcnyas\u0131nda &#8220;<strong>Alfarabius<\/strong>&#8221; ve &#8220;<strong>Abunaser (Eb\u00fb Nasr)<\/strong>&#8221; olarak tan\u0131n\u0131r. <strong>\u0130lk \u00f6\u011fretmen Aristoteles&#8217;ten sonra<\/strong> kendisine &#8220;<strong>Muallimi Sani-\u0130kinci \u00d6\u011fretmen<\/strong>&#8221; unvan\u0131 verilmi\u015ftir.<\/li>\n\n\n\n<li><strong>Aristoteles mant\u0131\u011f\u0131n\u0131 \u0130slam d\u00fcnyas\u0131na tan\u0131tan<\/strong> en \u00f6nemli bilim insan\u0131d\u0131r. Mant\u0131k, Farabi sayesinde ba\u011f\u0131ms\u0131z ve \u00f6zg\u00fcn bir alan haline gelmi\u015ftir. Farabi, mant\u0131k ilminin <strong>\u00f6nce \u00f6\u011frenilmesi gereken bir ilim<\/strong> oldu\u011funu s\u00f6ylemi\u015ftir.<\/li>\n\n\n\n<li><strong>IX. y\u00fczy\u0131ldan sonra mant\u0131k \u00e7al\u0131\u015fmalar\u0131 \u0130slam d\u00fcnyas\u0131nda en parlak d\u00f6nemini ya\u015fam\u0131\u015ft\u0131r.<\/strong><\/li>\n<\/ul>\n\n\n\n<ul class=\"wp-block-list\">\n<li><strong>Farabi&#8217;nin Kitap fi \u0130hsai&#8217;l-Ulum va&#8217;t-Tarif (Bilimlerin S\u0131n\u0131fland\u0131r\u0131lmas\u0131 ve Belirlenmesi Konusunda Kitap)<\/strong> adl\u0131 eserinde bilimlerin s\u0131n\u0131fland\u0131rmas\u0131n\u0131 yapm\u0131\u015ft\u0131r.<\/li>\n\n\n\n<li><strong>Farabi&#8217;ye g\u00f6re bilimler be\u015f ana b\u00f6l\u00fcme ayr\u0131l\u0131r:<\/strong>\n<ol start=\"1\" class=\"wp-block-list\">\n<li><strong>Dil bilimi<\/strong><\/li>\n\n\n\n<li><strong>Mant\u0131k ilimi<\/strong><\/li>\n\n\n\n<li><strong>\u00d6\u011fretme ilimleri<\/strong> (matematik, geometri, astronomi, m\u00fczik vb.)<\/li>\n\n\n\n<li><strong>Tabiat ve ilahiyat ilimleri<\/strong><\/li>\n\n\n\n<li><strong>Medeni ilimler<\/strong> (siyaset, ahlak, hukuk vb.)<\/li>\n<\/ol>\n<\/li>\n<\/ul>\n","protected":false},"excerpt":{"rendered":"<div class=\"mh-excerpt\"><p>Bu sayfada payla\u015ft\u0131\u011f\u0131m\u0131z\u00a0\u0130slam Bilim Tarihi Dersi\u00a0ders notlar\u0131m\u0131z sayesinde t\u00fcm konulara hakim olacaks\u0131n\u0131z.\u00a0Se\u00e7meli \u0130slam Bilim Tarihi Dersi\u00a09. 10. 11. ve 12. s\u0131n\u0131flarda se\u00e7meli olarak okutulan bir <a class=\"mh-excerpt-more\" href=\"https:\/\/tarihkursu.com\/index.php\/2025\/10\/03\/islam-bilim-tarihi-3-unite-erken-abbasi-doneminde-bilim-ve-felsefe-viii-ix-yuzyil-ders-notu\/\" title=\"\u0130slam Bilim Tarihi 3. \u00dcnite: Erken Abbasi D\u00f6nemi&#8217;nde Bilim ve Felsefe (VIII-IX. Y\u00fczy\u0131l) Ders Notu\">[&#8230;]<\/a><\/p>\n<\/div>","protected":false},"author":2,"featured_media":223,"comment_status":"open","ping_status":"open","sticky":false,"template":"","format":"standard","meta":{"_regular_price":[],"currency_symbol":[],"footnotes":""},"categories":[245],"tags":[247,248],"class_list":["post-2852","post","type-post","status-publish","format-standard","has-post-thumbnail","hentry","category-islam-bilim-tarihi","tag-islam-bilim-tarihi","tag-secmeli-islam-bilim-tarihi"],"post_slider_layout_featured_media_urls":{"thumbnail":["https:\/\/tarihkursu.com\/wp-content\/uploads\/2024\/10\/tarih-ders-notlari-150x150.png",150,150,true],"post_slider_layout_landscape_large":["https:\/\/tarihkursu.com\/wp-content\/uploads\/2024\/10\/tarih-ders-notlari-1200x720.png",1200,720,true],"post_slider_layout_portrait_large":["https:\/\/tarihkursu.com\/wp-content\/uploads\/2024\/10\/tarih-ders-notlari-1200x720.png",1200,720,true],"post_slider_layout_square_large":["https:\/\/tarihkursu.com\/wp-content\/uploads\/2024\/10\/tarih-ders-notlari-1200x720.png",1200,720,true],"post_slider_layout_landscape":["https:\/\/tarihkursu.com\/wp-content\/uploads\/2024\/10\/tarih-ders-notlari-600x400.png",600,400,true],"post_slider_layout_portrait":["https:\/\/tarihkursu.com\/wp-content\/uploads\/2024\/10\/tarih-ders-notlari-600x720.png",600,720,true],"post_slider_layout_square":["https:\/\/tarihkursu.com\/wp-content\/uploads\/2024\/10\/tarih-ders-notlari-600x600.png",600,600,true],"full":["https:\/\/tarihkursu.com\/wp-content\/uploads\/2024\/10\/tarih-ders-notlari.png",1280,720,false]},"yoast_head":"<!-- This site is optimized with the Yoast SEO plugin v27.5 - https:\/\/yoast.com\/product\/yoast-seo-wordpress\/ -->\n<title>\u0130slam Bilim Tarihi 3. \u00dcnite: Erken Abbasi D\u00f6nemi&#039;nde Bilim ve Felsefe (VIII-IX. Y\u00fczy\u0131l) Ders Notu - tarihkursu.com<\/title>\n<meta name=\"description\" content=\"Se\u00e7meli \u0130slam Bilim Tarihi Dersinin 3. \u00fcnitesi olan Erken Abbasi D\u00f6nemi&#039;nde Bilim ve Felsefe (VIII-IX. Y\u00fczy\u0131l) Ders Notunu payla\u015f\u0131yoruz.\" \/>\n<meta name=\"robots\" content=\"index, follow, max-snippet:-1, max-image-preview:large, max-video-preview:-1\" \/>\n<link rel=\"canonical\" href=\"https:\/\/tarihkursu.com\/index.php\/2025\/10\/03\/islam-bilim-tarihi-3-unite-erken-abbasi-doneminde-bilim-ve-felsefe-viii-ix-yuzyil-ders-notu\/\" \/>\n<meta property=\"og:locale\" content=\"tr_TR\" \/>\n<meta property=\"og:type\" content=\"article\" \/>\n<meta property=\"og:title\" content=\"\u0130slam Bilim Tarihi 3. \u00dcnite: Erken Abbasi D\u00f6nemi&#039;nde Bilim ve Felsefe (VIII-IX. Y\u00fczy\u0131l) Ders Notu - tarihkursu.com\" \/>\n<meta property=\"og:description\" content=\"Se\u00e7meli \u0130slam Bilim Tarihi Dersinin 3. \u00fcnitesi olan Erken Abbasi D\u00f6nemi&#039;nde Bilim ve Felsefe (VIII-IX. Y\u00fczy\u0131l) Ders Notunu payla\u015f\u0131yoruz.\" \/>\n<meta property=\"og:url\" content=\"https:\/\/tarihkursu.com\/index.php\/2025\/10\/03\/islam-bilim-tarihi-3-unite-erken-abbasi-doneminde-bilim-ve-felsefe-viii-ix-yuzyil-ders-notu\/\" \/>\n<meta property=\"og:site_name\" content=\"tarihkursu.com\" \/>\n<meta property=\"article:published_time\" content=\"2025-10-03T15:09:00+00:00\" \/>\n<meta property=\"og:image\" content=\"https:\/\/tarihkursu.com\/wp-content\/uploads\/2024\/10\/tarih-ders-notlari.png\" \/>\n\t<meta property=\"og:image:width\" content=\"1280\" \/>\n\t<meta property=\"og:image:height\" content=\"720\" \/>\n\t<meta property=\"og:image:type\" content=\"image\/png\" \/>\n<meta name=\"author\" content=\"tarihkursu\" \/>\n<meta name=\"twitter:card\" content=\"summary_large_image\" \/>\n<meta name=\"twitter:label1\" content=\"Yazan:\" \/>\n\t<meta name=\"twitter:data1\" content=\"tarihkursu\" \/>\n\t<meta name=\"twitter:label2\" content=\"Tahmini okuma s\u00fcresi\" \/>\n\t<meta name=\"twitter:data2\" content=\"8 dakika\" \/>\n<script type=\"application\/ld+json\" class=\"yoast-schema-graph\">{\"@context\":\"https:\\\/\\\/schema.org\",\"@graph\":[{\"@type\":\"Article\",\"@id\":\"https:\\\/\\\/tarihkursu.com\\\/index.php\\\/2025\\\/10\\\/03\\\/islam-bilim-tarihi-3-unite-erken-abbasi-doneminde-bilim-ve-felsefe-viii-ix-yuzyil-ders-notu\\\/#article\",\"isPartOf\":{\"@id\":\"https:\\\/\\\/tarihkursu.com\\\/index.php\\\/2025\\\/10\\\/03\\\/islam-bilim-tarihi-3-unite-erken-abbasi-doneminde-bilim-ve-felsefe-viii-ix-yuzyil-ders-notu\\\/\"},\"author\":{\"name\":\"tarihkursu\",\"@id\":\"https:\\\/\\\/tarihkursu.com\\\/#\\\/schema\\\/person\\\/d0f9105e31352dbe9f08d098ffb8c878\"},\"headline\":\"\u0130slam Bilim Tarihi 3. \u00dcnite: Erken Abbasi D\u00f6nemi&#8217;nde Bilim ve Felsefe (VIII-IX. Y\u00fczy\u0131l) Ders Notu\",\"datePublished\":\"2025-10-03T15:09:00+00:00\",\"mainEntityOfPage\":{\"@id\":\"https:\\\/\\\/tarihkursu.com\\\/index.php\\\/2025\\\/10\\\/03\\\/islam-bilim-tarihi-3-unite-erken-abbasi-doneminde-bilim-ve-felsefe-viii-ix-yuzyil-ders-notu\\\/\"},\"wordCount\":1908,\"commentCount\":0,\"publisher\":{\"@id\":\"https:\\\/\\\/tarihkursu.com\\\/#\\\/schema\\\/person\\\/4d7bdc3b79e9f5198455474c0f203f3c\"},\"image\":{\"@id\":\"https:\\\/\\\/tarihkursu.com\\\/index.php\\\/2025\\\/10\\\/03\\\/islam-bilim-tarihi-3-unite-erken-abbasi-doneminde-bilim-ve-felsefe-viii-ix-yuzyil-ders-notu\\\/#primaryimage\"},\"thumbnailUrl\":\"https:\\\/\\\/tarihkursu.com\\\/wp-content\\\/uploads\\\/2024\\\/10\\\/tarih-ders-notlari.png\",\"keywords\":[\"\u0130slam bilim tarihi\",\"se\u00e7meli islam bilim tarihi\"],\"articleSection\":[\"\u0130slam Bilim Tarihi\"],\"inLanguage\":\"tr\",\"potentialAction\":[{\"@type\":\"CommentAction\",\"name\":\"Comment\",\"target\":[\"https:\\\/\\\/tarihkursu.com\\\/index.php\\\/2025\\\/10\\\/03\\\/islam-bilim-tarihi-3-unite-erken-abbasi-doneminde-bilim-ve-felsefe-viii-ix-yuzyil-ders-notu\\\/#respond\"]}]},{\"@type\":\"WebPage\",\"@id\":\"https:\\\/\\\/tarihkursu.com\\\/index.php\\\/2025\\\/10\\\/03\\\/islam-bilim-tarihi-3-unite-erken-abbasi-doneminde-bilim-ve-felsefe-viii-ix-yuzyil-ders-notu\\\/\",\"url\":\"https:\\\/\\\/tarihkursu.com\\\/index.php\\\/2025\\\/10\\\/03\\\/islam-bilim-tarihi-3-unite-erken-abbasi-doneminde-bilim-ve-felsefe-viii-ix-yuzyil-ders-notu\\\/\",\"name\":\"\u0130slam Bilim Tarihi 3. \u00dcnite: Erken Abbasi D\u00f6nemi'nde Bilim ve Felsefe (VIII-IX. Y\u00fczy\u0131l) Ders Notu - tarihkursu.com\",\"isPartOf\":{\"@id\":\"https:\\\/\\\/tarihkursu.com\\\/#website\"},\"primaryImageOfPage\":{\"@id\":\"https:\\\/\\\/tarihkursu.com\\\/index.php\\\/2025\\\/10\\\/03\\\/islam-bilim-tarihi-3-unite-erken-abbasi-doneminde-bilim-ve-felsefe-viii-ix-yuzyil-ders-notu\\\/#primaryimage\"},\"image\":{\"@id\":\"https:\\\/\\\/tarihkursu.com\\\/index.php\\\/2025\\\/10\\\/03\\\/islam-bilim-tarihi-3-unite-erken-abbasi-doneminde-bilim-ve-felsefe-viii-ix-yuzyil-ders-notu\\\/#primaryimage\"},\"thumbnailUrl\":\"https:\\\/\\\/tarihkursu.com\\\/wp-content\\\/uploads\\\/2024\\\/10\\\/tarih-ders-notlari.png\",\"datePublished\":\"2025-10-03T15:09:00+00:00\",\"description\":\"Se\u00e7meli \u0130slam Bilim Tarihi Dersinin 3. \u00fcnitesi olan Erken Abbasi D\u00f6nemi'nde Bilim ve Felsefe (VIII-IX. Y\u00fczy\u0131l) Ders Notunu payla\u015f\u0131yoruz.\",\"breadcrumb\":{\"@id\":\"https:\\\/\\\/tarihkursu.com\\\/index.php\\\/2025\\\/10\\\/03\\\/islam-bilim-tarihi-3-unite-erken-abbasi-doneminde-bilim-ve-felsefe-viii-ix-yuzyil-ders-notu\\\/#breadcrumb\"},\"inLanguage\":\"tr\",\"potentialAction\":[{\"@type\":\"ReadAction\",\"target\":[\"https:\\\/\\\/tarihkursu.com\\\/index.php\\\/2025\\\/10\\\/03\\\/islam-bilim-tarihi-3-unite-erken-abbasi-doneminde-bilim-ve-felsefe-viii-ix-yuzyil-ders-notu\\\/\"]}]},{\"@type\":\"ImageObject\",\"inLanguage\":\"tr\",\"@id\":\"https:\\\/\\\/tarihkursu.com\\\/index.php\\\/2025\\\/10\\\/03\\\/islam-bilim-tarihi-3-unite-erken-abbasi-doneminde-bilim-ve-felsefe-viii-ix-yuzyil-ders-notu\\\/#primaryimage\",\"url\":\"https:\\\/\\\/tarihkursu.com\\\/wp-content\\\/uploads\\\/2024\\\/10\\\/tarih-ders-notlari.png\",\"contentUrl\":\"https:\\\/\\\/tarihkursu.com\\\/wp-content\\\/uploads\\\/2024\\\/10\\\/tarih-ders-notlari.png\",\"width\":1280,\"height\":720,\"caption\":\"ders notu\"},{\"@type\":\"BreadcrumbList\",\"@id\":\"https:\\\/\\\/tarihkursu.com\\\/index.php\\\/2025\\\/10\\\/03\\\/islam-bilim-tarihi-3-unite-erken-abbasi-doneminde-bilim-ve-felsefe-viii-ix-yuzyil-ders-notu\\\/#breadcrumb\",\"itemListElement\":[{\"@type\":\"ListItem\",\"position\":1,\"name\":\"Anasayfa\",\"item\":\"https:\\\/\\\/tarihkursu.com\\\/\"},{\"@type\":\"ListItem\",\"position\":2,\"name\":\"\u0130slam Bilim Tarihi 3. \u00dcnite: Erken Abbasi D\u00f6nemi&#8217;nde Bilim ve Felsefe (VIII-IX. Y\u00fczy\u0131l) Ders Notu\"}]},{\"@type\":\"WebSite\",\"@id\":\"https:\\\/\\\/tarihkursu.com\\\/#website\",\"url\":\"https:\\\/\\\/tarihkursu.com\\\/\",\"name\":\"Tarih Kursu\",\"description\":\"\u0130\u015fimiz G\u00fcc\u00fcm\u00fcz Tarih\",\"publisher\":{\"@id\":\"https:\\\/\\\/tarihkursu.com\\\/#\\\/schema\\\/person\\\/4d7bdc3b79e9f5198455474c0f203f3c\"},\"potentialAction\":[{\"@type\":\"SearchAction\",\"target\":{\"@type\":\"EntryPoint\",\"urlTemplate\":\"https:\\\/\\\/tarihkursu.com\\\/?s={search_term_string}\"},\"query-input\":{\"@type\":\"PropertyValueSpecification\",\"valueRequired\":true,\"valueName\":\"search_term_string\"}}],\"inLanguage\":\"tr\"},{\"@type\":[\"Person\",\"Organization\"],\"@id\":\"https:\\\/\\\/tarihkursu.com\\\/#\\\/schema\\\/person\\\/4d7bdc3b79e9f5198455474c0f203f3c\",\"name\":\"admin\",\"image\":{\"@type\":\"ImageObject\",\"inLanguage\":\"tr\",\"@id\":\"https:\\\/\\\/tarihkursu.com\\\/wp-content\\\/uploads\\\/2024\\\/10\\\/TARIHKURSU-Kopyasi.png\",\"url\":\"https:\\\/\\\/tarihkursu.com\\\/wp-content\\\/uploads\\\/2024\\\/10\\\/TARIHKURSU-Kopyasi.png\",\"contentUrl\":\"https:\\\/\\\/tarihkursu.com\\\/wp-content\\\/uploads\\\/2024\\\/10\\\/TARIHKURSU-Kopyasi.png\",\"width\":1080,\"height\":1080,\"caption\":\"admin\"},\"logo\":{\"@id\":\"https:\\\/\\\/tarihkursu.com\\\/wp-content\\\/uploads\\\/2024\\\/10\\\/TARIHKURSU-Kopyasi.png\"},\"sameAs\":[\"https:\\\/\\\/tarihkursu.com\"]},{\"@type\":\"Person\",\"@id\":\"https:\\\/\\\/tarihkursu.com\\\/#\\\/schema\\\/person\\\/d0f9105e31352dbe9f08d098ffb8c878\",\"name\":\"tarihkursu\",\"image\":{\"@type\":\"ImageObject\",\"inLanguage\":\"tr\",\"@id\":\"https:\\\/\\\/secure.gravatar.com\\\/avatar\\\/1354763acbc865faa7650c3e1e4431f187276d71f132349411302a546cdeae54?s=96&d=mm&r=g\",\"url\":\"https:\\\/\\\/secure.gravatar.com\\\/avatar\\\/1354763acbc865faa7650c3e1e4431f187276d71f132349411302a546cdeae54?s=96&d=mm&r=g\",\"contentUrl\":\"https:\\\/\\\/secure.gravatar.com\\\/avatar\\\/1354763acbc865faa7650c3e1e4431f187276d71f132349411302a546cdeae54?s=96&d=mm&r=g\",\"caption\":\"tarihkursu\"},\"url\":\"https:\\\/\\\/tarihkursu.com\\\/index.php\\\/author\\\/tarihkursu\\\/\"}]}<\/script>\n<!-- \/ Yoast SEO plugin. -->","yoast_head_json":{"title":"\u0130slam Bilim Tarihi 3. \u00dcnite: Erken Abbasi D\u00f6nemi'nde Bilim ve Felsefe (VIII-IX. Y\u00fczy\u0131l) Ders Notu - tarihkursu.com","description":"Se\u00e7meli \u0130slam Bilim Tarihi Dersinin 3. \u00fcnitesi olan Erken Abbasi D\u00f6nemi'nde Bilim ve Felsefe (VIII-IX. Y\u00fczy\u0131l) Ders Notunu payla\u015f\u0131yoruz.","robots":{"index":"index","follow":"follow","max-snippet":"max-snippet:-1","max-image-preview":"max-image-preview:large","max-video-preview":"max-video-preview:-1"},"canonical":"https:\/\/tarihkursu.com\/index.php\/2025\/10\/03\/islam-bilim-tarihi-3-unite-erken-abbasi-doneminde-bilim-ve-felsefe-viii-ix-yuzyil-ders-notu\/","og_locale":"tr_TR","og_type":"article","og_title":"\u0130slam Bilim Tarihi 3. \u00dcnite: Erken Abbasi D\u00f6nemi'nde Bilim ve Felsefe (VIII-IX. Y\u00fczy\u0131l) Ders Notu - tarihkursu.com","og_description":"Se\u00e7meli \u0130slam Bilim Tarihi Dersinin 3. \u00fcnitesi olan Erken Abbasi D\u00f6nemi'nde Bilim ve Felsefe (VIII-IX. Y\u00fczy\u0131l) Ders Notunu payla\u015f\u0131yoruz.","og_url":"https:\/\/tarihkursu.com\/index.php\/2025\/10\/03\/islam-bilim-tarihi-3-unite-erken-abbasi-doneminde-bilim-ve-felsefe-viii-ix-yuzyil-ders-notu\/","og_site_name":"tarihkursu.com","article_published_time":"2025-10-03T15:09:00+00:00","og_image":[{"width":1280,"height":720,"url":"https:\/\/tarihkursu.com\/wp-content\/uploads\/2024\/10\/tarih-ders-notlari.png","type":"image\/png"}],"author":"tarihkursu","twitter_card":"summary_large_image","twitter_misc":{"Yazan:":"tarihkursu","Tahmini okuma s\u00fcresi":"8 dakika"},"schema":{"@context":"https:\/\/schema.org","@graph":[{"@type":"Article","@id":"https:\/\/tarihkursu.com\/index.php\/2025\/10\/03\/islam-bilim-tarihi-3-unite-erken-abbasi-doneminde-bilim-ve-felsefe-viii-ix-yuzyil-ders-notu\/#article","isPartOf":{"@id":"https:\/\/tarihkursu.com\/index.php\/2025\/10\/03\/islam-bilim-tarihi-3-unite-erken-abbasi-doneminde-bilim-ve-felsefe-viii-ix-yuzyil-ders-notu\/"},"author":{"name":"tarihkursu","@id":"https:\/\/tarihkursu.com\/#\/schema\/person\/d0f9105e31352dbe9f08d098ffb8c878"},"headline":"\u0130slam Bilim Tarihi 3. \u00dcnite: Erken Abbasi D\u00f6nemi&#8217;nde Bilim ve Felsefe (VIII-IX. Y\u00fczy\u0131l) Ders Notu","datePublished":"2025-10-03T15:09:00+00:00","mainEntityOfPage":{"@id":"https:\/\/tarihkursu.com\/index.php\/2025\/10\/03\/islam-bilim-tarihi-3-unite-erken-abbasi-doneminde-bilim-ve-felsefe-viii-ix-yuzyil-ders-notu\/"},"wordCount":1908,"commentCount":0,"publisher":{"@id":"https:\/\/tarihkursu.com\/#\/schema\/person\/4d7bdc3b79e9f5198455474c0f203f3c"},"image":{"@id":"https:\/\/tarihkursu.com\/index.php\/2025\/10\/03\/islam-bilim-tarihi-3-unite-erken-abbasi-doneminde-bilim-ve-felsefe-viii-ix-yuzyil-ders-notu\/#primaryimage"},"thumbnailUrl":"https:\/\/tarihkursu.com\/wp-content\/uploads\/2024\/10\/tarih-ders-notlari.png","keywords":["\u0130slam bilim tarihi","se\u00e7meli islam bilim tarihi"],"articleSection":["\u0130slam Bilim Tarihi"],"inLanguage":"tr","potentialAction":[{"@type":"CommentAction","name":"Comment","target":["https:\/\/tarihkursu.com\/index.php\/2025\/10\/03\/islam-bilim-tarihi-3-unite-erken-abbasi-doneminde-bilim-ve-felsefe-viii-ix-yuzyil-ders-notu\/#respond"]}]},{"@type":"WebPage","@id":"https:\/\/tarihkursu.com\/index.php\/2025\/10\/03\/islam-bilim-tarihi-3-unite-erken-abbasi-doneminde-bilim-ve-felsefe-viii-ix-yuzyil-ders-notu\/","url":"https:\/\/tarihkursu.com\/index.php\/2025\/10\/03\/islam-bilim-tarihi-3-unite-erken-abbasi-doneminde-bilim-ve-felsefe-viii-ix-yuzyil-ders-notu\/","name":"\u0130slam Bilim Tarihi 3. \u00dcnite: Erken Abbasi D\u00f6nemi'nde Bilim ve Felsefe (VIII-IX. Y\u00fczy\u0131l) Ders Notu - tarihkursu.com","isPartOf":{"@id":"https:\/\/tarihkursu.com\/#website"},"primaryImageOfPage":{"@id":"https:\/\/tarihkursu.com\/index.php\/2025\/10\/03\/islam-bilim-tarihi-3-unite-erken-abbasi-doneminde-bilim-ve-felsefe-viii-ix-yuzyil-ders-notu\/#primaryimage"},"image":{"@id":"https:\/\/tarihkursu.com\/index.php\/2025\/10\/03\/islam-bilim-tarihi-3-unite-erken-abbasi-doneminde-bilim-ve-felsefe-viii-ix-yuzyil-ders-notu\/#primaryimage"},"thumbnailUrl":"https:\/\/tarihkursu.com\/wp-content\/uploads\/2024\/10\/tarih-ders-notlari.png","datePublished":"2025-10-03T15:09:00+00:00","description":"Se\u00e7meli \u0130slam Bilim Tarihi Dersinin 3. \u00fcnitesi olan Erken Abbasi D\u00f6nemi'nde Bilim ve Felsefe (VIII-IX. Y\u00fczy\u0131l) Ders Notunu payla\u015f\u0131yoruz.","breadcrumb":{"@id":"https:\/\/tarihkursu.com\/index.php\/2025\/10\/03\/islam-bilim-tarihi-3-unite-erken-abbasi-doneminde-bilim-ve-felsefe-viii-ix-yuzyil-ders-notu\/#breadcrumb"},"inLanguage":"tr","potentialAction":[{"@type":"ReadAction","target":["https:\/\/tarihkursu.com\/index.php\/2025\/10\/03\/islam-bilim-tarihi-3-unite-erken-abbasi-doneminde-bilim-ve-felsefe-viii-ix-yuzyil-ders-notu\/"]}]},{"@type":"ImageObject","inLanguage":"tr","@id":"https:\/\/tarihkursu.com\/index.php\/2025\/10\/03\/islam-bilim-tarihi-3-unite-erken-abbasi-doneminde-bilim-ve-felsefe-viii-ix-yuzyil-ders-notu\/#primaryimage","url":"https:\/\/tarihkursu.com\/wp-content\/uploads\/2024\/10\/tarih-ders-notlari.png","contentUrl":"https:\/\/tarihkursu.com\/wp-content\/uploads\/2024\/10\/tarih-ders-notlari.png","width":1280,"height":720,"caption":"ders notu"},{"@type":"BreadcrumbList","@id":"https:\/\/tarihkursu.com\/index.php\/2025\/10\/03\/islam-bilim-tarihi-3-unite-erken-abbasi-doneminde-bilim-ve-felsefe-viii-ix-yuzyil-ders-notu\/#breadcrumb","itemListElement":[{"@type":"ListItem","position":1,"name":"Anasayfa","item":"https:\/\/tarihkursu.com\/"},{"@type":"ListItem","position":2,"name":"\u0130slam Bilim Tarihi 3. \u00dcnite: Erken Abbasi D\u00f6nemi&#8217;nde Bilim ve Felsefe (VIII-IX. Y\u00fczy\u0131l) Ders Notu"}]},{"@type":"WebSite","@id":"https:\/\/tarihkursu.com\/#website","url":"https:\/\/tarihkursu.com\/","name":"Tarih Kursu","description":"\u0130\u015fimiz G\u00fcc\u00fcm\u00fcz Tarih","publisher":{"@id":"https:\/\/tarihkursu.com\/#\/schema\/person\/4d7bdc3b79e9f5198455474c0f203f3c"},"potentialAction":[{"@type":"SearchAction","target":{"@type":"EntryPoint","urlTemplate":"https:\/\/tarihkursu.com\/?s={search_term_string}"},"query-input":{"@type":"PropertyValueSpecification","valueRequired":true,"valueName":"search_term_string"}}],"inLanguage":"tr"},{"@type":["Person","Organization"],"@id":"https:\/\/tarihkursu.com\/#\/schema\/person\/4d7bdc3b79e9f5198455474c0f203f3c","name":"admin","image":{"@type":"ImageObject","inLanguage":"tr","@id":"https:\/\/tarihkursu.com\/wp-content\/uploads\/2024\/10\/TARIHKURSU-Kopyasi.png","url":"https:\/\/tarihkursu.com\/wp-content\/uploads\/2024\/10\/TARIHKURSU-Kopyasi.png","contentUrl":"https:\/\/tarihkursu.com\/wp-content\/uploads\/2024\/10\/TARIHKURSU-Kopyasi.png","width":1080,"height":1080,"caption":"admin"},"logo":{"@id":"https:\/\/tarihkursu.com\/wp-content\/uploads\/2024\/10\/TARIHKURSU-Kopyasi.png"},"sameAs":["https:\/\/tarihkursu.com"]},{"@type":"Person","@id":"https:\/\/tarihkursu.com\/#\/schema\/person\/d0f9105e31352dbe9f08d098ffb8c878","name":"tarihkursu","image":{"@type":"ImageObject","inLanguage":"tr","@id":"https:\/\/secure.gravatar.com\/avatar\/1354763acbc865faa7650c3e1e4431f187276d71f132349411302a546cdeae54?s=96&d=mm&r=g","url":"https:\/\/secure.gravatar.com\/avatar\/1354763acbc865faa7650c3e1e4431f187276d71f132349411302a546cdeae54?s=96&d=mm&r=g","contentUrl":"https:\/\/secure.gravatar.com\/avatar\/1354763acbc865faa7650c3e1e4431f187276d71f132349411302a546cdeae54?s=96&d=mm&r=g","caption":"tarihkursu"},"url":"https:\/\/tarihkursu.com\/index.php\/author\/tarihkursu\/"}]}},"_links":{"self":[{"href":"https:\/\/tarihkursu.com\/index.php\/wp-json\/wp\/v2\/posts\/2852","targetHints":{"allow":["GET"]}}],"collection":[{"href":"https:\/\/tarihkursu.com\/index.php\/wp-json\/wp\/v2\/posts"}],"about":[{"href":"https:\/\/tarihkursu.com\/index.php\/wp-json\/wp\/v2\/types\/post"}],"author":[{"embeddable":true,"href":"https:\/\/tarihkursu.com\/index.php\/wp-json\/wp\/v2\/users\/2"}],"replies":[{"embeddable":true,"href":"https:\/\/tarihkursu.com\/index.php\/wp-json\/wp\/v2\/comments?post=2852"}],"version-history":[{"count":1,"href":"https:\/\/tarihkursu.com\/index.php\/wp-json\/wp\/v2\/posts\/2852\/revisions"}],"predecessor-version":[{"id":2853,"href":"https:\/\/tarihkursu.com\/index.php\/wp-json\/wp\/v2\/posts\/2852\/revisions\/2853"}],"wp:featuredmedia":[{"embeddable":true,"href":"https:\/\/tarihkursu.com\/index.php\/wp-json\/wp\/v2\/media\/223"}],"wp:attachment":[{"href":"https:\/\/tarihkursu.com\/index.php\/wp-json\/wp\/v2\/media?parent=2852"}],"wp:term":[{"taxonomy":"category","embeddable":true,"href":"https:\/\/tarihkursu.com\/index.php\/wp-json\/wp\/v2\/categories?post=2852"},{"taxonomy":"post_tag","embeddable":true,"href":"https:\/\/tarihkursu.com\/index.php\/wp-json\/wp\/v2\/tags?post=2852"}],"curies":[{"name":"wp","href":"https:\/\/api.w.org\/{rel}","templated":true}]}}