{"id":287,"date":"2023-12-24T21:11:00","date_gmt":"2023-12-24T18:11:00","guid":{"rendered":"https:\/\/tarihkursu.com\/index.php\/2023\/12\/24\/turk-kultur-ve-medeniyet-tarihi-dersi-1-donem-2-yazili-klasik-acik-uclu-kisa-cevapli\/"},"modified":"2023-12-24T21:11:00","modified_gmt":"2023-12-24T18:11:00","slug":"turk-kultur-ve-medeniyet-tarihi-dersi-1-donem-2-yazili-klasik-acik-uclu-kisa-cevapli","status":"publish","type":"post","link":"https:\/\/tarihkursu.com\/index.php\/2023\/12\/24\/turk-kultur-ve-medeniyet-tarihi-dersi-1-donem-2-yazili-klasik-acik-uclu-kisa-cevapli\/","title":{"rendered":"T\u00dcRK K\u00dcLT\u00dcR VE MEDEN\u0130YET TAR\u0130H\u0130 DERS\u0130 1. D\u00d6NEM 2. YAZILI | KLAS\u0130K| A\u00c7IK U\u00c7LU- KISA CEVAPLI"},"content":{"rendered":"<p>&nbsp;<\/p>\n<div style=\"clear: both; text-align: center;\"><a href=\"https:\/\/blogger.googleusercontent.com\/img\/b\/R29vZ2xl\/AVvXsEjHuQjyRbnGrjfJ7heshxLE6SnHZzcSJY2koZ7TZMOvYMj-cEzFVcEwKU91F9757vlaI1N42pWxIry9xrjk0mYqnRrjRYW9oTWkXo99jNHay_6N7mW414kjZ_TblHbX7PQGOtH5FyEFgoBa7GmNKGnwxr7FYXGmWM-2gx73te3PUIUehXXhOUDkLJjeM4OF\/s3120\/TKMT%20yaz%C4%B1l%C4%B1.png\" style=\"margin-left: 1em; margin-right: 1em;\"><img loading=\"lazy\" decoding=\"async\" border=\"0\" data-original-height=\"1755\" data-original-width=\"3120\" height=\"360\" src=\"https:\/\/blogger.googleusercontent.com\/img\/b\/R29vZ2xl\/AVvXsEjHuQjyRbnGrjfJ7heshxLE6SnHZzcSJY2koZ7TZMOvYMj-cEzFVcEwKU91F9757vlaI1N42pWxIry9xrjk0mYqnRrjRYW9oTWkXo99jNHay_6N7mW414kjZ_TblHbX7PQGOtH5FyEFgoBa7GmNKGnwxr7FYXGmWM-2gx73te3PUIUehXXhOUDkLJjeM4OF\/w640-h360\/TKMT%20yaz%C4%B1l%C4%B1.png\" width=\"640\" \/><\/a><\/div>\n<div style=\"clear: both; text-align: left;\"><span style=\"font-family: arial; font-size: large;\"><br \/><\/span><\/div>\n<\/p>\n<div style=\"clear: both; text-align: left;\"><span style=\"font-family: arial; font-size: large;\">T\u00fcrk K\u00fclt\u00fcr ve Medeniyet Tarihi dersi 1. d\u00f6nem 2. yaz\u0131l\u0131 videomuz sizlerle. T\u00fcrk K\u00fclt\u00fcr ve Medeniyet Tarihi dersi yaz\u0131l\u0131ya haz\u0131rl\u0131k \u00e7al\u0131\u015fmam\u0131z a\u00e7\u0131k u\u00e7lu ve k\u0131sa cevapl\u0131&nbsp; sorulardan olu\u015fuyor. T\u00fcrk K\u00fclt\u00fcr ve Medeniyet Tarihi sorular\u0131n\u0131 \u00e7\u00f6zerek yaz\u0131l\u0131ya tam olarak haz\u0131rlan\u0131n. Se\u00e7meli T\u00fcrk K\u00fclt\u00fcr ve Medeniyet Tarihi&nbsp; yaz\u0131l\u0131s\u0131 sorular\u0131m\u0131z MEB taraf\u0131ndan payla\u015f\u0131lan y\u0131ll\u0131k plana g\u00f6re haz\u0131rlanm\u0131\u015ft\u0131r. T\u00fcrk K\u00fclt\u00fcr ve Medeniyet Tarihi 1. d\u00f6nem 2. yaz\u0131l\u0131s\u0131nda hepinize ba\u015far\u0131lar dilerim.<\/span><\/div>\n<div style=\"clear: both; text-align: center;\">\n<div style=\"clear: both; text-align: left;\"><span style=\"font-family: arial; font-size: large;\"><br \/><\/span><\/div>\n<div style=\"clear: both; text-align: left;\"><span style=\"font-family: arial; font-size: large;\"><b style=\"background-color: #fcff01;\"><a href=\"https:\/\/drive.google.com\/file\/d\/1d3UN2nQihV15ur87HvS_akiOPDRXqJuG\/view?usp=sharing\">T\u00fcrk K\u00fclt\u00fcr ve Medeniyet Tarihi dersi 1. d\u00f6nem 2. yaz\u0131l\u0131 \u0130ND\u0130RMEK \u0130\u00c7\u0130N TIKLA<\/a><\/b><\/span><\/div>\n<\/div>\n<p><span style=\"font-family: arial; font-size: large;\"><b style=\"background-color: #04ff00;\"><br \/><\/b><\/span><\/p>\n<p><span style=\"font-family: arial; font-size: large;\"><b style=\"background-color: #04ff00;\">CEVAP ANAHTARINA ULA\u015eMAK \u0130\u00c7\u0130N TIKLA<\/b><\/span><\/p>\n","protected":false},"excerpt":{"rendered":"<div class=\"mh-excerpt\"><p>&nbsp; T\u00fcrk K\u00fclt\u00fcr ve Medeniyet Tarihi dersi 1. d\u00f6nem 2. yaz\u0131l\u0131 videomuz sizlerle. T\u00fcrk K\u00fclt\u00fcr ve Medeniyet Tarihi dersi yaz\u0131l\u0131ya haz\u0131rl\u0131k \u00e7al\u0131\u015fmam\u0131z a\u00e7\u0131k u\u00e7lu ve <a class=\"mh-excerpt-more\" href=\"https:\/\/tarihkursu.com\/index.php\/2023\/12\/24\/turk-kultur-ve-medeniyet-tarihi-dersi-1-donem-2-yazili-klasik-acik-uclu-kisa-cevapli\/\" title=\"T\u00dcRK K\u00dcLT\u00dcR VE MEDEN\u0130YET TAR\u0130H\u0130 DERS\u0130 1. D\u00d6NEM 2. YAZILI | KLAS\u0130K| A\u00c7IK U\u00c7LU- KISA CEVAPLI\">[&#8230;]<\/a><\/p>\n<\/div>","protected":false},"author":2,"featured_media":0,"comment_status":"open","ping_status":"open","sticky":false,"template":"","format":"standard","meta":{"_regular_price":[],"currency_symbol":[],"footnotes":""},"categories":[10],"tags":[],"class_list":["post-287","post","type-post","status-publish","format-standard","hentry","category-yazili-sorulari"],"post_slider_layout_featured_media_urls":{"thumbnail":"","post_slider_layout_landscape_large":"","post_slider_layout_portrait_large":"","post_slider_layout_square_large":"","post_slider_layout_landscape":"","post_slider_layout_portrait":"","post_slider_layout_square":"","full":""},"yoast_head":"<!-- This site is optimized with the Yoast SEO plugin v27.4 - https:\/\/yoast.com\/product\/yoast-seo-wordpress\/ -->\n<title>T\u00dcRK K\u00dcLT\u00dcR VE MEDEN\u0130YET TAR\u0130H\u0130 DERS\u0130 1. D\u00d6NEM 2. YAZILI | KLAS\u0130K| A\u00c7IK U\u00c7LU- KISA CEVAPLI - tarihkursu.com<\/title>\n<meta name=\"robots\" content=\"index, follow, max-snippet:-1, max-image-preview:large, max-video-preview:-1\" \/>\n<link rel=\"canonical\" href=\"https:\/\/tarihkursu.com\/index.php\/2023\/12\/24\/turk-kultur-ve-medeniyet-tarihi-dersi-1-donem-2-yazili-klasik-acik-uclu-kisa-cevapli\/\" \/>\n<meta property=\"og:locale\" content=\"tr_TR\" \/>\n<meta property=\"og:type\" content=\"article\" \/>\n<meta property=\"og:title\" content=\"T\u00dcRK K\u00dcLT\u00dcR VE MEDEN\u0130YET TAR\u0130H\u0130 DERS\u0130 1. D\u00d6NEM 2. YAZILI | KLAS\u0130K| A\u00c7IK U\u00c7LU- KISA CEVAPLI - tarihkursu.com\" \/>\n<meta property=\"og:description\" content=\"&nbsp; T\u00fcrk K\u00fclt\u00fcr ve Medeniyet Tarihi dersi 1. d\u00f6nem 2. yaz\u0131l\u0131 videomuz sizlerle. T\u00fcrk K\u00fclt\u00fcr ve Medeniyet Tarihi dersi yaz\u0131l\u0131ya haz\u0131rl\u0131k \u00e7al\u0131\u015fmam\u0131z a\u00e7\u0131k u\u00e7lu ve [...]\" \/>\n<meta property=\"og:url\" content=\"https:\/\/tarihkursu.com\/index.php\/2023\/12\/24\/turk-kultur-ve-medeniyet-tarihi-dersi-1-donem-2-yazili-klasik-acik-uclu-kisa-cevapli\/\" \/>\n<meta property=\"og:site_name\" content=\"tarihkursu.com\" \/>\n<meta property=\"article:published_time\" content=\"2023-12-24T18:11:00+00:00\" \/>\n<meta property=\"og:image\" content=\"https:\/\/blogger.googleusercontent.com\/img\/b\/R29vZ2xl\/AVvXsEjHuQjyRbnGrjfJ7heshxLE6SnHZzcSJY2koZ7TZMOvYMj-cEzFVcEwKU91F9757vlaI1N42pWxIry9xrjk0mYqnRrjRYW9oTWkXo99jNHay_6N7mW414kjZ_TblHbX7PQGOtH5FyEFgoBa7GmNKGnwxr7FYXGmWM-2gx73te3PUIUehXXhOUDkLJjeM4OF\/w640-h360\/TKMT%20yaz%C4%B1l%C4%B1.png\" \/>\n<meta name=\"author\" content=\"tarihkursu\" \/>\n<meta name=\"twitter:card\" content=\"summary_large_image\" \/>\n<meta name=\"twitter:label1\" content=\"Yazan:\" \/>\n\t<meta name=\"twitter:data1\" content=\"tarihkursu\" \/>\n\t<meta name=\"twitter:label2\" content=\"Tahmini okuma s\u00fcresi\" \/>\n\t<meta name=\"twitter:data2\" content=\"1 dakika\" \/>\n<script type=\"application\/ld+json\" class=\"yoast-schema-graph\">{\"@context\":\"https:\\\/\\\/schema.org\",\"@graph\":[{\"@type\":\"Article\",\"@id\":\"https:\\\/\\\/tarihkursu.com\\\/index.php\\\/2023\\\/12\\\/24\\\/turk-kultur-ve-medeniyet-tarihi-dersi-1-donem-2-yazili-klasik-acik-uclu-kisa-cevapli\\\/#article\",\"isPartOf\":{\"@id\":\"https:\\\/\\\/tarihkursu.com\\\/index.php\\\/2023\\\/12\\\/24\\\/turk-kultur-ve-medeniyet-tarihi-dersi-1-donem-2-yazili-klasik-acik-uclu-kisa-cevapli\\\/\"},\"author\":{\"name\":\"tarihkursu\",\"@id\":\"https:\\\/\\\/tarihkursu.com\\\/#\\\/schema\\\/person\\\/d0f9105e31352dbe9f08d098ffb8c878\"},\"headline\":\"T\u00dcRK K\u00dcLT\u00dcR VE MEDEN\u0130YET TAR\u0130H\u0130 DERS\u0130 1. D\u00d6NEM 2. YAZILI | KLAS\u0130K| A\u00c7IK U\u00c7LU- KISA CEVAPLI\",\"datePublished\":\"2023-12-24T18:11:00+00:00\",\"mainEntityOfPage\":{\"@id\":\"https:\\\/\\\/tarihkursu.com\\\/index.php\\\/2023\\\/12\\\/24\\\/turk-kultur-ve-medeniyet-tarihi-dersi-1-donem-2-yazili-klasik-acik-uclu-kisa-cevapli\\\/\"},\"wordCount\":161,\"commentCount\":1,\"publisher\":{\"@id\":\"https:\\\/\\\/tarihkursu.com\\\/#\\\/schema\\\/person\\\/4d7bdc3b79e9f5198455474c0f203f3c\"},\"image\":{\"@id\":\"https:\\\/\\\/tarihkursu.com\\\/index.php\\\/2023\\\/12\\\/24\\\/turk-kultur-ve-medeniyet-tarihi-dersi-1-donem-2-yazili-klasik-acik-uclu-kisa-cevapli\\\/#primaryimage\"},\"thumbnailUrl\":\"https:\\\/\\\/blogger.googleusercontent.com\\\/img\\\/b\\\/R29vZ2xl\\\/AVvXsEjHuQjyRbnGrjfJ7heshxLE6SnHZzcSJY2koZ7TZMOvYMj-cEzFVcEwKU91F9757vlaI1N42pWxIry9xrjk0mYqnRrjRYW9oTWkXo99jNHay_6N7mW414kjZ_TblHbX7PQGOtH5FyEFgoBa7GmNKGnwxr7FYXGmWM-2gx73te3PUIUehXXhOUDkLJjeM4OF\\\/w640-h360\\\/TKMT%20yaz%C4%B1l%C4%B1.png\",\"articleSection\":[\"YAZILI SORULARI\"],\"inLanguage\":\"tr\",\"potentialAction\":[{\"@type\":\"CommentAction\",\"name\":\"Comment\",\"target\":[\"https:\\\/\\\/tarihkursu.com\\\/index.php\\\/2023\\\/12\\\/24\\\/turk-kultur-ve-medeniyet-tarihi-dersi-1-donem-2-yazili-klasik-acik-uclu-kisa-cevapli\\\/#respond\"]}]},{\"@type\":\"WebPage\",\"@id\":\"https:\\\/\\\/tarihkursu.com\\\/index.php\\\/2023\\\/12\\\/24\\\/turk-kultur-ve-medeniyet-tarihi-dersi-1-donem-2-yazili-klasik-acik-uclu-kisa-cevapli\\\/\",\"url\":\"https:\\\/\\\/tarihkursu.com\\\/index.php\\\/2023\\\/12\\\/24\\\/turk-kultur-ve-medeniyet-tarihi-dersi-1-donem-2-yazili-klasik-acik-uclu-kisa-cevapli\\\/\",\"name\":\"T\u00dcRK K\u00dcLT\u00dcR VE MEDEN\u0130YET TAR\u0130H\u0130 DERS\u0130 1. D\u00d6NEM 2. YAZILI | KLAS\u0130K| A\u00c7IK U\u00c7LU- KISA CEVAPLI - tarihkursu.com\",\"isPartOf\":{\"@id\":\"https:\\\/\\\/tarihkursu.com\\\/#website\"},\"primaryImageOfPage\":{\"@id\":\"https:\\\/\\\/tarihkursu.com\\\/index.php\\\/2023\\\/12\\\/24\\\/turk-kultur-ve-medeniyet-tarihi-dersi-1-donem-2-yazili-klasik-acik-uclu-kisa-cevapli\\\/#primaryimage\"},\"image\":{\"@id\":\"https:\\\/\\\/tarihkursu.com\\\/index.php\\\/2023\\\/12\\\/24\\\/turk-kultur-ve-medeniyet-tarihi-dersi-1-donem-2-yazili-klasik-acik-uclu-kisa-cevapli\\\/#primaryimage\"},\"thumbnailUrl\":\"https:\\\/\\\/blogger.googleusercontent.com\\\/img\\\/b\\\/R29vZ2xl\\\/AVvXsEjHuQjyRbnGrjfJ7heshxLE6SnHZzcSJY2koZ7TZMOvYMj-cEzFVcEwKU91F9757vlaI1N42pWxIry9xrjk0mYqnRrjRYW9oTWkXo99jNHay_6N7mW414kjZ_TblHbX7PQGOtH5FyEFgoBa7GmNKGnwxr7FYXGmWM-2gx73te3PUIUehXXhOUDkLJjeM4OF\\\/w640-h360\\\/TKMT%20yaz%C4%B1l%C4%B1.png\",\"datePublished\":\"2023-12-24T18:11:00+00:00\",\"breadcrumb\":{\"@id\":\"https:\\\/\\\/tarihkursu.com\\\/index.php\\\/2023\\\/12\\\/24\\\/turk-kultur-ve-medeniyet-tarihi-dersi-1-donem-2-yazili-klasik-acik-uclu-kisa-cevapli\\\/#breadcrumb\"},\"inLanguage\":\"tr\",\"potentialAction\":[{\"@type\":\"ReadAction\",\"target\":[\"https:\\\/\\\/tarihkursu.com\\\/index.php\\\/2023\\\/12\\\/24\\\/turk-kultur-ve-medeniyet-tarihi-dersi-1-donem-2-yazili-klasik-acik-uclu-kisa-cevapli\\\/\"]}]},{\"@type\":\"ImageObject\",\"inLanguage\":\"tr\",\"@id\":\"https:\\\/\\\/tarihkursu.com\\\/index.php\\\/2023\\\/12\\\/24\\\/turk-kultur-ve-medeniyet-tarihi-dersi-1-donem-2-yazili-klasik-acik-uclu-kisa-cevapli\\\/#primaryimage\",\"url\":\"https:\\\/\\\/blogger.googleusercontent.com\\\/img\\\/b\\\/R29vZ2xl\\\/AVvXsEjHuQjyRbnGrjfJ7heshxLE6SnHZzcSJY2koZ7TZMOvYMj-cEzFVcEwKU91F9757vlaI1N42pWxIry9xrjk0mYqnRrjRYW9oTWkXo99jNHay_6N7mW414kjZ_TblHbX7PQGOtH5FyEFgoBa7GmNKGnwxr7FYXGmWM-2gx73te3PUIUehXXhOUDkLJjeM4OF\\\/w640-h360\\\/TKMT%20yaz%C4%B1l%C4%B1.png\",\"contentUrl\":\"https:\\\/\\\/blogger.googleusercontent.com\\\/img\\\/b\\\/R29vZ2xl\\\/AVvXsEjHuQjyRbnGrjfJ7heshxLE6SnHZzcSJY2koZ7TZMOvYMj-cEzFVcEwKU91F9757vlaI1N42pWxIry9xrjk0mYqnRrjRYW9oTWkXo99jNHay_6N7mW414kjZ_TblHbX7PQGOtH5FyEFgoBa7GmNKGnwxr7FYXGmWM-2gx73te3PUIUehXXhOUDkLJjeM4OF\\\/w640-h360\\\/TKMT%20yaz%C4%B1l%C4%B1.png\"},{\"@type\":\"BreadcrumbList\",\"@id\":\"https:\\\/\\\/tarihkursu.com\\\/index.php\\\/2023\\\/12\\\/24\\\/turk-kultur-ve-medeniyet-tarihi-dersi-1-donem-2-yazili-klasik-acik-uclu-kisa-cevapli\\\/#breadcrumb\",\"itemListElement\":[{\"@type\":\"ListItem\",\"position\":1,\"name\":\"Anasayfa\",\"item\":\"https:\\\/\\\/tarihkursu.com\\\/\"},{\"@type\":\"ListItem\",\"position\":2,\"name\":\"T\u00dcRK K\u00dcLT\u00dcR VE MEDEN\u0130YET TAR\u0130H\u0130 DERS\u0130 1. D\u00d6NEM 2. YAZILI | KLAS\u0130K| A\u00c7IK U\u00c7LU- KISA CEVAPLI\"}]},{\"@type\":\"WebSite\",\"@id\":\"https:\\\/\\\/tarihkursu.com\\\/#website\",\"url\":\"https:\\\/\\\/tarihkursu.com\\\/\",\"name\":\"Tarih Kursu\",\"description\":\"\u0130\u015fimiz G\u00fcc\u00fcm\u00fcz Tarih\",\"publisher\":{\"@id\":\"https:\\\/\\\/tarihkursu.com\\\/#\\\/schema\\\/person\\\/4d7bdc3b79e9f5198455474c0f203f3c\"},\"potentialAction\":[{\"@type\":\"SearchAction\",\"target\":{\"@type\":\"EntryPoint\",\"urlTemplate\":\"https:\\\/\\\/tarihkursu.com\\\/?s={search_term_string}\"},\"query-input\":{\"@type\":\"PropertyValueSpecification\",\"valueRequired\":true,\"valueName\":\"search_term_string\"}}],\"inLanguage\":\"tr\"},{\"@type\":[\"Person\",\"Organization\"],\"@id\":\"https:\\\/\\\/tarihkursu.com\\\/#\\\/schema\\\/person\\\/4d7bdc3b79e9f5198455474c0f203f3c\",\"name\":\"admin\",\"image\":{\"@type\":\"ImageObject\",\"inLanguage\":\"tr\",\"@id\":\"https:\\\/\\\/tarihkursu.com\\\/wp-content\\\/uploads\\\/2024\\\/10\\\/TARIHKURSU-Kopyasi.png\",\"url\":\"https:\\\/\\\/tarihkursu.com\\\/wp-content\\\/uploads\\\/2024\\\/10\\\/TARIHKURSU-Kopyasi.png\",\"contentUrl\":\"https:\\\/\\\/tarihkursu.com\\\/wp-content\\\/uploads\\\/2024\\\/10\\\/TARIHKURSU-Kopyasi.png\",\"width\":1080,\"height\":1080,\"caption\":\"admin\"},\"logo\":{\"@id\":\"https:\\\/\\\/tarihkursu.com\\\/wp-content\\\/uploads\\\/2024\\\/10\\\/TARIHKURSU-Kopyasi.png\"},\"sameAs\":[\"https:\\\/\\\/tarihkursu.com\"]},{\"@type\":\"Person\",\"@id\":\"https:\\\/\\\/tarihkursu.com\\\/#\\\/schema\\\/person\\\/d0f9105e31352dbe9f08d098ffb8c878\",\"name\":\"tarihkursu\",\"image\":{\"@type\":\"ImageObject\",\"inLanguage\":\"tr\",\"@id\":\"https:\\\/\\\/secure.gravatar.com\\\/avatar\\\/1354763acbc865faa7650c3e1e4431f187276d71f132349411302a546cdeae54?s=96&d=mm&r=g\",\"url\":\"https:\\\/\\\/secure.gravatar.com\\\/avatar\\\/1354763acbc865faa7650c3e1e4431f187276d71f132349411302a546cdeae54?s=96&d=mm&r=g\",\"contentUrl\":\"https:\\\/\\\/secure.gravatar.com\\\/avatar\\\/1354763acbc865faa7650c3e1e4431f187276d71f132349411302a546cdeae54?s=96&d=mm&r=g\",\"caption\":\"tarihkursu\"},\"url\":\"https:\\\/\\\/tarihkursu.com\\\/index.php\\\/author\\\/tarihkursu\\\/\"}]}<\/script>\n<!-- \/ Yoast SEO plugin. -->","yoast_head_json":{"title":"T\u00dcRK K\u00dcLT\u00dcR VE MEDEN\u0130YET TAR\u0130H\u0130 DERS\u0130 1. D\u00d6NEM 2. YAZILI | KLAS\u0130K| A\u00c7IK U\u00c7LU- KISA CEVAPLI - tarihkursu.com","robots":{"index":"index","follow":"follow","max-snippet":"max-snippet:-1","max-image-preview":"max-image-preview:large","max-video-preview":"max-video-preview:-1"},"canonical":"https:\/\/tarihkursu.com\/index.php\/2023\/12\/24\/turk-kultur-ve-medeniyet-tarihi-dersi-1-donem-2-yazili-klasik-acik-uclu-kisa-cevapli\/","og_locale":"tr_TR","og_type":"article","og_title":"T\u00dcRK K\u00dcLT\u00dcR VE MEDEN\u0130YET TAR\u0130H\u0130 DERS\u0130 1. D\u00d6NEM 2. YAZILI | KLAS\u0130K| A\u00c7IK U\u00c7LU- KISA CEVAPLI - tarihkursu.com","og_description":"&nbsp; T\u00fcrk K\u00fclt\u00fcr ve Medeniyet Tarihi dersi 1. d\u00f6nem 2. yaz\u0131l\u0131 videomuz sizlerle. T\u00fcrk K\u00fclt\u00fcr ve Medeniyet Tarihi dersi yaz\u0131l\u0131ya haz\u0131rl\u0131k \u00e7al\u0131\u015fmam\u0131z a\u00e7\u0131k u\u00e7lu ve [...]","og_url":"https:\/\/tarihkursu.com\/index.php\/2023\/12\/24\/turk-kultur-ve-medeniyet-tarihi-dersi-1-donem-2-yazili-klasik-acik-uclu-kisa-cevapli\/","og_site_name":"tarihkursu.com","article_published_time":"2023-12-24T18:11:00+00:00","og_image":[{"url":"https:\/\/blogger.googleusercontent.com\/img\/b\/R29vZ2xl\/AVvXsEjHuQjyRbnGrjfJ7heshxLE6SnHZzcSJY2koZ7TZMOvYMj-cEzFVcEwKU91F9757vlaI1N42pWxIry9xrjk0mYqnRrjRYW9oTWkXo99jNHay_6N7mW414kjZ_TblHbX7PQGOtH5FyEFgoBa7GmNKGnwxr7FYXGmWM-2gx73te3PUIUehXXhOUDkLJjeM4OF\/w640-h360\/TKMT%20yaz%C4%B1l%C4%B1.png","type":"","width":"","height":""}],"author":"tarihkursu","twitter_card":"summary_large_image","twitter_misc":{"Yazan:":"tarihkursu","Tahmini okuma s\u00fcresi":"1 dakika"},"schema":{"@context":"https:\/\/schema.org","@graph":[{"@type":"Article","@id":"https:\/\/tarihkursu.com\/index.php\/2023\/12\/24\/turk-kultur-ve-medeniyet-tarihi-dersi-1-donem-2-yazili-klasik-acik-uclu-kisa-cevapli\/#article","isPartOf":{"@id":"https:\/\/tarihkursu.com\/index.php\/2023\/12\/24\/turk-kultur-ve-medeniyet-tarihi-dersi-1-donem-2-yazili-klasik-acik-uclu-kisa-cevapli\/"},"author":{"name":"tarihkursu","@id":"https:\/\/tarihkursu.com\/#\/schema\/person\/d0f9105e31352dbe9f08d098ffb8c878"},"headline":"T\u00dcRK K\u00dcLT\u00dcR VE MEDEN\u0130YET TAR\u0130H\u0130 DERS\u0130 1. D\u00d6NEM 2. YAZILI | KLAS\u0130K| A\u00c7IK U\u00c7LU- KISA CEVAPLI","datePublished":"2023-12-24T18:11:00+00:00","mainEntityOfPage":{"@id":"https:\/\/tarihkursu.com\/index.php\/2023\/12\/24\/turk-kultur-ve-medeniyet-tarihi-dersi-1-donem-2-yazili-klasik-acik-uclu-kisa-cevapli\/"},"wordCount":161,"commentCount":1,"publisher":{"@id":"https:\/\/tarihkursu.com\/#\/schema\/person\/4d7bdc3b79e9f5198455474c0f203f3c"},"image":{"@id":"https:\/\/tarihkursu.com\/index.php\/2023\/12\/24\/turk-kultur-ve-medeniyet-tarihi-dersi-1-donem-2-yazili-klasik-acik-uclu-kisa-cevapli\/#primaryimage"},"thumbnailUrl":"https:\/\/blogger.googleusercontent.com\/img\/b\/R29vZ2xl\/AVvXsEjHuQjyRbnGrjfJ7heshxLE6SnHZzcSJY2koZ7TZMOvYMj-cEzFVcEwKU91F9757vlaI1N42pWxIry9xrjk0mYqnRrjRYW9oTWkXo99jNHay_6N7mW414kjZ_TblHbX7PQGOtH5FyEFgoBa7GmNKGnwxr7FYXGmWM-2gx73te3PUIUehXXhOUDkLJjeM4OF\/w640-h360\/TKMT%20yaz%C4%B1l%C4%B1.png","articleSection":["YAZILI SORULARI"],"inLanguage":"tr","potentialAction":[{"@type":"CommentAction","name":"Comment","target":["https:\/\/tarihkursu.com\/index.php\/2023\/12\/24\/turk-kultur-ve-medeniyet-tarihi-dersi-1-donem-2-yazili-klasik-acik-uclu-kisa-cevapli\/#respond"]}]},{"@type":"WebPage","@id":"https:\/\/tarihkursu.com\/index.php\/2023\/12\/24\/turk-kultur-ve-medeniyet-tarihi-dersi-1-donem-2-yazili-klasik-acik-uclu-kisa-cevapli\/","url":"https:\/\/tarihkursu.com\/index.php\/2023\/12\/24\/turk-kultur-ve-medeniyet-tarihi-dersi-1-donem-2-yazili-klasik-acik-uclu-kisa-cevapli\/","name":"T\u00dcRK K\u00dcLT\u00dcR VE MEDEN\u0130YET TAR\u0130H\u0130 DERS\u0130 1. D\u00d6NEM 2. YAZILI | KLAS\u0130K| A\u00c7IK U\u00c7LU- KISA CEVAPLI - tarihkursu.com","isPartOf":{"@id":"https:\/\/tarihkursu.com\/#website"},"primaryImageOfPage":{"@id":"https:\/\/tarihkursu.com\/index.php\/2023\/12\/24\/turk-kultur-ve-medeniyet-tarihi-dersi-1-donem-2-yazili-klasik-acik-uclu-kisa-cevapli\/#primaryimage"},"image":{"@id":"https:\/\/tarihkursu.com\/index.php\/2023\/12\/24\/turk-kultur-ve-medeniyet-tarihi-dersi-1-donem-2-yazili-klasik-acik-uclu-kisa-cevapli\/#primaryimage"},"thumbnailUrl":"https:\/\/blogger.googleusercontent.com\/img\/b\/R29vZ2xl\/AVvXsEjHuQjyRbnGrjfJ7heshxLE6SnHZzcSJY2koZ7TZMOvYMj-cEzFVcEwKU91F9757vlaI1N42pWxIry9xrjk0mYqnRrjRYW9oTWkXo99jNHay_6N7mW414kjZ_TblHbX7PQGOtH5FyEFgoBa7GmNKGnwxr7FYXGmWM-2gx73te3PUIUehXXhOUDkLJjeM4OF\/w640-h360\/TKMT%20yaz%C4%B1l%C4%B1.png","datePublished":"2023-12-24T18:11:00+00:00","breadcrumb":{"@id":"https:\/\/tarihkursu.com\/index.php\/2023\/12\/24\/turk-kultur-ve-medeniyet-tarihi-dersi-1-donem-2-yazili-klasik-acik-uclu-kisa-cevapli\/#breadcrumb"},"inLanguage":"tr","potentialAction":[{"@type":"ReadAction","target":["https:\/\/tarihkursu.com\/index.php\/2023\/12\/24\/turk-kultur-ve-medeniyet-tarihi-dersi-1-donem-2-yazili-klasik-acik-uclu-kisa-cevapli\/"]}]},{"@type":"ImageObject","inLanguage":"tr","@id":"https:\/\/tarihkursu.com\/index.php\/2023\/12\/24\/turk-kultur-ve-medeniyet-tarihi-dersi-1-donem-2-yazili-klasik-acik-uclu-kisa-cevapli\/#primaryimage","url":"https:\/\/blogger.googleusercontent.com\/img\/b\/R29vZ2xl\/AVvXsEjHuQjyRbnGrjfJ7heshxLE6SnHZzcSJY2koZ7TZMOvYMj-cEzFVcEwKU91F9757vlaI1N42pWxIry9xrjk0mYqnRrjRYW9oTWkXo99jNHay_6N7mW414kjZ_TblHbX7PQGOtH5FyEFgoBa7GmNKGnwxr7FYXGmWM-2gx73te3PUIUehXXhOUDkLJjeM4OF\/w640-h360\/TKMT%20yaz%C4%B1l%C4%B1.png","contentUrl":"https:\/\/blogger.googleusercontent.com\/img\/b\/R29vZ2xl\/AVvXsEjHuQjyRbnGrjfJ7heshxLE6SnHZzcSJY2koZ7TZMOvYMj-cEzFVcEwKU91F9757vlaI1N42pWxIry9xrjk0mYqnRrjRYW9oTWkXo99jNHay_6N7mW414kjZ_TblHbX7PQGOtH5FyEFgoBa7GmNKGnwxr7FYXGmWM-2gx73te3PUIUehXXhOUDkLJjeM4OF\/w640-h360\/TKMT%20yaz%C4%B1l%C4%B1.png"},{"@type":"BreadcrumbList","@id":"https:\/\/tarihkursu.com\/index.php\/2023\/12\/24\/turk-kultur-ve-medeniyet-tarihi-dersi-1-donem-2-yazili-klasik-acik-uclu-kisa-cevapli\/#breadcrumb","itemListElement":[{"@type":"ListItem","position":1,"name":"Anasayfa","item":"https:\/\/tarihkursu.com\/"},{"@type":"ListItem","position":2,"name":"T\u00dcRK K\u00dcLT\u00dcR VE MEDEN\u0130YET TAR\u0130H\u0130 DERS\u0130 1. D\u00d6NEM 2. YAZILI | KLAS\u0130K| A\u00c7IK U\u00c7LU- KISA CEVAPLI"}]},{"@type":"WebSite","@id":"https:\/\/tarihkursu.com\/#website","url":"https:\/\/tarihkursu.com\/","name":"Tarih Kursu","description":"\u0130\u015fimiz G\u00fcc\u00fcm\u00fcz Tarih","publisher":{"@id":"https:\/\/tarihkursu.com\/#\/schema\/person\/4d7bdc3b79e9f5198455474c0f203f3c"},"potentialAction":[{"@type":"SearchAction","target":{"@type":"EntryPoint","urlTemplate":"https:\/\/tarihkursu.com\/?s={search_term_string}"},"query-input":{"@type":"PropertyValueSpecification","valueRequired":true,"valueName":"search_term_string"}}],"inLanguage":"tr"},{"@type":["Person","Organization"],"@id":"https:\/\/tarihkursu.com\/#\/schema\/person\/4d7bdc3b79e9f5198455474c0f203f3c","name":"admin","image":{"@type":"ImageObject","inLanguage":"tr","@id":"https:\/\/tarihkursu.com\/wp-content\/uploads\/2024\/10\/TARIHKURSU-Kopyasi.png","url":"https:\/\/tarihkursu.com\/wp-content\/uploads\/2024\/10\/TARIHKURSU-Kopyasi.png","contentUrl":"https:\/\/tarihkursu.com\/wp-content\/uploads\/2024\/10\/TARIHKURSU-Kopyasi.png","width":1080,"height":1080,"caption":"admin"},"logo":{"@id":"https:\/\/tarihkursu.com\/wp-content\/uploads\/2024\/10\/TARIHKURSU-Kopyasi.png"},"sameAs":["https:\/\/tarihkursu.com"]},{"@type":"Person","@id":"https:\/\/tarihkursu.com\/#\/schema\/person\/d0f9105e31352dbe9f08d098ffb8c878","name":"tarihkursu","image":{"@type":"ImageObject","inLanguage":"tr","@id":"https:\/\/secure.gravatar.com\/avatar\/1354763acbc865faa7650c3e1e4431f187276d71f132349411302a546cdeae54?s=96&d=mm&r=g","url":"https:\/\/secure.gravatar.com\/avatar\/1354763acbc865faa7650c3e1e4431f187276d71f132349411302a546cdeae54?s=96&d=mm&r=g","contentUrl":"https:\/\/secure.gravatar.com\/avatar\/1354763acbc865faa7650c3e1e4431f187276d71f132349411302a546cdeae54?s=96&d=mm&r=g","caption":"tarihkursu"},"url":"https:\/\/tarihkursu.com\/index.php\/author\/tarihkursu\/"}]}},"_links":{"self":[{"href":"https:\/\/tarihkursu.com\/index.php\/wp-json\/wp\/v2\/posts\/287","targetHints":{"allow":["GET"]}}],"collection":[{"href":"https:\/\/tarihkursu.com\/index.php\/wp-json\/wp\/v2\/posts"}],"about":[{"href":"https:\/\/tarihkursu.com\/index.php\/wp-json\/wp\/v2\/types\/post"}],"author":[{"embeddable":true,"href":"https:\/\/tarihkursu.com\/index.php\/wp-json\/wp\/v2\/users\/2"}],"replies":[{"embeddable":true,"href":"https:\/\/tarihkursu.com\/index.php\/wp-json\/wp\/v2\/comments?post=287"}],"version-history":[{"count":0,"href":"https:\/\/tarihkursu.com\/index.php\/wp-json\/wp\/v2\/posts\/287\/revisions"}],"wp:attachment":[{"href":"https:\/\/tarihkursu.com\/index.php\/wp-json\/wp\/v2\/media?parent=287"}],"wp:term":[{"taxonomy":"category","embeddable":true,"href":"https:\/\/tarihkursu.com\/index.php\/wp-json\/wp\/v2\/categories?post=287"},{"taxonomy":"post_tag","embeddable":true,"href":"https:\/\/tarihkursu.com\/index.php\/wp-json\/wp\/v2\/tags?post=287"}],"curies":[{"name":"wp","href":"https:\/\/api.w.org\/{rel}","templated":true}]}}