{"id":2877,"date":"2025-10-12T09:22:00","date_gmt":"2025-10-12T06:22:00","guid":{"rendered":"https:\/\/tarihkursu.com\/?p=2877"},"modified":"2025-09-29T09:33:28","modified_gmt":"2025-09-29T06:33:28","slug":"demokrasi-ve-insan-haklari-2-tema-insan-hak-ve-ozgurlukleri-ders-notu","status":"publish","type":"post","link":"https:\/\/tarihkursu.com\/index.php\/2025\/10\/12\/demokrasi-ve-insan-haklari-2-tema-insan-hak-ve-ozgurlukleri-ders-notu\/","title":{"rendered":"Demokrasi ve \u0130nsan Haklar\u0131\u00a02. Tema: \u0130nsan Hak ve \u00d6zg\u00fcrl\u00fckleri Ders Notu"},"content":{"rendered":"\n<p class=\"wp-block-paragraph\"><strong>Demokrasi ve \u0130nsan Haklar\u0131 Dersi\u00a0<\/strong>9. 10. 11. ve 12. s\u0131n\u0131flarda se\u00e7meli olarak okutulan bir derstir. Bu sayfada payla\u015ft\u0131\u011f\u0131m\u0131z\u00a0<strong>Demokrasi ve \u0130nsan Haklar\u0131 Dersi ders notlar\u0131 sayesinde<\/strong>\u00a0s\u0131navda kar\u015f\u0131la\u015fabilece\u011finiz t\u00fcm konulara hakim olacaks\u0131n\u0131z. Bu \u00f6zet ders notlar\u0131\u00a0<strong>Milli E\u011fitim Bakanl\u0131\u011f\u0131 m\u00fcfredat\u0131na<\/strong>\u00a0uygun olarak haz\u0131rland\u0131. Bu ders notlar\u0131 sayesinde\u00a0<strong>Se\u00e7meli Demokrasi ve \u0130nsan Haklar\u0131 Dersi yaz\u0131l\u0131s\u0131<\/strong>ndan 100 alacaks\u0131n\u0131z.\u00a0<strong>Demokrasi ve \u0130nsan Haklar\u0131\u00a02. Tema: \u0130nsan Hak ve \u00d6zg\u00fcrl\u00fckleri Ders Notu<\/strong> <strong>Ders Notu<\/strong>\u00a0<strong>MEB ders kitaplar\u0131<\/strong>\u00a0ile uyumludur.<\/p>\n\n\n\n<p class=\"wp-block-paragraph\">S\u0131n\u0131f:&nbsp;<strong>Se\u00e7meli tarih<\/strong><\/p>\n\n\n\n<p class=\"wp-block-paragraph\">Ders:&nbsp;<strong>Demokrasi ve \u0130nsan Haklar\u0131<\/strong><\/p>\n\n\n\n<p class=\"wp-block-paragraph\">\u00dcnite:\u00a0<strong>2. \u00fcnite: \u0130nsan Hak ve \u00d6zg\u00fcrl\u00fckleri <\/strong><\/p>\n\n\n\n<p class=\"wp-block-paragraph\">\u0130lgili yaz\u0131l\u0131:<strong>\u00a0Demokrasi ve \u0130nsan Haklar\u0131<\/strong>\u00a0<strong>1. d\u00f6nem 1. yaz\u0131l\u0131<\/strong>, <strong>Demokrasi ve \u0130nsan Haklar\u0131<\/strong>\u00a0<strong>2. d\u00f6nem 1. yaz\u0131l\u0131<\/strong>,<\/p>\n\n\n\n<p class=\"wp-block-paragraph\"><\/p>\n\n\n\n<h2 class=\"wp-block-heading\"><strong>2. Tema: \u0130nsan Hak ve \u00d6zg\u00fcrl\u00fckleri<\/strong><\/h2>\n\n\n\n<p class=\"wp-block-paragraph\"><strong>Demokrasi ve \u0130nsan Haklar\u0131<\/strong><\/p>\n\n\n\n<p class=\"wp-block-paragraph\"><strong>\u0130nsan Haklar\u0131 Nedir?<\/strong><\/p>\n\n\n\n<p class=\"wp-block-paragraph\">\u0130nsan haklar\u0131, sadece insan olmaktan dolay\u0131 sahip oldu\u011fumuz \u00f6zel haklard\u0131r. Bu haklar, insanl\u0131k onurunu korumay\u0131 ama\u00e7lar. Hak, bir kimseye yasalara, evrensel beyannamelere veya geleneklere g\u00f6re tan\u0131nan belirli \u015fekillerde hareket etme \u00f6zg\u00fcrl\u00fc\u011f\u00fc veya yetkisidir. Demokratik devletlerde vatanda\u015flar\u0131n hak ve \u00f6zg\u00fcrl\u00fckleri anayasa ile g\u00fcvence alt\u0131na al\u0131n\u0131r. Do\u011fu\u015ftan gelen bu haklar, yasalar taraf\u0131ndan korunur.<\/p>\n\n\n\n<p class=\"wp-block-paragraph\"><strong>Haklar\u0131m\u0131z\u0131 Kullanmak \u0130\u00e7in \u00d6zg\u00fcrl\u00fck ve E\u015fitlik<\/strong><\/p>\n\n\n\n<p class=\"wp-block-paragraph\">\u0130nsanlar, haklar\u0131n\u0131 kullanabilmek i\u00e7in \u00f6ncelikle \u00f6zg\u00fcr olmal\u0131d\u0131r. \u00d6zg\u00fcrl\u00fck, ba\u015fkas\u0131na zarar vermeyen her \u015feyi yapabilme g\u00fcc\u00fcd\u00fcr. Her insan\u0131n haklar\u0131n\u0131n s\u0131n\u0131r\u0131, toplumun di\u011fer \u00fcyelerinin ayn\u0131 haktan yararlanmas\u0131n\u0131 sa\u011flayan s\u0131n\u0131rd\u0131r. Bu s\u0131n\u0131rlar yasa ile d\u00fczenlenir.<\/p>\n\n\n\n<p class=\"wp-block-paragraph\">\u0130nsan Haklar\u0131 Evrensel Bildirgesi&#8217;nin birinci maddesi der ki: &#8220;T\u00fcm insanlar, onur ve haklar bak\u0131m\u0131ndan e\u015fit ve \u00f6zg\u00fcr do\u011farlar.&#8221; Haklar\u0131n kullan\u0131m\u0131nda \u00f6zg\u00fcrl\u00fck kadar \u00f6nemli bir de\u011fer de e\u015fitliktir. Her insan; cinsiyet, \u0131rk, renk, din, dil, ya\u015f, uyruk, d\u00fc\u015f\u00fcnce, k\u00f6ken, zenginlik gibi farklar g\u00f6zetilmeksizin yasa kar\u015f\u0131s\u0131nda e\u015fittir.<\/p>\n\n\n\n<p class=\"wp-block-paragraph\"><strong>\u0130nsan Haklar\u0131n\u0131n Temel \u00d6zellikleri<\/strong><\/p>\n\n\n\n<ul class=\"wp-block-list\">\n<li>\u0130nsan haklar\u0131 evrenseldir. B\u00fct\u00fcn insanlar zamana ve mek\u00e2na ba\u011fl\u0131 olmaks\u0131z\u0131n bu haklara sahiptir.<\/li>\n\n\n\n<li>Bu haklar; toplumsal aidiyeti, k\u00fclt\u00fcrel kimli\u011fi, sosyal k\u00f6keni, \u0131rk\u0131, dini, dili, s\u0131n\u0131f\u0131 ne olursa olsun t\u00fcm insanlara aittir.<\/li>\n\n\n\n<li>\u0130nsan haklar\u0131, insanlar\u0131n do\u011fu\u015ftan getirdikleri ve sadece insan olmalar\u0131ndan dolay\u0131 sahip olduklar\u0131 haklard\u0131r.<\/li>\n\n\n\n<li>\u0130nsan haklar\u0131 mutlakt\u0131r. Varl\u0131\u011f\u0131 hi\u00e7bir \u015farta ba\u011fl\u0131 de\u011fildir.<\/li>\n\n\n\n<li>Bu haklar inkar edilemez ve ge\u00e7ersiz k\u0131l\u0131namaz.<\/li>\n\n\n\n<li>Ki\u015filer, haklar\u0131n\u0131 ba\u015fkalar\u0131na devredemez veya bunlardan vazge\u00e7emezler.<\/li>\n\n\n\n<li>\u0130nsan haklar\u0131n\u0131n temelinde gruplar veya topluluklar de\u011fil, yaln\u0131zca birey olarak insan vard\u0131r.<\/li>\n<\/ul>\n\n\n\n<p class=\"wp-block-paragraph\"><strong>Tarihi Bir \u00d6rnek: Kiros Silindiri<\/strong><\/p>\n\n\n\n<p class=\"wp-block-paragraph\">Kiros Silindiri, Pers \u0130mparatorlu\u011fu d\u00f6nemine (M\u00d6 6. y\u00fczy\u0131l) ait bir kraliyet yaz\u0131t\u0131d\u0131r. Silindirin orijinali Britanya M\u00fczesi&#8217;nde sergilenmektedir. Bir kopyas\u0131, New York&#8217;taki Birle\u015fmi\u015f Milletler (BM) binas\u0131nda bulunur. Kral Kiros d\u00f6neminde yaz\u0131lan metin \u015funlar\u0131 i\u00e7erir:<\/p>\n\n\n\n<ul class=\"wp-block-list\">\n<li>Kral\u0131n, halk\u0131na adalet ve insaf ile davranmas\u0131.<\/li>\n\n\n\n<li>Babil \u015fehrinde ve kutsal yerlerinde g\u00fcvenli\u011fin sa\u011flanmas\u0131.<\/li>\n\n\n\n<li>\u015eehirde bar\u0131\u015f i\u00e7inde ya\u015fanmas\u0131.<\/li>\n\n\n\n<li>\u0130nan\u00e7 \u00f6zg\u00fcrl\u00fc\u011f\u00fcn\u00fcn g\u00fcvence alt\u0131na al\u0131nmas\u0131.<\/li>\n\n\n\n<li>Halklara kendi k\u00fclt\u00fcrlerini ya\u015fama \u00f6zg\u00fcrl\u00fc\u011f\u00fcn\u00fcn tan\u0131nmas\u0131.<\/li>\n\n\n\n<li>\u0130nan\u00e7lar\u0131 nedeniyle s\u00fcr\u00fclenlerin kendi memleketlerine d\u00f6nmelerine izin verilmesi.<\/li>\n<\/ul>\n\n\n\n<p class=\"wp-block-paragraph\"><strong>\u0130nsan Haklar\u0131 \u0130\u00e7in \u00d6nemli Tarihi Belgeler<\/strong><\/p>\n\n\n\n<p class=\"wp-block-paragraph\">Tarih boyunca insan haklar\u0131n\u0131n korunmas\u0131 i\u00e7in bir\u00e7ok ulusal ve uluslararas\u0131 belge imzalanm\u0131\u015ft\u0131r. \u00d6nemli insan haklar\u0131 belgelerinden baz\u0131lar\u0131 \u015funlard\u0131r:<\/p>\n\n\n\n<ul class=\"wp-block-list\">\n<li><strong>Medine S\u00f6zle\u015fmesi (622):<\/strong> Gayrim\u00fcslimlere inan\u00e7 ve fikir \u00f6zg\u00fcrl\u00fc\u011f\u00fc, mal ve can g\u00fcvenli\u011fi sa\u011flam\u0131\u015ft\u0131r.<\/li>\n\n\n\n<li><strong>Magna Carta (1215):<\/strong> \u0130nsanlara yeni haklar vermi\u015f ve kral\u0131n yetkilerini s\u0131n\u0131rlayarak onu yasaya tabi k\u0131lm\u0131\u015ft\u0131r.<\/li>\n\n\n\n<li><strong>Amerika Birle\u015fik Devletleri Ba\u011f\u0131ms\u0131zl\u0131k Bildirgesi (1776):<\/strong> Ya\u015fama, \u00f6zg\u00fcrl\u00fck ve mutlulu\u011fu arama hakk\u0131n\u0131 ilan etmi\u015ftir.<\/li>\n\n\n\n<li><strong>\u0130nsan ve Yurtta\u015f Haklar\u0131 Bildirgesi (1789):<\/strong> Fransa&#8217;da t\u00fcm vatanda\u015flar\u0131n yasa \u00f6n\u00fcnde e\u015fit oldu\u011funu belirtmi\u015f ve d\u00fc\u015f\u00fcnce \u00f6zg\u00fcrl\u00fc\u011f\u00fcn\u00fcn geli\u015fimine katk\u0131 sa\u011flam\u0131\u015ft\u0131r.<\/li>\n\n\n\n<li><strong>\u0130nsan Haklar\u0131 Evrensel Bildirgesi (1948):<\/strong> BM taraf\u0131ndan kabul edilmi\u015f, t\u00fcm insanlar\u0131n sahip olmas\u0131 gereken otuz hakk\u0131 listelemi\u015ftir. T\u00fcm insanlar\u0131 kapsayan en kapsaml\u0131 belgedir.<\/li>\n\n\n\n<li><strong>Avrupa \u0130nsan Haklar\u0131 S\u00f6zle\u015fmesi (1950):<\/strong> T\u00fcrkiye&#8217;nin de 1954&#8217;te imzalad\u0131\u011f\u0131 \u00f6nemli bir belgedir.<\/li>\n<\/ul>\n\n\n\n<p class=\"wp-block-paragraph\"><strong>Avrupa \u0130nsan Haklar\u0131 S\u00f6zle\u015fmesi<\/strong><\/p>\n\n\n\n<p class=\"wp-block-paragraph\">Avrupa \u0130nsan Haklar\u0131 S\u00f6zle\u015fmesi, insan haklar\u0131n\u0131n s\u0131n\u0131rlar\u0131n\u0131 ve niteli\u011fini belirleyen \u00f6nemli belgelerdendir. S\u00f6zle\u015fmede belirtilen baz\u0131 temel hak ve \u00f6zg\u00fcrl\u00fckler \u015funlard\u0131r:<\/p>\n\n\n\n<ul class=\"wp-block-list\">\n<li>Ya\u015fam hakk\u0131.<\/li>\n\n\n\n<li>\u00d6zg\u00fcrl\u00fck ve g\u00fcvenlik hakk\u0131.<\/li>\n\n\n\n<li>\u00d6zel hayat\u0131n ve aile hayat\u0131n\u0131n korunmas\u0131 hakk\u0131.<\/li>\n\n\n\n<li>Adil yarg\u0131lanma hakk\u0131.<\/li>\n\n\n\n<li>Dernek kurma ve toplant\u0131 yapma \u00f6zg\u00fcrl\u00fc\u011f\u00fc.<\/li>\n\n\n\n<li>Etkili ba\u015fvuru hakk\u0131.<\/li>\n\n\n\n<li>D\u00fc\u015f\u00fcnce, din ve vicdan \u00f6zg\u00fcrl\u00fc\u011f\u00fc.<\/li>\n\n\n\n<li>Cezalar\u0131n yasall\u0131\u011f\u0131.<\/li>\n<\/ul>\n\n\n\n<p class=\"wp-block-paragraph\">S\u00f6zle\u015fme kapsam\u0131nda belirlenen baz\u0131 yasaklar ise \u015funlard\u0131r:<\/p>\n\n\n\n<ul class=\"wp-block-list\">\n<li>\u0130\u015fkence.<\/li>\n\n\n\n<li>Ayr\u0131mc\u0131l\u0131k.<\/li>\n\n\n\n<li>K\u00f6lelik ve zorla \u00e7al\u0131\u015ft\u0131rma.<\/li>\n<\/ul>\n\n\n\n<p class=\"wp-block-paragraph\"><strong>\u0130nsan Haklar\u0131n\u0131n Etik Temelleri<\/strong><\/p>\n\n\n\n<p class=\"wp-block-paragraph\">\u0130nsan haklar\u0131, \u00f6zg\u00fcrl\u00fck ve e\u015fitlik gibi ahlaki temel de\u011ferlerden do\u011far. Hukuk tek ba\u015f\u0131na insan\u0131n onurunu korumada yeterli de\u011fildir, bu y\u00fczden etik de\u011ferlere de ihtiya\u00e7 vard\u0131r. Etik, iyi ve do\u011fruyu belirlemede rehberlik eden, davran\u0131\u015flara y\u00f6n veren de\u011ferler, ilkeler ve standartlar b\u00fct\u00fcn\u00fcd\u00fcr. Etik, insanlara iyi ve k\u00f6t\u00fcn\u00fcn ne oldu\u011funu s\u00f6yler ve olumlu davran\u0131\u015flara y\u00f6nlendirmeyi ama\u00e7lar.<\/p>\n\n\n\n<p class=\"wp-block-paragraph\">\u0130nsan eylemlerinin temelinde etik ilke ve de\u011ferler bulunur. Tarafs\u0131zl\u0131k, a\u00e7\u0131kl\u0131k, d\u00fcr\u00fcstl\u00fck, e\u015fitlik gibi de\u011ferler etik ilkelerindendir. Bu ilkeler toplumsal refah\u0131 ve g\u00fcveni sa\u011flar. \u0130nsan haklar\u0131 hem yaz\u0131l\u0131 kurallar ve yasalara hem de etik ilkelere dayan\u0131r. Etik bir temel olmadan haktan bahsetmek m\u00fcmk\u00fcn de\u011fildir. \u0130nsan haklar\u0131na sayg\u0131 g\u00f6stermek, insana duyulan evrensel sayg\u0131n\u0131n bir gere\u011fidir.<\/p>\n\n\n\n<p class=\"wp-block-paragraph\"><strong>Etik ve \u0130nsan Haklar\u0131 \u0130li\u015fkisi<\/strong><\/p>\n\n\n\n<p class=\"wp-block-paragraph\">\u0130nsan haklar\u0131 ve eti\u011fin ortak paydalar\u0131n\u0131 olu\u015fturan baz\u0131 kavramlar \u015funlard\u0131r:<\/p>\n\n\n\n<ul class=\"wp-block-list\">\n<li>Hak ve hukuka sayg\u0131.<\/li>\n\n\n\n<li>Evrensellik.<\/li>\n\n\n\n<li>Toplumsal d\u00fczen ve ahlak.<\/li>\n\n\n\n<li>Ayr\u0131mc\u0131l\u0131\u011fa kar\u015f\u0131 olmak.<\/li>\n\n\n\n<li>E\u015fitlik ve \u00f6zg\u00fcrl\u00fck.<\/li>\n<\/ul>\n\n\n\n<p class=\"wp-block-paragraph\">\u0130nsan haklar\u0131n\u0131n uygulanabilmesi i\u00e7in gereken etik temeller \u015funlard\u0131r:<\/p>\n\n\n\n<ul class=\"wp-block-list\">\n<li>\u0130nsan kendi haklar\u0131n\u0131 bilmeli ve ba\u015fkalar\u0131n\u0131n haklar\u0131na sayg\u0131 duymal\u0131d\u0131r.<\/li>\n\n\n\n<li>\u0130nsan haklar\u0131 iyilik ve do\u011fruluktan yana olmal\u0131d\u0131r.<\/li>\n\n\n\n<li>\u0130nsan haklar\u0131 herkes taraf\u0131ndan tan\u0131nmal\u0131d\u0131r.<\/li>\n<\/ul>\n\n\n\n<p class=\"wp-block-paragraph\">\u0130nsan Haklar\u0131 Evrensel Bildirgesi&#8217;nin ba\u015flang\u0131\u00e7 b\u00f6l\u00fcmlerinde etik temellere yer verilmi\u015ftir. T\u00fcm insanlar\u0131n sayg\u0131de\u011fer olu\u015fu, e\u015fit ve vazge\u00e7ilmez haklar\u0131n kabul\u00fc, \u00f6zg\u00fcrl\u00fck, adalet ve bar\u0131\u015f insan haklar\u0131n\u0131n temelidir. \u0130nsan Onuru, insan\u0131n sadece insan olmas\u0131 sebebiyle de\u011ferli ve sayg\u0131ya lay\u0131k olmas\u0131d\u0131r.<\/p>\n\n\n\n<p class=\"wp-block-paragraph\"><strong>\u0130nsan Olma Bilinci<\/strong><\/p>\n\n\n\n<p class=\"wp-block-paragraph\">\u0130nsan olma bilinci, \u00f6ncelikle ba\u015fka insanlar\u0131n varl\u0131\u011f\u0131n\u0131 ve t\u00fcm insanlar\u0131n e\u015fit haklara sahip oldu\u011funu kabul etmeyi gerektirir. Bu kabul\u00fcn ger\u00e7ekle\u015fmesi i\u00e7in bireylerin etik ilkelere ba\u011fl\u0131 davran\u0131\u015flar sergilemesi gerekir. \u0130nsan haklar\u0131 etik ilkelerden ayr\u0131 d\u00fc\u015f\u00fcn\u00fclemez. \u0130nsan haklar\u0131n\u0131n tam olarak kullan\u0131labilmesi ve demokrasi k\u00fclt\u00fcr\u00fcn\u00fcn olu\u015fmas\u0131 i\u00e7in bireylerde ahlaki olgunlu\u011fun yerle\u015fmesi \u00f6nemlidir. Etik ilkelerden ayr\u0131 d\u00fc\u015f\u00fcn\u00fclemeyen insan haklar\u0131, bireyin \u00f6zg\u00fcrl\u00fc\u011f\u00fcn\u00fc merkeze al\u0131r. Bireyin \u00f6zg\u00fcrl\u00fc\u011f\u00fcn\u00fc g\u00fcvence alt\u0131na almak, t\u00fcm insanlar\u0131n \u00f6zg\u00fcrl\u00fc\u011f\u00fcn\u00fc g\u00fcvence alt\u0131na almak anlam\u0131na gelir.<\/p>\n\n\n\n<p class=\"wp-block-paragraph\"><strong>D\u00fcnyada ve T\u00fcrkiye&#8217;de \u0130nsan Haklar\u0131 Geli\u015fmeleri<\/strong><\/p>\n\n\n\n<p class=\"wp-block-paragraph\">Toplumlar tarih boyunca hak ve \u00f6zg\u00fcrl\u00fcklere ula\u015fmak i\u00e7in \u00f6nemli m\u00fccadeleler vermi\u015ftir. Sanayi Devrimi ve Frans\u0131z \u0130htilali gibi b\u00fcy\u00fck olaylar, insan haklar\u0131yla ilgili yeni sorunlar ortaya \u00e7\u0131kar\u0131rken \u00f6nemli kazan\u0131mlar da sa\u011flam\u0131\u015ft\u0131r. G\u00fcn\u00fcm\u00fczde hala \u0131rk, din, mezhep ayr\u0131mc\u0131l\u0131\u011f\u0131, sava\u015flar, i\u00e7 \u00e7at\u0131\u015fmalar, s\u00f6m\u00fcrgecilik, a\u00e7l\u0131k ve yoksulluk gibi insan haklar\u0131 sorunlar\u0131 ya\u015fanmaktad\u0131r. Buna kar\u015f\u0131l\u0131k, d\u00fcnya genelinde hak ve \u00f6zg\u00fcrl\u00fcklere ili\u015fkin bilin\u00e7 giderek y\u00fckselmektedir. II. D\u00fcnya Sava\u015f\u0131&#8217;nda ya\u015fanan b\u00fcy\u00fck insan haklar\u0131 ihlalleri sonras\u0131nda BM taraf\u0131ndan ilan edilen \u0130nsan Haklar\u0131 Evrensel Bildirgesi (1948) bu bilincin \u00f6nemli bir sonucudur. T\u00fcrkiye&#8217;de de insan haklar\u0131n\u0131n korunmas\u0131 ve geli\u015ftirilmesi devlet politikalar\u0131n\u0131n \u00f6nceliklerindendir.<\/p>\n\n\n\n<p class=\"wp-block-paragraph\"><strong>\u0130nsan Haklar\u0131n\u0131n Korunmas\u0131nda Uluslararas\u0131 Kurulu\u015flar<\/strong><\/p>\n\n\n\n<p class=\"wp-block-paragraph\">\u0130nsan haklar\u0131n\u0131 korumak ve geli\u015ftirmek i\u00e7in k\u00fcresel ve b\u00f6lgesel bir\u00e7ok kurum ve kurulu\u015f \u00e7al\u0131\u015fmaktad\u0131r. Birle\u015fmi\u015f Milletler (BM), k\u00fcresel d\u00fczeyde insan haklar\u0131n\u0131 savunan en \u00f6nemli kurulu\u015ftur. B\u00f6lgesel kurulu\u015flar aras\u0131nda Amerikan Devletler \u00d6rg\u00fct\u00fc, Avrupa Konseyi ve Afrika Birli\u011fi \u00d6rg\u00fct\u00fc bulunur. Avrupa Birli\u011fi (AB) de insan haklar\u0131n\u0131n korunmas\u0131na katk\u0131 sa\u011flar. Ticaret ve i\u015f birli\u011fi anla\u015fmalar\u0131na insan haklar\u0131 maddeleri ekler. AB, insan haklar\u0131 ihlallerini nerede olursa olsun y\u00fcksek sesle dile getirmeyi g\u00f6rev kabul eder.<\/p>\n\n\n\n<p class=\"wp-block-paragraph\"><strong>T\u00fcrkiye&#8217;nin \u0130nsan Haklar\u0131 Alan\u0131ndaki \u00c7al\u0131\u015fmalar\u0131<\/strong><\/p>\n\n\n\n<p class=\"wp-block-paragraph\">T\u00fcrkiye, insan haklar\u0131 bilincini g\u00f6steren bir\u00e7ok uygulamay\u0131 hayata ge\u00e7irmi\u015ftir. AFAD, T\u0130KA ve K\u0131z\u0131lay gibi kurumlar arac\u0131l\u0131\u011f\u0131yla d\u00fcnyan\u0131n farkl\u0131 b\u00f6lgelerindeki insani krizlere yard\u0131m eli uzat\u0131lmaktad\u0131r. Sava\u015f ve i\u00e7 \u00e7at\u0131\u015fmalardan ka\u00e7an s\u0131\u011f\u0131nmac\u0131lara ev sahipli\u011fi yap\u0131lmaktad\u0131r.<\/p>\n\n\n\n<p class=\"wp-block-paragraph\">T\u00fcrkiye i\u00e7inde de \u00f6nemli \u00e7al\u0131\u015fmalar yap\u0131lmaktad\u0131r:<\/p>\n\n\n\n<ul class=\"wp-block-list\">\n<li>T\u00fcrkiye \u0130nsan Haklar\u0131 ve E\u015fitlik Kurumu (T\u0130HEK) kurulmu\u015ftur.<\/li>\n\n\n\n<li>Kamu Denet\u00e7ili\u011fi Kurumu (Ombudsmanl\u0131k) kurulmu\u015ftur.<\/li>\n\n\n\n<li>Anayasa Mahkemesi&#8217;ne bireysel ba\u015fvuru hakk\u0131 tan\u0131nm\u0131\u015ft\u0131r.<\/li>\n\n\n\n<li>Kad\u0131na kar\u015f\u0131 \u015fiddetin engellenmesine y\u00f6nelik d\u00fczenlemeler yap\u0131lm\u0131\u015ft\u0131r.<\/li>\n\n\n\n<li>Dezavantajl\u0131 gruplar\u0131n ya\u015fam kalitesini art\u0131rmaya y\u00f6nelik d\u00fczenlemeler yap\u0131lm\u0131\u015ft\u0131r.<\/li>\n<\/ul>\n\n\n\n<p class=\"wp-block-paragraph\"><strong>\u00c7ocuk Haklar\u0131 Nedir?<\/strong><\/p>\n\n\n\n<p class=\"wp-block-paragraph\">\u00c7ocuk haklar\u0131, d\u00fcnya \u00fczerindeki t\u00fcm \u00e7ocuklar\u0131n do\u011fu\u015ftan sahip oldu\u011fu fiziksel, psikolojik, sosyolojik ve siyasal i\u00e7erikli haklar\u0131 kapsayan evrensel bir kavramd\u0131r. \u00c7ocuk olarak tan\u0131mlanan bireylerin sahip oldu\u011fu yetki ve kazan\u0131mlar\u0131 ifade eder. \u00c7ocu\u011fun e\u015fit, \u00f6zg\u00fcr bir birey olarak yeti\u015fmesinde ve topluma kat\u0131l\u0131m\u0131nda \u00f6nemlidir. Tarih boyunca insan haklar\u0131 ihlallerinden en \u00e7ok etkilenen gruplar\u0131n ba\u015f\u0131nda \u00e7ocuklar gelmi\u015ftir.<\/p>\n\n\n\n<p class=\"wp-block-paragraph\"><strong>\u00c7ocuk Haklar\u0131 \u0130\u00e7in \u00d6nemli Belgeler ve Kurulu\u015flar<\/strong><\/p>\n\n\n\n<ul class=\"wp-block-list\">\n<li>\u0130lk \u00f6nemli belge 1924&#8217;te kabul edilen Cenevre \u00c7ocuk Haklar\u0131 S\u00f6zle\u015fmesi&#8217;dir.<\/li>\n\n\n\n<li>1946&#8217;da BM taraf\u0131ndan UNICEF kurulmu\u015ftur.<\/li>\n\n\n\n<li>1948&#8217;deki \u0130nsan Haklar\u0131 Evrensel Bildirgesi&#8217;nde \u00e7ocuk haklar\u0131na yer verilmi\u015ftir.<\/li>\n\n\n\n<li>1959&#8217;da BM, \u00c7ocuk Haklar\u0131 Bildirisi&#8217;ni kabul etmi\u015ftir.<\/li>\n\n\n\n<li>1989&#8217;da BM, \u00c7ocuk Haklar\u0131na Dair S\u00f6zle\u015fme&#8217;yi kabul etmi\u015ftir. Bu s\u00f6zle\u015fme \u00e7ocuk haklar\u0131n\u0131n kapsam\u0131n\u0131 geni\u015fletmi\u015f ve g\u00fcvence alt\u0131na alm\u0131\u015ft\u0131r.<\/li>\n\n\n\n<li>\u00c7ocuk Haklar\u0131na Dair S\u00f6zle\u015fme, \u00e7ocu\u011fa bir birey olarak haklar\u0131 oldu\u011funu resmi olarak belirten en \u00f6nemli belgedir. T\u00fcrkiye dahil \u00e7ok say\u0131da \u00fclke taraf\u0131ndan onaylanm\u0131\u015ft\u0131r.<\/li>\n\n\n\n<li>UNICEF, t\u00fcm \u00e7ocuklar\u0131n, \u00f6zellikle zor durumda olanlar\u0131n ya\u015fat\u0131lmas\u0131, korunmas\u0131 ve geli\u015fimi i\u00e7in \u00e7al\u0131\u015fan bir kurulu\u015ftur.<\/li>\n<\/ul>\n\n\n\n<p class=\"wp-block-paragraph\"><strong>\u00c7ocuk Haklar\u0131na Dair S\u00f6zle\u015fme&#8217;nin \u0130lkeleri<\/strong><\/p>\n\n\n\n<p class=\"wp-block-paragraph\">S\u00f6zle\u015fme, \u00e7ocu\u011fu g\u00fc\u00e7l\u00fc, yeterli bir birey ve toplum \u00fcyesi olarak g\u00f6r\u00fcr. S\u00f6zle\u015fme, t\u00fcm \u00e7ocuklar\u0131n haklar\u0131n\u0131 tan\u0131mlar; do\u011fum yeri, kimlik, cinsiyet, din veya sosyal k\u00f6kene bak\u0131lmaz. S\u00f6zle\u015fme&#8217;nin genel ilkeleri \u015funlard\u0131r:<\/p>\n\n\n\n<ul class=\"wp-block-list\">\n<li><strong>Ayr\u0131m G\u00f6zetmeme:<\/strong> B\u00fct\u00fcn \u00e7ocuklar i\u00e7in ge\u00e7erlidir, hi\u00e7bir \u00e7ocu\u011fa ayr\u0131m yap\u0131lmaz.<\/li>\n\n\n\n<li><strong>\u00c7ocu\u011fun \u00d6ncelikli Yarar\u0131:<\/strong> \u00c7ocuklarla ilgili yasa ve uygulamalarda \u00f6nce \u00e7ocuklar\u0131n yarar\u0131 d\u00fc\u015f\u00fcn\u00fclmelidir. Devlet, \u00e7ocuklar\u0131n korunmas\u0131 i\u00e7in \u00f6nlemler al\u0131r.<\/li>\n\n\n\n<li><strong>Ya\u015fama ve Geli\u015fme Hakk\u0131:<\/strong> Ya\u015famak her \u00e7ocu\u011fun temel hakk\u0131d\u0131r, ya\u015fam\u0131n\u0131 korumak herkesin g\u00f6revidir.<\/li>\n\n\n\n<li><strong>Kat\u0131l\u0131m Hakk\u0131:<\/strong> Her \u00e7ocuk, g\u00f6r\u00fc\u015flerini serbest\u00e7e ifade etme ve g\u00f6r\u00fc\u015flerinin dikkate al\u0131nmas\u0131n\u0131 isteme hakk\u0131na sahiptir. \u00c7ocuklar\u0131 dinlemek ve onlara sayg\u0131 g\u00f6stermek \u00f6nemlidir.<\/li>\n<\/ul>\n\n\n\n<p class=\"wp-block-paragraph\"><strong>Kad\u0131n Haklar\u0131 ve CEDAW<\/strong><\/p>\n\n\n\n<p class=\"wp-block-paragraph\">Kad\u0131nlara kar\u015f\u0131 \u015fiddet ve ayr\u0131mc\u0131l\u0131k, \u00f6nlenmesi gereken \u00f6nemli insan haklar\u0131 ihlalleridir. Bu ihlalleri \u00f6nlemek amac\u0131yla ulusal ve uluslararas\u0131 yasal d\u00fczenlemeler yap\u0131lmaktad\u0131r. En kapsaml\u0131 uluslararas\u0131 belgelerden biri &#8220;Kad\u0131nlara Kar\u015f\u0131 Her T\u00fcrl\u00fc Ayr\u0131mc\u0131l\u0131\u011f\u0131n \u00d6nlenmesi Uluslararas\u0131 S\u00f6zle\u015fmesi&#8221;dir (k\u0131sa ad\u0131 CEDAW).<\/p>\n\n\n\n<p class=\"wp-block-paragraph\"><strong>CEDAW<\/strong><\/p>\n\n\n\n<p class=\"wp-block-paragraph\">CEDAW, 1979&#8217;da BM taraf\u0131ndan kabul edilmi\u015f, 1981&#8217;de y\u00fcr\u00fcrl\u00fc\u011fe girmi\u015f ve T\u00fcrkiye taraf\u0131ndan 1985&#8217;te imzalanm\u0131\u015ft\u0131r. S\u00f6zle\u015fmeyi imzalayan devletler, kad\u0131na y\u00f6nelik ayr\u0131mc\u0131l\u0131\u011f\u0131 \u00f6nleme ve haklar\u0131n\u0131 geli\u015ftirme \u00e7al\u0131\u015fmalar\u0131n\u0131 raporlamakla y\u00fck\u00fcml\u00fcd\u00fcr. CEDAW, aile ve \u00e7al\u0131\u015fma hayat\u0131, sa\u011fl\u0131k, e\u011fitim, sosyal ve siyasal ya\u015fam gibi alanlarda e\u015fitli\u011fi sa\u011flamak ve ayr\u0131mc\u0131l\u0131\u011f\u0131 \u00f6nlemek i\u00e7in y\u00fck\u00fcml\u00fcl\u00fckler belirler. Taraf devletler, e\u015fitsizli\u011fi ve kal\u0131pla\u015fm\u0131\u015f cinsiyet rollerini devam ettiren adet ve \u00f6nyarg\u0131lar\u0131 ortadan kald\u0131rmakla y\u00fck\u00fcml\u00fcd\u00fcr.<\/p>\n\n\n\n<p class=\"wp-block-paragraph\"><strong>Kad\u0131n Haklar\u0131n\u0131n Korunmas\u0131<\/strong><\/p>\n\n\n\n<p class=\"wp-block-paragraph\">Kad\u0131n\u0131n g\u00fc\u00e7lendirilmesi ve konumunun geli\u015ftirilmesi, toplumsal cinsiyet e\u015fitli\u011fine dayal\u0131 politikalar\u0131n uygulanmas\u0131 kad\u0131n haklar\u0131n\u0131n korunmas\u0131 i\u00e7in \u00e7ok \u00f6nemlidir. T\u00fcm bireylerin hak ve \u00f6zg\u00fcrl\u00fcklerinin korundu\u011fu bir toplum i\u00e7in cinsiyetler aras\u0131 e\u015fitlik sa\u011flanmal\u0131 ve toplumsal cinsiyet ayr\u0131mc\u0131l\u0131\u011f\u0131 ortadan kald\u0131r\u0131lmal\u0131d\u0131r. Kad\u0131n haklar\u0131n\u0131n kanunlarla korunmas\u0131, cinsiyet e\u015fitli\u011finin sa\u011flanmas\u0131 a\u00e7\u0131s\u0131ndan b\u00fcy\u00fck \u00f6nem ta\u015f\u0131r.<\/p>\n\n\n\n<p class=\"wp-block-paragraph\"><strong>T\u00fcrkiye&#8217;de Kad\u0131na Y\u00f6nelik Yasal Ad\u0131mlar<\/strong><\/p>\n\n\n\n<p class=\"wp-block-paragraph\">1 Ocak 2002&#8217;de y\u00fcr\u00fcrl\u00fc\u011fe giren Yeni Medeni Kanun ile:<\/p>\n\n\n\n<ul class=\"wp-block-list\">\n<li>Evlilik ya\u015f\u0131 kad\u0131n ve erkek i\u00e7in 18&#8217;e y\u00fckseltilmi\u015ftir.<\/li>\n\n\n\n<li>Evlilik s\u0131ras\u0131nda edinilen mallar\u0131n e\u015fit payla\u015f\u0131m\u0131 kabul edilmi\u015ftir.<\/li>\n\n\n\n<li>Evlilik d\u0131\u015f\u0131 do\u011fan \u00e7ocuklara evlilik i\u00e7i do\u011fan \u00e7ocuklarla ayn\u0131 miras haklar\u0131 tan\u0131nm\u0131\u015ft\u0131r.<\/li>\n<\/ul>\n\n\n\n<p class=\"wp-block-paragraph\">Ayr\u0131ca, kad\u0131na y\u00f6nelik \u015fiddete kar\u015f\u0131 cezalar a\u011f\u0131rla\u015ft\u0131r\u0131lmaktad\u0131r.<\/p>\n\n\n\n<ul class=\"wp-block-list\">\n<li>\u015eiddette iyi hal indirimi k\u0131s\u0131tlanmakta, &#8220;\u0131srarl\u0131 takip&#8221; su\u00e7 haline gelmekte ve hapis cezas\u0131 gerektirebilmektedir.<\/li>\n\n\n\n<li>Kad\u0131na kar\u015f\u0131 i\u015flenen her t\u00fcrl\u00fc \u015fiddet &#8220;nitelikli su\u00e7&#8221; say\u0131lacakt\u0131r.<\/li>\n<\/ul>\n\n\n\n<p class=\"wp-block-paragraph\"><strong>Medya ve \u0130nsan Haklar\u0131 \u0130li\u015fkisi<\/strong><\/p>\n\n\n\n<p class=\"wp-block-paragraph\">Medyan\u0131n g\u00f6revini iyi yapabilmesi i\u00e7in d\u00fc\u015f\u00fcncelerin \u00f6zg\u00fcrce ifade edilebilmesi temel ko\u015fuldur. 1789&#8217;da Fransa&#8217;da kabul edilen \u0130nsan ve Yurtta\u015f Haklar\u0131 Bildirisi, d\u00fc\u015f\u00fcnce ve inan\u00e7lar\u0131n serbest iletimini en de\u011ferli haklardan saym\u0131\u015ft\u0131r. Yasal s\u0131n\u0131rlarda kalmak \u015fart\u0131yla her vatanda\u015f serbest\u00e7e konu\u015fabilir, yazabilir ve yay\u0131nlayabilir. G\u00fcn\u00fcm\u00fczde, insan hak ve \u00f6zg\u00fcrl\u00fcklerinin korunmas\u0131 i\u00e7in medyaya \u00f6nemli g\u00f6revler d\u00fc\u015fmektedir. Medya, kamuoyu olu\u015fturma konusunda g\u00fc\u00e7l\u00fcd\u00fcr.<\/p>\n\n\n\n<p class=\"wp-block-paragraph\"><strong>Yeni Medya ve Medya Okuryazarl\u0131\u011f\u0131<\/strong><\/p>\n\n\n\n<p class=\"wp-block-paragraph\">Teknolojinin geli\u015fimiyle genel a\u011f (internet) yeni ileti\u015fim teknolojilerini ortaya \u00e7\u0131karm\u0131\u015ft\u0131r. Medya organlar\u0131 da insan haklar\u0131na ili\u015fkin sorumluluklar\u0131n\u0131n fark\u0131nda olmal\u0131d\u0131r. G\u00fcn\u00fcm\u00fczde bilin\u00e7li medya okuryazarl\u0131\u011f\u0131na ihtiya\u00e7 vard\u0131r. Medya Okuryazarl\u0131\u011f\u0131, medya mesajlar\u0131na eri\u015fme, ele\u015ftirel de\u011ferlendirme ve kendi mesajlar\u0131n\u0131 olu\u015fturma becerisidir. Medya okuryazar\u0131 bireyler, medya i\u00e7eriklerinin demokrasi, insan haklar\u0131, k\u00fclt\u00fcr \u00fczerindeki etkilerini analiz edebilir. Bilin\u00e7li medya kullan\u0131m\u0131, olas\u0131 yanl\u0131\u015f y\u00f6nlendirmelere kar\u015f\u0131 toplumu korur.<\/p>\n\n\n\n<p class=\"wp-block-paragraph\"><strong>Toplumsal Ya\u015famda \u0130nsan Haklar\u0131 ve \u00d6zg\u00fcrl\u00fckler<\/strong><\/p>\n\n\n\n<p class=\"wp-block-paragraph\">Uzun m\u00fccadelelerle kazan\u0131lm\u0131\u015f temel haklar \u015funlard\u0131r:<\/p>\n\n\n\n<ul class=\"wp-block-list\">\n<li>Ya\u015fama hakk\u0131.<\/li>\n\n\n\n<li>Ki\u015fi dokunulmazl\u0131\u011f\u0131, \u00f6zg\u00fcrl\u00fc\u011f\u00fc ve g\u00fcvenli\u011fi.<\/li>\n\n\n\n<li>\u00d6zel hayat\u0131n gizlili\u011fi.<\/li>\n\n\n\n<li>Yerle\u015fme ve seyahat \u00f6zg\u00fcrl\u00fc\u011f\u00fc.<\/li>\n\n\n\n<li>Din ve vicdan \u00f6zg\u00fcrl\u00fc\u011f\u00fc.<\/li>\n\n\n\n<li>D\u00fc\u015f\u00fcnce ve kanaat \u00f6zg\u00fcrl\u00fc\u011f\u00fc.<\/li>\n<\/ul>\n\n\n\n<p class=\"wp-block-paragraph\">Bu haklar hem devlete hem de di\u011fer ki\u015filere kar\u015f\u0131 korunmal\u0131d\u0131r. T\u00fcrkiye&#8217;de kamu kurumlar\u0131 ve STK&#8217;ler, toplumsal ya\u015famda hak ve \u00f6zg\u00fcrl\u00fcklerin korunmas\u0131 i\u00e7in \u00f6nemli projeler yapmaktad\u0131r.<\/p>\n\n\n\n<p class=\"wp-block-paragraph\"><strong>Kamu Kurumlar\u0131 ve STK&#8217;lerin Rol\u00fc<\/strong><\/p>\n\n\n\n<p class=\"wp-block-paragraph\">Sa\u011fl\u0131k Bakanl\u0131\u011f\u0131, dezavantajl\u0131 gruplara evde sa\u011fl\u0131k hizmeti sunar. MHRS (Merkezi Hekim Randevu Sistemi) randevu almay\u0131 ve doktor se\u00e7meyi kolayla\u015ft\u0131r\u0131r. Baz\u0131 yerel y\u00f6netimler ya\u015fl\u0131, hasta ve engellilere evde ki\u015fisel bak\u0131m hizmeti sunar. Bu hizmetler sa\u011fl\u0131k hakk\u0131na ula\u015fmay\u0131 sa\u011flar. Ula\u015ft\u0131rma Bakanl\u0131\u011f\u0131 ve yerel y\u00f6netimler ula\u015f\u0131m hizmetleri sunarak seyahat hakk\u0131n\u0131 destekler.<\/p>\n\n\n\n<p class=\"wp-block-paragraph\">STK&#8217;ler, temel hak ve \u00f6zg\u00fcrl\u00fcklerin korunmas\u0131nda \u00f6nemli rol oynar. \u00d6rnek STK&#8217;ler: L\u00d6SEV (sa\u011fl\u0131k), TEV (e\u011fitim), TEMA (\u00e7evre), Ye\u015filay (zararl\u0131 al\u0131\u015fkanl\u0131klar).<\/p>\n\n\n\n<p class=\"wp-block-paragraph\"><strong>Hak ve \u00d6zg\u00fcrl\u00fckleri Sorumluluk Bilinciyle Kullanmak<\/strong><\/p>\n\n\n\n<p class=\"wp-block-paragraph\">Toplum d\u00fczeni, bireylere sorumluluklar y\u00fckler. Sorumluluk, ki\u015finin kendi davran\u0131\u015flar\u0131n\u0131n sonu\u00e7lar\u0131n\u0131 \u00fcstlenmesidir. Sorumluluk sahibi olmak i\u00e7in \u00f6zg\u00fcr olmak gerekir. Ki\u015filer, haklar\u0131n\u0131 kullan\u0131rken ba\u015fkalar\u0131n\u0131n haklar\u0131na sayg\u0131 g\u00f6stermeli ve kendi \u00f6zg\u00fcrl\u00fcklerini kullan\u0131rken ba\u015fkalar\u0131n\u0131n \u00f6zg\u00fcrl\u00fck alan\u0131n\u0131 ihlal etmemelidir. Fyodor M. Dostoyevski der ki: &#8220;Her insan herkes kar\u015f\u0131s\u0131nda her \u015feyden sorumludur.&#8221;.<\/p>\n\n\n\n<p class=\"wp-block-paragraph\"><strong>Hak ve \u00d6zg\u00fcrl\u00fck Kullan\u0131m Kurallar\u0131<\/strong><\/p>\n\n\n\n<p class=\"wp-block-paragraph\">Hak ve \u00f6zg\u00fcrl\u00fckleri kullan\u0131rken \u015fu noktalara dikkat edilmelidir:<\/p>\n\n\n\n<ul class=\"wp-block-list\">\n<li>Mutlak \u00f6zg\u00fcrl\u00fck yoktur. \u0130stenen her \u015feyi yapmak \u00f6zg\u00fcrl\u00fck de\u011fildir.<\/li>\n\n\n\n<li>Hak ve \u00f6zg\u00fcrl\u00fckler vazge\u00e7ilemez ve ba\u015fkas\u0131na devredilemez.<\/li>\n\n\n\n<li>Aslolan \u00f6zg\u00fcrl\u00fckt\u00fcr, s\u0131n\u0131rlamalar istisnai durumlard\u0131r.<\/li>\n\n\n\n<li>Hak ve \u00f6zg\u00fcrl\u00fckler kullan\u0131l\u0131rken kimseye ayr\u0131cal\u0131k tan\u0131nmaz.<\/li>\n\n\n\n<li>E\u011fitim yoluyla haklar\u0131n \u00f6nemi ve k\u00f6t\u00fcye kullan\u0131m\u0131n zararlar\u0131 \u00f6\u011fretilmelidir.<\/li>\n\n\n\n<li>\u00d6zg\u00fcrl\u00fc\u011f\u00fc k\u00f6t\u00fcye kullanmak, \u00f6zg\u00fcrl\u00fckten mahrum kalmaya veya su\u00e7 olu\u015fursa cezaya neden olabilir.<\/li>\n\n\n\n<li>Haklar\u0131 k\u0131s\u0131tlanan ki\u015fi \u00e7\u00f6z\u00fcm\u00fcn\u00fc yasalar yoluyla aramal\u0131d\u0131r.<\/li>\n<\/ul>\n\n\n\n<p class=\"wp-block-paragraph\"><strong>Devlet-Vatanda\u015f \u0130li\u015fkisi ve Kat\u0131l\u0131mc\u0131l\u0131k<\/strong><\/p>\n\n\n\n<p class=\"wp-block-paragraph\">Demokratik y\u00f6netimin ilkelerinden biri kat\u0131l\u0131mc\u0131l\u0131kt\u0131r. Kat\u0131l\u0131mc\u0131l\u0131k, halk\u0131n kendi iradesiyle temsilcilerini se\u00e7mesini ve siyasal karar alma s\u00fcrecine kat\u0131lmas\u0131n\u0131 ifade eder. Vatanda\u015flar, kat\u0131l\u0131m sa\u011flad\u0131\u011f\u0131 s\u00fcre\u00e7leri denetleyebilir. Halk\u0131n siyasete aktif kat\u0131l\u0131m\u0131, bilin\u00e7li bir sivil toplum i\u00e7in \u00f6nemlidir. Kamu y\u00f6netiminin \u015feffafl\u0131k, hesap verme sorumlulu\u011fu ve kat\u0131l\u0131m tabanl\u0131 olmas\u0131 devlet-vatanda\u015f ili\u015fkisini g\u00fc\u00e7lendirir. Aktif vatanda\u015fl\u0131k bilincinin geli\u015ftirilmesi kat\u0131l\u0131mc\u0131l\u0131\u011f\u0131n hedefidir.<\/p>\n\n\n\n<p class=\"wp-block-paragraph\"><strong>Kat\u0131l\u0131mc\u0131l\u0131\u011f\u0131n \u00d6n\u00fcndeki Engeller<\/strong><\/p>\n\n\n\n<p class=\"wp-block-paragraph\">Kat\u0131l\u0131mc\u0131l\u0131\u011f\u0131n \u00f6n\u00fcnde ki\u015filerden, k\u00fclt\u00fcrden ve yasalardan kaynaklanan engeller olabilir. Bunlar \u015funlard\u0131r:<\/p>\n\n\n\n<ul class=\"wp-block-list\">\n<li>Vatanda\u015flar\u0131n bilgiye eri\u015fiminin engellenmesi.<\/li>\n\n\n\n<li>Devlet-vatanda\u015f ili\u015fkisinde m\u00fczakerenin yap\u0131lmamas\u0131.<\/li>\n\n\n\n<li>Devlet ile vatanda\u015f aras\u0131ndaki ileti\u015fimin engellenmesi.<\/li>\n\n\n\n<li>Vatanda\u015flar\u0131n aktif kat\u0131l\u0131m\u0131n\u0131n engellenmesi.<\/li>\n<\/ul>\n\n\n\n<p class=\"wp-block-paragraph\">Bu engellerin kald\u0131r\u0131lmas\u0131yla devlet-vatanda\u015f ili\u015fkileri daha demokratik olur. Kat\u0131l\u0131mc\u0131 demokrasi, ekonomik geli\u015fimi destekler ve \u00fclkede refah\u0131 art\u0131r\u0131r, sosyal adaleti sa\u011flar. Sosyal devlet, ekonomik ve sosyal alanlarda sosyal g\u00fcvenlik ve adalet sa\u011flay\u0131c\u0131 politikalar \u00fcreten devlet modelidir.<\/p>\n\n\n\n<p class=\"wp-block-paragraph\"><strong>Devletin Vatanda\u015fa Kar\u015f\u0131 Sorumluluklar\u0131<\/strong><\/p>\n\n\n\n<ul class=\"wp-block-list\">\n<li>Gelir adaletsizli\u011fi ve yoksullukla m\u00fccadele etmek.<\/li>\n\n\n\n<li>F\u0131rsat e\u015fitli\u011fini sa\u011flamak.<\/li>\n\n\n\n<li>Tam istihdam ve i\u015fsizlikle m\u00fccadele sa\u011flamak.<\/li>\n\n\n\n<li>Sosyal denge ve bar\u0131\u015f\u0131 sa\u011flamak.<\/li>\n\n\n\n<li>Ekonomik b\u00fcy\u00fcme ve kalk\u0131nmay\u0131 sa\u011flamak.<\/li>\n\n\n\n<li>Sosyal g\u00fcvenli\u011fi sa\u011flamak.<\/li>\n<\/ul>\n\n\n\n<p class=\"wp-block-paragraph\"><strong>Vatanda\u015f\u0131n Devlete Kar\u015f\u0131 Sorumluluklar\u0131<\/strong><\/p>\n\n\n\n<ul class=\"wp-block-list\">\n<li>Yasalara uymak.<\/li>\n\n\n\n<li>Se\u00e7imlerde oy kullanmak.<\/li>\n\n\n\n<li>Askerlik yapmak.<\/li>\n\n\n\n<li>Vergi vermek.<\/li>\n<\/ul>\n","protected":false},"excerpt":{"rendered":"<div class=\"mh-excerpt\"><p>Demokrasi ve \u0130nsan Haklar\u0131 Dersi\u00a09. 10. 11. ve 12. s\u0131n\u0131flarda se\u00e7meli olarak okutulan bir derstir. Bu sayfada payla\u015ft\u0131\u011f\u0131m\u0131z\u00a0Demokrasi ve \u0130nsan Haklar\u0131 Dersi ders notlar\u0131 sayesinde\u00a0s\u0131navda <a class=\"mh-excerpt-more\" href=\"https:\/\/tarihkursu.com\/index.php\/2025\/10\/12\/demokrasi-ve-insan-haklari-2-tema-insan-hak-ve-ozgurlukleri-ders-notu\/\" title=\"Demokrasi ve \u0130nsan Haklar\u0131\u00a02. Tema: \u0130nsan Hak ve \u00d6zg\u00fcrl\u00fckleri Ders Notu\">[&#8230;]<\/a><\/p>\n<\/div>","protected":false},"author":2,"featured_media":2875,"comment_status":"open","ping_status":"open","sticky":false,"template":"","format":"standard","meta":{"_regular_price":[],"currency_symbol":[],"footnotes":""},"categories":[197],"tags":[198,291,99],"class_list":["post-2877","post","type-post","status-publish","format-standard","has-post-thumbnail","hentry","category-demokrasi-ve-insan-haklari","tag-demokrasi-ve-insan-haklari","tag-demokrasi-ve-insan-haklari-ders-notu","tag-ders-notlari"],"post_slider_layout_featured_media_urls":{"thumbnail":["https:\/\/tarihkursu.com\/wp-content\/uploads\/2025\/09\/Pink-Gradient-Concept-Map-Chart-150x150.png",150,150,true],"post_slider_layout_landscape_large":["https:\/\/tarihkursu.com\/wp-content\/uploads\/2025\/09\/Pink-Gradient-Concept-Map-Chart-1200x800.png",1200,800,true],"post_slider_layout_portrait_large":["https:\/\/tarihkursu.com\/wp-content\/uploads\/2025\/09\/Pink-Gradient-Concept-Map-Chart-1200x1080.png",1200,1080,true],"post_slider_layout_square_large":["https:\/\/tarihkursu.com\/wp-content\/uploads\/2025\/09\/Pink-Gradient-Concept-Map-Chart-1200x1080.png",1200,1080,true],"post_slider_layout_landscape":["https:\/\/tarihkursu.com\/wp-content\/uploads\/2025\/09\/Pink-Gradient-Concept-Map-Chart-600x400.png",600,400,true],"post_slider_layout_portrait":["https:\/\/tarihkursu.com\/wp-content\/uploads\/2025\/09\/Pink-Gradient-Concept-Map-Chart-600x900.png",600,900,true],"post_slider_layout_square":["https:\/\/tarihkursu.com\/wp-content\/uploads\/2025\/09\/Pink-Gradient-Concept-Map-Chart-600x600.png",600,600,true],"full":["https:\/\/tarihkursu.com\/wp-content\/uploads\/2025\/09\/Pink-Gradient-Concept-Map-Chart.png",1920,1080,false]},"yoast_head":"<!-- This site is optimized with the Yoast SEO plugin v28.3 - https:\/\/yoast.com\/product\/yoast-seo-wordpress\/ -->\n<title>Demokrasi ve \u0130nsan Haklar\u0131\u00a02. Tema: \u0130nsan Hak ve \u00d6zg\u00fcrl\u00fckleri Ders Notu - tarihkursu.com<\/title>\n<meta name=\"description\" content=\"Demokrasi ve \u0130nsan Haklar\u0131\u00a02. Tema: \u0130nsan Hak ve \u00d6zg\u00fcrl\u00fckleri Ders Notu Ders Notu\u00a0MEB ders kitaplar\u0131\u00a0ile uyumludur.\" \/>\n<meta name=\"robots\" content=\"index, follow, max-snippet:-1, max-image-preview:large, max-video-preview:-1\" \/>\n<link rel=\"canonical\" href=\"https:\/\/tarihkursu.com\/index.php\/2025\/10\/12\/demokrasi-ve-insan-haklari-2-tema-insan-hak-ve-ozgurlukleri-ders-notu\/\" \/>\n<meta property=\"og:locale\" content=\"tr_TR\" \/>\n<meta property=\"og:type\" content=\"article\" \/>\n<meta property=\"og:title\" content=\"Demokrasi ve \u0130nsan Haklar\u0131\u00a02. Tema: \u0130nsan Hak ve \u00d6zg\u00fcrl\u00fckleri Ders Notu - tarihkursu.com\" \/>\n<meta property=\"og:description\" content=\"Demokrasi ve \u0130nsan Haklar\u0131\u00a02. Tema: \u0130nsan Hak ve \u00d6zg\u00fcrl\u00fckleri Ders Notu Ders Notu\u00a0MEB ders kitaplar\u0131\u00a0ile uyumludur.\" \/>\n<meta property=\"og:url\" content=\"https:\/\/tarihkursu.com\/index.php\/2025\/10\/12\/demokrasi-ve-insan-haklari-2-tema-insan-hak-ve-ozgurlukleri-ders-notu\/\" \/>\n<meta property=\"og:site_name\" content=\"tarihkursu.com\" \/>\n<meta property=\"article:published_time\" content=\"2025-10-12T06:22:00+00:00\" \/>\n<meta property=\"og:image\" content=\"https:\/\/tarihkursu.com\/wp-content\/uploads\/2025\/09\/Pink-Gradient-Concept-Map-Chart.png\" \/>\n\t<meta property=\"og:image:width\" content=\"1920\" \/>\n\t<meta property=\"og:image:height\" content=\"1080\" \/>\n\t<meta property=\"og:image:type\" content=\"image\/png\" \/>\n<meta name=\"author\" content=\"tarihkursu\" \/>\n<meta name=\"twitter:card\" content=\"summary_large_image\" \/>\n<meta name=\"twitter:label1\" content=\"Yazan:\" \/>\n\t<meta name=\"twitter:data1\" content=\"tarihkursu\" \/>\n\t<meta name=\"twitter:label2\" content=\"Tahmini okuma s\u00fcresi\" \/>\n\t<meta name=\"twitter:data2\" content=\"14 dakika\" \/>\n<script type=\"application\/ld+json\" class=\"yoast-schema-graph\">{\"@context\":\"https:\\\/\\\/schema.org\",\"@graph\":[{\"@type\":\"Article\",\"@id\":\"https:\\\/\\\/tarihkursu.com\\\/index.php\\\/2025\\\/10\\\/12\\\/demokrasi-ve-insan-haklari-2-tema-insan-hak-ve-ozgurlukleri-ders-notu\\\/#article\",\"isPartOf\":{\"@id\":\"https:\\\/\\\/tarihkursu.com\\\/index.php\\\/2025\\\/10\\\/12\\\/demokrasi-ve-insan-haklari-2-tema-insan-hak-ve-ozgurlukleri-ders-notu\\\/\"},\"author\":{\"name\":\"tarihkursu\",\"@id\":\"https:\\\/\\\/tarihkursu.com\\\/#\\\/schema\\\/person\\\/d0f9105e31352dbe9f08d098ffb8c878\"},\"headline\":\"Demokrasi ve \u0130nsan Haklar\u0131\u00a02. Tema: \u0130nsan Hak ve \u00d6zg\u00fcrl\u00fckleri Ders Notu\",\"datePublished\":\"2025-10-12T06:22:00+00:00\",\"mainEntityOfPage\":{\"@id\":\"https:\\\/\\\/tarihkursu.com\\\/index.php\\\/2025\\\/10\\\/12\\\/demokrasi-ve-insan-haklari-2-tema-insan-hak-ve-ozgurlukleri-ders-notu\\\/\"},\"wordCount\":3299,\"commentCount\":0,\"publisher\":{\"@id\":\"https:\\\/\\\/tarihkursu.com\\\/#\\\/schema\\\/person\\\/4d7bdc3b79e9f5198455474c0f203f3c\"},\"image\":{\"@id\":\"https:\\\/\\\/tarihkursu.com\\\/index.php\\\/2025\\\/10\\\/12\\\/demokrasi-ve-insan-haklari-2-tema-insan-hak-ve-ozgurlukleri-ders-notu\\\/#primaryimage\"},\"thumbnailUrl\":\"https:\\\/\\\/tarihkursu.com\\\/wp-content\\\/uploads\\\/2025\\\/09\\\/Pink-Gradient-Concept-Map-Chart.png\",\"keywords\":[\"demokrasi ve insan haklar\u0131\",\"demokrasi ve insan haklar\u0131 ders notu\",\"ders notlar\u0131\"],\"articleSection\":[\"Demokrasi ve \u0130nsan Haklar\u0131\"],\"inLanguage\":\"tr\",\"potentialAction\":[{\"@type\":\"CommentAction\",\"name\":\"Comment\",\"target\":[\"https:\\\/\\\/tarihkursu.com\\\/index.php\\\/2025\\\/10\\\/12\\\/demokrasi-ve-insan-haklari-2-tema-insan-hak-ve-ozgurlukleri-ders-notu\\\/#respond\"]}]},{\"@type\":\"WebPage\",\"@id\":\"https:\\\/\\\/tarihkursu.com\\\/index.php\\\/2025\\\/10\\\/12\\\/demokrasi-ve-insan-haklari-2-tema-insan-hak-ve-ozgurlukleri-ders-notu\\\/\",\"url\":\"https:\\\/\\\/tarihkursu.com\\\/index.php\\\/2025\\\/10\\\/12\\\/demokrasi-ve-insan-haklari-2-tema-insan-hak-ve-ozgurlukleri-ders-notu\\\/\",\"name\":\"Demokrasi ve \u0130nsan Haklar\u0131\u00a02. Tema: \u0130nsan Hak ve \u00d6zg\u00fcrl\u00fckleri Ders Notu - tarihkursu.com\",\"isPartOf\":{\"@id\":\"https:\\\/\\\/tarihkursu.com\\\/#website\"},\"primaryImageOfPage\":{\"@id\":\"https:\\\/\\\/tarihkursu.com\\\/index.php\\\/2025\\\/10\\\/12\\\/demokrasi-ve-insan-haklari-2-tema-insan-hak-ve-ozgurlukleri-ders-notu\\\/#primaryimage\"},\"image\":{\"@id\":\"https:\\\/\\\/tarihkursu.com\\\/index.php\\\/2025\\\/10\\\/12\\\/demokrasi-ve-insan-haklari-2-tema-insan-hak-ve-ozgurlukleri-ders-notu\\\/#primaryimage\"},\"thumbnailUrl\":\"https:\\\/\\\/tarihkursu.com\\\/wp-content\\\/uploads\\\/2025\\\/09\\\/Pink-Gradient-Concept-Map-Chart.png\",\"datePublished\":\"2025-10-12T06:22:00+00:00\",\"description\":\"Demokrasi ve \u0130nsan Haklar\u0131\u00a02. Tema: \u0130nsan Hak ve \u00d6zg\u00fcrl\u00fckleri Ders Notu Ders Notu\u00a0MEB ders kitaplar\u0131\u00a0ile uyumludur.\",\"breadcrumb\":{\"@id\":\"https:\\\/\\\/tarihkursu.com\\\/index.php\\\/2025\\\/10\\\/12\\\/demokrasi-ve-insan-haklari-2-tema-insan-hak-ve-ozgurlukleri-ders-notu\\\/#breadcrumb\"},\"inLanguage\":\"tr\",\"potentialAction\":[{\"@type\":\"ReadAction\",\"target\":[\"https:\\\/\\\/tarihkursu.com\\\/index.php\\\/2025\\\/10\\\/12\\\/demokrasi-ve-insan-haklari-2-tema-insan-hak-ve-ozgurlukleri-ders-notu\\\/\"]}]},{\"@type\":\"ImageObject\",\"inLanguage\":\"tr\",\"@id\":\"https:\\\/\\\/tarihkursu.com\\\/index.php\\\/2025\\\/10\\\/12\\\/demokrasi-ve-insan-haklari-2-tema-insan-hak-ve-ozgurlukleri-ders-notu\\\/#primaryimage\",\"url\":\"https:\\\/\\\/tarihkursu.com\\\/wp-content\\\/uploads\\\/2025\\\/09\\\/Pink-Gradient-Concept-Map-Chart.png\",\"contentUrl\":\"https:\\\/\\\/tarihkursu.com\\\/wp-content\\\/uploads\\\/2025\\\/09\\\/Pink-Gradient-Concept-Map-Chart.png\",\"width\":1920,\"height\":1080},{\"@type\":\"BreadcrumbList\",\"@id\":\"https:\\\/\\\/tarihkursu.com\\\/index.php\\\/2025\\\/10\\\/12\\\/demokrasi-ve-insan-haklari-2-tema-insan-hak-ve-ozgurlukleri-ders-notu\\\/#breadcrumb\",\"itemListElement\":[{\"@type\":\"ListItem\",\"position\":1,\"name\":\"Anasayfa\",\"item\":\"https:\\\/\\\/tarihkursu.com\\\/\"},{\"@type\":\"ListItem\",\"position\":2,\"name\":\"Demokrasi ve \u0130nsan Haklar\u0131\u00a02. Tema: \u0130nsan Hak ve \u00d6zg\u00fcrl\u00fckleri Ders Notu\"}]},{\"@type\":\"WebSite\",\"@id\":\"https:\\\/\\\/tarihkursu.com\\\/#website\",\"url\":\"https:\\\/\\\/tarihkursu.com\\\/\",\"name\":\"Tarih Kursu\",\"description\":\"\u0130\u015fimiz G\u00fcc\u00fcm\u00fcz Tarih\",\"publisher\":{\"@id\":\"https:\\\/\\\/tarihkursu.com\\\/#\\\/schema\\\/person\\\/4d7bdc3b79e9f5198455474c0f203f3c\"},\"potentialAction\":[{\"@type\":\"SearchAction\",\"target\":{\"@type\":\"EntryPoint\",\"urlTemplate\":\"https:\\\/\\\/tarihkursu.com\\\/?s={search_term_string}\"},\"query-input\":{\"@type\":\"PropertyValueSpecification\",\"valueRequired\":true,\"valueName\":\"search_term_string\"}}],\"inLanguage\":\"tr\"},{\"@type\":[\"Person\",\"Organization\"],\"@id\":\"https:\\\/\\\/tarihkursu.com\\\/#\\\/schema\\\/person\\\/4d7bdc3b79e9f5198455474c0f203f3c\",\"name\":\"admin\",\"image\":{\"@type\":\"ImageObject\",\"inLanguage\":\"tr\",\"@id\":\"https:\\\/\\\/tarihkursu.com\\\/wp-content\\\/uploads\\\/2024\\\/10\\\/TARIHKURSU-Kopyasi.png\",\"url\":\"https:\\\/\\\/tarihkursu.com\\\/wp-content\\\/uploads\\\/2024\\\/10\\\/TARIHKURSU-Kopyasi.png\",\"contentUrl\":\"https:\\\/\\\/tarihkursu.com\\\/wp-content\\\/uploads\\\/2024\\\/10\\\/TARIHKURSU-Kopyasi.png\",\"width\":1080,\"height\":1080,\"caption\":\"admin\"},\"logo\":{\"@id\":\"https:\\\/\\\/tarihkursu.com\\\/wp-content\\\/uploads\\\/2024\\\/10\\\/TARIHKURSU-Kopyasi.png\"},\"sameAs\":[\"https:\\\/\\\/tarihkursu.com\"]},{\"@type\":\"Person\",\"@id\":\"https:\\\/\\\/tarihkursu.com\\\/#\\\/schema\\\/person\\\/d0f9105e31352dbe9f08d098ffb8c878\",\"name\":\"tarihkursu\",\"image\":{\"@type\":\"ImageObject\",\"inLanguage\":\"tr\",\"@id\":\"https:\\\/\\\/secure.gravatar.com\\\/avatar\\\/1354763acbc865faa7650c3e1e4431f187276d71f132349411302a546cdeae54?s=96&d=mm&r=g\",\"url\":\"https:\\\/\\\/secure.gravatar.com\\\/avatar\\\/1354763acbc865faa7650c3e1e4431f187276d71f132349411302a546cdeae54?s=96&d=mm&r=g\",\"contentUrl\":\"https:\\\/\\\/secure.gravatar.com\\\/avatar\\\/1354763acbc865faa7650c3e1e4431f187276d71f132349411302a546cdeae54?s=96&d=mm&r=g\",\"caption\":\"tarihkursu\"},\"url\":\"https:\\\/\\\/tarihkursu.com\\\/index.php\\\/author\\\/tarihkursu\\\/\"}]}<\/script>\n<!-- \/ Yoast SEO plugin. -->","yoast_head_json":{"title":"Demokrasi ve \u0130nsan Haklar\u0131\u00a02. Tema: \u0130nsan Hak ve \u00d6zg\u00fcrl\u00fckleri Ders Notu - tarihkursu.com","description":"Demokrasi ve \u0130nsan Haklar\u0131\u00a02. Tema: \u0130nsan Hak ve \u00d6zg\u00fcrl\u00fckleri Ders Notu Ders Notu\u00a0MEB ders kitaplar\u0131\u00a0ile uyumludur.","robots":{"index":"index","follow":"follow","max-snippet":"max-snippet:-1","max-image-preview":"max-image-preview:large","max-video-preview":"max-video-preview:-1"},"canonical":"https:\/\/tarihkursu.com\/index.php\/2025\/10\/12\/demokrasi-ve-insan-haklari-2-tema-insan-hak-ve-ozgurlukleri-ders-notu\/","og_locale":"tr_TR","og_type":"article","og_title":"Demokrasi ve \u0130nsan Haklar\u0131\u00a02. Tema: \u0130nsan Hak ve \u00d6zg\u00fcrl\u00fckleri Ders Notu - tarihkursu.com","og_description":"Demokrasi ve \u0130nsan Haklar\u0131\u00a02. Tema: \u0130nsan Hak ve \u00d6zg\u00fcrl\u00fckleri Ders Notu Ders Notu\u00a0MEB ders kitaplar\u0131\u00a0ile uyumludur.","og_url":"https:\/\/tarihkursu.com\/index.php\/2025\/10\/12\/demokrasi-ve-insan-haklari-2-tema-insan-hak-ve-ozgurlukleri-ders-notu\/","og_site_name":"tarihkursu.com","article_published_time":"2025-10-12T06:22:00+00:00","og_image":[{"width":1920,"height":1080,"url":"https:\/\/tarihkursu.com\/wp-content\/uploads\/2025\/09\/Pink-Gradient-Concept-Map-Chart.png","type":"image\/png"}],"author":"tarihkursu","twitter_card":"summary_large_image","twitter_misc":{"Yazan:":"tarihkursu","Tahmini okuma s\u00fcresi":"14 dakika"},"schema":{"@context":"https:\/\/schema.org","@graph":[{"@type":"Article","@id":"https:\/\/tarihkursu.com\/index.php\/2025\/10\/12\/demokrasi-ve-insan-haklari-2-tema-insan-hak-ve-ozgurlukleri-ders-notu\/#article","isPartOf":{"@id":"https:\/\/tarihkursu.com\/index.php\/2025\/10\/12\/demokrasi-ve-insan-haklari-2-tema-insan-hak-ve-ozgurlukleri-ders-notu\/"},"author":{"name":"tarihkursu","@id":"https:\/\/tarihkursu.com\/#\/schema\/person\/d0f9105e31352dbe9f08d098ffb8c878"},"headline":"Demokrasi ve \u0130nsan Haklar\u0131\u00a02. Tema: \u0130nsan Hak ve \u00d6zg\u00fcrl\u00fckleri Ders Notu","datePublished":"2025-10-12T06:22:00+00:00","mainEntityOfPage":{"@id":"https:\/\/tarihkursu.com\/index.php\/2025\/10\/12\/demokrasi-ve-insan-haklari-2-tema-insan-hak-ve-ozgurlukleri-ders-notu\/"},"wordCount":3299,"commentCount":0,"publisher":{"@id":"https:\/\/tarihkursu.com\/#\/schema\/person\/4d7bdc3b79e9f5198455474c0f203f3c"},"image":{"@id":"https:\/\/tarihkursu.com\/index.php\/2025\/10\/12\/demokrasi-ve-insan-haklari-2-tema-insan-hak-ve-ozgurlukleri-ders-notu\/#primaryimage"},"thumbnailUrl":"https:\/\/tarihkursu.com\/wp-content\/uploads\/2025\/09\/Pink-Gradient-Concept-Map-Chart.png","keywords":["demokrasi ve insan haklar\u0131","demokrasi ve insan haklar\u0131 ders notu","ders notlar\u0131"],"articleSection":["Demokrasi ve \u0130nsan Haklar\u0131"],"inLanguage":"tr","potentialAction":[{"@type":"CommentAction","name":"Comment","target":["https:\/\/tarihkursu.com\/index.php\/2025\/10\/12\/demokrasi-ve-insan-haklari-2-tema-insan-hak-ve-ozgurlukleri-ders-notu\/#respond"]}]},{"@type":"WebPage","@id":"https:\/\/tarihkursu.com\/index.php\/2025\/10\/12\/demokrasi-ve-insan-haklari-2-tema-insan-hak-ve-ozgurlukleri-ders-notu\/","url":"https:\/\/tarihkursu.com\/index.php\/2025\/10\/12\/demokrasi-ve-insan-haklari-2-tema-insan-hak-ve-ozgurlukleri-ders-notu\/","name":"Demokrasi ve \u0130nsan Haklar\u0131\u00a02. Tema: \u0130nsan Hak ve \u00d6zg\u00fcrl\u00fckleri Ders Notu - tarihkursu.com","isPartOf":{"@id":"https:\/\/tarihkursu.com\/#website"},"primaryImageOfPage":{"@id":"https:\/\/tarihkursu.com\/index.php\/2025\/10\/12\/demokrasi-ve-insan-haklari-2-tema-insan-hak-ve-ozgurlukleri-ders-notu\/#primaryimage"},"image":{"@id":"https:\/\/tarihkursu.com\/index.php\/2025\/10\/12\/demokrasi-ve-insan-haklari-2-tema-insan-hak-ve-ozgurlukleri-ders-notu\/#primaryimage"},"thumbnailUrl":"https:\/\/tarihkursu.com\/wp-content\/uploads\/2025\/09\/Pink-Gradient-Concept-Map-Chart.png","datePublished":"2025-10-12T06:22:00+00:00","description":"Demokrasi ve \u0130nsan Haklar\u0131\u00a02. Tema: \u0130nsan Hak ve \u00d6zg\u00fcrl\u00fckleri Ders Notu Ders Notu\u00a0MEB ders kitaplar\u0131\u00a0ile uyumludur.","breadcrumb":{"@id":"https:\/\/tarihkursu.com\/index.php\/2025\/10\/12\/demokrasi-ve-insan-haklari-2-tema-insan-hak-ve-ozgurlukleri-ders-notu\/#breadcrumb"},"inLanguage":"tr","potentialAction":[{"@type":"ReadAction","target":["https:\/\/tarihkursu.com\/index.php\/2025\/10\/12\/demokrasi-ve-insan-haklari-2-tema-insan-hak-ve-ozgurlukleri-ders-notu\/"]}]},{"@type":"ImageObject","inLanguage":"tr","@id":"https:\/\/tarihkursu.com\/index.php\/2025\/10\/12\/demokrasi-ve-insan-haklari-2-tema-insan-hak-ve-ozgurlukleri-ders-notu\/#primaryimage","url":"https:\/\/tarihkursu.com\/wp-content\/uploads\/2025\/09\/Pink-Gradient-Concept-Map-Chart.png","contentUrl":"https:\/\/tarihkursu.com\/wp-content\/uploads\/2025\/09\/Pink-Gradient-Concept-Map-Chart.png","width":1920,"height":1080},{"@type":"BreadcrumbList","@id":"https:\/\/tarihkursu.com\/index.php\/2025\/10\/12\/demokrasi-ve-insan-haklari-2-tema-insan-hak-ve-ozgurlukleri-ders-notu\/#breadcrumb","itemListElement":[{"@type":"ListItem","position":1,"name":"Anasayfa","item":"https:\/\/tarihkursu.com\/"},{"@type":"ListItem","position":2,"name":"Demokrasi ve \u0130nsan Haklar\u0131\u00a02. Tema: \u0130nsan Hak ve \u00d6zg\u00fcrl\u00fckleri Ders Notu"}]},{"@type":"WebSite","@id":"https:\/\/tarihkursu.com\/#website","url":"https:\/\/tarihkursu.com\/","name":"Tarih Kursu","description":"\u0130\u015fimiz G\u00fcc\u00fcm\u00fcz Tarih","publisher":{"@id":"https:\/\/tarihkursu.com\/#\/schema\/person\/4d7bdc3b79e9f5198455474c0f203f3c"},"potentialAction":[{"@type":"SearchAction","target":{"@type":"EntryPoint","urlTemplate":"https:\/\/tarihkursu.com\/?s={search_term_string}"},"query-input":{"@type":"PropertyValueSpecification","valueRequired":true,"valueName":"search_term_string"}}],"inLanguage":"tr"},{"@type":["Person","Organization"],"@id":"https:\/\/tarihkursu.com\/#\/schema\/person\/4d7bdc3b79e9f5198455474c0f203f3c","name":"admin","image":{"@type":"ImageObject","inLanguage":"tr","@id":"https:\/\/tarihkursu.com\/wp-content\/uploads\/2024\/10\/TARIHKURSU-Kopyasi.png","url":"https:\/\/tarihkursu.com\/wp-content\/uploads\/2024\/10\/TARIHKURSU-Kopyasi.png","contentUrl":"https:\/\/tarihkursu.com\/wp-content\/uploads\/2024\/10\/TARIHKURSU-Kopyasi.png","width":1080,"height":1080,"caption":"admin"},"logo":{"@id":"https:\/\/tarihkursu.com\/wp-content\/uploads\/2024\/10\/TARIHKURSU-Kopyasi.png"},"sameAs":["https:\/\/tarihkursu.com"]},{"@type":"Person","@id":"https:\/\/tarihkursu.com\/#\/schema\/person\/d0f9105e31352dbe9f08d098ffb8c878","name":"tarihkursu","image":{"@type":"ImageObject","inLanguage":"tr","@id":"https:\/\/secure.gravatar.com\/avatar\/1354763acbc865faa7650c3e1e4431f187276d71f132349411302a546cdeae54?s=96&d=mm&r=g","url":"https:\/\/secure.gravatar.com\/avatar\/1354763acbc865faa7650c3e1e4431f187276d71f132349411302a546cdeae54?s=96&d=mm&r=g","contentUrl":"https:\/\/secure.gravatar.com\/avatar\/1354763acbc865faa7650c3e1e4431f187276d71f132349411302a546cdeae54?s=96&d=mm&r=g","caption":"tarihkursu"},"url":"https:\/\/tarihkursu.com\/index.php\/author\/tarihkursu\/"}]}},"_links":{"self":[{"href":"https:\/\/tarihkursu.com\/index.php\/wp-json\/wp\/v2\/posts\/2877","targetHints":{"allow":["GET"]}}],"collection":[{"href":"https:\/\/tarihkursu.com\/index.php\/wp-json\/wp\/v2\/posts"}],"about":[{"href":"https:\/\/tarihkursu.com\/index.php\/wp-json\/wp\/v2\/types\/post"}],"author":[{"embeddable":true,"href":"https:\/\/tarihkursu.com\/index.php\/wp-json\/wp\/v2\/users\/2"}],"replies":[{"embeddable":true,"href":"https:\/\/tarihkursu.com\/index.php\/wp-json\/wp\/v2\/comments?post=2877"}],"version-history":[{"count":1,"href":"https:\/\/tarihkursu.com\/index.php\/wp-json\/wp\/v2\/posts\/2877\/revisions"}],"predecessor-version":[{"id":2878,"href":"https:\/\/tarihkursu.com\/index.php\/wp-json\/wp\/v2\/posts\/2877\/revisions\/2878"}],"wp:featuredmedia":[{"embeddable":true,"href":"https:\/\/tarihkursu.com\/index.php\/wp-json\/wp\/v2\/media\/2875"}],"wp:attachment":[{"href":"https:\/\/tarihkursu.com\/index.php\/wp-json\/wp\/v2\/media?parent=2877"}],"wp:term":[{"taxonomy":"category","embeddable":true,"href":"https:\/\/tarihkursu.com\/index.php\/wp-json\/wp\/v2\/categories?post=2877"},{"taxonomy":"post_tag","embeddable":true,"href":"https:\/\/tarihkursu.com\/index.php\/wp-json\/wp\/v2\/tags?post=2877"}],"curies":[{"name":"wp","href":"https:\/\/api.w.org\/{rel}","templated":true}]}}