{"id":2881,"date":"2026-03-15T10:21:00","date_gmt":"2026-03-15T07:21:00","guid":{"rendered":"https:\/\/tarihkursu.com\/?p=2881"},"modified":"2025-09-29T10:30:09","modified_gmt":"2025-09-29T07:30:09","slug":"demokrasi-ve-insan-haklari-4-tema-cesitlilige-cogulcu-bakis-ders-notlari","status":"publish","type":"post","link":"https:\/\/tarihkursu.com\/index.php\/2026\/03\/15\/demokrasi-ve-insan-haklari-4-tema-cesitlilige-cogulcu-bakis-ders-notlari\/","title":{"rendered":"Demokrasi ve \u0130nsan Haklar\u0131\u00a04. Tema: \u00c7e\u015fitlili\u011fe \u00c7o\u011fulcu Bak\u0131\u015f Ders Notlar\u0131"},"content":{"rendered":"\n<p><strong>Demokrasi ve \u0130nsan Haklar\u0131 Dersi\u00a0<\/strong>9. 10. 11. ve 12. s\u0131n\u0131flarda se\u00e7meli olarak okutulan bir derstir. Bu sayfada payla\u015ft\u0131\u011f\u0131m\u0131z\u00a0<strong>Demokrasi ve \u0130nsan Haklar\u0131 Dersi ders notlar\u0131 sayesinde<\/strong>\u00a0s\u0131navda kar\u015f\u0131la\u015fabilece\u011finiz t\u00fcm konulara hakim olacaks\u0131n\u0131z. Bu \u00f6zet ders notlar\u0131\u00a0<strong>Milli E\u011fitim Bakanl\u0131\u011f\u0131 m\u00fcfredat\u0131na<\/strong>\u00a0uygun olarak haz\u0131rland\u0131. Bu ders notlar\u0131 sayesinde\u00a0<strong>Se\u00e7meli Demokrasi ve \u0130nsan Haklar\u0131 Dersi yaz\u0131l\u0131s\u0131<\/strong>ndan 100 alacaks\u0131n\u0131z.\u00a0<strong>Demokrasi ve \u0130nsan Haklar\u0131\u00a04. Tema: \u00c7e\u015fitlili\u011fe \u00c7o\u011fulcu Bak\u0131\u015f<\/strong> <strong>Ders Notu<\/strong>\u00a0<strong>MEB ders kitaplar\u0131<\/strong>\u00a0ile uyumludur.<\/p>\n\n\n\n<p>S\u0131n\u0131f:&nbsp;<strong>Se\u00e7meli tarih<\/strong><\/p>\n\n\n\n<p>Ders:&nbsp;<strong>Demokrasi ve \u0130nsan Haklar\u0131<\/strong><\/p>\n\n\n\n<p>\u00dcnite:\u00a0<strong>4. \u00fcnite: \u00c7e\u015fitlili\u011fe \u00c7o\u011fulcu Bak\u0131\u015f<\/strong><\/p>\n\n\n\n<p>\u0130lgili yaz\u0131l\u0131:<strong>\u00a0Demokrasi ve \u0130nsan Haklar\u0131<\/strong>\u00a0<strong>2. d\u00f6nem 1. yaz\u0131l\u0131<\/strong>, <strong>Demokrasi ve \u0130nsan Haklar\u0131<\/strong>\u00a0<strong>2. d\u00f6nem 2. yaz\u0131l\u0131<\/strong><\/p>\n\n\n\n<p><\/p>\n\n\n\n<h2 class=\"wp-block-heading\">4. Tema: \u00c7e\u015fitlili\u011fe \u00c7o\u011fulcu Bak\u0131\u015f<\/h2>\n\n\n\n<p><strong>Demokrasi ve \u0130nsan Haklar\u0131<\/strong><\/p>\n\n\n\n<p><strong>\u00c7e\u015fitlili\u011fe \u00c7o\u011fulcu Bak\u0131\u015f<\/strong><\/p>\n\n\n\n<p>Toplumumuz, farkl\u0131 \u00f6zelliklere sahip insanlardan olu\u015fur. Bu farkl\u0131l\u0131klar dil, din, \u0131rk, ya\u015fam tarz\u0131, meslek veya ten rengi gibi \u00e7e\u015fitli unsurlar\u0131 i\u00e7erir. Bu farkl\u0131l\u0131klar\u0131 zenginlik olarak g\u00f6rmek, hem \u00fclkemiz hem de d\u00fcnya genelinde bar\u0131\u015f ve huzur i\u00e7in \u00e7ok \u00f6nemlidir. Farkl\u0131l\u0131klara sayg\u0131 g\u00f6stermek, bir arada uyum i\u00e7inde ya\u015faman\u0131n temelidir.<\/p>\n\n\n\n<p><strong>K\u00fclt\u00fcrel \u00c7e\u015fitlili\u011fimiz<\/strong><\/p>\n\n\n\n<p>K\u00fclt\u00fcr, farkl\u0131l\u0131klar\u0131n ortaya \u00e7\u0131kmas\u0131nda temel bir etkendir. T\u00fcrkiye&#8217;de b\u00f6lgeler aras\u0131nda mutfak, giyim, halk oyunlar\u0131, gelenek ve g\u00f6renekler gibi bir\u00e7ok alanda farkl\u0131l\u0131klar g\u00f6r\u00fcr\u00fcz. Bu b\u00f6lgesel farkl\u0131l\u0131klar, \u00fclkemizin k\u00fclt\u00fcrel de\u011ferlerine \u00f6nemli katk\u0131lar sa\u011flar.<\/p>\n\n\n\n<ul class=\"wp-block-list\">\n<li>\u00d6rne\u011fin, Ege B\u00f6lgesi&#8217;nde zeytin a\u011fac\u0131 yeniden dirili\u015fin ve \u00f6l\u00fcms\u00fczl\u00fc\u011f\u00fcn simgesidir.<\/li>\n\n\n\n<li>T\u00fcrk kahvesi, kendine \u00f6zg\u00fc tad\u0131 ve sunumuyla sohbetlerin ve \u00f6zel t\u00f6renlerin vazge\u00e7ilmezidir.<\/li>\n\n\n\n<li>H\u0131d\u0131rellez gibi \u00f6zel g\u00fcnler bahar\u0131n geli\u015fini kutlamak i\u00e7in farkl\u0131 adetler i\u00e7erir.<\/li>\n\n\n\n<li>Karadeniz B\u00f6lgesi&#8217;nde hamsi av\u0131 sezonu, dualarla ve kurbanlarla ba\u015flar.<\/li>\n<\/ul>\n\n\n\n<p><strong>Gelenek ve G\u00f6renekler<\/strong><\/p>\n\n\n\n<p>Anadolu&#8217;da evlilik t\u00f6renlerinde gelinin evden ayr\u0131l\u0131rken yak\u0131nlar\u0131n\u0131n ellerini \u00f6p\u00fcp helalle\u015fmesi bir gelenektir. Kap\u0131dan \u00e7\u0131karken ba\u015f\u0131na bu\u011fday, \u015feker, leblebi ve bozuk para sa\u00e7\u0131l\u0131r. Giyim k\u00fclt\u00fcr\u00fcm\u00fczde bindall\u0131 \u00f6nemli bir yere sahiptir. Genellikle alt\u0131n veya g\u00fcm\u00fc\u015f i\u015flemeli kadife ya da atlas kuma\u015ftan yap\u0131l\u0131r ve t\u00f6renlerde kullan\u0131l\u0131r. Eskiden gelinlik iken, g\u00fcn\u00fcm\u00fczde k\u0131na gecelerinde giyilir.<\/p>\n\n\n\n<p><strong>D\u00fcnya Bir K\u00fclt\u00fcr Mozai\u011fidir<\/strong><\/p>\n\n\n\n<p>D\u00fcnya, t\u0131pk\u0131 bir mozaik gibi farkl\u0131 k\u00fclt\u00fcrlerden olu\u015fur. Farkl\u0131 \u00fclkelerin mutfak k\u00fclt\u00fcrleri, evlilik veya cenaze t\u00f6renleri, mimari yap\u0131lar\u0131 veya giyim tarzlar\u0131 birbirinden farkl\u0131d\u0131r. Bu farkl\u0131l\u0131klar\u0131n her biri, t\u00fcm insanl\u0131\u011f\u0131n gelece\u011fe ta\u015f\u0131yaca\u011f\u0131 ortak miras\u0131n de\u011ferli bir par\u00e7as\u0131d\u0131r. Farkl\u0131l\u0131klara bu bilin\u00e7le yakla\u015f\u0131ld\u0131\u011f\u0131nda, insanlar aras\u0131nda ayr\u0131\u015fmay\u0131 de\u011fil, birle\u015fmeyi sa\u011flayan de\u011ferlere d\u00f6n\u00fc\u015f\u00fcrler.<\/p>\n\n\n\n<p><strong>Farkl\u0131l\u0131klara Sayg\u0131<\/strong><\/p>\n\n\n\n<p>Toplumdaki farkl\u0131 \u00f6zelliklere sahip insanlara sayg\u0131 duymak \u00e7ok \u00f6nemlidir. Bu, insanlar\u0131n \u0131rk\u0131na, cinsiyetine, diline, dinine, fikirlerine ve ya\u015fam tarz\u0131na sayg\u0131 g\u00f6stermeyi i\u00e7erir. Farkl\u0131l\u0131klara sayg\u0131 duymak; ho\u015fg\u00f6r\u00fcl\u00fc olmay\u0131, \u00f6n yarg\u0131lardan uzak durmay\u0131 ve insanlar\u0131 olduklar\u0131 gibi kabul etmeyi gerektirir.<\/p>\n\n\n\n<p><strong>Mill\u00ee De\u011ferler<\/strong><\/p>\n\n\n\n<p>De\u011fer, bir ki\u015fiyi veya davran\u0131\u015f\u0131 de\u011ferlendirirken kulland\u0131\u011f\u0131m\u0131z \u00f6l\u00e7\u00fctt\u00fcr. De\u011ferler, hem toplumlar\u0131n ay\u0131rt edilmesini sa\u011flar hem de toplumun bir arada kalmas\u0131na yard\u0131mc\u0131 olur. \u0130nsanl\u0131\u011f\u0131n ortak de\u011ferleri toplumlar\u0131 birle\u015ftirirken, mill\u00ee k\u00fclt\u00fcr\u00fcn ortak de\u011ferleri bir milleti di\u011ferlerinden ay\u0131r\u0131r. Bu mill\u00ee de\u011ferler aras\u0131nda dil, din, tarih, vatanseverlik, ba\u011f\u0131ms\u0131zl\u0131k sembolleri, ho\u015fg\u00f6r\u00fc ve misafirperverlik bulunur.<\/p>\n\n\n\n<p><strong>Ba\u011f\u0131ms\u0131zl\u0131k ve Mill\u00ee Kimlik<\/strong><\/p>\n\n\n\n<p>Mill\u00ee k\u00fclt\u00fcr de\u011ferleri, milletin karakterini yans\u0131t\u0131r. T\u00fcrk milleti, ba\u011f\u0131ms\u0131zl\u0131\u011f\u0131 karakter edinmi\u015ftir ve esareti asla kabul etmemi\u015ftir. Bu nedenle bayrak, sancak ve \u0130stiklal Mar\u015f\u0131 gibi ba\u011f\u0131ms\u0131zl\u0131\u011f\u0131 temsil eden simgeler, T\u00fcrk mill\u00ee k\u00fclt\u00fcr\u00fcn\u00fcn temel de\u011ferlerindendir. Mustafa Kemal Atat\u00fcrk, mill\u00ee kimli\u011fe sayg\u0131n\u0131n \u00f6nemini vurgulam\u0131\u015f ve mill\u00ee benli\u011fini bulamayan milletlerin ba\u015fka milletlerin av\u0131 olaca\u011f\u0131n\u0131 belirtmi\u015ftir.<\/p>\n\n\n\n<p><strong>Dilimiz ve Vatan\u0131m\u0131z<\/strong><\/p>\n\n\n\n<p>Dil, T\u00fcrk mill\u00ee k\u00fclt\u00fcr\u00fcn\u00fcn en \u00f6nemli \u00f6gelerindendir. Atat\u00fcrk, &#8220;Mill\u00ee duygu ile dil aras\u0131ndaki ba\u011f \u00e7ok kuvvetlidir&#8221; demi\u015f ve T\u00fcrk milletinin dilini yabanc\u0131 dillerin egemenli\u011finden kurtarmas\u0131 gerekti\u011fini s\u00f6ylemi\u015ftir. Vatanseverlik, T\u00fcrk mill\u00ee k\u00fclt\u00fcr\u00fcn\u00fcn bir di\u011fer birle\u015ftirici de\u011feridir. Vatan, sadece toprak par\u00e7as\u0131 de\u011fil, milletin birlikte ya\u015fad\u0131\u011f\u0131, ortak k\u00fclt\u00fcr\u00fc payla\u015ft\u0131\u011f\u0131, korunmas\u0131 gereken bir de\u011ferdir.<\/p>\n\n\n\n<p><strong>Ho\u015fg\u00f6r\u00fc ve Misafirperverlik<\/strong><\/p>\n\n\n\n<p>T\u00fcrk mill\u00ee k\u00fclt\u00fcr\u00fcnde bar\u0131\u015f ve ho\u015fg\u00f6r\u00fc \u00f6nemli bir yere sahiptir. Anadolu&#8217;dan \u00e7\u0131kan Mevlana, Hac\u0131 Bekta\u015f Veli ve Yunus Emre gibi b\u00fcy\u00fck d\u00fc\u015f\u00fcn\u00fcrler, ho\u015fg\u00f6r\u00fcye dayanan bir d\u00fcnya i\u00e7in \u00e7a\u011fr\u0131da bulunmu\u015flard\u0131r. Yunus Emre&#8217;nin \u201cYarad\u0131lan\u0131 severim \/ Yaradan\u2019dan \u00f6t\u00fcr\u00fc\u201d s\u00f6z\u00fc, bu felsefeyi ifade eder. Misafirperverlik, insanc\u0131l ve sevecen yakla\u015f\u0131m\u0131 temel alan bir di\u011fer mill\u00ee de\u011ferimizdir.<\/p>\n\n\n\n<p><strong>Mill\u00ee Birli\u011fin G\u00fc\u00e7lenmesi<\/strong><\/p>\n\n\n\n<p>\u00dclke b\u00fct\u00fcnl\u00fc\u011f\u00fcn\u00fc ve mill\u00ee birli\u011fi korumak, farkl\u0131 k\u00fclt\u00fcrlerin bir arada ya\u015famas\u0131yla m\u00fcmk\u00fcnd\u00fcr. Farkl\u0131l\u0131klar bir \u00e7at\u0131\u015fma sebebi de\u011fil, k\u00fclt\u00fcrel zenginliktir. Yunus Emre&#8217;nin \u201cGelin tan\u0131\u015f olal\u0131m \/ \u0130\u015fi kolay k\u0131lal\u0131m \/ Sevelim sevilelim \/ D\u00fcnya kimseye kalmaz\u201d s\u00f6z\u00fc, birlikte ya\u015faman\u0131n de\u011ferini vurgular. Kar\u015f\u0131l\u0131kl\u0131 anlay\u0131\u015f, sevgi ve sayg\u0131 toplumlar\u0131 bir arada tutan temel de\u011ferlerdir.<\/p>\n\n\n\n<p><strong>K\u00fclt\u00fcrel Zenginli\u011fin Yans\u0131malar\u0131<\/strong><\/p>\n\n\n\n<p>&#8220;Kula\u011fa ho\u015f gelen m\u00fczik tekse de onu olu\u015fturan notalar farkl\u0131d\u0131r.&#8221; (Halil Cibran). Ne\u015fet Erta\u015f, Adile Na\u015fit ve Kemal Sunal gibi sanat\u00e7\u0131lar\u0131m\u0131z, Ergenekon ve T\u00fcreyi\u015f destanlar\u0131, Orhun Kitabeleri, Mimar Sinan&#8217;\u0131n Selimiye Camisi gibi de\u011ferler k\u00fclt\u00fcr tarihimizin zenginli\u011fini olu\u015fturur.<\/p>\n\n\n\n<p><strong>UNESCO D\u00fcnya Miras\u0131 Listesi&#8217;ndeki De\u011ferlerimiz<\/strong><\/p>\n\n\n\n<p>T\u00fcrkiye&#8217;de UNESCO D\u00fcnya Miras\u0131 Listesi&#8217;nde on dokuz k\u00fclt\u00fcrel ve do\u011fal miras alan\u0131 bulunmaktad\u0131r. Bu alanlar aras\u0131nda Divri\u011fi Ulu Camii ve Dar\u00fc\u015f\u015fifas\u0131, \u0130stanbul&#8217;un Tarihi Alanlar\u0131, G\u00f6reme ve Kapadokya, Hattu\u015fa, Nemrut Da\u011f\u0131, Hierapolis-Pamukkale, Troya Arkeolojik Alan\u0131 gibi yerler yer al\u0131r.<\/p>\n\n\n\n<p><strong>Mill\u00ee De\u011ferleri Korumak<\/strong><\/p>\n\n\n\n<p>Mill\u00ee de\u011ferleri olu\u015fturan k\u00fclt\u00fcr, ya\u015fam\u0131m\u0131z\u0131n bir\u00e7ok alan\u0131n\u0131 etkiler. Ortak de\u011ferler, bireylerin bir topluma ait hissetmesi i\u00e7in \u00f6nemlidir. Mill\u00ee de\u011ferlerin korunmas\u0131 ve gelecek nesillere aktar\u0131lmas\u0131 i\u00e7in \u00e7aba g\u00f6stermeliyiz.<\/p>\n\n\n\n<p><strong>Mill\u00ee De\u011ferleri Korumak \u0130\u00e7in Yap\u0131lmas\u0131 Gerekenler<\/strong><\/p>\n\n\n\n<ul class=\"wp-block-list\">\n<li>E\u011fitim yoluyla mill\u00ee de\u011ferlere ili\u015fkin fark\u0131ndal\u0131k olu\u015fturulmal\u0131d\u0131r.<\/li>\n\n\n\n<li>Mill\u00ee de\u011ferlerin yurt d\u0131\u015f\u0131nda tan\u0131t\u0131m\u0131na y\u00f6nelik faaliyetler art\u0131r\u0131lmal\u0131d\u0131r.<\/li>\n\n\n\n<li>M\u00fcze say\u0131s\u0131 art\u0131r\u0131lmal\u0131 ve k\u00fclt\u00fcrel eserler gen\u00e7 nesillere g\u00f6sterilmelidir.<\/li>\n\n\n\n<li>Mill\u00ee de\u011ferleri ya\u015fatmak i\u00e7in \u00e7al\u0131\u015fan dernek ve vak\u0131f gibi kurumlar desteklenmelidir.<\/li>\n<\/ul>\n\n\n\n<p><strong>Toplumsal Cinsiyet E\u015fitli\u011fi<\/strong><\/p>\n\n\n\n<p>Cinsiyet, bireyin kad\u0131n ya da erkek olarak do\u011fu\u015ftan getirdi\u011fi biyolojik \u00f6zelliklerdir. Toplumsal cinsiyet ise toplumun kad\u0131n ve erke\u011fe y\u00fckledi\u011fi roller ve sorumluluklard\u0131r. Toplumsal cinsiyet e\u015fitli\u011fi, kad\u0131n ve erkeklerin toplumdaki imkanlardan e\u015fit yararlanmas\u0131, haklar\u0131n\u0131 kullan\u0131rken ayr\u0131mc\u0131l\u0131\u011fa u\u011framamas\u0131 ve hayat\u0131n her alan\u0131nda ger\u00e7ek e\u015fitli\u011fin sa\u011flanmas\u0131d\u0131r.<\/p>\n\n\n\n<p><strong>Neden Toplumsal Cinsiyet E\u015fitli\u011fi?<\/strong><\/p>\n\n\n\n<p>Kad\u0131n ve erkeklerin f\u0131rsatlardan ve haklardan e\u015fit yararlanamamas\u0131 \u00e7a\u011fda\u015f d\u00fcnyada kabul edilemez. Demokratik toplumlarda toplumsal cinsiyet e\u015fitli\u011finin sa\u011fland\u0131\u011f\u0131 ve bireylerin cinsiyet ayr\u0131mc\u0131l\u0131\u011f\u0131na u\u011framad\u0131\u011f\u0131 g\u00f6r\u00fcl\u00fcr.<\/p>\n\n\n\n<p><strong>Cinsiyet Rolleri ve Kal\u0131p Yarg\u0131lar<\/strong><\/p>\n\n\n\n<p>Kad\u0131n ve erkek rolleri k\u00fclt\u00fcrel \u00e7evre taraf\u0131ndan belirlenir. Bu rollere ba\u011fl\u0131 olarak &#8220;Kad\u0131nlar duygusald\u0131r&#8221; veya &#8220;Erkekler a\u011flamaz&#8221; gibi kal\u0131pla\u015fm\u0131\u015f yarg\u0131lar ortaya \u00e7\u0131kar. Bu s\u0131n\u0131rlay\u0131c\u0131 ve yanl\u0131\u015f tutumlar\u0131 \u00f6nlemek i\u00e7in ortak bir toplumsal bilin\u00e7 gereklidir.<\/p>\n\n\n\n<p><strong>E\u015fitli\u011fin \u00d6nemi ve Sorumluluklar<\/strong><\/p>\n\n\n\n<p>Toplumsal cinsiyet e\u015fitli\u011fi, kad\u0131n ve erkeklerin potansiyellerini tam olarak kullanmalar\u0131n\u0131 sa\u011flar. Devlet politikalar\u0131, kad\u0131n ve erkeklerin e\u015fit hak ve imkanlara sahip olmas\u0131n\u0131 sa\u011flamal\u0131d\u0131r. Bireyler de sorumluluk almal\u0131, e\u015fitlik konusunda duyarl\u0131 olmal\u0131 ve ayr\u0131mc\u0131l\u0131\u011f\u0131 engellemeye \u00e7al\u0131\u015fmal\u0131d\u0131r.<\/p>\n\n\n\n<p><strong>Cinsiyet E\u015fitli\u011fi \u0130nsan Hakk\u0131d\u0131r<\/strong><\/p>\n\n\n\n<p>T\u00fcm insanlar haklar a\u00e7\u0131s\u0131ndan e\u015fit do\u011fmu\u015ftur, bu nedenle cinsiyet e\u015fitsizli\u011fi insan haklar\u0131na ayk\u0131r\u0131d\u0131r. Toplumsal cinsiyet e\u015fitli\u011fi; ekonomik kaynaklara e\u015fit eri\u015fim, e\u015fit i\u015fe e\u015fit \u00fccret, ev i\u015flerinde e\u015fit i\u015f b\u00f6l\u00fcm\u00fc, karar alma s\u00fcre\u00e7lerine ve e\u011fitime e\u015fit kat\u0131l\u0131m gibi alanlar\u0131 i\u00e7erir.<\/p>\n\n\n\n<p><strong>\u00d6n Yarg\u0131, Sosyal D\u0131\u015flama ve Ayr\u0131mc\u0131l\u0131k<\/strong><\/p>\n\n\n\n<p>G\u00fcn\u00fcm\u00fcz toplumlar\u0131 farkl\u0131l\u0131klara sahip gruplardan olu\u015fur. Bu uyumun \u00f6n\u00fcndeki en b\u00fcy\u00fck engel kal\u0131p yarg\u0131 ve \u00f6n yarg\u0131 gibi d\u00fc\u015f\u00fcncelerin davran\u0131\u015fa d\u00f6n\u00fc\u015ferek sosyal d\u0131\u015flama ve ayr\u0131mc\u0131l\u0131\u011fa neden olmas\u0131d\u0131r.<\/p>\n\n\n\n<p><strong>Kal\u0131p Yarg\u0131 ve \u00d6n Yarg\u0131 Nedir?<\/strong><\/p>\n\n\n\n<ul class=\"wp-block-list\">\n<li><strong>Kal\u0131p Yarg\u0131:<\/strong> Belirli bir grup hakk\u0131nda zihnimizde olu\u015fturdu\u011fumuz genel izlenimler ve tan\u0131mlamalard\u0131r.<\/li>\n\n\n\n<li><strong>\u00d6n Yarg\u0131:<\/strong> Bir ki\u015fi veya \u015fey hakk\u0131nda, yeterli bilgi olmadan \u00f6nceden edinilmi\u015f olumlu ya da olumsuz yarg\u0131d\u0131r.<\/li>\n<\/ul>\n\n\n\n<p><strong>Ayr\u0131mc\u0131l\u0131k ve Sosyal D\u0131\u015flama<\/strong><\/p>\n\n\n\n<ul class=\"wp-block-list\">\n<li><strong>Ayr\u0131mc\u0131l\u0131k:<\/strong> \u00d6n yarg\u0131 ve kal\u0131p yarg\u0131lar\u0131n s\u00f6z ve davran\u0131\u015fa d\u00f6n\u00fc\u015fm\u00fc\u015f halidir.<\/li>\n\n\n\n<li><strong>Sosyal D\u0131\u015flama:<\/strong> Bireyin veya k\u00fc\u00e7\u00fck bir grubun, farkl\u0131 \u00f6zelliklere sahip olmas\u0131 nedeniyle toplumun sundu\u011fu imkanlardan mahrum kalmas\u0131d\u0131r.<\/li>\n<\/ul>\n\n\n\n<p><strong>Ayr\u0131mc\u0131l\u0131\u011f\u0131 \u00d6nlemek ve Pozitif Ayr\u0131mc\u0131l\u0131k<\/strong><\/p>\n\n\n\n<p>Demokrasinin tam i\u015flemesi i\u00e7in her birey ayr\u0131mc\u0131l\u0131\u011f\u0131 engellemek i\u00e7in kararl\u0131 bir tutum sergilemelidir.<\/p>\n\n\n\n<ul class=\"wp-block-list\">\n<li><strong>Pozitif Ayr\u0131mc\u0131l\u0131k:<\/strong> Dezavantajl\u0131 gruplar\u0131n (engelliler, ya\u015fl\u0131lar, kad\u0131nlar gibi) toplumdaki di\u011fer ki\u015filerle e\u015fit ko\u015fullara ula\u015fabilmeleri i\u00e7in tan\u0131nan \u00f6zel haklard\u0131r.<\/li>\n<\/ul>\n\n\n\n<p><strong>Ya\u015fl\u0131 ve Engelli Bireylerin Toplumsal Ya\u015fama Kat\u0131l\u0131m\u0131<\/strong><\/p>\n\n\n\n<p>Ya\u015fl\u0131 ve engelli bireyler, sa\u011fl\u0131k, bilgiye eri\u015fim ve sosyal imkanlar gibi alanlarda engellerle kar\u015f\u0131la\u015fan dezavantajl\u0131 gruplard\u0131r. Bu bireylerin toplumsal ya\u015fama kat\u0131lmas\u0131nda en \u00f6nemli g\u00f6rev devlete d\u00fc\u015fer. Ancak bu, t\u00fcm toplumun ortak sorumlulu\u011fudur.<\/p>\n\n\n\n<p><strong>Ya\u015fl\u0131lar\u0131n Toplumsal Kat\u0131l\u0131m\u0131<\/strong><\/p>\n\n\n\n<p>Yerel y\u00f6netimler ya\u015fl\u0131 vatanda\u015flara ki\u015fisel bak\u0131m, ev temizli\u011fi gibi hizmetler sunabilir. Ya\u015fl\u0131lar\u0131n aktif ya\u015fam\u0131n par\u00e7as\u0131 olmas\u0131 i\u00e7in ula\u015f\u0131m d\u00fczenlemeleri ve sosyok\u00fclt\u00fcrel faaliyetler d\u00fczenlenebilir. Anadolu \u00dcniversitesi b\u00fcnyesinde a\u00e7\u0131lan Tazelenme \u00dcniversitesi gibi projeler, 60 ya\u015f \u00fcst\u00fc bireylerin e\u011fitim almas\u0131n\u0131 sa\u011flar.<\/p>\n\n\n\n<p><strong>Engelli Bireylerin Toplumsal Kat\u0131l\u0131m\u0131<\/strong><\/p>\n\n\n\n<p>Engelli bireyler, fiziksel, zihinsel veya alg\u0131sal bozukluklar nedeniyle topluma e\u015fit kat\u0131l\u0131mda zorluk ya\u015fayan ki\u015filerdir. Bu durumun ortadan kald\u0131r\u0131lmas\u0131 i\u00e7in h\u00fck\u00fcmet, yerel y\u00f6netimler ve STK&#8217;lere g\u00f6rev d\u00fc\u015fer. Engelli bireylerin kar\u015f\u0131la\u015ft\u0131\u011f\u0131 engelleri kald\u0131racak ko\u015fullar yarat\u0131lmal\u0131, rehabilitasyon ve destek hizmetleri geli\u015ftirilmelidir.<\/p>\n\n\n\n<p><strong>Engelli Bireyler \u0130\u00e7in Fark\u0131ndal\u0131k ve Destek<\/strong><\/p>\n\n\n\n<p>Engelli bireylere y\u00f6nelik olumsuz tutum ve \u00f6n yarg\u0131lar\u0131 de\u011fi\u015ftirmek i\u00e7in s\u00fcrekli e\u011fitim faaliyetleri d\u00fczenlenmelidir. Engelli haklar\u0131na ili\u015fkin bilin\u00e7 olu\u015fturulmal\u0131, onlara ve ailelerine rehberlik, dan\u0131\u015fmanl\u0131k ve i\u015f olanaklar\u0131 hakk\u0131nda bilgi verilmelidir. 3 Aral\u0131k D\u00fcnya Engelliler G\u00fcn\u00fc, bu konularda fark\u0131ndal\u0131k yaratmak i\u00e7in kutlan\u0131r.<\/p>\n","protected":false},"excerpt":{"rendered":"<div class=\"mh-excerpt\"><p>Demokrasi ve \u0130nsan Haklar\u0131 Dersi\u00a09. 10. 11. ve 12. s\u0131n\u0131flarda se\u00e7meli olarak okutulan bir derstir. Bu sayfada payla\u015ft\u0131\u011f\u0131m\u0131z\u00a0Demokrasi ve \u0130nsan Haklar\u0131 Dersi ders notlar\u0131 sayesinde\u00a0s\u0131navda <a class=\"mh-excerpt-more\" href=\"https:\/\/tarihkursu.com\/index.php\/2026\/03\/15\/demokrasi-ve-insan-haklari-4-tema-cesitlilige-cogulcu-bakis-ders-notlari\/\" title=\"Demokrasi ve \u0130nsan Haklar\u0131\u00a04. Tema: \u00c7e\u015fitlili\u011fe \u00c7o\u011fulcu Bak\u0131\u015f Ders Notlar\u0131\">[&#8230;]<\/a><\/p>\n<\/div>","protected":false},"author":2,"featured_media":2875,"comment_status":"open","ping_status":"open","sticky":false,"template":"","format":"standard","meta":{"_regular_price":[],"currency_symbol":[],"footnotes":""},"categories":[197],"tags":[198,291,99],"class_list":["post-2881","post","type-post","status-publish","format-standard","has-post-thumbnail","hentry","category-demokrasi-ve-insan-haklari","tag-demokrasi-ve-insan-haklari","tag-demokrasi-ve-insan-haklari-ders-notu","tag-ders-notlari"],"post_slider_layout_featured_media_urls":{"thumbnail":["https:\/\/tarihkursu.com\/wp-content\/uploads\/2025\/09\/Pink-Gradient-Concept-Map-Chart-150x150.png",150,150,true],"post_slider_layout_landscape_large":["https:\/\/tarihkursu.com\/wp-content\/uploads\/2025\/09\/Pink-Gradient-Concept-Map-Chart-1200x800.png",1200,800,true],"post_slider_layout_portrait_large":["https:\/\/tarihkursu.com\/wp-content\/uploads\/2025\/09\/Pink-Gradient-Concept-Map-Chart-1200x1080.png",1200,1080,true],"post_slider_layout_square_large":["https:\/\/tarihkursu.com\/wp-content\/uploads\/2025\/09\/Pink-Gradient-Concept-Map-Chart-1200x1080.png",1200,1080,true],"post_slider_layout_landscape":["https:\/\/tarihkursu.com\/wp-content\/uploads\/2025\/09\/Pink-Gradient-Concept-Map-Chart-600x400.png",600,400,true],"post_slider_layout_portrait":["https:\/\/tarihkursu.com\/wp-content\/uploads\/2025\/09\/Pink-Gradient-Concept-Map-Chart-600x900.png",600,900,true],"post_slider_layout_square":["https:\/\/tarihkursu.com\/wp-content\/uploads\/2025\/09\/Pink-Gradient-Concept-Map-Chart-600x600.png",600,600,true],"full":["https:\/\/tarihkursu.com\/wp-content\/uploads\/2025\/09\/Pink-Gradient-Concept-Map-Chart.png",1920,1080,false]},"yoast_head":"<!-- This site is optimized with the Yoast SEO plugin v27.5 - https:\/\/yoast.com\/product\/yoast-seo-wordpress\/ -->\n<title>Demokrasi ve \u0130nsan Haklar\u0131\u00a04. Tema: \u00c7e\u015fitlili\u011fe \u00c7o\u011fulcu Bak\u0131\u015f Ders Notlar\u0131 - tarihkursu.com<\/title>\n<meta name=\"description\" content=\"Se\u00e7meli Demokrasi ve \u0130nsan Haklar\u0131\u00a04. Tema: \u00c7e\u015fitlili\u011fe \u00c7o\u011fulcu Bak\u0131\u015f Ders Notu\u00a0MEB ders kitaplar\u0131\u00a0ile uyumludur.\" \/>\n<meta name=\"robots\" content=\"index, follow, max-snippet:-1, max-image-preview:large, max-video-preview:-1\" \/>\n<link rel=\"canonical\" href=\"https:\/\/tarihkursu.com\/index.php\/2026\/03\/15\/demokrasi-ve-insan-haklari-4-tema-cesitlilige-cogulcu-bakis-ders-notlari\/\" \/>\n<meta property=\"og:locale\" content=\"tr_TR\" \/>\n<meta property=\"og:type\" content=\"article\" \/>\n<meta property=\"og:title\" content=\"Demokrasi ve \u0130nsan Haklar\u0131\u00a04. Tema: \u00c7e\u015fitlili\u011fe \u00c7o\u011fulcu Bak\u0131\u015f Ders Notlar\u0131 - tarihkursu.com\" \/>\n<meta property=\"og:description\" content=\"Se\u00e7meli Demokrasi ve \u0130nsan Haklar\u0131\u00a04. Tema: \u00c7e\u015fitlili\u011fe \u00c7o\u011fulcu Bak\u0131\u015f Ders Notu\u00a0MEB ders kitaplar\u0131\u00a0ile uyumludur.\" \/>\n<meta property=\"og:url\" content=\"https:\/\/tarihkursu.com\/index.php\/2026\/03\/15\/demokrasi-ve-insan-haklari-4-tema-cesitlilige-cogulcu-bakis-ders-notlari\/\" \/>\n<meta property=\"og:site_name\" content=\"tarihkursu.com\" \/>\n<meta property=\"article:published_time\" content=\"2026-03-15T07:21:00+00:00\" \/>\n<meta property=\"og:image\" content=\"https:\/\/tarihkursu.com\/wp-content\/uploads\/2025\/09\/Pink-Gradient-Concept-Map-Chart.png\" \/>\n\t<meta property=\"og:image:width\" content=\"1920\" \/>\n\t<meta property=\"og:image:height\" content=\"1080\" \/>\n\t<meta property=\"og:image:type\" content=\"image\/png\" \/>\n<meta name=\"author\" content=\"tarihkursu\" \/>\n<meta name=\"twitter:card\" content=\"summary_large_image\" \/>\n<meta name=\"twitter:label1\" content=\"Yazan:\" \/>\n\t<meta name=\"twitter:data1\" content=\"tarihkursu\" \/>\n\t<meta name=\"twitter:label2\" content=\"Tahmini okuma s\u00fcresi\" \/>\n\t<meta name=\"twitter:data2\" content=\"9 dakika\" \/>\n<script type=\"application\/ld+json\" class=\"yoast-schema-graph\">{\"@context\":\"https:\\\/\\\/schema.org\",\"@graph\":[{\"@type\":\"Article\",\"@id\":\"https:\\\/\\\/tarihkursu.com\\\/index.php\\\/2026\\\/03\\\/15\\\/demokrasi-ve-insan-haklari-4-tema-cesitlilige-cogulcu-bakis-ders-notlari\\\/#article\",\"isPartOf\":{\"@id\":\"https:\\\/\\\/tarihkursu.com\\\/index.php\\\/2026\\\/03\\\/15\\\/demokrasi-ve-insan-haklari-4-tema-cesitlilige-cogulcu-bakis-ders-notlari\\\/\"},\"author\":{\"name\":\"tarihkursu\",\"@id\":\"https:\\\/\\\/tarihkursu.com\\\/#\\\/schema\\\/person\\\/d0f9105e31352dbe9f08d098ffb8c878\"},\"headline\":\"Demokrasi ve \u0130nsan Haklar\u0131\u00a04. Tema: \u00c7e\u015fitlili\u011fe \u00c7o\u011fulcu Bak\u0131\u015f Ders Notlar\u0131\",\"datePublished\":\"2026-03-15T07:21:00+00:00\",\"mainEntityOfPage\":{\"@id\":\"https:\\\/\\\/tarihkursu.com\\\/index.php\\\/2026\\\/03\\\/15\\\/demokrasi-ve-insan-haklari-4-tema-cesitlilige-cogulcu-bakis-ders-notlari\\\/\"},\"wordCount\":2013,\"commentCount\":0,\"publisher\":{\"@id\":\"https:\\\/\\\/tarihkursu.com\\\/#\\\/schema\\\/person\\\/4d7bdc3b79e9f5198455474c0f203f3c\"},\"image\":{\"@id\":\"https:\\\/\\\/tarihkursu.com\\\/index.php\\\/2026\\\/03\\\/15\\\/demokrasi-ve-insan-haklari-4-tema-cesitlilige-cogulcu-bakis-ders-notlari\\\/#primaryimage\"},\"thumbnailUrl\":\"https:\\\/\\\/tarihkursu.com\\\/wp-content\\\/uploads\\\/2025\\\/09\\\/Pink-Gradient-Concept-Map-Chart.png\",\"keywords\":[\"demokrasi ve insan haklar\u0131\",\"demokrasi ve insan haklar\u0131 ders notu\",\"ders notlar\u0131\"],\"articleSection\":[\"Demokrasi ve \u0130nsan Haklar\u0131\"],\"inLanguage\":\"tr\",\"potentialAction\":[{\"@type\":\"CommentAction\",\"name\":\"Comment\",\"target\":[\"https:\\\/\\\/tarihkursu.com\\\/index.php\\\/2026\\\/03\\\/15\\\/demokrasi-ve-insan-haklari-4-tema-cesitlilige-cogulcu-bakis-ders-notlari\\\/#respond\"]}]},{\"@type\":\"WebPage\",\"@id\":\"https:\\\/\\\/tarihkursu.com\\\/index.php\\\/2026\\\/03\\\/15\\\/demokrasi-ve-insan-haklari-4-tema-cesitlilige-cogulcu-bakis-ders-notlari\\\/\",\"url\":\"https:\\\/\\\/tarihkursu.com\\\/index.php\\\/2026\\\/03\\\/15\\\/demokrasi-ve-insan-haklari-4-tema-cesitlilige-cogulcu-bakis-ders-notlari\\\/\",\"name\":\"Demokrasi ve \u0130nsan Haklar\u0131\u00a04. Tema: \u00c7e\u015fitlili\u011fe \u00c7o\u011fulcu Bak\u0131\u015f Ders Notlar\u0131 - tarihkursu.com\",\"isPartOf\":{\"@id\":\"https:\\\/\\\/tarihkursu.com\\\/#website\"},\"primaryImageOfPage\":{\"@id\":\"https:\\\/\\\/tarihkursu.com\\\/index.php\\\/2026\\\/03\\\/15\\\/demokrasi-ve-insan-haklari-4-tema-cesitlilige-cogulcu-bakis-ders-notlari\\\/#primaryimage\"},\"image\":{\"@id\":\"https:\\\/\\\/tarihkursu.com\\\/index.php\\\/2026\\\/03\\\/15\\\/demokrasi-ve-insan-haklari-4-tema-cesitlilige-cogulcu-bakis-ders-notlari\\\/#primaryimage\"},\"thumbnailUrl\":\"https:\\\/\\\/tarihkursu.com\\\/wp-content\\\/uploads\\\/2025\\\/09\\\/Pink-Gradient-Concept-Map-Chart.png\",\"datePublished\":\"2026-03-15T07:21:00+00:00\",\"description\":\"Se\u00e7meli Demokrasi ve \u0130nsan Haklar\u0131\u00a04. Tema: \u00c7e\u015fitlili\u011fe \u00c7o\u011fulcu Bak\u0131\u015f Ders Notu\u00a0MEB ders kitaplar\u0131\u00a0ile uyumludur.\",\"breadcrumb\":{\"@id\":\"https:\\\/\\\/tarihkursu.com\\\/index.php\\\/2026\\\/03\\\/15\\\/demokrasi-ve-insan-haklari-4-tema-cesitlilige-cogulcu-bakis-ders-notlari\\\/#breadcrumb\"},\"inLanguage\":\"tr\",\"potentialAction\":[{\"@type\":\"ReadAction\",\"target\":[\"https:\\\/\\\/tarihkursu.com\\\/index.php\\\/2026\\\/03\\\/15\\\/demokrasi-ve-insan-haklari-4-tema-cesitlilige-cogulcu-bakis-ders-notlari\\\/\"]}]},{\"@type\":\"ImageObject\",\"inLanguage\":\"tr\",\"@id\":\"https:\\\/\\\/tarihkursu.com\\\/index.php\\\/2026\\\/03\\\/15\\\/demokrasi-ve-insan-haklari-4-tema-cesitlilige-cogulcu-bakis-ders-notlari\\\/#primaryimage\",\"url\":\"https:\\\/\\\/tarihkursu.com\\\/wp-content\\\/uploads\\\/2025\\\/09\\\/Pink-Gradient-Concept-Map-Chart.png\",\"contentUrl\":\"https:\\\/\\\/tarihkursu.com\\\/wp-content\\\/uploads\\\/2025\\\/09\\\/Pink-Gradient-Concept-Map-Chart.png\",\"width\":1920,\"height\":1080},{\"@type\":\"BreadcrumbList\",\"@id\":\"https:\\\/\\\/tarihkursu.com\\\/index.php\\\/2026\\\/03\\\/15\\\/demokrasi-ve-insan-haklari-4-tema-cesitlilige-cogulcu-bakis-ders-notlari\\\/#breadcrumb\",\"itemListElement\":[{\"@type\":\"ListItem\",\"position\":1,\"name\":\"Anasayfa\",\"item\":\"https:\\\/\\\/tarihkursu.com\\\/\"},{\"@type\":\"ListItem\",\"position\":2,\"name\":\"Demokrasi ve \u0130nsan Haklar\u0131\u00a04. Tema: \u00c7e\u015fitlili\u011fe \u00c7o\u011fulcu Bak\u0131\u015f Ders Notlar\u0131\"}]},{\"@type\":\"WebSite\",\"@id\":\"https:\\\/\\\/tarihkursu.com\\\/#website\",\"url\":\"https:\\\/\\\/tarihkursu.com\\\/\",\"name\":\"Tarih Kursu\",\"description\":\"\u0130\u015fimiz G\u00fcc\u00fcm\u00fcz Tarih\",\"publisher\":{\"@id\":\"https:\\\/\\\/tarihkursu.com\\\/#\\\/schema\\\/person\\\/4d7bdc3b79e9f5198455474c0f203f3c\"},\"potentialAction\":[{\"@type\":\"SearchAction\",\"target\":{\"@type\":\"EntryPoint\",\"urlTemplate\":\"https:\\\/\\\/tarihkursu.com\\\/?s={search_term_string}\"},\"query-input\":{\"@type\":\"PropertyValueSpecification\",\"valueRequired\":true,\"valueName\":\"search_term_string\"}}],\"inLanguage\":\"tr\"},{\"@type\":[\"Person\",\"Organization\"],\"@id\":\"https:\\\/\\\/tarihkursu.com\\\/#\\\/schema\\\/person\\\/4d7bdc3b79e9f5198455474c0f203f3c\",\"name\":\"admin\",\"image\":{\"@type\":\"ImageObject\",\"inLanguage\":\"tr\",\"@id\":\"https:\\\/\\\/tarihkursu.com\\\/wp-content\\\/uploads\\\/2024\\\/10\\\/TARIHKURSU-Kopyasi.png\",\"url\":\"https:\\\/\\\/tarihkursu.com\\\/wp-content\\\/uploads\\\/2024\\\/10\\\/TARIHKURSU-Kopyasi.png\",\"contentUrl\":\"https:\\\/\\\/tarihkursu.com\\\/wp-content\\\/uploads\\\/2024\\\/10\\\/TARIHKURSU-Kopyasi.png\",\"width\":1080,\"height\":1080,\"caption\":\"admin\"},\"logo\":{\"@id\":\"https:\\\/\\\/tarihkursu.com\\\/wp-content\\\/uploads\\\/2024\\\/10\\\/TARIHKURSU-Kopyasi.png\"},\"sameAs\":[\"https:\\\/\\\/tarihkursu.com\"]},{\"@type\":\"Person\",\"@id\":\"https:\\\/\\\/tarihkursu.com\\\/#\\\/schema\\\/person\\\/d0f9105e31352dbe9f08d098ffb8c878\",\"name\":\"tarihkursu\",\"image\":{\"@type\":\"ImageObject\",\"inLanguage\":\"tr\",\"@id\":\"https:\\\/\\\/secure.gravatar.com\\\/avatar\\\/1354763acbc865faa7650c3e1e4431f187276d71f132349411302a546cdeae54?s=96&d=mm&r=g\",\"url\":\"https:\\\/\\\/secure.gravatar.com\\\/avatar\\\/1354763acbc865faa7650c3e1e4431f187276d71f132349411302a546cdeae54?s=96&d=mm&r=g\",\"contentUrl\":\"https:\\\/\\\/secure.gravatar.com\\\/avatar\\\/1354763acbc865faa7650c3e1e4431f187276d71f132349411302a546cdeae54?s=96&d=mm&r=g\",\"caption\":\"tarihkursu\"},\"url\":\"https:\\\/\\\/tarihkursu.com\\\/index.php\\\/author\\\/tarihkursu\\\/\"}]}<\/script>\n<!-- \/ Yoast SEO plugin. -->","yoast_head_json":{"title":"Demokrasi ve \u0130nsan Haklar\u0131\u00a04. Tema: \u00c7e\u015fitlili\u011fe \u00c7o\u011fulcu Bak\u0131\u015f Ders Notlar\u0131 - tarihkursu.com","description":"Se\u00e7meli Demokrasi ve \u0130nsan Haklar\u0131\u00a04. Tema: \u00c7e\u015fitlili\u011fe \u00c7o\u011fulcu Bak\u0131\u015f Ders Notu\u00a0MEB ders kitaplar\u0131\u00a0ile uyumludur.","robots":{"index":"index","follow":"follow","max-snippet":"max-snippet:-1","max-image-preview":"max-image-preview:large","max-video-preview":"max-video-preview:-1"},"canonical":"https:\/\/tarihkursu.com\/index.php\/2026\/03\/15\/demokrasi-ve-insan-haklari-4-tema-cesitlilige-cogulcu-bakis-ders-notlari\/","og_locale":"tr_TR","og_type":"article","og_title":"Demokrasi ve \u0130nsan Haklar\u0131\u00a04. Tema: \u00c7e\u015fitlili\u011fe \u00c7o\u011fulcu Bak\u0131\u015f Ders Notlar\u0131 - tarihkursu.com","og_description":"Se\u00e7meli Demokrasi ve \u0130nsan Haklar\u0131\u00a04. Tema: \u00c7e\u015fitlili\u011fe \u00c7o\u011fulcu Bak\u0131\u015f Ders Notu\u00a0MEB ders kitaplar\u0131\u00a0ile uyumludur.","og_url":"https:\/\/tarihkursu.com\/index.php\/2026\/03\/15\/demokrasi-ve-insan-haklari-4-tema-cesitlilige-cogulcu-bakis-ders-notlari\/","og_site_name":"tarihkursu.com","article_published_time":"2026-03-15T07:21:00+00:00","og_image":[{"width":1920,"height":1080,"url":"https:\/\/tarihkursu.com\/wp-content\/uploads\/2025\/09\/Pink-Gradient-Concept-Map-Chart.png","type":"image\/png"}],"author":"tarihkursu","twitter_card":"summary_large_image","twitter_misc":{"Yazan:":"tarihkursu","Tahmini okuma s\u00fcresi":"9 dakika"},"schema":{"@context":"https:\/\/schema.org","@graph":[{"@type":"Article","@id":"https:\/\/tarihkursu.com\/index.php\/2026\/03\/15\/demokrasi-ve-insan-haklari-4-tema-cesitlilige-cogulcu-bakis-ders-notlari\/#article","isPartOf":{"@id":"https:\/\/tarihkursu.com\/index.php\/2026\/03\/15\/demokrasi-ve-insan-haklari-4-tema-cesitlilige-cogulcu-bakis-ders-notlari\/"},"author":{"name":"tarihkursu","@id":"https:\/\/tarihkursu.com\/#\/schema\/person\/d0f9105e31352dbe9f08d098ffb8c878"},"headline":"Demokrasi ve \u0130nsan Haklar\u0131\u00a04. Tema: \u00c7e\u015fitlili\u011fe \u00c7o\u011fulcu Bak\u0131\u015f Ders Notlar\u0131","datePublished":"2026-03-15T07:21:00+00:00","mainEntityOfPage":{"@id":"https:\/\/tarihkursu.com\/index.php\/2026\/03\/15\/demokrasi-ve-insan-haklari-4-tema-cesitlilige-cogulcu-bakis-ders-notlari\/"},"wordCount":2013,"commentCount":0,"publisher":{"@id":"https:\/\/tarihkursu.com\/#\/schema\/person\/4d7bdc3b79e9f5198455474c0f203f3c"},"image":{"@id":"https:\/\/tarihkursu.com\/index.php\/2026\/03\/15\/demokrasi-ve-insan-haklari-4-tema-cesitlilige-cogulcu-bakis-ders-notlari\/#primaryimage"},"thumbnailUrl":"https:\/\/tarihkursu.com\/wp-content\/uploads\/2025\/09\/Pink-Gradient-Concept-Map-Chart.png","keywords":["demokrasi ve insan haklar\u0131","demokrasi ve insan haklar\u0131 ders notu","ders notlar\u0131"],"articleSection":["Demokrasi ve \u0130nsan Haklar\u0131"],"inLanguage":"tr","potentialAction":[{"@type":"CommentAction","name":"Comment","target":["https:\/\/tarihkursu.com\/index.php\/2026\/03\/15\/demokrasi-ve-insan-haklari-4-tema-cesitlilige-cogulcu-bakis-ders-notlari\/#respond"]}]},{"@type":"WebPage","@id":"https:\/\/tarihkursu.com\/index.php\/2026\/03\/15\/demokrasi-ve-insan-haklari-4-tema-cesitlilige-cogulcu-bakis-ders-notlari\/","url":"https:\/\/tarihkursu.com\/index.php\/2026\/03\/15\/demokrasi-ve-insan-haklari-4-tema-cesitlilige-cogulcu-bakis-ders-notlari\/","name":"Demokrasi ve \u0130nsan Haklar\u0131\u00a04. Tema: \u00c7e\u015fitlili\u011fe \u00c7o\u011fulcu Bak\u0131\u015f Ders Notlar\u0131 - tarihkursu.com","isPartOf":{"@id":"https:\/\/tarihkursu.com\/#website"},"primaryImageOfPage":{"@id":"https:\/\/tarihkursu.com\/index.php\/2026\/03\/15\/demokrasi-ve-insan-haklari-4-tema-cesitlilige-cogulcu-bakis-ders-notlari\/#primaryimage"},"image":{"@id":"https:\/\/tarihkursu.com\/index.php\/2026\/03\/15\/demokrasi-ve-insan-haklari-4-tema-cesitlilige-cogulcu-bakis-ders-notlari\/#primaryimage"},"thumbnailUrl":"https:\/\/tarihkursu.com\/wp-content\/uploads\/2025\/09\/Pink-Gradient-Concept-Map-Chart.png","datePublished":"2026-03-15T07:21:00+00:00","description":"Se\u00e7meli Demokrasi ve \u0130nsan Haklar\u0131\u00a04. Tema: \u00c7e\u015fitlili\u011fe \u00c7o\u011fulcu Bak\u0131\u015f Ders Notu\u00a0MEB ders kitaplar\u0131\u00a0ile uyumludur.","breadcrumb":{"@id":"https:\/\/tarihkursu.com\/index.php\/2026\/03\/15\/demokrasi-ve-insan-haklari-4-tema-cesitlilige-cogulcu-bakis-ders-notlari\/#breadcrumb"},"inLanguage":"tr","potentialAction":[{"@type":"ReadAction","target":["https:\/\/tarihkursu.com\/index.php\/2026\/03\/15\/demokrasi-ve-insan-haklari-4-tema-cesitlilige-cogulcu-bakis-ders-notlari\/"]}]},{"@type":"ImageObject","inLanguage":"tr","@id":"https:\/\/tarihkursu.com\/index.php\/2026\/03\/15\/demokrasi-ve-insan-haklari-4-tema-cesitlilige-cogulcu-bakis-ders-notlari\/#primaryimage","url":"https:\/\/tarihkursu.com\/wp-content\/uploads\/2025\/09\/Pink-Gradient-Concept-Map-Chart.png","contentUrl":"https:\/\/tarihkursu.com\/wp-content\/uploads\/2025\/09\/Pink-Gradient-Concept-Map-Chart.png","width":1920,"height":1080},{"@type":"BreadcrumbList","@id":"https:\/\/tarihkursu.com\/index.php\/2026\/03\/15\/demokrasi-ve-insan-haklari-4-tema-cesitlilige-cogulcu-bakis-ders-notlari\/#breadcrumb","itemListElement":[{"@type":"ListItem","position":1,"name":"Anasayfa","item":"https:\/\/tarihkursu.com\/"},{"@type":"ListItem","position":2,"name":"Demokrasi ve \u0130nsan Haklar\u0131\u00a04. Tema: \u00c7e\u015fitlili\u011fe \u00c7o\u011fulcu Bak\u0131\u015f Ders Notlar\u0131"}]},{"@type":"WebSite","@id":"https:\/\/tarihkursu.com\/#website","url":"https:\/\/tarihkursu.com\/","name":"Tarih Kursu","description":"\u0130\u015fimiz G\u00fcc\u00fcm\u00fcz Tarih","publisher":{"@id":"https:\/\/tarihkursu.com\/#\/schema\/person\/4d7bdc3b79e9f5198455474c0f203f3c"},"potentialAction":[{"@type":"SearchAction","target":{"@type":"EntryPoint","urlTemplate":"https:\/\/tarihkursu.com\/?s={search_term_string}"},"query-input":{"@type":"PropertyValueSpecification","valueRequired":true,"valueName":"search_term_string"}}],"inLanguage":"tr"},{"@type":["Person","Organization"],"@id":"https:\/\/tarihkursu.com\/#\/schema\/person\/4d7bdc3b79e9f5198455474c0f203f3c","name":"admin","image":{"@type":"ImageObject","inLanguage":"tr","@id":"https:\/\/tarihkursu.com\/wp-content\/uploads\/2024\/10\/TARIHKURSU-Kopyasi.png","url":"https:\/\/tarihkursu.com\/wp-content\/uploads\/2024\/10\/TARIHKURSU-Kopyasi.png","contentUrl":"https:\/\/tarihkursu.com\/wp-content\/uploads\/2024\/10\/TARIHKURSU-Kopyasi.png","width":1080,"height":1080,"caption":"admin"},"logo":{"@id":"https:\/\/tarihkursu.com\/wp-content\/uploads\/2024\/10\/TARIHKURSU-Kopyasi.png"},"sameAs":["https:\/\/tarihkursu.com"]},{"@type":"Person","@id":"https:\/\/tarihkursu.com\/#\/schema\/person\/d0f9105e31352dbe9f08d098ffb8c878","name":"tarihkursu","image":{"@type":"ImageObject","inLanguage":"tr","@id":"https:\/\/secure.gravatar.com\/avatar\/1354763acbc865faa7650c3e1e4431f187276d71f132349411302a546cdeae54?s=96&d=mm&r=g","url":"https:\/\/secure.gravatar.com\/avatar\/1354763acbc865faa7650c3e1e4431f187276d71f132349411302a546cdeae54?s=96&d=mm&r=g","contentUrl":"https:\/\/secure.gravatar.com\/avatar\/1354763acbc865faa7650c3e1e4431f187276d71f132349411302a546cdeae54?s=96&d=mm&r=g","caption":"tarihkursu"},"url":"https:\/\/tarihkursu.com\/index.php\/author\/tarihkursu\/"}]}},"_links":{"self":[{"href":"https:\/\/tarihkursu.com\/index.php\/wp-json\/wp\/v2\/posts\/2881","targetHints":{"allow":["GET"]}}],"collection":[{"href":"https:\/\/tarihkursu.com\/index.php\/wp-json\/wp\/v2\/posts"}],"about":[{"href":"https:\/\/tarihkursu.com\/index.php\/wp-json\/wp\/v2\/types\/post"}],"author":[{"embeddable":true,"href":"https:\/\/tarihkursu.com\/index.php\/wp-json\/wp\/v2\/users\/2"}],"replies":[{"embeddable":true,"href":"https:\/\/tarihkursu.com\/index.php\/wp-json\/wp\/v2\/comments?post=2881"}],"version-history":[{"count":1,"href":"https:\/\/tarihkursu.com\/index.php\/wp-json\/wp\/v2\/posts\/2881\/revisions"}],"predecessor-version":[{"id":2882,"href":"https:\/\/tarihkursu.com\/index.php\/wp-json\/wp\/v2\/posts\/2881\/revisions\/2882"}],"wp:featuredmedia":[{"embeddable":true,"href":"https:\/\/tarihkursu.com\/index.php\/wp-json\/wp\/v2\/media\/2875"}],"wp:attachment":[{"href":"https:\/\/tarihkursu.com\/index.php\/wp-json\/wp\/v2\/media?parent=2881"}],"wp:term":[{"taxonomy":"category","embeddable":true,"href":"https:\/\/tarihkursu.com\/index.php\/wp-json\/wp\/v2\/categories?post=2881"},{"taxonomy":"post_tag","embeddable":true,"href":"https:\/\/tarihkursu.com\/index.php\/wp-json\/wp\/v2\/tags?post=2881"}],"curies":[{"name":"wp","href":"https:\/\/api.w.org\/{rel}","templated":true}]}}