{"id":2883,"date":"2026-05-03T10:31:00","date_gmt":"2026-05-03T07:31:00","guid":{"rendered":"https:\/\/tarihkursu.com\/?p=2883"},"modified":"2025-09-29T10:40:10","modified_gmt":"2025-09-29T07:40:10","slug":"demokrasi-ve-insan-haklari-5-tema-baris-ve-uzlasma-ders-notlari","status":"publish","type":"post","link":"https:\/\/tarihkursu.com\/index.php\/2026\/05\/03\/demokrasi-ve-insan-haklari-5-tema-baris-ve-uzlasma-ders-notlari\/","title":{"rendered":"Demokrasi ve \u0130nsan Haklar\u0131 5. Tema: Bar\u0131\u015f ve Uzla\u015fma Ders Notlar\u0131"},"content":{"rendered":"\n<p><strong>Demokrasi ve \u0130nsan Haklar\u0131 Dersi\u00a0<\/strong>9. 10. 11. ve 12. s\u0131n\u0131flarda se\u00e7meli olarak okutulan bir derstir. Bu sayfada payla\u015ft\u0131\u011f\u0131m\u0131z\u00a0<strong>Demokrasi ve \u0130nsan Haklar\u0131 Dersi ders notlar\u0131 sayesinde<\/strong>\u00a0s\u0131navda kar\u015f\u0131la\u015fabilece\u011finiz t\u00fcm konulara hakim olacaks\u0131n\u0131z. Bu \u00f6zet ders notlar\u0131\u00a0<strong>Milli E\u011fitim Bakanl\u0131\u011f\u0131 m\u00fcfredat\u0131na<\/strong>\u00a0uygun olarak haz\u0131rland\u0131. Bu ders notlar\u0131 sayesinde\u00a0<strong>Se\u00e7meli Demokrasi ve \u0130nsan Haklar\u0131 Dersi yaz\u0131l\u0131s\u0131<\/strong>ndan 100 alacaks\u0131n\u0131z.\u00a0<strong>Demokrasi ve \u0130nsan Haklar\u0131\u00a05. Tema: Bar\u0131\u015f ve Uzla\u015fma Ders Notu<\/strong>\u00a0<strong>MEB ders kitaplar\u0131<\/strong>\u00a0ile uyumludur.<\/p>\n\n\n\n<p>S\u0131n\u0131f:&nbsp;<strong>Se\u00e7meli tarih<\/strong><\/p>\n\n\n\n<p>Ders:&nbsp;<strong>Demokrasi ve \u0130nsan Haklar\u0131<\/strong><\/p>\n\n\n\n<p>\u00dcnite:\u00a0<strong>5. \u00fcnite: Bar\u0131\u015f ve Uzla\u015fma<\/strong><\/p>\n\n\n\n<p>\u0130lgili yaz\u0131l\u0131:<strong>\u00a0Demokrasi ve \u0130nsan Haklar\u0131<\/strong>\u00a0<strong>2. d\u00f6nem 2. yaz\u0131l\u0131<\/strong><\/p>\n\n\n\n<p><\/p>\n\n\n\n<h2 class=\"wp-block-heading\">5. Tema: Bar\u0131\u015f ve Uzla\u015fma<\/h2>\n\n\n\n<p><strong>Demokrasi ve \u0130nsan Haklar\u0131<\/strong><\/p>\n\n\n\n<p><strong>Bireysel ve Toplumsal Bar\u0131\u015f<\/strong><\/p>\n\n\n\n<p>Bu tema, bireysel bar\u0131\u015ftan toplumsal bar\u0131\u015fa do\u011fru bir yolculu\u011fu ve uzla\u015fman\u0131n \u00f6nemini ele al\u0131yor. Kendimizle bar\u0131\u015f\u0131k olmak, hem kendi i\u00e7 huzurumuzu sa\u011flamak hem de toplumla olan ili\u015fkilerimizi olumlu etkilemek i\u00e7in \u00e7ok \u00f6nemlidir. Bu nedenle, hem bireysel hem de toplumsal huzur i\u00e7in \u00f6nce kendimizle bar\u0131\u015f\u0131k olmay\u0131 \u00f6\u011frenmeliyiz.<\/p>\n\n\n\n<p><strong>Kendisiyle Bar\u0131\u015f\u0131k Olmak Ne Demek?<\/strong><\/p>\n\n\n\n<p>Kendisiyle dost olan bir ki\u015fi, kusurlu olmaktan incinmez. Ba\u015fkalar\u0131yla oldu\u011fu gibi, kendiyle de ili\u015fkisinde kendini oldu\u011fu gibi kabul eder. Kendini tan\u0131yan ve ayn\u0131 zamanda kendini seven biri olabilir. Kendiyle alay edebilir ve kendini ele\u015ftirebilir. Hatalar\u0131n\u0131 ve zay\u0131fl\u0131klar\u0131n\u0131 a\u00e7\u0131k\u00e7a g\u00f6r\u00fcr ve t\u0131pk\u0131 iyi dostlar gibi kendine &#8220;ger\u00e7e\u011fi s\u00f6yler&#8221;. Antik Yunan&#8217;daki Delfi Tap\u0131na\u011f\u0131&#8217;n\u0131n giri\u015finde yazan &#8220;Kendini tan\u0131!&#8221; ifadesi de, kendini tan\u0131man\u0131n \u00f6nemini g\u00f6sterir. Kendini iyi ve k\u00f6t\u00fc y\u00f6nleriyle objektif olarak de\u011ferlendirip sevebilen birey, i\u00e7 bar\u0131\u015f\u0131 ve huzuru yakalar.<\/p>\n\n\n\n<p><strong>Kendisiyle Bar\u0131\u015f\u0131k Bireylerin \u00d6zellikleri<\/strong><\/p>\n\n\n\n<ul class=\"wp-block-list\">\n<li>Kendini sevmek<\/li>\n\n\n\n<li>\u00d6zg\u00fcven ve \u00f6zsayg\u0131 sahibi olmak<\/li>\n\n\n\n<li>Sorumluluk alabilmek<\/li>\n\n\n\n<li>Kolay ileti\u015fim kurabilmek<\/li>\n\n\n\n<li>Ele\u015ftiriye a\u00e7\u0131k olmak<\/li>\n\n\n\n<li>Ba\u011f\u0131ms\u0131z olmak<\/li>\n\n\n\n<li>Uzla\u015fmac\u0131 olmak<\/li>\n\n\n\n<li>Payla\u015f\u0131mc\u0131 olmak<\/li>\n\n\n\n<li>Dengeli ve kontroll\u00fc olmak<\/li>\n<\/ul>\n\n\n\n<p>Bu bireyler, bu \u00f6zellikleriyle toplumsal uyuma b\u00fcy\u00fck katk\u0131 sa\u011flarlar. Ayr\u0131ca, i\u00e7inde bulunduklar\u0131 toplumla ve do\u011fayla da bar\u0131\u015f\u0131kt\u0131rlar.<\/p>\n\n\n\n<p><strong>Bar\u0131\u015f ve Uzla\u015fma Tan\u0131mlar\u0131<\/strong><\/p>\n\n\n\n<ul class=\"wp-block-list\">\n<li><strong>Bar\u0131\u015f:<\/strong> Uyum, kar\u015f\u0131l\u0131kl\u0131 anlay\u0131\u015f ve ho\u015fg\u00f6r\u00fc ile olu\u015fturulan ortamd\u0131r.<\/li>\n\n\n\n<li><strong>Uzla\u015fma:<\/strong> Aralar\u0131ndaki d\u00fc\u015f\u00fcnce veya \u00e7\u0131kar ayr\u0131l\u0131\u011f\u0131n\u0131, kar\u015f\u0131l\u0131kl\u0131 tavizler vererek gidermek, anla\u015fmak ve mutab\u0131k kalmakt\u0131r.<\/li>\n<\/ul>\n\n\n\n<p><strong>Bencil \u0130nsanlar ve Toplumsal Bar\u0131\u015f<\/strong><\/p>\n\n\n\n<p>\u00dcnl\u00fc d\u00fc\u015f\u00fcn\u00fcr Erich Fromm&#8217;a g\u00f6re, bencil bir insan sadece kendiyle ilgilenir. Her \u015feyin kendisinin olmas\u0131n\u0131 ister ve vermekten zevk duymaz. Ba\u015fkalar\u0131n\u0131n ihtiya\u00e7lar\u0131na ilgi duymaz ve onlara sayg\u0131 g\u00f6stermez. Sevme yetene\u011finden yoksundur. Bencil insanlar, toplumda uyum ve bar\u0131\u015f\u0131 zorla\u015ft\u0131rabilirler.<\/p>\n\n\n\n<p><strong>\u0130nsan: Toplumsal Bir Varl\u0131k<\/strong><\/p>\n\n\n\n<p>\u0130nsan, do\u011fas\u0131 gere\u011fi yaln\u0131z ya\u015fayamaz. Toplumsal bir varl\u0131kt\u0131r. Di\u011fer insanlarla ileti\u015fim kurma, yard\u0131mla\u015fma ve dayan\u0131\u015fma ihtiyac\u0131 duyar. \u0130nsan, d\u0131\u015f d\u00fcnya ile kurdu\u011fu kar\u015f\u0131l\u0131kl\u0131 sevgi ve dayan\u0131\u015fmaya dayal\u0131 ili\u015fki sayesinde mutlu olur.<\/p>\n\n\n\n<p><strong>\u0130\u00e7sel Bar\u0131\u015f\u0131n Toplumsal Bar\u0131\u015fa Etkisi<\/strong><\/p>\n\n\n\n<p>Kendisiyle bar\u0131\u015f\u0131k olmak, yani i\u00e7sel bar\u0131\u015fa sahip olmak, toplumsal bar\u0131\u015f i\u00e7in \u00e7ok \u00f6nemlidir. \u00c7\u00fcnk\u00fc toplumsal bar\u0131\u015f bireyle ba\u015flar. Kendisiyle bar\u0131\u015f\u0131k bireyler, uzla\u015fmac\u0131 yakla\u015f\u0131mlar\u0131 sayesinde sorunlar\u0131n \u00e7at\u0131\u015fmaya d\u00f6n\u00fc\u015fmeden \u00e7\u00f6z\u00fclmesini sa\u011flarlar ve bar\u0131\u015f k\u00fclt\u00fcr\u00fcn\u00fcn olu\u015fmas\u0131na katk\u0131da bulunurlar.<\/p>\n\n\n\n<p><strong>\u00c7at\u0131\u015fma Nedir?<\/strong><\/p>\n\n\n\n<p>Farkl\u0131 bak\u0131\u015f a\u00e7\u0131lar\u0131, toplumda farkl\u0131 d\u00fc\u015f\u00fcncelerin ortaya \u00e7\u0131kmas\u0131na neden olur. Bu d\u00fc\u015f\u00fcnce farkl\u0131l\u0131klar\u0131 bazen anla\u015fmazl\u0131klara ve \u00e7at\u0131\u015fmalara yol a\u00e7abilir. \u00c7at\u0131\u015fma, iki veya daha fazla birey aras\u0131nda \u00e7e\u015fitli nedenlerden kaynaklanan anla\u015fmazl\u0131k olarak tan\u0131mlan\u0131r. \u00c7at\u0131\u015fma olumsuz gibi alg\u0131lansa da, iyi y\u00f6netilirse yeni d\u00fc\u015f\u00fcnceler veya bulu\u015flar ortaya \u00e7\u0131kabilir.<\/p>\n\n\n\n<p><strong>\u00c7at\u0131\u015fma Nas\u0131l \u00c7\u00f6z\u00fcl\u00fcr?<\/strong><\/p>\n\n\n\n<p>Sorunlar\u0131n \u00e7\u00f6z\u00fcm\u00fcne ili\u015fkin g\u00f6r\u00fc\u015f ayr\u0131l\u0131klar\u0131 ya\u015fand\u0131\u011f\u0131nda, taraflar \u00f6ncelikle konu\u015fma, nazik\u00e7e uyarma veya kamuoyu olu\u015fturma gibi etik y\u00f6ntemleri kullanmal\u0131d\u0131r. Kamuoyu, bir konuyla ilgili halk\u0131n genel d\u00fc\u015f\u00fcncesidir. Bu y\u00f6ntemlerin sonu\u00e7 vermedi\u011fi durumlarda \u015fiddete ba\u015fvurmadan hukuki yollar kullan\u0131lmal\u0131d\u0131r. \u00c7at\u0131\u015fma \u00e7\u00f6zme, ya\u015fanan anla\u015fmazl\u0131\u011f\u0131 bitirmek i\u00e7in taraflar\u0131n \u00e7\u00f6z\u00fcm bulma \u00e7abas\u0131d\u0131r.<\/p>\n\n\n\n<p><strong>\u00c7at\u0131\u015fma \u00c7\u00f6zmede \u0130leti\u015fim Dili<\/strong><\/p>\n\n\n\n<p>\u00c7at\u0131\u015fma \u00e7\u00f6zme s\u00fcrecinin en \u00f6nemli k\u0131sm\u0131 kullan\u0131lan dildir.<\/p>\n\n\n\n<ul class=\"wp-block-list\">\n<li><strong>&#8220;Ben dili&#8221;:<\/strong> (&#8220;Bu davran\u0131\u015f\u0131n kar\u015f\u0131s\u0131nda \u00fcz\u00fcld\u00fcm.&#8221;) Savunmaya itmez, su\u00e7luluk hissettirmez ve yak\u0131nla\u015fmay\u0131 sa\u011flar.<\/li>\n\n\n\n<li><strong>&#8220;Sen dili&#8221;:<\/strong> (&#8220;Hatal\u0131s\u0131n.&#8221;) Ele\u015ftiri ve su\u00e7lamaya dayan\u0131r, anla\u015fmazl\u0131klar\u0131 derinle\u015ftirir.<\/li>\n<\/ul>\n\n\n\n<p>&#8220;Sen dili&#8221; yerine &#8220;Ben dili&#8221; kullanmak daha yap\u0131c\u0131 sonu\u00e7lar do\u011furur.<\/p>\n\n\n\n<p><strong>\u00c7at\u0131\u015fma \u00c7\u00f6zme Y\u00f6ntemleri<\/strong><\/p>\n\n\n\n<p>\u00c7at\u0131\u015fman\u0131n iyi y\u00f6netilmesini sa\u011flayan y\u00f6ntemler \u015funlard\u0131r:<\/p>\n\n\n\n<ul class=\"wp-block-list\">\n<li>Empati kurma<\/li>\n\n\n\n<li>Uygun dil kullanma (Ben dili)<\/li>\n\n\n\n<li>Etkili dinleme<\/li>\n\n\n\n<li>Ki\u015filere kendilerini yeniden ifade etme f\u0131rsat\u0131 verme<\/li>\n<\/ul>\n\n\n\n<p>Bu y\u00f6ntemler i\u015fe yaramazsa, ara buluculuk veya hukuk yolu kullan\u0131labilir. Ara buluculukta, taraflar\u0131n g\u00fcvendi\u011fi, tarafs\u0131z \u00fc\u00e7\u00fcnc\u00fc bir ki\u015fi devreye girer.<\/p>\n\n\n\n<p><strong>\u0130yi Y\u00f6netilen \u00c7at\u0131\u015fman\u0131n Faydalar\u0131<\/strong><\/p>\n\n\n\n<p>\u0130yi y\u00f6netilen \u00e7at\u0131\u015fmalar\u0131n olumlu sonu\u00e7lar\u0131 vard\u0131r:<\/p>\n\n\n\n<ul class=\"wp-block-list\">\n<li>Duygular\u0131 rahatlat\u0131r.<\/li>\n\n\n\n<li>Karar verme s\u00fcrecini iyile\u015ftirir.<\/li>\n\n\n\n<li>Temel meseleleri ortaya \u00e7\u0131kar\u0131r.<\/li>\n\n\n\n<li>Ele\u015ftirel d\u00fc\u015f\u00fcnceyi geli\u015ftirir.<\/li>\n\n\n\n<li>Yenilik\u00e7i fikirlerin do\u011fmas\u0131n\u0131 sa\u011flar.<\/li>\n<\/ul>\n\n\n\n<p><strong>\u00c7at\u0131\u015fma \u00c7\u00f6zme Stratejileri (Hayvan Metaforlar\u0131)<\/strong><\/p>\n\n\n\n<ul class=\"wp-block-list\">\n<li><strong>Ay\u0131c\u0131k (Uyma):<\/strong> Kendi isteklerini \u00f6nemsemez, ba\u015fkalar\u0131n\u0131 \u00f6nemser. \u00c7at\u0131\u015fmadan ka\u00e7\u0131n\u0131r.<\/li>\n\n\n\n<li><strong>Kaplumba\u011fa (Ka\u00e7\u0131nma):<\/strong> Sorunlar\u0131 \u00e7\u00f6zmek yerine \u00e7at\u0131\u015fmadan ka\u00e7ar.<\/li>\n\n\n\n<li><strong>K\u00f6pekbal\u0131\u011f\u0131 (Rekabete Girme):<\/strong> Sadece kendi ihtiya\u00e7lar\u0131na odaklan\u0131r. Kendi \u00e7\u00f6z\u00fcm\u00fcn\u00fc zorla kabul ettirir.<\/li>\n\n\n\n<li><strong>Tilki (Uzla\u015fma):<\/strong> Hem ama\u00e7lar\u0131na ula\u015fmaya hem de ili\u015fkilere \u00f6nem verir. Kar\u015f\u0131l\u0131kl\u0131 tavizlerle uzla\u015f\u0131r.<\/li>\n\n\n\n<li><strong>Bayku\u015f (Y\u00fczle\u015fme):<\/strong> Her iki taraf\u0131n da ihtiya\u00e7lar\u0131na \u00f6nem verir ve birlikte \u00e7\u00f6z\u00fcm arar. &#8220;Kazan-kazan&#8221; yakla\u015f\u0131m\u0131n\u0131 benimser.<\/li>\n<\/ul>\n\n\n\n<p><strong>\u015eiddete Kar\u015f\u0131 Bar\u0131\u015f\u00e7\u0131l Yakla\u015f\u0131mlar<\/strong><\/p>\n\n\n\n<p>\u015eiddet, toplumsal yap\u0131y\u0131 ve bar\u0131\u015f\u0131 bozan en \u00f6nemli etkenlerden biridir. Sertlik, kaba kuvvet kullanma olarak tan\u0131mlan\u0131r. \u015eiddet; cana, mala, bedensel b\u00fct\u00fcnl\u00fc\u011fe ve bireyin \u00f6zg\u00fcrl\u00fc\u011f\u00fcne tehdit olu\u015fturur. \u015eiddeti \u00f6nlemek ve bar\u0131\u015f\u00e7\u0131l davran\u0131\u015f\u0131 ilke edinmek toplumsal bar\u0131\u015f i\u00e7in temel \u00f6nceliktir.<\/p>\n\n\n\n<p><strong>\u015eiddet Kar\u015f\u0131t\u0131 Direni\u015fin Sembol\u00fc: Gandhi<\/strong><\/p>\n\n\n\n<p>\u015eiddet d\u0131\u015f\u0131 direni\u015fin simge ismi Mahatma Gandhi&#8217;dir. Hindistan Ba\u011f\u0131ms\u0131zl\u0131k Hareketi&#8217;nin lideridir. Protesto, grev, oturma eylemleri ve &#8220;Tuz Y\u00fcr\u00fcy\u00fc\u015f\u00fc&#8221; gibi y\u00f6ntemlerle Hint halk\u0131n\u0131 \u0130ngiliz y\u00f6netimine kar\u015f\u0131 \u00f6rg\u00fctlemi\u015ftir. \u015eiddet kullanmadan \u00e7\u00f6z\u00fcme ula\u015fan Gandhi, t\u00fcm d\u00fcnyada insan haklar\u0131 ve \u00f6zg\u00fcrl\u00fck savunucular\u0131na ilham olmu\u015ftur. 2 Ekim, &#8220;D\u00fcnya \u015eiddetsizlik G\u00fcn\u00fc&#8221; olarak kutlanmaktad\u0131r.<\/p>\n\n\n\n<p><strong>Toplumsal \u015eiddet T\u00fcrleri ve Etkileri<\/strong><\/p>\n\n\n\n<ul class=\"wp-block-list\">\n<li><strong>Kad\u0131na y\u00f6nelik \u015fiddet:<\/strong> Kad\u0131n\u0131n insan haklar\u0131 ihlalidir. \u015eiddete u\u011frayan kad\u0131nlar \u00f6zsayg\u0131lar\u0131n\u0131 yitirebilir, korku i\u00e7inde ya\u015fayabilirler.<\/li>\n\n\n\n<li><strong>\u00c7ocu\u011fa y\u00f6nelik \u015fiddet:<\/strong> \u00c7ocu\u011fun geli\u015fiminde y\u0131k\u0131c\u0131 etkiler yaratan her t\u00fcrl\u00fc tutum ve davran\u0131\u015ft\u0131r.<\/li>\n\n\n\n<li><strong>Akran zorbal\u0131\u011f\u0131:<\/strong> Okulda g\u00f6r\u00fclen \u015fiddet t\u00fcr\u00fcd\u00fcr. Bir grubun veya bireyin di\u011ferine kar\u015f\u0131 g\u00fcc\u00fcn\u00fc sistematik olarak k\u00f6t\u00fcye kullanmas\u0131d\u0131r.<\/li>\n\n\n\n<li><strong>Siber zorbal\u0131k:<\/strong> Bilgi teknolojilerini kullanarak bir ki\u015fi veya kuruma zarar verme davran\u0131\u015f\u0131d\u0131r. Depresyon, \u00f6zsayg\u0131 kayb\u0131 gibi olumsuz duygulara neden olabilir.<\/li>\n\n\n\n<li><strong>Mobbing (i\u015f yerinde psikolojik bask\u0131):<\/strong> \u0130\u015f yerinde belirli ki\u015fileri hedef alan, sistematik duygusal sald\u0131r\u0131 ve y\u0131pratma hareketidir.<\/li>\n<\/ul>\n\n\n\n<p><strong>Siber Zorbal\u0131\u011fa Kar\u015f\u0131 Ne Yap\u0131labilir?<\/strong><\/p>\n\n\n\n<ul class=\"wp-block-list\">\n<li>Sakin olun ve asla kar\u015f\u0131l\u0131k vermeyin.<\/li>\n\n\n\n<li>Kan\u0131tlar\u0131 saklay\u0131n (ekran g\u00f6r\u00fcnt\u00fcs\u00fc, mesaj vb.).<\/li>\n\n\n\n<li>Zorbal\u0131k yapan ki\u015fiyi engelleyin ve platforma bildirin.<\/li>\n\n\n\n<li>G\u00fcvendi\u011finiz bir yeti\u015fkinle hemen konu\u015fun.<\/li>\n<\/ul>\n\n\n\n<p><strong>Fanatizm, Holiganl\u0131k ve Ter\u00f6r<\/strong><\/p>\n\n\n\n<ul class=\"wp-block-list\">\n<li><strong>Fanatizm:<\/strong> Bir g\u00f6r\u00fc\u015fe sorgusuz ve ele\u015ftirisiz tam ba\u011fl\u0131l\u0131kt\u0131r.<\/li>\n\n\n\n<li><strong>Holigan:<\/strong> \u00d6zellikle futbolda fanatizmi besleyen, a\u015f\u0131r\u0131 davran\u0131\u015flarda bulunan taraftard\u0131r.<\/li>\n\n\n\n<li><strong>Ter\u00f6r:<\/strong> Kamu otoritesini veya toplum yap\u0131s\u0131n\u0131 y\u0131kmak i\u00e7in giri\u015filen, korku ve y\u0131lg\u0131nl\u0131k sa\u00e7an \u015fiddet hareketleridir.<\/li>\n<\/ul>\n\n\n\n<p>\u015eiddetin her t\u00fcr\u00fc, bireysel ve toplumsal geli\u015fime, toplumun birlik ve bar\u0131\u015f i\u00e7inde ya\u015famas\u0131na engel olur.<\/p>\n\n\n\n<p><strong>T\u00fcrkiye&#8217;nin D\u00fcnya Bar\u0131\u015f\u0131na Katk\u0131lar\u0131<\/strong><\/p>\n\n\n\n<p>T\u00fcrkiye Cumhuriyeti, Mustafa Kemal Atat\u00fcrk&#8217;\u00fcn &#8220;Yurtta bar\u0131\u015f, d\u00fcnyada bar\u0131\u015f&#8221; ilkesine dayal\u0131 bar\u0131\u015f\u00e7\u0131 d\u0131\u015f politikay\u0131 benimsemi\u015ftir. Atat\u00fcrk, sava\u015f\u0131n ancak milletin hayat\u0131 tehlikedeyse mecburi oldu\u011funu, yoksa sava\u015f\u0131n bir cinayet oldu\u011funu belirtmi\u015ftir. T\u00fcrkiye&#8217;nin bar\u0131\u015f\u00e7\u0131 \u00e7abalar\u0131, 1932&#8217;de Milletler Cemiyeti&#8217;ne \u00fcye olmas\u0131n\u0131 sa\u011flam\u0131\u015ft\u0131r.<\/p>\n\n\n\n<p><strong>T\u00fcrkiye&#8217;nin Bar\u0131\u015f Misyonlar\u0131 ve Giri\u015fimleri<\/strong><\/p>\n\n\n\n<p>T\u00fcrkiye, II. D\u00fcnya Sava\u015f\u0131 sonras\u0131 kurulan Birle\u015fmi\u015f Milletler (BM) i\u00e7inde aktif g\u00f6revler \u00fcstlenmi\u015ftir. 1950&#8217;de Kore Sava\u015f\u0131&#8217;nda BM Bar\u0131\u015f G\u00fcc\u00fc&#8217;ne asker g\u00f6ndermi\u015ftir. NATO \u00fcyesi olarak d\u00fcnya bar\u0131\u015f\u0131 i\u00e7in g\u00f6revler \u00fcstlenmi\u015f, AG\u0130T b\u00fcnyesinde bar\u0131\u015f \u00e7abalar\u0131nda rol oynam\u0131\u015ft\u0131r. Bosna ve Arnavutluk gibi b\u00f6lgelerde bar\u0131\u015f\u0131n sa\u011flanmas\u0131 i\u00e7in \u00e7aba harcam\u0131\u015ft\u0131r.<\/p>\n\n\n\n<p><strong>T\u00fcrkiye&#8217;nin Ara Buluculuk Rol\u00fc<\/strong><\/p>\n\n\n\n<p>T\u00fcrkiye, BM ve NATO b\u00fcnyesindeki bar\u0131\u015f ve g\u00fcvenlik \u00e7al\u0131\u015fmalar\u0131na tam destek verir. T\u00fcrk Silahl\u0131 Kuvvetleri, bir\u00e7ok \u00fclkede bar\u0131\u015f\u0131 koruma g\u00f6revleri \u00fcstlenir. 2008&#8217;de \u0130srail-Suriye g\u00f6r\u00fc\u015fmelerinde, 2010&#8217;da \u0130ran&#8217;\u0131n n\u00fckleer program\u0131 anla\u015fmas\u0131nda ve 2022&#8217;de Rusya-Ukrayna sava\u015f\u0131nda ara buluculuk yapm\u0131\u015ft\u0131r.<\/p>\n\n\n\n<p><strong>D\u00fcnya Bar\u0131\u015f\u0131 \u0130\u00e7in Uluslararas\u0131 Kurulu\u015flar<\/strong><\/p>\n\n\n\n<p>I. ve II. D\u00fcnya Sava\u015flar\u0131 sonras\u0131, yeni sava\u015flar\u0131 \u00f6nlemek i\u00e7in uluslararas\u0131 kurulu\u015flar kurulmu\u015ftur. Bu kurulu\u015flar, bar\u0131\u015f ve g\u00fcven ortam\u0131 sa\u011flamay\u0131 ama\u00e7lar. \u00d6nemli kurulu\u015flar: BM, A\u0130HM, AG\u0130T, AB, \u0130slam \u0130\u015fbirli\u011fi Te\u015fkilat\u0131 (\u0130\u0130T).<\/p>\n\n\n\n<p>BM&#8217;nin Ama\u00e7lar\u0131<\/p>\n\n\n\n<p>(24 Ekim 1945&#8217;te kuruldu.)<\/p>\n\n\n\n<ul class=\"wp-block-list\">\n<li>\u00dclkeler aras\u0131ndaki anla\u015fmazl\u0131klar\u0131 \u00e7\u00f6zerek sava\u015flar\u0131 \u00f6nlemek.<\/li>\n\n\n\n<li>Bar\u0131\u015fa y\u00f6nelik tehditleri \u00f6nlemek.<\/li>\n\n\n\n<li>\u00dclkeler aras\u0131nda bar\u0131\u015f\u00e7\u0131l ili\u015fkiler kurmak.<\/li>\n\n\n\n<li>Uluslararas\u0131 bar\u0131\u015f ve g\u00fcvenli\u011fi sa\u011flamak.<\/li>\n<\/ul>\n\n\n\n<p>AB&#8217;nin Ama\u00e7lar\u0131<\/p>\n\n\n\n<p>(II. D\u00fcnya Sava\u015f\u0131 sonras\u0131 kuruldu.)<\/p>\n\n\n\n<ul class=\"wp-block-list\">\n<li>H\u0131zl\u0131 bir ekonomik kalk\u0131nma sa\u011flamak.<\/li>\n\n\n\n<li>Avrupa \u00fclkelerinin ekonomik g\u00fc\u00e7lerini birle\u015ftirmek.<\/li>\n\n\n\n<li>G\u00fc\u00e7l\u00fc bir Avrupa pazar\u0131 olu\u015fturmak.<\/li>\n<\/ul>\n\n\n\n<p>AG\u0130T&#8217;in Ama\u00e7lar\u0131<\/p>\n\n\n\n<p>(1994&#8217;te te\u015fkilat oldu.)<\/p>\n\n\n\n<ul class=\"wp-block-list\">\n<li>G\u00fcvenlik alan\u0131nda ilke ve standartlar geli\u015ftirmek.<\/li>\n\n\n\n<li>M\u00fczakere ve siyasi diyalog ortam\u0131 sa\u011flamak.<\/li>\n\n\n\n<li>\u00dcye devletlerin demokratikle\u015fme ve insan haklar\u0131 \u00e7abalar\u0131n\u0131 desteklemek.<\/li>\n<\/ul>\n\n\n\n<p>A\u0130HM&#8217;in Ama\u00e7lar\u0131<\/p>\n\n\n\n<p>(1959&#8217;da kuruldu.)<\/p>\n\n\n\n<ul class=\"wp-block-list\">\n<li>Uluslararas\u0131 bar\u0131\u015f ortam\u0131n\u0131 sa\u011flamak.<\/li>\n\n\n\n<li>\u0130nsan haklar\u0131 ve hukukun \u00fcst\u00fcnl\u00fc\u011f\u00fc ilkelerini korumak ve g\u00fc\u00e7lendirmek.<\/li>\n<\/ul>\n\n\n\n<p>\u0130\u0130T&#8217;nin Ama\u00e7lar\u0131<\/p>\n\n\n\n<p>(25 Eyl\u00fcl 1969&#8217;da kuruldu.)<\/p>\n\n\n\n<ul class=\"wp-block-list\">\n<li>\u00dcye \u00fclkeler aras\u0131nda karde\u015flik ve dayan\u0131\u015fmay\u0131 geli\u015ftirmek.<\/li>\n\n\n\n<li>\u00dcye \u00fclkelerin ortak \u00e7\u0131karlar\u0131n\u0131 korumak.<\/li>\n\n\n\n<li>\u0130slam \u00fclkeleri aras\u0131nda ekonomik ve ticari i\u015f birli\u011fini g\u00fc\u00e7lendirmek.<\/li>\n\n\n\n<li>\u0130slamofobi ile m\u00fccadele etmek.<\/li>\n<\/ul>\n","protected":false},"excerpt":{"rendered":"<div class=\"mh-excerpt\"><p>Demokrasi ve \u0130nsan Haklar\u0131 Dersi\u00a09. 10. 11. ve 12. s\u0131n\u0131flarda se\u00e7meli olarak okutulan bir derstir. Bu sayfada payla\u015ft\u0131\u011f\u0131m\u0131z\u00a0Demokrasi ve \u0130nsan Haklar\u0131 Dersi ders notlar\u0131 sayesinde\u00a0s\u0131navda <a class=\"mh-excerpt-more\" href=\"https:\/\/tarihkursu.com\/index.php\/2026\/05\/03\/demokrasi-ve-insan-haklari-5-tema-baris-ve-uzlasma-ders-notlari\/\" title=\"Demokrasi ve \u0130nsan Haklar\u0131 5. Tema: Bar\u0131\u015f ve Uzla\u015fma Ders Notlar\u0131\">[&#8230;]<\/a><\/p>\n<\/div>","protected":false},"author":2,"featured_media":2875,"comment_status":"open","ping_status":"open","sticky":false,"template":"","format":"standard","meta":{"_regular_price":[],"currency_symbol":[],"footnotes":""},"categories":[197],"tags":[198,291,99],"class_list":["post-2883","post","type-post","status-publish","format-standard","has-post-thumbnail","hentry","category-demokrasi-ve-insan-haklari","tag-demokrasi-ve-insan-haklari","tag-demokrasi-ve-insan-haklari-ders-notu","tag-ders-notlari"],"post_slider_layout_featured_media_urls":{"thumbnail":["https:\/\/tarihkursu.com\/wp-content\/uploads\/2025\/09\/Pink-Gradient-Concept-Map-Chart-150x150.png",150,150,true],"post_slider_layout_landscape_large":["https:\/\/tarihkursu.com\/wp-content\/uploads\/2025\/09\/Pink-Gradient-Concept-Map-Chart-1200x800.png",1200,800,true],"post_slider_layout_portrait_large":["https:\/\/tarihkursu.com\/wp-content\/uploads\/2025\/09\/Pink-Gradient-Concept-Map-Chart-1200x1080.png",1200,1080,true],"post_slider_layout_square_large":["https:\/\/tarihkursu.com\/wp-content\/uploads\/2025\/09\/Pink-Gradient-Concept-Map-Chart-1200x1080.png",1200,1080,true],"post_slider_layout_landscape":["https:\/\/tarihkursu.com\/wp-content\/uploads\/2025\/09\/Pink-Gradient-Concept-Map-Chart-600x400.png",600,400,true],"post_slider_layout_portrait":["https:\/\/tarihkursu.com\/wp-content\/uploads\/2025\/09\/Pink-Gradient-Concept-Map-Chart-600x900.png",600,900,true],"post_slider_layout_square":["https:\/\/tarihkursu.com\/wp-content\/uploads\/2025\/09\/Pink-Gradient-Concept-Map-Chart-600x600.png",600,600,true],"full":["https:\/\/tarihkursu.com\/wp-content\/uploads\/2025\/09\/Pink-Gradient-Concept-Map-Chart.png",1920,1080,false]},"yoast_head":"<!-- This site is optimized with the Yoast SEO plugin v27.5 - https:\/\/yoast.com\/product\/yoast-seo-wordpress\/ -->\n<title>Demokrasi ve \u0130nsan Haklar\u0131 5. Tema: Bar\u0131\u015f ve Uzla\u015fma Ders Notlar\u0131 - tarihkursu.com<\/title>\n<meta name=\"description\" content=\"Se\u00e7meli Demokrasi ve \u0130nsan Haklar\u0131\u00a0Dersi 5. Tema: Bar\u0131\u015f ve Uzla\u015fma Ders Notu\u00a0MEB ders kitaplar\u0131\u00a0ile uyumludur.\" \/>\n<meta name=\"robots\" content=\"index, follow, max-snippet:-1, max-image-preview:large, max-video-preview:-1\" \/>\n<link rel=\"canonical\" href=\"https:\/\/tarihkursu.com\/index.php\/2026\/05\/03\/demokrasi-ve-insan-haklari-5-tema-baris-ve-uzlasma-ders-notlari\/\" \/>\n<meta property=\"og:locale\" content=\"tr_TR\" \/>\n<meta property=\"og:type\" content=\"article\" \/>\n<meta property=\"og:title\" content=\"Demokrasi ve \u0130nsan Haklar\u0131 5. Tema: Bar\u0131\u015f ve Uzla\u015fma Ders Notlar\u0131 - tarihkursu.com\" \/>\n<meta property=\"og:description\" content=\"Se\u00e7meli Demokrasi ve \u0130nsan Haklar\u0131\u00a0Dersi 5. Tema: Bar\u0131\u015f ve Uzla\u015fma Ders Notu\u00a0MEB ders kitaplar\u0131\u00a0ile uyumludur.\" \/>\n<meta property=\"og:url\" content=\"https:\/\/tarihkursu.com\/index.php\/2026\/05\/03\/demokrasi-ve-insan-haklari-5-tema-baris-ve-uzlasma-ders-notlari\/\" \/>\n<meta property=\"og:site_name\" content=\"tarihkursu.com\" \/>\n<meta property=\"article:published_time\" content=\"2026-05-03T07:31:00+00:00\" \/>\n<meta property=\"og:image\" content=\"https:\/\/tarihkursu.com\/wp-content\/uploads\/2025\/09\/Pink-Gradient-Concept-Map-Chart.png\" \/>\n\t<meta property=\"og:image:width\" content=\"1920\" \/>\n\t<meta property=\"og:image:height\" content=\"1080\" \/>\n\t<meta property=\"og:image:type\" content=\"image\/png\" \/>\n<meta name=\"author\" content=\"tarihkursu\" \/>\n<meta name=\"twitter:card\" content=\"summary_large_image\" \/>\n<meta name=\"twitter:label1\" content=\"Yazan:\" \/>\n\t<meta name=\"twitter:data1\" content=\"tarihkursu\" \/>\n\t<meta name=\"twitter:label2\" content=\"Tahmini okuma s\u00fcresi\" \/>\n\t<meta name=\"twitter:data2\" content=\"8 dakika\" \/>\n<script type=\"application\/ld+json\" class=\"yoast-schema-graph\">{\"@context\":\"https:\\\/\\\/schema.org\",\"@graph\":[{\"@type\":\"Article\",\"@id\":\"https:\\\/\\\/tarihkursu.com\\\/index.php\\\/2026\\\/05\\\/03\\\/demokrasi-ve-insan-haklari-5-tema-baris-ve-uzlasma-ders-notlari\\\/#article\",\"isPartOf\":{\"@id\":\"https:\\\/\\\/tarihkursu.com\\\/index.php\\\/2026\\\/05\\\/03\\\/demokrasi-ve-insan-haklari-5-tema-baris-ve-uzlasma-ders-notlari\\\/\"},\"author\":{\"name\":\"tarihkursu\",\"@id\":\"https:\\\/\\\/tarihkursu.com\\\/#\\\/schema\\\/person\\\/d0f9105e31352dbe9f08d098ffb8c878\"},\"headline\":\"Demokrasi ve \u0130nsan Haklar\u0131 5. Tema: Bar\u0131\u015f ve Uzla\u015fma Ders Notlar\u0131\",\"datePublished\":\"2026-05-03T07:31:00+00:00\",\"mainEntityOfPage\":{\"@id\":\"https:\\\/\\\/tarihkursu.com\\\/index.php\\\/2026\\\/05\\\/03\\\/demokrasi-ve-insan-haklari-5-tema-baris-ve-uzlasma-ders-notlari\\\/\"},\"wordCount\":1819,\"commentCount\":0,\"publisher\":{\"@id\":\"https:\\\/\\\/tarihkursu.com\\\/#\\\/schema\\\/person\\\/4d7bdc3b79e9f5198455474c0f203f3c\"},\"image\":{\"@id\":\"https:\\\/\\\/tarihkursu.com\\\/index.php\\\/2026\\\/05\\\/03\\\/demokrasi-ve-insan-haklari-5-tema-baris-ve-uzlasma-ders-notlari\\\/#primaryimage\"},\"thumbnailUrl\":\"https:\\\/\\\/tarihkursu.com\\\/wp-content\\\/uploads\\\/2025\\\/09\\\/Pink-Gradient-Concept-Map-Chart.png\",\"keywords\":[\"demokrasi ve insan haklar\u0131\",\"demokrasi ve insan haklar\u0131 ders notu\",\"ders notlar\u0131\"],\"articleSection\":[\"Demokrasi ve \u0130nsan Haklar\u0131\"],\"inLanguage\":\"tr\",\"potentialAction\":[{\"@type\":\"CommentAction\",\"name\":\"Comment\",\"target\":[\"https:\\\/\\\/tarihkursu.com\\\/index.php\\\/2026\\\/05\\\/03\\\/demokrasi-ve-insan-haklari-5-tema-baris-ve-uzlasma-ders-notlari\\\/#respond\"]}]},{\"@type\":\"WebPage\",\"@id\":\"https:\\\/\\\/tarihkursu.com\\\/index.php\\\/2026\\\/05\\\/03\\\/demokrasi-ve-insan-haklari-5-tema-baris-ve-uzlasma-ders-notlari\\\/\",\"url\":\"https:\\\/\\\/tarihkursu.com\\\/index.php\\\/2026\\\/05\\\/03\\\/demokrasi-ve-insan-haklari-5-tema-baris-ve-uzlasma-ders-notlari\\\/\",\"name\":\"Demokrasi ve \u0130nsan Haklar\u0131 5. Tema: Bar\u0131\u015f ve Uzla\u015fma Ders Notlar\u0131 - tarihkursu.com\",\"isPartOf\":{\"@id\":\"https:\\\/\\\/tarihkursu.com\\\/#website\"},\"primaryImageOfPage\":{\"@id\":\"https:\\\/\\\/tarihkursu.com\\\/index.php\\\/2026\\\/05\\\/03\\\/demokrasi-ve-insan-haklari-5-tema-baris-ve-uzlasma-ders-notlari\\\/#primaryimage\"},\"image\":{\"@id\":\"https:\\\/\\\/tarihkursu.com\\\/index.php\\\/2026\\\/05\\\/03\\\/demokrasi-ve-insan-haklari-5-tema-baris-ve-uzlasma-ders-notlari\\\/#primaryimage\"},\"thumbnailUrl\":\"https:\\\/\\\/tarihkursu.com\\\/wp-content\\\/uploads\\\/2025\\\/09\\\/Pink-Gradient-Concept-Map-Chart.png\",\"datePublished\":\"2026-05-03T07:31:00+00:00\",\"description\":\"Se\u00e7meli Demokrasi ve \u0130nsan Haklar\u0131\u00a0Dersi 5. Tema: Bar\u0131\u015f ve Uzla\u015fma Ders Notu\u00a0MEB ders kitaplar\u0131\u00a0ile uyumludur.\",\"breadcrumb\":{\"@id\":\"https:\\\/\\\/tarihkursu.com\\\/index.php\\\/2026\\\/05\\\/03\\\/demokrasi-ve-insan-haklari-5-tema-baris-ve-uzlasma-ders-notlari\\\/#breadcrumb\"},\"inLanguage\":\"tr\",\"potentialAction\":[{\"@type\":\"ReadAction\",\"target\":[\"https:\\\/\\\/tarihkursu.com\\\/index.php\\\/2026\\\/05\\\/03\\\/demokrasi-ve-insan-haklari-5-tema-baris-ve-uzlasma-ders-notlari\\\/\"]}]},{\"@type\":\"ImageObject\",\"inLanguage\":\"tr\",\"@id\":\"https:\\\/\\\/tarihkursu.com\\\/index.php\\\/2026\\\/05\\\/03\\\/demokrasi-ve-insan-haklari-5-tema-baris-ve-uzlasma-ders-notlari\\\/#primaryimage\",\"url\":\"https:\\\/\\\/tarihkursu.com\\\/wp-content\\\/uploads\\\/2025\\\/09\\\/Pink-Gradient-Concept-Map-Chart.png\",\"contentUrl\":\"https:\\\/\\\/tarihkursu.com\\\/wp-content\\\/uploads\\\/2025\\\/09\\\/Pink-Gradient-Concept-Map-Chart.png\",\"width\":1920,\"height\":1080},{\"@type\":\"BreadcrumbList\",\"@id\":\"https:\\\/\\\/tarihkursu.com\\\/index.php\\\/2026\\\/05\\\/03\\\/demokrasi-ve-insan-haklari-5-tema-baris-ve-uzlasma-ders-notlari\\\/#breadcrumb\",\"itemListElement\":[{\"@type\":\"ListItem\",\"position\":1,\"name\":\"Anasayfa\",\"item\":\"https:\\\/\\\/tarihkursu.com\\\/\"},{\"@type\":\"ListItem\",\"position\":2,\"name\":\"Demokrasi ve \u0130nsan Haklar\u0131 5. Tema: Bar\u0131\u015f ve Uzla\u015fma Ders Notlar\u0131\"}]},{\"@type\":\"WebSite\",\"@id\":\"https:\\\/\\\/tarihkursu.com\\\/#website\",\"url\":\"https:\\\/\\\/tarihkursu.com\\\/\",\"name\":\"Tarih Kursu\",\"description\":\"\u0130\u015fimiz G\u00fcc\u00fcm\u00fcz Tarih\",\"publisher\":{\"@id\":\"https:\\\/\\\/tarihkursu.com\\\/#\\\/schema\\\/person\\\/4d7bdc3b79e9f5198455474c0f203f3c\"},\"potentialAction\":[{\"@type\":\"SearchAction\",\"target\":{\"@type\":\"EntryPoint\",\"urlTemplate\":\"https:\\\/\\\/tarihkursu.com\\\/?s={search_term_string}\"},\"query-input\":{\"@type\":\"PropertyValueSpecification\",\"valueRequired\":true,\"valueName\":\"search_term_string\"}}],\"inLanguage\":\"tr\"},{\"@type\":[\"Person\",\"Organization\"],\"@id\":\"https:\\\/\\\/tarihkursu.com\\\/#\\\/schema\\\/person\\\/4d7bdc3b79e9f5198455474c0f203f3c\",\"name\":\"admin\",\"image\":{\"@type\":\"ImageObject\",\"inLanguage\":\"tr\",\"@id\":\"https:\\\/\\\/tarihkursu.com\\\/wp-content\\\/uploads\\\/2024\\\/10\\\/TARIHKURSU-Kopyasi.png\",\"url\":\"https:\\\/\\\/tarihkursu.com\\\/wp-content\\\/uploads\\\/2024\\\/10\\\/TARIHKURSU-Kopyasi.png\",\"contentUrl\":\"https:\\\/\\\/tarihkursu.com\\\/wp-content\\\/uploads\\\/2024\\\/10\\\/TARIHKURSU-Kopyasi.png\",\"width\":1080,\"height\":1080,\"caption\":\"admin\"},\"logo\":{\"@id\":\"https:\\\/\\\/tarihkursu.com\\\/wp-content\\\/uploads\\\/2024\\\/10\\\/TARIHKURSU-Kopyasi.png\"},\"sameAs\":[\"https:\\\/\\\/tarihkursu.com\"]},{\"@type\":\"Person\",\"@id\":\"https:\\\/\\\/tarihkursu.com\\\/#\\\/schema\\\/person\\\/d0f9105e31352dbe9f08d098ffb8c878\",\"name\":\"tarihkursu\",\"image\":{\"@type\":\"ImageObject\",\"inLanguage\":\"tr\",\"@id\":\"https:\\\/\\\/secure.gravatar.com\\\/avatar\\\/1354763acbc865faa7650c3e1e4431f187276d71f132349411302a546cdeae54?s=96&d=mm&r=g\",\"url\":\"https:\\\/\\\/secure.gravatar.com\\\/avatar\\\/1354763acbc865faa7650c3e1e4431f187276d71f132349411302a546cdeae54?s=96&d=mm&r=g\",\"contentUrl\":\"https:\\\/\\\/secure.gravatar.com\\\/avatar\\\/1354763acbc865faa7650c3e1e4431f187276d71f132349411302a546cdeae54?s=96&d=mm&r=g\",\"caption\":\"tarihkursu\"},\"url\":\"https:\\\/\\\/tarihkursu.com\\\/index.php\\\/author\\\/tarihkursu\\\/\"}]}<\/script>\n<!-- \/ Yoast SEO plugin. -->","yoast_head_json":{"title":"Demokrasi ve \u0130nsan Haklar\u0131 5. Tema: Bar\u0131\u015f ve Uzla\u015fma Ders Notlar\u0131 - tarihkursu.com","description":"Se\u00e7meli Demokrasi ve \u0130nsan Haklar\u0131\u00a0Dersi 5. Tema: Bar\u0131\u015f ve Uzla\u015fma Ders Notu\u00a0MEB ders kitaplar\u0131\u00a0ile uyumludur.","robots":{"index":"index","follow":"follow","max-snippet":"max-snippet:-1","max-image-preview":"max-image-preview:large","max-video-preview":"max-video-preview:-1"},"canonical":"https:\/\/tarihkursu.com\/index.php\/2026\/05\/03\/demokrasi-ve-insan-haklari-5-tema-baris-ve-uzlasma-ders-notlari\/","og_locale":"tr_TR","og_type":"article","og_title":"Demokrasi ve \u0130nsan Haklar\u0131 5. Tema: Bar\u0131\u015f ve Uzla\u015fma Ders Notlar\u0131 - tarihkursu.com","og_description":"Se\u00e7meli Demokrasi ve \u0130nsan Haklar\u0131\u00a0Dersi 5. Tema: Bar\u0131\u015f ve Uzla\u015fma Ders Notu\u00a0MEB ders kitaplar\u0131\u00a0ile uyumludur.","og_url":"https:\/\/tarihkursu.com\/index.php\/2026\/05\/03\/demokrasi-ve-insan-haklari-5-tema-baris-ve-uzlasma-ders-notlari\/","og_site_name":"tarihkursu.com","article_published_time":"2026-05-03T07:31:00+00:00","og_image":[{"width":1920,"height":1080,"url":"https:\/\/tarihkursu.com\/wp-content\/uploads\/2025\/09\/Pink-Gradient-Concept-Map-Chart.png","type":"image\/png"}],"author":"tarihkursu","twitter_card":"summary_large_image","twitter_misc":{"Yazan:":"tarihkursu","Tahmini okuma s\u00fcresi":"8 dakika"},"schema":{"@context":"https:\/\/schema.org","@graph":[{"@type":"Article","@id":"https:\/\/tarihkursu.com\/index.php\/2026\/05\/03\/demokrasi-ve-insan-haklari-5-tema-baris-ve-uzlasma-ders-notlari\/#article","isPartOf":{"@id":"https:\/\/tarihkursu.com\/index.php\/2026\/05\/03\/demokrasi-ve-insan-haklari-5-tema-baris-ve-uzlasma-ders-notlari\/"},"author":{"name":"tarihkursu","@id":"https:\/\/tarihkursu.com\/#\/schema\/person\/d0f9105e31352dbe9f08d098ffb8c878"},"headline":"Demokrasi ve \u0130nsan Haklar\u0131 5. Tema: Bar\u0131\u015f ve Uzla\u015fma Ders Notlar\u0131","datePublished":"2026-05-03T07:31:00+00:00","mainEntityOfPage":{"@id":"https:\/\/tarihkursu.com\/index.php\/2026\/05\/03\/demokrasi-ve-insan-haklari-5-tema-baris-ve-uzlasma-ders-notlari\/"},"wordCount":1819,"commentCount":0,"publisher":{"@id":"https:\/\/tarihkursu.com\/#\/schema\/person\/4d7bdc3b79e9f5198455474c0f203f3c"},"image":{"@id":"https:\/\/tarihkursu.com\/index.php\/2026\/05\/03\/demokrasi-ve-insan-haklari-5-tema-baris-ve-uzlasma-ders-notlari\/#primaryimage"},"thumbnailUrl":"https:\/\/tarihkursu.com\/wp-content\/uploads\/2025\/09\/Pink-Gradient-Concept-Map-Chart.png","keywords":["demokrasi ve insan haklar\u0131","demokrasi ve insan haklar\u0131 ders notu","ders notlar\u0131"],"articleSection":["Demokrasi ve \u0130nsan Haklar\u0131"],"inLanguage":"tr","potentialAction":[{"@type":"CommentAction","name":"Comment","target":["https:\/\/tarihkursu.com\/index.php\/2026\/05\/03\/demokrasi-ve-insan-haklari-5-tema-baris-ve-uzlasma-ders-notlari\/#respond"]}]},{"@type":"WebPage","@id":"https:\/\/tarihkursu.com\/index.php\/2026\/05\/03\/demokrasi-ve-insan-haklari-5-tema-baris-ve-uzlasma-ders-notlari\/","url":"https:\/\/tarihkursu.com\/index.php\/2026\/05\/03\/demokrasi-ve-insan-haklari-5-tema-baris-ve-uzlasma-ders-notlari\/","name":"Demokrasi ve \u0130nsan Haklar\u0131 5. Tema: Bar\u0131\u015f ve Uzla\u015fma Ders Notlar\u0131 - tarihkursu.com","isPartOf":{"@id":"https:\/\/tarihkursu.com\/#website"},"primaryImageOfPage":{"@id":"https:\/\/tarihkursu.com\/index.php\/2026\/05\/03\/demokrasi-ve-insan-haklari-5-tema-baris-ve-uzlasma-ders-notlari\/#primaryimage"},"image":{"@id":"https:\/\/tarihkursu.com\/index.php\/2026\/05\/03\/demokrasi-ve-insan-haklari-5-tema-baris-ve-uzlasma-ders-notlari\/#primaryimage"},"thumbnailUrl":"https:\/\/tarihkursu.com\/wp-content\/uploads\/2025\/09\/Pink-Gradient-Concept-Map-Chart.png","datePublished":"2026-05-03T07:31:00+00:00","description":"Se\u00e7meli Demokrasi ve \u0130nsan Haklar\u0131\u00a0Dersi 5. Tema: Bar\u0131\u015f ve Uzla\u015fma Ders Notu\u00a0MEB ders kitaplar\u0131\u00a0ile uyumludur.","breadcrumb":{"@id":"https:\/\/tarihkursu.com\/index.php\/2026\/05\/03\/demokrasi-ve-insan-haklari-5-tema-baris-ve-uzlasma-ders-notlari\/#breadcrumb"},"inLanguage":"tr","potentialAction":[{"@type":"ReadAction","target":["https:\/\/tarihkursu.com\/index.php\/2026\/05\/03\/demokrasi-ve-insan-haklari-5-tema-baris-ve-uzlasma-ders-notlari\/"]}]},{"@type":"ImageObject","inLanguage":"tr","@id":"https:\/\/tarihkursu.com\/index.php\/2026\/05\/03\/demokrasi-ve-insan-haklari-5-tema-baris-ve-uzlasma-ders-notlari\/#primaryimage","url":"https:\/\/tarihkursu.com\/wp-content\/uploads\/2025\/09\/Pink-Gradient-Concept-Map-Chart.png","contentUrl":"https:\/\/tarihkursu.com\/wp-content\/uploads\/2025\/09\/Pink-Gradient-Concept-Map-Chart.png","width":1920,"height":1080},{"@type":"BreadcrumbList","@id":"https:\/\/tarihkursu.com\/index.php\/2026\/05\/03\/demokrasi-ve-insan-haklari-5-tema-baris-ve-uzlasma-ders-notlari\/#breadcrumb","itemListElement":[{"@type":"ListItem","position":1,"name":"Anasayfa","item":"https:\/\/tarihkursu.com\/"},{"@type":"ListItem","position":2,"name":"Demokrasi ve \u0130nsan Haklar\u0131 5. Tema: Bar\u0131\u015f ve Uzla\u015fma Ders Notlar\u0131"}]},{"@type":"WebSite","@id":"https:\/\/tarihkursu.com\/#website","url":"https:\/\/tarihkursu.com\/","name":"Tarih Kursu","description":"\u0130\u015fimiz G\u00fcc\u00fcm\u00fcz Tarih","publisher":{"@id":"https:\/\/tarihkursu.com\/#\/schema\/person\/4d7bdc3b79e9f5198455474c0f203f3c"},"potentialAction":[{"@type":"SearchAction","target":{"@type":"EntryPoint","urlTemplate":"https:\/\/tarihkursu.com\/?s={search_term_string}"},"query-input":{"@type":"PropertyValueSpecification","valueRequired":true,"valueName":"search_term_string"}}],"inLanguage":"tr"},{"@type":["Person","Organization"],"@id":"https:\/\/tarihkursu.com\/#\/schema\/person\/4d7bdc3b79e9f5198455474c0f203f3c","name":"admin","image":{"@type":"ImageObject","inLanguage":"tr","@id":"https:\/\/tarihkursu.com\/wp-content\/uploads\/2024\/10\/TARIHKURSU-Kopyasi.png","url":"https:\/\/tarihkursu.com\/wp-content\/uploads\/2024\/10\/TARIHKURSU-Kopyasi.png","contentUrl":"https:\/\/tarihkursu.com\/wp-content\/uploads\/2024\/10\/TARIHKURSU-Kopyasi.png","width":1080,"height":1080,"caption":"admin"},"logo":{"@id":"https:\/\/tarihkursu.com\/wp-content\/uploads\/2024\/10\/TARIHKURSU-Kopyasi.png"},"sameAs":["https:\/\/tarihkursu.com"]},{"@type":"Person","@id":"https:\/\/tarihkursu.com\/#\/schema\/person\/d0f9105e31352dbe9f08d098ffb8c878","name":"tarihkursu","image":{"@type":"ImageObject","inLanguage":"tr","@id":"https:\/\/secure.gravatar.com\/avatar\/1354763acbc865faa7650c3e1e4431f187276d71f132349411302a546cdeae54?s=96&d=mm&r=g","url":"https:\/\/secure.gravatar.com\/avatar\/1354763acbc865faa7650c3e1e4431f187276d71f132349411302a546cdeae54?s=96&d=mm&r=g","contentUrl":"https:\/\/secure.gravatar.com\/avatar\/1354763acbc865faa7650c3e1e4431f187276d71f132349411302a546cdeae54?s=96&d=mm&r=g","caption":"tarihkursu"},"url":"https:\/\/tarihkursu.com\/index.php\/author\/tarihkursu\/"}]}},"_links":{"self":[{"href":"https:\/\/tarihkursu.com\/index.php\/wp-json\/wp\/v2\/posts\/2883","targetHints":{"allow":["GET"]}}],"collection":[{"href":"https:\/\/tarihkursu.com\/index.php\/wp-json\/wp\/v2\/posts"}],"about":[{"href":"https:\/\/tarihkursu.com\/index.php\/wp-json\/wp\/v2\/types\/post"}],"author":[{"embeddable":true,"href":"https:\/\/tarihkursu.com\/index.php\/wp-json\/wp\/v2\/users\/2"}],"replies":[{"embeddable":true,"href":"https:\/\/tarihkursu.com\/index.php\/wp-json\/wp\/v2\/comments?post=2883"}],"version-history":[{"count":1,"href":"https:\/\/tarihkursu.com\/index.php\/wp-json\/wp\/v2\/posts\/2883\/revisions"}],"predecessor-version":[{"id":2884,"href":"https:\/\/tarihkursu.com\/index.php\/wp-json\/wp\/v2\/posts\/2883\/revisions\/2884"}],"wp:featuredmedia":[{"embeddable":true,"href":"https:\/\/tarihkursu.com\/index.php\/wp-json\/wp\/v2\/media\/2875"}],"wp:attachment":[{"href":"https:\/\/tarihkursu.com\/index.php\/wp-json\/wp\/v2\/media?parent=2883"}],"wp:term":[{"taxonomy":"category","embeddable":true,"href":"https:\/\/tarihkursu.com\/index.php\/wp-json\/wp\/v2\/categories?post=2883"},{"taxonomy":"post_tag","embeddable":true,"href":"https:\/\/tarihkursu.com\/index.php\/wp-json\/wp\/v2\/tags?post=2883"}],"curies":[{"name":"wp","href":"https:\/\/api.w.org\/{rel}","templated":true}]}}