{"id":2918,"date":"2025-10-02T17:43:01","date_gmt":"2025-10-02T14:43:01","guid":{"rendered":"https:\/\/tarihkursu.com\/?p=2918"},"modified":"2025-10-02T17:43:01","modified_gmt":"2025-10-02T14:43:01","slug":"turk-sosyal-hayatinda-aile-1-unite-toplumsal-bir-kurum-olarak-aile","status":"publish","type":"post","link":"https:\/\/tarihkursu.com\/index.php\/2025\/10\/02\/turk-sosyal-hayatinda-aile-1-unite-toplumsal-bir-kurum-olarak-aile\/","title":{"rendered":"T\u00fcrk Sosyal Hayat\u0131nda Aile 1. \u00dcnite: Toplumsal Bir Kurum Olarak Aile"},"content":{"rendered":"\n<p class=\"wp-block-paragraph\"><strong>T\u00fcrk Sosyal Hayat\u0131nda Aile Dersi&nbsp;<\/strong>9. 10. 11. ve 12. s\u0131n\u0131flarda se\u00e7meli olarak okutulan bir derstir. Bu sayfada payla\u015ft\u0131\u011f\u0131m\u0131z&nbsp;<strong>T\u00fcrk Sosyal Hayat\u0131nda Aile \u00f6zet ders notlar\u0131 <\/strong>sayesinde&nbsp;s\u0131navda kar\u015f\u0131la\u015fabilece\u011finiz t\u00fcm konulara hakim olacaks\u0131n\u0131z. Bu \u00f6zet ders notlar\u0131&nbsp;<strong>Milli E\u011fitim Bakanl\u0131\u011f\u0131 m\u00fcfredat\u0131na<\/strong>&nbsp;uygun olarak haz\u0131rland\u0131. Bu ders notlar\u0131 sayesinde&nbsp;<strong>Se\u00e7meli T\u00fcrk Sosyal Hayat\u0131nda Aile Dersi yaz\u0131l\u0131s\u0131<\/strong>ndan 100 alacaks\u0131n\u0131z.&nbsp;<strong>T\u00fcrk Sosyal Hayat\u0131nda Aile 1. \u00dcnite: Toplumsal Bir Kurum Olarak Aile Ders Notu<\/strong>&nbsp;<strong>MEB ders kitaplar\u0131<\/strong>&nbsp;ile uyumludur.<\/p>\n\n\n\n<p class=\"wp-block-paragraph\">S\u0131n\u0131f:&nbsp;<strong>Se\u00e7meli tarih<\/strong><\/p>\n\n\n\n<p class=\"wp-block-paragraph\">Ders:&nbsp;<strong>T\u00fcrk Sosyal Hayat\u0131nda Aile pdf<\/strong> indir<\/p>\n\n\n\n<p class=\"wp-block-paragraph\">\u00dcnite:&nbsp;<strong>1. <\/strong><strong>\u00fcnite: Toplumsal Bir Kurum Olarak Aile<\/strong><\/p>\n\n\n\n<p class=\"wp-block-paragraph\">\u0130lgili yaz\u0131l\u0131:<strong>&nbsp;T\u00fcrk Sosyal Hayat\u0131nda Aile 1. d\u00f6nem 1. yaz\u0131l\u0131<\/strong><\/p>\n\n\n\n<p class=\"wp-block-paragraph\"><\/p>\n\n\n\n<h2 class=\"wp-block-heading\">TOPLUMSAL B\u0130R KURUM OLARAK A\u0130LE<\/h2>\n\n\n\n<ol class=\"wp-block-list\"><\/ol>\n\n\n\n<ol class=\"wp-block-list\"><\/ol>\n\n\n\n<p class=\"wp-block-paragraph\"><strong>Aileyi Tan\u0131mak<\/strong><\/p>\n\n\n\n<ul class=\"wp-block-list\">\n<li>Toplumda ya\u015fayan insanlar\u0131n hedefleri ve planlar\u0131 vard\u0131r. Bunlar\u0131 ger\u00e7ekle\u015ftirmek i\u00e7in baz\u0131 ihtiya\u00e7lar\u0131n kar\u015f\u0131lanmas\u0131 gerekir. \u00a0<\/li>\n\n\n\n<li>Baz\u0131 ihtiya\u00e7lar\u0131 bireyler tek ba\u015f\u0131na kar\u015f\u0131layabilir, ancak baz\u0131 temel ihtiya\u00e7lar sadece aile ile kar\u015f\u0131lanabilir. \u00a0<\/li>\n\n\n\n<li>Aile, bu temel ihtiya\u00e7lar\u0131 kar\u015f\u0131layan en \u00f6nemli yap\u0131d\u0131r.<\/li>\n<\/ul>\n\n\n\n<p class=\"wp-block-paragraph\"><strong>Toplumsal Bir Kurum Olarak Aile<\/strong><\/p>\n\n\n\n<ul class=\"wp-block-list\">\n<li><strong>Kurum<\/strong>; toplumsal yap\u0131n\u0131n d\u00fczenini sa\u011flayan, bireyin \u00fcreme, bar\u0131nma, e\u011fitim, sa\u011fl\u0131k gibi ihtiya\u00e7lar\u0131n\u0131 kar\u015f\u0131lamak i\u00e7in olu\u015fturulmu\u015f kal\u0131c\u0131 yap\u0131lard\u0131r. \u00a0<\/li>\n\n\n\n<li>Aile, e\u011fitim, din, ekonomi gibi temel kurumlar toplumun de\u011ferlerini ve kurallar\u0131n\u0131 belirlemede etkilidir. \u00a0<\/li>\n\n\n\n<li>Bu kurumlar ayr\u0131ca toplumsal sorunlar\u0131n \u00e7\u00f6z\u00fcm\u00fcne ve ihtiya\u00e7lar\u0131n kar\u015f\u0131lanmas\u0131na yard\u0131mc\u0131 olur. \u00a0<\/li>\n<\/ul>\n\n\n\n<p class=\"wp-block-paragraph\"><strong>Ailenin \u00d6nemi ve Tan\u0131m\u0131<\/strong><\/p>\n\n\n\n<ul class=\"wp-block-list\">\n<li>Aile, tarihin her d\u00f6neminde ve her toplumda var olmu\u015f, toplumun en temel kurumudur. \u00a0<\/li>\n\n\n\n<li>Aile, insan neslinin devam\u0131n\u0131 sa\u011flar. \u00a0<\/li>\n\n\n\n<li>Toplumsalla\u015fma s\u00fcreci ilk olarak ailede ba\u015flar. \u00a0<\/li>\n\n\n\n<li>Aile, maddi ve manevi bilgilerin yeni nesillere aktar\u0131ld\u0131\u011f\u0131 yerdir. \u00a0<\/li>\n\n\n\n<li>Aile; biyolojik, psikolojik, ekonomik, toplumsal ve hukuksal y\u00f6nleri olan bir birimdir. \u00a0<\/li>\n\n\n\n<li>De\u011ferlerin, k\u00fclt\u00fcr\u00fcn ve geleneklerin korunmas\u0131 ve aktar\u0131lmas\u0131nda aile en \u00f6nemli kurumdur. \u00a0<\/li>\n<\/ul>\n\n\n\n<p class=\"wp-block-paragraph\"><strong>Aile Kurumunun Olu\u015fumu ve \u00d6nemi<\/strong><strong><\/strong><\/p>\n\n\n\n<ul class=\"wp-block-list\">\n<li>Aile kurumu, genellikle <strong>nik\u00e2h temelli evlilikler<\/strong> ile kurulur. \u00a0<\/li>\n\n\n\n<li>Evlenen \u00e7iftler yeni bir aile kurmu\u015f say\u0131l\u0131r. \u00a0<\/li>\n\n\n\n<li>Sevgi, sayg\u0131, dayan\u0131\u015fma ve uyuma dayal\u0131 evlilik ili\u015fkileri, hem ideal bir aile yap\u0131s\u0131 hem de huzurlu bir toplumsal ya\u015fam i\u00e7in \u00f6nemlidir. \u00a0<\/li>\n\n\n\n<li>Aile birli\u011fi, t\u00fcm toplumlarda geleneksel kurallar veya yasalarla korunur. \u00a0<\/li>\n<\/ul>\n\n\n\n<p class=\"wp-block-paragraph\"><strong>T\u00fcrkiye Cumhuriyeti Anayasas\u0131&#8217;nda Aile<\/strong><\/p>\n\n\n\n<ul class=\"wp-block-list\">\n<li><strong>T\u00fcrkiye Cumhuriyeti Anayasas\u0131<\/strong>&#8216;nda ailenin korunmas\u0131 \u00f6nemlidir. \u00a0<\/li>\n\n\n\n<li>Anayasan\u0131n 41. maddesi \u015f\u00f6yle der: &#8220;<strong>Aile, T\u00fcrk toplumunun temelidir ve e\u015fler aras\u0131nda e\u015fitli\u011fe dayan\u0131r.<\/strong>&#8220;. \u00a0<\/li>\n\n\n\n<li>Devlet, ailenin huzurunu, refah\u0131n\u0131 ve \u00f6zellikle anne ile \u00e7ocuklar\u0131n korunmas\u0131n\u0131 sa\u011flamak i\u00e7in gerekli \u00f6nlemleri al\u0131r. \u00a0<\/li>\n\n\n\n<li>Bu madde, e\u015fler aras\u0131ndaki e\u015fitli\u011fi garanti alt\u0131na al\u0131r ve devlete aileyi koruma g\u00f6revi verir. \u00a0<\/li>\n\n\n\n<li>Bu sayede aile birli\u011finin devam\u0131 ve toplumsal huzur sa\u011flan\u0131r. \u00a0<\/li>\n<\/ul>\n\n\n\n<p class=\"wp-block-paragraph\"><strong>T\u00fcrk K\u00fclt\u00fcr\u00fcnde Aile ve Ocak Kavram\u0131<\/strong><\/p>\n\n\n\n<ul class=\"wp-block-list\">\n<li>T\u00fcrklerde aileye b\u00fcy\u00fck de\u011fer verilmi\u015ftir. \u00a0<\/li>\n\n\n\n<li>Evlenerek yuva kurman\u0131n toplumun devaml\u0131l\u0131\u011f\u0131 i\u00e7in \u00e7ok \u00f6nemli oldu\u011fu <strong>\u0130slamiyet \u00f6ncesi<\/strong> ve <strong>sonras\u0131<\/strong> d\u00f6nemde de kabul g\u00f6rm\u00fc\u015ft\u00fcr. \u00a0<\/li>\n\n\n\n<li>Eski T\u00fcrkler evlili\u011fi ve aileyi &#8220;<strong>ev<\/strong>&#8221; ve &#8220;<strong>ocak kurma<\/strong>&#8221; ifadeleriyle tan\u0131mlam\u0131\u015ft\u0131r. \u00a0<\/li>\n\n\n\n<li>Eski T\u00fcrkler ate\u015fi kutsal sayar ve ocaklar\u0131n\u0131 \u00e7ad\u0131rlar\u0131n\u0131n ortas\u0131na kurarlard\u0131. \u00a0<\/li>\n\n\n\n<li>Ocak, aile ya\u015fam\u0131n\u0131n merkezinde yer al\u0131rd\u0131 ve aile ba\u011flar\u0131n\u0131 g\u00fc\u00e7lendirirdi. \u00a0<\/li>\n\n\n\n<li>Ocak; aileyi ayd\u0131nlatmas\u0131, so\u011fuktan korumas\u0131 ve doyurmas\u0131 nedeniyle aileyle \u00f6zde\u015fle\u015fmi\u015ftir. \u00a0<\/li>\n\n\n\n<li>&#8220;<strong>Aile oca\u011f\u0131<\/strong>&#8220;, dayan\u0131\u015fma, sevgi ve sayg\u0131 i\u00e7inde ya\u015fanan ortam\u0131 ifade eder. \u00a0<\/li>\n\n\n\n<li>&#8220;<strong>Oca\u011f\u0131na incir a\u011fac\u0131 dikmek<\/strong>&#8220;, birinin evini bark\u0131n\u0131 da\u011f\u0131tmak anlam\u0131na gelir. \u00a0<\/li>\n\n\n\n<li>&#8220;<strong>Baba oca\u011f\u0131<\/strong>&#8220;, insan\u0131n do\u011fup b\u00fcy\u00fcd\u00fc\u011f\u00fc evi ve aileyi ifade eder. \u00a0<\/li>\n\n\n\n<li>&#8220;<strong>Asker oca\u011f\u0131<\/strong>&#8220;, vatan\u0131 korumak i\u00e7in bir araya gelen insanlar\u0131 ifade eder. \u00a0<\/li>\n\n\n\n<li>&#8220;<strong>Sa\u011fl\u0131k oca\u011f\u0131<\/strong>&#8220;, bireyi bedensel ve ruhsal olarak koruyan kurumu ifade eder. \u00a0<\/li>\n<\/ul>\n\n\n\n<p class=\"wp-block-paragraph\"><strong>Atas\u00f6zleri ve Deyimlerde Aile<\/strong><\/p>\n\n\n\n<ul class=\"wp-block-list\">\n<li><strong>Atas\u00f6zleri ve deyimler<\/strong>, insan ve toplumla ilgili g\u00f6zlemlerin k\u0131sa ve edebi ifadeleridir. \u00a0<\/li>\n\n\n\n<li>T\u00fcrklerin aile kurumuna bak\u0131\u015f\u0131n\u0131 atas\u00f6zleri ve deyimlerde g\u00f6rmek m\u00fcmk\u00fcnd\u00fcr. \u00a0<\/li>\n\n\n\n<li>Bu dil \u00fcr\u00fcnleri, ortaya \u00e7\u0131kt\u0131klar\u0131 d\u00f6nemin de\u011ferlerini yans\u0131t\u0131r. \u00a0<\/li>\n\n\n\n<li>Bir\u00e7o\u011fu g\u00fcn\u00fcm\u00fczde de ge\u00e7erlili\u011fini koruyan tespitler i\u00e7erir. \u00a0<\/li>\n\n\n\n<li>&#8220;<strong>O\u011flan atadan \u00f6\u011frenir sofra a\u00e7may\u0131, k\u0131z anadan \u00f6\u011frenir bi\u00e7ki bi\u00e7meyi.<\/strong>&#8221; atas\u00f6z\u00fc, toplumsal davran\u0131\u015f ve rollerin \u00f6\u011frenilmesinde anne ve baban\u0131n \u00f6nemini vurgular. \u00a0<\/li>\n\n\n\n<li>&#8220;<strong>Evlenenle ev alana Allah yard\u0131m eder.<\/strong>&#8221; atas\u00f6z\u00fc, evlenen ve ev yapana yard\u0131m etmenin \u00f6nemini belirtir. \u00a0<\/li>\n<\/ul>\n\n\n\n<p class=\"wp-block-paragraph\"><strong>Bireyin \u0130htiya\u00e7lar\u0131n\u0131n Kar\u015f\u0131lanmas\u0131nda Ailenin Katk\u0131lar\u0131<\/strong><\/p>\n\n\n\n<ul class=\"wp-block-list\">\n<li>Aile, bireylerin fiziksel, psikolojik, sosyal ve ekonomik ihtiya\u00e7lar\u0131n\u0131 kar\u015f\u0131lamada \u00f6nemli rol oynar. \u00a0<\/li>\n\n\n\n<li>Bar\u0131nma, beslenme, kendini g\u00fcvende hissetme, sevme, sevilme gibi temel ihtiya\u00e7lar \u00f6ncelikle ailede kar\u015f\u0131lan\u0131r. \u00a0<\/li>\n\n\n\n<li>Ailenin en temel g\u00f6revi, bireylerin fiziksel ihtiya\u00e7lar\u0131n\u0131 kar\u015f\u0131layarak sa\u011fl\u0131kl\u0131 bir ya\u015fam s\u00fcrmelerini sa\u011flamakt\u0131r. \u00a0<\/li>\n\n\n\n<li>Bu, bar\u0131nma, sa\u011fl\u0131k, giyim, beslenme, g\u00fcvenlik gibi ihtiya\u00e7lar\u0131n kar\u015f\u0131lanmas\u0131yla olur. \u00a0<\/li>\n\n\n\n<li>G\u00fc\u00e7l\u00fc aile ba\u011flar\u0131, bireye psikolojik ve sosyal destek sa\u011flar. \u00a0<\/li>\n\n\n\n<li>A\u00e7\u0131k ve sa\u011fl\u0131kl\u0131 aile i\u00e7i ileti\u015fim; sevgi, sayg\u0131, empati, anlay\u0131\u015f ve g\u00fcveni geli\u015ftirir. \u00a0<\/li>\n\n\n\n<li>Bu sayede bireyler kendilerini g\u00fcvende hisseder ve sa\u011fl\u0131kl\u0131 bir psikolojik yap\u0131 geli\u015ftirir. \u00a0<\/li>\n\n\n\n<li>Sa\u011fl\u0131kl\u0131 aile ili\u015fkileri, aidiyet duygusunu g\u00fc\u00e7lendirir ve bireyin toplumla uyumlu olmas\u0131n\u0131 sa\u011flar. \u00a0<\/li>\n\n\n\n<li>Ebeveynler \u00e7ocuklar\u0131 sosyal etkinliklere, toplum hizmetlerine te\u015fvik ederek sorumluluk, empati, yard\u0131mla\u015fma ve dayan\u0131\u015fma gibi de\u011ferleri kazanmalar\u0131na yard\u0131mc\u0131 olur. \u00a0<\/li>\n<\/ul>\n\n\n\n<p class=\"wp-block-paragraph\"><strong>Ailenin Ekonomik Katk\u0131lar\u0131 ve Ya\u015fam Memnuniyeti<\/strong><\/p>\n\n\n\n<ul class=\"wp-block-list\">\n<li>Aile, bireylerin ekonomik ihtiya\u00e7lar\u0131n\u0131n kar\u015f\u0131lanmas\u0131nda da \u00f6nemlidir. \u00a0<\/li>\n\n\n\n<li>Ev kiras\u0131, faturalar, e\u011fitim, sa\u011fl\u0131k gibi ortak giderler genellikle ebeveynler taraf\u0131ndan kar\u015f\u0131lan\u0131r. \u00a0<\/li>\n\n\n\n<li>\u00c7ocuklar b\u00fcy\u00fcd\u00fc\u011f\u00fcnde ihtiya\u00e7 halinde ailelerine maddi yard\u0131mda bulunabilirler. \u00a0<\/li>\n\n\n\n<li>Ailenin ekonomik katk\u0131s\u0131, ailenin yap\u0131s\u0131na ve bireylerin durumuna g\u00f6re de\u011fi\u015fir. \u00a0<\/li>\n\n\n\n<li><strong>T\u00fcrkiye \u0130statistik Kurumu (T\u00dc\u0130K) 2022 Ya\u015fam Memnuniyeti Ara\u015ft\u0131rmas\u0131<\/strong>&#8216;na g\u00f6re, evli bireyler evli olmayanlara g\u00f6re daha mutludur. \u00a0<\/li>\n\n\n\n<li>Mutluluk kayna\u011f\u0131 olarak bireylerin \u00e7o\u011fu t\u00fcm ailesini belirtmi\u015ftir (%67,6). \u00a0<\/li>\n<\/ul>\n\n\n\n<p class=\"wp-block-paragraph\"><strong>Ba\u011flanma Kuram\u0131 ve Ailenin Rol\u00fc<\/strong><\/p>\n\n\n\n<ul class=\"wp-block-list\">\n<li>Bebeklik d\u00f6nemi (0-2 ya\u015f) \u00e7ocu\u011fun fiziksel, zihinsel ve duygusal olarak en h\u0131zl\u0131 geli\u015fti\u011fi zamand\u0131r. \u00a0<\/li>\n\n\n\n<li>Bu d\u00f6nemde sadece fiziksel ihtiya\u00e7lar\u0131 de\u011fil, bak\u0131m verenle kurulan ili\u015fki de \u00f6nemlidir. \u00a0<\/li>\n\n\n\n<li>Bebe\u011fin bak\u0131m verenine kar\u015f\u0131 bir ba\u011flanma geli\u015ftirmesi do\u011fald\u0131r. \u00a0<\/li>\n\n\n\n<li><strong>Ba\u011flanma<\/strong>, bebek ile anne-baba aras\u0131ndaki olumlu ve yard\u0131m edici duygusal ili\u015fkidir. \u00a0<\/li>\n\n\n\n<li>Yeni do\u011fan\u0131n sosyal ihtiyac\u0131n\u0131 kar\u015f\u0131layan ki\u015fi genellikle annedir. \u00a0<\/li>\n\n\n\n<li>\u0130lk y\u0131llarda anne ile kurulan bu ba\u011f, \u00e7ocu\u011fun ki\u015fili\u011finin \u00f6nemli bir k\u0131sm\u0131n\u0131 olu\u015fturur. \u00a0<\/li>\n<\/ul>\n\n\n\n<p class=\"wp-block-paragraph\"><strong>G\u00fcvenli ve G\u00fcvensiz Ba\u011flanman\u0131n Etkileri<\/strong><\/p>\n\n\n\n<ul class=\"wp-block-list\">\n<li><strong>Bowlby<\/strong>&#8216;e g\u00f6re, anne ve \u00e7ocuk aras\u0131ndaki g\u00fcvenli ba\u011flanma, \u00e7ocu\u011fun sa\u011fl\u0131kl\u0131 psikolojik geli\u015fimini sa\u011flar. \u00a0<\/li>\n\n\n\n<li>Bowlby, yanl\u0131\u015f veya kesintili ba\u011flanma ili\u015fkilerinin ki\u015filik problemlerine ve zihinsel hastal\u0131klara yol a\u00e7abilece\u011fini s\u00f6yler. \u00a0<\/li>\n\n\n\n<li>Bu nedenle \u00e7ocukluk d\u00f6neminde aile ile kurulan ba\u011f\u0131n kalitesi, bireyin gelece\u011fini etkileyebilir. \u00a0<\/li>\n<\/ul>\n\n\n\n<p class=\"wp-block-paragraph\"><strong>Ailenin \u0130\u015flevleri<\/strong><\/p>\n\n\n\n<ul class=\"wp-block-list\">\n<li>Aile kurumunun biyolojik, ekonomik, e\u011fitimsel, psikolojik, din\u00ee, koruyuculuk, toplumsalla\u015fma, k\u00fclt\u00fcrleme gibi bir\u00e7ok i\u015flevi vard\u0131r. \u00a0<\/li>\n\n\n\n<li>Bu i\u015flevler, bireylerin \u00e7e\u015fitli ihtiya\u00e7lar\u0131n\u0131 kar\u015f\u0131lar ve toplumsal d\u00fczenin i\u015flemesine yard\u0131mc\u0131 olur. \u00a0<\/li>\n\n\n\n<li><strong>Biyolojik \u0130\u015flev<\/strong>: Neslin devam\u0131n\u0131 sa\u011flamak ailenin temel g\u00f6revidir. Evlilik, neslin devam\u0131n\u0131 toplumsal kurallara uygun hale getirir. \u00a0<\/li>\n\n\n\n<li><strong>Ekonomik \u0130\u015flev<\/strong>: Sanayi \u00f6ncesi d\u00f6nemde aileler \u00fcretim yapard\u0131 (tar\u0131m, hayvanc\u0131l\u0131k). Sanayi sonras\u0131 d\u00f6nemde ailenin \u00fcretim i\u015flevi azalm\u0131\u015f, ekonomik kurulu\u015flar daha \u00e7ok rol alm\u0131\u015ft\u0131r. \u00a0<\/li>\n\n\n\n<li><strong>E\u011fitim \u0130\u015flevi<\/strong>: E\u011fitimin temeli ailede at\u0131l\u0131r. Aile \u00e7ocuklar\u0131n e\u011fitiminden sorumludur. \u00c7ocuklar ailelerinden hayat\u0131 \u00f6\u011frenir. \u00a0<\/li>\n<\/ul>\n\n\n\n<p class=\"wp-block-paragraph\"><strong>Ailenin Di\u011fer \u0130\u015flevleri<\/strong><\/p>\n\n\n\n<ul class=\"wp-block-list\">\n<li><strong>Psikolojik \u0130\u015flev<\/strong>: Ailedeki yak\u0131n ili\u015fkiler (sevgi, sayg\u0131, g\u00fcven), aile bireylerinin psikolojik olarak iyi hissetmelerini sa\u011flar. \u00a0<\/li>\n\n\n\n<li><strong>Dini \u0130\u015flev<\/strong>: Dini bilgiler ve de\u011ferler ilk olarak ailede \u00f6\u011frenilir. Aile b\u00fcy\u00fckleri bu de\u011ferleri yeni nesillere aktar\u0131r. \u00a0<\/li>\n\n\n\n<li><strong>Koruyuculuk \u0130\u015flevi<\/strong>: Aile bireyleri, maddi ve manevi zorluklara kar\u015f\u0131 birbirlerini destekler. Geleneksel toplumlarda bu i\u015flev daha \u00f6nemlidir. \u00a0<\/li>\n\n\n\n<li><strong>Toplumsalla\u015fma ve K\u00fclt\u00fcrleme \u0130\u015flevi<\/strong>: Ki\u015filik ailede \u015fekillenir. \u00c7ocuk toplumsal kurallar\u0131 ve k\u00fclt\u00fcrel de\u011ferleri ailesinden \u00f6\u011frenir. Toplumsal rollerle ilgili bak\u0131\u015f a\u00e7\u0131s\u0131 ailede olu\u015fur. \u00a0<\/li>\n<\/ul>\n\n\n\n<p class=\"wp-block-paragraph\"><strong>Sosyal ve Hayati Becerilerin Kazan\u0131lmas\u0131<\/strong><\/p>\n\n\n\n<ul class=\"wp-block-list\">\n<li>Aile, sosyal ve hayati becerilerin \u00f6\u011frenilmesinde \u00f6nemli rol oynar. \u00a0<\/li>\n\n\n\n<li>\u00c7ocuklar bir\u00e7ok \u015feyi anne babalar\u0131n\u0131 ve di\u011fer aile b\u00fcy\u00fcklerini g\u00f6zlemleyerek \u00f6\u011frenir. \u00a0<\/li>\n\n\n\n<li>Ebeveynler, \u00e7ocuklara iyi \u00f6rnek olmal\u0131 ve olumlu sosyal davran\u0131\u015flar sergilemelidir. \u00a0<\/li>\n\n\n\n<li>G\u00fcnl\u00fck ya\u015fam bilgileri ve pratik uygulamalarla \u00e7ocuklar\u0131n becerileri geli\u015ftirilir (\u00f6rne\u011fin, ev i\u015flerine yard\u0131m). \u00a0<\/li>\n<\/ul>\n\n\n\n<p class=\"wp-block-paragraph\"><strong>\u0130leti\u015fim, Problem \u00c7\u00f6zme ve Stat\u00fc Kazan\u0131m\u0131<\/strong><\/p>\n\n\n\n<ul class=\"wp-block-list\">\n<li>Aile i\u00e7inde a\u00e7\u0131k ileti\u015fim, i\u015f birli\u011fi ve empati, \u00e7ocu\u011fun ileti\u015fim ve problem \u00e7\u00f6zme becerilerini g\u00fc\u00e7lendirir. \u00a0<\/li>\n\n\n\n<li>Bu beceriler bireyin ba\u011f\u0131ms\u0131z, ba\u015far\u0131l\u0131 ve topluma uyumlu olmas\u0131na yard\u0131mc\u0131 olur. \u00a0<\/li>\n\n\n\n<li><strong>Stat\u00fc<\/strong>, bireyin toplum i\u00e7indeki konumudur. \u00a0<\/li>\n\n\n\n<li>Sosyal stat\u00fc ve rollerin \u00f6\u011frenildi\u011fi ilk yer ailedir. \u00a0<\/li>\n\n\n\n<li>Stat\u00fc e\u011fitim, ekonomik durum, meslek gibi fakt\u00f6rlere ba\u011fl\u0131d\u0131r. \u00a0<\/li>\n\n\n\n<li>Do\u011fu\u015ftan gelen stat\u00fcler (cinsiyet, \u0131rk) &#8220;verilmi\u015f stat\u00fc&#8221;d\u00fcr. \u00a0<\/li>\n\n\n\n<li>\u00c7aba ve ba\u015far\u0131yla elde edilen stat\u00fcler (meslek, e\u011fitim) &#8220;kazan\u0131lm\u0131\u015f stat\u00fc&#8221;d\u00fcr. \u00a0<\/li>\n\n\n\n<li>Stat\u00fcye ba\u011fl\u0131 olarak bireyden beklenen davran\u0131\u015flara <strong>sosyal rol<\/strong> denir. \u00a0<\/li>\n\n\n\n<li>Aile, bireyin sosyal stat\u00fcs\u00fcn\u00fc \u015fekillendirir ve rolleri \u00f6\u011frenmesini sa\u011flar. \u00a0<\/li>\n\n\n\n<li>\u00c7ocu\u011fun sosyal stat\u00fcs\u00fc, b\u00fcy\u00fck \u00f6l\u00e7\u00fcde ailenin e\u011fitim ve ekonomik durumuna ba\u011fl\u0131d\u0131r. \u00a0<\/li>\n\n\n\n<li>Aile b\u00fcy\u00fckleri, ailenin tarihini ve miras\u0131n\u0131 aktararak \u00e7ocu\u011fun toplumdaki yerini anlamas\u0131na yard\u0131mc\u0131 olur. \u00a0<\/li>\n<\/ul>\n\n\n\n<p class=\"wp-block-paragraph\"><strong>De\u011ferlerin Aktar\u0131lmas\u0131 ve Milli Kimlik<\/strong><\/p>\n\n\n\n<ul class=\"wp-block-list\">\n<li>Aile, toplumsal normlar\u0131 ve de\u011ferleri \u00f6\u011freterek \u00e7ocu\u011fa yol g\u00f6sterir. \u00a0<\/li>\n\n\n\n<li><strong>De\u011ferler<\/strong>, bir ulusun sahip oldu\u011fu sosyal, k\u00fclt\u00fcrel, ekonomik ve bilimsel unsurlar\u0131n b\u00fct\u00fcn\u00fcd\u00fcr. \u00a0<\/li>\n\n\n\n<li>Sayg\u0131, d\u00fcr\u00fcstl\u00fck, yard\u0131mseverlik, adalet gibi de\u011ferlerin aktar\u0131lmas\u0131 sa\u011fl\u0131kl\u0131 bireyler ve toplum i\u00e7in \u00f6nemlidir. \u00a0<\/li>\n\n\n\n<li>\u00c7ocuk aileden \u00f6\u011frendi\u011fi de\u011ferlerle topluma uyumlu davran\u0131\u015flar sergiler. \u00a0<\/li>\n\n\n\n<li>Milli ve manevi de\u011ferler toplumu g\u00fc\u00e7l\u00fc k\u0131lar. \u00a0<\/li>\n<\/ul>\n\n\n\n<p class=\"wp-block-paragraph\"><strong>\u00d6l\u00e7\u00fcl\u00fc ve Dengeli Olmak (Aristoteles)<\/strong><\/p>\n\n\n\n<ul class=\"wp-block-list\">\n<li><strong>Aristoteles<\/strong>&#8216;e g\u00f6re erdem, ahlak\u0131n amac\u0131 ve mutlulu\u011fun kazan\u0131lmas\u0131 i\u00e7in tek yoldur. \u00a0<\/li>\n\n\n\n<li>Mutluluk, erdemli davranmaktan ibarettir. \u00a0<\/li>\n\n\n\n<li>Aristoteles&#8217;e g\u00f6re \u00f6l\u00e7\u00fcl\u00fc ve dengeli olmak, orta yoldan ge\u00e7er. \u00a0<\/li>\n\n\n\n<li>Erdemlerimiz ve de\u011ferlerimiz ba\u015fkalar\u0131yla ili\u015fkilerimizde ortaya \u00e7\u0131kar. \u00a0<\/li>\n\n\n\n<li>De\u011ferler a\u015f\u0131r\u0131l\u0131klardan uzak olmal\u0131d\u0131r. \u00a0<\/li>\n\n\n\n<li>\u00d6rne\u011fin, adalet &#8220;orta&#8221; bir durumu gerektirir, a\u015f\u0131r\u0131l\u0131klardan ka\u00e7\u0131n\u0131larak bulunur. \u00a0<\/li>\n\n\n\n<li>Aristoteles&#8217;in bu g\u00f6r\u00fc\u015f\u00fc felsefede &#8220;<strong>alt\u0131n orta<\/strong>&#8220;, \u0130slam ahlak\u0131nda ise &#8220;<strong>itidal<\/strong>&#8221; olarak adland\u0131r\u0131l\u0131r. \u00a0<\/li>\n<\/ul>\n\n\n\n<p class=\"wp-block-paragraph\"><strong>Atas\u00f6zleri ve De\u011ferler<\/strong><\/p>\n\n\n\n<ul class=\"wp-block-list\">\n<li>Sevgi, sayg\u0131, vefa, adalet, dayan\u0131\u015fma gibi de\u011ferlerin \u00e7ocu\u011fa aktar\u0131lmas\u0131nda anne-baban\u0131n rol\u00fc \u00f6nemlidir. \u00a0<\/li>\n\n\n\n<li>Ebeveyn-\u00e7ocuk ili\u015fkisinde sorumluluklar\u0131 bilmek ve yerine getirmek gerekir. \u00a0<\/li>\n\n\n\n<li>&#8220;<strong>O\u011flan do\u011fur, k\u0131z do\u011fur; hamurunu sen yo\u011fur.<\/strong>&#8221; atas\u00f6z\u00fc, \u00e7ocu\u011fun cinsiyetinden \u00e7ok iyi yeti\u015ftirilmesinin \u00f6nemli oldu\u011funu vurgular. \u00a0<\/li>\n\n\n\n<li>&#8220;<strong>A\u011fa\u00e7 yapra\u011f\u0131yla g\u00fcrler.<\/strong>&#8221; atas\u00f6z\u00fc, insan\u0131n ailesinden ve yak\u0131nlar\u0131ndan g\u00fc\u00e7 ald\u0131\u011f\u0131nda daha ba\u015far\u0131l\u0131 oldu\u011funu anlat\u0131r. Bu atas\u00f6z\u00fc <strong>dayan\u0131\u015fma<\/strong> de\u011feriyle ilgilidir. \u00a0<\/li>\n\n\n\n<li>&#8220;<strong>Ata dostu o\u011fla mirast\u0131r.<\/strong>&#8221; atas\u00f6z\u00fc, baba dostlar\u0131n\u0131n \u00e7ocu\u011fa kalan miras gibi oldu\u011funu ve onlara yard\u0131m ettiklerini ifade eder. Bu atas\u00f6z\u00fc <strong>dostluk<\/strong> ve <strong>vefa<\/strong> de\u011ferleriyle ilgilidir. \u00a0<\/li>\n\n\n\n<li>&#8220;<strong>Baba himmet, o\u011ful hizmet.<\/strong>&#8221; atas\u00f6z\u00fc <strong>sorumluluk<\/strong> de\u011feriyle ilgilidir. \u00a0<\/li>\n<\/ul>\n\n\n\n<p class=\"wp-block-paragraph\"><strong>Aile T\u00fcrleri ve \u00d6nemi<\/strong><\/p>\n\n\n\n<ul class=\"wp-block-list\">\n<li>Tarih boyunca toplumlar\u0131n k\u00fclt\u00fcr ve yap\u0131lar\u0131na g\u00f6re farkl\u0131 aile t\u00fcrleri ortaya \u00e7\u0131km\u0131\u015ft\u0131r. \u00a0<\/li>\n\n\n\n<li>Aile t\u00fcrleri toplumdan topluma ve ayn\u0131 toplum i\u00e7inde zamanla de\u011fi\u015febilir. \u00a0<\/li>\n\n\n\n<li>Temel i\u015flevleri benzer olsa da, aile t\u00fcr\u00fcne g\u00f6re bireyler aras\u0131ndaki ili\u015fkiler ve sorumluluklar de\u011fi\u015fir. \u00a0<\/li>\n\n\n\n<li>Aile t\u00fcrleri yerle\u015fim yeri, birey say\u0131s\u0131 ve otorite fig\u00fcr\u00fcne g\u00f6re s\u0131n\u0131fland\u0131r\u0131labilir. \u00a0<\/li>\n<\/ul>\n\n\n\n<p class=\"wp-block-paragraph\"><strong>Yerle\u015fim Yeri Esas\u0131na G\u00f6re Aile T\u00fcrleri<\/strong><\/p>\n\n\n\n<ul class=\"wp-block-list\">\n<li>Ya\u015fan\u0131lan yere g\u00f6re <strong>k\u00f6y ailesi<\/strong> ve <strong>kent ailesi<\/strong> olmak \u00fczere ikiye ayr\u0131l\u0131r. \u00a0<\/li>\n\n\n\n<li><strong>K\u00f6y Ailesi<\/strong>: K\u0131rsal b\u00f6lgede ya\u015far, ge\u00e7imini tar\u0131m ve hayvanc\u0131l\u0131kla sa\u011flar. \u00a0<\/li>\n\n\n\n<li>Evlenen \u00e7ocuklar anne babalar\u0131yla ya\u015famaya devam etti\u011fi i\u00e7in genellikle <strong>geni\u015f aile<\/strong> t\u00fcr\u00fcndedir. \u00a0<\/li>\n\n\n\n<li>Tar\u0131m ve hayvanc\u0131l\u0131k t\u00fcm aile bireylerinin ortak i\u015fidir. \u00a0<\/li>\n\n\n\n<li>Meslek babadan o\u011fula ge\u00e7er, baba otoritesi ve geleneksel roller belirgindir. Akrabal\u0131k ve kom\u015fuluk ili\u015fkileri g\u00fc\u00e7l\u00fcd\u00fcr. \u00a0<\/li>\n\n\n\n<li>Ekonomik katk\u0131 ve soyun devam\u0131 nedeniyle \u00e7ocuk say\u0131s\u0131 fazlad\u0131r. \u00c7ocuklar k\u00fc\u00e7\u00fck ya\u015fta tarlada \u00e7al\u0131\u015fabilir. \u00a0<\/li>\n\n\n\n<li><strong>Kent Ailesi<\/strong>: Kentlerde ya\u015far, genellikle <strong>\u00e7ekirdek aile<\/strong> yap\u0131s\u0131ndad\u0131r. &#8220;Modern aile&#8221; olarak da adland\u0131r\u0131l\u0131r. \u00a0<\/li>\n\n\n\n<li>Ge\u00e7imlerini sanayi ve hizmet sekt\u00f6r\u00fcnde \u00e7al\u0131\u015farak sa\u011flarlar. \u00c7ocuk say\u0131s\u0131 azd\u0131r. \u00a0<\/li>\n\n\n\n<li>Akrabal\u0131k ve kom\u015fuluk ili\u015fkileri daha zay\u0131ft\u0131r. Temel ihtiya\u00e7lar ba\u015fkalar\u0131n\u0131n \u00fcretimiyle kar\u015f\u0131lan\u0131r. \u00a0<\/li>\n<\/ul>\n\n\n\n<p class=\"wp-block-paragraph\"><strong>Birey Say\u0131s\u0131na G\u00f6re Aile T\u00fcrleri<\/strong><\/p>\n\n\n\n<ul class=\"wp-block-list\">\n<li>Birey say\u0131s\u0131na g\u00f6re aileler; <strong>geni\u015f aile, ge\u00e7i\u015f d\u00f6nemi geni\u015f ailesi, \u00e7ekirdek aile<\/strong> ve <strong>yeni geni\u015f aile<\/strong> olarak d\u00f6rde ayr\u0131l\u0131r. \u00a0<\/li>\n\n\n\n<li><strong>Geni\u015f Aile<\/strong>: Kan ba\u011f\u0131 olan birka\u00e7 ailenin bir arada ya\u015fad\u0131\u011f\u0131 aile t\u00fcr\u00fcd\u00fcr. Genellikle geleneksel toplumlarda g\u00f6r\u00fcl\u00fcr. \u00a0<\/li>\n\n\n\n<li>Anne, baba, evlenmemi\u015f veya evli \u00e7ocuklar ve di\u011fer akrabalardan olu\u015fur. K\u0131rsal b\u00f6lgelerde ya\u015far ve ge\u00e7imini tar\u0131m\/hayvanc\u0131l\u0131kla sa\u011flar. \u00a0<\/li>\n\n\n\n<li>Cinsiyet, ya\u015f gibi \u00f6zelliklere g\u00f6re hiyerar\u015fik bir i\u015f b\u00f6l\u00fcm\u00fc vard\u0131r. Aile kararlar\u0131n\u0131 en ya\u015fl\u0131lar al\u0131r ve denetler. \u00a0<\/li>\n\n\n\n<li>Akrabal\u0131k ba\u011flar\u0131, dayan\u0131\u015fma ve mahremiyet g\u00fc\u00e7l\u00fcd\u00fcr. Birden fazla ku\u015fak bir arada ya\u015far ve \u00e7ok i\u015flevlidir. \u00a0<\/li>\n<\/ul>\n\n\n\n<p class=\"wp-block-paragraph\"><strong>Ge\u00e7i\u015f D\u00f6nemi Geni\u015f Ailesi ve \u00c7ekirdek Aile<\/strong><\/p>\n\n\n\n<ul class=\"wp-block-list\">\n<li><strong>Ge\u00e7i\u015f D\u00f6nemi Geni\u015f Ailesi<\/strong>: Sanayile\u015fmeyle k\u0131rsaldan kente g\u00f6\u00e7 sonucu ortaya \u00e7\u0131km\u0131\u015ft\u0131r. Geni\u015f ailenin \u00e7ekirdek aileye d\u00f6n\u00fc\u015fme s\u00fcrecidir. \u00a0<\/li>\n\n\n\n<li>Karde\u015flerin kurdu\u011fu yeni aileler ayn\u0131 hanede de\u011fil, yak\u0131n yerlerde ya\u015far. &#8220;Kasaba ailesi&#8221; olarak da adland\u0131r\u0131l\u0131r. \u00a0<\/li>\n\n\n\n<li>Hem geleneksel geni\u015f aile hem de \u00e7ekirdek ailenin \u00f6zelliklerini ta\u015f\u0131r. Aile bireyleri aras\u0131ndaki ili\u015fkiler hala g\u00fc\u00e7l\u00fcd\u00fcr. \u00a0<\/li>\n\n\n\n<li>Geni\u015f ailenin aksine ekonomik kararlar\u0131 kendisi alabilir. \u00a0<\/li>\n\n\n\n<li><strong>\u00c7ekirdek Aile<\/strong>: Sanayi Devrimi sonras\u0131 sosyal ve ekonomik de\u011fi\u015fimlerle ortaya \u00e7\u0131km\u0131\u015ft\u0131r. Anne, baba ve evlenmemi\u015f \u00e7ocuklardan olu\u015fur. \u00a0<\/li>\n\n\n\n<li>Genellikle kentlerde g\u00f6r\u00fcl\u00fcr ve &#8220;modern aile&#8221; veya &#8220;kent ailesi&#8221; denir. \u00a0<\/li>\n\n\n\n<li>Geni\u015f aileden fark\u0131, i\u015flevlerde ve birey say\u0131s\u0131nda azalma olmas\u0131d\u0131r. \u00a0<\/li>\n\n\n\n<li>Aileyle ilgili kararlar\u0131 \u00e7ekirdek ailenin bireyleri birlikte al\u0131r, daha e\u015fitlik\u00e7idir. \u00a0<\/li>\n\n\n\n<li>\u0130li\u015fkiler daha yo\u011fun ve do\u011frudand\u0131r, bireyler daha yak\u0131n ba\u011flar kurar. \u00a0<\/li>\n\n\n\n<li>Dayan\u0131\u015fma ve yard\u0131mla\u015fma konusunda etkindirler. \u00a0<\/li>\n<\/ul>\n\n\n\n<p class=\"wp-block-paragraph\"><strong>Geni\u015f Aile ve \u00c7ekirdek Ailenin \u0130\u015flevleri Kar\u015f\u0131la\u015ft\u0131rmas\u0131<\/strong><\/p>\n\n\n\n<ul class=\"wp-block-list\">\n<li><strong>Biyolojik \u0130\u015flev<\/strong>: Her iki aile t\u00fcr\u00fc de neslin devam\u0131n\u0131 ama\u00e7lar. \u00a0<\/li>\n\n\n\n<li><strong>Psikolojik \u0130\u015flev<\/strong>: Geni\u015f ailede duygusal ba\u011f g\u00fc\u00e7l\u00fc, dayan\u0131\u015fma ve &#8220;biz&#8221; duygusu \u00f6n plandad\u0131r. \u00c7ekirdek ailede &#8220;ben&#8221; duygusu belirgin olup samimi ili\u015fkiler aile i\u00e7inde kar\u015f\u0131lan\u0131r. \u00a0<\/li>\n\n\n\n<li><strong>E\u011fitim \u0130\u015flevi<\/strong>: Geni\u015f ailede e\u011fitim a\u011f\u0131rl\u0131kl\u0131 olarak ailede verilir, \u00e7ocuk ailenin de\u011ferlerine g\u00f6re yeti\u015fir. \u00c7ekirdek ailede e\u011fitim hem ailede hem de okulda ger\u00e7ekle\u015fir. \u00a0<\/li>\n\n\n\n<li><strong>Ekonomik \u0130\u015flev<\/strong>: Geni\u015f ailede gelir en ya\u015fl\u0131 erke\u011fin denetimindedir, ortak m\u00fclkiyet anlay\u0131\u015f\u0131 vard\u0131r. \u00c7ekirdek aile bir \u00fcretim birimi olmaktan uzakla\u015fm\u0131\u015f, anne baba evin giderlerini \u00fcstlenmi\u015ftir. \u00a0<\/li>\n\n\n\n<li><strong>Dini \u0130\u015flev<\/strong>: Geni\u015f ailede temel dini e\u011fitimi aile b\u00fcy\u00fckleri verir, geleneklere ba\u011fl\u0131l\u0131k g\u00fc\u00e7l\u00fcd\u00fcr. \u00c7ekirdek ailede gelene\u011fe ba\u011fl\u0131l\u0131k azalm\u0131\u015f, dini i\u015flevi daha \u00e7ok \u00f6rg\u00fcn e\u011fitim kurumlar\u0131 \u00fcstlenmi\u015ftir. \u00a0<\/li>\n\n\n\n<li><strong>Koruyuculuk \u0130\u015flevi<\/strong>: Geni\u015f ailede yard\u0131mla\u015fma ve koruyuculuk \u00f6n plandad\u0131r. \u00c7ekirdek ailede g\u00fcvenlik ve koruma i\u015flevi kolluk g\u00fc\u00e7lerine devredilmi\u015f, devlet koruyucu politikalar geli\u015ftirir. \u00a0<\/li>\n\n\n\n<li><strong>Bo\u015f Zamanlar\u0131n De\u011ferlendirilmesi \u0130\u015flevi<\/strong>: Geni\u015f ailede bo\u015f zamanlar\u0131 de\u011ferlendirme bireye yol g\u00f6sterilir ve di\u011fer aile bireyleri de ilgilenir. \u00c7ekirdek ailede birey bo\u015f zamanlar\u0131n\u0131n bir k\u0131sm\u0131n\u0131 aile d\u0131\u015f\u0131ndaki ortamlarda ge\u00e7irir. \u00a0<\/li>\n\n\n\n<li><strong>Prestij \u0130\u015flevi<\/strong>: Geni\u015f ailede bireylerin stat\u00fcleri ailenin konumuyla ba\u011flant\u0131l\u0131d\u0131r. Prestij m\u00fclkiyet veya iyi bir meslekle elde edilir. \u00a0<\/li>\n\n\n\n<li>Geni\u015f aile bir\u00e7ok i\u015flevi yerine getirirken, \u00e7ekirdek ailede bu i\u015flevlerin bir k\u0131sm\u0131 azalm\u0131\u015f veya ba\u015fka kurumlara devredilmi\u015ftir. \u00a0<\/li>\n<\/ul>\n\n\n\n<p class=\"wp-block-paragraph\"><strong>Yeni Geni\u015f Aile ve Otorite Fig\u00fcr\u00fcne G\u00f6re Aile T\u00fcrleri<\/strong><\/p>\n\n\n\n<ul class=\"wp-block-list\">\n<li><strong>Yeni Geni\u015f Aile<\/strong>: Bo\u015fanm\u0131\u015f ve \u00e7ocuklu bireylerin, yeni evliliklerinde \u00f6nceki evliliklerinden olan \u00e7ocuklar\u0131yla birlikte ya\u015fad\u0131\u011f\u0131 aile t\u00fcr\u00fcd\u00fcr. &#8220;<strong>Eklemli aile<\/strong>&#8221; olarak da adland\u0131r\u0131l\u0131r. \u00a0<\/li>\n\n\n\n<li>Bu aile modelinde \u00e7ocuklar baz\u0131 zorluklar ya\u015fayabilir. \u00d6zellikle Amerika ve \u0130ngiltere&#8217;de yayg\u0131nla\u015fmaktad\u0131r. \u00a0<\/li>\n\n\n\n<li>Otorite fig\u00fcr\u00fcne g\u00f6re aileler; <strong>anaerkil, ataerkil<\/strong> ve <strong>e\u015fitlik\u00e7i<\/strong> aile olarak \u00fc\u00e7e ayr\u0131l\u0131r. Otorite karar alma yetkisinin kimde oldu\u011funa ba\u011fl\u0131d\u0131r. \u00a0<\/li>\n<\/ul>\n\n\n\n<p class=\"wp-block-paragraph\"><strong>Anaerkil Aile<\/strong>:<\/p>\n\n\n\n<ul class=\"wp-block-list\">\n<li>Otoritenin kad\u0131na ait oldu\u011fu aile t\u00fcr\u00fcd\u00fcr. \u00a0<\/li>\n\n\n\n<li>\u0130lk insan topluluklar\u0131 olan &#8220;avc\u0131-toplay\u0131c\u0131&#8221; topluluklar\u0131n anaerkil oldu\u011fu kabul edilir. \u00a0<\/li>\n\n\n\n<li>Kad\u0131nlar\u0131n yiyecek toplad\u0131\u011f\u0131, erkeklerin avland\u0131\u011f\u0131 bir i\u015f b\u00f6l\u00fcm\u00fc vard\u0131. Kad\u0131n\u0131n do\u011furganl\u0131\u011f\u0131 \u00f6nemli bir etkendir. \u00a0<\/li>\n\n\n\n<li>Kad\u0131n neslin devam\u0131, \u00e7ocuklar\u0131n b\u00fcy\u00fct\u00fclmesi ve korunmas\u0131nda hayati rol oynar. \u00dcretim s\u00fcrecindeki rol\u00fc de anaerkil yap\u0131y\u0131 etkilemi\u015ftir. \u00a0<\/li>\n\n\n\n<li>Anaerkil ailede kad\u0131nlar, \u00e7ocuklar\u0131, karde\u015fleri ve di\u011fer akrabalar\u0131 ayn\u0131 evde ya\u015fard\u0131. \u00a0<\/li>\n<\/ul>\n\n\n\n<p class=\"wp-block-paragraph\"><strong>Ataerkil Aile<\/strong>:<\/p>\n\n\n\n<ul class=\"wp-block-list\">\n<li>Otoritenin erkekte oldu\u011fu aile t\u00fcr\u00fcd\u00fcr. \u00a0<\/li>\n\n\n\n<li>Yerle\u015fik hayata ge\u00e7i\u015f, tar\u0131m ve madencilikteki geli\u015fmelerle ortaya \u00e7\u0131km\u0131\u015ft\u0131r. \u00a0<\/li>\n\n\n\n<li>Erkekler \u00fcretim ara\u00e7lar\u0131yla u\u011fra\u015f\u0131rken, kad\u0131nlar ev i\u015fleriyle ilgilenmi\u015ftir. \u00a0<\/li>\n\n\n\n<li>Kad\u0131n\u0131n g\u0131da \u00fcretiminden d\u0131\u015flanmas\u0131 ve \u00f6zel m\u00fclkiyetin ortaya \u00e7\u0131kmas\u0131 kad\u0131n\u0131n toplumdaki yerini etkilemi\u015ftir. \u00a0<\/li>\n\n\n\n<li>Ataerkil ailede bireyler baban\u0131n kurdu\u011fu oca\u011f\u0131 devam ettirmekle y\u00fck\u00fcml\u00fcd\u00fcr. \u00a0<\/li>\n\n\n\n<li>Akrabal\u0131k baba soyuna g\u00f6re belirlenir ve miras babadan o\u011fula ge\u00e7er. Erkek \u00e7ocuk d\u00fcnyaya getirmek soyun devaml\u0131l\u0131\u011f\u0131 i\u00e7in \u00f6nemlidir. \u00a0<\/li>\n<\/ul>\n\n\n\n<p class=\"wp-block-paragraph\"><strong>E\u015fitlik\u00e7i Aile<\/strong><\/p>\n\n\n\n<ul class=\"wp-block-list\">\n<li>Sanayi toplumu sonras\u0131 \u00e7ekirdek aile yap\u0131s\u0131 de\u011fi\u015fime u\u011fram\u0131\u015ft\u0131r. \u00a0<\/li>\n\n\n\n<li>Kad\u0131n\u0131n e\u011fitim seviyesinin y\u00fckselmesi ve \u00e7al\u0131\u015fmas\u0131, kad\u0131n ve erkek rollerini farkl\u0131la\u015ft\u0131rm\u0131\u015ft\u0131r. \u00a0<\/li>\n\n\n\n<li>Kad\u0131n\u0131n evin ge\u00e7iminde rol oynamas\u0131, kad\u0131n-erkek e\u015fitli\u011fini \u00f6ne \u00e7\u0131karan <strong>e\u015fitlik\u00e7i aile<\/strong> yap\u0131s\u0131n\u0131n ortaya \u00e7\u0131kmas\u0131n\u0131 sa\u011flam\u0131\u015ft\u0131r. \u00a0<\/li>\n\n\n\n<li>Ev i\u015flerinde daha e\u015fitlik\u00e7i bir anlay\u0131\u015f vard\u0131r. Erkek ev idaresi ve \u00e7ocuk bak\u0131m\u0131nda daha aktif rol al\u0131r. \u00a0<\/li>\n\n\n\n<li>E\u015fitlik\u00e7i ailede sayg\u0131 ve empati te\u015fvik edilir. Aile bireylerinin duygu ve ihtiya\u00e7lar\u0131na sayg\u0131 duyulur. \u00a0<\/li>\n\n\n\n<li>Her birey aile kararlar\u0131na e\u015fit kat\u0131l\u0131r. A\u00e7\u0131k ileti\u015fim ve uzla\u015fma sorunlar\u0131n \u00e7\u00f6z\u00fcm\u00fcn\u00fc kolayla\u015ft\u0131r\u0131r. \u00a0<\/li>\n\n\n\n<li>E\u011fitim ve kariyer f\u0131rsatlar\u0131na e\u015fit eri\u015fim ve destek sa\u011flan\u0131r. \u00a0<\/li>\n<\/ul>\n\n\n\n<p class=\"wp-block-paragraph\"><strong>Gecekondu Ailesi<\/strong><\/p>\n\n\n\n<ul class=\"wp-block-list\">\n<li>T\u00fcrkiye&#8217;de 1950&#8217;lerden sonra k\u00f6yden kente g\u00f6\u00e7le birlikte <strong>gecekondu<\/strong> olgusu ortaya \u00e7\u0131km\u0131\u015ft\u0131r. \u00a0<\/li>\n\n\n\n<li>B\u00fcy\u00fck kentlerde yetersiz ko\u015fullarda ya\u015fayan insanlar\u0131n olu\u015fturdu\u011fu aile t\u00fcr\u00fcne &#8220;<strong>gecekondu ailesi<\/strong>&#8221; denilmi\u015ftir. \u00a0<\/li>\n\n\n\n<li>&#8220;<strong>Ge\u00e7i\u015f d\u00f6nemi ailesi<\/strong>&#8221; olarak da tan\u0131mlan\u0131r. K\u00f6y ve kent ailesinin baz\u0131 \u00f6zelliklerini bar\u0131nd\u0131r\u0131r. \u00a0<\/li>\n<\/ul>\n\n\n\n<p class=\"wp-block-paragraph\"><strong>Ailenin Toplum \u0130\u00e7in \u00d6nemi<\/strong><\/p>\n\n\n\n<ul class=\"wp-block-list\">\n<li>Aile kurumu, ge\u00e7mi\u015ften g\u00fcn\u00fcm\u00fcze \u00f6nemini korumu\u015ftur. \u00a0<\/li>\n\n\n\n<li>Aile, bireyin fiziksel, duygusal ve sosyal ihtiya\u00e7lar\u0131n\u0131 kar\u015f\u0131layarak daha sa\u011fl\u0131kl\u0131 ve mutlu olmas\u0131n\u0131 sa\u011flar. \u00a0<\/li>\n\n\n\n<li>Bireyde ailesine ve toplumuna kar\u015f\u0131 ba\u011fl\u0131l\u0131k ve aidiyet duygusu olu\u015fturur. \u00a0<\/li>\n\n\n\n<li>Neslin devam\u0131n\u0131 sa\u011flayarak toplumun varl\u0131\u011f\u0131n\u0131 s\u00fcrd\u00fcrmesine yard\u0131mc\u0131 olur. \u00a0<\/li>\n\n\n\n<li>Ailenin g\u00fc\u00e7l\u00fc olmas\u0131, toplumsal hayat\u0131n huzurlu ve d\u00fczenli i\u015flemesi i\u00e7in \u00f6nemlidir. \u00a0<\/li>\n<\/ul>\n\n\n\n<p class=\"wp-block-paragraph\"><strong>Sosyal Kimlik ve K\u00fclt\u00fcrel Aktar\u0131m<\/strong><\/p>\n\n\n\n<ul class=\"wp-block-list\">\n<li>Aile, bireyin sosyal bir kimlik olu\u015fturmas\u0131nda \u00e7ok \u00f6nemli bir rol oynar. \u00a0<\/li>\n\n\n\n<li>Birey kendini \u00fcyesi oldu\u011fu sosyal gruplara g\u00f6re tan\u0131mlar. \u00a0<\/li>\n\n\n\n<li><strong>Sosyal kimlik<\/strong>, bireyin hangi sosyal gruba ait hissetti\u011fiyle \u015fekillenir. \u00a0<\/li>\n\n\n\n<li>Aile, bireyin sosyal kimli\u011finin olu\u015ftu\u011fu ilk yerdir. \u00a0<\/li>\n\n\n\n<li>Birey ailede toplumsal ve k\u00fclt\u00fcrel de\u011ferleri, manevi miraslar\u0131 \u00f6\u011frenir. \u00a0<\/li>\n\n\n\n<li>Aile, hangi gruplara ait oldu\u011funu anlamas\u0131na yard\u0131m ederek \u00e7ocukta &#8220;<strong>biz<\/strong>&#8221; bilincini olu\u015fturur. \u00a0<\/li>\n\n\n\n<li>Dil, inan\u00e7, sanat, gelenek gibi toplumsal unsurlarla ilk kez aile arac\u0131l\u0131\u011f\u0131yla tan\u0131\u015f\u0131l\u0131r. \u00a0<\/li>\n\n\n\n<li>\u00d6rne\u011fin, M\u00fcsl\u00fcman bir T\u00fcrk ailesi, T\u00fcrk dilini, k\u00fclt\u00fcr\u00fcn\u00fc, geleneklerini ve milli-manevi de\u011ferleri aktararak \u00e7ocu\u011fun milli kimli\u011fini geli\u015ftirir. \u00a0<\/li>\n\n\n\n<li>Sosyal kimli\u011fi geli\u015ftirmenin bir yolu da sosyal topluluklara kat\u0131lmakt\u0131r. \u00a0<\/li>\n\n\n\n<li>Aile b\u00fcy\u00fckleri, hangi sosyal yap\u0131lara kat\u0131lmak gerekti\u011fi konusunda yol g\u00f6sterebilir. \u00a0<\/li>\n\n\n\n<li>Akraba ziyaretleri ve kom\u015fuluk ili\u015fkileri de sosyal \u00e7evreyi geni\u015fletir. \u00a0<\/li>\n\n\n\n<li>K\u00fclt\u00fcrel de\u011ferler, dini inan\u00e7lar, dil gibi toplumun \u00f6nemli unsurlar\u0131 nesilden nesile aile taraf\u0131ndan aktar\u0131l\u0131r. \u00a0<\/li>\n\n\n\n<li>Aile, bireylerin toplumsal normlara uygun davranmas\u0131n\u0131 \u00f6\u011freterek toplumdaki d\u00fczeni korur. \u00a0<\/li>\n\n\n\n<li>El \u00f6pme gelene\u011fi, toplumumuzda sayg\u0131n\u0131n bir ifadesidir. \u00a0<\/li>\n<\/ul>\n\n\n\n<p class=\"wp-block-paragraph\"><strong>Toplumsalla\u015fma S\u00fcrecinde Ailenin \u00d6nemi<\/strong><\/p>\n\n\n\n<ul class=\"wp-block-list\">\n<li>Toplumsalla\u015fma s\u00fcrecinde bireyler s\u00fcrekli etkile\u015fim i\u00e7indedir. \u00a0<\/li>\n\n\n\n<li>Bireyin topluma kabul edilmesi i\u00e7in de\u011ferler ve toplumsal kurallar gibi bir\u00e7ok \u015fey \u00f6\u011frenmesi gerekir. \u00a0<\/li>\n\n\n\n<li>Bu \u00f6\u011frenme s\u00fcreci \u00f6ncelikle ailede ba\u015flar ve \u00e7ocuk do\u011fdu\u011fu andan itibaren toplumsalla\u015fmaya girer. \u00a0<\/li>\n\n\n\n<li>Aile, sosyalle\u015fme s\u00fcrecindeki en \u00f6nemli kaynakt\u0131r. \u00a0<\/li>\n\n\n\n<li>Ebeveynler \u00e7ocuklar\u0131n\u0131 b\u00fcy\u00fct\u00fcrken kendi hayat g\u00f6r\u00fc\u015flerini de \u00f6\u011fretirler. \u00a0<\/li>\n\n\n\n<li>Birey b\u00fcy\u00fcrken aile d\u0131\u015f\u0131nda arkada\u015flar\u0131, \u00f6\u011fretmenleri, kom\u015fular\u0131 ve di\u011fer insanlarla da etkile\u015fim kurar. \u00a0<\/li>\n\n\n\n<li>Medya, televizyon, kitaplar gibi kaynaklardan da etkilenir. \u00a0<\/li>\n\n\n\n<li>Bu \u015fekilde bireyler, i\u00e7inde bulunduklar\u0131 \u00e7evrenin g\u00f6r\u00fc\u015flerini ve kal\u0131p yarg\u0131lar\u0131n\u0131 edinir. \u00a0<\/li>\n\n\n\n<li>Birey edindi\u011fi kal\u0131p yarg\u0131lara g\u00f6re kendi hayat\u0131n\u0131, kararlar\u0131n\u0131 ve se\u00e7imlerini \u015fekillendirmeye \u00e7al\u0131\u015f\u0131r. \u00a0<\/li>\n\n\n\n<li>Bireyin kal\u0131p yarg\u0131lar\u0131 insanlara ve kendine bak\u0131\u015f\u0131n\u0131 \u015fekillendirir. \u00a0<\/li>\n\n\n\n<li>Ayr\u0131ca ileride yeti\u015ftirece\u011fi \u00e7ocuklar da bu yarg\u0131larla yo\u011frulacakt\u0131r. \u00a0<\/li>\n\n\n\n<li>Bu nedenle ailelerin kendilerini geli\u015ftirmeleri, kitap okumalar\u0131 ve \u00e7ocuklar\u0131n\u0131n geli\u015fimini destekleyecek etkinliklere kat\u0131lmalar\u0131 \u00f6nemlidir. \u00a0<\/li>\n\n\n\n<li>\u00c7ocuklar duyduklar\u0131ndan \u00e7ok g\u00f6rd\u00fcklerini \u00f6rnek al\u0131rlar. Aile evde ara\u015ft\u0131rma yaparken veya okurken \u00e7ocuk da bu y\u00f6nde etkilenir. \u00a0<\/li>\n\n\n\n<li>\u00c7ocuklara iyi ve d\u00fcr\u00fcst olmalar\u0131 \u00f6\u011f\u00fctlenirken, ebeveynlerin de i\u015f arkada\u015flar\u0131na, kom\u015fular\u0131na ve yabanc\u0131lara kar\u015f\u0131 duyarl\u0131 ve d\u00fcr\u00fcst olmalar\u0131 \u00f6nemlidir. \u00a0<\/li>\n\n\n\n<li>\u00c7ocuklar tam olarak ailede yo\u011frulur ve \u015fekillenir. \u00a0<\/li>\n<\/ul>\n\n\n\n<p class=\"wp-block-paragraph\"><strong>Aile K\u00fclt\u00fcr\u00fcn\u00fcn Toplumsal Yap\u0131ya Etkisi<\/strong><\/p>\n\n\n\n<ul class=\"wp-block-list\">\n<li>Toplumsal yap\u0131, insan ili\u015fkilerinin sonucu olarak ortaya \u00e7\u0131kan sosyal organizasyonlard\u0131r. \u00a0<\/li>\n\n\n\n<li>Toplumsal yap\u0131n\u0131n par\u00e7alar\u0131 normlar, de\u011ferler, inan\u00e7lar, semboller, dil gibi k\u00fclt\u00fcr unsurlar\u0131 ve toplumsal stat\u00fcler, roller, gruplar, s\u0131n\u0131flar ve kurumlard\u0131r. \u00a0<\/li>\n\n\n\n<li>Bireyin toplumun normlar\u0131 ve de\u011ferleriyle ilk kar\u015f\u0131la\u015ft\u0131\u011f\u0131 yer ailedir. Aile, toplumsalla\u015fman\u0131n ilk ya\u015fand\u0131\u011f\u0131 yap\u0131d\u0131r. \u00a0<\/li>\n\n\n\n<li>Aile, toplumun daha geni\u015f i\u015fleyi\u015fini yans\u0131tan k\u00fc\u00e7\u00fck bir modeldir. \u00a0<\/li>\n\n\n\n<li>Ailenin yap\u0131s\u0131 ve k\u00fclt\u00fcrel \u00f6zellikleri, toplumsal yap\u0131n\u0131n ve ili\u015fkilerin anla\u015f\u0131lmas\u0131na katk\u0131 sa\u011flar. \u00a0<\/li>\n\n\n\n<li><strong>Aile k\u00fclt\u00fcr\u00fc<\/strong>, aile bireyleri aras\u0131ndaki etkile\u015fim, de\u011ferler, normlar ve ileti\u015fim tarzlar\u0131n\u0131 i\u00e7erir. \u00a0<\/li>\n\n\n\n<li>Aile k\u00fclt\u00fcr\u00fc bireyin ki\u015fili\u011fini, d\u00fcnya g\u00f6r\u00fc\u015f\u00fcn\u00fc ve toplumla ileti\u015fimini \u015fekillendirir. \u00a0<\/li>\n\n\n\n<li>Aile k\u00fclt\u00fcr\u00fcn\u00fcn toplumsal yap\u0131yla benzerli\u011fi, g\u00fc\u00e7l\u00fc bir toplum yap\u0131s\u0131n\u0131n temelini olu\u015fturur. \u00a0<\/li>\n\n\n\n<li>Aile, toplumun genel normlar\u0131n\u0131, de\u011ferlerini ve beklentilerini yans\u0131t\u0131r ve bunlar\u0131 aktar\u0131rken bireyin toplumdaki rol\u00fcn\u00fc belirler. \u00a0<\/li>\n\n\n\n<li>Rol\u00fcn\u00fc toplumsal beklentilere uygun yerine getiren birey, toplumsal yap\u0131 i\u00e7indeki rol\u00fcne kolay uyum sa\u011flar. \u00a0<\/li>\n\n\n\n<li>Ailenin toplumsal alandaki i\u015flevi ve etkisi bu \u015fekilde g\u00f6r\u00fcl\u00fcr. \u00a0<\/li>\n\n\n\n<li>Ailedeki de\u011ferler, bireyin ahlaki anlay\u0131\u015f\u0131n\u0131 \u015fekillendirir ve toplumsal normlara uyumlu bir ki\u015filik olu\u015fturmas\u0131na katk\u0131 sa\u011flar. \u00a0<\/li>\n\n\n\n<li>Aile k\u00fclt\u00fcr\u00fcn\u00fcn toplumsal normlar\u0131 ve de\u011ferleri etkileyebilecek g\u00fc\u00e7l\u00fc bir rol\u00fc vard\u0131r. \u00a0<\/li>\n\n\n\n<li>Aile bireyleri aras\u0131ndaki ileti\u015fim tarzlar\u0131 toplumsal ileti\u015fim ve ili\u015fkilere de yans\u0131r. \u00a0<\/li>\n\n\n\n<li>Sa\u011fl\u0131kl\u0131 aile i\u00e7i ileti\u015fim, bireyin toplumla do\u011fru ve etkili ileti\u015fim kurmas\u0131na yard\u0131mc\u0131 olur. Bu da toplumsal dengeyi olu\u015fturur. \u00a0<\/li>\n<\/ul>\n\n\n\n<p class=\"wp-block-paragraph\"><strong>Ailenin De\u011fi\u015fimi ve Kurumlar Aras\u0131 \u0130li\u015fki<\/strong><\/p>\n\n\n\n<ul class=\"wp-block-list\">\n<li>Aile, toplumda ve d\u00fcnyada meydana gelen de\u011fi\u015fimlerden en \u00e7ok etkilenen kurumlardan biridir. \u00a0<\/li>\n\n\n\n<li>Ailenin yap\u0131s\u0131ndaki ve i\u015flevlerindeki de\u011fi\u015fimler e\u011fitim, ekonomi, siyaset, hukuk gibi di\u011fer kurumlar\u0131 da etkiler. \u00a0<\/li>\n\n\n\n<li>Kurumlar\u0131n birindeki de\u011fi\u015fim di\u011ferlerinde de de\u011fi\u015fimlere yol a\u00e7ar. \u00a0<\/li>\n\n\n\n<li>Baz\u0131 kurumlar zamanla i\u015flevlerini k\u0131smen veya tamamen di\u011fer kurumlara devredebilir. \u00a0<\/li>\n\n\n\n<li>\u00d6rne\u011fin, Sanayi Devrimi ile \u00e7ekirdek ailenin ortaya \u00e7\u0131kmas\u0131, geleneksel geni\u015f ailenin baz\u0131 i\u015flevlerinin azalmas\u0131na ve di\u011fer kurumlarca \u00fcstlenilmesine neden olmu\u015ftur. \u00a0<\/li>\n\n\n\n<li>Geleneksel geni\u015f ailede herkes \u00fcretim s\u00fcrecine katk\u0131da bulunurken, \u00e7ocuk e\u011fitimi daha \u00e7ok aile b\u00fcy\u00fckleri taraf\u0131ndan verilen mesleki beceriler \u015feklindeydi. \u00a0<\/li>\n\n\n\n<li>Modern \u00e7ekirdek aile d\u00f6neminde \u00e7ocukluk d\u00f6neminin \u00f6nemi fark edildi. \u00a0<\/li>\n\n\n\n<li>\u00c7ocu\u011fun bak\u0131m, g\u00fcvenlik, sa\u011fl\u0131k, e\u011fitim gibi temel ihtiya\u00e7lar\u0131n\u0131n kar\u015f\u0131lanmas\u0131nda ailenin yan\u0131 s\u0131ra ba\u015fka kurumlar da devreye girmeye ba\u015flam\u0131\u015ft\u0131r. \u00a0<\/li>\n<\/ul>\n\n\n\n<p class=\"wp-block-paragraph\"><strong>\u00c7ocuk Bak\u0131m\u0131nda Kurumlar\u0131n Rol\u00fc<\/strong><\/p>\n\n\n\n<ul class=\"wp-block-list\">\n<li>G\u00fcn\u00fcm\u00fczde <strong>\u00e7ocuk yuvas\u0131, kre\u015f, g\u00fcnd\u00fcz bak\u0131mevi, \u00e7ocuk evi, yeti\u015ftirme yurdu, \u00f6zel \u00e7ocuk kul\u00fcb\u00fc, \u00e7ocuk destek merkezi<\/strong> gibi sosyal hizmet kurulu\u015flar\u0131, \u00e7al\u0131\u015fan ebeveynlere ve korunmaya muhta\u00e7 \u00e7ocuklara destek sunar. \u00a0<\/li>\n\n\n\n<li>Bu kurumlar \u00e7ocuklar\u0131n g\u00fcnl\u00fck bak\u0131m\u0131n\u0131 kar\u015f\u0131lar, bili\u015fsel, sosyal, duygusal ve motor becerilerinin geli\u015fimine yard\u0131mc\u0131 olur. \u00a0<\/li>\n\n\n\n<li>\u0130lk ve orta\u00f6\u011fretim kurumlar\u0131 da \u00e7ocu\u011fun topluma uyumlu, yarat\u0131c\u0131 ve sorumlu bireyler olarak yeti\u015fmesi i\u00e7in e\u011fitim \u00f6\u011fretim faaliyetleri yapar. \u00a0<\/li>\n\n\n\n<li>Bu okullarda akademik bilginin yan\u0131 s\u0131ra sosyal-duygusal \u00f6\u011frenme becerileri de geli\u015ftirilir. \u00a0<\/li>\n\n\n\n<li>Herhangi bir kuruma gidemeyen veya yetersiz destek alan \u00e7ocuklar\u0131n ihtiya\u00e7lar\u0131 baz\u0131 kurulu\u015flar taraf\u0131ndan kar\u015f\u0131lan\u0131r. \u00a0<\/li>\n\n\n\n<li>Bu kurulu\u015flar aileye maddi yard\u0131m, \u00e7ocuk bak\u0131m\u0131, e\u011fitim bursu, spor ve sanat etkinlikleri gibi hizmetler sunar. \u00a0<\/li>\n<\/ul>\n\n\n\n<p class=\"wp-block-paragraph\"><strong>Ya\u015fl\u0131 Bak\u0131m\u0131nda Kurumlar\u0131n Rol\u00fc<\/strong><\/p>\n\n\n\n<ul class=\"wp-block-list\">\n<li>Ailenin baz\u0131 i\u015flevlerinin kurumlara devredilmesine bir di\u011fer \u00f6rnek ya\u015fl\u0131 bak\u0131m\u0131d\u0131r. \u00a0<\/li>\n\n\n\n<li>Geleneksel geni\u015f ailede ya\u015fl\u0131 bak\u0131m\u0131 aile taraf\u0131ndan yap\u0131l\u0131rken, g\u00fcn\u00fcm\u00fczde bu durum de\u011fi\u015fmektedir. \u00a0<\/li>\n\n\n\n<li>Do\u011fum oranlar\u0131n\u0131n azalmas\u0131 ve ya\u015fam s\u00fcresinin artmas\u0131 ya\u015fl\u0131 n\u00fcfus oran\u0131n\u0131 art\u0131rm\u0131\u015ft\u0131r. \u00a0<\/li>\n\n\n\n<li>Bu durum ya\u015fl\u0131 bak\u0131m\u0131n\u0131 \u00f6nemli bir konu haline getirmi\u015ftir. \u00a0<\/li>\n\n\n\n<li>Devletler, ekonomik ve sosyal deste\u011fe ihtiyac\u0131 olan ya\u015fl\u0131lara y\u00f6nelik politikalar geli\u015ftirmi\u015ftir. \u00a0<\/li>\n\n\n\n<li>Ya\u015fl\u0131 bireyin bak\u0131m\u0131n\u0131 \u00fcstlenen aile bireylerinin \u00e7al\u0131\u015fmas\u0131, bak\u0131m hizmetlerinin kurumlarca devral\u0131nmas\u0131n\u0131 zorunlu k\u0131lm\u0131\u015ft\u0131r. \u00a0<\/li>\n\n\n\n<li>Devlet veya \u00f6zel kurulu\u015flar; <strong>huzurevi, ya\u015fl\u0131 bak\u0131m ve rehabilitasyon merkezi<\/strong> gibi kurumlar veya &#8220;<strong>evde bak\u0131m<\/strong>&#8221; gibi hizmetlerle ya\u015fl\u0131 bak\u0131m\u0131n\u0131 aileden devralm\u0131\u015ft\u0131r. \u00a0<\/li>\n\n\n\n<li>Bak\u0131m ve deste\u011fe ihtiyac\u0131 olan ya\u015fl\u0131lar \u00e7e\u015fitli hizmetlerden yararlan\u0131r. \u00a0<\/li>\n<\/ul>\n\n\n\n<p class=\"wp-block-paragraph\"><strong>T\u00fcrk Aile Yap\u0131s\u0131ndaki De\u011fi\u015fimler ve Sosyal Problemler<\/strong><\/p>\n\n\n\n<ul class=\"wp-block-list\">\n<li>T\u00fcrk aile yap\u0131s\u0131 ve k\u00fclt\u00fcr\u00fc, tarihsel s\u00fcre\u00e7te toplumsal de\u011fi\u015fimlere ba\u011fl\u0131 olarak bir\u00e7ok alanda d\u00f6n\u00fc\u015f\u00fcm ge\u00e7irmi\u015ftir. \u00a0<\/li>\n\n\n\n<li>K\u00fcreselle\u015fmenin toplumsal ya\u015fama etkisi, aile yap\u0131s\u0131n\u0131 ve k\u00fclt\u00fcr\u00fcn\u00fc de \u00f6nemli \u00f6l\u00e7\u00fcde etkilemi\u015ftir. \u00a0<\/li>\n\n\n\n<li>G\u00fcn\u00fcm\u00fcz T\u00fcrk aile yap\u0131s\u0131 de\u011fi\u015fime u\u011frasa da, Avrupa tipi aile yap\u0131s\u0131ndan farkl\u0131l\u0131k g\u00f6sterir. \u00a0<\/li>\n\n\n\n<li>Avrupa tipi \u00e7ekirdek aile k\u00fclt\u00fcrel olarak sek\u00fclerdir ve s\u0131n\u0131rl\u0131 akrabal\u0131k ili\u015fkileri vard\u0131r. \u00a0<\/li>\n\n\n\n<li>T\u00fcrk \u00e7ekirdek ailesi ise mekan olarak ayr\u0131 olsa da akrabal\u0131k ili\u015fkileri ve etkile\u015fimleri a\u00e7\u0131s\u0131ndan geni\u015f aile \u00f6zelliklerini ta\u015f\u0131r. Bu durum T\u00fcrk toplumsal yap\u0131s\u0131n\u0131n \u00f6zelliklerinin bir yans\u0131mas\u0131d\u0131r. \u00a0<\/li>\n\n\n\n<li>G\u00fcn\u00fcm\u00fcz T\u00fcrk ailesi, bireyselle\u015fme ve t\u00fcketim k\u00fclt\u00fcr\u00fcn\u00fcn etkisi alt\u0131ndad\u0131r. \u00a0<\/li>\n\n\n\n<li>Buna ba\u011fl\u0131 olarak T\u00fcrk ailesinde <strong>bo\u015fanmalar artmakta<\/strong>, <strong>do\u011fum oranlar\u0131 azalmakta<\/strong> ve <strong>tek ebeveynli aile<\/strong> g\u00f6r\u00fclme s\u0131kl\u0131\u011f\u0131 y\u00fckselmektedir. \u00a0<\/li>\n\n\n\n<li>Dolay\u0131s\u0131yla aileye y\u00f6nelik yeni sosyal problemler ortaya \u00e7\u0131kmaktad\u0131r. \u00a0<\/li>\n\n\n\n<li>Bu sosyal problemlerin gelecekte nereye evrilece\u011fini tahmin etmek ve \u00f6nleyici politikalar geli\u015ftirmek toplumsal yap\u0131y\u0131 korumada etkili olacakt\u0131r. \u00a0<\/li>\n\n\n\n<li>Aile k\u00fclt\u00fcr\u00fcnde ya\u015fanan olumsuz de\u011fi\u015fimler sosyal problemlere yol a\u00e7abilir. Bu problemlerin \u00e7\u00f6z\u00fcm\u00fc i\u00e7in sosyal, ekonomik ve demografik politikalar geli\u015ftirilebilir. \u00a0<\/li>\n<\/ul>\n","protected":false},"excerpt":{"rendered":"<div class=\"mh-excerpt\"><p>T\u00fcrk Sosyal Hayat\u0131nda Aile Dersi&nbsp;9. 10. 11. ve 12. s\u0131n\u0131flarda se\u00e7meli olarak okutulan bir derstir. Bu sayfada payla\u015ft\u0131\u011f\u0131m\u0131z&nbsp;T\u00fcrk Sosyal Hayat\u0131nda Aile \u00f6zet ders notlar\u0131 sayesinde&nbsp;s\u0131navda <a class=\"mh-excerpt-more\" href=\"https:\/\/tarihkursu.com\/index.php\/2025\/10\/02\/turk-sosyal-hayatinda-aile-1-unite-toplumsal-bir-kurum-olarak-aile\/\" title=\"T\u00fcrk Sosyal Hayat\u0131nda Aile 1. \u00dcnite: Toplumsal Bir Kurum Olarak Aile\">[&#8230;]<\/a><\/p>\n<\/div>","protected":false},"author":2,"featured_media":2875,"comment_status":"open","ping_status":"open","sticky":false,"template":"","format":"standard","meta":{"_regular_price":[],"currency_symbol":[],"footnotes":""},"categories":[199],"tags":[99,200,297],"class_list":["post-2918","post","type-post","status-publish","format-standard","has-post-thumbnail","hentry","category-turk-sosyal-hayatinda-aile","tag-ders-notlari","tag-turk-sosyal-hayatinda-aile","tag-turk-sosyal-hayatinda-aile-ders-notu"],"post_slider_layout_featured_media_urls":{"thumbnail":["https:\/\/tarihkursu.com\/wp-content\/uploads\/2025\/09\/Pink-Gradient-Concept-Map-Chart-150x150.png",150,150,true],"post_slider_layout_landscape_large":["https:\/\/tarihkursu.com\/wp-content\/uploads\/2025\/09\/Pink-Gradient-Concept-Map-Chart-1200x800.png",1200,800,true],"post_slider_layout_portrait_large":["https:\/\/tarihkursu.com\/wp-content\/uploads\/2025\/09\/Pink-Gradient-Concept-Map-Chart-1200x1080.png",1200,1080,true],"post_slider_layout_square_large":["https:\/\/tarihkursu.com\/wp-content\/uploads\/2025\/09\/Pink-Gradient-Concept-Map-Chart-1200x1080.png",1200,1080,true],"post_slider_layout_landscape":["https:\/\/tarihkursu.com\/wp-content\/uploads\/2025\/09\/Pink-Gradient-Concept-Map-Chart-600x400.png",600,400,true],"post_slider_layout_portrait":["https:\/\/tarihkursu.com\/wp-content\/uploads\/2025\/09\/Pink-Gradient-Concept-Map-Chart-600x900.png",600,900,true],"post_slider_layout_square":["https:\/\/tarihkursu.com\/wp-content\/uploads\/2025\/09\/Pink-Gradient-Concept-Map-Chart-600x600.png",600,600,true],"full":["https:\/\/tarihkursu.com\/wp-content\/uploads\/2025\/09\/Pink-Gradient-Concept-Map-Chart.png",1920,1080,false]},"yoast_head":"<!-- This site is optimized with the Yoast SEO plugin v28.3 - https:\/\/yoast.com\/product\/yoast-seo-wordpress\/ -->\n<title>T\u00fcrk Sosyal Hayat\u0131nda Aile 1. \u00dcnite: Toplumsal Bir Kurum Olarak Aile - tarihkursu.com<\/title>\n<meta name=\"description\" content=\"T\u00fcrk Sosyal Hayat\u0131nda Aile 1. \u00dcnite: Toplumsal Bir Kurum Olarak Aile Ders Notu\u00a0MEB ders kitaplar\u0131\u00a0ile uyumludur.\" \/>\n<meta name=\"robots\" content=\"index, follow, max-snippet:-1, max-image-preview:large, max-video-preview:-1\" \/>\n<link rel=\"canonical\" href=\"https:\/\/tarihkursu.com\/index.php\/2025\/10\/02\/turk-sosyal-hayatinda-aile-1-unite-toplumsal-bir-kurum-olarak-aile\/\" \/>\n<meta property=\"og:locale\" content=\"tr_TR\" \/>\n<meta property=\"og:type\" content=\"article\" \/>\n<meta property=\"og:title\" content=\"T\u00fcrk Sosyal Hayat\u0131nda Aile 1. \u00dcnite: Toplumsal Bir Kurum Olarak Aile - tarihkursu.com\" \/>\n<meta property=\"og:description\" content=\"T\u00fcrk Sosyal Hayat\u0131nda Aile 1. \u00dcnite: Toplumsal Bir Kurum Olarak Aile Ders Notu\u00a0MEB ders kitaplar\u0131\u00a0ile uyumludur.\" \/>\n<meta property=\"og:url\" content=\"https:\/\/tarihkursu.com\/index.php\/2025\/10\/02\/turk-sosyal-hayatinda-aile-1-unite-toplumsal-bir-kurum-olarak-aile\/\" \/>\n<meta property=\"og:site_name\" content=\"tarihkursu.com\" \/>\n<meta property=\"article:published_time\" content=\"2025-10-02T14:43:01+00:00\" \/>\n<meta property=\"og:image\" content=\"https:\/\/tarihkursu.com\/wp-content\/uploads\/2025\/09\/Pink-Gradient-Concept-Map-Chart.png\" \/>\n\t<meta property=\"og:image:width\" content=\"1920\" \/>\n\t<meta property=\"og:image:height\" content=\"1080\" \/>\n\t<meta property=\"og:image:type\" content=\"image\/png\" \/>\n<meta name=\"author\" content=\"tarihkursu\" \/>\n<meta name=\"twitter:card\" content=\"summary_large_image\" \/>\n<meta name=\"twitter:label1\" content=\"Yazan:\" \/>\n\t<meta name=\"twitter:data1\" content=\"tarihkursu\" \/>\n\t<meta name=\"twitter:label2\" content=\"Tahmini okuma s\u00fcresi\" \/>\n\t<meta name=\"twitter:data2\" content=\"21 dakika\" \/>\n<script type=\"application\/ld+json\" class=\"yoast-schema-graph\">{\"@context\":\"https:\\\/\\\/schema.org\",\"@graph\":[{\"@type\":\"Article\",\"@id\":\"https:\\\/\\\/tarihkursu.com\\\/index.php\\\/2025\\\/10\\\/02\\\/turk-sosyal-hayatinda-aile-1-unite-toplumsal-bir-kurum-olarak-aile\\\/#article\",\"isPartOf\":{\"@id\":\"https:\\\/\\\/tarihkursu.com\\\/index.php\\\/2025\\\/10\\\/02\\\/turk-sosyal-hayatinda-aile-1-unite-toplumsal-bir-kurum-olarak-aile\\\/\"},\"author\":{\"name\":\"tarihkursu\",\"@id\":\"https:\\\/\\\/tarihkursu.com\\\/#\\\/schema\\\/person\\\/d0f9105e31352dbe9f08d098ffb8c878\"},\"headline\":\"T\u00fcrk Sosyal Hayat\u0131nda Aile 1. \u00dcnite: Toplumsal Bir Kurum Olarak Aile\",\"datePublished\":\"2025-10-02T14:43:01+00:00\",\"mainEntityOfPage\":{\"@id\":\"https:\\\/\\\/tarihkursu.com\\\/index.php\\\/2025\\\/10\\\/02\\\/turk-sosyal-hayatinda-aile-1-unite-toplumsal-bir-kurum-olarak-aile\\\/\"},\"wordCount\":4935,\"commentCount\":0,\"publisher\":{\"@id\":\"https:\\\/\\\/tarihkursu.com\\\/#\\\/schema\\\/person\\\/4d7bdc3b79e9f5198455474c0f203f3c\"},\"image\":{\"@id\":\"https:\\\/\\\/tarihkursu.com\\\/index.php\\\/2025\\\/10\\\/02\\\/turk-sosyal-hayatinda-aile-1-unite-toplumsal-bir-kurum-olarak-aile\\\/#primaryimage\"},\"thumbnailUrl\":\"https:\\\/\\\/tarihkursu.com\\\/wp-content\\\/uploads\\\/2025\\\/09\\\/Pink-Gradient-Concept-Map-Chart.png\",\"keywords\":[\"ders notlar\u0131\",\"T\u00fcrk Sosyal Hayat\u0131nda Aile\",\"T\u00fcrk sosyal hayat\u0131nda aile ders notu\"],\"articleSection\":[\"T\u00fcrk Sosyal Hayat\u0131nda Aile\"],\"inLanguage\":\"tr\",\"potentialAction\":[{\"@type\":\"CommentAction\",\"name\":\"Comment\",\"target\":[\"https:\\\/\\\/tarihkursu.com\\\/index.php\\\/2025\\\/10\\\/02\\\/turk-sosyal-hayatinda-aile-1-unite-toplumsal-bir-kurum-olarak-aile\\\/#respond\"]}]},{\"@type\":\"WebPage\",\"@id\":\"https:\\\/\\\/tarihkursu.com\\\/index.php\\\/2025\\\/10\\\/02\\\/turk-sosyal-hayatinda-aile-1-unite-toplumsal-bir-kurum-olarak-aile\\\/\",\"url\":\"https:\\\/\\\/tarihkursu.com\\\/index.php\\\/2025\\\/10\\\/02\\\/turk-sosyal-hayatinda-aile-1-unite-toplumsal-bir-kurum-olarak-aile\\\/\",\"name\":\"T\u00fcrk Sosyal Hayat\u0131nda Aile 1. \u00dcnite: Toplumsal Bir Kurum Olarak Aile - tarihkursu.com\",\"isPartOf\":{\"@id\":\"https:\\\/\\\/tarihkursu.com\\\/#website\"},\"primaryImageOfPage\":{\"@id\":\"https:\\\/\\\/tarihkursu.com\\\/index.php\\\/2025\\\/10\\\/02\\\/turk-sosyal-hayatinda-aile-1-unite-toplumsal-bir-kurum-olarak-aile\\\/#primaryimage\"},\"image\":{\"@id\":\"https:\\\/\\\/tarihkursu.com\\\/index.php\\\/2025\\\/10\\\/02\\\/turk-sosyal-hayatinda-aile-1-unite-toplumsal-bir-kurum-olarak-aile\\\/#primaryimage\"},\"thumbnailUrl\":\"https:\\\/\\\/tarihkursu.com\\\/wp-content\\\/uploads\\\/2025\\\/09\\\/Pink-Gradient-Concept-Map-Chart.png\",\"datePublished\":\"2025-10-02T14:43:01+00:00\",\"description\":\"T\u00fcrk Sosyal Hayat\u0131nda Aile 1. \u00dcnite: Toplumsal Bir Kurum Olarak Aile Ders Notu\u00a0MEB ders kitaplar\u0131\u00a0ile uyumludur.\",\"breadcrumb\":{\"@id\":\"https:\\\/\\\/tarihkursu.com\\\/index.php\\\/2025\\\/10\\\/02\\\/turk-sosyal-hayatinda-aile-1-unite-toplumsal-bir-kurum-olarak-aile\\\/#breadcrumb\"},\"inLanguage\":\"tr\",\"potentialAction\":[{\"@type\":\"ReadAction\",\"target\":[\"https:\\\/\\\/tarihkursu.com\\\/index.php\\\/2025\\\/10\\\/02\\\/turk-sosyal-hayatinda-aile-1-unite-toplumsal-bir-kurum-olarak-aile\\\/\"]}]},{\"@type\":\"ImageObject\",\"inLanguage\":\"tr\",\"@id\":\"https:\\\/\\\/tarihkursu.com\\\/index.php\\\/2025\\\/10\\\/02\\\/turk-sosyal-hayatinda-aile-1-unite-toplumsal-bir-kurum-olarak-aile\\\/#primaryimage\",\"url\":\"https:\\\/\\\/tarihkursu.com\\\/wp-content\\\/uploads\\\/2025\\\/09\\\/Pink-Gradient-Concept-Map-Chart.png\",\"contentUrl\":\"https:\\\/\\\/tarihkursu.com\\\/wp-content\\\/uploads\\\/2025\\\/09\\\/Pink-Gradient-Concept-Map-Chart.png\",\"width\":1920,\"height\":1080},{\"@type\":\"BreadcrumbList\",\"@id\":\"https:\\\/\\\/tarihkursu.com\\\/index.php\\\/2025\\\/10\\\/02\\\/turk-sosyal-hayatinda-aile-1-unite-toplumsal-bir-kurum-olarak-aile\\\/#breadcrumb\",\"itemListElement\":[{\"@type\":\"ListItem\",\"position\":1,\"name\":\"Anasayfa\",\"item\":\"https:\\\/\\\/tarihkursu.com\\\/\"},{\"@type\":\"ListItem\",\"position\":2,\"name\":\"T\u00fcrk Sosyal Hayat\u0131nda Aile 1. \u00dcnite: Toplumsal Bir Kurum Olarak Aile\"}]},{\"@type\":\"WebSite\",\"@id\":\"https:\\\/\\\/tarihkursu.com\\\/#website\",\"url\":\"https:\\\/\\\/tarihkursu.com\\\/\",\"name\":\"Tarih Kursu\",\"description\":\"\u0130\u015fimiz G\u00fcc\u00fcm\u00fcz Tarih\",\"publisher\":{\"@id\":\"https:\\\/\\\/tarihkursu.com\\\/#\\\/schema\\\/person\\\/4d7bdc3b79e9f5198455474c0f203f3c\"},\"potentialAction\":[{\"@type\":\"SearchAction\",\"target\":{\"@type\":\"EntryPoint\",\"urlTemplate\":\"https:\\\/\\\/tarihkursu.com\\\/?s={search_term_string}\"},\"query-input\":{\"@type\":\"PropertyValueSpecification\",\"valueRequired\":true,\"valueName\":\"search_term_string\"}}],\"inLanguage\":\"tr\"},{\"@type\":[\"Person\",\"Organization\"],\"@id\":\"https:\\\/\\\/tarihkursu.com\\\/#\\\/schema\\\/person\\\/4d7bdc3b79e9f5198455474c0f203f3c\",\"name\":\"admin\",\"image\":{\"@type\":\"ImageObject\",\"inLanguage\":\"tr\",\"@id\":\"https:\\\/\\\/tarihkursu.com\\\/wp-content\\\/uploads\\\/2024\\\/10\\\/TARIHKURSU-Kopyasi.png\",\"url\":\"https:\\\/\\\/tarihkursu.com\\\/wp-content\\\/uploads\\\/2024\\\/10\\\/TARIHKURSU-Kopyasi.png\",\"contentUrl\":\"https:\\\/\\\/tarihkursu.com\\\/wp-content\\\/uploads\\\/2024\\\/10\\\/TARIHKURSU-Kopyasi.png\",\"width\":1080,\"height\":1080,\"caption\":\"admin\"},\"logo\":{\"@id\":\"https:\\\/\\\/tarihkursu.com\\\/wp-content\\\/uploads\\\/2024\\\/10\\\/TARIHKURSU-Kopyasi.png\"},\"sameAs\":[\"https:\\\/\\\/tarihkursu.com\"]},{\"@type\":\"Person\",\"@id\":\"https:\\\/\\\/tarihkursu.com\\\/#\\\/schema\\\/person\\\/d0f9105e31352dbe9f08d098ffb8c878\",\"name\":\"tarihkursu\",\"image\":{\"@type\":\"ImageObject\",\"inLanguage\":\"tr\",\"@id\":\"https:\\\/\\\/secure.gravatar.com\\\/avatar\\\/1354763acbc865faa7650c3e1e4431f187276d71f132349411302a546cdeae54?s=96&d=mm&r=g\",\"url\":\"https:\\\/\\\/secure.gravatar.com\\\/avatar\\\/1354763acbc865faa7650c3e1e4431f187276d71f132349411302a546cdeae54?s=96&d=mm&r=g\",\"contentUrl\":\"https:\\\/\\\/secure.gravatar.com\\\/avatar\\\/1354763acbc865faa7650c3e1e4431f187276d71f132349411302a546cdeae54?s=96&d=mm&r=g\",\"caption\":\"tarihkursu\"},\"url\":\"https:\\\/\\\/tarihkursu.com\\\/index.php\\\/author\\\/tarihkursu\\\/\"}]}<\/script>\n<!-- \/ Yoast SEO plugin. -->","yoast_head_json":{"title":"T\u00fcrk Sosyal Hayat\u0131nda Aile 1. \u00dcnite: Toplumsal Bir Kurum Olarak Aile - tarihkursu.com","description":"T\u00fcrk Sosyal Hayat\u0131nda Aile 1. \u00dcnite: Toplumsal Bir Kurum Olarak Aile Ders Notu\u00a0MEB ders kitaplar\u0131\u00a0ile uyumludur.","robots":{"index":"index","follow":"follow","max-snippet":"max-snippet:-1","max-image-preview":"max-image-preview:large","max-video-preview":"max-video-preview:-1"},"canonical":"https:\/\/tarihkursu.com\/index.php\/2025\/10\/02\/turk-sosyal-hayatinda-aile-1-unite-toplumsal-bir-kurum-olarak-aile\/","og_locale":"tr_TR","og_type":"article","og_title":"T\u00fcrk Sosyal Hayat\u0131nda Aile 1. \u00dcnite: Toplumsal Bir Kurum Olarak Aile - tarihkursu.com","og_description":"T\u00fcrk Sosyal Hayat\u0131nda Aile 1. \u00dcnite: Toplumsal Bir Kurum Olarak Aile Ders Notu\u00a0MEB ders kitaplar\u0131\u00a0ile uyumludur.","og_url":"https:\/\/tarihkursu.com\/index.php\/2025\/10\/02\/turk-sosyal-hayatinda-aile-1-unite-toplumsal-bir-kurum-olarak-aile\/","og_site_name":"tarihkursu.com","article_published_time":"2025-10-02T14:43:01+00:00","og_image":[{"width":1920,"height":1080,"url":"https:\/\/tarihkursu.com\/wp-content\/uploads\/2025\/09\/Pink-Gradient-Concept-Map-Chart.png","type":"image\/png"}],"author":"tarihkursu","twitter_card":"summary_large_image","twitter_misc":{"Yazan:":"tarihkursu","Tahmini okuma s\u00fcresi":"21 dakika"},"schema":{"@context":"https:\/\/schema.org","@graph":[{"@type":"Article","@id":"https:\/\/tarihkursu.com\/index.php\/2025\/10\/02\/turk-sosyal-hayatinda-aile-1-unite-toplumsal-bir-kurum-olarak-aile\/#article","isPartOf":{"@id":"https:\/\/tarihkursu.com\/index.php\/2025\/10\/02\/turk-sosyal-hayatinda-aile-1-unite-toplumsal-bir-kurum-olarak-aile\/"},"author":{"name":"tarihkursu","@id":"https:\/\/tarihkursu.com\/#\/schema\/person\/d0f9105e31352dbe9f08d098ffb8c878"},"headline":"T\u00fcrk Sosyal Hayat\u0131nda Aile 1. \u00dcnite: Toplumsal Bir Kurum Olarak Aile","datePublished":"2025-10-02T14:43:01+00:00","mainEntityOfPage":{"@id":"https:\/\/tarihkursu.com\/index.php\/2025\/10\/02\/turk-sosyal-hayatinda-aile-1-unite-toplumsal-bir-kurum-olarak-aile\/"},"wordCount":4935,"commentCount":0,"publisher":{"@id":"https:\/\/tarihkursu.com\/#\/schema\/person\/4d7bdc3b79e9f5198455474c0f203f3c"},"image":{"@id":"https:\/\/tarihkursu.com\/index.php\/2025\/10\/02\/turk-sosyal-hayatinda-aile-1-unite-toplumsal-bir-kurum-olarak-aile\/#primaryimage"},"thumbnailUrl":"https:\/\/tarihkursu.com\/wp-content\/uploads\/2025\/09\/Pink-Gradient-Concept-Map-Chart.png","keywords":["ders notlar\u0131","T\u00fcrk Sosyal Hayat\u0131nda Aile","T\u00fcrk sosyal hayat\u0131nda aile ders notu"],"articleSection":["T\u00fcrk Sosyal Hayat\u0131nda Aile"],"inLanguage":"tr","potentialAction":[{"@type":"CommentAction","name":"Comment","target":["https:\/\/tarihkursu.com\/index.php\/2025\/10\/02\/turk-sosyal-hayatinda-aile-1-unite-toplumsal-bir-kurum-olarak-aile\/#respond"]}]},{"@type":"WebPage","@id":"https:\/\/tarihkursu.com\/index.php\/2025\/10\/02\/turk-sosyal-hayatinda-aile-1-unite-toplumsal-bir-kurum-olarak-aile\/","url":"https:\/\/tarihkursu.com\/index.php\/2025\/10\/02\/turk-sosyal-hayatinda-aile-1-unite-toplumsal-bir-kurum-olarak-aile\/","name":"T\u00fcrk Sosyal Hayat\u0131nda Aile 1. \u00dcnite: Toplumsal Bir Kurum Olarak Aile - tarihkursu.com","isPartOf":{"@id":"https:\/\/tarihkursu.com\/#website"},"primaryImageOfPage":{"@id":"https:\/\/tarihkursu.com\/index.php\/2025\/10\/02\/turk-sosyal-hayatinda-aile-1-unite-toplumsal-bir-kurum-olarak-aile\/#primaryimage"},"image":{"@id":"https:\/\/tarihkursu.com\/index.php\/2025\/10\/02\/turk-sosyal-hayatinda-aile-1-unite-toplumsal-bir-kurum-olarak-aile\/#primaryimage"},"thumbnailUrl":"https:\/\/tarihkursu.com\/wp-content\/uploads\/2025\/09\/Pink-Gradient-Concept-Map-Chart.png","datePublished":"2025-10-02T14:43:01+00:00","description":"T\u00fcrk Sosyal Hayat\u0131nda Aile 1. \u00dcnite: Toplumsal Bir Kurum Olarak Aile Ders Notu\u00a0MEB ders kitaplar\u0131\u00a0ile uyumludur.","breadcrumb":{"@id":"https:\/\/tarihkursu.com\/index.php\/2025\/10\/02\/turk-sosyal-hayatinda-aile-1-unite-toplumsal-bir-kurum-olarak-aile\/#breadcrumb"},"inLanguage":"tr","potentialAction":[{"@type":"ReadAction","target":["https:\/\/tarihkursu.com\/index.php\/2025\/10\/02\/turk-sosyal-hayatinda-aile-1-unite-toplumsal-bir-kurum-olarak-aile\/"]}]},{"@type":"ImageObject","inLanguage":"tr","@id":"https:\/\/tarihkursu.com\/index.php\/2025\/10\/02\/turk-sosyal-hayatinda-aile-1-unite-toplumsal-bir-kurum-olarak-aile\/#primaryimage","url":"https:\/\/tarihkursu.com\/wp-content\/uploads\/2025\/09\/Pink-Gradient-Concept-Map-Chart.png","contentUrl":"https:\/\/tarihkursu.com\/wp-content\/uploads\/2025\/09\/Pink-Gradient-Concept-Map-Chart.png","width":1920,"height":1080},{"@type":"BreadcrumbList","@id":"https:\/\/tarihkursu.com\/index.php\/2025\/10\/02\/turk-sosyal-hayatinda-aile-1-unite-toplumsal-bir-kurum-olarak-aile\/#breadcrumb","itemListElement":[{"@type":"ListItem","position":1,"name":"Anasayfa","item":"https:\/\/tarihkursu.com\/"},{"@type":"ListItem","position":2,"name":"T\u00fcrk Sosyal Hayat\u0131nda Aile 1. \u00dcnite: Toplumsal Bir Kurum Olarak Aile"}]},{"@type":"WebSite","@id":"https:\/\/tarihkursu.com\/#website","url":"https:\/\/tarihkursu.com\/","name":"Tarih Kursu","description":"\u0130\u015fimiz G\u00fcc\u00fcm\u00fcz Tarih","publisher":{"@id":"https:\/\/tarihkursu.com\/#\/schema\/person\/4d7bdc3b79e9f5198455474c0f203f3c"},"potentialAction":[{"@type":"SearchAction","target":{"@type":"EntryPoint","urlTemplate":"https:\/\/tarihkursu.com\/?s={search_term_string}"},"query-input":{"@type":"PropertyValueSpecification","valueRequired":true,"valueName":"search_term_string"}}],"inLanguage":"tr"},{"@type":["Person","Organization"],"@id":"https:\/\/tarihkursu.com\/#\/schema\/person\/4d7bdc3b79e9f5198455474c0f203f3c","name":"admin","image":{"@type":"ImageObject","inLanguage":"tr","@id":"https:\/\/tarihkursu.com\/wp-content\/uploads\/2024\/10\/TARIHKURSU-Kopyasi.png","url":"https:\/\/tarihkursu.com\/wp-content\/uploads\/2024\/10\/TARIHKURSU-Kopyasi.png","contentUrl":"https:\/\/tarihkursu.com\/wp-content\/uploads\/2024\/10\/TARIHKURSU-Kopyasi.png","width":1080,"height":1080,"caption":"admin"},"logo":{"@id":"https:\/\/tarihkursu.com\/wp-content\/uploads\/2024\/10\/TARIHKURSU-Kopyasi.png"},"sameAs":["https:\/\/tarihkursu.com"]},{"@type":"Person","@id":"https:\/\/tarihkursu.com\/#\/schema\/person\/d0f9105e31352dbe9f08d098ffb8c878","name":"tarihkursu","image":{"@type":"ImageObject","inLanguage":"tr","@id":"https:\/\/secure.gravatar.com\/avatar\/1354763acbc865faa7650c3e1e4431f187276d71f132349411302a546cdeae54?s=96&d=mm&r=g","url":"https:\/\/secure.gravatar.com\/avatar\/1354763acbc865faa7650c3e1e4431f187276d71f132349411302a546cdeae54?s=96&d=mm&r=g","contentUrl":"https:\/\/secure.gravatar.com\/avatar\/1354763acbc865faa7650c3e1e4431f187276d71f132349411302a546cdeae54?s=96&d=mm&r=g","caption":"tarihkursu"},"url":"https:\/\/tarihkursu.com\/index.php\/author\/tarihkursu\/"}]}},"_links":{"self":[{"href":"https:\/\/tarihkursu.com\/index.php\/wp-json\/wp\/v2\/posts\/2918","targetHints":{"allow":["GET"]}}],"collection":[{"href":"https:\/\/tarihkursu.com\/index.php\/wp-json\/wp\/v2\/posts"}],"about":[{"href":"https:\/\/tarihkursu.com\/index.php\/wp-json\/wp\/v2\/types\/post"}],"author":[{"embeddable":true,"href":"https:\/\/tarihkursu.com\/index.php\/wp-json\/wp\/v2\/users\/2"}],"replies":[{"embeddable":true,"href":"https:\/\/tarihkursu.com\/index.php\/wp-json\/wp\/v2\/comments?post=2918"}],"version-history":[{"count":1,"href":"https:\/\/tarihkursu.com\/index.php\/wp-json\/wp\/v2\/posts\/2918\/revisions"}],"predecessor-version":[{"id":2919,"href":"https:\/\/tarihkursu.com\/index.php\/wp-json\/wp\/v2\/posts\/2918\/revisions\/2919"}],"wp:featuredmedia":[{"embeddable":true,"href":"https:\/\/tarihkursu.com\/index.php\/wp-json\/wp\/v2\/media\/2875"}],"wp:attachment":[{"href":"https:\/\/tarihkursu.com\/index.php\/wp-json\/wp\/v2\/media?parent=2918"}],"wp:term":[{"taxonomy":"category","embeddable":true,"href":"https:\/\/tarihkursu.com\/index.php\/wp-json\/wp\/v2\/categories?post=2918"},{"taxonomy":"post_tag","embeddable":true,"href":"https:\/\/tarihkursu.com\/index.php\/wp-json\/wp\/v2\/tags?post=2918"}],"curies":[{"name":"wp","href":"https:\/\/api.w.org\/{rel}","templated":true}]}}