{"id":292,"date":"2023-11-16T14:22:00","date_gmt":"2023-11-16T11:22:00","guid":{"rendered":"https:\/\/tarihkursu.com\/index.php\/2023\/11\/16\/6-gun-savaslari-araplarin-israil-karsisindaki-utanc-verici-hezimeti\/"},"modified":"2023-11-16T14:22:00","modified_gmt":"2023-11-16T11:22:00","slug":"6-gun-savaslari-araplarin-israil-karsisindaki-utanc-verici-hezimeti","status":"publish","type":"post","link":"https:\/\/tarihkursu.com\/index.php\/2023\/11\/16\/6-gun-savaslari-araplarin-israil-karsisindaki-utanc-verici-hezimeti\/","title":{"rendered":"6 G\u00dcN SAVA\u015eLARI | ARAPLARIN \u0130SRA\u0130L KAR\u015eISINDAK\u0130 UTAN\u00c7 VER\u0130C\u0130 HEZ\u0130MET\u0130"},"content":{"rendered":"<p><span style=\"font-family: arial; font-size: medium;\">&nbsp;<\/span><\/p>\n<div style=\"clear: both; text-align: center;\"><a href=\"https:\/\/blogger.googleusercontent.com\/img\/b\/R29vZ2xl\/AVvXsEjEjaWjUwWC30JlliGVG0pPUY1t5Z2bsqkmhSR6WI6cpxRQQZH6whec1yPwTB2sZUaGrbqSq_OQB4_fBdL7TQrAy-7lJhb8zGnqGS5kG7Z-glmJeOy5s5T1XOILxLlS3IUOAwPXFQXVZD6YlBnow-qRdblu2JsMFe9hS7Uv5-xKmfDTkff9NQLT9PceWhdh\/s1760\/6%20G%C3%9CN%20SAVA%C5%9ELARI.png\" style=\"margin-left: 1em; margin-right: 1em;\"><span style=\"font-family: arial; font-size: medium;\"><img loading=\"lazy\" decoding=\"async\" border=\"0\" data-original-height=\"990\" data-original-width=\"1760\" height=\"360\" src=\"https:\/\/blogger.googleusercontent.com\/img\/b\/R29vZ2xl\/AVvXsEjEjaWjUwWC30JlliGVG0pPUY1t5Z2bsqkmhSR6WI6cpxRQQZH6whec1yPwTB2sZUaGrbqSq_OQB4_fBdL7TQrAy-7lJhb8zGnqGS5kG7Z-glmJeOy5s5T1XOILxLlS3IUOAwPXFQXVZD6YlBnow-qRdblu2JsMFe9hS7Uv5-xKmfDTkff9NQLT9PceWhdh\/w640-h360\/6%20G%C3%9CN%20SAVA%C5%9ELARI.png\" width=\"640\" \/><\/span><\/a><\/div>\n<div style=\"clear: both; text-align: center;\"><span style=\"font-family: arial; font-size: medium;\"><br \/><\/span><\/div>\n<div style=\"clear: both; text-align: center;\"><span style=\"font-family: arial; font-size: medium;\"><br \/><\/span><\/div>\n<h1 style=\"background-color: rgba(255, 255, 255, 0.7); color: #111111; font-variation-settings: var(--cib-type-title2-font-variation-settings); line-height: var(--cib-type-title2-line-height); margin: 12px 0px 0px; padding: 0px; user-select: text; word-break: break-word;\"><span style=\"font-family: arial; font-size: medium;\">6 G\u00fcn Sava\u015flar\u0131: Orta Do\u011fu\u2019nun Kaderini De\u011fi\u015ftiren Sava\u015f<\/span><\/h1>\n<p style=\"background-color: rgba(255, 255, 255, 0.7); color: #111111; font-variation-settings: var(--cib-type-body2-font-variation-settings); line-height: var(--cib-type-body2-line-height); margin: 12px 0px 0px; padding: 0px; user-select: text; word-break: break-word;\"><span style=\"font-family: arial; font-size: medium;\">Orta Do\u011fu, tarihin en eski ve en karma\u015f\u0131k b\u00f6lgelerinden biridir. Bu b\u00f6lge, pek \u00e7ok medeniyete, k\u00fclt\u00fcre, dine ve etnik gruba ev sahipli\u011fi yapm\u0131\u015ft\u0131r. Bu \u00e7e\u015fitlilik, hem zenginlik hem de \u00e7at\u0131\u015fma kayna\u011f\u0131 olmu\u015ftur. Orta Do\u011fu\u2019da ya\u015fanan en \u00f6nemli \u00e7at\u0131\u015fmalardan biri de, 1967 y\u0131l\u0131nda \u0130srail ile Arap \u00fclkeleri aras\u0131nda ya\u015fanan 6 g\u00fcn sava\u015flar\u0131d\u0131r. Bu sava\u015f, sadece 6 g\u00fcn s\u00fcrmesine ra\u011fmen, Orta Do\u011fu\u2019nun bug\u00fcnk\u00fc siyasi haritas\u0131n\u0131 \u015fekillendirmi\u015f ve b\u00f6lgedeki sorunlar\u0131n k\u00f6k\u00fcn\u00fc olu\u015fturmu\u015ftur. Bu makalede, 6 g\u00fcn sava\u015flar\u0131n\u0131n nedenlerini, geli\u015fimini ve sonu\u00e7lar\u0131n\u0131 inceleyece\u011fiz.<\/span><\/p>\n<h2 style=\"background-color: rgba(255, 255, 255, 0.7); color: #111111; font-variation-settings: var(--cib-type-title3-font-variation-settings); line-height: var(--cib-type-title3-line-height); margin: 12px 0px 0px; padding: 0px; user-select: text; word-break: break-word;\"><span style=\"font-family: arial; font-size: medium;\">6 G\u00fcn Sava\u015flar\u0131 Nas\u0131l Ba\u015flad\u0131?<\/span><\/h2>\n<p style=\"background-color: rgba(255, 255, 255, 0.7); color: #111111; font-variation-settings: var(--cib-type-body2-font-variation-settings); line-height: var(--cib-type-body2-line-height); margin: 12px 0px 0px; padding: 0px; user-select: text; word-break: break-word;\"><span style=\"font-family: arial; font-size: medium;\">6 g\u00fcn sava\u015flar\u0131n\u0131n ba\u015flang\u0131c\u0131, 1948 y\u0131l\u0131nda kurulan \u0130srail devletine kar\u015f\u0131 Arap \u00fclkelerinin duydu\u011fu d\u00fc\u015fmanl\u0131\u011fa dayan\u0131r. \u0130srail, Filistin topraklar\u0131nda kurulmu\u015f ve Araplar\u0131n \u00e7o\u011funlukta oldu\u011fu bir b\u00f6lgeyi i\u015fgal etmi\u015fti. Arap \u00fclkeleri, \u0130srail\u2019in varl\u0131\u011f\u0131n\u0131 tan\u0131m\u0131yor ve yok etmek i\u00e7in f\u0131rsat kolluyordu. 1956 y\u0131l\u0131nda M\u0131s\u0131r\u2019\u0131n S\u00fcvey\u015f Kanal\u0131\u2019n\u0131 millile\u015ftirmesi \u00fczerine \u0130ngiltere, Fransa ve \u0130srail, M\u0131s\u0131r\u2019a sald\u0131rm\u0131\u015f ve S\u00fcvey\u015f Krizi\u2019ni ba\u015flatm\u0131\u015ft\u0131. Bu krizde M\u0131s\u0131r, Arap \u00fclkelerinin deste\u011fiyle direnmi\u015f ve Birle\u015fmi\u015f Milletler\u2019in m\u00fcdahalesiyle kriz sona ermi\u015fti. Bu olay, M\u0131s\u0131r lideri Cemal Abd\u00fcnnas\u0131r\u2019\u0131n Arap d\u00fcnyas\u0131ndaki prestijini art\u0131rm\u0131\u015f ve Pan-Arabizm ad\u0131 verilen Arap birli\u011fi ideolojisini g\u00fc\u00e7lendirmi\u015fti.<\/span><\/p>\n<p style=\"background-color: rgba(255, 255, 255, 0.7); color: #111111; font-variation-settings: var(--cib-type-body2-font-variation-settings); line-height: var(--cib-type-body2-line-height); margin: 12px 0px 0px; padding: 0px; user-select: text; word-break: break-word;\"><span style=\"font-family: arial; font-size: medium;\">1960\u2019l\u0131 y\u0131llarda ise Arap-\u0130srail gerginli\u011fi artmaya devam etti. Suriye, \u0130srail\u2019in Golan Tepeleri\u2019ndeki su kaynaklar\u0131n\u0131 kontrol etmesine kar\u015f\u0131 \u00e7\u0131k\u0131yor ve \u0130srail\u2019e s\u0131n\u0131r ihlalleri yap\u0131yordu. \u0130srail ise Suriye\u2019yi hava sald\u0131r\u0131lar\u0131yla cezaland\u0131r\u0131yordu. M\u0131s\u0131r ise Suriye ile bir savunma anla\u015fmas\u0131 imzalayarak \u0130srail\u2019e kar\u015f\u0131 bir cephe olu\u015fturuyordu. \u00dcrd\u00fcn de bu ittifaka kat\u0131larak \u0130srail\u2019i Bat\u0131 \u015eeria ve Do\u011fu Kud\u00fcs\u2019ten \u00e7\u0131karmay\u0131 hedefliyordu. Bu arada Filistin Kurtulu\u015f \u00d6rg\u00fct\u00fc (FK\u00d6), \u0130srail\u2019e kar\u015f\u0131 silahl\u0131 eylemler d\u00fczenliyor ve Arap \u00fclkelerinin deste\u011fini al\u0131yordu.<\/span><\/p>\n<p style=\"background-color: rgba(255, 255, 255, 0.7); color: #111111; font-variation-settings: var(--cib-type-body2-font-variation-settings); line-height: var(--cib-type-body2-line-height); margin: 12px 0px 0px; padding: 0px; user-select: text; word-break: break-word;\"><span style=\"font-family: arial; font-size: medium;\">1967 y\u0131l\u0131na gelindi\u011finde, Arap \u00fclkeleri \u0130srail\u2019e kar\u015f\u0131 bir sava\u015f haz\u0131rl\u0131\u011f\u0131 i\u00e7indeydi. M\u0131s\u0131r, S\u00fcvey\u015f Kanal\u0131\u2019n\u0131 \u0130srail gemilerine kapatt\u0131. Ayr\u0131ca Birle\u015fmi\u015f Milletler bar\u0131\u015f g\u00fcc\u00fcn\u00fcn Sina Yar\u0131madas\u0131\u2019ndan \u00e7ekmesini istedi. Bu hamleler, \u0130srail\u2019i tehdit alt\u0131nda hissettirdi ve sava\u015f\u0131n ka\u00e7\u0131n\u0131lmaz oldu\u011funu g\u00f6sterdi. \u0130srail, Arap \u00fclkelerinin sald\u0131r\u0131s\u0131n\u0131 beklemeden, 5 Haziran 1967 sabah\u0131, s\u00fcrpriz bir hava sald\u0131r\u0131s\u0131yla sava\u015f\u0131 ba\u015flatt\u0131. Bu sald\u0131r\u0131da, Arap \u00fclkelerinin hava kuvvetleri b\u00fcy\u00fck \u00f6l\u00e7\u00fcde imha edildi ve \u0130srail, hava \u00fcst\u00fcnl\u00fc\u011f\u00fcn\u00fc ele ge\u00e7irdi.<\/span><\/p>\n<h2 style=\"background-color: rgba(255, 255, 255, 0.7); color: #111111; font-variation-settings: var(--cib-type-title3-font-variation-settings); line-height: var(--cib-type-title3-line-height); margin: 12px 0px 0px; padding: 0px; user-select: text; word-break: break-word;\"><span style=\"font-family: arial; font-size: medium;\">6 G\u00fcn Sava\u015flar\u0131 Nas\u0131l Geli\u015fti?<\/span><\/h2>\n<p style=\"background-color: rgba(255, 255, 255, 0.7); color: #111111; font-variation-settings: var(--cib-type-body2-font-variation-settings); line-height: var(--cib-type-body2-line-height); margin: 12px 0px 0px; padding: 0px; user-select: text; word-break: break-word;\"><span style=\"font-family: arial; font-size: medium;\">\u0130srail\u2019in hava sald\u0131r\u0131s\u0131ndan sonra, kara sava\u015f\u0131 da ba\u015flad\u0131. \u0130srail kara kuvvetleri, M\u0131s\u0131r\u2019\u0131n Sina Yar\u0131madas\u0131\u2019n\u0131, \u00dcrd\u00fcn\u2019\u00fcn Bat\u0131 \u015eeria ve Do\u011fu Kud\u00fcs\u2019\u00fcn\u00fc, Suriye\u2019nin Golan Tepeleri\u2019ni i\u015fgal etti. \u0130srail, bu b\u00f6lgelerdeki Arap ordular\u0131n\u0131 b\u00fcy\u00fck kay\u0131plara u\u011fratt\u0131 ve esir ald\u0131. Arap \u00fclkeleri ise, \u0130srail\u2019in sald\u0131r\u0131s\u0131na kar\u015f\u0131 koymakta zorland\u0131 ve geri \u00e7ekilmek zorunda kald\u0131. \u0130srail, bu sava\u015fta, hem askeri hem de siyasi olarak b\u00fcy\u00fck bir ba\u015far\u0131 elde etti. Arap \u00fclkeleri ise, hem askeri hem de siyasi olarak b\u00fcy\u00fck bir hezimete u\u011frad\u0131. 10 Haziran 1967\u2019de Birle\u015fmi\u015f Milletler\u2019in araya girmesiyle sava\u015f sona erdi.<\/span><\/p>\n<h2 style=\"background-color: rgba(255, 255, 255, 0.7); color: #111111; font-variation-settings: var(--cib-type-title3-font-variation-settings); line-height: var(--cib-type-title3-line-height); margin: 12px 0px 0px; padding: 0px; user-select: text; word-break: break-word;\"><span style=\"font-family: arial; font-size: medium;\">6 G\u00fcn Sava\u015flar\u0131\u2019n\u0131n Sonu\u00e7lar\u0131 Nelerdir?<\/span><\/h2>\n<p style=\"background-color: rgba(255, 255, 255, 0.7); color: #111111; font-variation-settings: var(--cib-type-body2-font-variation-settings); line-height: var(--cib-type-body2-line-height); margin: 12px 0px 0px; padding: 0px; user-select: text; word-break: break-word;\"><span style=\"font-family: arial; font-size: medium;\">6 g\u00fcn sava\u015flar\u0131, Orta Do\u011fu\u2019da b\u00fcy\u00fck bir de\u011fi\u015fime yol a\u00e7t\u0131. \u0130srail, topraklar\u0131n\u0131 d\u00f6rt kat\u0131na \u00e7\u0131kararak b\u00f6lgedeki g\u00fcc\u00fcn\u00fc art\u0131rd\u0131. Arap \u00fclkeleri ise b\u00fcy\u00fck bir hezimete u\u011frayarak, Pan-Arabizm ideolojisini yitirdi. Filistinliler ise topraklar\u0131n\u0131 kaybederek, m\u00fclteci durumuna d\u00fc\u015ft\u00fc. Bu sava\u015f, ayn\u0131 zamanda, Arap-\u0130srail sorununun uluslararas\u0131 bir boyut kazanmas\u0131na neden oldu. Sovyetler Birli\u011fi, Arap \u00fclkelerine destek verirken, ABD, \u0130srail\u2019e destek verdi. Bu sava\u015f\u0131n sonu\u00e7lar\u0131, bug\u00fcn de devam eden Arap-\u0130srail \u00e7at\u0131\u015fmas\u0131n\u0131n, Filistin sorununun ve Kud\u00fcs meselesinin temelini olu\u015fturdu.<\/span><\/p>\n<p style=\"background-color: rgba(255, 255, 255, 0.7); color: #111111; font-variation-settings: var(--cib-type-body2-font-variation-settings); line-height: var(--cib-type-body2-line-height); margin: 12px 0px 0px; padding: 0px; user-select: text; word-break: break-word;\"><span style=\"font-family: arial; font-size: medium;\">6 g\u00fcn sava\u015flar\u0131, Orta Do\u011fu tarihinin en \u00f6nemli olaylar\u0131ndan biridir. Bu sava\u015f, hem b\u00f6lgedeki hem de d\u00fcnyadaki dengeleri de\u011fi\u015ftirmi\u015ftir. Bu sava\u015f\u0131n nedenlerini, geli\u015fimini ve sonu\u00e7lar\u0131n\u0131 anlamak, Orta Do\u011fu\u2019nun bug\u00fcnk\u00fc durumunu anlamak i\u00e7in \u00f6nemlidir. Bu makalede, 6 g\u00fcn sava\u015flar\u0131n\u0131 k\u0131saca \u00f6zetlemeye \u00e7al\u0131\u015ft\u0131k.<\/span><\/p>\n<p style=\"background-color: rgba(255, 255, 255, 0.7); color: #111111; font-variation-settings: var(--cib-type-body2-font-variation-settings); line-height: var(--cib-type-body2-line-height); margin: 12px 0px 0px; padding: 0px; user-select: text; word-break: break-word;\"><span style=\"font-family: arial; font-size: medium;\"><br \/><\/span><\/p>\n<p style=\"background-color: rgba(255, 255, 255, 0.7); color: #111111; font-variation-settings: var(--cib-type-body2-font-variation-settings); line-height: var(--cib-type-body2-line-height); margin: 12px 0px 0px; padding: 0px; user-select: text; word-break: break-word;\">\n<div style=\"clear: both; text-align: center;\"><a href=\"https:\/\/blogger.googleusercontent.com\/img\/b\/R29vZ2xl\/AVvXsEgU-Zlb9pZO7KRgmgYOh-btESsLSk0v0vyBhDTKnXt9G7SoEP04y5-HgP0qdv3bFcHAOW_3Y3TZU4bKBnsjSJr-3czkItMBbtfRZhS-_yFRXO8oltN3pVWTiVGTwX_ntsT5DS0lf60_cYCpdgmzSwzCFZVaXsDWeGmWNAAqCdwFEDKGV_gsZn-44quYtzvx\/s2000\/Israil-ve-Dis-Politika-Analizi.jpg.webp\" style=\"margin-left: 1em; margin-right: 1em;\"><img loading=\"lazy\" decoding=\"async\" border=\"0\" data-original-height=\"1200\" data-original-width=\"2000\" height=\"384\" src=\"https:\/\/blogger.googleusercontent.com\/img\/b\/R29vZ2xl\/AVvXsEgU-Zlb9pZO7KRgmgYOh-btESsLSk0v0vyBhDTKnXt9G7SoEP04y5-HgP0qdv3bFcHAOW_3Y3TZU4bKBnsjSJr-3czkItMBbtfRZhS-_yFRXO8oltN3pVWTiVGTwX_ntsT5DS0lf60_cYCpdgmzSwzCFZVaXsDWeGmWNAAqCdwFEDKGV_gsZn-44quYtzvx\/w640-h384\/Israil-ve-Dis-Politika-Analizi.jpg.webp\" width=\"640\" \/><\/a><\/div>\n<p><span style=\"font-family: arial; font-size: medium;\"><br \/><\/span><\/p><\/p>\n","protected":false},"excerpt":{"rendered":"<div class=\"mh-excerpt\"><p>&nbsp; 6 G\u00fcn Sava\u015flar\u0131: Orta Do\u011fu\u2019nun Kaderini De\u011fi\u015ftiren Sava\u015f Orta Do\u011fu, tarihin en eski ve en karma\u015f\u0131k b\u00f6lgelerinden biridir. Bu b\u00f6lge, pek \u00e7ok medeniyete, k\u00fclt\u00fcre, <a class=\"mh-excerpt-more\" href=\"https:\/\/tarihkursu.com\/index.php\/2023\/11\/16\/6-gun-savaslari-araplarin-israil-karsisindaki-utanc-verici-hezimeti\/\" title=\"6 G\u00dcN SAVA\u015eLARI | ARAPLARIN \u0130SRA\u0130L KAR\u015eISINDAK\u0130 UTAN\u00c7 VER\u0130C\u0130 HEZ\u0130MET\u0130\">[&#8230;]<\/a><\/p>\n<\/div>","protected":false},"author":2,"featured_media":0,"comment_status":"open","ping_status":"open","sticky":false,"template":"","format":"standard","meta":{"_regular_price":[],"currency_symbol":[],"footnotes":""},"categories":[27],"tags":[],"class_list":["post-292","post","type-post","status-publish","format-standard","hentry","category-makaleler"],"post_slider_layout_featured_media_urls":{"thumbnail":"","post_slider_layout_landscape_large":"","post_slider_layout_portrait_large":"","post_slider_layout_square_large":"","post_slider_layout_landscape":"","post_slider_layout_portrait":"","post_slider_layout_square":"","full":""},"yoast_head":"<!-- This site is optimized with the Yoast SEO plugin v27.5 - https:\/\/yoast.com\/product\/yoast-seo-wordpress\/ -->\n<title>6 G\u00dcN SAVA\u015eLARI | ARAPLARIN \u0130SRA\u0130L KAR\u015eISINDAK\u0130 UTAN\u00c7 VER\u0130C\u0130 HEZ\u0130MET\u0130 - tarihkursu.com<\/title>\n<meta name=\"robots\" content=\"index, follow, max-snippet:-1, max-image-preview:large, max-video-preview:-1\" \/>\n<link rel=\"canonical\" href=\"https:\/\/tarihkursu.com\/index.php\/2023\/11\/16\/6-gun-savaslari-araplarin-israil-karsisindaki-utanc-verici-hezimeti\/\" \/>\n<meta property=\"og:locale\" content=\"tr_TR\" \/>\n<meta property=\"og:type\" content=\"article\" \/>\n<meta property=\"og:title\" content=\"6 G\u00dcN SAVA\u015eLARI | ARAPLARIN \u0130SRA\u0130L KAR\u015eISINDAK\u0130 UTAN\u00c7 VER\u0130C\u0130 HEZ\u0130MET\u0130 - tarihkursu.com\" \/>\n<meta property=\"og:description\" content=\"&nbsp; 6 G\u00fcn Sava\u015flar\u0131: Orta Do\u011fu\u2019nun Kaderini De\u011fi\u015ftiren Sava\u015f Orta Do\u011fu, tarihin en eski ve en karma\u015f\u0131k b\u00f6lgelerinden biridir. Bu b\u00f6lge, pek \u00e7ok medeniyete, k\u00fclt\u00fcre, [...]\" \/>\n<meta property=\"og:url\" content=\"https:\/\/tarihkursu.com\/index.php\/2023\/11\/16\/6-gun-savaslari-araplarin-israil-karsisindaki-utanc-verici-hezimeti\/\" \/>\n<meta property=\"og:site_name\" content=\"tarihkursu.com\" \/>\n<meta property=\"article:published_time\" content=\"2023-11-16T11:22:00+00:00\" \/>\n<meta property=\"og:image\" content=\"https:\/\/blogger.googleusercontent.com\/img\/b\/R29vZ2xl\/AVvXsEjEjaWjUwWC30JlliGVG0pPUY1t5Z2bsqkmhSR6WI6cpxRQQZH6whec1yPwTB2sZUaGrbqSq_OQB4_fBdL7TQrAy-7lJhb8zGnqGS5kG7Z-glmJeOy5s5T1XOILxLlS3IUOAwPXFQXVZD6YlBnow-qRdblu2JsMFe9hS7Uv5-xKmfDTkff9NQLT9PceWhdh\/w640-h360\/6%20G%C3%9CN%20SAVA%C5%9ELARI.png\" \/>\n<meta name=\"author\" content=\"tarihkursu\" \/>\n<meta name=\"twitter:card\" content=\"summary_large_image\" \/>\n<meta name=\"twitter:label1\" content=\"Yazan:\" \/>\n\t<meta name=\"twitter:data1\" content=\"tarihkursu\" \/>\n\t<meta name=\"twitter:label2\" content=\"Tahmini okuma s\u00fcresi\" \/>\n\t<meta name=\"twitter:data2\" content=\"4 dakika\" \/>\n<script type=\"application\/ld+json\" class=\"yoast-schema-graph\">{\"@context\":\"https:\\\/\\\/schema.org\",\"@graph\":[{\"@type\":\"Article\",\"@id\":\"https:\\\/\\\/tarihkursu.com\\\/index.php\\\/2023\\\/11\\\/16\\\/6-gun-savaslari-araplarin-israil-karsisindaki-utanc-verici-hezimeti\\\/#article\",\"isPartOf\":{\"@id\":\"https:\\\/\\\/tarihkursu.com\\\/index.php\\\/2023\\\/11\\\/16\\\/6-gun-savaslari-araplarin-israil-karsisindaki-utanc-verici-hezimeti\\\/\"},\"author\":{\"name\":\"tarihkursu\",\"@id\":\"https:\\\/\\\/tarihkursu.com\\\/#\\\/schema\\\/person\\\/d0f9105e31352dbe9f08d098ffb8c878\"},\"headline\":\"6 G\u00dcN SAVA\u015eLARI | ARAPLARIN \u0130SRA\u0130L KAR\u015eISINDAK\u0130 UTAN\u00c7 VER\u0130C\u0130 HEZ\u0130MET\u0130\",\"datePublished\":\"2023-11-16T11:22:00+00:00\",\"mainEntityOfPage\":{\"@id\":\"https:\\\/\\\/tarihkursu.com\\\/index.php\\\/2023\\\/11\\\/16\\\/6-gun-savaslari-araplarin-israil-karsisindaki-utanc-verici-hezimeti\\\/\"},\"wordCount\":816,\"commentCount\":0,\"publisher\":{\"@id\":\"https:\\\/\\\/tarihkursu.com\\\/#\\\/schema\\\/person\\\/4d7bdc3b79e9f5198455474c0f203f3c\"},\"image\":{\"@id\":\"https:\\\/\\\/tarihkursu.com\\\/index.php\\\/2023\\\/11\\\/16\\\/6-gun-savaslari-araplarin-israil-karsisindaki-utanc-verici-hezimeti\\\/#primaryimage\"},\"thumbnailUrl\":\"https:\\\/\\\/blogger.googleusercontent.com\\\/img\\\/b\\\/R29vZ2xl\\\/AVvXsEjEjaWjUwWC30JlliGVG0pPUY1t5Z2bsqkmhSR6WI6cpxRQQZH6whec1yPwTB2sZUaGrbqSq_OQB4_fBdL7TQrAy-7lJhb8zGnqGS5kG7Z-glmJeOy5s5T1XOILxLlS3IUOAwPXFQXVZD6YlBnow-qRdblu2JsMFe9hS7Uv5-xKmfDTkff9NQLT9PceWhdh\\\/w640-h360\\\/6%20G%C3%9CN%20SAVA%C5%9ELARI.png\",\"articleSection\":[\"MAKALELER\"],\"inLanguage\":\"tr\",\"potentialAction\":[{\"@type\":\"CommentAction\",\"name\":\"Comment\",\"target\":[\"https:\\\/\\\/tarihkursu.com\\\/index.php\\\/2023\\\/11\\\/16\\\/6-gun-savaslari-araplarin-israil-karsisindaki-utanc-verici-hezimeti\\\/#respond\"]}]},{\"@type\":\"WebPage\",\"@id\":\"https:\\\/\\\/tarihkursu.com\\\/index.php\\\/2023\\\/11\\\/16\\\/6-gun-savaslari-araplarin-israil-karsisindaki-utanc-verici-hezimeti\\\/\",\"url\":\"https:\\\/\\\/tarihkursu.com\\\/index.php\\\/2023\\\/11\\\/16\\\/6-gun-savaslari-araplarin-israil-karsisindaki-utanc-verici-hezimeti\\\/\",\"name\":\"6 G\u00dcN SAVA\u015eLARI | ARAPLARIN \u0130SRA\u0130L KAR\u015eISINDAK\u0130 UTAN\u00c7 VER\u0130C\u0130 HEZ\u0130MET\u0130 - tarihkursu.com\",\"isPartOf\":{\"@id\":\"https:\\\/\\\/tarihkursu.com\\\/#website\"},\"primaryImageOfPage\":{\"@id\":\"https:\\\/\\\/tarihkursu.com\\\/index.php\\\/2023\\\/11\\\/16\\\/6-gun-savaslari-araplarin-israil-karsisindaki-utanc-verici-hezimeti\\\/#primaryimage\"},\"image\":{\"@id\":\"https:\\\/\\\/tarihkursu.com\\\/index.php\\\/2023\\\/11\\\/16\\\/6-gun-savaslari-araplarin-israil-karsisindaki-utanc-verici-hezimeti\\\/#primaryimage\"},\"thumbnailUrl\":\"https:\\\/\\\/blogger.googleusercontent.com\\\/img\\\/b\\\/R29vZ2xl\\\/AVvXsEjEjaWjUwWC30JlliGVG0pPUY1t5Z2bsqkmhSR6WI6cpxRQQZH6whec1yPwTB2sZUaGrbqSq_OQB4_fBdL7TQrAy-7lJhb8zGnqGS5kG7Z-glmJeOy5s5T1XOILxLlS3IUOAwPXFQXVZD6YlBnow-qRdblu2JsMFe9hS7Uv5-xKmfDTkff9NQLT9PceWhdh\\\/w640-h360\\\/6%20G%C3%9CN%20SAVA%C5%9ELARI.png\",\"datePublished\":\"2023-11-16T11:22:00+00:00\",\"breadcrumb\":{\"@id\":\"https:\\\/\\\/tarihkursu.com\\\/index.php\\\/2023\\\/11\\\/16\\\/6-gun-savaslari-araplarin-israil-karsisindaki-utanc-verici-hezimeti\\\/#breadcrumb\"},\"inLanguage\":\"tr\",\"potentialAction\":[{\"@type\":\"ReadAction\",\"target\":[\"https:\\\/\\\/tarihkursu.com\\\/index.php\\\/2023\\\/11\\\/16\\\/6-gun-savaslari-araplarin-israil-karsisindaki-utanc-verici-hezimeti\\\/\"]}]},{\"@type\":\"ImageObject\",\"inLanguage\":\"tr\",\"@id\":\"https:\\\/\\\/tarihkursu.com\\\/index.php\\\/2023\\\/11\\\/16\\\/6-gun-savaslari-araplarin-israil-karsisindaki-utanc-verici-hezimeti\\\/#primaryimage\",\"url\":\"https:\\\/\\\/blogger.googleusercontent.com\\\/img\\\/b\\\/R29vZ2xl\\\/AVvXsEjEjaWjUwWC30JlliGVG0pPUY1t5Z2bsqkmhSR6WI6cpxRQQZH6whec1yPwTB2sZUaGrbqSq_OQB4_fBdL7TQrAy-7lJhb8zGnqGS5kG7Z-glmJeOy5s5T1XOILxLlS3IUOAwPXFQXVZD6YlBnow-qRdblu2JsMFe9hS7Uv5-xKmfDTkff9NQLT9PceWhdh\\\/w640-h360\\\/6%20G%C3%9CN%20SAVA%C5%9ELARI.png\",\"contentUrl\":\"https:\\\/\\\/blogger.googleusercontent.com\\\/img\\\/b\\\/R29vZ2xl\\\/AVvXsEjEjaWjUwWC30JlliGVG0pPUY1t5Z2bsqkmhSR6WI6cpxRQQZH6whec1yPwTB2sZUaGrbqSq_OQB4_fBdL7TQrAy-7lJhb8zGnqGS5kG7Z-glmJeOy5s5T1XOILxLlS3IUOAwPXFQXVZD6YlBnow-qRdblu2JsMFe9hS7Uv5-xKmfDTkff9NQLT9PceWhdh\\\/w640-h360\\\/6%20G%C3%9CN%20SAVA%C5%9ELARI.png\"},{\"@type\":\"BreadcrumbList\",\"@id\":\"https:\\\/\\\/tarihkursu.com\\\/index.php\\\/2023\\\/11\\\/16\\\/6-gun-savaslari-araplarin-israil-karsisindaki-utanc-verici-hezimeti\\\/#breadcrumb\",\"itemListElement\":[{\"@type\":\"ListItem\",\"position\":1,\"name\":\"Anasayfa\",\"item\":\"https:\\\/\\\/tarihkursu.com\\\/\"},{\"@type\":\"ListItem\",\"position\":2,\"name\":\"6 G\u00dcN SAVA\u015eLARI | ARAPLARIN \u0130SRA\u0130L KAR\u015eISINDAK\u0130 UTAN\u00c7 VER\u0130C\u0130 HEZ\u0130MET\u0130\"}]},{\"@type\":\"WebSite\",\"@id\":\"https:\\\/\\\/tarihkursu.com\\\/#website\",\"url\":\"https:\\\/\\\/tarihkursu.com\\\/\",\"name\":\"Tarih Kursu\",\"description\":\"\u0130\u015fimiz G\u00fcc\u00fcm\u00fcz Tarih\",\"publisher\":{\"@id\":\"https:\\\/\\\/tarihkursu.com\\\/#\\\/schema\\\/person\\\/4d7bdc3b79e9f5198455474c0f203f3c\"},\"potentialAction\":[{\"@type\":\"SearchAction\",\"target\":{\"@type\":\"EntryPoint\",\"urlTemplate\":\"https:\\\/\\\/tarihkursu.com\\\/?s={search_term_string}\"},\"query-input\":{\"@type\":\"PropertyValueSpecification\",\"valueRequired\":true,\"valueName\":\"search_term_string\"}}],\"inLanguage\":\"tr\"},{\"@type\":[\"Person\",\"Organization\"],\"@id\":\"https:\\\/\\\/tarihkursu.com\\\/#\\\/schema\\\/person\\\/4d7bdc3b79e9f5198455474c0f203f3c\",\"name\":\"admin\",\"image\":{\"@type\":\"ImageObject\",\"inLanguage\":\"tr\",\"@id\":\"https:\\\/\\\/tarihkursu.com\\\/wp-content\\\/uploads\\\/2024\\\/10\\\/TARIHKURSU-Kopyasi.png\",\"url\":\"https:\\\/\\\/tarihkursu.com\\\/wp-content\\\/uploads\\\/2024\\\/10\\\/TARIHKURSU-Kopyasi.png\",\"contentUrl\":\"https:\\\/\\\/tarihkursu.com\\\/wp-content\\\/uploads\\\/2024\\\/10\\\/TARIHKURSU-Kopyasi.png\",\"width\":1080,\"height\":1080,\"caption\":\"admin\"},\"logo\":{\"@id\":\"https:\\\/\\\/tarihkursu.com\\\/wp-content\\\/uploads\\\/2024\\\/10\\\/TARIHKURSU-Kopyasi.png\"},\"sameAs\":[\"https:\\\/\\\/tarihkursu.com\"]},{\"@type\":\"Person\",\"@id\":\"https:\\\/\\\/tarihkursu.com\\\/#\\\/schema\\\/person\\\/d0f9105e31352dbe9f08d098ffb8c878\",\"name\":\"tarihkursu\",\"image\":{\"@type\":\"ImageObject\",\"inLanguage\":\"tr\",\"@id\":\"https:\\\/\\\/secure.gravatar.com\\\/avatar\\\/1354763acbc865faa7650c3e1e4431f187276d71f132349411302a546cdeae54?s=96&d=mm&r=g\",\"url\":\"https:\\\/\\\/secure.gravatar.com\\\/avatar\\\/1354763acbc865faa7650c3e1e4431f187276d71f132349411302a546cdeae54?s=96&d=mm&r=g\",\"contentUrl\":\"https:\\\/\\\/secure.gravatar.com\\\/avatar\\\/1354763acbc865faa7650c3e1e4431f187276d71f132349411302a546cdeae54?s=96&d=mm&r=g\",\"caption\":\"tarihkursu\"},\"url\":\"https:\\\/\\\/tarihkursu.com\\\/index.php\\\/author\\\/tarihkursu\\\/\"}]}<\/script>\n<!-- \/ Yoast SEO plugin. -->","yoast_head_json":{"title":"6 G\u00dcN SAVA\u015eLARI | ARAPLARIN \u0130SRA\u0130L KAR\u015eISINDAK\u0130 UTAN\u00c7 VER\u0130C\u0130 HEZ\u0130MET\u0130 - tarihkursu.com","robots":{"index":"index","follow":"follow","max-snippet":"max-snippet:-1","max-image-preview":"max-image-preview:large","max-video-preview":"max-video-preview:-1"},"canonical":"https:\/\/tarihkursu.com\/index.php\/2023\/11\/16\/6-gun-savaslari-araplarin-israil-karsisindaki-utanc-verici-hezimeti\/","og_locale":"tr_TR","og_type":"article","og_title":"6 G\u00dcN SAVA\u015eLARI | ARAPLARIN \u0130SRA\u0130L KAR\u015eISINDAK\u0130 UTAN\u00c7 VER\u0130C\u0130 HEZ\u0130MET\u0130 - tarihkursu.com","og_description":"&nbsp; 6 G\u00fcn Sava\u015flar\u0131: Orta Do\u011fu\u2019nun Kaderini De\u011fi\u015ftiren Sava\u015f Orta Do\u011fu, tarihin en eski ve en karma\u015f\u0131k b\u00f6lgelerinden biridir. Bu b\u00f6lge, pek \u00e7ok medeniyete, k\u00fclt\u00fcre, [...]","og_url":"https:\/\/tarihkursu.com\/index.php\/2023\/11\/16\/6-gun-savaslari-araplarin-israil-karsisindaki-utanc-verici-hezimeti\/","og_site_name":"tarihkursu.com","article_published_time":"2023-11-16T11:22:00+00:00","og_image":[{"url":"https:\/\/blogger.googleusercontent.com\/img\/b\/R29vZ2xl\/AVvXsEjEjaWjUwWC30JlliGVG0pPUY1t5Z2bsqkmhSR6WI6cpxRQQZH6whec1yPwTB2sZUaGrbqSq_OQB4_fBdL7TQrAy-7lJhb8zGnqGS5kG7Z-glmJeOy5s5T1XOILxLlS3IUOAwPXFQXVZD6YlBnow-qRdblu2JsMFe9hS7Uv5-xKmfDTkff9NQLT9PceWhdh\/w640-h360\/6%20G%C3%9CN%20SAVA%C5%9ELARI.png","type":"","width":"","height":""}],"author":"tarihkursu","twitter_card":"summary_large_image","twitter_misc":{"Yazan:":"tarihkursu","Tahmini okuma s\u00fcresi":"4 dakika"},"schema":{"@context":"https:\/\/schema.org","@graph":[{"@type":"Article","@id":"https:\/\/tarihkursu.com\/index.php\/2023\/11\/16\/6-gun-savaslari-araplarin-israil-karsisindaki-utanc-verici-hezimeti\/#article","isPartOf":{"@id":"https:\/\/tarihkursu.com\/index.php\/2023\/11\/16\/6-gun-savaslari-araplarin-israil-karsisindaki-utanc-verici-hezimeti\/"},"author":{"name":"tarihkursu","@id":"https:\/\/tarihkursu.com\/#\/schema\/person\/d0f9105e31352dbe9f08d098ffb8c878"},"headline":"6 G\u00dcN SAVA\u015eLARI | ARAPLARIN \u0130SRA\u0130L KAR\u015eISINDAK\u0130 UTAN\u00c7 VER\u0130C\u0130 HEZ\u0130MET\u0130","datePublished":"2023-11-16T11:22:00+00:00","mainEntityOfPage":{"@id":"https:\/\/tarihkursu.com\/index.php\/2023\/11\/16\/6-gun-savaslari-araplarin-israil-karsisindaki-utanc-verici-hezimeti\/"},"wordCount":816,"commentCount":0,"publisher":{"@id":"https:\/\/tarihkursu.com\/#\/schema\/person\/4d7bdc3b79e9f5198455474c0f203f3c"},"image":{"@id":"https:\/\/tarihkursu.com\/index.php\/2023\/11\/16\/6-gun-savaslari-araplarin-israil-karsisindaki-utanc-verici-hezimeti\/#primaryimage"},"thumbnailUrl":"https:\/\/blogger.googleusercontent.com\/img\/b\/R29vZ2xl\/AVvXsEjEjaWjUwWC30JlliGVG0pPUY1t5Z2bsqkmhSR6WI6cpxRQQZH6whec1yPwTB2sZUaGrbqSq_OQB4_fBdL7TQrAy-7lJhb8zGnqGS5kG7Z-glmJeOy5s5T1XOILxLlS3IUOAwPXFQXVZD6YlBnow-qRdblu2JsMFe9hS7Uv5-xKmfDTkff9NQLT9PceWhdh\/w640-h360\/6%20G%C3%9CN%20SAVA%C5%9ELARI.png","articleSection":["MAKALELER"],"inLanguage":"tr","potentialAction":[{"@type":"CommentAction","name":"Comment","target":["https:\/\/tarihkursu.com\/index.php\/2023\/11\/16\/6-gun-savaslari-araplarin-israil-karsisindaki-utanc-verici-hezimeti\/#respond"]}]},{"@type":"WebPage","@id":"https:\/\/tarihkursu.com\/index.php\/2023\/11\/16\/6-gun-savaslari-araplarin-israil-karsisindaki-utanc-verici-hezimeti\/","url":"https:\/\/tarihkursu.com\/index.php\/2023\/11\/16\/6-gun-savaslari-araplarin-israil-karsisindaki-utanc-verici-hezimeti\/","name":"6 G\u00dcN SAVA\u015eLARI | ARAPLARIN \u0130SRA\u0130L KAR\u015eISINDAK\u0130 UTAN\u00c7 VER\u0130C\u0130 HEZ\u0130MET\u0130 - tarihkursu.com","isPartOf":{"@id":"https:\/\/tarihkursu.com\/#website"},"primaryImageOfPage":{"@id":"https:\/\/tarihkursu.com\/index.php\/2023\/11\/16\/6-gun-savaslari-araplarin-israil-karsisindaki-utanc-verici-hezimeti\/#primaryimage"},"image":{"@id":"https:\/\/tarihkursu.com\/index.php\/2023\/11\/16\/6-gun-savaslari-araplarin-israil-karsisindaki-utanc-verici-hezimeti\/#primaryimage"},"thumbnailUrl":"https:\/\/blogger.googleusercontent.com\/img\/b\/R29vZ2xl\/AVvXsEjEjaWjUwWC30JlliGVG0pPUY1t5Z2bsqkmhSR6WI6cpxRQQZH6whec1yPwTB2sZUaGrbqSq_OQB4_fBdL7TQrAy-7lJhb8zGnqGS5kG7Z-glmJeOy5s5T1XOILxLlS3IUOAwPXFQXVZD6YlBnow-qRdblu2JsMFe9hS7Uv5-xKmfDTkff9NQLT9PceWhdh\/w640-h360\/6%20G%C3%9CN%20SAVA%C5%9ELARI.png","datePublished":"2023-11-16T11:22:00+00:00","breadcrumb":{"@id":"https:\/\/tarihkursu.com\/index.php\/2023\/11\/16\/6-gun-savaslari-araplarin-israil-karsisindaki-utanc-verici-hezimeti\/#breadcrumb"},"inLanguage":"tr","potentialAction":[{"@type":"ReadAction","target":["https:\/\/tarihkursu.com\/index.php\/2023\/11\/16\/6-gun-savaslari-araplarin-israil-karsisindaki-utanc-verici-hezimeti\/"]}]},{"@type":"ImageObject","inLanguage":"tr","@id":"https:\/\/tarihkursu.com\/index.php\/2023\/11\/16\/6-gun-savaslari-araplarin-israil-karsisindaki-utanc-verici-hezimeti\/#primaryimage","url":"https:\/\/blogger.googleusercontent.com\/img\/b\/R29vZ2xl\/AVvXsEjEjaWjUwWC30JlliGVG0pPUY1t5Z2bsqkmhSR6WI6cpxRQQZH6whec1yPwTB2sZUaGrbqSq_OQB4_fBdL7TQrAy-7lJhb8zGnqGS5kG7Z-glmJeOy5s5T1XOILxLlS3IUOAwPXFQXVZD6YlBnow-qRdblu2JsMFe9hS7Uv5-xKmfDTkff9NQLT9PceWhdh\/w640-h360\/6%20G%C3%9CN%20SAVA%C5%9ELARI.png","contentUrl":"https:\/\/blogger.googleusercontent.com\/img\/b\/R29vZ2xl\/AVvXsEjEjaWjUwWC30JlliGVG0pPUY1t5Z2bsqkmhSR6WI6cpxRQQZH6whec1yPwTB2sZUaGrbqSq_OQB4_fBdL7TQrAy-7lJhb8zGnqGS5kG7Z-glmJeOy5s5T1XOILxLlS3IUOAwPXFQXVZD6YlBnow-qRdblu2JsMFe9hS7Uv5-xKmfDTkff9NQLT9PceWhdh\/w640-h360\/6%20G%C3%9CN%20SAVA%C5%9ELARI.png"},{"@type":"BreadcrumbList","@id":"https:\/\/tarihkursu.com\/index.php\/2023\/11\/16\/6-gun-savaslari-araplarin-israil-karsisindaki-utanc-verici-hezimeti\/#breadcrumb","itemListElement":[{"@type":"ListItem","position":1,"name":"Anasayfa","item":"https:\/\/tarihkursu.com\/"},{"@type":"ListItem","position":2,"name":"6 G\u00dcN SAVA\u015eLARI | ARAPLARIN \u0130SRA\u0130L KAR\u015eISINDAK\u0130 UTAN\u00c7 VER\u0130C\u0130 HEZ\u0130MET\u0130"}]},{"@type":"WebSite","@id":"https:\/\/tarihkursu.com\/#website","url":"https:\/\/tarihkursu.com\/","name":"Tarih Kursu","description":"\u0130\u015fimiz G\u00fcc\u00fcm\u00fcz Tarih","publisher":{"@id":"https:\/\/tarihkursu.com\/#\/schema\/person\/4d7bdc3b79e9f5198455474c0f203f3c"},"potentialAction":[{"@type":"SearchAction","target":{"@type":"EntryPoint","urlTemplate":"https:\/\/tarihkursu.com\/?s={search_term_string}"},"query-input":{"@type":"PropertyValueSpecification","valueRequired":true,"valueName":"search_term_string"}}],"inLanguage":"tr"},{"@type":["Person","Organization"],"@id":"https:\/\/tarihkursu.com\/#\/schema\/person\/4d7bdc3b79e9f5198455474c0f203f3c","name":"admin","image":{"@type":"ImageObject","inLanguage":"tr","@id":"https:\/\/tarihkursu.com\/wp-content\/uploads\/2024\/10\/TARIHKURSU-Kopyasi.png","url":"https:\/\/tarihkursu.com\/wp-content\/uploads\/2024\/10\/TARIHKURSU-Kopyasi.png","contentUrl":"https:\/\/tarihkursu.com\/wp-content\/uploads\/2024\/10\/TARIHKURSU-Kopyasi.png","width":1080,"height":1080,"caption":"admin"},"logo":{"@id":"https:\/\/tarihkursu.com\/wp-content\/uploads\/2024\/10\/TARIHKURSU-Kopyasi.png"},"sameAs":["https:\/\/tarihkursu.com"]},{"@type":"Person","@id":"https:\/\/tarihkursu.com\/#\/schema\/person\/d0f9105e31352dbe9f08d098ffb8c878","name":"tarihkursu","image":{"@type":"ImageObject","inLanguage":"tr","@id":"https:\/\/secure.gravatar.com\/avatar\/1354763acbc865faa7650c3e1e4431f187276d71f132349411302a546cdeae54?s=96&d=mm&r=g","url":"https:\/\/secure.gravatar.com\/avatar\/1354763acbc865faa7650c3e1e4431f187276d71f132349411302a546cdeae54?s=96&d=mm&r=g","contentUrl":"https:\/\/secure.gravatar.com\/avatar\/1354763acbc865faa7650c3e1e4431f187276d71f132349411302a546cdeae54?s=96&d=mm&r=g","caption":"tarihkursu"},"url":"https:\/\/tarihkursu.com\/index.php\/author\/tarihkursu\/"}]}},"_links":{"self":[{"href":"https:\/\/tarihkursu.com\/index.php\/wp-json\/wp\/v2\/posts\/292","targetHints":{"allow":["GET"]}}],"collection":[{"href":"https:\/\/tarihkursu.com\/index.php\/wp-json\/wp\/v2\/posts"}],"about":[{"href":"https:\/\/tarihkursu.com\/index.php\/wp-json\/wp\/v2\/types\/post"}],"author":[{"embeddable":true,"href":"https:\/\/tarihkursu.com\/index.php\/wp-json\/wp\/v2\/users\/2"}],"replies":[{"embeddable":true,"href":"https:\/\/tarihkursu.com\/index.php\/wp-json\/wp\/v2\/comments?post=292"}],"version-history":[{"count":0,"href":"https:\/\/tarihkursu.com\/index.php\/wp-json\/wp\/v2\/posts\/292\/revisions"}],"wp:attachment":[{"href":"https:\/\/tarihkursu.com\/index.php\/wp-json\/wp\/v2\/media?parent=292"}],"wp:term":[{"taxonomy":"category","embeddable":true,"href":"https:\/\/tarihkursu.com\/index.php\/wp-json\/wp\/v2\/categories?post=292"},{"taxonomy":"post_tag","embeddable":true,"href":"https:\/\/tarihkursu.com\/index.php\/wp-json\/wp\/v2\/tags?post=292"}],"curies":[{"name":"wp","href":"https:\/\/api.w.org\/{rel}","templated":true}]}}