{"id":2944,"date":"2025-10-12T22:35:00","date_gmt":"2025-10-12T19:35:00","guid":{"rendered":"https:\/\/tarihkursu.com\/?p=2944"},"modified":"2025-10-12T22:49:08","modified_gmt":"2025-10-12T19:49:08","slug":"turklerde-sosyoekonomik-hayat-ve-sehirlesme-ders-notu","status":"publish","type":"post","link":"https:\/\/tarihkursu.com\/index.php\/2025\/10\/12\/turklerde-sosyoekonomik-hayat-ve-sehirlesme-ders-notu\/","title":{"rendered":"T\u00fcrklerde Sosyoekonomik Hayat ve \u015eehirle\u015fme Ders Notu"},"content":{"rendered":"\n<p class=\"wp-block-paragraph\">Bu yaz\u0131m\u0131zda g\u00fcncel m\u00fcfredata g\u00f6re haz\u0131rlad\u0131\u011f\u0131m\u0131z&nbsp;<strong>10. s\u0131n\u0131f tarih dersi 1. \u00fcnitesi&nbsp;<\/strong>olan&nbsp;<strong>T\u00fcrkistan\u2019dan T\u00fcrkiye\u2019ye (1040- 1299)&nbsp;<\/strong>\u00fcnitesinin&nbsp;<strong>\u00f6zet ders notlar\u0131n\u0131&nbsp;<\/strong>payla\u015f\u0131yoruz.&nbsp;&nbsp;<strong>T\u00fcrklerde Sosyoekonomik Hayat ve \u015eehirle\u015fme<\/strong> Ders Notu sayesinde tarih dersi yaz\u0131l\u0131lar\u0131na tam olarak haz\u0131rlanacaks\u0131n\u0131z.<strong>10. s\u0131n\u0131f tarih kitab\u0131 \u00f6zet pdf&nbsp;<\/strong>ders notlar\u0131 sayesinde derslerde daha ba\u015far\u0131l\u0131 olacaks\u0131n\u0131z.&nbsp;<strong>Maarif modeline&nbsp;<\/strong>uygun olarak haz\u0131rlad\u0131\u011f\u0131m\u0131z&nbsp;<strong>10. s\u0131n\u0131f tarih dersi notlar\u0131&nbsp;<\/strong>a\u015fa\u011f\u0131daki konular\u0131 kapsamaktad\u0131r.<\/p>\n\n\n\n<p class=\"wp-block-paragraph\">Ders:&nbsp;<strong>10. s\u0131n\u0131f tarih<\/strong><\/p>\n\n\n\n<p class=\"wp-block-paragraph\">\u00dcnite: 1. \u00dcnite:&nbsp;<strong>T\u00fcrkistan\u2019dan T\u00fcrkiye\u2019ye (1040- 1299)<\/strong><\/p>\n\n\n\n<p class=\"wp-block-paragraph\">\u00d6\u011frenme \u00c7\u0131kt\u0131s\u0131\/ kazan\u0131m:&nbsp;<strong>T\u00fcrklerde Sosyoekonomik Hayat ve \u015eehirle\u015fme<\/strong> <strong>ders notlar\u0131<\/strong><\/p>\n\n\n\n<p class=\"wp-block-paragraph\">\u0130lgili yaz\u0131l\u0131:&nbsp;<strong>10. s\u0131n\u0131f tarih dersi 1. d\u00f6nem 1. yaz\u0131l\u0131<\/strong>, <strong>10. s\u0131n\u0131f tarih dersi 1. d\u00f6nem 2. yaz\u0131l\u0131<\/strong><\/p>\n\n\n\n<p class=\"wp-block-paragraph\"><\/p>\n\n\n\n<h2 class=\"wp-block-heading\"><strong>T\u00dcRKLERDE SOSYOEKONOM\u0130K HAYAT VE \u015eEH\u0130RLE\u015eME<\/strong><\/h2>\n\n\n\n<p class=\"wp-block-paragraph\"><strong>Sel\u00e7uklu Toplum Yap\u0131s\u0131<\/strong><\/p>\n\n\n\n<p class=\"wp-block-paragraph\">Sel\u00e7uklu toplumu, T\u00fcrkistan&#8217;daki geleneklerini \u0130slamiyet ve fethedilen yerlerdeki k\u00fclt\u00fcrlerle birle\u015ftirerek g\u00fc\u00e7l\u00fc bir sosyoekonomik sistem kurmu\u015ftur.<\/p>\n\n\n\n<p class=\"wp-block-paragraph\">Toplum temel olarak ikiye ayr\u0131l\u0131rd\u0131: Y\u00f6netenler (askerler, idareciler) ve y\u00f6netilenler (halk).<\/p>\n\n\n\n<p class=\"wp-block-paragraph\">Toplumun ve devletin temelini aile kurumu olu\u015ftururdu.<\/p>\n\n\n\n<p class=\"wp-block-paragraph\">Sel\u00e7uklu kad\u0131nlar\u0131 sosyal ve k\u00fclt\u00fcrel hayat\u0131n aktif bir par\u00e7as\u0131yd\u0131.<\/p>\n\n\n\n<p class=\"wp-block-paragraph\"><strong>Sosyal ve K\u00fclt\u00fcrel Ya\u015fam<\/strong><\/p>\n\n\n\n<p class=\"wp-block-paragraph\">Halk, din\u00ee bayramlar\u0131 ve bahar\u0131n geli\u015fi olan Nevruz Bayram\u0131&#8217;n\u0131 co\u015fkuyla kutlard\u0131.<\/p>\n\n\n\n<p class=\"wp-block-paragraph\">H\u00fck\u00fcmdar\u0131n tahta \u00e7\u0131k\u0131\u015f\u0131 da \u00f6nemli bir kutlama sebebiydi.<\/p>\n\n\n\n<p class=\"wp-block-paragraph\">Avc\u0131l\u0131k, at\u0131c\u0131l\u0131k, at binicili\u011fi, g\u00fcre\u015f ve cirit gibi sportif faaliyetler yayg\u0131nd\u0131.<\/p>\n\n\n\n<p class=\"wp-block-paragraph\">\u00c7evgen (\u00e7evg\u00e2n, \u00e7\u00f6gen), at \u00fcst\u00fcndeki iki grubun d\u00f6rt k\u00f6\u015fe bir sahada de\u011fneklerle oynad\u0131\u011f\u0131 bir oyundur.<\/p>\n\n\n\n<p class=\"wp-block-paragraph\"><strong>Toplumsal Tabakala\u015fma<\/strong><\/p>\n\n\n\n<p class=\"wp-block-paragraph\">Sel\u00e7uklu toplumu yerle\u015fim durumuna g\u00f6re \u00fc\u00e7e ayr\u0131l\u0131rd\u0131: \u015eehirliler, k\u00f6yl\u00fcler ve konarg\u00f6\u00e7erler.<\/p>\n\n\n\n<p class=\"wp-block-paragraph\">Ge\u00e7im kaynaklar\u0131 temel olarak tar\u0131m, hayvanc\u0131l\u0131k, ticaret ve zanaat idi.<\/p>\n\n\n\n<p class=\"wp-block-paragraph\">Halk, devlete d\u00fczenli olarak vergi \u00f6demekle y\u00fck\u00fcml\u00fcyd\u00fc.<\/p>\n\n\n\n<p class=\"wp-block-paragraph\">T\u00fcccarlar, toplumda b\u00fcy\u00fck sayg\u0131 g\u00f6r\u00fcr ve ticari dokunulmazl\u0131\u011fa sahip olurlard\u0131.<\/p>\n\n\n\n<p class=\"wp-block-paragraph\"><strong>Sel\u00e7uklularda Toprak Sistemi<\/strong><\/p>\n\n\n\n<p class=\"wp-block-paragraph\">Sel\u00e7uklu Devleti&#8217;nde tar\u0131m arazileri ve ormanlar devlete aitti.<\/p>\n\n\n\n<p class=\"wp-block-paragraph\">Topraklar kullan\u0131m amac\u0131na g\u00f6re be\u015fe ayr\u0131l\u0131rd\u0131:<\/p>\n\n\n\n<ul class=\"wp-block-list\">\n<li><strong>Has Arazi:<\/strong> Geliri do\u011frudan h\u00fck\u00fcmdara ait olan topraklar.<\/li>\n\n\n\n<li><strong>\u0130kta Arazi:<\/strong> Maa\u015f veya hizmet kar\u015f\u0131l\u0131\u011f\u0131 devlet adamlar\u0131na ve komutanlara verilen topraklar.<\/li>\n\n\n\n<li><strong>\u00d6\u015fri Arazi:<\/strong> M\u00fcsl\u00fcmanlara ait olan ve vergisi al\u0131nan topraklar.<\/li>\n\n\n\n<li><strong>Haraci Arazi:<\/strong> Gayrim\u00fcslimlere ait olan ve hara\u00e7 vergisi al\u0131nan topraklar.<\/li>\n\n\n\n<li><strong>Vak\u0131f Arazi:<\/strong> Geliri hay\u0131r i\u015flerine (cami, medrese, hastane) ayr\u0131lan topraklar.<\/li>\n<\/ul>\n\n\n\n<p class=\"wp-block-paragraph\"><strong>Yerle\u015fme ve \u015eehirle\u015fme Anlay\u0131\u015f\u0131<\/strong><\/p>\n\n\n\n<p class=\"wp-block-paragraph\">T\u00fcrkistan&#8217;daki \u015fehirler, Orta \u00c7a\u011f Avrupa&#8217;s\u0131ndaki gibi kaleler ve surlarla \u00e7evriliydi.<\/p>\n\n\n\n<p class=\"wp-block-paragraph\">Karahanl\u0131lar D\u00f6nemi&#8217;nde medrese, t\u00fcrbe, k\u00f6pr\u00fc, kervansaray gibi pek \u00e7ok mimari eser yap\u0131ld\u0131.<\/p>\n\n\n\n<p class=\"wp-block-paragraph\">Gazneliler zaman\u0131nda, \u00f6zellikle Sultan Mahmud d\u00f6neminde yeni saraylar, \u00e7ar\u015f\u0131lar ve su yollar\u0131 in\u015fa edildi.<\/p>\n\n\n\n<p class=\"wp-block-paragraph\">1040 Dandanakan Zaferi sonras\u0131 T\u00fcrkler, Horasan b\u00f6lgesine g\u00f6\u00e7 ederek yeni yurtlar edindi.<\/p>\n\n\n\n<p class=\"wp-block-paragraph\"><strong>Anadolu&#8217;nun T\u00fcrkle\u015fmesi ve \u0130mar\u0131<\/strong><\/p>\n\n\n\n<p class=\"wp-block-paragraph\">1071 Malazgirt Zaferi&#8217;nden sonra Anadolu&#8217;ya gelen T\u00fcrkmenler, yerle\u015ftikleri b\u00f6lgelerin T\u00fcrkle\u015fmesini sa\u011flad\u0131.<\/p>\n\n\n\n<p class=\"wp-block-paragraph\">Konya, Alanya, Aksaray gibi \u015fehirler fethedildikten sonra T\u00fcrk-\u0130slam geleneklerine g\u00f6re yeniden imar edildi.<\/p>\n\n\n\n<p class=\"wp-block-paragraph\">Hayvanc\u0131l\u0131kla u\u011fra\u015fan konarg\u00f6\u00e7erler geni\u015f otlaklara, zanaat ve ticaretle u\u011fra\u015fanlar ise \u015fehirlere yerle\u015ftirildi.<\/p>\n\n\n\n<p class=\"wp-block-paragraph\"><strong>\u0130sfahan ve \u015eehir K\u00fclt\u00fcr\u00fc<\/strong><\/p>\n\n\n\n<p class=\"wp-block-paragraph\">\u0130sfahan \u015fehri, Sultan Melik\u015fah D\u00f6nemi&#8217;nde ba\u015fkent yap\u0131ld\u0131.<\/p>\n\n\n\n<p class=\"wp-block-paragraph\">Buradaki en \u00f6nemli eserlerden olan Cuma Camisi, \u0130ran ve T\u00fcrk \u015fehircilik gelene\u011finin izlerini ta\u015f\u0131r.<\/p>\n\n\n\n<p class=\"wp-block-paragraph\">\u015eehirlerde M\u00fcsl\u00fcmanlar ve gayrim\u00fcslimler genellikle farkl\u0131 mahallelerde ya\u015far ama ayn\u0131 \u00e7ar\u015f\u0131 ve pazarlar\u0131 kullan\u0131rlard\u0131.<\/p>\n\n\n\n<p class=\"wp-block-paragraph\">Mahalle k\u00fclt\u00fcr\u00fc; din\u00ee, etnik ve mesleki farkl\u0131l\u0131klara g\u00f6re \u015fekillenmi\u015ftir.<\/p>\n\n\n\n<p class=\"wp-block-paragraph\"><strong>Ticaretin Geli\u015ftirilmesi<\/strong><\/p>\n\n\n\n<p class=\"wp-block-paragraph\">Sel\u00e7uklular, g\u00fcvenlik sorunlar\u0131 nedeniyle i\u015flevini yitiren uluslararas\u0131 ticaret yollar\u0131n\u0131 canland\u0131rmak i\u00e7in \u00f6nlemler ald\u0131.<\/p>\n\n\n\n<p class=\"wp-block-paragraph\">Ticaret yollar\u0131 \u00fczerindeki konaklama yerleri (kervansaraylar) tamir edildi, yeni k\u00f6pr\u00fcler yap\u0131ld\u0131.<\/p>\n\n\n\n<p class=\"wp-block-paragraph\">T\u00fcccarlar\u0131n faaliyetlerini kolayla\u015ft\u0131rmak i\u00e7in vergi indirimleri sa\u011fland\u0131.<\/p>\n\n\n\n<p class=\"wp-block-paragraph\">Kayseri yak\u0131nlar\u0131ndaki uluslararas\u0131 bir fuar olan Yabanlu Panay\u0131r\u0131 gibi ticari merkezler olu\u015fturuldu.<\/p>\n\n\n\n<p class=\"wp-block-paragraph\"><strong>Ahilik Te\u015fkilat\u0131<\/strong><\/p>\n\n\n\n<p class=\"wp-block-paragraph\">Ahilik, Anadolu&#8217;daki sosyoekonomik hayat\u0131n geli\u015fmesinde \u00f6nemli rol oynayan bir esnaf ve zanaatk\u00e2r te\u015fkilat\u0131d\u0131r.<\/p>\n\n\n\n<p class=\"wp-block-paragraph\">Abbasilerdeki F\u00fct\u00fcvvet te\u015fkilat\u0131 \u00f6rnek al\u0131narak kurulmu\u015ftur.<\/p>\n\n\n\n<p class=\"wp-block-paragraph\">Kurucusu, T\u00fcrkistan&#8217;dan Anadolu&#8217;ya gelen Ahi Evran olarak kabul edilir.<\/p>\n\n\n\n<p class=\"wp-block-paragraph\">Mo\u011fol istilas\u0131n\u0131n yaratt\u0131\u011f\u0131 karga\u015fa ortam\u0131nda, esnaf aras\u0131nda birli\u011fi ve dayan\u0131\u015fmay\u0131 sa\u011flam\u0131\u015ft\u0131r.<\/p>\n\n\n\n<p class=\"wp-block-paragraph\"><strong>Ahili\u011fin Ama\u00e7lar\u0131<\/strong><\/p>\n\n\n\n<p class=\"wp-block-paragraph\">Anadolu&#8217;ya yeni gelen esnaf ve zanaatk\u00e2rlara i\u015f bulmak.<\/p>\n\n\n\n<p class=\"wp-block-paragraph\">Yerli (Do\u011fu Romal\u0131) zanaatk\u00e2rlarla rekabet edebilmek.<\/p>\n\n\n\n<p class=\"wp-block-paragraph\">\u00dcretilen mallar\u0131n kalitesini denetlemek ve standart getirmek (kalite kontrol\u00fc).<\/p>\n\n\n\n<p class=\"wp-block-paragraph\">Esnaf ahlak\u0131n\u0131 (do\u011fruluk, d\u00fcr\u00fcstl\u00fck, m\u00fc\u015fteri hakk\u0131) i\u015f hayat\u0131na yerle\u015ftirmek.<\/p>\n\n\n\n<p class=\"wp-block-paragraph\"><strong>Sel\u00e7uklularda Para ve Ekonomi<\/strong><\/p>\n\n\n\n<p class=\"wp-block-paragraph\">Sel\u00e7uklular Konya, Sivas, Erzincan gibi \u015fehirlerde kendi paralar\u0131n\u0131 bas\u0131yorlard\u0131.<\/p>\n\n\n\n<p class=\"wp-block-paragraph\">Bak\u0131r sikke (mang\u0131r) ilk kez Sultan I. R\u00fckneddin Mesud zaman\u0131nda bas\u0131ld\u0131.<\/p>\n\n\n\n<p class=\"wp-block-paragraph\">G\u00fcm\u00fc\u015f sikke (dirhem) ise Sultan II. K\u0131l\u0131\u00e7arslan taraf\u0131ndan bast\u0131r\u0131ld\u0131.<\/p>\n\n\n\n<p class=\"wp-block-paragraph\">Alt\u0131n sikkenin yan\u0131 s\u0131ra, ticaret yap\u0131lan di\u011fer \u00fclkelerin paralar\u0131 da kullan\u0131l\u0131yordu.<\/p>\n","protected":false},"excerpt":{"rendered":"<div class=\"mh-excerpt\"><p>Bu yaz\u0131m\u0131zda g\u00fcncel m\u00fcfredata g\u00f6re haz\u0131rlad\u0131\u011f\u0131m\u0131z&nbsp;10. s\u0131n\u0131f tarih dersi 1. \u00fcnitesi&nbsp;olan&nbsp;T\u00fcrkistan\u2019dan T\u00fcrkiye\u2019ye (1040- 1299)&nbsp;\u00fcnitesinin&nbsp;\u00f6zet ders notlar\u0131n\u0131&nbsp;payla\u015f\u0131yoruz.&nbsp;&nbsp;T\u00fcrklerde Sosyoekonomik Hayat ve \u015eehirle\u015fme Ders Notu sayesinde tarih dersi <a class=\"mh-excerpt-more\" href=\"https:\/\/tarihkursu.com\/index.php\/2025\/10\/12\/turklerde-sosyoekonomik-hayat-ve-sehirlesme-ders-notu\/\" title=\"T\u00fcrklerde Sosyoekonomik Hayat ve \u015eehirle\u015fme Ders Notu\">[&#8230;]<\/a><\/p>\n<\/div>","protected":false},"author":2,"featured_media":2875,"comment_status":"open","ping_status":"open","sticky":false,"template":"","format":"standard","meta":{"_regular_price":[],"currency_symbol":[],"footnotes":""},"categories":[161],"tags":[288,99],"class_list":["post-2944","post","type-post","status-publish","format-standard","has-post-thumbnail","hentry","category-10-sinif-tarih-ders-notlari","tag-10-sinif-tarih-ders-notlari","tag-ders-notlari"],"post_slider_layout_featured_media_urls":{"thumbnail":["https:\/\/tarihkursu.com\/wp-content\/uploads\/2025\/09\/Pink-Gradient-Concept-Map-Chart-150x150.png",150,150,true],"post_slider_layout_landscape_large":["https:\/\/tarihkursu.com\/wp-content\/uploads\/2025\/09\/Pink-Gradient-Concept-Map-Chart-1200x800.png",1200,800,true],"post_slider_layout_portrait_large":["https:\/\/tarihkursu.com\/wp-content\/uploads\/2025\/09\/Pink-Gradient-Concept-Map-Chart-1200x1080.png",1200,1080,true],"post_slider_layout_square_large":["https:\/\/tarihkursu.com\/wp-content\/uploads\/2025\/09\/Pink-Gradient-Concept-Map-Chart-1200x1080.png",1200,1080,true],"post_slider_layout_landscape":["https:\/\/tarihkursu.com\/wp-content\/uploads\/2025\/09\/Pink-Gradient-Concept-Map-Chart-600x400.png",600,400,true],"post_slider_layout_portrait":["https:\/\/tarihkursu.com\/wp-content\/uploads\/2025\/09\/Pink-Gradient-Concept-Map-Chart-600x900.png",600,900,true],"post_slider_layout_square":["https:\/\/tarihkursu.com\/wp-content\/uploads\/2025\/09\/Pink-Gradient-Concept-Map-Chart-600x600.png",600,600,true],"full":["https:\/\/tarihkursu.com\/wp-content\/uploads\/2025\/09\/Pink-Gradient-Concept-Map-Chart.png",1920,1080,false]},"yoast_head":"<!-- This site is optimized with the Yoast SEO plugin v28.3 - https:\/\/yoast.com\/product\/yoast-seo-wordpress\/ -->\n<title>T\u00fcrklerde Sosyoekonomik Hayat ve \u015eehirle\u015fme Ders Notu - tarihkursu.com<\/title>\n<meta name=\"description\" content=\"T\u00fcrklerde Sosyoekonomik Hayat ve \u015eehirle\u015fme Ders Notu sayesinde tarih dersi yaz\u0131l\u0131lar\u0131na tam olarak haz\u0131rlanacaks\u0131n\u0131z.\" \/>\n<meta name=\"robots\" content=\"index, follow, max-snippet:-1, max-image-preview:large, max-video-preview:-1\" \/>\n<link rel=\"canonical\" href=\"https:\/\/tarihkursu.com\/index.php\/2025\/10\/12\/turklerde-sosyoekonomik-hayat-ve-sehirlesme-ders-notu\/\" \/>\n<meta property=\"og:locale\" content=\"tr_TR\" \/>\n<meta property=\"og:type\" content=\"article\" \/>\n<meta property=\"og:title\" content=\"T\u00fcrklerde Sosyoekonomik Hayat ve \u015eehirle\u015fme Ders Notu - tarihkursu.com\" \/>\n<meta property=\"og:description\" content=\"T\u00fcrklerde Sosyoekonomik Hayat ve \u015eehirle\u015fme Ders Notu sayesinde tarih dersi yaz\u0131l\u0131lar\u0131na tam olarak haz\u0131rlanacaks\u0131n\u0131z.\" \/>\n<meta property=\"og:url\" content=\"https:\/\/tarihkursu.com\/index.php\/2025\/10\/12\/turklerde-sosyoekonomik-hayat-ve-sehirlesme-ders-notu\/\" \/>\n<meta property=\"og:site_name\" content=\"tarihkursu.com\" \/>\n<meta property=\"article:published_time\" content=\"2025-10-12T19:35:00+00:00\" \/>\n<meta property=\"article:modified_time\" content=\"2025-10-12T19:49:08+00:00\" \/>\n<meta property=\"og:image\" content=\"https:\/\/tarihkursu.com\/wp-content\/uploads\/2025\/09\/Pink-Gradient-Concept-Map-Chart.png\" \/>\n\t<meta property=\"og:image:width\" content=\"1920\" \/>\n\t<meta property=\"og:image:height\" content=\"1080\" \/>\n\t<meta property=\"og:image:type\" content=\"image\/png\" \/>\n<meta name=\"author\" content=\"tarihkursu\" \/>\n<meta name=\"twitter:card\" content=\"summary_large_image\" \/>\n<meta name=\"twitter:label1\" content=\"Yazan:\" \/>\n\t<meta name=\"twitter:data1\" content=\"tarihkursu\" \/>\n\t<meta name=\"twitter:label2\" content=\"Tahmini okuma s\u00fcresi\" \/>\n\t<meta name=\"twitter:data2\" content=\"4 dakika\" \/>\n<script type=\"application\/ld+json\" class=\"yoast-schema-graph\">{\"@context\":\"https:\\\/\\\/schema.org\",\"@graph\":[{\"@type\":\"Article\",\"@id\":\"https:\\\/\\\/tarihkursu.com\\\/index.php\\\/2025\\\/10\\\/12\\\/turklerde-sosyoekonomik-hayat-ve-sehirlesme-ders-notu\\\/#article\",\"isPartOf\":{\"@id\":\"https:\\\/\\\/tarihkursu.com\\\/index.php\\\/2025\\\/10\\\/12\\\/turklerde-sosyoekonomik-hayat-ve-sehirlesme-ders-notu\\\/\"},\"author\":{\"name\":\"tarihkursu\",\"@id\":\"https:\\\/\\\/tarihkursu.com\\\/#\\\/schema\\\/person\\\/d0f9105e31352dbe9f08d098ffb8c878\"},\"headline\":\"T\u00fcrklerde Sosyoekonomik Hayat ve \u015eehirle\u015fme Ders Notu\",\"datePublished\":\"2025-10-12T19:35:00+00:00\",\"dateModified\":\"2025-10-12T19:49:08+00:00\",\"mainEntityOfPage\":{\"@id\":\"https:\\\/\\\/tarihkursu.com\\\/index.php\\\/2025\\\/10\\\/12\\\/turklerde-sosyoekonomik-hayat-ve-sehirlesme-ders-notu\\\/\"},\"wordCount\":917,\"commentCount\":0,\"publisher\":{\"@id\":\"https:\\\/\\\/tarihkursu.com\\\/#\\\/schema\\\/person\\\/4d7bdc3b79e9f5198455474c0f203f3c\"},\"image\":{\"@id\":\"https:\\\/\\\/tarihkursu.com\\\/index.php\\\/2025\\\/10\\\/12\\\/turklerde-sosyoekonomik-hayat-ve-sehirlesme-ders-notu\\\/#primaryimage\"},\"thumbnailUrl\":\"https:\\\/\\\/tarihkursu.com\\\/wp-content\\\/uploads\\\/2025\\\/09\\\/Pink-Gradient-Concept-Map-Chart.png\",\"keywords\":[\"10. s\u0131n\u0131f tarih ders notlar\u0131\",\"ders notlar\u0131\"],\"articleSection\":[\"10. S\u0131n\u0131f Tarih DERS NOTLARI\"],\"inLanguage\":\"tr\",\"potentialAction\":[{\"@type\":\"CommentAction\",\"name\":\"Comment\",\"target\":[\"https:\\\/\\\/tarihkursu.com\\\/index.php\\\/2025\\\/10\\\/12\\\/turklerde-sosyoekonomik-hayat-ve-sehirlesme-ders-notu\\\/#respond\"]}]},{\"@type\":\"WebPage\",\"@id\":\"https:\\\/\\\/tarihkursu.com\\\/index.php\\\/2025\\\/10\\\/12\\\/turklerde-sosyoekonomik-hayat-ve-sehirlesme-ders-notu\\\/\",\"url\":\"https:\\\/\\\/tarihkursu.com\\\/index.php\\\/2025\\\/10\\\/12\\\/turklerde-sosyoekonomik-hayat-ve-sehirlesme-ders-notu\\\/\",\"name\":\"T\u00fcrklerde Sosyoekonomik Hayat ve \u015eehirle\u015fme Ders Notu - tarihkursu.com\",\"isPartOf\":{\"@id\":\"https:\\\/\\\/tarihkursu.com\\\/#website\"},\"primaryImageOfPage\":{\"@id\":\"https:\\\/\\\/tarihkursu.com\\\/index.php\\\/2025\\\/10\\\/12\\\/turklerde-sosyoekonomik-hayat-ve-sehirlesme-ders-notu\\\/#primaryimage\"},\"image\":{\"@id\":\"https:\\\/\\\/tarihkursu.com\\\/index.php\\\/2025\\\/10\\\/12\\\/turklerde-sosyoekonomik-hayat-ve-sehirlesme-ders-notu\\\/#primaryimage\"},\"thumbnailUrl\":\"https:\\\/\\\/tarihkursu.com\\\/wp-content\\\/uploads\\\/2025\\\/09\\\/Pink-Gradient-Concept-Map-Chart.png\",\"datePublished\":\"2025-10-12T19:35:00+00:00\",\"dateModified\":\"2025-10-12T19:49:08+00:00\",\"description\":\"T\u00fcrklerde Sosyoekonomik Hayat ve \u015eehirle\u015fme Ders Notu sayesinde tarih dersi yaz\u0131l\u0131lar\u0131na tam olarak haz\u0131rlanacaks\u0131n\u0131z.\",\"breadcrumb\":{\"@id\":\"https:\\\/\\\/tarihkursu.com\\\/index.php\\\/2025\\\/10\\\/12\\\/turklerde-sosyoekonomik-hayat-ve-sehirlesme-ders-notu\\\/#breadcrumb\"},\"inLanguage\":\"tr\",\"potentialAction\":[{\"@type\":\"ReadAction\",\"target\":[\"https:\\\/\\\/tarihkursu.com\\\/index.php\\\/2025\\\/10\\\/12\\\/turklerde-sosyoekonomik-hayat-ve-sehirlesme-ders-notu\\\/\"]}]},{\"@type\":\"ImageObject\",\"inLanguage\":\"tr\",\"@id\":\"https:\\\/\\\/tarihkursu.com\\\/index.php\\\/2025\\\/10\\\/12\\\/turklerde-sosyoekonomik-hayat-ve-sehirlesme-ders-notu\\\/#primaryimage\",\"url\":\"https:\\\/\\\/tarihkursu.com\\\/wp-content\\\/uploads\\\/2025\\\/09\\\/Pink-Gradient-Concept-Map-Chart.png\",\"contentUrl\":\"https:\\\/\\\/tarihkursu.com\\\/wp-content\\\/uploads\\\/2025\\\/09\\\/Pink-Gradient-Concept-Map-Chart.png\",\"width\":1920,\"height\":1080},{\"@type\":\"BreadcrumbList\",\"@id\":\"https:\\\/\\\/tarihkursu.com\\\/index.php\\\/2025\\\/10\\\/12\\\/turklerde-sosyoekonomik-hayat-ve-sehirlesme-ders-notu\\\/#breadcrumb\",\"itemListElement\":[{\"@type\":\"ListItem\",\"position\":1,\"name\":\"Anasayfa\",\"item\":\"https:\\\/\\\/tarihkursu.com\\\/\"},{\"@type\":\"ListItem\",\"position\":2,\"name\":\"T\u00fcrklerde Sosyoekonomik Hayat ve \u015eehirle\u015fme Ders Notu\"}]},{\"@type\":\"WebSite\",\"@id\":\"https:\\\/\\\/tarihkursu.com\\\/#website\",\"url\":\"https:\\\/\\\/tarihkursu.com\\\/\",\"name\":\"Tarih Kursu\",\"description\":\"\u0130\u015fimiz G\u00fcc\u00fcm\u00fcz Tarih\",\"publisher\":{\"@id\":\"https:\\\/\\\/tarihkursu.com\\\/#\\\/schema\\\/person\\\/4d7bdc3b79e9f5198455474c0f203f3c\"},\"potentialAction\":[{\"@type\":\"SearchAction\",\"target\":{\"@type\":\"EntryPoint\",\"urlTemplate\":\"https:\\\/\\\/tarihkursu.com\\\/?s={search_term_string}\"},\"query-input\":{\"@type\":\"PropertyValueSpecification\",\"valueRequired\":true,\"valueName\":\"search_term_string\"}}],\"inLanguage\":\"tr\"},{\"@type\":[\"Person\",\"Organization\"],\"@id\":\"https:\\\/\\\/tarihkursu.com\\\/#\\\/schema\\\/person\\\/4d7bdc3b79e9f5198455474c0f203f3c\",\"name\":\"admin\",\"image\":{\"@type\":\"ImageObject\",\"inLanguage\":\"tr\",\"@id\":\"https:\\\/\\\/tarihkursu.com\\\/wp-content\\\/uploads\\\/2024\\\/10\\\/TARIHKURSU-Kopyasi.png\",\"url\":\"https:\\\/\\\/tarihkursu.com\\\/wp-content\\\/uploads\\\/2024\\\/10\\\/TARIHKURSU-Kopyasi.png\",\"contentUrl\":\"https:\\\/\\\/tarihkursu.com\\\/wp-content\\\/uploads\\\/2024\\\/10\\\/TARIHKURSU-Kopyasi.png\",\"width\":1080,\"height\":1080,\"caption\":\"admin\"},\"logo\":{\"@id\":\"https:\\\/\\\/tarihkursu.com\\\/wp-content\\\/uploads\\\/2024\\\/10\\\/TARIHKURSU-Kopyasi.png\"},\"sameAs\":[\"https:\\\/\\\/tarihkursu.com\"]},{\"@type\":\"Person\",\"@id\":\"https:\\\/\\\/tarihkursu.com\\\/#\\\/schema\\\/person\\\/d0f9105e31352dbe9f08d098ffb8c878\",\"name\":\"tarihkursu\",\"image\":{\"@type\":\"ImageObject\",\"inLanguage\":\"tr\",\"@id\":\"https:\\\/\\\/secure.gravatar.com\\\/avatar\\\/1354763acbc865faa7650c3e1e4431f187276d71f132349411302a546cdeae54?s=96&d=mm&r=g\",\"url\":\"https:\\\/\\\/secure.gravatar.com\\\/avatar\\\/1354763acbc865faa7650c3e1e4431f187276d71f132349411302a546cdeae54?s=96&d=mm&r=g\",\"contentUrl\":\"https:\\\/\\\/secure.gravatar.com\\\/avatar\\\/1354763acbc865faa7650c3e1e4431f187276d71f132349411302a546cdeae54?s=96&d=mm&r=g\",\"caption\":\"tarihkursu\"},\"url\":\"https:\\\/\\\/tarihkursu.com\\\/index.php\\\/author\\\/tarihkursu\\\/\"}]}<\/script>\n<!-- \/ Yoast SEO plugin. -->","yoast_head_json":{"title":"T\u00fcrklerde Sosyoekonomik Hayat ve \u015eehirle\u015fme Ders Notu - tarihkursu.com","description":"T\u00fcrklerde Sosyoekonomik Hayat ve \u015eehirle\u015fme Ders Notu sayesinde tarih dersi yaz\u0131l\u0131lar\u0131na tam olarak haz\u0131rlanacaks\u0131n\u0131z.","robots":{"index":"index","follow":"follow","max-snippet":"max-snippet:-1","max-image-preview":"max-image-preview:large","max-video-preview":"max-video-preview:-1"},"canonical":"https:\/\/tarihkursu.com\/index.php\/2025\/10\/12\/turklerde-sosyoekonomik-hayat-ve-sehirlesme-ders-notu\/","og_locale":"tr_TR","og_type":"article","og_title":"T\u00fcrklerde Sosyoekonomik Hayat ve \u015eehirle\u015fme Ders Notu - tarihkursu.com","og_description":"T\u00fcrklerde Sosyoekonomik Hayat ve \u015eehirle\u015fme Ders Notu sayesinde tarih dersi yaz\u0131l\u0131lar\u0131na tam olarak haz\u0131rlanacaks\u0131n\u0131z.","og_url":"https:\/\/tarihkursu.com\/index.php\/2025\/10\/12\/turklerde-sosyoekonomik-hayat-ve-sehirlesme-ders-notu\/","og_site_name":"tarihkursu.com","article_published_time":"2025-10-12T19:35:00+00:00","article_modified_time":"2025-10-12T19:49:08+00:00","og_image":[{"width":1920,"height":1080,"url":"https:\/\/tarihkursu.com\/wp-content\/uploads\/2025\/09\/Pink-Gradient-Concept-Map-Chart.png","type":"image\/png"}],"author":"tarihkursu","twitter_card":"summary_large_image","twitter_misc":{"Yazan:":"tarihkursu","Tahmini okuma s\u00fcresi":"4 dakika"},"schema":{"@context":"https:\/\/schema.org","@graph":[{"@type":"Article","@id":"https:\/\/tarihkursu.com\/index.php\/2025\/10\/12\/turklerde-sosyoekonomik-hayat-ve-sehirlesme-ders-notu\/#article","isPartOf":{"@id":"https:\/\/tarihkursu.com\/index.php\/2025\/10\/12\/turklerde-sosyoekonomik-hayat-ve-sehirlesme-ders-notu\/"},"author":{"name":"tarihkursu","@id":"https:\/\/tarihkursu.com\/#\/schema\/person\/d0f9105e31352dbe9f08d098ffb8c878"},"headline":"T\u00fcrklerde Sosyoekonomik Hayat ve \u015eehirle\u015fme Ders Notu","datePublished":"2025-10-12T19:35:00+00:00","dateModified":"2025-10-12T19:49:08+00:00","mainEntityOfPage":{"@id":"https:\/\/tarihkursu.com\/index.php\/2025\/10\/12\/turklerde-sosyoekonomik-hayat-ve-sehirlesme-ders-notu\/"},"wordCount":917,"commentCount":0,"publisher":{"@id":"https:\/\/tarihkursu.com\/#\/schema\/person\/4d7bdc3b79e9f5198455474c0f203f3c"},"image":{"@id":"https:\/\/tarihkursu.com\/index.php\/2025\/10\/12\/turklerde-sosyoekonomik-hayat-ve-sehirlesme-ders-notu\/#primaryimage"},"thumbnailUrl":"https:\/\/tarihkursu.com\/wp-content\/uploads\/2025\/09\/Pink-Gradient-Concept-Map-Chart.png","keywords":["10. s\u0131n\u0131f tarih ders notlar\u0131","ders notlar\u0131"],"articleSection":["10. S\u0131n\u0131f Tarih DERS NOTLARI"],"inLanguage":"tr","potentialAction":[{"@type":"CommentAction","name":"Comment","target":["https:\/\/tarihkursu.com\/index.php\/2025\/10\/12\/turklerde-sosyoekonomik-hayat-ve-sehirlesme-ders-notu\/#respond"]}]},{"@type":"WebPage","@id":"https:\/\/tarihkursu.com\/index.php\/2025\/10\/12\/turklerde-sosyoekonomik-hayat-ve-sehirlesme-ders-notu\/","url":"https:\/\/tarihkursu.com\/index.php\/2025\/10\/12\/turklerde-sosyoekonomik-hayat-ve-sehirlesme-ders-notu\/","name":"T\u00fcrklerde Sosyoekonomik Hayat ve \u015eehirle\u015fme Ders Notu - tarihkursu.com","isPartOf":{"@id":"https:\/\/tarihkursu.com\/#website"},"primaryImageOfPage":{"@id":"https:\/\/tarihkursu.com\/index.php\/2025\/10\/12\/turklerde-sosyoekonomik-hayat-ve-sehirlesme-ders-notu\/#primaryimage"},"image":{"@id":"https:\/\/tarihkursu.com\/index.php\/2025\/10\/12\/turklerde-sosyoekonomik-hayat-ve-sehirlesme-ders-notu\/#primaryimage"},"thumbnailUrl":"https:\/\/tarihkursu.com\/wp-content\/uploads\/2025\/09\/Pink-Gradient-Concept-Map-Chart.png","datePublished":"2025-10-12T19:35:00+00:00","dateModified":"2025-10-12T19:49:08+00:00","description":"T\u00fcrklerde Sosyoekonomik Hayat ve \u015eehirle\u015fme Ders Notu sayesinde tarih dersi yaz\u0131l\u0131lar\u0131na tam olarak haz\u0131rlanacaks\u0131n\u0131z.","breadcrumb":{"@id":"https:\/\/tarihkursu.com\/index.php\/2025\/10\/12\/turklerde-sosyoekonomik-hayat-ve-sehirlesme-ders-notu\/#breadcrumb"},"inLanguage":"tr","potentialAction":[{"@type":"ReadAction","target":["https:\/\/tarihkursu.com\/index.php\/2025\/10\/12\/turklerde-sosyoekonomik-hayat-ve-sehirlesme-ders-notu\/"]}]},{"@type":"ImageObject","inLanguage":"tr","@id":"https:\/\/tarihkursu.com\/index.php\/2025\/10\/12\/turklerde-sosyoekonomik-hayat-ve-sehirlesme-ders-notu\/#primaryimage","url":"https:\/\/tarihkursu.com\/wp-content\/uploads\/2025\/09\/Pink-Gradient-Concept-Map-Chart.png","contentUrl":"https:\/\/tarihkursu.com\/wp-content\/uploads\/2025\/09\/Pink-Gradient-Concept-Map-Chart.png","width":1920,"height":1080},{"@type":"BreadcrumbList","@id":"https:\/\/tarihkursu.com\/index.php\/2025\/10\/12\/turklerde-sosyoekonomik-hayat-ve-sehirlesme-ders-notu\/#breadcrumb","itemListElement":[{"@type":"ListItem","position":1,"name":"Anasayfa","item":"https:\/\/tarihkursu.com\/"},{"@type":"ListItem","position":2,"name":"T\u00fcrklerde Sosyoekonomik Hayat ve \u015eehirle\u015fme Ders Notu"}]},{"@type":"WebSite","@id":"https:\/\/tarihkursu.com\/#website","url":"https:\/\/tarihkursu.com\/","name":"Tarih Kursu","description":"\u0130\u015fimiz G\u00fcc\u00fcm\u00fcz Tarih","publisher":{"@id":"https:\/\/tarihkursu.com\/#\/schema\/person\/4d7bdc3b79e9f5198455474c0f203f3c"},"potentialAction":[{"@type":"SearchAction","target":{"@type":"EntryPoint","urlTemplate":"https:\/\/tarihkursu.com\/?s={search_term_string}"},"query-input":{"@type":"PropertyValueSpecification","valueRequired":true,"valueName":"search_term_string"}}],"inLanguage":"tr"},{"@type":["Person","Organization"],"@id":"https:\/\/tarihkursu.com\/#\/schema\/person\/4d7bdc3b79e9f5198455474c0f203f3c","name":"admin","image":{"@type":"ImageObject","inLanguage":"tr","@id":"https:\/\/tarihkursu.com\/wp-content\/uploads\/2024\/10\/TARIHKURSU-Kopyasi.png","url":"https:\/\/tarihkursu.com\/wp-content\/uploads\/2024\/10\/TARIHKURSU-Kopyasi.png","contentUrl":"https:\/\/tarihkursu.com\/wp-content\/uploads\/2024\/10\/TARIHKURSU-Kopyasi.png","width":1080,"height":1080,"caption":"admin"},"logo":{"@id":"https:\/\/tarihkursu.com\/wp-content\/uploads\/2024\/10\/TARIHKURSU-Kopyasi.png"},"sameAs":["https:\/\/tarihkursu.com"]},{"@type":"Person","@id":"https:\/\/tarihkursu.com\/#\/schema\/person\/d0f9105e31352dbe9f08d098ffb8c878","name":"tarihkursu","image":{"@type":"ImageObject","inLanguage":"tr","@id":"https:\/\/secure.gravatar.com\/avatar\/1354763acbc865faa7650c3e1e4431f187276d71f132349411302a546cdeae54?s=96&d=mm&r=g","url":"https:\/\/secure.gravatar.com\/avatar\/1354763acbc865faa7650c3e1e4431f187276d71f132349411302a546cdeae54?s=96&d=mm&r=g","contentUrl":"https:\/\/secure.gravatar.com\/avatar\/1354763acbc865faa7650c3e1e4431f187276d71f132349411302a546cdeae54?s=96&d=mm&r=g","caption":"tarihkursu"},"url":"https:\/\/tarihkursu.com\/index.php\/author\/tarihkursu\/"}]}},"_links":{"self":[{"href":"https:\/\/tarihkursu.com\/index.php\/wp-json\/wp\/v2\/posts\/2944","targetHints":{"allow":["GET"]}}],"collection":[{"href":"https:\/\/tarihkursu.com\/index.php\/wp-json\/wp\/v2\/posts"}],"about":[{"href":"https:\/\/tarihkursu.com\/index.php\/wp-json\/wp\/v2\/types\/post"}],"author":[{"embeddable":true,"href":"https:\/\/tarihkursu.com\/index.php\/wp-json\/wp\/v2\/users\/2"}],"replies":[{"embeddable":true,"href":"https:\/\/tarihkursu.com\/index.php\/wp-json\/wp\/v2\/comments?post=2944"}],"version-history":[{"count":2,"href":"https:\/\/tarihkursu.com\/index.php\/wp-json\/wp\/v2\/posts\/2944\/revisions"}],"predecessor-version":[{"id":2948,"href":"https:\/\/tarihkursu.com\/index.php\/wp-json\/wp\/v2\/posts\/2944\/revisions\/2948"}],"wp:featuredmedia":[{"embeddable":true,"href":"https:\/\/tarihkursu.com\/index.php\/wp-json\/wp\/v2\/media\/2875"}],"wp:attachment":[{"href":"https:\/\/tarihkursu.com\/index.php\/wp-json\/wp\/v2\/media?parent=2944"}],"wp:term":[{"taxonomy":"category","embeddable":true,"href":"https:\/\/tarihkursu.com\/index.php\/wp-json\/wp\/v2\/categories?post=2944"},{"taxonomy":"post_tag","embeddable":true,"href":"https:\/\/tarihkursu.com\/index.php\/wp-json\/wp\/v2\/tags?post=2944"}],"curies":[{"name":"wp","href":"https:\/\/api.w.org\/{rel}","templated":true}]}}