{"id":3044,"date":"2026-03-01T22:40:00","date_gmt":"2026-03-01T19:40:00","guid":{"rendered":"https:\/\/tarihkursu.com\/?p=3044"},"modified":"2025-11-07T22:48:10","modified_gmt":"2025-11-07T19:48:10","slug":"10-sinif-tarih-iii-unite-cihan-devleti-osmanli-1453-1683-soru-cevap","status":"publish","type":"post","link":"https:\/\/tarihkursu.com\/index.php\/2026\/03\/01\/10-sinif-tarih-iii-unite-cihan-devleti-osmanli-1453-1683-soru-cevap\/","title":{"rendered":"10. S\u0131n\u0131f Tarih III. \u00dcnite Cihan Devleti Osmanl\u0131 (1453-1683) Soru-Cevap"},"content":{"rendered":"\n<p class=\"wp-block-paragraph\">Bu yaz\u0131m\u0131zda\u00a0<strong>g\u00fcncel m\u00fcfredata<\/strong>\u00a0g\u00f6re haz\u0131rlad\u0131\u011f\u0131m\u0131z\u00a0<strong>10. s\u0131n\u0131f tarih dersi 3. \u00fcnitesi<\/strong>\u00a0olan<strong> Cihan Devleti Osmanl\u0131 (1453-1683)<\/strong> <strong>soru- cevap<\/strong>\u00a0\u00e7al\u0131\u015fmas\u0131n\u0131 payla\u015f\u0131yoruz.\u00a0<strong>10. s\u0131n\u0131f tarih soru cevap<\/strong>\u00a0\u00e7al\u0131\u015fmam\u0131z sayesinde ders kitab\u0131ndaki \u00e7al\u0131\u015fma sorular\u0131n\u0131 rahatl\u0131kla \u00e7\u00f6zeceksiniz.<strong>\u00a010. s\u0131n\u0131f tarih yaz\u0131l\u0131ya haz\u0131rl\u0131k\u00a0<\/strong>\u00e7al\u0131\u015fmam\u0131zdaki sorular sizleri\u00a0<strong>10. s\u0131n\u0131f tarih yaz\u0131l\u0131s\u0131na<\/strong>\u00a0haz\u0131rlayacak.\u00a0<strong>Tarih dersi 10. s\u0131n\u0131f sorular<\/strong>\u0131m\u0131z\u0131 \u00e7\u00f6zerek<strong>\u00a0tyt tarih\u00a0<\/strong>ve\u00a0<strong>ayt tarih\u00a0<\/strong>s\u0131navlar\u0131nda ba\u015far\u0131l\u0131 olacaks\u0131n\u0131z.\u00a0<strong>Maarif modeline<\/strong>\u00a0uygun olarak haz\u0131rlad\u0131\u011f\u0131m\u0131z<strong>\u00a010. s\u0131n\u0131f tarih sorular\u0131<\/strong>\u00a0a\u015fa\u011f\u0131daki konular\u0131 kapsamaktad\u0131r.<\/p>\n\n\n\n<h2 class=\"wp-block-heading\">OSMANLI DEVLET\u0130\u2019N\u0130N C\u0130HAN DEVLET\u0130 H\u00c2L\u0130NE GELMES\u0130<\/h2>\n\n\n\n<p class=\"wp-block-paragraph\"><strong>Cihan Devleti Osmanl\u0131 (1453-1683)<\/strong><\/p>\n\n\n\n<p class=\"wp-block-paragraph\"><strong>Bu \u00fcnitede (Cihan Devleti Osmanl\u0131) hangi d\u00f6nem ve konu ele al\u0131nmaktad\u0131r?<\/strong> Bu sunum, 1453 ile 1683 y\u0131llar\u0131 aras\u0131nda Osmanl\u0131 Devleti&#8217;nin bir cihan devleti (d\u00fcnya g\u00fcc\u00fc) haline gelmesini sa\u011flayan \u00f6nemli siyasi ve askeri olaylar\u0131 konu almaktad\u0131r.<\/p>\n\n\n\n<p class=\"wp-block-paragraph\"><strong>Osmanl\u0131 Devleti&#8217;nin cihan devleti oldu\u011fu y\u00fckseli\u015f devri hangi olay ile ba\u015flam\u0131\u015ft\u0131r ve bu d\u00f6nemin \u00f6zelli\u011fi nedir?<\/strong> \u0130stanbul&#8217;un Fethi ile ba\u015flayan bu d\u00f6nem, Osmanl\u0131&#8217;n\u0131n hem do\u011fuda hem de bat\u0131da en geni\u015f s\u0131n\u0131rlar\u0131na ula\u015ft\u0131\u011f\u0131 bir y\u00fckseli\u015f devridir.<\/p>\n\n\n\n<p class=\"wp-block-paragraph\"><strong>Osmanl\u0131 Devleti y\u00fckseli\u015f devrinde hangi k\u0131talarda topraklara h\u00fckmetmi\u015ftir?<\/strong> Bu s\u00fcre\u00e7te devlet, Avrupa, Asya ve Afrika&#8217;da b\u00fcy\u00fck topraklara h\u00fckmetmi\u015ftir.<\/p>\n\n\n\n<p class=\"wp-block-paragraph\"><strong>\u0130stanbul&#8217;un Fethi ve Sebepleri<\/strong><\/p>\n\n\n\n<p class=\"wp-block-paragraph\"><strong>II. Mehmet Han, 1451&#8217;de kimin vefat\u0131 \u00fczerine ikinci kez tahta \u00e7\u0131km\u0131\u015ft\u0131r?<\/strong> 1451&#8217;de babas\u0131 II. Murat&#8217;\u0131n vefat\u0131 \u00fczerine II. Mehmet Han, ikinci kez tahta \u00e7\u0131kt\u0131.<\/p>\n\n\n\n<p class=\"wp-block-paragraph\"><strong>\u0130stanbul&#8217;un fethinin siyasi ve toprak b\u00fct\u00fcnl\u00fc\u011f\u00fc a\u00e7\u0131s\u0131ndan sebebi neydi?<\/strong> Do\u011fu Roma (Bizans) \u0130mparatorlu\u011fu, Osmanl\u0131 topraklar\u0131n\u0131n ortas\u0131nda kalarak devletin b\u00fct\u00fcnl\u00fc\u011f\u00fcn\u00fc tehdit ediyordu.<\/p>\n\n\n\n<p class=\"wp-block-paragraph\"><strong>Bizans&#8217;\u0131n Osmanl\u0131 i\u00e7 i\u015flerine kar\u0131\u015fmas\u0131 ve d\u0131\u015f politikas\u0131, fethi nas\u0131l zorunlu k\u0131lm\u0131\u015ft\u0131r?<\/strong> Bizans&#8217;\u0131n s\u00fcrekli Ha\u00e7l\u0131 Seferleri&#8217;ni k\u0131\u015fk\u0131rtmas\u0131 ve taht iddia eden \u015fehzadeleri desteklemesi, fethi zorunlu k\u0131l\u0131yordu.<\/p>\n\n\n\n<p class=\"wp-block-paragraph\"><strong>\u0130stanbul&#8217;un fethinin en \u00f6nemli ekonomik nedeni neydi?<\/strong> \u0130stanbul&#8217;un \u00f6nemli ticaret yollar\u0131n\u0131n \u00fczerinde bulunmas\u0131, fethin en \u00f6nemli ekonomik nedeniydi.<\/p>\n\n\n\n<p class=\"wp-block-paragraph\"><strong>Fetih \u0130\u00e7in Yap\u0131lan Haz\u0131rl\u0131klar<\/strong><\/p>\n\n\n\n<p class=\"wp-block-paragraph\"><strong>II. Mehmet, \u0130stanbul Bo\u011faz\u0131&#8217;n\u0131n kontrol\u00fcn\u00fc sa\u011flamak i\u00e7in hangi hisar\u0131 yapt\u0131rm\u0131\u015ft\u0131r?<\/strong> II. Mehmet, \u0130stanbul Bo\u011faz\u0131&#8217;n\u0131n kontrol\u00fcn\u00fc sa\u011flamak i\u00e7in Anadolu Hisar\u0131&#8217;n\u0131n kar\u015f\u0131s\u0131na Rumeli Hisar\u0131&#8217;n\u0131 (Bo\u011fazkesen) yapt\u0131rd\u0131.<\/p>\n\n\n\n<p class=\"wp-block-paragraph\"><strong>Fetih i\u00e7in donanma alan\u0131nda hangi haz\u0131rl\u0131k yap\u0131ld\u0131?<\/strong> Donanma g\u00fc\u00e7lendirildi ve \u0130stanbul&#8217;u denizden ku\u015fatmak i\u00e7in haz\u0131rl\u0131klar yap\u0131ld\u0131.<\/p>\n\n\n\n<p class=\"wp-block-paragraph\"><strong>\u0130stanbul surlar\u0131n\u0131 y\u0131kmak amac\u0131yla d\u00f6kt\u00fcr\u00fclen b\u00fcy\u00fck toplar\u0131n ad\u0131 neydi?<\/strong> Surlar\u0131 y\u0131kmak amac\u0131yla &#8220;\u015eahi&#8221; ad\u0131 verilen o d\u00f6nemin en b\u00fcy\u00fck toplar\u0131 d\u00f6kt\u00fcr\u00fcld\u00fc.<\/p>\n\n\n\n<p class=\"wp-block-paragraph\"><strong>Askerlerin surlara t\u0131rmanmas\u0131 i\u00e7in hangi ara\u00e7lar in\u015fa edildi?<\/strong> Askerlerin surlara t\u0131rmanmas\u0131 i\u00e7in tekerlekli kuleler in\u015fa edildi.<\/p>\n\n\n\n<p class=\"wp-block-paragraph\"><strong>Ku\u015fatma ve B\u00fcy\u00fck Fetih: 29 May\u0131s 1453<\/strong><\/p>\n\n\n\n<p class=\"wp-block-paragraph\"><strong>\u0130stanbul ku\u015fatmas\u0131 hangi tarihte ba\u015flam\u0131\u015ft\u0131r?<\/strong> Osmanl\u0131 ordusu, 6 Nisan 1453&#8217;te \u0130stanbul&#8217;u ku\u015fatma alt\u0131na ald\u0131.<\/p>\n\n\n\n<p class=\"wp-block-paragraph\"><strong>Hali\u00e7&#8217;in giri\u015finin zincirle kapat\u0131lmas\u0131na kar\u015f\u0131 Osmanl\u0131 ordusu nas\u0131l bir \u00e7\u00f6z\u00fcm bulmu\u015ftur?<\/strong> Hali\u00e7&#8217;in giri\u015finin zincirle kapat\u0131lmas\u0131 \u00fczerine, 21-22 Nisan gecesi yakla\u015f\u0131k 70 gemi karadan \u00e7ekilerek Hali\u00e7&#8217;e indirildi.<\/p>\n\n\n\n<p class=\"wp-block-paragraph\"><strong>Gemilerin karadan y\u00fcr\u00fct\u00fclmesinin ku\u015fatma \u00fczerindeki etkisi ne olmu\u015ftur?<\/strong> Bu olay, ku\u015fatman\u0131n seyrini de\u011fi\u015ftiren dahice bir hamle oldu.<\/p>\n\n\n\n<p class=\"wp-block-paragraph\"><strong>\u0130stanbul hangi tarihte fethedilmi\u015ftir?<\/strong> 29 May\u0131s 1453 sabah\u0131 yap\u0131lan genel taarruz ile \u0130stanbul fethedildi.<\/p>\n\n\n\n<p class=\"wp-block-paragraph\"><strong>Fethin Sonu\u00e7lar\u0131 ve \u0130stanbul&#8217;un Yeniden \u0130n\u015fas\u0131<\/strong><\/p>\n\n\n\n<p class=\"wp-block-paragraph\"><strong>Fetihten sonra II. Mehmet&#8217;e hangi unvan verilmi\u015ftir?<\/strong> Fetihten sonra II. Mehmet&#8217;e &#8220;Fatih&#8221; unvan\u0131 verildi.<\/p>\n\n\n\n<p class=\"wp-block-paragraph\"><strong>Ayasofya&#8217;n\u0131n fetihten sonraki durumu ne olmu\u015ftur?<\/strong> Ayasofya, fethin sembol\u00fc olarak camiye \u00e7evrildi.<\/p>\n\n\n\n<p class=\"wp-block-paragraph\"><strong>Fetihten sonra \u015fehirdeki gayrim\u00fcslim halka y\u00f6nelik nas\u0131l bir politika izlenmi\u015ftir?<\/strong> \u015eehirde ya\u015fayan gayrim\u00fcslimlere din ve inan\u00e7 \u00f6zg\u00fcrl\u00fc\u011f\u00fc tan\u0131nd\u0131, can ve mal g\u00fcvenlikleri garanti alt\u0131na al\u0131nd\u0131.<\/p>\n\n\n\n<p class=\"wp-block-paragraph\"><strong>\u0130stanbul&#8217;un fetihten sonra yeniden imar\u0131 i\u00e7in hangi faaliyetler yap\u0131lm\u0131\u015ft\u0131r?<\/strong> Topkap\u0131 Saray\u0131&#8217;n\u0131n in\u015fas\u0131na ba\u015fland\u0131 ve Anadolu&#8217;dan getirilen T\u00fcrk n\u00fcfusla \u015fehir, Osmanl\u0131&#8217;n\u0131n yeni ba\u015fkenti olarak yeniden imar edildi.<\/p>\n\n\n\n<p class=\"wp-block-paragraph\"><strong>Fatih D\u00f6nemi&#8217;nde Di\u011fer Fetihler<\/strong><\/p>\n\n\n\n<p class=\"wp-block-paragraph\"><strong>1473 Otlukbeli Sava\u015f\u0131&#8217;n\u0131n \u00f6nemi nedir?<\/strong> 1473&#8217;te Akkoyunlu Devleti ile yap\u0131lan Otlukbeli Sava\u015f\u0131 kazan\u0131ld\u0131 ve Do\u011fu Anadolu&#8217;da g\u00fcvenlik sa\u011fland\u0131.<\/p>\n\n\n\n<p class=\"wp-block-paragraph\"><strong>Fatih d\u00f6neminde Karadeniz&#8217;de hangi \u00f6nemli yerler fethedilmi\u015ftir?<\/strong> Karadeniz&#8217;de Amasra, Sinop ve Trabzon fethedildi.<\/p>\n\n\n\n<p class=\"wp-block-paragraph\"><strong>Karadeniz&#8217;in b\u00fcy\u00fck \u00f6l\u00e7\u00fcde bir &#8220;T\u00fcrk g\u00f6l\u00fc&#8221; haline gelmesi hangi olay\u0131n sonucudur?<\/strong> 1475 y\u0131l\u0131nda stratejik \u00f6neme sahip K\u0131r\u0131m&#8217;\u0131n Osmanl\u0131 hakimiyetine al\u0131nmas\u0131yla Karadeniz, b\u00fcy\u00fck \u00f6l\u00e7\u00fcde bir &#8220;T\u00fcrk g\u00f6l\u00fc&#8221; haline geldi.<\/p>\n\n\n\n<p class=\"wp-block-paragraph\"><strong>II. Beyaz\u0131t D\u00f6nemi ve Cem Sultan Olay\u0131<\/strong><\/p>\n\n\n\n<p class=\"wp-block-paragraph\"><strong>II. Beyaz\u0131t ne zaman tahta \u00e7\u0131km\u0131\u015ft\u0131r?<\/strong> Fatih Sultan Mehmet&#8217;in 1481&#8217;de vefat\u0131 \u00fczerine o\u011flu II. Beyaz\u0131t tahta \u00e7\u0131kt\u0131.<\/p>\n\n\n\n<p class=\"wp-block-paragraph\"><strong>II. Beyaz\u0131t tahta \u00e7\u0131kt\u0131\u011f\u0131nda kim isyan etmi\u015ftir?<\/strong> Ancak karde\u015fi Cem Sultan, tahtta hak iddia ederek isyan etti.<\/p>\n\n\n\n<p class=\"wp-block-paragraph\"><strong>Yenilgiye u\u011frayan Cem Sultan s\u0131ras\u0131yla kimlere s\u0131\u011f\u0131nm\u0131\u015ft\u0131r?<\/strong> Yenilgiye u\u011frayan Cem Sultan, \u00f6nce Meml\u00fcklere, sonra Rodos \u015e\u00f6valyeleri&#8217;ne ve en sonunda Papal\u0131\u011fa s\u0131\u011f\u0131nd\u0131.<\/p>\n\n\n\n<p class=\"wp-block-paragraph\"><strong>Cem Sultan Olay\u0131&#8217;n\u0131n Osmanl\u0131 Devleti \u00fczerindeki siyasi etkisi ne olmu\u015ftur?<\/strong> Bu olay, bir i\u00e7 sorun olarak ba\u015flarken, Avrupal\u0131 devletlerin m\u00fcdahalesiyle bir d\u0131\u015f sorun haline geldi ve Osmanl\u0131&#8217;n\u0131n bat\u0131daki ilerleyi\u015fini yava\u015flatt\u0131.<\/p>\n\n\n\n<p class=\"wp-block-paragraph\"><strong>\u0130spanya&#8217;daki M\u00fcsl\u00fcmanlara ve Yahudilere Yard\u0131m<\/strong><\/p>\n\n\n\n<p class=\"wp-block-paragraph\"><strong>1492&#8217;de \u0130spanya&#8217;da hangi devlet y\u0131k\u0131lm\u0131\u015ft\u0131r?<\/strong> 1492&#8217;de \u0130spanya&#8217;daki son \u0130slam devleti olan Ben\u00ee Ahmer Devleti y\u0131k\u0131ld\u0131.<\/p>\n\n\n\n<p class=\"wp-block-paragraph\"><strong>\u0130spanya&#8217;daki engizisyon mahkemelerinin M\u00fcsl\u00fcmanlara ve Yahudilere kar\u015f\u0131 tutumu neydi?<\/strong> \u0130spanya&#8217;da kurulan engizisyon mahkemeleri, M\u00fcsl\u00fcmanlara ve Yahudilere Hristiyan olmalar\u0131 i\u00e7in b\u00fcy\u00fck bask\u0131 ve i\u015fkenceler yapt\u0131.<\/p>\n\n\n\n<p class=\"wp-block-paragraph\"><strong>Sultan II. Beyaz\u0131t&#8217;\u0131n \u0130spanya&#8217;da zul\u00fcm g\u00f6renlere kar\u015f\u0131 politikas\u0131 ne olmu\u015ftur?<\/strong> Sultan II. Beyaz\u0131t, g\u00f6nderdi\u011fi gemilerle \u0130spanya&#8217;da zul\u00fcm g\u00f6ren binlerce Yahudi ve M\u00fcsl\u00fcman\u0131 kurtararak Osmanl\u0131 topraklar\u0131na yerle\u015ftirdi.<\/p>\n\n\n\n<p class=\"wp-block-paragraph\"><strong>\u015eahkulu \u0130syan\u0131<\/strong><\/p>\n\n\n\n<p class=\"wp-block-paragraph\"><strong>Safevi Devleti&#8217;nin Anadolu&#8217;daki faaliyetleri neydi?<\/strong> \u0130ran&#8217;da kurulan Safevi Devleti, Anadolu&#8217;da \u015eiilik propagandas\u0131 yaparak isyanlar \u00e7\u0131karmaya \u00e7al\u0131\u015f\u0131yordu.<\/p>\n\n\n\n<p class=\"wp-block-paragraph\"><strong>1511&#8217;de \u00e7\u0131kan ve Safevilerin destekledi\u011fi \u00f6nemli isyan\u0131n ad\u0131 nedir?<\/strong> En \u00f6nemli isyanlardan biri 1511&#8217;deki \u015eahkulu \u0130syan\u0131 idi ve Osmanl\u0131 g\u00fc\u00e7leri taraf\u0131ndan bast\u0131r\u0131ld\u0131.<\/p>\n\n\n\n<p class=\"wp-block-paragraph\"><strong>\u00c7ald\u0131ran Zaferi (1514)<\/strong><\/p>\n\n\n\n<p class=\"wp-block-paragraph\"><strong>1512&#8217;de tahta \u00e7\u0131kan Yavuz Sultan Selim&#8217;in ilk \u00f6nceli\u011fi ne olmu\u015ftur?<\/strong> 1512&#8217;de tahta \u00e7\u0131kan Yavuz Sultan Selim, \u00f6nceli\u011fi do\u011fu s\u0131n\u0131rlar\u0131n\u0131n g\u00fcvenli\u011fine verdi.<\/p>\n\n\n\n<p class=\"wp-block-paragraph\"><strong>\u00c7ald\u0131ran Sava\u015f\u0131&#8217;n\u0131n tarihi, nedeni ve sonucu nedir?<\/strong> Yavuz Sultan Selim, Safevi tehlikesini ortadan kald\u0131rmak i\u00e7in \u0130ran \u00fczerine sefere \u00e7\u0131kt\u0131. 23 A\u011fustos 1514&#8217;te yap\u0131lan \u00c7ald\u0131ran Sava\u015f\u0131&#8217;nda Osmanl\u0131 ordusu, Safevi ordusunu b\u00fcy\u00fck bir yenilgiye u\u011fratt\u0131.<\/p>\n\n\n\n<p class=\"wp-block-paragraph\"><strong>\u00c7ald\u0131ran Zaferi&#8217;nin siyasi ve ekonomik sonu\u00e7lar\u0131 neler olmu\u015ftur?<\/strong> Bu zaferle Do\u011fu Anadolu&#8217;da Osmanl\u0131 hakimiyeti kesinle\u015fti. Tarihi \u0130pek Yolu&#8217;nun Tebriz-Bursa g\u00fczerg\u00e2h\u0131 Osmanl\u0131 kontrol\u00fcne ge\u00e7ti.<\/p>\n\n\n\n<p class=\"wp-block-paragraph\"><strong>M\u0131s\u0131r Seferi ve Meml\u00fck Devleti&#8217;nin Y\u0131k\u0131l\u0131\u015f\u0131<\/strong><\/p>\n\n\n\n<p class=\"wp-block-paragraph\"><strong>Osmanl\u0131 Devleti hangi sava\u015flarla Meml\u00fck Devleti&#8217;ne son vermi\u015ftir?<\/strong> 1516&#8217;da Mercidab\u0131k ve 1517&#8217;de Ridaniye sava\u015flar\u0131yla Meml\u00fck Devleti&#8217;ne son verildi.<\/p>\n\n\n\n<p class=\"wp-block-paragraph\"><strong>M\u0131s\u0131r Seferi sonucunda hangi topraklar Osmanl\u0131 Devleti&#8217;ne kat\u0131lm\u0131\u015ft\u0131r?<\/strong> Bu zaferlerle Suriye, Filistin, M\u0131s\u0131r ve Hicaz (Mekke-Medine) topraklar\u0131 Osmanl\u0131 Devleti&#8217;ne kat\u0131ld\u0131.<\/p>\n\n\n\n<p class=\"wp-block-paragraph\"><strong>M\u0131s\u0131r Fethinin \u00d6nemli Sonu\u00e7lar\u0131<\/strong><\/p>\n\n\n\n<p class=\"wp-block-paragraph\"><strong>M\u0131s\u0131r Fethi&#8217;nin en \u00f6nemli dini ve siyasi sonucu nedir?<\/strong> \u0130slam d\u00fcnyas\u0131n\u0131n liderli\u011fi olan Halifelik, Meml\u00fcklerden Osmanl\u0131 Devleti&#8217;ne ge\u00e7ti. Kutsal Emanetler, \u0130stanbul&#8217;a getirildi.<\/p>\n\n\n\n<p class=\"wp-block-paragraph\"><strong>M\u0131s\u0131r Fethi&#8217;nin ekonomik sonucu ne olmu\u015ftur?<\/strong> Baharat Yolu&#8217;nun kontrol\u00fc tamamen Osmanl\u0131lar\u0131n eline ge\u00e7ti ve devletin gelirleri iki kat\u0131na \u00e7\u0131kt\u0131.<\/p>\n\n\n\n<p class=\"wp-block-paragraph\"><strong>M\u0131s\u0131r Fethi&#8217;nden sonra Yavuz Sultan Selim hangi unvan\u0131 alm\u0131\u015ft\u0131r?<\/strong> Yavuz Sultan Selim, &#8220;H\u00e2dim\u00fc&#8217;l-Haremeyn&#8221; (Mekke ve Medine&#8217;nin Hizmetk\u00e2r\u0131) unvan\u0131n\u0131 ald\u0131.<\/p>\n\n\n\n<p class=\"wp-block-paragraph\"><strong>Kanuni Sultan S\u00fcleyman<\/strong><\/p>\n\n\n\n<p class=\"wp-block-paragraph\"><strong>1520&#8217;de tahta \u00e7\u0131kan ve 46 y\u0131l ile en uzun s\u00fcre tahtta kalan padi\u015fah kimdir?<\/strong> 1520&#8217;de tahta \u00e7\u0131kan Kanuni Sultan S\u00fcleyman, 46 y\u0131l ile en uzun s\u00fcre tahtta kalan padi\u015faht\u0131r.<\/p>\n\n\n\n<p class=\"wp-block-paragraph\"><strong>Kanuni d\u00f6neminde Avrupa&#8217;daki en g\u00fc\u00e7l\u00fc devlet ve lideri kimdi?<\/strong> D\u00f6nemin Avrupa&#8217;daki en g\u00fc\u00e7l\u00fc devleti, \u015earlken liderli\u011findeki Kutsal Roma-Germen \u0130mparatorlu\u011fu ve Habsburg Hanedan\u0131 idi.<\/p>\n\n\n\n<p class=\"wp-block-paragraph\"><strong>Kanuni&#8217;nin Bat\u0131&#8217;ya y\u00f6nelik ilk fethi hangisidir ve bu yerin \u00f6nemi nedir?<\/strong> Kanuni, Bat\u0131&#8217;ya y\u00f6nelik fetihler i\u00e7in ilk olarak 1521&#8217;de Orta Avrupa&#8217;n\u0131n kap\u0131s\u0131 say\u0131lan Belgrad&#8217;\u0131 fethetti.<\/p>\n\n\n\n<p class=\"wp-block-paragraph\"><strong>Moha\u00e7 Meydan Muharebesi (1526)<\/strong><\/p>\n\n\n\n<p class=\"wp-block-paragraph\"><strong>Moha\u00e7 Meydan Muharebesi&#8217;ne giden s\u00fcre\u00e7te Fransa&#8217;n\u0131n Kanuni&#8217;den yard\u0131m istemesinin sebebi nedir?<\/strong> Fransa Kral\u0131 I. Fransuva&#8217;n\u0131n, \u015earlken&#8217;e esir d\u00fc\u015fmesi \u00fczerine annesi Kanuni&#8217;den yard\u0131m istedi.<\/p>\n\n\n\n<p class=\"wp-block-paragraph\"><strong>Moha\u00e7 Meydan Muharebesi&#8217;nin tarihi (29 A\u011fustos 1526) ve sonucu ne olmu\u015ftur?<\/strong> Kanuni, Macaristan \u00fczerine sefere \u00e7\u0131kt\u0131 ve 29 A\u011fustos 1526&#8217;da yap\u0131lan Moha\u00e7 Sava\u015f\u0131&#8217;nda Macar ordusunu iki saat gibi k\u0131sa bir s\u00fcrede yok etti.<\/p>\n\n\n\n<p class=\"wp-block-paragraph\"><strong>Moha\u00e7 Zaferi&#8217;nin Macaristan \u00fczerindeki siyasi sonucu ne olmu\u015ftur?<\/strong> Bu zaferle Macaristan Krall\u0131\u011f\u0131, Osmanl\u0131 Devleti&#8217;ne ba\u011fland\u0131.<\/p>\n\n\n\n<p class=\"wp-block-paragraph\"><strong>I. Viyana Ku\u015fatmas\u0131 (1529)<\/strong><\/p>\n\n\n\n<p class=\"wp-block-paragraph\"><strong>I. Viyana Ku\u015fatmas\u0131&#8217;n\u0131n sebebi nedir?<\/strong> Avusturya Ar\u015fid\u00fck\u00fc Ferdinand&#8217;\u0131n Macaristan&#8217;\u0131 i\u015fgal etmesi \u00fczerine Kanuni yeniden sefere \u00e7\u0131kt\u0131.<\/p>\n\n\n\n<p class=\"wp-block-paragraph\"><strong>I. Viyana Ku\u015fatmas\u0131&#8217;n\u0131n kald\u0131r\u0131lmas\u0131n\u0131n nedenleri nelerdir?<\/strong> Ancak k\u0131\u015f mevsiminin yakla\u015fmas\u0131 ve ku\u015fatma i\u00e7in gerekli b\u00fcy\u00fck toplar\u0131n getirilmemesi nedeniyle ku\u015fatma kald\u0131r\u0131ld\u0131.<\/p>\n\n\n\n<p class=\"wp-block-paragraph\"><strong>I. Viyana Ku\u015fatmas\u0131 ba\u015far\u0131s\u0131z olmas\u0131na ra\u011fmen neyin g\u00f6stergesi olmu\u015ftur?<\/strong> Bu ku\u015fatma, Osmanl\u0131 g\u00fcc\u00fcn\u00fcn Avrupa&#8217;n\u0131n merkezine kadar ula\u015ft\u0131\u011f\u0131n\u0131 g\u00f6sterdi.<\/p>\n\n\n\n<p class=\"wp-block-paragraph\"><strong>\u0130stanbul Antla\u015fmas\u0131 (1533)<\/strong><\/p>\n\n\n\n<p class=\"wp-block-paragraph\"><strong>1533 \u0130stanbul Antla\u015fmas\u0131&#8217;n\u0131n en \u00f6nemli maddesi nedir?<\/strong> Antla\u015fman\u0131n en \u00f6nemli maddesi \u015fuydu: Avusturya Ar\u015fid\u00fck\u00fc, protokol (devletler aras\u0131 sayg\u0131nl\u0131k) bak\u0131m\u0131ndan Osmanl\u0131 veziriazam\u0131na (sadrazam) denk say\u0131lacakt\u0131.<\/p>\n\n\n\n<p class=\"wp-block-paragraph\"><strong>\u0130stanbul Antla\u015fmas\u0131&#8217;ndaki protokol maddesi neyin g\u00f6stergesidir?<\/strong> Bu madde, Osmanl\u0131 Devleti&#8217;nin Avusturya \u00fczerindeki siyasi \u00fcst\u00fcnl\u00fc\u011f\u00fcn\u00fc resmen kabul ettirdi\u011fini g\u00f6sterir.<\/p>\n\n\n\n<p class=\"wp-block-paragraph\"><strong>Akdeniz&#8217;de Hakimiyet: Preveze Deniz Zaferi (1538)<\/strong><\/p>\n\n\n\n<p class=\"wp-block-paragraph\"><strong>Preveze Deniz Zaferi&#8217;nde (1538) Osmanl\u0131 ve Ha\u00e7l\u0131 donanmalar\u0131n\u0131n komutanlar\u0131 kimlerdi?<\/strong> Barbaros Hayrettin Pa\u015fa komutas\u0131ndaki Osmanl\u0131 donanmas\u0131, Andrea Doria komutas\u0131ndaki Ha\u00e7l\u0131 donanmas\u0131n\u0131 yendi.<\/p>\n\n\n\n<p class=\"wp-block-paragraph\"><strong>Preveze Deniz Zaferi&#8217;nin (28 Eyl\u00fcl 1538) Akdeniz hakimiyeti a\u00e7\u0131s\u0131ndan \u00f6nemi nedir?<\/strong> 28 Eyl\u00fcl 1538&#8217;de kazan\u0131lan bu zaferle Akdeniz&#8217;de Osmanl\u0131 \u00fcst\u00fcnl\u00fc\u011f\u00fc kesinle\u015fti ve Akdeniz bir &#8220;T\u00fcrk g\u00f6l\u00fc&#8221; haline geldi.<\/p>\n\n\n\n<p class=\"wp-block-paragraph\"><strong>Bu zafer, Osmanl\u0131 denizcilik tarihinde nas\u0131l bir yere sahiptir?<\/strong> Bu zafer, Osmanl\u0131 denizcilik tarihinin en b\u00fcy\u00fck ba\u015far\u0131lar\u0131ndan biridir.<\/p>\n\n\n\n<p class=\"wp-block-paragraph\"><strong>Hint Deniz Seferleri (1538-1553)<\/strong><\/p>\n\n\n\n<p class=\"wp-block-paragraph\"><strong>Hint Deniz Seferleri&#8217;nin (1538-1553) temel ama\u00e7lar\u0131 nelerdi?<\/strong> Ama\u00e7: Portekizlilerin Hint Okyanusu&#8217;ndaki egemenli\u011fine son vermek ve Baharat Yolu&#8217;nu yeniden canland\u0131rmak.<\/p>\n\n\n\n<p class=\"wp-block-paragraph\"><strong>Hint Deniz Seferleri&#8217;ne kat\u0131lan \u00fcnl\u00fc denizcilerden ikisi kimdir?<\/strong> Piri Reis ve Seydi Ali Reis gibi \u00fcnl\u00fc denizcilerin de kat\u0131ld\u0131\u011f\u0131 d\u00f6rt ayr\u0131 sefer d\u00fczenlendi.<\/p>\n\n\n\n<p class=\"wp-block-paragraph\"><strong>Hint Deniz Seferleri istenen sonuca ula\u015famasa da hangi b\u00f6lgelerde Osmanl\u0131 etkisini art\u0131rm\u0131\u015ft\u0131r?<\/strong> Seferler istenen sonuca tam olarak ula\u015famasa da K\u0131z\u0131ldeniz, Basra K\u00f6rfezi ve Do\u011fu Afrika k\u0131y\u0131lar\u0131nda Osmanl\u0131 etkisi artt\u0131.<\/p>\n\n\n\n<p class=\"wp-block-paragraph\"><strong>K\u0131br\u0131s\u2019\u0131n Fethi<\/strong><\/p>\n\n\n\n<p class=\"wp-block-paragraph\"><strong>K\u0131br\u0131s&#8217;\u0131n fethi hangi padi\u015fah d\u00f6neminde ve ne zaman tamamlanm\u0131\u015ft\u0131r?<\/strong> Sultan II. Selim Han 1 A\u011fustos 1571\u2019de Ma\u011fusa\u2019n\u0131n teslim olmas\u0131yla K\u0131br\u0131s\u2019\u0131n fethi tamamland\u0131.<\/p>\n\n\n\n<p class=\"wp-block-paragraph\"><strong>K\u0131br\u0131s&#8217;\u0131n fethine Avrupa&#8217;n\u0131n tepkisi ne olmu\u015ftur?<\/strong> K\u0131br\u0131s\u2019\u0131n Fethi\u2019nden sonra aday\u0131 geri almak isteyen Avrupal\u0131 devletler, papa \u00f6nc\u00fcl\u00fc\u011f\u00fcnde bir Ha\u00e7l\u0131 ittifak\u0131 kurdu.<\/p>\n\n\n\n<p class=\"wp-block-paragraph\"><strong>\u0130nebaht\u0131 (Lepanto) Deniz Sava\u015f\u0131&#8217;n\u0131n (7 Ekim 1571) sonucu ne olmu\u015ftur?<\/strong> 7 Ekim 1571\u2019de \u0130nebaht\u0131 (Lepanto) \u00f6nlerinde Osmanl\u0131 donanmas\u0131 ile kar\u015f\u0131 kar\u015f\u0131ya gelindi. Burada ger\u00e7ekle\u015fen deniz sava\u015f\u0131nda Ha\u00e7l\u0131lar Osmanl\u0131 donanmas\u0131n\u0131n b\u00fcy\u00fck bir k\u0131sm\u0131n\u0131 tahrip ederek ma\u011flup ettiler.<\/p>\n\n\n\n<p class=\"wp-block-paragraph\"><strong>Osmanl\u0131 Devleti, \u0130nebaht\u0131 yenilgisine nas\u0131l bir kar\u015f\u0131l\u0131k vermi\u015ftir?<\/strong> 1571-1572 k\u0131\u015f\u0131nda, Osmanl\u0131 tersaneleri, Sokullu Mehmed Pa\u015fa\u2019n\u0131n emriyle, 1572\u2019de Ulu\u00e7 Ali\u2019nin kumandas\u0131nda denize a\u00e7\u0131lan yeni bir donanma in\u015fa ettiler.<\/p>\n\n\n\n<p class=\"wp-block-paragraph\"><strong>Do\u011fu&#8217;da M\u00fccadele ve Antla\u015fmalar<\/strong><\/p>\n\n\n\n<p class=\"wp-block-paragraph\"><strong>Osmanl\u0131lar ile Safeviler aras\u0131ndaki ilk antla\u015fma hangisidir?<\/strong> Safevilerle sava\u015flar, 1555 Amasya Antla\u015fmas\u0131 ile bir s\u00fcreli\u011fine durdu. Bu antla\u015fma Osmanl\u0131lar ile Safeviler aras\u0131ndaki ilk antla\u015fmad\u0131r.<\/p>\n\n\n\n<p class=\"wp-block-paragraph\"><strong>Osmanl\u0131 Devleti&#8217;nin do\u011fudaki en geni\u015f s\u0131n\u0131rlar\u0131na ula\u015ft\u0131\u011f\u0131 antla\u015fma hangisidir?<\/strong> Sava\u015flar\u0131n yeniden ba\u015flamas\u0131yla 1590&#8217;da Ferhat Pa\u015fa Antla\u015fmas\u0131 imzaland\u0131. Bu antla\u015fmayla Osmanl\u0131 Devleti do\u011fudaki en geni\u015f s\u0131n\u0131rlar\u0131na ula\u015ft\u0131.<\/p>\n\n\n\n<p class=\"wp-block-paragraph\"><strong>G\u00fcn\u00fcm\u00fcz T\u00fcrkiye-\u0130ran s\u0131n\u0131r\u0131n\u0131 b\u00fcy\u00fck \u00f6l\u00e7\u00fcde belirleyen ve 1639&#8217;da imzalanan antla\u015fma hangisidir?<\/strong> IV. Murat, Ba\u011fdat&#8217;\u0131 geri ald\u0131ktan sonra 1639&#8217;da Kasr-\u0131 \u015eirin Antla\u015fmas\u0131&#8217;n\u0131 imzalad\u0131. Bu antla\u015fma, g\u00fcn\u00fcm\u00fcz T\u00fcrkiye-\u0130ran s\u0131n\u0131r\u0131n\u0131 b\u00fcy\u00fck \u00f6l\u00e7\u00fcde belirlemi\u015ftir.<\/p>\n\n\n\n<p class=\"wp-block-paragraph\"><strong>Girit&#8217;in Fethi (1645-1669)<\/strong><\/p>\n\n\n\n<p class=\"wp-block-paragraph\"><strong>Osmanl\u0131 Devleti&#8217;nin Girit adas\u0131n\u0131 ku\u015fatmas\u0131 ne kadar s\u00fcrm\u00fc\u015ft\u00fcr?<\/strong> Venedik&#8217;in Do\u011fu Akdeniz&#8217;deki son ve en \u00f6nemli adas\u0131 olan Girit&#8217;in ku\u015fatmas\u0131 tam 24 y\u0131l s\u00fcrd\u00fc.<\/p>\n\n\n\n<p class=\"wp-block-paragraph\"><strong>Girit fethinin 24 y\u0131l s\u00fcrmesi neyin g\u00f6stergesidir?<\/strong> Fethin bu kadar uzun s\u00fcrmesi, Osmanl\u0131 donanmas\u0131n\u0131n eski g\u00fcc\u00fcnde olmad\u0131\u011f\u0131n\u0131 g\u00f6steriyordu.<\/p>\n\n\n\n<p class=\"wp-block-paragraph\"><strong>Girit&#8217;in fethi hangi komutan taraf\u0131ndan ve ne zaman tamamlanm\u0131\u015ft\u0131r?<\/strong> 1669&#8217;da K\u00f6pr\u00fcl\u00fc Faz\u0131l Ahmet Pa\u015fa&#8217;n\u0131n komutas\u0131nda Kandiye Kalesi&#8217;nin al\u0131nmas\u0131yla fetih tamamland\u0131.<\/p>\n\n\n\n<p class=\"wp-block-paragraph\"><strong>Girit&#8217;in fethiyle Do\u011fu Akdeniz&#8217;deki hakimiyet nas\u0131l etkilenmi\u015ftir?<\/strong> Bu fetihle Do\u011fu Akdeniz&#8217;de Osmanl\u0131 hakimiyeti tam olarak sa\u011fland\u0131.<\/p>\n\n\n\n<p class=\"wp-block-paragraph\"><strong>Buca\u015f Antla\u015fmas\u0131<\/strong><\/p>\n\n\n\n<p class=\"wp-block-paragraph\"><strong>Buca\u015f Antla\u015fmas\u0131&#8217;na giden s\u00fcre\u00e7te Osmanl\u0131 Devleti, Lehistan (Polonya) ile hangi b\u00f6lgenin hakimiyeti i\u00e7in m\u00fccadele etmi\u015ftir?<\/strong> Osmanl\u0131 Devleti, Lehistan (Polonya) ile Ukrayna hakimiyeti i\u00e7in m\u00fccadele etti.<\/p>\n\n\n\n<p class=\"wp-block-paragraph\"><strong>1672 Buca\u015f Antla\u015fmas\u0131 hangi padi\u015fah d\u00f6neminde imzalanm\u0131\u015f ve hangi topraklar Osmanl\u0131&#8217;ya kat\u0131lm\u0131\u015ft\u0131r?<\/strong> Sultan IV. Mehmet d\u00f6neminde \u00e7\u0131k\u0131lan sefer sonucunda 1672&#8217;de Buca\u015f Antla\u015fmas\u0131 imzaland\u0131. Bu antla\u015fmayla Podolya ve Ukrayna topraklar\u0131 Osmanl\u0131&#8217;ya kat\u0131ld\u0131.<\/p>\n\n\n\n<p class=\"wp-block-paragraph\"><strong>Buca\u015f Antla\u015fmas\u0131&#8217;n\u0131n Osmanl\u0131 tarihi a\u00e7\u0131s\u0131ndan \u00f6nemi nedir?<\/strong> Buca\u015f Antla\u015fmas\u0131, Osmanl\u0131 Devleti&#8217;nin bat\u0131da en geni\u015f s\u0131n\u0131rlara ula\u015ft\u0131\u011f\u0131 antla\u015fmad\u0131r.<\/p>\n\n\n\n<h2 class=\"wp-block-heading\">OSMANLI DEVLET\u0130\u2019N\u0130N Y\u00d6NET\u0130M VE ORDU YAPISINDA DE\u011e\u0130\u015e\u0130M<\/h2>\n\n\n\n<p class=\"wp-block-paragraph\"><strong>Osmanl\u0131 Devlet Te\u015fkilat\u0131na Genel Bak\u0131\u015f<\/strong><\/p>\n\n\n\n<p class=\"wp-block-paragraph\"><strong>Osmanl\u0131 devlet te\u015fkilat\u0131n\u0131n ba\u015f\u0131nda kim bulunur ve y\u00f6netim ana hatlar\u0131yla nas\u0131l yap\u0131land\u0131r\u0131lm\u0131\u015ft\u0131r?<\/strong> Devletin ba\u015f\u0131nda en yetkili ki\u015fi olarak Sultan bulunur. Y\u00f6netim, Merkez Te\u015fkilat\u0131 ve Ta\u015fra Te\u015fkilat\u0131 olarak iki ana yap\u0131dan olu\u015fur.<\/p>\n\n\n\n<p class=\"wp-block-paragraph\"><strong>Merkez Te\u015fkilat\u0131 neyi ifade eder, Saray&#8217;\u0131n ve Divan-\u0131 H\u00fcmayun&#8217;un bu te\u015fkilattaki yeri nedir?<\/strong> Merkez Te\u015fkilat\u0131, ba\u015fkentteki y\u00f6netimi ifade eder. Saray, devletin y\u00f6netildi\u011fi ve padi\u015fah\u0131n ya\u015fad\u0131\u011f\u0131 yerdir. Divan-\u0131 H\u00fcmayun burada toplan\u0131r.<\/p>\n\n\n\n<p class=\"wp-block-paragraph\"><strong>Ta\u015fra Te\u015fkilat\u0131&#8217;n\u0131n g\u00f6revi nedir ve hangi birimlere ayr\u0131l\u0131r?<\/strong> Ta\u015fra Te\u015fkilat\u0131, merkez d\u0131\u015f\u0131ndaki topraklar\u0131 y\u00f6netir ve Eyalet ile Sancak gibi birimlere ayr\u0131l\u0131r.<\/p>\n\n\n\n<p class=\"wp-block-paragraph\"><strong>Kurulu\u015f D\u00f6nemi Y\u00f6netim Anlay\u0131\u015f\u0131 (1299-1453)<\/strong><\/p>\n\n\n\n<p class=\"wp-block-paragraph\"><strong>Osmanl\u0131 Devleti&#8217;nin kurucusu kimdir ve Osman Gazi ile Orhan Gazi d\u00f6nemlerinde veraset sistemi (\u00fclke y\u00f6netimi) anlay\u0131\u015f\u0131 nas\u0131ld\u0131?<\/strong> Devletin kurucusu Osman Gazi\u2019dir ve hanedana kendi ad\u0131n\u0131 vermi\u015ftir. Osman Gazi ve Orhan Gazi d\u00f6nemlerinde, eski T\u00fcrk gelene\u011fine uygun olarak \u00fclke hanedan\u0131n ortak mal\u0131 say\u0131l\u0131yordu.<\/p>\n\n\n\n<p class=\"wp-block-paragraph\"><strong>I. Murat, merkezi otoriteyi g\u00fc\u00e7lendirmek i\u00e7in veraset sisteminde hangi de\u011fi\u015fikli\u011fi yapm\u0131\u015ft\u0131r?<\/strong> I. Murat, merkezi otoriteyi g\u00fc\u00e7lendirmek i\u00e7in veraset sistemini de\u011fi\u015ftirmi\u015ftir. &#8220;\u00dclke padi\u015fah ve o\u011fullar\u0131n\u0131n mal\u0131d\u0131r&#8221; anlay\u0131\u015f\u0131n\u0131 getirerek karde\u015flerini y\u00f6netimden uzakla\u015ft\u0131rm\u0131\u015ft\u0131r.<\/p>\n\n\n\n<p class=\"wp-block-paragraph\"><strong>I. Murat&#8217;\u0131n getirdi\u011fi yeni veraset anlay\u0131\u015f\u0131 hangi olumsuz uygulaman\u0131n ba\u015flang\u0131c\u0131 olmu\u015ftur?<\/strong> Bu de\u011fi\u015fiklik, maalesef karde\u015f katli uygulamas\u0131n\u0131n da ba\u015flang\u0131c\u0131 olmu\u015ftur.<\/p>\n\n\n\n<p class=\"wp-block-paragraph\"><strong>Kurulu\u015f d\u00f6neminde Osmanl\u0131 Devleti&#8217;nin merkezleri (ba\u015fkentleri) s\u0131ras\u0131yla nereler olmu\u015ftur?<\/strong> Devletin merkezi \u00f6nce Bursa, sonra Edirne olmu\u015ftur.<\/p>\n\n\n\n<p class=\"wp-block-paragraph\"><strong>Kurulu\u015f d\u00f6neminde beylerbeylikleri ve sancak birimleri hangi padi\u015fahlar zaman\u0131nda kurulmu\u015ftur?<\/strong> Merkeze uzak b\u00f6lgeleri y\u00f6netmek i\u00e7in Orhan Gazi d\u00f6neminde sancak birimleri kurulmu\u015ftur. I. Murat zaman\u0131nda Rumeli Beylerbeyli\u011fi kurulmu\u015ftur. Y\u0131ld\u0131r\u0131m Bayezit d\u00f6neminde ise Anadolu Beylerbeyli\u011fi olu\u015fturulmu\u015ftur.<\/p>\n\n\n\n<p class=\"wp-block-paragraph\"><strong>Sanca\u011fa \u00e7\u0131kma uygulamas\u0131 nedir ve \u015fehzadeler kimlerin g\u00f6zetiminde yeti\u015ftirilirdi?<\/strong> \u015eehzadeler, devlet tecr\u00fcbesi kazanmalar\u0131 i\u00e7in k\u00fc\u00e7\u00fck ya\u015fta sancaklara y\u00f6netici olarak g\u00f6nderilirdi. Bu uygulamaya sanca\u011fa \u00e7\u0131kma denirdi. \u015eehzadeler, lala ad\u0131 verilen tecr\u00fcbeli devlet adamlar\u0131n\u0131n g\u00f6zetiminde yeti\u015ftirilirdi.<\/p>\n\n\n\n<p class=\"wp-block-paragraph\"><strong>Fatih Kanunnamesi<\/strong><\/p>\n\n\n\n<p class=\"wp-block-paragraph\"><strong>Fatih Sultan Mehmet, \u0130stanbul&#8217;un fethinden sonra devlet te\u015fkilat\u0131n\u0131 nas\u0131l d\u00fczenlemi\u015ftir?<\/strong> Fatih Sultan Mehmet, \u0130stanbul&#8217;un fethinden sonra devlet te\u015fkilat\u0131n\u0131 yeniden d\u00fczenlemi\u015ftir. Fatih Kanunnamesi ile daha \u00f6nce gelenek h\u00e2linde olan kurallar\u0131 yaz\u0131l\u0131 h\u00e2le getirmi\u015ftir. Bu kanunname ile devlet y\u00f6netimi sa\u011flam temellere oturtulmu\u015ftur.<\/p>\n\n\n\n<p class=\"wp-block-paragraph\"><strong>Padi\u015fahlar\u0131n \u015feriat kurallar\u0131na ek olarak \u00e7\u0131kard\u0131\u011f\u0131 \u00f6rfi hukuk kurallar\u0131 (kanun-\u0131 kadim) nedir ve hangi alanda d\u00fczenlemeler i\u00e7erirdi?<\/strong> Padi\u015fahlar, \u015feriat kurallar\u0131na ek olarak \u00f6rfi hukuk denilen ve akl\u0131n ilkelerine dayanan kanunlar da \u00e7\u0131karabilirdi. Bu yasalar kanun-\u0131 kadim olarak bilinir ve genellikle y\u00f6netim alan\u0131nda d\u00fczenlemeler i\u00e7erirdi.<\/p>\n\n\n\n<p class=\"wp-block-paragraph\"><strong>Fatih D\u00f6nemi Politikalar\u0131 ve Merkeziyet\u00e7ilik<\/strong><\/p>\n\n\n\n<p class=\"wp-block-paragraph\"><strong>Fatih Sultan Mehmet&#8217;in merkeziyet\u00e7ilik hedefi do\u011frultusunda g\u00fc\u00e7lendirdi\u011fi ve zay\u0131flatt\u0131\u011f\u0131 unsurlar nelerdir?<\/strong> Fatih Sultan Mehmet, g\u00fcc\u00fc tamamen merkezde ve padi\u015fahta toplamay\u0131 hedeflemi\u015ftir. Dev\u015firme k\u00f6kenli devlet adamlar\u0131ndan olu\u015fan kul sistemine dayal\u0131 bir b\u00fcrokrasi ve Yeni\u00e7eri Ordusu&#8217;nun g\u00fcc\u00fcn\u00fc art\u0131rm\u0131\u015ft\u0131r. Buna kar\u015f\u0131l\u0131k, ta\u015fradaki g\u00fc\u00e7l\u00fc T\u00fcrkmen ailelerinin etkisini k\u0131rm\u0131\u015ft\u0131r.<\/p>\n\n\n\n<p class=\"wp-block-paragraph\"><strong>Fatih d\u00f6neminde ekonomik ve demografik alanda hangi politikalar izlenmi\u015ftir?<\/strong> Vergileri art\u0131rm\u0131\u015f, baz\u0131 temel \u00fcr\u00fcnlerin sat\u0131\u015f\u0131nda devlet tekeli olu\u015fturmu\u015ftur. Anadolu ve Balkanlar&#8217;dan zanaatk\u00e2rlar\u0131 \u0130stanbul&#8217;a g\u00f6\u00e7 ettirerek yeni ba\u015fkenti canland\u0131rm\u0131\u015ft\u0131r.<\/p>\n\n\n\n<p class=\"wp-block-paragraph\"><strong>Saray ve Hanedan Yap\u0131s\u0131ndaki De\u011fi\u015fimler<\/strong><\/p>\n\n\n\n<p class=\"wp-block-paragraph\"><strong>Fatih d\u00f6neminde padi\u015fahlar\u0131n evlilik politikas\u0131nda hangi gelenek terk edilmi\u015ftir ve bunun amac\u0131 neydi?<\/strong> Fatih Sultan Mehmet d\u00f6neminden itibaren padi\u015fahlar\u0131n T\u00fcrk beyliklerinin k\u0131zlar\u0131yla evlenme gelene\u011fi terk edilmi\u015ftir. Ama\u00e7, Osmanl\u0131 hanedan\u0131na rakip olabilecek g\u00fc\u00e7l\u00fc ailelerle ba\u011f kurmaktan ka\u00e7\u0131nmakt\u0131. Padi\u015fahlar, siyasi g\u00fcc\u00fc olmayan cariyelerden \u00e7ocuk sahibi olmay\u0131 tercih etmi\u015ftir.<\/p>\n\n\n\n<p class=\"wp-block-paragraph\"><strong>Fatih d\u00f6neminde padi\u015fah\u0131n ailesinin Topkap\u0131 Saray\u0131 yerine Eski Saray&#8217;da ya\u015famas\u0131 hangi sonucu do\u011furmu\u015ftur?<\/strong> Bu d\u00f6nemde padi\u015fah\u0131n e\u015fi ve \u00e7ocuklar\u0131, Topkap\u0131 Saray\u0131 (Yeni Saray) yerine Beyaz\u0131t\u2019taki Eski Saray&#8217;da ya\u015fam\u0131\u015ft\u0131r. Bu durum, devlet y\u00f6netimine etki edebilecek valide sultan gibi g\u00fc\u00e7l\u00fc saray kad\u0131nlar\u0131n\u0131n ortaya \u00e7\u0131kmas\u0131n\u0131 engellemi\u015ftir.<\/p>\n\n\n\n<p class=\"wp-block-paragraph\"><strong>\u015eehzadelerin Yeti\u015ftirilmesi ve Veraset Sistemi<\/strong><\/p>\n\n\n\n<p class=\"wp-block-paragraph\"><strong>Fatih d\u00f6neminde \u015fehzadelerin yeti\u015ftirilme s\u00fcreci nas\u0131ld\u0131?<\/strong> \u015eehzadeler, Haseki Sultan unvan\u0131 alan anneleriyle birlikte 11-12 ya\u015flar\u0131na kadar sarayda ya\u015fard\u0131. Daha sonra farkl\u0131 sancaklara sancak beyi olarak g\u00f6nderilirlerdi. Bu uygulama ile \u015fehzadeler birbirlerinden uzakta, birer rakip olarak yeti\u015ftirilirdi.<\/p>\n\n\n\n<p class=\"wp-block-paragraph\"><strong>Osmanl\u0131&#8217;da kesin bir veraset kural\u0131n\u0131n olmamas\u0131 durumunda tahta ge\u00e7me s\u00fcreci nas\u0131l i\u015fliyordu?<\/strong> Osmanl\u0131&#8217;da padi\u015fah \u00f6l\u00fcnce kimin tahta ge\u00e7ece\u011fine dair kesin bir kural yoktu. Hangi \u015fehzade ba\u015fkente \u00f6nce ula\u015f\u0131r, hazineyi ele ge\u00e7irir ve yeni\u00e7erilerin deste\u011fini al\u0131rsa taht onun olurdu.<\/p>\n\n\n\n<p class=\"wp-block-paragraph\"><strong>Veraset sistemindeki bu belirsizli\u011fin amac\u0131 neydi?<\/strong> Bu durum, tahta en yetenekli ve liyakatli \u015fehzadenin ge\u00e7mesini ama\u00e7l\u0131yordu.<\/p>\n\n\n\n<p class=\"wp-block-paragraph\"><strong>Karde\u015f Katli ve Padi\u015fah\u0131n Mutlak G\u00fcc\u00fc<\/strong><\/p>\n\n\n\n<p class=\"wp-block-paragraph\"><strong>Fatih Kanunnamesi&#8217;nde yer alan &#8220;nizam-\u0131 \u00e2lem i\u00e7in karde\u015f katli&#8221; maddesini a\u00e7\u0131klay\u0131n\u0131z.<\/strong> Fatih Kanunnamesi&#8217;nde yer alan bir madde ile karde\u015f katli yasalla\u015ft\u0131r\u0131lm\u0131\u015ft\u0131r. Madde \u015f\u00f6yledir: &#8220;Her kimesneye evlad\u0131mdan saltanat m\u00fcyesser ola, kar\u0131nda\u015flar\u0131n nizam-\u0131 \u00e2lem i\u00e7in katl itmek m\u00fcnasiptir.&#8221;<\/p>\n\n\n\n<p class=\"wp-block-paragraph\"><strong>Karde\u015f katli maddesinin temel amac\u0131 neydi?<\/strong> Bu maddenin amac\u0131, devletin birli\u011fini korumak ve taht kavgalar\u0131n\u0131 \u00f6nleyerek i\u00e7 isyanlar\u0131n \u00f6n\u00fcne ge\u00e7mektir.<\/p>\n\n\n\n<p class=\"wp-block-paragraph\"><strong>Karde\u015f katli uygulamas\u0131, padi\u015fah\u0131n konumu a\u00e7\u0131s\u0131ndan neyin g\u00f6stergesiydi?<\/strong> Bu uygulama, padi\u015fah\u0131n devletin tek ve mutlak h\u00e2kimi oldu\u011funun en \u00f6nemli g\u00f6stergelerinden biriydi.<\/p>\n\n\n\n<p class=\"wp-block-paragraph\"><strong>Osmanl\u0131 Saray\u0131<\/strong><\/p>\n\n\n\n<p class=\"wp-block-paragraph\"><strong>Osmanl\u0131 Devleti&#8217;nde y\u00f6netim merkezine (ba\u015fkent) ne ad verilirdi?<\/strong> Osmanl\u0131 Devleti&#8217;nin y\u00f6netim merkezine payitaht (ba\u015fkent) denirdi.<\/p>\n\n\n\n<p class=\"wp-block-paragraph\"><strong>Osmanl\u0131 Saray\u0131&#8217;n\u0131n, padi\u015fah\u0131n evi olmas\u0131n\u0131n d\u0131\u015f\u0131ndaki i\u015flevleri nelerdi?<\/strong> Devletin y\u00f6netim merkezi olan Osmanl\u0131 Saray\u0131, sadece padi\u015fah\u0131n evi de\u011fildi. Saray ayn\u0131 zamanda; devletin idari i\u015flerinin y\u00fcr\u00fct\u00fcld\u00fc\u011f\u00fc, el\u00e7ilerin a\u011f\u0131rland\u0131\u011f\u0131, t\u00f6renlerin d\u00fczenlendi\u011fi, Divan-\u0131 H\u00fcmayun toplant\u0131lar\u0131n\u0131n yap\u0131ld\u0131\u011f\u0131 yerdi.<\/p>\n\n\n\n<p class=\"wp-block-paragraph\"><strong>Hangi saray, Fatih d\u00f6neminden itibaren devletin ana y\u00f6netim merkezi olmu\u015ftur?<\/strong> Topkap\u0131 Saray\u0131, Fatih d\u00f6neminden itibaren devletin ana y\u00f6netim merkezi olmu\u015ftur.<\/p>\n\n\n\n<p class=\"wp-block-paragraph\"><strong>Topkap\u0131 Saray\u0131&#8217;n\u0131n B\u00f6l\u00fcmleri<\/strong><\/p>\n\n\n\n<p class=\"wp-block-paragraph\"><strong>Topkap\u0131 Saray\u0131&#8217;n\u0131n plan\u0131 kim taraf\u0131ndan tasarlanm\u0131\u015ft\u0131r?<\/strong> Topkap\u0131 Saray\u0131&#8217;n\u0131n plan\u0131 Fatih Sultan Mehmet taraf\u0131ndan tasarlanm\u0131\u015ft\u0131r.<\/p>\n\n\n\n<p class=\"wp-block-paragraph\"><strong>Topkap\u0131 Saray\u0131&#8217;n\u0131n Birun (D\u0131\u015f Saray) b\u00f6l\u00fcm\u00fcn\u00fc ve buradaki en \u00f6nemli toplant\u0131 yerini a\u00e7\u0131klay\u0131n\u0131z.<\/strong> Birun (D\u0131\u015f Saray): Saray\u0131n en d\u0131\u015f b\u00f6l\u00fcm\u00fcd\u00fcr. Hizmet ve koruma birimleri burada yer al\u0131r. Divan-\u0131 H\u00fcmayun toplant\u0131lar\u0131 bu b\u00f6l\u00fcmdeki Kubbealt\u0131&#8217;nda yap\u0131l\u0131rd\u0131.<\/p>\n\n\n\n<p class=\"wp-block-paragraph\"><strong>Topkap\u0131 Saray\u0131&#8217;n\u0131n Enderun (\u0130\u00e7 Saray) b\u00f6l\u00fcm\u00fcn\u00fcn i\u015flevi neydi?<\/strong> Enderun (\u0130\u00e7 Saray): Padi\u015fah\u0131n \u015fahsi ya\u015fam ve e\u011fitim alan\u0131d\u0131r. Devlet adam\u0131 yeti\u015ftiren Enderun Mektebi buradayd\u0131.<\/p>\n\n\n\n<p class=\"wp-block-paragraph\"><strong>Harem nedir ve hangi padi\u015fah d\u00f6neminden sonra padi\u015fah ve ailesi tamamen burada ya\u015famaya ba\u015flam\u0131\u015ft\u0131r?<\/strong> Harem: Padi\u015fah\u0131n ve ailesinin \u00f6zel ya\u015fam alan\u0131d\u0131r. III. Murat d\u00f6neminden sonra padi\u015fah ve ailesi tamamen burada ya\u015famaya ba\u015flam\u0131\u015ft\u0131r.<\/p>\n\n\n\n<p class=\"wp-block-paragraph\"><strong>Divan-\u0131 H\u00fcmayun: Devletin Dan\u0131\u015fma Meclisi<\/strong><\/p>\n\n\n\n<p class=\"wp-block-paragraph\"><strong>Divan-\u0131 H\u00fcmayun nedir?<\/strong> Devlet i\u015flerinin g\u00f6r\u00fc\u015f\u00fcl\u00fcp karara ba\u011fland\u0131\u011f\u0131 en y\u00fcksek y\u00f6netim organ\u0131d\u0131r.<\/p>\n\n\n\n<p class=\"wp-block-paragraph\"><strong>Divan-\u0131 H\u00fcmayun&#8217;a Fatih&#8217;ten sonra kim ba\u015fkanl\u0131k etmeye ba\u015flam\u0131\u015ft\u0131r ve padi\u015fahlar toplant\u0131lar\u0131 nereden izlerdi?<\/strong> Ba\u015flang\u0131\u00e7ta padi\u015fah\u0131n ba\u015fkanl\u0131\u011f\u0131nda toplan\u0131rken, Fatih&#8217;ten sonra ba\u015fkanl\u0131\u011f\u0131 veziriazam yapmaya ba\u015flam\u0131\u015ft\u0131r. Padi\u015fahlar toplant\u0131lar\u0131, Kasr-\u0131 Adl (Adalet Kulesi) denilen kafesli bir pencerenin arkas\u0131ndan izlerdi.<\/p>\n\n\n\n<p class=\"wp-block-paragraph\"><strong>Divan-\u0131 H\u00fcmayun&#8217;da hangi \u00f6nemli konular g\u00f6r\u00fc\u015f\u00fcl\u00fcrd\u00fc?<\/strong> Sava\u015f kararlar\u0131, d\u0131\u015f ili\u015fkiler, kanunlar\u0131n uygulanmas\u0131 gibi \u00f6nemli konular burada g\u00f6r\u00fc\u015f\u00fcl\u00fcrd\u00fc.<\/p>\n\n\n\n<p class=\"wp-block-paragraph\"><strong>Divan-\u0131 H\u00fcmayun&#8217;da al\u0131nan kararlar nas\u0131l yaz\u0131ya ge\u00e7irilir ve y\u00fcr\u00fcrl\u00fc\u011fe girerdi?<\/strong> Al\u0131nan kararlar, ni\u015fanc\u0131 taraf\u0131ndan yaz\u0131ya ge\u00e7irilir ve padi\u015fah\u0131n onay\u0131yla y\u00fcr\u00fcrl\u00fc\u011fe girerdi.<\/p>\n\n\n\n<p class=\"wp-block-paragraph\"><strong>Y\u00f6netici S\u0131n\u0131f<\/strong><\/p>\n\n\n\n<p class=\"wp-block-paragraph\"><strong>Osmanl\u0131 y\u00f6netici s\u0131n\u0131f\u0131 (asker\u00ee) hangi \u00fc\u00e7 ana kola ayr\u0131l\u0131rd\u0131?<\/strong> Osmanl\u0131 y\u00f6netici s\u0131n\u0131f\u0131 (asker\u00ee), \u00fc\u00e7 ana kola ayr\u0131l\u0131rd\u0131: Seyfiye (K\u0131l\u0131\u00e7 Ehli), \u0130lmiye (\u0130lim Ehli) ve Kalemiye (Kalem Ehli).<\/p>\n\n\n\n<p class=\"wp-block-paragraph\"><strong>Seyfiye (K\u0131l\u0131\u00e7 Ehli) s\u0131n\u0131f\u0131 kimlerden olu\u015fur ve g\u00f6revleri neydi?<\/strong> Seyfiye (K\u0131l\u0131\u00e7 Ehli): Y\u00f6netim ve askerlik i\u015flerinden sorumlu s\u0131n\u0131ft\u0131r. Temsilcileri: Veziriazam, vezirler, beylerbeyleri, sancak beyleri.<\/p>\n\n\n\n<p class=\"wp-block-paragraph\"><strong>\u0130lmiye (\u0130lim Ehli) s\u0131n\u0131f\u0131 kimlerden olu\u015fur ve g\u00f6revleri neydi?<\/strong> \u0130lmiye (\u0130lim Ehli): Adalet, e\u011fitim ve din i\u015flerinden sorumlu s\u0131n\u0131ft\u0131r. Temsilcileri: \u015eeyh\u00fclislam, kazaskerler, kad\u0131lar, m\u00fcderrisler.<\/p>\n\n\n\n<p class=\"wp-block-paragraph\"><strong>Kalemiye (Kalem Ehli) s\u0131n\u0131f\u0131 kimlerden olu\u015fur ve g\u00f6revleri neydi?<\/strong> Kalemiye (Kalem Ehli): Devletin idari ve mali i\u015flerinden, yani b\u00fcrokrasiden sorumlu s\u0131n\u0131ft\u0131r. Temsilcileri: Ni\u015fanc\u0131, defterdar, reis\u00fclk\u00fcttap.<\/p>\n\n\n\n<p class=\"wp-block-paragraph\"><strong>Seyfiye S\u0131n\u0131f\u0131<\/strong><\/p>\n\n\n\n<p class=\"wp-block-paragraph\"><strong>Veziriazam\u0131n (Sadrazam) g\u00f6rev ve yetkileri nelerdir?<\/strong> Veziriazam (Sadrazam): Padi\u015fah\u0131n mutlak vekilidir ve onun m\u00fchr\u00fcn\u00fc ta\u015f\u0131rd\u0131. Divan-\u0131 H\u00fcmayun&#8217;a ba\u015fkanl\u0131k eder, orduya komuta ederdi (Serdar-\u0131 Ekrem unvan\u0131yla).<\/p>\n\n\n\n<p class=\"wp-block-paragraph\"><strong>Vezirlerin (Kubbealt\u0131 Vezirleri) g\u00f6revi neydi?<\/strong> Vezirler (Kubbealt\u0131 Vezirleri): Veziriazama devlet i\u015flerinde yard\u0131mc\u0131 olurlard\u0131. Say\u0131lar\u0131 zamanla artm\u0131\u015ft\u0131r.<\/p>\n\n\n\n<p class=\"wp-block-paragraph\"><strong>Kaptan-\u0131 Derya kimdir ve hangi d\u00f6nemde divan\u0131n daimi \u00fcyesi olmu\u015ftur?<\/strong> Kaptan-\u0131 Derya: Donanma komutan\u0131d\u0131r. Kanuni d\u00f6neminde divan\u0131n daimi \u00fcyesi olmu\u015ftur.<\/p>\n\n\n\n<p class=\"wp-block-paragraph\"><strong>Yeni\u00e7eri A\u011fas\u0131&#8217;n\u0131n g\u00f6revi nedir?<\/strong> Yeni\u00e7eri A\u011fas\u0131: Yeni\u00e7eri Oca\u011f\u0131&#8217;n\u0131n komutan\u0131d\u0131r.<\/p>\n\n\n\n<p class=\"wp-block-paragraph\"><strong>\u0130lmiye S\u0131n\u0131f\u0131 ve G\u00f6revleri<\/strong><\/p>\n\n\n\n<p class=\"wp-block-paragraph\"><strong>\u015eeyh\u00fclislam&#8217;\u0131n g\u00f6revi nedir ve verdi\u011fi karara ne ad verilir?<\/strong> \u015eeyh\u00fclislam: Divan&#8217;da al\u0131nan kararlar\u0131n \u0130slam hukukuna uygun olup olmad\u0131\u011f\u0131na karar verirdi. Verdi\u011fi karara fetva denir. Divan\u0131n daimi \u00fcyesi de\u011fildi, ancak zamanla \u00f6nemi artm\u0131\u015ft\u0131r.<\/p>\n\n\n\n<p class=\"wp-block-paragraph\"><strong>Kazasker&#8217;in g\u00f6revleri nelerdi ve divanda nas\u0131l temsil edilirlerdi?<\/strong> Kazasker: B\u00fcy\u00fck davalara bakar, kad\u0131 ve m\u00fcderrislerin atamas\u0131n\u0131 yapard\u0131. Anadolu ve Rumeli kazaskeri olarak ikiye ayr\u0131l\u0131rd\u0131. Rumeli kazaskeri divanda daha \u00fcst r\u00fctbeliydi.<\/p>\n\n\n\n<p class=\"wp-block-paragraph\"><strong>Kad\u0131lar\u0131n g\u00f6revi neydi?<\/strong> Kad\u0131lar: Kazalarda yarg\u0131 i\u015flerinden sorumluydu ve bulunduklar\u0131 yerin y\u00f6neticisi konumundayd\u0131lar.<\/p>\n\n\n\n<p class=\"wp-block-paragraph\"><strong>Kalemiye S\u0131n\u0131f\u0131 ve G\u00f6revleri<\/strong><\/p>\n\n\n\n<p class=\"wp-block-paragraph\"><strong>Defterdar&#8217;\u0131n g\u00f6revi neydi ve divanda nas\u0131l temsil edilirdi?<\/strong> Defterdar: Devletin gelir ve giderlerinden, yani maliyeden sorumluydu. B\u00fct\u00e7eyi haz\u0131rlar ve hazineyi y\u00f6netirdi. Anadolu ve Rumeli defterdar\u0131 olarak ikiye ayr\u0131l\u0131rd\u0131.<\/p>\n\n\n\n<p class=\"wp-block-paragraph\"><strong>Ni\u015fanc\u0131&#8217;n\u0131n g\u00f6revleri nelerdir?<\/strong> Ni\u015fanc\u0131: Padi\u015fah ad\u0131na yaz\u0131lan fermanlara ve belgelere padi\u015fah\u0131n imzas\u0131 olan tu\u011fray\u0131 \u00e7ekerdi. Ayr\u0131ca fethedilen topraklar\u0131n kay\u0131tlar\u0131n\u0131 tutan tahrir defterlerini d\u00fczenlerdi.<\/p>\n\n\n\n<p class=\"wp-block-paragraph\"><strong>Reis\u00fclk\u00fcttap&#8217;\u0131n g\u00f6revi neydi ve zamanla nas\u0131l \u00f6nem kazanm\u0131\u015ft\u0131r?<\/strong> Reis\u00fclk\u00fcttap: \u00d6nceleri ni\u015fanc\u0131ya ba\u011fl\u0131 bir k\u00e2tipken, XVII. y\u00fczy\u0131lda d\u0131\u015f i\u015flerinden sorumlu h\u00e2le gelerek \u00f6nemi artm\u0131\u015ft\u0131r.<\/p>\n\n\n\n<p class=\"wp-block-paragraph\"><strong>Y\u00f6netimde Yeni D\u00f6nem<\/strong><\/p>\n\n\n\n<p class=\"wp-block-paragraph\"><strong>H\u00fcrrem Sultan&#8217;\u0131n sanca\u011fa gitmeyip haremde kalmas\u0131 hangi \u00f6nemli de\u011fi\u015fimin d\u00f6n\u00fcm noktas\u0131 olmu\u015ftur?<\/strong> Kanuni Sultan S\u00fcleyman&#8217;\u0131n e\u015fi H\u00fcrrem Sultan&#8217;\u0131 sanca\u011fa g\u00f6ndermeyip haremde yan\u0131nda tutmas\u0131 bir d\u00f6n\u00fcm noktas\u0131 oldu. Bu durum, padi\u015fah e\u015flerinin ve valide sultanlar\u0131n saray ve devlet y\u00f6netimindeki etkisini art\u0131rd\u0131.<\/p>\n\n\n\n<p class=\"wp-block-paragraph\"><strong>Sanca\u011fa \u00e7\u0131kma uygulamas\u0131 hangi padi\u015fah d\u00f6neminde kald\u0131r\u0131lm\u0131\u015ft\u0131r?<\/strong> III. Mehmet d\u00f6neminde sanca\u011fa \u00e7\u0131kma uygulamas\u0131 kald\u0131r\u0131ld\u0131.<\/p>\n\n\n\n<p class=\"wp-block-paragraph\"><strong>Sancak tecr\u00fcbesi olmadan tahta \u00e7\u0131kan ilk padi\u015fah kimdir ve bu durumun sonucu ne olmu\u015ftur?<\/strong> I. Ahmet, sancak tecr\u00fcbesi olmadan tahta \u00e7\u0131kan ilk padi\u015fah oldu. Bu durum, \u015fehzadelerin tecr\u00fcbesiz yeti\u015fmesine neden oldu.<\/p>\n\n\n\n<p class=\"wp-block-paragraph\"><strong>Ekber ve Er\u015fed Sistemi<\/strong><\/p>\n\n\n\n<p class=\"wp-block-paragraph\"><strong>I. Ahmet d\u00f6neminde getirilen Ekber ve Er\u015fed sistemi nedir?<\/strong> I. Ahmet d\u00f6neminde veraset sisteminde yeni bir d\u00fczenlemeye gidildi. Tahta, hanedan\u0131n en ya\u015fl\u0131 (ekber) ve en olgun (er\u015fed) \u00fcyesinin ge\u00e7mesi kural\u0131 getirildi.<\/p>\n\n\n\n<p class=\"wp-block-paragraph\"><strong>Ekber ve Er\u015fed sisteminin amac\u0131 neydi?<\/strong> Bu sistemin amac\u0131, taht kavgalar\u0131n\u0131 ve karde\u015f katlini tamamen \u00f6nlemekti.<\/p>\n\n\n\n<p class=\"wp-block-paragraph\"><strong>Ekber ve Er\u015fed sistemiyle birlikte uygulanan kafes usul\u00fc nedir ve \u015fehzadeler \u00fczerinde nas\u0131l bir olumsuz etki yaratm\u0131\u015ft\u0131r?<\/strong> Ancak bu sistemle birlikte, tahta \u00e7\u0131kma s\u0131ras\u0131n\u0131 bekleyen \u015fehzadeler sarayda kafes usul\u00fc denilen bir t\u00fcr ev hapsinde ya\u015famaya ba\u015flad\u0131. Bu durum, \u015fehzadelerin halktan ve devlet i\u015flerinden kopuk, tecr\u00fcbesiz yeti\u015fmelerine yol a\u00e7t\u0131.<\/p>\n\n\n\n<p class=\"wp-block-paragraph\"><strong>Ta\u015fra Te\u015fkilat\u0131 ve Eyaletler<\/strong><\/p>\n\n\n\n<p class=\"wp-block-paragraph\"><strong>Osmanl\u0131 ta\u015fra te\u015fkilat\u0131nda en b\u00fcy\u00fck idari birimlere ne ad verilir ve y\u00f6neticisi kimdir?<\/strong> Osmanl\u0131&#8217;n\u0131n merkez d\u0131\u015f\u0131ndaki topraklar\u0131 eyalet denilen b\u00fcy\u00fck idari birimlere ayr\u0131l\u0131rd\u0131. Eyaletlerin ba\u015f\u0131nda beylerbeyi adl\u0131 y\u00f6netici bulunurdu.<\/p>\n\n\n\n<p class=\"wp-block-paragraph\"><strong>Osmanl\u0131 eyaletleri gelir kaynaklar\u0131na g\u00f6re hangi \u00fc\u00e7 gruba ayr\u0131l\u0131rd\u0131?<\/strong> Eyaletler, gelir kaynaklar\u0131na g\u00f6re \u00fc\u00e7e ayr\u0131l\u0131rd\u0131: Salyanesiz (Y\u0131ll\u0131ks\u0131z) Eyaletler, Salyaneli (Y\u0131ll\u0131kl\u0131) Eyaletler ve \u0130mtiyazl\u0131 (Ayr\u0131cal\u0131kl\u0131) Eyaletler.<\/p>\n\n\n\n<p class=\"wp-block-paragraph\"><strong>Salyanesiz (Y\u0131ll\u0131ks\u0131z) Eyaletler nedir ve nerelerdir?<\/strong> Salyanesiz (Y\u0131ll\u0131ks\u0131z) Eyaletler: T\u0131mar sisteminin uyguland\u0131\u011f\u0131, merkeze yak\u0131n eyaletlerdir (Rumeli, Anadolu vb.).<\/p>\n\n\n\n<p class=\"wp-block-paragraph\"><strong>Salyaneli (Y\u0131ll\u0131kl\u0131) Eyaletler nedir ve nerelerdir?<\/strong> Salyaneli (Y\u0131ll\u0131kl\u0131) Eyaletler: T\u0131mar sisteminin uygulanmad\u0131\u011f\u0131, vergilerin iltizam yoluyla topland\u0131\u011f\u0131 uzak eyaletlerdir (M\u0131s\u0131r, Ba\u011fdat, Yemen vb.).<\/p>\n\n\n\n<p class=\"wp-block-paragraph\"><strong>\u0130mtiyazl\u0131 (Ayr\u0131cal\u0131kl\u0131) Eyaletler nedir ve nerelerdir?<\/strong> \u0130mtiyazl\u0131 (Ayr\u0131cal\u0131kl\u0131) Eyaletler: \u0130\u00e7 i\u015flerinde serbest, d\u0131\u015f i\u015flerinde Osmanl\u0131&#8217;ya ba\u011fl\u0131 \u00f6zel y\u00f6netimlerdir (K\u0131r\u0131m, Eflak, Bo\u011fdan, Hicaz vb.).<\/p>\n\n\n\n<p class=\"wp-block-paragraph\"><strong>Asker\u00ee \u0130nk\u0131lap ve Osmanl\u0131 Ordusuna Etkileri<\/strong><\/p>\n\n\n\n<p class=\"wp-block-paragraph\"><strong>Asker\u00ee \u0130nk\u0131lap nedir ve hangi geli\u015fme \u00fczerine ortaya \u00e7\u0131km\u0131\u015ft\u0131r?<\/strong> XVI. ve XVII. y\u00fczy\u0131llarda Avrupa&#8217;da ate\u015fli silahlar\u0131n yayg\u0131nla\u015fmas\u0131, sava\u015f taktiklerini k\u00f6kten de\u011fi\u015ftirdi. Buna Asker\u00ee \u0130nk\u0131lap denir.<\/p>\n\n\n\n<p class=\"wp-block-paragraph\"><strong>Asker\u00ee \u0130nk\u0131lap sonucunda hangi askeri unsurlar \u00f6nem kazanm\u0131\u015ft\u0131r?<\/strong> Bu geli\u015fme Osmanl\u0131 ordusunu da etkiledi. Kal\u0131n surlar\u0131 y\u0131kabilecek b\u00fcy\u00fck toplar ve t\u00fcfek kullanan piyade birlikleri \u00f6nem kazand\u0131.<\/p>\n\n\n\n<p class=\"wp-block-paragraph\"><strong>Osmanl\u0131 Devleti, Asker\u00ee \u0130nk\u0131lap&#8217;a ayak uydurmak i\u00e7in orduda hangi de\u011fi\u015fiklikleri yapm\u0131\u015ft\u0131r?<\/strong> Osmanl\u0131 Devleti, bu teknolojiye ayak uydurmak i\u00e7in ordusunda de\u011fi\u015fiklikler yapt\u0131. Ate\u015fli silah kullanabilen yeni\u00e7erilerin say\u0131s\u0131 art\u0131r\u0131ld\u0131.<\/p>\n\n\n\n<p class=\"wp-block-paragraph\"><strong>Ate\u015fli silahlar\u0131n \u00f6nem kazanmas\u0131, hangi askeri s\u0131n\u0131f\u0131n \u00f6nemini azaltm\u0131\u015f ve hangi sistemin bozulmas\u0131na yol a\u00e7m\u0131\u015ft\u0131r?<\/strong> Buna kar\u015f\u0131l\u0131k, atl\u0131 askerler olan T\u0131marl\u0131 Sipahilerin \u00f6nemi ve say\u0131s\u0131 azald\u0131. Bu durum t\u0131mar sisteminin bozulmas\u0131na yol a\u00e7t\u0131.<\/p>\n\n\n\n<h2 class=\"wp-block-heading\">AVRUPALILARIN S\u00d6M\u00dcRGEC\u0130 POL\u0130T\u0130KALARI<\/h2>\n\n\n\n<p class=\"wp-block-paragraph\"><strong>Yeni Ticaret Yollar\u0131 Aray\u0131\u015f\u0131<\/strong><\/p>\n\n\n\n<p class=\"wp-block-paragraph\"><strong>XV-XVII. y\u00fczy\u0131llarda \u0130pek ve Baharat yollar\u0131n\u0131 kimler kontrol ediyordu?<\/strong> XV-XVII. y\u00fczy\u0131llarda Osmanl\u0131 Devleti ve di\u011fer M\u00fcsl\u00fcman devletler, \u0130pek ve Baharat yollar\u0131n\u0131 kontrol ediyordu.<\/p>\n\n\n\n<p class=\"wp-block-paragraph\"><strong>\u0130pek ve Baharat yollar\u0131n\u0131n M\u00fcsl\u00fcmanlar\u0131n kontrol\u00fcnde olmas\u0131 Avrupal\u0131lar\u0131 nas\u0131l etkiledi?<\/strong> Bu durum, Avrupal\u0131lar\u0131n Do\u011fu ile ticaretini zorla\u015ft\u0131rd\u0131 ve maliyetleri art\u0131rd\u0131.<\/p>\n\n\n\n<p class=\"wp-block-paragraph\"><strong>Avrupal\u0131lar\u0131n yeni ticaret yollar\u0131 aramas\u0131n\u0131n temel ekonomik nedeni neydi?<\/strong> Avrupal\u0131lar, ticari \u00fcr\u00fcnleri daha ucuza alabilmek ve Venediklilerle M\u00fcsl\u00fcman t\u00fcccarlar\u0131n i\u015f birli\u011fini engellemek i\u00e7in yeni yollar aramaya ba\u015flad\u0131.<\/p>\n\n\n\n<p class=\"wp-block-paragraph\"><strong>Avrupal\u0131lar\u0131n yeni yol aray\u0131\u015f\u0131 hangi \u00f6nemli tarihi olay\u0131n temel nedenlerinden biri oldu?<\/strong> Bu aray\u0131\u015f, Co\u011frafi Ke\u015fifler&#8217;in temel nedenlerinden biri oldu.<\/p>\n\n\n\n<p class=\"wp-block-paragraph\"><strong>Denizcilik Teknolojisindeki Geli\u015fmeler<\/strong><\/p>\n\n\n\n<p class=\"wp-block-paragraph\"><strong>Portekizli gemiciler, harita tekni\u011fini kimlerden \u00f6\u011frenerek geli\u015ftirmi\u015flerdir?<\/strong> Portekizli gemiciler, M\u00fcsl\u00fcman co\u011frafyac\u0131lardan \u00f6\u011frendikleri harita tekni\u011fini geli\u015ftirdiler.<\/p>\n\n\n\n<p class=\"wp-block-paragraph\"><strong>Co\u011frafi Ke\u015fifler s\u0131ras\u0131nda okyanuslara dayan\u0131kl\u0131 olarak in\u015fa edilen gemi tipleri hangileridir?<\/strong> Okyanuslara dayan\u0131kl\u0131, hem y\u00fck hem de top ta\u015f\u0131yabilen karavel ve karak tipi gemiler in\u015fa ettiler.<\/p>\n\n\n\n<p class=\"wp-block-paragraph\"><strong>Denizcilerin y\u00f6n bulmas\u0131n\u0131 kolayla\u015ft\u0131ran ve harita yapmalar\u0131n\u0131 sa\u011flayan aletler nelerdi?<\/strong> Y\u00f6n bulmay\u0131 kolayla\u015ft\u0131ran pusula, usturlap ve sekstant gibi aletler sayesinde bilinmeyen yerlerin haritalar\u0131n\u0131 yapabildiler.<\/p>\n\n\n\n<p class=\"wp-block-paragraph\"><strong>Portekiz&#8217;in \u00d6nc\u00fcl\u00fc\u011f\u00fc ve B\u00fcy\u00fck Ke\u015fifler<\/strong><\/p>\n\n\n\n<p class=\"wp-block-paragraph\"><strong>XV. y\u00fczy\u0131lda Afrika k\u0131y\u0131lar\u0131na y\u00f6nelik ke\u015fifleri ba\u015flatan Portekizli kimdir?<\/strong> Portekizli Prens Henrique (Denizci Henri), XV. y\u00fczy\u0131lda Afrika k\u0131y\u0131lar\u0131na y\u00f6nelik ke\u015fifleri ba\u015flatt\u0131.<\/p>\n\n\n\n<p class=\"wp-block-paragraph\"><strong>Afrika&#8217;n\u0131n g\u00fcney ucundaki \u00dcmit Burnu&#8217;nu ke\u015ffederek Hindistan yolunu a\u00e7an denizci kimdir?<\/strong> Bartolomeu Dias, Afrika&#8217;n\u0131n g\u00fcney ucundaki \u00dcmit Burnu&#8217;nu ke\u015ffederek Hindistan yolunu a\u00e7t\u0131.<\/p>\n\n\n\n<p class=\"wp-block-paragraph\"><strong>1498&#8217;de \u00dcmit Burnu&#8217;nu ge\u00e7erek Hindistan&#8217;\u0131n Kalikut Liman\u0131&#8217;na ula\u015fan denizci kimdir?<\/strong> 1498&#8217;de Vasco da Gama, \u00dcmit Burnu&#8217;nu ge\u00e7erek Hindistan&#8217;\u0131n Kalikut Liman\u0131&#8217;na ula\u015ft\u0131.<\/p>\n\n\n\n<p class=\"wp-block-paragraph\"><strong>Vasco da Gama&#8217;n\u0131n Hindistan&#8217;a ula\u015fmas\u0131 Portekiz&#8217;e hangi alanda egemenlik sa\u011flam\u0131\u015ft\u0131r?<\/strong> Bu ke\u015fif, Portekiz&#8217;in baharat ticaretinde egemen olmas\u0131n\u0131 sa\u011flad\u0131.<\/p>\n\n\n\n<p class=\"wp-block-paragraph\"><strong>Portekiz S\u00f6m\u00fcrge \u0130mparatorlu\u011fu&#8217;nun Do\u011fu\u015fu<\/strong><\/p>\n\n\n\n<p class=\"wp-block-paragraph\"><strong>Portekiz s\u00f6m\u00fcrgecili\u011finin 1500, 1511 ve 1554 y\u0131llar\u0131ndaki \u00f6nemli geli\u015fmeleri nelerdir?<\/strong> 1500 y\u0131l\u0131nda Pedro Alvares Cabral, Brezilya&#8217;ya ula\u015farak buray\u0131 Portekiz topra\u011f\u0131 ilan etti. 1511&#8217;de stratejik \u00f6neme sahip Malakka Bo\u011faz\u0131&#8217;n\u0131 ele ge\u00e7irdiler. 1554&#8217;te \u00c7in ile ticaret yapmak i\u00e7in Makao&#8217;yu bir \u00fcs olarak kullanmaya ba\u015flad\u0131lar.<\/p>\n\n\n\n<p class=\"wp-block-paragraph\"><strong>Portekiz Krall\u0131\u011f\u0131 nas\u0131l b\u00fcy\u00fck bir s\u00f6m\u00fcrge imparatorlu\u011funa d\u00f6n\u00fc\u015fm\u00fc\u015ft\u00fcr?<\/strong> Ke\u015ffedilen bu topraklarda koloniler kuran Portekiz Krall\u0131\u011f\u0131, k\u0131sa s\u00fcrede b\u00fcy\u00fck bir s\u00f6m\u00fcrge imparatorlu\u011funa d\u00f6n\u00fc\u015ft\u00fc.<\/p>\n\n\n\n<p class=\"wp-block-paragraph\"><strong>Di\u011fer Avrupal\u0131 G\u00fc\u00e7ler<\/strong><\/p>\n\n\n\n<p class=\"wp-block-paragraph\"><strong>Portekiz&#8217;in ba\u015far\u0131s\u0131 hangi Avrupal\u0131 devletleri harekete ge\u00e7irmi\u015ftir?<\/strong> Portekiz&#8217;in ba\u015far\u0131s\u0131 \u0130spanya, Hollanda, Fransa ve \u0130ngiltere&#8217;yi de harekete ge\u00e7irdi.<\/p>\n\n\n\n<p class=\"wp-block-paragraph\"><strong>\u0130spanyol denizci Kristof Kolomb, Hindistan&#8217;a ula\u015fmak isterken hangi k\u0131tay\u0131 ke\u015ffetmi\u015ftir?<\/strong> \u0130spanyol denizci Kristof Kolomb, Hindistan&#8217;a ula\u015fmak isterken Amerika k\u0131tas\u0131n\u0131 ke\u015ffetti.<\/p>\n\n\n\n<p class=\"wp-block-paragraph\"><strong>\u0130spanyollar\u0131n ke\u015fifleri sonucunda Amerika&#8217;daki hangi b\u00fcy\u00fck medeniyetler y\u0131k\u0131lm\u0131\u015ft\u0131r?<\/strong> Bu ke\u015fifler sonucunda Amerika&#8217;daki \u0130nka ve Aztek gibi b\u00fcy\u00fck medeniyetler y\u0131k\u0131ld\u0131.<\/p>\n\n\n\n<p class=\"wp-block-paragraph\"><strong>\u0130spanyollar, Avrupa&#8217;n\u0131n en zengin krall\u0131\u011f\u0131 h\u00e2line nas\u0131l gelmi\u015ftir?<\/strong> \u0130spanyollar, bu topraklardaki alt\u0131n ve g\u00fcm\u00fc\u015f gibi de\u011ferli kaynaklar\u0131 s\u00f6m\u00fcrerek Avrupa&#8217;n\u0131n en zengin krall\u0131\u011f\u0131 h\u00e2line geldi.<\/p>\n\n\n\n<p class=\"wp-block-paragraph\"><strong>Co\u011frafi Ke\u015fiflerin Osmanl\u0131 Devleti\u2019ne Etkileri<\/strong><\/p>\n\n\n\n<p class=\"wp-block-paragraph\"><strong>Co\u011frafi Ke\u015fifler sonucunda ticaret yollar\u0131n\u0131n y\u00f6n de\u011fi\u015ftirmesi, Osmanl\u0131 kontrol\u00fcndeki \u0130pek ve Baharat yollar\u0131n\u0131 nas\u0131l etkilemi\u015ftir?<\/strong> Co\u011frafi Ke\u015fifler sonucunda ticaret yollar\u0131n\u0131n y\u00f6n de\u011fi\u015ftirmesi, Osmanl\u0131 \u00fclkesinden ge\u00e7en \u0130pek ve Baharat yollar\u0131n\u0131n \u00f6nemini azaltt\u0131.<\/p>\n\n\n\n<p class=\"wp-block-paragraph\"><strong>Ticaret yollar\u0131n\u0131n de\u011fi\u015fmesiyle hangi limanlar \u00f6nem kazanm\u0131\u015f, hangileri kaybetmi\u015ftir?<\/strong> Atlas Okyanusu\u2019ndaki limanlar \u00f6nem kazan\u0131rken Akdeniz limanlar\u0131 \u00f6nemini kaybetti.<\/p>\n\n\n\n<p class=\"wp-block-paragraph\"><strong>Akdeniz limanlar\u0131n\u0131n \u00f6nem kaybetmesi Osmanl\u0131 Devleti&#8217;ni ekonomik olarak nas\u0131l etkilemi\u015ftir?<\/strong> Bu durum Osmanl\u0131 Devleti\u2019nin g\u00fcmr\u00fck gelirlerinde azalmaya, dolay\u0131s\u0131yla da ekonomisinde gerilemeye neden oldu.<\/p>\n\n\n\n<p class=\"wp-block-paragraph\"><strong>Hollanda, Fransa ve \u0130ngiltere&#8217;nin S\u00f6m\u00fcrgecili\u011fi<\/strong><\/p>\n\n\n\n<p class=\"wp-block-paragraph\"><strong>Hollanda, Asya baharat ticaretini hangi \u015firket arac\u0131l\u0131\u011f\u0131yla ele ge\u00e7irmi\u015ftir?<\/strong> Hollanda, Do\u011fu Hindistan \u015eirketi arac\u0131l\u0131\u011f\u0131yla Asya baharat ticaretini ele ge\u00e7irdi.<\/p>\n\n\n\n<p class=\"wp-block-paragraph\"><strong>Fransa nerelerde koloniler kurmu\u015f ve hangi \u00fcr\u00fcnlerin ticaretini yapm\u0131\u015ft\u0131r?<\/strong> Fransa, Amerika, Afrika ve Asya&#8217;da koloniler kurarak baharat, \u015feker kam\u0131\u015f\u0131 ve k\u00fcrk ticareti yapt\u0131.<\/p>\n\n\n\n<p class=\"wp-block-paragraph\"><strong>\u0130ngiltere&#8217;nin s\u00f6m\u00fcrgecili\u011finin merkezi hangi \u015firket olmu\u015f ve \u0130ngiltere nas\u0131l bir imparatorlu\u011fa d\u00f6n\u00fc\u015fm\u00fc\u015ft\u00fcr?<\/strong> \u0130ngiltere, Hindistan ve Amerika&#8217;da koloniler kurdu; Do\u011fu Hindistan \u015eirketi s\u00f6m\u00fcrgecili\u011fin merkezi oldu. \u0130ngiltere \u00fczerinde g\u00fcne\u015f batmayan imparatorlu\u011fa d\u00f6n\u00fc\u015ft\u00fc.<\/p>\n\n\n\n<p class=\"wp-block-paragraph\"><strong>\u0130ngilizler, Avrupa ekonomisinde nas\u0131l b\u00fcy\u00fck bir g\u00fc\u00e7 h\u00e2line gelmi\u015ftir?<\/strong> \u0130ngilizler, k\u00f6le ticaretinde de aktif rol oynayarak Avrupa ekonomisinde b\u00fcy\u00fck bir g\u00fc\u00e7 h\u00e2line geldi.<\/p>\n\n\n\n<p class=\"wp-block-paragraph\"><strong>Atlantik K\u00f6le Ticareti<\/strong><\/p>\n\n\n\n<p class=\"wp-block-paragraph\"><strong>\u0130spanyollar, Amerika&#8217;daki yerli n\u00fcfusun azalmas\u0131 \u00fczerine hangi i\u015f g\u00fcc\u00fcne y\u00f6nelmi\u015ftir?<\/strong> \u0130spanyollar, Amerika&#8217;daki yerli n\u00fcfusun salg\u0131n hastal\u0131klar nedeniyle azalmas\u0131 \u00fczerine Afrikal\u0131 k\u00f6lelere y\u00f6neldi.<\/p>\n\n\n\n<p class=\"wp-block-paragraph\"><strong>Afrika&#8217;dan k\u00f6le ta\u015f\u0131nmas\u0131n\u0131 1518&#8217;de resmen yasalla\u015ft\u0131ran kimdir?<\/strong> 1518&#8217;de \u0130spanyol Kral\u0131 V. Charles, Afrika&#8217;dan k\u00f6le ta\u015f\u0131nmas\u0131n\u0131 resmen yasalla\u015ft\u0131rd\u0131.<\/p>\n\n\n\n<p class=\"wp-block-paragraph\"><strong>Hangi \u00fclkeler ve hangi \u015firketler k\u00f6le ticaretini y\u00f6netmi\u015ftir?<\/strong> \u0130ngiltere (Royal African Company), Hollanda (West India Company) ve Fransa (Compagnie du S\u00e9n\u00e9gal) gibi \u00fclkeler kurduklar\u0131 \u015firketlerle k\u00f6le ticaretini y\u00f6nettiler.<\/p>\n\n\n\n<p class=\"wp-block-paragraph\"><strong>Atlantik k\u00f6le ticaretinin insani sonucu ne olmu\u015ftur?<\/strong> Milyonlarca Afrikal\u0131, zorla Amerika k\u0131tas\u0131na g\u00f6t\u00fcr\u00fclerek k\u00f6le olarak \u00e7al\u0131\u015ft\u0131r\u0131ld\u0131.<\/p>\n\n\n\n<p class=\"wp-block-paragraph\"><strong>K\u00f6leli\u011fin Sonu<\/strong><\/p>\n\n\n\n<p class=\"wp-block-paragraph\"><strong>Atlantik k\u00f6le ticareti ne zaman sona ermi\u015ftir ve k\u00f6leli\u011fin tamamen kald\u0131r\u0131lmas\u0131 ne kadar s\u00fcrm\u00fc\u015ft\u00fcr?<\/strong> Atlantik k\u00f6le ticareti XIX. y\u00fczy\u0131l\u0131n ortalar\u0131nda b\u00fcy\u00fck \u00f6l\u00e7\u00fcde sona erdi. Ancak k\u00f6leli\u011fin tamamen kald\u0131r\u0131lmas\u0131 ve etkilerinin silinmesi uzun y\u0131llar s\u00fcrd\u00fc.<\/p>\n\n\n\n<p class=\"wp-block-paragraph\"><strong>Birle\u015fmi\u015f Milletler, 25 Mart&#8217;\u0131 ne g\u00fcn\u00fc olarak ilan etmi\u015ftir?<\/strong> Birle\u015fmi\u015f Milletler, 25 Mart&#8217;\u0131 Uluslararas\u0131 K\u00f6lelik ve Transatlantik K\u00f6le Ticareti Ma\u011fdurlar\u0131n\u0131 Anma G\u00fcn\u00fc ilan etti.<\/p>\n\n\n\n<p class=\"wp-block-paragraph\"><strong>R\u00f6nesans<\/strong><\/p>\n\n\n\n<p class=\"wp-block-paragraph\"><strong>R\u00f6nesans nedir, ne anlama gelir ve ne zaman ya\u015fanm\u0131\u015ft\u0131r?<\/strong> R\u00f6nesans, &#8220;yeniden do\u011fu\u015f&#8221; anlam\u0131na gelir; XV-XVI. y\u00fczy\u0131llarda Avrupa&#8217;da ya\u015fanm\u0131\u015ft\u0131r. Antik Yunan ve Roma k\u00fclt\u00fcr\u00fcne dayanan bilim, sanat ve felsefe alan\u0131nda b\u00fcy\u00fck bir canlanmad\u0131r.<\/p>\n\n\n\n<p class=\"wp-block-paragraph\"><strong>R\u00f6nesans&#8217;\u0131 \u015fekillendiren ve insan\u0131 merkeze alan ak\u0131m\u0131n ad\u0131 nedir?<\/strong> H\u00fcmanizm ak\u0131m\u0131, toplum yerine insan\u0131 merkeze alarak R\u00f6nesans&#8217;\u0131 \u015fekillendirdi.<\/p>\n\n\n\n<p class=\"wp-block-paragraph\"><strong>R\u00f6nesans d\u00f6neminde Katolik Kilisesi&#8217;nin \u00f6\u011fretileri nas\u0131l etkilenmi\u015f ve hangi felsefi ak\u0131m etkili olmu\u015ftur?<\/strong> Bu d\u00f6nemde Katolik Kilisesi&#8217;nin bask\u0131lar\u0131 ve \u00f6\u011fretileri sorgulanmaya ba\u015fland\u0131. Do\u011fru bilginin kayna\u011f\u0131n\u0131n ak\u0131l oldu\u011funu savunan rasyonalizm de bu d\u00f6nemde etkili oldu.<\/p>\n\n\n\n<p class=\"wp-block-paragraph\"><strong>R\u00f6nesans&#8217;\u0131n Destek\u00e7ileri<\/strong><\/p>\n\n\n\n<p class=\"wp-block-paragraph\"><strong>Do\u011fu ile ticaret, hangi \u0130talyan \u015fehirlerini zenginle\u015ftirmi\u015ftir?<\/strong> Do\u011fu ile ticaret, Venedik, Cenova ve Floransa gibi \u0130talyan \u015fehirlerini zenginle\u015ftirdi.<\/p>\n\n\n\n<p class=\"wp-block-paragraph\"><strong>\u0130talyan \u015fehirlerindeki zenginle\u015fme, sanat\u0131 ve bilimi destekleyen hangi s\u0131n\u0131f\u0131n ortaya \u00e7\u0131kmas\u0131n\u0131 sa\u011flam\u0131\u015ft\u0131r?<\/strong> Bu zenginle\u015fme, bilimi ve sanat\u0131 destekleyen &#8220;mesen&#8221; adl\u0131 bir s\u0131n\u0131f\u0131n ortaya \u00e7\u0131kmas\u0131n\u0131 sa\u011flad\u0131.<\/p>\n\n\n\n<p class=\"wp-block-paragraph\"><strong>R\u00f6nesans&#8217;\u0131n \u0130talya&#8217;da ba\u015flamas\u0131nda kilit rol oynayan Floransa&#8217;daki aile kimdir ve hangi sanat\u00e7\u0131lar\u0131 desteklemi\u015flerdir?<\/strong> Floransa&#8217;daki Medici ailesi, Michelangelo, Leonardo da Vinci gibi sanat\u00e7\u0131lar\u0131 ve daha sonra bilim insan\u0131 Galileo&#8217;yu destekledi. Bu destek, R\u00f6nesans&#8217;\u0131n \u0130talya&#8217;da ba\u015flamas\u0131nda ve geli\u015fmesinde kilit rol oynad\u0131.<\/p>\n\n\n\n<p class=\"wp-block-paragraph\"><strong>R\u00f6nesans Sanat\u0131n\u0131n \u00d6zellikleri<\/strong><\/p>\n\n\n\n<p class=\"wp-block-paragraph\"><strong>R\u00f6nesans sanat\u0131 nerede ba\u015flam\u0131\u015f ve hangi anlay\u0131\u015f\u0131 benimsemi\u015ftir?<\/strong> R\u00f6nesans sanat\u0131, XV. y\u00fczy\u0131l\u0131n ba\u015flar\u0131nda \u0130talya&#8217;n\u0131n Floransa \u015fehrinde ba\u015flad\u0131. \u0130nsan\u00fcst\u00fc bir dinsellik yerine, dinle b\u00fct\u00fcnle\u015fen bir do\u011fa ve idealle\u015ftirilmi\u015f insan anlay\u0131\u015f\u0131n\u0131 benimsedi.<\/p>\n\n\n\n<p class=\"wp-block-paragraph\"><strong>R\u00f6nesans sanat\u0131nda hangi din d\u0131\u015f\u0131 konular ve sivil mimari t\u00fcrleri \u00f6nem kazanm\u0131\u015ft\u0131r?<\/strong> Bu nedenle din d\u0131\u015f\u0131 konular (portreler, mitolojik hikayeler) ve sivil mimari (saraylar, konutlar) \u00f6nem kazand\u0131.<\/p>\n\n\n\n<p class=\"wp-block-paragraph\"><strong>R\u00f6nesans sanat\u0131n\u0131n temel amac\u0131 neydi?<\/strong> Temel amac\u0131, Eski Roma ve Yunan sanat\u0131n\u0131 yeniden canland\u0131rmakt\u0131.<\/p>\n\n\n\n<p class=\"wp-block-paragraph\"><strong>R\u00f6nesans&#8217;\u0131n Yay\u0131lmas\u0131nda Matbaan\u0131n Rol\u00fc<\/strong><\/p>\n\n\n\n<p class=\"wp-block-paragraph\"><strong>R\u00f6nesans k\u00fclt\u00fcr\u00fcn\u00fcn yay\u0131lmas\u0131nda en etkili icat ne olmu\u015ftur?<\/strong> R\u00f6nesans k\u00fclt\u00fcr\u00fcn\u00fcn yay\u0131lmas\u0131nda en etkili icat, matbaa oldu.<\/p>\n\n\n\n<p class=\"wp-block-paragraph\"><strong>Hareketli harf bask\u0131 sistemini 1450&#8217;de kim, nerede geli\u015ftirmi\u015ftir?<\/strong> 1450&#8217;de Johannes Gutenberg, Almanya&#8217;n\u0131n Mainz \u015fehrinde hareketli harf bask\u0131 sistemini geli\u015ftirdi.<\/p>\n\n\n\n<p class=\"wp-block-paragraph\"><strong>Matbaan\u0131n icad\u0131 kitap bas\u0131m\u0131n\u0131 ve okuryazarl\u0131\u011f\u0131 nas\u0131l etkilemi\u015ftir?<\/strong> Bu bulu\u015f sayesinde kitap bas\u0131m\u0131 h\u0131zland\u0131 ve ucuzlad\u0131. Okuma-yazma, sadece din adamlar\u0131n\u0131n bir ayr\u0131cal\u0131\u011f\u0131 olmaktan \u00e7\u0131k\u0131p t\u00fcm topluma yay\u0131ld\u0131.<\/p>\n\n\n\n<p class=\"wp-block-paragraph\"><strong>R\u00f6nesans ve Siyasi D\u00fc\u015f\u00fcnce<\/strong><\/p>\n\n\n\n<p class=\"wp-block-paragraph\"><strong>R\u00f6nesans d\u00f6neminde siyasi yap\u0131 nas\u0131l de\u011fi\u015fmi\u015f ve t\u00fcccarlar neden krallar\u0131 desteklemi\u015ftir?<\/strong> R\u00f6nesans d\u00f6neminde feodal yap\u0131lar y\u0131k\u0131larak yerlerini mutlak monar\u015filere (g\u00fc\u00e7l\u00fc krall\u0131klara) b\u0131rakt\u0131. T\u00fcccarlar, ticari faaliyetlerini g\u00fcvenle s\u00fcrd\u00fcrmek i\u00e7in merkezi y\u00f6netimi g\u00fc\u00e7lendiren krallar\u0131 destekledi.<\/p>\n\n\n\n<p class=\"wp-block-paragraph\"><strong>Bu d\u00f6nemin en \u00f6nemli siyaset d\u00fc\u015f\u00fcn\u00fcrlerinden biri kimdir ve &#8220;Prens&#8221; adl\u0131 eserinde neyi vurgulam\u0131\u015ft\u0131r?<\/strong> Bu d\u00f6nemin en \u00f6nemli siyaset d\u00fc\u015f\u00fcn\u00fcrlerinden biri Floransal\u0131 Niccolo Machiavelli&#8217;ydi. Machiavelli, &#8220;Prens&#8221; adl\u0131 eserinde g\u00fc\u00e7l\u00fc bir h\u00fck\u00fcmdar\u0131n \u00f6nemini vurgulad\u0131.<\/p>\n\n\n\n<p class=\"wp-block-paragraph\"><strong>Reform Hareketlerinin Ba\u015flang\u0131c\u0131<\/strong><\/p>\n\n\n\n<p class=\"wp-block-paragraph\"><strong>Reform hareketlerinin ba\u015flamas\u0131na neden olan Katolik Kilisesi&#8217;nin uygulamalar\u0131 nelerdi?<\/strong> Katolik Kilisesi&#8217;nin artan bask\u0131s\u0131 ve yanl\u0131\u015f uygulamalar\u0131 halk aras\u0131nda tepkiye yol a\u00e7t\u0131.<\/p>\n\n\n\n<p class=\"wp-block-paragraph\"><strong>Reform hareketini 1517&#8217;de kim, nerede ve nas\u0131l ba\u015flatm\u0131\u015ft\u0131r?<\/strong> 1517&#8217;de Alman bir ke\u015fi\u015f olan Martin Luther, Wittenberg&#8217;deki kilisenin kap\u0131s\u0131na 95 maddelik bir bildiri asarak Reform hareketini ba\u015flatt\u0131.<\/p>\n\n\n\n<p class=\"wp-block-paragraph\"><strong>Martin Luther, Kilise&#8217;nin hangi uygulamalar\u0131na kar\u015f\u0131 \u00e7\u0131k\u0131yordu?<\/strong> Luther, Kilise&#8217;nin g\u00fcnahlar\u0131 affetme (end\u00fcljans) gibi uygulamalar\u0131na kar\u015f\u0131 \u00e7\u0131k\u0131yordu.<\/p>\n\n\n\n<p class=\"wp-block-paragraph\"><strong>Reform&#8217;un Yay\u0131lmas\u0131 ve Sonu\u00e7lar\u0131<\/strong><\/p>\n\n\n\n<p class=\"wp-block-paragraph\"><strong>Alman prensleri Martin Luther&#8217;i neden destekledi ve 1555 Augsburg Bar\u0131\u015f\u0131&#8217;n\u0131n \u00f6nemi nedir?<\/strong> Alman prensleri, siyasi nedenlerle Martin Luther&#8217;i destekledi. 1555 Augsburg Bar\u0131\u015f\u0131 ile Almanya&#8217;da Protestanl\u0131k mezhebi resmen tan\u0131nd\u0131.<\/p>\n\n\n\n<p class=\"wp-block-paragraph\"><strong>Reform hareketleri sonucunda Avrupa&#8217;da ortaya \u00e7\u0131kan yeni mezhepler hangileridir?<\/strong> Reform hareketleri Avrupa&#8217;ya yay\u0131ld\u0131: Almanya&#8217;da Lutheryenizm, \u0130svi\u00e7re ve Fransa&#8217;da Kalvenizm, \u0130ngiltere&#8217;de Anglikanizm gibi yeni mezhepler ortaya \u00e7\u0131kt\u0131.<\/p>\n\n\n\n<p class=\"wp-block-paragraph\"><strong>Otuz Y\u0131l Sava\u015flar\u0131 ve Westphalia Antla\u015fmas\u0131<\/strong><\/p>\n\n\n\n<p class=\"wp-block-paragraph\"><strong>Avrupa&#8217;daki mezhep ayr\u0131l\u0131klar\u0131 hangi sava\u015fa neden olmu\u015ftur?<\/strong> Avrupa&#8217;daki mezhep ayr\u0131l\u0131klar\u0131, Otuz Y\u0131l Sava\u015flar\u0131&#8217;na (1618-1648) neden oldu.<\/p>\n\n\n\n<p class=\"wp-block-paragraph\"><strong>Otuz Y\u0131l Sava\u015flar\u0131 kimler aras\u0131nda ba\u015flam\u0131\u015f ve nas\u0131l yay\u0131lm\u0131\u015ft\u0131r?<\/strong> Sava\u015f, Kutsal Roma \u0130mparatorlu\u011fu ile Protestan Alman prensleri aras\u0131nda ba\u015flay\u0131p t\u00fcm Avrupa&#8217;ya yay\u0131ld\u0131.<\/p>\n\n\n\n<p class=\"wp-block-paragraph\"><strong>Westphalia Antla\u015fmas\u0131&#8217;n\u0131n (1648) modern diplomasi a\u00e7\u0131s\u0131ndan \u00f6nemi nedir?<\/strong> Sava\u015f\u0131 bitiren Westphalia Antla\u015fmas\u0131 (1648), modern diplomasi ve uluslararas\u0131 ili\u015fkiler i\u00e7in bir d\u00f6n\u00fcm noktas\u0131d\u0131r. Bu antla\u015fmayla, devletlerin egemenli\u011finin dini otoriteden (Papal\u0131k&#8217;tan) ba\u011f\u0131ms\u0131z oldu\u011fu kabul edildi.<\/p>\n\n\n\n<p class=\"wp-block-paragraph\"><strong>Reform Hareketleri ve Osmanl\u0131<\/strong><\/p>\n\n\n\n<p class=\"wp-block-paragraph\"><strong>Reform hareketleri Osmanl\u0131 Devleti\u2019nde neden etkili olamam\u0131\u015ft\u0131r?<\/strong> Reform hareketleri Osmanl\u0131 Devleti\u2019nde etkili olamad\u0131. \u00c7\u00fcnk\u00fc Osmanl\u0131 topraklar\u0131nda ya\u015fayan Hristiyanlar, din ve vicdan \u00f6zg\u00fcrl\u00fc\u011f\u00fcne sahiplerdi.<\/p>\n\n\n\n<p class=\"wp-block-paragraph\"><strong>Osmanl\u0131 Devleti, Avrupa\u2019daki Reform hareketlerine siyasi a\u00e7\u0131dan nas\u0131l yakla\u015fm\u0131\u015ft\u0131r?<\/strong> Osmanl\u0131 Devleti, Avrupa\u2019daki Reform hareketleriyle siyasi a\u00e7\u0131dan ilgilendi. D\u00f6nemin h\u00fck\u00fcmdar\u0131 Kanuni, Luther\u2019e ve Protestanlara destek verdi.<\/p>\n\n\n\n<p class=\"wp-block-paragraph\"><strong>Osmanl\u0131 Devleti, Avrupa&#8217;daki mezhep \u00e7at\u0131\u015fmalar\u0131ndan nas\u0131l faydalanm\u0131\u015ft\u0131r?<\/strong> Avrupa\u2019daki kar\u0131\u015f\u0131kl\u0131klardan faydalanarak Viyana \u00f6nlerine kadar ilerledi.<\/p>\n\n\n\n<h2 class=\"wp-block-heading\">OSMANLI DEVLET\u0130\u2019NDE \u0130SYANLAR<\/h2>\n\n\n\n<p class=\"wp-block-paragraph\"><strong>Osmanl\u0131 Devletinde \u0130syanlar<\/strong><\/p>\n\n\n\n<p class=\"wp-block-paragraph\"><strong>Osmanl\u0131 Devleti&#8217;ndeki isyanlar genel olarak hangi d\u00f6rt ana ba\u015fl\u0131kta incelenir?<\/strong> Bu isyanlar genel olarak d\u00f6rt ana ba\u015fl\u0131kta incelenir:<\/p>\n\n\n\n<ul class=\"wp-block-list\">\n<li>\u0130stanbul (Merkez) \u0130syanlar\u0131: Genellikle Kap\u0131kulu askerlerinin \u00e7\u0131kard\u0131\u011f\u0131 isyanlard\u0131r.<\/li>\n\n\n\n<li>Cel\u00e2li \u0130syanlar\u0131: Anadolu&#8217;daki ekonomik ve sosyal s\u0131k\u0131nt\u0131lardan do\u011fan halk isyanlar\u0131d\u0131r.<\/li>\n\n\n\n<li>Suhte \u0130syanlar\u0131: Medrese \u00f6\u011frencilerinin \u00e7\u0131kard\u0131\u011f\u0131 isyanlard\u0131r.<\/li>\n\n\n\n<li>Eyalet \u0130syanlar\u0131: Merkeze uzak eyaletlerdeki yerel y\u00f6neticilerin \u00e7\u0131kard\u0131\u011f\u0131 isyanlard\u0131r.<\/li>\n<\/ul>\n\n\n\n<p class=\"wp-block-paragraph\"><strong>\u0130stanbul (Yeni\u00e7eri) \u0130syanlar\u0131<\/strong><\/p>\n\n\n\n<p class=\"wp-block-paragraph\"><strong>\u0130stanbul \u0130syanlar\u0131 neden Yeni\u00e7eri \u0130syanlar\u0131 olarak da adland\u0131r\u0131l\u0131r?<\/strong> Bu isyanlar, devletin merkezinde \u00e7\u0131kt\u0131\u011f\u0131 i\u00e7in \u0130stanbul \u0130syanlar\u0131 olarak adland\u0131r\u0131l\u0131r. Yeni\u00e7eriler \u00f6nc\u00fcl\u00fck etti\u011fi i\u00e7in Yeni\u00e7eri \u0130syanlar\u0131 da denir.<\/p>\n\n\n\n<p class=\"wp-block-paragraph\"><strong>\u0130stanbul (Yeni\u00e7eri) \u0130syanlar\u0131n\u0131n temel nedenleri nelerdir?<\/strong> Temel Nedenler:<\/p>\n\n\n\n<ul class=\"wp-block-list\">\n<li>Devlet otoritesinin zay\u0131flamas\u0131.<\/li>\n\n\n\n<li>Ulufe denilen maa\u015flar\u0131n zaman\u0131nda \u00f6denmemesi veya ayar\u0131 d\u00fc\u015f\u00fck para (ta\u011f\u015fi\u015f) ile \u00f6denmesi.<\/li>\n\n\n\n<li>C\u00fclus bah\u015fi\u015fi almak i\u00e7in s\u0131k s\u0131k padi\u015fah de\u011fi\u015ftirmek istemeleri.<\/li>\n\n\n\n<li>Devlet adamlar\u0131n\u0131n yeni\u00e7erileri kendi \u00e7\u0131karlar\u0131 i\u00e7in k\u0131\u015fk\u0131rtmas\u0131.<\/li>\n<\/ul>\n\n\n\n<p class=\"wp-block-paragraph\"><strong>\u0130lk Yeni\u00e7eri \u0130syan\u0131: Bu\u00e7uktepe Vakas\u0131 (1446)<\/strong><\/p>\n\n\n\n<p class=\"wp-block-paragraph\"><strong>Osmanl\u0131 tarihindeki ilk yeni\u00e7eri isyan\u0131 hangisidir ve nas\u0131l ba\u015flam\u0131\u015ft\u0131r?<\/strong> Osmanl\u0131 tarihindeki ilk yeni\u00e7eri isyan\u0131 Bu\u00e7uktepe Vakas\u0131&#8217;d\u0131r. Sultan II. Murat&#8217;\u0131n taht\u0131 k\u00fc\u00e7\u00fck ya\u015ftaki o\u011flu II. Mehmet&#8217;e b\u0131rakmas\u0131yla ba\u015flam\u0131\u015ft\u0131r.<\/p>\n\n\n\n<p class=\"wp-block-paragraph\"><strong>Bu\u00e7uktepe Vakas\u0131&#8217;n\u0131n g\u00f6r\u00fcn\u00fcrdeki ve as\u0131l nedeni neydi?<\/strong> Yeni\u00e7eriler, ak\u00e7enin de\u011ferinin d\u00fc\u015f\u00fcr\u00fclmesinden rahats\u0131z olmu\u015f ve maa\u015flar\u0131na zam istemi\u015ftir. \u0130syan\u0131n as\u0131l nedeni, padi\u015fah ve Sadrazam \u00c7andarl\u0131 Halil Pa\u015fa aras\u0131ndaki g\u00fc\u00e7 m\u00fccadelesidir.<\/p>\n\n\n\n<p class=\"wp-block-paragraph\"><strong>Bu\u00e7uktepe Vakas\u0131&#8217;n\u0131n (1446) sonucu ne olmu\u015ftur?<\/strong> \u0130syan sonucunda II. Murat yeniden tahta \u00e7\u0131km\u0131\u015ft\u0131r.<\/p>\n\n\n\n<p class=\"wp-block-paragraph\"><strong>Gen\u00e7 Osman&#8217;\u0131n (II. Osman) \u00d6ld\u00fcr\u00fclmesi<\/strong><\/p>\n\n\n\n<p class=\"wp-block-paragraph\"><strong>Sultan II. Osman (Gen\u00e7 Osman) neden Yeni\u00e7eri Oca\u011f\u0131&#8217;n\u0131 kald\u0131rmay\u0131 planlam\u0131\u015ft\u0131r?<\/strong> Sultan II. Osman, 1621&#8217;deki Lehistan Seferi&#8217;nde yeni\u00e7erilerin disiplinsizli\u011fi nedeniyle ba\u015far\u0131s\u0131z olmu\u015ftur. Bu durum \u00fczerine Yeni\u00e7eri Oca\u011f\u0131&#8217;n\u0131 kald\u0131rmay\u0131 ve daha disiplinli bir ordu kurmay\u0131 planlam\u0131\u015ft\u0131r.<\/p>\n\n\n\n<p class=\"wp-block-paragraph\"><strong>Gen\u00e7 Osman&#8217;\u0131n plan\u0131n\u0131n duyulmas\u0131 \u00fczerine kimler isyan etmi\u015ftir?<\/strong> Bu plan\u0131n\u0131n duyulmas\u0131 \u00fczerine yeni\u00e7eriler ve kap\u0131kulu sipahileri isyan etmi\u015ftir.<\/p>\n\n\n\n<p class=\"wp-block-paragraph\"><strong>Gen\u00e7 Osman&#8217;\u0131n \u00f6ld\u00fcr\u00fclmesi olay\u0131 nas\u0131l ger\u00e7ekle\u015fmi\u015ftir?<\/strong> Saray&#8217;\u0131 basan isyanc\u0131lar, II. Osman&#8217;\u0131 Yedikule Zindanlar\u0131&#8217;nda hapsetmi\u015f ve k\u0131sa s\u00fcre sonra \u00f6ld\u00fcrm\u00fc\u015flerdir.<\/p>\n\n\n\n<p class=\"wp-block-paragraph\"><strong>Gen\u00e7 Osman&#8217;\u0131n \u00f6ld\u00fcr\u00fclmesi olay\u0131n\u0131n Osmanl\u0131 tarihindeki \u00f6nemi nedir?<\/strong> Bu olay, bir padi\u015fah\u0131n isyanc\u0131lar taraf\u0131ndan \u00f6ld\u00fcr\u00fcld\u00fc\u011f\u00fc ilk olayd\u0131r.<\/p>\n\n\n\n<p class=\"wp-block-paragraph\"><strong>\u00c7\u0131nar Vakas\u0131 (Vaka-y\u0131 Vakvakiye) &#8211; 1656<\/strong><\/p>\n\n\n\n<p class=\"wp-block-paragraph\"><strong>\u00c7\u0131nar Vakas\u0131 (1656) hangi padi\u015fah d\u00f6neminde ve hangi ekonomik nedenle \u00e7\u0131km\u0131\u015ft\u0131r?<\/strong> Sultan IV. Mehmet d\u00f6neminde, devletin mali krizde olmas\u0131 nedeniyle maa\u015flar yine ayar\u0131 d\u00fc\u015f\u00fck ak\u00e7eyle \u00f6denmi\u015ftir.<\/p>\n\n\n\n<p class=\"wp-block-paragraph\"><strong>\u0130syan eden askerler padi\u015fahtan ne talep etmi\u015f ve padi\u015fah\u0131n tepkisi ne olmu\u015ftur?<\/strong> Bunun \u00fczerine isyan eden askerler, sorumlu g\u00f6rd\u00fckleri yakla\u015f\u0131k 30 devlet adam\u0131n\u0131n idam\u0131n\u0131 istemi\u015ftir. Padi\u015fah, olaylar\u0131n b\u00fcy\u00fcmemesi i\u00e7in bu iste\u011fi kabul etmek zorunda kalm\u0131\u015ft\u0131r.<\/p>\n\n\n\n<p class=\"wp-block-paragraph\"><strong>Bu olaya neden Vaka-y\u0131 Vakvakiye (Vakvak A\u011fac\u0131 Olay\u0131) denmi\u015ftir?<\/strong> \u0130dam edilen ki\u015filerin cesetleri Sultanahmet Meydan\u0131&#8217;ndaki bir \u00e7\u0131nar a\u011fac\u0131na as\u0131lm\u0131\u015ft\u0131r. Bu olaya, a\u011fac\u0131n meyve veren bir a\u011faca benzetilmesiyle Vaka-y\u0131 Vakvakiye (Vakvak A\u011fac\u0131 Olay\u0131) denmi\u015ftir.<\/p>\n\n\n\n<p class=\"wp-block-paragraph\"><strong>Cel\u00e2li \u0130syanlar\u0131 ve Nedenleri<\/strong><\/p>\n\n\n\n<p class=\"wp-block-paragraph\"><strong>Cel\u00e2li \u0130syanlar\u0131 nedir ve ad\u0131n\u0131 nereden alm\u0131\u015ft\u0131r?<\/strong> Anadolu&#8217;da \u00e7\u0131kan b\u00fcy\u00fck halk ayaklanmalar\u0131d\u0131r. Ad\u0131n\u0131, Yavuz Sultan Selim d\u00f6neminde Tokat&#8217;ta isyan eden Bozoklu \u015eeyh Cel\u00e2l&#8217;den alm\u0131\u015ft\u0131r.<\/p>\n\n\n\n<p class=\"wp-block-paragraph\"><strong>Cel\u00e2li \u0130syanlar\u0131n\u0131n temel nedenleri nelerdir?<\/strong> Temel Nedenler:<\/p>\n\n\n\n<ul class=\"wp-block-list\">\n<li>T\u0131mar sisteminin bozulmas\u0131 ve t\u0131marl\u0131 sipahilerin \u00f6nemini kaybetmesi.<\/li>\n\n\n\n<li>Vergilerin, \u00f6zellikle avar\u0131z vergisinin artmas\u0131 ve halk\u0131n ekonomik olarak zorlanmas\u0131.<\/li>\n\n\n\n<li>\u0130ltizam sisteminin yayg\u0131nla\u015fmas\u0131 ve m\u00fcltezimlerin halka bask\u0131 yapmas\u0131.<\/li>\n\n\n\n<li>Uzun s\u00fcren sava\u015flar\u0131n getirdi\u011fi y\u0131k\u0131m ve asker ka\u00e7aklar\u0131n\u0131n artmas\u0131.<\/li>\n<\/ul>\n\n\n\n<p class=\"wp-block-paragraph\"><strong>Ba\u015fl\u0131ca Cel\u00e2li \u0130syanlar\u0131<\/strong><\/p>\n\n\n\n<p class=\"wp-block-paragraph\"><strong>\u0130lk b\u00fcy\u00fck Cel\u00e2li isyan\u0131 hangisidir ve nas\u0131l ortaya \u00e7\u0131km\u0131\u015ft\u0131r?<\/strong> Karayaz\u0131c\u0131 \u0130syan\u0131: \u0130lk b\u00fcy\u00fck Cel\u00e2li isyan\u0131d\u0131r. Ha\u00e7ova Sava\u015f\u0131&#8217;ndan ka\u00e7an askerleri etraf\u0131nda toplayarak Urfa \u00e7evresinde etkili olmu\u015ftur.<\/p>\n\n\n\n<p class=\"wp-block-paragraph\"><strong>Canbolato\u011flu \u0130syan\u0131 nerede etkili olmu\u015ftur?<\/strong> Canbolato\u011flu \u0130syan\u0131: Halep ve \u00e7evresinde etkili olmu\u015f, kendi ad\u0131na para bast\u0131rarak ba\u011f\u0131ms\u0131zl\u0131\u011f\u0131n\u0131 ilan etmi\u015ftir.<\/p>\n\n\n\n<p class=\"wp-block-paragraph\"><strong>Kalendero\u011flu \u0130syan\u0131 nerede etkili olmu\u015f ve kim taraf\u0131ndan bast\u0131r\u0131lm\u0131\u015ft\u0131r?<\/strong> Kalendero\u011flu \u0130syan\u0131: Manisa ve Ayd\u0131n \u00e7evresinde ba\u015flam\u0131\u015f, Kuyucu Murat Pa\u015fa&#8217;n\u0131n m\u00fcdahalesiyle bast\u0131r\u0131lm\u0131\u015ft\u0131r.<\/p>\n\n\n\n<p class=\"wp-block-paragraph\"><strong>Abaza Hasan Pa\u015fa \u0130syan\u0131&#8217;n\u0131n \u00f6nemi nedir?<\/strong> Abaza Hasan Pa\u015fa \u0130syan\u0131: Osmanl\u0131 tarihindeki en b\u00fcy\u00fck Cel\u00e2li isyanlar\u0131ndan biridir ve orduyu uzun s\u00fcre u\u011fra\u015ft\u0131rm\u0131\u015ft\u0131r.<\/p>\n\n\n\n<p class=\"wp-block-paragraph\"><strong>Cel\u00e2li \u0130syanlar\u0131n\u0131n Sonu\u00e7lar\u0131<\/strong><\/p>\n\n\n\n<p class=\"wp-block-paragraph\"><strong>Cel\u00e2li \u0130syanlar\u0131 Anadolu&#8217;daki g\u00fcvenli\u011fi ve d\u00fczeni nas\u0131l etkilemi\u015ftir?<\/strong> \u0130syanlar nedeniyle Anadolu&#8217;da g\u00fcvenlik ve d\u00fczen bozulmu\u015ftur.<\/p>\n\n\n\n<p class=\"wp-block-paragraph\"><strong>Halk\u0131n Cel\u00e2li \u0130syanlar\u0131 nedeniyle k\u00f6ylerini terk ederek b\u00fcy\u00fck \u015fehirlere g\u00f6\u00e7 etme hareketine ne ad verilir?<\/strong> Halk, can ve mal g\u00fcvenli\u011fi kalmad\u0131\u011f\u0131 i\u00e7in k\u00f6ylerini terk ederek b\u00fcy\u00fck \u015fehirlere g\u00f6\u00e7 etmi\u015ftir. Bu b\u00fcy\u00fck g\u00f6\u00e7 hareketine B\u00fcy\u00fck Ka\u00e7gun ad\u0131 verilir.<\/p>\n\n\n\n<p class=\"wp-block-paragraph\"><strong>B\u00fcy\u00fck Ka\u00e7gun&#8217;un tar\u0131msal ve ekonomik sonu\u00e7lar\u0131 ne olmu\u015ftur?<\/strong> Tar\u0131m arazileri bo\u015f kalm\u0131\u015f, \u00fcretim d\u00fc\u015fm\u00fc\u015f ve k\u0131tl\u0131k ya\u015fanm\u0131\u015ft\u0131r.<\/p>\n\n\n\n<p class=\"wp-block-paragraph\"><strong>\u015eehirlerde n\u00fcfusun artmas\u0131 neye yol a\u00e7m\u0131\u015ft\u0131r?<\/strong> \u015eehirlerde n\u00fcfus artm\u0131\u015f, bu da yeni sosyal ve ekonomik sorunlara yol a\u00e7m\u0131\u015ft\u0131r.<\/p>\n\n\n\n<p class=\"wp-block-paragraph\"><strong>Suhte ve Eyalet \u0130syanlar\u0131<\/strong><\/p>\n\n\n\n<p class=\"wp-block-paragraph\"><strong>Suhte \u0130syanlar\u0131 nedir ve nedenleri nelerdir?<\/strong> Suhte, medrese \u00f6\u011frencisi demektir. Be\u015fik ulemal\u0131\u011f\u0131 (\u00e2limin \u00e7ocu\u011funun \u00e2lim say\u0131lmas\u0131) gibi uygulamalarla ilmiye s\u0131n\u0131f\u0131n\u0131n bozulmas\u0131, medreselerdeki \u00f6\u011frenci say\u0131s\u0131n\u0131n artmas\u0131 ve i\u015fsizlik sorununun ortaya \u00e7\u0131kmas\u0131 nedeniyle isyan eden suhteler, zamanla e\u015fk\u0131yal\u0131k faaliyetlerine ba\u015flam\u0131\u015ft\u0131r.<\/p>\n\n\n\n<p class=\"wp-block-paragraph\"><strong>Eyalet \u0130syanlar\u0131&#8217;n\u0131n amac\u0131 neydi?<\/strong> Merkezden uzak eyaletlerdeki y\u00f6neticilerin (\u00f6rne\u011fin K\u0131r\u0131m, Suriye) ba\u011f\u0131ms\u0131zl\u0131k kazanmak amac\u0131yla \u00e7\u0131kard\u0131\u011f\u0131 isyanlard\u0131r.<\/p>\n\n\n\n<p class=\"wp-block-paragraph\"><strong>\u0130syanlara Kar\u015f\u0131 Al\u0131nan \u00d6nlemler ve Islahatlar<\/strong><\/p>\n\n\n\n<p class=\"wp-block-paragraph\"><strong>Devlet adamlar\u0131n\u0131n ve ayd\u0131nlar\u0131n sorunlar\u0131n \u00e7\u00f6z\u00fcm\u00fc i\u00e7in haz\u0131rlad\u0131\u011f\u0131 raporlara ne ad verilir?<\/strong> Devlet adamlar\u0131 ve ayd\u0131nlar, sorunlar\u0131n \u00e7\u00f6z\u00fcm\u00fc i\u00e7in raporlar haz\u0131rlam\u0131\u015ft\u0131r. Bu raporlara risale veya layiha denir.<\/p>\n\n\n\n<p class=\"wp-block-paragraph\"><strong>En bilinen risale ve layihalar hangileridir?<\/strong> En bilinenleri Ko\u00e7i Bey Risalesi ve K\u00e2tip \u00c7elebi&#8217;nin layihalar\u0131d\u0131r.<\/p>\n\n\n\n<p class=\"wp-block-paragraph\"><strong>Bu raporlarda hangi sorunlar\u0131n alt\u0131 \u00e7izilmi\u015ftir?<\/strong> Bu raporlarda r\u00fc\u015fvetin, liyakatsiz atamalar\u0131n ve sistemdeki bozulmalar\u0131n alt\u0131 \u00e7izilmi\u015ftir.<\/p>\n\n\n\n<p class=\"wp-block-paragraph\"><strong>\u0130syanlara kar\u015f\u0131 hangi padi\u015fahlar ve devlet adamlar\u0131 taraf\u0131ndan ne gibi \u00f6nlemler al\u0131nm\u0131\u015ft\u0131r?<\/strong> Sultan IV. Murat gibi padi\u015fahlar, isyanlar\u0131 bast\u0131rmak i\u00e7in sert tedbirler alarak merkezi otoriteyi yeniden g\u00fc\u00e7lendirmeye \u00e7al\u0131\u015fm\u0131\u015ft\u0131r. Tarhuncu Ahmet Pa\u015fa ilk modern Osmanl\u0131 b\u00fct\u00e7esini haz\u0131rlam\u0131\u015f, K\u00f6pr\u00fcl\u00fcler D\u00f6nemi&#8217;nde ise mali ve askeri alanlarda \u00f6nemli d\u00fczenlemeler yap\u0131lm\u0131\u015ft\u0131r.<\/p>\n\n\n\n<p class=\"wp-block-paragraph\"><strong>XVII. Y\u00fczy\u0131ldaki Islahat\u00e7\u0131 Padi\u015fahlar ve Devlet Adamlar\u0131<\/strong><\/p>\n\n\n\n<p class=\"wp-block-paragraph\"><strong>XVII. y\u00fczy\u0131ldaki \u0131slahat\u00e7\u0131 padi\u015fahlar ve yapt\u0131klar\u0131 \u00f6nemli de\u011fi\u015fiklikler nelerdir?<\/strong> Sultan I. Ahmet: Karde\u015f katli yasas\u0131n\u0131 kald\u0131rarak Ekber ve Er\u015fed sistemini getirmi\u015ftir. Gen\u00e7 Osman (II. Osman): Saray d\u0131\u015f\u0131ndan evlenerek gelene\u011fi bozmu\u015f, ilmiye s\u0131n\u0131f\u0131n\u0131n etkisini azaltmaya \u00e7al\u0131\u015fm\u0131\u015f ve Yeni\u00e7eri Oca\u011f\u0131&#8217;n\u0131 kald\u0131rmay\u0131 planlam\u0131\u015ft\u0131r. Sultan IV. Murat: Sert tedbirlerle devlet otoritesini yeniden g\u00fc\u00e7lendirmi\u015f, i\u00e7ki ve t\u00fct\u00fcn\u00fc yasaklam\u0131\u015ft\u0131r.<\/p>\n\n\n\n<p class=\"wp-block-paragraph\"><strong>IV. Mehmet D\u00f6nemi&#8217;ndeki \u00f6nemli \u0131slahat giri\u015fimleri nelerdir?<\/strong> IV. Mehmet D\u00f6nemi: Tarhuncu Ahmet Pa\u015fa ilk modern b\u00fct\u00e7eyi haz\u0131rlam\u0131\u015f, K\u00f6pr\u00fcl\u00fcler ise mali ve askeri alanda \u00f6nemli \u0131slahatlar yapm\u0131\u015ft\u0131r.<\/p>\n\n\n\n<h2 class=\"wp-block-heading\">OSMANLI DEVLET\u0130\u2019NDE B\u0130L\u0130M, K\u00dcLT\u00dcR, E\u011e\u0130T\u0130M VE SANAT<\/h2>\n\n\n\n<p class=\"wp-block-paragraph\"><strong>Osmanl\u0131\u2019da Bilime Verilen \u00d6nem<\/strong><\/p>\n\n\n\n<p class=\"wp-block-paragraph\"><strong>Osmanl\u0131 Devleti&#8217;nde h\u00fck\u00fcmdarlar\u0131n \u00e2limlere ve bilim insanlar\u0131na kar\u015f\u0131 tutumu nas\u0131ld\u0131?<\/strong> Osmanl\u0131 Devleti&#8217;nde h\u00fck\u00fcmdarlar, \u00e2limleri ve bilim insanlar\u0131n\u0131 her zaman destekleyip korumu\u015ftur.<\/p>\n\n\n\n<p class=\"wp-block-paragraph\"><strong>Osmanl\u0131&#8217;da bilimsel geli\u015fme i\u00e7in hangi dildeki eserlerden faydalan\u0131lm\u0131\u015ft\u0131r?<\/strong> Matematik, astronomi, t\u0131p, co\u011frafya gibi alanlarda yaz\u0131lm\u0131\u015f \u00f6nemli eserler T\u00fcrk\u00e7eye \u00e7evrilmi\u015ftir.<\/p>\n\n\n\n<p class=\"wp-block-paragraph\"><strong>Osmanl\u0131 bilim insanlar\u0131 hangi medeniyetlerden etkilenmi\u015f ve kendi bilimsel yakla\u015f\u0131mlar\u0131n\u0131 geli\u015ftirebilmi\u015fler midir?<\/strong> Osmanl\u0131 bilim insanlar\u0131, \u00f6nceki T\u00fcrk-\u0130slam devletlerinden ve kom\u015fu medeniyetlerden etkilenmi\u015flerdir. Bununla birlikte, kendilerine \u00f6zg\u00fc bir bilimsel birikim ve yakla\u015f\u0131m geli\u015ftirmeyi ba\u015farm\u0131\u015flard\u0131r.<\/p>\n\n\n\n<p class=\"wp-block-paragraph\"><strong>\u00d6nemli Osmanl\u0131 Bilim \u0130nsanlar\u0131 ve Alanlar\u0131<\/strong><\/p>\n\n\n\n<p class=\"wp-block-paragraph\"><strong>Ali Ku\u015f\u00e7u ve Mimar Sinan hangi alanlarda \u00e7al\u0131\u015fmalar yapm\u0131\u015ft\u0131r?<\/strong> Ali Ku\u015f\u00e7u astronomi ve matematik alan\u0131nda, Mimar Sinan ise mimarl\u0131k alan\u0131nda \u00e7al\u0131\u015fmalar yapm\u0131\u015ft\u0131r.<\/p>\n\n\n\n<p class=\"wp-block-paragraph\"><strong>Piri Reis ve Itri (Buhurizade Mustafa Efendi) hangi alanlarda tan\u0131nm\u0131\u015ft\u0131r?<\/strong> Piri Reis co\u011frafya ve denizcilik alan\u0131nda, Itri ise m\u00fczik, edebiyat ve hat alanlar\u0131nda tan\u0131nm\u0131\u015ft\u0131r.<\/p>\n\n\n\n<p class=\"wp-block-paragraph\"><strong>K\u00e2tip \u00c7elebi ve Evliya \u00c7elebi hangi alanlarda eserler vermi\u015ftir?<\/strong> K\u00e2tip \u00c7elebi co\u011frafya, tarih ve felsefe alanlar\u0131nda; Evliya \u00c7elebi ise tarih ve co\u011frafya (Seyahatname) alanlar\u0131nda eserler vermi\u015ftir.<\/p>\n\n\n\n<p class=\"wp-block-paragraph\"><strong>Matrak\u00e7\u0131 Nasuh ve Nabi hangi alanlardaki \u00e7al\u0131\u015fmalar\u0131yla bilinir?<\/strong> Matrak\u00e7\u0131 Nasuh tarih, matematik ve minyat\u00fcr sanat\u0131 alanlar\u0131nda, Nabi ise edebiyat (\u015fiir) alan\u0131nda \u00e7al\u0131\u015fmalar\u0131yla bilinir.<\/p>\n\n\n\n<p class=\"wp-block-paragraph\"><strong>T\u0131p ve Astronomi Alan\u0131ndaki Geli\u015fmeler<\/strong><\/p>\n\n\n\n<p class=\"wp-block-paragraph\"><strong>T\u0131p alan\u0131nda \u00f6nemli eserler veren Fatih Sultan Mehmet&#8217;in hocalar\u0131 kimlerdir?<\/strong> Fatih Sultan Mehmet&#8217;in hocalar\u0131ndan Ak\u015femseddin ve Sabuncuo\u011flu \u015eerefeddin, t\u0131p alan\u0131nda \u00e7ok \u00f6nemli eserler vermi\u015ftir.<\/p>\n\n\n\n<p class=\"wp-block-paragraph\"><strong>Tak\u0131yy\u00fcddin er-R\u00e2s\u0131d kimdir ve II. Selim taraf\u0131ndan hangi g\u00f6reve getirilmi\u015ftir?<\/strong> Tak\u0131yy\u00fcddin er-R\u00e2s\u0131d, II. Selim taraf\u0131ndan m\u00fcneccimba\u015f\u0131 (saray astronomu) olarak g\u00f6revlendirilmi\u015ftir.<\/p>\n\n\n\n<p class=\"wp-block-paragraph\"><strong>Tak\u0131yy\u00fcddin er-R\u00e2s\u0131d g\u00f6zlem \u00e7al\u0131\u015fmalar\u0131na nerede ba\u015flam\u0131\u015ft\u0131r?<\/strong> G\u00f6zlem \u00e7al\u0131\u015fmalar\u0131na \u00f6nce Galata Kulesi&#8217;nde ba\u015flam\u0131\u015ft\u0131r.<\/p>\n\n\n\n<p class=\"wp-block-paragraph\"><strong>Tak\u0131yy\u00fcddin er-R\u00e2s\u0131d, 1577 y\u0131l\u0131nda hangi padi\u015fah\u0131n izniyle ve nerede bir rasathane kurmu\u015ftur?<\/strong> 1577 y\u0131l\u0131nda III. Murat&#8217;\u0131n izniyle Tophane s\u0131rtlar\u0131nda bir rasathane (g\u00f6zlemevi) kurmu\u015ftur.<\/p>\n\n\n\n<p class=\"wp-block-paragraph\"><strong>Itri<\/strong><\/p>\n\n\n\n<p class=\"wp-block-paragraph\"><strong>Klasik T\u00fcrk M\u00fczi\u011fi&#8217;nin kurucusu kabul edilen sanatkar kimdir ve as\u0131l ad\u0131 nedir?<\/strong> As\u0131l ad\u0131 Buhurizade Mustafa Efendi olan Itri, Klasik T\u00fcrk M\u00fczi\u011fi&#8217;nin kurucusu kabul edilir.<\/p>\n\n\n\n<p class=\"wp-block-paragraph\"><strong>Itri&#8217;nin en bilinen eseri nedir?<\/strong> En bilinen eseri, bayramlarda ve \u00f6nemli g\u00fcnlerde okunan Seg\u00e2h Bayram Tekbiri&#8217;dir.<\/p>\n\n\n\n<p class=\"wp-block-paragraph\"><strong>Itri&#8217;nin T\u00fcrk k\u00fclt\u00fcr\u00fc i\u00e7in \u00f6nemini g\u00f6steren g\u00fcncel bir \u00f6rnek nedir?<\/strong> Itri&#8217;nin portresi, g\u00fcn\u00fcm\u00fczde kulland\u0131\u011f\u0131m\u0131z 100 T\u00fcrk Liras\u0131 banknotlar\u0131n\u0131n arka y\u00fcz\u00fcnde yer almaktad\u0131r. Bu durum, onun T\u00fcrk k\u00fclt\u00fcr\u00fc i\u00e7in ne kadar \u00f6nemli bir isim oldu\u011funun bir g\u00f6stergesidir.<\/p>\n\n\n\n<p class=\"wp-block-paragraph\"><strong>Osmanl\u0131 E\u011fitim Sisteminin Temeli: Medreseler<\/strong><\/p>\n\n\n\n<p class=\"wp-block-paragraph\"><strong>Osmanl\u0131&#8217;da orta ve y\u00fcksek seviyede e\u011fitim hangi kurumlar arac\u0131l\u0131\u011f\u0131yla y\u00fcr\u00fct\u00fcl\u00fcrd\u00fc ve bu kurumlar\u0131n devlete katk\u0131s\u0131 neydi?<\/strong> Osmanl\u0131&#8217;da orta ve y\u00fcksek seviyede e\u011fitim medreseler arac\u0131l\u0131\u011f\u0131yla y\u00fcr\u00fct\u00fcl\u00fcrd\u00fc. Devletin ihtiya\u00e7 duydu\u011fu e\u011fitimli insanlar (hukuk\u00e7u, y\u00f6netici, doktor vb.) burada yeti\u015firdi.<\/p>\n\n\n\n<p class=\"wp-block-paragraph\"><strong>Osmanl\u0131&#8217;da uzmanla\u015fmak i\u00e7in kurulan \u00f6zel medreselere ve e\u011fitim alanlar\u0131na \u00f6rnek veriniz.<\/strong> Belirli alanlarda uzmanla\u015fmak i\u00e7in \u00f6zel medreseler vard\u0131: Dar\u00fclhadis (Hadis ilmi), Dar\u00fctt\u0131p (T\u0131p ilmi) ve Darulkurra (Kur&#8217;an-\u0131 Kerim okuma ilmi).<\/p>\n\n\n\n<p class=\"wp-block-paragraph\"><strong>Medreseler kimler taraf\u0131ndan kurulur ve finansman\u0131 nas\u0131l sa\u011flan\u0131rd\u0131?<\/strong> Medreseler genellikle hay\u0131rsever ki\u015filer taraf\u0131ndan kurulur ve vak\u0131flar taraf\u0131ndan desteklenirdi.<\/p>\n\n\n\n<p class=\"wp-block-paragraph\"><strong>\u00d6nemli Medreseler ve E\u011fitim Anlay\u0131\u015f\u0131<\/strong><\/p>\n\n\n\n<p class=\"wp-block-paragraph\"><strong>Fatih Sultan Mehmet&#8217;in \u0130stanbul&#8217;da kurdurdu\u011fu ve y\u00fcksek\u00f6\u011fretimin geli\u015fmesine katk\u0131 sa\u011flayan medresenin ad\u0131 nedir?<\/strong> Fatih Sultan Mehmet&#8217;in \u0130stanbul&#8217;da kurdurdu\u011fu Sahn-\u0131 Seman Medresesi, y\u00fcksek\u00f6\u011fretimin geli\u015fmesine b\u00fcy\u00fck katk\u0131 sa\u011flam\u0131\u015ft\u0131r.<\/p>\n\n\n\n<p class=\"wp-block-paragraph\"><strong>Sahn-\u0131 Seman Medresesi&#8217;nde hangi t\u00fcr bilimler bir arada okutulmu\u015ftur?<\/strong> Bu medresede hem pozitif bilimler (akli ilimler) hem de din\u00ee bilimler (nakl\u00ee ilimler) bir arada okutulmu\u015ftur.<\/p>\n\n\n\n<p class=\"wp-block-paragraph\"><strong>Osmanl\u0131&#8217;da uygulamal\u0131 t\u0131p e\u011fitimi hangi kurumlarda ve nas\u0131l verilirdi?<\/strong> Ayr\u0131ca dar\u00fc\u015f\u015fifalar (hastaneler) arac\u0131l\u0131\u011f\u0131yla \u00f6\u011frencilere usta-\u00e7\u0131rak ili\u015fkisi i\u00e7inde uygulamal\u0131 t\u0131p e\u011fitimi verilirdi.<\/p>\n\n\n\n<p class=\"wp-block-paragraph\"><strong>Kanuni Sultan S\u00fcleyman D\u00f6nemi&#8217;nde a\u00e7\u0131lan \u00f6nemli medreseler hangileridir?<\/strong> Kanuni Sultan S\u00fcleyman D\u00f6nemi&#8217;nde a\u00e7\u0131lan S\u00fcleymaniye Medreseleri ile medrese sistemi daha da geli\u015fmi\u015ftir.<\/p>\n\n\n\n<p class=\"wp-block-paragraph\"><strong>Saray E\u011fitimi: Enderun Mektebi<\/strong><\/p>\n\n\n\n<p class=\"wp-block-paragraph\"><strong>Medreseler d\u0131\u015f\u0131nda en \u00f6nemli resm\u00ee e\u011fitim kurumu hangisiydi ve nerede yer al\u0131rd\u0131?<\/strong> Medreseler d\u0131\u015f\u0131nda en \u00f6nemli resm\u00ee e\u011fitim kurumu Enderun Mektebi idi. Bu okul, Topkap\u0131 Saray\u0131&#8217;n\u0131n i\u00e7inde yer al\u0131rd\u0131.<\/p>\n\n\n\n<p class=\"wp-block-paragraph\"><strong>Enderun Mektebi&#8217;nin temel amac\u0131 neydi?<\/strong> Temel amac\u0131, Osmanl\u0131 merkez ve ta\u015fra te\u015fkilat\u0131nda g\u00f6rev alacak nitelikli y\u00f6neticileri yeti\u015ftirmekti.<\/p>\n\n\n\n<p class=\"wp-block-paragraph\"><strong>Osmanl\u0131 \u015fehzadeleri hangi okulda e\u011fitim al\u0131rlard\u0131?<\/strong> Osmanl\u0131 \u015fehzadeleri ise yine saray i\u00e7inde yer alan \u015eehzadeg\u00e2n Mektebi&#8217;nde \u00f6zel bir e\u011fitim al\u0131rlard\u0131.<\/p>\n\n\n\n<p class=\"wp-block-paragraph\"><strong>Di\u011fer E\u011fitim Kurumlar\u0131<\/strong><\/p>\n\n\n\n<p class=\"wp-block-paragraph\"><strong>Tekke ve zaviyelerin e\u011fitimdeki rol\u00fc neydi?<\/strong> Tekke ve zaviyeler, halka ve dervi\u015flere tasavvuf e\u011fitimi veren \u00f6nemli yayg\u0131n e\u011fitim kurumlar\u0131yd\u0131.<\/p>\n\n\n\n<p class=\"wp-block-paragraph\"><strong>Osmanl\u0131 e\u011fitim sisteminin ilk basama\u011f\u0131 hangi okullard\u0131 ve burada neler \u00f6\u011fretilirdi?<\/strong> E\u011fitimin ilk basama\u011f\u0131n\u0131 ise s\u0131byan mektepleri (mahalle mektepleri) olu\u015ftururdu. \u00c7ocuklar be\u015f-alt\u0131 ya\u015flar\u0131nda bu okullara ba\u015flard\u0131. Burada temel matematik i\u015flemleri ile okuma ve yazmay\u0131 \u00f6\u011frenirlerdi.<\/p>\n\n\n\n<p class=\"wp-block-paragraph\"><strong>Osmanl\u0131 Sanat\u0131n\u0131n K\u00f6kenleri ve Ehl-i Hiref<\/strong><\/p>\n\n\n\n<p class=\"wp-block-paragraph\"><strong>Osmanl\u0131 sanat anlay\u0131\u015f\u0131n\u0131n k\u00f6kenleri nelerdir ve hangi k\u00fclt\u00fcrlerden etkilenmi\u015ftir?<\/strong> Osmanl\u0131 sanat anlay\u0131\u015f\u0131; eski T\u00fcrk devletleri, T\u00fcrk-\u0130slam devletleri ve Anadolu beyliklerinin sanat birikiminden etkilenmi\u015ftir. Ayr\u0131ca fethedilen topraklardaki farkl\u0131 k\u00fclt\u00fcrlerin sanat anlay\u0131\u015flar\u0131 da Osmanl\u0131 sanat\u0131n\u0131 zenginle\u015ftirmi\u015ftir.<\/p>\n\n\n\n<p class=\"wp-block-paragraph\"><strong>Saray i\u00e7in \u00fcretim yapan sanatk\u00e2rlar\u0131n Topkap\u0131 Saray\u0131&#8217;nda topland\u0131\u011f\u0131 te\u015fkilat\u0131n ad\u0131 nedir?<\/strong> Saray i\u00e7in \u00fcretim yapan sanatk\u00e2rlar, Topkap\u0131 Saray\u0131&#8217;nda Ehl-i Hiref ad\u0131 verilen bir te\u015fkilat alt\u0131nda toplanm\u0131\u015ft\u0131.<\/p>\n\n\n\n<p class=\"wp-block-paragraph\"><strong>M\u00fczik<\/strong><\/p>\n\n\n\n<p class=\"wp-block-paragraph\"><strong>Mehter nedir ve e\u011fitimi i\u00e7in hangi kurumlar kurulmu\u015ftur?<\/strong> Asker\u00ee bir m\u00fczik t\u00fcr\u00fc olan mehter, t\u00f6renlerde ve seferlerde yayg\u0131n olarak icra edilirdi. Mehter m\u00fczi\u011finin e\u011fitimi i\u00e7in mehterhaneler kurulmu\u015ftu.<\/p>\n\n\n\n<p class=\"wp-block-paragraph\"><strong>Mehterhaneler d\u0131\u015f\u0131nda \u00f6nemli m\u00fczik e\u011fitimi merkezleri nerelerdi?<\/strong> Ayr\u0131ca mevlevihaneler de \u00f6nemli m\u00fczik e\u011fitimi merkezleriydi.<\/p>\n\n\n\n<p class=\"wp-block-paragraph\"><strong>D\u00f6nemin \u00f6nemli geleneksel sahne sanatlar\u0131 nelerdi?<\/strong> Karag\u00f6z, orta oyunu ve meddah gibi geleneksel sahne sanatlar\u0131 da d\u00f6nemin \u00f6nemli k\u00fclt\u00fcrel unsurlar\u0131yd\u0131.<\/p>\n\n\n\n<p class=\"wp-block-paragraph\"><strong>Geleneksel El Sanatlar\u0131<\/strong><\/p>\n\n\n\n<p class=\"wp-block-paragraph\"><strong>Osmanl\u0131 toplumunda \u00f6ne \u00e7\u0131kan ba\u015fl\u0131ca sanatsal faaliyetler nelerdir?<\/strong> Osmanl\u0131 toplumunda \u00f6ne \u00e7\u0131kan sanatsal faaliyetler \u015funlard\u0131: \u00c7inicilik, minyat\u00fcr, hat, tezhip, dokumac\u0131l\u0131k, ah\u015fap ve ta\u015f i\u015flemecili\u011fi.<\/p>\n\n\n\n<p class=\"wp-block-paragraph\"><strong>\u00c7ini \u00fcretiminin en \u00f6nemli merkezleri nerelerdi?<\/strong> \u0130znik ve K\u00fctahya, \u00e7ini \u00fcretiminin en \u00f6nemli merkezleriydi.<\/p>\n\n\n\n<p class=\"wp-block-paragraph\"><strong>Fatih Sultan Mehmet D\u00f6nemi&#8217;nde \u0130stanbul&#8217;da kurulan minyat\u00fcr at\u00f6lyesinin (nakka\u015fhane) ba\u015f\u0131na kim getirilmi\u015fti?<\/strong> Fatih Sultan Mehmet D\u00f6nemi&#8217;nde \u0130stanbul&#8217;da kurulan nakka\u015fhane&#8217;nin (minyat\u00fcr at\u00f6lyesi) ba\u015f\u0131na Baba Nakka\u015f getirilmi\u015fti.<\/p>\n\n\n\n<p class=\"wp-block-paragraph\"><strong>Osmanl\u0131\u2019da Geleneksel Sanatlar<\/strong><\/p>\n\n\n\n<p class=\"wp-block-paragraph\"><strong>\u00c7inicilik sanat\u0131n\u0131 tan\u0131mlay\u0131n\u0131z.<\/strong> Genellikle mimari yap\u0131lar\u0131n ve mutfak e\u015fyalar\u0131n\u0131n s\u00fcslenmesinde kullan\u0131lan, \u00f6zel olarak haz\u0131rlanm\u0131\u015f topra\u011f\u0131n pi\u015firilip \u00e7e\u015fitli desenlerle bezenmesi sanat\u0131d\u0131r.<\/p>\n\n\n\n<p class=\"wp-block-paragraph\"><strong>Minyat\u00fcr sanat\u0131n\u0131 tan\u0131mlay\u0131n\u0131z.<\/strong> Genellikle olaylar\u0131 ve ki\u015fileri tasvir eden, perspektif kurallar\u0131n\u0131n uygulanmad\u0131\u011f\u0131 k\u00fc\u00e7\u00fck ve detayl\u0131 resim sanat\u0131d\u0131r.<\/p>\n\n\n\n<p class=\"wp-block-paragraph\"><strong>Hat sanat\u0131n\u0131 tan\u0131mlay\u0131n\u0131z.<\/strong> Arap harflerini kullanarak g\u00fczel yaz\u0131 yazma sanat\u0131d\u0131r.<\/p>\n\n\n\n<p class=\"wp-block-paragraph\"><strong>Tezhip sanat\u0131n\u0131 tan\u0131mlay\u0131n\u0131z.<\/strong> Ba\u015ftan el yazmas\u0131 kitaplar olmak \u00fczere \u00e7e\u015fitli eserlerin, ezilmi\u015f alt\u0131n tozu ve boya kullan\u0131larak geometrik veya bitkisel desenlerle s\u00fcslenmesi sanat\u0131d\u0131r.<\/p>\n\n\n\n<p class=\"wp-block-paragraph\"><strong>Piri Reis<\/strong><\/p>\n\n\n\n<p class=\"wp-block-paragraph\"><strong>Piri Reis kimdir ve 1511&#8217;de \u00e7izdi\u011fi haritan\u0131n \u00f6nemi nedir?<\/strong> Osmanl\u0131 Devleti&#8217;nin yeti\u015ftirdi\u011fi en \u00f6nemli denizcilerden biridir. 1511&#8217;de \u00e7izdi\u011fi ilk d\u00fcnya haritas\u0131 ile o g\u00fcne dek bilinmeyen k\u0131y\u0131lar\u0131 ve adalar\u0131 g\u00f6stermi\u015ftir.<\/p>\n\n\n\n<p class=\"wp-block-paragraph\"><strong>Piri Reis&#8217;in en \u00f6nemli eseri nedir ve bu eseri ne zaman Kanuni Sultan S\u00fcleyman&#8217;a sunmu\u015ftur?<\/strong> En \u00f6nemli eseri, 1521&#8217;de yazd\u0131\u011f\u0131 Kit\u00e2b-\u0131 Bahriye&#8217;dir (Denizcilik Kitab\u0131). Bu eserde yer alan d\u00fcnya haritas\u0131n\u0131 1528&#8217;de Kanuni Sultan S\u00fcleyman&#8217;a sunmu\u015ftur.<\/p>\n\n\n\n<p class=\"wp-block-paragraph\"><strong>Mimarba\u015f\u0131 Mimar Sinan<\/strong><\/p>\n\n\n\n<p class=\"wp-block-paragraph\"><strong>Osmanl\u0131 mimarisini zirveye ta\u015f\u0131yan dahi mimar kimdir?<\/strong> Mimarba\u015f\u0131 Mimar Sinan, Osmanl\u0131 mimarisini zirveye ta\u015f\u0131yan dahi mimard\u0131r.<\/p>\n\n\n\n<p class=\"wp-block-paragraph\"><strong>Mimar Sinan, mesle\u011findeki geli\u015fimini hangi \u00fc\u00e7 b\u00fcy\u00fck eser \u00fczerinden tan\u0131mlam\u0131\u015ft\u0131r?<\/strong> Mesle\u011findeki geli\u015fimini \u00fc\u00e7 b\u00fcy\u00fck eser \u00fczerinden tan\u0131mlam\u0131\u015ft\u0131r: \u00c7\u0131rakl\u0131k Eseri (\u015eehzade Camisi &#8211; \u0130stanbul), Kalfal\u0131k Eseri (S\u00fcleymaniye Camisi &#8211; \u0130stanbul) ve Ustal\u0131k Eseri (Selimiye Camisi &#8211; Edirne).<\/p>\n\n\n\n<p class=\"wp-block-paragraph\"><strong>Mimar Sinan&#8217;\u0131n ustal\u0131k eseri olan Selimiye Camisi kimin ad\u0131na in\u015fa edilmi\u015ftir ve mimari \u00f6nemi nedir?<\/strong> Selimiye Camisi, II. Selim ad\u0131na in\u015fa edilmi\u015ftir ve d\u00fcnya mimarisinin ba\u015fyap\u0131tlar\u0131ndan biri kabul edilir.<\/p>\n\n\n\n<p class=\"wp-block-paragraph\"><strong>Evliya \u00c7elebi<\/strong><\/p>\n\n\n\n<p class=\"wp-block-paragraph\"><strong>Evliya \u00c7elebi kimdir ve T\u00fcrk tarihinin en \u00f6nemli seyahatnamesi olan eserinin ad\u0131 nedir?<\/strong> K\u0131rk y\u0131l\u0131 a\u015fk\u0131n bir s\u00fcre boyunca Osmanl\u0131 topraklar\u0131n\u0131 ve kom\u015fu \u00fclkeleri gezmi\u015ftir. Bu gezilerdeki g\u00f6zlemlerini, T\u00fcrk tarihinin en \u00f6nemli seyahatnamesi olan Seyahatname adl\u0131 eserinde toplam\u0131\u015ft\u0131r.<\/p>\n\n\n\n<p class=\"wp-block-paragraph\"><strong>Evliya \u00c7elebi&#8217;nin ilk b\u00fcy\u00fck seyahatini nereye yapm\u0131\u015ft\u0131r ve eseri hangi y\u00fczy\u0131l hakk\u0131nda bilgi verir?<\/strong> \u0130lk b\u00fcy\u00fck seyahatini 1640 y\u0131l\u0131nda Bursa&#8217;ya yapm\u0131\u015ft\u0131r. Eseri, 17. y\u00fczy\u0131l Osmanl\u0131 d\u00fcnyas\u0131 hakk\u0131nda e\u015fsiz bilgiler i\u00e7erir.<\/p>\n\n\n\n<p class=\"wp-block-paragraph\"><strong>Matrak\u00e7\u0131 Nasuh<\/strong><\/p>\n\n\n\n<p class=\"wp-block-paragraph\"><strong>Matrak\u00e7\u0131 Nasuh hangi alanlarla ilgilenmi\u015ftir ve hangi padi\u015fah\u0131n seferine kat\u0131lm\u0131\u015ft\u0131r?<\/strong> Tarih, matematik, minyat\u00fcr gibi bir\u00e7ok alanla ilgilendi. Kanuni Sultan S\u00fcleyman&#8217;\u0131n \u00e7\u0131kt\u0131\u011f\u0131 ilk \u0130ran seferine kat\u0131lm\u0131\u015ft\u0131r.<\/p>\n\n\n\n<p class=\"wp-block-paragraph\"><strong>Matrak\u00e7\u0131 Nasuh&#8217;un Kanuni&#8217;nin \u0130ran seferi s\u0131ras\u0131nda yapt\u0131\u011f\u0131 \u00e7al\u0131\u015fma nedir?<\/strong> Bu sefer s\u0131ras\u0131nda ordunun ge\u00e7ti\u011fi konaklama yerlerinin minyat\u00fcrlerini \u00e7izerek \u00f6nemli bir tarih\u00ee kay\u0131t b\u0131rakm\u0131\u015ft\u0131r.<\/p>\n\n\n\n<p class=\"wp-block-paragraph\"><strong>Matrak\u00e7\u0131 Nasuh&#8217;un eserleri hangi konularda de\u011ferli bilgiler sunar?<\/strong> Eserleri, \u015fehir planlamas\u0131 ve mimari hakk\u0131nda de\u011ferli bilgiler sunar.<\/p>\n","protected":false},"excerpt":{"rendered":"<div class=\"mh-excerpt\"><p>Bu yaz\u0131m\u0131zda\u00a0g\u00fcncel m\u00fcfredata\u00a0g\u00f6re haz\u0131rlad\u0131\u011f\u0131m\u0131z\u00a010. s\u0131n\u0131f tarih dersi 3. \u00fcnitesi\u00a0olan Cihan Devleti Osmanl\u0131 (1453-1683) soru- cevap\u00a0\u00e7al\u0131\u015fmas\u0131n\u0131 payla\u015f\u0131yoruz.\u00a010. s\u0131n\u0131f tarih soru cevap\u00a0\u00e7al\u0131\u015fmam\u0131z sayesinde ders kitab\u0131ndaki \u00e7al\u0131\u015fma sorular\u0131n\u0131 <a class=\"mh-excerpt-more\" href=\"https:\/\/tarihkursu.com\/index.php\/2026\/03\/01\/10-sinif-tarih-iii-unite-cihan-devleti-osmanli-1453-1683-soru-cevap\/\" title=\"10. S\u0131n\u0131f Tarih III. \u00dcnite Cihan Devleti Osmanl\u0131 (1453-1683) Soru-Cevap\">[&#8230;]<\/a><\/p>\n<\/div>","protected":false},"author":2,"featured_media":1405,"comment_status":"open","ping_status":"open","sticky":false,"template":"","format":"standard","meta":{"_regular_price":[],"currency_symbol":[],"footnotes":""},"categories":[114],"tags":[5,302],"class_list":["post-3044","post","type-post","status-publish","format-standard","has-post-thumbnail","hentry","category-10-sinif-tarih-soru-cevap","tag-10-sinif-tarih","tag-10-sinif-tarih-soru-cevap-2"],"post_slider_layout_featured_media_urls":{"thumbnail":["https:\/\/tarihkursu.com\/wp-content\/uploads\/2024\/10\/10.-sinif-tarih-soru-cevap-150x150.png",150,150,true],"post_slider_layout_landscape_large":["https:\/\/tarihkursu.com\/wp-content\/uploads\/2024\/10\/10.-sinif-tarih-soru-cevap-1200x720.png",1200,720,true],"post_slider_layout_portrait_large":["https:\/\/tarihkursu.com\/wp-content\/uploads\/2024\/10\/10.-sinif-tarih-soru-cevap-1200x720.png",1200,720,true],"post_slider_layout_square_large":["https:\/\/tarihkursu.com\/wp-content\/uploads\/2024\/10\/10.-sinif-tarih-soru-cevap-1200x720.png",1200,720,true],"post_slider_layout_landscape":["https:\/\/tarihkursu.com\/wp-content\/uploads\/2024\/10\/10.-sinif-tarih-soru-cevap-600x400.png",600,400,true],"post_slider_layout_portrait":["https:\/\/tarihkursu.com\/wp-content\/uploads\/2024\/10\/10.-sinif-tarih-soru-cevap-600x720.png",600,720,true],"post_slider_layout_square":["https:\/\/tarihkursu.com\/wp-content\/uploads\/2024\/10\/10.-sinif-tarih-soru-cevap-600x600.png",600,600,true],"full":["https:\/\/tarihkursu.com\/wp-content\/uploads\/2024\/10\/10.-sinif-tarih-soru-cevap.png",1280,720,false]},"yoast_head":"<!-- This site is optimized with the Yoast SEO plugin v28.3 - https:\/\/yoast.com\/product\/yoast-seo-wordpress\/ -->\n<title>10. S\u0131n\u0131f Tarih III. \u00dcnite Cihan Devleti Osmanl\u0131 (1453-1683) Soru-Cevap - tarihkursu.com<\/title>\n<meta name=\"description\" content=\"10. s\u0131n\u0131f tarih dersi 3. \u00fcnitesi\u00a0olan Cihan Devleti Osmanl\u0131 (1453-1683) soru- cevap\u00a0\u00e7al\u0131\u015fmas\u0131n\u0131 payla\u015f\u0131yoruz.\u00a0\" \/>\n<meta name=\"robots\" content=\"index, follow, max-snippet:-1, max-image-preview:large, max-video-preview:-1\" \/>\n<link rel=\"canonical\" href=\"https:\/\/tarihkursu.com\/index.php\/2026\/03\/01\/10-sinif-tarih-iii-unite-cihan-devleti-osmanli-1453-1683-soru-cevap\/\" \/>\n<meta property=\"og:locale\" content=\"tr_TR\" \/>\n<meta property=\"og:type\" content=\"article\" \/>\n<meta property=\"og:title\" content=\"10. S\u0131n\u0131f Tarih III. \u00dcnite Cihan Devleti Osmanl\u0131 (1453-1683) Soru-Cevap - tarihkursu.com\" \/>\n<meta property=\"og:description\" content=\"10. s\u0131n\u0131f tarih dersi 3. \u00fcnitesi\u00a0olan Cihan Devleti Osmanl\u0131 (1453-1683) soru- cevap\u00a0\u00e7al\u0131\u015fmas\u0131n\u0131 payla\u015f\u0131yoruz.\u00a0\" \/>\n<meta property=\"og:url\" content=\"https:\/\/tarihkursu.com\/index.php\/2026\/03\/01\/10-sinif-tarih-iii-unite-cihan-devleti-osmanli-1453-1683-soru-cevap\/\" \/>\n<meta property=\"og:site_name\" content=\"tarihkursu.com\" \/>\n<meta property=\"article:published_time\" content=\"2026-03-01T19:40:00+00:00\" \/>\n<meta property=\"og:image\" content=\"https:\/\/tarihkursu.com\/wp-content\/uploads\/2024\/10\/10.-sinif-tarih-soru-cevap.png\" \/>\n\t<meta property=\"og:image:width\" content=\"1280\" \/>\n\t<meta property=\"og:image:height\" content=\"720\" \/>\n\t<meta property=\"og:image:type\" content=\"image\/png\" \/>\n<meta name=\"author\" content=\"tarihkursu\" \/>\n<meta name=\"twitter:card\" content=\"summary_large_image\" \/>\n<meta name=\"twitter:label1\" content=\"Yazan:\" \/>\n\t<meta name=\"twitter:data1\" content=\"tarihkursu\" \/>\n\t<meta name=\"twitter:label2\" content=\"Tahmini okuma s\u00fcresi\" \/>\n\t<meta name=\"twitter:data2\" content=\"42 dakika\" \/>\n<script type=\"application\/ld+json\" class=\"yoast-schema-graph\">{\"@context\":\"https:\\\/\\\/schema.org\",\"@graph\":[{\"@type\":\"Article\",\"@id\":\"https:\\\/\\\/tarihkursu.com\\\/index.php\\\/2026\\\/03\\\/01\\\/10-sinif-tarih-iii-unite-cihan-devleti-osmanli-1453-1683-soru-cevap\\\/#article\",\"isPartOf\":{\"@id\":\"https:\\\/\\\/tarihkursu.com\\\/index.php\\\/2026\\\/03\\\/01\\\/10-sinif-tarih-iii-unite-cihan-devleti-osmanli-1453-1683-soru-cevap\\\/\"},\"author\":{\"name\":\"tarihkursu\",\"@id\":\"https:\\\/\\\/tarihkursu.com\\\/#\\\/schema\\\/person\\\/d0f9105e31352dbe9f08d098ffb8c878\"},\"headline\":\"10. S\u0131n\u0131f Tarih III. \u00dcnite Cihan Devleti Osmanl\u0131 (1453-1683) Soru-Cevap\",\"datePublished\":\"2026-03-01T19:40:00+00:00\",\"mainEntityOfPage\":{\"@id\":\"https:\\\/\\\/tarihkursu.com\\\/index.php\\\/2026\\\/03\\\/01\\\/10-sinif-tarih-iii-unite-cihan-devleti-osmanli-1453-1683-soru-cevap\\\/\"},\"wordCount\":10327,\"commentCount\":0,\"publisher\":{\"@id\":\"https:\\\/\\\/tarihkursu.com\\\/#\\\/schema\\\/person\\\/4d7bdc3b79e9f5198455474c0f203f3c\"},\"image\":{\"@id\":\"https:\\\/\\\/tarihkursu.com\\\/index.php\\\/2026\\\/03\\\/01\\\/10-sinif-tarih-iii-unite-cihan-devleti-osmanli-1453-1683-soru-cevap\\\/#primaryimage\"},\"thumbnailUrl\":\"https:\\\/\\\/tarihkursu.com\\\/wp-content\\\/uploads\\\/2024\\\/10\\\/10.-sinif-tarih-soru-cevap.png\",\"keywords\":[\"10. s\u0131n\u0131f tarih\",\"10. s\u0131n\u0131f tarih soru-cevap\"],\"articleSection\":[\"10. S\u0131n\u0131f Tarih SORU-CEVAP\"],\"inLanguage\":\"tr\",\"potentialAction\":[{\"@type\":\"CommentAction\",\"name\":\"Comment\",\"target\":[\"https:\\\/\\\/tarihkursu.com\\\/index.php\\\/2026\\\/03\\\/01\\\/10-sinif-tarih-iii-unite-cihan-devleti-osmanli-1453-1683-soru-cevap\\\/#respond\"]}]},{\"@type\":\"WebPage\",\"@id\":\"https:\\\/\\\/tarihkursu.com\\\/index.php\\\/2026\\\/03\\\/01\\\/10-sinif-tarih-iii-unite-cihan-devleti-osmanli-1453-1683-soru-cevap\\\/\",\"url\":\"https:\\\/\\\/tarihkursu.com\\\/index.php\\\/2026\\\/03\\\/01\\\/10-sinif-tarih-iii-unite-cihan-devleti-osmanli-1453-1683-soru-cevap\\\/\",\"name\":\"10. S\u0131n\u0131f Tarih III. \u00dcnite Cihan Devleti Osmanl\u0131 (1453-1683) Soru-Cevap - tarihkursu.com\",\"isPartOf\":{\"@id\":\"https:\\\/\\\/tarihkursu.com\\\/#website\"},\"primaryImageOfPage\":{\"@id\":\"https:\\\/\\\/tarihkursu.com\\\/index.php\\\/2026\\\/03\\\/01\\\/10-sinif-tarih-iii-unite-cihan-devleti-osmanli-1453-1683-soru-cevap\\\/#primaryimage\"},\"image\":{\"@id\":\"https:\\\/\\\/tarihkursu.com\\\/index.php\\\/2026\\\/03\\\/01\\\/10-sinif-tarih-iii-unite-cihan-devleti-osmanli-1453-1683-soru-cevap\\\/#primaryimage\"},\"thumbnailUrl\":\"https:\\\/\\\/tarihkursu.com\\\/wp-content\\\/uploads\\\/2024\\\/10\\\/10.-sinif-tarih-soru-cevap.png\",\"datePublished\":\"2026-03-01T19:40:00+00:00\",\"description\":\"10. s\u0131n\u0131f tarih dersi 3. \u00fcnitesi\u00a0olan Cihan Devleti Osmanl\u0131 (1453-1683) soru- cevap\u00a0\u00e7al\u0131\u015fmas\u0131n\u0131 payla\u015f\u0131yoruz.\u00a0\",\"breadcrumb\":{\"@id\":\"https:\\\/\\\/tarihkursu.com\\\/index.php\\\/2026\\\/03\\\/01\\\/10-sinif-tarih-iii-unite-cihan-devleti-osmanli-1453-1683-soru-cevap\\\/#breadcrumb\"},\"inLanguage\":\"tr\",\"potentialAction\":[{\"@type\":\"ReadAction\",\"target\":[\"https:\\\/\\\/tarihkursu.com\\\/index.php\\\/2026\\\/03\\\/01\\\/10-sinif-tarih-iii-unite-cihan-devleti-osmanli-1453-1683-soru-cevap\\\/\"]}]},{\"@type\":\"ImageObject\",\"inLanguage\":\"tr\",\"@id\":\"https:\\\/\\\/tarihkursu.com\\\/index.php\\\/2026\\\/03\\\/01\\\/10-sinif-tarih-iii-unite-cihan-devleti-osmanli-1453-1683-soru-cevap\\\/#primaryimage\",\"url\":\"https:\\\/\\\/tarihkursu.com\\\/wp-content\\\/uploads\\\/2024\\\/10\\\/10.-sinif-tarih-soru-cevap.png\",\"contentUrl\":\"https:\\\/\\\/tarihkursu.com\\\/wp-content\\\/uploads\\\/2024\\\/10\\\/10.-sinif-tarih-soru-cevap.png\",\"width\":1280,\"height\":720,\"caption\":\"10. s\u0131n\u0131f tarih sorular\u0131\"},{\"@type\":\"BreadcrumbList\",\"@id\":\"https:\\\/\\\/tarihkursu.com\\\/index.php\\\/2026\\\/03\\\/01\\\/10-sinif-tarih-iii-unite-cihan-devleti-osmanli-1453-1683-soru-cevap\\\/#breadcrumb\",\"itemListElement\":[{\"@type\":\"ListItem\",\"position\":1,\"name\":\"Anasayfa\",\"item\":\"https:\\\/\\\/tarihkursu.com\\\/\"},{\"@type\":\"ListItem\",\"position\":2,\"name\":\"10. S\u0131n\u0131f Tarih III. \u00dcnite Cihan Devleti Osmanl\u0131 (1453-1683) Soru-Cevap\"}]},{\"@type\":\"WebSite\",\"@id\":\"https:\\\/\\\/tarihkursu.com\\\/#website\",\"url\":\"https:\\\/\\\/tarihkursu.com\\\/\",\"name\":\"Tarih Kursu\",\"description\":\"\u0130\u015fimiz G\u00fcc\u00fcm\u00fcz Tarih\",\"publisher\":{\"@id\":\"https:\\\/\\\/tarihkursu.com\\\/#\\\/schema\\\/person\\\/4d7bdc3b79e9f5198455474c0f203f3c\"},\"potentialAction\":[{\"@type\":\"SearchAction\",\"target\":{\"@type\":\"EntryPoint\",\"urlTemplate\":\"https:\\\/\\\/tarihkursu.com\\\/?s={search_term_string}\"},\"query-input\":{\"@type\":\"PropertyValueSpecification\",\"valueRequired\":true,\"valueName\":\"search_term_string\"}}],\"inLanguage\":\"tr\"},{\"@type\":[\"Person\",\"Organization\"],\"@id\":\"https:\\\/\\\/tarihkursu.com\\\/#\\\/schema\\\/person\\\/4d7bdc3b79e9f5198455474c0f203f3c\",\"name\":\"admin\",\"image\":{\"@type\":\"ImageObject\",\"inLanguage\":\"tr\",\"@id\":\"https:\\\/\\\/tarihkursu.com\\\/wp-content\\\/uploads\\\/2024\\\/10\\\/TARIHKURSU-Kopyasi.png\",\"url\":\"https:\\\/\\\/tarihkursu.com\\\/wp-content\\\/uploads\\\/2024\\\/10\\\/TARIHKURSU-Kopyasi.png\",\"contentUrl\":\"https:\\\/\\\/tarihkursu.com\\\/wp-content\\\/uploads\\\/2024\\\/10\\\/TARIHKURSU-Kopyasi.png\",\"width\":1080,\"height\":1080,\"caption\":\"admin\"},\"logo\":{\"@id\":\"https:\\\/\\\/tarihkursu.com\\\/wp-content\\\/uploads\\\/2024\\\/10\\\/TARIHKURSU-Kopyasi.png\"},\"sameAs\":[\"https:\\\/\\\/tarihkursu.com\"]},{\"@type\":\"Person\",\"@id\":\"https:\\\/\\\/tarihkursu.com\\\/#\\\/schema\\\/person\\\/d0f9105e31352dbe9f08d098ffb8c878\",\"name\":\"tarihkursu\",\"image\":{\"@type\":\"ImageObject\",\"inLanguage\":\"tr\",\"@id\":\"https:\\\/\\\/secure.gravatar.com\\\/avatar\\\/1354763acbc865faa7650c3e1e4431f187276d71f132349411302a546cdeae54?s=96&d=mm&r=g\",\"url\":\"https:\\\/\\\/secure.gravatar.com\\\/avatar\\\/1354763acbc865faa7650c3e1e4431f187276d71f132349411302a546cdeae54?s=96&d=mm&r=g\",\"contentUrl\":\"https:\\\/\\\/secure.gravatar.com\\\/avatar\\\/1354763acbc865faa7650c3e1e4431f187276d71f132349411302a546cdeae54?s=96&d=mm&r=g\",\"caption\":\"tarihkursu\"},\"url\":\"https:\\\/\\\/tarihkursu.com\\\/index.php\\\/author\\\/tarihkursu\\\/\"}]}<\/script>\n<!-- \/ Yoast SEO plugin. -->","yoast_head_json":{"title":"10. S\u0131n\u0131f Tarih III. \u00dcnite Cihan Devleti Osmanl\u0131 (1453-1683) Soru-Cevap - tarihkursu.com","description":"10. s\u0131n\u0131f tarih dersi 3. \u00fcnitesi\u00a0olan Cihan Devleti Osmanl\u0131 (1453-1683) soru- cevap\u00a0\u00e7al\u0131\u015fmas\u0131n\u0131 payla\u015f\u0131yoruz.\u00a0","robots":{"index":"index","follow":"follow","max-snippet":"max-snippet:-1","max-image-preview":"max-image-preview:large","max-video-preview":"max-video-preview:-1"},"canonical":"https:\/\/tarihkursu.com\/index.php\/2026\/03\/01\/10-sinif-tarih-iii-unite-cihan-devleti-osmanli-1453-1683-soru-cevap\/","og_locale":"tr_TR","og_type":"article","og_title":"10. S\u0131n\u0131f Tarih III. \u00dcnite Cihan Devleti Osmanl\u0131 (1453-1683) Soru-Cevap - tarihkursu.com","og_description":"10. s\u0131n\u0131f tarih dersi 3. \u00fcnitesi\u00a0olan Cihan Devleti Osmanl\u0131 (1453-1683) soru- cevap\u00a0\u00e7al\u0131\u015fmas\u0131n\u0131 payla\u015f\u0131yoruz.\u00a0","og_url":"https:\/\/tarihkursu.com\/index.php\/2026\/03\/01\/10-sinif-tarih-iii-unite-cihan-devleti-osmanli-1453-1683-soru-cevap\/","og_site_name":"tarihkursu.com","article_published_time":"2026-03-01T19:40:00+00:00","og_image":[{"width":1280,"height":720,"url":"https:\/\/tarihkursu.com\/wp-content\/uploads\/2024\/10\/10.-sinif-tarih-soru-cevap.png","type":"image\/png"}],"author":"tarihkursu","twitter_card":"summary_large_image","twitter_misc":{"Yazan:":"tarihkursu","Tahmini okuma s\u00fcresi":"42 dakika"},"schema":{"@context":"https:\/\/schema.org","@graph":[{"@type":"Article","@id":"https:\/\/tarihkursu.com\/index.php\/2026\/03\/01\/10-sinif-tarih-iii-unite-cihan-devleti-osmanli-1453-1683-soru-cevap\/#article","isPartOf":{"@id":"https:\/\/tarihkursu.com\/index.php\/2026\/03\/01\/10-sinif-tarih-iii-unite-cihan-devleti-osmanli-1453-1683-soru-cevap\/"},"author":{"name":"tarihkursu","@id":"https:\/\/tarihkursu.com\/#\/schema\/person\/d0f9105e31352dbe9f08d098ffb8c878"},"headline":"10. S\u0131n\u0131f Tarih III. \u00dcnite Cihan Devleti Osmanl\u0131 (1453-1683) Soru-Cevap","datePublished":"2026-03-01T19:40:00+00:00","mainEntityOfPage":{"@id":"https:\/\/tarihkursu.com\/index.php\/2026\/03\/01\/10-sinif-tarih-iii-unite-cihan-devleti-osmanli-1453-1683-soru-cevap\/"},"wordCount":10327,"commentCount":0,"publisher":{"@id":"https:\/\/tarihkursu.com\/#\/schema\/person\/4d7bdc3b79e9f5198455474c0f203f3c"},"image":{"@id":"https:\/\/tarihkursu.com\/index.php\/2026\/03\/01\/10-sinif-tarih-iii-unite-cihan-devleti-osmanli-1453-1683-soru-cevap\/#primaryimage"},"thumbnailUrl":"https:\/\/tarihkursu.com\/wp-content\/uploads\/2024\/10\/10.-sinif-tarih-soru-cevap.png","keywords":["10. s\u0131n\u0131f tarih","10. s\u0131n\u0131f tarih soru-cevap"],"articleSection":["10. S\u0131n\u0131f Tarih SORU-CEVAP"],"inLanguage":"tr","potentialAction":[{"@type":"CommentAction","name":"Comment","target":["https:\/\/tarihkursu.com\/index.php\/2026\/03\/01\/10-sinif-tarih-iii-unite-cihan-devleti-osmanli-1453-1683-soru-cevap\/#respond"]}]},{"@type":"WebPage","@id":"https:\/\/tarihkursu.com\/index.php\/2026\/03\/01\/10-sinif-tarih-iii-unite-cihan-devleti-osmanli-1453-1683-soru-cevap\/","url":"https:\/\/tarihkursu.com\/index.php\/2026\/03\/01\/10-sinif-tarih-iii-unite-cihan-devleti-osmanli-1453-1683-soru-cevap\/","name":"10. S\u0131n\u0131f Tarih III. \u00dcnite Cihan Devleti Osmanl\u0131 (1453-1683) Soru-Cevap - tarihkursu.com","isPartOf":{"@id":"https:\/\/tarihkursu.com\/#website"},"primaryImageOfPage":{"@id":"https:\/\/tarihkursu.com\/index.php\/2026\/03\/01\/10-sinif-tarih-iii-unite-cihan-devleti-osmanli-1453-1683-soru-cevap\/#primaryimage"},"image":{"@id":"https:\/\/tarihkursu.com\/index.php\/2026\/03\/01\/10-sinif-tarih-iii-unite-cihan-devleti-osmanli-1453-1683-soru-cevap\/#primaryimage"},"thumbnailUrl":"https:\/\/tarihkursu.com\/wp-content\/uploads\/2024\/10\/10.-sinif-tarih-soru-cevap.png","datePublished":"2026-03-01T19:40:00+00:00","description":"10. s\u0131n\u0131f tarih dersi 3. \u00fcnitesi\u00a0olan Cihan Devleti Osmanl\u0131 (1453-1683) soru- cevap\u00a0\u00e7al\u0131\u015fmas\u0131n\u0131 payla\u015f\u0131yoruz.\u00a0","breadcrumb":{"@id":"https:\/\/tarihkursu.com\/index.php\/2026\/03\/01\/10-sinif-tarih-iii-unite-cihan-devleti-osmanli-1453-1683-soru-cevap\/#breadcrumb"},"inLanguage":"tr","potentialAction":[{"@type":"ReadAction","target":["https:\/\/tarihkursu.com\/index.php\/2026\/03\/01\/10-sinif-tarih-iii-unite-cihan-devleti-osmanli-1453-1683-soru-cevap\/"]}]},{"@type":"ImageObject","inLanguage":"tr","@id":"https:\/\/tarihkursu.com\/index.php\/2026\/03\/01\/10-sinif-tarih-iii-unite-cihan-devleti-osmanli-1453-1683-soru-cevap\/#primaryimage","url":"https:\/\/tarihkursu.com\/wp-content\/uploads\/2024\/10\/10.-sinif-tarih-soru-cevap.png","contentUrl":"https:\/\/tarihkursu.com\/wp-content\/uploads\/2024\/10\/10.-sinif-tarih-soru-cevap.png","width":1280,"height":720,"caption":"10. s\u0131n\u0131f tarih sorular\u0131"},{"@type":"BreadcrumbList","@id":"https:\/\/tarihkursu.com\/index.php\/2026\/03\/01\/10-sinif-tarih-iii-unite-cihan-devleti-osmanli-1453-1683-soru-cevap\/#breadcrumb","itemListElement":[{"@type":"ListItem","position":1,"name":"Anasayfa","item":"https:\/\/tarihkursu.com\/"},{"@type":"ListItem","position":2,"name":"10. S\u0131n\u0131f Tarih III. \u00dcnite Cihan Devleti Osmanl\u0131 (1453-1683) Soru-Cevap"}]},{"@type":"WebSite","@id":"https:\/\/tarihkursu.com\/#website","url":"https:\/\/tarihkursu.com\/","name":"Tarih Kursu","description":"\u0130\u015fimiz G\u00fcc\u00fcm\u00fcz Tarih","publisher":{"@id":"https:\/\/tarihkursu.com\/#\/schema\/person\/4d7bdc3b79e9f5198455474c0f203f3c"},"potentialAction":[{"@type":"SearchAction","target":{"@type":"EntryPoint","urlTemplate":"https:\/\/tarihkursu.com\/?s={search_term_string}"},"query-input":{"@type":"PropertyValueSpecification","valueRequired":true,"valueName":"search_term_string"}}],"inLanguage":"tr"},{"@type":["Person","Organization"],"@id":"https:\/\/tarihkursu.com\/#\/schema\/person\/4d7bdc3b79e9f5198455474c0f203f3c","name":"admin","image":{"@type":"ImageObject","inLanguage":"tr","@id":"https:\/\/tarihkursu.com\/wp-content\/uploads\/2024\/10\/TARIHKURSU-Kopyasi.png","url":"https:\/\/tarihkursu.com\/wp-content\/uploads\/2024\/10\/TARIHKURSU-Kopyasi.png","contentUrl":"https:\/\/tarihkursu.com\/wp-content\/uploads\/2024\/10\/TARIHKURSU-Kopyasi.png","width":1080,"height":1080,"caption":"admin"},"logo":{"@id":"https:\/\/tarihkursu.com\/wp-content\/uploads\/2024\/10\/TARIHKURSU-Kopyasi.png"},"sameAs":["https:\/\/tarihkursu.com"]},{"@type":"Person","@id":"https:\/\/tarihkursu.com\/#\/schema\/person\/d0f9105e31352dbe9f08d098ffb8c878","name":"tarihkursu","image":{"@type":"ImageObject","inLanguage":"tr","@id":"https:\/\/secure.gravatar.com\/avatar\/1354763acbc865faa7650c3e1e4431f187276d71f132349411302a546cdeae54?s=96&d=mm&r=g","url":"https:\/\/secure.gravatar.com\/avatar\/1354763acbc865faa7650c3e1e4431f187276d71f132349411302a546cdeae54?s=96&d=mm&r=g","contentUrl":"https:\/\/secure.gravatar.com\/avatar\/1354763acbc865faa7650c3e1e4431f187276d71f132349411302a546cdeae54?s=96&d=mm&r=g","caption":"tarihkursu"},"url":"https:\/\/tarihkursu.com\/index.php\/author\/tarihkursu\/"}]}},"_links":{"self":[{"href":"https:\/\/tarihkursu.com\/index.php\/wp-json\/wp\/v2\/posts\/3044","targetHints":{"allow":["GET"]}}],"collection":[{"href":"https:\/\/tarihkursu.com\/index.php\/wp-json\/wp\/v2\/posts"}],"about":[{"href":"https:\/\/tarihkursu.com\/index.php\/wp-json\/wp\/v2\/types\/post"}],"author":[{"embeddable":true,"href":"https:\/\/tarihkursu.com\/index.php\/wp-json\/wp\/v2\/users\/2"}],"replies":[{"embeddable":true,"href":"https:\/\/tarihkursu.com\/index.php\/wp-json\/wp\/v2\/comments?post=3044"}],"version-history":[{"count":1,"href":"https:\/\/tarihkursu.com\/index.php\/wp-json\/wp\/v2\/posts\/3044\/revisions"}],"predecessor-version":[{"id":3045,"href":"https:\/\/tarihkursu.com\/index.php\/wp-json\/wp\/v2\/posts\/3044\/revisions\/3045"}],"wp:featuredmedia":[{"embeddable":true,"href":"https:\/\/tarihkursu.com\/index.php\/wp-json\/wp\/v2\/media\/1405"}],"wp:attachment":[{"href":"https:\/\/tarihkursu.com\/index.php\/wp-json\/wp\/v2\/media?parent=3044"}],"wp:term":[{"taxonomy":"category","embeddable":true,"href":"https:\/\/tarihkursu.com\/index.php\/wp-json\/wp\/v2\/categories?post=3044"},{"taxonomy":"post_tag","embeddable":true,"href":"https:\/\/tarihkursu.com\/index.php\/wp-json\/wp\/v2\/tags?post=3044"}],"curies":[{"name":"wp","href":"https:\/\/api.w.org\/{rel}","templated":true}]}}