{"id":308,"date":"2023-09-05T17:47:00","date_gmt":"2023-09-05T14:47:00","guid":{"rendered":"https:\/\/tarihkursu.com\/index.php\/2023\/09\/05\/meb-tarih-dersi-duzenlenmis-yillik-cerceve-planlar-tarih-dersi-meb-unitelendirilmis-yillik-planlar\/"},"modified":"2023-09-05T17:47:00","modified_gmt":"2023-09-05T14:47:00","slug":"meb-tarih-dersi-duzenlenmis-yillik-cerceve-planlar-tarih-dersi-meb-unitelendirilmis-yillik-planlar","status":"publish","type":"post","link":"https:\/\/tarihkursu.com\/index.php\/2023\/09\/05\/meb-tarih-dersi-duzenlenmis-yillik-cerceve-planlar-tarih-dersi-meb-unitelendirilmis-yillik-planlar\/","title":{"rendered":"MEB TAR\u0130H DERS\u0130 D\u00dcZENLENM\u0130\u015e YILLIK \u00c7ER\u00c7EVE PLANLAR ( TAR\u0130H DERS\u0130 MEB \u00dcN\u0130TELEND\u0130R\u0130LM\u0130\u015e YILLIK PLANLAR)"},"content":{"rendered":"<p><span style=\"font-family: arial; font-size: medium;\">&nbsp;<\/span><\/p>\n<div style=\"clear: both; text-align: center;\"><span style=\"font-family: arial; font-size: medium;\"><a href=\"https:\/\/blogger.googleusercontent.com\/img\/b\/R29vZ2xl\/AVvXsEjDUBtkNZSSdMEEPzTokoTTbxI_EPADyH003A9eI--jr0ZjeZrpQmv5cBCmZq2xDMapPs8gL0jdmH9-ZIEG2BuXxI01_WHBuUIzeBPhgCPPARQtw_r_Kv8gCFlaZ6BSyZs1f5-ztsJjapmlM0CTLO8uA8q59e9cdnwdq-Cizd7n0IwMTMNpxbYupOv3rIFF\/s1920\/MEB%20%C3%87ER%C3%87EVE%20PLAN.png\" style=\"margin-left: 1em; margin-right: 1em;\"><img loading=\"lazy\" decoding=\"async\" border=\"0\" data-original-height=\"1080\" data-original-width=\"1920\" height=\"360\" src=\"https:\/\/blogger.googleusercontent.com\/img\/b\/R29vZ2xl\/AVvXsEjDUBtkNZSSdMEEPzTokoTTbxI_EPADyH003A9eI--jr0ZjeZrpQmv5cBCmZq2xDMapPs8gL0jdmH9-ZIEG2BuXxI01_WHBuUIzeBPhgCPPARQtw_r_Kv8gCFlaZ6BSyZs1f5-ztsJjapmlM0CTLO8uA8q59e9cdnwdq-Cizd7n0IwMTMNpxbYupOv3rIFF\/w640-h360\/MEB%20%C3%87ER%C3%87EVE%20PLAN.png\" width=\"640\" \/><\/a><\/span><\/div>\n<p><span style=\"font-family: arial; font-size: medium;\"><br \/><\/span><\/p>\n<p><span style=\"font-family: arial; font-size: medium;\">MEB taraf\u0131ndan 2023- 2024 E\u011fitim \u00f6\u011fretim y\u0131l\u0131nda payla\u015f\u0131lan y\u0131ll\u0131k \u00e7er\u00e7eve planlar\u0131n okullarda kullan\u0131lmas\u0131 istendi. Tarih dersi Meb \u00e7er\u00e7eve planlar\u0131nda \u00e7ok fazla eksiklik vard\u0131. Tarih dersi \u00e7er\u00e7eve plandaki eksiklikleri giderdik. A\u015fa\u011f\u0131daki linklerden 9. s\u0131n\u0131f tarih dersi MEB d\u00fczenlenmi\u015f y\u0131ll\u0131k \u00e7er\u00e7eve plan\u0131n\u0131, 10. s\u0131n\u0131f tarih dersi MEB d\u00fczenlenmi\u015f y\u0131ll\u0131k \u00e7er\u00e7eve plan\u0131n\u0131, 11. s\u0131n\u0131f tarih dersi MEB d\u00fczenlenmi\u015f y\u0131ll\u0131k \u00e7er\u00e7eve plan\u0131n\u0131 ve 12. s\u0131n\u0131f T.C \u0130nk\u0131lap Tarihi ve Atat\u00fcrk\u00e7\u00fcl\u00fck dersi MEB d\u00fczenlenmi\u015f y\u0131ll\u0131k \u00e7er\u00e7eve plan\u0131n\u0131 indirebilirsiniz.<\/span><\/p>\n<p><span style=\"font-family: arial; font-size: medium;\"><br \/><\/span><\/p>\n<p><\/p>\n<p><span style=\"font-family: arial; font-size: medium;\"><b><a href=\"https:\/\/disk.yandex.com.tr\/i\/9EJSE6GA5bW4Vg\" target=\"_blank\" rel=\"noopener\">1-&nbsp;MEB TAR\u0130H DERS\u0130 D\u00dcZENLENM\u0130\u015e YILLIK \u00c7ER\u00c7EVE PLANI \u0130ND\u0130R (EXCEL )&nbsp;(B\u00fct\u00fcn s\u0131n\u0131flar bir dosyada)<\/a><\/b><\/span><\/p>\n<p><span style=\"font-family: arial; font-size: medium;\"><b style=\"background-color: #fcff01;\">\u0130ndiremeyenler i\u00e7in alternatif link:&nbsp;<\/b><\/span><\/p>\n<p><b style=\"font-family: arial; font-size: large;\"><a href=\"https:\/\/disk.yandex.com.tr\/i\/AkiC9sR0Wxn_iw\" target=\"_blank\" rel=\"noopener\">T\u0131kla excel tarih dersi MEB d\u00fczenlenmi\u015f \u00e7er\u00e7eve y\u0131ll\u0131k plan\u0131 indir.<\/a><\/b><\/p>\n<p><span style=\"font-family: arial; font-size: medium;\"><b>2-&nbsp;<a href=\"https:\/\/drive.google.com\/file\/d\/1wGr-0a6Ng1if8khunxDMAkhyhIs9X2VI\/view?usp=drive_link\" target=\"_blank\" rel=\"noopener\">MEB 9. SINIF TAR\u0130H DERS\u0130 D\u00dcZENLENM\u0130\u015e YILLIK \u00c7ER\u00c7EVE PLANI \u0130ND\u0130R (PDF)&nbsp;<\/a><\/b><\/span><\/p>\n<p><span style=\"font-family: arial; font-size: medium;\"><b>3-&nbsp;<a href=\"https:\/\/drive.google.com\/file\/d\/1qCyONCujO8Qzy-vgNjQd-t4NQd1Kl8P0\/view?usp=drive_link\" target=\"_blank\" rel=\"noopener\">MEB 10. SINIF TAR\u0130H DERS\u0130 D\u00dcZENLENM\u0130\u015e YILLIK \u00c7ER\u00c7EVE PLANI \u0130ND\u0130R (PDF)&nbsp;<\/a><\/b><\/span><\/p>\n<p><span style=\"font-family: arial; font-size: medium;\"><b>4-&nbsp;<a href=\"https:\/\/drive.google.com\/file\/d\/1ZFrfDU2bMK3PUYvR9cKUkfSxnRo__q-x\/view?usp=drive_link\" target=\"_blank\" rel=\"noopener\">MEB 11. SINIF TAR\u0130H DERS\u0130 D\u00dcZENLENM\u0130\u015e YILLIK \u00c7ER\u00c7EVE PLANI \u0130ND\u0130R (PDF)&nbsp;<\/a><\/b><\/span><\/p>\n<p><b>5-&nbsp;<a href=\"https:\/\/drive.google.com\/file\/d\/1ROlhUCq1iDqR83G9rQ7uomIiNaaT-u7F\/view?usp=drive_link\" target=\"_blank\" rel=\"noopener\"><span style=\"font-family: arial; font-size: medium;\">MEB 12. SINIF \u0130NKILAP TAR\u0130H\u0130 DERS\u0130 D\u00dcZENLENM\u0130\u015e YILLIK \u00c7ER\u00c7EVE PLANI \u0130ND\u0130R (PDF)<\/span>&nbsp;<\/a><\/b><\/p>\n<p><\/p>\n<p><span style=\"font-family: arial; font-size: large;\"><b><a href=\"https:\/\/www.tarihkursu.com\/2021\/08\/2021-2022-tarih-dersi-unitelendirilmis.html\" style=\"background-color: #fcff01;\" target=\"_blank\" rel=\"noopener\">Di\u011fer tarih dersleri planlar\u0131na ula\u015fmak i\u00e7in t\u0131kla<\/a><\/b><\/span><\/p>\n<p><span style=\"font-family: arial; font-size: large;\"><br \/><\/span><\/p>\n<p><span style=\"font-family: arial; font-size: large;\"><br \/><\/span><\/p>\n<p><span style=\"font-family: arial; font-size: large;\"><br \/><\/span><\/p>\n<div style=\"font-family: arial; font-size: x-large;\">Tarih dersi y\u0131ll\u0131k plan<\/div>\n<div style=\"font-family: arial; font-size: x-large;\">Tarih dersi \u00fcnitelendirilmi\u015f y\u0131ll\u0131k plan<\/div>\n<div style=\"font-family: arial; font-size: x-large;\">Tarih dersi \u00fcnitelendirilmi\u015f y\u0131ll\u0131k plan MEB<\/div>\n<div style=\"font-family: arial; font-size: x-large;\">MEB \u00fcnitelendirilmi\u015f y\u0131ll\u0131k planlar<\/div>\n<div style=\"font-family: arial; font-size: x-large;\">Tarih dersi y\u0131ll\u0131k plan 2023-2024<\/div>\n<div style=\"font-family: arial; font-size: x-large;\">Tarih dersi y\u0131ll\u0131k plan 9. s\u0131n\u0131f<\/div>\n<div style=\"font-family: arial; font-size: x-large;\">Tarih dersi y\u0131ll\u0131k plan 10. s\u0131n\u0131f<\/div>\n<div style=\"font-family: arial; font-size: x-large;\">Tarih dersi y\u0131ll\u0131k plan 11. s\u0131n\u0131f<\/div>\n<div style=\"font-family: arial; font-size: x-large;\">T.C \u0130nk\u0131lap Tarihi ve Atat\u00fcrk\u00e7\u00fcl\u00fck dersi y\u0131ll\u0131k plan 12. s\u0131n\u0131f<\/div>\n<div style=\"font-family: arial; font-size: x-large;\">Tarih dersi y\u0131ll\u0131k plan se\u00e7meli<\/div>\n<div style=\"font-family: arial; font-size: x-large;\">Tarih dersi y\u0131ll\u0131k plan g\u00fcncel m\u00fcfredat<\/div>\n<p><span style=\"font-family: arial; font-size: large;\"><\/span><\/p>\n<div style=\"font-family: arial; font-size: x-large;\">Tarih dersi y\u0131ll\u0131k plan \u00f6rnekleri<\/div>\n<p><\/p>\n","protected":false},"excerpt":{"rendered":"<div class=\"mh-excerpt\"><p>&nbsp; MEB taraf\u0131ndan 2023- 2024 E\u011fitim \u00f6\u011fretim y\u0131l\u0131nda payla\u015f\u0131lan y\u0131ll\u0131k \u00e7er\u00e7eve planlar\u0131n okullarda kullan\u0131lmas\u0131 istendi. Tarih dersi Meb \u00e7er\u00e7eve planlar\u0131nda \u00e7ok fazla eksiklik vard\u0131. Tarih <a class=\"mh-excerpt-more\" href=\"https:\/\/tarihkursu.com\/index.php\/2023\/09\/05\/meb-tarih-dersi-duzenlenmis-yillik-cerceve-planlar-tarih-dersi-meb-unitelendirilmis-yillik-planlar\/\" title=\"MEB TAR\u0130H DERS\u0130 D\u00dcZENLENM\u0130\u015e YILLIK \u00c7ER\u00c7EVE PLANLAR ( TAR\u0130H DERS\u0130 MEB \u00dcN\u0130TELEND\u0130R\u0130LM\u0130\u015e YILLIK PLANLAR)\">[&#8230;]<\/a><\/p>\n<\/div>","protected":false},"author":2,"featured_media":0,"comment_status":"open","ping_status":"open","sticky":false,"template":"","format":"standard","meta":{"_regular_price":[],"currency_symbol":[],"footnotes":""},"categories":[16],"tags":[],"class_list":["post-308","post","type-post","status-publish","format-standard","hentry","category-evraklar"],"post_slider_layout_featured_media_urls":{"thumbnail":"","post_slider_layout_landscape_large":"","post_slider_layout_portrait_large":"","post_slider_layout_square_large":"","post_slider_layout_landscape":"","post_slider_layout_portrait":"","post_slider_layout_square":"","full":""},"yoast_head":"<!-- This site is optimized with the Yoast SEO plugin v27.5 - https:\/\/yoast.com\/product\/yoast-seo-wordpress\/ -->\n<title>MEB TAR\u0130H DERS\u0130 D\u00dcZENLENM\u0130\u015e YILLIK \u00c7ER\u00c7EVE PLANLAR ( TAR\u0130H DERS\u0130 MEB \u00dcN\u0130TELEND\u0130R\u0130LM\u0130\u015e YILLIK PLANLAR) - tarihkursu.com<\/title>\n<meta name=\"robots\" content=\"index, follow, max-snippet:-1, max-image-preview:large, max-video-preview:-1\" \/>\n<link rel=\"canonical\" href=\"https:\/\/tarihkursu.com\/index.php\/2023\/09\/05\/meb-tarih-dersi-duzenlenmis-yillik-cerceve-planlar-tarih-dersi-meb-unitelendirilmis-yillik-planlar\/\" \/>\n<meta property=\"og:locale\" content=\"tr_TR\" \/>\n<meta property=\"og:type\" content=\"article\" \/>\n<meta property=\"og:title\" content=\"MEB TAR\u0130H DERS\u0130 D\u00dcZENLENM\u0130\u015e YILLIK \u00c7ER\u00c7EVE PLANLAR ( TAR\u0130H DERS\u0130 MEB \u00dcN\u0130TELEND\u0130R\u0130LM\u0130\u015e YILLIK PLANLAR) - tarihkursu.com\" \/>\n<meta property=\"og:description\" content=\"&nbsp; MEB taraf\u0131ndan 2023- 2024 E\u011fitim \u00f6\u011fretim y\u0131l\u0131nda payla\u015f\u0131lan y\u0131ll\u0131k \u00e7er\u00e7eve planlar\u0131n okullarda kullan\u0131lmas\u0131 istendi. Tarih dersi Meb \u00e7er\u00e7eve planlar\u0131nda \u00e7ok fazla eksiklik vard\u0131. Tarih [...]\" \/>\n<meta property=\"og:url\" content=\"https:\/\/tarihkursu.com\/index.php\/2023\/09\/05\/meb-tarih-dersi-duzenlenmis-yillik-cerceve-planlar-tarih-dersi-meb-unitelendirilmis-yillik-planlar\/\" \/>\n<meta property=\"og:site_name\" content=\"tarihkursu.com\" \/>\n<meta property=\"article:published_time\" content=\"2023-09-05T14:47:00+00:00\" \/>\n<meta property=\"og:image\" content=\"https:\/\/blogger.googleusercontent.com\/img\/b\/R29vZ2xl\/AVvXsEjDUBtkNZSSdMEEPzTokoTTbxI_EPADyH003A9eI--jr0ZjeZrpQmv5cBCmZq2xDMapPs8gL0jdmH9-ZIEG2BuXxI01_WHBuUIzeBPhgCPPARQtw_r_Kv8gCFlaZ6BSyZs1f5-ztsJjapmlM0CTLO8uA8q59e9cdnwdq-Cizd7n0IwMTMNpxbYupOv3rIFF\/w640-h360\/MEB%20%C3%87ER%C3%87EVE%20PLAN.png\" \/>\n<meta name=\"author\" content=\"tarihkursu\" \/>\n<meta name=\"twitter:card\" content=\"summary_large_image\" \/>\n<meta name=\"twitter:label1\" content=\"Yazan:\" \/>\n\t<meta name=\"twitter:data1\" content=\"tarihkursu\" \/>\n\t<meta name=\"twitter:label2\" content=\"Tahmini okuma s\u00fcresi\" \/>\n\t<meta name=\"twitter:data2\" content=\"2 dakika\" \/>\n<script type=\"application\/ld+json\" class=\"yoast-schema-graph\">{\"@context\":\"https:\\\/\\\/schema.org\",\"@graph\":[{\"@type\":\"Article\",\"@id\":\"https:\\\/\\\/tarihkursu.com\\\/index.php\\\/2023\\\/09\\\/05\\\/meb-tarih-dersi-duzenlenmis-yillik-cerceve-planlar-tarih-dersi-meb-unitelendirilmis-yillik-planlar\\\/#article\",\"isPartOf\":{\"@id\":\"https:\\\/\\\/tarihkursu.com\\\/index.php\\\/2023\\\/09\\\/05\\\/meb-tarih-dersi-duzenlenmis-yillik-cerceve-planlar-tarih-dersi-meb-unitelendirilmis-yillik-planlar\\\/\"},\"author\":{\"name\":\"tarihkursu\",\"@id\":\"https:\\\/\\\/tarihkursu.com\\\/#\\\/schema\\\/person\\\/d0f9105e31352dbe9f08d098ffb8c878\"},\"headline\":\"MEB TAR\u0130H DERS\u0130 D\u00dcZENLENM\u0130\u015e YILLIK \u00c7ER\u00c7EVE PLANLAR ( TAR\u0130H DERS\u0130 MEB \u00dcN\u0130TELEND\u0130R\u0130LM\u0130\u015e YILLIK PLANLAR)\",\"datePublished\":\"2023-09-05T14:47:00+00:00\",\"mainEntityOfPage\":{\"@id\":\"https:\\\/\\\/tarihkursu.com\\\/index.php\\\/2023\\\/09\\\/05\\\/meb-tarih-dersi-duzenlenmis-yillik-cerceve-planlar-tarih-dersi-meb-unitelendirilmis-yillik-planlar\\\/\"},\"wordCount\":367,\"commentCount\":6,\"publisher\":{\"@id\":\"https:\\\/\\\/tarihkursu.com\\\/#\\\/schema\\\/person\\\/4d7bdc3b79e9f5198455474c0f203f3c\"},\"image\":{\"@id\":\"https:\\\/\\\/tarihkursu.com\\\/index.php\\\/2023\\\/09\\\/05\\\/meb-tarih-dersi-duzenlenmis-yillik-cerceve-planlar-tarih-dersi-meb-unitelendirilmis-yillik-planlar\\\/#primaryimage\"},\"thumbnailUrl\":\"https:\\\/\\\/blogger.googleusercontent.com\\\/img\\\/b\\\/R29vZ2xl\\\/AVvXsEjDUBtkNZSSdMEEPzTokoTTbxI_EPADyH003A9eI--jr0ZjeZrpQmv5cBCmZq2xDMapPs8gL0jdmH9-ZIEG2BuXxI01_WHBuUIzeBPhgCPPARQtw_r_Kv8gCFlaZ6BSyZs1f5-ztsJjapmlM0CTLO8uA8q59e9cdnwdq-Cizd7n0IwMTMNpxbYupOv3rIFF\\\/w640-h360\\\/MEB%20%C3%87ER%C3%87EVE%20PLAN.png\",\"articleSection\":[\"Evraklar\"],\"inLanguage\":\"tr\",\"potentialAction\":[{\"@type\":\"CommentAction\",\"name\":\"Comment\",\"target\":[\"https:\\\/\\\/tarihkursu.com\\\/index.php\\\/2023\\\/09\\\/05\\\/meb-tarih-dersi-duzenlenmis-yillik-cerceve-planlar-tarih-dersi-meb-unitelendirilmis-yillik-planlar\\\/#respond\"]}]},{\"@type\":\"WebPage\",\"@id\":\"https:\\\/\\\/tarihkursu.com\\\/index.php\\\/2023\\\/09\\\/05\\\/meb-tarih-dersi-duzenlenmis-yillik-cerceve-planlar-tarih-dersi-meb-unitelendirilmis-yillik-planlar\\\/\",\"url\":\"https:\\\/\\\/tarihkursu.com\\\/index.php\\\/2023\\\/09\\\/05\\\/meb-tarih-dersi-duzenlenmis-yillik-cerceve-planlar-tarih-dersi-meb-unitelendirilmis-yillik-planlar\\\/\",\"name\":\"MEB TAR\u0130H DERS\u0130 D\u00dcZENLENM\u0130\u015e YILLIK \u00c7ER\u00c7EVE PLANLAR ( TAR\u0130H DERS\u0130 MEB \u00dcN\u0130TELEND\u0130R\u0130LM\u0130\u015e YILLIK PLANLAR) - tarihkursu.com\",\"isPartOf\":{\"@id\":\"https:\\\/\\\/tarihkursu.com\\\/#website\"},\"primaryImageOfPage\":{\"@id\":\"https:\\\/\\\/tarihkursu.com\\\/index.php\\\/2023\\\/09\\\/05\\\/meb-tarih-dersi-duzenlenmis-yillik-cerceve-planlar-tarih-dersi-meb-unitelendirilmis-yillik-planlar\\\/#primaryimage\"},\"image\":{\"@id\":\"https:\\\/\\\/tarihkursu.com\\\/index.php\\\/2023\\\/09\\\/05\\\/meb-tarih-dersi-duzenlenmis-yillik-cerceve-planlar-tarih-dersi-meb-unitelendirilmis-yillik-planlar\\\/#primaryimage\"},\"thumbnailUrl\":\"https:\\\/\\\/blogger.googleusercontent.com\\\/img\\\/b\\\/R29vZ2xl\\\/AVvXsEjDUBtkNZSSdMEEPzTokoTTbxI_EPADyH003A9eI--jr0ZjeZrpQmv5cBCmZq2xDMapPs8gL0jdmH9-ZIEG2BuXxI01_WHBuUIzeBPhgCPPARQtw_r_Kv8gCFlaZ6BSyZs1f5-ztsJjapmlM0CTLO8uA8q59e9cdnwdq-Cizd7n0IwMTMNpxbYupOv3rIFF\\\/w640-h360\\\/MEB%20%C3%87ER%C3%87EVE%20PLAN.png\",\"datePublished\":\"2023-09-05T14:47:00+00:00\",\"breadcrumb\":{\"@id\":\"https:\\\/\\\/tarihkursu.com\\\/index.php\\\/2023\\\/09\\\/05\\\/meb-tarih-dersi-duzenlenmis-yillik-cerceve-planlar-tarih-dersi-meb-unitelendirilmis-yillik-planlar\\\/#breadcrumb\"},\"inLanguage\":\"tr\",\"potentialAction\":[{\"@type\":\"ReadAction\",\"target\":[\"https:\\\/\\\/tarihkursu.com\\\/index.php\\\/2023\\\/09\\\/05\\\/meb-tarih-dersi-duzenlenmis-yillik-cerceve-planlar-tarih-dersi-meb-unitelendirilmis-yillik-planlar\\\/\"]}]},{\"@type\":\"ImageObject\",\"inLanguage\":\"tr\",\"@id\":\"https:\\\/\\\/tarihkursu.com\\\/index.php\\\/2023\\\/09\\\/05\\\/meb-tarih-dersi-duzenlenmis-yillik-cerceve-planlar-tarih-dersi-meb-unitelendirilmis-yillik-planlar\\\/#primaryimage\",\"url\":\"https:\\\/\\\/blogger.googleusercontent.com\\\/img\\\/b\\\/R29vZ2xl\\\/AVvXsEjDUBtkNZSSdMEEPzTokoTTbxI_EPADyH003A9eI--jr0ZjeZrpQmv5cBCmZq2xDMapPs8gL0jdmH9-ZIEG2BuXxI01_WHBuUIzeBPhgCPPARQtw_r_Kv8gCFlaZ6BSyZs1f5-ztsJjapmlM0CTLO8uA8q59e9cdnwdq-Cizd7n0IwMTMNpxbYupOv3rIFF\\\/w640-h360\\\/MEB%20%C3%87ER%C3%87EVE%20PLAN.png\",\"contentUrl\":\"https:\\\/\\\/blogger.googleusercontent.com\\\/img\\\/b\\\/R29vZ2xl\\\/AVvXsEjDUBtkNZSSdMEEPzTokoTTbxI_EPADyH003A9eI--jr0ZjeZrpQmv5cBCmZq2xDMapPs8gL0jdmH9-ZIEG2BuXxI01_WHBuUIzeBPhgCPPARQtw_r_Kv8gCFlaZ6BSyZs1f5-ztsJjapmlM0CTLO8uA8q59e9cdnwdq-Cizd7n0IwMTMNpxbYupOv3rIFF\\\/w640-h360\\\/MEB%20%C3%87ER%C3%87EVE%20PLAN.png\"},{\"@type\":\"BreadcrumbList\",\"@id\":\"https:\\\/\\\/tarihkursu.com\\\/index.php\\\/2023\\\/09\\\/05\\\/meb-tarih-dersi-duzenlenmis-yillik-cerceve-planlar-tarih-dersi-meb-unitelendirilmis-yillik-planlar\\\/#breadcrumb\",\"itemListElement\":[{\"@type\":\"ListItem\",\"position\":1,\"name\":\"Anasayfa\",\"item\":\"https:\\\/\\\/tarihkursu.com\\\/\"},{\"@type\":\"ListItem\",\"position\":2,\"name\":\"MEB TAR\u0130H DERS\u0130 D\u00dcZENLENM\u0130\u015e YILLIK \u00c7ER\u00c7EVE PLANLAR ( TAR\u0130H DERS\u0130 MEB \u00dcN\u0130TELEND\u0130R\u0130LM\u0130\u015e YILLIK PLANLAR)\"}]},{\"@type\":\"WebSite\",\"@id\":\"https:\\\/\\\/tarihkursu.com\\\/#website\",\"url\":\"https:\\\/\\\/tarihkursu.com\\\/\",\"name\":\"Tarih Kursu\",\"description\":\"\u0130\u015fimiz G\u00fcc\u00fcm\u00fcz Tarih\",\"publisher\":{\"@id\":\"https:\\\/\\\/tarihkursu.com\\\/#\\\/schema\\\/person\\\/4d7bdc3b79e9f5198455474c0f203f3c\"},\"potentialAction\":[{\"@type\":\"SearchAction\",\"target\":{\"@type\":\"EntryPoint\",\"urlTemplate\":\"https:\\\/\\\/tarihkursu.com\\\/?s={search_term_string}\"},\"query-input\":{\"@type\":\"PropertyValueSpecification\",\"valueRequired\":true,\"valueName\":\"search_term_string\"}}],\"inLanguage\":\"tr\"},{\"@type\":[\"Person\",\"Organization\"],\"@id\":\"https:\\\/\\\/tarihkursu.com\\\/#\\\/schema\\\/person\\\/4d7bdc3b79e9f5198455474c0f203f3c\",\"name\":\"admin\",\"image\":{\"@type\":\"ImageObject\",\"inLanguage\":\"tr\",\"@id\":\"https:\\\/\\\/tarihkursu.com\\\/wp-content\\\/uploads\\\/2024\\\/10\\\/TARIHKURSU-Kopyasi.png\",\"url\":\"https:\\\/\\\/tarihkursu.com\\\/wp-content\\\/uploads\\\/2024\\\/10\\\/TARIHKURSU-Kopyasi.png\",\"contentUrl\":\"https:\\\/\\\/tarihkursu.com\\\/wp-content\\\/uploads\\\/2024\\\/10\\\/TARIHKURSU-Kopyasi.png\",\"width\":1080,\"height\":1080,\"caption\":\"admin\"},\"logo\":{\"@id\":\"https:\\\/\\\/tarihkursu.com\\\/wp-content\\\/uploads\\\/2024\\\/10\\\/TARIHKURSU-Kopyasi.png\"},\"sameAs\":[\"https:\\\/\\\/tarihkursu.com\"]},{\"@type\":\"Person\",\"@id\":\"https:\\\/\\\/tarihkursu.com\\\/#\\\/schema\\\/person\\\/d0f9105e31352dbe9f08d098ffb8c878\",\"name\":\"tarihkursu\",\"image\":{\"@type\":\"ImageObject\",\"inLanguage\":\"tr\",\"@id\":\"https:\\\/\\\/secure.gravatar.com\\\/avatar\\\/1354763acbc865faa7650c3e1e4431f187276d71f132349411302a546cdeae54?s=96&d=mm&r=g\",\"url\":\"https:\\\/\\\/secure.gravatar.com\\\/avatar\\\/1354763acbc865faa7650c3e1e4431f187276d71f132349411302a546cdeae54?s=96&d=mm&r=g\",\"contentUrl\":\"https:\\\/\\\/secure.gravatar.com\\\/avatar\\\/1354763acbc865faa7650c3e1e4431f187276d71f132349411302a546cdeae54?s=96&d=mm&r=g\",\"caption\":\"tarihkursu\"},\"url\":\"https:\\\/\\\/tarihkursu.com\\\/index.php\\\/author\\\/tarihkursu\\\/\"}]}<\/script>\n<!-- \/ Yoast SEO plugin. -->","yoast_head_json":{"title":"MEB TAR\u0130H DERS\u0130 D\u00dcZENLENM\u0130\u015e YILLIK \u00c7ER\u00c7EVE PLANLAR ( TAR\u0130H DERS\u0130 MEB \u00dcN\u0130TELEND\u0130R\u0130LM\u0130\u015e YILLIK PLANLAR) - tarihkursu.com","robots":{"index":"index","follow":"follow","max-snippet":"max-snippet:-1","max-image-preview":"max-image-preview:large","max-video-preview":"max-video-preview:-1"},"canonical":"https:\/\/tarihkursu.com\/index.php\/2023\/09\/05\/meb-tarih-dersi-duzenlenmis-yillik-cerceve-planlar-tarih-dersi-meb-unitelendirilmis-yillik-planlar\/","og_locale":"tr_TR","og_type":"article","og_title":"MEB TAR\u0130H DERS\u0130 D\u00dcZENLENM\u0130\u015e YILLIK \u00c7ER\u00c7EVE PLANLAR ( TAR\u0130H DERS\u0130 MEB \u00dcN\u0130TELEND\u0130R\u0130LM\u0130\u015e YILLIK PLANLAR) - tarihkursu.com","og_description":"&nbsp; MEB taraf\u0131ndan 2023- 2024 E\u011fitim \u00f6\u011fretim y\u0131l\u0131nda payla\u015f\u0131lan y\u0131ll\u0131k \u00e7er\u00e7eve planlar\u0131n okullarda kullan\u0131lmas\u0131 istendi. Tarih dersi Meb \u00e7er\u00e7eve planlar\u0131nda \u00e7ok fazla eksiklik vard\u0131. Tarih [...]","og_url":"https:\/\/tarihkursu.com\/index.php\/2023\/09\/05\/meb-tarih-dersi-duzenlenmis-yillik-cerceve-planlar-tarih-dersi-meb-unitelendirilmis-yillik-planlar\/","og_site_name":"tarihkursu.com","article_published_time":"2023-09-05T14:47:00+00:00","og_image":[{"url":"https:\/\/blogger.googleusercontent.com\/img\/b\/R29vZ2xl\/AVvXsEjDUBtkNZSSdMEEPzTokoTTbxI_EPADyH003A9eI--jr0ZjeZrpQmv5cBCmZq2xDMapPs8gL0jdmH9-ZIEG2BuXxI01_WHBuUIzeBPhgCPPARQtw_r_Kv8gCFlaZ6BSyZs1f5-ztsJjapmlM0CTLO8uA8q59e9cdnwdq-Cizd7n0IwMTMNpxbYupOv3rIFF\/w640-h360\/MEB%20%C3%87ER%C3%87EVE%20PLAN.png","type":"","width":"","height":""}],"author":"tarihkursu","twitter_card":"summary_large_image","twitter_misc":{"Yazan:":"tarihkursu","Tahmini okuma s\u00fcresi":"2 dakika"},"schema":{"@context":"https:\/\/schema.org","@graph":[{"@type":"Article","@id":"https:\/\/tarihkursu.com\/index.php\/2023\/09\/05\/meb-tarih-dersi-duzenlenmis-yillik-cerceve-planlar-tarih-dersi-meb-unitelendirilmis-yillik-planlar\/#article","isPartOf":{"@id":"https:\/\/tarihkursu.com\/index.php\/2023\/09\/05\/meb-tarih-dersi-duzenlenmis-yillik-cerceve-planlar-tarih-dersi-meb-unitelendirilmis-yillik-planlar\/"},"author":{"name":"tarihkursu","@id":"https:\/\/tarihkursu.com\/#\/schema\/person\/d0f9105e31352dbe9f08d098ffb8c878"},"headline":"MEB TAR\u0130H DERS\u0130 D\u00dcZENLENM\u0130\u015e YILLIK \u00c7ER\u00c7EVE PLANLAR ( TAR\u0130H DERS\u0130 MEB \u00dcN\u0130TELEND\u0130R\u0130LM\u0130\u015e YILLIK PLANLAR)","datePublished":"2023-09-05T14:47:00+00:00","mainEntityOfPage":{"@id":"https:\/\/tarihkursu.com\/index.php\/2023\/09\/05\/meb-tarih-dersi-duzenlenmis-yillik-cerceve-planlar-tarih-dersi-meb-unitelendirilmis-yillik-planlar\/"},"wordCount":367,"commentCount":6,"publisher":{"@id":"https:\/\/tarihkursu.com\/#\/schema\/person\/4d7bdc3b79e9f5198455474c0f203f3c"},"image":{"@id":"https:\/\/tarihkursu.com\/index.php\/2023\/09\/05\/meb-tarih-dersi-duzenlenmis-yillik-cerceve-planlar-tarih-dersi-meb-unitelendirilmis-yillik-planlar\/#primaryimage"},"thumbnailUrl":"https:\/\/blogger.googleusercontent.com\/img\/b\/R29vZ2xl\/AVvXsEjDUBtkNZSSdMEEPzTokoTTbxI_EPADyH003A9eI--jr0ZjeZrpQmv5cBCmZq2xDMapPs8gL0jdmH9-ZIEG2BuXxI01_WHBuUIzeBPhgCPPARQtw_r_Kv8gCFlaZ6BSyZs1f5-ztsJjapmlM0CTLO8uA8q59e9cdnwdq-Cizd7n0IwMTMNpxbYupOv3rIFF\/w640-h360\/MEB%20%C3%87ER%C3%87EVE%20PLAN.png","articleSection":["Evraklar"],"inLanguage":"tr","potentialAction":[{"@type":"CommentAction","name":"Comment","target":["https:\/\/tarihkursu.com\/index.php\/2023\/09\/05\/meb-tarih-dersi-duzenlenmis-yillik-cerceve-planlar-tarih-dersi-meb-unitelendirilmis-yillik-planlar\/#respond"]}]},{"@type":"WebPage","@id":"https:\/\/tarihkursu.com\/index.php\/2023\/09\/05\/meb-tarih-dersi-duzenlenmis-yillik-cerceve-planlar-tarih-dersi-meb-unitelendirilmis-yillik-planlar\/","url":"https:\/\/tarihkursu.com\/index.php\/2023\/09\/05\/meb-tarih-dersi-duzenlenmis-yillik-cerceve-planlar-tarih-dersi-meb-unitelendirilmis-yillik-planlar\/","name":"MEB TAR\u0130H DERS\u0130 D\u00dcZENLENM\u0130\u015e YILLIK \u00c7ER\u00c7EVE PLANLAR ( TAR\u0130H DERS\u0130 MEB \u00dcN\u0130TELEND\u0130R\u0130LM\u0130\u015e YILLIK PLANLAR) - tarihkursu.com","isPartOf":{"@id":"https:\/\/tarihkursu.com\/#website"},"primaryImageOfPage":{"@id":"https:\/\/tarihkursu.com\/index.php\/2023\/09\/05\/meb-tarih-dersi-duzenlenmis-yillik-cerceve-planlar-tarih-dersi-meb-unitelendirilmis-yillik-planlar\/#primaryimage"},"image":{"@id":"https:\/\/tarihkursu.com\/index.php\/2023\/09\/05\/meb-tarih-dersi-duzenlenmis-yillik-cerceve-planlar-tarih-dersi-meb-unitelendirilmis-yillik-planlar\/#primaryimage"},"thumbnailUrl":"https:\/\/blogger.googleusercontent.com\/img\/b\/R29vZ2xl\/AVvXsEjDUBtkNZSSdMEEPzTokoTTbxI_EPADyH003A9eI--jr0ZjeZrpQmv5cBCmZq2xDMapPs8gL0jdmH9-ZIEG2BuXxI01_WHBuUIzeBPhgCPPARQtw_r_Kv8gCFlaZ6BSyZs1f5-ztsJjapmlM0CTLO8uA8q59e9cdnwdq-Cizd7n0IwMTMNpxbYupOv3rIFF\/w640-h360\/MEB%20%C3%87ER%C3%87EVE%20PLAN.png","datePublished":"2023-09-05T14:47:00+00:00","breadcrumb":{"@id":"https:\/\/tarihkursu.com\/index.php\/2023\/09\/05\/meb-tarih-dersi-duzenlenmis-yillik-cerceve-planlar-tarih-dersi-meb-unitelendirilmis-yillik-planlar\/#breadcrumb"},"inLanguage":"tr","potentialAction":[{"@type":"ReadAction","target":["https:\/\/tarihkursu.com\/index.php\/2023\/09\/05\/meb-tarih-dersi-duzenlenmis-yillik-cerceve-planlar-tarih-dersi-meb-unitelendirilmis-yillik-planlar\/"]}]},{"@type":"ImageObject","inLanguage":"tr","@id":"https:\/\/tarihkursu.com\/index.php\/2023\/09\/05\/meb-tarih-dersi-duzenlenmis-yillik-cerceve-planlar-tarih-dersi-meb-unitelendirilmis-yillik-planlar\/#primaryimage","url":"https:\/\/blogger.googleusercontent.com\/img\/b\/R29vZ2xl\/AVvXsEjDUBtkNZSSdMEEPzTokoTTbxI_EPADyH003A9eI--jr0ZjeZrpQmv5cBCmZq2xDMapPs8gL0jdmH9-ZIEG2BuXxI01_WHBuUIzeBPhgCPPARQtw_r_Kv8gCFlaZ6BSyZs1f5-ztsJjapmlM0CTLO8uA8q59e9cdnwdq-Cizd7n0IwMTMNpxbYupOv3rIFF\/w640-h360\/MEB%20%C3%87ER%C3%87EVE%20PLAN.png","contentUrl":"https:\/\/blogger.googleusercontent.com\/img\/b\/R29vZ2xl\/AVvXsEjDUBtkNZSSdMEEPzTokoTTbxI_EPADyH003A9eI--jr0ZjeZrpQmv5cBCmZq2xDMapPs8gL0jdmH9-ZIEG2BuXxI01_WHBuUIzeBPhgCPPARQtw_r_Kv8gCFlaZ6BSyZs1f5-ztsJjapmlM0CTLO8uA8q59e9cdnwdq-Cizd7n0IwMTMNpxbYupOv3rIFF\/w640-h360\/MEB%20%C3%87ER%C3%87EVE%20PLAN.png"},{"@type":"BreadcrumbList","@id":"https:\/\/tarihkursu.com\/index.php\/2023\/09\/05\/meb-tarih-dersi-duzenlenmis-yillik-cerceve-planlar-tarih-dersi-meb-unitelendirilmis-yillik-planlar\/#breadcrumb","itemListElement":[{"@type":"ListItem","position":1,"name":"Anasayfa","item":"https:\/\/tarihkursu.com\/"},{"@type":"ListItem","position":2,"name":"MEB TAR\u0130H DERS\u0130 D\u00dcZENLENM\u0130\u015e YILLIK \u00c7ER\u00c7EVE PLANLAR ( TAR\u0130H DERS\u0130 MEB \u00dcN\u0130TELEND\u0130R\u0130LM\u0130\u015e YILLIK PLANLAR)"}]},{"@type":"WebSite","@id":"https:\/\/tarihkursu.com\/#website","url":"https:\/\/tarihkursu.com\/","name":"Tarih Kursu","description":"\u0130\u015fimiz G\u00fcc\u00fcm\u00fcz Tarih","publisher":{"@id":"https:\/\/tarihkursu.com\/#\/schema\/person\/4d7bdc3b79e9f5198455474c0f203f3c"},"potentialAction":[{"@type":"SearchAction","target":{"@type":"EntryPoint","urlTemplate":"https:\/\/tarihkursu.com\/?s={search_term_string}"},"query-input":{"@type":"PropertyValueSpecification","valueRequired":true,"valueName":"search_term_string"}}],"inLanguage":"tr"},{"@type":["Person","Organization"],"@id":"https:\/\/tarihkursu.com\/#\/schema\/person\/4d7bdc3b79e9f5198455474c0f203f3c","name":"admin","image":{"@type":"ImageObject","inLanguage":"tr","@id":"https:\/\/tarihkursu.com\/wp-content\/uploads\/2024\/10\/TARIHKURSU-Kopyasi.png","url":"https:\/\/tarihkursu.com\/wp-content\/uploads\/2024\/10\/TARIHKURSU-Kopyasi.png","contentUrl":"https:\/\/tarihkursu.com\/wp-content\/uploads\/2024\/10\/TARIHKURSU-Kopyasi.png","width":1080,"height":1080,"caption":"admin"},"logo":{"@id":"https:\/\/tarihkursu.com\/wp-content\/uploads\/2024\/10\/TARIHKURSU-Kopyasi.png"},"sameAs":["https:\/\/tarihkursu.com"]},{"@type":"Person","@id":"https:\/\/tarihkursu.com\/#\/schema\/person\/d0f9105e31352dbe9f08d098ffb8c878","name":"tarihkursu","image":{"@type":"ImageObject","inLanguage":"tr","@id":"https:\/\/secure.gravatar.com\/avatar\/1354763acbc865faa7650c3e1e4431f187276d71f132349411302a546cdeae54?s=96&d=mm&r=g","url":"https:\/\/secure.gravatar.com\/avatar\/1354763acbc865faa7650c3e1e4431f187276d71f132349411302a546cdeae54?s=96&d=mm&r=g","contentUrl":"https:\/\/secure.gravatar.com\/avatar\/1354763acbc865faa7650c3e1e4431f187276d71f132349411302a546cdeae54?s=96&d=mm&r=g","caption":"tarihkursu"},"url":"https:\/\/tarihkursu.com\/index.php\/author\/tarihkursu\/"}]}},"_links":{"self":[{"href":"https:\/\/tarihkursu.com\/index.php\/wp-json\/wp\/v2\/posts\/308","targetHints":{"allow":["GET"]}}],"collection":[{"href":"https:\/\/tarihkursu.com\/index.php\/wp-json\/wp\/v2\/posts"}],"about":[{"href":"https:\/\/tarihkursu.com\/index.php\/wp-json\/wp\/v2\/types\/post"}],"author":[{"embeddable":true,"href":"https:\/\/tarihkursu.com\/index.php\/wp-json\/wp\/v2\/users\/2"}],"replies":[{"embeddable":true,"href":"https:\/\/tarihkursu.com\/index.php\/wp-json\/wp\/v2\/comments?post=308"}],"version-history":[{"count":0,"href":"https:\/\/tarihkursu.com\/index.php\/wp-json\/wp\/v2\/posts\/308\/revisions"}],"wp:attachment":[{"href":"https:\/\/tarihkursu.com\/index.php\/wp-json\/wp\/v2\/media?parent=308"}],"wp:term":[{"taxonomy":"category","embeddable":true,"href":"https:\/\/tarihkursu.com\/index.php\/wp-json\/wp\/v2\/categories?post=308"},{"taxonomy":"post_tag","embeddable":true,"href":"https:\/\/tarihkursu.com\/index.php\/wp-json\/wp\/v2\/tags?post=308"}],"curies":[{"name":"wp","href":"https:\/\/api.w.org\/{rel}","templated":true}]}}