{"id":3126,"date":"2025-12-12T15:43:14","date_gmt":"2025-12-12T12:43:14","guid":{"rendered":"https:\/\/tarihkursu.com\/?p=3126"},"modified":"2025-11-16T15:44:57","modified_gmt":"2025-11-16T12:44:57","slug":"2-eski-cagda-yonetenler-ve-savasanlar-hazirlik-soru-cevap-flashcart","status":"publish","type":"post","link":"https:\/\/tarihkursu.com\/index.php\/2025\/12\/12\/2-eski-cagda-yonetenler-ve-savasanlar-hazirlik-soru-cevap-flashcart\/","title":{"rendered":"#2 Eski \u00c7a\u011f\u2019da Y\u00f6netenler ve Sava\u015fanlar Haz\u0131rl\u0131k Soru-Cevap (flashcart)"},"content":{"rendered":"\n<p class=\"wp-block-paragraph\"><\/p>\n\n\n\n<p class=\"wp-block-paragraph\">Bu yaz\u0131m\u0131zda g\u00fcncel m\u00fcfredata g\u00f6re haz\u0131rlad\u0131\u011f\u0131m\u0131z\u00a0<strong>9. s\u0131n\u0131f tarih dersi 2. \u00fcnitesi\u00a0<\/strong>olan\u00a0<strong>Eski \u00c7a\u011f Medeniyetleri\u00a0<\/strong>\u00fcnitesinin\u00a0i\u00e7inde yer alan\u00a0<strong>Eski \u00c7a\u011f\u2019da Y\u00f6netenler ve Sava\u015fanlar yaz\u0131l\u0131ya haz\u0131rl\u0131k\u00a0<\/strong>\u00e7al\u0131\u015fmam\u0131z\u0131 payla\u015f\u0131yoruz.\u00a0<strong>Eski \u00c7a\u011f\u2019da Y\u00f6netenler ve Sava\u015fanlar online soru-cevap<\/strong>\u00a0\u00e7al\u0131\u015fmam\u0131z sayesinde t<strong>arih dersi yaz\u0131l\u0131lar\u0131<\/strong>na tam olarak haz\u0131rlanacaks\u0131n\u0131z.\u00a0<strong>9. s\u0131n\u0131f tarih yaz\u0131l\u0131<\/strong>ya haz\u0131rl\u0131k \u00e7al\u0131\u015fmalar\u0131m\u0131z sayesinde derslerde daha ba\u015far\u0131l\u0131 olacaks\u0131n\u0131z.\u00a0<strong>Maarif modeline\u00a0<\/strong>uygun olarak haz\u0131rlad\u0131\u011f\u0131m\u0131z\u00a0<strong>Eski \u00c7a\u011f\u2019da Y\u00f6netenler ve Sava\u015fanlar flash cart<\/strong>\u00a0\u00e7al\u0131\u015fmam\u0131z a\u015fa\u011f\u0131daki konular\u0131 kapsamaktad\u0131r.<\/p>\n\n\n\n<p class=\"wp-block-paragraph\">Ders:&nbsp;<strong>9. s\u0131n\u0131f tarih<\/strong>&nbsp;<strong>kart\u0131<\/strong><\/p>\n\n\n\n<p class=\"wp-block-paragraph\">\u00dcnite: 9. s\u0131n\u0131f tarih 2. \u00dcnite:&nbsp;<strong>Eski \u00c7a\u011f Medeniyetleri tarih kart\u0131<\/strong><\/p>\n\n\n\n<p class=\"wp-block-paragraph\">\u00d6\u011frenme \u00c7\u0131kt\u0131s\u0131\/ kazan\u0131m:&nbsp;<strong>Eski \u00c7a\u011f\u2019da Y\u00f6netenler ve Sava\u015fanlar tarih yaz\u0131l\u0131&nbsp;soru-cevap<\/strong><\/p>\n\n\n\n<p class=\"wp-block-paragraph\">\u0130lgili yaz\u0131l\u0131:&nbsp;<strong>9. s\u0131n\u0131f tarih dersi 1. d\u00f6nem 2. yaz\u0131l\u0131<\/strong><\/p>\n\n\n\n<p class=\"wp-block-paragraph\"><\/p>\n\n\n\n<h2 class=\"wp-block-heading\"><strong>Eski \u00c7a\u011f\u2019da Y\u00f6netenler ve Sava\u015fanlar #2<\/strong><\/h2>\n\n\n\n<p class=\"wp-block-paragraph\"><\/p>\n\n\n\n<!DOCTYPE html>\n<html lang=\"tr\">\n<head>\n    <meta charset=\"UTF-8\">\n    <meta name=\"viewport\" content=\"width=device-width, initial-scale=1.0\">\n    <title>Eski \u00c7a\u011f Medeniyetleri &#8211; Flashkart Seti<\/title>\n    <link rel=\"stylesheet\" href=\"https:\/\/cdnjs.cloudflare.com\/ajax\/libs\/font-awesome\/6.4.0\/css\/all.min.css\">\n    <style>\n        .flashcard-widget {\n            font-family: 'Segoe UI', Tahoma, Geneva, Verdana, sans-serif;\n            max-width: 700px;\n            margin: 30px auto;\n            padding: 20px;\n        }\n\n        .flashcard-widget * {\n            box-sizing: border-box;\n        }\n\n        .fc-header {\n            text-align: center;\n            margin-bottom: 25px;\n        }\n\n        .fc-header h2 {\n            font-size: 24px;\n            color: #2563eb;\n            margin-bottom: 15px;\n            font-weight: 600;\n        }\n\n        .fc-counter {\n            color: #64748b;\n            font-size: 16px;\n            margin-bottom: 10px;\n        }\n\n        .fc-progress-bar {\n            background: #e2e8f0;\n            height: 6px;\n            border-radius: 10px;\n            overflow: hidden;\n        }\n\n        .fc-progress-fill {\n            background: #10b981;\n            height: 100%;\n            transition: width 0.3s ease;\n        }\n\n        .fc-card-container {\n            perspective: 1000px;\n            margin-bottom: 20px;\n        }\n\n        .fc-card {\n            position: relative;\n            width: 100%;\n            min-height: 350px;\n            transition: transform 0.6s;\n            transform-style: preserve-3d;\n            cursor: pointer;\n        }\n\n        .fc-card.flipped {\n            transform: rotateY(180deg);\n        }\n\n        .fc-card-face {\n            position: absolute;\n            width: 100%;\n            min-height: 350px;\n            backface-visibility: hidden;\n            border-radius: 12px;\n            padding: 40px 25px;\n            display: flex;\n            flex-direction: column;\n            justify-content: center;\n            align-items: center;\n            text-align: center;\n            border: 2px solid #e2e8f0;\n            box-shadow: 0 4px 6px rgba(0,0,0,0.1);\n        }\n\n        .fc-card-front {\n            background: linear-gradient(135deg, #dbeafe 0%, #bfdbfe 100%);\n            border-left: 4px solid #3b82f6;\n        }\n\n        .fc-card-back {\n            background: linear-gradient(135deg, #d1fae5 0%, #a7f3d0 100%);\n            border-left: 4px solid #10b981;\n            transform: rotateY(180deg);\n        }\n\n        .fc-icon {\n            font-size: 48px;\n            margin-bottom: 20px;\n        }\n\n        .fc-content {\n            font-size: 18px;\n            line-height: 1.6;\n            color: #1e293b;\n            font-weight: 500;\n        }\n\n        .fc-hint {\n            margin-top: 20px;\n            font-size: 14px;\n            color: #64748b;\n            font-style: italic;\n        }\n\n        .fc-controls {\n            display: flex;\n            gap: 10px;\n            justify-content: center;\n            flex-wrap: wrap;\n        }\n\n        .fc-btn {\n            padding: 12px 24px;\n            font-size: 16px;\n            border: none;\n            border-radius: 8px;\n            cursor: pointer;\n            font-weight: 500;\n            transition: all 0.2s ease;\n            display: inline-flex;\n            align-items: center;\n            gap: 8px;\n            background: white;\n            color: #475569;\n            border: 2px solid #e2e8f0;\n        }\n\n        .fc-btn:hover {\n            background: #f8fafc;\n            border-color: #cbd5e1;\n        }\n\n        .fc-btn:active {\n            transform: scale(0.98);\n        }\n\n        .fc-btn-prev {\n            color: #f59e0b;\n            border-color: #fbbf24;\n        }\n\n        .fc-btn-prev:hover {\n            background: #fffbeb;\n        }\n\n        .fc-btn-next {\n            color: #3b82f6;\n            border-color: #60a5fa;\n        }\n\n        .fc-btn-next:hover {\n            background: #eff6ff;\n        }\n\n        .fc-btn-flip {\n            color: #10b981;\n            border-color: #34d399;\n            flex: 1;\n            max-width: 250px;\n            justify-content: center;\n        }\n\n        .fc-btn-flip:hover {\n            background: #ecfdf5;\n        }\n\n        .fc-btn:disabled {\n            opacity: 0.4;\n            cursor: not-allowed;\n        }\n\n        .fc-btn:disabled:hover {\n            background: white;\n            border-color: #e2e8f0;\n            transform: none;\n        }\n\n        @media (max-width: 600px) {\n            .flashcard-widget {\n                padding: 15px;\n            }\n\n            .fc-header h2 {\n                font-size: 20px;\n            }\n\n            .fc-card,\n            .fc-card-face {\n                min-height: 400px;\n            }\n\n            .fc-card-face {\n                padding: 30px 20px;\n            }\n\n            .fc-icon {\n                font-size: 40px;\n            }\n\n            .fc-content {\n                font-size: 16px;\n            }\n\n            .fc-btn {\n                padding: 10px 18px;\n                font-size: 14px;\n            }\n        }\n    <\/style>\n<\/head>\n<body>\n    <div class=\"flashcard-widget\">\n        <div class=\"fc-header\">\n            <h2><i class=\"fas fa-scroll\"><\/i> Eski \u00c7a\u011f Medeniyetleri Flashkart Seti<\/h2>\n            <div class=\"fc-counter\">\n                Kart <span id=\"currentCard\">1<\/span> \/ <span id=\"totalCards\">0<\/span>\n            <\/div>\n            <div class=\"fc-progress-bar\">\n                <div class=\"fc-progress-fill\" id=\"progressFill\"><\/div>\n            <\/div>\n        <\/div>\n\n        <div class=\"fc-card-container\">\n            <div class=\"fc-card\" id=\"flashcard\">\n                <div class=\"fc-card-face fc-card-front\">\n                    <div class=\"fc-icon\" id=\"frontIcon\"><\/div>\n                    <div class=\"fc-content\" id=\"question\"><\/div>\n                    <div class=\"fc-hint\">\ud83d\udca1 Cevab\u0131 g\u00f6rmek i\u00e7in kart\u0131 \u00e7evir<\/div>\n                <\/div>\n                <div class=\"fc-card-face fc-card-back\">\n                    <div class=\"fc-icon\" id=\"backIcon\"><\/div>\n                    <div class=\"fc-content\" id=\"answer\"><\/div>\n                <\/div>\n            <\/div>\n        <\/div>\n\n        <div class=\"fc-controls\">\n            <button class=\"fc-btn fc-btn-prev\" id=\"prevBtn\" onclick=\"previousCard()\">\n                <i class=\"fas fa-chevron-left\"><\/i> \u00d6nceki\n            <\/button>\n            <button class=\"fc-btn fc-btn-flip\" id=\"flipBtn\" onclick=\"flipCard()\">\n                <i class=\"fas fa-sync-alt\"><\/i> Cevab\u0131 G\u00f6ster\n            <\/button>\n            <button class=\"fc-btn fc-btn-next\" id=\"nextBtn\" onclick=\"nextCard()\">\n                \u0130leri <i class=\"fas fa-chevron-right\"><\/i>\n            <\/button>\n        <\/div>\n    <\/div>\n\n    <script>\n        const flashcards = [\n            \/\/ S\u00dcMERLER\n            {\n                questionIcon: \"\ud83d\udcdc\",\n                question: \"S\u00fcmerler yaz\u0131y\u0131 ne zaman icat etmi\u015ftir?\",\n                answerIcon: \"\ud83d\udcc5\",\n                answer: \"M\u00d6 3200'de S\u00fcmerler yaz\u0131n\u0131n mucidi olmu\u015ftur.\"\n            },\n            {\n                questionIcon: \"\ud83c\udfdb\ufe0f\",\n                question: \"S\u00fcmerler hangi b\u00f6lgede kurulmu\u015ftur?\",\n                answerIcon: \"\ud83d\uddfa\ufe0f\",\n                answer: \"S\u00fcmerler otuzun \u00fczerinde \u015fehir ve kasaban\u0131n bulundu\u011fu G\u00fcney Mezopotamya'da kurulmu\u015ftur.\"\n            },\n            {\n                questionIcon: \"\ud83d\udc51\",\n                question: \"S\u00fcmer krallar\u0131 hangi yetkilere sahipti?\",\n                answerIcon: \"\u2696\ufe0f\",\n                answer: \"S\u00fcmer krallar\u0131 devletin idare yetkisini ellerinde tutman\u0131n yan\u0131nda ba\u015frahip, ba\u015fkomutan ve ba\u015fyarg\u0131\u00e7 olma niteliklerine de sahipti.\"\n            },\n            {\n                questionIcon: \"\ud83c\udff0\",\n                question: \"S\u00fcmer kentleri neden surlarla \u00e7evrilmi\u015ftir?\",\n                answerIcon: \"\u2694\ufe0f\",\n                answer: \"Kentler aras\u0131nda s\u0131n\u0131r anla\u015fmazl\u0131\u011f\u0131 sebebiyle uzun s\u00fcren sava\u015flar ya\u015fand\u0131\u011f\u0131ndan kentlerin etraf\u0131 surlarla \u00e7evrilmi\u015ftir.\"\n            },\n            {\n                questionIcon: \"\ud83d\udee1\ufe0f\",\n                question: \"S\u00fcmer ordular\u0131n\u0131n yap\u0131s\u0131 nas\u0131ld\u0131?\",\n                answerIcon: \"\ud83d\udc65\",\n                answer: \"S\u00fcmer ordular\u0131 sava\u015f arabal\u0131 askerler ve piyadelerden olu\u015fmu\u015ftur.\"\n            },\n            {\n                questionIcon: \"\u2694\ufe0f\",\n                question: \"S\u00fcmer ordular\u0131nda hangi sava\u015f aletleri kullan\u0131lm\u0131\u015ft\u0131r?\",\n                answerIcon: \"\ud83c\udff9\",\n                answer: \"Ok, yay, balta, m\u0131zrak, kalkan ve mi\u011ffer kullan\u0131lm\u0131\u015ft\u0131r.\"\n            },\n            {\n                questionIcon: \"\ud83d\udc54\",\n                question: \"S\u00fcmer askerleri nas\u0131l k\u0131yafetler giymi\u015ftir?\",\n                answerIcon: \"\ud83d\udc55\",\n                answer: \"S\u00fcmerlerde askerler \u00fcniforma benzeri k\u0131yafetler giyip ayn\u0131 t\u00fcrde silahlar kullanm\u0131\u015ft\u0131r.\"\n            },\n\n            \/\/ MISIRLILAR\n            {\n                questionIcon: \"\ud83c\udffa\",\n                question: \"Antik M\u0131s\u0131r hangi b\u00f6lgelerin birle\u015fmesiyle olu\u015fmu\u015ftur?\",\n                answerIcon: \"\ud83d\uddfa\ufe0f\",\n                answer: \"M\u00d6 3. biny\u0131lda Nil havzas\u0131ndaki A\u015fa\u011f\u0131 M\u0131s\u0131r ve Yukar\u0131 M\u0131s\u0131r'\u0131n birle\u015fmesiyle b\u00fcy\u00fck bir devlet h\u00e2line gelmi\u015ftir.\"\n            },\n            {\n                questionIcon: \"\u23f3\",\n                question: \"M\u0131s\u0131r'da M\u00d6 2950-332 y\u0131llar\u0131 aras\u0131nda ka\u00e7 hanedan y\u00f6netimi ele ge\u00e7irmi\u015ftir?\",\n                answerIcon: \"\ud83d\udcca\",\n                answer: \"M\u00d6 2950-332 y\u0131llar\u0131 aras\u0131nda otuzun \u00fczerinde hanedan\u0131n y\u00f6netimi ele ge\u00e7irdi\u011fi d\u00f6nemler ya\u015fanm\u0131\u015ft\u0131.\"\n            },\n            {\n                questionIcon: \"\ud83d\udc51\",\n                question: \"M\u0131s\u0131r krallar\u0131 ne zaman firavun \u00fcnvan\u0131n\u0131 kullanmaya ba\u015flam\u0131\u015ft\u0131r?\",\n                answerIcon: \"\ud83d\udcc5\",\n                answer: \"M\u00d6 15. y\u00fczy\u0131ldan sonra firavun \u00fcnvan\u0131n\u0131 kullanmaya ba\u015flam\u0131\u015flard\u0131.\"\n            },\n            {\n                questionIcon: \"\u26f0\ufe0f\",\n                question: \"M\u0131s\u0131r krallar\u0131n\u0131n an\u0131s\u0131na ne in\u015fa edilmi\u015ftir?\",\n                answerIcon: \"\ud83c\udfdb\ufe0f\",\n                answer: \"M\u0131s\u0131r krallar\u0131 adlar\u0131na an\u0131tsal mezarlar (piramitler) in\u015fa edilmi\u015ftir.\"\n            },\n            {\n                questionIcon: \"\ud83d\ude4f\",\n                question: \"M\u0131s\u0131r krallar\u0131 zamanla nas\u0131l g\u00f6r\u00fclmeye ba\u015flanm\u0131\u015ft\u0131r?\",\n                answerIcon: \"\u2728\",\n                answer: \"M\u0131s\u0131r krallar\u0131, zamanla tanr\u0131n\u0131n yery\u00fcz\u00fcndeki temsilcisi olarak kabul edilmeye ba\u015flanm\u0131\u015f ve tanr\u0131salla\u015ft\u0131r\u0131lm\u0131\u015ft\u0131.\"\n            },\n            {\n                questionIcon: \"\ud83d\udc65\",\n                question: \"M\u0131s\u0131r'da valilerin g\u00f6revleri nelerdi?\",\n                answerIcon: \"\ud83d\udccb\",\n                answer: \"Valiler gerekti\u011finde asker g\u00f6nderen ve kral ad\u0131na vergi toplayan g\u00f6revlilerdi. Zamanla merkezden ba\u011f\u0131ms\u0131z hareket edebildiler.\"\n            },\n            {\n                questionIcon: \"\ud83d\udee1\ufe0f\",\n                question: \"M\u0131s\u0131r ordusunun ilk hali nas\u0131ld\u0131?\",\n                answerIcon: \"\ud83d\udc65\",\n                answer: \"M\u0131s\u0131r ordusu ba\u015flang\u0131\u00e7ta valilerin toplad\u0131\u011f\u0131 milis kuvvetlerden olu\u015fmu\u015ftu.\"\n            },\n            {\n                questionIcon: \"\u2694\ufe0f\",\n                question: \"M\u0131s\u0131r'da d\u00fczenli ordu neden kurulmu\u015ftur?\",\n                answerIcon: \"\ud83d\udca1\",\n                answer: \"\u0130\u00e7 karga\u015fa ve isyanlardan ders al\u0131narak gen\u00e7lerden olu\u015fan bir ordu kurulmu\u015ftu.\"\n            },\n            {\n                questionIcon: \"\ud83d\udcb0\",\n                question: \"M\u0131s\u0131r ordusunda kimler istihdam edilmi\u015ftir?\",\n                answerIcon: \"\ud83d\udc65\",\n                answer: \"M\u0131s\u0131r ordusunda paral\u0131 askerler ve k\u00f6le sava\u015f\u00e7\u0131lar da kullan\u0131lm\u0131\u015ft\u0131. Ayr\u0131ca konarg\u00f6\u00e7er sava\u015f\u00e7\u0131lar orduda istihdam edilmi\u015fti.\"\n            },\n            {\n                questionIcon: \"\u26cf\ufe0f\",\n                question: \"M\u0131s\u0131r metal silah \u00fcretimi i\u00e7in neler yapm\u0131\u015ft\u0131r?\",\n                answerIcon: \"\ud83d\udd28\",\n                answer: \"Orduda kullan\u0131lacak metal silahlar\u0131n \u00fcretimi i\u00e7in bak\u0131r y\u00f6n\u00fcnden zengin olan b\u00f6lgeler ele ge\u00e7irilmi\u015fti.\"\n            },\n            {\n                questionIcon: \"\u2694\ufe0f\",\n                question: \"M\u0131s\u0131r ordusunda hangi sava\u015f aletleri kullan\u0131lm\u0131\u015ft\u0131r?\",\n                answerIcon: \"\ud83c\udff9\",\n                answer: \"Ok, m\u0131zrak, kama ve kalkan kullan\u0131lm\u0131\u015ft\u0131.\"\n            },\n            {\n                questionIcon: \"\ud83c\udfc7\",\n                question: \"M\u0131s\u0131r ordusunu \u00e7a\u011fda\u015flar\u0131ndan g\u00fc\u00e7l\u00fc k\u0131lan neydi?\",\n                answerIcon: \"\u2728\",\n                answer: \"Metal silahlar\u0131n yan\u0131nda atl\u0131 sava\u015f arabalar\u0131yd\u0131.\"\n            },\n            {\n                questionIcon: \"\u26f5\",\n                question: \"M\u0131s\u0131r'da deniz g\u00fcvenli\u011fi nas\u0131l sa\u011flanm\u0131\u015ft\u0131r?\",\n                answerIcon: \"\ud83d\udea2\",\n                answer: \"K\u0131z\u0131ldeniz'de g\u00fcvenli\u011fi sa\u011flamak i\u00e7in gemiler in\u015fa edilmi\u015fti.\"\n            },\n            {\n                questionIcon: \"\ud83c\udfaf\",\n                question: \"M\u0131s\u0131r ordusu sayesinde neler sa\u011flanm\u0131\u015ft\u0131r?\",\n                answerIcon: \"\u2705\",\n                answer: \"Kral\u0131n otoritesini kabul etmeyen valiler itaat alt\u0131na al\u0131nm\u0131\u015f, firavunun g\u00fcvenli\u011fi sa\u011flanm\u0131\u015f ve ticaret kervanlar\u0131 her t\u00fcrl\u00fc sald\u0131r\u0131dan korunmu\u015ftu.\"\n            },\n\n            \/\/ AKADLAR\n            {\n                questionIcon: \"\ud83d\uddfa\ufe0f\",\n                question: \"Akad Devleti hangi b\u00f6lgede ve ne zaman varl\u0131k g\u00f6stermi\u015ftir?\",\n                answerIcon: \"\ud83d\udcc5\",\n                answer: \"G\u00fcn\u00fcm\u00fczde Ba\u011fdat'\u0131n g\u00fcneyinde kalan b\u00f6lgede M\u00d6 2350-2150 y\u0131llar\u0131 aras\u0131nda varl\u0131\u011f\u0131n\u0131 s\u00fcrd\u00fcrm\u00fc\u015ft\u00fcr.\"\n            },\n            {\n                questionIcon: \"\ud83d\udc51\",\n                question: \"Akad Devleti hangi y\u00f6netim \u015fekliyle idare edilmi\u015ftir?\",\n                answerIcon: \"\u2696\ufe0f\",\n                answer: \"Akadlar krall\u0131kla y\u00f6netilmi\u015fti.\"\n            },\n            {\n                questionIcon: \"\ud83c\udf0d\",\n                question: \"Akad krallar\u0131 nas\u0131l an\u0131lm\u0131\u015ft\u0131r?\",\n                answerIcon: \"\ud83d\udc51\",\n                answer: \"\u015eehir devleti modelinden b\u00fcy\u00fck devlet modeline ge\u00e7en Akadlarda krallar 'd\u00fcnya h\u00e2kimi' olarak an\u0131lm\u0131\u015ft\u0131r.\"\n            },\n            {\n                questionIcon: \"\ud83c\udfdb\ufe0f\",\n                question: \"Akad Devleti nas\u0131l nitelendirilmi\u015ftir?\",\n                answerIcon: \"\u2728\",\n                answer: \"Akad Devleti 'd\u00fcnya imparatorlu\u011fu' ve 'tanr\u0131 krall\u0131\u011f\u0131' olarak nitelendirilmi\u015fti.\"\n            },\n            {\n                questionIcon: \"\ud83d\udcaa\",\n                question: \"Akadlar\u0131 \u00f6ne \u00e7\u0131karan \u00f6zellikler nelerdi?\",\n                answerIcon: \"\ud83c\udfaf\",\n                answer: \"D\u00fczenli ve g\u00fc\u00e7l\u00fc bir ordunun yan\u0131 s\u0131ra g\u00fc\u00e7l\u00fc y\u00f6netim organizasyonuna sahip olmalar\u0131 Akadlar\u0131 \u00f6ne \u00e7\u0131karm\u0131\u015ft\u0131.\"\n            },\n            {\n                questionIcon: \"\ud83d\udee1\ufe0f\",\n                question: \"Akadlar\u0131n asker\u00ee alandaki ilki nedir?\",\n                answerIcon: \"\u2694\ufe0f\",\n                answer: \"Akadlar ilk daim\u00ee orduyu kurmu\u015ftur.\"\n            },\n            {\n                questionIcon: \"\u26a0\ufe0f\",\n                question: \"Akadlar\u0131n ordu sistemiyle ilgili eksikli\u011fi neydi?\",\n                answerIcon: \"\u274c\",\n                answer: \"Akadlar ilk daim\u00ee orduyu kurmu\u015f fakat ordu ihtiya\u00e7lar\u0131n\u0131n kar\u015f\u0131lanmas\u0131 i\u00e7in d\u00fczenli bir sistem kurmam\u0131\u015flard\u0131.\"\n            },\n            {\n                questionIcon: \"\ud83d\udc51\",\n                question: \"Kral Sargon ve Kral Naramsin ordu ihtiya\u00e7lar\u0131n\u0131 nas\u0131l kar\u015f\u0131lam\u0131\u015ft\u0131r?\",\n                answerIcon: \"\u2694\ufe0f\",\n                answer: \"Hareket kabiliyeti olan g\u00fc\u00e7l\u00fc ordular\u0131yla merkezden uzak b\u00f6lgelere seferler d\u00fczenleyerek ordunun ve ba\u015fkentin ihtiyac\u0131n\u0131 kar\u015f\u0131lamaya \u00e7al\u0131\u015fm\u0131\u015flard\u0131.\"\n            },\n            {\n                questionIcon: \"\u26a0\ufe0f\",\n                question: \"Akad Devleti'nde s\u0131k isyan ya\u015fanmas\u0131n\u0131n nedeni neydi?\",\n                answerIcon: \"\ud83d\udc65\",\n                answer: \"Akad n\u00fcfusunun farkl\u0131 din ve \u0131rklardan olu\u015fmas\u0131 \u00fclkede s\u0131k s\u0131k isyanlar ya\u015fanmas\u0131na sebep olmu\u015ftu.\"\n            },\n            {\n                questionIcon: \"\ud83d\udca5\",\n                question: \"Akad Devleti nas\u0131l y\u0131k\u0131lm\u0131\u015ft\u0131r?\",\n                answerIcon: \"\u2b07\ufe0f\",\n                answer: \"Ordu ihtiya\u00e7lar\u0131n\u0131n kar\u015f\u0131lanmas\u0131nda s\u00fcreklilik sa\u011flanamay\u0131nca devlet asker\u00ee g\u00fcc\u00fcn\u00fc kaybetmi\u015f ve da\u011f kavimlerinin sald\u0131r\u0131lar\u0131 sonucu y\u0131k\u0131lm\u0131\u015ft\u0131.\"\n            },\n            {\n                questionIcon: \"\ud83c\udf0d\",\n                question: \"Akadlar\u0131n imparatorluk olarak de\u011ferlendirilmesinin nedeni nedir?\",\n                answerIcon: \"\ud83d\udca1\",\n                answer: \"Akad krallar\u0131n\u0131n S\u00fcmer krallar\u0131ndan farkl\u0131 olarak \u00e7ok uzak b\u00f6lgelere seferler d\u00fczenlemi\u015f olmalar\u0131, kurduklar\u0131 devletin bir imparatorluk olarak de\u011ferlendirilmesine yol a\u00e7m\u0131\u015ft\u0131r.\"\n            },\n\n            \/\/ H\u0130T\u0130TLER\n            {\n                questionIcon: \"\ud83d\uddfa\ufe0f\",\n                question: \"Hititler hangi b\u00f6lgede ve ne zaman varl\u0131k g\u00f6stermi\u015ftir?\",\n                answerIcon: \"\ud83d\udcc5\",\n                answer: \"M\u00d6 1650-1190 y\u0131llar\u0131 aras\u0131nda Anadolu'da varl\u0131\u011f\u0131n\u0131 s\u00fcrd\u00fcrm\u00fc\u015ft\u00fcr.\"\n            },\n            {\n                questionIcon: \"\ud83d\udc51\",\n                question: \"Hitit krallar\u0131 \u00f6ld\u00fckten sonra nas\u0131l an\u0131lm\u0131\u015ft\u0131r?\",\n                answerIcon: \"\ud83d\ude4f\",\n                answer: \"Hitit krallar\u0131 \u00f6ld\u00fckten sonra tanr\u0131 olarak an\u0131lm\u0131\u015f, krallar\u0131n ruhlar\u0131na kurbanlar sunularak ayinler yap\u0131lm\u0131\u015ft\u0131r.\"\n            },\n            {\n                questionIcon: \"\u2696\ufe0f\",\n                question: \"Hitit taht\u0131na kimler ge\u00e7mi\u015ftir?\",\n                answerIcon: \"\ud83d\udc68\u200d\ud83d\udc66\",\n                answer: \"Kral \u00f6ld\u00fckten sonra onun soyundan gelen v\u00e2risi tahta \u00e7\u0131km\u0131\u015ft\u0131r.\"\n            },\n            {\n                questionIcon: \"\ud83d\udc51\",\n                question: \"Hitit krallar\u0131 hangi \u00fcnvanlarla an\u0131lm\u0131\u015ft\u0131r?\",\n                answerIcon: \"\u2728\",\n                answer: \"Krallar; b\u00fcy\u00fck kral, imparator ve tanr\u0131n\u0131n g\u00f6zdesi gibi \u00fcnvanlarla an\u0131lm\u0131\u015ft\u0131r.\"\n            },\n            {\n                questionIcon: \"\ud83d\ude4f\",\n                question: \"Hitit krallar\u0131 hangi tanr\u0131n\u0131n temsilcisi say\u0131lm\u0131\u015ft\u0131r?\",\n                answerIcon: \"\u26a1\",\n                answer: \"Krallar, F\u0131rt\u0131na Tanr\u0131s\u0131'n\u0131n yery\u00fcz\u00fcndeki temsilcisi olarak ba\u015frahip ve ba\u015fkomutan \u00fcnvanlar\u0131na sahiptir.\"\n            },\n            {\n                questionIcon: \"\ud83d\udc65\",\n                question: \"Hitit Devleti'nde memurlar hangi i\u015flerden sorumluydu?\",\n                answerIcon: \"\ud83d\udccb\",\n                answer: \"Memurlar idar\u00ee, asker\u00ee ve din\u00ee i\u015flerden sorumluydu.\"\n            },\n            {\n                questionIcon: \"\ud83c\udfdb\ufe0f\",\n                question: \"Panku\u015f nedir?\",\n                answerIcon: \"\ud83d\udc65\",\n                answer: \"Hitit Devleti'nde \u00fcst d\u00fczey g\u00f6revlilerin bulundu\u011fu meclisin ad\u0131d\u0131r.\"\n            },\n            {\n                questionIcon: \"\ud83d\udc54\",\n                question: \"Hitit Devleti'nde ba\u015fyard\u0131mc\u0131 konumundaki g\u00f6revlinin sorumluluklar\u0131 nelerdi?\",\n                answerIcon: \"\ud83d\udccb\",\n                answer: \"Kral ad\u0131na ba\u015fkent Hattu\u015fa\u015f'a uzak s\u0131n\u0131r b\u00f6lgelerini idare etmi\u015f, yollar\u0131n, kanallar\u0131n ve tap\u0131naklar\u0131n bak\u0131m\u0131n\u0131 yapt\u0131rm\u0131\u015f, vergi toplam\u0131\u015f ve kalelerde asayi\u015fi sa\u011flam\u0131\u015ft\u0131r.\"\n            },\n            {\n                questionIcon: \"\ud83d\udee1\ufe0f\",\n                question: \"Hitit ordusunun ba\u015fat unsurlar\u0131 nelerdi?\",\n                answerIcon: \"\ud83d\udc65\",\n                answer: \"Piyadeler ve sava\u015f arabal\u0131 askerlerdir.\"\n            },\n            {\n                questionIcon: \"\u2694\ufe0f\",\n                question: \"Hitit piyadelerinin temel birli\u011fi kimlerden olu\u015fmu\u015ftur?\",\n                answerIcon: \"\ud83d\udc65\",\n                answer: \"H\u00fcr erkekler aras\u0131ndan asker\u00ee mesle\u011fe girenler ve imparatorlu\u011fun \u00e7e\u015fitli b\u00f6lgelerinden askere kaydedilenlerden olu\u015fmu\u015ftur.\"\n            },\n            {\n                questionIcon: \"\ud83c\udfaf\",\n                question: \"Hitit piyadelerinin g\u00f6revleri nelerdi?\",\n                answerIcon: \"\ud83d\udccb\",\n                answer: \"Sava\u015flarda as\u0131l vurucu unsur olman\u0131n yan\u0131 s\u0131ra s\u0131n\u0131rlardaki kalelerin g\u00fcvenli\u011fini sa\u011flamak ve isyanlar\u0131 bast\u0131rmakla g\u00f6revliydi.\"\n            },\n            {\n                questionIcon: \"\u2694\ufe0f\",\n                question: \"Hitit askerleri hangi sava\u015f aletlerini kullanm\u0131\u015ft\u0131r?\",\n                answerIcon: \"\ud83c\udff9\",\n                answer: \"Pala ve baltan\u0131n yan\u0131 s\u0131ra uzun m\u0131zraklar da kullanm\u0131\u015ft\u0131r.\"\n            },\n            {\n                questionIcon: \"\ud83d\udd28\",\n                question: \"Hitit ordusunda kullan\u0131lan silahlar hangi madenden yap\u0131lm\u0131\u015ft\u0131r?\",\n                answerIcon: \"\u2692\ufe0f\",\n                answer: \"Bronzdan imal edilmi\u015ftir.\"\n            },\n            {\n                questionIcon: \"\ud83c\udfaf\",\n                question: \"Hitit ordusunun sava\u015f takti\u011fi nas\u0131ld\u0131?\",\n                answerIcon: \"\u2694\ufe0f\",\n                answer: \"D\u00fc\u015fman kuvvetlerine sava\u015f arabalar\u0131yla sald\u0131rarak onlar\u0131 zay\u0131flatt\u0131ktan sonra esas darbeyi piyadelerle indirmi\u015ftir.\"\n            },\n            {\n                questionIcon: \"\ud83d\udcdc\",\n                question: \"Kade\u015f Antla\u015fmas\u0131 nedir?\",\n                answerIcon: \"\ud83e\udd1d\",\n                answer: \"Hititler g\u00fcn\u00fcm\u00fczde Suriye s\u0131n\u0131rlar\u0131nda kalan Kade\u015f \u015fehrini M\u0131s\u0131r'a kar\u015f\u0131 savunmu\u015f ve sava\u015ftan sonra iki b\u00fcy\u00fck devlet aras\u0131ndaki ilk bar\u0131\u015f antla\u015fmas\u0131 olan Kade\u015f Antla\u015fmas\u0131'n\u0131 imzalam\u0131\u015ft\u0131r.\"\n            },\n\n            \/\/ ROMALLILAR\n            {\n                questionIcon: \"\ud83c\udfdb\ufe0f\",\n                question: \"Roma Devleti nerede kurulmu\u015ftur?\",\n                answerIcon: \"\ud83d\uddfa\ufe0f\",\n                answer: \"G\u00fcn\u00fcm\u00fczde \u0130talya s\u0131n\u0131rlar\u0131 i\u00e7indeki Roma'da bir \u015fehir devleti olarak kurulmu\u015f ve sonra \u00e7ok geni\u015f bir alana h\u00e2kim olmu\u015ftur.\"\n            },\n            {\n                questionIcon: \"\ud83d\udc51\",\n                question: \"Roma Devleti \u015fehir devleti d\u00f6neminde nas\u0131l y\u00f6netilmi\u015ftir?\",\n                answerIcon: \"\u2696\ufe0f\",\n                answer: \"\u015eehir devleti \u00f6l\u00e7e\u011finde oldu\u011fu d\u00f6nemde krall\u0131kla y\u00f6netilmi\u015fti.\"\n            },\n            {\n                questionIcon: \"\ud83d\udc65\",\n                question: \"Roma Devleti'nde yurtta\u015fl\u0131k haklar\u0131 kimlere aitti?\",\n                answerIcon: \"\ud83d\udccb\",\n                answer: \"Roma Devleti 300 klandan olu\u015fmu\u015ftu ve yaln\u0131zca bu klanlardan birine \u00fcye olan yeti\u015fkin erkekler yurtta\u015fl\u0131k haklar\u0131na sahipti.\"\n            },\n            {\n                questionIcon: \"\ud83d\udcc5\",\n                question: \"Roma ne zaman cumhuriyet idaresine ge\u00e7mi\u015ftir?\",\n                answerIcon: \"\ud83c\udfdb\ufe0f\",\n                answer: \"M\u00d6 509'da cumhuriyet idaresine ge\u00e7ilmi\u015fti.\"\n            },\n            {\n                questionIcon: \"\ud83d\udc54\",\n                question: \"Roma Cumhuriyeti'nde kons\u00fcller kimlerdi?\",\n                answerIcon: \"\u2696\ufe0f\",\n                answer: \"Aristokratlar\u0131n egemen oldu\u011fu cumhuriyet sisteminde kral\u0131n yetkileri iki y\u00fcksek devlet memurunda toplanm\u0131\u015ft\u0131. Bu yetkililer kons\u00fcl olarak adland\u0131r\u0131lm\u0131\u015ft\u0131r.\"\n            },\n            {\n                questionIcon: \"\ud83d\udcc5\",\n                question: \"Roma \u0130mparatorluk D\u00f6nemi ne zaman ba\u015flam\u0131\u015ft\u0131r?\",\n                answerIcon: \"\ud83d\udc51\",\n                answer: \"M\u00d6 27'de \u0130mparatorluk D\u00f6nemi ba\u015flam\u0131\u015ft\u0131.\"\n            },\n            {\n                questionIcon: \"\u2696\ufe0f\",\n                question: \"Roma \u0130mparatorluk D\u00f6nemi'nde yetki da\u011f\u0131l\u0131m\u0131 nas\u0131l de\u011fi\u015fmi\u015ftir?\",\n                answerIcon: \"\ud83d\udc51\",\n                answer: \"\u0130mparatorluk D\u00f6nemi'nde h\u00fck\u00fcmdar\u0131n yetkileri artm\u0131\u015f, senatonun etkisi ise azalm\u0131\u015ft\u0131. Zamanla y\u00f6netim sistemi mutlak monar\u015fiye benzer bir h\u00e2l alm\u0131\u015ft\u0131.\"\n            },\n            {\n                questionIcon: \"\ud83d\ude4f\",\n                question: \"Roma \u0130mparatorlu\u011fu'nda hangi din h\u00e2kimdi?\",\n                answerIcon: \"\u26ea\",\n                answer: \"Paganizmin h\u00e2kim din oldu\u011fu Roma \u0130mparatorlu\u011fu'nda ba\u015fta Caesar (Sezar) olmak \u00fczere h\u00fck\u00fcmdarlar ba\u015frahip \u00fcnvan\u0131n\u0131 kullanm\u0131\u015ft\u0131r.\"\n            },\n            {\n                questionIcon: \"\u271d\ufe0f\",\n                question: \"Hristiyanl\u0131k Roma'da ne zaman resm\u00ee din olmu\u015ftur?\",\n                answerIcon: \"\ud83d\udcc5\",\n                answer: \"Roma'n\u0131n evrensel imparatorluk anlay\u0131\u015f\u0131na katk\u0131da bulunaca\u011f\u0131 d\u00fc\u015f\u00fcn\u00fcld\u00fc\u011f\u00fcnden 380'de resm\u00ee din olarak kabul edilmi\u015fti.\"\n            },\n            {\n                questionIcon: \"\ud83d\udee1\ufe0f\",\n                question: \"Roma ordusunun \u00f6zellikleri nelerdi?\",\n                answerIcon: \"\ud83d\udcaa\",\n                answer: \"Roma Devleti g\u00fc\u00e7l\u00fc, d\u00fczenli ve disiplinli bir orduya sahipti.\"\n            },\n            {\n                questionIcon: \"\ud83d\udc65\",\n                question: \"Roma ordusunun \u00e7o\u011funlu\u011fu kimlerden olu\u015fmu\u015ftur?\",\n                answerIcon: \"\ud83d\udee1\ufe0f\",\n                answer: \"Ordunun \u00e7o\u011funlu\u011fu piyadelerden olu\u015fmu\u015f ve her Roma yurtta\u015f\u0131 asker kabul edilmi\u015fti.\"\n            },\n            {\n                questionIcon: \"\ud83d\udcb0\",\n                question: \"Roma'da paral\u0131 asker istihdam\u0131 neden ba\u015flam\u0131\u015ft\u0131r?\",\n                answerIcon: \"\u2694\ufe0f\",\n                answer: \"Zamanla askere daha fazla ihtiya\u00e7 duyulmas\u0131 \u00fczerine paral\u0131 asker istihdam\u0131 da ba\u015flam\u0131\u015ft\u0131.\"\n            },\n            {\n                questionIcon: \"\ud83c\udf96\ufe0f\",\n                question: \"Lejyon nedir?\",\n                answerIcon: \"\ud83d\udee1\ufe0f\",\n                answer: \"Roma ordusu lejyon ad\u0131 verilen asker\u00ee birliklerden olu\u015fmu\u015ftur.\"\n            },\n            {\n                questionIcon: \"\u2694\ufe0f\",\n                question: \"Lejyoner kimdir?\",\n                answerIcon: \"\ud83d\udc68\u200d\u2708\ufe0f\",\n                answer: \"Roma ordusundaki askerler lejyoner olarak adland\u0131r\u0131lm\u0131\u015ft\u0131r.\"\n            },\n            {\n                questionIcon: \"\ud83d\udee1\ufe0f\",\n                question: \"Lejyonerler nas\u0131l donanm\u0131\u015ft\u0131r?\",\n                answerIcon: \"\u2694\ufe0f\",\n                answer: \"\u00c7o\u011funlu\u011fu piyade olan lejyonerler, z\u0131rh, mi\u011ffer ve yak\u0131n d\u00f6v\u00fc\u015f silahlar\u0131yla donanm\u0131\u015ft\u0131r.\"\n            },\n            {\n                questionIcon: \"\u2694\ufe0f\",\n                question: \"Roma askerleri hangi te\u00e7hizatlar\u0131 kullanm\u0131\u015ft\u0131r?\",\n                answerIcon: \"\ud83d\udee1\ufe0f\",\n                answer: \"Mi\u011ffer, z\u0131rh, k\u0131l\u0131\u00e7 ve kalkanlar kullanm\u0131\u015flard\u0131r.\"\n            },\n            {\n                questionIcon: \"\ud83d\udc22\",\n                question: \"Kaplumba\u011fa d\u00fczeni nedir?\",\n                answerIcon: \"\ud83d\udee1\ufe0f\",\n                answer: \"\u00dcstten ve yanlardan gelebilecek sald\u0131r\u0131lara kar\u015f\u0131 Roma piyadelerinin kalkanlar\u0131n\u0131 kullanarak korunmas\u0131n\u0131 sa\u011flayan savunma takti\u011fidir.\"\n            },\n            {\n                questionIcon: \"\u26a0\ufe0f\",\n                question: \"Roma askerlerinin te\u00e7hizat\u0131n\u0131n dezavantaj\u0131 neydi?\",\n                answerIcon: \"\u274c\",\n                answer: \"Kulland\u0131klar\u0131 te\u00e7hizat onlar\u0131n hareket kabiliyetini k\u0131s\u0131tlam\u0131\u015ft\u0131.\"\n            },\n            {\n                questionIcon: \"\u26f5\",\n                question: \"Roma ordusu denizde nas\u0131l desteklenmi\u015ftir?\",\n                answerIcon: \"\ud83d\udea2\",\n                answer: \"Karada g\u00fc\u00e7lenen Roma ordusu, Akdeniz h\u00e2kimiyeti i\u00e7in b\u00fcy\u00fck bir donanmayla da desteklenmi\u015fti.\"\n            },\n\n            \/\/ ASYA HUN DEVLET\u0130\n            {\n                questionIcon: \"\ud83d\udcdc\",\n                question: \"Eski \u00c7a\u011f T\u00fcrkleri hakk\u0131ndaki bilgilerin kayna\u011f\u0131 nedir?\",\n                answerIcon: \"\ud83d\udcda\",\n                answer: \"Eski \u00c7a\u011f T\u00fcrklerinden g\u00fcn\u00fcm\u00fcze kalan yaz\u0131l\u0131 kaynak bulunmamas\u0131 dolay\u0131s\u0131yla bu d\u00f6nemde ya\u015fam\u0131\u015f olan T\u00fcrklerle ilgili bilgilerin \u00e7o\u011fu \u00c7in kaynaklar\u0131na dayanm\u0131\u015ft\u0131r.\"\n            },\n            {\n                questionIcon: \"\ud83d\udcc5\",\n                question: \"\u00c7in y\u0131ll\u0131klar\u0131na g\u00f6re Hunlara ait ilk bilgiler hangi y\u0131la aittir?\",\n                answerIcon: \"\u23f3\",\n                answer: \"\u00c7in y\u0131ll\u0131klar\u0131na g\u00f6re Hunlara ait ilk bilgiler M\u00d6 318 y\u0131l\u0131na aittir.\"\n            },\n            {\n                questionIcon: \"\ud83c\udfdb\ufe0f\",\n                question: \"\u0130\u00e7 Asya'da T\u00fcrklerin kurduklar\u0131 ilk devlet hangisidir?\",\n                answerIcon: \"\ud83c\udfaf\",\n                answer: \"Yaz\u0131l\u0131 kaynaklara g\u00f6re \u0130\u00e7 Asya'da ya\u015fayan T\u00fcrklerin buraya h\u00e2kim olarak kurduklar\u0131 ilk devlet M\u00d6 220 y\u0131l\u0131nda kurulan Asya Hun Devleti'dir.\"\n            },\n            {\n                questionIcon: \"\ud83d\udc51\",\n                question: \"Asya Hun Devleti'nin bilinen ilk h\u00fck\u00fcmdar\u0131 kimdir?\",\n                answerIcon: \"\ud83d\udc64\",\n                answer: \"Devletin bilinen ilk h\u00fck\u00fcmdar\u0131 Teoman'd\u0131r.\"\n            },\n            {\n                questionIcon: \"\ud83d\udc51\",\n                question: \"Asya Hun h\u00fck\u00fcmdarlar\u0131 hangi \u00fcnvanlar\u0131 kullanm\u0131\u015ft\u0131r?\",\n                answerIcon: \"\u2728\",\n                answer: \"\u015eany\u00fc, ka\u011fan ve han gibi \u00fcnvanlar kullanm\u0131\u015ft\u0131r.\"\n            },\n            {\n                questionIcon: \"\ud83d\ude4f\",\n                question: \"Kut nedir?\",\n                answerIcon: \"\u2728\",\n                answer: \"Eski T\u00fcrklerde \u00fclkeyi y\u00f6netme yetkisinin Tanr\u0131 taraf\u0131ndan verildi\u011fine inan\u0131lm\u0131\u015f ve bu inan\u00e7 'kut' olarak ifade edilmi\u015ftir.\"\n            },\n            {\n                questionIcon: \"\ud83d\udc51\",\n                question: \"Asya Hun h\u00fck\u00fcmdar\u0131 nas\u0131l kabul edilmi\u015ftir?\",\n                answerIcon: \"\ud83d\ude4f\",\n                answer: \"Asya Hun h\u00fck\u00fcmdar\u0131 'G\u00f6k Tanr\u0131'n\u0131n, g\u00fcne\u015fin, ay\u0131n tahta \u00e7\u0131kard\u0131\u011f\u0131 Tanr\u0131 'kut'u Tanhu' olarak kabul edilmi\u015ftir.\"\n            },\n            {\n                questionIcon: \"\u26a0\ufe0f\",\n                question: \"Asya Hun Devleti'nde taht kavgalar\u0131n\u0131n nedeni neydi?\",\n                answerIcon: \"\ud83d\udc65\",\n                answer: \"\u015eany\u00fc \u00f6l\u00fcnce yerine \u015fany\u00fcn\u00fcn en b\u00fcy\u00fck o\u011flu veya karde\u015fi ge\u00e7mi\u015f fakat v\u00e2risler aras\u0131nda \u00e7o\u011fu kez taht kavgas\u0131 ya\u015fand\u0131\u011f\u0131ndan y\u00f6netimde istikrar\u0131n sa\u011flanmas\u0131 g\u00fc\u00e7le\u015fmi\u015ftir.\"\n            },\n            {\n                questionIcon: \"\ud83c\udfdb\ufe0f\",\n                question: \"Eski T\u00fcrk\u00e7ede devlet hangi terimle adland\u0131r\u0131lm\u0131\u015ft\u0131r?\",\n                answerIcon: \"\ud83d\udcda\",\n                answer: \"Eski T\u00fcrk\u00e7ede 'il' terimiyle adland\u0131r\u0131lm\u0131\u015ft\u0131r.\"\n            },\n            {\n                questionIcon: \"\ud83d\udccb\",\n                question: \"Devletin (\u0130l'in) d\u00f6rt temel unsuru nelerdir?\",\n                answerIcon: \"\ud83c\udfaf\",\n                answer: \"Ba\u011f\u0131ms\u0131zl\u0131k, vatan, halk ve t\u00f6re olmak \u00fczere d\u00f6rt temel unsuru vard\u0131r.\"\n            },\n            {\n                questionIcon: \"\ud83c\udfdb\ufe0f\",\n                question: \"Toy veya kurultay nedir?\",\n                answerIcon: \"\ud83d\udc65\",\n                answer: \"H\u00fck\u00fcmdar y\u00f6netimle ilgili kararlar al\u0131rken dan\u0131\u015ft\u0131\u011f\u0131 meclisdir.\"\n            },\n            {\n                questionIcon: \"\ud83d\udee1\ufe0f\",\n                question: \"Asya Hun Devleti'nde askerlik nas\u0131l g\u00f6r\u00fclm\u00fc\u015ft\u00fcr?\",\n                answerIcon: \"\u2694\ufe0f\",\n                answer: \"Askerlik \u00f6zel bir meslek olarak g\u00f6r\u00fclmemi\u015f, orduda \u00fccretli asker istihdam edilmemi\u015ftir.\"\n            },\n            {\n                questionIcon: \"\u2696\ufe0f\",\n                question: \"Asya Hun Devleti'nde asker\u00ee disiplin devlet mekanizmas\u0131na nas\u0131l yans\u0131m\u0131\u015ft\u0131r?\",\n                answerIcon: \"\ud83d\udcaa\",\n                answer: \"B\u00fct\u00fcn idari g\u00f6revliler ayn\u0131 zamanda orduda komutanl\u0131k yapt\u0131\u011f\u0131 i\u00e7in asker\u00ee disiplin devlet mekanizmas\u0131na da yans\u0131m\u0131\u015ft\u0131r.\"\n            },\n            {\n                questionIcon: \"\ud83d\udc51\",\n                question: \"Mete Han ne zaman devletin ba\u015f\u0131na ge\u00e7mi\u015ftir?\",\n                answerIcon: \"\ud83d\udcc5\",\n                answer: \"M\u00d6 209 y\u0131l\u0131nda devletin ba\u015f\u0131na ge\u00e7mi\u015ftir.\"\n            },\n            {\n                questionIcon: \"\u2694\ufe0f\",\n                question: \"M\u00d6 209 y\u0131l\u0131 T\u00fcrk Silahl\u0131 Kuvvetleri i\u00e7in neden \u00f6nemlidir?\",\n                answerIcon: \"\ud83c\udf96\ufe0f\",\n                answer: \"Bu y\u0131l, g\u00fcn\u00fcm\u00fczde T\u00fcrk Silahl\u0131 Kuvvetleri'nin sembolik olarak kurulu\u015f y\u0131l\u0131 kabul edilmi\u015ftir.\"\n            },\n            {\n                questionIcon: \"\ud83d\udd22\",\n                question: \"Mete Han'\u0131n ordu sisteminde uygulad\u0131\u011f\u0131 reform nedir?\",\n                answerIcon: \"\u2694\ufe0f\",\n                answer: \"Mete Han uygulad\u0131\u011f\u0131 onlu sistemle orduyu birliklere b\u00f6lerek komuta etmi\u015ftir.\"\n            },\n            {\n                questionIcon: \"\ud83d\udc65\",\n                question: \"Hun ordusunun mevcudu ka\u00e7a eri\u015fmi\u015ftir?\",\n                answerIcon: \"\ud83d\udcca\",\n                answer: \"10.000 ki\u015filik 40 t\u00fcmenden olu\u015fan Hun ordusunun mevcudu 400.000'e eri\u015fmi\u015ftir.\"\n            },\n            {\n                questionIcon: \"\ud83c\udff9\",\n                question: \"Mete Han askerlerini nas\u0131l y\u00f6netmi\u015ftir?\",\n                answerIcon: \"\ud83c\udfaf\",\n                answer: \"Kendi icat etti\u011fi \u0131sl\u0131k \u00e7alan oku ile ordusundaki ok\u00e7ular\u0131 hareket ettirmi\u015ftir.\"\n            },\n            {\n                questionIcon: \"\u2694\ufe0f\",\n                question: \"Turan takti\u011fi nedir?\",\n                answerIcon: \"\ud83c\udfaf\",\n                answer: \"Sahte bir geri \u00e7ekilme ile pusu kurulduktan sonra d\u00fc\u015fman ordusu \u00e7evrelenmi\u015f ve ok\u00e7ularla uzaktan vurulmas\u0131d\u0131r.\"\n            },\n            {\n                questionIcon: \"\ud83c\udff9\",\n                question: \"Hun ordusunda hangi silahlar kullan\u0131lm\u0131\u015ft\u0131r?\",\n                answerIcon: \"\u2694\ufe0f\",\n                answer: \"Ok ve yaydan ba\u015fka m\u0131zrak, s\u00fcng\u00fc, kalkan ve k\u0131l\u0131\u00e7 kullan\u0131lm\u0131\u015ft\u0131r.\"\n            },\n            {\n                questionIcon: \"\ud83d\udd28\",\n                question: \"Hunlar demircilikte ilerlemelerini nas\u0131l kullanm\u0131\u015ft\u0131r?\",\n                answerIcon: \"\u2694\ufe0f\",\n                answer: \"Demircilikte geli\u015fmi\u015f olduklar\u0131ndan bu madeni, silahlar\u0131n\u0131n etki g\u00fcc\u00fcn\u00fc art\u0131rmak i\u00e7in de kullanabilmi\u015flerdir.\"\n            }\n        ];\n\n        let currentIndex = 0;\n        let isFlipped = false;\n\n        function updateCard() {\n            const card = flashcards[currentIndex];\n            document.getElementById('frontIcon').textContent = card.questionIcon;\n            document.getElementById('question').textContent = card.question;\n            document.getElementById('backIcon').textContent = card.answerIcon;\n            document.getElementById('answer').textContent = card.answer;\n            \n            \/\/ Reset flip state\n            if (isFlipped) {\n                document.getElementById('flashcard').classList.remove('flipped');\n                isFlipped = false;\n            }\n            \n            \/\/ Update button text\n            document.getElementById('flipBtn').innerHTML = '<i class=\"fas fa-sync-alt\"><\/i> Cevab\u0131 G\u00f6ster';\n            \n            \/\/ Update counter\n            document.getElementById('currentCard').textContent = currentIndex + 1;\n            document.getElementById('totalCards').textContent = flashcards.length;\n            \n            \/\/ Update progress bar\n            const progress = ((currentIndex + 1) \/ flashcards.length) * 100;\n            document.getElementById('progressFill').style.width = progress + '%';\n            \n            \/\/ Update button states\n            document.getElementById('prevBtn').disabled = currentIndex === 0;\n            document.getElementById('nextBtn').disabled = currentIndex === flashcards.length - 1;\n        }\n\n        function flipCard() {\n            const flashcard = document.getElementById('flashcard');\n            flashcard.classList.toggle('flipped');\n            isFlipped = !isFlipped;\n            \n            \/\/ Update button text\n            const flipBtn = document.getElementById('flipBtn');\n            if (isFlipped) {\n                flipBtn.innerHTML = '<i class=\"fas fa-sync-alt\"><\/i> Soruyu G\u00f6ster';\n            } else {\n                flipBtn.innerHTML = '<i class=\"fas fa-sync-alt\"><\/i> Cevab\u0131 G\u00f6ster';\n            }\n        }\n\n        function nextCard() {\n            if (currentIndex < flashcards.length - 1) {\n                currentIndex++;\n                updateCard();\n            }\n        }\n\n        function previousCard() {\n            if (currentIndex > 0) {\n                currentIndex--;\n                updateCard();\n            }\n        }\n\n        \/\/ Keyboard navigation\n        document.addEventListener('keydown', function(e) {\n            if (e.key === 'ArrowLeft') {\n                previousCard();\n            } else if (e.key === 'ArrowRight') {\n                nextCard();\n            } else if (e.key === ' ' || e.key === 'Enter') {\n                e.preventDefault();\n                flipCard();\n            }\n        });\n\n        \/\/ Click on card to flip\n        document.getElementById('flashcard').addEventListener('click', flipCard);\n\n        \/\/ Initialize\n        document.addEventListener('DOMContentLoaded', function() {\n            updateCard();\n        });\n    <\/script>\n<\/body>\n<\/html>\n","protected":false},"excerpt":{"rendered":"<div class=\"mh-excerpt\"><p>Bu yaz\u0131m\u0131zda g\u00fcncel m\u00fcfredata g\u00f6re haz\u0131rlad\u0131\u011f\u0131m\u0131z\u00a09. s\u0131n\u0131f tarih dersi 2. \u00fcnitesi\u00a0olan\u00a0Eski \u00c7a\u011f Medeniyetleri\u00a0\u00fcnitesinin\u00a0i\u00e7inde yer alan\u00a0Eski \u00c7a\u011f\u2019da Y\u00f6netenler ve Sava\u015fanlar yaz\u0131l\u0131ya haz\u0131rl\u0131k\u00a0\u00e7al\u0131\u015fmam\u0131z\u0131 payla\u015f\u0131yoruz.\u00a0Eski \u00c7a\u011f\u2019da Y\u00f6netenler ve <a class=\"mh-excerpt-more\" href=\"https:\/\/tarihkursu.com\/index.php\/2025\/12\/12\/2-eski-cagda-yonetenler-ve-savasanlar-hazirlik-soru-cevap-flashcart\/\" title=\"#2 Eski \u00c7a\u011f\u2019da Y\u00f6netenler ve Sava\u015fanlar Haz\u0131rl\u0131k Soru-Cevap (flashcart)\">[&#8230;]<\/a><\/p>\n<\/div>","protected":false},"author":2,"featured_media":2819,"comment_status":"open","ping_status":"open","sticky":false,"template":"","format":"standard","meta":{"_regular_price":[],"currency_symbol":[],"footnotes":""},"categories":[150,113],"tags":[285,286,87],"class_list":["post-3126","post","type-post","status-publish","format-standard","has-post-thumbnail","hentry","category-9-sinif-tarih-2","category-9-sinf-tarih-soru-cevap","tag-9-sinif-tarih-flashcard","tag-9-sinif-tarih-soru-cevap-2","tag-9-sinif-tarih"],"post_slider_layout_featured_media_urls":{"thumbnail":["https:\/\/tarihkursu.com\/wp-content\/uploads\/2025\/09\/FLASHCARD-150x150.png",150,150,true],"post_slider_layout_landscape_large":["https:\/\/tarihkursu.com\/wp-content\/uploads\/2025\/09\/FLASHCARD-1200x800.png",1200,800,true],"post_slider_layout_portrait_large":["https:\/\/tarihkursu.com\/wp-content\/uploads\/2025\/09\/FLASHCARD-1200x1080.png",1200,1080,true],"post_slider_layout_square_large":["https:\/\/tarihkursu.com\/wp-content\/uploads\/2025\/09\/FLASHCARD-1200x1080.png",1200,1080,true],"post_slider_layout_landscape":["https:\/\/tarihkursu.com\/wp-content\/uploads\/2025\/09\/FLASHCARD-600x400.png",600,400,true],"post_slider_layout_portrait":["https:\/\/tarihkursu.com\/wp-content\/uploads\/2025\/09\/FLASHCARD-600x900.png",600,900,true],"post_slider_layout_square":["https:\/\/tarihkursu.com\/wp-content\/uploads\/2025\/09\/FLASHCARD-600x600.png",600,600,true],"full":["https:\/\/tarihkursu.com\/wp-content\/uploads\/2025\/09\/FLASHCARD.png",1920,1080,false]},"yoast_head":"<!-- This site is optimized with the Yoast SEO plugin v28.3 - https:\/\/yoast.com\/product\/yoast-seo-wordpress\/ -->\n<title>#2 Eski \u00c7a\u011f\u2019da Y\u00f6netenler ve Sava\u015fanlar Haz\u0131rl\u0131k Soru-Cevap (flashcart) - tarihkursu.com<\/title>\n<meta name=\"description\" content=\"Eski \u00c7a\u011f Medeniyetleri\u00a0\u00fcnitesinin\u00a0i\u00e7inde yer alan\u00a0Eski \u00c7a\u011f\u2019da Y\u00f6netenler ve Sava\u015fanlar yaz\u0131l\u0131ya haz\u0131rl\u0131k\u00a0\u00e7al\u0131\u015fmam\u0131z\u0131 payla\u015f\u0131yoruz.\" \/>\n<meta name=\"robots\" content=\"index, follow, max-snippet:-1, max-image-preview:large, max-video-preview:-1\" \/>\n<link rel=\"canonical\" href=\"https:\/\/tarihkursu.com\/index.php\/2025\/12\/12\/2-eski-cagda-yonetenler-ve-savasanlar-hazirlik-soru-cevap-flashcart\/\" \/>\n<meta property=\"og:locale\" content=\"tr_TR\" \/>\n<meta property=\"og:type\" content=\"article\" \/>\n<meta property=\"og:title\" content=\"#2 Eski \u00c7a\u011f\u2019da Y\u00f6netenler ve Sava\u015fanlar Haz\u0131rl\u0131k Soru-Cevap (flashcart) - tarihkursu.com\" \/>\n<meta property=\"og:description\" content=\"Eski \u00c7a\u011f Medeniyetleri\u00a0\u00fcnitesinin\u00a0i\u00e7inde yer alan\u00a0Eski \u00c7a\u011f\u2019da Y\u00f6netenler ve Sava\u015fanlar yaz\u0131l\u0131ya haz\u0131rl\u0131k\u00a0\u00e7al\u0131\u015fmam\u0131z\u0131 payla\u015f\u0131yoruz.\" \/>\n<meta property=\"og:url\" content=\"https:\/\/tarihkursu.com\/index.php\/2025\/12\/12\/2-eski-cagda-yonetenler-ve-savasanlar-hazirlik-soru-cevap-flashcart\/\" \/>\n<meta property=\"og:site_name\" content=\"tarihkursu.com\" \/>\n<meta property=\"article:published_time\" content=\"2025-12-12T12:43:14+00:00\" \/>\n<meta property=\"og:image\" content=\"https:\/\/tarihkursu.com\/wp-content\/uploads\/2025\/09\/FLASHCARD.png\" \/>\n\t<meta property=\"og:image:width\" content=\"1920\" \/>\n\t<meta property=\"og:image:height\" content=\"1080\" \/>\n\t<meta property=\"og:image:type\" content=\"image\/png\" \/>\n<meta name=\"author\" content=\"tarihkursu\" \/>\n<meta name=\"twitter:card\" content=\"summary_large_image\" \/>\n<meta name=\"twitter:label1\" content=\"Yazan:\" \/>\n\t<meta name=\"twitter:data1\" content=\"tarihkursu\" \/>\n\t<meta name=\"twitter:label2\" content=\"Tahmini okuma s\u00fcresi\" \/>\n\t<meta name=\"twitter:data2\" content=\"2 dakika\" \/>\n<script type=\"application\/ld+json\" class=\"yoast-schema-graph\">{\"@context\":\"https:\\\/\\\/schema.org\",\"@graph\":[{\"@type\":\"Article\",\"@id\":\"https:\\\/\\\/tarihkursu.com\\\/index.php\\\/2025\\\/12\\\/12\\\/2-eski-cagda-yonetenler-ve-savasanlar-hazirlik-soru-cevap-flashcart\\\/#article\",\"isPartOf\":{\"@id\":\"https:\\\/\\\/tarihkursu.com\\\/index.php\\\/2025\\\/12\\\/12\\\/2-eski-cagda-yonetenler-ve-savasanlar-hazirlik-soru-cevap-flashcart\\\/\"},\"author\":{\"name\":\"tarihkursu\",\"@id\":\"https:\\\/\\\/tarihkursu.com\\\/#\\\/schema\\\/person\\\/d0f9105e31352dbe9f08d098ffb8c878\"},\"headline\":\"#2 Eski \u00c7a\u011f\u2019da Y\u00f6netenler ve Sava\u015fanlar Haz\u0131rl\u0131k Soru-Cevap (flashcart)\",\"datePublished\":\"2025-12-12T12:43:14+00:00\",\"mainEntityOfPage\":{\"@id\":\"https:\\\/\\\/tarihkursu.com\\\/index.php\\\/2025\\\/12\\\/12\\\/2-eski-cagda-yonetenler-ve-savasanlar-hazirlik-soru-cevap-flashcart\\\/\"},\"wordCount\":221,\"commentCount\":0,\"publisher\":{\"@id\":\"https:\\\/\\\/tarihkursu.com\\\/#\\\/schema\\\/person\\\/4d7bdc3b79e9f5198455474c0f203f3c\"},\"image\":{\"@id\":\"https:\\\/\\\/tarihkursu.com\\\/index.php\\\/2025\\\/12\\\/12\\\/2-eski-cagda-yonetenler-ve-savasanlar-hazirlik-soru-cevap-flashcart\\\/#primaryimage\"},\"thumbnailUrl\":\"https:\\\/\\\/tarihkursu.com\\\/wp-content\\\/uploads\\\/2025\\\/09\\\/FLASHCARD.png\",\"keywords\":[\"9. s\u0131n\u0131f tarih flashcard\",\"9. s\u0131n\u0131f tarih soru-cevap\",\"9.s\u0131n\u0131f tarih\"],\"articleSection\":[\"9. S\u0131n\u0131f\",\"9. S\u0131n\u0131f Tarih SORU-CEVAP\"],\"inLanguage\":\"tr\",\"potentialAction\":[{\"@type\":\"CommentAction\",\"name\":\"Comment\",\"target\":[\"https:\\\/\\\/tarihkursu.com\\\/index.php\\\/2025\\\/12\\\/12\\\/2-eski-cagda-yonetenler-ve-savasanlar-hazirlik-soru-cevap-flashcart\\\/#respond\"]}]},{\"@type\":\"WebPage\",\"@id\":\"https:\\\/\\\/tarihkursu.com\\\/index.php\\\/2025\\\/12\\\/12\\\/2-eski-cagda-yonetenler-ve-savasanlar-hazirlik-soru-cevap-flashcart\\\/\",\"url\":\"https:\\\/\\\/tarihkursu.com\\\/index.php\\\/2025\\\/12\\\/12\\\/2-eski-cagda-yonetenler-ve-savasanlar-hazirlik-soru-cevap-flashcart\\\/\",\"name\":\"#2 Eski \u00c7a\u011f\u2019da Y\u00f6netenler ve Sava\u015fanlar Haz\u0131rl\u0131k Soru-Cevap (flashcart) - tarihkursu.com\",\"isPartOf\":{\"@id\":\"https:\\\/\\\/tarihkursu.com\\\/#website\"},\"primaryImageOfPage\":{\"@id\":\"https:\\\/\\\/tarihkursu.com\\\/index.php\\\/2025\\\/12\\\/12\\\/2-eski-cagda-yonetenler-ve-savasanlar-hazirlik-soru-cevap-flashcart\\\/#primaryimage\"},\"image\":{\"@id\":\"https:\\\/\\\/tarihkursu.com\\\/index.php\\\/2025\\\/12\\\/12\\\/2-eski-cagda-yonetenler-ve-savasanlar-hazirlik-soru-cevap-flashcart\\\/#primaryimage\"},\"thumbnailUrl\":\"https:\\\/\\\/tarihkursu.com\\\/wp-content\\\/uploads\\\/2025\\\/09\\\/FLASHCARD.png\",\"datePublished\":\"2025-12-12T12:43:14+00:00\",\"description\":\"Eski \u00c7a\u011f Medeniyetleri\u00a0\u00fcnitesinin\u00a0i\u00e7inde yer alan\u00a0Eski \u00c7a\u011f\u2019da Y\u00f6netenler ve Sava\u015fanlar yaz\u0131l\u0131ya haz\u0131rl\u0131k\u00a0\u00e7al\u0131\u015fmam\u0131z\u0131 payla\u015f\u0131yoruz.\",\"breadcrumb\":{\"@id\":\"https:\\\/\\\/tarihkursu.com\\\/index.php\\\/2025\\\/12\\\/12\\\/2-eski-cagda-yonetenler-ve-savasanlar-hazirlik-soru-cevap-flashcart\\\/#breadcrumb\"},\"inLanguage\":\"tr\",\"potentialAction\":[{\"@type\":\"ReadAction\",\"target\":[\"https:\\\/\\\/tarihkursu.com\\\/index.php\\\/2025\\\/12\\\/12\\\/2-eski-cagda-yonetenler-ve-savasanlar-hazirlik-soru-cevap-flashcart\\\/\"]}]},{\"@type\":\"ImageObject\",\"inLanguage\":\"tr\",\"@id\":\"https:\\\/\\\/tarihkursu.com\\\/index.php\\\/2025\\\/12\\\/12\\\/2-eski-cagda-yonetenler-ve-savasanlar-hazirlik-soru-cevap-flashcart\\\/#primaryimage\",\"url\":\"https:\\\/\\\/tarihkursu.com\\\/wp-content\\\/uploads\\\/2025\\\/09\\\/FLASHCARD.png\",\"contentUrl\":\"https:\\\/\\\/tarihkursu.com\\\/wp-content\\\/uploads\\\/2025\\\/09\\\/FLASHCARD.png\",\"width\":1920,\"height\":1080},{\"@type\":\"BreadcrumbList\",\"@id\":\"https:\\\/\\\/tarihkursu.com\\\/index.php\\\/2025\\\/12\\\/12\\\/2-eski-cagda-yonetenler-ve-savasanlar-hazirlik-soru-cevap-flashcart\\\/#breadcrumb\",\"itemListElement\":[{\"@type\":\"ListItem\",\"position\":1,\"name\":\"Anasayfa\",\"item\":\"https:\\\/\\\/tarihkursu.com\\\/\"},{\"@type\":\"ListItem\",\"position\":2,\"name\":\"#2 Eski \u00c7a\u011f\u2019da Y\u00f6netenler ve Sava\u015fanlar Haz\u0131rl\u0131k Soru-Cevap (flashcart)\"}]},{\"@type\":\"WebSite\",\"@id\":\"https:\\\/\\\/tarihkursu.com\\\/#website\",\"url\":\"https:\\\/\\\/tarihkursu.com\\\/\",\"name\":\"Tarih Kursu\",\"description\":\"\u0130\u015fimiz G\u00fcc\u00fcm\u00fcz Tarih\",\"publisher\":{\"@id\":\"https:\\\/\\\/tarihkursu.com\\\/#\\\/schema\\\/person\\\/4d7bdc3b79e9f5198455474c0f203f3c\"},\"potentialAction\":[{\"@type\":\"SearchAction\",\"target\":{\"@type\":\"EntryPoint\",\"urlTemplate\":\"https:\\\/\\\/tarihkursu.com\\\/?s={search_term_string}\"},\"query-input\":{\"@type\":\"PropertyValueSpecification\",\"valueRequired\":true,\"valueName\":\"search_term_string\"}}],\"inLanguage\":\"tr\"},{\"@type\":[\"Person\",\"Organization\"],\"@id\":\"https:\\\/\\\/tarihkursu.com\\\/#\\\/schema\\\/person\\\/4d7bdc3b79e9f5198455474c0f203f3c\",\"name\":\"admin\",\"image\":{\"@type\":\"ImageObject\",\"inLanguage\":\"tr\",\"@id\":\"https:\\\/\\\/tarihkursu.com\\\/wp-content\\\/uploads\\\/2024\\\/10\\\/TARIHKURSU-Kopyasi.png\",\"url\":\"https:\\\/\\\/tarihkursu.com\\\/wp-content\\\/uploads\\\/2024\\\/10\\\/TARIHKURSU-Kopyasi.png\",\"contentUrl\":\"https:\\\/\\\/tarihkursu.com\\\/wp-content\\\/uploads\\\/2024\\\/10\\\/TARIHKURSU-Kopyasi.png\",\"width\":1080,\"height\":1080,\"caption\":\"admin\"},\"logo\":{\"@id\":\"https:\\\/\\\/tarihkursu.com\\\/wp-content\\\/uploads\\\/2024\\\/10\\\/TARIHKURSU-Kopyasi.png\"},\"sameAs\":[\"https:\\\/\\\/tarihkursu.com\"]},{\"@type\":\"Person\",\"@id\":\"https:\\\/\\\/tarihkursu.com\\\/#\\\/schema\\\/person\\\/d0f9105e31352dbe9f08d098ffb8c878\",\"name\":\"tarihkursu\",\"image\":{\"@type\":\"ImageObject\",\"inLanguage\":\"tr\",\"@id\":\"https:\\\/\\\/secure.gravatar.com\\\/avatar\\\/1354763acbc865faa7650c3e1e4431f187276d71f132349411302a546cdeae54?s=96&d=mm&r=g\",\"url\":\"https:\\\/\\\/secure.gravatar.com\\\/avatar\\\/1354763acbc865faa7650c3e1e4431f187276d71f132349411302a546cdeae54?s=96&d=mm&r=g\",\"contentUrl\":\"https:\\\/\\\/secure.gravatar.com\\\/avatar\\\/1354763acbc865faa7650c3e1e4431f187276d71f132349411302a546cdeae54?s=96&d=mm&r=g\",\"caption\":\"tarihkursu\"},\"url\":\"https:\\\/\\\/tarihkursu.com\\\/index.php\\\/author\\\/tarihkursu\\\/\"}]}<\/script>\n<!-- \/ Yoast SEO plugin. -->","yoast_head_json":{"title":"#2 Eski \u00c7a\u011f\u2019da Y\u00f6netenler ve Sava\u015fanlar Haz\u0131rl\u0131k Soru-Cevap (flashcart) - tarihkursu.com","description":"Eski \u00c7a\u011f Medeniyetleri\u00a0\u00fcnitesinin\u00a0i\u00e7inde yer alan\u00a0Eski \u00c7a\u011f\u2019da Y\u00f6netenler ve Sava\u015fanlar yaz\u0131l\u0131ya haz\u0131rl\u0131k\u00a0\u00e7al\u0131\u015fmam\u0131z\u0131 payla\u015f\u0131yoruz.","robots":{"index":"index","follow":"follow","max-snippet":"max-snippet:-1","max-image-preview":"max-image-preview:large","max-video-preview":"max-video-preview:-1"},"canonical":"https:\/\/tarihkursu.com\/index.php\/2025\/12\/12\/2-eski-cagda-yonetenler-ve-savasanlar-hazirlik-soru-cevap-flashcart\/","og_locale":"tr_TR","og_type":"article","og_title":"#2 Eski \u00c7a\u011f\u2019da Y\u00f6netenler ve Sava\u015fanlar Haz\u0131rl\u0131k Soru-Cevap (flashcart) - tarihkursu.com","og_description":"Eski \u00c7a\u011f Medeniyetleri\u00a0\u00fcnitesinin\u00a0i\u00e7inde yer alan\u00a0Eski \u00c7a\u011f\u2019da Y\u00f6netenler ve Sava\u015fanlar yaz\u0131l\u0131ya haz\u0131rl\u0131k\u00a0\u00e7al\u0131\u015fmam\u0131z\u0131 payla\u015f\u0131yoruz.","og_url":"https:\/\/tarihkursu.com\/index.php\/2025\/12\/12\/2-eski-cagda-yonetenler-ve-savasanlar-hazirlik-soru-cevap-flashcart\/","og_site_name":"tarihkursu.com","article_published_time":"2025-12-12T12:43:14+00:00","og_image":[{"width":1920,"height":1080,"url":"https:\/\/tarihkursu.com\/wp-content\/uploads\/2025\/09\/FLASHCARD.png","type":"image\/png"}],"author":"tarihkursu","twitter_card":"summary_large_image","twitter_misc":{"Yazan:":"tarihkursu","Tahmini okuma s\u00fcresi":"2 dakika"},"schema":{"@context":"https:\/\/schema.org","@graph":[{"@type":"Article","@id":"https:\/\/tarihkursu.com\/index.php\/2025\/12\/12\/2-eski-cagda-yonetenler-ve-savasanlar-hazirlik-soru-cevap-flashcart\/#article","isPartOf":{"@id":"https:\/\/tarihkursu.com\/index.php\/2025\/12\/12\/2-eski-cagda-yonetenler-ve-savasanlar-hazirlik-soru-cevap-flashcart\/"},"author":{"name":"tarihkursu","@id":"https:\/\/tarihkursu.com\/#\/schema\/person\/d0f9105e31352dbe9f08d098ffb8c878"},"headline":"#2 Eski \u00c7a\u011f\u2019da Y\u00f6netenler ve Sava\u015fanlar Haz\u0131rl\u0131k Soru-Cevap (flashcart)","datePublished":"2025-12-12T12:43:14+00:00","mainEntityOfPage":{"@id":"https:\/\/tarihkursu.com\/index.php\/2025\/12\/12\/2-eski-cagda-yonetenler-ve-savasanlar-hazirlik-soru-cevap-flashcart\/"},"wordCount":221,"commentCount":0,"publisher":{"@id":"https:\/\/tarihkursu.com\/#\/schema\/person\/4d7bdc3b79e9f5198455474c0f203f3c"},"image":{"@id":"https:\/\/tarihkursu.com\/index.php\/2025\/12\/12\/2-eski-cagda-yonetenler-ve-savasanlar-hazirlik-soru-cevap-flashcart\/#primaryimage"},"thumbnailUrl":"https:\/\/tarihkursu.com\/wp-content\/uploads\/2025\/09\/FLASHCARD.png","keywords":["9. s\u0131n\u0131f tarih flashcard","9. s\u0131n\u0131f tarih soru-cevap","9.s\u0131n\u0131f tarih"],"articleSection":["9. S\u0131n\u0131f","9. S\u0131n\u0131f Tarih SORU-CEVAP"],"inLanguage":"tr","potentialAction":[{"@type":"CommentAction","name":"Comment","target":["https:\/\/tarihkursu.com\/index.php\/2025\/12\/12\/2-eski-cagda-yonetenler-ve-savasanlar-hazirlik-soru-cevap-flashcart\/#respond"]}]},{"@type":"WebPage","@id":"https:\/\/tarihkursu.com\/index.php\/2025\/12\/12\/2-eski-cagda-yonetenler-ve-savasanlar-hazirlik-soru-cevap-flashcart\/","url":"https:\/\/tarihkursu.com\/index.php\/2025\/12\/12\/2-eski-cagda-yonetenler-ve-savasanlar-hazirlik-soru-cevap-flashcart\/","name":"#2 Eski \u00c7a\u011f\u2019da Y\u00f6netenler ve Sava\u015fanlar Haz\u0131rl\u0131k Soru-Cevap (flashcart) - tarihkursu.com","isPartOf":{"@id":"https:\/\/tarihkursu.com\/#website"},"primaryImageOfPage":{"@id":"https:\/\/tarihkursu.com\/index.php\/2025\/12\/12\/2-eski-cagda-yonetenler-ve-savasanlar-hazirlik-soru-cevap-flashcart\/#primaryimage"},"image":{"@id":"https:\/\/tarihkursu.com\/index.php\/2025\/12\/12\/2-eski-cagda-yonetenler-ve-savasanlar-hazirlik-soru-cevap-flashcart\/#primaryimage"},"thumbnailUrl":"https:\/\/tarihkursu.com\/wp-content\/uploads\/2025\/09\/FLASHCARD.png","datePublished":"2025-12-12T12:43:14+00:00","description":"Eski \u00c7a\u011f Medeniyetleri\u00a0\u00fcnitesinin\u00a0i\u00e7inde yer alan\u00a0Eski \u00c7a\u011f\u2019da Y\u00f6netenler ve Sava\u015fanlar yaz\u0131l\u0131ya haz\u0131rl\u0131k\u00a0\u00e7al\u0131\u015fmam\u0131z\u0131 payla\u015f\u0131yoruz.","breadcrumb":{"@id":"https:\/\/tarihkursu.com\/index.php\/2025\/12\/12\/2-eski-cagda-yonetenler-ve-savasanlar-hazirlik-soru-cevap-flashcart\/#breadcrumb"},"inLanguage":"tr","potentialAction":[{"@type":"ReadAction","target":["https:\/\/tarihkursu.com\/index.php\/2025\/12\/12\/2-eski-cagda-yonetenler-ve-savasanlar-hazirlik-soru-cevap-flashcart\/"]}]},{"@type":"ImageObject","inLanguage":"tr","@id":"https:\/\/tarihkursu.com\/index.php\/2025\/12\/12\/2-eski-cagda-yonetenler-ve-savasanlar-hazirlik-soru-cevap-flashcart\/#primaryimage","url":"https:\/\/tarihkursu.com\/wp-content\/uploads\/2025\/09\/FLASHCARD.png","contentUrl":"https:\/\/tarihkursu.com\/wp-content\/uploads\/2025\/09\/FLASHCARD.png","width":1920,"height":1080},{"@type":"BreadcrumbList","@id":"https:\/\/tarihkursu.com\/index.php\/2025\/12\/12\/2-eski-cagda-yonetenler-ve-savasanlar-hazirlik-soru-cevap-flashcart\/#breadcrumb","itemListElement":[{"@type":"ListItem","position":1,"name":"Anasayfa","item":"https:\/\/tarihkursu.com\/"},{"@type":"ListItem","position":2,"name":"#2 Eski \u00c7a\u011f\u2019da Y\u00f6netenler ve Sava\u015fanlar Haz\u0131rl\u0131k Soru-Cevap (flashcart)"}]},{"@type":"WebSite","@id":"https:\/\/tarihkursu.com\/#website","url":"https:\/\/tarihkursu.com\/","name":"Tarih Kursu","description":"\u0130\u015fimiz G\u00fcc\u00fcm\u00fcz Tarih","publisher":{"@id":"https:\/\/tarihkursu.com\/#\/schema\/person\/4d7bdc3b79e9f5198455474c0f203f3c"},"potentialAction":[{"@type":"SearchAction","target":{"@type":"EntryPoint","urlTemplate":"https:\/\/tarihkursu.com\/?s={search_term_string}"},"query-input":{"@type":"PropertyValueSpecification","valueRequired":true,"valueName":"search_term_string"}}],"inLanguage":"tr"},{"@type":["Person","Organization"],"@id":"https:\/\/tarihkursu.com\/#\/schema\/person\/4d7bdc3b79e9f5198455474c0f203f3c","name":"admin","image":{"@type":"ImageObject","inLanguage":"tr","@id":"https:\/\/tarihkursu.com\/wp-content\/uploads\/2024\/10\/TARIHKURSU-Kopyasi.png","url":"https:\/\/tarihkursu.com\/wp-content\/uploads\/2024\/10\/TARIHKURSU-Kopyasi.png","contentUrl":"https:\/\/tarihkursu.com\/wp-content\/uploads\/2024\/10\/TARIHKURSU-Kopyasi.png","width":1080,"height":1080,"caption":"admin"},"logo":{"@id":"https:\/\/tarihkursu.com\/wp-content\/uploads\/2024\/10\/TARIHKURSU-Kopyasi.png"},"sameAs":["https:\/\/tarihkursu.com"]},{"@type":"Person","@id":"https:\/\/tarihkursu.com\/#\/schema\/person\/d0f9105e31352dbe9f08d098ffb8c878","name":"tarihkursu","image":{"@type":"ImageObject","inLanguage":"tr","@id":"https:\/\/secure.gravatar.com\/avatar\/1354763acbc865faa7650c3e1e4431f187276d71f132349411302a546cdeae54?s=96&d=mm&r=g","url":"https:\/\/secure.gravatar.com\/avatar\/1354763acbc865faa7650c3e1e4431f187276d71f132349411302a546cdeae54?s=96&d=mm&r=g","contentUrl":"https:\/\/secure.gravatar.com\/avatar\/1354763acbc865faa7650c3e1e4431f187276d71f132349411302a546cdeae54?s=96&d=mm&r=g","caption":"tarihkursu"},"url":"https:\/\/tarihkursu.com\/index.php\/author\/tarihkursu\/"}]}},"_links":{"self":[{"href":"https:\/\/tarihkursu.com\/index.php\/wp-json\/wp\/v2\/posts\/3126","targetHints":{"allow":["GET"]}}],"collection":[{"href":"https:\/\/tarihkursu.com\/index.php\/wp-json\/wp\/v2\/posts"}],"about":[{"href":"https:\/\/tarihkursu.com\/index.php\/wp-json\/wp\/v2\/types\/post"}],"author":[{"embeddable":true,"href":"https:\/\/tarihkursu.com\/index.php\/wp-json\/wp\/v2\/users\/2"}],"replies":[{"embeddable":true,"href":"https:\/\/tarihkursu.com\/index.php\/wp-json\/wp\/v2\/comments?post=3126"}],"version-history":[{"count":3,"href":"https:\/\/tarihkursu.com\/index.php\/wp-json\/wp\/v2\/posts\/3126\/revisions"}],"predecessor-version":[{"id":3129,"href":"https:\/\/tarihkursu.com\/index.php\/wp-json\/wp\/v2\/posts\/3126\/revisions\/3129"}],"wp:featuredmedia":[{"embeddable":true,"href":"https:\/\/tarihkursu.com\/index.php\/wp-json\/wp\/v2\/media\/2819"}],"wp:attachment":[{"href":"https:\/\/tarihkursu.com\/index.php\/wp-json\/wp\/v2\/media?parent=3126"}],"wp:term":[{"taxonomy":"category","embeddable":true,"href":"https:\/\/tarihkursu.com\/index.php\/wp-json\/wp\/v2\/categories?post=3126"},{"taxonomy":"post_tag","embeddable":true,"href":"https:\/\/tarihkursu.com\/index.php\/wp-json\/wp\/v2\/tags?post=3126"}],"curies":[{"name":"wp","href":"https:\/\/api.w.org\/{rel}","templated":true}]}}