{"id":3139,"date":"2026-03-09T12:10:00","date_gmt":"2026-03-09T09:10:00","guid":{"rendered":"https:\/\/tarihkursu.com\/?p=3139"},"modified":"2025-11-17T08:14:47","modified_gmt":"2025-11-17T05:14:47","slug":"orta-cagdaki-kitlesel-gocler-yaziliya-hazirlik-soru-cevap-flashcart","status":"publish","type":"post","link":"https:\/\/tarihkursu.com\/index.php\/2026\/03\/09\/orta-cagdaki-kitlesel-gocler-yaziliya-hazirlik-soru-cevap-flashcart\/","title":{"rendered":"Orta \u00c7a\u011f\u2019daki Kitlesel G\u00f6\u00e7ler Yaz\u0131l\u0131ya Haz\u0131rl\u0131k Soru-Cevap (flashcart)"},"content":{"rendered":"\n<p class=\"wp-block-paragraph\">Bu yaz\u0131m\u0131zda g\u00fcncel m\u00fcfredata g\u00f6re haz\u0131rlad\u0131\u011f\u0131m\u0131z&nbsp;<strong>9. s\u0131n\u0131f tarih dersi 3. \u00fcnitesi&nbsp;<\/strong>olan&nbsp;<strong>Orta \u00c7a\u011f Medeniyetleri&nbsp;<\/strong>\u00fcnitesinin&nbsp;i\u00e7inde yer alan&nbsp;<a><strong>Orta \u00c7a\u011f\u2019daki Kitlesel G\u00f6\u00e7ler<\/strong><\/a><strong> yaz\u0131l\u0131ya haz\u0131rl\u0131k&nbsp;<\/strong>\u00e7al\u0131\u015fmam\u0131z\u0131 payla\u015f\u0131yoruz.&nbsp;<strong>Orta \u00c7a\u011f\u2019daki Kitlesel G\u00f6\u00e7ler online soru-cevap<\/strong>&nbsp;\u00e7al\u0131\u015fmam\u0131z sayesinde <strong>tarih dersi yaz\u0131l\u0131lar\u0131<\/strong>na tam olarak haz\u0131rlanacaks\u0131n\u0131z.&nbsp;<strong>9. s\u0131n\u0131f tarih yaz\u0131l\u0131<\/strong>ya haz\u0131rl\u0131k \u00e7al\u0131\u015fmalar\u0131m\u0131z sayesinde derslerde daha ba\u015far\u0131l\u0131 olacaks\u0131n\u0131z.&nbsp;<strong>Maarif modeline&nbsp;<\/strong>uygun olarak haz\u0131rlad\u0131\u011f\u0131m\u0131z&nbsp;<strong>Orta \u00c7a\u011f\u2019daki Kitlesel G\u00f6\u00e7ler flash cart<\/strong>&nbsp;\u00e7al\u0131\u015fmam\u0131z a\u015fa\u011f\u0131daki konular\u0131 kapsamaktad\u0131r.<\/p>\n\n\n\n<p class=\"wp-block-paragraph\">Ders:&nbsp;<strong>9. s\u0131n\u0131f tarih<\/strong>&nbsp;<strong>kart\u0131<\/strong><\/p>\n\n\n\n<p class=\"wp-block-paragraph\">\u00dcnite: 9. s\u0131n\u0131f tarih 2. \u00dcnite:&nbsp;<strong>Orta \u00c7a\u011f Medeniyetleri tarih kart\u0131<\/strong><\/p>\n\n\n\n<p class=\"wp-block-paragraph\">\u00d6\u011frenme \u00c7\u0131kt\u0131s\u0131\/ kazan\u0131m:&nbsp;<strong>Orta \u00c7a\u011f\u2019daki Kitlesel G\u00f6\u00e7ler tarih yaz\u0131l\u0131&nbsp;soru-cevap<\/strong> \u0130lgili yaz\u0131l\u0131:<strong> 9. s\u0131n\u0131f tarih dersi 2. d\u00f6nem 1. Yaz\u0131l\u0131<\/strong><\/p>\n\n\n\n<p class=\"wp-block-paragraph\"><\/p>\n\n\n\n<!DOCTYPE html>\n<html lang=\"tr\">\n<head>\n    <meta charset=\"UTF-8\">\n    <meta name=\"viewport\" content=\"width=device-width, initial-scale=1.0\">\n    <title>Orta \u00c7a\u011f&#8217;daki Kitlesel G\u00f6\u00e7ler &#8211; Flashkart Seti<\/title>\n    <link rel=\"stylesheet\" href=\"https:\/\/cdnjs.cloudflare.com\/ajax\/libs\/font-awesome\/6.4.0\/css\/all.min.css\">\n    <style>\n        \/* WordPress uyumlu izole stil - Prefix: flashcard-wp *\/\n        .flashcard-wp-wrapper {\n            margin: 0 !important;\n            padding: 0 !important;\n            box-sizing: border-box !important;\n            font-family: 'Segoe UI', Tahoma, Geneva, Verdana, sans-serif !important;\n            background: #ffffff !important;\n            width: 100% !important;\n            max-width: 100% !important;\n        }\n\n        .flashcard-wp-wrapper * {\n            box-sizing: border-box !important;\n        }\n\n        .flashcard-wp-container {\n            max-width: 700px !important;\n            width: 100% !important;\n            margin: 40px auto !important;\n            padding: 20px !important;\n        }\n\n        .flashcard-wp-header {\n            text-align: center !important;\n            margin-bottom: 30px !important;\n        }\n\n        .flashcard-wp-header h1 {\n            color: #2c3e50 !important;\n            font-size: 1.8rem !important;\n            margin: 0 0 10px 0 !important;\n            padding: 0 !important;\n            line-height: 1.4 !important;\n            font-weight: 700 !important;\n        }\n\n        .flashcard-wp-progress-bar {\n            background: #e0e0e0 !important;\n            height: 8px !important;\n            border-radius: 10px !important;\n            overflow: hidden !important;\n            margin-top: 15px !important;\n            width: 100% !important;\n        }\n\n        .flashcard-wp-progress-fill {\n            background: linear-gradient(90deg, #667eea 0%, #764ba2 100%) !important;\n            height: 100% !important;\n            transition: width 0.3s ease !important;\n            width: 0% !important;\n        }\n\n        .flashcard-wp-card-counter {\n            color: #666 !important;\n            font-size: 1rem !important;\n            margin-top: 10px !important;\n        }\n\n        .flashcard-wp-flip-card-container {\n            perspective: 1000px !important;\n            height: 450px !important;\n            margin-bottom: 30px !important;\n            position: relative !important;\n        }\n\n        .flashcard-wp-flip-card {\n            position: relative !important;\n            width: 100% !important;\n            height: 100% !important;\n            transition: transform 0.6s !important;\n            transform-style: preserve-3d !important;\n            cursor: pointer !important;\n        }\n\n        .flashcard-wp-flip-card.flashcard-wp-flipped {\n            transform: rotateY(180deg) !important;\n        }\n\n        .flashcard-wp-card-face {\n            position: absolute !important;\n            width: 100% !important;\n            height: 100% !important;\n            backface-visibility: hidden !important;\n            -webkit-backface-visibility: hidden !important;\n            border-radius: 20px !important;\n            padding: 40px !important;\n            display: flex !important;\n            flex-direction: column !important;\n            justify-content: center !important;\n            align-items: center !important;\n            text-align: center !important;\n            box-shadow: 0 10px 40px rgba(0,0,0,0.15) !important;\n        }\n\n        .flashcard-wp-card-front {\n            background: linear-gradient(135deg, #667eea 0%, #764ba2 100%) !important;\n            color: white !important;\n        }\n\n        .flashcard-wp-card-back {\n            background: linear-gradient(135deg, #f093fb 0%, #f5576c 100%) !important;\n            color: white !important;\n            transform: rotateY(180deg) !important;\n        }\n\n        .flashcard-wp-card-icon {\n            font-size: 3rem !important;\n            margin-bottom: 25px !important;\n            line-height: 1 !important;\n        }\n\n        .flashcard-wp-card-content {\n            font-size: 1.3rem !important;\n            line-height: 1.6 !important;\n            font-weight: 500 !important;\n            color: white !important;\n        }\n\n        .flashcard-wp-flip-hint {\n            margin-top: 20px !important;\n            font-size: 0.95rem !important;\n            opacity: 0.9 !important;\n            font-style: italic !important;\n            display: flex !important;\n            align-items: center !important;\n            justify-content: center !important;\n            gap: 8px !important;\n            color: white !important;\n        }\n\n        .flashcard-wp-answer-content {\n            font-size: 1.2rem !important;\n            line-height: 1.7 !important;\n            text-align: left !important;\n            width: 100% !important;\n            color: white !important;\n        }\n\n        .flashcard-wp-answer-content ul {\n            list-style: none !important;\n            padding-left: 0 !important;\n            margin: 0 !important;\n        }\n\n        .flashcard-wp-answer-content li {\n            margin: 10px 0 !important;\n            padding-left: 25px !important;\n            position: relative !important;\n            color: white !important;\n        }\n\n        .flashcard-wp-answer-content li:before {\n            content: \"\u25b8\" !important;\n            position: absolute !important;\n            left: 0 !important;\n            font-weight: bold !important;\n        }\n\n        .flashcard-wp-controls {\n            display: flex !important;\n            gap: 15px !important;\n            justify-content: center !important;\n            flex-wrap: wrap !important;\n            margin-top: 20px !important;\n        }\n\n        .flashcard-wp-btn {\n            padding: 15px 30px !important;\n            font-size: 1.1rem !important;\n            border: none !important;\n            border-radius: 12px !important;\n            cursor: pointer !important;\n            transition: all 0.3s ease !important;\n            font-weight: 600 !important;\n            display: inline-flex !important;\n            align-items: center !important;\n            gap: 10px !important;\n            box-shadow: 0 4px 15px rgba(0,0,0,0.1) !important;\n            text-decoration: none !important;\n            line-height: 1 !important;\n        }\n\n        .flashcard-wp-btn:hover {\n            transform: translateY(-2px) !important;\n            box-shadow: 0 6px 20px rgba(0,0,0,0.15) !important;\n            text-decoration: none !important;\n        }\n\n        .flashcard-wp-btn:active {\n            transform: translateY(0) !important;\n        }\n\n        .flashcard-wp-btn-prev {\n            background: linear-gradient(135deg, #667eea 0%, #764ba2 100%) !important;\n            color: white !important;\n        }\n\n        .flashcard-wp-btn-flip {\n            background: linear-gradient(135deg, #f093fb 0%, #f5576c 100%) !important;\n            color: white !important;\n            font-size: 1.15rem !important;\n            padding: 18px 40px !important;\n        }\n\n        .flashcard-wp-btn-next {\n            background: linear-gradient(135deg, #667eea 0%, #764ba2 100%) !important;\n            color: white !important;\n        }\n\n        .flashcard-wp-btn:disabled {\n            opacity: 0.5 !important;\n            cursor: not-allowed !important;\n        }\n\n        .flashcard-wp-btn:disabled:hover {\n            transform: none !important;\n        }\n\n        @media (max-width: 768px) {\n            .flashcard-wp-header h1 {\n                font-size: 1.4rem !important;\n            }\n\n            .flashcard-wp-flip-card-container {\n                height: 400px !important;\n            }\n\n            .flashcard-wp-card-face {\n                padding: 30px 25px !important;\n            }\n\n            .flashcard-wp-card-icon {\n                font-size: 2.5rem !important;\n                margin-bottom: 20px !important;\n            }\n\n            .flashcard-wp-card-content {\n                font-size: 1.1rem !important;\n            }\n\n            .flashcard-wp-answer-content {\n                font-size: 1rem !important;\n            }\n\n            .flashcard-wp-flip-hint {\n                font-size: 0.85rem !important;\n            }\n\n            .flashcard-wp-btn {\n                padding: 12px 20px !important;\n                font-size: 1rem !important;\n            }\n\n            .flashcard-wp-btn-flip {\n                font-size: 1.05rem !important;\n                padding: 15px 30px !important;\n            }\n        }\n\n        @media (max-width: 480px) {\n            .flashcard-wp-flip-card-container {\n                height: 450px !important;\n            }\n\n            .flashcard-wp-card-face {\n                padding: 25px 20px !important;\n            }\n\n            .flashcard-wp-card-content {\n                font-size: 1rem !important;\n            }\n\n            .flashcard-wp-answer-content {\n                font-size: 0.95rem !important;\n            }\n\n            .flashcard-wp-controls {\n                gap: 10px !important;\n            }\n        }\n    <\/style>\n<\/head>\n<body>\n    <div class=\"flashcard-wp-wrapper\">\n        <div class=\"flashcard-wp-container\">\n            <div class=\"flashcard-wp-header\">\n                <h1>\ud83d\udcda Orta \u00c7a\u011f&#8217;daki Kitlesel G\u00f6\u00e7ler<\/h1>\n                <div class=\"flashcard-wp-card-counter\">\n                    <span id=\"flashcard-wp-currentCard\">1<\/span> \/ <span id=\"flashcard-wp-totalCards\">0<\/span>\n                <\/div>\n                <div class=\"flashcard-wp-progress-bar\">\n                    <div class=\"flashcard-wp-progress-fill\" id=\"flashcard-wp-progressFill\"><\/div>\n                <\/div>\n            <\/div>\n\n            <div class=\"flashcard-wp-flip-card-container\">\n                <div class=\"flashcard-wp-flip-card\" id=\"flashcard-wp-flashcard\">\n                    <div class=\"flashcard-wp-card-face flashcard-wp-card-front\">\n                        <div class=\"flashcard-wp-card-icon\" id=\"flashcard-wp-questionIcon\"><\/div>\n                        <div class=\"flashcard-wp-card-content\" id=\"flashcard-wp-question\"><\/div>\n                        <div class=\"flashcard-wp-flip-hint\">\n                            <i class=\"fas fa-sync-alt\"><\/i>\n                            <span>Cevab\u0131 G\u00f6rmek \u0130\u00e7in \u00c7evir<\/span>\n                        <\/div>\n                    <\/div>\n                    <div class=\"flashcard-wp-card-face flashcard-wp-card-back\">\n                        <div class=\"flashcard-wp-card-icon\" id=\"flashcard-wp-answerIcon\"><\/div>\n                        <div class=\"flashcard-wp-answer-content\" id=\"flashcard-wp-answer\"><\/div>\n                    <\/div>\n                <\/div>\n            <\/div>\n\n            <div class=\"flashcard-wp-controls\">\n                <button class=\"flashcard-wp-btn flashcard-wp-btn-prev\" id=\"flashcard-wp-prevBtn\" onclick=\"flashcardWpPreviousCard()\">\n                    <i class=\"fas fa-chevron-left\"><\/i>\n                    \u00d6nceki\n                <\/button>\n                <button class=\"flashcard-wp-btn flashcard-wp-btn-flip\" id=\"flashcard-wp-flipBtn\" onclick=\"flashcardWpFlipCard()\">\n                    <i class=\"fas fa-redo\"><\/i>\n                    \u00c7evir\n                <\/button>\n                <button class=\"flashcard-wp-btn flashcard-wp-btn-next\" id=\"flashcard-wp-nextBtn\" onclick=\"flashcardWpNextCard()\">\n                    Sonraki\n                    <i class=\"fas fa-chevron-right\"><\/i>\n                <\/button>\n            <\/div>\n        <\/div>\n    <\/div>\n\n    <script>\n        (function() {\n            const flashcards = [\n                {\n                    question: \"G\u00f6\u00e7 nedir?\",\n                    questionIcon: \"fas fa-question-circle\",\n                    answer: \"Bir toplulu\u011fun kendi yerini, yurdunu terk ederek ba\u015fka bir yere gitmesine veya yer de\u011fi\u015ftirmesine verilen genel add\u0131r.\",\n                    answerIcon: \"fas fa-people-arrows\"\n                },\n                {\n                    question: \"Kavimler G\u00f6\u00e7\u00fc ne zaman ba\u015flam\u0131\u015f ve nas\u0131l tan\u0131mlanmaktad\u0131r?\",\n                    questionIcon: \"fas fa-calendar-alt\",\n                    answer: \"Orta Asya'daki siyasi h\u00e2kimiyetlerini kaybeden Hun boylar\u0131n\u0131n, Balamir \u00f6nderli\u011finde \u0130til Nehri'ni ge\u00e7erek 374 y\u0131l\u0131nda Avrupa y\u00f6n\u00fcnde Karadeniz'in kuzeyindeki kavimleri itmesine 'Kavimler G\u00f6\u00e7\u00fc' denir.\",\n                    answerIcon: \"fas fa-users\"\n                },\n                {\n                    question: \"MS III. y\u00fczy\u0131ldan itibaren Roma \u0130mparatorlu\u011fu hangi zorluklarla kar\u015f\u0131la\u015ft\u0131?\",\n                    questionIcon: \"fas fa-landmark\",\n                    answer: \"<ul><li>Do\u011fuda Sasanilerin sald\u0131r\u0131lar\u0131<\/li><li>Bat\u0131da Germen kavimlerinin sald\u0131r\u0131lar\u0131<\/li><li>Siyasi, asker\u00ee, sosyal ve ekonomik y\u00f6nden zorlu g\u00fcnler ya\u015fanmas\u0131<\/li><\/ul>\",\n                    answerIcon: \"fas fa-exclamation-triangle\"\n                },\n                {\n                    question: \"Germen kavimleri kimlerdi ve nerede ya\u015f\u0131yorlard\u0131?\",\n                    questionIcon: \"fas fa-map-marked-alt\",\n                    answer: \"Roma \u0130mparatorlu\u011fu'nun kuzeyindeki Avrupa topraklar\u0131nda Ostrogot, Frank, Burgund, Vizigot, Vandal, S\u00fcev gibi \u00e7e\u015fitli Germen kavimleri ya\u015fard\u0131.\",\n                    answerIcon: \"fas fa-users\"\n                },\n                {\n                    question: \"Germen kavimlerinin ya\u015fam bi\u00e7imi nas\u0131ld\u0131?\",\n                    questionIcon: \"fas fa-home\",\n                    answer: \"<ul><li>\u00c7ift\u00e7ilerden, \u00e7obanlardan ve avc\u0131lardan olu\u015fuyorlard\u0131<\/li><li>\u015eehir ya\u015fam\u0131ndan uzakt\u0131lar<\/li><li>Orman temizleyip tar\u0131m yapan ya da ovalarda ya\u015fayan insanlard\u0131<\/li><li>Romal\u0131lara g\u00f6re uygarla\u015famam\u0131\u015f barbarlard\u0131<\/li><\/ul>\",\n                    answerIcon: \"fas fa-tree\"\n                },\n                {\n                    question: \"Germen kavimlerinin g\u00f6\u00e7 etmelerinin temel sebepleri nelerdi?\",\n                    questionIcon: \"fas fa-question\",\n                    answer: \"<ul><li>H\u0131zl\u0131 n\u00fcfus art\u0131\u015f\u0131<\/li><li>Ya\u015fad\u0131klar\u0131 b\u00f6lgenin ormanlar ve batakl\u0131klarla kapl\u0131, kasvetli, so\u011fuk ve ya\u011f\u0131\u015fl\u0131 olmas\u0131<\/li><li>Zaman zaman su bask\u0131nlar\u0131<\/li><li>Daha iyi topraklar aray\u0131\u015f\u0131<\/li><li>Sava\u015f\u00e7\u0131 bir toplum olmalar\u0131<\/li><\/ul>\",\n                    answerIcon: \"fas fa-cloud-rain\"\n                },\n                {\n                    question: \"Asya Hun Devleti'nin b\u00f6l\u00fcnme s\u00fcreci nas\u0131l olmu\u015ftur?\",\n                    questionIcon: \"fas fa-split\",\n                    answer: \"<ul><li>\u00d6nce Do\u011fu ve Bat\u0131 olarak ikiye ayr\u0131ld\u0131<\/li><li>Do\u011fu Hun Devleti daha sonra Kuzey ve G\u00fcney olarak b\u00f6l\u00fcnd\u00fc<\/li><\/ul>\",\n                    answerIcon: \"fas fa-map\"\n                },\n                {\n                    question: \"Baz\u0131 Hun boylar\u0131n\u0131n Avrupa'ya kom\u015fu sahalara yerle\u015fmesinin sebepleri nelerdi?\",\n                    questionIcon: \"fas fa-question-circle\",\n                    answer: \"<ul><li>\u00c7in bask\u0131s\u0131<\/li><li>Veraset sava\u015flar\u0131<\/li><li>Kurakl\u0131k<\/li><\/ul>\",\n                    answerIcon: \"fas fa-arrow-right\"\n                },\n                {\n                    question: \"Sasani Devleti Roma ile neden m\u00fccadele etti?\",\n                    questionIcon: \"fas fa-fist-raised\",\n                    answer: \"Kendilerini Perslerin varisi olarak g\u00f6ren Sasani Devleti, Perslerin ula\u015ft\u0131klar\u0131 s\u0131n\u0131rlara ula\u015fmak istemi\u015f ve bu ama\u00e7la Roma'dan bu topraklar\u0131n iadesini talep etmi\u015ftir. Bu s\u00fcre\u00e7te s\u0131n\u0131r ihlali nedeniyle b\u00fcy\u00fck m\u00fccadeleler ya\u015fanm\u0131\u015ft\u0131r.\",\n                    answerIcon: \"fas fa-globe-europe\"\n                },\n                {\n                    question: \"Hun T\u00fcrkleri Avrupa'da ilk olarak hangi toplulukla kar\u015f\u0131la\u015ft\u0131 ve ne oldu?\",\n                    questionIcon: \"fas fa-handshake\",\n                    answer: \"Hun T\u00fcrkleri ilk olarak yar\u0131 \u0130ranl\u0131 yar\u0131 T\u00fcrk k\u00f6kenli olan Alanlar ile kar\u015f\u0131la\u015fm\u0131\u015ft\u0131r. Alanlar, Hun T\u00fcrkleriyle kar\u015f\u0131la\u015f\u0131nca bat\u0131ya do\u011fru g\u00f6\u00e7 etmeye ba\u015flam\u0131\u015f ve baz\u0131 boy beyleri Hunlara kat\u0131lm\u0131\u015ft\u0131r.\",\n                    answerIcon: \"fas fa-people-carry\"\n                },\n                {\n                    question: \"Kavimler G\u00f6\u00e7\u00fc'nde domino etkisi nas\u0131l olu\u015ftu?\",\n                    questionIcon: \"fas fa-dominoes\",\n                    answer: \"Alanlar\u0131n harekete ge\u00e7mesi bir domino etkisi olu\u015fturmu\u015ftur. Ostrogotlar, Vizigotlar, Vandallar, S\u00fcevler, Burgundlar, Franklar, Ang\u0131llar ve Saksonlar\u0131n g\u00f6\u00e7 hareketine ba\u015flamas\u0131yla birbirini s\u00fcr\u00fckleyen kavimler, Roma'n\u0131n i\u00e7lerine girerek talan ve ya\u011fma hareketlerinde bulunmu\u015flard\u0131r.\",\n                    answerIcon: \"fas fa-arrow-circle-right\"\n                },\n                {\n                    question: \"Kavimler G\u00f6\u00e7\u00fc hangi b\u00f6lgelerde de\u011fi\u015fime neden oldu?\",\n                    questionIcon: \"fas fa-globe\",\n                    answer: \"<ul><li>Rusya<\/li><li>Balkanlar<\/li><li>Balt\u0131k b\u00f6lgesi<\/li><li>Do\u011fu Avrupa co\u011frafyas\u0131nda dengeler de\u011fi\u015fmeye ba\u015flad\u0131<\/li><li>Katalon Ovas\u0131, Trakya, Sicilya, Sardinya ve Kuzey Afrika'ya olan g\u00f6\u00e7ler artt\u0131<\/li><\/ul>\",\n                    answerIcon: \"fas fa-map-marked\"\n                },\n                {\n                    question: \"Hunlar 378 y\u0131l\u0131nda hangi b\u00f6lgelere ula\u015ft\u0131?\",\n                    questionIcon: \"fas fa-route\",\n                    answer: \"Hunlar, 378'de Tuna'y\u0131 ge\u00e7erek \u00f6nc\u00fc kuvvet mahiyetinde Trakya'ya kadar ula\u015fm\u0131\u015ft\u0131r. \u0130ki koldan Roma topraklar\u0131nda ilerleyen Hunlar\u0131n bir kolu Balkanlardan Trakya'ya ilerlerken di\u011fer kolu Kafkaslardan Anadolu istikametine y\u00f6nelmi\u015ftir.\",\n                    answerIcon: \"fas fa-arrows-alt\"\n                },\n                {\n                    question: \"Kavimler G\u00f6\u00e7\u00fc Avrupa'n\u0131n etnik \u00e7ehresini nas\u0131l etkiledi?\",\n                    questionIcon: \"fas fa-users-cog\",\n                    answer: \"Hun asker\u00ee g\u00fcc\u00fcn\u00fcn tazyiki ile ba\u015flayan, kavimlerin birbirlerini yurtlar\u0131ndan s\u00fcrmesi ile devam eden ve Roma \u0130mparatorlu\u011fu'nun kuzey eyaletlerini alt \u00fcst ederek \u0130spanya'ya kadar uzanan bu g\u00f6\u00e7 dalgas\u0131 Avrupa'n\u0131n etnik \u00e7ehresini de\u011fi\u015ftirmi\u015ftir.\",\n                    answerIcon: \"fas fa-exchange-alt\"\n                },\n                {\n                    question: \"Kavimler G\u00f6\u00e7\u00fc Avrupal\u0131 tarih\u00e7iler taraf\u0131ndan nas\u0131l tan\u0131mlanm\u0131\u015ft\u0131r?\",\n                    questionIcon: \"fas fa-book\",\n                    answer: \"Avrupal\u0131 tarih\u00e7iler taraf\u0131ndan B\u00fcy\u00fck G\u00f6\u00e7 veya Kavimler G\u00f6\u00e7\u00fc olarak tan\u0131mlanan bu g\u00f6\u00e7 hareketleri, sekiz y\u00fczy\u0131l\u0131 kapsayan bir s\u00fcrecin par\u00e7as\u0131 olarak kabul edilmi\u015ftir.\",\n                    answerIcon: \"fas fa-clock\"\n                },\n                {\n                    question: \"Romal\u0131lar MS 382'den itibaren Germen kabileleriyle neden anla\u015fma yapt\u0131?\",\n                    questionIcon: \"fas fa-file-signature\",\n                    answer: \"Kavimler G\u00f6\u00e7\u00fc'n\u00fcn ba\u015flamas\u0131yla Germen halklar\u0131n\u0131 imparatorluk topraklar\u0131ndan \u00e7\u0131karmay\u0131 ba\u015faramayan Romal\u0131lar, MS 382'den itibaren Germen kabileleri ile anla\u015fmalar yapm\u0131\u015ft\u0131r.\",\n                    answerIcon: \"fas fa-handshake\"\n                },\n                {\n                    question: \"Vandalizm kavram\u0131 nereden gelmektedir?\",\n                    questionIcon: \"fas fa-fire\",\n                    answer: \"Vandallar taraf\u0131ndan ya\u011fmalanmas\u0131, an\u0131tlar\u0131n yok edilmesi, ya\u011fmac\u0131lar\u0131n birka\u00e7 bin mahk\u00fbmla birlikte m\u00fcmk\u00fcn olan her \u015feyi al\u0131p g\u00f6t\u00fcrmesi Roma'da b\u00fcy\u00fck bir kaosa yol a\u00e7m\u0131\u015ft\u0131r. Bu sebeple Vandall\u0131k veya Vandalizm, yap\u0131lan ya\u011fmalar\u0131 anlatan bir kavram olarak g\u00fcn\u00fcm\u00fcze kadar kullan\u0131lagelmi\u015ftir.\",\n                    answerIcon: \"fas fa-skull-crossbones\"\n                },\n                {\n                    question: \"Roma \u0130mparatorlu\u011fu ne zaman ve nas\u0131l b\u00f6l\u00fcnd\u00fc?\",\n                    questionIcon: \"fas fa-divide\",\n                    answer: \"\u0130\u00e7 kar\u0131\u015f\u0131kl\u0131klar\u0131n bitmedi\u011fi Roma \u0130mparatorlu\u011fu MS 395 tarihinde Do\u011fu Roma ve Bat\u0131 Roma olmak \u00fczere ikiye ayr\u0131lm\u0131\u015ft\u0131r.\",\n                    answerIcon: \"fas fa-map\"\n                },\n                {\n                    question: \"Bat\u0131 Roma \u0130mparatorlu\u011fu ne zaman y\u0131k\u0131ld\u0131?\",\n                    questionIcon: \"fas fa-calendar-times\",\n                    answer: \"Bat\u0131 Roma \u0130mparatorlu\u011fu 476 y\u0131l\u0131nda y\u0131k\u0131larak tarih sayfalar\u0131ndaki yerini alm\u0131\u015ft\u0131r.\",\n                    answerIcon: \"fas fa-monument\"\n                },\n                {\n                    question: \"Roma \u0130mparatorlu\u011fu \u00e7\u00f6kt\u00fckten sonra Avrupa'da nas\u0131l bir yap\u0131 ortaya \u00e7\u0131kt\u0131?\",\n                    questionIcon: \"fas fa-chess-rook\",\n                    answer: \"Roma \u0130mparatorlu\u011fu \u00e7\u00f6kerken bu iktidar bo\u015flu\u011funu dolduran ve Orta \u00c7a\u011f Avrupas\u0131'n\u0131n yap\u0131s\u0131n\u0131 olu\u015fturan k\u00fc\u00e7\u00fck barbar krall\u0131klar ve feodal beylikler ortaya \u00e7\u0131km\u0131\u015ft\u0131.\",\n                    answerIcon: \"fas fa-crown\"\n                },\n                {\n                    question: \"Kavimler G\u00f6\u00e7\u00fc sonras\u0131 Bat\u0131 Avrupa'da nas\u0131l bir d\u00f6n\u00fc\u015f\u00fcm ya\u015fand\u0131?\",\n                    questionIcon: \"fas fa-sync\",\n                    answer: \"Kavimler G\u00f6\u00e7\u00fc sonras\u0131nda Bat\u0131 Avrupa bir d\u00f6n\u00fc\u015f\u00fcme u\u011fram\u0131\u015f, Romal\u0131lar ve Germenler kar\u0131\u015f\u0131p kayna\u015fm\u0131\u015ft\u0131r. Bu d\u00f6nemde idari \u00fcst\u00fcnl\u00fck Germenlerde olsa da k\u00fclt\u00fcrel \u00fcst\u00fcnl\u00fck her zaman Romal\u0131larda kalm\u0131\u015ft\u0131r.\",\n                    answerIcon: \"fas fa-people-arrows\"\n                },\n                {\n                    question: \"Orta \u00c7a\u011f'\u0131n karanl\u0131k d\u00f6nemi neden b\u00f6yle adland\u0131r\u0131lm\u0131\u015ft\u0131r?\",\n                    questionIcon: \"fas fa-moon\",\n                    answer: \"Orta \u00c7a\u011f'\u0131n karanl\u0131k d\u00f6nemi olarak adland\u0131r\u0131lan bu d\u00f6nemde devlet otoritesinden yoksun kalan Avrupa, b\u00fcy\u00fck bir karma\u015faya s\u00fcr\u00fcklenmi\u015ftir. K\u00f6kl\u00fc bir devlet gelene\u011fi olmayan barbar krall\u0131klar\u0131n kurulmas\u0131yla ya\u015fanan siyasi alandaki de\u011fi\u015fiklik, ekonomik ve sosyal yap\u0131y\u0131 etkilemi\u015ftir.\",\n                    answerIcon: \"fas fa-cloud\"\n                },\n                {\n                    question: \"Kavimler G\u00f6\u00e7\u00fc'n\u00fcn sonu\u00e7lar\u0131 nelerdir?\",\n                    questionIcon: \"fas fa-list-check\",\n                    answer: \"<ul><li>Kavimlerin hareketiyle Avrupa K\u0131tas\u0131'nda b\u00fcy\u00fck bir karga\u015fa ya\u015fand\u0131<\/li><li>G\u00fcn\u00fcm\u00fcz Avrupa milletlerinin temelleri at\u0131ld\u0131<\/li><li>Roma \u0130mparatorlu\u011fu, Do\u011fu ve Bat\u0131 olmak \u00fczere ikiye ayr\u0131ld\u0131<\/li><li>Avrupa Hun Devleti kuruldu<\/li><li>Avrupa'da feodalite g\u00fc\u00e7 kazand\u0131 ve skolastik d\u00fc\u015f\u00fcnce geli\u015fti<\/li><li>Avrupal\u0131lar, T\u00fcrk k\u00fclt\u00fcr\u00fcn\u00fc tan\u0131d\u0131<\/li><\/ul>\",\n                    answerIcon: \"fas fa-check-double\"\n                },\n                {\n                    question: \"Ang\u0131llar ve Saksonlar nereye yerle\u015ftiler?\",\n                    questionIcon: \"fas fa-map-pin\",\n                    answer: \"\u0130ngiltere\",\n                    answerIcon: \"fas fa-flag\"\n                },\n                {\n                    question: \"Franklar nereye yerle\u015ftiler?\",\n                    questionIcon: \"fas fa-map-pin\",\n                    answer: \"Fransa-Galya\",\n                    answerIcon: \"fas fa-flag\"\n                },\n                {\n                    question: \"Burgundlar nereye yerle\u015ftiler?\",\n                    questionIcon: \"fas fa-map-pin\",\n                    answer: \"G\u00fcney Fransa\",\n                    answerIcon: \"fas fa-flag\"\n                },\n                {\n                    question: \"S\u00fcevler nereye yerle\u015ftiler?\",\n                    questionIcon: \"fas fa-map-pin\",\n                    answer: \"\u0130spanya\",\n                    answerIcon: \"fas fa-flag\"\n                },\n                {\n                    question: \"Vandallar nereye yerle\u015ftiler?\",\n                    questionIcon: \"fas fa-map-pin\",\n                    answer: \"\u0130spanya-Afrika\",\n                    answerIcon: \"fas fa-flag\"\n                },\n                {\n                    question: \"Ostrogotlar ve Vizigotlar nereye yerle\u015ftiler?\",\n                    questionIcon: \"fas fa-map-pin\",\n                    answer: \"\u0130talya-\u0130spanya\",\n                    answerIcon: \"fas fa-flag\"\n                },\n                {\n                    question: \"Feodalizmde siyasi g\u00fc\u00e7 nas\u0131l yap\u0131lanm\u0131\u015ft\u0131r?\",\n                    questionIcon: \"fas fa-chess-king\",\n                    answer: \"Feodalizmde, teoride siyasi g\u00fc\u00e7 kralda toplanm\u0131\u015ft\u0131r. Fakat kral g\u00fcc\u00fcn\u00fc mutlak sadakat ko\u015fuluyla ve kontroll\u00fc olarak yerel derebeyleriyle payla\u015f\u0131r.\",\n                    answerIcon: \"fas fa-sitemap\"\n                },\n                {\n                    question: \"\u015e\u00f6valye kimdir ve lordlar neden \u015f\u00f6valyelere ihtiya\u00e7 duymu\u015ftur?\",\n                    questionIcon: \"fas fa-shield-alt\",\n                    answer: \"Lordlar, kendisine s\u0131\u011f\u0131nan k\u00f6yl\u00fc s\u0131n\u0131f\u0131n\u0131 korumak ve topraklar\u0131na toprak katabilmek i\u00e7in sad\u0131k bir silahl\u0131 g\u00fcce ihtiya\u00e7 duymu\u015ftur. Bu profesyonel sava\u015f\u00e7\u0131lara \u015f\u00f6valye ad\u0131 verilirdi.\",\n                    answerIcon: \"fas fa-user-shield\"\n                },\n                {\n                    question: \"Feodal d\u00f6nemde halk\u0131n ya\u015fam ko\u015fullar\u0131 nas\u0131ld\u0131?\",\n                    questionIcon: \"fas fa-users\",\n                    answer: \"<ul><li>Halk\u0131n ezici bir \u00e7o\u011funlu\u011fu d\u0131\u015f d\u00fcnyaya kar\u015f\u0131 korku, \u015f\u00fcphe ve \u00e7ekinme duygusu i\u00e7inde ya\u015fad\u0131<\/li><li>Sanat, e\u011fitim, ticaret, \u00fcretim ve i\u015f b\u00f6l\u00fcm\u00fc en az seviyeye indi<\/li><li>Yaln\u0131z iki s\u0131n\u0131f, soylular ve ruhbanlar maddi ve manevi y\u00f6nleriyle iyi durumdayd\u0131<\/li><\/ul>\",\n                    answerIcon: \"fas fa-sad-tear\"\n                },\n                {\n                    question: \"Feodal d\u00f6nemde toplumsal yap\u0131 nas\u0131ld\u0131?\",\n                    questionIcon: \"fas fa-layer-group\",\n                    answer: \"<ul><li>N\u00fcfus az, \u00fcretim k\u0131t, yoksulluk a\u015f\u0131r\u0131 boyutlara y\u00fckseldi<\/li><li>Sosyal yap\u0131 ilkel bir seviyeye indi<\/li><li>De\u011ferler sistemi, kuvvete ve inan\u00e7lara dayanan bir toplum oldu<\/li><li>Sadece sava\u015f\u00e7\u0131l\u0131k ve din adaml\u0131\u011f\u0131 sayg\u0131 g\u00f6ren meslekler h\u00e2line geldi<\/li><\/ul>\",\n                    answerIcon: \"fas fa-balance-scale\"\n                },\n                {\n                    question: \"Feodal d\u00fczende \u015fato ne anlama geliyordu?\",\n                    questionIcon: \"fas fa-chess-rook\",\n                    answer: \"Feodal toplumda \u015fato; g\u00fc\u00e7 ve prestij, mevkii, ayr\u0131ca ger\u00e7ek bir k\u00fclt\u00fcr merkeziydi. Askeri seferler ve sava\u015fla ilgili i\u015flerin yan\u0131 s\u0131ra, \u015fato feodalizminin de\u011ferler sisteminin ve d\u00fc\u015f\u00fcnce bi\u00e7imlerinin incelikle i\u015flendi\u011fi ve hayata ge\u00e7irildi\u011fi yerdi.\",\n                    answerIcon: \"fas fa-fort-awesome\"\n                },\n                {\n                    question: \"Kavimler G\u00f6\u00e7\u00fc d\u00f6neminde Kilise nas\u0131l g\u00fc\u00e7lendi?\",\n                    questionIcon: \"fas fa-church\",\n                    answer: \"Kavimler G\u00f6\u00e7\u00fc'n\u00fcn ya\u015fand\u0131\u011f\u0131 d\u00f6nemde kilise, k\u00f6k salmak ve yay\u0131lmak i\u00e7in ya\u015fanan korku ve karma\u015fa ortam\u0131ndan faydalanm\u0131\u015ft\u0131r. Bat\u0131 Roma'n\u0131n b\u0131rakt\u0131\u011f\u0131 bo\u015flu\u011fu doldurarak daha g\u00fc\u00e7l\u00fc bir kurum haline gelen Kilise sonunda imparatorlu\u011fun miras\u0131n\u0131 devralm\u0131\u015ft\u0131r.\",\n                    answerIcon: \"fas fa-cross\"\n                },\n                {\n                    question: \"5. y\u00fczy\u0131ldan 11. y\u00fczy\u0131la kadar Avrupa'da Hristiyanl\u0131k nas\u0131l yay\u0131ld\u0131?\",\n                    questionIcon: \"fas fa-praying-hands\",\n                    answer: \"5. y\u00fczy\u0131ldan 11. y\u00fczy\u0131la kadar Avrupa'da Hristiyanl\u0131\u011f\u0131n k\u00f6yl\u00fcler ve barbarlar aras\u0131nda yay\u0131lmas\u0131 b\u00fcy\u00fck \u00f6l\u00e7\u00fcde tamamlanm\u0131\u015ft\u0131r. B\u00f6ylece \u015fehirlerden ba\u015flayarak k\u00f6ylere kadar inen kilise \u00f6rg\u00fctlenmesi de g\u00fc\u00e7lenmi\u015ftir.\",\n                    answerIcon: \"fas fa-gopuram\"\n                },\n                {\n                    question: \"Skolastik d\u00fc\u015f\u00fcnce nedir?\",\n                    questionIcon: \"fas fa-brain\",\n                    answer: \"<ul><li>Skolastik d\u00fc\u015f\u00fcncede esas olan kilisenin ortaya koymu\u015f oldu\u011fu \u00f6\u011fretidir<\/li><li>Aristo mant\u0131\u011f\u0131na s\u0131k\u0131 s\u0131k\u0131ya ba\u011fl\u0131d\u0131r<\/li><li>Kitap ve \u00fcstat bilgileri esas al\u0131nd\u0131\u011f\u0131 i\u00e7in tabiat\u0131n do\u011frudan do\u011fruya m\u00fc\u015fahedesi yoktur<\/li><li>Ger\u00e7e\u011fi ara\u015ft\u0131rma d\u00fc\u015f\u00fcncesi ya da yeni bir d\u00fcnya g\u00f6r\u00fc\u015f\u00fc endi\u015fesi yoktur<\/li><\/ul>\",\n                    answerIcon: \"fas fa-book-open\"\n                },\n                {\n                    question: \"Kilise y\u00f6netime nas\u0131l kat\u0131ld\u0131?\",\n                    questionIcon: \"fas fa-gavel\",\n                    answer: \"D\u00fcnyev\u00ee i\u015flerin d\u0131\u015f\u0131nda olmas\u0131 gereken Kilise, piskoposlar arac\u0131l\u0131\u011f\u0131yla y\u00f6netime kat\u0131lmay\u0131 normal g\u00f6rm\u00fc\u015ft\u00fcr. Y\u00f6netime kat\u0131lmak bazen b\u00f6lgede kral\u0131n temsilcisine yard\u0131mc\u0131 olmak, bazen de onun denetleyicisi olma bi\u00e7iminde olmu\u015ftur.\",\n                    answerIcon: \"fas fa-balance-scale-right\"\n                },\n                {\n                    question: \"Kiliselerin mal varl\u0131\u011f\u0131 nas\u0131l olu\u015ftu?\",\n                    questionIcon: \"fas fa-coins\",\n                    answer: \"\u0130nananlar\u0131n sadakatleri ile olu\u015fturulan, kiliselerin mal varl\u0131\u011f\u0131, muazzam servetlere d\u00f6n\u00fc\u015fm\u00fc\u015ft\u00fcr.\",\n                    answerIcon: \"fas fa-donate\"\n                },\n                {\n                    question: \"Hunlar Avrupa'da ilk ne zaman g\u00f6r\u00fcnmeye ba\u015flad\u0131?\",\n                    questionIcon: \"fas fa-calendar-day\",\n                    answer: \"IV. y\u00fczy\u0131l\u0131n sonunda Avrupa'da g\u00f6r\u00fcnen Hunlar, \u0130\u00e7 Asya'dan bat\u0131ya gelen T\u00fcrk kavimlerinin ilki olmu\u015ftur.\",\n                    answerIcon: \"fas fa-horse-head\"\n                },\n                {\n                    question: \"Hunlar\u0131n Avrupa'da olu\u015fturdu\u011fu etkiler nelerdir?\",\n                    questionIcon: \"fas fa-bolt\",\n                    answer: \"<ul><li>B\u00fcy\u00fck Kavimler G\u00f6\u00e7\u00fc'n\u00fc ba\u015flatm\u0131\u015f<\/li><li>Germen kavimlerini bir daha birle\u015fmemek \u00fczere da\u011f\u0131tm\u0131\u015f<\/li><li>Roma \u0130mparatorlu\u011fu'nu temelinden sarsm\u0131\u015ft\u0131r<\/li><\/ul>\",\n                    answerIcon: \"fas fa-explosion\"\n                },\n                {\n                    question: \"Hunlar MS 375 y\u0131l\u0131nda nereye yerle\u015ftiler?\",\n                    questionIcon: \"fas fa-location-dot\",\n                    answer: \"MS 375 y\u0131l\u0131yla birlikte Balamir \u00f6nderli\u011finde bat\u0131ya g\u00f6\u00e7 eden Hunlar Macaristan ovalar\u0131na yerle\u015fmi\u015ftir.\",\n                    answerIcon: \"fas fa-campground\"\n                },\n                {\n                    question: \"Avrupa Hun \u0130mparatorlu\u011fu ne zaman ve nerede kuruldu?\",\n                    questionIcon: \"fas fa-monument\",\n                    answer: \"Hunlar k\u0131sa zamanda Orta Avrupa'daki barbar kavimleri egemenlikleri alt\u0131na alarak V. y\u00fczy\u0131l ba\u015flar\u0131nda Kafkaslardan Elbe Irma\u011f\u0131'na kadar uzanan geni\u015f topraklar \u00fczerinde Avrupa Hun \u0130mparatorlu\u011fu'nu kurmu\u015ftur.\",\n                    answerIcon: \"fas fa-flag-checkered\"\n                },\n                {\n                    question: \"Attila hangi seferleri ger\u00e7ekle\u015ftirmi\u015ftir?\",\n                    questionIcon: \"fas fa-hiking\",\n                    answer: \"Attila, Balkan ve Galya seferlerini ger\u00e7ekle\u015ftirmi\u015ftir.\",\n                    answerIcon: \"fas fa-route\"\n                },\n                {\n                    question: \"Attila'n\u0131n Balkan Seferi'nin sonucu neydi?\",\n                    questionIcon: \"fas fa-trophy\",\n                    answer: \"Balkan Seferi'yle Do\u011fu Roma \u0130mparatorlu\u011fu'nu vergiye ba\u011flayan Attila, b\u00fcy\u00fck bir ba\u015far\u0131 elde etmi\u015ftir.\",\n                    answerIcon: \"fas fa-medal\"\n                },\n                {\n                    question: \"Attila'n\u0131n Roma'ya yapt\u0131\u011f\u0131 sefer nas\u0131l sonu\u00e7land\u0131?\",\n                    questionIcon: \"fas fa-city\",\n                    answer: \"Galya Seferi'yle Bat\u0131 Roma \u0130mparatorlu\u011fu'nun ba\u015fkenti Roma'y\u0131 abluka alt\u0131na alan Attila'ya, Romal\u0131lar Papa ba\u015fkanl\u0131\u011f\u0131nda bir bar\u0131\u015f heyeti g\u00f6ndermi\u015f ve ondan Roma'y\u0131 esirgemesini istemi\u015ftir. Papa'n\u0131n g\u00fcvence iste\u011fini kabul eden Attila, b\u00f6ylece Bat\u0131 Roma \u0130mparatorlu\u011fu'na \u00fcst\u00fcnl\u00fck sa\u011flam\u0131\u015ft\u0131r.\",\n                    answerIcon: \"fas fa-handshake\"\n                },\n                {\n                    question: \"Attila'dan sonra Hunlara kimler h\u00fckmetmi\u015ftir?\",\n                    questionIcon: \"fas fa-crown\",\n                    answer: \"Attila, bu sefer d\u00f6n\u00fc\u015f\u00fcnde \u00f6lm\u00fc\u015f ve yerine s\u0131ras\u0131yla o\u011fullar\u0131 \u0130lek, Dengizik ve \u0130rnek ge\u00e7mi\u015ftir.\",\n                    answerIcon: \"fas fa-users\"\n                },\n                {\n                    question: \"Hunlar \u0130rnek D\u00f6nemi'nde nereye \u00e7ekilmi\u015ftir?\",\n                    questionIcon: \"fas fa-arrow-left\",\n                    answer: \"Avrupa'da tutunamayaca\u011f\u0131n\u0131 anlayan Hunlar, \u0130rnek D\u00f6nemi'nde, Karadeniz'in kuzeyine \u00e7ekilmi\u015ftir.\",\n                    answerIcon: \"fas fa-backward\"\n                },\n                {\n                    question: \"Attila hakk\u0131nda t\u00fcretilen en me\u015fhur efsane nedir?\",\n                    questionIcon: \"fas fa-dragon\",\n                    answer: \"Attila hakk\u0131nda t\u00fcretilen efsanelerin en me\u015fhuru, Attila'n\u0131n Sava\u015f Tanr\u0131s\u0131 Ares'in k\u0131l\u0131c\u0131na sahip oldu\u011fu ve bu nedenle b\u00fct\u00fcn d\u00fcnyaya h\u00fckmedece\u011fi inanc\u0131d\u0131r.\",\n                    answerIcon: \"fas fa-sword\"\n                },\n                {\n                    question: \"Almanlar\u0131n me\u015fhur Nibelungen Destan\u0131 Attila'y\u0131 nas\u0131l tan\u0131tmaktad\u0131r?\",\n                    questionIcon: \"fas fa-book-reader\",\n                    answer: \"Almanlar\u0131n me\u015fhur Nibelungen Destan\u0131, Attila'y\u0131 (Etzel) babacan, iyiliksever ve y\u00fcksek vas\u0131fl\u0131 bir h\u00fck\u00fcmdar olarak tan\u0131tmaktad\u0131r.\",\n                    answerIcon: \"fas fa-heart\"\n                },\n                {\n                    question: \"Attila Avrupa'da nas\u0131l an\u0131lmaktad\u0131r?\",\n                    questionIcon: \"fas fa-user-ninja\",\n                    answer: \"Attila, Avrupa'da Tanr\u0131'n\u0131n K\u0131rbac\u0131 olarak an\u0131lm\u0131\u015ft\u0131r.\",\n                    answerIcon: \"fas fa-fire\"\n                },\n                {\n                    question: \"T\u00fcrk g\u00f6\u00e7lerinin ekonomik nedenleri nelerdir?\",\n                    questionIcon: \"fas fa-money-bill-wave\",\n                    answer: \"<ul><li>Ekonomik s\u0131k\u0131nt\u0131 yani ana yurt topraklar\u0131n\u0131n ge\u00e7im bak\u0131m\u0131ndan yetersiz kalmas\u0131<\/li><li>Kurakl\u0131k, n\u00fcfus art\u0131\u015f\u0131 ve otlak darl\u0131\u011f\u0131<\/li><li>S\u0131n\u0131rl\u0131 bir tar\u0131m d\u0131\u015f\u0131nda sadece hayvan yeti\u015ftirilebilmesi<\/li><\/ul>\",\n                    answerIcon: \"fas fa-chart-line\"\n                },\n                {\n                    question: \"T\u00fcrk g\u00f6\u00e7lerinin siyasi ve sosyal nedenleri nelerdir?\",\n                    questionIcon: \"fas fa-flag\",\n                    answer: \"<ul><li>T\u00fcrklerde bir boyun ba\u015fka bir T\u00fcrk boyu g\u00f6\u00e7e mecbur etmesi<\/li><li>Yabanc\u0131 (\u00c7in ve Mo\u011fol) a\u011f\u0131r d\u0131\u015f bask\u0131ya maruz kalmalar\u0131<\/li><li>Ba\u015fka milletlerin egemenli\u011fini kabul edip istiklalden mahrum kalmaktansa memleketi terk etmeyi tercih etmeleri<\/li><li>Fetih arzusu ve yeni vatanlar kurma fikri<\/li><\/ul>\",\n                    answerIcon: \"fas fa-fist-raised\"\n                },\n                {\n                    question: \"T\u00fcrk g\u00f6\u00e7leri hangi y\u00f6nde ger\u00e7ekle\u015fmi\u015ftir?\",\n                    questionIcon: \"fas fa-compass\",\n                    answer: \"T\u00fcrk g\u00f6\u00e7leri, daima do\u011fudan bat\u0131ya do\u011fru bir ak\u0131\u015f halinde olmu\u015flard\u0131r.\",\n                    answerIcon: \"fas fa-arrow-right\"\n                },\n                {\n                    question: \"T\u00fcrk g\u00f6\u00e7lerini kolayla\u015ft\u0131ran co\u011frafi fakt\u00f6r nedir?\",\n                    questionIcon: \"fas fa-mountain\",\n                    answer: \"Ural da\u011flar\u0131ndan Orta Avrupa'ya kadar olan Karadeniz'in kuzeyindeki sahalar, Orta Asya'daki bozk\u0131rlar\u0131n tabi\u00ee bir uzant\u0131s\u0131 durumundad\u0131r. Bu saha bitki \u00f6rt\u00fcs\u00fc ve iklimiyle T\u00fcrklerin kendilerine has hayat tarzlar\u0131n\u0131 s\u00fcrd\u00fcrmeye son derece elveri\u015fli bir b\u00f6lgedir.\",\n                    answerIcon: \"fas fa-leaf\"\n                },\n                {\n                    question: \"T\u00fcrk g\u00f6\u00e7lerini te\u015fvik eden di\u011fer fakt\u00f6rler nelerdir?\",\n                    questionIcon: \"fas fa-sign\",\n                    answer: \"B\u00f6lgede, T\u00fcrklerin kar\u015f\u0131s\u0131na a\u015famayacaklar\u0131 tabi\u00ee bir engel veya \u00c7in, \u0130ran ve Bizans gibi yerle\u015fik medeniyete sahip b\u00fcy\u00fck bir devlet \u00e7\u0131kmam\u0131\u015ft\u0131r.\",\n                    answerIcon: \"fas fa-check-circle\"\n                },\n                {\n                    question: \"G\u00f6\u00e7ler T\u00fcrk tarihini nas\u0131l etkilemi\u015ftir?\",\n                    questionIcon: \"fas fa-history\",\n                    answer: \"G\u00f6\u00e7ler T\u00fcrk tarihini belirli bir zaman kesitinde ve b\u00fct\u00fcn h\u00e2linde incelemeyi zorla\u015ft\u0131r\u0131r. Tarihleri ve s\u0131n\u0131r\u0131 belli bir co\u011frafi \u00e7evre i\u00e7inde cereyan eden di\u011fer milletlerin aksine T\u00fcrk topluluklar\u0131 as\u0131rlarca yeni iklimler, yeni yurtlar arayarak tarihlerini farkl\u0131 b\u00f6lgelerde yapm\u0131\u015flard\u0131r.\",\n                    answerIcon: \"fas fa-globe-europe\"\n                },\n                {\n                    question: \"Avarlar ne zaman ve nerede devlet kurmu\u015flard\u0131r?\",\n                    questionIcon: \"fas fa-flag\",\n                    answer: \"Avarlar, VI. y\u00fczy\u0131l ortalar\u0131nda Bat\u0131 T\u00fcrkistan'dan Orta Avrupa'ya g\u00f6\u00e7 ederek Avar Devleti'ni kurmu\u015flard\u0131r.\",\n                    answerIcon: \"fas fa-monument\"\n                },\n                {\n                    question: \"Sabarlar ne zaman ve nerede devlet kurmu\u015flard\u0131r?\",\n                    questionIcon: \"fas fa-flag\",\n                    answer: \"Sabarlar, V. y\u00fczy\u0131l\u0131n ikinci yar\u0131s\u0131nda Aral G\u00f6l\u00fc'n\u00fcn kuzeyinden Kafkaslara g\u00f6\u00e7 ederek Sabar Devleti'ni kurmu\u015flard\u0131r.\",\n                    answerIcon: \"fas fa-monument\"\n                },\n                {\n                    question: \"Pe\u00e7enek, Kuman (K\u0131p\u00e7ak) ve Uzlar ne zaman ve nereye g\u00f6\u00e7 etmi\u015flerdir?\",\n                    questionIcon: \"fas fa-people-group\",\n                    answer: \"Pe\u00e7enek, Kuman (K\u0131p\u00e7ak) ve Uzlar, IX-XI. y\u00fczy\u0131llarda Hazar Denizi'nin kuzeyinden Do\u011fu Avrupa ve Balkanlara g\u00f6\u00e7 etmi\u015flerdir.\",\n                    answerIcon: \"fas fa-arrow-right\"\n                },\n                {\n                    question: \"Hazarlar ne zaman ve nerede devlet kurmu\u015flard\u0131r?\",\n                    questionIcon: \"fas fa-flag\",\n                    answer: \"Hazarlar, Karadeniz ile Kafkas Da\u011flar\u0131n\u0131n kuzeyine ve \u0130til Nehri dolaylar\u0131na g\u00f6\u00e7 ederek VII. y\u00fczy\u0131lda Hazar Devleti'ni kurmu\u015flard\u0131r.\",\n                    answerIcon: \"fas fa-monument\"\n                },\n                {\n                    question: \"Bulgarlar ne zaman ve nerede devlet kurmu\u015flard\u0131r?\",\n                    questionIcon: \"fas fa-flag\",\n                    answer: \"Bulgarlar, Karadeniz'in kuzeyinden Balkanlara ve Volga Nehri k\u0131y\u0131lar\u0131na g\u00f6\u00e7 ederek IX. y\u00fczy\u0131lda Bulgar Devleti'ni kurmu\u015flard\u0131r.\",\n                    answerIcon: \"fas fa-monument\"\n                },\n                {\n                    question: \"O\u011fuzlar ne zaman nereye g\u00f6\u00e7 etmi\u015fler ve hangi devletleri kurmu\u015flard\u0131r?\",\n                    questionIcon: \"fas fa-crown\",\n                    answer: \"O\u011fuzlar, X-XI. y\u00fczy\u0131llarda Orhun B\u00f6lgesi'nden Seyhun Nehri kenarlar\u0131na, M\u00e2ver\u00e2\u00fcnnehir \u00fczerinden \u0130ran'a ve Anadolu'ya g\u00f6\u00e7 ederek B\u00fcy\u00fck Sel\u00e7uklu, T\u00fcrkiye Sel\u00e7uklu ve Osmanl\u0131 Devleti'ni kurmu\u015flard\u0131r.\",\n                    answerIcon: \"fas fa-mosque\"\n                },\n                {\n                    question: \"Akhunlar-Eftalitler ne zaman ve nerede devlet kurmu\u015flard\u0131r?\",\n                    questionIcon: \"fas fa-flag\",\n                    answer: \"Akhunlar-Eftalitler, 350 y\u0131llar\u0131nda Afganistan ve Kuzey Hindistan'a g\u00f6\u00e7 ederek Ak Hun Devleti'ni kurmu\u015flard\u0131r.\",\n                    answerIcon: \"fas fa-monument\"\n                },\n                {\n                    question: \"Hunlar \u00c7in'de hangi devletleri kurmu\u015flard\u0131r?\",\n                    questionIcon: \"fas fa-landmark\",\n                    answer: \"\u00c7in'e g\u00f6\u00e7 eden baz\u0131 T\u00fcrk boylar\u0131 Kuzey \u00c7in'de Hun ve Tabga\u00e7 devletlerini kurmu\u015flard\u0131r.\",\n                    answerIcon: \"fas fa-flag\"\n                },\n                {\n                    question: \"Uygurlar ne zaman ve nereye g\u00f6\u00e7 etmi\u015flerdir? Hangi \u00f6zellikleriyle bilinirler?\",\n                    questionIcon: \"fas fa-users\",\n                    answer: \"Uygurlar (Yerle\u015fik hayata ge\u00e7en ilk T\u00fcrk devleti), 840'\u0131 takip eden y\u0131llarda Orhun Nehri \u00e7evresinden T\u00fcrkistan'a g\u00f6\u00e7 etmi\u015flerdir.\",\n                    answerIcon: \"fas fa-city\"\n                },\n                {\n                    question: \"Ogurlar ne zaman ve nereye g\u00f6\u00e7 etmi\u015flerdir?\",\n                    questionIcon: \"fas fa-horse\",\n                    answer: \"Ogurlar, 461-465 y\u0131llar\u0131 aras\u0131nda G\u00fcneybat\u0131 Sibirya'dan G\u00fcney Rusya'ya g\u00f6\u00e7 etmi\u015flerdir.\",\n                    answerIcon: \"fas fa-arrow-right\"\n                },\n                {\n                    question: \"Balkan co\u011frafyas\u0131 T\u00fcrk tarihinde ne zaman \u00f6nem kazanm\u0131\u015ft\u0131r?\",\n                    questionIcon: \"fas fa-calendar\",\n                    answer: \"Balkan co\u011frafyas\u0131 M.S. 376'lardan itibaren T\u00fcrk tarihinde b\u00fcy\u00fck bir \u00f6neme haiz olmu\u015ftur.\",\n                    answerIcon: \"fas fa-star\"\n                },\n                {\n                    question: \"Balkanlara hangi T\u00fcrk kavimleri yerle\u015fmi\u015ftir?\",\n                    questionIcon: \"fas fa-users\",\n                    answer: \"Ba\u015fta Do\u011fu Avrupa Hunlar\u0131 olmak \u00fczere, Avarlar, Bulgarlar, Sabarlar, Hazarlar, Pe\u00e7enekler, Uzlar (O\u011fuz) ve Kuman-K\u0131p\u00e7aklar bu geni\u015f sahada b\u00fcy\u00fck ve etkili bir g\u00fc\u00e7 olu\u015fturmu\u015flard\u0131r.\",\n                    answerIcon: \"fas fa-people-group\"\n                },\n                {\n                    question: \"Balkanlar'daki T\u00fcrk kavimleri b\u00f6lgeyi nas\u0131l kabul etmi\u015flerdir?\",\n                    questionIcon: \"fas fa-heart\",\n                    answer: \"Bu T\u00fcrk kavimleri b\u00f6lgeyi kendilerine yurt edinerek hem vatan telakki etmi\u015fler, hem de Balkan milletlerinin te\u015fekk\u00fcllerinde ve k\u00fclt\u00fcrel geli\u015fimlerinde \u00f6nemli roller oynam\u0131\u015flard\u0131r.\",\n                    answerIcon: \"fas fa-home\"\n                },\n                {\n                    question: \"Balkanlar'daki T\u00fcrk varl\u0131\u011f\u0131 hangi d\u00f6nemlerde devam etmi\u015ftir?\",\n                    questionIcon: \"fas fa-timeline\",\n                    answer: \"Balkanlar'daki T\u00fcrk varl\u0131\u011f\u0131 Anadolu Sel\u00e7uklu Devleti ile Osmanl\u0131 Devleti zaman\u0131nda da devam etmi\u015ftir. \u00d6zellikle de Osmanl\u0131 Devleti d\u00f6neminde en y\u00fcksek seviyesine ula\u015fm\u0131\u015ft\u0131r.\",\n                    answerIcon: \"fas fa-chart-line\"\n                }\n            ];\n\n            let currentCardIndex = 0;\n            let isFlipped = false;\n\n            function updateCard() {\n                const card = flashcards[currentCardIndex];\n                document.getElementById('flashcard-wp-question').innerHTML = card.question;\n                document.getElementById('flashcard-wp-questionIcon').className = 'flashcard-wp-card-icon ' + card.questionIcon;\n                document.getElementById('flashcard-wp-answer').innerHTML = card.answer;\n                document.getElementById('flashcard-wp-answerIcon').className = 'flashcard-wp-card-icon ' + card.answerIcon;\n                \n                document.getElementById('flashcard-wp-currentCard').textContent = currentCardIndex + 1;\n                document.getElementById('flashcard-wp-totalCards').textContent = flashcards.length;\n                \n                const progressPercent = ((currentCardIndex + 1) \/ flashcards.length) * 100;\n                document.getElementById('flashcard-wp-progressFill').style.width = progressPercent + '%';\n                \n                document.getElementById('flashcard-wp-prevBtn').disabled = currentCardIndex === 0;\n                document.getElementById('flashcard-wp-nextBtn').disabled = currentCardIndex === flashcards.length - 1;\n                \n                if (isFlipped) {\n                    document.getElementById('flashcard-wp-flashcard').classList.remove('flashcard-wp-flipped');\n                    isFlipped = false;\n                }\n            }\n\n            window.flashcardWpFlipCard = function() {\n                const flashcard = document.getElementById('flashcard-wp-flashcard');\n                flashcard.classList.toggle('flashcard-wp-flipped');\n                isFlipped = !isFlipped;\n            }\n\n            window.flashcardWpNextCard = function() {\n                if (currentCardIndex < flashcards.length - 1) {\n                    currentCardIndex++;\n                    updateCard();\n                }\n            }\n\n            window.flashcardWpPreviousCard = function() {\n                if (currentCardIndex > 0) {\n                    currentCardIndex--;\n                    updateCard();\n                }\n            }\n\n            document.getElementById('flashcard-wp-flashcard').addEventListener('click', function() {\n                window.flashcardWpFlipCard();\n            });\n\n            document.addEventListener('keydown', function(event) {\n                if (event.key === 'ArrowRight') {\n                    window.flashcardWpNextCard();\n                } else if (event.key === 'ArrowLeft') {\n                    window.flashcardWpPreviousCard();\n                } else if (event.key === ' ' || event.key === 'Enter') {\n                    event.preventDefault();\n                    window.flashcardWpFlipCard();\n                }\n            });\n\n            updateCard();\n        })();\n    <\/script>\n<\/body>\n<\/html>\n","protected":false},"excerpt":{"rendered":"<div class=\"mh-excerpt\"><p>Bu yaz\u0131m\u0131zda g\u00fcncel m\u00fcfredata g\u00f6re haz\u0131rlad\u0131\u011f\u0131m\u0131z&nbsp;9. s\u0131n\u0131f tarih dersi 3. \u00fcnitesi&nbsp;olan&nbsp;Orta \u00c7a\u011f Medeniyetleri&nbsp;\u00fcnitesinin&nbsp;i\u00e7inde yer alan&nbsp;Orta \u00c7a\u011f\u2019daki Kitlesel G\u00f6\u00e7ler yaz\u0131l\u0131ya haz\u0131rl\u0131k&nbsp;\u00e7al\u0131\u015fmam\u0131z\u0131 payla\u015f\u0131yoruz.&nbsp;Orta \u00c7a\u011f\u2019daki Kitlesel G\u00f6\u00e7ler online <a class=\"mh-excerpt-more\" href=\"https:\/\/tarihkursu.com\/index.php\/2026\/03\/09\/orta-cagdaki-kitlesel-gocler-yaziliya-hazirlik-soru-cevap-flashcart\/\" title=\"Orta \u00c7a\u011f\u2019daki Kitlesel G\u00f6\u00e7ler Yaz\u0131l\u0131ya Haz\u0131rl\u0131k Soru-Cevap (flashcart)\">[&#8230;]<\/a><\/p>\n<\/div>","protected":false},"author":2,"featured_media":0,"comment_status":"open","ping_status":"open","sticky":false,"template":"","format":"standard","meta":{"_regular_price":[],"currency_symbol":[],"footnotes":""},"categories":[150,113,1],"tags":[285,298,87],"class_list":["post-3139","post","type-post","status-publish","format-standard","hentry","category-9-sinif-tarih-2","category-9-sinf-tarih-soru-cevap","category-genel","tag-9-sinif-tarih-flashcard","tag-9-sinif-tarih-yazili-sorulari-2","tag-9-sinif-tarih"],"post_slider_layout_featured_media_urls":{"thumbnail":"","post_slider_layout_landscape_large":"","post_slider_layout_portrait_large":"","post_slider_layout_square_large":"","post_slider_layout_landscape":"","post_slider_layout_portrait":"","post_slider_layout_square":"","full":""},"yoast_head":"<!-- This site is optimized with the Yoast SEO plugin v28.3 - https:\/\/yoast.com\/product\/yoast-seo-wordpress\/ -->\n<title>Orta \u00c7a\u011f\u2019daki Kitlesel G\u00f6\u00e7ler Yaz\u0131l\u0131ya Haz\u0131rl\u0131k Soru-Cevap (flashcart) - tarihkursu.com<\/title>\n<meta name=\"description\" content=\"Orta \u00c7a\u011f Medeniyetleri\u00a0\u00fcnitesinin\u00a0i\u00e7inde yer alan\u00a0Orta \u00c7a\u011f\u2019daki Kitlesel G\u00f6\u00e7ler yaz\u0131l\u0131ya haz\u0131rl\u0131k\u00a0\u00e7al\u0131\u015fmam\u0131z\u0131 payla\u015f\u0131yoruz.\u00a0\" \/>\n<meta name=\"robots\" content=\"index, follow, max-snippet:-1, max-image-preview:large, max-video-preview:-1\" \/>\n<link rel=\"canonical\" href=\"https:\/\/tarihkursu.com\/index.php\/2026\/03\/09\/orta-cagdaki-kitlesel-gocler-yaziliya-hazirlik-soru-cevap-flashcart\/\" \/>\n<meta property=\"og:locale\" content=\"tr_TR\" \/>\n<meta property=\"og:type\" content=\"article\" \/>\n<meta property=\"og:title\" content=\"Orta \u00c7a\u011f\u2019daki Kitlesel G\u00f6\u00e7ler Yaz\u0131l\u0131ya Haz\u0131rl\u0131k Soru-Cevap (flashcart) - tarihkursu.com\" \/>\n<meta property=\"og:description\" content=\"Orta \u00c7a\u011f Medeniyetleri\u00a0\u00fcnitesinin\u00a0i\u00e7inde yer alan\u00a0Orta \u00c7a\u011f\u2019daki Kitlesel G\u00f6\u00e7ler yaz\u0131l\u0131ya haz\u0131rl\u0131k\u00a0\u00e7al\u0131\u015fmam\u0131z\u0131 payla\u015f\u0131yoruz.\u00a0\" \/>\n<meta property=\"og:url\" content=\"https:\/\/tarihkursu.com\/index.php\/2026\/03\/09\/orta-cagdaki-kitlesel-gocler-yaziliya-hazirlik-soru-cevap-flashcart\/\" \/>\n<meta property=\"og:site_name\" content=\"tarihkursu.com\" \/>\n<meta property=\"article:published_time\" content=\"2026-03-09T09:10:00+00:00\" \/>\n<meta name=\"author\" content=\"tarihkursu\" \/>\n<meta name=\"twitter:card\" content=\"summary_large_image\" \/>\n<meta name=\"twitter:label1\" content=\"Yazan:\" \/>\n\t<meta name=\"twitter:data1\" content=\"tarihkursu\" \/>\n\t<meta name=\"twitter:label2\" content=\"Tahmini okuma s\u00fcresi\" \/>\n\t<meta name=\"twitter:data2\" content=\"1 dakika\" \/>\n<script type=\"application\/ld+json\" class=\"yoast-schema-graph\">{\"@context\":\"https:\\\/\\\/schema.org\",\"@graph\":[{\"@type\":\"Article\",\"@id\":\"https:\\\/\\\/tarihkursu.com\\\/index.php\\\/2026\\\/03\\\/09\\\/orta-cagdaki-kitlesel-gocler-yaziliya-hazirlik-soru-cevap-flashcart\\\/#article\",\"isPartOf\":{\"@id\":\"https:\\\/\\\/tarihkursu.com\\\/index.php\\\/2026\\\/03\\\/09\\\/orta-cagdaki-kitlesel-gocler-yaziliya-hazirlik-soru-cevap-flashcart\\\/\"},\"author\":{\"name\":\"tarihkursu\",\"@id\":\"https:\\\/\\\/tarihkursu.com\\\/#\\\/schema\\\/person\\\/d0f9105e31352dbe9f08d098ffb8c878\"},\"headline\":\"Orta \u00c7a\u011f\u2019daki Kitlesel G\u00f6\u00e7ler Yaz\u0131l\u0131ya Haz\u0131rl\u0131k Soru-Cevap (flashcart)\",\"datePublished\":\"2026-03-09T09:10:00+00:00\",\"mainEntityOfPage\":{\"@id\":\"https:\\\/\\\/tarihkursu.com\\\/index.php\\\/2026\\\/03\\\/09\\\/orta-cagdaki-kitlesel-gocler-yaziliya-hazirlik-soru-cevap-flashcart\\\/\"},\"wordCount\":218,\"commentCount\":0,\"publisher\":{\"@id\":\"https:\\\/\\\/tarihkursu.com\\\/#\\\/schema\\\/person\\\/4d7bdc3b79e9f5198455474c0f203f3c\"},\"keywords\":[\"9. s\u0131n\u0131f tarih flashcard\",\"9. s\u0131n\u0131f tarih yaz\u0131l\u0131 sorular\u0131\",\"9.s\u0131n\u0131f tarih\"],\"articleSection\":[\"9. S\u0131n\u0131f\",\"9. S\u0131n\u0131f Tarih SORU-CEVAP\"],\"inLanguage\":\"tr\",\"potentialAction\":[{\"@type\":\"CommentAction\",\"name\":\"Comment\",\"target\":[\"https:\\\/\\\/tarihkursu.com\\\/index.php\\\/2026\\\/03\\\/09\\\/orta-cagdaki-kitlesel-gocler-yaziliya-hazirlik-soru-cevap-flashcart\\\/#respond\"]}]},{\"@type\":\"WebPage\",\"@id\":\"https:\\\/\\\/tarihkursu.com\\\/index.php\\\/2026\\\/03\\\/09\\\/orta-cagdaki-kitlesel-gocler-yaziliya-hazirlik-soru-cevap-flashcart\\\/\",\"url\":\"https:\\\/\\\/tarihkursu.com\\\/index.php\\\/2026\\\/03\\\/09\\\/orta-cagdaki-kitlesel-gocler-yaziliya-hazirlik-soru-cevap-flashcart\\\/\",\"name\":\"Orta \u00c7a\u011f\u2019daki Kitlesel G\u00f6\u00e7ler Yaz\u0131l\u0131ya Haz\u0131rl\u0131k Soru-Cevap (flashcart) - tarihkursu.com\",\"isPartOf\":{\"@id\":\"https:\\\/\\\/tarihkursu.com\\\/#website\"},\"datePublished\":\"2026-03-09T09:10:00+00:00\",\"description\":\"Orta \u00c7a\u011f Medeniyetleri\u00a0\u00fcnitesinin\u00a0i\u00e7inde yer alan\u00a0Orta \u00c7a\u011f\u2019daki Kitlesel G\u00f6\u00e7ler yaz\u0131l\u0131ya haz\u0131rl\u0131k\u00a0\u00e7al\u0131\u015fmam\u0131z\u0131 payla\u015f\u0131yoruz.\u00a0\",\"breadcrumb\":{\"@id\":\"https:\\\/\\\/tarihkursu.com\\\/index.php\\\/2026\\\/03\\\/09\\\/orta-cagdaki-kitlesel-gocler-yaziliya-hazirlik-soru-cevap-flashcart\\\/#breadcrumb\"},\"inLanguage\":\"tr\",\"potentialAction\":[{\"@type\":\"ReadAction\",\"target\":[\"https:\\\/\\\/tarihkursu.com\\\/index.php\\\/2026\\\/03\\\/09\\\/orta-cagdaki-kitlesel-gocler-yaziliya-hazirlik-soru-cevap-flashcart\\\/\"]}]},{\"@type\":\"BreadcrumbList\",\"@id\":\"https:\\\/\\\/tarihkursu.com\\\/index.php\\\/2026\\\/03\\\/09\\\/orta-cagdaki-kitlesel-gocler-yaziliya-hazirlik-soru-cevap-flashcart\\\/#breadcrumb\",\"itemListElement\":[{\"@type\":\"ListItem\",\"position\":1,\"name\":\"Anasayfa\",\"item\":\"https:\\\/\\\/tarihkursu.com\\\/\"},{\"@type\":\"ListItem\",\"position\":2,\"name\":\"Orta \u00c7a\u011f\u2019daki Kitlesel G\u00f6\u00e7ler Yaz\u0131l\u0131ya Haz\u0131rl\u0131k Soru-Cevap (flashcart)\"}]},{\"@type\":\"WebSite\",\"@id\":\"https:\\\/\\\/tarihkursu.com\\\/#website\",\"url\":\"https:\\\/\\\/tarihkursu.com\\\/\",\"name\":\"Tarih Kursu\",\"description\":\"\u0130\u015fimiz G\u00fcc\u00fcm\u00fcz Tarih\",\"publisher\":{\"@id\":\"https:\\\/\\\/tarihkursu.com\\\/#\\\/schema\\\/person\\\/4d7bdc3b79e9f5198455474c0f203f3c\"},\"potentialAction\":[{\"@type\":\"SearchAction\",\"target\":{\"@type\":\"EntryPoint\",\"urlTemplate\":\"https:\\\/\\\/tarihkursu.com\\\/?s={search_term_string}\"},\"query-input\":{\"@type\":\"PropertyValueSpecification\",\"valueRequired\":true,\"valueName\":\"search_term_string\"}}],\"inLanguage\":\"tr\"},{\"@type\":[\"Person\",\"Organization\"],\"@id\":\"https:\\\/\\\/tarihkursu.com\\\/#\\\/schema\\\/person\\\/4d7bdc3b79e9f5198455474c0f203f3c\",\"name\":\"admin\",\"image\":{\"@type\":\"ImageObject\",\"inLanguage\":\"tr\",\"@id\":\"https:\\\/\\\/tarihkursu.com\\\/wp-content\\\/uploads\\\/2024\\\/10\\\/TARIHKURSU-Kopyasi.png\",\"url\":\"https:\\\/\\\/tarihkursu.com\\\/wp-content\\\/uploads\\\/2024\\\/10\\\/TARIHKURSU-Kopyasi.png\",\"contentUrl\":\"https:\\\/\\\/tarihkursu.com\\\/wp-content\\\/uploads\\\/2024\\\/10\\\/TARIHKURSU-Kopyasi.png\",\"width\":1080,\"height\":1080,\"caption\":\"admin\"},\"logo\":{\"@id\":\"https:\\\/\\\/tarihkursu.com\\\/wp-content\\\/uploads\\\/2024\\\/10\\\/TARIHKURSU-Kopyasi.png\"},\"sameAs\":[\"https:\\\/\\\/tarihkursu.com\"]},{\"@type\":\"Person\",\"@id\":\"https:\\\/\\\/tarihkursu.com\\\/#\\\/schema\\\/person\\\/d0f9105e31352dbe9f08d098ffb8c878\",\"name\":\"tarihkursu\",\"image\":{\"@type\":\"ImageObject\",\"inLanguage\":\"tr\",\"@id\":\"https:\\\/\\\/secure.gravatar.com\\\/avatar\\\/1354763acbc865faa7650c3e1e4431f187276d71f132349411302a546cdeae54?s=96&d=mm&r=g\",\"url\":\"https:\\\/\\\/secure.gravatar.com\\\/avatar\\\/1354763acbc865faa7650c3e1e4431f187276d71f132349411302a546cdeae54?s=96&d=mm&r=g\",\"contentUrl\":\"https:\\\/\\\/secure.gravatar.com\\\/avatar\\\/1354763acbc865faa7650c3e1e4431f187276d71f132349411302a546cdeae54?s=96&d=mm&r=g\",\"caption\":\"tarihkursu\"},\"url\":\"https:\\\/\\\/tarihkursu.com\\\/index.php\\\/author\\\/tarihkursu\\\/\"}]}<\/script>\n<!-- \/ Yoast SEO plugin. -->","yoast_head_json":{"title":"Orta \u00c7a\u011f\u2019daki Kitlesel G\u00f6\u00e7ler Yaz\u0131l\u0131ya Haz\u0131rl\u0131k Soru-Cevap (flashcart) - tarihkursu.com","description":"Orta \u00c7a\u011f Medeniyetleri\u00a0\u00fcnitesinin\u00a0i\u00e7inde yer alan\u00a0Orta \u00c7a\u011f\u2019daki Kitlesel G\u00f6\u00e7ler yaz\u0131l\u0131ya haz\u0131rl\u0131k\u00a0\u00e7al\u0131\u015fmam\u0131z\u0131 payla\u015f\u0131yoruz.\u00a0","robots":{"index":"index","follow":"follow","max-snippet":"max-snippet:-1","max-image-preview":"max-image-preview:large","max-video-preview":"max-video-preview:-1"},"canonical":"https:\/\/tarihkursu.com\/index.php\/2026\/03\/09\/orta-cagdaki-kitlesel-gocler-yaziliya-hazirlik-soru-cevap-flashcart\/","og_locale":"tr_TR","og_type":"article","og_title":"Orta \u00c7a\u011f\u2019daki Kitlesel G\u00f6\u00e7ler Yaz\u0131l\u0131ya Haz\u0131rl\u0131k Soru-Cevap (flashcart) - tarihkursu.com","og_description":"Orta \u00c7a\u011f Medeniyetleri\u00a0\u00fcnitesinin\u00a0i\u00e7inde yer alan\u00a0Orta \u00c7a\u011f\u2019daki Kitlesel G\u00f6\u00e7ler yaz\u0131l\u0131ya haz\u0131rl\u0131k\u00a0\u00e7al\u0131\u015fmam\u0131z\u0131 payla\u015f\u0131yoruz.\u00a0","og_url":"https:\/\/tarihkursu.com\/index.php\/2026\/03\/09\/orta-cagdaki-kitlesel-gocler-yaziliya-hazirlik-soru-cevap-flashcart\/","og_site_name":"tarihkursu.com","article_published_time":"2026-03-09T09:10:00+00:00","author":"tarihkursu","twitter_card":"summary_large_image","twitter_misc":{"Yazan:":"tarihkursu","Tahmini okuma s\u00fcresi":"1 dakika"},"schema":{"@context":"https:\/\/schema.org","@graph":[{"@type":"Article","@id":"https:\/\/tarihkursu.com\/index.php\/2026\/03\/09\/orta-cagdaki-kitlesel-gocler-yaziliya-hazirlik-soru-cevap-flashcart\/#article","isPartOf":{"@id":"https:\/\/tarihkursu.com\/index.php\/2026\/03\/09\/orta-cagdaki-kitlesel-gocler-yaziliya-hazirlik-soru-cevap-flashcart\/"},"author":{"name":"tarihkursu","@id":"https:\/\/tarihkursu.com\/#\/schema\/person\/d0f9105e31352dbe9f08d098ffb8c878"},"headline":"Orta \u00c7a\u011f\u2019daki Kitlesel G\u00f6\u00e7ler Yaz\u0131l\u0131ya Haz\u0131rl\u0131k Soru-Cevap (flashcart)","datePublished":"2026-03-09T09:10:00+00:00","mainEntityOfPage":{"@id":"https:\/\/tarihkursu.com\/index.php\/2026\/03\/09\/orta-cagdaki-kitlesel-gocler-yaziliya-hazirlik-soru-cevap-flashcart\/"},"wordCount":218,"commentCount":0,"publisher":{"@id":"https:\/\/tarihkursu.com\/#\/schema\/person\/4d7bdc3b79e9f5198455474c0f203f3c"},"keywords":["9. s\u0131n\u0131f tarih flashcard","9. s\u0131n\u0131f tarih yaz\u0131l\u0131 sorular\u0131","9.s\u0131n\u0131f tarih"],"articleSection":["9. S\u0131n\u0131f","9. S\u0131n\u0131f Tarih SORU-CEVAP"],"inLanguage":"tr","potentialAction":[{"@type":"CommentAction","name":"Comment","target":["https:\/\/tarihkursu.com\/index.php\/2026\/03\/09\/orta-cagdaki-kitlesel-gocler-yaziliya-hazirlik-soru-cevap-flashcart\/#respond"]}]},{"@type":"WebPage","@id":"https:\/\/tarihkursu.com\/index.php\/2026\/03\/09\/orta-cagdaki-kitlesel-gocler-yaziliya-hazirlik-soru-cevap-flashcart\/","url":"https:\/\/tarihkursu.com\/index.php\/2026\/03\/09\/orta-cagdaki-kitlesel-gocler-yaziliya-hazirlik-soru-cevap-flashcart\/","name":"Orta \u00c7a\u011f\u2019daki Kitlesel G\u00f6\u00e7ler Yaz\u0131l\u0131ya Haz\u0131rl\u0131k Soru-Cevap (flashcart) - tarihkursu.com","isPartOf":{"@id":"https:\/\/tarihkursu.com\/#website"},"datePublished":"2026-03-09T09:10:00+00:00","description":"Orta \u00c7a\u011f Medeniyetleri\u00a0\u00fcnitesinin\u00a0i\u00e7inde yer alan\u00a0Orta \u00c7a\u011f\u2019daki Kitlesel G\u00f6\u00e7ler yaz\u0131l\u0131ya haz\u0131rl\u0131k\u00a0\u00e7al\u0131\u015fmam\u0131z\u0131 payla\u015f\u0131yoruz.\u00a0","breadcrumb":{"@id":"https:\/\/tarihkursu.com\/index.php\/2026\/03\/09\/orta-cagdaki-kitlesel-gocler-yaziliya-hazirlik-soru-cevap-flashcart\/#breadcrumb"},"inLanguage":"tr","potentialAction":[{"@type":"ReadAction","target":["https:\/\/tarihkursu.com\/index.php\/2026\/03\/09\/orta-cagdaki-kitlesel-gocler-yaziliya-hazirlik-soru-cevap-flashcart\/"]}]},{"@type":"BreadcrumbList","@id":"https:\/\/tarihkursu.com\/index.php\/2026\/03\/09\/orta-cagdaki-kitlesel-gocler-yaziliya-hazirlik-soru-cevap-flashcart\/#breadcrumb","itemListElement":[{"@type":"ListItem","position":1,"name":"Anasayfa","item":"https:\/\/tarihkursu.com\/"},{"@type":"ListItem","position":2,"name":"Orta \u00c7a\u011f\u2019daki Kitlesel G\u00f6\u00e7ler Yaz\u0131l\u0131ya Haz\u0131rl\u0131k Soru-Cevap (flashcart)"}]},{"@type":"WebSite","@id":"https:\/\/tarihkursu.com\/#website","url":"https:\/\/tarihkursu.com\/","name":"Tarih Kursu","description":"\u0130\u015fimiz G\u00fcc\u00fcm\u00fcz Tarih","publisher":{"@id":"https:\/\/tarihkursu.com\/#\/schema\/person\/4d7bdc3b79e9f5198455474c0f203f3c"},"potentialAction":[{"@type":"SearchAction","target":{"@type":"EntryPoint","urlTemplate":"https:\/\/tarihkursu.com\/?s={search_term_string}"},"query-input":{"@type":"PropertyValueSpecification","valueRequired":true,"valueName":"search_term_string"}}],"inLanguage":"tr"},{"@type":["Person","Organization"],"@id":"https:\/\/tarihkursu.com\/#\/schema\/person\/4d7bdc3b79e9f5198455474c0f203f3c","name":"admin","image":{"@type":"ImageObject","inLanguage":"tr","@id":"https:\/\/tarihkursu.com\/wp-content\/uploads\/2024\/10\/TARIHKURSU-Kopyasi.png","url":"https:\/\/tarihkursu.com\/wp-content\/uploads\/2024\/10\/TARIHKURSU-Kopyasi.png","contentUrl":"https:\/\/tarihkursu.com\/wp-content\/uploads\/2024\/10\/TARIHKURSU-Kopyasi.png","width":1080,"height":1080,"caption":"admin"},"logo":{"@id":"https:\/\/tarihkursu.com\/wp-content\/uploads\/2024\/10\/TARIHKURSU-Kopyasi.png"},"sameAs":["https:\/\/tarihkursu.com"]},{"@type":"Person","@id":"https:\/\/tarihkursu.com\/#\/schema\/person\/d0f9105e31352dbe9f08d098ffb8c878","name":"tarihkursu","image":{"@type":"ImageObject","inLanguage":"tr","@id":"https:\/\/secure.gravatar.com\/avatar\/1354763acbc865faa7650c3e1e4431f187276d71f132349411302a546cdeae54?s=96&d=mm&r=g","url":"https:\/\/secure.gravatar.com\/avatar\/1354763acbc865faa7650c3e1e4431f187276d71f132349411302a546cdeae54?s=96&d=mm&r=g","contentUrl":"https:\/\/secure.gravatar.com\/avatar\/1354763acbc865faa7650c3e1e4431f187276d71f132349411302a546cdeae54?s=96&d=mm&r=g","caption":"tarihkursu"},"url":"https:\/\/tarihkursu.com\/index.php\/author\/tarihkursu\/"}]}},"_links":{"self":[{"href":"https:\/\/tarihkursu.com\/index.php\/wp-json\/wp\/v2\/posts\/3139","targetHints":{"allow":["GET"]}}],"collection":[{"href":"https:\/\/tarihkursu.com\/index.php\/wp-json\/wp\/v2\/posts"}],"about":[{"href":"https:\/\/tarihkursu.com\/index.php\/wp-json\/wp\/v2\/types\/post"}],"author":[{"embeddable":true,"href":"https:\/\/tarihkursu.com\/index.php\/wp-json\/wp\/v2\/users\/2"}],"replies":[{"embeddable":true,"href":"https:\/\/tarihkursu.com\/index.php\/wp-json\/wp\/v2\/comments?post=3139"}],"version-history":[{"count":2,"href":"https:\/\/tarihkursu.com\/index.php\/wp-json\/wp\/v2\/posts\/3139\/revisions"}],"predecessor-version":[{"id":3141,"href":"https:\/\/tarihkursu.com\/index.php\/wp-json\/wp\/v2\/posts\/3139\/revisions\/3141"}],"wp:attachment":[{"href":"https:\/\/tarihkursu.com\/index.php\/wp-json\/wp\/v2\/media?parent=3139"}],"wp:term":[{"taxonomy":"category","embeddable":true,"href":"https:\/\/tarihkursu.com\/index.php\/wp-json\/wp\/v2\/categories?post=3139"},{"taxonomy":"post_tag","embeddable":true,"href":"https:\/\/tarihkursu.com\/index.php\/wp-json\/wp\/v2\/tags?post=3139"}],"curies":[{"name":"wp","href":"https:\/\/api.w.org\/{rel}","templated":true}]}}