{"id":3144,"date":"2026-03-31T10:08:42","date_gmt":"2026-03-31T07:08:42","guid":{"rendered":"https:\/\/tarihkursu.com\/?p=3144"},"modified":"2025-11-17T10:11:56","modified_gmt":"2025-11-17T07:11:56","slug":"2-orta-cagdaki-siyasi-ve-askeri-gelismeler-yaziliya-hazirlik-soru-cevap-flashcart","status":"publish","type":"post","link":"https:\/\/tarihkursu.com\/index.php\/2026\/03\/31\/2-orta-cagdaki-siyasi-ve-askeri-gelismeler-yaziliya-hazirlik-soru-cevap-flashcart\/","title":{"rendered":"#2 Orta \u00c7a\u011f\u2019daki Siyasi ve Askeri Geli\u015fmeler Yaz\u0131l\u0131ya Haz\u0131rl\u0131k Soru-Cevap (flashcart)"},"content":{"rendered":"\n<p class=\"wp-block-paragraph\"><\/p>\n\n\n\n<p class=\"wp-block-paragraph\">Bu yaz\u0131m\u0131zda g\u00fcncel m\u00fcfredata g\u00f6re haz\u0131rlad\u0131\u011f\u0131m\u0131z&nbsp;<strong>9. s\u0131n\u0131f tarih dersi 3. \u00fcnitesi&nbsp;<\/strong>olan&nbsp;<strong>Orta \u00c7a\u011f Medeniyetleri&nbsp;<\/strong>\u00fcnitesinin&nbsp;i\u00e7inde yer alan&nbsp;<strong>Orta \u00c7a\u011f\u2019daki Siyasi ve Askeri Geli\u015fmeler yaz\u0131l\u0131ya haz\u0131rl\u0131k&nbsp;<\/strong>\u00e7al\u0131\u015fmam\u0131z\u0131 payla\u015f\u0131yoruz.&nbsp;<strong>Orta \u00c7a\u011f\u2019daki Siyasi ve Askeri Geli\u015fmeler online soru-cevap<\/strong>&nbsp;\u00e7al\u0131\u015fmam\u0131z sayesinde <strong>tarih dersi yaz\u0131l\u0131lar\u0131<\/strong>na tam olarak haz\u0131rlanacaks\u0131n\u0131z.&nbsp;<strong>9. s\u0131n\u0131f tarih yaz\u0131l\u0131<\/strong>ya haz\u0131rl\u0131k \u00e7al\u0131\u015fmalar\u0131m\u0131z sayesinde derslerde daha ba\u015far\u0131l\u0131 olacaks\u0131n\u0131z.&nbsp;<strong>Maarif modeline&nbsp;<\/strong>uygun olarak haz\u0131rlad\u0131\u011f\u0131m\u0131z&nbsp;<strong>Orta \u00c7a\u011f\u2019daki Siyasi ve Askeri Geli\u015fmeler flash cart<\/strong>&nbsp;\u00e7al\u0131\u015fmam\u0131z a\u015fa\u011f\u0131daki konular\u0131 kapsamaktad\u0131r.<\/p>\n\n\n\n<p class=\"wp-block-paragraph\">Ders:&nbsp;<strong>9. s\u0131n\u0131f tarih<\/strong>&nbsp;<strong>kart\u0131<\/strong><\/p>\n\n\n\n<p class=\"wp-block-paragraph\">\u00dcnite: 9. s\u0131n\u0131f tarih 2. \u00dcnite:&nbsp;<strong>Orta \u00c7a\u011f Medeniyetleri tarih kart\u0131<\/strong><\/p>\n\n\n\n<p class=\"wp-block-paragraph\">\u00d6\u011frenme \u00c7\u0131kt\u0131s\u0131\/ kazan\u0131m:&nbsp;<strong>Orta \u00c7a\u011f\u2019daki Siyasi ve Askeri Geli\u015fmeler tarih yaz\u0131l\u0131&nbsp;soru-cevap<\/strong><\/p>\n\n\n\n<p class=\"wp-block-paragraph\">\u0130lgili yaz\u0131l\u0131:<strong> 9. s\u0131n\u0131f tarih dersi 2. d\u00f6nem 1. Yaz\u0131l\u0131<\/strong><\/p>\n\n\n\n<p class=\"wp-block-paragraph\"><\/p>\n\n\n\n<h2 class=\"wp-block-heading\">Orta \u00c7a\u011f\u2019daki Siyasi ve Askeri Geli\u015fmeler 2. B\u00f6l\u00fcm<\/h2>\n\n\n\n<!DOCTYPE html>\n<html lang=\"tr\">\n<head>\n    <meta charset=\"UTF-8\">\n    <meta name=\"viewport\" content=\"width=device-width, initial-scale=1.0\">\n    <title>T\u00dcRK\u0130STAN &#8211; \u00c7\u0130N &#8211; H\u0130ND\u0130STAN Flashkartlar\u0131<\/title>\n    <style>\n        * {\n            margin: 0;\n            padding: 0;\n            box-sizing: border-box;\n        }\n\n        body {\n            font-family: 'Segoe UI', Tahoma, Geneva, Verdana, sans-serif;\n            background: #ffffff;\n            padding: 20px;\n            min-height: 100vh;\n            display: flex;\n            flex-direction: column;\n            align-items: center;\n            justify-content: center;\n        }\n\n        .container {\n            max-width: 800px;\n            width: 100%;\n            margin: 0 auto;\n        }\n\n        .header {\n            text-align: center;\n            margin-bottom: 30px;\n            color: #2c3e50;\n        }\n\n        .header h1 {\n            font-size: clamp(1.5rem, 4vw, 2.2rem);\n            margin-bottom: 10px;\n            color: #34495e;\n        }\n\n        .progress {\n            font-size: clamp(1rem, 2.5vw, 1.2rem);\n            color: #7f8c8d;\n            font-weight: 500;\n        }\n\n        .card-container {\n            perspective: 1000px;\n            margin-bottom: 30px;\n            height: 450px;\n            display: flex;\n            align-items: center;\n            justify-content: center;\n        }\n\n        .card {\n            width: 100%;\n            height: 100%;\n            position: relative;\n            transform-style: preserve-3d;\n            transition: transform 0.6s;\n            cursor: pointer;\n        }\n\n        .card.flipped {\n            transform: rotateY(180deg);\n        }\n\n        .card-face {\n            position: absolute;\n            width: 100%;\n            height: 100%;\n            backface-visibility: hidden;\n            border-radius: 20px;\n            padding: 40px 30px;\n            display: flex;\n            flex-direction: column;\n            justify-content: center;\n            align-items: center;\n            text-align: center;\n            box-shadow: 0 10px 40px rgba(0, 0, 0, 0.15);\n        }\n\n        .card-front {\n            background: linear-gradient(135deg, #667eea 0%, #764ba2 100%);\n            color: white;\n        }\n\n        .card-back {\n            background: linear-gradient(135deg, #f093fb 0%, #f5576c 100%);\n            color: white;\n            transform: rotateY(180deg);\n        }\n\n        .card-icon {\n            font-size: clamp(2.5rem, 6vw, 4rem);\n            margin-bottom: 20px;\n        }\n\n        .card-content {\n            font-size: clamp(1.1rem, 2.8vw, 1.4rem);\n            line-height: 1.6;\n            font-weight: 500;\n        }\n\n        .card-content ul {\n            text-align: left;\n            list-style: none;\n            padding-left: 0;\n        }\n\n        .card-content li {\n            margin: 10px 0;\n            padding-left: 25px;\n            position: relative;\n        }\n\n        .card-content li:before {\n            content: \"\u25b8\";\n            position: absolute;\n            left: 0;\n            color: rgba(255, 255, 255, 0.8);\n            font-weight: bold;\n        }\n\n        .flip-hint {\n            font-size: clamp(0.85rem, 2vw, 1rem);\n            margin-top: 20px;\n            opacity: 0.9;\n            font-style: italic;\n            padding: 10px 20px;\n            background: rgba(255, 255, 255, 0.2);\n            border-radius: 10px;\n        }\n\n        .controls {\n            display: flex;\n            gap: 15px;\n            justify-content: center;\n            align-items: center;\n            flex-wrap: wrap;\n        }\n\n        .btn {\n            padding: 15px 30px;\n            font-size: clamp(1rem, 2.5vw, 1.1rem);\n            font-weight: 600;\n            border: none;\n            border-radius: 12px;\n            cursor: pointer;\n            transition: all 0.3s ease;\n            box-shadow: 0 4px 15px rgba(0, 0, 0, 0.2);\n            text-transform: uppercase;\n            letter-spacing: 0.5px;\n        }\n\n        .btn:hover {\n            transform: translateY(-2px);\n            box-shadow: 0 6px 20px rgba(0, 0, 0, 0.3);\n        }\n\n        .btn:active {\n            transform: translateY(0);\n        }\n\n        .btn-prev {\n            background: linear-gradient(135deg, #667eea 0%, #764ba2 100%);\n            color: white;\n        }\n\n        .btn-next {\n            background: linear-gradient(135deg, #f093fb 0%, #f5576c 100%);\n            color: white;\n        }\n\n        .btn-flip {\n            background: linear-gradient(135deg, #fa709a 0%, #fee140 100%);\n            color: #2c3e50;\n            padding: 18px 40px;\n            font-size: clamp(1.1rem, 2.8vw, 1.3rem);\n        }\n\n        .btn:disabled {\n            opacity: 0.5;\n            cursor: not-allowed;\n            transform: none;\n        }\n\n        @media (max-width: 768px) {\n            body {\n                padding: 15px;\n            }\n\n            .card-container {\n                height: 400px;\n            }\n\n            .card-face {\n                padding: 30px 20px;\n            }\n\n            .controls {\n                gap: 10px;\n            }\n\n            .btn {\n                padding: 12px 20px;\n            }\n\n            .btn-flip {\n                padding: 15px 30px;\n            }\n        }\n\n        @media (max-width: 480px) {\n            .card-container {\n                height: 380px;\n            }\n\n            .card-face {\n                padding: 25px 15px;\n            }\n        }\n    <\/style>\n<\/head>\n<body>\n    <div class=\"container\">\n        <div class=\"header\">\n            <h1>\ud83d\udcda T\u00dcRK\u0130STAN &#8211; \u00c7\u0130N &#8211; H\u0130ND\u0130STAN<\/h1>\n            <p class=\"progress\">Kart <span id=\"current\">1<\/span> \/ <span id=\"total\">62<\/span><\/p>\n        <\/div>\n\n        <div class=\"card-container\">\n            <div class=\"card\" id=\"flashcard\">\n                <div class=\"card-face card-front\">\n                    <div class=\"card-icon\" id=\"question-icon\">\u2753<\/div>\n                    <div class=\"card-content\" id=\"question-text\"><\/div>\n                    <div class=\"flip-hint\">Cevab\u0131 G\u00f6rmek \u0130\u00e7in \u00c7evir \u2b07\ufe0f<\/div>\n                <\/div>\n                <div class=\"card-face card-back\">\n                    <div class=\"card-icon\" id=\"answer-icon\">\u2705<\/div>\n                    <div class=\"card-content\" id=\"answer-text\"><\/div>\n                <\/div>\n            <\/div>\n        <\/div>\n\n        <div class=\"controls\">\n            <button class=\"btn btn-prev\" id=\"prevBtn\" onclick=\"previousCard()\">\u2b05\ufe0f \u00d6nceki<\/button>\n            <button class=\"btn btn-flip\" id=\"flipBtn\" onclick=\"flipCard()\">\ud83d\udd04 \u00c7evir<\/button>\n            <button class=\"btn btn-next\" id=\"nextBtn\" onclick=\"nextCard()\">Sonraki \u27a1\ufe0f<\/button>\n        <\/div>\n    <\/div>\n\n    <script>\n        const flashcards = [\n            {\n                questionIcon: \"\ud83d\udcd6\",\n                question: '\"T\u00fcrk\" ad\u0131 ne zaman ve nerede yayg\u0131n bir \u015fekilde kullan\u0131lmaya ba\u015flam\u0131\u015ft\u0131r?',\n                answerIcon: \"\ud83c\udff7\ufe0f\",\n                answer: '\"T\u00fcrk\" ad\u0131 VI. y\u00fczy\u0131l\u0131n ortalar\u0131nda T\u00fcrkistan bozk\u0131rlar\u0131nda yayg\u0131n bir \u015fekilde kullan\u0131l\u0131r h\u00e2le gelmi\u015ftir.'\n            },\n            {\n                questionIcon: \"\ud83d\ude4f\",\n                question: \"G\u00f6kt\u00fcrkler hangi dine inan\u0131rken Uygurlar hangi dini kabul etmi\u015ftir?\",\n                answerIcon: \"\u26ea\",\n                answer: \"G\u00f6kt\u00fcrkler G\u00f6k Tanr\u0131 dinine inan\u0131rken, Uygurlar Maniheizm dinini kabul etmi\u015ftir.\"\n            },\n            {\n                questionIcon: \"\ud83c\udff0\",\n                question: \"G\u00f6kt\u00fcrk Devleti kim \u00f6nderli\u011finde, ne zaman ve nerede kurulmu\u015ftur?\",\n                answerIcon: \"\ud83d\udc51\",\n                answer: \"Bumin Ka\u011fan \u00f6nderli\u011finde 552 y\u0131l\u0131nda \u00d6t\u00fcken merkezli kurulmu\u015ftur.\"\n            },\n            {\n                questionIcon: \"\ud83d\uddfa\ufe0f\",\n                question: \"G\u00f6kt\u00fcrkler d\u00f6neminde Orta Asya i\u00e7in hangi kavramlar kullan\u0131lmaya ba\u015flam\u0131\u015ft\u0131r?\",\n                answerIcon: \"\ud83d\udccd\",\n                answer: \"B\u00fcy\u00fck Okyanus'tan Akdeniz'e kadar G\u00f6kt\u00fcrklerin kom\u015fular\u0131n\u0131n kaynaklar\u0131nda Orta Asya i\u00e7in T\u00fcrkiye ya da T\u00fcrkistan kavram\u0131 \u00f6ne \u00e7\u0131km\u0131\u015ft\u0131r.\"\n            },\n            {\n                questionIcon: \"\ud83d\udc64\",\n                question: \"Mukan Ka\u011fan hangi y\u0131llar aras\u0131nda h\u00fck\u00fcm s\u00fcrm\u00fc\u015f ve hangi ba\u015far\u0131lar\u0131 elde etmi\u015ftir?\",\n                answerIcon: \"\u2b50\",\n                answer: \"<ul><li>553-573 y\u0131llar\u0131 aras\u0131nda h\u00fck\u00fcm s\u00fcrm\u00fc\u015ft\u00fcr<\/li><li>I. G\u00f6kt\u00fcrk Devleti'ne \u00e7ok parlak bir d\u00f6nem ya\u015fatm\u0131\u015ft\u0131r<\/li><li>Do\u011fuda Kore'den bat\u0131da Karadeniz'e kadar uzanan sahada ya\u015fayan T\u00fcrk boylar\u0131n\u0131 ve yabanc\u0131 kavimleri G\u00f6kt\u00fcrklere ba\u011flam\u0131\u015ft\u0131r<\/li><\/ul>\"\n            },\n            {\n                questionIcon: \"\ud83c\udf96\ufe0f\",\n                question: \"\u0130stemi Yabgu hangi g\u00f6revi \u00fcstlenmi\u015f ve ne yapm\u0131\u015ft\u0131r?\",\n                answerIcon: \"\u2694\ufe0f\",\n                answer: \"\u00dclkenin bat\u0131s\u0131n\u0131 idare etmi\u015f, komutas\u0131ndaki ordularla fetihler ger\u00e7ekle\u015ftirerek devletin s\u0131n\u0131rlar\u0131n\u0131 geni\u015fletmi\u015ftir.\"\n            },\n            {\n                questionIcon: \"\ud83e\udd1d\",\n                question: \"\u0130stemi Yabgu hangi iki b\u00fcy\u00fck g\u00fc\u00e7le ittifaklar kurmu\u015ftur?\",\n                answerIcon: \"\ud83c\udfdb\ufe0f\",\n                answer: \"D\u00f6nemin iki b\u00fcy\u00fck g\u00fcc\u00fc olan S\u00e2s\u00e2n\u00ee ve Bizans imparatorluklar\u0131 ile ittifaklar kurmu\u015ftur.\"\n            },\n            {\n                questionIcon: \"\ud83d\udca5\",\n                question: \"Ak Hun-Eftalit devleti hangi iki m\u00fcttefik taraf\u0131ndan y\u0131k\u0131lm\u0131\u015f ve topraklar\u0131 nas\u0131l payla\u015f\u0131lm\u0131\u015ft\u0131r?\",\n                answerIcon: \"\ud83d\udcdc\",\n                answer: \"<ul><li>\u0130stemi Yabgu ve S\u00e2s\u00e2n\u00ee \u0130mparatorlu\u011fu (An\u00fb\u015f\u00eerv\u00e2n \u00c2dil) taraf\u0131ndan y\u0131k\u0131lm\u0131\u015ft\u0131r (557)<\/li><li>Topraklar\u0131 Ceyhun s\u0131n\u0131r olmak \u00fczere iki m\u00fcttefik aras\u0131nda payla\u015f\u0131lm\u0131\u015ft\u0131r<\/li><li>\u0130\u00e7 Asya kervan yolu \u00fc\u00e7\u00fcnc\u00fc kere T\u00fcrklerin eline ge\u00e7mi\u015ftir<\/li><\/ul>\"\n            },\n            {\n                questionIcon: \"\u274c\",\n                question: \"An\u00fb\u015f\u00eerv\u00e2n neden \u0130stemi'nin el\u00e7ilerini \u00f6ld\u00fcrtt\u00fc?\",\n                answerIcon: \"\u26a0\ufe0f\",\n                answer: \"<ul><li>Kervan yolunun M\u00e2vera\u00fcnnehir g\u00fczerg\u00e2h\u0131n\u0131 da ele ge\u00e7irmek istiyordu<\/li><li>Kendi \u00fclkesinden Akdeniz limanlar\u0131na ve Bizans'a yap\u0131lan ipek nakliyat\u0131n\u0131 durdurdu<\/li><li>\u0130stemi'nin g\u00f6nderdi\u011fi el\u00e7ileri hile ile \u00f6ld\u00fcrtt\u00fc<\/li><\/ul>\"\n            },\n            {\n                questionIcon: \"\ud83d\udeb6\",\n                question: \"Orta Asya'dan Do\u011fu Roma'ya giden ilk resm\u00ee heyet ne zaman g\u00f6nderilmi\u015ftir?\",\n                answerIcon: \"\ud83d\udcc5\",\n                answer: \"567 y\u0131l\u0131nda \u0130stemi taraf\u0131ndan Bizans'a (\u0130stanbul'a) g\u00f6nderilmi\u015ftir. Tarihte bu, Orta Asya'dan Do\u011fu Roma'ya giden ilk resm\u00ee heyet idi.\"\n            },\n            {\n                questionIcon: \"\ud83d\udcdd\",\n                question: \"\u0130mparator II. Justinos \u0130stemi'nin mektubunu hangi dilde okutmu\u015ftur?\",\n                answerIcon: \"\ud83d\udde3\ufe0f\",\n                answer: \"\u0130skit\u00e7e (T\u00fcrk\u00e7e) okutmu\u015ftur. \u0130pek meselesi G\u00f6k-T\u00fcrkler kadar Bizans'\u0131 da ilgilendirdi\u011fi i\u00e7in \u0130mparator II. Justinos, T\u00fcrk el\u00e7ilerini ilgi ile kar\u015f\u0131lam\u0131\u015ft\u0131r.\"\n            },\n            {\n                questionIcon: \"\u26a1\",\n                question: \"G\u00f6kt\u00fcrkler ne zaman ve neden ikiye ayr\u0131lm\u0131\u015ft\u0131r?\",\n                answerIcon: \"\ud83d\udcca\",\n                answer: \"582 y\u0131l\u0131nda taht kavgalar\u0131 ve \u00c7in'in entrikalar\u0131 nedeniyle do\u011fu ve bat\u0131 olmak \u00fczere ikiye ayr\u0131lm\u0131\u015ft\u0131r.\"\n            },\n            {\n                questionIcon: \"\ud83d\udd1a\",\n                question: \"Do\u011fu G\u00f6kt\u00fcrklere ne zaman ve kim taraf\u0131ndan son verilmi\u015ftir?\",\n                answerIcon: \"\ud83d\udcc6\",\n                answer: \"630 y\u0131l\u0131nda \u00c7in \u0130mparatorlu\u011fu taraf\u0131ndan son verilmi\u015ftir. Bat\u0131 G\u00f6kt\u00fcrkler de kendisine ba\u011fl\u0131 bir\u00e7ok beyli\u011fe ayr\u0131lm\u0131\u015ft\u0131r.\"\n            },\n            {\n                questionIcon: \"\ud83c\udd95\",\n                question: \"II. G\u00f6kt\u00fcrk Devleti kim \u00f6nderli\u011finde, ne zaman kurulmu\u015ftur?\",\n                answerIcon: \"\ud83c\udfaf\",\n                answer: \"Yakla\u015f\u0131k 50 y\u0131l \u00c7in esaretinde ya\u015fayan T\u00fcrkler, Kutluk Ka\u011fan \u00f6nderli\u011finde 682 y\u0131l\u0131nda ba\u011f\u0131ms\u0131zl\u0131\u011f\u0131n\u0131 kazanarak II. G\u00f6kt\u00fcrk Devleti'ni kurmu\u015ftur.\"\n            },\n            {\n                questionIcon: \"\ud83d\udc51\",\n                question: \"Kapgan Ka\u011fan hangi y\u0131llar aras\u0131nda h\u00fck\u00fcm s\u00fcrm\u00fc\u015f ve hangi ba\u015far\u0131lar\u0131 elde etmi\u015ftir?\",\n                answerIcon: \"\ud83c\udfc6\",\n                answer: \"<ul><li>692-716 y\u0131llar\u0131 aras\u0131nda h\u00fck\u00fcm s\u00fcrm\u00fc\u015ft\u00fcr<\/li><li>T\u00fcrk tarihinin b\u00fcy\u00fck fatihlerinden biridir<\/li><li>T\u00fcrkistan'daki t\u00fcm T\u00fcrk boylar\u0131n\u0131 bir bayrak alt\u0131nda toplam\u0131\u015ft\u0131r<\/li><li>\u00c7in \u0130mparatorlu\u011fu'nu yeniden bask\u0131 alt\u0131na alm\u0131\u015ft\u0131r<\/li><\/ul>\"\n            },\n            {\n                questionIcon: \"\ud83d\udd3b\",\n                question: \"II. G\u00f6kt\u00fcrk Devleti'ne ne zaman ve kimler taraf\u0131ndan son verilmi\u015ftir?\",\n                answerIcon: \"\u23f3\",\n                answer: \"Bilge Ka\u011fan'dan sonra zay\u0131flayan II. G\u00f6kt\u00fcrk Devleti'ne 745 y\u0131l\u0131nda Karluk, Basmil ve Uygurlar taraf\u0131ndan son verilmi\u015ftir.\"\n            },\n            {\n                questionIcon: \"\ud83d\udc64\",\n                question: \"G\u00f6k T\u00fcrklerde h\u00fck\u00fcmdar hangi unvan\u0131 ta\u015f\u0131yordu ve h\u00fck\u00fcmdarl\u0131k sembolleri nelerdi?\",\n                answerIcon: \"\ud83c\udf96\ufe0f\",\n                answer: \"<ul><li>H\u00fck\u00fcmdar ka\u011fan unvan\u0131n\u0131 ta\u015f\u0131yordu<\/li><li>H\u00fck\u00fcmdarl\u0131k sembolleri: Ota\u011f, taht, tu\u011f, davul ve yay<\/li><\/ul>\"\n            },\n            {\n                questionIcon: \"\u2728\",\n                question: \"G\u00f6k T\u00fcrklerde 'kut' ne anlama geliyordu?\",\n                answerIcon: \"\ud83d\udcab\",\n                answer: \"<ul><li>Siyasi iktidar 'kut' tabiri ile ifade ediliyordu<\/li><li>Ka\u011fanl\u0131k ki\u015fiye Tanr\u0131 taraf\u0131ndan verilirdi<\/li><\/ul>\"\n            },\n            {\n                questionIcon: \"\u2696\ufe0f\",\n                question: \"Ka\u011fan\u0131n kut'u hangi durumda geri al\u0131n\u0131rd\u0131?\",\n                answerIcon: \"\ud83d\udccb\",\n                answer: \"<ul><li>Milleti i\u00e7in gece g\u00fcnd\u00fcz \u00e7al\u0131\u015fmayan ka\u011fan<\/li><li>Milletine kar\u015f\u0131 vazifelerini yerine getirmedi\u011fi i\u00e7in kut'unun Tanr\u0131 taraf\u0131ndan geri al\u0131nd\u0131\u011f\u0131 gerek\u00e7esiyle iktidardan d\u00fc\u015f\u00fcr\u00fcl\u00fcrd\u00fc<\/li><li>716 y\u0131l\u0131nda \u0130nel'in tahttan indirilmesi bu sebeple olmu\u015ftur<\/li><\/ul>\"\n            },\n            {\n                questionIcon: \"\u2696\ufe0f\",\n                question: \"G\u00f6k T\u00fcrklerde 't\u00f6re' nedir ve T\u00fcrk h\u00fck\u00fcmdar\u0131n\u0131n t\u00f6re ile ili\u015fkisi nas\u0131ld\u0131?\",\n                answerIcon: \"\ud83d\udcdc\",\n                answer: \"<ul><li>T\u00f6re: S\u00f6zl\u00fc hukuk kurallar\u0131d\u0131r<\/li><li>T\u00fcrk h\u00fck\u00fcmdar\u0131 kanunlar\u0131 (t\u00f6re) uygular<\/li><li>Kendisi de uyar fakat kanun yapamazd\u0131<\/li><\/ul>\"\n            },\n            {\n                questionIcon: \"\ud83d\udd12\",\n                question: \"T\u00f6renin kesinlikle de\u011fi\u015fmeyen h\u00fck\u00fcmleri nelerdir?\",\n                answerIcon: \"\u2705\",\n                answer: \"<ul><li>K\u00f6nilik (adalet)<\/li><li>Uzluk (iyilik, faydal\u0131l\u0131k)<\/li><li>Ki\u015filik (insanl\u0131k)<\/li><\/ul>\"\n            },\n            {\n                questionIcon: \"\ud83c\udfdb\ufe0f\",\n                question: \"G\u00f6k T\u00fcrklerde meclisin ad\u0131 neydi ve ba\u015fkan\u0131 kimdi?\",\n                answerIcon: \"\ud83d\udc65\",\n                answer: \"<ul><li>Meclis kelimesinin kar\u015f\u0131l\u0131\u011f\u0131 'toy' idi<\/li><li>G\u00f6k T\u00fcrk ka\u011fanlar\u0131 meclisin tabii ba\u015fkan\u0131 oluyorlard\u0131<\/li><li>Ka\u011fan\u0131n icraat\u0131 millet taraf\u0131ndan meclis vas\u0131tas\u0131yla kontrol ediliyordu<\/li><\/ul>\"\n            },\n            {\n                questionIcon: \"\u274c\",\n                question: \"Bilge Ka\u011fan'\u0131n hangi teklifleri meclis taraf\u0131ndan kabul edilmemi\u015fti?\",\n                answerIcon: \"\ud83d\udeab\",\n                answer: \"<ul><li>G\u00f6kt\u00fcrk \u015fehirlerinin etraf\u0131n\u0131n surla \u00e7evrilmesi<\/li><li>Budizmin \u00fclkede propaganda edilmesi teklifleri meclis taraf\u0131ndan kabul edilmemi\u015fti<\/li><\/ul>\"\n            },\n            {\n                questionIcon: \"\ud83c\udfe2\",\n                question: \"G\u00f6k T\u00fcrklerde 'ayuk' nedir?\",\n                answerIcon: \"\ud83d\udcca\",\n                answer: \"<ul><li>H\u00fck\u00fbmetin kar\u015f\u0131l\u0131\u011f\u0131 'ayuk' tabiri idi<\/li><li>Co\u011frafi \u015fartlar ve \u00fclkenin durumu sebebiyle toyun her zaman toplanmas\u0131 m\u00fcmk\u00fcn olam\u0131yordu<\/li><li>Memleket i\u015flerinin as\u0131l g\u00f6r\u00fc\u015f\u00fclmesi gerekti\u011fi anlarda ayuk devreye giriyor<\/li><li>B\u00fct\u00fcn as\u0131l meseleler o an i\u00e7in ayukta konu\u015fuluyordu<\/li><\/ul>\"\n            },\n            {\n                questionIcon: \"\ud83d\udd13\",\n                question: \"G\u00f6k T\u00fcrk Devleti'nde kulluk ve k\u00f6lelik durumu nas\u0131ld\u0131?\",\n                answerIcon: \"\u2705\",\n                answer: \"G\u00f6k T\u00fcrk Devleti'nde kulluk ve k\u00f6lelik yoktu. Yani insanlar\u0131n hepsi h\u00fcrd\u00fc.\"\n            },\n            {\n                questionIcon: \"\ud83d\udc69\",\n                question: \"G\u00f6k T\u00fcrklerde kad\u0131nlar\u0131n toplumsal durumu nas\u0131ld\u0131?\",\n                answerIcon: \"\ud83d\udcaa\",\n                answer: \"Kad\u0131nlar\u0131n da toplumda \u00f6nemli yerleri vard\u0131. Devlet i\u015flerinde s\u00f6z sahibi idiler.\"\n            },\n            {\n                questionIcon: \"\u2696\ufe0f\",\n                question: \"G\u00f6k T\u00fcrklerde adliye m\u00fcessesesi ve 'yargular'\u0131n g\u00f6revleri nelerdi?\",\n                answerIcon: \"\ud83d\udccb\",\n                answer: \"<ul><li>G\u00f6k T\u00fcrk Devleti'nde bir adliye m\u00fcessesesi vard\u0131<\/li><li>Yargular\u0131n vazifeleri t\u00f6reyi ve \u00f6rfi hukuku uygulamakt\u0131<\/li><li>H\u00fck\u00fcmdarlar da mahkeme ba\u015fkanl\u0131\u011f\u0131 yani yarganl\u0131k yaparlard\u0131<\/li><\/ul>\"\n            },\n            {\n                questionIcon: \"\ud83d\udc78\",\n                question: \"G\u00f6kt\u00fcrkler'de Hatun'un devlet i\u015flerindeki yeri neydi?\",\n                answerIcon: \"\ud83e\udd1d\",\n                answer: \"Uygurlarda da g\u00f6rece\u011fimiz gibi, G\u00f6kt\u00fcrkler'de Ka\u011fan'\u0131n kar\u0131s\u0131 hatun devlet i\u015flerinde kocas\u0131yla birlikte s\u00f6z sahibidir.\"\n            },\n            {\n                questionIcon: \"\ud83d\udee1\ufe0f\",\n                question: \"G\u00f6kt\u00fcrklerde ve Uygurlarda askerler nas\u0131l z\u0131rh kullanm\u0131\u015flard\u0131r?\",\n                answerIcon: \"\u2694\ufe0f\",\n                answer: \"<ul><li>Hafif z\u0131rh kullanm\u0131\u015flard\u0131r<\/li><li>\u00c7ince kaynaklarda B\u00f6r\u00fcler diye adland\u0131r\u0131lan vurucu g\u00fcce sahip z\u0131rhl\u0131 s\u00fcvarilerin bulunmas\u0131 ayr\u0131 bir \u00fcst\u00fcnl\u00fckt\u00fc<\/li><\/ul>\"\n            },\n            {\n                questionIcon: \"\ud83d\udde1\ufe0f\",\n                question: \"Kaynaklarda ge\u00e7en sava\u015f ara\u00e7 ve gere\u00e7lerinden baz\u0131lar\u0131 nelerdir?\",\n                answerIcon: \"\u2694\ufe0f\",\n                answer: \"At, ok, yay, k\u0131l\u0131\u00e7, han\u00e7er, ke\u015f, sadak, k\u0131n, kalkan, s\u00fcng\u00fc, topuz, kement, ate\u015f kulesi, mi\u011ffer\"\n            },\n            {\n                questionIcon: \"\ud83c\udf96\ufe0f\",\n                question: \"T\u00fcrk ordusunun \u00f6zellikleri nelerdir?\",\n                answerIcon: \"\ud83d\udcaa\",\n                answer: \"<ul><li>Ordu-millet olan T\u00fcrklerin en b\u00fcy\u00fck hususiyetlerinden birisi sava\u015f\u00e7\u0131l\u0131klar\u0131d\u0131r<\/li><li>Bar\u0131\u015f zaman\u0131nda g\u00fcnl\u00fck i\u015fleriyle me\u015fgul olan bu halk, sava\u015f d\u00f6neminde top-yek\u00fbn seferberlik halinde bulunuyordu<\/li><li>Kad\u0131nlar da birliklere veya ordulara kumanda edebiliyordu<\/li><li>Kad\u0131nlar at \u00fcst\u00fcnde oklar\u0131, yaylar\u0131 ve k\u0131l\u0131\u00e7lar\u0131 oldu\u011fu halde harplere kat\u0131l\u0131yordu<\/li><li>T\u00fcrk ordusu \u00fccretli de\u011fildir<\/li><li>T\u00fcrk ordusu da\u00eemidir<\/li><li>T\u00fcrk ordusu temelde atl\u0131 birliklerden olu\u015fur<\/li><\/ul>\"\n            },\n            {\n                questionIcon: \"\ud83c\udff0\",\n                question: \"B\u00fcy\u00fck Uygur Ka\u011fanl\u0131\u011f\u0131 ne zaman ve kim taraf\u0131ndan kurulmu\u015ftur?\",\n                answerIcon: \"\ud83d\udc51\",\n                answer: \"<ul><li>G\u00f6kt\u00fcrk Devleti ortadan kalk\u0131nca Basm\u0131llar'\u0131n idaresinde yeni bir ka\u011fanl\u0131k kuruldu<\/li><li>745 y\u0131l\u0131nda Uygur yabgusu Basm\u0131l ka\u011fan\u0131n\u0131 yenilgiye u\u011frat\u0131p kendini ka\u011fan il\u00e2n etti<\/li><li>Kutlu\u011f Bilge K\u00f6l unvan\u0131n\u0131 ald\u0131<\/li><li>B\u00f6ylece B\u00fcy\u00fck Uygur Ka\u011fanl\u0131\u011f\u0131 kurulmu\u015f oldu<\/li><\/ul>\"\n            },\n            {\n                questionIcon: \"\ud83c\udde8\ud83c\uddf3\",\n                question: \"Uygurlar\u0131n \u00c7in'le ili\u015fkileri nas\u0131ld\u0131?\",\n                answerIcon: \"\ud83d\udcb0\",\n                answer: \"Bu devirde Uygurlar, \u00c7in'de rahat otorite kurabilmek i\u00e7in bu \u00fclkeye yard\u0131m ettiler ve y\u0131ll\u0131k vergi ald\u0131lar.\"\n            },\n            {\n                questionIcon: \"\ud83d\ude4f\",\n                question: \"Uygurlar hangi ka\u011fan d\u00f6neminde Maniheizm'i resmen kabul etmi\u015ftir?\",\n                answerIcon: \"\u26ea\",\n                answer: \"B\u00f6g\u00fc Ka\u011fan d\u00f6neminde Maniheizm'i resmen kabul etmi\u015flerdir.\"\n            },\n            {\n                questionIcon: \"\ud83d\udcc8\",\n                question: \"Uygurlar\u0131n y\u00fckseli\u015fi ve zirveye ula\u015fmas\u0131 hangi ka\u011fanlar d\u00f6neminde olmu\u015ftur?\",\n                answerIcon: \"\u2b50\",\n                answer: \"<ul><li>Moyen-\u00c7or (Bayan-\u00c7or) Ka\u011fan'la kuvvetlenmi\u015ftir<\/li><li>B\u00f6g\u00fc Ka\u011fan ile parlam\u0131\u015ft\u0131r<\/li><li>Kutlu\u011f Bilge Ka\u011fan ile zirveye ula\u015fm\u0131\u015ft\u0131r<\/li><li>821'den sonra gerilemeye ba\u015flam\u0131\u015flard\u0131r<\/li><\/ul>\"\n            },\n            {\n                questionIcon: \"\ud83d\udc94\",\n                question: \"Uygur Ka\u011fanl\u0131\u011f\u0131 ne zaman ve nas\u0131l y\u0131k\u0131lm\u0131\u015ft\u0131r?\",\n                answerIcon: \"\ud83d\udcc9\",\n                answer: \"<ul><li>821'den sonra gerilemeye ba\u015flad\u0131lar<\/li><li>Kuzeyde K\u0131rg\u0131zlar'la tekrar sava\u015f \u00e7\u0131kt\u0131<\/li><li>\u00c7in saray\u0131n\u0131n entrikalar\u0131 ka\u011fanl\u0131k ailesinin g\u00fcc\u00fcn\u00fc zay\u0131flatt\u0131<\/li><li>840 y\u0131l\u0131ndaki K\u0131rg\u0131z sald\u0131r\u0131s\u0131 ka\u011fanl\u0131\u011f\u0131n sonunu getirdi<\/li><li>Bunda sava\u015f\u00e7\u0131 ruhunu gev\u015feten Maniheizm'in rol\u00fc b\u00fcy\u00fckt\u00fcr<\/li><\/ul>\"\n            },\n            {\n                questionIcon: \"\ud83c\udf0d\",\n                question: \"Uygur \u00d6zerk B\u00f6lgesi ne zaman kurulmu\u015ftur ve Uygurlar bug\u00fcn nerede ya\u015famaktad\u0131r?\",\n                answerIcon: \"\ud83d\udccd\",\n                answer: \"<ul><li>1955'te Uygur \u00d6zerk B\u00f6lgesi kuruldu<\/li><li>Bug\u00fcn Uygurlar'\u0131n \u00e7o\u011funlu\u011fu bu b\u00f6lgede ya\u015famaktad\u0131r<\/li><li>Bir k\u0131s\u0131m Uygurlar ise buraya kom\u015fu olan K\u0131rg\u0131zistan'da kald\u0131lar<\/li><\/ul>\"\n            },\n            {\n                questionIcon: \"\ud83d\udd04\",\n                question: \"Uygurlar\u0131n hayat tarz\u0131n\u0131n de\u011fi\u015fmesinin sebepleri nelerdir?\",\n                answerIcon: \"\ud83d\udcca\",\n                answer: \"<ul><li>Uygur Ka\u011fanl\u0131\u011f\u0131, G\u00f6k T\u00fcrk Devleti'nin sahip oldu\u011fu miras\u0131n \u00fczerine kuruldu\u011fu i\u00e7in bozk\u0131r k\u00fclt\u00fcr\u00fcn\u00fcn gelene\u011fini s\u00fcrd\u00fcr\u00fcyordu<\/li><li>Ancak zamanla \u00c7inlilerle fazla yak\u0131nla\u015fma<\/li><li>Maniheizm'in \u00fclkede kabul g\u00f6rmesi hayat tarz\u0131n\u0131 eskisine g\u00f6re de\u011fi\u015ftirmelerine sebep oldu<\/li><\/ul>\"\n            },\n            {\n                questionIcon: \"\u2728\",\n                question: \"Maniheizm'in artan etkisini g\u00f6steren de\u011fi\u015fiklik nedir?\",\n                answerIcon: \"\ud83d\udd24\",\n                answer: \"\u0130kinci hanedandan itibaren unvanlar\u0131n de\u011fi\u015fmesi 'ay' ve 'k\u00fcn' gibi Maniheizm'in artan etkisini a\u00e7\u0131k\u00e7a g\u00f6steriyordu.\"\n            },\n            {\n                questionIcon: \"\ud83c\udfdb\ufe0f\",\n                question: \"Uygurlar\u0131n devlet merkezi neresi idi ve y\u00f6netim sistemi nas\u0131ld\u0131?\",\n                answerIcon: \"\ud83d\udccd\",\n                answer: \"<ul><li>Karabalasagun, devletin merkeziydi<\/li><li>Devlet meclisi burada toplan\u0131rd\u0131<\/li><li>G\u00f6k T\u00fcrklerin kulland\u0131\u011f\u0131 b\u00fct\u00fcn unvanlar\u0131n daha sonra Uygurlar taraf\u0131ndan da devlet sistemi i\u00e7inde aynen kullan\u0131ld\u0131\u011f\u0131n\u0131 g\u00f6r\u00fcyoruz<\/li><\/ul>\"\n            },\n            {\n                questionIcon: \"\ud83c\udfd8\ufe0f\",\n                question: \"B\u00f6g\u00fc Ka\u011fan'\u0131n amac\u0131 neydi?\",\n                answerIcon: \"\ud83c\udfaf\",\n                answer: \"B\u00f6g\u00fc Ka\u011fan, Uygurlar\u0131n yerle\u015fik hayata ge\u00e7mesini ama\u00e7lam\u0131\u015ft\u0131r.\"\n            },\n            {\n                questionIcon: \"\ud83d\udc78\",\n                question: \"T\u00fcrk devletinde ka\u011fandan sonra ikinci s\u0131ray\u0131 kim almaktad\u0131r?\",\n                answerIcon: \"\ud83d\udc51\",\n                answer: \"T\u00fcrk devletinde ka\u011fandan sonra ikinci s\u0131ray\u0131 katun almaktad\u0131r. G\u00fcn\u00fcm\u00fcz T\u00fcrk\u00e7esinde ise bu ad\u0131 kad\u0131n \u015feklinde g\u00f6rmekteyiz.\"\n            },\n            {\n                questionIcon: \"\u2696\ufe0f\",\n                question: \"Katunlar nas\u0131l katunluk makam\u0131na oturuyorlard\u0131?\",\n                answerIcon: \"\ud83d\udcdc\",\n                answer: \"Katunlar, ka\u011fanlar gibi t\u00f6re ile katunluk makam\u0131na oturuyorlard\u0131.\"\n            },\n            {\n                questionIcon: \"\u2694\ufe0f\",\n                question: \"Katunlar\u0131n sava\u015flardaki yeri nas\u0131ld\u0131?\",\n                answerIcon: \"\ud83d\udee1\ufe0f\",\n                answer: \"<ul><li>Sava\u015flarda katunlar\u0131n, ka\u011fanlar\u0131n yan\u0131nda yer ald\u0131klar\u0131 bilinen bir ger\u00e7ektir<\/li><li>Kad\u0131nlar zaman zaman ordulara bile komuta ediyorlard\u0131<\/li><\/ul>\"\n            },\n            {\n                questionIcon: \"\ud83d\udc69\",\n                question: \"\u0130l-teber Pusat'\u0131n annesi hakk\u0131nda ne s\u00f6ylenebilir?\",\n                answerIcon: \"\ud83d\udcaa\",\n                answer: \"Uygur birli\u011finin temellerini atan \u0130l-teber Pusat'\u0131n annesi son derece otoriter ve t\u00f6relere sad\u0131k bir kad\u0131nd\u0131.\"\n            },\n            {\n                questionIcon: \"\ud83d\uddf3\ufe0f\",\n                question: \"Kad\u0131nlar\u0131n devlet meclislerindeki durumu nas\u0131ld\u0131?\",\n                answerIcon: \"\u2705\",\n                answer: \"Kad\u0131nlar\u0131n devlet meclislerine kat\u0131ld\u0131klar\u0131n\u0131 ve oy sahibi olduklar\u0131n\u0131 g\u00f6r\u00fcyoruz.\"\n            },\n            {\n                questionIcon: \"\ud83e\udd1d\",\n                question: \"725'te \u00c7in'den gelen el\u00e7iyi kar\u015f\u0131layan heyet aras\u0131nda kimler vard\u0131?\",\n                answerIcon: \"\ud83d\udc65\",\n                answer: \"725'te \u00c7in'den gelen el\u00e7iyi kar\u015f\u0131layan heyet aras\u0131nda Bilge Ka\u011fan'\u0131n kar\u0131s\u0131 Po-fu (Bodhug) Katun da yer almaktayd\u0131.\"\n            },\n            {\n                questionIcon: \"\ud83d\udc51\",\n                question: \"730-731'lerde Hazar beyi \u00f6ld\u00fc\u011f\u00fcnde \u00fclkenin y\u00f6netimini kim \u00fcstlenmi\u015fti?\",\n                answerIcon: \"\ud83d\udc78\",\n                answer: \"730-731'lerde Hazar beyi \u00f6ld\u00fc\u011f\u00fcnde, \u00fclkenin y\u00f6netimini anas\u0131 Bars Bike \u00fcstlenmi\u015fti.\"\n            },\n            {\n                questionIcon: \"\ud83d\udcdc\",\n                question: \"T\u00fcrk devletinde fermanlar nas\u0131l ba\u015flamal\u0131yd\u0131?\",\n                answerIcon: \"\u270d\ufe0f\",\n                answer: \"Fermanlar\u0131n muhakkak surette 'hakan ile hatun buyurur ki\u2026' diye ba\u015flamas\u0131 laz\u0131md\u0131.\"\n            },\n            {\n                questionIcon: \"\ud83c\udde8\ud83c\uddf3\",\n                question: \"\u00c7in'de hangi ahlak sistemi etkili olmu\u015ftur?\",\n                answerIcon: \"\ud83d\udcda\",\n                answer: \"\u00c7in'de farkl\u0131 hanedanl\u0131klar h\u00fck\u00fcm s\u00fcr\u00fcyordu. \u00c7in'de bir ahlak sistemi olan Konf\u00fc\u00e7y\u00fcs\u00e7\u00fcl\u00fck etkili olmu\u015ftur.\"\n            },\n            {\n                questionIcon: \"\ud83d\udee4\ufe0f\",\n                question: \"\u00c7in \u0130mparatorlu\u011fu kimlerle \u0130pek yolu ticareti i\u00e7in m\u00fccadele etmi\u015ftir?\",\n                answerIcon: \"\u2694\ufe0f\",\n                answer: \"\u00c7in \u0130mparatorlu\u011fu \u0130pek yolu ticareti i\u00e7in G\u00f6kt\u00fcrkler ve Uygurlarla m\u00fccadele etmi\u015ftir.\"\n            },\n            {\n                questionIcon: \"\ud83d\udc64\",\n                question: \"\u00c7in'de h\u00fck\u00fcmdar G\u00f6k dinine g\u00f6re ne idi?\",\n                answerIcon: \"\u2601\ufe0f\",\n                answer: \"\u00c7in'de h\u00fck\u00fcmdar G\u00f6k dinine g\u00f6re, g\u00f6\u011f\u00fcn yery\u00fcz\u00fcnde temsilcisi idi.\"\n            },\n            {\n                questionIcon: \"\ud83d\udc51\",\n                question: \"\u00c7in'de h\u00fck\u00fcmdarl\u0131k ve veliahtl\u0131k nas\u0131l belirlenir?\",\n                answerIcon: \"\ud83d\udccb\",\n                answer: \"<ul><li>H\u00fck\u00fcmdarl\u0131k babadan o\u011fula ge\u00e7mekte<\/li><li>Ba\u015f kad\u0131n\u0131n b\u00fcy\u00fck o\u011flu veliaht say\u0131lmakta idi<\/li><\/ul>\"\n            },\n            {\n                questionIcon: \"\ud83d\udc65\",\n                question: \"\u00c7in'de halk hangi z\u00fcmrelere ayr\u0131lm\u0131\u015ft\u0131r?\",\n                answerIcon: \"\ud83d\udcca\",\n                answer: \"<ul><li>\u00c7in'de sosyal durumlar\u0131na g\u00f6re halk iki z\u00fcmreye ayr\u0131lm\u0131\u015f:<\/li><li>\u015ee'ler (asiller)<\/li><li>Nong'lar (k\u00f6yl\u00fcler)<\/li><li>Bu s\u0131n\u0131flar\u0131n d\u0131\u015f\u0131nda ayr\u0131ca k\u00f6lelik m\u00fcessesesine de yer verilmi\u015ftir<\/li><\/ul>\"\n            },\n            {\n                questionIcon: \"\ud83c\udfd4\ufe0f\",\n                question: \"\u00c7in \u0130mparatorlu\u011fu'nun T\u00fcrkistan ile ilgili amac\u0131 neydi?\",\n                answerIcon: \"\ud83c\udfaf\",\n                answer: \"Eski \u00c7a\u011f'dan itibaren \u00c7in \u0130mparatorlu\u011fu, T\u00fcrkistan b\u00f6lgesini kontrol alt\u0131na almak istemi\u015ftir.\"\n            },\n            {\n                questionIcon: \"\ud83d\udc64\",\n                question: \"Tang Hanedanl\u0131\u011f\u0131'na alt\u0131n \u00e7a\u011f\u0131n\u0131 ya\u015fatan imparator kimdir?\",\n                answerIcon: \"\u2b50\",\n                answer: \"Tang Hanedanl\u0131\u011f\u0131'na alt\u0131n \u00e7a\u011f\u0131n\u0131 ya\u015fatan \u0130mparator Xuanzong (\u00c7unzong)'dur. T\u00fcrkler ve M\u00fcsl\u00fcman Araplarla T\u00fcrkistan h\u00e2kimiyeti m\u00fccadelesine giri\u015fmi\u015ftir.\"\n            },\n            {\n                questionIcon: \"\u2694\ufe0f\",\n                question: \"Talas Sava\u015f\u0131 ne zaman, kimler aras\u0131nda yap\u0131lm\u0131\u015f ve sonucu ne olmu\u015ftur?\",\n                answerIcon: \"\ud83d\udcc5\",\n                answer: \"<ul><li>Talas Sava\u015f\u0131 751 y\u0131l\u0131nda yap\u0131lm\u0131\u015ft\u0131r<\/li><li>\u00c7in \u0130mparatorlu\u011fu ile M\u00fcsl\u00fcman Araplar (Abbasiler) aras\u0131nda<\/li><li>Bu m\u00fccadeleyi Abbasilere kar\u015f\u0131 kaybeden \u00c7in \u0130mparatorlu\u011fu'nun T\u00fcrkistan'daki n\u00fcfuzu sona ermi\u015ftir<\/li><\/ul>\"\n            },\n            {\n                questionIcon: \"\ud83c\uddee\ud83c\uddf3\",\n                question: \"Hindistan'\u0131n siyasi durumu nas\u0131ld\u0131 ve toplum nas\u0131l b\u00f6l\u00fcnm\u00fc\u015ft\u00fc?\",\n                answerIcon: \"\ud83d\udcca\",\n                answer: \"<ul><li>Siyasi birli\u011fin olmad\u0131\u011f\u0131 Hindistan'da<\/li><li>Halk, kast sistemi y\u00fcz\u00fcnden kesin \u00e7izgilerle birbirinden ayr\u0131lm\u0131\u015ft\u0131<\/li><\/ul>\"\n            },\n            {\n                questionIcon: \"\ud83d\udccb\",\n                question: \"Hindistan'da kast sistemi nedir?\",\n                answerIcon: \"\u2696\ufe0f\",\n                answer: \"Hindistan'da ortaya \u00e7\u0131kan Kast sistemi, bir ki\u015finin toplumsal konumunun ya\u015fam\u0131 boyunca belirlendi\u011fi toplumsal bir d\u00fczendir.\"\n            },\n            {\n                questionIcon: \"\ud83d\udc65\",\n                question: \"Kast sistemi hangi s\u0131n\u0131flardan olu\u015fmu\u015ftur?\",\n                answerIcon: \"\ud83d\udcca\",\n                answer: \"<ul><li>Brahmanlar (din adamlar\u0131)<\/li><li>K\u015fatriyalar (askerler)<\/li><li>Vaisyalar (\u00e7al\u0131\u015fanlar)<\/li><li>Sudralar (i\u015f\u00e7iler ve k\u00f6leler)<\/li><\/ul>\"\n            },\n            {\n                questionIcon: \"\ud83d\udd04\",\n                question: \"Kast sisteminde bir ki\u015fi nas\u0131l \u00fcst kasta ge\u00e7ebilir?\",\n                answerIcon: \"\u2b06\ufe0f\",\n                answer: \"<ul><li>Kast grubunun \u00fcyesi; brahmanlara sayg\u0131l\u0131 olup kendi kast\u0131n\u0131n g\u00f6revlerini yerine getirirse<\/li><li>Di\u011fer hayat\u0131nda daha \u00fcst bir kastta do\u011facak<\/li><li>E\u011fer bunlar\u0131 yerine getirmezse daha alt bir kast\u0131n \u00fcyesi olarak yeniden d\u00fcnyaya gelecektir<\/li><\/ul>\"\n            },\n            {\n                questionIcon: \"\ud83d\udd12\",\n                question: \"Kast sisteminin \u00f6zellikleri nelerdir?\",\n                answerIcon: \"\ud83d\udccb\",\n                answer: \"<ul><li>Kast toplumlar\u0131nda farkl\u0131 toplumsal gruplar birbirlerine kapal\u0131d\u0131r<\/li><li>Bu sistemde herkes, bir daha terk edemeyece\u011fi bir kast i\u00e7inde do\u011far<\/li><li>Bu kasttan e\u015f se\u00e7er ve bu kast i\u00e7inde \u00f6l\u00fcr<\/li><li>Her kast bireyinin alabilece\u011fi e\u011fitim ve yapabilece\u011fi meslek t\u00fcrleri bellidir<\/li><li>Bu d\u00fczende insanlar\u0131n di\u011fer kastlar\u0131n \u00fcyeleriyle ba\u011flant\u0131 kurmalar\u0131 engellenmi\u015ftir<\/li><\/ul>\"\n            },\n            {\n                questionIcon: \"\ud83d\ude4f\",\n                question: \"Hindistan'da hangi dinler etkili olmu\u015ftur?\",\n                answerIcon: \"\u26ea\",\n                answer: \"Hindistan'da din olarak Brahmanizm ve Budizm etkiliydi.\"\n            }\n        ];\n\n        let currentCardIndex = 0;\n        let isFlipped = false;\n\n        function loadCard(index) {\n            const card = flashcards[index];\n            document.getElementById('question-icon').textContent = card.questionIcon;\n            document.getElementById('question-text').textContent = card.question;\n            document.getElementById('answer-icon').textContent = card.answerIcon;\n            document.getElementById('answer-text').innerHTML = card.answer;\n            document.getElementById('current').textContent = index + 1;\n            \n            \/\/ Reset flip state\n            document.getElementById('flashcard').classList.remove('flipped');\n            isFlipped = false;\n            \n            \/\/ Update buttons\n            document.getElementById('prevBtn').disabled = index === 0;\n            document.getElementById('nextBtn').disabled = index === flashcards.length - 1;\n        }\n\n        function flipCard() {\n            const card = document.getElementById('flashcard');\n            card.classList.toggle('flipped');\n            isFlipped = !isFlipped;\n        }\n\n        function nextCard() {\n            if (currentCardIndex < flashcards.length - 1) {\n                currentCardIndex++;\n                loadCard(currentCardIndex);\n            }\n        }\n\n        function previousCard() {\n            if (currentCardIndex > 0) {\n                currentCardIndex--;\n                loadCard(currentCardIndex);\n            }\n        }\n\n        \/\/ Keyboard navigation\n        document.addEventListener('keydown', function(event) {\n            if (event.key === 'ArrowLeft') {\n                previousCard();\n            } else if (event.key === 'ArrowRight') {\n                nextCard();\n            } else if (event.key === ' ' || event.key === 'Enter') {\n                event.preventDefault();\n                flipCard();\n            }\n        });\n\n        \/\/ Click on card to flip\n        document.getElementById('flashcard').addEventListener('click', flipCard);\n\n        \/\/ Initialize\n        document.getElementById('total').textContent = flashcards.length;\n        loadCard(0);\n    <\/script>\n<\/body>\n<\/html>\n\n\n\n<p class=\"wp-block-paragraph\"><\/p>\n","protected":false},"excerpt":{"rendered":"<div class=\"mh-excerpt\"><p>Bu yaz\u0131m\u0131zda g\u00fcncel m\u00fcfredata g\u00f6re haz\u0131rlad\u0131\u011f\u0131m\u0131z&nbsp;9. s\u0131n\u0131f tarih dersi 3. \u00fcnitesi&nbsp;olan&nbsp;Orta \u00c7a\u011f Medeniyetleri&nbsp;\u00fcnitesinin&nbsp;i\u00e7inde yer alan&nbsp;Orta \u00c7a\u011f\u2019daki Siyasi ve Askeri Geli\u015fmeler yaz\u0131l\u0131ya haz\u0131rl\u0131k&nbsp;\u00e7al\u0131\u015fmam\u0131z\u0131 payla\u015f\u0131yoruz.&nbsp;Orta \u00c7a\u011f\u2019daki Siyasi <a class=\"mh-excerpt-more\" href=\"https:\/\/tarihkursu.com\/index.php\/2026\/03\/31\/2-orta-cagdaki-siyasi-ve-askeri-gelismeler-yaziliya-hazirlik-soru-cevap-flashcart\/\" title=\"#2 Orta \u00c7a\u011f\u2019daki Siyasi ve Askeri Geli\u015fmeler Yaz\u0131l\u0131ya Haz\u0131rl\u0131k Soru-Cevap (flashcart)\">[&#8230;]<\/a><\/p>\n<\/div>","protected":false},"author":2,"featured_media":2819,"comment_status":"open","ping_status":"open","sticky":false,"template":"","format":"standard","meta":{"_regular_price":[],"currency_symbol":[],"footnotes":""},"categories":[150,113],"tags":[285,286,241],"class_list":["post-3144","post","type-post","status-publish","format-standard","has-post-thumbnail","hentry","category-9-sinif-tarih-2","category-9-sinf-tarih-soru-cevap","tag-9-sinif-tarih-flashcard","tag-9-sinif-tarih-soru-cevap-2","tag-9-sinif-tarih-yazili"],"post_slider_layout_featured_media_urls":{"thumbnail":["https:\/\/tarihkursu.com\/wp-content\/uploads\/2025\/09\/FLASHCARD-150x150.png",150,150,true],"post_slider_layout_landscape_large":["https:\/\/tarihkursu.com\/wp-content\/uploads\/2025\/09\/FLASHCARD-1200x800.png",1200,800,true],"post_slider_layout_portrait_large":["https:\/\/tarihkursu.com\/wp-content\/uploads\/2025\/09\/FLASHCARD-1200x1080.png",1200,1080,true],"post_slider_layout_square_large":["https:\/\/tarihkursu.com\/wp-content\/uploads\/2025\/09\/FLASHCARD-1200x1080.png",1200,1080,true],"post_slider_layout_landscape":["https:\/\/tarihkursu.com\/wp-content\/uploads\/2025\/09\/FLASHCARD-600x400.png",600,400,true],"post_slider_layout_portrait":["https:\/\/tarihkursu.com\/wp-content\/uploads\/2025\/09\/FLASHCARD-600x900.png",600,900,true],"post_slider_layout_square":["https:\/\/tarihkursu.com\/wp-content\/uploads\/2025\/09\/FLASHCARD-600x600.png",600,600,true],"full":["https:\/\/tarihkursu.com\/wp-content\/uploads\/2025\/09\/FLASHCARD.png",1920,1080,false]},"yoast_head":"<!-- This site is optimized with the Yoast SEO plugin v28.3 - https:\/\/yoast.com\/product\/yoast-seo-wordpress\/ -->\n<title>#2 Orta \u00c7a\u011f\u2019daki Siyasi ve Askeri Geli\u015fmeler Yaz\u0131l\u0131ya Haz\u0131rl\u0131k Soru-Cevap (flashcart) - tarihkursu.com<\/title>\n<meta name=\"description\" content=\"Orta \u00c7a\u011f\u2019daki Siyasi ve Askeri Geli\u015fmeler online soru-cevap\u00a0\u00e7al\u0131\u015fmam\u0131z sayesinde tarih dersi yaz\u0131l\u0131lar\u0131na tam olarak haz\u0131rlanacaks\u0131n\u0131z.\u00a0\" \/>\n<meta name=\"robots\" content=\"index, follow, max-snippet:-1, max-image-preview:large, max-video-preview:-1\" \/>\n<link rel=\"canonical\" href=\"https:\/\/tarihkursu.com\/index.php\/2026\/03\/31\/2-orta-cagdaki-siyasi-ve-askeri-gelismeler-yaziliya-hazirlik-soru-cevap-flashcart\/\" \/>\n<meta property=\"og:locale\" content=\"tr_TR\" \/>\n<meta property=\"og:type\" content=\"article\" \/>\n<meta property=\"og:title\" content=\"#2 Orta \u00c7a\u011f\u2019daki Siyasi ve Askeri Geli\u015fmeler Yaz\u0131l\u0131ya Haz\u0131rl\u0131k Soru-Cevap (flashcart) - tarihkursu.com\" \/>\n<meta property=\"og:description\" content=\"Orta \u00c7a\u011f\u2019daki Siyasi ve Askeri Geli\u015fmeler online soru-cevap\u00a0\u00e7al\u0131\u015fmam\u0131z sayesinde tarih dersi yaz\u0131l\u0131lar\u0131na tam olarak haz\u0131rlanacaks\u0131n\u0131z.\u00a0\" \/>\n<meta property=\"og:url\" content=\"https:\/\/tarihkursu.com\/index.php\/2026\/03\/31\/2-orta-cagdaki-siyasi-ve-askeri-gelismeler-yaziliya-hazirlik-soru-cevap-flashcart\/\" \/>\n<meta property=\"og:site_name\" content=\"tarihkursu.com\" \/>\n<meta property=\"article:published_time\" content=\"2026-03-31T07:08:42+00:00\" \/>\n<meta property=\"og:image\" content=\"https:\/\/tarihkursu.com\/wp-content\/uploads\/2025\/09\/FLASHCARD.png\" \/>\n\t<meta property=\"og:image:width\" content=\"1920\" \/>\n\t<meta property=\"og:image:height\" content=\"1080\" \/>\n\t<meta property=\"og:image:type\" content=\"image\/png\" \/>\n<meta name=\"author\" content=\"tarihkursu\" \/>\n<meta name=\"twitter:card\" content=\"summary_large_image\" \/>\n<meta name=\"twitter:label1\" content=\"Yazan:\" \/>\n\t<meta name=\"twitter:data1\" content=\"tarihkursu\" \/>\n\t<meta name=\"twitter:label2\" content=\"Tahmini okuma s\u00fcresi\" \/>\n\t<meta name=\"twitter:data2\" content=\"2 dakika\" \/>\n<script type=\"application\/ld+json\" class=\"yoast-schema-graph\">{\"@context\":\"https:\\\/\\\/schema.org\",\"@graph\":[{\"@type\":\"Article\",\"@id\":\"https:\\\/\\\/tarihkursu.com\\\/index.php\\\/2026\\\/03\\\/31\\\/2-orta-cagdaki-siyasi-ve-askeri-gelismeler-yaziliya-hazirlik-soru-cevap-flashcart\\\/#article\",\"isPartOf\":{\"@id\":\"https:\\\/\\\/tarihkursu.com\\\/index.php\\\/2026\\\/03\\\/31\\\/2-orta-cagdaki-siyasi-ve-askeri-gelismeler-yaziliya-hazirlik-soru-cevap-flashcart\\\/\"},\"author\":{\"name\":\"tarihkursu\",\"@id\":\"https:\\\/\\\/tarihkursu.com\\\/#\\\/schema\\\/person\\\/d0f9105e31352dbe9f08d098ffb8c878\"},\"headline\":\"#2 Orta \u00c7a\u011f\u2019daki Siyasi ve Askeri Geli\u015fmeler Yaz\u0131l\u0131ya Haz\u0131rl\u0131k Soru-Cevap (flashcart)\",\"datePublished\":\"2026-03-31T07:08:42+00:00\",\"mainEntityOfPage\":{\"@id\":\"https:\\\/\\\/tarihkursu.com\\\/index.php\\\/2026\\\/03\\\/31\\\/2-orta-cagdaki-siyasi-ve-askeri-gelismeler-yaziliya-hazirlik-soru-cevap-flashcart\\\/\"},\"wordCount\":244,\"commentCount\":0,\"publisher\":{\"@id\":\"https:\\\/\\\/tarihkursu.com\\\/#\\\/schema\\\/person\\\/4d7bdc3b79e9f5198455474c0f203f3c\"},\"image\":{\"@id\":\"https:\\\/\\\/tarihkursu.com\\\/index.php\\\/2026\\\/03\\\/31\\\/2-orta-cagdaki-siyasi-ve-askeri-gelismeler-yaziliya-hazirlik-soru-cevap-flashcart\\\/#primaryimage\"},\"thumbnailUrl\":\"https:\\\/\\\/tarihkursu.com\\\/wp-content\\\/uploads\\\/2025\\\/09\\\/FLASHCARD.png\",\"keywords\":[\"9. s\u0131n\u0131f tarih flashcard\",\"9. s\u0131n\u0131f tarih soru-cevap\",\"9. s\u0131n\u0131f tarih yaz\u0131l\u0131\"],\"articleSection\":[\"9. S\u0131n\u0131f\",\"9. S\u0131n\u0131f Tarih SORU-CEVAP\"],\"inLanguage\":\"tr\",\"potentialAction\":[{\"@type\":\"CommentAction\",\"name\":\"Comment\",\"target\":[\"https:\\\/\\\/tarihkursu.com\\\/index.php\\\/2026\\\/03\\\/31\\\/2-orta-cagdaki-siyasi-ve-askeri-gelismeler-yaziliya-hazirlik-soru-cevap-flashcart\\\/#respond\"]}]},{\"@type\":\"WebPage\",\"@id\":\"https:\\\/\\\/tarihkursu.com\\\/index.php\\\/2026\\\/03\\\/31\\\/2-orta-cagdaki-siyasi-ve-askeri-gelismeler-yaziliya-hazirlik-soru-cevap-flashcart\\\/\",\"url\":\"https:\\\/\\\/tarihkursu.com\\\/index.php\\\/2026\\\/03\\\/31\\\/2-orta-cagdaki-siyasi-ve-askeri-gelismeler-yaziliya-hazirlik-soru-cevap-flashcart\\\/\",\"name\":\"#2 Orta \u00c7a\u011f\u2019daki Siyasi ve Askeri Geli\u015fmeler Yaz\u0131l\u0131ya Haz\u0131rl\u0131k Soru-Cevap (flashcart) - tarihkursu.com\",\"isPartOf\":{\"@id\":\"https:\\\/\\\/tarihkursu.com\\\/#website\"},\"primaryImageOfPage\":{\"@id\":\"https:\\\/\\\/tarihkursu.com\\\/index.php\\\/2026\\\/03\\\/31\\\/2-orta-cagdaki-siyasi-ve-askeri-gelismeler-yaziliya-hazirlik-soru-cevap-flashcart\\\/#primaryimage\"},\"image\":{\"@id\":\"https:\\\/\\\/tarihkursu.com\\\/index.php\\\/2026\\\/03\\\/31\\\/2-orta-cagdaki-siyasi-ve-askeri-gelismeler-yaziliya-hazirlik-soru-cevap-flashcart\\\/#primaryimage\"},\"thumbnailUrl\":\"https:\\\/\\\/tarihkursu.com\\\/wp-content\\\/uploads\\\/2025\\\/09\\\/FLASHCARD.png\",\"datePublished\":\"2026-03-31T07:08:42+00:00\",\"description\":\"Orta \u00c7a\u011f\u2019daki Siyasi ve Askeri Geli\u015fmeler online soru-cevap\u00a0\u00e7al\u0131\u015fmam\u0131z sayesinde tarih dersi yaz\u0131l\u0131lar\u0131na tam olarak haz\u0131rlanacaks\u0131n\u0131z.\u00a0\",\"breadcrumb\":{\"@id\":\"https:\\\/\\\/tarihkursu.com\\\/index.php\\\/2026\\\/03\\\/31\\\/2-orta-cagdaki-siyasi-ve-askeri-gelismeler-yaziliya-hazirlik-soru-cevap-flashcart\\\/#breadcrumb\"},\"inLanguage\":\"tr\",\"potentialAction\":[{\"@type\":\"ReadAction\",\"target\":[\"https:\\\/\\\/tarihkursu.com\\\/index.php\\\/2026\\\/03\\\/31\\\/2-orta-cagdaki-siyasi-ve-askeri-gelismeler-yaziliya-hazirlik-soru-cevap-flashcart\\\/\"]}]},{\"@type\":\"ImageObject\",\"inLanguage\":\"tr\",\"@id\":\"https:\\\/\\\/tarihkursu.com\\\/index.php\\\/2026\\\/03\\\/31\\\/2-orta-cagdaki-siyasi-ve-askeri-gelismeler-yaziliya-hazirlik-soru-cevap-flashcart\\\/#primaryimage\",\"url\":\"https:\\\/\\\/tarihkursu.com\\\/wp-content\\\/uploads\\\/2025\\\/09\\\/FLASHCARD.png\",\"contentUrl\":\"https:\\\/\\\/tarihkursu.com\\\/wp-content\\\/uploads\\\/2025\\\/09\\\/FLASHCARD.png\",\"width\":1920,\"height\":1080},{\"@type\":\"BreadcrumbList\",\"@id\":\"https:\\\/\\\/tarihkursu.com\\\/index.php\\\/2026\\\/03\\\/31\\\/2-orta-cagdaki-siyasi-ve-askeri-gelismeler-yaziliya-hazirlik-soru-cevap-flashcart\\\/#breadcrumb\",\"itemListElement\":[{\"@type\":\"ListItem\",\"position\":1,\"name\":\"Anasayfa\",\"item\":\"https:\\\/\\\/tarihkursu.com\\\/\"},{\"@type\":\"ListItem\",\"position\":2,\"name\":\"#2 Orta \u00c7a\u011f\u2019daki Siyasi ve Askeri Geli\u015fmeler Yaz\u0131l\u0131ya Haz\u0131rl\u0131k Soru-Cevap (flashcart)\"}]},{\"@type\":\"WebSite\",\"@id\":\"https:\\\/\\\/tarihkursu.com\\\/#website\",\"url\":\"https:\\\/\\\/tarihkursu.com\\\/\",\"name\":\"Tarih Kursu\",\"description\":\"\u0130\u015fimiz G\u00fcc\u00fcm\u00fcz Tarih\",\"publisher\":{\"@id\":\"https:\\\/\\\/tarihkursu.com\\\/#\\\/schema\\\/person\\\/4d7bdc3b79e9f5198455474c0f203f3c\"},\"potentialAction\":[{\"@type\":\"SearchAction\",\"target\":{\"@type\":\"EntryPoint\",\"urlTemplate\":\"https:\\\/\\\/tarihkursu.com\\\/?s={search_term_string}\"},\"query-input\":{\"@type\":\"PropertyValueSpecification\",\"valueRequired\":true,\"valueName\":\"search_term_string\"}}],\"inLanguage\":\"tr\"},{\"@type\":[\"Person\",\"Organization\"],\"@id\":\"https:\\\/\\\/tarihkursu.com\\\/#\\\/schema\\\/person\\\/4d7bdc3b79e9f5198455474c0f203f3c\",\"name\":\"admin\",\"image\":{\"@type\":\"ImageObject\",\"inLanguage\":\"tr\",\"@id\":\"https:\\\/\\\/tarihkursu.com\\\/wp-content\\\/uploads\\\/2024\\\/10\\\/TARIHKURSU-Kopyasi.png\",\"url\":\"https:\\\/\\\/tarihkursu.com\\\/wp-content\\\/uploads\\\/2024\\\/10\\\/TARIHKURSU-Kopyasi.png\",\"contentUrl\":\"https:\\\/\\\/tarihkursu.com\\\/wp-content\\\/uploads\\\/2024\\\/10\\\/TARIHKURSU-Kopyasi.png\",\"width\":1080,\"height\":1080,\"caption\":\"admin\"},\"logo\":{\"@id\":\"https:\\\/\\\/tarihkursu.com\\\/wp-content\\\/uploads\\\/2024\\\/10\\\/TARIHKURSU-Kopyasi.png\"},\"sameAs\":[\"https:\\\/\\\/tarihkursu.com\"]},{\"@type\":\"Person\",\"@id\":\"https:\\\/\\\/tarihkursu.com\\\/#\\\/schema\\\/person\\\/d0f9105e31352dbe9f08d098ffb8c878\",\"name\":\"tarihkursu\",\"image\":{\"@type\":\"ImageObject\",\"inLanguage\":\"tr\",\"@id\":\"https:\\\/\\\/secure.gravatar.com\\\/avatar\\\/1354763acbc865faa7650c3e1e4431f187276d71f132349411302a546cdeae54?s=96&d=mm&r=g\",\"url\":\"https:\\\/\\\/secure.gravatar.com\\\/avatar\\\/1354763acbc865faa7650c3e1e4431f187276d71f132349411302a546cdeae54?s=96&d=mm&r=g\",\"contentUrl\":\"https:\\\/\\\/secure.gravatar.com\\\/avatar\\\/1354763acbc865faa7650c3e1e4431f187276d71f132349411302a546cdeae54?s=96&d=mm&r=g\",\"caption\":\"tarihkursu\"},\"url\":\"https:\\\/\\\/tarihkursu.com\\\/index.php\\\/author\\\/tarihkursu\\\/\"}]}<\/script>\n<!-- \/ Yoast SEO plugin. -->","yoast_head_json":{"title":"#2 Orta \u00c7a\u011f\u2019daki Siyasi ve Askeri Geli\u015fmeler Yaz\u0131l\u0131ya Haz\u0131rl\u0131k Soru-Cevap (flashcart) - tarihkursu.com","description":"Orta \u00c7a\u011f\u2019daki Siyasi ve Askeri Geli\u015fmeler online soru-cevap\u00a0\u00e7al\u0131\u015fmam\u0131z sayesinde tarih dersi yaz\u0131l\u0131lar\u0131na tam olarak haz\u0131rlanacaks\u0131n\u0131z.\u00a0","robots":{"index":"index","follow":"follow","max-snippet":"max-snippet:-1","max-image-preview":"max-image-preview:large","max-video-preview":"max-video-preview:-1"},"canonical":"https:\/\/tarihkursu.com\/index.php\/2026\/03\/31\/2-orta-cagdaki-siyasi-ve-askeri-gelismeler-yaziliya-hazirlik-soru-cevap-flashcart\/","og_locale":"tr_TR","og_type":"article","og_title":"#2 Orta \u00c7a\u011f\u2019daki Siyasi ve Askeri Geli\u015fmeler Yaz\u0131l\u0131ya Haz\u0131rl\u0131k Soru-Cevap (flashcart) - tarihkursu.com","og_description":"Orta \u00c7a\u011f\u2019daki Siyasi ve Askeri Geli\u015fmeler online soru-cevap\u00a0\u00e7al\u0131\u015fmam\u0131z sayesinde tarih dersi yaz\u0131l\u0131lar\u0131na tam olarak haz\u0131rlanacaks\u0131n\u0131z.\u00a0","og_url":"https:\/\/tarihkursu.com\/index.php\/2026\/03\/31\/2-orta-cagdaki-siyasi-ve-askeri-gelismeler-yaziliya-hazirlik-soru-cevap-flashcart\/","og_site_name":"tarihkursu.com","article_published_time":"2026-03-31T07:08:42+00:00","og_image":[{"width":1920,"height":1080,"url":"https:\/\/tarihkursu.com\/wp-content\/uploads\/2025\/09\/FLASHCARD.png","type":"image\/png"}],"author":"tarihkursu","twitter_card":"summary_large_image","twitter_misc":{"Yazan:":"tarihkursu","Tahmini okuma s\u00fcresi":"2 dakika"},"schema":{"@context":"https:\/\/schema.org","@graph":[{"@type":"Article","@id":"https:\/\/tarihkursu.com\/index.php\/2026\/03\/31\/2-orta-cagdaki-siyasi-ve-askeri-gelismeler-yaziliya-hazirlik-soru-cevap-flashcart\/#article","isPartOf":{"@id":"https:\/\/tarihkursu.com\/index.php\/2026\/03\/31\/2-orta-cagdaki-siyasi-ve-askeri-gelismeler-yaziliya-hazirlik-soru-cevap-flashcart\/"},"author":{"name":"tarihkursu","@id":"https:\/\/tarihkursu.com\/#\/schema\/person\/d0f9105e31352dbe9f08d098ffb8c878"},"headline":"#2 Orta \u00c7a\u011f\u2019daki Siyasi ve Askeri Geli\u015fmeler Yaz\u0131l\u0131ya Haz\u0131rl\u0131k Soru-Cevap (flashcart)","datePublished":"2026-03-31T07:08:42+00:00","mainEntityOfPage":{"@id":"https:\/\/tarihkursu.com\/index.php\/2026\/03\/31\/2-orta-cagdaki-siyasi-ve-askeri-gelismeler-yaziliya-hazirlik-soru-cevap-flashcart\/"},"wordCount":244,"commentCount":0,"publisher":{"@id":"https:\/\/tarihkursu.com\/#\/schema\/person\/4d7bdc3b79e9f5198455474c0f203f3c"},"image":{"@id":"https:\/\/tarihkursu.com\/index.php\/2026\/03\/31\/2-orta-cagdaki-siyasi-ve-askeri-gelismeler-yaziliya-hazirlik-soru-cevap-flashcart\/#primaryimage"},"thumbnailUrl":"https:\/\/tarihkursu.com\/wp-content\/uploads\/2025\/09\/FLASHCARD.png","keywords":["9. s\u0131n\u0131f tarih flashcard","9. s\u0131n\u0131f tarih soru-cevap","9. s\u0131n\u0131f tarih yaz\u0131l\u0131"],"articleSection":["9. S\u0131n\u0131f","9. S\u0131n\u0131f Tarih SORU-CEVAP"],"inLanguage":"tr","potentialAction":[{"@type":"CommentAction","name":"Comment","target":["https:\/\/tarihkursu.com\/index.php\/2026\/03\/31\/2-orta-cagdaki-siyasi-ve-askeri-gelismeler-yaziliya-hazirlik-soru-cevap-flashcart\/#respond"]}]},{"@type":"WebPage","@id":"https:\/\/tarihkursu.com\/index.php\/2026\/03\/31\/2-orta-cagdaki-siyasi-ve-askeri-gelismeler-yaziliya-hazirlik-soru-cevap-flashcart\/","url":"https:\/\/tarihkursu.com\/index.php\/2026\/03\/31\/2-orta-cagdaki-siyasi-ve-askeri-gelismeler-yaziliya-hazirlik-soru-cevap-flashcart\/","name":"#2 Orta \u00c7a\u011f\u2019daki Siyasi ve Askeri Geli\u015fmeler Yaz\u0131l\u0131ya Haz\u0131rl\u0131k Soru-Cevap (flashcart) - tarihkursu.com","isPartOf":{"@id":"https:\/\/tarihkursu.com\/#website"},"primaryImageOfPage":{"@id":"https:\/\/tarihkursu.com\/index.php\/2026\/03\/31\/2-orta-cagdaki-siyasi-ve-askeri-gelismeler-yaziliya-hazirlik-soru-cevap-flashcart\/#primaryimage"},"image":{"@id":"https:\/\/tarihkursu.com\/index.php\/2026\/03\/31\/2-orta-cagdaki-siyasi-ve-askeri-gelismeler-yaziliya-hazirlik-soru-cevap-flashcart\/#primaryimage"},"thumbnailUrl":"https:\/\/tarihkursu.com\/wp-content\/uploads\/2025\/09\/FLASHCARD.png","datePublished":"2026-03-31T07:08:42+00:00","description":"Orta \u00c7a\u011f\u2019daki Siyasi ve Askeri Geli\u015fmeler online soru-cevap\u00a0\u00e7al\u0131\u015fmam\u0131z sayesinde tarih dersi yaz\u0131l\u0131lar\u0131na tam olarak haz\u0131rlanacaks\u0131n\u0131z.\u00a0","breadcrumb":{"@id":"https:\/\/tarihkursu.com\/index.php\/2026\/03\/31\/2-orta-cagdaki-siyasi-ve-askeri-gelismeler-yaziliya-hazirlik-soru-cevap-flashcart\/#breadcrumb"},"inLanguage":"tr","potentialAction":[{"@type":"ReadAction","target":["https:\/\/tarihkursu.com\/index.php\/2026\/03\/31\/2-orta-cagdaki-siyasi-ve-askeri-gelismeler-yaziliya-hazirlik-soru-cevap-flashcart\/"]}]},{"@type":"ImageObject","inLanguage":"tr","@id":"https:\/\/tarihkursu.com\/index.php\/2026\/03\/31\/2-orta-cagdaki-siyasi-ve-askeri-gelismeler-yaziliya-hazirlik-soru-cevap-flashcart\/#primaryimage","url":"https:\/\/tarihkursu.com\/wp-content\/uploads\/2025\/09\/FLASHCARD.png","contentUrl":"https:\/\/tarihkursu.com\/wp-content\/uploads\/2025\/09\/FLASHCARD.png","width":1920,"height":1080},{"@type":"BreadcrumbList","@id":"https:\/\/tarihkursu.com\/index.php\/2026\/03\/31\/2-orta-cagdaki-siyasi-ve-askeri-gelismeler-yaziliya-hazirlik-soru-cevap-flashcart\/#breadcrumb","itemListElement":[{"@type":"ListItem","position":1,"name":"Anasayfa","item":"https:\/\/tarihkursu.com\/"},{"@type":"ListItem","position":2,"name":"#2 Orta \u00c7a\u011f\u2019daki Siyasi ve Askeri Geli\u015fmeler Yaz\u0131l\u0131ya Haz\u0131rl\u0131k Soru-Cevap (flashcart)"}]},{"@type":"WebSite","@id":"https:\/\/tarihkursu.com\/#website","url":"https:\/\/tarihkursu.com\/","name":"Tarih Kursu","description":"\u0130\u015fimiz G\u00fcc\u00fcm\u00fcz Tarih","publisher":{"@id":"https:\/\/tarihkursu.com\/#\/schema\/person\/4d7bdc3b79e9f5198455474c0f203f3c"},"potentialAction":[{"@type":"SearchAction","target":{"@type":"EntryPoint","urlTemplate":"https:\/\/tarihkursu.com\/?s={search_term_string}"},"query-input":{"@type":"PropertyValueSpecification","valueRequired":true,"valueName":"search_term_string"}}],"inLanguage":"tr"},{"@type":["Person","Organization"],"@id":"https:\/\/tarihkursu.com\/#\/schema\/person\/4d7bdc3b79e9f5198455474c0f203f3c","name":"admin","image":{"@type":"ImageObject","inLanguage":"tr","@id":"https:\/\/tarihkursu.com\/wp-content\/uploads\/2024\/10\/TARIHKURSU-Kopyasi.png","url":"https:\/\/tarihkursu.com\/wp-content\/uploads\/2024\/10\/TARIHKURSU-Kopyasi.png","contentUrl":"https:\/\/tarihkursu.com\/wp-content\/uploads\/2024\/10\/TARIHKURSU-Kopyasi.png","width":1080,"height":1080,"caption":"admin"},"logo":{"@id":"https:\/\/tarihkursu.com\/wp-content\/uploads\/2024\/10\/TARIHKURSU-Kopyasi.png"},"sameAs":["https:\/\/tarihkursu.com"]},{"@type":"Person","@id":"https:\/\/tarihkursu.com\/#\/schema\/person\/d0f9105e31352dbe9f08d098ffb8c878","name":"tarihkursu","image":{"@type":"ImageObject","inLanguage":"tr","@id":"https:\/\/secure.gravatar.com\/avatar\/1354763acbc865faa7650c3e1e4431f187276d71f132349411302a546cdeae54?s=96&d=mm&r=g","url":"https:\/\/secure.gravatar.com\/avatar\/1354763acbc865faa7650c3e1e4431f187276d71f132349411302a546cdeae54?s=96&d=mm&r=g","contentUrl":"https:\/\/secure.gravatar.com\/avatar\/1354763acbc865faa7650c3e1e4431f187276d71f132349411302a546cdeae54?s=96&d=mm&r=g","caption":"tarihkursu"},"url":"https:\/\/tarihkursu.com\/index.php\/author\/tarihkursu\/"}]}},"_links":{"self":[{"href":"https:\/\/tarihkursu.com\/index.php\/wp-json\/wp\/v2\/posts\/3144","targetHints":{"allow":["GET"]}}],"collection":[{"href":"https:\/\/tarihkursu.com\/index.php\/wp-json\/wp\/v2\/posts"}],"about":[{"href":"https:\/\/tarihkursu.com\/index.php\/wp-json\/wp\/v2\/types\/post"}],"author":[{"embeddable":true,"href":"https:\/\/tarihkursu.com\/index.php\/wp-json\/wp\/v2\/users\/2"}],"replies":[{"embeddable":true,"href":"https:\/\/tarihkursu.com\/index.php\/wp-json\/wp\/v2\/comments?post=3144"}],"version-history":[{"count":2,"href":"https:\/\/tarihkursu.com\/index.php\/wp-json\/wp\/v2\/posts\/3144\/revisions"}],"predecessor-version":[{"id":3146,"href":"https:\/\/tarihkursu.com\/index.php\/wp-json\/wp\/v2\/posts\/3144\/revisions\/3146"}],"wp:featuredmedia":[{"embeddable":true,"href":"https:\/\/tarihkursu.com\/index.php\/wp-json\/wp\/v2\/media\/2819"}],"wp:attachment":[{"href":"https:\/\/tarihkursu.com\/index.php\/wp-json\/wp\/v2\/media?parent=3144"}],"wp:term":[{"taxonomy":"category","embeddable":true,"href":"https:\/\/tarihkursu.com\/index.php\/wp-json\/wp\/v2\/categories?post=3144"},{"taxonomy":"post_tag","embeddable":true,"href":"https:\/\/tarihkursu.com\/index.php\/wp-json\/wp\/v2\/tags?post=3144"}],"curies":[{"name":"wp","href":"https:\/\/api.w.org\/{rel}","templated":true}]}}