{"id":3155,"date":"2026-04-03T13:32:40","date_gmt":"2026-04-03T10:32:40","guid":{"rendered":"https:\/\/tarihkursu.com\/?p=3155"},"modified":"2025-11-17T13:36:46","modified_gmt":"2025-11-17T10:36:46","slug":"4-orta-cagdaki-siyasi-ve-askeri-gelismeler-yaziliya-hazirlik-soru-cevap-flashcart","status":"publish","type":"post","link":"https:\/\/tarihkursu.com\/index.php\/2026\/04\/03\/4-orta-cagdaki-siyasi-ve-askeri-gelismeler-yaziliya-hazirlik-soru-cevap-flashcart\/","title":{"rendered":"#4 Orta \u00c7a\u011f\u2019daki Siyasi ve Askeri Geli\u015fmeler Yaz\u0131l\u0131ya Haz\u0131rl\u0131k Soru-Cevap (flashcart)"},"content":{"rendered":"\n<p class=\"wp-block-paragraph\">Bu yaz\u0131m\u0131zda g\u00fcncel m\u00fcfredata g\u00f6re haz\u0131rlad\u0131\u011f\u0131m\u0131z&nbsp;<strong>9. s\u0131n\u0131f tarih dersi 3. \u00fcnitesi&nbsp;<\/strong>olan&nbsp;<strong>Orta \u00c7a\u011f Medeniyetleri&nbsp;<\/strong>\u00fcnitesinin&nbsp;i\u00e7inde yer alan&nbsp;<strong>Orta \u00c7a\u011f\u2019daki Siyasi ve Askeri Geli\u015fmeler yaz\u0131l\u0131ya haz\u0131rl\u0131k&nbsp;<\/strong>\u00e7al\u0131\u015fmam\u0131z\u0131 payla\u015f\u0131yoruz.&nbsp;<strong>Orta \u00c7a\u011f\u2019daki Siyasi ve Askeri Geli\u015fmeler online soru-cevap<\/strong>&nbsp;\u00e7al\u0131\u015fmam\u0131z sayesinde <strong>tarih dersi yaz\u0131l\u0131lar\u0131<\/strong>na tam olarak haz\u0131rlanacaks\u0131n\u0131z.&nbsp;<strong>9. s\u0131n\u0131f tarih yaz\u0131l\u0131<\/strong>ya haz\u0131rl\u0131k \u00e7al\u0131\u015fmalar\u0131m\u0131z sayesinde derslerde daha ba\u015far\u0131l\u0131 olacaks\u0131n\u0131z.&nbsp;<strong>Maarif modeline&nbsp;<\/strong>uygun olarak haz\u0131rlad\u0131\u011f\u0131m\u0131z&nbsp;<strong>Orta \u00c7a\u011f\u2019daki Siyasi ve Askeri Geli\u015fmeler flash cart<\/strong>&nbsp;\u00e7al\u0131\u015fmam\u0131z a\u015fa\u011f\u0131daki konular\u0131 kapsamaktad\u0131r.<\/p>\n\n\n\n<p class=\"wp-block-paragraph\">Ders:&nbsp;<strong>9. s\u0131n\u0131f tarih<\/strong>&nbsp;<strong>kart\u0131<\/strong><\/p>\n\n\n\n<p class=\"wp-block-paragraph\">\u00dcnite: 9. s\u0131n\u0131f tarih 2. \u00dcnite:&nbsp;<strong>Orta \u00c7a\u011f Medeniyetleri tarih kart\u0131<\/strong><\/p>\n\n\n\n<p class=\"wp-block-paragraph\">\u00d6\u011frenme \u00c7\u0131kt\u0131s\u0131\/ kazan\u0131m:&nbsp;<strong>Orta \u00c7a\u011f\u2019daki Siyasi ve Askeri Geli\u015fmeler tarih yaz\u0131l\u0131&nbsp;soru-cevap<\/strong><\/p>\n\n\n\n<p class=\"wp-block-paragraph\">\u0130lgili yaz\u0131l\u0131:<strong> 9. s\u0131n\u0131f tarih dersi 2. d\u00f6nem 1. Yaz\u0131l\u0131, 9. s\u0131n\u0131f tarih dersi 2. d\u00f6nem 2. Yaz\u0131l\u0131<\/strong><\/p>\n\n\n\n<h2 class=\"wp-block-heading\">Orta \u00c7a\u011f\u2019daki Siyasi ve Askeri Geli\u015fmeler 4. B\u00f6l\u00fcm<\/h2>\n\n\n\n<!DOCTYPE html>\n<html lang=\"tr\">\n<head>\n    <meta charset=\"UTF-8\">\n    <meta name=\"viewport\" content=\"width=device-width, initial-scale=1.0\">\n    <title>Tarih Flashkartlar\u0131<\/title>\n    <script src=\"https:\/\/cdn.jsdelivr.net\/npm\/@tailwindcss\/browser@4\"><\/script>\n    <link rel=\"stylesheet\" href=\"https:\/\/cdnjs.cloudflare.com\/ajax\/libs\/font-awesome\/6.5.1\/css\/all.min.css\">\n    <style>\n        body {\n            background-color: #f0f4f8;\n        }\n        .flashcard-container {\n            perspective: 1000px;\n        }\n        .flashcard {\n            width: 100%;\n            height: 350px;\n            position: relative;\n            transform-style: preserve-3d;\n            transition: transform 0.6s;\n        }\n        .flashcard.is-flipped {\n            transform: rotateY(180deg);\n        }\n        .flashcard-face {\n            position: absolute;\n            width: 100%;\n            height: 100%;\n            backface-visibility: hidden;\n            display: flex;\n            flex-direction: column;\n            justify-content: center;\n            align-items: center;\n            padding: 20px;\n            border-radius: 12px;\n            box-shadow: 0 4px 8px rgba(0,0,0,0.1);\n        }\n        .flashcard-front {\n            background-color: #4a90e2;\n            color: white;\n        }\n        .flashcard-back {\n            background-color: #f7f7f7;\n            color: #333;\n            transform: rotateY(180deg);\n            border: 2px solid #4a90e2;\n        }\n        .navigation-button, .flip-button {\n            transition: background-color 0.3s, transform 0.3s;\n        }\n        .navigation-button:hover, .flip-button:hover {\n            transform: translateY(-2px);\n        }\n    <\/style>\n<\/head>\n<body class=\"bg-gray-100 flex flex-col items-center justify-center min-h-screen p-4\">\n\n    <div class=\"w-full max-w-md mx-auto\">\n        <div class=\"flashcard-container\">\n            <div id=\"flashcard\" class=\"flashcard\">\n                <div class=\"flashcard-face flashcard-front\">\n                    <div id=\"question\" class=\"text-2xl font-semibold text-center\"><\/div>\n                    <div class=\"absolute bottom-4 text-sm font-light\">Cevab\u0131 G\u00f6rmek \u0130\u00e7in \u00c7evir<\/div>\n                <\/div>\n                <div class=\"flashcard-face flashcard-back\">\n                    <div id=\"answer\" class=\"text-lg text-center\"><\/div>\n                <\/div>\n            <\/div>\n        <\/div>\n\n        <div class=\"flex justify-center mt-6\">\n            <button id=\"flip-button\" class=\"flip-button bg-green-500 hover:bg-green-600 text-white font-bold py-2 px-6 rounded-lg shadow-md\">\n                Cevab\u0131 G\u00f6ster\n            <\/button>\n        <\/div>\n\n        <div class=\"flex justify-between items-center mt-6\">\n            <button id=\"prev-button\" class=\"navigation-button bg-blue-500 hover:bg-blue-600 text-white font-bold py-2 px-4 rounded-lg shadow-md flex items-center\">\n                <i class=\"fas fa-arrow-left mr-2\"><\/i> Geri\n            <\/button>\n            <div id=\"card-counter\" class=\"text-gray-700 font-medium\"><\/div>\n            <button id=\"next-button\" class=\"navigation-button bg-blue-500 hover:bg-blue-600 text-white font-bold py-2 px-4 rounded-lg shadow-md flex items-center\">\n                \u0130leri <i class=\"fas fa-arrow-right ml-2\"><\/i>\n            <\/button>\n        <\/div>\n    <\/div>\n\n    <script>\n        const flashcards = [\n            { question: \"\u2753 Emeviler ne zaman ve kim taraf\u0131ndan kurulmu\u015ftur?\", answer: \"\ud83d\udc51 Muaviye taraf\u0131ndan 661\u2019de \u015eam\u2019da kurulmu\u015ftur.\" },\n            { question: \"\u2753 Emeviler d\u00f6nemindeki \u00f6nemli fetih hareketleri nerelerde etkili olmu\u015ftur?\", answer: \"\ud83d\uddfa\ufe0f T\u00fcrkistan, Anadolu ve Kuzey Afrika\u2019da etkili olmu\u015ftur.\" },\n            { question: \"\u2753 Emeviler \u0130stanbul'u ne zaman ku\u015fatm\u0131\u015ft\u0131r ve sonu\u00e7 ne olmu\u015ftur?\", answer: \"\u2694\ufe0f 668'de Kad\u0131k\u00f6y'e ilerleyip 669'da \u0130stanbul'u ku\u015fatm\u0131\u015flard\u0131r. \u274c Ancak Grek ate\u015fi ve surlar\u0131 a\u015famad\u0131klar\u0131 i\u00e7in 7 y\u0131l s\u00fcren ku\u015fatma ba\u015far\u0131s\u0131z olmu\u015ftur.\" },\n            { question: \"\u2753 Tar\u0131k bin Ziyad'\u0131n 711'deki zaferi neye yol a\u00e7m\u0131\u015ft\u0131r?\", answer: \"\u2705 Rio Guadalete mevkisinde Gotlar\u0131 ma\u011flup ederek b\u00fct\u00fcn \u0130spanya\u2019n\u0131n fethine yol a\u00e7m\u0131\u015ft\u0131r.\" },\n            { question: \"\u2753 Emevilerin Avrupa'daki ilerleyi\u015fi hangi sava\u015fla ve kimler taraf\u0131ndan durdurulmu\u015ftur?\", answer: \"\ud83d\udee1\ufe0f Franklar taraf\u0131ndan Puvatya Sava\u015f\u0131 (732) ile Prene Da\u011flar\u0131'nda durdurulmu\u015ftur.\" },\n            { question: \"\u2753 Kerbela Olay\u0131 ne zaman ve neden ger\u00e7ekle\u015fmi\u015ftir?\", answer: \"\ud83d\udcc5 10 Ekim 680'de, Hz. H\u00fcseyin'in, Yezid'in halifeli\u011fini tan\u0131mamas\u0131 ve K\u00fbfe'ye davet edilmesi \u00fczerine Yezid'in valisi taraf\u0131ndan yolu kesilerek kendisi ve beraberindekilerin katledilmesiyle ger\u00e7ekle\u015fmi\u015ftir.\" },\n            { question: \"\u2753 Kerbela Olay\u0131'n\u0131n Emeviler i\u00e7in sonucu ne olmu\u015ftur?\", answer: \"\u2b07\ufe0f M\u00fcsl\u00fcmanlar\u0131n ikiye ayr\u0131lmas\u0131na neden olmu\u015f ve ba\u015flat\u0131lan isyanlar Emev\u00eeler\u2019in y\u0131k\u0131l\u0131\u015f\u0131n\u0131n \u00f6nemli sebeplerinden biri haline gelmi\u015ftir.\" },\n            { question: \"\u2753 Mevali politikas\u0131 nedir?\", answer: \"\ud83d\udca1 Arap olmayan M\u00fcsl\u00fcmanlar\u0131n (mev\u00e2l\u00ee), hukuken e\u015fit olmalar\u0131na ra\u011fmen Emev\u00ee y\u00f6neticileri taraf\u0131ndan ikinci s\u0131n\u0131f vatanda\u015f muamelesi g\u00f6rmesi, onlara farkl\u0131 vergiler y\u00fcklenmesi ve orduda daha az maa\u015f almalar\u0131d\u0131r.\" },\n            { question: \"\u2753 \u00d6mer b. Abd\u00fclaz\u00eez'in (717-720) \u00f6nemli uygulamalar\u0131 nelerdir ve neden 'be\u015finci halife' say\u0131lm\u0131\u015ft\u0131r?\", answer: \"\u2728 Saraydaki l\u00fcks e\u015fyalar\u0131 beyt\u00fclm\u00e2le koydurmas\u0131, halktan biri gibi ya\u015famas\u0131 ve mevaliyi Araplarla e\u015fit kabul etmesi gibi uygulamalar\u0131yla saltanat g\u00f6r\u00fcnt\u00fcs\u00fcne son vermi\u015ftir. \u2705 Bu davran\u0131\u015flar\u0131 sebebiyle ilk d\u00f6rt halifeyi \u00f6rnek ald\u0131\u011f\u0131 i\u00e7in Hulef\u00e2-yi R\u00e2\u015fid\u00een\u2019in be\u015fincisi say\u0131lm\u0131\u015ft\u0131r.\" },\n            { question: \"\u2753 Emevilerin y\u0131k\u0131l\u0131\u015f sebepleri nelerdir?\", answer: \"\ud83d\udc4e Taht m\u00fccadeleleri ve k\u00f6t\u00fc y\u00f6netim, \ud83d\udc4e Kerbela Olay\u0131'n\u0131n yaratt\u0131\u011f\u0131 muhalefet, \ud83d\udc4e Mevali siyasetinin halk deste\u011fini azaltmas\u0131, \u2694\ufe0f Abbasilerin Horasan\u2019da ba\u015flatt\u0131\u011f\u0131 isyan.\" },\n            { question: \"\u2753 Emevilerde y\u00f6netim yap\u0131s\u0131 nas\u0131ld\u0131 ve halifelik nas\u0131l bir de\u011fi\u015fim ge\u00e7irdi?\", answer: \"\ud83d\udc51 Muaviye'nin o\u011flu Yezid'i veliaht tayin etmesiyle halifelik babadan o\u011fula ge\u00e7en bir saltanata d\u00f6n\u00fc\u015fm\u00fc\u015ft\u00fcr. Halife fiilen h\u00fck\u00fcmdar olmu\u015ftur. Ayr\u0131ca sarayda h\u00e2ciblik g\u00f6revi ihdas edilmi\u015ftir.\" },\n            { question: \"\u2753 Abbasiler ne zaman ve kim taraf\u0131ndan kurulmu\u015ftur?\", answer: \"\ud83d\udc51 Ebu\u2019l Abbas Seffah taraf\u0131ndan 750 y\u0131l\u0131nda Emevi hanedanl\u0131\u011f\u0131na son verilerek kurulmu\u015ftur.\" },\n            { question: \"\u2753 Talas Sava\u015f\u0131 (751) kimler aras\u0131nda olmu\u015f ve sonucu ne olmu\u015ftur?\", answer: \"\u2694\ufe0f Abbasiler ile \u00c7in \u0130mparatorlu\u011fu aras\u0131nda olmu\u015ftur. \u2705 T\u00fcrklerin deste\u011fini alan Abbasiler kazanm\u0131\u015f ve T\u00fcrkistan\u2019daki \u00c7in bask\u0131s\u0131 sona ermi\u015ftir.\" },\n            { question: \"\u2753 Abbasiler d\u00f6neminde mevali politikas\u0131 nas\u0131l de\u011fi\u015fmi\u015ftir?\", answer: \"\ud83d\udc4d Halife Mansur D\u00f6nemi\u2019nde Arap ve mevali aras\u0131ndaki fark ortadan kald\u0131r\u0131lm\u0131\u015ft\u0131r.\" },\n            { question: \"\u2753 Harun Re\u015fid d\u00f6neminin (786-809) \u00f6nemi nedir?\", answer: \"\u2728 Abbasilere en parlak d\u00f6nemi ya\u015fatm\u0131\u015ft\u0131r.\" },\n            { question: \"\u2753 'Avas\u0131m' nedir ve kimler i\u00e7in kurulmu\u015ftur?\", answer: \"\ud83c\udff0 \u0130slam Devleti ile Do\u011fu Roma \u0130mparatorlu\u011fu s\u0131n\u0131r\u0131ndaki Tarsus, Mara\u015f ve Malatya gibi \u015fehirlerde kurulan ve T\u00fcrklerden olu\u015fan asker\u00ee birliklerin yerle\u015ftirildi\u011fi s\u0131n\u0131r hatt\u0131d\u0131r.\" },\n            { question: \"\u2753 S\u00e2marr\u00e2 Devri (836-892) nedir ve T\u00fcrkler i\u00e7in \u00f6nemi ne olmu\u015ftur?\", answer: \"\ud83d\udca1 Halife Mu\u2019tas\u0131m'\u0131n T\u00fcrk askerleriyle birlikte hil\u00e2fet merkezini Ba\u011fdat'tan S\u00e2marr\u00e2 \u015fehrine ta\u015f\u0131mas\u0131yla ba\u015flayan devirdir. \u2b06\ufe0f Bu devirde T\u00fcrkler asker\u00ee, siyas\u00ee ve idar\u00ee alanlarda devlette \u00e7ok etkili olmu\u015flard\u0131r.\" },\n            { question: \"\u2753 Abbasilerde y\u00f6netim yap\u0131s\u0131n\u0131n Emevilerden fark\u0131 neydi?\", answer: \"\u2696\ufe0f Halifelikten sonra en \u00f6nemli kurum olarak Sasani'lerden al\u0131nan vezirlik kurumu olu\u015fturulmu\u015ftur. Vezir, halifenin vekili ve idari yap\u0131n\u0131n ba\u015f\u0131yd\u0131.\" },\n            { question: \"\u2753 T\u00fcrklerin \u0130slamiyet'i kabul etmesini h\u0131zland\u0131ran etkenler nelerdir?\", answer: \"\u2705 Abbasilerin mevali siyasetini terk etmesi, \u2705 G\u00f6k tanr\u0131 dini ile \u0130slamiyet aras\u0131ndaki benzerlikler, \u2705 \u0130slamiyet\u2019in T\u00fcrk mizac\u0131na uygun olmas\u0131.\" },\n            { question: \"\u2753 M\u0131s\u0131r'da kurulan ilk M\u00fcsl\u00fcman T\u00fcrk devleti hangisidir ve kim taraf\u0131ndan kurulmu\u015ftur?\", answer: \"\ud83c\udff0 Toluno\u011fullar\u0131 Devleti (868-905), Ahmed b. Tolun taraf\u0131ndan kurulmu\u015ftur.\" },\n            { question: \"\u2753 Toluno\u011fullar\u0131 ve \u0130h\u015f\u00eed\u00eelerin k\u0131sa \u00f6m\u00fcrl\u00fc olmas\u0131n\u0131n en b\u00fcy\u00fck sebebi nedir?\", answer: \"\u2753 Y\u00f6neticilerin T\u00fcrk, halk\u0131n ise Arap olmas\u0131d\u0131r.\" },\n            { question: \"\u2753 T\u00fcrkler ilk kez hangi d\u00f6nemde kutsal topraklar (Hicaz b\u00f6lgesi) \u00fczerinde hakimiyet kurmu\u015ftur?\", answer: \"\u2728 \u0130h\u015f\u00eed\u00eeler d\u00f6neminde.\" },\n            { question: \"\u2753 Selahaddin Eyyubi'nin Kud\u00fcs'\u00fc fethetti\u011fi sava\u015f hangisidir ve bu neye yol a\u00e7m\u0131\u015ft\u0131r?\", answer: \"\u2694\ufe0f 1187'deki H\u0131ttin Sava\u015f\u0131'nda Ha\u00e7l\u0131lar\u0131 yenerek Kud\u00fcs'\u00fc fethetmi\u015ftir. Bu zafer, III. Ha\u00e7l\u0131 Seferi\u2019nin d\u00fczenlenmesine neden olmu\u015ftur.\" },\n            { question: \"\u2753 Meml\u00fbklularda h\u00fck\u00fcmdarl\u0131k sistemi nas\u0131ld\u0131?\", answer: \"\ud83d\udc51 Genellikle h\u00fck\u00fcmdarl\u0131k babadan o\u011fula ge\u00e7mezdi. Sultan, y\u00fcksek dereceli emirlerden (askerlerden) biri olurdu.\" },\n            { question: \"\u2753 Aynic\u00e2lut Sava\u015f\u0131'n\u0131n (1260) \u00f6nemi nedir?\", answer: \"\u2694\ufe0f Sultan Kutuz komutas\u0131ndaki Meml\u00fbklular, \u0130slam d\u00fcnyas\u0131n\u0131 tehdit eden Mo\u011follar\u0131 durdurmu\u015f ve Suriye'nin b\u00fcy\u00fck k\u0131sm\u0131n\u0131 ele ge\u00e7irmi\u015ftir.\" },\n            { question: \"\u2753 Abbasi hilafeti Mo\u011follar taraf\u0131ndan y\u0131k\u0131ld\u0131ktan sonra nerede ve kim taraf\u0131ndan yeniden kurulmu\u015ftur?\", answer: \"\ud83d\ude4f Sultan I. Baybars taraf\u0131ndan 1261 y\u0131l\u0131nda M\u0131s\u0131r\u2019da yeniden kurulmu\u015f ve Meml\u00fbklular hilafetin koruyucusu olmu\u015ftur.\" }\n        ];\n\n        let currentCardIndex = 0;\n\n        const flashcard = document.getElementById('flashcard');\n        const questionEl = document.getElementById('question');\n        const answerEl = document.getElementById('answer');\n        const prevButton = document.getElementById('prev-button');\n        const nextButton = document.getElementById('next-button');\n        const flipButton = document.getElementById('flip-button');\n        const cardCounterEl = document.getElementById('card-counter');\n\n        function showCard(index) {\n            if (flashcard.classList.contains('is-flipped')) {\n                flashcard.classList.remove('is-flipped');\n            }\n            \/\/ A slight delay to allow the card to flip back before changing content\n            setTimeout(() => {\n                questionEl.innerHTML = flashcards[index].question;\n                answerEl.innerHTML = flashcards[index].answer;\n                cardCounterEl.textContent = `Kart ${index + 1} \/ ${flashcards.length}`;\n            }, 150);\n        }\n        \n        flipButton.addEventListener('click', () => {\n            flashcard.classList.toggle('is-flipped');\n        });\n\n        flashcard.addEventListener('click', () => {\n            flashcard.classList.toggle('is-flipped');\n        });\n\n        nextButton.addEventListener('click', () => {\n            currentCardIndex = (currentCardIndex + 1) % flashcards.length;\n            showCard(currentCardIndex);\n        });\n\n        prevButton.addEventListener('click', () => {\n            currentCardIndex = (currentCardIndex - 1 + flashcards.length) % flashcards.length;\n            showCard(currentCardIndex);\n        });\n\n        \/\/ Initial card load\n        showCard(currentCardIndex);\n    <\/script>\n\n<\/body>\n<\/html>\n\n\n\n\n<p class=\"wp-block-paragraph\"><\/p>\n\n\n\n<p class=\"wp-block-paragraph\"><\/p>\n\n\n\n<p class=\"wp-block-paragraph\"><\/p>\n","protected":false},"excerpt":{"rendered":"<div class=\"mh-excerpt\"><p>Bu yaz\u0131m\u0131zda g\u00fcncel m\u00fcfredata g\u00f6re haz\u0131rlad\u0131\u011f\u0131m\u0131z&nbsp;9. s\u0131n\u0131f tarih dersi 3. \u00fcnitesi&nbsp;olan&nbsp;Orta \u00c7a\u011f Medeniyetleri&nbsp;\u00fcnitesinin&nbsp;i\u00e7inde yer alan&nbsp;Orta \u00c7a\u011f\u2019daki Siyasi ve Askeri Geli\u015fmeler yaz\u0131l\u0131ya haz\u0131rl\u0131k&nbsp;\u00e7al\u0131\u015fmam\u0131z\u0131 payla\u015f\u0131yoruz.&nbsp;Orta \u00c7a\u011f\u2019daki Siyasi <a class=\"mh-excerpt-more\" href=\"https:\/\/tarihkursu.com\/index.php\/2026\/04\/03\/4-orta-cagdaki-siyasi-ve-askeri-gelismeler-yaziliya-hazirlik-soru-cevap-flashcart\/\" title=\"#4 Orta \u00c7a\u011f\u2019daki Siyasi ve Askeri Geli\u015fmeler Yaz\u0131l\u0131ya Haz\u0131rl\u0131k Soru-Cevap (flashcart)\">[&#8230;]<\/a><\/p>\n<\/div>","protected":false},"author":2,"featured_media":2819,"comment_status":"open","ping_status":"open","sticky":false,"template":"","format":"standard","meta":{"_regular_price":[],"currency_symbol":[],"footnotes":""},"categories":[150,113],"tags":[285,286,87],"class_list":["post-3155","post","type-post","status-publish","format-standard","has-post-thumbnail","hentry","category-9-sinif-tarih-2","category-9-sinf-tarih-soru-cevap","tag-9-sinif-tarih-flashcard","tag-9-sinif-tarih-soru-cevap-2","tag-9-sinif-tarih"],"post_slider_layout_featured_media_urls":{"thumbnail":["https:\/\/tarihkursu.com\/wp-content\/uploads\/2025\/09\/FLASHCARD-150x150.png",150,150,true],"post_slider_layout_landscape_large":["https:\/\/tarihkursu.com\/wp-content\/uploads\/2025\/09\/FLASHCARD-1200x800.png",1200,800,true],"post_slider_layout_portrait_large":["https:\/\/tarihkursu.com\/wp-content\/uploads\/2025\/09\/FLASHCARD-1200x1080.png",1200,1080,true],"post_slider_layout_square_large":["https:\/\/tarihkursu.com\/wp-content\/uploads\/2025\/09\/FLASHCARD-1200x1080.png",1200,1080,true],"post_slider_layout_landscape":["https:\/\/tarihkursu.com\/wp-content\/uploads\/2025\/09\/FLASHCARD-600x400.png",600,400,true],"post_slider_layout_portrait":["https:\/\/tarihkursu.com\/wp-content\/uploads\/2025\/09\/FLASHCARD-600x900.png",600,900,true],"post_slider_layout_square":["https:\/\/tarihkursu.com\/wp-content\/uploads\/2025\/09\/FLASHCARD-600x600.png",600,600,true],"full":["https:\/\/tarihkursu.com\/wp-content\/uploads\/2025\/09\/FLASHCARD.png",1920,1080,false]},"yoast_head":"<!-- This site is optimized with the Yoast SEO plugin v28.3 - https:\/\/yoast.com\/product\/yoast-seo-wordpress\/ -->\n<title>#4 Orta \u00c7a\u011f\u2019daki Siyasi ve Askeri Geli\u015fmeler Yaz\u0131l\u0131ya Haz\u0131rl\u0131k Soru-Cevap (flashcart) - tarihkursu.com<\/title>\n<meta name=\"description\" content=\"Orta \u00c7a\u011f Medeniyetleri\u00a0\u00fcnitesinin\u00a0i\u00e7inde yer alan\u00a0Orta \u00c7a\u011f\u2019daki Siyasi ve Askeri Geli\u015fmeler yaz\u0131l\u0131ya haz\u0131rl\u0131k\u00a0\u00e7al\u0131\u015fmam\u0131z\u0131 payla\u015f\u0131yoruz.\u00a0\" \/>\n<meta name=\"robots\" content=\"index, follow, max-snippet:-1, max-image-preview:large, max-video-preview:-1\" \/>\n<link rel=\"canonical\" href=\"https:\/\/tarihkursu.com\/index.php\/2026\/04\/03\/4-orta-cagdaki-siyasi-ve-askeri-gelismeler-yaziliya-hazirlik-soru-cevap-flashcart\/\" \/>\n<meta property=\"og:locale\" content=\"tr_TR\" \/>\n<meta property=\"og:type\" content=\"article\" \/>\n<meta property=\"og:title\" content=\"#4 Orta \u00c7a\u011f\u2019daki Siyasi ve Askeri Geli\u015fmeler Yaz\u0131l\u0131ya Haz\u0131rl\u0131k Soru-Cevap (flashcart) - tarihkursu.com\" \/>\n<meta property=\"og:description\" content=\"Orta \u00c7a\u011f Medeniyetleri\u00a0\u00fcnitesinin\u00a0i\u00e7inde yer alan\u00a0Orta \u00c7a\u011f\u2019daki Siyasi ve Askeri Geli\u015fmeler yaz\u0131l\u0131ya haz\u0131rl\u0131k\u00a0\u00e7al\u0131\u015fmam\u0131z\u0131 payla\u015f\u0131yoruz.\u00a0\" \/>\n<meta property=\"og:url\" content=\"https:\/\/tarihkursu.com\/index.php\/2026\/04\/03\/4-orta-cagdaki-siyasi-ve-askeri-gelismeler-yaziliya-hazirlik-soru-cevap-flashcart\/\" \/>\n<meta property=\"og:site_name\" content=\"tarihkursu.com\" \/>\n<meta property=\"article:published_time\" content=\"2026-04-03T10:32:40+00:00\" \/>\n<meta property=\"og:image\" content=\"https:\/\/tarihkursu.com\/wp-content\/uploads\/2025\/09\/FLASHCARD.png\" \/>\n\t<meta property=\"og:image:width\" content=\"1920\" \/>\n\t<meta property=\"og:image:height\" content=\"1080\" \/>\n\t<meta property=\"og:image:type\" content=\"image\/png\" \/>\n<meta name=\"author\" content=\"tarihkursu\" \/>\n<meta name=\"twitter:card\" content=\"summary_large_image\" \/>\n<meta name=\"twitter:label1\" content=\"Yazan:\" \/>\n\t<meta name=\"twitter:data1\" content=\"tarihkursu\" \/>\n\t<meta name=\"twitter:label2\" content=\"Tahmini okuma s\u00fcresi\" \/>\n\t<meta name=\"twitter:data2\" content=\"2 dakika\" \/>\n<script type=\"application\/ld+json\" class=\"yoast-schema-graph\">{\"@context\":\"https:\\\/\\\/schema.org\",\"@graph\":[{\"@type\":\"Article\",\"@id\":\"https:\\\/\\\/tarihkursu.com\\\/index.php\\\/2026\\\/04\\\/03\\\/4-orta-cagdaki-siyasi-ve-askeri-gelismeler-yaziliya-hazirlik-soru-cevap-flashcart\\\/#article\",\"isPartOf\":{\"@id\":\"https:\\\/\\\/tarihkursu.com\\\/index.php\\\/2026\\\/04\\\/03\\\/4-orta-cagdaki-siyasi-ve-askeri-gelismeler-yaziliya-hazirlik-soru-cevap-flashcart\\\/\"},\"author\":{\"name\":\"tarihkursu\",\"@id\":\"https:\\\/\\\/tarihkursu.com\\\/#\\\/schema\\\/person\\\/d0f9105e31352dbe9f08d098ffb8c878\"},\"headline\":\"#4 Orta \u00c7a\u011f\u2019daki Siyasi ve Askeri Geli\u015fmeler Yaz\u0131l\u0131ya Haz\u0131rl\u0131k Soru-Cevap (flashcart)\",\"datePublished\":\"2026-04-03T10:32:40+00:00\",\"mainEntityOfPage\":{\"@id\":\"https:\\\/\\\/tarihkursu.com\\\/index.php\\\/2026\\\/04\\\/03\\\/4-orta-cagdaki-siyasi-ve-askeri-gelismeler-yaziliya-hazirlik-soru-cevap-flashcart\\\/\"},\"wordCount\":237,\"commentCount\":0,\"publisher\":{\"@id\":\"https:\\\/\\\/tarihkursu.com\\\/#\\\/schema\\\/person\\\/4d7bdc3b79e9f5198455474c0f203f3c\"},\"image\":{\"@id\":\"https:\\\/\\\/tarihkursu.com\\\/index.php\\\/2026\\\/04\\\/03\\\/4-orta-cagdaki-siyasi-ve-askeri-gelismeler-yaziliya-hazirlik-soru-cevap-flashcart\\\/#primaryimage\"},\"thumbnailUrl\":\"https:\\\/\\\/tarihkursu.com\\\/wp-content\\\/uploads\\\/2025\\\/09\\\/FLASHCARD.png\",\"keywords\":[\"9. s\u0131n\u0131f tarih flashcard\",\"9. s\u0131n\u0131f tarih soru-cevap\",\"9.s\u0131n\u0131f tarih\"],\"articleSection\":[\"9. S\u0131n\u0131f\",\"9. S\u0131n\u0131f Tarih SORU-CEVAP\"],\"inLanguage\":\"tr\",\"potentialAction\":[{\"@type\":\"CommentAction\",\"name\":\"Comment\",\"target\":[\"https:\\\/\\\/tarihkursu.com\\\/index.php\\\/2026\\\/04\\\/03\\\/4-orta-cagdaki-siyasi-ve-askeri-gelismeler-yaziliya-hazirlik-soru-cevap-flashcart\\\/#respond\"]}]},{\"@type\":\"WebPage\",\"@id\":\"https:\\\/\\\/tarihkursu.com\\\/index.php\\\/2026\\\/04\\\/03\\\/4-orta-cagdaki-siyasi-ve-askeri-gelismeler-yaziliya-hazirlik-soru-cevap-flashcart\\\/\",\"url\":\"https:\\\/\\\/tarihkursu.com\\\/index.php\\\/2026\\\/04\\\/03\\\/4-orta-cagdaki-siyasi-ve-askeri-gelismeler-yaziliya-hazirlik-soru-cevap-flashcart\\\/\",\"name\":\"#4 Orta \u00c7a\u011f\u2019daki Siyasi ve Askeri Geli\u015fmeler Yaz\u0131l\u0131ya Haz\u0131rl\u0131k Soru-Cevap (flashcart) - tarihkursu.com\",\"isPartOf\":{\"@id\":\"https:\\\/\\\/tarihkursu.com\\\/#website\"},\"primaryImageOfPage\":{\"@id\":\"https:\\\/\\\/tarihkursu.com\\\/index.php\\\/2026\\\/04\\\/03\\\/4-orta-cagdaki-siyasi-ve-askeri-gelismeler-yaziliya-hazirlik-soru-cevap-flashcart\\\/#primaryimage\"},\"image\":{\"@id\":\"https:\\\/\\\/tarihkursu.com\\\/index.php\\\/2026\\\/04\\\/03\\\/4-orta-cagdaki-siyasi-ve-askeri-gelismeler-yaziliya-hazirlik-soru-cevap-flashcart\\\/#primaryimage\"},\"thumbnailUrl\":\"https:\\\/\\\/tarihkursu.com\\\/wp-content\\\/uploads\\\/2025\\\/09\\\/FLASHCARD.png\",\"datePublished\":\"2026-04-03T10:32:40+00:00\",\"description\":\"Orta \u00c7a\u011f Medeniyetleri\u00a0\u00fcnitesinin\u00a0i\u00e7inde yer alan\u00a0Orta \u00c7a\u011f\u2019daki Siyasi ve Askeri Geli\u015fmeler yaz\u0131l\u0131ya haz\u0131rl\u0131k\u00a0\u00e7al\u0131\u015fmam\u0131z\u0131 payla\u015f\u0131yoruz.\u00a0\",\"breadcrumb\":{\"@id\":\"https:\\\/\\\/tarihkursu.com\\\/index.php\\\/2026\\\/04\\\/03\\\/4-orta-cagdaki-siyasi-ve-askeri-gelismeler-yaziliya-hazirlik-soru-cevap-flashcart\\\/#breadcrumb\"},\"inLanguage\":\"tr\",\"potentialAction\":[{\"@type\":\"ReadAction\",\"target\":[\"https:\\\/\\\/tarihkursu.com\\\/index.php\\\/2026\\\/04\\\/03\\\/4-orta-cagdaki-siyasi-ve-askeri-gelismeler-yaziliya-hazirlik-soru-cevap-flashcart\\\/\"]}]},{\"@type\":\"ImageObject\",\"inLanguage\":\"tr\",\"@id\":\"https:\\\/\\\/tarihkursu.com\\\/index.php\\\/2026\\\/04\\\/03\\\/4-orta-cagdaki-siyasi-ve-askeri-gelismeler-yaziliya-hazirlik-soru-cevap-flashcart\\\/#primaryimage\",\"url\":\"https:\\\/\\\/tarihkursu.com\\\/wp-content\\\/uploads\\\/2025\\\/09\\\/FLASHCARD.png\",\"contentUrl\":\"https:\\\/\\\/tarihkursu.com\\\/wp-content\\\/uploads\\\/2025\\\/09\\\/FLASHCARD.png\",\"width\":1920,\"height\":1080},{\"@type\":\"BreadcrumbList\",\"@id\":\"https:\\\/\\\/tarihkursu.com\\\/index.php\\\/2026\\\/04\\\/03\\\/4-orta-cagdaki-siyasi-ve-askeri-gelismeler-yaziliya-hazirlik-soru-cevap-flashcart\\\/#breadcrumb\",\"itemListElement\":[{\"@type\":\"ListItem\",\"position\":1,\"name\":\"Anasayfa\",\"item\":\"https:\\\/\\\/tarihkursu.com\\\/\"},{\"@type\":\"ListItem\",\"position\":2,\"name\":\"#4 Orta \u00c7a\u011f\u2019daki Siyasi ve Askeri Geli\u015fmeler Yaz\u0131l\u0131ya Haz\u0131rl\u0131k Soru-Cevap (flashcart)\"}]},{\"@type\":\"WebSite\",\"@id\":\"https:\\\/\\\/tarihkursu.com\\\/#website\",\"url\":\"https:\\\/\\\/tarihkursu.com\\\/\",\"name\":\"Tarih Kursu\",\"description\":\"\u0130\u015fimiz G\u00fcc\u00fcm\u00fcz Tarih\",\"publisher\":{\"@id\":\"https:\\\/\\\/tarihkursu.com\\\/#\\\/schema\\\/person\\\/4d7bdc3b79e9f5198455474c0f203f3c\"},\"potentialAction\":[{\"@type\":\"SearchAction\",\"target\":{\"@type\":\"EntryPoint\",\"urlTemplate\":\"https:\\\/\\\/tarihkursu.com\\\/?s={search_term_string}\"},\"query-input\":{\"@type\":\"PropertyValueSpecification\",\"valueRequired\":true,\"valueName\":\"search_term_string\"}}],\"inLanguage\":\"tr\"},{\"@type\":[\"Person\",\"Organization\"],\"@id\":\"https:\\\/\\\/tarihkursu.com\\\/#\\\/schema\\\/person\\\/4d7bdc3b79e9f5198455474c0f203f3c\",\"name\":\"admin\",\"image\":{\"@type\":\"ImageObject\",\"inLanguage\":\"tr\",\"@id\":\"https:\\\/\\\/tarihkursu.com\\\/wp-content\\\/uploads\\\/2024\\\/10\\\/TARIHKURSU-Kopyasi.png\",\"url\":\"https:\\\/\\\/tarihkursu.com\\\/wp-content\\\/uploads\\\/2024\\\/10\\\/TARIHKURSU-Kopyasi.png\",\"contentUrl\":\"https:\\\/\\\/tarihkursu.com\\\/wp-content\\\/uploads\\\/2024\\\/10\\\/TARIHKURSU-Kopyasi.png\",\"width\":1080,\"height\":1080,\"caption\":\"admin\"},\"logo\":{\"@id\":\"https:\\\/\\\/tarihkursu.com\\\/wp-content\\\/uploads\\\/2024\\\/10\\\/TARIHKURSU-Kopyasi.png\"},\"sameAs\":[\"https:\\\/\\\/tarihkursu.com\"]},{\"@type\":\"Person\",\"@id\":\"https:\\\/\\\/tarihkursu.com\\\/#\\\/schema\\\/person\\\/d0f9105e31352dbe9f08d098ffb8c878\",\"name\":\"tarihkursu\",\"image\":{\"@type\":\"ImageObject\",\"inLanguage\":\"tr\",\"@id\":\"https:\\\/\\\/secure.gravatar.com\\\/avatar\\\/1354763acbc865faa7650c3e1e4431f187276d71f132349411302a546cdeae54?s=96&d=mm&r=g\",\"url\":\"https:\\\/\\\/secure.gravatar.com\\\/avatar\\\/1354763acbc865faa7650c3e1e4431f187276d71f132349411302a546cdeae54?s=96&d=mm&r=g\",\"contentUrl\":\"https:\\\/\\\/secure.gravatar.com\\\/avatar\\\/1354763acbc865faa7650c3e1e4431f187276d71f132349411302a546cdeae54?s=96&d=mm&r=g\",\"caption\":\"tarihkursu\"},\"url\":\"https:\\\/\\\/tarihkursu.com\\\/index.php\\\/author\\\/tarihkursu\\\/\"}]}<\/script>\n<!-- \/ Yoast SEO plugin. -->","yoast_head_json":{"title":"#4 Orta \u00c7a\u011f\u2019daki Siyasi ve Askeri Geli\u015fmeler Yaz\u0131l\u0131ya Haz\u0131rl\u0131k Soru-Cevap (flashcart) - tarihkursu.com","description":"Orta \u00c7a\u011f Medeniyetleri\u00a0\u00fcnitesinin\u00a0i\u00e7inde yer alan\u00a0Orta \u00c7a\u011f\u2019daki Siyasi ve Askeri Geli\u015fmeler yaz\u0131l\u0131ya haz\u0131rl\u0131k\u00a0\u00e7al\u0131\u015fmam\u0131z\u0131 payla\u015f\u0131yoruz.\u00a0","robots":{"index":"index","follow":"follow","max-snippet":"max-snippet:-1","max-image-preview":"max-image-preview:large","max-video-preview":"max-video-preview:-1"},"canonical":"https:\/\/tarihkursu.com\/index.php\/2026\/04\/03\/4-orta-cagdaki-siyasi-ve-askeri-gelismeler-yaziliya-hazirlik-soru-cevap-flashcart\/","og_locale":"tr_TR","og_type":"article","og_title":"#4 Orta \u00c7a\u011f\u2019daki Siyasi ve Askeri Geli\u015fmeler Yaz\u0131l\u0131ya Haz\u0131rl\u0131k Soru-Cevap (flashcart) - tarihkursu.com","og_description":"Orta \u00c7a\u011f Medeniyetleri\u00a0\u00fcnitesinin\u00a0i\u00e7inde yer alan\u00a0Orta \u00c7a\u011f\u2019daki Siyasi ve Askeri Geli\u015fmeler yaz\u0131l\u0131ya haz\u0131rl\u0131k\u00a0\u00e7al\u0131\u015fmam\u0131z\u0131 payla\u015f\u0131yoruz.\u00a0","og_url":"https:\/\/tarihkursu.com\/index.php\/2026\/04\/03\/4-orta-cagdaki-siyasi-ve-askeri-gelismeler-yaziliya-hazirlik-soru-cevap-flashcart\/","og_site_name":"tarihkursu.com","article_published_time":"2026-04-03T10:32:40+00:00","og_image":[{"width":1920,"height":1080,"url":"https:\/\/tarihkursu.com\/wp-content\/uploads\/2025\/09\/FLASHCARD.png","type":"image\/png"}],"author":"tarihkursu","twitter_card":"summary_large_image","twitter_misc":{"Yazan:":"tarihkursu","Tahmini okuma s\u00fcresi":"2 dakika"},"schema":{"@context":"https:\/\/schema.org","@graph":[{"@type":"Article","@id":"https:\/\/tarihkursu.com\/index.php\/2026\/04\/03\/4-orta-cagdaki-siyasi-ve-askeri-gelismeler-yaziliya-hazirlik-soru-cevap-flashcart\/#article","isPartOf":{"@id":"https:\/\/tarihkursu.com\/index.php\/2026\/04\/03\/4-orta-cagdaki-siyasi-ve-askeri-gelismeler-yaziliya-hazirlik-soru-cevap-flashcart\/"},"author":{"name":"tarihkursu","@id":"https:\/\/tarihkursu.com\/#\/schema\/person\/d0f9105e31352dbe9f08d098ffb8c878"},"headline":"#4 Orta \u00c7a\u011f\u2019daki Siyasi ve Askeri Geli\u015fmeler Yaz\u0131l\u0131ya Haz\u0131rl\u0131k Soru-Cevap (flashcart)","datePublished":"2026-04-03T10:32:40+00:00","mainEntityOfPage":{"@id":"https:\/\/tarihkursu.com\/index.php\/2026\/04\/03\/4-orta-cagdaki-siyasi-ve-askeri-gelismeler-yaziliya-hazirlik-soru-cevap-flashcart\/"},"wordCount":237,"commentCount":0,"publisher":{"@id":"https:\/\/tarihkursu.com\/#\/schema\/person\/4d7bdc3b79e9f5198455474c0f203f3c"},"image":{"@id":"https:\/\/tarihkursu.com\/index.php\/2026\/04\/03\/4-orta-cagdaki-siyasi-ve-askeri-gelismeler-yaziliya-hazirlik-soru-cevap-flashcart\/#primaryimage"},"thumbnailUrl":"https:\/\/tarihkursu.com\/wp-content\/uploads\/2025\/09\/FLASHCARD.png","keywords":["9. s\u0131n\u0131f tarih flashcard","9. s\u0131n\u0131f tarih soru-cevap","9.s\u0131n\u0131f tarih"],"articleSection":["9. S\u0131n\u0131f","9. S\u0131n\u0131f Tarih SORU-CEVAP"],"inLanguage":"tr","potentialAction":[{"@type":"CommentAction","name":"Comment","target":["https:\/\/tarihkursu.com\/index.php\/2026\/04\/03\/4-orta-cagdaki-siyasi-ve-askeri-gelismeler-yaziliya-hazirlik-soru-cevap-flashcart\/#respond"]}]},{"@type":"WebPage","@id":"https:\/\/tarihkursu.com\/index.php\/2026\/04\/03\/4-orta-cagdaki-siyasi-ve-askeri-gelismeler-yaziliya-hazirlik-soru-cevap-flashcart\/","url":"https:\/\/tarihkursu.com\/index.php\/2026\/04\/03\/4-orta-cagdaki-siyasi-ve-askeri-gelismeler-yaziliya-hazirlik-soru-cevap-flashcart\/","name":"#4 Orta \u00c7a\u011f\u2019daki Siyasi ve Askeri Geli\u015fmeler Yaz\u0131l\u0131ya Haz\u0131rl\u0131k Soru-Cevap (flashcart) - tarihkursu.com","isPartOf":{"@id":"https:\/\/tarihkursu.com\/#website"},"primaryImageOfPage":{"@id":"https:\/\/tarihkursu.com\/index.php\/2026\/04\/03\/4-orta-cagdaki-siyasi-ve-askeri-gelismeler-yaziliya-hazirlik-soru-cevap-flashcart\/#primaryimage"},"image":{"@id":"https:\/\/tarihkursu.com\/index.php\/2026\/04\/03\/4-orta-cagdaki-siyasi-ve-askeri-gelismeler-yaziliya-hazirlik-soru-cevap-flashcart\/#primaryimage"},"thumbnailUrl":"https:\/\/tarihkursu.com\/wp-content\/uploads\/2025\/09\/FLASHCARD.png","datePublished":"2026-04-03T10:32:40+00:00","description":"Orta \u00c7a\u011f Medeniyetleri\u00a0\u00fcnitesinin\u00a0i\u00e7inde yer alan\u00a0Orta \u00c7a\u011f\u2019daki Siyasi ve Askeri Geli\u015fmeler yaz\u0131l\u0131ya haz\u0131rl\u0131k\u00a0\u00e7al\u0131\u015fmam\u0131z\u0131 payla\u015f\u0131yoruz.\u00a0","breadcrumb":{"@id":"https:\/\/tarihkursu.com\/index.php\/2026\/04\/03\/4-orta-cagdaki-siyasi-ve-askeri-gelismeler-yaziliya-hazirlik-soru-cevap-flashcart\/#breadcrumb"},"inLanguage":"tr","potentialAction":[{"@type":"ReadAction","target":["https:\/\/tarihkursu.com\/index.php\/2026\/04\/03\/4-orta-cagdaki-siyasi-ve-askeri-gelismeler-yaziliya-hazirlik-soru-cevap-flashcart\/"]}]},{"@type":"ImageObject","inLanguage":"tr","@id":"https:\/\/tarihkursu.com\/index.php\/2026\/04\/03\/4-orta-cagdaki-siyasi-ve-askeri-gelismeler-yaziliya-hazirlik-soru-cevap-flashcart\/#primaryimage","url":"https:\/\/tarihkursu.com\/wp-content\/uploads\/2025\/09\/FLASHCARD.png","contentUrl":"https:\/\/tarihkursu.com\/wp-content\/uploads\/2025\/09\/FLASHCARD.png","width":1920,"height":1080},{"@type":"BreadcrumbList","@id":"https:\/\/tarihkursu.com\/index.php\/2026\/04\/03\/4-orta-cagdaki-siyasi-ve-askeri-gelismeler-yaziliya-hazirlik-soru-cevap-flashcart\/#breadcrumb","itemListElement":[{"@type":"ListItem","position":1,"name":"Anasayfa","item":"https:\/\/tarihkursu.com\/"},{"@type":"ListItem","position":2,"name":"#4 Orta \u00c7a\u011f\u2019daki Siyasi ve Askeri Geli\u015fmeler Yaz\u0131l\u0131ya Haz\u0131rl\u0131k Soru-Cevap (flashcart)"}]},{"@type":"WebSite","@id":"https:\/\/tarihkursu.com\/#website","url":"https:\/\/tarihkursu.com\/","name":"Tarih Kursu","description":"\u0130\u015fimiz G\u00fcc\u00fcm\u00fcz Tarih","publisher":{"@id":"https:\/\/tarihkursu.com\/#\/schema\/person\/4d7bdc3b79e9f5198455474c0f203f3c"},"potentialAction":[{"@type":"SearchAction","target":{"@type":"EntryPoint","urlTemplate":"https:\/\/tarihkursu.com\/?s={search_term_string}"},"query-input":{"@type":"PropertyValueSpecification","valueRequired":true,"valueName":"search_term_string"}}],"inLanguage":"tr"},{"@type":["Person","Organization"],"@id":"https:\/\/tarihkursu.com\/#\/schema\/person\/4d7bdc3b79e9f5198455474c0f203f3c","name":"admin","image":{"@type":"ImageObject","inLanguage":"tr","@id":"https:\/\/tarihkursu.com\/wp-content\/uploads\/2024\/10\/TARIHKURSU-Kopyasi.png","url":"https:\/\/tarihkursu.com\/wp-content\/uploads\/2024\/10\/TARIHKURSU-Kopyasi.png","contentUrl":"https:\/\/tarihkursu.com\/wp-content\/uploads\/2024\/10\/TARIHKURSU-Kopyasi.png","width":1080,"height":1080,"caption":"admin"},"logo":{"@id":"https:\/\/tarihkursu.com\/wp-content\/uploads\/2024\/10\/TARIHKURSU-Kopyasi.png"},"sameAs":["https:\/\/tarihkursu.com"]},{"@type":"Person","@id":"https:\/\/tarihkursu.com\/#\/schema\/person\/d0f9105e31352dbe9f08d098ffb8c878","name":"tarihkursu","image":{"@type":"ImageObject","inLanguage":"tr","@id":"https:\/\/secure.gravatar.com\/avatar\/1354763acbc865faa7650c3e1e4431f187276d71f132349411302a546cdeae54?s=96&d=mm&r=g","url":"https:\/\/secure.gravatar.com\/avatar\/1354763acbc865faa7650c3e1e4431f187276d71f132349411302a546cdeae54?s=96&d=mm&r=g","contentUrl":"https:\/\/secure.gravatar.com\/avatar\/1354763acbc865faa7650c3e1e4431f187276d71f132349411302a546cdeae54?s=96&d=mm&r=g","caption":"tarihkursu"},"url":"https:\/\/tarihkursu.com\/index.php\/author\/tarihkursu\/"}]}},"_links":{"self":[{"href":"https:\/\/tarihkursu.com\/index.php\/wp-json\/wp\/v2\/posts\/3155","targetHints":{"allow":["GET"]}}],"collection":[{"href":"https:\/\/tarihkursu.com\/index.php\/wp-json\/wp\/v2\/posts"}],"about":[{"href":"https:\/\/tarihkursu.com\/index.php\/wp-json\/wp\/v2\/types\/post"}],"author":[{"embeddable":true,"href":"https:\/\/tarihkursu.com\/index.php\/wp-json\/wp\/v2\/users\/2"}],"replies":[{"embeddable":true,"href":"https:\/\/tarihkursu.com\/index.php\/wp-json\/wp\/v2\/comments?post=3155"}],"version-history":[{"count":2,"href":"https:\/\/tarihkursu.com\/index.php\/wp-json\/wp\/v2\/posts\/3155\/revisions"}],"predecessor-version":[{"id":3157,"href":"https:\/\/tarihkursu.com\/index.php\/wp-json\/wp\/v2\/posts\/3155\/revisions\/3157"}],"wp:featuredmedia":[{"embeddable":true,"href":"https:\/\/tarihkursu.com\/index.php\/wp-json\/wp\/v2\/media\/2819"}],"wp:attachment":[{"href":"https:\/\/tarihkursu.com\/index.php\/wp-json\/wp\/v2\/media?parent=3155"}],"wp:term":[{"taxonomy":"category","embeddable":true,"href":"https:\/\/tarihkursu.com\/index.php\/wp-json\/wp\/v2\/categories?post=3155"},{"taxonomy":"post_tag","embeddable":true,"href":"https:\/\/tarihkursu.com\/index.php\/wp-json\/wp\/v2\/tags?post=3155"}],"curies":[{"name":"wp","href":"https:\/\/api.w.org\/{rel}","templated":true}]}}