{"id":318,"date":"2023-08-07T16:58:00","date_gmt":"2023-08-07T13:58:00","guid":{"rendered":"https:\/\/tarihkursu.com\/index.php\/2023\/08\/07\/nedensiz-ilk-kardes-katlini-kim-yapti-osmanlida-kardes-katli\/"},"modified":"2023-08-07T16:58:00","modified_gmt":"2023-08-07T13:58:00","slug":"nedensiz-ilk-kardes-katlini-kim-yapti-osmanlida-kardes-katli","status":"publish","type":"post","link":"https:\/\/tarihkursu.com\/index.php\/2023\/08\/07\/nedensiz-ilk-kardes-katlini-kim-yapti-osmanlida-kardes-katli\/","title":{"rendered":"NEDENS\u0130Z \u0130LK KARDE\u015e KATL\u0130N\u0130 K\u0130M YAPTI? OSMANLIDA KARDE\u015e KATL\u0130"},"content":{"rendered":"<\/p>\n<div style=\"text-align: left;\"><span style=\"font-size: x-large;\"><span style=\"font-family: arial;\">&nbsp;<\/span><\/span><\/div>\n<div style=\"clear: both; text-align: left;\"><a href=\"https:\/\/blogger.googleusercontent.com\/img\/b\/R29vZ2xl\/AVvXsEhNAGOVdMrVP1y7sMGaY1QcHoC8CdhCq6szoLuJ_hwBiTRklpy2lOgihq4_bK_j3Zscg06G1GwBT4B_nTjGJtW_EwxyLf5WV_JW3ULVjLAJt4GrZXGs_5cUWWdzFwVP4auCTYXvMdRHO3nyOkZa4JmzufGxGhkRkJ79UdBgWUhb19lzM6KArEkfdRVuCyTx\/s1280\/purple%20geometric%20Youtube%20Thumbnail.png\" style=\"margin-left: 1em; margin-right: 1em;\"><span style=\"font-family: arial; font-size: large;\"><img loading=\"lazy\" decoding=\"async\" border=\"0\" data-original-height=\"720\" data-original-width=\"1280\" height=\"360\" src=\"https:\/\/blogger.googleusercontent.com\/img\/b\/R29vZ2xl\/AVvXsEhNAGOVdMrVP1y7sMGaY1QcHoC8CdhCq6szoLuJ_hwBiTRklpy2lOgihq4_bK_j3Zscg06G1GwBT4B_nTjGJtW_EwxyLf5WV_JW3ULVjLAJt4GrZXGs_5cUWWdzFwVP4auCTYXvMdRHO3nyOkZa4JmzufGxGhkRkJ79UdBgWUhb19lzM6KArEkfdRVuCyTx\/w640-h360\/purple%20geometric%20Youtube%20Thumbnail.png\" width=\"640\" \/><\/span><\/a><\/div>\n<h1 style=\"clear: both; text-align: justify;\">\n<div style=\"text-align: left;\"><b style=\"font-family: arial; font-size: x-large;\">Y\u0131ld\u0131r\u0131m Bayezid Karde\u015fi Yakub\u2019u Neden \u0130dam Ettirdi?<\/b><\/div>\n<\/h1>\n<div style=\"clear: both; text-align: center;\">\n<p style=\"clear: both; text-align: left;\"><span style=\"font-family: arial; font-size: large;\">Osmanl\u0131 tarihinin en \u00f6nemli padi\u015fahlar\u0131ndan biri olan Y\u0131ld\u0131r\u0131m Bayezid, 1389 y\u0131l\u0131nda babas\u0131 I. Murad\u2019\u0131n Kosova Sava\u015f\u0131\u2019nda \u00f6ld\u00fcr\u00fclmesi \u00fczerine tahta ge\u00e7ti. Ancak taht\u0131n tek sahibi olmak i\u00e7in karde\u015fi Yakub \u00c7elebi\u2019yi de \u00f6ld\u00fcrtmek zorunda kald\u0131. Peki, Y\u0131ld\u0131r\u0131m Bayezid karde\u015fi Yakub\u2019u neden idam ettirdi? Bu yaz\u0131m\u0131zda bu sorunun cevab\u0131n\u0131 arayaca\u011f\u0131z.<\/span><\/p>\n<p style=\"clear: both; text-align: left;\"><span style=\"font-family: arial; font-size: large;\"><br \/><\/span><span style=\"font-family: arial; font-size: large;\">Yakub \u00c7elebi, I. Murad\u2019\u0131n F\u00fbl-D\u00e2ne H\u00e2t\u00fbn\u2019dan olma \u00fc\u00e7\u00fcnc\u00fc \u015fehzadesiydi. K\u00fc\u00e7\u00fck ya\u015f\u0131ndan itibaren iyi bir e\u011fitim g\u00f6ren ve askerlik ve idare konusunda yetenekli olan Yakub \u00c7elebi, b\u00fct\u00fcn sava\u015flarda babas\u0131n\u0131n yan\u0131nda bulunmu\u015f ve cesareti, kahramanl\u0131\u011f\u0131 ve iyilikseverli\u011fiyle kendisini herkese sevdirmi\u015fti.<\/span><span style=\"font-family: arial; font-size: large;\"><br \/><\/span><span style=\"font-family: arial; font-size: large;\">Kosova Sava\u015f\u0131\u2019nda Yakub \u00c7elebi, Osmanl\u0131 ordusunun sol kanad\u0131n\u0131n komutanl\u0131\u011f\u0131n\u0131 yapt\u0131 ve S\u0131rp prensi Lazar\u2019\u0131n yo\u011fun sald\u0131r\u0131s\u0131na maruz kald\u0131. D\u00fc\u015fman yenilip ka\u00e7maya ba\u015flay\u0131nca, Yakub \u00c7elebi onlar\u0131n pe\u015fine tak\u0131ld\u0131. Bu s\u0131rada sava\u015f alan\u0131n\u0131 dola\u015fmakta olan I. Murad, Milo\u0161 Obili\u0107 ad\u0131ndaki yaral\u0131 bir S\u0131rp taraf\u0131ndan han\u00e7erle \u00f6ld\u00fcr\u00fcld\u00fc.<\/span><\/p>\n<p style=\"clear: both; text-align: left;\"><span style=\"font-family: arial; font-size: large;\"><br \/><\/span><span style=\"font-family: arial; font-size: large;\">Taht, pa\u015falar\u0131n ittifak\u0131 ile Y\u0131ld\u0131r\u0131m Bayezid\u2019e verildi. Ancak Y\u0131ld\u0131r\u0131m Bayezid, karde\u015fi Yakub\u2019un saltanat\u0131 ele almak isteyece\u011fi d\u00fc\u015f\u00fcncesiyle endi\u015felendi. Zira Yakub \u00c7elebi, hem babas\u0131n\u0131n vasiyeti hem de halk\u0131n sevgisiyle tahta en yak\u0131n adayd\u0131.<\/span><\/p>\n<p style=\"clear: both; text-align: left;\"><span style=\"font-family: arial; font-size: large;\"><br \/><\/span><span style=\"font-family: arial; font-size: large;\">B\u00f6ylece Y\u0131ld\u0131r\u0131m Bayezid, olas\u0131 bir taht kavgas\u0131n\u0131 \u00f6nlemek i\u00e7in karde\u015fi Yakub\u2019un katline karar verdi. Ota\u011fa \u00e7a\u011fr\u0131lan Yakub \u00c7elebi bo\u011fularak \u00f6ld\u00fcr\u00fcld\u00fc. Bu olay, Osmanl\u0131 tarihindeki ilk karde\u015f katli olarak kaydedildi. Karde\u015f katli, I. Ahmed\u2019in \u2018tahta ya\u015f\u00e7a en b\u00fcy\u00fck olan \u015fehzade ge\u00e7er\u2019 kural\u0131na kadar devam etti.<\/span><\/p>\n<p style=\"clear: both; text-align: left;\"><span style=\"font-family: arial; font-size: large;\"><br \/><\/span><span style=\"font-family: arial; font-size: large;\">Y\u0131ld\u0131r\u0131m Bayezid, karde\u015finin naa\u015f\u0131n\u0131 Bursa\u2019ya getirtti ve t\u00f6renle defnettirdi. \u0130znik\u2019te Yakub \u00c7elebi Camisi\u2019nin kuzeybat\u0131s\u0131nda bulunan t\u00fcrbe ile ilgili bir kitabe bulunmamaktad\u0131r. Yakub \u00c7elebi\u2019nin Bursa\u2019da H\u00fcdavendigar T\u00fcrbesi\u2019nde g\u00f6m\u00fcl\u00fc oldu\u011fu san\u0131lmaktad\u0131r.<\/span><span style=\"font-family: arial; font-size: large;\"><br \/><\/span><span style=\"font-family: arial; font-size: large;\">Yakub \u00c7elebi\u2019nin hayat\u0131 ve \u00f6l\u00fcm\u00fc, Orta \u00c7a\u011f Katalan edebiyat\u0131nda \u00f6nemli bir yer tutan Yakub \u00c7elebi\u2019nin \u00d6yk\u00fcs\u00fc (Hist\u00f2ria de Jacob Xalab\u00edn) adl\u0131 esere de konu olmu\u015ftur. Bu eser, Yakub \u00c7elebi\u2019nin maceralar\u0131n\u0131 ve Kosova Sava\u015f\u0131\u2019nda Y\u0131ld\u0131r\u0131m Bayezid taraf\u0131ndan \u00f6ld\u00fcr\u00fcl\u00fc\u015f\u00fcn\u00fc anlatmaktad\u0131r.<\/span><span style=\"font-family: arial; font-size: large;\"><br \/><\/span><span style=\"font-family: arial; font-size: large;\">Yakub \u00c7elebi, Osmanl\u0131 tarihinde hem sevgili hem de kurban olarak hat\u0131rlanan bir \u015fehzadedir. Karde\u015fi Y\u0131ld\u0131r\u0131m Bayezid ise onu \u00f6ld\u00fcrmek zorunda kald\u0131\u011f\u0131 i\u00e7in pi\u015fmanl\u0131k duymu\u015f ve onun ad\u0131na hay\u0131r i\u015fleri yapt\u0131rm\u0131\u015ft\u0131r. Ancak bu karde\u015f katli, Osmanl\u0131 taht\u0131n\u0131n ne kadar kanl\u0131 bir m\u00fccadele oldu\u011funu da g\u00f6stermektedir.<\/span><\/p>\n<\/div>\n<p style=\"text-align: left;\"><\/p>\n","protected":false},"excerpt":{"rendered":"<div class=\"mh-excerpt\"><p>&nbsp; Y\u0131ld\u0131r\u0131m Bayezid Karde\u015fi Yakub\u2019u Neden \u0130dam Ettirdi? Osmanl\u0131 tarihinin en \u00f6nemli padi\u015fahlar\u0131ndan biri olan Y\u0131ld\u0131r\u0131m Bayezid, 1389 y\u0131l\u0131nda babas\u0131 I. Murad\u2019\u0131n Kosova Sava\u015f\u0131\u2019nda \u00f6ld\u00fcr\u00fclmesi <a class=\"mh-excerpt-more\" href=\"https:\/\/tarihkursu.com\/index.php\/2023\/08\/07\/nedensiz-ilk-kardes-katlini-kim-yapti-osmanlida-kardes-katli\/\" title=\"NEDENS\u0130Z \u0130LK KARDE\u015e KATL\u0130N\u0130 K\u0130M YAPTI? OSMANLIDA KARDE\u015e KATL\u0130\">[&#8230;]<\/a><\/p>\n<\/div>","protected":false},"author":2,"featured_media":0,"comment_status":"open","ping_status":"open","sticky":false,"template":"","format":"standard","meta":{"_regular_price":[],"currency_symbol":[],"footnotes":""},"categories":[27],"tags":[],"class_list":["post-318","post","type-post","status-publish","format-standard","hentry","category-makaleler"],"post_slider_layout_featured_media_urls":{"thumbnail":"","post_slider_layout_landscape_large":"","post_slider_layout_portrait_large":"","post_slider_layout_square_large":"","post_slider_layout_landscape":"","post_slider_layout_portrait":"","post_slider_layout_square":"","full":""},"yoast_head":"<!-- This site is optimized with the Yoast SEO plugin v28.4 - https:\/\/yoast.com\/product\/yoast-seo-wordpress\/ -->\n<title>NEDENS\u0130Z \u0130LK KARDE\u015e KATL\u0130N\u0130 K\u0130M YAPTI? OSMANLIDA KARDE\u015e KATL\u0130 - tarihkursu.com<\/title>\n<meta name=\"robots\" content=\"index, follow, max-snippet:-1, max-image-preview:large, max-video-preview:-1\" \/>\n<link rel=\"canonical\" href=\"https:\/\/tarihkursu.com\/index.php\/2023\/08\/07\/nedensiz-ilk-kardes-katlini-kim-yapti-osmanlida-kardes-katli\/\" \/>\n<meta property=\"og:locale\" content=\"tr_TR\" \/>\n<meta property=\"og:type\" content=\"article\" \/>\n<meta property=\"og:title\" content=\"NEDENS\u0130Z \u0130LK KARDE\u015e KATL\u0130N\u0130 K\u0130M YAPTI? OSMANLIDA KARDE\u015e KATL\u0130 - tarihkursu.com\" \/>\n<meta property=\"og:description\" content=\"&nbsp; Y\u0131ld\u0131r\u0131m Bayezid Karde\u015fi Yakub\u2019u Neden \u0130dam Ettirdi? Osmanl\u0131 tarihinin en \u00f6nemli padi\u015fahlar\u0131ndan biri olan Y\u0131ld\u0131r\u0131m Bayezid, 1389 y\u0131l\u0131nda babas\u0131 I. Murad\u2019\u0131n Kosova Sava\u015f\u0131\u2019nda \u00f6ld\u00fcr\u00fclmesi [...]\" \/>\n<meta property=\"og:url\" content=\"https:\/\/tarihkursu.com\/index.php\/2023\/08\/07\/nedensiz-ilk-kardes-katlini-kim-yapti-osmanlida-kardes-katli\/\" \/>\n<meta property=\"og:site_name\" content=\"tarihkursu.com\" \/>\n<meta property=\"article:published_time\" content=\"2023-08-07T13:58:00+00:00\" \/>\n<meta property=\"og:image\" content=\"https:\/\/blogger.googleusercontent.com\/img\/b\/R29vZ2xl\/AVvXsEhNAGOVdMrVP1y7sMGaY1QcHoC8CdhCq6szoLuJ_hwBiTRklpy2lOgihq4_bK_j3Zscg06G1GwBT4B_nTjGJtW_EwxyLf5WV_JW3ULVjLAJt4GrZXGs_5cUWWdzFwVP4auCTYXvMdRHO3nyOkZa4JmzufGxGhkRkJ79UdBgWUhb19lzM6KArEkfdRVuCyTx\/w640-h360\/purple%20geometric%20Youtube%20Thumbnail.png\" \/>\n<meta name=\"author\" content=\"tarihkursu\" \/>\n<meta name=\"twitter:card\" content=\"summary_large_image\" \/>\n<meta name=\"twitter:label1\" content=\"Yazan:\" \/>\n\t<meta name=\"twitter:data1\" content=\"tarihkursu\" \/>\n\t<meta name=\"twitter:label2\" content=\"Tahmini okuma s\u00fcresi\" \/>\n\t<meta name=\"twitter:data2\" content=\"2 dakika\" \/>\n<script type=\"application\/ld+json\" class=\"yoast-schema-graph\">{\"@context\":\"https:\\\/\\\/schema.org\",\"@graph\":[{\"@type\":\"Article\",\"@id\":\"https:\\\/\\\/tarihkursu.com\\\/index.php\\\/2023\\\/08\\\/07\\\/nedensiz-ilk-kardes-katlini-kim-yapti-osmanlida-kardes-katli\\\/#article\",\"isPartOf\":{\"@id\":\"https:\\\/\\\/tarihkursu.com\\\/index.php\\\/2023\\\/08\\\/07\\\/nedensiz-ilk-kardes-katlini-kim-yapti-osmanlida-kardes-katli\\\/\"},\"author\":{\"name\":\"tarihkursu\",\"@id\":\"https:\\\/\\\/tarihkursu.com\\\/#\\\/schema\\\/person\\\/d0f9105e31352dbe9f08d098ffb8c878\"},\"headline\":\"NEDENS\u0130Z \u0130LK KARDE\u015e KATL\u0130N\u0130 K\u0130M YAPTI? OSMANLIDA KARDE\u015e KATL\u0130\",\"datePublished\":\"2023-08-07T13:58:00+00:00\",\"mainEntityOfPage\":{\"@id\":\"https:\\\/\\\/tarihkursu.com\\\/index.php\\\/2023\\\/08\\\/07\\\/nedensiz-ilk-kardes-katlini-kim-yapti-osmanlida-kardes-katli\\\/\"},\"wordCount\":510,\"commentCount\":0,\"publisher\":{\"@id\":\"https:\\\/\\\/tarihkursu.com\\\/#\\\/schema\\\/person\\\/4d7bdc3b79e9f5198455474c0f203f3c\"},\"image\":{\"@id\":\"https:\\\/\\\/tarihkursu.com\\\/index.php\\\/2023\\\/08\\\/07\\\/nedensiz-ilk-kardes-katlini-kim-yapti-osmanlida-kardes-katli\\\/#primaryimage\"},\"thumbnailUrl\":\"https:\\\/\\\/blogger.googleusercontent.com\\\/img\\\/b\\\/R29vZ2xl\\\/AVvXsEhNAGOVdMrVP1y7sMGaY1QcHoC8CdhCq6szoLuJ_hwBiTRklpy2lOgihq4_bK_j3Zscg06G1GwBT4B_nTjGJtW_EwxyLf5WV_JW3ULVjLAJt4GrZXGs_5cUWWdzFwVP4auCTYXvMdRHO3nyOkZa4JmzufGxGhkRkJ79UdBgWUhb19lzM6KArEkfdRVuCyTx\\\/w640-h360\\\/purple%20geometric%20Youtube%20Thumbnail.png\",\"articleSection\":[\"MAKALELER\"],\"inLanguage\":\"tr\",\"potentialAction\":[{\"@type\":\"CommentAction\",\"name\":\"Comment\",\"target\":[\"https:\\\/\\\/tarihkursu.com\\\/index.php\\\/2023\\\/08\\\/07\\\/nedensiz-ilk-kardes-katlini-kim-yapti-osmanlida-kardes-katli\\\/#respond\"]}]},{\"@type\":\"WebPage\",\"@id\":\"https:\\\/\\\/tarihkursu.com\\\/index.php\\\/2023\\\/08\\\/07\\\/nedensiz-ilk-kardes-katlini-kim-yapti-osmanlida-kardes-katli\\\/\",\"url\":\"https:\\\/\\\/tarihkursu.com\\\/index.php\\\/2023\\\/08\\\/07\\\/nedensiz-ilk-kardes-katlini-kim-yapti-osmanlida-kardes-katli\\\/\",\"name\":\"NEDENS\u0130Z \u0130LK KARDE\u015e KATL\u0130N\u0130 K\u0130M YAPTI? OSMANLIDA KARDE\u015e KATL\u0130 - tarihkursu.com\",\"isPartOf\":{\"@id\":\"https:\\\/\\\/tarihkursu.com\\\/#website\"},\"primaryImageOfPage\":{\"@id\":\"https:\\\/\\\/tarihkursu.com\\\/index.php\\\/2023\\\/08\\\/07\\\/nedensiz-ilk-kardes-katlini-kim-yapti-osmanlida-kardes-katli\\\/#primaryimage\"},\"image\":{\"@id\":\"https:\\\/\\\/tarihkursu.com\\\/index.php\\\/2023\\\/08\\\/07\\\/nedensiz-ilk-kardes-katlini-kim-yapti-osmanlida-kardes-katli\\\/#primaryimage\"},\"thumbnailUrl\":\"https:\\\/\\\/blogger.googleusercontent.com\\\/img\\\/b\\\/R29vZ2xl\\\/AVvXsEhNAGOVdMrVP1y7sMGaY1QcHoC8CdhCq6szoLuJ_hwBiTRklpy2lOgihq4_bK_j3Zscg06G1GwBT4B_nTjGJtW_EwxyLf5WV_JW3ULVjLAJt4GrZXGs_5cUWWdzFwVP4auCTYXvMdRHO3nyOkZa4JmzufGxGhkRkJ79UdBgWUhb19lzM6KArEkfdRVuCyTx\\\/w640-h360\\\/purple%20geometric%20Youtube%20Thumbnail.png\",\"datePublished\":\"2023-08-07T13:58:00+00:00\",\"breadcrumb\":{\"@id\":\"https:\\\/\\\/tarihkursu.com\\\/index.php\\\/2023\\\/08\\\/07\\\/nedensiz-ilk-kardes-katlini-kim-yapti-osmanlida-kardes-katli\\\/#breadcrumb\"},\"inLanguage\":\"tr\",\"potentialAction\":[{\"@type\":\"ReadAction\",\"target\":[\"https:\\\/\\\/tarihkursu.com\\\/index.php\\\/2023\\\/08\\\/07\\\/nedensiz-ilk-kardes-katlini-kim-yapti-osmanlida-kardes-katli\\\/\"]}]},{\"@type\":\"ImageObject\",\"inLanguage\":\"tr\",\"@id\":\"https:\\\/\\\/tarihkursu.com\\\/index.php\\\/2023\\\/08\\\/07\\\/nedensiz-ilk-kardes-katlini-kim-yapti-osmanlida-kardes-katli\\\/#primaryimage\",\"url\":\"https:\\\/\\\/blogger.googleusercontent.com\\\/img\\\/b\\\/R29vZ2xl\\\/AVvXsEhNAGOVdMrVP1y7sMGaY1QcHoC8CdhCq6szoLuJ_hwBiTRklpy2lOgihq4_bK_j3Zscg06G1GwBT4B_nTjGJtW_EwxyLf5WV_JW3ULVjLAJt4GrZXGs_5cUWWdzFwVP4auCTYXvMdRHO3nyOkZa4JmzufGxGhkRkJ79UdBgWUhb19lzM6KArEkfdRVuCyTx\\\/w640-h360\\\/purple%20geometric%20Youtube%20Thumbnail.png\",\"contentUrl\":\"https:\\\/\\\/blogger.googleusercontent.com\\\/img\\\/b\\\/R29vZ2xl\\\/AVvXsEhNAGOVdMrVP1y7sMGaY1QcHoC8CdhCq6szoLuJ_hwBiTRklpy2lOgihq4_bK_j3Zscg06G1GwBT4B_nTjGJtW_EwxyLf5WV_JW3ULVjLAJt4GrZXGs_5cUWWdzFwVP4auCTYXvMdRHO3nyOkZa4JmzufGxGhkRkJ79UdBgWUhb19lzM6KArEkfdRVuCyTx\\\/w640-h360\\\/purple%20geometric%20Youtube%20Thumbnail.png\"},{\"@type\":\"BreadcrumbList\",\"@id\":\"https:\\\/\\\/tarihkursu.com\\\/index.php\\\/2023\\\/08\\\/07\\\/nedensiz-ilk-kardes-katlini-kim-yapti-osmanlida-kardes-katli\\\/#breadcrumb\",\"itemListElement\":[{\"@type\":\"ListItem\",\"position\":1,\"name\":\"Anasayfa\",\"item\":\"https:\\\/\\\/tarihkursu.com\\\/\"},{\"@type\":\"ListItem\",\"position\":2,\"name\":\"NEDENS\u0130Z \u0130LK KARDE\u015e KATL\u0130N\u0130 K\u0130M YAPTI? OSMANLIDA KARDE\u015e KATL\u0130\"}]},{\"@type\":\"WebSite\",\"@id\":\"https:\\\/\\\/tarihkursu.com\\\/#website\",\"url\":\"https:\\\/\\\/tarihkursu.com\\\/\",\"name\":\"Tarih Kursu\",\"description\":\"\u0130\u015fimiz G\u00fcc\u00fcm\u00fcz Tarih\",\"publisher\":{\"@id\":\"https:\\\/\\\/tarihkursu.com\\\/#\\\/schema\\\/person\\\/4d7bdc3b79e9f5198455474c0f203f3c\"},\"potentialAction\":[{\"@type\":\"SearchAction\",\"target\":{\"@type\":\"EntryPoint\",\"urlTemplate\":\"https:\\\/\\\/tarihkursu.com\\\/?s={search_term_string}\"},\"query-input\":{\"@type\":\"PropertyValueSpecification\",\"valueRequired\":true,\"valueName\":\"search_term_string\"}}],\"inLanguage\":\"tr\"},{\"@type\":[\"Person\",\"Organization\"],\"@id\":\"https:\\\/\\\/tarihkursu.com\\\/#\\\/schema\\\/person\\\/4d7bdc3b79e9f5198455474c0f203f3c\",\"name\":\"admin\",\"image\":{\"@type\":\"ImageObject\",\"inLanguage\":\"tr\",\"@id\":\"https:\\\/\\\/tarihkursu.com\\\/wp-content\\\/uploads\\\/2024\\\/10\\\/TARIHKURSU-Kopyasi.png\",\"url\":\"https:\\\/\\\/tarihkursu.com\\\/wp-content\\\/uploads\\\/2024\\\/10\\\/TARIHKURSU-Kopyasi.png\",\"contentUrl\":\"https:\\\/\\\/tarihkursu.com\\\/wp-content\\\/uploads\\\/2024\\\/10\\\/TARIHKURSU-Kopyasi.png\",\"width\":1080,\"height\":1080,\"caption\":\"admin\"},\"logo\":{\"@id\":\"https:\\\/\\\/tarihkursu.com\\\/wp-content\\\/uploads\\\/2024\\\/10\\\/TARIHKURSU-Kopyasi.png\"},\"sameAs\":[\"https:\\\/\\\/tarihkursu.com\"]},{\"@type\":\"Person\",\"@id\":\"https:\\\/\\\/tarihkursu.com\\\/#\\\/schema\\\/person\\\/d0f9105e31352dbe9f08d098ffb8c878\",\"name\":\"tarihkursu\",\"image\":{\"@type\":\"ImageObject\",\"inLanguage\":\"tr\",\"@id\":\"https:\\\/\\\/secure.gravatar.com\\\/avatar\\\/1354763acbc865faa7650c3e1e4431f187276d71f132349411302a546cdeae54?s=96&d=mm&r=g\",\"url\":\"https:\\\/\\\/secure.gravatar.com\\\/avatar\\\/1354763acbc865faa7650c3e1e4431f187276d71f132349411302a546cdeae54?s=96&d=mm&r=g\",\"contentUrl\":\"https:\\\/\\\/secure.gravatar.com\\\/avatar\\\/1354763acbc865faa7650c3e1e4431f187276d71f132349411302a546cdeae54?s=96&d=mm&r=g\",\"caption\":\"tarihkursu\"},\"url\":\"https:\\\/\\\/tarihkursu.com\\\/index.php\\\/author\\\/tarihkursu\\\/\"}]}<\/script>\n<!-- \/ Yoast SEO plugin. -->","yoast_head_json":{"title":"NEDENS\u0130Z \u0130LK KARDE\u015e KATL\u0130N\u0130 K\u0130M YAPTI? OSMANLIDA KARDE\u015e KATL\u0130 - tarihkursu.com","robots":{"index":"index","follow":"follow","max-snippet":"max-snippet:-1","max-image-preview":"max-image-preview:large","max-video-preview":"max-video-preview:-1"},"canonical":"https:\/\/tarihkursu.com\/index.php\/2023\/08\/07\/nedensiz-ilk-kardes-katlini-kim-yapti-osmanlida-kardes-katli\/","og_locale":"tr_TR","og_type":"article","og_title":"NEDENS\u0130Z \u0130LK KARDE\u015e KATL\u0130N\u0130 K\u0130M YAPTI? OSMANLIDA KARDE\u015e KATL\u0130 - tarihkursu.com","og_description":"&nbsp; Y\u0131ld\u0131r\u0131m Bayezid Karde\u015fi Yakub\u2019u Neden \u0130dam Ettirdi? Osmanl\u0131 tarihinin en \u00f6nemli padi\u015fahlar\u0131ndan biri olan Y\u0131ld\u0131r\u0131m Bayezid, 1389 y\u0131l\u0131nda babas\u0131 I. Murad\u2019\u0131n Kosova Sava\u015f\u0131\u2019nda \u00f6ld\u00fcr\u00fclmesi [...]","og_url":"https:\/\/tarihkursu.com\/index.php\/2023\/08\/07\/nedensiz-ilk-kardes-katlini-kim-yapti-osmanlida-kardes-katli\/","og_site_name":"tarihkursu.com","article_published_time":"2023-08-07T13:58:00+00:00","og_image":[{"url":"https:\/\/blogger.googleusercontent.com\/img\/b\/R29vZ2xl\/AVvXsEhNAGOVdMrVP1y7sMGaY1QcHoC8CdhCq6szoLuJ_hwBiTRklpy2lOgihq4_bK_j3Zscg06G1GwBT4B_nTjGJtW_EwxyLf5WV_JW3ULVjLAJt4GrZXGs_5cUWWdzFwVP4auCTYXvMdRHO3nyOkZa4JmzufGxGhkRkJ79UdBgWUhb19lzM6KArEkfdRVuCyTx\/w640-h360\/purple%20geometric%20Youtube%20Thumbnail.png","type":"","width":"","height":""}],"author":"tarihkursu","twitter_card":"summary_large_image","twitter_misc":{"Yazan:":"tarihkursu","Tahmini okuma s\u00fcresi":"2 dakika"},"schema":{"@context":"https:\/\/schema.org","@graph":[{"@type":"Article","@id":"https:\/\/tarihkursu.com\/index.php\/2023\/08\/07\/nedensiz-ilk-kardes-katlini-kim-yapti-osmanlida-kardes-katli\/#article","isPartOf":{"@id":"https:\/\/tarihkursu.com\/index.php\/2023\/08\/07\/nedensiz-ilk-kardes-katlini-kim-yapti-osmanlida-kardes-katli\/"},"author":{"name":"tarihkursu","@id":"https:\/\/tarihkursu.com\/#\/schema\/person\/d0f9105e31352dbe9f08d098ffb8c878"},"headline":"NEDENS\u0130Z \u0130LK KARDE\u015e KATL\u0130N\u0130 K\u0130M YAPTI? OSMANLIDA KARDE\u015e KATL\u0130","datePublished":"2023-08-07T13:58:00+00:00","mainEntityOfPage":{"@id":"https:\/\/tarihkursu.com\/index.php\/2023\/08\/07\/nedensiz-ilk-kardes-katlini-kim-yapti-osmanlida-kardes-katli\/"},"wordCount":510,"commentCount":0,"publisher":{"@id":"https:\/\/tarihkursu.com\/#\/schema\/person\/4d7bdc3b79e9f5198455474c0f203f3c"},"image":{"@id":"https:\/\/tarihkursu.com\/index.php\/2023\/08\/07\/nedensiz-ilk-kardes-katlini-kim-yapti-osmanlida-kardes-katli\/#primaryimage"},"thumbnailUrl":"https:\/\/blogger.googleusercontent.com\/img\/b\/R29vZ2xl\/AVvXsEhNAGOVdMrVP1y7sMGaY1QcHoC8CdhCq6szoLuJ_hwBiTRklpy2lOgihq4_bK_j3Zscg06G1GwBT4B_nTjGJtW_EwxyLf5WV_JW3ULVjLAJt4GrZXGs_5cUWWdzFwVP4auCTYXvMdRHO3nyOkZa4JmzufGxGhkRkJ79UdBgWUhb19lzM6KArEkfdRVuCyTx\/w640-h360\/purple%20geometric%20Youtube%20Thumbnail.png","articleSection":["MAKALELER"],"inLanguage":"tr","potentialAction":[{"@type":"CommentAction","name":"Comment","target":["https:\/\/tarihkursu.com\/index.php\/2023\/08\/07\/nedensiz-ilk-kardes-katlini-kim-yapti-osmanlida-kardes-katli\/#respond"]}]},{"@type":"WebPage","@id":"https:\/\/tarihkursu.com\/index.php\/2023\/08\/07\/nedensiz-ilk-kardes-katlini-kim-yapti-osmanlida-kardes-katli\/","url":"https:\/\/tarihkursu.com\/index.php\/2023\/08\/07\/nedensiz-ilk-kardes-katlini-kim-yapti-osmanlida-kardes-katli\/","name":"NEDENS\u0130Z \u0130LK KARDE\u015e KATL\u0130N\u0130 K\u0130M YAPTI? OSMANLIDA KARDE\u015e KATL\u0130 - tarihkursu.com","isPartOf":{"@id":"https:\/\/tarihkursu.com\/#website"},"primaryImageOfPage":{"@id":"https:\/\/tarihkursu.com\/index.php\/2023\/08\/07\/nedensiz-ilk-kardes-katlini-kim-yapti-osmanlida-kardes-katli\/#primaryimage"},"image":{"@id":"https:\/\/tarihkursu.com\/index.php\/2023\/08\/07\/nedensiz-ilk-kardes-katlini-kim-yapti-osmanlida-kardes-katli\/#primaryimage"},"thumbnailUrl":"https:\/\/blogger.googleusercontent.com\/img\/b\/R29vZ2xl\/AVvXsEhNAGOVdMrVP1y7sMGaY1QcHoC8CdhCq6szoLuJ_hwBiTRklpy2lOgihq4_bK_j3Zscg06G1GwBT4B_nTjGJtW_EwxyLf5WV_JW3ULVjLAJt4GrZXGs_5cUWWdzFwVP4auCTYXvMdRHO3nyOkZa4JmzufGxGhkRkJ79UdBgWUhb19lzM6KArEkfdRVuCyTx\/w640-h360\/purple%20geometric%20Youtube%20Thumbnail.png","datePublished":"2023-08-07T13:58:00+00:00","breadcrumb":{"@id":"https:\/\/tarihkursu.com\/index.php\/2023\/08\/07\/nedensiz-ilk-kardes-katlini-kim-yapti-osmanlida-kardes-katli\/#breadcrumb"},"inLanguage":"tr","potentialAction":[{"@type":"ReadAction","target":["https:\/\/tarihkursu.com\/index.php\/2023\/08\/07\/nedensiz-ilk-kardes-katlini-kim-yapti-osmanlida-kardes-katli\/"]}]},{"@type":"ImageObject","inLanguage":"tr","@id":"https:\/\/tarihkursu.com\/index.php\/2023\/08\/07\/nedensiz-ilk-kardes-katlini-kim-yapti-osmanlida-kardes-katli\/#primaryimage","url":"https:\/\/blogger.googleusercontent.com\/img\/b\/R29vZ2xl\/AVvXsEhNAGOVdMrVP1y7sMGaY1QcHoC8CdhCq6szoLuJ_hwBiTRklpy2lOgihq4_bK_j3Zscg06G1GwBT4B_nTjGJtW_EwxyLf5WV_JW3ULVjLAJt4GrZXGs_5cUWWdzFwVP4auCTYXvMdRHO3nyOkZa4JmzufGxGhkRkJ79UdBgWUhb19lzM6KArEkfdRVuCyTx\/w640-h360\/purple%20geometric%20Youtube%20Thumbnail.png","contentUrl":"https:\/\/blogger.googleusercontent.com\/img\/b\/R29vZ2xl\/AVvXsEhNAGOVdMrVP1y7sMGaY1QcHoC8CdhCq6szoLuJ_hwBiTRklpy2lOgihq4_bK_j3Zscg06G1GwBT4B_nTjGJtW_EwxyLf5WV_JW3ULVjLAJt4GrZXGs_5cUWWdzFwVP4auCTYXvMdRHO3nyOkZa4JmzufGxGhkRkJ79UdBgWUhb19lzM6KArEkfdRVuCyTx\/w640-h360\/purple%20geometric%20Youtube%20Thumbnail.png"},{"@type":"BreadcrumbList","@id":"https:\/\/tarihkursu.com\/index.php\/2023\/08\/07\/nedensiz-ilk-kardes-katlini-kim-yapti-osmanlida-kardes-katli\/#breadcrumb","itemListElement":[{"@type":"ListItem","position":1,"name":"Anasayfa","item":"https:\/\/tarihkursu.com\/"},{"@type":"ListItem","position":2,"name":"NEDENS\u0130Z \u0130LK KARDE\u015e KATL\u0130N\u0130 K\u0130M YAPTI? OSMANLIDA KARDE\u015e KATL\u0130"}]},{"@type":"WebSite","@id":"https:\/\/tarihkursu.com\/#website","url":"https:\/\/tarihkursu.com\/","name":"Tarih Kursu","description":"\u0130\u015fimiz G\u00fcc\u00fcm\u00fcz Tarih","publisher":{"@id":"https:\/\/tarihkursu.com\/#\/schema\/person\/4d7bdc3b79e9f5198455474c0f203f3c"},"potentialAction":[{"@type":"SearchAction","target":{"@type":"EntryPoint","urlTemplate":"https:\/\/tarihkursu.com\/?s={search_term_string}"},"query-input":{"@type":"PropertyValueSpecification","valueRequired":true,"valueName":"search_term_string"}}],"inLanguage":"tr"},{"@type":["Person","Organization"],"@id":"https:\/\/tarihkursu.com\/#\/schema\/person\/4d7bdc3b79e9f5198455474c0f203f3c","name":"admin","image":{"@type":"ImageObject","inLanguage":"tr","@id":"https:\/\/tarihkursu.com\/wp-content\/uploads\/2024\/10\/TARIHKURSU-Kopyasi.png","url":"https:\/\/tarihkursu.com\/wp-content\/uploads\/2024\/10\/TARIHKURSU-Kopyasi.png","contentUrl":"https:\/\/tarihkursu.com\/wp-content\/uploads\/2024\/10\/TARIHKURSU-Kopyasi.png","width":1080,"height":1080,"caption":"admin"},"logo":{"@id":"https:\/\/tarihkursu.com\/wp-content\/uploads\/2024\/10\/TARIHKURSU-Kopyasi.png"},"sameAs":["https:\/\/tarihkursu.com"]},{"@type":"Person","@id":"https:\/\/tarihkursu.com\/#\/schema\/person\/d0f9105e31352dbe9f08d098ffb8c878","name":"tarihkursu","image":{"@type":"ImageObject","inLanguage":"tr","@id":"https:\/\/secure.gravatar.com\/avatar\/1354763acbc865faa7650c3e1e4431f187276d71f132349411302a546cdeae54?s=96&d=mm&r=g","url":"https:\/\/secure.gravatar.com\/avatar\/1354763acbc865faa7650c3e1e4431f187276d71f132349411302a546cdeae54?s=96&d=mm&r=g","contentUrl":"https:\/\/secure.gravatar.com\/avatar\/1354763acbc865faa7650c3e1e4431f187276d71f132349411302a546cdeae54?s=96&d=mm&r=g","caption":"tarihkursu"},"url":"https:\/\/tarihkursu.com\/index.php\/author\/tarihkursu\/"}]}},"_links":{"self":[{"href":"https:\/\/tarihkursu.com\/index.php\/wp-json\/wp\/v2\/posts\/318","targetHints":{"allow":["GET"]}}],"collection":[{"href":"https:\/\/tarihkursu.com\/index.php\/wp-json\/wp\/v2\/posts"}],"about":[{"href":"https:\/\/tarihkursu.com\/index.php\/wp-json\/wp\/v2\/types\/post"}],"author":[{"embeddable":true,"href":"https:\/\/tarihkursu.com\/index.php\/wp-json\/wp\/v2\/users\/2"}],"replies":[{"embeddable":true,"href":"https:\/\/tarihkursu.com\/index.php\/wp-json\/wp\/v2\/comments?post=318"}],"version-history":[{"count":0,"href":"https:\/\/tarihkursu.com\/index.php\/wp-json\/wp\/v2\/posts\/318\/revisions"}],"wp:attachment":[{"href":"https:\/\/tarihkursu.com\/index.php\/wp-json\/wp\/v2\/media?parent=318"}],"wp:term":[{"taxonomy":"category","embeddable":true,"href":"https:\/\/tarihkursu.com\/index.php\/wp-json\/wp\/v2\/categories?post=318"},{"taxonomy":"post_tag","embeddable":true,"href":"https:\/\/tarihkursu.com\/index.php\/wp-json\/wp\/v2\/tags?post=318"}],"curies":[{"name":"wp","href":"https:\/\/api.w.org\/{rel}","templated":true}]}}