{"id":3187,"date":"2026-02-24T09:26:01","date_gmt":"2026-02-24T06:26:01","guid":{"rendered":"https:\/\/tarihkursu.com\/?p=3187"},"modified":"2025-11-24T09:29:32","modified_gmt":"2025-11-24T06:29:32","slug":"osmanli-devletinin-ilim-ve-irfan-gelenegi-hazirlik-soru-cevap-flashcart","status":"publish","type":"post","link":"https:\/\/tarihkursu.com\/index.php\/2026\/02\/24\/osmanli-devletinin-ilim-ve-irfan-gelenegi-hazirlik-soru-cevap-flashcart\/","title":{"rendered":"Osmanl\u0131 Devleti\u2019nin \u0130lim ve \u0130rfan Gelene\u011fi Haz\u0131rl\u0131k Soru-Cevap (flashcart)"},"content":{"rendered":"\n<p class=\"wp-block-paragraph\"><\/p>\n\n\n\n<p class=\"wp-block-paragraph\">Bu yaz\u0131m\u0131zda g\u00fcncel m\u00fcfredata g\u00f6re haz\u0131rlad\u0131\u011f\u0131m\u0131z&nbsp;<strong>10. s\u0131n\u0131f tarih dersi 2. \u00fcnitesi&nbsp;<\/strong>olan&nbsp;<strong>Beylikten Devlete Osmanl\u0131 (1299-1453)&nbsp;<\/strong>\u00fcnitesinin&nbsp;i\u00e7inde yer alan&nbsp;<strong>Osmanl\u0131 Devleti\u2019nin \u0130lim ve \u0130rfan Gelene\u011fi <\/strong><strong>yaz\u0131l\u0131ya haz\u0131rl\u0131k&nbsp;<\/strong>\u00e7al\u0131\u015fmam\u0131z\u0131 payla\u015f\u0131yoruz.&nbsp;<strong>Osmanl\u0131 Devleti\u2019nin \u0130lim ve \u0130rfan Gelene\u011fi <\/strong><strong>online soru-cevap<\/strong>&nbsp;\u00e7al\u0131\u015fmam\u0131z sayesinde <strong>tarih dersi yaz\u0131l\u0131lar\u0131<\/strong>na tam olarak haz\u0131rlanacaks\u0131n\u0131z.&nbsp;<strong>10. s\u0131n\u0131f <\/strong><strong>tarih yaz\u0131l\u0131<\/strong>ya haz\u0131rl\u0131k \u00e7al\u0131\u015fmalar\u0131m\u0131z sayesinde derslerde daha ba\u015far\u0131l\u0131 olacaks\u0131n\u0131z.&nbsp;<strong>Maarif modeline&nbsp;<\/strong>uygun olarak haz\u0131rlad\u0131\u011f\u0131m\u0131z&nbsp;<strong>Osmanl\u0131 Devleti\u2019nin \u0130lim ve \u0130rfan Gelene\u011fi <\/strong><strong>flash cart<\/strong>&nbsp;\u00e7al\u0131\u015fmam\u0131z a\u015fa\u011f\u0131daki konular\u0131 kapsamaktad\u0131r.<\/p>\n\n\n\n<p class=\"wp-block-paragraph\">Ders:&nbsp;<strong>10. s\u0131n\u0131f tarih<\/strong>&nbsp;<strong>kart\u0131<\/strong><\/p>\n\n\n\n<p class=\"wp-block-paragraph\">\u00dcnite: 10. s\u0131n\u0131f tarih 2. \u00dcnite:&nbsp;<strong>Beylikten Devlete Osmanl\u0131 tarih kart\u0131<\/strong><\/p>\n\n\n\n<p class=\"wp-block-paragraph\">\u00d6\u011frenme \u00c7\u0131kt\u0131s\u0131\/ kazan\u0131m:&nbsp;<strong>Osmanl\u0131 Devleti\u2019nin \u0130lim ve \u0130rfan Gelene\u011fi yaz\u0131l\u0131 sorular\u0131<\/strong><\/p>\n\n\n\n<p class=\"wp-block-paragraph\">\u0130lgili yaz\u0131l\u0131:<strong>10. s\u0131n\u0131f tarih 2. d\u00f6nem 1. Yaz\u0131l\u0131<\/strong><\/p>\n\n\n\n<p class=\"wp-block-paragraph\"><\/p>\n\n\n\n<h2 class=\"wp-block-heading\">Osmanl\u0131 Devleti\u2019nin \u0130lim ve \u0130rfan Gelene\u011fi <\/h2>\n\n\n\n<!DOCTYPE html>\n<html lang=\"tr\">\n<head>\n    <meta charset=\"UTF-8\">\n    <meta name=\"viewport\" content=\"width=device-width, initial-scale=1.0\">\n    <title>Osmanl\u0131 Devleti \u0130lim ve \u0130rfan Gelene\u011fi &#8211; \u00c7al\u0131\u015fma Kartlar\u0131<\/title>\n    <!-- Tailwind CSS -->\n    <script src=\"https:\/\/cdn.tailwindcss.com\"><\/script>\n    <!-- Font Awesome -->\n    <link rel=\"stylesheet\" href=\"https:\/\/cdnjs.cloudflare.com\/ajax\/libs\/font-awesome\/6.4.0\/css\/all.min.css\">\n    <!-- Google Fonts -->\n    <link href=\"https:\/\/fonts.googleapis.com\/css2?family=Poppins:wght@400;600;700&#038;display=swap\" rel=\"stylesheet\">\n    \n    <style>\n        body {\n            font-family: 'Poppins', sans-serif;\n            background-color: #f3f4f6;\n            overflow-x: hidden;\n        }\n\n        \/* 3D Flip Effects *\/\n        .perspective-1000 {\n            perspective: 1000px;\n        }\n        \n        .transform-style-3d {\n            transform-style: preserve-3d;\n        }\n        \n        .backface-hidden {\n            backface-visibility: hidden;\n            -webkit-backface-visibility: hidden;\n        }\n        \n        .rotate-y-180 {\n            transform: rotateY(180deg);\n        }\n\n        \/* Custom Scrollbar *\/\n        .custom-scroll::-webkit-scrollbar {\n            width: 6px;\n        }\n        .custom-scroll::-webkit-scrollbar-track {\n            background: rgba(255, 255, 255, 0.1);\n        }\n        .custom-scroll::-webkit-scrollbar-thumb {\n            background: rgba(255, 255, 255, 0.3); \n            border-radius: 10px;\n        }\n\n        .card-shadow {\n            box-shadow: 0 20px 25px -5px rgba(0, 0, 0, 0.1), 0 10px 10px -5px rgba(0, 0, 0, 0.04);\n        }\n\n        \/* Prevent text selection for better app feel *\/\n        .no-select {\n            -webkit-user-select: none;\n            -moz-user-select: none;\n            -ms-user-select: none;\n            user-select: none;\n        }\n    <\/style>\n<\/head>\n<body class=\"bg-gray-100 flex flex-col items-center justify-center min-h-screen p-4 no-select\">\n\n    <!-- Progress Container -->\n    <div class=\"w-full max-w-md mb-6 flex justify-between items-center bg-white px-4 py-2 rounded-full shadow-sm\">\n        <div class=\"text-sm font-semibold text-gray-600\">\n            <i class=\"fas fa-layer-group mr-2 text-indigo-500\"><\/i>\n            Soru: <span id=\"current-count\" class=\"text-indigo-600 font-bold\">1<\/span> \/ <span id=\"total-count\">40<\/span>\n        <\/div>\n        <div class=\"h-2 w-24 bg-gray-200 rounded-full overflow-hidden\">\n            <div id=\"progress-bar\" class=\"h-full bg-indigo-500 transition-all duration-300\" style=\"width: 2.5%\"><\/div>\n        <\/div>\n    <\/div>\n\n    <!-- Main Card Container -->\n    <div class=\"perspective-1000 w-full max-w-md h-[500px] cursor-pointer group\" id=\"card-container\">\n        \n        <!-- Inner Card Wrapper -->\n        <div id=\"flashcard\" class=\"relative w-full h-full text-center transition-transform duration-700 transform-style-3d card-shadow rounded-2xl\">\n            \n            <!-- Front Face (Question) -->\n            <div id=\"card-front\" class=\"absolute w-full h-full backface-hidden rounded-2xl p-6 flex flex-col justify-between items-center text-white bg-indigo-600\">\n                \n                <!-- Icon Area -->\n                <div class=\"mt-8 mb-4\">\n                    <div class=\"w-20 h-20 rounded-full bg-white\/20 flex items-center justify-center backdrop-blur-sm\">\n                        <i id=\"q-icon\" class=\"fas fa-question text-4xl text-white drop-shadow-md\"><\/i>\n                    <\/div>\n                <\/div>\n\n                <!-- Question Text -->\n                <div class=\"flex-grow flex items-center justify-center w-full overflow-y-auto custom-scroll\">\n                    <h2 id=\"question-text\" class=\"text-xl md:text-2xl font-bold leading-tight drop-shadow-sm px-2\">\n                        <!-- Soru buraya gelecek -->\n                    <\/h2>\n                <\/div>\n\n                <!-- Flip Button -->\n                <button onclick=\"flipCard()\" class=\"mb-6 bg-white text-gray-800 font-bold py-3 px-8 rounded-full shadow-lg hover:scale-105 active:scale-95 transition-transform flex items-center gap-2\">\n                    <span>Cevab\u0131 G\u00f6ster<\/span>\n                    <i class=\"fas fa-sync-alt animate-spin-slow\"><\/i>\n                <\/button>\n            <\/div>\n\n            <!-- Back Face (Answer) -->\n            <div id=\"card-back\" class=\"absolute w-full h-full backface-hidden rotate-y-180 rounded-2xl p-8 flex flex-col justify-center items-center bg-white text-gray-800 border-2 border-gray-100\">\n                \n                <div class=\"absolute top-6 right-6 text-green-500 opacity-20\">\n                    <i class=\"fas fa-check-circle text-8xl\"><\/i>\n                <\/div>\n\n                <div class=\"z-10 w-full h-full flex flex-col justify-center items-center\">\n                    <div class=\"w-16 h-16 bg-green-100 rounded-full flex items-center justify-center mb-6 text-green-600 shrink-0\">\n                        <i class=\"fas fa-lightbulb text-3xl\"><\/i>\n                    <\/div>\n                    \n                    <div class=\"overflow-y-auto custom-scroll w-full text-center max-h-[70%]\">\n                        <p id=\"answer-text\" class=\"text-lg md:text-xl font-medium leading-relaxed text-gray-700\">\n                            <!-- Cevap buraya gelecek -->\n                        <\/p>\n                    <\/div>\n                <\/div>\n\n            <\/div>\n\n        <\/div>\n    <\/div>\n\n    <!-- Navigation Controls -->\n    <div class=\"w-full max-w-md mt-8 grid grid-cols-3 gap-4\">\n        <button onclick=\"prevCard()\" class=\"bg-white hover:bg-gray-50 text-gray-700 font-semibold py-3 px-4 rounded-xl shadow-sm border border-gray-200 transition-colors flex justify-center items-center gap-2 active:bg-gray-100\">\n            <i class=\"fas fa-chevron-left\"><\/i>\n            <span>\u00d6nceki<\/span>\n        <\/button>\n\n        <button onclick=\"shuffleCards()\" class=\"bg-indigo-50 hover:bg-indigo-100 text-indigo-600 font-semibold py-3 px-4 rounded-xl shadow-sm border border-indigo-100 transition-colors flex justify-center items-center gap-2 active:bg-indigo-200\">\n            <i class=\"fas fa-random\"><\/i>\n            <span>Kar\u0131\u015ft\u0131r<\/span>\n        <\/button>\n\n        <button onclick=\"nextCard()\" class=\"bg-gray-800 hover:bg-black text-white font-semibold py-3 px-4 rounded-xl shadow-lg transition-colors flex justify-center items-center gap-2 active:scale-95 transform\">\n            <span>Sonraki<\/span>\n            <i class=\"fas fa-chevron-right\"><\/i>\n        <\/button>\n    <\/div>\n\n    <!-- Helper Text -->\n    <p class=\"mt-4 text-xs text-gray-400 text-center\">\n        Kart\u0131 \u00e7evirmek i\u00e7in butona t\u0131klay\u0131n.\n    <\/p>\n\n    <script>\n        \/\/ Data Source: Based on 'OSMANLI DEVLET\u0130\u2019N\u0130N \u0130L\u0130M VE \u0130RFAN GELENE\u011e\u0130' lecture notes\n        \/\/ Questions increased to 40 to ensure absolute coverage of every detail.\n        const flashcardsData = [\n            {\n                question: \"Osmanl\u0131 belgelerinde '\u015eehir' kavram\u0131 nas\u0131l tan\u0131mlanm\u0131\u015ft\u0131r?\",\n                answer: \"Cuma namaz\u0131 k\u0131l\u0131nan ve pazar kurulan yer olarak tan\u0131mlanm\u0131\u015ft\u0131r.\",\n                icon: \"fa-city\"\n            },\n            {\n                question: \"Osmanl\u0131 \u015fehirlerinin merkezinde olmazsa olmaz iki unsur nedir?\",\n                answer: \"Ulu Cami (Cuma Camisi) ve Pazar Yeri.\",\n                icon: \"fa-mosque\"\n            },\n            {\n                question: \"O d\u00f6nemde hangi idari birimler '\u015fehir veya kasaba' stat\u00fcs\u00fcnde say\u0131l\u0131rd\u0131?\",\n                answer: \"Sancak, kaza ve nahiye gibi y\u00f6netim birimleri.\",\n                icon: \"fa-map-signs\"\n            },\n            {\n                question: \"Osmanl\u0131 \u015fehir gelene\u011fi hangi \u00fc\u00e7 k\u00f6kl\u00fc gelenekten etkilenmi\u015ftir?\",\n                answer: \"Sel\u00e7uklu, T\u00fcrkistan ve Do\u011fu Roma (Bizans) gelenekleri.\",\n                icon: \"fa-history\"\n            },\n            {\n                question: \"Osmanl\u0131'n\u0131n fethetti\u011fi \u015fehirlerdeki temel imar prensibi nedir?\",\n                answer: \"Var olan\u0131 y\u0131kmak yerine onarmak ve \u015fehre T\u00fcrk-\u0130slam kimli\u011fi kazand\u0131rmak.\",\n                icon: \"fa-hammer\"\n            },\n            {\n                question: \"Klasik Osmanl\u0131 \u015fehrinin fiziksel yap\u0131s\u0131 hangi iki ana b\u00f6l\u00fcmden olu\u015fur?\",\n                answer: \"Surlarla \u00e7evrili 'Kale \u0130\u00e7i' ve sur d\u0131\u015f\u0131ndaki 'Tahtakale' (kale alt\u0131).\",\n                icon: \"fa-dungeon\"\n            },\n            {\n                question: \"'Tahtakale' ne anlama gelir?\",\n                answer: \"Kale alt\u0131 b\u00f6lgesi anlam\u0131na gelir, genellikle sur d\u0131\u015f\u0131ndaki yerle\u015fimdir.\",\n                icon: \"fa-archway\"\n            },\n            {\n                question: \"Bedesten (Kapal\u0131 \u00c7ar\u015f\u0131) ve hanlar genellikle nereye in\u015fa edilirdi?\",\n                answer: \"Kale kap\u0131lar\u0131n\u0131n yak\u0131n\u0131na in\u015fa edilirdi.\",\n                icon: \"fa-store\"\n            },\n            {\n                question: \"Osmanl\u0131'da \u015fehir merkezleri zamanla hangi b\u00f6lgelere do\u011fru kaym\u0131\u015ft\u0131r?\",\n                answer: \"Ticari alanlara (Bedesten ve \u00e7ar\u015f\u0131lar\u0131n oldu\u011fu yerlere) do\u011fru kaym\u0131\u015ft\u0131r.\",\n                icon: \"fa-exchange-alt\"\n            },\n            {\n                question: \"Osmanl\u0131'da yeni yerle\u015fim yerleri olu\u015fturman\u0131n ve \u015fehri b\u00fcy\u00fctmenin temel arac\u0131 nedir?\",\n                answer: \"K\u00fclliyeler.\",\n                icon: \"fa-layer-group\"\n            },\n            {\n                question: \"K\u00fclliye i\u00e7inde yer alan '\u0130maret' ne i\u015fe yarar?\",\n                answer: \"Yoksullara ve \u00f6\u011frencilere yemek da\u011f\u0131t\u0131lan a\u015fevidir.\",\n                icon: \"fa-utensils\"\n            },\n            {\n                question: \"K\u00fclliye i\u00e7inde yer alan 'Dar\u00fc\u015f\u015fifa' ne demektir?\",\n                answer: \"Hastane \/ Sa\u011fl\u0131k yurdu.\",\n                icon: \"fa-hospital-symbol\"\n            },\n            {\n                question: \"Medreselerden mezun olanlar \u015fehirde hangi sosyal s\u0131n\u0131f\u0131 olu\u015ftururdu?\",\n                answer: \"\u0130lmiye s\u0131n\u0131f\u0131n\u0131.\",\n                icon: \"fa-user-graduate\"\n            },\n            {\n                question: \"\u015eehirlerdeki d\u00fckkanlar\u0131n \u00e7o\u011fu kime aitti ve gelirleri nereye harcan\u0131rd\u0131?\",\n                answer: \"\u00c7o\u011fu vak\u0131flara aitti; gelirleri cami ve k\u00fclliye gibi hay\u0131r kurumlar\u0131n\u0131n giderlerini kar\u015f\u0131lard\u0131.\",\n                icon: \"fa-coins\"\n            },\n            {\n                question: \"Vakfiye nedir?\",\n                answer: \"Vak\u0131f kuran ki\u015finin \u015fartlar\u0131n\u0131, amac\u0131n\u0131 ve gelirlerin y\u00f6netimini belirledi\u011fi hukuki belgedir (vak\u0131f senedi).\",\n                icon: \"fa-scroll\"\n            },\n            {\n                question: \"Bir vak\u0131f eseri yapt\u0131ran ki\u015fi, amac\u0131n\u0131 nerede belirtirdi?\",\n                answer: \"Eserin \u00fczerine yaz\u0131lan kitabede.\",\n                icon: \"fa-pen-nib\"\n            },\n            {\n                question: \"Vak\u0131flar kimlere destek sa\u011flard\u0131?\",\n                answer: \"\u0130htiya\u00e7 sahiplerine, yolculara, hastalara ve ilim insanlar\u0131na.\",\n                icon: \"fa-hands-helping\"\n            },\n            {\n                question: \"Anadolu'daki ilmi \u00e7al\u0131\u015fmalar\u0131n 'Do\u011fu Kolu' hangi b\u00f6lgelerden beslenmi\u015ftir?\",\n                answer: \"Mavera\u00fcnnehir, \u0130ran ve Irak.\",\n                icon: \"fa-globe-asia\"\n            },\n            {\n                question: \"Anadolu'daki ilmi \u00e7al\u0131\u015fmalar\u0131n 'G\u00fcney Kolu' hangi b\u00f6lgelerden beslenmi\u015ftir?\",\n                answer: \"End\u00fcl\u00fcs, Kuzey Afrika, M\u0131s\u0131r ve \u015eam.\",\n                icon: \"fa-compass\"\n            },\n            {\n                question: \"Anadolu hangi Sel\u00e7uklu Sultan\u0131 d\u00f6neminde bir ilim merkezi haline gelmi\u015ftir?\",\n                answer: \"Al\u00e2eddin Keykubad d\u00f6neminde (Mo\u011fol istilas\u0131ndan ka\u00e7an alimlerin gelmesiyle).\",\n                icon: \"fa-crown\"\n            },\n            {\n                question: \"\u0130lk Osmanl\u0131 medresesi hangisidir?\",\n                answer: \"\u0130znik Orhaniye Medresesi (1331).\",\n                icon: \"fa-university\"\n            },\n            {\n                question: \"Osmanl\u0131'n\u0131n ilk ba\u015fm\u00fcderrisi (rekt\u00f6r\/ba\u015f profes\u00f6r) kimdir?\",\n                answer: \"D\u00e2v\u00fbd-i Kayser\u00ee.\",\n                icon: \"fa-user-tie\"\n            },\n            {\n                question: \"Osmanl\u0131 medreselerinde e\u011fitim dili neydi?\",\n                answer: \"Arap\u00e7a.\",\n                icon: \"fa-language\"\n            },\n            {\n                question: \"Medreselerde ders i\u015fleme y\u00f6ntemi nas\u0131ld\u0131?\",\n                answer: \"M\u00fcderrisler kitaplar\u0131 kelime kelime okuyup T\u00fcrk\u00e7e\u2019ye terc\u00fcme ederek a\u00e7\u0131klard\u0131.\",\n                icon: \"fa-book-open\"\n            },\n            {\n                question: \"Tekke ve Zaviyelerin medreseden temel fark\u0131 nedir?\",\n                answer: \"\u0130lmi e\u011fitimin yan\u0131 s\u0131ra tasavvuf e\u011fitiminin verildi\u011fi, sanat\u0131n icra edildi\u011fi ve misafirhane g\u00f6revi g\u00f6ren yerlerdir.\",\n                icon: \"fa-praying-hands\"\n            },\n            {\n                question: \"Tekkelerde icra edilen ba\u015fl\u0131ca sanatlar nelerdir?\",\n                answer: \"Tezhip (s\u00fcsleme), hat (g\u00fczel yaz\u0131) ve musiki.\",\n                icon: \"fa-music\"\n            },\n            {\n                question: \"\u015eeyh Edebali kimdir?\",\n                answer: \"B\u00f6lgedeki Ahilerin lideri ve Osman Gazi'nin kay\u0131npederidir.\",\n                icon: \"fa-star-and-crescent\"\n            },\n            {\n                question: \"Osman Gazi, Ahilerin deste\u011fini nas\u0131l alm\u0131\u015ft\u0131r?\",\n                answer: \"\u015eeyh Edebali'nin k\u0131z\u0131yla evlenerek.\",\n                icon: \"fa-ring\"\n            },\n            {\n                question: \"Davud-i Kayseri Osmanl\u0131'ya hangi b\u00f6lgelerin ilim birikimini ta\u015f\u0131m\u0131\u015ft\u0131r?\",\n                answer: \"\u015eam, Tebriz ve Mera\u011fa Okulu'ndaki birikimi.\",\n                icon: \"fa-book-reader\"\n            },\n            {\n                question: \"Davud-i Kayseri e\u011fitim sisteminde neleri birle\u015ftirmi\u015ftir?\",\n                answer: \"Medrese e\u011fitimi (akli ilimler) ile tasavvuf d\u00fc\u015f\u00fcncesini (irfan) birle\u015ftirmi\u015ftir.\",\n                icon: \"fa-atom\"\n            },\n            {\n                question: \"Dursun Fakih kimdir?\",\n                answer: \"\u015eeyh Edebali\u2019nin \u00f6\u011frencisi ve d\u00f6nemin \u00f6nemli f\u0131k\u0131h (hukuk) alimidir.\",\n                icon: \"fa-gavel\"\n            },\n            {\n                question: \"Osmanl\u0131'n\u0131n ba\u011f\u0131ms\u0131zl\u0131k ilan\u0131 say\u0131lan olay nedir ve kim ger\u00e7ekle\u015ftirmi\u015ftir?\",\n                answer: \"Karacahisar fethinden sonra Dursun Fakih'in ilk Cuma hutbesini okumas\u0131.\",\n                icon: \"fa-flag\"\n            },\n            {\n                question: \"\u015eeyh Edebali'den sonra fetva i\u015flerini kim y\u00fcr\u00fctm\u00fc\u015ft\u00fcr?\",\n                answer: \"Dursun Fakih.\",\n                icon: \"fa-balance-scale\"\n            },\n            {\n                question: \"Dursun Fakih'in bilinen eseri nedir?\",\n                answer: \"Gazav\u00e2tn\u00e2me.\",\n                icon: \"fa-feather-alt\"\n            },\n            {\n                question: \"Emir Sultan aslen nerelidir ve nereye yerle\u015fmi\u015ftir?\",\n                answer: \"Aslen Buharal\u0131d\u0131r, Bursa'ya yerle\u015fmi\u015ftir.\",\n                icon: \"fa-map-pin\"\n            },\n            {\n                question: \"Emir Sultan, Bursa'da hangi padi\u015fahla yak\u0131n ili\u015fki kurmu\u015ftur?\",\n                answer: \"Y\u0131ld\u0131r\u0131m Bayezid (Damat olmu\u015ftur).\",\n                icon: \"fa-chess-knight\"\n            },\n            {\n                question: \"Emir Sultan'\u0131n sohbet etti\u011fi di\u011fer \u00f6nemli alimler kimlerdir?\",\n                answer: \"Molla Fenari ve Hac\u0131 Bayram Veli.\",\n                icon: \"fa-users\"\n            },\n            {\n                question: \"Hac\u0131 Bayram Veli'nin kurdu\u011fu tasavvuf koluna ne ad verilir?\",\n                answer: \"Bayramiye.\",\n                icon: \"fa-sun\"\n            },\n            {\n                question: \"Hac\u0131 Bayram Veli hangi padi\u015fah taraf\u0131ndan sayg\u0131 g\u00f6rm\u00fc\u015ft\u00fcr?\",\n                answer: \"Sultan II. Murat.\",\n                icon: \"fa-user-shield\"\n            },\n            {\n                question: \"Fatih Sultan Mehmet'in hocas\u0131 olan ve Hac\u0131 Bayram Veli'nin \u00f6\u011frencisi kimdir?\",\n                answer: \"Ak\u015femseddin.\",\n                icon: \"fa-chalkboard-teacher\"\n            }\n        ];\n\n        \/\/ State Management\n        let currentIndex = 0;\n        let isFlipped = false;\n        \n        \/\/ Dynamic Colors Array\n        const bgColors = [\n            \"bg-rose-600\", \"bg-blue-600\", \"bg-emerald-600\", \"bg-violet-600\", \n            \"bg-amber-600\", \"bg-cyan-600\", \"bg-fuchsia-600\", \"bg-indigo-600\", \n            \"bg-teal-600\", \"bg-orange-600\", \"bg-pink-600\", \"bg-sky-600\",\n            \"bg-lime-600\", \"bg-purple-600\", \"bg-red-600\"\n        ];\n\n        \/\/ Elements\n        const cardContainer = document.getElementById('flashcard');\n        const questionText = document.getElementById('question-text');\n        const answerText = document.getElementById('answer-text');\n        const qIcon = document.getElementById('q-icon');\n        const cardFront = document.getElementById('card-front');\n        const currentCount = document.getElementById('current-count');\n        const totalCount = document.getElementById('total-count');\n        const progressBar = document.getElementById('progress-bar');\n\n        \/\/ Functions\n        function init() {\n            totalCount.textContent = flashcardsData.length;\n            renderCard();\n        }\n\n        function renderCard() {\n            const data = flashcardsData[currentIndex];\n            \n            \/\/ Reset Flip\n            isFlipped = false;\n            cardContainer.classList.remove('rotate-y-180');\n\n            \/\/ Delay content update slightly for flip animation if needed, but instant is snappier here\n            setTimeout(() => {\n                questionText.textContent = data.question;\n                answerText.textContent = data.answer;\n                \n                \/\/ Update Icon\n                qIcon.className = `fas ${data.icon} text-4xl text-white drop-shadow-md`;\n\n                \/\/ Update Progress\n                currentCount.textContent = currentIndex + 1;\n                const progressPercent = ((currentIndex + 1) \/ flashcardsData.length) * 100;\n                progressBar.style.width = `${progressPercent}%`;\n\n                \/\/ Set Color based on index to be deterministic yet varied\n                const colorIndex = currentIndex % bgColors.length;\n                \n                \/\/ Remove all possible bg classes first\n                bgColors.forEach(c => cardFront.classList.remove(c));\n                \/\/ Add new color\n                cardFront.classList.add(bgColors[colorIndex]);\n\n            }, 200);\n        }\n\n        function flipCard() {\n            isFlipped = !isFlipped;\n            if (isFlipped) {\n                cardContainer.classList.add('rotate-y-180');\n            } else {\n                cardContainer.classList.remove('rotate-y-180');\n            }\n        }\n\n        function nextCard() {\n            if (currentIndex < flashcardsData.length - 1) {\n                currentIndex++;\n                renderCard();\n            } else {\n                \/\/ Optional: Loop back to start\n                currentIndex = 0;\n                renderCard();\n            }\n        }\n\n        function prevCard() {\n            if (currentIndex > 0) {\n                currentIndex--;\n                renderCard();\n            } else {\n                \/\/ Optional: Loop to end\n                currentIndex = flashcardsData.length - 1;\n                renderCard();\n            }\n        }\n\n        function shuffleCards() {\n            \/\/ Fisher-Yates Shuffle\n            for (let i = flashcardsData.length - 1; i > 0; i--) {\n                const j = Math.floor(Math.random() * (i + 1));\n                [flashcardsData[i], flashcardsData[j]] = [flashcardsData[j], flashcardsData[i]];\n            }\n            currentIndex = 0;\n            renderCard();\n        }\n\n        \/\/ Initialize App\n        init();\n\n    <\/script>\n<\/body>\n<\/html>\n\n\n\n<p class=\"wp-block-paragraph\"><\/p>\n","protected":false},"excerpt":{"rendered":"<div class=\"mh-excerpt\"><p>Bu yaz\u0131m\u0131zda g\u00fcncel m\u00fcfredata g\u00f6re haz\u0131rlad\u0131\u011f\u0131m\u0131z&nbsp;10. s\u0131n\u0131f tarih dersi 2. \u00fcnitesi&nbsp;olan&nbsp;Beylikten Devlete Osmanl\u0131 (1299-1453)&nbsp;\u00fcnitesinin&nbsp;i\u00e7inde yer alan&nbsp;Osmanl\u0131 Devleti\u2019nin \u0130lim ve \u0130rfan Gelene\u011fi yaz\u0131l\u0131ya haz\u0131rl\u0131k&nbsp;\u00e7al\u0131\u015fmam\u0131z\u0131 payla\u015f\u0131yoruz.&nbsp;Osmanl\u0131 Devleti\u2019nin <a class=\"mh-excerpt-more\" href=\"https:\/\/tarihkursu.com\/index.php\/2026\/02\/24\/osmanli-devletinin-ilim-ve-irfan-gelenegi-hazirlik-soru-cevap-flashcart\/\" title=\"Osmanl\u0131 Devleti\u2019nin \u0130lim ve \u0130rfan Gelene\u011fi Haz\u0131rl\u0131k Soru-Cevap (flashcart)\">[&#8230;]<\/a><\/p>\n<\/div>","protected":false},"author":2,"featured_media":2819,"comment_status":"open","ping_status":"open","sticky":false,"template":"","format":"standard","meta":{"_regular_price":[],"currency_symbol":[],"footnotes":""},"categories":[151,114],"tags":[5,313,300],"class_list":["post-3187","post","type-post","status-publish","format-standard","has-post-thumbnail","hentry","category-10-sinif-tarih-2","category-10-sinif-tarih-soru-cevap","tag-10-sinif-tarih","tag-10-sinif-tarih-karti-2","tag-10-sinif-tarih-soru-cevap"],"post_slider_layout_featured_media_urls":{"thumbnail":["https:\/\/tarihkursu.com\/wp-content\/uploads\/2025\/09\/FLASHCARD-150x150.png",150,150,true],"post_slider_layout_landscape_large":["https:\/\/tarihkursu.com\/wp-content\/uploads\/2025\/09\/FLASHCARD-1200x800.png",1200,800,true],"post_slider_layout_portrait_large":["https:\/\/tarihkursu.com\/wp-content\/uploads\/2025\/09\/FLASHCARD-1200x1080.png",1200,1080,true],"post_slider_layout_square_large":["https:\/\/tarihkursu.com\/wp-content\/uploads\/2025\/09\/FLASHCARD-1200x1080.png",1200,1080,true],"post_slider_layout_landscape":["https:\/\/tarihkursu.com\/wp-content\/uploads\/2025\/09\/FLASHCARD-600x400.png",600,400,true],"post_slider_layout_portrait":["https:\/\/tarihkursu.com\/wp-content\/uploads\/2025\/09\/FLASHCARD-600x900.png",600,900,true],"post_slider_layout_square":["https:\/\/tarihkursu.com\/wp-content\/uploads\/2025\/09\/FLASHCARD-600x600.png",600,600,true],"full":["https:\/\/tarihkursu.com\/wp-content\/uploads\/2025\/09\/FLASHCARD.png",1920,1080,false]},"yoast_head":"<!-- This site is optimized with the Yoast SEO plugin v28.3 - https:\/\/yoast.com\/product\/yoast-seo-wordpress\/ -->\n<title>Osmanl\u0131 Devleti\u2019nin \u0130lim ve \u0130rfan Gelene\u011fi Haz\u0131rl\u0131k Soru-Cevap (flashcart) - tarihkursu.com<\/title>\n<meta name=\"description\" content=\"10. s\u0131n\u0131f tarih dersi 2. \u00fcnitesi i\u00e7inde yer alan Osmanl\u0131 Devleti\u2019nin \u0130lim ve \u0130rfan Gelene\u011fi yaz\u0131l\u0131ya haz\u0131rl\u0131k\u00a0\u00e7al\u0131\u015fmam\u0131z\u0131 payla\u015f\u0131yoruz.\u00a0\" \/>\n<meta name=\"robots\" content=\"index, follow, max-snippet:-1, max-image-preview:large, max-video-preview:-1\" \/>\n<link rel=\"canonical\" href=\"https:\/\/tarihkursu.com\/index.php\/2026\/02\/24\/osmanli-devletinin-ilim-ve-irfan-gelenegi-hazirlik-soru-cevap-flashcart\/\" \/>\n<meta property=\"og:locale\" content=\"tr_TR\" \/>\n<meta property=\"og:type\" content=\"article\" \/>\n<meta property=\"og:title\" content=\"Osmanl\u0131 Devleti\u2019nin \u0130lim ve \u0130rfan Gelene\u011fi Haz\u0131rl\u0131k Soru-Cevap (flashcart) - tarihkursu.com\" \/>\n<meta property=\"og:description\" content=\"10. s\u0131n\u0131f tarih dersi 2. \u00fcnitesi i\u00e7inde yer alan Osmanl\u0131 Devleti\u2019nin \u0130lim ve \u0130rfan Gelene\u011fi yaz\u0131l\u0131ya haz\u0131rl\u0131k\u00a0\u00e7al\u0131\u015fmam\u0131z\u0131 payla\u015f\u0131yoruz.\u00a0\" \/>\n<meta property=\"og:url\" content=\"https:\/\/tarihkursu.com\/index.php\/2026\/02\/24\/osmanli-devletinin-ilim-ve-irfan-gelenegi-hazirlik-soru-cevap-flashcart\/\" \/>\n<meta property=\"og:site_name\" content=\"tarihkursu.com\" \/>\n<meta property=\"article:published_time\" content=\"2026-02-24T06:26:01+00:00\" \/>\n<meta property=\"og:image\" content=\"https:\/\/tarihkursu.com\/wp-content\/uploads\/2025\/09\/FLASHCARD.png\" \/>\n\t<meta property=\"og:image:width\" content=\"1920\" \/>\n\t<meta property=\"og:image:height\" content=\"1080\" \/>\n\t<meta property=\"og:image:type\" content=\"image\/png\" \/>\n<meta name=\"author\" content=\"tarihkursu\" \/>\n<meta name=\"twitter:card\" content=\"summary_large_image\" \/>\n<meta name=\"twitter:label1\" content=\"Yazan:\" \/>\n\t<meta name=\"twitter:data1\" content=\"tarihkursu\" \/>\n\t<meta name=\"twitter:label2\" content=\"Tahmini okuma s\u00fcresi\" \/>\n\t<meta name=\"twitter:data2\" content=\"2 dakika\" \/>\n<script type=\"application\/ld+json\" class=\"yoast-schema-graph\">{\"@context\":\"https:\\\/\\\/schema.org\",\"@graph\":[{\"@type\":\"Article\",\"@id\":\"https:\\\/\\\/tarihkursu.com\\\/index.php\\\/2026\\\/02\\\/24\\\/osmanli-devletinin-ilim-ve-irfan-gelenegi-hazirlik-soru-cevap-flashcart\\\/#article\",\"isPartOf\":{\"@id\":\"https:\\\/\\\/tarihkursu.com\\\/index.php\\\/2026\\\/02\\\/24\\\/osmanli-devletinin-ilim-ve-irfan-gelenegi-hazirlik-soru-cevap-flashcart\\\/\"},\"author\":{\"name\":\"tarihkursu\",\"@id\":\"https:\\\/\\\/tarihkursu.com\\\/#\\\/schema\\\/person\\\/d0f9105e31352dbe9f08d098ffb8c878\"},\"headline\":\"Osmanl\u0131 Devleti\u2019nin \u0130lim ve \u0130rfan Gelene\u011fi Haz\u0131rl\u0131k Soru-Cevap (flashcart)\",\"datePublished\":\"2026-02-24T06:26:01+00:00\",\"mainEntityOfPage\":{\"@id\":\"https:\\\/\\\/tarihkursu.com\\\/index.php\\\/2026\\\/02\\\/24\\\/osmanli-devletinin-ilim-ve-irfan-gelenegi-hazirlik-soru-cevap-flashcart\\\/\"},\"wordCount\":236,\"commentCount\":0,\"publisher\":{\"@id\":\"https:\\\/\\\/tarihkursu.com\\\/#\\\/schema\\\/person\\\/4d7bdc3b79e9f5198455474c0f203f3c\"},\"image\":{\"@id\":\"https:\\\/\\\/tarihkursu.com\\\/index.php\\\/2026\\\/02\\\/24\\\/osmanli-devletinin-ilim-ve-irfan-gelenegi-hazirlik-soru-cevap-flashcart\\\/#primaryimage\"},\"thumbnailUrl\":\"https:\\\/\\\/tarihkursu.com\\\/wp-content\\\/uploads\\\/2025\\\/09\\\/FLASHCARD.png\",\"keywords\":[\"10. s\u0131n\u0131f tarih\",\"10.s\u0131n\u0131f tarih kart\u0131\",\"10.s\u0131n\u0131f tarih soru-cevap\"],\"articleSection\":[\"10. S\u0131n\u0131f\",\"10. S\u0131n\u0131f Tarih SORU-CEVAP\"],\"inLanguage\":\"tr\",\"potentialAction\":[{\"@type\":\"CommentAction\",\"name\":\"Comment\",\"target\":[\"https:\\\/\\\/tarihkursu.com\\\/index.php\\\/2026\\\/02\\\/24\\\/osmanli-devletinin-ilim-ve-irfan-gelenegi-hazirlik-soru-cevap-flashcart\\\/#respond\"]}]},{\"@type\":\"WebPage\",\"@id\":\"https:\\\/\\\/tarihkursu.com\\\/index.php\\\/2026\\\/02\\\/24\\\/osmanli-devletinin-ilim-ve-irfan-gelenegi-hazirlik-soru-cevap-flashcart\\\/\",\"url\":\"https:\\\/\\\/tarihkursu.com\\\/index.php\\\/2026\\\/02\\\/24\\\/osmanli-devletinin-ilim-ve-irfan-gelenegi-hazirlik-soru-cevap-flashcart\\\/\",\"name\":\"Osmanl\u0131 Devleti\u2019nin \u0130lim ve \u0130rfan Gelene\u011fi Haz\u0131rl\u0131k Soru-Cevap (flashcart) - tarihkursu.com\",\"isPartOf\":{\"@id\":\"https:\\\/\\\/tarihkursu.com\\\/#website\"},\"primaryImageOfPage\":{\"@id\":\"https:\\\/\\\/tarihkursu.com\\\/index.php\\\/2026\\\/02\\\/24\\\/osmanli-devletinin-ilim-ve-irfan-gelenegi-hazirlik-soru-cevap-flashcart\\\/#primaryimage\"},\"image\":{\"@id\":\"https:\\\/\\\/tarihkursu.com\\\/index.php\\\/2026\\\/02\\\/24\\\/osmanli-devletinin-ilim-ve-irfan-gelenegi-hazirlik-soru-cevap-flashcart\\\/#primaryimage\"},\"thumbnailUrl\":\"https:\\\/\\\/tarihkursu.com\\\/wp-content\\\/uploads\\\/2025\\\/09\\\/FLASHCARD.png\",\"datePublished\":\"2026-02-24T06:26:01+00:00\",\"description\":\"10. s\u0131n\u0131f tarih dersi 2. \u00fcnitesi i\u00e7inde yer alan Osmanl\u0131 Devleti\u2019nin \u0130lim ve \u0130rfan Gelene\u011fi yaz\u0131l\u0131ya haz\u0131rl\u0131k\u00a0\u00e7al\u0131\u015fmam\u0131z\u0131 payla\u015f\u0131yoruz.\u00a0\",\"breadcrumb\":{\"@id\":\"https:\\\/\\\/tarihkursu.com\\\/index.php\\\/2026\\\/02\\\/24\\\/osmanli-devletinin-ilim-ve-irfan-gelenegi-hazirlik-soru-cevap-flashcart\\\/#breadcrumb\"},\"inLanguage\":\"tr\",\"potentialAction\":[{\"@type\":\"ReadAction\",\"target\":[\"https:\\\/\\\/tarihkursu.com\\\/index.php\\\/2026\\\/02\\\/24\\\/osmanli-devletinin-ilim-ve-irfan-gelenegi-hazirlik-soru-cevap-flashcart\\\/\"]}]},{\"@type\":\"ImageObject\",\"inLanguage\":\"tr\",\"@id\":\"https:\\\/\\\/tarihkursu.com\\\/index.php\\\/2026\\\/02\\\/24\\\/osmanli-devletinin-ilim-ve-irfan-gelenegi-hazirlik-soru-cevap-flashcart\\\/#primaryimage\",\"url\":\"https:\\\/\\\/tarihkursu.com\\\/wp-content\\\/uploads\\\/2025\\\/09\\\/FLASHCARD.png\",\"contentUrl\":\"https:\\\/\\\/tarihkursu.com\\\/wp-content\\\/uploads\\\/2025\\\/09\\\/FLASHCARD.png\",\"width\":1920,\"height\":1080},{\"@type\":\"BreadcrumbList\",\"@id\":\"https:\\\/\\\/tarihkursu.com\\\/index.php\\\/2026\\\/02\\\/24\\\/osmanli-devletinin-ilim-ve-irfan-gelenegi-hazirlik-soru-cevap-flashcart\\\/#breadcrumb\",\"itemListElement\":[{\"@type\":\"ListItem\",\"position\":1,\"name\":\"Anasayfa\",\"item\":\"https:\\\/\\\/tarihkursu.com\\\/\"},{\"@type\":\"ListItem\",\"position\":2,\"name\":\"Osmanl\u0131 Devleti\u2019nin \u0130lim ve \u0130rfan Gelene\u011fi Haz\u0131rl\u0131k Soru-Cevap (flashcart)\"}]},{\"@type\":\"WebSite\",\"@id\":\"https:\\\/\\\/tarihkursu.com\\\/#website\",\"url\":\"https:\\\/\\\/tarihkursu.com\\\/\",\"name\":\"Tarih Kursu\",\"description\":\"\u0130\u015fimiz G\u00fcc\u00fcm\u00fcz Tarih\",\"publisher\":{\"@id\":\"https:\\\/\\\/tarihkursu.com\\\/#\\\/schema\\\/person\\\/4d7bdc3b79e9f5198455474c0f203f3c\"},\"potentialAction\":[{\"@type\":\"SearchAction\",\"target\":{\"@type\":\"EntryPoint\",\"urlTemplate\":\"https:\\\/\\\/tarihkursu.com\\\/?s={search_term_string}\"},\"query-input\":{\"@type\":\"PropertyValueSpecification\",\"valueRequired\":true,\"valueName\":\"search_term_string\"}}],\"inLanguage\":\"tr\"},{\"@type\":[\"Person\",\"Organization\"],\"@id\":\"https:\\\/\\\/tarihkursu.com\\\/#\\\/schema\\\/person\\\/4d7bdc3b79e9f5198455474c0f203f3c\",\"name\":\"admin\",\"image\":{\"@type\":\"ImageObject\",\"inLanguage\":\"tr\",\"@id\":\"https:\\\/\\\/tarihkursu.com\\\/wp-content\\\/uploads\\\/2024\\\/10\\\/TARIHKURSU-Kopyasi.png\",\"url\":\"https:\\\/\\\/tarihkursu.com\\\/wp-content\\\/uploads\\\/2024\\\/10\\\/TARIHKURSU-Kopyasi.png\",\"contentUrl\":\"https:\\\/\\\/tarihkursu.com\\\/wp-content\\\/uploads\\\/2024\\\/10\\\/TARIHKURSU-Kopyasi.png\",\"width\":1080,\"height\":1080,\"caption\":\"admin\"},\"logo\":{\"@id\":\"https:\\\/\\\/tarihkursu.com\\\/wp-content\\\/uploads\\\/2024\\\/10\\\/TARIHKURSU-Kopyasi.png\"},\"sameAs\":[\"https:\\\/\\\/tarihkursu.com\"]},{\"@type\":\"Person\",\"@id\":\"https:\\\/\\\/tarihkursu.com\\\/#\\\/schema\\\/person\\\/d0f9105e31352dbe9f08d098ffb8c878\",\"name\":\"tarihkursu\",\"image\":{\"@type\":\"ImageObject\",\"inLanguage\":\"tr\",\"@id\":\"https:\\\/\\\/secure.gravatar.com\\\/avatar\\\/1354763acbc865faa7650c3e1e4431f187276d71f132349411302a546cdeae54?s=96&d=mm&r=g\",\"url\":\"https:\\\/\\\/secure.gravatar.com\\\/avatar\\\/1354763acbc865faa7650c3e1e4431f187276d71f132349411302a546cdeae54?s=96&d=mm&r=g\",\"contentUrl\":\"https:\\\/\\\/secure.gravatar.com\\\/avatar\\\/1354763acbc865faa7650c3e1e4431f187276d71f132349411302a546cdeae54?s=96&d=mm&r=g\",\"caption\":\"tarihkursu\"},\"url\":\"https:\\\/\\\/tarihkursu.com\\\/index.php\\\/author\\\/tarihkursu\\\/\"}]}<\/script>\n<!-- \/ Yoast SEO plugin. -->","yoast_head_json":{"title":"Osmanl\u0131 Devleti\u2019nin \u0130lim ve \u0130rfan Gelene\u011fi Haz\u0131rl\u0131k Soru-Cevap (flashcart) - tarihkursu.com","description":"10. s\u0131n\u0131f tarih dersi 2. \u00fcnitesi i\u00e7inde yer alan Osmanl\u0131 Devleti\u2019nin \u0130lim ve \u0130rfan Gelene\u011fi yaz\u0131l\u0131ya haz\u0131rl\u0131k\u00a0\u00e7al\u0131\u015fmam\u0131z\u0131 payla\u015f\u0131yoruz.\u00a0","robots":{"index":"index","follow":"follow","max-snippet":"max-snippet:-1","max-image-preview":"max-image-preview:large","max-video-preview":"max-video-preview:-1"},"canonical":"https:\/\/tarihkursu.com\/index.php\/2026\/02\/24\/osmanli-devletinin-ilim-ve-irfan-gelenegi-hazirlik-soru-cevap-flashcart\/","og_locale":"tr_TR","og_type":"article","og_title":"Osmanl\u0131 Devleti\u2019nin \u0130lim ve \u0130rfan Gelene\u011fi Haz\u0131rl\u0131k Soru-Cevap (flashcart) - tarihkursu.com","og_description":"10. s\u0131n\u0131f tarih dersi 2. \u00fcnitesi i\u00e7inde yer alan Osmanl\u0131 Devleti\u2019nin \u0130lim ve \u0130rfan Gelene\u011fi yaz\u0131l\u0131ya haz\u0131rl\u0131k\u00a0\u00e7al\u0131\u015fmam\u0131z\u0131 payla\u015f\u0131yoruz.\u00a0","og_url":"https:\/\/tarihkursu.com\/index.php\/2026\/02\/24\/osmanli-devletinin-ilim-ve-irfan-gelenegi-hazirlik-soru-cevap-flashcart\/","og_site_name":"tarihkursu.com","article_published_time":"2026-02-24T06:26:01+00:00","og_image":[{"width":1920,"height":1080,"url":"https:\/\/tarihkursu.com\/wp-content\/uploads\/2025\/09\/FLASHCARD.png","type":"image\/png"}],"author":"tarihkursu","twitter_card":"summary_large_image","twitter_misc":{"Yazan:":"tarihkursu","Tahmini okuma s\u00fcresi":"2 dakika"},"schema":{"@context":"https:\/\/schema.org","@graph":[{"@type":"Article","@id":"https:\/\/tarihkursu.com\/index.php\/2026\/02\/24\/osmanli-devletinin-ilim-ve-irfan-gelenegi-hazirlik-soru-cevap-flashcart\/#article","isPartOf":{"@id":"https:\/\/tarihkursu.com\/index.php\/2026\/02\/24\/osmanli-devletinin-ilim-ve-irfan-gelenegi-hazirlik-soru-cevap-flashcart\/"},"author":{"name":"tarihkursu","@id":"https:\/\/tarihkursu.com\/#\/schema\/person\/d0f9105e31352dbe9f08d098ffb8c878"},"headline":"Osmanl\u0131 Devleti\u2019nin \u0130lim ve \u0130rfan Gelene\u011fi Haz\u0131rl\u0131k Soru-Cevap (flashcart)","datePublished":"2026-02-24T06:26:01+00:00","mainEntityOfPage":{"@id":"https:\/\/tarihkursu.com\/index.php\/2026\/02\/24\/osmanli-devletinin-ilim-ve-irfan-gelenegi-hazirlik-soru-cevap-flashcart\/"},"wordCount":236,"commentCount":0,"publisher":{"@id":"https:\/\/tarihkursu.com\/#\/schema\/person\/4d7bdc3b79e9f5198455474c0f203f3c"},"image":{"@id":"https:\/\/tarihkursu.com\/index.php\/2026\/02\/24\/osmanli-devletinin-ilim-ve-irfan-gelenegi-hazirlik-soru-cevap-flashcart\/#primaryimage"},"thumbnailUrl":"https:\/\/tarihkursu.com\/wp-content\/uploads\/2025\/09\/FLASHCARD.png","keywords":["10. s\u0131n\u0131f tarih","10.s\u0131n\u0131f tarih kart\u0131","10.s\u0131n\u0131f tarih soru-cevap"],"articleSection":["10. S\u0131n\u0131f","10. S\u0131n\u0131f Tarih SORU-CEVAP"],"inLanguage":"tr","potentialAction":[{"@type":"CommentAction","name":"Comment","target":["https:\/\/tarihkursu.com\/index.php\/2026\/02\/24\/osmanli-devletinin-ilim-ve-irfan-gelenegi-hazirlik-soru-cevap-flashcart\/#respond"]}]},{"@type":"WebPage","@id":"https:\/\/tarihkursu.com\/index.php\/2026\/02\/24\/osmanli-devletinin-ilim-ve-irfan-gelenegi-hazirlik-soru-cevap-flashcart\/","url":"https:\/\/tarihkursu.com\/index.php\/2026\/02\/24\/osmanli-devletinin-ilim-ve-irfan-gelenegi-hazirlik-soru-cevap-flashcart\/","name":"Osmanl\u0131 Devleti\u2019nin \u0130lim ve \u0130rfan Gelene\u011fi Haz\u0131rl\u0131k Soru-Cevap (flashcart) - tarihkursu.com","isPartOf":{"@id":"https:\/\/tarihkursu.com\/#website"},"primaryImageOfPage":{"@id":"https:\/\/tarihkursu.com\/index.php\/2026\/02\/24\/osmanli-devletinin-ilim-ve-irfan-gelenegi-hazirlik-soru-cevap-flashcart\/#primaryimage"},"image":{"@id":"https:\/\/tarihkursu.com\/index.php\/2026\/02\/24\/osmanli-devletinin-ilim-ve-irfan-gelenegi-hazirlik-soru-cevap-flashcart\/#primaryimage"},"thumbnailUrl":"https:\/\/tarihkursu.com\/wp-content\/uploads\/2025\/09\/FLASHCARD.png","datePublished":"2026-02-24T06:26:01+00:00","description":"10. s\u0131n\u0131f tarih dersi 2. \u00fcnitesi i\u00e7inde yer alan Osmanl\u0131 Devleti\u2019nin \u0130lim ve \u0130rfan Gelene\u011fi yaz\u0131l\u0131ya haz\u0131rl\u0131k\u00a0\u00e7al\u0131\u015fmam\u0131z\u0131 payla\u015f\u0131yoruz.\u00a0","breadcrumb":{"@id":"https:\/\/tarihkursu.com\/index.php\/2026\/02\/24\/osmanli-devletinin-ilim-ve-irfan-gelenegi-hazirlik-soru-cevap-flashcart\/#breadcrumb"},"inLanguage":"tr","potentialAction":[{"@type":"ReadAction","target":["https:\/\/tarihkursu.com\/index.php\/2026\/02\/24\/osmanli-devletinin-ilim-ve-irfan-gelenegi-hazirlik-soru-cevap-flashcart\/"]}]},{"@type":"ImageObject","inLanguage":"tr","@id":"https:\/\/tarihkursu.com\/index.php\/2026\/02\/24\/osmanli-devletinin-ilim-ve-irfan-gelenegi-hazirlik-soru-cevap-flashcart\/#primaryimage","url":"https:\/\/tarihkursu.com\/wp-content\/uploads\/2025\/09\/FLASHCARD.png","contentUrl":"https:\/\/tarihkursu.com\/wp-content\/uploads\/2025\/09\/FLASHCARD.png","width":1920,"height":1080},{"@type":"BreadcrumbList","@id":"https:\/\/tarihkursu.com\/index.php\/2026\/02\/24\/osmanli-devletinin-ilim-ve-irfan-gelenegi-hazirlik-soru-cevap-flashcart\/#breadcrumb","itemListElement":[{"@type":"ListItem","position":1,"name":"Anasayfa","item":"https:\/\/tarihkursu.com\/"},{"@type":"ListItem","position":2,"name":"Osmanl\u0131 Devleti\u2019nin \u0130lim ve \u0130rfan Gelene\u011fi Haz\u0131rl\u0131k Soru-Cevap (flashcart)"}]},{"@type":"WebSite","@id":"https:\/\/tarihkursu.com\/#website","url":"https:\/\/tarihkursu.com\/","name":"Tarih Kursu","description":"\u0130\u015fimiz G\u00fcc\u00fcm\u00fcz Tarih","publisher":{"@id":"https:\/\/tarihkursu.com\/#\/schema\/person\/4d7bdc3b79e9f5198455474c0f203f3c"},"potentialAction":[{"@type":"SearchAction","target":{"@type":"EntryPoint","urlTemplate":"https:\/\/tarihkursu.com\/?s={search_term_string}"},"query-input":{"@type":"PropertyValueSpecification","valueRequired":true,"valueName":"search_term_string"}}],"inLanguage":"tr"},{"@type":["Person","Organization"],"@id":"https:\/\/tarihkursu.com\/#\/schema\/person\/4d7bdc3b79e9f5198455474c0f203f3c","name":"admin","image":{"@type":"ImageObject","inLanguage":"tr","@id":"https:\/\/tarihkursu.com\/wp-content\/uploads\/2024\/10\/TARIHKURSU-Kopyasi.png","url":"https:\/\/tarihkursu.com\/wp-content\/uploads\/2024\/10\/TARIHKURSU-Kopyasi.png","contentUrl":"https:\/\/tarihkursu.com\/wp-content\/uploads\/2024\/10\/TARIHKURSU-Kopyasi.png","width":1080,"height":1080,"caption":"admin"},"logo":{"@id":"https:\/\/tarihkursu.com\/wp-content\/uploads\/2024\/10\/TARIHKURSU-Kopyasi.png"},"sameAs":["https:\/\/tarihkursu.com"]},{"@type":"Person","@id":"https:\/\/tarihkursu.com\/#\/schema\/person\/d0f9105e31352dbe9f08d098ffb8c878","name":"tarihkursu","image":{"@type":"ImageObject","inLanguage":"tr","@id":"https:\/\/secure.gravatar.com\/avatar\/1354763acbc865faa7650c3e1e4431f187276d71f132349411302a546cdeae54?s=96&d=mm&r=g","url":"https:\/\/secure.gravatar.com\/avatar\/1354763acbc865faa7650c3e1e4431f187276d71f132349411302a546cdeae54?s=96&d=mm&r=g","contentUrl":"https:\/\/secure.gravatar.com\/avatar\/1354763acbc865faa7650c3e1e4431f187276d71f132349411302a546cdeae54?s=96&d=mm&r=g","caption":"tarihkursu"},"url":"https:\/\/tarihkursu.com\/index.php\/author\/tarihkursu\/"}]}},"_links":{"self":[{"href":"https:\/\/tarihkursu.com\/index.php\/wp-json\/wp\/v2\/posts\/3187","targetHints":{"allow":["GET"]}}],"collection":[{"href":"https:\/\/tarihkursu.com\/index.php\/wp-json\/wp\/v2\/posts"}],"about":[{"href":"https:\/\/tarihkursu.com\/index.php\/wp-json\/wp\/v2\/types\/post"}],"author":[{"embeddable":true,"href":"https:\/\/tarihkursu.com\/index.php\/wp-json\/wp\/v2\/users\/2"}],"replies":[{"embeddable":true,"href":"https:\/\/tarihkursu.com\/index.php\/wp-json\/wp\/v2\/comments?post=3187"}],"version-history":[{"count":1,"href":"https:\/\/tarihkursu.com\/index.php\/wp-json\/wp\/v2\/posts\/3187\/revisions"}],"predecessor-version":[{"id":3188,"href":"https:\/\/tarihkursu.com\/index.php\/wp-json\/wp\/v2\/posts\/3187\/revisions\/3188"}],"wp:featuredmedia":[{"embeddable":true,"href":"https:\/\/tarihkursu.com\/index.php\/wp-json\/wp\/v2\/media\/2819"}],"wp:attachment":[{"href":"https:\/\/tarihkursu.com\/index.php\/wp-json\/wp\/v2\/media?parent=3187"}],"wp:term":[{"taxonomy":"category","embeddable":true,"href":"https:\/\/tarihkursu.com\/index.php\/wp-json\/wp\/v2\/categories?post=3187"},{"taxonomy":"post_tag","embeddable":true,"href":"https:\/\/tarihkursu.com\/index.php\/wp-json\/wp\/v2\/tags?post=3187"}],"curies":[{"name":"wp","href":"https:\/\/api.w.org\/{rel}","templated":true}]}}