{"id":3530,"date":"2026-08-02T15:21:19","date_gmt":"2026-08-02T12:21:19","guid":{"rendered":"https:\/\/tarihkursu.com\/?p=3530"},"modified":"2026-08-02T15:21:20","modified_gmt":"2026-08-02T12:21:20","slug":"turklerde-konargocer-yasam-9-sinif-maarif-model-tarih-ders-notu","status":"publish","type":"post","link":"https:\/\/tarihkursu.com\/index.php\/2026\/08\/02\/turklerde-konargocer-yasam-9-sinif-maarif-model-tarih-ders-notu\/","title":{"rendered":"T\u00fcrklerde Konarg\u00f6\u00e7er Ya\u015fam | 9. S\u0131n\u0131f Maarif Model Tarih Ders Notu"},"content":{"rendered":"\n<p class=\"wp-block-paragraph\"><strong>SINIF:<\/strong> 9.S\u0131n\u0131f Tarih<\/p>\n\n\n\n<p class=\"wp-block-paragraph\"><strong>\u00dcN\u0130TE:<\/strong> 2. \u00dcnite Eski \u00c7a\u011f Medeniyetleri<\/p>\n\n\n\n<p class=\"wp-block-paragraph\"><strong>\u00d6\u011eRENME \u00c7IKTISI:<\/strong> T\u00fcrklerde Konarg\u00f6\u00e7er Ya\u015fam konu anlat\u0131m ders notu<\/p>\n\n\n\n<style>\n.tk-ders-notu {\n  --tk-lacivert: #12355b;\n  --tk-lacivert-koyu: #0b2745;\n  --tk-turkuaz: #008c95;\n  --tk-turkuaz-acik: #e7f8f8;\n  --tk-bordo: #8b1e3f;\n  --tk-bordo-acik: #fff0f4;\n  --tk-altin: #d7a514;\n  --tk-sari-acik: #fff8d9;\n  --tk-mavi-acik: #edf6ff;\n  --tk-metin: #243447;\n  --tk-cizgi: #d8e3ec;\n  width: 100%;\n  max-width: 100%;\n  min-width: 0;\n  margin: 0 auto;\n  color: var(--tk-metin);\n  font-family: system-ui, -apple-system, \"Segoe UI\", Arial, sans-serif;\n  font-size: 17px;\n  line-height: 1.72;\n  overflow-x: clip;\n  overflow-wrap: anywhere;\n}\n.tk-ders-notu,\n.tk-ders-notu * { box-sizing: border-box; }\n.tk-ders-notu .tk-okuma-ilerleme {\n  position: sticky;\n  z-index: 20;\n  top: 0;\n  width: 100%;\n  height: 5px;\n  margin-bottom: 14px;\n  background: #dfe9ef;\n  border-radius: 999px;\n  overflow: hidden;\n}\n.tk-ders-notu .tk-okuma-ilerleme-cubugu {\n  display: block;\n  width: 0;\n  height: 100%;\n  background: linear-gradient(90deg, var(--tk-turkuaz), var(--tk-altin));\n  transition: width .12s linear;\n}\n.tk-ders-notu .tk-ana-baslik {\n  margin: 0 0 16px;\n  padding: 22px 24px 18px;\n  color: #fff;\n  background: linear-gradient(135deg, var(--tk-lacivert-koyu), var(--tk-lacivert));\n  border-bottom: 5px solid var(--tk-altin);\n  border-radius: 18px;\n  font-size: clamp(1.55rem, 4vw, 2.25rem);\n  font-weight: 850;\n  line-height: 1.22;\n  letter-spacing: .01em;\n  text-wrap: balance;\n}\n.tk-ders-notu .tk-seo-giris {\n  margin: 0 0 18px;\n  padding: 18px 20px;\n  background: var(--tk-mavi-acik);\n  border-left: 5px solid var(--tk-turkuaz);\n  border-radius: 12px;\n}\n.tk-ders-notu .tk-araclar {\n  display: flex;\n  flex-wrap: wrap;\n  gap: 10px;\n  margin: 0 0 18px;\n}\n.tk-ders-notu .tk-dugme {\n  appearance: none;\n  max-width: 100%;\n  padding: 10px 15px;\n  color: #fff;\n  background: var(--tk-turkuaz);\n  border: 2px solid var(--tk-turkuaz);\n  border-radius: 10px;\n  font: inherit;\n  font-weight: 750;\n  line-height: 1.25;\n  cursor: pointer;\n}\n.tk-ders-notu .tk-dugme:hover { background: var(--tk-lacivert); border-color: var(--tk-lacivert); }\n.tk-ders-notu .tk-dugme:focus-visible,\n.tk-ders-notu .tk-icindekiler a:focus-visible,\n.tk-ders-notu .tk-basa-don:focus-visible {\n  outline: 4px solid var(--tk-altin);\n  outline-offset: 3px;\n}\n.tk-ders-notu .tk-icindekiler {\n  width: 100%;\n  min-width: 0;\n  margin: 0 0 22px;\n  padding: 18px 20px;\n  background: var(--tk-turkuaz-acik);\n  border: 1px solid #a7dfe1;\n  border-radius: 14px;\n}\n.tk-ders-notu .tk-icindekiler-baslik {\n  margin: 0 0 10px;\n  color: var(--tk-lacivert);\n  font-size: 1.2rem;\n  font-weight: 850;\n}\n.tk-ders-notu .tk-icindekiler ul {\n  display: grid;\n  grid-template-columns: repeat(2, minmax(0, 1fr));\n  gap: 7px 18px;\n  margin: 0;\n  padding: 0;\n  list-style: none;\n}\n.tk-ders-notu .tk-icindekiler li { min-width: 0; margin: 0; padding: 0; }\n.tk-ders-notu .tk-icindekiler a {\n  display: block;\n  min-width: 0;\n  padding: 6px 8px;\n  color: var(--tk-lacivert);\n  border-radius: 7px;\n  font-weight: 700;\n  text-decoration: none;\n  overflow-wrap: anywhere;\n}\n.tk-ders-notu .tk-icindekiler a::before { content: \"\u203a \"; color: var(--tk-bordo); font-weight: 900; }\n.tk-ders-notu .tk-icindekiler a:hover,\n.tk-ders-notu .tk-icindekiler a.tk-etkin { color: #fff; background: var(--tk-turkuaz); }\n.tk-ders-notu .tk-kaynak-icerik { width: 100%; max-width: 100%; min-width: 0; }\n.tk-ders-notu .tk-kart {\n  width: 100%;\n  max-width: 100%;\n  min-width: 0;\n  margin: 0 0 22px;\n  padding: 20px;\n  background: #fff;\n  border: 1px solid var(--tk-cizgi);\n  border-radius: 16px;\n  box-shadow: 0 8px 24px rgba(18, 53, 91, .08);\n  overflow-x: clip;\n}\n.tk-ders-notu .tk-kart > h2,\n.tk-ders-notu .tk-kart > h3 {\n  color: var(--tk-lacivert);\n  font-weight: 850;\n  line-height: 1.3;\n  text-wrap: balance;\n  overflow-wrap: anywhere;\n}\n.tk-ders-notu .tk-kart > h2 {\n  margin: 0 0 16px;\n  padding: 0 0 9px;\n  border-bottom: 4px solid var(--tk-altin);\n  font-size: clamp(1.3rem, 3vw, 1.65rem);\n}\n.tk-ders-notu .tk-kart > h3 { margin: 18px 0 10px; font-size: 1.17rem; }\n.tk-ders-notu .tk-kart p { max-width: 100%; margin: 0 0 12px; }\n.tk-ders-notu .tk-madde-listesi {\n  display: grid;\n  gap: 9px;\n  width: 100%;\n  min-width: 0;\n  margin: 0 0 16px;\n  padding: 0;\n  list-style: none;\n}\n.tk-ders-notu .tk-madde-listesi > li {\n  position: relative;\n  min-width: 0;\n  margin: 0;\n  padding: 10px 12px 10px 40px;\n  background: var(--tk-mavi-acik);\n  border-left: 4px solid var(--tk-turkuaz);\n  border-radius: 9px;\n  overflow-wrap: anywhere;\n}\n.tk-ders-notu .tk-madde-listesi > li::before {\n  content: \"\u2713\";\n  position: absolute;\n  left: 13px;\n  top: 10px;\n  color: var(--tk-bordo);\n  font-weight: 900;\n}\n.tk-ders-notu strong { color: var(--tk-bordo); font-weight: 850; }\n.tk-ders-notu blockquote {\n  width: 100%;\n  min-width: 0;\n  margin: 14px 0;\n  padding: 17px 20px;\n  color: #5d1730;\n  background: var(--tk-bordo-acik);\n  border-left: 6px solid var(--tk-bordo);\n  border-radius: 12px;\n  font-size: 1.06rem;\n  font-weight: 650;\n}\n.tk-ders-notu .tk-bilgi-kutusu {\n  width: 100%;\n  min-width: 0;\n  margin: 16px 0;\n  padding: 16px 18px;\n  background: var(--tk-sari-acik);\n  border: 2px solid var(--tk-altin);\n  border-left-width: 7px;\n  border-radius: 12px;\n  overflow-wrap: anywhere;\n}\n.tk-ders-notu .tk-bilgi-kutusu.tk-osym { background: var(--tk-bordo-acik); border-color: var(--tk-bordo); }\n.tk-ders-notu .tk-bilgi-kutusu.tk-onemli { background: var(--tk-turkuaz-acik); border-color: var(--tk-turkuaz); }\n.tk-ders-notu .tk-bilgi-kutusu p:last-child { margin-bottom: 0; }\n.tk-ders-notu .tk-tablo-kapsayici {\n  width: 100%;\n  max-width: 100%;\n  min-width: 0;\n  margin: 16px 0;\n  overflow-x: clip;\n  border: 1px solid #bfd0dc;\n  border-radius: 12px;\n}\n.tk-ders-notu .tk-tablo {\n  width: 100%;\n  max-width: 100%;\n  min-width: 0;\n  margin: 0;\n  table-layout: fixed;\n  border-collapse: collapse;\n  border-spacing: 0;\n  white-space: normal;\n}\n.tk-ders-notu .tk-tablo th,\n.tk-ders-notu .tk-tablo td {\n  min-width: 0;\n  padding: 11px 10px;\n  border: 1px solid #bfd0dc;\n  vertical-align: top;\n  text-align: left;\n  white-space: normal;\n  overflow-wrap: anywhere;\n  word-wrap: break-word;\n  hyphens: auto;\n}\n.tk-ders-notu .tk-tablo th {\n  color: #fff;\n  background: var(--tk-lacivert);\n  font-weight: 800;\n}\n.tk-ders-notu .tk-tablo td:first-child { color: #65162f; background: #fff7f9; font-weight: 750; }\n.tk-ders-notu .tk-tablo tbody tr:nth-child(even) td:not(:first-child) { background: #f5fafc; }\n.tk-ders-notu .tk-tablo p { margin: 0 0 7px; }\n.tk-ders-notu .tk-tablo p:last-child,\n.tk-ders-notu .tk-tablo .tk-madde-listesi:last-child { margin-bottom: 0; }\n.tk-ders-notu .tk-basa-don {\n  position: fixed;\n  z-index: 30;\n  right: max(14px, env(safe-area-inset-right));\n  bottom: max(14px, env(safe-area-inset-bottom));\n  display: none;\n  max-width: calc(100vw - 28px);\n  padding: 10px 14px;\n  color: #fff;\n  background: var(--tk-bordo);\n  border: 0;\n  border-radius: 999px;\n  box-shadow: 0 6px 20px rgba(0, 0, 0, .2);\n  font: inherit;\n  font-weight: 800;\n  cursor: pointer;\n}\n.tk-ders-notu .tk-basa-don.tk-gorunur { display: inline-flex; }\n@media (max-width: 720px) {\n  .tk-ders-notu { font-size: 16px; line-height: 1.66; }\n  .tk-ders-notu .tk-ana-baslik { padding: 18px 16px 15px; border-radius: 14px; }\n  .tk-ders-notu .tk-kart { padding: 15px; border-radius: 13px; }\n  .tk-ders-notu .tk-icindekiler ul { grid-template-columns: minmax(0, 1fr); }\n  .tk-ders-notu .tk-tablo th,\n  .tk-ders-notu .tk-tablo td { padding: 9px 7px; }\n  .tk-ders-notu .tk-tablo.tk-cok-sutun,\n  .tk-ders-notu .tk-tablo.tk-cok-sutun tbody,\n  .tk-ders-notu .tk-tablo.tk-cok-sutun tr,\n  .tk-ders-notu .tk-tablo.tk-cok-sutun td { display: block; width: 100%; max-width: 100%; min-width: 0; }\n  .tk-ders-notu .tk-tablo.tk-cok-sutun thead {\n    position: absolute;\n    width: 1px;\n    height: 1px;\n    padding: 0;\n    margin: -1px;\n    overflow: hidden;\n    clip: rect(0, 0, 0, 0);\n    white-space: nowrap;\n    border: 0;\n  }\n  .tk-ders-notu .tk-tablo.tk-cok-sutun tbody { padding: 8px; }\n  .tk-ders-notu .tk-tablo.tk-cok-sutun tr {\n    margin: 0 0 12px;\n    overflow: hidden;\n    border: 2px solid #c9d8e2;\n    border-radius: 10px;\n  }\n  .tk-ders-notu .tk-tablo.tk-cok-sutun tr:last-child { margin-bottom: 0; }\n  .tk-ders-notu .tk-tablo.tk-cok-sutun td {\n    display: grid;\n    grid-template-columns: minmax(6.4rem, 34%) minmax(0, 1fr);\n    gap: 9px;\n    border-width: 0 0 1px;\n  }\n  .tk-ders-notu .tk-tablo.tk-cok-sutun td::before {\n    content: attr(data-label);\n    min-width: 0;\n    color: var(--tk-lacivert);\n    font-weight: 850;\n    overflow-wrap: anywhere;\n  }\n  .tk-ders-notu .tk-tablo.tk-cok-sutun td:last-child { border-bottom: 0; }\n}\n@media (max-width: 375px) {\n  .tk-ders-notu { font-size: 15.5px; }\n  .tk-ders-notu .tk-kart,\n  .tk-ders-notu .tk-seo-giris,\n  .tk-ders-notu .tk-icindekiler { padding-left: 12px; padding-right: 12px; }\n  .tk-ders-notu .tk-tablo.tk-cok-sutun td { grid-template-columns: minmax(5.7rem, 38%) minmax(0, 1fr); padding: 8px 6px; }\n}\n@media print {\n  .tk-ders-notu { color: #111; font-size: 11pt; overflow: visible; }\n  .tk-ders-notu .tk-okuma-ilerleme,\n  .tk-ders-notu .tk-araclar,\n  .tk-ders-notu .tk-basa-don { display: none !important; }\n  .tk-ders-notu .tk-ana-baslik { color: #000; background: #fff; border: 2px solid #000; }\n  .tk-ders-notu .tk-kart { box-shadow: none; break-inside: avoid; }\n  .tk-ders-notu .tk-tablo-kapsayici { overflow: visible; }\n  .tk-ders-notu .tk-tablo th { color: #000; background: #e8e8e8; }\n  .tk-ders-notu .tk-basa-don { display: none !important; }\n}\n<\/style>\n<article class=\"tk-ders-notu\" lang=\"tr\" data-tk-ready=\"false\">\n<div class=\"tk-okuma-ilerleme\" aria-hidden=\"true\"><span class=\"tk-okuma-ilerleme-cubugu\"><\/span><\/div>\n<div class=\"tk-ana-baslik\">T\u00dcRKLERDE KONARG\u00d6\u00c7ER YA\u015eAM<\/div>\n<p class=\"tk-seo-giris\">9. s\u0131n\u0131f tarih dersinde T\u00fcrklerde Konarg\u00f6\u00e7er Ya\u015fam \u00f6\u011frenme \u00e7\u0131kt\u0131s\u0131n\u0131 \u00e7al\u0131\u015f\u0131rken kavramlar\u0131, a\u00e7\u0131klamalar\u0131 ve kar\u015f\u0131la\u015ft\u0131rmalar\u0131 bir arada g\u00f6rmen \u00f6nemlidir. Bu sayfadaki tarih ders notu, T\u00fcrkiye Y\u00fczy\u0131l\u0131 Maarif Modeli do\u011frultusunda kaynak belgede verilen bilgileri s\u0131ras\u0131n\u0131 koruyarak sunar. Notta Giri\u015f, Temel Kavramlar ve Ya\u015fam Bi\u00e7imlerinin Kar\u015f\u0131la\u015ft\u0131r\u0131lmas\u0131 ba\u015fl\u0131klar\u0131; madde listeleri, bilgi kutular\u0131 ve tablolarla d\u00fczenlenmi\u015ftir. \u0130\u00e7indekiler alan\u0131n\u0131 kullanarak istedi\u011fin b\u00f6l\u00fcme h\u0131zl\u0131ca ge\u00e7ebilir, okuma ilerleme \u00e7ubu\u011fuyla sayfadaki konumunu takip edebilirsin. \u00c7al\u0131\u015f\u0131rken \u00f6nce ana kavramlar\u0131 incelemen, ard\u0131ndan a\u00e7\u0131klamalar ile tablolar aras\u0131ndaki ba\u011flant\u0131lara dikkat etmen yararl\u0131 olacakt\u0131r. Bu 9. s\u0131n\u0131f tarih ders notunu ders \u00f6ncesinde konuya haz\u0131rlanmak, ders s\u0131ras\u0131nda ba\u015fl\u0131klar\u0131 takip etmek veya tekrar yaparken kaynak metindeki bilgileri d\u00fczenli bi\u00e7imde g\u00f6zden ge\u00e7irmek i\u00e7in kullanabilirsin.<\/p>\n<div class=\"tk-araclar\" aria-label=\"Ders notu ara\u00e7lar\u0131\">\n<button class=\"tk-dugme tk-yazdir\" type=\"button\" aria-label=\"Ders notunu yazd\u0131r\">Yazd\u0131r<\/button>\n<button class=\"tk-dugme tk-icindekilere-git\" type=\"button\" aria-label=\"\u0130\u00e7indekiler b\u00f6l\u00fcm\u00fcne git\">\u0130\u00e7indekilere git<\/button>\n<\/div>\n<nav class=\"tk-icindekiler\" aria-label=\"Ders notu i\u00e7indekiler\">\n<p class=\"tk-icindekiler-baslik\">\u0130\u00e7indekiler<\/p>\n<ul>\n<li><a href=\"#giris\">Giri\u015f<\/a><\/li>\n<li><a href=\"#temel-kavramlar\">Temel Kavramlar<\/a><\/li>\n<li><a href=\"#yasam-bicimlerinin-karsilastirilmasi\">Ya\u015fam Bi\u00e7imlerinin Kar\u015f\u0131la\u015ft\u0131r\u0131lmas\u0131<\/a><\/li>\n<li><a href=\"#turkistan-cografyasi\">T\u00fcrkistan Co\u011frafyas\u0131<\/a><\/li>\n<li><a href=\"#turkistanin-dogal-sartlari\">T\u00fcrkistan\u2019\u0131n Do\u011fal \u015eartlar\u0131<\/a><\/li>\n<li><a href=\"#turkistanda-konargocer-topluluklar\">T\u00fcrkistan\u2019da Konarg\u00f6\u00e7er Topluluklar<\/a><\/li>\n<li><a href=\"#konargocer-yasamin-nedenleri\">Konarg\u00f6\u00e7er Ya\u015fam\u0131n Nedenleri<\/a><\/li>\n<li><a href=\"#konargocer-yasamin-kazandirdiklari\">Konarg\u00f6\u00e7er Ya\u015fam\u0131n Kazand\u0131rd\u0131klar\u0131<\/a><\/li>\n<li><a href=\"#konargocer-yasamda-sosyal-yapi\">Konarg\u00f6\u00e7er Ya\u015famda Sosyal Yap\u0131<\/a><\/li>\n<li><a href=\"#ailenin-onemi\">Ailenin \u00d6nemi<\/a><\/li>\n<li><a href=\"#toplumsal-yapinin-ozellikleri\">Toplumsal Yap\u0131n\u0131n \u00d6zellikleri<\/a><\/li>\n<li><a href=\"#yurt-keregu-kereku\">Yurt \/ Kereg\u00fc \/ Kerek\u00fc<\/a><\/li>\n<li><a href=\"#cadirin-ic-duzeni\">\u00c7ad\u0131r\u0131n \u0130\u00e7 D\u00fczeni<\/a><\/li>\n<li><a href=\"#tekerlekli-arabalar\">Tekerlekli Arabalar<\/a><\/li>\n<li><a href=\"#konargocer-yasamda-ekonomi\">Konarg\u00f6\u00e7er Ya\u015famda Ekonomi<\/a><\/li>\n<li><a href=\"#atin-onemi\">At\u0131n \u00d6nemi<\/a><\/li>\n<li><a href=\"#koyunun-onemi\">Koyunun \u00d6nemi<\/a><\/li>\n<li><a href=\"#diger-ekonomik-faaliyetler\">Di\u011fer Ekonomik Faaliyetler<\/a><\/li>\n<li><a href=\"#ticaret\">Ticaret<\/a><\/li>\n<li><a href=\"#beslenme-kulturu\">Beslenme K\u00fclt\u00fcr\u00fc<\/a><\/li>\n<li><a href=\"#beslenme-ve-yasam-tarzi\">Beslenme ve Ya\u015fam Tarz\u0131<\/a><\/li>\n<li><a href=\"#giyim-kulturu\">Giyim K\u00fclt\u00fcr\u00fc<\/a><\/li>\n<li><a href=\"#askerlik-ve-ordu-yapisi\">Askerlik ve Ordu Yap\u0131s\u0131<\/a><\/li>\n<li><a href=\"#konargocer-yasamin-askeri-etkileri\">Konarg\u00f6\u00e7er Ya\u015fam\u0131n Asker\u00ee Etkileri<\/a><\/li>\n<li><a href=\"#savascilik-egitimi-ve-sporlar\">Sava\u015f\u00e7\u0131l\u0131k E\u011fitimi ve Sporlar<\/a><\/li>\n<li><a href=\"#hukuk-tore\">Hukuk: T\u00f6re<\/a><\/li>\n<li><a href=\"#konargocer-yasamin-hukuka-etkisi\">Konarg\u00f6\u00e7er Ya\u015fam\u0131n Hukuka Etkisi<\/a><\/li>\n<li><a href=\"#sanat-ve-kultur\">Sanat ve K\u00fclt\u00fcr<\/a><\/li>\n<li><a href=\"#hayvan-uslubu-ve-balbal\">Hayvan \u00dcslubu ve Balbal<\/a><\/li>\n<li><a href=\"#mimari-neden-sinirli-gelisti\">Mimari Neden S\u0131n\u0131rl\u0131 Geli\u015fti?<\/a><\/li>\n<li><a href=\"#toplumsal-dayanisma\">Toplumsal Dayan\u0131\u015fma<\/a><\/li>\n<li><a href=\"#yaylak-ve-kislak-hayati\">Yaylak ve K\u0131\u015flak Hayat\u0131<\/a><\/li>\n<li><a href=\"#genis-cografyalara-yayilma-sebepleri\">Geni\u015f Co\u011frafyalara Yay\u0131lma Sebepleri<\/a><\/li>\n<li><a href=\"#konargocer-yasamin-temel-ozellikleri\">Konarg\u00f6\u00e7er Ya\u015fam\u0131n Temel \u00d6zellikleri<\/a><\/li>\n<li><a href=\"#anadoluya-goc-ve-yerlesme\">Anadolu\u2019ya G\u00f6\u00e7 ve Yerle\u015fme<\/a><\/li>\n<li><a href=\"#yoruk-kimligi-ve-sarikecili-yorukleri\">Y\u00f6r\u00fck Kimli\u011fi ve Sar\u0131ke\u00e7ili Y\u00f6r\u00fckleri<\/a><\/li>\n<\/ul>\n<\/nav>\n<div class=\"tk-kaynak-icerik\">\n<section class=\"tk-kart\" aria-labelledby=\"giris\">\n<h2 id=\"giris\">Giri\u015f<\/h2>\n<ul class=\"tk-madde-listesi\">\n<li>T\u00fcrk k\u00fclt\u00fcr\u00fcn\u00fc ve ya\u015fam tarz\u0131n\u0131 \u015fekillendiren en \u00f6nemli unsurlardan biri co\u011frafi \u015fartlard\u0131r.<\/li>\n<li>\u201cCo\u011frafya insan\u0131n kaderini \u00e7izer; k\u00fclt\u00fcrleri yo\u011furur.\u201d anlay\u0131\u015f\u0131, konarg\u00f6\u00e7er ya\u015fam\u0131 anlamak i\u00e7in \u00f6nemlidir.<\/li>\n<li>T\u00fcrklerin ana yurdu <strong>T\u00fcrkistan<\/strong>, sert karasal iklimin etkili oldu\u011fu bir co\u011frafyad\u0131r.<\/li>\n<li>Geni\u015f bozk\u0131rlar ve s\u0131n\u0131rl\u0131 otlaklar ya\u015fam tarz\u0131n\u0131 do\u011frudan etkilemi\u015ftir.<\/li>\n<li>Bu \u015fartlar hayvanc\u0131l\u0131\u011fa, at merkezli k\u00fclt\u00fcre, sava\u015f\u00e7\u0131l\u0131\u011fa ve te\u015fkilat\u00e7\u0131l\u0131\u011fa zemin haz\u0131rlam\u0131\u015ft\u0131r.<\/li>\n<\/ul>\n<\/section>\n<section class=\"tk-kart\" aria-labelledby=\"temel-kavramlar\">\n<h2 id=\"temel-kavramlar\">Temel Kavramlar<\/h2>\n<div class=\"tk-tablo-kapsayici\" role=\"region\" aria-label=\"Ders notu tablosu 1\">\n<table class=\"tk-tablo\">\n<thead>\n<tr>\n<th scope=\"col\"><p><strong>Kavram<\/strong><\/p><\/th>\n<th scope=\"col\"><p><strong>A\u00e7\u0131klama<\/strong><\/p><\/th>\n<\/tr>\n<\/thead>\n<tbody>\n<tr>\n<td data-label=\"Kavram\"><p>G\u00f6\u00e7<\/p><\/td>\n<td data-label=\"A\u00e7\u0131klama\"><p>\u0130nsanlar\u0131n \u00e7e\u015fitli nedenlerle ya\u015fad\u0131klar\u0131 yerden ba\u015fka bir yere s\u00fcrekli veya ge\u00e7ici olarak ta\u015f\u0131nmas\u0131d\u0131r.<\/p><\/td>\n<\/tr>\n<tr>\n<td data-label=\"Kavram\"><p>G\u00f6\u00e7ebe<\/p><\/td>\n<td data-label=\"A\u00e7\u0131klama\"><p>Hayvan s\u00fcr\u00fclerini otlatmak ve ge\u00e7ici yerle\u015fimler kurmak amac\u0131yla d\u00fczenli olarak yer de\u011fi\u015ftiren topluluklard\u0131r.<\/p><\/td>\n<\/tr>\n<tr>\n<td data-label=\"Kavram\"><p>Konarg\u00f6\u00e7er<\/p><\/td>\n<td data-label=\"A\u00e7\u0131klama\"><p>Mevsime ba\u011fl\u0131 olarak iki b\u00f6lge aras\u0131nda, \u00f6zellikle yaylak ve k\u0131\u015flak aras\u0131nda gidip gelen topluluklard\u0131r.<\/p><\/td>\n<\/tr>\n<tr>\n<td data-label=\"Kavram\"><p>Yaylak<\/p><\/td>\n<td data-label=\"A\u00e7\u0131klama\"><p>Yaz mevsiminin ge\u00e7irildi\u011fi, y\u00fcksek, serin, otlak ve su kaynaklar\u0131 bak\u0131m\u0131ndan elveri\u015fli yerlerdir.<\/p><\/td>\n<\/tr>\n<tr>\n<td data-label=\"Kavram\"><p>K\u0131\u015flak<\/p><\/td>\n<td data-label=\"A\u00e7\u0131klama\"><p>K\u0131\u015f mevsiminin ge\u00e7irildi\u011fi, iklimin daha \u0131l\u0131man oldu\u011fu, korunakl\u0131 ve genellikle al\u00e7ak b\u00f6lgelerdeki yerle\u015fim alanlar\u0131d\u0131r.<\/p><\/td>\n<\/tr>\n<tr>\n<td data-label=\"Kavram\"><p>Yurt \/ Kereg\u00fc \/ Kerek\u00fc<\/p><\/td>\n<td data-label=\"A\u00e7\u0131klama\"><p>T\u00fcrklerin ta\u015f\u0131nabilir \u00e7ad\u0131rlar\u0131na verilen adlard\u0131r; yuvarlak planl\u0131 ah\u015fap iskeletin \u00fczerine kal\u0131n ke\u00e7e \u00f6rt\u00fcler serilerek yap\u0131l\u0131r.<\/p><\/td>\n<\/tr>\n<tr>\n<td data-label=\"Kavram\"><p>Oba<\/p><\/td>\n<td data-label=\"A\u00e7\u0131klama\"><p>Ayn\u0131 soydan gelen ailelerin birka\u00e7 \u00e7ad\u0131rdan olu\u015fan yerle\u015fim birimidir.<\/p><\/td>\n<\/tr>\n<tr>\n<td data-label=\"Kavram\"><p>T\u00f6re<\/p><\/td>\n<td data-label=\"A\u00e7\u0131klama\"><p>Eski T\u00fcrklerde toplumsal d\u00fczeni sa\u011flayan yaz\u0131s\u0131z hukuk kurallar\u0131d\u0131r.<\/p><\/td>\n<\/tr>\n<\/tbody>\n<\/table>\n<\/div>\n<\/section>\n<section class=\"tk-kart\" aria-labelledby=\"yasam-bicimlerinin-karsilastirilmasi\">\n<h2 id=\"yasam-bicimlerinin-karsilastirilmasi\">Ya\u015fam Bi\u00e7imlerinin Kar\u015f\u0131la\u015ft\u0131r\u0131lmas\u0131<\/h2>\n<div class=\"tk-tablo-kapsayici\" role=\"region\" aria-label=\"Ders notu tablosu 2\">\n<table class=\"tk-tablo tk-cok-sutun\">\n<thead>\n<tr>\n<th scope=\"col\"><p><strong>\u00d6zellik<\/strong><\/p><\/th>\n<th scope=\"col\"><p><strong>Konarg\u00f6\u00e7er Ya\u015fam<\/strong><\/p><\/th>\n<th scope=\"col\"><p><strong>Yerle\u015fik Ya\u015fam<\/strong><\/p><\/th>\n<\/tr>\n<\/thead>\n<tbody>\n<tr>\n<td data-label=\"\u00d6zellik\"><p>Hareket Bi\u00e7imi<\/p><\/td>\n<td data-label=\"Konarg\u00f6\u00e7er Ya\u015fam\"><p>Yaylak ve k\u0131\u015flak aras\u0131nda mevsimlik d\u00fczenli hareket vard\u0131r.<\/p><\/td>\n<td data-label=\"Yerle\u015fik Ya\u015fam\"><p>Sabit yerle\u015fim alanlar\u0131 vard\u0131r.<\/p><\/td>\n<\/tr>\n<tr>\n<td data-label=\"\u00d6zellik\"><p>Ekonomik Temel<\/p><\/td>\n<td data-label=\"Konarg\u00f6\u00e7er Ya\u015fam\"><p>Hayvanc\u0131l\u0131k temel ge\u00e7im kayna\u011f\u0131d\u0131r.<\/p><\/td>\n<td data-label=\"Yerle\u015fik Ya\u015fam\"><p>Tar\u0131m, ticaret, zanaat ve \u015fehir hayat\u0131 geli\u015fir.<\/p><\/td>\n<\/tr>\n<tr>\n<td data-label=\"\u00d6zellik\"><p>Bar\u0131nma<\/p><\/td>\n<td data-label=\"Konarg\u00f6\u00e7er Ya\u015fam\"><p>Yurt\/\u00e7ad\u0131r gibi ta\u015f\u0131nabilir bar\u0131naklar kullan\u0131l\u0131r.<\/p><\/td>\n<td data-label=\"Yerle\u015fik Ya\u015fam\"><p>Ev, saray, tap\u0131nak, \u015fehir suru gibi kal\u0131c\u0131 yap\u0131lar yap\u0131l\u0131r.<\/p><\/td>\n<\/tr>\n<tr>\n<td data-label=\"\u00d6zellik\"><p>Sanat<\/p><\/td>\n<td data-label=\"Konarg\u00f6\u00e7er Ya\u015fam\"><p>Hal\u0131, kilim, ke\u00e7e, maden\u00ee e\u015fya gibi ta\u015f\u0131nabilir sanat geli\u015fir.<\/p><\/td>\n<td data-label=\"Yerle\u015fik Ya\u015fam\"><p>Mimari ve b\u00fcy\u00fck \u00f6l\u00e7ekli sanat eserleri geli\u015fir.<\/p><\/td>\n<\/tr>\n<tr>\n<td data-label=\"\u00d6zellik\"><p>Hukuk<\/p><\/td>\n<td data-label=\"Konarg\u00f6\u00e7er Ya\u015fam\"><p>Uzun s\u00fcreli hapis cezalar\u0131 uygun de\u011fildir.<\/p><\/td>\n<td data-label=\"Yerle\u015fik Ya\u015fam\"><p>Mahkeme, hapishane ve yaz\u0131l\u0131 hukuk geli\u015febilir.<\/p><\/td>\n<\/tr>\n<tr>\n<td data-label=\"\u00d6zellik\"><p>Askerlik<\/p><\/td>\n<td data-label=\"Konarg\u00f6\u00e7er Ya\u015fam\"><p>Atl\u0131 sava\u015f\u00e7\u0131l\u0131k ve ok\u00e7uluk geli\u015fmi\u015ftir.<\/p><\/td>\n<td data-label=\"Yerle\u015fik Ya\u015fam\"><p>D\u00fczenli ordu ve kal\u0131c\u0131 asker\u00ee kurumlar geli\u015fir.<\/p><\/td>\n<\/tr>\n<\/tbody>\n<\/table>\n<\/div>\n<\/section>\n<section class=\"tk-kart\" aria-labelledby=\"turkistan-cografyasi\">\n<h2 id=\"turkistan-cografyasi\">T\u00fcrkistan Co\u011frafyas\u0131<\/h2>\n<ul class=\"tk-madde-listesi\">\n<li>Eski \u00c7a\u011f\u2019da T\u00fcrklerin ana yurdu T\u00fcrkistan olarak kabul edilir.<\/li>\n<li>T\u00fcrkistan, geni\u015f bozk\u0131rlar\u0131n bulundu\u011fu sert karasal iklimli bir co\u011frafyad\u0131r.<\/li>\n<li>Bat\u0131da Hazar Denizi ile ili\u015fkilendirilir.<\/li>\n<li>Do\u011fuda Baykal G\u00f6l\u00fc, Gobi \u00c7\u00f6l\u00fc ve Do\u011fu Asya i\u00e7 b\u00f6lgeleri yer al\u0131r.<\/li>\n<li>Kuzeyde Altaylar ve Sibirya bozk\u0131rlar\u0131; g\u00fcneyde Hindiku\u015f ve Tibet Platosu \u00e7evresi bulunur.<\/li>\n<li>B\u00f6lgede S\u0131riderya, Amuderya, \u0130rti\u015f ve Volga \u00f6nemli su kaynaklar\u0131d\u0131r.<\/li>\n<\/ul>\n<\/section>\n<section class=\"tk-kart\" aria-labelledby=\"turkistanin-dogal-sartlari\">\n<h2 id=\"turkistanin-dogal-sartlari\">T\u00fcrkistan\u2019\u0131n Do\u011fal \u015eartlar\u0131<\/h2>\n<div class=\"tk-tablo-kapsayici\" role=\"region\" aria-label=\"Ders notu tablosu 3\">\n<table class=\"tk-tablo\">\n<thead>\n<tr>\n<th scope=\"col\"><p><strong>Co\u011frafi \u00d6zellik<\/strong><\/p><\/th>\n<th scope=\"col\"><p><strong>T\u00fcrk Ya\u015fam\u0131na Etkisi<\/strong><\/p><\/th>\n<\/tr>\n<\/thead>\n<tbody>\n<tr>\n<td data-label=\"Co\u011frafi \u00d6zellik\"><p>Sert karasal iklim<\/p><\/td>\n<td data-label=\"T\u00fcrk Ya\u015fam\u0131na Etkisi\"><p>Hayatta kalma m\u00fccadelesini art\u0131rm\u0131\u015ft\u0131r.<\/p><\/td>\n<\/tr>\n<tr>\n<td data-label=\"Co\u011frafi \u00d6zellik\"><p>Geni\u015f bozk\u0131rlar<\/p><\/td>\n<td data-label=\"T\u00fcrk Ya\u015fam\u0131na Etkisi\"><p>At ve koyun yeti\u015ftiricili\u011fine uygun ortam olu\u015fturmu\u015ftur.<\/p><\/td>\n<\/tr>\n<tr>\n<td data-label=\"Co\u011frafi \u00d6zellik\"><p>Otlaklar\u0131n s\u0131n\u0131rl\u0131 olmas\u0131<\/p><\/td>\n<td data-label=\"T\u00fcrk Ya\u015fam\u0131na Etkisi\"><p>Yaylak-k\u0131\u015flak hareketini zorunlu h\u00e2le getirmi\u015ftir.<\/p><\/td>\n<\/tr>\n<tr>\n<td data-label=\"Co\u011frafi \u00d6zellik\"><p>Su kaynaklar\u0131n\u0131n \u00f6nemi<\/p><\/td>\n<td data-label=\"T\u00fcrk Ya\u015fam\u0131na Etkisi\"><p>G\u00f6\u00e7 yollar\u0131n\u0131n ve yerle\u015fim alanlar\u0131n\u0131n belirlenmesinde etkili olmu\u015ftur.<\/p><\/td>\n<\/tr>\n<\/tbody>\n<\/table>\n<\/div>\n<ul class=\"tk-madde-listesi\">\n<li>Zorlu do\u011fa \u015fartlar\u0131 T\u00fcrklerde sab\u0131r, disiplin ve m\u00fccadelecilik geli\u015ftirmi\u015ftir.<\/li>\n<li>Ayn\u0131 \u015fartlar T\u00fcrklerde te\u015fkilat\u00e7\u0131l\u0131k \u00f6zelli\u011fini de g\u00fc\u00e7lendirmi\u015ftir.<\/li>\n<li>Geni\u015f hareket alan\u0131, T\u00fcrklerin geni\u015f co\u011frafyalara yay\u0131lmas\u0131n\u0131 kolayla\u015ft\u0131rm\u0131\u015ft\u0131r.<\/li>\n<li>Bozk\u0131r, hayvanc\u0131l\u0131k ve hareketli ya\u015fam aras\u0131nda g\u00fc\u00e7l\u00fc bir ili\u015fki kurulmu\u015ftur.<\/li>\n<li>Su ve otlak aray\u0131\u015f\u0131 yaylak-k\u0131\u015flak d\u00fczeninin temel belirleyicilerindendir.<\/li>\n<\/ul>\n<\/section>\n<section class=\"tk-kart\" aria-labelledby=\"turkistanda-konargocer-topluluklar\">\n<h2 id=\"turkistanda-konargocer-topluluklar\">T\u00fcrkistan\u2019da Konarg\u00f6\u00e7er Topluluklar<\/h2>\n<div class=\"tk-tablo-kapsayici\" role=\"region\" aria-label=\"Ders notu tablosu 4\">\n<table class=\"tk-tablo tk-cok-sutun\">\n<thead>\n<tr>\n<th scope=\"col\"><p><strong>M\u00d6 1200\u2019ler<\/strong><br> <strong>Kimmerler<\/strong><\/p><\/th>\n<th scope=\"col\"><p><strong>M\u00d6 IX-VIII. y\u00fczy\u0131llar<\/strong><br> <strong>\u0130skitler \/ Sakalar<\/strong><\/p><\/th>\n<th scope=\"col\"><p><strong>M\u00d6 IV. y\u00fczy\u0131l<\/strong><br> <strong>Sarmatlar<\/strong><\/p><\/th>\n<th scope=\"col\"><p><strong>M\u00d6 220\u2019ler<\/strong><br> <strong>Hun T\u00fcrkleri<\/strong><\/p><\/th>\n<\/tr>\n<\/thead>\n<tbody>\n<tr>\n<td data-label=\"M\u00d6 1200\u2019ler Kimmerler\"><p>T\u00fcrkistan ve \u00e7evresinde konarg\u00f6\u00e7er ya\u015famla ili\u015fkilendirilen erken topluluklardand\u0131r.<\/p><\/td>\n<td data-label=\"M\u00d6 IX-VIII. y\u00fczy\u0131llar \u0130skitler \/ Sakalar\"><p>Atl\u0131 sava\u015f\u00e7\u0131l\u0131klar\u0131yla tan\u0131nm\u0131\u015f, geni\u015f co\u011frafyalara yay\u0131lm\u0131\u015f konarg\u00f6\u00e7er topluluklardand\u0131r.<\/p><\/td>\n<td data-label=\"M\u00d6 IV. y\u00fczy\u0131l Sarmatlar\"><p>T\u00fcrkistan \u00e7evresinde konarg\u00f6\u00e7er hayatla ili\u015fkilendirilen topluluklardand\u0131r.<\/p><\/td>\n<td data-label=\"M\u00d6 220\u2019ler Hun T\u00fcrkleri\"><p>Asya Hun Devleti ile siyasi te\u015fkilatlanman\u0131n g\u00fc\u00e7l\u00fc \u00f6rneklerinden birini olu\u015fturmu\u015flard\u0131r.<\/p><\/td>\n<\/tr>\n<\/tbody>\n<\/table>\n<\/div>\n<\/section>\n<section class=\"tk-kart\" aria-labelledby=\"konargocer-yasamin-nedenleri\">\n<h2 id=\"konargocer-yasamin-nedenleri\">Konarg\u00f6\u00e7er Ya\u015fam\u0131n Nedenleri<\/h2>\n<div class=\"tk-tablo-kapsayici\" role=\"region\" aria-label=\"Ders notu tablosu 5\">\n<table class=\"tk-tablo\">\n<thead>\n<tr>\n<th scope=\"col\"><p><strong>Neden<\/strong><\/p><\/th>\n<th scope=\"col\"><p><strong>A\u00e7\u0131klama<\/strong><\/p><\/th>\n<\/tr>\n<\/thead>\n<tbody>\n<tr>\n<td data-label=\"Neden\"><p>Sert karasal iklim<\/p><\/td>\n<td data-label=\"A\u00e7\u0131klama\"><p>K\u0131\u015flar\u0131n so\u011fuk, yazlar\u0131n kurak olmas\u0131 ya\u015fam\u0131 zorla\u015ft\u0131rm\u0131\u015ft\u0131r.<\/p><\/td>\n<\/tr>\n<tr>\n<td data-label=\"Neden\"><p>Otlaklar\u0131n azl\u0131\u011f\u0131<\/p><\/td>\n<td data-label=\"A\u00e7\u0131klama\"><p>Hayvan s\u00fcr\u00fclerinin beslenmesi i\u00e7in yeni otlaklar aranm\u0131\u015ft\u0131r.<\/p><\/td>\n<\/tr>\n<tr>\n<td data-label=\"Neden\"><p>Hayvanc\u0131l\u0131\u011fa dayal\u0131 ekonomi<\/p><\/td>\n<td data-label=\"A\u00e7\u0131klama\"><p>Hayvanlar\u0131n mevsime g\u00f6re farkl\u0131 alanlara g\u00f6t\u00fcr\u00fclmesi gerekmi\u015ftir.<\/p><\/td>\n<\/tr>\n<tr>\n<td data-label=\"Neden\"><p>Boylar aras\u0131 m\u00fccadeleler<\/p><\/td>\n<td data-label=\"A\u00e7\u0131klama\"><p>Siyasi ve sosyal \u00e7at\u0131\u015fmalar yer de\u011fi\u015ftirmeyi art\u0131rm\u0131\u015ft\u0131r.<\/p><\/td>\n<\/tr>\n<tr>\n<td data-label=\"Neden\"><p>Hayvan hastal\u0131klar\u0131<\/p><\/td>\n<td data-label=\"A\u00e7\u0131klama\"><p>Sa\u011fl\u0131kl\u0131 otlak ve su kaynaklar\u0131 aray\u0131\u015f\u0131 g\u00f6\u00e7\u00fc gerekli k\u0131lm\u0131\u015ft\u0131r.<\/p><\/td>\n<\/tr>\n<tr>\n<td data-label=\"Neden\"><p>D\u0131\u015f siyasi bask\u0131lar<\/p><\/td>\n<td data-label=\"A\u00e7\u0131klama\"><p>Kom\u015fu topluluklar ve devletlerle m\u00fccadeleler g\u00f6\u00e7 hareketlerini etkilemi\u015ftir.<\/p><\/td>\n<\/tr>\n<tr>\n<td data-label=\"Neden\"><p>Yeni yerle\u015fim ve h\u00e2kimiyet alan\u0131 aray\u0131\u015f\u0131<\/p><\/td>\n<td data-label=\"A\u00e7\u0131klama\"><p>T\u00fcrk boylar\u0131n\u0131n farkl\u0131 co\u011frafyalara yay\u0131lmas\u0131na yol a\u00e7m\u0131\u015ft\u0131r.<\/p><\/td>\n<\/tr>\n<tr>\n<td data-label=\"Neden\"><p>Ticaret yollar\u0131 ve kaynaklar<\/p><\/td>\n<td data-label=\"A\u00e7\u0131klama\"><p>\u0130pek Yolu gibi ticaret yollar\u0131 ve do\u011fal kaynaklar g\u00f6\u00e7 y\u00f6nlerini etkilemi\u015ftir.<\/p><\/td>\n<\/tr>\n<\/tbody>\n<\/table>\n<\/div>\n<\/section>\n<section class=\"tk-kart\" aria-labelledby=\"konargocer-yasamin-kazandirdiklari\">\n<h2 id=\"konargocer-yasamin-kazandirdiklari\">Konarg\u00f6\u00e7er Ya\u015fam\u0131n Kazand\u0131rd\u0131klar\u0131<\/h2>\n<div class=\"tk-tablo-kapsayici\" role=\"region\" aria-label=\"Ders notu tablosu 6\">\n<table class=\"tk-tablo\">\n<thead>\n<tr>\n<th scope=\"col\"><p><strong>Kazan\u0131lan \u00d6zellik<\/strong><\/p><\/th>\n<th scope=\"col\"><p><strong>A\u00e7\u0131klama<\/strong><\/p><\/th>\n<\/tr>\n<\/thead>\n<tbody>\n<tr>\n<td data-label=\"Kazan\u0131lan \u00d6zellik\"><p>M\u00fccadelecilik<\/p><\/td>\n<td data-label=\"A\u00e7\u0131klama\"><p>Sert co\u011frafya ve s\u0131n\u0131rl\u0131 kaynaklar, T\u00fcrkleri s\u00fcrekli m\u00fccadeleye haz\u0131rlam\u0131\u015ft\u0131r.<\/p><\/td>\n<\/tr>\n<tr>\n<td data-label=\"Kazan\u0131lan \u00d6zellik\"><p>Sab\u0131r ve disiplin<\/p><\/td>\n<td data-label=\"A\u00e7\u0131klama\"><p>Hayvan s\u00fcr\u00fclerinin bak\u0131m\u0131, g\u00f6\u00e7 haz\u0131rl\u0131\u011f\u0131 ve uzun yolculuklar d\u00fczenli ya\u015fam\u0131 gerektirmi\u015ftir.<\/p><\/td>\n<\/tr>\n<tr>\n<td data-label=\"Kazan\u0131lan \u00d6zellik\"><p>Te\u015fkilat\u00e7\u0131l\u0131k<\/p><\/td>\n<td data-label=\"A\u00e7\u0131klama\"><p>B\u00fcy\u00fck topluluklar\u0131n birlikte hareket etmesi g\u00fc\u00e7l\u00fc organizasyon becerisi do\u011furmu\u015ftur.<\/p><\/td>\n<\/tr>\n<tr>\n<td data-label=\"Kazan\u0131lan \u00d6zellik\"><p>Cesaret<\/p><\/td>\n<td data-label=\"A\u00e7\u0131klama\"><p>Zorlu do\u011fa ve sava\u015f ortam\u0131 cesur bireylerin yeti\u015fmesini sa\u011flam\u0131\u015ft\u0131r.<\/p><\/td>\n<\/tr>\n<tr>\n<td data-label=\"Kazan\u0131lan \u00d6zellik\"><p>H\u0131zl\u0131 ve toplu hareket etme<\/p><\/td>\n<td data-label=\"A\u00e7\u0131klama\"><p>G\u00f6\u00e7 ve sava\u015f s\u0131ras\u0131nda h\u0131zl\u0131 karar alma ve birlikte hareket etme yetene\u011fi geli\u015fmi\u015ftir.<\/p><\/td>\n<\/tr>\n<tr>\n<td data-label=\"Kazan\u0131lan \u00d6zellik\"><p>Uyum sa\u011flama<\/p><\/td>\n<td data-label=\"A\u00e7\u0131klama\"><p>Farkl\u0131 iklim ve co\u011frafyalara uyum yetene\u011fi g\u00fc\u00e7lenmi\u015ftir.<\/p><\/td>\n<\/tr>\n<tr>\n<td data-label=\"Kazan\u0131lan \u00d6zellik\"><p>Aile ba\u011flar\u0131n\u0131n g\u00fc\u00e7l\u00fc olmas\u0131<\/p><\/td>\n<td data-label=\"A\u00e7\u0131klama\"><p>Zorlu ya\u015fam \u015fartlar\u0131 aile ve akrabal\u0131k ba\u011flar\u0131n\u0131 kuvvetlendirmi\u015ftir.<\/p><\/td>\n<\/tr>\n<tr>\n<td data-label=\"Kazan\u0131lan \u00d6zellik\"><p>At ve ok\u00e7uluk<\/p><\/td>\n<td data-label=\"A\u00e7\u0131klama\"><p>Bozk\u0131r hayat\u0131, at binme ve ok kullanma becerilerini geli\u015ftirmi\u015ftir.<\/p><\/td>\n<\/tr>\n<tr>\n<td data-label=\"Kazan\u0131lan \u00d6zellik\"><p>El sanatlar\u0131<\/p><\/td>\n<td data-label=\"A\u00e7\u0131klama\"><p>Dokumac\u0131l\u0131k, ke\u00e7ecilik, dericilik ve demircilik gibi alanlar geli\u015fmi\u015ftir.<\/p><\/td>\n<\/tr>\n<tr>\n<td data-label=\"Kazan\u0131lan \u00d6zellik\"><p>Misafirperverlik<\/p><\/td>\n<td data-label=\"A\u00e7\u0131klama\"><p>Yolculuk ve oba d\u00fczeni, dayan\u0131\u015fma ve misafirperverli\u011fi \u00f6nemli h\u00e2le getirmi\u015ftir.<\/p><\/td>\n<\/tr>\n<\/tbody>\n<\/table>\n<\/div>\n<\/section>\n<section class=\"tk-kart\" aria-labelledby=\"konargocer-yasamda-sosyal-yapi\">\n<h2 id=\"konargocer-yasamda-sosyal-yapi\">Konarg\u00f6\u00e7er Ya\u015famda Sosyal Yap\u0131<\/h2>\n<div class=\"tk-tablo-kapsayici\" role=\"region\" aria-label=\"Ders notu tablosu 7\">\n<table class=\"tk-tablo tk-cok-sutun\">\n<thead>\n<tr>\n<th scope=\"col\"><p><strong>S\u0131ra<\/strong><\/p><\/th>\n<th scope=\"col\"><p><strong>Birim<\/strong><\/p><\/th>\n<th scope=\"col\"><p><strong>Anlam\u0131<\/strong><\/p><\/th>\n<\/tr>\n<\/thead>\n<tbody>\n<tr>\n<td data-label=\"S\u0131ra\"><p>1<\/p><\/td>\n<td data-label=\"Birim\"><p>Ogu\u015f<\/p><\/td>\n<td data-label=\"Anlam\u0131\"><p>Aile<\/p><\/td>\n<\/tr>\n<tr>\n<td data-label=\"S\u0131ra\"><p>2<\/p><\/td>\n<td data-label=\"Birim\"><p>Urug \/ Uruk<\/p><\/td>\n<td data-label=\"Anlam\u0131\"><p>S\u00fclaleler birli\u011fi<\/p><\/td>\n<\/tr>\n<tr>\n<td data-label=\"S\u0131ra\"><p>3<\/p><\/td>\n<td data-label=\"Birim\"><p>Boy<\/p><\/td>\n<td data-label=\"Anlam\u0131\"><p>Kabileler birli\u011fi<\/p><\/td>\n<\/tr>\n<tr>\n<td data-label=\"S\u0131ra\"><p>4<\/p><\/td>\n<td data-label=\"Birim\"><p>Budun<\/p><\/td>\n<td data-label=\"Anlam\u0131\"><p>Boylar federasyonu<\/p><\/td>\n<\/tr>\n<tr>\n<td data-label=\"S\u0131ra\"><p>5<\/p><\/td>\n<td data-label=\"Birim\"><p>\u0130l<\/p><\/td>\n<td data-label=\"Anlam\u0131\"><p>Devlet<\/p><\/td>\n<\/tr>\n<\/tbody>\n<\/table>\n<\/div>\n<\/section>\n<section class=\"tk-kart\" aria-labelledby=\"ailenin-onemi\">\n<h2 id=\"ailenin-onemi\">Ailenin \u00d6nemi<\/h2>\n<ul class=\"tk-madde-listesi\">\n<li><strong>Konarg\u00f6\u00e7er<\/strong> T\u00fcrklerde toplumun en temel birimi ailedir.<\/li>\n<li>Aileler, aile b\u00fcy\u00fckleriyle birlikte birka\u00e7 \u00e7ad\u0131rdan olu\u015fan obalarda ya\u015fard\u0131.<\/li>\n<li>Ayn\u0131 soydan gelen ki\u015filer genellikle ayn\u0131 oba i\u00e7inde veya yak\u0131n \u00e7ad\u0131rlarda bulunurdu.<\/li>\n<li>Erkek \u00e7ocuk evlendi\u011finde \u00e7o\u011funlukla kendi ailesiyle ayr\u0131 bir \u00e7ad\u0131ra ta\u015f\u0131n\u0131rd\u0131.<\/li>\n<li>Evin en k\u00fc\u00e7\u00fck erkek \u00e7ocu\u011fu evlendikten sonra da baba oca\u011f\u0131nda kal\u0131rd\u0131.<\/li>\n<li>Bu durum baba oca\u011f\u0131n\u0131 s\u00fcrd\u00fcrme anlay\u0131\u015f\u0131 ve <strong>ot tigin<\/strong> anlay\u0131\u015f\u0131 kapsam\u0131nda de\u011ferlendirilir.<\/li>\n<\/ul>\n<aside class=\"tk-bilgi-kutusu tk-onemli\" role=\"note\" data-tk-table-cell=\"1\">\n<p><strong>NEDEN \u00d6NEML\u0130?<\/strong><br> Konarg\u00f6\u00e7er T\u00fcrklerde toplumun en temel birimi ailedir.<\/p>\n<\/aside>\n<\/section>\n<section class=\"tk-kart\" aria-labelledby=\"toplumsal-yapinin-ozellikleri\">\n<h2 id=\"toplumsal-yapinin-ozellikleri\">Toplumsal Yap\u0131n\u0131n \u00d6zellikleri<\/h2>\n<ul class=\"tk-madde-listesi\">\n<li>T\u00fcrk toplumunda dayan\u0131\u015fma g\u00fc\u00e7l\u00fcd\u00fcr.<\/li>\n<li><strong>Boy<\/strong> k\u00fclt\u00fcr\u00fc, birlik ve yard\u0131mla\u015fma duygusunu geli\u015ftirmi\u015ftir.<\/li>\n<li>Avrupa\u2019daki gibi topra\u011fa ba\u011fl\u0131 bir soyluluk-k\u00f6lelik d\u00fczeni geli\u015fmemi\u015ftir.<\/li>\n<li>Bunun temel nedeni, ekonominin geni\u015f \u00f6l\u00e7\u00fcde hayvanc\u0131l\u0131\u011fa dayanmas\u0131d\u0131r.<\/li>\n<li>Topra\u011fa ba\u011fl\u0131 yerle\u015fik feodal d\u00fczen olu\u015fmam\u0131\u015ft\u0131r.<\/li>\n<li><strong>Konarg\u00f6\u00e7er<\/strong> T\u00fcrk toplumunda belirgin bir sosyal tabakala\u015fma yoktur.<\/li>\n<li>Eli silah tutan herkes asker say\u0131ld\u0131\u011f\u0131 i\u00e7in askerlik yayg\u0131n bir sorumluluktur.<\/li>\n<\/ul>\n<\/section>\n<section class=\"tk-kart\" aria-labelledby=\"yurt-keregu-kereku\">\n<h2 id=\"yurt-keregu-kereku\">Yurt \/ Kereg\u00fc \/ Kerek\u00fc<\/h2>\n<ul class=\"tk-madde-listesi\">\n<li>T\u00fcrklerin temel bar\u0131na\u011f\u0131 yurt ad\u0131 verilen ta\u015f\u0131nabilir \u00e7ad\u0131rlard\u0131r.<\/li>\n<li>Bu \u00e7ad\u0131rlar yuvarlak planl\u0131d\u0131r.<\/li>\n<li>Ah\u015fap iskelet \u00fczerine kuruludur.<\/li>\n<li>Kal\u0131n ke\u00e7e \u00f6rt\u00fclerle kaplan\u0131r.<\/li>\n<li>S\u00f6k\u00fcl\u00fcp ta\u015f\u0131nmaya uygundur.<\/li>\n<li><strong>Yurt<\/strong>lar, konarg\u00f6\u00e7er ya\u015fam\u0131n ihtiya\u00e7lar\u0131na uygun olarak tasarlanm\u0131\u015ft\u0131r.<\/li>\n<\/ul>\n<\/section>\n<section class=\"tk-kart\" aria-labelledby=\"cadirin-ic-duzeni\">\n<h2 id=\"cadirin-ic-duzeni\">\u00c7ad\u0131r\u0131n \u0130\u00e7 D\u00fczeni<\/h2>\n<ul class=\"tk-madde-listesi\">\n<li>\u00c7ad\u0131r i\u00e7inde oturma, dinlenme ve yatma gibi g\u00fcnl\u00fck faaliyetler yap\u0131l\u0131rd\u0131.<\/li>\n<li>Yemek pi\u015firme de \u00e7ad\u0131r i\u00e7indeki g\u00fcnl\u00fck faaliyetlerdendir.<\/li>\n<li>\u00c7ad\u0131r\u0131n ortas\u0131nda korluk ad\u0131 verilen ate\u015f yeri bulunurdu.<\/li>\n<li>Duman\u0131n \u00e7\u0131kmas\u0131 i\u00e7in \u00e7ad\u0131r\u0131n \u00fcst k\u0131sm\u0131nda baca a\u00e7\u0131kl\u0131\u011f\u0131 yer al\u0131rd\u0131.<\/li>\n<li>\u00c7ad\u0131rda hal\u0131, kilim, ke\u00e7e, sand\u0131k, yatak tak\u0131m\u0131, yemek kab\u0131 ve ta\u015f\u0131nabilir e\u015fyalar bulunurdu.<\/li>\n<li>Ta\u015f\u0131nabilir e\u015fyalar konarg\u00f6\u00e7er ya\u015fam\u0131n pratik ihtiya\u00e7lar\u0131ndan do\u011fmu\u015ftur.<\/li>\n<\/ul>\n<\/section>\n<section class=\"tk-kart\" aria-labelledby=\"tekerlekli-arabalar\">\n<h2 id=\"tekerlekli-arabalar\">Tekerlekli Arabalar<\/h2>\n<ul class=\"tk-madde-listesi\">\n<li><strong>Paz\u0131r\u0131k Kurgan\u0131<\/strong>\u2019nda \u00e7ad\u0131r ta\u015f\u0131mak i\u00e7in kullan\u0131lan tekerlekli araba kal\u0131nt\u0131lar\u0131 bulunmu\u015ftur.<\/li>\n<li>Bu buluntular M\u00d6 VI-IV. y\u00fczy\u0131llar aras\u0131na tarihlenmektedir.<\/li>\n<li>Tekerlekli arabalar \u00e7ad\u0131rlar\u0131n ta\u015f\u0131nmas\u0131n\u0131 sa\u011flam\u0131\u015ft\u0131r.<\/li>\n<li>E\u015fyalar\u0131n nakledilmesini ve g\u00f6\u00e7 s\u0131ras\u0131nda daha h\u0131zl\u0131 hareket edilmesini kolayla\u015ft\u0131rm\u0131\u015ft\u0131r.<\/li>\n<li>Ticaret faaliyetlerini kolayla\u015ft\u0131rm\u0131\u015ft\u0131r.<\/li>\n<li>Asker\u00ee hareket kabiliyetini art\u0131rm\u0131\u015ft\u0131r.<\/li>\n<\/ul>\n<\/section>\n<section class=\"tk-kart\" aria-labelledby=\"konargocer-yasamda-ekonomi\">\n<h2 id=\"konargocer-yasamda-ekonomi\">Konarg\u00f6\u00e7er Ya\u015famda Ekonomi<\/h2>\n<ul class=\"tk-madde-listesi\">\n<li><strong>Konarg\u00f6\u00e7er<\/strong> T\u00fcrklerin ekonomisi b\u00fcy\u00fck \u00f6l\u00e7\u00fcde hayvanc\u0131l\u0131\u011fa dayan\u0131r.<\/li>\n<li>En \u00e7ok yeti\u015ftirilen hayvanlardan biri att\u0131r.<\/li>\n<li><strong>Koyun<\/strong>, konarg\u00f6\u00e7er ekonomide \u00f6nemli hayvanlardand\u0131r.<\/li>\n<li>Ke\u00e7i, deve ve s\u0131\u011f\u0131r da yeti\u015ftirilen hayvanlar aras\u0131ndad\u0131r.<\/li>\n<li>Hayvanc\u0131l\u0131k, beslenme, giyim, bar\u0131nma ve ticaretle do\u011frudan ili\u015fkilidir.<\/li>\n<\/ul>\n<\/section>\n<section class=\"tk-kart\" aria-labelledby=\"atin-onemi\">\n<h2 id=\"atin-onemi\">At\u0131n \u00d6nemi<\/h2>\n<ul class=\"tk-madde-listesi\">\n<li><strong>At<\/strong>, bozk\u0131r ya\u015fam\u0131n\u0131n en \u00f6nemli unsurudur.<\/li>\n<li>Binek hayvan\u0131 olarak kullan\u0131lm\u0131\u015ft\u0131r.<\/li>\n<li>Sava\u015f arac\u0131 olmu\u015ftur.<\/li>\n<li>Ula\u015f\u0131m\u0131 kolayla\u015ft\u0131rm\u0131\u015ft\u0131r.<\/li>\n<li>Geni\u015f bozk\u0131rlarda h\u0131zl\u0131 hareket imk\u00e2n\u0131 sa\u011flam\u0131\u015ft\u0131r.<\/li>\n<li>S\u00fct\u00fcnden, etinden ve derisinden yararlan\u0131lm\u0131\u015ft\u0131r.<\/li>\n<li><strong>At<\/strong>\u0131n evcille\u015ftirilmesi ve atl\u0131 sava\u015f tekniklerinin geli\u015fmesi, T\u00fcrklerin geni\u015f co\u011frafyalara yay\u0131lmas\u0131n\u0131 kolayla\u015ft\u0131rm\u0131\u015ft\u0131r.<\/li>\n<\/ul>\n<\/section>\n<section class=\"tk-kart\" aria-labelledby=\"koyunun-onemi\">\n<h2 id=\"koyunun-onemi\">Koyunun \u00d6nemi<\/h2>\n<ul class=\"tk-madde-listesi\">\n<li>Koyun, konarg\u00f6\u00e7er ekonomide attan sonra en \u00f6nemli hayvanlardand\u0131r.<\/li>\n<li>Koyundan et, s\u00fct, y\u00fcn ve deri elde edilmi\u015ftir.<\/li>\n<li>Koyun y\u00fcn\u00fc giyecek yap\u0131m\u0131nda kullan\u0131lm\u0131\u015ft\u0131r.<\/li>\n<li>Ke\u00e7e \u00fcretiminde koyun y\u00fcn\u00fcnden yararlan\u0131lm\u0131\u015ft\u0131r.<\/li>\n<li>Hal\u0131 ve kilim dokumac\u0131l\u0131\u011f\u0131nda koyun y\u00fcn\u00fc kullan\u0131lm\u0131\u015ft\u0131r.<\/li>\n<li>Hal\u0131 ve kilimler hem g\u00fcnl\u00fck ya\u015famda kullan\u0131lm\u0131\u015f hem de ticari de\u011fer ta\u015f\u0131m\u0131\u015ft\u0131r.<\/li>\n<\/ul>\n<\/section>\n<section class=\"tk-kart\" aria-labelledby=\"diger-ekonomik-faaliyetler\">\n<h2 id=\"diger-ekonomik-faaliyetler\">Di\u011fer Ekonomik Faaliyetler<\/h2>\n<ul class=\"tk-madde-listesi\">\n<li>Hayvanc\u0131l\u0131\u011f\u0131n yan\u0131nda dokumac\u0131l\u0131k g\u00f6r\u00fclm\u00fc\u015ft\u00fcr.<\/li>\n<li>Ke\u00e7ecilik ve dericilik \u00f6nemli faaliyetlerdendir.<\/li>\n<li>Demircilik ve ah\u015fap i\u015f\u00e7ili\u011fi yap\u0131lm\u0131\u015ft\u0131r.<\/li>\n<li>Avc\u0131l\u0131k, do\u011fadan bitki toplama ve ticaret de g\u00f6r\u00fclm\u00fc\u015ft\u00fcr.<\/li>\n<li>Bu faaliyetler konarg\u00f6\u00e7er ya\u015fam\u0131n ihtiya\u00e7lar\u0131yla ili\u015fkilidir.<\/li>\n<\/ul>\n<\/section>\n<section class=\"tk-kart\" aria-labelledby=\"ticaret\">\n<h2 id=\"ticaret\">Ticaret<\/h2>\n<div class=\"tk-tablo-kapsayici\" role=\"region\" aria-label=\"Ders notu tablosu 9\">\n<table class=\"tk-tablo\">\n<thead>\n<tr>\n<th scope=\"col\"><p><strong>D\u0131\u015far\u0131ya Sat\u0131lan \u00dcr\u00fcnler<\/strong><\/p><\/th>\n<th scope=\"col\"><p><strong>Kar\u015f\u0131l\u0131\u011f\u0131nda Al\u0131nan \u00dcr\u00fcnler<\/strong><\/p><\/th>\n<\/tr>\n<\/thead>\n<tbody>\n<tr>\n<td data-label=\"D\u0131\u015far\u0131ya Sat\u0131lan \u00dcr\u00fcnler\"><p>Canl\u0131 hayvan<\/p><\/td>\n<td data-label=\"Kar\u015f\u0131l\u0131\u011f\u0131nda Al\u0131nan \u00dcr\u00fcnler\"><p>Pirin\u00e7<\/p><\/td>\n<\/tr>\n<tr>\n<td data-label=\"D\u0131\u015far\u0131ya Sat\u0131lan \u00dcr\u00fcnler\"><p>Deri<\/p><\/td>\n<td data-label=\"Kar\u015f\u0131l\u0131\u011f\u0131nda Al\u0131nan \u00dcr\u00fcnler\"><p>Hububat \/ tah\u0131l<\/p><\/td>\n<\/tr>\n<tr>\n<td data-label=\"D\u0131\u015far\u0131ya Sat\u0131lan \u00dcr\u00fcnler\"><p>Hal\u0131<\/p><\/td>\n<td data-label=\"Kar\u015f\u0131l\u0131\u011f\u0131nda Al\u0131nan \u00dcr\u00fcnler\"><p>\u0130pek kuma\u015f<\/p><\/td>\n<\/tr>\n<tr>\n<td data-label=\"D\u0131\u015far\u0131ya Sat\u0131lan \u00dcr\u00fcnler\"><p>Kilim<\/p><\/td>\n<td data-label=\"Kar\u015f\u0131l\u0131\u011f\u0131nda Al\u0131nan \u00dcr\u00fcnler\"><p>Tar\u0131m \u00fcr\u00fcnleri<\/p><\/td>\n<\/tr>\n<tr>\n<td data-label=\"D\u0131\u015far\u0131ya Sat\u0131lan \u00dcr\u00fcnler\"><p>Demirden e\u015fyalar<\/p><\/td>\n<td data-label=\"Kar\u015f\u0131l\u0131\u011f\u0131nda Al\u0131nan \u00dcr\u00fcnler\"><p>Yerle\u015fik toplumlar\u0131n \u00fcretti\u011fi \u00e7e\u015fitli mallar<\/p><\/td>\n<\/tr>\n<\/tbody>\n<\/table>\n<\/div>\n<\/section>\n<section class=\"tk-kart\" aria-labelledby=\"beslenme-kulturu\">\n<h2 id=\"beslenme-kulturu\">Beslenme K\u00fclt\u00fcr\u00fc<\/h2>\n<ul class=\"tk-madde-listesi\">\n<li><strong>Konarg\u00f6\u00e7er<\/strong> T\u00fcrklerin beslenmesinde et \u00f6nemli yer tutmu\u015ftur.<\/li>\n<li>Et \u00fcr\u00fcnleri ve s\u00fct \u00fcr\u00fcnleri temel besinler aras\u0131ndad\u0131r.<\/li>\n<li>Tah\u0131llar ve bitkiler de beslenmede yer alm\u0131\u015ft\u0131r.<\/li>\n<li>T\u00fcrkler en \u00e7ok et t\u00fcketmi\u015ftir.<\/li>\n<li>Sevilen yemekler aras\u0131nda yahni ve tutma\u00e7 yer al\u0131r.<\/li>\n<li><strong>Konarg\u00f6\u00e7er<\/strong> ya\u015famda s\u00fctl\u00fc dar\u0131, peynir, yo\u011furt, ya\u011f ve et \u00fcr\u00fcnleri s\u0131k t\u00fcketilmi\u015ftir.<\/li>\n<li>En \u00f6nemli i\u00e7eceklerden biri k\u0131m\u0131zd\u0131r; k\u0131m\u0131z, k\u0131srak s\u00fct\u00fcnden elde edilen geleneksel bir i\u00e7ecektir.<\/li>\n<\/ul>\n<\/section>\n<section class=\"tk-kart\" aria-labelledby=\"beslenme-ve-yasam-tarzi\">\n<h2 id=\"beslenme-ve-yasam-tarzi\">Beslenme ve Ya\u015fam Tarz\u0131<\/h2>\n<ul class=\"tk-madde-listesi\">\n<li>Et ve s\u00fct a\u011f\u0131rl\u0131kl\u0131 beslenme konarg\u00f6\u00e7er ya\u015fam i\u00e7in uygundur.<\/li>\n<li>Bu besinler y\u00fcksek enerji sa\u011flar.<\/li>\n<li>Protein bak\u0131m\u0131ndan zengindir.<\/li>\n<li>Zorlu iklim ve g\u00f6\u00e7 \u015fartlar\u0131nda dayan\u0131kl\u0131l\u0131\u011f\u0131 art\u0131r\u0131r.<\/li>\n<li>Bu beslenme bi\u00e7imi tah\u0131l ve bitkilerle desteklenmi\u015ftir.<\/li>\n<\/ul>\n<\/section>\n<section class=\"tk-kart\" aria-labelledby=\"giyim-kulturu\">\n<h2 id=\"giyim-kulturu\">Giyim K\u00fclt\u00fcr\u00fc<\/h2>\n<ul class=\"tk-madde-listesi\">\n<li>T\u00fcrkler elbiseye ton \/ don demi\u015ftir.<\/li>\n<li>Giysilerin yap\u0131m\u0131nda kuzu, koyun, s\u0131\u011f\u0131r ve tilki derisi kullan\u0131lm\u0131\u015ft\u0131r.<\/li>\n<li><strong>Koyun<\/strong> y\u00fcn\u00fc, ke\u00e7i y\u00fcn\u00fc ve deve y\u00fcn\u00fc kullan\u0131lm\u0131\u015ft\u0131r.<\/li>\n<li>Keten ve kendir de kullan\u0131lan malzemelerdendir.<\/li>\n<li>Ke\u00e7e, konarg\u00f6\u00e7er giyim k\u00fclt\u00fcr\u00fcnde yer alan \u00f6nemli malzemelerdendir.<\/li>\n<li><strong>Konarg\u00f6\u00e7er<\/strong> T\u00fcrklerde pantolon yayg\u0131n giysiler aras\u0131ndad\u0131r.<\/li>\n<li>Ceket, deri \u00e7izme ve \u00e7ar\u0131k kullan\u0131lm\u0131\u015ft\u0131r.<\/li>\n<li>B\u00f6rk ad\u0131 verilen ba\u015fl\u0131k giyim k\u00fclt\u00fcr\u00fcnde yer alm\u0131\u015ft\u0131r.<\/li>\n<li>Giysiler so\u011fu\u011fa dayan\u0131kl\u0131d\u0131r.<\/li>\n<li>Hareket etmeyi kolayla\u015ft\u0131r\u0131r.<\/li>\n<li><strong>At<\/strong>a binmeye uygundur.<\/li>\n<li>Do\u011fal malzemelerden \u00fcretildi\u011fi i\u00e7in konarg\u00f6\u00e7er ya\u015fama elveri\u015flidir.<\/li>\n<li>Kendir, y\u00fcn ve ke\u00e7e gibi malzemeler dayan\u0131kl\u0131 olduklar\u0131 i\u00e7in tercih edilmi\u015ftir.<\/li>\n<li>Bu malzemeler s\u0131cak tutar.<\/li>\n<li>Kolay \u00fcretilebilirler.<\/li>\n<li>Hayvanc\u0131l\u0131kla do\u011frudan ili\u015fkilidirler.<\/li>\n<li>Zorlu iklim ko\u015fullar\u0131na uygundurlar.<\/li>\n<li>Romal\u0131lar, keten g\u00f6mle\u011fi ilk defa Avrupa Hunlar\u0131nda g\u00f6rm\u00fc\u015ft\u00fcr.<\/li>\n<li>Bu bilgi, T\u00fcrklerin giyim k\u00fclt\u00fcr\u00fcn\u00fcn ba\u015fka toplumlar\u0131 da etkiledi\u011fini g\u00f6sterir.<\/li>\n<\/ul>\n<aside class=\"tk-bilgi-kutusu tk-osym\" role=\"note\" data-tk-table-cell=\"1\">\n<p><strong>\u00d6SYM D\u0130KKAT<\/strong><br> Romal\u0131lar, keten g\u00f6mle\u011fi ilk defa Avrupa Hunlar\u0131nda g\u00f6rm\u00fc\u015ft\u00fcr.<\/p>\n<\/aside>\n<\/section>\n<section class=\"tk-kart\" aria-labelledby=\"askerlik-ve-ordu-yapisi\">\n<h2 id=\"askerlik-ve-ordu-yapisi\">Askerlik ve Ordu Yap\u0131s\u0131<\/h2>\n<ul class=\"tk-madde-listesi\">\n<li>Eski T\u00fcrklerde <strong>ordu-millet<\/strong> anlay\u0131\u015f\u0131 vard\u0131r.<\/li>\n<li>Eli silah tutan herkes asker say\u0131lm\u0131\u015ft\u0131r.<\/li>\n<li>\u00dccretli askerlik yayg\u0131n de\u011fildir.<\/li>\n<li>Askerlik belli bir s\u0131n\u0131fa ait meslek de\u011fildir.<\/li>\n<li>Askerlik toplumun ortak sorumlulu\u011fudur.<\/li>\n<\/ul>\n<\/section>\n<section class=\"tk-kart\" aria-labelledby=\"konargocer-yasamin-askeri-etkileri\">\n<h2 id=\"konargocer-yasamin-askeri-etkileri\">Konarg\u00f6\u00e7er Ya\u015fam\u0131n Asker\u00ee Etkileri<\/h2>\n<div class=\"tk-tablo-kapsayici\" role=\"region\" aria-label=\"Ders notu tablosu 11\">\n<table class=\"tk-tablo\">\n<thead>\n<tr>\n<th scope=\"col\"><p><strong>Konarg\u00f6\u00e7er Ya\u015fam Unsuru<\/strong><\/p><\/th>\n<th scope=\"col\"><p><strong>Asker\u00ee Sonu\u00e7<\/strong><\/p><\/th>\n<\/tr>\n<\/thead>\n<tbody>\n<tr>\n<td data-label=\"Konarg\u00f6\u00e7er Ya\u015fam Unsuru\"><p>Atl\u0131 ya\u015fam<\/p><\/td>\n<td data-label=\"Asker\u00ee Sonu\u00e7\"><p>S\u00fcvari g\u00fcc\u00fc geli\u015fmi\u015ftir.<\/p><\/td>\n<\/tr>\n<tr>\n<td data-label=\"Konarg\u00f6\u00e7er Ya\u015fam Unsuru\"><p>S\u00fcrekli hareket<\/p><\/td>\n<td data-label=\"Asker\u00ee Sonu\u00e7\"><p>H\u0131zl\u0131 manevra kabiliyeti artm\u0131\u015ft\u0131r.<\/p><\/td>\n<\/tr>\n<tr>\n<td data-label=\"Konarg\u00f6\u00e7er Ya\u015fam Unsuru\"><p>Zorlu do\u011fa \u015fartlar\u0131<\/p><\/td>\n<td data-label=\"Asker\u00ee Sonu\u00e7\"><p>Dayan\u0131kl\u0131l\u0131k geli\u015fmi\u015ftir.<\/p><\/td>\n<\/tr>\n<tr>\n<td data-label=\"Konarg\u00f6\u00e7er Ya\u015fam Unsuru\"><p>Boy te\u015fkilat\u0131<\/p><\/td>\n<td data-label=\"Asker\u00ee Sonu\u00e7\"><p>Toplu hareket etme becerisi kazan\u0131lm\u0131\u015ft\u0131r.<\/p><\/td>\n<\/tr>\n<tr>\n<td data-label=\"Konarg\u00f6\u00e7er Ya\u015fam Unsuru\"><p>Avc\u0131l\u0131k ve sporlar<\/p><\/td>\n<td data-label=\"Asker\u00ee Sonu\u00e7\"><p>Sava\u015f e\u011fitimi niteli\u011fi ta\u015f\u0131m\u0131\u015ft\u0131r.<\/p><\/td>\n<\/tr>\n<tr>\n<td data-label=\"Konarg\u00f6\u00e7er Ya\u015fam Unsuru\"><p>Demir i\u015fleme<\/p><\/td>\n<td data-label=\"Asker\u00ee Sonu\u00e7\"><p>Silah yap\u0131m\u0131 ve asker\u00ee teknoloji geli\u015fmi\u015ftir.<\/p><\/td>\n<\/tr>\n<\/tbody>\n<\/table>\n<\/div>\n<\/section>\n<section class=\"tk-kart\" aria-labelledby=\"savascilik-egitimi-ve-sporlar\">\n<h2 id=\"savascilik-egitimi-ve-sporlar\">Sava\u015f\u00e7\u0131l\u0131k E\u011fitimi ve Sporlar<\/h2>\n<ul class=\"tk-madde-listesi\">\n<li>T\u00fcrklerde sava\u015f\u00e7\u0131l\u0131k e\u011fitimi ailede ba\u015flar.<\/li>\n<li>\u00c7ocuklar k\u00fc\u00e7\u00fck ya\u015flardan itibaren ata binmeyi \u00f6\u011frenirdi.<\/li>\n<li>Ok atmay\u0131, avlanmay\u0131 ve dayan\u0131kl\u0131 olmay\u0131 \u00f6\u011frenirlerdi.<\/li>\n<li>T\u00fcrklerin u\u011fra\u015ft\u0131\u011f\u0131 sporlar hem e\u011flence hem de sava\u015fa haz\u0131rl\u0131k niteli\u011fi ta\u015f\u0131r.<\/li>\n<li>Ba\u015fl\u0131ca sporlar ok\u00e7uluk, binicilik, cirit, g\u00fclle atma ve labut atmad\u0131r.<\/li>\n<li>G\u00fcre\u015f, g\u00f6kb\u00f6r\u00fc ve \u00e7evg\u00e2n \/ \u00e7evgen oyunu da ba\u015fl\u0131ca sporlardand\u0131r.<\/li>\n<\/ul>\n<\/section>\n<section class=\"tk-kart\" aria-labelledby=\"hukuk-tore\">\n<h2 id=\"hukuk-tore\">Hukuk: T\u00f6re<\/h2>\n<ul class=\"tk-madde-listesi\">\n<li>Eski T\u00fcrklerde hukuk kurallar\u0131na t\u00f6re denir.<\/li>\n<li><strong>T\u00f6re<\/strong>, yaz\u0131l\u0131 olmayan s\u00f6zl\u00fc hukuk kurallar\u0131d\u0131r.<\/li>\n<li><strong>T\u00f6re<\/strong> toplum d\u00fczenini belirleyen temel kurallar b\u00fct\u00fcn\u00fcd\u00fcr.<\/li>\n<li>Adaleti ve devlet y\u00f6netimini belirleyen temel unsurlardand\u0131r.<\/li>\n<\/ul>\n<\/section>\n<section class=\"tk-kart\" aria-labelledby=\"konargocer-yasamin-hukuka-etkisi\">\n<h2 id=\"konargocer-yasamin-hukuka-etkisi\">Konarg\u00f6\u00e7er Ya\u015fam\u0131n Hukuka Etkisi<\/h2>\n<ul class=\"tk-madde-listesi\">\n<li><strong>Konarg\u00f6\u00e7er<\/strong> ya\u015famda sabit mahkeme binalar\u0131 ve hapishaneler geli\u015fmemi\u015ftir.<\/li>\n<li>Bunun nedeni s\u00fcrekli hareket h\u00e2linde olunmas\u0131d\u0131r.<\/li>\n<li>Sabit yap\u0131lar\u0131n g\u00f6\u00e7ebe ya\u015fama uygun olmamas\u0131 ve cezalar\u0131n h\u0131zl\u0131 uygulanmas\u0131 gereklili\u011fi etkili olmu\u015ftur.<\/li>\n<li>Bu nedenle uzun s\u00fcreli hapis cezalar\u0131 yayg\u0131n de\u011fildir.<\/li>\n<li>Uyu\u015fmazl\u0131klar \u00e7o\u011fu zaman beyler, ya\u015fl\u0131lar ve sayg\u0131n ki\u015filer arac\u0131l\u0131\u011f\u0131yla \u00e7\u00f6z\u00fclm\u00fc\u015ft\u00fcr.<\/li>\n<li>Adam \u00f6ld\u00fcrme, ordudan ka\u00e7ma ve vatana ihanet idam cezas\u0131 verilen su\u00e7lar aras\u0131ndad\u0131r.<\/li>\n<li>Uzun s\u00fcreli hapis cezalar\u0131n\u0131n olmamas\u0131 hukuk sisteminin zay\u0131f oldu\u011funu de\u011fil, ya\u015fam tarz\u0131na uygun cezalar\u0131n tercih edildi\u011fini g\u00f6sterir.<\/li>\n<\/ul>\n<\/section>\n<section class=\"tk-kart\" aria-labelledby=\"sanat-ve-kultur\">\n<h2 id=\"sanat-ve-kultur\">Sanat ve K\u00fclt\u00fcr<\/h2>\n<ul class=\"tk-madde-listesi\">\n<li><strong>Konarg\u00f6\u00e7er<\/strong> ya\u015fam nedeniyle kal\u0131c\u0131 mimari fazla geli\u015fmemi\u015ftir.<\/li>\n<li>Bunun yerine ta\u015f\u0131nabilir sanat eserleri \u00f6ne \u00e7\u0131km\u0131\u015ft\u0131r.<\/li>\n<li>Sanat eserleri genellikle hal\u0131 ve kilim gibi ta\u015f\u0131nabilir malzemelerden yap\u0131lm\u0131\u015ft\u0131r.<\/li>\n<li>Ke\u00e7e, deri e\u015fya, maden\u00ee e\u015fya ve ah\u015fap e\u015fya da sanat eserleri aras\u0131nda yer alm\u0131\u015ft\u0131r.<\/li>\n<\/ul>\n<\/section>\n<section class=\"tk-kart\" aria-labelledby=\"hayvan-uslubu-ve-balbal\">\n<h2 id=\"hayvan-uslubu-ve-balbal\">Hayvan \u00dcslubu ve Balbal<\/h2>\n<ul class=\"tk-madde-listesi\">\n<li>T\u00fcrk sanat\u0131nda hayvan fig\u00fcrlerinin i\u015flendi\u011fi tarza hayvan \u00fcslubu denir.<\/li>\n<li>Bu \u00fcslupta at, geyik, kurt, kartal ve y\u0131rt\u0131c\u0131 hayvan fig\u00fcrleri kullan\u0131lm\u0131\u015ft\u0131r.<\/li>\n<li><strong>Hayvan \u00fcslubu<\/strong>, bozk\u0131r ya\u015fam\u0131 ve hayvanc\u0131l\u0131kla do\u011frudan ili\u015fkilidir.<\/li>\n<li>Eski T\u00fcrklerde mezar ta\u015flar\u0131na balbal denir.<\/li>\n<li><strong>Balbal<\/strong>lar, \u00f6len ki\u015finin ard\u0131ndan dikilen ta\u015flard\u0131r.<\/li>\n<li><strong>Balbal<\/strong>, \u00f6l\u00fcm, ahiret ve kahramanl\u0131k anlay\u0131\u015flar\u0131yla ili\u015fkilidir.<\/li>\n<\/ul>\n<\/section>\n<section class=\"tk-kart\" aria-labelledby=\"mimari-neden-sinirli-gelisti\">\n<h2 id=\"mimari-neden-sinirli-gelisti\">Mimari Neden S\u0131n\u0131rl\u0131 Geli\u015fti?<\/h2>\n<div class=\"tk-tablo-kapsayici\" role=\"region\" aria-label=\"Ders notu tablosu 12\">\n<table class=\"tk-tablo\">\n<thead>\n<tr>\n<th scope=\"col\"><p><strong>Neden<\/strong><\/p><\/th>\n<th scope=\"col\"><p><strong>Sonu\u00e7<\/strong><\/p><\/th>\n<\/tr>\n<\/thead>\n<tbody>\n<tr>\n<td data-label=\"Neden\"><p>Konarg\u00f6\u00e7er ya\u015fam<\/p><\/td>\n<td data-label=\"Sonu\u00e7\"><p>Kal\u0131c\u0131 yap\u0131lar azd\u0131r.<\/p><\/td>\n<\/tr>\n<tr>\n<td data-label=\"Neden\"><p>\u00c7ad\u0131r kullan\u0131m\u0131<\/p><\/td>\n<td data-label=\"Sonu\u00e7\"><p>Ta\u015f\u0131nabilir bar\u0131naklar tercih edilmi\u015ftir.<\/p><\/td>\n<\/tr>\n<tr>\n<td data-label=\"Neden\"><p>S\u00fcrekli hareket<\/p><\/td>\n<td data-label=\"Sonu\u00e7\"><p>B\u00fcy\u00fck \u015fehir mimarisi s\u0131n\u0131rl\u0131 kalm\u0131\u015ft\u0131r.<\/p><\/td>\n<\/tr>\n<tr>\n<td data-label=\"Neden\"><p>Hayvanc\u0131l\u0131k ekonomisi<\/p><\/td>\n<td data-label=\"Sonu\u00e7\"><p>Sanat ta\u015f\u0131nabilir e\u015fyalarda yo\u011funla\u015fm\u0131\u015ft\u0131r.<\/p><\/td>\n<\/tr>\n<\/tbody>\n<\/table>\n<\/div>\n<\/section>\n<section class=\"tk-kart\" aria-labelledby=\"toplumsal-dayanisma\">\n<h2 id=\"toplumsal-dayanisma\">Toplumsal Dayan\u0131\u015fma<\/h2>\n<ul class=\"tk-madde-listesi\">\n<li><strong>Konarg\u00f6\u00e7er<\/strong> ya\u015famda birlik, beraberlik ve yard\u0131mseverlik \u00e7ok \u00f6nemlidir.<\/li>\n<li><strong>G\u00f6\u00e7<\/strong>, ortak hareket etmeyi gerektirir.<\/li>\n<li>Hayvan bak\u0131m\u0131 ortak hareket etmeyi gerektiren i\u015flerdendir.<\/li>\n<li>G\u00fcvenlik ve bar\u0131nma da dayan\u0131\u015fmay\u0131 zorunlu k\u0131lar.<\/li>\n<li><strong>Oba<\/strong> ya\u015fam\u0131, bireylerin birbirine destek olmas\u0131n\u0131 zorunlu k\u0131lar.<\/li>\n<\/ul>\n<\/section>\n<section class=\"tk-kart\" aria-labelledby=\"yaylak-ve-kislak-hayati\">\n<h2 id=\"yaylak-ve-kislak-hayati\">Yaylak ve K\u0131\u015flak Hayat\u0131<\/h2>\n<div class=\"tk-tablo-kapsayici\" role=\"region\" aria-label=\"Ders notu tablosu 13\">\n<table class=\"tk-tablo\">\n<thead>\n<tr>\n<th scope=\"col\"><p><strong>Yaylaklara Gitme Nedenleri<\/strong><\/p><\/th>\n<th scope=\"col\"><p><strong>K\u0131\u015flaklar\u0131n \u00d6zellikleri<\/strong><\/p><\/th>\n<\/tr>\n<\/thead>\n<tbody>\n<tr>\n<td data-label=\"Yaylaklara Gitme Nedenleri\"><p>Yaz\u0131n serin alanlarda ya\u015famak.<\/p><\/td>\n<td data-label=\"K\u0131\u015flaklar\u0131n \u00d6zellikleri\"><p>Daha al\u00e7ak b\u00f6lgelerde bulunur.<\/p><\/td>\n<\/tr>\n<tr>\n<td data-label=\"Yaylaklara Gitme Nedenleri\"><p>Hayvanlar\u0131 taze ve bol otlaklara ula\u015ft\u0131rmak.<\/p><\/td>\n<td data-label=\"K\u0131\u015flaklar\u0131n \u00d6zellikleri\"><p>Daha \u0131l\u0131man iklimli alanlarda yer al\u0131r.<\/p><\/td>\n<\/tr>\n<tr>\n<td data-label=\"Yaylaklara Gitme Nedenleri\"><p>Su kaynaklar\u0131ndan yararlanmak ve s\u0131caktan korunmak.<\/p><\/td>\n<td data-label=\"K\u0131\u015flaklar\u0131n \u00d6zellikleri\"><p>Korunakl\u0131 yerlerde bulunur.<\/p><\/td>\n<\/tr>\n<tr>\n<td data-label=\"Yaylaklara Gitme Nedenleri\"><p>Hayvan hastal\u0131klar\u0131n\u0131 azaltmak ve daha sa\u011fl\u0131kl\u0131 ya\u015fam alan\u0131 bulmak.<\/p><\/td>\n<td data-label=\"K\u0131\u015flaklar\u0131n \u00d6zellikleri\"><p>Su kaynaklar\u0131na yak\u0131n b\u00f6lgeler tercih edilir.<\/p><\/td>\n<\/tr>\n<tr>\n<td data-label=\"Yaylaklara Gitme Nedenleri\"><p>\u0130nsanlar ve hayvanlar yaz aylar\u0131nda yaylaklara \u00e7\u0131kar.<\/p><\/td>\n<td data-label=\"K\u0131\u015flaklar\u0131n \u00d6zellikleri\"><p>K\u0131\u015f aylar\u0131nda hayvanlar\u0131n ve insanlar\u0131n so\u011fuktan korunmas\u0131 i\u00e7in tercih edilir.<\/p><\/td>\n<\/tr>\n<\/tbody>\n<\/table>\n<\/div>\n<\/section>\n<section class=\"tk-kart\" aria-labelledby=\"genis-cografyalara-yayilma-sebepleri\">\n<h2 id=\"genis-cografyalara-yayilma-sebepleri\">Geni\u015f Co\u011frafyalara Yay\u0131lma Sebepleri<\/h2>\n<div class=\"tk-tablo-kapsayici\" role=\"region\" aria-label=\"Ders notu tablosu 14\">\n<table class=\"tk-tablo\">\n<thead>\n<tr>\n<th scope=\"col\"><p><strong>Sebep Grubu<\/strong><\/p><\/th>\n<th scope=\"col\"><p><strong>A\u00e7\u0131klama<\/strong><\/p><\/th>\n<\/tr>\n<\/thead>\n<tbody>\n<tr>\n<td data-label=\"Sebep Grubu\"><p>Co\u011frafi ko\u015fullar<\/p><\/td>\n<td data-label=\"A\u00e7\u0131klama\"><p>Bozk\u0131rlar\u0131n geni\u015fli\u011fi ve at yeti\u015ftiricili\u011fine uygun ortam, hareket kabiliyetini art\u0131rm\u0131\u015ft\u0131r.<\/p><\/td>\n<\/tr>\n<tr>\n<td data-label=\"Sebep Grubu\"><p>Hayvanc\u0131l\u0131k<\/p><\/td>\n<td data-label=\"A\u00e7\u0131klama\"><p>Otlak ve su aray\u0131\u015f\u0131 farkl\u0131 b\u00f6lgelere y\u00f6nelmeyi gerekli k\u0131lm\u0131\u015ft\u0131r.<\/p><\/td>\n<\/tr>\n<tr>\n<td data-label=\"Sebep Grubu\"><p>Mevsimsel g\u00f6\u00e7ler<\/p><\/td>\n<td data-label=\"A\u00e7\u0131klama\"><p>Yaylak-k\u0131\u015flak hareketi s\u0131ras\u0131nda yeni alanlar tan\u0131nm\u0131\u015f ve yay\u0131lma kolayla\u015fm\u0131\u015ft\u0131r.<\/p><\/td>\n<\/tr>\n<tr>\n<td data-label=\"Sebep Grubu\"><p>Atl\u0131 sava\u015f teknikleri<\/p><\/td>\n<td data-label=\"A\u00e7\u0131klama\"><p>T\u00fcrklerin h\u0131zl\u0131 hareket etmesini ve uzak b\u00f6lgelere ula\u015fmas\u0131n\u0131 sa\u011flam\u0131\u015ft\u0131r.<\/p><\/td>\n<\/tr>\n<tr>\n<td data-label=\"Sebep Grubu\"><p>Boy sistemi<\/p><\/td>\n<td data-label=\"A\u00e7\u0131klama\"><p>B\u00fcy\u00fck topluluklar\u0131n dayan\u0131\u015fma i\u00e7inde hareket etmesine imk\u00e2n vermi\u015ftir.<\/p><\/td>\n<\/tr>\n<tr>\n<td data-label=\"Sebep Grubu\"><p>Siyasi m\u00fccadeleler<\/p><\/td>\n<td data-label=\"A\u00e7\u0131klama\"><p>Sava\u015flar, fetihler ve d\u0131\u015f bask\u0131lar g\u00f6\u00e7leri h\u0131zland\u0131rm\u0131\u015ft\u0131r.<\/p><\/td>\n<\/tr>\n<tr>\n<td data-label=\"Sebep Grubu\"><p>Kabile birlikleri ve konfederasyonlar<\/p><\/td>\n<td data-label=\"A\u00e7\u0131klama\"><p>T\u00fcrk boylar\u0131n\u0131n birle\u015fmesi daha geni\u015f alanlar\u0131n kontrol\u00fcn\u00fc kolayla\u015ft\u0131rm\u0131\u015ft\u0131r.<\/p><\/td>\n<\/tr>\n<tr>\n<td data-label=\"Sebep Grubu\"><p>Kom\u015fu b\u00f6lgelerdeki siyasi istikrars\u0131zl\u0131k<\/p><\/td>\n<td data-label=\"A\u00e7\u0131klama\"><p>Yeni yerle\u015fim ve h\u00e2kimiyet alanlar\u0131 do\u011furmu\u015ftur.<\/p><\/td>\n<\/tr>\n<tr>\n<td data-label=\"Sebep Grubu\"><p>Ticaret yollar\u0131<\/p><\/td>\n<td data-label=\"A\u00e7\u0131klama\"><p>\u0130pek Yolu gibi g\u00fczerg\u00e2hlar ekonomik etkile\u015fimi ve yay\u0131lmay\u0131 art\u0131rm\u0131\u015ft\u0131r.<\/p><\/td>\n<\/tr>\n<tr>\n<td data-label=\"Sebep Grubu\"><p>Do\u011fal kaynaklar<\/p><\/td>\n<td data-label=\"A\u00e7\u0131klama\"><p>Yeni kaynak aray\u0131\u015f\u0131 g\u00f6\u00e7 hareketlerine etki etmi\u015ftir.<\/p><\/td>\n<\/tr>\n<tr>\n<td data-label=\"Sebep Grubu\"><p>K\u00fclt\u00fcrel esneklik<\/p><\/td>\n<td data-label=\"A\u00e7\u0131klama\"><p>T\u00fcrkler farkl\u0131 co\u011frafyalara uyum sa\u011flayabilmi\u015ftir.<\/p><\/td>\n<\/tr>\n<\/tbody>\n<\/table>\n<\/div>\n<\/section>\n<section class=\"tk-kart\" aria-labelledby=\"konargocer-yasamin-temel-ozellikleri\">\n<h2 id=\"konargocer-yasamin-temel-ozellikleri\">Konarg\u00f6\u00e7er Ya\u015fam\u0131n Temel \u00d6zellikleri<\/h2>\n<div class=\"tk-tablo-kapsayici\" role=\"region\" aria-label=\"Ders notu tablosu 15\">\n<table class=\"tk-tablo\">\n<thead>\n<tr>\n<th scope=\"col\"><p><strong>\u00d6zellik<\/strong><\/p><\/th>\n<th scope=\"col\"><p><strong>A\u00e7\u0131klama<\/strong><\/p><\/th>\n<\/tr>\n<\/thead>\n<tbody>\n<tr>\n<td data-label=\"\u00d6zellik\"><p>Hareketlilik<\/p><\/td>\n<td data-label=\"A\u00e7\u0131klama\"><p>Konarg\u00f6\u00e7erler ihtiya\u00e7 duyduklar\u0131nda yer de\u011fi\u015ftirebilir.<\/p><\/td>\n<\/tr>\n<tr>\n<td data-label=\"\u00d6zellik\"><p>Esneklik<\/p><\/td>\n<td data-label=\"A\u00e7\u0131klama\"><p>Co\u011frafi ve siyasi \u015fartlara uyum sa\u011flayabilirler.<\/p><\/td>\n<\/tr>\n<tr>\n<td data-label=\"\u00d6zellik\"><p>Ba\u011f\u0131ms\u0131zl\u0131k<\/p><\/td>\n<td data-label=\"A\u00e7\u0131klama\"><p>Sabit topra\u011fa ba\u011fl\u0131 olmad\u0131klar\u0131 i\u00e7in \u00f6zg\u00fcr hareket etme imk\u00e2nlar\u0131 vard\u0131r.<\/p><\/td>\n<\/tr>\n<tr>\n<td data-label=\"\u00d6zellik\"><p>Asker\u00ee \u00fcst\u00fcnl\u00fck<\/p><\/td>\n<td data-label=\"A\u00e7\u0131klama\"><p>H\u0131zl\u0131 hareket, ani bask\u0131n ve atl\u0131 sava\u015f teknikleri avantaj sa\u011flar.<\/p><\/td>\n<\/tr>\n<tr>\n<td data-label=\"\u00d6zellik\"><p>Hayvanc\u0131l\u0131\u011fa dayal\u0131 ekonomi<\/p><\/td>\n<td data-label=\"A\u00e7\u0131klama\"><p>Beslenme, giyim, bar\u0131nma ve ticaret hayvansal \u00fcr\u00fcnlere dayan\u0131r.<\/p><\/td>\n<\/tr>\n<tr>\n<td data-label=\"\u00d6zellik\"><p>K\u00fclt\u00fcrel uyum<\/p><\/td>\n<td data-label=\"A\u00e7\u0131klama\"><p>Farkl\u0131 co\u011frafyalara uyum sa\u011flama becerisi geli\u015fmi\u015ftir.<\/p><\/td>\n<\/tr>\n<tr>\n<td data-label=\"\u00d6zellik\"><p>Topluluk dayan\u0131\u015fmas\u0131<\/p><\/td>\n<td data-label=\"A\u00e7\u0131klama\"><p>Oba, boy ve budun yap\u0131lar\u0131 birlik duygusunu g\u00fc\u00e7lendirmi\u015ftir.<\/p><\/td>\n<\/tr>\n<\/tbody>\n<\/table>\n<\/div>\n<\/section>\n<section class=\"tk-kart\" aria-labelledby=\"anadoluya-goc-ve-yerlesme\">\n<h2 id=\"anadoluya-goc-ve-yerlesme\">Anadolu\u2019ya G\u00f6\u00e7 ve Yerle\u015fme<\/h2>\n<ul class=\"tk-madde-listesi\">\n<li>B\u00fcy\u00fck Sel\u00e7uklu Devleti\u2019nin siyaseti sonucunda T\u00fcrkler Anadolu\u2019ya g\u00f6\u00e7 etmi\u015ftir.<\/li>\n<li>Anadolu\u2019ya gelen konarg\u00f6\u00e7er T\u00fcrklerin bir k\u0131sm\u0131 zamanla yerle\u015fik ya\u015fama ge\u00e7irilmi\u015ftir.<\/li>\n<li>T\u00fcrk topluluklar\u0131 yerle\u015ftirildikleri co\u011frafyaya g\u00f6re farkl\u0131 adlarla an\u0131lm\u0131\u015ft\u0131r.<\/li>\n<li>Genel anlamda g\u00f6\u00e7er T\u00fcrk kabileleri <strong>T\u00fcrkmen<\/strong> ve <strong>Y\u00f6r\u00fck<\/strong> adlar\u0131yla bilinmi\u015ftir.<\/li>\n<\/ul>\n<\/section>\n<section class=\"tk-kart\" aria-labelledby=\"yoruk-kimligi-ve-sarikecili-yorukleri\">\n<h2 id=\"yoruk-kimligi-ve-sarikecili-yorukleri\">Y\u00f6r\u00fck Kimli\u011fi ve Sar\u0131ke\u00e7ili Y\u00f6r\u00fckleri<\/h2>\n<ul class=\"tk-madde-listesi\">\n<li>XI. y\u00fczy\u0131ldan itibaren Anadolu\u2019ya gelen konarg\u00f6\u00e7er T\u00fcrkler i\u00e7in <strong>T\u00fcrkmen<\/strong> ve <strong>Y\u00f6r\u00fck<\/strong> adlar\u0131 kullan\u0131lm\u0131\u015ft\u0131r.<\/li>\n<li>G\u00fcn\u00fcm\u00fczde Anadolu\u2019da konarg\u00f6\u00e7er ya\u015fam\u0131 benimseyen T\u00fcrkler genellikle <strong>Y\u00f6r\u00fck<\/strong> ad\u0131yla bilinir.<\/li>\n<li><strong>Y\u00f6r\u00fck<\/strong> kimli\u011fi, T\u00fcrklerin Anadolu\u2019daki konarg\u00f6\u00e7er k\u00fclt\u00fcrel miras\u0131n\u0131n devam\u0131d\u0131r.<\/li>\n<li>G\u00fcn\u00fcm\u00fczde konarg\u00f6\u00e7er ya\u015fam k\u00fclt\u00fcr\u00fcn\u00fc devam ettiren en \u00f6nemli topluluklardan biri <strong>Sar\u0131ke\u00e7ili Y\u00f6r\u00fckleri<\/strong>dir.<\/li>\n<li><strong>Sar\u0131ke\u00e7ili Y\u00f6r\u00fckleri<\/strong> \u00f6zellikle Akdeniz B\u00f6lgesi\u2019nde, Orta Toroslar \u00e7evresindeki yaylalarda ya\u015fam tarzlar\u0131n\u0131 s\u00fcrd\u00fcrmeye \u00e7al\u0131\u015fmaktad\u0131r.<\/li>\n<li>\u00c7ad\u0131r, hayvanc\u0131l\u0131k, g\u00f6\u00e7, el sanatlar\u0131 ve yaylak-k\u0131\u015flak k\u00fclt\u00fcr\u00fc bu ya\u015fam\u0131n temel par\u00e7alar\u0131d\u0131r.<\/li>\n<\/ul>\n<\/section>\n<\/div>\n<button class=\"tk-basa-don\" type=\"button\" aria-label=\"Ders notunun ba\u015f\u0131na d\u00f6n\">Ba\u015fa d\u00f6n<\/button>\n<\/article>\n<script>\n(function () {\n  \"use strict\";\n  var notes = document.querySelectorAll('.tk-ders-notu:not([data-tk-ready=\"true\"])');\n  notes.forEach(function (note) {\n    note.setAttribute('data-tk-ready', 'true');\n    var toc = note.querySelector('.tk-icindekiler');\n    var printButton = note.querySelector('.tk-yazdir');\n    var tocButton = note.querySelector('.tk-icindekilere-git');\n    var backButton = note.querySelector('.tk-basa-don');\n    var bar = note.querySelector('.tk-okuma-ilerleme-cubugu');\n    var links = Array.prototype.slice.call(note.querySelectorAll('.tk-icindekiler a[href^=\"#\"]'));\n    var headings = links.map(function (link) {\n      var id = link.getAttribute('href').slice(1);\n      return note.querySelector('#' + (window.CSS && CSS.escape ? CSS.escape(id) : id));\n    }).filter(Boolean);\n\n    if (printButton) {\n      printButton.addEventListener('click', function () { window.print(); });\n    }\n    if (tocButton && toc) {\n      tocButton.addEventListener('click', function () {\n        toc.scrollIntoView({ behavior: 'smooth', block: 'start' });\n      });\n    }\n    links.forEach(function (link) {\n      link.addEventListener('click', function (event) {\n        var id = link.getAttribute('href').slice(1);\n        var target = note.querySelector('#' + (window.CSS && CSS.escape ? CSS.escape(id) : id));\n        if (target) {\n          event.preventDefault();\n          target.scrollIntoView({ behavior: 'smooth', block: 'start' });\n          if (history.replaceState) { history.replaceState(null, '', '#' + id); }\n        }\n      });\n    });\n    if (backButton) {\n      backButton.addEventListener('click', function () {\n        note.scrollIntoView({ behavior: 'smooth', block: 'start' });\n      });\n    }\n\n    var update = function () {\n      var rect = note.getBoundingClientRect();\n      var total = Math.max(1, note.scrollHeight - window.innerHeight);\n      var passed = Math.min(total, Math.max(0, -rect.top));\n      if (bar) { bar.style.width = Math.round((passed \/ total) * 100) + '%'; }\n      if (backButton) { backButton.classList.toggle('tk-gorunur', rect.top < -420); }\n\n      var current = null;\n      headings.forEach(function (heading) {\n        if (heading.getBoundingClientRect().top <= Math.max(120, window.innerHeight * 0.28)) { current = heading.id; }\n      });\n      links.forEach(function (link) {\n        var active = current &#038;&#038; link.getAttribute('href') === '#' + current;\n        link.classList.toggle('tk-etkin', Boolean(active));\n        if (active) { link.setAttribute('aria-current', 'location'); }\n        else { link.removeAttribute('aria-current'); }\n      });\n    };\n    var ticking = false;\n    var requestUpdate = function () {\n      if (!ticking) {\n        ticking = true;\n        window.requestAnimationFrame(function () { update(); ticking = false; });\n      }\n    };\n    window.addEventListener('scroll', requestUpdate, { passive: true });\n    window.addEventListener('resize', requestUpdate);\n    update();\n  });\n}());\n<\/script>\n\n","protected":false},"excerpt":{"rendered":"<div class=\"mh-excerpt\"><p>SINIF: 9.S\u0131n\u0131f Tarih \u00dcN\u0130TE: 2. \u00dcnite Eski \u00c7a\u011f Medeniyetleri \u00d6\u011eRENME \u00c7IKTISI: T\u00fcrklerde Konarg\u00f6\u00e7er Ya\u015fam konu anlat\u0131m ders notu T\u00dcRKLERDE KONARG\u00d6\u00c7ER YA\u015eAM 9. s\u0131n\u0131f tarih dersinde <a class=\"mh-excerpt-more\" href=\"https:\/\/tarihkursu.com\/index.php\/2026\/08\/02\/turklerde-konargocer-yasam-9-sinif-maarif-model-tarih-ders-notu\/\" title=\"T\u00fcrklerde Konarg\u00f6\u00e7er Ya\u015fam | 9. S\u0131n\u0131f Maarif Model Tarih Ders Notu\">[&#8230;]<\/a><\/p>\n<\/div>","protected":false},"author":2,"featured_media":1342,"comment_status":"open","ping_status":"open","sticky":false,"template":"","format":"standard","meta":{"_regular_price":[],"currency_symbol":[],"footnotes":""},"categories":[162],"tags":[87],"class_list":["post-3530","post","type-post","status-publish","format-standard","has-post-thumbnail","hentry","category-9-sinif-tarih-ders-notlari","tag-9-sinif-tarih"],"post_slider_layout_featured_media_urls":{"thumbnail":["https:\/\/tarihkursu.com\/wp-content\/uploads\/2024\/10\/9.SINIF-TARIH-NOTLAR-150x150.png",150,150,true],"post_slider_layout_landscape_large":["https:\/\/tarihkursu.com\/wp-content\/uploads\/2024\/10\/9.SINIF-TARIH-NOTLAR-1200x720.png",1200,720,true],"post_slider_layout_portrait_large":["https:\/\/tarihkursu.com\/wp-content\/uploads\/2024\/10\/9.SINIF-TARIH-NOTLAR-1200x720.png",1200,720,true],"post_slider_layout_square_large":["https:\/\/tarihkursu.com\/wp-content\/uploads\/2024\/10\/9.SINIF-TARIH-NOTLAR-1200x720.png",1200,720,true],"post_slider_layout_landscape":["https:\/\/tarihkursu.com\/wp-content\/uploads\/2024\/10\/9.SINIF-TARIH-NOTLAR-600x400.png",600,400,true],"post_slider_layout_portrait":["https:\/\/tarihkursu.com\/wp-content\/uploads\/2024\/10\/9.SINIF-TARIH-NOTLAR-600x720.png",600,720,true],"post_slider_layout_square":["https:\/\/tarihkursu.com\/wp-content\/uploads\/2024\/10\/9.SINIF-TARIH-NOTLAR-600x600.png",600,600,true],"full":["https:\/\/tarihkursu.com\/wp-content\/uploads\/2024\/10\/9.SINIF-TARIH-NOTLAR.png",1280,720,false]},"yoast_head":"<!-- This site is optimized with the Yoast SEO plugin v28.3 - https:\/\/yoast.com\/product\/yoast-seo-wordpress\/ -->\n<title>T\u00fcrklerde Konarg\u00f6\u00e7er Ya\u015fam | 9. S\u0131n\u0131f Maarif Model Tarih Ders Notu - tarihkursu.com<\/title>\n<meta name=\"description\" content=\"T\u00fcrklerde Konarg\u00f6\u00e7er Ya\u015fam konusunun temel kavramlar\u0131n\u0131 a\u00e7\u0131klayan, madde ve tablolarla d\u00fczenlenmi\u015f 9. s\u0131n\u0131f Maarif Model tarih ders notu.\" \/>\n<meta name=\"robots\" content=\"index, follow, max-snippet:-1, max-image-preview:large, max-video-preview:-1\" \/>\n<link rel=\"canonical\" href=\"https:\/\/tarihkursu.com\/index.php\/2026\/08\/02\/turklerde-konargocer-yasam-9-sinif-maarif-model-tarih-ders-notu\/\" \/>\n<meta property=\"og:locale\" content=\"tr_TR\" \/>\n<meta property=\"og:type\" content=\"article\" \/>\n<meta property=\"og:title\" content=\"T\u00fcrklerde Konarg\u00f6\u00e7er Ya\u015fam | 9. S\u0131n\u0131f Maarif Model Tarih Ders Notu - tarihkursu.com\" \/>\n<meta property=\"og:description\" content=\"T\u00fcrklerde Konarg\u00f6\u00e7er Ya\u015fam konusunun temel kavramlar\u0131n\u0131 a\u00e7\u0131klayan, madde ve tablolarla d\u00fczenlenmi\u015f 9. s\u0131n\u0131f Maarif Model tarih ders notu.\" \/>\n<meta property=\"og:url\" content=\"https:\/\/tarihkursu.com\/index.php\/2026\/08\/02\/turklerde-konargocer-yasam-9-sinif-maarif-model-tarih-ders-notu\/\" \/>\n<meta property=\"og:site_name\" content=\"tarihkursu.com\" \/>\n<meta property=\"article:published_time\" content=\"2026-08-02T12:21:19+00:00\" \/>\n<meta property=\"article:modified_time\" content=\"2026-08-02T12:21:20+00:00\" \/>\n<meta property=\"og:image\" content=\"https:\/\/tarihkursu.com\/wp-content\/uploads\/2024\/10\/9.SINIF-TARIH-NOTLAR.png\" \/>\n\t<meta property=\"og:image:width\" content=\"1280\" \/>\n\t<meta property=\"og:image:height\" content=\"720\" \/>\n\t<meta property=\"og:image:type\" content=\"image\/png\" \/>\n<meta name=\"author\" content=\"tarihkursu\" \/>\n<meta name=\"twitter:card\" content=\"summary_large_image\" \/>\n<meta name=\"twitter:label1\" content=\"Yazan:\" \/>\n\t<meta name=\"twitter:data1\" content=\"tarihkursu\" \/>\n\t<meta name=\"twitter:label2\" content=\"Tahmini okuma s\u00fcresi\" \/>\n\t<meta name=\"twitter:data2\" content=\"15 dakika\" \/>\n<script type=\"application\/ld+json\" class=\"yoast-schema-graph\">{\"@context\":\"https:\\\/\\\/schema.org\",\"@graph\":[{\"@type\":\"Article\",\"@id\":\"https:\\\/\\\/tarihkursu.com\\\/index.php\\\/2026\\\/08\\\/02\\\/turklerde-konargocer-yasam-9-sinif-maarif-model-tarih-ders-notu\\\/#article\",\"isPartOf\":{\"@id\":\"https:\\\/\\\/tarihkursu.com\\\/index.php\\\/2026\\\/08\\\/02\\\/turklerde-konargocer-yasam-9-sinif-maarif-model-tarih-ders-notu\\\/\"},\"author\":{\"name\":\"tarihkursu\",\"@id\":\"https:\\\/\\\/tarihkursu.com\\\/#\\\/schema\\\/person\\\/d0f9105e31352dbe9f08d098ffb8c878\"},\"headline\":\"T\u00fcrklerde Konarg\u00f6\u00e7er Ya\u015fam | 9. S\u0131n\u0131f Maarif Model Tarih Ders Notu\",\"datePublished\":\"2026-08-02T12:21:19+00:00\",\"dateModified\":\"2026-08-02T12:21:20+00:00\",\"mainEntityOfPage\":{\"@id\":\"https:\\\/\\\/tarihkursu.com\\\/index.php\\\/2026\\\/08\\\/02\\\/turklerde-konargocer-yasam-9-sinif-maarif-model-tarih-ders-notu\\\/\"},\"wordCount\":3875,\"commentCount\":0,\"publisher\":{\"@id\":\"https:\\\/\\\/tarihkursu.com\\\/#\\\/schema\\\/person\\\/4d7bdc3b79e9f5198455474c0f203f3c\"},\"image\":{\"@id\":\"https:\\\/\\\/tarihkursu.com\\\/index.php\\\/2026\\\/08\\\/02\\\/turklerde-konargocer-yasam-9-sinif-maarif-model-tarih-ders-notu\\\/#primaryimage\"},\"thumbnailUrl\":\"https:\\\/\\\/tarihkursu.com\\\/wp-content\\\/uploads\\\/2024\\\/10\\\/9.SINIF-TARIH-NOTLAR.png\",\"keywords\":[\"9.s\u0131n\u0131f tarih\"],\"articleSection\":[\"9. S\u0131n\u0131f Tarih DERS NOTLARI\"],\"inLanguage\":\"tr\",\"potentialAction\":[{\"@type\":\"CommentAction\",\"name\":\"Comment\",\"target\":[\"https:\\\/\\\/tarihkursu.com\\\/index.php\\\/2026\\\/08\\\/02\\\/turklerde-konargocer-yasam-9-sinif-maarif-model-tarih-ders-notu\\\/#respond\"]}]},{\"@type\":\"WebPage\",\"@id\":\"https:\\\/\\\/tarihkursu.com\\\/index.php\\\/2026\\\/08\\\/02\\\/turklerde-konargocer-yasam-9-sinif-maarif-model-tarih-ders-notu\\\/\",\"url\":\"https:\\\/\\\/tarihkursu.com\\\/index.php\\\/2026\\\/08\\\/02\\\/turklerde-konargocer-yasam-9-sinif-maarif-model-tarih-ders-notu\\\/\",\"name\":\"T\u00fcrklerde Konarg\u00f6\u00e7er Ya\u015fam | 9. S\u0131n\u0131f Maarif Model Tarih Ders Notu - tarihkursu.com\",\"isPartOf\":{\"@id\":\"https:\\\/\\\/tarihkursu.com\\\/#website\"},\"primaryImageOfPage\":{\"@id\":\"https:\\\/\\\/tarihkursu.com\\\/index.php\\\/2026\\\/08\\\/02\\\/turklerde-konargocer-yasam-9-sinif-maarif-model-tarih-ders-notu\\\/#primaryimage\"},\"image\":{\"@id\":\"https:\\\/\\\/tarihkursu.com\\\/index.php\\\/2026\\\/08\\\/02\\\/turklerde-konargocer-yasam-9-sinif-maarif-model-tarih-ders-notu\\\/#primaryimage\"},\"thumbnailUrl\":\"https:\\\/\\\/tarihkursu.com\\\/wp-content\\\/uploads\\\/2024\\\/10\\\/9.SINIF-TARIH-NOTLAR.png\",\"datePublished\":\"2026-08-02T12:21:19+00:00\",\"dateModified\":\"2026-08-02T12:21:20+00:00\",\"description\":\"T\u00fcrklerde Konarg\u00f6\u00e7er Ya\u015fam konusunun temel kavramlar\u0131n\u0131 a\u00e7\u0131klayan, madde ve tablolarla d\u00fczenlenmi\u015f 9. s\u0131n\u0131f Maarif Model tarih ders notu.\",\"breadcrumb\":{\"@id\":\"https:\\\/\\\/tarihkursu.com\\\/index.php\\\/2026\\\/08\\\/02\\\/turklerde-konargocer-yasam-9-sinif-maarif-model-tarih-ders-notu\\\/#breadcrumb\"},\"inLanguage\":\"tr\",\"potentialAction\":[{\"@type\":\"ReadAction\",\"target\":[\"https:\\\/\\\/tarihkursu.com\\\/index.php\\\/2026\\\/08\\\/02\\\/turklerde-konargocer-yasam-9-sinif-maarif-model-tarih-ders-notu\\\/\"]}]},{\"@type\":\"ImageObject\",\"inLanguage\":\"tr\",\"@id\":\"https:\\\/\\\/tarihkursu.com\\\/index.php\\\/2026\\\/08\\\/02\\\/turklerde-konargocer-yasam-9-sinif-maarif-model-tarih-ders-notu\\\/#primaryimage\",\"url\":\"https:\\\/\\\/tarihkursu.com\\\/wp-content\\\/uploads\\\/2024\\\/10\\\/9.SINIF-TARIH-NOTLAR.png\",\"contentUrl\":\"https:\\\/\\\/tarihkursu.com\\\/wp-content\\\/uploads\\\/2024\\\/10\\\/9.SINIF-TARIH-NOTLAR.png\",\"width\":1280,\"height\":720,\"caption\":\"DERS NOTLARI TAR\u0130H 9\"},{\"@type\":\"BreadcrumbList\",\"@id\":\"https:\\\/\\\/tarihkursu.com\\\/index.php\\\/2026\\\/08\\\/02\\\/turklerde-konargocer-yasam-9-sinif-maarif-model-tarih-ders-notu\\\/#breadcrumb\",\"itemListElement\":[{\"@type\":\"ListItem\",\"position\":1,\"name\":\"Anasayfa\",\"item\":\"https:\\\/\\\/tarihkursu.com\\\/\"},{\"@type\":\"ListItem\",\"position\":2,\"name\":\"T\u00fcrklerde Konarg\u00f6\u00e7er Ya\u015fam | 9. S\u0131n\u0131f Maarif Model Tarih Ders Notu\"}]},{\"@type\":\"WebSite\",\"@id\":\"https:\\\/\\\/tarihkursu.com\\\/#website\",\"url\":\"https:\\\/\\\/tarihkursu.com\\\/\",\"name\":\"Tarih Kursu\",\"description\":\"\u0130\u015fimiz G\u00fcc\u00fcm\u00fcz Tarih\",\"publisher\":{\"@id\":\"https:\\\/\\\/tarihkursu.com\\\/#\\\/schema\\\/person\\\/4d7bdc3b79e9f5198455474c0f203f3c\"},\"potentialAction\":[{\"@type\":\"SearchAction\",\"target\":{\"@type\":\"EntryPoint\",\"urlTemplate\":\"https:\\\/\\\/tarihkursu.com\\\/?s={search_term_string}\"},\"query-input\":{\"@type\":\"PropertyValueSpecification\",\"valueRequired\":true,\"valueName\":\"search_term_string\"}}],\"inLanguage\":\"tr\"},{\"@type\":[\"Person\",\"Organization\"],\"@id\":\"https:\\\/\\\/tarihkursu.com\\\/#\\\/schema\\\/person\\\/4d7bdc3b79e9f5198455474c0f203f3c\",\"name\":\"admin\",\"image\":{\"@type\":\"ImageObject\",\"inLanguage\":\"tr\",\"@id\":\"https:\\\/\\\/tarihkursu.com\\\/wp-content\\\/uploads\\\/2024\\\/10\\\/TARIHKURSU-Kopyasi.png\",\"url\":\"https:\\\/\\\/tarihkursu.com\\\/wp-content\\\/uploads\\\/2024\\\/10\\\/TARIHKURSU-Kopyasi.png\",\"contentUrl\":\"https:\\\/\\\/tarihkursu.com\\\/wp-content\\\/uploads\\\/2024\\\/10\\\/TARIHKURSU-Kopyasi.png\",\"width\":1080,\"height\":1080,\"caption\":\"admin\"},\"logo\":{\"@id\":\"https:\\\/\\\/tarihkursu.com\\\/wp-content\\\/uploads\\\/2024\\\/10\\\/TARIHKURSU-Kopyasi.png\"},\"sameAs\":[\"https:\\\/\\\/tarihkursu.com\"]},{\"@type\":\"Person\",\"@id\":\"https:\\\/\\\/tarihkursu.com\\\/#\\\/schema\\\/person\\\/d0f9105e31352dbe9f08d098ffb8c878\",\"name\":\"tarihkursu\",\"image\":{\"@type\":\"ImageObject\",\"inLanguage\":\"tr\",\"@id\":\"https:\\\/\\\/secure.gravatar.com\\\/avatar\\\/1354763acbc865faa7650c3e1e4431f187276d71f132349411302a546cdeae54?s=96&d=mm&r=g\",\"url\":\"https:\\\/\\\/secure.gravatar.com\\\/avatar\\\/1354763acbc865faa7650c3e1e4431f187276d71f132349411302a546cdeae54?s=96&d=mm&r=g\",\"contentUrl\":\"https:\\\/\\\/secure.gravatar.com\\\/avatar\\\/1354763acbc865faa7650c3e1e4431f187276d71f132349411302a546cdeae54?s=96&d=mm&r=g\",\"caption\":\"tarihkursu\"},\"url\":\"https:\\\/\\\/tarihkursu.com\\\/index.php\\\/author\\\/tarihkursu\\\/\"}]}<\/script>\n<!-- \/ Yoast SEO plugin. -->","yoast_head_json":{"title":"T\u00fcrklerde Konarg\u00f6\u00e7er Ya\u015fam | 9. S\u0131n\u0131f Maarif Model Tarih Ders Notu - tarihkursu.com","description":"T\u00fcrklerde Konarg\u00f6\u00e7er Ya\u015fam konusunun temel kavramlar\u0131n\u0131 a\u00e7\u0131klayan, madde ve tablolarla d\u00fczenlenmi\u015f 9. s\u0131n\u0131f Maarif Model tarih ders notu.","robots":{"index":"index","follow":"follow","max-snippet":"max-snippet:-1","max-image-preview":"max-image-preview:large","max-video-preview":"max-video-preview:-1"},"canonical":"https:\/\/tarihkursu.com\/index.php\/2026\/08\/02\/turklerde-konargocer-yasam-9-sinif-maarif-model-tarih-ders-notu\/","og_locale":"tr_TR","og_type":"article","og_title":"T\u00fcrklerde Konarg\u00f6\u00e7er Ya\u015fam | 9. S\u0131n\u0131f Maarif Model Tarih Ders Notu - tarihkursu.com","og_description":"T\u00fcrklerde Konarg\u00f6\u00e7er Ya\u015fam konusunun temel kavramlar\u0131n\u0131 a\u00e7\u0131klayan, madde ve tablolarla d\u00fczenlenmi\u015f 9. s\u0131n\u0131f Maarif Model tarih ders notu.","og_url":"https:\/\/tarihkursu.com\/index.php\/2026\/08\/02\/turklerde-konargocer-yasam-9-sinif-maarif-model-tarih-ders-notu\/","og_site_name":"tarihkursu.com","article_published_time":"2026-08-02T12:21:19+00:00","article_modified_time":"2026-08-02T12:21:20+00:00","og_image":[{"width":1280,"height":720,"url":"https:\/\/tarihkursu.com\/wp-content\/uploads\/2024\/10\/9.SINIF-TARIH-NOTLAR.png","type":"image\/png"}],"author":"tarihkursu","twitter_card":"summary_large_image","twitter_misc":{"Yazan:":"tarihkursu","Tahmini okuma s\u00fcresi":"15 dakika"},"schema":{"@context":"https:\/\/schema.org","@graph":[{"@type":"Article","@id":"https:\/\/tarihkursu.com\/index.php\/2026\/08\/02\/turklerde-konargocer-yasam-9-sinif-maarif-model-tarih-ders-notu\/#article","isPartOf":{"@id":"https:\/\/tarihkursu.com\/index.php\/2026\/08\/02\/turklerde-konargocer-yasam-9-sinif-maarif-model-tarih-ders-notu\/"},"author":{"name":"tarihkursu","@id":"https:\/\/tarihkursu.com\/#\/schema\/person\/d0f9105e31352dbe9f08d098ffb8c878"},"headline":"T\u00fcrklerde Konarg\u00f6\u00e7er Ya\u015fam | 9. S\u0131n\u0131f Maarif Model Tarih Ders Notu","datePublished":"2026-08-02T12:21:19+00:00","dateModified":"2026-08-02T12:21:20+00:00","mainEntityOfPage":{"@id":"https:\/\/tarihkursu.com\/index.php\/2026\/08\/02\/turklerde-konargocer-yasam-9-sinif-maarif-model-tarih-ders-notu\/"},"wordCount":3875,"commentCount":0,"publisher":{"@id":"https:\/\/tarihkursu.com\/#\/schema\/person\/4d7bdc3b79e9f5198455474c0f203f3c"},"image":{"@id":"https:\/\/tarihkursu.com\/index.php\/2026\/08\/02\/turklerde-konargocer-yasam-9-sinif-maarif-model-tarih-ders-notu\/#primaryimage"},"thumbnailUrl":"https:\/\/tarihkursu.com\/wp-content\/uploads\/2024\/10\/9.SINIF-TARIH-NOTLAR.png","keywords":["9.s\u0131n\u0131f tarih"],"articleSection":["9. S\u0131n\u0131f Tarih DERS NOTLARI"],"inLanguage":"tr","potentialAction":[{"@type":"CommentAction","name":"Comment","target":["https:\/\/tarihkursu.com\/index.php\/2026\/08\/02\/turklerde-konargocer-yasam-9-sinif-maarif-model-tarih-ders-notu\/#respond"]}]},{"@type":"WebPage","@id":"https:\/\/tarihkursu.com\/index.php\/2026\/08\/02\/turklerde-konargocer-yasam-9-sinif-maarif-model-tarih-ders-notu\/","url":"https:\/\/tarihkursu.com\/index.php\/2026\/08\/02\/turklerde-konargocer-yasam-9-sinif-maarif-model-tarih-ders-notu\/","name":"T\u00fcrklerde Konarg\u00f6\u00e7er Ya\u015fam | 9. S\u0131n\u0131f Maarif Model Tarih Ders Notu - tarihkursu.com","isPartOf":{"@id":"https:\/\/tarihkursu.com\/#website"},"primaryImageOfPage":{"@id":"https:\/\/tarihkursu.com\/index.php\/2026\/08\/02\/turklerde-konargocer-yasam-9-sinif-maarif-model-tarih-ders-notu\/#primaryimage"},"image":{"@id":"https:\/\/tarihkursu.com\/index.php\/2026\/08\/02\/turklerde-konargocer-yasam-9-sinif-maarif-model-tarih-ders-notu\/#primaryimage"},"thumbnailUrl":"https:\/\/tarihkursu.com\/wp-content\/uploads\/2024\/10\/9.SINIF-TARIH-NOTLAR.png","datePublished":"2026-08-02T12:21:19+00:00","dateModified":"2026-08-02T12:21:20+00:00","description":"T\u00fcrklerde Konarg\u00f6\u00e7er Ya\u015fam konusunun temel kavramlar\u0131n\u0131 a\u00e7\u0131klayan, madde ve tablolarla d\u00fczenlenmi\u015f 9. s\u0131n\u0131f Maarif Model tarih ders notu.","breadcrumb":{"@id":"https:\/\/tarihkursu.com\/index.php\/2026\/08\/02\/turklerde-konargocer-yasam-9-sinif-maarif-model-tarih-ders-notu\/#breadcrumb"},"inLanguage":"tr","potentialAction":[{"@type":"ReadAction","target":["https:\/\/tarihkursu.com\/index.php\/2026\/08\/02\/turklerde-konargocer-yasam-9-sinif-maarif-model-tarih-ders-notu\/"]}]},{"@type":"ImageObject","inLanguage":"tr","@id":"https:\/\/tarihkursu.com\/index.php\/2026\/08\/02\/turklerde-konargocer-yasam-9-sinif-maarif-model-tarih-ders-notu\/#primaryimage","url":"https:\/\/tarihkursu.com\/wp-content\/uploads\/2024\/10\/9.SINIF-TARIH-NOTLAR.png","contentUrl":"https:\/\/tarihkursu.com\/wp-content\/uploads\/2024\/10\/9.SINIF-TARIH-NOTLAR.png","width":1280,"height":720,"caption":"DERS NOTLARI TAR\u0130H 9"},{"@type":"BreadcrumbList","@id":"https:\/\/tarihkursu.com\/index.php\/2026\/08\/02\/turklerde-konargocer-yasam-9-sinif-maarif-model-tarih-ders-notu\/#breadcrumb","itemListElement":[{"@type":"ListItem","position":1,"name":"Anasayfa","item":"https:\/\/tarihkursu.com\/"},{"@type":"ListItem","position":2,"name":"T\u00fcrklerde Konarg\u00f6\u00e7er Ya\u015fam | 9. S\u0131n\u0131f Maarif Model Tarih Ders Notu"}]},{"@type":"WebSite","@id":"https:\/\/tarihkursu.com\/#website","url":"https:\/\/tarihkursu.com\/","name":"Tarih Kursu","description":"\u0130\u015fimiz G\u00fcc\u00fcm\u00fcz Tarih","publisher":{"@id":"https:\/\/tarihkursu.com\/#\/schema\/person\/4d7bdc3b79e9f5198455474c0f203f3c"},"potentialAction":[{"@type":"SearchAction","target":{"@type":"EntryPoint","urlTemplate":"https:\/\/tarihkursu.com\/?s={search_term_string}"},"query-input":{"@type":"PropertyValueSpecification","valueRequired":true,"valueName":"search_term_string"}}],"inLanguage":"tr"},{"@type":["Person","Organization"],"@id":"https:\/\/tarihkursu.com\/#\/schema\/person\/4d7bdc3b79e9f5198455474c0f203f3c","name":"admin","image":{"@type":"ImageObject","inLanguage":"tr","@id":"https:\/\/tarihkursu.com\/wp-content\/uploads\/2024\/10\/TARIHKURSU-Kopyasi.png","url":"https:\/\/tarihkursu.com\/wp-content\/uploads\/2024\/10\/TARIHKURSU-Kopyasi.png","contentUrl":"https:\/\/tarihkursu.com\/wp-content\/uploads\/2024\/10\/TARIHKURSU-Kopyasi.png","width":1080,"height":1080,"caption":"admin"},"logo":{"@id":"https:\/\/tarihkursu.com\/wp-content\/uploads\/2024\/10\/TARIHKURSU-Kopyasi.png"},"sameAs":["https:\/\/tarihkursu.com"]},{"@type":"Person","@id":"https:\/\/tarihkursu.com\/#\/schema\/person\/d0f9105e31352dbe9f08d098ffb8c878","name":"tarihkursu","image":{"@type":"ImageObject","inLanguage":"tr","@id":"https:\/\/secure.gravatar.com\/avatar\/1354763acbc865faa7650c3e1e4431f187276d71f132349411302a546cdeae54?s=96&d=mm&r=g","url":"https:\/\/secure.gravatar.com\/avatar\/1354763acbc865faa7650c3e1e4431f187276d71f132349411302a546cdeae54?s=96&d=mm&r=g","contentUrl":"https:\/\/secure.gravatar.com\/avatar\/1354763acbc865faa7650c3e1e4431f187276d71f132349411302a546cdeae54?s=96&d=mm&r=g","caption":"tarihkursu"},"url":"https:\/\/tarihkursu.com\/index.php\/author\/tarihkursu\/"}]}},"_links":{"self":[{"href":"https:\/\/tarihkursu.com\/index.php\/wp-json\/wp\/v2\/posts\/3530","targetHints":{"allow":["GET"]}}],"collection":[{"href":"https:\/\/tarihkursu.com\/index.php\/wp-json\/wp\/v2\/posts"}],"about":[{"href":"https:\/\/tarihkursu.com\/index.php\/wp-json\/wp\/v2\/types\/post"}],"author":[{"embeddable":true,"href":"https:\/\/tarihkursu.com\/index.php\/wp-json\/wp\/v2\/users\/2"}],"replies":[{"embeddable":true,"href":"https:\/\/tarihkursu.com\/index.php\/wp-json\/wp\/v2\/comments?post=3530"}],"version-history":[{"count":1,"href":"https:\/\/tarihkursu.com\/index.php\/wp-json\/wp\/v2\/posts\/3530\/revisions"}],"predecessor-version":[{"id":3531,"href":"https:\/\/tarihkursu.com\/index.php\/wp-json\/wp\/v2\/posts\/3530\/revisions\/3531"}],"wp:featuredmedia":[{"embeddable":true,"href":"https:\/\/tarihkursu.com\/index.php\/wp-json\/wp\/v2\/media\/1342"}],"wp:attachment":[{"href":"https:\/\/tarihkursu.com\/index.php\/wp-json\/wp\/v2\/media?parent=3530"}],"wp:term":[{"taxonomy":"category","embeddable":true,"href":"https:\/\/tarihkursu.com\/index.php\/wp-json\/wp\/v2\/categories?post=3530"},{"taxonomy":"post_tag","embeddable":true,"href":"https:\/\/tarihkursu.com\/index.php\/wp-json\/wp\/v2\/tags?post=3530"}],"curies":[{"name":"wp","href":"https:\/\/api.w.org\/{rel}","templated":true}]}}