{"id":3539,"date":"2026-08-02T17:00:23","date_gmt":"2026-08-02T14:00:23","guid":{"rendered":"https:\/\/tarihkursu.com\/?p=3539"},"modified":"2026-08-02T17:00:24","modified_gmt":"2026-08-02T14:00:24","slug":"tarim-devriminin-eski-caga-etkileri-9-sinif-maarif-model-tarih-ders-notu","status":"publish","type":"post","link":"https:\/\/tarihkursu.com\/index.php\/2026\/08\/02\/tarim-devriminin-eski-caga-etkileri-9-sinif-maarif-model-tarih-ders-notu\/","title":{"rendered":"Tar\u0131m Devrimi\u2019nin Eski \u00c7a\u011f\u2019a Etkileri | 9. S\u0131n\u0131f Maarif Model Tarih Ders Notu"},"content":{"rendered":"\n<p class=\"wp-block-paragraph\"><strong>SINIF:<\/strong> 9.S\u0131n\u0131f Tarih<\/p>\n\n\n\n<p class=\"wp-block-paragraph\"><strong>\u00dcN\u0130TE:<\/strong> 2. \u00dcnite Eski \u00c7a\u011f Medeniyetleri<\/p>\n\n\n\n<p class=\"wp-block-paragraph\"><strong>\u00d6\u011eRENME \u00c7IKTISI:<\/strong> Tar\u0131m Devrimi\u2019nin Eski \u00c7a\u011f\u2019a Etkileri Konu anlat\u0131m\u0131<\/p>\n\n\n\n<style>\n.tk-ders-notu {\n  --tk-lacivert: #12355b;\n  --tk-lacivert-koyu: #0b2745;\n  --tk-turkuaz: #008c95;\n  --tk-turkuaz-acik: #e7f8f8;\n  --tk-bordo: #8b1e3f;\n  --tk-bordo-acik: #fff0f4;\n  --tk-altin: #d7a514;\n  --tk-sari-acik: #fff8d9;\n  --tk-mavi-acik: #edf6ff;\n  --tk-metin: #243447;\n  --tk-cizgi: #d8e3ec;\n  width: 100%;\n  max-width: 100%;\n  min-width: 0;\n  margin: 0 auto;\n  color: var(--tk-metin);\n  font-family: system-ui, -apple-system, \"Segoe UI\", Arial, sans-serif;\n  font-size: 17px;\n  line-height: 1.72;\n  overflow-x: clip;\n  overflow-wrap: anywhere;\n}\n.tk-ders-notu,\n.tk-ders-notu * { box-sizing: border-box; }\n.tk-ders-notu .tk-okuma-ilerleme {\n  position: sticky;\n  z-index: 20;\n  top: 0;\n  width: 100%;\n  height: 5px;\n  margin-bottom: 14px;\n  background: #dfe9ef;\n  border-radius: 999px;\n  overflow: hidden;\n}\n.tk-ders-notu .tk-okuma-ilerleme-cubugu {\n  display: block;\n  width: 0;\n  height: 100%;\n  background: linear-gradient(90deg, var(--tk-turkuaz), var(--tk-altin));\n  transition: width .12s linear;\n}\n.tk-ders-notu .tk-ana-baslik {\n  margin: 0 0 16px;\n  padding: 22px 24px 18px;\n  color: #fff;\n  background: linear-gradient(135deg, var(--tk-lacivert-koyu), var(--tk-lacivert));\n  border-bottom: 5px solid var(--tk-altin);\n  border-radius: 18px;\n  font-size: clamp(1.55rem, 4vw, 2.25rem);\n  font-weight: 850;\n  line-height: 1.22;\n  letter-spacing: .01em;\n  text-wrap: balance;\n}\n.tk-ders-notu .tk-seo-giris {\n  margin: 0 0 18px;\n  padding: 18px 20px;\n  background: var(--tk-mavi-acik);\n  border-left: 5px solid var(--tk-turkuaz);\n  border-radius: 12px;\n}\n.tk-ders-notu .tk-araclar {\n  display: flex;\n  flex-wrap: wrap;\n  gap: 10px;\n  margin: 0 0 18px;\n}\n.tk-ders-notu .tk-dugme {\n  appearance: none;\n  max-width: 100%;\n  padding: 10px 15px;\n  color: #fff;\n  background: var(--tk-turkuaz);\n  border: 2px solid var(--tk-turkuaz);\n  border-radius: 10px;\n  font: inherit;\n  font-weight: 750;\n  line-height: 1.25;\n  cursor: pointer;\n}\n.tk-ders-notu .tk-dugme:hover { background: var(--tk-lacivert); border-color: var(--tk-lacivert); }\n.tk-ders-notu .tk-dugme:focus-visible,\n.tk-ders-notu .tk-icindekiler a:focus-visible,\n.tk-ders-notu .tk-basa-don:focus-visible {\n  outline: 4px solid var(--tk-altin);\n  outline-offset: 3px;\n}\n.tk-ders-notu .tk-icindekiler {\n  width: 100%;\n  min-width: 0;\n  margin: 0 0 22px;\n  padding: 18px 20px;\n  background: var(--tk-turkuaz-acik);\n  border: 1px solid #a7dfe1;\n  border-radius: 14px;\n}\n.tk-ders-notu .tk-icindekiler-baslik {\n  margin: 0 0 10px;\n  color: var(--tk-lacivert);\n  font-size: 1.2rem;\n  font-weight: 850;\n}\n.tk-ders-notu .tk-icindekiler ul {\n  display: grid;\n  grid-template-columns: repeat(2, minmax(0, 1fr));\n  gap: 7px 18px;\n  margin: 0;\n  padding: 0;\n  list-style: none;\n}\n.tk-ders-notu .tk-icindekiler li { min-width: 0; margin: 0; padding: 0; }\n.tk-ders-notu .tk-icindekiler a {\n  display: block;\n  min-width: 0;\n  padding: 6px 8px;\n  color: var(--tk-lacivert);\n  border-radius: 7px;\n  font-weight: 700;\n  text-decoration: none;\n  overflow-wrap: anywhere;\n}\n.tk-ders-notu .tk-icindekiler a::before { content: \"\u203a \"; color: var(--tk-bordo); font-weight: 900; }\n.tk-ders-notu .tk-icindekiler a:hover,\n.tk-ders-notu .tk-icindekiler a.tk-etkin { color: #fff; background: var(--tk-turkuaz); }\n.tk-ders-notu .tk-kaynak-icerik { width: 100%; max-width: 100%; min-width: 0; }\n.tk-ders-notu .tk-kart {\n  width: 100%;\n  max-width: 100%;\n  min-width: 0;\n  margin: 0 0 22px;\n  padding: 20px;\n  background: #fff;\n  border: 1px solid var(--tk-cizgi);\n  border-radius: 16px;\n  box-shadow: 0 8px 24px rgba(18, 53, 91, .08);\n  overflow-x: clip;\n}\n.tk-ders-notu .tk-kart > h2,\n.tk-ders-notu .tk-kart > h3 {\n  color: var(--tk-lacivert);\n  font-weight: 850;\n  line-height: 1.3;\n  text-wrap: balance;\n  overflow-wrap: anywhere;\n}\n.tk-ders-notu .tk-kart > h2 {\n  margin: 0 0 16px;\n  padding: 0 0 9px;\n  border-bottom: 4px solid var(--tk-altin);\n  font-size: clamp(1.3rem, 3vw, 1.65rem);\n}\n.tk-ders-notu .tk-kart > h3 { margin: 18px 0 10px; font-size: 1.17rem; }\n.tk-ders-notu .tk-kart p { max-width: 100%; margin: 0 0 12px; }\n.tk-ders-notu .tk-madde-listesi {\n  display: grid;\n  gap: 9px;\n  width: 100%;\n  min-width: 0;\n  margin: 0 0 16px;\n  padding: 0;\n  list-style: none;\n}\n.tk-ders-notu .tk-madde-listesi > li {\n  position: relative;\n  min-width: 0;\n  margin: 0;\n  padding: 10px 12px 10px 40px;\n  background: var(--tk-mavi-acik);\n  border-left: 4px solid var(--tk-turkuaz);\n  border-radius: 9px;\n  overflow-wrap: anywhere;\n}\n.tk-ders-notu .tk-madde-listesi > li::before {\n  content: \"\u2713\";\n  position: absolute;\n  left: 13px;\n  top: 10px;\n  color: var(--tk-bordo);\n  font-weight: 900;\n}\n.tk-ders-notu strong { color: var(--tk-bordo); font-weight: 850; }\n.tk-ders-notu blockquote {\n  width: 100%;\n  min-width: 0;\n  margin: 14px 0;\n  padding: 17px 20px;\n  color: #5d1730;\n  background: var(--tk-bordo-acik);\n  border-left: 6px solid var(--tk-bordo);\n  border-radius: 12px;\n  font-size: 1.06rem;\n  font-weight: 650;\n}\n.tk-ders-notu .tk-bilgi-kutusu {\n  width: 100%;\n  min-width: 0;\n  margin: 16px 0;\n  padding: 16px 18px;\n  background: var(--tk-sari-acik);\n  border: 2px solid var(--tk-altin);\n  border-left-width: 7px;\n  border-radius: 12px;\n  overflow-wrap: anywhere;\n}\n.tk-ders-notu .tk-bilgi-kutusu.tk-osym { background: var(--tk-bordo-acik); border-color: var(--tk-bordo); }\n.tk-ders-notu .tk-bilgi-kutusu.tk-onemli { background: var(--tk-turkuaz-acik); border-color: var(--tk-turkuaz); }\n.tk-ders-notu .tk-bilgi-kutusu p:last-child { margin-bottom: 0; }\n.tk-ders-notu .tk-tablo-kapsayici {\n  width: 100%;\n  max-width: 100%;\n  min-width: 0;\n  margin: 16px 0;\n  overflow-x: clip;\n  border: 1px solid #bfd0dc;\n  border-radius: 12px;\n}\n.tk-ders-notu .tk-tablo {\n  width: 100%;\n  max-width: 100%;\n  min-width: 0;\n  margin: 0;\n  table-layout: fixed;\n  border-collapse: collapse;\n  border-spacing: 0;\n  white-space: normal;\n}\n.tk-ders-notu .tk-tablo th,\n.tk-ders-notu .tk-tablo td {\n  min-width: 0;\n  padding: 11px 10px;\n  border: 1px solid #bfd0dc;\n  vertical-align: top;\n  text-align: left;\n  white-space: normal;\n  overflow-wrap: anywhere;\n  word-wrap: break-word;\n  hyphens: auto;\n}\n.tk-ders-notu .tk-tablo th {\n  color: #fff;\n  background: var(--tk-lacivert);\n  font-weight: 800;\n}\n.tk-ders-notu .tk-tablo td:first-child { color: #65162f; background: #fff7f9; font-weight: 750; }\n.tk-ders-notu .tk-tablo tbody tr:nth-child(even) td:not(:first-child) { background: #f5fafc; }\n.tk-ders-notu .tk-tablo p { margin: 0 0 7px; }\n.tk-ders-notu .tk-tablo p:last-child,\n.tk-ders-notu .tk-tablo .tk-madde-listesi:last-child { margin-bottom: 0; }\n.tk-ders-notu .tk-basa-don {\n  position: fixed;\n  z-index: 30;\n  right: max(14px, env(safe-area-inset-right));\n  bottom: max(14px, env(safe-area-inset-bottom));\n  display: none;\n  max-width: calc(100vw - 28px);\n  padding: 10px 14px;\n  color: #fff;\n  background: var(--tk-bordo);\n  border: 0;\n  border-radius: 999px;\n  box-shadow: 0 6px 20px rgba(0, 0, 0, .2);\n  font: inherit;\n  font-weight: 800;\n  cursor: pointer;\n}\n.tk-ders-notu .tk-basa-don.tk-gorunur { display: inline-flex; }\n@media (max-width: 720px) {\n  .tk-ders-notu { font-size: 16px; line-height: 1.66; }\n  .tk-ders-notu .tk-ana-baslik { padding: 18px 16px 15px; border-radius: 14px; }\n  .tk-ders-notu .tk-kart { padding: 15px; border-radius: 13px; }\n  .tk-ders-notu .tk-icindekiler ul { grid-template-columns: minmax(0, 1fr); }\n  .tk-ders-notu .tk-tablo th,\n  .tk-ders-notu .tk-tablo td { padding: 9px 7px; }\n  .tk-ders-notu .tk-tablo.tk-cok-sutun,\n  .tk-ders-notu .tk-tablo.tk-cok-sutun tbody,\n  .tk-ders-notu .tk-tablo.tk-cok-sutun tr,\n  .tk-ders-notu .tk-tablo.tk-cok-sutun td { display: block; width: 100%; max-width: 100%; min-width: 0; }\n  .tk-ders-notu .tk-tablo.tk-cok-sutun thead {\n    position: absolute;\n    width: 1px;\n    height: 1px;\n    padding: 0;\n    margin: -1px;\n    overflow: hidden;\n    clip: rect(0, 0, 0, 0);\n    white-space: nowrap;\n    border: 0;\n  }\n  .tk-ders-notu .tk-tablo.tk-cok-sutun tbody { padding: 8px; }\n  .tk-ders-notu .tk-tablo.tk-cok-sutun tr {\n    margin: 0 0 12px;\n    overflow: hidden;\n    border: 2px solid #c9d8e2;\n    border-radius: 10px;\n  }\n  .tk-ders-notu .tk-tablo.tk-cok-sutun tr:last-child { margin-bottom: 0; }\n  .tk-ders-notu .tk-tablo.tk-cok-sutun td {\n    display: grid;\n    grid-template-columns: minmax(6.4rem, 34%) minmax(0, 1fr);\n    gap: 9px;\n    border-width: 0 0 1px;\n  }\n  .tk-ders-notu .tk-tablo.tk-cok-sutun td::before {\n    content: attr(data-label);\n    min-width: 0;\n    color: var(--tk-lacivert);\n    font-weight: 850;\n    overflow-wrap: anywhere;\n  }\n  .tk-ders-notu .tk-tablo.tk-cok-sutun td:last-child { border-bottom: 0; }\n}\n@media (max-width: 375px) {\n  .tk-ders-notu { font-size: 15.5px; }\n  .tk-ders-notu .tk-kart,\n  .tk-ders-notu .tk-seo-giris,\n  .tk-ders-notu .tk-icindekiler { padding-left: 12px; padding-right: 12px; }\n  .tk-ders-notu .tk-tablo.tk-cok-sutun td { grid-template-columns: minmax(5.7rem, 38%) minmax(0, 1fr); padding: 8px 6px; }\n}\n@media print {\n  .tk-ders-notu { color: #111; font-size: 11pt; overflow: visible; }\n  .tk-ders-notu .tk-okuma-ilerleme,\n  .tk-ders-notu .tk-araclar,\n  .tk-ders-notu .tk-basa-don { display: none !important; }\n  .tk-ders-notu .tk-ana-baslik { color: #000; background: #fff; border: 2px solid #000; }\n  .tk-ders-notu .tk-kart { box-shadow: none; break-inside: avoid; }\n  .tk-ders-notu .tk-tablo-kapsayici { overflow: visible; }\n  .tk-ders-notu .tk-tablo th { color: #000; background: #e8e8e8; }\n  .tk-ders-notu .tk-basa-don { display: none !important; }\n}\n<\/style>\n<article class=\"tk-ders-notu\" lang=\"tr\" data-tk-ready=\"false\">\n<div class=\"tk-okuma-ilerleme\" aria-hidden=\"true\"><span class=\"tk-okuma-ilerleme-cubugu\"><\/span><\/div>\n<div class=\"tk-ana-baslik\">TARIM DEVR\u0130M\u0130\u2019N\u0130N ESK\u0130 \u00c7A\u011e\u2019A ETK\u0130LER\u0130<\/div>\n<p class=\"tk-seo-giris\">9. s\u0131n\u0131f tarih dersinde Tar\u0131m Devrimi\u2019nin Eski \u00c7a\u011f\u2019a Etkileri \u00f6\u011frenme \u00e7\u0131kt\u0131s\u0131n\u0131 \u00e7al\u0131\u015f\u0131rken kavramlar\u0131, a\u00e7\u0131klamalar\u0131 ve kar\u015f\u0131la\u015ft\u0131rmalar\u0131 bir arada g\u00f6rmen \u00f6nemlidir. Bu sayfadaki tarih ders notu, T\u00fcrkiye Y\u00fczy\u0131l\u0131 Maarif Modeli do\u011frultusunda kaynak belgede verilen bilgileri s\u0131ras\u0131n\u0131 koruyarak sunar. Notta Giri\u015f, Medeniyet Nedir? ve Alet Kullan\u0131m\u0131ndan Medeniyete ba\u015fl\u0131klar\u0131; madde listeleri, bilgi kutular\u0131 ve tablolarla d\u00fczenlenmi\u015ftir. \u0130\u00e7indekiler alan\u0131n\u0131 kullanarak istedi\u011fin b\u00f6l\u00fcme h\u0131zl\u0131ca ge\u00e7ebilir, okuma ilerleme \u00e7ubu\u011fuyla sayfadaki konumunu takip edebilirsin. \u00c7al\u0131\u015f\u0131rken \u00f6nce ana kavramlar\u0131 incelemen, ard\u0131ndan a\u00e7\u0131klamalar ile tablolar aras\u0131ndaki ba\u011flant\u0131lara dikkat etmen yararl\u0131 olacakt\u0131r. Bu 9. s\u0131n\u0131f tarih ders notunu ders \u00f6ncesinde konuya haz\u0131rlanmak, ders s\u0131ras\u0131nda ba\u015fl\u0131klar\u0131 takip etmek veya tekrar yaparken kaynak metindeki bilgileri d\u00fczenli bi\u00e7imde g\u00f6zden ge\u00e7irmek i\u00e7in kullanabilirsin.<\/p>\n<div class=\"tk-araclar\" aria-label=\"Ders notu ara\u00e7lar\u0131\">\n<button class=\"tk-dugme tk-yazdir\" type=\"button\" aria-label=\"Ders notunu yazd\u0131r\">Yazd\u0131r<\/button>\n<button class=\"tk-dugme tk-icindekilere-git\" type=\"button\" aria-label=\"\u0130\u00e7indekiler b\u00f6l\u00fcm\u00fcne git\">\u0130\u00e7indekilere git<\/button>\n<\/div>\n<nav class=\"tk-icindekiler\" aria-label=\"Ders notu i\u00e7indekiler\">\n<p class=\"tk-icindekiler-baslik\">\u0130\u00e7indekiler<\/p>\n<ul>\n<li><a href=\"#giris\">Giri\u015f<\/a><\/li>\n<li><a href=\"#medeniyet-nedir\">Medeniyet Nedir?<\/a><\/li>\n<li><a href=\"#alet-kullanimindan-medeniyete\">Alet Kullan\u0131m\u0131ndan Medeniyete<\/a><\/li>\n<li><a href=\"#tarih-oncesi-caglarin-siniflandirilmasi\">Tarih \u00d6ncesi \u00c7a\u011flar\u0131n S\u0131n\u0131fland\u0131r\u0131lmas\u0131<\/a><\/li>\n<li><a href=\"#tarih-oncesi-caglar\">Tarih \u00d6ncesi \u00c7a\u011flar<\/a><\/li>\n<li><a href=\"#paleolitik-cag-genel-ozellikler\">Paleolitik \u00c7a\u011f: Genel \u00d6zellikler<\/a><\/li>\n<li><a href=\"#paleolitik-cag-teknoloji-ve-sanat\">Paleolitik \u00c7a\u011f: Teknoloji ve Sanat<\/a><\/li>\n<li><a href=\"#paleolitik-cag-onemli-merkezler\">Paleolitik \u00c7a\u011f: \u00d6nemli Merkezler<\/a><\/li>\n<li><a href=\"#mezolitik-cag-genel-ozellikler\">Mezolitik \u00c7a\u011f: Genel \u00d6zellikler<\/a><\/li>\n<li><a href=\"#mezolitik-cag-mikrolitler-ve-kopek\">Mezolitik \u00c7a\u011f: Mikrolitler ve K\u00f6pek<\/a><\/li>\n<li><a href=\"#mezolitik-cag-anadolu-merkezleri\">Mezolitik \u00c7a\u011f: Anadolu Merkezleri<\/a><\/li>\n<li><a href=\"#neolitik-cag-ve-tarim-devrimi\">Neolitik \u00c7a\u011f ve Tar\u0131m Devrimi<\/a><\/li>\n<li><a href=\"#neolitik-cagda-gelisen-alanlar\">Neolitik \u00c7a\u011f\u2019da Geli\u015fen Alanlar<\/a><\/li>\n<li><a href=\"#tarim-nasil-basladi\">Tar\u0131m Nas\u0131l Ba\u015flad\u0131?<\/a><\/li>\n<li><a href=\"#tarim-devriminin-faktorleri\">Tar\u0131m Devrimi\u2019nin Fakt\u00f6rleri<\/a><\/li>\n<li><a href=\"#tarim-devriminin-basladigi-bolgeler\">Tar\u0131m Devrimi\u2019nin Ba\u015flad\u0131\u011f\u0131 B\u00f6lgeler<\/a><\/li>\n<li><a href=\"#mezopotamyanin-tarima-elverisliligi\">Mezopotamya\u2019n\u0131n Tar\u0131ma Elveri\u015flili\u011fi<\/a><\/li>\n<li><a href=\"#guneydogu-dogu-asyanin-elverisliligi\">G\u00fcneydo\u011fu \/ Do\u011fu Asya\u2019n\u0131n Elveri\u015flili\u011fi<\/a><\/li>\n<li><a href=\"#orta-amerikanin-tarima-elverisliligi\">Orta Amerika\u2019n\u0131n Tar\u0131ma Elveri\u015flili\u011fi<\/a><\/li>\n<li><a href=\"#uc-bolgenin-karsilastirilmasi\">\u00dc\u00e7 B\u00f6lgenin Kar\u015f\u0131la\u015ft\u0131r\u0131lmas\u0131<\/a><\/li>\n<li><a href=\"#tarim-devrimi-bagimsiz-mi-gelisti\">Tar\u0131m Devrimi Ba\u011f\u0131ms\u0131z m\u0131 Geli\u015fti?<\/a><\/li>\n<li><a href=\"#tarim-devrimi-oncesi-ve-sonrasi\">Tar\u0131m Devrimi \u00d6ncesi ve Sonras\u0131<\/a><\/li>\n<li><a href=\"#olumlu-ve-olumsuz-sonuclar\">Olumlu ve Olumsuz Sonu\u00e7lar<\/a><\/li>\n<li><a href=\"#tarim-devrimi-ve-is-bolumu\">Tar\u0131m Devrimi ve \u0130\u015f B\u00f6l\u00fcm\u00fc<\/a><\/li>\n<li><a href=\"#takas-ve-pazarlarin-dogusu\">Takas ve Pazarlar\u0131n Do\u011fu\u015fu<\/a><\/li>\n<li><a href=\"#anadoludaki-tarih-oncesi-merkezler\">Anadolu\u2019daki Tarih \u00d6ncesi Merkezler<\/a><\/li>\n<li><a href=\"#gobeklitepe\">G\u00f6beklitepe<\/a><\/li>\n<li><a href=\"#cayonu\">\u00c7ay\u00f6n\u00fc<\/a><\/li>\n<li><a href=\"#catalhoyuk\">\u00c7atalh\u00f6y\u00fck<\/a><\/li>\n<li><a href=\"#maden-caglari\">Maden \u00c7a\u011flar\u0131<\/a><\/li>\n<li><a href=\"#yazinin-icadi-ve-sonuclari\">Yaz\u0131n\u0131n \u0130cad\u0131 ve Sonu\u00e7lar\u0131<\/a><\/li>\n<\/ul>\n<\/nav>\n<div class=\"tk-kaynak-icerik\">\n<section class=\"tk-kart\" aria-labelledby=\"giris\">\n<h2 id=\"giris\">Giri\u015f<\/h2>\n<ul class=\"tk-madde-listesi\">\n<li>Medeniyetlerin olu\u015fumunda uzun s\u00fcreli birikim etkilidir.<\/li>\n<li>Tarih \u00f6ncesi \u00e7a\u011flar kullan\u0131lan ara\u00e7-gere\u00e7lere g\u00f6re s\u0131n\u0131fland\u0131r\u0131l\u0131r.<\/li>\n<li>Paleolitik ve Mezolitik d\u00f6nemlerde avc\u0131l\u0131k-toplay\u0131c\u0131l\u0131k \u00f6ne \u00e7\u0131kar.<\/li>\n<li>Neolitik \u00c7a\u011f\u2019da \u00fcretici ya\u015fama ge\u00e7i\u015f ba\u015flam\u0131\u015ft\u0131r.<\/li>\n<li>Tar\u0131m Devrimi yerle\u015fik ya\u015fam\u0131 ve toplumsal \u00f6rg\u00fctlenmeyi de\u011fi\u015ftirmi\u015ftir.<\/li>\n<li>Yaz\u0131n\u0131n icad\u0131yla tarih\u00ee \u00e7a\u011flar ba\u015flam\u0131\u015ft\u0131r.<\/li>\n<\/ul>\n<\/section>\n<section class=\"tk-kart\" aria-labelledby=\"medeniyet-nedir\">\n<h2 id=\"medeniyet-nedir\">Medeniyet Nedir?<\/h2>\n<ul class=\"tk-madde-listesi\">\n<li><strong>Kavram\u0131n temel unsurlar\u0131<\/strong><\/li>\n<li>Medeniyet, toplumun maddi ve manevi varl\u0131klar\u0131n\u0131n b\u00fct\u00fcn\u00fcd\u00fcr.<\/li>\n<li>D\u00fc\u015f\u00fcnce d\u00fcnyas\u0131n\u0131 ve sanat anlay\u0131\u015f\u0131n\u0131 kapsar.<\/li>\n<li>\u00dcretim bi\u00e7imi, sosyal ve siyasal \u00f6rg\u00fctlenme bu b\u00fct\u00fcn\u00fcn par\u00e7alar\u0131d\u0131r.<\/li>\n<li>K\u00fclt\u00fcrel birikim medeniyetin \u00f6nemli unsurudur.<\/li>\n<li>Medeniyetlerin olu\u015fumu k\u0131sa s\u00fcrede ger\u00e7ekle\u015fmez.<\/li>\n<li>Bilgi, beceri ve tecr\u00fcbeler nesilden nesile aktar\u0131l\u0131r.<\/li>\n<\/ul>\n<\/section>\n<section class=\"tk-kart\" aria-labelledby=\"alet-kullanimindan-medeniyete\">\n<h2 id=\"alet-kullanimindan-medeniyete\">Alet Kullan\u0131m\u0131ndan Medeniyete<\/h2>\n<ul class=\"tk-madde-listesi\">\n<li><strong>\u0130lk geli\u015fim basamaklar\u0131<\/strong><\/li>\n<li>Kaba ta\u015f aletler avc\u0131l\u0131k, kesme, par\u00e7alama ve korunmay\u0131 kolayla\u015ft\u0131rd\u0131.<\/li>\n<li>Tohumlar\u0131n fark edilmesi, ekim bilgisinin temelini olu\u015fturdu.<\/li>\n<li>Tar\u0131msal \u00fcretimin ba\u015flamas\u0131 Tar\u0131m Devrimi\u2019ni ba\u015flatt\u0131.<\/li>\n<li>Saban ve sulama sistemleri topra\u011f\u0131n verimli i\u015flenmesini sa\u011flad\u0131.<\/li>\n<li>\u00c7ark \/ tekerlek teknolojisi ta\u015f\u0131mac\u0131l\u0131k ve \u00fcretimi kolayla\u015ft\u0131rd\u0131.<\/li>\n<li><strong>Bilginin kayd\u0131 ve yeni \u00e7a\u011flar<\/strong><\/li>\n<li>Yaz\u0131n\u0131n icad\u0131 bilginin kaydedilmesini sa\u011flad\u0131.<\/li>\n<li>Yaz\u0131, medeniyetlerin s\u00fcreklili\u011fine katk\u0131 sundu.<\/li>\n<li>Buhar makinesi Sanayi Devrimi\u2019ne zemin haz\u0131rlad\u0131.<\/li>\n<li>Bilgisayar bilgi i\u015flem \u00e7a\u011f\u0131n\u0131 ba\u015flatt\u0131.<\/li>\n<li>\u0130nternet k\u00fcresel ileti\u015fimi ve bilgiye eri\u015fimi h\u0131zland\u0131rd\u0131.<\/li>\n<\/ul>\n<\/section>\n<section class=\"tk-kart\" aria-labelledby=\"tarih-oncesi-caglarin-siniflandirilmasi\">\n<h2 id=\"tarih-oncesi-caglarin-siniflandirilmasi\">Tarih \u00d6ncesi \u00c7a\u011flar\u0131n S\u0131n\u0131fland\u0131r\u0131lmas\u0131<\/h2>\n<ul class=\"tk-madde-listesi\">\n<li><strong>S\u0131n\u0131fland\u0131rma \u00f6l\u00e7\u00fctleri<\/strong><\/li>\n<li>Tarih \u00f6ncesi \u00e7a\u011flar, yaz\u0131n\u0131n kullan\u0131lmad\u0131\u011f\u0131 d\u00f6nemleri kapsar.<\/li>\n<li>Bu d\u00f6nemler genellikle ara\u00e7-gere\u00e7lerin yap\u0131ld\u0131\u011f\u0131 malzemeye g\u00f6re s\u0131n\u0131fland\u0131r\u0131l\u0131r.<\/li>\n<li>\u0130ncelemede en \u00f6nemli yard\u0131mc\u0131 bilim arkeolojidir.<\/li>\n<li>Tarih \u00f6ncesi \u00e7a\u011flar her yerde ayn\u0131 anda ya\u015fanmam\u0131\u015ft\u0131r.<\/li>\n<li>Baz\u0131 toplumlar ta\u015f aletler kullan\u0131rken baz\u0131lar\u0131 madenleri i\u015fleyebilmi\u015ftir.<\/li>\n<li>Bu nedenle tarih \u00f6ncesi d\u00f6nemlerin tarihleri b\u00f6lgelere g\u00f6re de\u011fi\u015febilir.<\/li>\n<\/ul>\n<\/section>\n<section class=\"tk-kart\" aria-labelledby=\"tarih-oncesi-caglar\">\n<h2 id=\"tarih-oncesi-caglar\">Tarih \u00d6ncesi \u00c7a\u011flar<\/h2>\n<div class=\"tk-tablo-kapsayici\" role=\"region\" aria-label=\"Ders notu tablosu 1\">\n<table class=\"tk-tablo tk-cok-sutun\">\n<thead>\n<tr>\n<th scope=\"col\"><p><strong>Ta\u015f Devri<\/strong><\/p><\/th>\n<th scope=\"col\"><\/th>\n<th scope=\"col\"><\/th>\n<\/tr>\n<\/thead>\n<tbody>\n<tr>\n<td data-label=\"Ta\u015f Devri\"><p>Alt D\u00f6nem<\/p><\/td>\n<td data-label=\"S\u00fctun 2\"><p>Yakla\u015f\u0131k Tarih<\/p><\/td>\n<td data-label=\"S\u00fctun 3\"><p>Temel \u00d6zellik<\/p><\/td>\n<\/tr>\n<tr>\n<td data-label=\"Ta\u015f Devri\"><p>Paleolitik \/ Eski Ta\u015f \u00c7a\u011f\u0131<\/p><\/td>\n<td data-label=\"S\u00fctun 2\"><p>M\u00d6 600.000 \u2013 12.000<\/p><\/td>\n<td data-label=\"S\u00fctun 3\"><p>Avc\u0131l\u0131k-toplay\u0131c\u0131l\u0131k, ma\u011fara ya\u015fam\u0131, kaba ta\u015f aletler<\/p><\/td>\n<\/tr>\n<tr>\n<td data-label=\"Ta\u015f Devri\"><p>Mezolitik \/ Orta Ta\u015f \u00c7a\u011f\u0131<\/p><\/td>\n<td data-label=\"S\u00fctun 2\"><p>M\u00d6 12.000 \u2013 10.000<\/p><\/td>\n<td data-label=\"S\u00fctun 3\"><p>Ge\u00e7i\u015f d\u00f6nemi, mikrolit aletler, k\u00f6pe\u011fin evcille\u015ftirilmesi<\/p><\/td>\n<\/tr>\n<tr>\n<td data-label=\"Ta\u015f Devri\"><p>Neolitik \/ Yeni Ta\u015f \u00c7a\u011f\u0131<\/p><\/td>\n<td data-label=\"S\u00fctun 2\"><p>M\u00d6 10.000 \u2013 5.500<\/p><\/td>\n<td data-label=\"S\u00fctun 3\"><p>Tar\u0131m, hayvanc\u0131l\u0131k, yerle\u015fik ya\u015fam, k\u00f6yler<\/p><\/td>\n<\/tr>\n<\/tbody>\n<\/table>\n<\/div>\n<div class=\"tk-tablo-kapsayici\" role=\"region\" aria-label=\"Ders notu tablosu 2\">\n<table class=\"tk-tablo tk-cok-sutun\">\n<thead>\n<tr>\n<th scope=\"col\"><p><strong>Maden Devri ve tarih\u00ee \u00e7a\u011flar<\/strong><\/p><\/th>\n<th scope=\"col\"><\/th>\n<th scope=\"col\"><\/th>\n<\/tr>\n<\/thead>\n<tbody>\n<tr>\n<td data-label=\"Maden Devri ve tarih\u00ee \u00e7a\u011flar\"><p>Alt D\u00f6nem<\/p><\/td>\n<td data-label=\"S\u00fctun 2\"><p>Yakla\u015f\u0131k Tarih<\/p><\/td>\n<td data-label=\"S\u00fctun 3\"><p>Temel \u00d6zellik<\/p><\/td>\n<\/tr>\n<tr>\n<td data-label=\"Maden Devri ve tarih\u00ee \u00e7a\u011flar\"><p>Bak\u0131r \/ Kalkolitik \u00c7a\u011f<\/p><\/td>\n<td data-label=\"S\u00fctun 2\"><p>Yakla\u015f\u0131k M\u00d6 5.500\u2019den itibaren<\/p><\/td>\n<td data-label=\"S\u00fctun 3\"><p>Kullan\u0131lan ilk maden bak\u0131rd\u0131r; bak\u0131r dayan\u0131ks\u0131zd\u0131r.<\/p><\/td>\n<\/tr>\n<tr>\n<td data-label=\"Maden Devri ve tarih\u00ee \u00e7a\u011flar\"><p>Tun\u00e7 \u00c7a\u011f\u0131<\/p><\/td>\n<td data-label=\"S\u00fctun 2\"><p>B\u00f6lgelere g\u00f6re de\u011fi\u015fir<\/p><\/td>\n<td data-label=\"S\u00fctun 3\"><p>Bak\u0131r ve kalay\u0131n kar\u0131\u015f\u0131m\u0131 olan tun\u00e7 kullan\u0131lm\u0131\u015ft\u0131r.<\/p><\/td>\n<\/tr>\n<tr>\n<td data-label=\"Maden Devri ve tarih\u00ee \u00e7a\u011flar\"><p>Demir \u00c7a\u011f\u0131<\/p><\/td>\n<td data-label=\"S\u00fctun 2\"><p>B\u00f6lgelere g\u00f6re de\u011fi\u015fir<\/p><\/td>\n<td data-label=\"S\u00fctun 3\"><p>Demir, tun\u00e7tan daha dayan\u0131kl\u0131d\u0131r; sosyal ve asker\u00ee hayat\u0131 etkilemi\u015ftir.<\/p><\/td>\n<\/tr>\n<tr>\n<td data-label=\"Maden Devri ve tarih\u00ee \u00e7a\u011flar\"><p>Yaz\u0131n\u0131n icad\u0131<\/p><\/td>\n<td data-label=\"S\u00fctun 2\"><p>M\u00d6 3.200<\/p><\/td>\n<td data-label=\"S\u00fctun 3\"><p>S\u00fcmerlerin yaz\u0131y\u0131 icat etmesiyle tarih\u00ee \u00e7a\u011flar ba\u015flar.<\/p><\/td>\n<\/tr>\n<\/tbody>\n<\/table>\n<\/div>\n<\/section>\n<section class=\"tk-kart\" aria-labelledby=\"paleolitik-cag-genel-ozellikler\">\n<h2 id=\"paleolitik-cag-genel-ozellikler\">Paleolitik \u00c7a\u011f: Genel \u00d6zellikler<\/h2>\n<ul class=\"tk-madde-listesi\">\n<li><strong>Eski Ta\u015f \u00c7a\u011f\u0131<\/strong><\/li>\n<li>\u0130nsanl\u0131k tarihinin en uzun d\u00f6nemidir.<\/li>\n<li>\u0130nsanlar g\u00f6\u00e7ebe ya\u015fam s\u00fcrm\u00fc\u015ft\u00fcr.<\/li>\n<li>Ekonomik ya\u015fam avc\u0131l\u0131k ve toplay\u0131c\u0131l\u0131\u011fa dayanm\u0131\u015ft\u0131r.<\/li>\n<li>Bu d\u00f6nemde \u00fcretim yoktur; t\u00fcketici ya\u015fam tarz\u0131 h\u00e2kimdir.<\/li>\n<li>Besin bulmak i\u00e7in yer de\u011fi\u015ftirilmi\u015ftir.<\/li>\n<li>Bar\u0131nak olarak ma\u011faralar, kaya s\u0131\u011f\u0131naklar\u0131 ve a\u011fa\u00e7 kovuklar\u0131 kullan\u0131lm\u0131\u015ft\u0131r.<\/li>\n<li><strong>Toplumsal ya\u015fam<\/strong><\/li>\n<li>\u0130nsanlar k\u00fc\u00e7\u00fck gruplar h\u00e2linde ya\u015fam\u0131\u015ft\u0131r.<\/li>\n<li>Hayatta kalmak i\u00e7in i\u015f birli\u011fi \u00f6nemlidir.<\/li>\n<li>Avlanma, toplama, korunma ve bar\u0131nma temel ihtiya\u00e7lard\u0131r.<\/li>\n<li>Toplumsal roller kesin \u00e7izgilerle ayr\u0131lmam\u0131\u015ft\u0131r.<\/li>\n<li>Genel olarak erkekler avc\u0131l\u0131kla ili\u015fkilendirilmi\u015ftir.<\/li>\n<li>Kad\u0131nlar daha \u00e7ok toplay\u0131c\u0131l\u0131k ve \u00e7ocuk bak\u0131m\u0131yla ili\u015fkilendirilmi\u015ftir.<\/li>\n<\/ul>\n<\/section>\n<section class=\"tk-kart\" aria-labelledby=\"paleolitik-cag-teknoloji-ve-sanat\">\n<h2 id=\"paleolitik-cag-teknoloji-ve-sanat\">Paleolitik \u00c7a\u011f: Teknoloji ve Sanat<\/h2>\n<ul class=\"tk-madde-listesi\">\n<li><strong>Aletler ve ma\u011fara resimleri<\/strong><\/li>\n<li>Ta\u015ftan yap\u0131lm\u0131\u015f kaba ve ilkel aletler kullan\u0131lm\u0131\u015ft\u0131r.<\/li>\n<li>Hayvan kemiklerinden de ara\u00e7lar yap\u0131lm\u0131\u015ft\u0131r.<\/li>\n<li>Ate\u015f bu d\u00f6nemin sonlar\u0131na do\u011fru kontrol alt\u0131na al\u0131nm\u0131\u015ft\u0131r.<\/li>\n<li>Ma\u011fara duvarlar\u0131na av sahneleri, hayvan fig\u00fcrleri ve g\u00fcnl\u00fck ya\u015fam resimleri yap\u0131lm\u0131\u015ft\u0131r.<\/li>\n<li>Ma\u011fara resimleri insan\u0131n kendini ifade etti\u011fini g\u00f6sterir.<\/li>\n<li>K\u00fclt\u00fcrel aktar\u0131m\u0131n ve sanat duygusunun geli\u015fti\u011fini g\u00f6sterir.<\/li>\n<\/ul>\n<\/section>\n<section class=\"tk-kart\" aria-labelledby=\"paleolitik-cag-onemli-merkezler\">\n<h2 id=\"paleolitik-cag-onemli-merkezler\">Paleolitik \u00c7a\u011f: \u00d6nemli Merkezler<\/h2>\n<div class=\"tk-tablo-kapsayici\" role=\"region\" aria-label=\"Ders notu tablosu 3\">\n<table class=\"tk-tablo\">\n<thead>\n<tr>\n<th scope=\"col\"><p><strong>Anadolu ve d\u00fcnya \u00f6rnekleri<\/strong><\/p><\/th>\n<th scope=\"col\"><\/th>\n<\/tr>\n<\/thead>\n<tbody>\n<tr>\n<td data-label=\"Anadolu ve d\u00fcnya \u00f6rnekleri\"><p>B\u00f6lge<\/p><\/td>\n<td data-label=\"S\u00fctun 2\"><p>Merkez<\/p><\/td>\n<\/tr>\n<tr>\n<td data-label=\"Anadolu ve d\u00fcnya \u00f6rnekleri\"><p>\u0130stanbul<\/p><\/td>\n<td data-label=\"S\u00fctun 2\"><p>Yar\u0131mburgaz Ma\u011faras\u0131<\/p><\/td>\n<\/tr>\n<tr>\n<td data-label=\"Anadolu ve d\u00fcnya \u00f6rnekleri\"><p>Antalya<\/p><\/td>\n<td data-label=\"S\u00fctun 2\"><p>Karain Ma\u011faras\u0131<\/p><\/td>\n<\/tr>\n<tr>\n<td data-label=\"Anadolu ve d\u00fcnya \u00f6rnekleri\"><p>Antalya<\/p><\/td>\n<td data-label=\"S\u00fctun 2\"><p>Beldibi Ma\u011faras\u0131<\/p><\/td>\n<\/tr>\n<tr>\n<td data-label=\"Anadolu ve d\u00fcnya \u00f6rnekleri\"><p>Antalya<\/p><\/td>\n<td data-label=\"S\u00fctun 2\"><p>\u00d6k\u00fczini Ma\u011faras\u0131<\/p><\/td>\n<\/tr>\n<tr>\n<td data-label=\"Anadolu ve d\u00fcnya \u00f6rnekleri\"><p>D\u00fcnya \u00f6rnekleri<\/p><\/td>\n<td data-label=\"S\u00fctun 2\"><p>Altamira \/ \u0130spanya, Lascaux \/ Fransa<\/p><\/td>\n<\/tr>\n<\/tbody>\n<\/table>\n<\/div>\n<\/section>\n<section class=\"tk-kart\" aria-labelledby=\"mezolitik-cag-genel-ozellikler\">\n<h2 id=\"mezolitik-cag-genel-ozellikler\">Mezolitik \u00c7a\u011f: Genel \u00d6zellikler<\/h2>\n<ul class=\"tk-madde-listesi\">\n<li><strong>Orta Ta\u015f \u00c7a\u011f\u0131<\/strong><\/li>\n<li>Paleolitik ile Neolitik aras\u0131nda ge\u00e7i\u015f d\u00f6nemidir.<\/li>\n<li>Paleolitik ya\u015fam tarz\u0131 b\u00fcy\u00fck \u00f6l\u00e7\u00fcde devam etmi\u015ftir.<\/li>\n<li>\u0130nsanlar h\u00e2l\u00e2 avc\u0131l\u0131k ve toplay\u0131c\u0131l\u0131kla ge\u00e7inmi\u015ftir.<\/li>\n<li>Avc\u0131l\u0131kta uzmanla\u015fma artm\u0131\u015ft\u0131r.<\/li>\n<li>Kullan\u0131lan ara\u00e7lar Paleolitik \u00c7a\u011f\u2019a g\u00f6re geli\u015fmi\u015ftir.<\/li>\n<\/ul>\n<\/section>\n<section class=\"tk-kart\" aria-labelledby=\"mezolitik-cag-mikrolitler-ve-kopek\">\n<h2 id=\"mezolitik-cag-mikrolitler-ve-kopek\">Mezolitik \u00c7a\u011f: Mikrolitler ve K\u00f6pek<\/h2>\n<ul class=\"tk-madde-listesi\">\n<li><strong>Ara\u00e7lar ve evcille\u015ftirme<\/strong><\/li>\n<li>Mikrolitler bu d\u00f6nemin karakteristik ara\u00e7lar\u0131d\u0131r.<\/li>\n<li>Mikrolitler k\u00fc\u00e7\u00fck, geometrik bi\u00e7imli ve i\u015flevsel ta\u015f aletlerdir.<\/li>\n<li>Genellikle \u00e7akmak ta\u015f\u0131 ve obsidyen gibi malzemelerden yap\u0131lm\u0131\u015ft\u0131r.<\/li>\n<li>K\u00f6pek, insanl\u0131k tarihinde evcille\u015ftirilen ilk hayvan olarak kabul edilir.<\/li>\n<li>K\u00f6pe\u011fin evcille\u015ftirilmesi Mezolitik \u00c7a\u011f\u2019\u0131n \u00f6nemli geli\u015fmelerindendir.<\/li>\n<li>Bu geli\u015fme insan ile hayvan ili\u015fkisinin yeni bir a\u015famaya ge\u00e7ti\u011fini g\u00f6sterir.<\/li>\n<\/ul>\n<\/section>\n<section class=\"tk-kart\" aria-labelledby=\"mezolitik-cag-anadolu-merkezleri\">\n<h2 id=\"mezolitik-cag-anadolu-merkezleri\">Mezolitik \u00c7a\u011f: Anadolu Merkezleri<\/h2>\n<div class=\"tk-tablo-kapsayici\" role=\"region\" aria-label=\"Ders notu tablosu 4\">\n<table class=\"tk-tablo\">\n<thead>\n<tr>\n<th scope=\"col\"><p><strong>\u00d6nemli yerle\u015fim alanlar\u0131<\/strong><\/p><\/th>\n<th scope=\"col\"><\/th>\n<\/tr>\n<\/thead>\n<tbody>\n<tr>\n<td data-label=\"\u00d6nemli yerle\u015fim alanlar\u0131\"><p>B\u00f6lge<\/p><\/td>\n<td data-label=\"S\u00fctun 2\"><p>Merkez<\/p><\/td>\n<\/tr>\n<tr>\n<td data-label=\"\u00d6nemli yerle\u015fim alanlar\u0131\"><p>Antalya<\/p><\/td>\n<td data-label=\"S\u00fctun 2\"><p>\u00d6k\u00fczini Ma\u011faras\u0131<\/p><\/td>\n<\/tr>\n<tr>\n<td data-label=\"\u00d6nemli yerle\u015fim alanlar\u0131\"><p>Antalya<\/p><\/td>\n<td data-label=\"S\u00fctun 2\"><p>Beldibi Ma\u011faras\u0131<\/p><\/td>\n<\/tr>\n<tr>\n<td data-label=\"\u00d6nemli yerle\u015fim alanlar\u0131\"><p>Isparta \/ Burdur \u00e7evresi<\/p><\/td>\n<td data-label=\"S\u00fctun 2\"><p>Barad\u0131z Ma\u011faras\u0131<\/p><\/td>\n<\/tr>\n<tr>\n<td data-label=\"\u00d6nemli yerle\u015fim alanlar\u0131\"><p>Samsun<\/p><\/td>\n<td data-label=\"S\u00fctun 2\"><p>Tekkek\u00f6y Ma\u011faras\u0131<\/p><\/td>\n<\/tr>\n<\/tbody>\n<\/table>\n<\/div>\n<\/section>\n<section class=\"tk-kart\" aria-labelledby=\"neolitik-cag-ve-tarim-devrimi\">\n<h2 id=\"neolitik-cag-ve-tarim-devrimi\">Neolitik \u00c7a\u011f ve Tar\u0131m Devrimi<\/h2>\n<ul class=\"tk-madde-listesi\">\n<li><strong>\u00dcretici ya\u015fama ge\u00e7i\u015f<\/strong><\/li>\n<li>\u0130nsanl\u0131k tarihinde \u00fcretici ya\u015fama ge\u00e7i\u015fin ba\u015flad\u0131\u011f\u0131 d\u00f6nemdir.<\/li>\n<li>Tar\u0131m Devrimi bu d\u00f6nemde ger\u00e7ekle\u015fmi\u015ftir.<\/li>\n<li>\u0130nsanlar ilk kez tah\u0131llar\u0131 evcille\u015ftirmi\u015ftir.<\/li>\n<li>Avc\u0131-toplay\u0131c\u0131 ya\u015famdan \u00fcretici ya\u015fama ge\u00e7ilmi\u015ftir.<\/li>\n<li>G\u00f6\u00e7ebe ya\u015famdan yerle\u015fik ya\u015fama ge\u00e7i\u015f ba\u015flam\u0131\u015ft\u0131r.<\/li>\n<li>\u0130lk k\u00f6yler kurulmu\u015ftur.<\/li>\n<\/ul>\n<aside class=\"tk-bilgi-kutusu tk-osym\" role=\"note\" data-tk-table-cell=\"1\">\n<p><strong>\u00d6SYM D\u0130KKAT<\/strong><br> \u0130nsanlar ilk kez tah\u0131llar\u0131 evcille\u015ftirmi\u015ftir.<\/p>\n<\/aside>\n<\/section>\n<section class=\"tk-kart\" aria-labelledby=\"neolitik-cagda-gelisen-alanlar\">\n<h2 id=\"neolitik-cagda-gelisen-alanlar\">Neolitik \u00c7a\u011f\u2019da Geli\u015fen Alanlar<\/h2>\n<ul class=\"tk-madde-listesi\">\n<li><strong>Yerle\u015fme, teknoloji ve depolama<\/strong><\/li>\n<li>N\u00fcfus artt\u0131k\u00e7a k\u00f6yler kasaba ve \u015fehir yerle\u015fmelerine d\u00f6n\u00fc\u015fm\u00fc\u015ft\u00fcr.<\/li>\n<li>Mimari geli\u015fmi\u015ftir.<\/li>\n<li>\u00c7anak-\u00e7\u00f6mlek yap\u0131m\u0131 yayg\u0131nla\u015fm\u0131\u015ft\u0131r.<\/li>\n<li>G\u0131da depolama ihtiyac\u0131 ortaya \u00e7\u0131km\u0131\u015ft\u0131r.<\/li>\n<li>Saban, orak, \u00e7apa, \u00f6\u011f\u00fctme ta\u015f\u0131 ve \u00e7anak-\u00e7\u00f6mlek kullan\u0131lm\u0131\u015ft\u0131r.<\/li>\n<li>Tah\u0131l saklama kaplar\u0131 ve yiyecek depolama alanlar\u0131 geli\u015fmi\u015ftir.<\/li>\n<li><strong>Toplum, k\u00fclt\u00fcr ve y\u00f6netim<\/strong><\/li>\n<li>Toplumsal i\u015f b\u00f6l\u00fcm\u00fc geli\u015fmi\u015ftir.<\/li>\n<li>Zanaatk\u00e2rl\u0131k, ticaret ve y\u00f6neticilik gibi i\u015f alanlar\u0131n\u0131n temelleri at\u0131lm\u0131\u015ft\u0131r.<\/li>\n<li>\u00d6zel m\u00fclkiyet ve sosyal s\u0131n\u0131flar olu\u015fmaya ba\u015flam\u0131\u015ft\u0131r.<\/li>\n<li>Sanat, din, mimari ve rit\u00fcel yap\u0131lar geli\u015fmi\u015ftir.<\/li>\n<li>Art\u0131 \u00fcr\u00fcn\u00fcn korunmas\u0131 y\u00f6netim ihtiyac\u0131n\u0131 art\u0131rm\u0131\u015ft\u0131r.<\/li>\n<li>Toplum d\u00fczeninin sa\u011flanmas\u0131 da y\u00f6netim ihtiyac\u0131n\u0131 art\u0131rm\u0131\u015ft\u0131r.<\/li>\n<\/ul>\n<\/section>\n<section class=\"tk-kart\" aria-labelledby=\"tarim-nasil-basladi\">\n<h2 id=\"tarim-nasil-basladi\">Tar\u0131m Nas\u0131l Ba\u015flad\u0131?<\/h2>\n<ul class=\"tk-madde-listesi\">\n<li><strong>Tar\u0131m Devrimi\u2019ne giden s\u00fcre\u00e7<\/strong><\/li>\n<li>\u0130lk insanlar do\u011fadan toplad\u0131klar\u0131 tah\u0131l ve meyvelerin tohumlar\u0131n\u0131 ay\u0131rmay\u0131 \u00f6\u011frendi.<\/li>\n<li>Bu tohumlar\u0131n topra\u011fa ekildi\u011finde yeniden \u00fcr\u00fcn verdi\u011fini fark etti.<\/li>\n<li>Do\u011fada haz\u0131r bulunan besinleri t\u00fcketmek yerine besin \u00fcretmeye ba\u015flad\u0131.<\/li>\n<li>B\u00f6ylece Tar\u0131m Devrimi ger\u00e7ekle\u015fti.<\/li>\n<li>Tar\u0131m, d\u00fczenli ve g\u00fcvenilir besin \u00fcretimiyle ili\u015fkilendirildi.<\/li>\n<\/ul>\n<\/section>\n<section class=\"tk-kart\" aria-labelledby=\"tarim-devriminin-faktorleri\">\n<h2 id=\"tarim-devriminin-faktorleri\">Tar\u0131m Devrimi\u2019nin Fakt\u00f6rleri<\/h2>\n<ul class=\"tk-madde-listesi\">\n<li><strong>\u00c7evresel ve do\u011fal ko\u015fullar<\/strong><\/li>\n<li>Son Buzul \u00c7a\u011f\u0131\u2019n\u0131n sona ermesiyle d\u00fcnya \u0131s\u0131nm\u0131\u015ft\u0131r.<\/li>\n<li>Buzullar erimi\u015f ve baz\u0131 b\u00f6lgeler tar\u0131ma daha uygun h\u00e2le gelmi\u015ftir.<\/li>\n<li>Nehir kenarlar\u0131ndaki al\u00fcvyonlu ve sulak araziler tar\u0131ma elveri\u015fli ortam sa\u011flam\u0131\u015ft\u0131r.<\/li>\n<li>F\u0131rat, Dicle, Sar\u0131 Irmak, G\u00f6k Irmak, \u0130ndus ve Ganj gibi nehirler tar\u0131m\u0131 kolayla\u015ft\u0131rm\u0131\u015ft\u0131r.<\/li>\n<li><strong>\u0130htiya\u00e7, ara\u00e7 ve i\u015f birli\u011fi<\/strong><\/li>\n<li>Ta\u015f ve a\u011fa\u00e7tan delici, kaz\u0131c\u0131 ve kesici aletler yap\u0131lm\u0131\u015ft\u0131r.<\/li>\n<li>N\u00fcfus art\u0131\u015f\u0131 insanlar\u0131 yeni besin kaynaklar\u0131 aramaya y\u00f6neltmi\u015ftir.<\/li>\n<li>Do\u011fal kaynaklar\u0131n azalmas\u0131 yeni besin aray\u0131\u015f\u0131n\u0131 art\u0131rm\u0131\u015ft\u0131r.<\/li>\n<li>Tar\u0131m, sulama, hasat ve depolama birlikte \u00e7al\u0131\u015fmay\u0131 gerektirmi\u015ftir.<\/li>\n<li>D\u00fczenli ve g\u00fcvenilir besin \u00fcretimi insanlar\u0131 tar\u0131ma y\u00f6neltmi\u015ftir.<\/li>\n<\/ul>\n<\/section>\n<section class=\"tk-kart\" aria-labelledby=\"tarim-devriminin-basladigi-bolgeler\">\n<h2 id=\"tarim-devriminin-basladigi-bolgeler\">Tar\u0131m Devrimi\u2019nin Ba\u015flad\u0131\u011f\u0131 B\u00f6lgeler<\/h2>\n<div class=\"tk-tablo-kapsayici\" role=\"region\" aria-label=\"Ders notu tablosu 6\">\n<table class=\"tk-tablo tk-cok-sutun\">\n<thead>\n<tr>\n<th scope=\"col\"><p><strong>Ba\u015fl\u0131ca co\u011frafyalar<\/strong><\/p><\/th>\n<th scope=\"col\"><\/th>\n<th scope=\"col\"><\/th>\n<th scope=\"col\"><\/th>\n<\/tr>\n<\/thead>\n<tbody>\n<tr>\n<td data-label=\"Ba\u015fl\u0131ca co\u011frafyalar\"><p>B\u00f6lge<\/p><\/td>\n<td data-label=\"S\u00fctun 2\"><p>Yakla\u015f\u0131k Tarih<\/p><\/td>\n<td data-label=\"S\u00fctun 3\"><p>Ba\u015fl\u0131ca \u00dcr\u00fcnler<\/p><\/td>\n<td data-label=\"S\u00fctun 4\"><p>Ay\u0131rt Edici Bilgi<\/p><\/td>\n<\/tr>\n<tr>\n<td data-label=\"Ba\u015fl\u0131ca co\u011frafyalar\"><p>Mezopotamya<\/p><\/td>\n<td data-label=\"S\u00fctun 2\"><p>M\u00d6 10.000<\/p><\/td>\n<td data-label=\"S\u00fctun 3\"><p>Bu\u011fday, arpa, mercimek, bezelye<\/p><\/td>\n<td data-label=\"S\u00fctun 4\"><p>\u0130lk tah\u0131l evcille\u015ftirme alanlar\u0131ndan; bu\u011fday \u00f6ne \u00e7\u0131kar.<\/p><\/td>\n<\/tr>\n<tr>\n<td data-label=\"Ba\u015fl\u0131ca co\u011frafyalar\"><p>G\u00fcneydo\u011fu \/ Do\u011fu Asya<\/p><\/td>\n<td data-label=\"S\u00fctun 2\"><p>M\u00d6 8.000<\/p><\/td>\n<td data-label=\"S\u00fctun 3\"><p>Pirin\u00e7, dar\u0131, soya fasulyesi, muz<\/p><\/td>\n<td data-label=\"S\u00fctun 4\"><p>Pirin\u00e7 tar\u0131m\u0131 \u00f6ne \u00e7\u0131kar.<\/p><\/td>\n<\/tr>\n<tr>\n<td data-label=\"Ba\u015fl\u0131ca co\u011frafyalar\"><p>Orta Amerika \/ Meksika<\/p><\/td>\n<td data-label=\"S\u00fctun 2\"><p>M\u00d6 7.000<\/p><\/td>\n<td data-label=\"S\u00fctun 3\"><p>M\u0131s\u0131r, avokado, fasulye, bal kaba\u011f\u0131<\/p><\/td>\n<td data-label=\"S\u00fctun 4\"><p>Teosinte adl\u0131 yabani bitkiden m\u0131s\u0131r elde edilmi\u015ftir.<\/p><\/td>\n<\/tr>\n<\/tbody>\n<\/table>\n<\/div>\n<\/section>\n<section class=\"tk-kart\" aria-labelledby=\"mezopotamyanin-tarima-elverisliligi\">\n<h2 id=\"mezopotamyanin-tarima-elverisliligi\">Mezopotamya\u2019n\u0131n Tar\u0131ma Elveri\u015flili\u011fi<\/h2>\n<ul class=\"tk-madde-listesi\">\n<li><strong>F\u0131rat ve Dicle \u00e7evresi<\/strong><\/li>\n<li>Mezopotamya \u201ciki nehir aras\u0131\u201d anlam\u0131na gelir.<\/li>\n<li>F\u0131rat ve Dicle nehirleri aras\u0131nda yer al\u0131r.<\/li>\n<li>Za\u011fros Da\u011flar\u0131, Toroslar\u0131n etekleri ve Suriye \u00c7\u00f6l\u00fc aras\u0131nda kalan bereketli topraklar\u0131 kapsar.<\/li>\n<li>\u201cBereketli Hilal\u201d olarak da adland\u0131r\u0131l\u0131r.<\/li>\n<li>Yazlar\u0131 kurak ge\u00e7ti\u011fi i\u00e7in sulama sistemlerine ihtiya\u00e7 duyulmu\u015ftur.<\/li>\n<li>Sulama kanallar\u0131 ve y\u00f6netim organizasyonu tar\u0131msal \u00fcretimi art\u0131rm\u0131\u015ft\u0131r.<\/li>\n<\/ul>\n<\/section>\n<section class=\"tk-kart\" aria-labelledby=\"guneydogu-dogu-asyanin-elverisliligi\">\n<h2 id=\"guneydogu-dogu-asyanin-elverisliligi\">G\u00fcneydo\u011fu \/ Do\u011fu Asya\u2019n\u0131n Elveri\u015flili\u011fi<\/h2>\n<ul class=\"tk-madde-listesi\">\n<li><strong>Nehirler, ya\u011f\u0131\u015f ve pirin\u00e7<\/strong><\/li>\n<li>\u00c7in\u2019in g\u00fcneyinden Yeni Gine\u2019ye ve Hindistan\u2019\u0131n do\u011fusuna uzanan geni\u015f bir co\u011frafyay\u0131 kapsar.<\/li>\n<li>Sar\u0131 Irmak, G\u00f6k Irmak, Ganj ve \u0130ndus gibi nehirlerin sulad\u0131\u011f\u0131 alanlara sahiptir.<\/li>\n<li>L\u00f6s topraklar sulak ve verimlidir.<\/li>\n<li>Muson iklimi y\u0131l\u0131n belli d\u00f6nemlerinde bol ya\u011f\u0131\u015f getirir.<\/li>\n<li>Geni\u015f ve d\u00fcz araziler sulu tar\u0131ma uygundur.<\/li>\n<li>Bu b\u00f6lgede pirin\u00e7 \u00fcretimi \u00f6n plana \u00e7\u0131km\u0131\u015ft\u0131r.<\/li>\n<\/ul>\n<\/section>\n<section class=\"tk-kart\" aria-labelledby=\"orta-amerikanin-tarima-elverisliligi\">\n<h2 id=\"orta-amerikanin-tarima-elverisliligi\">Orta Amerika\u2019n\u0131n Tar\u0131ma Elveri\u015flili\u011fi<\/h2>\n<ul class=\"tk-madde-listesi\">\n<li><strong>G\u00f6l, nehir ve \u00fcr\u00fcn \u00e7e\u015fitlili\u011fi<\/strong><\/li>\n<li>Kuzey Amerika ile G\u00fcney Amerika\u2019y\u0131 birbirine ba\u011flayan kara par\u00e7as\u0131d\u0131r.<\/li>\n<li>Meksika K\u00f6rfezi\u2019nin kuzeyinden g\u00fcneye do\u011fru uzan\u0131r.<\/li>\n<li>B\u00f6lgede \u00e7ok say\u0131da g\u00f6l ve nehir bulunur.<\/li>\n<li>Arazinin \u00f6nemli b\u00f6l\u00fcm\u00fc tar\u0131ma elveri\u015flidir.<\/li>\n<li>Tropikal iklim y\u0131l boyunca bitki yeti\u015fmesine imk\u00e2n vermi\u015ftir.<\/li>\n<li>Bu b\u00f6lgede m\u0131s\u0131r \u00fcretimi \u00f6ne \u00e7\u0131km\u0131\u015ft\u0131r.<\/li>\n<\/ul>\n<\/section>\n<section class=\"tk-kart\" aria-labelledby=\"uc-bolgenin-karsilastirilmasi\">\n<h2 id=\"uc-bolgenin-karsilastirilmasi\">\u00dc\u00e7 B\u00f6lgenin Kar\u015f\u0131la\u015ft\u0131r\u0131lmas\u0131<\/h2>\n<div class=\"tk-tablo-kapsayici\" role=\"region\" aria-label=\"Ders notu tablosu 7\">\n<table class=\"tk-tablo tk-cok-sutun\">\n<thead>\n<tr>\n<th scope=\"col\"><p><strong>Benzerlikler ve farkl\u0131l\u0131klar<\/strong><\/p><\/th>\n<th scope=\"col\"><\/th>\n<th scope=\"col\"><\/th>\n<\/tr>\n<\/thead>\n<tbody>\n<tr>\n<td data-label=\"Benzerlikler ve farkl\u0131l\u0131klar\"><p>B\u00f6lge<\/p><\/td>\n<td data-label=\"S\u00fctun 2\"><p>Benzerlikler<\/p><\/td>\n<td data-label=\"S\u00fctun 3\"><p>Farkl\u0131l\u0131klar<\/p><\/td>\n<\/tr>\n<tr>\n<td data-label=\"Benzerlikler ve farkl\u0131l\u0131klar\"><p>Mezopo-tamya<\/p><\/td>\n<td data-label=\"S\u00fctun 2\"><p>Su kaynaklar\u0131, verimli topraklar, tar\u0131m\u0131n merkez\u00ee rol\u00fc<\/p><\/td>\n<td data-label=\"S\u00fctun 3\"><p>F\u0131rat ve Dicle, kurak yazlar, sulama sistemleri, bu\u011fday<\/p><\/td>\n<\/tr>\n<tr>\n<td data-label=\"Benzerlikler ve farkl\u0131l\u0131klar\"><p>G\u00fcneydo\u011fu \/ Do\u011fu Asya<\/p><\/td>\n<td data-label=\"S\u00fctun 2\"><p>Su kaynaklar\u0131, tar\u0131ma elveri\u015fli ovalar, bitki evcille\u015ftirme<\/p><\/td>\n<td data-label=\"S\u00fctun 3\"><p>Muson iklimi, pirin\u00e7 tar\u0131m\u0131, sulak l\u00f6s topraklar, sel riski<\/p><\/td>\n<\/tr>\n<tr>\n<td data-label=\"Benzerlikler ve farkl\u0131l\u0131klar\"><p>Orta Amerika<\/p><\/td>\n<td data-label=\"S\u00fctun 2\"><p>G\u00f6l ve nehir \u00e7evrelerinde tar\u0131ma uygun alanlar, \u00fcr\u00fcn \u00e7e\u015fitlili\u011fi<\/p><\/td>\n<td data-label=\"S\u00fctun 3\"><p>Tropikal iklim, da\u011fl\u0131k arazi, yo\u011fun ya\u011f\u0131\u015f, m\u0131s\u0131r, teosinte<\/p><\/td>\n<\/tr>\n<\/tbody>\n<\/table>\n<\/div>\n<\/section>\n<section class=\"tk-kart\" aria-labelledby=\"tarim-devrimi-bagimsiz-mi-gelisti\">\n<h2 id=\"tarim-devrimi-bagimsiz-mi-gelisti\">Tar\u0131m Devrimi Ba\u011f\u0131ms\u0131z m\u0131 Geli\u015fti?<\/h2>\n<ul class=\"tk-madde-listesi\">\n<li><strong>Farkl\u0131 co\u011frafyalarda farkl\u0131 \u00fcr\u00fcnler<\/strong><\/li>\n<li>Tar\u0131m Devrimi\u2019nin farkl\u0131 co\u011frafyalarda ba\u011f\u0131ms\u0131z olarak ortaya \u00e7\u0131kt\u0131\u011f\u0131 kabul edilir.<\/li>\n<li>Mezopotamya\u2019da bu\u011fday\u0131n \u00f6ne \u00e7\u0131kmas\u0131 bu g\u00f6r\u00fc\u015f\u00fc destekler.<\/li>\n<li>Asya\u2019da pirincin \u00f6ne \u00e7\u0131kmas\u0131 ba\u011f\u0131ms\u0131z geli\u015fimi destekler.<\/li>\n<li>Orta Amerika\u2019da m\u0131s\u0131r\u0131n \u00f6ne \u00e7\u0131kmas\u0131 ba\u011f\u0131ms\u0131z geli\u015fimi destekler.<\/li>\n<li>Farkl\u0131 bitki t\u00fcrleri, farkl\u0131 iklim ko\u015fullar\u0131 ve farkl\u0131 tar\u0131m teknikleri vard\u0131r.<\/li>\n<\/ul>\n<\/section>\n<section class=\"tk-kart\" aria-labelledby=\"tarim-devrimi-oncesi-ve-sonrasi\">\n<h2 id=\"tarim-devrimi-oncesi-ve-sonrasi\">Tar\u0131m Devrimi \u00d6ncesi ve Sonras\u0131<\/h2>\n<div class=\"tk-tablo-kapsayici\" role=\"region\" aria-label=\"Ders notu tablosu 8\">\n<table class=\"tk-tablo tk-cok-sutun\">\n<thead>\n<tr>\n<th scope=\"col\"><p><strong>Ya\u015fam, ekonomi ve yerle\u015fme<\/strong><\/p><\/th>\n<th scope=\"col\"><\/th>\n<th scope=\"col\"><\/th>\n<\/tr>\n<\/thead>\n<tbody>\n<tr>\n<td data-label=\"Ya\u015fam, ekonomi ve yerle\u015fme\"><p>Alan<\/p><\/td>\n<td data-label=\"S\u00fctun 2\"><p>\u00d6ncesi<\/p><\/td>\n<td data-label=\"S\u00fctun 3\"><p>Sonras\u0131<\/p><\/td>\n<\/tr>\n<tr>\n<td data-label=\"Ya\u015fam, ekonomi ve yerle\u015fme\"><p>Ya\u015fam bi\u00e7imi<\/p><\/td>\n<td data-label=\"S\u00fctun 2\"><p>G\u00f6\u00e7ebe ya\u015fam<\/p><\/td>\n<td data-label=\"S\u00fctun 3\"><p>Yerle\u015fik ya\u015fam<\/p><\/td>\n<\/tr>\n<tr>\n<td data-label=\"Ya\u015fam, ekonomi ve yerle\u015fme\"><p>Ekonomi<\/p><\/td>\n<td data-label=\"S\u00fctun 2\"><p>Avc\u0131l\u0131k ve toplay\u0131c\u0131l\u0131k<\/p><\/td>\n<td data-label=\"S\u00fctun 3\"><p>Tar\u0131m, hayvanc\u0131l\u0131k, \u00fcretim<\/p><\/td>\n<\/tr>\n<tr>\n<td data-label=\"Ya\u015fam, ekonomi ve yerle\u015fme\"><p>Yerle\u015fme<\/p><\/td>\n<td data-label=\"S\u00fctun 2\"><p>Ma\u011fara, kaya s\u0131\u011f\u0131na\u011f\u0131, ge\u00e7ici bar\u0131nak<\/p><\/td>\n<td data-label=\"S\u00fctun 3\"><p>K\u00f6y, kasaba, \u015fehir<\/p><\/td>\n<\/tr>\n<tr>\n<td data-label=\"Ya\u015fam, ekonomi ve yerle\u015fme\"><p>Beslenme<\/p><\/td>\n<td data-label=\"S\u00fctun 2\"><p>Do\u011fadan haz\u0131r besin toplama<\/p><\/td>\n<td data-label=\"S\u00fctun 3\"><p>Besin \u00fcretme ve depolama<\/p><\/td>\n<\/tr>\n<tr>\n<td data-label=\"Ya\u015fam, ekonomi ve yerle\u015fme\"><p>N\u00fcfus<\/p><\/td>\n<td data-label=\"S\u00fctun 2\"><p>Az ve da\u011f\u0131n\u0131k n\u00fcfus<\/p><\/td>\n<td data-label=\"S\u00fctun 3\"><p>H\u0131zl\u0131 n\u00fcfus art\u0131\u015f\u0131<\/p><\/td>\n<\/tr>\n<\/tbody>\n<\/table>\n<\/div>\n<div class=\"tk-tablo-kapsayici\" role=\"region\" aria-label=\"Ders notu tablosu 9\">\n<table class=\"tk-tablo tk-cok-sutun\">\n<thead>\n<tr>\n<th scope=\"col\"><p><strong>Toplum, y\u00f6netim ve teknoloji<\/strong><\/p><\/th>\n<th scope=\"col\"><\/th>\n<th scope=\"col\"><\/th>\n<\/tr>\n<\/thead>\n<tbody>\n<tr>\n<td data-label=\"Toplum, y\u00f6netim ve teknoloji\"><p>Alan<\/p><\/td>\n<td data-label=\"S\u00fctun 2\"><p>\u00d6ncesi<\/p><\/td>\n<td data-label=\"S\u00fctun 3\"><p>Sonras\u0131<\/p><\/td>\n<\/tr>\n<tr>\n<td data-label=\"Toplum, y\u00f6netim ve teknoloji\"><p>M\u00fclkiyet<\/p><\/td>\n<td data-label=\"S\u00fctun 2\"><p>Ta\u015f\u0131nabilir e\u015fyalar \u00f6nemli<\/p><\/td>\n<td data-label=\"S\u00fctun 3\"><p>Toprak, ev, \u00fcr\u00fcn ve depo \u00f6zel m\u00fclkiyeti do\u011furdu<\/p><\/td>\n<\/tr>\n<tr>\n<td data-label=\"Toplum, y\u00f6netim ve teknoloji\"><p>Ticaret<\/p><\/td>\n<td data-label=\"S\u00fctun 2\"><p>S\u0131n\u0131rl\u0131 de\u011fi\u015f toku\u015f<\/p><\/td>\n<td data-label=\"S\u00fctun 3\"><p>Takas, pazar ve ticaret geli\u015fti<\/p><\/td>\n<\/tr>\n<tr>\n<td data-label=\"Toplum, y\u00f6netim ve teknoloji\"><p>Toplumsal yap\u0131<\/p><\/td>\n<td data-label=\"S\u00fctun 2\"><p>K\u00fc\u00e7\u00fck ve sade topluluklar<\/p><\/td>\n<td data-label=\"S\u00fctun 3\"><p>\u0130\u015f b\u00f6l\u00fcm\u00fc, uzmanla\u015fma, sosyal s\u0131n\u0131flar<\/p><\/td>\n<\/tr>\n<tr>\n<td data-label=\"Toplum, y\u00f6netim ve teknoloji\"><p>Y\u00f6netim<\/p><\/td>\n<td data-label=\"S\u00fctun 2\"><p>Basit grup d\u00fczeni<\/p><\/td>\n<td data-label=\"S\u00fctun 3\"><p>Y\u00f6netim organizasyonu, \u015fehir devletleri, devlet<\/p><\/td>\n<\/tr>\n<tr>\n<td data-label=\"Toplum, y\u00f6netim ve teknoloji\"><p>Teknoloji<\/p><\/td>\n<td data-label=\"S\u00fctun 2\"><p>Kaba ta\u015f aletler<\/p><\/td>\n<td data-label=\"S\u00fctun 3\"><p>Saban, orak, \u00e7apa, \u00e7\u00f6mlek, sulama, depolama ara\u00e7lar\u0131<\/p><\/td>\n<\/tr>\n<\/tbody>\n<\/table>\n<\/div>\n<\/section>\n<section class=\"tk-kart\" aria-labelledby=\"olumlu-ve-olumsuz-sonuclar\">\n<h2 id=\"olumlu-ve-olumsuz-sonuclar\">Olumlu ve Olumsuz Sonu\u00e7lar<\/h2>\n<div class=\"tk-tablo-kapsayici\" role=\"region\" aria-label=\"Ders notu tablosu 10\">\n<table class=\"tk-tablo\">\n<thead>\n<tr>\n<th scope=\"col\"><p><strong>Tar\u0131m Devrimi\u2019nin etkileri<\/strong><\/p><\/th>\n<th scope=\"col\"><\/th>\n<\/tr>\n<\/thead>\n<tbody>\n<tr>\n<td data-label=\"Tar\u0131m Devrimi\u2019nin etkileri\"><p>Olumlu Sonu\u00e7lar<\/p><\/td>\n<td data-label=\"S\u00fctun 2\"><p>Olumsuz Sonu\u00e7lar<\/p><\/td>\n<\/tr>\n<tr>\n<td data-label=\"Tar\u0131m Devrimi\u2019nin etkileri\"><p>Yerle\u015fik ya\u015fam ba\u015flad\u0131.<\/p><\/td>\n<td data-label=\"S\u00fctun 2\"><p>Toprak ve su kaynaklar\u0131 i\u00e7in \u00e7at\u0131\u015fmalar artt\u0131.<\/p><\/td>\n<\/tr>\n<tr>\n<td data-label=\"Tar\u0131m Devrimi\u2019nin etkileri\"><p>D\u00fczenli besin \u00fcretildi; n\u00fcfus artt\u0131.<\/p><\/td>\n<td data-label=\"S\u00fctun 2\"><p>Toplumsal e\u015fitsizlikler olu\u015ftu.<\/p><\/td>\n<\/tr>\n<tr>\n<td data-label=\"Tar\u0131m Devrimi\u2019nin etkileri\"><p>K\u00f6yler ve \u015fehirler kuruldu; ticaret geli\u015fti.<\/p><\/td>\n<td data-label=\"S\u00fctun 2\"><p>\u00d6zel m\u00fclkiyet kavgalar\u0131 ba\u015flad\u0131.<\/p><\/td>\n<\/tr>\n<tr>\n<td data-label=\"Tar\u0131m Devrimi\u2019nin etkileri\"><p>Zanaatk\u00e2rl\u0131k ve i\u015f b\u00f6l\u00fcm\u00fc geli\u015fti.<\/p><\/td>\n<td data-label=\"S\u00fctun 2\"><p>Sava\u015flar daha organize h\u00e2le geldi.<\/p><\/td>\n<\/tr>\n<tr>\n<td data-label=\"Tar\u0131m Devrimi\u2019nin etkileri\"><p>Devletle\u015fme s\u00fcreci ba\u015flad\u0131.<\/p><\/td>\n<td data-label=\"S\u00fctun 2\"><p>\u00c7evre \u00fczerindeki bask\u0131 ve sosyal hiyerar\u015fi derinle\u015fti.<\/p><\/td>\n<\/tr>\n<\/tbody>\n<\/table>\n<\/div>\n<\/section>\n<section class=\"tk-kart\" aria-labelledby=\"tarim-devrimi-ve-is-bolumu\">\n<h2 id=\"tarim-devrimi-ve-is-bolumu\">Tar\u0131m Devrimi ve \u0130\u015f B\u00f6l\u00fcm\u00fc<\/h2>\n<ul class=\"tk-madde-listesi\">\n<li><strong>Tar\u0131m \u00f6ncesi ve sonras\u0131<\/strong><\/li>\n<li>Avc\u0131-toplay\u0131c\u0131 d\u00f6nemde insanlar hayatta kalmak i\u00e7in birlikte hareket etmi\u015ftir.<\/li>\n<li>Avlanma, toplama, bar\u0131nak haz\u0131rlama ve korunma gibi i\u015fler payla\u015f\u0131lm\u0131\u015ft\u0131r.<\/li>\n<li>Genel e\u011filim olarak erkekler avc\u0131l\u0131kla, kad\u0131nlar toplay\u0131c\u0131l\u0131k ve \u00e7ocuk bak\u0131m\u0131yla ili\u015fkilendirilmi\u015ftir.<\/li>\n<li>Bu ayr\u0131m kesin ve de\u011fi\u015fmez de\u011fildir; toplulu\u011fun ihtiyac\u0131na g\u00f6re de\u011fi\u015febilmi\u015ftir.<\/li>\n<li>Tar\u0131m Devrimi ile hayvanc\u0131l\u0131k da geli\u015fmi\u015ftir.<\/li>\n<li>Tar\u0131m \u00fcretimi zor oldu\u011fu i\u00e7in kalabal\u0131k topluluklar ve i\u015f birli\u011fi gerekli h\u00e2le gelmi\u015ftir.<\/li>\n<\/ul>\n<\/section>\n<section class=\"tk-kart\" aria-labelledby=\"takas-ve-pazarlarin-dogusu\">\n<h2 id=\"takas-ve-pazarlarin-dogusu\">Takas ve Pazarlar\u0131n Do\u011fu\u015fu<\/h2>\n<ul class=\"tk-madde-listesi\">\n<li><strong>De\u011fi\u015f toku\u015ftan pazara<\/strong><\/li>\n<li>\u0130lk k\u00f6y ve kasabalarda insanlar tar\u0131msal tecr\u00fcbelerini kom\u015fular\u0131yla payla\u015fm\u0131\u015ft\u0131r.<\/li>\n<li>Farkl\u0131 \u00fcr\u00fcnler \u00fcreten topluluklar \u00fcr\u00fcnlerini birbirleriyle de\u011fi\u015ftirmi\u015ftir.<\/li>\n<li>Ba\u015flang\u0131\u00e7ta yard\u0131mla\u015fma ve akrabal\u0131k ili\u015fkileri \u00f6nemlidir.<\/li>\n<li>Zamanla bu de\u011fi\u015f toku\u015f takas ekonomisine d\u00f6n\u00fc\u015fm\u00fc\u015ft\u00fcr.<\/li>\n<li>Pazarlar, \u00fcretici ve t\u00fcccarlar\u0131n mallar\u0131n\u0131 de\u011fi\u015ftirdikleri yerler h\u00e2line gelmi\u015ftir.<\/li>\n<\/ul>\n<\/section>\n<section class=\"tk-kart\" aria-labelledby=\"anadoludaki-tarih-oncesi-merkezler\">\n<h2 id=\"anadoludaki-tarih-oncesi-merkezler\">Anadolu\u2019daki Tarih \u00d6ncesi Merkezler<\/h2>\n<div class=\"tk-tablo-kapsayici\" role=\"region\" aria-label=\"Ders notu tablosu 11\">\n<table class=\"tk-tablo tk-cok-sutun\">\n<thead>\n<tr>\n<th scope=\"col\"><p><strong>Paleolitik ve Mezolitik izler<\/strong><\/p><\/th>\n<th scope=\"col\"><\/th>\n<th scope=\"col\"><\/th>\n<\/tr>\n<\/thead>\n<tbody>\n<tr>\n<td data-label=\"Paleolitik ve Mezolitik izler\"><p>Merkez<\/p><\/td>\n<td data-label=\"S\u00fctun 2\"><p>Bulundu\u011fu Yer<\/p><\/td>\n<td data-label=\"S\u00fctun 3\"><p>\u00d6nemi<\/p><\/td>\n<\/tr>\n<tr>\n<td data-label=\"Paleolitik ve Mezolitik izler\"><p>Yar\u0131mburgaz<\/p><\/td>\n<td data-label=\"S\u00fctun 2\"><p>\u0130stanbul<\/p><\/td>\n<td data-label=\"S\u00fctun 3\"><p>Paleolitik \u00c7a\u011f yerle\u015fim izleri<\/p><\/td>\n<\/tr>\n<tr>\n<td data-label=\"Paleolitik ve Mezolitik izler\"><p>Karain<\/p><\/td>\n<td data-label=\"S\u00fctun 2\"><p>Antalya<\/p><\/td>\n<td data-label=\"S\u00fctun 3\"><p>Paleolitik \u00c7a\u011f\u2019\u0131n \u00f6nemli ma\u011fara yerle\u015fmelerinden<\/p><\/td>\n<\/tr>\n<tr>\n<td data-label=\"Paleolitik ve Mezolitik izler\"><p>Beldibi<\/p><\/td>\n<td data-label=\"S\u00fctun 2\"><p>Antalya<\/p><\/td>\n<td data-label=\"S\u00fctun 3\"><p>Paleolitik ve Mezolitik izler<\/p><\/td>\n<\/tr>\n<tr>\n<td data-label=\"Paleolitik ve Mezolitik izler\"><p>\u00d6k\u00fczini<\/p><\/td>\n<td data-label=\"S\u00fctun 2\"><p>Antalya<\/p><\/td>\n<td data-label=\"S\u00fctun 3\"><p>Paleolitik ve Mezolitik izler<\/p><\/td>\n<\/tr>\n<tr>\n<td data-label=\"Paleolitik ve Mezolitik izler\"><p>Tekkek\u00f6y<\/p><\/td>\n<td data-label=\"S\u00fctun 2\"><p>Samsun<\/p><\/td>\n<td data-label=\"S\u00fctun 3\"><p>Mezolitik \u00c7a\u011f yerle\u015fimlerinden<\/p><\/td>\n<\/tr>\n<tr>\n<td data-label=\"Paleolitik ve Mezolitik izler\"><p>Barad\u0131z<\/p><\/td>\n<td data-label=\"S\u00fctun 2\"><p>Isparta \/ Burdur \u00e7evresi<\/p><\/td>\n<td data-label=\"S\u00fctun 3\"><p>Mezolitik \u00c7a\u011f yerle\u015fimlerinden<\/p><\/td>\n<\/tr>\n<tr>\n<td data-label=\"Paleolitik ve Mezolitik izler\"><p>Hac\u0131lar<\/p><\/td>\n<td data-label=\"S\u00fctun 2\"><p>Burdur<\/p><\/td>\n<td data-label=\"S\u00fctun 3\"><p>Bat\u0131 Anadolu\u2019nun \u00f6nemli Neolitik yerle\u015fmesi<\/p><\/td>\n<\/tr>\n<tr>\n<td data-label=\"Paleolitik ve Mezolitik izler\"><p>A\u015f\u0131kl\u0131 H\u00f6y\u00fck<\/p><\/td>\n<td data-label=\"S\u00fctun 2\"><p>Aksaray<\/p><\/td>\n<td data-label=\"S\u00fctun 3\"><p>Orta Anadolu\u2019da erken yerle\u015fik ya\u015fam \u00f6rneklerinden<\/p><\/td>\n<\/tr>\n<tr>\n<td data-label=\"Paleolitik ve Mezolitik izler\"><p>Cafer H\u00f6y\u00fck<\/p><\/td>\n<td data-label=\"S\u00fctun 2\"><p>Malatya<\/p><\/td>\n<td data-label=\"S\u00fctun 3\"><p>Do\u011fu Anadolu\u2019nun \u00f6nemli Neolitik merkezlerinden<\/p><\/td>\n<\/tr>\n<tr>\n<td data-label=\"Paleolitik ve Mezolitik izler\"><p>\u00c7atalh\u00f6y\u00fck<\/p><\/td>\n<td data-label=\"S\u00fctun 2\"><p>Konya \/ \u00c7umra<\/p><\/td>\n<td data-label=\"S\u00fctun 3\"><p>\u0130lk b\u00fcy\u00fck \u015fehir yerle\u015fmelerinden \/ proto-kentlerden<\/p><\/td>\n<\/tr>\n<tr>\n<td data-label=\"Paleolitik ve Mezolitik izler\"><p>G\u00f6beklitepe<\/p><\/td>\n<td data-label=\"S\u00fctun 2\"><p>\u015eanl\u0131urfa<\/p><\/td>\n<td data-label=\"S\u00fctun 3\"><p>Bilinen en eski an\u0131tsal rit\u00fcel merkezlerden<\/p><\/td>\n<\/tr>\n<tr>\n<td data-label=\"Paleolitik ve Mezolitik izler\"><p>\u00c7ay\u00f6n\u00fc<\/p><\/td>\n<td data-label=\"S\u00fctun 2\"><p>Diyarbak\u0131r \/ Ergani<\/p><\/td>\n<td data-label=\"S\u00fctun 3\"><p>\u0130lk k\u00f6y yerle\u015fmelerinden ve ilk tah\u0131l \u00fcretim merkezlerinden<\/p><\/td>\n<\/tr>\n<\/tbody>\n<\/table>\n<\/div>\n<div class=\"tk-tablo-kapsayici\" role=\"region\" aria-label=\"Ders notu tablosu 12\">\n<table class=\"tk-tablo tk-cok-sutun\">\n<thead>\n<tr>\n<th scope=\"col\"><p><strong>Di\u011fer \u00f6nemli merkezler<\/strong><\/p><\/th>\n<th scope=\"col\"><\/th>\n<th scope=\"col\"><\/th>\n<\/tr>\n<\/thead>\n<tbody>\n<tr>\n<td data-label=\"Di\u011fer \u00f6nemli merkezler\"><p>Merkez<\/p><\/td>\n<td data-label=\"S\u00fctun 2\"><p>Bulundu\u011fu Yer<\/p><\/td>\n<td data-label=\"S\u00fctun 3\"><p>\u00d6nemi<\/p><\/td>\n<\/tr>\n<tr>\n<td data-label=\"Di\u011fer \u00f6nemli merkezler\"><p>Yumuktepe<\/p><\/td>\n<td data-label=\"S\u00fctun 2\"><p>Mersin<\/p><\/td>\n<td data-label=\"S\u00fctun 3\"><p>Anadolu\u2019nun \u00f6nemli h\u00f6y\u00fck yerle\u015fmelerinden<\/p><\/td>\n<\/tr>\n<tr>\n<td data-label=\"Di\u011fer \u00f6nemli merkezler\"><p>Hallan \u00c7emi<\/p><\/td>\n<td data-label=\"S\u00fctun 2\"><p>Batman \u00e7evresi<\/p><\/td>\n<td data-label=\"S\u00fctun 3\"><p>Erken yerle\u015fik ya\u015fam izleri<\/p><\/td>\n<\/tr>\n<tr>\n<td data-label=\"Di\u011fer \u00f6nemli merkezler\"><p>Nevali \u00c7ori<\/p><\/td>\n<td data-label=\"S\u00fctun 2\"><p>\u015eanl\u0131urfa \u00e7evresi<\/p><\/td>\n<td data-label=\"S\u00fctun 3\"><p>Erken Neolitik yerle\u015fimlerden<\/p><\/td>\n<\/tr>\n<tr>\n<td data-label=\"Di\u011fer \u00f6nemli merkezler\"><p>Tilkitepe<\/p><\/td>\n<td data-label=\"S\u00fctun 2\"><p>Van \u00e7evresi<\/p><\/td>\n<td data-label=\"S\u00fctun 3\"><p>Do\u011fu Anadolu yerle\u015fimlerinden<\/p><\/td>\n<\/tr>\n<tr>\n<td data-label=\"Di\u011fer \u00f6nemli merkezler\"><p>Aslantepe<\/p><\/td>\n<td data-label=\"S\u00fctun 2\"><p>Malatya<\/p><\/td>\n<td data-label=\"S\u00fctun 3\"><p>Eski yerle\u015fim ve devletle\u015fme s\u00fcreci a\u00e7\u0131s\u0131ndan \u00f6nemli<\/p><\/td>\n<\/tr>\n<tr>\n<td data-label=\"Di\u011fer \u00f6nemli merkezler\"><p>Alacah\u00f6y\u00fck \/ Ali\u015far \/ \u0130kiztepe<\/p><\/td>\n<td data-label=\"S\u00fctun 2\"><p>\u00c7orum \/ Yozgat \/ Samsun<\/p><\/td>\n<td data-label=\"S\u00fctun 3\"><p>Anadolu tarih \u00f6ncesi ve Eski \u00c7a\u011f k\u00fclt\u00fcrleri a\u00e7\u0131s\u0131ndan \u00f6nemli<\/p><\/td>\n<\/tr>\n<\/tbody>\n<\/table>\n<\/div>\n<\/section>\n<section class=\"tk-kart\" aria-labelledby=\"gobeklitepe\">\n<h2 id=\"gobeklitepe\">G\u00f6beklitepe<\/h2>\n<ul class=\"tk-madde-listesi\">\n<li><strong>Temel \u00f6zellikleri ve \u00f6nemi<\/strong><\/li>\n<li>\u015eanl\u0131urfa\u2019da yer al\u0131r ve yakla\u015f\u0131k M\u00d6 10.000\u2019e tarihlendirilir.<\/li>\n<li>Yerle\u015fik hayat \u00f6ncesi veya erken yerle\u015fik d\u00f6nemle ili\u015fkilendirilir.<\/li>\n<li>Bilinen en eski an\u0131tsal rit\u00fcel merkezlerden biridir.<\/li>\n<li>UNESCO D\u00fcnya Miras\u0131 Listesi\u2019ndedir.<\/li>\n<li>T bi\u00e7imli dikili ta\u015flar\u0131 ve kabartma hayvan fig\u00fcrleriyle tan\u0131n\u0131r.<\/li>\n<li>Topluluklar\u0131n b\u00fcy\u00fck ta\u015f yap\u0131lar\u0131 in\u015fa etmek i\u00e7in \u00f6rg\u00fctlenebildi\u011fini g\u00f6sterir.<\/li>\n<\/ul>\n<\/section>\n<section class=\"tk-kart\" aria-labelledby=\"cayonu\">\n<h2 id=\"cayonu\">\u00c7ay\u00f6n\u00fc<\/h2>\n<ul class=\"tk-madde-listesi\">\n<li><strong>Yerle\u015fik k\u00f6y ya\u015fam\u0131n\u0131n erken \u00f6rnekleri<\/strong><\/li>\n<li>Diyarbak\u0131r\u2019\u0131n Ergani il\u00e7esi yak\u0131nlar\u0131ndad\u0131r.<\/li>\n<li>Yakla\u015f\u0131k M\u00d6 10.200 civar\u0131na tarihlendirilen erken k\u00f6y yerle\u015fmelerindendir.<\/li>\n<li>\u0130lk tah\u0131l \u00fcretiminin yap\u0131ld\u0131\u011f\u0131 yerlerden biri olarak kabul edilir.<\/li>\n<li>Robert J. Braidwood ve Halet \u00c7ambel\u2019in \u00e7al\u0131\u015fmalar\u0131yla tan\u0131n\u0131r.<\/li>\n<li>Yerle\u015fik k\u00f6y ya\u015fam\u0131n\u0131n erken \u00f6rneklerinden biridir.<\/li>\n<li>Tar\u0131msal \u00fcretim, besin depolama ve toplu ya\u015fam a\u00e7\u0131s\u0131ndan \u00f6nemlidir.<\/li>\n<\/ul>\n<\/section>\n<section class=\"tk-kart\" aria-labelledby=\"catalhoyuk\">\n<h2 id=\"catalhoyuk\">\u00c7atalh\u00f6y\u00fck<\/h2>\n<ul class=\"tk-madde-listesi\">\n<li><strong>Yerle\u015fim plan\u0131 ve ekonomik hayat<\/strong><\/li>\n<li>Konya\u2019n\u0131n \u00c7umra il\u00e7esi yak\u0131nlar\u0131ndad\u0131r ve yakla\u015f\u0131k M\u00d6 7.000\u2019e tarihlendirilir.<\/li>\n<li>UNESCO D\u00fcnya Miras\u0131 Listesi\u2019ndedir.<\/li>\n<li>\u0130nsanl\u0131k tarihinin bilinen en eski b\u00fcy\u00fck yerle\u015fimlerinden \/ proto-kentlerinden biridir.<\/li>\n<li>Evler birbirine biti\u015fik yap\u0131lm\u0131\u015f, sokak neredeyse yoktur.<\/li>\n<li>Evlerin giri\u015fleri damdand\u0131r.<\/li>\n<li>Temel ge\u00e7im kayna\u011f\u0131 tar\u0131md\u0131r; bu\u011fday, arpa ve yulaf yeti\u015ftirilmi\u015ftir.<\/li>\n<\/ul>\n<\/section>\n<section class=\"tk-kart\" aria-labelledby=\"maden-caglari\">\n<h2 id=\"maden-caglari\">Maden \u00c7a\u011flar\u0131<\/h2>\n<div class=\"tk-tablo-kapsayici\" role=\"region\" aria-label=\"Ders notu tablosu 13\">\n<table class=\"tk-tablo tk-cok-sutun\">\n<thead>\n<tr>\n<th scope=\"col\"><p><strong>Bak\u0131r, tun\u00e7 ve demir<\/strong><\/p><\/th>\n<th scope=\"col\"><\/th>\n<th scope=\"col\"><\/th>\n<\/tr>\n<\/thead>\n<tbody>\n<tr>\n<td data-label=\"Bak\u0131r, tun\u00e7 ve demir\"><p>D\u00f6nem<\/p><\/td>\n<td data-label=\"S\u00fctun 2\"><p>Temel \u00d6zellik<\/p><\/td>\n<td data-label=\"S\u00fctun 3\"><p>\u00d6nemi<\/p><\/td>\n<\/tr>\n<tr>\n<td data-label=\"Bak\u0131r, tun\u00e7 ve demir\"><p>Bak\u0131r \/ Kalkolitik \u00c7a\u011f<\/p><\/td>\n<td data-label=\"S\u00fctun 2\"><p>\u0130nsanl\u0131\u011f\u0131n kulland\u0131\u011f\u0131 ilk maden bak\u0131rd\u0131r.<\/p><\/td>\n<td data-label=\"S\u00fctun 3\"><p>Bak\u0131r kolay i\u015flenir; ancak yumu\u015fak ve dayan\u0131ks\u0131zd\u0131r.<\/p><\/td>\n<\/tr>\n<tr>\n<td data-label=\"Bak\u0131r, tun\u00e7 ve demir\"><p>Tun\u00e7 \u00c7a\u011f\u0131<\/p><\/td>\n<td data-label=\"S\u00fctun 2\"><p>Bak\u0131r ve kalay\u0131n kar\u0131\u015f\u0131m\u0131yla tun\u00e7 elde edilmi\u015ftir.<\/p><\/td>\n<td data-label=\"S\u00fctun 3\"><p>Tun\u00e7, bak\u0131rdan daha dayan\u0131kl\u0131d\u0131r; sosyal ve asker\u00ee hayatta uzun s\u00fcre kullan\u0131lm\u0131\u015ft\u0131r.<\/p><\/td>\n<\/tr>\n<tr>\n<td data-label=\"Bak\u0131r, tun\u00e7 ve demir\"><p>Demir \u00c7a\u011f\u0131<\/p><\/td>\n<td data-label=\"S\u00fctun 2\"><p>Demir, tun\u00e7tan daha dayan\u0131kl\u0131d\u0131r.<\/p><\/td>\n<td data-label=\"S\u00fctun 3\"><p>Daha g\u00fc\u00e7l\u00fc ara\u00e7 ve silahlar\u0131n yap\u0131m\u0131n\u0131 sa\u011flam\u0131\u015f; b\u00fcy\u00fck siyasal yap\u0131lar\u0131n geli\u015fmesine katk\u0131 sa\u011flam\u0131\u015ft\u0131r.<\/p><\/td>\n<\/tr>\n<\/tbody>\n<\/table>\n<\/div>\n<\/section>\n<section class=\"tk-kart\" aria-labelledby=\"yazinin-icadi-ve-sonuclari\">\n<h2 id=\"yazinin-icadi-ve-sonuclari\">Yaz\u0131n\u0131n \u0130cad\u0131 ve Sonu\u00e7lar\u0131<\/h2>\n<ul class=\"tk-madde-listesi\">\n<li><strong>Tarih\u00ee \u00e7a\u011flar\u0131n ba\u015flamas\u0131<\/strong><\/li>\n<li>Tar\u0131m Devrimi\u2019yle birlikte art\u0131 \u00fcr\u00fcn ortaya \u00e7\u0131kt\u0131.<\/li>\n<li>Art\u0131 \u00fcr\u00fcn\u00fcn depolanmas\u0131, korunmas\u0131, da\u011f\u0131t\u0131lmas\u0131, vergilendirilmesi ve kaydedilmesi gerekti.<\/li>\n<li>Bu ihtiya\u00e7lar yaz\u0131n\u0131n icad\u0131n\u0131 h\u0131zland\u0131rd\u0131.<\/li>\n<li>S\u00fcmerler yakla\u015f\u0131k M\u00d6 3.200\u2019de yaz\u0131y\u0131 icat etti.<\/li>\n<li>Yaz\u0131n\u0131n icad\u0131yla tarih \u00f6ncesi \u00e7a\u011flar sona erdi ve tarih\u00ee \u00e7a\u011flar ba\u015flad\u0131.<\/li>\n<li>Bilgi kal\u0131c\u0131 h\u00e2le geldi; y\u00f6netim, vergi, ticaret ve hukuk kay\u0131t alt\u0131na al\u0131nd\u0131.<\/li>\n<\/ul>\n<aside class=\"tk-bilgi-kutusu tk-onemli\" role=\"note\" data-tk-table-cell=\"1\">\n<p><strong>NEDEN \u00d6NEML\u0130?<\/strong><br> Tar\u0131m Devrimi\u2019yle birlikte art\u0131 \u00fcr\u00fcn ortaya \u00e7\u0131kt\u0131.<\/p>\n<\/aside>\n<\/section>\n<\/div>\n<button class=\"tk-basa-don\" type=\"button\" aria-label=\"Ders notunun ba\u015f\u0131na d\u00f6n\">Ba\u015fa d\u00f6n<\/button>\n<\/article>\n<script>\n(function () {\n  \"use strict\";\n  var notes = document.querySelectorAll('.tk-ders-notu:not([data-tk-ready=\"true\"])');\n  notes.forEach(function (note) {\n    note.setAttribute('data-tk-ready', 'true');\n    var toc = note.querySelector('.tk-icindekiler');\n    var printButton = note.querySelector('.tk-yazdir');\n    var tocButton = note.querySelector('.tk-icindekilere-git');\n    var backButton = note.querySelector('.tk-basa-don');\n    var bar = note.querySelector('.tk-okuma-ilerleme-cubugu');\n    var links = Array.prototype.slice.call(note.querySelectorAll('.tk-icindekiler a[href^=\"#\"]'));\n    var headings = links.map(function (link) {\n      var id = link.getAttribute('href').slice(1);\n      return note.querySelector('#' + (window.CSS && CSS.escape ? CSS.escape(id) : id));\n    }).filter(Boolean);\n\n    if (printButton) {\n      printButton.addEventListener('click', function () { window.print(); });\n    }\n    if (tocButton && toc) {\n      tocButton.addEventListener('click', function () {\n        toc.scrollIntoView({ behavior: 'smooth', block: 'start' });\n      });\n    }\n    links.forEach(function (link) {\n      link.addEventListener('click', function (event) {\n        var id = link.getAttribute('href').slice(1);\n        var target = note.querySelector('#' + (window.CSS && CSS.escape ? CSS.escape(id) : id));\n        if (target) {\n          event.preventDefault();\n          target.scrollIntoView({ behavior: 'smooth', block: 'start' });\n          if (history.replaceState) { history.replaceState(null, '', '#' + id); }\n        }\n      });\n    });\n    if (backButton) {\n      backButton.addEventListener('click', function () {\n        note.scrollIntoView({ behavior: 'smooth', block: 'start' });\n      });\n    }\n\n    var update = function () {\n      var rect = note.getBoundingClientRect();\n      var total = Math.max(1, note.scrollHeight - window.innerHeight);\n      var passed = Math.min(total, Math.max(0, -rect.top));\n      if (bar) { bar.style.width = Math.round((passed \/ total) * 100) + '%'; }\n      if (backButton) { backButton.classList.toggle('tk-gorunur', rect.top < -420); }\n\n      var current = null;\n      headings.forEach(function (heading) {\n        if (heading.getBoundingClientRect().top <= Math.max(120, window.innerHeight * 0.28)) { current = heading.id; }\n      });\n      links.forEach(function (link) {\n        var active = current &#038;&#038; link.getAttribute('href') === '#' + current;\n        link.classList.toggle('tk-etkin', Boolean(active));\n        if (active) { link.setAttribute('aria-current', 'location'); }\n        else { link.removeAttribute('aria-current'); }\n      });\n    };\n    var ticking = false;\n    var requestUpdate = function () {\n      if (!ticking) {\n        ticking = true;\n        window.requestAnimationFrame(function () { update(); ticking = false; });\n      }\n    };\n    window.addEventListener('scroll', requestUpdate, { passive: true });\n    window.addEventListener('resize', requestUpdate);\n    update();\n  });\n}());\n<\/script>\n\n","protected":false},"excerpt":{"rendered":"<div class=\"mh-excerpt\"><p>SINIF: 9.S\u0131n\u0131f Tarih \u00dcN\u0130TE: 2. \u00dcnite Eski \u00c7a\u011f Medeniyetleri \u00d6\u011eRENME \u00c7IKTISI: Tar\u0131m Devrimi\u2019nin Eski \u00c7a\u011f\u2019a Etkileri Konu anlat\u0131m\u0131 TARIM DEVR\u0130M\u0130\u2019N\u0130N ESK\u0130 \u00c7A\u011e\u2019A ETK\u0130LER\u0130 9. s\u0131n\u0131f <a class=\"mh-excerpt-more\" href=\"https:\/\/tarihkursu.com\/index.php\/2026\/08\/02\/tarim-devriminin-eski-caga-etkileri-9-sinif-maarif-model-tarih-ders-notu\/\" title=\"Tar\u0131m Devrimi\u2019nin Eski \u00c7a\u011f\u2019a Etkileri | 9. S\u0131n\u0131f Maarif Model Tarih Ders Notu\">[&#8230;]<\/a><\/p>\n<\/div>","protected":false},"author":2,"featured_media":1342,"comment_status":"open","ping_status":"open","sticky":false,"template":"","format":"standard","meta":{"_regular_price":[],"currency_symbol":[],"footnotes":""},"categories":[162],"tags":[87],"class_list":["post-3539","post","type-post","status-publish","format-standard","has-post-thumbnail","hentry","category-9-sinif-tarih-ders-notlari","tag-9-sinif-tarih"],"post_slider_layout_featured_media_urls":{"thumbnail":["https:\/\/tarihkursu.com\/wp-content\/uploads\/2024\/10\/9.SINIF-TARIH-NOTLAR-150x150.png",150,150,true],"post_slider_layout_landscape_large":["https:\/\/tarihkursu.com\/wp-content\/uploads\/2024\/10\/9.SINIF-TARIH-NOTLAR-1200x720.png",1200,720,true],"post_slider_layout_portrait_large":["https:\/\/tarihkursu.com\/wp-content\/uploads\/2024\/10\/9.SINIF-TARIH-NOTLAR-1200x720.png",1200,720,true],"post_slider_layout_square_large":["https:\/\/tarihkursu.com\/wp-content\/uploads\/2024\/10\/9.SINIF-TARIH-NOTLAR-1200x720.png",1200,720,true],"post_slider_layout_landscape":["https:\/\/tarihkursu.com\/wp-content\/uploads\/2024\/10\/9.SINIF-TARIH-NOTLAR-600x400.png",600,400,true],"post_slider_layout_portrait":["https:\/\/tarihkursu.com\/wp-content\/uploads\/2024\/10\/9.SINIF-TARIH-NOTLAR-600x720.png",600,720,true],"post_slider_layout_square":["https:\/\/tarihkursu.com\/wp-content\/uploads\/2024\/10\/9.SINIF-TARIH-NOTLAR-600x600.png",600,600,true],"full":["https:\/\/tarihkursu.com\/wp-content\/uploads\/2024\/10\/9.SINIF-TARIH-NOTLAR.png",1280,720,false]},"yoast_head":"<!-- This site is optimized with the Yoast SEO plugin v28.3 - https:\/\/yoast.com\/product\/yoast-seo-wordpress\/ -->\n<title>Tar\u0131m Devrimi\u2019nin Eski \u00c7a\u011f\u2019a Etkileri | 9. S\u0131n\u0131f Maarif Model Tarih Ders Notu - tarihkursu.com<\/title>\n<meta name=\"description\" content=\"Tar\u0131m Devrimi\u2019nin Eski \u00c7a\u011f\u2019a Etkileri: Temel kavramlar\u0131 a\u00e7\u0131klayan ve tablolarla desteklenen 9. s\u0131n\u0131f Maarif Model tarih ders notu.\" \/>\n<meta name=\"robots\" content=\"index, follow, max-snippet:-1, max-image-preview:large, max-video-preview:-1\" \/>\n<link rel=\"canonical\" href=\"https:\/\/tarihkursu.com\/index.php\/2026\/08\/02\/tarim-devriminin-eski-caga-etkileri-9-sinif-maarif-model-tarih-ders-notu\/\" \/>\n<meta property=\"og:locale\" content=\"tr_TR\" \/>\n<meta property=\"og:type\" content=\"article\" \/>\n<meta property=\"og:title\" content=\"Tar\u0131m Devrimi\u2019nin Eski \u00c7a\u011f\u2019a Etkileri | 9. S\u0131n\u0131f Maarif Model Tarih Ders Notu - tarihkursu.com\" \/>\n<meta property=\"og:description\" content=\"Tar\u0131m Devrimi\u2019nin Eski \u00c7a\u011f\u2019a Etkileri: Temel kavramlar\u0131 a\u00e7\u0131klayan ve tablolarla desteklenen 9. s\u0131n\u0131f Maarif Model tarih ders notu.\" \/>\n<meta property=\"og:url\" content=\"https:\/\/tarihkursu.com\/index.php\/2026\/08\/02\/tarim-devriminin-eski-caga-etkileri-9-sinif-maarif-model-tarih-ders-notu\/\" \/>\n<meta property=\"og:site_name\" content=\"tarihkursu.com\" \/>\n<meta property=\"article:published_time\" content=\"2026-08-02T14:00:23+00:00\" \/>\n<meta property=\"article:modified_time\" content=\"2026-08-02T14:00:24+00:00\" \/>\n<meta property=\"og:image\" content=\"https:\/\/tarihkursu.com\/wp-content\/uploads\/2024\/10\/9.SINIF-TARIH-NOTLAR.png\" \/>\n\t<meta property=\"og:image:width\" content=\"1280\" \/>\n\t<meta property=\"og:image:height\" content=\"720\" \/>\n\t<meta property=\"og:image:type\" content=\"image\/png\" \/>\n<meta name=\"author\" content=\"tarihkursu\" \/>\n<meta name=\"twitter:card\" content=\"summary_large_image\" \/>\n<meta name=\"twitter:label1\" content=\"Yazan:\" \/>\n\t<meta name=\"twitter:data1\" content=\"tarihkursu\" \/>\n\t<meta name=\"twitter:label2\" content=\"Tahmini okuma s\u00fcresi\" \/>\n\t<meta name=\"twitter:data2\" content=\"14 dakika\" \/>\n<script type=\"application\/ld+json\" class=\"yoast-schema-graph\">{\"@context\":\"https:\\\/\\\/schema.org\",\"@graph\":[{\"@type\":\"Article\",\"@id\":\"https:\\\/\\\/tarihkursu.com\\\/index.php\\\/2026\\\/08\\\/02\\\/tarim-devriminin-eski-caga-etkileri-9-sinif-maarif-model-tarih-ders-notu\\\/#article\",\"isPartOf\":{\"@id\":\"https:\\\/\\\/tarihkursu.com\\\/index.php\\\/2026\\\/08\\\/02\\\/tarim-devriminin-eski-caga-etkileri-9-sinif-maarif-model-tarih-ders-notu\\\/\"},\"author\":{\"name\":\"tarihkursu\",\"@id\":\"https:\\\/\\\/tarihkursu.com\\\/#\\\/schema\\\/person\\\/d0f9105e31352dbe9f08d098ffb8c878\"},\"headline\":\"Tar\u0131m Devrimi\u2019nin Eski \u00c7a\u011f\u2019a Etkileri | 9. S\u0131n\u0131f Maarif Model Tarih Ders Notu\",\"datePublished\":\"2026-08-02T14:00:23+00:00\",\"dateModified\":\"2026-08-02T14:00:24+00:00\",\"mainEntityOfPage\":{\"@id\":\"https:\\\/\\\/tarihkursu.com\\\/index.php\\\/2026\\\/08\\\/02\\\/tarim-devriminin-eski-caga-etkileri-9-sinif-maarif-model-tarih-ders-notu\\\/\"},\"wordCount\":3423,\"commentCount\":0,\"publisher\":{\"@id\":\"https:\\\/\\\/tarihkursu.com\\\/#\\\/schema\\\/person\\\/4d7bdc3b79e9f5198455474c0f203f3c\"},\"image\":{\"@id\":\"https:\\\/\\\/tarihkursu.com\\\/index.php\\\/2026\\\/08\\\/02\\\/tarim-devriminin-eski-caga-etkileri-9-sinif-maarif-model-tarih-ders-notu\\\/#primaryimage\"},\"thumbnailUrl\":\"https:\\\/\\\/tarihkursu.com\\\/wp-content\\\/uploads\\\/2024\\\/10\\\/9.SINIF-TARIH-NOTLAR.png\",\"keywords\":[\"9.s\u0131n\u0131f tarih\"],\"articleSection\":[\"9. S\u0131n\u0131f Tarih DERS NOTLARI\"],\"inLanguage\":\"tr\",\"potentialAction\":[{\"@type\":\"CommentAction\",\"name\":\"Comment\",\"target\":[\"https:\\\/\\\/tarihkursu.com\\\/index.php\\\/2026\\\/08\\\/02\\\/tarim-devriminin-eski-caga-etkileri-9-sinif-maarif-model-tarih-ders-notu\\\/#respond\"]}]},{\"@type\":\"WebPage\",\"@id\":\"https:\\\/\\\/tarihkursu.com\\\/index.php\\\/2026\\\/08\\\/02\\\/tarim-devriminin-eski-caga-etkileri-9-sinif-maarif-model-tarih-ders-notu\\\/\",\"url\":\"https:\\\/\\\/tarihkursu.com\\\/index.php\\\/2026\\\/08\\\/02\\\/tarim-devriminin-eski-caga-etkileri-9-sinif-maarif-model-tarih-ders-notu\\\/\",\"name\":\"Tar\u0131m Devrimi\u2019nin Eski \u00c7a\u011f\u2019a Etkileri | 9. S\u0131n\u0131f Maarif Model Tarih Ders Notu - tarihkursu.com\",\"isPartOf\":{\"@id\":\"https:\\\/\\\/tarihkursu.com\\\/#website\"},\"primaryImageOfPage\":{\"@id\":\"https:\\\/\\\/tarihkursu.com\\\/index.php\\\/2026\\\/08\\\/02\\\/tarim-devriminin-eski-caga-etkileri-9-sinif-maarif-model-tarih-ders-notu\\\/#primaryimage\"},\"image\":{\"@id\":\"https:\\\/\\\/tarihkursu.com\\\/index.php\\\/2026\\\/08\\\/02\\\/tarim-devriminin-eski-caga-etkileri-9-sinif-maarif-model-tarih-ders-notu\\\/#primaryimage\"},\"thumbnailUrl\":\"https:\\\/\\\/tarihkursu.com\\\/wp-content\\\/uploads\\\/2024\\\/10\\\/9.SINIF-TARIH-NOTLAR.png\",\"datePublished\":\"2026-08-02T14:00:23+00:00\",\"dateModified\":\"2026-08-02T14:00:24+00:00\",\"description\":\"Tar\u0131m Devrimi\u2019nin Eski \u00c7a\u011f\u2019a Etkileri: Temel kavramlar\u0131 a\u00e7\u0131klayan ve tablolarla desteklenen 9. s\u0131n\u0131f Maarif Model tarih ders notu.\",\"breadcrumb\":{\"@id\":\"https:\\\/\\\/tarihkursu.com\\\/index.php\\\/2026\\\/08\\\/02\\\/tarim-devriminin-eski-caga-etkileri-9-sinif-maarif-model-tarih-ders-notu\\\/#breadcrumb\"},\"inLanguage\":\"tr\",\"potentialAction\":[{\"@type\":\"ReadAction\",\"target\":[\"https:\\\/\\\/tarihkursu.com\\\/index.php\\\/2026\\\/08\\\/02\\\/tarim-devriminin-eski-caga-etkileri-9-sinif-maarif-model-tarih-ders-notu\\\/\"]}]},{\"@type\":\"ImageObject\",\"inLanguage\":\"tr\",\"@id\":\"https:\\\/\\\/tarihkursu.com\\\/index.php\\\/2026\\\/08\\\/02\\\/tarim-devriminin-eski-caga-etkileri-9-sinif-maarif-model-tarih-ders-notu\\\/#primaryimage\",\"url\":\"https:\\\/\\\/tarihkursu.com\\\/wp-content\\\/uploads\\\/2024\\\/10\\\/9.SINIF-TARIH-NOTLAR.png\",\"contentUrl\":\"https:\\\/\\\/tarihkursu.com\\\/wp-content\\\/uploads\\\/2024\\\/10\\\/9.SINIF-TARIH-NOTLAR.png\",\"width\":1280,\"height\":720,\"caption\":\"DERS NOTLARI TAR\u0130H 9\"},{\"@type\":\"BreadcrumbList\",\"@id\":\"https:\\\/\\\/tarihkursu.com\\\/index.php\\\/2026\\\/08\\\/02\\\/tarim-devriminin-eski-caga-etkileri-9-sinif-maarif-model-tarih-ders-notu\\\/#breadcrumb\",\"itemListElement\":[{\"@type\":\"ListItem\",\"position\":1,\"name\":\"Anasayfa\",\"item\":\"https:\\\/\\\/tarihkursu.com\\\/\"},{\"@type\":\"ListItem\",\"position\":2,\"name\":\"Tar\u0131m Devrimi\u2019nin Eski \u00c7a\u011f\u2019a Etkileri | 9. S\u0131n\u0131f Maarif Model Tarih Ders Notu\"}]},{\"@type\":\"WebSite\",\"@id\":\"https:\\\/\\\/tarihkursu.com\\\/#website\",\"url\":\"https:\\\/\\\/tarihkursu.com\\\/\",\"name\":\"Tarih Kursu\",\"description\":\"\u0130\u015fimiz G\u00fcc\u00fcm\u00fcz Tarih\",\"publisher\":{\"@id\":\"https:\\\/\\\/tarihkursu.com\\\/#\\\/schema\\\/person\\\/4d7bdc3b79e9f5198455474c0f203f3c\"},\"potentialAction\":[{\"@type\":\"SearchAction\",\"target\":{\"@type\":\"EntryPoint\",\"urlTemplate\":\"https:\\\/\\\/tarihkursu.com\\\/?s={search_term_string}\"},\"query-input\":{\"@type\":\"PropertyValueSpecification\",\"valueRequired\":true,\"valueName\":\"search_term_string\"}}],\"inLanguage\":\"tr\"},{\"@type\":[\"Person\",\"Organization\"],\"@id\":\"https:\\\/\\\/tarihkursu.com\\\/#\\\/schema\\\/person\\\/4d7bdc3b79e9f5198455474c0f203f3c\",\"name\":\"admin\",\"image\":{\"@type\":\"ImageObject\",\"inLanguage\":\"tr\",\"@id\":\"https:\\\/\\\/tarihkursu.com\\\/wp-content\\\/uploads\\\/2024\\\/10\\\/TARIHKURSU-Kopyasi.png\",\"url\":\"https:\\\/\\\/tarihkursu.com\\\/wp-content\\\/uploads\\\/2024\\\/10\\\/TARIHKURSU-Kopyasi.png\",\"contentUrl\":\"https:\\\/\\\/tarihkursu.com\\\/wp-content\\\/uploads\\\/2024\\\/10\\\/TARIHKURSU-Kopyasi.png\",\"width\":1080,\"height\":1080,\"caption\":\"admin\"},\"logo\":{\"@id\":\"https:\\\/\\\/tarihkursu.com\\\/wp-content\\\/uploads\\\/2024\\\/10\\\/TARIHKURSU-Kopyasi.png\"},\"sameAs\":[\"https:\\\/\\\/tarihkursu.com\"]},{\"@type\":\"Person\",\"@id\":\"https:\\\/\\\/tarihkursu.com\\\/#\\\/schema\\\/person\\\/d0f9105e31352dbe9f08d098ffb8c878\",\"name\":\"tarihkursu\",\"image\":{\"@type\":\"ImageObject\",\"inLanguage\":\"tr\",\"@id\":\"https:\\\/\\\/secure.gravatar.com\\\/avatar\\\/1354763acbc865faa7650c3e1e4431f187276d71f132349411302a546cdeae54?s=96&d=mm&r=g\",\"url\":\"https:\\\/\\\/secure.gravatar.com\\\/avatar\\\/1354763acbc865faa7650c3e1e4431f187276d71f132349411302a546cdeae54?s=96&d=mm&r=g\",\"contentUrl\":\"https:\\\/\\\/secure.gravatar.com\\\/avatar\\\/1354763acbc865faa7650c3e1e4431f187276d71f132349411302a546cdeae54?s=96&d=mm&r=g\",\"caption\":\"tarihkursu\"},\"url\":\"https:\\\/\\\/tarihkursu.com\\\/index.php\\\/author\\\/tarihkursu\\\/\"}]}<\/script>\n<!-- \/ Yoast SEO plugin. -->","yoast_head_json":{"title":"Tar\u0131m Devrimi\u2019nin Eski \u00c7a\u011f\u2019a Etkileri | 9. S\u0131n\u0131f Maarif Model Tarih Ders Notu - tarihkursu.com","description":"Tar\u0131m Devrimi\u2019nin Eski \u00c7a\u011f\u2019a Etkileri: Temel kavramlar\u0131 a\u00e7\u0131klayan ve tablolarla desteklenen 9. s\u0131n\u0131f Maarif Model tarih ders notu.","robots":{"index":"index","follow":"follow","max-snippet":"max-snippet:-1","max-image-preview":"max-image-preview:large","max-video-preview":"max-video-preview:-1"},"canonical":"https:\/\/tarihkursu.com\/index.php\/2026\/08\/02\/tarim-devriminin-eski-caga-etkileri-9-sinif-maarif-model-tarih-ders-notu\/","og_locale":"tr_TR","og_type":"article","og_title":"Tar\u0131m Devrimi\u2019nin Eski \u00c7a\u011f\u2019a Etkileri | 9. S\u0131n\u0131f Maarif Model Tarih Ders Notu - tarihkursu.com","og_description":"Tar\u0131m Devrimi\u2019nin Eski \u00c7a\u011f\u2019a Etkileri: Temel kavramlar\u0131 a\u00e7\u0131klayan ve tablolarla desteklenen 9. s\u0131n\u0131f Maarif Model tarih ders notu.","og_url":"https:\/\/tarihkursu.com\/index.php\/2026\/08\/02\/tarim-devriminin-eski-caga-etkileri-9-sinif-maarif-model-tarih-ders-notu\/","og_site_name":"tarihkursu.com","article_published_time":"2026-08-02T14:00:23+00:00","article_modified_time":"2026-08-02T14:00:24+00:00","og_image":[{"width":1280,"height":720,"url":"https:\/\/tarihkursu.com\/wp-content\/uploads\/2024\/10\/9.SINIF-TARIH-NOTLAR.png","type":"image\/png"}],"author":"tarihkursu","twitter_card":"summary_large_image","twitter_misc":{"Yazan:":"tarihkursu","Tahmini okuma s\u00fcresi":"14 dakika"},"schema":{"@context":"https:\/\/schema.org","@graph":[{"@type":"Article","@id":"https:\/\/tarihkursu.com\/index.php\/2026\/08\/02\/tarim-devriminin-eski-caga-etkileri-9-sinif-maarif-model-tarih-ders-notu\/#article","isPartOf":{"@id":"https:\/\/tarihkursu.com\/index.php\/2026\/08\/02\/tarim-devriminin-eski-caga-etkileri-9-sinif-maarif-model-tarih-ders-notu\/"},"author":{"name":"tarihkursu","@id":"https:\/\/tarihkursu.com\/#\/schema\/person\/d0f9105e31352dbe9f08d098ffb8c878"},"headline":"Tar\u0131m Devrimi\u2019nin Eski \u00c7a\u011f\u2019a Etkileri | 9. S\u0131n\u0131f Maarif Model Tarih Ders Notu","datePublished":"2026-08-02T14:00:23+00:00","dateModified":"2026-08-02T14:00:24+00:00","mainEntityOfPage":{"@id":"https:\/\/tarihkursu.com\/index.php\/2026\/08\/02\/tarim-devriminin-eski-caga-etkileri-9-sinif-maarif-model-tarih-ders-notu\/"},"wordCount":3423,"commentCount":0,"publisher":{"@id":"https:\/\/tarihkursu.com\/#\/schema\/person\/4d7bdc3b79e9f5198455474c0f203f3c"},"image":{"@id":"https:\/\/tarihkursu.com\/index.php\/2026\/08\/02\/tarim-devriminin-eski-caga-etkileri-9-sinif-maarif-model-tarih-ders-notu\/#primaryimage"},"thumbnailUrl":"https:\/\/tarihkursu.com\/wp-content\/uploads\/2024\/10\/9.SINIF-TARIH-NOTLAR.png","keywords":["9.s\u0131n\u0131f tarih"],"articleSection":["9. S\u0131n\u0131f Tarih DERS NOTLARI"],"inLanguage":"tr","potentialAction":[{"@type":"CommentAction","name":"Comment","target":["https:\/\/tarihkursu.com\/index.php\/2026\/08\/02\/tarim-devriminin-eski-caga-etkileri-9-sinif-maarif-model-tarih-ders-notu\/#respond"]}]},{"@type":"WebPage","@id":"https:\/\/tarihkursu.com\/index.php\/2026\/08\/02\/tarim-devriminin-eski-caga-etkileri-9-sinif-maarif-model-tarih-ders-notu\/","url":"https:\/\/tarihkursu.com\/index.php\/2026\/08\/02\/tarim-devriminin-eski-caga-etkileri-9-sinif-maarif-model-tarih-ders-notu\/","name":"Tar\u0131m Devrimi\u2019nin Eski \u00c7a\u011f\u2019a Etkileri | 9. S\u0131n\u0131f Maarif Model Tarih Ders Notu - tarihkursu.com","isPartOf":{"@id":"https:\/\/tarihkursu.com\/#website"},"primaryImageOfPage":{"@id":"https:\/\/tarihkursu.com\/index.php\/2026\/08\/02\/tarim-devriminin-eski-caga-etkileri-9-sinif-maarif-model-tarih-ders-notu\/#primaryimage"},"image":{"@id":"https:\/\/tarihkursu.com\/index.php\/2026\/08\/02\/tarim-devriminin-eski-caga-etkileri-9-sinif-maarif-model-tarih-ders-notu\/#primaryimage"},"thumbnailUrl":"https:\/\/tarihkursu.com\/wp-content\/uploads\/2024\/10\/9.SINIF-TARIH-NOTLAR.png","datePublished":"2026-08-02T14:00:23+00:00","dateModified":"2026-08-02T14:00:24+00:00","description":"Tar\u0131m Devrimi\u2019nin Eski \u00c7a\u011f\u2019a Etkileri: Temel kavramlar\u0131 a\u00e7\u0131klayan ve tablolarla desteklenen 9. s\u0131n\u0131f Maarif Model tarih ders notu.","breadcrumb":{"@id":"https:\/\/tarihkursu.com\/index.php\/2026\/08\/02\/tarim-devriminin-eski-caga-etkileri-9-sinif-maarif-model-tarih-ders-notu\/#breadcrumb"},"inLanguage":"tr","potentialAction":[{"@type":"ReadAction","target":["https:\/\/tarihkursu.com\/index.php\/2026\/08\/02\/tarim-devriminin-eski-caga-etkileri-9-sinif-maarif-model-tarih-ders-notu\/"]}]},{"@type":"ImageObject","inLanguage":"tr","@id":"https:\/\/tarihkursu.com\/index.php\/2026\/08\/02\/tarim-devriminin-eski-caga-etkileri-9-sinif-maarif-model-tarih-ders-notu\/#primaryimage","url":"https:\/\/tarihkursu.com\/wp-content\/uploads\/2024\/10\/9.SINIF-TARIH-NOTLAR.png","contentUrl":"https:\/\/tarihkursu.com\/wp-content\/uploads\/2024\/10\/9.SINIF-TARIH-NOTLAR.png","width":1280,"height":720,"caption":"DERS NOTLARI TAR\u0130H 9"},{"@type":"BreadcrumbList","@id":"https:\/\/tarihkursu.com\/index.php\/2026\/08\/02\/tarim-devriminin-eski-caga-etkileri-9-sinif-maarif-model-tarih-ders-notu\/#breadcrumb","itemListElement":[{"@type":"ListItem","position":1,"name":"Anasayfa","item":"https:\/\/tarihkursu.com\/"},{"@type":"ListItem","position":2,"name":"Tar\u0131m Devrimi\u2019nin Eski \u00c7a\u011f\u2019a Etkileri | 9. S\u0131n\u0131f Maarif Model Tarih Ders Notu"}]},{"@type":"WebSite","@id":"https:\/\/tarihkursu.com\/#website","url":"https:\/\/tarihkursu.com\/","name":"Tarih Kursu","description":"\u0130\u015fimiz G\u00fcc\u00fcm\u00fcz Tarih","publisher":{"@id":"https:\/\/tarihkursu.com\/#\/schema\/person\/4d7bdc3b79e9f5198455474c0f203f3c"},"potentialAction":[{"@type":"SearchAction","target":{"@type":"EntryPoint","urlTemplate":"https:\/\/tarihkursu.com\/?s={search_term_string}"},"query-input":{"@type":"PropertyValueSpecification","valueRequired":true,"valueName":"search_term_string"}}],"inLanguage":"tr"},{"@type":["Person","Organization"],"@id":"https:\/\/tarihkursu.com\/#\/schema\/person\/4d7bdc3b79e9f5198455474c0f203f3c","name":"admin","image":{"@type":"ImageObject","inLanguage":"tr","@id":"https:\/\/tarihkursu.com\/wp-content\/uploads\/2024\/10\/TARIHKURSU-Kopyasi.png","url":"https:\/\/tarihkursu.com\/wp-content\/uploads\/2024\/10\/TARIHKURSU-Kopyasi.png","contentUrl":"https:\/\/tarihkursu.com\/wp-content\/uploads\/2024\/10\/TARIHKURSU-Kopyasi.png","width":1080,"height":1080,"caption":"admin"},"logo":{"@id":"https:\/\/tarihkursu.com\/wp-content\/uploads\/2024\/10\/TARIHKURSU-Kopyasi.png"},"sameAs":["https:\/\/tarihkursu.com"]},{"@type":"Person","@id":"https:\/\/tarihkursu.com\/#\/schema\/person\/d0f9105e31352dbe9f08d098ffb8c878","name":"tarihkursu","image":{"@type":"ImageObject","inLanguage":"tr","@id":"https:\/\/secure.gravatar.com\/avatar\/1354763acbc865faa7650c3e1e4431f187276d71f132349411302a546cdeae54?s=96&d=mm&r=g","url":"https:\/\/secure.gravatar.com\/avatar\/1354763acbc865faa7650c3e1e4431f187276d71f132349411302a546cdeae54?s=96&d=mm&r=g","contentUrl":"https:\/\/secure.gravatar.com\/avatar\/1354763acbc865faa7650c3e1e4431f187276d71f132349411302a546cdeae54?s=96&d=mm&r=g","caption":"tarihkursu"},"url":"https:\/\/tarihkursu.com\/index.php\/author\/tarihkursu\/"}]}},"_links":{"self":[{"href":"https:\/\/tarihkursu.com\/index.php\/wp-json\/wp\/v2\/posts\/3539","targetHints":{"allow":["GET"]}}],"collection":[{"href":"https:\/\/tarihkursu.com\/index.php\/wp-json\/wp\/v2\/posts"}],"about":[{"href":"https:\/\/tarihkursu.com\/index.php\/wp-json\/wp\/v2\/types\/post"}],"author":[{"embeddable":true,"href":"https:\/\/tarihkursu.com\/index.php\/wp-json\/wp\/v2\/users\/2"}],"replies":[{"embeddable":true,"href":"https:\/\/tarihkursu.com\/index.php\/wp-json\/wp\/v2\/comments?post=3539"}],"version-history":[{"count":1,"href":"https:\/\/tarihkursu.com\/index.php\/wp-json\/wp\/v2\/posts\/3539\/revisions"}],"predecessor-version":[{"id":3540,"href":"https:\/\/tarihkursu.com\/index.php\/wp-json\/wp\/v2\/posts\/3539\/revisions\/3540"}],"wp:featuredmedia":[{"embeddable":true,"href":"https:\/\/tarihkursu.com\/index.php\/wp-json\/wp\/v2\/media\/1342"}],"wp:attachment":[{"href":"https:\/\/tarihkursu.com\/index.php\/wp-json\/wp\/v2\/media?parent=3539"}],"wp:term":[{"taxonomy":"category","embeddable":true,"href":"https:\/\/tarihkursu.com\/index.php\/wp-json\/wp\/v2\/categories?post=3539"},{"taxonomy":"post_tag","embeddable":true,"href":"https:\/\/tarihkursu.com\/index.php\/wp-json\/wp\/v2\/tags?post=3539"}],"curies":[{"name":"wp","href":"https:\/\/api.w.org\/{rel}","templated":true}]}}