{"id":3611,"date":"2026-08-27T13:33:56","date_gmt":"2026-08-27T10:33:56","guid":{"rendered":"https:\/\/tarihkursu.com\/?p=3611"},"modified":"2026-08-27T13:33:56","modified_gmt":"2026-08-27T10:33:56","slug":"1-1-osmanli-devleti-1683-1789-siyasi-askeri-mucadeleleri","status":"publish","type":"post","link":"https:\/\/tarihkursu.com\/index.php\/2026\/08\/27\/1-1-osmanli-devleti-1683-1789-siyasi-askeri-mucadeleleri\/","title":{"rendered":"Osmanl\u0131 Devleti\u2019nin 1683-1789 Y\u0131llar\u0131 Aras\u0131ndaki Siyasi ve Asker\u00ee M\u00fccadeleleri | 11. S\u0131n\u0131f Tarih &#8211; Maarif Model Tarih Ders Notu"},"content":{"rendered":"\n<p class=\"wp-block-paragraph\"><strong>S\u0131n\u0131f:<\/strong> 11. S\u0131n\u0131f<\/p>\n\n\n\n<p class=\"wp-block-paragraph\"><strong>Ders:<\/strong> Tarih<\/p>\n\n\n\n<p class=\"wp-block-paragraph\"><strong>\u00dcnite:<\/strong> DE\u011e\u0130\u015eEN D\u00dcNYADA OSMANLI DEVLET\u0130 (1683-1789)<\/p>\n\n\n\n<p class=\"wp-block-paragraph\"><strong>\u00d6\u011frenme \u00c7\u0131kt\u0131s\u0131:<\/strong> Osmanl\u0131 Devleti\u2019nin 1683-1789 Y\u0131llar\u0131 Aras\u0131ndaki Siyasi ve Asker\u00ee M\u00fccadeleleri<\/p>\n\n\n\n<style>\n.tk-ders-notu,\n.tk-ders-notu * { box-sizing: border-box; }\n.tk-ders-notu {\n  --tk-lacivert: #173b67;\n  --tk-turkuaz: #087f8c;\n  --tk-bordo: #8a2638;\n  --tk-altin: #d9a514;\n  --tk-acik-mavi: #eef7ff;\n  --tk-acik-turkuaz: #e9fbfa;\n  --tk-acik-sari: #fff8dc;\n  --tk-metin: #1f2937;\n  width: 100%;\n  max-width: 1100px;\n  min-width: 0;\n  margin: 0 auto;\n  color: var(--tk-metin);\n  font-family: Arial, Helvetica, sans-serif;\n  font-size: 17px;\n  line-height: 1.72;\n  overflow-wrap: anywhere;\n  word-wrap: break-word;\n  hyphens: auto;\n}\n.tk-ders-notu .tk-ilerleme-iz {\n  position: sticky;\n  top: 0;\n  z-index: 20;\n  width: 100%;\n  height: 6px;\n  overflow: hidden;\n  border-radius: 999px;\n  background: #dce8f2;\n}\n.tk-ders-notu .tk-ilerleme-cubugu {\n  display: block;\n  width: 0;\n  height: 100%;\n  background: linear-gradient(90deg, var(--tk-turkuaz), var(--tk-altin));\n}\n.tk-ders-notu .tk-ust-kart {\n  margin: 12px 0 22px;\n  padding: clamp(20px, 4vw, 38px);\n  border-bottom: 6px solid var(--tk-altin);\n  border-radius: 18px;\n  color: #ffffff;\n  background: linear-gradient(135deg, #173b67, #205684);\n  box-shadow: 0 12px 28px rgba(23, 59, 103, .16);\n}\n.tk-ders-notu .tk-kod {\n  margin: 0 0 7px;\n  color: #ffdf75;\n  font-size: .85em;\n  font-weight: 800;\n  letter-spacing: .08em;\n  text-transform: uppercase;\n}\n.tk-ders-notu .tk-ana-baslik {\n  margin: 0;\n  color: #ffffff;\n  font-size: clamp(1.55rem, 4vw, 2.35rem);\n  font-weight: 800;\n  line-height: 1.22;\n}\n.tk-ders-notu .tk-seo-giris {\n  margin: 18px 0 0;\n  color: #f2f7fb;\n  font-size: 1em;\n}\n.tk-ders-notu .tk-eylem-cubugu {\n  display: flex;\n  flex-wrap: wrap;\n  gap: 10px;\n  margin: 0 0 18px;\n}\n.tk-ders-notu .tk-dugme {\n  min-height: 44px;\n  padding: 9px 16px;\n  border: 2px solid var(--tk-turkuaz);\n  border-radius: 10px;\n  color: #ffffff;\n  background: var(--tk-turkuaz);\n  font: inherit;\n  font-weight: 700;\n  line-height: 1.25;\n  cursor: pointer;\n}\n.tk-ders-notu .tk-dugme:hover { background: #056c76; }\n.tk-ders-notu .tk-dugme:focus-visible,\n.tk-ders-notu .tk-icindekiler a:focus-visible,\n.tk-ders-notu .tk-basa-don:focus-visible {\n  outline: 4px solid var(--tk-altin);\n  outline-offset: 3px;\n}\n.tk-ders-notu .tk-icindekiler {\n  width: 100%;\n  min-width: 0;\n  margin: 0 0 24px;\n  padding: 18px 20px;\n  border: 1px solid #b9dfe1;\n  border-left: 6px solid var(--tk-turkuaz);\n  border-radius: 14px;\n  background: var(--tk-acik-turkuaz);\n}\n.tk-ders-notu .tk-icindekiler-baslik {\n  margin: 0 0 8px;\n  color: var(--tk-lacivert);\n  font-size: 1.2em;\n  font-weight: 800;\n}\n.tk-ders-notu .tk-icindekiler ul {\n  margin: 0;\n  padding-left: 1.25em;\n}\n.tk-ders-notu .tk-icindekiler li { margin: 4px 0; }\n.tk-ders-notu .tk-icindekiler .tk-alt-baslik-baglantisi { margin-left: 1em; }\n.tk-ders-notu .tk-icindekiler a {\n  color: #075f69;\n  font-weight: 700;\n  text-decoration-thickness: 2px;\n  text-underline-offset: 3px;\n}\n.tk-ders-notu .tk-icindekiler a[aria-current=\"true\"] {\n  color: var(--tk-bordo);\n  background: #fff1f3;\n  border-radius: 5px;\n  box-shadow: 0 0 0 3px #fff1f3;\n}\n.tk-ders-notu .tk-kart {\n  width: 100%;\n  min-width: 0;\n  margin: 0 0 22px;\n  padding: clamp(17px, 3vw, 28px);\n  border: 1px solid #dbe6ee;\n  border-radius: 16px;\n  background: #ffffff;\n  box-shadow: 0 8px 22px rgba(23, 59, 103, .08);\n}\n.tk-ders-notu .tk-kart-giris { background: var(--tk-acik-mavi); }\n.tk-ders-notu h2,\n.tk-ders-notu h3 {\n  scroll-margin-top: 24px;\n  overflow-wrap: anywhere;\n}\n.tk-ders-notu h2 {\n  margin: 0 0 16px;\n  padding-bottom: 8px;\n  border-bottom: 4px solid var(--tk-altin);\n  color: var(--tk-lacivert);\n  font-size: clamp(1.3rem, 3vw, 1.72rem);\n  font-weight: 800;\n  line-height: 1.3;\n}\n.tk-ders-notu h3 {\n  margin: 24px 0 10px;\n  color: var(--tk-bordo);\n  font-size: clamp(1.1rem, 2.5vw, 1.35rem);\n  font-weight: 800;\n  line-height: 1.35;\n}\n.tk-ders-notu .tk-metin,\n.tk-ders-notu .tk-gorsel-aciklamasi { margin: 0 0 13px; }\n.tk-ders-notu .tk-gorsel-aciklamasi {\n  padding: 10px 14px;\n  border-left: 4px solid var(--tk-altin);\n  color: #34495e;\n  background: var(--tk-acik-sari);\n  font-size: .95em;\n  font-style: italic;\n}\n.tk-ders-notu .tk-liste {\n  display: grid;\n  gap: 9px;\n  margin: 12px 0 18px;\n  padding: 0;\n  list-style: none;\n}\n.tk-ders-notu .tk-liste > li {\n  position: relative;\n  min-width: 0;\n  padding: 10px 12px 10px 42px;\n  border: 1px solid #cfe6e8;\n  border-radius: 10px;\n  background: #f7fcfc;\n  overflow-wrap: anywhere;\n}\n.tk-ders-notu .tk-liste > li::before {\n  content: \"\u2713\";\n  position: absolute;\n  left: 12px;\n  top: 10px;\n  width: 22px;\n  height: 22px;\n  border-radius: 50%;\n  color: #ffffff;\n  background: var(--tk-turkuaz);\n  font-size: 13px;\n  font-weight: 900;\n  line-height: 22px;\n  text-align: center;\n}\n.tk-ders-notu .tk-alinti {\n  margin: 16px 0;\n  padding: 15px 18px;\n  border-left: 6px solid var(--tk-bordo);\n  border-radius: 10px;\n  color: #5d1b28;\n  background: #fff1f3;\n  font-style: italic;\n}\n.tk-ders-notu .tk-bilgi-kutusu {\n  width: 100%;\n  min-width: 0;\n  margin: 16px 0;\n  padding: 15px 17px;\n  border: 1px solid #ead381;\n  border-left: 6px solid var(--tk-altin);\n  border-radius: 12px;\n  background: var(--tk-acik-sari);\n  overflow-wrap: anywhere;\n}\n.tk-ders-notu .tk-bilgi-etiket {\n  margin: 0 0 5px;\n  color: var(--tk-bordo);\n  font-weight: 900;\n}\n.tk-ders-notu .tk-bilgi-icerik > :last-child { margin-bottom: 0; }\n.tk-ders-notu .tk-tablo-kapsayici {\n  width: 100%;\n  max-width: 100%;\n  min-width: 0;\n  margin: 18px 0;\n  overflow: visible;\n}\n.tk-ders-notu .tk-tablosu {\n  width: 100%;\n  max-width: 100%;\n  min-width: 0;\n  border-collapse: collapse;\n  border-spacing: 0;\n  table-layout: fixed;\n}\n.tk-ders-notu .tk-tablosu th,\n.tk-ders-notu .tk-tablosu td {\n  min-width: 0;\n  padding: 11px 12px;\n  border: 1px solid #b8c9d6;\n  vertical-align: top;\n  text-align: left;\n  white-space: normal;\n  overflow-wrap: anywhere;\n  word-wrap: break-word;\n  word-break: normal;\n  hyphens: auto;\n}\n.tk-ders-notu .tk-tablosu thead th {\n  color: #ffffff;\n  background: var(--tk-lacivert);\n  font-weight: 800;\n}\n.tk-ders-notu .tk-tablosu tbody tr:nth-child(even) { background: var(--tk-acik-mavi); }\n.tk-ders-notu .tk-tablosu tbody td:first-child {\n  color: #6f1e2d;\n  font-weight: 700;\n}\n.tk-ders-notu .tk-hucre-metin { margin: 0 0 7px; }\n.tk-ders-notu .tk-hucre-metin:last-child { margin-bottom: 0; }\n.tk-ders-notu .tk-basa-don {\n  position: fixed;\n  right: 18px;\n  bottom: 18px;\n  z-index: 30;\n  display: none;\n  min-width: 48px;\n  min-height: 48px;\n  padding: 9px 13px;\n  border: 0;\n  border-radius: 999px;\n  color: #ffffff;\n  background: var(--tk-bordo);\n  font: inherit;\n  font-weight: 800;\n  box-shadow: 0 8px 22px rgba(86, 20, 34, .28);\n  cursor: pointer;\n}\n.tk-ders-notu .tk-basa-don.tk-gorunur { display: inline-flex; align-items: center; justify-content: center; }\n@media (max-width: 720px) {\n  .tk-ders-notu { font-size: 16px; line-height: 1.65; }\n  .tk-ders-notu .tk-ust-kart,\n  .tk-ders-notu .tk-kart { border-radius: 12px; }\n  .tk-ders-notu .tk-dugme { flex: 1 1 145px; }\n  .tk-ders-notu .tk-cok-sutun table,\n  .tk-ders-notu .tk-cok-sutun thead,\n  .tk-ders-notu .tk-cok-sutun tbody,\n  .tk-ders-notu .tk-cok-sutun tr,\n  .tk-ders-notu .tk-cok-sutun th,\n  .tk-ders-notu .tk-cok-sutun td { display: block; width: 100%; min-width: 0; }\n  .tk-ders-notu .tk-cok-sutun thead { position: absolute; width: 1px; height: 1px; overflow: hidden; clip: rect(0 0 0 0); white-space: nowrap; }\n  .tk-ders-notu .tk-cok-sutun tbody { display: grid; gap: 14px; }\n  .tk-ders-notu .tk-cok-sutun tbody tr {\n    overflow: hidden;\n    border: 1px solid #b8c9d6;\n    border-radius: 12px;\n    background: #ffffff;\n    box-shadow: 0 5px 14px rgba(23, 59, 103, .08);\n  }\n  .tk-ders-notu .tk-cok-sutun tbody td { border: 0; border-bottom: 1px solid #dce6ed; }\n  .tk-ders-notu .tk-cok-sutun tbody td:last-child { border-bottom: 0; }\n  .tk-ders-notu .tk-cok-sutun tbody td::before {\n    content: attr(data-label);\n    display: block;\n    margin: 0 0 4px;\n    color: var(--tk-lacivert);\n    font-weight: 900;\n  }\n}\n@media (max-width: 375px) {\n  .tk-ders-notu { font-size: 15.5px; }\n  .tk-ders-notu .tk-ust-kart,\n  .tk-ders-notu .tk-kart,\n  .tk-ders-notu .tk-icindekiler { padding: 15px; }\n  .tk-ders-notu .tk-liste > li { padding-left: 38px; }\n  .tk-ders-notu .tk-tablosu th,\n  .tk-ders-notu .tk-tablosu td { padding: 9px 8px; }\n  .tk-ders-notu .tk-basa-don { right: 10px; bottom: 10px; }\n}\n@media print {\n  .tk-ders-notu { max-width: none; color: #000000; font-size: 11pt; line-height: 1.45; }\n  .tk-ders-notu .tk-ilerleme-iz,\n  .tk-ders-notu .tk-eylem-cubugu,\n  .tk-ders-notu .tk-basa-don { display: none !important; }\n  .tk-ders-notu .tk-ust-kart { color: #000000; background: #ffffff; box-shadow: none; border: 2px solid #173b67; border-bottom: 5px solid #d9a514; }\n  .tk-ders-notu .tk-kod,\n  .tk-ders-notu .tk-ana-baslik,\n  .tk-ders-notu .tk-seo-giris { color: #000000; }\n  .tk-ders-notu .tk-kart { break-inside: avoid-page; box-shadow: none; }\n  .tk-ders-notu .tk-tablosu { break-inside: auto; }\n  .tk-ders-notu .tk-tablosu tr { break-inside: avoid; }\n}\n<\/style>\n<article class=\"tk-ders-notu\" lang=\"tr\" id=\"tk-ders-1-1\">\n<div class=\"tk-ilerleme-iz\" aria-hidden=\"true\"><span class=\"tk-ilerleme-cubugu\"><\/span><\/div>\n<header class=\"tk-ust-kart\" aria-labelledby=\"tk-1-1-ana-baslik\">\n<p class=\"tk-kod\">11. S\u0131n\u0131f Tarih \u2022 \u00d6\u011frenme \u00c7\u0131kt\u0131s\u0131 1.1<\/p>\n<p class=\"tk-ana-baslik\" id=\"tk-1-1-ana-baslik\">Osmanl\u0131 Devleti\u2019nin 1683-1789 Y\u0131llar\u0131 Aras\u0131ndaki Siyasi ve Asker\u00ee M\u00fccadeleleri<\/p>\n<p class=\"tk-seo-giris\">11. s\u0131n\u0131f tarih dersinde yer alan Osmanl\u0131 Devleti\u2019nin 1683-1789 Y\u0131llar\u0131 Aras\u0131ndaki Siyasi ve Asker\u00ee M\u00fccadeleleri \u00f6\u011frenme \u00e7\u0131kt\u0131s\u0131n\u0131 \u00e7al\u0131\u015f\u0131rken olaylar\u0131n neden-sonu\u00e7 ba\u011f\u0131n\u0131 kurmak \u00f6nemlidir. Bu tarih ders notu, T\u00fcrkiye Y\u00fczy\u0131l\u0131 Maarif Modeli do\u011frultusunda belgedeki anlat\u0131m s\u0131ras\u0131n\u0131 izleyerek d\u00f6nemin g\u00fc\u00e7 dengelerini, II. Viyana Ku\u015fatmas\u0131\u2019n\u0131, sava\u015flar\u0131 ve antla\u015fmalar\u0131 birlikte de\u011ferlendirmenize yard\u0131mc\u0131 olur. Avusturya ve Rusya ile ya\u015fanan m\u00fccadeleler, Kutsal \u0130ttifak s\u00fcreci, Karlof\u00e7a\u2019dan K\u00fc\u00e7\u00fck Kaynarca\u2019ya uzanan diplomatik geli\u015fmeler ve Osmanl\u0131 Devleti\u2019nin de\u011fi\u015fen siyaseti ayr\u0131 ba\u015fl\u0131klar h\u00e2linde sunulmu\u015ftur. Bilgi kutular\u0131 ve tablolar; padi\u015fah, sadrazam, tarih, neden ve sonu\u00e7 gibi ayr\u0131nt\u0131lar\u0131 kar\u015f\u0131la\u015ft\u0131rmay\u0131 kolayla\u015ft\u0131r\u0131r. Konuyu s\u0131rayla okuyup antla\u015fmalar\u0131n maddelerini ve tarihsel \u00f6nemlerini ili\u015fkilendirerek \u00e7al\u0131\u015fabilirsiniz. B\u00f6ylece d\u00f6nem b\u00fct\u00fcnl\u00fc\u011f\u00fc korunur.<\/p>\n<\/header>\n<div class=\"tk-eylem-cubugu\" aria-label=\"Ders notu ara\u00e7lar\u0131\">\n<button class=\"tk-dugme\" type=\"button\" data-tk-action=\"print\" aria-label=\"Ders notunu yazd\u0131r\">Yazd\u0131r<\/button>\n<button class=\"tk-dugme\" type=\"button\" data-tk-action=\"toc\" aria-label=\"\u0130\u00e7indekiler b\u00f6l\u00fcm\u00fcne git\">\u0130\u00e7indekilere Git<\/button>\n<\/div>\n<nav class=\"tk-icindekiler\" id=\"tk-1-1-icindekiler\" aria-label=\"Ders notu i\u00e7indekiler\">\n<p class=\"tk-icindekiler-baslik\">\u0130\u00e7indekiler<\/p>\n<ul>\n<li><a href=\"#tk-1-1-giris\">Giri\u015f<\/a><\/li>\n<li><a href=\"#tk-1-1-xvii-yuzyilda-guc-kaybinin-nedenleri\">XVII. Y\u00fczy\u0131lda G\u00fc\u00e7 Kayb\u0131n\u0131n Nedenleri<\/a><\/li>\n<li><a href=\"#tk-1-1-xvii-yuzyilin-ikinci-yarisindaki-kuzey-kazanimlari\">XVII. Y\u00fczy\u0131l\u0131n \u0130kinci Yar\u0131s\u0131ndaki Kuzey Kazan\u0131mlar\u0131<\/a><\/li>\n<li><a href=\"#tk-1-1-koprululer-donemi\">K\u00f6pr\u00fcl\u00fcler D\u00f6nemi<\/a><\/li>\n<li><a href=\"#tk-1-1-ii-viyana-kusatmasina-giden-surec\">II. Viyana Ku\u015fatmas\u0131\u2019na Giden S\u00fcre\u00e7<\/a><\/li>\n<li><a href=\"#tk-1-1-orta-macar-meselesi-ve-sefer-firsati\">Orta Macar Meselesi ve Sefer F\u0131rsat\u0131<\/a><\/li>\n<li><a href=\"#tk-1-1-kahlenberg-yenilgisi-ve-kutsal-ittifak\">Kahlenberg Yenilgisi ve Kutsal \u0130ttifak<\/a><\/li>\n<li><a href=\"#tk-1-1-ii-viyana-kusatmasi\">II. Viyana Ku\u015fatmas\u0131<\/a><\/li>\n<li><a href=\"#tk-1-1-ii-viyana-kusatmasinin-sonuclari\">II. Viyana Ku\u015fatmas\u0131\u2019n\u0131n Sonu\u00e7lar\u0131<\/a><\/li>\n<li><a href=\"#tk-1-1-zenta-yenilgisi-ve-barisa-giden-yol\">Zenta Yenilgisi ve Bar\u0131\u015fa Giden Yol<\/a><\/li>\n<li><a href=\"#tk-1-1-1699-karlofca-antlasmasi\">1699 Karlof\u00e7a Antla\u015fmas\u0131<\/a><\/li>\n<li><a href=\"#tk-1-1-karlofca-antlasmasi\">Karlof\u00e7a Antla\u015fmas\u0131<\/a><\/li>\n<li><a href=\"#tk-1-1-1700-istanbul-antlasmasi\">1700 \u0130stanbul Antla\u015fmas\u0131<\/a><\/li>\n<li><a href=\"#tk-1-1-karlofca-antlasmasinin-osmanli-acisindan-onemi\">Karlof\u00e7a Antla\u015fmas\u0131\u2019n\u0131n Osmanl\u0131 A\u00e7\u0131s\u0131ndan \u00d6nemi<\/a><\/li>\n<li><a href=\"#tk-1-1-prut-savasi\">Prut Sava\u015f\u0131<\/a><\/li>\n<li><a href=\"#tk-1-1-prut-savasi-ve-prut-antlasmasi\">Prut Sava\u015f\u0131 ve Prut Antla\u015fmas\u0131<\/a><\/li>\n<li><a href=\"#tk-1-1-prut-antlasmasi\">Prut Antla\u015fmas\u0131<\/a><\/li>\n<li><a href=\"#tk-1-1-mora-seferi-ve-avusturya-venedik-ittifaki\">Mora Seferi ve Avusturya-Venedik \u0130ttifak\u0131<\/a><\/li>\n<li><a href=\"#tk-1-1-1716-1717-avusturya-cephesi\">1716-1717 Avusturya Cephesi<\/a><\/li>\n<li><a href=\"#tk-1-1-pasarofca-antlasmasi-ve-sonuclari\">Pasarof\u00e7a Antla\u015fmas\u0131 ve Sonu\u00e7lar\u0131<\/a><\/li>\n<li><a href=\"#tk-1-1-pasarofca-antlasmasi\">Pasarof\u00e7a Antla\u015fmas\u0131<\/a><\/li>\n<li><a href=\"#tk-1-1-i-mahmut-donemi-ve-askeri-islahatlar\">I. Mahmut D\u00f6nemi ve Asker\u00ee Islahatlar<\/a><\/li>\n<li><a href=\"#tk-1-1-1736-1739-osmanli-rus-avusturya-savaslari\">1736-1739 Osmanl\u0131-Rus-Avusturya Sava\u015flar\u0131<\/a><\/li>\n<li><a href=\"#tk-1-1-belgradin-geri-alinmasi\">Belgrad\u2019\u0131n Geri Al\u0131nmas\u0131<\/a><\/li>\n<li><a href=\"#tk-1-1-belgrad-antlasmasinin-onemi\">Belgrad Antla\u015fmas\u0131\u2019n\u0131n \u00d6nemi<\/a><\/li>\n<li><a href=\"#tk-1-1-belgrad-antlasmasi\">Belgrad Antla\u015fmas\u0131<\/a><\/li>\n<li><a href=\"#tk-1-1-1768-1774-osmanli-rus-savasi\">1768-1774 Osmanl\u0131-Rus Sava\u015f\u0131<\/a><\/li>\n<li><a href=\"#tk-1-1-1768-1774-savasi-yenilgileri\">1768-1774 Sava\u015f\u0131 Yenilgileri<\/a><\/li>\n<li><a href=\"#tk-1-1-kucuk-kaynarca-antlasmasi\">K\u00fc\u00e7\u00fck Kaynarca Antla\u015fmas\u0131<\/a><\/li>\n<li><a href=\"#tk-1-1-kucuk-kaynarca-sonrasi-gelismeler\">K\u00fc\u00e7\u00fck Kaynarca Sonras\u0131 Geli\u015fmeler<\/a><\/li>\n<li><a href=\"#tk-1-1-karsilastirma\">Kar\u015f\u0131la\u015ft\u0131rma<\/a><\/li>\n<\/ul>\n<\/nav>\n<section class=\"tk-kart\" aria-labelledby=\"tk-1-1-giris\">\n<h2 id=\"tk-1-1-giris\"><strong>Giri\u015f<\/strong><\/h2>\n<ul class=\"tk-liste\">\n<li>1683 Viyana Bozgunu ile 1789 Frans\u0131z \u0130htilali aras\u0131ndaki s\u00fcre\u00e7 ele al\u0131n\u0131r.<\/li>\n<li>Osmanl\u0131 Devleti bu d\u00f6nemde Avusturya ve Rus \u00c7arl\u0131\u011f\u0131 ile s\u0131k s\u0131k kar\u015f\u0131 kar\u015f\u0131ya geldi.<\/li>\n<li>Siyasi ve asker\u00ee m\u00fccadeleler \u00e7o\u011funlukla kay\u0131pla sonu\u00e7land\u0131.<\/li>\n<li>Buna ra\u011fmen Osmanl\u0131, \u00fc\u00e7 k\u0131taya yay\u0131lan topraklar\u0131 ve asker\u00ee n\u00fcfuz alanlar\u0131yla b\u00fcy\u00fck devletlerden biri olmay\u0131 s\u00fcrd\u00fcrd\u00fc.<\/li>\n<li>Bu b\u00f6l\u00fcmde II. Viyana Ku\u015fatmas\u0131 ve \u00f6nemli antla\u015fmalar merkeze al\u0131n\u0131r.<\/li>\n<\/ul>\n<\/section>\n<section class=\"tk-kart\" aria-labelledby=\"tk-1-1-xvii-yuzyilda-guc-kaybinin-nedenleri\">\n<h2 id=\"tk-1-1-xvii-yuzyilda-guc-kaybinin-nedenleri\">XVII. Y\u00fczy\u0131lda G\u00fc\u00e7 Kayb\u0131n\u0131n Nedenleri<\/h2>\n<ul class=\"tk-liste\">\n<li>Devlet y\u00f6netiminde zafiyetler ya\u015fand\u0131 ve merkez\u00ee otorite sars\u0131ld\u0131.<\/li>\n<li>Bat\u0131\u2019da ve Do\u011fu\u2019da uzun s\u00fcren sava\u015flar hazineyi zorlad\u0131.<\/li>\n<li>Avrupal\u0131lar silah, sava\u015f d\u00fczeni ve m\u00fchendislik alanlar\u0131nda ilerledi.<\/li>\n<li>Osmanl\u0131 ordusu ve donanmas\u0131n\u0131 g\u00fc\u00e7lendirme \u00e7abalar\u0131 Bat\u0131\u2019n\u0131n seviyesini yakalamaya yetmedi.<\/li>\n<li>\u0130ltizam uygulamas\u0131, s\u00fcrekli h\u00e2le gelen avar\u0131z vergisi ve Cel\u00e2li e\u015fk\u0131yalar\u0131 toplumsal d\u00fczeni bozdu.<\/li>\n<li>Topraklar\u0131n\u0131 terk etmek zorunda kalan insanlar g\u00f6\u00e7 etti.<\/li>\n<\/ul>\n<aside class=\"tk-bilgi-kutusu\" role=\"note\" aria-label=\"XVII. Y\u00fczy\u0131lda G\u00fc\u00e7 Kayb\u0131n\u0131n Nedenleri - tablo 1\">\n<div class=\"tk-bilgi-etiket\"><p class=\"tk-hucre-metin\"><strong>NEDEN \u00d6NEML\u0130?<\/strong><\/p><\/div>\n<div class=\"tk-bilgi-icerik\"><p class=\"tk-hucre-metin\">Y\u00f6netim, maliye, asker\u00ee teknoloji ve toplumsal d\u00fczende ya\u015fanan sorunlar, sonraki siyasi ve asker\u00ee kay\u0131plar\u0131n temel zeminini olu\u015fturdu.<\/p><\/div>\n<\/aside>\n<p class=\"tk-gorsel-aciklamasi\">XVII. y\u00fczy\u0131l\u0131n ikinci yar\u0131s\u0131nda Osmanl\u0131 Devleti\u2019nin kuzeyinde fethedilen baz\u0131 \u00f6nemli kaleler<\/p>\n<\/section>\n<section class=\"tk-kart\" aria-labelledby=\"tk-1-1-xvii-yuzyilin-ikinci-yarisindaki-kuzey-kazanimlari\">\n<h2 id=\"tk-1-1-xvii-yuzyilin-ikinci-yarisindaki-kuzey-kazanimlari\">XVII. Y\u00fczy\u0131l\u0131n \u0130kinci Yar\u0131s\u0131ndaki Kuzey Kazan\u0131mlar\u0131<\/h2>\n<ul class=\"tk-liste\">\n<li>Sadrazam K\u00f6pr\u00fcl\u00fcz\u00e2de F\u00e2z\u0131l Ahmed Pa\u015fa komutas\u0131ndaki Osmanl\u0131 ordusu, 1663 y\u0131l\u0131nda Avusturya \u00fczerine sefere \u00e7\u0131kt\u0131.<\/li>\n<li>1663\u2019te Uyvar Kalesi fethedildi; Vasvar Antla\u015fmas\u0131 imzaland\u0131.<\/li>\n<li>Uyvar\u2019\u0131n al\u0131nmas\u0131yla Osmanl\u0131 Devleti Macaristan\u2019daki en geni\u015f s\u0131n\u0131rlar\u0131na ula\u015ft\u0131.<\/li>\n<li>1672\u2019de Kamani\u00e7e Kalesi fethedildi; Buca\u015f ve Zoravna antla\u015fmalar\u0131 yap\u0131ld\u0131.<\/li>\n<li>Podolya ve Ukrayna h\u00e2kimiyet alt\u0131na al\u0131narak bat\u0131daki en geni\u015f s\u0131n\u0131rlara ula\u015f\u0131ld\u0131.<\/li>\n<li>1678\u2019de \u00c7ehrin Kalesi fethedildi; 1681 Bah\u00e7esaray Antla\u015fmas\u0131 yap\u0131ld\u0131.<\/li>\n<li>\u0130lk Osmanl\u0131-Rus antla\u015fmas\u0131nda \u00d6zi Nehri s\u0131n\u0131r kabul edildi.<\/li>\n<\/ul>\n<aside class=\"tk-bilgi-kutusu\" role=\"note\" aria-label=\"XVII. Y\u00fczy\u0131l\u0131n \u0130kinci Yar\u0131s\u0131ndaki Kuzey Kazan\u0131mlar\u0131 - tablo 2\">\n<div class=\"tk-bilgi-etiket\"><p class=\"tk-hucre-metin\"><strong>SINAV NOTU<\/strong><\/p><\/div>\n<div class=\"tk-bilgi-icerik\"><p class=\"tk-hucre-metin\">1672\u2019de Kamani\u00e7e Kalesi fethedildi; Buca\u015f ve Zoravna antla\u015fmalar\u0131 yap\u0131ld\u0131. B\u00f6ylece batida en geni\u015f s\u0131n\u0131rlara ula\u015f\u0131ld\u0131.<\/p><\/div>\n<\/aside>\n<\/section>\n<section class=\"tk-kart\" aria-labelledby=\"tk-1-1-koprululer-donemi\">\n<h2 id=\"tk-1-1-koprululer-donemi\">K\u00f6pr\u00fcl\u00fcler D\u00f6nemi<\/h2>\n<ul class=\"tk-liste\">\n<li>Osmanl\u0131 Devleti Orta Avrupa h\u00e2kimiyeti i\u00e7in Habsburglarla m\u00fccadele etti.<\/li>\n<li>Asker\u00ee d\u00f6n\u00fc\u015f\u00fcm sayesinde Tuna\u2019n\u0131n kuzeyindeki varl\u0131\u011f\u0131n\u0131 korumay\u0131 ba\u015fard\u0131.<\/li>\n<li>K\u00f6pr\u00fcl\u00fc Mehmet Pa\u015fa ve K\u00f6pr\u00fcl\u00fc Faz\u0131l Ahmet Pa\u015fa d\u00f6nemlerinde asker\u00ee ve mali \u0131slahatlar yap\u0131ld\u0131.<\/li>\n<li>Varat, Uyvar ve Kamani\u00e7e kalelerinin fethi Avrupa hedeflerinin s\u00fcrd\u00fc\u011f\u00fcn\u00fc g\u00f6sterdi.<\/li>\n<li>Girit\u2019in fethi Do\u011fu Akdeniz h\u00e2kimiyetini g\u00fc\u00e7lendirdi.<\/li>\n<li>Merzifonlu Kara Mustafa Pa\u015fa, \u00c7ehrin Seferi ile Osmanl\u0131 \u00fcst\u00fcnl\u00fc\u011f\u00fcn\u00fc Rus \u00c7arl\u0131\u011f\u0131\u2019na g\u00f6sterdi.<\/li>\n<\/ul>\n<p class=\"tk-gorsel-aciklamasi\">Osmanl\u0131 Devleti\u2019nin en geni\u015f n\u00fcfuz ve h\u00e2kimiyet alanlar\u0131 (1683 \u00f6ncesi)<\/p>\n<\/section>\n<section class=\"tk-kart\" aria-labelledby=\"tk-1-1-ii-viyana-kusatmasina-giden-surec\">\n<h2 id=\"tk-1-1-ii-viyana-kusatmasina-giden-surec\">II. Viyana Ku\u015fatmas\u0131\u2019na Giden S\u00fcre\u00e7<\/h2>\n<ul class=\"tk-liste\">\n<li>Merzifonlu Kara Mustafa Pa\u015fa\u2019n\u0131n yeni hedefi Avusturya oldu.<\/li>\n<li>1683 ba\u015flar\u0131nda IV. Mehmet ba\u015fkanl\u0131\u011f\u0131ndaki Divan-\u0131 H\u00fcmayunda Avusturya seferi karar\u0131 al\u0131nd\u0131.<\/li>\n<li>IV. Mehmet orduyla Belgrad\u2019a kadar ilerledi.<\/li>\n<li>Belgrad\u2019da Merzifonlu Kara Mustafa Pa\u015fa serdar-\u0131 ekrem olarak g\u00f6revlendirildi.<\/li>\n<li>Uzun bir yolculu\u011fun ard\u0131ndan Osmanl\u0131 ordusu 14 Temmuz 1683\u2019te Viyana\u2019y\u0131 ku\u015fatt\u0131.<\/li>\n<li>Orta Macar Krall\u0131\u011f\u0131 meselesi seferin \u00f6nemli gerek\u00e7elerinden biri oldu.<\/li>\n<\/ul>\n<\/section>\n<section class=\"tk-kart\" aria-labelledby=\"tk-1-1-orta-macar-meselesi-ve-sefer-firsati\">\n<h2 id=\"tk-1-1-orta-macar-meselesi-ve-sefer-firsati\">Orta Macar Meselesi ve Sefer F\u0131rsat\u0131<\/h2>\n<ul class=\"tk-liste\">\n<li>Orta Macaristan, Habsburg h\u00e2kimiyetindeki Yukar\u0131 Macaristan\u2019d\u0131.<\/li>\n<li>B\u00f6lgedeki Protestan halk, Katolik Habsburg bask\u0131s\u0131na kar\u015f\u0131 direni\u015fe ge\u00e7ti.<\/li>\n<li>Direni\u015fin lideri T\u00f6k\u00f6li \u0130mre, Osmanl\u0131 himayesinde devlet kurmak i\u00e7in \u0130stanbul\u2019a ba\u015fvurdu.<\/li>\n<li>1682\u2019de sefer haz\u0131rl\u0131klar\u0131na ba\u015fland\u0131.<\/li>\n<li>Osmanl\u0131 kuvveti Ka\u015fa\u2019ya girerek T\u00f6k\u00f6li\u2019yi krall\u0131k taht\u0131na oturttu.<\/li>\n<li>\u0130mparator Leopold iki cepheli sava\u015f istemedi\u011fi i\u00e7in Vasvar Antla\u015fmas\u0131\u2019n\u0131 yenilemeye \u00e7al\u0131\u015ft\u0131.<\/li>\n<\/ul>\n<\/section>\n<section class=\"tk-kart\" aria-labelledby=\"tk-1-1-kahlenberg-yenilgisi-ve-kutsal-ittifak\">\n<h2 id=\"tk-1-1-kahlenberg-yenilgisi-ve-kutsal-ittifak\">Kahlenberg Yenilgisi ve Kutsal \u0130ttifak<\/h2>\n<ul class=\"tk-liste\">\n<li>Lehistan Kral\u0131 III. Jan Sobieski komutas\u0131ndaki Leh ve Alman kuvvetleri 12 Eyl\u00fcl 1683\u2019te taarruza ge\u00e7ti.<\/li>\n<li>Kahlenberg Tepesi\u2019nde Osmanl\u0131 ordusu m\u00fcttefik g\u00fc\u00e7ler kar\u015f\u0131s\u0131nda yenildi.<\/li>\n<li>Osmanl\u0131 ordusu Belgrad\u2019a geri \u00e7ekilmek zorunda kald\u0131.<\/li>\n<li>M\u00fcttefik g\u00fc\u00e7ler 9 Ekim\u2019de Ci\u011ferdelen Kalesi\u2019ni ele ge\u00e7irdi.<\/li>\n<li>Avusturya, Venedik ve Lehistan 5 Mart 1684\u2019te Kutsal \u0130ttifak\u2019\u0131 kurdu.<\/li>\n<li>Rus \u00c7arl\u0131\u011f\u0131\u2019n\u0131n 1686\u2019da kat\u0131lmas\u0131yla Osmanl\u0131 Devleti d\u00f6rt cephede m\u00fccadele etti.<\/li>\n<\/ul>\n<aside class=\"tk-bilgi-kutusu\" role=\"note\" aria-label=\"Kahlenberg Yenilgisi ve Kutsal \u0130ttifak - tablo 3\">\n<div class=\"tk-bilgi-etiket\"><p class=\"tk-hucre-metin\"><strong>SINAV NOTU<\/strong><\/p><\/div>\n<div class=\"tk-bilgi-icerik\"><p class=\"tk-hucre-metin\">1683 Kahlenberg yenilgisi \u2192 1684 Kutsal \u0130ttifak \u2192 1699 Karlof\u00e7a Antla\u015fmas\u0131.<\/p><\/div>\n<\/aside>\n<p class=\"tk-gorsel-aciklamasi\">XVII. y\u00fczy\u0131l\u0131n sonlar\u0131nda Kutsal \u0130ttifak Devletleri<\/p>\n<\/section>\n<section class=\"tk-kart\" aria-labelledby=\"tk-1-1-ii-viyana-kusatmasi\">\n<h2 id=\"tk-1-1-ii-viyana-kusatmasi\">II. Viyana Ku\u015fatmas\u0131<\/h2>\n<div class=\"tk-tablo-kapsayici\" role=\"region\" aria-label=\"II. Viyana Ku\u015fatmas\u0131 - tablo 4\">\n<table class=\"tk-tablosu\">\n<thead>\n<tr>\n<th scope=\"col\" colspan=\"2\"><p class=\"tk-hucre-metin\">OLAY B\u0130LG\u0130 KARTI<\/p><\/th>\n<\/tr>\n<\/thead>\n<tbody>\n<tr>\n<td data-label=\"OLAY B\u0130LG\u0130 KARTI\"><p class=\"tk-hucre-metin\"><strong>Olay\u0131n ad\u0131:<\/strong><\/p><\/td>\n<td data-label=\"OLAY B\u0130LG\u0130 KARTI\"><p class=\"tk-hucre-metin\">II. Viyana Ku\u015fatmas\u0131<\/p><\/td>\n<\/tr>\n<tr>\n<td data-label=\"OLAY B\u0130LG\u0130 KARTI\"><p class=\"tk-hucre-metin\"><strong>Tarihi:<\/strong><\/p><\/td>\n<td data-label=\"OLAY B\u0130LG\u0130 KARTI\"><p class=\"tk-hucre-metin\">14 Temmuz-12 Eyl\u00fcl 1683<\/p><\/td>\n<\/tr>\n<tr>\n<td data-label=\"OLAY B\u0130LG\u0130 KARTI\"><p class=\"tk-hucre-metin\"><strong>Padi\u015fah \/ sadrazam:<\/strong><\/p><\/td>\n<td data-label=\"OLAY B\u0130LG\u0130 KARTI\"><p class=\"tk-hucre-metin\">IV. Mehmet \/ Merzifonlu Kara Mustafa Pa\u015fa<\/p><\/td>\n<\/tr>\n<tr>\n<td data-label=\"OLAY B\u0130LG\u0130 KARTI\"><p class=\"tk-hucre-metin\"><strong>Nedenleri:<\/strong><\/p><\/td>\n<td data-label=\"OLAY B\u0130LG\u0130 KARTI\"><p class=\"tk-hucre-metin\">Orta Avrupa\u2019da \u00fcst\u00fcnl\u00fck kurma iste\u011fi; T\u00f6k\u00f6li \u0130mre\u2019nin Osmanl\u0131 deste\u011fini istemesi; Viyana\u2019n\u0131n stratejik hedef olmas\u0131.<\/p><\/td>\n<\/tr>\n<tr>\n<td data-label=\"OLAY B\u0130LG\u0130 KARTI\"><p class=\"tk-hucre-metin\"><strong>Sonu\u00e7lar\u0131:<\/strong><\/p><\/td>\n<td data-label=\"OLAY B\u0130LG\u0130 KARTI\"><p class=\"tk-hucre-metin\">Kahlenberg\u2019de yenilgi ve geri \u00e7ekilme; 1684\u2019te Kutsal \u0130ttifak\u2019\u0131n kurulmas\u0131; uzun ve \u00e7ok cepheli sava\u015flar\u0131n ba\u015flamas\u0131; 1699 Karlof\u00e7a\u2019ya uzanan s\u00fcre\u00e7.<\/p><\/td>\n<\/tr>\n<tr>\n<td data-label=\"OLAY B\u0130LG\u0130 KARTI\"><p class=\"tk-hucre-metin\"><strong>Dikkatimi \u00e7eken geli\u015fme:<\/strong><\/p><\/td>\n<td data-label=\"OLAY B\u0130LG\u0130 KARTI\"><p class=\"tk-hucre-metin\">Bir ku\u015fatma yenilgisinin d\u00f6rt cepheli ve yakla\u015f\u0131k on alt\u0131 y\u0131ll\u0131k bir sava\u015fa d\u00f6n\u00fc\u015fmesi.<\/p><\/td>\n<\/tr>\n<\/tbody>\n<\/table>\n<\/div>\n<\/section>\n<section class=\"tk-kart\" aria-labelledby=\"tk-1-1-ii-viyana-kusatmasinin-sonuclari\">\n<h2 id=\"tk-1-1-ii-viyana-kusatmasinin-sonuclari\">II. Viyana Ku\u015fatmas\u0131\u2019n\u0131n Sonu\u00e7lar\u0131<\/h2>\n<ul class=\"tk-liste\">\n<li>Balkan eyaletlerinde karga\u015fa, iktisadi \u00e7\u00f6k\u00fcnt\u00fc ve asayi\u015fsizlik ya\u015fand\u0131.<\/li>\n<li>Garnizonlar\u0131n erimesi ve yol g\u00fcvenli\u011finin azalmas\u0131 merkez\u00ee kontrol\u00fc zay\u0131flatt\u0131.<\/li>\n<li>Bosna ahalisi merkezden para ve asker yard\u0131m\u0131 istedi; merkez\u00ee h\u00fck\u00fcmet bu talepleri kar\u015f\u0131lamakta zorland\u0131.<\/li>\n<li>Rumeli\u2019de g\u00fcvenlik ve mali sorunlar k\u0131smen ahali taraf\u0131ndan kar\u015f\u0131lanmaya ba\u015fland\u0131.<\/li>\n<li>1683-1699 sava\u015flar\u0131nda e\u011fitimli ve muharebe deneyimli askerlerin \u00f6nemli k\u0131sm\u0131 kaybedildi.<\/li>\n<li>Bilgi, tecr\u00fcbe ve birlik gelenekleri yeni nesillere aktar\u0131lamad\u0131.<\/li>\n<\/ul>\n<aside class=\"tk-bilgi-kutusu\" role=\"note\" aria-label=\"II. Viyana Ku\u015fatmas\u0131\u2019n\u0131n Sonu\u00e7lar\u0131 - tablo 5\">\n<div class=\"tk-bilgi-etiket\"><p class=\"tk-hucre-metin\"><strong>NEDEN \u00d6NEML\u0130?<\/strong><\/p><\/div>\n<div class=\"tk-bilgi-icerik\"><p class=\"tk-hucre-metin\">II. Viyana Ku\u015fatmas\u0131\u2019n\u0131n sonu\u00e7lar\u0131 yaln\u0131z asker\u00ee de\u011fil; g\u00fcvenlik, maliye ve merkez\u00ee denetim alanlar\u0131nda da etkili oldu.<\/p><\/div>\n<\/aside>\n<\/section>\n<section class=\"tk-kart\" aria-labelledby=\"tk-1-1-zenta-yenilgisi-ve-barisa-giden-yol\">\n<h2 id=\"tk-1-1-zenta-yenilgisi-ve-barisa-giden-yol\">Zenta Yenilgisi ve Bar\u0131\u015fa Giden Yol<\/h2>\n<ul class=\"tk-liste\">\n<li>11 Eyl\u00fcl 1697\u2019de Osmanl\u0131 ordusu Zenta \u00f6nlerinde Tisa Nehri\u2019ni ge\u00e7erken bozguna u\u011frad\u0131.<\/li>\n<li>Bu yenilgi, kaybedilen topraklar\u0131 geri alma gayretini b\u00fcy\u00fck \u00f6l\u00e7\u00fcde k\u0131rd\u0131.<\/li>\n<li>Venedikliler Mora\u2019dan kuzeye ilerleyerek Atina\u2019y\u0131, Dalma\u00e7ya ve Bosna\u2019da bir\u00e7ok kaleyi i\u015fgal etti.<\/li>\n<li>Ruslar 1696\u2019da Azak Kalesi\u2019ni ele ge\u00e7irdi.<\/li>\n<li>\u00c7ok cepheli sava\u015flar devletin i\u00e7 durumunu bozdu.<\/li>\n<li>Ola\u011fan\u00fcst\u00fc vergiler, bo\u015falan k\u00f6yler, asker ve m\u00fchimmat tedarikindeki g\u00fc\u00e7l\u00fckler bar\u0131\u015f\u0131 zorunlu k\u0131ld\u0131.<\/li>\n<\/ul>\n<\/section>\n<section class=\"tk-kart\" aria-labelledby=\"tk-1-1-1699-karlofca-antlasmasi\">\n<h2 id=\"tk-1-1-1699-karlofca-antlasmasi\">1699 Karlof\u00e7a Antla\u015fmas\u0131<\/h2>\n<ul class=\"tk-liste\">\n<li>Kutsal \u0130ttifak kar\u015f\u0131s\u0131ndaki ma\u011flubiyetler Osmanl\u0131 Devleti\u2019ni bar\u0131\u015f istemeye zorlad\u0131.<\/li>\n<li>Bar\u0131\u015f g\u00f6r\u00fc\u015fmeleri 13 Kas\u0131m 1698\u2019de Karlof\u00e7a\u2019da ba\u015flad\u0131.<\/li>\n<li>26 Ocak 1699\u2019da Karlof\u00e7a Antla\u015fmas\u0131 imzaland\u0131 ve Osmanl\u0131-Kutsal \u0130ttifak Sava\u015flar\u0131 sona erdi.<\/li>\n<\/ul>\n<p class=\"tk-metin\">.<\/p>\n<\/section>\n<section class=\"tk-kart\" aria-labelledby=\"tk-1-1-karlofca-antlasmasi\">\n<h2 id=\"tk-1-1-karlofca-antlasmasi\">Karlof\u00e7a Antla\u015fmas\u0131<\/h2>\n<div class=\"tk-tablo-kapsayici\" role=\"region\" aria-label=\"Karlof\u00e7a Antla\u015fmas\u0131 - tablo 6\">\n<table class=\"tk-tablosu\">\n<thead>\n<tr>\n<th scope=\"col\" colspan=\"2\"><p class=\"tk-hucre-metin\">OLAY B\u0130LG\u0130 KARTI<\/p><\/th>\n<\/tr>\n<\/thead>\n<tbody>\n<tr>\n<td data-label=\"OLAY B\u0130LG\u0130 KARTI\"><p class=\"tk-hucre-metin\"><strong>Olay\u0131n ad\u0131:<\/strong><\/p><\/td>\n<td data-label=\"OLAY B\u0130LG\u0130 KARTI\"><p class=\"tk-hucre-metin\">Karlof\u00e7a Antla\u015fmas\u0131<\/p><\/td>\n<\/tr>\n<tr>\n<td data-label=\"OLAY B\u0130LG\u0130 KARTI\"><p class=\"tk-hucre-metin\"><strong>Tarihi:<\/strong><\/p><\/td>\n<td data-label=\"OLAY B\u0130LG\u0130 KARTI\"><p class=\"tk-hucre-metin\">26 Ocak 1699<\/p><\/td>\n<\/tr>\n<tr>\n<td data-label=\"OLAY B\u0130LG\u0130 KARTI\"><p class=\"tk-hucre-metin\"><strong>Padi\u015fah \/ sadrazam:<\/strong><\/p><\/td>\n<td data-label=\"OLAY B\u0130LG\u0130 KARTI\"><p class=\"tk-hucre-metin\">II. Mustafa \/ Amcaz\u00e2de H\u00fcseyin Pa\u015fa<\/p><\/td>\n<\/tr>\n<tr>\n<td data-label=\"OLAY B\u0130LG\u0130 KARTI\"><p class=\"tk-hucre-metin\"><strong>Nedenleri:<\/strong><\/p><\/td>\n<td data-label=\"OLAY B\u0130LG\u0130 KARTI\"><p class=\"tk-hucre-metin\">Uzun s\u00fcren \u00e7ok cepheli sava\u015flar; Zenta yenilgisi; asker, m\u00fchimmat ve para temininin g\u00fc\u00e7le\u015fmesi; i\u00e7 d\u00fczenin bozulmas\u0131.<\/p><\/td>\n<\/tr>\n<tr>\n<td data-label=\"OLAY B\u0130LG\u0130 KARTI\"><p class=\"tk-hucre-metin\"><strong>Sonu\u00e7lar\u0131:<\/strong><\/p><\/td>\n<td data-label=\"OLAY B\u0130LG\u0130 KARTI\"><p class=\"tk-hucre-metin\">Avusturya, Macaristan ve Erdel\u2019i, Venedik Mora ve Dalma\u00e7ya\u2019y\u0131, Lehistan Podolya\u2019y\u0131 ald\u0131. Osmanl\u0131 kal\u0131c\u0131 ve b\u00fcy\u00fck toprak kay\u0131plar\u0131 ya\u015fayarak savunma siyasetine y\u00f6neldi.<\/p><\/td>\n<\/tr>\n<tr>\n<td data-label=\"OLAY B\u0130LG\u0130 KARTI\"><p class=\"tk-hucre-metin\"><strong>Dikkatimi \u00e7eken geli\u015fme:<\/strong><\/p><\/td>\n<td data-label=\"OLAY B\u0130LG\u0130 KARTI\"><p class=\"tk-hucre-metin\">Osmanl\u0131 Devleti\u2019nin antla\u015fma \u015fartlar\u0131n\u0131 belirleyen taraf olma \u00fcst\u00fcnl\u00fc\u011f\u00fcn\u00fc kaybetmesi.<\/p><\/td>\n<\/tr>\n<\/tbody>\n<\/table>\n<\/div>\n<aside class=\"tk-bilgi-kutusu\" role=\"note\" aria-label=\"Karlof\u00e7a Antla\u015fmas\u0131 - tablo 7\">\n<div class=\"tk-bilgi-etiket\"><p class=\"tk-hucre-metin\"><strong>\u00d6SYM D\u0130KKAT<\/strong><\/p><\/div>\n<div class=\"tk-bilgi-icerik\"><p class=\"tk-hucre-metin\">Karlof\u00e7a, kal\u0131c\u0131 ve b\u00fcy\u00fck toprak kay\u0131plar\u0131yla Osmanl\u0131 Devleti\u2019nin savunma siyasetine y\u00f6neldi\u011fi bir d\u00f6n\u00fcm noktas\u0131d\u0131r.<\/p><\/div>\n<\/aside>\n<\/section>\n<section class=\"tk-kart\" aria-labelledby=\"tk-1-1-1700-istanbul-antlasmasi\">\n<h2 id=\"tk-1-1-1700-istanbul-antlasmasi\">1700 \u0130stanbul Antla\u015fmas\u0131<\/h2>\n<ul class=\"tk-liste\">\n<li>Osmanl\u0131-Rus sorunlar\u0131 Karlof\u00e7a g\u00f6r\u00fc\u015fmelerinde \u00e7\u00f6z\u00fclemedi.<\/li>\n<li>1700 \u0130stanbul Antla\u015fmas\u0131\u2019yla Azak Kalesi Rus \u00c7arl\u0131\u011f\u0131\u2019na b\u0131rak\u0131ld\u0131.<\/li>\n<li>Ruslar\u0131n \u0130stanbul\u2019da s\u00fcrekli el\u00e7i bulundurmas\u0131 kabul edildi ve Rus \u00e7ar\u0131n\u0131n imparatorluk unvan\u0131 tan\u0131nd\u0131.<\/li>\n<\/ul>\n<aside class=\"tk-bilgi-kutusu\" role=\"note\" aria-label=\"1700 \u0130stanbul Antla\u015fmas\u0131 - tablo 8\">\n<div class=\"tk-bilgi-etiket\"><p class=\"tk-hucre-metin\"><strong>KARI\u015eTIRMA!<\/strong><\/p><\/div>\n<div class=\"tk-bilgi-icerik\"><p class=\"tk-hucre-metin\">Karlof\u00e7a Antla\u015fmas\u0131 Kutsal \u0130ttifak devletleriyle, 1700 \u0130stanbul Antla\u015fmas\u0131 ise Rus \u00c7arl\u0131\u011f\u0131 ile ilgili sorunlar\u0131 d\u00fczenledi.<\/p><\/div>\n<\/aside>\n<p class=\"tk-gorsel-aciklamasi\">Karlof\u00e7a (1699) ve \u0130stanbul (1700) Antla\u015fmalar\u0131 ile kaybedilen topraklar<\/p>\n<\/section>\n<section class=\"tk-kart\" aria-labelledby=\"tk-1-1-karlofca-antlasmasinin-osmanli-acisindan-onemi\">\n<h2 id=\"tk-1-1-karlofca-antlasmasinin-osmanli-acisindan-onemi\"><strong>Karlof\u00e7a Antla\u015fmas\u0131\u2019n\u0131n Osmanl\u0131 A\u00e7\u0131s\u0131ndan \u00d6nemi<\/strong><\/h2>\n<div class=\"tk-tablo-kapsayici tk-cok-sutun\" role=\"region\" aria-label=\"Karlof\u00e7a Antla\u015fmas\u0131\u2019n\u0131n Osmanl\u0131 A\u00e7\u0131s\u0131ndan \u00d6nemi - tablo 9\">\n<table class=\"tk-tablosu\">\n<thead>\n<tr>\n<th scope=\"col\"><p class=\"tk-hucre-metin\"><strong>Ba\u015fl\u0131k<\/strong><\/p><\/th>\n<th scope=\"col\"><p class=\"tk-hucre-metin\"><strong>Geli\u015fme<\/strong><\/p><\/th>\n<th scope=\"col\"><p class=\"tk-hucre-metin\"><strong>Sonu\u00e7<\/strong><\/p><\/th>\n<\/tr>\n<\/thead>\n<tbody>\n<tr>\n<td data-label=\"Ba\u015fl\u0131k\"><p class=\"tk-hucre-metin\">Genel nitelik<\/p><\/td>\n<td data-label=\"Geli\u015fme\"><p class=\"tk-hucre-metin\">1699 Karlof\u00e7a Antla\u015fmas\u0131 modern Avrupa tarihinin \u00f6nemli bar\u0131\u015f antla\u015fmalar\u0131ndand\u0131r.<\/p><\/td>\n<td data-label=\"Sonu\u00e7\"><p class=\"tk-hucre-metin\">Osmanl\u0131 tarihi a\u00e7\u0131s\u0131ndan d\u00f6n\u00fcm noktas\u0131 oldu.<\/p><\/td>\n<\/tr>\n<tr>\n<td data-label=\"Ba\u015fl\u0131k\"><p class=\"tk-hucre-metin\">Toprak kayb\u0131<\/p><\/td>\n<td data-label=\"Geli\u015fme\"><p class=\"tk-hucre-metin\">Osmanl\u0131 ilk kez Hristiyan g\u00fc\u00e7lere kar\u015f\u0131 kal\u0131c\u0131 toprak kayb\u0131na u\u011frad\u0131.<\/p><\/td>\n<td data-label=\"Sonu\u00e7\"><p class=\"tk-hucre-metin\">Avrupa&#x27;daki denge Osmanl\u0131 aleyhine de\u011fi\u015fti.<\/p><\/td>\n<\/tr>\n<tr>\n<td data-label=\"Ba\u015fl\u0131k\"><p class=\"tk-hucre-metin\">Avusturya<\/p><\/td>\n<td data-label=\"Geli\u015fme\"><p class=\"tk-hucre-metin\">Macaristan, H\u0131rvatistan ve Pojega&#x27;n\u0131n belli kesimleri ile Erdel&#x27;i kazand\u0131.<\/p><\/td>\n<td data-label=\"Sonu\u00e7\"><p class=\"tk-hucre-metin\">Habsburglar \u00f6nemli kazan\u0131mlar elde etti.<\/p><\/td>\n<\/tr>\n<tr>\n<td data-label=\"Ba\u015fl\u0131k\"><p class=\"tk-hucre-metin\">Venedik-Lehistan<\/p><\/td>\n<td data-label=\"Geli\u015fme\"><p class=\"tk-hucre-metin\">Venedik Mora ve Dalma\u00e7ya&#x27;n\u0131n b\u00fcy\u00fck b\u00f6l\u00fcm\u00fcn\u00fc ald\u0131.<br> Lehistan Podolya&#x27;y\u0131 geri ald\u0131.<\/p><\/td>\n<td data-label=\"Sonu\u00e7\"><p class=\"tk-hucre-metin\">Osmanl\u0131 bat\u0131da \u00f6nemli b\u00f6lgeler kaybetti.<\/p><\/td>\n<\/tr>\n<\/tbody>\n<\/table>\n<\/div>\n<\/section>\n<section class=\"tk-kart\" aria-labelledby=\"tk-1-1-prut-savasi\">\n<h2 id=\"tk-1-1-prut-savasi\">Prut Sava\u015f\u0131<\/h2>\n<ul class=\"tk-liste\">\n<li>Karlof\u00e7a ve \u0130stanbul antla\u015fmalar\u0131yla kaybedilen yerleri geri almak isteyen Osmanl\u0131 m\u00fccadeleyi s\u00fcrd\u00fcrd\u00fc.<\/li>\n<li>Rus \u00c7arl\u0131\u011f\u0131\u2019n\u0131n en b\u00fcy\u00fck hedefi a\u00e7\u0131k denizlere ula\u015farak s\u0131n\u0131rlar\u0131n\u0131 geni\u015fletmekti.<\/li>\n<li>I. Petro Balt\u0131k Denizi i\u00e7in \u0130sve\u00e7\u2019le, Karadeniz i\u00e7in Osmanl\u0131 Devleti\u2019yle m\u00fccadele etti.<\/li>\n<li>1700 \u0130stanbul Antla\u015fmas\u0131\u2019yla Azak Kalesi Ruslar\u0131n eline ge\u00e7ti.<\/li>\n<li>I. Petro\u2019nun Karadeniz\u2019e y\u00f6nelik politikas\u0131 Osmanl\u0131-Rus ili\u015fkilerini gerdi.<\/li>\n<li>Osmanl\u0131 Devleti 20 Kas\u0131m 1710\u2019da Rus \u00c7arl\u0131\u011f\u0131\u2019na sava\u015f ilan etti.<\/li>\n<\/ul>\n<\/section>\n<section class=\"tk-kart\" aria-labelledby=\"tk-1-1-prut-savasi-ve-prut-antlasmasi\">\n<h2 id=\"tk-1-1-prut-savasi-ve-prut-antlasmasi\">Prut Sava\u015f\u0131 ve Prut Antla\u015fmas\u0131<\/h2>\n<ul class=\"tk-liste\">\n<li>1711 bahar\u0131nda Bo\u011fdan\u2019a giren Rus ordusu Prut Nehri boyunca ilerledi.<\/li>\n<li>Baltac\u0131 Mehmet Pa\u015fa komutas\u0131ndaki Osmanl\u0131 ordusu Rus ordusunu Prut Nehri k\u0131y\u0131s\u0131nda ku\u015fatt\u0131.<\/li>\n<li>Ku\u015fatmadan kurtulman\u0131n m\u00fcmk\u00fcn olmad\u0131\u011f\u0131n\u0131 d\u00fc\u015f\u00fcnen Ruslar bar\u0131\u015f teklifinde bulundu.<\/li>\n<li>K\u0131r\u0131m Han\u0131 Devlet Giray ve \u0130sve\u00e7 kral\u0131n\u0131n temsilcisi itiraz etse de teklif kabul edildi.<\/li>\n<li>21 Temmuz 1711\u2019de Prut Antla\u015fmas\u0131 imzaland\u0131.<\/li>\n<li>Azak Kalesi Osmanl\u0131 Devleti\u2019ne teslim edildi ve Lehistan Rus n\u00fcfuzundan kurtuldu.<\/li>\n<\/ul>\n<aside class=\"tk-bilgi-kutusu\" role=\"note\" aria-label=\"Prut Sava\u015f\u0131 ve Prut Antla\u015fmas\u0131 - tablo 10\">\n<div class=\"tk-bilgi-etiket\"><p class=\"tk-hucre-metin\"><strong>KARI\u015eTIRMA!<\/strong><\/p><\/div>\n<div class=\"tk-bilgi-icerik\"><p class=\"tk-hucre-metin\">Azak Kalesi 1700 \u0130stanbul Antla\u015fmas\u0131\u2019yla Rusya\u2019ya b\u0131rak\u0131ld\u0131; 1711 Prut Antla\u015fmas\u0131\u2019yla Osmanl\u0131 Devleti\u2019ne geri verildi.<\/p><\/div>\n<\/aside>\n<\/section>\n<section class=\"tk-kart\" aria-labelledby=\"tk-1-1-prut-antlasmasi\">\n<h2 id=\"tk-1-1-prut-antlasmasi\"><strong>Prut Antla\u015fmas\u0131<\/strong><\/h2>\n<div class=\"tk-tablo-kapsayici\" role=\"region\" aria-label=\"Prut Antla\u015fmas\u0131 - tablo 11\">\n<table class=\"tk-tablosu\">\n<thead>\n<tr>\n<th scope=\"col\" colspan=\"2\"><p class=\"tk-hucre-metin\">OLAY B\u0130LG\u0130 KARTI<\/p><\/th>\n<\/tr>\n<\/thead>\n<tbody>\n<tr>\n<td data-label=\"OLAY B\u0130LG\u0130 KARTI\"><p class=\"tk-hucre-metin\"><strong>Olay\u0131n ad\u0131:<\/strong><\/p><\/td>\n<td data-label=\"OLAY B\u0130LG\u0130 KARTI\"><p class=\"tk-hucre-metin\">Prut Antla\u015fmas\u0131<\/p><\/td>\n<\/tr>\n<tr>\n<td data-label=\"OLAY B\u0130LG\u0130 KARTI\"><p class=\"tk-hucre-metin\"><strong>Tarihi:<\/strong><\/p><\/td>\n<td data-label=\"OLAY B\u0130LG\u0130 KARTI\"><p class=\"tk-hucre-metin\">21 Temmuz 1711<\/p><\/td>\n<\/tr>\n<tr>\n<td data-label=\"OLAY B\u0130LG\u0130 KARTI\"><p class=\"tk-hucre-metin\"><strong>Padi\u015fah \/ sadrazam:<\/strong><\/p><\/td>\n<td data-label=\"OLAY B\u0130LG\u0130 KARTI\"><p class=\"tk-hucre-metin\">III. Ahmet \/ Baltac\u0131 Mehmet Pa\u015fa<\/p><\/td>\n<\/tr>\n<tr>\n<td data-label=\"OLAY B\u0130LG\u0130 KARTI\"><p class=\"tk-hucre-metin\"><strong>Nedenleri:<\/strong><\/p><\/td>\n<td data-label=\"OLAY B\u0130LG\u0130 KARTI\"><p class=\"tk-hucre-metin\">Rusya\u2019n\u0131n Karadeniz\u2019e yay\u0131lma siyaseti; Azak\u2019\u0131 ele ge\u00e7irmesi; \u0130sve\u00e7 Kral\u0131 XII. Karl meselesi; \u0130stanbul Antla\u015fmas\u0131\u2019na ayk\u0131r\u0131 hareketler.<\/p><\/td>\n<\/tr>\n<tr>\n<td data-label=\"OLAY B\u0130LG\u0130 KARTI\"><p class=\"tk-hucre-metin\"><strong>Sonu\u00e7lar\u0131:<\/strong><\/p><\/td>\n<td data-label=\"OLAY B\u0130LG\u0130 KARTI\"><p class=\"tk-hucre-metin\">Azak Osmanl\u0131\u2019ya geri verildi; Rusya Lehistan \u00fczerindeki bask\u0131s\u0131n\u0131 azaltmay\u0131 kabul etti. Ancak ku\u015fat\u0131lan Rus ordusu imha edilmeden serbest kald\u0131.<\/p><\/td>\n<\/tr>\n<tr>\n<td data-label=\"OLAY B\u0130LG\u0130 KARTI\"><p class=\"tk-hucre-metin\"><strong>Dikkatimi \u00e7eken geli\u015fme:<\/strong><\/p><\/td>\n<td data-label=\"OLAY B\u0130LG\u0130 KARTI\"><p class=\"tk-hucre-metin\">Prut\u2019un Rusya i\u00e7in asker\u00ee yenilgi, fakat ordusunu kurtard\u0131\u011f\u0131 i\u00e7in diplomatik ba\u015far\u0131 say\u0131lmas\u0131.<\/p><\/td>\n<\/tr>\n<\/tbody>\n<\/table>\n<\/div>\n<\/section>\n<section class=\"tk-kart\" aria-labelledby=\"tk-1-1-mora-seferi-ve-avusturya-venedik-ittifaki\">\n<h2 id=\"tk-1-1-mora-seferi-ve-avusturya-venedik-ittifaki\">Mora Seferi ve Avusturya-Venedik \u0130ttifak\u0131<\/h2>\n<ul class=\"tk-liste\">\n<li>Prut zaferi Osmanl\u0131 Devleti\u2019ni kaybedilen topraklar\u0131 geri alma konusunda umutland\u0131rd\u0131.<\/li>\n<li>Venedik\u2019in Mora\u2019daki Ortodoks halka bask\u0131 kurmas\u0131 ve Karada\u011f halk\u0131n\u0131 isyana te\u015fvik etmesi sava\u015f nedeni oldu.<\/li>\n<li>Venedik\u2019in Osmanl\u0131 ticaret gemilerine sald\u0131rmas\u0131 \u00fczerine 1714\u2019te sava\u015f ilan edildi.<\/li>\n<li>Osmanl\u0131 ordusu Haziran 1715\u2019te ba\u015flayan seferle Mora\u2019y\u0131 Venediklilerden geri ald\u0131.<\/li>\n<li>Korfu Adas\u0131 fethedilemedi; Dalma\u00e7ya k\u0131y\u0131lar\u0131na yap\u0131lan ak\u0131nlarda ba\u015far\u0131 sa\u011flanamad\u0131.<\/li>\n<li>Avusturya 5 Nisan 1716\u2019da Venedik\u2019le birlikte sava\u015fma karar\u0131 ald\u0131.<\/li>\n<\/ul>\n<\/section>\n<section class=\"tk-kart\" aria-labelledby=\"tk-1-1-1716-1717-avusturya-cephesi\">\n<h2 id=\"tk-1-1-1716-1717-avusturya-cephesi\">1716-1717 Avusturya Cephesi<\/h2>\n<ul class=\"tk-liste\">\n<li>Avusturya\u2019n\u0131n sava\u015fa girmesi Osmanl\u0131 Devleti\u2019ni zor durumda b\u0131rakt\u0131.<\/li>\n<li>5 A\u011fustos 1716\u2019da Petervaradin Muharebesi\u2019nde Osmanl\u0131 ordusu bozguna u\u011frad\u0131.<\/li>\n<li>Sava\u015f s\u0131ras\u0131nda Sadrazam Damat Ali Pa\u015fa \u015fehit oldu.<\/li>\n<li>17 Ekim 1716\u2019da Tam\u0131\u015fvar Kalesi Avusturya ordusu taraf\u0131ndan ele ge\u00e7irildi.<\/li>\n<li>Savoy Prensi Eug\u00e8ne, Belgrad \u00f6nlerinde Osmanl\u0131 ordusunu yendi.<\/li>\n<li>Belgrad Kalesi 18 A\u011fustos 1717\u2019de Avusturya ordusu taraf\u0131ndan al\u0131nd\u0131.<\/li>\n<\/ul>\n<\/section>\n<section class=\"tk-kart\" aria-labelledby=\"tk-1-1-pasarofca-antlasmasi-ve-sonuclari\">\n<h2 id=\"tk-1-1-pasarofca-antlasmasi-ve-sonuclari\"><strong>Pasarof\u00e7a Antla\u015fmas\u0131 ve Sonu\u00e7lar\u0131<\/strong><\/h2>\n<ul class=\"tk-liste\">\n<li>Avusturya\u2019n\u0131n Ni\u015f b\u00f6lgesine sald\u0131rmas\u0131 \u00fczerine \u0130ngiltere ve Felemenk devletleri arac\u0131l\u0131k etti.<\/li>\n<li>Nev\u015fehirli Damad \u0130brahim Pa\u015fa\u2019n\u0131n sadaretinde 21 Temmuz 1718\u2019de Pasarof\u00e7a Antla\u015fmas\u0131 imzaland\u0131.<\/li>\n<li>Teme\u015fvar, Belgrad d\u00e2hil Kuzey S\u0131rbistan ve son Macar eyaleti Habsburglara b\u0131rak\u0131ld\u0131.<\/li>\n<li>Osmanl\u0131 Devleti Balkanlar\u2019da itibar kaybetti ve Orta Avrupa\u2019n\u0131n \u00fcst\u00fcn devleti olma vasf\u0131ndan uzakla\u015fmaya ba\u015flad\u0131.<\/li>\n<li>Serbest dola\u015f\u0131m, d\u00fc\u015f\u00fck g\u00fcmr\u00fck vergileri ve salg\u0131n hastal\u0131klara kar\u015f\u0131 korunma gibi uygulamalar ortaya \u00e7\u0131kt\u0131.<\/li>\n<li>1715-1718 ba\u015far\u0131s\u0131zl\u0131klar\u0131 sonras\u0131nda Osmanl\u0131 Orta Avrupa\u2019dan \u00e7ekilerek savunma durumuna ge\u00e7ti.<\/li>\n<\/ul>\n<\/section>\n<section class=\"tk-kart\" aria-labelledby=\"tk-1-1-pasarofca-antlasmasi\">\n<h2 id=\"tk-1-1-pasarofca-antlasmasi\">Pasarof\u00e7a Antla\u015fmas\u0131<\/h2>\n<div class=\"tk-tablo-kapsayici\" role=\"region\" aria-label=\"Pasarof\u00e7a Antla\u015fmas\u0131 - tablo 12\">\n<table class=\"tk-tablosu\">\n<thead>\n<tr>\n<th scope=\"col\" colspan=\"2\"><p class=\"tk-hucre-metin\">OLAY B\u0130LG\u0130 KARTI<\/p><\/th>\n<\/tr>\n<\/thead>\n<tbody>\n<tr>\n<td data-label=\"OLAY B\u0130LG\u0130 KARTI\"><p class=\"tk-hucre-metin\"><strong>Olay\u0131n ad\u0131:<\/strong><\/p><\/td>\n<td data-label=\"OLAY B\u0130LG\u0130 KARTI\"><p class=\"tk-hucre-metin\">Pasarof\u00e7a Antla\u015fmas\u0131<\/p><\/td>\n<\/tr>\n<tr>\n<td data-label=\"OLAY B\u0130LG\u0130 KARTI\"><p class=\"tk-hucre-metin\"><strong>Tarihi:<\/strong><\/p><\/td>\n<td data-label=\"OLAY B\u0130LG\u0130 KARTI\"><p class=\"tk-hucre-metin\">21 Temmuz 1718<\/p><\/td>\n<\/tr>\n<tr>\n<td data-label=\"OLAY B\u0130LG\u0130 KARTI\"><p class=\"tk-hucre-metin\"><strong>Padi\u015fah \/ sadrazam:<\/strong><\/p><\/td>\n<td data-label=\"OLAY B\u0130LG\u0130 KARTI\"><p class=\"tk-hucre-metin\">III. Ahmet \/ Nev\u015fehirli Damat \u0130brahim Pa\u015fa<\/p><\/td>\n<\/tr>\n<tr>\n<td data-label=\"OLAY B\u0130LG\u0130 KARTI\"><p class=\"tk-hucre-metin\"><strong>Nedenleri:<\/strong><\/p><\/td>\n<td data-label=\"OLAY B\u0130LG\u0130 KARTI\"><p class=\"tk-hucre-metin\">Osmanl\u0131\u2019n\u0131n Mora\u2019y\u0131 Venedik\u2019ten geri almas\u0131; Avusturya\u2019n\u0131n sava\u015fa kat\u0131lmas\u0131; Petervaradin yenilgisi ve Belgrad\u2019\u0131n kaybedilmesi.<\/p><\/td>\n<\/tr>\n<tr>\n<td data-label=\"OLAY B\u0130LG\u0130 KARTI\"><p class=\"tk-hucre-metin\"><strong>Sonu\u00e7lar\u0131:<\/strong><\/p><\/td>\n<td data-label=\"OLAY B\u0130LG\u0130 KARTI\"><p class=\"tk-hucre-metin\">Belgrad, Teme\u015fvar ve Kuzey S\u0131rbistan Avusturya\u2019ya b\u0131rak\u0131ld\u0131; Mora Osmanl\u0131\u2019da kald\u0131. Osmanl\u0131 savunmac\u0131 ve bar\u0131\u015f\u00e7\u0131 siyasete y\u00f6neldi; Lale Devri ba\u015flad\u0131.<\/p><\/td>\n<\/tr>\n<tr>\n<td data-label=\"OLAY B\u0130LG\u0130 KARTI\"><p class=\"tk-hucre-metin\"><strong>Dikkatimi \u00e7eken geli\u015fme:<\/strong><\/p><\/td>\n<td data-label=\"OLAY B\u0130LG\u0130 KARTI\"><p class=\"tk-hucre-metin\">Toprak kayb\u0131na ra\u011fmen s\u0131n\u0131r g\u00fcvenli\u011fi ve ticareti art\u0131ran yeni uygulamalar\u0131n ba\u015flamas\u0131.<\/p><\/td>\n<\/tr>\n<\/tbody>\n<\/table>\n<\/div>\n<aside class=\"tk-bilgi-kutusu\" role=\"note\" aria-label=\"Pasarof\u00e7a Antla\u015fmas\u0131 - tablo 13\">\n<div class=\"tk-bilgi-etiket\"><p class=\"tk-hucre-metin\"><strong>SINAV NOTU<\/strong><\/p><\/div>\n<div class=\"tk-bilgi-icerik\"><p class=\"tk-hucre-metin\">Mora Osmanl\u0131\u2019da kald\u0131; Belgrad, Teme\u015fvar ve Kuzey S\u0131rbistan Avusturya\u2019ya b\u0131rak\u0131ld\u0131. Lale Devri ba\u015flad\u0131.<\/p><\/div>\n<\/aside>\n<\/section>\n<section class=\"tk-kart\" aria-labelledby=\"tk-1-1-i-mahmut-donemi-ve-askeri-islahatlar\">\n<h2 id=\"tk-1-1-i-mahmut-donemi-ve-askeri-islahatlar\">I. Mahmut D\u00f6nemi ve Asker\u00ee Islahatlar<\/h2>\n<ul class=\"tk-liste\">\n<li>Lale Devri, Patrona Halil \u0130syan\u0131 sonras\u0131nda III. Ahmet\u2019in tahttan indirilmesiyle sona erdi.<\/li>\n<li>I. Mahmut ba\u015flang\u0131\u00e7ta isyanc\u0131lar\u0131n isteklerini kabul etmi\u015f g\u00f6r\u00fcnse de daha sonra \u0130stanbul\u2019un g\u00fcvenli\u011fini sa\u011flad\u0131.<\/li>\n<li>Avrupa\u2019dan uzmanlar getirilerek ordu te\u015fkilat\u0131 yeniden yap\u0131land\u0131r\u0131ld\u0131.<\/li>\n<li>Bat\u0131\u2019n\u0131n asker\u00ee teknikleri ve te\u00e7hizatlar\u0131 kullan\u0131lmaya ba\u015fland\u0131.<\/li>\n<li>Humbarac\u0131 Ahmet Pa\u015fa, Humbarac\u0131 Oca\u011f\u0131n\u0131 \u0131slah etti.<\/li>\n<li>1734\u2019te hendesehane adl\u0131 k\u0131\u015fla ve okul a\u00e7\u0131ld\u0131; Top\u00e7u Oca\u011f\u0131 da d\u00fczene sokuldu.<\/li>\n<\/ul>\n<aside class=\"tk-bilgi-kutusu\" role=\"note\" aria-label=\"I. Mahmut D\u00f6nemi ve Asker\u00ee Islahatlar - tablo 14\">\n<div class=\"tk-bilgi-etiket\"><p class=\"tk-hucre-metin\"><strong>\u00d6SYM D\u0130KKAT<\/strong><\/p><\/div>\n<div class=\"tk-bilgi-icerik\"><p class=\"tk-hucre-metin\">Humbarac\u0131 Ahmet Pa\u015fa, Humbarac\u0131 Oca\u011f\u0131n\u0131 \u0131slah etti; 1734\u2019te hendesehane a\u00e7\u0131ld\u0131 ve Top\u00e7u Oca\u011f\u0131 d\u00fczene sokuldu.<\/p><\/div>\n<\/aside>\n<\/section>\n<section class=\"tk-kart\" aria-labelledby=\"tk-1-1-1736-1739-osmanli-rus-avusturya-savaslari\">\n<h2 id=\"tk-1-1-1736-1739-osmanli-rus-avusturya-savaslari\">1736-1739 Osmanl\u0131-Rus-Avusturya Sava\u015flar\u0131<\/h2>\n<ul class=\"tk-liste\">\n<li>Rus \u00c7arl\u0131\u011f\u0131 Prut Antla\u015fmas\u0131\u2019ndan sonra da Osmanl\u0131 hedeflerinden vazge\u00e7medi.<\/li>\n<li>\u00c7ari\u00e7e Anna \u0130vanovna D\u00f6nemi\u2019nde Ruslar Azak Kalesi\u2019ni yeniden ele ge\u00e7irdi.<\/li>\n<li>Ruslar K\u0131r\u0131m\u2019\u0131n bir\u00e7ok b\u00f6lgesine sald\u0131rd\u0131 ve Lehistan\u2019\u0131n i\u00e7 i\u015flerine m\u00fcdahale etti.<\/li>\n<li>Osmanl\u0131 Devleti 2 May\u0131s 1736\u2019da Rus \u00c7arl\u0131\u011f\u0131\u2019na sava\u015f ilan etti.<\/li>\n<li>Avusturya Ar\u015fid\u00fckl\u00fc\u011f\u00fc 1737\u2019de Rus \u00c7arl\u0131\u011f\u0131\u2019na destek i\u00e7in Osmanl\u0131 Devleti\u2019ne sava\u015f a\u00e7t\u0131.<\/li>\n<li>Osmanl\u0131 ordusu ayn\u0131 anda iki cephede sava\u015fmak zorunda kald\u0131.<\/li>\n<\/ul>\n<\/section>\n<section class=\"tk-kart\" aria-labelledby=\"tk-1-1-belgradin-geri-alinmasi\">\n<h2 id=\"tk-1-1-belgradin-geri-alinmasi\">Belgrad\u2019\u0131n Geri Al\u0131nmas\u0131<\/h2>\n<ul class=\"tk-liste\">\n<li>Osmanl\u0131 ordusu Avusturya\u2019n\u0131n Ni\u015f, Vidin ve Bosna sald\u0131r\u0131lar\u0131 kar\u015f\u0131s\u0131nda ba\u015flang\u0131\u00e7ta haz\u0131rl\u0131ks\u0131z yakaland\u0131.<\/li>\n<li>K\u0131sa s\u00fcrede toparlanan Osmanl\u0131lar 1738\u2019den itibaren \u00f6nemli ba\u015far\u0131lar elde etti.<\/li>\n<li>Belgrad, Semendire, Orsova ve di\u011fer \u015fehir, kasaba ve kaleler geri al\u0131nd\u0131.<\/li>\n<li>Tuna savunma hatt\u0131 yeniden olu\u015fturuldu.<\/li>\n<li>Hisarc\u0131k Muharebesi\u2019nde Avusturya ordusu ma\u011flup edildi.<\/li>\n<li>Uzun ku\u015fatmadan sonra Belgrad 1718\u2019deki kayb\u0131n ard\u0131ndan tekrar Osmanl\u0131\u2019ya ge\u00e7ti.<\/li>\n<\/ul>\n<\/section>\n<section class=\"tk-kart\" aria-labelledby=\"tk-1-1-belgrad-antlasmasinin-onemi\">\n<h2 id=\"tk-1-1-belgrad-antlasmasinin-onemi\">Belgrad Antla\u015fmas\u0131\u2019n\u0131n \u00d6nemi<\/h2>\n<ul class=\"tk-liste\">\n<li>Belgrad Bar\u0131\u015f Antla\u015fmas\u0131 29 Eyl\u00fcl 1739\u2019da imzaland\u0131.<\/li>\n<li>Osmanl\u0131 Devleti 22 y\u0131l sonra Belgrad\u2019\u0131 tekrar elde etti.<\/li>\n<li>Azak Rusya\u2019da kald\u0131 fakat istihk\u00e2mlar\u0131 y\u0131k\u0131lacak ve \u00e7evresi isk\u00e2na a\u00e7\u0131lmayacakt\u0131.<\/li>\n<li>Rusya Karadeniz\u2019de gemi bulunduramayacak, ticaretini yaln\u0131z arac\u0131 T\u00fcrk gemileriyle yapabilecekti.<\/li>\n<li>B\u00fcy\u00fck ve K\u00fc\u00e7\u00fck Kabardey ba\u011f\u0131ms\u0131z kalacakt\u0131.<\/li>\n<li>Antla\u015fma, Osmanl\u0131 ile Avusturya aras\u0131nda yakla\u015f\u0131k elli y\u0131l s\u00fcrecek bar\u0131\u015f\u0131n ba\u015flang\u0131c\u0131 oldu.<\/li>\n<\/ul>\n<aside class=\"tk-bilgi-kutusu\" role=\"note\" aria-label=\"Belgrad Antla\u015fmas\u0131\u2019n\u0131n \u00d6nemi - tablo 15\">\n<div class=\"tk-bilgi-etiket\"><p class=\"tk-hucre-metin\"><strong>SINAV NOTU<\/strong><\/p><\/div>\n<div class=\"tk-bilgi-icerik\"><p class=\"tk-hucre-metin\">Belgrad geri al\u0131nd\u0131; Tuna savunma hatt\u0131 yeniden kuruldu. Rusya Karadeniz\u2019de gemi bulunduramayacakt\u0131.<\/p><\/div>\n<\/aside>\n<\/section>\n<section class=\"tk-kart\" aria-labelledby=\"tk-1-1-belgrad-antlasmasi\">\n<h2 id=\"tk-1-1-belgrad-antlasmasi\">Belgrad Antla\u015fmas\u0131<\/h2>\n<div class=\"tk-tablo-kapsayici\" role=\"region\" aria-label=\"Belgrad Antla\u015fmas\u0131 - tablo 16\">\n<table class=\"tk-tablosu\">\n<thead>\n<tr>\n<th scope=\"col\" colspan=\"2\"><p class=\"tk-hucre-metin\">OLAY B\u0130LG\u0130 KARTI<\/p><\/th>\n<\/tr>\n<\/thead>\n<tbody>\n<tr>\n<td data-label=\"OLAY B\u0130LG\u0130 KARTI\"><p class=\"tk-hucre-metin\"><strong>Olay\u0131n ad\u0131:<\/strong><\/p><\/td>\n<td data-label=\"OLAY B\u0130LG\u0130 KARTI\"><p class=\"tk-hucre-metin\">Belgrad Antla\u015fmas\u0131<\/p><\/td>\n<\/tr>\n<tr>\n<td data-label=\"OLAY B\u0130LG\u0130 KARTI\"><p class=\"tk-hucre-metin\"><strong>Tarihi:<\/strong><\/p><\/td>\n<td data-label=\"OLAY B\u0130LG\u0130 KARTI\"><p class=\"tk-hucre-metin\">1739 (Rusya ile 29 Eyl\u00fcl)<\/p><\/td>\n<\/tr>\n<tr>\n<td data-label=\"OLAY B\u0130LG\u0130 KARTI\"><p class=\"tk-hucre-metin\"><strong>Padi\u015fah \/ sadrazam:<\/strong><\/p><\/td>\n<td data-label=\"OLAY B\u0130LG\u0130 KARTI\"><p class=\"tk-hucre-metin\">I. Mahmut \/ \u0130vaz Mehmet Pa\u015fa<\/p><\/td>\n<\/tr>\n<tr>\n<td data-label=\"OLAY B\u0130LG\u0130 KARTI\"><p class=\"tk-hucre-metin\"><strong>Nedenleri:<\/strong><\/p><\/td>\n<td data-label=\"OLAY B\u0130LG\u0130 KARTI\"><p class=\"tk-hucre-metin\">Rusya\u2019n\u0131n Azak ve K\u0131r\u0131m\u2019a sald\u0131rmas\u0131; Avusturya\u2019n\u0131n sava\u015fa kat\u0131lmas\u0131; Osmanl\u0131\u2019n\u0131n Belgrad ve Hisarc\u0131k zaferleri \u00fczerine bar\u0131\u015f g\u00f6r\u00fc\u015fmelerinin ba\u015flamas\u0131.<\/p><\/td>\n<\/tr>\n<tr>\n<td data-label=\"OLAY B\u0130LG\u0130 KARTI\"><p class=\"tk-hucre-metin\"><strong>Sonu\u00e7lar\u0131:<\/strong><\/p><\/td>\n<td data-label=\"OLAY B\u0130LG\u0130 KARTI\"><p class=\"tk-hucre-metin\">Belgrad ve Pasarof\u00e7a\u2019da kaybedilen yerlerin \u00e7o\u011fu geri al\u0131nd\u0131; Tuna savunma hatt\u0131 kuruldu. Rusya Karadeniz\u2019de sava\u015f gemisi bulundurmamay\u0131 kabul etti.<\/p><\/td>\n<\/tr>\n<tr>\n<td data-label=\"OLAY B\u0130LG\u0130 KARTI\"><p class=\"tk-hucre-metin\"><strong>Dikkatimi \u00e7eken geli\u015fme:<\/strong><\/p><\/td>\n<td data-label=\"OLAY B\u0130LG\u0130 KARTI\"><p class=\"tk-hucre-metin\">Belgrad\u2019\u0131n geri al\u0131nmas\u0131 ve Avusturya ile yakla\u015f\u0131k elli y\u0131l s\u00fcrecek bar\u0131\u015f\u0131n ba\u015flamas\u0131.<\/p><\/td>\n<\/tr>\n<\/tbody>\n<\/table>\n<\/div>\n<\/section>\n<section class=\"tk-kart\" aria-labelledby=\"tk-1-1-1768-1774-osmanli-rus-savasi\">\n<h2 id=\"tk-1-1-1768-1774-osmanli-rus-savasi\"><strong>1768-1774 Osmanl\u0131-Rus Sava\u015f\u0131<\/strong><\/h2>\n<ul class=\"tk-liste\">\n<li>1739 Belgrad Antla\u015fmas\u0131\u2019yla sa\u011flanan Osmanl\u0131-Rus bar\u0131\u015f\u0131 II. Katerina d\u00f6neminde tehlikeye girdi.<\/li>\n<li>Ruslar Lehistan\u2019\u0131 kontrol alt\u0131nda tutmak i\u00e7in i\u00e7 i\u015flerine ve kral se\u00e7imine m\u00fcdahale etti.<\/li>\n<li>Lehistan\u2019\u0131n ortadan kald\u0131r\u0131lmas\u0131 ihtimali Osmanl\u0131 topraklar\u0131n\u0131 Rus sald\u0131r\u0131lar\u0131na a\u00e7\u0131k h\u00e2le getiriyordu.<\/li>\n<li>Ruslar Osmanl\u0131 s\u0131n\u0131r\u0131na yak\u0131n kaleler in\u015fa ederek asker\u00ee y\u0131\u011f\u0131nak yapt\u0131.<\/li>\n<li>Balkanlar ve Kafkasya\u2019daki Hristiyan Ortodokslar Osmanl\u0131 y\u00f6netimine kar\u015f\u0131 k\u0131\u015fk\u0131rt\u0131ld\u0131.<\/li>\n<li>Osmanl\u0131 Devleti 1768\u2019de Rus \u00c7arl\u0131\u011f\u0131\u2019na sava\u015f ilan etti.<\/li>\n<\/ul>\n<\/section>\n<section class=\"tk-kart\" aria-labelledby=\"tk-1-1-1768-1774-savasi-yenilgileri\">\n<h2 id=\"tk-1-1-1768-1774-savasi-yenilgileri\">1768-1774 Sava\u015f\u0131 Yenilgileri<\/h2>\n<ul class=\"tk-liste\">\n<li>Rus ordusu Eflak-Bo\u011fdan ve K\u0131r\u0131m\u2019\u0131 i\u015fgal etti; Kafkasya\u2019ya kadar ilerledi.<\/li>\n<li>Balt\u0131k Denizi\u2019nden gelen Rus donanmas\u0131 \u0130ngilizlerin yard\u0131m\u0131yla Akdeniz\u2019e ula\u015ft\u0131.<\/li>\n<li>Osmanl\u0131 donanmas\u0131 \u00c7e\u015fme Liman\u0131\u2019na \u00e7ekilmek zorunda kald\u0131.<\/li>\n<li>Ruslar 6 Temmuz 1770\u2019te Osmanl\u0131 donanmas\u0131n\u0131 yakarak imha etti.<\/li>\n<li>Kartal Sahras\u0131 Muharebesi\u2019nde Osmanl\u0131 ordusu say\u0131ca fazla olmas\u0131na ra\u011fmen a\u011f\u0131r yenilgi ald\u0131.<\/li>\n<li>Kozluca yenilgisi sonras\u0131nda Rusya\u2019n\u0131n a\u011f\u0131r \u015fartlar\u0131n\u0131 kabul etmekten ba\u015fka yol kalmad\u0131.<\/li>\n<\/ul>\n<aside class=\"tk-bilgi-kutusu\" role=\"note\" aria-label=\"1768-1774 Sava\u015f\u0131 Yenilgileri - tablo 17\">\n<div class=\"tk-bilgi-etiket\"><p class=\"tk-hucre-metin\"><strong>NEDEN \u00d6NEML\u0130?<\/strong><\/p><\/div>\n<div class=\"tk-bilgi-icerik\"><p class=\"tk-hucre-metin\">Rusya\u2019n\u0131n Lehistan, Karadeniz, Balkanlar ve Kafkasya politikalar\u0131 sava\u015f\u0131 geni\u015f bir co\u011frafyaya ta\u015f\u0131d\u0131.<\/p><\/div>\n<\/aside>\n<\/section>\n<section class=\"tk-kart\" aria-labelledby=\"tk-1-1-kucuk-kaynarca-antlasmasi\">\n<h2 id=\"tk-1-1-kucuk-kaynarca-antlasmasi\">K\u00fc\u00e7\u00fck Kaynarca Antla\u015fmas\u0131<\/h2>\n<ul class=\"tk-liste\">\n<li>Bar\u0131\u015f antla\u015fmas\u0131 21 Temmuz 1774\u2019te K\u00fc\u00e7\u00fck Kaynarca\u2019da imzaland\u0131.<\/li>\n<li>Osmanl\u0131 Devleti, Karlof\u00e7a\u2019dan sonra en a\u011f\u0131r antla\u015fmalardan birini kabul etmek zorunda kald\u0131.<\/li>\n<li>Aksu (Bu\u011f) Nehri iki devlet aras\u0131nda yeni s\u0131n\u0131r oldu.<\/li>\n<li>K\u0131r\u0131m, Kaban ve Bucak yaln\u0131zca din\u00ee konularda hilafet makam\u0131na ba\u011fl\u0131 b\u0131rak\u0131ld\u0131; siyasi bak\u0131mdan ayr\u0131ld\u0131.<\/li>\n<li>Ortodoks tebaan\u0131n haklar\u0131n\u0131n koruyuculu\u011funun Ruslara verilmesi \u015feklinde yorumlanan maddeler antla\u015fmay\u0131 a\u011f\u0131rla\u015ft\u0131rd\u0131.<\/li>\n<li>Rus ticaret gemilerinin Bo\u011fazlardan serbest\u00e7e ge\u00e7mesine izin verildi.<\/li>\n<\/ul>\n<p class=\"tk-gorsel-aciklamasi\">K\u00fc\u00e7\u00fck Kaynarca Antla\u015fmas\u0131 sonras\u0131nda Osmanl\u0131 Devleti\u2019nin s\u0131n\u0131rlar\u0131ndaki de\u011fi\u015fim<\/p>\n<div class=\"tk-tablo-kapsayici\" role=\"region\" aria-label=\"K\u00fc\u00e7\u00fck Kaynarca Antla\u015fmas\u0131 - tablo 18\">\n<table class=\"tk-tablosu\">\n<thead>\n<tr>\n<th scope=\"col\" colspan=\"2\"><p class=\"tk-hucre-metin\">OLAY B\u0130LG\u0130 KARTI<\/p><\/th>\n<\/tr>\n<\/thead>\n<tbody>\n<tr>\n<td data-label=\"OLAY B\u0130LG\u0130 KARTI\"><p class=\"tk-hucre-metin\"><strong>Olay\u0131n ad\u0131:<\/strong><\/p><\/td>\n<td data-label=\"OLAY B\u0130LG\u0130 KARTI\"><p class=\"tk-hucre-metin\">K\u00fc\u00e7\u00fck Kaynarca Antla\u015fmas\u0131<\/p><\/td>\n<\/tr>\n<tr>\n<td data-label=\"OLAY B\u0130LG\u0130 KARTI\"><p class=\"tk-hucre-metin\"><strong>Tarihi:<\/strong><\/p><\/td>\n<td data-label=\"OLAY B\u0130LG\u0130 KARTI\"><p class=\"tk-hucre-metin\">21 Temmuz 1774<\/p><\/td>\n<\/tr>\n<tr>\n<td data-label=\"OLAY B\u0130LG\u0130 KARTI\"><p class=\"tk-hucre-metin\"><strong>Padi\u015fah \/ sadrazam:<\/strong><\/p><\/td>\n<td data-label=\"OLAY B\u0130LG\u0130 KARTI\"><p class=\"tk-hucre-metin\">I. Abd\u00fclhamid \/ Muhsinzade Mehmet Pa\u015fa<\/p><\/td>\n<\/tr>\n<tr>\n<td data-label=\"OLAY B\u0130LG\u0130 KARTI\"><p class=\"tk-hucre-metin\"><strong>Nedenleri:<\/strong><\/p><\/td>\n<td data-label=\"OLAY B\u0130LG\u0130 KARTI\"><p class=\"tk-hucre-metin\">Rusya\u2019n\u0131n Lehistan\u2019a m\u00fcdahalesi ve Osmanl\u0131 s\u0131n\u0131r\u0131n\u0131 ihlal etmesi; Karadeniz\u2019e yay\u0131lma iste\u011fi; 1768-1774 sava\u015f\u0131nda Osmanl\u0131\u2019n\u0131n a\u011f\u0131r yenilgileri.<\/p><\/td>\n<\/tr>\n<tr>\n<td data-label=\"OLAY B\u0130LG\u0130 KARTI\"><p class=\"tk-hucre-metin\"><strong>Sonu\u00e7lar\u0131:<\/strong><\/p><\/td>\n<td data-label=\"OLAY B\u0130LG\u0130 KARTI\"><p class=\"tk-hucre-metin\">K\u0131r\u0131m ba\u011f\u0131ms\u0131z oldu; Rusya Karadeniz\u2019de ve Bo\u011fazlarda ticari haklar kazand\u0131, Osmanl\u0131 Ortodokslar\u0131 \u00fczerinde n\u00fcfuz alan\u0131 elde etti; Osmanl\u0131 sava\u015f tazminat\u0131 \u00f6dedi.<\/p><\/td>\n<\/tr>\n<tr>\n<td data-label=\"OLAY B\u0130LG\u0130 KARTI\"><p class=\"tk-hucre-metin\"><strong>Dikkatimi \u00e7eken geli\u015fme:<\/strong><\/p><\/td>\n<td data-label=\"OLAY B\u0130LG\u0130 KARTI\"><p class=\"tk-hucre-metin\">K\u0131r\u0131m\u2019\u0131n kayb\u0131n\u0131n Rus ilhak\u0131na ve Karadeniz ile \u0130stanbul\u2019un daha b\u00fcy\u00fck bir tehdide a\u00e7\u0131lmas\u0131na zemin haz\u0131rlamas\u0131.<\/p><\/td>\n<\/tr>\n<\/tbody>\n<\/table>\n<\/div>\n<aside class=\"tk-bilgi-kutusu\" role=\"note\" aria-label=\"K\u00fc\u00e7\u00fck Kaynarca Antla\u015fmas\u0131 - tablo 19\">\n<div class=\"tk-bilgi-etiket\"><p class=\"tk-hucre-metin\"><strong>\u00d6SYM D\u0130KKAT<\/strong><\/p><\/div>\n<div class=\"tk-bilgi-icerik\"><p class=\"tk-hucre-metin\">K\u0131r\u0131m siyasi bak\u0131mdan ayr\u0131ld\u0131; Rusya Bo\u011fazlarda ticari haklar ve Osmanl\u0131 Ortodokslar\u0131 \u00fczerinde n\u00fcfuz alan\u0131 elde etti; Osmanl\u0131 sava\u015f tazminat\u0131 \u00f6dedi.<\/p><\/div>\n<\/aside>\n<\/section>\n<section class=\"tk-kart\" aria-labelledby=\"tk-1-1-kucuk-kaynarca-sonrasi-gelismeler\">\n<h2 id=\"tk-1-1-kucuk-kaynarca-sonrasi-gelismeler\">K\u00fc\u00e7\u00fck Kaynarca Sonras\u0131 Geli\u015fmeler<\/h2>\n<ul class=\"tk-liste\">\n<li>Osmanl\u0131 devlet adamlar\u0131 antla\u015fman\u0131n getirdi\u011fi toprak tavizlerinin sonu\u00e7lar\u0131n\u0131n fark\u0131ndayd\u0131.<\/li>\n<li>Halk en \u00e7ok Tatarlar\u0131n ve Tatar topraklar\u0131n\u0131n kayb\u0131ndan dolay\u0131 tepki g\u00f6sterdi.<\/li>\n<li>1783\u2019ten sonra K\u0131r\u0131m Yar\u0131madas\u0131 II. Katerina taraf\u0131ndan tek tarafl\u0131 ilhak edildi.<\/li>\n<li>K\u0131r\u0131m\u2019\u0131n ilhak\u0131, \u0130stanbul\u2019daki kar\u0131\u015f\u0131kl\u0131klara s\u00fcrg\u00fcndeki Tatarlar\u0131n \u00f6fkesini ekledi.<\/li>\n<li>Karadeniz\u2019in kuzeyindeki limanlar\u0131 yeniden ele ge\u00e7irme \u00e7abalar\u0131 h\u0131zland\u0131.<\/li>\n<li>Bu durum 1787-1792 sava\u015f\u0131n\u0131n ba\u015fl\u0131ca sebeplerinden biri oldu.<\/li>\n<\/ul>\n<aside class=\"tk-bilgi-kutusu\" role=\"note\" aria-label=\"K\u00fc\u00e7\u00fck Kaynarca Sonras\u0131 Geli\u015fmeler - tablo 20\">\n<div class=\"tk-bilgi-etiket\"><p class=\"tk-hucre-metin\"><strong>KARI\u015eTIRMA!<\/strong><\/p><\/div>\n<div class=\"tk-bilgi-icerik\"><p class=\"tk-hucre-metin\">K\u0131r\u0131m, 1774 K\u00fc\u00e7\u00fck Kaynarca Antla\u015fmas\u0131\u2019yla siyasi bak\u0131mdan ayr\u0131ld\u0131; 1783\u2019ten sonra II. Katerina taraf\u0131ndan ilhak edildi.<\/p><\/div>\n<\/aside>\n<\/section>\n<section class=\"tk-kart\" aria-labelledby=\"tk-1-1-karsilastirma\">\n<h2 id=\"tk-1-1-karsilastirma\">Kar\u015f\u0131la\u015ft\u0131rma<\/h2>\n<div class=\"tk-tablo-kapsayici tk-cok-sutun\" role=\"region\" aria-label=\"Kar\u015f\u0131la\u015ft\u0131rma - tablo 21\">\n<table class=\"tk-tablosu\">\n<thead>\n<tr>\n<th scope=\"col\"><p class=\"tk-hucre-metin\"><strong>Geli\u015fme<\/strong><\/p><\/th>\n<th scope=\"col\"><p class=\"tk-hucre-metin\"><strong>Temel neden \/ s\u00fcre\u00e7<\/strong><\/p><\/th>\n<th scope=\"col\"><p class=\"tk-hucre-metin\"><strong>Siyasi-asker\u00ee sonu\u00e7<\/strong><\/p><\/th>\n<\/tr>\n<\/thead>\n<tbody>\n<tr>\n<td data-label=\"Geli\u015fme\"><p class=\"tk-hucre-metin\">II. Viyana Ku\u015fatmas\u0131<\/p><\/td>\n<td data-label=\"Temel neden \/ s\u00fcre\u00e7\"><p class=\"tk-hucre-metin\">Avusturya hedefi ve Orta Macar meselesi<\/p><\/td>\n<td data-label=\"Siyasi-asker\u00ee sonu\u00e7\"><p class=\"tk-hucre-metin\">Kahlenberg yenilgisi, geri \u00e7ekilme ve Kutsal \u0130ttifak sava\u015flar\u0131<\/p><\/td>\n<\/tr>\n<tr>\n<td data-label=\"Geli\u015fme\"><p class=\"tk-hucre-metin\">Karlof\u00e7a Antla\u015fmas\u0131<\/p><\/td>\n<td data-label=\"Temel neden \/ s\u00fcre\u00e7\"><p class=\"tk-hucre-metin\">Art arda ma\u011flubiyetler ve geri al\u0131namayan topraklar<\/p><\/td>\n<td data-label=\"Siyasi-asker\u00ee sonu\u00e7\"><p class=\"tk-hucre-metin\">Osmanl\u0131-Kutsal \u0130ttifak Sava\u015flar\u0131 sona erdi; kal\u0131c\u0131 toprak kayb\u0131 ya\u015fand\u0131<\/p><\/td>\n<\/tr>\n<tr>\n<td data-label=\"Geli\u015fme\"><p class=\"tk-hucre-metin\">Prut Antla\u015fmas\u0131<\/p><\/td>\n<td data-label=\"Temel neden \/ s\u00fcre\u00e7\"><p class=\"tk-hucre-metin\">Ruslar\u0131n Karadeniz siyaseti ve Prut\u2019ta ku\u015fat\u0131lmas\u0131<\/p><\/td>\n<td data-label=\"Siyasi-asker\u00ee sonu\u00e7\"><p class=\"tk-hucre-metin\">Azak Osmanl\u0131\u2019ya d\u00f6nd\u00fc; Lehistan Rus n\u00fcfuzundan kurtuldu<\/p><\/td>\n<\/tr>\n<tr>\n<td data-label=\"Geli\u015fme\"><p class=\"tk-hucre-metin\">Pasarof\u00e7a Antla\u015fmas\u0131<\/p><\/td>\n<td data-label=\"Temel neden \/ s\u00fcre\u00e7\"><p class=\"tk-hucre-metin\">Venedik-Avusturya cephesindeki ba\u015far\u0131s\u0131zl\u0131klar<\/p><\/td>\n<td data-label=\"Siyasi-asker\u00ee sonu\u00e7\"><p class=\"tk-hucre-metin\">Teme\u015fvar, Belgrad ve Kuzey S\u0131rbistan kaybedildi; savunma politikas\u0131 \u00f6ne \u00e7\u0131kt\u0131<\/p><\/td>\n<\/tr>\n<\/tbody>\n<\/table>\n<\/div>\n<div class=\"tk-tablo-kapsayici tk-cok-sutun\" role=\"region\" aria-label=\"Kar\u015f\u0131la\u015ft\u0131rma - tablo 22\">\n<table class=\"tk-tablosu\">\n<thead>\n<tr>\n<th scope=\"col\"><p class=\"tk-hucre-metin\"><strong>Geli\u015fme<\/strong><\/p><\/th>\n<th scope=\"col\"><p class=\"tk-hucre-metin\"><strong>Temel neden \/ s\u00fcre\u00e7<\/strong><\/p><\/th>\n<th scope=\"col\"><p class=\"tk-hucre-metin\"><strong>Siyasi-asker\u00ee sonu\u00e7<\/strong><\/p><\/th>\n<\/tr>\n<\/thead>\n<tbody>\n<tr>\n<td data-label=\"Geli\u015fme\"><p class=\"tk-hucre-metin\">Belgrad Antla\u015fmas\u0131<\/p><\/td>\n<td data-label=\"Temel neden \/ s\u00fcre\u00e7\"><p class=\"tk-hucre-metin\">1736-1739 sava\u015flar\u0131nda Osmanl\u0131\u2019n\u0131n toparlanmas\u0131<\/p><\/td>\n<td data-label=\"Siyasi-asker\u00ee sonu\u00e7\"><p class=\"tk-hucre-metin\">Belgrad geri al\u0131nd\u0131; Tuna savunma hatt\u0131 yeniden kuruldu<\/p><\/td>\n<\/tr>\n<tr>\n<td data-label=\"Geli\u015fme\"><p class=\"tk-hucre-metin\">1768-1774 Sava\u015f\u0131<\/p><\/td>\n<td data-label=\"Temel neden \/ s\u00fcre\u00e7\"><p class=\"tk-hucre-metin\">II. Katerina\u2019n\u0131n Lehistan, Karadeniz, Balkanlar ve Kafkasya politikalar\u0131<\/p><\/td>\n<td data-label=\"Siyasi-asker\u00ee sonu\u00e7\"><p class=\"tk-hucre-metin\">Eflak-Bo\u011fdan ve K\u0131r\u0131m i\u015fgal edildi; \u00c7e\u015fme\u2019de donanma imha edildi<\/p><\/td>\n<\/tr>\n<tr>\n<td data-label=\"Geli\u015fme\"><p class=\"tk-hucre-metin\">K\u00fc\u00e7\u00fck Kaynarca<\/p><\/td>\n<td data-label=\"Temel neden \/ s\u00fcre\u00e7\"><p class=\"tk-hucre-metin\">Kozluca yenilgisi ve sava\u015f\u0131n son safhas\u0131ndaki asker\u00ee ba\u015far\u0131s\u0131zl\u0131klar<\/p><\/td>\n<td data-label=\"Siyasi-asker\u00ee sonu\u00e7\"><p class=\"tk-hucre-metin\">K\u0131r\u0131m siyasi bak\u0131mdan ayr\u0131ld\u0131; Rusya Osmanl\u0131 i\u00e7 i\u015flerine m\u00fcdahale zemini kazand\u0131<\/p><\/td>\n<\/tr>\n<\/tbody>\n<\/table>\n<\/div>\n<aside class=\"tk-bilgi-kutusu\" role=\"note\" aria-label=\"Kar\u015f\u0131la\u015ft\u0131rma - tablo 23\">\n<div class=\"tk-bilgi-etiket\"><p class=\"tk-hucre-metin\"><strong>HAFIZA \u0130PUCU<\/strong><\/p><\/div>\n<div class=\"tk-bilgi-icerik\"><p class=\"tk-hucre-metin\">1683 II. Viyana \u2192 1699 Karlof\u00e7a \u2192 1700 \u0130stanbul \u2192 1711 Prut \u2192 1718 Pasarof\u00e7a \u2192 1739 Belgrad \u2192 1774 K\u00fc\u00e7\u00fck Kaynarca.<\/p><\/div>\n<\/aside>\n<\/section>\n<button class=\"tk-basa-don\" type=\"button\" aria-label=\"Ders notunun ba\u015f\u0131na d\u00f6n\">Ba\u015fa D\u00f6n<\/button>\n<\/article>\n<script>\n(() => {\n  'use strict';\n  document.querySelectorAll('.tk-ders-notu').forEach((root) => {\n    if (root.dataset.tkReady === 'true') return;\n    root.dataset.tkReady = 'true';\n    const printButton = root.querySelector('[data-tk-action=\"print\"]');\n    const tocButton = root.querySelector('[data-tk-action=\"toc\"]');\n    const toc = root.querySelector('.tk-icindekiler');\n    const topButton = root.querySelector('.tk-basa-don');\n    const progress = root.querySelector('.tk-ilerleme-cubugu');\n    const headings = Array.from(root.querySelectorAll('h2[id], h3[id]'));\n    const tocLinks = Array.from(root.querySelectorAll('.tk-icindekiler a[href^=\"#\"]'));\n\n    if (printButton) printButton.addEventListener('click', () => window.print());\n    if (tocButton && toc) tocButton.addEventListener('click', () => toc.scrollIntoView({ behavior: 'smooth', block: 'start' }));\n    if (topButton) topButton.addEventListener('click', () => root.scrollIntoView({ behavior: 'smooth', block: 'start' }));\n\n    tocLinks.forEach((link) => {\n      link.addEventListener('click', (event) => {\n        const id = link.getAttribute('href').slice(1);\n        const target = root.querySelector(`#${id}`);\n        if (!target) return;\n        event.preventDefault();\n        target.scrollIntoView({ behavior: 'smooth', block: 'start' });\n        if (window.history && window.history.replaceState) window.history.replaceState(null, '', `#${id}`);\n      });\n    });\n\n    const update = () => {\n      const start = root.getBoundingClientRect().top + window.scrollY;\n      const distance = Math.max(root.scrollHeight - window.innerHeight, 1);\n      const percent = Math.min(100, Math.max(0, ((window.scrollY - start) \/ distance) * 100));\n      if (progress) progress.style.width = `${percent}%`;\n      if (topButton) topButton.classList.toggle('tk-gorunur', window.scrollY > start + 500);\n\n      let active = headings[0] || null;\n      headings.forEach((heading) => {\n        if (heading.getBoundingClientRect().top <= 150) active = heading;\n      });\n      tocLinks.forEach((link) => {\n        const current = Boolean(active && link.getAttribute('href') === `#${active.id}`);\n        if (current) link.setAttribute('aria-current', 'true');\n        else link.removeAttribute('aria-current');\n      });\n    };\n\n    let ticking = false;\n    const requestUpdate = () => {\n      if (ticking) return;\n      ticking = true;\n      window.requestAnimationFrame(() => {\n        update();\n        ticking = false;\n      });\n    };\n    window.addEventListener('scroll', requestUpdate, { passive: true });\n    window.addEventListener('resize', requestUpdate);\n    update();\n  });\n})();\n<\/script>\n","protected":false},"excerpt":{"rendered":"<div class=\"mh-excerpt\"><p>S\u0131n\u0131f: 11. S\u0131n\u0131f Ders: Tarih \u00dcnite: DE\u011e\u0130\u015eEN D\u00dcNYADA OSMANLI DEVLET\u0130 (1683-1789) \u00d6\u011frenme \u00c7\u0131kt\u0131s\u0131: Osmanl\u0131 Devleti\u2019nin 1683-1789 Y\u0131llar\u0131 Aras\u0131ndaki Siyasi ve Asker\u00ee M\u00fccadeleleri 11. S\u0131n\u0131f Tarih <a class=\"mh-excerpt-more\" href=\"https:\/\/tarihkursu.com\/index.php\/2026\/08\/27\/1-1-osmanli-devleti-1683-1789-siyasi-askeri-mucadeleleri\/\" title=\"Osmanl\u0131 Devleti\u2019nin 1683-1789 Y\u0131llar\u0131 Aras\u0131ndaki Siyasi ve Asker\u00ee M\u00fccadeleleri | 11. S\u0131n\u0131f Tarih &#8211; Maarif Model Tarih Ders Notu\">[&#8230;]<\/a><\/p>\n<\/div>","protected":false},"author":2,"featured_media":1340,"comment_status":"open","ping_status":"open","sticky":false,"template":"","format":"standard","meta":{"_regular_price":[],"currency_symbol":[],"footnotes":""},"categories":[160],"tags":[231],"class_list":["post-3611","post","type-post","status-publish","format-standard","has-post-thumbnail","hentry","category-11-sinif-tarih-ders-notlari","tag-11-sinif-tarih-3"],"post_slider_layout_featured_media_urls":{"thumbnail":["https:\/\/tarihkursu.com\/wp-content\/uploads\/2024\/10\/11.SINIF-TARIH-NOTLAR-150x150.png",150,150,true],"post_slider_layout_landscape_large":["https:\/\/tarihkursu.com\/wp-content\/uploads\/2024\/10\/11.SINIF-TARIH-NOTLAR-1200x720.png",1200,720,true],"post_slider_layout_portrait_large":["https:\/\/tarihkursu.com\/wp-content\/uploads\/2024\/10\/11.SINIF-TARIH-NOTLAR-1200x720.png",1200,720,true],"post_slider_layout_square_large":["https:\/\/tarihkursu.com\/wp-content\/uploads\/2024\/10\/11.SINIF-TARIH-NOTLAR-1200x720.png",1200,720,true],"post_slider_layout_landscape":["https:\/\/tarihkursu.com\/wp-content\/uploads\/2024\/10\/11.SINIF-TARIH-NOTLAR-600x400.png",600,400,true],"post_slider_layout_portrait":["https:\/\/tarihkursu.com\/wp-content\/uploads\/2024\/10\/11.SINIF-TARIH-NOTLAR-600x720.png",600,720,true],"post_slider_layout_square":["https:\/\/tarihkursu.com\/wp-content\/uploads\/2024\/10\/11.SINIF-TARIH-NOTLAR-600x600.png",600,600,true],"full":["https:\/\/tarihkursu.com\/wp-content\/uploads\/2024\/10\/11.SINIF-TARIH-NOTLAR.png",1280,720,false]},"yoast_head":"<!-- This site is optimized with the Yoast SEO plugin v28.3 - https:\/\/yoast.com\/product\/yoast-seo-wordpress\/ -->\n<title>Osmanl\u0131 Devleti\u2019nin 1683-1789 Y\u0131llar\u0131 Aras\u0131ndaki Siyasi ve Asker\u00ee M\u00fccadeleleri | 11. S\u0131n\u0131f Tarih - Maarif Model Tarih Ders Notu<\/title>\n<meta name=\"description\" content=\"11. s\u0131n\u0131f i\u00e7in 1683-1789 Osmanl\u0131 siyasi ve asker\u00ee m\u00fccadelelerini, sava\u015flar\u0131 ve antla\u015fmalar\u0131 ele alan ders notu.\" \/>\n<meta name=\"robots\" content=\"index, follow, max-snippet:-1, max-image-preview:large, max-video-preview:-1\" \/>\n<link rel=\"canonical\" href=\"https:\/\/tarihkursu.com\/index.php\/2026\/08\/27\/1-1-osmanli-devleti-1683-1789-siyasi-askeri-mucadeleleri\/\" \/>\n<meta property=\"og:locale\" content=\"tr_TR\" \/>\n<meta property=\"og:type\" content=\"article\" \/>\n<meta property=\"og:title\" content=\"Osmanl\u0131 Devleti\u2019nin 1683-1789 Y\u0131llar\u0131 Aras\u0131ndaki Siyasi ve Asker\u00ee M\u00fccadeleleri | 11. S\u0131n\u0131f Tarih - Maarif Model Tarih Ders Notu\" \/>\n<meta property=\"og:description\" content=\"11. s\u0131n\u0131f i\u00e7in 1683-1789 Osmanl\u0131 siyasi ve asker\u00ee m\u00fccadelelerini, sava\u015flar\u0131 ve antla\u015fmalar\u0131 ele alan ders notu.\" \/>\n<meta property=\"og:url\" content=\"https:\/\/tarihkursu.com\/index.php\/2026\/08\/27\/1-1-osmanli-devleti-1683-1789-siyasi-askeri-mucadeleleri\/\" \/>\n<meta property=\"og:site_name\" content=\"tarihkursu.com\" \/>\n<meta property=\"article:published_time\" content=\"2026-08-27T10:33:56+00:00\" \/>\n<meta property=\"og:image\" content=\"https:\/\/tarihkursu.com\/wp-content\/uploads\/2024\/10\/11.SINIF-TARIH-NOTLAR.png\" \/>\n\t<meta property=\"og:image:width\" content=\"1280\" \/>\n\t<meta property=\"og:image:height\" content=\"720\" \/>\n\t<meta property=\"og:image:type\" content=\"image\/png\" \/>\n<meta name=\"author\" content=\"tarihkursu\" \/>\n<meta name=\"twitter:card\" content=\"summary_large_image\" \/>\n<meta name=\"twitter:label1\" content=\"Yazan:\" \/>\n\t<meta name=\"twitter:data1\" content=\"tarihkursu\" \/>\n\t<meta name=\"twitter:label2\" content=\"Tahmini okuma s\u00fcresi\" \/>\n\t<meta name=\"twitter:data2\" content=\"17 dakika\" \/>\n<script type=\"application\/ld+json\" class=\"yoast-schema-graph\">{\"@context\":\"https:\\\/\\\/schema.org\",\"@graph\":[{\"@type\":\"Article\",\"@id\":\"https:\\\/\\\/tarihkursu.com\\\/index.php\\\/2026\\\/08\\\/27\\\/1-1-osmanli-devleti-1683-1789-siyasi-askeri-mucadeleleri\\\/#article\",\"isPartOf\":{\"@id\":\"https:\\\/\\\/tarihkursu.com\\\/index.php\\\/2026\\\/08\\\/27\\\/1-1-osmanli-devleti-1683-1789-siyasi-askeri-mucadeleleri\\\/\"},\"author\":{\"name\":\"tarihkursu\",\"@id\":\"https:\\\/\\\/tarihkursu.com\\\/#\\\/schema\\\/person\\\/d0f9105e31352dbe9f08d098ffb8c878\"},\"headline\":\"Osmanl\u0131 Devleti\u2019nin 1683-1789 Y\u0131llar\u0131 Aras\u0131ndaki Siyasi ve Asker\u00ee M\u00fccadeleleri | 11. S\u0131n\u0131f Tarih &#8211; Maarif Model Tarih Ders Notu\",\"datePublished\":\"2026-08-27T10:33:56+00:00\",\"mainEntityOfPage\":{\"@id\":\"https:\\\/\\\/tarihkursu.com\\\/index.php\\\/2026\\\/08\\\/27\\\/1-1-osmanli-devleti-1683-1789-siyasi-askeri-mucadeleleri\\\/\"},\"wordCount\":3793,\"commentCount\":1,\"publisher\":{\"@id\":\"https:\\\/\\\/tarihkursu.com\\\/#\\\/schema\\\/person\\\/4d7bdc3b79e9f5198455474c0f203f3c\"},\"image\":{\"@id\":\"https:\\\/\\\/tarihkursu.com\\\/index.php\\\/2026\\\/08\\\/27\\\/1-1-osmanli-devleti-1683-1789-siyasi-askeri-mucadeleleri\\\/#primaryimage\"},\"thumbnailUrl\":\"https:\\\/\\\/tarihkursu.com\\\/wp-content\\\/uploads\\\/2024\\\/10\\\/11.SINIF-TARIH-NOTLAR.png\",\"keywords\":[\"11.s\u0131n\u0131f tarih\"],\"articleSection\":[\"11. S\u0131n\u0131f Tarih DERS NOTLARI\"],\"inLanguage\":\"tr\",\"potentialAction\":[{\"@type\":\"CommentAction\",\"name\":\"Comment\",\"target\":[\"https:\\\/\\\/tarihkursu.com\\\/index.php\\\/2026\\\/08\\\/27\\\/1-1-osmanli-devleti-1683-1789-siyasi-askeri-mucadeleleri\\\/#respond\"]}]},{\"@type\":\"WebPage\",\"@id\":\"https:\\\/\\\/tarihkursu.com\\\/index.php\\\/2026\\\/08\\\/27\\\/1-1-osmanli-devleti-1683-1789-siyasi-askeri-mucadeleleri\\\/\",\"url\":\"https:\\\/\\\/tarihkursu.com\\\/index.php\\\/2026\\\/08\\\/27\\\/1-1-osmanli-devleti-1683-1789-siyasi-askeri-mucadeleleri\\\/\",\"name\":\"Osmanl\u0131 Devleti\u2019nin 1683-1789 Y\u0131llar\u0131 Aras\u0131ndaki Siyasi ve Asker\u00ee M\u00fccadeleleri | 11. S\u0131n\u0131f Tarih - Maarif Model Tarih Ders Notu\",\"isPartOf\":{\"@id\":\"https:\\\/\\\/tarihkursu.com\\\/#website\"},\"primaryImageOfPage\":{\"@id\":\"https:\\\/\\\/tarihkursu.com\\\/index.php\\\/2026\\\/08\\\/27\\\/1-1-osmanli-devleti-1683-1789-siyasi-askeri-mucadeleleri\\\/#primaryimage\"},\"image\":{\"@id\":\"https:\\\/\\\/tarihkursu.com\\\/index.php\\\/2026\\\/08\\\/27\\\/1-1-osmanli-devleti-1683-1789-siyasi-askeri-mucadeleleri\\\/#primaryimage\"},\"thumbnailUrl\":\"https:\\\/\\\/tarihkursu.com\\\/wp-content\\\/uploads\\\/2024\\\/10\\\/11.SINIF-TARIH-NOTLAR.png\",\"datePublished\":\"2026-08-27T10:33:56+00:00\",\"description\":\"11. s\u0131n\u0131f i\u00e7in 1683-1789 Osmanl\u0131 siyasi ve asker\u00ee m\u00fccadelelerini, sava\u015flar\u0131 ve antla\u015fmalar\u0131 ele alan ders notu.\",\"breadcrumb\":{\"@id\":\"https:\\\/\\\/tarihkursu.com\\\/index.php\\\/2026\\\/08\\\/27\\\/1-1-osmanli-devleti-1683-1789-siyasi-askeri-mucadeleleri\\\/#breadcrumb\"},\"inLanguage\":\"tr\",\"potentialAction\":[{\"@type\":\"ReadAction\",\"target\":[\"https:\\\/\\\/tarihkursu.com\\\/index.php\\\/2026\\\/08\\\/27\\\/1-1-osmanli-devleti-1683-1789-siyasi-askeri-mucadeleleri\\\/\"]}]},{\"@type\":\"ImageObject\",\"inLanguage\":\"tr\",\"@id\":\"https:\\\/\\\/tarihkursu.com\\\/index.php\\\/2026\\\/08\\\/27\\\/1-1-osmanli-devleti-1683-1789-siyasi-askeri-mucadeleleri\\\/#primaryimage\",\"url\":\"https:\\\/\\\/tarihkursu.com\\\/wp-content\\\/uploads\\\/2024\\\/10\\\/11.SINIF-TARIH-NOTLAR.png\",\"contentUrl\":\"https:\\\/\\\/tarihkursu.com\\\/wp-content\\\/uploads\\\/2024\\\/10\\\/11.SINIF-TARIH-NOTLAR.png\",\"width\":1280,\"height\":720,\"caption\":\"11. s\u0131n\u0131f ders notlar\u0131\"},{\"@type\":\"BreadcrumbList\",\"@id\":\"https:\\\/\\\/tarihkursu.com\\\/index.php\\\/2026\\\/08\\\/27\\\/1-1-osmanli-devleti-1683-1789-siyasi-askeri-mucadeleleri\\\/#breadcrumb\",\"itemListElement\":[{\"@type\":\"ListItem\",\"position\":1,\"name\":\"Anasayfa\",\"item\":\"https:\\\/\\\/tarihkursu.com\\\/\"},{\"@type\":\"ListItem\",\"position\":2,\"name\":\"Osmanl\u0131 Devleti\u2019nin 1683-1789 Y\u0131llar\u0131 Aras\u0131ndaki Siyasi ve Asker\u00ee M\u00fccadeleleri | 11. S\u0131n\u0131f Tarih &#8211; Maarif Model Tarih Ders Notu\"}]},{\"@type\":\"WebSite\",\"@id\":\"https:\\\/\\\/tarihkursu.com\\\/#website\",\"url\":\"https:\\\/\\\/tarihkursu.com\\\/\",\"name\":\"Tarih Kursu\",\"description\":\"\u0130\u015fimiz G\u00fcc\u00fcm\u00fcz Tarih\",\"publisher\":{\"@id\":\"https:\\\/\\\/tarihkursu.com\\\/#\\\/schema\\\/person\\\/4d7bdc3b79e9f5198455474c0f203f3c\"},\"potentialAction\":[{\"@type\":\"SearchAction\",\"target\":{\"@type\":\"EntryPoint\",\"urlTemplate\":\"https:\\\/\\\/tarihkursu.com\\\/?s={search_term_string}\"},\"query-input\":{\"@type\":\"PropertyValueSpecification\",\"valueRequired\":true,\"valueName\":\"search_term_string\"}}],\"inLanguage\":\"tr\"},{\"@type\":[\"Person\",\"Organization\"],\"@id\":\"https:\\\/\\\/tarihkursu.com\\\/#\\\/schema\\\/person\\\/4d7bdc3b79e9f5198455474c0f203f3c\",\"name\":\"admin\",\"image\":{\"@type\":\"ImageObject\",\"inLanguage\":\"tr\",\"@id\":\"https:\\\/\\\/tarihkursu.com\\\/wp-content\\\/uploads\\\/2024\\\/10\\\/TARIHKURSU-Kopyasi.png\",\"url\":\"https:\\\/\\\/tarihkursu.com\\\/wp-content\\\/uploads\\\/2024\\\/10\\\/TARIHKURSU-Kopyasi.png\",\"contentUrl\":\"https:\\\/\\\/tarihkursu.com\\\/wp-content\\\/uploads\\\/2024\\\/10\\\/TARIHKURSU-Kopyasi.png\",\"width\":1080,\"height\":1080,\"caption\":\"admin\"},\"logo\":{\"@id\":\"https:\\\/\\\/tarihkursu.com\\\/wp-content\\\/uploads\\\/2024\\\/10\\\/TARIHKURSU-Kopyasi.png\"},\"sameAs\":[\"https:\\\/\\\/tarihkursu.com\"]},{\"@type\":\"Person\",\"@id\":\"https:\\\/\\\/tarihkursu.com\\\/#\\\/schema\\\/person\\\/d0f9105e31352dbe9f08d098ffb8c878\",\"name\":\"tarihkursu\",\"image\":{\"@type\":\"ImageObject\",\"inLanguage\":\"tr\",\"@id\":\"https:\\\/\\\/secure.gravatar.com\\\/avatar\\\/1354763acbc865faa7650c3e1e4431f187276d71f132349411302a546cdeae54?s=96&d=mm&r=g\",\"url\":\"https:\\\/\\\/secure.gravatar.com\\\/avatar\\\/1354763acbc865faa7650c3e1e4431f187276d71f132349411302a546cdeae54?s=96&d=mm&r=g\",\"contentUrl\":\"https:\\\/\\\/secure.gravatar.com\\\/avatar\\\/1354763acbc865faa7650c3e1e4431f187276d71f132349411302a546cdeae54?s=96&d=mm&r=g\",\"caption\":\"tarihkursu\"},\"url\":\"https:\\\/\\\/tarihkursu.com\\\/index.php\\\/author\\\/tarihkursu\\\/\"}]}<\/script>\n<!-- \/ Yoast SEO plugin. -->","yoast_head_json":{"title":"Osmanl\u0131 Devleti\u2019nin 1683-1789 Y\u0131llar\u0131 Aras\u0131ndaki Siyasi ve Asker\u00ee M\u00fccadeleleri | 11. S\u0131n\u0131f Tarih - Maarif Model Tarih Ders Notu","description":"11. s\u0131n\u0131f i\u00e7in 1683-1789 Osmanl\u0131 siyasi ve asker\u00ee m\u00fccadelelerini, sava\u015flar\u0131 ve antla\u015fmalar\u0131 ele alan ders notu.","robots":{"index":"index","follow":"follow","max-snippet":"max-snippet:-1","max-image-preview":"max-image-preview:large","max-video-preview":"max-video-preview:-1"},"canonical":"https:\/\/tarihkursu.com\/index.php\/2026\/08\/27\/1-1-osmanli-devleti-1683-1789-siyasi-askeri-mucadeleleri\/","og_locale":"tr_TR","og_type":"article","og_title":"Osmanl\u0131 Devleti\u2019nin 1683-1789 Y\u0131llar\u0131 Aras\u0131ndaki Siyasi ve Asker\u00ee M\u00fccadeleleri | 11. S\u0131n\u0131f Tarih - Maarif Model Tarih Ders Notu","og_description":"11. s\u0131n\u0131f i\u00e7in 1683-1789 Osmanl\u0131 siyasi ve asker\u00ee m\u00fccadelelerini, sava\u015flar\u0131 ve antla\u015fmalar\u0131 ele alan ders notu.","og_url":"https:\/\/tarihkursu.com\/index.php\/2026\/08\/27\/1-1-osmanli-devleti-1683-1789-siyasi-askeri-mucadeleleri\/","og_site_name":"tarihkursu.com","article_published_time":"2026-08-27T10:33:56+00:00","og_image":[{"width":1280,"height":720,"url":"https:\/\/tarihkursu.com\/wp-content\/uploads\/2024\/10\/11.SINIF-TARIH-NOTLAR.png","type":"image\/png"}],"author":"tarihkursu","twitter_card":"summary_large_image","twitter_misc":{"Yazan:":"tarihkursu","Tahmini okuma s\u00fcresi":"17 dakika"},"schema":{"@context":"https:\/\/schema.org","@graph":[{"@type":"Article","@id":"https:\/\/tarihkursu.com\/index.php\/2026\/08\/27\/1-1-osmanli-devleti-1683-1789-siyasi-askeri-mucadeleleri\/#article","isPartOf":{"@id":"https:\/\/tarihkursu.com\/index.php\/2026\/08\/27\/1-1-osmanli-devleti-1683-1789-siyasi-askeri-mucadeleleri\/"},"author":{"name":"tarihkursu","@id":"https:\/\/tarihkursu.com\/#\/schema\/person\/d0f9105e31352dbe9f08d098ffb8c878"},"headline":"Osmanl\u0131 Devleti\u2019nin 1683-1789 Y\u0131llar\u0131 Aras\u0131ndaki Siyasi ve Asker\u00ee M\u00fccadeleleri | 11. S\u0131n\u0131f Tarih &#8211; Maarif Model Tarih Ders Notu","datePublished":"2026-08-27T10:33:56+00:00","mainEntityOfPage":{"@id":"https:\/\/tarihkursu.com\/index.php\/2026\/08\/27\/1-1-osmanli-devleti-1683-1789-siyasi-askeri-mucadeleleri\/"},"wordCount":3793,"commentCount":1,"publisher":{"@id":"https:\/\/tarihkursu.com\/#\/schema\/person\/4d7bdc3b79e9f5198455474c0f203f3c"},"image":{"@id":"https:\/\/tarihkursu.com\/index.php\/2026\/08\/27\/1-1-osmanli-devleti-1683-1789-siyasi-askeri-mucadeleleri\/#primaryimage"},"thumbnailUrl":"https:\/\/tarihkursu.com\/wp-content\/uploads\/2024\/10\/11.SINIF-TARIH-NOTLAR.png","keywords":["11.s\u0131n\u0131f tarih"],"articleSection":["11. S\u0131n\u0131f Tarih DERS NOTLARI"],"inLanguage":"tr","potentialAction":[{"@type":"CommentAction","name":"Comment","target":["https:\/\/tarihkursu.com\/index.php\/2026\/08\/27\/1-1-osmanli-devleti-1683-1789-siyasi-askeri-mucadeleleri\/#respond"]}]},{"@type":"WebPage","@id":"https:\/\/tarihkursu.com\/index.php\/2026\/08\/27\/1-1-osmanli-devleti-1683-1789-siyasi-askeri-mucadeleleri\/","url":"https:\/\/tarihkursu.com\/index.php\/2026\/08\/27\/1-1-osmanli-devleti-1683-1789-siyasi-askeri-mucadeleleri\/","name":"Osmanl\u0131 Devleti\u2019nin 1683-1789 Y\u0131llar\u0131 Aras\u0131ndaki Siyasi ve Asker\u00ee M\u00fccadeleleri | 11. S\u0131n\u0131f Tarih - Maarif Model Tarih Ders Notu","isPartOf":{"@id":"https:\/\/tarihkursu.com\/#website"},"primaryImageOfPage":{"@id":"https:\/\/tarihkursu.com\/index.php\/2026\/08\/27\/1-1-osmanli-devleti-1683-1789-siyasi-askeri-mucadeleleri\/#primaryimage"},"image":{"@id":"https:\/\/tarihkursu.com\/index.php\/2026\/08\/27\/1-1-osmanli-devleti-1683-1789-siyasi-askeri-mucadeleleri\/#primaryimage"},"thumbnailUrl":"https:\/\/tarihkursu.com\/wp-content\/uploads\/2024\/10\/11.SINIF-TARIH-NOTLAR.png","datePublished":"2026-08-27T10:33:56+00:00","description":"11. s\u0131n\u0131f i\u00e7in 1683-1789 Osmanl\u0131 siyasi ve asker\u00ee m\u00fccadelelerini, sava\u015flar\u0131 ve antla\u015fmalar\u0131 ele alan ders notu.","breadcrumb":{"@id":"https:\/\/tarihkursu.com\/index.php\/2026\/08\/27\/1-1-osmanli-devleti-1683-1789-siyasi-askeri-mucadeleleri\/#breadcrumb"},"inLanguage":"tr","potentialAction":[{"@type":"ReadAction","target":["https:\/\/tarihkursu.com\/index.php\/2026\/08\/27\/1-1-osmanli-devleti-1683-1789-siyasi-askeri-mucadeleleri\/"]}]},{"@type":"ImageObject","inLanguage":"tr","@id":"https:\/\/tarihkursu.com\/index.php\/2026\/08\/27\/1-1-osmanli-devleti-1683-1789-siyasi-askeri-mucadeleleri\/#primaryimage","url":"https:\/\/tarihkursu.com\/wp-content\/uploads\/2024\/10\/11.SINIF-TARIH-NOTLAR.png","contentUrl":"https:\/\/tarihkursu.com\/wp-content\/uploads\/2024\/10\/11.SINIF-TARIH-NOTLAR.png","width":1280,"height":720,"caption":"11. s\u0131n\u0131f ders notlar\u0131"},{"@type":"BreadcrumbList","@id":"https:\/\/tarihkursu.com\/index.php\/2026\/08\/27\/1-1-osmanli-devleti-1683-1789-siyasi-askeri-mucadeleleri\/#breadcrumb","itemListElement":[{"@type":"ListItem","position":1,"name":"Anasayfa","item":"https:\/\/tarihkursu.com\/"},{"@type":"ListItem","position":2,"name":"Osmanl\u0131 Devleti\u2019nin 1683-1789 Y\u0131llar\u0131 Aras\u0131ndaki Siyasi ve Asker\u00ee M\u00fccadeleleri | 11. S\u0131n\u0131f Tarih &#8211; Maarif Model Tarih Ders Notu"}]},{"@type":"WebSite","@id":"https:\/\/tarihkursu.com\/#website","url":"https:\/\/tarihkursu.com\/","name":"Tarih Kursu","description":"\u0130\u015fimiz G\u00fcc\u00fcm\u00fcz Tarih","publisher":{"@id":"https:\/\/tarihkursu.com\/#\/schema\/person\/4d7bdc3b79e9f5198455474c0f203f3c"},"potentialAction":[{"@type":"SearchAction","target":{"@type":"EntryPoint","urlTemplate":"https:\/\/tarihkursu.com\/?s={search_term_string}"},"query-input":{"@type":"PropertyValueSpecification","valueRequired":true,"valueName":"search_term_string"}}],"inLanguage":"tr"},{"@type":["Person","Organization"],"@id":"https:\/\/tarihkursu.com\/#\/schema\/person\/4d7bdc3b79e9f5198455474c0f203f3c","name":"admin","image":{"@type":"ImageObject","inLanguage":"tr","@id":"https:\/\/tarihkursu.com\/wp-content\/uploads\/2024\/10\/TARIHKURSU-Kopyasi.png","url":"https:\/\/tarihkursu.com\/wp-content\/uploads\/2024\/10\/TARIHKURSU-Kopyasi.png","contentUrl":"https:\/\/tarihkursu.com\/wp-content\/uploads\/2024\/10\/TARIHKURSU-Kopyasi.png","width":1080,"height":1080,"caption":"admin"},"logo":{"@id":"https:\/\/tarihkursu.com\/wp-content\/uploads\/2024\/10\/TARIHKURSU-Kopyasi.png"},"sameAs":["https:\/\/tarihkursu.com"]},{"@type":"Person","@id":"https:\/\/tarihkursu.com\/#\/schema\/person\/d0f9105e31352dbe9f08d098ffb8c878","name":"tarihkursu","image":{"@type":"ImageObject","inLanguage":"tr","@id":"https:\/\/secure.gravatar.com\/avatar\/1354763acbc865faa7650c3e1e4431f187276d71f132349411302a546cdeae54?s=96&d=mm&r=g","url":"https:\/\/secure.gravatar.com\/avatar\/1354763acbc865faa7650c3e1e4431f187276d71f132349411302a546cdeae54?s=96&d=mm&r=g","contentUrl":"https:\/\/secure.gravatar.com\/avatar\/1354763acbc865faa7650c3e1e4431f187276d71f132349411302a546cdeae54?s=96&d=mm&r=g","caption":"tarihkursu"},"url":"https:\/\/tarihkursu.com\/index.php\/author\/tarihkursu\/"}]}},"_links":{"self":[{"href":"https:\/\/tarihkursu.com\/index.php\/wp-json\/wp\/v2\/posts\/3611","targetHints":{"allow":["GET"]}}],"collection":[{"href":"https:\/\/tarihkursu.com\/index.php\/wp-json\/wp\/v2\/posts"}],"about":[{"href":"https:\/\/tarihkursu.com\/index.php\/wp-json\/wp\/v2\/types\/post"}],"author":[{"embeddable":true,"href":"https:\/\/tarihkursu.com\/index.php\/wp-json\/wp\/v2\/users\/2"}],"replies":[{"embeddable":true,"href":"https:\/\/tarihkursu.com\/index.php\/wp-json\/wp\/v2\/comments?post=3611"}],"version-history":[{"count":1,"href":"https:\/\/tarihkursu.com\/index.php\/wp-json\/wp\/v2\/posts\/3611\/revisions"}],"predecessor-version":[{"id":3612,"href":"https:\/\/tarihkursu.com\/index.php\/wp-json\/wp\/v2\/posts\/3611\/revisions\/3612"}],"wp:featuredmedia":[{"embeddable":true,"href":"https:\/\/tarihkursu.com\/index.php\/wp-json\/wp\/v2\/media\/1340"}],"wp:attachment":[{"href":"https:\/\/tarihkursu.com\/index.php\/wp-json\/wp\/v2\/media?parent=3611"}],"wp:term":[{"taxonomy":"category","embeddable":true,"href":"https:\/\/tarihkursu.com\/index.php\/wp-json\/wp\/v2\/categories?post=3611"},{"taxonomy":"post_tag","embeddable":true,"href":"https:\/\/tarihkursu.com\/index.php\/wp-json\/wp\/v2\/tags?post=3611"}],"curies":[{"name":"wp","href":"https:\/\/api.w.org\/{rel}","templated":true}]}}