{"id":3614,"date":"2026-08-27T15:44:24","date_gmt":"2026-08-27T12:44:24","guid":{"rendered":"https:\/\/tarihkursu.com\/?p=3614"},"modified":"2026-08-27T15:44:24","modified_gmt":"2026-08-27T12:44:24","slug":"1-2-lale-devri-devlet-toplum-hayatina-etkileri","status":"publish","type":"post","link":"https:\/\/tarihkursu.com\/index.php\/2026\/08\/27\/1-2-lale-devri-devlet-toplum-hayatina-etkileri\/","title":{"rendered":"Lale Devri\u2019nin Devlet ve Toplum Hayat\u0131na Etkileri | 11. S\u0131n\u0131f Tarih &#8211; Maarif Model Tarih Ders Notu"},"content":{"rendered":"\n<p class=\"wp-block-paragraph\"><strong>S\u0131n\u0131f:<\/strong> 11. S\u0131n\u0131f<\/p>\n\n\n\n<p class=\"wp-block-paragraph\"><strong>Ders:<\/strong> Tarih<\/p>\n\n\n\n<p class=\"wp-block-paragraph\"><strong>\u00dcnite:<\/strong> DE\u011e\u0130\u015eEN D\u00dcNYADA OSMANLI DEVLET\u0130 (1683-1789)<\/p>\n\n\n\n<p class=\"wp-block-paragraph\"><strong>\u00d6\u011frenme \u00c7\u0131kt\u0131s\u0131:<\/strong> Lale Devri\u2019nin Devlet ve Toplum Hayat\u0131na Etkileri<\/p>\n\n\n\n<style>\n.tk-ders-notu,\n.tk-ders-notu * { box-sizing: border-box; }\n.tk-ders-notu {\n  --tk-lacivert: #173b67;\n  --tk-turkuaz: #087f8c;\n  --tk-bordo: #8a2638;\n  --tk-altin: #d9a514;\n  --tk-acik-mavi: #eef7ff;\n  --tk-acik-turkuaz: #e9fbfa;\n  --tk-acik-sari: #fff8dc;\n  --tk-metin: #1f2937;\n  width: 100%;\n  max-width: 1100px;\n  min-width: 0;\n  margin: 0 auto;\n  color: var(--tk-metin);\n  font-family: Arial, Helvetica, sans-serif;\n  font-size: 17px;\n  line-height: 1.72;\n  overflow-wrap: anywhere;\n  word-wrap: break-word;\n  hyphens: auto;\n}\n.tk-ders-notu .tk-ilerleme-iz {\n  position: sticky;\n  top: 0;\n  z-index: 20;\n  width: 100%;\n  height: 6px;\n  overflow: hidden;\n  border-radius: 999px;\n  background: #dce8f2;\n}\n.tk-ders-notu .tk-ilerleme-cubugu {\n  display: block;\n  width: 0;\n  height: 100%;\n  background: linear-gradient(90deg, var(--tk-turkuaz), var(--tk-altin));\n}\n.tk-ders-notu .tk-ust-kart {\n  margin: 12px 0 22px;\n  padding: clamp(20px, 4vw, 38px);\n  border-bottom: 6px solid var(--tk-altin);\n  border-radius: 18px;\n  color: #ffffff;\n  background: linear-gradient(135deg, #173b67, #205684);\n  box-shadow: 0 12px 28px rgba(23, 59, 103, .16);\n}\n.tk-ders-notu .tk-kod {\n  margin: 0 0 7px;\n  color: #ffdf75;\n  font-size: .85em;\n  font-weight: 800;\n  letter-spacing: .08em;\n  text-transform: uppercase;\n}\n.tk-ders-notu .tk-ana-baslik {\n  margin: 0;\n  color: #ffffff;\n  font-size: clamp(1.55rem, 4vw, 2.35rem);\n  font-weight: 800;\n  line-height: 1.22;\n}\n.tk-ders-notu .tk-seo-giris {\n  margin: 18px 0 0;\n  color: #f2f7fb;\n  font-size: 1em;\n}\n.tk-ders-notu .tk-eylem-cubugu {\n  display: flex;\n  flex-wrap: wrap;\n  gap: 10px;\n  margin: 0 0 18px;\n}\n.tk-ders-notu .tk-dugme {\n  min-height: 44px;\n  padding: 9px 16px;\n  border: 2px solid var(--tk-turkuaz);\n  border-radius: 10px;\n  color: #ffffff;\n  background: var(--tk-turkuaz);\n  font: inherit;\n  font-weight: 700;\n  line-height: 1.25;\n  cursor: pointer;\n}\n.tk-ders-notu .tk-dugme:hover { background: #056c76; }\n.tk-ders-notu .tk-dugme:focus-visible,\n.tk-ders-notu .tk-icindekiler a:focus-visible,\n.tk-ders-notu .tk-basa-don:focus-visible {\n  outline: 4px solid var(--tk-altin);\n  outline-offset: 3px;\n}\n.tk-ders-notu .tk-icindekiler {\n  width: 100%;\n  min-width: 0;\n  margin: 0 0 24px;\n  padding: 18px 20px;\n  border: 1px solid #b9dfe1;\n  border-left: 6px solid var(--tk-turkuaz);\n  border-radius: 14px;\n  background: var(--tk-acik-turkuaz);\n}\n.tk-ders-notu .tk-icindekiler-baslik {\n  margin: 0 0 8px;\n  color: var(--tk-lacivert);\n  font-size: 1.2em;\n  font-weight: 800;\n}\n.tk-ders-notu .tk-icindekiler ul {\n  margin: 0;\n  padding-left: 1.25em;\n}\n.tk-ders-notu .tk-icindekiler li { margin: 4px 0; }\n.tk-ders-notu .tk-icindekiler .tk-alt-baslik-baglantisi { margin-left: 1em; }\n.tk-ders-notu .tk-icindekiler a {\n  color: #075f69;\n  font-weight: 700;\n  text-decoration-thickness: 2px;\n  text-underline-offset: 3px;\n}\n.tk-ders-notu .tk-icindekiler a[aria-current=\"true\"] {\n  color: var(--tk-bordo);\n  background: #fff1f3;\n  border-radius: 5px;\n  box-shadow: 0 0 0 3px #fff1f3;\n}\n.tk-ders-notu .tk-kart {\n  width: 100%;\n  min-width: 0;\n  margin: 0 0 22px;\n  padding: clamp(17px, 3vw, 28px);\n  border: 1px solid #dbe6ee;\n  border-radius: 16px;\n  background: #ffffff;\n  box-shadow: 0 8px 22px rgba(23, 59, 103, .08);\n}\n.tk-ders-notu .tk-kart-giris { background: var(--tk-acik-mavi); }\n.tk-ders-notu h2,\n.tk-ders-notu h3 {\n  scroll-margin-top: 24px;\n  overflow-wrap: anywhere;\n}\n.tk-ders-notu h2 {\n  margin: 0 0 16px;\n  padding-bottom: 8px;\n  border-bottom: 4px solid var(--tk-altin);\n  color: var(--tk-lacivert);\n  font-size: clamp(1.3rem, 3vw, 1.72rem);\n  font-weight: 800;\n  line-height: 1.3;\n}\n.tk-ders-notu h3 {\n  margin: 24px 0 10px;\n  color: var(--tk-bordo);\n  font-size: clamp(1.1rem, 2.5vw, 1.35rem);\n  font-weight: 800;\n  line-height: 1.35;\n}\n.tk-ders-notu .tk-metin,\n.tk-ders-notu .tk-gorsel-aciklamasi { margin: 0 0 13px; }\n.tk-ders-notu .tk-gorsel-aciklamasi {\n  padding: 10px 14px;\n  border-left: 4px solid var(--tk-altin);\n  color: #34495e;\n  background: var(--tk-acik-sari);\n  font-size: .95em;\n  font-style: italic;\n}\n.tk-ders-notu .tk-liste {\n  display: grid;\n  gap: 9px;\n  margin: 12px 0 18px;\n  padding: 0;\n  list-style: none;\n}\n.tk-ders-notu .tk-liste > li {\n  position: relative;\n  min-width: 0;\n  padding: 10px 12px 10px 42px;\n  border: 1px solid #cfe6e8;\n  border-radius: 10px;\n  background: #f7fcfc;\n  overflow-wrap: anywhere;\n}\n.tk-ders-notu .tk-liste > li::before {\n  content: \"\u2713\";\n  position: absolute;\n  left: 12px;\n  top: 10px;\n  width: 22px;\n  height: 22px;\n  border-radius: 50%;\n  color: #ffffff;\n  background: var(--tk-turkuaz);\n  font-size: 13px;\n  font-weight: 900;\n  line-height: 22px;\n  text-align: center;\n}\n.tk-ders-notu .tk-alinti {\n  margin: 16px 0;\n  padding: 15px 18px;\n  border-left: 6px solid var(--tk-bordo);\n  border-radius: 10px;\n  color: #5d1b28;\n  background: #fff1f3;\n  font-style: italic;\n}\n.tk-ders-notu .tk-bilgi-kutusu {\n  width: 100%;\n  min-width: 0;\n  margin: 16px 0;\n  padding: 15px 17px;\n  border: 1px solid #ead381;\n  border-left: 6px solid var(--tk-altin);\n  border-radius: 12px;\n  background: var(--tk-acik-sari);\n  overflow-wrap: anywhere;\n}\n.tk-ders-notu .tk-bilgi-etiket {\n  margin: 0 0 5px;\n  color: var(--tk-bordo);\n  font-weight: 900;\n}\n.tk-ders-notu .tk-bilgi-icerik > :last-child { margin-bottom: 0; }\n.tk-ders-notu .tk-tablo-kapsayici {\n  width: 100%;\n  max-width: 100%;\n  min-width: 0;\n  margin: 18px 0;\n  overflow: visible;\n}\n.tk-ders-notu .tk-tablosu {\n  width: 100%;\n  max-width: 100%;\n  min-width: 0;\n  border-collapse: collapse;\n  border-spacing: 0;\n  table-layout: fixed;\n}\n.tk-ders-notu .tk-tablosu th,\n.tk-ders-notu .tk-tablosu td {\n  min-width: 0;\n  padding: 11px 12px;\n  border: 1px solid #b8c9d6;\n  vertical-align: top;\n  text-align: left;\n  white-space: normal;\n  overflow-wrap: anywhere;\n  word-wrap: break-word;\n  word-break: normal;\n  hyphens: auto;\n}\n.tk-ders-notu .tk-tablosu thead th {\n  color: #ffffff;\n  background: var(--tk-lacivert);\n  font-weight: 800;\n}\n.tk-ders-notu .tk-tablosu tbody tr:nth-child(even) { background: var(--tk-acik-mavi); }\n.tk-ders-notu .tk-tablosu tbody td:first-child {\n  color: #6f1e2d;\n  font-weight: 700;\n}\n.tk-ders-notu .tk-hucre-metin { margin: 0 0 7px; }\n.tk-ders-notu .tk-hucre-metin:last-child { margin-bottom: 0; }\n.tk-ders-notu .tk-basa-don {\n  position: fixed;\n  right: 18px;\n  bottom: 18px;\n  z-index: 30;\n  display: none;\n  min-width: 48px;\n  min-height: 48px;\n  padding: 9px 13px;\n  border: 0;\n  border-radius: 999px;\n  color: #ffffff;\n  background: var(--tk-bordo);\n  font: inherit;\n  font-weight: 800;\n  box-shadow: 0 8px 22px rgba(86, 20, 34, .28);\n  cursor: pointer;\n}\n.tk-ders-notu .tk-basa-don.tk-gorunur { display: inline-flex; align-items: center; justify-content: center; }\n@media (max-width: 720px) {\n  .tk-ders-notu { font-size: 16px; line-height: 1.65; }\n  .tk-ders-notu .tk-ust-kart,\n  .tk-ders-notu .tk-kart { border-radius: 12px; }\n  .tk-ders-notu .tk-dugme { flex: 1 1 145px; }\n  .tk-ders-notu .tk-cok-sutun table,\n  .tk-ders-notu .tk-cok-sutun thead,\n  .tk-ders-notu .tk-cok-sutun tbody,\n  .tk-ders-notu .tk-cok-sutun tr,\n  .tk-ders-notu .tk-cok-sutun th,\n  .tk-ders-notu .tk-cok-sutun td { display: block; width: 100%; min-width: 0; }\n  .tk-ders-notu .tk-cok-sutun thead { position: absolute; width: 1px; height: 1px; overflow: hidden; clip: rect(0 0 0 0); white-space: nowrap; }\n  .tk-ders-notu .tk-cok-sutun tbody { display: grid; gap: 14px; }\n  .tk-ders-notu .tk-cok-sutun tbody tr {\n    overflow: hidden;\n    border: 1px solid #b8c9d6;\n    border-radius: 12px;\n    background: #ffffff;\n    box-shadow: 0 5px 14px rgba(23, 59, 103, .08);\n  }\n  .tk-ders-notu .tk-cok-sutun tbody td { border: 0; border-bottom: 1px solid #dce6ed; }\n  .tk-ders-notu .tk-cok-sutun tbody td:last-child { border-bottom: 0; }\n  .tk-ders-notu .tk-cok-sutun tbody td::before {\n    content: attr(data-label);\n    display: block;\n    margin: 0 0 4px;\n    color: var(--tk-lacivert);\n    font-weight: 900;\n  }\n}\n@media (max-width: 375px) {\n  .tk-ders-notu { font-size: 15.5px; }\n  .tk-ders-notu .tk-ust-kart,\n  .tk-ders-notu .tk-kart,\n  .tk-ders-notu .tk-icindekiler { padding: 15px; }\n  .tk-ders-notu .tk-liste > li { padding-left: 38px; }\n  .tk-ders-notu .tk-tablosu th,\n  .tk-ders-notu .tk-tablosu td { padding: 9px 8px; }\n  .tk-ders-notu .tk-basa-don { right: 10px; bottom: 10px; }\n}\n@media print {\n  .tk-ders-notu { max-width: none; color: #000000; font-size: 11pt; line-height: 1.45; }\n  .tk-ders-notu .tk-ilerleme-iz,\n  .tk-ders-notu .tk-eylem-cubugu,\n  .tk-ders-notu .tk-basa-don { display: none !important; }\n  .tk-ders-notu .tk-ust-kart { color: #000000; background: #ffffff; box-shadow: none; border: 2px solid #173b67; border-bottom: 5px solid #d9a514; }\n  .tk-ders-notu .tk-kod,\n  .tk-ders-notu .tk-ana-baslik,\n  .tk-ders-notu .tk-seo-giris { color: #000000; }\n  .tk-ders-notu .tk-kart { break-inside: avoid-page; box-shadow: none; }\n  .tk-ders-notu .tk-tablosu { break-inside: auto; }\n  .tk-ders-notu .tk-tablosu tr { break-inside: avoid; }\n}\n<\/style>\n<article class=\"tk-ders-notu\" lang=\"tr\" id=\"tk-ders-1-2\">\n<div class=\"tk-ilerleme-iz\" aria-hidden=\"true\"><span class=\"tk-ilerleme-cubugu\"><\/span><\/div>\n<header class=\"tk-ust-kart\" aria-labelledby=\"tk-1-2-ana-baslik\">\n<p class=\"tk-kod\">11. S\u0131n\u0131f Tarih \u2022 \u00d6\u011frenme \u00c7\u0131kt\u0131s\u0131 1.2<\/p>\n<p class=\"tk-ana-baslik\" id=\"tk-1-2-ana-baslik\">Lale Devri\u2019nin Devlet ve Toplum Hayat\u0131na Etkileri<\/p>\n<p class=\"tk-seo-giris\">11. s\u0131n\u0131f tarih dersindeki Lale Devri\u2019nin Devlet ve Toplum Hayat\u0131na Etkileri \u00f6\u011frenme \u00e7\u0131kt\u0131s\u0131, bir d\u00f6nemin yaln\u0131zca siyasi y\u00f6n\u00fcn\u00fc de\u011fil k\u00fclt\u00fcrel ve toplumsal de\u011fi\u015fimlerini de birlikte ele al\u0131r. Bu tarih ders notu, T\u00fcrkiye Y\u00fczy\u0131l\u0131 Maarif Modeli kapsam\u0131nda belgedeki konu s\u0131ras\u0131n\u0131 koruyarak Lale Devri\u2019nin y\u00f6netim kadrosunu, yenilik anlay\u0131\u015f\u0131n\u0131, g\u00fcndelik hayata yans\u0131malar\u0131n\u0131 ve sona eri\u015fini incelemenize yard\u0131mc\u0131 olur. Lalenin d\u00f6neme verdi\u011fi ad, III. Ahmet ve Nev\u015fehirli Damat \u0130brahim Pa\u015fa, matbaa, terc\u00fcme faaliyetleri, mimari, e\u011flence hayat\u0131 ve Patrona Halil \u0130syan\u0131 gibi ba\u015fl\u0131klar d\u00fczenli b\u00f6l\u00fcmler h\u00e2linde sunulmu\u015ftur. Tablolar ve dikkat kutular\u0131 sayesinde kurumlar, ki\u015filer ve geli\u015fmeler aras\u0131ndaki ba\u011flant\u0131lar\u0131 daha rahat g\u00f6rebilir; konuyu ba\u015ftan sona izleyerek temel kavramlar\u0131 kar\u015f\u0131la\u015ft\u0131rabilirsiniz.<\/p>\n<\/header>\n<div class=\"tk-eylem-cubugu\" aria-label=\"Ders notu ara\u00e7lar\u0131\">\n<button class=\"tk-dugme\" type=\"button\" data-tk-action=\"print\" aria-label=\"Ders notunu yazd\u0131r\">Yazd\u0131r<\/button>\n<button class=\"tk-dugme\" type=\"button\" data-tk-action=\"toc\" aria-label=\"\u0130\u00e7indekiler b\u00f6l\u00fcm\u00fcne git\">\u0130\u00e7indekilere Git<\/button>\n<\/div>\n<nav class=\"tk-icindekiler\" id=\"tk-1-2-icindekiler\" aria-label=\"Ders notu i\u00e7indekiler\">\n<p class=\"tk-icindekiler-baslik\">\u0130\u00e7indekiler<\/p>\n<ul>\n<li><a href=\"#tk-1-2-lale-devri\">Lale Devri<\/a><\/li>\n<li><a href=\"#tk-1-2-donemin-yonetim-kadrosu\">D\u00f6nemin Y\u00f6netim Kadrosu<\/a><\/li>\n<li><a href=\"#tk-1-2-baris-odakli-siyaset-ve-diplomasi\">Bar\u0131\u015f Odakl\u0131 Siyaset ve Diplomasi<\/a><\/li>\n<li><a href=\"#tk-1-2-yirmisekiz-celebi-mehmet-efendi\">Yirmisekiz \u00c7elebi Mehmet Efendi<\/a><\/li>\n<li><a href=\"#tk-1-2-sosyal-ve-kulturel-hayat\">Sosyal ve K\u00fclt\u00fcrel Hayat<\/a><\/li>\n<li><a href=\"#tk-1-2-imar-faaliyetleri\">\u0130mar Faaliyetleri<\/a><\/li>\n<li><a href=\"#tk-1-2-modernlesme-ve-batililasma-anlayisi\">Modernle\u015fme ve Bat\u0131l\u0131la\u015fma Anlay\u0131\u015f\u0131<\/a><\/li>\n<li><a href=\"#tk-1-2-yenilikler-bilgi-kultur-ve-saglik\">Yenilikler: Bilgi, K\u00fclt\u00fcr ve Sa\u011fl\u0131k<\/a><\/li>\n<li><a href=\"#tk-1-2-yenilikler-kurumlar-ve-uretim\">Yenilikler : Kurumlar ve \u00dcretim<\/a><\/li>\n<li><a href=\"#tk-1-2-matbaanin-osmanliya-tasinmasi\">Matbaan\u0131n Osmanl\u0131\u2019ya Ta\u015f\u0131nmas\u0131<\/a><\/li>\n<li><a href=\"#tk-1-2-matbaanin-sinirli-yayginlasmasi\">Matbaan\u0131n S\u0131n\u0131rl\u0131 Yayg\u0131nla\u015fmas\u0131<\/a><\/li>\n<li><a href=\"#tk-1-2-mimaride-barok-ve-rokoko-etkisi\">Mimaride Barok ve Rokoko Etkisi<\/a><\/li>\n<li><a href=\"#tk-1-2-susleme-anlayisi\">S\u00fcsleme Anlay\u0131\u015f\u0131<\/a><\/li>\n<li><a href=\"#tk-1-2-osmanli-avrupa-kulturel-etkilesimi\">Osmanl\u0131-Avrupa K\u00fclt\u00fcrel Etkile\u015fimi<\/a><\/li>\n<li><a href=\"#tk-1-2-luks-yasam-ve-tuketim-aliskanliklari\">L\u00fcks Ya\u015fam ve T\u00fcketim Al\u0131\u015fkanl\u0131klar\u0131<\/a><\/li>\n<li><a href=\"#tk-1-2-patrona-halil-isyani-ve-lale-devrinin-sonu\">Patrona Halil \u0130syan\u0131 ve Lale Devri\u2019nin Sonu<\/a><\/li>\n<li><a href=\"#tk-1-2-lale-devri-degisim-tablosu\">Lale Devri De\u011fi\u015fim Tablosu<\/a><\/li>\n<\/ul>\n<\/nav>\n<section class=\"tk-kart\" aria-labelledby=\"tk-1-2-lale-devri\">\n<h2 id=\"tk-1-2-lale-devri\"><strong>Lale Devri<\/strong><\/h2>\n<ul class=\"tk-liste\">\n<li>Lale, XVI-XVIII. y\u00fczy\u0131llar aras\u0131nda Osmanl\u0131 k\u00fclt\u00fcr\u00fcnde \u00e7ok sevildi.<\/li>\n<li>Hem s\u00fcs bitkisi hem de s\u00fcsleme motifi olarak pek \u00e7ok alanda kullan\u0131ld\u0131.<\/li>\n<li>Sultan III. Ahmet D\u00f6nemi\u2019nde \u0130stanbul\u2019da lale sevgisi zirveye ula\u015ft\u0131.<\/li>\n<li>Lale; zarafet ve ihti\u015fam\u0131n sembol\u00fc h\u00e2line geldi.<\/li>\n<li>XX. y\u00fczy\u0131l ba\u015flar\u0131nda bu d\u00f6nem \u201cLale Devri\u201d olarak adland\u0131r\u0131ld\u0131.<\/li>\n<\/ul>\n<\/section>\n<section class=\"tk-kart\" aria-labelledby=\"tk-1-2-donemin-yonetim-kadrosu\">\n<h2 id=\"tk-1-2-donemin-yonetim-kadrosu\">D\u00f6nemin Y\u00f6netim Kadrosu<\/h2>\n<ul class=\"tk-liste\">\n<li>1718 Pasarof\u00e7a Antla\u015fmas\u0131 ile 1730 Patrona Halil \u0130syan\u0131 aras\u0131d\u0131r.<\/li>\n<li>D\u00f6nemin padi\u015fah\u0131 III. Ahmet\u2019tir.<\/li>\n<li>D\u00f6nemin sadrazam\u0131 Nev\u015fehirli Damat \u0130brahim Pa\u015fa\u2019d\u0131r.<\/li>\n<li>Saray \u00e7evresinde zevk ve e\u011flence \u00f6n plana \u00e7\u0131kt\u0131.<\/li>\n<li>Bat\u0131l\u0131la\u015fma hedefli reformlarla devlet ve toplum hayat\u0131nda de\u011fi\u015fim ya\u015fand\u0131.<\/li>\n<li>Bu s\u00fcre\u00e7 \u201cT\u00fcrk R\u00f6nesans\u0131\u201d olarak da tan\u0131mland\u0131.<\/li>\n<\/ul>\n<aside class=\"tk-bilgi-kutusu\" role=\"note\" aria-label=\"D\u00f6nemin Y\u00f6netim Kadrosu - tablo 1\">\n<div class=\"tk-bilgi-etiket\"><p class=\"tk-hucre-metin\"><strong>SINAV NOTU<\/strong><\/p><\/div>\n<div class=\"tk-bilgi-icerik\"><p class=\"tk-hucre-metin\">Lale Devri = 1718 Pasarof\u00e7a Antla\u015fmas\u0131 \u2013 1730 Patrona Halil \u0130syan\u0131.<\/p>\n<p class=\"tk-hucre-metin\">Padi\u015fah: III. Ahmet | Sadrazam: Nev\u015fehirli Damat \u0130brahim Pa\u015fa.<\/p><\/div>\n<\/aside>\n<\/section>\n<section class=\"tk-kart\" aria-labelledby=\"tk-1-2-baris-odakli-siyaset-ve-diplomasi\">\n<h2 id=\"tk-1-2-baris-odakli-siyaset-ve-diplomasi\">Bar\u0131\u015f Odakl\u0131 Siyaset ve Diplomasi<\/h2>\n<ul class=\"tk-liste\">\n<li>II. Viyana Ku\u015fatmas\u0131 sonras\u0131 asker\u00ee ma\u011flubiyetler Bat\u0131 \u00fcst\u00fcnl\u00fc\u011f\u00fcn\u00fc g\u00f6sterdi.<\/li>\n<li>III. Ahmet, kaybedilen topraklar\u0131 geri alma stratejisinden vazge\u00e7ti.<\/li>\n<li>Avrupal\u0131 devletlerle \u00e7at\u0131\u015fmaktan ka\u00e7\u0131nan bar\u0131\u015f odakl\u0131 bir siyaset izlendi.<\/li>\n<li>Asker\u00ee unsurlar\u0131n y\u00f6netimdeki etkisi azalt\u0131ld\u0131.<\/li>\n<li>Kalem ehli olarak bilinen b\u00fcrokrat s\u0131n\u0131f\u0131 \u00f6nem kazand\u0131.<\/li>\n<li>Avrupa ba\u015fkentlerine ge\u00e7ici el\u00e7iler g\u00f6nderildi.<\/li>\n<\/ul>\n<aside class=\"tk-bilgi-kutusu\" role=\"note\" aria-label=\"Bar\u0131\u015f Odakl\u0131 Siyaset ve Diplomasi - tablo 2\">\n<div class=\"tk-bilgi-etiket\"><p class=\"tk-hucre-metin\"><strong>\u00d6SYM D\u0130KKAT<\/strong><\/p><\/div>\n<div class=\"tk-bilgi-icerik\"><p class=\"tk-hucre-metin\">Lale Devri\u2019nde Avrupa ba\u015fkentlerine g\u00f6nderilen el\u00e7iler ge\u00e7icidir.<\/p>\n<p class=\"tk-hucre-metin\">Bu g\u00f6revler, Avrupa\u2019y\u0131 tan\u0131ma ve reform aray\u0131\u015f\u0131na bilgi sa\u011flama amac\u0131 ta\u015f\u0131r.<\/p><\/div>\n<\/aside>\n<\/section>\n<section class=\"tk-kart\" aria-labelledby=\"tk-1-2-yirmisekiz-celebi-mehmet-efendi\">\n<h2 id=\"tk-1-2-yirmisekiz-celebi-mehmet-efendi\">Yirmisekiz \u00c7elebi Mehmet Efendi<\/h2>\n<ul class=\"tk-liste\">\n<li>1720\u2019de Paris\u2019e ge\u00e7ici el\u00e7i olarak g\u00f6nderildi.<\/li>\n<li>Fransa\u2019daki toplumsal, siyasal ve k\u00fclt\u00fcrel hayat\u0131 g\u00f6zlemledi.<\/li>\n<li>G\u00f6zlemlerini Paris Sef\u00e2retn\u00e2mesi adl\u0131 eserinde anlatt\u0131.<\/li>\n<li>Eserini III. Ahmet\u2019e ve Nev\u015fehirli Damat \u0130brahim Pa\u015fa\u2019ya sundu.<\/li>\n<li>Sefaretname, modernle\u015fme s\u00fcrecine y\u00f6n veren k\u0131lavuzlardan biri oldu.<\/li>\n<li>El\u00e7iler Avrupa diplomasisi, sanat\u0131, sanayii, tar\u0131m\u0131, asker\u00ee ve teknolojik g\u00fcc\u00fc hakk\u0131nda raporlar sundu.<\/li>\n<\/ul>\n<aside class=\"tk-bilgi-kutusu\" role=\"note\" aria-label=\"Yirmisekiz \u00c7elebi Mehmet Efendi - tablo 3\">\n<div class=\"tk-bilgi-etiket\"><p class=\"tk-hucre-metin\"><strong>KARI\u015eTIRMA!<\/strong><\/p><\/div>\n<div class=\"tk-bilgi-icerik\"><p class=\"tk-hucre-metin\">Yirmisekiz \u00c7elebi Mehmet Efendi Paris\u2019e g\u00f6nderildi; eseri Paris Sef\u00e2retn\u00e2mesi\u2019dir.<\/p>\n<p class=\"tk-hucre-metin\">Sefaretname, el\u00e7ilerin g\u00f6rev yapt\u0131klar\u0131 \u00fclkelere ili\u015fkin g\u00f6zlem ve raporlar\u0131n\u0131 i\u00e7erir.<\/p><\/div>\n<\/aside>\n<\/section>\n<section class=\"tk-kart\" aria-labelledby=\"tk-1-2-sosyal-ve-kulturel-hayat\">\n<h2 id=\"tk-1-2-sosyal-ve-kulturel-hayat\">Sosyal ve K\u00fclt\u00fcrel Hayat<\/h2>\n<ul class=\"tk-liste\">\n<li>Toplumsal, sanatsal ve k\u00fclt\u00fcrel d\u00f6n\u00fc\u015f\u00fcmler bir arada ya\u015fand\u0131.<\/li>\n<li>E\u011flence, zevk ve sefa anlay\u0131\u015f\u0131 \u00f6ne \u00e7\u0131kt\u0131.<\/li>\n<li>Yaz aylar\u0131nda \u00c7\u0131ra\u011fan e\u011flenceleri gelenekselle\u015fti.<\/li>\n<li>K\u0131\u015f aylar\u0131nda helva sohbetleri yap\u0131lmaya ba\u015fland\u0131.<\/li>\n<li>Mesire yerleri sosyal hayat\u0131 canland\u0131rd\u0131 ve k\u0131r-e\u011flence k\u00fclt\u00fcr\u00fcn\u00fc yayg\u0131nla\u015ft\u0131rd\u0131.<\/li>\n<li>D\u00f6nemin estetik anlay\u0131\u015f\u0131 Nedim\u2019in \u015fiirlerine ve Levn\u00ee\u2019nin minyat\u00fcrlerine yans\u0131d\u0131.<\/li>\n<\/ul>\n<\/section>\n<section class=\"tk-kart\" aria-labelledby=\"tk-1-2-imar-faaliyetleri\">\n<h2 id=\"tk-1-2-imar-faaliyetleri\">\u0130mar Faaliyetleri<\/h2>\n<ul class=\"tk-liste\">\n<li>Fransa\u2019dan getirilen saray, mek\u00e2n ve bah\u00e7e tasvirleri imar faaliyetlerini etkiledi.<\/li>\n<li>Bo\u011fazi\u00e7i ve Hali\u00e7 k\u0131y\u0131lar\u0131 k\u00f6\u015fkler ve kas\u0131rlarla donat\u0131ld\u0131.<\/li>\n<li>\u0130stanbul\u2019da eski yap\u0131lar onar\u0131ld\u0131.<\/li>\n<li>\u00c7e\u015fme, k\u00f6\u015fk, k\u00fct\u00fcphane ve medrese gibi yeni yap\u0131lar in\u015fa edildi.<\/li>\n<li>Ka\u011f\u0131thane\u2019deki Sad\u00e2b\u00e2d Kasr\u0131 d\u00f6n\u00fc\u015f\u00fcm\u00fcn \u00f6nemli sembollerindendi.<\/li>\n<li>Ka\u011f\u0131thane park ve bah\u00e7eleri Versailles bah\u00e7eleri \u00f6rnek al\u0131narak tasarland\u0131.<\/li>\n<\/ul>\n<\/section>\n<section class=\"tk-kart\" aria-labelledby=\"tk-1-2-modernlesme-ve-batililasma-anlayisi\">\n<h2 id=\"tk-1-2-modernlesme-ve-batililasma-anlayisi\">Modernle\u015fme ve Bat\u0131l\u0131la\u015fma Anlay\u0131\u015f\u0131<\/h2>\n<ul class=\"tk-liste\">\n<li>Saray erk\u00e2n\u0131, devlet y\u00f6netiminde ciddi reformlara ihtiya\u00e7 duyuldu\u011funu kabul etti.<\/li>\n<li>Modernle\u015fme y\u00f6n\u00fcnde ilk ad\u0131mlar at\u0131ld\u0131.<\/li>\n<li>Lale Devri, Bat\u0131l\u0131la\u015fma hedefinin bilin\u00e7li benimsendi\u011fi ilk d\u00f6nem kabul edilir.<\/li>\n<li>Toplumsal yap\u0131lar ve kurumsal i\u015fleyi\u015fteki aksakl\u0131klara kal\u0131c\u0131 \u00e7\u00f6z\u00fcmler arand\u0131.<\/li>\n<li>Bu \u0131slahatlar sonraki Bat\u0131l\u0131la\u015fma ve yenile\u015fme hareketlerinin temelini olu\u015fturdu.<\/li>\n<li>XVIII. y\u00fczy\u0131lda Bat\u0131\u2019yla k\u00fclt\u00fcrel temaslar daha belirgin h\u00e2le geldi.<\/li>\n<\/ul>\n<aside class=\"tk-bilgi-kutusu\" role=\"note\" aria-label=\"Modernle\u015fme ve Bat\u0131l\u0131la\u015fma Anlay\u0131\u015f\u0131 - tablo 4\">\n<div class=\"tk-bilgi-etiket\"><p class=\"tk-hucre-metin\"><strong>NEDEN \u00d6NEML\u0130?<\/strong><\/p><\/div>\n<div class=\"tk-bilgi-icerik\"><p class=\"tk-hucre-metin\">Lale Devri, Bat\u0131l\u0131la\u015fma hedefinin bilin\u00e7li bi\u00e7imde benimsendi\u011fi ilk d\u00f6nem kabul edilir.<\/p>\n<p class=\"tk-hucre-metin\">Sonraki Bat\u0131l\u0131la\u015fma ve yenile\u015fme hareketlerine temel olu\u015fturmu\u015ftur.<\/p><\/div>\n<\/aside>\n<\/section>\n<section class=\"tk-kart\" aria-labelledby=\"tk-1-2-yenilikler-bilgi-kultur-ve-saglik\">\n<h2 id=\"tk-1-2-yenilikler-bilgi-kultur-ve-saglik\">Yenilikler: Bilgi, K\u00fclt\u00fcr ve Sa\u011fl\u0131k<\/h2>\n<div class=\"tk-tablo-kapsayici\" role=\"region\" aria-label=\"Yenilikler: Bilgi, K\u00fclt\u00fcr ve Sa\u011fl\u0131k - tablo 5\">\n<table class=\"tk-tablosu\">\n<thead>\n<tr>\n<th scope=\"col\"><p class=\"tk-hucre-metin\"><strong>Alan<\/strong><\/p><\/th>\n<th scope=\"col\"><p class=\"tk-hucre-metin\"><strong>Yenilik<\/strong><\/p><\/th>\n<\/tr>\n<\/thead>\n<tbody>\n<tr>\n<td data-label=\"Alan\"><p class=\"tk-hucre-metin\"><strong>Matbaa<\/strong><\/p><\/td>\n<td data-label=\"Yenilik\"><p class=\"tk-hucre-metin\">1727\u2019de Mehmet Sait Efendi ve \u0130brahim M\u00fcteferrika ilk T\u00fcrk matbaas\u0131n\u0131 kurdu.<\/p><\/td>\n<\/tr>\n<tr>\n<td data-label=\"Alan\"><p class=\"tk-hucre-metin\"><strong>El\u00e7ilik<\/strong><\/p><\/td>\n<td data-label=\"Yenilik\"><p class=\"tk-hucre-metin\">Paris, Viyana ve Moskova gibi Avrupa ba\u015fkentlerine ilk kez ge\u00e7ici el\u00e7iler g\u00f6nderildi.<\/p><\/td>\n<\/tr>\n<tr>\n<td data-label=\"Alan\"><p class=\"tk-hucre-metin\"><strong>K\u00fct\u00fcphane<\/strong><\/p><\/td>\n<td data-label=\"Yenilik\"><p class=\"tk-hucre-metin\">\u0130stanbul\u2019da \u00e7ok say\u0131da k\u00fct\u00fcphane a\u00e7\u0131ld\u0131; III. Ahmet Topkap\u0131 Saray\u0131\u2019nda ayr\u0131 bir k\u00fct\u00fcphane yapt\u0131rd\u0131.<\/p><\/td>\n<\/tr>\n<tr>\n<td data-label=\"Alan\"><p class=\"tk-hucre-metin\"><strong>Terc\u00fcme<\/strong><\/p><\/td>\n<td data-label=\"Yenilik\"><p class=\"tk-hucre-metin\">Do\u011fu ve Bat\u0131 eserlerini T\u00fcrk\u00e7eye \u00e7evirmek i\u00e7in Terc\u00fcme Heyeti olu\u015fturuldu.<\/p><\/td>\n<\/tr>\n<tr>\n<td data-label=\"Alan\"><p class=\"tk-hucre-metin\"><strong>Sa\u011fl\u0131k<\/strong><\/p><\/td>\n<td data-label=\"Yenilik\"><p class=\"tk-hucre-metin\">Kimyasal ila\u00e7 y\u00f6ntemleri kullan\u0131ld\u0131; sa\u011fl\u0131k kontrol\u00fc, karantina ve \u00e7i\u00e7ek a\u015f\u0131s\u0131 uyguland\u0131.<\/p><\/td>\n<\/tr>\n<\/tbody>\n<\/table>\n<\/div>\n<\/section>\n<section class=\"tk-kart\" aria-labelledby=\"tk-1-2-yenilikler-kurumlar-ve-uretim\">\n<h2 id=\"tk-1-2-yenilikler-kurumlar-ve-uretim\">Yenilikler : Kurumlar ve \u00dcretim<\/h2>\n<div class=\"tk-tablo-kapsayici\" role=\"region\" aria-label=\"Yenilikler : Kurumlar ve \u00dcretim - tablo 6\">\n<table class=\"tk-tablosu\">\n<thead>\n<tr>\n<th scope=\"col\"><p class=\"tk-hucre-metin\"><strong>Alan<\/strong><\/p><\/th>\n<th scope=\"col\"><p class=\"tk-hucre-metin\"><strong>Yenilik<\/strong><\/p><\/th>\n<\/tr>\n<\/thead>\n<tbody>\n<tr>\n<td data-label=\"Alan\"><p class=\"tk-hucre-metin\"><strong>Tersane<\/strong><\/p><\/td>\n<td data-label=\"Yenilik\"><p class=\"tk-hucre-metin\">Tersane \u0131slah edildi; Avrupai tarzda \u00fc\u00e7 ambarl\u0131 gemi yap\u0131m\u0131 ba\u015flad\u0131.<\/p><\/td>\n<\/tr>\n<tr>\n<td data-label=\"Alan\"><p class=\"tk-hucre-metin\"><strong>Hendese-hane<\/strong><\/p><\/td>\n<td data-label=\"Yenilik\"><p class=\"tk-hucre-metin\">Tersane-i \u00c2mire b\u00fcnyesinde modern tekniklerle asker\u00ee e\u011fitim verecek okul a\u00e7\u0131ld\u0131; yeni\u00e7erilerin kar\u015f\u0131 \u00e7\u0131kmas\u0131yla kapat\u0131ld\u0131.<\/p><\/td>\n<\/tr>\n<tr>\n<td data-label=\"Alan\"><p class=\"tk-hucre-metin\"><strong>\u0130tfaiye<\/strong><\/p><\/td>\n<td data-label=\"Yenilik\"><p class=\"tk-hucre-metin\">Tulumbac\u0131larla ilk d\u00fczenli itfaiye te\u015fkilat\u0131 kuruldu.<\/p><\/td>\n<\/tr>\n<tr>\n<td data-label=\"Alan\"><p class=\"tk-hucre-metin\"><strong>G\u00fcvenlik<\/strong><\/p><\/td>\n<td data-label=\"Yenilik\"><p class=\"tk-hucre-metin\">K\u0131z Kulesi onar\u0131ld\u0131 ve feneri yenilendi.<\/p><\/td>\n<\/tr>\n<tr>\n<td data-label=\"Alan\"><p class=\"tk-hucre-metin\"><strong>\u00dcretim<\/strong><\/p><\/td>\n<td data-label=\"Yenilik\"><p class=\"tk-hucre-metin\">Yalova\u2019da k\u00e2\u011f\u0131t fabrikas\u0131, \u0130stanbul\u2019da \u00e7uha at\u00f6lyesi a\u00e7\u0131ld\u0131.<\/p><\/td>\n<\/tr>\n<tr>\n<td data-label=\"Alan\"><p class=\"tk-hucre-metin\"><strong>Sanat<\/strong><\/p><\/td>\n<td data-label=\"Yenilik\"><p class=\"tk-hucre-metin\">\u00c7ini imalathaneleri kuruldu ve onar\u0131ld\u0131; barok ve rokoko etkili \u00f6zg\u00fcn eserler yap\u0131ld\u0131.<\/p><\/td>\n<\/tr>\n<\/tbody>\n<\/table>\n<\/div>\n<\/section>\n<section class=\"tk-kart\" aria-labelledby=\"tk-1-2-matbaanin-osmanliya-tasinmasi\">\n<h2 id=\"tk-1-2-matbaanin-osmanliya-tasinmasi\"><strong>Matbaan\u0131n Osmanl\u0131\u2019ya Ta\u015f\u0131nmas\u0131<\/strong><\/h2>\n<ul class=\"tk-liste\">\n<li>Matbaada bas\u0131ld\u0131\u011f\u0131 bilinen en eski kitap Elmas Sutra\u2019d\u0131r. (868)<\/li>\n<li>Gutenberg, 1447\u2019de hareketli metal harflerle bask\u0131 tekni\u011fini geli\u015ftirdi.<\/li>\n<li>\u0130stanbul\u2019da Yahudi, Ermeni ve Rumlar taraf\u0131ndan ilk matbaalar kuruldu.<\/li>\n<li>\u0130lk T\u00fcrk matbaas\u0131, \u0130brahim M\u00fcteferrika ile Mehmet Sait Efendi\u2019nin giri\u015fimleriyle kuruldu.<\/li>\n<li>Tefsir, hadis, f\u0131k\u0131h ve kelam eserlerinin bas\u0131lmamas\u0131 ko\u015fuluyla izin verildi.<\/li>\n<li>1729\u2019da ilk olarak Vankulu L\u00fcgati bas\u0131ld\u0131.<\/li>\n<\/ul>\n<aside class=\"tk-bilgi-kutusu\" role=\"note\" aria-label=\"Matbaan\u0131n Osmanl\u0131\u2019ya Ta\u015f\u0131nmas\u0131 - tablo 7\">\n<div class=\"tk-bilgi-etiket\"><p class=\"tk-hucre-metin\"><strong>\u00d6SYM D\u0130KKAT<\/strong><\/p><\/div>\n<div class=\"tk-bilgi-icerik\"><p class=\"tk-hucre-metin\">\u0130stanbul\u2019daki ilk matbaalar Yahudi, Ermeni ve Rumlar taraf\u0131ndan kuruldu.<\/p>\n<p class=\"tk-hucre-metin\">\u0130lk T\u00fcrk matbaas\u0131 ise \u0130brahim M\u00fcteferrika ve Mehmet Sait Efendi giri\u015fimiyle kuruldu.<\/p><\/div>\n<\/aside>\n<aside class=\"tk-bilgi-kutusu\" role=\"note\" aria-label=\"Matbaan\u0131n Osmanl\u0131\u2019ya Ta\u015f\u0131nmas\u0131 - tablo 8\">\n<div class=\"tk-bilgi-etiket\"><p class=\"tk-hucre-metin\"><strong>KARI\u015eTIRMA!<\/strong><\/p><\/div>\n<div class=\"tk-bilgi-icerik\"><p class=\"tk-hucre-metin\">\u0130lk T\u00fcrk matbaas\u0131 1727\u2019de kuruldu; ilk olarak 1729\u2019da Vankulu L\u00fcgati bas\u0131ld\u0131.<\/p><\/div>\n<\/aside>\n<\/section>\n<section class=\"tk-kart\" aria-labelledby=\"tk-1-2-matbaanin-sinirli-yayginlasmasi\">\n<h2 id=\"tk-1-2-matbaanin-sinirli-yayginlasmasi\">Matbaan\u0131n S\u0131n\u0131rl\u0131 Yayg\u0131nla\u015fmas\u0131<\/h2>\n<ul class=\"tk-liste\">\n<li>\u0130lk T\u00fcrk matbaas\u0131nda hedeflenen say\u0131da kitap bas\u0131lamad\u0131.<\/li>\n<li>Bas\u0131lan kitaplar\u0131n pek \u00e7o\u011fu sat\u0131lamad\u0131.<\/li>\n<li>Matbaac\u0131l\u0131k tekni\u011fi yeterince geli\u015ftirilemedi.<\/li>\n<li>Toplumsal altyap\u0131 hen\u00fcz haz\u0131r de\u011fildi.<\/li>\n<li>Okuryazar say\u0131s\u0131n\u0131n azl\u0131\u011f\u0131, s\u0131n\u0131rl\u0131 yerli k\u00e2\u011f\u0131t \u00fcretimi ve y\u00fcksek maliyetler talebi s\u0131n\u0131rlad\u0131.<\/li>\n<li>El yazmas\u0131 eser gelene\u011fi ve hattatlar\u0131n olumsuz fikirleri yayg\u0131nla\u015fmay\u0131 geciktirdi.<\/li>\n<\/ul>\n<aside class=\"tk-bilgi-kutusu\" role=\"note\" aria-label=\"Matbaan\u0131n S\u0131n\u0131rl\u0131 Yayg\u0131nla\u015fmas\u0131 - tablo 9\">\n<div class=\"tk-bilgi-etiket\"><p class=\"tk-hucre-metin\"><strong>NEDEN \u00d6NEML\u0130?<\/strong><\/p><\/div>\n<div class=\"tk-bilgi-icerik\"><p class=\"tk-hucre-metin\">Matbaan\u0131n s\u0131n\u0131rl\u0131 yay\u0131lmas\u0131 yaln\u0131zca hattatlar\u0131n olumsuz fikirleriyle a\u00e7\u0131klanamaz.<\/p>\n<p class=\"tk-hucre-metin\">Okuryazarl\u0131k, k\u00e2\u011f\u0131t \u00fcretimi, y\u00fcksek maliyet ve s\u0131n\u0131rl\u0131 talep de etkili olmu\u015ftur.<\/p><\/div>\n<\/aside>\n<\/section>\n<section class=\"tk-kart\" aria-labelledby=\"tk-1-2-mimaride-barok-ve-rokoko-etkisi\">\n<h2 id=\"tk-1-2-mimaride-barok-ve-rokoko-etkisi\">Mimaride Barok ve Rokoko Etkisi<\/h2>\n<ul class=\"tk-liste\">\n<li>XVIII. y\u00fczy\u0131lda Avrupa\u2019da yayg\u0131n olan barok ve rokoko \u00fcsluplar\u0131 Osmanl\u0131 mimarisini etkiledi.<\/li>\n<li>Cami, k\u00f6\u015fk, \u00e7e\u015fme ve k\u00fct\u00fcphane gibi yap\u0131lar bu \u00fcsluplara g\u00f6re in\u015fa edildi.<\/li>\n<li>E\u011frisel hatlar, girintili \u00e7\u0131k\u0131nt\u0131l\u0131 duvar y\u00fczeyleri ve bezeme odakl\u0131 i\u00e7 mek\u00e2n \u00f6ne \u00e7\u0131kt\u0131.<\/li>\n<li>Bu \u00f6zellikler geleneksel Osmanl\u0131 mimarisiyle harmanland\u0131.<\/li>\n<li>De\u011fi\u015fim \u0130stanbul\u2019la s\u0131n\u0131rl\u0131 kalmad\u0131; Nev\u015fehir, Edirne, Bursa, \u0130znik, K\u00fctahya ve Konya\u2019ya yay\u0131ld\u0131.<\/li>\n<li>Lale Devri mimari \u00fcslubu, yerel yorumlu barok ve rokoko olarak g\u00f6r\u00fcld\u00fc.<\/li>\n<\/ul>\n<aside class=\"tk-bilgi-kutusu\" role=\"note\" aria-label=\"Mimaride Barok ve Rokoko Etkisi - tablo 10\">\n<div class=\"tk-bilgi-etiket\"><p class=\"tk-hucre-metin\"><strong>KARI\u015eTIRMA!<\/strong><\/p><\/div>\n<div class=\"tk-bilgi-icerik\"><p class=\"tk-hucre-metin\">Barok ve rokoko etkisi, geleneksel Osmanl\u0131 mimarisinin tamamen terk edilmesi de\u011fildir.<\/p>\n<p class=\"tk-hucre-metin\">Bu \u00fcsluplar geleneksel Osmanl\u0131 mimarisiyle harmanlanm\u0131\u015ft\u0131r.<\/p><\/div>\n<\/aside>\n<\/section>\n<section class=\"tk-kart\" aria-labelledby=\"tk-1-2-susleme-anlayisi\">\n<h2 id=\"tk-1-2-susleme-anlayisi\">S\u00fcsleme Anlay\u0131\u015f\u0131<\/h2>\n<ul class=\"tk-liste\">\n<li>Sultan III. Ahmet \u00c7e\u015fmesi, Lale Devri\u2019nin sembol eserlerindendir.<\/li>\n<li>\u00c7e\u015fme, XVIII. y\u00fczy\u0131l ba\u015flar\u0131nda \u00f6ne \u00e7\u0131kan estetik ve s\u00fcsleme anlay\u0131\u015f\u0131n\u0131 yans\u0131tt\u0131.<\/li>\n<li>Ba\u015f mimar Mehmet A\u011fa taraf\u0131ndan in\u015fa edildi.<\/li>\n<li>Avrupa etkisini yans\u0131tan renkli ve yald\u0131zl\u0131 bezemelerle s\u00fcslendi.<\/li>\n<li>\u00c7inileri Tekfur Saray\u0131\u2019nda a\u00e7\u0131lan fabrikada yap\u0131ld\u0131.<\/li>\n<li>Sultan III. Ahmet Has Odas\u0131 ah\u015fap panolar, \u00e7i\u00e7ek motifleri, vazo-sepet fig\u00fcrleri ve aynalarla d\u00fczenlendi.<\/li>\n<\/ul>\n<\/section>\n<section class=\"tk-kart\" aria-labelledby=\"tk-1-2-osmanli-avrupa-kulturel-etkilesimi\">\n<h2 id=\"tk-1-2-osmanli-avrupa-kulturel-etkilesimi\">Osmanl\u0131-Avrupa K\u00fclt\u00fcrel Etkile\u015fimi<\/h2>\n<ul class=\"tk-liste\">\n<li>\u0130li\u015fkiler ticaret, siyaset ve sava\u015f alanlar\u0131n\u0131n d\u0131\u015f\u0131na ta\u015farak k\u00fclt\u00fcrel ve toplumsal d\u00fczeye yay\u0131ld\u0131.<\/li>\n<li>Diplomatik temaslar ve Bat\u0131l\u0131 seyyahlar\u0131n g\u00f6zlemleri etkile\u015fimi art\u0131rd\u0131.<\/li>\n<li>Osmanl\u0131 b\u00fcrokrasisi ve saray erk\u00e2n\u0131 bu s\u00fcrecin \u00f6nc\u00fcl\u00fc\u011f\u00fcn\u00fc yapt\u0131.<\/li>\n<li>Levantin t\u00fcccarlar, gayrim\u00fcslim i\u015f insanlar\u0131 ve di\u011fer toplumsal gruplar etkile\u015fimi ta\u015f\u0131d\u0131.<\/li>\n<li>G\u00fcnl\u00fck hayatta iskemle ve koltuk kullan\u0131m\u0131, duvar resimleri ve portreler g\u00f6r\u00fclmeye ba\u015fland\u0131.<\/li>\n<li>XVIII. y\u00fczy\u0131lda T\u00fcrk k\u0131yafetleri, t\u00fcrban, c\u00fcppe ve kuma\u015flar Avrupa\u2019da Turquerie modas\u0131n\u0131 etkiledi.<\/li>\n<\/ul>\n<aside class=\"tk-bilgi-kutusu\" role=\"note\" aria-label=\"Osmanl\u0131-Avrupa K\u00fclt\u00fcrel Etkile\u015fimi - tablo 11\">\n<div class=\"tk-bilgi-etiket\"><p class=\"tk-hucre-metin\"><strong>\u00d6SYM D\u0130KKAT<\/strong><\/p><\/div>\n<div class=\"tk-bilgi-icerik\"><p class=\"tk-hucre-metin\">Turquerie, XVIII. y\u00fczy\u0131lda T\u00fcrk k\u0131yafetleri, t\u00fcrban, c\u00fcppe ve kuma\u015flar\u0131n Avrupa modas\u0131na etkisini ifade eder.<\/p><\/div>\n<\/aside>\n<\/section>\n<section class=\"tk-kart\" aria-labelledby=\"tk-1-2-luks-yasam-ve-tuketim-aliskanliklari\">\n<h2 id=\"tk-1-2-luks-yasam-ve-tuketim-aliskanliklari\">L\u00fcks Ya\u015fam ve T\u00fcketim Al\u0131\u015fkanl\u0131klar\u0131<\/h2>\n<ul class=\"tk-liste\">\n<li>\u0130stanbul\u2019da Bat\u0131l\u0131la\u015fma s\u00fcrecinin ilk ad\u0131mlar\u0131 bu d\u00f6nemde at\u0131ld\u0131.<\/li>\n<li>Kent halk\u0131nda d\u0131\u015fa a\u00e7\u0131lma ve t\u00fcketime y\u00f6nelme al\u0131\u015fkanl\u0131\u011f\u0131 geli\u015fti.<\/li>\n<li>Giyim, s\u00fcslenme, moda ve l\u00fcks e\u015fyaya ilgi artt\u0131.<\/li>\n<li>Tepkileri ve israf\u0131 \u00f6nlemek i\u00e7in s\u0131n\u0131rlamalar getirildi.<\/li>\n<li>Fransa\u2019dan ithal kuma\u015flar ve kozmetikler \u0130stanbul\u2019da makbul h\u00e2le geldi.<\/li>\n<li>Lale ticareti, \u0130stanbul\u2019da m\u00fccevhercilik gibi bir sanat h\u00e2line geldi.<\/li>\n<li>1726\u2019da \u0130stanbul\u2019da 839 \u00e7e\u015fit lale yeti\u015ftirildi.<\/li>\n<\/ul>\n<\/section>\n<section class=\"tk-kart\" aria-labelledby=\"tk-1-2-patrona-halil-isyani-ve-lale-devrinin-sonu\">\n<h2 id=\"tk-1-2-patrona-halil-isyani-ve-lale-devrinin-sonu\"><strong>Patrona Halil \u0130syan\u0131 <\/strong><strong>ve<\/strong><strong> Lale Devri\u2019nin Sonu<\/strong><\/h2>\n<ul class=\"tk-liste\">\n<li>Pasarof\u00e7a Antla\u015fmas\u0131\u2019yla sa\u011flanan bar\u0131\u015f ortam\u0131 \u0130ran seferi karar\u0131yla son buldu.<\/li>\n<li>Y\u00fcksek maliyetli sefer ve yeni vergiler, Anadolu ve Rumeli\u2019de e\u015fk\u0131yal\u0131\u011f\u0131 art\u0131rd\u0131.<\/li>\n<li>K\u0131rsal alanlardan \u0130stanbul\u2019a yo\u011fun g\u00f6\u00e7 ba\u015flad\u0131.<\/li>\n<li>G\u00f6\u00e7ler; i\u015fsizlik, enflasyon, salg\u0131n hastal\u0131k ve asayi\u015fsizli\u011fi art\u0131rd\u0131.<\/li>\n<li>Ba\u015far\u0131s\u0131z \u0130ran Seferi, y\u00f6neticilerin zevk ve sefa i\u00e7inde ya\u015famas\u0131, liyakatsiz atamalar ve esnaf\u0131n zorluklar\u0131 ayaklanmay\u0131 tetikledi.<\/li>\n<li>Patrona Halil liderli\u011findeki isyan; esnaf, halk ve baz\u0131 uleman\u0131n kat\u0131l\u0131m\u0131yla yay\u0131ld\u0131.<\/li>\n<li>III. Ahmet tahttan ayr\u0131ld\u0131; k\u00f6\u015fkler ve lale bah\u00e7eleri tahrip edildi, I. Mahmut daha sonra merkez\u00ee otoriteyi sa\u011flad\u0131.<\/li>\n<\/ul>\n<aside class=\"tk-bilgi-kutusu\" role=\"note\" aria-label=\"Patrona Halil \u0130syan\u0131 ve Lale Devri\u2019nin Sonu - tablo 12\">\n<div class=\"tk-bilgi-etiket\"><p class=\"tk-hucre-metin\"><strong>SINAV NOTU<\/strong><\/p><\/div>\n<div class=\"tk-bilgi-icerik\"><p class=\"tk-hucre-metin\">Patrona Halil \u0130syan\u0131 1730\u2019da Lale Devri\u2019ni sona erdirdi.<\/p>\n<p class=\"tk-hucre-metin\">III. Ahmet tahttan ayr\u0131ld\u0131; I. Mahmut daha sonra merkez\u00ee otoriteyi sa\u011flad\u0131.<\/p><\/div>\n<\/aside>\n<\/section>\n<section class=\"tk-kart\" aria-labelledby=\"tk-1-2-lale-devri-degisim-tablosu\">\n<h2 id=\"tk-1-2-lale-devri-degisim-tablosu\"><strong>Lale Devri De\u011fi\u015fim <\/strong><strong>Tablosu<\/strong><\/h2>\n<div class=\"tk-tablo-kapsayici tk-cok-sutun\" role=\"region\" aria-label=\"Lale Devri De\u011fi\u015fim Tablosu - tablo 13\">\n<table class=\"tk-tablosu\">\n<thead>\n<tr>\n<th scope=\"col\"><p class=\"tk-hucre-metin\"><strong>Alan<\/strong><\/p><\/th>\n<th scope=\"col\"><p class=\"tk-hucre-metin\"><strong>De\u011fi\u015fim unsuru<\/strong><\/p><\/th>\n<th scope=\"col\"><p class=\"tk-hucre-metin\"><strong>Etkisi<\/strong><\/p><\/th>\n<\/tr>\n<\/thead>\n<tbody>\n<tr>\n<td data-label=\"Alan\"><p class=\"tk-hucre-metin\"><strong>Diplomasi<\/strong><\/p><\/td>\n<td data-label=\"De\u011fi\u015fim unsuru\"><p class=\"tk-hucre-metin\">Ge\u00e7ici el\u00e7ilikler ve bar\u0131\u015f odakl\u0131 siyaset.<\/p><\/td>\n<td data-label=\"Etkisi\"><p class=\"tk-hucre-metin\">Avrupa daha yak\u0131ndan tan\u0131nd\u0131; ticaret ve diplomasi geli\u015fti.<\/p><\/td>\n<\/tr>\n<tr>\n<td data-label=\"Alan\"><p class=\"tk-hucre-metin\"><strong>K\u00fclt\u00fcrel<\/strong><\/p><\/td>\n<td data-label=\"De\u011fi\u015fim unsuru\"><p class=\"tk-hucre-metin\">Matbaa, Terc\u00fcme Heyeti ve yeni k\u00fct\u00fcphaneler.<\/p><\/td>\n<td data-label=\"Etkisi\"><p class=\"tk-hucre-metin\">Bilginin \u00fcretilmesi, korunmas\u0131 ve yay\u0131lmas\u0131 h\u0131zland\u0131.<\/p><\/td>\n<\/tr>\n<tr>\n<td data-label=\"Alan\"><p class=\"tk-hucre-metin\"><strong>Mimari<\/strong><\/p><\/td>\n<td data-label=\"De\u011fi\u015fim unsuru\"><p class=\"tk-hucre-metin\">Sadabad, \u00e7e\u015fme ve k\u00f6\u015fkler; barok-rokoko etkisi.<\/p><\/td>\n<td data-label=\"Etkisi\"><p class=\"tk-hucre-metin\">\u015eehirler yenilendi; mimaride yeni ve estetik bir \u00fcslup olu\u015ftu.<\/p><\/td>\n<\/tr>\n<tr>\n<td data-label=\"Alan\"><p class=\"tk-hucre-metin\"><strong>Sanatsal<\/strong><\/p><\/td>\n<td data-label=\"De\u011fi\u015fim unsuru\"><p class=\"tk-hucre-metin\">Lale ve \u00e7i\u00e7ek motifleri, \u00e7ini; Nedim ve Levni\u2019nin eserleri.<\/p><\/td>\n<td data-label=\"Etkisi\"><p class=\"tk-hucre-metin\">Geleneksel sanat canland\u0131 ve Bat\u0131l\u0131 etkilerle \u00e7e\u015fitlendi.<\/p><\/td>\n<\/tr>\n<tr>\n<td data-label=\"Alan\"><p class=\"tk-hucre-metin\"><strong>Toplumsal<\/strong><\/p><\/td>\n<td data-label=\"De\u011fi\u015fim unsuru\"><p class=\"tk-hucre-metin\">Mesire ve \u015fenlikler; a\u015f\u0131, tulumbac\u0131lar, yeni ev ve giyim modas\u0131.<\/p><\/td>\n<td data-label=\"Etkisi\"><p class=\"tk-hucre-metin\">Sa\u011fl\u0131k ve g\u00fcvenlik geli\u015fti; kent ya\u015fam\u0131 ve t\u00fcketim al\u0131\u015fkanl\u0131klar\u0131 de\u011fi\u015fti.<\/p><\/td>\n<\/tr>\n<\/tbody>\n<\/table>\n<\/div>\n<\/section>\n<button class=\"tk-basa-don\" type=\"button\" aria-label=\"Ders notunun ba\u015f\u0131na d\u00f6n\">Ba\u015fa D\u00f6n<\/button>\n<\/article>\n<script>\n(() => {\n  'use strict';\n  document.querySelectorAll('.tk-ders-notu').forEach((root) => {\n    if (root.dataset.tkReady === 'true') return;\n    root.dataset.tkReady = 'true';\n    const printButton = root.querySelector('[data-tk-action=\"print\"]');\n    const tocButton = root.querySelector('[data-tk-action=\"toc\"]');\n    const toc = root.querySelector('.tk-icindekiler');\n    const topButton = root.querySelector('.tk-basa-don');\n    const progress = root.querySelector('.tk-ilerleme-cubugu');\n    const headings = Array.from(root.querySelectorAll('h2[id], h3[id]'));\n    const tocLinks = Array.from(root.querySelectorAll('.tk-icindekiler a[href^=\"#\"]'));\n\n    if (printButton) printButton.addEventListener('click', () => window.print());\n    if (tocButton && toc) tocButton.addEventListener('click', () => toc.scrollIntoView({ behavior: 'smooth', block: 'start' }));\n    if (topButton) topButton.addEventListener('click', () => root.scrollIntoView({ behavior: 'smooth', block: 'start' }));\n\n    tocLinks.forEach((link) => {\n      link.addEventListener('click', (event) => {\n        const id = link.getAttribute('href').slice(1);\n        const target = root.querySelector(`#${id}`);\n        if (!target) return;\n        event.preventDefault();\n        target.scrollIntoView({ behavior: 'smooth', block: 'start' });\n        if (window.history && window.history.replaceState) window.history.replaceState(null, '', `#${id}`);\n      });\n    });\n\n    const update = () => {\n      const start = root.getBoundingClientRect().top + window.scrollY;\n      const distance = Math.max(root.scrollHeight - window.innerHeight, 1);\n      const percent = Math.min(100, Math.max(0, ((window.scrollY - start) \/ distance) * 100));\n      if (progress) progress.style.width = `${percent}%`;\n      if (topButton) topButton.classList.toggle('tk-gorunur', window.scrollY > start + 500);\n\n      let active = headings[0] || null;\n      headings.forEach((heading) => {\n        if (heading.getBoundingClientRect().top <= 150) active = heading;\n      });\n      tocLinks.forEach((link) => {\n        const current = Boolean(active && link.getAttribute('href') === `#${active.id}`);\n        if (current) link.setAttribute('aria-current', 'true');\n        else link.removeAttribute('aria-current');\n      });\n    };\n\n    let ticking = false;\n    const requestUpdate = () => {\n      if (ticking) return;\n      ticking = true;\n      window.requestAnimationFrame(() => {\n        update();\n        ticking = false;\n      });\n    };\n    window.addEventListener('scroll', requestUpdate, { passive: true });\n    window.addEventListener('resize', requestUpdate);\n    update();\n  });\n})();\n<\/script>\n","protected":false},"excerpt":{"rendered":"<div class=\"mh-excerpt\"><p>S\u0131n\u0131f: 11. S\u0131n\u0131f Ders: Tarih \u00dcnite: DE\u011e\u0130\u015eEN D\u00dcNYADA OSMANLI DEVLET\u0130 (1683-1789) \u00d6\u011frenme \u00c7\u0131kt\u0131s\u0131: Lale Devri\u2019nin Devlet ve Toplum Hayat\u0131na Etkileri 11. S\u0131n\u0131f Tarih \u2022 \u00d6\u011frenme <a class=\"mh-excerpt-more\" href=\"https:\/\/tarihkursu.com\/index.php\/2026\/08\/27\/1-2-lale-devri-devlet-toplum-hayatina-etkileri\/\" title=\"Lale Devri\u2019nin Devlet ve Toplum Hayat\u0131na Etkileri | 11. S\u0131n\u0131f Tarih &#8211; Maarif Model Tarih Ders Notu\">[&#8230;]<\/a><\/p>\n<\/div>","protected":false},"author":2,"featured_media":1340,"comment_status":"open","ping_status":"open","sticky":false,"template":"","format":"standard","meta":{"_regular_price":[],"currency_symbol":[],"footnotes":""},"categories":[160],"tags":[231],"class_list":["post-3614","post","type-post","status-publish","format-standard","has-post-thumbnail","hentry","category-11-sinif-tarih-ders-notlari","tag-11-sinif-tarih-3"],"post_slider_layout_featured_media_urls":{"thumbnail":["https:\/\/tarihkursu.com\/wp-content\/uploads\/2024\/10\/11.SINIF-TARIH-NOTLAR-150x150.png",150,150,true],"post_slider_layout_landscape_large":["https:\/\/tarihkursu.com\/wp-content\/uploads\/2024\/10\/11.SINIF-TARIH-NOTLAR-1200x720.png",1200,720,true],"post_slider_layout_portrait_large":["https:\/\/tarihkursu.com\/wp-content\/uploads\/2024\/10\/11.SINIF-TARIH-NOTLAR-1200x720.png",1200,720,true],"post_slider_layout_square_large":["https:\/\/tarihkursu.com\/wp-content\/uploads\/2024\/10\/11.SINIF-TARIH-NOTLAR-1200x720.png",1200,720,true],"post_slider_layout_landscape":["https:\/\/tarihkursu.com\/wp-content\/uploads\/2024\/10\/11.SINIF-TARIH-NOTLAR-600x400.png",600,400,true],"post_slider_layout_portrait":["https:\/\/tarihkursu.com\/wp-content\/uploads\/2024\/10\/11.SINIF-TARIH-NOTLAR-600x720.png",600,720,true],"post_slider_layout_square":["https:\/\/tarihkursu.com\/wp-content\/uploads\/2024\/10\/11.SINIF-TARIH-NOTLAR-600x600.png",600,600,true],"full":["https:\/\/tarihkursu.com\/wp-content\/uploads\/2024\/10\/11.SINIF-TARIH-NOTLAR.png",1280,720,false]},"yoast_head":"<!-- This site is optimized with the Yoast SEO plugin v28.3 - https:\/\/yoast.com\/product\/yoast-seo-wordpress\/ -->\n<title>Lale Devri\u2019nin Devlet ve Toplum Hayat\u0131na Etkileri | 11. S\u0131n\u0131f Tarih - Maarif Model Tarih Ders Notu<\/title>\n<meta name=\"description\" content=\"11. s\u0131n\u0131f Lale Devri ders notu: d\u00f6nemin y\u00f6netimi, yenilikleri, k\u00fclt\u00fcr hayat\u0131 ve toplumsal etkileri bir arada.\" \/>\n<meta name=\"robots\" content=\"index, follow, max-snippet:-1, max-image-preview:large, max-video-preview:-1\" \/>\n<link rel=\"canonical\" href=\"https:\/\/tarihkursu.com\/index.php\/2026\/08\/27\/1-2-lale-devri-devlet-toplum-hayatina-etkileri\/\" \/>\n<meta property=\"og:locale\" content=\"tr_TR\" \/>\n<meta property=\"og:type\" content=\"article\" \/>\n<meta property=\"og:title\" content=\"Lale Devri\u2019nin Devlet ve Toplum Hayat\u0131na Etkileri | 11. S\u0131n\u0131f Tarih - Maarif Model Tarih Ders Notu\" \/>\n<meta property=\"og:description\" content=\"11. s\u0131n\u0131f Lale Devri ders notu: d\u00f6nemin y\u00f6netimi, yenilikleri, k\u00fclt\u00fcr hayat\u0131 ve toplumsal etkileri bir arada.\" \/>\n<meta property=\"og:url\" content=\"https:\/\/tarihkursu.com\/index.php\/2026\/08\/27\/1-2-lale-devri-devlet-toplum-hayatina-etkileri\/\" \/>\n<meta property=\"og:site_name\" content=\"tarihkursu.com\" \/>\n<meta property=\"article:published_time\" content=\"2026-08-27T12:44:24+00:00\" \/>\n<meta property=\"og:image\" content=\"https:\/\/tarihkursu.com\/wp-content\/uploads\/2024\/10\/11.SINIF-TARIH-NOTLAR.png\" \/>\n\t<meta property=\"og:image:width\" content=\"1280\" \/>\n\t<meta property=\"og:image:height\" content=\"720\" \/>\n\t<meta property=\"og:image:type\" content=\"image\/png\" \/>\n<meta name=\"author\" content=\"tarihkursu\" \/>\n<meta name=\"twitter:card\" content=\"summary_large_image\" \/>\n<meta name=\"twitter:label1\" content=\"Yazan:\" \/>\n\t<meta name=\"twitter:data1\" content=\"tarihkursu\" \/>\n\t<meta name=\"twitter:label2\" content=\"Tahmini okuma s\u00fcresi\" \/>\n\t<meta name=\"twitter:data2\" content=\"9 dakika\" \/>\n<script type=\"application\/ld+json\" class=\"yoast-schema-graph\">{\"@context\":\"https:\\\/\\\/schema.org\",\"@graph\":[{\"@type\":\"Article\",\"@id\":\"https:\\\/\\\/tarihkursu.com\\\/index.php\\\/2026\\\/08\\\/27\\\/1-2-lale-devri-devlet-toplum-hayatina-etkileri\\\/#article\",\"isPartOf\":{\"@id\":\"https:\\\/\\\/tarihkursu.com\\\/index.php\\\/2026\\\/08\\\/27\\\/1-2-lale-devri-devlet-toplum-hayatina-etkileri\\\/\"},\"author\":{\"name\":\"tarihkursu\",\"@id\":\"https:\\\/\\\/tarihkursu.com\\\/#\\\/schema\\\/person\\\/d0f9105e31352dbe9f08d098ffb8c878\"},\"headline\":\"Lale Devri\u2019nin Devlet ve Toplum Hayat\u0131na Etkileri | 11. S\u0131n\u0131f Tarih &#8211; Maarif Model Tarih Ders Notu\",\"datePublished\":\"2026-08-27T12:44:24+00:00\",\"mainEntityOfPage\":{\"@id\":\"https:\\\/\\\/tarihkursu.com\\\/index.php\\\/2026\\\/08\\\/27\\\/1-2-lale-devri-devlet-toplum-hayatina-etkileri\\\/\"},\"wordCount\":2108,\"commentCount\":0,\"publisher\":{\"@id\":\"https:\\\/\\\/tarihkursu.com\\\/#\\\/schema\\\/person\\\/4d7bdc3b79e9f5198455474c0f203f3c\"},\"image\":{\"@id\":\"https:\\\/\\\/tarihkursu.com\\\/index.php\\\/2026\\\/08\\\/27\\\/1-2-lale-devri-devlet-toplum-hayatina-etkileri\\\/#primaryimage\"},\"thumbnailUrl\":\"https:\\\/\\\/tarihkursu.com\\\/wp-content\\\/uploads\\\/2024\\\/10\\\/11.SINIF-TARIH-NOTLAR.png\",\"keywords\":[\"11.s\u0131n\u0131f tarih\"],\"articleSection\":[\"11. S\u0131n\u0131f Tarih DERS NOTLARI\"],\"inLanguage\":\"tr\",\"potentialAction\":[{\"@type\":\"CommentAction\",\"name\":\"Comment\",\"target\":[\"https:\\\/\\\/tarihkursu.com\\\/index.php\\\/2026\\\/08\\\/27\\\/1-2-lale-devri-devlet-toplum-hayatina-etkileri\\\/#respond\"]}]},{\"@type\":\"WebPage\",\"@id\":\"https:\\\/\\\/tarihkursu.com\\\/index.php\\\/2026\\\/08\\\/27\\\/1-2-lale-devri-devlet-toplum-hayatina-etkileri\\\/\",\"url\":\"https:\\\/\\\/tarihkursu.com\\\/index.php\\\/2026\\\/08\\\/27\\\/1-2-lale-devri-devlet-toplum-hayatina-etkileri\\\/\",\"name\":\"Lale Devri\u2019nin Devlet ve Toplum Hayat\u0131na Etkileri | 11. S\u0131n\u0131f Tarih - Maarif Model Tarih Ders Notu\",\"isPartOf\":{\"@id\":\"https:\\\/\\\/tarihkursu.com\\\/#website\"},\"primaryImageOfPage\":{\"@id\":\"https:\\\/\\\/tarihkursu.com\\\/index.php\\\/2026\\\/08\\\/27\\\/1-2-lale-devri-devlet-toplum-hayatina-etkileri\\\/#primaryimage\"},\"image\":{\"@id\":\"https:\\\/\\\/tarihkursu.com\\\/index.php\\\/2026\\\/08\\\/27\\\/1-2-lale-devri-devlet-toplum-hayatina-etkileri\\\/#primaryimage\"},\"thumbnailUrl\":\"https:\\\/\\\/tarihkursu.com\\\/wp-content\\\/uploads\\\/2024\\\/10\\\/11.SINIF-TARIH-NOTLAR.png\",\"datePublished\":\"2026-08-27T12:44:24+00:00\",\"description\":\"11. s\u0131n\u0131f Lale Devri ders notu: d\u00f6nemin y\u00f6netimi, yenilikleri, k\u00fclt\u00fcr hayat\u0131 ve toplumsal etkileri bir arada.\",\"breadcrumb\":{\"@id\":\"https:\\\/\\\/tarihkursu.com\\\/index.php\\\/2026\\\/08\\\/27\\\/1-2-lale-devri-devlet-toplum-hayatina-etkileri\\\/#breadcrumb\"},\"inLanguage\":\"tr\",\"potentialAction\":[{\"@type\":\"ReadAction\",\"target\":[\"https:\\\/\\\/tarihkursu.com\\\/index.php\\\/2026\\\/08\\\/27\\\/1-2-lale-devri-devlet-toplum-hayatina-etkileri\\\/\"]}]},{\"@type\":\"ImageObject\",\"inLanguage\":\"tr\",\"@id\":\"https:\\\/\\\/tarihkursu.com\\\/index.php\\\/2026\\\/08\\\/27\\\/1-2-lale-devri-devlet-toplum-hayatina-etkileri\\\/#primaryimage\",\"url\":\"https:\\\/\\\/tarihkursu.com\\\/wp-content\\\/uploads\\\/2024\\\/10\\\/11.SINIF-TARIH-NOTLAR.png\",\"contentUrl\":\"https:\\\/\\\/tarihkursu.com\\\/wp-content\\\/uploads\\\/2024\\\/10\\\/11.SINIF-TARIH-NOTLAR.png\",\"width\":1280,\"height\":720,\"caption\":\"11. s\u0131n\u0131f ders notlar\u0131\"},{\"@type\":\"BreadcrumbList\",\"@id\":\"https:\\\/\\\/tarihkursu.com\\\/index.php\\\/2026\\\/08\\\/27\\\/1-2-lale-devri-devlet-toplum-hayatina-etkileri\\\/#breadcrumb\",\"itemListElement\":[{\"@type\":\"ListItem\",\"position\":1,\"name\":\"Anasayfa\",\"item\":\"https:\\\/\\\/tarihkursu.com\\\/\"},{\"@type\":\"ListItem\",\"position\":2,\"name\":\"Lale Devri\u2019nin Devlet ve Toplum Hayat\u0131na Etkileri | 11. S\u0131n\u0131f Tarih &#8211; Maarif Model Tarih Ders Notu\"}]},{\"@type\":\"WebSite\",\"@id\":\"https:\\\/\\\/tarihkursu.com\\\/#website\",\"url\":\"https:\\\/\\\/tarihkursu.com\\\/\",\"name\":\"Tarih Kursu\",\"description\":\"\u0130\u015fimiz G\u00fcc\u00fcm\u00fcz Tarih\",\"publisher\":{\"@id\":\"https:\\\/\\\/tarihkursu.com\\\/#\\\/schema\\\/person\\\/4d7bdc3b79e9f5198455474c0f203f3c\"},\"potentialAction\":[{\"@type\":\"SearchAction\",\"target\":{\"@type\":\"EntryPoint\",\"urlTemplate\":\"https:\\\/\\\/tarihkursu.com\\\/?s={search_term_string}\"},\"query-input\":{\"@type\":\"PropertyValueSpecification\",\"valueRequired\":true,\"valueName\":\"search_term_string\"}}],\"inLanguage\":\"tr\"},{\"@type\":[\"Person\",\"Organization\"],\"@id\":\"https:\\\/\\\/tarihkursu.com\\\/#\\\/schema\\\/person\\\/4d7bdc3b79e9f5198455474c0f203f3c\",\"name\":\"admin\",\"image\":{\"@type\":\"ImageObject\",\"inLanguage\":\"tr\",\"@id\":\"https:\\\/\\\/tarihkursu.com\\\/wp-content\\\/uploads\\\/2024\\\/10\\\/TARIHKURSU-Kopyasi.png\",\"url\":\"https:\\\/\\\/tarihkursu.com\\\/wp-content\\\/uploads\\\/2024\\\/10\\\/TARIHKURSU-Kopyasi.png\",\"contentUrl\":\"https:\\\/\\\/tarihkursu.com\\\/wp-content\\\/uploads\\\/2024\\\/10\\\/TARIHKURSU-Kopyasi.png\",\"width\":1080,\"height\":1080,\"caption\":\"admin\"},\"logo\":{\"@id\":\"https:\\\/\\\/tarihkursu.com\\\/wp-content\\\/uploads\\\/2024\\\/10\\\/TARIHKURSU-Kopyasi.png\"},\"sameAs\":[\"https:\\\/\\\/tarihkursu.com\"]},{\"@type\":\"Person\",\"@id\":\"https:\\\/\\\/tarihkursu.com\\\/#\\\/schema\\\/person\\\/d0f9105e31352dbe9f08d098ffb8c878\",\"name\":\"tarihkursu\",\"image\":{\"@type\":\"ImageObject\",\"inLanguage\":\"tr\",\"@id\":\"https:\\\/\\\/secure.gravatar.com\\\/avatar\\\/1354763acbc865faa7650c3e1e4431f187276d71f132349411302a546cdeae54?s=96&d=mm&r=g\",\"url\":\"https:\\\/\\\/secure.gravatar.com\\\/avatar\\\/1354763acbc865faa7650c3e1e4431f187276d71f132349411302a546cdeae54?s=96&d=mm&r=g\",\"contentUrl\":\"https:\\\/\\\/secure.gravatar.com\\\/avatar\\\/1354763acbc865faa7650c3e1e4431f187276d71f132349411302a546cdeae54?s=96&d=mm&r=g\",\"caption\":\"tarihkursu\"},\"url\":\"https:\\\/\\\/tarihkursu.com\\\/index.php\\\/author\\\/tarihkursu\\\/\"}]}<\/script>\n<!-- \/ Yoast SEO plugin. -->","yoast_head_json":{"title":"Lale Devri\u2019nin Devlet ve Toplum Hayat\u0131na Etkileri | 11. S\u0131n\u0131f Tarih - Maarif Model Tarih Ders Notu","description":"11. s\u0131n\u0131f Lale Devri ders notu: d\u00f6nemin y\u00f6netimi, yenilikleri, k\u00fclt\u00fcr hayat\u0131 ve toplumsal etkileri bir arada.","robots":{"index":"index","follow":"follow","max-snippet":"max-snippet:-1","max-image-preview":"max-image-preview:large","max-video-preview":"max-video-preview:-1"},"canonical":"https:\/\/tarihkursu.com\/index.php\/2026\/08\/27\/1-2-lale-devri-devlet-toplum-hayatina-etkileri\/","og_locale":"tr_TR","og_type":"article","og_title":"Lale Devri\u2019nin Devlet ve Toplum Hayat\u0131na Etkileri | 11. S\u0131n\u0131f Tarih - Maarif Model Tarih Ders Notu","og_description":"11. s\u0131n\u0131f Lale Devri ders notu: d\u00f6nemin y\u00f6netimi, yenilikleri, k\u00fclt\u00fcr hayat\u0131 ve toplumsal etkileri bir arada.","og_url":"https:\/\/tarihkursu.com\/index.php\/2026\/08\/27\/1-2-lale-devri-devlet-toplum-hayatina-etkileri\/","og_site_name":"tarihkursu.com","article_published_time":"2026-08-27T12:44:24+00:00","og_image":[{"width":1280,"height":720,"url":"https:\/\/tarihkursu.com\/wp-content\/uploads\/2024\/10\/11.SINIF-TARIH-NOTLAR.png","type":"image\/png"}],"author":"tarihkursu","twitter_card":"summary_large_image","twitter_misc":{"Yazan:":"tarihkursu","Tahmini okuma s\u00fcresi":"9 dakika"},"schema":{"@context":"https:\/\/schema.org","@graph":[{"@type":"Article","@id":"https:\/\/tarihkursu.com\/index.php\/2026\/08\/27\/1-2-lale-devri-devlet-toplum-hayatina-etkileri\/#article","isPartOf":{"@id":"https:\/\/tarihkursu.com\/index.php\/2026\/08\/27\/1-2-lale-devri-devlet-toplum-hayatina-etkileri\/"},"author":{"name":"tarihkursu","@id":"https:\/\/tarihkursu.com\/#\/schema\/person\/d0f9105e31352dbe9f08d098ffb8c878"},"headline":"Lale Devri\u2019nin Devlet ve Toplum Hayat\u0131na Etkileri | 11. S\u0131n\u0131f Tarih &#8211; Maarif Model Tarih Ders Notu","datePublished":"2026-08-27T12:44:24+00:00","mainEntityOfPage":{"@id":"https:\/\/tarihkursu.com\/index.php\/2026\/08\/27\/1-2-lale-devri-devlet-toplum-hayatina-etkileri\/"},"wordCount":2108,"commentCount":0,"publisher":{"@id":"https:\/\/tarihkursu.com\/#\/schema\/person\/4d7bdc3b79e9f5198455474c0f203f3c"},"image":{"@id":"https:\/\/tarihkursu.com\/index.php\/2026\/08\/27\/1-2-lale-devri-devlet-toplum-hayatina-etkileri\/#primaryimage"},"thumbnailUrl":"https:\/\/tarihkursu.com\/wp-content\/uploads\/2024\/10\/11.SINIF-TARIH-NOTLAR.png","keywords":["11.s\u0131n\u0131f tarih"],"articleSection":["11. S\u0131n\u0131f Tarih DERS NOTLARI"],"inLanguage":"tr","potentialAction":[{"@type":"CommentAction","name":"Comment","target":["https:\/\/tarihkursu.com\/index.php\/2026\/08\/27\/1-2-lale-devri-devlet-toplum-hayatina-etkileri\/#respond"]}]},{"@type":"WebPage","@id":"https:\/\/tarihkursu.com\/index.php\/2026\/08\/27\/1-2-lale-devri-devlet-toplum-hayatina-etkileri\/","url":"https:\/\/tarihkursu.com\/index.php\/2026\/08\/27\/1-2-lale-devri-devlet-toplum-hayatina-etkileri\/","name":"Lale Devri\u2019nin Devlet ve Toplum Hayat\u0131na Etkileri | 11. S\u0131n\u0131f Tarih - Maarif Model Tarih Ders Notu","isPartOf":{"@id":"https:\/\/tarihkursu.com\/#website"},"primaryImageOfPage":{"@id":"https:\/\/tarihkursu.com\/index.php\/2026\/08\/27\/1-2-lale-devri-devlet-toplum-hayatina-etkileri\/#primaryimage"},"image":{"@id":"https:\/\/tarihkursu.com\/index.php\/2026\/08\/27\/1-2-lale-devri-devlet-toplum-hayatina-etkileri\/#primaryimage"},"thumbnailUrl":"https:\/\/tarihkursu.com\/wp-content\/uploads\/2024\/10\/11.SINIF-TARIH-NOTLAR.png","datePublished":"2026-08-27T12:44:24+00:00","description":"11. s\u0131n\u0131f Lale Devri ders notu: d\u00f6nemin y\u00f6netimi, yenilikleri, k\u00fclt\u00fcr hayat\u0131 ve toplumsal etkileri bir arada.","breadcrumb":{"@id":"https:\/\/tarihkursu.com\/index.php\/2026\/08\/27\/1-2-lale-devri-devlet-toplum-hayatina-etkileri\/#breadcrumb"},"inLanguage":"tr","potentialAction":[{"@type":"ReadAction","target":["https:\/\/tarihkursu.com\/index.php\/2026\/08\/27\/1-2-lale-devri-devlet-toplum-hayatina-etkileri\/"]}]},{"@type":"ImageObject","inLanguage":"tr","@id":"https:\/\/tarihkursu.com\/index.php\/2026\/08\/27\/1-2-lale-devri-devlet-toplum-hayatina-etkileri\/#primaryimage","url":"https:\/\/tarihkursu.com\/wp-content\/uploads\/2024\/10\/11.SINIF-TARIH-NOTLAR.png","contentUrl":"https:\/\/tarihkursu.com\/wp-content\/uploads\/2024\/10\/11.SINIF-TARIH-NOTLAR.png","width":1280,"height":720,"caption":"11. s\u0131n\u0131f ders notlar\u0131"},{"@type":"BreadcrumbList","@id":"https:\/\/tarihkursu.com\/index.php\/2026\/08\/27\/1-2-lale-devri-devlet-toplum-hayatina-etkileri\/#breadcrumb","itemListElement":[{"@type":"ListItem","position":1,"name":"Anasayfa","item":"https:\/\/tarihkursu.com\/"},{"@type":"ListItem","position":2,"name":"Lale Devri\u2019nin Devlet ve Toplum Hayat\u0131na Etkileri | 11. S\u0131n\u0131f Tarih &#8211; Maarif Model Tarih Ders Notu"}]},{"@type":"WebSite","@id":"https:\/\/tarihkursu.com\/#website","url":"https:\/\/tarihkursu.com\/","name":"Tarih Kursu","description":"\u0130\u015fimiz G\u00fcc\u00fcm\u00fcz Tarih","publisher":{"@id":"https:\/\/tarihkursu.com\/#\/schema\/person\/4d7bdc3b79e9f5198455474c0f203f3c"},"potentialAction":[{"@type":"SearchAction","target":{"@type":"EntryPoint","urlTemplate":"https:\/\/tarihkursu.com\/?s={search_term_string}"},"query-input":{"@type":"PropertyValueSpecification","valueRequired":true,"valueName":"search_term_string"}}],"inLanguage":"tr"},{"@type":["Person","Organization"],"@id":"https:\/\/tarihkursu.com\/#\/schema\/person\/4d7bdc3b79e9f5198455474c0f203f3c","name":"admin","image":{"@type":"ImageObject","inLanguage":"tr","@id":"https:\/\/tarihkursu.com\/wp-content\/uploads\/2024\/10\/TARIHKURSU-Kopyasi.png","url":"https:\/\/tarihkursu.com\/wp-content\/uploads\/2024\/10\/TARIHKURSU-Kopyasi.png","contentUrl":"https:\/\/tarihkursu.com\/wp-content\/uploads\/2024\/10\/TARIHKURSU-Kopyasi.png","width":1080,"height":1080,"caption":"admin"},"logo":{"@id":"https:\/\/tarihkursu.com\/wp-content\/uploads\/2024\/10\/TARIHKURSU-Kopyasi.png"},"sameAs":["https:\/\/tarihkursu.com"]},{"@type":"Person","@id":"https:\/\/tarihkursu.com\/#\/schema\/person\/d0f9105e31352dbe9f08d098ffb8c878","name":"tarihkursu","image":{"@type":"ImageObject","inLanguage":"tr","@id":"https:\/\/secure.gravatar.com\/avatar\/1354763acbc865faa7650c3e1e4431f187276d71f132349411302a546cdeae54?s=96&d=mm&r=g","url":"https:\/\/secure.gravatar.com\/avatar\/1354763acbc865faa7650c3e1e4431f187276d71f132349411302a546cdeae54?s=96&d=mm&r=g","contentUrl":"https:\/\/secure.gravatar.com\/avatar\/1354763acbc865faa7650c3e1e4431f187276d71f132349411302a546cdeae54?s=96&d=mm&r=g","caption":"tarihkursu"},"url":"https:\/\/tarihkursu.com\/index.php\/author\/tarihkursu\/"}]}},"_links":{"self":[{"href":"https:\/\/tarihkursu.com\/index.php\/wp-json\/wp\/v2\/posts\/3614","targetHints":{"allow":["GET"]}}],"collection":[{"href":"https:\/\/tarihkursu.com\/index.php\/wp-json\/wp\/v2\/posts"}],"about":[{"href":"https:\/\/tarihkursu.com\/index.php\/wp-json\/wp\/v2\/types\/post"}],"author":[{"embeddable":true,"href":"https:\/\/tarihkursu.com\/index.php\/wp-json\/wp\/v2\/users\/2"}],"replies":[{"embeddable":true,"href":"https:\/\/tarihkursu.com\/index.php\/wp-json\/wp\/v2\/comments?post=3614"}],"version-history":[{"count":1,"href":"https:\/\/tarihkursu.com\/index.php\/wp-json\/wp\/v2\/posts\/3614\/revisions"}],"predecessor-version":[{"id":3615,"href":"https:\/\/tarihkursu.com\/index.php\/wp-json\/wp\/v2\/posts\/3614\/revisions\/3615"}],"wp:featuredmedia":[{"embeddable":true,"href":"https:\/\/tarihkursu.com\/index.php\/wp-json\/wp\/v2\/media\/1340"}],"wp:attachment":[{"href":"https:\/\/tarihkursu.com\/index.php\/wp-json\/wp\/v2\/media?parent=3614"}],"wp:term":[{"taxonomy":"category","embeddable":true,"href":"https:\/\/tarihkursu.com\/index.php\/wp-json\/wp\/v2\/categories?post=3614"},{"taxonomy":"post_tag","embeddable":true,"href":"https:\/\/tarihkursu.com\/index.php\/wp-json\/wp\/v2\/tags?post=3614"}],"curies":[{"name":"wp","href":"https:\/\/api.w.org\/{rel}","templated":true}]}}