{"id":3616,"date":"2026-08-27T15:46:19","date_gmt":"2026-08-27T12:46:19","guid":{"rendered":"https:\/\/tarihkursu.com\/?p=3616"},"modified":"2026-08-27T15:46:19","modified_gmt":"2026-08-27T12:46:19","slug":"1-3-1755-lizbon-1766-istanbul-depremlerinin-etkileri","status":"publish","type":"post","link":"https:\/\/tarihkursu.com\/index.php\/2026\/08\/27\/1-3-1755-lizbon-1766-istanbul-depremlerinin-etkileri\/","title":{"rendered":"1755 Lizbon ve 1766 \u0130stanbul Depremlerinin Etkileri | 11. S\u0131n\u0131f Tarih &#8211; Maarif Model Tarih Ders Notu"},"content":{"rendered":"\n<p class=\"wp-block-paragraph\"><strong>S\u0131n\u0131f:<\/strong> 11. S\u0131n\u0131f<\/p>\n\n\n\n<p class=\"wp-block-paragraph\"><strong>Ders:<\/strong> Tarih<\/p>\n\n\n\n<p class=\"wp-block-paragraph\"><strong>\u00dcnite:<\/strong> DE\u011e\u0130\u015eEN D\u00dcNYADA OSMANLI DEVLET\u0130 (1683-1789)<\/p>\n\n\n\n<p class=\"wp-block-paragraph\"><strong>\u00d6\u011frenme \u00c7\u0131kt\u0131s\u0131:<\/strong> 1755 Lizbon ve 1766 \u0130stanbul Depremlerinin Etkileri<\/p>\n\n\n\n<style>\n.tk-ders-notu,\n.tk-ders-notu * { box-sizing: border-box; }\n.tk-ders-notu {\n  --tk-lacivert: #173b67;\n  --tk-turkuaz: #087f8c;\n  --tk-bordo: #8a2638;\n  --tk-altin: #d9a514;\n  --tk-acik-mavi: #eef7ff;\n  --tk-acik-turkuaz: #e9fbfa;\n  --tk-acik-sari: #fff8dc;\n  --tk-metin: #1f2937;\n  width: 100%;\n  max-width: 1100px;\n  min-width: 0;\n  margin: 0 auto;\n  color: var(--tk-metin);\n  font-family: Arial, Helvetica, sans-serif;\n  font-size: 17px;\n  line-height: 1.72;\n  overflow-wrap: anywhere;\n  word-wrap: break-word;\n  hyphens: auto;\n}\n.tk-ders-notu .tk-ilerleme-iz {\n  position: sticky;\n  top: 0;\n  z-index: 20;\n  width: 100%;\n  height: 6px;\n  overflow: hidden;\n  border-radius: 999px;\n  background: #dce8f2;\n}\n.tk-ders-notu .tk-ilerleme-cubugu {\n  display: block;\n  width: 0;\n  height: 100%;\n  background: linear-gradient(90deg, var(--tk-turkuaz), var(--tk-altin));\n}\n.tk-ders-notu .tk-ust-kart {\n  margin: 12px 0 22px;\n  padding: clamp(20px, 4vw, 38px);\n  border-bottom: 6px solid var(--tk-altin);\n  border-radius: 18px;\n  color: #ffffff;\n  background: linear-gradient(135deg, #173b67, #205684);\n  box-shadow: 0 12px 28px rgba(23, 59, 103, .16);\n}\n.tk-ders-notu .tk-kod {\n  margin: 0 0 7px;\n  color: #ffdf75;\n  font-size: .85em;\n  font-weight: 800;\n  letter-spacing: .08em;\n  text-transform: uppercase;\n}\n.tk-ders-notu .tk-ana-baslik {\n  margin: 0;\n  color: #ffffff;\n  font-size: clamp(1.55rem, 4vw, 2.35rem);\n  font-weight: 800;\n  line-height: 1.22;\n}\n.tk-ders-notu .tk-seo-giris {\n  margin: 18px 0 0;\n  color: #f2f7fb;\n  font-size: 1em;\n}\n.tk-ders-notu .tk-eylem-cubugu {\n  display: flex;\n  flex-wrap: wrap;\n  gap: 10px;\n  margin: 0 0 18px;\n}\n.tk-ders-notu .tk-dugme {\n  min-height: 44px;\n  padding: 9px 16px;\n  border: 2px solid var(--tk-turkuaz);\n  border-radius: 10px;\n  color: #ffffff;\n  background: var(--tk-turkuaz);\n  font: inherit;\n  font-weight: 700;\n  line-height: 1.25;\n  cursor: pointer;\n}\n.tk-ders-notu .tk-dugme:hover { background: #056c76; }\n.tk-ders-notu .tk-dugme:focus-visible,\n.tk-ders-notu .tk-icindekiler a:focus-visible,\n.tk-ders-notu .tk-basa-don:focus-visible {\n  outline: 4px solid var(--tk-altin);\n  outline-offset: 3px;\n}\n.tk-ders-notu .tk-icindekiler {\n  width: 100%;\n  min-width: 0;\n  margin: 0 0 24px;\n  padding: 18px 20px;\n  border: 1px solid #b9dfe1;\n  border-left: 6px solid var(--tk-turkuaz);\n  border-radius: 14px;\n  background: var(--tk-acik-turkuaz);\n}\n.tk-ders-notu .tk-icindekiler-baslik {\n  margin: 0 0 8px;\n  color: var(--tk-lacivert);\n  font-size: 1.2em;\n  font-weight: 800;\n}\n.tk-ders-notu .tk-icindekiler ul {\n  margin: 0;\n  padding-left: 1.25em;\n}\n.tk-ders-notu .tk-icindekiler li { margin: 4px 0; }\n.tk-ders-notu .tk-icindekiler .tk-alt-baslik-baglantisi { margin-left: 1em; }\n.tk-ders-notu .tk-icindekiler a {\n  color: #075f69;\n  font-weight: 700;\n  text-decoration-thickness: 2px;\n  text-underline-offset: 3px;\n}\n.tk-ders-notu .tk-icindekiler a[aria-current=\"true\"] {\n  color: var(--tk-bordo);\n  background: #fff1f3;\n  border-radius: 5px;\n  box-shadow: 0 0 0 3px #fff1f3;\n}\n.tk-ders-notu .tk-kart {\n  width: 100%;\n  min-width: 0;\n  margin: 0 0 22px;\n  padding: clamp(17px, 3vw, 28px);\n  border: 1px solid #dbe6ee;\n  border-radius: 16px;\n  background: #ffffff;\n  box-shadow: 0 8px 22px rgba(23, 59, 103, .08);\n}\n.tk-ders-notu .tk-kart-giris { background: var(--tk-acik-mavi); }\n.tk-ders-notu h2,\n.tk-ders-notu h3 {\n  scroll-margin-top: 24px;\n  overflow-wrap: anywhere;\n}\n.tk-ders-notu h2 {\n  margin: 0 0 16px;\n  padding-bottom: 8px;\n  border-bottom: 4px solid var(--tk-altin);\n  color: var(--tk-lacivert);\n  font-size: clamp(1.3rem, 3vw, 1.72rem);\n  font-weight: 800;\n  line-height: 1.3;\n}\n.tk-ders-notu h3 {\n  margin: 24px 0 10px;\n  color: var(--tk-bordo);\n  font-size: clamp(1.1rem, 2.5vw, 1.35rem);\n  font-weight: 800;\n  line-height: 1.35;\n}\n.tk-ders-notu .tk-metin,\n.tk-ders-notu .tk-gorsel-aciklamasi { margin: 0 0 13px; }\n.tk-ders-notu .tk-gorsel-aciklamasi {\n  padding: 10px 14px;\n  border-left: 4px solid var(--tk-altin);\n  color: #34495e;\n  background: var(--tk-acik-sari);\n  font-size: .95em;\n  font-style: italic;\n}\n.tk-ders-notu .tk-liste {\n  display: grid;\n  gap: 9px;\n  margin: 12px 0 18px;\n  padding: 0;\n  list-style: none;\n}\n.tk-ders-notu .tk-liste > li {\n  position: relative;\n  min-width: 0;\n  padding: 10px 12px 10px 42px;\n  border: 1px solid #cfe6e8;\n  border-radius: 10px;\n  background: #f7fcfc;\n  overflow-wrap: anywhere;\n}\n.tk-ders-notu .tk-liste > li::before {\n  content: \"\u2713\";\n  position: absolute;\n  left: 12px;\n  top: 10px;\n  width: 22px;\n  height: 22px;\n  border-radius: 50%;\n  color: #ffffff;\n  background: var(--tk-turkuaz);\n  font-size: 13px;\n  font-weight: 900;\n  line-height: 22px;\n  text-align: center;\n}\n.tk-ders-notu .tk-alinti {\n  margin: 16px 0;\n  padding: 15px 18px;\n  border-left: 6px solid var(--tk-bordo);\n  border-radius: 10px;\n  color: #5d1b28;\n  background: #fff1f3;\n  font-style: italic;\n}\n.tk-ders-notu .tk-bilgi-kutusu {\n  width: 100%;\n  min-width: 0;\n  margin: 16px 0;\n  padding: 15px 17px;\n  border: 1px solid #ead381;\n  border-left: 6px solid var(--tk-altin);\n  border-radius: 12px;\n  background: var(--tk-acik-sari);\n  overflow-wrap: anywhere;\n}\n.tk-ders-notu .tk-bilgi-etiket {\n  margin: 0 0 5px;\n  color: var(--tk-bordo);\n  font-weight: 900;\n}\n.tk-ders-notu .tk-bilgi-icerik > :last-child { margin-bottom: 0; }\n.tk-ders-notu .tk-tablo-kapsayici {\n  width: 100%;\n  max-width: 100%;\n  min-width: 0;\n  margin: 18px 0;\n  overflow: visible;\n}\n.tk-ders-notu .tk-tablosu {\n  width: 100%;\n  max-width: 100%;\n  min-width: 0;\n  border-collapse: collapse;\n  border-spacing: 0;\n  table-layout: fixed;\n}\n.tk-ders-notu .tk-tablosu th,\n.tk-ders-notu .tk-tablosu td {\n  min-width: 0;\n  padding: 11px 12px;\n  border: 1px solid #b8c9d6;\n  vertical-align: top;\n  text-align: left;\n  white-space: normal;\n  overflow-wrap: anywhere;\n  word-wrap: break-word;\n  word-break: normal;\n  hyphens: auto;\n}\n.tk-ders-notu .tk-tablosu thead th {\n  color: #ffffff;\n  background: var(--tk-lacivert);\n  font-weight: 800;\n}\n.tk-ders-notu .tk-tablosu tbody tr:nth-child(even) { background: var(--tk-acik-mavi); }\n.tk-ders-notu .tk-tablosu tbody td:first-child {\n  color: #6f1e2d;\n  font-weight: 700;\n}\n.tk-ders-notu .tk-hucre-metin { margin: 0 0 7px; }\n.tk-ders-notu .tk-hucre-metin:last-child { margin-bottom: 0; }\n.tk-ders-notu .tk-basa-don {\n  position: fixed;\n  right: 18px;\n  bottom: 18px;\n  z-index: 30;\n  display: none;\n  min-width: 48px;\n  min-height: 48px;\n  padding: 9px 13px;\n  border: 0;\n  border-radius: 999px;\n  color: #ffffff;\n  background: var(--tk-bordo);\n  font: inherit;\n  font-weight: 800;\n  box-shadow: 0 8px 22px rgba(86, 20, 34, .28);\n  cursor: pointer;\n}\n.tk-ders-notu .tk-basa-don.tk-gorunur { display: inline-flex; align-items: center; justify-content: center; }\n@media (max-width: 720px) {\n  .tk-ders-notu { font-size: 16px; line-height: 1.65; }\n  .tk-ders-notu .tk-ust-kart,\n  .tk-ders-notu .tk-kart { border-radius: 12px; }\n  .tk-ders-notu .tk-dugme { flex: 1 1 145px; }\n  .tk-ders-notu .tk-cok-sutun table,\n  .tk-ders-notu .tk-cok-sutun thead,\n  .tk-ders-notu .tk-cok-sutun tbody,\n  .tk-ders-notu .tk-cok-sutun tr,\n  .tk-ders-notu .tk-cok-sutun th,\n  .tk-ders-notu .tk-cok-sutun td { display: block; width: 100%; min-width: 0; }\n  .tk-ders-notu .tk-cok-sutun thead { position: absolute; width: 1px; height: 1px; overflow: hidden; clip: rect(0 0 0 0); white-space: nowrap; }\n  .tk-ders-notu .tk-cok-sutun tbody { display: grid; gap: 14px; }\n  .tk-ders-notu .tk-cok-sutun tbody tr {\n    overflow: hidden;\n    border: 1px solid #b8c9d6;\n    border-radius: 12px;\n    background: #ffffff;\n    box-shadow: 0 5px 14px rgba(23, 59, 103, .08);\n  }\n  .tk-ders-notu .tk-cok-sutun tbody td { border: 0; border-bottom: 1px solid #dce6ed; }\n  .tk-ders-notu .tk-cok-sutun tbody td:last-child { border-bottom: 0; }\n  .tk-ders-notu .tk-cok-sutun tbody td::before {\n    content: attr(data-label);\n    display: block;\n    margin: 0 0 4px;\n    color: var(--tk-lacivert);\n    font-weight: 900;\n  }\n}\n@media (max-width: 375px) {\n  .tk-ders-notu { font-size: 15.5px; }\n  .tk-ders-notu .tk-ust-kart,\n  .tk-ders-notu .tk-kart,\n  .tk-ders-notu .tk-icindekiler { padding: 15px; }\n  .tk-ders-notu .tk-liste > li { padding-left: 38px; }\n  .tk-ders-notu .tk-tablosu th,\n  .tk-ders-notu .tk-tablosu td { padding: 9px 8px; }\n  .tk-ders-notu .tk-basa-don { right: 10px; bottom: 10px; }\n}\n@media print {\n  .tk-ders-notu { max-width: none; color: #000000; font-size: 11pt; line-height: 1.45; }\n  .tk-ders-notu .tk-ilerleme-iz,\n  .tk-ders-notu .tk-eylem-cubugu,\n  .tk-ders-notu .tk-basa-don { display: none !important; }\n  .tk-ders-notu .tk-ust-kart { color: #000000; background: #ffffff; box-shadow: none; border: 2px solid #173b67; border-bottom: 5px solid #d9a514; }\n  .tk-ders-notu .tk-kod,\n  .tk-ders-notu .tk-ana-baslik,\n  .tk-ders-notu .tk-seo-giris { color: #000000; }\n  .tk-ders-notu .tk-kart { break-inside: avoid-page; box-shadow: none; }\n  .tk-ders-notu .tk-tablosu { break-inside: auto; }\n  .tk-ders-notu .tk-tablosu tr { break-inside: avoid; }\n}\n<\/style>\n<article class=\"tk-ders-notu\" lang=\"tr\" id=\"tk-ders-1-3\">\n<div class=\"tk-ilerleme-iz\" aria-hidden=\"true\"><span class=\"tk-ilerleme-cubugu\"><\/span><\/div>\n<header class=\"tk-ust-kart\" aria-labelledby=\"tk-1-3-ana-baslik\">\n<p class=\"tk-kod\">11. S\u0131n\u0131f Tarih \u2022 \u00d6\u011frenme \u00c7\u0131kt\u0131s\u0131 1.3<\/p>\n<p class=\"tk-ana-baslik\" id=\"tk-1-3-ana-baslik\">1755 Lizbon ve 1766 \u0130stanbul Depremlerinin Etkileri<\/p>\n<p class=\"tk-seo-giris\">11. s\u0131n\u0131f tarih dersindeki 1755 Lizbon ve 1766 \u0130stanbul Depremlerinin Etkileri \u00f6\u011frenme \u00e7\u0131kt\u0131s\u0131, afetlerin \u015fehirler ve toplumlar \u00fczerindeki sonu\u00e7lar\u0131n\u0131 kar\u015f\u0131la\u015ft\u0131rmal\u0131 bi\u00e7imde incelemeyi gerektirir. Bu tarih ders notu, T\u00fcrkiye Y\u00fczy\u0131l\u0131 Maarif Modeli \u00e7er\u00e7evesinde belgedeki bilgileri ve s\u0131ralamay\u0131 koruyarak farkl\u0131 d\u00f6nemlerde ya\u015fanan depremleri, ortaya \u00e7\u0131kan kay\u0131plar\u0131 ve geli\u015ftirilen tedbirleri ele al\u0131r. Lizbon depremi sonras\u0131ndaki yeniden yap\u0131lanma ile \u0130stanbul depreminden sonra y\u00fcr\u00fct\u00fclen \u00e7al\u0131\u015fmalar ayr\u0131 b\u00f6l\u00fcmlerde sunulmu\u015f; ba\u015fka deprem \u00f6rnekleri de kar\u015f\u0131la\u015ft\u0131rma tablolar\u0131nda g\u00f6sterilmi\u015ftir. Bilgi kutular\u0131, kronoloji ve \u00f6ne \u00e7\u0131kan uygulamalar sayesinde afet y\u00f6netimi, yap\u0131 g\u00fcvenli\u011fi ve toplumsal dayan\u0131\u015fma aras\u0131ndaki ba\u011flant\u0131lar\u0131 takip edebilirsiniz. Konuyu \u00e7al\u0131\u015f\u0131rken her depremin etkisini, al\u0131nan tedbirle birlikte e\u015fle\u015ftirmeniz yararl\u0131 olacakt\u0131r.<\/p>\n<\/header>\n<div class=\"tk-eylem-cubugu\" aria-label=\"Ders notu ara\u00e7lar\u0131\">\n<button class=\"tk-dugme\" type=\"button\" data-tk-action=\"print\" aria-label=\"Ders notunu yazd\u0131r\">Yazd\u0131r<\/button>\n<button class=\"tk-dugme\" type=\"button\" data-tk-action=\"toc\" aria-label=\"\u0130\u00e7indekiler b\u00f6l\u00fcm\u00fcne git\">\u0130\u00e7indekilere Git<\/button>\n<\/div>\n<nav class=\"tk-icindekiler\" id=\"tk-1-3-icindekiler\" aria-label=\"Ders notu i\u00e7indekiler\">\n<p class=\"tk-icindekiler-baslik\">\u0130\u00e7indekiler<\/p>\n<ul>\n<li><a href=\"#tk-1-3-farkli-donem-ve-cografyalarda-depremler\">Farkl\u0131 D\u00f6nem ve Co\u011frafyalarda Depremler<\/a><\/li>\n<li><a href=\"#tk-1-3-1755-lizbon-depremi\">1755 Lizbon Depremi<\/a><\/li>\n<li><a href=\"#tk-1-3-lizbondaki-yikimin-boyutu\">Lizbon\u2019daki Y\u0131k\u0131m\u0131n Boyutu<\/a><\/li>\n<li><a href=\"#tk-1-3-lizbon-depreminin-idari-etkileri\">Lizbon Depremi\u2019nin \u0130dari Etkileri<\/a><\/li>\n<li><a href=\"#tk-1-3-lizbonun-yeniden-planlanmasi\">Lizbon\u2019un Yeniden Planlanmas\u0131<\/a><\/li>\n<li><a href=\"#tk-1-3-gaiola-pombalina-modeli\">Gaiola Pombalina Modeli<\/a><\/li>\n<li><a href=\"#tk-1-3-lizbon-depreminin-sosyal-etkileri\">Lizbon Depremi\u2019nin Sosyal Etkileri<\/a><\/li>\n<li><a href=\"#tk-1-3-lizbon-depreminin-ekonomik-etkileri\">Lizbon Depremi\u2019nin Ekonomik Etkileri<\/a><\/li>\n<li><a href=\"#tk-1-3-lizbonda-kayiplarin-buyuklugu\">Lizbon\u2019da Kay\u0131plar\u0131n B\u00fcy\u00fckl\u00fc\u011f\u00fc<\/a><\/li>\n<li><a href=\"#tk-1-3-1766-istanbul-depremi\">1766 \u0130stanbul Depremi<\/a><\/li>\n<li><a href=\"#tk-1-3-1766-istanbul-depreminde-yikim\">1766 \u0130stanbul Depremi\u2019nde Y\u0131k\u0131m<\/a><\/li>\n<li><a href=\"#tk-1-3-istanbul-depreminin-idari-etkileri\">\u0130stanbul Depremi\u2019nin \u0130dari Etkileri<\/a><\/li>\n<li><a href=\"#tk-1-3-istanbul-depreminin-sosyal-etkileri\">\u0130stanbul Depremi\u2019nin Sosyal Etkileri<\/a><\/li>\n<li><a href=\"#tk-1-3-istanbul-depreminin-ekonomik-etkileri\">\u0130stanbul Depremi\u2019nin Ekonomik Etkileri<\/a><\/li>\n<li><a href=\"#tk-1-3-istanbulda-hasar-goren-yapilarin-dagilimi\">\u0130stanbul\u2019da Hasar G\u00f6ren Yap\u0131lar\u0131n Da\u011f\u0131l\u0131m\u0131<\/a><\/li>\n<li><a href=\"#tk-1-3-istanbul-depreminin-ekonomik-etkileri-2\">\u0130stanbul Depremi\u2019nin Ekonomik Etkileri<\/a><\/li>\n<li><a href=\"#tk-1-3-lizbon-ve-istanbul-depremleri-idari-karsilastirma\">Lizbon ve \u0130stanbul Depremleri: \u0130dari Kar\u015f\u0131la\u015ft\u0131rma<\/a><\/li>\n<li><a href=\"#tk-1-3-lizbon-ve-istanbul-depremleri\">Lizbon ve \u0130stanbul Depremleri:<\/a><\/li>\n<li><a href=\"#tk-1-3-ekonomik-karsilastirma\">Ekonomik Kar\u015f\u0131la\u015ft\u0131rma<\/a><\/li>\n<\/ul>\n<\/nav>\n<section class=\"tk-kart\" aria-labelledby=\"tk-1-3-farkli-donem-ve-cografyalarda-depremler\">\n<h2 id=\"tk-1-3-farkli-donem-ve-cografyalarda-depremler\">Farkl\u0131 D\u00f6nem ve Co\u011frafyalarda Depremler<\/h2>\n<div class=\"tk-tablo-kapsayici tk-cok-sutun\" role=\"region\" aria-label=\"Farkl\u0131 D\u00f6nem ve Co\u011frafyalarda Depremler - tablo 1\">\n<table class=\"tk-tablosu\">\n<thead>\n<tr>\n<th scope=\"col\"><p class=\"tk-hucre-metin\"><strong>Deprem<\/strong><\/p><\/th>\n<th scope=\"col\"><p class=\"tk-hucre-metin\"><strong>Temel Etkiler<\/strong><\/p><\/th>\n<th scope=\"col\"><p class=\"tk-hucre-metin\"><strong>Al\u0131nan \/ Geli\u015ftirilen Tedbirler<\/strong><\/p><\/th>\n<\/tr>\n<\/thead>\n<tbody>\n<tr>\n<td data-label=\"Deprem\"><p class=\"tk-hucre-metin\">1556 Shaanxi<br> (\u00c7in)<\/p><\/td>\n<td data-label=\"Temel Etkiler\"><p class=\"tk-hucre-metin\">Ma\u011faralar ve bar\u0131naklar \u00e7\u00f6kt\u00fc; can kayb\u0131 k\u0131sa s\u00fcrede 830 bine ula\u015ft\u0131; co\u011frafi yap\u0131 de\u011fi\u015fti.<\/p><\/td>\n<td data-label=\"Al\u0131nan \/ Geli\u015ftirilen Tedbirler\"><p class=\"tk-hucre-metin\">Hasar\u0131 azaltmak i\u00e7in ta\u015f yerine bambu ve ah\u015fap gibi malzemeler kullan\u0131ld\u0131.<\/p><\/td>\n<\/tr>\n<tr>\n<td data-label=\"Deprem\"><p class=\"tk-hucre-metin\">1894 \u0130stanbul<\/p><\/td>\n<td data-label=\"Temel Etkiler\"><p class=\"tk-hucre-metin\">474 ki\u015fi \u00f6ld\u00fc, 482 ki\u015fi yaraland\u0131; surlar, evler ve d\u00fckk\u00e2nlar hasar g\u00f6rd\u00fc.<\/p><\/td>\n<td data-label=\"Al\u0131nan \/ Geli\u015ftirilen Tedbirler\"><p class=\"tk-hucre-metin\">Yard\u0131m ve \u00e7ad\u0131r \u00e7al\u0131\u015fmalar\u0131 yap\u0131ld\u0131; rasathane imk\u00e2nlar\u0131 ve bina denetimleri geli\u015ftirildi.<\/p><\/td>\n<\/tr>\n<\/tbody>\n<\/table>\n<\/div>\n<div class=\"tk-tablo-kapsayici tk-cok-sutun\" role=\"region\" aria-label=\"Farkl\u0131 D\u00f6nem ve Co\u011frafyalarda Depremler - tablo 2\">\n<table class=\"tk-tablosu\">\n<thead>\n<tr>\n<th scope=\"col\"><p class=\"tk-hucre-metin\"><strong>Deprem<\/strong><\/p><\/th>\n<th scope=\"col\"><p class=\"tk-hucre-metin\"><strong>Temel Etkiler<\/strong><\/p><\/th>\n<th scope=\"col\"><p class=\"tk-hucre-metin\"><strong>Al\u0131nan \/ Geli\u015ftirilen Tedbirler<\/strong><\/p><\/th>\n<\/tr>\n<\/thead>\n<tbody>\n<tr>\n<td data-label=\"Deprem\"><p class=\"tk-hucre-metin\">1939 Erzincan<\/p><\/td>\n<td data-label=\"Temel Etkiler\"><p class=\"tk-hucre-metin\">7,9 b\u00fcy\u00fckl\u00fc\u011f\u00fcndeki depremde 33 bin ki\u015fi \u00f6ld\u00fc; 100.000\u2019den fazla bina a\u011f\u0131r hasar g\u00f6rd\u00fc.<\/p><\/td>\n<td data-label=\"Al\u0131nan \/ Geli\u015ftirilen Tedbirler\"><p class=\"tk-hucre-metin\">Ge\u00e7ici isk\u00e2n alanlar\u0131 kuruldu; Erzincan\u2019\u0131n ta\u015f\u0131nmas\u0131na karar verildi; yasal yard\u0131mlar yap\u0131ld\u0131.<\/p><\/td>\n<\/tr>\n<tr>\n<td data-label=\"Deprem\"><p class=\"tk-hucre-metin\">1960 \u015eili<\/p><\/td>\n<td data-label=\"Temel Etkiler\"><p class=\"tk-hucre-metin\">Yakla\u015f\u0131k 9,5 b\u00fcy\u00fckl\u00fc\u011f\u00fcnde ger\u00e7ekle\u015fti; tsunami olu\u015ftu; yakla\u015f\u0131k 5000 ki\u015fi \u00f6ld\u00fc, 2 milyondan fazla ki\u015fi evsiz kald\u0131.<\/p><\/td>\n<td data-label=\"Al\u0131nan \/ Geli\u015ftirilen Tedbirler\"><p class=\"tk-hucre-metin\">Ulusal strateji plan\u0131 ve sismik tasar\u0131m kodu geli\u015ftirildi; binalar temelleri \u00fczerinde sal\u0131nacak \u015fekilde in\u015fa edildi.<\/p><\/td>\n<\/tr>\n<\/tbody>\n<\/table>\n<\/div>\n<aside class=\"tk-bilgi-kutusu\" role=\"note\" aria-label=\"Farkl\u0131 D\u00f6nem ve Co\u011frafyalarda Depremler - tablo 3\">\n<div class=\"tk-bilgi-icerik\"><p class=\"tk-hucre-metin\"><strong>\u00d6SYM D\u0130KKAT: <\/strong>Depremler, tedbirlerle birlikte e\u015fle\u015ftirilebilir: Shaanxi\u2013bambu\/ah\u015fap; 1894 \u0130stanbul\u2013rasathane ve denetim; Erzincan\u2013ta\u015f\u0131nma; \u015eili\u2013sismik tasar\u0131m kodu.<\/p><\/div>\n<\/aside>\n<\/section>\n<section class=\"tk-kart\" aria-labelledby=\"tk-1-3-1755-lizbon-depremi\">\n<h2 id=\"tk-1-3-1755-lizbon-depremi\"><strong>1755 <\/strong><strong>Lizbon<\/strong><strong> <\/strong><strong>Depremi<\/strong><\/h2>\n<ul class=\"tk-liste\">\n<li>Portekiz\u2019in Lizbon kenti, 1 Kas\u0131m 1755\u2019te saat 9.30 civar\u0131nda sars\u0131ld\u0131.<\/li>\n<li>Depremin b\u00fcy\u00fckl\u00fc\u011f\u00fc yakla\u015f\u0131k 8,3 olarak belirtildi.<\/li>\n<li>Katolik halk\u0131n b\u00fcy\u00fck b\u00f6l\u00fcm\u00fc Azizler G\u00fcn\u00fc nedeniyle kiliselerdeydi.<\/li>\n<li>Y\u0131k\u0131lan kilise ve evlerin enkaz\u0131 alt\u0131nda \u00e7ok say\u0131da insan kald\u0131.<\/li>\n<li>Devrilen mumlar, sobalar ve ya\u011f lambalar\u0131 \u015fehir genelinde yang\u0131na neden oldu.<\/li>\n<li>Yakla\u015f\u0131k k\u0131rk be\u015f dakika sonra tsunami Tagus k\u0131y\u0131lar\u0131na ula\u015ft\u0131.<\/li>\n<\/ul>\n<aside class=\"tk-bilgi-kutusu\" role=\"note\" aria-label=\"1755 Lizbon Depremi - tablo 4\">\n<div class=\"tk-bilgi-icerik\"><p class=\"tk-hucre-metin\"><strong>KRONOLOJ\u0130: <\/strong>1 Kas\u0131m 1755, saat 9.30 civar\u0131: deprem \u2192 \u015fehir genelinde yang\u0131n \u2192 yakla\u015f\u0131k k\u0131rk be\u015f dakika sonra tsunami.<\/p><\/div>\n<\/aside>\n<\/section>\n<section class=\"tk-kart\" aria-labelledby=\"tk-1-3-lizbondaki-yikimin-boyutu\">\n<h2 id=\"tk-1-3-lizbondaki-yikimin-boyutu\">Lizbon\u2019daki Y\u0131k\u0131m\u0131n Boyutu<\/h2>\n<ul class=\"tk-liste\">\n<li>Deprem, yang\u0131n ve tsunami can kayb\u0131n\u0131 ve maddi hasar\u0131 art\u0131rd\u0131.<\/li>\n<li>Farkl\u0131 kaynaklara g\u00f6re 10 bin ila 100 bin ki\u015fi hayat\u0131n\u0131 kaybetti.<\/li>\n<li>Tsunami Fas k\u0131y\u0131lar\u0131na ula\u015ft\u0131\u011f\u0131nda yakla\u015f\u0131k sekiz metre y\u00fcksekli\u011fe ula\u015ft\u0131.<\/li>\n<li>Lizbon\u2019un k\u0131y\u0131 kesimleri ve Cais de Pedra R\u0131ht\u0131m\u0131 sular alt\u0131nda kald\u0131.<\/li>\n<li>Tagus k\u0131y\u0131s\u0131na ve a\u00e7\u0131k alanlara ak\u0131n eden yakla\u015f\u0131k 20 bin ki\u015fi tsunami nedeniyle \u00f6ld\u00fc.<\/li>\n<li>Rahip Charles Davy, \u015fehrin b\u00fcy\u00fck bir enkaz y\u0131\u011f\u0131n\u0131na d\u00f6nd\u00fc\u011f\u00fcn\u00fc aktard\u0131.<\/li>\n<\/ul>\n<\/section>\n<section class=\"tk-kart\" aria-labelledby=\"tk-1-3-lizbon-depreminin-idari-etkileri\">\n<h2 id=\"tk-1-3-lizbon-depreminin-idari-etkileri\">Lizbon Depremi\u2019nin \u0130dari Etkileri<\/h2>\n<ul class=\"tk-liste\">\n<li>Devlet acil m\u00fcdahale \u00e7al\u0131\u015fmalar\u0131na ba\u015flad\u0131.<\/li>\n<li>Benzer felaketlerin \u00f6n\u00fcne ge\u00e7mek ve \u015fehri yeniden in\u015fa etmek i\u00e7in \u00e7aba harcand\u0131.<\/li>\n<li>Kral I. Jos\u00e9, Bakan Marqu\u00eas de Pombal\u2019\u0131 geni\u015f yetkilerle donatt\u0131.<\/li>\n<li>Pombal, acil m\u00fcdahale yetkisine sahip on iki b\u00f6lge lideri atad\u0131.<\/li>\n<li>Ya\u011fma ve h\u0131rs\u0131zl\u0131\u011f\u0131n idamla cezaland\u0131r\u0131laca\u011f\u0131 duyuruldu.<\/li>\n<li>Asker\u00ee ve sivil g\u00fc\u00e7lerin e\u015f g\u00fcd\u00fcm i\u00e7inde \u00e7al\u0131\u015fmas\u0131 sa\u011fland\u0131.<\/li>\n<li>Sokaklarda ya\u011fmalar\u0131 \u00f6nlemek, yang\u0131nlar\u0131 s\u00f6nd\u00fcrmek ve cenazeleri kald\u0131rmak i\u00e7in askerler g\u00f6revlendirildi.<\/li>\n<li>Salg\u0131n tehlikesine kar\u015f\u0131 vefat edenlerin bedenleri din\u00ee t\u00f6ren yap\u0131lmadan Tagus Nehri\u2019ne bat\u0131r\u0131ld\u0131.<\/li>\n<li>Bar\u0131nma ihtiyac\u0131n\u0131 kar\u015f\u0131lamak i\u00e7in \u00e7ad\u0131rlar kuruldu.<\/li>\n<li>Kral ve ailesi, yeni saray yap\u0131lana kadar dokuz ay Belem\u2019de \u00e7ad\u0131rda ya\u015fad\u0131.<\/li>\n<li>Ayakta kalan kiliseler, evsizler i\u00e7in ge\u00e7ici konaklama alanlar\u0131na d\u00f6n\u00fc\u015ft\u00fcr\u00fcld\u00fc.<\/li>\n<li>Ge\u00e7ici adli birimler kuruldu ve zarar g\u00f6ren ar\u015fiv kay\u0131tlar\u0131 yenilendi.<\/li>\n<li>\u015eehre giri\u015f ve \u00e7\u0131k\u0131\u015flar\u0131 d\u00fczenlemek i\u00e7in kontroll\u00fc ge\u00e7i\u015f sistemleri olu\u015fturuldu.<\/li>\n<li>Bal\u0131k\u00e7\u0131l\u0131k te\u015fvik edildi; depremden etkilenen b\u00f6lgelerde bal\u0131k\u00e7\u0131l\u0131ktan vergi al\u0131nmad\u0131.<\/li>\n<li>\u0130mar planlar\u0131 haz\u0131rland\u0131, planlara uymayan in\u015faatlar durduruldu.<\/li>\n<li>Arazi kiralar\u0131 kontrol alt\u0131na al\u0131nd\u0131; kirac\u0131lar\u0131n tahliyesi yasal d\u00fczenlemelerle engellendi.<\/li>\n<li>Y\u0131k\u0131lan binalar\u0131n enkaz\u0131ndan ayr\u0131\u015ft\u0131r\u0131lan malzemeler yeni binalarda kullan\u0131ld\u0131.<\/li>\n<li>Pombal ve ekibinin \u00e7al\u0131\u015fmalar\u0131 y\u00f6netimde g\u00fc\u00e7l\u00fc merkez\u00eele\u015fme sa\u011flad\u0131.<\/li>\n<\/ul>\n<aside class=\"tk-bilgi-kutusu\" role=\"note\" aria-label=\"Lizbon Depremi\u2019nin \u0130dari Etkileri - tablo 5\">\n<div class=\"tk-bilgi-icerik\"><p class=\"tk-hucre-metin\"><strong>SINAV NOTU: <\/strong>Pombal\u2019\u0131n g\u00fcvenlik, ekonomi, hukuk ve imar alan\u0131ndaki geni\u015f yetkili uygulamalar\u0131 y\u00f6netimde g\u00fc\u00e7l\u00fc merkez\u00eele\u015fmeyi sa\u011flad\u0131.<\/p><\/div>\n<\/aside>\n<\/section>\n<section class=\"tk-kart\" aria-labelledby=\"tk-1-3-lizbonun-yeniden-planlanmasi\">\n<h2 id=\"tk-1-3-lizbonun-yeniden-planlanmasi\">Lizbon\u2019un Yeniden Planlanmas\u0131<\/h2>\n<ul class=\"tk-liste\">\n<li>M\u00fclkiyet haklar\u0131 ve hak taleplerinin say\u0131m\u0131 \u00e7\u0131kar\u0131ld\u0131.<\/li>\n<li>Sa\u011fl\u0131k ve arazi d\u00fczle\u015ftirme i\u015flemleri i\u00e7in asker\u00ee m\u00fchendisler ve eksperler atand\u0131.<\/li>\n<li>R\u0131ht\u0131m b\u00f6lgesi ve Tagus\u2019tan Rossio Meydan\u0131\u2019na kadar olan b\u00f6lge d\u00fczle\u015ftirildi.<\/li>\n<li>Sokak ge\u00e7i\u015fleri dik a\u00e7\u0131larla ayarland\u0131; caddelerin geni\u015fli\u011fi belirlendi.<\/li>\n<li>Malzemelerin \u00f6nceden \u00fcretilmesi ve standart h\u00e2le getirilmesi i\u00e7in \u00e7aba g\u00f6sterildi.<\/li>\n<li>Gaiola adl\u0131 ah\u015fap \u00e7er\u00e7eve t\u00fcm in\u015faatlar i\u00e7in zorunlu h\u00e2le getirildi.<\/li>\n<\/ul>\n<\/section>\n<section class=\"tk-kart\" aria-labelledby=\"tk-1-3-gaiola-pombalina-modeli\">\n<h2 id=\"tk-1-3-gaiola-pombalina-modeli\">Gaiola Pombalina Modeli<\/h2>\n<ul class=\"tk-liste\">\n<li>Gaiola Pombalina, 1755 Depremi\u2019nden sonra Baixa Pombalina b\u00f6lgesinde kullan\u0131ld\u0131.<\/li>\n<li>Duvar \u00f6rg\u00fcs\u00fcne \u00fc\u00e7 boyutlu ah\u015fap yap\u0131 yerle\u015ftirilmesiyle ortaya \u00e7\u0131kt\u0131.<\/li>\n<li>Bu kafes, gemi yap\u0131m y\u00f6ntemlerinden esinlenilerek tasarland\u0131.<\/li>\n<li>Ah\u015fap; s\u00fcrekli hareket h\u00e2lindeki ortamda bas\u0131n\u00e7 ve yer \u00e7ekimine kar\u015f\u0131 koyma kapasitesiyle \u00f6ne \u00e7\u0131kt\u0131.<\/li>\n<li>Ah\u015fap yap\u0131n\u0131n ta\u015f duvarlara entegre edilmesi iki yap\u0131 t\u00fcr\u00fcn\u00fcn avantajlar\u0131n\u0131 birle\u015ftirdi.<\/li>\n<li>Pombalina binalar\u0131 d\u00fcnyadaki ilk sismik korumal\u0131 yap\u0131lar olarak tarihe ge\u00e7ti.<\/li>\n<\/ul>\n<aside class=\"tk-bilgi-kutusu\" role=\"note\" aria-label=\"Gaiola Pombalina Modeli - tablo 6\">\n<div class=\"tk-bilgi-icerik\"><p class=\"tk-hucre-metin\"><strong>NEDEN \u00d6NEML\u0130?: <\/strong>Gaiola Pombalina ile ah\u015fap ve ta\u015f\u0131n avantajlar\u0131 birle\u015ftirildi; Pombalina binalar\u0131 d\u00fcnyadaki ilk sismik korumal\u0131 yap\u0131lar olarak tarihe ge\u00e7ti.<\/p><\/div>\n<\/aside>\n<\/section>\n<section class=\"tk-kart\" aria-labelledby=\"tk-1-3-lizbon-depreminin-sosyal-etkileri\">\n<h2 id=\"tk-1-3-lizbon-depreminin-sosyal-etkileri\">Lizbon Depremi\u2019nin Sosyal Etkileri<\/h2>\n<ul class=\"tk-liste\">\n<li>Art\u00e7\u0131 sars\u0131nt\u0131lar d\u00f6nemin toplumsal hayat\u0131n\u0131 ve bas\u0131n d\u00fcnyas\u0131n\u0131 derinden etkiledi.<\/li>\n<li>Halk\u0131n mektuplar\u0131 gazetelerde de\u011fi\u015ftirilerek veya hayal\u00ee unsurlar eklenerek yay\u0131mland\u0131.<\/li>\n<li>Bas\u0131n\u0131n sansasyonel dili korku ve pani\u011fe yol a\u00e7t\u0131.<\/li>\n<li>Halley kuyruklu y\u0131ld\u0131z\u0131n\u0131n yeni bir felakete neden olaca\u011f\u0131na dair tahminler yap\u0131ld\u0131.<\/li>\n<li>Lizbon\u2019un %85\u2019i y\u0131k\u0131ld\u0131 ve b\u00fcy\u00fck kiliselerin neredeyse tamam\u0131 yerle bir oldu.<\/li>\n<li>Felaketin ilahi takdir mi yoksa do\u011fal olay m\u0131 oldu\u011fu tart\u0131\u015f\u0131lmaya ba\u015fland\u0131.<\/li>\n<li>Voltaire, depremden sonra \u201cCandide\u201d ve \u201cLizbon Felaketi \u00dczerine \u015eiir\u201d adl\u0131 eserleri yazd\u0131.<\/li>\n<li>Ayd\u0131nlanmac\u0131 d\u00fc\u015f\u00fcn\u00fcrler depremi do\u011fan\u0131n k\u00f6r kuvveti olarak yorumlad\u0131.<\/li>\n<li>Rousseau, depremin \u015fehirlerin kalabal\u0131kla\u015fmas\u0131ndan kaynakland\u0131\u011f\u0131n\u0131 savundu.<\/li>\n<li>Binlerce insan i\u00e7 kesimlere ve kolonilere g\u00f6\u00e7 etti; \u015fehirde kalanlara sosyal yard\u0131mlar yap\u0131ld\u0131.<\/li>\n<li>E\u011fitim faaliyetleri g\u00f6zden ge\u00e7irildi ve t\u00fcm halka hitap eden yeni bir model olu\u015fturuldu.<\/li>\n<li>Depremden sonra sismoloji biliminin temelleri at\u0131ld\u0131 ve veri toplanmaya ba\u015fland\u0131.<\/li>\n<\/ul>\n<aside class=\"tk-bilgi-kutusu\" role=\"note\" aria-label=\"Lizbon Depremi\u2019nin Sosyal Etkileri - tablo 7\">\n<div class=\"tk-bilgi-icerik\"><p class=\"tk-hucre-metin\"><strong>\u00d6SYM D\u0130KKAT: <\/strong>Lizbon Depremi; Ayd\u0131nlanma d\u00fc\u015f\u00fcncesi, ilahi takdir\u2013do\u011fal olay tart\u0131\u015fmas\u0131 ve sismoloji biliminin temellerinin at\u0131lmas\u0131yla ili\u015fkilendirilebilir.<\/p><\/div>\n<\/aside>\n<\/section>\n<section class=\"tk-kart\" aria-labelledby=\"tk-1-3-lizbon-depreminin-ekonomik-etkileri\">\n<h2 id=\"tk-1-3-lizbon-depreminin-ekonomik-etkileri\">Lizbon Depremi\u2019nin Ekonomik Etkileri<\/h2>\n<ul class=\"tk-liste\">\n<li>Portekiz, s\u00f6m\u00fcrgelerden elde etti\u011fi gelirle d\u00fcnyan\u0131n zengin devletlerinden biri olmu\u015ftu.<\/li>\n<li>Lizbon, Atlantik ticaret yolu \u00fczerinde Portekiz\u2019in en \u00f6nemli ticari merkezlerinden biriydi.<\/li>\n<li>Lizbon limanlar\u0131, \u00f6zellikle Brezilya ile yap\u0131lan ticarette kilit konumdayd\u0131.<\/li>\n<li>Lizbon\u2019un y\u0131k\u0131lmas\u0131 Portekiz ekonomisini derinden sarst\u0131.<\/li>\n<li>Lizbon Liman\u0131\u2019ndaki b\u00fcy\u00fck tesislerin \u00e7o\u011fu yerle bir oldu.<\/li>\n<li>Ticaret a\u011flar\u0131 zarar g\u00f6rd\u00fc; Brezilya ve Afrika merkezli alt\u0131n ve k\u00f6le ticareti sekteye u\u011frad\u0131.<\/li>\n<li>Avrupa \u00fclkelerinden Portekiz\u2019e ayni ve nakd\u00ee yard\u0131mlar ile uzman ve g\u00f6zlemciler g\u00f6nderildi.<\/li>\n<li>Brezilya, Hindistan ve Afrika\u2019ya sava\u015f gemileri sevk edilerek ticaretin g\u00fcvenli oldu\u011fu mesaj\u0131 verildi.<\/li>\n<li>Vergiler ge\u00e7ici olarak ask\u0131ya al\u0131nd\u0131; ithalat gelirlerinden %4 ba\u011f\u0131\u015f kesintisi yap\u0131ld\u0131.<\/li>\n<li>Kamu harcamalar\u0131 devlet b\u00fct\u00e7esinden kar\u015f\u0131land\u0131.<\/li>\n<li>Soylu s\u0131n\u0131fa yeni vergiler getirildi; Kilise gelirlerinin \u00e7o\u011funa el kondu; te\u015fvik yasalar\u0131 \u00e7\u0131kar\u0131ld\u0131.<\/li>\n<li>\u0130n\u015faat sekt\u00f6r\u00fc ekonomiyi canland\u0131rd\u0131; 1761\u2019de kraliyet hazinesi kuruldu.<\/li>\n<\/ul>\n<\/section>\n<section class=\"tk-kart\" aria-labelledby=\"tk-1-3-lizbonda-kayiplarin-buyuklugu\">\n<h2 id=\"tk-1-3-lizbonda-kayiplarin-buyuklugu\">Lizbon\u2019da Kay\u0131plar\u0131n B\u00fcy\u00fckl\u00fc\u011f\u00fc<\/h2>\n<ul class=\"tk-liste\">\n<li>\u015eehrin \u00fc\u00e7te ikisi ya\u015fanmaz h\u00e2le geldi.<\/li>\n<li>Neredeyse t\u00fcm b\u00fcy\u00fck binalar y\u0131k\u0131ld\u0131.<\/li>\n<li>K\u0131rk kilisenin %87\u2019si ve yetmi\u015f be\u015f manast\u0131r\u0131n %86\u2019s\u0131 y\u0131k\u0131ld\u0131.<\/li>\n<li>Otuz \u00fc\u00e7 saray, Arsenal, Patrikhane Saray\u0131 ve Kraliyet K\u00fct\u00fcphanesi tamamen y\u0131k\u0131ld\u0131.<\/li>\n<li>Alt\u0131n ve g\u00fcm\u00fc\u015f stoklar\u0131 kayboldu veya ya\u011fmaland\u0131.<\/li>\n<li>Depremden sonra halk\u0131n b\u00fcy\u00fck b\u00f6l\u00fcm\u00fc i\u00e7 kesimlere g\u00f6\u00e7 etti\u011fi i\u00e7in tar\u0131msal \u00fcretim uzun s\u00fcre yap\u0131lamad\u0131 ve k\u0131tl\u0131k ba\u015f g\u00f6sterdi.<\/li>\n<\/ul>\n<\/section>\n<section class=\"tk-kart\" aria-labelledby=\"tk-1-3-1766-istanbul-depremi\">\n<h2 id=\"tk-1-3-1766-istanbul-depremi\"><strong>1766 \u0130stanbul Depremi<\/strong><\/h2>\n<ul class=\"tk-liste\">\n<li>\u0130stanbul, Lizbon Depremi\u2019nden yakla\u015f\u0131k on bir y\u0131l sonra b\u00fcy\u00fck bir depremle sars\u0131ld\u0131.<\/li>\n<li>Deprem 22 May\u0131s 1766 sabah\u0131, Kurban Bayram\u0131\u2019n\u0131n \u00fc\u00e7\u00fcnc\u00fc g\u00fcn\u00fc ger\u00e7ekle\u015fti.<\/li>\n<li>Depremin b\u00fcy\u00fckl\u00fc\u011f\u00fc tahmin\u00ee olarak 7,5 civar\u0131ndayd\u0131.<\/li>\n<li>Yakla\u015f\u0131k iki dakika s\u00fcren depremle \u0130stanbul toz bulutu i\u00e7inde kald\u0131.<\/li>\n<li>Sekiz ay boyunca art\u00e7\u0131 sars\u0131nt\u0131lar devam etti.<\/li>\n<li>\u0130lk b\u00fcy\u00fck deprem \u0130zmit, Tekirda\u011f, Edirne ve Bursa\u2019da da yo\u011fun hissedildi.<\/li>\n<\/ul>\n<\/section>\n<section class=\"tk-kart\" aria-labelledby=\"tk-1-3-1766-istanbul-depreminde-yikim\">\n<h2 id=\"tk-1-3-1766-istanbul-depreminde-yikim\">1766 \u0130stanbul Depremi\u2019nde Y\u0131k\u0131m<\/h2>\n<ul class=\"tk-liste\">\n<li>Deprem \u0130zmir\u2019den Sel\u00e2nik\u2019e kadar geni\u015f bir \u00e7evrede korku ve pani\u011fe neden oldu.<\/li>\n<li>\u00c7ok say\u0131da bina tamamen y\u0131k\u0131ld\u0131.<\/li>\n<li>Enkaz alt\u0131nda kalan yakla\u015f\u0131k 4-5 bin ki\u015fi hayat\u0131n\u0131 kaybetti.<\/li>\n<li>Depremin sabah namaz\u0131ndan sonra ger\u00e7ekle\u015fmesi can kayb\u0131n\u0131 nispeten azaltt\u0131.<\/li>\n<li>Fatih, Bayezid ve \u015eehzadeba\u015f\u0131 camileri a\u011f\u0131r hasar g\u00f6rd\u00fc.<\/li>\n<li>Kapal\u0131\u00e7ar\u015f\u0131 gibi b\u00fcy\u00fck yap\u0131lar da depremden a\u011f\u0131r bi\u00e7imde etkilendi.<\/li>\n<\/ul>\n<\/section>\n<section class=\"tk-kart\" aria-labelledby=\"tk-1-3-istanbul-depreminin-idari-etkileri\">\n<h2 id=\"tk-1-3-istanbul-depreminin-idari-etkileri\">\u0130stanbul Depremi\u2019nin \u0130dari Etkileri<\/h2>\n<ul class=\"tk-liste\">\n<li>Arama kurtarma, bar\u0131nma ve imar i\u00e7in birer kaymakam, kad\u0131 ve suba\u015f\u0131 g\u00f6revlendirildi.<\/li>\n<li>Mimarba\u015f\u0131 Halit Efendi ba\u015fkanl\u0131\u011f\u0131ndaki teknik heyet hasar tespiti yapt\u0131.<\/li>\n<li>Y\u0131k\u0131lan ah\u015fap yap\u0131lar yerine ta\u015f ve k\u00e2gir binalar yap\u0131lmas\u0131 i\u00e7in ferman \u00e7\u0131kar\u0131ld\u0131.<\/li>\n<li>Yap\u0131 malzemeleri i\u00e7in di\u011fer illere resm\u00ee yaz\u0131lar g\u00f6nderildi ve kad\u0131lardan yard\u0131m istendi.<\/li>\n<li>Fatih Camisi mimar Tahir A\u011fa taraf\u0131ndan yeniden in\u015fa edildi.<\/li>\n<li>Ayasofya, Sultanahmet ve Kapal\u0131\u00e7ar\u015f\u0131 gibi an\u0131tsal yap\u0131lar h\u0131zla onar\u0131ld\u0131.<\/li>\n<\/ul>\n<\/section>\n<section class=\"tk-kart\" aria-labelledby=\"tk-1-3-istanbul-depreminin-sosyal-etkileri\">\n<h2 id=\"tk-1-3-istanbul-depreminin-sosyal-etkileri\">\u0130stanbul Depremi\u2019nin Sosyal Etkileri<\/h2>\n<ul class=\"tk-liste\">\n<li>XVIII. y\u00fczy\u0131lda \u0130stanbul\u2019un n\u00fcfusu yakla\u015f\u0131k 600-700 bin civar\u0131ndayd\u0131.<\/li>\n<li>\u015eehir s\u00fcrekli g\u00f6\u00e7 al\u0131yor; g\u00f6\u00e7ler ve yang\u0131nlar nedeniyle konut s\u0131k\u0131nt\u0131s\u0131 ya\u015fan\u0131yordu.<\/li>\n<li>Y\u0131k\u0131lan konutlar, kapanan yollar ve zarar g\u00f6ren vak\u0131f binalar\u0131 pek \u00e7ok s\u0131k\u0131nt\u0131 do\u011furdu.<\/li>\n<li>Halk su, yiyecek, bar\u0131nma ve ula\u015f\u0131m sorunlar\u0131yla kar\u015f\u0131la\u015ft\u0131.<\/li>\n<li>F\u0131r\u0131n ve de\u011firmenlerin \u00e7al\u0131\u015famaz h\u00e2le gelmesi ekmek teminini zorla\u015ft\u0131rd\u0131.<\/li>\n<li>D\u00f6nemin \u015fair ve edipleri bu felaketi anlatan eserler kaleme ald\u0131.<\/li>\n<li>\u0130stanbul\u2019dan ta\u015fraya yo\u011fun g\u00f6\u00e7 ya\u015fand\u0131 ve \u015fehrin n\u00fcfusu azald\u0131.<\/li>\n<li>Kad\u0131nlara ve \u00e7ocuklara yard\u0131m da\u011f\u0131t\u0131m\u0131nda \u00f6ncelik verildi.<\/li>\n<li>Kad\u0131nlar mahallelerdeki yard\u0131m faaliyetlerinde aktif rol ald\u0131.<\/li>\n<li>Din g\u00f6revlileri ve loncalar arac\u0131l\u0131\u011f\u0131yla temel ihtiya\u00e7lar kar\u015f\u0131land\u0131.<\/li>\n<li>Camiler ve tekkeler yard\u0131mla\u015fma ve haberle\u015fmenin merkezi h\u00e2line geldi.<\/li>\n<li>Y\u0131k\u0131lan medreseler nedeniyle e\u011fitim aksad\u0131; m\u00fcderrislerin ge\u00e7ici ders halkalar\u0131yla a\u00e7\u0131k kapat\u0131lmaya \u00e7al\u0131\u015f\u0131ld\u0131.<\/li>\n<li>Mevsim yaz oldu\u011fu i\u00e7in uygun b\u00f6lgelere \u00e7ad\u0131rlar kuruldu.<\/li>\n<li>Baz\u0131 hay\u0131rsever aileler evlerini depremzedelere a\u00e7t\u0131.<\/li>\n<li>Rum ve Ermeni kiliselerinin tamirat\u0131 i\u00e7in M\u00fcsl\u00fcman ustalar g\u00f6nderildi.<\/li>\n<li>Farkl\u0131 cemaatler aras\u0131ndaki i\u015f birlikleri geli\u015ftirildi.<\/li>\n<li>D\u00f6nemin \u015feyh\u00fclislam\u0131 dilencilerin korunmas\u0131na y\u00f6nelik fetva yay\u0131mlad\u0131.<\/li>\n<li>Deprem halk aras\u0131nda \u201cAllah\u2019\u0131n bir gazab\u0131\u201d olarak yorumland\u0131; as\u0131ls\u0131z rivayetler ruh sa\u011fl\u0131\u011f\u0131n\u0131 bozdu.<\/li>\n<\/ul>\n<aside class=\"tk-bilgi-kutusu\" role=\"note\" aria-label=\"\u0130stanbul Depremi\u2019nin Sosyal Etkileri - tablo 8\">\n<div class=\"tk-bilgi-icerik\"><p class=\"tk-hucre-metin\"><strong>SINAV NOTU: <\/strong>Afet sonras\u0131 dayan\u0131\u015fmada kad\u0131nlar, din g\u00f6revlileri, loncalar, camiler, tekkeler ve farkl\u0131 cemaatler birlikte rol ald\u0131.<\/p><\/div>\n<\/aside>\n<\/section>\n<section class=\"tk-kart\" aria-labelledby=\"tk-1-3-istanbul-depreminin-ekonomik-etkileri\">\n<h2 id=\"tk-1-3-istanbul-depreminin-ekonomik-etkileri\">\u0130stanbul Depremi\u2019nin Ekonomik Etkileri<\/h2>\n<ul class=\"tk-liste\">\n<li>Osmanl\u0131 Devleti idari ve mali denetim i\u00e7in merkeziyet\u00e7i bir yap\u0131 kurmu\u015ftu.<\/li>\n<li>\u0130stanbul, imparatorlu\u011fun ba\u015fkenti oldu\u011fu i\u00e7in devletin en \u00f6nemli merkeziydi.<\/li>\n<li>Farkl\u0131 b\u00f6lgelerden getirilen art\u0131 \u00fcr\u00fcnler \u0130stanbul\u2019da toplan\u0131yordu.<\/li>\n<li>\u00dclke genelindeki ticari faaliyetler \u0130stanbul\u2019dan y\u00f6netiliyordu.<\/li>\n<li>Deprem; konut, cami, kamu binas\u0131, vak\u0131f eseri, de\u011firmen ve i\u00e7me suyu \u015febekesine a\u011f\u0131r hasar verdi.<\/li>\n<li>Surlar ve yollar hasar ald\u0131\u011f\u0131 i\u00e7in deprem sonras\u0131 m\u00fcdahaleler gecikti.<\/li>\n<\/ul>\n<\/section>\n<section class=\"tk-kart\" aria-labelledby=\"tk-1-3-istanbulda-hasar-goren-yapilarin-dagilimi\">\n<h2 id=\"tk-1-3-istanbulda-hasar-goren-yapilarin-dagilimi\">\u0130stanbul\u2019da Hasar G\u00f6ren Yap\u0131lar\u0131n Da\u011f\u0131l\u0131m\u0131<\/h2>\n<div class=\"tk-tablo-kapsayici\" role=\"region\" aria-label=\"\u0130stanbul\u2019da Hasar G\u00f6ren Yap\u0131lar\u0131n Da\u011f\u0131l\u0131m\u0131 - tablo 9\">\n<table class=\"tk-tablosu\">\n<thead>\n<tr>\n<th scope=\"col\"><p class=\"tk-hucre-metin\"><strong>Yap\u0131 T\u00fcr\u00fc<\/strong><\/p><\/th>\n<th scope=\"col\"><p class=\"tk-hucre-metin\"><strong>Yakla\u015f\u0131k Oran<\/strong><\/p><\/th>\n<\/tr>\n<\/thead>\n<tbody>\n<tr>\n<td data-label=\"Yap\u0131 T\u00fcr\u00fc\"><p class=\"tk-hucre-metin\">Cami<\/p><\/td>\n<td data-label=\"Yakla\u015f\u0131k Oran\"><p class=\"tk-hucre-metin\">%30<\/p><\/td>\n<\/tr>\n<tr>\n<td data-label=\"Yap\u0131 T\u00fcr\u00fc\"><p class=\"tk-hucre-metin\">E\u011fitim binas\u0131<\/p><\/td>\n<td data-label=\"Yakla\u015f\u0131k Oran\"><p class=\"tk-hucre-metin\">%20<\/p><\/td>\n<\/tr>\n<tr>\n<td data-label=\"Yap\u0131 T\u00fcr\u00fc\"><p class=\"tk-hucre-metin\">Mir\u00ee hizmet binas\u0131<\/p><\/td>\n<td data-label=\"Yakla\u015f\u0131k Oran\"><p class=\"tk-hucre-metin\">%15<\/p><\/td>\n<\/tr>\n<tr>\n<td data-label=\"Yap\u0131 T\u00fcr\u00fc\"><p class=\"tk-hucre-metin\">Sur<\/p><\/td>\n<td data-label=\"Yakla\u015f\u0131k Oran\"><p class=\"tk-hucre-metin\">%10<\/p><\/td>\n<\/tr>\n<tr>\n<td data-label=\"Yap\u0131 T\u00fcr\u00fc\"><p class=\"tk-hucre-metin\">Saray<\/p><\/td>\n<td data-label=\"Yakla\u015f\u0131k Oran\"><p class=\"tk-hucre-metin\">%10<\/p><\/td>\n<\/tr>\n<tr>\n<td data-label=\"Yap\u0131 T\u00fcr\u00fc\"><p class=\"tk-hucre-metin\">Ticari yap\u0131<\/p><\/td>\n<td data-label=\"Yakla\u015f\u0131k Oran\"><p class=\"tk-hucre-metin\">%5<\/p><\/td>\n<\/tr>\n<tr>\n<td data-label=\"Yap\u0131 T\u00fcr\u00fc\"><p class=\"tk-hucre-metin\">Di\u011fer yap\u0131lar: t\u00fcrbe, imaret, dar\u00fc\u015f\u015fifa vb.<\/p><\/td>\n<td data-label=\"Yakla\u015f\u0131k Oran\"><p class=\"tk-hucre-metin\">%10<\/p><\/td>\n<\/tr>\n<\/tbody>\n<\/table>\n<\/div>\n<\/section>\n<section class=\"tk-kart\" aria-labelledby=\"tk-1-3-istanbul-depreminin-ekonomik-etkileri-2\">\n<h2 id=\"tk-1-3-istanbul-depreminin-ekonomik-etkileri-2\">\u0130stanbul Depremi\u2019nin Ekonomik Etkileri<\/h2>\n<ul class=\"tk-liste\">\n<li>Maddi hasar\u0131 gidermek i\u00e7in Divan-\u0131 H\u00fcmayun her evden 22 ak\u00e7e ek vergi toplanmas\u0131n\u0131 kararla\u015ft\u0131rd\u0131.<\/li>\n<li>Sultan II. Beyaz\u0131t vakf\u0131n\u0131n d\u00f6rt y\u0131ll\u0131k geliri cami ve imaretlerin onar\u0131m\u0131na ayr\u0131ld\u0131.<\/li>\n<li>\u0130n\u015faat malzemesi fiyatlar\u0131n\u0131 ve i\u015f\u00e7ilik \u00fccretlerini dengelemek i\u00e7in narh uygulamas\u0131 getirildi.<\/li>\n<li>Su \u015febekeleri, yollar ve depolar\u0131n hasar\u0131 su ve yiyecek temininde s\u0131k\u0131nt\u0131 do\u011furdu.<\/li>\n<li>Ev sahibi ve kirac\u0131lar aras\u0131nda tamir anla\u015fmazl\u0131klar\u0131 \u00e7\u0131kt\u0131 ve konu mahkemelere ta\u015f\u0131nd\u0131.<\/li>\n<li>Ah\u0131rlar\u0131n y\u0131k\u0131lmas\u0131yla hayvanc\u0131l\u0131k gelirleri azald\u0131; hasarl\u0131 binalar\u0131n geciken y\u0131k\u0131m\u0131 mali kayb\u0131 art\u0131rd\u0131.<\/li>\n<\/ul>\n<aside class=\"tk-bilgi-kutusu\" role=\"note\" aria-label=\"\u0130stanbul Depremi\u2019nin Ekonomik Etkileri - tablo 10\">\n<div class=\"tk-bilgi-icerik\"><p class=\"tk-hucre-metin\"><strong>D\u0130KKAT: <\/strong>Ek vergi: her evden 22 ak\u00e7e. Onar\u0131m kayna\u011f\u0131: Sultan II. Beyaz\u0131t vakf\u0131n\u0131n d\u00f6rt y\u0131ll\u0131k geliri. Fiyat ve \u00fccret denetimi: narh.<\/p><\/div>\n<\/aside>\n<ul class=\"tk-liste\">\n<li>Devlet, depremden sonra in\u015fa edilecek binalar\u0131n k\u00e2gir olmas\u0131n\u0131 zorunlu tuttu.<\/li>\n<li>Halk\u0131n b\u00fcy\u00fck b\u00f6l\u00fcm\u00fc bar\u0131nma ihtiyac\u0131n\u0131 h\u0131zl\u0131 kar\u015f\u0131lamak i\u00e7in ah\u015fap malzemelerde \u0131srar etti.<\/li>\n<li>Yap\u0131sal hasarlara bak\u0131ld\u0131\u011f\u0131nda depremin b\u00fcy\u00fckl\u00fc\u011f\u00fc a\u00e7\u0131k\u00e7a anla\u015f\u0131ld\u0131.<\/li>\n<li>Maddi zarar\u0131n 22.000 keseye, yakla\u015f\u0131k 11.000.000 kuru\u015fa ula\u015ft\u0131\u011f\u0131 tahmin edildi.<\/li>\n<li>Depremden sonraki birka\u00e7 y\u0131l yap\u0131 onar\u0131mlar\u0131 a\u00e7\u0131s\u0131ndan yo\u011fun ge\u00e7ti.<\/li>\n<li>Osmanl\u0131 ba\u015fkenti \u00e2deta b\u00fcy\u00fck bir \u015fantiye g\u00f6r\u00fcn\u00fcm\u00fcne b\u00fcr\u00fcnd\u00fc.<\/li>\n<\/ul>\n<\/section>\n<section class=\"tk-kart\" aria-labelledby=\"tk-1-3-lizbon-ve-istanbul-depremleri-idari-karsilastirma\">\n<h2 id=\"tk-1-3-lizbon-ve-istanbul-depremleri-idari-karsilastirma\"><strong>Lizbon ve \u0130stanbul Depremleri: \u0130dari Kar\u015f\u0131la\u015ft\u0131rma<\/strong><\/h2>\n<div class=\"tk-tablo-kapsayici\" role=\"region\" aria-label=\"Lizbon ve \u0130stanbul Depremleri: \u0130dari Kar\u015f\u0131la\u015ft\u0131rma - tablo 11\">\n<table class=\"tk-tablosu\">\n<thead>\n<tr>\n<th scope=\"col\"><p class=\"tk-hucre-metin\"><strong>1755 Lizbon Depremi<\/strong><\/p><\/th>\n<th scope=\"col\"><p class=\"tk-hucre-metin\"><strong>1766 \u0130stanbul Depremi<\/strong><\/p><\/th>\n<\/tr>\n<\/thead>\n<tbody>\n<tr>\n<td data-label=\"1755 Lizbon Depremi\"><p class=\"tk-hucre-metin\">Pombal geni\u015f yetkiler ald\u0131. Acil m\u00fcdahale, g\u00fcvenlik, kontroll\u00fc ge\u00e7i\u015f, ge\u00e7ici adli birimler ve planl\u0131 yeniden in\u015fa \u00f6ne \u00e7\u0131kt\u0131.<\/p><\/td>\n<td data-label=\"1766 \u0130stanbul Depremi\"><p class=\"tk-hucre-metin\">Kaymakam, kad\u0131 ve suba\u015f\u0131 g\u00f6revlendirildi. Teknik heyet hasar tespiti yapt\u0131, an\u0131tsal yap\u0131lar onar\u0131ld\u0131.<\/p><\/td>\n<\/tr>\n<\/tbody>\n<\/table>\n<\/div>\n<aside class=\"tk-bilgi-kutusu\" role=\"note\" aria-label=\"Lizbon ve \u0130stanbul Depremleri: \u0130dari Kar\u015f\u0131la\u015ft\u0131rma - tablo 12\">\n<div class=\"tk-bilgi-icerik\"><p class=\"tk-hucre-metin\"><strong>KARI\u015eTIRMA!: <\/strong>Lizbon\u2019da Pombal merkezli planl\u0131 ve s\u0131k\u0131 m\u00fcdahale; \u0130stanbul\u2019da kaymakam, kad\u0131, suba\u015f\u0131 ve teknik heyet arac\u0131l\u0131\u011f\u0131yla y\u00fcr\u00fct\u00fclen m\u00fcdahale \u00f6ne \u00e7\u0131kt\u0131.<\/p><\/div>\n<\/aside>\n<\/section>\n<section class=\"tk-kart\" aria-labelledby=\"tk-1-3-lizbon-ve-istanbul-depremleri\">\n<h2 id=\"tk-1-3-lizbon-ve-istanbul-depremleri\">Lizbon ve \u0130stanbul Depremleri:<\/h2>\n<div class=\"tk-tablo-kapsayici\" role=\"region\" aria-label=\"Lizbon ve \u0130stanbul Depremleri: - tablo 13\">\n<table class=\"tk-tablosu\">\n<thead>\n<tr>\n<th scope=\"col\"><p class=\"tk-hucre-metin\"><strong>1755 Lizbon Depremi<\/strong><\/p><\/th>\n<th scope=\"col\"><p class=\"tk-hucre-metin\"><strong>1766 \u0130stanbul Depremi<\/strong><\/p><\/th>\n<\/tr>\n<\/thead>\n<tbody>\n<tr>\n<td data-label=\"1755 Lizbon Depremi\"><p class=\"tk-hucre-metin\">Bas\u0131n panik yaratt\u0131. \u0130nan\u00e7 tart\u0131\u015fmalar\u0131, g\u00f6\u00e7, sosyal yard\u0131m, e\u011fitim modeli ve sismoloji \u00e7al\u0131\u015fmalar\u0131 \u00f6ne \u00e7\u0131kt\u0131.<\/p><\/td>\n<td data-label=\"1766 \u0130stanbul Depremi\"><p class=\"tk-hucre-metin\">Konut, su, yiyecek ve ula\u015f\u0131m sorunlar\u0131 ya\u015fand\u0131. Mahalle dayan\u0131\u015fmas\u0131, vak\u0131flar, loncalar ve ge\u00e7ici e\u011fitim faaliyetleri g\u00f6r\u00fcld\u00fc.<\/p><\/td>\n<\/tr>\n<\/tbody>\n<\/table>\n<\/div>\n<\/section>\n<section class=\"tk-kart\" aria-labelledby=\"tk-1-3-ekonomik-karsilastirma\">\n<h2 id=\"tk-1-3-ekonomik-karsilastirma\">Ekonomik Kar\u015f\u0131la\u015ft\u0131rma<\/h2>\n<div class=\"tk-tablo-kapsayici\" role=\"region\" aria-label=\"Ekonomik Kar\u015f\u0131la\u015ft\u0131rma - tablo 14\">\n<table class=\"tk-tablosu\">\n<thead>\n<tr>\n<th scope=\"col\"><p class=\"tk-hucre-metin\"><strong>1755 Lizbon Depremi<\/strong><\/p><\/th>\n<th scope=\"col\"><p class=\"tk-hucre-metin\"><strong>1766 \u0130stanbul Depremi<\/strong><\/p><\/th>\n<\/tr>\n<\/thead>\n<tbody>\n<tr>\n<td data-label=\"1755 Lizbon Depremi\"><p class=\"tk-hucre-metin\">Limanlar ve ticaret a\u011flar\u0131 zarar g\u00f6rd\u00fc. Vergiler, yard\u0131mlar, kamu harcamalar\u0131 ve in\u015faat sekt\u00f6r\u00fc toparlanmada etkili oldu.<\/p><\/td>\n<td data-label=\"1766 \u0130stanbul Depremi\"><p class=\"tk-hucre-metin\">Ek vergi, vak\u0131f gelirleri, narh uygulamas\u0131 ve k\u00e2gir bina zorunlulu\u011fu g\u00fcndeme geldi; maddi kay\u0131p b\u00fcy\u00fckt\u00fc.<\/p><\/td>\n<\/tr>\n<\/tbody>\n<\/table>\n<\/div>\n<aside class=\"tk-bilgi-kutusu\" role=\"note\" aria-label=\"Ekonomik Kar\u015f\u0131la\u015ft\u0131rma - tablo 15\">\n<div class=\"tk-bilgi-icerik\"><p class=\"tk-hucre-metin\"><strong>\u00d6SYM D\u0130KKAT: <\/strong>Lizbon\u2019da liman\u2013ticaret a\u011flar\u0131 ve in\u015faat sekt\u00f6r\u00fc; \u0130stanbul\u2019da ek vergi, vak\u0131f geliri, narh ve k\u00e2gir bina zorunlulu\u011fu ay\u0131rt edicidir.<\/p><\/div>\n<\/aside>\n<\/section>\n<button class=\"tk-basa-don\" type=\"button\" aria-label=\"Ders notunun ba\u015f\u0131na d\u00f6n\">Ba\u015fa D\u00f6n<\/button>\n<\/article>\n<script>\n(() => {\n  'use strict';\n  document.querySelectorAll('.tk-ders-notu').forEach((root) => {\n    if (root.dataset.tkReady === 'true') return;\n    root.dataset.tkReady = 'true';\n    const printButton = root.querySelector('[data-tk-action=\"print\"]');\n    const tocButton = root.querySelector('[data-tk-action=\"toc\"]');\n    const toc = root.querySelector('.tk-icindekiler');\n    const topButton = root.querySelector('.tk-basa-don');\n    const progress = root.querySelector('.tk-ilerleme-cubugu');\n    const headings = Array.from(root.querySelectorAll('h2[id], h3[id]'));\n    const tocLinks = Array.from(root.querySelectorAll('.tk-icindekiler a[href^=\"#\"]'));\n\n    if (printButton) printButton.addEventListener('click', () => window.print());\n    if (tocButton && toc) tocButton.addEventListener('click', () => toc.scrollIntoView({ behavior: 'smooth', block: 'start' }));\n    if (topButton) topButton.addEventListener('click', () => root.scrollIntoView({ behavior: 'smooth', block: 'start' }));\n\n    tocLinks.forEach((link) => {\n      link.addEventListener('click', (event) => {\n        const id = link.getAttribute('href').slice(1);\n        const target = root.querySelector(`#${id}`);\n        if (!target) return;\n        event.preventDefault();\n        target.scrollIntoView({ behavior: 'smooth', block: 'start' });\n        if (window.history && window.history.replaceState) window.history.replaceState(null, '', `#${id}`);\n      });\n    });\n\n    const update = () => {\n      const start = root.getBoundingClientRect().top + window.scrollY;\n      const distance = Math.max(root.scrollHeight - window.innerHeight, 1);\n      const percent = Math.min(100, Math.max(0, ((window.scrollY - start) \/ distance) * 100));\n      if (progress) progress.style.width = `${percent}%`;\n      if (topButton) topButton.classList.toggle('tk-gorunur', window.scrollY > start + 500);\n\n      let active = headings[0] || null;\n      headings.forEach((heading) => {\n        if (heading.getBoundingClientRect().top <= 150) active = heading;\n      });\n      tocLinks.forEach((link) => {\n        const current = Boolean(active && link.getAttribute('href') === `#${active.id}`);\n        if (current) link.setAttribute('aria-current', 'true');\n        else link.removeAttribute('aria-current');\n      });\n    };\n\n    let ticking = false;\n    const requestUpdate = () => {\n      if (ticking) return;\n      ticking = true;\n      window.requestAnimationFrame(() => {\n        update();\n        ticking = false;\n      });\n    };\n    window.addEventListener('scroll', requestUpdate, { passive: true });\n    window.addEventListener('resize', requestUpdate);\n    update();\n  });\n})();\n<\/script>\n","protected":false},"excerpt":{"rendered":"<div class=\"mh-excerpt\"><p>S\u0131n\u0131f: 11. S\u0131n\u0131f Ders: Tarih \u00dcnite: DE\u011e\u0130\u015eEN D\u00dcNYADA OSMANLI DEVLET\u0130 (1683-1789) \u00d6\u011frenme \u00c7\u0131kt\u0131s\u0131: 1755 Lizbon ve 1766 \u0130stanbul Depremlerinin Etkileri 11. S\u0131n\u0131f Tarih \u2022 \u00d6\u011frenme <a class=\"mh-excerpt-more\" href=\"https:\/\/tarihkursu.com\/index.php\/2026\/08\/27\/1-3-1755-lizbon-1766-istanbul-depremlerinin-etkileri\/\" title=\"1755 Lizbon ve 1766 \u0130stanbul Depremlerinin Etkileri | 11. S\u0131n\u0131f Tarih &#8211; Maarif Model Tarih Ders Notu\">[&#8230;]<\/a><\/p>\n<\/div>","protected":false},"author":2,"featured_media":1340,"comment_status":"open","ping_status":"open","sticky":false,"template":"","format":"standard","meta":{"_regular_price":[],"currency_symbol":[],"footnotes":""},"categories":[160],"tags":[231],"class_list":["post-3616","post","type-post","status-publish","format-standard","has-post-thumbnail","hentry","category-11-sinif-tarih-ders-notlari","tag-11-sinif-tarih-3"],"post_slider_layout_featured_media_urls":{"thumbnail":["https:\/\/tarihkursu.com\/wp-content\/uploads\/2024\/10\/11.SINIF-TARIH-NOTLAR-150x150.png",150,150,true],"post_slider_layout_landscape_large":["https:\/\/tarihkursu.com\/wp-content\/uploads\/2024\/10\/11.SINIF-TARIH-NOTLAR-1200x720.png",1200,720,true],"post_slider_layout_portrait_large":["https:\/\/tarihkursu.com\/wp-content\/uploads\/2024\/10\/11.SINIF-TARIH-NOTLAR-1200x720.png",1200,720,true],"post_slider_layout_square_large":["https:\/\/tarihkursu.com\/wp-content\/uploads\/2024\/10\/11.SINIF-TARIH-NOTLAR-1200x720.png",1200,720,true],"post_slider_layout_landscape":["https:\/\/tarihkursu.com\/wp-content\/uploads\/2024\/10\/11.SINIF-TARIH-NOTLAR-600x400.png",600,400,true],"post_slider_layout_portrait":["https:\/\/tarihkursu.com\/wp-content\/uploads\/2024\/10\/11.SINIF-TARIH-NOTLAR-600x720.png",600,720,true],"post_slider_layout_square":["https:\/\/tarihkursu.com\/wp-content\/uploads\/2024\/10\/11.SINIF-TARIH-NOTLAR-600x600.png",600,600,true],"full":["https:\/\/tarihkursu.com\/wp-content\/uploads\/2024\/10\/11.SINIF-TARIH-NOTLAR.png",1280,720,false]},"yoast_head":"<!-- This site is optimized with the Yoast SEO plugin v28.3 - https:\/\/yoast.com\/product\/yoast-seo-wordpress\/ -->\n<title>1755 Lizbon ve 1766 \u0130stanbul Depremlerinin Etkileri | 11. S\u0131n\u0131f Tarih - Maarif Model Tarih Ders Notu<\/title>\n<meta name=\"description\" content=\"1755 Lizbon ve 1766 \u0130stanbul depremlerinin etkilerini ve al\u0131nan tedbirleri kar\u015f\u0131la\u015ft\u0131ran 11. s\u0131n\u0131f tarih ders notu.\" \/>\n<meta name=\"robots\" content=\"index, follow, max-snippet:-1, max-image-preview:large, max-video-preview:-1\" \/>\n<link rel=\"canonical\" href=\"https:\/\/tarihkursu.com\/index.php\/2026\/08\/27\/1-3-1755-lizbon-1766-istanbul-depremlerinin-etkileri\/\" \/>\n<meta property=\"og:locale\" content=\"tr_TR\" \/>\n<meta property=\"og:type\" content=\"article\" \/>\n<meta property=\"og:title\" content=\"1755 Lizbon ve 1766 \u0130stanbul Depremlerinin Etkileri | 11. S\u0131n\u0131f Tarih - Maarif Model Tarih Ders Notu\" \/>\n<meta property=\"og:description\" content=\"1755 Lizbon ve 1766 \u0130stanbul depremlerinin etkilerini ve al\u0131nan tedbirleri kar\u015f\u0131la\u015ft\u0131ran 11. s\u0131n\u0131f tarih ders notu.\" \/>\n<meta property=\"og:url\" content=\"https:\/\/tarihkursu.com\/index.php\/2026\/08\/27\/1-3-1755-lizbon-1766-istanbul-depremlerinin-etkileri\/\" \/>\n<meta property=\"og:site_name\" content=\"tarihkursu.com\" \/>\n<meta property=\"article:published_time\" content=\"2026-08-27T12:46:19+00:00\" \/>\n<meta property=\"og:image\" content=\"https:\/\/tarihkursu.com\/wp-content\/uploads\/2024\/10\/11.SINIF-TARIH-NOTLAR.png\" \/>\n\t<meta property=\"og:image:width\" content=\"1280\" \/>\n\t<meta property=\"og:image:height\" content=\"720\" \/>\n\t<meta property=\"og:image:type\" content=\"image\/png\" \/>\n<meta name=\"author\" content=\"tarihkursu\" \/>\n<meta name=\"twitter:card\" content=\"summary_large_image\" \/>\n<meta name=\"twitter:label1\" content=\"Yazan:\" \/>\n\t<meta name=\"twitter:data1\" content=\"tarihkursu\" \/>\n\t<meta name=\"twitter:label2\" content=\"Tahmini okuma s\u00fcresi\" \/>\n\t<meta name=\"twitter:data2\" content=\"12 dakika\" \/>\n<script type=\"application\/ld+json\" class=\"yoast-schema-graph\">{\"@context\":\"https:\\\/\\\/schema.org\",\"@graph\":[{\"@type\":\"Article\",\"@id\":\"https:\\\/\\\/tarihkursu.com\\\/index.php\\\/2026\\\/08\\\/27\\\/1-3-1755-lizbon-1766-istanbul-depremlerinin-etkileri\\\/#article\",\"isPartOf\":{\"@id\":\"https:\\\/\\\/tarihkursu.com\\\/index.php\\\/2026\\\/08\\\/27\\\/1-3-1755-lizbon-1766-istanbul-depremlerinin-etkileri\\\/\"},\"author\":{\"name\":\"tarihkursu\",\"@id\":\"https:\\\/\\\/tarihkursu.com\\\/#\\\/schema\\\/person\\\/d0f9105e31352dbe9f08d098ffb8c878\"},\"headline\":\"1755 Lizbon ve 1766 \u0130stanbul Depremlerinin Etkileri | 11. S\u0131n\u0131f Tarih &#8211; Maarif Model Tarih Ders Notu\",\"datePublished\":\"2026-08-27T12:46:19+00:00\",\"mainEntityOfPage\":{\"@id\":\"https:\\\/\\\/tarihkursu.com\\\/index.php\\\/2026\\\/08\\\/27\\\/1-3-1755-lizbon-1766-istanbul-depremlerinin-etkileri\\\/\"},\"wordCount\":2758,\"commentCount\":0,\"publisher\":{\"@id\":\"https:\\\/\\\/tarihkursu.com\\\/#\\\/schema\\\/person\\\/4d7bdc3b79e9f5198455474c0f203f3c\"},\"image\":{\"@id\":\"https:\\\/\\\/tarihkursu.com\\\/index.php\\\/2026\\\/08\\\/27\\\/1-3-1755-lizbon-1766-istanbul-depremlerinin-etkileri\\\/#primaryimage\"},\"thumbnailUrl\":\"https:\\\/\\\/tarihkursu.com\\\/wp-content\\\/uploads\\\/2024\\\/10\\\/11.SINIF-TARIH-NOTLAR.png\",\"keywords\":[\"11.s\u0131n\u0131f tarih\"],\"articleSection\":[\"11. S\u0131n\u0131f Tarih DERS NOTLARI\"],\"inLanguage\":\"tr\",\"potentialAction\":[{\"@type\":\"CommentAction\",\"name\":\"Comment\",\"target\":[\"https:\\\/\\\/tarihkursu.com\\\/index.php\\\/2026\\\/08\\\/27\\\/1-3-1755-lizbon-1766-istanbul-depremlerinin-etkileri\\\/#respond\"]}]},{\"@type\":\"WebPage\",\"@id\":\"https:\\\/\\\/tarihkursu.com\\\/index.php\\\/2026\\\/08\\\/27\\\/1-3-1755-lizbon-1766-istanbul-depremlerinin-etkileri\\\/\",\"url\":\"https:\\\/\\\/tarihkursu.com\\\/index.php\\\/2026\\\/08\\\/27\\\/1-3-1755-lizbon-1766-istanbul-depremlerinin-etkileri\\\/\",\"name\":\"1755 Lizbon ve 1766 \u0130stanbul Depremlerinin Etkileri | 11. S\u0131n\u0131f Tarih - Maarif Model Tarih Ders Notu\",\"isPartOf\":{\"@id\":\"https:\\\/\\\/tarihkursu.com\\\/#website\"},\"primaryImageOfPage\":{\"@id\":\"https:\\\/\\\/tarihkursu.com\\\/index.php\\\/2026\\\/08\\\/27\\\/1-3-1755-lizbon-1766-istanbul-depremlerinin-etkileri\\\/#primaryimage\"},\"image\":{\"@id\":\"https:\\\/\\\/tarihkursu.com\\\/index.php\\\/2026\\\/08\\\/27\\\/1-3-1755-lizbon-1766-istanbul-depremlerinin-etkileri\\\/#primaryimage\"},\"thumbnailUrl\":\"https:\\\/\\\/tarihkursu.com\\\/wp-content\\\/uploads\\\/2024\\\/10\\\/11.SINIF-TARIH-NOTLAR.png\",\"datePublished\":\"2026-08-27T12:46:19+00:00\",\"description\":\"1755 Lizbon ve 1766 \u0130stanbul depremlerinin etkilerini ve al\u0131nan tedbirleri kar\u015f\u0131la\u015ft\u0131ran 11. s\u0131n\u0131f tarih ders notu.\",\"breadcrumb\":{\"@id\":\"https:\\\/\\\/tarihkursu.com\\\/index.php\\\/2026\\\/08\\\/27\\\/1-3-1755-lizbon-1766-istanbul-depremlerinin-etkileri\\\/#breadcrumb\"},\"inLanguage\":\"tr\",\"potentialAction\":[{\"@type\":\"ReadAction\",\"target\":[\"https:\\\/\\\/tarihkursu.com\\\/index.php\\\/2026\\\/08\\\/27\\\/1-3-1755-lizbon-1766-istanbul-depremlerinin-etkileri\\\/\"]}]},{\"@type\":\"ImageObject\",\"inLanguage\":\"tr\",\"@id\":\"https:\\\/\\\/tarihkursu.com\\\/index.php\\\/2026\\\/08\\\/27\\\/1-3-1755-lizbon-1766-istanbul-depremlerinin-etkileri\\\/#primaryimage\",\"url\":\"https:\\\/\\\/tarihkursu.com\\\/wp-content\\\/uploads\\\/2024\\\/10\\\/11.SINIF-TARIH-NOTLAR.png\",\"contentUrl\":\"https:\\\/\\\/tarihkursu.com\\\/wp-content\\\/uploads\\\/2024\\\/10\\\/11.SINIF-TARIH-NOTLAR.png\",\"width\":1280,\"height\":720,\"caption\":\"11. s\u0131n\u0131f ders notlar\u0131\"},{\"@type\":\"BreadcrumbList\",\"@id\":\"https:\\\/\\\/tarihkursu.com\\\/index.php\\\/2026\\\/08\\\/27\\\/1-3-1755-lizbon-1766-istanbul-depremlerinin-etkileri\\\/#breadcrumb\",\"itemListElement\":[{\"@type\":\"ListItem\",\"position\":1,\"name\":\"Anasayfa\",\"item\":\"https:\\\/\\\/tarihkursu.com\\\/\"},{\"@type\":\"ListItem\",\"position\":2,\"name\":\"1755 Lizbon ve 1766 \u0130stanbul Depremlerinin Etkileri | 11. S\u0131n\u0131f Tarih &#8211; Maarif Model Tarih Ders Notu\"}]},{\"@type\":\"WebSite\",\"@id\":\"https:\\\/\\\/tarihkursu.com\\\/#website\",\"url\":\"https:\\\/\\\/tarihkursu.com\\\/\",\"name\":\"Tarih Kursu\",\"description\":\"\u0130\u015fimiz G\u00fcc\u00fcm\u00fcz Tarih\",\"publisher\":{\"@id\":\"https:\\\/\\\/tarihkursu.com\\\/#\\\/schema\\\/person\\\/4d7bdc3b79e9f5198455474c0f203f3c\"},\"potentialAction\":[{\"@type\":\"SearchAction\",\"target\":{\"@type\":\"EntryPoint\",\"urlTemplate\":\"https:\\\/\\\/tarihkursu.com\\\/?s={search_term_string}\"},\"query-input\":{\"@type\":\"PropertyValueSpecification\",\"valueRequired\":true,\"valueName\":\"search_term_string\"}}],\"inLanguage\":\"tr\"},{\"@type\":[\"Person\",\"Organization\"],\"@id\":\"https:\\\/\\\/tarihkursu.com\\\/#\\\/schema\\\/person\\\/4d7bdc3b79e9f5198455474c0f203f3c\",\"name\":\"admin\",\"image\":{\"@type\":\"ImageObject\",\"inLanguage\":\"tr\",\"@id\":\"https:\\\/\\\/tarihkursu.com\\\/wp-content\\\/uploads\\\/2024\\\/10\\\/TARIHKURSU-Kopyasi.png\",\"url\":\"https:\\\/\\\/tarihkursu.com\\\/wp-content\\\/uploads\\\/2024\\\/10\\\/TARIHKURSU-Kopyasi.png\",\"contentUrl\":\"https:\\\/\\\/tarihkursu.com\\\/wp-content\\\/uploads\\\/2024\\\/10\\\/TARIHKURSU-Kopyasi.png\",\"width\":1080,\"height\":1080,\"caption\":\"admin\"},\"logo\":{\"@id\":\"https:\\\/\\\/tarihkursu.com\\\/wp-content\\\/uploads\\\/2024\\\/10\\\/TARIHKURSU-Kopyasi.png\"},\"sameAs\":[\"https:\\\/\\\/tarihkursu.com\"]},{\"@type\":\"Person\",\"@id\":\"https:\\\/\\\/tarihkursu.com\\\/#\\\/schema\\\/person\\\/d0f9105e31352dbe9f08d098ffb8c878\",\"name\":\"tarihkursu\",\"image\":{\"@type\":\"ImageObject\",\"inLanguage\":\"tr\",\"@id\":\"https:\\\/\\\/secure.gravatar.com\\\/avatar\\\/1354763acbc865faa7650c3e1e4431f187276d71f132349411302a546cdeae54?s=96&d=mm&r=g\",\"url\":\"https:\\\/\\\/secure.gravatar.com\\\/avatar\\\/1354763acbc865faa7650c3e1e4431f187276d71f132349411302a546cdeae54?s=96&d=mm&r=g\",\"contentUrl\":\"https:\\\/\\\/secure.gravatar.com\\\/avatar\\\/1354763acbc865faa7650c3e1e4431f187276d71f132349411302a546cdeae54?s=96&d=mm&r=g\",\"caption\":\"tarihkursu\"},\"url\":\"https:\\\/\\\/tarihkursu.com\\\/index.php\\\/author\\\/tarihkursu\\\/\"}]}<\/script>\n<!-- \/ Yoast SEO plugin. -->","yoast_head_json":{"title":"1755 Lizbon ve 1766 \u0130stanbul Depremlerinin Etkileri | 11. S\u0131n\u0131f Tarih - Maarif Model Tarih Ders Notu","description":"1755 Lizbon ve 1766 \u0130stanbul depremlerinin etkilerini ve al\u0131nan tedbirleri kar\u015f\u0131la\u015ft\u0131ran 11. s\u0131n\u0131f tarih ders notu.","robots":{"index":"index","follow":"follow","max-snippet":"max-snippet:-1","max-image-preview":"max-image-preview:large","max-video-preview":"max-video-preview:-1"},"canonical":"https:\/\/tarihkursu.com\/index.php\/2026\/08\/27\/1-3-1755-lizbon-1766-istanbul-depremlerinin-etkileri\/","og_locale":"tr_TR","og_type":"article","og_title":"1755 Lizbon ve 1766 \u0130stanbul Depremlerinin Etkileri | 11. S\u0131n\u0131f Tarih - Maarif Model Tarih Ders Notu","og_description":"1755 Lizbon ve 1766 \u0130stanbul depremlerinin etkilerini ve al\u0131nan tedbirleri kar\u015f\u0131la\u015ft\u0131ran 11. s\u0131n\u0131f tarih ders notu.","og_url":"https:\/\/tarihkursu.com\/index.php\/2026\/08\/27\/1-3-1755-lizbon-1766-istanbul-depremlerinin-etkileri\/","og_site_name":"tarihkursu.com","article_published_time":"2026-08-27T12:46:19+00:00","og_image":[{"width":1280,"height":720,"url":"https:\/\/tarihkursu.com\/wp-content\/uploads\/2024\/10\/11.SINIF-TARIH-NOTLAR.png","type":"image\/png"}],"author":"tarihkursu","twitter_card":"summary_large_image","twitter_misc":{"Yazan:":"tarihkursu","Tahmini okuma s\u00fcresi":"12 dakika"},"schema":{"@context":"https:\/\/schema.org","@graph":[{"@type":"Article","@id":"https:\/\/tarihkursu.com\/index.php\/2026\/08\/27\/1-3-1755-lizbon-1766-istanbul-depremlerinin-etkileri\/#article","isPartOf":{"@id":"https:\/\/tarihkursu.com\/index.php\/2026\/08\/27\/1-3-1755-lizbon-1766-istanbul-depremlerinin-etkileri\/"},"author":{"name":"tarihkursu","@id":"https:\/\/tarihkursu.com\/#\/schema\/person\/d0f9105e31352dbe9f08d098ffb8c878"},"headline":"1755 Lizbon ve 1766 \u0130stanbul Depremlerinin Etkileri | 11. S\u0131n\u0131f Tarih &#8211; Maarif Model Tarih Ders Notu","datePublished":"2026-08-27T12:46:19+00:00","mainEntityOfPage":{"@id":"https:\/\/tarihkursu.com\/index.php\/2026\/08\/27\/1-3-1755-lizbon-1766-istanbul-depremlerinin-etkileri\/"},"wordCount":2758,"commentCount":0,"publisher":{"@id":"https:\/\/tarihkursu.com\/#\/schema\/person\/4d7bdc3b79e9f5198455474c0f203f3c"},"image":{"@id":"https:\/\/tarihkursu.com\/index.php\/2026\/08\/27\/1-3-1755-lizbon-1766-istanbul-depremlerinin-etkileri\/#primaryimage"},"thumbnailUrl":"https:\/\/tarihkursu.com\/wp-content\/uploads\/2024\/10\/11.SINIF-TARIH-NOTLAR.png","keywords":["11.s\u0131n\u0131f tarih"],"articleSection":["11. S\u0131n\u0131f Tarih DERS NOTLARI"],"inLanguage":"tr","potentialAction":[{"@type":"CommentAction","name":"Comment","target":["https:\/\/tarihkursu.com\/index.php\/2026\/08\/27\/1-3-1755-lizbon-1766-istanbul-depremlerinin-etkileri\/#respond"]}]},{"@type":"WebPage","@id":"https:\/\/tarihkursu.com\/index.php\/2026\/08\/27\/1-3-1755-lizbon-1766-istanbul-depremlerinin-etkileri\/","url":"https:\/\/tarihkursu.com\/index.php\/2026\/08\/27\/1-3-1755-lizbon-1766-istanbul-depremlerinin-etkileri\/","name":"1755 Lizbon ve 1766 \u0130stanbul Depremlerinin Etkileri | 11. S\u0131n\u0131f Tarih - Maarif Model Tarih Ders Notu","isPartOf":{"@id":"https:\/\/tarihkursu.com\/#website"},"primaryImageOfPage":{"@id":"https:\/\/tarihkursu.com\/index.php\/2026\/08\/27\/1-3-1755-lizbon-1766-istanbul-depremlerinin-etkileri\/#primaryimage"},"image":{"@id":"https:\/\/tarihkursu.com\/index.php\/2026\/08\/27\/1-3-1755-lizbon-1766-istanbul-depremlerinin-etkileri\/#primaryimage"},"thumbnailUrl":"https:\/\/tarihkursu.com\/wp-content\/uploads\/2024\/10\/11.SINIF-TARIH-NOTLAR.png","datePublished":"2026-08-27T12:46:19+00:00","description":"1755 Lizbon ve 1766 \u0130stanbul depremlerinin etkilerini ve al\u0131nan tedbirleri kar\u015f\u0131la\u015ft\u0131ran 11. s\u0131n\u0131f tarih ders notu.","breadcrumb":{"@id":"https:\/\/tarihkursu.com\/index.php\/2026\/08\/27\/1-3-1755-lizbon-1766-istanbul-depremlerinin-etkileri\/#breadcrumb"},"inLanguage":"tr","potentialAction":[{"@type":"ReadAction","target":["https:\/\/tarihkursu.com\/index.php\/2026\/08\/27\/1-3-1755-lizbon-1766-istanbul-depremlerinin-etkileri\/"]}]},{"@type":"ImageObject","inLanguage":"tr","@id":"https:\/\/tarihkursu.com\/index.php\/2026\/08\/27\/1-3-1755-lizbon-1766-istanbul-depremlerinin-etkileri\/#primaryimage","url":"https:\/\/tarihkursu.com\/wp-content\/uploads\/2024\/10\/11.SINIF-TARIH-NOTLAR.png","contentUrl":"https:\/\/tarihkursu.com\/wp-content\/uploads\/2024\/10\/11.SINIF-TARIH-NOTLAR.png","width":1280,"height":720,"caption":"11. s\u0131n\u0131f ders notlar\u0131"},{"@type":"BreadcrumbList","@id":"https:\/\/tarihkursu.com\/index.php\/2026\/08\/27\/1-3-1755-lizbon-1766-istanbul-depremlerinin-etkileri\/#breadcrumb","itemListElement":[{"@type":"ListItem","position":1,"name":"Anasayfa","item":"https:\/\/tarihkursu.com\/"},{"@type":"ListItem","position":2,"name":"1755 Lizbon ve 1766 \u0130stanbul Depremlerinin Etkileri | 11. S\u0131n\u0131f Tarih &#8211; Maarif Model Tarih Ders Notu"}]},{"@type":"WebSite","@id":"https:\/\/tarihkursu.com\/#website","url":"https:\/\/tarihkursu.com\/","name":"Tarih Kursu","description":"\u0130\u015fimiz G\u00fcc\u00fcm\u00fcz Tarih","publisher":{"@id":"https:\/\/tarihkursu.com\/#\/schema\/person\/4d7bdc3b79e9f5198455474c0f203f3c"},"potentialAction":[{"@type":"SearchAction","target":{"@type":"EntryPoint","urlTemplate":"https:\/\/tarihkursu.com\/?s={search_term_string}"},"query-input":{"@type":"PropertyValueSpecification","valueRequired":true,"valueName":"search_term_string"}}],"inLanguage":"tr"},{"@type":["Person","Organization"],"@id":"https:\/\/tarihkursu.com\/#\/schema\/person\/4d7bdc3b79e9f5198455474c0f203f3c","name":"admin","image":{"@type":"ImageObject","inLanguage":"tr","@id":"https:\/\/tarihkursu.com\/wp-content\/uploads\/2024\/10\/TARIHKURSU-Kopyasi.png","url":"https:\/\/tarihkursu.com\/wp-content\/uploads\/2024\/10\/TARIHKURSU-Kopyasi.png","contentUrl":"https:\/\/tarihkursu.com\/wp-content\/uploads\/2024\/10\/TARIHKURSU-Kopyasi.png","width":1080,"height":1080,"caption":"admin"},"logo":{"@id":"https:\/\/tarihkursu.com\/wp-content\/uploads\/2024\/10\/TARIHKURSU-Kopyasi.png"},"sameAs":["https:\/\/tarihkursu.com"]},{"@type":"Person","@id":"https:\/\/tarihkursu.com\/#\/schema\/person\/d0f9105e31352dbe9f08d098ffb8c878","name":"tarihkursu","image":{"@type":"ImageObject","inLanguage":"tr","@id":"https:\/\/secure.gravatar.com\/avatar\/1354763acbc865faa7650c3e1e4431f187276d71f132349411302a546cdeae54?s=96&d=mm&r=g","url":"https:\/\/secure.gravatar.com\/avatar\/1354763acbc865faa7650c3e1e4431f187276d71f132349411302a546cdeae54?s=96&d=mm&r=g","contentUrl":"https:\/\/secure.gravatar.com\/avatar\/1354763acbc865faa7650c3e1e4431f187276d71f132349411302a546cdeae54?s=96&d=mm&r=g","caption":"tarihkursu"},"url":"https:\/\/tarihkursu.com\/index.php\/author\/tarihkursu\/"}]}},"_links":{"self":[{"href":"https:\/\/tarihkursu.com\/index.php\/wp-json\/wp\/v2\/posts\/3616","targetHints":{"allow":["GET"]}}],"collection":[{"href":"https:\/\/tarihkursu.com\/index.php\/wp-json\/wp\/v2\/posts"}],"about":[{"href":"https:\/\/tarihkursu.com\/index.php\/wp-json\/wp\/v2\/types\/post"}],"author":[{"embeddable":true,"href":"https:\/\/tarihkursu.com\/index.php\/wp-json\/wp\/v2\/users\/2"}],"replies":[{"embeddable":true,"href":"https:\/\/tarihkursu.com\/index.php\/wp-json\/wp\/v2\/comments?post=3616"}],"version-history":[{"count":1,"href":"https:\/\/tarihkursu.com\/index.php\/wp-json\/wp\/v2\/posts\/3616\/revisions"}],"predecessor-version":[{"id":3617,"href":"https:\/\/tarihkursu.com\/index.php\/wp-json\/wp\/v2\/posts\/3616\/revisions\/3617"}],"wp:featuredmedia":[{"embeddable":true,"href":"https:\/\/tarihkursu.com\/index.php\/wp-json\/wp\/v2\/media\/1340"}],"wp:attachment":[{"href":"https:\/\/tarihkursu.com\/index.php\/wp-json\/wp\/v2\/media?parent=3616"}],"wp:term":[{"taxonomy":"category","embeddable":true,"href":"https:\/\/tarihkursu.com\/index.php\/wp-json\/wp\/v2\/categories?post=3616"},{"taxonomy":"post_tag","embeddable":true,"href":"https:\/\/tarihkursu.com\/index.php\/wp-json\/wp\/v2\/tags?post=3616"}],"curies":[{"name":"wp","href":"https:\/\/api.w.org\/{rel}","templated":true}]}}