{"id":3632,"date":"2026-08-27T15:51:35","date_gmt":"2026-08-27T12:51:35","guid":{"rendered":"https:\/\/tarihkursu.com\/?p=3632"},"modified":"2026-08-27T15:51:35","modified_gmt":"2026-08-27T12:51:35","slug":"3-3-osmanli-devletinin-insanlik-tarihine-katkilari","status":"publish","type":"post","link":"https:\/\/tarihkursu.com\/index.php\/2026\/08\/27\/3-3-osmanli-devletinin-insanlik-tarihine-katkilari\/","title":{"rendered":"Osmanl\u0131 Devleti\u2019nin \u0130nsanl\u0131k Tarihine Katk\u0131lar\u0131 | 11. S\u0131n\u0131f Tarih &#8211; Maarif Model Tarih Ders Notu"},"content":{"rendered":"\n<p class=\"wp-block-paragraph\"><strong>S\u0131n\u0131f:<\/strong> 11. S\u0131n\u0131f<\/p>\n\n\n\n<p class=\"wp-block-paragraph\"><strong>Ders:<\/strong> Tarih<\/p>\n\n\n\n<p class=\"wp-block-paragraph\"><strong>\u00dcnite:<\/strong> SAVA\u015eLAR SARMALINDA OSMANLI (1908-1918)<\/p>\n\n\n\n<p class=\"wp-block-paragraph\"><strong>\u00d6\u011frenme \u00c7\u0131kt\u0131s\u0131:<\/strong> Osmanl\u0131 Devleti\u2019nin \u0130nsanl\u0131k Tarihine Katk\u0131lar\u0131<\/p>\n\n\n\n<style>\n.tk-ders-notu,\n.tk-ders-notu * { box-sizing: border-box; }\n.tk-ders-notu {\n  --tk-lacivert: #173b67;\n  --tk-turkuaz: #087f8c;\n  --tk-bordo: #8a2638;\n  --tk-altin: #d9a514;\n  --tk-acik-mavi: #eef7ff;\n  --tk-acik-turkuaz: #e9fbfa;\n  --tk-acik-sari: #fff8dc;\n  --tk-metin: #1f2937;\n  width: 100%;\n  max-width: 1100px;\n  min-width: 0;\n  margin: 0 auto;\n  color: var(--tk-metin);\n  font-family: Arial, Helvetica, sans-serif;\n  font-size: 17px;\n  line-height: 1.72;\n  overflow-wrap: anywhere;\n  word-wrap: break-word;\n  hyphens: auto;\n}\n.tk-ders-notu .tk-ilerleme-iz {\n  position: sticky;\n  top: 0;\n  z-index: 20;\n  width: 100%;\n  height: 6px;\n  overflow: hidden;\n  border-radius: 999px;\n  background: #dce8f2;\n}\n.tk-ders-notu .tk-ilerleme-cubugu {\n  display: block;\n  width: 0;\n  height: 100%;\n  background: linear-gradient(90deg, var(--tk-turkuaz), var(--tk-altin));\n}\n.tk-ders-notu .tk-ust-kart {\n  margin: 12px 0 22px;\n  padding: clamp(20px, 4vw, 38px);\n  border-bottom: 6px solid var(--tk-altin);\n  border-radius: 18px;\n  color: #ffffff;\n  background: linear-gradient(135deg, #173b67, #205684);\n  box-shadow: 0 12px 28px rgba(23, 59, 103, .16);\n}\n.tk-ders-notu .tk-kod {\n  margin: 0 0 7px;\n  color: #ffdf75;\n  font-size: .85em;\n  font-weight: 800;\n  letter-spacing: .08em;\n  text-transform: uppercase;\n}\n.tk-ders-notu .tk-ana-baslik {\n  margin: 0;\n  color: #ffffff;\n  font-size: clamp(1.55rem, 4vw, 2.35rem);\n  font-weight: 800;\n  line-height: 1.22;\n}\n.tk-ders-notu .tk-seo-giris {\n  margin: 18px 0 0;\n  color: #f2f7fb;\n  font-size: 1em;\n}\n.tk-ders-notu .tk-eylem-cubugu {\n  display: flex;\n  flex-wrap: wrap;\n  gap: 10px;\n  margin: 0 0 18px;\n}\n.tk-ders-notu .tk-dugme {\n  min-height: 44px;\n  padding: 9px 16px;\n  border: 2px solid var(--tk-turkuaz);\n  border-radius: 10px;\n  color: #ffffff;\n  background: var(--tk-turkuaz);\n  font: inherit;\n  font-weight: 700;\n  line-height: 1.25;\n  cursor: pointer;\n}\n.tk-ders-notu .tk-dugme:hover { background: #056c76; }\n.tk-ders-notu .tk-dugme:focus-visible,\n.tk-ders-notu .tk-icindekiler a:focus-visible,\n.tk-ders-notu .tk-basa-don:focus-visible {\n  outline: 4px solid var(--tk-altin);\n  outline-offset: 3px;\n}\n.tk-ders-notu .tk-icindekiler {\n  width: 100%;\n  min-width: 0;\n  margin: 0 0 24px;\n  padding: 18px 20px;\n  border: 1px solid #b9dfe1;\n  border-left: 6px solid var(--tk-turkuaz);\n  border-radius: 14px;\n  background: var(--tk-acik-turkuaz);\n}\n.tk-ders-notu .tk-icindekiler-baslik {\n  margin: 0 0 8px;\n  color: var(--tk-lacivert);\n  font-size: 1.2em;\n  font-weight: 800;\n}\n.tk-ders-notu .tk-icindekiler ul {\n  margin: 0;\n  padding-left: 1.25em;\n}\n.tk-ders-notu .tk-icindekiler li { margin: 4px 0; }\n.tk-ders-notu .tk-icindekiler .tk-alt-baslik-baglantisi { margin-left: 1em; }\n.tk-ders-notu .tk-icindekiler a {\n  color: #075f69;\n  font-weight: 700;\n  text-decoration-thickness: 2px;\n  text-underline-offset: 3px;\n}\n.tk-ders-notu .tk-icindekiler a[aria-current=\"true\"] {\n  color: var(--tk-bordo);\n  background: #fff1f3;\n  border-radius: 5px;\n  box-shadow: 0 0 0 3px #fff1f3;\n}\n.tk-ders-notu .tk-kart {\n  width: 100%;\n  min-width: 0;\n  margin: 0 0 22px;\n  padding: clamp(17px, 3vw, 28px);\n  border: 1px solid #dbe6ee;\n  border-radius: 16px;\n  background: #ffffff;\n  box-shadow: 0 8px 22px rgba(23, 59, 103, .08);\n}\n.tk-ders-notu .tk-kart-giris { background: var(--tk-acik-mavi); }\n.tk-ders-notu h2,\n.tk-ders-notu h3 {\n  scroll-margin-top: 24px;\n  overflow-wrap: anywhere;\n}\n.tk-ders-notu h2 {\n  margin: 0 0 16px;\n  padding-bottom: 8px;\n  border-bottom: 4px solid var(--tk-altin);\n  color: var(--tk-lacivert);\n  font-size: clamp(1.3rem, 3vw, 1.72rem);\n  font-weight: 800;\n  line-height: 1.3;\n}\n.tk-ders-notu h3 {\n  margin: 24px 0 10px;\n  color: var(--tk-bordo);\n  font-size: clamp(1.1rem, 2.5vw, 1.35rem);\n  font-weight: 800;\n  line-height: 1.35;\n}\n.tk-ders-notu .tk-metin,\n.tk-ders-notu .tk-gorsel-aciklamasi { margin: 0 0 13px; }\n.tk-ders-notu .tk-gorsel-aciklamasi {\n  padding: 10px 14px;\n  border-left: 4px solid var(--tk-altin);\n  color: #34495e;\n  background: var(--tk-acik-sari);\n  font-size: .95em;\n  font-style: italic;\n}\n.tk-ders-notu .tk-liste {\n  display: grid;\n  gap: 9px;\n  margin: 12px 0 18px;\n  padding: 0;\n  list-style: none;\n}\n.tk-ders-notu .tk-liste > li {\n  position: relative;\n  min-width: 0;\n  padding: 10px 12px 10px 42px;\n  border: 1px solid #cfe6e8;\n  border-radius: 10px;\n  background: #f7fcfc;\n  overflow-wrap: anywhere;\n}\n.tk-ders-notu .tk-liste > li::before {\n  content: \"\u2713\";\n  position: absolute;\n  left: 12px;\n  top: 10px;\n  width: 22px;\n  height: 22px;\n  border-radius: 50%;\n  color: #ffffff;\n  background: var(--tk-turkuaz);\n  font-size: 13px;\n  font-weight: 900;\n  line-height: 22px;\n  text-align: center;\n}\n.tk-ders-notu .tk-alinti {\n  margin: 16px 0;\n  padding: 15px 18px;\n  border-left: 6px solid var(--tk-bordo);\n  border-radius: 10px;\n  color: #5d1b28;\n  background: #fff1f3;\n  font-style: italic;\n}\n.tk-ders-notu .tk-bilgi-kutusu {\n  width: 100%;\n  min-width: 0;\n  margin: 16px 0;\n  padding: 15px 17px;\n  border: 1px solid #ead381;\n  border-left: 6px solid var(--tk-altin);\n  border-radius: 12px;\n  background: var(--tk-acik-sari);\n  overflow-wrap: anywhere;\n}\n.tk-ders-notu .tk-bilgi-etiket {\n  margin: 0 0 5px;\n  color: var(--tk-bordo);\n  font-weight: 900;\n}\n.tk-ders-notu .tk-bilgi-icerik > :last-child { margin-bottom: 0; }\n.tk-ders-notu .tk-tablo-kapsayici {\n  width: 100%;\n  max-width: 100%;\n  min-width: 0;\n  margin: 18px 0;\n  overflow: visible;\n}\n.tk-ders-notu .tk-tablosu {\n  width: 100%;\n  max-width: 100%;\n  min-width: 0;\n  border-collapse: collapse;\n  border-spacing: 0;\n  table-layout: fixed;\n}\n.tk-ders-notu .tk-tablosu th,\n.tk-ders-notu .tk-tablosu td {\n  min-width: 0;\n  padding: 11px 12px;\n  border: 1px solid #b8c9d6;\n  vertical-align: top;\n  text-align: left;\n  white-space: normal;\n  overflow-wrap: anywhere;\n  word-wrap: break-word;\n  word-break: normal;\n  hyphens: auto;\n}\n.tk-ders-notu .tk-tablosu thead th {\n  color: #ffffff;\n  background: var(--tk-lacivert);\n  font-weight: 800;\n}\n.tk-ders-notu .tk-tablosu tbody tr:nth-child(even) { background: var(--tk-acik-mavi); }\n.tk-ders-notu .tk-tablosu tbody td:first-child {\n  color: #6f1e2d;\n  font-weight: 700;\n}\n.tk-ders-notu .tk-hucre-metin { margin: 0 0 7px; }\n.tk-ders-notu .tk-hucre-metin:last-child { margin-bottom: 0; }\n.tk-ders-notu .tk-basa-don {\n  position: fixed;\n  right: 18px;\n  bottom: 18px;\n  z-index: 30;\n  display: none;\n  min-width: 48px;\n  min-height: 48px;\n  padding: 9px 13px;\n  border: 0;\n  border-radius: 999px;\n  color: #ffffff;\n  background: var(--tk-bordo);\n  font: inherit;\n  font-weight: 800;\n  box-shadow: 0 8px 22px rgba(86, 20, 34, .28);\n  cursor: pointer;\n}\n.tk-ders-notu .tk-basa-don.tk-gorunur { display: inline-flex; align-items: center; justify-content: center; }\n@media (max-width: 720px) {\n  .tk-ders-notu { font-size: 16px; line-height: 1.65; }\n  .tk-ders-notu .tk-ust-kart,\n  .tk-ders-notu .tk-kart { border-radius: 12px; }\n  .tk-ders-notu .tk-dugme { flex: 1 1 145px; }\n  .tk-ders-notu .tk-cok-sutun table,\n  .tk-ders-notu .tk-cok-sutun thead,\n  .tk-ders-notu .tk-cok-sutun tbody,\n  .tk-ders-notu .tk-cok-sutun tr,\n  .tk-ders-notu .tk-cok-sutun th,\n  .tk-ders-notu .tk-cok-sutun td { display: block; width: 100%; min-width: 0; }\n  .tk-ders-notu .tk-cok-sutun thead { position: absolute; width: 1px; height: 1px; overflow: hidden; clip: rect(0 0 0 0); white-space: nowrap; }\n  .tk-ders-notu .tk-cok-sutun tbody { display: grid; gap: 14px; }\n  .tk-ders-notu .tk-cok-sutun tbody tr {\n    overflow: hidden;\n    border: 1px solid #b8c9d6;\n    border-radius: 12px;\n    background: #ffffff;\n    box-shadow: 0 5px 14px rgba(23, 59, 103, .08);\n  }\n  .tk-ders-notu .tk-cok-sutun tbody td { border: 0; border-bottom: 1px solid #dce6ed; }\n  .tk-ders-notu .tk-cok-sutun tbody td:last-child { border-bottom: 0; }\n  .tk-ders-notu .tk-cok-sutun tbody td::before {\n    content: attr(data-label);\n    display: block;\n    margin: 0 0 4px;\n    color: var(--tk-lacivert);\n    font-weight: 900;\n  }\n}\n@media (max-width: 375px) {\n  .tk-ders-notu { font-size: 15.5px; }\n  .tk-ders-notu .tk-ust-kart,\n  .tk-ders-notu .tk-kart,\n  .tk-ders-notu .tk-icindekiler { padding: 15px; }\n  .tk-ders-notu .tk-liste > li { padding-left: 38px; }\n  .tk-ders-notu .tk-tablosu th,\n  .tk-ders-notu .tk-tablosu td { padding: 9px 8px; }\n  .tk-ders-notu .tk-basa-don { right: 10px; bottom: 10px; }\n}\n@media print {\n  .tk-ders-notu { max-width: none; color: #000000; font-size: 11pt; line-height: 1.45; }\n  .tk-ders-notu .tk-ilerleme-iz,\n  .tk-ders-notu .tk-eylem-cubugu,\n  .tk-ders-notu .tk-basa-don { display: none !important; }\n  .tk-ders-notu .tk-ust-kart { color: #000000; background: #ffffff; box-shadow: none; border: 2px solid #173b67; border-bottom: 5px solid #d9a514; }\n  .tk-ders-notu .tk-kod,\n  .tk-ders-notu .tk-ana-baslik,\n  .tk-ders-notu .tk-seo-giris { color: #000000; }\n  .tk-ders-notu .tk-kart { break-inside: avoid-page; box-shadow: none; }\n  .tk-ders-notu .tk-tablosu { break-inside: auto; }\n  .tk-ders-notu .tk-tablosu tr { break-inside: avoid; }\n}\n<\/style>\n<article class=\"tk-ders-notu\" lang=\"tr\" id=\"tk-ders-3-3\">\n<div class=\"tk-ilerleme-iz\" aria-hidden=\"true\"><span class=\"tk-ilerleme-cubugu\"><\/span><\/div>\n<header class=\"tk-ust-kart\" aria-labelledby=\"tk-3-3-ana-baslik\">\n<p class=\"tk-kod\">11. S\u0131n\u0131f Tarih \u2022 \u00d6\u011frenme \u00c7\u0131kt\u0131s\u0131 3.3<\/p>\n<p class=\"tk-ana-baslik\" id=\"tk-3-3-ana-baslik\">Osmanl\u0131 Devleti\u2019nin \u0130nsanl\u0131k Tarihine Katk\u0131lar\u0131<\/p>\n<p class=\"tk-seo-giris\">11. s\u0131n\u0131f tarih dersindeki Osmanl\u0131 Devleti\u2019nin \u0130nsanl\u0131k Tarihine Katk\u0131lar\u0131 \u00f6\u011frenme \u00e7\u0131kt\u0131s\u0131, y\u00fczy\u0131llar boyunca olu\u015fan \u00e7ok y\u00f6nl\u00fc miras\u0131 farkl\u0131 alanlarla ili\u015fkilendirmeyi ama\u00e7lar. Bu tarih ders notu, T\u00fcrkiye Y\u00fczy\u0131l\u0131 Maarif Modeli do\u011frultusunda belgedeki anlat\u0131m s\u0131ras\u0131n\u0131 koruyarak Osmanl\u0131 Devleti\u2019nin siyasi ve asker\u00ee te\u015fkilat\u0131n\u0131, adalet anlay\u0131\u015f\u0131n\u0131, bilim ve e\u011fitim kurumlar\u0131n\u0131, k\u00fclt\u00fcr\u00fcn\u00fc ve sanat\u0131n\u0131 ele al\u0131r. Farkl\u0131 toplumlar\u0131n bir arada ya\u015famas\u0131yla olu\u015fan etkile\u015fim; \u015fehir, mimari, vak\u0131f, dil, edebiyat, m\u00fczik ve g\u00fcndelik hayat ba\u015fl\u0131klar\u0131yla birlikte de\u011ferlendirilmi\u015ftir. Tablolar ve bilgi kutular\u0131, kurumlar\u0131, eserleri ve uygulamalar\u0131 kar\u015f\u0131la\u015ft\u0131rmal\u0131 bi\u00e7imde g\u00f6rmenizi sa\u011flar. Konuyu \u00e7al\u0131\u015f\u0131rken katk\u0131lar\u0131 yaln\u0131zca tek tek \u00f6rnekler olarak de\u011fil, farkl\u0131 co\u011frafyalarda iz b\u0131rakan ortak bir tarih\u00ee ve k\u00fclt\u00fcrel miras\u0131n par\u00e7alar\u0131 olarak d\u00fc\u015f\u00fcnerek ilerleyebilirsiniz.<\/p>\n<\/header>\n<div class=\"tk-eylem-cubugu\" aria-label=\"Ders notu ara\u00e7lar\u0131\">\n<button class=\"tk-dugme\" type=\"button\" data-tk-action=\"print\" aria-label=\"Ders notunu yazd\u0131r\">Yazd\u0131r<\/button>\n<button class=\"tk-dugme\" type=\"button\" data-tk-action=\"toc\" aria-label=\"\u0130\u00e7indekiler b\u00f6l\u00fcm\u00fcne git\">\u0130\u00e7indekilere Git<\/button>\n<\/div>\n<nav class=\"tk-icindekiler\" id=\"tk-3-3-icindekiler\" aria-label=\"Ders notu i\u00e7indekiler\">\n<p class=\"tk-icindekiler-baslik\">\u0130\u00e7indekiler<\/p>\n<ul>\n<li><a href=\"#tk-3-3-konuya-giris\">Konuya Giri\u015f<\/a><\/li>\n<li><a href=\"#tk-3-3-kulturel-mirasin-dunyaya-yansimasi\">K\u00fclt\u00fcrel Miras\u0131n D\u00fcnya\u2019ya Yans\u0131mas\u0131<\/a><\/li>\n<li><a href=\"#tk-3-3-balkanlarda-osmanli-vakif-eserleri\">Balkanlarda Osmanl\u0131 Vak\u0131f Eserleri<\/a><\/li>\n<li><a href=\"#tk-3-3-kanuni-ve-hukuki-miras\">Kanuni ve Hukuk\u00ee Miras<\/a><\/li>\n<li><a href=\"#tk-3-3-hammerin-turkler-hakkindaki-gorusu\">Hammer\u2019in T\u00fcrkler Hakk\u0131ndaki G\u00f6r\u00fc\u015f\u00fc<\/a><\/li>\n<li><a href=\"#tk-3-3-mehter-takimi-ve-muzigi\">Mehter Tak\u0131m\u0131 ve M\u00fczi\u011fi<\/a><\/li>\n<li><a href=\"#tk-3-3-osmanli-barisi-pax-ottomana\">Osmanl\u0131 Bar\u0131\u015f\u0131 (Pax Ottomana)<\/a><\/li>\n<li><a href=\"#tk-3-3-istimalet-politikasi\">\u0130stimalet Politikas\u0131<\/a><\/li>\n<li><a href=\"#tk-3-3-sipahilik-sistemi\">Sipahilik Sistemi<\/a><\/li>\n<li><a href=\"#tk-3-3-turquerie-modasi\">Turquerie Modas\u0131<\/a><\/li>\n<li><a href=\"#tk-3-3-kumas-ve-hali-dokumaciligi\">Kuma\u015f ve Hal\u0131 Dokumac\u0131l\u0131\u011f\u0131<\/a><\/li>\n<li><a href=\"#tk-3-3-sanat-ve-opera\">Sanat ve Opera<\/a><\/li>\n<li><a href=\"#tk-3-3-musiki\">Musiki<\/a><\/li>\n<li><a href=\"#tk-3-3-kitap-susleme-ve-ciltcilik\">Kitap S\u00fcsleme ve Cilt\u00e7ilik<\/a><\/li>\n<li><a href=\"#tk-3-3-yemek-kulturu\">Yemek K\u00fclt\u00fcr\u00fc<\/a><\/li>\n<li><a href=\"#tk-3-3-istanbulun-tarihi-alanlari\">\u0130stanbul\u2019un Tarih\u00ee Alanlar\u0131<\/a><\/li>\n<li><a href=\"#tk-3-3-suleymaniye\">S\u00fcleymaniye<\/a><\/li>\n<li><a href=\"#tk-3-3-osmanli-devletinin-insanlik-tarihine-katkilari\">Osmanl\u0131 Devleti\u2019nin insanl\u0131k tarihine katk\u0131lar\u0131<\/a><\/li>\n<li class=\"tk-alt-baslik-baglantisi\"><a href=\"#tk-3-3-musiki-2\">MUS\u0130K\u0130<\/a><\/li>\n<li class=\"tk-alt-baslik-baglantisi\"><a href=\"#tk-3-3-dokuma-ve-sanat\">DOKUMA VE SANAT<\/a><\/li>\n<li class=\"tk-alt-baslik-baglantisi\"><a href=\"#tk-3-3-gunluk-yasam\">G\u00dcNL\u00dcK YA\u015eAM<\/a><\/li>\n<\/ul>\n<\/nav>\n<section class=\"tk-kart\" aria-labelledby=\"tk-3-3-konuya-giris\">\n<h2 id=\"tk-3-3-konuya-giris\"><strong>Konuya<\/strong><strong> Giri\u015f<\/strong><\/h2>\n<ul class=\"tk-liste\">\n<li>Osmanl\u0131 Devleti, XIII. y\u00fczy\u0131l sonundan XX. y\u00fczy\u0131l\u0131n ilk \u00e7eyre\u011fine kadar h\u00fck\u00fcm s\u00fcrd\u00fc.<\/li>\n<li>600 y\u0131ldan uzun s\u00fcre \u00fc\u00e7 k\u0131tada varl\u0131k g\u00f6sterdi.<\/li>\n<li>T\u00fcrkistan\u2019dan T\u00fcrkiye\u2019ye ta\u015f\u0131nan siyasi, asker\u00ee ve k\u00fclt\u00fcrel birikim geli\u015fti.<\/li>\n<li>Osmanl\u0131 tebaas\u0131ndaki milletlerin birikimleriyle etkile\u015fim ya\u015fand\u0131.<\/li>\n<li>Siyaset, askerlik, adalet, bilim, k\u00fclt\u00fcr, e\u011fitim ve sanat alanlar\u0131nda etkiler b\u0131rakt\u0131.<\/li>\n<li>Bu miras, farkl\u0131 toplumlarda ortak k\u00fclt\u00fcrel miras olarak ya\u015famaya devam etti.<\/li>\n<\/ul>\n<aside class=\"tk-bilgi-kutusu\" role=\"note\" aria-label=\"Konuya Giri\u015f - tablo 1\">\n<div class=\"tk-bilgi-etiket\"><p class=\"tk-hucre-metin\"><strong>SINAV NOTU<\/strong><\/p><\/div>\n<div class=\"tk-bilgi-icerik\"><p class=\"tk-hucre-metin\">Osmanl\u0131 Devleti, 600 y\u0131ldan uzun s\u00fcre \u00fc\u00e7 k\u0131tada varl\u0131k g\u00f6stererek siyasi, asker\u00ee ve k\u00fclt\u00fcrel bir miras b\u0131rakt\u0131.<\/p><\/div>\n<\/aside>\n<\/section>\n<section class=\"tk-kart\" aria-labelledby=\"tk-3-3-kulturel-mirasin-dunyaya-yansimasi\">\n<h2 id=\"tk-3-3-kulturel-mirasin-dunyaya-yansimasi\">K\u00fclt\u00fcrel Miras\u0131n D\u00fcnya\u2019ya Yans\u0131mas\u0131<\/h2>\n<ul class=\"tk-liste\">\n<li>T\u00fcrk kahvesi, 2013\u2019te \u0130nsanl\u0131\u011f\u0131n Somut Olmayan K\u00fclt\u00fcrel Miras\u0131 Temsil\u00ee Listesi\u2019ne kaydedildi.<\/li>\n<li>K\u0131rkp\u0131nar Ya\u011fl\u0131 G\u00fcre\u015f Festivali, XIV. y\u00fczy\u0131lda Rumeli\u2019de ba\u015flad\u0131.<\/li>\n<li>K\u0131rkp\u0131nar, uzun y\u0131llard\u0131r Edirne\u2019de d\u00fczenlenen \u00f6nemli bir T\u00fcrk k\u00fclt\u00fcr etkinli\u011fidir.<\/li>\n<li>K\u0131rkp\u0131nar Ya\u011fl\u0131 G\u00fcre\u015fleri, 2010\u2019da ayn\u0131 listeye kaydedildi.<\/li>\n<li>Meksiko\u2019daki saat kulesi, Osmanl\u0131 sakinleri taraf\u0131ndan Meksika halk\u0131na hediye edildi.<\/li>\n<li>Bu hediye, Meksika Ba\u011f\u0131ms\u0131zl\u0131k G\u00fcn\u00fc\u2019n\u00fcn 100. y\u0131l d\u00f6n\u00fcm\u00fcnde verildi.<\/li>\n<\/ul>\n<aside class=\"tk-bilgi-kutusu\" role=\"note\" aria-label=\"K\u00fclt\u00fcrel Miras\u0131n D\u00fcnya\u2019ya Yans\u0131mas\u0131 - tablo 2\">\n<div class=\"tk-bilgi-etiket\"><p class=\"tk-hucre-metin\"><strong>KRONOLOJ\u0130<\/strong><\/p><\/div>\n<div class=\"tk-bilgi-icerik\"><p class=\"tk-hucre-metin\">XIV. y\u00fczy\u0131l: K\u0131rkp\u0131nar ba\u015flad\u0131.<br> 2010: K\u0131rkp\u0131nar listeye kaydedildi.<br> 2013: T\u00fcrk kahvesi listeye kaydedildi.<\/p><\/div>\n<\/aside>\n<ul class=\"tk-liste\">\n<li>Almanya\u2019daki Pembe Cami, 1795\u2019te Schwetzingen Saray\u0131 bah\u00e7esinde in\u015fa edildi.<\/li>\n<li>Tahminen 1755\u2019te Painshill Park i\u00e7in bir T\u00fcrk \u00e7ad\u0131r\u0131 tasarland\u0131.<\/li>\n<li>Viyana\u2019daki \u0130mparator Franz Joseph Odas\u0131, tahminen 1855\u2019te in\u015fa edildi.<\/li>\n<li>Leipzig\u2019deki bir bina, g\u00fcn\u00fcm\u00fczde kahve m\u00fczesi ve kafe olarak kullan\u0131lmaktad\u0131r.<\/li>\n<li>Polonya Kral\u0131 II. Augustus, 1697\u2019deki bir turnuvada Osmanl\u0131 k\u0131yafetleriyle g\u00f6sterildi.<\/li>\n<li>Fransa\u2019daki baz\u0131 portre ve resimlerde Osmanl\u0131-T\u00fcrk etkileri yer ald\u0131.<\/li>\n<\/ul>\n<aside class=\"tk-bilgi-kutusu\" role=\"note\" aria-label=\"K\u00fclt\u00fcrel Miras\u0131n D\u00fcnya\u2019ya Yans\u0131mas\u0131 - tablo 3\">\n<div class=\"tk-bilgi-etiket\"><p class=\"tk-hucre-metin\"><strong>\u00d6SYM D\u0130KKAT<\/strong><\/p><\/div>\n<div class=\"tk-bilgi-icerik\"><p class=\"tk-hucre-metin\">Avrupa\u2019daki mimari, k\u0131yafet, portre ve g\u00fcndelik ya\u015fam \u00f6rneklerinde Osmanl\u0131-T\u00fcrk etkileri g\u00f6r\u00fclm\u00fc\u015ft\u00fcr.<\/p><\/div>\n<\/aside>\n<\/section>\n<section class=\"tk-kart\" aria-labelledby=\"tk-3-3-balkanlarda-osmanli-vakif-eserleri\">\n<h2 id=\"tk-3-3-balkanlarda-osmanli-vakif-eserleri\">Balkanlarda Osmanl\u0131 Vak\u0131f Eserleri<\/h2>\n<div class=\"tk-tablo-kapsayici tk-cok-sutun\" role=\"region\" aria-label=\"Balkanlarda Osmanl\u0131 Vak\u0131f Eserleri - tablo 4\">\n<table class=\"tk-tablosu\">\n<thead>\n<tr>\n<th scope=\"col\"><p class=\"tk-hucre-metin\"><strong>Balkan \u00dclkesi<\/strong><\/p><\/th>\n<th scope=\"col\"><p class=\"tk-hucre-metin\"><strong>\u0130n\u015fa Edilen<\/strong><\/p><\/th>\n<th scope=\"col\"><p class=\"tk-hucre-metin\"><strong>Ayakta Kalan<\/strong><\/p><\/th>\n<th scope=\"col\"><p class=\"tk-hucre-metin\"><strong>Oran<\/strong><\/p><\/th>\n<\/tr>\n<\/thead>\n<tbody>\n<tr>\n<td data-label=\"Balkan \u00dclkesi\"><p class=\"tk-hucre-metin\">Arnavutluk<\/p><\/td>\n<td data-label=\"\u0130n\u015fa Edilen\"><p class=\"tk-hucre-metin\">1015<\/p><\/td>\n<td data-label=\"Ayakta Kalan\"><p class=\"tk-hucre-metin\">230<\/p><\/td>\n<td data-label=\"Oran\"><p class=\"tk-hucre-metin\">%20<\/p><\/td>\n<\/tr>\n<tr>\n<td data-label=\"Balkan \u00dclkesi\"><p class=\"tk-hucre-metin\">Bosna-Hersek<\/p><\/td>\n<td data-label=\"\u0130n\u015fa Edilen\"><p class=\"tk-hucre-metin\">3560<\/p><\/td>\n<td data-label=\"Ayakta Kalan\"><p class=\"tk-hucre-metin\">926<\/p><\/td>\n<td data-label=\"Oran\"><p class=\"tk-hucre-metin\">%18<\/p><\/td>\n<\/tr>\n<tr>\n<td data-label=\"Balkan \u00dclkesi\"><p class=\"tk-hucre-metin\">Bulgaristan<\/p><\/td>\n<td data-label=\"\u0130n\u015fa Edilen\"><p class=\"tk-hucre-metin\">3339<\/p><\/td>\n<td data-label=\"Ayakta Kalan\"><p class=\"tk-hucre-metin\">628<\/p><\/td>\n<td data-label=\"Oran\"><p class=\"tk-hucre-metin\">%16<\/p><\/td>\n<\/tr>\n<tr>\n<td data-label=\"Balkan \u00dclkesi\"><p class=\"tk-hucre-metin\">H\u0131rvatistan<\/p><\/td>\n<td data-label=\"\u0130n\u015fa Edilen\"><p class=\"tk-hucre-metin\">241<\/p><\/td>\n<td data-label=\"Ayakta Kalan\"><p class=\"tk-hucre-metin\">54<\/p><\/td>\n<td data-label=\"Oran\"><p class=\"tk-hucre-metin\">%22<\/p><\/td>\n<\/tr>\n<tr>\n<td data-label=\"Balkan \u00dclkesi\"><p class=\"tk-hucre-metin\">Karada\u011f<\/p><\/td>\n<td data-label=\"\u0130n\u015fa Edilen\"><p class=\"tk-hucre-metin\">222<\/p><\/td>\n<td data-label=\"Ayakta Kalan\"><p class=\"tk-hucre-metin\">137<\/p><\/td>\n<td data-label=\"Oran\"><p class=\"tk-hucre-metin\">%43<\/p><\/td>\n<\/tr>\n<tr>\n<td data-label=\"Balkan \u00dclkesi\"><p class=\"tk-hucre-metin\">Kosova<\/p><\/td>\n<td data-label=\"\u0130n\u015fa Edilen\"><p class=\"tk-hucre-metin\">361<\/p><\/td>\n<td data-label=\"Ayakta Kalan\"><p class=\"tk-hucre-metin\">225<\/p><\/td>\n<td data-label=\"Oran\"><p class=\"tk-hucre-metin\">%61<\/p><\/td>\n<\/tr>\n<\/tbody>\n<\/table>\n<\/div>\n<aside class=\"tk-bilgi-kutusu\" role=\"note\" aria-label=\"Balkanlarda Osmanl\u0131 Vak\u0131f Eserleri - tablo 5\">\n<div class=\"tk-bilgi-etiket\"><p class=\"tk-hucre-metin\"><strong>\u00d6SYM D\u0130KKAT<\/strong><\/p><\/div>\n<div class=\"tk-bilgi-icerik\"><p class=\"tk-hucre-metin\">Bu tabloda ayakta kalma oran\u0131 en y\u00fcksek \u00fclke Kosova\u2019d\u0131r (%61).<\/p><\/div>\n<\/aside>\n<div class=\"tk-tablo-kapsayici tk-cok-sutun\" role=\"region\" aria-label=\"Balkanlarda Osmanl\u0131 Vak\u0131f Eserleri - tablo 6\">\n<table class=\"tk-tablosu\">\n<thead>\n<tr>\n<th scope=\"col\"><p class=\"tk-hucre-metin\"><strong>Balkan \u00dclkesi<\/strong><\/p><\/th>\n<th scope=\"col\"><p class=\"tk-hucre-metin\"><strong>\u0130n\u015fa Edilen<\/strong><\/p><\/th>\n<th scope=\"col\"><p class=\"tk-hucre-metin\"><strong>Ayakta Kalan<\/strong><\/p><\/th>\n<th scope=\"col\"><p class=\"tk-hucre-metin\"><strong>Oran<\/strong><\/p><\/th>\n<\/tr>\n<\/thead>\n<tbody>\n<tr>\n<td data-label=\"Balkan \u00dclkesi\"><p class=\"tk-hucre-metin\">Macaristan<\/p><\/td>\n<td data-label=\"\u0130n\u015fa Edilen\"><p class=\"tk-hucre-metin\">724<\/p><\/td>\n<td data-label=\"Ayakta Kalan\"><p class=\"tk-hucre-metin\">41<\/p><\/td>\n<td data-label=\"Oran\"><p class=\"tk-hucre-metin\">%06<\/p><\/td>\n<\/tr>\n<tr>\n<td data-label=\"Balkan \u00dclkesi\"><p class=\"tk-hucre-metin\">Makedonya<\/p><\/td>\n<td data-label=\"\u0130n\u015fa Edilen\"><p class=\"tk-hucre-metin\">1413<\/p><\/td>\n<td data-label=\"Ayakta Kalan\"><p class=\"tk-hucre-metin\">584<\/p><\/td>\n<td data-label=\"Oran\"><p class=\"tk-hucre-metin\">%34<\/p><\/td>\n<\/tr>\n<tr>\n<td data-label=\"Balkan \u00dclkesi\"><p class=\"tk-hucre-metin\">Romanya<\/p><\/td>\n<td data-label=\"\u0130n\u015fa Edilen\"><p class=\"tk-hucre-metin\">291<\/p><\/td>\n<td data-label=\"Ayakta Kalan\"><p class=\"tk-hucre-metin\">140<\/p><\/td>\n<td data-label=\"Oran\"><p class=\"tk-hucre-metin\">%38<\/p><\/td>\n<\/tr>\n<tr>\n<td data-label=\"Balkan \u00dclkesi\"><p class=\"tk-hucre-metin\">S\u0131rbistan<\/p><\/td>\n<td data-label=\"\u0130n\u015fa Edilen\"><p class=\"tk-hucre-metin\">909<\/p><\/td>\n<td data-label=\"Ayakta Kalan\"><p class=\"tk-hucre-metin\">182<\/p><\/td>\n<td data-label=\"Oran\"><p class=\"tk-hucre-metin\">%18<\/p><\/td>\n<\/tr>\n<tr>\n<td data-label=\"Balkan \u00dclkesi\"><p class=\"tk-hucre-metin\">Yunanistan<\/p><\/td>\n<td data-label=\"\u0130n\u015fa Edilen\"><p class=\"tk-hucre-metin\">3771<\/p><\/td>\n<td data-label=\"Ayakta Kalan\"><p class=\"tk-hucre-metin\">756<\/p><\/td>\n<td data-label=\"Oran\"><p class=\"tk-hucre-metin\">%20<\/p><\/td>\n<\/tr>\n<tr>\n<td data-label=\"Balkan \u00dclkesi\"><p class=\"tk-hucre-metin\"><strong>TOPLAM<\/strong><\/p><\/td>\n<td data-label=\"\u0130n\u015fa Edilen\"><p class=\"tk-hucre-metin\"><strong>15.846<\/strong><\/p><\/td>\n<td data-label=\"Ayakta Kalan\"><p class=\"tk-hucre-metin\"><strong>3.903<\/strong><\/p><\/td>\n<td data-label=\"Oran\"><p class=\"tk-hucre-metin\"><strong>%15<\/strong><\/p><\/td>\n<\/tr>\n<\/tbody>\n<\/table>\n<\/div>\n<p class=\"tk-metin\"><strong>Tablodaki toplam veri: 15.846 eser in\u015fa edilmi\u015f, 3.903 eser ayakta kalm\u0131\u015ft\u0131r.<\/strong><\/p>\n<aside class=\"tk-bilgi-kutusu\" role=\"note\" aria-label=\"Balkanlarda Osmanl\u0131 Vak\u0131f Eserleri - tablo 7\">\n<div class=\"tk-bilgi-etiket\"><p class=\"tk-hucre-metin\"><strong>\u00d6SYM D\u0130KKAT<\/strong><\/p><\/div>\n<div class=\"tk-bilgi-icerik\"><p class=\"tk-hucre-metin\">Toplam 15.846 eserin 3.903\u2019\u00fc ayakta kalm\u0131\u015ft\u0131r. Tablodaki toplam oran %15\u2019tir.<\/p><\/div>\n<\/aside>\n<\/section>\n<section class=\"tk-kart\" aria-labelledby=\"tk-3-3-kanuni-ve-hukuki-miras\">\n<h2 id=\"tk-3-3-kanuni-ve-hukuki-miras\">Kanuni ve Hukuk\u00ee Miras<\/h2>\n<ul class=\"tk-liste\">\n<li>Sultan I. S\u00fcleyman, toplumsal adaleti sa\u011flamak i\u00e7in hukuki d\u00fczenlemeler yapt\u0131.<\/li>\n<li>Bu d\u00fczenlemeler onun \u201cKanuni Sultan S\u00fcleyman\u201d olarak tan\u0131nmas\u0131n\u0131 sa\u011flad\u0131.<\/li>\n<li>Kanuni\u2019nin d\u00fczenlemeleri d\u00f6neminde ve sonraki y\u00fczy\u0131llarda ba\u015fka \u00fclkelere emsal oldu.<\/li>\n<li>ABD Kongre Binas\u0131\u2019ndaki 23 mermer r\u00f6lyef portreden biri Kanuni\u2019ye aittir.<\/li>\n<li>Bu r\u00f6lyeflerde Amerikan hukuk sistemine esin kayna\u011f\u0131 olan tarih\u00ee \u015fahsiyetler tasvir edilmi\u015ftir.<\/li>\n<\/ul>\n<aside class=\"tk-bilgi-kutusu\" role=\"note\" aria-label=\"Kanuni ve Hukuk\u00ee Miras - tablo 8\">\n<div class=\"tk-bilgi-etiket\"><p class=\"tk-hucre-metin\"><strong>SINAV NOTU<\/strong><\/p><\/div>\n<div class=\"tk-bilgi-icerik\"><p class=\"tk-hucre-metin\">Sultan I. S\u00fcleyman\u2019\u0131n \u201cKanuni\u201d olarak tan\u0131nmas\u0131, toplumsal adaleti sa\u011flamaya y\u00f6nelik hukuki d\u00fczenlemeleriyle ili\u015fkilidir.<\/p><\/div>\n<\/aside>\n<\/section>\n<section class=\"tk-kart\" aria-labelledby=\"tk-3-3-hammerin-turkler-hakkindaki-gorusu\">\n<h2 id=\"tk-3-3-hammerin-turkler-hakkindaki-gorusu\">Hammer\u2019in T\u00fcrkler Hakk\u0131ndaki G\u00f6r\u00fc\u015f\u00fc<\/h2>\n<ul class=\"tk-liste\">\n<li>Hammer\u2019e g\u00f6re T\u00fcrkler, \u00e7ok eski \u00e7a\u011flardan beri tan\u0131nan bir millettir.<\/li>\n<li>T\u00fcrk tarihinde yi\u011fitlik, zafer a\u015fk\u0131 ve te\u015febb\u00fcs kabiliyeti \u00f6ne \u00e7\u0131kar.<\/li>\n<li>T\u00fcrkler, \u00e7evrelerine uymaktan \u00e7ok \u00e7evrelerini kendilerine uydurma g\u00fcc\u00fc g\u00f6stermi\u015ftir.<\/li>\n<li>Hammer, T\u00fcrkleri devlet y\u0131kmakta ve devlet kurmakta usta olarak de\u011ferlendirir.<\/li>\n<li>Tarihin T\u00fcrklerden \u00e7ok \u015fey \u00f6\u011frendi\u011fini ve T\u00fcrk eserlerinin medeniyet i\u00e7in s\u00fcs oldu\u011funu belirtir.<\/li>\n<\/ul>\n<\/section>\n<section class=\"tk-kart\" aria-labelledby=\"tk-3-3-mehter-takimi-ve-muzigi\">\n<h2 id=\"tk-3-3-mehter-takimi-ve-muzigi\">Mehter Tak\u0131m\u0131 ve M\u00fczi\u011fi<\/h2>\n<ul class=\"tk-liste\">\n<li>T\u00fcrkistan\u2019daki nevbet ve davul vurma gelene\u011fi Osmanl\u0131\u2019da mehterle devam etti.<\/li>\n<li>Osmanl\u0131 el\u00e7ileri Avrupa\u2019ya giderken yanlar\u0131nda mehter tak\u0131mlar\u0131n\u0131 g\u00f6t\u00fcrd\u00fc.<\/li>\n<li>B\u00f6ylece T\u00fcrk asker\u00ee m\u00fczi\u011fi ve m\u00fczik aletleri Avrupa\u2019da tan\u0131nd\u0131.<\/li>\n<li>Lehistan, Avusturya, Rusya, Prusya ve \u0130ngiltere ordular\u0131 asker\u00ee bandolar kurdu.<\/li>\n<li>Alla Turca mar\u015flarda ve baz\u0131 Bat\u0131l\u0131 bestelerde mehter ritimlerine benzeyen sesler kullan\u0131ld\u0131.<\/li>\n<li>Mozart ve Beethoven gibi bestecilerin eserlerinde bu etki g\u00f6r\u00fcld\u00fc.<\/li>\n<\/ul>\n<aside class=\"tk-bilgi-kutusu\" role=\"note\" aria-label=\"Mehter Tak\u0131m\u0131 ve M\u00fczi\u011fi - tablo 9\">\n<div class=\"tk-bilgi-etiket\"><p class=\"tk-hucre-metin\"><strong>NEDEN \u00d6NEML\u0130?<\/strong><\/p><\/div>\n<div class=\"tk-bilgi-icerik\"><p class=\"tk-hucre-metin\">Mehter, T\u00fcrk asker\u00ee m\u00fczi\u011finin Avrupa\u2019da tan\u0131nmas\u0131n\u0131; asker\u00ee bandolar\u0131 ve baz\u0131 Bat\u0131l\u0131 bestecileri etkilemesini sa\u011flad\u0131.<\/p><\/div>\n<\/aside>\n<\/section>\n<section class=\"tk-kart\" aria-labelledby=\"tk-3-3-osmanli-barisi-pax-ottomana\">\n<h2 id=\"tk-3-3-osmanli-barisi-pax-ottomana\">Osmanl\u0131 Bar\u0131\u015f\u0131 (Pax Ottomana)<\/h2>\n<ul class=\"tk-liste\">\n<li>Pax Ottomana kavram\u0131, Osmanl\u0131\u2019n\u0131n d\u00fcnya bar\u0131\u015f\u0131na katk\u0131s\u0131n\u0131 ifade eder.<\/li>\n<li>Osmanl\u0131 Devleti, h\u00e2kimiyet kurdu\u011fu topraklarda s\u00f6m\u00fcrge d\u00fczeni kurmad\u0131.<\/li>\n<li>Tabiiyetindeki halklar\u0131n refah\u0131 ve mutlulu\u011fu i\u00e7in hak ve \u00f6zg\u00fcrl\u00fckler tan\u0131d\u0131.<\/li>\n<li>Balkan \u015fehirlerinde farkl\u0131 din ve \u0131rklardan insanlar bar\u0131\u015f i\u00e7inde ya\u015fad\u0131.<\/li>\n<li>Kud\u00fcs\u2019\u00fcn fethinden sonra b\u00f6lgedeki Yahudi ve Hristiyanlar\u0131n ibadet \u00f6zg\u00fcrl\u00fc\u011f\u00fcne m\u00fcdahale edilmedi.<\/li>\n<\/ul>\n<aside class=\"tk-bilgi-kutusu\" role=\"note\" aria-label=\"Osmanl\u0131 Bar\u0131\u015f\u0131 (Pax Ottomana) - tablo 10\">\n<div class=\"tk-bilgi-etiket\"><p class=\"tk-hucre-metin\"><strong>SINAV NOTU<\/strong><\/p><\/div>\n<div class=\"tk-bilgi-icerik\"><p class=\"tk-hucre-metin\">Pax Ottomana, Osmanl\u0131 h\u00e2kimiyetindeki farkl\u0131 din ve \u0131rklar\u0131n hak ve \u00f6zg\u00fcrl\u00fcklerle bar\u0131\u015f i\u00e7inde ya\u015famas\u0131n\u0131 ifade eder.<\/p><\/div>\n<\/aside>\n<\/section>\n<section class=\"tk-kart\" aria-labelledby=\"tk-3-3-istimalet-politikasi\">\n<h2 id=\"tk-3-3-istimalet-politikasi\">\u0130stimalet Politikas\u0131<\/h2>\n<ul class=\"tk-liste\">\n<li>Osmanl\u0131 Devleti, Rumeli\u2019yi fethettikten sonra istimalet politikalar\u0131 uygulad\u0131.<\/li>\n<li>Bu politika, b\u00f6lge halk\u0131n\u0131n g\u00fcvenini kazanmay\u0131 sa\u011flad\u0131.<\/li>\n<li>Adil y\u00f6netim anlay\u0131\u015f\u0131, gayrim\u00fcslim tebaan\u0131n devlete ba\u011flanmas\u0131na katk\u0131 verdi.<\/li>\n<li>Farkl\u0131 inan\u00e7lara sayg\u0131, b\u00f6lgede h\u00e2kimiyetin daha kolay kurulmas\u0131n\u0131 sa\u011flad\u0131.<\/li>\n<li>Anadolu\u2019dan Rumeli\u2019ye isk\u00e2n edilen T\u00fcrkler k\u00fclt\u00fcrlerini ve mimari anlay\u0131\u015flar\u0131n\u0131 ta\u015f\u0131d\u0131.<\/li>\n<li>Bu s\u00fcre\u00e7, Rumeli T\u00fcrkl\u00fc\u011f\u00fc kavram\u0131n\u0131n yerle\u015fmesine yard\u0131mc\u0131 oldu.<\/li>\n<\/ul>\n<aside class=\"tk-bilgi-kutusu\" role=\"note\" aria-label=\"\u0130stimalet Politikas\u0131 - tablo 11\">\n<div class=\"tk-bilgi-etiket\"><p class=\"tk-hucre-metin\"><strong>KARI\u015eTIRMA!<\/strong><\/p><\/div>\n<div class=\"tk-bilgi-icerik\"><p class=\"tk-hucre-metin\">Pax Ottomana, Osmanl\u0131 bar\u0131\u015f d\u00fczenini; istimalet ise fethedilen b\u00f6lge halk\u0131n\u0131n g\u00fcvenini kazanmay\u0131 sa\u011flayan adil y\u00f6netim anlay\u0131\u015f\u0131n\u0131 ifade eder.<\/p><\/div>\n<\/aside>\n<\/section>\n<section class=\"tk-kart\" aria-labelledby=\"tk-3-3-sipahilik-sistemi\">\n<h2 id=\"tk-3-3-sipahilik-sistemi\">Sipahilik Sistemi<\/h2>\n<ul class=\"tk-liste\">\n<li>Osmanl\u0131 ordusunda baz\u0131 r\u00fctbeli askerlere sipahi ad\u0131 verildi.<\/li>\n<li>T\u0131mar toplama yetkisi bulunan asker\u00ee z\u00fcmreler de sipahi olarak adland\u0131r\u0131ld\u0131.<\/li>\n<li>Sipahi kelimesi Fars\u00e7adaki \u201csipah\u201d yani asker kelimesinden gelir.<\/li>\n<li>Frans\u0131zlar, Kuzey Afrika\u2019y\u0131 s\u00f6m\u00fcrgele\u015ftirirken yerli erkekleri asker\u00ee birliklerde e\u011fitti.<\/li>\n<li>Cezayir, Tunus, Fas ve Senegal gibi b\u00f6lgelerden toplanan askerler \u201cspahis\u201d birliklerine al\u0131nd\u0131.<\/li>\n<li>Bu \u00f6rnek, Osmanl\u0131 asker\u00ee terminolojisinin Avrupa ordular\u0131ndaki yans\u0131malar\u0131ndan biridir.<\/li>\n<\/ul>\n<aside class=\"tk-bilgi-kutusu\" role=\"note\" aria-label=\"Sipahilik Sistemi - tablo 12\">\n<div class=\"tk-bilgi-etiket\"><p class=\"tk-hucre-metin\"><strong>KARI\u015eTIRMA!<\/strong><\/p><\/div>\n<div class=\"tk-bilgi-icerik\"><p class=\"tk-hucre-metin\">Sipahi, Osmanl\u0131 asker\u00ee terminolojisindeki add\u0131r. \u201cSpahis\u201d, Frans\u0131zlar\u0131n Kuzey Afrika\u2019dan toplad\u0131\u011f\u0131 asker\u00ee birlikler i\u00e7in kulland\u0131\u011f\u0131 add\u0131r.<\/p><\/div>\n<\/aside>\n<\/section>\n<section class=\"tk-kart\" aria-labelledby=\"tk-3-3-turquerie-modasi\">\n<h2 id=\"tk-3-3-turquerie-modasi\">Turquerie Modas\u0131<\/h2>\n<ul class=\"tk-liste\">\n<li>XVI. y\u00fczy\u0131lda ba\u015flayan T\u00fcrk modas\u0131na \u201cTurquerie\u201d ad\u0131 verildi.<\/li>\n<li>Bu moda yakla\u015f\u0131k 250 y\u0131l boyunca Avrupa\u2019y\u0131 etkiledi.<\/li>\n<li>\u015e\u0131k ve kaliteli k\u0131yafetleriyle tan\u0131nan T\u00fcrkler Avrupal\u0131larda hayranl\u0131k uyand\u0131rd\u0131.<\/li>\n<li>T\u00fcrklere \u00f6zg\u00fc e\u015fyalara sahip olmak ayr\u0131cal\u0131k h\u00e2line geldi.<\/li>\n<li>Osmanl\u0131 topraklar\u0131na gelen b\u00fcy\u00fckel\u00e7i ve t\u00fcccarlar Avrupa\u2019ya T\u00fcrk e\u015fyalar\u0131 g\u00f6t\u00fcrd\u00fc.<\/li>\n<li>Kuma\u015f, dekorasyon e\u015fyas\u0131, mineli saat, nak\u0131\u015f ve i\u015flemeler Avrupa\u2019da ra\u011fbet g\u00f6rd\u00fc.<\/li>\n<\/ul>\n<aside class=\"tk-bilgi-kutusu\" role=\"note\" aria-label=\"Turquerie Modas\u0131 - tablo 13\">\n<div class=\"tk-bilgi-etiket\"><p class=\"tk-hucre-metin\"><strong>\u00d6SYM D\u0130KKAT<\/strong><\/p><\/div>\n<div class=\"tk-bilgi-icerik\"><p class=\"tk-hucre-metin\">Turquerie, XVI. y\u00fczy\u0131lda ba\u015flayan ve yakla\u015f\u0131k 250 y\u0131l Avrupa\u2019y\u0131 etkileyen T\u00fcrk modas\u0131d\u0131r.<\/p><\/div>\n<\/aside>\n<\/section>\n<section class=\"tk-kart\" aria-labelledby=\"tk-3-3-kumas-ve-hali-dokumaciligi\">\n<h2 id=\"tk-3-3-kumas-ve-hali-dokumaciligi\">Kuma\u015f ve Hal\u0131 Dokumac\u0131l\u0131\u011f\u0131<\/h2>\n<ul class=\"tk-liste\">\n<li>Avrupal\u0131 aristokratlar ve din adamlar\u0131 Osmanl\u0131 kuma\u015flar\u0131n\u0131 k\u0131yafetlerinde kulland\u0131.<\/li>\n<li>Damask, kemha ve kadife gibi de\u011ferli kuma\u015flar Avrupa\u2019ya ithal edildi.<\/li>\n<li>Ra\u011fbet artt\u0131k\u00e7a Venedik, Floransa ve Lucca\u2019da taklit kuma\u015flar \u00fcretildi.<\/li>\n<li>Osmanl\u0131 hal\u0131lar\u0131 Avrupa\u2019da b\u00fcy\u00fck ilgi g\u00f6rd\u00fc.<\/li>\n<li>Bu hal\u0131lar masa \u00f6rt\u00fcs\u00fc ve duvar hal\u0131s\u0131 olarak kullan\u0131ld\u0131.<\/li>\n<li>Kemha gibi de\u011ferli ipek t\u00fcrleri, Avrupa din adamlar\u0131n\u0131n k\u0131yafetlerinde yayg\u0131nla\u015ft\u0131.<\/li>\n<\/ul>\n<aside class=\"tk-bilgi-kutusu\" role=\"note\" aria-label=\"Kuma\u015f ve Hal\u0131 Dokumac\u0131l\u0131\u011f\u0131 - tablo 14\">\n<div class=\"tk-bilgi-etiket\"><p class=\"tk-hucre-metin\"><strong>\u00d6SYM D\u0130KKAT<\/strong><\/p><\/div>\n<div class=\"tk-bilgi-icerik\"><p class=\"tk-hucre-metin\">Damask, kemha ve kadife Osmanl\u0131 kuma\u015flar\u0131; Osmanl\u0131 hal\u0131lar\u0131 ise Avrupa\u2019da ra\u011fbet g\u00f6ren dokuma \u00fcr\u00fcnleridir.<\/p><\/div>\n<\/aside>\n<\/section>\n<section class=\"tk-kart\" aria-labelledby=\"tk-3-3-sanat-ve-opera\">\n<h2 id=\"tk-3-3-sanat-ve-opera\">Sanat ve Opera<\/h2>\n<ul class=\"tk-liste\">\n<li>Turquerie etkisinin g\u00f6r\u00fcld\u00fc\u011f\u00fc d\u00f6nemlerde Avrupa operalar\u0131nda Osmanl\u0131 konular\u0131 i\u015flendi.<\/li>\n<li>Osmanl\u0131 padi\u015fahlar\u0131na ve T\u00fcrk kahramanlar\u0131na geni\u015f yer verildi.<\/li>\n<li>Kanuni Sultan S\u00fcleyman bu operalarda s\u0131k\u00e7a i\u015flenen ana karakterlerdendi.<\/li>\n<li>Fatih Sultan Mehmet\u2019in \u0130stanbul\u2019u fethi Muhammed II operas\u0131n\u0131n ana konusuydu.<\/li>\n<li>Cara Mustapha adl\u0131 eserde Sadrazam Kara Mustafa Pa\u015fa\u2019n\u0131n Viyana\u2019y\u0131 ku\u015fatmas\u0131 i\u015flendi.<\/li>\n<li>Bu operalarda mehter m\u00fczi\u011finin m\u00fczikal etkileri de g\u00f6r\u00fcld\u00fc.<\/li>\n<\/ul>\n<aside class=\"tk-bilgi-kutusu\" role=\"note\" aria-label=\"Sanat ve Opera - tablo 15\">\n<div class=\"tk-bilgi-etiket\"><p class=\"tk-hucre-metin\"><strong>KARI\u015eTIRMA!<\/strong><\/p><\/div>\n<div class=\"tk-bilgi-icerik\"><p class=\"tk-hucre-metin\">Muhammed II: Fatih Sultan Mehmet\u2019in \u0130stanbul\u2019u fethi.<br> Cara Mustapha: Kara Mustafa Pa\u015fa\u2019n\u0131n Viyana\u2019y\u0131 ku\u015fatmas\u0131.<\/p><\/div>\n<\/aside>\n<\/section>\n<section class=\"tk-kart\" aria-labelledby=\"tk-3-3-musiki\">\n<h2 id=\"tk-3-3-musiki\">Musiki<\/h2>\n<ul class=\"tk-liste\">\n<li>Geleneksel T\u00fcrk musikisinde kullan\u0131lan \u00e7alg\u0131lar XVIII. y\u00fczy\u0131lda Avrupa m\u00fczi\u011fine uyarland\u0131.<\/li>\n<li>K\u00f6s, \u00e7alpare, \u00e7elik \u00fc\u00e7gen ve T\u00fcrk baterisi ses t\u0131n\u0131lar\u0131n\u0131 g\u00fc\u00e7lendirmek i\u00e7in kullan\u0131ld\u0131.<\/li>\n<li>Haydn, Beethoven ve Mozart\u2019\u0131n baz\u0131 eserlerinde T\u00fcrk etkileri g\u00f6r\u00fcld\u00fc.<\/li>\n<li>Mozart\u2019\u0131n Rondo Alla Turca bestesindeki ritimler T\u00fcrk d\u00fc\u011f\u00fcn havalar\u0131yla benzerlik g\u00f6sterdi.<\/li>\n<li>Saraydan K\u0131z Ka\u00e7\u0131rma operas\u0131ndaki Yeni\u00e7eri Korosu mehter izleri ta\u015f\u0131d\u0131.<\/li>\n<li>Buhurizade Mustafa Itri\u2019nin Seg\u00e2h Tekbir\u2019i geni\u015f M\u00fcsl\u00fcman co\u011frafyalara yay\u0131ld\u0131.<\/li>\n<\/ul>\n<aside class=\"tk-bilgi-kutusu\" role=\"note\" aria-label=\"Musiki - tablo 16\">\n<div class=\"tk-bilgi-etiket\"><p class=\"tk-hucre-metin\"><strong>\u00d6SYM D\u0130KKAT<\/strong><\/p><\/div>\n<div class=\"tk-bilgi-icerik\"><p class=\"tk-hucre-metin\">Rondo Alla Turca T\u00fcrk d\u00fc\u011f\u00fcn havalar\u0131yla; Saraydan K\u0131z Ka\u00e7\u0131rma\u2019daki Yeni\u00e7eri Korosu ise mehterle ili\u015fkilidir.<\/p><\/div>\n<\/aside>\n<\/section>\n<section class=\"tk-kart\" aria-labelledby=\"tk-3-3-kitap-susleme-ve-ciltcilik\">\n<h2 id=\"tk-3-3-kitap-susleme-ve-ciltcilik\">Kitap S\u00fcsleme ve Cilt\u00e7ilik<\/h2>\n<ul class=\"tk-liste\">\n<li>Osmanl\u0131 Devleti\u2019nde kitap s\u00fcsleme sanatlar\u0131 ve cilt\u00e7ilik b\u00fcy\u00fck \u00f6nem ta\u015f\u0131d\u0131.<\/li>\n<li>Bu sanatlar zamanla Avrupa\u2019y\u0131 da etkisi alt\u0131na ald\u0131.<\/li>\n<li>Osmanl\u0131larda ebrulu k\u00e2\u011f\u0131tlar \u00f6zellikle minyat\u00fcr \u00e7er\u00e7eveleri i\u00e7in kullan\u0131ld\u0131.<\/li>\n<li>Ebrulu k\u00e2\u011f\u0131tlar XVI. y\u00fczy\u0131l sonlar\u0131nda Avrupa\u2019ya ithal edilmeye ba\u015fland\u0131.<\/li>\n<li>Avrupa\u2019da kitaplar\u0131n kapak i\u00e7i sayfalar\u0131nda ebrulu k\u00e2\u011f\u0131tlar kullan\u0131ld\u0131.<\/li>\n<\/ul>\n<aside class=\"tk-bilgi-kutusu\" role=\"note\" aria-label=\"Kitap S\u00fcsleme ve Cilt\u00e7ilik - tablo 17\">\n<div class=\"tk-bilgi-etiket\"><p class=\"tk-hucre-metin\"><strong>SINAV NOTU<\/strong><\/p><\/div>\n<div class=\"tk-bilgi-icerik\"><p class=\"tk-hucre-metin\">Ebrulu k\u00e2\u011f\u0131tlar Osmanl\u0131\u2019da minyat\u00fcr \u00e7er\u00e7evelerinde, Avrupa\u2019da ise kitaplar\u0131n kapak i\u00e7i sayfalar\u0131nda kullan\u0131ld\u0131.<\/p><\/div>\n<\/aside>\n<\/section>\n<section class=\"tk-kart\" aria-labelledby=\"tk-3-3-yemek-kulturu\">\n<h2 id=\"tk-3-3-yemek-kulturu\">Yemek K\u00fclt\u00fcr\u00fc<\/h2>\n<ul class=\"tk-liste\">\n<li>Osmanl\u0131 yemek k\u00fclt\u00fcr\u00fc Avrupa mutfa\u011f\u0131n\u0131 \u00f6nemli \u00f6l\u00e7\u00fcde etkiledi.<\/li>\n<li>Kahve ve kahvehane k\u00fclt\u00fcr\u00fcn\u00fcn etkisiyle Avrupa\u2019da kafe ad\u0131 verilen mek\u00e2nlar a\u00e7\u0131ld\u0131.<\/li>\n<li>Avrupal\u0131lar salep, \u015ferbet, lokum, past\u0131rma, s\u00fctla\u00e7, dolma ve tarhana ile tan\u0131\u015ft\u0131.<\/li>\n<li>Bu yiyeceklerin tamam\u0131 yaln\u0131zca T\u00fcrk k\u00fclt\u00fcr\u00fcne ait de\u011fildir.<\/li>\n<li>Farkl\u0131 k\u00fclt\u00fcrlerin etkisiyle geli\u015fen Osmanl\u0131 mutfa\u011f\u0131 Bat\u0131\u2019da da sevilerek yayg\u0131nla\u015ft\u0131.<\/li>\n<\/ul>\n<aside class=\"tk-bilgi-kutusu\" role=\"note\" aria-label=\"Yemek K\u00fclt\u00fcr\u00fc - tablo 18\">\n<div class=\"tk-bilgi-etiket\"><p class=\"tk-hucre-metin\"><strong>\u00d6SYM D\u0130KKAT<\/strong><\/p><\/div>\n<div class=\"tk-bilgi-icerik\"><p class=\"tk-hucre-metin\">Osmanl\u0131 mutfa\u011f\u0131 farkl\u0131 k\u00fclt\u00fcrlerin etkisiyle geli\u015fmi\u015ftir; say\u0131lan yiyeceklerin tamam\u0131 yaln\u0131zca T\u00fcrk k\u00fclt\u00fcr\u00fcne ait de\u011fildir.<\/p><\/div>\n<\/aside>\n<\/section>\n<section class=\"tk-kart\" aria-labelledby=\"tk-3-3-istanbulun-tarihi-alanlari\">\n<h2 id=\"tk-3-3-istanbulun-tarihi-alanlari\">\u0130stanbul\u2019un Tarih\u00ee Alanlar\u0131<\/h2>\n<ul class=\"tk-liste\">\n<li>\u0130stanbul\u2019un tarih\u00ee alanlar\u0131 1985\u2019te UNESCO D\u00fcnya K\u00fclt\u00fcrel Miras\u0131 Listesi\u2019ne d\u00e2hil edildi.<\/li>\n<li>\u0130stanbul\u2019un y\u00fczy\u0131llar i\u00e7inde olu\u015fan kendine \u00f6zg\u00fc sil\u00fceti vurgulan\u0131r.<\/li>\n<li>Ayasofya, VI. y\u00fczy\u0131l mimari anlay\u0131\u015f\u0131 ve s\u00fcsleme ustal\u0131\u011f\u0131n\u0131 yans\u0131t\u0131r.<\/li>\n<li>Fatih K\u00fclliyesi XV. y\u00fczy\u0131lda in\u015fa edilmi\u015ftir.<\/li>\n<li>Topkap\u0131 Saray\u0131 XIX. y\u00fczy\u0131la kadar s\u00fcrekli geni\u015fletilmi\u015ftir.<\/li>\n<li>S\u00fcleymaniye ve \u015eehzade Camisi k\u00fclliyeleri Mimar Sinan\u2019\u0131n XVI. y\u00fczy\u0131l eserlerindendir.<\/li>\n<\/ul>\n<aside class=\"tk-bilgi-kutusu\" role=\"note\" aria-label=\"\u0130stanbul\u2019un Tarih\u00ee Alanlar\u0131 - tablo 19\">\n<div class=\"tk-bilgi-etiket\"><p class=\"tk-hucre-metin\"><strong>KRONOLOJ\u0130<\/strong><\/p><\/div>\n<div class=\"tk-bilgi-icerik\"><p class=\"tk-hucre-metin\">VI. y\u00fczy\u0131l: Ayasofya.<br> XV. y\u00fczy\u0131l: Fatih K\u00fclliyesi.<br> XVI. y\u00fczy\u0131l: S\u00fcleymaniye ve \u015eehzade Camisi k\u00fclliyeleri.<br> 1985: UNESCO listesine d\u00e2hil edilme.<\/p><\/div>\n<\/aside>\n<\/section>\n<section class=\"tk-kart\" aria-labelledby=\"tk-3-3-suleymaniye\">\n<h2 id=\"tk-3-3-suleymaniye\">S\u00fcleymaniye<\/h2>\n<ul class=\"tk-liste\">\n<li>Sultanahmet Camisi XVII. y\u00fczy\u0131lda in\u015fa edildi.<\/li>\n<li>Yeni Cami 1664 y\u0131l\u0131nda tamamland\u0131.<\/li>\n<li>\u0130stanbul, insanl\u0131k tarihinin \u00f6nemli evrelerini yans\u0131tan an\u0131tlar ve mimari-teknik yap\u0131lar b\u00fct\u00fcn\u00fcd\u00fcr.<\/li>\n<li>S\u00fcleymaniye D\u00fcnya Miras\u0131 Alan\u0131, Hali\u00e7\u2019e h\u00e2kim bir tepedeki S\u00fcleymaniye ve \u015eehzade Mehmet k\u00fclliyelerini kapsar.<\/li>\n<li>Alan; S\u00fcleymaniye, Vefa ve Vezneciler semtlerini i\u00e7ine al\u0131r.<\/li>\n<li>Tarih\u00ee yar\u0131madan\u0131n etkileyici sil\u00fceti ulusal koruma mevzuat\u0131 kapsam\u0131nda korunur.<\/li>\n<\/ul>\n<aside class=\"tk-bilgi-kutusu\" role=\"note\" aria-label=\"S\u00fcleymaniye - tablo 20\">\n<div class=\"tk-bilgi-etiket\"><p class=\"tk-hucre-metin\"><strong>NEDEN \u00d6NEML\u0130?<\/strong><\/p><\/div>\n<div class=\"tk-bilgi-icerik\"><p class=\"tk-hucre-metin\">S\u00fcleymaniye D\u00fcnya Miras\u0131 Alan\u0131, tarih\u00ee yar\u0131madan\u0131n sil\u00fcetini olu\u015fturan k\u00fclliyeleri ve semtleri kapsayan koruma alan\u0131d\u0131r.<\/p><\/div>\n<\/aside>\n<\/section>\n<section class=\"tk-kart\" aria-labelledby=\"tk-3-3-osmanli-devletinin-insanlik-tarihine-katkilari\">\n<h2 id=\"tk-3-3-osmanli-devletinin-insanlik-tarihine-katkilari\">Osmanl\u0131 Devleti\u2019nin insanl\u0131k tarihine katk\u0131lar\u0131<\/h2>\n<h3 id=\"tk-3-3-musiki-2\">MUS\u0130K\u0130<\/h3>\n<ul class=\"tk-liste\">\n<li>Osmanl\u0131 el\u00e7ileri mehter m\u00fczi\u011fini Avrupa\u2019ya tan\u0131tt\u0131.<\/li>\n<li>Avrupa ordular\u0131nda asker\u00ee bandolar kuruldu.<\/li>\n<li>Mozart ve Beethoven gibi besteciler T\u00fcrk musikisinden etkilendi.<\/li>\n<\/ul>\n<h3 id=\"tk-3-3-dokuma-ve-sanat\">DOKUMA VE SANAT<\/h3>\n<ul class=\"tk-liste\">\n<li>Kemha, kadife ve Osmanl\u0131 hal\u0131lar\u0131 Avrupa\u2019da ra\u011fbet g\u00f6rd\u00fc.<\/li>\n<li>Turquerie modas\u0131 k\u0131yafet, dekorasyon ve operalar\u0131 etkiledi.<\/li>\n<li>Osmanl\u0131ya ait e\u015fyalar se\u00e7kinlik g\u00f6stergesi say\u0131ld\u0131.<\/li>\n<\/ul>\n<h3 id=\"tk-3-3-gunluk-yasam\">G\u00dcNL\u00dcK YA\u015eAM<\/h3>\n<ul class=\"tk-liste\">\n<li>Kahve k\u00fclt\u00fcr\u00fc Avrupa\u2019da kafelerin a\u00e7\u0131lmas\u0131n\u0131 etkiledi.<\/li>\n<li>Lokum, \u015ferbet, dolma ve benzeri yiyecekler tan\u0131nd\u0131.<\/li>\n<li>Ebrulu k\u00e2\u011f\u0131tlar Avrupa kitap ciltlerinde kullan\u0131ld\u0131.<\/li>\n<\/ul>\n<\/section>\n<button class=\"tk-basa-don\" type=\"button\" aria-label=\"Ders notunun ba\u015f\u0131na d\u00f6n\">Ba\u015fa D\u00f6n<\/button>\n<\/article>\n<script>\n(() => {\n  'use strict';\n  document.querySelectorAll('.tk-ders-notu').forEach((root) => {\n    if (root.dataset.tkReady === 'true') return;\n    root.dataset.tkReady = 'true';\n    const printButton = root.querySelector('[data-tk-action=\"print\"]');\n    const tocButton = root.querySelector('[data-tk-action=\"toc\"]');\n    const toc = root.querySelector('.tk-icindekiler');\n    const topButton = root.querySelector('.tk-basa-don');\n    const progress = root.querySelector('.tk-ilerleme-cubugu');\n    const headings = Array.from(root.querySelectorAll('h2[id], h3[id]'));\n    const tocLinks = Array.from(root.querySelectorAll('.tk-icindekiler a[href^=\"#\"]'));\n\n    if (printButton) printButton.addEventListener('click', () => window.print());\n    if (tocButton && toc) tocButton.addEventListener('click', () => toc.scrollIntoView({ behavior: 'smooth', block: 'start' }));\n    if (topButton) topButton.addEventListener('click', () => root.scrollIntoView({ behavior: 'smooth', block: 'start' }));\n\n    tocLinks.forEach((link) => {\n      link.addEventListener('click', (event) => {\n        const id = link.getAttribute('href').slice(1);\n        const target = root.querySelector(`#${id}`);\n        if (!target) return;\n        event.preventDefault();\n        target.scrollIntoView({ behavior: 'smooth', block: 'start' });\n        if (window.history && window.history.replaceState) window.history.replaceState(null, '', `#${id}`);\n      });\n    });\n\n    const update = () => {\n      const start = root.getBoundingClientRect().top + window.scrollY;\n      const distance = Math.max(root.scrollHeight - window.innerHeight, 1);\n      const percent = Math.min(100, Math.max(0, ((window.scrollY - start) \/ distance) * 100));\n      if (progress) progress.style.width = `${percent}%`;\n      if (topButton) topButton.classList.toggle('tk-gorunur', window.scrollY > start + 500);\n\n      let active = headings[0] || null;\n      headings.forEach((heading) => {\n        if (heading.getBoundingClientRect().top <= 150) active = heading;\n      });\n      tocLinks.forEach((link) => {\n        const current = Boolean(active && link.getAttribute('href') === `#${active.id}`);\n        if (current) link.setAttribute('aria-current', 'true');\n        else link.removeAttribute('aria-current');\n      });\n    };\n\n    let ticking = false;\n    const requestUpdate = () => {\n      if (ticking) return;\n      ticking = true;\n      window.requestAnimationFrame(() => {\n        update();\n        ticking = false;\n      });\n    };\n    window.addEventListener('scroll', requestUpdate, { passive: true });\n    window.addEventListener('resize', requestUpdate);\n    update();\n  });\n})();\n<\/script>\n","protected":false},"excerpt":{"rendered":"<div class=\"mh-excerpt\"><p>S\u0131n\u0131f: 11. S\u0131n\u0131f Ders: Tarih \u00dcnite: SAVA\u015eLAR SARMALINDA OSMANLI (1908-1918) \u00d6\u011frenme \u00c7\u0131kt\u0131s\u0131: Osmanl\u0131 Devleti\u2019nin \u0130nsanl\u0131k Tarihine Katk\u0131lar\u0131 11. S\u0131n\u0131f Tarih \u2022 \u00d6\u011frenme \u00c7\u0131kt\u0131s\u0131 3.3 Osmanl\u0131 <a class=\"mh-excerpt-more\" href=\"https:\/\/tarihkursu.com\/index.php\/2026\/08\/27\/3-3-osmanli-devletinin-insanlik-tarihine-katkilari\/\" title=\"Osmanl\u0131 Devleti\u2019nin \u0130nsanl\u0131k Tarihine Katk\u0131lar\u0131 | 11. S\u0131n\u0131f Tarih &#8211; Maarif Model Tarih Ders Notu\">[&#8230;]<\/a><\/p>\n<\/div>","protected":false},"author":2,"featured_media":1340,"comment_status":"open","ping_status":"open","sticky":false,"template":"","format":"standard","meta":{"_regular_price":[],"currency_symbol":[],"footnotes":""},"categories":[160],"tags":[231],"class_list":["post-3632","post","type-post","status-publish","format-standard","has-post-thumbnail","hentry","category-11-sinif-tarih-ders-notlari","tag-11-sinif-tarih-3"],"post_slider_layout_featured_media_urls":{"thumbnail":["https:\/\/tarihkursu.com\/wp-content\/uploads\/2024\/10\/11.SINIF-TARIH-NOTLAR-150x150.png",150,150,true],"post_slider_layout_landscape_large":["https:\/\/tarihkursu.com\/wp-content\/uploads\/2024\/10\/11.SINIF-TARIH-NOTLAR-1200x720.png",1200,720,true],"post_slider_layout_portrait_large":["https:\/\/tarihkursu.com\/wp-content\/uploads\/2024\/10\/11.SINIF-TARIH-NOTLAR-1200x720.png",1200,720,true],"post_slider_layout_square_large":["https:\/\/tarihkursu.com\/wp-content\/uploads\/2024\/10\/11.SINIF-TARIH-NOTLAR-1200x720.png",1200,720,true],"post_slider_layout_landscape":["https:\/\/tarihkursu.com\/wp-content\/uploads\/2024\/10\/11.SINIF-TARIH-NOTLAR-600x400.png",600,400,true],"post_slider_layout_portrait":["https:\/\/tarihkursu.com\/wp-content\/uploads\/2024\/10\/11.SINIF-TARIH-NOTLAR-600x720.png",600,720,true],"post_slider_layout_square":["https:\/\/tarihkursu.com\/wp-content\/uploads\/2024\/10\/11.SINIF-TARIH-NOTLAR-600x600.png",600,600,true],"full":["https:\/\/tarihkursu.com\/wp-content\/uploads\/2024\/10\/11.SINIF-TARIH-NOTLAR.png",1280,720,false]},"yoast_head":"<!-- This site is optimized with the Yoast SEO plugin v28.3 - https:\/\/yoast.com\/product\/yoast-seo-wordpress\/ -->\n<title>Osmanl\u0131 Devleti\u2019nin \u0130nsanl\u0131k Tarihine Katk\u0131lar\u0131 | 11. S\u0131n\u0131f Tarih - Maarif Model Tarih Ders Notu<\/title>\n<meta name=\"description\" content=\"Osmanl\u0131 Devleti\u2019nin siyaset, adalet, bilim, k\u00fclt\u00fcr, e\u011fitim ve sanat alanlar\u0131nda insanl\u0131k tarihine katk\u0131lar\u0131n\u0131 ele al\u0131r.\" \/>\n<meta name=\"robots\" content=\"index, follow, max-snippet:-1, max-image-preview:large, max-video-preview:-1\" \/>\n<link rel=\"canonical\" href=\"https:\/\/tarihkursu.com\/index.php\/2026\/08\/27\/3-3-osmanli-devletinin-insanlik-tarihine-katkilari\/\" \/>\n<meta property=\"og:locale\" content=\"tr_TR\" \/>\n<meta property=\"og:type\" content=\"article\" \/>\n<meta property=\"og:title\" content=\"Osmanl\u0131 Devleti\u2019nin \u0130nsanl\u0131k Tarihine Katk\u0131lar\u0131 | 11. S\u0131n\u0131f Tarih - Maarif Model Tarih Ders Notu\" \/>\n<meta property=\"og:description\" content=\"Osmanl\u0131 Devleti\u2019nin siyaset, adalet, bilim, k\u00fclt\u00fcr, e\u011fitim ve sanat alanlar\u0131nda insanl\u0131k tarihine katk\u0131lar\u0131n\u0131 ele al\u0131r.\" \/>\n<meta property=\"og:url\" content=\"https:\/\/tarihkursu.com\/index.php\/2026\/08\/27\/3-3-osmanli-devletinin-insanlik-tarihine-katkilari\/\" \/>\n<meta property=\"og:site_name\" content=\"tarihkursu.com\" \/>\n<meta property=\"article:published_time\" content=\"2026-08-27T12:51:35+00:00\" \/>\n<meta property=\"og:image\" content=\"https:\/\/tarihkursu.com\/wp-content\/uploads\/2024\/10\/11.SINIF-TARIH-NOTLAR.png\" \/>\n\t<meta property=\"og:image:width\" content=\"1280\" \/>\n\t<meta property=\"og:image:height\" content=\"720\" \/>\n\t<meta property=\"og:image:type\" content=\"image\/png\" \/>\n<meta name=\"author\" content=\"tarihkursu\" \/>\n<meta name=\"twitter:card\" content=\"summary_large_image\" \/>\n<meta name=\"twitter:label1\" content=\"Yazan:\" \/>\n\t<meta name=\"twitter:data1\" content=\"tarihkursu\" \/>\n\t<meta name=\"twitter:label2\" content=\"Tahmini okuma s\u00fcresi\" \/>\n\t<meta name=\"twitter:data2\" content=\"10 dakika\" \/>\n<script type=\"application\/ld+json\" class=\"yoast-schema-graph\">{\"@context\":\"https:\\\/\\\/schema.org\",\"@graph\":[{\"@type\":\"Article\",\"@id\":\"https:\\\/\\\/tarihkursu.com\\\/index.php\\\/2026\\\/08\\\/27\\\/3-3-osmanli-devletinin-insanlik-tarihine-katkilari\\\/#article\",\"isPartOf\":{\"@id\":\"https:\\\/\\\/tarihkursu.com\\\/index.php\\\/2026\\\/08\\\/27\\\/3-3-osmanli-devletinin-insanlik-tarihine-katkilari\\\/\"},\"author\":{\"name\":\"tarihkursu\",\"@id\":\"https:\\\/\\\/tarihkursu.com\\\/#\\\/schema\\\/person\\\/d0f9105e31352dbe9f08d098ffb8c878\"},\"headline\":\"Osmanl\u0131 Devleti\u2019nin \u0130nsanl\u0131k Tarihine Katk\u0131lar\u0131 | 11. S\u0131n\u0131f Tarih &#8211; Maarif Model Tarih Ders Notu\",\"datePublished\":\"2026-08-27T12:51:35+00:00\",\"mainEntityOfPage\":{\"@id\":\"https:\\\/\\\/tarihkursu.com\\\/index.php\\\/2026\\\/08\\\/27\\\/3-3-osmanli-devletinin-insanlik-tarihine-katkilari\\\/\"},\"wordCount\":2320,\"commentCount\":0,\"publisher\":{\"@id\":\"https:\\\/\\\/tarihkursu.com\\\/#\\\/schema\\\/person\\\/4d7bdc3b79e9f5198455474c0f203f3c\"},\"image\":{\"@id\":\"https:\\\/\\\/tarihkursu.com\\\/index.php\\\/2026\\\/08\\\/27\\\/3-3-osmanli-devletinin-insanlik-tarihine-katkilari\\\/#primaryimage\"},\"thumbnailUrl\":\"https:\\\/\\\/tarihkursu.com\\\/wp-content\\\/uploads\\\/2024\\\/10\\\/11.SINIF-TARIH-NOTLAR.png\",\"keywords\":[\"11.s\u0131n\u0131f tarih\"],\"articleSection\":[\"11. S\u0131n\u0131f Tarih DERS NOTLARI\"],\"inLanguage\":\"tr\",\"potentialAction\":[{\"@type\":\"CommentAction\",\"name\":\"Comment\",\"target\":[\"https:\\\/\\\/tarihkursu.com\\\/index.php\\\/2026\\\/08\\\/27\\\/3-3-osmanli-devletinin-insanlik-tarihine-katkilari\\\/#respond\"]}]},{\"@type\":\"WebPage\",\"@id\":\"https:\\\/\\\/tarihkursu.com\\\/index.php\\\/2026\\\/08\\\/27\\\/3-3-osmanli-devletinin-insanlik-tarihine-katkilari\\\/\",\"url\":\"https:\\\/\\\/tarihkursu.com\\\/index.php\\\/2026\\\/08\\\/27\\\/3-3-osmanli-devletinin-insanlik-tarihine-katkilari\\\/\",\"name\":\"Osmanl\u0131 Devleti\u2019nin \u0130nsanl\u0131k Tarihine Katk\u0131lar\u0131 | 11. S\u0131n\u0131f Tarih - Maarif Model Tarih Ders Notu\",\"isPartOf\":{\"@id\":\"https:\\\/\\\/tarihkursu.com\\\/#website\"},\"primaryImageOfPage\":{\"@id\":\"https:\\\/\\\/tarihkursu.com\\\/index.php\\\/2026\\\/08\\\/27\\\/3-3-osmanli-devletinin-insanlik-tarihine-katkilari\\\/#primaryimage\"},\"image\":{\"@id\":\"https:\\\/\\\/tarihkursu.com\\\/index.php\\\/2026\\\/08\\\/27\\\/3-3-osmanli-devletinin-insanlik-tarihine-katkilari\\\/#primaryimage\"},\"thumbnailUrl\":\"https:\\\/\\\/tarihkursu.com\\\/wp-content\\\/uploads\\\/2024\\\/10\\\/11.SINIF-TARIH-NOTLAR.png\",\"datePublished\":\"2026-08-27T12:51:35+00:00\",\"description\":\"Osmanl\u0131 Devleti\u2019nin siyaset, adalet, bilim, k\u00fclt\u00fcr, e\u011fitim ve sanat alanlar\u0131nda insanl\u0131k tarihine katk\u0131lar\u0131n\u0131 ele al\u0131r.\",\"breadcrumb\":{\"@id\":\"https:\\\/\\\/tarihkursu.com\\\/index.php\\\/2026\\\/08\\\/27\\\/3-3-osmanli-devletinin-insanlik-tarihine-katkilari\\\/#breadcrumb\"},\"inLanguage\":\"tr\",\"potentialAction\":[{\"@type\":\"ReadAction\",\"target\":[\"https:\\\/\\\/tarihkursu.com\\\/index.php\\\/2026\\\/08\\\/27\\\/3-3-osmanli-devletinin-insanlik-tarihine-katkilari\\\/\"]}]},{\"@type\":\"ImageObject\",\"inLanguage\":\"tr\",\"@id\":\"https:\\\/\\\/tarihkursu.com\\\/index.php\\\/2026\\\/08\\\/27\\\/3-3-osmanli-devletinin-insanlik-tarihine-katkilari\\\/#primaryimage\",\"url\":\"https:\\\/\\\/tarihkursu.com\\\/wp-content\\\/uploads\\\/2024\\\/10\\\/11.SINIF-TARIH-NOTLAR.png\",\"contentUrl\":\"https:\\\/\\\/tarihkursu.com\\\/wp-content\\\/uploads\\\/2024\\\/10\\\/11.SINIF-TARIH-NOTLAR.png\",\"width\":1280,\"height\":720,\"caption\":\"11. s\u0131n\u0131f ders notlar\u0131\"},{\"@type\":\"BreadcrumbList\",\"@id\":\"https:\\\/\\\/tarihkursu.com\\\/index.php\\\/2026\\\/08\\\/27\\\/3-3-osmanli-devletinin-insanlik-tarihine-katkilari\\\/#breadcrumb\",\"itemListElement\":[{\"@type\":\"ListItem\",\"position\":1,\"name\":\"Anasayfa\",\"item\":\"https:\\\/\\\/tarihkursu.com\\\/\"},{\"@type\":\"ListItem\",\"position\":2,\"name\":\"Osmanl\u0131 Devleti\u2019nin \u0130nsanl\u0131k Tarihine Katk\u0131lar\u0131 | 11. S\u0131n\u0131f Tarih &#8211; Maarif Model Tarih Ders Notu\"}]},{\"@type\":\"WebSite\",\"@id\":\"https:\\\/\\\/tarihkursu.com\\\/#website\",\"url\":\"https:\\\/\\\/tarihkursu.com\\\/\",\"name\":\"Tarih Kursu\",\"description\":\"\u0130\u015fimiz G\u00fcc\u00fcm\u00fcz Tarih\",\"publisher\":{\"@id\":\"https:\\\/\\\/tarihkursu.com\\\/#\\\/schema\\\/person\\\/4d7bdc3b79e9f5198455474c0f203f3c\"},\"potentialAction\":[{\"@type\":\"SearchAction\",\"target\":{\"@type\":\"EntryPoint\",\"urlTemplate\":\"https:\\\/\\\/tarihkursu.com\\\/?s={search_term_string}\"},\"query-input\":{\"@type\":\"PropertyValueSpecification\",\"valueRequired\":true,\"valueName\":\"search_term_string\"}}],\"inLanguage\":\"tr\"},{\"@type\":[\"Person\",\"Organization\"],\"@id\":\"https:\\\/\\\/tarihkursu.com\\\/#\\\/schema\\\/person\\\/4d7bdc3b79e9f5198455474c0f203f3c\",\"name\":\"admin\",\"image\":{\"@type\":\"ImageObject\",\"inLanguage\":\"tr\",\"@id\":\"https:\\\/\\\/tarihkursu.com\\\/wp-content\\\/uploads\\\/2024\\\/10\\\/TARIHKURSU-Kopyasi.png\",\"url\":\"https:\\\/\\\/tarihkursu.com\\\/wp-content\\\/uploads\\\/2024\\\/10\\\/TARIHKURSU-Kopyasi.png\",\"contentUrl\":\"https:\\\/\\\/tarihkursu.com\\\/wp-content\\\/uploads\\\/2024\\\/10\\\/TARIHKURSU-Kopyasi.png\",\"width\":1080,\"height\":1080,\"caption\":\"admin\"},\"logo\":{\"@id\":\"https:\\\/\\\/tarihkursu.com\\\/wp-content\\\/uploads\\\/2024\\\/10\\\/TARIHKURSU-Kopyasi.png\"},\"sameAs\":[\"https:\\\/\\\/tarihkursu.com\"]},{\"@type\":\"Person\",\"@id\":\"https:\\\/\\\/tarihkursu.com\\\/#\\\/schema\\\/person\\\/d0f9105e31352dbe9f08d098ffb8c878\",\"name\":\"tarihkursu\",\"image\":{\"@type\":\"ImageObject\",\"inLanguage\":\"tr\",\"@id\":\"https:\\\/\\\/secure.gravatar.com\\\/avatar\\\/1354763acbc865faa7650c3e1e4431f187276d71f132349411302a546cdeae54?s=96&d=mm&r=g\",\"url\":\"https:\\\/\\\/secure.gravatar.com\\\/avatar\\\/1354763acbc865faa7650c3e1e4431f187276d71f132349411302a546cdeae54?s=96&d=mm&r=g\",\"contentUrl\":\"https:\\\/\\\/secure.gravatar.com\\\/avatar\\\/1354763acbc865faa7650c3e1e4431f187276d71f132349411302a546cdeae54?s=96&d=mm&r=g\",\"caption\":\"tarihkursu\"},\"url\":\"https:\\\/\\\/tarihkursu.com\\\/index.php\\\/author\\\/tarihkursu\\\/\"}]}<\/script>\n<!-- \/ Yoast SEO plugin. -->","yoast_head_json":{"title":"Osmanl\u0131 Devleti\u2019nin \u0130nsanl\u0131k Tarihine Katk\u0131lar\u0131 | 11. S\u0131n\u0131f Tarih - Maarif Model Tarih Ders Notu","description":"Osmanl\u0131 Devleti\u2019nin siyaset, adalet, bilim, k\u00fclt\u00fcr, e\u011fitim ve sanat alanlar\u0131nda insanl\u0131k tarihine katk\u0131lar\u0131n\u0131 ele al\u0131r.","robots":{"index":"index","follow":"follow","max-snippet":"max-snippet:-1","max-image-preview":"max-image-preview:large","max-video-preview":"max-video-preview:-1"},"canonical":"https:\/\/tarihkursu.com\/index.php\/2026\/08\/27\/3-3-osmanli-devletinin-insanlik-tarihine-katkilari\/","og_locale":"tr_TR","og_type":"article","og_title":"Osmanl\u0131 Devleti\u2019nin \u0130nsanl\u0131k Tarihine Katk\u0131lar\u0131 | 11. S\u0131n\u0131f Tarih - Maarif Model Tarih Ders Notu","og_description":"Osmanl\u0131 Devleti\u2019nin siyaset, adalet, bilim, k\u00fclt\u00fcr, e\u011fitim ve sanat alanlar\u0131nda insanl\u0131k tarihine katk\u0131lar\u0131n\u0131 ele al\u0131r.","og_url":"https:\/\/tarihkursu.com\/index.php\/2026\/08\/27\/3-3-osmanli-devletinin-insanlik-tarihine-katkilari\/","og_site_name":"tarihkursu.com","article_published_time":"2026-08-27T12:51:35+00:00","og_image":[{"width":1280,"height":720,"url":"https:\/\/tarihkursu.com\/wp-content\/uploads\/2024\/10\/11.SINIF-TARIH-NOTLAR.png","type":"image\/png"}],"author":"tarihkursu","twitter_card":"summary_large_image","twitter_misc":{"Yazan:":"tarihkursu","Tahmini okuma s\u00fcresi":"10 dakika"},"schema":{"@context":"https:\/\/schema.org","@graph":[{"@type":"Article","@id":"https:\/\/tarihkursu.com\/index.php\/2026\/08\/27\/3-3-osmanli-devletinin-insanlik-tarihine-katkilari\/#article","isPartOf":{"@id":"https:\/\/tarihkursu.com\/index.php\/2026\/08\/27\/3-3-osmanli-devletinin-insanlik-tarihine-katkilari\/"},"author":{"name":"tarihkursu","@id":"https:\/\/tarihkursu.com\/#\/schema\/person\/d0f9105e31352dbe9f08d098ffb8c878"},"headline":"Osmanl\u0131 Devleti\u2019nin \u0130nsanl\u0131k Tarihine Katk\u0131lar\u0131 | 11. S\u0131n\u0131f Tarih &#8211; Maarif Model Tarih Ders Notu","datePublished":"2026-08-27T12:51:35+00:00","mainEntityOfPage":{"@id":"https:\/\/tarihkursu.com\/index.php\/2026\/08\/27\/3-3-osmanli-devletinin-insanlik-tarihine-katkilari\/"},"wordCount":2320,"commentCount":0,"publisher":{"@id":"https:\/\/tarihkursu.com\/#\/schema\/person\/4d7bdc3b79e9f5198455474c0f203f3c"},"image":{"@id":"https:\/\/tarihkursu.com\/index.php\/2026\/08\/27\/3-3-osmanli-devletinin-insanlik-tarihine-katkilari\/#primaryimage"},"thumbnailUrl":"https:\/\/tarihkursu.com\/wp-content\/uploads\/2024\/10\/11.SINIF-TARIH-NOTLAR.png","keywords":["11.s\u0131n\u0131f tarih"],"articleSection":["11. S\u0131n\u0131f Tarih DERS NOTLARI"],"inLanguage":"tr","potentialAction":[{"@type":"CommentAction","name":"Comment","target":["https:\/\/tarihkursu.com\/index.php\/2026\/08\/27\/3-3-osmanli-devletinin-insanlik-tarihine-katkilari\/#respond"]}]},{"@type":"WebPage","@id":"https:\/\/tarihkursu.com\/index.php\/2026\/08\/27\/3-3-osmanli-devletinin-insanlik-tarihine-katkilari\/","url":"https:\/\/tarihkursu.com\/index.php\/2026\/08\/27\/3-3-osmanli-devletinin-insanlik-tarihine-katkilari\/","name":"Osmanl\u0131 Devleti\u2019nin \u0130nsanl\u0131k Tarihine Katk\u0131lar\u0131 | 11. S\u0131n\u0131f Tarih - Maarif Model Tarih Ders Notu","isPartOf":{"@id":"https:\/\/tarihkursu.com\/#website"},"primaryImageOfPage":{"@id":"https:\/\/tarihkursu.com\/index.php\/2026\/08\/27\/3-3-osmanli-devletinin-insanlik-tarihine-katkilari\/#primaryimage"},"image":{"@id":"https:\/\/tarihkursu.com\/index.php\/2026\/08\/27\/3-3-osmanli-devletinin-insanlik-tarihine-katkilari\/#primaryimage"},"thumbnailUrl":"https:\/\/tarihkursu.com\/wp-content\/uploads\/2024\/10\/11.SINIF-TARIH-NOTLAR.png","datePublished":"2026-08-27T12:51:35+00:00","description":"Osmanl\u0131 Devleti\u2019nin siyaset, adalet, bilim, k\u00fclt\u00fcr, e\u011fitim ve sanat alanlar\u0131nda insanl\u0131k tarihine katk\u0131lar\u0131n\u0131 ele al\u0131r.","breadcrumb":{"@id":"https:\/\/tarihkursu.com\/index.php\/2026\/08\/27\/3-3-osmanli-devletinin-insanlik-tarihine-katkilari\/#breadcrumb"},"inLanguage":"tr","potentialAction":[{"@type":"ReadAction","target":["https:\/\/tarihkursu.com\/index.php\/2026\/08\/27\/3-3-osmanli-devletinin-insanlik-tarihine-katkilari\/"]}]},{"@type":"ImageObject","inLanguage":"tr","@id":"https:\/\/tarihkursu.com\/index.php\/2026\/08\/27\/3-3-osmanli-devletinin-insanlik-tarihine-katkilari\/#primaryimage","url":"https:\/\/tarihkursu.com\/wp-content\/uploads\/2024\/10\/11.SINIF-TARIH-NOTLAR.png","contentUrl":"https:\/\/tarihkursu.com\/wp-content\/uploads\/2024\/10\/11.SINIF-TARIH-NOTLAR.png","width":1280,"height":720,"caption":"11. s\u0131n\u0131f ders notlar\u0131"},{"@type":"BreadcrumbList","@id":"https:\/\/tarihkursu.com\/index.php\/2026\/08\/27\/3-3-osmanli-devletinin-insanlik-tarihine-katkilari\/#breadcrumb","itemListElement":[{"@type":"ListItem","position":1,"name":"Anasayfa","item":"https:\/\/tarihkursu.com\/"},{"@type":"ListItem","position":2,"name":"Osmanl\u0131 Devleti\u2019nin \u0130nsanl\u0131k Tarihine Katk\u0131lar\u0131 | 11. S\u0131n\u0131f Tarih &#8211; Maarif Model Tarih Ders Notu"}]},{"@type":"WebSite","@id":"https:\/\/tarihkursu.com\/#website","url":"https:\/\/tarihkursu.com\/","name":"Tarih Kursu","description":"\u0130\u015fimiz G\u00fcc\u00fcm\u00fcz Tarih","publisher":{"@id":"https:\/\/tarihkursu.com\/#\/schema\/person\/4d7bdc3b79e9f5198455474c0f203f3c"},"potentialAction":[{"@type":"SearchAction","target":{"@type":"EntryPoint","urlTemplate":"https:\/\/tarihkursu.com\/?s={search_term_string}"},"query-input":{"@type":"PropertyValueSpecification","valueRequired":true,"valueName":"search_term_string"}}],"inLanguage":"tr"},{"@type":["Person","Organization"],"@id":"https:\/\/tarihkursu.com\/#\/schema\/person\/4d7bdc3b79e9f5198455474c0f203f3c","name":"admin","image":{"@type":"ImageObject","inLanguage":"tr","@id":"https:\/\/tarihkursu.com\/wp-content\/uploads\/2024\/10\/TARIHKURSU-Kopyasi.png","url":"https:\/\/tarihkursu.com\/wp-content\/uploads\/2024\/10\/TARIHKURSU-Kopyasi.png","contentUrl":"https:\/\/tarihkursu.com\/wp-content\/uploads\/2024\/10\/TARIHKURSU-Kopyasi.png","width":1080,"height":1080,"caption":"admin"},"logo":{"@id":"https:\/\/tarihkursu.com\/wp-content\/uploads\/2024\/10\/TARIHKURSU-Kopyasi.png"},"sameAs":["https:\/\/tarihkursu.com"]},{"@type":"Person","@id":"https:\/\/tarihkursu.com\/#\/schema\/person\/d0f9105e31352dbe9f08d098ffb8c878","name":"tarihkursu","image":{"@type":"ImageObject","inLanguage":"tr","@id":"https:\/\/secure.gravatar.com\/avatar\/1354763acbc865faa7650c3e1e4431f187276d71f132349411302a546cdeae54?s=96&d=mm&r=g","url":"https:\/\/secure.gravatar.com\/avatar\/1354763acbc865faa7650c3e1e4431f187276d71f132349411302a546cdeae54?s=96&d=mm&r=g","contentUrl":"https:\/\/secure.gravatar.com\/avatar\/1354763acbc865faa7650c3e1e4431f187276d71f132349411302a546cdeae54?s=96&d=mm&r=g","caption":"tarihkursu"},"url":"https:\/\/tarihkursu.com\/index.php\/author\/tarihkursu\/"}]}},"_links":{"self":[{"href":"https:\/\/tarihkursu.com\/index.php\/wp-json\/wp\/v2\/posts\/3632","targetHints":{"allow":["GET"]}}],"collection":[{"href":"https:\/\/tarihkursu.com\/index.php\/wp-json\/wp\/v2\/posts"}],"about":[{"href":"https:\/\/tarihkursu.com\/index.php\/wp-json\/wp\/v2\/types\/post"}],"author":[{"embeddable":true,"href":"https:\/\/tarihkursu.com\/index.php\/wp-json\/wp\/v2\/users\/2"}],"replies":[{"embeddable":true,"href":"https:\/\/tarihkursu.com\/index.php\/wp-json\/wp\/v2\/comments?post=3632"}],"version-history":[{"count":1,"href":"https:\/\/tarihkursu.com\/index.php\/wp-json\/wp\/v2\/posts\/3632\/revisions"}],"predecessor-version":[{"id":3633,"href":"https:\/\/tarihkursu.com\/index.php\/wp-json\/wp\/v2\/posts\/3632\/revisions\/3633"}],"wp:featuredmedia":[{"embeddable":true,"href":"https:\/\/tarihkursu.com\/index.php\/wp-json\/wp\/v2\/media\/1340"}],"wp:attachment":[{"href":"https:\/\/tarihkursu.com\/index.php\/wp-json\/wp\/v2\/media?parent=3632"}],"wp:term":[{"taxonomy":"category","embeddable":true,"href":"https:\/\/tarihkursu.com\/index.php\/wp-json\/wp\/v2\/categories?post=3632"},{"taxonomy":"post_tag","embeddable":true,"href":"https:\/\/tarihkursu.com\/index.php\/wp-json\/wp\/v2\/tags?post=3632"}],"curies":[{"name":"wp","href":"https:\/\/api.w.org\/{rel}","templated":true}]}}