{"id":3634,"date":"2026-08-27T15:47:27","date_gmt":"2026-08-27T12:47:27","guid":{"rendered":"https:\/\/tarihkursu.com\/?p=3634"},"modified":"2026-08-27T16:04:56","modified_gmt":"2026-08-27T13:04:56","slug":"11-sinif-tarih-ders-notlari-maarif-modeli","status":"publish","type":"post","link":"https:\/\/tarihkursu.com\/index.php\/2026\/08\/27\/11-sinif-tarih-ders-notlari-maarif-modeli\/","title":{"rendered":"11. S\u0131n\u0131f Tarih Ders Notlar\u0131 (Maarif Modeli) | \u00dcnite ve \u00d6\u011frenme \u00c7\u0131kt\u0131lar\u0131"},"content":{"rendered":"\n<p class=\"wp-block-paragraph\">11. s\u0131n\u0131f tarih ders notlar\u0131, T\u00fcrkiye Y\u00fczy\u0131l\u0131 Maarif Modeli do\u011frultusunda Osmanl\u0131 Devleti&#8217;nin 1683-1918 y\u0131llar\u0131 aras\u0131ndaki de\u011fi\u015fim ve d\u00f6n\u00fc\u015f\u00fcm s\u00fcrecini b\u00fct\u00fcnc\u00fcl bi\u00e7imde \u00f6\u011frenmenize yard\u0131mc\u0131 olur. Bu sayfada siyasi ve asker\u00ee m\u00fccadelelerden Lale Devri&#8217;ne, Sanayi Devrimi&#8217;nden Frans\u0131z \u0130htilali&#8217;ne, sanayile\u015fme \u00e7abalar\u0131ndan bilim, sanat ve teknoloji alan\u0131ndaki geli\u015fmelere kadar 11. s\u0131n\u0131f tarih konular\u0131n\u0131 d\u00fczenli bir s\u0131rayla bulabilirsiniz.<\/p>\n\n\n\n<p class=\"wp-block-paragraph\">Ders notlar\u0131; De\u011fi\u015fen D\u00fcnyada Osmanl\u0131 Devleti, D\u00f6n\u00fc\u015f\u00fcm S\u00fcrecinde Osmanl\u0131 ve Sava\u015flar Sarmal\u0131nda Osmanl\u0131 \u00fcnitelerine g\u00f6re s\u0131n\u0131fland\u0131r\u0131lm\u0131\u015ft\u0131r. Her \u00f6\u011frenme \u00e7\u0131kt\u0131s\u0131 i\u00e7in haz\u0131rlanan sade ve anla\u015f\u0131l\u0131r konu anlat\u0131mlar\u0131; ders tekrar\u0131 yaparken, s\u0131navlara haz\u0131rlan\u0131rken ve eksik konular\u0131 tamamlarken g\u00fcvenilir bir \u00e7al\u0131\u015fma s\u0131ras\u0131 sunar. \u0130ncelemek istedi\u011finiz \u00f6\u011frenme \u00e7\u0131kt\u0131s\u0131n\u0131n ba\u015fl\u0131\u011f\u0131na t\u0131klayarak ilgili 11. s\u0131n\u0131f tarih ders notuna ula\u015fabilirsiniz.<\/p>\n\n\n\n<h2 class=\"wp-block-heading\">11. S\u0131n\u0131f Tarih Ders Notlar\u0131 ve \u00d6\u011frenme \u00c7\u0131kt\u0131lar\u0131<\/h2>\n\n\n\n<h3 class=\"wp-block-heading\">1. \u00dcnite: DE\u011e\u0130\u015eEN D\u00dcNYADA OSMANLI DEVLET\u0130 (1683-1789)<\/h3>\n\n\n\n<ul class=\"wp-block-list\">\n<li class=\"has-medium-font-size\"><strong>1.1.<\/strong> <a href=\"https:\/\/tarihkursu.com\/index.php\/2026\/08\/27\/1-1-osmanli-devleti-1683-1789-siyasi-askeri-mucadeleleri\/\">Osmanl\u0131 Devleti&#8217;nin 1683-1789 Y\u0131llar\u0131 Aras\u0131ndaki Siyasi ve Asker\u00ee M\u00fccadeleleri<\/a><\/li>\n\n\n\n<li class=\"has-medium-font-size\"><strong>1.2.<\/strong> <a href=\"https:\/\/tarihkursu.com\/index.php\/2026\/08\/27\/1-2-lale-devri-devlet-toplum-hayatina-etkileri\/\">Lale Devri&#8217;nin Devlet ve Toplum Hayat\u0131na Etkileri<\/a><\/li>\n\n\n\n<li class=\"has-medium-font-size\"><strong>1.3.<\/strong> <a href=\"https:\/\/tarihkursu.com\/index.php\/2026\/08\/27\/1-3-1755-lizbon-1766-istanbul-depremlerinin-etkileri\/\">1755 Lizbon ve 1766 \u0130stanbul Depremlerinin Etkileri<\/a><\/li>\n\n\n\n<li class=\"has-medium-font-size\"><strong>1.4.<\/strong> <a href=\"https:\/\/tarihkursu.com\/index.php\/2026\/08\/27\/1-4-sanayi-devrimi-sonrasi-meydana-gelen-gelismeler\/\">Sanayi Devrimi Sonras\u0131 Meydana Gelen Geli\u015fmeler<\/a><\/li>\n<\/ul>\n\n\n\n<h3 class=\"wp-block-heading\">2. \u00dcnite: D\u00d6N\u00dc\u015e\u00dcM S\u00dcREC\u0130NDE OSMANLI (1789-1908)<\/h3>\n\n\n\n<ul class=\"wp-block-list\">\n<li class=\"has-medium-font-size\"><strong>2.1.<\/strong> <a href=\"https:\/\/tarihkursu.com\/index.php\/2026\/08\/27\/2-1-fransiz-ihtilali-devlet-toplum-hayatindaki-degisim\/\">Frans\u0131z \u0130htilali&#8217;nin Devlet ve Toplum Hayat\u0131nda Meydana Getirdi\u011fi De\u011fi\u015fim<\/a><\/li>\n\n\n\n<li class=\"has-medium-font-size\"><strong>2.2.<\/strong> <a href=\"https:\/\/tarihkursu.com\/index.php\/2026\/08\/27\/2-2-1789-1908-osmanli-siyasi-askeri-idari-gelismeler\/\">1789-1908 Y\u0131llar\u0131 Aras\u0131nda Osmanl\u0131 Devleti&#8217;nde Meydana Gelen Siyasi, Asker\u00ee ve \u0130dari Geli\u015fmeler<\/a><\/li>\n\n\n\n<li class=\"has-medium-font-size\"><strong>2.3.<\/strong> <a href=\"https:\/\/tarihkursu.com\/index.php\/2026\/08\/27\/2-3-1789-1908-osmanli-bilim-sanat-teknoloji\/\">1789-1908 Y\u0131llar\u0131 Aras\u0131nda Osmanl\u0131 Devleti&#8217;nde Bilim, Sanat ve Teknoloji<\/a><\/li>\n\n\n\n<li class=\"has-medium-font-size\"><strong>2.4.<\/strong> <a href=\"https:\/\/tarihkursu.com\/index.php\/2026\/08\/27\/2-4-osmanli-devletinde-sanayilesme-cabalari\/\">Osmanl\u0131 Devleti&#8217;nde Sanayile\u015fme \u00c7abalar\u0131<\/a><\/li>\n<\/ul>\n\n\n\n<h3 class=\"wp-block-heading\">3. \u00dcnite: SAVA\u015eLAR SARMALINDA OSMANLI (1908-1918)<\/h3>\n\n\n\n<ul class=\"wp-block-list\">\n<li class=\"has-medium-font-size\"><strong>3.1.<\/strong> <a href=\"https:\/\/tarihkursu.com\/index.php\/2026\/08\/27\/3-1-1908-1918-osmanli-siyasi-askeri-gelismeler\/\">1908-1918 Y\u0131llar\u0131 Aras\u0131nda Osmanl\u0131 Devleti&#8217;nde Meydana Gelen Siyasi ve Asker\u00ee Geli\u015fmeler<\/a><\/li>\n\n\n\n<li class=\"has-medium-font-size\"><strong>3.2.<\/strong> <a href=\"https:\/\/tarihkursu.com\/index.php\/2026\/08\/27\/3-2-1908-1918-kitlesel-goc-ve-salginlar\/\">1908-1918 Y\u0131llar\u0131 Aras\u0131nda Ya\u015fanan Kitlesel G\u00f6\u00e7 ve Salg\u0131nlar<\/a><\/li>\n\n\n\n<li class=\"has-medium-font-size\"><strong>3.3.<\/strong> <a href=\"https:\/\/tarihkursu.com\/index.php\/2026\/08\/27\/3-3-osmanli-devletinin-insanlik-tarihine-katkilari\/\">Osmanl\u0131 Devleti&#8217;nin \u0130nsanl\u0131k Tarihine Katk\u0131lar\u0131<\/a><\/li>\n<\/ul>\n","protected":false},"excerpt":{"rendered":"<div class=\"mh-excerpt\"><p>11. s\u0131n\u0131f tarih ders notlar\u0131, T\u00fcrkiye Y\u00fczy\u0131l\u0131 Maarif Modeli do\u011frultusunda Osmanl\u0131 Devleti&#8217;nin 1683-1918 y\u0131llar\u0131 aras\u0131ndaki de\u011fi\u015fim ve d\u00f6n\u00fc\u015f\u00fcm s\u00fcrecini b\u00fct\u00fcnc\u00fcl bi\u00e7imde \u00f6\u011frenmenize yard\u0131mc\u0131 olur. Bu <a class=\"mh-excerpt-more\" href=\"https:\/\/tarihkursu.com\/index.php\/2026\/08\/27\/11-sinif-tarih-ders-notlari-maarif-modeli\/\" title=\"11. S\u0131n\u0131f Tarih Ders Notlar\u0131 (Maarif Modeli) | \u00dcnite ve \u00d6\u011frenme \u00c7\u0131kt\u0131lar\u0131\">[&#8230;]<\/a><\/p>\n<\/div>","protected":false},"author":2,"featured_media":1340,"comment_status":"open","ping_status":"open","sticky":false,"template":"","format":"standard","meta":{"_regular_price":[],"currency_symbol":[],"footnotes":""},"categories":[160],"tags":[231],"class_list":["post-3634","post","type-post","status-publish","format-standard","has-post-thumbnail","hentry","category-11-sinif-tarih-ders-notlari","tag-11-sinif-tarih-3"],"post_slider_layout_featured_media_urls":{"thumbnail":["https:\/\/tarihkursu.com\/wp-content\/uploads\/2024\/10\/11.SINIF-TARIH-NOTLAR-150x150.png",150,150,true],"post_slider_layout_landscape_large":["https:\/\/tarihkursu.com\/wp-content\/uploads\/2024\/10\/11.SINIF-TARIH-NOTLAR-1200x720.png",1200,720,true],"post_slider_layout_portrait_large":["https:\/\/tarihkursu.com\/wp-content\/uploads\/2024\/10\/11.SINIF-TARIH-NOTLAR-1200x720.png",1200,720,true],"post_slider_layout_square_large":["https:\/\/tarihkursu.com\/wp-content\/uploads\/2024\/10\/11.SINIF-TARIH-NOTLAR-1200x720.png",1200,720,true],"post_slider_layout_landscape":["https:\/\/tarihkursu.com\/wp-content\/uploads\/2024\/10\/11.SINIF-TARIH-NOTLAR-600x400.png",600,400,true],"post_slider_layout_portrait":["https:\/\/tarihkursu.com\/wp-content\/uploads\/2024\/10\/11.SINIF-TARIH-NOTLAR-600x720.png",600,720,true],"post_slider_layout_square":["https:\/\/tarihkursu.com\/wp-content\/uploads\/2024\/10\/11.SINIF-TARIH-NOTLAR-600x600.png",600,600,true],"full":["https:\/\/tarihkursu.com\/wp-content\/uploads\/2024\/10\/11.SINIF-TARIH-NOTLAR.png",1280,720,false]},"yoast_head":"<!-- This site is optimized with the Yoast SEO plugin v28.3 - https:\/\/yoast.com\/product\/yoast-seo-wordpress\/ -->\n<title>11. S\u0131n\u0131f Tarih Ders Notlar\u0131 (Maarif Modeli) | \u00dcnite ve \u00d6\u011frenme \u00c7\u0131kt\u0131lar\u0131<\/title>\n<meta name=\"description\" content=\"11. s\u0131n\u0131f tarih ders notlar\u0131: Osmanl\u0131&#039;n\u0131n 1683-1918 aras\u0131ndaki siyasi, asker\u00ee, toplumsal ve ekonomik d\u00f6n\u00fc\u015f\u00fcm\u00fcn\u00fc \u00f6\u011frenin.\" \/>\n<meta name=\"robots\" content=\"index, follow, max-snippet:-1, max-image-preview:large, max-video-preview:-1\" \/>\n<link rel=\"canonical\" href=\"https:\/\/tarihkursu.com\/index.php\/2026\/08\/27\/11-sinif-tarih-ders-notlari-maarif-modeli\/\" \/>\n<meta property=\"og:locale\" content=\"tr_TR\" \/>\n<meta property=\"og:type\" content=\"article\" \/>\n<meta property=\"og:title\" content=\"11. S\u0131n\u0131f Tarih Ders Notlar\u0131 (Maarif Modeli) | \u00dcnite ve \u00d6\u011frenme \u00c7\u0131kt\u0131lar\u0131\" \/>\n<meta property=\"og:description\" content=\"11. s\u0131n\u0131f tarih ders notlar\u0131: Osmanl\u0131&#039;n\u0131n 1683-1918 aras\u0131ndaki siyasi, asker\u00ee, toplumsal ve ekonomik d\u00f6n\u00fc\u015f\u00fcm\u00fcn\u00fc \u00f6\u011frenin.\" \/>\n<meta property=\"og:url\" content=\"https:\/\/tarihkursu.com\/index.php\/2026\/08\/27\/11-sinif-tarih-ders-notlari-maarif-modeli\/\" \/>\n<meta property=\"og:site_name\" content=\"tarihkursu.com\" \/>\n<meta property=\"article:published_time\" content=\"2026-08-27T12:47:27+00:00\" \/>\n<meta property=\"article:modified_time\" content=\"2026-08-27T13:04:56+00:00\" \/>\n<meta property=\"og:image\" content=\"https:\/\/tarihkursu.com\/wp-content\/uploads\/2024\/10\/11.SINIF-TARIH-NOTLAR.png\" \/>\n\t<meta property=\"og:image:width\" content=\"1280\" \/>\n\t<meta property=\"og:image:height\" content=\"720\" \/>\n\t<meta property=\"og:image:type\" content=\"image\/png\" \/>\n<meta name=\"author\" content=\"tarihkursu\" \/>\n<meta name=\"twitter:card\" content=\"summary_large_image\" \/>\n<meta name=\"twitter:label1\" content=\"Yazan:\" \/>\n\t<meta name=\"twitter:data1\" content=\"tarihkursu\" \/>\n\t<meta name=\"twitter:label2\" content=\"Tahmini okuma s\u00fcresi\" \/>\n\t<meta name=\"twitter:data2\" content=\"2 dakika\" \/>\n<script type=\"application\/ld+json\" class=\"yoast-schema-graph\">{\"@context\":\"https:\\\/\\\/schema.org\",\"@graph\":[{\"@type\":\"Article\",\"@id\":\"https:\\\/\\\/tarihkursu.com\\\/index.php\\\/2026\\\/08\\\/27\\\/11-sinif-tarih-ders-notlari-maarif-modeli\\\/#article\",\"isPartOf\":{\"@id\":\"https:\\\/\\\/tarihkursu.com\\\/index.php\\\/2026\\\/08\\\/27\\\/11-sinif-tarih-ders-notlari-maarif-modeli\\\/\"},\"author\":{\"name\":\"tarihkursu\",\"@id\":\"https:\\\/\\\/tarihkursu.com\\\/#\\\/schema\\\/person\\\/d0f9105e31352dbe9f08d098ffb8c878\"},\"headline\":\"11. S\u0131n\u0131f Tarih Ders Notlar\u0131 (Maarif Modeli) | \u00dcnite ve \u00d6\u011frenme \u00c7\u0131kt\u0131lar\u0131\",\"datePublished\":\"2026-08-27T12:47:27+00:00\",\"dateModified\":\"2026-08-27T13:04:56+00:00\",\"mainEntityOfPage\":{\"@id\":\"https:\\\/\\\/tarihkursu.com\\\/index.php\\\/2026\\\/08\\\/27\\\/11-sinif-tarih-ders-notlari-maarif-modeli\\\/\"},\"wordCount\":337,\"commentCount\":0,\"publisher\":{\"@id\":\"https:\\\/\\\/tarihkursu.com\\\/#\\\/schema\\\/person\\\/4d7bdc3b79e9f5198455474c0f203f3c\"},\"image\":{\"@id\":\"https:\\\/\\\/tarihkursu.com\\\/index.php\\\/2026\\\/08\\\/27\\\/11-sinif-tarih-ders-notlari-maarif-modeli\\\/#primaryimage\"},\"thumbnailUrl\":\"https:\\\/\\\/tarihkursu.com\\\/wp-content\\\/uploads\\\/2024\\\/10\\\/11.SINIF-TARIH-NOTLAR.png\",\"keywords\":[\"11.s\u0131n\u0131f tarih\"],\"articleSection\":[\"11. S\u0131n\u0131f Tarih DERS NOTLARI\"],\"inLanguage\":\"tr\",\"potentialAction\":[{\"@type\":\"CommentAction\",\"name\":\"Comment\",\"target\":[\"https:\\\/\\\/tarihkursu.com\\\/index.php\\\/2026\\\/08\\\/27\\\/11-sinif-tarih-ders-notlari-maarif-modeli\\\/#respond\"]}]},{\"@type\":\"WebPage\",\"@id\":\"https:\\\/\\\/tarihkursu.com\\\/index.php\\\/2026\\\/08\\\/27\\\/11-sinif-tarih-ders-notlari-maarif-modeli\\\/\",\"url\":\"https:\\\/\\\/tarihkursu.com\\\/index.php\\\/2026\\\/08\\\/27\\\/11-sinif-tarih-ders-notlari-maarif-modeli\\\/\",\"name\":\"11. S\u0131n\u0131f Tarih Ders Notlar\u0131 (Maarif Modeli) | \u00dcnite ve \u00d6\u011frenme \u00c7\u0131kt\u0131lar\u0131\",\"isPartOf\":{\"@id\":\"https:\\\/\\\/tarihkursu.com\\\/#website\"},\"primaryImageOfPage\":{\"@id\":\"https:\\\/\\\/tarihkursu.com\\\/index.php\\\/2026\\\/08\\\/27\\\/11-sinif-tarih-ders-notlari-maarif-modeli\\\/#primaryimage\"},\"image\":{\"@id\":\"https:\\\/\\\/tarihkursu.com\\\/index.php\\\/2026\\\/08\\\/27\\\/11-sinif-tarih-ders-notlari-maarif-modeli\\\/#primaryimage\"},\"thumbnailUrl\":\"https:\\\/\\\/tarihkursu.com\\\/wp-content\\\/uploads\\\/2024\\\/10\\\/11.SINIF-TARIH-NOTLAR.png\",\"datePublished\":\"2026-08-27T12:47:27+00:00\",\"dateModified\":\"2026-08-27T13:04:56+00:00\",\"description\":\"11. s\u0131n\u0131f tarih ders notlar\u0131: Osmanl\u0131'n\u0131n 1683-1918 aras\u0131ndaki siyasi, asker\u00ee, toplumsal ve ekonomik d\u00f6n\u00fc\u015f\u00fcm\u00fcn\u00fc \u00f6\u011frenin.\",\"breadcrumb\":{\"@id\":\"https:\\\/\\\/tarihkursu.com\\\/index.php\\\/2026\\\/08\\\/27\\\/11-sinif-tarih-ders-notlari-maarif-modeli\\\/#breadcrumb\"},\"inLanguage\":\"tr\",\"potentialAction\":[{\"@type\":\"ReadAction\",\"target\":[\"https:\\\/\\\/tarihkursu.com\\\/index.php\\\/2026\\\/08\\\/27\\\/11-sinif-tarih-ders-notlari-maarif-modeli\\\/\"]}]},{\"@type\":\"ImageObject\",\"inLanguage\":\"tr\",\"@id\":\"https:\\\/\\\/tarihkursu.com\\\/index.php\\\/2026\\\/08\\\/27\\\/11-sinif-tarih-ders-notlari-maarif-modeli\\\/#primaryimage\",\"url\":\"https:\\\/\\\/tarihkursu.com\\\/wp-content\\\/uploads\\\/2024\\\/10\\\/11.SINIF-TARIH-NOTLAR.png\",\"contentUrl\":\"https:\\\/\\\/tarihkursu.com\\\/wp-content\\\/uploads\\\/2024\\\/10\\\/11.SINIF-TARIH-NOTLAR.png\",\"width\":1280,\"height\":720,\"caption\":\"11. s\u0131n\u0131f ders notlar\u0131\"},{\"@type\":\"BreadcrumbList\",\"@id\":\"https:\\\/\\\/tarihkursu.com\\\/index.php\\\/2026\\\/08\\\/27\\\/11-sinif-tarih-ders-notlari-maarif-modeli\\\/#breadcrumb\",\"itemListElement\":[{\"@type\":\"ListItem\",\"position\":1,\"name\":\"Anasayfa\",\"item\":\"https:\\\/\\\/tarihkursu.com\\\/\"},{\"@type\":\"ListItem\",\"position\":2,\"name\":\"11. S\u0131n\u0131f Tarih Ders Notlar\u0131 (Maarif Modeli) | \u00dcnite ve \u00d6\u011frenme \u00c7\u0131kt\u0131lar\u0131\"}]},{\"@type\":\"WebSite\",\"@id\":\"https:\\\/\\\/tarihkursu.com\\\/#website\",\"url\":\"https:\\\/\\\/tarihkursu.com\\\/\",\"name\":\"Tarih Kursu\",\"description\":\"\u0130\u015fimiz G\u00fcc\u00fcm\u00fcz Tarih\",\"publisher\":{\"@id\":\"https:\\\/\\\/tarihkursu.com\\\/#\\\/schema\\\/person\\\/4d7bdc3b79e9f5198455474c0f203f3c\"},\"potentialAction\":[{\"@type\":\"SearchAction\",\"target\":{\"@type\":\"EntryPoint\",\"urlTemplate\":\"https:\\\/\\\/tarihkursu.com\\\/?s={search_term_string}\"},\"query-input\":{\"@type\":\"PropertyValueSpecification\",\"valueRequired\":true,\"valueName\":\"search_term_string\"}}],\"inLanguage\":\"tr\"},{\"@type\":[\"Person\",\"Organization\"],\"@id\":\"https:\\\/\\\/tarihkursu.com\\\/#\\\/schema\\\/person\\\/4d7bdc3b79e9f5198455474c0f203f3c\",\"name\":\"admin\",\"image\":{\"@type\":\"ImageObject\",\"inLanguage\":\"tr\",\"@id\":\"https:\\\/\\\/tarihkursu.com\\\/wp-content\\\/uploads\\\/2024\\\/10\\\/TARIHKURSU-Kopyasi.png\",\"url\":\"https:\\\/\\\/tarihkursu.com\\\/wp-content\\\/uploads\\\/2024\\\/10\\\/TARIHKURSU-Kopyasi.png\",\"contentUrl\":\"https:\\\/\\\/tarihkursu.com\\\/wp-content\\\/uploads\\\/2024\\\/10\\\/TARIHKURSU-Kopyasi.png\",\"width\":1080,\"height\":1080,\"caption\":\"admin\"},\"logo\":{\"@id\":\"https:\\\/\\\/tarihkursu.com\\\/wp-content\\\/uploads\\\/2024\\\/10\\\/TARIHKURSU-Kopyasi.png\"},\"sameAs\":[\"https:\\\/\\\/tarihkursu.com\"]},{\"@type\":\"Person\",\"@id\":\"https:\\\/\\\/tarihkursu.com\\\/#\\\/schema\\\/person\\\/d0f9105e31352dbe9f08d098ffb8c878\",\"name\":\"tarihkursu\",\"image\":{\"@type\":\"ImageObject\",\"inLanguage\":\"tr\",\"@id\":\"https:\\\/\\\/secure.gravatar.com\\\/avatar\\\/1354763acbc865faa7650c3e1e4431f187276d71f132349411302a546cdeae54?s=96&d=mm&r=g\",\"url\":\"https:\\\/\\\/secure.gravatar.com\\\/avatar\\\/1354763acbc865faa7650c3e1e4431f187276d71f132349411302a546cdeae54?s=96&d=mm&r=g\",\"contentUrl\":\"https:\\\/\\\/secure.gravatar.com\\\/avatar\\\/1354763acbc865faa7650c3e1e4431f187276d71f132349411302a546cdeae54?s=96&d=mm&r=g\",\"caption\":\"tarihkursu\"},\"url\":\"https:\\\/\\\/tarihkursu.com\\\/index.php\\\/author\\\/tarihkursu\\\/\"}]}<\/script>\n<!-- \/ Yoast SEO plugin. -->","yoast_head_json":{"title":"11. S\u0131n\u0131f Tarih Ders Notlar\u0131 (Maarif Modeli) | \u00dcnite ve \u00d6\u011frenme \u00c7\u0131kt\u0131lar\u0131","description":"11. s\u0131n\u0131f tarih ders notlar\u0131: Osmanl\u0131'n\u0131n 1683-1918 aras\u0131ndaki siyasi, asker\u00ee, toplumsal ve ekonomik d\u00f6n\u00fc\u015f\u00fcm\u00fcn\u00fc \u00f6\u011frenin.","robots":{"index":"index","follow":"follow","max-snippet":"max-snippet:-1","max-image-preview":"max-image-preview:large","max-video-preview":"max-video-preview:-1"},"canonical":"https:\/\/tarihkursu.com\/index.php\/2026\/08\/27\/11-sinif-tarih-ders-notlari-maarif-modeli\/","og_locale":"tr_TR","og_type":"article","og_title":"11. S\u0131n\u0131f Tarih Ders Notlar\u0131 (Maarif Modeli) | \u00dcnite ve \u00d6\u011frenme \u00c7\u0131kt\u0131lar\u0131","og_description":"11. s\u0131n\u0131f tarih ders notlar\u0131: Osmanl\u0131'n\u0131n 1683-1918 aras\u0131ndaki siyasi, asker\u00ee, toplumsal ve ekonomik d\u00f6n\u00fc\u015f\u00fcm\u00fcn\u00fc \u00f6\u011frenin.","og_url":"https:\/\/tarihkursu.com\/index.php\/2026\/08\/27\/11-sinif-tarih-ders-notlari-maarif-modeli\/","og_site_name":"tarihkursu.com","article_published_time":"2026-08-27T12:47:27+00:00","article_modified_time":"2026-08-27T13:04:56+00:00","og_image":[{"width":1280,"height":720,"url":"https:\/\/tarihkursu.com\/wp-content\/uploads\/2024\/10\/11.SINIF-TARIH-NOTLAR.png","type":"image\/png"}],"author":"tarihkursu","twitter_card":"summary_large_image","twitter_misc":{"Yazan:":"tarihkursu","Tahmini okuma s\u00fcresi":"2 dakika"},"schema":{"@context":"https:\/\/schema.org","@graph":[{"@type":"Article","@id":"https:\/\/tarihkursu.com\/index.php\/2026\/08\/27\/11-sinif-tarih-ders-notlari-maarif-modeli\/#article","isPartOf":{"@id":"https:\/\/tarihkursu.com\/index.php\/2026\/08\/27\/11-sinif-tarih-ders-notlari-maarif-modeli\/"},"author":{"name":"tarihkursu","@id":"https:\/\/tarihkursu.com\/#\/schema\/person\/d0f9105e31352dbe9f08d098ffb8c878"},"headline":"11. S\u0131n\u0131f Tarih Ders Notlar\u0131 (Maarif Modeli) | \u00dcnite ve \u00d6\u011frenme \u00c7\u0131kt\u0131lar\u0131","datePublished":"2026-08-27T12:47:27+00:00","dateModified":"2026-08-27T13:04:56+00:00","mainEntityOfPage":{"@id":"https:\/\/tarihkursu.com\/index.php\/2026\/08\/27\/11-sinif-tarih-ders-notlari-maarif-modeli\/"},"wordCount":337,"commentCount":0,"publisher":{"@id":"https:\/\/tarihkursu.com\/#\/schema\/person\/4d7bdc3b79e9f5198455474c0f203f3c"},"image":{"@id":"https:\/\/tarihkursu.com\/index.php\/2026\/08\/27\/11-sinif-tarih-ders-notlari-maarif-modeli\/#primaryimage"},"thumbnailUrl":"https:\/\/tarihkursu.com\/wp-content\/uploads\/2024\/10\/11.SINIF-TARIH-NOTLAR.png","keywords":["11.s\u0131n\u0131f tarih"],"articleSection":["11. S\u0131n\u0131f Tarih DERS NOTLARI"],"inLanguage":"tr","potentialAction":[{"@type":"CommentAction","name":"Comment","target":["https:\/\/tarihkursu.com\/index.php\/2026\/08\/27\/11-sinif-tarih-ders-notlari-maarif-modeli\/#respond"]}]},{"@type":"WebPage","@id":"https:\/\/tarihkursu.com\/index.php\/2026\/08\/27\/11-sinif-tarih-ders-notlari-maarif-modeli\/","url":"https:\/\/tarihkursu.com\/index.php\/2026\/08\/27\/11-sinif-tarih-ders-notlari-maarif-modeli\/","name":"11. S\u0131n\u0131f Tarih Ders Notlar\u0131 (Maarif Modeli) | \u00dcnite ve \u00d6\u011frenme \u00c7\u0131kt\u0131lar\u0131","isPartOf":{"@id":"https:\/\/tarihkursu.com\/#website"},"primaryImageOfPage":{"@id":"https:\/\/tarihkursu.com\/index.php\/2026\/08\/27\/11-sinif-tarih-ders-notlari-maarif-modeli\/#primaryimage"},"image":{"@id":"https:\/\/tarihkursu.com\/index.php\/2026\/08\/27\/11-sinif-tarih-ders-notlari-maarif-modeli\/#primaryimage"},"thumbnailUrl":"https:\/\/tarihkursu.com\/wp-content\/uploads\/2024\/10\/11.SINIF-TARIH-NOTLAR.png","datePublished":"2026-08-27T12:47:27+00:00","dateModified":"2026-08-27T13:04:56+00:00","description":"11. s\u0131n\u0131f tarih ders notlar\u0131: Osmanl\u0131'n\u0131n 1683-1918 aras\u0131ndaki siyasi, asker\u00ee, toplumsal ve ekonomik d\u00f6n\u00fc\u015f\u00fcm\u00fcn\u00fc \u00f6\u011frenin.","breadcrumb":{"@id":"https:\/\/tarihkursu.com\/index.php\/2026\/08\/27\/11-sinif-tarih-ders-notlari-maarif-modeli\/#breadcrumb"},"inLanguage":"tr","potentialAction":[{"@type":"ReadAction","target":["https:\/\/tarihkursu.com\/index.php\/2026\/08\/27\/11-sinif-tarih-ders-notlari-maarif-modeli\/"]}]},{"@type":"ImageObject","inLanguage":"tr","@id":"https:\/\/tarihkursu.com\/index.php\/2026\/08\/27\/11-sinif-tarih-ders-notlari-maarif-modeli\/#primaryimage","url":"https:\/\/tarihkursu.com\/wp-content\/uploads\/2024\/10\/11.SINIF-TARIH-NOTLAR.png","contentUrl":"https:\/\/tarihkursu.com\/wp-content\/uploads\/2024\/10\/11.SINIF-TARIH-NOTLAR.png","width":1280,"height":720,"caption":"11. s\u0131n\u0131f ders notlar\u0131"},{"@type":"BreadcrumbList","@id":"https:\/\/tarihkursu.com\/index.php\/2026\/08\/27\/11-sinif-tarih-ders-notlari-maarif-modeli\/#breadcrumb","itemListElement":[{"@type":"ListItem","position":1,"name":"Anasayfa","item":"https:\/\/tarihkursu.com\/"},{"@type":"ListItem","position":2,"name":"11. S\u0131n\u0131f Tarih Ders Notlar\u0131 (Maarif Modeli) | \u00dcnite ve \u00d6\u011frenme \u00c7\u0131kt\u0131lar\u0131"}]},{"@type":"WebSite","@id":"https:\/\/tarihkursu.com\/#website","url":"https:\/\/tarihkursu.com\/","name":"Tarih Kursu","description":"\u0130\u015fimiz G\u00fcc\u00fcm\u00fcz Tarih","publisher":{"@id":"https:\/\/tarihkursu.com\/#\/schema\/person\/4d7bdc3b79e9f5198455474c0f203f3c"},"potentialAction":[{"@type":"SearchAction","target":{"@type":"EntryPoint","urlTemplate":"https:\/\/tarihkursu.com\/?s={search_term_string}"},"query-input":{"@type":"PropertyValueSpecification","valueRequired":true,"valueName":"search_term_string"}}],"inLanguage":"tr"},{"@type":["Person","Organization"],"@id":"https:\/\/tarihkursu.com\/#\/schema\/person\/4d7bdc3b79e9f5198455474c0f203f3c","name":"admin","image":{"@type":"ImageObject","inLanguage":"tr","@id":"https:\/\/tarihkursu.com\/wp-content\/uploads\/2024\/10\/TARIHKURSU-Kopyasi.png","url":"https:\/\/tarihkursu.com\/wp-content\/uploads\/2024\/10\/TARIHKURSU-Kopyasi.png","contentUrl":"https:\/\/tarihkursu.com\/wp-content\/uploads\/2024\/10\/TARIHKURSU-Kopyasi.png","width":1080,"height":1080,"caption":"admin"},"logo":{"@id":"https:\/\/tarihkursu.com\/wp-content\/uploads\/2024\/10\/TARIHKURSU-Kopyasi.png"},"sameAs":["https:\/\/tarihkursu.com"]},{"@type":"Person","@id":"https:\/\/tarihkursu.com\/#\/schema\/person\/d0f9105e31352dbe9f08d098ffb8c878","name":"tarihkursu","image":{"@type":"ImageObject","inLanguage":"tr","@id":"https:\/\/secure.gravatar.com\/avatar\/1354763acbc865faa7650c3e1e4431f187276d71f132349411302a546cdeae54?s=96&d=mm&r=g","url":"https:\/\/secure.gravatar.com\/avatar\/1354763acbc865faa7650c3e1e4431f187276d71f132349411302a546cdeae54?s=96&d=mm&r=g","contentUrl":"https:\/\/secure.gravatar.com\/avatar\/1354763acbc865faa7650c3e1e4431f187276d71f132349411302a546cdeae54?s=96&d=mm&r=g","caption":"tarihkursu"},"url":"https:\/\/tarihkursu.com\/index.php\/author\/tarihkursu\/"}]}},"_links":{"self":[{"href":"https:\/\/tarihkursu.com\/index.php\/wp-json\/wp\/v2\/posts\/3634","targetHints":{"allow":["GET"]}}],"collection":[{"href":"https:\/\/tarihkursu.com\/index.php\/wp-json\/wp\/v2\/posts"}],"about":[{"href":"https:\/\/tarihkursu.com\/index.php\/wp-json\/wp\/v2\/types\/post"}],"author":[{"embeddable":true,"href":"https:\/\/tarihkursu.com\/index.php\/wp-json\/wp\/v2\/users\/2"}],"replies":[{"embeddable":true,"href":"https:\/\/tarihkursu.com\/index.php\/wp-json\/wp\/v2\/comments?post=3634"}],"version-history":[{"count":4,"href":"https:\/\/tarihkursu.com\/index.php\/wp-json\/wp\/v2\/posts\/3634\/revisions"}],"predecessor-version":[{"id":3850,"href":"https:\/\/tarihkursu.com\/index.php\/wp-json\/wp\/v2\/posts\/3634\/revisions\/3850"}],"wp:featuredmedia":[{"embeddable":true,"href":"https:\/\/tarihkursu.com\/index.php\/wp-json\/wp\/v2\/media\/1340"}],"wp:attachment":[{"href":"https:\/\/tarihkursu.com\/index.php\/wp-json\/wp\/v2\/media?parent=3634"}],"wp:term":[{"taxonomy":"category","embeddable":true,"href":"https:\/\/tarihkursu.com\/index.php\/wp-json\/wp\/v2\/categories?post=3634"},{"taxonomy":"post_tag","embeddable":true,"href":"https:\/\/tarihkursu.com\/index.php\/wp-json\/wp\/v2\/tags?post=3634"}],"curies":[{"name":"wp","href":"https:\/\/api.w.org\/{rel}","templated":true}]}}