{"id":3887,"date":"2026-08-30T20:04:38","date_gmt":"2026-08-30T17:04:38","guid":{"rendered":"https:\/\/tarihkursu.com\/?p=3887"},"modified":"2026-08-30T20:04:39","modified_gmt":"2026-08-30T17:04:39","slug":"2026-2027-egitim-ogretim-yili-tarih-ogretmenleri-icin-yillik-plan-ve-mufredat-rehberi","status":"publish","type":"post","link":"https:\/\/tarihkursu.com\/index.php\/2026\/08\/30\/2026-2027-egitim-ogretim-yili-tarih-ogretmenleri-icin-yillik-plan-ve-mufredat-rehberi\/","title":{"rendered":"2026-2027 E\u011fitim \u00d6\u011fretim Y\u0131l\u0131 Tarih \u00d6\u011fretmenleri \u0130\u00e7in Y\u0131ll\u0131k Plan ve M\u00fcfredat Rehberi"},"content":{"rendered":"\n<p class=\"has-medium-font-size wp-block-paragraph\">2026-2027 e\u011fitim \u00f6\u011fretim y\u0131l\u0131na girerken, tarih \u00f6\u011fretmenlerinin \u00fcnitelendirilmi\u015f y\u0131ll\u0131k planlar\u0131n\u0131 haz\u0131rlarken dikkat etmeleri gereken en \u00f6nemli husus, <strong>T\u00fcrkiye Y\u00fczy\u0131l\u0131 Maarif Modeli (TYMM)<\/strong> kapsam\u0131ndaki kademeli ge\u00e7i\u015f s\u00fcrecidir.<\/p>\n\n\n\n<h2 class=\"wp-block-heading\">Hangi Derslerde Maarif Modeli Uygulanacak?<\/h2>\n\n\n\n<p class=\"wp-block-paragraph\">Milli E\u011fitim Bakanl\u0131\u011f\u0131 (MEB) taraf\u0131ndan 2024 y\u0131l\u0131nda yay\u0131mlanan ve kademeli olarak uygulamaya konulan yeni \u00f6\u011fretim programlar\u0131, baz\u0131 s\u0131n\u0131flarda tamamen devreye girmi\u015fken, baz\u0131 derslerde ise mevcut (eski) m\u00fcfredat\u0131n kullan\u0131m\u0131 devam etmektedir. Talim ve Terbiye Kurulu Ba\u015fkanl\u0131\u011f\u0131 (TTKB) kararlar\u0131 do\u011frultusunda, 2026-2027 e\u011fitim \u00f6\u011fretim y\u0131l\u0131nda tarih \u00f6\u011fretmenlerinin girece\u011fi derslerde hangi m\u00fcfredat\u0131n uygulanaca\u011f\u0131na dair g\u00fcncel rehberi sizler i\u00e7in derledik.<\/p>\n\n\n\n<h2 class=\"wp-block-heading\">Lise Tarih Derslerinde TYMM Uygulamas\u0131 (9, 10 ve 11. S\u0131n\u0131flar)<\/h2>\n\n\n\n<p class=\"wp-block-paragraph\">T\u00fcrkiye Y\u00fczy\u0131l\u0131 Maarif Modeli, liselerde 2024-2025 e\u011fitim \u00f6\u011fretim y\u0131l\u0131nda 9. s\u0131n\u0131flarla uygulanmaya ba\u015flanm\u0131\u015ft\u0131. Kademeli ge\u00e7i\u015f takvimine g\u00f6re <strong>2026-2027 e\u011fitim \u00f6\u011fretim y\u0131l\u0131nda 11. s\u0131n\u0131flar da ilk kez bu modele d\u00e2hil olmaktad\u0131r.<\/strong><\/p>\n\n\n\n<p class=\"wp-block-paragraph\">Buna g\u00f6re bu y\u0131l;<\/p>\n\n\n\n<ul class=\"wp-block-list\">\n<li><strong>9. S\u0131n\u0131f Tarih<\/strong><\/li>\n\n\n\n<li><strong>10. S\u0131n\u0131f Tarih<\/strong><\/li>\n\n\n\n<li><strong>11. S\u0131n\u0131f Tarih<\/strong><\/li>\n<\/ul>\n\n\n\n<p class=\"wp-block-paragraph\">derslerinde, <strong>2024 y\u0131l\u0131nda yay\u0131mlanan g\u00fcncel TYMM Tarih Dersi \u00d6\u011fretim Program\u0131<\/strong> esas al\u0131narak y\u0131ll\u0131k plan haz\u0131rlanmal\u0131d\u0131r.<\/p>\n\n\n\n<h2 class=\"wp-block-heading\">12. S\u0131n\u0131flar ve \u0130nk\u0131lap Tarihi Dersinde Durum Ne?<\/h2>\n\n\n\n<p class=\"wp-block-paragraph\">Yeni \u00f6\u011fretim programlar\u0131 2024 y\u0131l\u0131nda yay\u0131mlanm\u0131\u015f olsa da 12. s\u0131n\u0131flar i\u00e7in TYMM uygulamas\u0131 <strong>2027-2028 e\u011fitim \u00f6\u011fretim y\u0131l\u0131nda<\/strong> ba\u015flayacakt\u0131r.<\/p>\n\n\n\n<p class=\"wp-block-paragraph\">Bu nedenle 2026-2027 e\u011fitim \u00f6\u011fretim y\u0131l\u0131nda <strong>12. S\u0131n\u0131f T.C. \u0130nk\u0131lap Tarihi ve Atat\u00fcrk\u00e7\u00fcl\u00fck<\/strong> dersi ile <strong>\u00c7a\u011fda\u015f T\u00fcrk ve D\u00fcnya Tarihi<\/strong> derslerinde <strong>2018 y\u0131l\u0131na ait mevcut \u00f6\u011fretim programlar\u0131<\/strong> y\u00fcr\u00fcrl\u00fckte kalmaya devam edecektir. Bu derslerin y\u0131ll\u0131k planlar\u0131 haz\u0131rlan\u0131rken MEB sistemindeki yeni (TYMM) programlar\u0131n <strong>kullan\u0131lmamas\u0131<\/strong> gerekmektedir.<\/p>\n\n\n\n<h2 class=\"wp-block-heading\">Yeni (TYMM) Programa Ge\u00e7en Se\u00e7meli ve Alan Dersleri<\/h2>\n\n\n\n<p class=\"wp-block-paragraph\">2026-2027 y\u0131l\u0131 itibar\u0131yla T\u00fcrkiye Y\u00fczy\u0131l\u0131 Maarif Modeli&#8217;nin tam olarak uygulanaca\u011f\u0131, lise kademesindeki di\u011fer \u00f6nemli dersler \u015funlard\u0131r:<\/p>\n\n\n\n<ul class=\"wp-block-list\">\n<li><strong>T\u00fcrk K\u00fclt\u00fcr ve Medeniyet Tarihi:<\/strong> \u00d6zellikle Sosyal Bilimler Liselerinde okutulan bu derste yeni programa ge\u00e7ilmi\u015ftir.<\/li>\n\n\n\n<li><strong>Demokrasi ve \u0130nsan Haklar\u0131:<\/strong> Yeni programdaki \u00f6\u011frenme \u00e7\u0131kt\u0131lar\u0131 ve s\u00fcre\u00e7 bile\u015fenleri esas al\u0131nmal\u0131d\u0131r.<\/li>\n\n\n\n<li><strong>\u0130slam Bilim Tarihi:<\/strong> Bu y\u0131l itibar\u0131yla yeni TYMM m\u00fcfredat\u0131 uygulanacakt\u0131r.<\/li>\n\n\n\n<li><strong>Sosyal Bilim \u00c7al\u0131\u015fmalar\u0131:<\/strong> Yeni yakla\u015f\u0131ma uygun olarak planlanmal\u0131d\u0131r.<\/li>\n\n\n\n<li><strong>T\u00fcrk Sosyal Hayat\u0131nda Aile:<\/strong> G\u00fcncel TYMM program\u0131na g\u00f6re y\u00fcr\u00fct\u00fclecektir.<\/li>\n<\/ul>\n\n\n\n<h2 class=\"wp-block-heading\">Kademeli Ge\u00e7i\u015f Uygulanan &#8220;\u00d6zel Durumlu&#8221; Se\u00e7meli Dersler<\/h2>\n\n\n\n<p class=\"wp-block-paragraph\"><strong>K\u00fclt\u00fcr ve Medeniyetimize Y\u00f6n Verenler<\/strong> ile <strong>Masal ve Destanlar\u0131m\u0131z<\/strong> derslerinde farkl\u0131 bir uygulama s\u00f6z konusudur. Yeni \u00f6\u011fretim program\u0131, bu dersleri <strong>ilk kez se\u00e7ecek<\/strong> \u00f6\u011frenci gruplar\u0131 i\u00e7in uygulanacakt\u0131r. Y\u0131ll\u0131k plan haz\u0131rlamadan \u00f6nce, dersi alan s\u0131n\u0131f\u0131n bu dersi ilk kez al\u0131p almad\u0131\u011f\u0131 idareden teyit edilmeli ve ilk kez alanlar i\u00e7in g\u00fcncel TYMM program\u0131 kullan\u0131lmal\u0131d\u0131r.<\/p>\n\n\n\n<h2 class=\"wp-block-heading\">Hen\u00fcz TYMM&#8217;ye Ge\u00e7meyen (Eski M\u00fcfredat\u0131n Uyguland\u0131\u011f\u0131) Dersler<\/h2>\n\n\n\n<p class=\"wp-block-paragraph\">Tarih \u00f6\u011fretmenlerinin okutabilece\u011fi a\u015fa\u011f\u0131daki dersler i\u00e7in yeni bir TYMM program\u0131 hen\u00fcz uygulamaya konulmam\u0131\u015ft\u0131r. 2026-2027 e\u011fitim y\u0131l\u0131nda bu derslerde <strong>eski (mevcut) m\u00fcfredat<\/strong> kullan\u0131lmaya devam edilecektir:<\/p>\n\n\n\n<ul class=\"wp-block-list\">\n<li>\u0130slam Tarihi<\/li>\n\n\n\n<li>T\u00fcrk E\u011fitim Tarihi<\/li>\n\n\n\n<li>Halk K\u00fclt\u00fcr\u00fc<\/li>\n\n\n\n<li>Uluslararas\u0131 \u0130li\u015fkiler<\/li>\n\n\n\n<li>\u0130slam K\u00fclt\u00fcr ve Medeniyeti<\/li>\n\n\n\n<li>Ortak T\u00fcrk Tarihi<\/li>\n\n\n\n<li>Osmanl\u0131 T\u00fcrk\u00e7esi<\/li>\n\n\n\n<li>T\u00fcrk D\u00fc\u015f\u00fcnce Tarihi<\/li>\n<\/ul>\n\n\n\n<h2 class=\"wp-block-heading\">Ortaokul Derslerine Girecek Tarih \u00d6\u011fretmenlerinin Dikkatine<\/h2>\n\n\n\n<p class=\"wp-block-paragraph\">Kurul kararlar\u0131na g\u00f6re ortaokuldaki derslerin as\u0131l okutucusu <strong>Sosyal Bilgiler \u00f6\u011fretmenleridir.<\/strong> Ancak norm durumlar\u0131 veya kurumun \u00f6zel \u015fartlar\u0131 gere\u011fi ortaokul kademesinde derse girecek bir Tarih \u00f6\u011fretmeniyseniz \u015fu tabloyu dikkate almal\u0131s\u0131n\u0131z:<\/p>\n\n\n\n<ul class=\"wp-block-list\">\n<li><strong>5, 6 ve 7. S\u0131n\u0131f Sosyal Bilgiler:<\/strong> Kademeli ge\u00e7i\u015f takvimine uygun olarak <strong>TYMM<\/strong> program\u0131 uygulan\u0131r.<\/li>\n\n\n\n<li><strong>8. S\u0131n\u0131f T.C. \u0130nk\u0131lap Tarihi ve Atat\u00fcrk\u00e7\u00fcl\u00fck:<\/strong> Ge\u00e7i\u015f hen\u00fcz tamamlanmad\u0131\u011f\u0131 i\u00e7in <strong>mevcut (eski) program<\/strong> uygulan\u0131r.<\/li>\n<\/ul>\n\n\n\n<h2 class=\"wp-block-heading\">\u00d6zet Tablo: 2026-2027 Tarih Bran\u015f\u0131 Dersleri ve Uygulanacak Programlar<\/h2>\n\n\n\n<figure class=\"wp-block-table\"><table class=\"has-fixed-layout\"><thead><tr><td><strong>Ders Ad\u0131<\/strong><\/td><td><strong>S\u0131n\u0131f D\u00fczeyi<\/strong><\/td><td><strong>Uygulanacak M\u00fcfredat \/ Program<\/strong><\/td><\/tr><\/thead><tbody><tr><td><strong>Tarih<\/strong><\/td><td>9, 10 ve 11. S\u0131n\u0131flar<\/td><td>2024 TYMM Program\u0131<\/td><\/tr><tr><td><strong>T.C. \u0130nk\u0131lap Tarihi ve Atat\u00fcrk\u00e7\u00fcl\u00fck<\/strong><\/td><td>12. S\u0131n\u0131f (ve 8. S\u0131n\u0131f)<\/td><td>Mevcut (Eski) Program<\/td><\/tr><tr><td><strong>\u00c7a\u011fda\u015f T\u00fcrk ve D\u00fcnya Tarihi<\/strong><\/td><td>Lise Kademesi<\/td><td>2018 \u00d6\u011fretim Program\u0131<\/td><\/tr><tr><td><strong>T\u00fcrk K\u00fclt\u00fcr ve Medeniyet Tarihi<\/strong><\/td><td>Lise Kademesi<\/td><td>2024 TYMM Program\u0131<\/td><\/tr><tr><td><strong>Demokrasi ve \u0130nsan Haklar\u0131<\/strong><\/td><td>Lise Kademesi<\/td><td>2024 TYMM Program\u0131<\/td><\/tr><tr><td><strong>\u0130slam Bilim Tarihi<\/strong><\/td><td>Lise Kademesi<\/td><td>2024 TYMM Program\u0131<\/td><\/tr><tr><td><strong>T\u00fcrk Sosyal Hayat\u0131nda Aile<\/strong><\/td><td>Lise Kademesi<\/td><td>2024 TYMM Program\u0131<\/td><\/tr><tr><td><strong>K\u00fclt\u00fcr ve Medeniyetimize Y\u00f6n Verenler<\/strong><\/td><td>Lise Kademesi<\/td><td>Kademeli Ge\u00e7i\u015f (\u0130lk kez alanlara TYMM)<\/td><\/tr><tr><td><strong>Masal ve Destanlar\u0131m\u0131z<\/strong><\/td><td>Lise Kademesi<\/td><td>Kademeli Ge\u00e7i\u015f (\u0130lk kez alanlara TYMM)<\/td><\/tr><tr><td><strong>\u0130slam Tarihi, Ortak T\u00fcrk Tarihi, Osmanl\u0131 T\u00fcrk\u00e7esi<\/strong> vb.<\/td><td>Lise Kademesi<\/td><td>Mevcut (Eski) Programlar<\/td><\/tr><\/tbody><\/table><\/figure>\n\n\n\n<h2 class=\"wp-block-heading\">Y\u0131ll\u0131k Plan Haz\u0131rlarken Unutmay\u0131n!<\/h2>\n\n\n\n<p class=\"wp-block-paragraph\">MEB TTKB \u00d6\u011fretim Programlar\u0131 sayfas\u0131nda yer alan dosyalar\u0131n yay\u0131mlanma tarihi (2024), o program\u0131n t\u00fcm kademelerde hemen uygulanaca\u011f\u0131 anlam\u0131na gelmez. Tarih z\u00fcmreleri y\u0131ll\u0131k planlar\u0131n\u0131 haz\u0131rlarken mutlaka; <strong>&#8220;Dersin yay\u0131mlanma karar\u0131 + Kademeli ge\u00e7i\u015f uygulama ba\u015flang\u0131\u00e7 y\u0131l\u0131 + Dersin okutulaca\u011f\u0131 s\u0131n\u0131f d\u00fczeyi&#8221;<\/strong> parametrelerini birlikte de\u011ferlendirmelidir.<\/p>\n\n\n\n<p class=\"wp-block-paragraph\"><em>Yeni e\u011fitim \u00f6\u011fretim y\u0131l\u0131nda t\u00fcm z\u00fcmrelerimize ba\u015far\u0131lar dileriz! Konuyla ilgili sorular\u0131n\u0131z\u0131 veya kurumunuzdaki farkl\u0131 uygulamalar\u0131 a\u015fa\u011f\u0131daki yorum b\u00f6l\u00fcm\u00fcnden meslekta\u015flar\u0131n\u0131zla payla\u015fabilirsiniz.<\/em><\/p>\n","protected":false},"excerpt":{"rendered":"<div class=\"mh-excerpt\"><p>2026-2027 e\u011fitim \u00f6\u011fretim y\u0131l\u0131na girerken, tarih \u00f6\u011fretmenlerinin \u00fcnitelendirilmi\u015f y\u0131ll\u0131k planlar\u0131n\u0131 haz\u0131rlarken dikkat etmeleri gereken en \u00f6nemli husus, T\u00fcrkiye Y\u00fczy\u0131l\u0131 Maarif Modeli (TYMM) kapsam\u0131ndaki kademeli ge\u00e7i\u015f <a class=\"mh-excerpt-more\" href=\"https:\/\/tarihkursu.com\/index.php\/2026\/08\/30\/2026-2027-egitim-ogretim-yili-tarih-ogretmenleri-icin-yillik-plan-ve-mufredat-rehberi\/\" title=\"2026-2027 E\u011fitim \u00d6\u011fretim Y\u0131l\u0131 Tarih \u00d6\u011fretmenleri \u0130\u00e7in Y\u0131ll\u0131k Plan ve M\u00fcfredat Rehberi\">[&#8230;]<\/a><\/p>\n<\/div>","protected":false},"author":2,"featured_media":3701,"comment_status":"open","ping_status":"open","sticky":false,"template":"","format":"standard","meta":{"_regular_price":[],"currency_symbol":[],"footnotes":""},"categories":[1,46],"tags":[],"class_list":["post-3887","post","type-post","status-publish","format-standard","has-post-thumbnail","hentry","category-genel","category-guncel"],"post_slider_layout_featured_media_urls":{"thumbnail":["https:\/\/tarihkursu.com\/wp-content\/uploads\/2026\/08\/10-150x150.png",150,150,true],"post_slider_layout_landscape_large":["https:\/\/tarihkursu.com\/wp-content\/uploads\/2026\/08\/10.png",1200,675,false],"post_slider_layout_portrait_large":["https:\/\/tarihkursu.com\/wp-content\/uploads\/2026\/08\/10.png",1200,675,false],"post_slider_layout_square_large":["https:\/\/tarihkursu.com\/wp-content\/uploads\/2026\/08\/10.png",1200,675,false],"post_slider_layout_landscape":["https:\/\/tarihkursu.com\/wp-content\/uploads\/2026\/08\/10-600x400.png",600,400,true],"post_slider_layout_portrait":["https:\/\/tarihkursu.com\/wp-content\/uploads\/2026\/08\/10-600x675.png",600,675,true],"post_slider_layout_square":["https:\/\/tarihkursu.com\/wp-content\/uploads\/2026\/08\/10-600x600.png",600,600,true],"full":["https:\/\/tarihkursu.com\/wp-content\/uploads\/2026\/08\/10.png",1200,675,false]},"yoast_head":"<!-- This site is optimized with the Yoast SEO plugin v28.3 - https:\/\/yoast.com\/product\/yoast-seo-wordpress\/ -->\n<title>2026-2027 E\u011fitim \u00d6\u011fretim Y\u0131l\u0131 Tarih \u00d6\u011fretmenleri \u0130\u00e7in Y\u0131ll\u0131k Plan ve M\u00fcfredat Rehberi - tarihkursu.com<\/title>\n<meta name=\"description\" content=\"2026-2027&#039;de tarih \u00f6\u011fretmenlerinin okutabilece\u011fi dersleri ve hangi derslerde T\u00fcrkiye Y\u00fczy\u0131l\u0131 Maarif Modeli uygulanaca\u011f\u0131n\u0131 ayr\u0131nt\u0131l\u0131 inceleyin.\" \/>\n<meta name=\"robots\" content=\"index, follow, max-snippet:-1, max-image-preview:large, max-video-preview:-1\" \/>\n<link rel=\"canonical\" href=\"https:\/\/tarihkursu.com\/index.php\/2026\/08\/30\/2026-2027-egitim-ogretim-yili-tarih-ogretmenleri-icin-yillik-plan-ve-mufredat-rehberi\/\" \/>\n<meta property=\"og:locale\" content=\"tr_TR\" \/>\n<meta property=\"og:type\" content=\"article\" \/>\n<meta property=\"og:title\" content=\"2026-2027 E\u011fitim \u00d6\u011fretim Y\u0131l\u0131 Tarih \u00d6\u011fretmenleri \u0130\u00e7in Y\u0131ll\u0131k Plan ve M\u00fcfredat Rehberi - tarihkursu.com\" \/>\n<meta property=\"og:description\" content=\"2026-2027&#039;de tarih \u00f6\u011fretmenlerinin okutabilece\u011fi dersleri ve hangi derslerde T\u00fcrkiye Y\u00fczy\u0131l\u0131 Maarif Modeli uygulanaca\u011f\u0131n\u0131 ayr\u0131nt\u0131l\u0131 inceleyin.\" \/>\n<meta property=\"og:url\" content=\"https:\/\/tarihkursu.com\/index.php\/2026\/08\/30\/2026-2027-egitim-ogretim-yili-tarih-ogretmenleri-icin-yillik-plan-ve-mufredat-rehberi\/\" \/>\n<meta property=\"og:site_name\" content=\"tarihkursu.com\" \/>\n<meta property=\"article:published_time\" content=\"2026-08-30T17:04:38+00:00\" \/>\n<meta property=\"article:modified_time\" content=\"2026-08-30T17:04:39+00:00\" \/>\n<meta property=\"og:image\" content=\"https:\/\/tarihkursu.com\/wp-content\/uploads\/2026\/08\/10.png\" \/>\n\t<meta property=\"og:image:width\" content=\"1200\" \/>\n\t<meta property=\"og:image:height\" content=\"675\" \/>\n\t<meta property=\"og:image:type\" content=\"image\/png\" \/>\n<meta name=\"author\" content=\"tarihkursu\" \/>\n<meta name=\"twitter:card\" content=\"summary_large_image\" \/>\n<meta name=\"twitter:label1\" content=\"Yazan:\" \/>\n\t<meta name=\"twitter:data1\" content=\"tarihkursu\" \/>\n\t<meta name=\"twitter:label2\" content=\"Tahmini okuma s\u00fcresi\" \/>\n\t<meta name=\"twitter:data2\" content=\"5 dakika\" \/>\n<script type=\"application\/ld+json\" class=\"yoast-schema-graph\">{\"@context\":\"https:\\\/\\\/schema.org\",\"@graph\":[{\"@type\":\"Article\",\"@id\":\"https:\\\/\\\/tarihkursu.com\\\/index.php\\\/2026\\\/08\\\/30\\\/2026-2027-egitim-ogretim-yili-tarih-ogretmenleri-icin-yillik-plan-ve-mufredat-rehberi\\\/#article\",\"isPartOf\":{\"@id\":\"https:\\\/\\\/tarihkursu.com\\\/index.php\\\/2026\\\/08\\\/30\\\/2026-2027-egitim-ogretim-yili-tarih-ogretmenleri-icin-yillik-plan-ve-mufredat-rehberi\\\/\"},\"author\":{\"name\":\"tarihkursu\",\"@id\":\"https:\\\/\\\/tarihkursu.com\\\/#\\\/schema\\\/person\\\/d0f9105e31352dbe9f08d098ffb8c878\"},\"headline\":\"2026-2027 E\u011fitim \u00d6\u011fretim Y\u0131l\u0131 Tarih \u00d6\u011fretmenleri \u0130\u00e7in Y\u0131ll\u0131k Plan ve M\u00fcfredat Rehberi\",\"datePublished\":\"2026-08-30T17:04:38+00:00\",\"dateModified\":\"2026-08-30T17:04:39+00:00\",\"mainEntityOfPage\":{\"@id\":\"https:\\\/\\\/tarihkursu.com\\\/index.php\\\/2026\\\/08\\\/30\\\/2026-2027-egitim-ogretim-yili-tarih-ogretmenleri-icin-yillik-plan-ve-mufredat-rehberi\\\/\"},\"wordCount\":946,\"commentCount\":0,\"publisher\":{\"@id\":\"https:\\\/\\\/tarihkursu.com\\\/#\\\/schema\\\/person\\\/4d7bdc3b79e9f5198455474c0f203f3c\"},\"image\":{\"@id\":\"https:\\\/\\\/tarihkursu.com\\\/index.php\\\/2026\\\/08\\\/30\\\/2026-2027-egitim-ogretim-yili-tarih-ogretmenleri-icin-yillik-plan-ve-mufredat-rehberi\\\/#primaryimage\"},\"thumbnailUrl\":\"https:\\\/\\\/tarihkursu.com\\\/wp-content\\\/uploads\\\/2026\\\/08\\\/10.png\",\"articleSection\":{\"1\":\"G\u00fcncel\"},\"inLanguage\":\"tr\",\"potentialAction\":[{\"@type\":\"CommentAction\",\"name\":\"Comment\",\"target\":[\"https:\\\/\\\/tarihkursu.com\\\/index.php\\\/2026\\\/08\\\/30\\\/2026-2027-egitim-ogretim-yili-tarih-ogretmenleri-icin-yillik-plan-ve-mufredat-rehberi\\\/#respond\"]}]},{\"@type\":\"WebPage\",\"@id\":\"https:\\\/\\\/tarihkursu.com\\\/index.php\\\/2026\\\/08\\\/30\\\/2026-2027-egitim-ogretim-yili-tarih-ogretmenleri-icin-yillik-plan-ve-mufredat-rehberi\\\/\",\"url\":\"https:\\\/\\\/tarihkursu.com\\\/index.php\\\/2026\\\/08\\\/30\\\/2026-2027-egitim-ogretim-yili-tarih-ogretmenleri-icin-yillik-plan-ve-mufredat-rehberi\\\/\",\"name\":\"2026-2027 E\u011fitim \u00d6\u011fretim Y\u0131l\u0131 Tarih \u00d6\u011fretmenleri \u0130\u00e7in Y\u0131ll\u0131k Plan ve M\u00fcfredat Rehberi - tarihkursu.com\",\"isPartOf\":{\"@id\":\"https:\\\/\\\/tarihkursu.com\\\/#website\"},\"primaryImageOfPage\":{\"@id\":\"https:\\\/\\\/tarihkursu.com\\\/index.php\\\/2026\\\/08\\\/30\\\/2026-2027-egitim-ogretim-yili-tarih-ogretmenleri-icin-yillik-plan-ve-mufredat-rehberi\\\/#primaryimage\"},\"image\":{\"@id\":\"https:\\\/\\\/tarihkursu.com\\\/index.php\\\/2026\\\/08\\\/30\\\/2026-2027-egitim-ogretim-yili-tarih-ogretmenleri-icin-yillik-plan-ve-mufredat-rehberi\\\/#primaryimage\"},\"thumbnailUrl\":\"https:\\\/\\\/tarihkursu.com\\\/wp-content\\\/uploads\\\/2026\\\/08\\\/10.png\",\"datePublished\":\"2026-08-30T17:04:38+00:00\",\"dateModified\":\"2026-08-30T17:04:39+00:00\",\"description\":\"2026-2027'de tarih \u00f6\u011fretmenlerinin okutabilece\u011fi dersleri ve hangi derslerde T\u00fcrkiye Y\u00fczy\u0131l\u0131 Maarif Modeli uygulanaca\u011f\u0131n\u0131 ayr\u0131nt\u0131l\u0131 inceleyin.\",\"breadcrumb\":{\"@id\":\"https:\\\/\\\/tarihkursu.com\\\/index.php\\\/2026\\\/08\\\/30\\\/2026-2027-egitim-ogretim-yili-tarih-ogretmenleri-icin-yillik-plan-ve-mufredat-rehberi\\\/#breadcrumb\"},\"inLanguage\":\"tr\",\"potentialAction\":[{\"@type\":\"ReadAction\",\"target\":[\"https:\\\/\\\/tarihkursu.com\\\/index.php\\\/2026\\\/08\\\/30\\\/2026-2027-egitim-ogretim-yili-tarih-ogretmenleri-icin-yillik-plan-ve-mufredat-rehberi\\\/\"]}]},{\"@type\":\"ImageObject\",\"inLanguage\":\"tr\",\"@id\":\"https:\\\/\\\/tarihkursu.com\\\/index.php\\\/2026\\\/08\\\/30\\\/2026-2027-egitim-ogretim-yili-tarih-ogretmenleri-icin-yillik-plan-ve-mufredat-rehberi\\\/#primaryimage\",\"url\":\"https:\\\/\\\/tarihkursu.com\\\/wp-content\\\/uploads\\\/2026\\\/08\\\/10.png\",\"contentUrl\":\"https:\\\/\\\/tarihkursu.com\\\/wp-content\\\/uploads\\\/2026\\\/08\\\/10.png\",\"width\":1200,\"height\":675},{\"@type\":\"BreadcrumbList\",\"@id\":\"https:\\\/\\\/tarihkursu.com\\\/index.php\\\/2026\\\/08\\\/30\\\/2026-2027-egitim-ogretim-yili-tarih-ogretmenleri-icin-yillik-plan-ve-mufredat-rehberi\\\/#breadcrumb\",\"itemListElement\":[{\"@type\":\"ListItem\",\"position\":1,\"name\":\"Anasayfa\",\"item\":\"https:\\\/\\\/tarihkursu.com\\\/\"},{\"@type\":\"ListItem\",\"position\":2,\"name\":\"2026-2027 E\u011fitim \u00d6\u011fretim Y\u0131l\u0131 Tarih \u00d6\u011fretmenleri \u0130\u00e7in Y\u0131ll\u0131k Plan ve M\u00fcfredat Rehberi\"}]},{\"@type\":\"WebSite\",\"@id\":\"https:\\\/\\\/tarihkursu.com\\\/#website\",\"url\":\"https:\\\/\\\/tarihkursu.com\\\/\",\"name\":\"Tarih Kursu\",\"description\":\"\u0130\u015fimiz G\u00fcc\u00fcm\u00fcz Tarih\",\"publisher\":{\"@id\":\"https:\\\/\\\/tarihkursu.com\\\/#\\\/schema\\\/person\\\/4d7bdc3b79e9f5198455474c0f203f3c\"},\"potentialAction\":[{\"@type\":\"SearchAction\",\"target\":{\"@type\":\"EntryPoint\",\"urlTemplate\":\"https:\\\/\\\/tarihkursu.com\\\/?s={search_term_string}\"},\"query-input\":{\"@type\":\"PropertyValueSpecification\",\"valueRequired\":true,\"valueName\":\"search_term_string\"}}],\"inLanguage\":\"tr\"},{\"@type\":[\"Person\",\"Organization\"],\"@id\":\"https:\\\/\\\/tarihkursu.com\\\/#\\\/schema\\\/person\\\/4d7bdc3b79e9f5198455474c0f203f3c\",\"name\":\"admin\",\"image\":{\"@type\":\"ImageObject\",\"inLanguage\":\"tr\",\"@id\":\"https:\\\/\\\/tarihkursu.com\\\/wp-content\\\/uploads\\\/2024\\\/10\\\/TARIHKURSU-Kopyasi.png\",\"url\":\"https:\\\/\\\/tarihkursu.com\\\/wp-content\\\/uploads\\\/2024\\\/10\\\/TARIHKURSU-Kopyasi.png\",\"contentUrl\":\"https:\\\/\\\/tarihkursu.com\\\/wp-content\\\/uploads\\\/2024\\\/10\\\/TARIHKURSU-Kopyasi.png\",\"width\":1080,\"height\":1080,\"caption\":\"admin\"},\"logo\":{\"@id\":\"https:\\\/\\\/tarihkursu.com\\\/wp-content\\\/uploads\\\/2024\\\/10\\\/TARIHKURSU-Kopyasi.png\"},\"sameAs\":[\"https:\\\/\\\/tarihkursu.com\"]},{\"@type\":\"Person\",\"@id\":\"https:\\\/\\\/tarihkursu.com\\\/#\\\/schema\\\/person\\\/d0f9105e31352dbe9f08d098ffb8c878\",\"name\":\"tarihkursu\",\"image\":{\"@type\":\"ImageObject\",\"inLanguage\":\"tr\",\"@id\":\"https:\\\/\\\/secure.gravatar.com\\\/avatar\\\/1354763acbc865faa7650c3e1e4431f187276d71f132349411302a546cdeae54?s=96&d=mm&r=g\",\"url\":\"https:\\\/\\\/secure.gravatar.com\\\/avatar\\\/1354763acbc865faa7650c3e1e4431f187276d71f132349411302a546cdeae54?s=96&d=mm&r=g\",\"contentUrl\":\"https:\\\/\\\/secure.gravatar.com\\\/avatar\\\/1354763acbc865faa7650c3e1e4431f187276d71f132349411302a546cdeae54?s=96&d=mm&r=g\",\"caption\":\"tarihkursu\"},\"url\":\"https:\\\/\\\/tarihkursu.com\\\/index.php\\\/author\\\/tarihkursu\\\/\"}]}<\/script>\n<!-- \/ Yoast SEO plugin. -->","yoast_head_json":{"title":"2026-2027 E\u011fitim \u00d6\u011fretim Y\u0131l\u0131 Tarih \u00d6\u011fretmenleri \u0130\u00e7in Y\u0131ll\u0131k Plan ve M\u00fcfredat Rehberi - tarihkursu.com","description":"2026-2027'de tarih \u00f6\u011fretmenlerinin okutabilece\u011fi dersleri ve hangi derslerde T\u00fcrkiye Y\u00fczy\u0131l\u0131 Maarif Modeli uygulanaca\u011f\u0131n\u0131 ayr\u0131nt\u0131l\u0131 inceleyin.","robots":{"index":"index","follow":"follow","max-snippet":"max-snippet:-1","max-image-preview":"max-image-preview:large","max-video-preview":"max-video-preview:-1"},"canonical":"https:\/\/tarihkursu.com\/index.php\/2026\/08\/30\/2026-2027-egitim-ogretim-yili-tarih-ogretmenleri-icin-yillik-plan-ve-mufredat-rehberi\/","og_locale":"tr_TR","og_type":"article","og_title":"2026-2027 E\u011fitim \u00d6\u011fretim Y\u0131l\u0131 Tarih \u00d6\u011fretmenleri \u0130\u00e7in Y\u0131ll\u0131k Plan ve M\u00fcfredat Rehberi - tarihkursu.com","og_description":"2026-2027'de tarih \u00f6\u011fretmenlerinin okutabilece\u011fi dersleri ve hangi derslerde T\u00fcrkiye Y\u00fczy\u0131l\u0131 Maarif Modeli uygulanaca\u011f\u0131n\u0131 ayr\u0131nt\u0131l\u0131 inceleyin.","og_url":"https:\/\/tarihkursu.com\/index.php\/2026\/08\/30\/2026-2027-egitim-ogretim-yili-tarih-ogretmenleri-icin-yillik-plan-ve-mufredat-rehberi\/","og_site_name":"tarihkursu.com","article_published_time":"2026-08-30T17:04:38+00:00","article_modified_time":"2026-08-30T17:04:39+00:00","og_image":[{"width":1200,"height":675,"url":"https:\/\/tarihkursu.com\/wp-content\/uploads\/2026\/08\/10.png","type":"image\/png"}],"author":"tarihkursu","twitter_card":"summary_large_image","twitter_misc":{"Yazan:":"tarihkursu","Tahmini okuma s\u00fcresi":"5 dakika"},"schema":{"@context":"https:\/\/schema.org","@graph":[{"@type":"Article","@id":"https:\/\/tarihkursu.com\/index.php\/2026\/08\/30\/2026-2027-egitim-ogretim-yili-tarih-ogretmenleri-icin-yillik-plan-ve-mufredat-rehberi\/#article","isPartOf":{"@id":"https:\/\/tarihkursu.com\/index.php\/2026\/08\/30\/2026-2027-egitim-ogretim-yili-tarih-ogretmenleri-icin-yillik-plan-ve-mufredat-rehberi\/"},"author":{"name":"tarihkursu","@id":"https:\/\/tarihkursu.com\/#\/schema\/person\/d0f9105e31352dbe9f08d098ffb8c878"},"headline":"2026-2027 E\u011fitim \u00d6\u011fretim Y\u0131l\u0131 Tarih \u00d6\u011fretmenleri \u0130\u00e7in Y\u0131ll\u0131k Plan ve M\u00fcfredat Rehberi","datePublished":"2026-08-30T17:04:38+00:00","dateModified":"2026-08-30T17:04:39+00:00","mainEntityOfPage":{"@id":"https:\/\/tarihkursu.com\/index.php\/2026\/08\/30\/2026-2027-egitim-ogretim-yili-tarih-ogretmenleri-icin-yillik-plan-ve-mufredat-rehberi\/"},"wordCount":946,"commentCount":0,"publisher":{"@id":"https:\/\/tarihkursu.com\/#\/schema\/person\/4d7bdc3b79e9f5198455474c0f203f3c"},"image":{"@id":"https:\/\/tarihkursu.com\/index.php\/2026\/08\/30\/2026-2027-egitim-ogretim-yili-tarih-ogretmenleri-icin-yillik-plan-ve-mufredat-rehberi\/#primaryimage"},"thumbnailUrl":"https:\/\/tarihkursu.com\/wp-content\/uploads\/2026\/08\/10.png","articleSection":{"1":"G\u00fcncel"},"inLanguage":"tr","potentialAction":[{"@type":"CommentAction","name":"Comment","target":["https:\/\/tarihkursu.com\/index.php\/2026\/08\/30\/2026-2027-egitim-ogretim-yili-tarih-ogretmenleri-icin-yillik-plan-ve-mufredat-rehberi\/#respond"]}]},{"@type":"WebPage","@id":"https:\/\/tarihkursu.com\/index.php\/2026\/08\/30\/2026-2027-egitim-ogretim-yili-tarih-ogretmenleri-icin-yillik-plan-ve-mufredat-rehberi\/","url":"https:\/\/tarihkursu.com\/index.php\/2026\/08\/30\/2026-2027-egitim-ogretim-yili-tarih-ogretmenleri-icin-yillik-plan-ve-mufredat-rehberi\/","name":"2026-2027 E\u011fitim \u00d6\u011fretim Y\u0131l\u0131 Tarih \u00d6\u011fretmenleri \u0130\u00e7in Y\u0131ll\u0131k Plan ve M\u00fcfredat Rehberi - tarihkursu.com","isPartOf":{"@id":"https:\/\/tarihkursu.com\/#website"},"primaryImageOfPage":{"@id":"https:\/\/tarihkursu.com\/index.php\/2026\/08\/30\/2026-2027-egitim-ogretim-yili-tarih-ogretmenleri-icin-yillik-plan-ve-mufredat-rehberi\/#primaryimage"},"image":{"@id":"https:\/\/tarihkursu.com\/index.php\/2026\/08\/30\/2026-2027-egitim-ogretim-yili-tarih-ogretmenleri-icin-yillik-plan-ve-mufredat-rehberi\/#primaryimage"},"thumbnailUrl":"https:\/\/tarihkursu.com\/wp-content\/uploads\/2026\/08\/10.png","datePublished":"2026-08-30T17:04:38+00:00","dateModified":"2026-08-30T17:04:39+00:00","description":"2026-2027'de tarih \u00f6\u011fretmenlerinin okutabilece\u011fi dersleri ve hangi derslerde T\u00fcrkiye Y\u00fczy\u0131l\u0131 Maarif Modeli uygulanaca\u011f\u0131n\u0131 ayr\u0131nt\u0131l\u0131 inceleyin.","breadcrumb":{"@id":"https:\/\/tarihkursu.com\/index.php\/2026\/08\/30\/2026-2027-egitim-ogretim-yili-tarih-ogretmenleri-icin-yillik-plan-ve-mufredat-rehberi\/#breadcrumb"},"inLanguage":"tr","potentialAction":[{"@type":"ReadAction","target":["https:\/\/tarihkursu.com\/index.php\/2026\/08\/30\/2026-2027-egitim-ogretim-yili-tarih-ogretmenleri-icin-yillik-plan-ve-mufredat-rehberi\/"]}]},{"@type":"ImageObject","inLanguage":"tr","@id":"https:\/\/tarihkursu.com\/index.php\/2026\/08\/30\/2026-2027-egitim-ogretim-yili-tarih-ogretmenleri-icin-yillik-plan-ve-mufredat-rehberi\/#primaryimage","url":"https:\/\/tarihkursu.com\/wp-content\/uploads\/2026\/08\/10.png","contentUrl":"https:\/\/tarihkursu.com\/wp-content\/uploads\/2026\/08\/10.png","width":1200,"height":675},{"@type":"BreadcrumbList","@id":"https:\/\/tarihkursu.com\/index.php\/2026\/08\/30\/2026-2027-egitim-ogretim-yili-tarih-ogretmenleri-icin-yillik-plan-ve-mufredat-rehberi\/#breadcrumb","itemListElement":[{"@type":"ListItem","position":1,"name":"Anasayfa","item":"https:\/\/tarihkursu.com\/"},{"@type":"ListItem","position":2,"name":"2026-2027 E\u011fitim \u00d6\u011fretim Y\u0131l\u0131 Tarih \u00d6\u011fretmenleri \u0130\u00e7in Y\u0131ll\u0131k Plan ve M\u00fcfredat Rehberi"}]},{"@type":"WebSite","@id":"https:\/\/tarihkursu.com\/#website","url":"https:\/\/tarihkursu.com\/","name":"Tarih Kursu","description":"\u0130\u015fimiz G\u00fcc\u00fcm\u00fcz Tarih","publisher":{"@id":"https:\/\/tarihkursu.com\/#\/schema\/person\/4d7bdc3b79e9f5198455474c0f203f3c"},"potentialAction":[{"@type":"SearchAction","target":{"@type":"EntryPoint","urlTemplate":"https:\/\/tarihkursu.com\/?s={search_term_string}"},"query-input":{"@type":"PropertyValueSpecification","valueRequired":true,"valueName":"search_term_string"}}],"inLanguage":"tr"},{"@type":["Person","Organization"],"@id":"https:\/\/tarihkursu.com\/#\/schema\/person\/4d7bdc3b79e9f5198455474c0f203f3c","name":"admin","image":{"@type":"ImageObject","inLanguage":"tr","@id":"https:\/\/tarihkursu.com\/wp-content\/uploads\/2024\/10\/TARIHKURSU-Kopyasi.png","url":"https:\/\/tarihkursu.com\/wp-content\/uploads\/2024\/10\/TARIHKURSU-Kopyasi.png","contentUrl":"https:\/\/tarihkursu.com\/wp-content\/uploads\/2024\/10\/TARIHKURSU-Kopyasi.png","width":1080,"height":1080,"caption":"admin"},"logo":{"@id":"https:\/\/tarihkursu.com\/wp-content\/uploads\/2024\/10\/TARIHKURSU-Kopyasi.png"},"sameAs":["https:\/\/tarihkursu.com"]},{"@type":"Person","@id":"https:\/\/tarihkursu.com\/#\/schema\/person\/d0f9105e31352dbe9f08d098ffb8c878","name":"tarihkursu","image":{"@type":"ImageObject","inLanguage":"tr","@id":"https:\/\/secure.gravatar.com\/avatar\/1354763acbc865faa7650c3e1e4431f187276d71f132349411302a546cdeae54?s=96&d=mm&r=g","url":"https:\/\/secure.gravatar.com\/avatar\/1354763acbc865faa7650c3e1e4431f187276d71f132349411302a546cdeae54?s=96&d=mm&r=g","contentUrl":"https:\/\/secure.gravatar.com\/avatar\/1354763acbc865faa7650c3e1e4431f187276d71f132349411302a546cdeae54?s=96&d=mm&r=g","caption":"tarihkursu"},"url":"https:\/\/tarihkursu.com\/index.php\/author\/tarihkursu\/"}]}},"_links":{"self":[{"href":"https:\/\/tarihkursu.com\/index.php\/wp-json\/wp\/v2\/posts\/3887","targetHints":{"allow":["GET"]}}],"collection":[{"href":"https:\/\/tarihkursu.com\/index.php\/wp-json\/wp\/v2\/posts"}],"about":[{"href":"https:\/\/tarihkursu.com\/index.php\/wp-json\/wp\/v2\/types\/post"}],"author":[{"embeddable":true,"href":"https:\/\/tarihkursu.com\/index.php\/wp-json\/wp\/v2\/users\/2"}],"replies":[{"embeddable":true,"href":"https:\/\/tarihkursu.com\/index.php\/wp-json\/wp\/v2\/comments?post=3887"}],"version-history":[{"count":1,"href":"https:\/\/tarihkursu.com\/index.php\/wp-json\/wp\/v2\/posts\/3887\/revisions"}],"predecessor-version":[{"id":3888,"href":"https:\/\/tarihkursu.com\/index.php\/wp-json\/wp\/v2\/posts\/3887\/revisions\/3888"}],"wp:featuredmedia":[{"embeddable":true,"href":"https:\/\/tarihkursu.com\/index.php\/wp-json\/wp\/v2\/media\/3701"}],"wp:attachment":[{"href":"https:\/\/tarihkursu.com\/index.php\/wp-json\/wp\/v2\/media?parent=3887"}],"wp:term":[{"taxonomy":"category","embeddable":true,"href":"https:\/\/tarihkursu.com\/index.php\/wp-json\/wp\/v2\/categories?post=3887"},{"taxonomy":"post_tag","embeddable":true,"href":"https:\/\/tarihkursu.com\/index.php\/wp-json\/wp\/v2\/tags?post=3887"}],"curies":[{"name":"wp","href":"https:\/\/api.w.org\/{rel}","templated":true}]}}