{"id":467,"date":"2020-11-14T00:10:00","date_gmt":"2020-11-13T21:10:00","guid":{"rendered":"https:\/\/tarihkursu.com\/index.php\/2020\/11\/14\/mustafa-kemal-ataturk-neden-mulkiye-rusdiyesinden-ayrildi\/"},"modified":"2020-11-14T00:10:00","modified_gmt":"2020-11-13T21:10:00","slug":"mustafa-kemal-ataturk-neden-mulkiye-rusdiyesinden-ayrildi","status":"publish","type":"post","link":"https:\/\/tarihkursu.com\/index.php\/2020\/11\/14\/mustafa-kemal-ataturk-neden-mulkiye-rusdiyesinden-ayrildi\/","title":{"rendered":"Mustafa (Kemal Atat\u00fcrk) Neden M\u00fclkiye R\u00fc\u015fdiyesi\u2019nden Ayr\u0131ld\u0131?"},"content":{"rendered":"<p>&nbsp;<\/p>\n<div style=\"clear: both; text-align: center;\"><a href=\"https:\/\/blogger.googleusercontent.com\/img\/b\/R29vZ2xl\/AVvXsEg0weVw9uFKaotdA9MwcvuBhxr_AFakc9QU6O1AxARsOOJG0uCCe3PW06AyPI_bCM3iCi95nPMlPVzUi5btT8F9nZc0JfwaBMRFCD0Gj4vF-HMCT3PQl9FlpZE4RSwzrqR8dyD2FNfxnKD1\/s1280\/ATAT%25C3%259CRK-%25C5%259EAM-1905.png\" style=\"margin-left: 1em; margin-right: 1em;\"><img loading=\"lazy\" decoding=\"async\" border=\"0\" data-original-height=\"1000\" data-original-width=\"1280\" height=\"348\" src=\"https:\/\/blogger.googleusercontent.com\/img\/b\/R29vZ2xl\/AVvXsEg0weVw9uFKaotdA9MwcvuBhxr_AFakc9QU6O1AxARsOOJG0uCCe3PW06AyPI_bCM3iCi95nPMlPVzUi5btT8F9nZc0JfwaBMRFCD0Gj4vF-HMCT3PQl9FlpZE4RSwzrqR8dyD2FNfxnKD1\/w445-h348\/ATAT%25C3%259CRK-%25C5%259EAM-1905.png\" width=\"445\" \/><\/a><\/div>\n<p><span style=\"font-size: large;\">Mustafa\u2019n\u0131n e\u011fitim hayat\u0131 alt\u0131 ya\u015f\u0131na geldi\u011finde annesinin iste\u011fine uyularak \u00f6nce Fatma Molla Kad\u0131n Mektebi\u2019ne kaydedilmesiyle ba\u015flad\u0131. K\u0131sa bir s\u00fcre sonra oradan al\u0131n\u0131p \u015eemsi Efendi Mektebi\u2019ne g\u00f6nderildi. Babas\u0131n\u0131n \u00f6l\u00fcm\u00fc \u00fczerine (1893) annesi ve kendisinden k\u00fc\u00e7\u00fck karde\u015fi Makbule ile Lapka \u00c7iftli\u011fi\u2019nde kahy\u00e2l\u0131k yapan day\u0131s\u0131 H\u00fcseyin\u2019in yan\u0131na gitti. Fakat Mustafa \u00e7ok ge\u00e7meden halas\u0131n\u0131n deste\u011fiyle Sel\u00e2nik\u2019e d\u00f6nd\u00fc ve M\u00fclkiye R\u00fc\u015fdiyesi\u2019ne kaydoldu. <i><br \/>\n<!--yatay--><br \/>\n<ins data-ad-client=\"ca-pub-8292832365502904\" data-ad-format=\"auto\" data-ad-slot=\"5700543963\" data-full-width-responsive=\"true\" style=\"display: block;\"><\/ins><br \/>\n<b>Bir kavgaya kar\u0131\u015fmas\u0131 y\u00fcz\u00fcnden m\u00fcd\u00fcr yard\u0131mc\u0131s\u0131ndan dayak yiyince okulu b\u0131rakarak Sel\u00e2nik Asker\u00ee R\u00fc\u015fdiyesi\u2019ne girdi<\/b>.<\/i> Burada matematikteki ba\u015far\u0131lar\u0131ndan dolay\u0131 \u00f6\u011fretmeni Mustafa, \u201cBundan sonra senin ad\u0131n Mustafa Kemal olsun\u201d diyerek ona N\u00e2m\u0131k Kemal\u2019den esinlenen ikinci bir ad verdi. 1896 Oca\u011f\u0131nda asker\u00ee r\u00fc\u015fdiyeyi bitirince Manast\u0131r Asker\u00ee \u0130d\u00e2d\u00eesi\u2019ne girdi. \u0130d\u00e2d\u00eede s\u0131n\u0131f arkada\u015f\u0131 \u00d6mer N\u00e2ci\u2019nin etkisiyle \u015fiir ve edebiyatla ilgilendi, ancak kompozisyon \u00f6\u011fretmeninin bunun askerlikle ba\u011fda\u015fmayaca\u011f\u0131 uyar\u0131s\u0131 kar\u015f\u0131s\u0131nda bu defa tarihe merak sard\u0131. 1898 Kas\u0131m\u0131nda id\u00e2d\u00eeyi bitirerek \u0130stanbul\u2019da Harbiye\u2019ye yaz\u0131ld\u0131. 13 Mart 1899\u2019daki kayd\u0131 \u201cSel\u00e2nik Koca Kas\u0131m mahallesi g\u00fcmr\u00fck memurlar\u0131ndan m\u00fcteveffa Ali R\u0131z\u00e2 Efendi\u2019nin mahdumu uzun boylu, beyaz benizli Mustafa Kemal Efendi, Sel\u00e2nik (96)\u201d diye yap\u0131lm\u0131\u015ft\u0131. 10 \u015eubat 1902\u2019de te\u011fmen olarak Harbiye\u2019yi bitirdi ve kurmay s\u0131n\u0131f\u0131na ge\u00e7ti. 1903\u2019te \u00fcste\u011fmenli\u011fe y\u00fckseldi ve 21 Ekim 1904\u2019te kurmay y\u00fczba\u015f\u0131 oldu.<\/p>\n<p>Kaynak: <a href=\"https:\/\/islamansiklopedisi.org.tr\/mustafa-kemal-ataturk#1-hayati\">https:\/\/islamansiklopedisi.org.tr\/mustafa-kemal-ataturk#1-hayati<\/a><\/span><\/p>\n","protected":false},"excerpt":{"rendered":"<div class=\"mh-excerpt\"><p>&nbsp; Mustafa\u2019n\u0131n e\u011fitim hayat\u0131 alt\u0131 ya\u015f\u0131na geldi\u011finde annesinin iste\u011fine uyularak \u00f6nce Fatma Molla Kad\u0131n Mektebi\u2019ne kaydedilmesiyle ba\u015flad\u0131. K\u0131sa bir s\u00fcre sonra oradan al\u0131n\u0131p \u015eemsi Efendi <a class=\"mh-excerpt-more\" href=\"https:\/\/tarihkursu.com\/index.php\/2020\/11\/14\/mustafa-kemal-ataturk-neden-mulkiye-rusdiyesinden-ayrildi\/\" title=\"Mustafa (Kemal Atat\u00fcrk) Neden M\u00fclkiye R\u00fc\u015fdiyesi\u2019nden Ayr\u0131ld\u0131?\">[&#8230;]<\/a><\/p>\n<\/div>","protected":false},"author":2,"featured_media":0,"comment_status":"open","ping_status":"open","sticky":false,"template":"","format":"standard","meta":{"_regular_price":[],"currency_symbol":[],"footnotes":""},"categories":[27],"tags":[],"class_list":["post-467","post","type-post","status-publish","format-standard","hentry","category-makaleler"],"post_slider_layout_featured_media_urls":{"thumbnail":"","post_slider_layout_landscape_large":"","post_slider_layout_portrait_large":"","post_slider_layout_square_large":"","post_slider_layout_landscape":"","post_slider_layout_portrait":"","post_slider_layout_square":"","full":""},"yoast_head":"<!-- This site is optimized with the Yoast SEO plugin v27.5 - https:\/\/yoast.com\/product\/yoast-seo-wordpress\/ -->\n<title>Mustafa (Kemal Atat\u00fcrk) Neden M\u00fclkiye R\u00fc\u015fdiyesi\u2019nden Ayr\u0131ld\u0131? - tarihkursu.com<\/title>\n<meta name=\"robots\" content=\"index, follow, max-snippet:-1, max-image-preview:large, max-video-preview:-1\" \/>\n<link rel=\"canonical\" href=\"https:\/\/tarihkursu.com\/index.php\/2020\/11\/14\/mustafa-kemal-ataturk-neden-mulkiye-rusdiyesinden-ayrildi\/\" \/>\n<meta property=\"og:locale\" content=\"tr_TR\" \/>\n<meta property=\"og:type\" content=\"article\" \/>\n<meta property=\"og:title\" content=\"Mustafa (Kemal Atat\u00fcrk) Neden M\u00fclkiye R\u00fc\u015fdiyesi\u2019nden Ayr\u0131ld\u0131? - tarihkursu.com\" \/>\n<meta property=\"og:description\" content=\"&nbsp; Mustafa\u2019n\u0131n e\u011fitim hayat\u0131 alt\u0131 ya\u015f\u0131na geldi\u011finde annesinin iste\u011fine uyularak \u00f6nce Fatma Molla Kad\u0131n Mektebi\u2019ne kaydedilmesiyle ba\u015flad\u0131. K\u0131sa bir s\u00fcre sonra oradan al\u0131n\u0131p \u015eemsi Efendi [...]\" \/>\n<meta property=\"og:url\" content=\"https:\/\/tarihkursu.com\/index.php\/2020\/11\/14\/mustafa-kemal-ataturk-neden-mulkiye-rusdiyesinden-ayrildi\/\" \/>\n<meta property=\"og:site_name\" content=\"tarihkursu.com\" \/>\n<meta property=\"article:published_time\" content=\"2020-11-13T21:10:00+00:00\" \/>\n<meta property=\"og:image\" content=\"https:\/\/blogger.googleusercontent.com\/img\/b\/R29vZ2xl\/AVvXsEg0weVw9uFKaotdA9MwcvuBhxr_AFakc9QU6O1AxARsOOJG0uCCe3PW06AyPI_bCM3iCi95nPMlPVzUi5btT8F9nZc0JfwaBMRFCD0Gj4vF-HMCT3PQl9FlpZE4RSwzrqR8dyD2FNfxnKD1\/w445-h348\/ATAT%25C3%259CRK-%25C5%259EAM-1905.png\" \/>\n<meta name=\"author\" content=\"tarihkursu\" \/>\n<meta name=\"twitter:card\" content=\"summary_large_image\" \/>\n<meta name=\"twitter:label1\" content=\"Yazan:\" \/>\n\t<meta name=\"twitter:data1\" content=\"tarihkursu\" \/>\n\t<meta name=\"twitter:label2\" content=\"Tahmini okuma s\u00fcresi\" \/>\n\t<meta name=\"twitter:data2\" content=\"1 dakika\" \/>\n<script type=\"application\/ld+json\" class=\"yoast-schema-graph\">{\"@context\":\"https:\\\/\\\/schema.org\",\"@graph\":[{\"@type\":\"Article\",\"@id\":\"https:\\\/\\\/tarihkursu.com\\\/index.php\\\/2020\\\/11\\\/14\\\/mustafa-kemal-ataturk-neden-mulkiye-rusdiyesinden-ayrildi\\\/#article\",\"isPartOf\":{\"@id\":\"https:\\\/\\\/tarihkursu.com\\\/index.php\\\/2020\\\/11\\\/14\\\/mustafa-kemal-ataturk-neden-mulkiye-rusdiyesinden-ayrildi\\\/\"},\"author\":{\"name\":\"tarihkursu\",\"@id\":\"https:\\\/\\\/tarihkursu.com\\\/#\\\/schema\\\/person\\\/d0f9105e31352dbe9f08d098ffb8c878\"},\"headline\":\"Mustafa (Kemal Atat\u00fcrk) Neden M\u00fclkiye R\u00fc\u015fdiyesi\u2019nden Ayr\u0131ld\u0131?\",\"datePublished\":\"2020-11-13T21:10:00+00:00\",\"mainEntityOfPage\":{\"@id\":\"https:\\\/\\\/tarihkursu.com\\\/index.php\\\/2020\\\/11\\\/14\\\/mustafa-kemal-ataturk-neden-mulkiye-rusdiyesinden-ayrildi\\\/\"},\"wordCount\":294,\"commentCount\":0,\"publisher\":{\"@id\":\"https:\\\/\\\/tarihkursu.com\\\/#\\\/schema\\\/person\\\/4d7bdc3b79e9f5198455474c0f203f3c\"},\"image\":{\"@id\":\"https:\\\/\\\/tarihkursu.com\\\/index.php\\\/2020\\\/11\\\/14\\\/mustafa-kemal-ataturk-neden-mulkiye-rusdiyesinden-ayrildi\\\/#primaryimage\"},\"thumbnailUrl\":\"https:\\\/\\\/blogger.googleusercontent.com\\\/img\\\/b\\\/R29vZ2xl\\\/AVvXsEg0weVw9uFKaotdA9MwcvuBhxr_AFakc9QU6O1AxARsOOJG0uCCe3PW06AyPI_bCM3iCi95nPMlPVzUi5btT8F9nZc0JfwaBMRFCD0Gj4vF-HMCT3PQl9FlpZE4RSwzrqR8dyD2FNfxnKD1\\\/w445-h348\\\/ATAT%25C3%259CRK-%25C5%259EAM-1905.png\",\"articleSection\":[\"MAKALELER\"],\"inLanguage\":\"tr\",\"potentialAction\":[{\"@type\":\"CommentAction\",\"name\":\"Comment\",\"target\":[\"https:\\\/\\\/tarihkursu.com\\\/index.php\\\/2020\\\/11\\\/14\\\/mustafa-kemal-ataturk-neden-mulkiye-rusdiyesinden-ayrildi\\\/#respond\"]}]},{\"@type\":\"WebPage\",\"@id\":\"https:\\\/\\\/tarihkursu.com\\\/index.php\\\/2020\\\/11\\\/14\\\/mustafa-kemal-ataturk-neden-mulkiye-rusdiyesinden-ayrildi\\\/\",\"url\":\"https:\\\/\\\/tarihkursu.com\\\/index.php\\\/2020\\\/11\\\/14\\\/mustafa-kemal-ataturk-neden-mulkiye-rusdiyesinden-ayrildi\\\/\",\"name\":\"Mustafa (Kemal Atat\u00fcrk) Neden M\u00fclkiye R\u00fc\u015fdiyesi\u2019nden Ayr\u0131ld\u0131? - tarihkursu.com\",\"isPartOf\":{\"@id\":\"https:\\\/\\\/tarihkursu.com\\\/#website\"},\"primaryImageOfPage\":{\"@id\":\"https:\\\/\\\/tarihkursu.com\\\/index.php\\\/2020\\\/11\\\/14\\\/mustafa-kemal-ataturk-neden-mulkiye-rusdiyesinden-ayrildi\\\/#primaryimage\"},\"image\":{\"@id\":\"https:\\\/\\\/tarihkursu.com\\\/index.php\\\/2020\\\/11\\\/14\\\/mustafa-kemal-ataturk-neden-mulkiye-rusdiyesinden-ayrildi\\\/#primaryimage\"},\"thumbnailUrl\":\"https:\\\/\\\/blogger.googleusercontent.com\\\/img\\\/b\\\/R29vZ2xl\\\/AVvXsEg0weVw9uFKaotdA9MwcvuBhxr_AFakc9QU6O1AxARsOOJG0uCCe3PW06AyPI_bCM3iCi95nPMlPVzUi5btT8F9nZc0JfwaBMRFCD0Gj4vF-HMCT3PQl9FlpZE4RSwzrqR8dyD2FNfxnKD1\\\/w445-h348\\\/ATAT%25C3%259CRK-%25C5%259EAM-1905.png\",\"datePublished\":\"2020-11-13T21:10:00+00:00\",\"breadcrumb\":{\"@id\":\"https:\\\/\\\/tarihkursu.com\\\/index.php\\\/2020\\\/11\\\/14\\\/mustafa-kemal-ataturk-neden-mulkiye-rusdiyesinden-ayrildi\\\/#breadcrumb\"},\"inLanguage\":\"tr\",\"potentialAction\":[{\"@type\":\"ReadAction\",\"target\":[\"https:\\\/\\\/tarihkursu.com\\\/index.php\\\/2020\\\/11\\\/14\\\/mustafa-kemal-ataturk-neden-mulkiye-rusdiyesinden-ayrildi\\\/\"]}]},{\"@type\":\"ImageObject\",\"inLanguage\":\"tr\",\"@id\":\"https:\\\/\\\/tarihkursu.com\\\/index.php\\\/2020\\\/11\\\/14\\\/mustafa-kemal-ataturk-neden-mulkiye-rusdiyesinden-ayrildi\\\/#primaryimage\",\"url\":\"https:\\\/\\\/blogger.googleusercontent.com\\\/img\\\/b\\\/R29vZ2xl\\\/AVvXsEg0weVw9uFKaotdA9MwcvuBhxr_AFakc9QU6O1AxARsOOJG0uCCe3PW06AyPI_bCM3iCi95nPMlPVzUi5btT8F9nZc0JfwaBMRFCD0Gj4vF-HMCT3PQl9FlpZE4RSwzrqR8dyD2FNfxnKD1\\\/w445-h348\\\/ATAT%25C3%259CRK-%25C5%259EAM-1905.png\",\"contentUrl\":\"https:\\\/\\\/blogger.googleusercontent.com\\\/img\\\/b\\\/R29vZ2xl\\\/AVvXsEg0weVw9uFKaotdA9MwcvuBhxr_AFakc9QU6O1AxARsOOJG0uCCe3PW06AyPI_bCM3iCi95nPMlPVzUi5btT8F9nZc0JfwaBMRFCD0Gj4vF-HMCT3PQl9FlpZE4RSwzrqR8dyD2FNfxnKD1\\\/w445-h348\\\/ATAT%25C3%259CRK-%25C5%259EAM-1905.png\"},{\"@type\":\"BreadcrumbList\",\"@id\":\"https:\\\/\\\/tarihkursu.com\\\/index.php\\\/2020\\\/11\\\/14\\\/mustafa-kemal-ataturk-neden-mulkiye-rusdiyesinden-ayrildi\\\/#breadcrumb\",\"itemListElement\":[{\"@type\":\"ListItem\",\"position\":1,\"name\":\"Anasayfa\",\"item\":\"https:\\\/\\\/tarihkursu.com\\\/\"},{\"@type\":\"ListItem\",\"position\":2,\"name\":\"Mustafa (Kemal Atat\u00fcrk) Neden M\u00fclkiye R\u00fc\u015fdiyesi\u2019nden Ayr\u0131ld\u0131?\"}]},{\"@type\":\"WebSite\",\"@id\":\"https:\\\/\\\/tarihkursu.com\\\/#website\",\"url\":\"https:\\\/\\\/tarihkursu.com\\\/\",\"name\":\"Tarih Kursu\",\"description\":\"\u0130\u015fimiz G\u00fcc\u00fcm\u00fcz Tarih\",\"publisher\":{\"@id\":\"https:\\\/\\\/tarihkursu.com\\\/#\\\/schema\\\/person\\\/4d7bdc3b79e9f5198455474c0f203f3c\"},\"potentialAction\":[{\"@type\":\"SearchAction\",\"target\":{\"@type\":\"EntryPoint\",\"urlTemplate\":\"https:\\\/\\\/tarihkursu.com\\\/?s={search_term_string}\"},\"query-input\":{\"@type\":\"PropertyValueSpecification\",\"valueRequired\":true,\"valueName\":\"search_term_string\"}}],\"inLanguage\":\"tr\"},{\"@type\":[\"Person\",\"Organization\"],\"@id\":\"https:\\\/\\\/tarihkursu.com\\\/#\\\/schema\\\/person\\\/4d7bdc3b79e9f5198455474c0f203f3c\",\"name\":\"admin\",\"image\":{\"@type\":\"ImageObject\",\"inLanguage\":\"tr\",\"@id\":\"https:\\\/\\\/tarihkursu.com\\\/wp-content\\\/uploads\\\/2024\\\/10\\\/TARIHKURSU-Kopyasi.png\",\"url\":\"https:\\\/\\\/tarihkursu.com\\\/wp-content\\\/uploads\\\/2024\\\/10\\\/TARIHKURSU-Kopyasi.png\",\"contentUrl\":\"https:\\\/\\\/tarihkursu.com\\\/wp-content\\\/uploads\\\/2024\\\/10\\\/TARIHKURSU-Kopyasi.png\",\"width\":1080,\"height\":1080,\"caption\":\"admin\"},\"logo\":{\"@id\":\"https:\\\/\\\/tarihkursu.com\\\/wp-content\\\/uploads\\\/2024\\\/10\\\/TARIHKURSU-Kopyasi.png\"},\"sameAs\":[\"https:\\\/\\\/tarihkursu.com\"]},{\"@type\":\"Person\",\"@id\":\"https:\\\/\\\/tarihkursu.com\\\/#\\\/schema\\\/person\\\/d0f9105e31352dbe9f08d098ffb8c878\",\"name\":\"tarihkursu\",\"image\":{\"@type\":\"ImageObject\",\"inLanguage\":\"tr\",\"@id\":\"https:\\\/\\\/secure.gravatar.com\\\/avatar\\\/1354763acbc865faa7650c3e1e4431f187276d71f132349411302a546cdeae54?s=96&d=mm&r=g\",\"url\":\"https:\\\/\\\/secure.gravatar.com\\\/avatar\\\/1354763acbc865faa7650c3e1e4431f187276d71f132349411302a546cdeae54?s=96&d=mm&r=g\",\"contentUrl\":\"https:\\\/\\\/secure.gravatar.com\\\/avatar\\\/1354763acbc865faa7650c3e1e4431f187276d71f132349411302a546cdeae54?s=96&d=mm&r=g\",\"caption\":\"tarihkursu\"},\"url\":\"https:\\\/\\\/tarihkursu.com\\\/index.php\\\/author\\\/tarihkursu\\\/\"}]}<\/script>\n<!-- \/ Yoast SEO plugin. -->","yoast_head_json":{"title":"Mustafa (Kemal Atat\u00fcrk) Neden M\u00fclkiye R\u00fc\u015fdiyesi\u2019nden Ayr\u0131ld\u0131? - tarihkursu.com","robots":{"index":"index","follow":"follow","max-snippet":"max-snippet:-1","max-image-preview":"max-image-preview:large","max-video-preview":"max-video-preview:-1"},"canonical":"https:\/\/tarihkursu.com\/index.php\/2020\/11\/14\/mustafa-kemal-ataturk-neden-mulkiye-rusdiyesinden-ayrildi\/","og_locale":"tr_TR","og_type":"article","og_title":"Mustafa (Kemal Atat\u00fcrk) Neden M\u00fclkiye R\u00fc\u015fdiyesi\u2019nden Ayr\u0131ld\u0131? - tarihkursu.com","og_description":"&nbsp; Mustafa\u2019n\u0131n e\u011fitim hayat\u0131 alt\u0131 ya\u015f\u0131na geldi\u011finde annesinin iste\u011fine uyularak \u00f6nce Fatma Molla Kad\u0131n Mektebi\u2019ne kaydedilmesiyle ba\u015flad\u0131. K\u0131sa bir s\u00fcre sonra oradan al\u0131n\u0131p \u015eemsi Efendi [...]","og_url":"https:\/\/tarihkursu.com\/index.php\/2020\/11\/14\/mustafa-kemal-ataturk-neden-mulkiye-rusdiyesinden-ayrildi\/","og_site_name":"tarihkursu.com","article_published_time":"2020-11-13T21:10:00+00:00","og_image":[{"url":"https:\/\/blogger.googleusercontent.com\/img\/b\/R29vZ2xl\/AVvXsEg0weVw9uFKaotdA9MwcvuBhxr_AFakc9QU6O1AxARsOOJG0uCCe3PW06AyPI_bCM3iCi95nPMlPVzUi5btT8F9nZc0JfwaBMRFCD0Gj4vF-HMCT3PQl9FlpZE4RSwzrqR8dyD2FNfxnKD1\/w445-h348\/ATAT%25C3%259CRK-%25C5%259EAM-1905.png","type":"","width":"","height":""}],"author":"tarihkursu","twitter_card":"summary_large_image","twitter_misc":{"Yazan:":"tarihkursu","Tahmini okuma s\u00fcresi":"1 dakika"},"schema":{"@context":"https:\/\/schema.org","@graph":[{"@type":"Article","@id":"https:\/\/tarihkursu.com\/index.php\/2020\/11\/14\/mustafa-kemal-ataturk-neden-mulkiye-rusdiyesinden-ayrildi\/#article","isPartOf":{"@id":"https:\/\/tarihkursu.com\/index.php\/2020\/11\/14\/mustafa-kemal-ataturk-neden-mulkiye-rusdiyesinden-ayrildi\/"},"author":{"name":"tarihkursu","@id":"https:\/\/tarihkursu.com\/#\/schema\/person\/d0f9105e31352dbe9f08d098ffb8c878"},"headline":"Mustafa (Kemal Atat\u00fcrk) Neden M\u00fclkiye R\u00fc\u015fdiyesi\u2019nden Ayr\u0131ld\u0131?","datePublished":"2020-11-13T21:10:00+00:00","mainEntityOfPage":{"@id":"https:\/\/tarihkursu.com\/index.php\/2020\/11\/14\/mustafa-kemal-ataturk-neden-mulkiye-rusdiyesinden-ayrildi\/"},"wordCount":294,"commentCount":0,"publisher":{"@id":"https:\/\/tarihkursu.com\/#\/schema\/person\/4d7bdc3b79e9f5198455474c0f203f3c"},"image":{"@id":"https:\/\/tarihkursu.com\/index.php\/2020\/11\/14\/mustafa-kemal-ataturk-neden-mulkiye-rusdiyesinden-ayrildi\/#primaryimage"},"thumbnailUrl":"https:\/\/blogger.googleusercontent.com\/img\/b\/R29vZ2xl\/AVvXsEg0weVw9uFKaotdA9MwcvuBhxr_AFakc9QU6O1AxARsOOJG0uCCe3PW06AyPI_bCM3iCi95nPMlPVzUi5btT8F9nZc0JfwaBMRFCD0Gj4vF-HMCT3PQl9FlpZE4RSwzrqR8dyD2FNfxnKD1\/w445-h348\/ATAT%25C3%259CRK-%25C5%259EAM-1905.png","articleSection":["MAKALELER"],"inLanguage":"tr","potentialAction":[{"@type":"CommentAction","name":"Comment","target":["https:\/\/tarihkursu.com\/index.php\/2020\/11\/14\/mustafa-kemal-ataturk-neden-mulkiye-rusdiyesinden-ayrildi\/#respond"]}]},{"@type":"WebPage","@id":"https:\/\/tarihkursu.com\/index.php\/2020\/11\/14\/mustafa-kemal-ataturk-neden-mulkiye-rusdiyesinden-ayrildi\/","url":"https:\/\/tarihkursu.com\/index.php\/2020\/11\/14\/mustafa-kemal-ataturk-neden-mulkiye-rusdiyesinden-ayrildi\/","name":"Mustafa (Kemal Atat\u00fcrk) Neden M\u00fclkiye R\u00fc\u015fdiyesi\u2019nden Ayr\u0131ld\u0131? - tarihkursu.com","isPartOf":{"@id":"https:\/\/tarihkursu.com\/#website"},"primaryImageOfPage":{"@id":"https:\/\/tarihkursu.com\/index.php\/2020\/11\/14\/mustafa-kemal-ataturk-neden-mulkiye-rusdiyesinden-ayrildi\/#primaryimage"},"image":{"@id":"https:\/\/tarihkursu.com\/index.php\/2020\/11\/14\/mustafa-kemal-ataturk-neden-mulkiye-rusdiyesinden-ayrildi\/#primaryimage"},"thumbnailUrl":"https:\/\/blogger.googleusercontent.com\/img\/b\/R29vZ2xl\/AVvXsEg0weVw9uFKaotdA9MwcvuBhxr_AFakc9QU6O1AxARsOOJG0uCCe3PW06AyPI_bCM3iCi95nPMlPVzUi5btT8F9nZc0JfwaBMRFCD0Gj4vF-HMCT3PQl9FlpZE4RSwzrqR8dyD2FNfxnKD1\/w445-h348\/ATAT%25C3%259CRK-%25C5%259EAM-1905.png","datePublished":"2020-11-13T21:10:00+00:00","breadcrumb":{"@id":"https:\/\/tarihkursu.com\/index.php\/2020\/11\/14\/mustafa-kemal-ataturk-neden-mulkiye-rusdiyesinden-ayrildi\/#breadcrumb"},"inLanguage":"tr","potentialAction":[{"@type":"ReadAction","target":["https:\/\/tarihkursu.com\/index.php\/2020\/11\/14\/mustafa-kemal-ataturk-neden-mulkiye-rusdiyesinden-ayrildi\/"]}]},{"@type":"ImageObject","inLanguage":"tr","@id":"https:\/\/tarihkursu.com\/index.php\/2020\/11\/14\/mustafa-kemal-ataturk-neden-mulkiye-rusdiyesinden-ayrildi\/#primaryimage","url":"https:\/\/blogger.googleusercontent.com\/img\/b\/R29vZ2xl\/AVvXsEg0weVw9uFKaotdA9MwcvuBhxr_AFakc9QU6O1AxARsOOJG0uCCe3PW06AyPI_bCM3iCi95nPMlPVzUi5btT8F9nZc0JfwaBMRFCD0Gj4vF-HMCT3PQl9FlpZE4RSwzrqR8dyD2FNfxnKD1\/w445-h348\/ATAT%25C3%259CRK-%25C5%259EAM-1905.png","contentUrl":"https:\/\/blogger.googleusercontent.com\/img\/b\/R29vZ2xl\/AVvXsEg0weVw9uFKaotdA9MwcvuBhxr_AFakc9QU6O1AxARsOOJG0uCCe3PW06AyPI_bCM3iCi95nPMlPVzUi5btT8F9nZc0JfwaBMRFCD0Gj4vF-HMCT3PQl9FlpZE4RSwzrqR8dyD2FNfxnKD1\/w445-h348\/ATAT%25C3%259CRK-%25C5%259EAM-1905.png"},{"@type":"BreadcrumbList","@id":"https:\/\/tarihkursu.com\/index.php\/2020\/11\/14\/mustafa-kemal-ataturk-neden-mulkiye-rusdiyesinden-ayrildi\/#breadcrumb","itemListElement":[{"@type":"ListItem","position":1,"name":"Anasayfa","item":"https:\/\/tarihkursu.com\/"},{"@type":"ListItem","position":2,"name":"Mustafa (Kemal Atat\u00fcrk) Neden M\u00fclkiye R\u00fc\u015fdiyesi\u2019nden Ayr\u0131ld\u0131?"}]},{"@type":"WebSite","@id":"https:\/\/tarihkursu.com\/#website","url":"https:\/\/tarihkursu.com\/","name":"Tarih Kursu","description":"\u0130\u015fimiz G\u00fcc\u00fcm\u00fcz Tarih","publisher":{"@id":"https:\/\/tarihkursu.com\/#\/schema\/person\/4d7bdc3b79e9f5198455474c0f203f3c"},"potentialAction":[{"@type":"SearchAction","target":{"@type":"EntryPoint","urlTemplate":"https:\/\/tarihkursu.com\/?s={search_term_string}"},"query-input":{"@type":"PropertyValueSpecification","valueRequired":true,"valueName":"search_term_string"}}],"inLanguage":"tr"},{"@type":["Person","Organization"],"@id":"https:\/\/tarihkursu.com\/#\/schema\/person\/4d7bdc3b79e9f5198455474c0f203f3c","name":"admin","image":{"@type":"ImageObject","inLanguage":"tr","@id":"https:\/\/tarihkursu.com\/wp-content\/uploads\/2024\/10\/TARIHKURSU-Kopyasi.png","url":"https:\/\/tarihkursu.com\/wp-content\/uploads\/2024\/10\/TARIHKURSU-Kopyasi.png","contentUrl":"https:\/\/tarihkursu.com\/wp-content\/uploads\/2024\/10\/TARIHKURSU-Kopyasi.png","width":1080,"height":1080,"caption":"admin"},"logo":{"@id":"https:\/\/tarihkursu.com\/wp-content\/uploads\/2024\/10\/TARIHKURSU-Kopyasi.png"},"sameAs":["https:\/\/tarihkursu.com"]},{"@type":"Person","@id":"https:\/\/tarihkursu.com\/#\/schema\/person\/d0f9105e31352dbe9f08d098ffb8c878","name":"tarihkursu","image":{"@type":"ImageObject","inLanguage":"tr","@id":"https:\/\/secure.gravatar.com\/avatar\/1354763acbc865faa7650c3e1e4431f187276d71f132349411302a546cdeae54?s=96&d=mm&r=g","url":"https:\/\/secure.gravatar.com\/avatar\/1354763acbc865faa7650c3e1e4431f187276d71f132349411302a546cdeae54?s=96&d=mm&r=g","contentUrl":"https:\/\/secure.gravatar.com\/avatar\/1354763acbc865faa7650c3e1e4431f187276d71f132349411302a546cdeae54?s=96&d=mm&r=g","caption":"tarihkursu"},"url":"https:\/\/tarihkursu.com\/index.php\/author\/tarihkursu\/"}]}},"_links":{"self":[{"href":"https:\/\/tarihkursu.com\/index.php\/wp-json\/wp\/v2\/posts\/467","targetHints":{"allow":["GET"]}}],"collection":[{"href":"https:\/\/tarihkursu.com\/index.php\/wp-json\/wp\/v2\/posts"}],"about":[{"href":"https:\/\/tarihkursu.com\/index.php\/wp-json\/wp\/v2\/types\/post"}],"author":[{"embeddable":true,"href":"https:\/\/tarihkursu.com\/index.php\/wp-json\/wp\/v2\/users\/2"}],"replies":[{"embeddable":true,"href":"https:\/\/tarihkursu.com\/index.php\/wp-json\/wp\/v2\/comments?post=467"}],"version-history":[{"count":0,"href":"https:\/\/tarihkursu.com\/index.php\/wp-json\/wp\/v2\/posts\/467\/revisions"}],"wp:attachment":[{"href":"https:\/\/tarihkursu.com\/index.php\/wp-json\/wp\/v2\/media?parent=467"}],"wp:term":[{"taxonomy":"category","embeddable":true,"href":"https:\/\/tarihkursu.com\/index.php\/wp-json\/wp\/v2\/categories?post=467"},{"taxonomy":"post_tag","embeddable":true,"href":"https:\/\/tarihkursu.com\/index.php\/wp-json\/wp\/v2\/tags?post=467"}],"curies":[{"name":"wp","href":"https:\/\/api.w.org\/{rel}","templated":true}]}}