{"id":487,"date":"2020-10-26T15:28:00","date_gmt":"2020-10-26T12:28:00","guid":{"rendered":"https:\/\/tarihkursu.com\/index.php\/2020\/10\/26\/asya-ve-afrikadaki-somurgecilik-faaliyetleri-ve-bagimsizlik-mucadeleleri-cercevesinde-meydana-gelen-olaylar\/"},"modified":"2020-10-26T15:28:00","modified_gmt":"2020-10-26T12:28:00","slug":"asya-ve-afrikadaki-somurgecilik-faaliyetleri-ve-bagimsizlik-mucadeleleri-cercevesinde-meydana-gelen-olaylar","status":"publish","type":"post","link":"https:\/\/tarihkursu.com\/index.php\/2020\/10\/26\/asya-ve-afrikadaki-somurgecilik-faaliyetleri-ve-bagimsizlik-mucadeleleri-cercevesinde-meydana-gelen-olaylar\/","title":{"rendered":"ASYA VE AFR\u0130KA\u2019DAK\u0130 S\u00d6M\u00dcRGEC\u0130L\u0130K FAAL\u0130YETLER\u0130 VE BA\u011eIMSIZLIK M\u00dcCADELELER\u0130 \u00c7ER\u00c7EVES\u0130NDE MEYDANA GELEN OLAYLAR"},"content":{"rendered":"<p><span style=\"font-size: large;\"><br \/><a href=\"https:\/\/blogger.googleusercontent.com\/img\/b\/R29vZ2xl\/AVvXsEhFup7NmNDUnKTO6u8P2BfW2rkq7i9t_yNYsoel-rT_gAv7Y7M_vGlEDfCXJHbSPKnKBOKHGQnWsQ89r1bti129so0Cwp9aIIM1gc6Kogkb1aLYVfYj9fTBjepdy9nTjP41VIxIEJZJ0oGF\/s960\/DERS+NOTLARI+YEN%25C4%25B0.jpg\"><img decoding=\"async\" border=\"0\" src=\"https:\/\/blogger.googleusercontent.com\/img\/b\/R29vZ2xl\/AVvXsEhFup7NmNDUnKTO6u8P2BfW2rkq7i9t_yNYsoel-rT_gAv7Y7M_vGlEDfCXJHbSPKnKBOKHGQnWsQ89r1bti129so0Cwp9aIIM1gc6Kogkb1aLYVfYj9fTBjepdy9nTjP41VIxIEJZJ0oGF\/w400-h225\/DERS+NOTLARI+YEN%25C4%25B0.jpg\" \/><\/a><\/p>\n<p>Tarih ders notlar\u0131, yks tarih ders notlar\u0131, ayt tarih ders notlar\u0131, tyt tarih ders notlar\u0131, tarih \u00f6zet, tarih 9 ders notlar\u0131, tarih 10 ders notlar\u0131, tarih 11 ders notlar\u0131, ink\u0131lap tarihi ders notlar\u0131, \u00e7a\u011fda\u015f T\u00fcrk ve d\u00fcnya tarihi ders notlar\u0131, g\u00fcncel tarih ders notlar\u0131, \u00f6zet konu anlat\u0131m, k\u0131sa tarih, yeni kitaba g\u00f6re haz\u0131rlanm\u0131\u015f ders notlar\u0131, yeni m\u00fcfredat tarih , tarih pdf<br \/><b><br \/>\n<ins\n     style=\"display:block; text-align:center;\"\n     data-ad-layout=\"in-article\"\n     data-ad-format=\"fluid\"\n     data-ad-client=\"ca-pub-8292832365502904\"\n     data-ad-slot=\"4993116891\"><\/ins><br \/>\n3. \u00dcN\u0130TE SO\u011eUK SAVA\u015e D\u00d6NEM\u0130<\/b><br \/><b style=\"background-color: #fcff01;\"><br \/>ASYA VE AFR\u0130KA\u2019DAK\u0130 S\u00d6M\u00dcRGEC\u0130L\u0130K FAAL\u0130YETLER\u0130 VE BA\u011eIMSIZLIK M\u00dcCADELELER\u0130 \u00c7ER\u00c7EVES\u0130NDE MEYDANA GELEN OLAYLAR<\/b><\/p>\n<p><b style=\"background-color: #fcff01;\">Hindistan ve Pakistan\u2019\u0131n Ba\u011f\u0131ms\u0131zl\u0131\u011f\u0131<br \/><\/b>-18. y\u00fczy\u0131l\u0131n ortalar\u0131ndan itibaren \u0130ngiliz s\u00f6m\u00fcrgesi olan Hindistan\u2019da yerli halk \u0130ngiliz y\u00f6netimine kar\u015f\u0131 \u00e7etin m\u00fccadeleler verdi.<br \/>-II. D\u00fcnya Sava\u015f\u0131 ba\u015flay\u0131nca \u0130ngilizler, Hindistan\u2019\u0131n M\u00fcttefikler yan\u0131nda sava\u015fa girdi\u011fini ilan etti.<br \/>-\u0130ngiltere, 3 Haziran 1947\u2019de \u0130ngiliz-Hint \u0130mparatorlu\u011fu\u2019nun Hindistan ve Pakistan olarak iki ayr\u0131 \u00fclkeye b\u00f6l\u00fcnmesinin planland\u0131\u011f\u0131n\u0131 duyurdu.<br \/>-15 Haziran 1947\u2019de gece yar\u0131s\u0131 Pakistan ve Hindistan ba\u011f\u0131ms\u0131zl\u0131klar\u0131n\u0131 resmen ilan etti. Do\u011fu Pakistan 1971 y\u0131l\u0131nda Pakistan\u2019dan ayr\u0131larak Banglade\u015f ad\u0131yla ba\u011f\u0131ms\u0131zl\u0131\u011f\u0131n\u0131 ilan etti.<br \/><b style=\"background-color: #fcff01;\"><br \/>Mahatma Gandi<\/b><br \/>-Gandi, 1888-1891 y\u0131llar\u0131 aras\u0131nda Londra\u2019da hukuk e\u011fitimini ald\u0131.<br \/>-Hint halk\u0131n\u0131n kendi kendini y\u00f6netmesi y\u00f6n\u00fcndeki fikrini yaymak i\u00e7in m\u00fccadele verdi.<br \/>-\u0130ngilizlerin yapt\u0131\u011f\u0131 uygulamalara kar\u015f\u0131 pasif direni\u015f ba\u015flatt\u0131.<br \/>-\u00c7\u0131plak v\u00fccuduna bir beyaz bez sar\u0131p, sadece ke\u00e7i s\u00fct\u00fc ile beslenerek pasif direni\u015fini s\u00fcrd\u00fcrd\u00fc. <br \/>-1930\u2019da \u0130ngiltere\u2019nin Hindistan\u2019da uygulad\u0131\u011f\u0131 tuz vergisini protesto etmek i\u00e7in \u201cTuz Y\u00fcr\u00fcy\u00fc\u015f\u00fc\u201dn\u00fc ger\u00e7ekle\u015ftirdi.<br \/>1931\u2019de \u0130ngiltere ile anla\u015farak sivil itaatsizlik m\u00fccadelesini sona erdirdi.<br \/>-\u0130ngiltere\u2019nin 1935\u2019te Hindistan H\u00fck\u00fbmeti Yasas\u0131\u2019n\u0131 kabul etmesiyle s\u0131n\u0131rl\u0131 bir kendi kendine y\u00f6netim sa\u011flanm\u0131\u015f oldu.<br \/>-Gandi, 30 Ocak 1948\u2019de Delhi\u2019de M\u00fcsl\u00fcmanlara olan s\u0131cak ve bar\u0131\u015f\u00e7\u0131l yakla\u015f\u0131m\u0131ndan ho\u015flanmayan Nathuram Godse (Naturam Gods) adl\u0131 Hindu bir fanatik taraf\u0131ndan \u00f6ld\u00fcr\u00fcld\u00fc.<br \/>-Sivil itaatsizlik ve \u015fiddetsiz eylem, Gandi\u2019nin insanl\u0131\u011fa katt\u0131\u011f\u0131 m\u00fccadele t\u00fcrleri oldu ve onunla sembolle\u015fti.<\/p>\n<p><b style=\"background-color: #fcff01;\"><br \/>\n<ins\n     style=\"display:block; text-align:center;\"\n     data-ad-layout=\"in-article\"\n     data-ad-format=\"fluid\"\n     data-ad-client=\"ca-pub-8292832365502904\"\n     data-ad-slot=\"4993116891\"><\/ins><br \/>\nMuhammed Ali Cinnah<\/b><br \/>-1876\u2019da Kara\u00e7i\u2019de d\u00fcnyaya gelen Muhammed Ali Cinnah, Pakistan\u2019\u0131n kurucusudur.<br \/>-Hindistan Yar\u0131madas\u0131\u2019n\u0131n Hindistan ve Pakistan olarak iki ayr\u0131 devlete ayr\u0131lmas\u0131n\u0131n \u0130ngiltere\u2019ye kabul ettirilmesi, onun \u00e7al\u0131\u015fmalar\u0131 sonucunda ger\u00e7ekle\u015fmi\u015ftir.<br \/>-Cinnah, Londra\u2019da hukuk e\u011fitimi alm\u0131\u015ft\u0131r. \u00d6nce Hindistan Ulusal Kongresi\u2019ni desteklemi\u015f sonra T\u00fcm Hint M\u00fcsl\u00fcmanlar\u0131 Birli\u011fine kat\u0131lm\u0131\u015ft\u0131r.<br \/>-\u0130ngiliz egemenli\u011fine kar\u015f\u0131 Hindular ve M\u00fcsl\u00fcmanlar\u0131n siyasal birlik kurmas\u0131n\u0131n gereklili\u011fini savunmu\u015ftur.<br \/>-\u0130ngiltere\u2019nin 1935\u2019te yay\u0131mlad\u0131\u011f\u0131 Hindistan Y\u00f6netim Yasas\u0131 Cinnah\u2019\u0131, Hindistan\u2019da Hindularla M\u00fcsl\u00fcmanlar\u0131n bir arada ayn\u0131 devlet \u00e7at\u0131s\u0131 alt\u0131nda ya\u015famalar\u0131na olanak kalmad\u0131\u011f\u0131na inand\u0131rm\u0131\u015ft\u0131r.<br \/>-Muhammed Ali Cinnah\u2019\u0131n \u00f6nderli\u011finde ba\u015flayan ve geli\u015fen hareket \u00fczerine 1940\u2019ta Lahor\u2019da toplanan M\u00fcsl\u00fcman Birli\u011fi Cemiyeti Kongresi\u2019nde Hindulardan tamamen ayr\u0131 ve ba\u011f\u0131ms\u0131z bir Pakistan Devleti kurulmas\u0131 kararla\u015ft\u0131r\u0131lm\u0131\u015ft\u0131r.<\/p>\n<p><b style=\"background-color: #fcff01;\"><br \/>\n<ins\n     style=\"display:block; text-align:center;\"\n     data-ad-layout=\"in-article\"\n     data-ad-format=\"fluid\"\n     data-ad-client=\"ca-pub-8292832365502904\"\n     data-ad-slot=\"4993116891\"><\/ins><br \/>\nFransa\u2019n\u0131n Cezayir\u2019i \u0130\u015fgali<\/b><br \/>-Osmanl\u0131 egemenli\u011finde day\u0131lar (valiler) taraf\u0131ndan y\u00f6netilen Cezayir, 1830\u2019da Fransa\u2019n\u0131n i\u015fgaline u\u011frad\u0131.<br \/>-\u00dclkedeki Frans\u0131z y\u00f6netimine ve onun uygulamalar\u0131na kar\u015f\u0131 uyan\u0131\u015fta Abd\u00fclhamid Bin Badis\u2019in \u00f6nderli\u011finde 1931\u2019de kurulan Cezayirli M\u00fcsl\u00fcman Alimler Cemiyetinin b\u00fcy\u00fck bir etkisi oldu.<br \/>-5 A\u011fustos 1945\u2019te Cezayir\u2019de yap\u0131lan t\u00f6renlere kat\u0131lanlar\u0131n Cezayir bayra\u011f\u0131 ta\u015f\u0131malar\u0131 \u00fczerine i\u015fgal kuvvetleri, ger\u00e7ekle\u015ftirdikleri silahl\u0131 sald\u0131r\u0131da tank ve sava\u015f u\u00e7aklar\u0131 kulland\u0131lar.<br \/>-Ya\u015fanan olaylarda en az 40 bin Cezayirli hayat\u0131n\u0131 kaybetti. Bu olay, tarihe Setif Katliam\u0131 olarak ge\u00e7ti.<br \/>-Setif Katliam\u0131, Cezayirliler taraf\u0131ndan soyk\u0131r\u0131m olarak an\u0131lmaktad\u0131r.<br \/>-Cezayir\u2019de 1 Kas\u0131m 1954\u2019te ba\u015flayan ayaklanma, Fransa\u2019da iktidara gelen De Gaulle\u2019\u00fcn (D\u00f6 Gol) 1962\u2019de Evian Antla\u015fmas\u0131\u2019n\u0131 imzalayarak Cezayir\u2019in ba\u011f\u0131ms\u0131zl\u0131\u011f\u0131n\u0131 tan\u0131mas\u0131yla son buldu.<\/p>\n<p><b style=\"background-color: #fcff01;\">G\u00fcney Afrika<\/b><br \/>-G\u00fcney Afrika\u2019da beyaz az\u0131nl\u0131k, yerli olan siyahi halk \u00fczerinde \u0131rk ayr\u0131mc\u0131l\u0131\u011f\u0131n\u0131 [apartheid (apartheyd)] esas alan bir ter\u00f6r y\u00f6netimi sergiledi.<br \/>-Ekonomi, e\u011fitim ve politikay\u0131 kendi tekelinde tutan beyaz y\u00f6netim siyahi insanlar\u0131 d\u0131\u015flad\u0131.<br \/>-Nelson Rolihlahla Mandela (Nels\u0131n Rolilala Mandela), bu \u015fartlardaki bir \u00fclkede verdi\u011fi m\u00fccadele ile G\u00fcney Afrika&#8217;n\u0131n se\u00e7imle iktidara gelen ilk siyahi devlet ba\u015fkan\u0131 oldu.<br \/>-1994 se\u00e7imlerini kazanarak \u00fclkenin ilk siyahi cumhurba\u015fkan\u0131 oldu.<br \/>-Afrikal\u0131lar, Mandela\u2019y\u0131 bir \u00f6zg\u00fcrl\u00fck sava\u015f\u00e7\u0131s\u0131 olarak kabul etti.<\/p>\n<p><b style=\"background-color: #fcff01;\">Orta Do\u011fu\u2019da Baas Rejimleri<\/b><br \/>-Suriye ve Irak\u2019ta 1950\u2019li y\u0131llardan itibaren kendini hissettiren fakat iktidar\u0131 1960\u2019l\u0131 y\u0131llarda ele ge\u00e7iren Arap Baas Sosyalist Partisi, Arap milliyet\u00e7isi ve Marksist olan Salah Bitar ve Mi\u015fel Eflak<br \/>taraf\u0131ndan 1943\u2019te kurulmu\u015ftur.<br \/>-Baas, Suriye milliyet\u00e7ili\u011finden ziyade Arap milliyet\u00e7ili\u011fini esas alm\u0131\u015ft\u0131r.<br \/>-Program\u0131nda Suriye, Irak, Filistin ve \u00dcrd\u00fcn\u2019\u00fc bir araya getirmeyi hedefleyen B\u00fcy\u00fck Suriye projesi vard\u0131r.<br \/>-Irak\u2019ta 35 y\u0131l s\u00fcrecek Baas rejimi, 1968\u2019de iktidara geldi.<br \/>-Irak\u2019ta 1979\u2019da y\u00f6netimi Saddam H\u00fcseyin ele ald\u0131.<br \/>-Saddam H\u00fcseyin, y\u00f6netime h\u00e2kim oldu\u011fu y\u0131llarda sistematik bir bask\u0131 ve korku politikas\u0131 uygulayarak rejimin otoriter ruhunu canland\u0131rd\u0131.<br \/>Suriye ve Irak\u2019taki rejimler zamanla aile ve mezhep odakl\u0131 politikalar izlemeye ba\u015flad\u0131.<br \/>Saddaml\u0131 Irak, 1991 K\u00f6rfez Sava\u015f\u0131\u2019na kadar Amerika ve Bat\u0131 d\u00fcnyas\u0131n\u0131n sad\u0131k bir m\u00fcttefiki oldu.<br \/>-Suriye\u2019de 1970\u2019teki darbe sonras\u0131 Haf\u0131z Esad, 1971\u2019deki halk oylamas\u0131yla \u00fclkenin ilk Nusayri devlet ba\u015fkan\u0131 oldu.<br \/>-Suriye ve Irak\u2019taki Baas rejimlerinin ortak paydas\u0131, etkin bir muhalefete izin verilmeyen tek partili otoriter rejim olmalar\u0131yd\u0131.<br \/>-D\u00fcnyada So\u011fuk Sava\u015f\u2019\u0131n ya\u015fand\u0131\u011f\u0131 d\u00f6nemde Haf\u0131z Esad, ba\u015f\u0131ndan beri Do\u011fu\u2019nun lideri Sovyetler Birli\u011fi ile s\u0131k\u0131 ili\u015fkiler kurdu.<br \/>-Saddam ve Haf\u0131z Esad d\u00f6nemleri; siyasal yap\u0131dan orduya, ekonomi politikalar\u0131ndan sosyal d\u00f6n\u00fc\u015f\u00fcme kadar bir\u00e7ok alanda benzerlikler <br \/>g\u00f6sterdi.<\/p>\n<p><b style=\"background-color: #fcff01;\"><br \/>\n<ins\n     style=\"display:block; text-align:center;\"\n     data-ad-layout=\"in-article\"\n     data-ad-format=\"fluid\"\n     data-ad-client=\"ca-pub-8292832365502904\"\n     data-ad-slot=\"4993116891\"><\/ins><br \/>\nAtat\u00fcrk \u00d6nderli\u011findeki T\u00fcrk Mill\u00ee M\u00fccadelesi\u2019nin Ba\u011f\u0131ms\u0131zl\u0131k M\u00fccadelesi Veren Milletlere Etkisi<\/b><br \/>-Fas, Cezayir, Tunus, Libya, M\u0131s\u0131r, Hindistan, Suriye ve Irak M\u00fcsl\u00fcmanlar\u0131 emperyalizme kar\u015f\u0131 ortak bir cephenin olu\u015fturulmas\u0131 aray\u0131\u015f\u0131nda \u00f6rnek olarak Kurtulu\u015f Sava\u015f\u0131\u2019n\u0131n kazan\u0131l\u0131\u015f\u0131n\u0131 g\u00f6rm\u00fc\u015flerdir.<br \/>&#8211; Mustafa Kemal Atat\u00fcrk\u2019\u00fcn Bat\u0131 emperyalizmi ve s\u00f6m\u00fcrgecili\u011fine kar\u015f\u0131 T\u00fcrk milletiyle b\u00fct\u00fcnle\u015ferek verdi\u011fi sava\u015f ve bu sava\u015f\u0131n sonunda kazand\u0131\u011f\u0131 zafer, mazlum milletlere ba\u011f\u0131ms\u0131zl\u0131k umudu vermi\u015ftir.<\/p>\n<p><b style=\"background-color: #fcff01;\">S\u00f6m\u00fcrgecili\u011fin Afrika\u2019daki Siyasi ve Ekonomik Etkileri<\/b><br \/>-S\u0131n\u0131rlar, b\u00f6lge halk\u0131n\u0131 dikkate almadan Avrupa\u2019daki diplomatik zeminlerde yap\u0131lan pazarl\u0131klarla masa ba\u015f\u0131nda d\u00fcz hatlar \u015feklinde \u00e7izildi.<br \/>-Farkl\u0131 dil, din ve k\u00fclt\u00fcrlere sahip etnik gruplar, birlikten yoksun bir \u015fekilde geni\u015f alanlarda toplat\u0131larak \u00e7at\u0131\u015fmalar\u0131n zemini haz\u0131rland\u0131.<br \/>-1951\u2019de Libya, \u0130talya\u2019dan; 1956\u2019da Tunus ve Fas, Fransa\u2019dan ayr\u0131larak ba\u011f\u0131ms\u0131zl\u0131\u011f\u0131n\u0131 kazand\u0131.<br \/>-1957\u2019de Gana, Sahraalt\u0131 Afrika\u2019da ba\u011f\u0131ms\u0131zl\u0131\u011f\u0131n\u0131 kazanan ilk devlet oldu.<br \/>-Rodezya (Zimbabve), 1965\u2019te \u0130ngiltere\u2019den ayr\u0131larak ba\u011f\u0131ms\u0131zl\u0131\u011f\u0131n\u0131 kazand\u0131.<br \/><\/span><\/p>\n<p><ins\n     style=\"display:block; text-align:center;\"\n     data-ad-layout=\"in-article\"\n     data-ad-format=\"fluid\"\n     data-ad-client=\"ca-pub-8292832365502904\"\n     data-ad-slot=\"4993116891\"><\/ins><\/p>\n","protected":false},"excerpt":{"rendered":"<div class=\"mh-excerpt\"><p>Tarih ders notlar\u0131, yks tarih ders notlar\u0131, ayt tarih ders notlar\u0131, tyt tarih ders notlar\u0131, tarih \u00f6zet, tarih 9 ders notlar\u0131, tarih 10 ders notlar\u0131, <a class=\"mh-excerpt-more\" href=\"https:\/\/tarihkursu.com\/index.php\/2020\/10\/26\/asya-ve-afrikadaki-somurgecilik-faaliyetleri-ve-bagimsizlik-mucadeleleri-cercevesinde-meydana-gelen-olaylar\/\" title=\"ASYA VE AFR\u0130KA\u2019DAK\u0130 S\u00d6M\u00dcRGEC\u0130L\u0130K FAAL\u0130YETLER\u0130 VE BA\u011eIMSIZLIK M\u00dcCADELELER\u0130 \u00c7ER\u00c7EVES\u0130NDE MEYDANA GELEN OLAYLAR\">[&#8230;]<\/a><\/p>\n<\/div>","protected":false},"author":2,"featured_media":0,"comment_status":"open","ping_status":"open","sticky":false,"template":"","format":"standard","meta":{"_regular_price":[],"currency_symbol":[],"footnotes":""},"categories":[58,41],"tags":[],"class_list":["post-487","post","type-post","status-publish","format-standard","hentry","category-ders-notlari","category-tarih-ozet"],"post_slider_layout_featured_media_urls":{"thumbnail":"","post_slider_layout_landscape_large":"","post_slider_layout_portrait_large":"","post_slider_layout_square_large":"","post_slider_layout_landscape":"","post_slider_layout_portrait":"","post_slider_layout_square":"","full":""},"yoast_head":"<!-- This site is optimized with the Yoast SEO plugin v28.4 - https:\/\/yoast.com\/product\/yoast-seo-wordpress\/ -->\n<title>ASYA VE AFR\u0130KA\u2019DAK\u0130 S\u00d6M\u00dcRGEC\u0130L\u0130K FAAL\u0130YETLER\u0130 VE BA\u011eIMSIZLIK M\u00dcCADELELER\u0130 \u00c7ER\u00c7EVES\u0130NDE MEYDANA GELEN OLAYLAR - tarihkursu.com<\/title>\n<meta name=\"robots\" content=\"index, follow, max-snippet:-1, max-image-preview:large, max-video-preview:-1\" \/>\n<link rel=\"canonical\" href=\"https:\/\/tarihkursu.com\/index.php\/2020\/10\/26\/asya-ve-afrikadaki-somurgecilik-faaliyetleri-ve-bagimsizlik-mucadeleleri-cercevesinde-meydana-gelen-olaylar\/\" \/>\n<meta property=\"og:locale\" content=\"tr_TR\" \/>\n<meta property=\"og:type\" content=\"article\" \/>\n<meta property=\"og:title\" content=\"ASYA VE AFR\u0130KA\u2019DAK\u0130 S\u00d6M\u00dcRGEC\u0130L\u0130K FAAL\u0130YETLER\u0130 VE BA\u011eIMSIZLIK M\u00dcCADELELER\u0130 \u00c7ER\u00c7EVES\u0130NDE MEYDANA GELEN OLAYLAR - tarihkursu.com\" \/>\n<meta property=\"og:description\" content=\"Tarih ders notlar\u0131, yks tarih ders notlar\u0131, ayt tarih ders notlar\u0131, tyt tarih ders notlar\u0131, tarih \u00f6zet, tarih 9 ders notlar\u0131, tarih 10 ders notlar\u0131, [...]\" \/>\n<meta property=\"og:url\" content=\"https:\/\/tarihkursu.com\/index.php\/2020\/10\/26\/asya-ve-afrikadaki-somurgecilik-faaliyetleri-ve-bagimsizlik-mucadeleleri-cercevesinde-meydana-gelen-olaylar\/\" \/>\n<meta property=\"og:site_name\" content=\"tarihkursu.com\" \/>\n<meta property=\"article:published_time\" content=\"2020-10-26T12:28:00+00:00\" \/>\n<meta property=\"og:image\" content=\"https:\/\/blogger.googleusercontent.com\/img\/b\/R29vZ2xl\/AVvXsEhFup7NmNDUnKTO6u8P2BfW2rkq7i9t_yNYsoel-rT_gAv7Y7M_vGlEDfCXJHbSPKnKBOKHGQnWsQ89r1bti129so0Cwp9aIIM1gc6Kogkb1aLYVfYj9fTBjepdy9nTjP41VIxIEJZJ0oGF\/w400-h225\/DERS+NOTLARI+YEN%25C4%25B0.jpg\" \/>\n<meta name=\"author\" content=\"tarihkursu\" \/>\n<meta name=\"twitter:card\" content=\"summary_large_image\" \/>\n<meta name=\"twitter:label1\" content=\"Yazan:\" \/>\n\t<meta name=\"twitter:data1\" content=\"tarihkursu\" \/>\n\t<meta name=\"twitter:label2\" content=\"Tahmini okuma s\u00fcresi\" \/>\n\t<meta name=\"twitter:data2\" content=\"6 dakika\" \/>\n<script type=\"application\/ld+json\" class=\"yoast-schema-graph\">{\"@context\":\"https:\\\/\\\/schema.org\",\"@graph\":[{\"@type\":\"Article\",\"@id\":\"https:\\\/\\\/tarihkursu.com\\\/index.php\\\/2020\\\/10\\\/26\\\/asya-ve-afrikadaki-somurgecilik-faaliyetleri-ve-bagimsizlik-mucadeleleri-cercevesinde-meydana-gelen-olaylar\\\/#article\",\"isPartOf\":{\"@id\":\"https:\\\/\\\/tarihkursu.com\\\/index.php\\\/2020\\\/10\\\/26\\\/asya-ve-afrikadaki-somurgecilik-faaliyetleri-ve-bagimsizlik-mucadeleleri-cercevesinde-meydana-gelen-olaylar\\\/\"},\"author\":{\"name\":\"tarihkursu\",\"@id\":\"https:\\\/\\\/tarihkursu.com\\\/#\\\/schema\\\/person\\\/d0f9105e31352dbe9f08d098ffb8c878\"},\"headline\":\"ASYA VE AFR\u0130KA\u2019DAK\u0130 S\u00d6M\u00dcRGEC\u0130L\u0130K FAAL\u0130YETLER\u0130 VE BA\u011eIMSIZLIK M\u00dcCADELELER\u0130 \u00c7ER\u00c7EVES\u0130NDE MEYDANA GELEN OLAYLAR\",\"datePublished\":\"2020-10-26T12:28:00+00:00\",\"mainEntityOfPage\":{\"@id\":\"https:\\\/\\\/tarihkursu.com\\\/index.php\\\/2020\\\/10\\\/26\\\/asya-ve-afrikadaki-somurgecilik-faaliyetleri-ve-bagimsizlik-mucadeleleri-cercevesinde-meydana-gelen-olaylar\\\/\"},\"wordCount\":1271,\"commentCount\":0,\"publisher\":{\"@id\":\"https:\\\/\\\/tarihkursu.com\\\/#\\\/schema\\\/person\\\/4d7bdc3b79e9f5198455474c0f203f3c\"},\"image\":{\"@id\":\"https:\\\/\\\/tarihkursu.com\\\/index.php\\\/2020\\\/10\\\/26\\\/asya-ve-afrikadaki-somurgecilik-faaliyetleri-ve-bagimsizlik-mucadeleleri-cercevesinde-meydana-gelen-olaylar\\\/#primaryimage\"},\"thumbnailUrl\":\"https:\\\/\\\/blogger.googleusercontent.com\\\/img\\\/b\\\/R29vZ2xl\\\/AVvXsEhFup7NmNDUnKTO6u8P2BfW2rkq7i9t_yNYsoel-rT_gAv7Y7M_vGlEDfCXJHbSPKnKBOKHGQnWsQ89r1bti129so0Cwp9aIIM1gc6Kogkb1aLYVfYj9fTBjepdy9nTjP41VIxIEJZJ0oGF\\\/w400-h225\\\/DERS+NOTLARI+YEN%25C4%25B0.jpg\",\"articleSection\":[\"Ders Notlar\u0131\",\"TAR\u0130H \u00d6ZET\"],\"inLanguage\":\"tr\",\"potentialAction\":[{\"@type\":\"CommentAction\",\"name\":\"Comment\",\"target\":[\"https:\\\/\\\/tarihkursu.com\\\/index.php\\\/2020\\\/10\\\/26\\\/asya-ve-afrikadaki-somurgecilik-faaliyetleri-ve-bagimsizlik-mucadeleleri-cercevesinde-meydana-gelen-olaylar\\\/#respond\"]}]},{\"@type\":\"WebPage\",\"@id\":\"https:\\\/\\\/tarihkursu.com\\\/index.php\\\/2020\\\/10\\\/26\\\/asya-ve-afrikadaki-somurgecilik-faaliyetleri-ve-bagimsizlik-mucadeleleri-cercevesinde-meydana-gelen-olaylar\\\/\",\"url\":\"https:\\\/\\\/tarihkursu.com\\\/index.php\\\/2020\\\/10\\\/26\\\/asya-ve-afrikadaki-somurgecilik-faaliyetleri-ve-bagimsizlik-mucadeleleri-cercevesinde-meydana-gelen-olaylar\\\/\",\"name\":\"ASYA VE AFR\u0130KA\u2019DAK\u0130 S\u00d6M\u00dcRGEC\u0130L\u0130K FAAL\u0130YETLER\u0130 VE BA\u011eIMSIZLIK M\u00dcCADELELER\u0130 \u00c7ER\u00c7EVES\u0130NDE MEYDANA GELEN OLAYLAR - tarihkursu.com\",\"isPartOf\":{\"@id\":\"https:\\\/\\\/tarihkursu.com\\\/#website\"},\"primaryImageOfPage\":{\"@id\":\"https:\\\/\\\/tarihkursu.com\\\/index.php\\\/2020\\\/10\\\/26\\\/asya-ve-afrikadaki-somurgecilik-faaliyetleri-ve-bagimsizlik-mucadeleleri-cercevesinde-meydana-gelen-olaylar\\\/#primaryimage\"},\"image\":{\"@id\":\"https:\\\/\\\/tarihkursu.com\\\/index.php\\\/2020\\\/10\\\/26\\\/asya-ve-afrikadaki-somurgecilik-faaliyetleri-ve-bagimsizlik-mucadeleleri-cercevesinde-meydana-gelen-olaylar\\\/#primaryimage\"},\"thumbnailUrl\":\"https:\\\/\\\/blogger.googleusercontent.com\\\/img\\\/b\\\/R29vZ2xl\\\/AVvXsEhFup7NmNDUnKTO6u8P2BfW2rkq7i9t_yNYsoel-rT_gAv7Y7M_vGlEDfCXJHbSPKnKBOKHGQnWsQ89r1bti129so0Cwp9aIIM1gc6Kogkb1aLYVfYj9fTBjepdy9nTjP41VIxIEJZJ0oGF\\\/w400-h225\\\/DERS+NOTLARI+YEN%25C4%25B0.jpg\",\"datePublished\":\"2020-10-26T12:28:00+00:00\",\"breadcrumb\":{\"@id\":\"https:\\\/\\\/tarihkursu.com\\\/index.php\\\/2020\\\/10\\\/26\\\/asya-ve-afrikadaki-somurgecilik-faaliyetleri-ve-bagimsizlik-mucadeleleri-cercevesinde-meydana-gelen-olaylar\\\/#breadcrumb\"},\"inLanguage\":\"tr\",\"potentialAction\":[{\"@type\":\"ReadAction\",\"target\":[\"https:\\\/\\\/tarihkursu.com\\\/index.php\\\/2020\\\/10\\\/26\\\/asya-ve-afrikadaki-somurgecilik-faaliyetleri-ve-bagimsizlik-mucadeleleri-cercevesinde-meydana-gelen-olaylar\\\/\"]}]},{\"@type\":\"ImageObject\",\"inLanguage\":\"tr\",\"@id\":\"https:\\\/\\\/tarihkursu.com\\\/index.php\\\/2020\\\/10\\\/26\\\/asya-ve-afrikadaki-somurgecilik-faaliyetleri-ve-bagimsizlik-mucadeleleri-cercevesinde-meydana-gelen-olaylar\\\/#primaryimage\",\"url\":\"https:\\\/\\\/blogger.googleusercontent.com\\\/img\\\/b\\\/R29vZ2xl\\\/AVvXsEhFup7NmNDUnKTO6u8P2BfW2rkq7i9t_yNYsoel-rT_gAv7Y7M_vGlEDfCXJHbSPKnKBOKHGQnWsQ89r1bti129so0Cwp9aIIM1gc6Kogkb1aLYVfYj9fTBjepdy9nTjP41VIxIEJZJ0oGF\\\/w400-h225\\\/DERS+NOTLARI+YEN%25C4%25B0.jpg\",\"contentUrl\":\"https:\\\/\\\/blogger.googleusercontent.com\\\/img\\\/b\\\/R29vZ2xl\\\/AVvXsEhFup7NmNDUnKTO6u8P2BfW2rkq7i9t_yNYsoel-rT_gAv7Y7M_vGlEDfCXJHbSPKnKBOKHGQnWsQ89r1bti129so0Cwp9aIIM1gc6Kogkb1aLYVfYj9fTBjepdy9nTjP41VIxIEJZJ0oGF\\\/w400-h225\\\/DERS+NOTLARI+YEN%25C4%25B0.jpg\"},{\"@type\":\"BreadcrumbList\",\"@id\":\"https:\\\/\\\/tarihkursu.com\\\/index.php\\\/2020\\\/10\\\/26\\\/asya-ve-afrikadaki-somurgecilik-faaliyetleri-ve-bagimsizlik-mucadeleleri-cercevesinde-meydana-gelen-olaylar\\\/#breadcrumb\",\"itemListElement\":[{\"@type\":\"ListItem\",\"position\":1,\"name\":\"Anasayfa\",\"item\":\"https:\\\/\\\/tarihkursu.com\\\/\"},{\"@type\":\"ListItem\",\"position\":2,\"name\":\"ASYA VE AFR\u0130KA\u2019DAK\u0130 S\u00d6M\u00dcRGEC\u0130L\u0130K FAAL\u0130YETLER\u0130 VE BA\u011eIMSIZLIK M\u00dcCADELELER\u0130 \u00c7ER\u00c7EVES\u0130NDE MEYDANA GELEN OLAYLAR\"}]},{\"@type\":\"WebSite\",\"@id\":\"https:\\\/\\\/tarihkursu.com\\\/#website\",\"url\":\"https:\\\/\\\/tarihkursu.com\\\/\",\"name\":\"Tarih Kursu\",\"description\":\"\u0130\u015fimiz G\u00fcc\u00fcm\u00fcz Tarih\",\"publisher\":{\"@id\":\"https:\\\/\\\/tarihkursu.com\\\/#\\\/schema\\\/person\\\/4d7bdc3b79e9f5198455474c0f203f3c\"},\"potentialAction\":[{\"@type\":\"SearchAction\",\"target\":{\"@type\":\"EntryPoint\",\"urlTemplate\":\"https:\\\/\\\/tarihkursu.com\\\/?s={search_term_string}\"},\"query-input\":{\"@type\":\"PropertyValueSpecification\",\"valueRequired\":true,\"valueName\":\"search_term_string\"}}],\"inLanguage\":\"tr\"},{\"@type\":[\"Person\",\"Organization\"],\"@id\":\"https:\\\/\\\/tarihkursu.com\\\/#\\\/schema\\\/person\\\/4d7bdc3b79e9f5198455474c0f203f3c\",\"name\":\"admin\",\"image\":{\"@type\":\"ImageObject\",\"inLanguage\":\"tr\",\"@id\":\"https:\\\/\\\/tarihkursu.com\\\/wp-content\\\/uploads\\\/2024\\\/10\\\/TARIHKURSU-Kopyasi.png\",\"url\":\"https:\\\/\\\/tarihkursu.com\\\/wp-content\\\/uploads\\\/2024\\\/10\\\/TARIHKURSU-Kopyasi.png\",\"contentUrl\":\"https:\\\/\\\/tarihkursu.com\\\/wp-content\\\/uploads\\\/2024\\\/10\\\/TARIHKURSU-Kopyasi.png\",\"width\":1080,\"height\":1080,\"caption\":\"admin\"},\"logo\":{\"@id\":\"https:\\\/\\\/tarihkursu.com\\\/wp-content\\\/uploads\\\/2024\\\/10\\\/TARIHKURSU-Kopyasi.png\"},\"sameAs\":[\"https:\\\/\\\/tarihkursu.com\"]},{\"@type\":\"Person\",\"@id\":\"https:\\\/\\\/tarihkursu.com\\\/#\\\/schema\\\/person\\\/d0f9105e31352dbe9f08d098ffb8c878\",\"name\":\"tarihkursu\",\"image\":{\"@type\":\"ImageObject\",\"inLanguage\":\"tr\",\"@id\":\"https:\\\/\\\/secure.gravatar.com\\\/avatar\\\/1354763acbc865faa7650c3e1e4431f187276d71f132349411302a546cdeae54?s=96&d=mm&r=g\",\"url\":\"https:\\\/\\\/secure.gravatar.com\\\/avatar\\\/1354763acbc865faa7650c3e1e4431f187276d71f132349411302a546cdeae54?s=96&d=mm&r=g\",\"contentUrl\":\"https:\\\/\\\/secure.gravatar.com\\\/avatar\\\/1354763acbc865faa7650c3e1e4431f187276d71f132349411302a546cdeae54?s=96&d=mm&r=g\",\"caption\":\"tarihkursu\"},\"url\":\"https:\\\/\\\/tarihkursu.com\\\/index.php\\\/author\\\/tarihkursu\\\/\"}]}<\/script>\n<!-- \/ Yoast SEO plugin. -->","yoast_head_json":{"title":"ASYA VE AFR\u0130KA\u2019DAK\u0130 S\u00d6M\u00dcRGEC\u0130L\u0130K FAAL\u0130YETLER\u0130 VE BA\u011eIMSIZLIK M\u00dcCADELELER\u0130 \u00c7ER\u00c7EVES\u0130NDE MEYDANA GELEN OLAYLAR - tarihkursu.com","robots":{"index":"index","follow":"follow","max-snippet":"max-snippet:-1","max-image-preview":"max-image-preview:large","max-video-preview":"max-video-preview:-1"},"canonical":"https:\/\/tarihkursu.com\/index.php\/2020\/10\/26\/asya-ve-afrikadaki-somurgecilik-faaliyetleri-ve-bagimsizlik-mucadeleleri-cercevesinde-meydana-gelen-olaylar\/","og_locale":"tr_TR","og_type":"article","og_title":"ASYA VE AFR\u0130KA\u2019DAK\u0130 S\u00d6M\u00dcRGEC\u0130L\u0130K FAAL\u0130YETLER\u0130 VE BA\u011eIMSIZLIK M\u00dcCADELELER\u0130 \u00c7ER\u00c7EVES\u0130NDE MEYDANA GELEN OLAYLAR - tarihkursu.com","og_description":"Tarih ders notlar\u0131, yks tarih ders notlar\u0131, ayt tarih ders notlar\u0131, tyt tarih ders notlar\u0131, tarih \u00f6zet, tarih 9 ders notlar\u0131, tarih 10 ders notlar\u0131, [...]","og_url":"https:\/\/tarihkursu.com\/index.php\/2020\/10\/26\/asya-ve-afrikadaki-somurgecilik-faaliyetleri-ve-bagimsizlik-mucadeleleri-cercevesinde-meydana-gelen-olaylar\/","og_site_name":"tarihkursu.com","article_published_time":"2020-10-26T12:28:00+00:00","og_image":[{"url":"https:\/\/blogger.googleusercontent.com\/img\/b\/R29vZ2xl\/AVvXsEhFup7NmNDUnKTO6u8P2BfW2rkq7i9t_yNYsoel-rT_gAv7Y7M_vGlEDfCXJHbSPKnKBOKHGQnWsQ89r1bti129so0Cwp9aIIM1gc6Kogkb1aLYVfYj9fTBjepdy9nTjP41VIxIEJZJ0oGF\/w400-h225\/DERS+NOTLARI+YEN%25C4%25B0.jpg","type":"","width":"","height":""}],"author":"tarihkursu","twitter_card":"summary_large_image","twitter_misc":{"Yazan:":"tarihkursu","Tahmini okuma s\u00fcresi":"6 dakika"},"schema":{"@context":"https:\/\/schema.org","@graph":[{"@type":"Article","@id":"https:\/\/tarihkursu.com\/index.php\/2020\/10\/26\/asya-ve-afrikadaki-somurgecilik-faaliyetleri-ve-bagimsizlik-mucadeleleri-cercevesinde-meydana-gelen-olaylar\/#article","isPartOf":{"@id":"https:\/\/tarihkursu.com\/index.php\/2020\/10\/26\/asya-ve-afrikadaki-somurgecilik-faaliyetleri-ve-bagimsizlik-mucadeleleri-cercevesinde-meydana-gelen-olaylar\/"},"author":{"name":"tarihkursu","@id":"https:\/\/tarihkursu.com\/#\/schema\/person\/d0f9105e31352dbe9f08d098ffb8c878"},"headline":"ASYA VE AFR\u0130KA\u2019DAK\u0130 S\u00d6M\u00dcRGEC\u0130L\u0130K FAAL\u0130YETLER\u0130 VE BA\u011eIMSIZLIK M\u00dcCADELELER\u0130 \u00c7ER\u00c7EVES\u0130NDE MEYDANA GELEN OLAYLAR","datePublished":"2020-10-26T12:28:00+00:00","mainEntityOfPage":{"@id":"https:\/\/tarihkursu.com\/index.php\/2020\/10\/26\/asya-ve-afrikadaki-somurgecilik-faaliyetleri-ve-bagimsizlik-mucadeleleri-cercevesinde-meydana-gelen-olaylar\/"},"wordCount":1271,"commentCount":0,"publisher":{"@id":"https:\/\/tarihkursu.com\/#\/schema\/person\/4d7bdc3b79e9f5198455474c0f203f3c"},"image":{"@id":"https:\/\/tarihkursu.com\/index.php\/2020\/10\/26\/asya-ve-afrikadaki-somurgecilik-faaliyetleri-ve-bagimsizlik-mucadeleleri-cercevesinde-meydana-gelen-olaylar\/#primaryimage"},"thumbnailUrl":"https:\/\/blogger.googleusercontent.com\/img\/b\/R29vZ2xl\/AVvXsEhFup7NmNDUnKTO6u8P2BfW2rkq7i9t_yNYsoel-rT_gAv7Y7M_vGlEDfCXJHbSPKnKBOKHGQnWsQ89r1bti129so0Cwp9aIIM1gc6Kogkb1aLYVfYj9fTBjepdy9nTjP41VIxIEJZJ0oGF\/w400-h225\/DERS+NOTLARI+YEN%25C4%25B0.jpg","articleSection":["Ders Notlar\u0131","TAR\u0130H \u00d6ZET"],"inLanguage":"tr","potentialAction":[{"@type":"CommentAction","name":"Comment","target":["https:\/\/tarihkursu.com\/index.php\/2020\/10\/26\/asya-ve-afrikadaki-somurgecilik-faaliyetleri-ve-bagimsizlik-mucadeleleri-cercevesinde-meydana-gelen-olaylar\/#respond"]}]},{"@type":"WebPage","@id":"https:\/\/tarihkursu.com\/index.php\/2020\/10\/26\/asya-ve-afrikadaki-somurgecilik-faaliyetleri-ve-bagimsizlik-mucadeleleri-cercevesinde-meydana-gelen-olaylar\/","url":"https:\/\/tarihkursu.com\/index.php\/2020\/10\/26\/asya-ve-afrikadaki-somurgecilik-faaliyetleri-ve-bagimsizlik-mucadeleleri-cercevesinde-meydana-gelen-olaylar\/","name":"ASYA VE AFR\u0130KA\u2019DAK\u0130 S\u00d6M\u00dcRGEC\u0130L\u0130K FAAL\u0130YETLER\u0130 VE BA\u011eIMSIZLIK M\u00dcCADELELER\u0130 \u00c7ER\u00c7EVES\u0130NDE MEYDANA GELEN OLAYLAR - tarihkursu.com","isPartOf":{"@id":"https:\/\/tarihkursu.com\/#website"},"primaryImageOfPage":{"@id":"https:\/\/tarihkursu.com\/index.php\/2020\/10\/26\/asya-ve-afrikadaki-somurgecilik-faaliyetleri-ve-bagimsizlik-mucadeleleri-cercevesinde-meydana-gelen-olaylar\/#primaryimage"},"image":{"@id":"https:\/\/tarihkursu.com\/index.php\/2020\/10\/26\/asya-ve-afrikadaki-somurgecilik-faaliyetleri-ve-bagimsizlik-mucadeleleri-cercevesinde-meydana-gelen-olaylar\/#primaryimage"},"thumbnailUrl":"https:\/\/blogger.googleusercontent.com\/img\/b\/R29vZ2xl\/AVvXsEhFup7NmNDUnKTO6u8P2BfW2rkq7i9t_yNYsoel-rT_gAv7Y7M_vGlEDfCXJHbSPKnKBOKHGQnWsQ89r1bti129so0Cwp9aIIM1gc6Kogkb1aLYVfYj9fTBjepdy9nTjP41VIxIEJZJ0oGF\/w400-h225\/DERS+NOTLARI+YEN%25C4%25B0.jpg","datePublished":"2020-10-26T12:28:00+00:00","breadcrumb":{"@id":"https:\/\/tarihkursu.com\/index.php\/2020\/10\/26\/asya-ve-afrikadaki-somurgecilik-faaliyetleri-ve-bagimsizlik-mucadeleleri-cercevesinde-meydana-gelen-olaylar\/#breadcrumb"},"inLanguage":"tr","potentialAction":[{"@type":"ReadAction","target":["https:\/\/tarihkursu.com\/index.php\/2020\/10\/26\/asya-ve-afrikadaki-somurgecilik-faaliyetleri-ve-bagimsizlik-mucadeleleri-cercevesinde-meydana-gelen-olaylar\/"]}]},{"@type":"ImageObject","inLanguage":"tr","@id":"https:\/\/tarihkursu.com\/index.php\/2020\/10\/26\/asya-ve-afrikadaki-somurgecilik-faaliyetleri-ve-bagimsizlik-mucadeleleri-cercevesinde-meydana-gelen-olaylar\/#primaryimage","url":"https:\/\/blogger.googleusercontent.com\/img\/b\/R29vZ2xl\/AVvXsEhFup7NmNDUnKTO6u8P2BfW2rkq7i9t_yNYsoel-rT_gAv7Y7M_vGlEDfCXJHbSPKnKBOKHGQnWsQ89r1bti129so0Cwp9aIIM1gc6Kogkb1aLYVfYj9fTBjepdy9nTjP41VIxIEJZJ0oGF\/w400-h225\/DERS+NOTLARI+YEN%25C4%25B0.jpg","contentUrl":"https:\/\/blogger.googleusercontent.com\/img\/b\/R29vZ2xl\/AVvXsEhFup7NmNDUnKTO6u8P2BfW2rkq7i9t_yNYsoel-rT_gAv7Y7M_vGlEDfCXJHbSPKnKBOKHGQnWsQ89r1bti129so0Cwp9aIIM1gc6Kogkb1aLYVfYj9fTBjepdy9nTjP41VIxIEJZJ0oGF\/w400-h225\/DERS+NOTLARI+YEN%25C4%25B0.jpg"},{"@type":"BreadcrumbList","@id":"https:\/\/tarihkursu.com\/index.php\/2020\/10\/26\/asya-ve-afrikadaki-somurgecilik-faaliyetleri-ve-bagimsizlik-mucadeleleri-cercevesinde-meydana-gelen-olaylar\/#breadcrumb","itemListElement":[{"@type":"ListItem","position":1,"name":"Anasayfa","item":"https:\/\/tarihkursu.com\/"},{"@type":"ListItem","position":2,"name":"ASYA VE AFR\u0130KA\u2019DAK\u0130 S\u00d6M\u00dcRGEC\u0130L\u0130K FAAL\u0130YETLER\u0130 VE BA\u011eIMSIZLIK M\u00dcCADELELER\u0130 \u00c7ER\u00c7EVES\u0130NDE MEYDANA GELEN OLAYLAR"}]},{"@type":"WebSite","@id":"https:\/\/tarihkursu.com\/#website","url":"https:\/\/tarihkursu.com\/","name":"Tarih Kursu","description":"\u0130\u015fimiz G\u00fcc\u00fcm\u00fcz Tarih","publisher":{"@id":"https:\/\/tarihkursu.com\/#\/schema\/person\/4d7bdc3b79e9f5198455474c0f203f3c"},"potentialAction":[{"@type":"SearchAction","target":{"@type":"EntryPoint","urlTemplate":"https:\/\/tarihkursu.com\/?s={search_term_string}"},"query-input":{"@type":"PropertyValueSpecification","valueRequired":true,"valueName":"search_term_string"}}],"inLanguage":"tr"},{"@type":["Person","Organization"],"@id":"https:\/\/tarihkursu.com\/#\/schema\/person\/4d7bdc3b79e9f5198455474c0f203f3c","name":"admin","image":{"@type":"ImageObject","inLanguage":"tr","@id":"https:\/\/tarihkursu.com\/wp-content\/uploads\/2024\/10\/TARIHKURSU-Kopyasi.png","url":"https:\/\/tarihkursu.com\/wp-content\/uploads\/2024\/10\/TARIHKURSU-Kopyasi.png","contentUrl":"https:\/\/tarihkursu.com\/wp-content\/uploads\/2024\/10\/TARIHKURSU-Kopyasi.png","width":1080,"height":1080,"caption":"admin"},"logo":{"@id":"https:\/\/tarihkursu.com\/wp-content\/uploads\/2024\/10\/TARIHKURSU-Kopyasi.png"},"sameAs":["https:\/\/tarihkursu.com"]},{"@type":"Person","@id":"https:\/\/tarihkursu.com\/#\/schema\/person\/d0f9105e31352dbe9f08d098ffb8c878","name":"tarihkursu","image":{"@type":"ImageObject","inLanguage":"tr","@id":"https:\/\/secure.gravatar.com\/avatar\/1354763acbc865faa7650c3e1e4431f187276d71f132349411302a546cdeae54?s=96&d=mm&r=g","url":"https:\/\/secure.gravatar.com\/avatar\/1354763acbc865faa7650c3e1e4431f187276d71f132349411302a546cdeae54?s=96&d=mm&r=g","contentUrl":"https:\/\/secure.gravatar.com\/avatar\/1354763acbc865faa7650c3e1e4431f187276d71f132349411302a546cdeae54?s=96&d=mm&r=g","caption":"tarihkursu"},"url":"https:\/\/tarihkursu.com\/index.php\/author\/tarihkursu\/"}]}},"_links":{"self":[{"href":"https:\/\/tarihkursu.com\/index.php\/wp-json\/wp\/v2\/posts\/487","targetHints":{"allow":["GET"]}}],"collection":[{"href":"https:\/\/tarihkursu.com\/index.php\/wp-json\/wp\/v2\/posts"}],"about":[{"href":"https:\/\/tarihkursu.com\/index.php\/wp-json\/wp\/v2\/types\/post"}],"author":[{"embeddable":true,"href":"https:\/\/tarihkursu.com\/index.php\/wp-json\/wp\/v2\/users\/2"}],"replies":[{"embeddable":true,"href":"https:\/\/tarihkursu.com\/index.php\/wp-json\/wp\/v2\/comments?post=487"}],"version-history":[{"count":0,"href":"https:\/\/tarihkursu.com\/index.php\/wp-json\/wp\/v2\/posts\/487\/revisions"}],"wp:attachment":[{"href":"https:\/\/tarihkursu.com\/index.php\/wp-json\/wp\/v2\/media?parent=487"}],"wp:term":[{"taxonomy":"category","embeddable":true,"href":"https:\/\/tarihkursu.com\/index.php\/wp-json\/wp\/v2\/categories?post=487"},{"taxonomy":"post_tag","embeddable":true,"href":"https:\/\/tarihkursu.com\/index.php\/wp-json\/wp\/v2\/tags?post=487"}],"curies":[{"name":"wp","href":"https:\/\/api.w.org\/{rel}","templated":true}]}}