{"id":492,"date":"2020-10-23T14:09:00","date_gmt":"2020-10-23T11:09:00","guid":{"rendered":"https:\/\/tarihkursu.com\/index.php\/2020\/10\/23\/ii-dunya-savasinin-siyasi-ve-ekonomik-sonuclari\/"},"modified":"2020-10-23T14:09:00","modified_gmt":"2020-10-23T11:09:00","slug":"ii-dunya-savasinin-siyasi-ve-ekonomik-sonuclari","status":"publish","type":"post","link":"https:\/\/tarihkursu.com\/index.php\/2020\/10\/23\/ii-dunya-savasinin-siyasi-ve-ekonomik-sonuclari\/","title":{"rendered":"II. D\u00dcNYA SAVA\u015eI\u2019NIN S\u0130YAS\u0130 VE EKONOM\u0130K SONU\u00c7LARI"},"content":{"rendered":"<p><span style=\"font-size: large;\"><br \/><a href=\"https:\/\/blogger.googleusercontent.com\/img\/b\/R29vZ2xl\/AVvXsEhFup7NmNDUnKTO6u8P2BfW2rkq7i9t_yNYsoel-rT_gAv7Y7M_vGlEDfCXJHbSPKnKBOKHGQnWsQ89r1bti129so0Cwp9aIIM1gc6Kogkb1aLYVfYj9fTBjepdy9nTjP41VIxIEJZJ0oGF\/s960\/DERS+NOTLARI+YEN%25C4%25B0.jpg\"><img decoding=\"async\" border=\"0\" src=\"https:\/\/blogger.googleusercontent.com\/img\/b\/R29vZ2xl\/AVvXsEhFup7NmNDUnKTO6u8P2BfW2rkq7i9t_yNYsoel-rT_gAv7Y7M_vGlEDfCXJHbSPKnKBOKHGQnWsQ89r1bti129so0Cwp9aIIM1gc6Kogkb1aLYVfYj9fTBjepdy9nTjP41VIxIEJZJ0oGF\/w409-h230\/DERS+NOTLARI+YEN%25C4%25B0.jpg\" \/><\/a><\/p>\n<p>Tarih ders notlar\u0131, yks tarih ders notlar\u0131, ayt tarih ders notlar\u0131, tyt tarih ders notlar\u0131, tarih \u00f6zet, tarih 9 ders notlar\u0131, tarih 10 ders notlar\u0131, tarih 11 ders notlar\u0131, ink\u0131lap tarihi ders notlar\u0131, \u00e7a\u011fda\u015f T\u00fcrk ve d\u00fcnya tarihi ders notlar\u0131, g\u00fcncel tarih ders notlar\u0131, \u00f6zet konu anlat\u0131m, k\u0131sa tarih, yeni kitaba g\u00f6re haz\u0131rlanm\u0131\u015f ders notlar\u0131, yeni m\u00fcfredat tarih , tarih pdf<\/p>\n<p><b><br \/>\n<ins\n     style=\"display:block; text-align:center;\"\n     data-ad-layout=\"in-article\"\n     data-ad-format=\"fluid\"\n     data-ad-client=\"ca-pub-8292832365502904\"\n     data-ad-slot=\"4993116891\"><\/ins><br \/>\n2. \u00dcN\u0130TE II. D\u00dcNYA SAVA\u015eI<\/b><\/p>\n<p><b style=\"background-color: #fcff01;\">II. D\u00dcNYA SAVA\u015eI\u2019NIN S\u0130YAS\u0130 VE EKONOM\u0130K SONU\u00c7LARI<\/b><\/p>\n<p><b style=\"background-color: #fcff01;\">\u0130ki Kutuplu D\u00fcnya D\u00fczeninin Ortaya \u00c7\u0131kmas\u0131<\/b><\/span><\/p>\n<div><span style=\"font-size: large;\"><b><br \/><\/b>&#8211; M\u00fcttefikler taraf\u0131ndan II. D\u00fcnya Sava\u015f\u0131\u2019n\u0131n kazan\u0131lmas\u0131ndan sonra Nazizm ve fa\u015fizm gibi ak\u0131mlar tasfiye edildi.<br \/>&#8211; 1946\u2019da Paris\u2019te d\u00fczenlenen Bar\u0131\u015f Konferans\u0131\u2019nda \u0130talya, Romanya, Bulgaristan, Macaristan ve Finlandiya\u2019n\u0131n durumlar\u0131 belirlendi.<br \/>-Bu devletler toprak kay\u0131plar\u0131n\u0131 kabul ettiler.<br \/>-Potsdam\u2019da kararla\u015ft\u0131r\u0131lan n\u00fcfus de\u011fi\u015fimi 1945 sonbahar\u0131nda uygulanmaya ba\u015fland\u0131.<br \/>-\u0130talya, Afrika\u2019daki b\u00fct\u00fcn topraklar\u0131n\u0131 kaybetti.<br \/>-Ayr\u0131ca 1947 Paris Antla\u015fmas\u0131 ile Oniki Ada\u2019y\u0131 Yunanistan\u2019a b\u0131rakt\u0131.<br \/>&#8211; Almanya silahtan ar\u0131nd\u0131r\u0131ld\u0131, s\u0131n\u0131rlar\u0131 daralt\u0131ld\u0131 ve askersizle\u015ftirildi.<br \/>-Avusturya, Almanya\u2019dan ayr\u0131ld\u0131.<br \/>-Almanya ve ba\u015fkenti Berlin, Potsdam\u2019da al\u0131nan karara g\u00f6re d\u00f6rt i\u015fgal b\u00f6lgesine ayr\u0131ld\u0131. Yerel y\u00f6netimler \u0130ngiliz, Amerikal\u0131, Frans\u0131z ya da Sovyet subaylar\u0131n ba\u015fkanl\u0131\u011f\u0131ndaki komitelere b\u0131rak\u0131ld\u0131.<br \/>-M\u00fcttefikler Bat\u0131 Almanya\u2019da se\u00e7imleri yapt\u0131rarak Bonn merkez olmak \u00fczere 1949\u2019da Federal Almanya Cumhuriyeti\u2019ni (Bat\u0131 Almanya) kurdular.<br \/>-Sovyetler Birli\u011fi buna kar\u015f\u0131l\u0131k Berlin ba\u015fkent olmak \u00fczere Demokratik Almanya Cumhuriyeti\u2019ni kurdu.<br \/>&#8211; Avusturya ve ba\u015fkenti Viyana, Almanya gibi d\u00f6rt i\u015fgal b\u00f6lgesine ayr\u0131ld\u0131. D\u00f6rt i\u015fgalci g\u00fc\u00e7le imzalanan bar\u0131\u015f antla\u015fmas\u0131 (1955) ile Avusturya\u2019da cumhuriyet y\u00f6netimi tam egemenlik kazand\u0131.<br \/>-\u0130ki b\u00fcy\u00fck ideolojinin aras\u0131nda kalan Polonya\u2019da sivil kay\u0131plar d\u00f6rt be\u015f milyon civar\u0131nda oldu.<br \/>-Nazi iktidar\u0131 Polonya\u2019da iki bu\u00e7uk milyondan fazla Yahudi\u2019yi \u00f6ld\u00fcrm\u00fc\u015ft\u00fc.<br \/>-Stalin, Yalta\u2019daki taahh\u00fctlerini bozarak \u00f6zg\u00fcr se\u00e7imleri s\u00fcrekli erteledi ve Polonya\u2019da Lublin Polonyal\u0131lar\u0131 ad\u0131yla bilinen ge\u00e7ici kukla bir h\u00fck\u00fbmet kurdu.<br \/>&#8211; Churchill\u2019in ilk kez 1946\u2019da kulland\u0131\u011f\u0131 Demirperde kavram\u0131 1947\u2019de Kominform\u2019un hayata ge\u00e7mesi ile ger\u00e7ekle\u015fti.<br \/>-II. D\u00fcnya Sava\u015f\u0131 sonras\u0131 ABD ile SSCB aras\u0131nda ya\u015fanan ideolojik ayr\u0131l\u0131k Bat\u0131 ve Do\u011fu bloklar\u0131n\u0131n ortaya \u00e7\u0131kmas\u0131na neden oldu.<br \/>-\u0130ngiltere, Hollanda, Fransa, Bel\u00e7ika ve Portekiz s\u00f6m\u00fcrge imparatorluklar\u0131n\u0131n da\u011f\u0131lmas\u0131 sava\u015f\u0131 takip eden y\u0131llarda ger\u00e7ekle\u015fti.<br \/>-1945\u2019te do\u011fan iki s\u00fcper g\u00fc\u00e7 SSCB ile ABD, So\u011fuk Sava\u015f\u2019\u0131n ya da kar\u015f\u0131l\u0131kl\u0131 bar\u0131\u015f\u0131n h\u00e2kim oldu\u011fu yar\u0131m y\u00fczy\u0131ll\u0131k d\u00f6nemde d\u00fcnyaya y\u00f6n vermeye ba\u015flad\u0131.<\/p>\n<p><b style=\"background-color: #fcff01;\">Kurulu\u015fundan G\u00fcn\u00fcm\u00fcze Birle\u015fmi\u015f Milletler<\/b><br \/>&#8211; Birle\u015fmi\u015f Milletler kavram\u0131n\u0131 ilk kez kullanan ise ABD Ba\u015fkan\u0131 F. D. Roosevelt\u2019tir.<br \/>-II. D\u00fcnya Sava\u015f\u0131 devam ederken \u0130ngiltere ve ABD\u2019nin yay\u0131mlad\u0131klar\u0131 Atlantik Bildirisi\u2019ndeki kararlar Birle\u015fmi\u015f Milletler Bildirisi\u2019nde aynen kabul edilmi\u015ftir..<br \/>-Yalta Konferans\u0131\u2019nda BM G\u00fcvenlik Konseyinin daimi \u00fcyeleri i\u00e7in veto ilkesi kabul edilmi\u015ftir.<br \/>-San Francisco Konferans\u0131\u2019na kadar Mihver Devletler\u2019e sava\u015f ilan edenlerin kurucu \u00fcye olarak kabul edilecekleri ortaya konmu\u015ftur.<br \/>-24 Ekim 1945\u2019te T\u00fcrkiye\u2019nin de d\u00e2hil oldu\u011fu 51 devlet, Birle\u015fmi\u015f Milletler ad\u0131 verilen uluslararas\u0131 \u00f6rg\u00fct\u00fc kurmu\u015ftur.<br \/>&#8211; Birle\u015fmi\u015f Milletler, bar\u0131\u015f\u0131 ve uluslararas\u0131 g\u00fcvenli\u011fi sa\u011flaman\u0131n \u00f6tesinde temel insan haklar\u0131, cinsiyet e\u015fitli\u011fi ve b\u00fct\u00fcn halklar\u0131n sosyal ve ekonomik refah\u0131n\u0131 temin etmekle de sorumludur.<br \/>-So\u011fuk Sava\u015f sonras\u0131 m\u00fcdahalede bulunmad\u0131\u011f\u0131 Bosna-Hersek, Somali ve Irak olaylar\u0131 BM\u2019ye y\u00f6nelik olumsuz de\u011ferlendirmelere yol a\u00e7m\u0131\u015ft\u0131r.<br \/>-Te\u015fkilat\u0131n kendi i\u00e7indeki adil olmayan yap\u0131lanmas\u0131 ve d\u00fcnyada ya\u015fanan olaylar kar\u015f\u0131s\u0131ndaki yetersizlikleri, T\u00fcrkiye Cumhuriyeti Cumhurba\u015fkan\u0131 Recep Tayyip Erdo\u011fan\u2019\u0131n \u201cD\u00fcnya be\u015ften b\u00fcy\u00fckt\u00fcr.\u201d s\u00f6z\u00fcyle ele\u015ftirmi\u015ftir.<\/p>\n<p><b style=\"background-color: #fcff01;\"><br \/>\n<ins\n     style=\"display:block; text-align:center;\"\n     data-ad-layout=\"in-article\"\n     data-ad-format=\"fluid\"\n     data-ad-client=\"ca-pub-8292832365502904\"\n     data-ad-slot=\"4993116891\"><\/ins><br \/>\nOrta Do\u011fu\u2019nun Yeniden \u015eekillenmesinde Emperyalist G\u00fc\u00e7ler<\/b><br \/>-Orta Do\u011fu\u2019da ya\u015fanan \u00e7at\u0131\u015fmalar\u0131n ana sebebi olan Filistin sorunu, Osmanl\u0131 Devleti\u2019nin b\u00f6lgede g\u00fcc\u00fcn\u00fc kaybetmeye ba\u015flamas\u0131 ve \u0130srail Devleti\u2019nin kurulmas\u0131 i\u00e7in at\u0131lan ad\u0131mlarla ortaya \u00e7\u0131kt\u0131.<br \/>-T\u00fcm Yahudileri \u0130srail\u2019de toplamay\u0131 hedefleyen Siyonist Hareket, Theodor Herzl \u00f6nderli\u011finde 1897\u2019de \u0130svi\u00e7re\u2019nin Basel kentinde D\u00fcnya Siyonist \u00d6rg\u00fct\u00fcn\u00fcn ilk kongresini yapt\u0131.<br \/>-Kongrenin hedefi Yahudi halk\u0131 i\u00e7in bir vatan bulmak ve kendilerine vadedildi\u011fine inand\u0131klar\u0131 topraklarda \u0130srail Devleti\u2019ni kurmakt\u0131.<br \/>-I. D\u00fcnya Sava\u015f\u0131\u2019ndan sonra Osmanl\u0131 Devleti\u2019nin y\u0131k\u0131lmas\u0131yla Yahudi devletinin kurulmas\u0131ndaki en b\u00fcy\u00fck engel ortadan kalkm\u0131\u015f oldu<br \/>-\u0130ngiltere 1917\u2019den 1922\u2019ye kadar Filistin\u2019i y\u00f6netti.<br \/>-Ard\u0131ndan Milletler Cemiyeti taraf\u0131ndan b\u00f6lge \u0130ngiliz mandas\u0131na b\u0131rak\u0131ld\u0131.<br \/>-Manda y\u00f6netiminin ba\u015flamas\u0131yla \u0130ngilizler \u201cFilistin topraklar\u0131 \u00fczerinde \u0130srail devletinin kurulmas\u0131na zemin haz\u0131rlayan \u201c Balfour Deklarasyonu\u2019nun i\u00e7eri\u011fini hayata ge\u00e7irmeye ba\u015flad\u0131.<br \/>-\u0130ngiltere b\u00f6lgedeki manda y\u00f6netimlerine son verme karar\u0131 alarak sorunu <br \/>2 Nisan 1947\u2019de BM\u2019ye devretti.<br \/>&#8211; 21-22 Nisan 1947\u2019de M\u0131s\u0131r, Irak, Suriye, L\u00fcbnan ve Suudi Arabistan\u2019\u0131n Filistin\u2019deki mandan\u0131n sona erdirilmesi ve Filistin\u2019in ba\u011f\u0131ms\u0131zl\u0131\u011f\u0131na dair teklifleri kabul g\u00f6rmedi.<br \/>-\u0130ngiltere, BM\u2019den Filistin \u00d6zel Komitesi (UNSCOP) olu\u015fturulmas\u0131n\u0131 ve konu ile ilgili rapor haz\u0131rlanmas\u0131n\u0131 istedi.<br \/>-Komite \u00e7\u00f6z\u00fcm i\u00e7in \u00c7o\u011funluk Plan\u0131 ve Az\u0131nl\u0131k Plan\u0131 olmak \u00fczere iki se\u00e7enek ortaya koydu .<\/p>\n<p><b style=\"background-color: #fcff01;\">\u00c7o\u011funluk Plan\u0131:<\/b><br \/>-Filistin; Yahudi ve Arap devleti olarak ekonomik ba\u011flarla birbirine ba\u011fl\u0131 iki devlet olacakt\u0131r. Kud\u00fcs ortak b\u00f6lge olarak uluslararas\u0131 g\u00fc\u00e7lerin kontrol\u00fcnde olacakt\u0131r.<\/p>\n<p><b style=\"background-color: #fcff01;\">Az\u0131nl\u0131k Plan\u0131:<\/b><br \/>-Kud\u00fcs merkezli Filistin Federal Devleti kurulacakt\u0131r. Genel Kurul, 29 Kas\u0131m 1947\u2019de yap\u0131lan oylamada Araplar\u0131n muhalefetine ra\u011fmen \u00c7o\u011funluk Plan\u0131 \u00f6nerisini kabul etti.<\/p>\n<p>-14 May\u0131s 1948\u2019de mandan\u0131n sona ermesi sonras\u0131 Ben Gurion (Ben Gurion) ba\u015fkanl\u0131\u011f\u0131nda \u0130srail Devleti kuruldu.<br \/>-Kurulan yeni devlet ABD, SSCB taraf\u0131ndan tan\u0131nd\u0131.<br \/>-B\u00f6ylece d\u00fcnya tarihinde ilk kez uluslararas\u0131 bir kurulu\u015f olan BM\u2019nin oylamas\u0131yla bir devlet kurulmu\u015f oldu.<br \/>-Filistinliler 15 May\u0131s\u2019\u0131 El Nakba (Felaket G\u00fcn\u00fc) olarak adland\u0131rd\u0131lar.<br \/>-\u0130srail\u2019in kurulu\u015fu, ya\u015fanacak Arap-\u0130srail sava\u015flar\u0131n\u0131n en \u00f6nemli sebebi oldu.<br \/>&#8211; Orta Do\u011fu\u2019da kurulan Arap devletleri \u0130srail Devleti\u2019ni tan\u0131mad\u0131lar.<br \/>-Araplarla \u0130srail aras\u0131nda ya\u015fanan \u00e7at\u0131\u015fmalardan ka\u00e7an bir milyon Filistinli, bir g\u00fcn geri d\u00f6nmek umuduyla kom\u015fu devletlere g\u00f6\u00e7 etmek zorunda kald\u0131.<br \/>-1955 sonras\u0131 M\u0131s\u0131r\u2019da Cemal Abdul Nas\u0131r\u2019\u0131n \u00f6nc\u00fcl\u00fc\u011f\u00fcnde yeniden geli\u015fen Arap milliyet\u00e7ili\u011fi So\u011fuk Sava\u015f D\u00f6nemi\u2019nde bloklar aras\u0131 bir sorun h\u00e2line gelmesine yol a\u00e7t\u0131.<br \/><span style=\"background-color: #fcff01;\"><\/p>\n<p><b><br \/>\n<ins\n     style=\"display:block; text-align:center;\"\n     data-ad-layout=\"in-article\"\n     data-ad-format=\"fluid\"\n     data-ad-client=\"ca-pub-8292832365502904\"\n     data-ad-slot=\"4993116891\"><\/ins><br \/>\nII. D\u00fcnya Sava\u015f\u0131\u2019n\u0131n Ekonomik Sonu\u00e7lar\u0131<\/b><\/span><\/p>\n<p>&#8211; Yakla\u015f\u0131k 50 milyon insan\u0131n \u00f6ld\u00fc\u011f\u00fc, 30 milyon insan\u0131n m\u00fclteci durumuna d\u00fc\u015ft\u00fc\u011f\u00fc II. D\u00fcnya Sava\u015f\u0131 ekonomik alanda da ciddi y\u0131k\u0131mlara neden oldu.<br \/>-\u00dclkeler aras\u0131nda ya\u015fanan blokla\u015fma ile bloklar\u0131n kendi i\u00e7lerinde d\u0131\u015fa kapal\u0131 bir ticarete y\u00f6nelmeleri uluslararas\u0131 ticarete olumsuz yans\u0131d\u0131.<br \/>-Sava\u015f \u00f6ncesinde s\u00fcper g\u00fc\u00e7 durumunda olan baz\u0131 devletler (Almanya, \u0130ngiltere, Fransa, Japonya), sava\u015f sonras\u0131nda orta b\u00fcy\u00fckl\u00fckte bir yap\u0131ya b\u00fcr\u00fcnd\u00fc.<br \/>-D\u00fcnyada ABD ve SSCB olmak \u00fczere iki s\u00fcper g\u00fc\u00e7 ortaya \u00e7\u0131kt\u0131.<br \/>&#8211; \u00dclkelerin sava\u015f \u00f6ncesindeki mill\u00ee gelirleri sava\u015f sonras\u0131nda 1\/3\u2019e, ihracat oranlar\u0131 1\/10\u2019a geriledi.<br \/>-Sava\u015fa kat\u0131lan \u00fclkelerin paralar\u0131 dolar kar\u015f\u0131s\u0131nda ortalama y\u00fcz kattan az olmamak \u00fczere de\u011fer kaybetti.<br \/>&#8211; Avrupa ekonomisi %50 k\u00fc\u00e7\u00fcl\u00fcrken ABD\u2019de %50 b\u00fcy\u00fcme meydana geldi.<br \/>-Sava\u015f sonras\u0131 ABD, \u00f6zellikle SSCB ve kom\u00fcnist rejimin d\u00fcnyada yay\u0131lmas\u0131n\u0131 engellemek i\u00e7in Truman ve Marshall planlar\u0131 ile T\u00fcrkiye\u2019nin de i\u00e7inde oldu\u011fu Avrupa k\u0131tas\u0131na ciddi boyutlarda ekonomik ve asker\u00ee yard\u0131mlarda bulundu.<br \/>-IMF, D\u00fcnya Bankas\u0131 gibi kurulu\u015flar ABD liderli\u011finde organize edildi.<\/p>\n<p><b style=\"background-color: #fcff01;\">IMF<\/b><br \/>&#8211; Yalta Konferans\u0131\u2019nda olu\u015fturulmak istenen bar\u0131\u015f ve g\u00fcven ortam\u0131n\u0131 ABD, SSCB ve \u0130ngiltere kendileri a\u00e7\u0131s\u0131ndan de\u011ferlendirdi.<br \/>&#8211; ABD, kurulacak olan uluslararas\u0131 kurulu\u015flarda aktif rol alarak bar\u0131\u015f ve g\u00fcven ortam\u0131n\u0131 olu\u015fturabilece\u011fine inan\u0131yordu.<br \/>-Bretton Woods\u2019da (Biret\u0131n Vuds) 44 \u00fclkenin kat\u0131l\u0131m\u0131yla liberal ekonomi ve serbest ticaret zeminine oturtulan Uluslararas\u0131 Yeniden Yap\u0131lanma ve Kalk\u0131nma Bankas\u0131 (D\u00fcnya Bankas\u0131) ve Uluslararas\u0131 Para Fonu (IMF) kurumlar\u0131<br \/>olu\u015fturuldu.<br \/>&#8211; Uluslararas\u0131 Yeniden Yap\u0131lanma ve Kalk\u0131nma Bankas\u0131 (D\u00fcnya Bankas\u0131): Uzun vadeli yat\u0131r\u0131m kredileri vermek suretiyle Avrupa devletlerinin yeniden imar\u0131n\u0131 sa\u011flamak ve \u00f6demelerdeki dengesizlikleri gidermek i\u00e7in kurulmu\u015ftur.<br \/>-Uluslararas\u0131 Para Fonu (IMF): Avrupa devletlerinde ortaya \u00e7\u0131kabilecek ge\u00e7ici \u00f6deme g\u00fc\u00e7l\u00fcklerinde kredi vererek uluslararas\u0131 ticaretin daralmas\u0131n\u0131 \u00f6nlemek amac\u0131yla Washington merkezli olarak 1945\u2019te resmen kurulmu\u015f<br \/>ve 1947\u2019de fiilen \u00e7al\u0131\u015fmaya ba\u015flam\u0131\u015ft\u0131r.<br \/>-IMF\u2019ye \u00fcye \u00fclkeler D\u00fcnya Bankas\u0131na da \u00fcye olmak zorundad\u0131r.<br \/>-2016 itibar\u0131yla 189 \u00fclkeden olu\u015fan birlik ile T\u00fcrkiye aras\u0131ndaki ili\u015fkiler 1961\u2019deki Stand-by (S\u0131tendbay) Anla\u015fmas\u0131 ile ba\u015flam\u0131\u015ft\u0131r.<br \/>-G\u00fcn\u00fcm\u00fczde IMF kendisine y\u00fckledi\u011fi misyon ile k\u00fcresel finansal d\u00fczeni takip etmek, borsa, d\u00f6viz kurlar\u0131, \u00f6deme planlar\u0131 gibi konularda denetim ve organizasyon yapmak, ayn\u0131 zamanda teknik ve finansal destek sa\u011flamak gibi<br \/>g\u00f6revleri bulunan uluslararas\u0131 bir organizasyona d\u00f6n\u00fc\u015fm\u00fc\u015ft\u00fcr<\/p>\n<p><\/span><\/div>\n<p><ins\n     style=\"display:block; text-align:center;\"\n     data-ad-layout=\"in-article\"\n     data-ad-format=\"fluid\"\n     data-ad-client=\"ca-pub-8292832365502904\"\n     data-ad-slot=\"4993116891\"><\/ins><\/p>\n","protected":false},"excerpt":{"rendered":"<div class=\"mh-excerpt\"><p>Tarih ders notlar\u0131, yks tarih ders notlar\u0131, ayt tarih ders notlar\u0131, tyt tarih ders notlar\u0131, tarih \u00f6zet, tarih 9 ders notlar\u0131, tarih 10 ders notlar\u0131, <a class=\"mh-excerpt-more\" href=\"https:\/\/tarihkursu.com\/index.php\/2020\/10\/23\/ii-dunya-savasinin-siyasi-ve-ekonomik-sonuclari\/\" title=\"II. D\u00dcNYA SAVA\u015eI\u2019NIN S\u0130YAS\u0130 VE EKONOM\u0130K SONU\u00c7LARI\">[&#8230;]<\/a><\/p>\n<\/div>","protected":false},"author":2,"featured_media":0,"comment_status":"open","ping_status":"open","sticky":false,"template":"","format":"standard","meta":{"_regular_price":[],"currency_symbol":[],"footnotes":""},"categories":[58,41],"tags":[],"class_list":["post-492","post","type-post","status-publish","format-standard","hentry","category-ders-notlari","category-tarih-ozet"],"post_slider_layout_featured_media_urls":{"thumbnail":"","post_slider_layout_landscape_large":"","post_slider_layout_portrait_large":"","post_slider_layout_square_large":"","post_slider_layout_landscape":"","post_slider_layout_portrait":"","post_slider_layout_square":"","full":""},"yoast_head":"<!-- This site is optimized with the Yoast SEO plugin v27.5 - https:\/\/yoast.com\/product\/yoast-seo-wordpress\/ -->\n<title>II. D\u00dcNYA SAVA\u015eI\u2019NIN S\u0130YAS\u0130 VE EKONOM\u0130K SONU\u00c7LARI - tarihkursu.com<\/title>\n<meta name=\"robots\" content=\"index, follow, max-snippet:-1, max-image-preview:large, max-video-preview:-1\" \/>\n<link rel=\"canonical\" href=\"https:\/\/tarihkursu.com\/index.php\/2020\/10\/23\/ii-dunya-savasinin-siyasi-ve-ekonomik-sonuclari\/\" \/>\n<meta property=\"og:locale\" content=\"tr_TR\" \/>\n<meta property=\"og:type\" content=\"article\" \/>\n<meta property=\"og:title\" content=\"II. D\u00dcNYA SAVA\u015eI\u2019NIN S\u0130YAS\u0130 VE EKONOM\u0130K SONU\u00c7LARI - tarihkursu.com\" \/>\n<meta property=\"og:description\" content=\"Tarih ders notlar\u0131, yks tarih ders notlar\u0131, ayt tarih ders notlar\u0131, tyt tarih ders notlar\u0131, tarih \u00f6zet, tarih 9 ders notlar\u0131, tarih 10 ders notlar\u0131, [...]\" \/>\n<meta property=\"og:url\" content=\"https:\/\/tarihkursu.com\/index.php\/2020\/10\/23\/ii-dunya-savasinin-siyasi-ve-ekonomik-sonuclari\/\" \/>\n<meta property=\"og:site_name\" content=\"tarihkursu.com\" \/>\n<meta property=\"article:published_time\" content=\"2020-10-23T11:09:00+00:00\" \/>\n<meta property=\"og:image\" content=\"https:\/\/blogger.googleusercontent.com\/img\/b\/R29vZ2xl\/AVvXsEhFup7NmNDUnKTO6u8P2BfW2rkq7i9t_yNYsoel-rT_gAv7Y7M_vGlEDfCXJHbSPKnKBOKHGQnWsQ89r1bti129so0Cwp9aIIM1gc6Kogkb1aLYVfYj9fTBjepdy9nTjP41VIxIEJZJ0oGF\/w409-h230\/DERS+NOTLARI+YEN%25C4%25B0.jpg\" \/>\n<meta name=\"author\" content=\"tarihkursu\" \/>\n<meta name=\"twitter:card\" content=\"summary_large_image\" \/>\n<meta name=\"twitter:label1\" content=\"Yazan:\" \/>\n\t<meta name=\"twitter:data1\" content=\"tarihkursu\" \/>\n\t<meta name=\"twitter:label2\" content=\"Tahmini okuma s\u00fcresi\" \/>\n\t<meta name=\"twitter:data2\" content=\"8 dakika\" \/>\n<script type=\"application\/ld+json\" class=\"yoast-schema-graph\">{\"@context\":\"https:\\\/\\\/schema.org\",\"@graph\":[{\"@type\":\"Article\",\"@id\":\"https:\\\/\\\/tarihkursu.com\\\/index.php\\\/2020\\\/10\\\/23\\\/ii-dunya-savasinin-siyasi-ve-ekonomik-sonuclari\\\/#article\",\"isPartOf\":{\"@id\":\"https:\\\/\\\/tarihkursu.com\\\/index.php\\\/2020\\\/10\\\/23\\\/ii-dunya-savasinin-siyasi-ve-ekonomik-sonuclari\\\/\"},\"author\":{\"name\":\"tarihkursu\",\"@id\":\"https:\\\/\\\/tarihkursu.com\\\/#\\\/schema\\\/person\\\/d0f9105e31352dbe9f08d098ffb8c878\"},\"headline\":\"II. D\u00dcNYA SAVA\u015eI\u2019NIN S\u0130YAS\u0130 VE EKONOM\u0130K SONU\u00c7LARI\",\"datePublished\":\"2020-10-23T11:09:00+00:00\",\"mainEntityOfPage\":{\"@id\":\"https:\\\/\\\/tarihkursu.com\\\/index.php\\\/2020\\\/10\\\/23\\\/ii-dunya-savasinin-siyasi-ve-ekonomik-sonuclari\\\/\"},\"wordCount\":1644,\"commentCount\":0,\"publisher\":{\"@id\":\"https:\\\/\\\/tarihkursu.com\\\/#\\\/schema\\\/person\\\/4d7bdc3b79e9f5198455474c0f203f3c\"},\"image\":{\"@id\":\"https:\\\/\\\/tarihkursu.com\\\/index.php\\\/2020\\\/10\\\/23\\\/ii-dunya-savasinin-siyasi-ve-ekonomik-sonuclari\\\/#primaryimage\"},\"thumbnailUrl\":\"https:\\\/\\\/blogger.googleusercontent.com\\\/img\\\/b\\\/R29vZ2xl\\\/AVvXsEhFup7NmNDUnKTO6u8P2BfW2rkq7i9t_yNYsoel-rT_gAv7Y7M_vGlEDfCXJHbSPKnKBOKHGQnWsQ89r1bti129so0Cwp9aIIM1gc6Kogkb1aLYVfYj9fTBjepdy9nTjP41VIxIEJZJ0oGF\\\/w409-h230\\\/DERS+NOTLARI+YEN%25C4%25B0.jpg\",\"articleSection\":[\"Ders Notlar\u0131\",\"TAR\u0130H \u00d6ZET\"],\"inLanguage\":\"tr\",\"potentialAction\":[{\"@type\":\"CommentAction\",\"name\":\"Comment\",\"target\":[\"https:\\\/\\\/tarihkursu.com\\\/index.php\\\/2020\\\/10\\\/23\\\/ii-dunya-savasinin-siyasi-ve-ekonomik-sonuclari\\\/#respond\"]}]},{\"@type\":\"WebPage\",\"@id\":\"https:\\\/\\\/tarihkursu.com\\\/index.php\\\/2020\\\/10\\\/23\\\/ii-dunya-savasinin-siyasi-ve-ekonomik-sonuclari\\\/\",\"url\":\"https:\\\/\\\/tarihkursu.com\\\/index.php\\\/2020\\\/10\\\/23\\\/ii-dunya-savasinin-siyasi-ve-ekonomik-sonuclari\\\/\",\"name\":\"II. D\u00dcNYA SAVA\u015eI\u2019NIN S\u0130YAS\u0130 VE EKONOM\u0130K SONU\u00c7LARI - tarihkursu.com\",\"isPartOf\":{\"@id\":\"https:\\\/\\\/tarihkursu.com\\\/#website\"},\"primaryImageOfPage\":{\"@id\":\"https:\\\/\\\/tarihkursu.com\\\/index.php\\\/2020\\\/10\\\/23\\\/ii-dunya-savasinin-siyasi-ve-ekonomik-sonuclari\\\/#primaryimage\"},\"image\":{\"@id\":\"https:\\\/\\\/tarihkursu.com\\\/index.php\\\/2020\\\/10\\\/23\\\/ii-dunya-savasinin-siyasi-ve-ekonomik-sonuclari\\\/#primaryimage\"},\"thumbnailUrl\":\"https:\\\/\\\/blogger.googleusercontent.com\\\/img\\\/b\\\/R29vZ2xl\\\/AVvXsEhFup7NmNDUnKTO6u8P2BfW2rkq7i9t_yNYsoel-rT_gAv7Y7M_vGlEDfCXJHbSPKnKBOKHGQnWsQ89r1bti129so0Cwp9aIIM1gc6Kogkb1aLYVfYj9fTBjepdy9nTjP41VIxIEJZJ0oGF\\\/w409-h230\\\/DERS+NOTLARI+YEN%25C4%25B0.jpg\",\"datePublished\":\"2020-10-23T11:09:00+00:00\",\"breadcrumb\":{\"@id\":\"https:\\\/\\\/tarihkursu.com\\\/index.php\\\/2020\\\/10\\\/23\\\/ii-dunya-savasinin-siyasi-ve-ekonomik-sonuclari\\\/#breadcrumb\"},\"inLanguage\":\"tr\",\"potentialAction\":[{\"@type\":\"ReadAction\",\"target\":[\"https:\\\/\\\/tarihkursu.com\\\/index.php\\\/2020\\\/10\\\/23\\\/ii-dunya-savasinin-siyasi-ve-ekonomik-sonuclari\\\/\"]}]},{\"@type\":\"ImageObject\",\"inLanguage\":\"tr\",\"@id\":\"https:\\\/\\\/tarihkursu.com\\\/index.php\\\/2020\\\/10\\\/23\\\/ii-dunya-savasinin-siyasi-ve-ekonomik-sonuclari\\\/#primaryimage\",\"url\":\"https:\\\/\\\/blogger.googleusercontent.com\\\/img\\\/b\\\/R29vZ2xl\\\/AVvXsEhFup7NmNDUnKTO6u8P2BfW2rkq7i9t_yNYsoel-rT_gAv7Y7M_vGlEDfCXJHbSPKnKBOKHGQnWsQ89r1bti129so0Cwp9aIIM1gc6Kogkb1aLYVfYj9fTBjepdy9nTjP41VIxIEJZJ0oGF\\\/w409-h230\\\/DERS+NOTLARI+YEN%25C4%25B0.jpg\",\"contentUrl\":\"https:\\\/\\\/blogger.googleusercontent.com\\\/img\\\/b\\\/R29vZ2xl\\\/AVvXsEhFup7NmNDUnKTO6u8P2BfW2rkq7i9t_yNYsoel-rT_gAv7Y7M_vGlEDfCXJHbSPKnKBOKHGQnWsQ89r1bti129so0Cwp9aIIM1gc6Kogkb1aLYVfYj9fTBjepdy9nTjP41VIxIEJZJ0oGF\\\/w409-h230\\\/DERS+NOTLARI+YEN%25C4%25B0.jpg\"},{\"@type\":\"BreadcrumbList\",\"@id\":\"https:\\\/\\\/tarihkursu.com\\\/index.php\\\/2020\\\/10\\\/23\\\/ii-dunya-savasinin-siyasi-ve-ekonomik-sonuclari\\\/#breadcrumb\",\"itemListElement\":[{\"@type\":\"ListItem\",\"position\":1,\"name\":\"Anasayfa\",\"item\":\"https:\\\/\\\/tarihkursu.com\\\/\"},{\"@type\":\"ListItem\",\"position\":2,\"name\":\"II. D\u00dcNYA SAVA\u015eI\u2019NIN S\u0130YAS\u0130 VE EKONOM\u0130K SONU\u00c7LARI\"}]},{\"@type\":\"WebSite\",\"@id\":\"https:\\\/\\\/tarihkursu.com\\\/#website\",\"url\":\"https:\\\/\\\/tarihkursu.com\\\/\",\"name\":\"Tarih Kursu\",\"description\":\"\u0130\u015fimiz G\u00fcc\u00fcm\u00fcz Tarih\",\"publisher\":{\"@id\":\"https:\\\/\\\/tarihkursu.com\\\/#\\\/schema\\\/person\\\/4d7bdc3b79e9f5198455474c0f203f3c\"},\"potentialAction\":[{\"@type\":\"SearchAction\",\"target\":{\"@type\":\"EntryPoint\",\"urlTemplate\":\"https:\\\/\\\/tarihkursu.com\\\/?s={search_term_string}\"},\"query-input\":{\"@type\":\"PropertyValueSpecification\",\"valueRequired\":true,\"valueName\":\"search_term_string\"}}],\"inLanguage\":\"tr\"},{\"@type\":[\"Person\",\"Organization\"],\"@id\":\"https:\\\/\\\/tarihkursu.com\\\/#\\\/schema\\\/person\\\/4d7bdc3b79e9f5198455474c0f203f3c\",\"name\":\"admin\",\"image\":{\"@type\":\"ImageObject\",\"inLanguage\":\"tr\",\"@id\":\"https:\\\/\\\/tarihkursu.com\\\/wp-content\\\/uploads\\\/2024\\\/10\\\/TARIHKURSU-Kopyasi.png\",\"url\":\"https:\\\/\\\/tarihkursu.com\\\/wp-content\\\/uploads\\\/2024\\\/10\\\/TARIHKURSU-Kopyasi.png\",\"contentUrl\":\"https:\\\/\\\/tarihkursu.com\\\/wp-content\\\/uploads\\\/2024\\\/10\\\/TARIHKURSU-Kopyasi.png\",\"width\":1080,\"height\":1080,\"caption\":\"admin\"},\"logo\":{\"@id\":\"https:\\\/\\\/tarihkursu.com\\\/wp-content\\\/uploads\\\/2024\\\/10\\\/TARIHKURSU-Kopyasi.png\"},\"sameAs\":[\"https:\\\/\\\/tarihkursu.com\"]},{\"@type\":\"Person\",\"@id\":\"https:\\\/\\\/tarihkursu.com\\\/#\\\/schema\\\/person\\\/d0f9105e31352dbe9f08d098ffb8c878\",\"name\":\"tarihkursu\",\"image\":{\"@type\":\"ImageObject\",\"inLanguage\":\"tr\",\"@id\":\"https:\\\/\\\/secure.gravatar.com\\\/avatar\\\/1354763acbc865faa7650c3e1e4431f187276d71f132349411302a546cdeae54?s=96&d=mm&r=g\",\"url\":\"https:\\\/\\\/secure.gravatar.com\\\/avatar\\\/1354763acbc865faa7650c3e1e4431f187276d71f132349411302a546cdeae54?s=96&d=mm&r=g\",\"contentUrl\":\"https:\\\/\\\/secure.gravatar.com\\\/avatar\\\/1354763acbc865faa7650c3e1e4431f187276d71f132349411302a546cdeae54?s=96&d=mm&r=g\",\"caption\":\"tarihkursu\"},\"url\":\"https:\\\/\\\/tarihkursu.com\\\/index.php\\\/author\\\/tarihkursu\\\/\"}]}<\/script>\n<!-- \/ Yoast SEO plugin. -->","yoast_head_json":{"title":"II. D\u00dcNYA SAVA\u015eI\u2019NIN S\u0130YAS\u0130 VE EKONOM\u0130K SONU\u00c7LARI - tarihkursu.com","robots":{"index":"index","follow":"follow","max-snippet":"max-snippet:-1","max-image-preview":"max-image-preview:large","max-video-preview":"max-video-preview:-1"},"canonical":"https:\/\/tarihkursu.com\/index.php\/2020\/10\/23\/ii-dunya-savasinin-siyasi-ve-ekonomik-sonuclari\/","og_locale":"tr_TR","og_type":"article","og_title":"II. D\u00dcNYA SAVA\u015eI\u2019NIN S\u0130YAS\u0130 VE EKONOM\u0130K SONU\u00c7LARI - tarihkursu.com","og_description":"Tarih ders notlar\u0131, yks tarih ders notlar\u0131, ayt tarih ders notlar\u0131, tyt tarih ders notlar\u0131, tarih \u00f6zet, tarih 9 ders notlar\u0131, tarih 10 ders notlar\u0131, [...]","og_url":"https:\/\/tarihkursu.com\/index.php\/2020\/10\/23\/ii-dunya-savasinin-siyasi-ve-ekonomik-sonuclari\/","og_site_name":"tarihkursu.com","article_published_time":"2020-10-23T11:09:00+00:00","og_image":[{"url":"https:\/\/blogger.googleusercontent.com\/img\/b\/R29vZ2xl\/AVvXsEhFup7NmNDUnKTO6u8P2BfW2rkq7i9t_yNYsoel-rT_gAv7Y7M_vGlEDfCXJHbSPKnKBOKHGQnWsQ89r1bti129so0Cwp9aIIM1gc6Kogkb1aLYVfYj9fTBjepdy9nTjP41VIxIEJZJ0oGF\/w409-h230\/DERS+NOTLARI+YEN%25C4%25B0.jpg","type":"","width":"","height":""}],"author":"tarihkursu","twitter_card":"summary_large_image","twitter_misc":{"Yazan:":"tarihkursu","Tahmini okuma s\u00fcresi":"8 dakika"},"schema":{"@context":"https:\/\/schema.org","@graph":[{"@type":"Article","@id":"https:\/\/tarihkursu.com\/index.php\/2020\/10\/23\/ii-dunya-savasinin-siyasi-ve-ekonomik-sonuclari\/#article","isPartOf":{"@id":"https:\/\/tarihkursu.com\/index.php\/2020\/10\/23\/ii-dunya-savasinin-siyasi-ve-ekonomik-sonuclari\/"},"author":{"name":"tarihkursu","@id":"https:\/\/tarihkursu.com\/#\/schema\/person\/d0f9105e31352dbe9f08d098ffb8c878"},"headline":"II. D\u00dcNYA SAVA\u015eI\u2019NIN S\u0130YAS\u0130 VE EKONOM\u0130K SONU\u00c7LARI","datePublished":"2020-10-23T11:09:00+00:00","mainEntityOfPage":{"@id":"https:\/\/tarihkursu.com\/index.php\/2020\/10\/23\/ii-dunya-savasinin-siyasi-ve-ekonomik-sonuclari\/"},"wordCount":1644,"commentCount":0,"publisher":{"@id":"https:\/\/tarihkursu.com\/#\/schema\/person\/4d7bdc3b79e9f5198455474c0f203f3c"},"image":{"@id":"https:\/\/tarihkursu.com\/index.php\/2020\/10\/23\/ii-dunya-savasinin-siyasi-ve-ekonomik-sonuclari\/#primaryimage"},"thumbnailUrl":"https:\/\/blogger.googleusercontent.com\/img\/b\/R29vZ2xl\/AVvXsEhFup7NmNDUnKTO6u8P2BfW2rkq7i9t_yNYsoel-rT_gAv7Y7M_vGlEDfCXJHbSPKnKBOKHGQnWsQ89r1bti129so0Cwp9aIIM1gc6Kogkb1aLYVfYj9fTBjepdy9nTjP41VIxIEJZJ0oGF\/w409-h230\/DERS+NOTLARI+YEN%25C4%25B0.jpg","articleSection":["Ders Notlar\u0131","TAR\u0130H \u00d6ZET"],"inLanguage":"tr","potentialAction":[{"@type":"CommentAction","name":"Comment","target":["https:\/\/tarihkursu.com\/index.php\/2020\/10\/23\/ii-dunya-savasinin-siyasi-ve-ekonomik-sonuclari\/#respond"]}]},{"@type":"WebPage","@id":"https:\/\/tarihkursu.com\/index.php\/2020\/10\/23\/ii-dunya-savasinin-siyasi-ve-ekonomik-sonuclari\/","url":"https:\/\/tarihkursu.com\/index.php\/2020\/10\/23\/ii-dunya-savasinin-siyasi-ve-ekonomik-sonuclari\/","name":"II. D\u00dcNYA SAVA\u015eI\u2019NIN S\u0130YAS\u0130 VE EKONOM\u0130K SONU\u00c7LARI - tarihkursu.com","isPartOf":{"@id":"https:\/\/tarihkursu.com\/#website"},"primaryImageOfPage":{"@id":"https:\/\/tarihkursu.com\/index.php\/2020\/10\/23\/ii-dunya-savasinin-siyasi-ve-ekonomik-sonuclari\/#primaryimage"},"image":{"@id":"https:\/\/tarihkursu.com\/index.php\/2020\/10\/23\/ii-dunya-savasinin-siyasi-ve-ekonomik-sonuclari\/#primaryimage"},"thumbnailUrl":"https:\/\/blogger.googleusercontent.com\/img\/b\/R29vZ2xl\/AVvXsEhFup7NmNDUnKTO6u8P2BfW2rkq7i9t_yNYsoel-rT_gAv7Y7M_vGlEDfCXJHbSPKnKBOKHGQnWsQ89r1bti129so0Cwp9aIIM1gc6Kogkb1aLYVfYj9fTBjepdy9nTjP41VIxIEJZJ0oGF\/w409-h230\/DERS+NOTLARI+YEN%25C4%25B0.jpg","datePublished":"2020-10-23T11:09:00+00:00","breadcrumb":{"@id":"https:\/\/tarihkursu.com\/index.php\/2020\/10\/23\/ii-dunya-savasinin-siyasi-ve-ekonomik-sonuclari\/#breadcrumb"},"inLanguage":"tr","potentialAction":[{"@type":"ReadAction","target":["https:\/\/tarihkursu.com\/index.php\/2020\/10\/23\/ii-dunya-savasinin-siyasi-ve-ekonomik-sonuclari\/"]}]},{"@type":"ImageObject","inLanguage":"tr","@id":"https:\/\/tarihkursu.com\/index.php\/2020\/10\/23\/ii-dunya-savasinin-siyasi-ve-ekonomik-sonuclari\/#primaryimage","url":"https:\/\/blogger.googleusercontent.com\/img\/b\/R29vZ2xl\/AVvXsEhFup7NmNDUnKTO6u8P2BfW2rkq7i9t_yNYsoel-rT_gAv7Y7M_vGlEDfCXJHbSPKnKBOKHGQnWsQ89r1bti129so0Cwp9aIIM1gc6Kogkb1aLYVfYj9fTBjepdy9nTjP41VIxIEJZJ0oGF\/w409-h230\/DERS+NOTLARI+YEN%25C4%25B0.jpg","contentUrl":"https:\/\/blogger.googleusercontent.com\/img\/b\/R29vZ2xl\/AVvXsEhFup7NmNDUnKTO6u8P2BfW2rkq7i9t_yNYsoel-rT_gAv7Y7M_vGlEDfCXJHbSPKnKBOKHGQnWsQ89r1bti129so0Cwp9aIIM1gc6Kogkb1aLYVfYj9fTBjepdy9nTjP41VIxIEJZJ0oGF\/w409-h230\/DERS+NOTLARI+YEN%25C4%25B0.jpg"},{"@type":"BreadcrumbList","@id":"https:\/\/tarihkursu.com\/index.php\/2020\/10\/23\/ii-dunya-savasinin-siyasi-ve-ekonomik-sonuclari\/#breadcrumb","itemListElement":[{"@type":"ListItem","position":1,"name":"Anasayfa","item":"https:\/\/tarihkursu.com\/"},{"@type":"ListItem","position":2,"name":"II. D\u00dcNYA SAVA\u015eI\u2019NIN S\u0130YAS\u0130 VE EKONOM\u0130K SONU\u00c7LARI"}]},{"@type":"WebSite","@id":"https:\/\/tarihkursu.com\/#website","url":"https:\/\/tarihkursu.com\/","name":"Tarih Kursu","description":"\u0130\u015fimiz G\u00fcc\u00fcm\u00fcz Tarih","publisher":{"@id":"https:\/\/tarihkursu.com\/#\/schema\/person\/4d7bdc3b79e9f5198455474c0f203f3c"},"potentialAction":[{"@type":"SearchAction","target":{"@type":"EntryPoint","urlTemplate":"https:\/\/tarihkursu.com\/?s={search_term_string}"},"query-input":{"@type":"PropertyValueSpecification","valueRequired":true,"valueName":"search_term_string"}}],"inLanguage":"tr"},{"@type":["Person","Organization"],"@id":"https:\/\/tarihkursu.com\/#\/schema\/person\/4d7bdc3b79e9f5198455474c0f203f3c","name":"admin","image":{"@type":"ImageObject","inLanguage":"tr","@id":"https:\/\/tarihkursu.com\/wp-content\/uploads\/2024\/10\/TARIHKURSU-Kopyasi.png","url":"https:\/\/tarihkursu.com\/wp-content\/uploads\/2024\/10\/TARIHKURSU-Kopyasi.png","contentUrl":"https:\/\/tarihkursu.com\/wp-content\/uploads\/2024\/10\/TARIHKURSU-Kopyasi.png","width":1080,"height":1080,"caption":"admin"},"logo":{"@id":"https:\/\/tarihkursu.com\/wp-content\/uploads\/2024\/10\/TARIHKURSU-Kopyasi.png"},"sameAs":["https:\/\/tarihkursu.com"]},{"@type":"Person","@id":"https:\/\/tarihkursu.com\/#\/schema\/person\/d0f9105e31352dbe9f08d098ffb8c878","name":"tarihkursu","image":{"@type":"ImageObject","inLanguage":"tr","@id":"https:\/\/secure.gravatar.com\/avatar\/1354763acbc865faa7650c3e1e4431f187276d71f132349411302a546cdeae54?s=96&d=mm&r=g","url":"https:\/\/secure.gravatar.com\/avatar\/1354763acbc865faa7650c3e1e4431f187276d71f132349411302a546cdeae54?s=96&d=mm&r=g","contentUrl":"https:\/\/secure.gravatar.com\/avatar\/1354763acbc865faa7650c3e1e4431f187276d71f132349411302a546cdeae54?s=96&d=mm&r=g","caption":"tarihkursu"},"url":"https:\/\/tarihkursu.com\/index.php\/author\/tarihkursu\/"}]}},"_links":{"self":[{"href":"https:\/\/tarihkursu.com\/index.php\/wp-json\/wp\/v2\/posts\/492","targetHints":{"allow":["GET"]}}],"collection":[{"href":"https:\/\/tarihkursu.com\/index.php\/wp-json\/wp\/v2\/posts"}],"about":[{"href":"https:\/\/tarihkursu.com\/index.php\/wp-json\/wp\/v2\/types\/post"}],"author":[{"embeddable":true,"href":"https:\/\/tarihkursu.com\/index.php\/wp-json\/wp\/v2\/users\/2"}],"replies":[{"embeddable":true,"href":"https:\/\/tarihkursu.com\/index.php\/wp-json\/wp\/v2\/comments?post=492"}],"version-history":[{"count":0,"href":"https:\/\/tarihkursu.com\/index.php\/wp-json\/wp\/v2\/posts\/492\/revisions"}],"wp:attachment":[{"href":"https:\/\/tarihkursu.com\/index.php\/wp-json\/wp\/v2\/media?parent=492"}],"wp:term":[{"taxonomy":"category","embeddable":true,"href":"https:\/\/tarihkursu.com\/index.php\/wp-json\/wp\/v2\/categories?post=492"},{"taxonomy":"post_tag","embeddable":true,"href":"https:\/\/tarihkursu.com\/index.php\/wp-json\/wp\/v2\/tags?post=492"}],"curies":[{"name":"wp","href":"https:\/\/api.w.org\/{rel}","templated":true}]}}