{"id":493,"date":"2020-10-23T11:13:00","date_gmt":"2020-10-23T08:13:00","guid":{"rendered":"https:\/\/tarihkursu.com\/index.php\/2020\/10\/23\/ii-dunya-savasi-sirasinda-yasanan-insan-haklari-ihlalleri\/"},"modified":"2020-10-23T11:13:00","modified_gmt":"2020-10-23T08:13:00","slug":"ii-dunya-savasi-sirasinda-yasanan-insan-haklari-ihlalleri","status":"publish","type":"post","link":"https:\/\/tarihkursu.com\/index.php\/2020\/10\/23\/ii-dunya-savasi-sirasinda-yasanan-insan-haklari-ihlalleri\/","title":{"rendered":"II. D\u00dcNYA SAVA\u015eI SIRASINDA YA\u015eANAN \u0130NSAN HAKLARI \u0130HLALLER\u0130"},"content":{"rendered":"<p><span style=\"font-size: large;\"><br \/><\/span><\/p>\n<div style=\"text-align: center;\"><a href=\"https:\/\/blogger.googleusercontent.com\/img\/b\/R29vZ2xl\/AVvXsEhFup7NmNDUnKTO6u8P2BfW2rkq7i9t_yNYsoel-rT_gAv7Y7M_vGlEDfCXJHbSPKnKBOKHGQnWsQ89r1bti129so0Cwp9aIIM1gc6Kogkb1aLYVfYj9fTBjepdy9nTjP41VIxIEJZJ0oGF\/s960\/DERS+NOTLARI+YEN%25C4%25B0.jpg\"><span style=\"font-size: large;\"><img decoding=\"async\" border=\"0\" src=\"https:\/\/blogger.googleusercontent.com\/img\/b\/R29vZ2xl\/AVvXsEhFup7NmNDUnKTO6u8P2BfW2rkq7i9t_yNYsoel-rT_gAv7Y7M_vGlEDfCXJHbSPKnKBOKHGQnWsQ89r1bti129so0Cwp9aIIM1gc6Kogkb1aLYVfYj9fTBjepdy9nTjP41VIxIEJZJ0oGF\/w398-h224\/DERS+NOTLARI+YEN%25C4%25B0.jpg\" \/><\/span><\/a><\/div>\n<p><span style=\"font-size: large;\"><br \/>Tarih ders notlar\u0131, yks tarih ders notlar\u0131, ayt tarih ders notlar\u0131, tyt tarih ders notlar\u0131, tarih \u00f6zet, tarih 9 ders notlar\u0131, tarih 10 ders notlar\u0131, tarih 11 ders notlar\u0131, ink\u0131lap tarihi ders notlar\u0131, \u00e7a\u011fda\u015f T\u00fcrk ve d\u00fcnya tarihi ders notlar\u0131, g\u00fcncel tarih ders notlar\u0131, \u00f6zet konu anlat\u0131m, k\u0131sa tarih, yeni kitaba g\u00f6re haz\u0131rlanm\u0131\u015f ders notlar\u0131, yeni m\u00fcfredat tarih , tarih pdf<\/p>\n<p><ins\n     style=\"display:block; text-align:center;\"\n     data-ad-layout=\"in-article\"\n     data-ad-format=\"fluid\"\n     data-ad-client=\"ca-pub-8292832365502904\"\n     data-ad-slot=\"4993116891\"><\/ins><br \/>\n2. \u00dcN\u0130TE II. D\u00dcNYA SAVA\u015eI<\/span><\/p>\n<div><span style=\"font-size: large;\"><br \/><b><span style=\"background-color: #fcff01;\">II. D\u00dcNYA SAVA\u015eI SIRASINDA YA\u015eANAN \u0130NSAN HAKLARI \u0130HLALLER\u0130<\/span><br \/><\/b><br \/><b style=\"background-color: #fcff01;\">Asya ve Avrupa\u2019da Ya\u015fanan \u0130nsan Haklar\u0131 \u0130hlalleri<\/b><br \/>&#8211; Nazi Almanyas\u0131 kendi \u00fclkesinde ve i\u015fgal etti\u011fi b\u00f6lgelerde insan haklar\u0131n\u0131 ihlal etmekten geri kalmam\u0131\u015ft\u0131r.<br \/>-Nazilerin Yahudilere kar\u015f\u0131 yapt\u0131\u011f\u0131 hak ihlalleri 1933\u2019te ba\u015flam\u0131\u015ft\u0131r.<br \/>-1935\u2019te \u00e7\u0131kar\u0131lan N\u00fcrnberg (N\u00fcnberg) Kanunlar\u0131 ile Yahudi ve Romanlara kar\u015f\u0131 a\u011f\u0131r vergilendirme, m\u00fcsadere, toplumdan d\u0131\u015flama gibi uygulamalar ba\u015flat\u0131lm\u0131\u015ft\u0131r.<br \/>-10- 13 Kas\u0131m 1938\u2019deki Kristal Gece eylemleri ile Yahudi kar\u015f\u0131tl\u0131\u011f\u0131 farkl\u0131 bir boyut kazanm\u0131\u015ft\u0131r. 1939\u2019dan itibaren Polonya\u2019n\u0131n Yahudi n\u00fcfusu tecrit edilerek gettolarda ya\u015famaya zorlanm\u0131\u015ft\u0131r.  <br \/>&#8211; Grossraum: (Alman halk\u0131n\u0131n mill\u00ee birlik i\u00e7inde ya\u015fayaca\u011f\u0131 b\u00fcy\u00fck alan Grossraum \u00fczerinde kurulmu\u015f Alman Devleti ) Merkezinde Almanya\u2019n\u0131n yer ald\u0131\u011f\u0131 Avrupa\u2019n\u0131n yeni d\u00fczeninde olu\u015fturulan ekonomik ve siyasi alanlard\u0131r.<br \/>&#8211; SSCB, 1944-45 y\u0131llar\u0131nda Alman i\u015fgalini sonland\u0131rmak bahanesi ile girdi\u011fi \u00fclkelerde (Macaristan, Romanya, Bulgaristan, \u00c7ekoslovakya ve Polonya) kendine muhalif olan gruplara kar\u015f\u0131 hi\u00e7bir insan hakk\u0131 ihlalinden \u00e7ekinmedi.<br \/>-SSCB, insan haklar\u0131 ihlallerini \u00fclkesindeki az\u0131nl\u0131klara da uygulad\u0131.<br \/>-1943\u2019te topyek\u00fbn s\u00fcrg\u00fcne g\u00f6nderilen Kara\u00e7aylar Kafkasya\u2019dan s\u00fcrg\u00fcn edilen ilk halk oldu.<br \/>-1944\u2019te insanl\u0131k d\u0131\u015f\u0131 hareketlerle 190 bin K\u0131r\u0131m Tatar\u0131 ve 115 bin Ah\u0131ska T\u00fcrk\u00fc Rusya\u2019n\u0131n farkl\u0131 b\u00f6lgelerine s\u00fcrg\u00fcn edildi.<br \/>ABD\u2019nin Hiro\u015fima ve Nagazaki\u2019ye att\u0131\u011f\u0131 atom bombas\u0131 neticesinde y\u00fcz binlerce masum insan \u00f6ld\u00fc. <br \/>Japonya\u2019n\u0131n Asya\u2019y\u0131 i\u015fgalinde de insan haklar\u0131 ihlalleri ya\u015fand\u0131.<br \/>&#8211;  Uzun vadede bar\u0131\u015f i\u00e7in at\u0131lmas\u0131 d\u00fc\u015f\u00fcn\u00fclen ad\u0131mlardan \u00f6nce sava\u015f s\u0131ras\u0131nda ya\u015fanan insan haklar\u0131 ihlalleri ve insanl\u0131k su\u00e7lar\u0131 i\u00e7in Almanya ve Japonya\u2019da mahkemeler kuruldu.<\/p>\n<p><b style=\"background-color: #fcff01;\"><br \/>\n<ins\n     style=\"display:block; text-align:center;\"\n     data-ad-layout=\"in-article\"\n     data-ad-format=\"fluid\"\n     data-ad-client=\"ca-pub-8292832365502904\"\n     data-ad-slot=\"4993116891\"><\/ins><br \/>\n\u0130nsan Haklar\u0131 Evrensel Beyannamesi<\/b><br \/>-II. D\u00fcnya Sava\u015f\u0131\u2019nda milyonlarca insana y\u00f6nelik insan hakk\u0131 ihlaline kar\u015f\u0131 ortaya konulan \u0130nsan Haklar\u0131 Evrensel Beyannamesi, temelinde bir\u00e7ok sebebi bar\u0131nd\u0131rmaktad\u0131r.<br \/>-K\u00fcresel sava\u015f, kazanan ya da kaybeden herkeste \u00e7ok derin yaralar a\u00e7t\u0131.<br \/>&#8211; ABD\u2019nin \u00f6nderli\u011finde 14 A\u011fustos 1941\u2019de Atlantik Bildirisi ilan edildi.<br \/>-Bu bildirinin temelinde h\u00fcrriyet ve demokrasi ruhu vard\u0131.<br \/>-Almanya\u2019ya kar\u015f\u0131 sava\u015fan 26 devletin imzas\u0131yla yay\u0131mlanan Birle\u015fmi\u015f Milletler Beyannamesi ile sava\u015f s\u0131ras\u0131nda ve sonras\u0131nda olu\u015fturulacak bar\u0131\u015f ortam\u0131 i\u00e7in ciddi ad\u0131mlar at\u0131ld\u0131.<br \/>1945\u2019te ABD\u2019nin San Francisco kentinde yap\u0131lan konferans ile 24 Ekim 1945\u2019te Birle\u015fmi\u015f Milletler Te\u015fkilat\u0131n\u0131 kuruldu.<br \/>-\u0130nsan Haklar\u0131 Evrensel Beyannamesi (\u0130HEB) 10 Aral\u0131k 1948\u2019de Birle\u015fmi\u015f Milletler Genel Kurulunda T\u00fcrkiye\u2019nin de i\u00e7inde bulundu\u011fu 48 \u00fclkenin evet oyu ile kabul edildi.<br \/>-Bu haklar\u0131n tamam\u0131ndan t\u00fcm \u00fclkelerde ya\u015fayan insanlar\u0131n yararlanmas\u0131 ilkesi benimsenmi\u015ftir. Ki\u015filerin insanca ya\u015famas\u0131 i\u00e7in, ekonomik ve sosyal bask\u0131lardan kurtulmalar\u0131 gerekti\u011fi vurgulanm\u0131\u015ft\u0131r.<br \/>\u0130HEB, fazlaca ba\u011flay\u0131c\u0131l\u0131\u011f\u0131 olmayan bir bildirgeydi.<br \/>-Y\u0131llar sonra &#8220;Ki\u015fisel ve Siyasal Haklara \u0130li\u015fkin Uluslararas\u0131<br \/>S\u00f6zle\u015fme&#8221; ile &#8220;Ekonomik, Sosyal ve K\u00fclt\u00fcrel Haklara \u0130li\u015fkin Uluslararas\u0131 S\u00f6zle\u015fme&#8221; de uluslarca imzaland\u0131.<br \/>-1976 y\u0131l\u0131nda 35 \u00fclkenin imzalamas\u0131yla \u0130HEB, hem ba\u011flay\u0131c\u0131 hem de y\u00fck\u00fcml\u00fcl\u00fck getiren bir i\u00e7erik kazanm\u0131\u015f oldu.<\/span><\/div>\n","protected":false},"excerpt":{"rendered":"<div class=\"mh-excerpt\"><p>Tarih ders notlar\u0131, yks tarih ders notlar\u0131, ayt tarih ders notlar\u0131, tyt tarih ders notlar\u0131, tarih \u00f6zet, tarih 9 ders notlar\u0131, tarih 10 ders notlar\u0131, <a class=\"mh-excerpt-more\" href=\"https:\/\/tarihkursu.com\/index.php\/2020\/10\/23\/ii-dunya-savasi-sirasinda-yasanan-insan-haklari-ihlalleri\/\" title=\"II. D\u00dcNYA SAVA\u015eI SIRASINDA YA\u015eANAN \u0130NSAN HAKLARI \u0130HLALLER\u0130\">[&#8230;]<\/a><\/p>\n<\/div>","protected":false},"author":2,"featured_media":0,"comment_status":"open","ping_status":"open","sticky":false,"template":"","format":"standard","meta":{"_regular_price":[],"currency_symbol":[],"footnotes":""},"categories":[58,41],"tags":[],"class_list":["post-493","post","type-post","status-publish","format-standard","hentry","category-ders-notlari","category-tarih-ozet"],"post_slider_layout_featured_media_urls":{"thumbnail":"","post_slider_layout_landscape_large":"","post_slider_layout_portrait_large":"","post_slider_layout_square_large":"","post_slider_layout_landscape":"","post_slider_layout_portrait":"","post_slider_layout_square":"","full":""},"yoast_head":"<!-- This site is optimized with the Yoast SEO plugin v27.5 - https:\/\/yoast.com\/product\/yoast-seo-wordpress\/ -->\n<title>II. D\u00dcNYA SAVA\u015eI SIRASINDA YA\u015eANAN \u0130NSAN HAKLARI \u0130HLALLER\u0130 - tarihkursu.com<\/title>\n<meta name=\"robots\" content=\"index, follow, max-snippet:-1, max-image-preview:large, max-video-preview:-1\" \/>\n<link rel=\"canonical\" href=\"https:\/\/tarihkursu.com\/index.php\/2020\/10\/23\/ii-dunya-savasi-sirasinda-yasanan-insan-haklari-ihlalleri\/\" \/>\n<meta property=\"og:locale\" content=\"tr_TR\" \/>\n<meta property=\"og:type\" content=\"article\" \/>\n<meta property=\"og:title\" content=\"II. D\u00dcNYA SAVA\u015eI SIRASINDA YA\u015eANAN \u0130NSAN HAKLARI \u0130HLALLER\u0130 - tarihkursu.com\" \/>\n<meta property=\"og:description\" content=\"Tarih ders notlar\u0131, yks tarih ders notlar\u0131, ayt tarih ders notlar\u0131, tyt tarih ders notlar\u0131, tarih \u00f6zet, tarih 9 ders notlar\u0131, tarih 10 ders notlar\u0131, [...]\" \/>\n<meta property=\"og:url\" content=\"https:\/\/tarihkursu.com\/index.php\/2020\/10\/23\/ii-dunya-savasi-sirasinda-yasanan-insan-haklari-ihlalleri\/\" \/>\n<meta property=\"og:site_name\" content=\"tarihkursu.com\" \/>\n<meta property=\"article:published_time\" content=\"2020-10-23T08:13:00+00:00\" \/>\n<meta property=\"og:image\" content=\"https:\/\/blogger.googleusercontent.com\/img\/b\/R29vZ2xl\/AVvXsEhFup7NmNDUnKTO6u8P2BfW2rkq7i9t_yNYsoel-rT_gAv7Y7M_vGlEDfCXJHbSPKnKBOKHGQnWsQ89r1bti129so0Cwp9aIIM1gc6Kogkb1aLYVfYj9fTBjepdy9nTjP41VIxIEJZJ0oGF\/w398-h224\/DERS+NOTLARI+YEN%25C4%25B0.jpg\" \/>\n<meta name=\"author\" content=\"tarihkursu\" \/>\n<meta name=\"twitter:card\" content=\"summary_large_image\" \/>\n<meta name=\"twitter:label1\" content=\"Yazan:\" \/>\n\t<meta name=\"twitter:data1\" content=\"tarihkursu\" \/>\n\t<meta name=\"twitter:label2\" content=\"Tahmini okuma s\u00fcresi\" \/>\n\t<meta name=\"twitter:data2\" content=\"3 dakika\" \/>\n<script type=\"application\/ld+json\" class=\"yoast-schema-graph\">{\"@context\":\"https:\\\/\\\/schema.org\",\"@graph\":[{\"@type\":\"Article\",\"@id\":\"https:\\\/\\\/tarihkursu.com\\\/index.php\\\/2020\\\/10\\\/23\\\/ii-dunya-savasi-sirasinda-yasanan-insan-haklari-ihlalleri\\\/#article\",\"isPartOf\":{\"@id\":\"https:\\\/\\\/tarihkursu.com\\\/index.php\\\/2020\\\/10\\\/23\\\/ii-dunya-savasi-sirasinda-yasanan-insan-haklari-ihlalleri\\\/\"},\"author\":{\"name\":\"tarihkursu\",\"@id\":\"https:\\\/\\\/tarihkursu.com\\\/#\\\/schema\\\/person\\\/d0f9105e31352dbe9f08d098ffb8c878\"},\"headline\":\"II. D\u00dcNYA SAVA\u015eI SIRASINDA YA\u015eANAN \u0130NSAN HAKLARI \u0130HLALLER\u0130\",\"datePublished\":\"2020-10-23T08:13:00+00:00\",\"mainEntityOfPage\":{\"@id\":\"https:\\\/\\\/tarihkursu.com\\\/index.php\\\/2020\\\/10\\\/23\\\/ii-dunya-savasi-sirasinda-yasanan-insan-haklari-ihlalleri\\\/\"},\"wordCount\":640,\"commentCount\":0,\"publisher\":{\"@id\":\"https:\\\/\\\/tarihkursu.com\\\/#\\\/schema\\\/person\\\/4d7bdc3b79e9f5198455474c0f203f3c\"},\"image\":{\"@id\":\"https:\\\/\\\/tarihkursu.com\\\/index.php\\\/2020\\\/10\\\/23\\\/ii-dunya-savasi-sirasinda-yasanan-insan-haklari-ihlalleri\\\/#primaryimage\"},\"thumbnailUrl\":\"https:\\\/\\\/blogger.googleusercontent.com\\\/img\\\/b\\\/R29vZ2xl\\\/AVvXsEhFup7NmNDUnKTO6u8P2BfW2rkq7i9t_yNYsoel-rT_gAv7Y7M_vGlEDfCXJHbSPKnKBOKHGQnWsQ89r1bti129so0Cwp9aIIM1gc6Kogkb1aLYVfYj9fTBjepdy9nTjP41VIxIEJZJ0oGF\\\/w398-h224\\\/DERS+NOTLARI+YEN%25C4%25B0.jpg\",\"articleSection\":[\"Ders Notlar\u0131\",\"TAR\u0130H \u00d6ZET\"],\"inLanguage\":\"tr\",\"potentialAction\":[{\"@type\":\"CommentAction\",\"name\":\"Comment\",\"target\":[\"https:\\\/\\\/tarihkursu.com\\\/index.php\\\/2020\\\/10\\\/23\\\/ii-dunya-savasi-sirasinda-yasanan-insan-haklari-ihlalleri\\\/#respond\"]}]},{\"@type\":\"WebPage\",\"@id\":\"https:\\\/\\\/tarihkursu.com\\\/index.php\\\/2020\\\/10\\\/23\\\/ii-dunya-savasi-sirasinda-yasanan-insan-haklari-ihlalleri\\\/\",\"url\":\"https:\\\/\\\/tarihkursu.com\\\/index.php\\\/2020\\\/10\\\/23\\\/ii-dunya-savasi-sirasinda-yasanan-insan-haklari-ihlalleri\\\/\",\"name\":\"II. D\u00dcNYA SAVA\u015eI SIRASINDA YA\u015eANAN \u0130NSAN HAKLARI \u0130HLALLER\u0130 - tarihkursu.com\",\"isPartOf\":{\"@id\":\"https:\\\/\\\/tarihkursu.com\\\/#website\"},\"primaryImageOfPage\":{\"@id\":\"https:\\\/\\\/tarihkursu.com\\\/index.php\\\/2020\\\/10\\\/23\\\/ii-dunya-savasi-sirasinda-yasanan-insan-haklari-ihlalleri\\\/#primaryimage\"},\"image\":{\"@id\":\"https:\\\/\\\/tarihkursu.com\\\/index.php\\\/2020\\\/10\\\/23\\\/ii-dunya-savasi-sirasinda-yasanan-insan-haklari-ihlalleri\\\/#primaryimage\"},\"thumbnailUrl\":\"https:\\\/\\\/blogger.googleusercontent.com\\\/img\\\/b\\\/R29vZ2xl\\\/AVvXsEhFup7NmNDUnKTO6u8P2BfW2rkq7i9t_yNYsoel-rT_gAv7Y7M_vGlEDfCXJHbSPKnKBOKHGQnWsQ89r1bti129so0Cwp9aIIM1gc6Kogkb1aLYVfYj9fTBjepdy9nTjP41VIxIEJZJ0oGF\\\/w398-h224\\\/DERS+NOTLARI+YEN%25C4%25B0.jpg\",\"datePublished\":\"2020-10-23T08:13:00+00:00\",\"breadcrumb\":{\"@id\":\"https:\\\/\\\/tarihkursu.com\\\/index.php\\\/2020\\\/10\\\/23\\\/ii-dunya-savasi-sirasinda-yasanan-insan-haklari-ihlalleri\\\/#breadcrumb\"},\"inLanguage\":\"tr\",\"potentialAction\":[{\"@type\":\"ReadAction\",\"target\":[\"https:\\\/\\\/tarihkursu.com\\\/index.php\\\/2020\\\/10\\\/23\\\/ii-dunya-savasi-sirasinda-yasanan-insan-haklari-ihlalleri\\\/\"]}]},{\"@type\":\"ImageObject\",\"inLanguage\":\"tr\",\"@id\":\"https:\\\/\\\/tarihkursu.com\\\/index.php\\\/2020\\\/10\\\/23\\\/ii-dunya-savasi-sirasinda-yasanan-insan-haklari-ihlalleri\\\/#primaryimage\",\"url\":\"https:\\\/\\\/blogger.googleusercontent.com\\\/img\\\/b\\\/R29vZ2xl\\\/AVvXsEhFup7NmNDUnKTO6u8P2BfW2rkq7i9t_yNYsoel-rT_gAv7Y7M_vGlEDfCXJHbSPKnKBOKHGQnWsQ89r1bti129so0Cwp9aIIM1gc6Kogkb1aLYVfYj9fTBjepdy9nTjP41VIxIEJZJ0oGF\\\/w398-h224\\\/DERS+NOTLARI+YEN%25C4%25B0.jpg\",\"contentUrl\":\"https:\\\/\\\/blogger.googleusercontent.com\\\/img\\\/b\\\/R29vZ2xl\\\/AVvXsEhFup7NmNDUnKTO6u8P2BfW2rkq7i9t_yNYsoel-rT_gAv7Y7M_vGlEDfCXJHbSPKnKBOKHGQnWsQ89r1bti129so0Cwp9aIIM1gc6Kogkb1aLYVfYj9fTBjepdy9nTjP41VIxIEJZJ0oGF\\\/w398-h224\\\/DERS+NOTLARI+YEN%25C4%25B0.jpg\"},{\"@type\":\"BreadcrumbList\",\"@id\":\"https:\\\/\\\/tarihkursu.com\\\/index.php\\\/2020\\\/10\\\/23\\\/ii-dunya-savasi-sirasinda-yasanan-insan-haklari-ihlalleri\\\/#breadcrumb\",\"itemListElement\":[{\"@type\":\"ListItem\",\"position\":1,\"name\":\"Anasayfa\",\"item\":\"https:\\\/\\\/tarihkursu.com\\\/\"},{\"@type\":\"ListItem\",\"position\":2,\"name\":\"II. D\u00dcNYA SAVA\u015eI SIRASINDA YA\u015eANAN \u0130NSAN HAKLARI \u0130HLALLER\u0130\"}]},{\"@type\":\"WebSite\",\"@id\":\"https:\\\/\\\/tarihkursu.com\\\/#website\",\"url\":\"https:\\\/\\\/tarihkursu.com\\\/\",\"name\":\"Tarih Kursu\",\"description\":\"\u0130\u015fimiz G\u00fcc\u00fcm\u00fcz Tarih\",\"publisher\":{\"@id\":\"https:\\\/\\\/tarihkursu.com\\\/#\\\/schema\\\/person\\\/4d7bdc3b79e9f5198455474c0f203f3c\"},\"potentialAction\":[{\"@type\":\"SearchAction\",\"target\":{\"@type\":\"EntryPoint\",\"urlTemplate\":\"https:\\\/\\\/tarihkursu.com\\\/?s={search_term_string}\"},\"query-input\":{\"@type\":\"PropertyValueSpecification\",\"valueRequired\":true,\"valueName\":\"search_term_string\"}}],\"inLanguage\":\"tr\"},{\"@type\":[\"Person\",\"Organization\"],\"@id\":\"https:\\\/\\\/tarihkursu.com\\\/#\\\/schema\\\/person\\\/4d7bdc3b79e9f5198455474c0f203f3c\",\"name\":\"admin\",\"image\":{\"@type\":\"ImageObject\",\"inLanguage\":\"tr\",\"@id\":\"https:\\\/\\\/tarihkursu.com\\\/wp-content\\\/uploads\\\/2024\\\/10\\\/TARIHKURSU-Kopyasi.png\",\"url\":\"https:\\\/\\\/tarihkursu.com\\\/wp-content\\\/uploads\\\/2024\\\/10\\\/TARIHKURSU-Kopyasi.png\",\"contentUrl\":\"https:\\\/\\\/tarihkursu.com\\\/wp-content\\\/uploads\\\/2024\\\/10\\\/TARIHKURSU-Kopyasi.png\",\"width\":1080,\"height\":1080,\"caption\":\"admin\"},\"logo\":{\"@id\":\"https:\\\/\\\/tarihkursu.com\\\/wp-content\\\/uploads\\\/2024\\\/10\\\/TARIHKURSU-Kopyasi.png\"},\"sameAs\":[\"https:\\\/\\\/tarihkursu.com\"]},{\"@type\":\"Person\",\"@id\":\"https:\\\/\\\/tarihkursu.com\\\/#\\\/schema\\\/person\\\/d0f9105e31352dbe9f08d098ffb8c878\",\"name\":\"tarihkursu\",\"image\":{\"@type\":\"ImageObject\",\"inLanguage\":\"tr\",\"@id\":\"https:\\\/\\\/secure.gravatar.com\\\/avatar\\\/1354763acbc865faa7650c3e1e4431f187276d71f132349411302a546cdeae54?s=96&d=mm&r=g\",\"url\":\"https:\\\/\\\/secure.gravatar.com\\\/avatar\\\/1354763acbc865faa7650c3e1e4431f187276d71f132349411302a546cdeae54?s=96&d=mm&r=g\",\"contentUrl\":\"https:\\\/\\\/secure.gravatar.com\\\/avatar\\\/1354763acbc865faa7650c3e1e4431f187276d71f132349411302a546cdeae54?s=96&d=mm&r=g\",\"caption\":\"tarihkursu\"},\"url\":\"https:\\\/\\\/tarihkursu.com\\\/index.php\\\/author\\\/tarihkursu\\\/\"}]}<\/script>\n<!-- \/ Yoast SEO plugin. -->","yoast_head_json":{"title":"II. D\u00dcNYA SAVA\u015eI SIRASINDA YA\u015eANAN \u0130NSAN HAKLARI \u0130HLALLER\u0130 - tarihkursu.com","robots":{"index":"index","follow":"follow","max-snippet":"max-snippet:-1","max-image-preview":"max-image-preview:large","max-video-preview":"max-video-preview:-1"},"canonical":"https:\/\/tarihkursu.com\/index.php\/2020\/10\/23\/ii-dunya-savasi-sirasinda-yasanan-insan-haklari-ihlalleri\/","og_locale":"tr_TR","og_type":"article","og_title":"II. D\u00dcNYA SAVA\u015eI SIRASINDA YA\u015eANAN \u0130NSAN HAKLARI \u0130HLALLER\u0130 - tarihkursu.com","og_description":"Tarih ders notlar\u0131, yks tarih ders notlar\u0131, ayt tarih ders notlar\u0131, tyt tarih ders notlar\u0131, tarih \u00f6zet, tarih 9 ders notlar\u0131, tarih 10 ders notlar\u0131, [...]","og_url":"https:\/\/tarihkursu.com\/index.php\/2020\/10\/23\/ii-dunya-savasi-sirasinda-yasanan-insan-haklari-ihlalleri\/","og_site_name":"tarihkursu.com","article_published_time":"2020-10-23T08:13:00+00:00","og_image":[{"url":"https:\/\/blogger.googleusercontent.com\/img\/b\/R29vZ2xl\/AVvXsEhFup7NmNDUnKTO6u8P2BfW2rkq7i9t_yNYsoel-rT_gAv7Y7M_vGlEDfCXJHbSPKnKBOKHGQnWsQ89r1bti129so0Cwp9aIIM1gc6Kogkb1aLYVfYj9fTBjepdy9nTjP41VIxIEJZJ0oGF\/w398-h224\/DERS+NOTLARI+YEN%25C4%25B0.jpg","type":"","width":"","height":""}],"author":"tarihkursu","twitter_card":"summary_large_image","twitter_misc":{"Yazan:":"tarihkursu","Tahmini okuma s\u00fcresi":"3 dakika"},"schema":{"@context":"https:\/\/schema.org","@graph":[{"@type":"Article","@id":"https:\/\/tarihkursu.com\/index.php\/2020\/10\/23\/ii-dunya-savasi-sirasinda-yasanan-insan-haklari-ihlalleri\/#article","isPartOf":{"@id":"https:\/\/tarihkursu.com\/index.php\/2020\/10\/23\/ii-dunya-savasi-sirasinda-yasanan-insan-haklari-ihlalleri\/"},"author":{"name":"tarihkursu","@id":"https:\/\/tarihkursu.com\/#\/schema\/person\/d0f9105e31352dbe9f08d098ffb8c878"},"headline":"II. D\u00dcNYA SAVA\u015eI SIRASINDA YA\u015eANAN \u0130NSAN HAKLARI \u0130HLALLER\u0130","datePublished":"2020-10-23T08:13:00+00:00","mainEntityOfPage":{"@id":"https:\/\/tarihkursu.com\/index.php\/2020\/10\/23\/ii-dunya-savasi-sirasinda-yasanan-insan-haklari-ihlalleri\/"},"wordCount":640,"commentCount":0,"publisher":{"@id":"https:\/\/tarihkursu.com\/#\/schema\/person\/4d7bdc3b79e9f5198455474c0f203f3c"},"image":{"@id":"https:\/\/tarihkursu.com\/index.php\/2020\/10\/23\/ii-dunya-savasi-sirasinda-yasanan-insan-haklari-ihlalleri\/#primaryimage"},"thumbnailUrl":"https:\/\/blogger.googleusercontent.com\/img\/b\/R29vZ2xl\/AVvXsEhFup7NmNDUnKTO6u8P2BfW2rkq7i9t_yNYsoel-rT_gAv7Y7M_vGlEDfCXJHbSPKnKBOKHGQnWsQ89r1bti129so0Cwp9aIIM1gc6Kogkb1aLYVfYj9fTBjepdy9nTjP41VIxIEJZJ0oGF\/w398-h224\/DERS+NOTLARI+YEN%25C4%25B0.jpg","articleSection":["Ders Notlar\u0131","TAR\u0130H \u00d6ZET"],"inLanguage":"tr","potentialAction":[{"@type":"CommentAction","name":"Comment","target":["https:\/\/tarihkursu.com\/index.php\/2020\/10\/23\/ii-dunya-savasi-sirasinda-yasanan-insan-haklari-ihlalleri\/#respond"]}]},{"@type":"WebPage","@id":"https:\/\/tarihkursu.com\/index.php\/2020\/10\/23\/ii-dunya-savasi-sirasinda-yasanan-insan-haklari-ihlalleri\/","url":"https:\/\/tarihkursu.com\/index.php\/2020\/10\/23\/ii-dunya-savasi-sirasinda-yasanan-insan-haklari-ihlalleri\/","name":"II. D\u00dcNYA SAVA\u015eI SIRASINDA YA\u015eANAN \u0130NSAN HAKLARI \u0130HLALLER\u0130 - tarihkursu.com","isPartOf":{"@id":"https:\/\/tarihkursu.com\/#website"},"primaryImageOfPage":{"@id":"https:\/\/tarihkursu.com\/index.php\/2020\/10\/23\/ii-dunya-savasi-sirasinda-yasanan-insan-haklari-ihlalleri\/#primaryimage"},"image":{"@id":"https:\/\/tarihkursu.com\/index.php\/2020\/10\/23\/ii-dunya-savasi-sirasinda-yasanan-insan-haklari-ihlalleri\/#primaryimage"},"thumbnailUrl":"https:\/\/blogger.googleusercontent.com\/img\/b\/R29vZ2xl\/AVvXsEhFup7NmNDUnKTO6u8P2BfW2rkq7i9t_yNYsoel-rT_gAv7Y7M_vGlEDfCXJHbSPKnKBOKHGQnWsQ89r1bti129so0Cwp9aIIM1gc6Kogkb1aLYVfYj9fTBjepdy9nTjP41VIxIEJZJ0oGF\/w398-h224\/DERS+NOTLARI+YEN%25C4%25B0.jpg","datePublished":"2020-10-23T08:13:00+00:00","breadcrumb":{"@id":"https:\/\/tarihkursu.com\/index.php\/2020\/10\/23\/ii-dunya-savasi-sirasinda-yasanan-insan-haklari-ihlalleri\/#breadcrumb"},"inLanguage":"tr","potentialAction":[{"@type":"ReadAction","target":["https:\/\/tarihkursu.com\/index.php\/2020\/10\/23\/ii-dunya-savasi-sirasinda-yasanan-insan-haklari-ihlalleri\/"]}]},{"@type":"ImageObject","inLanguage":"tr","@id":"https:\/\/tarihkursu.com\/index.php\/2020\/10\/23\/ii-dunya-savasi-sirasinda-yasanan-insan-haklari-ihlalleri\/#primaryimage","url":"https:\/\/blogger.googleusercontent.com\/img\/b\/R29vZ2xl\/AVvXsEhFup7NmNDUnKTO6u8P2BfW2rkq7i9t_yNYsoel-rT_gAv7Y7M_vGlEDfCXJHbSPKnKBOKHGQnWsQ89r1bti129so0Cwp9aIIM1gc6Kogkb1aLYVfYj9fTBjepdy9nTjP41VIxIEJZJ0oGF\/w398-h224\/DERS+NOTLARI+YEN%25C4%25B0.jpg","contentUrl":"https:\/\/blogger.googleusercontent.com\/img\/b\/R29vZ2xl\/AVvXsEhFup7NmNDUnKTO6u8P2BfW2rkq7i9t_yNYsoel-rT_gAv7Y7M_vGlEDfCXJHbSPKnKBOKHGQnWsQ89r1bti129so0Cwp9aIIM1gc6Kogkb1aLYVfYj9fTBjepdy9nTjP41VIxIEJZJ0oGF\/w398-h224\/DERS+NOTLARI+YEN%25C4%25B0.jpg"},{"@type":"BreadcrumbList","@id":"https:\/\/tarihkursu.com\/index.php\/2020\/10\/23\/ii-dunya-savasi-sirasinda-yasanan-insan-haklari-ihlalleri\/#breadcrumb","itemListElement":[{"@type":"ListItem","position":1,"name":"Anasayfa","item":"https:\/\/tarihkursu.com\/"},{"@type":"ListItem","position":2,"name":"II. D\u00dcNYA SAVA\u015eI SIRASINDA YA\u015eANAN \u0130NSAN HAKLARI \u0130HLALLER\u0130"}]},{"@type":"WebSite","@id":"https:\/\/tarihkursu.com\/#website","url":"https:\/\/tarihkursu.com\/","name":"Tarih Kursu","description":"\u0130\u015fimiz G\u00fcc\u00fcm\u00fcz Tarih","publisher":{"@id":"https:\/\/tarihkursu.com\/#\/schema\/person\/4d7bdc3b79e9f5198455474c0f203f3c"},"potentialAction":[{"@type":"SearchAction","target":{"@type":"EntryPoint","urlTemplate":"https:\/\/tarihkursu.com\/?s={search_term_string}"},"query-input":{"@type":"PropertyValueSpecification","valueRequired":true,"valueName":"search_term_string"}}],"inLanguage":"tr"},{"@type":["Person","Organization"],"@id":"https:\/\/tarihkursu.com\/#\/schema\/person\/4d7bdc3b79e9f5198455474c0f203f3c","name":"admin","image":{"@type":"ImageObject","inLanguage":"tr","@id":"https:\/\/tarihkursu.com\/wp-content\/uploads\/2024\/10\/TARIHKURSU-Kopyasi.png","url":"https:\/\/tarihkursu.com\/wp-content\/uploads\/2024\/10\/TARIHKURSU-Kopyasi.png","contentUrl":"https:\/\/tarihkursu.com\/wp-content\/uploads\/2024\/10\/TARIHKURSU-Kopyasi.png","width":1080,"height":1080,"caption":"admin"},"logo":{"@id":"https:\/\/tarihkursu.com\/wp-content\/uploads\/2024\/10\/TARIHKURSU-Kopyasi.png"},"sameAs":["https:\/\/tarihkursu.com"]},{"@type":"Person","@id":"https:\/\/tarihkursu.com\/#\/schema\/person\/d0f9105e31352dbe9f08d098ffb8c878","name":"tarihkursu","image":{"@type":"ImageObject","inLanguage":"tr","@id":"https:\/\/secure.gravatar.com\/avatar\/1354763acbc865faa7650c3e1e4431f187276d71f132349411302a546cdeae54?s=96&d=mm&r=g","url":"https:\/\/secure.gravatar.com\/avatar\/1354763acbc865faa7650c3e1e4431f187276d71f132349411302a546cdeae54?s=96&d=mm&r=g","contentUrl":"https:\/\/secure.gravatar.com\/avatar\/1354763acbc865faa7650c3e1e4431f187276d71f132349411302a546cdeae54?s=96&d=mm&r=g","caption":"tarihkursu"},"url":"https:\/\/tarihkursu.com\/index.php\/author\/tarihkursu\/"}]}},"_links":{"self":[{"href":"https:\/\/tarihkursu.com\/index.php\/wp-json\/wp\/v2\/posts\/493","targetHints":{"allow":["GET"]}}],"collection":[{"href":"https:\/\/tarihkursu.com\/index.php\/wp-json\/wp\/v2\/posts"}],"about":[{"href":"https:\/\/tarihkursu.com\/index.php\/wp-json\/wp\/v2\/types\/post"}],"author":[{"embeddable":true,"href":"https:\/\/tarihkursu.com\/index.php\/wp-json\/wp\/v2\/users\/2"}],"replies":[{"embeddable":true,"href":"https:\/\/tarihkursu.com\/index.php\/wp-json\/wp\/v2\/comments?post=493"}],"version-history":[{"count":0,"href":"https:\/\/tarihkursu.com\/index.php\/wp-json\/wp\/v2\/posts\/493\/revisions"}],"wp:attachment":[{"href":"https:\/\/tarihkursu.com\/index.php\/wp-json\/wp\/v2\/media?parent=493"}],"wp:term":[{"taxonomy":"category","embeddable":true,"href":"https:\/\/tarihkursu.com\/index.php\/wp-json\/wp\/v2\/categories?post=493"},{"taxonomy":"post_tag","embeddable":true,"href":"https:\/\/tarihkursu.com\/index.php\/wp-json\/wp\/v2\/tags?post=493"}],"curies":[{"name":"wp","href":"https:\/\/api.w.org\/{rel}","templated":true}]}}